{"id":19024,"date":"2023-02-24T14:20:50","date_gmt":"2023-02-24T13:20:50","guid":{"rendered":"https:\/\/www.cklcomunicaciones.es\/?p=19024"},"modified":"2025-01-29T19:35:57","modified_gmt":"2025-01-29T18:35:57","slug":"ckl-comunicaciones-coop-cumple-18-anos","status":"publish","type":"post","link":"https:\/\/cklcomunicaciones.es\/coop\/ckl-comunicaciones-coop-cumple-18-anos\/","title":{"rendered":"CKL Comunicaciones Coop\u00a0cumple 18 a\u00f1os\u00a0"},"content":{"rendered":"<div class=\"fusion-fullwidth fullwidth-box fusion-builder-row-1 fusion-flex-container nonhundred-percent-fullwidth non-hundred-percent-height-scrolling\" style=\"--awb-border-radius-top-left:0px;--awb-border-radius-top-right:0px;--awb-border-radius-bottom-right:0px;--awb-border-radius-bottom-left:0px;--awb-flex-wrap:wrap;\" ><div class=\"fusion-builder-row fusion-row fusion-flex-align-items-flex-start fusion-flex-content-wrap\" style=\"max-width:1248px;margin-left: calc(-4% \/ 2 );margin-right: calc(-4% \/ 2 );\"><div class=\"fusion-layout-column fusion_builder_column fusion-builder-column-0 fusion_builder_column_1_1 1_1 fusion-flex-column\" style=\"--awb-bg-size:cover;--awb-width-large:100%;--awb-margin-top-large:0px;--awb-spacing-right-large:1.92%;--awb-margin-bottom-large:0px;--awb-spacing-left-large:1.92%;--awb-width-medium:100%;--awb-spacing-right-medium:1.92%;--awb-spacing-left-medium:1.92%;--awb-width-small:100%;--awb-spacing-right-small:1.92%;--awb-spacing-left-small:1.92%;\"><div class=\"fusion-column-wrapper fusion-flex-justify-content-flex-start fusion-content-layout-column\"><div class=\"fusion-text fusion-text-1\"><div class=\"x11i5rnm xat24cr x1mh8g0r x1vvkbs xdj266r x126k92a\">\n<div dir=\"auto\">\u00a0<\/div>\n<div dir=\"auto\">En <span class=\"xt0psk2\">CKL Comunicaciones Coop<\/span> cumplimos 18 a\u00f1os y lo celebramos.<\/div>\n<div dir=\"auto\">\u00a1Muchas gracias por confiar en nuestro proyecto <a class=\"x1i10hfl xjbqb8w x6umtig x1b1mbwd xaqea5y xav7gou x9f619 x1ypdohk xt0psk2 xe8uvvx xdj266r x11i5rnm xat24cr x1mh8g0r xexx8yu x4uap5 x18d9i69 xkhd6sd x16tdsg8 x1hl2dhg xggy1nq x1a2a7pz xt0b8zv x1qq9wsj xo1l8bm\" tabindex=\"0\" role=\"link\" href=\"https:\/\/www.facebook.com\/hashtag\/coop?__eep__=6&amp;__cft__&#091;0&#093;=AZXg-CbnhFf_cWNHyIRuj6jQBwQiJ-X-3s8YYVf3ji_Tec_kICejFae6c9Li1MUWrmkypzVzAwO7NNEcUZYi08HrZXb-gQwSLNMYbJ3HOMEzA51tHSxc9eZ1mMVXFYpfOpwgOg6bvsBoSjVFEXUnk9IrAiZ7N_6DU0R_BWFDxathoPhTZR1pGLcuPvljq4dADLk&amp;__tn__=*NK-R\">#COOP<\/a>, por ayudarnos a crecer desde Andaluc\u00eda para el mundo y a ser felices con lo que hacemos!<\/div>\n<\/div>\n<div class=\"x11i5rnm xat24cr x1mh8g0r x1vvkbs xtlvy1s x126k92a\">\n<div dir=\"auto\">Ahora centradas en Europa, dedicadas a los proyectos europeos con el Plan de Recuperaci\u00f3n, Transformaci\u00f3n y Resiliencia, NextGenerationEU y mucho m\u00e1s\u2026<\/div>\n<div dir=\"auto\">\u00a0<\/div>\n<\/div>\n<p>Ver video :<\/p>\n<p>&nbsp;<\/p>\n<\/div><div class=\"fusion-video fusion-selfhosted-video\" style=\"align-self:center;max-width:50%;\"><div class=\"video-wrapper\" style=\"box-shadow:0px 0px ;;\"><video playsinline=\"true\" width=\"100%\" style=\"object-fit: cover;\" poster=\"https:\/\/cklcomunicaciones.es\/coop\/wp-content\/uploads\/2023\/02\/4.png\" preload=\"metadata\" controls=\"1\"><source src=\"https:\/\/cklcomunicaciones.es\/coop\/wp-content\/uploads\/2025\/01\/Video_CKL_18anos.mp4\" type=\"video\/mp4\">Sorry, your browser doesn&#039;t support embedded videos.<\/video><\/div><\/div><\/div><\/div><\/div><\/div>","protected":false},"excerpt":{"rendered":"","protected":false},"author":3,"featured_media":22329,"comment_status":"closed","ping_status":"closed","sticky":false,"template":"","format":"standard","meta":{"footnotes":""},"categories":[297],"tags":[103],"class_list":["post-19024","post","type-post","status-publish","format-standard","has-post-thumbnail","hentry","category-actualidad","tag-ckl"],"yoast_head":"<!-- This site is optimized with the Yoast SEO plugin v27.5 - https:\/\/yoast.com\/product\/yoast-seo-wordpress\/ -->\n<title>CKL Comunicaciones Coop\u00a0cumple 18 a\u00f1os\u00a0<\/title>\n<meta name=\"description\" content=\"En CKL Comunicaciones Coop\u00a0cumplimos 18 a\u00f1os\u00a0y lo celebramos.\" \/>\n<meta name=\"robots\" content=\"index, follow, max-snippet:-1, max-image-preview:large, max-video-preview:-1\" \/>\n<link rel=\"canonical\" href=\"https:\/\/cklcomunicaciones.es\/coop\/ckl-comunicaciones-coop-cumple-18-anos\/\" \/>\n<meta property=\"og:locale\" content=\"es_ES\" \/>\n<meta property=\"og:type\" content=\"article\" \/>\n<meta property=\"og:title\" content=\"CKL Comunicaciones Coop\u00a0cumple 18 a\u00f1os\u00a0\" \/>\n<meta property=\"og:description\" content=\"En CKL Comunicaciones Coop\u00a0cumplimos 18 a\u00f1os\u00a0y lo celebramos.\" \/>\n<meta property=\"og:url\" content=\"https:\/\/cklcomunicaciones.es\/coop\/ckl-comunicaciones-coop-cumple-18-anos\/\" \/>\n<meta property=\"og:site_name\" content=\"CKL Comunicaciones\" \/>\n<meta property=\"article:published_time\" content=\"2023-02-24T13:20:50+00:00\" \/>\n<meta property=\"article:modified_time\" content=\"2025-01-29T18:35:57+00:00\" \/>\n<meta property=\"og:image\" content=\"https:\/\/cklcomunicaciones.es\/coop\/wp-content\/uploads\/2023\/02\/4-1024x576.png\" \/>\n\t<meta property=\"og:image:width\" content=\"1024\" \/>\n\t<meta property=\"og:image:height\" content=\"576\" \/>\n\t<meta property=\"og:image:type\" content=\"image\/png\" \/>\n<meta name=\"author\" content=\"ckl\" \/>\n<meta name=\"twitter:card\" content=\"summary_large_image\" \/>\n<meta name=\"twitter:label1\" content=\"Escrito por\" \/>\n\t<meta name=\"twitter:data1\" content=\"ckl\" \/>\n\t<meta name=\"twitter:label2\" content=\"Tiempo de lectura\" \/>\n\t<meta name=\"twitter:data2\" content=\"1 minuto\" \/>\n<script type=\"application\/ld+json\" class=\"yoast-schema-graph\">{\"@context\":\"https:\\\/\\\/schema.org\",\"@graph\":[{\"@type\":\"Article\",\"@id\":\"https:\\\/\\\/cklcomunicaciones.es\\\/coop\\\/ckl-comunicaciones-coop-cumple-18-anos\\\/#article\",\"isPartOf\":{\"@id\":\"https:\\\/\\\/cklcomunicaciones.es\\\/coop\\\/ckl-comunicaciones-coop-cumple-18-anos\\\/\"},\"author\":{\"name\":\"ckl\",\"@id\":\"https:\\\/\\\/cklcomunicaciones.es\\\/coop\\\/#\\\/schema\\\/person\\\/929a6837f7626450bbb50cee1aef266e\"},\"headline\":\"CKL Comunicaciones Coop\u00a0cumple 18 a\u00f1os\u00a0\",\"datePublished\":\"2023-02-24T13:20:50+00:00\",\"dateModified\":\"2025-01-29T18:35:57+00:00\",\"mainEntityOfPage\":{\"@id\":\"https:\\\/\\\/cklcomunicaciones.es\\\/coop\\\/ckl-comunicaciones-coop-cumple-18-anos\\\/\"},\"wordCount\":455,\"image\":{\"@id\":\"https:\\\/\\\/cklcomunicaciones.es\\\/coop\\\/ckl-comunicaciones-coop-cumple-18-anos\\\/#primaryimage\"},\"thumbnailUrl\":\"https:\\\/\\\/cklcomunicaciones.es\\\/coop\\\/wp-content\\\/uploads\\\/2023\\\/02\\\/4.png\",\"keywords\":[\"CKL\"],\"articleSection\":[\"Actualidad\"],\"inLanguage\":\"es\"},{\"@type\":\"WebPage\",\"@id\":\"https:\\\/\\\/cklcomunicaciones.es\\\/coop\\\/ckl-comunicaciones-coop-cumple-18-anos\\\/\",\"url\":\"https:\\\/\\\/cklcomunicaciones.es\\\/coop\\\/ckl-comunicaciones-coop-cumple-18-anos\\\/\",\"name\":\"CKL Comunicaciones Coop\u00a0cumple 18 a\u00f1os\u00a0\",\"isPartOf\":{\"@id\":\"https:\\\/\\\/cklcomunicaciones.es\\\/coop\\\/#website\"},\"primaryImageOfPage\":{\"@id\":\"https:\\\/\\\/cklcomunicaciones.es\\\/coop\\\/ckl-comunicaciones-coop-cumple-18-anos\\\/#primaryimage\"},\"image\":{\"@id\":\"https:\\\/\\\/cklcomunicaciones.es\\\/coop\\\/ckl-comunicaciones-coop-cumple-18-anos\\\/#primaryimage\"},\"thumbnailUrl\":\"https:\\\/\\\/cklcomunicaciones.es\\\/coop\\\/wp-content\\\/uploads\\\/2023\\\/02\\\/4.png\",\"datePublished\":\"2023-02-24T13:20:50+00:00\",\"dateModified\":\"2025-01-29T18:35:57+00:00\",\"author\":{\"@id\":\"https:\\\/\\\/cklcomunicaciones.es\\\/coop\\\/#\\\/schema\\\/person\\\/929a6837f7626450bbb50cee1aef266e\"},\"description\":\"En CKL Comunicaciones Coop\u00a0cumplimos 18 a\u00f1os\u00a0y lo celebramos.\",\"breadcrumb\":{\"@id\":\"https:\\\/\\\/cklcomunicaciones.es\\\/coop\\\/ckl-comunicaciones-coop-cumple-18-anos\\\/#breadcrumb\"},\"inLanguage\":\"es\",\"potentialAction\":[{\"@type\":\"ReadAction\",\"target\":[\"https:\\\/\\\/cklcomunicaciones.es\\\/coop\\\/ckl-comunicaciones-coop-cumple-18-anos\\\/\"]}]},{\"@type\":\"ImageObject\",\"inLanguage\":\"es\",\"@id\":\"https:\\\/\\\/cklcomunicaciones.es\\\/coop\\\/ckl-comunicaciones-coop-cumple-18-anos\\\/#primaryimage\",\"url\":\"https:\\\/\\\/cklcomunicaciones.es\\\/coop\\\/wp-content\\\/uploads\\\/2023\\\/02\\\/4.png\",\"contentUrl\":\"https:\\\/\\\/cklcomunicaciones.es\\\/coop\\\/wp-content\\\/uploads\\\/2023\\\/02\\\/4.png\",\"width\":1920,\"height\":1080},{\"@type\":\"BreadcrumbList\",\"@id\":\"https:\\\/\\\/cklcomunicaciones.es\\\/coop\\\/ckl-comunicaciones-coop-cumple-18-anos\\\/#breadcrumb\",\"itemListElement\":[{\"@type\":\"ListItem\",\"position\":1,\"name\":\"Portada\",\"item\":\"https:\\\/\\\/cklcomunicaciones.es\\\/coop\\\/\"},{\"@type\":\"ListItem\",\"position\":2,\"name\":\"CKL Comunicaciones Coop\u00a0cumple 18 a\u00f1os\u00a0\"}]},{\"@type\":\"WebSite\",\"@id\":\"https:\\\/\\\/cklcomunicaciones.es\\\/coop\\\/#website\",\"url\":\"https:\\\/\\\/cklcomunicaciones.es\\\/coop\\\/\",\"name\":\"CKL Comunicaciones\",\"description\":\"Sitio web de CKL Comunicaciones coop , la consultora de comunicaci\u00f3n y estrategia\",\"potentialAction\":[{\"@type\":\"SearchAction\",\"target\":{\"@type\":\"EntryPoint\",\"urlTemplate\":\"https:\\\/\\\/cklcomunicaciones.es\\\/coop\\\/?s={search_term_string}\"},\"query-input\":{\"@type\":\"PropertyValueSpecification\",\"valueRequired\":true,\"valueName\":\"search_term_string\"}}],\"inLanguage\":\"es\"},{\"@type\":\"Person\",\"@id\":\"https:\\\/\\\/cklcomunicaciones.es\\\/coop\\\/#\\\/schema\\\/person\\\/929a6837f7626450bbb50cee1aef266e\",\"name\":\"ckl\",\"image\":{\"@type\":\"ImageObject\",\"inLanguage\":\"es\",\"@id\":\"https:\\\/\\\/secure.gravatar.com\\\/avatar\\\/c82db564e8a669bf6023357a157b9dc4780f4d4c618f2ad1d71a6a5dede45057?s=96&d=mm&r=g\",\"url\":\"https:\\\/\\\/secure.gravatar.com\\\/avatar\\\/c82db564e8a669bf6023357a157b9dc4780f4d4c618f2ad1d71a6a5dede45057?s=96&d=mm&r=g\",\"contentUrl\":\"https:\\\/\\\/secure.gravatar.com\\\/avatar\\\/c82db564e8a669bf6023357a157b9dc4780f4d4c618f2ad1d71a6a5dede45057?s=96&d=mm&r=g\",\"caption\":\"ckl\"},\"url\":\"https:\\\/\\\/cklcomunicaciones.es\\\/coop\\\/author\\\/cklcomunicaciones\\\/\"}]}<\/script>\n<!-- \/ Yoast SEO plugin. -->","yoast_head_json":{"title":"CKL Comunicaciones Coop\u00a0cumple 18 a\u00f1os\u00a0","description":"En CKL Comunicaciones Coop\u00a0cumplimos 18 a\u00f1os\u00a0y lo celebramos.","robots":{"index":"index","follow":"follow","max-snippet":"max-snippet:-1","max-image-preview":"max-image-preview:large","max-video-preview":"max-video-preview:-1"},"canonical":"https:\/\/cklcomunicaciones.es\/coop\/ckl-comunicaciones-coop-cumple-18-anos\/","og_locale":"es_ES","og_type":"article","og_title":"CKL Comunicaciones Coop\u00a0cumple 18 a\u00f1os\u00a0","og_description":"En CKL Comunicaciones Coop\u00a0cumplimos 18 a\u00f1os\u00a0y lo celebramos.","og_url":"https:\/\/cklcomunicaciones.es\/coop\/ckl-comunicaciones-coop-cumple-18-anos\/","og_site_name":"CKL Comunicaciones","article_published_time":"2023-02-24T13:20:50+00:00","article_modified_time":"2025-01-29T18:35:57+00:00","og_image":[{"width":1024,"height":576,"url":"https:\/\/cklcomunicaciones.es\/coop\/wp-content\/uploads\/2023\/02\/4-1024x576.png","type":"image\/png"}],"author":"ckl","twitter_card":"summary_large_image","twitter_misc":{"Escrito por":"ckl","Tiempo de lectura":"1 minuto"},"schema":{"@context":"https:\/\/schema.org","@graph":[{"@type":"Article","@id":"https:\/\/cklcomunicaciones.es\/coop\/ckl-comunicaciones-coop-cumple-18-anos\/#article","isPartOf":{"@id":"https:\/\/cklcomunicaciones.es\/coop\/ckl-comunicaciones-coop-cumple-18-anos\/"},"author":{"name":"ckl","@id":"https:\/\/cklcomunicaciones.es\/coop\/#\/schema\/person\/929a6837f7626450bbb50cee1aef266e"},"headline":"CKL Comunicaciones Coop\u00a0cumple 18 a\u00f1os\u00a0","datePublished":"2023-02-24T13:20:50+00:00","dateModified":"2025-01-29T18:35:57+00:00","mainEntityOfPage":{"@id":"https:\/\/cklcomunicaciones.es\/coop\/ckl-comunicaciones-coop-cumple-18-anos\/"},"wordCount":455,"image":{"@id":"https:\/\/cklcomunicaciones.es\/coop\/ckl-comunicaciones-coop-cumple-18-anos\/#primaryimage"},"thumbnailUrl":"https:\/\/cklcomunicaciones.es\/coop\/wp-content\/uploads\/2023\/02\/4.png","keywords":["CKL"],"articleSection":["Actualidad"],"inLanguage":"es"},{"@type":"WebPage","@id":"https:\/\/cklcomunicaciones.es\/coop\/ckl-comunicaciones-coop-cumple-18-anos\/","url":"https:\/\/cklcomunicaciones.es\/coop\/ckl-comunicaciones-coop-cumple-18-anos\/","name":"CKL Comunicaciones Coop\u00a0cumple 18 a\u00f1os\u00a0","isPartOf":{"@id":"https:\/\/cklcomunicaciones.es\/coop\/#website"},"primaryImageOfPage":{"@id":"https:\/\/cklcomunicaciones.es\/coop\/ckl-comunicaciones-coop-cumple-18-anos\/#primaryimage"},"image":{"@id":"https:\/\/cklcomunicaciones.es\/coop\/ckl-comunicaciones-coop-cumple-18-anos\/#primaryimage"},"thumbnailUrl":"https:\/\/cklcomunicaciones.es\/coop\/wp-content\/uploads\/2023\/02\/4.png","datePublished":"2023-02-24T13:20:50+00:00","dateModified":"2025-01-29T18:35:57+00:00","author":{"@id":"https:\/\/cklcomunicaciones.es\/coop\/#\/schema\/person\/929a6837f7626450bbb50cee1aef266e"},"description":"En CKL Comunicaciones Coop\u00a0cumplimos 18 a\u00f1os\u00a0y lo celebramos.","breadcrumb":{"@id":"https:\/\/cklcomunicaciones.es\/coop\/ckl-comunicaciones-coop-cumple-18-anos\/#breadcrumb"},"inLanguage":"es","potentialAction":[{"@type":"ReadAction","target":["https:\/\/cklcomunicaciones.es\/coop\/ckl-comunicaciones-coop-cumple-18-anos\/"]}]},{"@type":"ImageObject","inLanguage":"es","@id":"https:\/\/cklcomunicaciones.es\/coop\/ckl-comunicaciones-coop-cumple-18-anos\/#primaryimage","url":"https:\/\/cklcomunicaciones.es\/coop\/wp-content\/uploads\/2023\/02\/4.png","contentUrl":"https:\/\/cklcomunicaciones.es\/coop\/wp-content\/uploads\/2023\/02\/4.png","width":1920,"height":1080},{"@type":"BreadcrumbList","@id":"https:\/\/cklcomunicaciones.es\/coop\/ckl-comunicaciones-coop-cumple-18-anos\/#breadcrumb","itemListElement":[{"@type":"ListItem","position":1,"name":"Portada","item":"https:\/\/cklcomunicaciones.es\/coop\/"},{"@type":"ListItem","position":2,"name":"CKL Comunicaciones Coop\u00a0cumple 18 a\u00f1os\u00a0"}]},{"@type":"WebSite","@id":"https:\/\/cklcomunicaciones.es\/coop\/#website","url":"https:\/\/cklcomunicaciones.es\/coop\/","name":"CKL Comunicaciones","description":"Sitio web de CKL Comunicaciones coop , la consultora de comunicaci\u00f3n y estrategia","potentialAction":[{"@type":"SearchAction","target":{"@type":"EntryPoint","urlTemplate":"https:\/\/cklcomunicaciones.es\/coop\/?s={search_term_string}"},"query-input":{"@type":"PropertyValueSpecification","valueRequired":true,"valueName":"search_term_string"}}],"inLanguage":"es"},{"@type":"Person","@id":"https:\/\/cklcomunicaciones.es\/coop\/#\/schema\/person\/929a6837f7626450bbb50cee1aef266e","name":"ckl","image":{"@type":"ImageObject","inLanguage":"es","@id":"https:\/\/secure.gravatar.com\/avatar\/c82db564e8a669bf6023357a157b9dc4780f4d4c618f2ad1d71a6a5dede45057?s=96&d=mm&r=g","url":"https:\/\/secure.gravatar.com\/avatar\/c82db564e8a669bf6023357a157b9dc4780f4d4c618f2ad1d71a6a5dede45057?s=96&d=mm&r=g","contentUrl":"https:\/\/secure.gravatar.com\/avatar\/c82db564e8a669bf6023357a157b9dc4780f4d4c618f2ad1d71a6a5dede45057?s=96&d=mm&r=g","caption":"ckl"},"url":"https:\/\/cklcomunicaciones.es\/coop\/author\/cklcomunicaciones\/"}]}},"_links":{"self":[{"href":"https:\/\/cklcomunicaciones.es\/coop\/wp-json\/wp\/v2\/posts\/19024","targetHints":{"allow":["GET"]}}],"collection":[{"href":"https:\/\/cklcomunicaciones.es\/coop\/wp-json\/wp\/v2\/posts"}],"about":[{"href":"https:\/\/cklcomunicaciones.es\/coop\/wp-json\/wp\/v2\/types\/post"}],"author":[{"embeddable":true,"href":"https:\/\/cklcomunicaciones.es\/coop\/wp-json\/wp\/v2\/users\/3"}],"replies":[{"embeddable":true,"href":"https:\/\/cklcomunicaciones.es\/coop\/wp-json\/wp\/v2\/comments?post=19024"}],"version-history":[{"count":0,"href":"https:\/\/cklcomunicaciones.es\/coop\/wp-json\/wp\/v2\/posts\/19024\/revisions"}],"wp:featuredmedia":[{"embeddable":true,"href":"https:\/\/cklcomunicaciones.es\/coop\/wp-json\/wp\/v2\/media\/22329"}],"wp:attachment":[{"href":"https:\/\/cklcomunicaciones.es\/coop\/wp-json\/wp\/v2\/media?parent=19024"}],"wp:term":[{"taxonomy":"category","embeddable":true,"href":"https:\/\/cklcomunicaciones.es\/coop\/wp-json\/wp\/v2\/categories?post=19024"},{"taxonomy":"post_tag","embeddable":true,"href":"https:\/\/cklcomunicaciones.es\/coop\/wp-json\/wp\/v2\/tags?post=19024"}],"curies":[{"name":"wp","href":"https:\/\/api.w.org\/{rel}","templated":true}]}}