{"id":18884,"date":"2023-02-20T13:19:45","date_gmt":"2023-02-20T12:19:45","guid":{"rendered":"https:\/\/www.cklcomunicaciones.es\/?p=18884"},"modified":"2025-02-08T15:10:05","modified_gmt":"2025-02-08T14:10:05","slug":"noticias-info-ckl-no-2763-20-02-23","status":"publish","type":"post","link":"https:\/\/cklcomunicaciones.es\/coop\/noticias-info-ckl-no-2763-20-02-23\/","title":{"rendered":"Noticias Info CKL n\u00ba 2763-20\/02\/23"},"content":{"rendered":"<div class=\"fusion-fullwidth fullwidth-box fusion-builder-row-1 fusion-flex-container nonhundred-percent-fullwidth non-hundred-percent-height-scrolling\" style=\"--awb-border-radius-top-left:0px;--awb-border-radius-top-right:0px;--awb-border-radius-bottom-right:0px;--awb-border-radius-bottom-left:0px;--awb-flex-wrap:wrap;\" ><div class=\"fusion-builder-row fusion-row fusion-flex-align-items-flex-start fusion-flex-content-wrap\" style=\"max-width:1248px;margin-left: calc(-4% \/ 2 );margin-right: calc(-4% \/ 2 );\"><div class=\"fusion-layout-column fusion_builder_column fusion-builder-column-0 fusion_builder_column_1_1 1_1 fusion-flex-column\" style=\"--awb-bg-blend:overlay;--awb-bg-size:cover;--awb-width-large:100%;--awb-margin-top-large:0px;--awb-spacing-right-large:1.92%;--awb-margin-bottom-large:0px;--awb-spacing-left-large:1.92%;--awb-width-medium:100%;--awb-spacing-right-medium:1.92%;--awb-spacing-left-medium:1.92%;--awb-width-small:100%;--awb-spacing-right-small:1.92%;--awb-spacing-left-small:1.92%;\"><div class=\"fusion-column-wrapper fusion-flex-justify-content-flex-start fusion-content-layout-column\"><div class=\"fusion-text fusion-text-1\"><div id=\"\" class=\"lsow-panel lsow-active\">\n<h1 class=\"lsow-panel-title\">Convocatorias<\/h1>\n<div class=\"lsow-panel-content\">\n<ul>\n<li><a href=\"http:\/\/mujereslobby.org\/2023\/02\/16\/premios-ciudadanas-del-mundo\/\" target=\"_blank\" rel=\"noopener\" data-saferedirecturl=\"https:\/\/www.google.com\/url?q=http:\/\/mujereslobby.org\/2023\/02\/16\/premios-ciudadanas-del-mundo\/&amp;source=gmail&amp;ust=1676979892519000&amp;usg=AOvVaw0zPpccu9cCYjLb12NV53Up\">Premios \u2018Ciudadanas del Mundo\u2019<\/a>.\u00a0Organizaci\u00f3n de Mujeres \u2018Ciudadanas del Mundo\u2019 y Plataforma Andaluza de Apoyo al Lobby Europeo de Mujeres. Entrega 7 de marzo de 2023 a las 19:00 h. Propuestas de candidatas:\u00a0<a href=\"mailto:orgciudadanasmundo@gmail.com\" target=\"_blank\" rel=\"noopener\">orgciudadanasmundo@gmail.com<\/a>\u00a0(hasta el 23 de febrero a las 12:00 h.)<\/li>\n<li>Proyecto de formaci\u00f3n \u2018Formulando Feminismos\u2019 para profesionales del sector social y entidades sin \u00e1nimo de lucro que se planteen solicitar subvenciones.\u00a0Asociaci\u00f3n de Mujeres Feministas de Huelva. Del 13 de marzo a 23 de abril.\u00a0<a href=\"https:\/\/docs.google.com\/forms\/d\/e\/1FAIpQLSdzKx6myrIhKuXBJpydyVFGn3E-NOva0y-hToKthBAF6XGXjA\/viewform\" target=\"_blank\" rel=\"noopener\" data-saferedirecturl=\"https:\/\/www.google.com\/url?q=https:\/\/docs.google.com\/forms\/d\/e\/1FAIpQLSdzKx6myrIhKuXBJpydyVFGn3E-NOva0y-hToKthBAF6XGXjA\/viewform&amp;source=gmail&amp;ust=1676979892519000&amp;usg=AOvVaw1RtHCIwCYoPYhOgNQPXgaI\">Inscripciones<\/a>\u00a0(hasta el 12 de marzo)<\/li>\n<li><a href=\"https:\/\/la-sur.com\/producto\/seminario-online-gratuito-explotacion-sexual-infantil-y-adolescente\/\" target=\"_blank\" rel=\"noopener\" data-saferedirecturl=\"https:\/\/www.google.com\/url?q=https:\/\/la-sur.com\/producto\/seminario-online-gratuito-explotacion-sexual-infantil-y-adolescente\/&amp;source=gmail&amp;ust=1676979892519000&amp;usg=AOvVaw1_my9ucSHa6aCEpTxJiBXt\">Seminario \u2018Explotaci\u00f3n sexual infantil y adolescente. Factores de riesgo, modalidades y modos de captaci\u00f3n\u2019<\/a>. Feminicidio.net. 21 de febrero a las 18h.\u00a0<a href=\"https:\/\/us06web.zoom.us\/webinar\/register\/WN_JJzmvJayQPC_AxAe4wvuMQ\" target=\"_blank\" rel=\"noopener\" data-saferedirecturl=\"https:\/\/www.google.com\/url?q=https:\/\/us06web.zoom.us\/webinar\/register\/WN_JJzmvJayQPC_AxAe4wvuMQ&amp;source=gmail&amp;ust=1676979892519000&amp;usg=AOvVaw0b1GDtJXDOOrO5LTsX7VH6\">Inscripciones<\/a><\/li>\n<\/ul>\n<\/div>\n<\/div>\n<div id=\"\" class=\"lsow-panel lsow-active\">\n<h1 class=\"lsow-panel-title\">Comunicaci\u00f3n, Publicidad y TICs<\/h1>\n<div class=\"lsow-panel-content\">\n<div class=\"source biglogo set_top\">\n<div>\n<div class=\"source set_top\"><a class=\"title\" href=\"https:\/\/cronicavasca.elespanol.com\/igualdad\/podcast-papel-mujeres-en-medios-comunicacion_774032_102.html\" target=\"_blank\" rel=\"noopener\" data-artpy=\"0\" data-author=\"cronicavasca.elespanol\">Podcast | El papel de las mujeres en los medios de comunicaci\u00f3n-\u00a0<\/a>elespa\u00f1ol<\/div>\n<\/div>\n<div><a class=\"title\" href=\"https:\/\/www.eldiario.es\/sociedad\/lydia-cacho-si-diferentes-corrientes-feministas-no-conviven-adecuadamente-patriarcado-ganar_128_9938660.html\" target=\"_blank\" rel=\"noopener\" data-artpy=\"0\" data-author=\"eldiario.es\">Lydia Cacho: \u201cSi las diferentes corrientes feministas no conviven adecuadamente, el patriarcado va a ganar\u201d-\u00a0<\/a>eldiario<br \/>\n<a href=\"https:\/\/www.google.com\/url?rct=j&amp;sa=t&amp;url=https:\/\/www.elespanol.com\/mujer\/protagonistas\/20230216\/lydia-cacho-mundo-gay-supermachista-impregnado-patriarcado\/741176054_0.html&amp;ct=ga&amp;cd=CAEYACoUMTM4ODM4ODQxMDYzNDMzNjI5OTkyGWUyZGVmYTdkNWRhOTE1N2Q6ZXM6ZXM6RVM&amp;usg=AOvVaw0ixuMCxxS-7AnSLKMODwE9\" target=\"_blank\" rel=\"noopener\" data-saferedirecturl=\"https:\/\/www.google.com\/url?q=https:\/\/www.google.com\/url?rct%3Dj%26sa%3Dt%26url%3Dhttps:\/\/www.elespanol.com\/mujer\/protagonistas\/20230216\/lydia-cacho-mundo-gay-supermachista-impregnado-patriarcado\/741176054_0.html%26ct%3Dga%26cd%3DCAEYACoUMTM4ODM4ODQxMDYzNDMzNjI5OTkyGWUyZGVmYTdkNWRhOTE1N2Q6ZXM6ZXM6RVM%26usg%3DAOvVaw0ixuMCxxS-7AnSLKMODwE9&amp;source=gmail&amp;ust=1676705878319000&amp;usg=AOvVaw0vvXtBhuErmMl4kEeBlQ1S\">Lydia Cacho: \u00abEl mundo gay es supermachista y est\u00e1 impregnado de patriarcado\u00bb-\u00a0<\/a><a>El Espa\u00f1ol<\/a><\/div>\n<div><a class=\"title\" href=\"https:\/\/www.infobae.com\/leamos\/2023\/02\/20\/la-historia-de-las-mujeres-detras-de-los-diarios-de-galeazzo-ciano-en-hermanas-de-la-resistencia-de-tilar-j-mazzeo\/\" target=\"_blank\" rel=\"noopener\" data-artpy=\"0\" data-author=\"Infobae\">La historia de las mujeres detr\u00e1s de los diarios de Galeazzo Ciano en \u201cHermanas de la resistencia\u201d, de Tilar J. Mazzeo-\u00a0<\/a><a>infobae<\/a><\/div>\n<div><a class=\"title\" href=\"https:\/\/theconversation.com\/menores-en-las-redes-sociales-sexualizacion-o-empoderamiento-sexual-197814\" target=\"_blank\" rel=\"noopener\" data-artpy=\"0\" data-author=\"The Conversation\">Menores en las redes sociales: \u00bfsexualizaci\u00f3n o empoderamiento sexual?-\u00a0<\/a><a>theconversation<\/a><\/div>\n<\/div>\n<\/div>\n<\/div>\n<div id=\"\" class=\"lsow-panel lsow-active\">\n<h1 class=\"lsow-panel-title\">Andaluc\u00eda<\/h1>\n<div class=\"lsow-panel-content\">\n<div class=\"source set_top\">\n<div data-priority=\"2\" aria-hidden=\"true\">\n<p><strong>Institucional<br \/>\n<\/strong><a title=\"Loles L\u00f3pez destaca la apuesta por la empleabilidad de las personas con discapacidad\" href=\"https:\/\/www.juntadeandalucia.es\/presidencia\/portavoz\/social\/179829\/Personascondiscapacidad\/Empleo\/centroocupacionalJavierPena\/Almeria\/Andalucia\/JuntadeAndalucia\/GobiernodeAndalucia\/ConsejeriadeInclusionSocialJuventudFamiliaseIgualdad\">Loles L\u00f3pez destaca la apuesta por la empleabilidad de las personas con discapacidad<\/a>-juntadeandalucia<strong><br \/>\n<\/strong><a class=\"title\" href=\"https:\/\/www.diariocordoba.com\/andalucia\/2023\/02\/19\/maeztu-abre-queja-retrasos-analizar-83247397.html\" target=\"_blank\" rel=\"noopener\" data-artpy=\"0\" data-author=\"Diario C\u00f3rdoba\">Maeztu abre queja por los \u00abretrasos\u00bb en analizar el ADN-\u00a0<\/a>diariodecordoba<\/p>\n<p><strong>Econom\u00eda y Empresa<br \/>\n<\/strong><a class=\"title\" href=\"https:\/\/www.cope.es\/emisoras\/andalucia\/cordoba-provincia\/cordoba\/noticias\/capital-acoge-este-viernes-congreso-andaluz-empresarias-profesionales-20230216_2556686\" target=\"_blank\" rel=\"noopener\" data-artpy=\"0\" data-author=\"COPE\">Cordoba acoge este viernes el VI Congreso Andaluz de Empresarias y Profesionales-<\/a>cope<br \/>\n<a class=\"title\" href=\"https:\/\/www.diariodecadiz.es\/empresas-al-dia\/Proyecto-Edufinet-Unicaja-Banco-Fundacion_0_1766825015.html\" target=\"_blank\" rel=\"noopener\" data-artpy=\"0\" data-author=\"Diario de C\u00e1diz\">Las mujeres desempleadas, objetivo del Proyecto Edufinet de Unicaja Banco y la Fundaci\u00f3n Unicaja-\u00a0<\/a>diariodecadiz<br \/>\n<a class=\"title\" href=\"https:\/\/andaluciainformacion.es\/ronda\/1202979\/las-provincias-de-cadiz-y-huelva-lideran-la-brecha-salarial-por-sexo-en-andalucia\/\" target=\"_blank\" rel=\"noopener\" data-artpy=\"0\" data-author=\"Andaluc\u00eda Informaci\u00f3n\">Las provincias de C\u00e1diz y Huelva lideran la brecha salarial por sexo en Andaluc\u00eda-\u00a0<\/a>andaluciainformacion<br \/>\n<a class=\"title\" href=\"https:\/\/www.msn.com\/es-es\/noticias\/other\/transfiere-2023-re%C3%BAne-a-m%C3%A1s-de-4-300-visitantes-para-impulsar-la-innovaci%C3%B3n-y-conectar-ciencia-y-empresa\/ar-AA17Ckj2\" target=\"_blank\" rel=\"noopener\" data-artpy=\"0\" data-author=\"Europa Press on MSN\">Transfiere 2023 re\u00fane a m\u00e1s de 4.300 visitantes para impulsar la innovaci\u00f3n y conectar ciencia y empresa-\u00a0<\/a>europapress<br \/>\n<a title=\"Empleo dar\u00e1 formaci\u00f3n a m\u00e1s de 2.500 j\u00f3venes desempleados menores de 30 a\u00f1os en 2023\" href=\"https:\/\/www.juntadeandalucia.es\/presidencia\/portavoz\/economiayempleo\/179729\/ConsejeriadeEmpleo\/formacion\/jovenesdesempleados\/empleo\/curso\/especialidadesformativas\">Empleo dar\u00e1 formaci\u00f3n a m\u00e1s de 2.500 j\u00f3venes desempleados menores de 30 a\u00f1os en 2023<\/a>-juntadeandalucia<br \/>\n<a title=\"Casi ocho millones en ayudas para promover la I+D en astrof\u00edsica y f\u00edsica de altas energ\u00edas\" href=\"https:\/\/www.juntadeandalucia.es\/presidencia\/portavoz\/educacion\/179769\/JuntadeAndalucia\/ConsejeriadeUniversidadInnovacioneInnovacion\/ayudas\/astrofisica\/fisica\/altasenergias\/PlanComplementariodeAstrofisicayFisicadeAltasEnergias\">Casi ocho millones en ayudas para promover la I+D en astrof\u00edsica y f\u00edsica de altas energ\u00edas<\/a>-juntadeandalucia<\/p>\n<\/div>\n<\/div>\n<p><strong>Actualidad<br \/>\n<\/strong><a class=\"title\" href=\"https:\/\/www.eldiario.es\/andalucia\/lola-flores-david-bisbal-hijos-predilectos-andalucia-2023_1_9967661.html\" target=\"_blank\" rel=\"noopener\" data-artpy=\"0\" data-author=\"eldiario.es\">Lola Flores, hija predilecta de Andaluc\u00eda 2023-\u00a0<\/a>eldiario<strong><br \/>\n<\/strong><a href=\"https:\/\/www.google.com\/url?rct=j&amp;sa=t&amp;url=https:\/\/www.diariodesevilla.es\/andalucia\/mujeres-musulmanas-vetadas-mezquitas-andaluzas_0_1766523586.amp.html&amp;ct=ga&amp;cd=CAEYDioUMTA4MjEwODAyMDk3OTY5MTIwMTEyGWMwMzcyZWJjMmZlYWRhNTk6ZXM6ZXM6RVM&amp;usg=AOvVaw0R4TfZd2eZkTRzOcHiKh7W\" target=\"_blank\" rel=\"noopener\" data-saferedirecturl=\"https:\/\/www.google.com\/url?q=https:\/\/www.google.com\/url?rct%3Dj%26sa%3Dt%26url%3Dhttps:\/\/www.diariodesevilla.es\/andalucia\/mujeres-musulmanas-vetadas-mezquitas-andaluzas_0_1766523586.amp.html%26ct%3Dga%26cd%3DCAEYDioUMTA4MjEwODAyMDk3OTY5MTIwMTEyGWMwMzcyZWJjMmZlYWRhNTk6ZXM6ZXM6RVM%26usg%3DAOvVaw0R4TfZd2eZkTRzOcHiKh7W&amp;source=gmail&amp;ust=1676966573616000&amp;usg=AOvVaw01_cZDRhz_3v-mUDuLZ8JG\">Las mujeres musulmanas, vetadas en casi todas las mezquitas andaluzas &#8211;\u00a0<\/a><a>Diario de Sevilla<br \/>\n<\/a><a href=\"https:\/\/www.google.com\/url?rct=j&amp;sa=t&amp;url=https:\/\/www.enandaluz.es\/andalucia\/economia\/26531-mas-de-160-000-andaluces-han-solicitado-la-ayuda-de-200-euros\/&amp;ct=ga&amp;cd=CAEYAioUMTI2ODgxNjExODQ4OTY5ODY2NzQyGWQ3OGU1ODc1YTBmMWYyYWM6ZXM6ZXM6RVM&amp;usg=AOvVaw0qfMGtZWP8CxyrCCQ42Gie\" target=\"_blank\" rel=\"noopener\" data-saferedirecturl=\"https:\/\/www.google.com\/url?q=https:\/\/www.google.com\/url?rct%3Dj%26sa%3Dt%26url%3Dhttps:\/\/www.enandaluz.es\/andalucia\/economia\/26531-mas-de-160-000-andaluces-han-solicitado-la-ayuda-de-200-euros\/%26ct%3Dga%26cd%3DCAEYAioUMTI2ODgxNjExODQ4OTY5ODY2NzQyGWQ3OGU1ODc1YTBmMWYyYWM6ZXM6ZXM6RVM%26usg%3DAOvVaw0qfMGtZWP8CxyrCCQ42Gie&amp;source=gmail&amp;ust=1676705878372000&amp;usg=AOvVaw3E4oKvpCZ41682tjJ4iNX4\">M\u00e1s de 160.000 andaluces han solicitado la Ayuda de 200 euros &#8211;<\/a><a>enandaluz<br \/>\n<\/a><a href=\"https:\/\/www.google.com\/url?rct=j&amp;sa=t&amp;url=https:\/\/www.europapress.es\/esandalucia\/sevilla\/noticia-instituto-andalud-juventud-oferta-2023-cerca-40-cursos-modalidades-presencial-streaming-online-20230218105405.html&amp;ct=ga&amp;cd=CAEYBCoSNzU0ODQ2OTAxMDgyNDEzNzAxMhk1OWQ3ODE3MTM2YTJkMDI4OmVzOmVzOkVT&amp;usg=AOvVaw0carNkQ9-9AqFZ1OGdhZr5\" target=\"_blank\" rel=\"noopener\" data-saferedirecturl=\"https:\/\/www.google.com\/url?q=https:\/\/www.google.com\/url?rct%3Dj%26sa%3Dt%26url%3Dhttps:\/\/www.europapress.es\/esandalucia\/sevilla\/noticia-instituto-andalud-juventud-oferta-2023-cerca-40-cursos-modalidades-presencial-streaming-online-20230218105405.html%26ct%3Dga%26cd%3DCAEYBCoSNzU0ODQ2OTAxMDgyNDEzNzAxMhk1OWQ3ODE3MTM2YTJkMDI4OmVzOmVzOkVT%26usg%3DAOvVaw0carNkQ9-9AqFZ1OGdhZr5&amp;source=gmail&amp;ust=1676966601079000&amp;usg=AOvVaw0C75iK_88OoAHKvQjpeJqx\">El Instituto Andaluz de la Juventud oferta en 2023 cerca de 40 cursos con modalidades &#8230;-\u00a0<\/a><a>Europa Press<br \/>\n<\/a><a class=\"title\" href=\"https:\/\/en-clase.ideal.es\/2023\/02\/20\/rafael-bailon-ruiz-mujeres-inspiradoras-2\/\" target=\"_blank\" rel=\"noopener\" data-artpy=\"0\" data-author=\"ideal\">Rafael Bail\u00f3n Ruiz: \u00abMujeres inspiradoras, 2\u00bb-\u00a0<\/a><a>ideal<\/a><\/p>\n<p><strong>Violencias<br \/>\n<\/strong><a href=\"https:\/\/www.google.com\/url?rct=j&amp;sa=t&amp;url=https:\/\/www.europapress.es\/esandalucia\/sevilla\/noticia-andalucia-prepara-orden-subvenciones-faciliten-victimas-violencia-genero-contar-procuradores-20230219101948.html&amp;ct=ga&amp;cd=CAEYACoTNTYwOTk0MjU3MTUxNjA2MzM2OTIZNTlkNzgxNzEzNmEyZDAyODplczplczpFUw&amp;usg=AOvVaw1hsz48JIdAPSW5Iq5AcIVo\" target=\"_blank\" rel=\"noopener\" data-saferedirecturl=\"https:\/\/www.google.com\/url?q=https:\/\/www.google.com\/url?rct%3Dj%26sa%3Dt%26url%3Dhttps:\/\/www.europapress.es\/esandalucia\/sevilla\/noticia-andalucia-prepara-orden-subvenciones-faciliten-victimas-violencia-genero-contar-procuradores-20230219101948.html%26ct%3Dga%26cd%3DCAEYACoTNTYwOTk0MjU3MTUxNjA2MzM2OTIZNTlkNzgxNzEzNmEyZDAyODplczplczpFUw%26usg%3DAOvVaw1hsz48JIdAPSW5Iq5AcIVo&amp;source=gmail&amp;ust=1676966575859000&amp;usg=AOvVaw3QAJRmNG6mmOuRl8p2yKlc\">Andaluc\u00eda prepara una orden de subvenciones que faciliten a v\u00edctimas de violencia de g\u00e9nero contar con procuradores &#8230;-\u00a0<\/a><a>Europa Press<br \/>\n<\/a><a class=\"title\" href=\"https:\/\/www.eldiario.es\/andalucia\/sevilla\/aulas-vacias-alumnas-asustadas-vuelta-profesor-arte-dramatico-sevilla-denunciado-abusos-acoso_1_9961634.html\" target=\"_blank\" rel=\"noopener\" data-artpy=\"0\" data-author=\"eldiario.es\">Aulas vac\u00edas y alumnas \u201casustadas\u201d tras la vuelta de un profesor de Arte Dram\u00e1tico en Sevilla denunciado por abusos y acoso-\u00a0<\/a>eldiario<br \/>\n<a href=\"https:\/\/www.eldiario.es\/andalucia\/sevilla\/movimiento-feminista-manifiesta-sevilla-violencia-machista-no-contaran-silencio_1_9965495.html\">El movimiento feminista se manifiesta en Sevilla contra la violencia machista: \u201cNo contar\u00e1n con nuestro silencio\u201d<\/a>diariodesevilla<\/p>\n<p><strong>Ciencia y Cultura<br \/>\n<\/strong><a href=\"https:\/\/cadenaser.com\/andalucia\/2023\/02\/20\/una-mujer-al-frente-de-la-direccion-de-los-dolmenes-de-antequera-ser-malaga\/\">Carmen Mora Mond\u00e9jar al frente de la direcci\u00f3n del Conjunto Arqueol\u00f3gico los D\u00f3lmenes de Antequera &#8211;<\/a>cadenaser<br \/>\n<a class=\"title\" href=\"https:\/\/letralia.com\/noticias\/2023\/02\/19\/elvira-roca-barea-premio-primavera-2023\/\" target=\"_blank\" rel=\"noopener\" data-artpy=\"0\" data-author=\"Letralia\">La malague\u00f1a Elvira Roca Barea gana el Premio Primavera con una novela sobre las brujas de Zugarramurdi-<\/a>letralia<br \/>\n<a class=\"title\" href=\"https:\/\/www.telam.com.ar\/notas\/202302\/620511-murgas-mujeres-carnaval-sepamos-todas.html\" target=\"_blank\" rel=\"noopener\" data-artpy=\"0\" data-author=\"T\u00e9lam\">Murga y feminismos, un solo coraz\u00f3n-\u00a0<\/a>telam<br \/>\n<a href=\"https:\/\/elpais.com\/cultura\/2023-02-19\/vida-y-muerte-de-gata-cattana-la-rapera-cuyo-ejercito-sigue-expandiendo-su-legado.html\">Vida y muerte de Gata Cattana, la rapera que sigue expandiendo su legado tras morir a los 25 a\u00f1os<\/a>-elpais<br \/>\n<a class=\"title\" href=\"https:\/\/www.laopiniondemalaga.es\/cultura-espectaculos\/2023\/02\/19\/musica-teatro-documentales-22-24-83229643.html\" target=\"_blank\" rel=\"noopener\" data-artpy=\"0\" data-author=\"Deportes\">M\u00fasica, teatro y documentales del 22 al 24 de febrero en el MVA-\u00a0<\/a>laopiniondemalaga<br \/>\n<a class=\"title\" href=\"https:\/\/www.europapress.es\/andalucia\/noticia-equipo-liderado-ugr-iniciara-abril-tercera-campana-exhumaciones-barranco-viznar-granada-20230220124033.html\" target=\"_blank\" rel=\"noopener\" data-artpy=\"0\" data-author=\"Europa Press\">Un equipo liderado por la UGR iniciar\u00e1 en abril la tercera campa\u00f1a de exhumaciones en el barranco de V\u00edznar (Granada)-\u00a0<\/a>europapress<\/p>\n<div class=\"ni-info\">\n<p class=\"signature\"><strong>Deporte<br \/>\n<\/strong><a class=\"title\" href=\"https:\/\/www.diariosur.es\/deportes\/kajukenbo-agresiones-machistas-20230218200751-nt.html\" target=\"_blank\" rel=\"noopener\" data-artpy=\"0\" data-author=\"SUR\">Kajukenbo: KO t\u00e9cnico a las agresiones machistas-\u00a0<\/a>sur<br \/>\n<a class=\"title\" href=\"https:\/\/andaluciainformacion.es\/rota\/1203393\/el-costa-ballena-ocean-golf-club-acogio-el-match-hexagonal-femenino\/\" target=\"_blank\" rel=\"noopener\" data-artpy=\"0\" data-author=\"Andaluc\u00eda Informaci\u00f3n\">El Costa Ballena Ocean Golf Club acogi\u00f3 el Match Hexagonal femenino-\u00a0<\/a>andaluciainformacion<\/p>\n<\/div>\n<\/div>\n<\/div>\n<div id=\"\" class=\"lsow-panel lsow-active\">\n<h1 class=\"lsow-panel-title\">Estado<\/h1>\n<div class=\"lsow-panel-content\">\n<p><strong>Institucional<br \/>\n<\/strong><a class=\"title\" href=\"https:\/\/www.elperiodico.com\/es\/politica\/20230219\/isabel-rodriguez-bandera-igualdad-arrebata-83248721\" target=\"_blank\" rel=\"noopener\" data-artpy=\"0\" data-author=\"El Peri\u00f3dico\">Isabel Rodr\u00edguez: \u00abLa bandera de la igualdad no se arrebata, se comparte\u00bb-\u00a0<\/a>elperiodico<strong><br \/>\n<\/strong><a href=\"https:\/\/www.google.com\/url?rct=j&amp;sa=t&amp;url=https:\/\/www.lavanguardia.com\/vida\/20230217\/8765687\/mision-europarlamentaria-aterrizara-madrid-pleno-pulso-ley.html&amp;ct=ga&amp;cd=CAEYACoTMjI0OTA4NTA5NTQyMTg5NDI1NzIZMWZhYTM2NGQzZDExMjIxYjplczplczpFUw&amp;usg=AOvVaw2RRAz-ilrs9X80wjJxuHH3\" target=\"_blank\" rel=\"noopener\" data-saferedirecturl=\"https:\/\/www.google.com\/url?q=https:\/\/www.google.com\/url?rct%3Dj%26sa%3Dt%26url%3Dhttps:\/\/www.lavanguardia.com\/vida\/20230217\/8765687\/mision-europarlamentaria-aterrizara-madrid-pleno-pulso-ley.html%26ct%3Dga%26cd%3DCAEYACoTMjI0OTA4NTA5NTQyMTg5NDI1NzIZMWZhYTM2NGQzZDExMjIxYjplczplczpFUw%26usg%3DAOvVaw2RRAz-ilrs9X80wjJxuHH3&amp;source=gmail&amp;ust=1676966575747000&amp;usg=AOvVaw25PnnyU6q82DokR8Rcxp_d\">Otra misi\u00f3n europarlamentaria aterrizar\u00e1 en Madrid en pleno pulso por la ley del &#8216;solo s\u00ed es s\u00ed&#8217;-\u00a0<\/a><a>La Vanguardia<br \/>\n<\/a><a class=\"title\" href=\"https:\/\/www.msn.com\/es-es\/noticias\/espana\/el-s%C3%AD-es-s%C3%AD-y-el-posible-desbloqueo-de-vivienda-marcan-el-%C3%BAltimo-tir%C3%B3n-legislativo-del-gobierno\/ar-AA17GRwj\" target=\"_blank\" rel=\"noopener\" data-artpy=\"0\" data-author=\"El Independiente on MSN\">El &#8216;s\u00ed es s\u00ed&#8217; y el posible desbloqueo de vivienda marcan el \u00faltimo tir\u00f3n legislativo del Gobierno-\u00a0<\/a><a>elindependiente<\/a><\/p>\n<p><strong>Institucional \u2013 CCAA<br \/>\n<\/strong><a class=\"title\" href=\"https:\/\/www.msn.com\/es-es\/dinero\/formacion-empleo\/estas-son-las-comunidades-con-m%C3%A1s-beneficiarios-del-ingreso-m%C3%ADnimo-vital\/ar-AA17HrWh\" target=\"_blank\" rel=\"noopener\" data-artpy=\"0\" data-author=\"20 minutos on MSN\">Estas son las comunidades con m\u00e1s beneficiarios del ingreso m\u00ednimo vital-<\/a>20minutos<strong><br \/>\n<\/strong><a class=\"title\" href=\"https:\/\/www.elperiodico.com\/es\/consorci-zona-franca\/20230217\/barcelona-woman-acceleration-week-volvera-82965564\" target=\"_blank\" rel=\"noopener\" data-artpy=\"0\" data-author=\"El Peri\u00f3dico\">La Barcelona Woman Acceleration Week volver\u00e1 a impulsar el papel de la mujer en la nueva econom\u00eda-\u00a0<\/a>elperiodico<br \/>\n<a href=\"https:\/\/www.google.com\/url?rct=j&amp;sa=t&amp;url=https:\/\/elpais.com\/sociedad\/2023-02-19\/asi-funciona-un-centro-de-crisis-para-victimas-de-violencia-sexual-desde-el-primer-minuto-y-hasta-el-final-del-tunel.html&amp;ct=ga&amp;cd=CAEYACoTOTk1MzIyNDMxMTM2NjM4NjkyNjIZZTJkZWZhN2Q1ZGE5MTU3ZDplczplczpFUw&amp;usg=AOvVaw2ri4-J6cA_8UXsocnas1fs\" target=\"_blank\" rel=\"noopener\" data-saferedirecturl=\"https:\/\/www.google.com\/url?q=https:\/\/www.google.com\/url?rct%3Dj%26sa%3Dt%26url%3Dhttps:\/\/elpais.com\/sociedad\/2023-02-19\/asi-funciona-un-centro-de-crisis-para-victimas-de-violencia-sexual-desde-el-primer-minuto-y-hasta-el-final-del-tunel.html%26ct%3Dga%26cd%3DCAEYACoTOTk1MzIyNDMxMTM2NjM4NjkyNjIZZTJkZWZhN2Q1ZGE5MTU3ZDplczplczpFUw%26usg%3DAOvVaw2ri4-J6cA_8UXsocnas1fs&amp;source=gmail&amp;ust=1676966576703000&amp;usg=AOvVaw06spl4sNP3rZm3lgKroqZ3\">As\u00ed funciona un centro de crisis para v\u00edctimas de\u00a0violencia sexual &#8211;<\/a><a>El Pa\u00eds<br \/>\n<\/a><a class=\"title\" href=\"https:\/\/www.msn.com\/es-es\/noticias\/other\/laura-vilagr%C3%A0-quien-no-apoye-los-presupuestos-con-m%C3%A1s-respaldo-en-22-a%C3%B1os-ser%C3%A1-quien-tenga-que-dar-explicaciones\/ar-AA17Hg3u\" target=\"_blank\" rel=\"noopener\" data-artpy=\"0\" data-author=\"20 minutos on MSN\">Laura Vilagr\u00e0, Consejera de Presidencia de la Generalitat: \u00abQuien no apoye los Presupuestos con m\u00e1s respaldo en 22 a\u00f1os ser\u00e1 quien tenga que dar explicaciones\u00bb-\u00a0<\/a>20minutos<br \/>\n<a class=\"title\" href=\"https:\/\/www.eldiario.es\/canariasahora\/sociedad\/canarias-prepara-8m-reivindica-feminismo-fronteras-igualdad-no-hay-futuro_1_9966864.html\" target=\"_blank\" rel=\"noopener\" data-artpy=\"0\" data-author=\"eldiario.es\">Canarias se prepara para el 8M y reivindica un \u201cfeminismo sin fronteras\u201d porque \u201csin igualdad, no hay futuro\u201d-\u00a0<\/a>eldiario<\/p>\n<p><strong>Econom\u00eda y Empresa<br \/>\n<\/strong><a href=\"https:\/\/www.google.com\/url?rct=j&amp;sa=t&amp;url=https:\/\/www.elespanol.com\/mujer\/lastop100\/20230218\/mejores-momentos-anteriores-ediciones-top-contados-fundadora\/741675861_0.html&amp;ct=ga&amp;cd=CAEYCSoTNTM4NTcxNjkwMzI0NTgwOTg3OTIZYzAzNzJlYmMyZmVhZGE1OTplczplczpFUw&amp;usg=AOvVaw0lLzLoO0BAfOtNPtVXKaRm\" target=\"_blank\" rel=\"noopener\" data-saferedirecturl=\"https:\/\/www.google.com\/url?q=https:\/\/www.google.com\/url?rct%3Dj%26sa%3Dt%26url%3Dhttps:\/\/www.elespanol.com\/mujer\/lastop100\/20230218\/mejores-momentos-anteriores-ediciones-top-contados-fundadora\/741675861_0.html%26ct%3Dga%26cd%3DCAEYCSoTNTM4NTcxNjkwMzI0NTgwOTg3OTIZYzAzNzJlYmMyZmVhZGE1OTplczplczpFUw%26usg%3DAOvVaw0lLzLoO0BAfOtNPtVXKaRm&amp;source=gmail&amp;ust=1676966573468000&amp;usg=AOvVaw3YQ_WzsT4gnbYJRBundZIQ\">Los mejores momentos de anteriores ediciones de &#8216;Las Top 100&#8217; contados por su fundadora-\u00a0<\/a><a>El Espa\u00f1ol<\/a><a><br \/>\n<\/a><a class=\"title\" href=\"https:\/\/www.20minutos.es\/mujer\/liderazgo\/hay-que-luchar-para-que-las-mujeres-no-renuncien-a-su-carrera-por-ser-madres-5100595\/\" target=\"_blank\" rel=\"noopener\" data-artpy=\"0\" data-author=\"20 minutos\">In\u00e9s Bermejo, Directora General de HP Iberia: \u00abHay que luchar para que las mujeres no renuncien a su carrera por ser madres\u00bb-\u00a0<\/a>20minutos<br \/>\n<a class=\"title\" href=\"https:\/\/www.elimparcial.es\/noticia\/250307\/nacional\/la-mujer-de-negro-de-la-ue-llega-a-espana-para-investigar-el-reparto-de-los-fondos-europeos.html\" target=\"_blank\" rel=\"noopener\" data-artpy=\"0\" data-author=\"El Imparcial\">La mujer de negro de la UE, Monika Holmeier, llega a Espa\u00f1a para investigar el reparto de los fondos europeos-\u00a0<\/a><a>elimparcial<\/a><\/p>\n<p><strong>Actualidad<br \/>\n<\/strong><a href=\"https:\/\/www.google.com\/url?rct=j&amp;sa=t&amp;url=https:\/\/www.telam.com.ar\/notas\/202302\/620241-congreso-espania-sanciona-ley-libre-cambio-genero.html&amp;ct=ga&amp;cd=CAEYAioTOTcxMzIzMzg5MDk5NDU0NTA4NTIZZTJkZWZhN2Q1ZGE5MTU3ZDplczplczpFUw&amp;usg=AOvVaw2nc11umC0Hwy3wytdpJfWN\" target=\"_blank\" rel=\"noopener\" data-saferedirecturl=\"https:\/\/www.google.com\/url?q=https:\/\/www.google.com\/url?rct%3Dj%26sa%3Dt%26url%3Dhttps:\/\/www.telam.com.ar\/notas\/202302\/620241-congreso-espania-sanciona-ley-libre-cambio-genero.html%26ct%3Dga%26cd%3DCAEYAioTOTcxMzIzMzg5MDk5NDU0NTA4NTIZZTJkZWZhN2Q1ZGE5MTU3ZDplczplczpFUw%26usg%3DAOvVaw2nc11umC0Hwy3wytdpJfWN&amp;source=gmail&amp;ust=1676705878303000&amp;usg=AOvVaw0sLK8kWR1duvD_n9t6-0u1\">Espa\u00f1a aprob\u00f3 el libre cambio de g\u00e9nero a partir de los 16 a\u00f1os &#8211;\u00a0<\/a><a>T\u00e9lam<br \/>\n<\/a><a href=\"https:\/\/www.google.com\/url?rct=j&amp;sa=t&amp;url=https:\/\/elpais.com\/salud-y-bienestar\/2023-02-16\/el-paso-a-la-menopausia-no-engorda-tanto-como-creias.html&amp;ct=ga&amp;cd=CAEYACoTMzMyOTg0NTYwMzYzNTM3NTg4NjIZYzAzNzJlYmMyZmVhZGE1OTplczplczpFUw&amp;usg=AOvVaw3apzbRSjRggookOkBIXg9g\" target=\"_blank\" rel=\"noopener\" data-saferedirecturl=\"https:\/\/www.google.com\/url?q=https:\/\/www.google.com\/url?rct%3Dj%26sa%3Dt%26url%3Dhttps:\/\/elpais.com\/salud-y-bienestar\/2023-02-16\/el-paso-a-la-menopausia-no-engorda-tanto-como-creias.html%26ct%3Dga%26cd%3DCAEYACoTMzMyOTg0NTYwMzYzNTM3NTg4NjIZYzAzNzJlYmMyZmVhZGE1OTplczplczpFUw%26usg%3DAOvVaw3apzbRSjRggookOkBIXg9g&amp;source=gmail&amp;ust=1676705877091000&amp;usg=AOvVaw13uyc9GFwOAB7MCqKgrmh2\">El paso a la menopausia no engorda tanto como cre\u00edas | Salud y bienestar &#8211;<\/a><a>El Pa\u00eds<br \/>\n<\/a><a href=\"https:\/\/www.google.com\/url?rct=j&amp;sa=t&amp;url=https:\/\/www.servimedia.es\/noticias\/hospital-clinico-san-carlos-utiliza-semillas-magneticas-para-tratar-cancer-mama\/3568580&amp;ct=ga&amp;cd=CAEYFyoTNTM4NTcxNjkwMzI0NTgwOTg3OTIZYzAzNzJlYmMyZmVhZGE1OTplczplczpFUw&amp;usg=AOvVaw387lKv0G1yTocFG8oWoTkt\" target=\"_blank\" rel=\"noopener\" data-saferedirecturl=\"https:\/\/www.google.com\/url?hl=es&amp;q=https:\/\/www.google.com\/url?rct%3Dj%26sa%3Dt%26url%3Dhttps:\/\/www.servimedia.es\/noticias\/hospital-clinico-san-carlos-utiliza-semillas-magneticas-para-tratar-cancer-mama\/3568580%26ct%3Dga%26cd%3DCAEYFyoTNTM4NTcxNjkwMzI0NTgwOTg3OTIZYzAzNzJlYmMyZmVhZGE1OTplczplczpFUw%26usg%3DAOvVaw387lKv0G1yTocFG8oWoTkt&amp;source=gmail&amp;ust=1676971078000000&amp;usg=AOvVaw1i4h-jYpaFSLuVJ5UqD4yw\">El Hospital Cl\u00ednico San Carlos utiliza &#8216;semillas&#8217; magn\u00e9ticas para tratar el c\u00e1ncer de mama-\u00a0<\/a><a>Servimedia<\/a><\/p>\n<p><strong>Violencias<br \/>\n<\/strong><a href=\"https:\/\/www.google.com\/url?rct=j&amp;sa=t&amp;url=https:\/\/osalto.gal\/feminismos\/ocho-ciento-cree-mejorar-ley-libertad-sexual-polemica&amp;ct=ga&amp;cd=CAEYBCoTNjkwODExNjk2NjEwNDU4NzczNDIZZTFlNzdkMTU2MDk4YThlMzplczplczpFUw&amp;usg=AOvVaw2OiFF0pAoyKuiwsc8me4_d\" target=\"_blank\" rel=\"noopener\" data-saferedirecturl=\"https:\/\/www.google.com\/url?q=https:\/\/www.google.com\/url?rct%3Dj%26sa%3Dt%26url%3Dhttps:\/\/osalto.gal\/feminismos\/ocho-ciento-cree-mejorar-ley-libertad-sexual-polemica%26ct%3Dga%26cd%3DCAEYBCoTNjkwODExNjk2NjEwNDU4NzczNDIZZTFlNzdkMTU2MDk4YThlMzplczplczpFUw%26usg%3DAOvVaw2OiFF0pAoyKuiwsc8me4_d&amp;source=gmail&amp;ust=1676966578704000&amp;usg=AOvVaw0HiN9YX7ncKshvo2TX4AFm\">Solo el 8% cree que hay que mejorar la ley de libertad sexual seg\u00fan el CIS &#8230;-\u00a0<\/a><a>El Salto<br \/>\n<\/a><a href=\"https:\/\/www.google.com\/url?rct=j&amp;sa=t&amp;url=https:\/\/www.20minutos.es\/noticia\/5102271\/0\/espanoles-piensan-igual-importante-educar-subir-penas-luchar-violencia-genero\/&amp;ct=ga&amp;cd=CAEYACoUMTc1MTg3NTA3MTI3MjE1NjM2MjUyGWUyZGVmYTdkNWRhOTE1N2Q6ZXM6ZXM6RVM&amp;usg=AOvVaw0hmXJZ8JowyFNP60cYDHNt\" target=\"_blank\" rel=\"noopener\" data-saferedirecturl=\"https:\/\/www.google.com\/url?q=https:\/\/www.google.com\/url?rct%3Dj%26sa%3Dt%26url%3Dhttps:\/\/www.20minutos.es\/noticia\/5102271\/0\/espanoles-piensan-igual-importante-educar-subir-penas-luchar-violencia-genero\/%26ct%3Dga%26cd%3DCAEYACoUMTc1MTg3NTA3MTI3MjE1NjM2MjUyGWUyZGVmYTdkNWRhOTE1N2Q6ZXM6ZXM6RVM%26usg%3DAOvVaw0hmXJZ8JowyFNP60cYDHNt&amp;source=gmail&amp;ust=1676966576661000&amp;usg=AOvVaw2Iyt77J6amSECIPKLA0jY4\">La poblaci\u00f3n espa\u00f1ola piensa que es igual de importante educar que subir las penas para luchar contra la violencia de g\u00e9nero &#8230;-\u00a0<\/a><a>20Minutos<br \/>\n<\/a><a href=\"https:\/\/www.google.com\/url?rct=j&amp;sa=t&amp;url=https:\/\/www.diariodealmeria.es\/almeria\/Empleados-publicos-convierten-Punto-Violeta_0_1767423609.html&amp;ct=ga&amp;cd=CAEYCioUMTc1MTg3NTA3MTI3MjE1NjM2MjUyGWUyZGVmYTdkNWRhOTE1N2Q6ZXM6ZXM6RVM&amp;usg=AOvVaw341SoiToXHVXVV5VOtg-Bg\" target=\"_blank\" rel=\"noopener\" data-saferedirecturl=\"https:\/\/www.google.com\/url?q=https:\/\/www.google.com\/url?rct%3Dj%26sa%3Dt%26url%3Dhttps:\/\/www.diariodealmeria.es\/almeria\/Empleados-publicos-convierten-Punto-Violeta_0_1767423609.html%26ct%3Dga%26cd%3DCAEYCioUMTc1MTg3NTA3MTI3MjE1NjM2MjUyGWUyZGVmYTdkNWRhOTE1N2Q6ZXM6ZXM6RVM%26usg%3DAOvVaw341SoiToXHVXVV5VOtg-Bg&amp;source=gmail&amp;ust=1676966576663000&amp;usg=AOvVaw2w5fhkpCrGmoPwcKB-zQh7\">Empleados p\u00fablicos se convierten en agentes del Punto Violeta &#8211;\u00a0<\/a><a>Diario de Almer\u00eda<\/a><\/p>\n<p><strong>Ciencia y Cultura<br \/>\n<\/strong><a class=\"title\" href=\"https:\/\/www.msn.com\/es-es\/salud\/bienestar\/no-culpabilizar-a-las-mujeres-es-la-clave-para-aumentar-su-presencia-en-profesiones-tecnol%C3%B3gicas\/ar-AA17FWys\" target=\"_blank\" rel=\"noopener\" data-artpy=\"0\" data-author=\"ESPA\u00d1OL on MSN\">Milagros Sainz, investigadora: \u00abNo culpabilizar a las mujeres es la clave para aumentar su presencia en profesiones tecnol\u00f3gicas-\u00a0<\/a>elespa\u00f1ol<strong><br \/>\n<\/strong><a class=\"title\" href=\"https:\/\/diarioresponsable.com\/opinion\/34641-crear-referentes-femeninos-para-hacer-frente-a-la-brecha-de-genero-en-la-industria-y-las-stem\" target=\"_blank\" rel=\"noopener\" data-artpy=\"0\" data-author=\"Diario Responsable\">Crear referentes femeninos para hacer frente a la brecha de g\u00e9nero en la industria y las STEM-\u00a0<\/a>diarioresponsable<strong><br \/>\n<\/strong><a href=\"https:\/\/www.google.com\/url?rct=j&amp;sa=t&amp;url=https:\/\/lasillarota.com\/opinion\/columnas\/2023\/2\/18\/los-primeros-pasos-hacia-una-cultura-escrita-femenina-415114.html&amp;ct=ga&amp;cd=CAEYASoUMTczOTIzMjM1MDE5NDMxNzUwMjQyGWMwMzcyZWJjMmZlYWRhNTk6ZXM6ZXM6RVM&amp;usg=AOvVaw2qqbikToGmIpBwvTZtIoQc\" target=\"_blank\" rel=\"noopener\" data-saferedirecturl=\"https:\/\/www.google.com\/url?q=https:\/\/www.google.com\/url?rct%3Dj%26sa%3Dt%26url%3Dhttps:\/\/lasillarota.com\/opinion\/columnas\/2023\/2\/18\/los-primeros-pasos-hacia-una-cultura-escrita-femenina-415114.html%26ct%3Dga%26cd%3DCAEYASoUMTczOTIzMjM1MDE5NDMxNzUwMjQyGWMwMzcyZWJjMmZlYWRhNTk6ZXM6ZXM6RVM%26usg%3DAOvVaw2qqbikToGmIpBwvTZtIoQc&amp;source=gmail&amp;ust=1676966573542000&amp;usg=AOvVaw2WYlnCFxo32TvNm_pmFUuM\">Los primeros pasos hacia una cultura escrita femenina\u00a0<\/a>&#8211;<a>La Silla Rota<br \/>\n<\/a><a href=\"https:\/\/www.google.com\/url?rct=j&amp;sa=t&amp;url=https:\/\/www.cope.es\/emisoras\/asturias\/noticias\/mejor-monologo-cientifico-espana-asturiano-creado-una-mujer-20230219_2560686&amp;ct=ga&amp;cd=CAEYAyoUMTA4MjEwODAyMDk3OTY5MTIwMTEyGWMwMzcyZWJjMmZlYWRhNTk6ZXM6ZXM6RVM&amp;usg=AOvVaw2UWP4-t1iS1KaK1mr2WnXx\" target=\"_blank\" rel=\"noopener\" data-saferedirecturl=\"https:\/\/www.google.com\/url?q=https:\/\/www.google.com\/url?rct%3Dj%26sa%3Dt%26url%3Dhttps:\/\/www.cope.es\/emisoras\/asturias\/noticias\/mejor-monologo-cientifico-espana-asturiano-creado-una-mujer-20230219_2560686%26ct%3Dga%26cd%3DCAEYAyoUMTA4MjEwODAyMDk3OTY5MTIwMTEyGWMwMzcyZWJjMmZlYWRhNTk6ZXM6ZXM6RVM%26usg%3DAOvVaw2UWP4-t1iS1KaK1mr2WnXx&amp;source=gmail&amp;ust=1676966573614000&amp;usg=AOvVaw1wUftgUxZze-3SzwnTjQtc\">El mejor mon\u00f3logo cient\u00edfico de Espa\u00f1a es asturiano y lo ha creado una\u00a0mujer &#8211;<\/a><a>cope<br \/>\n<\/a><a class=\"title\" href=\"https:\/\/sevilla.abc.es\/queplan\/sevilla\/conciertos\/entrevista-migas-manera-perjudica-tener-lugar-aclame-20230220083126-nts.html\" target=\"_blank\" rel=\"noopener\" data-artpy=\"0\" data-author=\"ABC\">Entrevista a Las Migas: \u00abDe alguna manera nos perjudica el no tener un lugar que nos aclame como suyo\u00bb-\u00a0<\/a>abcsevilla<br \/>\n<a class=\"title\" href=\"https:\/\/www.levante-emv.com\/fallas\/2023\/02\/20\/17-mujeres-200-artistas-falleros-83243823.html\" target=\"_blank\" rel=\"noopener\" data-artpy=\"0\" data-author=\"Levante-EMV\">Solo 17 mujeres entre los m\u00e1s de 200 artistas falleros-\u00a0<\/a>levante<br \/>\n<a class=\"title\" href=\"https:\/\/www.msn.com\/es-es\/entretenimiento\/other\/espido-freire-ser-feminista-para-m%C3%AD-es-algo-natural-pero-no-quiero-que-mi-voz-se-la-apropie-ninguna-causa\/ar-AA17Hbi5\" target=\"_blank\" rel=\"noopener\" data-artpy=\"0\" data-author=\"El Mundo on MSN\">Espido Freire: \u00abSer feminista para m\u00ed es algo natural, pero no quiero que mi voz se la apropie ninguna causa\u00bb-\u00a0<\/a>elmundo<br \/>\n<a href=\"https:\/\/elpais.com\/cultura\/2023-02-19\/el-marcador-de-las-malas-mujeres-por-que-el-culo-es-el-simbolo-que-define-la-moral-femenina.html\">El marcador de las \u201cmalas mujeres\u201d: por qu\u00e9 el culo es el s\u00edmbolo que define la moral femenina<\/a>-elpais<br \/>\n<a class=\"title\" href=\"https:\/\/www.diariolibre.com\/revista\/cultura\/2023\/02\/19\/feria-arte-arco-crece-con-coleccionistas-latinoamericanos\/2231598\" target=\"_blank\" rel=\"noopener\" data-artpy=\"0\" data-author=\"Diario Libre\">La feria de arte ARCO crece en Madrid con el coleccionista latinoamericano-<\/a>diariolibre<\/p>\n<p><strong>Deporte<br \/>\n<\/strong><a href=\"https:\/\/www.google.com\/url?rct=j&amp;sa=t&amp;url=https:\/\/www.20minutos.es\/mujer\/estar-bien\/que-ejercicios-rebajan-el-riesgo-de-infarto-5101716\/&amp;ct=ga&amp;cd=CAEYAioUMTA4MjEwODAyMDk3OTY5MTIwMTEyGWMwMzcyZWJjMmZlYWRhNTk6ZXM6ZXM6RVM&amp;usg=AOvVaw3IF63V6N0KVndsCPbcL90D\" target=\"_blank\" rel=\"noopener\" data-saferedirecturl=\"https:\/\/www.google.com\/url?q=https:\/\/www.google.com\/url?rct%3Dj%26sa%3Dt%26url%3Dhttps:\/\/www.20minutos.es\/mujer\/estar-bien\/que-ejercicios-rebajan-el-riesgo-de-infarto-5101716\/%26ct%3Dga%26cd%3DCAEYAioUMTA4MjEwODAyMDk3OTY5MTIwMTEyGWMwMzcyZWJjMmZlYWRhNTk6ZXM6ZXM6RVM%26usg%3DAOvVaw3IF63V6N0KVndsCPbcL90D&amp;source=gmail&amp;ust=1676966573614000&amp;usg=AOvVaw3y3lZVA-NKzqDS0kec2lQb\">Qu\u00e9 ejercicios rebajan el riesgo de infarto en\u00a0mujeres? &#8211;\u00a0<\/a><a>20Minutos<br \/>\n<\/a><a class=\"title\" href=\"https:\/\/www.lavozdegalicia.es\/noticia\/deportes\/2023\/01\/29\/ines-prado-ajedrecista-\/00031675030882123678272.htm\" target=\"_blank\" rel=\"noopener\" data-artpy=\"0\" data-author=\"La Voz de Galicia\">In\u00e9s Prado, ajedrecista: \u00abA\u00fan me siguen diciendo que busque solo el premio femenino\u00bb-\u00a0<\/a><a>lavozdegalicia<\/a><strong>\u00a0<\/strong><\/p>\n<\/div>\n<\/div>\n<div id=\"\" class=\"lsow-panel lsow-active\">\n<h1 class=\"lsow-panel-title\">Internacional<\/h1>\n<div class=\"lsow-panel-content\">\n<div class=\"source set_top\">\n<div class=\"publogo\" data-priority=\"2\" aria-hidden=\"true\"><a class=\"title\" href=\"https:\/\/dirigentesdigital.com\/dirigentes\/nombramientos\/xiaomi-nombra-a-dos-mujeres-como-lideres-en-europa-occidental\" target=\"_blank\" rel=\"noopener\" data-artpy=\"0\" data-author=\"Dirigentes Digital\">Xiaomi nombra a dos mujeres como l\u00edderes en Europa Occidental-\u00a0<\/a>dirigentesdigital<br \/>\n<a class=\"title\" href=\"https:\/\/magnet.xataka.com\/preguntas-no-tan-frecuentes\/sabemos-valor-trabajar-para-casa-cuidar-a-hijos-durante-matrimonio-34-980-15eur\" target=\"_blank\" rel=\"noopener\" data-artpy=\"0\" data-author=\"magnet.xataka\">Ya sabemos el valor de trabajar para la casa y cuidar a los hijos durante el matrimonio: 34.980,15\u20ac-\u00a0<\/a>magnet.xataka<\/div>\n<div class=\"publogo\" data-priority=\"2\" aria-hidden=\"true\"><a href=\"https:\/\/www.google.com\/url?rct=j&amp;sa=t&amp;url=https:\/\/www.anid.cl\/blog\/2023\/02\/16\/campana-con-fundacion-tremendas-y-unesco-busca-visibilizar-a-mujeres-en-ciencia\/&amp;ct=ga&amp;cd=CAEYAioTODY0NzI5NzA1NDQ5MTk5MTc1MjIZYzAzNzJlYmMyZmVhZGE1OTplczplczpFUw&amp;usg=AOvVaw201R3VKdXUpAMqPzYRa-JC\" target=\"_blank\" rel=\"noopener\" data-saferedirecturl=\"https:\/\/www.google.com\/url?q=https:\/\/www.google.com\/url?rct%3Dj%26sa%3Dt%26url%3Dhttps:\/\/www.anid.cl\/blog\/2023\/02\/16\/campana-con-fundacion-tremendas-y-unesco-busca-visibilizar-a-mujeres-en-ciencia\/%26ct%3Dga%26cd%3DCAEYAioTODY0NzI5NzA1NDQ5MTk5MTc1MjIZYzAzNzJlYmMyZmVhZGE1OTplczplczpFUw%26usg%3DAOvVaw201R3VKdXUpAMqPzYRa-JC&amp;source=gmail&amp;ust=1676705877074000&amp;usg=AOvVaw3Ps0Y286H5OK6sUIsULd5G\">Campa\u00f1a con Fundaci\u00f3n Tremendas y UNESCO busca visibilizar a mujeres en Ciencia-\u00a0<\/a><a>ANID<\/a><\/div>\n<div class=\"publogo\" data-priority=\"2\" aria-hidden=\"true\"><a href=\"https:\/\/www.google.com\/url?rct=j&amp;sa=t&amp;url=https:\/\/www.ambito.com\/opiniones\/mujeres-la-ciencia-perspectivas-latinoamericanas-n5654684&amp;ct=ga&amp;cd=CAEYACoUMTU1NzUyOTIzMzI0ODAzNDE3MzAyGTU5ZDc4MTcxMzZhMmQwMjg6ZXM6ZXM6RVM&amp;usg=AOvVaw0PbR-3YPmtG-bTI8vKhSmB\" target=\"_blank\" rel=\"noopener\" data-saferedirecturl=\"https:\/\/www.google.com\/url?q=https:\/\/www.google.com\/url?rct%3Dj%26sa%3Dt%26url%3Dhttps:\/\/www.ambito.com\/opiniones\/mujeres-la-ciencia-perspectivas-latinoamericanas-n5654684%26ct%3Dga%26cd%3DCAEYACoUMTU1NzUyOTIzMzI0ODAzNDE3MzAyGTU5ZDc4MTcxMzZhMmQwMjg6ZXM6ZXM6RVM%26usg%3DAOvVaw0PbR-3YPmtG-bTI8vKhSmB&amp;source=gmail&amp;ust=1676966575830000&amp;usg=AOvVaw35VUb05X9rj-yegtlLIPKC\">Mujeres en la ciencia: perspectivas latinoamericanas-\u00a0<\/a><a>ambito<\/a><\/div>\n<div class=\"publogo\" data-priority=\"2\" aria-hidden=\"true\"><a class=\"title\" href=\"https:\/\/planoinformativo.com\/905134\/kristen-stewart-protesta-por-derechos-de-mujeres-en-iran\" target=\"_blank\" rel=\"noopener\" data-artpy=\"0\" data-author=\"Plano Informativo\">Kristen Stewart protesta por derechos de mujeres en Ir\u00e1n-\u00a0<\/a><a>planoinformativo<\/a><\/div>\n<div class=\"publogo\" data-priority=\"2\" aria-hidden=\"true\"><a href=\"https:\/\/www.google.com\/url?rct=j&amp;sa=t&amp;url=https:\/\/eldiariofeminista.info\/2023\/02\/19\/bonnie-st-john-primera-mujer-afroamericana-en-ganar-medalla-en-juegos-de-invierno\/&amp;ct=ga&amp;cd=CAEYACoUMTc3OTUyNTEyNDcyMDk1OTUyMTQyGWUyZGVmYTdkNWRhOTE1N2Q6ZXM6ZXM6RVM&amp;usg=AOvVaw3qGXnnuULrEkecRTU1WRBv\" target=\"_blank\" rel=\"noopener\" data-saferedirecturl=\"https:\/\/www.google.com\/url?q=https:\/\/www.google.com\/url?rct%3Dj%26sa%3Dt%26url%3Dhttps:\/\/eldiariofeminista.info\/2023\/02\/19\/bonnie-st-john-primera-mujer-afroamericana-en-ganar-medalla-en-juegos-de-invierno\/%26ct%3Dga%26cd%3DCAEYACoUMTc3OTUyNTEyNDcyMDk1OTUyMTQyGWUyZGVmYTdkNWRhOTE1N2Q6ZXM6ZXM6RVM%26usg%3DAOvVaw3qGXnnuULrEkecRTU1WRBv&amp;source=gmail&amp;ust=1676966576711000&amp;usg=AOvVaw18DzmUvXun1QBdZpObKGPS\">Bonnie St. John, primera mujer afroamericana en ganar medalla en Juegos de Invierno-\u00a0<\/a><a>Diario Feminista<br \/>\n<\/a><a class=\"title\" href=\"https:\/\/www.elsoldemexico.com.mx\/mundo\/mujeres-palestinas-rompen-estereotipos-y-boxean-por-la-igualdad-de-genero-9642857.html\" target=\"_blank\" rel=\"noopener\" data-artpy=\"0\" data-author=\"El Sol de M\u00e9xico\">Mujeres palestinas rompen estereotipos y boxean por la igualdad de g\u00e9nero-\u00a0<\/a><a>elsoldemexico<\/a><\/div>\n<\/div>\n<\/div>\n<\/div>\n<\/div><\/div><\/div><\/div><\/div>\n","protected":false},"excerpt":{"rendered":"<p>Xiaomi nombra a dos mujeres para liderar Europa Occidental * Solo el 8% cree que hay que mejorar la ley de libertad sexual * Milagros Sainz: No culpabilizar a las mujeres es la clave para aumentar su presencia en las STEM * Carmen Mora Mond\u00e9jar directora del Conjunto Arqueol\u00f3gico los D\u00f3lmenes de Antequera<\/p>\n","protected":false},"author":3,"featured_media":22909,"comment_status":"closed","ping_status":"closed","sticky":false,"template":"","format":"standard","meta":{"footnotes":""},"categories":[298,621],"tags":[312,247],"class_list":["post-18884","post","type-post","status-publish","format-standard","has-post-thumbnail","hentry","category-newsletter","category-nwl-3-0","tag-libertad-sexual","tag-mujer-y-ciencia"],"yoast_head":"<!-- This site is optimized with the Yoast SEO plugin v27.5 - https:\/\/yoast.com\/product\/yoast-seo-wordpress\/ -->\n<title>Noticias Info CKL n\u00ba 2763-20\/02\/23 -Comunicar con perspectiva de g\u00e9nero<\/title>\n<meta name=\"description\" content=\"Noticias Info CKL n\u00ba 2763-20\/02\/23 Xiaomi nombra a dos mujeres para liderar Europa Occidental * Solo el 8% cree que hay que mejorar la ley de libertad sexual * Milagros Sainz: No culpabilizar a las mujeres es la clave para aumentar su presencia en las STEM * Carmen Mora Mond\u00e9jar directora del Conjunto Arqueol\u00f3gico los D\u00f3lmenes de Antequera\" \/>\n<meta name=\"robots\" content=\"index, follow, max-snippet:-1, max-image-preview:large, max-video-preview:-1\" \/>\n<link rel=\"canonical\" href=\"https:\/\/cklcomunicaciones.es\/coop\/noticias-info-ckl-no-2763-20-02-23\/\" \/>\n<meta property=\"og:locale\" content=\"es_ES\" \/>\n<meta property=\"og:type\" content=\"article\" \/>\n<meta property=\"og:title\" content=\"Noticias Info CKL n\u00ba 2763-20\/02\/23 -Comunicar con perspectiva de g\u00e9nero\" \/>\n<meta property=\"og:description\" content=\"Noticias Info CKL n\u00ba 2763-20\/02\/23 Xiaomi nombra a dos mujeres para liderar Europa Occidental * Solo el 8% cree que hay que mejorar la ley de libertad sexual * Milagros Sainz: No culpabilizar a las mujeres es la clave para aumentar su presencia en las STEM * Carmen Mora Mond\u00e9jar directora del Conjunto Arqueol\u00f3gico los D\u00f3lmenes de Antequera\" \/>\n<meta property=\"og:url\" content=\"https:\/\/cklcomunicaciones.es\/coop\/noticias-info-ckl-no-2763-20-02-23\/\" \/>\n<meta property=\"og:site_name\" content=\"CKL Comunicaciones\" \/>\n<meta property=\"article:published_time\" content=\"2023-02-20T12:19:45+00:00\" \/>\n<meta property=\"article:modified_time\" content=\"2025-02-08T14:10:05+00:00\" \/>\n<meta property=\"og:image\" content=\"https:\/\/cklcomunicaciones.es\/coop\/wp-content\/uploads\/2025\/01\/CKL-una-mirada-distinta-de-la-comunicacion.jpg\" \/>\n\t<meta property=\"og:image:width\" content=\"1482\" \/>\n\t<meta property=\"og:image:height\" content=\"775\" \/>\n\t<meta property=\"og:image:type\" content=\"image\/jpeg\" \/>\n<meta name=\"author\" content=\"ckl\" \/>\n<meta name=\"twitter:card\" content=\"summary_large_image\" \/>\n<meta name=\"twitter:label1\" content=\"Escrito por\" \/>\n\t<meta name=\"twitter:data1\" content=\"ckl\" \/>\n\t<meta name=\"twitter:label2\" content=\"Tiempo de lectura\" \/>\n\t<meta name=\"twitter:data2\" content=\"12 minutos\" \/>\n<script type=\"application\/ld+json\" class=\"yoast-schema-graph\">{\"@context\":\"https:\\\/\\\/schema.org\",\"@graph\":[{\"@type\":\"Article\",\"@id\":\"https:\\\/\\\/cklcomunicaciones.es\\\/coop\\\/noticias-info-ckl-no-2763-20-02-23\\\/#article\",\"isPartOf\":{\"@id\":\"https:\\\/\\\/cklcomunicaciones.es\\\/coop\\\/noticias-info-ckl-no-2763-20-02-23\\\/\"},\"author\":{\"name\":\"ckl\",\"@id\":\"https:\\\/\\\/cklcomunicaciones.es\\\/coop\\\/#\\\/schema\\\/person\\\/929a6837f7626450bbb50cee1aef266e\"},\"headline\":\"Noticias Info CKL n\u00ba 2763-20\\\/02\\\/23\",\"datePublished\":\"2023-02-20T12:19:45+00:00\",\"dateModified\":\"2025-02-08T14:10:05+00:00\",\"mainEntityOfPage\":{\"@id\":\"https:\\\/\\\/cklcomunicaciones.es\\\/coop\\\/noticias-info-ckl-no-2763-20-02-23\\\/\"},\"wordCount\":1335,\"image\":{\"@id\":\"https:\\\/\\\/cklcomunicaciones.es\\\/coop\\\/noticias-info-ckl-no-2763-20-02-23\\\/#primaryimage\"},\"thumbnailUrl\":\"https:\\\/\\\/cklcomunicaciones.es\\\/coop\\\/wp-content\\\/uploads\\\/2025\\\/01\\\/CKL-una-mirada-distinta-de-la-comunicacion.jpg\",\"keywords\":[\"libertad sexual\",\"mujer y ciencia\"],\"articleSection\":[\"Newsletter\",\"Nwl v3.0\"],\"inLanguage\":\"es\"},{\"@type\":\"WebPage\",\"@id\":\"https:\\\/\\\/cklcomunicaciones.es\\\/coop\\\/noticias-info-ckl-no-2763-20-02-23\\\/\",\"url\":\"https:\\\/\\\/cklcomunicaciones.es\\\/coop\\\/noticias-info-ckl-no-2763-20-02-23\\\/\",\"name\":\"Noticias Info CKL n\u00ba 2763-20\\\/02\\\/23 -Comunicar con perspectiva de g\u00e9nero\",\"isPartOf\":{\"@id\":\"https:\\\/\\\/cklcomunicaciones.es\\\/coop\\\/#website\"},\"primaryImageOfPage\":{\"@id\":\"https:\\\/\\\/cklcomunicaciones.es\\\/coop\\\/noticias-info-ckl-no-2763-20-02-23\\\/#primaryimage\"},\"image\":{\"@id\":\"https:\\\/\\\/cklcomunicaciones.es\\\/coop\\\/noticias-info-ckl-no-2763-20-02-23\\\/#primaryimage\"},\"thumbnailUrl\":\"https:\\\/\\\/cklcomunicaciones.es\\\/coop\\\/wp-content\\\/uploads\\\/2025\\\/01\\\/CKL-una-mirada-distinta-de-la-comunicacion.jpg\",\"datePublished\":\"2023-02-20T12:19:45+00:00\",\"dateModified\":\"2025-02-08T14:10:05+00:00\",\"author\":{\"@id\":\"https:\\\/\\\/cklcomunicaciones.es\\\/coop\\\/#\\\/schema\\\/person\\\/929a6837f7626450bbb50cee1aef266e\"},\"description\":\"Noticias Info CKL n\u00ba 2763-20\\\/02\\\/23 Xiaomi nombra a dos mujeres para liderar Europa Occidental * Solo el 8% cree que hay que mejorar la ley de libertad sexual * Milagros Sainz: No culpabilizar a las mujeres es la clave para aumentar su presencia en las STEM * Carmen Mora Mond\u00e9jar directora del Conjunto Arqueol\u00f3gico los D\u00f3lmenes de Antequera\",\"breadcrumb\":{\"@id\":\"https:\\\/\\\/cklcomunicaciones.es\\\/coop\\\/noticias-info-ckl-no-2763-20-02-23\\\/#breadcrumb\"},\"inLanguage\":\"es\",\"potentialAction\":[{\"@type\":\"ReadAction\",\"target\":[\"https:\\\/\\\/cklcomunicaciones.es\\\/coop\\\/noticias-info-ckl-no-2763-20-02-23\\\/\"]}]},{\"@type\":\"ImageObject\",\"inLanguage\":\"es\",\"@id\":\"https:\\\/\\\/cklcomunicaciones.es\\\/coop\\\/noticias-info-ckl-no-2763-20-02-23\\\/#primaryimage\",\"url\":\"https:\\\/\\\/cklcomunicaciones.es\\\/coop\\\/wp-content\\\/uploads\\\/2025\\\/01\\\/CKL-una-mirada-distinta-de-la-comunicacion.jpg\",\"contentUrl\":\"https:\\\/\\\/cklcomunicaciones.es\\\/coop\\\/wp-content\\\/uploads\\\/2025\\\/01\\\/CKL-una-mirada-distinta-de-la-comunicacion.jpg\",\"width\":1482,\"height\":775,\"caption\":\"CKL - una mirada distinta de la comunicacion\"},{\"@type\":\"BreadcrumbList\",\"@id\":\"https:\\\/\\\/cklcomunicaciones.es\\\/coop\\\/noticias-info-ckl-no-2763-20-02-23\\\/#breadcrumb\",\"itemListElement\":[{\"@type\":\"ListItem\",\"position\":1,\"name\":\"Portada\",\"item\":\"https:\\\/\\\/cklcomunicaciones.es\\\/coop\\\/\"},{\"@type\":\"ListItem\",\"position\":2,\"name\":\"Noticias Info CKL n\u00ba 2763-20\\\/02\\\/23\"}]},{\"@type\":\"WebSite\",\"@id\":\"https:\\\/\\\/cklcomunicaciones.es\\\/coop\\\/#website\",\"url\":\"https:\\\/\\\/cklcomunicaciones.es\\\/coop\\\/\",\"name\":\"CKL Comunicaciones\",\"description\":\"Sitio web de CKL Comunicaciones coop , la consultora de comunicaci\u00f3n y estrategia\",\"potentialAction\":[{\"@type\":\"SearchAction\",\"target\":{\"@type\":\"EntryPoint\",\"urlTemplate\":\"https:\\\/\\\/cklcomunicaciones.es\\\/coop\\\/?s={search_term_string}\"},\"query-input\":{\"@type\":\"PropertyValueSpecification\",\"valueRequired\":true,\"valueName\":\"search_term_string\"}}],\"inLanguage\":\"es\"},{\"@type\":\"Person\",\"@id\":\"https:\\\/\\\/cklcomunicaciones.es\\\/coop\\\/#\\\/schema\\\/person\\\/929a6837f7626450bbb50cee1aef266e\",\"name\":\"ckl\",\"image\":{\"@type\":\"ImageObject\",\"inLanguage\":\"es\",\"@id\":\"https:\\\/\\\/secure.gravatar.com\\\/avatar\\\/c82db564e8a669bf6023357a157b9dc4780f4d4c618f2ad1d71a6a5dede45057?s=96&d=mm&r=g\",\"url\":\"https:\\\/\\\/secure.gravatar.com\\\/avatar\\\/c82db564e8a669bf6023357a157b9dc4780f4d4c618f2ad1d71a6a5dede45057?s=96&d=mm&r=g\",\"contentUrl\":\"https:\\\/\\\/secure.gravatar.com\\\/avatar\\\/c82db564e8a669bf6023357a157b9dc4780f4d4c618f2ad1d71a6a5dede45057?s=96&d=mm&r=g\",\"caption\":\"ckl\"},\"url\":\"https:\\\/\\\/cklcomunicaciones.es\\\/coop\\\/author\\\/cklcomunicaciones\\\/\"}]}<\/script>\n<!-- \/ Yoast SEO plugin. -->","yoast_head_json":{"title":"Noticias Info CKL n\u00ba 2763-20\/02\/23 -Comunicar con perspectiva de g\u00e9nero","description":"Noticias Info CKL n\u00ba 2763-20\/02\/23 Xiaomi nombra a dos mujeres para liderar Europa Occidental * Solo el 8% cree que hay que mejorar la ley de libertad sexual * Milagros Sainz: No culpabilizar a las mujeres es la clave para aumentar su presencia en las STEM * Carmen Mora Mond\u00e9jar directora del Conjunto Arqueol\u00f3gico los D\u00f3lmenes de Antequera","robots":{"index":"index","follow":"follow","max-snippet":"max-snippet:-1","max-image-preview":"max-image-preview:large","max-video-preview":"max-video-preview:-1"},"canonical":"https:\/\/cklcomunicaciones.es\/coop\/noticias-info-ckl-no-2763-20-02-23\/","og_locale":"es_ES","og_type":"article","og_title":"Noticias Info CKL n\u00ba 2763-20\/02\/23 -Comunicar con perspectiva de g\u00e9nero","og_description":"Noticias Info CKL n\u00ba 2763-20\/02\/23 Xiaomi nombra a dos mujeres para liderar Europa Occidental * Solo el 8% cree que hay que mejorar la ley de libertad sexual * Milagros Sainz: No culpabilizar a las mujeres es la clave para aumentar su presencia en las STEM * Carmen Mora Mond\u00e9jar directora del Conjunto Arqueol\u00f3gico los D\u00f3lmenes de Antequera","og_url":"https:\/\/cklcomunicaciones.es\/coop\/noticias-info-ckl-no-2763-20-02-23\/","og_site_name":"CKL Comunicaciones","article_published_time":"2023-02-20T12:19:45+00:00","article_modified_time":"2025-02-08T14:10:05+00:00","og_image":[{"width":1482,"height":775,"url":"https:\/\/cklcomunicaciones.es\/coop\/wp-content\/uploads\/2025\/01\/CKL-una-mirada-distinta-de-la-comunicacion.jpg","type":"image\/jpeg"}],"author":"ckl","twitter_card":"summary_large_image","twitter_misc":{"Escrito por":"ckl","Tiempo de lectura":"12 minutos"},"schema":{"@context":"https:\/\/schema.org","@graph":[{"@type":"Article","@id":"https:\/\/cklcomunicaciones.es\/coop\/noticias-info-ckl-no-2763-20-02-23\/#article","isPartOf":{"@id":"https:\/\/cklcomunicaciones.es\/coop\/noticias-info-ckl-no-2763-20-02-23\/"},"author":{"name":"ckl","@id":"https:\/\/cklcomunicaciones.es\/coop\/#\/schema\/person\/929a6837f7626450bbb50cee1aef266e"},"headline":"Noticias Info CKL n\u00ba 2763-20\/02\/23","datePublished":"2023-02-20T12:19:45+00:00","dateModified":"2025-02-08T14:10:05+00:00","mainEntityOfPage":{"@id":"https:\/\/cklcomunicaciones.es\/coop\/noticias-info-ckl-no-2763-20-02-23\/"},"wordCount":1335,"image":{"@id":"https:\/\/cklcomunicaciones.es\/coop\/noticias-info-ckl-no-2763-20-02-23\/#primaryimage"},"thumbnailUrl":"https:\/\/cklcomunicaciones.es\/coop\/wp-content\/uploads\/2025\/01\/CKL-una-mirada-distinta-de-la-comunicacion.jpg","keywords":["libertad sexual","mujer y ciencia"],"articleSection":["Newsletter","Nwl v3.0"],"inLanguage":"es"},{"@type":"WebPage","@id":"https:\/\/cklcomunicaciones.es\/coop\/noticias-info-ckl-no-2763-20-02-23\/","url":"https:\/\/cklcomunicaciones.es\/coop\/noticias-info-ckl-no-2763-20-02-23\/","name":"Noticias Info CKL n\u00ba 2763-20\/02\/23 -Comunicar con perspectiva de g\u00e9nero","isPartOf":{"@id":"https:\/\/cklcomunicaciones.es\/coop\/#website"},"primaryImageOfPage":{"@id":"https:\/\/cklcomunicaciones.es\/coop\/noticias-info-ckl-no-2763-20-02-23\/#primaryimage"},"image":{"@id":"https:\/\/cklcomunicaciones.es\/coop\/noticias-info-ckl-no-2763-20-02-23\/#primaryimage"},"thumbnailUrl":"https:\/\/cklcomunicaciones.es\/coop\/wp-content\/uploads\/2025\/01\/CKL-una-mirada-distinta-de-la-comunicacion.jpg","datePublished":"2023-02-20T12:19:45+00:00","dateModified":"2025-02-08T14:10:05+00:00","author":{"@id":"https:\/\/cklcomunicaciones.es\/coop\/#\/schema\/person\/929a6837f7626450bbb50cee1aef266e"},"description":"Noticias Info CKL n\u00ba 2763-20\/02\/23 Xiaomi nombra a dos mujeres para liderar Europa Occidental * Solo el 8% cree que hay que mejorar la ley de libertad sexual * Milagros Sainz: No culpabilizar a las mujeres es la clave para aumentar su presencia en las STEM * Carmen Mora Mond\u00e9jar directora del Conjunto Arqueol\u00f3gico los D\u00f3lmenes de Antequera","breadcrumb":{"@id":"https:\/\/cklcomunicaciones.es\/coop\/noticias-info-ckl-no-2763-20-02-23\/#breadcrumb"},"inLanguage":"es","potentialAction":[{"@type":"ReadAction","target":["https:\/\/cklcomunicaciones.es\/coop\/noticias-info-ckl-no-2763-20-02-23\/"]}]},{"@type":"ImageObject","inLanguage":"es","@id":"https:\/\/cklcomunicaciones.es\/coop\/noticias-info-ckl-no-2763-20-02-23\/#primaryimage","url":"https:\/\/cklcomunicaciones.es\/coop\/wp-content\/uploads\/2025\/01\/CKL-una-mirada-distinta-de-la-comunicacion.jpg","contentUrl":"https:\/\/cklcomunicaciones.es\/coop\/wp-content\/uploads\/2025\/01\/CKL-una-mirada-distinta-de-la-comunicacion.jpg","width":1482,"height":775,"caption":"CKL - una mirada distinta de la comunicacion"},{"@type":"BreadcrumbList","@id":"https:\/\/cklcomunicaciones.es\/coop\/noticias-info-ckl-no-2763-20-02-23\/#breadcrumb","itemListElement":[{"@type":"ListItem","position":1,"name":"Portada","item":"https:\/\/cklcomunicaciones.es\/coop\/"},{"@type":"ListItem","position":2,"name":"Noticias Info CKL n\u00ba 2763-20\/02\/23"}]},{"@type":"WebSite","@id":"https:\/\/cklcomunicaciones.es\/coop\/#website","url":"https:\/\/cklcomunicaciones.es\/coop\/","name":"CKL Comunicaciones","description":"Sitio web de CKL Comunicaciones coop , la consultora de comunicaci\u00f3n y estrategia","potentialAction":[{"@type":"SearchAction","target":{"@type":"EntryPoint","urlTemplate":"https:\/\/cklcomunicaciones.es\/coop\/?s={search_term_string}"},"query-input":{"@type":"PropertyValueSpecification","valueRequired":true,"valueName":"search_term_string"}}],"inLanguage":"es"},{"@type":"Person","@id":"https:\/\/cklcomunicaciones.es\/coop\/#\/schema\/person\/929a6837f7626450bbb50cee1aef266e","name":"ckl","image":{"@type":"ImageObject","inLanguage":"es","@id":"https:\/\/secure.gravatar.com\/avatar\/c82db564e8a669bf6023357a157b9dc4780f4d4c618f2ad1d71a6a5dede45057?s=96&d=mm&r=g","url":"https:\/\/secure.gravatar.com\/avatar\/c82db564e8a669bf6023357a157b9dc4780f4d4c618f2ad1d71a6a5dede45057?s=96&d=mm&r=g","contentUrl":"https:\/\/secure.gravatar.com\/avatar\/c82db564e8a669bf6023357a157b9dc4780f4d4c618f2ad1d71a6a5dede45057?s=96&d=mm&r=g","caption":"ckl"},"url":"https:\/\/cklcomunicaciones.es\/coop\/author\/cklcomunicaciones\/"}]}},"_links":{"self":[{"href":"https:\/\/cklcomunicaciones.es\/coop\/wp-json\/wp\/v2\/posts\/18884","targetHints":{"allow":["GET"]}}],"collection":[{"href":"https:\/\/cklcomunicaciones.es\/coop\/wp-json\/wp\/v2\/posts"}],"about":[{"href":"https:\/\/cklcomunicaciones.es\/coop\/wp-json\/wp\/v2\/types\/post"}],"author":[{"embeddable":true,"href":"https:\/\/cklcomunicaciones.es\/coop\/wp-json\/wp\/v2\/users\/3"}],"replies":[{"embeddable":true,"href":"https:\/\/cklcomunicaciones.es\/coop\/wp-json\/wp\/v2\/comments?post=18884"}],"version-history":[{"count":0,"href":"https:\/\/cklcomunicaciones.es\/coop\/wp-json\/wp\/v2\/posts\/18884\/revisions"}],"wp:featuredmedia":[{"embeddable":true,"href":"https:\/\/cklcomunicaciones.es\/coop\/wp-json\/wp\/v2\/media\/22909"}],"wp:attachment":[{"href":"https:\/\/cklcomunicaciones.es\/coop\/wp-json\/wp\/v2\/media?parent=18884"}],"wp:term":[{"taxonomy":"category","embeddable":true,"href":"https:\/\/cklcomunicaciones.es\/coop\/wp-json\/wp\/v2\/categories?post=18884"},{"taxonomy":"post_tag","embeddable":true,"href":"https:\/\/cklcomunicaciones.es\/coop\/wp-json\/wp\/v2\/tags?post=18884"}],"curies":[{"name":"wp","href":"https:\/\/api.w.org\/{rel}","templated":true}]}}