{"id":18682,"date":"2023-02-10T14:15:23","date_gmt":"2023-02-10T13:15:23","guid":{"rendered":"https:\/\/www.cklcomunicaciones.es\/?p=18682"},"modified":"2025-02-08T15:30:27","modified_gmt":"2025-02-08T14:30:27","slug":"noticias-info-ckl-no-2760-10-02-23","status":"publish","type":"post","link":"https:\/\/cklcomunicaciones.es\/coop\/noticias-info-ckl-no-2760-10-02-23\/","title":{"rendered":"Noticias Info CKL n\u00ba 2760-10\/02\/23"},"content":{"rendered":"<div class=\"fusion-fullwidth fullwidth-box fusion-builder-row-1 fusion-flex-container nonhundred-percent-fullwidth non-hundred-percent-height-scrolling\" style=\"--awb-border-radius-top-left:0px;--awb-border-radius-top-right:0px;--awb-border-radius-bottom-right:0px;--awb-border-radius-bottom-left:0px;--awb-flex-wrap:wrap;\" ><div class=\"fusion-builder-row fusion-row fusion-flex-align-items-flex-start fusion-flex-content-wrap\" style=\"max-width:1248px;margin-left: calc(-4% \/ 2 );margin-right: calc(-4% \/ 2 );\"><div class=\"fusion-layout-column fusion_builder_column fusion-builder-column-0 fusion_builder_column_1_1 1_1 fusion-flex-column\" style=\"--awb-bg-blend:overlay;--awb-bg-size:cover;--awb-width-large:100%;--awb-margin-top-large:0px;--awb-spacing-right-large:1.92%;--awb-margin-bottom-large:0px;--awb-spacing-left-large:1.92%;--awb-width-medium:100%;--awb-spacing-right-medium:1.92%;--awb-spacing-left-medium:1.92%;--awb-width-small:100%;--awb-spacing-right-small:1.92%;--awb-spacing-left-small:1.92%;\"><div class=\"fusion-column-wrapper fusion-flex-justify-content-flex-start fusion-content-layout-column\"><div class=\"fusion-text fusion-text-1\"><div id=\"\" class=\"lsow-panel lsow-active\">\n<h1 class=\"lsow-panel-title\">Convocatorias<\/h1>\n<div class=\"lsow-panel-content\">\n<ul>\n<li><a href=\"https:\/\/fundacionmujeres.es\/informate\/noticias\/?id=755076\" target=\"_blank\" rel=\"noopener\" data-saferedirecturl=\"https:\/\/www.google.com\/url?q=https:\/\/fundacionmujeres.es\/informate\/noticias\/?id%3D755076&amp;source=gmail&amp;ust=1676029219605000&amp;usg=AOvVaw1iX3KJMngNCiA9U1Pc1Z24\">Premio Concilia C\u00f3rdoba 2023 (5\u00aa\u00a0ed.)<\/a>. Ayuntamiento de C\u00f3rdoba y Fundaci\u00f3n Mujeres. Plazo de solicitud de reconocimiento\u00a0hasta el 24 de febrero<\/li>\n<li><a href=\"http:\/\/www.juntadeandalucia.es\/iam\/catalogo\/doc\/convocatorias\/2023-genero\/SE-GE-certamen-relato-corto-centromujergenena.png\" target=\"_blank\" rel=\"noopener prettyPhoto&#091;18682&#093;\" data-saferedirecturl=\"https:\/\/www.google.com\/url?q=http:\/\/www.juntadeandalucia.es\/iam\/catalogo\/doc\/convocatorias\/2023-genero\/SE-GE-certamen-relato-corto-centromujergenena.png&amp;source=gmail&amp;ust=1676029219605000&amp;usg=AOvVaw3yfo_AbKdLg2EeirkBLc9w\">X Certamen de Relato Corto 8 de Marzo \u2019Historias de Mujeres\u2019<\/a>. Centro de la Mujer de Gerena. Plazo de presentaci\u00f3n hasta el 26 de febrero.\u00a0<a href=\"http:\/\/www.juntadeandalucia.es\/iam\/catalogo\/doc\/convocatorias\/2023-genero\/SE-GE-certamen-relato-corto-bases-centromujergenena.pdf\" target=\"_blank\" rel=\"noopener\" data-saferedirecturl=\"https:\/\/www.google.com\/url?q=http:\/\/www.juntadeandalucia.es\/iam\/catalogo\/doc\/convocatorias\/2023-genero\/SE-GE-certamen-relato-corto-bases-centromujergenena.pdf&amp;source=gmail&amp;ust=1676029219605000&amp;usg=AOvVaw1M0kucBLTliYbh_t91o9CI\">Bases<\/a>.\u00a0<a href=\"http:\/\/www.juntadeandalucia.es\/iam\/catalogo\/doc\/convocatorias\/2023-genero\/SE-GE-certamen-relato-corto-bases-centromujergenena-solicitudes.odt\" target=\"_blank\" rel=\"noopener\" data-saferedirecturl=\"https:\/\/www.google.com\/url?q=http:\/\/www.juntadeandalucia.es\/iam\/catalogo\/doc\/convocatorias\/2023-genero\/SE-GE-certamen-relato-corto-bases-centromujergenena-solicitudes.odt&amp;source=gmail&amp;ust=1676029219605000&amp;usg=AOvVaw1WXP6UqVXJ88wmS5APS1gZ\">Solicitudes<\/a><\/li>\n<li><a href=\"https:\/\/ondacolor.org\/destacada\/estreno-presencial-del-primer-capitulo-de-la-revuelta-de-las-faeneras\/\" target=\"_blank\" rel=\"noopener\" data-saferedirecturl=\"https:\/\/www.google.com\/url?q=https:\/\/ondacolor.org\/destacada\/estreno-presencial-del-primer-capitulo-de-la-revuelta-de-las-faeneras\/&amp;source=gmail&amp;ust=1676029219605000&amp;usg=AOvVaw3YqzI_8ohVPijMHJNHRH-C\">E<\/a><a href=\"https:\/\/ondacolor.org\/destacada\/estreno-presencial-del-primer-capitulo-de-la-revuelta-de-las-faeneras\/\" target=\"_blank\" rel=\"noopener\" data-saferedirecturl=\"https:\/\/www.google.com\/url?q=https:\/\/ondacolor.org\/destacada\/estreno-presencial-del-primer-capitulo-de-la-revuelta-de-las-faeneras\/&amp;source=gmail&amp;ust=1676029219605000&amp;usg=AOvVaw3YqzI_8ohVPijMHJNHRH-C\">streno del primer cap\u00edtulo del audiodrama &#8216;La revuelta de las faeneras&#8217;<\/a><em>.\u00a0<\/em>Onda Color. 11 de febrero\u00a0de\u00a011:00\u00a0a\u00a013:00\u00a0h.\u00a0<a href=\"https:\/\/docs.google.com\/forms\/d\/e\/1FAIpQLSc4SLqGmQEjMY-SLUAFmKC3dPY8bQBaVrxsRVFoBdwdjBxmdw\/viewform\" target=\"_blank\" rel=\"noopener\" data-saferedirecturl=\"https:\/\/www.google.com\/url?q=https:\/\/docs.google.com\/forms\/d\/e\/1FAIpQLSc4SLqGmQEjMY-SLUAFmKC3dPY8bQBaVrxsRVFoBdwdjBxmdw\/viewform&amp;source=gmail&amp;ust=1676029219605000&amp;usg=AOvVaw03UIxn1zB9lCY5Uv0hf-o5\">Inscripciones<\/a><\/li>\n<li><a href=\"http:\/\/www.juntadeandalucia.es\/iam\/catalogo\/doc\/convocatorias\/2023-genero\/EL-cursos-turismo-agroalimentacion-comunicacion-famp.pdf\" target=\"_blank\" rel=\"noopener\" data-saferedirecturl=\"https:\/\/www.google.com\/url?q=http:\/\/www.juntadeandalucia.es\/iam\/catalogo\/doc\/convocatorias\/2023-genero\/EL-cursos-turismo-agroalimentacion-comunicacion-famp.pdf&amp;source=gmail&amp;ust=1676116245993000&amp;usg=AOvVaw1COlmia7fEvUZdVohKS4bA\"><span lang=\"es-ES\">Cursos de formaci\u00f3n IN<\/span><\/a><a href=\"http:\/\/www.juntadeandalucia.es\/iam\/catalogo\/doc\/convocatorias\/2023-genero\/EL-cursos-turismo-agroalimentacion-comunicacion-famp.pdf\" target=\"_blank\" rel=\"noopener\" data-saferedirecturl=\"https:\/\/www.google.com\/url?q=http:\/\/www.juntadeandalucia.es\/iam\/catalogo\/doc\/convocatorias\/2023-genero\/EL-cursos-turismo-agroalimentacion-comunicacion-famp.pdf&amp;source=gmail&amp;ust=1676116245993000&amp;usg=AOvVaw1COlmia7fEvUZdVohKS4bA\">TERNISA: Turismo (10 horas); Agroalimentaci\u00f3n (10 horas); Comunicaci\u00f3n (15 horas)<\/a>. Federaci\u00f3n Andaluza de Municipios y Provincias -FAMP-.\u00a0<a href=\"https:\/\/internisandalucia.es\/formacion\/\" target=\"_blank\" rel=\"noopener\" data-saferedirecturl=\"https:\/\/www.google.com\/url?q=https:\/\/internisandalucia.es\/formacion\/&amp;source=gmail&amp;ust=1676116245993000&amp;usg=AOvVaw2uHqgiyF7mdqCGqL57kAXX\">Inscripciones<\/a>\u00a0(hasta el 31 de marzo)<\/li>\n<li><a href=\"https:\/\/canal.ugr.es\/noticia\/la-ugr-celebra-el-dia-internacional-de-la-mujer-y-la-nina-en-la-ciencia-con-actividades-divulgativas-y-formativas\/\" target=\"_blank\" rel=\"noopener\" data-saferedirecturl=\"https:\/\/www.google.com\/url?q=https:\/\/canal.ugr.es\/noticia\/la-ugr-celebra-el-dia-internacional-de-la-mujer-y-la-nina-en-la-ciencia-con-actividades-divulgativas-y-formativas\/&amp;source=gmail&amp;ust=1676116245993000&amp;usg=AOvVaw2kqS3YKDrXOW4pcBUoQh-Q\">A<\/a><a href=\"https:\/\/canal.ugr.es\/noticia\/la-ugr-celebra-el-dia-internacional-de-la-mujer-y-la-nina-en-la-ciencia-con-actividades-divulgativas-y-formativas\/\" target=\"_blank\" rel=\"noopener\" data-saferedirecturl=\"https:\/\/www.google.com\/url?q=https:\/\/canal.ugr.es\/noticia\/la-ugr-celebra-el-dia-internacional-de-la-mujer-y-la-nina-en-la-ciencia-con-actividades-divulgativas-y-formativas\/&amp;source=gmail&amp;ust=1676116245993000&amp;usg=AOvVaw2kqS3YKDrXOW4pcBUoQh-Q\">ctividades divulgativas y formativas\u00a0<\/a><a href=\"https:\/\/canal.ugr.es\/noticia\/la-ugr-celebra-el-dia-internacional-de-la-mujer-y-la-nina-en-la-ciencia-con-actividades-divulgativas-y-formativas\/\" target=\"_blank\" rel=\"noopener\" data-saferedirecturl=\"https:\/\/www.google.com\/url?q=https:\/\/canal.ugr.es\/noticia\/la-ugr-celebra-el-dia-internacional-de-la-mujer-y-la-nina-en-la-ciencia-con-actividades-divulgativas-y-formativas\/&amp;source=gmail&amp;ust=1676116245993000&amp;usg=AOvVaw2kqS3YKDrXOW4pcBUoQh-Q\">por\u00a0<\/a><a href=\"https:\/\/canal.ugr.es\/noticia\/la-ugr-celebra-el-dia-internacional-de-la-mujer-y-la-nina-en-la-ciencia-con-actividades-divulgativas-y-formativas\/\" target=\"_blank\" rel=\"noopener\" data-saferedirecturl=\"https:\/\/www.google.com\/url?q=https:\/\/canal.ugr.es\/noticia\/la-ugr-celebra-el-dia-internacional-de-la-mujer-y-la-nina-en-la-ciencia-con-actividades-divulgativas-y-formativas\/&amp;source=gmail&amp;ust=1676116245993000&amp;usg=AOvVaw2kqS3YKDrXOW4pcBUoQh-Q\">el D\u00eda Internacional de la Mujer y la Ni\u00f1a en la Ciencia<\/a>.\u00a0Universidad de Granada. Durante el mes de febrero<\/li>\n<li><span lang=\"zxx\"><a href=\"http:\/\/www.juntadeandalucia.es\/iam\/catalogo\/doc\/convocatorias\/2023-genero\/JA-jornadas-nuevos-tiempos-nuevos-retos-asociacionmujeresjuristas.pdf\" target=\"_blank\" rel=\"noopener\" data-saferedirecturl=\"https:\/\/www.google.com\/url?q=http:\/\/www.juntadeandalucia.es\/iam\/catalogo\/doc\/convocatorias\/2023-genero\/JA-jornadas-nuevos-tiempos-nuevos-retos-asociacionmujeresjuristas.pdf&amp;source=gmail&amp;ust=1676116245993000&amp;usg=AOvVaw1nx1hvK1tTttdLJLZCrMRf\">Jornadas &#8216;Nuevos Tiempos, Nuevos Retos. \u00bfQu\u00e9 futuro hay? Redes para Transformar en Igualdad&#8217;<\/a>. Asociaci\u00f3n de Mujeres Juristas de Ja\u00e9n.\u00a0<\/span><span lang=\"zxx\">21 de febrero de 16:30 a 20:30 h.\u00a0<a href=\"https:\/\/docs.google.com\/forms\/d\/e\/1FAIpQLSfxVccEJgLBVh9NqYqlbCMc3ChiJZRyEvJoTUB1IWSBx3pckg\/viewform?vc=0&amp;c=0&amp;w=1&amp;flr=0\" target=\"_blank\" rel=\"noopener\" data-saferedirecturl=\"https:\/\/www.google.com\/url?q=https:\/\/docs.google.com\/forms\/d\/e\/1FAIpQLSfxVccEJgLBVh9NqYqlbCMc3ChiJZRyEvJoTUB1IWSBx3pckg\/viewform?vc%3D0%26c%3D0%26w%3D1%26flr%3D0&amp;source=gmail&amp;ust=1676116245993000&amp;usg=AOvVaw3uIjNrUH-fUXjbWoT0-BAx\">Inscripciones<\/a>\u00a0<\/span><\/li>\n<\/ul>\n<\/div>\n<\/div>\n<div id=\"\" class=\"lsow-panel lsow-active\">\n<h1 class=\"lsow-panel-title\">Comunicaci\u00f3n, Publicidad y TICs<\/h1>\n<div class=\"lsow-panel-content\">\n<p class=\"c_t \"><a href=\"https:\/\/elpais.com\/television\/2023-02-10\/cinco-mujeres-para-romper-el-sesgo-de-genero-en-los-deportes-en-television.html\">Cinco mujeres para romper el sesgo de g\u00e9nero en los deportes en televisi\u00f3n<\/a>-elpais<br \/>\n<a class=\"title\" href=\"https:\/\/www.elplural.com\/comunicacion\/altas-dosis-machismo-canal-sur-pezones-belarra-llevar-sujetador-violencia-decoro_305856102\" target=\"_blank\" rel=\"noopener\" data-artpy=\"0\" data-author=\"Elplural.com\">Altas dosis de machismo en Canal Sur por los pezones de Belarra: \u00abLlevar sujetador\u2026 \u00bfViolencia o decoro?\u00bb-\u00a0<\/a>elplural<br \/>\n<a class=\"title\" href=\"https:\/\/www.elconfidencialdigital.com\/articulo\/politica\/ayuso-denuncia-presiones-medios-comunicacion-que-hablen-efectos-ley-solo-es\/20230209224847518949.html\" target=\"_blank\" rel=\"noopener\" data-artpy=\"0\" data-author=\"El Confidencial Digital\">Ayuso denuncia \u201cpresiones\u201d a los medios de comunicaci\u00f3n para que no hablen de la rebaja de penas a los agresores sexuales-\u00a0<\/a>elconfidencial<br \/>\n<a class=\"title\" href=\"https:\/\/www.clarin.com\/opinion\/fallo-favor-periodismo-feminista_0_xGqDvCsqys.html\" target=\"_blank\" rel=\"noopener\" data-artpy=\"0\" data-author=\"Clarin\">Un fallo a favor del periodismo feminista-<\/a>clarin<br \/>\n<a href=\"https:\/\/www.google.com\/url?rct=j&amp;sa=t&amp;url=https:\/\/periodismo.ull.es\/la-ull-acoge-una-editatona-por-el-dia-de-la-mujer-y-la-nina-en-la-ciencia\/&amp;ct=ga&amp;cd=CAEYCSoTMzc5NzE5MDIwOTI3Nzc1NDc0NTIZYzAzNzJlYmMyZmVhZGE1OTplczplczpFUw&amp;usg=AOvVaw0WWG_VRneFmL5PgSgZSKAb\" target=\"_blank\" rel=\"noopener\" data-saferedirecturl=\"https:\/\/www.google.com\/url?q=https:\/\/www.google.com\/url?rct%3Dj%26sa%3Dt%26url%3Dhttps:\/\/periodismo.ull.es\/la-ull-acoge-una-editatona-por-el-dia-de-la-mujer-y-la-nina-en-la-ciencia\/%26ct%3Dga%26cd%3DCAEYCSoTMzc5NzE5MDIwOTI3Nzc1NDc0NTIZYzAzNzJlYmMyZmVhZGE1OTplczplczpFUw%26usg%3DAOvVaw0WWG_VRneFmL5PgSgZSKAb&amp;source=gmail&amp;ust=1676101591912000&amp;usg=AOvVaw2oUHesIgv7dA6HNmoEyWAA\">La ULL acoge una editatona por el D\u00eda de la Mujer y la Ni\u00f1a en la Ciencia &#8211;\u00a0<\/a><a>Periodismo ULL<br \/>\n<\/a><a class=\"title\" href=\"https:\/\/haycanal.com\/noticias\/18943\/la-inestabilidad-de-twitter-no-ha-lastrado-la-actividad-de-sus-influencers-economicos\" target=\"_blank\" rel=\"noopener\" data-artpy=\"0\" data-author=\"hayCANAL.com\">La inestabilidad de Twitter no ha lastrado la actividad de sus influencers econ\u00f3micos-\u00a0<\/a><a>haycanal<\/a><\/p>\n<\/div>\n<\/div>\n<div id=\"\" class=\"lsow-panel lsow-active\">\n<div class=\"lsow-panel-title\">Andaluc\u00eda<\/div>\n<div class=\"lsow-panel-content\">\n<div class=\"source set_top\">\n<div data-priority=\"2\" aria-hidden=\"true\"><strong>Institucional<br \/>\n<\/strong><a href=\"https:\/\/www.google.com\/url?rct=j&amp;sa=t&amp;url=https:\/\/www.juntadeandalucia.es\/presidencia\/portavoz\/gobiernoaldia\/179447\/JuanmaMoreno\/Gobiernoandaluz\/Andalucia\/CentroParticipacionActiva\/Sevilla\/Heliopolis\/inversion\/Presupuesto&amp;ct=ga&amp;cd=CAEYACoTMTkxNDA4Mzc3NTQyNzY3OTUwMjIZZDc4ZTU4NzVhMGYxZjJhYzplczplczpFUw&amp;usg=AOvVaw0R0KcWyqTdBtsixPGFjGyO\" target=\"_blank\" rel=\"noopener\" data-saferedirecturl=\"https:\/\/www.google.com\/url?q=https:\/\/www.google.com\/url?rct%3Dj%26sa%3Dt%26url%3Dhttps:\/\/www.juntadeandalucia.es\/presidencia\/portavoz\/gobiernoaldia\/179447\/JuanmaMoreno\/Gobiernoandaluz\/Andalucia\/CentroParticipacionActiva\/Sevilla\/Heliopolis\/inversion\/Presupuesto%26ct%3Dga%26cd%3DCAEYACoTMTkxNDA4Mzc3NTQyNzY3OTUwMjIZZDc4ZTU4NzVhMGYxZjJhYzplczplczpFUw%26usg%3DAOvVaw0R0KcWyqTdBtsixPGFjGyO&amp;source=gmail&amp;ust=1676016750774000&amp;usg=AOvVaw2HaG91yR8b3amhVr3eb2kO\">Moreno incide en el compromiso con las pol\u00edticas sociales para personas mayores y se\u00f1ala &#8230;-\u00a0<\/a><a>Junta de Andaluc\u00eda<br \/>\n<\/a><a class=\"title\" href=\"https:\/\/www.juntadeandalucia.es\/presidencia\/portavoz\/economiayempleo\/179515\/JuntadeAndalucia\/ConsejeriadeEconomiaHaciendayFondosEuropeos\/CarolinaEspana\/FondosEuropeos\/MRR\/Economia\/Empresas\/Proyectos\/Subvenciones\/Incentivos\/Licitaciones\/PRTR\/NextGeneration\" target=\"_blank\" rel=\"noopener\" data-artpy=\"0\" data-author=\"juntadeandalucia.es\">La Junta ha movilizado el 81% de los fondos MRR transferidos a Andaluc\u00eda de los a\u00f1os 2021 y 2022-\u00a0<\/a><a>juntadeandalucia<\/a><\/div>\n<\/div>\n<p><b>Econom\u00eda y Empresa<br \/>\n<\/b><a title=\"Del Pozo destaca que en la Mesa Andaluza por la FP Dual han participado 700 empresas \" href=\"https:\/\/www.juntadeandalucia.es\/presidencia\/portavoz\/educacion\/179495\/JuntadeAndalucia\/PatriciadelPozo\/mesaandaluzafpdual\/empresas\/fpdual\/formacion\/empleo\/puestosdetrabajo\/titulaciones\">Del Pozo destaca que en la Mesa Andaluza por la FP Dual han participado 700 empresas-j<\/a><a>untadeandalucia<br \/>\n<\/a><b><\/b><a class=\"title\" href=\"https:\/\/www.diariodesevilla.es\/sevilla\/Concha-Yoldi-interviene-In-Dubio_0_1764723864.html\" target=\"_blank\" rel=\"noopener\" data-artpy=\"0\" data-author=\"Diario de Sevilla\">Concha Yoldi, Presidenta de Persan, interviene en la tertulia &#8216;In Dubio&#8217;-\u00a0<\/a>diariodesevilla<br \/>\n<a class=\"title\" href=\"http:\/\/www.gentedigital.es\/sevilla\/noticia\/3560757\/la-creacion-de-empresas-en-andalucia-cae-un-18-en-2022-y-las-disoluciones-aumentan-un-11\/\" target=\"_blank\" rel=\"noopener\" data-artpy=\"0\" data-author=\"Gente Digital\">La creaci\u00f3n de empresas en Andaluc\u00eda cae un 1,8% en 2022 y las disoluciones aumentan un 11%-\u00a0<\/a>gentedigital<br \/>\n<a class=\"title\" href=\"https:\/\/efe.com\/andalucia\/andalucia-entre-las-autonomias-con-mas-pobreza-severa\/\" target=\"_blank\" rel=\"noopener\" data-artpy=\"0\" data-author=\"EFE\">Andaluc\u00eda, entre las autonom\u00edas con m\u00e1s pobreza severa-\u00a0<\/a>efe<b><\/b><\/p>\n<p><strong>Actualidad<br \/>\n<\/strong><a href=\"https:\/\/www.google.com\/url?rct=j&amp;sa=t&amp;url=https:\/\/www.diariodecadiz.es\/empresas-al-dia\/Education-First-existencia-educacion-competencias_0_1764425229.html&amp;ct=ga&amp;cd=CAEYAioUMTA3OTQ2MzQ2NDYyMTM2OTQyMDgyGTU5ZDc4MTcxMzZhMmQwMjg6ZXM6ZXM6RVM&amp;usg=AOvVaw1SgSzRjwEnCDIjyDqfqUkr\" target=\"_blank\" rel=\"noopener\" data-saferedirecturl=\"https:\/\/www.google.com\/url?q=https:\/\/www.google.com\/url?rct%3Dj%26sa%3Dt%26url%3Dhttps:\/\/www.diariodecadiz.es\/empresas-al-dia\/Education-First-existencia-educacion-competencias_0_1764425229.html%26ct%3Dga%26cd%3DCAEYAioUMTA3OTQ2MzQ2NDYyMTM2OTQyMDgyGTU5ZDc4MTcxMzZhMmQwMjg6ZXM6ZXM6RVM%26usg%3DAOvVaw1SgSzRjwEnCDIjyDqfqUkr&amp;source=gmail&amp;ust=1676101593164000&amp;usg=AOvVaw2_C0rJEEhYLVbGKqIKg5pr\">Education First subraya la existencia de brechas de g\u00e9nero en educaci\u00f3n y competencias-\u00a0<\/a><a>Diario de C\u00e1diz<br \/>\n<\/a><a class=\"title\" href=\"https:\/\/www.msn.com\/es-es\/salud\/other\/las-claves-para-ser-felices-expertos-debaten-sobre-ello-en-el-congreso-reconecta-en-m%C3%A1laga\/ar-AA17iEbV\" target=\"_blank\" rel=\"noopener\" data-artpy=\"0\" data-author=\"ESPA\u00d1OL on MSN\">Las claves para ser felices: expertos debaten sobre ello en el congreso Reconecta en M\u00e1laga-\u00a0<\/a>elespa\u00f1ol<br \/>\n<a class=\"title\" href=\"https:\/\/revistalugardeencuentro.com\/2023\/02\/09\/ix-carrera-mujeres-contra-el-cancer-ciudad-de-malaga-2023\/\" target=\"_blank\" rel=\"noopener\" data-artpy=\"0\" data-author=\"revistalugardeencuentro\">IX Carrera Mujeres contra el C\u00e1ncer Ciudad de M\u00e1laga 2023-\u00a0<\/a><a>revistalugardeencuentro<br \/>\n<\/a><a href=\"https:\/\/www.eldiario.es\/andalucia\/sevilla\/portavoz-mejores-expedientes-sevilla-no-julia-rivas-reflejo-sociedad-injusta_1_9935772.html\">Portavoz de los mejores expedientes de Sevilla: \u201cEstoy aqu\u00ed no solo como Julia Rivas, sino como reflejo de una sociedad injusta\u201d-<\/a>eldiario<\/p>\n<div class=\"ni-info\">\n<p class=\"signature\"><strong>Ciencia y Cultura<br \/>\n<\/strong><a class=\"title\" href=\"https:\/\/www.europapress.es\/andalucia\/sevilla-00357\/noticia-diputacion-sevilla-organizara-webinarios-institutos-visibilizar-labor-mujer-ciencia-20230209142113.html\" target=\"_blank\" rel=\"noopener\" data-artpy=\"0\" data-author=\"Europa Press\">La Diputaci\u00f3n de Sevilla organizar\u00e1 webinarios en institutos para \u00abvisibilizar\u00bb la labor de la mujer en la ciencia-\u00a0<\/a>europapress<br \/>\n<a href=\"https:\/\/www.google.com\/url?rct=j&amp;sa=t&amp;url=https:\/\/www.ugr.es\/visitantes\/agenda-cultural\/vi-jornada-mujeres-geologia-geologas-borde-limite-k-pg&amp;ct=ga&amp;cd=CAEYESoSMzExNjI4MjYzNzM4NzQwNTU4MhljMDM3MmViYzJmZWFkYTU5OmVzOmVzOkVT&amp;usg=AOvVaw0qs8mgdgEAccDJQ04JKUlk\" target=\"_blank\" rel=\"noopener\" data-saferedirecturl=\"https:\/\/www.google.com\/url?q=https:\/\/www.google.com\/url?rct%3Dj%26sa%3Dt%26url%3Dhttps:\/\/www.ugr.es\/visitantes\/agenda-cultural\/vi-jornada-mujeres-geologia-geologas-borde-limite-k-pg%26ct%3Dga%26cd%3DCAEYESoSMzExNjI4MjYzNzM4NzQwNTU4MhljMDM3MmViYzJmZWFkYTU5OmVzOmVzOkVT%26usg%3DAOvVaw0qs8mgdgEAccDJQ04JKUlk&amp;source=gmail&amp;ust=1676014414862000&amp;usg=AOvVaw0xQJ-HNYlA_vadrCQJ4OjZ\">VI Jornada \u00abMujeres y Geolog\u00eda: Ge\u00f3logas al borde del l\u00edmite K-Pg\u00bb &#8211;<\/a><a>Universidad de Granada<br \/>\n<\/a><a href=\"https:\/\/www.google.com\/url?rct=j&amp;sa=t&amp;url=https:\/\/www.ugr.es\/universidad\/noticias\/presentacion-ii-congreso-internacional-mujer-montana&amp;ct=ga&amp;cd=CAEYByoTMzc5NzE5MDIwOTI3Nzc1NDc0NTIZYzAzNzJlYmMyZmVhZGE1OTplczplczpFUw&amp;usg=AOvVaw2xfycTT1CctgMvgHOM8SxM\" target=\"_blank\" rel=\"noopener\" data-saferedirecturl=\"https:\/\/www.google.com\/url?q=https:\/\/www.google.com\/url?rct%3Dj%26sa%3Dt%26url%3Dhttps:\/\/www.ugr.es\/universidad\/noticias\/presentacion-ii-congreso-internacional-mujer-montana%26ct%3Dga%26cd%3DCAEYByoTMzc5NzE5MDIwOTI3Nzc1NDc0NTIZYzAzNzJlYmMyZmVhZGE1OTplczplczpFUw%26usg%3DAOvVaw2xfycTT1CctgMvgHOM8SxM&amp;source=gmail&amp;ust=1676101591912000&amp;usg=AOvVaw3JiVG6po0x9U1TJ_it7k0h\">Presentaci\u00f3n del II Congreso Internacional &#8216;Mujer y Monta\u00f1a&#8217; &#8211;<\/a><a>Universidad de Granada<br \/>\n<\/a><a href=\"https:\/\/www.google.com\/url?rct=j&amp;sa=t&amp;url=https:\/\/www.ugr.es\/universidad\/noticias\/federico-oloriz-cimcyc-participan-unas-jornadas-conjuntas-11f&amp;ct=ga&amp;cd=CAEYCCoTMzc5NzE5MDIwOTI3Nzc1NDc0NTIZYzAzNzJlYmMyZmVhZGE1OTplczplczpFUw&amp;usg=AOvVaw0V9JNHxrIsHH1E1BHAImx9\" target=\"_blank\" rel=\"noopener\" data-saferedirecturl=\"https:\/\/www.google.com\/url?q=https:\/\/www.google.com\/url?rct%3Dj%26sa%3Dt%26url%3Dhttps:\/\/www.ugr.es\/universidad\/noticias\/federico-oloriz-cimcyc-participan-unas-jornadas-conjuntas-11f%26ct%3Dga%26cd%3DCAEYCCoTMzc5NzE5MDIwOTI3Nzc1NDc0NTIZYzAzNzJlYmMyZmVhZGE1OTplczplczpFUw%26usg%3DAOvVaw0V9JNHxrIsHH1E1BHAImx9&amp;source=gmail&amp;ust=1676101591912000&amp;usg=AOvVaw3WqpHNS3hY60n8g4UGGIAw\">Investigadoras del Instituto de Neurociencias Federico Ol\u00f3riz y del CIMCYC participan en &#8230;-\u00a0<\/a><a>Universidad de Granada<br \/>\n<\/a><a class=\"title\" href=\"https:\/\/www.eldiario.es\/andalucia\/desdeelsur\/goya-maria-lejarraga_132_9939649.html\">A los Goya con Mar\u00eda Lej\u00e1rraga: por todas<\/a>-eldiario<\/p>\n<\/div>\n<p><strong>Deporte<br \/>\n<\/strong><a class=\"title\" href=\"https:\/\/www.diariodejerez.es\/deportes\/CTM-Jerez-femenino-nuevo-paso-ascenso_0_1765023690.html\" target=\"_blank\" rel=\"noopener\" data-artpy=\"0\" data-author=\"Diario de Jerez\">El CTM Jerez femenino, a dar un nuevo paso hacia la fase de ascenso-<\/a>diariodejerez<\/p>\n<\/div>\n<\/div>\n<div id=\"\" class=\"lsow-panel lsow-active\">\n<h1 class=\"lsow-panel-title\">Estado<\/h1>\n<div class=\"lsow-panel-content\">\n<p><strong>Institucional<br \/>\n<\/strong><a href=\"https:\/\/www.google.com\/url?rct=j&amp;sa=t&amp;url=https:\/\/www.servimedia.es\/noticias\/interior-pone-marcha-protocolo-para-alertar-victimas-violencia-genero-si-agresores-son-reincidentes\/3563035&amp;ct=ga&amp;cd=CAEYAioTMzU3MTkyOTEzNzc4ODIyODM4MTIZZTFlNzdkMTU2MDk4YThlMzplczplczpFUw&amp;usg=AOvVaw2dqy6mJUw_U4mMh4U9JQ_0\" target=\"_blank\" rel=\"noopener\" data-saferedirecturl=\"https:\/\/www.google.com\/url?q=https:\/\/www.google.com\/url?rct%3Dj%26sa%3Dt%26url%3Dhttps:\/\/www.servimedia.es\/noticias\/interior-pone-marcha-protocolo-para-alertar-victimas-violencia-genero-si-agresores-son-reincidentes\/3563035%26ct%3Dga%26cd%3DCAEYAioTMzU3MTkyOTEzNzc4ODIyODM4MTIZZTFlNzdkMTU2MDk4YThlMzplczplczpFUw%26usg%3DAOvVaw2dqy6mJUw_U4mMh4U9JQ_0&amp;source=gmail&amp;ust=1676101594042000&amp;usg=AOvVaw0cgd4kpDrAZNqvjAQ_CTWV\">Interior pone en marcha el protocolo para alertar a las v\u00edctimas de violencia de g\u00e9nero si los agresores son reincidentes&#8230;-\u00a0<\/a><a>Servimedia<br \/>\n<\/a><a class=\"title\" href=\"https:\/\/www.abc.es\/espana\/angela-rodriguez-insiste-preservar-consentimiento-ley-solo-20230209194808-vi.html\" target=\"_blank\" rel=\"noopener\" data-artpy=\"0\" data-author=\"ABC\">\u00c1ngela Rodr\u00edguez insiste en preservar el consentimiento en la ley del &#8216;solo s\u00ed es s\u00ed&#8217;-<\/a><a>abc<br \/>\n<\/a><a href=\"https:\/\/www.google.com\/url?rct=j&amp;sa=t&amp;url=http:\/\/www.andaluciasolidaria.org\/noticias\/item\/1805-la-nueva-ley-de-cooperacion-abre-el-camino-a-cambios-que-completaran-la-reforma-del-sistema-de-la-cooperacion-espanola&amp;ct=ga&amp;cd=CAEYACoTNjcyMzc0MDY1MjE5MDU4NTIxMjIZNGRhZTgxNjJlOGFmM2U4ODplczplczpFUw&amp;usg=AOvVaw2P6rXCpigTWVvbQJu4jETn\" target=\"_blank\" rel=\"noopener\" data-saferedirecturl=\"https:\/\/www.google.com\/url?q=https:\/\/www.google.com\/url?rct%3Dj%26sa%3Dt%26url%3Dhttp:\/\/www.andaluciasolidaria.org\/noticias\/item\/1805-la-nueva-ley-de-cooperacion-abre-el-camino-a-cambios-que-completaran-la-reforma-del-sistema-de-la-cooperacion-espanola%26ct%3Dga%26cd%3DCAEYACoTNjcyMzc0MDY1MjE5MDU4NTIxMjIZNGRhZTgxNjJlOGFmM2U4ODplczplczpFUw%26usg%3DAOvVaw2P6rXCpigTWVvbQJu4jETn&amp;source=gmail&amp;ust=1676018340132000&amp;usg=AOvVaw1vuBbkhnmabCMPyvAXpeOj\">Pilar Cancela, secretaria de Estado de Cooperaci\u00f3n Internacional: \u00abLa descentralizada es &#8230;\u00a0<\/a>&#8211;<a>FAMSI<br \/>\n<\/a><a href=\"https:\/\/www.google.com\/url?rct=j&amp;sa=t&amp;url=https:\/\/elpais.com\/planeta-futuro\/2023-02-09\/claves-de-la-nueva-ley-de-cooperacion-mas-feminista-global-y-con-el-compromiso-del-07.html&amp;ct=ga&amp;cd=CAEYACoUMTA3OTQ2MzQ2NDYyMTM2OTQyMDgyGTU5ZDc4MTcxMzZhMmQwMjg6ZXM6ZXM6RVM&amp;usg=AOvVaw1ldDyJeK1IMOI6rkMhhDBZ\" target=\"_blank\" rel=\"noopener\" data-saferedirecturl=\"https:\/\/www.google.com\/url?q=https:\/\/www.google.com\/url?rct%3Dj%26sa%3Dt%26url%3Dhttps:\/\/elpais.com\/planeta-futuro\/2023-02-09\/claves-de-la-nueva-ley-de-cooperacion-mas-feminista-global-y-con-el-compromiso-del-07.html%26ct%3Dga%26cd%3DCAEYACoUMTA3OTQ2MzQ2NDYyMTM2OTQyMDgyGTU5ZDc4MTcxMzZhMmQwMjg6ZXM6ZXM6RVM%26usg%3DAOvVaw1ldDyJeK1IMOI6rkMhhDBZ&amp;source=gmail&amp;ust=1676101593163000&amp;usg=AOvVaw2oIVSgV5vJ2sOcrVSCoOau\">Claves de la nueva ley de cooperaci\u00f3n: m\u00e1s feminista, global y con el compromiso del 0,7%-\u00a0<\/a><a>El Pa\u00eds<\/a><\/p>\n<p><strong>Institucional \u2013 CCAA<\/strong><br \/>\n<a href=\"https:\/\/www.google.com\/url?rct=j&amp;sa=t&amp;url=https:\/\/www.cmmedia.es\/noticias\/castilla-la-mancha\/ana-pelaez-fademur-premios-luisa-medrano.html&amp;ct=ga&amp;cd=CAEYBCoSMzExNjI4MjYzNzM4NzQwNTU4MhljMDM3MmViYzJmZWFkYTU5OmVzOmVzOkVT&amp;usg=AOvVaw38GA4YNH5Na7nv-HEwFUcD\" target=\"_blank\" rel=\"noopener\" data-saferedirecturl=\"https:\/\/www.google.com\/url?q=https:\/\/www.google.com\/url?rct%3Dj%26sa%3Dt%26url%3Dhttps:\/\/www.cmmedia.es\/noticias\/castilla-la-mancha\/ana-pelaez-fademur-premios-luisa-medrano.html%26ct%3Dga%26cd%3DCAEYBCoSMzExNjI4MjYzNzM4NzQwNTU4MhljMDM3MmViYzJmZWFkYTU5OmVzOmVzOkVT%26usg%3DAOvVaw38GA4YNH5Na7nv-HEwFUcD&amp;source=gmail&amp;ust=1676014414861000&amp;usg=AOvVaw1xQNaYznVRfPIodaqNdyhq\">Ana Pel\u00e1ez y Fademur, Premios Luisa de Medrano &#8211;\u00a0<\/a><a>Castilla-La Mancha Media<br \/>\n<\/a><a href=\"https:\/\/www.google.com\/url?rct=j&amp;sa=t&amp;url=https:\/\/presidencia.gva.es\/va\/c\/portal\/update_language%3Fp_l_id%3D82909075%26redirect%3D%252Fca%252Fweb%252Fdg-relaciones-ue%252Fnews%252F-%252Fasset_publisher%252Fnna380bhudM2%252Fcontent%252Feni-cbc-med-organiza-el-seminario-web-mujeres-emprendedoras-un-activo-esencial-para-lograr-una-verdadera-igualdad-de-genero-en-el-mediterraneo-%26languageId%3Des_ES&amp;ct=ga&amp;cd=CAEYCCoTNDc3MTcxMDA4MTAyMjQ5NDE5MzIbYjllN2U5Y2Y4NzUzM2FlYjplczplczpFUzpM&amp;usg=AOvVaw2oEwvBTM0wPpknqSYGU3-m\" target=\"_blank\" rel=\"noopener\" data-saferedirecturl=\"https:\/\/www.google.com\/url?q=https:\/\/www.google.com\/url?rct%3Dj%26sa%3Dt%26url%3Dhttps:\/\/presidencia.gva.es\/va\/c\/portal\/update_language%253Fp_l_id%253D82909075%2526redirect%253D%25252Fca%25252Fweb%25252Fdg-relaciones-ue%25252Fnews%25252F-%25252Fasset_publisher%25252Fnna380bhudM2%25252Fcontent%25252Feni-cbc-med-organiza-el-seminario-web-mujeres-emprendedoras-un-activo-esencial-para-lograr-una-verdadera-igualdad-de-genero-en-el-mediterraneo-%2526languageId%253Des_ES%26ct%3Dga%26cd%3DCAEYCCoTNDc3MTcxMDA4MTAyMjQ5NDE5MzIbYjllN2U5Y2Y4NzUzM2FlYjplczplczpFUzpM%26usg%3DAOvVaw2oEwvBTM0wPpknqSYGU3-m&amp;source=gmail&amp;ust=1676020147721000&amp;usg=AOvVaw2V3n8u62EYwICMF0HvkFm0\">Mujeres emprendedoras: un activo esencial para lograr una verdadera igualdad de g\u00e9nero &#8230;-\u00a0<\/a><a>Generalitat Valenciana<\/a><strong><br \/>\n<\/strong><a class=\"title\" href=\"https:\/\/www.noticiasdealava.eus\/economia\/2023\/02\/10\/euskadi-eleva-mujeres-dedicadas-i-6427424.html\" target=\"_blank\" rel=\"noopener\" data-artpy=\"0\" data-author=\"noticiasdealava.eus\">Euskadi eleva las mujeres dedicadas a I+D pero mantiene la brecha de g\u00e9nero-\u00a0<\/a>noticiasdealava<\/p>\n<p><strong>Econom\u00eda y Empresa<br \/>\n<\/strong><a class=\"title\" href=\"https:\/\/www.eldiario.es\/politica\/ultima-hora-actualidad-politica-directo_6_9937461_1097484.html\" target=\"_blank\" rel=\"noopener\" data-artpy=\"0\" data-author=\"eldiario.es\">Yolanda D\u00edaz pide al l\u00edder de la patronal \u201ccoherencia\u201d y que negocie salarios tras subirse el sueldo a 400.000 euros-<\/a>eldiario<strong><br \/>\n<\/strong><a class=\"title\" href=\"https:\/\/www.businessinsider.es\/momento-mujeres-mundo-financiero-1194592\" target=\"_blank\" rel=\"noopener\" data-artpy=\"0\" data-author=\"Business Insider\">\u00abEs el momento de las mujeres en el mundo financiero\u00bb-\u00a0<\/a>businessinsider<strong><br \/>\n<\/strong><a class=\"title\" href=\"https:\/\/www.bolsamania.com\/noticias\/empresas\/economiaempresas--las-empresas-del-ibex-35-tienen-un-21-de-mujeres-directivas-26-puntos-menos-que-en-europa--12258096.html\" target=\"_blank\" rel=\"noopener\" data-artpy=\"0\" data-author=\"Capitalbolsa\">Las empresas del Ibex 35 tienen un 21% de mujeres directivas, 2,6 puntos menos que en Europa-\u00a0<\/a>bolsamania<br \/>\n<a class=\"title\" href=\"https:\/\/www.diariosigloxxi.com\/texto-ep\/mostrar\/20230210111942\/industria-farmaceutica-defiende-referente-integracion-mujer-investigadora\" target=\"_blank\" rel=\"noopener\" data-artpy=\"0\" data-author=\"Diario Siglo XXI\">La industria farmac\u00e9utica defiende que es \u00abreferente para la integraci\u00f3n de la mujer investigadora\u00bb-<\/a>diariosigloxii<strong><br \/>\n<\/strong><a href=\"https:\/\/www.google.com\/url?rct=j&amp;sa=t&amp;url=https:\/\/es.ara.cat\/sociedad\/multa-ofrecer-trabajo-mujeres-40-anos_1_4621267.html&amp;ct=ga&amp;cd=CAEYKioSMzExNjI4MjYzNzM4NzQwNTU4MhljMDM3MmViYzJmZWFkYTU5OmVzOmVzOkVT&amp;usg=AOvVaw2ZNER_iog3ylC3ikIOMsFm\" target=\"_blank\" rel=\"noopener\" data-saferedirecturl=\"https:\/\/www.google.com\/url?hl=es&amp;q=https:\/\/www.google.com\/url?rct%3Dj%26sa%3Dt%26url%3Dhttps:\/\/es.ara.cat\/sociedad\/multa-ofrecer-trabajo-mujeres-40-anos_1_4621267.html%26ct%3Dga%26cd%3DCAEYKioSMzExNjI4MjYzNzM4NzQwNTU4MhljMDM3MmViYzJmZWFkYTU5OmVzOmVzOkVT%26usg%3DAOvVaw2ZNER_iog3ylC3ikIOMsFm&amp;source=gmail&amp;ust=1676023705408000&amp;usg=AOvVaw25mP06Qo4ljNR6lCaRBzf8\">Multa por ofrecer trabajo solo a \u00abmujeres de m\u00e1s de 40 a\u00f1os\u00bb &#8211;<\/a><a>Diari ARA<\/a><\/p>\n<p><strong>Actualidad<br \/>\n<\/strong><a class=\"title\" href=\"https:\/\/www.elsaltodiario.com\/sanidad-publica\/comision-8m-madrid-arranca-motores-un-llamamiento-manifestacion-favor-sanidad-publica\" target=\"_blank\" rel=\"noopener\" data-artpy=\"0\" data-author=\"elsaltodiario\">Las feministas saldr\u00e1n en bloque este 12 de febrero en Madrid en defensa de la sanidad p\u00fablica-\u00a0<\/a>elsaltodiario<br \/>\n<a href=\"https:\/\/www.eldiario.es\/sociedad\/ley-si-si-desmoralizacion-feminismo_129_9936978.html\">La ley del &#8216;solo s\u00ed es s\u00ed&#8217; y la desmoralizaci\u00f3n del feminismo<\/a>-eldiario<\/p>\n<p><strong>Violencias<br \/>\n<\/strong><a href=\"https:\/\/www.google.com\/url?rct=j&amp;sa=t&amp;url=https:\/\/www.elconfidencial.com\/espana\/2023-02-08\/agresion-sexual-miedo-denuncias-encuesta-cis_3572033\/&amp;ct=ga&amp;cd=CAEYBSoTMzU3MTkyOTEzNzc4ODIyODM4MTIZZTFlNzdkMTU2MDk4YThlMzplczplczpFUw&amp;usg=AOvVaw2JdgD3CqzwoxqfLs3kI8M0\" target=\"_blank\" rel=\"noopener\" data-saferedirecturl=\"https:\/\/www.google.com\/url?q=https:\/\/www.google.com\/url?rct%3Dj%26sa%3Dt%26url%3Dhttps:\/\/www.elconfidencial.com\/espana\/2023-02-08\/agresion-sexual-miedo-denuncias-encuesta-cis_3572033\/%26ct%3Dga%26cd%3DCAEYBSoTMzU3MTkyOTEzNzc4ODIyODM4MTIZZTFlNzdkMTU2MDk4YThlMzplczplczpFUw%26usg%3DAOvVaw2JdgD3CqzwoxqfLs3kI8M0&amp;source=gmail&amp;ust=1676101594042000&amp;usg=AOvVaw3WWsAS6VOALsGtpjqnyJlv\">El miedo al agresor y a no ser cre\u00edda: un 75% de los espa\u00f1oles cree que apenas se &#8230;-\u00a0<\/a><a>El Confidencial<\/a><\/p>\n<p><strong>Ciencia y Cultura<br \/>\n<\/strong><a href=\"https:\/\/www.google.com\/url?rct=j&amp;sa=t&amp;url=https:\/\/www.lamoncloa.gob.es\/serviciosdeprensa\/notasprensa\/ciencia-e-innovacion\/Paginas\/2023\/080223-dia-internacional-mujer-nina-ciencia.aspx&amp;ct=ga&amp;cd=CAEYByoSMzExNjI4MjYzNzM4NzQwNTU4MhljMDM3MmViYzJmZWFkYTU5OmVzOmVzOkVT&amp;usg=AOvVaw22sJPEIA95eA6QNvCZNeXH\" target=\"_blank\" rel=\"noopener\" data-saferedirecturl=\"https:\/\/www.google.com\/url?q=https:\/\/www.google.com\/url?rct%3Dj%26sa%3Dt%26url%3Dhttps:\/\/www.lamoncloa.gob.es\/serviciosdeprensa\/notasprensa\/ciencia-e-innovacion\/Paginas\/2023\/080223-dia-internacional-mujer-nina-ciencia.aspx%26ct%3Dga%26cd%3DCAEYByoSMzExNjI4MjYzNzM4NzQwNTU4MhljMDM3MmViYzJmZWFkYTU5OmVzOmVzOkVT%26usg%3DAOvVaw22sJPEIA95eA6QNvCZNeXH&amp;source=gmail&amp;ust=1676014414861000&amp;usg=AOvVaw33BkOsR0S2nqltpl5PMs95\">Ciencia e Innovaci\u00f3n celebra el D\u00eda Internacional de la\u00a0Mujer y la &#8230;-\u00a0<\/a><a>La Moncloa<br \/>\n<\/a><a href=\"https:\/\/www.google.com\/url?rct=j&amp;sa=t&amp;url=https:\/\/cadenaser.com\/cmadrid\/2023\/02\/09\/seis-investigadoras-del-csic-fomentaran-las-vocaciones-cientificas-de-las-ninas-y-las-jovenes-estudiantes-de-alcobendas-ser-madrid-norte\/&amp;ct=ga&amp;cd=CAEYFyoTMzc5NzE5MDIwOTI3Nzc1NDc0NTIZYzAzNzJlYmMyZmVhZGE1OTplczplczpFUw&amp;usg=AOvVaw3dCChtpcZ1vmfQxMs5b0JK\" target=\"_blank\" rel=\"noopener\" data-saferedirecturl=\"https:\/\/www.google.com\/url?hl=es&amp;q=https:\/\/www.google.com\/url?rct%3Dj%26sa%3Dt%26url%3Dhttps:\/\/cadenaser.com\/cmadrid\/2023\/02\/09\/seis-investigadoras-del-csic-fomentaran-las-vocaciones-cientificas-de-las-ninas-y-las-jovenes-estudiantes-de-alcobendas-ser-madrid-norte\/%26ct%3Dga%26cd%3DCAEYFyoTMzc5NzE5MDIwOTI3Nzc1NDc0NTIZYzAzNzJlYmMyZmVhZGE1OTplczplczpFUw%26usg%3DAOvVaw3dCChtpcZ1vmfQxMs5b0JK&amp;source=gmail&amp;ust=1676110907265000&amp;usg=AOvVaw3SDQZyH33oqGydGK_fO3dA\">Seis investigadoras del CSIC fomentar\u00e1n las vocaciones cient\u00edficas de las ni\u00f1as y &#8230; &#8211;\u00a0<\/a><a>Cadena SER<br \/>\n<\/a><a href=\"https:\/\/www.google.com\/url?rct=j&amp;sa=t&amp;url=https:\/\/www.europapress.es\/epsocial\/igualdad\/noticia-instituto-mujeres-rendira-homenaje-mujeres-artes-escenicas-antesala-8m-20230209175513.html&amp;ct=ga&amp;cd=CAEYASoTMzc5NzE5MDIwOTI3Nzc1NDc0NTIZYzAzNzJlYmMyZmVhZGE1OTplczplczpFUw&amp;usg=AOvVaw1DbUf8z0rh-bBRzh5uWzBV\" target=\"_blank\" rel=\"noopener\" data-saferedirecturl=\"https:\/\/www.google.com\/url?q=https:\/\/www.google.com\/url?rct%3Dj%26sa%3Dt%26url%3Dhttps:\/\/www.europapress.es\/epsocial\/igualdad\/noticia-instituto-mujeres-rendira-homenaje-mujeres-artes-escenicas-antesala-8m-20230209175513.html%26ct%3Dga%26cd%3DCAEYASoTMzc5NzE5MDIwOTI3Nzc1NDc0NTIZYzAzNzJlYmMyZmVhZGE1OTplczplczpFUw%26usg%3DAOvVaw1DbUf8z0rh-bBRzh5uWzBV&amp;source=gmail&amp;ust=1676101591911000&amp;usg=AOvVaw2iUUeeMbI5xl_qkfqAzmlF\">El Instituto\u00a0de las\u00a0Mujeres\u00a0rendir\u00e1 homenaje a las\u00a0mujeres de las artes esc\u00e9nicas &#8230; &#8211;\u00a0<\/a><a>Europa Press<br \/>\n<\/a><a href=\"https:\/\/www.google.com\/url?rct=j&amp;sa=t&amp;url=https:\/\/www.elconfidencial.com\/cultura\/2023-02-08\/paridad-cine-directoras-goya-cine-espanol_3571514\/&amp;ct=ga&amp;cd=CAEYECoSMzExNjI4MjYzNzM4NzQwNTU4MhljMDM3MmViYzJmZWFkYTU5OmVzOmVzOkVT&amp;usg=AOvVaw0FqQ94t8OVRgvnCqB6a-d8\" target=\"_blank\" rel=\"noopener\" data-saferedirecturl=\"https:\/\/www.google.com\/url?q=https:\/\/www.google.com\/url?rct%3Dj%26sa%3Dt%26url%3Dhttps:\/\/www.elconfidencial.com\/cultura\/2023-02-08\/paridad-cine-directoras-goya-cine-espanol_3571514\/%26ct%3Dga%26cd%3DCAEYECoSMzExNjI4MjYzNzM4NzQwNTU4MhljMDM3MmViYzJmZWFkYTU5OmVzOmVzOkVT%26usg%3DAOvVaw0FqQ94t8OVRgvnCqB6a-d8&amp;source=gmail&amp;ust=1676014414862000&amp;usg=AOvVaw2B0f9R4Jkmb4UZOTvM_By1\">De verdad que las mujeres no saben dirigir? Las nominadas al Goya desmontan el mito-\u00a0<\/a><a>El Confidencial<br \/>\n<\/a><a href=\"https:\/\/www.google.com\/url?rct=j&amp;sa=t&amp;url=https:\/\/www.rtve.es\/noticias\/20230207\/erotismo-genero-epistolar-cartas-pardo-bazan-goya-miguel-hernandez\/2422148.shtml&amp;ct=ga&amp;cd=CAEYFyoUMTA3OTQ2MzQ2NDYyMTM2OTQyMDgyGTU5ZDc4MTcxMzZhMmQwMjg6ZXM6ZXM6RVM&amp;usg=AOvVaw2ixRINxvAy0voDOExKouTX\" target=\"_blank\" rel=\"noopener\" data-saferedirecturl=\"https:\/\/www.google.com\/url?hl=es&amp;q=https:\/\/www.google.com\/url?rct%3Dj%26sa%3Dt%26url%3Dhttps:\/\/www.rtve.es\/noticias\/20230207\/erotismo-genero-epistolar-cartas-pardo-bazan-goya-miguel-hernandez\/2422148.shtml%26ct%3Dga%26cd%3DCAEYFyoUMTA3OTQ2MzQ2NDYyMTM2OTQyMDgyGTU5ZDc4MTcxMzZhMmQwMjg6ZXM6ZXM6RVM%26usg%3DAOvVaw2ixRINxvAy0voDOExKouTX&amp;source=gmail&amp;ust=1676109947978000&amp;usg=AOvVaw1KQ8DYbqzTGVxLXiBh3SRs\">El erotismo en el g\u00e9nero epistolar: las cartas de Pardo Baz\u00e1n, Goya o Miguel Hern\u00e1ndez-\u00a0<\/a><a>rtve<br \/>\n<\/a><a class=\"title\" href=\"https:\/\/www.antena3.com\/noticias\/cultura\/premios-goya-nombre-mujer_2023020963e0fe84bf44120001c1de17.html\" target=\"_blank\" rel=\"noopener\" data-artpy=\"0\" data-author=\"Antena 3\">Unos Premios Goya con nombre de mujer-<\/a>antena3<a><br \/>\n<\/a><a class=\"title\" href=\"https:\/\/www.20minutos.es\/mujer\/mas-mujer\/natalia-lacunza-no-se-percibe-igual-el-proyecto-de-un-hombre-que-el-de-una-mujer-nosotras-tenemos-que-justificar-mucho-mas-5099213\/\" target=\"_blank\" rel=\"noopener\" data-artpy=\"0\" data-author=\"20 minutos\">Natalia Lacunza: \u00abNo se percibe igual el proyecto de un hombre que el de una mujer, nosotras tenemos que justificarlo mucho m\u00e1s\u00bb-\u00a0<\/a><a>20minutos<\/a><\/p>\n<p><strong>Deporte<br \/>\n<\/strong><a class=\"title\" href=\"https:\/\/www.marca.com\/baloncesto\/2023\/02\/10\/63e61f3846163f458c8b45e8.html\" target=\"_blank\" rel=\"noopener\" data-artpy=\"0\" data-author=\"MARCA\">Esc\u00e1ndalo machista y de abuso arbitral en la Primera Catalana: \u00abCon el baloncesto masculino no me aburro\u00bb-\u00a0<\/a>marca<br \/>\n<a href=\"https:\/\/elpais.com\/deportes\/2023-02-10\/muere-atropellada-la-ciclista-de-19-anos-estela-dominguez-mientras-entrenaba-en-salamanca.html\">Muere atropellada la ciclista de 18 a\u00f1os Estela Dom\u00ednguez mientras se entrenaba en Salamanca<\/a>-elpais<br \/>\n<a href=\"https:\/\/elpais.com\/deportes\/2023-02-10\/marta-frias-arbitra-me-han-mandado-a-fregar-tantas-veces-como-fregonas-hay-en-espana.html\">Marta Fr\u00edas, \u00e1rbitra: \u201cMe han mandado a fregar tantas veces como fregonas hay en Espa\u00f1a\u201d<\/a>-elpais<\/p>\n<\/div>\n<\/div>\n<div id=\"\" class=\"lsow-panel lsow-active\">\n<h1 class=\"lsow-panel-title\">Internacional<\/h1>\n<div class=\"lsow-panel-content\">\n<p><a href=\"https:\/\/www.google.com\/url?rct=j&amp;sa=t&amp;url=https:\/\/lac.unwomen.org\/es\/stories\/noticia\/2023\/02\/instan-a-cerrar-la-brecha-digital-de-genero-para-lograr-la-autonomia-de-las-mujeres-y-la-igualdad-sustantiva-en-america-latina-y-el-caribe&amp;ct=ga&amp;cd=CAEYACoTMzU3MTkyOTEzNzc4ODIyODM4MTIZZTFlNzdkMTU2MDk4YThlMzplczplczpFUw&amp;usg=AOvVaw39VsLMmty8JYd0_HpAPyXd\" target=\"_blank\" rel=\"noopener\" data-saferedirecturl=\"https:\/\/www.google.com\/url?q=https:\/\/www.google.com\/url?rct%3Dj%26sa%3Dt%26url%3Dhttps:\/\/lac.unwomen.org\/es\/stories\/noticia\/2023\/02\/instan-a-cerrar-la-brecha-digital-de-genero-para-lograr-la-autonomia-de-las-mujeres-y-la-igualdad-sustantiva-en-america-latina-y-el-caribe%26ct%3Dga%26cd%3DCAEYACoTMzU3MTkyOTEzNzc4ODIyODM4MTIZZTFlNzdkMTU2MDk4YThlMzplczplczpFUw%26usg%3DAOvVaw39VsLMmty8JYd0_HpAPyXd&amp;source=gmail&amp;ust=1676101594041000&amp;usg=AOvVaw1elX7xu3kKZwr_2mQEhTLm\">Instan a cerrar la brecha digital de g\u00e9nero para lograr la autonom\u00eda de las mujeres y la &#8230;-\u00a0<\/a><a>ONU Mujeres<br \/>\n<\/a><a href=\"https:\/\/www.google.com\/url?rct=j&amp;sa=t&amp;url=https:\/\/prensa.cba.gov.ar\/informacion-general\/cordoba-sede-del-encuentro-suprarregional-de-mujeres\/&amp;ct=ga&amp;cd=CAEYECoUMTA3OTQ2MzQ2NDYyMTM2OTQyMDgyGTU5ZDc4MTcxMzZhMmQwMjg6ZXM6ZXM6RVM&amp;usg=AOvVaw0t1O0utDfFjx04n59gI89n\" target=\"_blank\" rel=\"noopener\" data-saferedirecturl=\"https:\/\/www.google.com\/url?q=https:\/\/www.google.com\/url?rct%3Dj%26sa%3Dt%26url%3Dhttps:\/\/prensa.cba.gov.ar\/informacion-general\/cordoba-sede-del-encuentro-suprarregional-de-mujeres\/%26ct%3Dga%26cd%3DCAEYECoUMTA3OTQ2MzQ2NDYyMTM2OTQyMDgyGTU5ZDc4MTcxMzZhMmQwMjg6ZXM6ZXM6RVM%26usg%3DAOvVaw0t1O0utDfFjx04n59gI89n&amp;source=gmail&amp;ust=1676101593166000&amp;usg=AOvVaw1KhAIxcYrV-yx_yfEtFqvF\">C\u00f3rdoba, sede del Encuentro Suprarregional de Mujeres &#8211;\u00a0<\/a><a>Prensa Cba<br \/>\n<\/a><a class=\"title\" href=\"https:\/\/www.servimedia.es\/noticias\/33-investigadores-todo-mundo-son-mujeres\/3563721\" target=\"_blank\" rel=\"noopener\" data-artpy=\"0\" data-author=\"Servimedia\">El 33% de los investigadores de todo el mundo son mujeres-\u00a0<\/a><a>servimedia<br \/>\n<\/a><a class=\"title\" href=\"https:\/\/www.elperiodico.com\/es\/extra\/20230209\/india-elimina-dia-san-valentin-enamorados-declara-dia-abrazo-vaca-dv-82742572\" target=\"_blank\" rel=\"noopener\" data-artpy=\"0\" data-author=\"El Peri\u00f3dico\">India elimina San Valent\u00edn y declara el D\u00eda del Abrazo de Vaca para fomentar los valores tradicionales-\u00a0<\/a><a>elperiodico<br \/>\n<\/a><a class=\"title\" href=\"https:\/\/www.triatlonweb.es\/noticias\/challenge-roth-2023-femenino-mejor-lista-salida-historia-triatlon-europeo_272085_102.html\" target=\"_blank\" rel=\"noopener\" data-artpy=\"0\" data-author=\"triatlonweb\">Challenge Roth 2023 femenino: la mejor lista de salida de la historia fuera de Hawaii-\u00a0<\/a><a>triatlonweb<\/a><\/p>\n<\/div>\n<\/div>\n<\/div><\/div><\/div><\/div><\/div>\n","protected":false},"excerpt":{"rendered":"<p>Interior pone en marcha el protocolo para alertar a las v\u00edctimas de violencia de g\u00e9nero si los agresores son reincidentes * Claves de la nueva ley de cooperaci\u00f3n: m\u00e1s feminista, global y con el compromiso del 0,7% * 11F el 33% de los investigadores de todo el mundo son mujeres * Unos Premios Goya con nombre de mujer<\/p>\n","protected":false},"author":3,"featured_media":22909,"comment_status":"closed","ping_status":"closed","sticky":false,"template":"","format":"standard","meta":{"footnotes":""},"categories":[298,621],"tags":[272,109],"class_list":["post-18682","post","type-post","status-publish","format-standard","has-post-thumbnail","hentry","category-newsletter","category-nwl-3-0","tag-cooperacion-feminista","tag-violencia-de-genero"],"yoast_head":"<!-- This site is optimized with the Yoast SEO plugin v27.5 - https:\/\/yoast.com\/product\/yoast-seo-wordpress\/ -->\n<title>Noticias Info CKL n\u00ba 2760-10\/02\/23 -Comunicar con perspectiva de g\u00e9nero<\/title>\n<meta name=\"description\" content=\"Noticias Info CKL n\u00ba 2760-10\/02\/23 Interior pone en marcha el protocolo para alertar a las v\u00edctimas de violencia de g\u00e9nero si los agresores son reincidentes * Claves de la nueva ley de cooperaci\u00f3n: m\u00e1s feminista, global y con el compromiso del 0,7% * 11F el 33% de los investigadores de todo el mundo son mujeres * Unos Premios Goya con nombre de mujer\" \/>\n<meta name=\"robots\" content=\"index, follow, max-snippet:-1, max-image-preview:large, max-video-preview:-1\" \/>\n<link rel=\"canonical\" href=\"https:\/\/cklcomunicaciones.es\/coop\/noticias-info-ckl-no-2760-10-02-23\/\" \/>\n<meta property=\"og:locale\" content=\"es_ES\" \/>\n<meta property=\"og:type\" content=\"article\" \/>\n<meta property=\"og:title\" content=\"Noticias Info CKL n\u00ba 2760-10\/02\/23 -Comunicar con perspectiva de g\u00e9nero\" \/>\n<meta property=\"og:description\" content=\"Noticias Info CKL n\u00ba 2760-10\/02\/23 Interior pone en marcha el protocolo para alertar a las v\u00edctimas de violencia de g\u00e9nero si los agresores son reincidentes * Claves de la nueva ley de cooperaci\u00f3n: m\u00e1s feminista, global y con el compromiso del 0,7% * 11F el 33% de los investigadores de todo el mundo son mujeres * Unos Premios Goya con nombre de mujer\" \/>\n<meta property=\"og:url\" content=\"https:\/\/cklcomunicaciones.es\/coop\/noticias-info-ckl-no-2760-10-02-23\/\" \/>\n<meta property=\"og:site_name\" content=\"CKL Comunicaciones\" \/>\n<meta property=\"article:published_time\" content=\"2023-02-10T13:15:23+00:00\" \/>\n<meta property=\"article:modified_time\" content=\"2025-02-08T14:30:27+00:00\" \/>\n<meta property=\"og:image\" content=\"https:\/\/cklcomunicaciones.es\/coop\/wp-content\/uploads\/2025\/01\/CKL-una-mirada-distinta-de-la-comunicacion.jpg\" \/>\n\t<meta property=\"og:image:width\" content=\"1482\" \/>\n\t<meta property=\"og:image:height\" content=\"775\" \/>\n\t<meta property=\"og:image:type\" content=\"image\/jpeg\" \/>\n<meta name=\"author\" content=\"ckl\" \/>\n<meta name=\"twitter:card\" content=\"summary_large_image\" \/>\n<meta name=\"twitter:label1\" content=\"Escrito por\" \/>\n\t<meta name=\"twitter:data1\" content=\"ckl\" \/>\n\t<meta name=\"twitter:label2\" content=\"Tiempo de lectura\" \/>\n\t<meta name=\"twitter:data2\" content=\"6 minutos\" \/>\n<script type=\"application\/ld+json\" class=\"yoast-schema-graph\">{\"@context\":\"https:\\\/\\\/schema.org\",\"@graph\":[{\"@type\":\"Article\",\"@id\":\"https:\\\/\\\/cklcomunicaciones.es\\\/coop\\\/noticias-info-ckl-no-2760-10-02-23\\\/#article\",\"isPartOf\":{\"@id\":\"https:\\\/\\\/cklcomunicaciones.es\\\/coop\\\/noticias-info-ckl-no-2760-10-02-23\\\/\"},\"author\":{\"name\":\"ckl\",\"@id\":\"https:\\\/\\\/cklcomunicaciones.es\\\/coop\\\/#\\\/schema\\\/person\\\/929a6837f7626450bbb50cee1aef266e\"},\"headline\":\"Noticias Info CKL n\u00ba 2760-10\\\/02\\\/23\",\"datePublished\":\"2023-02-10T13:15:23+00:00\",\"dateModified\":\"2025-02-08T14:30:27+00:00\",\"mainEntityOfPage\":{\"@id\":\"https:\\\/\\\/cklcomunicaciones.es\\\/coop\\\/noticias-info-ckl-no-2760-10-02-23\\\/\"},\"wordCount\":1196,\"image\":{\"@id\":\"https:\\\/\\\/cklcomunicaciones.es\\\/coop\\\/noticias-info-ckl-no-2760-10-02-23\\\/#primaryimage\"},\"thumbnailUrl\":\"https:\\\/\\\/cklcomunicaciones.es\\\/coop\\\/wp-content\\\/uploads\\\/2025\\\/01\\\/CKL-una-mirada-distinta-de-la-comunicacion.jpg\",\"keywords\":[\"cooperaci\u00f3n feminista\",\"violencia de g\u00e9nero\"],\"articleSection\":[\"Newsletter\",\"Nwl v3.0\"],\"inLanguage\":\"es\"},{\"@type\":\"WebPage\",\"@id\":\"https:\\\/\\\/cklcomunicaciones.es\\\/coop\\\/noticias-info-ckl-no-2760-10-02-23\\\/\",\"url\":\"https:\\\/\\\/cklcomunicaciones.es\\\/coop\\\/noticias-info-ckl-no-2760-10-02-23\\\/\",\"name\":\"Noticias Info CKL n\u00ba 2760-10\\\/02\\\/23 -Comunicar con perspectiva de g\u00e9nero\",\"isPartOf\":{\"@id\":\"https:\\\/\\\/cklcomunicaciones.es\\\/coop\\\/#website\"},\"primaryImageOfPage\":{\"@id\":\"https:\\\/\\\/cklcomunicaciones.es\\\/coop\\\/noticias-info-ckl-no-2760-10-02-23\\\/#primaryimage\"},\"image\":{\"@id\":\"https:\\\/\\\/cklcomunicaciones.es\\\/coop\\\/noticias-info-ckl-no-2760-10-02-23\\\/#primaryimage\"},\"thumbnailUrl\":\"https:\\\/\\\/cklcomunicaciones.es\\\/coop\\\/wp-content\\\/uploads\\\/2025\\\/01\\\/CKL-una-mirada-distinta-de-la-comunicacion.jpg\",\"datePublished\":\"2023-02-10T13:15:23+00:00\",\"dateModified\":\"2025-02-08T14:30:27+00:00\",\"author\":{\"@id\":\"https:\\\/\\\/cklcomunicaciones.es\\\/coop\\\/#\\\/schema\\\/person\\\/929a6837f7626450bbb50cee1aef266e\"},\"description\":\"Noticias Info CKL n\u00ba 2760-10\\\/02\\\/23 Interior pone en marcha el protocolo para alertar a las v\u00edctimas de violencia de g\u00e9nero si los agresores son reincidentes * Claves de la nueva ley de cooperaci\u00f3n: m\u00e1s feminista, global y con el compromiso del 0,7% * 11F el 33% de los investigadores de todo el mundo son mujeres * Unos Premios Goya con nombre de mujer\",\"breadcrumb\":{\"@id\":\"https:\\\/\\\/cklcomunicaciones.es\\\/coop\\\/noticias-info-ckl-no-2760-10-02-23\\\/#breadcrumb\"},\"inLanguage\":\"es\",\"potentialAction\":[{\"@type\":\"ReadAction\",\"target\":[\"https:\\\/\\\/cklcomunicaciones.es\\\/coop\\\/noticias-info-ckl-no-2760-10-02-23\\\/\"]}]},{\"@type\":\"ImageObject\",\"inLanguage\":\"es\",\"@id\":\"https:\\\/\\\/cklcomunicaciones.es\\\/coop\\\/noticias-info-ckl-no-2760-10-02-23\\\/#primaryimage\",\"url\":\"https:\\\/\\\/cklcomunicaciones.es\\\/coop\\\/wp-content\\\/uploads\\\/2025\\\/01\\\/CKL-una-mirada-distinta-de-la-comunicacion.jpg\",\"contentUrl\":\"https:\\\/\\\/cklcomunicaciones.es\\\/coop\\\/wp-content\\\/uploads\\\/2025\\\/01\\\/CKL-una-mirada-distinta-de-la-comunicacion.jpg\",\"width\":1482,\"height\":775,\"caption\":\"CKL - una mirada distinta de la comunicacion\"},{\"@type\":\"BreadcrumbList\",\"@id\":\"https:\\\/\\\/cklcomunicaciones.es\\\/coop\\\/noticias-info-ckl-no-2760-10-02-23\\\/#breadcrumb\",\"itemListElement\":[{\"@type\":\"ListItem\",\"position\":1,\"name\":\"Portada\",\"item\":\"https:\\\/\\\/cklcomunicaciones.es\\\/coop\\\/\"},{\"@type\":\"ListItem\",\"position\":2,\"name\":\"Noticias Info CKL n\u00ba 2760-10\\\/02\\\/23\"}]},{\"@type\":\"WebSite\",\"@id\":\"https:\\\/\\\/cklcomunicaciones.es\\\/coop\\\/#website\",\"url\":\"https:\\\/\\\/cklcomunicaciones.es\\\/coop\\\/\",\"name\":\"CKL Comunicaciones\",\"description\":\"Sitio web de CKL Comunicaciones coop , la consultora de comunicaci\u00f3n y estrategia\",\"potentialAction\":[{\"@type\":\"SearchAction\",\"target\":{\"@type\":\"EntryPoint\",\"urlTemplate\":\"https:\\\/\\\/cklcomunicaciones.es\\\/coop\\\/?s={search_term_string}\"},\"query-input\":{\"@type\":\"PropertyValueSpecification\",\"valueRequired\":true,\"valueName\":\"search_term_string\"}}],\"inLanguage\":\"es\"},{\"@type\":\"Person\",\"@id\":\"https:\\\/\\\/cklcomunicaciones.es\\\/coop\\\/#\\\/schema\\\/person\\\/929a6837f7626450bbb50cee1aef266e\",\"name\":\"ckl\",\"image\":{\"@type\":\"ImageObject\",\"inLanguage\":\"es\",\"@id\":\"https:\\\/\\\/secure.gravatar.com\\\/avatar\\\/c82db564e8a669bf6023357a157b9dc4780f4d4c618f2ad1d71a6a5dede45057?s=96&d=mm&r=g\",\"url\":\"https:\\\/\\\/secure.gravatar.com\\\/avatar\\\/c82db564e8a669bf6023357a157b9dc4780f4d4c618f2ad1d71a6a5dede45057?s=96&d=mm&r=g\",\"contentUrl\":\"https:\\\/\\\/secure.gravatar.com\\\/avatar\\\/c82db564e8a669bf6023357a157b9dc4780f4d4c618f2ad1d71a6a5dede45057?s=96&d=mm&r=g\",\"caption\":\"ckl\"},\"url\":\"https:\\\/\\\/cklcomunicaciones.es\\\/coop\\\/author\\\/cklcomunicaciones\\\/\"}]}<\/script>\n<!-- \/ Yoast SEO plugin. -->","yoast_head_json":{"title":"Noticias Info CKL n\u00ba 2760-10\/02\/23 -Comunicar con perspectiva de g\u00e9nero","description":"Noticias Info CKL n\u00ba 2760-10\/02\/23 Interior pone en marcha el protocolo para alertar a las v\u00edctimas de violencia de g\u00e9nero si los agresores son reincidentes * Claves de la nueva ley de cooperaci\u00f3n: m\u00e1s feminista, global y con el compromiso del 0,7% * 11F el 33% de los investigadores de todo el mundo son mujeres * Unos Premios Goya con nombre de mujer","robots":{"index":"index","follow":"follow","max-snippet":"max-snippet:-1","max-image-preview":"max-image-preview:large","max-video-preview":"max-video-preview:-1"},"canonical":"https:\/\/cklcomunicaciones.es\/coop\/noticias-info-ckl-no-2760-10-02-23\/","og_locale":"es_ES","og_type":"article","og_title":"Noticias Info CKL n\u00ba 2760-10\/02\/23 -Comunicar con perspectiva de g\u00e9nero","og_description":"Noticias Info CKL n\u00ba 2760-10\/02\/23 Interior pone en marcha el protocolo para alertar a las v\u00edctimas de violencia de g\u00e9nero si los agresores son reincidentes * Claves de la nueva ley de cooperaci\u00f3n: m\u00e1s feminista, global y con el compromiso del 0,7% * 11F el 33% de los investigadores de todo el mundo son mujeres * Unos Premios Goya con nombre de mujer","og_url":"https:\/\/cklcomunicaciones.es\/coop\/noticias-info-ckl-no-2760-10-02-23\/","og_site_name":"CKL Comunicaciones","article_published_time":"2023-02-10T13:15:23+00:00","article_modified_time":"2025-02-08T14:30:27+00:00","og_image":[{"width":1482,"height":775,"url":"https:\/\/cklcomunicaciones.es\/coop\/wp-content\/uploads\/2025\/01\/CKL-una-mirada-distinta-de-la-comunicacion.jpg","type":"image\/jpeg"}],"author":"ckl","twitter_card":"summary_large_image","twitter_misc":{"Escrito por":"ckl","Tiempo de lectura":"6 minutos"},"schema":{"@context":"https:\/\/schema.org","@graph":[{"@type":"Article","@id":"https:\/\/cklcomunicaciones.es\/coop\/noticias-info-ckl-no-2760-10-02-23\/#article","isPartOf":{"@id":"https:\/\/cklcomunicaciones.es\/coop\/noticias-info-ckl-no-2760-10-02-23\/"},"author":{"name":"ckl","@id":"https:\/\/cklcomunicaciones.es\/coop\/#\/schema\/person\/929a6837f7626450bbb50cee1aef266e"},"headline":"Noticias Info CKL n\u00ba 2760-10\/02\/23","datePublished":"2023-02-10T13:15:23+00:00","dateModified":"2025-02-08T14:30:27+00:00","mainEntityOfPage":{"@id":"https:\/\/cklcomunicaciones.es\/coop\/noticias-info-ckl-no-2760-10-02-23\/"},"wordCount":1196,"image":{"@id":"https:\/\/cklcomunicaciones.es\/coop\/noticias-info-ckl-no-2760-10-02-23\/#primaryimage"},"thumbnailUrl":"https:\/\/cklcomunicaciones.es\/coop\/wp-content\/uploads\/2025\/01\/CKL-una-mirada-distinta-de-la-comunicacion.jpg","keywords":["cooperaci\u00f3n feminista","violencia de g\u00e9nero"],"articleSection":["Newsletter","Nwl v3.0"],"inLanguage":"es"},{"@type":"WebPage","@id":"https:\/\/cklcomunicaciones.es\/coop\/noticias-info-ckl-no-2760-10-02-23\/","url":"https:\/\/cklcomunicaciones.es\/coop\/noticias-info-ckl-no-2760-10-02-23\/","name":"Noticias Info CKL n\u00ba 2760-10\/02\/23 -Comunicar con perspectiva de g\u00e9nero","isPartOf":{"@id":"https:\/\/cklcomunicaciones.es\/coop\/#website"},"primaryImageOfPage":{"@id":"https:\/\/cklcomunicaciones.es\/coop\/noticias-info-ckl-no-2760-10-02-23\/#primaryimage"},"image":{"@id":"https:\/\/cklcomunicaciones.es\/coop\/noticias-info-ckl-no-2760-10-02-23\/#primaryimage"},"thumbnailUrl":"https:\/\/cklcomunicaciones.es\/coop\/wp-content\/uploads\/2025\/01\/CKL-una-mirada-distinta-de-la-comunicacion.jpg","datePublished":"2023-02-10T13:15:23+00:00","dateModified":"2025-02-08T14:30:27+00:00","author":{"@id":"https:\/\/cklcomunicaciones.es\/coop\/#\/schema\/person\/929a6837f7626450bbb50cee1aef266e"},"description":"Noticias Info CKL n\u00ba 2760-10\/02\/23 Interior pone en marcha el protocolo para alertar a las v\u00edctimas de violencia de g\u00e9nero si los agresores son reincidentes * Claves de la nueva ley de cooperaci\u00f3n: m\u00e1s feminista, global y con el compromiso del 0,7% * 11F el 33% de los investigadores de todo el mundo son mujeres * Unos Premios Goya con nombre de mujer","breadcrumb":{"@id":"https:\/\/cklcomunicaciones.es\/coop\/noticias-info-ckl-no-2760-10-02-23\/#breadcrumb"},"inLanguage":"es","potentialAction":[{"@type":"ReadAction","target":["https:\/\/cklcomunicaciones.es\/coop\/noticias-info-ckl-no-2760-10-02-23\/"]}]},{"@type":"ImageObject","inLanguage":"es","@id":"https:\/\/cklcomunicaciones.es\/coop\/noticias-info-ckl-no-2760-10-02-23\/#primaryimage","url":"https:\/\/cklcomunicaciones.es\/coop\/wp-content\/uploads\/2025\/01\/CKL-una-mirada-distinta-de-la-comunicacion.jpg","contentUrl":"https:\/\/cklcomunicaciones.es\/coop\/wp-content\/uploads\/2025\/01\/CKL-una-mirada-distinta-de-la-comunicacion.jpg","width":1482,"height":775,"caption":"CKL - una mirada distinta de la comunicacion"},{"@type":"BreadcrumbList","@id":"https:\/\/cklcomunicaciones.es\/coop\/noticias-info-ckl-no-2760-10-02-23\/#breadcrumb","itemListElement":[{"@type":"ListItem","position":1,"name":"Portada","item":"https:\/\/cklcomunicaciones.es\/coop\/"},{"@type":"ListItem","position":2,"name":"Noticias Info CKL n\u00ba 2760-10\/02\/23"}]},{"@type":"WebSite","@id":"https:\/\/cklcomunicaciones.es\/coop\/#website","url":"https:\/\/cklcomunicaciones.es\/coop\/","name":"CKL Comunicaciones","description":"Sitio web de CKL Comunicaciones coop , la consultora de comunicaci\u00f3n y estrategia","potentialAction":[{"@type":"SearchAction","target":{"@type":"EntryPoint","urlTemplate":"https:\/\/cklcomunicaciones.es\/coop\/?s={search_term_string}"},"query-input":{"@type":"PropertyValueSpecification","valueRequired":true,"valueName":"search_term_string"}}],"inLanguage":"es"},{"@type":"Person","@id":"https:\/\/cklcomunicaciones.es\/coop\/#\/schema\/person\/929a6837f7626450bbb50cee1aef266e","name":"ckl","image":{"@type":"ImageObject","inLanguage":"es","@id":"https:\/\/secure.gravatar.com\/avatar\/c82db564e8a669bf6023357a157b9dc4780f4d4c618f2ad1d71a6a5dede45057?s=96&d=mm&r=g","url":"https:\/\/secure.gravatar.com\/avatar\/c82db564e8a669bf6023357a157b9dc4780f4d4c618f2ad1d71a6a5dede45057?s=96&d=mm&r=g","contentUrl":"https:\/\/secure.gravatar.com\/avatar\/c82db564e8a669bf6023357a157b9dc4780f4d4c618f2ad1d71a6a5dede45057?s=96&d=mm&r=g","caption":"ckl"},"url":"https:\/\/cklcomunicaciones.es\/coop\/author\/cklcomunicaciones\/"}]}},"_links":{"self":[{"href":"https:\/\/cklcomunicaciones.es\/coop\/wp-json\/wp\/v2\/posts\/18682","targetHints":{"allow":["GET"]}}],"collection":[{"href":"https:\/\/cklcomunicaciones.es\/coop\/wp-json\/wp\/v2\/posts"}],"about":[{"href":"https:\/\/cklcomunicaciones.es\/coop\/wp-json\/wp\/v2\/types\/post"}],"author":[{"embeddable":true,"href":"https:\/\/cklcomunicaciones.es\/coop\/wp-json\/wp\/v2\/users\/3"}],"replies":[{"embeddable":true,"href":"https:\/\/cklcomunicaciones.es\/coop\/wp-json\/wp\/v2\/comments?post=18682"}],"version-history":[{"count":0,"href":"https:\/\/cklcomunicaciones.es\/coop\/wp-json\/wp\/v2\/posts\/18682\/revisions"}],"wp:featuredmedia":[{"embeddable":true,"href":"https:\/\/cklcomunicaciones.es\/coop\/wp-json\/wp\/v2\/media\/22909"}],"wp:attachment":[{"href":"https:\/\/cklcomunicaciones.es\/coop\/wp-json\/wp\/v2\/media?parent=18682"}],"wp:term":[{"taxonomy":"category","embeddable":true,"href":"https:\/\/cklcomunicaciones.es\/coop\/wp-json\/wp\/v2\/categories?post=18682"},{"taxonomy":"post_tag","embeddable":true,"href":"https:\/\/cklcomunicaciones.es\/coop\/wp-json\/wp\/v2\/tags?post=18682"}],"curies":[{"name":"wp","href":"https:\/\/api.w.org\/{rel}","templated":true}]}}