{"id":18276,"date":"2023-01-24T10:39:20","date_gmt":"2023-01-24T09:39:20","guid":{"rendered":"https:\/\/www.cklcomunicaciones.es\/?p=18276"},"modified":"2025-02-08T16:11:00","modified_gmt":"2025-02-08T15:11:00","slug":"noticias-info-ckl-no-2753-24-01-23","status":"publish","type":"post","link":"https:\/\/cklcomunicaciones.es\/coop\/noticias-info-ckl-no-2753-24-01-23\/","title":{"rendered":"Noticias Info CKL n\u00ba 2753-24\/01\/23"},"content":{"rendered":"<div class=\"fusion-fullwidth fullwidth-box fusion-builder-row-1 fusion-flex-container nonhundred-percent-fullwidth non-hundred-percent-height-scrolling\" style=\"--awb-border-radius-top-left:0px;--awb-border-radius-top-right:0px;--awb-border-radius-bottom-right:0px;--awb-border-radius-bottom-left:0px;--awb-flex-wrap:wrap;\" ><div class=\"fusion-builder-row fusion-row fusion-flex-align-items-flex-start fusion-flex-content-wrap\" style=\"max-width:1248px;margin-left: calc(-4% \/ 2 );margin-right: calc(-4% \/ 2 );\"><div class=\"fusion-layout-column fusion_builder_column fusion-builder-column-0 fusion_builder_column_1_1 1_1 fusion-flex-column\" style=\"--awb-bg-blend:overlay;--awb-bg-size:cover;--awb-width-large:100%;--awb-margin-top-large:0px;--awb-spacing-right-large:1.92%;--awb-margin-bottom-large:0px;--awb-spacing-left-large:1.92%;--awb-width-medium:100%;--awb-spacing-right-medium:1.92%;--awb-spacing-left-medium:1.92%;--awb-width-small:100%;--awb-spacing-right-small:1.92%;--awb-spacing-left-small:1.92%;\"><div class=\"fusion-column-wrapper fusion-flex-justify-content-flex-start fusion-content-layout-column\"><div class=\"fusion-text fusion-text-1\"><h1>Convocatorias<\/h1>\n<div id=\"\" class=\"lsow-panel lsow-active\">\n<div class=\"lsow-panel-content\">\n<ul>\n<li><a href=\"https:\/\/mujeresenelsectorpublico.com\/premios\/\" target=\"_blank\" rel=\"noopener\" data-saferedirecturl=\"https:\/\/www.google.com\/url?q=https:\/\/mujeresenelsectorpublico.com\/premios\/&amp;source=gmail&amp;ust=1674560162989000&amp;usg=AOvVaw0o2miVA10an5nCE4K6SXf_\">I Edici\u00f3n de Premios de Mujeres en el Sector P\u00fablico<\/a>. Asociaci\u00f3n de Mujeres en el Sector P\u00fablico. Plazo de presentaci\u00f3n de candidaturas hasta el 15 de febrero<\/li>\n<li>XI Webinar Toma la Palabra. Plataforma Andaluza de Apoyo al Lobby Europeo de Mujeres. 25 de enero a las 17:00 h. <a href=\"https:\/\/tr4020585.mujereslobby.org\/c\/mvokx4\/dmpmv2dk\/9ltvghsmr4u\" target=\"_blank\" rel=\"noopener\" data-saferedirecturl=\"https:\/\/www.google.com\/url?q=https:\/\/tr4020585.mujereslobby.org\/c\/mvokx4\/dmpmv2dk\/9ltvghsmr4u&amp;source=gmail&amp;ust=1674560162989000&amp;usg=AOvVaw0V4cTKmfOm6NbICeTPjFeV\">Inscripciones<\/a><\/li>\n<li>XIV Certamen de Cuentos por la Igualdad (2023). El Ayuntamiento de Alcal\u00e1 la Real, con motivo de la celebraci\u00f3n del D\u00eda internacional de la Mujer, organiza a trav\u00e9s de su Concejal\u00eda de Participaci\u00f3n Ciudadana e Igualdad, el siguiente concurso de cuentos infantiles. Plazo de admisi\u00f3n: 17 de marzo de 2023. M\u00e1s informaci\u00f3n y presentaci\u00f3n:\u00a0<a href=\"mailto:cuentosigualdad@alcalalareal.es\" target=\"_blank\" rel=\"noopener\">cuentosigualdad@alcalalareal.<wbr \/>es<\/a><\/li>\n<\/ul>\n<\/div>\n<\/div>\n<div id=\"\" class=\"lsow-panel lsow-active\">\n<h1 class=\"lsow-panel-title\">Comunicaci\u00f3n, Publicidad y TICs<\/h1>\n<div class=\"lsow-panel-content\">\n<p><a href=\"https:\/\/www.google.com\/url?rct=j&amp;sa=t&amp;url=https:\/\/www.anid.cl\/blog\/2023\/01\/20\/ellasprograman-nuevo-podcast-sobre-mujeres-jovenes-y-ninas-en-computacion\/&amp;ct=ga&amp;cd=CAEYCCoTMzc3NDU3MjM1ODQzODQ1MzM1MTIZYzAzNzJlYmMyZmVhZGE1OTplczplczpFUw&amp;usg=AOvVaw1Q_b-1oijHz6_1lPEp0zbM\" target=\"_blank\" rel=\"noopener\" data-saferedirecturl=\"https:\/\/www.google.com\/url?q=https:\/\/www.google.com\/url?rct%3Dj%26sa%3Dt%26url%3Dhttps:\/\/www.anid.cl\/blog\/2023\/01\/20\/ellasprograman-nuevo-podcast-sobre-mujeres-jovenes-y-ninas-en-computacion\/%26ct%3Dga%26cd%3DCAEYCCoTMzc3NDU3MjM1ODQzODQ1MzM1MTIZYzAzNzJlYmMyZmVhZGE1OTplczplczpFUw%26usg%3DAOvVaw1Q_b-1oijHz6_1lPEp0zbM&amp;source=gmail&amp;ust=1674545852949000&amp;usg=AOvVaw1d_1yARnAn-8cG1TDllPT1\">EllasPrograman: nuevo podcast sobre\u00a0mujeres, j\u00f3venes y ni\u00f1as en computaci\u00f3n &#8211;\u00a0<\/a><a>ANID<br \/>\n<\/a><a class=\"title\" href=\"https:\/\/theobjective.com\/cultura\/2023-01-24\/periodismo-genero\/\" target=\"_blank\" rel=\"noopener\" data-artpy=\"0\" data-author=\"The Objective\">Periodismo y \u00abperspectiva de g\u00e9nero\u00bb<\/a>-theobjective<a><br \/>\n<\/a><a class=\"title\" href=\"https:\/\/www.msn.com\/es-es\/noticias\/other\/profesionales-del-periodismo-piden-compromiso-contra-el-ciberacoso-a-mujeres-periodistas\/ar-AA16F1sb\" target=\"_blank\" rel=\"noopener\" data-artpy=\"0\" data-author=\"Europa Press on MSN\">Profesionales del periodismo piden compromiso contra el ciberacoso a mujeres periodistas<\/a>-europapress<a><br \/>\n<\/a><a class=\"title\" href=\"https:\/\/www.msn.com\/es-es\/noticias\/internacional\/ir%C3%A1n-detiene-a-tres-mujeres-periodistas-en-medio-de-las-protestas\/ar-AA16F7H5\" target=\"_blank\" rel=\"noopener\" data-artpy=\"0\" data-author=\"P\u00fablico on MSN\">Ir\u00e1n detiene a tres mujeres periodistas en medio de las protestas<\/a>-publico<a><br \/>\n<\/a><a class=\"title\" href=\"https:\/\/www.lanzadigital.com\/economia\/la-fape-aboga-por-primar-el-periodismo-veraz-riguroso-y-etico-para-recuperar-la-confianza-de-la-ciudadania\/\" target=\"_blank\" rel=\"noopener\" data-artpy=\"0\" data-author=\"Lanza Digital\">La Fape aboga por primar el \u201cperiodismo veraz, riguroso y \u00e9tico\u201d para recuperar la confianza de la ciudadan\u00eda<\/a>-lanzadigital<br \/>\n<a class=\"title\" href=\"https:\/\/www.cope.es\/emisoras\/comunidad-valenciana\/castellon-provincia\/castellon\/noticias\/adcomunica-benicassim-unen-por-mejor-comunicacion-contra-violencia-genero-20230124_2511175\" target=\"_blank\" rel=\"noopener\" data-artpy=\"0\" data-author=\"COPE\">adComunica y Benic\u00e0ssim se unen por la mejor comunicaci\u00f3n contra la violencia de g\u00e9nero<\/a>-cope<a><br \/>\n<\/a><\/p>\n<\/div>\n<\/div>\n<div id=\"\" class=\"lsow-panel lsow-active\">\n<h1 class=\"lsow-panel-title\">Andaluc\u00eda<\/h1>\n<div class=\"lsow-panel-content\">\n<p><b>Institucional<br \/>\n<\/b><\/p>\n<p><b>Econom\u00eda y Empresa<br \/>\n<\/b><a class=\"title\" href=\"https:\/\/www.msn.com\/es-es\/dinero\/noticias\/blanco-destaca-los-cursos-en-digitalizaci%C3%B3n-para-mujeres-y-ve-la-formaci%C3%B3n-como-mejor-palanca-para-generar-empleo\/ar-AA16E30m\" target=\"_blank\" rel=\"noopener\" data-artpy=\"0\" data-author=\"Europa Press on MSN\">Blanco, consejera de empleo, destaca los cursos en digitalizaci\u00f3n para mujeres y ve la formaci\u00f3n como \u00abmejor palanca\u00bb para generar empleo-<\/a><a>Europa Press<br \/>\n<\/a><a class=\"title\" href=\"https:\/\/www.juntadeandalucia.es\/presidencia\/portavoz\/educacion\/178862\/JuntadeAndalucia\/ConsejeriadeDesarrolloEducativoyFormacionProfesional\/PatriciadelPozo\/empresas\/andaluzas\/expansion\/fpdual\" target=\"_blank\" rel=\"noopener\" data-artpy=\"0\" data-author=\"juntadeandalucia.es\">Del Pozo llama a las empresas andaluzas a sumarse a la expansi\u00f3n de la FP Dual<\/a>-juntadeandalucia<a><br \/>\n<\/a><a class=\"title\" href=\"https:\/\/www.europapress.es\/andalucia\/huelva-00354\/noticia-mujeres-marroquies-emprenden-negocio-propio-pais-convenio-diputacion-huelva-agromartin-cepaim-20230122093349.html\" target=\"_blank\" rel=\"noopener\" data-artpy=\"0\" data-author=\"Europa Press\">Mujeres marroqu\u00edes emprenden negocio propio en su pa\u00eds con un convenio entre Diputaci\u00f3n de Huelva, Agromart\u00edn y Cepaim<\/a>-europapress<b><br \/>\n<\/b><a href=\"https:\/\/www.google.com\/url?rct=j&amp;sa=t&amp;url=https:\/\/www.europapress.es\/esandalucia\/sevilla\/noticia-junta-andalucia-anuncia-ayudas-97-millones-desarrollar-proyectos-idi-ciencias-marinas-20230122101815.html&amp;ct=ga&amp;cd=CAEYAyoTOTU0NzkwODQ1NTUyMjc3OTczNzIZZDc4ZTU4NzVhMGYxZjJhYzplczplczpFUw&amp;usg=AOvVaw14KBnamdcMK_Me-azqIrHJ\" target=\"_blank\" rel=\"noopener\" data-saferedirecturl=\"https:\/\/www.google.com\/url?q=https:\/\/www.google.com\/url?rct%3Dj%26sa%3Dt%26url%3Dhttps:\/\/www.europapress.es\/esandalucia\/sevilla\/noticia-junta-andalucia-anuncia-ayudas-97-millones-desarrollar-proyectos-idi-ciencias-marinas-20230122101815.html%26ct%3Dga%26cd%3DCAEYAyoTOTU0NzkwODQ1NTUyMjc3OTczNzIZZDc4ZTU4NzVhMGYxZjJhYzplczplczpFUw%26usg%3DAOvVaw14KBnamdcMK_Me-azqIrHJ&amp;source=gmail&amp;ust=1674545850551000&amp;usg=AOvVaw1VMkSh1uzR6dWZUtrL5dL7\">La Junta de Andaluc\u00eda anuncia ayudas por 9,7 millones para desarrollar proyectos de I+D+I &#8230;-\u00a0<\/a><a>Europa Press<br \/>\n<\/a><a class=\"title\" href=\"https:\/\/sevilla.abc.es\/andalucia\/andalucia-recibira-7300-millones-2027-20230123213616-nts.html\" target=\"_blank\" rel=\"noopener\" data-artpy=\"0\" data-author=\"ABC\">Andaluc\u00eda recibir\u00e1 de la UE 7.300 millones de euros, un 11% m\u00e1s hasta 2027<\/a>-abcsevilla<a><br \/>\n<\/a><\/p>\n<p><strong>Actualidad<br \/>\n<\/strong><a href=\"https:\/\/www.google.com\/url?rct=j&amp;sa=t&amp;url=https:\/\/transparencia.cadiz.es\/fundacion-de-la-mujer-asociaciones-y-ciudadania-analizan-este-martes-el-i-plan-municipal-contra-la-violencia-de-genero\/&amp;ct=ga&amp;cd=CAEYASoUMTcxMjIzODkzMDQ5ODc4NzQ2ODEyGWMwMzcyZWJjMmZlYWRhNTk6ZXM6ZXM6RVM&amp;usg=AOvVaw1sUG93pt6b8JRZWq5WIuDG\" target=\"_blank\" rel=\"noopener\" data-saferedirecturl=\"https:\/\/www.google.com\/url?q=https:\/\/www.google.com\/url?rct%3Dj%26sa%3Dt%26url%3Dhttps:\/\/transparencia.cadiz.es\/fundacion-de-la-mujer-asociaciones-y-ciudadania-analizan-este-martes-el-i-plan-municipal-contra-la-violencia-de-genero\/%26ct%3Dga%26cd%3DCAEYASoUMTcxMjIzODkzMDQ5ODc4NzQ2ODEyGWMwMzcyZWJjMmZlYWRhNTk6ZXM6ZXM6RVM%26usg%3DAOvVaw1sUG93pt6b8JRZWq5WIuDG&amp;source=gmail&amp;ust=1674545853020000&amp;usg=AOvVaw10fRizg3WIN2_dQ13uJM-F\">Fundaci\u00f3n de la\u00a0Mujer, asociaciones y ciudadan\u00eda analizan este martes el I Plan Municipal &#8230;\u00a0<\/a><a>&#8211; Ayuntamiento de C\u00e1diz<br \/>\n<\/a><a class=\"title\" href=\"https:\/\/www.malagahoy.es\/malaga\/Empleo-Arrabal-AID-brecha-digital-genero_0_1759625967.html\" target=\"_blank\" rel=\"noopener\" data-artpy=\"0\" data-author=\"M\u00e1laga Hoy\">Empleo y Arrabal-AID combaten la brecha digital de g\u00e9nero en un &#8216;bootcamp&#8217; tecnol\u00f3gico<\/a><a>-malagahoy<br \/>\n<\/a><a class=\"title\" href=\"https:\/\/www.msn.com\/es-es\/noticias\/espana\/m%C3%A1s-de-300000-personas-se-ofrecieron-a-donar-sangre-en-andaluc%C3%ADa-en-2022\/ar-AA16G2a1\" target=\"_blank\" rel=\"noopener\" data-artpy=\"0\" data-author=\"Europa Press on MSN\">M\u00e1s de 300.000 personas se ofrecieron a donar sangre en Andaluc\u00eda en 2022<\/a>-europapress<br \/>\n<a class=\"title\" href=\"https:\/\/www.noticiasdealmeria.com\/los-tiktoker-de-almeria-contra-el-machismo-ya-son-un-ejemplo\" target=\"_blank\" rel=\"noopener\" data-artpy=\"0\" data-author=\"Noticias de Almer\u00eda\">Los tiktoker de Almer\u00eda contra el machismo ya son un ejemplo<\/a>-noticiasdealmeria<a><br \/>\n<\/a><\/p>\n<p><strong>Violencias<br \/>\n<\/strong><a href=\"https:\/\/www.google.com\/url?rct=j&amp;sa=t&amp;url=https:\/\/www.diariocordoba.com\/cordoba-ciudad\/2023\/01\/23\/violencia-genero-problema-salud-publica-81650194.html&amp;ct=ga&amp;cd=CAEYAioUMTIyNTk3MjYxOTE3NzczMjgwMTEyGWMwMzcyZWJjMmZlYWRhNTk6ZXM6ZXM6RVM&amp;usg=AOvVaw2aMoiPEpYAw--GdWhwFO6H\" target=\"_blank\" rel=\"noopener\" data-saferedirecturl=\"https:\/\/www.google.com\/url?q=https:\/\/www.google.com\/url?rct%3Dj%26sa%3Dt%26url%3Dhttps:\/\/www.diariocordoba.com\/cordoba-ciudad\/2023\/01\/23\/violencia-genero-problema-salud-publica-81650194.html%26ct%3Dga%26cd%3DCAEYAioUMTIyNTk3MjYxOTE3NzczMjgwMTEyGWMwMzcyZWJjMmZlYWRhNTk6ZXM6ZXM6RVM%26usg%3DAOvVaw2aMoiPEpYAw--GdWhwFO6H&amp;source=gmail&amp;ust=1674545850536000&amp;usg=AOvVaw3ZCWYJedl13sQR9M0UrjeY\">Entrevista Sara Constenla: \u00abLa violencia de g\u00e9nero es un problema de salud p\u00fablica\u00bb-\u00a0<\/a><a>Diario C\u00f3rdoba<br \/>\n<\/a><a class=\"title\" href=\"https:\/\/www.msn.com\/es-es\/noticias\/espana\/gobierno-y-fcse-refuerzan-la-coordinaci%C3%B3n-contra-la-violencia-machista-en-andaluc%C3%ADa-y-plantean-implicar-a-influencers\/ar-AA16EipD\" target=\"_blank\" rel=\"noopener\" data-artpy=\"0\" data-author=\"Europa Press on MSN\">Gobierno y FCSE refuerzan la coordinaci\u00f3n contra la violencia machista en Andaluc\u00eda y plantean implicar a influencers<\/a>-europapress<a><br \/>\n<\/a><\/p>\n<p><strong>Ciencia y Cultura<br \/>\n<\/strong><a href=\"https:\/\/www.google.com\/url?rct=j&amp;sa=t&amp;url=http:\/\/cooperacion.us.es\/noticias\/jornada-presencial-genero-y-medio-ambiente-una-mirada-los-procesos-de-desarrollo-de-la&amp;ct=ga&amp;cd=CAEYFyoUMTcxNDYxNTgwNDgzMjI4MTEwOTAyGTU5ZDc4MTcxMzZhMmQwMjg6ZXM6ZXM6RVM&amp;usg=AOvVaw3uGSrWI0qz5TTkzifXX48I\" target=\"_blank\" rel=\"noopener\" data-saferedirecturl=\"https:\/\/www.google.com\/url?q=https:\/\/www.google.com\/url?rct%3Dj%26sa%3Dt%26url%3Dhttp:\/\/cooperacion.us.es\/noticias\/jornada-presencial-genero-y-medio-ambiente-una-mirada-los-procesos-de-desarrollo-de-la%26ct%3Dga%26cd%3DCAEYFyoUMTcxNDYxNTgwNDgzMjI4MTEwOTAyGTU5ZDc4MTcxMzZhMmQwMjg6ZXM6ZXM6RVM%26usg%3DAOvVaw3uGSrWI0qz5TTkzifXX48I&amp;source=gmail&amp;ust=1674545853927000&amp;usg=AOvVaw0qCbzkhVgHwkaJ6wffUpJK\">Jornada presencial \u00ab<\/a><a href=\"https:\/\/www.google.com\/url?rct=j&amp;sa=t&amp;url=http:\/\/cooperacion.us.es\/noticias\/jornada-presencial-genero-y-medio-ambiente-una-mirada-los-procesos-de-desarrollo-de-la&amp;ct=ga&amp;cd=CAEYFyoUMTcxNDYxNTgwNDgzMjI4MTEwOTAyGTU5ZDc4MTcxMzZhMmQwMjg6ZXM6ZXM6RVM&amp;usg=AOvVaw3uGSrWI0qz5TTkzifXX48I\" target=\"_blank\" rel=\"noopener\" data-saferedirecturl=\"https:\/\/www.google.com\/url?q=https:\/\/www.google.com\/url?rct%3Dj%26sa%3Dt%26url%3Dhttp:\/\/cooperacion.us.es\/noticias\/jornada-presencial-genero-y-medio-ambiente-una-mirada-los-procesos-de-desarrollo-de-la%26ct%3Dga%26cd%3DCAEYFyoUMTcxNDYxNTgwNDgzMjI4MTEwOTAyGTU5ZDc4MTcxMzZhMmQwMjg6ZXM6ZXM6RVM%26usg%3DAOvVaw3uGSrWI0qz5TTkzifXX48I&amp;source=gmail&amp;ust=1674545853927000&amp;usg=AOvVaw0qCbzkhVgHwkaJ6wffUpJK\">G\u00e9nero y Medio Ambiente: una mirada a los procesos de desarrollo de &#8230;-<\/a>O<a>ficina de Cooperaci\u00f3n al Desarrollo &#8211; Universidad de Sevilla<br \/>\n<\/a><a class=\"title\" href=\"https:\/\/www.swissinfo.ch\/spa\/r--dominicana-cine_marta-alamillo---llevar--queen-of-hearts--a-funglode-es-premio-a-un-esfuerzo-\/48226322\" target=\"_blank\" rel=\"noopener\" data-artpy=\"0\" data-author=\"Swissinfo\">Marta Alamillo: \u00abLlevar &#8216;Queen of Hearts&#8217; a Funglode es premio a un esfuerzo\u00bb<\/a>-swissinfo<br \/>\n<a class=\"title\" href=\"https:\/\/andaluciainformacion.es\/estepona\/1176769\/paz-vega-reconocida-en-la-apertura-del-festival-de-cine-de-santo-domingo\/\" target=\"_blank\" rel=\"noopener\" data-artpy=\"0\" data-author=\"Andaluc\u00eda Informaci\u00f3n\">Paz Vega, reconocida en la apertura del Festival de Cine de Santo Domingo<\/a>-andaluciainformacion<a><br \/>\n<\/a><a href=\"https:\/\/www.google.com\/url?rct=j&amp;sa=t&amp;url=https:\/\/elpais.com\/planeta-futuro\/escuelas-en-red\/2023-01-22\/las-escritoras-olvidadas-se-convierten-en-las-protagonistas-de-ocho-institutos-de-almeria.html&amp;ct=ga&amp;cd=CAEYASoUMTgyMTY4OTA1MzkzNTI3MzM0NDgyGWMwMzcyZWJjMmZlYWRhNTk6ZXM6ZXM6RVM&amp;usg=AOvVaw04Uv94dTBt6lzANc0k7ntH\" target=\"_blank\" rel=\"noopener\" data-saferedirecturl=\"https:\/\/www.google.com\/url?q=https:\/\/www.google.com\/url?rct%3Dj%26sa%3Dt%26url%3Dhttps:\/\/elpais.com\/planeta-futuro\/escuelas-en-red\/2023-01-22\/las-escritoras-olvidadas-se-convierten-en-las-protagonistas-de-ocho-institutos-de-almeria.html%26ct%3Dga%26cd%3DCAEYASoUMTgyMTY4OTA1MzkzNTI3MzM0NDgyGWMwMzcyZWJjMmZlYWRhNTk6ZXM6ZXM6RVM%26usg%3DAOvVaw04Uv94dTBt6lzANc0k7ntH&amp;source=gmail&amp;ust=1674545853128000&amp;usg=AOvVaw1t9ROlPN4V6vRd6d7U-4bj\">Las escritoras olvidadas se convierten en las protagonistas de ocho institutos de Almer\u00eda-\u00a0<\/a><a>El Pa\u00eds<br \/>\n<\/a><a class=\"title\" href=\"https:\/\/www.audiovisual451.com\/modelo-77-triunfa-en-los-35o-premios-asecan-de-los-escritores-de-cine-de-andalucia\/\" target=\"_blank\" rel=\"noopener\" data-artpy=\"0\" data-author=\"audiovisual451.com\">\u2018Modelo 77\u2019 triunfa en los 35\u00ba Premios Asecan de los escritores de cine de Andaluc\u00eda<\/a>-audiovisual451<a><br \/>\n<\/a><a class=\"title\" href=\"https:\/\/www.cineytele.com\/2023\/01\/23\/cadiz-sera-la-sede-del-primer-south-international-series-festival\/\" target=\"_blank\" rel=\"noopener\" data-artpy=\"0\" data-author=\"Cine y Tele\">C\u00e1diz ser\u00e1 la sede del primer South International Series Festival<\/a>-cineytele<a><br \/>\n<\/a><\/p>\n<p><strong>Deporte<br \/>\n<\/strong><a class=\"title\" href=\"http:\/\/www.almeria24h.com\/noticia.php?noticia=58806\" target=\"_blank\" rel=\"noopener\" data-artpy=\"0\" data-author=\"Almeria 24h\">Llega la gran semana del ciclismo femenino con la Women Cycling Pro Costa de Almer\u00eda<\/a>-almeria24h<strong><br \/>\n<\/strong><a href=\"https:\/\/www.google.com\/url?rct=j&amp;sa=t&amp;url=https:\/\/www.malaga.es\/deportes\/1320\/com1_md3_cd-47192\/el-primer-equipo-femenino-de-ciclismo-de-carretera-de-andalucia-lucira-en-su-equipacion-la-marca-de-la-diputacion&amp;ct=ga&amp;cd=CAEYAioUMTE3Mjc2MTIzNDQ3NDY5NjM1MDUyGWQ3OGU1ODc1YTBmMWYyYWM6ZXM6ZXM6RVM&amp;usg=AOvVaw22Az6opgiWaH7HAY8MRpnM\" target=\"_blank\" rel=\"noopener\" data-saferedirecturl=\"https:\/\/www.google.com\/url?q=https:\/\/www.google.com\/url?rct%3Dj%26sa%3Dt%26url%3Dhttps:\/\/www.malaga.es\/deportes\/1320\/com1_md3_cd-47192\/el-primer-equipo-femenino-de-ciclismo-de-carretera-de-andalucia-lucira-en-su-equipacion-la-marca-de-la-diputacion%26ct%3Dga%26cd%3DCAEYAioUMTE3Mjc2MTIzNDQ3NDY5NjM1MDUyGWQ3OGU1ODc1YTBmMWYyYWM6ZXM6ZXM6RVM%26usg%3DAOvVaw22Az6opgiWaH7HAY8MRpnM&amp;source=gmail&amp;ust=1674635826055000&amp;usg=AOvVaw2JGTzSvHx_ZYkRRQLRdgj6\">El primer equipo femenino de ciclismo de carretera de\u00a0Andaluc\u00eda lucir\u00e1 en &#8230; &#8211;<\/a><a>Diputaci\u00f3n de M\u00e1laga<br \/>\n<\/a><a class=\"title\" href=\"https:\/\/www.granadahoy.com\/deportes\/carrera-montana-sierra-nevada-snow-running_0_1759625511.html\" target=\"_blank\" rel=\"noopener\" data-artpy=\"0\" data-author=\"Granada Hoy\">La estaci\u00f3n granadina de Sierra Nevada acoger\u00e1 una nueva edici\u00f3n de la Snow Running<\/a>-granadahoy<strong><br \/>\n<\/strong><\/p>\n<\/div>\n<\/div>\n<div id=\"\" class=\"lsow-panel lsow-active\">\n<h1 class=\"lsow-panel-title\">Estado<\/h1>\n<div class=\"lsow-panel-content\">\n<p><strong>Institucional<br \/>\n<\/strong><a class=\"title\" href=\"https:\/\/www.msn.com\/es-es\/noticias\/other\/igualdad-aumenta-un-40-las-pulseras-gps-para-frenar-los-cr%C3%ADmenes-machistas\/ar-AA16DdEz\" target=\"_blank\" rel=\"noopener\" data-artpy=\"0\" data-author=\"diariodeleon.es on MSN\">Igualdad aumenta un 40% las pulseras GPS para frenar los cr\u00edmenes machistas<\/a>-diariodeleon<br \/>\n<a href=\"https:\/\/www.google.com\/url?rct=j&amp;sa=t&amp;url=https:\/\/www.20minutos.es\/noticia\/5094755\/0\/igualdad-convoca-otro-comite-de-crisis-para-evaluar-los-asesinatos-machistas-de-enero\/&amp;ct=ga&amp;cd=CAEYAioUMTA3MzM2MTYyMzY2NDI5ODQxNjgyGWUyZGVmYTdkNWRhOTE1N2Q6ZXM6ZXM6RVM&amp;usg=AOvVaw3rSjKu-L4dBc9ZcfK4Wbq1\" target=\"_blank\" rel=\"noopener\" data-saferedirecturl=\"https:\/\/www.google.com\/url?q=https:\/\/www.google.com\/url?rct%3Dj%26sa%3Dt%26url%3Dhttps:\/\/www.20minutos.es\/noticia\/5094755\/0\/igualdad-convoca-otro-comite-de-crisis-para-evaluar-los-asesinatos-machistas-de-enero\/%26ct%3Dga%26cd%3DCAEYAioUMTA3MzM2MTYyMzY2NDI5ODQxNjgyGWUyZGVmYTdkNWRhOTE1N2Q6ZXM6ZXM6RVM%26usg%3DAOvVaw3rSjKu-L4dBc9ZcfK4Wbq1&amp;source=gmail&amp;ust=1674635827138000&amp;usg=AOvVaw3absJNmcjg2LxCqlA6iNMq\">Igualdad convoca otro comit\u00e9 de crisis para evaluar los asesinatos machistas de enero-\u00a0<\/a><a>20Minutos<br \/>\n<\/a><a class=\"title\" href=\"https:\/\/www.elplural.com\/economia\/diaz-confirma-subida-smi-apunta-hacia-tramo-alto_304737102\" target=\"_blank\" rel=\"noopener\" data-artpy=\"0\" data-author=\"Elplural.com\">D\u00edaz confirma que la subida del SMI apunta \u201chacia el tramo alto\u201d<\/a>-elplural<br \/>\n<a class=\"title\" href=\"https:\/\/www.lanzadigital.com\/general\/isabel-rodriguez-ante-el-asesinato-de-una-mujer-y-su-hija-en-valladolid-nos-recuerda-que-algo-no-esta-funcionando\/\" target=\"_blank\" rel=\"noopener\" data-artpy=\"0\" data-author=\"Lanza Digital\">Isabel Rodr\u00edguez ante el asesinato de una mujer y su hija en Valladolid: \u00abNos recuerda que algo no est\u00e1 funcionando\u00bb<\/a>-europapress<br \/>\n<a href=\"https:\/\/www.google.com\/url?rct=j&amp;sa=t&amp;url=https:\/\/www.20minutos.es\/noticia\/5094680\/0\/cgpj-acuerda-aumentar-especializacion-juzgados-garantizar-abogados-victimas-violencia-genero\/&amp;ct=ga&amp;cd=CAEYASoTODgwOTkyNTA4Mjc3NzY5MzAyNzIZZTJkZWZhN2Q1ZGE5MTU3ZDplczplczpFUw&amp;usg=AOvVaw2zfCmN8wlcmhnaqAABbHVe\" target=\"_blank\" rel=\"noopener\" data-saferedirecturl=\"https:\/\/www.google.com\/url?q=https:\/\/www.google.com\/url?rct%3Dj%26sa%3Dt%26url%3Dhttps:\/\/www.20minutos.es\/noticia\/5094680\/0\/cgpj-acuerda-aumentar-especializacion-juzgados-garantizar-abogados-victimas-violencia-genero\/%26ct%3Dga%26cd%3DCAEYASoTODgwOTkyNTA4Mjc3NzY5MzAyNzIZZTJkZWZhN2Q1ZGE5MTU3ZDplczplczpFUw%26usg%3DAOvVaw2zfCmN8wlcmhnaqAABbHVe&amp;source=gmail&amp;ust=1674635827158000&amp;usg=AOvVaw2EtxLfRB0qGfQVHYd2XKRG\">El CGPJ acuerda aumentar la especializaci\u00f3n de los juzgados y garantizar abogados para &#8230;-\u00a0<\/a><a>20Minutos<\/a><\/p>\n<p><strong>Institucional \u2013 CCAA<br \/>\n<\/strong><a href=\"https:\/\/www.google.com\/url?rct=j&amp;sa=t&amp;url=https:\/\/www.heraldo.es\/noticias\/aragon\/huesca\/2023\/01\/21\/mujeres-aragonesas-rompiendo-estereotipos-ciencia-1625843.html&amp;ct=ga&amp;cd=CAEYACoTOTMxNTk5MTc1NzU1NDE0MDU5MjIZYzAzNzJlYmMyZmVhZGE1OTplczplczpFUw&amp;usg=AOvVaw1NaBidpDXFSnJdkvSfpoZz\" target=\"_blank\" rel=\"noopener\" data-saferedirecturl=\"https:\/\/www.google.com\/url?q=https:\/\/www.google.com\/url?rct%3Dj%26sa%3Dt%26url%3Dhttps:\/\/www.heraldo.es\/noticias\/aragon\/huesca\/2023\/01\/21\/mujeres-aragonesas-rompiendo-estereotipos-ciencia-1625843.html%26ct%3Dga%26cd%3DCAEYACoTOTMxNTk5MTc1NzU1NDE0MDU5MjIZYzAzNzJlYmMyZmVhZGE1OTplczplczpFUw%26usg%3DAOvVaw1NaBidpDXFSnJdkvSfpoZz&amp;source=gmail&amp;ust=1674545853143000&amp;usg=AOvVaw36AkFIWhkG_0Vdf_ayWSyK\">Mujeres aragonesas rompiendo estereotipos en la ciencia &#8211;\u00a0<\/a><a>Heraldo de Arag\u00f3n<br \/>\n<\/a><a href=\"https:\/\/www.google.com\/url?rct=j&amp;sa=t&amp;url=https:\/\/www.eldigitaldealbacete.com\/2023\/01\/22\/albacete-contara-con-un-protocolo-de-coordinacion-contra-la-violencia-de-genero\/&amp;ct=ga&amp;cd=CAEYACoUMTMwNzA1Njg5NDQ4NDUzMTQ1MDIyGWMwMzcyZWJjMmZlYWRhNTk6ZXM6ZXM6RVM&amp;usg=AOvVaw34rWKmkkppY5ssown0_yLV\" target=\"_blank\" rel=\"noopener\" data-saferedirecturl=\"https:\/\/www.google.com\/url?q=https:\/\/www.google.com\/url?rct%3Dj%26sa%3Dt%26url%3Dhttps:\/\/www.eldigitaldealbacete.com\/2023\/01\/22\/albacete-contara-con-un-protocolo-de-coordinacion-contra-la-violencia-de-genero\/%26ct%3Dga%26cd%3DCAEYACoUMTMwNzA1Njg5NDQ4NDUzMTQ1MDIyGWMwMzcyZWJjMmZlYWRhNTk6ZXM6ZXM6RVM%26usg%3DAOvVaw34rWKmkkppY5ssown0_yLV&amp;source=gmail&amp;ust=1674545853155000&amp;usg=AOvVaw2WQFF9bnSfSx2UB4mVQ0me\">Albacete contar\u00e1 con un Protocolo de Coordinaci\u00f3n contra la Violencia de G\u00e9nero-\u00a0<\/a><a>El Digital de Albacete<br \/>\n<\/a><a href=\"https:\/\/www.google.com\/url?rct=j&amp;sa=t&amp;url=https:\/\/aragondigital.es\/sociedad\/2023\/01\/22\/el-iam-habilita-un-nuevo-centro-de-emergencia-para-mujeres-victimas-de-violencia-machista\/&amp;ct=ga&amp;cd=CAEYACoTNjQ2MTE0NDc0MDAxNjQ5NzQ1OTIZYzAzNzJlYmMyZmVhZGE1OTplczplczpFUw&amp;usg=AOvVaw0rPQsB2mAbJKkS7GwCqHPR\" target=\"_blank\" rel=\"noopener\" data-saferedirecturl=\"https:\/\/www.google.com\/url?q=https:\/\/www.google.com\/url?rct%3Dj%26sa%3Dt%26url%3Dhttps:\/\/aragondigital.es\/sociedad\/2023\/01\/22\/el-iam-habilita-un-nuevo-centro-de-emergencia-para-mujeres-victimas-de-violencia-machista\/%26ct%3Dga%26cd%3DCAEYACoTNjQ2MTE0NDc0MDAxNjQ5NzQ1OTIZYzAzNzJlYmMyZmVhZGE1OTplczplczpFUw%26usg%3DAOvVaw0rPQsB2mAbJKkS7GwCqHPR&amp;source=gmail&amp;ust=1674545853163000&amp;usg=AOvVaw2PHVgiAw0qbAs3HbWCnn_j\">Instituto Aragon\u00e9s de la Mujer habilita un nuevo centro de emergencia para mujeres v\u00edctimas de violencia machista-\u00a0<\/a><a>Arag\u00f3n Digital<br \/>\n<\/a><a class=\"title\" href=\"https:\/\/www.msn.com\/es-es\/noticias\/other\/el-nuevo-equipo-rectoral-de-la-uex-compuesto-por-cinco-hombres-y-cinco-mujeres-toma-posesi%C3%B3n-de-su-cargo\/ar-AA16El17\" target=\"_blank\" rel=\"noopener\" data-artpy=\"0\" data-author=\"Europa Press on MSN\">El nuevo equipo rectoral de la UEx, compuesto por cinco hombres y cinco mujeres, toma posesi\u00f3n de su cargo-<\/a>europapress<br \/>\n<a href=\"https:\/\/www.google.com\/url?rct=j&amp;sa=t&amp;url=https:\/\/lavozdetomelloso.com\/48216\/gobierno_castillala_mancha_convoca_premio_periodistico_luisa_alberca_lorente_igualdad_genero_castillala_mancha&amp;ct=ga&amp;cd=CAEYACoTMTk4MzQzMDQ2NjU5NDIyMTY1MjIZYzAzNzJlYmMyZmVhZGE1OTplczplczpFUw&amp;usg=AOvVaw2ZZCtgLtM7IaTGhJimELV0\" target=\"_blank\" rel=\"noopener\" data-saferedirecturl=\"https:\/\/www.google.com\/url?q=https:\/\/www.google.com\/url?rct%3Dj%26sa%3Dt%26url%3Dhttps:\/\/lavozdetomelloso.com\/48216\/gobierno_castillala_mancha_convoca_premio_periodistico_luisa_alberca_lorente_igualdad_genero_castillala_mancha%26ct%3Dga%26cd%3DCAEYACoTMTk4MzQzMDQ2NjU5NDIyMTY1MjIZYzAzNzJlYmMyZmVhZGE1OTplczplczpFUw%26usg%3DAOvVaw2ZZCtgLtM7IaTGhJimELV0&amp;source=gmail&amp;ust=1674635825179000&amp;usg=AOvVaw0Q6yolLI3ilgAaQTftFbj9\">El Gobierno de Castilla-La Mancha convoca el III Premio Period\u00edstico Luisa Alberca Lorente &#8230;-\u00a0<\/a><a>La Voz de Tomelloso<\/a><\/p>\n<p><strong>Econom\u00eda y Empresa<br \/>\n<\/strong><a href=\"https:\/\/www.google.com\/url?rct=j&amp;sa=t&amp;url=https:\/\/www.cantabriapress.com\/nacional\/ana-botin-primera-mujer-en-presidir-el-instituto-de-finanzas-internacionales\/&amp;ct=ga&amp;cd=CAEYECoTMzc3NDU3MjM1ODQzODQ1MzM1MTIZYzAzNzJlYmMyZmVhZGE1OTplczplczpFUw&amp;usg=AOvVaw0NLW3xu93sv-FxaMkjhR6C\" target=\"_blank\" rel=\"noopener\" data-saferedirecturl=\"https:\/\/www.google.com\/url?q=https:\/\/www.google.com\/url?rct%3Dj%26sa%3Dt%26url%3Dhttps:\/\/www.cantabriapress.com\/nacional\/ana-botin-primera-mujer-en-presidir-el-instituto-de-finanzas-internacionales\/%26ct%3Dga%26cd%3DCAEYECoTMzc3NDU3MjM1ODQzODQ1MzM1MTIZYzAzNzJlYmMyZmVhZGE1OTplczplczpFUw%26usg%3DAOvVaw0NLW3xu93sv-FxaMkjhR6C&amp;source=gmail&amp;ust=1674545852950000&amp;usg=AOvVaw0ObQ7I7Jxt--izMyP5Vr-l\">Ana Bot\u00edn, primera\u00a0mujer\u00a0en presidir el\u00a0Instituto de Finanzas Internacionales-\u00a0<\/a>cantabriapress<br \/>\n<a class=\"title\" href=\"https:\/\/www.compromisorse.com\/rse\/2023\/01\/23\/ser-sostenibles-nos-hace-mas-felices\/\" target=\"_blank\" rel=\"noopener\" data-artpy=\"0\" data-author=\"CompromisoRSE\">Las mujeres mayores de 55 a\u00f1os son las que m\u00e1s se preocupan por la sostenibilidad en Espa\u00f1a<\/a>-compromisoRSE<br \/>\n<a class=\"title\" href=\"https:\/\/www.diariodemallorca.es\/cultura\/2023\/01\/21\/ariana-dominguez-hay-conocer-reivindicar-81510349.html\" target=\"_blank\" rel=\"noopener\" data-artpy=\"0\" data-author=\"Diario de Mallorca\">Ariana Dom\u00ednguez: \u00abHay que conocer y reivindicar el papel de la mujer en el sector pesquero\u00bb<\/a>-diariodemallorca<\/p>\n<p><strong>Actualidad<br \/>\n<\/strong><a href=\"https:\/\/www.google.com\/url?rct=j&amp;sa=t&amp;url=https:\/\/www.diariosur.es\/economia\/pensiones\/pensiones-viudedad-espana-sentencia-afecta-20230122133150-nt.html&amp;ct=ga&amp;cd=CAEYBioTODE3OTMwMDY1NjI4ODIwNzc3NTIZYzAzNzJlYmMyZmVhZGE1OTplczplczpFUw&amp;usg=AOvVaw18p8_iqB-UjXTQq4Gzu-Vz\" target=\"_blank\" rel=\"noopener\" data-saferedirecturl=\"https:\/\/www.google.com\/url?q=https:\/\/www.google.com\/url?rct%3Dj%26sa%3Dt%26url%3Dhttps:\/\/www.diariosur.es\/economia\/pensiones\/pensiones-viudedad-espana-sentencia-afecta-20230122133150-nt.html%26ct%3Dga%26cd%3DCAEYBioTODE3OTMwMDY1NjI4ODIwNzc3NTIZYzAzNzJlYmMyZmVhZGE1OTplczplczpFUw%26usg%3DAOvVaw18p8_iqB-UjXTQq4Gzu-Vz&amp;source=gmail&amp;ust=1674545850465000&amp;usg=AOvVaw0pO66B_YuVfSS2eR0r7V0X\">Pensiones de viudedad en Espa\u00f1a: la sentencia del Tribunal de Derechos Humanos que les afecta-\u00a0<\/a><a>Diario Sur<br \/>\n<\/a><a href=\"https:\/\/www.google.com\/url?rct=j&amp;sa=t&amp;url=https:\/\/dialnet.unirioja.es\/servlet\/tesis%3Fcodigo%3D309102&amp;ct=ga&amp;cd=CAEYGCoUMTcxNDYxNTgwNDgzMjI4MTEwOTAyGTU5ZDc4MTcxMzZhMmQwMjg6ZXM6ZXM6RVM&amp;usg=AOvVaw1e3EK89BIQble5nq_c8R0_\" target=\"_blank\" rel=\"noopener\" data-saferedirecturl=\"https:\/\/www.google.com\/url?q=https:\/\/www.google.com\/url?rct%3Dj%26sa%3Dt%26url%3Dhttps:\/\/dialnet.unirioja.es\/servlet\/tesis%253Fcodigo%253D309102%26ct%3Dga%26cd%3DCAEYGCoUMTcxNDYxNTgwNDgzMjI4MTEwOTAyGTU5ZDc4MTcxMzZhMmQwMjg6ZXM6ZXM6RVM%26usg%3DAOvVaw1e3EK89BIQble5nq_c8R0_&amp;source=gmail&amp;ust=1674545853927000&amp;usg=AOvVaw2E_0Q5vvVy7jT926Jvip8U\">La igualdad de\u00a0g\u00e9nero en la evaluaci\u00f3n de la ayuda al desarrollo &#8211;<\/a><a>Dialnet<br \/>\n<\/a><a href=\"https:\/\/www.google.com\/url?rct=j&amp;sa=t&amp;url=https:\/\/www.elcorreo.com\/bizkaia\/naciones-unidas-experta-bilbao-ana-pelaez-mujeres-derechos-discapacitadas-20230120131946-nt.html&amp;ct=ga&amp;cd=CAEYASoTMzc3NDU3MjM1ODQzODQ1MzM1MTIZYzAzNzJlYmMyZmVhZGE1OTplczplczpFUw&amp;usg=AOvVaw2rZV3d5VmLhCHksvh-cSnO\" target=\"_blank\" rel=\"noopener\" data-saferedirecturl=\"https:\/\/www.google.com\/url?q=https:\/\/www.google.com\/url?rct%3Dj%26sa%3Dt%26url%3Dhttps:\/\/www.elcorreo.com\/bizkaia\/naciones-unidas-experta-bilbao-ana-pelaez-mujeres-derechos-discapacitadas-20230120131946-nt.html%26ct%3Dga%26cd%3DCAEYASoTMzc3NDU3MjM1ODQzODQ1MzM1MTIZYzAzNzJlYmMyZmVhZGE1OTplczplczpFUw%26usg%3DAOvVaw2rZV3d5VmLhCHksvh-cSnO&amp;source=gmail&amp;ust=1674545852947000&amp;usg=AOvVaw2lPzWSQAXWajWu0BINAbmo\">\u00abHay que garantizar la participaci\u00f3n igualitaria de las\u00a0mujeres de grupos desfavorecidos &#8230;-\u00a0<\/a><a>El Correo<\/a><a><br \/>\n<\/a><a href=\"https:\/\/www.google.com\/url?rct=j&amp;sa=t&amp;url=https:\/\/www.enfermeria21.com\/diario-dicen\/sentencia-familia-monoparental\/&amp;ct=ga&amp;cd=CAEYCSoTMzc3NDU3MjM1ODQzODQ1MzM1MTIZYzAzNzJlYmMyZmVhZGE1OTplczplczpFUw&amp;usg=AOvVaw2DD1ZWKrEbT4_9odqY_rc0\" target=\"_blank\" rel=\"noopener\" data-saferedirecturl=\"https:\/\/www.google.com\/url?q=https:\/\/www.google.com\/url?rct%3Dj%26sa%3Dt%26url%3Dhttps:\/\/www.enfermeria21.com\/diario-dicen\/sentencia-familia-monoparental\/%26ct%3Dga%26cd%3DCAEYCSoTMzc3NDU3MjM1ODQzODQ1MzM1MTIZYzAzNzJlYmMyZmVhZGE1OTplczplczpFUw%26usg%3DAOvVaw2DD1ZWKrEbT4_9odqY_rc0&amp;source=gmail&amp;ust=1674545852949000&amp;usg=AOvVaw17ZnLVJyxg-Xd8fWZmkAeC\">Una\u00a0mujer podr\u00e1 disfrutar 10 semanas m\u00e1s de baja por maternidad al ser familia monoparental-\u00a0<\/a><a>Enfermer\u00eda21-<br \/>\n<\/a><a href=\"https:\/\/www.google.com\/url?rct=j&amp;sa=t&amp;url=https:\/\/www.levante-emv.com\/espana\/2023\/01\/21\/reaccionarios-les-da-controlar-cuerpo-81534612.html&amp;ct=ga&amp;cd=CAEYACoTNzIxODc3MjA4MDI2ODIwOTEzMjIZYzAzNzJlYmMyZmVhZGE1OTplczplczpFUw&amp;usg=AOvVaw1s_Vep0D0RVSeyh8WrV8Gn\" target=\"_blank\" rel=\"noopener\" data-saferedirecturl=\"https:\/\/www.google.com\/url?q=https:\/\/www.google.com\/url?rct%3Dj%26sa%3Dt%26url%3Dhttps:\/\/www.levante-emv.com\/espana\/2023\/01\/21\/reaccionarios-les-da-controlar-cuerpo-81534612.html%26ct%3Dga%26cd%3DCAEYACoTNzIxODc3MjA4MDI2ODIwOTEzMjIZYzAzNzJlYmMyZmVhZGE1OTplczplczpFUw%26usg%3DAOvVaw1s_Vep0D0RVSeyh8WrV8Gn&amp;source=gmail&amp;ust=1674545853001000&amp;usg=AOvVaw1ZAKTni0igz_b3Cvx536YH\">\u00bfPor qu\u00e9 a los reaccionarios les da siempre por lo mismo: controlar el cuerpo de las\u00a0mujeres?-\u00a0<\/a><a>Levante-EMV<br \/>\n<\/a><a class=\"title\" href=\"https:\/\/www.sport.es\/es\/noticias\/sociedad\/70-personas-piden-ayuda-cruz-81732835\" target=\"_blank\" rel=\"noopener\" data-artpy=\"0\" data-author=\"Sport\">Un 70% de las personas que piden ayuda a Cruz Roja en la postpandemia son mujeres-<\/a>sport<br \/>\n<a class=\"title\" href=\"https:\/\/www.levante-emv.com\/opinion\/2023\/01\/13\/mujeres-lideres-81118655.html\" target=\"_blank\" rel=\"noopener\" data-artpy=\"0\" data-author=\"Levante-EMV\">Mujeres y l\u00edderes<\/a>-levante<br \/>\n<a href=\"https:\/\/www.google.com\/url?rct=j&amp;sa=t&amp;url=https:\/\/www.abc.es\/familia\/mujeres\/ridiculo-permiso-laboral-tres-dias-mujeres-menopausia-20230123145026-nt.html&amp;ct=ga&amp;cd=CAEYFyoUMTA1NTc1OTc1MzkyMjY3NjQ1NTkyGWMwMzcyZWJjMmZlYWRhNTk6ZXM6ZXM6RVM&amp;usg=AOvVaw04fALT0JXL_MZiNux62bfe\" target=\"_blank\" rel=\"noopener\" data-saferedirecturl=\"https:\/\/www.google.com\/url?hl=es&amp;q=https:\/\/www.google.com\/url?rct%3Dj%26sa%3Dt%26url%3Dhttps:\/\/www.abc.es\/familia\/mujeres\/ridiculo-permiso-laboral-tres-dias-mujeres-menopausia-20230123145026-nt.html%26ct%3Dga%26cd%3DCAEYFyoUMTA1NTc1OTc1MzkyMjY3NjQ1NTkyGWMwMzcyZWJjMmZlYWRhNTk6ZXM6ZXM6RVM%26usg%3DAOvVaw04fALT0JXL_MZiNux62bfe&amp;source=gmail&amp;ust=1674637900422000&amp;usg=AOvVaw29hYnt9HVZG6VwOIN9kUpP\">\u00abEs rid\u00edculo dar un permiso laboral de tres d\u00edas al mes a las\u00a0mujeres con menopausia\u00bb-\u00a0<\/a><a>abc<\/a><\/p>\n<p><strong>Violencias<br \/>\n<\/strong><a href=\"https:\/\/www.google.com\/url?rct=j&amp;sa=t&amp;url=https:\/\/www.diarioelnorte.com.ar\/las-mujeres-entre-los-segmentos-mas-desprotegidos-de-la-ciberviolencia\/&amp;ct=ga&amp;cd=CAEYASoTNjI2Mzk1NTg5MzEzMjAxODk2NTIZYzAzNzJlYmMyZmVhZGE1OTplczplczpFUw&amp;usg=AOvVaw2dfl0aLF8LPmS2xK40wQf8\" target=\"_blank\" rel=\"noopener\" data-saferedirecturl=\"https:\/\/www.google.com\/url?q=https:\/\/www.google.com\/url?rct%3Dj%26sa%3Dt%26url%3Dhttps:\/\/www.diarioelnorte.com.ar\/las-mujeres-entre-los-segmentos-mas-desprotegidos-de-la-ciberviolencia\/%26ct%3Dga%26cd%3DCAEYASoTNjI2Mzk1NTg5MzEzMjAxODk2NTIZYzAzNzJlYmMyZmVhZGE1OTplczplczpFUw%26usg%3DAOvVaw2dfl0aLF8LPmS2xK40wQf8&amp;source=gmail&amp;ust=1674545852994000&amp;usg=AOvVaw2gtbcBaWgpcrHnmr_cpbwj\">Las\u00a0mujeres, entre los segmentos m\u00e1s desprotegidos de la ciberviolencia &#8211;<\/a><a>Diario El Norte<br \/>\n<\/a><a href=\"https:\/\/www.google.com\/url?rct=j&amp;sa=t&amp;url=https:\/\/elpais.com\/sociedad\/2023-01-23\/un-hombre-con-antecedentes-de-violencia-machista-mata-a-su-pareja-y-a-la-hija-de-esta-en-valladolid.html&amp;ct=ga&amp;cd=CAEYACoTMTA4OTgxNDQ3NDUyNTY5MzUyNDIZZTJkZWZhN2Q1ZGE5MTU3ZDplczplczpFUw&amp;usg=AOvVaw0IpQ6ixgIhNSU3Kv36G1z_\" target=\"_blank\" rel=\"noopener\" data-saferedirecturl=\"https:\/\/www.google.com\/url?q=https:\/\/www.google.com\/url?rct%3Dj%26sa%3Dt%26url%3Dhttps:\/\/elpais.com\/sociedad\/2023-01-23\/un-hombre-con-antecedentes-de-violencia-machista-mata-a-su-pareja-y-a-la-hija-de-esta-en-valladolid.html%26ct%3Dga%26cd%3DCAEYACoTMTA4OTgxNDQ3NDUyNTY5MzUyNDIZZTJkZWZhN2Q1ZGE5MTU3ZDplczplczpFUw%26usg%3DAOvVaw0IpQ6ixgIhNSU3Kv36G1z_&amp;source=gmail&amp;ust=1674550241935000&amp;usg=AOvVaw0XgsaBOiQqeS_edlam95G_\">Un hombre con antecedentes de\u00a0violencia machista mata en Valladolid a su pareja y a la &#8230; &#8211;<\/a><a>El Pa\u00eds<br \/>\n<\/a><a href=\"https:\/\/www.google.com\/url?rct=j&amp;sa=t&amp;url=https:\/\/www.mundodeportivo.com\/actualidad\/20230123\/1001924239\/protocolo-aplican-discotecas-barcelona-casos-agresion-sexual-dct.html&amp;ct=ga&amp;cd=CAEYAyoUMTA3MzM2MTYyMzY2NDI5ODQxNjgyGWUyZGVmYTdkNWRhOTE1N2Q6ZXM6ZXM6RVM&amp;usg=AOvVaw1mBU3FsJmJJnHw1mP7tiPD\" target=\"_blank\" rel=\"noopener\" data-saferedirecturl=\"https:\/\/www.google.com\/url?q=https:\/\/www.google.com\/url?rct%3Dj%26sa%3Dt%26url%3Dhttps:\/\/www.mundodeportivo.com\/actualidad\/20230123\/1001924239\/protocolo-aplican-discotecas-barcelona-casos-agresion-sexual-dct.html%26ct%3Dga%26cd%3DCAEYAyoUMTA3MzM2MTYyMzY2NDI5ODQxNjgyGWUyZGVmYTdkNWRhOTE1N2Q6ZXM6ZXM6RVM%26usg%3DAOvVaw1mBU3FsJmJJnHw1mP7tiPD&amp;source=gmail&amp;ust=1674635827138000&amp;usg=AOvVaw3EuuVoPIYlL_NoJeF7FmXZ\">Este es el protocolo que aplican las discotecas en Barcelona en casos de agresi\u00f3n sexual-\u00a0<\/a><a>Mundo Deportivo<\/a><\/p>\n<p><strong>Ciencia y Cultura<br \/>\n<\/strong><a href=\"https:\/\/www.google.com\/url?rct=j&amp;sa=t&amp;url=https:\/\/www.elespanol.com\/mujer\/actualidad\/20230122\/cientificas-africanas-investigan-espana-energias-mejorar-cultivos\/734176656_0.html&amp;ct=ga&amp;cd=CAEYACoTMzc3MDI4ODgzMDg2NTU1MTcxNjIZYzAzNzJlYmMyZmVhZGE1OTplczplczpFUw&amp;usg=AOvVaw2scXJRLfUOpfIQnZdgDIn9\" target=\"_blank\" rel=\"noopener\" data-saferedirecturl=\"https:\/\/www.google.com\/url?q=https:\/\/www.google.com\/url?rct%3Dj%26sa%3Dt%26url%3Dhttps:\/\/www.elespanol.com\/mujer\/actualidad\/20230122\/cientificas-africanas-investigan-espana-energias-mejorar-cultivos\/734176656_0.html%26ct%3Dga%26cd%3DCAEYACoTMzc3MDI4ODgzMDg2NTU1MTcxNjIZYzAzNzJlYmMyZmVhZGE1OTplczplczpFUw%26usg%3DAOvVaw2scXJRLfUOpfIQnZdgDIn9&amp;source=gmail&amp;ust=1674545853097000&amp;usg=AOvVaw3Xa9YNqAfbvopXvA-bIMQj\">26 cient\u00edficas africanas investigan en Espa\u00f1a energ\u00edas verdes y c\u00f3mo mejorar los cultivos-\u00a0<\/a><a>El Espa\u00f1ol<br \/>\n<\/a><a href=\"https:\/\/www.google.com\/url?rct=j&amp;sa=t&amp;url=https:\/\/www.interempresas.net\/Quimica\/Articulos\/464476-ITAINNOVA-organiza-evento-Buscamos-Cientificas-Futuro-visibilizar-trabajo-mujeres-dedican.html&amp;ct=ga&amp;cd=CAEYBCoUMTA1NTc1OTc1MzkyMjY3NjQ1NTkyGWMwMzcyZWJjMmZlYWRhNTk6ZXM6ZXM6RVM&amp;usg=AOvVaw2H8m_fFKkd4VpOYjbcLkDO\" target=\"_blank\" rel=\"noopener\" data-saferedirecturl=\"https:\/\/www.google.com\/url?q=https:\/\/www.google.com\/url?rct%3Dj%26sa%3Dt%26url%3Dhttps:\/\/www.interempresas.net\/Quimica\/Articulos\/464476-ITAINNOVA-organiza-evento-Buscamos-Cientificas-Futuro-visibilizar-trabajo-mujeres-dedican.html%26ct%3Dga%26cd%3DCAEYBCoUMTA1NTc1OTc1MzkyMjY3NjQ1NTkyGWMwMzcyZWJjMmZlYWRhNTk6ZXM6ZXM6RVM%26usg%3DAOvVaw2H8m_fFKkd4VpOYjbcLkDO&amp;source=gmail&amp;ust=1674635825139000&amp;usg=AOvVaw1YIvDjmJAAALQKYZ4P8M26\">Itainnova organiza el evento &#8216;Buscamos a las Cient\u00edficas del Futuro&#8217; para visibilizar &#8230;<\/a>&#8211;<a>Interempresas<br \/>\n<\/a><a href=\"https:\/\/www.google.com\/url?rct=j&amp;sa=t&amp;url=https:\/\/amecopress.net\/28-entidades-42-programas-y-19-proyectos-para-fomentar-la-igualdad-en-el-ambito-academico&amp;ct=ga&amp;cd=CAEYISoTMzc3NDU3MjM1ODQzODQ1MzM1MTIZYzAzNzJlYmMyZmVhZGE1OTplczplczpFUw&amp;usg=AOvVaw3xUEZR5DXgPNO4rrdTj5wi\" target=\"_blank\" rel=\"noopener\" data-saferedirecturl=\"https:\/\/www.google.com\/url?hl=es&amp;q=https:\/\/www.google.com\/url?rct%3Dj%26sa%3Dt%26url%3Dhttps:\/\/amecopress.net\/28-entidades-42-programas-y-19-proyectos-para-fomentar-la-igualdad-en-el-ambito-academico%26ct%3Dga%26cd%3DCAEYISoTMzc3NDU3MjM1ODQzODQ1MzM1MTIZYzAzNzJlYmMyZmVhZGE1OTplczplczpFUw%26usg%3DAOvVaw3xUEZR5DXgPNO4rrdTj5wi&amp;source=gmail&amp;ust=1674565867613000&amp;usg=AOvVaw2w8O0xqHUxYen5RzmgLzPP\">28 entidades, 42 programas y 19 proyectos para fomentar la igualdad en el \u00e1mbito acad\u00e9mico-\u00a0<\/a><a>Ameco Press<br \/>\n<\/a><a href=\"https:\/\/www.google.com\/url?rct=j&amp;sa=t&amp;url=https:\/\/cultura.cervantes.es\/paris\/es\/La-mujer-esqueleto-y-otros-cuentos-de-mujeres-que-dan-miedo\/156875&amp;ct=ga&amp;cd=CAEYAyoTOTU5OTI5ODcxNDQ4MDI0OTExNzIZYzAzNzJlYmMyZmVhZGE1OTplczplczpFUw&amp;usg=AOvVaw0tIU--h7b-ynSTXNg7fgRo\" target=\"_blank\" rel=\"noopener\" data-saferedirecturl=\"https:\/\/www.google.com\/url?q=https:\/\/www.google.com\/url?rct%3Dj%26sa%3Dt%26url%3Dhttps:\/\/cultura.cervantes.es\/paris\/es\/La-mujer-esqueleto-y-otros-cuentos-de-mujeres-que-dan-miedo\/156875%26ct%3Dga%26cd%3DCAEYAyoTOTU5OTI5ODcxNDQ4MDI0OTExNzIZYzAzNzJlYmMyZmVhZGE1OTplczplczpFUw%26usg%3DAOvVaw0tIU--h7b-ynSTXNg7fgRo&amp;source=gmail&amp;ust=1674545852985000&amp;usg=AOvVaw2qoMFeyKlU7CkSSplHkgPY\">La\u00a0mujer\u00a0esqueleto y otros cuentos de\u00a0mujeres que dan miedo &#8211;<\/a><a>Actividades culturales del Instituto Cervantes<br \/>\n<\/a><a href=\"https:\/\/www.google.com\/url?rct=j&amp;sa=t&amp;url=https:\/\/toledodiario.es\/aplicar-la-perspectiva-de-genero-en-una-ciudad-patrimonio-como-toledo-puede-cambiar-la-sociedad\/&amp;ct=ga&amp;cd=CAEYACoTMzA0MjA3NTYzNTA0NTE1MzYyODIZYzAzNzJlYmMyZmVhZGE1OTplczplczpFUw&amp;usg=AOvVaw3wABuGYGdauckBP67ixOTo\" target=\"_blank\" rel=\"noopener\" data-saferedirecturl=\"https:\/\/www.google.com\/url?q=https:\/\/www.google.com\/url?rct%3Dj%26sa%3Dt%26url%3Dhttps:\/\/toledodiario.es\/aplicar-la-perspectiva-de-genero-en-una-ciudad-patrimonio-como-toledo-puede-cambiar-la-sociedad\/%26ct%3Dga%26cd%3DCAEYACoTMzA0MjA3NTYzNTA0NTE1MzYyODIZYzAzNzJlYmMyZmVhZGE1OTplczplczpFUw%26usg%3DAOvVaw3wABuGYGdauckBP67ixOTo&amp;source=gmail&amp;ust=1674545853136000&amp;usg=AOvVaw0D1h9d9qGbDrx9YuW5NAvS\">Aplicar la perspectiva de g\u00e9nero en una Ciudad Patrimonio como Toledo \u201cpuede cambiar la &#8230;-\u00a0<\/a><a>Toledodiario<br \/>\n<\/a><a href=\"https:\/\/www.google.com\/url?rct=j&amp;sa=t&amp;url=https:\/\/www.notimerica.com\/sociedad\/noticia-sorda-primer-cortometraje-rodado-lengua-signos-nominado-goya-20230122112944.html&amp;ct=ga&amp;cd=CAEYAioTNjQ2MTE0NDc0MDAxNjQ5NzQ1OTIZYzAzNzJlYmMyZmVhZGE1OTplczplczpFUw&amp;usg=AOvVaw1zP8IHaIwChJKoGCgGx-y5\" target=\"_blank\" rel=\"noopener\" data-saferedirecturl=\"https:\/\/www.google.com\/url?q=https:\/\/www.google.com\/url?rct%3Dj%26sa%3Dt%26url%3Dhttps:\/\/www.notimerica.com\/sociedad\/noticia-sorda-primer-cortometraje-rodado-lengua-signos-nominado-goya-20230122112944.html%26ct%3Dga%26cd%3DCAEYAioTNjQ2MTE0NDc0MDAxNjQ5NzQ1OTIZYzAzNzJlYmMyZmVhZGE1OTplczplczpFUw%26usg%3DAOvVaw1zP8IHaIwChJKoGCgGx-y5&amp;source=gmail&amp;ust=1674545853163000&amp;usg=AOvVaw11zS2EqL9OVDUDl9sezbei\">Sorda&#8217;, primer cortometraje rodado en lengua de signos nominado a los Goya &#8211;\u00a0<\/a><a>Notim\u00e9rica<br \/>\n<\/a><a class=\"title\" href=\"https:\/\/www.abc.es\/cultura\/miren-ibarguren-creemos-mujer-madre-problematica-20230123140629-vi.html\" target=\"_blank\" rel=\"noopener\" data-artpy=\"0\" data-author=\"ABC\">Miren Ibarguren: \u00abCreemos que cuando una mujer es madre va a ser problem\u00e1tica\u00bb<\/a>-abc<a><br \/>\n<\/a><\/p>\n<p><strong>Deporte<br \/>\n<\/strong><a href=\"https:\/\/www.google.com\/url?rct=j&amp;sa=t&amp;url=https:\/\/www.teleprensa.com\/articulo\/deportes\/sarai-gascon-quiero-posicionarme-mejores-coger-carrerilla-cara-paris\/202301221002291387250.html&amp;ct=ga&amp;cd=CAEYBSoTNTcxNTExMjQ0MzExNDc5NzcxODIZZTJkZWZhN2Q1ZGE5MTU3ZDplczplczpFUw&amp;usg=AOvVaw1gP3-BbUxuFpAO9Z1HCyZH\" target=\"_blank\" rel=\"noopener\" data-saferedirecturl=\"https:\/\/www.google.com\/url?q=https:\/\/www.google.com\/url?rct%3Dj%26sa%3Dt%26url%3Dhttps:\/\/www.teleprensa.com\/articulo\/deportes\/sarai-gascon-quiero-posicionarme-mejores-coger-carrerilla-cara-paris\/202301221002291387250.html%26ct%3Dga%26cd%3DCAEYBSoTNTcxNTExMjQ0MzExNDc5NzcxODIZZTJkZWZhN2Q1ZGE5MTU3ZDplczplczpFUw%26usg%3DAOvVaw1gP3-BbUxuFpAO9Z1HCyZH&amp;source=gmail&amp;ust=1674545851506000&amp;usg=AOvVaw2l9tj_pGapO2uLFBYqw5CW\">Sarai Gasc\u00f3n: \u00abQuiero posicionarme entre las mejores para coger &#8216;carrerilla&#8217;&#8230; &#8211;\u00a0<\/a><a>Teleprensa<\/a><\/p>\n<\/div>\n<\/div>\n<div id=\"\" class=\"lsow-panel lsow-active\">\n<h1 class=\"lsow-panel-title\">Internacional<\/h1>\n<div class=\"lsow-panel-content\">\n<p><a href=\"https:\/\/www.google.com\/url?rct=j&amp;sa=t&amp;url=https:\/\/www.segib.org\/agenda\/vii-cumbre-de-jefas-y-jefes-de-estado-y-de-gobierno-de-la-comunidad-de-estados-latinoamericanos-y-caribenos\/&amp;ct=ga&amp;cd=CAEYBCoTOTQ2NzIyMzExNzE3MjI0MjU3ODIZNTlkNzgxNzEzNmEyZDAyODplczplczpFUw&amp;usg=AOvVaw2KAyYauUTj7SLtWeFRcZbi\" target=\"_blank\" rel=\"noopener\" data-saferedirecturl=\"https:\/\/www.google.com\/url?q=https:\/\/www.google.com\/url?rct%3Dj%26sa%3Dt%26url%3Dhttps:\/\/www.segib.org\/agenda\/vii-cumbre-de-jefas-y-jefes-de-estado-y-de-gobierno-de-la-comunidad-de-estados-latinoamericanos-y-caribenos\/%26ct%3Dga%26cd%3DCAEYBCoTOTQ2NzIyMzExNzE3MjI0MjU3ODIZNTlkNzgxNzEzNmEyZDAyODplczplczpFUw%26usg%3DAOvVaw2KAyYauUTj7SLtWeFRcZbi&amp;source=gmail&amp;ust=1674635826024000&amp;usg=AOvVaw03C2woTnIcQBRZYB9sFtgf\">VII Cumbre de Jefas y Jefes de Estado y de Gobierno de la Comunidad de Estados &#8230;-\u00a0<\/a><a>SEGIB<br \/>\n<\/a><a href=\"https:\/\/www.google.com\/url?rct=j&amp;sa=t&amp;url=https:\/\/www.swissinfo.ch\/spa\/d%25C3%25ADa-mujer-onu_onu-mujeres-urge-a-actuar-para-construir-un--mundo-digital-inclusivo-\/48221106&amp;ct=ga&amp;cd=CAEYACoTNjA2NTQzNTIxNTg3NTUxMzA5NDIZZTFlNzdkMTU2MDk4YThlMzplczplczpFUw&amp;usg=AOvVaw1Mk0fERjN8Q7T80FoP_2z_\" target=\"_blank\" rel=\"noopener\" data-saferedirecturl=\"https:\/\/www.google.com\/url?q=https:\/\/www.google.com\/url?rct%3Dj%26sa%3Dt%26url%3Dhttps:\/\/www.swissinfo.ch\/spa\/d%2525C3%2525ADa-mujer-onu_onu-mujeres-urge-a-actuar-para-construir-un--mundo-digital-inclusivo-\/48221106%26ct%3Dga%26cd%3DCAEYACoTNjA2NTQzNTIxNTg3NTUxMzA5NDIZZTFlNzdkMTU2MDk4YThlMzplczplczpFUw%26usg%3DAOvVaw1Mk0fERjN8Q7T80FoP_2z_&amp;source=gmail&amp;ust=1674545852868000&amp;usg=AOvVaw2SbZ-fSXKhgrRswOUpA8Mr\">ONU Mujeres urge a actuar para construir un \u00abmundo digital inclusivo\u00bb &#8211;\u00a0<\/a><a>Swissinfo<br \/>\n<\/a><a href=\"https:\/\/www.google.com\/url?rct=j&amp;sa=t&amp;url=https:\/\/acento.com.do\/editorial\/derechos-de-la-mujer-9155293.html&amp;ct=ga&amp;cd=CAEYDCoUMTcxNDYxNTgwNDgzMjI4MTEwOTAyGTU5ZDc4MTcxMzZhMmQwMjg6ZXM6ZXM6RVM&amp;usg=AOvVaw3VEPKfmwNqJVoHi8y7swwm\" target=\"_blank\" rel=\"noopener\" data-saferedirecturl=\"https:\/\/www.google.com\/url?q=https:\/\/www.google.com\/url?rct%3Dj%26sa%3Dt%26url%3Dhttps:\/\/acento.com.do\/editorial\/derechos-de-la-mujer-9155293.html%26ct%3Dga%26cd%3DCAEYDCoUMTcxNDYxNTgwNDgzMjI4MTEwOTAyGTU5ZDc4MTcxMzZhMmQwMjg6ZXM6ZXM6RVM%26usg%3DAOvVaw3VEPKfmwNqJVoHi8y7swwm&amp;source=gmail&amp;ust=1674545853925000&amp;usg=AOvVaw1cwVRFo-k3ac4tjw4RCcbB\">Derechos de la mujer\u00a0<\/a>.a<a>cento<br \/>\n<\/a><a class=\"title\" href=\"https:\/\/www.elperiodico.com\/es\/entre-todos\/participacion\/jacinda-carta-maria-olga-santisteban-81678966\" target=\"_blank\" rel=\"noopener\" data-artpy=\"0\" data-author=\"El Peri\u00f3dico\">\u00abJacinda y las toxicidades de la pol\u00edtica\u00bb<\/a>-elperiodico<a><br \/>\n<\/a><a href=\"https:\/\/www.google.com\/url?rct=j&amp;sa=t&amp;url=https:\/\/es.vida-estilo.yahoo.com\/reclaman-esfuerzos-frente-violencia-mujer-210227301.html&amp;ct=ga&amp;cd=CAEYASoUMTcxNDYxNTgwNDgzMjI4MTEwOTAyGTU5ZDc4MTcxMzZhMmQwMjg6ZXM6ZXM6RVM&amp;usg=AOvVaw19GzzssfdpduodMWhpQxgS\" target=\"_blank\" rel=\"noopener\" data-saferedirecturl=\"https:\/\/www.google.com\/url?q=https:\/\/www.google.com\/url?rct%3Dj%26sa%3Dt%26url%3Dhttps:\/\/es.vida-estilo.yahoo.com\/reclaman-esfuerzos-frente-violencia-mujer-210227301.html%26ct%3Dga%26cd%3DCAEYASoUMTcxNDYxNTgwNDgzMjI4MTEwOTAyGTU5ZDc4MTcxMzZhMmQwMjg6ZXM6ZXM6RVM%26usg%3DAOvVaw19GzzssfdpduodMWhpQxgS&amp;source=gmail&amp;ust=1674545853923000&amp;usg=AOvVaw2wQ7gy57zXOUDVPbLcniVh\">Reclaman m\u00e1s esfuerzos frente a la violencia contra la mujer en Iberoam\u00e9rica-\u00a0<\/a><a>Yahoo Noticias<br \/>\n<\/a><a class=\"title\" href=\"https:\/\/www.elmundo.es\/yodona\/actualidad\/2023\/01\/23\/63c961f0e4d4d8ec7d8b45b2.html\" target=\"_blank\" rel=\"noopener\" data-artpy=\"0\" data-author=\"El Mundo\">Las mujeres chinas que no quieren ser madres: \u00abHemos pasado de que nos obliguen a abortar a que nos pidan muchos hijos\u00bb<\/a>-elmundo<a><br \/>\n<\/a><a href=\"https:\/\/www.google.com\/url?rct=j&amp;sa=t&amp;url=https:\/\/www.rtve.es\/play\/audios\/sumando-esfuerzos\/sumando-esfuerzos-hablamos-talibanes-contra-mujeres-afganistan-20-01-23\/6779437\/&amp;ct=ga&amp;cd=CAEYAyoUMTcxNDYxNTgwNDgzMjI4MTEwOTAyGTU5ZDc4MTcxMzZhMmQwMjg6ZXM6ZXM6RVM&amp;usg=AOvVaw0O8rMhejvnPnVJGuiVyJ4U\" target=\"_blank\" rel=\"noopener\" data-saferedirecturl=\"https:\/\/www.google.com\/url?q=https:\/\/www.google.com\/url?rct%3Dj%26sa%3Dt%26url%3Dhttps:\/\/www.rtve.es\/play\/audios\/sumando-esfuerzos\/sumando-esfuerzos-hablamos-talibanes-contra-mujeres-afganistan-20-01-23\/6779437\/%26ct%3Dga%26cd%3DCAEYAyoUMTcxNDYxNTgwNDgzMjI4MTEwOTAyGTU5ZDc4MTcxMzZhMmQwMjg6ZXM6ZXM6RVM%26usg%3DAOvVaw0O8rMhejvnPnVJGuiVyJ4U&amp;source=gmail&amp;ust=1674545853924000&amp;usg=AOvVaw0aQozNFGrZNvYX0WLmOfXl\">Hablamos de los talibanes contra las mujeres en Afganist\u00e1n &#8211;\u00a0<\/a><a>RTVE.es<br \/>\n<\/a><a href=\"https:\/\/www.google.com\/url?rct=j&amp;sa=t&amp;url=https:\/\/diario16.com\/comienza-el-primer-ciclo-de-cooperacion-y-seguimiento-para-alcanzar-los-objetivos-de-la-decada-digital-2030-de-la-ue\/&amp;ct=ga&amp;cd=CAEYACoUMTY0NTU0NTIxNDkyMTcwNjAyNzcyGTU5ZDc4MTcxMzZhMmQwMjg6ZXM6ZXM6RVM&amp;usg=AOvVaw3AmVKYQ_LgjYg2VQkkLXnZ\" target=\"_blank\" rel=\"noopener\" data-saferedirecturl=\"https:\/\/www.google.com\/url?q=https:\/\/www.google.com\/url?rct%3Dj%26sa%3Dt%26url%3Dhttps:\/\/diario16.com\/comienza-el-primer-ciclo-de-cooperacion-y-seguimiento-para-alcanzar-los-objetivos-de-la-decada-digital-2030-de-la-ue\/%26ct%3Dga%26cd%3DCAEYACoUMTY0NTU0NTIxNDkyMTcwNjAyNzcyGTU5ZDc4MTcxMzZhMmQwMjg6ZXM6ZXM6RVM%26usg%3DAOvVaw3AmVKYQ_LgjYg2VQkkLXnZ&amp;source=gmail&amp;ust=1674545851559000&amp;usg=AOvVaw3Wnw-yvQPmFsX-jh9Z22_t\">Comienza el primer ciclo de cooperaci\u00f3n y seguimiento para alcanzar los objetivos de &#8230; &#8211;\u00a0<\/a><a>Diario 16<br \/>\n<\/a><a class=\"title\" href=\"https:\/\/www.eldia.es\/sociedad\/2023\/01\/18\/legado-mujeres-nobel-nietos-marie-curie-81334386.html\" target=\"_blank\" rel=\"noopener\" data-artpy=\"0\" data-author=\"eldia\">El legado de las mujeres Nobel<\/a> &#8211; eldia<\/p>\n<\/div>\n<\/div>\n<\/div><\/div><\/div><\/div><\/div>\n","protected":false},"excerpt":{"rendered":"<p>ONU Mujeres urge a actuar para construir un mundo digital inclusivo * Ana Bot\u00edn primera mujer en presidir el Instituto de Finanzas Internacionales * Las mujeres mayores de 55 a\u00f1os son las que m\u00e1s se preocupan por la sostenibilidad en Espa\u00f1a * Mujeres y l\u00edderes * Periodismo y perspectiva de g\u00e9nero<\/p>\n","protected":false},"author":3,"featured_media":22909,"comment_status":"closed","ping_status":"closed","sticky":false,"template":"","format":"standard","meta":{"footnotes":""},"categories":[298,621],"tags":[248,96,116,219,311],"class_list":["post-18276","post","type-post","status-publish","format-standard","has-post-thumbnail","hentry","category-newsletter","category-nwl-3-0","tag-brecha-digital","tag-mujeres","tag-periodismo","tag-perspectiva-de-genero","tag-sostenibilidad"],"yoast_head":"<!-- This site is optimized with the Yoast SEO plugin v27.5 - https:\/\/yoast.com\/product\/yoast-seo-wordpress\/ -->\n<title>Noticias Info CKL n\u00ba 2753-24\/01\/23 -Comunicar con perspectiva de g\u00e9nero<\/title>\n<meta name=\"description\" content=\"Noticias Info CKL n\u00ba 2753-24\/01\/23 ONU Mujeres urge a actuar para construir un mundo digital inclusivo * Ana Bot\u00edn primera mujer en presidir el Instituto de Finanzas Internacionales * Las mujeres mayores de 55 a\u00f1os son las que m\u00e1s se preocupan por la sostenibilidad en Espa\u00f1a * Mujeres y l\u00edderes * Periodismo y perspectiva de g\u00e9nero\" \/>\n<meta name=\"robots\" content=\"index, follow, max-snippet:-1, max-image-preview:large, max-video-preview:-1\" \/>\n<link rel=\"canonical\" href=\"https:\/\/cklcomunicaciones.es\/coop\/noticias-info-ckl-no-2753-24-01-23\/\" \/>\n<meta property=\"og:locale\" content=\"es_ES\" \/>\n<meta property=\"og:type\" content=\"article\" \/>\n<meta property=\"og:title\" content=\"Noticias Info CKL n\u00ba 2753-24\/01\/23 -Comunicar con perspectiva de g\u00e9nero\" \/>\n<meta property=\"og:description\" content=\"Noticias Info CKL n\u00ba 2753-24\/01\/23 ONU Mujeres urge a actuar para construir un mundo digital inclusivo * Ana Bot\u00edn primera mujer en presidir el Instituto de Finanzas Internacionales * Las mujeres mayores de 55 a\u00f1os son las que m\u00e1s se preocupan por la sostenibilidad en Espa\u00f1a * Mujeres y l\u00edderes * Periodismo y perspectiva de g\u00e9nero\" \/>\n<meta property=\"og:url\" content=\"https:\/\/cklcomunicaciones.es\/coop\/noticias-info-ckl-no-2753-24-01-23\/\" \/>\n<meta property=\"og:site_name\" content=\"CKL Comunicaciones\" \/>\n<meta property=\"article:published_time\" content=\"2023-01-24T09:39:20+00:00\" \/>\n<meta property=\"article:modified_time\" content=\"2025-02-08T15:11:00+00:00\" \/>\n<meta property=\"og:image\" content=\"https:\/\/cklcomunicaciones.es\/coop\/wp-content\/uploads\/2025\/01\/CKL-una-mirada-distinta-de-la-comunicacion.jpg\" \/>\n\t<meta property=\"og:image:width\" content=\"1482\" \/>\n\t<meta property=\"og:image:height\" content=\"775\" \/>\n\t<meta property=\"og:image:type\" content=\"image\/jpeg\" \/>\n<meta name=\"author\" content=\"ckl\" \/>\n<meta name=\"twitter:card\" content=\"summary_large_image\" \/>\n<meta name=\"twitter:label1\" content=\"Escrito por\" \/>\n\t<meta name=\"twitter:data1\" content=\"ckl\" \/>\n\t<meta name=\"twitter:label2\" content=\"Tiempo de lectura\" \/>\n\t<meta name=\"twitter:data2\" content=\"7 minutos\" \/>\n<script type=\"application\/ld+json\" class=\"yoast-schema-graph\">{\"@context\":\"https:\\\/\\\/schema.org\",\"@graph\":[{\"@type\":\"Article\",\"@id\":\"https:\\\/\\\/cklcomunicaciones.es\\\/coop\\\/noticias-info-ckl-no-2753-24-01-23\\\/#article\",\"isPartOf\":{\"@id\":\"https:\\\/\\\/cklcomunicaciones.es\\\/coop\\\/noticias-info-ckl-no-2753-24-01-23\\\/\"},\"author\":{\"name\":\"ckl\",\"@id\":\"https:\\\/\\\/cklcomunicaciones.es\\\/coop\\\/#\\\/schema\\\/person\\\/929a6837f7626450bbb50cee1aef266e\"},\"headline\":\"Noticias Info CKL n\u00ba 2753-24\\\/01\\\/23\",\"datePublished\":\"2023-01-24T09:39:20+00:00\",\"dateModified\":\"2025-02-08T15:11:00+00:00\",\"mainEntityOfPage\":{\"@id\":\"https:\\\/\\\/cklcomunicaciones.es\\\/coop\\\/noticias-info-ckl-no-2753-24-01-23\\\/\"},\"wordCount\":1354,\"image\":{\"@id\":\"https:\\\/\\\/cklcomunicaciones.es\\\/coop\\\/noticias-info-ckl-no-2753-24-01-23\\\/#primaryimage\"},\"thumbnailUrl\":\"https:\\\/\\\/cklcomunicaciones.es\\\/coop\\\/wp-content\\\/uploads\\\/2025\\\/01\\\/CKL-una-mirada-distinta-de-la-comunicacion.jpg\",\"keywords\":[\"brecha digital\",\"mujeres\",\"periodismo\",\"perspectiva de g\u00e9nero\",\"sostenibilidad\"],\"articleSection\":[\"Newsletter\",\"Nwl v3.0\"],\"inLanguage\":\"es\"},{\"@type\":\"WebPage\",\"@id\":\"https:\\\/\\\/cklcomunicaciones.es\\\/coop\\\/noticias-info-ckl-no-2753-24-01-23\\\/\",\"url\":\"https:\\\/\\\/cklcomunicaciones.es\\\/coop\\\/noticias-info-ckl-no-2753-24-01-23\\\/\",\"name\":\"Noticias Info CKL n\u00ba 2753-24\\\/01\\\/23 -Comunicar con perspectiva de g\u00e9nero\",\"isPartOf\":{\"@id\":\"https:\\\/\\\/cklcomunicaciones.es\\\/coop\\\/#website\"},\"primaryImageOfPage\":{\"@id\":\"https:\\\/\\\/cklcomunicaciones.es\\\/coop\\\/noticias-info-ckl-no-2753-24-01-23\\\/#primaryimage\"},\"image\":{\"@id\":\"https:\\\/\\\/cklcomunicaciones.es\\\/coop\\\/noticias-info-ckl-no-2753-24-01-23\\\/#primaryimage\"},\"thumbnailUrl\":\"https:\\\/\\\/cklcomunicaciones.es\\\/coop\\\/wp-content\\\/uploads\\\/2025\\\/01\\\/CKL-una-mirada-distinta-de-la-comunicacion.jpg\",\"datePublished\":\"2023-01-24T09:39:20+00:00\",\"dateModified\":\"2025-02-08T15:11:00+00:00\",\"author\":{\"@id\":\"https:\\\/\\\/cklcomunicaciones.es\\\/coop\\\/#\\\/schema\\\/person\\\/929a6837f7626450bbb50cee1aef266e\"},\"description\":\"Noticias Info CKL n\u00ba 2753-24\\\/01\\\/23 ONU Mujeres urge a actuar para construir un mundo digital inclusivo * Ana Bot\u00edn primera mujer en presidir el Instituto de Finanzas Internacionales * Las mujeres mayores de 55 a\u00f1os son las que m\u00e1s se preocupan por la sostenibilidad en Espa\u00f1a * Mujeres y l\u00edderes * Periodismo y perspectiva de g\u00e9nero\",\"breadcrumb\":{\"@id\":\"https:\\\/\\\/cklcomunicaciones.es\\\/coop\\\/noticias-info-ckl-no-2753-24-01-23\\\/#breadcrumb\"},\"inLanguage\":\"es\",\"potentialAction\":[{\"@type\":\"ReadAction\",\"target\":[\"https:\\\/\\\/cklcomunicaciones.es\\\/coop\\\/noticias-info-ckl-no-2753-24-01-23\\\/\"]}]},{\"@type\":\"ImageObject\",\"inLanguage\":\"es\",\"@id\":\"https:\\\/\\\/cklcomunicaciones.es\\\/coop\\\/noticias-info-ckl-no-2753-24-01-23\\\/#primaryimage\",\"url\":\"https:\\\/\\\/cklcomunicaciones.es\\\/coop\\\/wp-content\\\/uploads\\\/2025\\\/01\\\/CKL-una-mirada-distinta-de-la-comunicacion.jpg\",\"contentUrl\":\"https:\\\/\\\/cklcomunicaciones.es\\\/coop\\\/wp-content\\\/uploads\\\/2025\\\/01\\\/CKL-una-mirada-distinta-de-la-comunicacion.jpg\",\"width\":1482,\"height\":775,\"caption\":\"CKL - una mirada distinta de la comunicacion\"},{\"@type\":\"BreadcrumbList\",\"@id\":\"https:\\\/\\\/cklcomunicaciones.es\\\/coop\\\/noticias-info-ckl-no-2753-24-01-23\\\/#breadcrumb\",\"itemListElement\":[{\"@type\":\"ListItem\",\"position\":1,\"name\":\"Portada\",\"item\":\"https:\\\/\\\/cklcomunicaciones.es\\\/coop\\\/\"},{\"@type\":\"ListItem\",\"position\":2,\"name\":\"Noticias Info CKL n\u00ba 2753-24\\\/01\\\/23\"}]},{\"@type\":\"WebSite\",\"@id\":\"https:\\\/\\\/cklcomunicaciones.es\\\/coop\\\/#website\",\"url\":\"https:\\\/\\\/cklcomunicaciones.es\\\/coop\\\/\",\"name\":\"CKL Comunicaciones\",\"description\":\"Sitio web de CKL Comunicaciones coop , la consultora de comunicaci\u00f3n y estrategia\",\"potentialAction\":[{\"@type\":\"SearchAction\",\"target\":{\"@type\":\"EntryPoint\",\"urlTemplate\":\"https:\\\/\\\/cklcomunicaciones.es\\\/coop\\\/?s={search_term_string}\"},\"query-input\":{\"@type\":\"PropertyValueSpecification\",\"valueRequired\":true,\"valueName\":\"search_term_string\"}}],\"inLanguage\":\"es\"},{\"@type\":\"Person\",\"@id\":\"https:\\\/\\\/cklcomunicaciones.es\\\/coop\\\/#\\\/schema\\\/person\\\/929a6837f7626450bbb50cee1aef266e\",\"name\":\"ckl\",\"image\":{\"@type\":\"ImageObject\",\"inLanguage\":\"es\",\"@id\":\"https:\\\/\\\/secure.gravatar.com\\\/avatar\\\/c82db564e8a669bf6023357a157b9dc4780f4d4c618f2ad1d71a6a5dede45057?s=96&d=mm&r=g\",\"url\":\"https:\\\/\\\/secure.gravatar.com\\\/avatar\\\/c82db564e8a669bf6023357a157b9dc4780f4d4c618f2ad1d71a6a5dede45057?s=96&d=mm&r=g\",\"contentUrl\":\"https:\\\/\\\/secure.gravatar.com\\\/avatar\\\/c82db564e8a669bf6023357a157b9dc4780f4d4c618f2ad1d71a6a5dede45057?s=96&d=mm&r=g\",\"caption\":\"ckl\"},\"url\":\"https:\\\/\\\/cklcomunicaciones.es\\\/coop\\\/author\\\/cklcomunicaciones\\\/\"}]}<\/script>\n<!-- \/ Yoast SEO plugin. -->","yoast_head_json":{"title":"Noticias Info CKL n\u00ba 2753-24\/01\/23 -Comunicar con perspectiva de g\u00e9nero","description":"Noticias Info CKL n\u00ba 2753-24\/01\/23 ONU Mujeres urge a actuar para construir un mundo digital inclusivo * Ana Bot\u00edn primera mujer en presidir el Instituto de Finanzas Internacionales * Las mujeres mayores de 55 a\u00f1os son las que m\u00e1s se preocupan por la sostenibilidad en Espa\u00f1a * Mujeres y l\u00edderes * Periodismo y perspectiva de g\u00e9nero","robots":{"index":"index","follow":"follow","max-snippet":"max-snippet:-1","max-image-preview":"max-image-preview:large","max-video-preview":"max-video-preview:-1"},"canonical":"https:\/\/cklcomunicaciones.es\/coop\/noticias-info-ckl-no-2753-24-01-23\/","og_locale":"es_ES","og_type":"article","og_title":"Noticias Info CKL n\u00ba 2753-24\/01\/23 -Comunicar con perspectiva de g\u00e9nero","og_description":"Noticias Info CKL n\u00ba 2753-24\/01\/23 ONU Mujeres urge a actuar para construir un mundo digital inclusivo * Ana Bot\u00edn primera mujer en presidir el Instituto de Finanzas Internacionales * Las mujeres mayores de 55 a\u00f1os son las que m\u00e1s se preocupan por la sostenibilidad en Espa\u00f1a * Mujeres y l\u00edderes * Periodismo y perspectiva de g\u00e9nero","og_url":"https:\/\/cklcomunicaciones.es\/coop\/noticias-info-ckl-no-2753-24-01-23\/","og_site_name":"CKL Comunicaciones","article_published_time":"2023-01-24T09:39:20+00:00","article_modified_time":"2025-02-08T15:11:00+00:00","og_image":[{"width":1482,"height":775,"url":"https:\/\/cklcomunicaciones.es\/coop\/wp-content\/uploads\/2025\/01\/CKL-una-mirada-distinta-de-la-comunicacion.jpg","type":"image\/jpeg"}],"author":"ckl","twitter_card":"summary_large_image","twitter_misc":{"Escrito por":"ckl","Tiempo de lectura":"7 minutos"},"schema":{"@context":"https:\/\/schema.org","@graph":[{"@type":"Article","@id":"https:\/\/cklcomunicaciones.es\/coop\/noticias-info-ckl-no-2753-24-01-23\/#article","isPartOf":{"@id":"https:\/\/cklcomunicaciones.es\/coop\/noticias-info-ckl-no-2753-24-01-23\/"},"author":{"name":"ckl","@id":"https:\/\/cklcomunicaciones.es\/coop\/#\/schema\/person\/929a6837f7626450bbb50cee1aef266e"},"headline":"Noticias Info CKL n\u00ba 2753-24\/01\/23","datePublished":"2023-01-24T09:39:20+00:00","dateModified":"2025-02-08T15:11:00+00:00","mainEntityOfPage":{"@id":"https:\/\/cklcomunicaciones.es\/coop\/noticias-info-ckl-no-2753-24-01-23\/"},"wordCount":1354,"image":{"@id":"https:\/\/cklcomunicaciones.es\/coop\/noticias-info-ckl-no-2753-24-01-23\/#primaryimage"},"thumbnailUrl":"https:\/\/cklcomunicaciones.es\/coop\/wp-content\/uploads\/2025\/01\/CKL-una-mirada-distinta-de-la-comunicacion.jpg","keywords":["brecha digital","mujeres","periodismo","perspectiva de g\u00e9nero","sostenibilidad"],"articleSection":["Newsletter","Nwl v3.0"],"inLanguage":"es"},{"@type":"WebPage","@id":"https:\/\/cklcomunicaciones.es\/coop\/noticias-info-ckl-no-2753-24-01-23\/","url":"https:\/\/cklcomunicaciones.es\/coop\/noticias-info-ckl-no-2753-24-01-23\/","name":"Noticias Info CKL n\u00ba 2753-24\/01\/23 -Comunicar con perspectiva de g\u00e9nero","isPartOf":{"@id":"https:\/\/cklcomunicaciones.es\/coop\/#website"},"primaryImageOfPage":{"@id":"https:\/\/cklcomunicaciones.es\/coop\/noticias-info-ckl-no-2753-24-01-23\/#primaryimage"},"image":{"@id":"https:\/\/cklcomunicaciones.es\/coop\/noticias-info-ckl-no-2753-24-01-23\/#primaryimage"},"thumbnailUrl":"https:\/\/cklcomunicaciones.es\/coop\/wp-content\/uploads\/2025\/01\/CKL-una-mirada-distinta-de-la-comunicacion.jpg","datePublished":"2023-01-24T09:39:20+00:00","dateModified":"2025-02-08T15:11:00+00:00","author":{"@id":"https:\/\/cklcomunicaciones.es\/coop\/#\/schema\/person\/929a6837f7626450bbb50cee1aef266e"},"description":"Noticias Info CKL n\u00ba 2753-24\/01\/23 ONU Mujeres urge a actuar para construir un mundo digital inclusivo * Ana Bot\u00edn primera mujer en presidir el Instituto de Finanzas Internacionales * Las mujeres mayores de 55 a\u00f1os son las que m\u00e1s se preocupan por la sostenibilidad en Espa\u00f1a * Mujeres y l\u00edderes * Periodismo y perspectiva de g\u00e9nero","breadcrumb":{"@id":"https:\/\/cklcomunicaciones.es\/coop\/noticias-info-ckl-no-2753-24-01-23\/#breadcrumb"},"inLanguage":"es","potentialAction":[{"@type":"ReadAction","target":["https:\/\/cklcomunicaciones.es\/coop\/noticias-info-ckl-no-2753-24-01-23\/"]}]},{"@type":"ImageObject","inLanguage":"es","@id":"https:\/\/cklcomunicaciones.es\/coop\/noticias-info-ckl-no-2753-24-01-23\/#primaryimage","url":"https:\/\/cklcomunicaciones.es\/coop\/wp-content\/uploads\/2025\/01\/CKL-una-mirada-distinta-de-la-comunicacion.jpg","contentUrl":"https:\/\/cklcomunicaciones.es\/coop\/wp-content\/uploads\/2025\/01\/CKL-una-mirada-distinta-de-la-comunicacion.jpg","width":1482,"height":775,"caption":"CKL - una mirada distinta de la comunicacion"},{"@type":"BreadcrumbList","@id":"https:\/\/cklcomunicaciones.es\/coop\/noticias-info-ckl-no-2753-24-01-23\/#breadcrumb","itemListElement":[{"@type":"ListItem","position":1,"name":"Portada","item":"https:\/\/cklcomunicaciones.es\/coop\/"},{"@type":"ListItem","position":2,"name":"Noticias Info CKL n\u00ba 2753-24\/01\/23"}]},{"@type":"WebSite","@id":"https:\/\/cklcomunicaciones.es\/coop\/#website","url":"https:\/\/cklcomunicaciones.es\/coop\/","name":"CKL Comunicaciones","description":"Sitio web de CKL Comunicaciones coop , la consultora de comunicaci\u00f3n y estrategia","potentialAction":[{"@type":"SearchAction","target":{"@type":"EntryPoint","urlTemplate":"https:\/\/cklcomunicaciones.es\/coop\/?s={search_term_string}"},"query-input":{"@type":"PropertyValueSpecification","valueRequired":true,"valueName":"search_term_string"}}],"inLanguage":"es"},{"@type":"Person","@id":"https:\/\/cklcomunicaciones.es\/coop\/#\/schema\/person\/929a6837f7626450bbb50cee1aef266e","name":"ckl","image":{"@type":"ImageObject","inLanguage":"es","@id":"https:\/\/secure.gravatar.com\/avatar\/c82db564e8a669bf6023357a157b9dc4780f4d4c618f2ad1d71a6a5dede45057?s=96&d=mm&r=g","url":"https:\/\/secure.gravatar.com\/avatar\/c82db564e8a669bf6023357a157b9dc4780f4d4c618f2ad1d71a6a5dede45057?s=96&d=mm&r=g","contentUrl":"https:\/\/secure.gravatar.com\/avatar\/c82db564e8a669bf6023357a157b9dc4780f4d4c618f2ad1d71a6a5dede45057?s=96&d=mm&r=g","caption":"ckl"},"url":"https:\/\/cklcomunicaciones.es\/coop\/author\/cklcomunicaciones\/"}]}},"_links":{"self":[{"href":"https:\/\/cklcomunicaciones.es\/coop\/wp-json\/wp\/v2\/posts\/18276","targetHints":{"allow":["GET"]}}],"collection":[{"href":"https:\/\/cklcomunicaciones.es\/coop\/wp-json\/wp\/v2\/posts"}],"about":[{"href":"https:\/\/cklcomunicaciones.es\/coop\/wp-json\/wp\/v2\/types\/post"}],"author":[{"embeddable":true,"href":"https:\/\/cklcomunicaciones.es\/coop\/wp-json\/wp\/v2\/users\/3"}],"replies":[{"embeddable":true,"href":"https:\/\/cklcomunicaciones.es\/coop\/wp-json\/wp\/v2\/comments?post=18276"}],"version-history":[{"count":0,"href":"https:\/\/cklcomunicaciones.es\/coop\/wp-json\/wp\/v2\/posts\/18276\/revisions"}],"wp:featuredmedia":[{"embeddable":true,"href":"https:\/\/cklcomunicaciones.es\/coop\/wp-json\/wp\/v2\/media\/22909"}],"wp:attachment":[{"href":"https:\/\/cklcomunicaciones.es\/coop\/wp-json\/wp\/v2\/media?parent=18276"}],"wp:term":[{"taxonomy":"category","embeddable":true,"href":"https:\/\/cklcomunicaciones.es\/coop\/wp-json\/wp\/v2\/categories?post=18276"},{"taxonomy":"post_tag","embeddable":true,"href":"https:\/\/cklcomunicaciones.es\/coop\/wp-json\/wp\/v2\/tags?post=18276"}],"curies":[{"name":"wp","href":"https:\/\/api.w.org\/{rel}","templated":true}]}}