{"id":18057,"date":"2022-12-22T13:17:48","date_gmt":"2022-12-22T12:17:48","guid":{"rendered":"https:\/\/www.cklcomunicaciones.es\/?p=18057"},"modified":"2025-02-08T19:24:02","modified_gmt":"2025-02-08T18:24:02","slug":"noticias-info-ckl-no-2748-22-12-22","status":"publish","type":"post","link":"https:\/\/cklcomunicaciones.es\/coop\/noticias-info-ckl-no-2748-22-12-22\/","title":{"rendered":"Noticias Info CKL n\u00ba 2748-22\/12\/22"},"content":{"rendered":"<div class=\"fusion-fullwidth fullwidth-box fusion-builder-row-1 fusion-flex-container nonhundred-percent-fullwidth non-hundred-percent-height-scrolling\" style=\"--awb-border-radius-top-left:0px;--awb-border-radius-top-right:0px;--awb-border-radius-bottom-right:0px;--awb-border-radius-bottom-left:0px;--awb-flex-wrap:wrap;\" ><div class=\"fusion-builder-row fusion-row fusion-flex-align-items-flex-start fusion-flex-content-wrap\" style=\"max-width:1248px;margin-left: calc(-4% \/ 2 );margin-right: calc(-4% \/ 2 );\"><div class=\"fusion-layout-column fusion_builder_column fusion-builder-column-0 fusion_builder_column_1_1 1_1 fusion-flex-column\" style=\"--awb-bg-blend:overlay;--awb-bg-size:cover;--awb-width-large:100%;--awb-margin-top-large:0px;--awb-spacing-right-large:1.92%;--awb-margin-bottom-large:0px;--awb-spacing-left-large:1.92%;--awb-width-medium:100%;--awb-spacing-right-medium:1.92%;--awb-spacing-left-medium:1.92%;--awb-width-small:100%;--awb-spacing-right-small:1.92%;--awb-spacing-left-small:1.92%;\"><div class=\"fusion-column-wrapper fusion-flex-justify-content-flex-start fusion-content-layout-column\"><div class=\"fusion-text fusion-text-1\"><h1>Convocatorias<\/h1>\n<div id=\"\" class=\"lsow-panel lsow-active\">\n<div class=\"lsow-panel-content\">\n<ul>\n<li><a href=\"https:\/\/www.lacampana.es\/images\/Anuncios\/SERVICIOS_MUNICIPALES\/CIM\/Concurso_Relatos_2023\/BASES_IV_CONCURSO_RELATOS_DIA_DE_LA_MUJER.pdf\" target=\"_blank\" rel=\"noopener\" data-saferedirecturl=\"https:\/\/www.google.com\/url?q=https:\/\/www.lacampana.es\/images\/Anuncios\/SERVICIOS_MUNICIPALES\/CIM\/Concurso_Relatos_2023\/BASES_IV_CONCURSO_RELATOS_DIA_DE_LA_MUJER.pdf&amp;source=gmail&amp;ust=1671797940348000&amp;usg=AOvVaw1WMnUCvaFpmKoXuaSHib1d\">IV Concurso de Relatos \u2018D\u00eda Internacional de las Mujeres\u2019 2023<\/a>. Ayuntamiento de La Campana (Sevilla). Plazo de entrega hasta el 7 de febrero de 2023<\/li>\n<li><span lang=\"zxx\"><a href=\"http:\/\/www.juntadeandalucia.es\/iam\/catalogo\/doc\/convocatorias\/2023-genero\/SE-grupo-barbizon-lecturas-feministas.jpg\" target=\"_blank\" rel=\"noopener prettyPhoto&#091;18057&#093;\" data-saferedirecturl=\"https:\/\/www.google.com\/url?q=http:\/\/www.juntadeandalucia.es\/iam\/catalogo\/doc\/convocatorias\/2023-genero\/SE-grupo-barbizon-lecturas-feministas.jpg&amp;source=gmail&amp;ust=1671797940348000&amp;usg=AOvVaw208Zydk0Zh0x6idivYPpxE\">Club Barbizon, Grupo de Lecturas Feministas 2023<\/a>.\u00a0<\/span><span lang=\"zxx\">Coordina\u00a0<\/span><span lang=\"zxx\">Eva Manzano en Librer\u00eda Ambulante\u00a0<\/span><span lang=\"zxx\">(C\/ Barrau, 10)<\/span><span lang=\"zxx\">. Los jueves primeros de mes; primera reuni\u00f3n 2 de febrero de 2023. Inscripciones abiertas:\u00a0<a href=\"mailto:emanzanoper@gmail.com\" target=\"_blank\" rel=\"noopener\">emanzanoper@gmail.com<\/a>, 955099885<\/span><\/li>\n<\/ul>\n<\/div>\n<\/div>\n<div id=\"\" class=\"lsow-panel lsow-active\">\n<h1 class=\"lsow-panel-title\">Comunicaci\u00f3n, Publicidad y TICs<\/h1>\n<div class=\"lsow-panel-content\">\n<p><a class=\"title\" href=\"https:\/\/amecopress.net\/El-Observatorio-de-Igualdad-de-RTVE-hace-balance-de-2022\" target=\"_blank\" rel=\"noopener\" data-artpy=\"0\" data-author=\"amecopress\">El Observatorio de Igualdad de RTVE hace balance de 2022<\/a>-amecopress<br \/>\n<a class=\"title\" href=\"https:\/\/www.msn.com\/es-es\/entretenimiento\/cine\/yo-dona-entrega-sus-premios-poder-femenino-2022-ellas-son-las-mujeres-que-nos-inspiran\/ar-AA15utbg\" target=\"_blank\" rel=\"noopener\" data-artpy=\"0\" data-author=\"El Mundo on MSN\">Yo Dona entrega sus Premios Poder Femenino 2022: ellas son las mujeres que nos inspiran<\/a>-elmundo<br \/>\n<a href=\"https:\/\/www.google.com\/url?rct=j&amp;sa=t&amp;url=https:\/\/aragondigital.es\/sociedad\/2022\/12\/21\/llega-a-la-television-sexo-consentido-el-spot-universitario-que-lucha-por-la-igualdad\/&amp;ct=ga&amp;cd=CAEYBCoTOTg2MDM1ODQ3MTYwODI2OTQxMTIZYzAzNzJlYmMyZmVhZGE1OTplczplczpFUw&amp;usg=AOvVaw1EdGm4kwDGYqVOdRATLiLD\" target=\"_blank\" rel=\"noopener\" data-saferedirecturl=\"https:\/\/www.google.com\/url?q=https:\/\/www.google.com\/url?rct%3Dj%26sa%3Dt%26url%3Dhttps:\/\/aragondigital.es\/sociedad\/2022\/12\/21\/llega-a-la-television-sexo-consentido-el-spot-universitario-que-lucha-por-la-igualdad\/%26ct%3Dga%26cd%3DCAEYBCoTOTg2MDM1ODQ3MTYwODI2OTQxMTIZYzAzNzJlYmMyZmVhZGE1OTplczplczpFUw%26usg%3DAOvVaw1EdGm4kwDGYqVOdRATLiLD&amp;source=gmail&amp;ust=1671783606635000&amp;usg=AOvVaw1tC-Yi4-wn9rRg-HvaGkyD\">Llega a la televisi\u00f3n \u00abSexo (con)sentido\u00bb, el spot universitario que lucha por la igualdad-\u00a0<\/a>A<a>rag\u00f3n Digital<br \/>\n<\/a><a class=\"title\" href=\"https:\/\/www.laprovincia.es\/buzzeando\/2022\/12\/22\/cubo-fregar-mujeres-levanta-polemica-dv-80296343.html\" target=\"_blank\" rel=\"noopener\" data-artpy=\"0\" data-author=\"La provincia\">As\u00ed es el anuncio de Amazon que desata la ira en redes por vender un art\u00edculo \u00abpara las mujeres\u00bb<\/a>-laprovincia<a><br \/>\n<\/a><a href=\"https:\/\/www.google.com\/url?rct=j&amp;sa=t&amp;url=https:\/\/www.epe.es\/es\/cultura\/20221220\/mamitis-micromachismo-o-portunol-novedades-80215746&amp;ct=ga&amp;cd=CAEYACoTMjM0MzI4NTQzODc5MTQ2ODgxMDIZZTFlNzdkMTU2MDk4YThlMzplczplczpFUw&amp;usg=AOvVaw3oOXkP-DIrNvqX8hLJQABy\" target=\"_blank\" rel=\"noopener\" data-saferedirecturl=\"https:\/\/www.google.com\/url?q=https:\/\/www.google.com\/url?rct%3Dj%26sa%3Dt%26url%3Dhttps:\/\/www.epe.es\/es\/cultura\/20221220\/mamitis-micromachismo-o-portunol-novedades-80215746%26ct%3Dga%26cd%3DCAEYACoTMjM0MzI4NTQzODc5MTQ2ODgxMDIZZTFlNzdkMTU2MDk4YThlMzplczplczpFUw%26usg%3DAOvVaw3oOXkP-DIrNvqX8hLJQABy&amp;source=gmail&amp;ust=1671700499918000&amp;usg=AOvVaw0Piqvs2HcVCYQfFKhC3UMI\">Mamitis&#8217;, &#8216;micromachismo&#8217; o &#8216;portu\u00f1ol&#8217;, entre las novedades del diccionario &#8216;online&#8217; de la RAE-\u00a0<\/a><a>El Peri\u00f3dico de Espa\u00f1a<br \/>\n<\/a><a class=\"title\" href=\"https:\/\/www.abc.es\/sociedad\/lanza-podcast-maestros-periodismo-20221220001331-nt.html\" target=\"_blank\" rel=\"noopener\" data-artpy=\"0\" data-author=\"ABC\">La APM lanza el podcast &#8216;Maestros del periodismo&#8217;<\/a>-abc<br \/>\n<a href=\"https:\/\/www.google.com\/url?rct=j&amp;sa=t&amp;url=https:\/\/www.perfil.com\/noticias\/opinion\/brecha-de-genero-las-mujeres-continuan-siendo-minoria-en-tecnologia.phtml&amp;ct=ga&amp;cd=CAEYByoUMTMxNzkyNTU1NjA4MjQ3NzQ3MzEyGWUxZTc3ZDE1NjA5OGE4ZTM6ZXM6ZXM6RVM&amp;usg=AOvVaw0mQtqjY4Kki2ziru1s5_wb\" target=\"_blank\" rel=\"noopener\" data-saferedirecturl=\"https:\/\/www.google.com\/url?q=https:\/\/www.google.com\/url?rct%3Dj%26sa%3Dt%26url%3Dhttps:\/\/www.perfil.com\/noticias\/opinion\/brecha-de-genero-las-mujeres-continuan-siendo-minoria-en-tecnologia.phtml%26ct%3Dga%26cd%3DCAEYByoUMTMxNzkyNTU1NjA4MjQ3NzQ3MzEyGWUxZTc3ZDE1NjA5OGE4ZTM6ZXM6ZXM6RVM%26usg%3DAOvVaw0mQtqjY4Kki2ziru1s5_wb&amp;source=gmail&amp;ust=1671782315356000&amp;usg=AOvVaw27dvgkQ1nPSO0N2A8Q9_yR\">Brecha de\u00a0g\u00e9nero: las mujeres contin\u00faan siendo minor\u00eda en\u00a0tecnolog\u00eda &#8211;\u00a0<\/a><a>Perfil<br \/>\n<\/a><a class=\"title\" href=\"https:\/\/www.eldiario.es\/tecnologia\/auditoria-revela-youtube-potencia-videos-deshumanizan-personas-migrantes_1_9814224.html\" target=\"_blank\" rel=\"noopener\" data-artpy=\"0\" data-author=\"eldiario.es\">Una auditor\u00eda revela que YouTube potencia los v\u00eddeos que \u201cdeshumanizan\u201d a las personas migrantes<\/a>-eldiario<a><br \/>\n<\/a><\/p>\n<\/div>\n<\/div>\n<div id=\"\" class=\"lsow-panel lsow-active\">\n<h1 class=\"lsow-panel-title\">Andaluc\u00eda<\/h1>\n<div class=\"lsow-panel-content\">\n<p><b>Institucional<br \/>\n<\/b><a href=\"https:\/\/www.google.com\/url?rct=j&amp;sa=t&amp;url=https:\/\/www.europapress.es\/andalucia\/noticia-gobierno-andaluz-pide-trabajar-coordinados-fisuras-crimen-machista-dos-hermanas-sevilla-20221220131547.html&amp;ct=ga&amp;cd=CAEYACoSNzkwNDkxNzk4MTgwNzkyNjE4Mhs5YWIxY2RkN2UzNjZlZjM4OmVzOmVzOkVTOlI&amp;usg=AOvVaw0KUR5SRkbz7gTO3aWKqz-e\" target=\"_blank\" rel=\"noopener\" data-saferedirecturl=\"https:\/\/www.google.com\/url?q=https:\/\/www.google.com\/url?rct%3Dj%26sa%3Dt%26url%3Dhttps:\/\/www.europapress.es\/andalucia\/noticia-gobierno-andaluz-pide-trabajar-coordinados-fisuras-crimen-machista-dos-hermanas-sevilla-20221220131547.html%26ct%3Dga%26cd%3DCAEYACoSNzkwNDkxNzk4MTgwNzkyNjE4Mhs5YWIxY2RkN2UzNjZlZjM4OmVzOmVzOkVTOlI%26usg%3DAOvVaw0KUR5SRkbz7gTO3aWKqz-e&amp;source=gmail&amp;ust=1671692997477000&amp;usg=AOvVaw3HlndYqimtBuISCFFG1Nyv\">El Gobierno andaluz pide trabajar \u00abcoordinados y sin fisuras\u00bb tras el crimen machista de Dos Hermanas &#8230;-\u00a0<\/a><a>Europa Press<br \/>\n<\/a><a href=\"https:\/\/www.google.com\/url?rct=j&amp;sa=t&amp;url=https:\/\/www.juntadeandalucia.es\/presidencia\/portavoz\/178148\/video&amp;ct=ga&amp;cd=CAEYACoTNDMxODYxMjc1OTE0Njc0MzI0NDIZZDc4ZTU4NzVhMGYxZjJhYzplczplczpFUw&amp;usg=AOvVaw0oSx6zR_AkD1yRfVs5G7kE\" target=\"_blank\" rel=\"noopener\" data-saferedirecturl=\"https:\/\/www.google.com\/url?q=https:\/\/www.google.com\/url?rct%3Dj%26sa%3Dt%26url%3Dhttps:\/\/www.juntadeandalucia.es\/presidencia\/portavoz\/178148\/video%26ct%3Dga%26cd%3DCAEYACoTNDMxODYxMjc1OTE0Njc0MzI0NDIZZDc4ZTU4NzVhMGYxZjJhYzplczplczpFUw%26usg%3DAOvVaw0oSx6zR_AkD1yRfVs5G7kE&amp;source=gmail&amp;ust=1671692997456000&amp;usg=AOvVaw2wJCRDsugZsYtSwmY7_My9\">Loles L\u00f3pez detalla el nuevo decreto que regula la cuant\u00eda de la Renta M\u00ednima de Inserci\u00f3n-\u00a0\u00a0<\/a><a>Junta de Andaluc\u00eda<br \/>\n<\/a><a class=\"title\" href=\"https:\/\/www.larazon.es\/andalucia\/20221221\/qhm2a3iudfet7lmaazqefxnq3u.html\" target=\"_blank\" rel=\"noopener\" data-artpy=\"0\" data-author=\"La Raz\u00f3n Digital\">Carmen Crespo: \u00abHemos movilizado 2.900 millones en el agro andaluz<\/a>-larazon<a><br \/>\n<\/a><\/p>\n<p><b>Econom\u00eda y Empresa<br \/>\n<\/b><a href=\"https:\/\/www.google.com\/url?rct=j&amp;sa=t&amp;url=https:\/\/agrodiariohuelva.es\/cooperativistas-andaluzas-impulsan-su-liderazgo-en-una-convivencia-en-chipiona\/&amp;ct=ga&amp;cd=CAEYAyoTNDMxODYxMjc1OTE0Njc0MzI0NDIZZDc4ZTU4NzVhMGYxZjJhYzplczplczpFUw&amp;usg=AOvVaw3I6n6abfYUihx3cIR2phmL\" target=\"_blank\" rel=\"noopener\" data-saferedirecturl=\"https:\/\/www.google.com\/url?q=https:\/\/www.google.com\/url?rct%3Dj%26sa%3Dt%26url%3Dhttps:\/\/agrodiariohuelva.es\/cooperativistas-andaluzas-impulsan-su-liderazgo-en-una-convivencia-en-chipiona\/%26ct%3Dga%26cd%3DCAEYAyoTNDMxODYxMjc1OTE0Njc0MzI0NDIZZDc4ZTU4NzVhMGYxZjJhYzplczplczpFUw%26usg%3DAOvVaw3I6n6abfYUihx3cIR2phmL&amp;source=gmail&amp;ust=1671692997457000&amp;usg=AOvVaw0MzxFtgpW6SJbbSMxvYKyE\">Cooperativistas andaluzas impulsan su liderazgo en una convivencia en Chipiona-\u00a0<\/a><a>agrodiariohuelva<br \/>\n<\/a><b><\/b><a href=\"https:\/\/www.google.com\/url?rct=j&amp;sa=t&amp;url=https:\/\/www.noticiasde.es\/andalucia\/sevilla\/los-empresarios-de-sevilla-reconocen-a-carmen-nunez-y-a-federico-de-la-torre-en-los-premios-ces-2022\/&amp;ct=ga&amp;cd=CAEYACoUMTA5MTM3MTIwMDg1MTYxMzkwMDQyGWQ3OGU1ODc1YTBmMWYyYWM6ZXM6ZXM6RVM&amp;usg=AOvVaw0Xtjl-7wIu9hxBUoCg9fyT\" target=\"_blank\" rel=\"noopener\" data-saferedirecturl=\"https:\/\/www.google.com\/url?q=https:\/\/www.google.com\/url?rct%3Dj%26sa%3Dt%26url%3Dhttps:\/\/www.noticiasde.es\/andalucia\/sevilla\/los-empresarios-de-sevilla-reconocen-a-carmen-nunez-y-a-federico-de-la-torre-en-los-premios-ces-2022\/%26ct%3Dga%26cd%3DCAEYACoUMTA5MTM3MTIwMDg1MTYxMzkwMDQyGWQ3OGU1ODc1YTBmMWYyYWM6ZXM6ZXM6RVM%26usg%3DAOvVaw0Xtjl-7wIu9hxBUoCg9fyT&amp;source=gmail&amp;ust=1671648434203000&amp;usg=AOvVaw2CZT0DWbNa9QhF4SnM7eWL\">Los empresarios de Sevilla reconocen a Carmen N\u00fa\u00f1ez y &#8230;-\u00a0<\/a><a>NoticiasDe.es<br \/>\n<\/a><b><\/b><a href=\"https:\/\/www.google.com\/url?rct=j&amp;sa=t&amp;url=https:\/\/agroinformacion.com\/el-cooperativismo-andaluz-afronta-los-retos-de-la-agenda-2030\/&amp;ct=ga&amp;cd=CAEYACoUMTE3NDUxODMyNTMyODA4MTc5OTYyGWQ3OGU1ODc1YTBmMWYyYWM6ZXM6ZXM6RVM&amp;usg=AOvVaw00pCXK2wD-IaA-OO2Uiklz\" target=\"_blank\" rel=\"noopener\" data-saferedirecturl=\"https:\/\/www.google.com\/url?q=https:\/\/www.google.com\/url?rct%3Dj%26sa%3Dt%26url%3Dhttps:\/\/agroinformacion.com\/el-cooperativismo-andaluz-afronta-los-retos-de-la-agenda-2030\/%26ct%3Dga%26cd%3DCAEYACoUMTE3NDUxODMyNTMyODA4MTc5OTYyGWQ3OGU1ODc1YTBmMWYyYWM6ZXM6ZXM6RVM%26usg%3DAOvVaw00pCXK2wD-IaA-OO2Uiklz&amp;source=gmail&amp;ust=1671648434197000&amp;usg=AOvVaw2mYl9yZcMs6cFQPzMYfX9i\">El cooperativismo\u00a0andaluz afronta los retos de la Agenda 2030 &#8211;\u00a0<\/a><a>Agroinformacion<br \/>\n<\/a><a title=\"La Junta re\u00fane en un inventario informaci\u00f3n de m\u00e1s de 2.300 espacios productivos y 40.000 empresas\" href=\"https:\/\/www.juntadeandalucia.es\/presidencia\/portavoz\/economiayempleo\/178184\/IECA\/Empresas\/EspaciosProductivos\/Economia\/ESPAND\/Estadisticas\/Investigacion\/Inversion\/Industria\/AreasIndustriales\">La Junta re\u00fane en un inventario informaci\u00f3n de m\u00e1s de 2.300 espacios productivos y 40.000 empresas<\/a>-juntadeandalucia<br \/>\n<a class=\"title\" href=\"https:\/\/www.msn.com\/es-es\/dinero\/economia\/un-estudio-se%C3%B1ala-la-necesidad-de-mejorar-la-competitividad-y-preparaci%C3%B3n-de-la-empresa-familiar-ante-los-cambios\/ar-AA15yGEI\" target=\"_blank\" rel=\"noopener\" data-artpy=\"0\" data-author=\"MSN\">Un estudio se\u00f1ala la necesidad de mejorar la competitividad y preparaci\u00f3n de la empresa familiar ante los cambios-msn<\/a><\/p>\n<p><strong>Actualidad<br \/>\n<\/strong><a class=\"title\" href=\"https:\/\/sevilla.abc.es\/sevilla\/magistrada-margarita-barros-primera-mujer-preside-seccion-20221221165140-nts.html\" target=\"_blank\" rel=\"noopener\" data-artpy=\"0\" data-author=\"ABC\">La magistrada Margarita Barros, primera mujer que preside una secci\u00f3n de la Audiencia de Sevilla<\/a>-abcsevilla<strong><br \/>\n<\/strong><a href=\"https:\/\/www.google.com\/url?rct=j&amp;sa=t&amp;url=https:\/\/www.elmira.es\/articulo\/economia\/andalucia-consejo-junta-aumenta-45-media-cuantia-renta-minima-equipararla-ingreso-minimo-vital\/20221220200007370402.html&amp;ct=ga&amp;cd=CAEYBSoTNDMxODYxMjc1OTE0Njc0MzI0NDIZZDc4ZTU4NzVhMGYxZjJhYzplczplczpFUw&amp;usg=AOvVaw3BqRBySMaoM5WhO80Nu0_Z\" target=\"_blank\" rel=\"noopener\" data-saferedirecturl=\"https:\/\/www.google.com\/url?q=https:\/\/www.google.com\/url?rct%3Dj%26sa%3Dt%26url%3Dhttps:\/\/www.elmira.es\/articulo\/economia\/andalucia-consejo-junta-aumenta-45-media-cuantia-renta-minima-equipararla-ingreso-minimo-vital\/20221220200007370402.html%26ct%3Dga%26cd%3DCAEYBSoTNDMxODYxMjc1OTE0Njc0MzI0NDIZZDc4ZTU4NzVhMGYxZjJhYzplczplczpFUw%26usg%3DAOvVaw3BqRBySMaoM5WhO80Nu0_Z&amp;source=gmail&amp;ust=1671692997457000&amp;usg=AOvVaw2X2_uo8cChbTBrGB2mc_-9\">\u00a0La Junta de Andaluc\u00eda aumenta un 45% de media la cuant\u00eda de la Renta M\u00ednima &#8211;<\/a><a>El MIRA<br \/>\n<\/a><a href=\"https:\/\/www.google.com\/url?rct=j&amp;sa=t&amp;url=https:\/\/www.malagahoy.es\/malaga\/realiza-tareas-domesticas-hogares-Malaga_0_1749425981.html&amp;ct=ga&amp;cd=CAEYASoUMTcyODIzOTY2MjA3ODQwMzM5NjQyGWMwMzcyZWJjMmZlYWRhNTk6ZXM6ZXM6RVM&amp;usg=AOvVaw3YncSb9tN3DjOILqRVA8FN\" target=\"_blank\" rel=\"noopener\" data-saferedirecturl=\"https:\/\/www.google.com\/url?q=https:\/\/www.google.com\/url?rct%3Dj%26sa%3Dt%26url%3Dhttps:\/\/www.malagahoy.es\/malaga\/realiza-tareas-domesticas-hogares-Malaga_0_1749425981.html%26ct%3Dga%26cd%3DCAEYASoUMTcyODIzOTY2MjA3ODQwMzM5NjQyGWMwMzcyZWJjMmZlYWRhNTk6ZXM6ZXM6RVM%26usg%3DAOvVaw3YncSb9tN3DjOILqRVA8FN&amp;source=gmail&amp;ust=1671692996396000&amp;usg=AOvVaw27tkH5RFEBJrFIaNsZxsL0\">Qui\u00e9n realiza las tareas dom\u00e9sticas en los hogares de M\u00e1laga?-\u00a0<\/a><a>Malaga Hoy<br \/>\n<\/a><a href=\"https:\/\/www.google.com\/url?rct=j&amp;sa=t&amp;url=https:\/\/www.hola.com\/padres\/20221221340297\/sexo-de-los-juguetes\/&amp;ct=ga&amp;cd=CAEYBSoUMTUzMDU4MzUyMDQ4NjgyNTQwNjIyGWMwMzcyZWJjMmZlYWRhNTk6ZXM6ZXM6RVM&amp;usg=AOvVaw2yyVTzr_oPqcukojCdMmlt\" target=\"_blank\" rel=\"noopener\" data-saferedirecturl=\"https:\/\/www.google.com\/url?q=https:\/\/www.google.com\/url?rct%3Dj%26sa%3Dt%26url%3Dhttps:\/\/www.hola.com\/padres\/20221221340297\/sexo-de-los-juguetes\/%26ct%3Dga%26cd%3DCAEYBSoUMTUzMDU4MzUyMDQ4NjgyNTQwNjIyGWMwMzcyZWJjMmZlYWRhNTk6ZXM6ZXM6RVM%26usg%3DAOvVaw2yyVTzr_oPqcukojCdMmlt&amp;source=gmail&amp;ust=1671701324277000&amp;usg=AOvVaw3-Wyeia3iNbqBJS0jZiFX2\">Los juguetes de los ni\u00f1os, \u00bftienen sexo? &#8211;\u00a0<\/a><a>\u00a1Hola!<br \/>\n<\/a><a href=\"https:\/\/www.google.com\/url?rct=j&amp;sa=t&amp;url=https:\/\/www.europapress.es\/esandalucia\/sevilla\/noticia-andalucia-insta-ninas-ninos-jueguen-libertad-influencia-cliches-genero-20221221173827.html&amp;ct=ga&amp;cd=CAEYACoTNzY3OTg3NDM4NjIzNTE2NjM3MjIbOWFiMWNkZDdlMzY2ZWYzODplczplczpFUzpS&amp;usg=AOvVaw2_bzSSLQ6saZx4k_6bWyKB\" target=\"_blank\" rel=\"noopener\" data-saferedirecturl=\"https:\/\/www.google.com\/url?q=https:\/\/www.google.com\/url?rct%3Dj%26sa%3Dt%26url%3Dhttps:\/\/www.europapress.es\/esandalucia\/sevilla\/noticia-andalucia-insta-ninas-ninos-jueguen-libertad-influencia-cliches-genero-20221221173827.html%26ct%3Dga%26cd%3DCAEYACoTNzY3OTg3NDM4NjIzNTE2NjM3MjIbOWFiMWNkZDdlMzY2ZWYzODplczplczpFUzpS%26usg%3DAOvVaw2_bzSSLQ6saZx4k_6bWyKB&amp;source=gmail&amp;ust=1671786917788000&amp;usg=AOvVaw14oFeRmGcYZezatPA2kjJx\">Andaluc\u00eda insta a que ni\u00f1as y ni\u00f1os jueguen en libertad \u00absin la influencia de los clich\u00e9s de g\u00e9nero\u00bb-\u00a0<\/a><a>Europa Press<br \/>\n<\/a><a href=\"https:\/\/www.google.com\/url?rct=j&amp;sa=t&amp;url=https:\/\/www.ajeandalucia.org\/jaen\/2022\/12\/21\/formacion-instituto-andaluz-de-la-mujer-en-enfoque-de-genero\/&amp;ct=ga&amp;cd=CAEYByoUMTAwMDkyOTk3ODg0NzA0NjI3ODcyGWMwMzcyZWJjMmZlYWRhNTk6ZXM6ZXM6RVM&amp;usg=AOvVaw2D8EHRhhTkWUBfsvnbnnpM\" target=\"_blank\" rel=\"noopener\" data-saferedirecturl=\"https:\/\/www.google.com\/url?q=https:\/\/www.google.com\/url?rct%3Dj%26sa%3Dt%26url%3Dhttps:\/\/www.ajeandalucia.org\/jaen\/2022\/12\/21\/formacion-instituto-andaluz-de-la-mujer-en-enfoque-de-genero\/%26ct%3Dga%26cd%3DCAEYByoUMTAwMDkyOTk3ODg0NzA0NjI3ODcyGWMwMzcyZWJjMmZlYWRhNTk6ZXM6ZXM6RVM%26usg%3DAOvVaw2D8EHRhhTkWUBfsvnbnnpM&amp;source=gmail&amp;ust=1671787511624000&amp;usg=AOvVaw2GiY0hO3MdS0IhasB3rWsU\">Formaci\u00f3n Instituto\u00a0Andaluz de la\u00a0Mujer en enfoque de g\u00e9nero &#8211;\u00a0<\/a><a>ajeandalucia<br \/>\n<\/a><a title=\"Loles L\u00f3pez destaca que el Consejo del Voluntariado \" href=\"https:\/\/www.juntadeandalucia.es\/presidencia\/portavoz\/social\/178175\/ConsejeriadeInclusionSocial\/LolesLopez\/ConsejoAndaluzdelVoluntariado\/solidaridad\/voluntarios\">Loles L\u00f3pez destaca que el Consejo del Voluntariado \u00abfortalecer\u00e1 el m\u00fasculo de la solidaridad\u00bb<\/a><a>-juntadeandalucia<br \/>\n<\/a><\/p>\n<p><strong>Violencias<br \/>\n<\/strong><a class=\"title\" href=\"https:\/\/www.eldiario.es\/andalucia\/novus-orbis\/ley-integral-transformar-mirada-lucha-trata-explotacion-personas_132_9808953.html\" target=\"_blank\" rel=\"noopener\" data-artpy=\"0\" data-author=\"eldiario.es\">Una ley integral para transformar la mirada en la lucha contra la trata y la explotaci\u00f3n de personas<\/a>-eldiario<br \/>\n<a href=\"https:\/\/www.google.com\/url?rct=j&amp;sa=t&amp;url=https:\/\/www.europapress.es\/andalucia\/noticia-reactivada-comision-seguimiento-contra-violencia-genero-jaen-anos-reunirse-20221221111403.html&amp;ct=ga&amp;cd=CAEYACoTODM0NzQwNjAzMDI0NjAxMzY2NjIbOWFiMWNkZDdlMzY2ZWYzODplczplczpFUzpS&amp;usg=AOvVaw1egZUPkKxeK4WxTySFMZVX\" target=\"_blank\" rel=\"noopener\" data-saferedirecturl=\"https:\/\/www.google.com\/url?q=https:\/\/www.google.com\/url?rct%3Dj%26sa%3Dt%26url%3Dhttps:\/\/www.europapress.es\/andalucia\/noticia-reactivada-comision-seguimiento-contra-violencia-genero-jaen-anos-reunirse-20221221111403.html%26ct%3Dga%26cd%3DCAEYACoTODM0NzQwNjAzMDI0NjAxMzY2NjIbOWFiMWNkZDdlMzY2ZWYzODplczplczpFUzpS%26usg%3DAOvVaw1egZUPkKxeK4WxTySFMZVX&amp;source=gmail&amp;ust=1671705398526000&amp;usg=AOvVaw1No_aIGICJ7fQ_v-J9JPQ8\">Reactivada la Comisi\u00f3n de Seguimiento contra la Violencia de G\u00e9nero de Ja\u00e9n tras \u00aba\u00f1os &#8230;-\u00a0<\/a><a>Europa Press<br \/>\n<\/a><a class=\"title\" href=\"https:\/\/www.europapress.es\/esandalucia\/sevilla\/noticia-junta-renueva-fondos-propios-21-refuerzos-juzgados-violencia-genero-sujetos-pacto-estado-20221222122813.html\" target=\"_blank\" rel=\"noopener\" data-artpy=\"0\" data-author=\"Europa Press\">La Junta renueva con fondos propios los 21 refuerzos en los juzgados de Violencia de<\/a>&#8230;-europapress<a><br \/>\n<\/a><\/p>\n<p><strong>\u00a0<\/strong><strong>Ciencia y Cultura<br \/>\n<\/strong><a href=\"https:\/\/www.google.com\/url?rct=j&amp;sa=t&amp;url=https:\/\/canal.ugr.es\/noticia\/un-proyecto-de-investigacion-de-la-ugr-publica-un-protocolo-con-alternativas-juridico-politicas-para-combatir-la-violencia-contra-las-mujeres\/&amp;ct=ga&amp;cd=CAEYAyoUMTYyNzczNDY3NDY1MzkxNTkyOTAyGTU5ZDc4MTcxMzZhMmQwMjg6ZXM6ZXM6RVM&amp;usg=AOvVaw2qc6RHkmrcuBAaNJJKXUV3\" target=\"_blank\" rel=\"noopener\" data-saferedirecturl=\"https:\/\/www.google.com\/url?q=https:\/\/www.google.com\/url?rct%3Dj%26sa%3Dt%26url%3Dhttps:\/\/canal.ugr.es\/noticia\/un-proyecto-de-investigacion-de-la-ugr-publica-un-protocolo-con-alternativas-juridico-politicas-para-combatir-la-violencia-contra-las-mujeres\/%26ct%3Dga%26cd%3DCAEYAyoUMTYyNzczNDY3NDY1MzkxNTkyOTAyGTU5ZDc4MTcxMzZhMmQwMjg6ZXM6ZXM6RVM%26usg%3DAOvVaw2qc6RHkmrcuBAaNJJKXUV3&amp;source=gmail&amp;ust=1671692996205000&amp;usg=AOvVaw1xMQ_hVYXOTJsUYd8dUhGu\">Un proyecto de investigaci\u00f3n de la UGR publica un protocolo con alternativas jur\u00eddico-pol\u00edticas para combatir la violencia contra las mujeres &#8230;-\u00a0<\/a><a>Canal UGR<br \/>\n<\/a><a href=\"https:\/\/www.google.com\/url?rct=j&amp;sa=t&amp;url=https:\/\/www.diariosur.es\/axarquia\/fundacion-maria-zambrano-instituto-cervantes-planean-congreso-internacional-proxima-primavera-20221220123859-nt.html&amp;ct=ga&amp;cd=CAEYCioUMTE5ODgyOTQ2NTkwNjQwODc5NDMyGWMwMzcyZWJjMmZlYWRhNTk6ZXM6ZXM6RVM&amp;usg=AOvVaw3wJq1n6_B4F6-Kw_8kei-O\" target=\"_blank\" rel=\"noopener\" data-saferedirecturl=\"https:\/\/www.google.com\/url?q=https:\/\/www.google.com\/url?rct%3Dj%26sa%3Dt%26url%3Dhttps:\/\/www.diariosur.es\/axarquia\/fundacion-maria-zambrano-instituto-cervantes-planean-congreso-internacional-proxima-primavera-20221220123859-nt.html%26ct%3Dga%26cd%3DCAEYCioUMTE5ODgyOTQ2NTkwNjQwODc5NDMyGWMwMzcyZWJjMmZlYWRhNTk6ZXM6ZXM6RVM%26usg%3DAOvVaw3wJq1n6_B4F6-Kw_8kei-O&amp;source=gmail&amp;ust=1671648432474000&amp;usg=AOvVaw3gq4uKWP-JHZAQdzsGt9_E\">La Fundaci\u00f3n Mar\u00eda Zambrano y el Instituto Cervantes planean un congreso internacional-\u00a0<\/a><a>Diario Sur<br \/>\n<\/a><a class=\"title\" href=\"https:\/\/www.abc.es\/cultura\/arte\/maya-debilidad-picasso-20221220190435-nt.html\" target=\"_blank\" rel=\"noopener\" data-artpy=\"0\" data-author=\"ABC\">Maya, la debilidad de Picasso<\/a>-abc<strong><br \/>\n<\/strong><a class=\"title\" href=\"https:\/\/fashionunited.es\/noticias\/moda\/juana-martin-se-mantiene-en-el-calendario-oficial-de-la-alta-costura-parisina\/2022122240029\" target=\"_blank\" rel=\"noopener\" data-artpy=\"0\" data-author=\"fashionunited\">Juana Mart\u00edn se mantiene en el calendario oficial de la Alta Costura parisina<\/a>-fashionunited<strong><br \/>\n<\/strong><\/p>\n<p><strong>Deporte<br \/>\n<\/strong><a class=\"title\" href=\"https:\/\/www.elconfidencial.com\/empresas\/2022-12-21\/ladies-european-tour-conjura-lpga_3543275\/\" target=\"_blank\" rel=\"noopener\" data-artpy=\"0\" data-author=\"El confidencial\">Ladies European Tour: 30 M en premios y conjura con el LPGA para evitar un LIV femenino<\/a>-elconfidencial<strong><br \/>\n<\/strong><a class=\"title\" href=\"https:\/\/www.esciclismo.com\/actualidad\/mountain-bike\/73825.html\" target=\"_blank\" rel=\"noopener\" data-artpy=\"0\" data-author=\"Es Ciclismo\">Deporte femenino y solidaridad se dar\u00e1n la mano en La Leyenda de Tartessos 2023<\/a><strong>-esciclismo<\/strong><strong><br \/>\n<\/strong><\/p>\n<\/div>\n<\/div>\n<div id=\"\" class=\"lsow-panel lsow-active\">\n<h1 class=\"lsow-panel-title\">Estado<\/h1>\n<div class=\"lsow-panel-content\">\n<p><strong>Institucional<br \/>\n<\/strong><a class=\"title\" href=\"https:\/\/www.msn.com\/es-es\/noticias\/espana\/marlaska-destaca-que-viog%C3%A9n-2-ser%C3%A1-una-descomunal-evoluci%C3%B3n-para-tener-tolerancia-cero-con-la-violencia-de-g%C3%A9nero\/ar-AA15lX6w\" target=\"_blank\" rel=\"noopener\" data-artpy=\"0\" data-author=\"Europa Press on MSN\">Marlaska destaca que &#8216;VioG\u00e9n 2&#8217; ser\u00e1 una \u00abdescomunal evoluci\u00f3n\u00bb para tener \u00abtolerancia cero\u00bb con la violencia de g\u00e9nero<\/a>-europapress<strong><br \/>\n<\/strong><a class=\"title\" href=\"https:\/\/www.pv-magazine.es\/2022\/12\/22\/europa-aprueba-el-programa-de-transicion-justa-de-espana-con-868-millones-en-ayudas\/\" target=\"_blank\" rel=\"noopener\" data-artpy=\"0\" data-author=\"pv-magazine\">Europa aprueba el Programa de Transici\u00f3n Justa de Espa\u00f1a, con 868 millones en ayudas-<\/a>pv-magazine<a><br \/>\n<\/a><\/p>\n<p><strong>Institucional \u2013 CCAA<br \/>\n<\/strong><a href=\"https:\/\/www.google.com\/url?rct=j&amp;sa=t&amp;url=https:\/\/www.dclm.es\/noticias\/138511\/clm-consolida-una-red-de-municipios-contra-la-violencia-de-genero&amp;ct=ga&amp;cd=CAEYBioUMTQ0NDc5NTQ5OTE1NTQ5NDgzMjgyGTU5ZDc4MTcxMzZhMmQwMjg6ZXM6ZXM6RVM&amp;usg=AOvVaw1m9frbH67i_93CxLdIk1H5\" target=\"_blank\" rel=\"noopener\" data-saferedirecturl=\"https:\/\/www.google.com\/url?q=https:\/\/www.google.com\/url?rct%3Dj%26sa%3Dt%26url%3Dhttps:\/\/www.dclm.es\/noticias\/138511\/clm-consolida-una-red-de-municipios-contra-la-violencia-de-genero%26ct%3Dga%26cd%3DCAEYBioUMTQ0NDc5NTQ5OTE1NTQ5NDgzMjgyGTU5ZDc4MTcxMzZhMmQwMjg6ZXM6ZXM6RVM%26usg%3DAOvVaw1m9frbH67i_93CxLdIk1H5&amp;source=gmail&amp;ust=1671648435031000&amp;usg=AOvVaw1YMbOJTdXMQwGUYH7vz8vY\">CLM consolida una red de municipios contra la violencia de\u00a0g\u00e9nero &#8211;\u00a0<\/a><a>DC<br \/>\n<\/a><a href=\"https:\/\/www.google.com\/url?rct=j&amp;sa=t&amp;url=https:\/\/www.elconfidencialdigital.com\/articulo\/comunicados\/amedna-instituto-navarro-igualdad-gobierno-navarra-organizan-i-convencion-colaborativa-empresarial-mujeres-profesionales-norte-que-celebra-pamplona\/20221219124243494326.html&amp;ct=ga&amp;cd=CAEYASoUMTQyOTgwMzY0ODU1ODk5NDc3NTQyGWMwMzcyZWJjMmZlYWRhNTk6ZXM6ZXM6RVM&amp;usg=AOvVaw2rHD6RaY8Ud7VHEo4-ejBi\" target=\"_blank\" rel=\"noopener\" data-saferedirecturl=\"https:\/\/www.google.com\/url?q=https:\/\/www.google.com\/url?rct%3Dj%26sa%3Dt%26url%3Dhttps:\/\/www.elconfidencialdigital.com\/articulo\/comunicados\/amedna-instituto-navarro-igualdad-gobierno-navarra-organizan-i-convencion-colaborativa-empresarial-mujeres-profesionales-norte-que-celebra-pamplona\/20221219124243494326.html%26ct%3Dga%26cd%3DCAEYASoUMTQyOTgwMzY0ODU1ODk5NDc3NTQyGWMwMzcyZWJjMmZlYWRhNTk6ZXM6ZXM6RVM%26usg%3DAOvVaw2rHD6RaY8Ud7VHEo4-ejBi&amp;source=gmail&amp;ust=1671648432348000&amp;usg=AOvVaw0PPoqWtqKTEFIMOD9WOHc2\">Amedna y el Instituto Navarro para la Igualdad del Gobierno de Navarra organizan la I Convenci\u00f3n Colaborativa Empresarial de Mujeres Profesionales..-\u00a0<\/a><a>Confidencial Digital<br \/>\n<\/a><a href=\"https:\/\/www.google.com\/url?rct=j&amp;sa=t&amp;url=https:\/\/www.canarias7.es\/canarias\/gran-canaria\/las-palmas-de-gran-canaria\/cgpj-premia-proyecto-20221220200735-nt.html&amp;ct=ga&amp;cd=CAEYACoTOTc0MDI1Njg2NjE4MjM1NTc5MjIZZTJkZWZhN2Q1ZGE5MTU3ZDplczplczpFUw&amp;usg=AOvVaw12PU_4BU2odPzew5aZwaPh\" target=\"_blank\" rel=\"noopener\" data-saferedirecturl=\"https:\/\/www.google.com\/url?q=https:\/\/www.google.com\/url?rct%3Dj%26sa%3Dt%26url%3Dhttps:\/\/www.canarias7.es\/canarias\/gran-canaria\/las-palmas-de-gran-canaria\/cgpj-premia-proyecto-20221220200735-nt.html%26ct%3Dga%26cd%3DCAEYACoTOTc0MDI1Njg2NjE4MjM1NTc5MjIZZTJkZWZhN2Q1ZGE5MTU3ZDplczplczpFUw%26usg%3DAOvVaw12PU_4BU2odPzew5aZwaPh&amp;source=gmail&amp;ust=1671692996152000&amp;usg=AOvVaw3-IJ7lZKZAsDi3ZAoX6v7V\">GPJ premia al proyecto del Juzgado de\u00a0violencia contra menores de Las Palmas de Gran Canaria-\u00a0<\/a><a>Canarias7<br \/>\n<\/a><a href=\"https:\/\/www.google.com\/url?rct=j&amp;sa=t&amp;url=https:\/\/www.diariodemallorca.es\/mallorca\/2022\/12\/21\/1-5-instaladoras-balears-dirigidas-80246885.html&amp;ct=ga&amp;cd=CAEYAioUMTcyODIzOTY2MjA3ODQwMzM5NjQyGWMwMzcyZWJjMmZlYWRhNTk6ZXM6ZXM6RVM&amp;usg=AOvVaw0thp9JhleG5iolMbg-IedA\" target=\"_blank\" rel=\"noopener\" data-saferedirecturl=\"https:\/\/www.google.com\/url?q=https:\/\/www.google.com\/url?rct%3Dj%26sa%3Dt%26url%3Dhttps:\/\/www.diariodemallorca.es\/mallorca\/2022\/12\/21\/1-5-instaladoras-balears-dirigidas-80246885.html%26ct%3Dga%26cd%3DCAEYAioUMTcyODIzOTY2MjA3ODQwMzM5NjQyGWMwMzcyZWJjMmZlYWRhNTk6ZXM6ZXM6RVM%26usg%3DAOvVaw0thp9JhleG5iolMbg-IedA&amp;source=gmail&amp;ust=1671692996396000&amp;usg=AOvVaw27L2vIuXhlwM_xyLIMyGKx\">Solo el 1,5% de las instaladoras de Balears est\u00e1n dirigidas por mujeres &#8211;\u00a0<\/a><a>Diario de Mallorca<br \/>\n<\/a><a href=\"https:\/\/www.google.com\/url?rct=j&amp;sa=t&amp;url=https:\/\/www.regiondigital.com\/noticias\/tecnologia\/372503-extremadura-instaura-un-bono-digital-de-240-euros-anuales-para-colectivos-vulnerables.html&amp;ct=ga&amp;cd=CAEYBioUMTMxNzkyNTU1NjA4MjQ3NzQ3MzEyGWUxZTc3ZDE1NjA5OGE4ZTM6ZXM6ZXM6RVM&amp;usg=AOvVaw25bocoe4sslTwoQCBt8UYI\" target=\"_blank\" rel=\"noopener\" data-saferedirecturl=\"https:\/\/www.google.com\/url?q=https:\/\/www.google.com\/url?rct%3Dj%26sa%3Dt%26url%3Dhttps:\/\/www.regiondigital.com\/noticias\/tecnologia\/372503-extremadura-instaura-un-bono-digital-de-240-euros-anuales-para-colectivos-vulnerables.html%26ct%3Dga%26cd%3DCAEYBioUMTMxNzkyNTU1NjA4MjQ3NzQ3MzEyGWUxZTc3ZDE1NjA5OGE4ZTM6ZXM6ZXM6RVM%26usg%3DAOvVaw25bocoe4sslTwoQCBt8UYI&amp;source=gmail&amp;ust=1671782315356000&amp;usg=AOvVaw2RrTkUZYkK4B0jsxXTx9yK\">Extremadura instaura un \u00abbono digital\u00bb de 240 euros anuales para colectivos vulnerables-\u00a0<\/a><a>Regi\u00f3n Digital<br \/>\n<\/a><a href=\"https:\/\/www.google.com\/url?rct=j&amp;sa=t&amp;url=https:\/\/www.cartv.es\/aragonnoticias\/aragon\/la-directora-del-iam-incide-en-la-necesidad-de-que-la-sociedad-se-implique-en-la-lucha-contra-la-violencia-machista-15577&amp;ct=ga&amp;cd=CAEYACoTOTg2MDM1ODQ3MTYwODI2OTQxMTIZYzAzNzJlYmMyZmVhZGE1OTplczplczpFUw&amp;usg=AOvVaw0lgdcjeNLP-uZD38BJjXY4\" target=\"_blank\" rel=\"noopener\" data-saferedirecturl=\"https:\/\/www.google.com\/url?q=https:\/\/www.google.com\/url?rct%3Dj%26sa%3Dt%26url%3Dhttps:\/\/www.cartv.es\/aragonnoticias\/aragon\/la-directora-del-iam-incide-en-la-necesidad-de-que-la-sociedad-se-implique-en-la-lucha-contra-la-violencia-machista-15577%26ct%3Dga%26cd%3DCAEYACoTOTg2MDM1ODQ3MTYwODI2OTQxMTIZYzAzNzJlYmMyZmVhZGE1OTplczplczpFUw%26usg%3DAOvVaw0lgdcjeNLP-uZD38BJjXY4&amp;source=gmail&amp;ust=1671783606634000&amp;usg=AOvVaw2lTaLlT3-DWIiXKx2pnjcN\">La directora del IAM incide en la necesidad de que la sociedad se implique en la lucha &#8230;-\u00a0<\/a><a>CART<br \/>\n<\/a><a href=\"https:\/\/www.google.com\/url?rct=j&amp;sa=t&amp;url=https:\/\/www.europapress.es\/murcia\/noticia-murcia-lleva-primera-vez-lucha-contra-violencia-machista-todas-pedanias-barrios-municipio-20221222110523.html&amp;ct=ga&amp;cd=CAEYASoTMzA5Mzk5NDgyNzA4MzQ4Mjc2OTIZNTlkNzgxNzEzNmEyZDAyODplczplczpFUw&amp;usg=AOvVaw08KuvV53z5rgXKLbfEeEtq\" target=\"_blank\" rel=\"noopener\" data-saferedirecturl=\"https:\/\/www.google.com\/url?q=https:\/\/www.google.com\/url?rct%3Dj%26sa%3Dt%26url%3Dhttps:\/\/www.europapress.es\/murcia\/noticia-murcia-lleva-primera-vez-lucha-contra-violencia-machista-todas-pedanias-barrios-municipio-20221222110523.html%26ct%3Dga%26cd%3DCAEYASoTMzA5Mzk5NDgyNzA4MzQ4Mjc2OTIZNTlkNzgxNzEzNmEyZDAyODplczplczpFUw%26usg%3DAOvVaw08KuvV53z5rgXKLbfEeEtq&amp;source=gmail&amp;ust=1671791007905000&amp;usg=AOvVaw38y5MjZS7_QpzYZh7PTsBl\">Murcia lleva por primera vez la lucha contra la violencia machista a todas las pedan\u00edas y &#8230;-\u00a0<\/a><a>Europa Press<br \/>\n<\/a><a class=\"title\" href=\"https:\/\/www.diariodeibiza.es\/ibiza\/2022\/12\/22\/balears-bonificara-100-cuota-autonomo-80277509.html\" target=\"_blank\" rel=\"noopener\" data-artpy=\"0\" data-author=\"Diario de Ibiza\">Balears bonificar\u00e1 el 100% de la cuota de aut\u00f3nomo a mujeres y j\u00f3venes<\/a>-diariodeibiza<a><br \/>\n<\/a><\/p>\n<p><strong>Econom\u00eda y Empresa<br \/>\n<\/strong><a class=\"title\" href=\"https:\/\/www.denoticias.es\/notas-prensa\/se-buscan-mujeres-inversoras-claves-de-la-importancia-de-las-business-angels-mujeres-en-espana.html\" target=\"_blank\" rel=\"noopener\" data-artpy=\"0\" data-author=\"denoticias.es\">Se buscan mujeres inversoras: claves de la importancia de las Business Angels mujeres en Espa\u00f1a<\/a>-denoticias<strong><br \/>\n<\/strong><a href=\"https:\/\/www.google.com\/url?rct=j&amp;sa=t&amp;url=https:\/\/www.eleconomista.es\/economia\/noticias\/12084108\/12\/22\/Las-mujeres-de-la-generacion-sandwich-la-condena-laboral-tras-la-carga-de-los-cuidados-de-hijos-y-padres.html&amp;ct=ga&amp;cd=CAEYGioTOTg2MDM1ODQ3MTYwODI2OTQxMTIZYzAzNzJlYmMyZmVhZGE1OTplczplczpFUw&amp;usg=AOvVaw2HrVWF1yDCa8lLoPg4WIzB\" target=\"_blank\" rel=\"noopener\" data-saferedirecturl=\"https:\/\/www.google.com\/url?hl=es&amp;q=https:\/\/www.google.com\/url?rct%3Dj%26sa%3Dt%26url%3Dhttps:\/\/www.eleconomista.es\/economia\/noticias\/12084108\/12\/22\/Las-mujeres-de-la-generacion-sandwich-la-condena-laboral-tras-la-carga-de-los-cuidados-de-hijos-y-padres.html%26ct%3Dga%26cd%3DCAEYGioTOTg2MDM1ODQ3MTYwODI2OTQxMTIZYzAzNzJlYmMyZmVhZGE1OTplczplczpFUw%26usg%3DAOvVaw2HrVWF1yDCa8lLoPg4WIzB&amp;source=gmail&amp;ust=1671791188978000&amp;usg=AOvVaw2UBPINpIsVlFkx1XBmA1Lk\">Las mujeres de la &#8216;generaci\u00f3n s\u00e1ndwich&#8217;: la condena laboral tras la carga de los cuidados &#8230;-\u00a0<\/a><a>elEconomista<br \/>\n<\/a><a class=\"title\" href=\"https:\/\/www.elplural.com\/economia\/empresas\/banco-sabadell-avanza-igualdad-mas-directivas-consejeras_302098102\" target=\"_blank\" rel=\"noopener\" data-artpy=\"0\" data-author=\"Elplural.com\">Banco Sabadell avanza en igualdad con m\u00e1s directivas y consejeras<\/a>-elplural<\/p>\n<p><strong>Actualidad<br \/>\n<\/strong><a href=\"https:\/\/www.google.com\/url?rct=j&amp;sa=t&amp;url=https:\/\/www.realinstitutoelcano.org\/analisis\/espana-en-el-mundo-2023-perspectivas-y-desafios-en-democracia-derechos-y-ciudadania\/&amp;ct=ga&amp;cd=CAEYASoUMTMxMDI2MTQyMjk0ODgyODc2MjUyGWMwMzcyZWJjMmZlYWRhNTk6ZXM6ZXM6RVM&amp;usg=AOvVaw3MQcylMpkaL6CNt6ptlEzD\" target=\"_blank\" rel=\"noopener\" data-saferedirecturl=\"https:\/\/www.google.com\/url?q=https:\/\/www.google.com\/url?rct%3Dj%26sa%3Dt%26url%3Dhttps:\/\/www.realinstitutoelcano.org\/analisis\/espana-en-el-mundo-2023-perspectivas-y-desafios-en-democracia-derechos-y-ciudadania\/%26ct%3Dga%26cd%3DCAEYASoUMTMxMDI2MTQyMjk0ODgyODc2MjUyGWMwMzcyZWJjMmZlYWRhNTk6ZXM6ZXM6RVM%26usg%3DAOvVaw3MQcylMpkaL6CNt6ptlEzD&amp;source=gmail&amp;ust=1671648432402000&amp;usg=AOvVaw2Nj-i4ERSW8fd5asRlibiy\">Espa\u00f1a en el mundo 2023: perspectivas y desaf\u00edos en democracia, derechos y ciudadan\u00eda-\u00a0<\/a><a>Real Instituto Elcano<br \/>\n<\/a><a class=\"title\" href=\"https:\/\/www.msn.com\/es-mx\/news\/mexico\/mujeres-en-gestaci-c3-b3n-subrogada-procedimientos-motivados-por-la-pobreza-y-marcados-por-el-abuso\/ar-AA15upns\" target=\"_blank\" rel=\"noopener\" data-artpy=\"0\" data-author=\"Animal Pol\u00edtico on MSN\">Mujeres en gestaci\u00f3n subrogada: procedimientos motivados por la pobreza y marcados por el abus<\/a>-animalpolitico<strong><br \/>\n<\/strong><a href=\"https:\/\/www.google.com\/url?rct=j&amp;sa=t&amp;url=https:\/\/www.20minutos.es\/mujer\/estar-bien\/sobrepeso-en-las-mujeres-como-afecta-a-la-fertilidad-5085194\/&amp;ct=ga&amp;cd=CAEYACoTNDA5NDE5MTk0NTAzNzM0MDQwNTIZYzAzNzJlYmMyZmVhZGE1OTplczplczpFUw&amp;usg=AOvVaw219DrBwUVzAGmvFZ9dep9D\" target=\"_blank\" rel=\"noopener\" data-saferedirecturl=\"https:\/\/www.google.com\/url?q=https:\/\/www.google.com\/url?rct%3Dj%26sa%3Dt%26url%3Dhttps:\/\/www.20minutos.es\/mujer\/estar-bien\/sobrepeso-en-las-mujeres-como-afecta-a-la-fertilidad-5085194\/%26ct%3Dga%26cd%3DCAEYACoTNDA5NDE5MTk0NTAzNzM0MDQwNTIZYzAzNzJlYmMyZmVhZGE1OTplczplczpFUw%26usg%3DAOvVaw219DrBwUVzAGmvFZ9dep9D&amp;source=gmail&amp;ust=1671794185069000&amp;usg=AOvVaw1rIC7d1YaU0MW5NG8wVkfL\">Sobrepeso en las mujeres, \u00bfc\u00f3mo afecta a la fertilidad? &#8211;\u00a0<\/a><a>20minutos.es<br \/>\n<\/a><a class=\"title\" href=\"https:\/\/www.eldiario.es\/sociedad\/hombres-suicidan-mujeres-ver-machismo_129_9806017.html\" target=\"_blank\" rel=\"noopener\" data-artpy=\"0\" data-author=\"eldiario.es\">Por qu\u00e9 los hombres se suicidan m\u00e1s que las mujeres y qu\u00e9 tiene que ver con el machismo<\/a>-eldiario<a><br \/>\n<\/a><\/p>\n<p><strong>Violencias<br \/>\n<\/strong><a class=\"title\" href=\"https:\/\/www.antena3.com\/noticias\/sociedad\/familias-victimas-violencia-genero-piden-apoyo-proceso-judicial-puede-durar-6-anos_20221217639e1fbce85dc40001fbe440.html\" target=\"_blank\" rel=\"noopener\" data-artpy=\"0\" data-author=\"Antena 3\">Las familias de v\u00edctimas de violencia de g\u00e9nero piden apoyo: \u00abEl proceso judicial puede durar hasta 6 a\u00f1os\u00bb<\/a>-antena3<strong><br \/>\n<\/strong><a class=\"title\" href=\"https:\/\/www.lacerca.com\/noticias\/espana\/ministerio-igualdad-condena-asesinatos-violencia-genero-lleida-sevilla-643175-1.html\" target=\"_blank\" rel=\"noopener\" data-artpy=\"0\" data-author=\"La Cerca\">El Ministerio de Igualdad condena dos nuevos asesinatos por violencia de g\u00e9nero en Lleida y Sevilla<\/a>-lacerca<br \/>\n<a class=\"title\" href=\"https:\/\/www.elperiodicoextremadura.com\/extremadura\/2022\/12\/21\/imprescindible-familia-detectar-violencia-genero-80277620.html\" target=\"_blank\" rel=\"noopener\" data-artpy=\"0\" data-author=\"El Peri\u00f3dico Extremadura\">Es \u00abimprescindible\u00bb la familia para detectar violencia de g\u00e9nero en mujeres con discapacidad&#8230;-<\/a>periodicodeextremadura<\/p>\n<p><strong>Ciencia y Cultura<br \/>\n<\/strong><a href=\"https:\/\/www.google.com\/url?rct=j&amp;sa=t&amp;url=https:\/\/www.csic.es\/es\/actualidad-del-csic\/la-fisica-teresa-de-pedro-galardonada-con-el-vii-premio-julio-pelaez-mujeres&amp;ct=ga&amp;cd=CAEYASoUMTExNjAwNDk5NDc5OTYxNDAzMDcyGWMwMzcyZWJjMmZlYWRhNTk6ZXM6ZXM6RVM&amp;usg=AOvVaw1iPtXeKhmGbi9LH6ug6-y9\" target=\"_blank\" rel=\"noopener\" data-saferedirecturl=\"https:\/\/www.google.com\/url?q=https:\/\/www.google.com\/url?rct%3Dj%26sa%3Dt%26url%3Dhttps:\/\/www.csic.es\/es\/actualidad-del-csic\/la-fisica-teresa-de-pedro-galardonada-con-el-vii-premio-julio-pelaez-mujeres%26ct%3Dga%26cd%3DCAEYASoUMTExNjAwNDk5NDc5OTYxNDAzMDcyGWMwMzcyZWJjMmZlYWRhNTk6ZXM6ZXM6RVM%26usg%3DAOvVaw1iPtXeKhmGbi9LH6ug6-y9&amp;source=gmail&amp;ust=1671648432376000&amp;usg=AOvVaw1EvQCPbbObnHz5EHIulCi5\">La f\u00edsica Teresa de Pedro, galardonada con el VII Premio-\u00a0<\/a><a>CSIC<br \/>\n<\/a><a href=\"https:\/\/amecopress.net\/Alicia-Palmer-Todos-mis-comics-tienen-ese-toque-feminista-me-sale-solo\">Alicia Palmer: \u201cTodos mis c\u00f3mics tienen ese toque feminista, me sale solo\u201d |<\/a>-amecopress<br \/>\n<a class=\"title\" href=\"https:\/\/nuevaalcarria.com\/articulos\/cristina-garcia-rodero-da-voz-en-guadalajara-a-las-mujeres-de-anantapur-india-en-su-exposicion-tierra-de-suenos\" target=\"_blank\" rel=\"noopener\" data-artpy=\"0\" data-author=\"Nueva alcarria\">Cristina Garc\u00eda Rodero da voz en Guadalajara a las mujeres de Anantapur (India) en su exposici\u00f3n &#8216;Tierra<\/a>&#8230;-nuevaalcarria<br \/>\n<a class=\"title\" href=\"https:\/\/www.elseptimoarte.net\/noticias\/actualidad\/no-hacer-nada-quedarse-y-luchar-o-irse-nuevo-trailer-de-ellas-hablan-44357.html\" target=\"_blank\" rel=\"noopener\" data-artpy=\"0\" data-author=\"El S\u00e9ptimo Arte\">No hacer nada. Quedarse y luchar. O irse. Nuevo tr\u00e1iler de &#8216;Ellas hablan&#8217;<\/a>-septimoarte<br \/>\n<a class=\"title\" href=\"https:\/\/www.msn.com\/es-es\/news\/espana\/la-sinsombrero-maruja-mallo-segunda-hija-adoptiva-de-madrid-por-unanimidad\/ar-AA15ubJT\" target=\"_blank\" rel=\"noopener\" data-artpy=\"0\" data-author=\"eldiario.es on MSN\">La Sinsombrero Maruja Mallo, segunda Hija Adoptiva de Madrid por unanimidad<\/a>-eldiario<br \/>\n<a class=\"title\" href=\"https:\/\/www.elfaradio.com\/2022\/12\/19\/primer-premio-internacional-para-balika-el-documental-sobre-los-huerfanos-nepalies\/\" target=\"_blank\" rel=\"noopener\" data-artpy=\"0\" data-author=\"elfaradio\" data-bm=\"48\">Primer premio internacional para Balika, el documental sobre los hu\u00e9rfanos nepal\u00edes<\/a>-elfaradio<br \/>\n<a class=\"title\" href=\"https:\/\/www.rtve.es\/television\/20221221\/mujeres-poder-serie-fuerza-paz-personajes-femeninos\/2412613.shtml\" target=\"_blank\" rel=\"noopener\" data-artpy=\"0\" data-author=\"RTVE\">&#8216;Fuerza de paz&#8217;, una serie dirigida, creada, escrita y protagonizada por mujeres<\/a>-rtve<\/p>\n<p><strong>Deporte<\/strong><br \/>\n<a class=\"title\" href=\"https:\/\/as.com\/futbol\/femenino\/espana-tiene-estrella-el-futuro-es-nuestro-n\/\" target=\"_blank\" rel=\"noopener\" data-artpy=\"0\" data-author=\"AS Mexico\">Espa\u00f1a tiene Estrella, el futuro es nuestro<\/a>-as<br \/>\n<a class=\"title\" href=\"https:\/\/www.msn.com\/es-es\/news\/deportes\/marca-la-diferencia-en-directo-almudena-cid-y-sara-hurtado\/ar-AA15weBy\" target=\"_blank\" rel=\"noopener\" data-artpy=\"0\" data-author=\"MARCA on MSN\">Marca la Diferencia, en directo: Almudena Cid y Sara Hurtado<\/a>-marca<strong><br \/>\n<\/strong><\/p>\n<\/div>\n<\/div>\n<div id=\"\" class=\"lsow-panel lsow-active\">\n<h1 class=\"lsow-panel-title\">Internacional<\/h1>\n<div class=\"lsow-panel-content\">\n<p><a href=\"https:\/\/www.google.com\/url?rct=j&amp;sa=t&amp;url=https:\/\/www.diariojornada.com.ar\/339140\/genero\/el_crecimiento_de_la_mujer_en_el_ecosistema_emprendedor&amp;ct=ga&amp;cd=CAEYASoTMjM0MzI4NTQzODc5MTQ2ODgxMDIZZTFlNzdkMTU2MDk4YThlMzplczplczpFUw&amp;usg=AOvVaw1GZtOtjeSEBmydATDVnIoc\" target=\"_blank\" rel=\"noopener\" data-saferedirecturl=\"https:\/\/www.google.com\/url?q=https:\/\/www.google.com\/url?rct%3Dj%26sa%3Dt%26url%3Dhttps:\/\/www.diariojornada.com.ar\/339140\/genero\/el_crecimiento_de_la_mujer_en_el_ecosistema_emprendedor%26ct%3Dga%26cd%3DCAEYASoTMjM0MzI4NTQzODc5MTQ2ODgxMDIZZTFlNzdkMTU2MDk4YThlMzplczplczpFUw%26usg%3DAOvVaw1GZtOtjeSEBmydATDVnIoc&amp;source=gmail&amp;ust=1671700499919000&amp;usg=AOvVaw0So-y3F54iSWZ0e55pubq4\">El crecimiento de la mujer en el ecosistema emprendedor &#8211;\u00a0<\/a><a>Diario Jornada<br \/>\n<\/a><a href=\"https:\/\/www.google.com\/url?rct=j&amp;sa=t&amp;url=https:\/\/efeminista.com\/hallazgo-explica-por-que-el-alzheimer-afecta-mas-a-mujeres\/&amp;ct=ga&amp;cd=CAEYBCoUMTUzMDU4MzUyMDQ4NjgyNTQwNjIyGWMwMzcyZWJjMmZlYWRhNTk6ZXM6ZXM6RVM&amp;usg=AOvVaw3xxw9ktyTMtz4EcOwL0e--\" target=\"_blank\" rel=\"noopener\" data-saferedirecturl=\"https:\/\/www.google.com\/url?q=https:\/\/www.google.com\/url?rct%3Dj%26sa%3Dt%26url%3Dhttps:\/\/efeminista.com\/hallazgo-explica-por-que-el-alzheimer-afecta-mas-a-mujeres\/%26ct%3Dga%26cd%3DCAEYBCoUMTUzMDU4MzUyMDQ4NjgyNTQwNjIyGWMwMzcyZWJjMmZlYWRhNTk6ZXM6ZXM6RVM%26usg%3DAOvVaw3xxw9ktyTMtz4EcOwL0e--&amp;source=gmail&amp;ust=1671701324276000&amp;usg=AOvVaw2AWvjhH_GkOm_S4N3aVYAo\">Un hallazgo molecular explicar\u00eda por qu\u00e9 el alzh\u00e9imer afecta m\u00e1s a mujeres &#8211;<\/a><a>Efeminista<br \/>\n<\/a><a class=\"title\" href=\"https:\/\/www.huffingtonpost.es\/entry\/tres-mujeres-investigaran-para-la-onu-la-represion-en-las-protestas-de-iran_es_63a2c2f7e4b04414304c411e\" target=\"_blank\" rel=\"noopener\" data-artpy=\"0\" data-author=\"Huffington Post\">Tres mujeres investigar\u00e1n para la ONU la represi\u00f3n en las protestas de Ir\u00e1n<\/a>-yahoo<a><br \/>\n<\/a><a class=\"title\" href=\"https:\/\/eltiempolatino.com\/2022\/12\/20\/internacional\/regimen-taliban-prohibe-educacion-universitaria-a-las-mujeres-en-afganistan\/\" target=\"_blank\" rel=\"noopener\" data-artpy=\"0\" data-author=\"El Tiempo Latino\">R\u00e9gimen Talib\u00e1n proh\u00edbe educaci\u00f3n universitaria a las mujeres en Afganist\u00e1n<\/a>-eltiempolatino<br \/>\n<a class=\"title\" href=\"https:\/\/es.noticias.yahoo.com\/mujeres-cineastas-lucen-talento-principales-111216398.html\" target=\"_blank\" rel=\"noopener\" data-artpy=\"0\" data-author=\"Yahoo Noticias Espa\u00f1a\">Las mujeres cineastas lucen su talento en los principales festivales de cine internacional en 2022<\/a>-yahoo<a><br \/>\n<\/a><a href=\"https:\/\/www.google.com\/url?rct=j&amp;sa=t&amp;url=https:\/\/news.eseuro.com\/deportes\/noticias\/289988.html&amp;ct=ga&amp;cd=CAEYCioUMTYyNzczNDY3NDY1MzkxNTkyOTAyGTU5ZDc4MTcxMzZhMmQwMjg6ZXM6ZXM6RVM&amp;usg=AOvVaw3SJDJptA_9aXV1f9iAmVD-\" target=\"_blank\" rel=\"noopener\" data-saferedirecturl=\"https:\/\/www.google.com\/url?q=https:\/\/www.google.com\/url?rct%3Dj%26sa%3Dt%26url%3Dhttps:\/\/news.eseuro.com\/deportes\/noticias\/289988.html%26ct%3Dga%26cd%3DCAEYCioUMTYyNzczNDY3NDY1MzkxNTkyOTAyGTU5ZDc4MTcxMzZhMmQwMjg6ZXM6ZXM6RVM%26usg%3DAOvVaw3SJDJptA_9aXV1f9iAmVD-&amp;source=gmail&amp;ust=1671692996206000&amp;usg=AOvVaw2ExtFM2F1wMPch0DJubwMw\">ORV est\u00e1 abriendo nuevos caminos con la \u201cEstrategia de G\u00e9nero 2024\u201d. &#8211;\u00a0<\/a><a>News ES Euro<br \/>\n<\/a><a class=\"title\" href=\"https:\/\/www.estrelladigital.es\/deportes\/futbol\/20221221\/fifa-nuevos-torneos-femeninos\/\" target=\"_blank\" rel=\"noopener\" data-artpy=\"0\" data-author=\"Estrella Digital\">La FIFA anuncia la creaci\u00f3n de dos nuevos torneos femeninos<\/a>-estrelladigital<a>\u00a0<\/a><\/p>\n<\/div>\n<\/div>\n<\/div><\/div><\/div><\/div><\/div>\n","protected":false},"excerpt":{"rendered":"<p>Marlaska: VioG\u00e9n 2 ser\u00e1 una descomunal evoluci\u00f3n para tener tolerancia cero con la violencia de g\u00e9nero * Las mujeres de la generaci\u00f3n s\u00e1ndwich: la condena laboral tras la carga de los cuidados * \u00bfLos juguetes tienen sexo? * Afganist\u00e1n proh\u00edbe el acceso de las mujeres a las universidades<\/p>\n","protected":false},"author":3,"featured_media":22909,"comment_status":"closed","ping_status":"closed","sticky":false,"template":"","format":"standard","meta":{"footnotes":""},"categories":[298,621],"tags":[239,109],"class_list":["post-18057","post","type-post","status-publish","format-standard","has-post-thumbnail","hentry","category-newsletter","category-nwl-3-0","tag-tareas-de-cuidado","tag-violencia-de-genero"],"yoast_head":"<!-- This site is optimized with the Yoast SEO plugin v27.5 - https:\/\/yoast.com\/product\/yoast-seo-wordpress\/ -->\n<title>Noticias Info CKL n\u00ba 2748-22\/12\/22 -Comunicar con perspectiva de g\u00e9nero<\/title>\n<meta name=\"description\" content=\"Noticias Info CKL n\u00ba 2748-22\/12\/22 Marlaska: VioG\u00e9n 2 ser\u00e1 una descomunal evoluci\u00f3n para tener tolerancia cero con la violencia de g\u00e9nero * Las mujeres de la generaci\u00f3n s\u00e1ndwich: la condena laboral tras la carga de los cuidados * \u00bfLos juguetes tienen sexo? * Afganist\u00e1n proh\u00edbe el acceso de las mujeres a las universidades\" \/>\n<meta name=\"robots\" content=\"index, follow, max-snippet:-1, max-image-preview:large, max-video-preview:-1\" \/>\n<link rel=\"canonical\" href=\"https:\/\/cklcomunicaciones.es\/coop\/noticias-info-ckl-no-2748-22-12-22\/\" \/>\n<meta property=\"og:locale\" content=\"es_ES\" \/>\n<meta property=\"og:type\" content=\"article\" \/>\n<meta property=\"og:title\" content=\"Noticias Info CKL n\u00ba 2748-22\/12\/22 -Comunicar con perspectiva de g\u00e9nero\" \/>\n<meta property=\"og:description\" content=\"Noticias Info CKL n\u00ba 2748-22\/12\/22 Marlaska: VioG\u00e9n 2 ser\u00e1 una descomunal evoluci\u00f3n para tener tolerancia cero con la violencia de g\u00e9nero * Las mujeres de la generaci\u00f3n s\u00e1ndwich: la condena laboral tras la carga de los cuidados * \u00bfLos juguetes tienen sexo? * Afganist\u00e1n proh\u00edbe el acceso de las mujeres a las universidades\" \/>\n<meta property=\"og:url\" content=\"https:\/\/cklcomunicaciones.es\/coop\/noticias-info-ckl-no-2748-22-12-22\/\" \/>\n<meta property=\"og:site_name\" content=\"CKL Comunicaciones\" \/>\n<meta property=\"article:published_time\" content=\"2022-12-22T12:17:48+00:00\" \/>\n<meta property=\"article:modified_time\" content=\"2025-02-08T18:24:02+00:00\" \/>\n<meta property=\"og:image\" content=\"https:\/\/cklcomunicaciones.es\/coop\/wp-content\/uploads\/2025\/01\/CKL-una-mirada-distinta-de-la-comunicacion.jpg\" \/>\n\t<meta property=\"og:image:width\" content=\"1482\" \/>\n\t<meta property=\"og:image:height\" content=\"775\" \/>\n\t<meta property=\"og:image:type\" content=\"image\/jpeg\" \/>\n<meta name=\"author\" content=\"ckl\" \/>\n<meta name=\"twitter:card\" content=\"summary_large_image\" \/>\n<meta name=\"twitter:label1\" content=\"Escrito por\" \/>\n\t<meta name=\"twitter:data1\" content=\"ckl\" \/>\n\t<meta name=\"twitter:label2\" content=\"Tiempo de lectura\" \/>\n\t<meta name=\"twitter:data2\" content=\"6 minutos\" \/>\n<script type=\"application\/ld+json\" class=\"yoast-schema-graph\">{\"@context\":\"https:\\\/\\\/schema.org\",\"@graph\":[{\"@type\":\"Article\",\"@id\":\"https:\\\/\\\/cklcomunicaciones.es\\\/coop\\\/noticias-info-ckl-no-2748-22-12-22\\\/#article\",\"isPartOf\":{\"@id\":\"https:\\\/\\\/cklcomunicaciones.es\\\/coop\\\/noticias-info-ckl-no-2748-22-12-22\\\/\"},\"author\":{\"name\":\"ckl\",\"@id\":\"https:\\\/\\\/cklcomunicaciones.es\\\/coop\\\/#\\\/schema\\\/person\\\/929a6837f7626450bbb50cee1aef266e\"},\"headline\":\"Noticias Info CKL n\u00ba 2748-22\\\/12\\\/22\",\"datePublished\":\"2022-12-22T12:17:48+00:00\",\"dateModified\":\"2025-02-08T18:24:02+00:00\",\"mainEntityOfPage\":{\"@id\":\"https:\\\/\\\/cklcomunicaciones.es\\\/coop\\\/noticias-info-ckl-no-2748-22-12-22\\\/\"},\"wordCount\":1294,\"image\":{\"@id\":\"https:\\\/\\\/cklcomunicaciones.es\\\/coop\\\/noticias-info-ckl-no-2748-22-12-22\\\/#primaryimage\"},\"thumbnailUrl\":\"https:\\\/\\\/cklcomunicaciones.es\\\/coop\\\/wp-content\\\/uploads\\\/2025\\\/01\\\/CKL-una-mirada-distinta-de-la-comunicacion.jpg\",\"keywords\":[\"tareas de cuidado\",\"violencia de g\u00e9nero\"],\"articleSection\":[\"Newsletter\",\"Nwl v3.0\"],\"inLanguage\":\"es\"},{\"@type\":\"WebPage\",\"@id\":\"https:\\\/\\\/cklcomunicaciones.es\\\/coop\\\/noticias-info-ckl-no-2748-22-12-22\\\/\",\"url\":\"https:\\\/\\\/cklcomunicaciones.es\\\/coop\\\/noticias-info-ckl-no-2748-22-12-22\\\/\",\"name\":\"Noticias Info CKL n\u00ba 2748-22\\\/12\\\/22 -Comunicar con perspectiva de g\u00e9nero\",\"isPartOf\":{\"@id\":\"https:\\\/\\\/cklcomunicaciones.es\\\/coop\\\/#website\"},\"primaryImageOfPage\":{\"@id\":\"https:\\\/\\\/cklcomunicaciones.es\\\/coop\\\/noticias-info-ckl-no-2748-22-12-22\\\/#primaryimage\"},\"image\":{\"@id\":\"https:\\\/\\\/cklcomunicaciones.es\\\/coop\\\/noticias-info-ckl-no-2748-22-12-22\\\/#primaryimage\"},\"thumbnailUrl\":\"https:\\\/\\\/cklcomunicaciones.es\\\/coop\\\/wp-content\\\/uploads\\\/2025\\\/01\\\/CKL-una-mirada-distinta-de-la-comunicacion.jpg\",\"datePublished\":\"2022-12-22T12:17:48+00:00\",\"dateModified\":\"2025-02-08T18:24:02+00:00\",\"author\":{\"@id\":\"https:\\\/\\\/cklcomunicaciones.es\\\/coop\\\/#\\\/schema\\\/person\\\/929a6837f7626450bbb50cee1aef266e\"},\"description\":\"Noticias Info CKL n\u00ba 2748-22\\\/12\\\/22 Marlaska: VioG\u00e9n 2 ser\u00e1 una descomunal evoluci\u00f3n para tener tolerancia cero con la violencia de g\u00e9nero * Las mujeres de la generaci\u00f3n s\u00e1ndwich: la condena laboral tras la carga de los cuidados * \u00bfLos juguetes tienen sexo? * Afganist\u00e1n proh\u00edbe el acceso de las mujeres a las universidades\",\"breadcrumb\":{\"@id\":\"https:\\\/\\\/cklcomunicaciones.es\\\/coop\\\/noticias-info-ckl-no-2748-22-12-22\\\/#breadcrumb\"},\"inLanguage\":\"es\",\"potentialAction\":[{\"@type\":\"ReadAction\",\"target\":[\"https:\\\/\\\/cklcomunicaciones.es\\\/coop\\\/noticias-info-ckl-no-2748-22-12-22\\\/\"]}]},{\"@type\":\"ImageObject\",\"inLanguage\":\"es\",\"@id\":\"https:\\\/\\\/cklcomunicaciones.es\\\/coop\\\/noticias-info-ckl-no-2748-22-12-22\\\/#primaryimage\",\"url\":\"https:\\\/\\\/cklcomunicaciones.es\\\/coop\\\/wp-content\\\/uploads\\\/2025\\\/01\\\/CKL-una-mirada-distinta-de-la-comunicacion.jpg\",\"contentUrl\":\"https:\\\/\\\/cklcomunicaciones.es\\\/coop\\\/wp-content\\\/uploads\\\/2025\\\/01\\\/CKL-una-mirada-distinta-de-la-comunicacion.jpg\",\"width\":1482,\"height\":775,\"caption\":\"CKL - una mirada distinta de la comunicacion\"},{\"@type\":\"BreadcrumbList\",\"@id\":\"https:\\\/\\\/cklcomunicaciones.es\\\/coop\\\/noticias-info-ckl-no-2748-22-12-22\\\/#breadcrumb\",\"itemListElement\":[{\"@type\":\"ListItem\",\"position\":1,\"name\":\"Portada\",\"item\":\"https:\\\/\\\/cklcomunicaciones.es\\\/coop\\\/\"},{\"@type\":\"ListItem\",\"position\":2,\"name\":\"Noticias Info CKL n\u00ba 2748-22\\\/12\\\/22\"}]},{\"@type\":\"WebSite\",\"@id\":\"https:\\\/\\\/cklcomunicaciones.es\\\/coop\\\/#website\",\"url\":\"https:\\\/\\\/cklcomunicaciones.es\\\/coop\\\/\",\"name\":\"CKL Comunicaciones\",\"description\":\"Sitio web de CKL Comunicaciones coop , la consultora de comunicaci\u00f3n y estrategia\",\"potentialAction\":[{\"@type\":\"SearchAction\",\"target\":{\"@type\":\"EntryPoint\",\"urlTemplate\":\"https:\\\/\\\/cklcomunicaciones.es\\\/coop\\\/?s={search_term_string}\"},\"query-input\":{\"@type\":\"PropertyValueSpecification\",\"valueRequired\":true,\"valueName\":\"search_term_string\"}}],\"inLanguage\":\"es\"},{\"@type\":\"Person\",\"@id\":\"https:\\\/\\\/cklcomunicaciones.es\\\/coop\\\/#\\\/schema\\\/person\\\/929a6837f7626450bbb50cee1aef266e\",\"name\":\"ckl\",\"image\":{\"@type\":\"ImageObject\",\"inLanguage\":\"es\",\"@id\":\"https:\\\/\\\/secure.gravatar.com\\\/avatar\\\/c82db564e8a669bf6023357a157b9dc4780f4d4c618f2ad1d71a6a5dede45057?s=96&d=mm&r=g\",\"url\":\"https:\\\/\\\/secure.gravatar.com\\\/avatar\\\/c82db564e8a669bf6023357a157b9dc4780f4d4c618f2ad1d71a6a5dede45057?s=96&d=mm&r=g\",\"contentUrl\":\"https:\\\/\\\/secure.gravatar.com\\\/avatar\\\/c82db564e8a669bf6023357a157b9dc4780f4d4c618f2ad1d71a6a5dede45057?s=96&d=mm&r=g\",\"caption\":\"ckl\"},\"url\":\"https:\\\/\\\/cklcomunicaciones.es\\\/coop\\\/author\\\/cklcomunicaciones\\\/\"}]}<\/script>\n<!-- \/ Yoast SEO plugin. -->","yoast_head_json":{"title":"Noticias Info CKL n\u00ba 2748-22\/12\/22 -Comunicar con perspectiva de g\u00e9nero","description":"Noticias Info CKL n\u00ba 2748-22\/12\/22 Marlaska: VioG\u00e9n 2 ser\u00e1 una descomunal evoluci\u00f3n para tener tolerancia cero con la violencia de g\u00e9nero * Las mujeres de la generaci\u00f3n s\u00e1ndwich: la condena laboral tras la carga de los cuidados * \u00bfLos juguetes tienen sexo? * Afganist\u00e1n proh\u00edbe el acceso de las mujeres a las universidades","robots":{"index":"index","follow":"follow","max-snippet":"max-snippet:-1","max-image-preview":"max-image-preview:large","max-video-preview":"max-video-preview:-1"},"canonical":"https:\/\/cklcomunicaciones.es\/coop\/noticias-info-ckl-no-2748-22-12-22\/","og_locale":"es_ES","og_type":"article","og_title":"Noticias Info CKL n\u00ba 2748-22\/12\/22 -Comunicar con perspectiva de g\u00e9nero","og_description":"Noticias Info CKL n\u00ba 2748-22\/12\/22 Marlaska: VioG\u00e9n 2 ser\u00e1 una descomunal evoluci\u00f3n para tener tolerancia cero con la violencia de g\u00e9nero * Las mujeres de la generaci\u00f3n s\u00e1ndwich: la condena laboral tras la carga de los cuidados * \u00bfLos juguetes tienen sexo? * Afganist\u00e1n proh\u00edbe el acceso de las mujeres a las universidades","og_url":"https:\/\/cklcomunicaciones.es\/coop\/noticias-info-ckl-no-2748-22-12-22\/","og_site_name":"CKL Comunicaciones","article_published_time":"2022-12-22T12:17:48+00:00","article_modified_time":"2025-02-08T18:24:02+00:00","og_image":[{"width":1482,"height":775,"url":"https:\/\/cklcomunicaciones.es\/coop\/wp-content\/uploads\/2025\/01\/CKL-una-mirada-distinta-de-la-comunicacion.jpg","type":"image\/jpeg"}],"author":"ckl","twitter_card":"summary_large_image","twitter_misc":{"Escrito por":"ckl","Tiempo de lectura":"6 minutos"},"schema":{"@context":"https:\/\/schema.org","@graph":[{"@type":"Article","@id":"https:\/\/cklcomunicaciones.es\/coop\/noticias-info-ckl-no-2748-22-12-22\/#article","isPartOf":{"@id":"https:\/\/cklcomunicaciones.es\/coop\/noticias-info-ckl-no-2748-22-12-22\/"},"author":{"name":"ckl","@id":"https:\/\/cklcomunicaciones.es\/coop\/#\/schema\/person\/929a6837f7626450bbb50cee1aef266e"},"headline":"Noticias Info CKL n\u00ba 2748-22\/12\/22","datePublished":"2022-12-22T12:17:48+00:00","dateModified":"2025-02-08T18:24:02+00:00","mainEntityOfPage":{"@id":"https:\/\/cklcomunicaciones.es\/coop\/noticias-info-ckl-no-2748-22-12-22\/"},"wordCount":1294,"image":{"@id":"https:\/\/cklcomunicaciones.es\/coop\/noticias-info-ckl-no-2748-22-12-22\/#primaryimage"},"thumbnailUrl":"https:\/\/cklcomunicaciones.es\/coop\/wp-content\/uploads\/2025\/01\/CKL-una-mirada-distinta-de-la-comunicacion.jpg","keywords":["tareas de cuidado","violencia de g\u00e9nero"],"articleSection":["Newsletter","Nwl v3.0"],"inLanguage":"es"},{"@type":"WebPage","@id":"https:\/\/cklcomunicaciones.es\/coop\/noticias-info-ckl-no-2748-22-12-22\/","url":"https:\/\/cklcomunicaciones.es\/coop\/noticias-info-ckl-no-2748-22-12-22\/","name":"Noticias Info CKL n\u00ba 2748-22\/12\/22 -Comunicar con perspectiva de g\u00e9nero","isPartOf":{"@id":"https:\/\/cklcomunicaciones.es\/coop\/#website"},"primaryImageOfPage":{"@id":"https:\/\/cklcomunicaciones.es\/coop\/noticias-info-ckl-no-2748-22-12-22\/#primaryimage"},"image":{"@id":"https:\/\/cklcomunicaciones.es\/coop\/noticias-info-ckl-no-2748-22-12-22\/#primaryimage"},"thumbnailUrl":"https:\/\/cklcomunicaciones.es\/coop\/wp-content\/uploads\/2025\/01\/CKL-una-mirada-distinta-de-la-comunicacion.jpg","datePublished":"2022-12-22T12:17:48+00:00","dateModified":"2025-02-08T18:24:02+00:00","author":{"@id":"https:\/\/cklcomunicaciones.es\/coop\/#\/schema\/person\/929a6837f7626450bbb50cee1aef266e"},"description":"Noticias Info CKL n\u00ba 2748-22\/12\/22 Marlaska: VioG\u00e9n 2 ser\u00e1 una descomunal evoluci\u00f3n para tener tolerancia cero con la violencia de g\u00e9nero * Las mujeres de la generaci\u00f3n s\u00e1ndwich: la condena laboral tras la carga de los cuidados * \u00bfLos juguetes tienen sexo? * Afganist\u00e1n proh\u00edbe el acceso de las mujeres a las universidades","breadcrumb":{"@id":"https:\/\/cklcomunicaciones.es\/coop\/noticias-info-ckl-no-2748-22-12-22\/#breadcrumb"},"inLanguage":"es","potentialAction":[{"@type":"ReadAction","target":["https:\/\/cklcomunicaciones.es\/coop\/noticias-info-ckl-no-2748-22-12-22\/"]}]},{"@type":"ImageObject","inLanguage":"es","@id":"https:\/\/cklcomunicaciones.es\/coop\/noticias-info-ckl-no-2748-22-12-22\/#primaryimage","url":"https:\/\/cklcomunicaciones.es\/coop\/wp-content\/uploads\/2025\/01\/CKL-una-mirada-distinta-de-la-comunicacion.jpg","contentUrl":"https:\/\/cklcomunicaciones.es\/coop\/wp-content\/uploads\/2025\/01\/CKL-una-mirada-distinta-de-la-comunicacion.jpg","width":1482,"height":775,"caption":"CKL - una mirada distinta de la comunicacion"},{"@type":"BreadcrumbList","@id":"https:\/\/cklcomunicaciones.es\/coop\/noticias-info-ckl-no-2748-22-12-22\/#breadcrumb","itemListElement":[{"@type":"ListItem","position":1,"name":"Portada","item":"https:\/\/cklcomunicaciones.es\/coop\/"},{"@type":"ListItem","position":2,"name":"Noticias Info CKL n\u00ba 2748-22\/12\/22"}]},{"@type":"WebSite","@id":"https:\/\/cklcomunicaciones.es\/coop\/#website","url":"https:\/\/cklcomunicaciones.es\/coop\/","name":"CKL Comunicaciones","description":"Sitio web de CKL Comunicaciones coop , la consultora de comunicaci\u00f3n y estrategia","potentialAction":[{"@type":"SearchAction","target":{"@type":"EntryPoint","urlTemplate":"https:\/\/cklcomunicaciones.es\/coop\/?s={search_term_string}"},"query-input":{"@type":"PropertyValueSpecification","valueRequired":true,"valueName":"search_term_string"}}],"inLanguage":"es"},{"@type":"Person","@id":"https:\/\/cklcomunicaciones.es\/coop\/#\/schema\/person\/929a6837f7626450bbb50cee1aef266e","name":"ckl","image":{"@type":"ImageObject","inLanguage":"es","@id":"https:\/\/secure.gravatar.com\/avatar\/c82db564e8a669bf6023357a157b9dc4780f4d4c618f2ad1d71a6a5dede45057?s=96&d=mm&r=g","url":"https:\/\/secure.gravatar.com\/avatar\/c82db564e8a669bf6023357a157b9dc4780f4d4c618f2ad1d71a6a5dede45057?s=96&d=mm&r=g","contentUrl":"https:\/\/secure.gravatar.com\/avatar\/c82db564e8a669bf6023357a157b9dc4780f4d4c618f2ad1d71a6a5dede45057?s=96&d=mm&r=g","caption":"ckl"},"url":"https:\/\/cklcomunicaciones.es\/coop\/author\/cklcomunicaciones\/"}]}},"_links":{"self":[{"href":"https:\/\/cklcomunicaciones.es\/coop\/wp-json\/wp\/v2\/posts\/18057","targetHints":{"allow":["GET"]}}],"collection":[{"href":"https:\/\/cklcomunicaciones.es\/coop\/wp-json\/wp\/v2\/posts"}],"about":[{"href":"https:\/\/cklcomunicaciones.es\/coop\/wp-json\/wp\/v2\/types\/post"}],"author":[{"embeddable":true,"href":"https:\/\/cklcomunicaciones.es\/coop\/wp-json\/wp\/v2\/users\/3"}],"replies":[{"embeddable":true,"href":"https:\/\/cklcomunicaciones.es\/coop\/wp-json\/wp\/v2\/comments?post=18057"}],"version-history":[{"count":0,"href":"https:\/\/cklcomunicaciones.es\/coop\/wp-json\/wp\/v2\/posts\/18057\/revisions"}],"wp:featuredmedia":[{"embeddable":true,"href":"https:\/\/cklcomunicaciones.es\/coop\/wp-json\/wp\/v2\/media\/22909"}],"wp:attachment":[{"href":"https:\/\/cklcomunicaciones.es\/coop\/wp-json\/wp\/v2\/media?parent=18057"}],"wp:term":[{"taxonomy":"category","embeddable":true,"href":"https:\/\/cklcomunicaciones.es\/coop\/wp-json\/wp\/v2\/categories?post=18057"},{"taxonomy":"post_tag","embeddable":true,"href":"https:\/\/cklcomunicaciones.es\/coop\/wp-json\/wp\/v2\/tags?post=18057"}],"curies":[{"name":"wp","href":"https:\/\/api.w.org\/{rel}","templated":true}]}}