{"id":18030,"date":"2022-12-19T14:24:29","date_gmt":"2022-12-19T13:24:29","guid":{"rendered":"https:\/\/www.cklcomunicaciones.es\/?p=18030"},"modified":"2025-02-08T19:30:51","modified_gmt":"2025-02-08T18:30:51","slug":"noticias-info-ckl-no-2747-19-12-22","status":"publish","type":"post","link":"https:\/\/cklcomunicaciones.es\/coop\/noticias-info-ckl-no-2747-19-12-22\/","title":{"rendered":"Noticias Info CKL n\u00ba 2747-19\/12\/22"},"content":{"rendered":"<div class=\"fusion-fullwidth fullwidth-box fusion-builder-row-1 fusion-flex-container nonhundred-percent-fullwidth non-hundred-percent-height-scrolling\" style=\"--awb-border-radius-top-left:0px;--awb-border-radius-top-right:0px;--awb-border-radius-bottom-right:0px;--awb-border-radius-bottom-left:0px;--awb-flex-wrap:wrap;\" ><div class=\"fusion-builder-row fusion-row fusion-flex-align-items-flex-start fusion-flex-content-wrap\" style=\"max-width:1248px;margin-left: calc(-4% \/ 2 );margin-right: calc(-4% \/ 2 );\"><div class=\"fusion-layout-column fusion_builder_column fusion-builder-column-0 fusion_builder_column_1_1 1_1 fusion-flex-column\" style=\"--awb-bg-blend:overlay;--awb-bg-size:cover;--awb-width-large:100%;--awb-margin-top-large:0px;--awb-spacing-right-large:1.92%;--awb-margin-bottom-large:0px;--awb-spacing-left-large:1.92%;--awb-width-medium:100%;--awb-spacing-right-medium:1.92%;--awb-spacing-left-medium:1.92%;--awb-width-small:100%;--awb-spacing-right-small:1.92%;--awb-spacing-left-small:1.92%;\"><div class=\"fusion-column-wrapper fusion-flex-justify-content-flex-start fusion-content-layout-column\"><div class=\"fusion-text fusion-text-1\"><h1>Convocatorias<\/h1>\n<div id=\"\" class=\"lsow-panel lsow-active\">\n<div class=\"lsow-panel-content\">\n<ul>\n<li><a href=\"http:\/\/www.juntadeandalucia.es\/iam\/catalogo\/doc\/convocatorias\/2022-genero\/CO-exposicion-ilusionismo.jpg\" target=\"_blank\" rel=\"noopener prettyPhoto&#091;18030&#093;\" data-saferedirecturl=\"https:\/\/www.google.com\/url?q=http:\/\/www.juntadeandalucia.es\/iam\/catalogo\/doc\/convocatorias\/2022-genero\/CO-exposicion-ilusionismo.jpg&amp;source=gmail&amp;ust=1671440951707000&amp;usg=AOvVaw0-qe53jMqPzmJIjTfQsRBJ\">Exposici\u00f3n \u2018ilusOnismo\u2019, de Catalina Calero Garc\u00eda<\/a>. Asociaci\u00f3n de Mujeres Ventana Abierta. Del 21 de diciembre de 2022 al 8 de enero de 2023; inauguraci\u00f3n 20 de diciembre de 2022 a las 18:00 h.<br \/>\n<span lang=\"zxx\"><a href=\"https:\/\/icas.sevilla.org\/espacios\/atin-aya\/agenda\/gloria-rodriguez-fotografia\" target=\"_blank\" rel=\"noopener\" data-saferedirecturl=\"https:\/\/www.google.com\/url?q=https:\/\/icas.sevilla.org\/espacios\/atin-aya\/agenda\/gloria-rodriguez-fotografia&amp;source=gmail&amp;ust=1671440951708000&amp;usg=AOvVaw0TDlRYdFkGQsC0HIMTonyi\">Exposici\u00f3n &#8216;Gloria Rodr\u00edguez. Fotograf\u00eda&#8217;<\/a>. Instituto de la Cultura y las Artes de Sevilla. Del 20 de diciembre de 2022 al 19 de febrero de 2023; inauguraci\u00f3n 20 de diciembre a las 13:00 h.<\/span><\/li>\n<\/ul>\n<\/div>\n<\/div>\n<div id=\"\" class=\"lsow-panel lsow-active\">\n<h1 class=\"lsow-panel-title\">Comunicaci\u00f3n, Publicidad y TICs<\/h1>\n<div class=\"lsow-panel-content\">\n<p><a href=\"https:\/\/www.google.com\/url?rct=j&amp;sa=t&amp;url=https:\/\/www.elplural.com\/economia\/consumo-presenta-nueva-campana-se-mas-juguete-concienciar-sexismo-productos-infantiles_302936102&amp;ct=ga&amp;cd=CAEYACoTNjkzNzQyNDcxMDQwODUwMTg5MjIZZTJkZWZhN2Q1ZGE5MTU3ZDplczplczpFUw&amp;usg=AOvVaw3rvsENPK5y5dLlc2X0aN2E\" target=\"_blank\" rel=\"noopener\" data-saferedirecturl=\"https:\/\/www.google.com\/url?q=https:\/\/www.google.com\/url?rct%3Dj%26sa%3Dt%26url%3Dhttps:\/\/www.elplural.com\/economia\/consumo-presenta-nueva-campana-se-mas-juguete-concienciar-sexismo-productos-infantiles_302936102%26ct%3Dga%26cd%3DCAEYACoTNjkzNzQyNDcxMDQwODUwMTg5MjIZZTJkZWZhN2Q1ZGE5MTU3ZDplczplczpFUw%26usg%3DAOvVaw3rvsENPK5y5dLlc2X0aN2E&amp;source=gmail&amp;ust=1671528438145000&amp;usg=AOvVaw2KKJrygLB323jizMyO0U9A\">Consumo presenta su nueva campa\u00f1a &#8216;S\u00e9 m\u00e1s juguete&#8217; para concienciar sobre el sexismo &#8230;-\u00a0<\/a><a>ElPlural.com<br \/>\n<\/a><a href=\"https:\/\/www.eldiario.es\/andalucia\/sevilla\/calle-letrados-sevilla-mejor-abogacia-lenguaje-inclusivo-sexismo-linguistico_1_9792056.html\">\u00bfCalle Letrados de Sevilla o mejor &#8216;de la Abogac\u00eda&#8217;? Lenguaje inclusivo contra el \u201csexismo ling\u00fc\u00edstico\u201d<\/a>-eldiario<br \/>\n<a class=\"title\" href=\"https:\/\/www.europapress.es\/portaltic\/socialmedia\/noticia-exempleados-twitter-crean-spill-plataforma-alternativa-impulsar-cultura-20221219122419.html\" target=\"_blank\" rel=\"noopener\" data-artpy=\"0\" data-author=\"Europa Press\">Exempleados de Twitter crean Spill, una plataforma alternativa para impulsar la cultura<\/a>-europapress<br \/>\n<a class=\"title\" href=\"https:\/\/www.eleconomista.com.mx\/capitalhumano\/Reconectarnos-El-reto-de-la-comunicacion-de-calidad-en-los-equipos-20221218-0049.html\" target=\"_blank\" rel=\"noopener\" data-artpy=\"0\" data-author=\"El Economista\">Reconectarnos: El reto de la comunicaci\u00f3n de calidad en los equipos<\/a>-eleconomista<a><br \/>\n<\/a><\/p>\n<\/div>\n<\/div>\n<div id=\"\" class=\"lsow-panel lsow-active\">\n<h1 class=\"lsow-panel-title\">Andaluc\u00eda<\/h1>\n<div class=\"lsow-panel-content\">\n<p><b>Institucional<br \/>\n<\/b><a href=\"https:\/\/www.google.com\/url?rct=j&amp;sa=t&amp;url=http:\/\/www.gentedigital.es\/sevilla\/noticia\/3526623\/el-parlamento-acoge-la-proxima-semana-la-comparecencia-de-agentes-sociales-para-pronunciarse-sobre-4-proyectos-de-ley\/&amp;ct=ga&amp;cd=CAEYACoUMTMyNTM5NDY3NDIwOTM1NDExNDQyGWQ3OGU1ODc1YTBmMWYyYWM6ZXM6ZXM6RVM&amp;usg=AOvVaw2pAVplweVF1RxQXUWtFw58\" target=\"_blank\" rel=\"noopener\" data-saferedirecturl=\"https:\/\/www.google.com\/url?q=https:\/\/www.google.com\/url?rct%3Dj%26sa%3Dt%26url%3Dhttp:\/\/www.gentedigital.es\/sevilla\/noticia\/3526623\/el-parlamento-acoge-la-proxima-semana-la-comparecencia-de-agentes-sociales-para-pronunciarse-sobre-4-proyectos-de-ley\/%26ct%3Dga%26cd%3DCAEYACoUMTMyNTM5NDY3NDIwOTM1NDExNDQyGWQ3OGU1ODc1YTBmMWYyYWM6ZXM6ZXM6RVM%26usg%3DAOvVaw2pAVplweVF1RxQXUWtFw58&amp;source=gmail&amp;ust=1671520436617000&amp;usg=AOvVaw1VyKlY0Ln_1gN3STbXR7SK\">El Parlamento acoge esta semana la comparecencia de agentes sociales &#8230; &#8211;\u00a0<\/a><a>Gente Digital<br \/>\n<\/a><a title=\"Loles L\u00f3pez aboga por \" href=\"https:\/\/www.juntadeandalucia.es\/presidencia\/portavoz\/social\/178070\/LolesLopez\/ConsejeriadeInclusionSocial\/humanizacion\/gestionmigratoria\/interculturalidad\">Loles L\u00f3pez aboga por \u00abhumanizar la gesti\u00f3n migratoria\u00bb y destaca el valor de la interculturalidad<\/a>-juntadeandalucia<a><br \/>\n<\/a><\/p>\n<p><b>Econom\u00eda y Empresa<br \/>\n<\/b><a class=\"title\" href=\"https:\/\/www.lne.es\/sociedad\/2022\/12\/18\/72-plantilla-atencion-primaria-andalucia-80116014.html\" target=\"_blank\" rel=\"noopener\" data-artpy=\"0\" data-author=\"lne\">M\u00e1s del 72% de la plantilla de Atenci\u00f3n Primaria en Andaluc\u00eda son mujeres<\/a>-lanuevaespa\u00f1a<br \/>\n<a title=\"M\u00e1s de 70 j\u00f3venes iniciar\u00e1n su proyecto empresarial gracias a la ayuda del Instituto Andaluz de la Juventud\" href=\"https:\/\/www.juntadeandalucia.es\/presidencia\/portavoz\/social\/177946\/ConsejeriadeInclusionSocial\/Juventud\/FamiliaseIgualdad\/jovenes\/proyecto\/empresarial\/gracias\/ayuda\/instituto\/andaluz\/juventud\">M\u00e1s de 70 j\u00f3venes iniciar\u00e1n su proyecto empresarial gracias a la ayuda del Instituto Andaluz de la Juventud<\/a>-oficinadelportavoz<br \/>\n<a class=\"title\" href=\"https:\/\/andaluciainformacion.es\/alcala-la-real\/1149858\/el-paro-se-mantiene-como-principal-problema-en-andalucia-e-irrumpe-inflacion\/\" target=\"_blank\" rel=\"noopener\" data-artpy=\"0\" data-author=\"Andaluc\u00eda Informaci\u00f3n\">El paro se mantiene como principal problema en Andaluc\u00eda e irrumpe inflaci\u00f3n<\/a>-andaluciainformacion<a><br \/>\n<\/a><\/p>\n<p><b><\/b><strong>Actualidad<br \/>\n<\/strong><a class=\"title\" href=\"https:\/\/www.msn.com\/es-es\/noticias\/espana\/la-subdelegaci%C3%B3n-acoge-una-conferencia-sobre-la-situaci%C3%B3n-de-las-mujeres-y-ni%C3%B1as-en-conflictos-armados\/ar-AA15rEGz\" target=\"_blank\" rel=\"noopener\" data-artpy=\"0\" data-author=\"MSN\">La Subdelegaci\u00f3n acoge una conferencia sobre la situaci\u00f3n de las mujeres y ni\u00f1as en conflictos armados<\/a>-eruopapress<strong><br \/>\n<\/strong><a class=\"title\" href=\"https:\/\/www.europapress.es\/andalucia\/sevilla-00357\/noticia-ana-maria-cambon-primera-mujer-ejerce-jefatura-brigada-provincial-sevilla-policia-judicial-20221219114921.html\" target=\"_blank\" rel=\"noopener\" data-artpy=\"0\" data-author=\"Europa Press\">Ana Mar\u00eda Camb\u00f3n, primera mujer que ejerce la Jefatura de la Brigada Provincial de Sevilla de Polic\u00eda Judicial<\/a>-europapress<br \/>\n<a class=\"title\" href=\"https:\/\/www.ondacero.es\/emisoras\/andalucia\/sevilla\/andalucia-incrementa-casos-gripe-covid-cercania-navidad_2022121963a0511f4954a50001cbeedb.html\" target=\"_blank\" rel=\"noopener\" data-artpy=\"0\" data-author=\"ondacero.es\">Andaluc\u00eda incrementa los casos de Gripe y Covid con la cercan\u00eda de la Navidad<\/a>-ondacero<strong><br \/>\n<\/strong><\/p>\n<p><strong>Violencias<br \/>\n<\/strong><a href=\"https:\/\/www.google.com\/url?rct=j&amp;sa=t&amp;url=https:\/\/www.europapress.es\/andalucia\/noticia-andalucia-trabaja-cinco-protocolos-atender-nuevas-formas-violencia-genero-traves-redes-20221219093412.html&amp;ct=ga&amp;cd=CAEYACoUMTcwNzc0ODI3MjI2MTIyNjIyMTgyGzlhYjFjZGQ3ZTM2NmVmMzg6ZXM6ZXM6RVM6Ug&amp;usg=AOvVaw1WTGlgH3Hcphlzpt3B-VX-\" target=\"_blank\" rel=\"noopener\" data-saferedirecturl=\"https:\/\/www.google.com\/url?q=https:\/\/www.google.com\/url?rct%3Dj%26sa%3Dt%26url%3Dhttps:\/\/www.europapress.es\/andalucia\/noticia-andalucia-trabaja-cinco-protocolos-atender-nuevas-formas-violencia-genero-traves-redes-20221219093412.html%26ct%3Dga%26cd%3DCAEYACoUMTcwNzc0ODI3MjI2MTIyNjIyMTgyGzlhYjFjZGQ3ZTM2NmVmMzg6ZXM6ZXM6RVM6Ug%26usg%3DAOvVaw1WTGlgH3Hcphlzpt3B-VX-&amp;source=gmail&amp;ust=1671532530934000&amp;usg=AOvVaw2C-mX6MBqh-hnZfWPHqVZR\">Andaluc\u00eda trabaja en cinco protocolos con los que atender nuevas formas de violencia de &#8230;-\u00a0<\/a><a>Europa Press<br \/>\n<\/a><a href=\"https:\/\/www.google.com\/url?rct=j&amp;sa=t&amp;url=https:\/\/www.europapress.es\/esandalucia\/sevilla\/noticia-junta-reactiva-comisiones-contra-violencia-genero-ocho-provincias-andaluzas-20221218113204.html&amp;ct=ga&amp;cd=CAEYACoSNjU4NDY5NDczNzk1Mzk4MjcxMhs5YWIxY2RkN2UzNjZlZjM4OmVzOmVzOkVTOlI&amp;usg=AOvVaw2XYuRh41LCFAT02X3ex0qT\" target=\"_blank\" rel=\"noopener\" data-saferedirecturl=\"https:\/\/www.google.com\/url?q=https:\/\/www.google.com\/url?rct%3Dj%26sa%3Dt%26url%3Dhttps:\/\/www.europapress.es\/esandalucia\/sevilla\/noticia-junta-reactiva-comisiones-contra-violencia-genero-ocho-provincias-andaluzas-20221218113204.html%26ct%3Dga%26cd%3DCAEYACoSNjU4NDY5NDczNzk1Mzk4MjcxMhs5YWIxY2RkN2UzNjZlZjM4OmVzOmVzOkVTOlI%26usg%3DAOvVaw2XYuRh41LCFAT02X3ex0qT&amp;source=gmail&amp;ust=1671520437496000&amp;usg=AOvVaw2T5_Riymc2kFiKylti5MKr\">La Junta reactiva las comisiones contra la violencia de g\u00e9nero en las ocho provincias andaluzas-\u00a0<\/a><a>Europa Press<br \/>\n<\/a><a href=\"https:\/\/www.google.com\/url?rct=j&amp;sa=t&amp;url=https:\/\/sevilla.abc.es\/provincia\/dos-hermanas\/fallece-mujer-agredida-ayer-expareja-montequinto-20221217100359-nts.html&amp;ct=ga&amp;cd=CAEYACoUMTgzMjc4MDQ5NTg5ODg3OTg0MDIyGWUyZGVmYTdkNWRhOTE1N2Q6ZXM6ZXM6RVM&amp;usg=AOvVaw3xBweYtKXyR7Ub5Euk5R9u\" target=\"_blank\" rel=\"noopener\" data-saferedirecturl=\"https:\/\/www.google.com\/url?q=https:\/\/www.google.com\/url?rct%3Dj%26sa%3Dt%26url%3Dhttps:\/\/sevilla.abc.es\/provincia\/dos-hermanas\/fallece-mujer-agredida-ayer-expareja-montequinto-20221217100359-nts.html%26ct%3Dga%26cd%3DCAEYACoUMTgzMjc4MDQ5NTg5ODg3OTg0MDIyGWUyZGVmYTdkNWRhOTE1N2Q6ZXM6ZXM6RVM%26usg%3DAOvVaw3xBweYtKXyR7Ub5Euk5R9u&amp;source=gmail&amp;ust=1671528438204000&amp;usg=AOvVaw0TmXL4sT7Ay1rvjSxGs18y\">Fallece la mujer agredida ayer por su expareja en Montequinto &#8211;\u00a0<\/a><a>ABC de Sevilla<\/a><\/p>\n<p><strong>Ciencia y Cultura<br \/>\n<\/strong><a class=\"title\" href=\"https:\/\/www.laopiniondemalaga.es\/semana-santa\/2022\/12\/19\/junta-impulsa-proteccion-difusion-patrimonio-80175753.html\" target=\"_blank\" rel=\"noopener\" data-artpy=\"0\" data-author=\"Deportes\">Junta impulsa protecci\u00f3n y difusi\u00f3n del patrimonio cofrade por valor cultural, tur\u00edstico y generador de empleo<\/a>-europapress<strong><br \/>\n<\/strong><a class=\"title\" href=\"https:\/\/www.laopiniondemalaga.es\/cultura-espectaculos\/2022\/12\/18\/malaga-acoge-presentacion-poesia-completa-80121704.html\" target=\"_blank\" rel=\"noopener\" data-artpy=\"0\" data-author=\"Deportes\">M\u00e1laga acoge la presentaci\u00f3n de la poes\u00eda completa de Mariluz Escribano<\/a>-laopiniondemalaga<br \/>\n<a class=\"title\" href=\"https:\/\/www.huelvainformacion.es\/destino-huelva\/Mara-Barros-videoclip-disco-single-huelva_0_1749125517.html\" target=\"_blank\" rel=\"noopener\" data-artpy=\"0\" data-author=\"Huelva Informaci\u00f3n\">Mara Barros lanza nuevo disco gracias a sus seguidores<\/a>-huelvainformacion<br \/>\n<a class=\"title\" href=\"https:\/\/elcorreoweb.es\/andalucia\/piden-la-medalla-de-andalucia-para-pansequito-y-aurora-vargas-XG8228642\" target=\"_blank\" rel=\"noopener\" data-artpy=\"0\" data-author=\"El correo de Andaluc\u00eda\">Piden la medalla de Andaluc\u00eda para Aurora Vargas<\/a>-elcorreodeandalucia<br \/>\n<a href=\"https:\/\/www.eldiario.es\/andalucia\/lacajanegra\/cajon_flamenco\/estevez-panos-ceden-escenario-mujeres-haya-buena-vanguardia-haber-buen-flamenco-clasico-ortodoxo_1_9788960.html\">Est\u00e9vez y Pa\u00f1os ceden el escenario a las mujeres: \u201cPara que haya buena vanguardia tiene que haber buen flamenco cl\u00e1sico\u201d<\/a>-eldiario<\/p>\n<p><strong>Deporte<\/strong><strong><br \/>\n<\/strong><a class=\"title\" href=\"https:\/\/www.laopiniondemalaga.es\/deportes\/2022\/12\/18\/repoker-costa-sol-gala-balonmano-80120954.html\" target=\"_blank\" rel=\"noopener\" data-artpy=\"0\" data-author=\"Deportes\">Rep\u00f3ker para el Costa del Sol en la Gala del Balonmano Femenino 2022<\/a>-laopiniondemalaga<br \/>\n<a class=\"title\" href=\"https:\/\/www.cope.es\/actualidad\/espana\/noticias\/alberto-casas-cynthia-ramirez-del-unicaja-atletismo-vencedores-del-xxv-cross-popular-ciudad-jaen-20221218_2455665\" target=\"_blank\" rel=\"noopener\" data-artpy=\"0\" data-author=\"COPE\">\u00a0Cynthia Ram\u00edrez del Unicaja Atletismo, vencedora del XXV Cross Popular &#8216;Ciudad de Ja\u00e9n&#8217;<\/a><\/p>\n<\/div>\n<\/div>\n<div id=\"\" class=\"lsow-panel lsow-active\">\n<h1 class=\"lsow-panel-title\">Estado<\/h1>\n<div class=\"lsow-panel-content\">\n<p><strong>Institucional<br \/>\n<\/strong><a href=\"https:\/\/www.google.com\/url?rct=j&amp;sa=t&amp;url=http:\/\/www.femp.es\/comunicacion\/noticias\/la-femp-e-igualdad-reconocen-las-mejores-acciones-locales-contra-la-violencia&amp;ct=ga&amp;cd=CAEYACoUMTEyMDI1NDQ1NTY0MzUxMDczOTUyGTU5ZDc4MTcxMzZhMmQwMjg6ZXM6ZXM6RVM&amp;usg=AOvVaw2d5tq1QqD0Zp9LSz3HGXB7\" target=\"_blank\" rel=\"noopener\" data-saferedirecturl=\"https:\/\/www.google.com\/url?q=https:\/\/www.google.com\/url?rct%3Dj%26sa%3Dt%26url%3Dhttp:\/\/www.femp.es\/comunicacion\/noticias\/la-femp-e-igualdad-reconocen-las-mejores-acciones-locales-contra-la-violencia%26ct%3Dga%26cd%3DCAEYACoUMTEyMDI1NDQ1NTY0MzUxMDczOTUyGTU5ZDc4MTcxMzZhMmQwMjg6ZXM6ZXM6RVM%26usg%3DAOvVaw2d5tq1QqD0Zp9LSz3HGXB7&amp;source=gmail&amp;ust=1671440948874000&amp;usg=AOvVaw22PWRNZ83-VG5sX5rETjt3\">La FEMP e Igualdad reconocen las mejores acciones locales contra la violencia machista-\u00a0<\/a><a>FEMP<br \/>\n<\/a><a class=\"title\" href=\"https:\/\/heraldodemexico.com.mx\/cultura\/2022\/12\/19\/pilar-cancela-la-mujer-que-lucha-contra-la-violencia-de-genero-desde-espana-467258.html\" target=\"_blank\" rel=\"noopener\" data-artpy=\"0\" data-author=\"heraldodemexico\">Pilar Cancela, Secretaria de Cooperaci\u00f3n Internacional, la mujer que lucha contra la violencia de g\u00e9nero desde Espa\u00f1a<\/a>-elheraldo<a><br \/>\n<\/a><a class=\"title\" href=\"https:\/\/www.bolsamania.com\/noticias\/economia\/economialaboral--diaz-presenta-este-lunes-el-informe-de-los-expertos-para-determinar-la-subida-del-smi-en-2023--11742408.html\" target=\"_blank\" rel=\"noopener\" data-artpy=\"0\" data-author=\"Capitalbolsa\">D\u00edaz presenta este lunes el informe de los expertos para determinar la subida del SMI en 2023<\/a><a>-bolsamania<br \/>\n<\/a><\/p>\n<p><strong>Institucional \u2013 CCAA<br \/>\n<\/strong><a class=\"title\" href=\"https:\/\/www.eldiario.es\/canariasahora\/politica\/incorporacion-mujeres-parlamento-leyes-pioneras-igualdad-violencia-machista-lgtbi_1_9802718.html\" target=\"_blank\" rel=\"noopener\" data-artpy=\"0\" data-author=\"eldiario.es\">La incorporaci\u00f3n de las mujeres al Parlamento Canario y con ellas las leyes pioneras en Igualdad, violencia machista o LGTBI<\/a>&#8211; eldiario<strong><br \/>\n<\/strong><a href=\"https:\/\/www.google.com\/url?rct=j&amp;sa=t&amp;url=https:\/\/www.dclm.es\/noticias\/138499\/mujeres-victimas-de-violencia-de-genero-podran-pedir-subvenciones-para-acceder-a-pisos-tutelados-desde-el-1-de-enero&amp;ct=ga&amp;cd=CAEYACoTMjIzMjI2NzgxNzI2MzkzNDE2NjIZNTlkNzgxNzEzNmEyZDAyODplczplczpFUw&amp;usg=AOvVaw3CWFAj6weKvyA82Dj9fnou\" target=\"_blank\" rel=\"noopener\" data-saferedirecturl=\"https:\/\/www.google.com\/url?q=https:\/\/www.google.com\/url?rct%3Dj%26sa%3Dt%26url%3Dhttps:\/\/www.dclm.es\/noticias\/138499\/mujeres-victimas-de-violencia-de-genero-podran-pedir-subvenciones-para-acceder-a-pisos-tutelados-desde-el-1-de-enero%26ct%3Dga%26cd%3DCAEYACoTMjIzMjI2NzgxNzI2MzkzNDE2NjIZNTlkNzgxNzEzNmEyZDAyODplczplczpFUw%26usg%3DAOvVaw3CWFAj6weKvyA82Dj9fnou&amp;source=gmail&amp;ust=1671528436494000&amp;usg=AOvVaw0aiD3FYrWrdtDMd2joPJtw\">Mujeres<\/a><a href=\"https:\/\/www.google.com\/url?rct=j&amp;sa=t&amp;url=https:\/\/www.dclm.es\/noticias\/138499\/mujeres-victimas-de-violencia-de-genero-podran-pedir-subvenciones-para-acceder-a-pisos-tutelados-desde-el-1-de-enero&amp;ct=ga&amp;cd=CAEYACoTMjIzMjI2NzgxNzI2MzkzNDE2NjIZNTlkNzgxNzEzNmEyZDAyODplczplczpFUw&amp;usg=AOvVaw3CWFAj6weKvyA82Dj9fnou\" target=\"_blank\" rel=\"noopener\" data-saferedirecturl=\"https:\/\/www.google.com\/url?q=https:\/\/www.google.com\/url?rct%3Dj%26sa%3Dt%26url%3Dhttps:\/\/www.dclm.es\/noticias\/138499\/mujeres-victimas-de-violencia-de-genero-podran-pedir-subvenciones-para-acceder-a-pisos-tutelados-desde-el-1-de-enero%26ct%3Dga%26cd%3DCAEYACoTMjIzMjI2NzgxNzI2MzkzNDE2NjIZNTlkNzgxNzEzNmEyZDAyODplczplczpFUw%26usg%3DAOvVaw3CWFAj6weKvyA82Dj9fnou&amp;source=gmail&amp;ust=1671528436494000&amp;usg=AOvVaw0aiD3FYrWrdtDMd2joPJtw\">\u00a0v\u00edctimas de violencia de g\u00e9nero podr\u00e1n pedir subvenciones para acceder a pisos &#8230;-<\/a><a>DCLM<br \/>\n<\/a><a href=\"https:\/\/www.google.com\/url?rct=j&amp;sa=t&amp;url=https:\/\/www.pamplonaactual.com\/articulo\/economia\/asociaciones-empresariales-mujeres-debaten-pamplona-liderazgo-igualdad-empresa-asociacionismo\/20221216195721322241.html&amp;ct=ga&amp;cd=CAEYACoTODI4MjkyNDUyNDY1MDMzMTU3NDIZYzAzNzJlYmMyZmVhZGE1OTplczplczpFUw&amp;usg=AOvVaw1tMIDxzsYqDWZfAM9CXPjJ\" target=\"_blank\" rel=\"noopener\" data-saferedirecturl=\"https:\/\/www.google.com\/url?q=https:\/\/www.google.com\/url?rct%3Dj%26sa%3Dt%26url%3Dhttps:\/\/www.pamplonaactual.com\/articulo\/economia\/asociaciones-empresariales-mujeres-debaten-pamplona-liderazgo-igualdad-empresa-asociacionismo\/20221216195721322241.html%26ct%3Dga%26cd%3DCAEYACoTODI4MjkyNDUyNDY1MDMzMTU3NDIZYzAzNzJlYmMyZmVhZGE1OTplczplczpFUw%26usg%3DAOvVaw1tMIDxzsYqDWZfAM9CXPjJ&amp;source=gmail&amp;ust=1671528436580000&amp;usg=AOvVaw1iCuS_3qdvzUdjnAG1rcg0\">Asociaciones empresariales de mujeres debaten en Pamplona sobre liderazgo, la&#8230;-\u00a0<\/a><a>Pamplona Actual<br \/>\n<\/a><a href=\"https:\/\/www.google.com\/url?rct=j&amp;sa=t&amp;url=https:\/\/www.rtpa.es\/noticias-asturias:Asturias-plantea-medio-centenar-de-medidas-para-frenar-la-prostitucion_111671372062.html&amp;ct=ga&amp;cd=CAEYASoTOTc3MDE0MzM1ODQ4NTc1OTgwNDIZYzAzNzJlYmMyZmVhZGE1OTplczplczpFUw&amp;usg=AOvVaw2Fj-MdSydqOjm81OkE_ctw\" target=\"_blank\" rel=\"noopener\" data-saferedirecturl=\"https:\/\/www.google.com\/url?q=https:\/\/www.google.com\/url?rct%3Dj%26sa%3Dt%26url%3Dhttps:\/\/www.rtpa.es\/noticias-asturias:Asturias-plantea-medio-centenar-de-medidas-para-frenar-la-prostitucion_111671372062.html%26ct%3Dga%26cd%3DCAEYASoTOTc3MDE0MzM1ODQ4NTc1OTgwNDIZYzAzNzJlYmMyZmVhZGE1OTplczplczpFUw%26usg%3DAOvVaw2Fj-MdSydqOjm81OkE_ctw&amp;source=gmail&amp;ust=1671528436979000&amp;usg=AOvVaw0WdV3fDPg82tzS3J7TtoVR\">Asturias plantea medio centenar de medidas para frenar la prostituci\u00f3n &#8211;\u00a0<\/a><a>RTPA<br \/>\n<\/a><a href=\"https:\/\/www.google.com\/url?rct=j&amp;sa=t&amp;url=https:\/\/www.noticiasextremadura.es\/fernandez-vara-destaca-el-valor-de-la-cooperacion-y-su-capacidad-de-reaccion-ante-las-injusticias-que-se-producen-en-el-mundo\/&amp;ct=ga&amp;cd=CAEYACoTNDkyMDc5MTQ3NTU4OTA0MzQzODIZNTlkNzgxNzEzNmEyZDAyODplczplczpFUw&amp;usg=AOvVaw3F85syjIlCIjAzAxuL0owg\" target=\"_blank\" rel=\"noopener\" data-saferedirecturl=\"https:\/\/www.google.com\/url?q=https:\/\/www.google.com\/url?rct%3Dj%26sa%3Dt%26url%3Dhttps:\/\/www.noticiasextremadura.es\/fernandez-vara-destaca-el-valor-de-la-cooperacion-y-su-capacidad-de-reaccion-ante-las-injusticias-que-se-producen-en-el-mundo\/%26ct%3Dga%26cd%3DCAEYACoTNDkyMDc5MTQ3NTU4OTA0MzQzODIZNTlkNzgxNzEzNmEyZDAyODplczplczpFUw%26usg%3DAOvVaw3F85syjIlCIjAzAxuL0owg&amp;source=gmail&amp;ust=1671538857727000&amp;usg=AOvVaw0Qf0bO7A2oz2iqlMBy40x5\">Fern\u00e1ndez Vara destaca el valor de la\u00a0cooperaci\u00f3n y su capacidad de reacci\u00f3n ante las &#8230;-\u00a0<\/a><a>Noticias Extremadura<\/a><\/p>\n<p><strong>Econom\u00eda y Empresa<br \/>\n<\/strong><a href=\"https:\/\/www.google.com\/url?rct=j&amp;sa=t&amp;url=https:\/\/www.elespanol.com\/mujer\/lastop100\/20221219\/mujeres-candidatas-top-categoria-startups-pymes\/726207378_3.html&amp;ct=ga&amp;cd=CAEYACoUMTU4NzEwMDU2MzIyOTc1MzgxODcyGWMwMzcyZWJjMmZlYWRhNTk6ZXM6ZXM6RVM&amp;usg=AOvVaw3U0YCx8PY01YAP3b_G_kbH\" target=\"_blank\" rel=\"noopener\" data-saferedirecturl=\"https:\/\/www.google.com\/url?q=https:\/\/www.google.com\/url?rct%3Dj%26sa%3Dt%26url%3Dhttps:\/\/www.elespanol.com\/mujer\/lastop100\/20221219\/mujeres-candidatas-top-categoria-startups-pymes\/726207378_3.html%26ct%3Dga%26cd%3DCAEYACoUMTU4NzEwMDU2MzIyOTc1MzgxODcyGWMwMzcyZWJjMmZlYWRhNTk6ZXM6ZXM6RVM%26usg%3DAOvVaw3U0YCx8PY01YAP3b_G_kbH&amp;source=gmail&amp;ust=1671528437028000&amp;usg=AOvVaw07UI_qCHZZ8PPAduzcuwAb\">Mujeres candidatas a `Las Top 100\u00b4en la categor\u00eda de Startups y Pymes &#8211;<\/a><a>El Espa\u00f1ol<br \/>\n<\/a><a class=\"title\" href=\"https:\/\/www.msn.com\/es-es\/dinero\/noticias\/casi-el-40-de-las-mujeres-entre-18-y-30-a%C3%B1os-ha-invertido-alguna-vez-en-los-mercados-financieros-seg%C3%BAn-xtb\/ar-AA15rVKi\" target=\"_blank\" rel=\"noopener\" data-artpy=\"0\" data-author=\"MSN\">Casi el 40% de las mujeres entre 18 y 30 a\u00f1os ha invertido alguna vez en los mercados financieros, seg\u00fan XTB<\/a>-msn<a><br \/>\n<\/a><a href=\"https:\/\/www.google.com\/url?rct=j&amp;sa=t&amp;url=https:\/\/www.epe.es\/es\/igualdad\/20221219\/discapacidad-empleo-mujeres-desigualdad-mercado-laboral-80046343&amp;ct=ga&amp;cd=CAEYASoTNDE2NTM3NTc2Njc0OTIwMTgzMjIZYzAzNzJlYmMyZmVhZGE1OTplczplczpFUw&amp;usg=AOvVaw1yuiieS9F6zrMHzYPwiLRn\" target=\"_blank\" rel=\"noopener\" data-saferedirecturl=\"https:\/\/www.google.com\/url?q=https:\/\/www.google.com\/url?rct%3Dj%26sa%3Dt%26url%3Dhttps:\/\/www.epe.es\/es\/igualdad\/20221219\/discapacidad-empleo-mujeres-desigualdad-mercado-laboral-80046343%26ct%3Dga%26cd%3DCAEYASoTNDE2NTM3NTc2Njc0OTIwMTgzMjIZYzAzNzJlYmMyZmVhZGE1OTplczplczpFUw%26usg%3DAOvVaw1yuiieS9F6zrMHzYPwiLRn&amp;source=gmail&amp;ust=1671528437065000&amp;usg=AOvVaw2EHLyCDl9M_xHBnYUdI6ZM\">El mercado laboral es distinto para la discapacidad: mayor tasa de empleo y actividad entre\u00a0mujeres<b>&#8211;\u00a0<\/b><\/a><a>El Peri\u00f3dico de Espa\u00f1a<br \/>\n<\/a><a class=\"title\" href=\"https:\/\/dirigentesdigital.com\/opinion\/teresa-alarcos-emprendedoras-lideres-que-cambian-mundo-era-digital\" target=\"_blank\" rel=\"noopener\" data-artpy=\"0\" data-author=\"Dirigentes Digital\">Emprendedoras: las l\u00edderes que cambian el mundo en la era digital<\/a>-dirigentesdigital<br \/>\n<a class=\"title\" href=\"https:\/\/www.mallorcadiario.com\/noticia\/591610\/economia\/los-espanoles-querrian-teletrabajar-38-dias-a-la-semana.html\" target=\"_blank\" rel=\"noopener\" data-artpy=\"0\" data-author=\"Pantoja\">Los espa\u00f1oles querr\u00edan teletrabajar 3,8 d\u00edas a la semana<\/a>-pantoja<\/p>\n<p><strong>Actualidad<br \/>\n<\/strong><a href=\"https:\/\/www.google.com\/url?rct=j&amp;sa=t&amp;url=https:\/\/www.huffingtonpost.es\/entry\/alimentos-dolor-regla_es_63626665e4b046b39ca384f3&amp;ct=ga&amp;cd=CAEYAioTNDI5MTYzNjU0NDE3MTE3MDA2ODIZYzAzNzJlYmMyZmVhZGE1OTplczplczpFUw&amp;usg=AOvVaw0B4bv7uc6AOySj6YxcS-kd\" target=\"_blank\" rel=\"noopener\" data-saferedirecturl=\"https:\/\/www.google.com\/url?q=https:\/\/www.google.com\/url?rct%3Dj%26sa%3Dt%26url%3Dhttps:\/\/www.huffingtonpost.es\/entry\/alimentos-dolor-regla_es_63626665e4b046b39ca384f3%26ct%3Dga%26cd%3DCAEYAioTNDI5MTYzNjU0NDE3MTE3MDA2ODIZYzAzNzJlYmMyZmVhZGE1OTplczplczpFUw%26usg%3DAOvVaw0B4bv7uc6AOySj6YxcS-kd&amp;source=gmail&amp;ust=1671528436942000&amp;usg=AOvVaw0WCeoHhYnL8EZysVIDbzkA\">Qu\u00e9 alimentos ayudan a calmar el dolor de la regla |-<\/a><a>El HuffPost<br \/>\n<\/a><a class=\"title\" href=\"https:\/\/www.infosalus.com\/actualidad\/noticia-2021-61-medicos-trabajan-centros-sanitarios-publicos-espana-eran-mujeres-20221219120104.html\" target=\"_blank\" rel=\"noopener\" data-artpy=\"0\" data-author=\"Info Salus\">En 2021 el 61% de los m\u00e9dicos que trabajan en centros sanitarios p\u00fablicos en Espa\u00f1a eran mujeres<\/a>-infosalud<a><br \/>\n<\/a><\/p>\n<p><strong>Violencias<br \/>\n<\/strong><a href=\"https:\/\/www.google.com\/url?rct=j&amp;sa=t&amp;url=https:\/\/www.lne.es\/sociedad\/2022\/12\/16\/mabel-lozano-haya-prostitucion-hablar-80026977.html&amp;ct=ga&amp;cd=CAEYAyoUMTUzNzQ1ODIxNTU4Njk0MjAzMzQyGWMwMzcyZWJjMmZlYWRhNTk6ZXM6ZXM6RVM&amp;usg=AOvVaw3a2oPKJh5fQvXTSD9nL_Xu\" target=\"_blank\" rel=\"noopener\" data-saferedirecturl=\"https:\/\/www.google.com\/url?q=https:\/\/www.google.com\/url?rct%3Dj%26sa%3Dt%26url%3Dhttps:\/\/www.lne.es\/sociedad\/2022\/12\/16\/mabel-lozano-haya-prostitucion-hablar-80026977.html%26ct%3Dga%26cd%3DCAEYAyoUMTUzNzQ1ODIxNTU4Njk0MjAzMzQyGWMwMzcyZWJjMmZlYWRhNTk6ZXM6ZXM6RVM%26usg%3DAOvVaw3a2oPKJh5fQvXTSD9nL_Xu&amp;source=gmail&amp;ust=1671528436551000&amp;usg=AOvVaw2sNQKgcaoIYB_n4fUd2BUk\">Mabel Lozano: \u00abMientras haya prostituci\u00f3n no se puede hablar de igualdad\u00bb-\u00a0<\/a><a>La Nueva Espa\u00f1a<br \/>\n<\/a><a href=\"https:\/\/www.google.com\/url?rct=j&amp;sa=t&amp;url=https:\/\/www.rtve.es\/noticias\/20221216\/presunto-asesinato-machista-lleida\/2412065.shtml&amp;ct=ga&amp;cd=CAEYAyoUMTc2MzUwNDk1NjM1MjEzMzA3NjIyGWMwMzcyZWJjMmZlYWRhNTk6ZXM6ZXM6RVM&amp;usg=AOvVaw2qMCg1oRA75tJCbMbsg6mG\" target=\"_blank\" rel=\"noopener\" data-saferedirecturl=\"https:\/\/www.google.com\/url?q=https:\/\/www.google.com\/url?rct%3Dj%26sa%3Dt%26url%3Dhttps:\/\/www.rtve.es\/noticias\/20221216\/presunto-asesinato-machista-lleida\/2412065.shtml%26ct%3Dga%26cd%3DCAEYAyoUMTc2MzUwNDk1NjM1MjEzMzA3NjIyGWMwMzcyZWJjMmZlYWRhNTk6ZXM6ZXM6RVM%26usg%3DAOvVaw2qMCg1oRA75tJCbMbsg6mG&amp;source=gmail&amp;ust=1671528436627000&amp;usg=AOvVaw0XKJgwpbFz79t0fGD9V11g\">Asesinada una\u00a0mujer de 34 a\u00f1os en Lleida en un presunto crimen machista &#8211;\u00a0<\/a><a>RTVE.es<br \/>\n<\/a><a href=\"https:\/\/www.google.com\/url?rct=j&amp;sa=t&amp;url=https:\/\/www.rtve.es\/noticias\/20221217\/asesinada-mujer-presuntamente-su-exmarido-dos-hermanas-sevilla\/2412108.shtml&amp;ct=ga&amp;cd=CAEYACoTNTgyNzM1MjAxODk1NDUzODAzMzIZYzAzNzJlYmMyZmVhZGE1OTplczplczpFUw&amp;usg=AOvVaw3UmdQIIQ8iciP07qouloDC\" target=\"_blank\" rel=\"noopener\" data-saferedirecturl=\"https:\/\/www.google.com\/url?q=https:\/\/www.google.com\/url?rct%3Dj%26sa%3Dt%26url%3Dhttps:\/\/www.rtve.es\/noticias\/20221217\/asesinada-mujer-presuntamente-su-exmarido-dos-hermanas-sevilla\/2412108.shtml%26ct%3Dga%26cd%3DCAEYACoTNTgyNzM1MjAxODk1NDUzODAzMzIZYzAzNzJlYmMyZmVhZGE1OTplczplczpFUw%26usg%3DAOvVaw3UmdQIIQ8iciP07qouloDC&amp;source=gmail&amp;ust=1671528436720000&amp;usg=AOvVaw0A63BF2ZohpHfM4CgyEcib\">Asesinada una mujer\u00a0presuntamente por su expareja en Dos Hermanas, Sevilla &#8211;\u00a0<\/a><a>RTVE.es<\/a><\/p>\n<p><strong>Ciencia y Cultura<br \/>\n<\/strong><a class=\"title\" href=\"https:\/\/www.msn.com\/es-es\/noticias\/espana\/la-medicina-una-profesi%C3%B3n-donde-la-brecha-de-g%C3%A9nero-que-sufren-las-mujeres-va-m%C3%A1s-all%C3%A1-del-centro-sanitario\/ar-AA15r74o\" target=\"_blank\" rel=\"noopener\" data-artpy=\"0\" data-author=\"MSN\">La Medicina, una profesi\u00f3n donde la brecha de g\u00e9nero que sufren las mujeres va m\u00e1s all\u00e1 del centro sanitario<\/a>-msn<strong><br \/>\n<\/strong><a class=\"title\" href=\"https:\/\/www.msn.com\/es-es\/lifestyle\/familia\/m-c2-aa-pilar-queralt-las-mujeres-con-poder-se-han-tratado-en-la-historia-como-aut-c3-a9nticas-arp-c3-adas\/ar-AA15qyRf\" target=\"_blank\" rel=\"noopener\" data-artpy=\"0\" data-author=\"ESPA\u00d1OL on MSN\" data-bm=\"44\">M\u00aa Pilar Queralt: \u00abLas mujeres con poder se han tratado en la historia como aut\u00e9nticas arp\u00edas\u00bb<\/a><strong>&#8211;<\/strong>elespa\u00f1ol<br \/>\n<a class=\"title\" href=\"https:\/\/www.larazon.es\/madrid\/20221219\/sasteztgxjfdhnlilxx5twvoyi.html\" target=\"_blank\" rel=\"noopener\" data-artpy=\"0\" data-author=\"La Raz\u00f3n Digital\">La mujer, el arte y las respuestas a las preguntas dif\u00edciles<\/a>-larazon<br \/>\n<a class=\"title\" href=\"https:\/\/www.infolibre.es\/cultura\/libros\/historia-arte-hombres-no-no-haya-mujeres-artistas-no-conocemos_1_1384806.html\" target=\"_blank\" rel=\"noopener\" data-artpy=\"0\" data-author=\"infolibre.es\">&#8216;Historia del arte sin hombres&#8217;: \u00abNo es que no haya mujeres artistas, es que no las conocemos\u00bb<\/a>-infolibre<br \/>\n<a class=\"title\" href=\"https:\/\/www.publico.es\/uwu\/cultura\/carla-quilez-con-13-anos-y-sin-ser-actriz-profesional-se-metio-en-la-piel-de-una-madre-adolescente\/\" target=\"_blank\" rel=\"noopener\" data-artpy=\"0\" data-author=\"P\u00fablico\">Carla Qu\u00edlez, con 13 a\u00f1os y sin ser actriz profesional se meti\u00f3 en la piel de una madre adolescente<\/a>-publico<br \/>\n<a class=\"title\" href=\"https:\/\/www.diariosigloxxi.com\/texto-ep\/mostrar\/20221215170750\/isabel-coixet-dirige-campana-navidena-sanitas-protagonizada-hugo-silva-laia-costa\" target=\"_blank\" rel=\"noopener\" data-artpy=\"0\" data-author=\"Diario Siglo XXI\">Isabel Coixet dirige la campa\u00f1a navide\u00f1a de Sanitas, protagonizada por Hugo Silva y Laia Costa<\/a>-diariosigloxxi<br \/>\n<a class=\"title\" href=\"https:\/\/es-us.finanzas.yahoo.com\/noticias\/laia-costa-perd%C3%AD-trabajo-negarme-171621467.html\" target=\"_blank\" rel=\"noopener\" data-artpy=\"0\" data-author=\"Yahoo Finanzas\">Laia Costa, Premio Forqu\u00e9 a mejor interpretaci\u00f3n femenina: \u201cPerd\u00ed el trabajo por negarme a hacer escenas de desnudos\u201d<\/a>-yahoo<br \/>\n<a class=\"title\" href=\"https:\/\/www.msn.com\/es-es\/tv\/other\/apag-c3-b3n-y-m-c3-b3nica-l-c3-b3pez-triunfan-en-los-premios-forqu-c3-a9-2022\/ar-AA15pjuL\" target=\"_blank\" rel=\"noopener\" data-artpy=\"0\" data-author=\"Audiencias on MSN\">&#8216;Apag\u00f3n&#8217; y M\u00f3nica L\u00f3pez triunfan en los Premios Forqu\u00e9<\/a>-audiencias<a><br \/>\n<\/a><\/p>\n<p><strong>Deporte<br \/>\n<\/strong><a class=\"title\" href=\"https:\/\/www.diariovasco.com\/deportes\/ciclismo\/deporte-femenino-necesita-proyecto-asi-20221219224802-nt.html\" target=\"_blank\" rel=\"noopener\" data-artpy=\"0\" data-author=\"Diario\">A la contra \u00abEl deporte femenino necesita un proyecto as\u00ed\u00bb<\/a><strong>&#8211;<\/strong>diario<strong><br \/>\n<\/strong><\/p>\n<\/div>\n<\/div>\n<div id=\"\" class=\"lsow-panel lsow-active\">\n<h1 class=\"lsow-panel-title\">Internacional<\/h1>\n<div class=\"lsow-panel-content\">\n<p><a href=\"https:\/\/www.google.com\/url?rct=j&amp;sa=t&amp;url=https:\/\/www.telam.com.ar\/notas\/202212\/614463-francia-feminismo-argentina-final-qatar-mundial-futbol-igualdad-genero.html&amp;ct=ga&amp;cd=CAEYACoTNzc0NTc5OTgxMDU2ODM1NjQxMzIZZTJkZWZhN2Q1ZGE5MTU3ZDplczplczpFUw&amp;usg=AOvVaw01NmSRO07fY-Slya3hH8-5\" target=\"_blank\" rel=\"noopener\" data-saferedirecturl=\"https:\/\/www.google.com\/url?q=https:\/\/www.google.com\/url?rct%3Dj%26sa%3Dt%26url%3Dhttps:\/\/www.telam.com.ar\/notas\/202212\/614463-francia-feminismo-argentina-final-qatar-mundial-futbol-igualdad-genero.html%26ct%3Dga%26cd%3DCAEYACoTNzc0NTc5OTgxMDU2ODM1NjQxMzIZZTJkZWZhN2Q1ZGE5MTU3ZDplczplczpFUw%26usg%3DAOvVaw01NmSRO07fY-Slya3hH8-5&amp;source=gmail&amp;ust=1671528438263000&amp;usg=AOvVaw37PnICH9q9UkhWeoV_aZot\">Francia: un pa\u00eds con una historia feminista potente, donde la igualdad de g\u00e9nero sigue pendiente-\u00a0<\/a><a>T\u00e9lam<br \/>\n<\/a><a class=\"title\" href=\"https:\/\/www.msn.com\/es-xl\/noticias\/otras\/entrevista-a-la-ecofeminista-vandana-shiva-las-empresas-contaminantes-est%C3%A1n-secuestrando-la-naturaleza-en-nombre-de-la-protecci%C3%B3n-del-planeta\/ar-AA15pPWg\" target=\"_blank\" rel=\"noopener\" data-artpy=\"0\" data-author=\"elplanteo on MSN\">Entrevista a la Ecofeminista Vandana Shiva: &#8216;Las Empresas Contaminantes Est\u00e1n Secuestrando la Naturaleza en Nombre de<\/a>&#8230;-elplanteo<br \/>\n<a class=\"title\" href=\"https:\/\/www.msn.com\/es-co\/news\/other\/el-rol-de-las-universidades-es-fundamental-en-el-papel-de-la-mujer-en-cargos-laborales\/ar-AA15qmpX\" target=\"_blank\" rel=\"noopener\" data-artpy=\"0\" data-author=\"Semana on MSN\">El rol de las universidades es fundamental en el papel de la mujer en cargos laborales<\/a>-semanaon<br \/>\n<a class=\"title\" href=\"https:\/\/www.noticiasdenavarra.com\/union-europea\/2022\/12\/19\/bruselas-propone-penalizar-clientes-prostitutas-6304228.html\" target=\"_blank\" rel=\"noopener\" data-artpy=\"0\" data-author=\"Noticias\">Bruselas propone penalizar a los clientes de prostitutas v\u00edctimas de trata de personas<\/a>-noticiasdenavarra<br \/>\n<a href=\"https:\/\/www.google.com\/url?rct=j&amp;sa=t&amp;url=https:\/\/www.dw.com\/es\/la-escritora-brasile%25C3%25B1a-n%25C3%25A9lida-pi%25C3%25B1%25C3%25B3n-fallece-a-los-85-a%25C3%25B1os\/a-64137639&amp;ct=ga&amp;cd=CAEYAioUMTE2NjczMzU0OTMxODkxMDAxMTIyGWMwMzcyZWJjMmZlYWRhNTk6ZXM6ZXM6RVM&amp;usg=AOvVaw1ApvAWY-Inrq6miuDZi1Ef\" target=\"_blank\" rel=\"noopener\" data-saferedirecturl=\"https:\/\/www.google.com\/url?q=https:\/\/www.google.com\/url?rct%3Dj%26sa%3Dt%26url%3Dhttps:\/\/www.dw.com\/es\/la-escritora-brasile%2525C3%2525B1a-n%2525C3%2525A9lida-pi%2525C3%2525B1%2525C3%2525B3n-fallece-a-los-85-a%2525C3%2525B1os\/a-64137639%26ct%3Dga%26cd%3DCAEYAioUMTE2NjczMzU0OTMxODkxMDAxMTIyGWMwMzcyZWJjMmZlYWRhNTk6ZXM6ZXM6RVM%26usg%3DAOvVaw1ApvAWY-Inrq6miuDZi1Ef&amp;source=gmail&amp;ust=1671528436877000&amp;usg=AOvVaw1S70h6dnWyzfd2v29xmjDN\">La escritora brasile\u00f1a N\u00e9lida Pi\u00f1\u00f3n fallece a los 85 a\u00f1os |\u00a0<\/a>&#8211;<a>DW<br \/>\n<\/a><a href=\"https:\/\/www.google.com\/url?rct=j&amp;sa=t&amp;url=https:\/\/elpais.com\/mexico\/2022-12-18\/en-el-mundial-gane-quien-gane-las-que-pierden-son-las-mujeres.html&amp;ct=ga&amp;cd=CAEYACoTOTMyOTI3MDI1MzUyMjIyNTUxOTIZZTJkZWZhN2Q1ZGE5MTU3ZDplczplczpFUw&amp;usg=AOvVaw0P-vHa03l5iYomqT4jM-cX\" target=\"_blank\" rel=\"noopener\" data-saferedirecturl=\"https:\/\/www.google.com\/url?q=https:\/\/www.google.com\/url?rct%3Dj%26sa%3Dt%26url%3Dhttps:\/\/elpais.com\/mexico\/2022-12-18\/en-el-mundial-gane-quien-gane-las-que-pierden-son-las-mujeres.html%26ct%3Dga%26cd%3DCAEYACoTOTMyOTI3MDI1MzUyMjIyNTUxOTIZZTJkZWZhN2Q1ZGE5MTU3ZDplczplczpFUw%26usg%3DAOvVaw0P-vHa03l5iYomqT4jM-cX&amp;source=gmail&amp;ust=1671528438385000&amp;usg=AOvVaw1Ph4_3pIu5_61n4K2Mo7Px\">En el Mundial, gane quien gane, las que pierden son las mujeres &#8211;<\/a><a>El Pa\u00eds<br \/>\n<\/a><a class=\"title\" href=\"https:\/\/www.telam.com.ar\/notas\/202212\/614564-hurst-feinmann-arias-clasicas-perspectiva-feminista-hasta-trilce.html\" target=\"_blank\" rel=\"noopener\" data-artpy=\"0\" data-author=\"T\u00e9lam\">Hurst y Feinmann revisitan arias cl\u00e1sicas desde la perspectiva feminista<\/a>-telam<br \/>\n<a class=\"title\" href=\"https:\/\/www.msn.com\/es-es\/sports\/tenis\/venus-williams-jugar-c3-a1-en-el-open-de-australia-a-sus-42-a-c3-b1os\/ar-AA15qMrv\" target=\"_blank\" rel=\"noopener\" data-artpy=\"0\" data-author=\"AS Mexico on MSN\">Venus Williams jugar\u00e1 en el Open de Australia a sus 42 a\u00f1os<\/a>-as<\/p>\n<\/div>\n<\/div>\n<\/div><\/div><\/div><\/div><\/div>\n","protected":false},"excerpt":{"rendered":"<p>Bruselas propone penalizar a los clientes de prostitutas v\u00edctimas de trata de personas * Mujeres candidatas a Las Top 100 en la categor\u00eda de Startups y Pymes * N\u00e9lida Pi\u00f1\u00f3n, matriarca de las letras brasile\u00f1as * Consumo presenta la campa\u00f1a S\u00e9 m\u00e1s juguete para concienciar sobre el sexismo<\/p>\n","protected":false},"author":3,"featured_media":22909,"comment_status":"closed","ping_status":"closed","sticky":false,"template":"","format":"standard","meta":{"footnotes":""},"categories":[298,621],"tags":[122,95,84,277,109],"class_list":["post-18030","post","type-post","status-publish","format-standard","has-post-thumbnail","hentry","category-newsletter","category-nwl-3-0","tag-aborto","tag-brecha-salarial","tag-empresarias","tag-prostitucion","tag-violencia-de-genero"],"yoast_head":"<!-- This site is optimized with the Yoast SEO plugin v27.5 - https:\/\/yoast.com\/product\/yoast-seo-wordpress\/ -->\n<title>Noticias Info CKL n\u00ba 2747-19\/12\/22 -Comunicar con perspectiva de g\u00e9nero<\/title>\n<meta name=\"description\" content=\"Noticias Info CKL n\u00ba 2747-19\/12\/22 Bruselas propone penalizar a los clientes de prostitutas v\u00edctimas de trata de personas * Mujeres candidatas a Las Top 100 en la categor\u00eda de Startups y Pymes * N\u00e9lida Pi\u00f1\u00f3n, matriarca de las letras brasile\u00f1as * Consumo presenta la campa\u00f1a S\u00e9 m\u00e1s juguete para concienciar sobre el sexismo\" \/>\n<meta name=\"robots\" content=\"index, follow, max-snippet:-1, max-image-preview:large, max-video-preview:-1\" \/>\n<link rel=\"canonical\" href=\"https:\/\/cklcomunicaciones.es\/coop\/noticias-info-ckl-no-2747-19-12-22\/\" \/>\n<meta property=\"og:locale\" content=\"es_ES\" \/>\n<meta property=\"og:type\" content=\"article\" \/>\n<meta property=\"og:title\" content=\"Noticias Info CKL n\u00ba 2747-19\/12\/22 -Comunicar con perspectiva de g\u00e9nero\" \/>\n<meta property=\"og:description\" content=\"Noticias Info CKL n\u00ba 2747-19\/12\/22 Bruselas propone penalizar a los clientes de prostitutas v\u00edctimas de trata de personas * Mujeres candidatas a Las Top 100 en la categor\u00eda de Startups y Pymes * N\u00e9lida Pi\u00f1\u00f3n, matriarca de las letras brasile\u00f1as * Consumo presenta la campa\u00f1a S\u00e9 m\u00e1s juguete para concienciar sobre el sexismo\" \/>\n<meta property=\"og:url\" content=\"https:\/\/cklcomunicaciones.es\/coop\/noticias-info-ckl-no-2747-19-12-22\/\" \/>\n<meta property=\"og:site_name\" content=\"CKL Comunicaciones\" \/>\n<meta property=\"article:published_time\" content=\"2022-12-19T13:24:29+00:00\" \/>\n<meta property=\"article:modified_time\" content=\"2025-02-08T18:30:51+00:00\" \/>\n<meta property=\"og:image\" content=\"https:\/\/cklcomunicaciones.es\/coop\/wp-content\/uploads\/2025\/01\/CKL-una-mirada-distinta-de-la-comunicacion.jpg\" \/>\n\t<meta property=\"og:image:width\" content=\"1482\" \/>\n\t<meta property=\"og:image:height\" content=\"775\" \/>\n\t<meta property=\"og:image:type\" content=\"image\/jpeg\" \/>\n<meta name=\"author\" content=\"ckl\" \/>\n<meta name=\"twitter:card\" content=\"summary_large_image\" \/>\n<meta name=\"twitter:label1\" content=\"Escrito por\" \/>\n\t<meta name=\"twitter:data1\" content=\"ckl\" \/>\n\t<meta name=\"twitter:label2\" content=\"Tiempo de lectura\" \/>\n\t<meta name=\"twitter:data2\" content=\"6 minutos\" \/>\n<script type=\"application\/ld+json\" class=\"yoast-schema-graph\">{\"@context\":\"https:\\\/\\\/schema.org\",\"@graph\":[{\"@type\":\"Article\",\"@id\":\"https:\\\/\\\/cklcomunicaciones.es\\\/coop\\\/noticias-info-ckl-no-2747-19-12-22\\\/#article\",\"isPartOf\":{\"@id\":\"https:\\\/\\\/cklcomunicaciones.es\\\/coop\\\/noticias-info-ckl-no-2747-19-12-22\\\/\"},\"author\":{\"name\":\"ckl\",\"@id\":\"https:\\\/\\\/cklcomunicaciones.es\\\/coop\\\/#\\\/schema\\\/person\\\/929a6837f7626450bbb50cee1aef266e\"},\"headline\":\"Noticias Info CKL n\u00ba 2747-19\\\/12\\\/22\",\"datePublished\":\"2022-12-19T13:24:29+00:00\",\"dateModified\":\"2025-02-08T18:30:51+00:00\",\"mainEntityOfPage\":{\"@id\":\"https:\\\/\\\/cklcomunicaciones.es\\\/coop\\\/noticias-info-ckl-no-2747-19-12-22\\\/\"},\"wordCount\":1154,\"image\":{\"@id\":\"https:\\\/\\\/cklcomunicaciones.es\\\/coop\\\/noticias-info-ckl-no-2747-19-12-22\\\/#primaryimage\"},\"thumbnailUrl\":\"https:\\\/\\\/cklcomunicaciones.es\\\/coop\\\/wp-content\\\/uploads\\\/2025\\\/01\\\/CKL-una-mirada-distinta-de-la-comunicacion.jpg\",\"keywords\":[\"aborto\",\"brecha salarial\",\"empresarias\",\"prostituci\u00f3n\",\"violencia de g\u00e9nero\"],\"articleSection\":[\"Newsletter\",\"Nwl v3.0\"],\"inLanguage\":\"es\"},{\"@type\":\"WebPage\",\"@id\":\"https:\\\/\\\/cklcomunicaciones.es\\\/coop\\\/noticias-info-ckl-no-2747-19-12-22\\\/\",\"url\":\"https:\\\/\\\/cklcomunicaciones.es\\\/coop\\\/noticias-info-ckl-no-2747-19-12-22\\\/\",\"name\":\"Noticias Info CKL n\u00ba 2747-19\\\/12\\\/22 -Comunicar con perspectiva de g\u00e9nero\",\"isPartOf\":{\"@id\":\"https:\\\/\\\/cklcomunicaciones.es\\\/coop\\\/#website\"},\"primaryImageOfPage\":{\"@id\":\"https:\\\/\\\/cklcomunicaciones.es\\\/coop\\\/noticias-info-ckl-no-2747-19-12-22\\\/#primaryimage\"},\"image\":{\"@id\":\"https:\\\/\\\/cklcomunicaciones.es\\\/coop\\\/noticias-info-ckl-no-2747-19-12-22\\\/#primaryimage\"},\"thumbnailUrl\":\"https:\\\/\\\/cklcomunicaciones.es\\\/coop\\\/wp-content\\\/uploads\\\/2025\\\/01\\\/CKL-una-mirada-distinta-de-la-comunicacion.jpg\",\"datePublished\":\"2022-12-19T13:24:29+00:00\",\"dateModified\":\"2025-02-08T18:30:51+00:00\",\"author\":{\"@id\":\"https:\\\/\\\/cklcomunicaciones.es\\\/coop\\\/#\\\/schema\\\/person\\\/929a6837f7626450bbb50cee1aef266e\"},\"description\":\"Noticias Info CKL n\u00ba 2747-19\\\/12\\\/22 Bruselas propone penalizar a los clientes de prostitutas v\u00edctimas de trata de personas * Mujeres candidatas a Las Top 100 en la categor\u00eda de Startups y Pymes * N\u00e9lida Pi\u00f1\u00f3n, matriarca de las letras brasile\u00f1as * Consumo presenta la campa\u00f1a S\u00e9 m\u00e1s juguete para concienciar sobre el sexismo\",\"breadcrumb\":{\"@id\":\"https:\\\/\\\/cklcomunicaciones.es\\\/coop\\\/noticias-info-ckl-no-2747-19-12-22\\\/#breadcrumb\"},\"inLanguage\":\"es\",\"potentialAction\":[{\"@type\":\"ReadAction\",\"target\":[\"https:\\\/\\\/cklcomunicaciones.es\\\/coop\\\/noticias-info-ckl-no-2747-19-12-22\\\/\"]}]},{\"@type\":\"ImageObject\",\"inLanguage\":\"es\",\"@id\":\"https:\\\/\\\/cklcomunicaciones.es\\\/coop\\\/noticias-info-ckl-no-2747-19-12-22\\\/#primaryimage\",\"url\":\"https:\\\/\\\/cklcomunicaciones.es\\\/coop\\\/wp-content\\\/uploads\\\/2025\\\/01\\\/CKL-una-mirada-distinta-de-la-comunicacion.jpg\",\"contentUrl\":\"https:\\\/\\\/cklcomunicaciones.es\\\/coop\\\/wp-content\\\/uploads\\\/2025\\\/01\\\/CKL-una-mirada-distinta-de-la-comunicacion.jpg\",\"width\":1482,\"height\":775,\"caption\":\"CKL - una mirada distinta de la comunicacion\"},{\"@type\":\"BreadcrumbList\",\"@id\":\"https:\\\/\\\/cklcomunicaciones.es\\\/coop\\\/noticias-info-ckl-no-2747-19-12-22\\\/#breadcrumb\",\"itemListElement\":[{\"@type\":\"ListItem\",\"position\":1,\"name\":\"Portada\",\"item\":\"https:\\\/\\\/cklcomunicaciones.es\\\/coop\\\/\"},{\"@type\":\"ListItem\",\"position\":2,\"name\":\"Noticias Info CKL n\u00ba 2747-19\\\/12\\\/22\"}]},{\"@type\":\"WebSite\",\"@id\":\"https:\\\/\\\/cklcomunicaciones.es\\\/coop\\\/#website\",\"url\":\"https:\\\/\\\/cklcomunicaciones.es\\\/coop\\\/\",\"name\":\"CKL Comunicaciones\",\"description\":\"Sitio web de CKL Comunicaciones coop , la consultora de comunicaci\u00f3n y estrategia\",\"potentialAction\":[{\"@type\":\"SearchAction\",\"target\":{\"@type\":\"EntryPoint\",\"urlTemplate\":\"https:\\\/\\\/cklcomunicaciones.es\\\/coop\\\/?s={search_term_string}\"},\"query-input\":{\"@type\":\"PropertyValueSpecification\",\"valueRequired\":true,\"valueName\":\"search_term_string\"}}],\"inLanguage\":\"es\"},{\"@type\":\"Person\",\"@id\":\"https:\\\/\\\/cklcomunicaciones.es\\\/coop\\\/#\\\/schema\\\/person\\\/929a6837f7626450bbb50cee1aef266e\",\"name\":\"ckl\",\"image\":{\"@type\":\"ImageObject\",\"inLanguage\":\"es\",\"@id\":\"https:\\\/\\\/secure.gravatar.com\\\/avatar\\\/c82db564e8a669bf6023357a157b9dc4780f4d4c618f2ad1d71a6a5dede45057?s=96&d=mm&r=g\",\"url\":\"https:\\\/\\\/secure.gravatar.com\\\/avatar\\\/c82db564e8a669bf6023357a157b9dc4780f4d4c618f2ad1d71a6a5dede45057?s=96&d=mm&r=g\",\"contentUrl\":\"https:\\\/\\\/secure.gravatar.com\\\/avatar\\\/c82db564e8a669bf6023357a157b9dc4780f4d4c618f2ad1d71a6a5dede45057?s=96&d=mm&r=g\",\"caption\":\"ckl\"},\"url\":\"https:\\\/\\\/cklcomunicaciones.es\\\/coop\\\/author\\\/cklcomunicaciones\\\/\"}]}<\/script>\n<!-- \/ Yoast SEO plugin. -->","yoast_head_json":{"title":"Noticias Info CKL n\u00ba 2747-19\/12\/22 -Comunicar con perspectiva de g\u00e9nero","description":"Noticias Info CKL n\u00ba 2747-19\/12\/22 Bruselas propone penalizar a los clientes de prostitutas v\u00edctimas de trata de personas * Mujeres candidatas a Las Top 100 en la categor\u00eda de Startups y Pymes * N\u00e9lida Pi\u00f1\u00f3n, matriarca de las letras brasile\u00f1as * Consumo presenta la campa\u00f1a S\u00e9 m\u00e1s juguete para concienciar sobre el sexismo","robots":{"index":"index","follow":"follow","max-snippet":"max-snippet:-1","max-image-preview":"max-image-preview:large","max-video-preview":"max-video-preview:-1"},"canonical":"https:\/\/cklcomunicaciones.es\/coop\/noticias-info-ckl-no-2747-19-12-22\/","og_locale":"es_ES","og_type":"article","og_title":"Noticias Info CKL n\u00ba 2747-19\/12\/22 -Comunicar con perspectiva de g\u00e9nero","og_description":"Noticias Info CKL n\u00ba 2747-19\/12\/22 Bruselas propone penalizar a los clientes de prostitutas v\u00edctimas de trata de personas * Mujeres candidatas a Las Top 100 en la categor\u00eda de Startups y Pymes * N\u00e9lida Pi\u00f1\u00f3n, matriarca de las letras brasile\u00f1as * Consumo presenta la campa\u00f1a S\u00e9 m\u00e1s juguete para concienciar sobre el sexismo","og_url":"https:\/\/cklcomunicaciones.es\/coop\/noticias-info-ckl-no-2747-19-12-22\/","og_site_name":"CKL Comunicaciones","article_published_time":"2022-12-19T13:24:29+00:00","article_modified_time":"2025-02-08T18:30:51+00:00","og_image":[{"width":1482,"height":775,"url":"https:\/\/cklcomunicaciones.es\/coop\/wp-content\/uploads\/2025\/01\/CKL-una-mirada-distinta-de-la-comunicacion.jpg","type":"image\/jpeg"}],"author":"ckl","twitter_card":"summary_large_image","twitter_misc":{"Escrito por":"ckl","Tiempo de lectura":"6 minutos"},"schema":{"@context":"https:\/\/schema.org","@graph":[{"@type":"Article","@id":"https:\/\/cklcomunicaciones.es\/coop\/noticias-info-ckl-no-2747-19-12-22\/#article","isPartOf":{"@id":"https:\/\/cklcomunicaciones.es\/coop\/noticias-info-ckl-no-2747-19-12-22\/"},"author":{"name":"ckl","@id":"https:\/\/cklcomunicaciones.es\/coop\/#\/schema\/person\/929a6837f7626450bbb50cee1aef266e"},"headline":"Noticias Info CKL n\u00ba 2747-19\/12\/22","datePublished":"2022-12-19T13:24:29+00:00","dateModified":"2025-02-08T18:30:51+00:00","mainEntityOfPage":{"@id":"https:\/\/cklcomunicaciones.es\/coop\/noticias-info-ckl-no-2747-19-12-22\/"},"wordCount":1154,"image":{"@id":"https:\/\/cklcomunicaciones.es\/coop\/noticias-info-ckl-no-2747-19-12-22\/#primaryimage"},"thumbnailUrl":"https:\/\/cklcomunicaciones.es\/coop\/wp-content\/uploads\/2025\/01\/CKL-una-mirada-distinta-de-la-comunicacion.jpg","keywords":["aborto","brecha salarial","empresarias","prostituci\u00f3n","violencia de g\u00e9nero"],"articleSection":["Newsletter","Nwl v3.0"],"inLanguage":"es"},{"@type":"WebPage","@id":"https:\/\/cklcomunicaciones.es\/coop\/noticias-info-ckl-no-2747-19-12-22\/","url":"https:\/\/cklcomunicaciones.es\/coop\/noticias-info-ckl-no-2747-19-12-22\/","name":"Noticias Info CKL n\u00ba 2747-19\/12\/22 -Comunicar con perspectiva de g\u00e9nero","isPartOf":{"@id":"https:\/\/cklcomunicaciones.es\/coop\/#website"},"primaryImageOfPage":{"@id":"https:\/\/cklcomunicaciones.es\/coop\/noticias-info-ckl-no-2747-19-12-22\/#primaryimage"},"image":{"@id":"https:\/\/cklcomunicaciones.es\/coop\/noticias-info-ckl-no-2747-19-12-22\/#primaryimage"},"thumbnailUrl":"https:\/\/cklcomunicaciones.es\/coop\/wp-content\/uploads\/2025\/01\/CKL-una-mirada-distinta-de-la-comunicacion.jpg","datePublished":"2022-12-19T13:24:29+00:00","dateModified":"2025-02-08T18:30:51+00:00","author":{"@id":"https:\/\/cklcomunicaciones.es\/coop\/#\/schema\/person\/929a6837f7626450bbb50cee1aef266e"},"description":"Noticias Info CKL n\u00ba 2747-19\/12\/22 Bruselas propone penalizar a los clientes de prostitutas v\u00edctimas de trata de personas * Mujeres candidatas a Las Top 100 en la categor\u00eda de Startups y Pymes * N\u00e9lida Pi\u00f1\u00f3n, matriarca de las letras brasile\u00f1as * Consumo presenta la campa\u00f1a S\u00e9 m\u00e1s juguete para concienciar sobre el sexismo","breadcrumb":{"@id":"https:\/\/cklcomunicaciones.es\/coop\/noticias-info-ckl-no-2747-19-12-22\/#breadcrumb"},"inLanguage":"es","potentialAction":[{"@type":"ReadAction","target":["https:\/\/cklcomunicaciones.es\/coop\/noticias-info-ckl-no-2747-19-12-22\/"]}]},{"@type":"ImageObject","inLanguage":"es","@id":"https:\/\/cklcomunicaciones.es\/coop\/noticias-info-ckl-no-2747-19-12-22\/#primaryimage","url":"https:\/\/cklcomunicaciones.es\/coop\/wp-content\/uploads\/2025\/01\/CKL-una-mirada-distinta-de-la-comunicacion.jpg","contentUrl":"https:\/\/cklcomunicaciones.es\/coop\/wp-content\/uploads\/2025\/01\/CKL-una-mirada-distinta-de-la-comunicacion.jpg","width":1482,"height":775,"caption":"CKL - una mirada distinta de la comunicacion"},{"@type":"BreadcrumbList","@id":"https:\/\/cklcomunicaciones.es\/coop\/noticias-info-ckl-no-2747-19-12-22\/#breadcrumb","itemListElement":[{"@type":"ListItem","position":1,"name":"Portada","item":"https:\/\/cklcomunicaciones.es\/coop\/"},{"@type":"ListItem","position":2,"name":"Noticias Info CKL n\u00ba 2747-19\/12\/22"}]},{"@type":"WebSite","@id":"https:\/\/cklcomunicaciones.es\/coop\/#website","url":"https:\/\/cklcomunicaciones.es\/coop\/","name":"CKL Comunicaciones","description":"Sitio web de CKL Comunicaciones coop , la consultora de comunicaci\u00f3n y estrategia","potentialAction":[{"@type":"SearchAction","target":{"@type":"EntryPoint","urlTemplate":"https:\/\/cklcomunicaciones.es\/coop\/?s={search_term_string}"},"query-input":{"@type":"PropertyValueSpecification","valueRequired":true,"valueName":"search_term_string"}}],"inLanguage":"es"},{"@type":"Person","@id":"https:\/\/cklcomunicaciones.es\/coop\/#\/schema\/person\/929a6837f7626450bbb50cee1aef266e","name":"ckl","image":{"@type":"ImageObject","inLanguage":"es","@id":"https:\/\/secure.gravatar.com\/avatar\/c82db564e8a669bf6023357a157b9dc4780f4d4c618f2ad1d71a6a5dede45057?s=96&d=mm&r=g","url":"https:\/\/secure.gravatar.com\/avatar\/c82db564e8a669bf6023357a157b9dc4780f4d4c618f2ad1d71a6a5dede45057?s=96&d=mm&r=g","contentUrl":"https:\/\/secure.gravatar.com\/avatar\/c82db564e8a669bf6023357a157b9dc4780f4d4c618f2ad1d71a6a5dede45057?s=96&d=mm&r=g","caption":"ckl"},"url":"https:\/\/cklcomunicaciones.es\/coop\/author\/cklcomunicaciones\/"}]}},"_links":{"self":[{"href":"https:\/\/cklcomunicaciones.es\/coop\/wp-json\/wp\/v2\/posts\/18030","targetHints":{"allow":["GET"]}}],"collection":[{"href":"https:\/\/cklcomunicaciones.es\/coop\/wp-json\/wp\/v2\/posts"}],"about":[{"href":"https:\/\/cklcomunicaciones.es\/coop\/wp-json\/wp\/v2\/types\/post"}],"author":[{"embeddable":true,"href":"https:\/\/cklcomunicaciones.es\/coop\/wp-json\/wp\/v2\/users\/3"}],"replies":[{"embeddable":true,"href":"https:\/\/cklcomunicaciones.es\/coop\/wp-json\/wp\/v2\/comments?post=18030"}],"version-history":[{"count":0,"href":"https:\/\/cklcomunicaciones.es\/coop\/wp-json\/wp\/v2\/posts\/18030\/revisions"}],"wp:featuredmedia":[{"embeddable":true,"href":"https:\/\/cklcomunicaciones.es\/coop\/wp-json\/wp\/v2\/media\/22909"}],"wp:attachment":[{"href":"https:\/\/cklcomunicaciones.es\/coop\/wp-json\/wp\/v2\/media?parent=18030"}],"wp:term":[{"taxonomy":"category","embeddable":true,"href":"https:\/\/cklcomunicaciones.es\/coop\/wp-json\/wp\/v2\/categories?post=18030"},{"taxonomy":"post_tag","embeddable":true,"href":"https:\/\/cklcomunicaciones.es\/coop\/wp-json\/wp\/v2\/tags?post=18030"}],"curies":[{"name":"wp","href":"https:\/\/api.w.org\/{rel}","templated":true}]}}