{"id":17605,"date":"2022-11-14T13:56:20","date_gmt":"2022-11-14T12:56:20","guid":{"rendered":"https:\/\/www.cklcomunicaciones.es\/?p=17605"},"modified":"2025-02-08T21:02:45","modified_gmt":"2025-02-08T20:02:45","slug":"noticias-info-ckl-no-2736-14-11-22","status":"publish","type":"post","link":"https:\/\/cklcomunicaciones.es\/coop\/noticias-info-ckl-no-2736-14-11-22\/","title":{"rendered":"Noticias Info CKL n\u00ba 2736-14\/11\/22"},"content":{"rendered":"<div class=\"fusion-fullwidth fullwidth-box fusion-builder-row-1 fusion-flex-container nonhundred-percent-fullwidth non-hundred-percent-height-scrolling\" style=\"--awb-border-radius-top-left:0px;--awb-border-radius-top-right:0px;--awb-border-radius-bottom-right:0px;--awb-border-radius-bottom-left:0px;--awb-flex-wrap:wrap;\" ><div class=\"fusion-builder-row fusion-row fusion-flex-align-items-flex-start fusion-flex-content-wrap\" style=\"max-width:1248px;margin-left: calc(-4% \/ 2 );margin-right: calc(-4% \/ 2 );\"><div class=\"fusion-layout-column fusion_builder_column fusion-builder-column-0 fusion_builder_column_1_1 1_1 fusion-flex-column\" style=\"--awb-bg-blend:overlay;--awb-bg-size:cover;--awb-width-large:100%;--awb-margin-top-large:0px;--awb-spacing-right-large:1.92%;--awb-margin-bottom-large:0px;--awb-spacing-left-large:1.92%;--awb-width-medium:100%;--awb-spacing-right-medium:1.92%;--awb-spacing-left-medium:1.92%;--awb-width-small:100%;--awb-spacing-right-small:1.92%;--awb-spacing-left-small:1.92%;\"><div class=\"fusion-column-wrapper fusion-flex-justify-content-flex-start fusion-content-layout-column\"><div class=\"fusion-text fusion-text-1\"><div id=\"\" class=\"lsow-panel lsow-active\">\n<h1 class=\"lsow-panel-title\">Convocatorias<\/h1>\n<div class=\"lsow-panel-content\">\n<ul>\n<li>\n<p lang=\"zxx\"><a href=\"https:\/\/trabajosocialsevilla.es\/curso-mujer-salud-mental-y-violencia-en-la-pareja\/\" target=\"_blank\" rel=\"noopener\" data-saferedirecturl=\"https:\/\/www.google.com\/url?q=https:\/\/trabajosocialsevilla.es\/curso-mujer-salud-mental-y-violencia-en-la-pareja\/&amp;source=gmail&amp;ust=1668239939305000&amp;usg=AOvVaw3-m4YTVGe1GYlHiTxOeFtl\">Curso &#8216;Mujer, Salud Mental y Violencia en la pareja&#8217;<\/a>. Colegio de Trabajo Social de Sevilla. Del 12 al 31 de enero de 2023 (30 horas).\u00a0<a href=\"https:\/\/www.cgtrabajosocial.es\/sevilla\/inscripciones\/add\/1878\" target=\"_blank\" rel=\"noopener\" data-saferedirecturl=\"https:\/\/www.google.com\/url?q=https:\/\/www.cgtrabajosocial.es\/sevilla\/inscripciones\/add\/1878&amp;source=gmail&amp;ust=1668239939305000&amp;usg=AOvVaw1TBynAd6Yzc7emgoG0DGSE\">Inscripciones<\/a>\u00a0(hasta el 3 de enero)<\/p>\n<\/li>\n<li>4\u00ba Congreso sobre Violencia de G\u00e9nero: Ciberviolencia, la cara oculta de la red\u2019. Asociaci\u00f3n Victoria Kent con la colaboraci\u00f3n de la Universidad de C\u00e1diz. 21 y 22 de noviembre, presencial y emisi\u00f3n en directo. M\u00e1s informaci\u00f3n:\u00a0<a href=\"mailto:asociacion@ampvictoriakent.org\" target=\"_blank\" rel=\"noopener\">asociacion@ampvictoriakent.org<\/a><wbr \/>, 956633396\/661541939.\u00a0<a href=\"https:\/\/docs.google.com\/forms\/d\/e\/1FAIpQLSeFJNoe2jaNVL89p6I5zs9H9wkN-nnbEQK_mxDa-aUeaZVY-g\/viewform\" target=\"_blank\" rel=\"noopener\" data-saferedirecturl=\"https:\/\/www.google.com\/url?q=https:\/\/docs.google.com\/forms\/d\/e\/1FAIpQLSeFJNoe2jaNVL89p6I5zs9H9wkN-nnbEQK_mxDa-aUeaZVY-g\/viewform&amp;source=gmail&amp;ust=1668239939305000&amp;usg=AOvVaw1efOiDJu1HV3bwBY9KYLve\">Inscripciones<\/a><\/li>\n<li><span lang=\"zxx\"><a href=\"http:\/\/www.juntadeandalucia.es\/iam\/catalogo\/doc\/convocatorias\/2022-genero\/SE-presentacion-libro-claves-ecofeministas-alicia-puleo.jpg\" target=\"_blank\" rel=\"noopener prettyPhoto&#091;17605&#093;\" data-saferedirecturl=\"https:\/\/www.google.com\/url?q=http:\/\/www.juntadeandalucia.es\/iam\/catalogo\/doc\/convocatorias\/2022-genero\/SE-presentacion-libro-claves-ecofeministas-alicia-puleo.jpg&amp;source=gmail&amp;ust=1668239939305000&amp;usg=AOvVaw398a6MvngbBxMo7xslHVVy\">Presentaci\u00f3n de la 4\u00aa edici\u00f3n actualizada del libro &#8216;Claves ecofeministas: para rebeldes que aman la tierra y los animales&#8217;, de Alicia Puleo<\/a>. Librer\u00eda Ca\u00f3tica. 15 de noviembre a las 19 h.<\/span><\/li>\n<\/ul>\n<\/div>\n<\/div>\n<div id=\"\" class=\"lsow-panel lsow-active\">\n<h1 class=\"lsow-panel-title\">Comunicaci\u00f3n, Publicidad y TICs<\/h1>\n<div class=\"lsow-panel-content\">\n<p><a href=\"https:\/\/www.google.com\/url?rct=j&amp;sa=t&amp;url=https:\/\/www.diarioarea.com\/2022\/11\/11\/maria-jesus-corrales-las-expulsadas-gibraltar-verja-marruecos-tetuan\/&amp;ct=ga&amp;cd=CAEYDSoTNTEzOTA1Mzk3ODQyOTY5MDM1MzIZYzAzNzJlYmMyZmVhZGE1OTplczplczpFUw&amp;usg=AOvVaw2njSyGACPOBnlhFFia6uZl\" target=\"_blank\" rel=\"noopener\" data-saferedirecturl=\"https:\/\/www.google.com\/url?q=https:\/\/www.google.com\/url?rct%3Dj%26sa%3Dt%26url%3Dhttps:\/\/www.diarioarea.com\/2022\/11\/11\/maria-jesus-corrales-las-expulsadas-gibraltar-verja-marruecos-tetuan\/%26ct%3Dga%26cd%3DCAEYDSoTNTEzOTA1Mzk3ODQyOTY5MDM1MzIZYzAzNzJlYmMyZmVhZGE1OTplczplczpFUw%26usg%3DAOvVaw2njSyGACPOBnlhFFia6uZl&amp;source=gmail&amp;ust=1668500513367000&amp;usg=AOvVaw1To0HGtzCyfNKD-yZcZIOE\">La periodista Mar\u00eda Jes\u00fas Corrales llevar\u00e1 &#8216;Las Expulsadas&#8217; al otro lado del Estrecho-<\/a><a>Diario \u00c1rea<br \/>\n<\/a><a class=\"title\" href=\"https:\/\/www.msn.com\/es-es\/finance\/noticias\/eldiarioes-cantabria-lanza-la-secci-c3-b3n-mujeres-en-el-deporte\/ar-AA145jpz\" target=\"_blank\" rel=\"noopener\" data-artpy=\"0\" data-author=\"eldiario.es on MSN\">elDiario.es Cantabria lanza la secci\u00f3n &#8216;Mujeres en el Deporte&#8217;<\/a>-eldiario<br \/>\n<a class=\"title\" href=\"https:\/\/www.msn.com\/es-es\/news\/espana\/mujeres-en-la-comunicaci-c3-b3n-los-medios-tienen-que-visibilizar-los-referentes-femeninos-que-existen\/ar-AA141IkH\" target=\"_blank\" rel=\"noopener\" data-artpy=\"0\" data-author=\"20 minutos on MSN\">Mujeres en la comunicaci\u00f3n: \u00abLos medios tienen que visibilizar los referentes femeninos que existen\u00bb<\/a>-20minutos<br \/>\n<a class=\"title\" href=\"https:\/\/www.msn.com\/es-es\/news\/internacional\/el-periodismo-y-la-vida\/ar-AA143hI4\" target=\"_blank\" rel=\"noopener\" data-artpy=\"0\" data-author=\"eldiario.es on MSN\">El periodismo y la vida<\/a>-eldiario<br \/>\n<a class=\"title\" href=\"https:\/\/www.tiempoar.com.ar\/deportes\/qatar-mujeres-y-equidad\/\" target=\"_blank\" rel=\"noopener\" data-artpy=\"0\" data-author=\"Tiempo Argentino\">Qatar, mujeres y equidad-\u00a0<\/a>tiempo<br \/>\n<a class=\"title\" href=\"https:\/\/www.zonamovilidad.es\/61-por-ciento-mujeres-denuncia-barrera-genero-comunicacion-tecnologica\" target=\"_blank\" rel=\"noopener\" data-artpy=\"0\" data-author=\"zonamovilidad\">El 61% de las mujeres denuncia una barrera de g\u00e9nero en la comunicaci\u00f3n tecnol\u00f3gica, frente al 28% de los hombres<\/a>-zonamovilidad<a><br \/>\n<\/a><\/p>\n<\/div>\n<\/div>\n<div id=\"\" class=\"lsow-panel lsow-active\">\n<h1 class=\"lsow-panel-title\">Andaluc\u00eda<\/h1>\n<div class=\"lsow-panel-content\">\n<p><b><\/b><b><\/b><b>Econom\u00eda y Empresa<br \/>\n<\/b><a href=\"https:\/\/www.google.com\/url?rct=j&amp;sa=t&amp;url=https:\/\/cadenaser.com\/andalucia\/2022\/11\/10\/a-casi-un-millon-de-andaluces-les-incomoda-hablar-sobre-igualdad-en-el-trabajo-segun-un-estudio-de-amazon-radio-sevilla\/&amp;ct=ga&amp;cd=CAEYAioTMjU0NTYwNzQ1NTQ1MDczMzcyNzIZZDc4ZTU4NzVhMGYxZjJhYzplczplczpFUw&amp;usg=AOvVaw23-qWe1w7971D0ALsic_hF\" target=\"_blank\" rel=\"noopener\" data-saferedirecturl=\"https:\/\/www.google.com\/url?q=https:\/\/www.google.com\/url?rct%3Dj%26sa%3Dt%26url%3Dhttps:\/\/cadenaser.com\/andalucia\/2022\/11\/10\/a-casi-un-millon-de-andaluces-les-incomoda-hablar-sobre-igualdad-en-el-trabajo-segun-un-estudio-de-amazon-radio-sevilla\/%26ct%3Dga%26cd%3DCAEYAioTMjU0NTYwNzQ1NTQ1MDczMzcyNzIZZDc4ZTU4NzVhMGYxZjJhYzplczplczpFUw%26usg%3DAOvVaw23-qWe1w7971D0ALsic_hF&amp;source=gmail&amp;ust=1668239262003000&amp;usg=AOvVaw1XOzqaryFmaDXe--3kPG2f\">A casi un mill\u00f3n de andaluces les incomoda hablar sobre igualdad en el trabajo, seg\u00fan un estudio de Amazon &#8230;-\u00a0<\/a><a>Cadena SER<br \/>\n<\/a><a class=\"title\" href=\"https:\/\/www.canalsur.es\/rtva\/enred-entrevista-a-la-primera-mujer-premio-talento-femenino-en-automatico\/1873030.html\" target=\"_blank\" rel=\"noopener\" data-artpy=\"0\" data-author=\"canalsur\">\u00abEnRed\u00bb entrevista a la primera mujer Premio Talento Femenino en Autom\u00e1tico<\/a>-canalsur<br \/>\n<a class=\"title\" href=\"https:\/\/www.msn.com\/es-es\/news\/espana\/m-c3-a1s-marroqu-c3-ades-y-hondure-c3-b1os-para-recoger-la-fresa-en-huelva-ante-la-falta-de-mano-de-obra-en-andaluc-c3-ada\/ar-AA144v5v\" target=\"_blank\" rel=\"noopener\" data-artpy=\"0\" data-author=\"El Independiente on MSN\">M\u00e1s marroqu\u00edes y hondure\u00f1os para recoger la fresa en Huelva ante la falta de mano de obra en Andaluc\u00eda<\/a>-elindependiente<a><br \/>\n<\/a><\/p>\n<p><b><\/b><strong>Actualidad<\/strong><br \/>\n<a href=\"https:\/\/www.google.com\/url?rct=j&amp;sa=t&amp;url=https:\/\/www.europapress.es\/andalucia\/noticia-experto-senala-cada-tres-familias-andaluzas-vive-situacion-riesgo-pobreza-20221110141952.html&amp;ct=ga&amp;cd=CAEYASoTMjU0NTYwNzQ1NTQ1MDczMzcyNzIZZDc4ZTU4NzVhMGYxZjJhYzplczplczpFUw&amp;usg=AOvVaw3-1eZlQLGBOLWSAUQGWDHl\" target=\"_blank\" rel=\"noopener\" data-saferedirecturl=\"https:\/\/www.google.com\/url?q=https:\/\/www.google.com\/url?rct%3Dj%26sa%3Dt%26url%3Dhttps:\/\/www.europapress.es\/andalucia\/noticia-experto-senala-cada-tres-familias-andaluzas-vive-situacion-riesgo-pobreza-20221110141952.html%26ct%3Dga%26cd%3DCAEYASoTMjU0NTYwNzQ1NTQ1MDczMzcyNzIZZDc4ZTU4NzVhMGYxZjJhYzplczplczpFUw%26usg%3DAOvVaw3-1eZlQLGBOLWSAUQGWDHl&amp;source=gmail&amp;ust=1668239262003000&amp;usg=AOvVaw1bHoRPhyTR9mFsRgwRggI4\">Experto se\u00f1ala que una de cada tres familias andaluzas vive en situaci\u00f3n de riesgo de pobreza-\u00a0<\/a><a>Europa Press<br \/>\n<\/a><a href=\"https:\/\/www.google.com\/url?rct=j&amp;sa=t&amp;url=https:\/\/www.sevilla.org\/actualidad\/noticias\/el-ayuntamiento-destina-430-000-euros-a-proyectos-de-entidades-que-impulsen-la-igualdad-de-oportunidades-entre-hombres-y-mujeres-la-erradicacion-de-la-prostitucion-la-trata-y-otras-formas-de-explotacion-sexual-y-la-lucha-contra-la-violencia-de-genero-1&amp;ct=ga&amp;cd=CAEYASoUMTc5MTc3ODY3MzY2OTY2MjY5MzIyGWUxZTc3ZDE1NjA5OGE4ZTM6ZXM6ZXM6RVM&amp;usg=AOvVaw0qC5BIXZzeQ9azld_uGx7K\" target=\"_blank\" rel=\"noopener\" data-saferedirecturl=\"https:\/\/www.google.com\/url?q=https:\/\/www.google.com\/url?rct%3Dj%26sa%3Dt%26url%3Dhttps:\/\/www.sevilla.org\/actualidad\/noticias\/el-ayuntamiento-destina-430-000-euros-a-proyectos-de-entidades-que-impulsen-la-igualdad-de-oportunidades-entre-hombres-y-mujeres-la-erradicacion-de-la-prostitucion-la-trata-y-otras-formas-de-explotacion-sexual-y-la-lucha-contra-la-violencia-de-genero-1%26ct%3Dga%26cd%3DCAEYASoUMTc5MTc3ODY3MzY2OTY2MjY5MzIyGWUxZTc3ZDE1NjA5OGE4ZTM6ZXM6ZXM6RVM%26usg%3DAOvVaw0qC5BIXZzeQ9azld_uGx7K&amp;source=gmail&amp;ust=1668500513541000&amp;usg=AOvVaw3LKMZhTS4agdZM6VkbyjSa\">El Ayuntamiento de Sevilla destina 430.000 euros a proyectos de entidades que impulsen la igualdad &#8230;-\u00a0<\/a><a>Ayuntamiento de Sevilla<br \/>\n<\/a><a class=\"title\" href=\"https:\/\/www.europapress.es\/andalucia\/cordoba-unica-01012\/noticia-medio-centenar-colectivos-asociaciones-mujeres-cordoba-dan-cita-xix-encuentro-provincial-20221114121352.html\" target=\"_blank\" rel=\"noopener\" data-artpy=\"0\" data-author=\"Europa Press\">Medio centenar de colectivos y asociaciones de mujeres de C\u00f3rdoba se dan cita en el XIX Encuentro Provincial<\/a>-europapress<a><br \/>\n<\/a><\/p>\n<p><strong>Violencias<br \/>\n<\/strong><a class=\"title\" href=\"https:\/\/www.europapress.es\/esandalucia\/almeria\/noticia-junta-apela-almeria-compromiso-colaboracion-administraciones-erradicar-violencia-machista-20221114120113.html\" target=\"_blank\" rel=\"noopener\" data-artpy=\"0\" data-author=\"Europa Press\">La Junta apela desde Almer\u00eda al \u00abcompromiso y colaboraci\u00f3n\u00bb de las administraciones para erradicar la violencia machista<\/a>-europapress<\/p>\n<p><strong>Ciencia y Cultura<br \/>\n<\/strong><a title=\"Las universidades p\u00fablicas andaluzas sit\u00faan a 420 investigadores en la \u00e9lite cient\u00edfica mundial m\u00e1s influyente\" href=\"https:\/\/www.juntadeandalucia.es\/presidencia\/portavoz\/educacion\/176710\/ConsejeriadeUniversidad\/universidadespublicas\/investigadores\/elitecientifica\">Las universidades p\u00fablicas andaluzas sit\u00faan a 420 investigadores en la \u00e9lite cient\u00edfica mundial m\u00e1s influyente<\/a>-juntadeandalucia<strong><br \/>\n<\/strong><a href=\"https:\/\/www.google.com\/url?rct=j&amp;sa=t&amp;url=https:\/\/www.canalsur.es\/rtva\/remedios-zafra-en-los-encuentros-digitales-de-canal-sur\/1872474.html&amp;ct=ga&amp;cd=CAEYACoTMTIzNzM4MzU2OTA2MjA2OTM1NzIbOWFiMWNkZDdlMzY2ZWYzODplczplczpFUzpS&amp;usg=AOvVaw1YndBpddk15xnOspJaTQOR\" target=\"_blank\" rel=\"noopener\" data-saferedirecturl=\"https:\/\/www.google.com\/url?q=https:\/\/www.google.com\/url?rct%3Dj%26sa%3Dt%26url%3Dhttps:\/\/www.canalsur.es\/rtva\/remedios-zafra-en-los-encuentros-digitales-de-canal-sur\/1872474.html%26ct%3Dga%26cd%3DCAEYACoTMTIzNzM4MzU2OTA2MjA2OTM1NzIbOWFiMWNkZDdlMzY2ZWYzODplczplczpFUzpS%26usg%3DAOvVaw1YndBpddk15xnOspJaTQOR&amp;source=gmail&amp;ust=1668500524432000&amp;usg=AOvVaw1mQ_XbzE4x-too9gzJILD8\">Remedios Zafra, en los \u00abEncuentros Digitales\u00bb de Canal Sur-\u00a0<\/a><a>Canal Sur<br \/>\n<\/a><a class=\"title\" href=\"https:\/\/www.murcia.com\/empresas\/noticias\/2022\/11\/10-catedra-recupera-la-poesia-completa-de-mariluz-escribano-pueo-la-gran-poeta-espanola-de-la-memoria-y-la-concordia-c.asp\" target=\"_blank\" rel=\"noopener\" data-artpy=\"0\" data-author=\"Murcia.com\">C\u00e1tedra recupera la poes\u00eda completa de Mariluz Escribano Pueo, la gran poeta espa\u00f1ola de la memoria y la concordia civil<\/a><strong>&#8211;<\/strong>murcia<br \/>\n<a href=\"https:\/\/www.google.com\/url?rct=j&amp;sa=t&amp;url=https:\/\/www.elmundo.es\/cultura\/musica\/2022\/11\/11\/636ce26afc6c836c328b45ac.html&amp;ct=ga&amp;cd=CAEYHyoUMTQ3Nzg5Mzc3NjMwNTM5ODQ0NzYyGWMwMzcyZWJjMmZlYWRhNTk6ZXM6ZXM6RVM&amp;usg=AOvVaw36I6W1vUWa7CWEUnI7b7Ix\" target=\"_blank\" rel=\"noopener\" data-saferedirecturl=\"https:\/\/www.google.com\/url?hl=es&amp;q=https:\/\/www.google.com\/url?rct%3Dj%26sa%3Dt%26url%3Dhttps:\/\/www.elmundo.es\/cultura\/musica\/2022\/11\/11\/636ce26afc6c836c328b45ac.html%26ct%3Dga%26cd%3DCAEYHyoUMTQ3Nzg5Mzc3NjMwNTM5ODQ0NzYyGWMwMzcyZWJjMmZlYWRhNTk6ZXM6ZXM6RVM%26usg%3DAOvVaw36I6W1vUWa7CWEUnI7b7Ix&amp;source=gmail&amp;ust=1668243559980000&amp;usg=AOvVaw0qBn9ETUJH1YvgYTDMqoZf\">Jedet: \u00abYo podr\u00eda ser una\u00a0mujer trans con ideales de derechas, no todo es blanco o negro\u00bb-\u00a0<\/a><a>El Mundo<br \/>\n<\/a><a class=\"title\" href=\"https:\/\/andaluciainformacion.es\/almeria\/1114850\/la-directora-italiana-tizza-covi-asegura-que-la-fama-es-mas-cruel-con-la-mujer\/\" target=\"_blank\" rel=\"noopener\" data-artpy=\"0\" data-author=\"Andaluc\u00eda Informaci\u00f3n\">La directora italiana Tizza Covi asegura que la fama es m\u00e1s cruel con la mujer<\/a>-andaluciainformacion<br \/>\n<a class=\"title\" href=\"https:\/\/www.noticiasdealmeria.com\/el-espectaculo-de-anabel-veloso-muestra-su-rechazo-a-la-violencia-de-genero\" target=\"_blank\" rel=\"noopener\" data-artpy=\"0\" data-author=\"Noticias de Almer\u00eda\">El espect\u00e1culo de Anabel Veloso muestra su rechazo a la violencia de g\u00e9nero<\/a>-noticiasdealmeria<br \/>\n<a class=\"title\" href=\"https:\/\/www.granadadigital.es\/monica-rouanet-men-marias-dibujo-cine-animacion-granada-noir\/\" target=\"_blank\" rel=\"noopener\" data-artpy=\"0\" data-author=\"Granada Digital\">M\u00f3nica Rouanet, Men Mar\u00edas, dibujo y cine de animaci\u00f3n en Granada Noir<\/a>-granadadigital<br \/>\n<a class=\"title\" href=\"https:\/\/www.msn.com\/es-es\/news\/fotos\/el-legado-de-adriana-garosci-el-hilo-que-une-a-las-faeneras-malague-c3-b1as-con-los-partisanos-antifascistas\/ar-AA144Eqe\" target=\"_blank\" rel=\"noopener\" data-artpy=\"0\" data-author=\"eldiario.es on MSN\">El legado de Adriana Garosci: el hilo que une a las faeneras malague\u00f1as con los partisanos antifascistas<\/a>-eldiario<br \/>\n<a class=\"title\" href=\"https:\/\/www.cineytele.com\/2022\/11\/14\/saint-omer-se-lleva-el-giraldillo-oro-del-festival-de-sevilla-2022-y-se-hace-con-el-premio-al-mejor-guion\/\" target=\"_blank\" rel=\"noopener\" data-artpy=\"0\" data-author=\"Cine y Tele\">Saint Omer\u2019 se lleva el Giraldillo Oro del Festival de Sevilla 2022 y se hace con el premio al mejor guion<\/a>-cineytele<a><br \/>\n<\/a><\/p>\n<p><strong>Deportes<br \/>\n<\/strong><a href=\"https:\/\/www.google.com\/url?rct=j&amp;sa=t&amp;url=https:\/\/www.malaga.es\/noticias\/com1_prt-1\/com1_md3_cd-46826\/las-conferencias-green-blue-se-estrenan-en-el-marco-del-andalucia-costa-del-sol-open-de-espana&amp;ct=ga&amp;cd=CAEYBioTMjU0NTYwNzQ1NTQ1MDczMzcyNzIZZDc4ZTU4NzVhMGYxZjJhYzplczplczpFUw&amp;usg=AOvVaw0Rttcaa1YMvgqdKD3RdFWR\" target=\"_blank\" rel=\"noopener\" data-saferedirecturl=\"https:\/\/www.google.com\/url?q=https:\/\/www.google.com\/url?rct%3Dj%26sa%3Dt%26url%3Dhttps:\/\/www.malaga.es\/noticias\/com1_prt-1\/com1_md3_cd-46826\/las-conferencias-green-blue-se-estrenan-en-el-marco-del-andalucia-costa-del-sol-open-de-espana%26ct%3Dga%26cd%3DCAEYBioTMjU0NTYwNzQ1NTQ1MDczMzcyNzIZZDc4ZTU4NzVhMGYxZjJhYzplczplczpFUw%26usg%3DAOvVaw0Rttcaa1YMvgqdKD3RdFWR&amp;source=gmail&amp;ust=1668239262004000&amp;usg=AOvVaw2vD5YCjTT4urGoq-6n6H25\">Las conferencias \u201cGreen &amp; Blue\u201d se estrenan en el marco del Andaluc\u00eda Costa del Sol Open &#8230;-<\/a><a>Diputaci\u00f3n de M\u00e1laga<br \/>\n<\/a><a class=\"title\" href=\"https:\/\/www.europapress.es\/esandalucia\/granada\/noticia-andalucia-pone-marcha-segunda-edicion-liga-educate-deporte-20221111110148.html\" target=\"_blank\" rel=\"noopener\" data-artpy=\"0\" data-author=\"Europa Press\">Andaluc\u00eda pone en marcha la segunda edici\u00f3n de la Liga Ed\u00facate en el Deporte<\/a>-europapress<\/p>\n<\/div>\n<\/div>\n<div id=\"\" class=\"lsow-panel lsow-active\">\n<h1 class=\"lsow-panel-title\">Estado<\/h1>\n<div class=\"lsow-panel-content\">\n<p><strong>Institucional<\/strong><br \/>\n<a href=\"https:\/\/www.google.com\/url?rct=j&amp;sa=t&amp;url=https:\/\/www.aecid.es\/ES\/Paginas\/Sala%2520de%2520Prensa\/Noticias\/2022\/2022_11\/SECICEPAL.aspx&amp;ct=ga&amp;cd=CAEYACoTNTU0NDI4MzgxMDYzMzg5MDc0NjIZNTlkNzgxNzEzNmEyZDAyODplczplczpFUw&amp;usg=AOvVaw3dDfmotJen_tMS99Us-iWf\" target=\"_blank\" rel=\"noopener\" data-saferedirecturl=\"https:\/\/www.google.com\/url?q=https:\/\/www.google.com\/url?rct%3Dj%26sa%3Dt%26url%3Dhttps:\/\/www.aecid.es\/ES\/Paginas\/Sala%252520de%252520Prensa\/Noticias\/2022\/2022_11\/SECICEPAL.aspx%26ct%3Dga%26cd%3DCAEYACoTNTU0NDI4MzgxMDYzMzg5MDc0NjIZNTlkNzgxNzEzNmEyZDAyODplczplczpFUw%26usg%3DAOvVaw3dDfmotJen_tMS99Us-iWf&amp;source=gmail&amp;ust=1668247078955000&amp;usg=AOvVaw0RSW0naTv3183ixYRqlwAT\">La Cooperaci\u00f3n Espa\u00f1ola refuerza pol\u00edticas p\u00fablicas de igualdad y prioriza el enfoque &#8230; &#8211;\u00a0<\/a><a>AECID<br \/>\n<\/a><a href=\"https:\/\/www.google.com\/url?rct=j&amp;sa=t&amp;url=https:\/\/www.lamoncloa.gob.es\/serviciosdeprensa\/notasprensa\/exteriores\/Paginas\/2022\/111122-foro-paris.aspx&amp;ct=ga&amp;cd=CAEYACoTODY2NTYwODU4OTA5MDM1OTM1MjIZNTlkNzgxNzEzNmEyZDAyODplczplczpFUw&amp;usg=AOvVaw2NrJadaO_m0XRjApWp_zZR\" target=\"_blank\" rel=\"noopener\" data-saferedirecturl=\"https:\/\/www.google.com\/url?q=https:\/\/www.google.com\/url?rct%3Dj%26sa%3Dt%26url%3Dhttps:\/\/www.lamoncloa.gob.es\/serviciosdeprensa\/notasprensa\/exteriores\/Paginas\/2022\/111122-foro-paris.aspx%26ct%3Dga%26cd%3DCAEYACoTODY2NTYwODU4OTA5MDM1OTM1MjIZNTlkNzgxNzEzNmEyZDAyODplczplczpFUw%26usg%3DAOvVaw2NrJadaO_m0XRjApWp_zZR&amp;source=gmail&amp;ust=1668500514254000&amp;usg=AOvVaw1Nj6-10FaHbeZ7xi9Bu8C8\">Albares destaca la pol\u00edtica exterior feminista como una se\u00f1a de identidad de Espa\u00f1a-\u00a0<\/a><a>La Moncloa<br \/>\n<\/a><a class=\"title\" href=\"https:\/\/www.elconfidencial.com\/espana\/2022-11-14\/maria-luisa-balaguer-candidata-presidir-tribunal-constitucional-entrevista_3521979\/\" target=\"_blank\" rel=\"noopener\" data-artpy=\"0\" data-author=\"El confidencial\">Mar\u00eda Luisa Balaguer, magistrada del Tribunal Constitucional :\u00bbEl Constitucional no est\u00e1 para pacificar conflictos pol\u00edticos y resuelve a toro pasado\u00bb<\/a>-elespa\u00f1ol<a><br \/>\n<\/a><a href=\"https:\/\/www.google.com\/url?rct=j&amp;sa=t&amp;url=https:\/\/www.europapress.es\/castilla-lamancha\/noticia-directora-instituto-mujeres-ministerio-igualdad-charla-lunes-toledo-aborto-20221113131848.html&amp;ct=ga&amp;cd=CAEYACoUMTQyMDEyNzk1NzA3MzM4MTEwNjkyGWMwMzcyZWJjMmZlYWRhNTk6ZXM6ZXM6RVM&amp;usg=AOvVaw1jItx1vAPrXnXxM7fUR0li\" target=\"_blank\" rel=\"noopener\" data-saferedirecturl=\"https:\/\/www.google.com\/url?q=https:\/\/www.google.com\/url?rct%3Dj%26sa%3Dt%26url%3Dhttps:\/\/www.europapress.es\/castilla-lamancha\/noticia-directora-instituto-mujeres-ministerio-igualdad-charla-lunes-toledo-aborto-20221113131848.html%26ct%3Dga%26cd%3DCAEYACoUMTQyMDEyNzk1NzA3MzM4MTEwNjkyGWMwMzcyZWJjMmZlYWRhNTk6ZXM6ZXM6RVM%26usg%3DAOvVaw1jItx1vAPrXnXxM7fUR0li&amp;source=gmail&amp;ust=1668500511096000&amp;usg=AOvVaw3gPazN0d-OX2q9euiKJXCT\">La directora del Instituto\u00a0de las\u00a0Mujeres charla hoy en Toledo sobre derechos y &#8230;-\u00a0<\/a><a>Europa Press<\/a><\/p>\n<p><strong>Institucional \u2013 CCAA<br \/>\n<\/strong><a href=\"https:\/\/www.google.com\/url?rct=j&amp;sa=t&amp;url=https:\/\/www.europapress.es\/illes-balears\/noticia-igualdad-destinara-15-millones-euros-crear-centros-crisis-24-horas-mujeres-victimas-violencia-sexual-20221110102740.html&amp;ct=ga&amp;cd=CAEYAyoUMTQ3Nzg5Mzc3NjMwNTM5ODQ0NzYyGWMwMzcyZWJjMmZlYWRhNTk6ZXM6ZXM6RVM&amp;usg=AOvVaw12COw1FW6STyqo_y-dSWwe\" target=\"_blank\" rel=\"noopener\" data-saferedirecturl=\"https:\/\/www.google.com\/url?q=https:\/\/www.google.com\/url?rct%3Dj%26sa%3Dt%26url%3Dhttps:\/\/www.europapress.es\/illes-balears\/noticia-igualdad-destinara-15-millones-euros-crear-centros-crisis-24-horas-mujeres-victimas-violencia-sexual-20221110102740.html%26ct%3Dga%26cd%3DCAEYAyoUMTQ3Nzg5Mzc3NjMwNTM5ODQ0NzYyGWMwMzcyZWJjMmZlYWRhNTk6ZXM6ZXM6RVM%26usg%3DAOvVaw12COw1FW6STyqo_y-dSWwe&amp;source=gmail&amp;ust=1668239261396000&amp;usg=AOvVaw1rzLx-ZIJkNDng7_GhUQ1t\">Presidencia<\/a><a href=\"https:\/\/www.google.com\/url?rct=j&amp;sa=t&amp;url=https:\/\/www.europapress.es\/illes-balears\/noticia-igualdad-destinara-15-millones-euros-crear-centros-crisis-24-horas-mujeres-victimas-violencia-sexual-20221110102740.html&amp;ct=ga&amp;cd=CAEYAyoUMTQ3Nzg5Mzc3NjMwNTM5ODQ0NzYyGWMwMzcyZWJjMmZlYWRhNTk6ZXM6ZXM6RVM&amp;usg=AOvVaw12COw1FW6STyqo_y-dSWwe\" target=\"_blank\" rel=\"noopener\" data-saferedirecturl=\"https:\/\/www.google.com\/url?q=https:\/\/www.google.com\/url?rct%3Dj%26sa%3Dt%26url%3Dhttps:\/\/www.europapress.es\/illes-balears\/noticia-igualdad-destinara-15-millones-euros-crear-centros-crisis-24-horas-mujeres-victimas-violencia-sexual-20221110102740.html%26ct%3Dga%26cd%3DCAEYAyoUMTQ3Nzg5Mzc3NjMwNTM5ODQ0NzYyGWMwMzcyZWJjMmZlYWRhNTk6ZXM6ZXM6RVM%26usg%3DAOvVaw12COw1FW6STyqo_y-dSWwe&amp;source=gmail&amp;ust=1668239261396000&amp;usg=AOvVaw1rzLx-ZIJkNDng7_GhUQ1t\">\u00a0del Gobierno Balear destinar\u00e1 1,5 millones de euros a crear centros de crisis 24 horas para mujeres en las &#8230;-\u00a0<\/a><a>Europa Press<\/a><a><br \/>\n<\/a><a href=\"https:\/\/www.google.com\/url?rct=j&amp;sa=t&amp;url=https:\/\/cadenaser.com\/castillalamancha\/2022\/11\/12\/castilla-la-mancha-va-a-contar-con-nuevos-tres-centros-de-mujeres-en-los-dos-proximos-anos-ser-ciudad-real\/&amp;ct=ga&amp;cd=CAEYACoUMTY4NDc4NDQ1ODY4MTQ0MjYwMzUyGWMwMzcyZWJjMmZlYWRhNTk6ZXM6ZXM6RVM&amp;usg=AOvVaw0t-LCFcZf5th9d2D22vGV5\" target=\"_blank\" rel=\"noopener\" data-saferedirecturl=\"https:\/\/www.google.com\/url?q=https:\/\/www.google.com\/url?rct%3Dj%26sa%3Dt%26url%3Dhttps:\/\/cadenaser.com\/castillalamancha\/2022\/11\/12\/castilla-la-mancha-va-a-contar-con-nuevos-tres-centros-de-mujeres-en-los-dos-proximos-anos-ser-ciudad-real\/%26ct%3Dga%26cd%3DCAEYACoUMTY4NDc4NDQ1ODY4MTQ0MjYwMzUyGWMwMzcyZWJjMmZlYWRhNTk6ZXM6ZXM6RVM%26usg%3DAOvVaw0t-LCFcZf5th9d2D22vGV5&amp;source=gmail&amp;ust=1668500513344000&amp;usg=AOvVaw3618P888hSLrVMi09hIPh2\">Castilla-La Mancha va a contar con tres nuevos centros de la mujer en los dos pr\u00f3ximos a\u00f1os-\u00a0<\/a><a>Cadena SER<br \/>\n<\/a><a href=\"https:\/\/www.google.com\/url?rct=j&amp;sa=t&amp;url=https:\/\/www.noticiasdegipuzkoa.eus\/sociedad\/2022\/11\/13\/euskadi-hay-focalizar-politica-igualdad-6215748.html&amp;ct=ga&amp;cd=CAEYACoTNzAxMzk3Nzk4NTEyODAwNjk1NjIZYzAzNzJlYmMyZmVhZGE1OTplczplczpFUw&amp;usg=AOvVaw2xAb4Ae7xL_Pm9Bz7yfaW7\" target=\"_blank\" rel=\"noopener\" data-saferedirecturl=\"https:\/\/www.google.com\/url?q=https:\/\/www.google.com\/url?rct%3Dj%26sa%3Dt%26url%3Dhttps:\/\/www.noticiasdegipuzkoa.eus\/sociedad\/2022\/11\/13\/euskadi-hay-focalizar-politica-igualdad-6215748.html%26ct%3Dga%26cd%3DCAEYACoTNzAxMzk3Nzk4NTEyODAwNjk1NjIZYzAzNzJlYmMyZmVhZGE1OTplczplczpFUw%26usg%3DAOvVaw2xAb4Ae7xL_Pm9Bz7yfaW7&amp;source=gmail&amp;ust=1668500513495000&amp;usg=AOvVaw14FOZ0_-GVcOq_U6850VVp\">En Euskadi hay que focalizar la pol\u00edtica de igualdad en los cargos de responsabilidad &#8230;-\u00a0<\/a><a>Noticias de Gipuzkoa<br \/>\n<\/a><a class=\"title\" href=\"https:\/\/www.msn.com\/es-es\/news\/espana\/ccoo-e-instituto-de-la-mujer-trabajan-en-diagnosticar-el-acoso-sexual-en-el-sector-de-la-ayuda-a-domicilio-de-c-lm\/ar-AA145tsS\" target=\"_blank\" rel=\"noopener\" data-artpy=\"0\" data-author=\"Europa Press on MSN\">CCOO e Instituto de la Mujer trabajan en diagnosticar el acoso sexual en el sector de la ayuda a domicilio de C-LM<\/a>-europapress<a><br \/>\n<\/a><\/p>\n<p><strong>Econom\u00eda y Empresa<\/strong><br \/>\n<a href=\"https:\/\/www.google.com\/url?rct=j&amp;sa=t&amp;url=https:\/\/amecopress.net\/Presentacion-II-Barometro-FEDEPE&amp;ct=ga&amp;cd=CAEYDCoTODUzNjE0NDA0MzQ4MDM0ODE5MTIZZTFlNzdkMTU2MDk4YThlMzplczplczpFUw&amp;usg=AOvVaw1Qtd44vi4vEID1gJU7Xtyz\" target=\"_blank\" rel=\"noopener\" data-saferedirecturl=\"https:\/\/www.google.com\/url?q=https:\/\/www.google.com\/url?rct%3Dj%26sa%3Dt%26url%3Dhttps:\/\/amecopress.net\/Presentacion-II-Barometro-FEDEPE%26ct%3Dga%26cd%3DCAEYDCoTODUzNjE0NDA0MzQ4MDM0ODE5MTIZZTFlNzdkMTU2MDk4YThlMzplczplczpFUw%26usg%3DAOvVaw1Qtd44vi4vEID1gJU7Xtyz&amp;source=gmail&amp;ust=1668239258544000&amp;usg=AOvVaw0Yr6V9y5-c-5G1gPFiZAEH\">Presentaci\u00f3n II Bar\u00f3metro FEDEPE &#8211;<\/a><a>Ameco Press<br \/>\n<\/a><a href=\"https:\/\/www.google.com\/url?rct=j&amp;sa=t&amp;url=https:\/\/www.lanzadigital.com\/castilla-la-mancha\/fademur-pide-en-el-senado-aprovechar-lo-aprendido-en-la-pandemia-para-ayudar-a-las-mujeres-de-los-pueblos\/&amp;ct=ga&amp;cd=CAEYACoUMTI5MjA2MDQ0NjEzODcyMDAyOTAyGWUxZTc3ZDE1NjA5OGE4ZTM6ZXM6ZXM6RVM&amp;usg=AOvVaw18oFAaRV1xFV_Y_9zSJbkG\" target=\"_blank\" rel=\"noopener\" data-saferedirecturl=\"https:\/\/www.google.com\/url?q=https:\/\/www.google.com\/url?rct%3Dj%26sa%3Dt%26url%3Dhttps:\/\/www.lanzadigital.com\/castilla-la-mancha\/fademur-pide-en-el-senado-aprovechar-lo-aprendido-en-la-pandemia-para-ayudar-a-las-mujeres-de-los-pueblos\/%26ct%3Dga%26cd%3DCAEYACoUMTI5MjA2MDQ0NjEzODcyMDAyOTAyGWUxZTc3ZDE1NjA5OGE4ZTM6ZXM6ZXM6RVM%26usg%3DAOvVaw18oFAaRV1xFV_Y_9zSJbkG&amp;source=gmail&amp;ust=1668239258556000&amp;usg=AOvVaw1wHcVu89CGcxG6m6KBW7nM\">FADEMUR pide en el Senado aprovechar lo aprendido en la pandemia para ayudar a las mujeres&#8230;-\u00a0<\/a><a>Lanza Digital<br \/>\n<\/a><a class=\"title\" href=\"https:\/\/agroinformacion.com\/1-200-mujeres-rurales-han-participado-en-el-desarrollo-rural-gracias-a-amfar\/\" target=\"_blank\" rel=\"noopener\" data-artpy=\"0\" data-author=\"Agroinformaci\u00f3n.com\">1.200 mujeres rurales han participado en el desarrollo rural gracias a Amfar<\/a>-agroinformacion<a><br \/>\n<\/a><a class=\"title\" href=\"https:\/\/www.alimarket.es\/alimentacion\/noticia\/360786\/dos-desarrollos-en-proteinas-alternativas-triunfan-en-los-premios-ewa-de-mujeres-emprendedoras\" target=\"_blank\" rel=\"noopener\" data-artpy=\"0\" data-author=\"Alimarket\">Dos desarrollos en prote\u00ednas alternativas triunfan en los premios EWA de mujeres emprendedoras<\/a>-alimarket<br \/>\n<a class=\"title\" href=\"https:\/\/www.equiposytalento.com\/noticias\/2022\/11\/14\/closingap-reflexiona-sobre-el-potencial-del-talento-femenino-como-palanca-del-crecimiento-economico\/\" target=\"_blank\" rel=\"noopener\" data-artpy=\"0\" data-author=\"Equipos y Talento\">ClosinGap reflexiona sobre el potencial del talento femenino como palanca del crecimiento econ\u00f3mico<\/a>-equipoytalento<br \/>\n<a href=\"https:\/\/elpais.com\/economia\/negocios\/2022-11-14\/la-pandemia-aflora-nuevas-mujeres-emprendedoras.html\">La pandemia aflora nuevas mujeres emprendedoras<\/a>-elpais<\/p>\n<p><strong>Actualidad<br \/>\n<\/strong><a href=\"https:\/\/www.google.com\/url?rct=j&amp;sa=t&amp;url=https:\/\/www.20minutos.es\/mujer\/mas-mujer\/montse-roura-ella-abanico-metido-cabeza-menopausia-vejez-mentira-5075453\/&amp;ct=ga&amp;cd=CAEYCioUMTQ3Nzg5Mzc3NjMwNTM5ODQ0NzYyGWMwMzcyZWJjMmZlYWRhNTk6ZXM6ZXM6RVM&amp;usg=AOvVaw2Pn-t3Av2W1jL0dv15GtN_\" target=\"_blank\" rel=\"noopener\" data-saferedirecturl=\"https:\/\/www.google.com\/url?q=https:\/\/www.google.com\/url?rct%3Dj%26sa%3Dt%26url%3Dhttps:\/\/www.20minutos.es\/mujer\/mas-mujer\/montse-roura-ella-abanico-metido-cabeza-menopausia-vejez-mentira-5075453\/%26ct%3Dga%26cd%3DCAEYCioUMTQ3Nzg5Mzc3NjMwNTM5ODQ0NzYyGWMwMzcyZWJjMmZlYWRhNTk6ZXM6ZXM6RVM%26usg%3DAOvVaw2Pn-t3Av2W1jL0dv15GtN_&amp;source=gmail&amp;ust=1668239261397000&amp;usg=AOvVaw0wdgj2uw4ACmiHJHEdH-oB\">Montse Roura, de &#8216;Ella y el Abanico&#8217;: \u201cNos han metido en la cabeza que la menopausia es el camino a la vejez&#8230;-\u00a0<\/a><a>20Minutos<br \/>\n<\/a><a href=\"https:\/\/www.google.com\/url?rct=j&amp;sa=t&amp;url=https:\/\/www.europapress.es\/internacional\/noticia-espana-colombia-firman-acuerdo-colaboracion-igualdad-20221113132127.html&amp;ct=ga&amp;cd=CAEYACoUMTI5OTgzMDcyMjczMTc2NzA2NDMyGTU5ZDc4MTcxMzZhMmQwMjg6ZXM6ZXM6RVM&amp;usg=AOvVaw2gwb_GBqqx8GACABzhUZ3Q\" target=\"_blank\" rel=\"noopener\" data-saferedirecturl=\"https:\/\/www.google.com\/url?q=https:\/\/www.google.com\/url?rct%3Dj%26sa%3Dt%26url%3Dhttps:\/\/www.europapress.es\/internacional\/noticia-espana-colombia-firman-acuerdo-colaboracion-igualdad-20221113132127.html%26ct%3Dga%26cd%3DCAEYACoUMTI5OTgzMDcyMjczMTc2NzA2NDMyGTU5ZDc4MTcxMzZhMmQwMjg6ZXM6ZXM6RVM%26usg%3DAOvVaw2gwb_GBqqx8GACABzhUZ3Q&amp;source=gmail&amp;ust=1668500510110000&amp;usg=AOvVaw2jhtijM_-vURBKIOUhQqm_\">Espa\u00f1a y Colombia firman un acuerdo de colaboraci\u00f3n sobre igualdad &#8211;<\/a>E<a>uropa Press<br \/>\n<\/a><a href=\"https:\/\/www.google.com\/url?rct=j&amp;sa=t&amp;url=https:\/\/www.elcorreo.com\/sociedad\/pobres-viven-cuatro-menos-anos-que-ricos-en-espana-20221111130658-nt.html&amp;ct=ga&amp;cd=CAEYAyoUMTEwNDgyMzcxMTcxMzk0NzQzNjgyGWMwMzcyZWJjMmZlYWRhNTk6ZXM6ZXM6RVM&amp;usg=AOvVaw3Bs8ca9sez3PBBH5W7-7wC\" target=\"_blank\" rel=\"noopener\" data-saferedirecturl=\"https:\/\/www.google.com\/url?q=https:\/\/www.google.com\/url?rct%3Dj%26sa%3Dt%26url%3Dhttps:\/\/www.elcorreo.com\/sociedad\/pobres-viven-cuatro-menos-anos-que-ricos-en-espana-20221111130658-nt.html%26ct%3Dga%26cd%3DCAEYAyoUMTEwNDgyMzcxMTcxMzk0NzQzNjgyGWMwMzcyZWJjMmZlYWRhNTk6ZXM6ZXM6RVM%26usg%3DAOvVaw3Bs8ca9sez3PBBH5W7-7wC&amp;source=gmail&amp;ust=1668500513264000&amp;usg=AOvVaw28CP0L_TwNexMf4Hfg8w-8\">Los pobres viven en Espa\u00f1a tres o cuatro a\u00f1os menos que los ricos &#8211;<\/a><a>El Correo<br \/>\n<\/a><a class=\"title\" href=\"https:\/\/www.diariodesevilla.es\/espana\/Reyes-Maroto-PSOE-Alcaldia-Madrid_0_1738626362.html\" target=\"_blank\" rel=\"noopener\" data-artpy=\"0\" data-author=\"Diario de Sevilla\">La ministra Reyes Maroto ser\u00e1 la candidata del PSOE a la Alcald\u00eda de Madrid<\/a>-diariodesevilla<br \/>\n<a class=\"title\" href=\"https:\/\/efeverde.com\/isis-riquelme-agua-tiene-una-deuda-mujeres\/\" target=\"_blank\" rel=\"noopener\" data-artpy=\"0\" data-author=\"EFEverde\">\u201cEl agua tiene una deuda con las mujeres\u00bb<\/a>-efeverde<a><br \/>\n<\/a><\/p>\n<p><strong>Violencias<br \/>\n<\/strong><a href=\"https:\/\/www.google.com\/url?rct=j&amp;sa=t&amp;url=https:\/\/elpais.com\/sociedad\/2022-11-10\/un-ojo-contra-los-hombres-que-acosan-sexualmente-en-el-trabajo.html&amp;ct=ga&amp;cd=CAEYACoTNDAzNTUxNzEzMzI1NDk3MDg3MDIZZTJkZWZhN2Q1ZGE5MTU3ZDplczplczpFUw&amp;usg=AOvVaw38ZJ5cFNOuZD1zNKUkQurh\" target=\"_blank\" rel=\"noopener\" data-saferedirecturl=\"https:\/\/www.google.com\/url?q=https:\/\/www.google.com\/url?rct%3Dj%26sa%3Dt%26url%3Dhttps:\/\/elpais.com\/sociedad\/2022-11-10\/un-ojo-contra-los-hombres-que-acosan-sexualmente-en-el-trabajo.html%26ct%3Dga%26cd%3DCAEYACoTNDAzNTUxNzEzMzI1NDk3MDg3MDIZZTJkZWZhN2Q1ZGE5MTU3ZDplczplczpFUw%26usg%3DAOvVaw38ZJ5cFNOuZD1zNKUkQurh&amp;source=gmail&amp;ust=1668239258486000&amp;usg=AOvVaw3oMqqLgExEJnC9Z4O6Vaqr\">Un observatorio para poner luz sobre los hombres que acosan sexualmente en el trabajo-\u00a0<\/a><a>El Pa\u00eds<br \/>\n<\/a><a href=\"https:\/\/www.google.com\/url?rct=j&amp;sa=t&amp;url=https:\/\/www.publico.es\/mujer\/74-condenas-espana-son-acoso-sexual-delito-afecta-ocho-millones-mujeres.html&amp;ct=ga&amp;cd=CAEYFyoUMTQ3Nzg5Mzc3NjMwNTM5ODQ0NzYyGWMwMzcyZWJjMmZlYWRhNTk6ZXM6ZXM6RVM&amp;usg=AOvVaw3OwsWHDTr5MPmEexNsqWTg\" target=\"_blank\" rel=\"noopener\" data-saferedirecturl=\"https:\/\/www.google.com\/url?hl=es&amp;q=https:\/\/www.google.com\/url?rct%3Dj%26sa%3Dt%26url%3Dhttps:\/\/www.publico.es\/mujer\/74-condenas-espana-son-acoso-sexual-delito-afecta-ocho-millones-mujeres.html%26ct%3Dga%26cd%3DCAEYFyoUMTQ3Nzg5Mzc3NjMwNTM5ODQ0NzYyGWMwMzcyZWJjMmZlYWRhNTk6ZXM6ZXM6RVM%26usg%3DAOvVaw3OwsWHDTr5MPmEexNsqWTg&amp;source=gmail&amp;ust=1668243559978000&amp;usg=AOvVaw3R7RslhluuTYqgqz6NdO2D\">Solo 74 condenas en Espa\u00f1a son por acoso sexual, un delito que afecta a ocho millones de mujeres<b>&#8211;\u00a0<\/b><\/a><a>P\u00fablico<br \/>\n<\/a><a class=\"title\" href=\"https:\/\/www.canalsur.es\/noticias\/andalucia\/elisa-garcia-mingo-sociologa-la-misoginia-ha-encontrado-refugio-en-internet\/1872098.html\" target=\"_blank\" rel=\"noopener\" data-artpy=\"0\" data-author=\"canalsur\">Elisa Garc\u00eda-Mingo, soci\u00f3loga: \u00abLa misoginia ha encontrado refugio en internet\u00bb<\/a>-canalsur<br \/>\n<a href=\"https:\/\/www.google.com\/url?rct=j&amp;sa=t&amp;url=https:\/\/www.laopiniondezamora.es\/ewoman-zamora\/2022\/11\/13\/mujeres-50-talento-sociedad-perderse-78483977.html&amp;ct=ga&amp;cd=CAEYACoUMTQ0NzcyNjQ5NTkzNjkyNTUwNTgyGWUxZTc3ZDE1NjA5OGE4ZTM6ZXM6ZXM6RVM&amp;usg=AOvVaw3bPGOsOzJ-GtfaB5lZCKhp\" target=\"_blank\" rel=\"noopener\" data-saferedirecturl=\"https:\/\/www.google.com\/url?q=https:\/\/www.google.com\/url?rct%3Dj%26sa%3Dt%26url%3Dhttps:\/\/www.laopiniondezamora.es\/ewoman-zamora\/2022\/11\/13\/mujeres-50-talento-sociedad-perderse-78483977.html%26ct%3Dga%26cd%3DCAEYACoUMTQ0NzcyNjQ5NTkzNjkyNTUwNTgyGWUxZTc3ZDE1NjA5OGE4ZTM6ZXM6ZXM6RVM%26usg%3DAOvVaw3bPGOsOzJ-GtfaB5lZCKhp&amp;source=gmail&amp;ust=1668500513639000&amp;usg=AOvVaw2jqQBeuQrg2T95a_84WC7o\">Las mujeres somos el 50% del talento de la sociedad y no puede perderse\u201d &#8211;\u00a0<\/a><a>La Opini\u00f3n de Zamora<br \/>\n<\/a><a href=\"https:\/\/www.google.com\/url?rct=j&amp;sa=t&amp;url=https:\/\/elpais.com\/planeta-futuro\/2022-11-14\/una-salida-a-las-violencias-que-acumulan-las-mujeres-migrantes.html&amp;ct=ga&amp;cd=CAEYASoUMTI5Nzc5MzMwMTc3Njc5MTg0NzUyGWUyZGVmYTdkNWRhOTE1N2Q6ZXM6ZXM6RVM&amp;usg=AOvVaw2JE9zgcqcElE_24YlELnGI\" target=\"_blank\" rel=\"noopener\" data-saferedirecturl=\"https:\/\/www.google.com\/url?q=https:\/\/www.google.com\/url?rct%3Dj%26sa%3Dt%26url%3Dhttps:\/\/elpais.com\/planeta-futuro\/2022-11-14\/una-salida-a-las-violencias-que-acumulan-las-mujeres-migrantes.html%26ct%3Dga%26cd%3DCAEYASoUMTI5Nzc5MzMwMTc3Njc5MTg0NzUyGWUyZGVmYTdkNWRhOTE1N2Q6ZXM6ZXM6RVM%26usg%3DAOvVaw2JE9zgcqcElE_24YlELnGI&amp;source=gmail&amp;ust=1668500511195000&amp;usg=AOvVaw2eU0cmUCLj-8Bis25GqYJ6\">Una salida a las violencias que acumulan las mujeres migrantes | Planeta Futuro &#8211;\u00a0<\/a><a>El Pa\u00eds<br \/>\n<\/a><\/p>\n<p><strong>Ciencia y Cultura<br \/>\n<\/strong><a class=\"title\" href=\"https:\/\/www.msn.com\/es-es\/news\/espana\/iceta-reserva-el-35-25-de-ayudas-al-cine-y-el-40-25-al-teatro-para-obras-hechas-por-mujeres\/ar-AA144NXv\" target=\"_blank\" rel=\"noopener\" data-artpy=\"0\" data-author=\"Voz Populi on MSN\">Iceta reserva el 35% de ayudas al cine y el 40% al teatro para obras hechas por mujeres<\/a>-vozpopuli<strong><br \/>\n<\/strong><a href=\"https:\/\/www.google.com\/url?rct=j&amp;sa=t&amp;url=https:\/\/www.equiposytalento.com\/noticias\/2022\/11\/11\/stematesella-un-impulso-para-el-talento-de-la-mujer-cientifica-en-su-nueva-edicion&amp;ct=ga&amp;cd=CAEYASoUMTU3MjU3MDc1ODYwMDc1OTQ4MDAyGWMwMzcyZWJjMmZlYWRhNTk6ZXM6ZXM6RVM&amp;usg=AOvVaw361dbZwC-NYtt_4w2-UAZZ\" target=\"_blank\" rel=\"noopener\" data-saferedirecturl=\"https:\/\/www.google.com\/url?q=https:\/\/www.google.com\/url?rct%3Dj%26sa%3Dt%26url%3Dhttps:\/\/www.equiposytalento.com\/noticias\/2022\/11\/11\/stematesella-un-impulso-para-el-talento-de-la-mujer-cientifica-en-su-nueva-edicion%26ct%3Dga%26cd%3DCAEYASoUMTU3MjU3MDc1ODYwMDc1OTQ4MDAyGWMwMzcyZWJjMmZlYWRhNTk6ZXM6ZXM6RVM%26usg%3DAOvVaw361dbZwC-NYtt_4w2-UAZZ&amp;source=gmail&amp;ust=1668241163344000&amp;usg=AOvVaw3WotXDWJO6hvBH3FjqeCBd\">#steMatEsElla, un impulso para el talento de la mujer cient\u00edfica en su nueva edici\u00f3n-\u00a0<\/a><a>Equipos &amp; Talento<br \/>\n<\/a><a class=\"title\" href=\"https:\/\/www.msn.com\/es-es\/finance\/economia\/espa-c3-b1a-aumenta-en-patentes-y-las-mujeres-inventoras-al-poder\/ar-AA13Z28v\" target=\"_blank\" rel=\"noopener\" data-artpy=\"0\" data-author=\"Qu\u00e9.es on MSN\">Espa\u00f1a aumenta en patentes y las mujeres inventoras al poder<\/a>-que<br \/>\n<a class=\"title\" href=\"https:\/\/www.europafm.com\/noticias\/musica\/bad-gyal-mejor-artista-espanola-premios-mtv-ema-2022_202211146371ed368746c3000139d4b3.html\" target=\"_blank\" rel=\"noopener\" data-artpy=\"0\" data-author=\"EUROPA FM\">Bad Gyal, mejor artista espa\u00f1ola en premios MTV EMAs 2022<\/a>-europafm<\/p>\n<p><strong>Deporte<br \/>\n<\/strong><a class=\"title\" href=\"https:\/\/www.sport.es\/es\/noticias\/balonmano\/guerreras-suenan-milagro-78492475\" target=\"_blank\" rel=\"noopener\" data-artpy=\"0\" data-author=\"Sport\">Las Guerreras fueron de m\u00e1s a menos y sue\u00f1an con un milagro<\/a>-sport<strong><br \/>\n<\/strong><a class=\"title\" href=\"https:\/\/www.msn.com\/es-es\/sports\/other\/women-in-bike-bate-en-2022-su-r-c3-a9cord-hist-c3-b3rico-de-participaci-c3-b3n\/ar-AA145o4G\" target=\"_blank\" rel=\"noopener\" data-artpy=\"0\" data-author=\"Europa Press on MSN\">&#8216;Women in Bike&#8217; bate en 2022 su r\u00e9cord hist\u00f3rico de participaci\u00f3n<\/a>-europapress<br \/>\n<a class=\"title\" href=\"https:\/\/www.msn.com\/es-es\/sports\/tenis\/garbi-c3-b1e-se-desahoga-en-la-roca-y-denuncia-el-machismo-en-el-tenis\/ar-AA145saj\" target=\"_blank\" rel=\"noopener\" data-artpy=\"0\" data-author=\"ESdiario on MSN\">Garbi\u00f1e se desahoga en &#8216;La Roca&#8217; y denuncia el machismo en el tenis<\/a>-esdiario<\/p>\n<\/div>\n<\/div>\n<div id=\"\" class=\"lsow-panel lsow-active\">\n<h1 class=\"lsow-panel-title\">Internacional<\/h1>\n<div class=\"lsow-panel-content\">\n<p><a class=\"title\" href=\"https:\/\/www.rtve.es\/noticias\/20221113\/natasa-pirc-musar-gana-presidenciales-eslovenia\/2408823.shtml\" target=\"_blank\" rel=\"noopener\" data-artpy=\"0\" data-author=\"RTVE\">Natasa Pirc Musar gana las elecciones y ser\u00e1 la primera mujer en presidir Eslovenia<\/a>-rtve<br \/>\n<a href=\"https:\/\/www.google.com\/url?rct=j&amp;sa=t&amp;url=https:\/\/www.segib.org\/segib-y-onu-mujeres-presentan-una-web-para-avanzar-en-igualdad-y-derechos-economicos-de-las-mujeres\/&amp;ct=ga&amp;cd=CAEYACoTNDkxNTc5NzI2NzM2OTYwOTIwNjIZNTlkNzgxNzEzNmEyZDAyODplczplczpFUw&amp;usg=AOvVaw0cMsdFFYhQeb4ohjJEXP5A\" target=\"_blank\" rel=\"noopener\" data-saferedirecturl=\"https:\/\/www.google.com\/url?q=https:\/\/www.google.com\/url?rct%3Dj%26sa%3Dt%26url%3Dhttps:\/\/www.segib.org\/segib-y-onu-mujeres-presentan-una-web-para-avanzar-en-igualdad-y-derechos-economicos-de-las-mujeres\/%26ct%3Dga%26cd%3DCAEYACoTNDkxNTc5NzI2NzM2OTYwOTIwNjIZNTlkNzgxNzEzNmEyZDAyODplczplczpFUw%26usg%3DAOvVaw0cMsdFFYhQeb4ohjJEXP5A&amp;source=gmail&amp;ust=1668239258419000&amp;usg=AOvVaw3ZA6w_pJI9P1IC7VOMS6wM\">Segib y Onu Mujeres presentan una web para avanzar en igualdad y derechos econ\u00f3micos &#8230;-\u00a0<\/a><a>SEGIB<br \/>\n<\/a><a class=\"title\" href=\"https:\/\/es-us.vida-estilo.yahoo.com\/incorporar-mujeres-%C3%A1rabes-mercado-laboral-105009737.html\" target=\"_blank\" rel=\"noopener\" data-artpy=\"0\" data-author=\"Yahoo Vida y Estilo Espa\u00f1a\">Incorporar mujeres \u00e1rabes al mercado laboral es justicia social y clim\u00e1tica<\/a>-yahoo<br \/>\n<a class=\"title\" href=\"https:\/\/www.msn.com\/es-es\/finance\/formacion-empleo\/por-qu-c3-a9-las-mujeres-en-puestos-de-poder-dimiten-m-c3-a1s-que-antes-y-c-c3-b3mo-pueden-evitarlo-las-empresas\/ar-AA145ijX\" target=\"_blank\" rel=\"noopener\" data-artpy=\"0\" data-author=\"Business Insider on MSN\">Por qu\u00e9 las mujeres en puestos de poder dimiten m\u00e1s que antes y c\u00f3mo pueden evitarlo las empresas<\/a>-businessinsider<br \/>\n<a class=\"title\" href=\"https:\/\/www.diariodemallorca.es\/mallorca\/2022\/11\/14\/doble-lucha-palestinas-defendemos-derechos-78509942.html\" target=\"_blank\" rel=\"noopener\" data-artpy=\"0\" data-author=\"Diario de Mallorca\">La doble lucha de las palestinas: \u00abDefendemos nuestros derechos y a la vez vivimos bajo ocupaci\u00f3n colonial\u00bb<\/a>-diariodemallorca<br \/>\n<a href=\"https:\/\/www.google.com\/url?rct=j&amp;sa=t&amp;url=https:\/\/www.telam.com.ar\/notas\/202211\/610325-videojuegos-mujeres-violencia-genero-gaming.html&amp;ct=ga&amp;cd=CAEYACoTOTAwMDgwMTg2MDcxMDc3MzAxNDIZZTJkZWZhN2Q1ZGE5MTU3ZDplczplczpFUw&amp;usg=AOvVaw0_LmuWCIlK8lRDMwAEqIqL\" target=\"_blank\" rel=\"noopener\" data-saferedirecturl=\"https:\/\/www.google.com\/url?q=https:\/\/www.google.com\/url?rct%3Dj%26sa%3Dt%26url%3Dhttps:\/\/www.telam.com.ar\/notas\/202211\/610325-videojuegos-mujeres-violencia-genero-gaming.html%26ct%3Dga%26cd%3DCAEYACoTOTAwMDgwMTg2MDcxMDc3MzAxNDIZZTJkZWZhN2Q1ZGE5MTU3ZDplczplczpFUw%26usg%3DAOvVaw0_LmuWCIlK8lRDMwAEqIqL&amp;source=gmail&amp;ust=1668239258450000&amp;usg=AOvVaw0ZzaJsBV5vQAUkEh3yqVeF\">Un escalofriante video visibiliza el acoso que sufren las mujeres en los videojuegos &#8211;\u00a0<\/a><a>T\u00e9lam<br \/>\n<\/a><a href=\"https:\/\/www.google.com\/url?rct=j&amp;sa=t&amp;url=https:\/\/www.elsoldedurango.com.mx\/local\/el-73-de-las-mujeres-en-mexico-tienen-miedo-de-estar-en-la-calle-inegi-9181187.html&amp;ct=ga&amp;cd=CAEYACoTNjk3NTE0OTk4MzQxNDUxMzY4NjIZYzAzNzJlYmMyZmVhZGE1OTplczplczpFUw&amp;usg=AOvVaw3Aa3GFdpDC04WUZX8eRA7H\" target=\"_blank\" rel=\"noopener\" data-saferedirecturl=\"https:\/\/www.google.com\/url?q=https:\/\/www.google.com\/url?rct%3Dj%26sa%3Dt%26url%3Dhttps:\/\/www.elsoldedurango.com.mx\/local\/el-73-de-las-mujeres-en-mexico-tienen-miedo-de-estar-en-la-calle-inegi-9181187.html%26ct%3Dga%26cd%3DCAEYACoTNjk3NTE0OTk4MzQxNDUxMzY4NjIZYzAzNzJlYmMyZmVhZGE1OTplczplczpFUw%26usg%3DAOvVaw3Aa3GFdpDC04WUZX8eRA7H&amp;source=gmail&amp;ust=1668500513453000&amp;usg=AOvVaw08JndmJJETmzd8ezIkJlCr\">El 73% de las mujeres en M\u00e9xico tienen miedo de estar en la calle: INEGI-\u00a0<\/a><a>El Sol de Durango<br \/>\n<\/a><a class=\"title\" href=\"https:\/\/www.infobae.com\/salud\/ciencia\/2022\/11\/14\/premio-loreal-unesco-por-las-mujeres-en-la-ciencia-2022-hoy-se-revela-quienes-son-las-cientificas-argentinas-galardonadas\/\" target=\"_blank\" rel=\"noopener\" data-artpy=\"0\" data-author=\"Infobae\">Premio L\u2019Oreal-UNESCO Por las Mujeres en la Ciencia 2022: hoy se revela qui\u00e9nes son las cient\u00edficas argentinas galardonadas<\/a>-infobae<a><br \/>\n<\/a><a class=\"title\" href=\"https:\/\/es.paperblog.com\/el-lugar-y-una-mujer-de-annie-ernaux-7282685\/\" target=\"_blank\" rel=\"noopener\" data-artpy=\"0\" data-author=\"Paperblog\">El lugar y Una mujer, de Annie Ernaux<\/a>-paperblog<br \/>\n<a class=\"title\" href=\"https:\/\/ladiaria.com.uy\/cultura\/articulo\/2022\/11\/bienal-de-venecia-con-10-de-artistas-hombres-frente-a-90-de-mujeres\/\" target=\"_blank\" rel=\"noopener\" data-artpy=\"0\" data-author=\"La diaria\">Bienal de Venecia con 10% de artistas hombres frente a 90% de mujeres<\/a>-ladiaria<br \/>\n<a class=\"title\" href=\"https:\/\/cadenaser.com\/audio\/1668171245254\/\" target=\"_blank\" rel=\"noopener\" data-artpy=\"0\" data-author=\"Cadena SER\">Mundial Qatar-Las reglas de un pa\u00eds en el que una mujer o un homosexual no son recibidos como astros del deporte<\/a>-ser<\/p>\n<\/div>\n<\/div>\n<\/div><\/div><\/div><\/div><\/div>\n","protected":false},"excerpt":{"rendered":"<p>La Cooperaci\u00f3n Espa\u00f1ola refuerza pol\u00edticas p\u00fablicas de igualdad y prioriza el enfoque transversal de g\u00e9nero para construir democracias de calidad * COP27 El agua tiene una deuda con las mujeres * Bad Gyal, mejor artista espa\u00f1ola en premios MTV EMAs 2022 * Natasa Pirc Musar, 1\u00aa mujer en presidir Eslovenia * Qatar, mujeres y equidad<\/p>\n","protected":false},"author":3,"featured_media":22909,"comment_status":"closed","ping_status":"closed","sticky":false,"template":"","format":"standard","meta":{"footnotes":""},"categories":[298,621],"tags":[259,272],"class_list":["post-17605","post","type-post","status-publish","format-standard","has-post-thumbnail","hentry","category-newsletter","category-nwl-3-0","tag-acoso-laboral","tag-cooperacion-feminista"],"yoast_head":"<!-- This site is optimized with the Yoast SEO plugin v27.5 - https:\/\/yoast.com\/product\/yoast-seo-wordpress\/ -->\n<title>Noticias Info CKL n\u00ba 2736-14\/11\/22 -Comunicar con perspectiva de g\u00e9nero<\/title>\n<meta name=\"description\" content=\"Noticias Info CKL n\u00ba 2736-14\/11\/22 La Cooperaci\u00f3n Espa\u00f1ola refuerza pol\u00edticas p\u00fablicas de igualdad y prioriza el enfoque transversal de g\u00e9nero para construir democracias de calidad * COP27 El agua tiene una deuda con las mujeres * Bad Gyal, mejor artista espa\u00f1ola en premios MTV EMAs 2022 * Natasa Pirc Musar, 1\u00aa mujer en presidir Eslovenia * Qatar, mujeres y equidad\" \/>\n<meta name=\"robots\" content=\"index, follow, max-snippet:-1, max-image-preview:large, max-video-preview:-1\" \/>\n<link rel=\"canonical\" href=\"https:\/\/cklcomunicaciones.es\/coop\/noticias-info-ckl-no-2736-14-11-22\/\" \/>\n<meta property=\"og:locale\" content=\"es_ES\" \/>\n<meta property=\"og:type\" content=\"article\" \/>\n<meta property=\"og:title\" content=\"Noticias Info CKL n\u00ba 2736-14\/11\/22 -Comunicar con perspectiva de g\u00e9nero\" \/>\n<meta property=\"og:description\" content=\"Noticias Info CKL n\u00ba 2736-14\/11\/22 La Cooperaci\u00f3n Espa\u00f1ola refuerza pol\u00edticas p\u00fablicas de igualdad y prioriza el enfoque transversal de g\u00e9nero para construir democracias de calidad * COP27 El agua tiene una deuda con las mujeres * Bad Gyal, mejor artista espa\u00f1ola en premios MTV EMAs 2022 * Natasa Pirc Musar, 1\u00aa mujer en presidir Eslovenia * Qatar, mujeres y equidad\" \/>\n<meta property=\"og:url\" content=\"https:\/\/cklcomunicaciones.es\/coop\/noticias-info-ckl-no-2736-14-11-22\/\" \/>\n<meta property=\"og:site_name\" content=\"CKL Comunicaciones\" \/>\n<meta property=\"article:published_time\" content=\"2022-11-14T12:56:20+00:00\" \/>\n<meta property=\"article:modified_time\" content=\"2025-02-08T20:02:45+00:00\" \/>\n<meta property=\"og:image\" content=\"https:\/\/cklcomunicaciones.es\/coop\/wp-content\/uploads\/2025\/01\/CKL-una-mirada-distinta-de-la-comunicacion.jpg\" \/>\n\t<meta property=\"og:image:width\" content=\"1482\" \/>\n\t<meta property=\"og:image:height\" content=\"775\" \/>\n\t<meta property=\"og:image:type\" content=\"image\/jpeg\" \/>\n<meta name=\"author\" content=\"ckl\" \/>\n<meta name=\"twitter:card\" content=\"summary_large_image\" \/>\n<meta name=\"twitter:label1\" content=\"Escrito por\" \/>\n\t<meta name=\"twitter:data1\" content=\"ckl\" \/>\n\t<meta name=\"twitter:label2\" content=\"Tiempo de lectura\" \/>\n\t<meta name=\"twitter:data2\" content=\"7 minutos\" \/>\n<script type=\"application\/ld+json\" class=\"yoast-schema-graph\">{\"@context\":\"https:\\\/\\\/schema.org\",\"@graph\":[{\"@type\":\"Article\",\"@id\":\"https:\\\/\\\/cklcomunicaciones.es\\\/coop\\\/noticias-info-ckl-no-2736-14-11-22\\\/#article\",\"isPartOf\":{\"@id\":\"https:\\\/\\\/cklcomunicaciones.es\\\/coop\\\/noticias-info-ckl-no-2736-14-11-22\\\/\"},\"author\":{\"name\":\"ckl\",\"@id\":\"https:\\\/\\\/cklcomunicaciones.es\\\/coop\\\/#\\\/schema\\\/person\\\/929a6837f7626450bbb50cee1aef266e\"},\"headline\":\"Noticias Info CKL n\u00ba 2736-14\\\/11\\\/22\",\"datePublished\":\"2022-11-14T12:56:20+00:00\",\"dateModified\":\"2025-02-08T20:02:45+00:00\",\"mainEntityOfPage\":{\"@id\":\"https:\\\/\\\/cklcomunicaciones.es\\\/coop\\\/noticias-info-ckl-no-2736-14-11-22\\\/\"},\"wordCount\":1356,\"image\":{\"@id\":\"https:\\\/\\\/cklcomunicaciones.es\\\/coop\\\/noticias-info-ckl-no-2736-14-11-22\\\/#primaryimage\"},\"thumbnailUrl\":\"https:\\\/\\\/cklcomunicaciones.es\\\/coop\\\/wp-content\\\/uploads\\\/2025\\\/01\\\/CKL-una-mirada-distinta-de-la-comunicacion.jpg\",\"keywords\":[\"acoso laboral\",\"cooperaci\u00f3n feminista\"],\"articleSection\":[\"Newsletter\",\"Nwl v3.0\"],\"inLanguage\":\"es\"},{\"@type\":\"WebPage\",\"@id\":\"https:\\\/\\\/cklcomunicaciones.es\\\/coop\\\/noticias-info-ckl-no-2736-14-11-22\\\/\",\"url\":\"https:\\\/\\\/cklcomunicaciones.es\\\/coop\\\/noticias-info-ckl-no-2736-14-11-22\\\/\",\"name\":\"Noticias Info CKL n\u00ba 2736-14\\\/11\\\/22 -Comunicar con perspectiva de g\u00e9nero\",\"isPartOf\":{\"@id\":\"https:\\\/\\\/cklcomunicaciones.es\\\/coop\\\/#website\"},\"primaryImageOfPage\":{\"@id\":\"https:\\\/\\\/cklcomunicaciones.es\\\/coop\\\/noticias-info-ckl-no-2736-14-11-22\\\/#primaryimage\"},\"image\":{\"@id\":\"https:\\\/\\\/cklcomunicaciones.es\\\/coop\\\/noticias-info-ckl-no-2736-14-11-22\\\/#primaryimage\"},\"thumbnailUrl\":\"https:\\\/\\\/cklcomunicaciones.es\\\/coop\\\/wp-content\\\/uploads\\\/2025\\\/01\\\/CKL-una-mirada-distinta-de-la-comunicacion.jpg\",\"datePublished\":\"2022-11-14T12:56:20+00:00\",\"dateModified\":\"2025-02-08T20:02:45+00:00\",\"author\":{\"@id\":\"https:\\\/\\\/cklcomunicaciones.es\\\/coop\\\/#\\\/schema\\\/person\\\/929a6837f7626450bbb50cee1aef266e\"},\"description\":\"Noticias Info CKL n\u00ba 2736-14\\\/11\\\/22 La Cooperaci\u00f3n Espa\u00f1ola refuerza pol\u00edticas p\u00fablicas de igualdad y prioriza el enfoque transversal de g\u00e9nero para construir democracias de calidad * COP27 El agua tiene una deuda con las mujeres * Bad Gyal, mejor artista espa\u00f1ola en premios MTV EMAs 2022 * Natasa Pirc Musar, 1\u00aa mujer en presidir Eslovenia * Qatar, mujeres y equidad\",\"breadcrumb\":{\"@id\":\"https:\\\/\\\/cklcomunicaciones.es\\\/coop\\\/noticias-info-ckl-no-2736-14-11-22\\\/#breadcrumb\"},\"inLanguage\":\"es\",\"potentialAction\":[{\"@type\":\"ReadAction\",\"target\":[\"https:\\\/\\\/cklcomunicaciones.es\\\/coop\\\/noticias-info-ckl-no-2736-14-11-22\\\/\"]}]},{\"@type\":\"ImageObject\",\"inLanguage\":\"es\",\"@id\":\"https:\\\/\\\/cklcomunicaciones.es\\\/coop\\\/noticias-info-ckl-no-2736-14-11-22\\\/#primaryimage\",\"url\":\"https:\\\/\\\/cklcomunicaciones.es\\\/coop\\\/wp-content\\\/uploads\\\/2025\\\/01\\\/CKL-una-mirada-distinta-de-la-comunicacion.jpg\",\"contentUrl\":\"https:\\\/\\\/cklcomunicaciones.es\\\/coop\\\/wp-content\\\/uploads\\\/2025\\\/01\\\/CKL-una-mirada-distinta-de-la-comunicacion.jpg\",\"width\":1482,\"height\":775,\"caption\":\"CKL - una mirada distinta de la comunicacion\"},{\"@type\":\"BreadcrumbList\",\"@id\":\"https:\\\/\\\/cklcomunicaciones.es\\\/coop\\\/noticias-info-ckl-no-2736-14-11-22\\\/#breadcrumb\",\"itemListElement\":[{\"@type\":\"ListItem\",\"position\":1,\"name\":\"Portada\",\"item\":\"https:\\\/\\\/cklcomunicaciones.es\\\/coop\\\/\"},{\"@type\":\"ListItem\",\"position\":2,\"name\":\"Noticias Info CKL n\u00ba 2736-14\\\/11\\\/22\"}]},{\"@type\":\"WebSite\",\"@id\":\"https:\\\/\\\/cklcomunicaciones.es\\\/coop\\\/#website\",\"url\":\"https:\\\/\\\/cklcomunicaciones.es\\\/coop\\\/\",\"name\":\"CKL Comunicaciones\",\"description\":\"Sitio web de CKL Comunicaciones coop , la consultora de comunicaci\u00f3n y estrategia\",\"potentialAction\":[{\"@type\":\"SearchAction\",\"target\":{\"@type\":\"EntryPoint\",\"urlTemplate\":\"https:\\\/\\\/cklcomunicaciones.es\\\/coop\\\/?s={search_term_string}\"},\"query-input\":{\"@type\":\"PropertyValueSpecification\",\"valueRequired\":true,\"valueName\":\"search_term_string\"}}],\"inLanguage\":\"es\"},{\"@type\":\"Person\",\"@id\":\"https:\\\/\\\/cklcomunicaciones.es\\\/coop\\\/#\\\/schema\\\/person\\\/929a6837f7626450bbb50cee1aef266e\",\"name\":\"ckl\",\"image\":{\"@type\":\"ImageObject\",\"inLanguage\":\"es\",\"@id\":\"https:\\\/\\\/secure.gravatar.com\\\/avatar\\\/c82db564e8a669bf6023357a157b9dc4780f4d4c618f2ad1d71a6a5dede45057?s=96&d=mm&r=g\",\"url\":\"https:\\\/\\\/secure.gravatar.com\\\/avatar\\\/c82db564e8a669bf6023357a157b9dc4780f4d4c618f2ad1d71a6a5dede45057?s=96&d=mm&r=g\",\"contentUrl\":\"https:\\\/\\\/secure.gravatar.com\\\/avatar\\\/c82db564e8a669bf6023357a157b9dc4780f4d4c618f2ad1d71a6a5dede45057?s=96&d=mm&r=g\",\"caption\":\"ckl\"},\"url\":\"https:\\\/\\\/cklcomunicaciones.es\\\/coop\\\/author\\\/cklcomunicaciones\\\/\"}]}<\/script>\n<!-- \/ Yoast SEO plugin. -->","yoast_head_json":{"title":"Noticias Info CKL n\u00ba 2736-14\/11\/22 -Comunicar con perspectiva de g\u00e9nero","description":"Noticias Info CKL n\u00ba 2736-14\/11\/22 La Cooperaci\u00f3n Espa\u00f1ola refuerza pol\u00edticas p\u00fablicas de igualdad y prioriza el enfoque transversal de g\u00e9nero para construir democracias de calidad * COP27 El agua tiene una deuda con las mujeres * Bad Gyal, mejor artista espa\u00f1ola en premios MTV EMAs 2022 * Natasa Pirc Musar, 1\u00aa mujer en presidir Eslovenia * Qatar, mujeres y equidad","robots":{"index":"index","follow":"follow","max-snippet":"max-snippet:-1","max-image-preview":"max-image-preview:large","max-video-preview":"max-video-preview:-1"},"canonical":"https:\/\/cklcomunicaciones.es\/coop\/noticias-info-ckl-no-2736-14-11-22\/","og_locale":"es_ES","og_type":"article","og_title":"Noticias Info CKL n\u00ba 2736-14\/11\/22 -Comunicar con perspectiva de g\u00e9nero","og_description":"Noticias Info CKL n\u00ba 2736-14\/11\/22 La Cooperaci\u00f3n Espa\u00f1ola refuerza pol\u00edticas p\u00fablicas de igualdad y prioriza el enfoque transversal de g\u00e9nero para construir democracias de calidad * COP27 El agua tiene una deuda con las mujeres * Bad Gyal, mejor artista espa\u00f1ola en premios MTV EMAs 2022 * Natasa Pirc Musar, 1\u00aa mujer en presidir Eslovenia * Qatar, mujeres y equidad","og_url":"https:\/\/cklcomunicaciones.es\/coop\/noticias-info-ckl-no-2736-14-11-22\/","og_site_name":"CKL Comunicaciones","article_published_time":"2022-11-14T12:56:20+00:00","article_modified_time":"2025-02-08T20:02:45+00:00","og_image":[{"width":1482,"height":775,"url":"https:\/\/cklcomunicaciones.es\/coop\/wp-content\/uploads\/2025\/01\/CKL-una-mirada-distinta-de-la-comunicacion.jpg","type":"image\/jpeg"}],"author":"ckl","twitter_card":"summary_large_image","twitter_misc":{"Escrito por":"ckl","Tiempo de lectura":"7 minutos"},"schema":{"@context":"https:\/\/schema.org","@graph":[{"@type":"Article","@id":"https:\/\/cklcomunicaciones.es\/coop\/noticias-info-ckl-no-2736-14-11-22\/#article","isPartOf":{"@id":"https:\/\/cklcomunicaciones.es\/coop\/noticias-info-ckl-no-2736-14-11-22\/"},"author":{"name":"ckl","@id":"https:\/\/cklcomunicaciones.es\/coop\/#\/schema\/person\/929a6837f7626450bbb50cee1aef266e"},"headline":"Noticias Info CKL n\u00ba 2736-14\/11\/22","datePublished":"2022-11-14T12:56:20+00:00","dateModified":"2025-02-08T20:02:45+00:00","mainEntityOfPage":{"@id":"https:\/\/cklcomunicaciones.es\/coop\/noticias-info-ckl-no-2736-14-11-22\/"},"wordCount":1356,"image":{"@id":"https:\/\/cklcomunicaciones.es\/coop\/noticias-info-ckl-no-2736-14-11-22\/#primaryimage"},"thumbnailUrl":"https:\/\/cklcomunicaciones.es\/coop\/wp-content\/uploads\/2025\/01\/CKL-una-mirada-distinta-de-la-comunicacion.jpg","keywords":["acoso laboral","cooperaci\u00f3n feminista"],"articleSection":["Newsletter","Nwl v3.0"],"inLanguage":"es"},{"@type":"WebPage","@id":"https:\/\/cklcomunicaciones.es\/coop\/noticias-info-ckl-no-2736-14-11-22\/","url":"https:\/\/cklcomunicaciones.es\/coop\/noticias-info-ckl-no-2736-14-11-22\/","name":"Noticias Info CKL n\u00ba 2736-14\/11\/22 -Comunicar con perspectiva de g\u00e9nero","isPartOf":{"@id":"https:\/\/cklcomunicaciones.es\/coop\/#website"},"primaryImageOfPage":{"@id":"https:\/\/cklcomunicaciones.es\/coop\/noticias-info-ckl-no-2736-14-11-22\/#primaryimage"},"image":{"@id":"https:\/\/cklcomunicaciones.es\/coop\/noticias-info-ckl-no-2736-14-11-22\/#primaryimage"},"thumbnailUrl":"https:\/\/cklcomunicaciones.es\/coop\/wp-content\/uploads\/2025\/01\/CKL-una-mirada-distinta-de-la-comunicacion.jpg","datePublished":"2022-11-14T12:56:20+00:00","dateModified":"2025-02-08T20:02:45+00:00","author":{"@id":"https:\/\/cklcomunicaciones.es\/coop\/#\/schema\/person\/929a6837f7626450bbb50cee1aef266e"},"description":"Noticias Info CKL n\u00ba 2736-14\/11\/22 La Cooperaci\u00f3n Espa\u00f1ola refuerza pol\u00edticas p\u00fablicas de igualdad y prioriza el enfoque transversal de g\u00e9nero para construir democracias de calidad * COP27 El agua tiene una deuda con las mujeres * Bad Gyal, mejor artista espa\u00f1ola en premios MTV EMAs 2022 * Natasa Pirc Musar, 1\u00aa mujer en presidir Eslovenia * Qatar, mujeres y equidad","breadcrumb":{"@id":"https:\/\/cklcomunicaciones.es\/coop\/noticias-info-ckl-no-2736-14-11-22\/#breadcrumb"},"inLanguage":"es","potentialAction":[{"@type":"ReadAction","target":["https:\/\/cklcomunicaciones.es\/coop\/noticias-info-ckl-no-2736-14-11-22\/"]}]},{"@type":"ImageObject","inLanguage":"es","@id":"https:\/\/cklcomunicaciones.es\/coop\/noticias-info-ckl-no-2736-14-11-22\/#primaryimage","url":"https:\/\/cklcomunicaciones.es\/coop\/wp-content\/uploads\/2025\/01\/CKL-una-mirada-distinta-de-la-comunicacion.jpg","contentUrl":"https:\/\/cklcomunicaciones.es\/coop\/wp-content\/uploads\/2025\/01\/CKL-una-mirada-distinta-de-la-comunicacion.jpg","width":1482,"height":775,"caption":"CKL - una mirada distinta de la comunicacion"},{"@type":"BreadcrumbList","@id":"https:\/\/cklcomunicaciones.es\/coop\/noticias-info-ckl-no-2736-14-11-22\/#breadcrumb","itemListElement":[{"@type":"ListItem","position":1,"name":"Portada","item":"https:\/\/cklcomunicaciones.es\/coop\/"},{"@type":"ListItem","position":2,"name":"Noticias Info CKL n\u00ba 2736-14\/11\/22"}]},{"@type":"WebSite","@id":"https:\/\/cklcomunicaciones.es\/coop\/#website","url":"https:\/\/cklcomunicaciones.es\/coop\/","name":"CKL Comunicaciones","description":"Sitio web de CKL Comunicaciones coop , la consultora de comunicaci\u00f3n y estrategia","potentialAction":[{"@type":"SearchAction","target":{"@type":"EntryPoint","urlTemplate":"https:\/\/cklcomunicaciones.es\/coop\/?s={search_term_string}"},"query-input":{"@type":"PropertyValueSpecification","valueRequired":true,"valueName":"search_term_string"}}],"inLanguage":"es"},{"@type":"Person","@id":"https:\/\/cklcomunicaciones.es\/coop\/#\/schema\/person\/929a6837f7626450bbb50cee1aef266e","name":"ckl","image":{"@type":"ImageObject","inLanguage":"es","@id":"https:\/\/secure.gravatar.com\/avatar\/c82db564e8a669bf6023357a157b9dc4780f4d4c618f2ad1d71a6a5dede45057?s=96&d=mm&r=g","url":"https:\/\/secure.gravatar.com\/avatar\/c82db564e8a669bf6023357a157b9dc4780f4d4c618f2ad1d71a6a5dede45057?s=96&d=mm&r=g","contentUrl":"https:\/\/secure.gravatar.com\/avatar\/c82db564e8a669bf6023357a157b9dc4780f4d4c618f2ad1d71a6a5dede45057?s=96&d=mm&r=g","caption":"ckl"},"url":"https:\/\/cklcomunicaciones.es\/coop\/author\/cklcomunicaciones\/"}]}},"_links":{"self":[{"href":"https:\/\/cklcomunicaciones.es\/coop\/wp-json\/wp\/v2\/posts\/17605","targetHints":{"allow":["GET"]}}],"collection":[{"href":"https:\/\/cklcomunicaciones.es\/coop\/wp-json\/wp\/v2\/posts"}],"about":[{"href":"https:\/\/cklcomunicaciones.es\/coop\/wp-json\/wp\/v2\/types\/post"}],"author":[{"embeddable":true,"href":"https:\/\/cklcomunicaciones.es\/coop\/wp-json\/wp\/v2\/users\/3"}],"replies":[{"embeddable":true,"href":"https:\/\/cklcomunicaciones.es\/coop\/wp-json\/wp\/v2\/comments?post=17605"}],"version-history":[{"count":0,"href":"https:\/\/cklcomunicaciones.es\/coop\/wp-json\/wp\/v2\/posts\/17605\/revisions"}],"wp:featuredmedia":[{"embeddable":true,"href":"https:\/\/cklcomunicaciones.es\/coop\/wp-json\/wp\/v2\/media\/22909"}],"wp:attachment":[{"href":"https:\/\/cklcomunicaciones.es\/coop\/wp-json\/wp\/v2\/media?parent=17605"}],"wp:term":[{"taxonomy":"category","embeddable":true,"href":"https:\/\/cklcomunicaciones.es\/coop\/wp-json\/wp\/v2\/categories?post=17605"},{"taxonomy":"post_tag","embeddable":true,"href":"https:\/\/cklcomunicaciones.es\/coop\/wp-json\/wp\/v2\/tags?post=17605"}],"curies":[{"name":"wp","href":"https:\/\/api.w.org\/{rel}","templated":true}]}}