{"id":17579,"date":"2022-07-06T12:23:47","date_gmt":"2022-07-06T10:23:47","guid":{"rendered":"https:\/\/www.cklcomunicaciones.es\/?p=16663"},"modified":"2025-02-09T08:53:38","modified_gmt":"2025-02-09T07:53:38","slug":"noticias-info-ckl-2698-06-07-22","status":"publish","type":"post","link":"https:\/\/cklcomunicaciones.es\/coop\/noticias-info-ckl-2698-06-07-22\/","title":{"rendered":"Noticias Info CKL n\u00ba 2698-06\/07\/22"},"content":{"rendered":"<div class=\"fusion-fullwidth fullwidth-box fusion-builder-row-1 fusion-flex-container nonhundred-percent-fullwidth non-hundred-percent-height-scrolling\" style=\"--awb-border-radius-top-left:0px;--awb-border-radius-top-right:0px;--awb-border-radius-bottom-right:0px;--awb-border-radius-bottom-left:0px;--awb-flex-wrap:wrap;\" ><div class=\"fusion-builder-row fusion-row fusion-flex-align-items-flex-start fusion-flex-content-wrap\" style=\"max-width:1248px;margin-left: calc(-4% \/ 2 );margin-right: calc(-4% \/ 2 );\"><div class=\"fusion-layout-column fusion_builder_column fusion-builder-column-0 fusion_builder_column_1_1 1_1 fusion-flex-column\" style=\"--awb-bg-blend:overlay;--awb-bg-size:cover;--awb-width-large:100%;--awb-margin-top-large:0px;--awb-spacing-right-large:1.92%;--awb-margin-bottom-large:0px;--awb-spacing-left-large:1.92%;--awb-width-medium:100%;--awb-spacing-right-medium:1.92%;--awb-spacing-left-medium:1.92%;--awb-width-small:100%;--awb-spacing-right-small:1.92%;--awb-spacing-left-small:1.92%;\"><div class=\"fusion-column-wrapper fusion-flex-justify-content-flex-start fusion-content-layout-column\"><div class=\"fusion-text fusion-text-1\"><h1>Convocatorias<\/h1>\n<div id=\"\" class=\"lsow-panel lsow-active\">\n<div class=\"lsow-panel-content\">\n<ul>\n<li>Charla \u2018Autoestima con perspectiva de g\u00e9nero\u2019. PeriF\u00e9ricas, Escuela de feminismos alternativos. 12 de julio a las 19h.\u00a0<a href=\"https:\/\/docs.google.com\/forms\/d\/e\/1FAIpQLSfGwiE5Py1KFgY2sUtPYiCc3NfPpktMMEMvYFE1iO9obOz-eQ\/viewform\" target=\"_blank\" rel=\"noopener\" data-saferedirecturl=\"https:\/\/www.google.com\/url?q=https:\/\/docs.google.com\/forms\/d\/e\/1FAIpQLSfGwiE5Py1KFgY2sUtPYiCc3NfPpktMMEMvYFE1iO9obOz-eQ\/viewform&amp;source=gmail&amp;ust=1657102251287000&amp;usg=AOvVaw00jQei0bJUZCNAmrpsHvse\">Inscripciones<\/a><\/li>\n<li>2\u00aa edici\u00f3n del Certamen Internacional de Microrrelatos \u00c1ngeles \u00c1lvarez Arazola \u2018Con M de Mujer\u2019. Asociaci\u00f3n de Mujeres Progresistas\u00a0contra la\u00a0Discriminaci\u00f3n y la\u00a0Violencia de G\u00e9nero de Ja\u00e9n. Plazo de presentaci\u00f3n: del 6 de julio al 1 de noviembre.\u00a0<a href=\"mailto:certamenangelesalvarez@gmail.com\" target=\"_blank\" rel=\"noopener\">Informaci\u00f3n<\/a>.<\/li>\n<li>2\u00aa edici\u00f3n de GENERAMMA, Festival de Cine Realizado por Mujeres.\u00a0Asociaci\u00f3n Andaluza de Mujeres de los Medios Audiovisuales (AAMMA).\u00a0Del 7 al 11 de septiembre.\u00a0<a href=\"https:\/\/generammafestival.com\/\" target=\"_blank\" rel=\"noopener\" data-saferedirecturl=\"https:\/\/www.google.com\/url?q=https:\/\/generammafestival.com\/&amp;source=gmail&amp;ust=1657178286482000&amp;usg=AOvVaw3hlz_EWjNto-AFtTm8FH4l\">Informaci\u00f3n.<\/a><\/li>\n<\/ul>\n<\/div>\n<\/div>\n<div id=\"\" class=\"lsow-panel lsow-active\">\n<h1 class=\"lsow-panel-title\">Comunicaci\u00f3n, Publicidad y TICs<\/h1>\n<div class=\"lsow-panel-content\">\n<p class=\"result__title\"><a class=\"result__a\" href=\"https:\/\/www.msn.com\/es-es\/entertainment\/tv\/mar-c3-ada-rey-confiesa-los-violentos-episodios-machistas-que-sufri-c3-b3-en-sus-inicios\/ar-AAZfwzF\" rel=\"noopener\">Mar\u00eda Rey confiesa los violentos episodios machistas que sufri\u00f3 en sus inicios<\/a>-esdiario<br \/>\n<a class=\"result__a\" href=\"https:\/\/www.elciudadanoweb.com\/periodicas-un-medio-de-comunicacion-cooperativo-y-trasnfeminista-del-litoral\/\" rel=\"noopener\">\u00abPeri\u00f3dicas\u00bb: un medio de comunicaci\u00f3n cooperativo y trasnfeminista del Litoral<\/a>-elciudadano<br \/>\n<a class=\"result__a\" href=\"https:\/\/www.mundiario.com\/articulo\/analisis-opinion\/papel-tinta-pasion-escrita-libros-que-nos-recuerdan-inicios-nada-faciles-mujer-periodismo\/20220706052838245922.html\" rel=\"noopener\">Papel y tinta y Una pasi\u00f3n escrita: Dos libros que nos recuerdan los inicios nada f\u00e1ciles de la mujer en el periodismo<\/a>-mundodiario<br \/>\n<a class=\"result__a\" href=\"https:\/\/www.msn.com\/es-es\/entretenimiento\/tv\/una-experta-en-el-metaverso-describe-las-grandes-barreras-a-las-que-se-enfrentan-las-mujeres-al-entrar-en-la-web3-y-dice-que-se-sinti%C3%B3-intimidada-al-empezar\/ar-AAZcFFM\" rel=\"noopener\">Una experta en el metaverso describe las \u00abgrandes barreras\u00bb a las que se enfrentan las mujeres al entrar en la Web3 y dice que se sinti\u00f3 \u00abintimidada\u00bb al empezar<\/a>-msn<\/p>\n<\/div>\n<\/div>\n<div id=\"\" class=\"lsow-panel lsow-active\">\n<h1 class=\"lsow-panel-title\">Andaluc\u00eda<\/h1>\n<div class=\"lsow-panel-content\">\n<p><strong>Institucional<br \/>\n<\/strong><a title=\"Moreno anuncia nuevas ayudas para incentivar la contrataci\u00f3n y formaci\u00f3n de 18.000 j\u00f3venes andaluces\" href=\"https:\/\/www.juntadeandalucia.es\/presidencia\/portavoz\/gobiernoaldia\/173554\/FormacionProfesional\/Empleo\/Jovenes\/AnuarioJolyAndalucia\/Innovacion\/InteligenciaArtificial\/Aeronautica\/JuanmaMoreno\/presidente\/JuntadeAndalucia\">Moreno anuncia nuevas ayudas para incentivar la contrataci\u00f3n y formaci\u00f3n de 18.000 j\u00f3venes andaluces<\/a>-juntadeandalucia<\/p>\n<p><strong>Econom\u00eda y Empresas<br \/>\n<\/strong><a class=\"result__a\" href=\"https:\/\/www.msn.com\/es-es\/news\/espana\/c-c3-b3rdoba-acoge-el-i-foro-de-mujeres-de-cooperativas-agroalimentarias\/ar-AAZeflq\" rel=\"noopener\">C\u00f3rdoba acoge el I Foro de mujeres de cooperativas agroalimentarias<\/a>-europapress<br \/>\n<a class=\"result__a\" href=\"https:\/\/www.larazon.es\/andalucia\/20220705\/p3vie3u2enfl5ogaecssdjalgy.html\" rel=\"noopener\">Condena al Ayuntamiento de \u00c9cija por discriminaci\u00f3n salarial a las funcionarias-<\/a>larazondigital<br \/>\n<a class=\"result__a\" href=\"https:\/\/www.msn.com\/es-es\/noticias\/espana\/andaluc%C3%ADa-pelea-por-convertir-en-oportunidad-el-cambio-de-orden-econ%C3%B3mico\/ar-AAZe6Xy\" rel=\"noopener\">Andaluc\u00eda pelea por convertir en oportunidad el cambio de orden econ\u00f3mico<\/a>-msn<br \/>\n<a href=\"https:\/\/www.diariodesevilla.es\/andalucia\/Movilizacion-trabajadores-Andalucia-exigir-salarial_0_1699330515.html\">Movilizaci\u00f3n de trabajadores en Andaluc\u00eda para exigir subidas salariales-\u00a0<\/a>diariodesevilla<\/p>\n<p><strong>Actualidad<br \/>\n<\/strong><a class=\"result__a\" href=\"https:\/\/www.msn.com\/es-es\/news\/espana\/eurodiputada-lina-g-c3-a1lvez-psoe-critica-que-m-c3-a1s-del-38-25-de-la-poblaci-c3-b3n-andaluza-est-c3-a9-en-riesgo-de-pobreza-y-exclusi-c3-b3n\/ar-AAZdND5\" rel=\"noopener\">Eurodiputada Lina G\u00e1lvez (PSOE) critica que \u00abm\u00e1s del 38% de la poblaci\u00f3n andaluza est\u00e9 en riesgo de pobreza y exclusi\u00f3n\u00bb<\/a>-europapress<br \/>\n<a class=\"result__a\" href=\"https:\/\/sevilla.abc.es\/andalucia\/opositores-andalucia-mujeres-anos-cinco-anos-experiencia-20220705200201-nts.html\" rel=\"noopener\">Los opositores de Andaluc\u00eda: mujeres, con 37 a\u00f1os y menos de cinco a\u00f1os de experiencia laboral<\/a>-abc<br \/>\n<a title=\"Igualdad refuerza el presupuesto de las escuelas de verano para atender a m\u00e1s de 6.700 menores\" href=\"https:\/\/www.juntadeandalucia.es\/presidencia\/portavoz\/social\/173557\/Igualdad\/Menores\/EscuelasdeVerano\/PobrezaInfantil\/RocioRuiz\">Igualdad refuerza el presupuesto de las escuelas de verano para atender a m\u00e1s de 6.700 menores<\/a>-juntadeandalucia<\/p>\n<p><strong>Violencias<br \/>\n<\/strong><a href=\"https:\/\/www.google.com\/url?rct=j&amp;sa=t&amp;url=https:\/\/www.europapress.es\/andalucia\/sevilla-00357\/noticia-junta-garantiza-unidad-medios-necesarios-luchar-contra-violencia-machista-caso-sevilla-20220704133850.html&amp;ct=ga&amp;cd=CAEYACoTMTgwNzk5NDgwMjY2MDk1MzU0NTIbOWFiMWNkZDdlMzY2ZWYzODplczplczpFUzpS&amp;usg=AOvVaw2nns0SQ_obOxWsgDrFAsdw\" target=\"_blank\" rel=\"noopener\" data-saferedirecturl=\"https:\/\/www.google.com\/url?q=https:\/\/www.google.com\/url?rct%3Dj%26sa%3Dt%26url%3Dhttps:\/\/www.europapress.es\/andalucia\/sevilla-00357\/noticia-junta-garantiza-unidad-medios-necesarios-luchar-contra-violencia-machista-caso-sevilla-20220704133850.html%26ct%3Dga%26cd%3DCAEYACoTMTgwNzk5NDgwMjY2MDk1MzU0NTIbOWFiMWNkZDdlMzY2ZWYzODplczplczpFUzpS%26usg%3DAOvVaw2nns0SQ_obOxWsgDrFAsdw&amp;source=gmail&amp;ust=1657102251279000&amp;usg=AOvVaw1Zj-kMgXZN6sfg17wCzVmW\">La Junta garantiza \u00abunidad y los medios \u00abnecesarios\u00bb para \u00abluchar\u00bb contra la violencia &#8230;-\u00a0<\/a><a>Europa Press<\/a><\/p>\n<p><strong>Ciencia y Cultura<br \/>\n<\/strong><a href=\"https:\/\/www.google.com\/url?rct=j&amp;sa=t&amp;url=https:\/\/www.diariodealmeria.es\/almeria\/UAL-informatica-III-Campus-Tecnologico_0_1698731556.html&amp;ct=ga&amp;cd=CAEYASoTMTgwNzk5NDgwMjY2MDk1MzU0NTIbOWFiMWNkZDdlMzY2ZWYzODplczplczpFUzpS&amp;usg=AOvVaw0PFbA24uepZh3td7ODI8jr\" target=\"_blank\" rel=\"noopener\" data-saferedirecturl=\"https:\/\/www.google.com\/url?q=https:\/\/www.google.com\/url?rct%3Dj%26sa%3Dt%26url%3Dhttps:\/\/www.diariodealmeria.es\/almeria\/UAL-informatica-III-Campus-Tecnologico_0_1698731556.html%26ct%3Dga%26cd%3DCAEYASoTMTgwNzk5NDgwMjY2MDk1MzU0NTIbOWFiMWNkZDdlMzY2ZWYzODplczplczpFUzpS%26usg%3DAOvVaw0PFbA24uepZh3td7ODI8jr&amp;source=gmail&amp;ust=1657102251279000&amp;usg=AOvVaw2r7hvzj_R8Bsme25wFIQfr\">La UAL fomenta los estudios de inform\u00e1tica con el III Campus Tecnol\u00f3gico para chicas-\u00a0<\/a><a>Diario de Almer\u00eda<br \/>\n<\/a><a class=\"result__a\" href=\"https:\/\/www.canalsur.es\/rtva\/canal-sur-entregara-el-premio-cineasta-andaluza-en-la-proxima-edicion-del-festival-de-cine-realizado-por-mujeres-generamma\/1843187.html\" rel=\"noopener\">Canal Sur entregar\u00e1 el \u00abPremio Cineasta Andaluza\u00bb en la pr\u00f3xima edici\u00f3n del Festival de Cine realizado por Mujeres \u00abGeneramma\u00bb<\/a>-canalsur<br \/>\n<a class=\"result__a\" href=\"https:\/\/www.huelvainformacion.es\/ocio\/Espana-Seccion-Oficial-Cine-Luna_0_1698731239.html\" rel=\"noopener\">&#8216;A las mujeres de Espa\u00f1a&#8217; abre la Secci\u00f3n Oficial de Cine bajo la Luna<\/a>-huelvainformacion<br \/>\n<a class=\"result__a\" href=\"https:\/\/andaluciainformacion.es\/estepona\/1061591\/las-fedra-y-medea-de-cadiz-triunfan-con-una-tragedia-muy-humoristica\/\" rel=\"noopener\">Las Fedra y Medea de C\u00e1diz triunfan con una tragedia muy humor\u00edstica<\/a>-andaluciainformacion<br \/>\n<a class=\"result__a\" href=\"https:\/\/www.msn.com\/es-es\/news\/espana\/la-cultura-andaluza-reivindica-su-acento-para-contar-su-historia-y-hacer-industria\/ar-AAZfdZh\" rel=\"noopener\">La cultura andaluza reivindica su acento para contar su historia y hacer industria<\/a>-elconfidencial<a>\u00a0<\/a><\/p>\n<p><strong>Deportes<br \/>\n<\/strong><a class=\"result__a\" href=\"https:\/\/www.msn.com\/es-es\/finance\/economia\/el-gobierno-destina-23-millones-de-euros-a-andaluc-c3-ada-para-el-impulso-de-la-igualdad-y-la-inclusi-c3-b3n-en-el-deporte\/ar-AAZefAu\" rel=\"noopener\">El Gobierno destina 2,3 millones de euros a Andaluc\u00eda \u00abpara el impulso de la igualdad y la inclusi\u00f3n en el deporte\u00bb<\/a>-europapress<br \/>\n<a class=\"result__a\" href=\"https:\/\/eldesmarque.com\/cadiz\/polideportivo\/deporte-andaluz\/199026-manana-arranca-en-la-bahia-de-cadiz-el-campeonato-de-espana-por-equipos-de-autonomias\" rel=\"noopener\">Ma\u00f1ana arranca en la bah\u00eda de C\u00e1diz el Campeonato de Espa\u00f1a por Equipos de Autonom\u00edas<\/a>-eldesmarque<\/p>\n<\/div>\n<\/div>\n<div id=\"\" class=\"lsow-panel lsow-active\">\n<h1 class=\"lsow-panel-title\">Estado<\/h1>\n<div class=\"lsow-panel-content\">\n<p><strong>Institucional<br \/>\n<\/strong><a class=\"result__a\" href=\"https:\/\/www.diariodecadiz.es\/sociedad\/Darias-VIH-problema-publica-Espana_0_1699030561.html\" rel=\"noopener\">Darias cree que el VIH deje de ser un problema de salud p\u00fablica en Espa\u00f1a en 2030<\/a>-diariodecadiz<\/p>\n<p><strong>Institucional \u2013 CCAA<br \/>\n<\/strong><a class=\"result__a\" href=\"https:\/\/www.elperiodic.com\/valencia\/president-generalitat-ximo-puig-entregara-premio-julio-gonzalez-ivam-carmen-calvo_835604\" rel=\"noopener\">El president de la Generalitat, Ximo Puig, entregar\u00e1 el Premio Julio Gonz\u00e1lez del IVAM a Carmen Calvo<\/a>-elperiodic<br \/>\n<a class=\"result__a\" href=\"https:\/\/www.infoconstruccion.es\/noticias\/20220705\/incorporar-mejer-construccion-lignum-tech\" rel=\"noopener\">Un proyecto p\u00fablico-privado incorporar\u00e1 a la mujer a la construcci\u00f3n en la Espa\u00f1a vaciada &#8211;\u00a0<\/a>infoconstruccion<\/p>\n<p><strong>Econom\u00eda y Empresa<br \/>\n<\/strong><a class=\"result__a\" href=\"https:\/\/andaluciainformacion.es\/andalucia\/1061431\/la-desigualdad-economica-afecta-tambien-a-estereotipos-sobre-hombres-y-mujeres\/\" rel=\"noopener\">La desigualdad econ\u00f3mica afecta tambi\u00e9n a estereotipos sobre hombres y mujeres<\/a>-andaluciainformacion<br \/>\n<a class=\"result__a\" href=\"https:\/\/www.bolsamania.com\/noticias\/mercados\/economiafinanzas--bbva-se-fija-el-objetivo-de-alcanzar-el-35-de-mujeres-en-puestos-directivos-para-2024--10115643.html\" rel=\"noopener\">BBVA se fija el objetivo de alcanzar el 35% de mujeres en puestos directivos para 2024-\u00a0<\/a>bolsamania<br \/>\n<a href=\"https:\/\/www.elespanol.com\/eldigitalcastillalamancha\/opinion\/el-comentario\/20220704\/avance-cooperativas-no-posible-sin-mujeres\/685051491_12.html\">El avance de las cooperativas no es posible sin las mujeres-\u00a0<\/a>digitalcastillalamancha<br \/>\n<a href=\"https:\/\/www.naiz.eus\/eu\/info\/noticia\/20220702\/en-las-cooperativas-hacemos-una-redistribucion-equitativa-de-la-riqueza\">Rosa Lav\u00edn,\u00a0Presidenta de Konfekoop:\u00a0\u00abEn las cooperativas hacemos una redistribuci\u00f3n equitativa de la riqueza<\/a>-naiz<br \/>\n<a class=\"result__a\" href=\"https:\/\/www.compromisorse.com\/rse\/2022\/07\/06\/gonzalo-sanchez-pwc-vamos-a-necesitar-todo-el-talento-femenino-para-afrontar-el-proximo-ciclo-economico\/\" rel=\"noopener\">Clausura del programa Women to Watch de PwC<\/a>-compromisorse<\/p>\n<p><strong>Actualidad<br \/>\n<\/strong><a href=\"https:\/\/www.google.com\/url?rct=j&amp;sa=t&amp;url=https:\/\/www.laverdad.es\/sociedad\/solo-si-comenzara-aplicarse-agosto-20220705175116-ntrc.html&amp;ct=ga&amp;cd=CAEYACoTMTk2MTY2Nzg5MjAwNTUzOTc0NzIZZTFlNzdkMTU2MDk4YThlMzplczplczpFUw&amp;usg=AOvVaw3KTySH69VMf0cYzyEOci5P\" target=\"_blank\" rel=\"noopener\" data-saferedirecturl=\"https:\/\/www.google.com\/url?q=https:\/\/www.google.com\/url?rct%3Dj%26sa%3Dt%26url%3Dhttps:\/\/www.laverdad.es\/sociedad\/solo-si-comenzara-aplicarse-agosto-20220705175116-ntrc.html%26ct%3Dga%26cd%3DCAEYACoTMTk2MTY2Nzg5MjAwNTUzOTc0NzIZZTFlNzdkMTU2MDk4YThlMzplczplczpFUw%26usg%3DAOvVaw3KTySH69VMf0cYzyEOci5P&amp;source=gmail&amp;ust=1657102249968000&amp;usg=AOvVaw0uFP0NyzaOFDPa1-FPf6hB\">El &#8216;solo s\u00ed es s\u00ed&#8217; comenzar\u00e1 a aplicarse en agosto &#8211;<\/a><a>La Verdad<br \/>\n<\/a><a class=\"result__a\" href=\"https:\/\/www.msn.com\/es-es\/news\/espana\/mari-c3-a1ngeles-dur-c3-a1n-advierte-que-la-conciliaci-c3-b3n-sigue-siendo-extraordinariamente-dif-c3-adcil-para-la-mujer\/ar-AAZdYQl\" rel=\"noopener\">Mari \u00c1ngeles Dur\u00e1n, soci\u00f3loga advierte que la conciliaci\u00f3n \u00absigue siendo extraordinariamente dif\u00edcil\u00bb para la mujer<\/a>-europapress<\/p>\n<p><strong>Violencias<br \/>\n<\/strong><a href=\"https:\/\/www.google.com\/url?rct=j&amp;sa=t&amp;url=https:\/\/www.europapress.es\/epsocial\/igualdad\/noticia-casi-medio-centenar-mujeres-menores-21-anos-sido-asesinadas-espana-violencia-genero-2003-20220704190415.html&amp;ct=ga&amp;cd=CAEYACoUMTIxNDM4NjA4NjAxNjQ5ODUzNzQyGWUxZTc3ZDE1NjA5OGE4ZTM6ZXM6ZXM6RVM&amp;usg=AOvVaw0Kt1kKRXKNRfWsBg6X45M2\" target=\"_blank\" rel=\"noopener\" data-saferedirecturl=\"https:\/\/www.google.com\/url?q=https:\/\/www.google.com\/url?rct%3Dj%26sa%3Dt%26url%3Dhttps:\/\/www.europapress.es\/epsocial\/igualdad\/noticia-casi-medio-centenar-mujeres-menores-21-anos-sido-asesinadas-espana-violencia-genero-2003-20220704190415.html%26ct%3Dga%26cd%3DCAEYACoUMTIxNDM4NjA4NjAxNjQ5ODUzNzQyGWUxZTc3ZDE1NjA5OGE4ZTM6ZXM6ZXM6RVM%26usg%3DAOvVaw0Kt1kKRXKNRfWsBg6X45M2&amp;source=gmail&amp;ust=1657102249955000&amp;usg=AOvVaw3c2xy6fkSqAybojYoqGslC\">Casi medio centenar de mujeres menores de 21 a\u00f1os han sido asesinadas en Espa\u00f1a por &#8230;-\u00a0<\/a><a>Europa Press<br \/>\n<\/a><a href=\"https:\/\/www.google.com\/url?rct=j&amp;sa=t&amp;url=https:\/\/www.europapress.es\/epsocial\/igualdad\/noticia-016-registro-mayo-8851-llamadas-cifra-mas-alta-mes-mayo-puesta-marcha-20220704152305.html&amp;ct=ga&amp;cd=CAEYACoUMTE5MzI0NjAzOTcwNzcwNzM4NDEyGTU5ZDc4MTcxMzZhMmQwMjg6ZXM6ZXM6RVM&amp;usg=AOvVaw32OsYlX4mxNS03DSu-ic7d\" target=\"_blank\" rel=\"noopener\" data-saferedirecturl=\"https:\/\/www.google.com\/url?q=https:\/\/www.google.com\/url?rct%3Dj%26sa%3Dt%26url%3Dhttps:\/\/www.europapress.es\/epsocial\/igualdad\/noticia-016-registro-mayo-8851-llamadas-cifra-mas-alta-mes-mayo-puesta-marcha-20220704152305.html%26ct%3Dga%26cd%3DCAEYACoUMTE5MzI0NjAzOTcwNzcwNzM4NDEyGTU5ZDc4MTcxMzZhMmQwMjg6ZXM6ZXM6RVM%26usg%3DAOvVaw32OsYlX4mxNS03DSu-ic7d&amp;source=gmail&amp;ust=1657102249846000&amp;usg=AOvVaw1dRbDh2nNXE4mb4mH5zkM-\">El 016 registr\u00f3 en mayo 8.851 llamadas, la cifra m\u00e1s alta en un mes de mayo desde su &#8230;-\u00a0<\/a><a>Europa Press<\/a><\/p>\n<p><strong>Ciencia y Cultura<br \/>\n<\/strong><a href=\"https:\/\/www.google.com\/url?rct=j&amp;sa=t&amp;url=https:\/\/www.diariosigloxxi.com\/texto-ep\/mostrar\/20220704114550\/morant-subraya-apoyo-gobierno-encomiable-labor-cientificas-fundacion-mujeres-africa&amp;ct=ga&amp;cd=CAEYASoUMTY1OTE3NzQ3MDU2ODQ5NzExODAyGWMwMzcyZWJjMmZlYWRhNTk6ZXM6ZXM6RVM&amp;usg=AOvVaw0AtKSjS00tM0KWmR_DgAn8\" target=\"_blank\" rel=\"noopener\" data-saferedirecturl=\"https:\/\/www.google.com\/url?q=https:\/\/www.google.com\/url?rct%3Dj%26sa%3Dt%26url%3Dhttps:\/\/www.diariosigloxxi.com\/texto-ep\/mostrar\/20220704114550\/morant-subraya-apoyo-gobierno-encomiable-labor-cientificas-fundacion-mujeres-africa%26ct%3Dga%26cd%3DCAEYASoUMTY1OTE3NzQ3MDU2ODQ5NzExODAyGWMwMzcyZWJjMmZlYWRhNTk6ZXM6ZXM6RVM%26usg%3DAOvVaw0AtKSjS00tM0KWmR_DgAn8&amp;source=gmail&amp;ust=1657102243527000&amp;usg=AOvVaw1Wp0ndjQMcGWrqT3BOo-Yc\">Morant subraya el apoyo del Gobierno a la \u00abencomiable labor\u00bb de las cient\u00edficas &#8230; &#8211;\u00a0<\/a><a>Diario Siglo XXI<br \/>\n<\/a><a class=\"result__a\" href=\"https:\/\/www.desdesoria.es\/2022\/07\/05\/la-ministra-de-educacion-inaugura-manana-en-soria-el-ii-congreso-internacional-de-genero-y-educacion\/\" rel=\"noopener\">La ministra de Educaci\u00f3n, Pilar Alegria, inaugura ma\u00f1ana en Soria el II Congreso Internacional de G\u00e9nero y Educaci\u00f3n<\/a>-desdesorias<br \/>\n<a class=\"result__a\" href=\"https:\/\/www.msn.com\/es-es\/entertainment\/noticias\/las-mujeres-protagonistas-de-los-premios-princesa-de-girona-cinco-ganadoras-por-primera-vez\/ar-AAZdenV\" rel=\"noopener\">Las mujeres, protagonistas de los Premios Princesa de Girona: cinco ganadoras por primera vez<\/a><a>-elespa\u00f1ol<br \/>\n<\/a><a class=\"result__a\" href=\"https:\/\/www.businessinsider.es\/samsung-desarrolladoras-programa-gratuito-forma-mujeres-trabajar-sector-tic-1085451\" rel=\"noopener\">Ap\u00fantate a Samsung DesArrolladoras, el programa gratuito que forma en cada edici\u00f3n a 1.000 mujeres para trabajar en el sector tecnol\u00f3gico<\/a>-businessinsider<br \/>\n<a class=\"result__a\" href=\"https:\/\/www.eldiario.es\/extremadura\/cultura\/safo-musas-llegan-festival-poner-papel-femenino_1_9143351.html\" rel=\"noopener\">Safo y sus musas llegan al Festival para poner en valor el papel femenino<\/a>-eldiario<br \/>\n<a class=\"result__a\" href=\"https:\/\/www.msn.com\/es-es\/travel\/ideas-de-viajes\/el-bellas-artes-recupera-el-arte-de-las-mujeres-en-la-espa-c3-b1a-de-1804-a-1939-a-trav-c3-a9s-de-obras-de-70-creadoras\/ar-AAZ2D14\" rel=\"noopener\">El Bellas Artes de Valencia recupera el arte de las mujeres en la Espa\u00f1a de 1804 a 1939 a trav\u00e9s de obras de 70 creadoras-<\/a>20minutos<br \/>\n<a class=\"result__a\" href=\"https:\/\/valenciaplaza.com\/la-unas-de-ana-locking-se-convierten-en-una-coleccion-de-nfts\" rel=\"noopener\">La u\u00f1as de Ana Locking se convierten en una colecci\u00f3n de NFTs<\/a>-valenciaplaza<br \/>\n<a href=\"https:\/\/elpais.com\/cultura\/2022-07-06\/la-novela-postuma-de-almudena-grandes-todo-va-a-mejorar-llegara-en-otono.html\">La novela p\u00f3stuma de Almudena Grandes, \u2018Todo va a mejorar\u2019 llegar\u00e1 en oto\u00f1o<\/a>-elpais<\/p>\n<p><strong>Deporte<br \/>\n<\/strong><a class=\"result__a\" href=\"https:\/\/www.diariosigloxxi.com\/texto-ep\/mostrar\/20220705185054\/ccaa-dispondran-179-millones-impulsar-igualdad-e-inclusion-deporte\" rel=\"noopener\">Las CCAA dispondr\u00e1n de 17,9 millones para impulsar la igualdad e inclusi\u00f3n en el deporte<\/a>-diariosigloxxi<br \/>\n<a class=\"result__a\" href=\"https:\/\/www.elperiodico.com\/es\/deportes\/20220705\/profesionalizacion-futbol-femenino-reto-recorrido-largo-14004248\" rel=\"noopener\">La profesionalizaci\u00f3n del f\u00fatbol femenino, un reto de largo recorrido<\/a>-elperiodico<br \/>\n<a class=\"result__a\" href=\"https:\/\/www.cope.es\/deportes\/futbol\/futbol-femenino\/noticias\/alexia-putellas-pierde-europeo-por-una-lesion-ligamento-cruzado-rodilla-izquierda-20220705_2182045\" rel=\"noopener\">Alexia Putellas se pierde el Europeo por una lesi\u00f3n en el ligamento cruzado de su rodilla izquierda<\/a>-cope<br \/>\n<a class=\"result__a\" href=\"https:\/\/www.rtve.es\/rtve\/20220705\/eurocopa-femenina-futbol-se-juega-rtve\/2386712.shtml\" rel=\"noopener\">La Eurocopa femenina de f\u00fatbol se juega en RTVE<\/a>-rtve<\/p>\n<\/div>\n<\/div>\n<div id=\"\" class=\"lsow-panel lsow-active\">\n<h1 class=\"lsow-panel-title\">Internacional<\/h1>\n<div class=\"lsow-panel-content\">\n<p class=\"result__title\"><a class=\"result__a\" href=\"https:\/\/www.msn.com\/es-es\/finance\/noticias\/podcast-treinta-y-tres-de-500-las-ceo-que-han-roto-el-techo-de-cristal-en-el-s-26p\/ar-AAZf8yt\" rel=\"noopener\">Treinta y tres de 500: las CEO que han roto el techo de cristal en el S&amp;P<\/a>-informaci\u00f3n<br \/>\n<a class=\"result__a\" href=\"https:\/\/yancuic.com\/2022\/07\/05\/la-economia-de-los-cuidados-en-mexico-tarea-femenina-y-ausencia-del-estado\/\" rel=\"noopener\">La econom\u00eda de los cuidados en M\u00e9xico: tarea femenina y ausencia del Estado<\/a>-yancuic-<br \/>\n<a class=\"result__a\" href=\"https:\/\/www.publimetro.co\/noticias\/2022\/07\/05\/de-seis-ministerios-que-ya-asigno-gustavo-petro-cuatro-fueron-a-mujeres\/\" rel=\"noopener\">De seis ministerios que ya asign\u00f3 Gustavo Petro, cuatro fueron a mujeres<\/a>-publimetro<br \/>\n<a class=\"result__a\" href=\"https:\/\/www.abc.es\/ciencia\/abci-ucraniana-maryna-viazovska-medalla-fields-forma-empaquetar-naranjas-202207051355_noticia.html\" rel=\"noopener\">La ucraniana Maryna Viazovska, medalla Fields por su forma de &#8216;empaquetar naranjas&#8217;<\/a>-abc<br \/>\n<a class=\"result__a\" href=\"https:\/\/diario.mx\/estados-unidos\/luchan-mujeres-en-estados-unidos-contra-el-aborto-20220704-1947416.html\" rel=\"noopener\">Luchan mujeres en Estados Unidos contra el aborto<\/a>-diario<br \/>\n<a class=\"result__a\" href=\"https:\/\/www.eldia.com\/nota\/2022-7-6-1-57-8-frida-kahlo-115-anos-de-una-figura-iconica-del-arte-y-de-la-lucha-feminista-informacion-general\" rel=\"noopener\">Frida Kahlo: 115 a\u00f1os de una figura ic\u00f3nica del arte y de la lucha feminista<\/a>-eldia<\/p>\n<\/div>\n<\/div>\n<\/div><\/div><\/div><\/div><\/div>\n","protected":false},"excerpt":{"rendered":"<p>La desigualdad econ\u00f3mica afecta tambi\u00e9n a estereotipos sobre hombres y mujeres * Dur\u00e1n advierte que la conciliaci\u00f3n sigue siendo extraordinariamente dif\u00edcil para la mujer * El solo s\u00ed es s\u00ed comenzar\u00e1 a aplicarse en agosto * En marcha la Eurocopa femenina de f\u00fatbol<\/p>\n","protected":false},"author":3,"featured_media":22909,"comment_status":"closed","ping_status":"closed","sticky":false,"template":"","format":"standard","meta":{"footnotes":""},"categories":[298,621],"tags":[142,232,221,106,263,96],"class_list":["post-17579","post","type-post","status-publish","format-standard","has-post-thumbnail","hentry","category-newsletter","category-nwl-3-0","tag-conciliacion","tag-deporte-femenino","tag-desigualdad","tag-economia","tag-feminizacion-de-la-pobreza","tag-mujeres"],"yoast_head":"<!-- This site is optimized with the Yoast SEO plugin v27.5 - https:\/\/yoast.com\/product\/yoast-seo-wordpress\/ -->\n<title>Noticias Info CKL n\u00ba 2697-04\/07\/22 -Comunicar con perspectiva de g\u00e9nero<\/title>\n<meta name=\"description\" content=\"Noticias Info CKL n\u00ba 2698-06\/07\/22 La desigualdad econ\u00f3mica afecta tambi\u00e9n a estereotipos sobre hombres y mujeres * Dur\u00e1n advierte que la conciliaci\u00f3n sigue siendo extraordinariamente dif\u00edcil para la mujer * El solo s\u00ed es s\u00ed comenzar\u00e1 a aplicarse en agosto * En marcha la Eurocopa femenina de f\u00fatbol\" \/>\n<meta name=\"robots\" content=\"index, follow, max-snippet:-1, max-image-preview:large, max-video-preview:-1\" \/>\n<link rel=\"canonical\" href=\"https:\/\/cklcomunicaciones.es\/coop\/noticias-info-ckl-2698-06-07-22\/\" \/>\n<meta property=\"og:locale\" content=\"es_ES\" \/>\n<meta property=\"og:type\" content=\"article\" \/>\n<meta property=\"og:title\" content=\"Noticias Info CKL n\u00ba 2697-04\/07\/22 -Comunicar con perspectiva de g\u00e9nero\" \/>\n<meta property=\"og:description\" content=\"Noticias Info CKL n\u00ba 2698-06\/07\/22 La desigualdad econ\u00f3mica afecta tambi\u00e9n a estereotipos sobre hombres y mujeres * Dur\u00e1n advierte que la conciliaci\u00f3n sigue siendo extraordinariamente dif\u00edcil para la mujer * El solo s\u00ed es s\u00ed comenzar\u00e1 a aplicarse en agosto * En marcha la Eurocopa femenina de f\u00fatbol\" \/>\n<meta property=\"og:url\" content=\"https:\/\/cklcomunicaciones.es\/coop\/noticias-info-ckl-2698-06-07-22\/\" \/>\n<meta property=\"og:site_name\" content=\"CKL Comunicaciones\" \/>\n<meta property=\"article:published_time\" content=\"2022-07-06T10:23:47+00:00\" \/>\n<meta property=\"article:modified_time\" content=\"2025-02-09T07:53:38+00:00\" \/>\n<meta property=\"og:image\" content=\"https:\/\/cklcomunicaciones.es\/coop\/wp-content\/uploads\/2025\/01\/CKL-una-mirada-distinta-de-la-comunicacion.jpg\" \/>\n\t<meta property=\"og:image:width\" content=\"1482\" \/>\n\t<meta property=\"og:image:height\" content=\"775\" \/>\n\t<meta property=\"og:image:type\" content=\"image\/jpeg\" \/>\n<meta name=\"author\" content=\"ckl\" \/>\n<meta name=\"twitter:card\" content=\"summary_large_image\" \/>\n<meta name=\"twitter:label1\" content=\"Escrito por\" \/>\n\t<meta name=\"twitter:data1\" content=\"ckl\" \/>\n\t<meta name=\"twitter:label2\" content=\"Tiempo de lectura\" \/>\n\t<meta name=\"twitter:data2\" content=\"5 minutos\" \/>\n<script type=\"application\/ld+json\" class=\"yoast-schema-graph\">{\"@context\":\"https:\\\/\\\/schema.org\",\"@graph\":[{\"@type\":\"Article\",\"@id\":\"https:\\\/\\\/cklcomunicaciones.es\\\/coop\\\/noticias-info-ckl-2698-06-07-22\\\/#article\",\"isPartOf\":{\"@id\":\"https:\\\/\\\/cklcomunicaciones.es\\\/coop\\\/noticias-info-ckl-2698-06-07-22\\\/\"},\"author\":{\"name\":\"ckl\",\"@id\":\"https:\\\/\\\/cklcomunicaciones.es\\\/coop\\\/#\\\/schema\\\/person\\\/929a6837f7626450bbb50cee1aef266e\"},\"headline\":\"Noticias Info CKL n\u00ba 2698-06\\\/07\\\/22\",\"datePublished\":\"2022-07-06T10:23:47+00:00\",\"dateModified\":\"2025-02-09T07:53:38+00:00\",\"mainEntityOfPage\":{\"@id\":\"https:\\\/\\\/cklcomunicaciones.es\\\/coop\\\/noticias-info-ckl-2698-06-07-22\\\/\"},\"wordCount\":1083,\"image\":{\"@id\":\"https:\\\/\\\/cklcomunicaciones.es\\\/coop\\\/noticias-info-ckl-2698-06-07-22\\\/#primaryimage\"},\"thumbnailUrl\":\"https:\\\/\\\/cklcomunicaciones.es\\\/coop\\\/wp-content\\\/uploads\\\/2025\\\/01\\\/CKL-una-mirada-distinta-de-la-comunicacion.jpg\",\"keywords\":[\"conciliaci\u00f3n\",\"deporte femenino\",\"desigualdad\",\"econom\u00eda\",\"feminizaci\u00f3n de la pobreza\",\"mujeres\"],\"articleSection\":[\"Newsletter\",\"Nwl v3.0\"],\"inLanguage\":\"es\"},{\"@type\":\"WebPage\",\"@id\":\"https:\\\/\\\/cklcomunicaciones.es\\\/coop\\\/noticias-info-ckl-2698-06-07-22\\\/\",\"url\":\"https:\\\/\\\/cklcomunicaciones.es\\\/coop\\\/noticias-info-ckl-2698-06-07-22\\\/\",\"name\":\"Noticias Info CKL n\u00ba 2697-04\\\/07\\\/22 -Comunicar con perspectiva de g\u00e9nero\",\"isPartOf\":{\"@id\":\"https:\\\/\\\/cklcomunicaciones.es\\\/coop\\\/#website\"},\"primaryImageOfPage\":{\"@id\":\"https:\\\/\\\/cklcomunicaciones.es\\\/coop\\\/noticias-info-ckl-2698-06-07-22\\\/#primaryimage\"},\"image\":{\"@id\":\"https:\\\/\\\/cklcomunicaciones.es\\\/coop\\\/noticias-info-ckl-2698-06-07-22\\\/#primaryimage\"},\"thumbnailUrl\":\"https:\\\/\\\/cklcomunicaciones.es\\\/coop\\\/wp-content\\\/uploads\\\/2025\\\/01\\\/CKL-una-mirada-distinta-de-la-comunicacion.jpg\",\"datePublished\":\"2022-07-06T10:23:47+00:00\",\"dateModified\":\"2025-02-09T07:53:38+00:00\",\"author\":{\"@id\":\"https:\\\/\\\/cklcomunicaciones.es\\\/coop\\\/#\\\/schema\\\/person\\\/929a6837f7626450bbb50cee1aef266e\"},\"description\":\"Noticias Info CKL n\u00ba 2698-06\\\/07\\\/22 La desigualdad econ\u00f3mica afecta tambi\u00e9n a estereotipos sobre hombres y mujeres * Dur\u00e1n advierte que la conciliaci\u00f3n sigue siendo extraordinariamente dif\u00edcil para la mujer * El solo s\u00ed es s\u00ed comenzar\u00e1 a aplicarse en agosto * En marcha la Eurocopa femenina de f\u00fatbol\",\"breadcrumb\":{\"@id\":\"https:\\\/\\\/cklcomunicaciones.es\\\/coop\\\/noticias-info-ckl-2698-06-07-22\\\/#breadcrumb\"},\"inLanguage\":\"es\",\"potentialAction\":[{\"@type\":\"ReadAction\",\"target\":[\"https:\\\/\\\/cklcomunicaciones.es\\\/coop\\\/noticias-info-ckl-2698-06-07-22\\\/\"]}]},{\"@type\":\"ImageObject\",\"inLanguage\":\"es\",\"@id\":\"https:\\\/\\\/cklcomunicaciones.es\\\/coop\\\/noticias-info-ckl-2698-06-07-22\\\/#primaryimage\",\"url\":\"https:\\\/\\\/cklcomunicaciones.es\\\/coop\\\/wp-content\\\/uploads\\\/2025\\\/01\\\/CKL-una-mirada-distinta-de-la-comunicacion.jpg\",\"contentUrl\":\"https:\\\/\\\/cklcomunicaciones.es\\\/coop\\\/wp-content\\\/uploads\\\/2025\\\/01\\\/CKL-una-mirada-distinta-de-la-comunicacion.jpg\",\"width\":1482,\"height\":775,\"caption\":\"CKL - una mirada distinta de la comunicacion\"},{\"@type\":\"BreadcrumbList\",\"@id\":\"https:\\\/\\\/cklcomunicaciones.es\\\/coop\\\/noticias-info-ckl-2698-06-07-22\\\/#breadcrumb\",\"itemListElement\":[{\"@type\":\"ListItem\",\"position\":1,\"name\":\"Portada\",\"item\":\"https:\\\/\\\/cklcomunicaciones.es\\\/coop\\\/\"},{\"@type\":\"ListItem\",\"position\":2,\"name\":\"Noticias Info CKL n\u00ba 2698-06\\\/07\\\/22\"}]},{\"@type\":\"WebSite\",\"@id\":\"https:\\\/\\\/cklcomunicaciones.es\\\/coop\\\/#website\",\"url\":\"https:\\\/\\\/cklcomunicaciones.es\\\/coop\\\/\",\"name\":\"CKL Comunicaciones\",\"description\":\"Sitio web de CKL Comunicaciones coop , la consultora de comunicaci\u00f3n y estrategia\",\"potentialAction\":[{\"@type\":\"SearchAction\",\"target\":{\"@type\":\"EntryPoint\",\"urlTemplate\":\"https:\\\/\\\/cklcomunicaciones.es\\\/coop\\\/?s={search_term_string}\"},\"query-input\":{\"@type\":\"PropertyValueSpecification\",\"valueRequired\":true,\"valueName\":\"search_term_string\"}}],\"inLanguage\":\"es\"},{\"@type\":\"Person\",\"@id\":\"https:\\\/\\\/cklcomunicaciones.es\\\/coop\\\/#\\\/schema\\\/person\\\/929a6837f7626450bbb50cee1aef266e\",\"name\":\"ckl\",\"image\":{\"@type\":\"ImageObject\",\"inLanguage\":\"es\",\"@id\":\"https:\\\/\\\/secure.gravatar.com\\\/avatar\\\/c82db564e8a669bf6023357a157b9dc4780f4d4c618f2ad1d71a6a5dede45057?s=96&d=mm&r=g\",\"url\":\"https:\\\/\\\/secure.gravatar.com\\\/avatar\\\/c82db564e8a669bf6023357a157b9dc4780f4d4c618f2ad1d71a6a5dede45057?s=96&d=mm&r=g\",\"contentUrl\":\"https:\\\/\\\/secure.gravatar.com\\\/avatar\\\/c82db564e8a669bf6023357a157b9dc4780f4d4c618f2ad1d71a6a5dede45057?s=96&d=mm&r=g\",\"caption\":\"ckl\"},\"url\":\"https:\\\/\\\/cklcomunicaciones.es\\\/coop\\\/author\\\/cklcomunicaciones\\\/\"}]}<\/script>\n<!-- \/ Yoast SEO plugin. -->","yoast_head_json":{"title":"Noticias Info CKL n\u00ba 2697-04\/07\/22 -Comunicar con perspectiva de g\u00e9nero","description":"Noticias Info CKL n\u00ba 2698-06\/07\/22 La desigualdad econ\u00f3mica afecta tambi\u00e9n a estereotipos sobre hombres y mujeres * Dur\u00e1n advierte que la conciliaci\u00f3n sigue siendo extraordinariamente dif\u00edcil para la mujer * El solo s\u00ed es s\u00ed comenzar\u00e1 a aplicarse en agosto * En marcha la Eurocopa femenina de f\u00fatbol","robots":{"index":"index","follow":"follow","max-snippet":"max-snippet:-1","max-image-preview":"max-image-preview:large","max-video-preview":"max-video-preview:-1"},"canonical":"https:\/\/cklcomunicaciones.es\/coop\/noticias-info-ckl-2698-06-07-22\/","og_locale":"es_ES","og_type":"article","og_title":"Noticias Info CKL n\u00ba 2697-04\/07\/22 -Comunicar con perspectiva de g\u00e9nero","og_description":"Noticias Info CKL n\u00ba 2698-06\/07\/22 La desigualdad econ\u00f3mica afecta tambi\u00e9n a estereotipos sobre hombres y mujeres * Dur\u00e1n advierte que la conciliaci\u00f3n sigue siendo extraordinariamente dif\u00edcil para la mujer * El solo s\u00ed es s\u00ed comenzar\u00e1 a aplicarse en agosto * En marcha la Eurocopa femenina de f\u00fatbol","og_url":"https:\/\/cklcomunicaciones.es\/coop\/noticias-info-ckl-2698-06-07-22\/","og_site_name":"CKL Comunicaciones","article_published_time":"2022-07-06T10:23:47+00:00","article_modified_time":"2025-02-09T07:53:38+00:00","og_image":[{"width":1482,"height":775,"url":"https:\/\/cklcomunicaciones.es\/coop\/wp-content\/uploads\/2025\/01\/CKL-una-mirada-distinta-de-la-comunicacion.jpg","type":"image\/jpeg"}],"author":"ckl","twitter_card":"summary_large_image","twitter_misc":{"Escrito por":"ckl","Tiempo de lectura":"5 minutos"},"schema":{"@context":"https:\/\/schema.org","@graph":[{"@type":"Article","@id":"https:\/\/cklcomunicaciones.es\/coop\/noticias-info-ckl-2698-06-07-22\/#article","isPartOf":{"@id":"https:\/\/cklcomunicaciones.es\/coop\/noticias-info-ckl-2698-06-07-22\/"},"author":{"name":"ckl","@id":"https:\/\/cklcomunicaciones.es\/coop\/#\/schema\/person\/929a6837f7626450bbb50cee1aef266e"},"headline":"Noticias Info CKL n\u00ba 2698-06\/07\/22","datePublished":"2022-07-06T10:23:47+00:00","dateModified":"2025-02-09T07:53:38+00:00","mainEntityOfPage":{"@id":"https:\/\/cklcomunicaciones.es\/coop\/noticias-info-ckl-2698-06-07-22\/"},"wordCount":1083,"image":{"@id":"https:\/\/cklcomunicaciones.es\/coop\/noticias-info-ckl-2698-06-07-22\/#primaryimage"},"thumbnailUrl":"https:\/\/cklcomunicaciones.es\/coop\/wp-content\/uploads\/2025\/01\/CKL-una-mirada-distinta-de-la-comunicacion.jpg","keywords":["conciliaci\u00f3n","deporte femenino","desigualdad","econom\u00eda","feminizaci\u00f3n de la pobreza","mujeres"],"articleSection":["Newsletter","Nwl v3.0"],"inLanguage":"es"},{"@type":"WebPage","@id":"https:\/\/cklcomunicaciones.es\/coop\/noticias-info-ckl-2698-06-07-22\/","url":"https:\/\/cklcomunicaciones.es\/coop\/noticias-info-ckl-2698-06-07-22\/","name":"Noticias Info CKL n\u00ba 2697-04\/07\/22 -Comunicar con perspectiva de g\u00e9nero","isPartOf":{"@id":"https:\/\/cklcomunicaciones.es\/coop\/#website"},"primaryImageOfPage":{"@id":"https:\/\/cklcomunicaciones.es\/coop\/noticias-info-ckl-2698-06-07-22\/#primaryimage"},"image":{"@id":"https:\/\/cklcomunicaciones.es\/coop\/noticias-info-ckl-2698-06-07-22\/#primaryimage"},"thumbnailUrl":"https:\/\/cklcomunicaciones.es\/coop\/wp-content\/uploads\/2025\/01\/CKL-una-mirada-distinta-de-la-comunicacion.jpg","datePublished":"2022-07-06T10:23:47+00:00","dateModified":"2025-02-09T07:53:38+00:00","author":{"@id":"https:\/\/cklcomunicaciones.es\/coop\/#\/schema\/person\/929a6837f7626450bbb50cee1aef266e"},"description":"Noticias Info CKL n\u00ba 2698-06\/07\/22 La desigualdad econ\u00f3mica afecta tambi\u00e9n a estereotipos sobre hombres y mujeres * Dur\u00e1n advierte que la conciliaci\u00f3n sigue siendo extraordinariamente dif\u00edcil para la mujer * El solo s\u00ed es s\u00ed comenzar\u00e1 a aplicarse en agosto * En marcha la Eurocopa femenina de f\u00fatbol","breadcrumb":{"@id":"https:\/\/cklcomunicaciones.es\/coop\/noticias-info-ckl-2698-06-07-22\/#breadcrumb"},"inLanguage":"es","potentialAction":[{"@type":"ReadAction","target":["https:\/\/cklcomunicaciones.es\/coop\/noticias-info-ckl-2698-06-07-22\/"]}]},{"@type":"ImageObject","inLanguage":"es","@id":"https:\/\/cklcomunicaciones.es\/coop\/noticias-info-ckl-2698-06-07-22\/#primaryimage","url":"https:\/\/cklcomunicaciones.es\/coop\/wp-content\/uploads\/2025\/01\/CKL-una-mirada-distinta-de-la-comunicacion.jpg","contentUrl":"https:\/\/cklcomunicaciones.es\/coop\/wp-content\/uploads\/2025\/01\/CKL-una-mirada-distinta-de-la-comunicacion.jpg","width":1482,"height":775,"caption":"CKL - una mirada distinta de la comunicacion"},{"@type":"BreadcrumbList","@id":"https:\/\/cklcomunicaciones.es\/coop\/noticias-info-ckl-2698-06-07-22\/#breadcrumb","itemListElement":[{"@type":"ListItem","position":1,"name":"Portada","item":"https:\/\/cklcomunicaciones.es\/coop\/"},{"@type":"ListItem","position":2,"name":"Noticias Info CKL n\u00ba 2698-06\/07\/22"}]},{"@type":"WebSite","@id":"https:\/\/cklcomunicaciones.es\/coop\/#website","url":"https:\/\/cklcomunicaciones.es\/coop\/","name":"CKL Comunicaciones","description":"Sitio web de CKL Comunicaciones coop , la consultora de comunicaci\u00f3n y estrategia","potentialAction":[{"@type":"SearchAction","target":{"@type":"EntryPoint","urlTemplate":"https:\/\/cklcomunicaciones.es\/coop\/?s={search_term_string}"},"query-input":{"@type":"PropertyValueSpecification","valueRequired":true,"valueName":"search_term_string"}}],"inLanguage":"es"},{"@type":"Person","@id":"https:\/\/cklcomunicaciones.es\/coop\/#\/schema\/person\/929a6837f7626450bbb50cee1aef266e","name":"ckl","image":{"@type":"ImageObject","inLanguage":"es","@id":"https:\/\/secure.gravatar.com\/avatar\/c82db564e8a669bf6023357a157b9dc4780f4d4c618f2ad1d71a6a5dede45057?s=96&d=mm&r=g","url":"https:\/\/secure.gravatar.com\/avatar\/c82db564e8a669bf6023357a157b9dc4780f4d4c618f2ad1d71a6a5dede45057?s=96&d=mm&r=g","contentUrl":"https:\/\/secure.gravatar.com\/avatar\/c82db564e8a669bf6023357a157b9dc4780f4d4c618f2ad1d71a6a5dede45057?s=96&d=mm&r=g","caption":"ckl"},"url":"https:\/\/cklcomunicaciones.es\/coop\/author\/cklcomunicaciones\/"}]}},"_links":{"self":[{"href":"https:\/\/cklcomunicaciones.es\/coop\/wp-json\/wp\/v2\/posts\/17579","targetHints":{"allow":["GET"]}}],"collection":[{"href":"https:\/\/cklcomunicaciones.es\/coop\/wp-json\/wp\/v2\/posts"}],"about":[{"href":"https:\/\/cklcomunicaciones.es\/coop\/wp-json\/wp\/v2\/types\/post"}],"author":[{"embeddable":true,"href":"https:\/\/cklcomunicaciones.es\/coop\/wp-json\/wp\/v2\/users\/3"}],"replies":[{"embeddable":true,"href":"https:\/\/cklcomunicaciones.es\/coop\/wp-json\/wp\/v2\/comments?post=17579"}],"version-history":[{"count":0,"href":"https:\/\/cklcomunicaciones.es\/coop\/wp-json\/wp\/v2\/posts\/17579\/revisions"}],"wp:featuredmedia":[{"embeddable":true,"href":"https:\/\/cklcomunicaciones.es\/coop\/wp-json\/wp\/v2\/media\/22909"}],"wp:attachment":[{"href":"https:\/\/cklcomunicaciones.es\/coop\/wp-json\/wp\/v2\/media?parent=17579"}],"wp:term":[{"taxonomy":"category","embeddable":true,"href":"https:\/\/cklcomunicaciones.es\/coop\/wp-json\/wp\/v2\/categories?post=17579"},{"taxonomy":"post_tag","embeddable":true,"href":"https:\/\/cklcomunicaciones.es\/coop\/wp-json\/wp\/v2\/tags?post=17579"}],"curies":[{"name":"wp","href":"https:\/\/api.w.org\/{rel}","templated":true}]}}