{"id":17509,"date":"2022-11-07T13:55:41","date_gmt":"2022-11-07T12:55:41","guid":{"rendered":"https:\/\/www.cklcomunicaciones.es\/?p=17509"},"modified":"2025-02-08T21:30:15","modified_gmt":"2025-02-08T20:30:15","slug":"noticias-info-ckl-no-2734-07-11-22","status":"publish","type":"post","link":"https:\/\/cklcomunicaciones.es\/coop\/noticias-info-ckl-no-2734-07-11-22\/","title":{"rendered":"Noticias Info CKL n\u00ba 2734-07\/11\/22"},"content":{"rendered":"<div class=\"fusion-fullwidth fullwidth-box fusion-builder-row-1 fusion-flex-container nonhundred-percent-fullwidth non-hundred-percent-height-scrolling\" style=\"--awb-border-radius-top-left:0px;--awb-border-radius-top-right:0px;--awb-border-radius-bottom-right:0px;--awb-border-radius-bottom-left:0px;--awb-flex-wrap:wrap;\" ><div class=\"fusion-builder-row fusion-row fusion-flex-align-items-flex-start fusion-flex-content-wrap\" style=\"max-width:1248px;margin-left: calc(-4% \/ 2 );margin-right: calc(-4% \/ 2 );\"><div class=\"fusion-layout-column fusion_builder_column fusion-builder-column-0 fusion_builder_column_1_1 1_1 fusion-flex-column\" style=\"--awb-bg-blend:overlay;--awb-bg-size:cover;--awb-width-large:100%;--awb-margin-top-large:0px;--awb-spacing-right-large:1.92%;--awb-margin-bottom-large:0px;--awb-spacing-left-large:1.92%;--awb-width-medium:100%;--awb-spacing-right-medium:1.92%;--awb-spacing-left-medium:1.92%;--awb-width-small:100%;--awb-spacing-right-small:1.92%;--awb-spacing-left-small:1.92%;\"><div class=\"fusion-column-wrapper fusion-flex-justify-content-flex-start fusion-content-layout-column\"><div class=\"fusion-text fusion-text-1\"><div id=\"\" class=\"lsow-panel lsow-active\">\n<h1 class=\"lsow-panel-title\">Convocatorias<\/h1>\n<div class=\"lsow-panel-content\">\n<ul>\n<li>\n<p lang=\"zxx\">Webinar &#8216;Directoras espa\u00f1olas&#8217;. Centro de Formaci\u00f3n Feminista Carmen de Burgos del Instituto Andaluz de la Mujer. 21 de noviembre a las 19:00 h.\u00a0<a href=\"https:\/\/forms.gle\/nxKQhTYMpDVwB98s7\" target=\"_blank\" rel=\"noopener\" data-saferedirecturl=\"https:\/\/www.google.com\/url?q=https:\/\/forms.gle\/nxKQhTYMpDVwB98s7&amp;source=gmail&amp;ust=1667896862940000&amp;usg=AOvVaw1b6mE3eG2ZOtC4QULPs7Bl\">Inscripciones<\/a>. M\u00e1s informaci\u00f3n:\u00a0<a href=\"mailto:cffcarmendeburgos.iam@gmail.com\" target=\"_blank\" rel=\"noopener\">cffcarmendeburgos.iam@gmail.<wbr \/>com<\/a><\/p>\n<\/li>\n<li>\n<p lang=\"zxx\">Webinar &#8216;La violencia de g\u00e9nero en el cine&#8217;. Centro de Formaci\u00f3n Feminista Carmen de Burgos del Instituto Andaluz de la Mujer. 24 de noviembre a las 18:30 h.\u00a0<a href=\"https:\/\/forms.gle\/uiREDJqGibk1uR3VA\" target=\"_blank\" rel=\"noopener\" data-saferedirecturl=\"https:\/\/www.google.com\/url?q=https:\/\/forms.gle\/uiREDJqGibk1uR3VA&amp;source=gmail&amp;ust=1667896862940000&amp;usg=AOvVaw0KiCMDbLNG6xOMev3szT6V\">Inscripciones<\/a>. M\u00e1s informaci\u00f3n:\u00a0<a href=\"mailto:cffcarmendeburgos.iam@gmail.com\" target=\"_blank\" rel=\"noopener\">cffcarmendeburgos.iam@gmail.<wbr \/>com<\/a><\/p>\n<\/li>\n<li>\n<p lang=\"zxx\">Webinar &#8216;La figura de la bruja en el cine&#8217;. Centro de Formaci\u00f3n Feminista Carmen de Burgos del Instituto Andaluz de la Mujer. 29 de noviembre 18:30 h.\u00a0<a href=\"https:\/\/forms.gle\/VkftDWu1kqHdUtMQ9\" target=\"_blank\" rel=\"noopener\" data-saferedirecturl=\"https:\/\/www.google.com\/url?q=https:\/\/forms.gle\/VkftDWu1kqHdUtMQ9&amp;source=gmail&amp;ust=1667896862940000&amp;usg=AOvVaw2tWWFahN1XsLb5wRyzZe-u\">Inscripciones<\/a>. M\u00e1s informaci\u00f3n:\u00a0<a href=\"mailto:cffcarmendeburgos.iam@gmail.com\" target=\"_blank\" rel=\"noopener\">cffcarmendeburgos.iam@gmail.<wbr \/>com<\/a><\/p>\n<\/li>\n<li>\n<p lang=\"zxx\" align=\"left\">Club Audiovisual\u00a0<span lang=\"zxx\">en torno a la pel\u00edcula &#8216;<\/span>Retrato de una dama&#8217;, de\u00a0Jane Campion (disponible en Netflix). Centro de Formaci\u00f3n Feminista Carmen de Burgos del Instituto Andaluz de la Mujer. 17 de noviembre a las 19:30 h.\u00a0<span lang=\"zxx\"><a href=\"https:\/\/forms.gle\/Vc1QYN5GEr2jpWBn6\" target=\"_blank\" rel=\"noopener\" data-saferedirecturl=\"https:\/\/www.google.com\/url?q=https:\/\/forms.gle\/Vc1QYN5GEr2jpWBn6&amp;source=gmail&amp;ust=1667896862940000&amp;usg=AOvVaw38joE33Ufs_RgeNsyvEWWd\">Inscripciones<\/a>\u00a0(plazas limitadas). M\u00e1s informaci\u00f3n:\u00a0<a href=\"mailto:cffcarmendeburgos.iam@gmail.com\" target=\"_blank\" rel=\"noopener\">cffcarmendeburgos.iam@gmail.<wbr \/>com<\/a><\/span><\/p>\n<\/li>\n<li>\n<p lang=\"zxx\" align=\"left\">Proyecci\u00f3n de cortometrajes contra la violencia de g\u00e9nero. Centro de Formaci\u00f3n Feminista Carmen de Burgos del Instituto Andaluz de la Mujer. 18 de noviembre a las 19:30 h.\u00a0<a href=\"https:\/\/forms.gle\/JuPnJMVvKZKd8Cw16\" target=\"_blank\" rel=\"noopener\" data-saferedirecturl=\"https:\/\/www.google.com\/url?q=https:\/\/forms.gle\/JuPnJMVvKZKd8Cw16&amp;source=gmail&amp;ust=1667896862940000&amp;usg=AOvVaw0roIBaHlQry9C4_7m3v9YC\">Inscripciones<\/a>. M\u00e1s informaci\u00f3n:\u00a0<a href=\"mailto:cffcarmendeburgos.iam@gmail.com\" target=\"_blank\" rel=\"noopener\">cffcarmendeburgos.iam@gmail.<wbr \/>com<\/a><\/p>\n<\/li>\n<li>\n<p lang=\"zxx\" align=\"left\">Exposici\u00f3n &#8216;Mujer ten\u00edas que ser&#8217;, de In\u00e9s Guzm\u00e1n. Centro de Formaci\u00f3n Feminista Carmen de Burgos del Instituto Andaluz de la Mujer.\u00a0<span lang=\"zxx\">Del 19\u00a0<\/span><span lang=\"zxx\">de noviembre\u00a0<\/span><span lang=\"zxx\">al 14 de diciembre de lunes a viernes de 9:00 a 14:00 h. o bajo petici\u00f3n en horario de tarde;<\/span>\u00a0inauguraci\u00f3n 19 de noviembre a las 19:00 h. M\u00e1s informaci\u00f3n:\u00a0<a href=\"mailto:cffcarmendeburgos.iam@gmail.com\" target=\"_blank\" rel=\"noopener\">cffcarmendeburgos.iam@gmail.c<\/a><a href=\"mailto:cffcarmendeburgos.iam@gmail.com\" target=\"_blank\" rel=\"noopener\">o<wbr \/>m<\/a><\/p>\n<\/li>\n<\/ul>\n<\/div>\n<\/div>\n<div id=\"\" class=\"lsow-panel lsow-active\">\n<h1 class=\"lsow-panel-title\">Comunicaci\u00f3n, Publicidad y TICs<\/h1>\n<div class=\"lsow-panel-content\">\n<p><a class=\"title\" href=\"https:\/\/www.rtve.es\/television\/20221106\/encarna-sanchez-locutora-biografia-carne-viva-datos-desconocidos-vida-libro\/2408121.shtml\" target=\"_blank\" rel=\"noopener\" data-artpy=\"0\" data-author=\"RTVE\">Encarna S\u00e1nchez: una biograf\u00eda contar\u00e1 los aspectos m\u00e1s desconocidos de la locutora<\/a>-rtve<br \/>\n<a class=\"title\" href=\"https:\/\/www.diariosur.es\/cronica-universitaria\/proyecto-sobre-mujer-lenguaje-uma-20221031140610-nt.html\" target=\"_blank\" rel=\"noopener\" data-artpy=\"0\" data-author=\"SUR\">Un proyecto de la UMA sobre mujer y lenguaje traspasa las fronteras<\/a><br \/>\n<a href=\"https:\/\/www.google.com\/url?rct=j&amp;sa=t&amp;url=https:\/\/www.ipscuba.net\/genero\/proyecto-facilita-formacion-en-genero-de-periodistas-de-cuba\/&amp;ct=ga&amp;cd=CAEYACoUMTQ2MTUwNDU5Mjc1NTAwNDkwMjcyGTU5ZDc4MTcxMzZhMmQwMjg6ZXM6ZXM6RVM&amp;usg=AOvVaw0Z3Yz2vVWM0B9HnqIW8j6P\" target=\"_blank\" rel=\"noopener\" data-saferedirecturl=\"https:\/\/www.google.com\/url?q=https:\/\/www.google.com\/url?rct%3Dj%26sa%3Dt%26url%3Dhttps:\/\/www.ipscuba.net\/genero\/proyecto-facilita-formacion-en-genero-de-periodistas-de-cuba\/%26ct%3Dga%26cd%3DCAEYACoUMTQ2MTUwNDU5Mjc1NTAwNDkwMjcyGTU5ZDc4MTcxMzZhMmQwMjg6ZXM6ZXM6RVM%26usg%3DAOvVaw0Z3Yz2vVWM0B9HnqIW8j6P&amp;source=gmail&amp;ust=1667895112611000&amp;usg=AOvVaw3bvcEuG6mOCHzy22xyuXGW\">Proyecto facilita formaci\u00f3n en g\u00e9nero de periodistas de Cuba-\u00a0<\/a><a>IPS Cuba<br \/>\n<\/a><a href=\"https:\/\/www.google.com\/url?rct=j&amp;sa=t&amp;url=https:\/\/elpais.com\/opinion\/2022-11-06\/un-ano-de-americanas-el-compromiso-de-un-periodismo-feminista.html&amp;ct=ga&amp;cd=CAEYACoUMTc4MTEwMjg2NTYxNzg4MDA4MzgyGWUyZGVmYTdkNWRhOTE1N2Q6ZXM6ZXM6RVM&amp;usg=AOvVaw167lttqtdW0n_LPgsd2C_T\" target=\"_blank\" rel=\"noopener\" data-saferedirecturl=\"https:\/\/www.google.com\/url?q=https:\/\/www.google.com\/url?rct%3Dj%26sa%3Dt%26url%3Dhttps:\/\/elpais.com\/opinion\/2022-11-06\/un-ano-de-americanas-el-compromiso-de-un-periodismo-feminista.html%26ct%3Dga%26cd%3DCAEYACoUMTc4MTEwMjg2NTYxNzg4MDA4MzgyGWUyZGVmYTdkNWRhOTE1N2Q6ZXM6ZXM6RVM%26usg%3DAOvVaw167lttqtdW0n_LPgsd2C_T&amp;source=gmail&amp;ust=1667895104875000&amp;usg=AOvVaw3znr5zwYormALnVu3s4qMj\">Un a\u00f1o de Americanas: el compromiso de un periodismo feminista &#8211;<\/a>elpais<br \/>\n<a class=\"title\" href=\"https:\/\/www.msn.com\/es-es\/sports\/futbol\/el-bochornoso-comentario-de-un-narrador-de-dazn-durante-un-partido-de-f-c3-batbol-femenino\/ar-AA13P7pj\" target=\"_blank\" rel=\"noopener\" data-artpy=\"0\" data-author=\"La Vanguardia on MSN\">El \u00abbochornoso\u00bb comentario de un narrador de DAZN durante un partido de f\u00fatbol femenino<\/a>-lavanguardia<\/p>\n<\/div>\n<\/div>\n<div id=\"\" class=\"lsow-panel lsow-active\">\n<h1 class=\"lsow-panel-title\">Andaluc\u00eda<\/h1>\n<div class=\"lsow-panel-content\">\n<p><b>Institucional<br \/>\n<\/b><a class=\"title\" href=\"https:\/\/www.larazon.es\/andalucia\/20221105\/kis443ju7jg2bbaha3j4ypjz6y.html\" target=\"_blank\" rel=\"noopener\" data-artpy=\"0\" data-author=\"La Raz\u00f3n Digital\">M\u00e1s del 75% de las alcald\u00edas y de las c\u00e1tedras est\u00e1n ocupadas por hombres en Andaluc\u00eda<\/a>-larazon<\/p>\n<p><b><\/b><b><\/b><b>Econom\u00eda y Empresa<br \/>\n<\/b><a class=\"title\" href=\"https:\/\/www.europapress.es\/esandalucia\/sevilla\/noticia-andalucia-ampliara-cobertura-incentivos-contratacion-indefinida-20221104121721.html\" target=\"_blank\" rel=\"noopener\" data-artpy=\"0\" data-author=\"Europa Press\">Andaluc\u00eda ampliar\u00e1 la cobertura de los incentivos a la contrataci\u00f3n indefinida<\/a>-europapress<b><br \/>\n<\/b><a href=\"https:\/\/www.eldiario.es\/andalucia\/economia\/justicia-subida-precio-hora-alivian-caotica-situacion-trabajadoras-andaluzas-dependencia_1_9663916.html\">Ni la Justicia ni la subida del precio\/hora alivian la \u201cca\u00f3tica\u201d situaci\u00f3n de las trabajadoras andaluzas de dependencia<\/a>-eldiario<br \/>\n<b><\/b><a href=\"https:\/\/www.google.com\/url?rct=j&amp;sa=t&amp;url=https:\/\/www.economiadigital.es\/andalucia\/economia\/andalucia-se-propone-ser-pionera-en-aprobar-una-estrategia-de-inteligencia-artificial.html&amp;ct=ga&amp;cd=CAEYBSoTNzY5Nzk3Mzc4MTEzMjcwNjcxOTIZZDc4ZTU4NzVhMGYxZjJhYzplczplczpFUw&amp;usg=AOvVaw0VyFMRqBY9CWzfGoGyR2eF\" target=\"_blank\" rel=\"noopener\" data-saferedirecturl=\"https:\/\/www.google.com\/url?q=https:\/\/www.google.com\/url?rct%3Dj%26sa%3Dt%26url%3Dhttps:\/\/www.economiadigital.es\/andalucia\/economia\/andalucia-se-propone-ser-pionera-en-aprobar-una-estrategia-de-inteligencia-artificial.html%26ct%3Dga%26cd%3DCAEYBSoTNzY5Nzk3Mzc4MTEzMjcwNjcxOTIZZDc4ZTU4NzVhMGYxZjJhYzplczplczpFUw%26usg%3DAOvVaw0VyFMRqBY9CWzfGoGyR2eF&amp;source=gmail&amp;ust=1667895391356000&amp;usg=AOvVaw2LrTfoAb7XV4WiI7r9ngKT\">Andaluc\u00eda se propone ser pionera en aprobar una estrategia de Inteligencia Artificial-\u00a0<\/a><a>Econom\u00eda Digital<\/a><b><br \/>\n<\/b><a class=\"title\" href=\"https:\/\/www.msn.com\/es-es\/finance\/economia\/consumo-anima-a-realizar-compras-que-favorezcan-el-comercio-justo-y-de-proximidad\/ar-AA13MUEJ\" target=\"_blank\" rel=\"noopener\" data-artpy=\"0\" data-author=\"Europa Press on MSN\">Consumo anima a realizar compras que favorezcan el comercio justo y de proximidad<\/a>-europapress<b><br \/>\n<\/b><\/p>\n<p><b><\/b><strong>Actualidad<br \/>\n<\/strong><a href=\"https:\/\/www.google.com\/url?rct=j&amp;sa=t&amp;url=https:\/\/www.europapress.es\/andalucia\/noticia-lopez-anuncia-creacion-iam-grupo-atencion-psicologica-chicas-mayores-18-anos-sufren-violencia-20221107131044.html&amp;ct=ga&amp;cd=CAEYACoUMTY1MDk2MzU0Mjk1ODAzMTk4MjQyGWMwMzcyZWJjMmZlYWRhNTk6ZXM6ZXM6RVM&amp;usg=AOvVaw2HV1pVRQoslgiz03Euoonu\" target=\"_blank\" rel=\"noopener\" data-saferedirecturl=\"https:\/\/www.google.com\/url?q=https:\/\/www.google.com\/url?rct%3Dj%26sa%3Dt%26url%3Dhttps:\/\/www.europapress.es\/andalucia\/noticia-lopez-anuncia-creacion-iam-grupo-atencion-psicologica-chicas-mayores-18-anos-sufren-violencia-20221107131044.html%26ct%3Dga%26cd%3DCAEYACoUMTY1MDk2MzU0Mjk1ODAzMTk4MjQyGWMwMzcyZWJjMmZlYWRhNTk6ZXM6ZXM6RVM%26usg%3DAOvVaw2HV1pVRQoslgiz03Euoonu&amp;source=gmail&amp;ust=1667911820728000&amp;usg=AOvVaw2GJpos1DnCp5Xp41H-8cI_\">L\u00f3pez anuncia la creaci\u00f3n en el IAM de un grupo de atenci\u00f3n psicol\u00f3gica a chicas mayores &#8230;<\/a>-e<a>uropapress<br \/>\n<\/a><a href=\"https:\/\/www.google.com\/url?rct=j&amp;sa=t&amp;url=https:\/\/www.europapress.es\/esandalucia\/jaen\/noticia-170-profesionales-participan-jaen-jornada-mujeres-salud-mental-igualdad-20221104141708.html&amp;ct=ga&amp;cd=CAEYASoUMTEzOTI3MzA2NzE3ODEwNDk1NjAyGzlhYjFjZGQ3ZTM2NmVmMzg6ZXM6ZXM6RVM6Ug&amp;usg=AOvVaw1ZcGnWm3m5vkTvanCNPDkr\" target=\"_blank\" rel=\"noopener\" data-saferedirecturl=\"https:\/\/www.google.com\/url?q=https:\/\/www.google.com\/url?rct%3Dj%26sa%3Dt%26url%3Dhttps:\/\/www.europapress.es\/esandalucia\/jaen\/noticia-170-profesionales-participan-jaen-jornada-mujeres-salud-mental-igualdad-20221104141708.html%26ct%3Dga%26cd%3DCAEYASoUMTEzOTI3MzA2NzE3ODEwNDk1NjAyGzlhYjFjZGQ3ZTM2NmVmMzg6ZXM6ZXM6RVM6Ug%26usg%3DAOvVaw1ZcGnWm3m5vkTvanCNPDkr&amp;source=gmail&amp;ust=1667895574155000&amp;usg=AOvVaw3ih9cVUIYYa49Ev2cDN0kv\">Unos 170 profesionales participan en Ja\u00e9n en una jornada sobre mujeres, salud mental e igualdad-\u00a0<\/a><a>Europa Press<br \/>\n<\/a><a href=\"https:\/\/www.google.com\/url?rct=j&amp;sa=t&amp;url=https:\/\/www.noticiasdealmeria.com\/la-junta-destina-12-millones-a-familias-con-menores-en-riesgo-de-exclusion-en-almeria&amp;ct=ga&amp;cd=CAEYACoTNTI1MTI1OTAwNzM2NTg3MTk0MjIZZDc4ZTU4NzVhMGYxZjJhYzplczplczpFUw&amp;usg=AOvVaw0l2tJslzkIfDMkfYmV6IdQ\" target=\"_blank\" rel=\"noopener\" data-saferedirecturl=\"https:\/\/www.google.com\/url?q=https:\/\/www.google.com\/url?rct%3Dj%26sa%3Dt%26url%3Dhttps:\/\/www.noticiasdealmeria.com\/la-junta-destina-12-millones-a-familias-con-menores-en-riesgo-de-exclusion-en-almeria%26ct%3Dga%26cd%3DCAEYACoTNTI1MTI1OTAwNzM2NTg3MTk0MjIZZDc4ZTU4NzVhMGYxZjJhYzplczplczpFUw%26usg%3DAOvVaw0l2tJslzkIfDMkfYmV6IdQ&amp;source=gmail&amp;ust=1667895126933000&amp;usg=AOvVaw3bIur7uCkBhEFok3kjGkqo\">Junta destina 1,2 millones a familias con menores en riesgo de exclusi\u00f3n en Almer\u00eda-\u00a0<\/a><a>Noticias de Almer\u00eda<\/a><\/p>\n<p><strong>Violencias<br \/>\n<\/strong><a href=\"https:\/\/www.google.com\/url?rct=j&amp;sa=t&amp;url=https:\/\/www.lavanguardia.com\/local\/sevilla\/20221104\/8594115\/famp-famp-aboga-coordinacion-institucional-detectar-prevenir-maltrato-personas-mayores.html&amp;ct=ga&amp;cd=CAEYBioTNzY5Nzk3Mzc4MTEzMjcwNjcxOTIZZDc4ZTU4NzVhMGYxZjJhYzplczplczpFUw&amp;usg=AOvVaw0seBZ456gaznXZ9HYQNy5B\" target=\"_blank\" rel=\"noopener\" data-saferedirecturl=\"https:\/\/www.google.com\/url?q=https:\/\/www.google.com\/url?rct%3Dj%26sa%3Dt%26url%3Dhttps:\/\/www.lavanguardia.com\/local\/sevilla\/20221104\/8594115\/famp-famp-aboga-coordinacion-institucional-detectar-prevenir-maltrato-personas-mayores.html%26ct%3Dga%26cd%3DCAEYBioTNzY5Nzk3Mzc4MTEzMjcwNjcxOTIZZDc4ZTU4NzVhMGYxZjJhYzplczplczpFUw%26usg%3DAOvVaw0seBZ456gaznXZ9HYQNy5B&amp;source=gmail&amp;ust=1667895391356000&amp;usg=AOvVaw0tCUrASRcrx_NRvUAaMK0T\">FAMP aboga por la coordinaci\u00f3n institucional para detectar y prevenir el maltrato a personas mayores&#8230;-\u00a0<\/a><a>La Vanguardia<br \/>\n<\/a><a href=\"https:\/\/www.google.com\/url?rct=j&amp;sa=t&amp;url=https:\/\/www.larazon.es\/andalucia\/20221106\/qkzx6dggxvhoxm7kbsto5xq5jy.html&amp;ct=ga&amp;cd=CAEYACoTMjkyNjE2NjQ5MDI1MTExNTI4NTIbOWFiMWNkZDdlMzY2ZWYzODplczplczpFUzpS&amp;usg=AOvVaw1fMnxKsN0zv3ICa_y4gi2U\" target=\"_blank\" rel=\"noopener\" data-saferedirecturl=\"https:\/\/www.google.com\/url?q=https:\/\/www.google.com\/url?rct%3Dj%26sa%3Dt%26url%3Dhttps:\/\/www.larazon.es\/andalucia\/20221106\/qkzx6dggxvhoxm7kbsto5xq5jy.html%26ct%3Dga%26cd%3DCAEYACoTMjkyNjE2NjQ5MDI1MTExNTI4NTIbOWFiMWNkZDdlMzY2ZWYzODplczplczpFUzpS%26usg%3DAOvVaw1fMnxKsN0zv3ICa_y4gi2U&amp;source=gmail&amp;ust=1667895113284000&amp;usg=AOvVaw24YoWuJB45K8poda4dabTM\">Cerca de 1.700 personas se citan en Sevilla en el XIII Congreso para el Estudio de la &#8230;-\u00a0<\/a><a>La Raz\u00f3n<br \/>\n<\/a><a href=\"https:\/\/www.google.com\/url?rct=j&amp;sa=t&amp;url=https:\/\/www.canalsur.es\/television\/la-lucha-contra-en-machismo-entre-los-jovenes-en-la-antesala-del-25n\/1870318.html&amp;ct=ga&amp;cd=CAEYACoTMTk2MTg2MjU3OTk0ODI4MzYwNzIZYzAzNzJlYmMyZmVhZGE1OTplczplczpFUw&amp;usg=AOvVaw02oRCjG1NegVmTOp5HJl33\" target=\"_blank\" rel=\"noopener\" data-saferedirecturl=\"https:\/\/www.google.com\/url?q=https:\/\/www.google.com\/url?rct%3Dj%26sa%3Dt%26url%3Dhttps:\/\/www.canalsur.es\/television\/la-lucha-contra-en-machismo-entre-los-jovenes-en-la-antesala-del-25n\/1870318.html%26ct%3Dga%26cd%3DCAEYACoTMTk2MTg2MjU3OTk0ODI4MzYwNzIZYzAzNzJlYmMyZmVhZGE1OTplczplczpFUw%26usg%3DAOvVaw02oRCjG1NegVmTOp5HJl33&amp;source=gmail&amp;ust=1667895112987000&amp;usg=AOvVaw2cl9sH1l3_lzCy2mpDKzEU\">La lucha contra en machismo entre los j\u00f3venes, en la antesala del 25N &#8211;\u00a0<\/a><a>Canal Sur<\/a><\/p>\n<p><strong>Cienci<\/strong><strong>a y Cultura<br \/>\n<\/strong><a href=\"https:\/\/www.google.com\/url?rct=j&amp;sa=t&amp;url=https:\/\/www.aulamagna.com.es\/las-instituciones-almerienses-afianzan-su-lucha-contra-la-violencia-de-genero\/&amp;ct=ga&amp;cd=CAEYASoUMTA5Njc5Mzk1OTg0NjA1NDg4MDQyGWMwMzcyZWJjMmZlYWRhNTk6ZXM6ZXM6RVM&amp;usg=AOvVaw1To144-f5Hp360ixitjl3l\" target=\"_blank\" rel=\"noopener\" data-saferedirecturl=\"https:\/\/www.google.com\/url?q=https:\/\/www.google.com\/url?rct%3Dj%26sa%3Dt%26url%3Dhttps:\/\/www.aulamagna.com.es\/las-instituciones-almerienses-afianzan-su-lucha-contra-la-violencia-de-genero\/%26ct%3Dga%26cd%3DCAEYASoUMTA5Njc5Mzk1OTg0NjA1NDg4MDQyGWMwMzcyZWJjMmZlYWRhNTk6ZXM6ZXM6RVM%26usg%3DAOvVaw1To144-f5Hp360ixitjl3l&amp;source=gmail&amp;ust=1667904761728000&amp;usg=AOvVaw03oYU4SfrogF-hTJkb4wTe\">Instituciones almerienses afianzan su lucha contra la violencia de g\u00e9nero-\u00a0<\/a><a>Aula Magna<br \/>\n<\/a><a class=\"title\" href=\"https:\/\/www.canalsur.es\/noticias\/andalucia\/pura-sanchez-que-se-quite-a-los-verdugos-de-lugares-preminentes-es-una-cuestion-de-justicia-historica\/1870590.html\" target=\"_blank\" rel=\"noopener\" data-artpy=\"0\" data-author=\"canalsur\">Pura S\u00e1nchez: \u00abQue se quite a los verdugos de lugares preminentes es una cuesti\u00f3n de justicia hist\u00f3rica\u00bb<\/a>-canalsur<a><br \/>\n<\/a><a class=\"title\" href=\"https:\/\/www.diariodesevilla.es\/sevilla\/Nostalgias-Litoral-Diaz-Perez-Rochelambert_0_1736227494.html\" target=\"_blank\" rel=\"noopener\" data-artpy=\"0\" data-author=\"Diario de Sevilla\">Nostalgias de Litoral: Eva D\u00edaz P\u00e9rez vuelve a Rochelambert<\/a>-diariodesevilla<a><br \/>\n<\/a><a class=\"title\" href=\"https:\/\/www.europapress.es\/andalucia\/sevilla-00357\/noticia-natalia-molina-recibe-premio-canal-sur-radio-television-trayectoria-festival-sevilla-20221107103811.html\" target=\"_blank\" rel=\"noopener\" data-artpy=\"0\" data-author=\"Europa Press\">Natalia de Molina recibe el &#8216;Premio Canal Sur Radio y Televisi\u00f3n a la Trayectoria&#8217; en el Festival de Sevilla<\/a>-europapress<a><br \/>\n<\/a><a href=\"https:\/\/www.google.com\/url?rct=j&amp;sa=t&amp;url=https:\/\/www.diariojaen.es\/provincia\/las-guardianas-del-cante-flamenco-YC8703067&amp;ct=ga&amp;cd=CAEYAioTMjkyNjE2NjQ5MDI1MTExNTI4NTIbOWFiMWNkZDdlMzY2ZWYzODplczplczpFUzpS&amp;usg=AOvVaw3xikg4RC9HDCHq6Od9CrTq\" target=\"_blank\" rel=\"noopener\" data-saferedirecturl=\"https:\/\/www.google.com\/url?q=https:\/\/www.google.com\/url?rct%3Dj%26sa%3Dt%26url%3Dhttps:\/\/www.diariojaen.es\/provincia\/las-guardianas-del-cante-flamenco-YC8703067%26ct%3Dga%26cd%3DCAEYAioTMjkyNjE2NjQ5MDI1MTExNTI4NTIbOWFiMWNkZDdlMzY2ZWYzODplczplczpFUzpS%26usg%3DAOvVaw3xikg4RC9HDCHq6Od9CrTq&amp;source=gmail&amp;ust=1667895113285000&amp;usg=AOvVaw3v_DdU-zumPLVodcSfaB7v\">Las guardianas del cante flamenco<\/a><strong><a href=\"https:\/\/www.google.com\/url?rct=j&amp;sa=t&amp;url=https:\/\/www.diariojaen.es\/provincia\/las-guardianas-del-cante-flamenco-YC8703067&amp;ct=ga&amp;cd=CAEYAioTMjkyNjE2NjQ5MDI1MTExNTI4NTIbOWFiMWNkZDdlMzY2ZWYzODplczplczpFUzpS&amp;usg=AOvVaw3xikg4RC9HDCHq6Od9CrTq\" target=\"_blank\" rel=\"noopener\" data-saferedirecturl=\"https:\/\/www.google.com\/url?q=https:\/\/www.google.com\/url?rct%3Dj%26sa%3Dt%26url%3Dhttps:\/\/www.diariojaen.es\/provincia\/las-guardianas-del-cante-flamenco-YC8703067%26ct%3Dga%26cd%3DCAEYAioTMjkyNjE2NjQ5MDI1MTExNTI4NTIbOWFiMWNkZDdlMzY2ZWYzODplczplczpFUzpS%26usg%3DAOvVaw3xikg4RC9HDCHq6Od9CrTq&amp;source=gmail&amp;ust=1667895113285000&amp;usg=AOvVaw3v_DdU-zumPLVodcSfaB7v\">\u00a0&#8211;\u00a0<\/a><\/strong>d<a>iariojaen<br \/>\n<\/a><a class=\"title\" href=\"https:\/\/www.ideal.es\/culturas\/rebelion-bernarda-inaugura-20221107121630-nt.html\" target=\"_blank\" rel=\"noopener\" data-artpy=\"0\" data-author=\"ideal\">&#8216;La Rebeli\u00f3n de Bernarda&#8217; inaugura la segunda Semana de Cine e Igualdad de Maracena\u00a0<\/a>-elideal<strong><br \/>\n<\/strong><a class=\"title\" href=\"https:\/\/www.msn.com\/es-es\/news\/espana\/los-premios-atene-c3-adstas-galardonan-a-in-c3-a9s-bac-c3-a1n-benito-zambrano-ana-rossetti-mart-c3-adnez-ares-y-miguel-delibes\/ar-AA13Mt9a\" target=\"_blank\" rel=\"noopener\" data-artpy=\"0\" data-author=\"Europa Press on MSN\">Los Premios Atene\u00edstas galardonan a In\u00e9s Bac\u00e1n, Benito Zambrano, Ana Rossetti, Mart\u00ednez Ares y Miguel Delibes<\/a>-europapress<strong><br \/>\n<\/strong><\/p>\n<p><strong>Deportes<br \/>\n<\/strong><a class=\"title\" href=\"https:\/\/andaluciainformacion.es\/estepona\/1111239\/el-futbol-femenino-se-esta-profesionalizando-mas-ultimamente\/\" target=\"_blank\" rel=\"noopener\" data-artpy=\"0\" data-author=\"Andaluc\u00eda Informaci\u00f3n\">\u201cEl f\u00fatbol femenino se est\u00e1 profesionalizando m\u00e1s \u00faltimamente\u201d<\/a>-andaluciainformacion<strong><br \/>\n<\/strong><a href=\"https:\/\/www.google.com\/url?rct=j&amp;sa=t&amp;url=https:\/\/www.malaga.es\/buscar\/3200\/com1_md-3\/com1_md3_cd-46788\/magnifico-poker-andaluz-para-el-andalucia-costa-del-sol-open-de-espana-2022&amp;ct=ga&amp;cd=CAEYACoUMTgzNDA0NDk4NzMzODY3ODkyOTAyGWQ3OGU1ODc1YTBmMWYyYWM6ZXM6ZXM6RVM&amp;usg=AOvVaw1mTm-CaM38AjMm2l-pUy3e\" target=\"_blank\" rel=\"noopener\" data-saferedirecturl=\"https:\/\/www.google.com\/url?q=https:\/\/www.google.com\/url?rct%3Dj%26sa%3Dt%26url%3Dhttps:\/\/www.malaga.es\/buscar\/3200\/com1_md-3\/com1_md3_cd-46788\/magnifico-poker-andaluz-para-el-andalucia-costa-del-sol-open-de-espana-2022%26ct%3Dga%26cd%3DCAEYACoUMTgzNDA0NDk4NzMzODY3ODkyOTAyGWQ3OGU1ODc1YTBmMWYyYWM6ZXM6ZXM6RVM%26usg%3DAOvVaw1mTm-CaM38AjMm2l-pUy3e&amp;source=gmail&amp;ust=1667895391365000&amp;usg=AOvVaw0rDC06REAC1HNLPU2tv1XI\">Magn\u00edfico p\u00f3ker andaluz\u00a0para el\u00a0Andaluc\u00eda Costa del Sol Open de Espa\u00f1a 2022-\u00a0<\/a><a>Diputaci\u00f3n de M\u00e1laga<br \/>\n<\/a><a class=\"title\" href=\"https:\/\/www.msn.com\/es-es\/sports\/futbol\/granada-premiada-por-el-consejo-superior-como-mejor-ciudad-organizadora-de-la-semana-europea-del-deporte\/ar-AA13NQkc\" target=\"_blank\" rel=\"noopener\" data-artpy=\"0\" data-author=\"Europa Press on MSN\">Granada, premiada por el Consejo Superior como mejor ciudad organizadora de la Semana Europea del Deporte<\/a>-europapress<\/p>\n<\/div>\n<\/div>\n<div id=\"\" class=\"lsow-panel lsow-active\">\n<h1 class=\"lsow-panel-title\">Estado<\/h1>\n<div class=\"lsow-panel-content\">\n<p><strong>Institucional<br \/>\n<\/strong><a href=\"https:\/\/www.google.com\/url?rct=j&amp;sa=t&amp;url=https:\/\/www.informacion.es\/politica\/2022\/11\/04\/justicia-anuncia-destinara-65-000-78148376.html&amp;ct=ga&amp;cd=CAEYACoTNjA2MDgxMjMzOTI5ODIxMzI3NTIZZTFlNzdkMTU2MDk4YThlMzplczplczpFUw&amp;usg=AOvVaw10XXaQ21D4yCQ-Wputvk37\" target=\"_blank\" rel=\"noopener\" data-saferedirecturl=\"https:\/\/www.google.com\/url?q=https:\/\/www.google.com\/url?rct%3Dj%26sa%3Dt%26url%3Dhttps:\/\/www.informacion.es\/politica\/2022\/11\/04\/justicia-anuncia-destinara-65-000-78148376.html%26ct%3Dga%26cd%3DCAEYACoTNjA2MDgxMjMzOTI5ODIxMzI3NTIZZTFlNzdkMTU2MDk4YThlMzplczplczpFUw%26usg%3DAOvVaw10XXaQ21D4yCQ-Wputvk37&amp;source=gmail&amp;ust=1667895107044000&amp;usg=AOvVaw1_-SQrVUkksKyzfKi0J2N1\">Justicia anuncia que destinar\u00e1 65.000 euros al d\u00eda a la lucha contra la violencia machista-\u00a0<\/a><a>Diario Informaci\u00f3n<\/a><\/p>\n<p><strong>Institucional \u2013 CCAA<br \/>\n<\/strong><a href=\"https:\/\/www.google.com\/url?rct=j&amp;sa=t&amp;url=https:\/\/www.castillalamancha.es\/actualidad\/notasdeprensa\/el-gobierno-de-castilla-la-mancha-visibiliza-y-reconoce-los-proyectos-cinematogr%25C3%25A1ficos-liderados-por&amp;ct=ga&amp;cd=CAEYAioUMTI5Nzg5NDY2Njc5MDIxNjg2MjEyGWMwMzcyZWJjMmZlYWRhNTk6ZXM6ZXM6RVM&amp;usg=AOvVaw2bQxmjC9YDqrymjBwI1zZl\" target=\"_blank\" rel=\"noopener\" data-saferedirecturl=\"https:\/\/www.google.com\/url?q=https:\/\/www.google.com\/url?rct%3Dj%26sa%3Dt%26url%3Dhttps:\/\/www.castillalamancha.es\/actualidad\/notasdeprensa\/el-gobierno-de-castilla-la-mancha-visibiliza-y-reconoce-los-proyectos-cinematogr%2525C3%2525A1ficos-liderados-por%26ct%3Dga%26cd%3DCAEYAioUMTI5Nzg5NDY2Njc5MDIxNjg2MjEyGWMwMzcyZWJjMmZlYWRhNTk6ZXM6ZXM6RVM%26usg%3DAOvVaw2bQxmjC9YDqrymjBwI1zZl&amp;source=gmail&amp;ust=1667895112713000&amp;usg=AOvVaw3domlb2RtuTm58v_91dvaF\">El Gobierno de Castilla-La Mancha visibiliza y reconoce los proyectos cinematogr\u00e1ficos &#8230;-\u00a0<\/a><a>Gobierno de C-LM<br \/>\n<\/a><a href=\"https:\/\/www.google.com\/url?rct=j&amp;sa=t&amp;url=https:\/\/www.eldiario.es\/canariasahora\/lapalmaahora\/sociedad\/cabildo-instituto-canario-igualdad-organizaron-talleres-formativos-violencia-sexual_1_9686829.html&amp;ct=ga&amp;cd=CAEYAioTOTUyMzk4OTE0MDk5MTg3MjcwNDIZYzAzNzJlYmMyZmVhZGE1OTplczplczpFUw&amp;usg=AOvVaw0XwDUMDurWvxIkAcVrOOZQ\" target=\"_blank\" rel=\"noopener\" data-saferedirecturl=\"https:\/\/www.google.com\/url?q=https:\/\/www.google.com\/url?rct%3Dj%26sa%3Dt%26url%3Dhttps:\/\/www.eldiario.es\/canariasahora\/lapalmaahora\/sociedad\/cabildo-instituto-canario-igualdad-organizaron-talleres-formativos-violencia-sexual_1_9686829.html%26ct%3Dga%26cd%3DCAEYAioTOTUyMzk4OTE0MDk5MTg3MjcwNDIZYzAzNzJlYmMyZmVhZGE1OTplczplczpFUw%26usg%3DAOvVaw0XwDUMDurWvxIkAcVrOOZQ&amp;source=gmail&amp;ust=1667895113016000&amp;usg=AOvVaw3dCllOHmfgHYFOTWyE1YcK\">El Cabildo y el Instituto Canario de Igualdad organizaron talleres formativos sobre violencia sexual-\u00a0<\/a><a>El Diario<\/a><\/p>\n<p><strong>Econom\u00eda y Empresa<br \/>\n<\/strong><a href=\"https:\/\/www.google.com\/url?rct=j&amp;sa=t&amp;url=http:\/\/www.diariosigloxxi.com\/texto-diario\/mostrar\/4059815\/importancia-implantacion-control-seguimiento-plan-igualdad-ciedo&amp;ct=ga&amp;cd=CAEYACoUMTI2Mjg5NjA4NjM2MDIzODc0MzQyGWMwMzcyZWJjMmZlYWRhNTk6ZXM6ZXM6RVM&amp;usg=AOvVaw0lVN83GELY3xQp0pm0r_ZF\" target=\"_blank\" rel=\"noopener\" data-saferedirecturl=\"https:\/\/www.google.com\/url?q=https:\/\/www.google.com\/url?rct%3Dj%26sa%3Dt%26url%3Dhttp:\/\/www.diariosigloxxi.com\/texto-diario\/mostrar\/4059815\/importancia-implantacion-control-seguimiento-plan-igualdad-ciedo%26ct%3Dga%26cd%3DCAEYACoUMTI2Mjg5NjA4NjM2MDIzODc0MzQyGWMwMzcyZWJjMmZlYWRhNTk6ZXM6ZXM6RVM%26usg%3DAOvVaw0lVN83GELY3xQp0pm0r_ZF&amp;source=gmail&amp;ust=1667895112739000&amp;usg=AOvVaw0MXzAFgIEosJeiFAimIi48\">La importancia de la implantaci\u00f3n, el control y el seguimiento del plan de igualdad, por CIEDO-\u00a0<\/a><a>Diario Siglo XXI<br \/>\n<\/a><a class=\"title\" href=\"https:\/\/www.msn.com\/es-es\/finance\/noticias\/dos-informes-avalan-la-subida-del-salario-m-c3-adnimo-que-se-plantea-el-gobierno\/ar-AA13OY7p\" target=\"_blank\" rel=\"noopener\" data-artpy=\"0\" data-author=\"Cadena SER on MSN\">Dos informes avalan la subida del salario m\u00ednimo que se plantea el Gobierno<\/a>-ser<br \/>\n<a class=\"title\" href=\"https:\/\/dirigentesdigital.com\/economia\/requisitos-del-autonomo-para-acogerse-a-la-cuota-cero\" target=\"_blank\" rel=\"noopener\" data-artpy=\"0\" data-author=\"Dirigentes Digital\">Requisitos del aut\u00f3nomo para acogerse a la \u2018Cuota Cero\u2019<\/a>-dirigentesdigital<br \/>\n<a class=\"title\" href=\"https:\/\/www.eldiario.es\/sociedad\/ley-pobreza-tiempo-impide-conciliar-afecta-doble-mujeres_1_9681951.html\" target=\"_blank\" rel=\"noopener\" data-artpy=\"0\" data-author=\"eldiario.es\">Una ley contra la \u201cpobreza del tiempo\u201d que impide conciliar y afecta el doble a las mujeres<\/a>-eldiario<a><br \/>\n<\/a><\/p>\n<p><strong>Actualidad<br \/>\n<\/strong><a href=\"https:\/\/elpais.com\/sociedad\/2022-11-05\/las-madres-solteras-por-eleccion-se-multiplican-hace-50-anos-se-veia-fatal-ahora-nos-dicen-te-envidio.html\">Las madres solteras por elecci\u00f3n se multiplican: \u201cHace 50 a\u00f1os se ve\u00eda fatal. Ahora nos dicen \u2018te envidio\u201d<\/a>-elpais<br \/>\n<a href=\"https:\/\/www.google.com\/url?rct=j&amp;sa=t&amp;url=https:\/\/www.eldiario.es\/canariasahora\/impulsa-startups\/impulsa-startups-impulsa-ventures-administracion-brecha-digital-brecha-territorial-brecha-de-genero-genero_1_9682037.html&amp;ct=ga&amp;cd=CAEYASoUMTI5MDM4OTUyODczNDA2NTMzNTYyGTU5ZDc4MTcxMzZhMmQwMjg6ZXM6ZXM6RVM&amp;usg=AOvVaw140LVDU1ZQvOo9EiL7h994\" target=\"_blank\" rel=\"noopener\" data-saferedirecturl=\"https:\/\/www.google.com\/url?q=https:\/\/www.google.com\/url?rct%3Dj%26sa%3Dt%26url%3Dhttps:\/\/www.eldiario.es\/canariasahora\/impulsa-startups\/impulsa-startups-impulsa-ventures-administracion-brecha-digital-brecha-territorial-brecha-de-genero-genero_1_9682037.html%26ct%3Dga%26cd%3DCAEYASoUMTI5MDM4OTUyODczNDA2NTMzNTYyGTU5ZDc4MTcxMzZhMmQwMjg6ZXM6ZXM6RVM%26usg%3DAOvVaw140LVDU1ZQvOo9EiL7h994&amp;source=gmail&amp;ust=1667895112466000&amp;usg=AOvVaw0nSMB-vNQgnU71y_pwjkAp\">La Administraci\u00f3n cerca de ti\u00bb: un Plan para combatir las brechas digitales, territoriales y de\u00a0g\u00e9nero-<\/a><a>\u00a0eldiario<br \/>\n<\/a><a class=\"title\" href=\"https:\/\/cincodias.elpais.com\/cincodias\/2022\/11\/05\/economia\/1667650662_643335.html\" target=\"_blank\" rel=\"noopener\" data-artpy=\"0\" data-author=\"EL PA\u00cdS\">Ana Bel\u00e9n, &#8216;La Motera&#8217; y Corina Amor, entre las galardonadas por los premios MAS de Mujeres a Seguir<\/a>-cincodias<a><br \/>\n<\/a><a href=\"https:\/\/www.google.com\/url?rct=j&amp;sa=t&amp;url=https:\/\/www.europapress.es\/nacional\/noticia-espana-portugal-impulsaran-red-entidades-promotoras-cooperacion-territorial-transfronteriza-20221104191033.html&amp;ct=ga&amp;cd=CAEYAioUMTI5MDM4OTUyODczNDA2NTMzNTYyGTU5ZDc4MTcxMzZhMmQwMjg6ZXM6ZXM6RVM&amp;usg=AOvVaw3Cm9xGgQBSjBB_djOP1DfW\" target=\"_blank\" rel=\"noopener\" data-saferedirecturl=\"https:\/\/www.google.com\/url?q=https:\/\/www.google.com\/url?rct%3Dj%26sa%3Dt%26url%3Dhttps:\/\/www.europapress.es\/nacional\/noticia-espana-portugal-impulsaran-red-entidades-promotoras-cooperacion-territorial-transfronteriza-20221104191033.html%26ct%3Dga%26cd%3DCAEYAioUMTI5MDM4OTUyODczNDA2NTMzNTYyGTU5ZDc4MTcxMzZhMmQwMjg6ZXM6ZXM6RVM%26usg%3DAOvVaw3Cm9xGgQBSjBB_djOP1DfW&amp;source=gmail&amp;ust=1667895112466000&amp;usg=AOvVaw11oRz0o2JpMOWIBRbqwloA\">Espa\u00f1a y Portugal impulsar\u00e1n una red de entidades promotoras de la Cooperaci\u00f3n &#8230;-\u00a0<\/a><a>Europa Press<br \/>\n<\/a><a class=\"title\" href=\"https:\/\/www.msn.com\/es-es\/lifestyle\/moda\/el-fen-c3-b3meno-de-la-caza-femenina-en-espa-c3-b1a-se-duplica-en-un-a-c3-b1o-el-n-c3-bamero-de-mujeres-con-licencia-de-armas\/ar-AA13OIFt\" target=\"_blank\" rel=\"noopener\" data-artpy=\"0\" data-author=\"El Mundo on MSN\">El fen\u00f3meno de la caza (femenina) en Espa\u00f1a: se duplica en un a\u00f1o el n\u00famero de mujeres con licencia de armas<\/a>-elmundo<br \/>\n<a class=\"title\" href=\"https:\/\/www.msn.com\/es-es\/lifestyle\/familia\/el-n-c3-bamero-de-personas-sin-hogar-sigue-subiendo-en-espa-c3-b1a-es-la-situaci-c3-b3n-m-c3-a1s-dif-c3-adcil-que-he-vivido-en-toda-mi-vida\/ar-AA13Os4H\" target=\"_blank\" rel=\"noopener\" data-artpy=\"0\" data-author=\"20 minutos on MSN\">El n\u00famero de personas sin hogar sigue subiendo en Espa\u00f1a: \u00abEs la situaci\u00f3n m\u00e1s dif\u00edcil que he vivido en toda mi vida\u00bb<\/a>-20minutos<a><br \/>\n<\/a><\/p>\n<p><strong>Violencias<br \/>\n<\/strong><a href=\"https:\/\/www.google.com\/url?rct=j&amp;sa=t&amp;url=https:\/\/eldiariofeminista.info\/2022\/11\/06\/mas-del-60-de-las-mujeres-con-adicciones-han-padecido-violencia-de-genero\/&amp;ct=ga&amp;cd=CAEYACoTNTg0MTY3MDE5OTkzMDY5MTcwODIZNTlkNzgxNzEzNmEyZDAyODplczplczpFUw&amp;usg=AOvVaw2PvQ3SI4uo2xZanPQ8N_R4\" target=\"_blank\" rel=\"noopener\" data-saferedirecturl=\"https:\/\/www.google.com\/url?q=https:\/\/www.google.com\/url?rct%3Dj%26sa%3Dt%26url%3Dhttps:\/\/eldiariofeminista.info\/2022\/11\/06\/mas-del-60-de-las-mujeres-con-adicciones-han-padecido-violencia-de-genero\/%26ct%3Dga%26cd%3DCAEYACoTNTg0MTY3MDE5OTkzMDY5MTcwODIZNTlkNzgxNzEzNmEyZDAyODplczplczpFUw%26usg%3DAOvVaw2PvQ3SI4uo2xZanPQ8N_R4&amp;source=gmail&amp;ust=1667895112598000&amp;usg=AOvVaw2CWFEru0uEIG7HRrxVBssd\">M\u00e1s del 60% de las mujeres con adicciones han padecido violencia de g\u00e9nero<\/a>&#8211;<a>Diario Feminista<br \/>\n<\/a><a href=\"https:\/\/www.google.com\/url?rct=j&amp;sa=t&amp;url=https:\/\/www.noticiasdenavarra.com\/sucesos\/2022\/11\/06\/jovenes-normalizan-ciberviolencia-genero-6193437.html&amp;ct=ga&amp;cd=CAEYACoTNzYzOTI0NzQ0MTgwNDMxMDI0NDIZZTFlNzdkMTU2MDk4YThlMzplczplczpFUw&amp;usg=AOvVaw0sFNLQMe0aRT9b4prPFCga\" target=\"_blank\" rel=\"noopener\" data-saferedirecturl=\"https:\/\/www.google.com\/url?q=https:\/\/www.google.com\/url?rct%3Dj%26sa%3Dt%26url%3Dhttps:\/\/www.noticiasdenavarra.com\/sucesos\/2022\/11\/06\/jovenes-normalizan-ciberviolencia-genero-6193437.html%26ct%3Dga%26cd%3DCAEYACoTNzYzOTI0NzQ0MTgwNDMxMDI0NDIZZTFlNzdkMTU2MDk4YThlMzplczplczpFUw%26usg%3DAOvVaw0sFNLQMe0aRT9b4prPFCga&amp;source=gmail&amp;ust=1667895107120000&amp;usg=AOvVaw3mtSDPIgftq96NJdpd47hP\">El 30% de los j\u00f3venes normalizan la ciberviolencia de\u00a0g\u00e9ner<b>o<\/b>\u00a0y no la ven como un delito\u201d-\u00a0<\/a><a>Diario de Noticias<br \/>\n<\/a><a href=\"https:\/\/www.google.com\/url?rct=j&amp;sa=t&amp;url=https:\/\/www.epe.es\/es\/igualdad\/20221104\/violencia-machista-genero-tercera-edad-ancianas-78121089&amp;ct=ga&amp;cd=CAEYAioUMTA5Njc5Mzk1OTg0NjA1NDg4MDQyGWMwMzcyZWJjMmZlYWRhNTk6ZXM6ZXM6RVM&amp;usg=AOvVaw1gB_0w52PbOLLGM1Ie9ZKX\" target=\"_blank\" rel=\"noopener\" data-saferedirecturl=\"https:\/\/www.google.com\/url?q=https:\/\/www.google.com\/url?rct%3Dj%26sa%3Dt%26url%3Dhttps:\/\/www.epe.es\/es\/igualdad\/20221104\/violencia-machista-genero-tercera-edad-ancianas-78121089%26ct%3Dga%26cd%3DCAEYAioUMTA5Njc5Mzk1OTg0NjA1NDg4MDQyGWMwMzcyZWJjMmZlYWRhNTk6ZXM6ZXM6RVM%26usg%3DAOvVaw1gB_0w52PbOLLGM1Ie9ZKX&amp;source=gmail&amp;ust=1667904761729000&amp;usg=AOvVaw11mxrqcj1R8csfME5VOLEc\">Invisible, sufrida durante d\u00e9cadas y en soledad: as\u00ed es la violencia de g\u00e9nero en la vejez-\u00a0<\/a><a>El Peri\u00f3dico de Espa\u00f1a<br \/>\n<\/a><a href=\"https:\/\/www.google.com\/url?rct=j&amp;sa=t&amp;url=https:\/\/www.rtve.es\/noticias\/20221107\/hombre-mata-pareja-hija-mostoles\/2408140.shtml&amp;ct=ga&amp;cd=CAEYACoSMzIzNzMxNDUwMzc3MTMyMjQ1MhllMWU3N2QxNTYwOThhOGUzOmVzOmVzOkVT&amp;usg=AOvVaw1-hnDebOCiUXQIYu6WDo4b\" target=\"_blank\" rel=\"noopener\" data-saferedirecturl=\"https:\/\/www.google.com\/url?q=https:\/\/www.google.com\/url?rct%3Dj%26sa%3Dt%26url%3Dhttps:\/\/www.rtve.es\/noticias\/20221107\/hombre-mata-pareja-hija-mostoles\/2408140.shtml%26ct%3Dga%26cd%3DCAEYACoSMzIzNzMxNDUwMzc3MTMyMjQ1MhllMWU3N2QxNTYwOThhOGUzOmVzOmVzOkVT%26usg%3DAOvVaw1-hnDebOCiUXQIYu6WDo4b&amp;source=gmail&amp;ust=1667899487501000&amp;usg=AOvVaw35P2rG9ZscARlLujAjw-ft\">Un hombre mata a su pareja de 29 a\u00f1os y a su hija de seis en M\u00f3stoles-<\/a><a>rtve<\/a><\/p>\n<p><strong>Ciencia y Cultura<br \/>\n<\/strong><a href=\"https:\/\/elpais.com\/cultura\/2022-11-06\/paloma-diaz-mas-la-historia-de-los-sefardies-nos-hace-comprender-mejor-la-nuestra.html\">Paloma D\u00edaz-Mas, fil\u00f3loga y escritora: \u201cLa historia de los sefard\u00edes nos hace comprender mejor la nuestra\u201d<\/a>-elpais<br \/>\n<a class=\"title\" href=\"https:\/\/www.abc.es\/cultura\/cultural\/carla-hayes-20221107195328-nt.html\" target=\"_blank\" rel=\"noopener\" data-artpy=\"0\" data-author=\"ABC\">Carla Hayes: \u00abPretendo darme cabida a m\u00ed misma y a las que me precedieron, esclavas, invisibilizadas o silenciadas\u00bb<\/a>-abc<br \/>\n<a class=\"title\" href=\"https:\/\/www.diariosigloxxi.com\/texto-s\/mostrar\/477389\/caixaforum-madrid-acoge-jornada-mujeres-madres-dialogo-intercultural\" target=\"_blank\" rel=\"noopener\" data-artpy=\"0\" data-author=\"Diario Siglo XXI\">CaixaForum Madrid acoge la jornada \u2018Mujeres y madres en di\u00e1logo intercultural<\/a>-diariosigloxxi<br \/>\n<a class=\"title\" href=\"https:\/\/www.publico.es\/uwu\/cultura\/memes-para-ver-el-arte-con-perspectiva-de-mujer\/\" target=\"_blank\" rel=\"noopener\" data-artpy=\"0\" data-author=\"P\u00fablico\">Memes para ver el arte con perspectiva de mujer<\/a>-publico<br \/>\n<a class=\"title\" href=\"https:\/\/www.msn.com\/es-es\/news\/espana\/una-muestra-en-el-archivo-hist-c3-b3rico-de-c-c3-a1ceres-pone-de-manifiesto-la-discriminaci-c3-b3n-de-las-mujeres-en-las-artes-visuales\/ar-AA13H4kc\" target=\"_blank\" rel=\"noopener\" data-artpy=\"0\" data-author=\"Europa Press on MSN\">Una muestra en el Archivo Hist\u00f3rico de C\u00e1ceres pone de manifiesto la discriminaci\u00f3n de las mujeres en las artes visuales<\/a>-europapress<br \/>\n<a href=\"https:\/\/www.eldiario.es\/cultura\/cine-omite-cuerpos-diversos-gordofobia-no-accedemos-escenas-sexo-nadie-enamora-gorda_1_9673307.html\">El cine omite los cuerpos diversos: \u201cNo accedemos a escenas de sexo porque nadie se enamora de la gorda\u201d<\/a>-eldiario<a><br \/>\n<\/a><\/p>\n<p><a><strong>Deporte<br \/>\n<\/strong><\/a><strong><a class=\"title\" href=\"https:\/\/www.mundodeportivo.com\/futbol\/femenino\/20221107\/1001892059\/futbol-sala-femenino-acusa-fifa-maltrato-abandono.html\" target=\"_blank\" rel=\"noopener\" data-artpy=\"0\" data-author=\"Mundo Deportivo\">E<\/a><\/strong><a class=\"title\" href=\"https:\/\/www.mundodeportivo.com\/futbol\/femenino\/20221107\/1001892059\/futbol-sala-femenino-acusa-fifa-maltrato-abandono.html\" target=\"_blank\" rel=\"noopener\" data-artpy=\"0\" data-author=\"Mundo Deportivo\">l f\u00fatbol sala femenino acusa a la FIFA de \u201cmaltrato y abandono\u201d<\/a><a>-marca<\/a><strong><br \/>\n<\/strong><\/p>\n<\/div>\n<\/div>\n<div id=\"\" class=\"lsow-panel lsow-active\">\n<h1 class=\"lsow-panel-title\">Internacional<\/h1>\n<div class=\"lsow-panel-content\">\n<p><a href=\"https:\/\/www.google.com\/url?rct=j&amp;sa=t&amp;url=https:\/\/www.telam.com.ar\/notas\/202211\/609977-plataforma-digital-cuidados-conferencia-regional-mujer-america-latina-caribe.html&amp;ct=ga&amp;cd=CAEYAyoUMTY4NTI2NTMwODc4OTExMzgyMTgyGWMwMzcyZWJjMmZlYWRhNTk6ZXM6ZXM6RVM&amp;usg=AOvVaw1QI93CSLM0qr7eT_HOjJfU\" target=\"_blank\" rel=\"noopener\" data-saferedirecturl=\"https:\/\/www.google.com\/url?q=https:\/\/www.google.com\/url?rct%3Dj%26sa%3Dt%26url%3Dhttps:\/\/www.telam.com.ar\/notas\/202211\/609977-plataforma-digital-cuidados-conferencia-regional-mujer-america-latina-caribe.html%26ct%3Dga%26cd%3DCAEYAyoUMTY4NTI2NTMwODc4OTExMzgyMTgyGWMwMzcyZWJjMmZlYWRhNTk6ZXM6ZXM6RVM%26usg%3DAOvVaw1QI93CSLM0qr7eT_HOjJfU&amp;source=gmail&amp;ust=1667895112878000&amp;usg=AOvVaw1AddOFE-iFa4broedzhgPN\">Lanzan una plataforma digital sobre cuidados en la Conferencia Regional de la Mujer<b>&#8211;\u00a0<\/b><\/a><a>T\u00e9lam<br \/>\n<\/a><a href=\"https:\/\/www.google.com\/url?rct=j&amp;sa=t&amp;url=https:\/\/www.perfil.com\/noticias\/elobservador\/la-importancia-de-la-investigacion-en-la-agenda-de-cuidado.phtml&amp;ct=ga&amp;cd=CAEYASoTODExOTY0MDA2MzMwODcwMjAxNjIZYzAzNzJlYmMyZmVhZGE1OTplczplczpFUw&amp;usg=AOvVaw22RvjfiGsUJ45R9HqwkNjT\" target=\"_blank\" rel=\"noopener\" data-saferedirecturl=\"https:\/\/www.google.com\/url?q=https:\/\/www.google.com\/url?rct%3Dj%26sa%3Dt%26url%3Dhttps:\/\/www.perfil.com\/noticias\/elobservador\/la-importancia-de-la-investigacion-en-la-agenda-de-cuidado.phtml%26ct%3Dga%26cd%3DCAEYASoTODExOTY0MDA2MzMwODcwMjAxNjIZYzAzNzJlYmMyZmVhZGE1OTplczplczpFUw%26usg%3DAOvVaw22RvjfiGsUJ45R9HqwkNjT&amp;source=gmail&amp;ust=1667895112942000&amp;usg=AOvVaw1b51AVY21V5bKLo2WTrdDK\">La importancia de la investigaci\u00f3n en la agenda de cuidado &#8211;<\/a><a>Perfil<br \/>\n<\/a><a class=\"title\" href=\"https:\/\/www.adlatina.com\/marketing\/colectivos-de-mujeres-creativas-cuando-las-mujeres-avanzamos-no-retroceden-los-hombres-avanza-la-sociedad\" target=\"_blank\" rel=\"noopener\" data-artpy=\"0\" data-author=\"adlatina\">Colectivos de mujeres creativas: \u201cCuando las mujeres avanzamos no retroceden los hombres, avanza la sociedad\u201d<\/a>-adlatina<br \/>\n<a href=\"https:\/\/www.eldiario.es\/sociedad\/sara-ahmed-feministas-acaban-parte-problema-instituciones-recompensan-callan_128_9676399.html\">Sara Ahmed: \u201cHay feministas que acaban siendo parte del problema porque se recompensa a las que callan\u201d<\/a>-eldiario<br \/>\n<a href=\"https:\/\/www.google.com\/url?rct=j&amp;sa=t&amp;url=https:\/\/www.elindependiente.com\/tendencias\/cultura\/2022\/11\/07\/una-exposicion-en-vietnam-rinde-tributo-a-las-contribuciones-de-las-mujeres-espanolas-y-vietnamitas\/&amp;ct=ga&amp;cd=CAEYACoTOTYxNzc5NzQ2MzczMDEzNDMxMjIZNTlkNzgxNzEzNmEyZDAyODplczplczpFUw&amp;usg=AOvVaw2bb3-HyuAWNAI4jEQ5a9Rw\" target=\"_blank\" rel=\"noopener\" data-saferedirecturl=\"https:\/\/www.google.com\/url?q=https:\/\/www.google.com\/url?rct%3Dj%26sa%3Dt%26url%3Dhttps:\/\/www.elindependiente.com\/tendencias\/cultura\/2022\/11\/07\/una-exposicion-en-vietnam-rinde-tributo-a-las-contribuciones-de-las-mujeres-espanolas-y-vietnamitas\/%26ct%3Dga%26cd%3DCAEYACoTOTYxNzc5NzQ2MzczMDEzNDMxMjIZNTlkNzgxNzEzNmEyZDAyODplczplczpFUw%26usg%3DAOvVaw2bb3-HyuAWNAI4jEQ5a9Rw&amp;source=gmail&amp;ust=1667912278798000&amp;usg=AOvVaw24Xj3KRvkC5lX0RjzUhH4L\">Una exposici\u00f3n en Vietnam rinde tributo a las contribuciones de las mujeres espa\u00f1olas y vietnamitas-\u00a0<\/a><a>El Independiente<br \/>\n<\/a><a class=\"title\" href=\"https:\/\/www.mdzol.com\/mdz-femme\/2022\/11\/6\/los-si-los-no-de-la-ropa-para-las-mujeres-que-viajen-qatar-durante-el-mundial-287069.html\" target=\"_blank\" rel=\"noopener\" data-artpy=\"0\" data-author=\"mdz online\">Los s\u00ed y los no de la ropa para las mujeres que viajen a Qatar durante el Mundial<\/a>-mdz<\/p>\n<\/div>\n<\/div>\n<\/div><\/div><\/div><\/div><\/div>\n","protected":false},"excerpt":{"rendered":"<p>Justicia anuncia que destinar\u00e1 65.000 \u20ac al d\u00eda a la lucha contra la violencia machista * Una ley contra la pobreza del tiempo que impide conciliar y afecta el doble a las mujeres * Las madres solteras por elecci\u00f3n se multiplican * La fil\u00f3loga y escritora Paloma D\u00edaz * Mas ingresa en la RAE <\/p>\n","protected":false},"author":3,"featured_media":22909,"comment_status":"closed","ping_status":"closed","sticky":false,"template":"","format":"standard","meta":{"footnotes":""},"categories":[298,621],"tags":[142,132,141,109],"class_list":["post-17509","post","type-post","status-publish","format-standard","has-post-thumbnail","hentry","category-newsletter","category-nwl-3-0","tag-conciliacion","tag-corresponsabilidad","tag-madres-solas","tag-violencia-de-genero"],"yoast_head":"<!-- This site is optimized with the Yoast SEO plugin v27.5 - https:\/\/yoast.com\/product\/yoast-seo-wordpress\/ -->\n<title>Noticias Info CKL n\u00ba 2734-07\/11\/22 -Comunicar con perspectiva de g\u00e9nero<\/title>\n<meta name=\"description\" content=\"Noticias Info CKL n\u00ba 2734-07\/11\/22 Justicia anuncia que destinar\u00e1 65.000 \u20ac al d\u00eda a la lucha contra la violencia machista * Una ley contra la pobreza del tiempo que impide conciliar y afecta el doble a las mujeres * Las madres solteras por elecci\u00f3n se multiplican * La fil\u00f3loga y escritora Paloma D\u00edaz * Mas ingresa en la RAE\" \/>\n<meta name=\"robots\" content=\"index, follow, max-snippet:-1, max-image-preview:large, max-video-preview:-1\" \/>\n<link rel=\"canonical\" href=\"https:\/\/cklcomunicaciones.es\/coop\/noticias-info-ckl-no-2734-07-11-22\/\" \/>\n<meta property=\"og:locale\" content=\"es_ES\" \/>\n<meta property=\"og:type\" content=\"article\" \/>\n<meta property=\"og:title\" content=\"Noticias Info CKL n\u00ba 2734-07\/11\/22 -Comunicar con perspectiva de g\u00e9nero\" \/>\n<meta property=\"og:description\" content=\"Noticias Info CKL n\u00ba 2734-07\/11\/22 Justicia anuncia que destinar\u00e1 65.000 \u20ac al d\u00eda a la lucha contra la violencia machista * Una ley contra la pobreza del tiempo que impide conciliar y afecta el doble a las mujeres * Las madres solteras por elecci\u00f3n se multiplican * La fil\u00f3loga y escritora Paloma D\u00edaz * Mas ingresa en la RAE\" \/>\n<meta property=\"og:url\" content=\"https:\/\/cklcomunicaciones.es\/coop\/noticias-info-ckl-no-2734-07-11-22\/\" \/>\n<meta property=\"og:site_name\" content=\"CKL Comunicaciones\" \/>\n<meta property=\"article:published_time\" content=\"2022-11-07T12:55:41+00:00\" \/>\n<meta property=\"article:modified_time\" content=\"2025-02-08T20:30:15+00:00\" \/>\n<meta property=\"og:image\" content=\"https:\/\/cklcomunicaciones.es\/coop\/wp-content\/uploads\/2025\/01\/CKL-una-mirada-distinta-de-la-comunicacion.jpg\" \/>\n\t<meta property=\"og:image:width\" content=\"1482\" \/>\n\t<meta property=\"og:image:height\" content=\"775\" \/>\n\t<meta property=\"og:image:type\" content=\"image\/jpeg\" \/>\n<meta name=\"author\" content=\"ckl\" \/>\n<meta name=\"twitter:card\" content=\"summary_large_image\" \/>\n<meta name=\"twitter:label1\" content=\"Escrito por\" \/>\n\t<meta name=\"twitter:data1\" content=\"ckl\" \/>\n\t<meta name=\"twitter:label2\" content=\"Tiempo de lectura\" \/>\n\t<meta name=\"twitter:data2\" content=\"7 minutos\" \/>\n<script type=\"application\/ld+json\" class=\"yoast-schema-graph\">{\"@context\":\"https:\\\/\\\/schema.org\",\"@graph\":[{\"@type\":\"Article\",\"@id\":\"https:\\\/\\\/cklcomunicaciones.es\\\/coop\\\/noticias-info-ckl-no-2734-07-11-22\\\/#article\",\"isPartOf\":{\"@id\":\"https:\\\/\\\/cklcomunicaciones.es\\\/coop\\\/noticias-info-ckl-no-2734-07-11-22\\\/\"},\"author\":{\"name\":\"ckl\",\"@id\":\"https:\\\/\\\/cklcomunicaciones.es\\\/coop\\\/#\\\/schema\\\/person\\\/929a6837f7626450bbb50cee1aef266e\"},\"headline\":\"Noticias Info CKL n\u00ba 2734-07\\\/11\\\/22\",\"datePublished\":\"2022-11-07T12:55:41+00:00\",\"dateModified\":\"2025-02-08T20:30:15+00:00\",\"mainEntityOfPage\":{\"@id\":\"https:\\\/\\\/cklcomunicaciones.es\\\/coop\\\/noticias-info-ckl-no-2734-07-11-22\\\/\"},\"wordCount\":1385,\"image\":{\"@id\":\"https:\\\/\\\/cklcomunicaciones.es\\\/coop\\\/noticias-info-ckl-no-2734-07-11-22\\\/#primaryimage\"},\"thumbnailUrl\":\"https:\\\/\\\/cklcomunicaciones.es\\\/coop\\\/wp-content\\\/uploads\\\/2025\\\/01\\\/CKL-una-mirada-distinta-de-la-comunicacion.jpg\",\"keywords\":[\"conciliaci\u00f3n\",\"corresponsabilidad\",\"madres solas\",\"violencia de g\u00e9nero\"],\"articleSection\":[\"Newsletter\",\"Nwl v3.0\"],\"inLanguage\":\"es\"},{\"@type\":\"WebPage\",\"@id\":\"https:\\\/\\\/cklcomunicaciones.es\\\/coop\\\/noticias-info-ckl-no-2734-07-11-22\\\/\",\"url\":\"https:\\\/\\\/cklcomunicaciones.es\\\/coop\\\/noticias-info-ckl-no-2734-07-11-22\\\/\",\"name\":\"Noticias Info CKL n\u00ba 2734-07\\\/11\\\/22 -Comunicar con perspectiva de g\u00e9nero\",\"isPartOf\":{\"@id\":\"https:\\\/\\\/cklcomunicaciones.es\\\/coop\\\/#website\"},\"primaryImageOfPage\":{\"@id\":\"https:\\\/\\\/cklcomunicaciones.es\\\/coop\\\/noticias-info-ckl-no-2734-07-11-22\\\/#primaryimage\"},\"image\":{\"@id\":\"https:\\\/\\\/cklcomunicaciones.es\\\/coop\\\/noticias-info-ckl-no-2734-07-11-22\\\/#primaryimage\"},\"thumbnailUrl\":\"https:\\\/\\\/cklcomunicaciones.es\\\/coop\\\/wp-content\\\/uploads\\\/2025\\\/01\\\/CKL-una-mirada-distinta-de-la-comunicacion.jpg\",\"datePublished\":\"2022-11-07T12:55:41+00:00\",\"dateModified\":\"2025-02-08T20:30:15+00:00\",\"author\":{\"@id\":\"https:\\\/\\\/cklcomunicaciones.es\\\/coop\\\/#\\\/schema\\\/person\\\/929a6837f7626450bbb50cee1aef266e\"},\"description\":\"Noticias Info CKL n\u00ba 2734-07\\\/11\\\/22 Justicia anuncia que destinar\u00e1 65.000 \u20ac al d\u00eda a la lucha contra la violencia machista * Una ley contra la pobreza del tiempo que impide conciliar y afecta el doble a las mujeres * Las madres solteras por elecci\u00f3n se multiplican * La fil\u00f3loga y escritora Paloma D\u00edaz * Mas ingresa en la RAE\",\"breadcrumb\":{\"@id\":\"https:\\\/\\\/cklcomunicaciones.es\\\/coop\\\/noticias-info-ckl-no-2734-07-11-22\\\/#breadcrumb\"},\"inLanguage\":\"es\",\"potentialAction\":[{\"@type\":\"ReadAction\",\"target\":[\"https:\\\/\\\/cklcomunicaciones.es\\\/coop\\\/noticias-info-ckl-no-2734-07-11-22\\\/\"]}]},{\"@type\":\"ImageObject\",\"inLanguage\":\"es\",\"@id\":\"https:\\\/\\\/cklcomunicaciones.es\\\/coop\\\/noticias-info-ckl-no-2734-07-11-22\\\/#primaryimage\",\"url\":\"https:\\\/\\\/cklcomunicaciones.es\\\/coop\\\/wp-content\\\/uploads\\\/2025\\\/01\\\/CKL-una-mirada-distinta-de-la-comunicacion.jpg\",\"contentUrl\":\"https:\\\/\\\/cklcomunicaciones.es\\\/coop\\\/wp-content\\\/uploads\\\/2025\\\/01\\\/CKL-una-mirada-distinta-de-la-comunicacion.jpg\",\"width\":1482,\"height\":775,\"caption\":\"CKL - una mirada distinta de la comunicacion\"},{\"@type\":\"BreadcrumbList\",\"@id\":\"https:\\\/\\\/cklcomunicaciones.es\\\/coop\\\/noticias-info-ckl-no-2734-07-11-22\\\/#breadcrumb\",\"itemListElement\":[{\"@type\":\"ListItem\",\"position\":1,\"name\":\"Portada\",\"item\":\"https:\\\/\\\/cklcomunicaciones.es\\\/coop\\\/\"},{\"@type\":\"ListItem\",\"position\":2,\"name\":\"Noticias Info CKL n\u00ba 2734-07\\\/11\\\/22\"}]},{\"@type\":\"WebSite\",\"@id\":\"https:\\\/\\\/cklcomunicaciones.es\\\/coop\\\/#website\",\"url\":\"https:\\\/\\\/cklcomunicaciones.es\\\/coop\\\/\",\"name\":\"CKL Comunicaciones\",\"description\":\"Sitio web de CKL Comunicaciones coop , la consultora de comunicaci\u00f3n y estrategia\",\"potentialAction\":[{\"@type\":\"SearchAction\",\"target\":{\"@type\":\"EntryPoint\",\"urlTemplate\":\"https:\\\/\\\/cklcomunicaciones.es\\\/coop\\\/?s={search_term_string}\"},\"query-input\":{\"@type\":\"PropertyValueSpecification\",\"valueRequired\":true,\"valueName\":\"search_term_string\"}}],\"inLanguage\":\"es\"},{\"@type\":\"Person\",\"@id\":\"https:\\\/\\\/cklcomunicaciones.es\\\/coop\\\/#\\\/schema\\\/person\\\/929a6837f7626450bbb50cee1aef266e\",\"name\":\"ckl\",\"image\":{\"@type\":\"ImageObject\",\"inLanguage\":\"es\",\"@id\":\"https:\\\/\\\/secure.gravatar.com\\\/avatar\\\/c82db564e8a669bf6023357a157b9dc4780f4d4c618f2ad1d71a6a5dede45057?s=96&d=mm&r=g\",\"url\":\"https:\\\/\\\/secure.gravatar.com\\\/avatar\\\/c82db564e8a669bf6023357a157b9dc4780f4d4c618f2ad1d71a6a5dede45057?s=96&d=mm&r=g\",\"contentUrl\":\"https:\\\/\\\/secure.gravatar.com\\\/avatar\\\/c82db564e8a669bf6023357a157b9dc4780f4d4c618f2ad1d71a6a5dede45057?s=96&d=mm&r=g\",\"caption\":\"ckl\"},\"url\":\"https:\\\/\\\/cklcomunicaciones.es\\\/coop\\\/author\\\/cklcomunicaciones\\\/\"}]}<\/script>\n<!-- \/ Yoast SEO plugin. -->","yoast_head_json":{"title":"Noticias Info CKL n\u00ba 2734-07\/11\/22 -Comunicar con perspectiva de g\u00e9nero","description":"Noticias Info CKL n\u00ba 2734-07\/11\/22 Justicia anuncia que destinar\u00e1 65.000 \u20ac al d\u00eda a la lucha contra la violencia machista * Una ley contra la pobreza del tiempo que impide conciliar y afecta el doble a las mujeres * Las madres solteras por elecci\u00f3n se multiplican * La fil\u00f3loga y escritora Paloma D\u00edaz * Mas ingresa en la RAE","robots":{"index":"index","follow":"follow","max-snippet":"max-snippet:-1","max-image-preview":"max-image-preview:large","max-video-preview":"max-video-preview:-1"},"canonical":"https:\/\/cklcomunicaciones.es\/coop\/noticias-info-ckl-no-2734-07-11-22\/","og_locale":"es_ES","og_type":"article","og_title":"Noticias Info CKL n\u00ba 2734-07\/11\/22 -Comunicar con perspectiva de g\u00e9nero","og_description":"Noticias Info CKL n\u00ba 2734-07\/11\/22 Justicia anuncia que destinar\u00e1 65.000 \u20ac al d\u00eda a la lucha contra la violencia machista * Una ley contra la pobreza del tiempo que impide conciliar y afecta el doble a las mujeres * Las madres solteras por elecci\u00f3n se multiplican * La fil\u00f3loga y escritora Paloma D\u00edaz * Mas ingresa en la RAE","og_url":"https:\/\/cklcomunicaciones.es\/coop\/noticias-info-ckl-no-2734-07-11-22\/","og_site_name":"CKL Comunicaciones","article_published_time":"2022-11-07T12:55:41+00:00","article_modified_time":"2025-02-08T20:30:15+00:00","og_image":[{"width":1482,"height":775,"url":"https:\/\/cklcomunicaciones.es\/coop\/wp-content\/uploads\/2025\/01\/CKL-una-mirada-distinta-de-la-comunicacion.jpg","type":"image\/jpeg"}],"author":"ckl","twitter_card":"summary_large_image","twitter_misc":{"Escrito por":"ckl","Tiempo de lectura":"7 minutos"},"schema":{"@context":"https:\/\/schema.org","@graph":[{"@type":"Article","@id":"https:\/\/cklcomunicaciones.es\/coop\/noticias-info-ckl-no-2734-07-11-22\/#article","isPartOf":{"@id":"https:\/\/cklcomunicaciones.es\/coop\/noticias-info-ckl-no-2734-07-11-22\/"},"author":{"name":"ckl","@id":"https:\/\/cklcomunicaciones.es\/coop\/#\/schema\/person\/929a6837f7626450bbb50cee1aef266e"},"headline":"Noticias Info CKL n\u00ba 2734-07\/11\/22","datePublished":"2022-11-07T12:55:41+00:00","dateModified":"2025-02-08T20:30:15+00:00","mainEntityOfPage":{"@id":"https:\/\/cklcomunicaciones.es\/coop\/noticias-info-ckl-no-2734-07-11-22\/"},"wordCount":1385,"image":{"@id":"https:\/\/cklcomunicaciones.es\/coop\/noticias-info-ckl-no-2734-07-11-22\/#primaryimage"},"thumbnailUrl":"https:\/\/cklcomunicaciones.es\/coop\/wp-content\/uploads\/2025\/01\/CKL-una-mirada-distinta-de-la-comunicacion.jpg","keywords":["conciliaci\u00f3n","corresponsabilidad","madres solas","violencia de g\u00e9nero"],"articleSection":["Newsletter","Nwl v3.0"],"inLanguage":"es"},{"@type":"WebPage","@id":"https:\/\/cklcomunicaciones.es\/coop\/noticias-info-ckl-no-2734-07-11-22\/","url":"https:\/\/cklcomunicaciones.es\/coop\/noticias-info-ckl-no-2734-07-11-22\/","name":"Noticias Info CKL n\u00ba 2734-07\/11\/22 -Comunicar con perspectiva de g\u00e9nero","isPartOf":{"@id":"https:\/\/cklcomunicaciones.es\/coop\/#website"},"primaryImageOfPage":{"@id":"https:\/\/cklcomunicaciones.es\/coop\/noticias-info-ckl-no-2734-07-11-22\/#primaryimage"},"image":{"@id":"https:\/\/cklcomunicaciones.es\/coop\/noticias-info-ckl-no-2734-07-11-22\/#primaryimage"},"thumbnailUrl":"https:\/\/cklcomunicaciones.es\/coop\/wp-content\/uploads\/2025\/01\/CKL-una-mirada-distinta-de-la-comunicacion.jpg","datePublished":"2022-11-07T12:55:41+00:00","dateModified":"2025-02-08T20:30:15+00:00","author":{"@id":"https:\/\/cklcomunicaciones.es\/coop\/#\/schema\/person\/929a6837f7626450bbb50cee1aef266e"},"description":"Noticias Info CKL n\u00ba 2734-07\/11\/22 Justicia anuncia que destinar\u00e1 65.000 \u20ac al d\u00eda a la lucha contra la violencia machista * Una ley contra la pobreza del tiempo que impide conciliar y afecta el doble a las mujeres * Las madres solteras por elecci\u00f3n se multiplican * La fil\u00f3loga y escritora Paloma D\u00edaz * Mas ingresa en la RAE","breadcrumb":{"@id":"https:\/\/cklcomunicaciones.es\/coop\/noticias-info-ckl-no-2734-07-11-22\/#breadcrumb"},"inLanguage":"es","potentialAction":[{"@type":"ReadAction","target":["https:\/\/cklcomunicaciones.es\/coop\/noticias-info-ckl-no-2734-07-11-22\/"]}]},{"@type":"ImageObject","inLanguage":"es","@id":"https:\/\/cklcomunicaciones.es\/coop\/noticias-info-ckl-no-2734-07-11-22\/#primaryimage","url":"https:\/\/cklcomunicaciones.es\/coop\/wp-content\/uploads\/2025\/01\/CKL-una-mirada-distinta-de-la-comunicacion.jpg","contentUrl":"https:\/\/cklcomunicaciones.es\/coop\/wp-content\/uploads\/2025\/01\/CKL-una-mirada-distinta-de-la-comunicacion.jpg","width":1482,"height":775,"caption":"CKL - una mirada distinta de la comunicacion"},{"@type":"BreadcrumbList","@id":"https:\/\/cklcomunicaciones.es\/coop\/noticias-info-ckl-no-2734-07-11-22\/#breadcrumb","itemListElement":[{"@type":"ListItem","position":1,"name":"Portada","item":"https:\/\/cklcomunicaciones.es\/coop\/"},{"@type":"ListItem","position":2,"name":"Noticias Info CKL n\u00ba 2734-07\/11\/22"}]},{"@type":"WebSite","@id":"https:\/\/cklcomunicaciones.es\/coop\/#website","url":"https:\/\/cklcomunicaciones.es\/coop\/","name":"CKL Comunicaciones","description":"Sitio web de CKL Comunicaciones coop , la consultora de comunicaci\u00f3n y estrategia","potentialAction":[{"@type":"SearchAction","target":{"@type":"EntryPoint","urlTemplate":"https:\/\/cklcomunicaciones.es\/coop\/?s={search_term_string}"},"query-input":{"@type":"PropertyValueSpecification","valueRequired":true,"valueName":"search_term_string"}}],"inLanguage":"es"},{"@type":"Person","@id":"https:\/\/cklcomunicaciones.es\/coop\/#\/schema\/person\/929a6837f7626450bbb50cee1aef266e","name":"ckl","image":{"@type":"ImageObject","inLanguage":"es","@id":"https:\/\/secure.gravatar.com\/avatar\/c82db564e8a669bf6023357a157b9dc4780f4d4c618f2ad1d71a6a5dede45057?s=96&d=mm&r=g","url":"https:\/\/secure.gravatar.com\/avatar\/c82db564e8a669bf6023357a157b9dc4780f4d4c618f2ad1d71a6a5dede45057?s=96&d=mm&r=g","contentUrl":"https:\/\/secure.gravatar.com\/avatar\/c82db564e8a669bf6023357a157b9dc4780f4d4c618f2ad1d71a6a5dede45057?s=96&d=mm&r=g","caption":"ckl"},"url":"https:\/\/cklcomunicaciones.es\/coop\/author\/cklcomunicaciones\/"}]}},"_links":{"self":[{"href":"https:\/\/cklcomunicaciones.es\/coop\/wp-json\/wp\/v2\/posts\/17509","targetHints":{"allow":["GET"]}}],"collection":[{"href":"https:\/\/cklcomunicaciones.es\/coop\/wp-json\/wp\/v2\/posts"}],"about":[{"href":"https:\/\/cklcomunicaciones.es\/coop\/wp-json\/wp\/v2\/types\/post"}],"author":[{"embeddable":true,"href":"https:\/\/cklcomunicaciones.es\/coop\/wp-json\/wp\/v2\/users\/3"}],"replies":[{"embeddable":true,"href":"https:\/\/cklcomunicaciones.es\/coop\/wp-json\/wp\/v2\/comments?post=17509"}],"version-history":[{"count":0,"href":"https:\/\/cklcomunicaciones.es\/coop\/wp-json\/wp\/v2\/posts\/17509\/revisions"}],"wp:featuredmedia":[{"embeddable":true,"href":"https:\/\/cklcomunicaciones.es\/coop\/wp-json\/wp\/v2\/media\/22909"}],"wp:attachment":[{"href":"https:\/\/cklcomunicaciones.es\/coop\/wp-json\/wp\/v2\/media?parent=17509"}],"wp:term":[{"taxonomy":"category","embeddable":true,"href":"https:\/\/cklcomunicaciones.es\/coop\/wp-json\/wp\/v2\/categories?post=17509"},{"taxonomy":"post_tag","embeddable":true,"href":"https:\/\/cklcomunicaciones.es\/coop\/wp-json\/wp\/v2\/tags?post=17509"}],"curies":[{"name":"wp","href":"https:\/\/api.w.org\/{rel}","templated":true}]}}