{"id":17347,"date":"2022-10-19T14:19:48","date_gmt":"2022-10-19T12:19:48","guid":{"rendered":"https:\/\/www.cklcomunicaciones.es\/?p=17347"},"modified":"2025-02-08T22:50:46","modified_gmt":"2025-02-08T21:50:46","slug":"noticias-info-ckl-no-2728-19-10-22","status":"publish","type":"post","link":"https:\/\/cklcomunicaciones.es\/coop\/noticias-info-ckl-no-2728-19-10-22\/","title":{"rendered":"Noticias Info CKL n\u00ba 2728-19\/10\/22"},"content":{"rendered":"<div class=\"fusion-fullwidth fullwidth-box fusion-builder-row-1 fusion-flex-container nonhundred-percent-fullwidth non-hundred-percent-height-scrolling\" style=\"--awb-border-radius-top-left:0px;--awb-border-radius-top-right:0px;--awb-border-radius-bottom-right:0px;--awb-border-radius-bottom-left:0px;--awb-flex-wrap:wrap;\" ><div class=\"fusion-builder-row fusion-row fusion-flex-align-items-flex-start fusion-flex-content-wrap\" style=\"max-width:1248px;margin-left: calc(-4% \/ 2 );margin-right: calc(-4% \/ 2 );\"><div class=\"fusion-layout-column fusion_builder_column fusion-builder-column-0 fusion_builder_column_1_1 1_1 fusion-flex-column\" style=\"--awb-bg-blend:overlay;--awb-bg-size:cover;--awb-width-large:100%;--awb-margin-top-large:0px;--awb-spacing-right-large:1.92%;--awb-margin-bottom-large:0px;--awb-spacing-left-large:1.92%;--awb-width-medium:100%;--awb-spacing-right-medium:1.92%;--awb-spacing-left-medium:1.92%;--awb-width-small:100%;--awb-spacing-right-small:1.92%;--awb-spacing-left-small:1.92%;\"><div class=\"fusion-column-wrapper fusion-flex-justify-content-flex-start fusion-content-layout-column\"><div class=\"fusion-text fusion-text-1\"><h1>Comunicaci\u00f3n, Publicidad y TICs<\/h1>\n<div id=\"\" class=\"lsow-panel lsow-active\">\n<div class=\"lsow-panel-content\">\n<p><a href=\"https:\/\/www.google.com\/url?rct=j&amp;sa=t&amp;url=https:\/\/www.eldiario.es\/canariasahora\/sociedad\/instituto-canario-igualdad-organiza-congreso-internacional-periodismo-perspectiva-genero-noviembre_1_9632185.html&amp;ct=ga&amp;cd=CAEYASoTNDU1OTEwMjk2NTQ3NjAxNjU4MDIZYzAzNzJlYmMyZmVhZGE1OTplczplczpFUw&amp;usg=AOvVaw3kQLrzpD27RwGTZ8RzuTdK\" target=\"_blank\" rel=\"noopener\" data-saferedirecturl=\"https:\/\/www.google.com\/url?q=https:\/\/www.google.com\/url?rct%3Dj%26sa%3Dt%26url%3Dhttps:\/\/www.eldiario.es\/canariasahora\/sociedad\/instituto-canario-igualdad-organiza-congreso-internacional-periodismo-perspectiva-genero-noviembre_1_9632185.html%26ct%3Dga%26cd%3DCAEYASoTNDU1OTEwMjk2NTQ3NjAxNjU4MDIZYzAzNzJlYmMyZmVhZGE1OTplczplczpFUw%26usg%3DAOvVaw3kQLrzpD27RwGTZ8RzuTdK&amp;source=gmail&amp;ust=1666180230640000&amp;usg=AOvVaw2lt2CKF9sAmX6qKr5F5fM3\">El Instituto Canario de Igualdad organiza el congreso internacional &#8216;Periodismo con &#8230; &#8211;\u00a0<\/a><a>El Diario<br \/>\n<\/a><a class=\"title\" href=\"https:\/\/www.heraldo.es\/branded\/el-talento-esta-ahi-es-universal-y-lo-podemos-utilizar-todas\/\" target=\"_blank\" rel=\"noopener\" data-artpy=\"0\" data-author=\"Heraldo\">Teresa Viejo: \u00abEl talento est\u00e1 ah\u00ed, es universal y lo podemos utilizar todas\u00bb<\/a>-heraldo<a><br \/>\n<\/a><a class=\"title\" href=\"https:\/\/prnoticias.com\/2022\/10\/19\/carmen-juncal-nueva-redactora-jefa-de-deportes-de-20minutos\/\" target=\"_blank\" rel=\"noopener\" data-artpy=\"0\" data-author=\"prnoticias\">Carmen Juncal, nueva redactora jefa de Deportes de 20minutos<\/a>-prnoticias<a><br \/>\n<\/a><a class=\"title\" href=\"https:\/\/www.eldiario.es\/murcia\/sociedad\/eldiario-organiza-murcia-jornada-presencia-mujer-deporte_1_9629134.html\" target=\"_blank\" rel=\"noopener\" data-artpy=\"0\" data-author=\"eldiario.es\">elDiario.es organiza en Murcia una jornada sobre la presencia de la mujer en el deporte<\/a>-eldiario<br \/>\n<a class=\"title\" href=\"https:\/\/www.msn.com\/es-es\/news\/deportes\/marca-la-diferencia-estrena-su-segunda-temporada\/ar-AA137RRd\" target=\"_blank\" rel=\"noopener\" data-artpy=\"0\" data-author=\"MARCA on MSN\">&#8216;Marca la Diferencia&#8217; estrena su segunda temporada<\/a>-marca<a><br \/>\n<\/a><\/p>\n<\/div>\n<\/div>\n<div id=\"\" class=\"lsow-panel lsow-active\">\n<h1 class=\"lsow-panel-title\">Andaluc\u00eda<\/h1>\n<div class=\"lsow-panel-content\">\n<p><b>Institucional<br \/>\n<\/b><a href=\"https:\/\/www.google.com\/url?rct=j&amp;sa=t&amp;url=https:\/\/www.lavanguardia.com\/local\/sevilla\/20221018\/8572235\/teresa-blanco-designada-nueva-letrada-adjunta-letrado-mayor-parlamento.html&amp;ct=ga&amp;cd=CAEYAioTOTg5NTEwNTQ3NjQ2MzA2MDU0MzIZZDc4ZTU4NzVhMGYxZjJhYzplczplczpFUw&amp;usg=AOvVaw3_AXoUb36kOveLMpWfXyUB\" target=\"_blank\" rel=\"noopener\" data-saferedirecturl=\"https:\/\/www.google.com\/url?q=https:\/\/www.google.com\/url?rct%3Dj%26sa%3Dt%26url%3Dhttps:\/\/www.lavanguardia.com\/local\/sevilla\/20221018\/8572235\/teresa-blanco-designada-nueva-letrada-adjunta-letrado-mayor-parlamento.html%26ct%3Dga%26cd%3DCAEYAioTOTg5NTEwNTQ3NjQ2MzA2MDU0MzIZZDc4ZTU4NzVhMGYxZjJhYzplczplczpFUw%26usg%3DAOvVaw3_AXoUb36kOveLMpWfXyUB&amp;source=gmail&amp;ust=1666251698872000&amp;usg=AOvVaw3BooIMWhEeFVTJge5Utj2O\">Teresa Blanco, designada nueva letrada adjunta al Letrado Mayor del Parlamento de Andaluc\u00eda&#8230;-\u00a0<\/a><a>La Vanguardia<br \/>\n<\/a><a class=\"title\" href=\"https:\/\/cadenaser.com\/andalucia\/2022\/10\/18\/catalina-garcia-pido-mucha-prudencia-a-los-andaluces-por-el-impacto-de-la-covid-y-la-gripe-juntas-radio-sevilla\/\" target=\"_blank\" rel=\"noopener\" data-artpy=\"0\" data-author=\"Cadena SER\">Catalina Garc\u00eda, Consejera de Salud: \u00abPido mucha prudencia a los andaluces por el impacto de la COVID y la gripe juntas\u00bb-\u00a0<\/a><a>cadenaser<br \/>\n<\/a><a title=\"Loles L\u00f3pez aplaude la creaci\u00f3n de una Comisi\u00f3n de Discapacidad en el Parlamento\" href=\"https:\/\/www.juntadeandalucia.es\/presidencia\/portavoz\/social\/175975\/Igualdad\/inclusion\/discapacidad\/ComisiondeDiscapacidad\/ParlamentodeAndalucia\/Andalucia\/JuntadeAndalucia\/GobiernodeAndalucia\/ConsejeriadeInclusionSocialJuventudFamiliaseIgualdad\/LolesLopez\">Loles L\u00f3pez aplaude la creaci\u00f3n de una Comisi\u00f3n de Discapacidad en el Parlamento<\/a>-juntadeandalucia<br \/>\n<a class=\"title\" href=\"https:\/\/www.msn.com\/es-es\/finance\/noticias\/andaluc-c3-ada-pone-en-marcha-una-estrategia-de-ciberseguridad-pionera-en-espa-c3-b1a\/ar-AA136Sx2\" target=\"_blank\" rel=\"noopener\" data-artpy=\"0\" data-author=\"20 minutos on MSN\">Andaluc\u00eda pone en marcha una estrategia de ciberseguridad \u00abpionera\u00bb en Espa\u00f1a<\/a>-20minutos<a><br \/>\n<\/a><\/p>\n<p><b>Econom\u00eda y Empresa<br \/>\n<\/b><a href=\"https:\/\/www.google.com\/url?rct=j&amp;sa=t&amp;url=https:\/\/www.juntadeandalucia.es\/organismos\/empleoempresaytrabajoautonomo\/servicios\/actualidad\/noticias\/detalle\/370651.html&amp;ct=ga&amp;cd=CAEYACoTMTQ0MDk1NjM4MzQwODc5ODIyNDIZZDc4ZTU4NzVhMGYxZjJhYzplczplczpFUw&amp;usg=AOvVaw3sAXr3VKITYv56ngUuU1qw\" target=\"_blank\" rel=\"noopener\" data-saferedirecturl=\"https:\/\/www.google.com\/url?q=https:\/\/www.google.com\/url?rct%3Dj%26sa%3Dt%26url%3Dhttps:\/\/www.juntadeandalucia.es\/organismos\/empleoempresaytrabajoautonomo\/servicios\/actualidad\/noticias\/detalle\/370651.html%26ct%3Dga%26cd%3DCAEYACoTMTQ0MDk1NjM4MzQwODc5ODIyNDIZZDc4ZTU4NzVhMGYxZjJhYzplczplczpFUw%26usg%3DAOvVaw3sAXr3VKITYv56ngUuU1qw&amp;source=gmail&amp;ust=1666251698857000&amp;usg=AOvVaw3BtzaCysan2eFG4HWsPsYB\">Roc\u00edo Blanco: \u201cDe esta situaci\u00f3n no se sale contra las empresas y los aut\u00f3nomos, se sale &#8230;-\u00a0<\/a><a>Junta de Andaluc\u00eda<br \/>\n<\/a><a class=\"title\" href=\"https:\/\/www.aionsur.com\/la-mujer-y-la-gastronomia-destacan-en-la-segunda-jornada-de-la-ii-semana-de-sevilla-en-madrid\/\" target=\"_blank\" rel=\"noopener\" data-artpy=\"0\" data-author=\"que\">La mujer y la gastronom\u00eda destacan en la segunda jornada de la II Semana de Sevilla en Madrid<\/a>-que<a><br \/>\n<\/a><b><\/b><a href=\"https:\/\/www.google.com\/url?rct=j&amp;sa=t&amp;url=https:\/\/www.huelvainformacion.es\/huelva\/Medicina-Huelva-medicas-medicos-provincia_0_1730227524.html&amp;ct=ga&amp;cd=CAEYACoTNzEyOTc5NzUwOTc0Mjk0NDIxODIZYzAzNzJlYmMyZmVhZGE1OTplczplczpFUw&amp;usg=AOvVaw26n8pwPwAiQ0yvsypjagxn\" target=\"_blank\" rel=\"noopener\" data-saferedirecturl=\"https:\/\/www.google.com\/url?q=https:\/\/www.google.com\/url?rct%3Dj%26sa%3Dt%26url%3Dhttps:\/\/www.huelvainformacion.es\/huelva\/Medicina-Huelva-medicas-medicos-provincia_0_1730227524.html%26ct%3Dga%26cd%3DCAEYACoTNzEyOTc5NzUwOTc0Mjk0NDIxODIZYzAzNzJlYmMyZmVhZGE1OTplczplczpFUw%26usg%3DAOvVaw26n8pwPwAiQ0yvsypjagxn&amp;source=gmail&amp;ust=1666176565477000&amp;usg=AOvVaw1NFzLHreq2DaHAFJiD93N9\">Medicina en Huelva: \u00bfHay m\u00e1s m\u00e9dicas que m\u00e9dicos en la provincia?-\u00a0<\/a><a>Huelva Informaci\u00f3n<br \/>\n<\/a><a class=\"title\" href=\"https:\/\/www.cordobabn.com\/articulo\/cordoba\/sueldo-mujeres-cordoba-es-24-menor-que-hombres\/20221018195311143712.html\" target=\"_blank\" rel=\"noopener\" data-artpy=\"0\" data-author=\"C\u00f3rdoba Buenas Noticias\">El sueldo de las mujeres en C\u00f3rdoba es un 24% menor que el de los hombres<\/a>-cordobabuenasnoticias<br \/>\n<a class=\"title\" href=\"https:\/\/www.eldiario.es\/extremadura\/economia\/peonadas-cobrar-subsidio-agrario-bajan-diez-extremadura-andalucia_1_9635941.html\" target=\"_blank\" rel=\"noopener\" data-artpy=\"0\" data-author=\"eldiario.es\">Las peonadas para cobrar el subsidio agrario bajan a diez en Extremadura y Andaluc\u00eda<\/a>-eldiario<a><br \/>\n<\/a><\/p>\n<p><strong>Actualidad<br \/>\n<\/strong><a href=\"https:\/\/www.google.com\/url?rct=j&amp;sa=t&amp;url=http:\/\/www.juntadeandalucia.es\/presidencia\/portavoz\/175884\/ConsejeriadeDesarrolloEducativo\/ConsejeriadeInclusionSocial\/PatriciadelPozo\/LolesLopez\/profesorado\/ninas\/ninos\/igualdad\/violenciadegenero&amp;ct=ga&amp;cd=CAEYBSoTNjgzMDE3ODEwNTYwNjEwNDkzNDIbOWFiMWNkZDdlMzY2ZWYzODplczplczpFUzpS&amp;usg=AOvVaw3W7FREavBJbUXZt_XsvNMO\" target=\"_blank\" rel=\"noopener\" data-saferedirecturl=\"https:\/\/www.google.com\/url?q=https:\/\/www.google.com\/url?rct%3Dj%26sa%3Dt%26url%3Dhttp:\/\/www.juntadeandalucia.es\/presidencia\/portavoz\/175884\/ConsejeriadeDesarrolloEducativo\/ConsejeriadeInclusionSocial\/PatriciadelPozo\/LolesLopez\/profesorado\/ninas\/ninos\/igualdad\/violenciadegenero%26ct%3Dga%26cd%3DCAEYBSoTNjgzMDE3ODEwNTYwNjEwNDkzNDIbOWFiMWNkZDdlMzY2ZWYzODplczplczpFUzpS%26usg%3DAOvVaw3W7FREavBJbUXZt_XsvNMO&amp;source=gmail&amp;ust=1666176566517000&amp;usg=AOvVaw0p213Uk63B6h-i4JCJsOyB\">La Junta anima a familias y profesorado a ir de la mano para que \u00abni\u00f1as y ni\u00f1os crezcan sin l\u00edmites\u00bb-\u00a0<\/a><a>juntadeandalucia<br \/>\n<\/a><a href=\"https:\/\/www.google.com\/url?rct=j&amp;sa=t&amp;url=https:\/\/www.granadahoy.com\/granada\/proyecto-jovenes-Granada-cuidados-salud-genero-evitar-desigualdades_0_1730228014.html&amp;ct=ga&amp;cd=CAEYAioTMjY3MjI1OTcwNzE1MDQ2MjkzNTIZNTlkNzgxNzEzNmEyZDAyODplczplczpFUw&amp;usg=AOvVaw3TXCjXUoYo_kP6MbOw9V7S\" target=\"_blank\" rel=\"noopener\" data-saferedirecturl=\"https:\/\/www.google.com\/url?q=https:\/\/www.google.com\/url?rct%3Dj%26sa%3Dt%26url%3Dhttps:\/\/www.granadahoy.com\/granada\/proyecto-jovenes-Granada-cuidados-salud-genero-evitar-desigualdades_0_1730228014.html%26ct%3Dga%26cd%3DCAEYAioTMjY3MjI1OTcwNzE1MDQ2MjkzNTIZNTlkNzgxNzEzNmEyZDAyODplczplczpFUw%26usg%3DAOvVaw3TXCjXUoYo_kP6MbOw9V7S&amp;source=gmail&amp;ust=1666176565201000&amp;usg=AOvVaw0psR4pypyGAOnBbdpAPGIP\">Un proyecto para j\u00f3venes de Granada une cuidados, salud y g\u00e9nero para evitar desigualdades-\u00a0<\/a><a>Granada Hoy<br \/>\n<\/a><a href=\"https:\/\/www.google.com\/url?rct=j&amp;sa=t&amp;url=https:\/\/www.eldiario.es\/andalucia\/aumento-pobreza-infantil-pone-prueba-efectividad-ley-infancia-adolescencia-andalucia_1_9626027.html&amp;ct=ga&amp;cd=CAEYASoTNjIzNjE2Mjc1MDkwMDgxNTc5MDIZZDc4ZTU4NzVhMGYxZjJhYzplczplczpFUw&amp;usg=AOvVaw2MPTxbbeEK4IARqejrbnBv\" target=\"_blank\" rel=\"noopener\" data-saferedirecturl=\"https:\/\/www.google.com\/url?q=https:\/\/www.google.com\/url?rct%3Dj%26sa%3Dt%26url%3Dhttps:\/\/www.eldiario.es\/andalucia\/aumento-pobreza-infantil-pone-prueba-efectividad-ley-infancia-adolescencia-andalucia_1_9626027.html%26ct%3Dga%26cd%3DCAEYASoTNjIzNjE2Mjc1MDkwMDgxNTc5MDIZZDc4ZTU4NzVhMGYxZjJhYzplczplczpFUw%26usg%3DAOvVaw2MPTxbbeEK4IARqejrbnBv&amp;source=gmail&amp;ust=1666176565144000&amp;usg=AOvVaw1jPfsKN0rAQJhUyrbrwZoH\">El aumento de la pobreza infantil pone a prueba la efectividad de la Ley de Infancia y adolescencia&#8230;-\u00a0<\/a><a>El Diario<br \/>\n<\/a><a class=\"title\" href=\"https:\/\/elcorreoweb.es\/salud\/andalucia-amplia-el-cribado-de-cancer-de-mama-a-las-mujeres-de-47-48-49-70-y-71-anos-DI8129630\" target=\"_blank\" rel=\"noopener\" data-artpy=\"0\" data-author=\"El correo de Andaluc\u00eda\">Andaluc\u00eda ampl\u00eda el cribado de c\u00e1ncer de mama a las mujeres de 47, 48, 49, 70 y 71 a\u00f1os<\/a>-elcorreodeandalucia<a><br \/>\n<\/a><\/p>\n<p><strong>Violencias<br \/>\n<\/strong><a href=\"https:\/\/www.google.com\/url?rct=j&amp;sa=t&amp;url=https:\/\/sanlucarinformacion.es\/sanlucar\/1092300\/la-junta-quiere-atajar-la-violencia-de-genero-entre-menores-presente-en-las-redes-sociales\/&amp;ct=ga&amp;cd=CAEYByoTNjgzMDE3ODEwNTYwNjEwNDkzNDIbOWFiMWNkZDdlMzY2ZWYzODplczplczpFUzpS&amp;usg=AOvVaw04g3S0HCWGr_Do4wuhUK43\" target=\"_blank\" rel=\"noopener\" data-saferedirecturl=\"https:\/\/www.google.com\/url?q=https:\/\/www.google.com\/url?rct%3Dj%26sa%3Dt%26url%3Dhttps:\/\/sanlucarinformacion.es\/sanlucar\/1092300\/la-junta-quiere-atajar-la-violencia-de-genero-entre-menores-presente-en-las-redes-sociales\/%26ct%3Dga%26cd%3DCAEYByoTNjgzMDE3ODEwNTYwNjEwNDkzNDIbOWFiMWNkZDdlMzY2ZWYzODplczplczpFUzpS%26usg%3DAOvVaw04g3S0HCWGr_Do4wuhUK43&amp;source=gmail&amp;ust=1666176566517000&amp;usg=AOvVaw0avO8g7TyVOW-e_p6pHlbe\">La Junta quiere atajar la violencia de g\u00e9nero entre menores presente en las redes sociales-\u00a0<\/a><a>Sanl\u00facar Informaci\u00f3n<\/a><\/p>\n<p><strong>Cienci<\/strong><strong>a y Cultura<br \/>\n<\/strong><a class=\"title\" href=\"https:\/\/www.diariosur.es\/sociedad\/salud\/covid-causa-cambios-leche-materna-20221019104103-nt.html\" target=\"_blank\" rel=\"noopener\" data-artpy=\"0\" data-author=\"SUR\">Descubren cambios en la leche materna en mujeres con Covid-19<\/a>-sur<strong><br \/>\n<\/strong><a class=\"title\" href=\"https:\/\/cadiznoticias.es\/la-catedra-de-emprendedores-de-la-uca-atiende-en-15-anos-a-casi-2-000-promotores-y-ayuda-a-crear-176-empresas\/\" target=\"_blank\" rel=\"noopener\" data-artpy=\"0\" data-author=\"cadiznoticias\">La C\u00e1tedra de Emprendedores de la UCA atiende en 15 a\u00f1os a casi 2.000 promotores y ayuda a crear 176 empresas<\/a>-cadiznoticias<strong><br \/>\n<\/strong><a class=\"title\" href=\"https:\/\/www.europapress.es\/andalucia\/diputacion-almeria-01014\/noticia-espido-freire-carmen-bretones-ofrecen-charla-coloquio-almeria-motivo-dia-escritoras-20221018190949.html\" target=\"_blank\" rel=\"noopener\" data-artpy=\"0\" data-author=\"Europa Press\">Espido Freire y Carmen Bretones ofrecen una charla coloquio en Almer\u00eda con motivo del D\u00eda de las Escritoras<\/a>-europapress<br \/>\n<a class=\"title\" href=\"https:\/\/www.diariodecadiz.es\/ocio\/FIT-Cadiz-estreno-absoluto-Todas-santas-Luz-Arcas_0_1730827472.html\" target=\"_blank\" rel=\"noopener\" data-artpy=\"0\" data-author=\"Diario de C\u00e1diz\">El FIT de C\u00e1diz acoge el estreno absoluto de &#8216;Todas las santas&#8217; con Luz Arcas<\/a>-diariodecadiz<br \/>\n<a class=\"title\" href=\"http:\/\/www.gentedigital.es\/burgos\/noticia\/3484874\/aixa-portero-propone-en-burgos-un-bosque-ilustrado-con-la-paz-como-hilo-conductor\/\" target=\"_blank\" rel=\"noopener\" data-artpy=\"0\" data-author=\"Gente Digital\">Aixa Portero propone en Burgos \u00abun bosque ilustrado\u00bb con la paz como hilo conductor<\/a>-gentedigital<\/p>\n<p><strong>Deportes<br \/>\n<\/strong><a class=\"title\" href=\"https:\/\/www.eldesmarque.com\/sevilla\/polideportivo\/deporte-andaluz\/1318603-isabel-sanchez-destaca-la-promocion-deportiva-que-representa-para-el-remo-andaluz-la-regata-sevilla-betis\" target=\"_blank\" rel=\"noopener\" data-artpy=\"0\" data-author=\"eldesmarque.com\">Isabel S\u00e1nchez destaca la promoci\u00f3n deportiva que representa para el remo andaluz la Regata Sevilla-Betis<\/a>-eldesmarque<strong><br \/>\n<\/strong><a class=\"title\" href=\"http:\/\/www.gentedigital.es\/sevilla\/noticia\/3485217\/la-regata-sevilla-betis-se-celebrara-el-12-de-noviembre-con-paridad-de-genero-absoluta\/\" target=\"_blank\" rel=\"noopener\" data-artpy=\"0\" data-author=\"Gente Digital\">La Regata Sevilla-Betis se celebrar\u00e1 el 12 de noviembre con \u00abparidad de g\u00e9nero absoluta\u00bb<\/a>-gentedigital<br \/>\n<a class=\"title\" href=\"https:\/\/www.granadaenjuego.com\/Polideportivo\/almunecar-y-la-herradura-acogeran-el-campeonato-de-andalucia-a8-baloncesto--cadete-femenino\" target=\"_blank\" rel=\"noopener\" data-artpy=\"0\" data-author=\"Granadaenjuego.com\">Almu\u00f1\u00e9car y La Herradura acoger\u00e1n el Campeonato de Andaluc\u00eda A8 Baloncesto cadete femenino<\/a>-granadaenjuego<br \/>\n<a class=\"title\" href=\"https:\/\/sevilla.abc.es\/andalucia\/cordoba\/sevi-solheim-podra-visitarse-viernes-martes-cordoba-202210181409_noticia.html\" target=\"_blank\" rel=\"noopener\" data-artpy=\"0\" data-author=\"ABC\">La Solheim Cup podr\u00e1 visitarse de viernes a martes en C\u00f3rdoba<\/a>-abcsevilla<strong><br \/>\n<\/strong><\/p>\n<\/div>\n<\/div>\n<div id=\"\" class=\"lsow-panel lsow-active\">\n<h1 class=\"lsow-panel-title\">Estado<\/h1>\n<div class=\"lsow-panel-content\">\n<p><strong>Institucional \u2013 CCAA<br \/>\n<\/strong><a href=\"https:\/\/www.google.com\/url?rct=j&amp;sa=t&amp;url=https:\/\/www.cartv.es\/aragonnoticias\/aragon\/el-iam-invierte-mas-de-1-7-millones-de-euros-para-sensibilizar-contra-la-violencia-de-genero-en-el-medio-rural-14074&amp;ct=ga&amp;cd=CAEYASoUMTAxMDI5Mjk1NjQ5MTQ1ODQ2MzgyGWMwMzcyZWJjMmZlYWRhNTk6ZXM6ZXM6RVM&amp;usg=AOvVaw3ztJMKg_6lV142c_BsveRz\" target=\"_blank\" rel=\"noopener\" data-saferedirecturl=\"https:\/\/www.google.com\/url?q=https:\/\/www.google.com\/url?rct%3Dj%26sa%3Dt%26url%3Dhttps:\/\/www.cartv.es\/aragonnoticias\/aragon\/el-iam-invierte-mas-de-1-7-millones-de-euros-para-sensibilizar-contra-la-violencia-de-genero-en-el-medio-rural-14074%26ct%3Dga%26cd%3DCAEYASoUMTAxMDI5Mjk1NjQ5MTQ1ODQ2MzgyGWMwMzcyZWJjMmZlYWRhNTk6ZXM6ZXM6RVM%26usg%3DAOvVaw3ztJMKg_6lV142c_BsveRz&amp;source=gmail&amp;ust=1666176565372000&amp;usg=AOvVaw2R-JLF_plwcM_rCjUBTW3O\">El Instituto Aragon\u00e9s de la Mujer invierte m\u00e1s de 1,7 millones de euros para sensibilizar contra la violencia de g\u00e9nero\u00a0<\/a><a href=\"https:\/\/www.google.com\/url?rct=j&amp;sa=t&amp;url=https:\/\/www.cartv.es\/aragonnoticias\/aragon\/el-iam-invierte-mas-de-1-7-millones-de-euros-para-sensibilizar-contra-la-violencia-de-genero-en-el-medio-rural-14074&amp;ct=ga&amp;cd=CAEYASoUMTAxMDI5Mjk1NjQ5MTQ1ODQ2MzgyGWMwMzcyZWJjMmZlYWRhNTk6ZXM6ZXM6RVM&amp;usg=AOvVaw3ztJMKg_6lV142c_BsveRz\" target=\"_blank\" rel=\"noopener\" data-saferedirecturl=\"https:\/\/www.google.com\/url?q=https:\/\/www.google.com\/url?rct%3Dj%26sa%3Dt%26url%3Dhttps:\/\/www.cartv.es\/aragonnoticias\/aragon\/el-iam-invierte-mas-de-1-7-millones-de-euros-para-sensibilizar-contra-la-violencia-de-genero-en-el-medio-rural-14074%26ct%3Dga%26cd%3DCAEYASoUMTAxMDI5Mjk1NjQ5MTQ1ODQ2MzgyGWMwMzcyZWJjMmZlYWRhNTk6ZXM6ZXM6RVM%26usg%3DAOvVaw3ztJMKg_6lV142c_BsveRz&amp;source=gmail&amp;ust=1666176565372000&amp;usg=AOvVaw2R-JLF_plwcM_rCjUBTW3O\">&#8230;-\u00a0<\/a><a>Corporaci\u00f3n Aragonesa de RTV<br \/>\n<\/a><a href=\"https:\/\/www.google.com\/url?rct=j&amp;sa=t&amp;url=https:\/\/www.lavanguardia.com\/local\/aragon\/20221017\/8570602\/directora-iam-defiende-feminismo-debe-politica.html&amp;ct=ga&amp;cd=CAEYAyoUMTAxMDI5Mjk1NjQ5MTQ1ODQ2MzgyGWMwMzcyZWJjMmZlYWRhNTk6ZXM6ZXM6RVM&amp;usg=AOvVaw1V_DSq5w2euMlrQNMq-hON\" target=\"_blank\" rel=\"noopener\" data-saferedirecturl=\"https:\/\/www.google.com\/url?q=https:\/\/www.google.com\/url?rct%3Dj%26sa%3Dt%26url%3Dhttps:\/\/www.lavanguardia.com\/local\/aragon\/20221017\/8570602\/directora-iam-defiende-feminismo-debe-politica.html%26ct%3Dga%26cd%3DCAEYAyoUMTAxMDI5Mjk1NjQ5MTQ1ODQ2MzgyGWMwMzcyZWJjMmZlYWRhNTk6ZXM6ZXM6RVM%26usg%3DAOvVaw1V_DSq5w2euMlrQNMq-hON&amp;source=gmail&amp;ust=1666176565372000&amp;usg=AOvVaw1czg98mFGf5M7QHPDs91pW\">La directora del Instituto Aragon\u00e9s de la Mujer defiende que \u00abel feminismo debe ser una pol\u00edtica de Estado\u00bb &#8211;<\/a><a>La Vanguardia<br \/>\n<\/a><a href=\"https:\/\/www.google.com\/url?rct=j&amp;sa=t&amp;url=https:\/\/www.castillalamancha.es\/actualidad\/notasdeprensa\/el-gobierno-regional-tiene-un-%25E2%2580%259Ccompromiso-firme%25E2%2580%259D-con-la-prevenci%25C3%25B3n-de-las-discriminaciones-m%25C3%25BAltiples&amp;ct=ga&amp;cd=CAEYACoUMTE1NzE2NDgwNDA1MjI5NjM2ODIyGWMwMzcyZWJjMmZlYWRhNTk6ZXM6ZXM6RVM&amp;usg=AOvVaw2mg6OSkkS0W_yM-8fvWsxz\" target=\"_blank\" rel=\"noopener\" data-saferedirecturl=\"https:\/\/www.google.com\/url?q=https:\/\/www.google.com\/url?rct%3Dj%26sa%3Dt%26url%3Dhttps:\/\/www.castillalamancha.es\/actualidad\/notasdeprensa\/el-gobierno-regional-tiene-un-%2525E2%252580%25259Ccompromiso-firme%2525E2%252580%25259D-con-la-prevenci%2525C3%2525B3n-de-las-discriminaciones-m%2525C3%2525BAltiples%26ct%3Dga%26cd%3DCAEYACoUMTE1NzE2NDgwNDA1MjI5NjM2ODIyGWMwMzcyZWJjMmZlYWRhNTk6ZXM6ZXM6RVM%26usg%3DAOvVaw2mg6OSkkS0W_yM-8fvWsxz&amp;source=gmail&amp;ust=1666251696157000&amp;usg=AOvVaw1-KgPzS5Rd1_WTH4ovcQKM\">El Gobierno regional tiene un \u201ccompromiso firme\u201d con la prevenci\u00f3n de las discriminaciones &#8230;-\u00a0<\/a><a>Gobierno de C-LM<br \/>\n<\/a><a href=\"https:\/\/www.google.com\/url?rct=j&amp;sa=t&amp;url=https:\/\/www.regiondigital.com\/noticias\/extremadura\/369363-imex-valora-trabajo-de-asociaciones-de-mujeres-rurales-para-desarrollo-economico-extremeno.html&amp;ct=ga&amp;cd=CAEYACoTNDA0NjQzNTE2ODU2MzQ5NzExNzIZYzAzNzJlYmMyZmVhZGE1OTplczplczpFUw&amp;usg=AOvVaw0MbiPZ2iaQ2uHoSkB0RQbk\" target=\"_blank\" rel=\"noopener\" data-saferedirecturl=\"https:\/\/www.google.com\/url?q=https:\/\/www.google.com\/url?rct%3Dj%26sa%3Dt%26url%3Dhttps:\/\/www.regiondigital.com\/noticias\/extremadura\/369363-imex-valora-trabajo-de-asociaciones-de-mujeres-rurales-para-desarrollo-economico-extremeno.html%26ct%3Dga%26cd%3DCAEYACoTNDA0NjQzNTE2ODU2MzQ5NzExNzIZYzAzNzJlYmMyZmVhZGE1OTplczplczpFUw%26usg%3DAOvVaw0MbiPZ2iaQ2uHoSkB0RQbk&amp;source=gmail&amp;ust=1666251696184000&amp;usg=AOvVaw2sJ_KqttFLNKLP-7Vt-9DP\">IMEX valora trabajo de asociaciones de mujeres rurales para desarrollo econ\u00f3mico extreme\u00f1o-\u00a0<\/a><a>Regi\u00f3n Digital<br \/>\n<\/a><a href=\"https:\/\/www.google.com\/url?rct=j&amp;sa=t&amp;url=https:\/\/www.deporpress.com\/index.php\/2022\/10\/18\/el-gobierno-de-canarias-desarrolla-un-proyecto-para-la-prevencion-de-la-violencia-sexual-y-machista-en-el-deporte\/&amp;ct=ga&amp;cd=CAEYACoTMjc1ODkxNzkyOTMyMzY3MDczMzIZZTJkZWZhN2Q1ZGE5MTU3ZDplczplczpFUw&amp;usg=AOvVaw2uqB3y4KzttF81CiSDhlVv\" target=\"_blank\" rel=\"noopener\" data-saferedirecturl=\"https:\/\/www.google.com\/url?q=https:\/\/www.google.com\/url?rct%3Dj%26sa%3Dt%26url%3Dhttps:\/\/www.deporpress.com\/index.php\/2022\/10\/18\/el-gobierno-de-canarias-desarrolla-un-proyecto-para-la-prevencion-de-la-violencia-sexual-y-machista-en-el-deporte\/%26ct%3Dga%26cd%3DCAEYACoTMjc1ODkxNzkyOTMyMzY3MDczMzIZZTJkZWZhN2Q1ZGE5MTU3ZDplczplczpFUw%26usg%3DAOvVaw2uqB3y4KzttF81CiSDhlVv&amp;source=gmail&amp;ust=1666251696328000&amp;usg=AOvVaw3ycvdizdnBmfLdMeLnwqLt\">El Gobierno de Canarias desarrolla un proyecto para la prevenci\u00f3n de la violencia sexual y &#8230;-\u00a0<\/a><a>DeporPress<br \/>\n<\/a><a class=\"title\" href=\"https:\/\/www.eldiario.es\/castilla-la-mancha\/consejo-asesor-ciencia-castilla-mancha-contara-comision-especifica-mujer_1_9635830.html\" target=\"_blank\" rel=\"noopener\" data-artpy=\"0\" data-author=\"eldiario.es\">El Consejo Asesor de Ciencia de Castilla-La Mancha contar\u00e1 con una Comisi\u00f3n Espec\u00edfica de la Mujer<\/a>-eldiario<br \/>\n<a class=\"title\" href=\"https:\/\/www.eleconomista.es\/economia\/noticias\/11997719\/10\/22\/Castilla-y-Leon-pone-en-marcha-Lideramos-para-impulsar-a-las-mujeres-en-la-direccion-de-empresas.html\" target=\"_blank\" rel=\"noopener\" data-artpy=\"0\" data-author=\"El Economista (Spain)\">Castilla y Le\u00f3n pone en marcha &#8216;Lideramos&#8217; para impulsar a las mujeres en la direcci\u00f3n de empresas<\/a>-eleconomista<a><br \/>\n<\/a><\/p>\n<p><strong>Econom\u00eda y Empresa<br \/>\n<\/strong><a href=\"https:\/\/www.google.com\/url?rct=j&amp;sa=t&amp;url=https:\/\/salamancadiario.com\/20221017\/las-jornadas-de-mujer-empresa-y-emprendimiento-abordaran-el-papel-de-la-mujer-en-la-actualidad\/&amp;ct=ga&amp;cd=CAEYASoTNzEyOTc5NzUwOTc0Mjk0NDIxODIZYzAzNzJlYmMyZmVhZGE1OTplczplczpFUw&amp;usg=AOvVaw2C_2YhvJ82s7ngutgF1qhC\" target=\"_blank\" rel=\"noopener\" data-saferedirecturl=\"https:\/\/www.google.com\/url?q=https:\/\/www.google.com\/url?rct%3Dj%26sa%3Dt%26url%3Dhttps:\/\/salamancadiario.com\/20221017\/las-jornadas-de-mujer-empresa-y-emprendimiento-abordaran-el-papel-de-la-mujer-en-la-actualidad\/%26ct%3Dga%26cd%3DCAEYASoTNzEyOTc5NzUwOTc0Mjk0NDIxODIZYzAzNzJlYmMyZmVhZGE1OTplczplczpFUw%26usg%3DAOvVaw2C_2YhvJ82s7ngutgF1qhC&amp;source=gmail&amp;ust=1666176565477000&amp;usg=AOvVaw1fiU2-NRq4sZJQ2_3vZ8qb\">Las Jornadas de Mujer, Empresa y Emprendimiento abordar\u00e1n el papel de la\u00a0mujer en la actualidad-\u00a0<\/a><a>Salamanca Diario<br \/>\n<\/a><a class=\"title\" href=\"https:\/\/www.eldiario.es\/politica\/ultima-hora-consejo-ministros-actualidad-politica-directo_6_9631761_1094811.html\" target=\"_blank\" rel=\"noopener\" data-artpy=\"0\" data-author=\"eldiario.es\">CCOO respalda el Estatuto del Becario: \u201cPonemos freno a la precariedad y explotaci\u00f3n\u201d de la juventud<\/a>-eldiario<br \/>\n<a href=\"https:\/\/www.eldiario.es\/andalucia\/reducidas-diez-peonadas-necesarias-acceder-subsidio-desempleo-renta-agraria-junio-2023_1_9633199.html\">Reducidas a diez las peonadas necesarias para acceder al subsidio por desempleo o a la renta agraria hasta junio de 2023<\/a>-eldiario<br \/>\n<a class=\"title\" href=\"https:\/\/www.20minutos.es\/noticia\/5069626\/0\/la-ocde-pone-el-foco-en-la-disparidad-en-gasto-social-entre-comunidades-autonomas\/\" target=\"_blank\" rel=\"noopener\" data-artpy=\"0\" data-author=\"20 minutos\">Menos recursos y mayor desigualdad entre territorios: Espa\u00f1a queda por debajo de la media de la OCDE en gasto social<\/a>-20minutos<br \/>\n<a href=\"https:\/\/elpais.com\/economia\/2022-10-19\/seis-de-cada-diez-emprendedores-han-montado-mas-de-una-start-up.html\">Seis de cada diez emprendedores han montado m\u00e1s de una \u2018start-up\u2019<\/a>-elpais<\/p>\n<p><strong>Actualidad<br \/>\n<\/strong><a class=\"title\" href=\"https:\/\/www.elespanol.com\/ciencia\/salud\/20221019\/mapa-cancer-espana-doble-mujeres-soria-madrid\/711679103_0.html\" target=\"_blank\" rel=\"noopener\" data-artpy=\"0\" data-author=\"ESPA\u00d1OL\">El mapa del c\u00e1ncer de mama en Espa\u00f1a: por qu\u00e9 mata al doble de mujeres en Soria que en Madrid<\/a>-elespa\u00f1ol<strong><br \/>\n<\/strong><a class=\"title\" href=\"https:\/\/www.lne.es\/sociedad\/2022\/10\/18\/70-mujeres-cancer-mama-trastornos-77421223.html\" target=\"_blank\" rel=\"noopener\" data-artpy=\"0\" data-author=\"lne\">El 70% de las mujeres con c\u00e1ncer de mama tiene trastornos de ansiedad debido al miedo al futuro<\/a>-lanuevaespa\u00f1a<strong><br \/>\n<\/strong><a href=\"https:\/\/www.google.com\/url?rct=j&amp;sa=t&amp;url=https:\/\/thediplomatinspain.com\/2022\/10\/exteriores-y-fundacion-carolina-abordan-la-vision-de-genero-en-la-recuperacion-post-pandemica\/&amp;ct=ga&amp;cd=CAEYACoUMTgwNDEyNTc3MTQwNjk3MDI0NTYyGTU5ZDc4MTcxMzZhMmQwMjg6ZXM6ZXM6RVM&amp;usg=AOvVaw1wxEwRIiPjE2bdVASMm5PI\" target=\"_blank\" rel=\"noopener\" data-saferedirecturl=\"https:\/\/www.google.com\/url?q=https:\/\/www.google.com\/url?rct%3Dj%26sa%3Dt%26url%3Dhttps:\/\/thediplomatinspain.com\/2022\/10\/exteriores-y-fundacion-carolina-abordan-la-vision-de-genero-en-la-recuperacion-post-pandemica\/%26ct%3Dga%26cd%3DCAEYACoUMTgwNDEyNTc3MTQwNjk3MDI0NTYyGTU5ZDc4MTcxMzZhMmQwMjg6ZXM6ZXM6RVM%26usg%3DAOvVaw1wxEwRIiPjE2bdVASMm5PI&amp;source=gmail&amp;ust=1666176565257000&amp;usg=AOvVaw1d45PnNGfhw04mumglCNW0\">Exteriores y Fundaci\u00f3n Carolina abordan la visi\u00f3n de\u00a0g\u00e9nero en la recuperaci\u00f3n post pand\u00e9mica-\u00a0<\/a><a>The Diplomat in Spain<br \/>\n<\/a><a href=\"https:\/\/www.google.com\/url?rct=j&amp;sa=t&amp;url=https:\/\/www.eldiario.es\/sociedad\/expertas-piden-mayor-inversion-protocolos-tasa-cesareas-descienda-espana_1_9630693.html&amp;ct=ga&amp;cd=CAEYBCoUMTMyMDI2MzYzNzc3NzUxMjQ0MDUyGWMwMzcyZWJjMmZlYWRhNTk6ZXM6ZXM6RVM&amp;usg=AOvVaw298Hp_4xoEUnZ6XKCFmLtx\" target=\"_blank\" rel=\"noopener\" data-saferedirecturl=\"https:\/\/www.google.com\/url?q=https:\/\/www.google.com\/url?rct%3Dj%26sa%3Dt%26url%3Dhttps:\/\/www.eldiario.es\/sociedad\/expertas-piden-mayor-inversion-protocolos-tasa-cesareas-descienda-espana_1_9630693.html%26ct%3Dga%26cd%3DCAEYBCoUMTMyMDI2MzYzNzc3NzUxMjQ0MDUyGWMwMzcyZWJjMmZlYWRhNTk6ZXM6ZXM6RVM%26usg%3DAOvVaw298Hp_4xoEUnZ6XKCFmLtx&amp;source=gmail&amp;ust=1666176565399000&amp;usg=AOvVaw2ABraYaBKOf6sObp5Dtk50\">Las expertas piden mayor inversi\u00f3n y protocolos para que la tasa de ces\u00e1reas descienda en Espa\u00f1a-\u00a0<\/a><a>El Diario<br \/>\n<\/a><a href=\"https:\/\/www.google.com\/url?rct=j&amp;sa=t&amp;url=https:\/\/www.diariodenavarra.es\/noticias\/navarra\/2022\/10\/18\/el-87-tumores-invasivos-cancer-mama-no-presentaban-afectacion-ganglios-el-diagnostico-545148-300.html&amp;ct=ga&amp;cd=CAEYACoUMTgxNzk3ODAyMTQ5OTA4MzE5NTQyGWMwMzcyZWJjMmZlYWRhNTk6ZXM6ZXM6RVM&amp;usg=AOvVaw3PdNJEgPeAVihAZf-DS9Vx\" target=\"_blank\" rel=\"noopener\" data-saferedirecturl=\"https:\/\/www.google.com\/url?q=https:\/\/www.google.com\/url?rct%3Dj%26sa%3Dt%26url%3Dhttps:\/\/www.diariodenavarra.es\/noticias\/navarra\/2022\/10\/18\/el-87-tumores-invasivos-cancer-mama-no-presentaban-afectacion-ganglios-el-diagnostico-545148-300.html%26ct%3Dga%26cd%3DCAEYACoUMTgxNzk3ODAyMTQ5OTA4MzE5NTQyGWMwMzcyZWJjMmZlYWRhNTk6ZXM6ZXM6RVM%26usg%3DAOvVaw3PdNJEgPeAVihAZf-DS9Vx&amp;source=gmail&amp;ust=1666176630747000&amp;usg=AOvVaw2mvxYk-kEMLxM6-1FfI5Ov\">El 87% de los tumores invasivos de c\u00e1ncer de mama no presentaban afectaci\u00f3n de los &#8230;-\u00a0<\/a><a>Diario de Navarra<br \/>\n<\/a><a href=\"https:\/\/www.google.com\/url?rct=j&amp;sa=t&amp;url=https:\/\/www.elmundo.es\/ciencia-y-salud\/salud\/2022\/10\/18\/634e453dfdddff4d0b8b45a8.html&amp;ct=ga&amp;cd=CAEYACoUMTIyODA1NTMyNjA1NjczNzg0MzYyGWMwMzcyZWJjMmZlYWRhNTk6ZXM6ZXM6RVM&amp;usg=AOvVaw0pFSaP3jf2FXMPWkhtOByM\" target=\"_blank\" rel=\"noopener\" data-saferedirecturl=\"https:\/\/www.google.com\/url?q=https:\/\/www.google.com\/url?rct%3Dj%26sa%3Dt%26url%3Dhttps:\/\/www.elmundo.es\/ciencia-y-salud\/salud\/2022\/10\/18\/634e453dfdddff4d0b8b45a8.html%26ct%3Dga%26cd%3DCAEYACoUMTIyODA1NTMyNjA1NjczNzg0MzYyGWMwMzcyZWJjMmZlYWRhNTk6ZXM6ZXM6RVM%26usg%3DAOvVaw0pFSaP3jf2FXMPWkhtOByM&amp;source=gmail&amp;ust=1666251696238000&amp;usg=AOvVaw2kJpmUedfpFI1N3B7cli3v\">Los productos para alisar el cabello aumentan el riesgo de c\u00e1ncer de endometrio &#8211;<\/a><a>El Mundo<\/a><a>\u00a0<\/a><\/p>\n<p><strong>Violencias<br \/>\n<\/strong><a href=\"https:\/\/www.eldiario.es\/canariasahora\/tribunales\/caida-salvador-alba-juez-toga-acabar-carrera-victoria-rosell_1_9632639.html\">La ca\u00edda de Salvador Alba, el juez que us\u00f3 la toga para intentar acabar con la carrera de Victoria Rosell<\/a>-eldiario<\/p>\n<p><strong>Ciencia y Cultura<br \/>\n<\/strong><a href=\"https:\/\/www.google.com\/url?rct=j&amp;sa=t&amp;url=https:\/\/www.larazon.es\/sociedad\/20221018\/tdh4sstaibbjporabyoitwq7qi.html&amp;ct=ga&amp;cd=CAEYACoTNDQ2NzAzMjQwMjM4NzMwMTI4MDIZYzAzNzJlYmMyZmVhZGE1OTplczplczpFUw&amp;usg=AOvVaw1DMd7tg5zXEESyj_aspHJu\" target=\"_blank\" rel=\"noopener\" data-saferedirecturl=\"https:\/\/www.google.com\/url?q=https:\/\/www.google.com\/url?rct%3Dj%26sa%3Dt%26url%3Dhttps:\/\/www.larazon.es\/sociedad\/20221018\/tdh4sstaibbjporabyoitwq7qi.html%26ct%3Dga%26cd%3DCAEYACoTNDQ2NzAzMjQwMjM4NzMwMTI4MDIZYzAzNzJlYmMyZmVhZGE1OTplczplczpFUw%26usg%3DAOvVaw1DMd7tg5zXEESyj_aspHJu&amp;source=gmail&amp;ust=1666176565436000&amp;usg=AOvVaw0VcMzaT1O4iCu1JkBpZyeK\">Beatriz Rold\u00e1n, directora del Instituto Fritz Haber: \u00abEspa\u00f1a tiene que ser exportadora de sol-\u00a0<\/a>larazon<br \/>\n<a href=\"https:\/\/www.google.com\/url?rct=j&amp;sa=t&amp;url=https:\/\/www.laopinioncoruna.es\/sociedad\/2022\/10\/18\/instituto-cervantes-abrira-proximo-ano-77375957.html&amp;ct=ga&amp;cd=CAEYAioTMjk3MTkxNTU5MzM4NTAzNjg0NDIZYzAzNzJlYmMyZmVhZGE1OTplczplczpFUw&amp;usg=AOvVaw2TXD483JvBty2zMSN4DESw\" target=\"_blank\" rel=\"noopener\" data-saferedirecturl=\"https:\/\/www.google.com\/url?q=https:\/\/www.google.com\/url?rct%3Dj%26sa%3Dt%26url%3Dhttps:\/\/www.laopinioncoruna.es\/sociedad\/2022\/10\/18\/instituto-cervantes-abrira-proximo-ano-77375957.html%26ct%3Dga%26cd%3DCAEYAioTMjk3MTkxNTU5MzM4NTAzNjg0NDIZYzAzNzJlYmMyZmVhZGE1OTplczplczpFUw%26usg%3DAOvVaw2TXD483JvBty2zMSN4DESw&amp;source=gmail&amp;ust=1666176565469000&amp;usg=AOvVaw1zYPhxs-z4OEULrHE4zEmw\">El Instituto Cervantes abrir\u00e1 el pr\u00f3ximo a\u00f1o sus nuevas sedes en Los \u00c1ngeles y Se\u00fal-\u00a0<\/a><a>La Opini\u00f3n A Coru\u00f1a<br \/>\n<\/a><a class=\"title\" href=\"https:\/\/www.economiadigital.es\/tendenciashoy\/arte\/las-sinsombrero-fernan-gomez.html\" target=\"_blank\" rel=\"noopener\" data-artpy=\"0\" data-author=\"Econom\u00eda Digital\">Las Sinsombrero reivindican su legado en una exposici\u00f3n en Madrid<\/a>-economiadigital<br \/>\n<a class=\"title\" href=\"https:\/\/www.msn.com\/es-es\/news\/internacional\/todo-va-a-mejorar-la-peligrosa-distop-c3-ada-de-almudena-grandes\/ar-AA137rYY\" target=\"_blank\" rel=\"noopener\" data-artpy=\"0\" data-author=\"ESPA\u00d1OL on MSN\">&#8216;Todo va a mejorar&#8217;: la peligrosa distop\u00eda de Almudena Grandes<\/a>-elespa\u00f1ol<br \/>\n<a class=\"title\" href=\"https:\/\/www.infolibre.es\/cultura\/cine\/cine-hecho-mujeres-apodera-madrid-setenta-peliculas-veintena-sedes-igualdad-diversidad_1_1342873.html\" target=\"_blank\" rel=\"noopener\" data-artpy=\"0\" data-author=\"infolibre.es\">El cine con mirada de mujer toma Madrid: setenta pel\u00edculas por la igualdad en una veintena de sedes<\/a>-infolibre<br \/>\n<a class=\"title\" href=\"https:\/\/www.eldiario.es\/cultura\/justicia-confirma-condena-teatro-abadia-pagar-mujeres_1_9633814.html\" target=\"_blank\" rel=\"noopener\" data-artpy=\"0\" data-author=\"eldiario.es\">La Justicia confirma la condena del Teatro La Abad\u00eda por pagar menos a las mujeres<\/a>-eldiario<a><br \/>\n<\/a><\/p>\n<p><strong>Deporte<br \/>\n<\/strong><a class=\"title\" href=\"https:\/\/www.telemadrid.es\/deportes\/Alexia-Putellas-gana-su-segundo-Balon-de-Oro-consecutivo-0-2497250306--20221017091016.html\" target=\"_blank\" rel=\"noopener\" data-artpy=\"0\" data-author=\"Telemadrid\">Alexia Putellas gana su segundo Bal\u00f3n de Oro consecutivo<\/a>-telemadrid<strong><br \/>\n<\/strong><a class=\"title\" href=\"https:\/\/www.msn.com\/es-es\/sports\/futbol\/leo-margets-la-profesionalizaci-c3-b3n-en-el-deporte-femenino-es-clave\/ar-AA130G1C\" target=\"_blank\" rel=\"noopener\" data-artpy=\"0\" data-author=\"Sport on MSN\">Leo Margets: \u00abLa profesionalizaci\u00f3n en el deporte femenino es clave\u00bb<\/a>-sport<br \/>\n<a class=\"title\" href=\"https:\/\/www.heraldo.es\/branded\/almudena-cid-en-mi-deporte-rompi-la-barrera-de-la-nina-en-la-elite-y-la-abri-a-la-mujer\/\" target=\"_blank\" rel=\"noopener\" data-artpy=\"0\" data-author=\"Heraldo\">Almudena Cid: \u00abEn mi deporte, romp\u00ed la barrera de la ni\u00f1a en la \u00e9lite y la abr\u00ed a la mujer\u00bb<\/a>-heraldo<br \/>\n<a class=\"title\" href=\"https:\/\/www.cope.es\/programas\/mediodia-cope\/noticias\/victoria-hernandez-primera-futbolista-con-contrato-espana-alexia-putellas-increible-20221018_2348779\" target=\"_blank\" rel=\"noopener\" data-artpy=\"0\" data-author=\"COPE\">Victoria Hern\u00e1ndez, la primera futbolista con contrato en Espa\u00f1a: \u00abLo de Alexia Putellas es incre\u00edble\u00bb<\/a>-cope<strong><br \/>\n<\/strong><\/p>\n<\/div>\n<\/div>\n<div id=\"\" class=\"lsow-panel lsow-active\">\n<h1 class=\"lsow-panel-title\">Internacional<\/h1>\n<div class=\"lsow-panel-content\">\n<p><a class=\"title\" href=\"https:\/\/www.df.cl\/economia-y-politica\/laboral-personas\/casi-la-mitad-de-las-mujeres-en-la-alta-direccion-respaldan-el-proyecto\" target=\"_blank\" rel=\"noopener\" data-artpy=\"0\" data-author=\"Diario Financiero\">Casi la mitad de las mujeres en la alta direcci\u00f3n respaldan el proyecto de ley de cuotas<\/a>-diariofinanciero<br \/>\n<a class=\"title\" href=\"https:\/\/www.msn.com\/es-es\/estilo\/estilo\/la-seguridad-la-confianza-y-el-empoderamiento-los-principales-aspectos-que-hacen-brillar-a-una-mujer\/ar-AA13822G\" target=\"_blank\" rel=\"noopener\" data-artpy=\"0\" data-author=\"MSN\">La seguridad, la confianza y el empoderamiento, los principales aspectos que hacen brillar a una mujer<\/a>-msn<br \/>\n<a href=\"https:\/\/www.google.com\/url?rct=j&amp;sa=t&amp;url=https:\/\/www.france24.com\/es\/asia-pac%25C3%25ADfico\/20221017-las-mujeres-chocan-con-el-techo-de-cristal-pol%25C3%25ADtico-en-el-partido-comunista-de-china&amp;ct=ga&amp;cd=CAEYDioUMTAxMDI5Mjk1NjQ5MTQ1ODQ2MzgyGWMwMzcyZWJjMmZlYWRhNTk6ZXM6ZXM6RVM&amp;usg=AOvVaw1kjM_o7ZmilVMexNQCYQpJ\" target=\"_blank\" rel=\"noopener\" data-saferedirecturl=\"https:\/\/www.google.com\/url?q=https:\/\/www.google.com\/url?rct%3Dj%26sa%3Dt%26url%3Dhttps:\/\/www.france24.com\/es\/asia-pac%2525C3%2525ADfico\/20221017-las-mujeres-chocan-con-el-techo-de-cristal-pol%2525C3%2525ADtico-en-el-partido-comunista-de-china%26ct%3Dga%26cd%3DCAEYDioUMTAxMDI5Mjk1NjQ5MTQ1ODQ2MzgyGWMwMzcyZWJjMmZlYWRhNTk6ZXM6ZXM6RVM%26usg%3DAOvVaw1kjM_o7ZmilVMexNQCYQpJ&amp;source=gmail&amp;ust=1666176565375000&amp;usg=AOvVaw0vSuxPoNlWwWghebq97xTg\">Las mujeres chocan con el techo de cristal pol\u00edtico en el Partido Comunista de China-\u00a0<\/a><a>France 24<br \/>\n<\/a><a href=\"https:\/\/www.google.com\/url?rct=j&amp;sa=t&amp;url=https:\/\/cnnespanol.cnn.com\/2022\/10\/18\/colombia-ministerio-igualdad-equidad-orix\/&amp;ct=ga&amp;cd=CAEYACoRMjc0MDY5NTU4NTgxOTEzMzAyGTU5ZDc4MTcxMzZhMmQwMjg6ZXM6ZXM6RVM&amp;usg=AOvVaw2ou589h2FKSTkSgRFdRkh-\" target=\"_blank\" rel=\"noopener\" data-saferedirecturl=\"https:\/\/www.google.com\/url?q=https:\/\/www.google.com\/url?rct%3Dj%26sa%3Dt%26url%3Dhttps:\/\/cnnespanol.cnn.com\/2022\/10\/18\/colombia-ministerio-igualdad-equidad-orix\/%26ct%3Dga%26cd%3DCAEYACoRMjc0MDY5NTU4NTgxOTEzMzAyGTU5ZDc4MTcxMzZhMmQwMjg6ZXM6ZXM6RVM%26usg%3DAOvVaw2ou589h2FKSTkSgRFdRkh-&amp;source=gmail&amp;ust=1666251697049000&amp;usg=AOvVaw3s0F7FYtOd1KSNeDYMex0y\">Colombia avanza en la creaci\u00f3n de un Ministerio de Igualdad y Equidad &#8211;\u00a0<\/a><a>CNN en Espa\u00f1ol<br \/>\n<\/a><a class=\"title\" href=\"https:\/\/elperiodico.com.gt\/cultura\/salud\/2022\/10\/18\/onu-revela-un-deterioro-alarmante-de-la-salud-de-las-mujeres-ninez-y-adolescentes\/\" target=\"_blank\" rel=\"noopener\" data-artpy=\"0\" data-author=\"El Peri\u00f3dico Guatemala\">ONU revela un deterioro alarmante de la salud de las mujeres, ni\u00f1ez y adolescentes<\/a>-elperiodicodeguatemala<a><br \/>\n<\/a><a href=\"https:\/\/www.google.com\/url?rct=j&amp;sa=t&amp;url=https:\/\/www.infobae.com\/america\/agencias\/2022\/10\/18\/rompe-la-brecha-una-guia-sobre-la-desigualdad-laboral-de-genero-en-mexico\/&amp;ct=ga&amp;cd=CAEYAioUMTc4OTMzOTU0OTUzMTM2MDUxODgyGTU5ZDc4MTcxMzZhMmQwMjg6ZXM6ZXM6RVM&amp;usg=AOvVaw3e3OvCYDUAVbhyozGj45l9\" target=\"_blank\" rel=\"noopener\" data-saferedirecturl=\"https:\/\/www.google.com\/url?q=https:\/\/www.google.com\/url?rct%3Dj%26sa%3Dt%26url%3Dhttps:\/\/www.infobae.com\/america\/agencias\/2022\/10\/18\/rompe-la-brecha-una-guia-sobre-la-desigualdad-laboral-de-genero-en-mexico\/%26ct%3Dga%26cd%3DCAEYAioUMTc4OTMzOTU0OTUzMTM2MDUxODgyGTU5ZDc4MTcxMzZhMmQwMjg6ZXM6ZXM6RVM%26usg%3DAOvVaw3e3OvCYDUAVbhyozGj45l9&amp;source=gmail&amp;ust=1666251696992000&amp;usg=AOvVaw3B_ismafcFknD_v1ZphRSZ\">Rompe la brecha\u00bb, una gu\u00eda sobre la desigualdad laboral de\u00a0g\u00e9nero en M\u00e9xico &#8211;\u00a0<\/a><a>Infobae<\/a><br \/>\n<a href=\"https:\/\/www.google.com\/url?rct=j&amp;sa=t&amp;url=https:\/\/www.diariopresente.mx\/opinion\/mujeres-menores-de-edad-madres-prematuras-un-drama-social\/357453&amp;ct=ga&amp;cd=CAEYASoTNDU2NjkwNzU1MTg1NzUyNTY2NTIZNTlkNzgxNzEzNmEyZDAyODplczplczpFUw&amp;usg=AOvVaw1vueSKfqaAR9WLsqIATNw-\" target=\"_blank\" rel=\"noopener\" data-saferedirecturl=\"https:\/\/www.google.com\/url?q=https:\/\/www.google.com\/url?rct%3Dj%26sa%3Dt%26url%3Dhttps:\/\/www.diariopresente.mx\/opinion\/mujeres-menores-de-edad-madres-prematuras-un-drama-social\/357453%26ct%3Dga%26cd%3DCAEYASoTNDU2NjkwNzU1MTg1NzUyNTY2NTIZNTlkNzgxNzEzNmEyZDAyODplczplczpFUw%26usg%3DAOvVaw1vueSKfqaAR9WLsqIATNw-&amp;source=gmail&amp;ust=1666176565265000&amp;usg=AOvVaw1GMt3O8nyELaWA8IefGaRJ\">Mujeres menores de edad, madres prematuras: un drama social &#8211;\u00a0<\/a><a>Diario Presente<br \/>\n<\/a><a href=\"https:\/\/www.google.com\/url?rct=j&amp;sa=t&amp;url=https:\/\/centralelectoral.ine.mx\/2022\/10\/17\/pendiente-erradicar-la-violencia-contra-las-mujeres-y-las-ninas-marcela-lagarde\/&amp;ct=ga&amp;cd=CAEYDyoUMTAxMDI5Mjk1NjQ5MTQ1ODQ2MzgyGWMwMzcyZWJjMmZlYWRhNTk6ZXM6ZXM6RVM&amp;usg=AOvVaw3Mpj1_cYXSpQ5NVyUO8knA\" target=\"_blank\" rel=\"noopener\" data-saferedirecturl=\"https:\/\/www.google.com\/url?q=https:\/\/www.google.com\/url?rct%3Dj%26sa%3Dt%26url%3Dhttps:\/\/centralelectoral.ine.mx\/2022\/10\/17\/pendiente-erradicar-la-violencia-contra-las-mujeres-y-las-ninas-marcela-lagarde\/%26ct%3Dga%26cd%3DCAEYDyoUMTAxMDI5Mjk1NjQ5MTQ1ODQ2MzgyGWMwMzcyZWJjMmZlYWRhNTk6ZXM6ZXM6RVM%26usg%3DAOvVaw3Mpj1_cYXSpQ5NVyUO8knA&amp;source=gmail&amp;ust=1666176565375000&amp;usg=AOvVaw0AcC9F9CNSUpzGeAZj6JVg\">Pendiente erradicar la violencia contra las mujeres y las ni\u00f1as: Marcela Lagarde-\u00a0<\/a><a>Central Electoral<br \/>\n<\/a><a class=\"title\" href=\"https:\/\/andaluciainformacion.es\/punta-umbria\/1094703\/la-escaladora-elnaz-rekabi-recibida-al-grito-de-campeona-por-el-publico-en-iran\/\" target=\"_blank\" rel=\"noopener\" data-artpy=\"0\" data-author=\"Andaluc\u00eda Informaci\u00f3n\">La escaladora Elnaz Rekabi, recibida al grito de campeona por el p\u00fablico en Ir\u00e1n<\/a><a>-andaluciainformacion<\/a><\/p>\n<\/div>\n<\/div>\n<\/div><\/div><\/div><\/div><\/div>\n","protected":false},"excerpt":{"rendered":"<p>ONU revela un deterioro alarmante de la salud de las mujeres, ni\u00f1ez y adolescentes * El mapa del c\u00e1ncer de mama en Espa\u00f1a * Todo va a mejorar: la peligrosa distop\u00eda de Almudena Grandes * Alexia Putellas gana su segundo Bal\u00f3n de Oro consecutivo<\/p>\n","protected":false},"author":3,"featured_media":22909,"comment_status":"closed","ping_status":"closed","sticky":false,"template":"","format":"standard","meta":{"footnotes":""},"categories":[298,621],"tags":[232,96,262],"class_list":["post-17347","post","type-post","status-publish","format-standard","has-post-thumbnail","hentry","category-newsletter","category-nwl-3-0","tag-deporte-femenino","tag-mujeres","tag-salud"],"yoast_head":"<!-- This site is optimized with the Yoast SEO plugin v27.5 - https:\/\/yoast.com\/product\/yoast-seo-wordpress\/ -->\n<title>Noticias Info CKL n\u00ba 2728-19\/10\/22 -Comunicar con perspectiva de g\u00e9nero<\/title>\n<meta name=\"description\" content=\"Noticias Info CKL n\u00ba 2728-19\/10\/22 ONU revela un deterioro alarmante de la salud de las mujeres, ni\u00f1ez y adolescentes * El mapa del c\u00e1ncer de mama en Espa\u00f1a * Todo va a mejorar: la peligrosa distop\u00eda de Almudena Grandes * Alexia Putellas gana su segundo Bal\u00f3n de Oro consecutivo\" \/>\n<meta name=\"robots\" content=\"index, follow, max-snippet:-1, max-image-preview:large, max-video-preview:-1\" \/>\n<link rel=\"canonical\" href=\"https:\/\/cklcomunicaciones.es\/coop\/noticias-info-ckl-no-2728-19-10-22\/\" \/>\n<meta property=\"og:locale\" content=\"es_ES\" \/>\n<meta property=\"og:type\" content=\"article\" \/>\n<meta property=\"og:title\" content=\"Noticias Info CKL n\u00ba 2728-19\/10\/22 -Comunicar con perspectiva de g\u00e9nero\" \/>\n<meta property=\"og:description\" content=\"Noticias Info CKL n\u00ba 2728-19\/10\/22 ONU revela un deterioro alarmante de la salud de las mujeres, ni\u00f1ez y adolescentes * El mapa del c\u00e1ncer de mama en Espa\u00f1a * Todo va a mejorar: la peligrosa distop\u00eda de Almudena Grandes * Alexia Putellas gana su segundo Bal\u00f3n de Oro consecutivo\" \/>\n<meta property=\"og:url\" content=\"https:\/\/cklcomunicaciones.es\/coop\/noticias-info-ckl-no-2728-19-10-22\/\" \/>\n<meta property=\"og:site_name\" content=\"CKL Comunicaciones\" \/>\n<meta property=\"article:published_time\" content=\"2022-10-19T12:19:48+00:00\" \/>\n<meta property=\"article:modified_time\" content=\"2025-02-08T21:50:46+00:00\" \/>\n<meta property=\"og:image\" content=\"https:\/\/cklcomunicaciones.es\/coop\/wp-content\/uploads\/2025\/01\/CKL-una-mirada-distinta-de-la-comunicacion.jpg\" \/>\n\t<meta property=\"og:image:width\" content=\"1482\" \/>\n\t<meta property=\"og:image:height\" content=\"775\" \/>\n\t<meta property=\"og:image:type\" content=\"image\/jpeg\" \/>\n<meta name=\"author\" content=\"ckl\" \/>\n<meta name=\"twitter:card\" content=\"summary_large_image\" \/>\n<meta name=\"twitter:label1\" content=\"Escrito por\" \/>\n\t<meta name=\"twitter:data1\" content=\"ckl\" \/>\n\t<meta name=\"twitter:label2\" content=\"Tiempo de lectura\" \/>\n\t<meta name=\"twitter:data2\" content=\"6 minutos\" \/>\n<script type=\"application\/ld+json\" class=\"yoast-schema-graph\">{\"@context\":\"https:\\\/\\\/schema.org\",\"@graph\":[{\"@type\":\"Article\",\"@id\":\"https:\\\/\\\/cklcomunicaciones.es\\\/coop\\\/noticias-info-ckl-no-2728-19-10-22\\\/#article\",\"isPartOf\":{\"@id\":\"https:\\\/\\\/cklcomunicaciones.es\\\/coop\\\/noticias-info-ckl-no-2728-19-10-22\\\/\"},\"author\":{\"name\":\"ckl\",\"@id\":\"https:\\\/\\\/cklcomunicaciones.es\\\/coop\\\/#\\\/schema\\\/person\\\/929a6837f7626450bbb50cee1aef266e\"},\"headline\":\"Noticias Info CKL n\u00ba 2728-19\\\/10\\\/22\",\"datePublished\":\"2022-10-19T12:19:48+00:00\",\"dateModified\":\"2025-02-08T21:50:46+00:00\",\"mainEntityOfPage\":{\"@id\":\"https:\\\/\\\/cklcomunicaciones.es\\\/coop\\\/noticias-info-ckl-no-2728-19-10-22\\\/\"},\"wordCount\":1321,\"image\":{\"@id\":\"https:\\\/\\\/cklcomunicaciones.es\\\/coop\\\/noticias-info-ckl-no-2728-19-10-22\\\/#primaryimage\"},\"thumbnailUrl\":\"https:\\\/\\\/cklcomunicaciones.es\\\/coop\\\/wp-content\\\/uploads\\\/2025\\\/01\\\/CKL-una-mirada-distinta-de-la-comunicacion.jpg\",\"keywords\":[\"deporte femenino\",\"mujeres\",\"salud\"],\"articleSection\":[\"Newsletter\",\"Nwl v3.0\"],\"inLanguage\":\"es\"},{\"@type\":\"WebPage\",\"@id\":\"https:\\\/\\\/cklcomunicaciones.es\\\/coop\\\/noticias-info-ckl-no-2728-19-10-22\\\/\",\"url\":\"https:\\\/\\\/cklcomunicaciones.es\\\/coop\\\/noticias-info-ckl-no-2728-19-10-22\\\/\",\"name\":\"Noticias Info CKL n\u00ba 2728-19\\\/10\\\/22 -Comunicar con perspectiva de g\u00e9nero\",\"isPartOf\":{\"@id\":\"https:\\\/\\\/cklcomunicaciones.es\\\/coop\\\/#website\"},\"primaryImageOfPage\":{\"@id\":\"https:\\\/\\\/cklcomunicaciones.es\\\/coop\\\/noticias-info-ckl-no-2728-19-10-22\\\/#primaryimage\"},\"image\":{\"@id\":\"https:\\\/\\\/cklcomunicaciones.es\\\/coop\\\/noticias-info-ckl-no-2728-19-10-22\\\/#primaryimage\"},\"thumbnailUrl\":\"https:\\\/\\\/cklcomunicaciones.es\\\/coop\\\/wp-content\\\/uploads\\\/2025\\\/01\\\/CKL-una-mirada-distinta-de-la-comunicacion.jpg\",\"datePublished\":\"2022-10-19T12:19:48+00:00\",\"dateModified\":\"2025-02-08T21:50:46+00:00\",\"author\":{\"@id\":\"https:\\\/\\\/cklcomunicaciones.es\\\/coop\\\/#\\\/schema\\\/person\\\/929a6837f7626450bbb50cee1aef266e\"},\"description\":\"Noticias Info CKL n\u00ba 2728-19\\\/10\\\/22 ONU revela un deterioro alarmante de la salud de las mujeres, ni\u00f1ez y adolescentes * El mapa del c\u00e1ncer de mama en Espa\u00f1a * Todo va a mejorar: la peligrosa distop\u00eda de Almudena Grandes * Alexia Putellas gana su segundo Bal\u00f3n de Oro consecutivo\",\"breadcrumb\":{\"@id\":\"https:\\\/\\\/cklcomunicaciones.es\\\/coop\\\/noticias-info-ckl-no-2728-19-10-22\\\/#breadcrumb\"},\"inLanguage\":\"es\",\"potentialAction\":[{\"@type\":\"ReadAction\",\"target\":[\"https:\\\/\\\/cklcomunicaciones.es\\\/coop\\\/noticias-info-ckl-no-2728-19-10-22\\\/\"]}]},{\"@type\":\"ImageObject\",\"inLanguage\":\"es\",\"@id\":\"https:\\\/\\\/cklcomunicaciones.es\\\/coop\\\/noticias-info-ckl-no-2728-19-10-22\\\/#primaryimage\",\"url\":\"https:\\\/\\\/cklcomunicaciones.es\\\/coop\\\/wp-content\\\/uploads\\\/2025\\\/01\\\/CKL-una-mirada-distinta-de-la-comunicacion.jpg\",\"contentUrl\":\"https:\\\/\\\/cklcomunicaciones.es\\\/coop\\\/wp-content\\\/uploads\\\/2025\\\/01\\\/CKL-una-mirada-distinta-de-la-comunicacion.jpg\",\"width\":1482,\"height\":775,\"caption\":\"CKL - una mirada distinta de la comunicacion\"},{\"@type\":\"BreadcrumbList\",\"@id\":\"https:\\\/\\\/cklcomunicaciones.es\\\/coop\\\/noticias-info-ckl-no-2728-19-10-22\\\/#breadcrumb\",\"itemListElement\":[{\"@type\":\"ListItem\",\"position\":1,\"name\":\"Portada\",\"item\":\"https:\\\/\\\/cklcomunicaciones.es\\\/coop\\\/\"},{\"@type\":\"ListItem\",\"position\":2,\"name\":\"Noticias Info CKL n\u00ba 2728-19\\\/10\\\/22\"}]},{\"@type\":\"WebSite\",\"@id\":\"https:\\\/\\\/cklcomunicaciones.es\\\/coop\\\/#website\",\"url\":\"https:\\\/\\\/cklcomunicaciones.es\\\/coop\\\/\",\"name\":\"CKL Comunicaciones\",\"description\":\"Sitio web de CKL Comunicaciones coop , la consultora de comunicaci\u00f3n y estrategia\",\"potentialAction\":[{\"@type\":\"SearchAction\",\"target\":{\"@type\":\"EntryPoint\",\"urlTemplate\":\"https:\\\/\\\/cklcomunicaciones.es\\\/coop\\\/?s={search_term_string}\"},\"query-input\":{\"@type\":\"PropertyValueSpecification\",\"valueRequired\":true,\"valueName\":\"search_term_string\"}}],\"inLanguage\":\"es\"},{\"@type\":\"Person\",\"@id\":\"https:\\\/\\\/cklcomunicaciones.es\\\/coop\\\/#\\\/schema\\\/person\\\/929a6837f7626450bbb50cee1aef266e\",\"name\":\"ckl\",\"image\":{\"@type\":\"ImageObject\",\"inLanguage\":\"es\",\"@id\":\"https:\\\/\\\/secure.gravatar.com\\\/avatar\\\/c82db564e8a669bf6023357a157b9dc4780f4d4c618f2ad1d71a6a5dede45057?s=96&d=mm&r=g\",\"url\":\"https:\\\/\\\/secure.gravatar.com\\\/avatar\\\/c82db564e8a669bf6023357a157b9dc4780f4d4c618f2ad1d71a6a5dede45057?s=96&d=mm&r=g\",\"contentUrl\":\"https:\\\/\\\/secure.gravatar.com\\\/avatar\\\/c82db564e8a669bf6023357a157b9dc4780f4d4c618f2ad1d71a6a5dede45057?s=96&d=mm&r=g\",\"caption\":\"ckl\"},\"url\":\"https:\\\/\\\/cklcomunicaciones.es\\\/coop\\\/author\\\/cklcomunicaciones\\\/\"}]}<\/script>\n<!-- \/ Yoast SEO plugin. -->","yoast_head_json":{"title":"Noticias Info CKL n\u00ba 2728-19\/10\/22 -Comunicar con perspectiva de g\u00e9nero","description":"Noticias Info CKL n\u00ba 2728-19\/10\/22 ONU revela un deterioro alarmante de la salud de las mujeres, ni\u00f1ez y adolescentes * El mapa del c\u00e1ncer de mama en Espa\u00f1a * Todo va a mejorar: la peligrosa distop\u00eda de Almudena Grandes * Alexia Putellas gana su segundo Bal\u00f3n de Oro consecutivo","robots":{"index":"index","follow":"follow","max-snippet":"max-snippet:-1","max-image-preview":"max-image-preview:large","max-video-preview":"max-video-preview:-1"},"canonical":"https:\/\/cklcomunicaciones.es\/coop\/noticias-info-ckl-no-2728-19-10-22\/","og_locale":"es_ES","og_type":"article","og_title":"Noticias Info CKL n\u00ba 2728-19\/10\/22 -Comunicar con perspectiva de g\u00e9nero","og_description":"Noticias Info CKL n\u00ba 2728-19\/10\/22 ONU revela un deterioro alarmante de la salud de las mujeres, ni\u00f1ez y adolescentes * El mapa del c\u00e1ncer de mama en Espa\u00f1a * Todo va a mejorar: la peligrosa distop\u00eda de Almudena Grandes * Alexia Putellas gana su segundo Bal\u00f3n de Oro consecutivo","og_url":"https:\/\/cklcomunicaciones.es\/coop\/noticias-info-ckl-no-2728-19-10-22\/","og_site_name":"CKL Comunicaciones","article_published_time":"2022-10-19T12:19:48+00:00","article_modified_time":"2025-02-08T21:50:46+00:00","og_image":[{"width":1482,"height":775,"url":"https:\/\/cklcomunicaciones.es\/coop\/wp-content\/uploads\/2025\/01\/CKL-una-mirada-distinta-de-la-comunicacion.jpg","type":"image\/jpeg"}],"author":"ckl","twitter_card":"summary_large_image","twitter_misc":{"Escrito por":"ckl","Tiempo de lectura":"6 minutos"},"schema":{"@context":"https:\/\/schema.org","@graph":[{"@type":"Article","@id":"https:\/\/cklcomunicaciones.es\/coop\/noticias-info-ckl-no-2728-19-10-22\/#article","isPartOf":{"@id":"https:\/\/cklcomunicaciones.es\/coop\/noticias-info-ckl-no-2728-19-10-22\/"},"author":{"name":"ckl","@id":"https:\/\/cklcomunicaciones.es\/coop\/#\/schema\/person\/929a6837f7626450bbb50cee1aef266e"},"headline":"Noticias Info CKL n\u00ba 2728-19\/10\/22","datePublished":"2022-10-19T12:19:48+00:00","dateModified":"2025-02-08T21:50:46+00:00","mainEntityOfPage":{"@id":"https:\/\/cklcomunicaciones.es\/coop\/noticias-info-ckl-no-2728-19-10-22\/"},"wordCount":1321,"image":{"@id":"https:\/\/cklcomunicaciones.es\/coop\/noticias-info-ckl-no-2728-19-10-22\/#primaryimage"},"thumbnailUrl":"https:\/\/cklcomunicaciones.es\/coop\/wp-content\/uploads\/2025\/01\/CKL-una-mirada-distinta-de-la-comunicacion.jpg","keywords":["deporte femenino","mujeres","salud"],"articleSection":["Newsletter","Nwl v3.0"],"inLanguage":"es"},{"@type":"WebPage","@id":"https:\/\/cklcomunicaciones.es\/coop\/noticias-info-ckl-no-2728-19-10-22\/","url":"https:\/\/cklcomunicaciones.es\/coop\/noticias-info-ckl-no-2728-19-10-22\/","name":"Noticias Info CKL n\u00ba 2728-19\/10\/22 -Comunicar con perspectiva de g\u00e9nero","isPartOf":{"@id":"https:\/\/cklcomunicaciones.es\/coop\/#website"},"primaryImageOfPage":{"@id":"https:\/\/cklcomunicaciones.es\/coop\/noticias-info-ckl-no-2728-19-10-22\/#primaryimage"},"image":{"@id":"https:\/\/cklcomunicaciones.es\/coop\/noticias-info-ckl-no-2728-19-10-22\/#primaryimage"},"thumbnailUrl":"https:\/\/cklcomunicaciones.es\/coop\/wp-content\/uploads\/2025\/01\/CKL-una-mirada-distinta-de-la-comunicacion.jpg","datePublished":"2022-10-19T12:19:48+00:00","dateModified":"2025-02-08T21:50:46+00:00","author":{"@id":"https:\/\/cklcomunicaciones.es\/coop\/#\/schema\/person\/929a6837f7626450bbb50cee1aef266e"},"description":"Noticias Info CKL n\u00ba 2728-19\/10\/22 ONU revela un deterioro alarmante de la salud de las mujeres, ni\u00f1ez y adolescentes * El mapa del c\u00e1ncer de mama en Espa\u00f1a * Todo va a mejorar: la peligrosa distop\u00eda de Almudena Grandes * Alexia Putellas gana su segundo Bal\u00f3n de Oro consecutivo","breadcrumb":{"@id":"https:\/\/cklcomunicaciones.es\/coop\/noticias-info-ckl-no-2728-19-10-22\/#breadcrumb"},"inLanguage":"es","potentialAction":[{"@type":"ReadAction","target":["https:\/\/cklcomunicaciones.es\/coop\/noticias-info-ckl-no-2728-19-10-22\/"]}]},{"@type":"ImageObject","inLanguage":"es","@id":"https:\/\/cklcomunicaciones.es\/coop\/noticias-info-ckl-no-2728-19-10-22\/#primaryimage","url":"https:\/\/cklcomunicaciones.es\/coop\/wp-content\/uploads\/2025\/01\/CKL-una-mirada-distinta-de-la-comunicacion.jpg","contentUrl":"https:\/\/cklcomunicaciones.es\/coop\/wp-content\/uploads\/2025\/01\/CKL-una-mirada-distinta-de-la-comunicacion.jpg","width":1482,"height":775,"caption":"CKL - una mirada distinta de la comunicacion"},{"@type":"BreadcrumbList","@id":"https:\/\/cklcomunicaciones.es\/coop\/noticias-info-ckl-no-2728-19-10-22\/#breadcrumb","itemListElement":[{"@type":"ListItem","position":1,"name":"Portada","item":"https:\/\/cklcomunicaciones.es\/coop\/"},{"@type":"ListItem","position":2,"name":"Noticias Info CKL n\u00ba 2728-19\/10\/22"}]},{"@type":"WebSite","@id":"https:\/\/cklcomunicaciones.es\/coop\/#website","url":"https:\/\/cklcomunicaciones.es\/coop\/","name":"CKL Comunicaciones","description":"Sitio web de CKL Comunicaciones coop , la consultora de comunicaci\u00f3n y estrategia","potentialAction":[{"@type":"SearchAction","target":{"@type":"EntryPoint","urlTemplate":"https:\/\/cklcomunicaciones.es\/coop\/?s={search_term_string}"},"query-input":{"@type":"PropertyValueSpecification","valueRequired":true,"valueName":"search_term_string"}}],"inLanguage":"es"},{"@type":"Person","@id":"https:\/\/cklcomunicaciones.es\/coop\/#\/schema\/person\/929a6837f7626450bbb50cee1aef266e","name":"ckl","image":{"@type":"ImageObject","inLanguage":"es","@id":"https:\/\/secure.gravatar.com\/avatar\/c82db564e8a669bf6023357a157b9dc4780f4d4c618f2ad1d71a6a5dede45057?s=96&d=mm&r=g","url":"https:\/\/secure.gravatar.com\/avatar\/c82db564e8a669bf6023357a157b9dc4780f4d4c618f2ad1d71a6a5dede45057?s=96&d=mm&r=g","contentUrl":"https:\/\/secure.gravatar.com\/avatar\/c82db564e8a669bf6023357a157b9dc4780f4d4c618f2ad1d71a6a5dede45057?s=96&d=mm&r=g","caption":"ckl"},"url":"https:\/\/cklcomunicaciones.es\/coop\/author\/cklcomunicaciones\/"}]}},"_links":{"self":[{"href":"https:\/\/cklcomunicaciones.es\/coop\/wp-json\/wp\/v2\/posts\/17347","targetHints":{"allow":["GET"]}}],"collection":[{"href":"https:\/\/cklcomunicaciones.es\/coop\/wp-json\/wp\/v2\/posts"}],"about":[{"href":"https:\/\/cklcomunicaciones.es\/coop\/wp-json\/wp\/v2\/types\/post"}],"author":[{"embeddable":true,"href":"https:\/\/cklcomunicaciones.es\/coop\/wp-json\/wp\/v2\/users\/3"}],"replies":[{"embeddable":true,"href":"https:\/\/cklcomunicaciones.es\/coop\/wp-json\/wp\/v2\/comments?post=17347"}],"version-history":[{"count":0,"href":"https:\/\/cklcomunicaciones.es\/coop\/wp-json\/wp\/v2\/posts\/17347\/revisions"}],"wp:featuredmedia":[{"embeddable":true,"href":"https:\/\/cklcomunicaciones.es\/coop\/wp-json\/wp\/v2\/media\/22909"}],"wp:attachment":[{"href":"https:\/\/cklcomunicaciones.es\/coop\/wp-json\/wp\/v2\/media?parent=17347"}],"wp:term":[{"taxonomy":"category","embeddable":true,"href":"https:\/\/cklcomunicaciones.es\/coop\/wp-json\/wp\/v2\/categories?post=17347"},{"taxonomy":"post_tag","embeddable":true,"href":"https:\/\/cklcomunicaciones.es\/coop\/wp-json\/wp\/v2\/tags?post=17347"}],"curies":[{"name":"wp","href":"https:\/\/api.w.org\/{rel}","templated":true}]}}