{"id":17201,"date":"2022-10-05T14:49:55","date_gmt":"2022-10-05T12:49:55","guid":{"rendered":"https:\/\/www.cklcomunicaciones.es\/?p=17201"},"modified":"2025-02-08T23:52:52","modified_gmt":"2025-02-08T22:52:52","slug":"noticias-info-ckl-no-2723-05-10-22","status":"publish","type":"post","link":"https:\/\/cklcomunicaciones.es\/coop\/noticias-info-ckl-no-2723-05-10-22\/","title":{"rendered":"Noticias Info CKL n\u00ba 2723-05\/10\/22"},"content":{"rendered":"<div class=\"fusion-fullwidth fullwidth-box fusion-builder-row-1 fusion-flex-container nonhundred-percent-fullwidth non-hundred-percent-height-scrolling\" style=\"--awb-border-radius-top-left:0px;--awb-border-radius-top-right:0px;--awb-border-radius-bottom-right:0px;--awb-border-radius-bottom-left:0px;--awb-flex-wrap:wrap;\" ><div class=\"fusion-builder-row fusion-row fusion-flex-align-items-flex-start fusion-flex-content-wrap\" style=\"max-width:1248px;margin-left: calc(-4% \/ 2 );margin-right: calc(-4% \/ 2 );\"><div class=\"fusion-layout-column fusion_builder_column fusion-builder-column-0 fusion_builder_column_1_1 1_1 fusion-flex-column\" style=\"--awb-bg-blend:overlay;--awb-bg-size:cover;--awb-width-large:100%;--awb-margin-top-large:0px;--awb-spacing-right-large:1.92%;--awb-margin-bottom-large:0px;--awb-spacing-left-large:1.92%;--awb-width-medium:100%;--awb-spacing-right-medium:1.92%;--awb-spacing-left-medium:1.92%;--awb-width-small:100%;--awb-spacing-right-small:1.92%;--awb-spacing-left-small:1.92%;\"><div class=\"fusion-column-wrapper fusion-flex-justify-content-flex-start fusion-content-layout-column\"><div class=\"fusion-text fusion-text-1\"><h1>Comunicaci\u00f3n, Publicidad y TICs<\/h1>\n<div id=\"\" class=\"lsow-panel lsow-active\">\n<div class=\"lsow-panel-content\">\n<p><a class=\"title\" href=\"https:\/\/www.msn.com\/es-es\/news\/videos\/la-periodista-y-escritora-bielorrusa-svetlana-alexi-c3-a9vich-premio-internacional-catalunya\/ar-AA12Aomw\" target=\"_blank\" rel=\"noopener\" data-artpy=\"0\" data-author=\"eldiario.es on MSN\">La periodista y escritora bielorrusa Svetlana Alexi\u00e9vich, Premio Internacional Catalunya<\/a>-eldiario<br \/>\n<a class=\"title\" href=\"https:\/\/www.msn.com\/es-es\/noticias\/internacional\/mujer-juventud-migrante-y-ucrania-protagonistas-del-v-congreso-de-m%C3%A9rida-periodismo-de-migraciones\/ar-AA12BmXi\" target=\"_blank\" rel=\"noopener\" data-artpy=\"0\" data-author=\"MSN\">Mujer, juventud migrante y Ucrania, protagonistas del V Congreso de M\u00e9rida Periodismo de Migraciones<\/a>-eldiario<br \/>\n<a class=\"title\" href=\"https:\/\/www.elmundo.es\/television\/medios\/2022\/10\/05\/633d69ee21efa07c368b456d.html\" target=\"_blank\" rel=\"noopener\" data-artpy=\"0\" data-author=\"El Mundo\">Danae Boronat abandona &#8216;Sport&#8217; y acusa a la RFEF de presionar a los medios para que no publiquen \u00abciertas cosas que sabemos\u00bb<\/a>-elmundo<br \/>\n<a href=\"https:\/\/www.eldiario.es\/opinion\/zona-critica\/huyendo-mediocridad-jesus-quintero_129_9593486.html\">Huyendo de la mediocridad con Jes\u00fas Quintero (eldiario.es)<\/a><br \/>\n<a class=\"title\" href=\"https:\/\/www.forumlibertas.com\/clinicas-abortistas-3\/\" target=\"_blank\" rel=\"noopener\" data-artpy=\"0\" data-author=\"ForumLibertas\">Condena a las cl\u00ednicas abortistas espa\u00f1olas por publicidad enga\u00f1osa<\/a>-forumlibertas<a><br \/>\n<\/a><a href=\"https:\/\/www.eldiario.es\/tecnologia\/fallo-google-pone-riesgo-empresas-microsoft-office_1_9594278.html\">Un fallo en Google pone en riesgo a las empresas que usan Microsoft Office<\/a>-eldiario<\/p>\n<\/div>\n<\/div>\n<div id=\"\" class=\"lsow-panel lsow-active\">\n<h1 class=\"lsow-panel-title\">Andaluc\u00eda<\/h1>\n<div class=\"lsow-panel-content\">\n<p><strong>Institucional<br \/>\n<\/strong><a href=\"https:\/\/www.google.com\/url?rct=j&amp;sa=t&amp;url=https:\/\/www.juntadeandalucia.es\/organismos\/economiahaciendayfondoseuropeos\/servicios\/actualidad\/noticias\/detalle\/367945.html&amp;ct=ga&amp;cd=CAEYACoUMTQzNTc0MzU1Nzc2ODc4MjU4OTYyGWQ3OGU1ODc1YTBmMWYyYWM6ZXM6ZXM6RVM&amp;usg=AOvVaw09F2yuEQGm-0R8wIhvGQgW\" target=\"_blank\" rel=\"noopener\" data-saferedirecturl=\"https:\/\/www.google.com\/url?q=https:\/\/www.google.com\/url?rct%3Dj%26sa%3Dt%26url%3Dhttps:\/\/www.juntadeandalucia.es\/organismos\/economiahaciendayfondoseuropeos\/servicios\/actualidad\/noticias\/detalle\/367945.html%26ct%3Dga%26cd%3DCAEYACoUMTQzNTc0MzU1Nzc2ODc4MjU4OTYyGWQ3OGU1ODc1YTBmMWYyYWM6ZXM6ZXM6RVM%26usg%3DAOvVaw09F2yuEQGm-0R8wIhvGQgW&amp;source=gmail&amp;ust=1665050303304000&amp;usg=AOvVaw04YRb4RqQwKxtNz9_LiWBH\">Carolina Espa\u00f1a preside el acto de toma de posesi\u00f3n del \u201cequipo de excelencia\u201d que &#8230;-\u00a0<\/a><a>Junta de Andaluc\u00eda<br \/>\n<\/a><a class=\"title\" href=\"https:\/\/www.msn.com\/es-es\/news\/espana\/del-pozo-llama-a-construir-relaciones-basadas-en-la-equidad-el-respeto-y-la-corresponsabilidad-en-el-c3-a1mbito-educativo\/ar-AA12CwXe\" target=\"_blank\" rel=\"noopener\" data-artpy=\"0\" data-author=\"Europa Press on MSN\">Del Pozo llama a construir relaciones basadas en la equidad, el respeto y la corresponsabilidad en el \u00e1mbito educativo<\/a>-europapress<a><br \/>\n<\/a><a class=\"title\" href=\"https:\/\/www.europapress.es\/andalucia\/noticia-fiscal-superior-andalucia-reclama-parlamento-andaluz-mas-medios-fiscales-20221005115820.html\" target=\"_blank\" rel=\"noopener\" data-artpy=\"0\" data-author=\"Europa Press\">La fiscal superior de Andaluc\u00eda, Ana T\u00e1rrago, reclama en el Parlamento andaluz m\u00e1s medios para los fiscales-\u00a0<\/a><a>europapress<\/a><\/p>\n<p><b>Econom\u00eda y Empresa<br \/>\n<\/b><a href=\"https:\/\/www.google.com\/url?rct=j&amp;sa=t&amp;url=https:\/\/www.malaga.es\/comunicacion\/2746\/com1_md3_cd-46589\/la-diputacion-de-malaga-impulsa-el-ii-congreso-mujeres-y-cooperativismo-de-faecta&amp;ct=ga&amp;cd=CAEYASoTOTEyNTYyNTU0ODc3MjI3Mzc4NTIZZDc4ZTU4NzVhMGYxZjJhYzplczplczpFUw&amp;usg=AOvVaw2gYxAkwHqWLB2zUQUKXEFc\" target=\"_blank\" rel=\"noopener\" data-saferedirecturl=\"https:\/\/www.google.com\/url?q=https:\/\/www.google.com\/url?rct%3Dj%26sa%3Dt%26url%3Dhttps:\/\/www.malaga.es\/comunicacion\/2746\/com1_md3_cd-46589\/la-diputacion-de-malaga-impulsa-el-ii-congreso-mujeres-y-cooperativismo-de-faecta%26ct%3Dga%26cd%3DCAEYASoTOTEyNTYyNTU0ODc3MjI3Mzc4NTIZZDc4ZTU4NzVhMGYxZjJhYzplczplczpFUw%26usg%3DAOvVaw2gYxAkwHqWLB2zUQUKXEFc&amp;source=gmail&amp;ust=1665050303288000&amp;usg=AOvVaw3_5oAOTzSid9aHgN8rMnpy\">La Diputaci\u00f3n de M\u00e1laga impulsa el II Congreso Mujeres y Cooperativismo de FAECTA-\u00a0<\/a><a>Diputaci\u00f3n de M\u00e1laga<br \/>\n<\/a><b><\/b><a title=\"AMECOOP-Andaluc\u00eda y el Ayuntamiento de Sevilla promueven los planes de igualdad entre las cooperativas de trabajo\" href=\"https:\/\/www.faecta.coop\/index.php?id=14&amp;tx_ttnews%5Btt_news%5D=9075&amp;cHash=72afeeba8e449763b7bd973c10bcda54\" target=\"_blank\" rel=\"noopener\" data-saferedirecturl=\"https:\/\/www.google.com\/url?q=https:\/\/www.faecta.coop\/index.php?id%3D14%26tx_ttnews%255Btt_news%255D%3D9075%26cHash%3D72afeeba8e449763b7bd973c10bcda54&amp;source=gmail&amp;ust=1664951400412000&amp;usg=AOvVaw0nt4Seazrl5L-Agqh9dXdD\">Amecoop Andaluc\u00eda y el Ayuntamiento de Sevilla promueven los planes de igualdad entre las cooperativas de trabajo &#8230;-\u00a0<\/a>faecta<br \/>\n<a href=\"https:\/\/www.google.com\/url?rct=j&amp;sa=t&amp;url=https:\/\/huelvabuenasnoticias.com\/2022\/10\/05\/las-onubenses-maria-perez-y-natalia-sancha-contaran-su-experiencia-como-profesionales-rompiendo-barreras-en-colegios-andaluces\/&amp;ct=ga&amp;cd=CAEYACoUMTM0MjcwMzc5NjU2Nzc5NTk4MTEyGWMwMzcyZWJjMmZlYWRhNTk6ZXM6ZXM6RVM&amp;usg=AOvVaw38FPgJb6Yzt4PlqWb4R-qM\" target=\"_blank\" rel=\"noopener\" data-saferedirecturl=\"https:\/\/www.google.com\/url?q=https:\/\/www.google.com\/url?rct%3Dj%26sa%3Dt%26url%3Dhttps:\/\/huelvabuenasnoticias.com\/2022\/10\/05\/las-onubenses-maria-perez-y-natalia-sancha-contaran-su-experiencia-como-profesionales-rompiendo-barreras-en-colegios-andaluces\/%26ct%3Dga%26cd%3DCAEYACoUMTM0MjcwMzc5NjU2Nzc5NTk4MTEyGWMwMzcyZWJjMmZlYWRhNTk6ZXM6ZXM6RVM%26usg%3DAOvVaw38FPgJb6Yzt4PlqWb4R-qM&amp;source=gmail&amp;ust=1665050303136000&amp;usg=AOvVaw21xUdEYESlc8oBNJJom_Fy\">Las onubenses Mar\u00eda P\u00e9rez y Natalia Sancha contar\u00e1n su experiencia como profesionales &#8230;-\u00a0<\/a><a>Huelva Buenas Noticias<br \/>\n<\/a><a class=\"title\" href=\"https:\/\/www.granadadigital.es\/ayuntamiento-conocer-galardonados-premios-emprendimiento-femenino-granada\/\" target=\"_blank\" rel=\"noopener\" data-artpy=\"0\" data-author=\"Granada Digital\">El Ayuntamiento de Granada da a conocer a los galardonados en los Premios al Emprendimiento Femenino de Granada-\u00a0<\/a>granadadigital<br \/>\n<a href=\"https:\/\/www.google.com\/url?rct=j&amp;sa=t&amp;url=https:\/\/www.diariodesevilla.es\/agr_andalucia\/agropecuario\/Acompanar-nuevas-generaciones-incorporacion-campo_0_1725128793.html&amp;ct=ga&amp;cd=CAEYACoTOTMxMDEzMjkxNDQ3Nzk5MzU2MzIZZDc4ZTU4NzVhMGYxZjJhYzplczplczpFUw&amp;usg=AOvVaw2DuvcvLEBxCuuIyGZmA6Nb\" target=\"_blank\" rel=\"noopener\" data-saferedirecturl=\"https:\/\/www.google.com\/url?q=https:\/\/www.google.com\/url?rct%3Dj%26sa%3Dt%26url%3Dhttps:\/\/www.diariodesevilla.es\/agr_andalucia\/agropecuario\/Acompanar-nuevas-generaciones-incorporacion-campo_0_1725128793.html%26ct%3Dga%26cd%3DCAEYACoTOTMxMDEzMjkxNDQ3Nzk5MzU2MzIZZDc4ZTU4NzVhMGYxZjJhYzplczplczpFUw%26usg%3DAOvVaw2DuvcvLEBxCuuIyGZmA6Nb&amp;source=gmail&amp;ust=1664954326713000&amp;usg=AOvVaw2LVWXFiCT_8LJ6gZ8bWh7I\">Acompa\u00f1ar a las nuevas generaciones en su incorporaci\u00f3n al campo &#8211;\u00a0<\/a><a>Diario de Sevilla<br \/>\n<\/a><a href=\"https:\/\/www.google.com\/url?rct=j&amp;sa=t&amp;url=https:\/\/elcorreoweb.es\/andalucia\/andalucia-lidera-la-subida-del-paro-en-septiembre-con-6788-desempleados-mas-FF8106227&amp;ct=ga&amp;cd=CAEYACoTMzE2ODM0ODY5MjQ5MzYwMDkzMjIZZDc4ZTU4NzVhMGYxZjJhYzplczplczpFUw&amp;usg=AOvVaw3C-4iWYx6Op29PtNYi5AxA\" target=\"_blank\" rel=\"noopener\" data-saferedirecturl=\"https:\/\/www.google.com\/url?q=https:\/\/www.google.com\/url?rct%3Dj%26sa%3Dt%26url%3Dhttps:\/\/elcorreoweb.es\/andalucia\/andalucia-lidera-la-subida-del-paro-en-septiembre-con-6788-desempleados-mas-FF8106227%26ct%3Dga%26cd%3DCAEYACoTMzE2ODM0ODY5MjQ5MzYwMDkzMjIZZDc4ZTU4NzVhMGYxZjJhYzplczplczpFUw%26usg%3DAOvVaw3C-4iWYx6Op29PtNYi5AxA&amp;source=gmail&amp;ust=1664956780096000&amp;usg=AOvVaw2DsAWerfLWaYELJONtzg9N\">Andaluc\u00eda lidera la subida del paro en septiembre con 6.788 desempleados m\u00e1s-\u00a0<\/a><a>El Correo de Andaluc\u00eda<\/a><a><br \/>\n<\/a><b><\/b><\/p>\n<p><strong>Actualidad<br \/>\n<\/strong><a title=\"La Junta facilita la llegada de 23,5 millones en ayudas para conciliaci\u00f3n y corresponsabilidad\" href=\"https:\/\/www.juntadeandalucia.es\/presidencia\/portavoz\/social\/175420\/JuntadeAndalucia\/ConsejodeGobierno\">La Junta facilita la llegada de 23,5 millones en ayudas para conciliaci\u00f3n y corresponsabilidad<\/a>-juntadeandalucia<strong><br \/>\n<\/strong><a href=\"https:\/\/www.google.com\/url?rct=j&amp;sa=t&amp;url=https:\/\/www.juntadeandalucia.es\/organismos\/consejo\/sesion\/detalle\/247131.html&amp;ct=ga&amp;cd=CAEYACoUMTYwOTQ2ODY0OTM5NjA4NzE5NTUyGzlhYjFjZGQ3ZTM2NmVmMzg6ZXM6ZXM6RVM6Ug&amp;usg=AOvVaw3PlxTR2BkZpxdvy4kSBPHQ\" target=\"_blank\" rel=\"noopener\" data-saferedirecturl=\"https:\/\/www.google.com\/url?q=https:\/\/www.google.com\/url?rct%3Dj%26sa%3Dt%26url%3Dhttps:\/\/www.juntadeandalucia.es\/organismos\/consejo\/sesion\/detalle\/247131.html%26ct%3Dga%26cd%3DCAEYACoUMTYwOTQ2ODY0OTM5NjA4NzE5NTUyGzlhYjFjZGQ3ZTM2NmVmMzg6ZXM6ZXM6RVM6Ug%26usg%3DAOvVaw3PlxTR2BkZpxdvy4kSBPHQ&amp;source=gmail&amp;ust=1665040754208000&amp;usg=AOvVaw3wy9b1ADAyV5jND_BFgAkw\">El III Congreso Andaluz de Coeducaci\u00f3n reunir\u00e1 en C\u00e1diz a m\u00e1s de 1.200 personas-\u00a0<\/a><a>Junta de Andaluc\u00eda<br \/>\n<\/a><a href=\"https:\/\/www.google.com\/url?rct=j&amp;sa=t&amp;url=https:\/\/www.telecinco.es\/informativos\/sociedad\/20221003\/comedor-social-andalucia-cierre-crisis-be5ma_18_07611186.html&amp;ct=ga&amp;cd=CAEYASoTOTg0MTE5NDI5MzA3MDE0MDU3MzIZZDc4ZTU4NzVhMGYxZjJhYzplczplczpFUw&amp;usg=AOvVaw1KjWQakArphDSYSP33qxu-\" target=\"_blank\" rel=\"noopener\" data-saferedirecturl=\"https:\/\/www.google.com\/url?q=https:\/\/www.google.com\/url?rct%3Dj%26sa%3Dt%26url%3Dhttps:\/\/www.telecinco.es\/informativos\/sociedad\/20221003\/comedor-social-andalucia-cierre-crisis-be5ma_18_07611186.html%26ct%3Dga%26cd%3DCAEYASoTOTg0MTE5NDI5MzA3MDE0MDU3MzIZZDc4ZTU4NzVhMGYxZjJhYzplczplczpFUw%26usg%3DAOvVaw1KjWQakArphDSYSP33qxu-&amp;source=gmail&amp;ust=1664951400321000&amp;usg=AOvVaw0b03SLpftA1cCdrlhXEaNP\">El mayor comedor\u00a0social\u00a0de\u00a0Andaluc\u00eda, al borde del cierre: \u00abAqu\u00ed comen ni\u00f1os con c\u00e1ncer\u00bb-\u00a0<\/a><a>Telecinco<br \/>\n<\/a><a href=\"https:\/\/www.google.com\/url?rct=j&amp;sa=t&amp;url=https:\/\/www.emartv.es\/2022\/10\/04\/encuentro-consorcio-andaluz-impulso-social-entidades-tercer-sector\/&amp;ct=ga&amp;cd=CAEYACoTOTEyNTYyNTU0ODc3MjI3Mzc4NTIZZDc4ZTU4NzVhMGYxZjJhYzplczplczpFUw&amp;usg=AOvVaw3EF5MTtzS4BV_WMcTi2nEv\" target=\"_blank\" rel=\"noopener\" data-saferedirecturl=\"https:\/\/www.google.com\/url?q=https:\/\/www.google.com\/url?rct%3Dj%26sa%3Dt%26url%3Dhttps:\/\/www.emartv.es\/2022\/10\/04\/encuentro-consorcio-andaluz-impulso-social-entidades-tercer-sector\/%26ct%3Dga%26cd%3DCAEYACoTOTEyNTYyNTU0ODc3MjI3Mzc4NTIZZDc4ZTU4NzVhMGYxZjJhYzplczplczpFUw%26usg%3DAOvVaw3EF5MTtzS4BV_WMcTi2nEv&amp;source=gmail&amp;ust=1665050303288000&amp;usg=AOvVaw1OQhvDTHlHADwVl9r-T2st\">El Encuentro del Consorcio Andaluz\u00a0de Impulso\u00a0Social tejer\u00e1 redes entre entidades del &#8230;-\u00a0<\/a><a>EMA-RTV<\/a><\/p>\n<p><strong>Violencias<br \/>\n<\/strong><a class=\"title\" href=\"https:\/\/www.lawyerpress.com\/2022\/10\/03\/la-abogacia-andaluza-reclama-durante-el-i-encuentro-andaluz-sobre-violencia-de-genero-mas-medios-para-luchar-contra-esta-lacra-social\/\" target=\"_blank\" rel=\"noopener\" data-artpy=\"0\" data-author=\"Lawyerpress\">La Abogac\u00eda andaluza reclama durante el I Encuentro Andaluz sobre Violencia de G\u00e9nero m\u00e1s medios para luchar contra esta lacra social<\/a>-lawyerpress<\/p>\n<p><strong>Cienci<\/strong><strong>a y Cultura<br \/>\n<\/strong><a class=\"title\" href=\"https:\/\/www.msn.com\/es-es\/noticias\/espana\/unas-85000-personas-y-m%C3%A1s-de-3000-cient%C3%ADficos-participan-en-la-noche-europea-de-los-investigadores-en-andaluc%C3%ADa\/ar-AA12zIdr\" target=\"_blank\" rel=\"noopener\" data-artpy=\"0\" data-author=\"MSN\">Unas 85.000 personas y m\u00e1s de 3.000 cient\u00edfic@s participan en &#8216;La noche europea de los investigadores&#8217; en Andaluc\u00eda<\/a>-msn<strong><br \/>\n<\/strong><a href=\"https:\/\/www.google.com\/url?rct=j&amp;sa=t&amp;url=https:\/\/www.lavanguardia.com\/local\/sevilla\/20221004\/8554329\/upo-acoge-foro-universidades-iberoamericanas-comprometidas-educacion-derechos-humanos.html&amp;ct=ga&amp;cd=CAEYAyoUMTcwNTg1NTE5NjA1OTE1MTQ5MjMyGTU5ZDc4MTcxMzZhMmQwMjg6ZXM6ZXM6RVM&amp;usg=AOvVaw0Hvqs3ncYLuU3-cRA98HMB\" target=\"_blank\" rel=\"noopener\" data-saferedirecturl=\"https:\/\/www.google.com\/url?q=https:\/\/www.google.com\/url?rct%3Dj%26sa%3Dt%26url%3Dhttps:\/\/www.lavanguardia.com\/local\/sevilla\/20221004\/8554329\/upo-acoge-foro-universidades-iberoamericanas-comprometidas-educacion-derechos-humanos.html%26ct%3Dga%26cd%3DCAEYAyoUMTcwNTg1NTE5NjA1OTE1MTQ5MjMyGTU5ZDc4MTcxMzZhMmQwMjg6ZXM6ZXM6RVM%26usg%3DAOvVaw0Hvqs3ncYLuU3-cRA98HMB&amp;source=gmail&amp;ust=1665050315762000&amp;usg=AOvVaw0SndcD9VZPK666rJ2kX0vJ\">La UPO acoge un foro de universidades iberoamericanas comprometidas con la educaci\u00f3n &#8230;-\u00a0<\/a><a>La Vanguardia<br \/>\n<\/a><a href=\"https:\/\/www.google.com\/url?rct=j&amp;sa=t&amp;url=https:\/\/canal.ugr.es\/evento\/jornada-de-presentacion-del-proyecto-impactos-de-la-pandemia-por-la-covid-19-y-el-confinamiento-en-las-investigadoras-del-area-de-ciencias-sociales-de-la-universidad-de-granada-desde-la-perspectiva\/&amp;ct=ga&amp;cd=CAEYACoTNDYyMjUxMjk1NTg2OTk2NzEzNDIZNTlkNzgxNzEzNmEyZDAyODplczplczpFUw&amp;usg=AOvVaw3PCDAD4Orl2FsPKfwGuJ6r\" target=\"_blank\" rel=\"noopener\" data-saferedirecturl=\"https:\/\/www.google.com\/url?q=https:\/\/www.google.com\/url?rct%3Dj%26sa%3Dt%26url%3Dhttps:\/\/canal.ugr.es\/evento\/jornada-de-presentacion-del-proyecto-impactos-de-la-pandemia-por-la-covid-19-y-el-confinamiento-en-las-investigadoras-del-area-de-ciencias-sociales-de-la-universidad-de-granada-desde-la-perspectiva\/%26ct%3Dga%26cd%3DCAEYACoTNDYyMjUxMjk1NTg2OTk2NzEzNDIZNTlkNzgxNzEzNmEyZDAyODplczplczpFUw%26usg%3DAOvVaw3PCDAD4Orl2FsPKfwGuJ6r&amp;source=gmail&amp;ust=1665050315828000&amp;usg=AOvVaw14NL53nPl3YV0CaJvF06Is\">Jornada de Presentaci\u00f3n del proyecto: \u00abImpactos de la pandemia por la COVID-19 y el confinamiento en las investigadoras &#8230; &#8211;\u00a0<\/a><a>Canal UGR<br \/>\n<\/a><a class=\"footer-link\" href=\"https:\/\/cordopolis.eldiario.es\/cultura\/cordobesa-remedios-zafra-gana-premio-anagrama-ensayo_1_6952714.html\" data-mrf-recirculation=\"subtitulo-2\">Remedios Zafra gana el Premio Anagrama de Ensayo\u00a0<\/a>-eldiario<br \/>\n<a class=\"title\" href=\"https:\/\/cadenaser.com\/andalucia\/2022\/10\/05\/con-voz-de-mujer-clausura-en-huelva-su-segunda-edicion-con-exito-de-participacion-radio-huelva\/\" target=\"_blank\" rel=\"noopener\" data-artpy=\"0\" data-author=\"Cadena SER\">Con Voz de Mujer clausura en Huelva su segunda edici\u00f3n con \u00e9xito de participaci\u00f3n<\/a>-ser<br \/>\n<a class=\"title\" href=\"https:\/\/www.informacion.es\/cultura\/2022\/10\/05\/maria-pages-espana-sido-capaz-76857473.html\" target=\"_blank\" rel=\"noopener\" data-artpy=\"0\" data-author=\"INFORMACION\">Mar\u00eda Pag\u00e9s: \u00abEspa\u00f1a no ha sido capaz de cuidar, darle valor y poner medios a su propio arte: el flamenco\u00bb<\/a>-informacion<br \/>\n<a href=\"https:\/\/www.eldiario.es\/andalucia\/lacajanegra\/nana-despertar-conciencias-arrojar-luz-fosa-pico-reja_1_9593285.html\">Nana para \u201cdespertar conciencias\u201d y arrojar luz sobre la fosa de Pico Reja<\/a>-eldiario<\/p>\n<p><strong>Deportes<br \/>\n<\/strong><a class=\"title\" href=\"https:\/\/www.diariodecadiz.es\/deportes\/Claudia-Pascual-Ambassador-Solheim-Espana_0_1726328228.html\" target=\"_blank\" rel=\"noopener\" data-artpy=\"0\" data-author=\"Diario de C\u00e1diz\">Claudia Pascual: \u00abEn Espa\u00f1a queda mucho por fomentar el golf femenino\u00bb<\/a>-diariodecadiz<br \/>\n<a class=\"title\" href=\"https:\/\/www.diariodesevilla.es\/deportes\/Sotogrande-consolida-auge-polo-femenino_0_1725127952.html\" target=\"_blank\" rel=\"noopener\" data-artpy=\"0\" data-author=\"Diario de Sevilla\">Sotogrande consolida el auge del polo femenino<\/a>-diariodesevilla<strong>\u00a0<\/strong><\/p>\n<\/div>\n<\/div>\n<div id=\"\" class=\"lsow-panel lsow-active\">\n<h1 class=\"lsow-panel-title\">Estado<\/h1>\n<div class=\"lsow-panel-content\">\n<p><strong>Institucional<br \/>\n<\/strong><a href=\"https:\/\/www.google.com\/url?rct=j&amp;sa=t&amp;url=https:\/\/andaluciainformacion.es\/arcos\/1085381\/diaz-asegura-que-los-trabajadores-son-las-victimas-de-la-inflacion\/&amp;ct=ga&amp;cd=CAEYACoROTQzNjIwOTgxNzg1NDM1MTEyGWQ3OGU1ODc1YTBmMWYyYWM6ZXM6ZXM6RVM&amp;usg=AOvVaw1wKXZ_phZbYe_ANU6B39BS\" target=\"_blank\" rel=\"noopener\" data-saferedirecturl=\"https:\/\/www.google.com\/url?q=https:\/\/www.google.com\/url?rct%3Dj%26sa%3Dt%26url%3Dhttps:\/\/andaluciainformacion.es\/arcos\/1085381\/diaz-asegura-que-los-trabajadores-son-las-victimas-de-la-inflacion\/%26ct%3Dga%26cd%3DCAEYACoROTQzNjIwOTgxNzg1NDM1MTEyGWQ3OGU1ODc1YTBmMWYyYWM6ZXM6ZXM6RVM%26usg%3DAOvVaw1wKXZ_phZbYe_ANU6B39BS&amp;source=gmail&amp;ust=1665050303329000&amp;usg=AOvVaw0WkIPOHeBamWTBjS_sg3Is\">D\u00edaz asegura que los trabajadores son las v\u00edctimas de la inflaci\u00f3n &#8211;\u00a0<\/a><a>Andaluc\u00eda Informaci\u00f3n<br \/>\n<\/a><a class=\"title\" href=\"https:\/\/www.msn.com\/es-es\/news\/espana\/montero-no-tiene-dudas-de-que-la-ley-trans-se-aprobar-c3-a1-ma-c3-b1ana-y-conf-c3-ada-en-que-el-texto-pueda-enriquecerse-en-congreso\/ar-AA12CCy7\" target=\"_blank\" rel=\"noopener\" data-artpy=\"0\" data-author=\"Europa Press on MSN\">Montero no tiene dudas de que la &#8216;Ley trans&#8217; se aprobar\u00e1 ma\u00f1ana y conf\u00eda en que el texto pueda enriquecerse en Congreso<\/a>-europapress<a><br \/>\n<\/a><\/p>\n<p><strong>Institucional \u2013 CCAA<br \/>\n<\/strong><a href=\"https:\/\/www.google.com\/url?rct=j&amp;sa=t&amp;url=https:\/\/www.europapress.es\/catalunya\/noticia-lola-vendetta-carme-ruscalleda-inauguraran-feria-economia-social-solidaria-catalunya-20221003185106.html&amp;ct=ga&amp;cd=CAEYACoTMTUyMDU4NDIwMTU3NDMwMTgzNjIbOTE4ODU3Y2Q2MGY5Nzc0ODplczplczpFUzpM&amp;usg=AOvVaw0Zh1wu5IinYKniDDESXUVB\" target=\"_blank\" rel=\"noopener\" data-saferedirecturl=\"https:\/\/www.google.com\/url?q=https:\/\/www.google.com\/url?rct%3Dj%26sa%3Dt%26url%3Dhttps:\/\/www.europapress.es\/catalunya\/noticia-lola-vendetta-carme-ruscalleda-inauguraran-feria-economia-social-solidaria-catalunya-20221003185106.html%26ct%3Dga%26cd%3DCAEYACoTMTUyMDU4NDIwMTU3NDMwMTgzNjIbOTE4ODU3Y2Q2MGY5Nzc0ODplczplczpFUzpM%26usg%3DAOvVaw0Zh1wu5IinYKniDDESXUVB&amp;source=gmail&amp;ust=1664951381502000&amp;usg=AOvVaw2UwomSrKjjVzpn_lkkrIy7\">Lola Vendetta y Carme Ruscalleda inaugurar\u00e1n la Feria de Econom\u00eda Social y Solidaria de Catalunya&#8230;-\u00a0<\/a><a>Europa Press<br \/>\n<\/a><a href=\"https:\/\/www.google.com\/url?rct=j&amp;sa=t&amp;url=https:\/\/castillalamancha.es\/actualidad\/notasdeprensa\/el-gobierno-de-castilla-la-mancha-apoya-iniciativas-para-visibilizar-mujeres-referentes-en-el-mundo&amp;ct=ga&amp;cd=CAEYACoUMTgxMDE2ODIzNDUwMjU3NjM4MTgyGWMwMzcyZWJjMmZlYWRhNTk6ZXM6ZXM6RVM&amp;usg=AOvVaw3y0sbO4zuMI1Zh8sJO_e8c\" target=\"_blank\" rel=\"noopener\" data-saferedirecturl=\"https:\/\/www.google.com\/url?q=https:\/\/www.google.com\/url?rct%3Dj%26sa%3Dt%26url%3Dhttps:\/\/castillalamancha.es\/actualidad\/notasdeprensa\/el-gobierno-de-castilla-la-mancha-apoya-iniciativas-para-visibilizar-mujeres-referentes-en-el-mundo%26ct%3Dga%26cd%3DCAEYACoUMTgxMDE2ODIzNDUwMjU3NjM4MTgyGWMwMzcyZWJjMmZlYWRhNTk6ZXM6ZXM6RVM%26usg%3DAOvVaw3y0sbO4zuMI1Zh8sJO_e8c&amp;source=gmail&amp;ust=1664951381369000&amp;usg=AOvVaw3AUEESgdfQhm4sS2j365rx\">El Gobierno de Castilla-La Mancha apoya iniciativas para visibilizar a mujeres referentes en el mundo&#8230;-\u00a0<\/a><a>Gobierno de C-LM<br \/>\n<\/a><a href=\"https:\/\/www.google.com\/url?rct=j&amp;sa=t&amp;url=https:\/\/www.noticiasextremadura.es\/gil-rosina-afirma-que-con-los-puntos-violeta-se-pretende-implicar-a-la-sociedad-en-la-lucha-contra-la-violencia-de-genero\/&amp;ct=ga&amp;cd=CAEYAyoUMTU3NzU0MDcyNzMwMjk5NDk3NzkyGWMwMzcyZWJjMmZlYWRhNTk6ZXM6ZXM6RVM&amp;usg=AOvVaw2qmE_3zgtpH5O0phy4Pn5F\" target=\"_blank\" rel=\"noopener\" data-saferedirecturl=\"https:\/\/www.google.com\/url?q=https:\/\/www.google.com\/url?rct%3Dj%26sa%3Dt%26url%3Dhttps:\/\/www.noticiasextremadura.es\/gil-rosina-afirma-que-con-los-puntos-violeta-se-pretende-implicar-a-la-sociedad-en-la-lucha-contra-la-violencia-de-genero\/%26ct%3Dga%26cd%3DCAEYAyoUMTU3NzU0MDcyNzMwMjk5NDk3NzkyGWMwMzcyZWJjMmZlYWRhNTk6ZXM6ZXM6RVM%26usg%3DAOvVaw2qmE_3zgtpH5O0phy4Pn5F&amp;source=gmail&amp;ust=1664951381427000&amp;usg=AOvVaw1eUDLydT6AmCqbaXL64S0F\">Gil Rosi\u00f1a afirma que con los puntos violeta se pretende implicar a la sociedad en la lucha &#8230;-\u00a0<\/a><a>Noticias Extremadura<br \/>\n<\/a><a href=\"https:\/\/www.google.com\/url?rct=j&amp;sa=t&amp;url=https:\/\/participacio.gva.es\/es\/inicio\/-\/asset_publisher\/Wq4JbR4NR6qi\/content\/iii-plan-de-igualdad-de-mujeres-y-hombres-de-la-administraci%2525C3%2525B3n-de-la-generalitat-1%3F_com_liferay_asset_publisher_web_portlet_AssetPublisherPortlet_INSTANCE_Wq4JbR4NR6qi_assetEntryId%3D364945152%26_com_liferay_asset_publisher_web_portlet_AssetPublisherPortlet_INSTANCE_Wq4JbR4NR6qi_redirect%3Dhttps%253A%252F%252Fparticipacio.gva.es%252Fes%252Finicio%253Fp_p_id%253Dcom_liferay_asset_publisher_web_portlet_AssetPublisherPortlet_INSTANCE_Wq4JbR4NR6qi%2526p_p_lifecycle%253D0%2526p_p_state%253Dnormal%2526p_p_mode%253Dview%2526_com_liferay_asset_publisher_web_portlet_AssetPublisherPortlet_INSTANCE_Wq4JbR4NR6qi_cur%253D0%2526p_r_p_resetCur%253Dfalse%2526_com_liferay_asset_publisher_web_portlet_AssetPublisherPortlet_INSTANCE_Wq4JbR4NR6qi_assetEntryId%253D364945152&amp;ct=ga&amp;cd=CAEYACoUMTQwNzUwOTYwMTkxMjM0OTY1MDMyGTU5ZDc4MTcxMzZhMmQwMjg6ZXM6ZXM6RVM&amp;usg=AOvVaw1eM7rL8s03B5Jit93-5mYy\" target=\"_blank\" rel=\"noopener\" data-saferedirecturl=\"https:\/\/www.google.com\/url?q=https:\/\/www.google.com\/url?rct%3Dj%26sa%3Dt%26url%3Dhttps:\/\/participacio.gva.es\/es\/inicio\/-\/asset_publisher\/Wq4JbR4NR6qi\/content\/iii-plan-de-igualdad-de-mujeres-y-hombres-de-la-administraci%252525C3%252525B3n-de-la-generalitat-1%253F_com_liferay_asset_publisher_web_portlet_AssetPublisherPortlet_INSTANCE_Wq4JbR4NR6qi_assetEntryId%253D364945152%2526_com_liferay_asset_publisher_web_portlet_AssetPublisherPortlet_INSTANCE_Wq4JbR4NR6qi_redirect%253Dhttps%25253A%25252F%25252Fparticipacio.gva.es%25252Fes%25252Finicio%25253Fp_p_id%25253Dcom_liferay_asset_publisher_web_portlet_AssetPublisherPortlet_INSTANCE_Wq4JbR4NR6qi%252526p_p_lifecycle%25253D0%252526p_p_state%25253Dnormal%252526p_p_mode%25253Dview%252526_com_liferay_asset_publisher_web_portlet_AssetPublisherPortlet_INSTANCE_Wq4JbR4NR6qi_cur%25253D0%252526p_r_p_resetCur%25253Dfalse%252526_com_liferay_asset_publisher_web_portlet_AssetPublisherPortlet_INSTANCE_Wq4JbR4NR6qi_assetEntryId%25253D364945152%26ct%3Dga%26cd%3DCAEYACoUMTQwNzUwOTYwMTkxMjM0OTY1MDMyGTU5ZDc4MTcxMzZhMmQwMjg6ZXM6ZXM6RVM%26usg%3DAOvVaw1eM7rL8s03B5Jit93-5mYy&amp;source=gmail&amp;ust=1665050315838000&amp;usg=AOvVaw2Db0iLYywNGuUilhw7xFaV\">III Plan de Igualdad de mujeres y hombres de la Administraci\u00f3n de la Generalitat<\/a><a>\u00a0&#8211; Generalitat Valenciana<br \/>\n<\/a><a href=\"https:\/\/www.google.com\/url?rct=j&amp;sa=t&amp;url=https:\/\/www.santander.es\/content\/santander-organizara-jornadas-nacionales-sobre-trata-explotacion-sexual&amp;ct=ga&amp;cd=CAEYACoUMTczMzM0NjQ3MTMxOTIyMDU0ODkyGWMwMzcyZWJjMmZlYWRhNTk6ZXM6ZXM6RVM&amp;usg=AOvVaw2nJSeR1G3fjQUnqPbpY7r8\" target=\"_blank\" rel=\"noopener\" data-saferedirecturl=\"https:\/\/www.google.com\/url?q=https:\/\/www.google.com\/url?rct%3Dj%26sa%3Dt%26url%3Dhttps:\/\/www.santander.es\/content\/santander-organizara-jornadas-nacionales-sobre-trata-explotacion-sexual%26ct%3Dga%26cd%3DCAEYACoUMTczMzM0NjQ3MTMxOTIyMDU0ODkyGWMwMzcyZWJjMmZlYWRhNTk6ZXM6ZXM6RVM%26usg%3DAOvVaw2nJSeR1G3fjQUnqPbpY7r8&amp;source=gmail&amp;ust=1665050303158000&amp;usg=AOvVaw2rPqn-HPL-sdj0ZWdajM31\">Santander organizar\u00e1 las jornadas nacionales sobre la trata y la explotaci\u00f3n sexual-\u00a0<\/a><a>Ayuntamiento de Santander<br \/>\n<\/a><a href=\"https:\/\/www.google.com\/url?rct=j&amp;sa=t&amp;url=https:\/\/www.noticiasdealava.eus\/sociedad\/2022\/10\/04\/miren-elgarresta-nueva-directora-emakunde-6079380.html&amp;ct=ga&amp;cd=CAEYASoTOTcyODEzMzQ1MjcwMjgzNDc2MjIZYzAzNzJlYmMyZmVhZGE1OTplczplczpFUw&amp;usg=AOvVaw0jxITGJx6PhZxxWNf11IeD\" target=\"_blank\" rel=\"noopener\" data-saferedirecturl=\"https:\/\/www.google.com\/url?q=https:\/\/www.google.com\/url?rct%3Dj%26sa%3Dt%26url%3Dhttps:\/\/www.noticiasdealava.eus\/sociedad\/2022\/10\/04\/miren-elgarresta-nueva-directora-emakunde-6079380.html%26ct%3Dga%26cd%3DCAEYASoTOTcyODEzMzQ1MjcwMjgzNDc2MjIZYzAzNzJlYmMyZmVhZGE1OTplczplczpFUw%26usg%3DAOvVaw0jxITGJx6PhZxxWNf11IeD&amp;source=gmail&amp;ust=1665050303019000&amp;usg=AOvVaw37kPiFpMH2ZVuPGeYtu-6u\">Miren Elgarresta, nueva directora de Emakunde &#8211;\u00a0<\/a><a>Noticias de \u00c1lava<br \/>\n<\/a><a class=\"title\" href=\"https:\/\/www.msn.com\/es-es\/news\/espana\/page-ve-esencial-que-la-lucha-por-la-incorporaci-c3-b3n-de-la-mujer-se-haga-en-todos-los-frentes-y-al-mismo-tiempo\/ar-AA12Czix\" target=\"_blank\" rel=\"noopener\" data-artpy=\"0\" data-author=\"Europa Press on MSN\">Page ve \u00abesencial\u00bb que la lucha por la incorporaci\u00f3n de la mujer se haga \u00aben todos los frentes y al mismo tiempo\u00bb<\/a>-europapress<a><br \/>\n<\/a><\/p>\n<p><strong>Econom\u00eda y Empresa<br \/>\n<\/strong><a href=\"https:\/\/www.google.com\/url?rct=j&amp;sa=t&amp;url=https:\/\/expansion.mx\/empresas\/2022\/10\/04\/danone-es-prueba-de-igualdad-productividad&amp;ct=ga&amp;cd=CAEYAioTMjM4OTEzMjQ4Mzk2NDg4NTMyNDIZNTlkNzgxNzEzNmEyZDAyODplczplczpFUw&amp;usg=AOvVaw2Pf96cte8DfjvMqHJ0bInP\" target=\"_blank\" rel=\"noopener\" data-saferedirecturl=\"https:\/\/www.google.com\/url?q=https:\/\/www.google.com\/url?rct%3Dj%26sa%3Dt%26url%3Dhttps:\/\/expansion.mx\/empresas\/2022\/10\/04\/danone-es-prueba-de-igualdad-productividad%26ct%3Dga%26cd%3DCAEYAioTMjM4OTEzMjQ4Mzk2NDg4NTMyNDIZNTlkNzgxNzEzNmEyZDAyODplczplczpFUw%26usg%3DAOvVaw2Pf96cte8DfjvMqHJ0bInP&amp;source=gmail&amp;ust=1665050315776000&amp;usg=AOvVaw24uhVbVp8MKITHzc-67tse\">Danone es prueba de que la inclusi\u00f3n e igualdad incrementan la productividad &#8211;\u00a0<\/a><a>Expansi\u00f3n<br \/>\n<\/a><a class=\"title\" href=\"https:\/\/www.levante-emv.com\/economia\/2022\/10\/05\/ayuda-100-euros-madres-trabajadoras-2023-cuando-requisitos-dv-76860902.html\" target=\"_blank\" rel=\"noopener\" data-artpy=\"0\" data-author=\"Levante-EMV\">La ayuda de 100 euros a madres trabajadoras se universaliza: ahora ser\u00e1 para todas, tengan empleo o no<\/a>-levante<a><br \/>\n<\/a><a href=\"https:\/\/www.google.com\/url?rct=j&amp;sa=t&amp;url=https:\/\/www.aecid.es\/ES\/Paginas\/Sala%2520de%2520Prensa\/Noticias\/2022\/2022_10\/04_firma_pga.aspx&amp;ct=ga&amp;cd=CAEYACoUMTMxMjcyNDgyMDUxNzQzNjE1MzAyGTU5ZDc4MTcxMzZhMmQwMjg6ZXM6ZXM6RVM&amp;usg=AOvVaw2ZFeHIPa297S63GIClhbkF\" target=\"_blank\" rel=\"noopener\" data-saferedirecturl=\"https:\/\/www.google.com\/url?q=https:\/\/www.google.com\/url?rct%3Dj%26sa%3Dt%26url%3Dhttps:\/\/www.aecid.es\/ES\/Paginas\/Sala%252520de%252520Prensa\/Noticias\/2022\/2022_10\/04_firma_pga.aspx%26ct%3Dga%26cd%3DCAEYACoUMTMxMjcyNDgyMDUxNzQzNjE1MzAyGTU5ZDc4MTcxMzZhMmQwMjg6ZXM6ZXM6RVM%26usg%3DAOvVaw2ZFeHIPa297S63GIClhbkF&amp;source=gmail&amp;ust=1665050315802000&amp;usg=AOvVaw3vb9JE8p_IwW6_oGEW5RX1\">La AECID y el CES impulsar\u00e1n conjuntamente acciones dirigidas al fortalecimiento socioecon\u00f3mico &#8230;-\u00a0<\/a><a>AECID<\/a><a><br \/>\n<\/a><a href=\"https:\/\/www.google.com\/url?rct=j&amp;sa=t&amp;url=https:\/\/theobjective.com\/economia\/2022-10-04\/paro-sube-septiembre-2022\/&amp;ct=ga&amp;cd=CAEYAioTMzE2ODM0ODY5MjQ5MzYwMDkzMjIZZDc4ZTU4NzVhMGYxZjJhYzplczplczpFUw&amp;usg=AOvVaw11je3xqbpfkNCVrRAKsGQV\" target=\"_blank\" rel=\"noopener\" data-saferedirecturl=\"https:\/\/www.google.com\/url?q=https:\/\/www.google.com\/url?rct%3Dj%26sa%3Dt%26url%3Dhttps:\/\/theobjective.com\/economia\/2022-10-04\/paro-sube-septiembre-2022\/%26ct%3Dga%26cd%3DCAEYAioTMzE2ODM0ODY5MjQ5MzYwMDkzMjIZZDc4ZTU4NzVhMGYxZjJhYzplczplczpFUw%26usg%3DAOvVaw11je3xqbpfkNCVrRAKsGQV&amp;source=gmail&amp;ust=1664956780096000&amp;usg=AOvVaw2NhXDa8cHY-pgEN06NuM1H\">El paro subi\u00f3 en 17.679 personas en septiembre por el fin de la campa\u00f1a de verano-\u00a0<\/a><a>The Objective<\/a><\/p>\n<p><strong>Actualidad<br \/>\n<\/strong><a href=\"https:\/\/www.google.com\/url?rct=j&amp;sa=t&amp;url=https:\/\/www.futuro360.com\/ciencia-en-ti\/cancer-de-mama-mes-octubre-enfermedad_20221003\/&amp;ct=ga&amp;cd=CAEYASoTMTc5MjQ1MDIwNjkzNDU4NTI3OTIZYzAzNzJlYmMyZmVhZGE1OTplczplczpFUw&amp;usg=AOvVaw3O1TQVw3LSemHuoni_DjYk\" target=\"_blank\" rel=\"noopener\" data-saferedirecturl=\"https:\/\/www.google.com\/url?q=https:\/\/www.google.com\/url?rct%3Dj%26sa%3Dt%26url%3Dhttps:\/\/www.futuro360.com\/ciencia-en-ti\/cancer-de-mama-mes-octubre-enfermedad_20221003\/%26ct%3Dga%26cd%3DCAEYASoTMTc5MjQ1MDIwNjkzNDU4NTI3OTIZYzAzNzJlYmMyZmVhZGE1OTplczplczpFUw%26usg%3DAOvVaw3O1TQVw3LSemHuoni_DjYk&amp;source=gmail&amp;ust=1665050303005000&amp;usg=AOvVaw3KJr9cHzTYcj1A_vPjyZ3g\">Mes de la sensibilizaci\u00f3n sobre el c\u00e1ncer de mama: Lo que debes saber sobre esta enfermedad-\u00a0<\/a><a>Futuro 360<br \/>\n<\/a><a class=\"title\" href=\"https:\/\/www.cope.es\/actualidad\/espana\/noticias\/las-mujeres-copan-las-primeras-becas-para-opositores-juez-fiscal-20221005_2326301\" target=\"_blank\" rel=\"noopener\" data-artpy=\"0\" data-author=\"COPE\">Las mujeres copan las primeras becas para opositores a juez y fiscal<\/a>-cope<br \/>\n<a class=\"title\" href=\"https:\/\/www.cordobabn.com\/articulo\/nacional\/mujer-46-anos-perfil-mas-frecuente-persona-dolor-espana\/20221005133209142635.html\" target=\"_blank\" rel=\"noopener\" data-artpy=\"0\" data-author=\"C\u00f3rdoba Buenas Noticias\">Mujer de 46 a\u00f1os, el perfil m\u00e1s frecuente de persona con dolor en Espa\u00f1a<\/a>-cordobabuenasnoticias<br \/>\n<a class=\"title\" href=\"https:\/\/www.ondacero.es\/programas\/mas-de-uno\/audios-podcast\/que-sabemos\/mujeres-manchegas-pioneras-utilizar-pantalones-espana_20221005633d6f1468929d00012463f3.html\" target=\"_blank\" rel=\"noopener\" data-artpy=\"0\" data-author=\"ondacero.es\">Las mujeres manchegas, pioneras en utilizar pantalones en Espa\u00f1a<\/a>-ondacero<a><br \/>\n<\/a><a href=\"https:\/\/www.google.com\/url?rct=j&amp;sa=t&amp;url=https:\/\/www.abc.es\/sociedad\/interpretan-sexualidad-mujeres-jovenes-espana-igualdad-20221004135648-nt.html&amp;ct=ga&amp;cd=CAEYBCoTNDM3NTc1Mjg5NjA0NzIyNzczMzIZYzAzNzJlYmMyZmVhZGE1OTplczplczpFUw&amp;usg=AOvVaw2YTyUjUMIz2hnfe61Wj9sg\" target=\"_blank\" rel=\"noopener\" data-saferedirecturl=\"https:\/\/www.google.com\/url?q=https:\/\/www.google.com\/url?rct%3Dj%26sa%3Dt%26url%3Dhttps:\/\/www.abc.es\/sociedad\/interpretan-sexualidad-mujeres-jovenes-espana-igualdad-20221004135648-nt.html%26ct%3Dga%26cd%3DCAEYBCoTNDM3NTc1Mjg5NjA0NzIyNzczMzIZYzAzNzJlYmMyZmVhZGE1OTplczplczpFUw%26usg%3DAOvVaw2YTyUjUMIz2hnfe61Wj9sg&amp;source=gmail&amp;ust=1665050303050000&amp;usg=AOvVaw0XQ5AJqP1QpjO6z1GXxpAc\">As\u00ed viven la sexualidad las j\u00f3venes, seg\u00fan una encuesta de Igualdad &#8211;\u00a0<\/a><a>ABC<\/a><\/p>\n<p><strong>Violencias<br \/>\n<\/strong><a href=\"https:\/\/www.google.com\/url?rct=j&amp;sa=t&amp;url=https:\/\/www.20minutos.es\/noticia\/5065781\/0\/los-juzgados-recibiran-una-nueva-guia-para-asesorar-mejor-a-las-victimas-de-violencia-de-genero-y-evitar-encuentros-con-sus-agresores\/&amp;ct=ga&amp;cd=CAEYACoTNzIyMTg0NDYwNjAxNDU0MDIxMTIZZTJkZWZhN2Q1ZGE5MTU3ZDplczplczpFUw&amp;usg=AOvVaw3Z-WXB6WP3NVslNO-7iJEP\" target=\"_blank\" rel=\"noopener\" data-saferedirecturl=\"https:\/\/www.google.com\/url?q=https:\/\/www.google.com\/url?rct%3Dj%26sa%3Dt%26url%3Dhttps:\/\/www.20minutos.es\/noticia\/5065781\/0\/los-juzgados-recibiran-una-nueva-guia-para-asesorar-mejor-a-las-victimas-de-violencia-de-genero-y-evitar-encuentros-con-sus-agresores\/%26ct%3Dga%26cd%3DCAEYACoTNzIyMTg0NDYwNjAxNDU0MDIxMTIZZTJkZWZhN2Q1ZGE5MTU3ZDplczplczpFUw%26usg%3DAOvVaw3Z-WXB6WP3NVslNO-7iJEP&amp;source=gmail&amp;ust=1664951381537000&amp;usg=AOvVaw0PTJvkE1AJQWSf6OKBDBGV\">Los juzgados recibir\u00e1n una nueva gu\u00eda para asesorar mejor a las v\u00edctimas de violencia de &#8230;-\u00a0<\/a><a>20Minutos<br \/>\n<\/a><a href=\"https:\/\/www.google.com\/url?rct=j&amp;sa=t&amp;url=https:\/\/diario16.com\/el-observatorio-contra-la-violencia-domestica-y-de-genero-publica-una-guia-de-buenas-practicas-para-la-toma-de-declaracion-de-victimas-de-violencia-de-genero\/&amp;ct=ga&amp;cd=CAEYAioTNzIyMTg0NDYwNjAxNDU0MDIxMTIZZTJkZWZhN2Q1ZGE5MTU3ZDplczplczpFUw&amp;usg=AOvVaw0A2QIQKY2cPI-uYPNJ_77Z\" target=\"_blank\" rel=\"noopener\" data-saferedirecturl=\"https:\/\/www.google.com\/url?q=https:\/\/www.google.com\/url?rct%3Dj%26sa%3Dt%26url%3Dhttps:\/\/diario16.com\/el-observatorio-contra-la-violencia-domestica-y-de-genero-publica-una-guia-de-buenas-practicas-para-la-toma-de-declaracion-de-victimas-de-violencia-de-genero\/%26ct%3Dga%26cd%3DCAEYAioTNzIyMTg0NDYwNjAxNDU0MDIxMTIZZTJkZWZhN2Q1ZGE5MTU3ZDplczplczpFUw%26usg%3DAOvVaw0A2QIQKY2cPI-uYPNJ_77Z&amp;source=gmail&amp;ust=1664951381538000&amp;usg=AOvVaw3sRr3Yyx1BEUW_aeVPZjjQ\">El Observatorio contra la Violencia\u00a0Dom\u00e9stica y de\u00a0G\u00e9nero publica una \u201cGu\u00eda de buenas &#8230;-\u00a0<\/a><a>Diario 16<br \/>\n<\/a><a href=\"https:\/\/www.google.com\/url?rct=j&amp;sa=t&amp;url=https:\/\/www.cope.es\/actualidad\/espana\/noticias\/guardia-civil-introduce-violencia-genero-temarios-formacion-20221004_2323643&amp;ct=ga&amp;cd=CAEYACoTOTAyMjg0NDYwODI2NTg3MTM5MzIZZTJkZWZhN2Q1ZGE5MTU3ZDplczplczpFUw&amp;usg=AOvVaw2BS6uRmYtTONGNRIy9irjC\" target=\"_blank\" rel=\"noopener\" data-saferedirecturl=\"https:\/\/www.google.com\/url?q=https:\/\/www.google.com\/url?rct%3Dj%26sa%3Dt%26url%3Dhttps:\/\/www.cope.es\/actualidad\/espana\/noticias\/guardia-civil-introduce-violencia-genero-temarios-formacion-20221004_2323643%26ct%3Dga%26cd%3DCAEYACoTOTAyMjg0NDYwODI2NTg3MTM5MzIZZTJkZWZhN2Q1ZGE5MTU3ZDplczplczpFUw%26usg%3DAOvVaw2BS6uRmYtTONGNRIy9irjC&amp;source=gmail&amp;ust=1665040748071000&amp;usg=AOvVaw0dG_uouwFomOxZraOXXeZX\">La Guardia Civil introduce la violencia de g\u00e9nero en temarios de formaci\u00f3n &#8211;<\/a><a>COPE<br \/>\n<\/a><a href=\"https:\/\/www.google.com\/url?rct=j&amp;sa=t&amp;url=https:\/\/elpais.com\/sociedad\/2022-10-03\/una-joven-de-20-anos-hallada-muerta-en-agosto-en-madrid-fue-asesinada-por-su-pareja.html&amp;ct=ga&amp;cd=CAEYASoTNzIyMTg0NDYwNjAxNDU0MDIxMTIZZTJkZWZhN2Q1ZGE5MTU3ZDplczplczpFUw&amp;usg=AOvVaw3jZr1Ymi_9RHFMzXTxEfWM\" target=\"_blank\" rel=\"noopener\" data-saferedirecturl=\"https:\/\/www.google.com\/url?q=https:\/\/www.google.com\/url?rct%3Dj%26sa%3Dt%26url%3Dhttps:\/\/elpais.com\/sociedad\/2022-10-03\/una-joven-de-20-anos-hallada-muerta-en-agosto-en-madrid-fue-asesinada-por-su-pareja.html%26ct%3Dga%26cd%3DCAEYASoTNzIyMTg0NDYwNjAxNDU0MDIxMTIZZTJkZWZhN2Q1ZGE5MTU3ZDplczplczpFUw%26usg%3DAOvVaw3jZr1Ymi_9RHFMzXTxEfWM&amp;source=gmail&amp;ust=1664951381537000&amp;usg=AOvVaw1Xb4ahZMqtsqi75r6fpuIm\">Una joven de 20 a\u00f1os hallada muerta en agosto en Madrid fue asesinada por su pareja-\u00a0<\/a><a>el pa\u00eds<br \/>\n<\/a><a href=\"https:\/\/www.google.com\/url?rct=j&amp;sa=t&amp;url=https:\/\/www.huffingtonpost.es\/entry\/detenido-un-menor-de-14-anos-en-mallorca-por-agredir-sexualmente-a-una-companera-al-salir-del-instituto_es_633ac4d4e4b04cf8f364c776&amp;ct=ga&amp;cd=CAEYAioTNjk2OTc4ODQ4MDgyMjA2MTQ1OTIZYzAzNzJlYmMyZmVhZGE1OTplczplczpFUw&amp;usg=AOvVaw03oBzI3rK6tS2JzlwVRIae\" target=\"_blank\" rel=\"noopener\" data-saferedirecturl=\"https:\/\/www.google.com\/url?q=https:\/\/www.google.com\/url?rct%3Dj%26sa%3Dt%26url%3Dhttps:\/\/www.huffingtonpost.es\/entry\/detenido-un-menor-de-14-anos-en-mallorca-por-agredir-sexualmente-a-una-companera-al-salir-del-instituto_es_633ac4d4e4b04cf8f364c776%26ct%3Dga%26cd%3DCAEYAioTNjk2OTc4ODQ4MDgyMjA2MTQ1OTIZYzAzNzJlYmMyZmVhZGE1OTplczplczpFUw%26usg%3DAOvVaw03oBzI3rK6tS2JzlwVRIae&amp;source=gmail&amp;ust=1664954959368000&amp;usg=AOvVaw2m4TKZeY0t-k1adkqSNnqt\">Detenido un menor de 14 a\u00f1os en Mallorca por agredir sexualmente a una &#8230; &#8211;\u00a0<\/a><a>El HuffPost<br \/>\n<\/a><a href=\"https:\/\/www.google.com\/url?rct=j&amp;sa=t&amp;url=https:\/\/amecopress.net\/Falta-de-instrumentos-juridicos-y-marco-legal-ante-la-violencia-machista-digital&amp;ct=ga&amp;cd=CAEYAioTNjQ3MjY3MzQ2NDM2OTMxMDgxNjIZZTFlNzdkMTU2MDk4YThlMzplczplczpFUw&amp;usg=AOvVaw3wXJ6HF1VXiuCApfZIDbhd\" target=\"_blank\" rel=\"noopener\" data-saferedirecturl=\"https:\/\/www.google.com\/url?q=https:\/\/www.google.com\/url?rct%3Dj%26sa%3Dt%26url%3Dhttps:\/\/amecopress.net\/Falta-de-instrumentos-juridicos-y-marco-legal-ante-la-violencia-machista-digital%26ct%3Dga%26cd%3DCAEYAioTNjQ3MjY3MzQ2NDM2OTMxMDgxNjIZZTFlNzdkMTU2MDk4YThlMzplczplczpFUw%26usg%3DAOvVaw3wXJ6HF1VXiuCApfZIDbhd&amp;source=gmail&amp;ust=1665040748939000&amp;usg=AOvVaw12lYabUa2G-luShyrZXBcU\">Falta de instrumentos jur\u00eddicos y marco legal ante la violencia machista digital-\u00a0<\/a><a>Ameco Press<br \/>\n<\/a><a class=\"title\" href=\"https:\/\/arainfo.org\/sin-putas-no-hay-feminismo-los-paraguas-rojos-llegan-al-congreso-en-contra-de-la-ley-sobre-proxenetismo\/\" target=\"_blank\" rel=\"noopener\" data-artpy=\"0\" data-author=\"arainfo\">\u201cSin putas no hay feminismo\u201d: los paraguas rojos llegan al Congreso en contra de la ley sobre proxenetismo<\/a>-arainfo<a><br \/>\n<\/a><\/p>\n<p><strong>Ciencia y Cultura<br \/>\n<\/strong><a class=\"title\" href=\"https:\/\/www.elespanol.com\/enclave-ods\/20221005\/programa-reinsercion-laboral-apuesta-integracion-mujeres-tecnologia\/707179556_0.html\" target=\"_blank\" rel=\"noopener\" data-artpy=\"0\" data-author=\"ESPA\u00d1OL\">El programa de reinserci\u00f3n laboral que apuesta por la integraci\u00f3n de las mujeres en el mundo de la tecnolog\u00eda<\/a><strong>-elespa\u00f1ol<\/strong><br \/>\n<a href=\"https:\/\/www.google.com\/url?rct=j&amp;sa=t&amp;url=https:\/\/www.unavarra.es\/sites\/actualidad\/contents\/noticias\/2022\/10\/05\/las-ingenieras-nerea-ariz-y-evel.html&amp;ct=ga&amp;cd=CAEYACoTODIxNjA0MzUzNzM2NTc1NjA3NzIZYzAzNzJlYmMyZmVhZGE1OTplczplczpFUw&amp;usg=AOvVaw1Vlty8hAjRbSpCrgbTLmnq\" target=\"_blank\" rel=\"noopener\" data-saferedirecturl=\"https:\/\/www.google.com\/url?q=https:\/\/www.google.com\/url?rct%3Dj%26sa%3Dt%26url%3Dhttps:\/\/www.unavarra.es\/sites\/actualidad\/contents\/noticias\/2022\/10\/05\/las-ingenieras-nerea-ariz-y-evel.html%26ct%3Dga%26cd%3DCAEYACoTODIxNjA0MzUzNzM2NTc1NjA3NzIZYzAzNzJlYmMyZmVhZGE1OTplczplczpFUw%26usg%3DAOvVaw1Vlty8hAjRbSpCrgbTLmnq&amp;source=gmail&amp;ust=1665050303151000&amp;usg=AOvVaw13kZuZFlk4P9q3m-gYl6QC\">Las ingenieras Nerea Ariz y Evelyn Vanegas ganan el concurso de p\u00f3steres de la C\u00e1tedra &#8230; &#8211;\u00a0<\/a><a>UPNA<br \/>\n<\/a><a href=\"https:\/\/www.google.com\/url?rct=j&amp;sa=t&amp;url=https:\/\/elapuron.com\/noticias\/sociedad\/169484\/cabildo-celebra-encuentro-mujeres-profesionales-la-ciencia-potenciar-papel-esta-materia\/&amp;ct=ga&amp;cd=CAEYASoTODMxODYwMjYxMjAwNjc1MzU1MDIZYzAzNzJlYmMyZmVhZGE1OTplczplczpFUw&amp;usg=AOvVaw0FdpdPRatnuKHBP1u9dA7O\" target=\"_blank\" rel=\"noopener\" data-saferedirecturl=\"https:\/\/www.google.com\/url?q=https:\/\/www.google.com\/url?rct%3Dj%26sa%3Dt%26url%3Dhttps:\/\/elapuron.com\/noticias\/sociedad\/169484\/cabildo-celebra-encuentro-mujeres-profesionales-la-ciencia-potenciar-papel-esta-materia\/%26ct%3Dga%26cd%3DCAEYASoTODMxODYwMjYxMjAwNjc1MzU1MDIZYzAzNzJlYmMyZmVhZGE1OTplczplczpFUw%26usg%3DAOvVaw0FdpdPRatnuKHBP1u9dA7O&amp;source=gmail&amp;ust=1665050303128000&amp;usg=AOvVaw2OV37omklo3zKWuPukCIdV\">El Cabildo celebra un encuentro con cient\u00edficas para potenciar su &#8230;-\u00a0<\/a><a>El Apur\u00f3n<br \/>\n<\/a><a href=\"https:\/\/www.google.com\/url?rct=j&amp;sa=t&amp;url=https:\/\/www.eldigitaldealbacete.com\/2022\/10\/04\/la-uclm-organiza-una-muestra-que-da-visibilidad-a-las-pioneras-en-estudios-de-genero-educacion-y-salud-sexual\/&amp;ct=ga&amp;cd=CAEYASoUMTcwNTg1NTE5NjA1OTE1MTQ5MjMyGTU5ZDc4MTcxMzZhMmQwMjg6ZXM6ZXM6RVM&amp;usg=AOvVaw3LyXFiERj6Zqk-8aFJmd-5\" target=\"_blank\" rel=\"noopener\" data-saferedirecturl=\"https:\/\/www.google.com\/url?q=https:\/\/www.google.com\/url?rct%3Dj%26sa%3Dt%26url%3Dhttps:\/\/www.eldigitaldealbacete.com\/2022\/10\/04\/la-uclm-organiza-una-muestra-que-da-visibilidad-a-las-pioneras-en-estudios-de-genero-educacion-y-salud-sexual\/%26ct%3Dga%26cd%3DCAEYASoUMTcwNTg1NTE5NjA1OTE1MTQ5MjMyGTU5ZDc4MTcxMzZhMmQwMjg6ZXM6ZXM6RVM%26usg%3DAOvVaw3LyXFiERj6Zqk-8aFJmd-5&amp;source=gmail&amp;ust=1665050315761000&amp;usg=AOvVaw3PMbGu-hHVHCOED0Musww_\">La UCLM organiza una muestra que da visibilidad a las pioneras en estudios de g\u00e9nero &#8230;-\u00a0<\/a><a>El Digital de Albacete<\/a><a><br \/>\n<\/a><\/p>\n<p><strong>Deporte<br \/>\n<\/strong><a class=\"title\" href=\"https:\/\/www.palco23.com\/competiciones\/tennium-crece-y-desembarca-en-andorra-con-un-torneo-wta-femenino\" target=\"_blank\" rel=\"noopener\" data-artpy=\"0\" data-author=\"palco23\">Tennium crece y desembarca en Andorra con un torneo WTA femenino<\/a>-palco23<br \/>\n<a class=\"title\" href=\"https:\/\/www.sport.es\/es\/noticias\/baloncesto\/uni-girona-hoy-laia-76863962\" target=\"_blank\" rel=\"noopener\" data-artpy=\"0\" data-author=\"Sport\">El Uni Girona homenajea hoy a Laia Palau<\/a>-sport<strong><br \/>\n<\/strong><\/p>\n<\/div>\n<\/div>\n<div id=\"\" class=\"lsow-panel lsow-active\">\n<h1 class=\"lsow-panel-title\">Internacional<\/h1>\n<div class=\"lsow-panel-content\">\n<p><a href=\"https:\/\/www.google.com\/url?rct=j&amp;sa=t&amp;url=https:\/\/www.cepal.org\/es\/publicaciones\/48193-desigualdades-genero-perspectiva-territorial-la-argentina&amp;ct=ga&amp;cd=CAEYAioTOTY0MjE4NDI0MTY3MjUyMzI5NTIZNTlkNzgxNzEzNmEyZDAyODplczplczpFUw&amp;usg=AOvVaw0EujP2HOQp4iKHxt-3-njZ\" target=\"_blank\" rel=\"noopener\" data-saferedirecturl=\"https:\/\/www.google.com\/url?q=https:\/\/www.google.com\/url?rct%3Dj%26sa%3Dt%26url%3Dhttps:\/\/www.cepal.org\/es\/publicaciones\/48193-desigualdades-genero-perspectiva-territorial-la-argentina%26ct%3Dga%26cd%3DCAEYAioTOTY0MjE4NDI0MTY3MjUyMzI5NTIZNTlkNzgxNzEzNmEyZDAyODplczplczpFUw%26usg%3DAOvVaw0EujP2HOQp4iKHxt-3-njZ&amp;source=gmail&amp;ust=1664951381444000&amp;usg=AOvVaw3hjzxaRjV3dTkGPVdnYEdA\">Las desigualdades de g\u00e9nero desde una perspectiva territorial en la Argentina-\u00a0<\/a>cepal<br \/>\n<a href=\"https:\/\/www.eldiario.es\/desalambre\/fiscalas-juezas-afganas-esperan-respuesta-exteriores-favor-rescatadnos-oscuridad_1_9595965.html\">Las fiscalas y juezas afganas que esperan la respuesta de Exteriores: \u201cPor favor, rescatadnos de esta oscuridad\u201d<\/a>-eldiario<br \/>\n<a class=\"title\" href=\"https:\/\/www.vidanuevadigital.com\/2022\/10\/04\/mas-de-60-organizaciones-catolicas-de-mujeres-llevan-al-vaticano-un-informe-en-el-que-denuncian-el-sexismo-en-la-iglesia\/\" target=\"_blank\" rel=\"noopener\" data-artpy=\"0\" data-author=\"Vida Nueva\">M\u00e1s de 60 organizaciones cat\u00f3licas de mujeres llevan al Vaticano un informe en el que denuncian el sexismo en la Iglesia<\/a>-vidanueva<br \/>\n<a href=\"https:\/\/www.google.com\/url?rct=j&amp;sa=t&amp;url=https:\/\/www.fsyc.org\/mujer\/fsc-publica-un-informe-sobre-mujeres-que-usan-drogas-y-sufren-violencia-de-genero-en-el-marco-del-proyecto-europeo-interleave\/&amp;ct=ga&amp;cd=CAEYBSoUMTgxMDE2ODIzNDUwMjU3NjM4MTgyGWMwMzcyZWJjMmZlYWRhNTk6ZXM6ZXM6RVM&amp;usg=AOvVaw2CyzEQBif5DTQKK_ec5xSB\" target=\"_blank\" rel=\"noopener\" data-saferedirecturl=\"https:\/\/www.google.com\/url?q=https:\/\/www.google.com\/url?rct%3Dj%26sa%3Dt%26url%3Dhttps:\/\/www.fsyc.org\/mujer\/fsc-publica-un-informe-sobre-mujeres-que-usan-drogas-y-sufren-violencia-de-genero-en-el-marco-del-proyecto-europeo-interleave\/%26ct%3Dga%26cd%3DCAEYBSoUMTgxMDE2ODIzNDUwMjU3NjM4MTgyGWMwMzcyZWJjMmZlYWRhNTk6ZXM6ZXM6RVM%26usg%3DAOvVaw2CyzEQBif5DTQKK_ec5xSB&amp;source=gmail&amp;ust=1664951381371000&amp;usg=AOvVaw3Zl5fBKkO5xXRuGdXd3SHL\">FSC publica un informe sobre mujeres que usan drogas y sufren violencia de g\u00e9nero en el marco del proyecto europeo INTERLEAVE&#8230;-\u00a0<\/a><a>Fundaci\u00f3n SyC<br \/>\n<\/a><a class=\"title\" href=\"https:\/\/kaosenlared.net\/nilufar-saberi-arrancarles-el-poder-a-los-islamistas-nos-va-a-costar-sudor-y-sangre\/\" target=\"_blank\" rel=\"noopener\" data-artpy=\"0\" data-author=\"Kaos en la Red\">Nilufar Saberi: \u201cArrancarles el poder a los islamistas nos va a costar sudor y sangre\u201d<\/a>-kaosenlared<a><br \/>\n<\/a><a href=\"https:\/\/www.google.com\/url?rct=j&amp;sa=t&amp;url=https:\/\/elpais.com\/ciencia\/2022-10-03\/premio-nobel-de-medicina-para-svante-paabo-por-sus-descubrimientos-en-genetica-de-especies-extintas.html&amp;ct=ga&amp;cd=CAEYDyoUMTgxMDE2ODIzNDUwMjU3NjM4MTgyGWMwMzcyZWJjMmZlYWRhNTk6ZXM6ZXM6RVM&amp;usg=AOvVaw2yJmZLjxcJE5OzGoeK-Xik\" target=\"_blank\" rel=\"noopener\" data-saferedirecturl=\"https:\/\/www.google.com\/url?q=https:\/\/www.google.com\/url?rct%3Dj%26sa%3Dt%26url%3Dhttps:\/\/elpais.com\/ciencia\/2022-10-03\/premio-nobel-de-medicina-para-svante-paabo-por-sus-descubrimientos-en-genetica-de-especies-extintas.html%26ct%3Dga%26cd%3DCAEYDyoUMTgxMDE2ODIzNDUwMjU3NjM4MTgyGWMwMzcyZWJjMmZlYWRhNTk6ZXM6ZXM6RVM%26usg%3DAOvVaw2yJmZLjxcJE5OzGoeK-Xik&amp;source=gmail&amp;ust=1664951381374000&amp;usg=AOvVaw3WA1NbifEjzhpWXqIqVvqx\">Premio Nobel de Medicina para Svante P\u00e4\u00e4bo por desvelar la gen\u00e9tica de humanos extintos-\u00a0<\/a><a>El Pa\u00eds<br \/>\n<\/a><a class=\"title\" href=\"https:\/\/es-us.vida-estilo.yahoo.com\/premio-nobel-qu%C3%ADmica-2022-mujer-095423195.html\" target=\"_blank\" rel=\"noopener\" data-artpy=\"0\" data-author=\"Yahoo Vida y Estilo Espa\u00f1a\">Premio Nobel de Qu\u00edmica 2022: una mujer y dos hombres fueron elegidos por crear una herramienta ingeniosa para construir mol\u00e9culas<\/a>-yahoo<br \/>\n<a class=\"title\" href=\"https:\/\/www.abc.es\/cultura\/libros\/mujeres-ganado-premio-nobel-literatura-20221004174800-nt.html\" target=\"_blank\" rel=\"noopener\" data-artpy=\"0\" data-author=\"ABC\">Las 16 mujeres que han ganado el premio Nobel de Literatura<\/a>-abc<br \/>\n<a class=\"title\" href=\"https:\/\/es.vida-estilo.yahoo.com\/equipo-f%C3%BAtbol-femenino-elimina-short-110900726.html\" target=\"_blank\" rel=\"noopener\" data-artpy=\"0\" data-author=\"Yahoo Vida y Estilo Espa\u00f1a\">Un equipo de f\u00fatbol femenino elimina el short blanco de su uniforme por petici\u00f3n de sus jugadoras<\/a>-yahoo<\/p>\n<\/div>\n<\/div>\n<\/div><\/div><\/div><\/div><\/div>\n","protected":false},"excerpt":{"rendered":"<p>La ayuda de 100 euros a madres trabajadoras se universaliza tengan empleo o no * Mujer de 46 a\u00f1os, el perfil m\u00e1s frecuente de persona con dolor en Espa\u00f1a * Remedios Zafra Premio Anagrama de Ensayo * Las 16 mujeres que han ganado el premio Nobel de Literatura<\/p>\n","protected":false},"author":3,"featured_media":22909,"comment_status":"closed","ping_status":"closed","sticky":false,"template":"","format":"standard","meta":{"footnotes":""},"categories":[298,621],"tags":[80,262],"class_list":["post-17201","post","type-post","status-publish","format-standard","has-post-thumbnail","hentry","category-newsletter","category-nwl-3-0","tag-igualdad-de-genero","tag-salud"],"yoast_head":"<!-- This site is optimized with the Yoast SEO plugin v27.5 - https:\/\/yoast.com\/product\/yoast-seo-wordpress\/ -->\n<title>Noticias Info CKL n\u00ba 2723-05\/10\/22 -Comunicar con perspectiva de g\u00e9nero<\/title>\n<meta name=\"description\" content=\"Noticias Info CKL n\u00ba 2723-05\/10\/22 La ayuda de 100 euros a madres trabajadoras se universaliza tengan empleo o no * Mujer de 46 a\u00f1os, el perfil m\u00e1s frecuente de persona con dolor en Espa\u00f1a * Remedios Zafra Premio Anagrama de Ensayo * Las 16 mujeres que han ganado el premio Nobel de Literatura\" \/>\n<meta name=\"robots\" content=\"index, follow, max-snippet:-1, max-image-preview:large, max-video-preview:-1\" \/>\n<link rel=\"canonical\" href=\"https:\/\/cklcomunicaciones.es\/coop\/noticias-info-ckl-no-2723-05-10-22\/\" \/>\n<meta property=\"og:locale\" content=\"es_ES\" \/>\n<meta property=\"og:type\" content=\"article\" \/>\n<meta property=\"og:title\" content=\"Noticias Info CKL n\u00ba 2723-05\/10\/22 -Comunicar con perspectiva de g\u00e9nero\" \/>\n<meta property=\"og:description\" content=\"Noticias Info CKL n\u00ba 2723-05\/10\/22 La ayuda de 100 euros a madres trabajadoras se universaliza tengan empleo o no * Mujer de 46 a\u00f1os, el perfil m\u00e1s frecuente de persona con dolor en Espa\u00f1a * Remedios Zafra Premio Anagrama de Ensayo * Las 16 mujeres que han ganado el premio Nobel de Literatura\" \/>\n<meta property=\"og:url\" content=\"https:\/\/cklcomunicaciones.es\/coop\/noticias-info-ckl-no-2723-05-10-22\/\" \/>\n<meta property=\"og:site_name\" content=\"CKL Comunicaciones\" \/>\n<meta property=\"article:published_time\" content=\"2022-10-05T12:49:55+00:00\" \/>\n<meta property=\"article:modified_time\" content=\"2025-02-08T22:52:52+00:00\" \/>\n<meta property=\"og:image\" content=\"https:\/\/cklcomunicaciones.es\/coop\/wp-content\/uploads\/2025\/01\/CKL-una-mirada-distinta-de-la-comunicacion.jpg\" \/>\n\t<meta property=\"og:image:width\" content=\"1482\" \/>\n\t<meta property=\"og:image:height\" content=\"775\" \/>\n\t<meta property=\"og:image:type\" content=\"image\/jpeg\" \/>\n<meta name=\"author\" content=\"ckl\" \/>\n<meta name=\"twitter:card\" content=\"summary_large_image\" \/>\n<meta name=\"twitter:label1\" content=\"Escrito por\" \/>\n\t<meta name=\"twitter:data1\" content=\"ckl\" \/>\n\t<meta name=\"twitter:label2\" content=\"Tiempo de lectura\" \/>\n\t<meta name=\"twitter:data2\" content=\"6 minutos\" \/>\n<script type=\"application\/ld+json\" class=\"yoast-schema-graph\">{\"@context\":\"https:\\\/\\\/schema.org\",\"@graph\":[{\"@type\":\"Article\",\"@id\":\"https:\\\/\\\/cklcomunicaciones.es\\\/coop\\\/noticias-info-ckl-no-2723-05-10-22\\\/#article\",\"isPartOf\":{\"@id\":\"https:\\\/\\\/cklcomunicaciones.es\\\/coop\\\/noticias-info-ckl-no-2723-05-10-22\\\/\"},\"author\":{\"name\":\"ckl\",\"@id\":\"https:\\\/\\\/cklcomunicaciones.es\\\/coop\\\/#\\\/schema\\\/person\\\/929a6837f7626450bbb50cee1aef266e\"},\"headline\":\"Noticias Info CKL n\u00ba 2723-05\\\/10\\\/22\",\"datePublished\":\"2022-10-05T12:49:55+00:00\",\"dateModified\":\"2025-02-08T22:52:52+00:00\",\"mainEntityOfPage\":{\"@id\":\"https:\\\/\\\/cklcomunicaciones.es\\\/coop\\\/noticias-info-ckl-no-2723-05-10-22\\\/\"},\"wordCount\":1357,\"image\":{\"@id\":\"https:\\\/\\\/cklcomunicaciones.es\\\/coop\\\/noticias-info-ckl-no-2723-05-10-22\\\/#primaryimage\"},\"thumbnailUrl\":\"https:\\\/\\\/cklcomunicaciones.es\\\/coop\\\/wp-content\\\/uploads\\\/2025\\\/01\\\/CKL-una-mirada-distinta-de-la-comunicacion.jpg\",\"keywords\":[\"Igualdad de g\u00e9nero\",\"salud\"],\"articleSection\":[\"Newsletter\",\"Nwl v3.0\"],\"inLanguage\":\"es\"},{\"@type\":\"WebPage\",\"@id\":\"https:\\\/\\\/cklcomunicaciones.es\\\/coop\\\/noticias-info-ckl-no-2723-05-10-22\\\/\",\"url\":\"https:\\\/\\\/cklcomunicaciones.es\\\/coop\\\/noticias-info-ckl-no-2723-05-10-22\\\/\",\"name\":\"Noticias Info CKL n\u00ba 2723-05\\\/10\\\/22 -Comunicar con perspectiva de g\u00e9nero\",\"isPartOf\":{\"@id\":\"https:\\\/\\\/cklcomunicaciones.es\\\/coop\\\/#website\"},\"primaryImageOfPage\":{\"@id\":\"https:\\\/\\\/cklcomunicaciones.es\\\/coop\\\/noticias-info-ckl-no-2723-05-10-22\\\/#primaryimage\"},\"image\":{\"@id\":\"https:\\\/\\\/cklcomunicaciones.es\\\/coop\\\/noticias-info-ckl-no-2723-05-10-22\\\/#primaryimage\"},\"thumbnailUrl\":\"https:\\\/\\\/cklcomunicaciones.es\\\/coop\\\/wp-content\\\/uploads\\\/2025\\\/01\\\/CKL-una-mirada-distinta-de-la-comunicacion.jpg\",\"datePublished\":\"2022-10-05T12:49:55+00:00\",\"dateModified\":\"2025-02-08T22:52:52+00:00\",\"author\":{\"@id\":\"https:\\\/\\\/cklcomunicaciones.es\\\/coop\\\/#\\\/schema\\\/person\\\/929a6837f7626450bbb50cee1aef266e\"},\"description\":\"Noticias Info CKL n\u00ba 2723-05\\\/10\\\/22 La ayuda de 100 euros a madres trabajadoras se universaliza tengan empleo o no * Mujer de 46 a\u00f1os, el perfil m\u00e1s frecuente de persona con dolor en Espa\u00f1a * Remedios Zafra Premio Anagrama de Ensayo * Las 16 mujeres que han ganado el premio Nobel de Literatura\",\"breadcrumb\":{\"@id\":\"https:\\\/\\\/cklcomunicaciones.es\\\/coop\\\/noticias-info-ckl-no-2723-05-10-22\\\/#breadcrumb\"},\"inLanguage\":\"es\",\"potentialAction\":[{\"@type\":\"ReadAction\",\"target\":[\"https:\\\/\\\/cklcomunicaciones.es\\\/coop\\\/noticias-info-ckl-no-2723-05-10-22\\\/\"]}]},{\"@type\":\"ImageObject\",\"inLanguage\":\"es\",\"@id\":\"https:\\\/\\\/cklcomunicaciones.es\\\/coop\\\/noticias-info-ckl-no-2723-05-10-22\\\/#primaryimage\",\"url\":\"https:\\\/\\\/cklcomunicaciones.es\\\/coop\\\/wp-content\\\/uploads\\\/2025\\\/01\\\/CKL-una-mirada-distinta-de-la-comunicacion.jpg\",\"contentUrl\":\"https:\\\/\\\/cklcomunicaciones.es\\\/coop\\\/wp-content\\\/uploads\\\/2025\\\/01\\\/CKL-una-mirada-distinta-de-la-comunicacion.jpg\",\"width\":1482,\"height\":775,\"caption\":\"CKL - una mirada distinta de la comunicacion\"},{\"@type\":\"BreadcrumbList\",\"@id\":\"https:\\\/\\\/cklcomunicaciones.es\\\/coop\\\/noticias-info-ckl-no-2723-05-10-22\\\/#breadcrumb\",\"itemListElement\":[{\"@type\":\"ListItem\",\"position\":1,\"name\":\"Portada\",\"item\":\"https:\\\/\\\/cklcomunicaciones.es\\\/coop\\\/\"},{\"@type\":\"ListItem\",\"position\":2,\"name\":\"Noticias Info CKL n\u00ba 2723-05\\\/10\\\/22\"}]},{\"@type\":\"WebSite\",\"@id\":\"https:\\\/\\\/cklcomunicaciones.es\\\/coop\\\/#website\",\"url\":\"https:\\\/\\\/cklcomunicaciones.es\\\/coop\\\/\",\"name\":\"CKL Comunicaciones\",\"description\":\"Sitio web de CKL Comunicaciones coop , la consultora de comunicaci\u00f3n y estrategia\",\"potentialAction\":[{\"@type\":\"SearchAction\",\"target\":{\"@type\":\"EntryPoint\",\"urlTemplate\":\"https:\\\/\\\/cklcomunicaciones.es\\\/coop\\\/?s={search_term_string}\"},\"query-input\":{\"@type\":\"PropertyValueSpecification\",\"valueRequired\":true,\"valueName\":\"search_term_string\"}}],\"inLanguage\":\"es\"},{\"@type\":\"Person\",\"@id\":\"https:\\\/\\\/cklcomunicaciones.es\\\/coop\\\/#\\\/schema\\\/person\\\/929a6837f7626450bbb50cee1aef266e\",\"name\":\"ckl\",\"image\":{\"@type\":\"ImageObject\",\"inLanguage\":\"es\",\"@id\":\"https:\\\/\\\/secure.gravatar.com\\\/avatar\\\/c82db564e8a669bf6023357a157b9dc4780f4d4c618f2ad1d71a6a5dede45057?s=96&d=mm&r=g\",\"url\":\"https:\\\/\\\/secure.gravatar.com\\\/avatar\\\/c82db564e8a669bf6023357a157b9dc4780f4d4c618f2ad1d71a6a5dede45057?s=96&d=mm&r=g\",\"contentUrl\":\"https:\\\/\\\/secure.gravatar.com\\\/avatar\\\/c82db564e8a669bf6023357a157b9dc4780f4d4c618f2ad1d71a6a5dede45057?s=96&d=mm&r=g\",\"caption\":\"ckl\"},\"url\":\"https:\\\/\\\/cklcomunicaciones.es\\\/coop\\\/author\\\/cklcomunicaciones\\\/\"}]}<\/script>\n<!-- \/ Yoast SEO plugin. -->","yoast_head_json":{"title":"Noticias Info CKL n\u00ba 2723-05\/10\/22 -Comunicar con perspectiva de g\u00e9nero","description":"Noticias Info CKL n\u00ba 2723-05\/10\/22 La ayuda de 100 euros a madres trabajadoras se universaliza tengan empleo o no * Mujer de 46 a\u00f1os, el perfil m\u00e1s frecuente de persona con dolor en Espa\u00f1a * Remedios Zafra Premio Anagrama de Ensayo * Las 16 mujeres que han ganado el premio Nobel de Literatura","robots":{"index":"index","follow":"follow","max-snippet":"max-snippet:-1","max-image-preview":"max-image-preview:large","max-video-preview":"max-video-preview:-1"},"canonical":"https:\/\/cklcomunicaciones.es\/coop\/noticias-info-ckl-no-2723-05-10-22\/","og_locale":"es_ES","og_type":"article","og_title":"Noticias Info CKL n\u00ba 2723-05\/10\/22 -Comunicar con perspectiva de g\u00e9nero","og_description":"Noticias Info CKL n\u00ba 2723-05\/10\/22 La ayuda de 100 euros a madres trabajadoras se universaliza tengan empleo o no * Mujer de 46 a\u00f1os, el perfil m\u00e1s frecuente de persona con dolor en Espa\u00f1a * Remedios Zafra Premio Anagrama de Ensayo * Las 16 mujeres que han ganado el premio Nobel de Literatura","og_url":"https:\/\/cklcomunicaciones.es\/coop\/noticias-info-ckl-no-2723-05-10-22\/","og_site_name":"CKL Comunicaciones","article_published_time":"2022-10-05T12:49:55+00:00","article_modified_time":"2025-02-08T22:52:52+00:00","og_image":[{"width":1482,"height":775,"url":"https:\/\/cklcomunicaciones.es\/coop\/wp-content\/uploads\/2025\/01\/CKL-una-mirada-distinta-de-la-comunicacion.jpg","type":"image\/jpeg"}],"author":"ckl","twitter_card":"summary_large_image","twitter_misc":{"Escrito por":"ckl","Tiempo de lectura":"6 minutos"},"schema":{"@context":"https:\/\/schema.org","@graph":[{"@type":"Article","@id":"https:\/\/cklcomunicaciones.es\/coop\/noticias-info-ckl-no-2723-05-10-22\/#article","isPartOf":{"@id":"https:\/\/cklcomunicaciones.es\/coop\/noticias-info-ckl-no-2723-05-10-22\/"},"author":{"name":"ckl","@id":"https:\/\/cklcomunicaciones.es\/coop\/#\/schema\/person\/929a6837f7626450bbb50cee1aef266e"},"headline":"Noticias Info CKL n\u00ba 2723-05\/10\/22","datePublished":"2022-10-05T12:49:55+00:00","dateModified":"2025-02-08T22:52:52+00:00","mainEntityOfPage":{"@id":"https:\/\/cklcomunicaciones.es\/coop\/noticias-info-ckl-no-2723-05-10-22\/"},"wordCount":1357,"image":{"@id":"https:\/\/cklcomunicaciones.es\/coop\/noticias-info-ckl-no-2723-05-10-22\/#primaryimage"},"thumbnailUrl":"https:\/\/cklcomunicaciones.es\/coop\/wp-content\/uploads\/2025\/01\/CKL-una-mirada-distinta-de-la-comunicacion.jpg","keywords":["Igualdad de g\u00e9nero","salud"],"articleSection":["Newsletter","Nwl v3.0"],"inLanguage":"es"},{"@type":"WebPage","@id":"https:\/\/cklcomunicaciones.es\/coop\/noticias-info-ckl-no-2723-05-10-22\/","url":"https:\/\/cklcomunicaciones.es\/coop\/noticias-info-ckl-no-2723-05-10-22\/","name":"Noticias Info CKL n\u00ba 2723-05\/10\/22 -Comunicar con perspectiva de g\u00e9nero","isPartOf":{"@id":"https:\/\/cklcomunicaciones.es\/coop\/#website"},"primaryImageOfPage":{"@id":"https:\/\/cklcomunicaciones.es\/coop\/noticias-info-ckl-no-2723-05-10-22\/#primaryimage"},"image":{"@id":"https:\/\/cklcomunicaciones.es\/coop\/noticias-info-ckl-no-2723-05-10-22\/#primaryimage"},"thumbnailUrl":"https:\/\/cklcomunicaciones.es\/coop\/wp-content\/uploads\/2025\/01\/CKL-una-mirada-distinta-de-la-comunicacion.jpg","datePublished":"2022-10-05T12:49:55+00:00","dateModified":"2025-02-08T22:52:52+00:00","author":{"@id":"https:\/\/cklcomunicaciones.es\/coop\/#\/schema\/person\/929a6837f7626450bbb50cee1aef266e"},"description":"Noticias Info CKL n\u00ba 2723-05\/10\/22 La ayuda de 100 euros a madres trabajadoras se universaliza tengan empleo o no * Mujer de 46 a\u00f1os, el perfil m\u00e1s frecuente de persona con dolor en Espa\u00f1a * Remedios Zafra Premio Anagrama de Ensayo * Las 16 mujeres que han ganado el premio Nobel de Literatura","breadcrumb":{"@id":"https:\/\/cklcomunicaciones.es\/coop\/noticias-info-ckl-no-2723-05-10-22\/#breadcrumb"},"inLanguage":"es","potentialAction":[{"@type":"ReadAction","target":["https:\/\/cklcomunicaciones.es\/coop\/noticias-info-ckl-no-2723-05-10-22\/"]}]},{"@type":"ImageObject","inLanguage":"es","@id":"https:\/\/cklcomunicaciones.es\/coop\/noticias-info-ckl-no-2723-05-10-22\/#primaryimage","url":"https:\/\/cklcomunicaciones.es\/coop\/wp-content\/uploads\/2025\/01\/CKL-una-mirada-distinta-de-la-comunicacion.jpg","contentUrl":"https:\/\/cklcomunicaciones.es\/coop\/wp-content\/uploads\/2025\/01\/CKL-una-mirada-distinta-de-la-comunicacion.jpg","width":1482,"height":775,"caption":"CKL - una mirada distinta de la comunicacion"},{"@type":"BreadcrumbList","@id":"https:\/\/cklcomunicaciones.es\/coop\/noticias-info-ckl-no-2723-05-10-22\/#breadcrumb","itemListElement":[{"@type":"ListItem","position":1,"name":"Portada","item":"https:\/\/cklcomunicaciones.es\/coop\/"},{"@type":"ListItem","position":2,"name":"Noticias Info CKL n\u00ba 2723-05\/10\/22"}]},{"@type":"WebSite","@id":"https:\/\/cklcomunicaciones.es\/coop\/#website","url":"https:\/\/cklcomunicaciones.es\/coop\/","name":"CKL Comunicaciones","description":"Sitio web de CKL Comunicaciones coop , la consultora de comunicaci\u00f3n y estrategia","potentialAction":[{"@type":"SearchAction","target":{"@type":"EntryPoint","urlTemplate":"https:\/\/cklcomunicaciones.es\/coop\/?s={search_term_string}"},"query-input":{"@type":"PropertyValueSpecification","valueRequired":true,"valueName":"search_term_string"}}],"inLanguage":"es"},{"@type":"Person","@id":"https:\/\/cklcomunicaciones.es\/coop\/#\/schema\/person\/929a6837f7626450bbb50cee1aef266e","name":"ckl","image":{"@type":"ImageObject","inLanguage":"es","@id":"https:\/\/secure.gravatar.com\/avatar\/c82db564e8a669bf6023357a157b9dc4780f4d4c618f2ad1d71a6a5dede45057?s=96&d=mm&r=g","url":"https:\/\/secure.gravatar.com\/avatar\/c82db564e8a669bf6023357a157b9dc4780f4d4c618f2ad1d71a6a5dede45057?s=96&d=mm&r=g","contentUrl":"https:\/\/secure.gravatar.com\/avatar\/c82db564e8a669bf6023357a157b9dc4780f4d4c618f2ad1d71a6a5dede45057?s=96&d=mm&r=g","caption":"ckl"},"url":"https:\/\/cklcomunicaciones.es\/coop\/author\/cklcomunicaciones\/"}]}},"_links":{"self":[{"href":"https:\/\/cklcomunicaciones.es\/coop\/wp-json\/wp\/v2\/posts\/17201","targetHints":{"allow":["GET"]}}],"collection":[{"href":"https:\/\/cklcomunicaciones.es\/coop\/wp-json\/wp\/v2\/posts"}],"about":[{"href":"https:\/\/cklcomunicaciones.es\/coop\/wp-json\/wp\/v2\/types\/post"}],"author":[{"embeddable":true,"href":"https:\/\/cklcomunicaciones.es\/coop\/wp-json\/wp\/v2\/users\/3"}],"replies":[{"embeddable":true,"href":"https:\/\/cklcomunicaciones.es\/coop\/wp-json\/wp\/v2\/comments?post=17201"}],"version-history":[{"count":0,"href":"https:\/\/cklcomunicaciones.es\/coop\/wp-json\/wp\/v2\/posts\/17201\/revisions"}],"wp:featuredmedia":[{"embeddable":true,"href":"https:\/\/cklcomunicaciones.es\/coop\/wp-json\/wp\/v2\/media\/22909"}],"wp:attachment":[{"href":"https:\/\/cklcomunicaciones.es\/coop\/wp-json\/wp\/v2\/media?parent=17201"}],"wp:term":[{"taxonomy":"category","embeddable":true,"href":"https:\/\/cklcomunicaciones.es\/coop\/wp-json\/wp\/v2\/categories?post=17201"},{"taxonomy":"post_tag","embeddable":true,"href":"https:\/\/cklcomunicaciones.es\/coop\/wp-json\/wp\/v2\/tags?post=17201"}],"curies":[{"name":"wp","href":"https:\/\/api.w.org\/{rel}","templated":true}]}}