{"id":17107,"date":"2022-09-23T12:55:28","date_gmt":"2022-09-23T10:55:28","guid":{"rendered":"https:\/\/www.cklcomunicaciones.es\/?p=17107"},"modified":"2025-02-09T00:23:56","modified_gmt":"2025-02-08T23:23:56","slug":"noticias-info-ckl-no-2719-23-09-22","status":"publish","type":"post","link":"https:\/\/cklcomunicaciones.es\/coop\/noticias-info-ckl-no-2719-23-09-22\/","title":{"rendered":"Noticias Info CKL n\u00ba 2719-23\/09\/22"},"content":{"rendered":"<div class=\"fusion-fullwidth fullwidth-box fusion-builder-row-1 fusion-flex-container nonhundred-percent-fullwidth non-hundred-percent-height-scrolling\" style=\"--awb-border-radius-top-left:0px;--awb-border-radius-top-right:0px;--awb-border-radius-bottom-right:0px;--awb-border-radius-bottom-left:0px;--awb-flex-wrap:wrap;\" ><div class=\"fusion-builder-row fusion-row fusion-flex-align-items-flex-start fusion-flex-content-wrap\" style=\"max-width:1248px;margin-left: calc(-4% \/ 2 );margin-right: calc(-4% \/ 2 );\"><div class=\"fusion-layout-column fusion_builder_column fusion-builder-column-0 fusion_builder_column_1_1 1_1 fusion-flex-column\" style=\"--awb-bg-blend:overlay;--awb-bg-size:cover;--awb-width-large:100%;--awb-margin-top-large:0px;--awb-spacing-right-large:1.92%;--awb-margin-bottom-large:0px;--awb-spacing-left-large:1.92%;--awb-width-medium:100%;--awb-spacing-right-medium:1.92%;--awb-spacing-left-medium:1.92%;--awb-width-small:100%;--awb-spacing-right-small:1.92%;--awb-spacing-left-small:1.92%;\"><div class=\"fusion-column-wrapper fusion-flex-justify-content-flex-start fusion-content-layout-column\"><div class=\"fusion-text fusion-text-1\"><h1>Convocatorias<\/h1>\n<div id=\"\" class=\"lsow-panel lsow-active\">\n<div class=\"lsow-panel-content\">\n<ul>\n<li>\n<p lang=\"zxx\"><span lang=\"zxx\">Exposici\u00f3n &#8216;Romance son\u00e1mbulo&#8217;, de Marta Hern\u00e1ndez. Centro de Formaci\u00f3n Feminista Carmen de Burgos del Instituto Andaluz de la Mujer. Del 23 de septiembre al 23 de octubre, inauguraci\u00f323 de septiembre a las 19:00 h. M\u00e1s informaci\u00f3n:\u00a0<a href=\"mailto:cffcarmendeburgos.iam@gmail.com\" target=\"_blank\" rel=\"noopener\">cffcarmendeburgos.iam@gmail.<wbr \/>com<\/a><br \/>\n<\/span><\/p>\n<\/li>\n<li><a href=\"https:\/\/www.drogasgenero.info\/events\/jornadas-violencia-de-genero-y-consumo-de-sustancias-en-poblacion-universitaria\/\" target=\"_blank\" rel=\"noopener\" data-saferedirecturl=\"https:\/\/www.google.com\/url?q=https:\/\/www.drogasgenero.info\/events\/jornadas-violencia-de-genero-y-consumo-de-sustancias-en-poblacion-universitaria\/&amp;source=gmail&amp;ust=1663933849489000&amp;usg=AOvVaw0AgZaKnuLG8LLngheJx-uA\">Jornadas sobre Violencia de G\u00e9nero y Consumo de sustancias en la poblaci\u00f3n Universitaria<\/a>. ENLACE y Universidad de Sevilla. 27 y 28 de septiembre de 9 a 14h.<\/li>\n<li><a href=\"http:\/\/www.juntadeandalucia.es\/iam\/catalogo\/doc\/convocatorias\/2022-genero\/SE-jorndas-autodeterminacion-genero.pdf\" target=\"_blank\" rel=\"noopener\" data-saferedirecturl=\"https:\/\/www.google.com\/url?q=http:\/\/www.juntadeandalucia.es\/iam\/catalogo\/doc\/convocatorias\/2022-genero\/SE-jorndas-autodeterminacion-genero.pdf&amp;source=gmail&amp;ust=1663933849489000&amp;usg=AOvVaw0BpzLj8NZIbS_iqKIXjVl5\">Jornadas sobre \u2018Identidad de G\u00e9nero: consecuencias para los derechos fundamentales de las mujeres\u2019<\/a>. Plataforma 8 de Marzo de Sevilla. 8 de octubre de 9:30 a 14:00 h.\u00a0<a href=\"https:\/\/cutt.ly\/ZCh8zC2\" target=\"_blank\" rel=\"noopener\" data-saferedirecturl=\"https:\/\/www.google.com\/url?q=https:\/\/cutt.ly\/ZCh8zC2&amp;source=gmail&amp;ust=1663933849489000&amp;usg=AOvVaw0JfS53XEJVdYob-1Irn9j7\">Inscripciones<\/a>\u00a0(o a trav\u00e9s del correo\u00a0<a href=\"mailto:plataforma8demarzo@gmail.com\" target=\"_blank\" rel=\"noopener\">plataforma8demarzo@gmail.com<\/a>)<a href=\"http:\/\/www.juntadeandalucia.es\/iam\/catalogo\/doc\/convocatorias\/2022-genero\/SE-jornadas-miradas-transversales-desde-feminismo.jpg\" target=\"_blank\" rel=\"noopener prettyPhoto&#091;17107&#093;\" data-saferedirecturl=\"https:\/\/www.google.com\/url?q=http:\/\/www.juntadeandalucia.es\/iam\/catalogo\/doc\/convocatorias\/2022-genero\/SE-jornadas-miradas-transversales-desde-feminismo.jpg&amp;source=gmail&amp;ust=1663933849489000&amp;usg=AOvVaw12rvRFaueBfkXiTu-ynwR5\">Jornadas \u2018Miradas transversales desde los feminismos para la redistribuci\u00f3n, el reconocimiento y la sostenibilidad\u2019<\/a>. Compol\u00edticas. 29 y 30 de septiembre y 1 de octubre<\/li>\n<li><a href=\"https:\/\/www.juntadeandalucia.es\/cultura\/caletras\/content\/noches-en-la-casa-murillo\" target=\"_blank\" rel=\"noopener\" data-saferedirecturl=\"https:\/\/www.google.com\/url?q=https:\/\/www.juntadeandalucia.es\/cultura\/caletras\/content\/noches-en-la-casa-murillo&amp;source=gmail&amp;ust=1663933849489000&amp;usg=AOvVaw0vW9C6l6z3Fg4-_TPiZ2I0\">Charla \u2018Y as\u00ed las tristes noches velo y cuento\u2026 Luisa Sigea, poeta y humanista\u2019<\/a>\u00a0(en el marco de las Noches en la Casa de Murillo). Agencia Andaluza de Instituciones Culturales. 6 de octubre a las 19:30 h<\/li>\n<\/ul>\n<\/div>\n<\/div>\n<div id=\"\" class=\"lsow-panel lsow-active\">\n<h1 class=\"lsow-panel-title\">Comunicaci\u00f3n, Publicidad y TICs<\/h1>\n<div class=\"lsow-panel-content\">\n<p><a href=\"https:\/\/amecopress.net\/Roma-La-periodista-chilena-Elia-Simeone-elegida-nueva-presidenta-de-la-Asociacion-Mundial-de-Periodistas-y-Escritoras-AMMPE-WORD\">Roma: La periodista chilena Elia Simeone elegida nueva presidenta de la Asociaci\u00f3n Mundial de Periodistas y Escritoras (AMMPE-WORD)-\u00a0<\/a>amecopress<br \/>\n<a class=\"title\" href=\"https:\/\/www.elperiodic.com\/pvalencia\/magnanim-unio-periodistes-publican-libro-sobre-esterilizacion-forzosa-mujeres-discapacidad_850410\" target=\"_blank\" rel=\"noopener\" data-artpy=\"0\" data-author=\"Elperiodic.com\">El Magn\u00e0nim i la Uni\u00f3 de Periodistes publican un libro sobre la esterilizaci\u00f3n forzosa a mujeres con discapacidad<\/a>-elperiodico<br \/>\n<a class=\"title\" href=\"https:\/\/www.msn.com\/es-es\/news\/espana\/arranca-el-festival-de-aniversario-de-eldiarioes-hay-que-ser-muy-transparentes-con-los-lectores\/ar-AA12894t\" target=\"_blank\" rel=\"noopener\" data-artpy=\"0\" data-author=\"eldiario.es on MSN\">Arranca el festival de aniversario de elDiario.es: \u201cHay que ser muy transparentes con los lectores\u201d<\/a>-eldiario<br \/>\n<a href=\"https:\/\/www.google.com\/url?rct=j&amp;sa=t&amp;url=https:\/\/www.fucsia.co\/cultura\/articulo\/las-tic-una-herramienta-que-llego-para-transformar-al-mundo\/202236\/&amp;ct=ga&amp;cd=CAEYASoTNzA0MjA2Mjc4MDQ1NjYyNTIwODIZZTFlNzdkMTU2MDk4YThlMzplczplczpFUw&amp;usg=AOvVaw1ZW_GwWyiPfyAHvpXzwbFd\" target=\"_blank\" rel=\"noopener\" data-saferedirecturl=\"https:\/\/www.google.com\/url?q=https:\/\/www.google.com\/url?rct%3Dj%26sa%3Dt%26url%3Dhttps:\/\/www.fucsia.co\/cultura\/articulo\/las-tic-una-herramienta-que-llego-para-transformar-al-mundo\/202236\/%26ct%3Dga%26cd%3DCAEYASoTNzA0MjA2Mjc4MDQ1NjYyNTIwODIZZTFlNzdkMTU2MDk4YThlMzplczplczpFUw%26usg%3DAOvVaw1ZW_GwWyiPfyAHvpXzwbFd&amp;source=gmail&amp;ust=1663927143320000&amp;usg=AOvVaw0Wn6zAsFApYVN7Iguzv_Fp\">Las TIC, una herramienta que lleg\u00f3 para transformar al mundo &#8211;\u00a0<\/a><a>Fucsia<br \/>\n<\/a><a class=\"title\" href=\"https:\/\/www.msn.com\/es-co\/dinero\/noticias\/participaci%C3%B3n-de-mujeres-en-el-sector-tech-ha-crecido-41\/ar-AA1294kn\" target=\"_blank\" rel=\"noopener\" data-artpy=\"0\" data-author=\"MSN\">Participaci\u00f3n de mujeres en el sector \u2018tech\u2019 ha crecido 41%<\/a>-msn<br \/>\n<a href=\"https:\/\/www.google.com\/url?rct=j&amp;sa=t&amp;url=https:\/\/www.europapress.es\/epsocial\/responsables\/noticia-tercio-poblacion-mundial-aun-no-conectada-internet-onu-20220920185333.html&amp;ct=ga&amp;cd=CAEYACoSNDc1OTk4OTU4MjM0MTQzMTg1MhllMWU3N2QxNTYwOThhOGUzOmVzOmVzOkVT&amp;usg=AOvVaw1uC1qMoaFOn-n9JTeA-_7j\" target=\"_blank\" rel=\"noopener\" data-saferedirecturl=\"https:\/\/www.google.com\/url?q=https:\/\/www.google.com\/url?rct%3Dj%26sa%3Dt%26url%3Dhttps:\/\/www.europapress.es\/epsocial\/responsables\/noticia-tercio-poblacion-mundial-aun-no-conectada-internet-onu-20220920185333.html%26ct%3Dga%26cd%3DCAEYACoSNDc1OTk4OTU4MjM0MTQzMTg1MhllMWU3N2QxNTYwOThhOGUzOmVzOmVzOkVT%26usg%3DAOvVaw1uC1qMoaFOn-n9JTeA-_7j&amp;source=gmail&amp;ust=1663845810232000&amp;usg=AOvVaw1TBZuzFUPbfjrWfQf85mS-\">Un tercio de la poblaci\u00f3n mundial a\u00fan no est\u00e1 conectada Internet, seg\u00fan la ONU-\u00a0<\/a><a>Europa Press<\/a><\/p>\n<\/div>\n<\/div>\n<div id=\"\" class=\"lsow-panel lsow-active\">\n<h1 class=\"lsow-panel-title\">Andaluc\u00eda<\/h1>\n<div class=\"lsow-panel-content\">\n<p><strong>Institucional<br \/>\n<\/strong><a title=\"Moreno destaca la fuerza, el trabajo y talento de las mujeres empresarias, claves para la prosperidad y el avance de Andaluc\u00eda\" href=\"https:\/\/www.juntadeandalucia.es\/presidencia\/portavoz\/gobiernoaldia\/175069\/JuanmaMoreno\/Gobiernoandaluz\/Andalucia\/Granada\/emprendedores\/autonomos\/empresarios\/mujeres\/talento\/trabajo\/premio\/Amega\/BelenVilchez\">Moreno destaca la fuerza, el trabajo y talento de las mujeres empresarias, claves para la prosperidad y el avance de Andaluc\u00eda<\/a>-juntadeandalucia<strong><br \/>\n<\/strong><a class=\"title\" href=\"https:\/\/www.cordobabn.com\/articulo\/andalucia\/crespo-reclama-que-atiendan-alegaciones-andalucia-lograr-pac-digna-justa\/20220921141649141506.html\" target=\"_blank\" rel=\"noopener\" data-artpy=\"0\" data-author=\"C\u00f3rdoba Buenas Noticias\">Crespo reclama que se atiendan las alegaciones de Andaluc\u00eda para lograr una \u00abPAC digna y justa\u00bb<\/a>-cordobabuenasnoticias<br \/>\n<a href=\"https:\/\/www.google.com\/url?rct=j&amp;sa=t&amp;url=http:\/\/www.juntadeandalucia.es\/presidencia\/portavoz\/175033\/CarolinaEspana\/EconomiaHaciendayFondosEuropeos\/Parlamento\/Comision\/Presupuestos\/Rebajafiscal\/FondosEuropeos\/Andalucia\/JuntadeAndalucia\/GobiernodeAndalucia&amp;ct=ga&amp;cd=CAEYACoUMTIzNjg1NjY3MDY2NjAwNDIxMTYyGWQ3OGU1ODc1YTBmMWYyYWM6ZXM6ZXM6RVM&amp;usg=AOvVaw0sJwd_nTzM5Lz1CQZG7NGa\" target=\"_blank\" rel=\"noopener\" data-saferedirecturl=\"https:\/\/www.google.com\/url?q=https:\/\/www.google.com\/url?rct%3Dj%26sa%3Dt%26url%3Dhttp:\/\/www.juntadeandalucia.es\/presidencia\/portavoz\/175033\/CarolinaEspana\/EconomiaHaciendayFondosEuropeos\/Parlamento\/Comision\/Presupuestos\/Rebajafiscal\/FondosEuropeos\/Andalucia\/JuntadeAndalucia\/GobiernodeAndalucia%26ct%3Dga%26cd%3DCAEYACoUMTIzNjg1NjY3MDY2NjAwNDIxMTYyGWQ3OGU1ODc1YTBmMWYyYWM6ZXM6ZXM6RVM%26usg%3DAOvVaw0sJwd_nTzM5Lz1CQZG7NGa&amp;source=gmail&amp;ust=1664011811997000&amp;usg=AOvVaw0a0GVEbq-yB9pC9FN9G-fV\">Carolina Espa\u00f1a: \u00abEstamos convirtiendo a Andaluc\u00eda en el mejor lugar para invertir\u00bb-\u00a0<\/a><a>Junta de Andaluc\u00eda<\/a><\/p>\n<p><b>Econom\u00eda y Empresas<br \/>\n<\/b><b><\/b><a href=\"https:\/\/www.google.com\/url?rct=j&amp;sa=t&amp;url=https:\/\/www.sevilla.org\/actualidad\/noticias\/el-ayuntamiento-y-amecoop-andalucia-promueven-los-planes-de-igualdad-entre-las-cooperativas-de-trabajo&amp;ct=ga&amp;cd=CAEYACoTOTUzNDE1MjAyMzEwNjQzMTI0ODIZZDc4ZTU4NzVhMGYxZjJhYzplczplczpFUw&amp;usg=AOvVaw0RCFW8XG66m9bg4MLnV1d6\" target=\"_blank\" rel=\"noopener\" data-saferedirecturl=\"https:\/\/www.google.com\/url?q=https:\/\/www.google.com\/url?rct%3Dj%26sa%3Dt%26url%3Dhttps:\/\/www.sevilla.org\/actualidad\/noticias\/el-ayuntamiento-y-amecoop-andalucia-promueven-los-planes-de-igualdad-entre-las-cooperativas-de-trabajo%26ct%3Dga%26cd%3DCAEYACoTOTUzNDE1MjAyMzEwNjQzMTI0ODIZZDc4ZTU4NzVhMGYxZjJhYzplczplczpFUw%26usg%3DAOvVaw0RCFW8XG66m9bg4MLnV1d6&amp;source=gmail&amp;ust=1663845796127000&amp;usg=AOvVaw3X0LqcSzKQYg5IHIEG1801\">El Ayuntamiento de Sevilla y AMECOOP-Andaluc\u00eda promueven los planes de igualdad entre las &#8230;-\u00a0<\/a><a>Ayuntamiento de Sevilla<br \/>\n<\/a><a href=\"https:\/\/www.google.com\/url?rct=j&amp;sa=t&amp;url=https:\/\/www.larazon.es\/andalucia\/20220922\/65yypnx7zbeu5bw3u2f5xgnn6e.html&amp;ct=ga&amp;cd=CAEYASoUMTQ3NDU5NDMwNjg1Mjk4NDE1MDAyGzkxODg1N2NkNjBmOTc3NDg6ZXM6ZXM6RVM6TA&amp;usg=AOvVaw3G0sLnuGX1Ii8_K8HVQWSO\" target=\"_blank\" rel=\"noopener\" data-saferedirecturl=\"https:\/\/www.google.com\/url?q=https:\/\/www.google.com\/url?rct%3Dj%26sa%3Dt%26url%3Dhttps:\/\/www.larazon.es\/andalucia\/20220922\/65yypnx7zbeu5bw3u2f5xgnn6e.html%26ct%3Dga%26cd%3DCAEYASoUMTQ3NDU5NDMwNjg1Mjk4NDE1MDAyGzkxODg1N2NkNjBmOTc3NDg6ZXM6ZXM6RVM6TA%26usg%3DAOvVaw3G0sLnuGX1Ii8_K8HVQWSO&amp;source=gmail&amp;ust=1663933849481000&amp;usg=AOvVaw12Fk7xVQQEw1sunGSZqgQB\">La FAMP y la Escuela de Econom\u00eda Social fomentar\u00e1n los Objetivos de Desarrollo Sostenible-\u00a0<\/a><a>La Raz\u00f3n<br \/>\n<\/a><a href=\"https:\/\/www.google.com\/url?rct=j&amp;sa=t&amp;url=https:\/\/www.juntadeandalucia.es\/organismos\/empleoempresaytrabajoautonomo\/servicios\/actualidad\/noticias\/detalle\/365530.html&amp;ct=ga&amp;cd=CAEYASoTOTM4ODY2MDg4NjUzNTAzODM0MjIZZDc4ZTU4NzVhMGYxZjJhYzplczplczpFUw&amp;usg=AOvVaw2rnqTqCqTZNXZry6cUdc5i\" target=\"_blank\" rel=\"noopener\" data-saferedirecturl=\"https:\/\/www.google.com\/url?q=https:\/\/www.google.com\/url?rct%3Dj%26sa%3Dt%26url%3Dhttps:\/\/www.juntadeandalucia.es\/organismos\/empleoempresaytrabajoautonomo\/servicios\/actualidad\/noticias\/detalle\/365530.html%26ct%3Dga%26cd%3DCAEYASoTOTM4ODY2MDg4NjUzNTAzODM0MjIZZDc4ZTU4NzVhMGYxZjJhYzplczplczpFUw%26usg%3DAOvVaw2rnqTqCqTZNXZry6cUdc5i&amp;source=gmail&amp;ust=1663927126783000&amp;usg=AOvVaw1C7vyk_AnICHr8CFiQg35T\">Empleo abordar\u00e1 una reordenaci\u00f3n de la gesti\u00f3n de las ayudas para que sean m\u00e1s eficaces-\u00a0<\/a>j<a>untadeandalucia<\/a><\/p>\n<p><strong>Actualidad<br \/>\n<\/strong><a href=\"https:\/\/www.google.com\/url?rct=j&amp;sa=t&amp;url=https:\/\/cordopolis.eldiario.es\/cordoba-hoy\/sociedad\/rosario-alarcon-nueva-responsable-instituto-andaluz-mujer-cordoba_1_9556943.html&amp;ct=ga&amp;cd=CAEYACoUMTAzMDk5MTA1NDA5MzM1NTU3NDIyGzlhYjFjZGQ3ZTM2NmVmMzg6ZXM6ZXM6RVM6Ug&amp;usg=AOvVaw1JCbzvRkLgeuAF29HD3Fl0\" target=\"_blank\" rel=\"noopener\" data-saferedirecturl=\"https:\/\/www.google.com\/url?q=https:\/\/www.google.com\/url?rct%3Dj%26sa%3Dt%26url%3Dhttps:\/\/cordopolis.eldiario.es\/cordoba-hoy\/sociedad\/rosario-alarcon-nueva-responsable-instituto-andaluz-mujer-cordoba_1_9556943.html%26ct%3Dga%26cd%3DCAEYACoUMTAzMDk5MTA1NDA5MzM1NTU3NDIyGzlhYjFjZGQ3ZTM2NmVmMzg6ZXM6ZXM6RVM6Ug%26usg%3DAOvVaw1JCbzvRkLgeuAF29HD3Fl0&amp;source=gmail&amp;ust=1663927143225000&amp;usg=AOvVaw3qqio0ng6SzHSmpJBKZF9Z\">Rosario Alarc\u00f3n, nueva responsable del Instituto Andaluz de la Mujer en C\u00f3rdoba-\u00a0<\/a><a>Cord\u00f3polis<br \/>\n<\/a><a href=\"https:\/\/www.google.com\/url?rct=j&amp;sa=t&amp;url=https:\/\/www.linares28.es\/2022\/09\/21\/angeles-isac-nueva-responsable-del-instituto-andaluz-de-la-mujer-en-jaen\/&amp;ct=ga&amp;cd=CAEYAioUMTAzMDk5MTA1NDA5MzM1NTU3NDIyGzlhYjFjZGQ3ZTM2NmVmMzg6ZXM6ZXM6RVM6Ug&amp;usg=AOvVaw2Eb2eFug66kw2V3rCcwEDa\" target=\"_blank\" rel=\"noopener\" data-saferedirecturl=\"https:\/\/www.google.com\/url?q=https:\/\/www.google.com\/url?rct%3Dj%26sa%3Dt%26url%3Dhttps:\/\/www.linares28.es\/2022\/09\/21\/angeles-isac-nueva-responsable-del-instituto-andaluz-de-la-mujer-en-jaen\/%26ct%3Dga%26cd%3DCAEYAioUMTAzMDk5MTA1NDA5MzM1NTU3NDIyGzlhYjFjZGQ3ZTM2NmVmMzg6ZXM6ZXM6RVM6Ug%26usg%3DAOvVaw2Eb2eFug66kw2V3rCcwEDa&amp;source=gmail&amp;ust=1663927143225000&amp;usg=AOvVaw1jnU2M9NXjuifcGK7CQlkL\">Angeles Isac, nueva responsable del Instituto Andaluz de la Mujer en Ja\u00e9n &#8211;<\/a><a>Linares28<br \/>\n<\/a><a href=\"https:\/\/www.google.com\/url?rct=j&amp;sa=t&amp;url=https:\/\/www.granadadigital.es\/granada-teresa-illescas-nueva-responsable-instituto-andaluz-mujer\/&amp;ct=ga&amp;cd=CAEYBCoUMTAzMDk5MTA1NDA5MzM1NTU3NDIyGzlhYjFjZGQ3ZTM2NmVmMzg6ZXM6ZXM6RVM6Ug&amp;usg=AOvVaw3Q_Ju5c-T9ZZb6KmUxmspu\" target=\"_blank\" rel=\"noopener\" data-saferedirecturl=\"https:\/\/www.google.com\/url?q=https:\/\/www.google.com\/url?rct%3Dj%26sa%3Dt%26url%3Dhttps:\/\/www.granadadigital.es\/granada-teresa-illescas-nueva-responsable-instituto-andaluz-mujer\/%26ct%3Dga%26cd%3DCAEYBCoUMTAzMDk5MTA1NDA5MzM1NTU3NDIyGzlhYjFjZGQ3ZTM2NmVmMzg6ZXM6ZXM6RVM6Ug%26usg%3DAOvVaw3Q_Ju5c-T9ZZb6KmUxmspu&amp;source=gmail&amp;ust=1663927143226000&amp;usg=AOvVaw35vbGSkTtYgatxxPdEDvQ1\">Teresa Illescas, nueva responsable del Instituto Andaluz de la Mujer en Granada &#8211;\u00a0<\/a><a>Granada Digital<br \/>\n<\/a><a href=\"https:\/\/www.google.com\/url?rct=j&amp;sa=t&amp;url=https:\/\/www.lavozdealmeria.com\/noticia\/12\/almeria\/244696\/maria-del-mar-esparza-nueva-responsable-del-instituto-andaluz-de-la-mujer&amp;ct=ga&amp;cd=CAEYCSoUMTAzMDk5MTA1NDA5MzM1NTU3NDIyGzlhYjFjZGQ3ZTM2NmVmMzg6ZXM6ZXM6RVM6Ug&amp;usg=AOvVaw3h1yxy97evCDb9xwgHvsiX\" target=\"_blank\" rel=\"noopener\" data-saferedirecturl=\"https:\/\/www.google.com\/url?q=https:\/\/www.google.com\/url?rct%3Dj%26sa%3Dt%26url%3Dhttps:\/\/www.lavozdealmeria.com\/noticia\/12\/almeria\/244696\/maria-del-mar-esparza-nueva-responsable-del-instituto-andaluz-de-la-mujer%26ct%3Dga%26cd%3DCAEYCSoUMTAzMDk5MTA1NDA5MzM1NTU3NDIyGzlhYjFjZGQ3ZTM2NmVmMzg6ZXM6ZXM6RVM6Ug%26usg%3DAOvVaw3h1yxy97evCDb9xwgHvsiX&amp;source=gmail&amp;ust=1663927143227000&amp;usg=AOvVaw1_NbB4WHPaat9UzlW5tzxn\">Mar\u00eda del Mar Esparza, nueva responsable del Instituto Andaluz de la Mujer-<\/a><a>La Voz de Almer\u00eda<br \/>\n<\/a><a href=\"https:\/\/www.google.com\/url?rct=j&amp;sa=t&amp;url=https:\/\/www.huelvahoy.com\/la-ayamontina-laura-sanchez-nueva-responsable-del-instituto-andaluz-de-la-mujer-en-huelva\/&amp;ct=ga&amp;cd=CAEYAyoUMTA2Mzg5NDMyMDY2MTk4NTYzODIyGWMwMzcyZWJjMmZlYWRhNTk6ZXM6ZXM6RVM&amp;usg=AOvVaw2owg77QJtCA0acHduHtuF0\" target=\"_blank\" rel=\"noopener\" data-saferedirecturl=\"https:\/\/www.google.com\/url?q=https:\/\/www.google.com\/url?rct%3Dj%26sa%3Dt%26url%3Dhttps:\/\/www.huelvahoy.com\/la-ayamontina-laura-sanchez-nueva-responsable-del-instituto-andaluz-de-la-mujer-en-huelva\/%26ct%3Dga%26cd%3DCAEYAyoUMTA2Mzg5NDMyMDY2MTk4NTYzODIyGWMwMzcyZWJjMmZlYWRhNTk6ZXM6ZXM6RVM%26usg%3DAOvVaw2owg77QJtCA0acHduHtuF0&amp;source=gmail&amp;ust=1663927126854000&amp;usg=AOvVaw25kjUvKeBjfDAbOgZ6lPC-\">La ayamontina Laura S\u00e1nchez, nueva responsable del Instituto de la Mujer en Huelva-\u00a0<\/a><a>Huelva Hoy<br \/>\n<\/a><a href=\"https:\/\/www.google.com\/url?rct=j&amp;sa=t&amp;url=https:\/\/ellibre.es\/el-55-de-los-andaluces-siente-preocupacion-por-la-vulneracion-de-la-privacidad-de-datos-en-internet\/&amp;ct=ga&amp;cd=CAEYBSoTNjIwMTIxOTM4NTE5MTMxMTYxNTIZZTFlNzdkMTU2MDk4YThlMzplczplczpFUw&amp;usg=AOvVaw1tcRdEiuUIYrIIyfbMgqFb\" target=\"_blank\" rel=\"noopener\" data-saferedirecturl=\"https:\/\/www.google.com\/url?q=https:\/\/www.google.com\/url?rct%3Dj%26sa%3Dt%26url%3Dhttps:\/\/ellibre.es\/el-55-de-los-andaluces-siente-preocupacion-por-la-vulneracion-de-la-privacidad-de-datos-en-internet\/%26ct%3Dga%26cd%3DCAEYBSoTNjIwMTIxOTM4NTE5MTMxMTYxNTIZZTFlNzdkMTU2MDk4YThlMzplczplczpFUw%26usg%3DAOvVaw1tcRdEiuUIYrIIyfbMgqFb&amp;source=gmail&amp;ust=1663845810203000&amp;usg=AOvVaw3dhQ-amy5M5Jj-UzRtPRpI\">El 55% de los andaluces siente preocupaci\u00f3n por la vulneraci\u00f3n de la privacidad de datos &#8230;-\u00a0<\/a><a>ellibre<br \/>\n<\/a><a href=\"https:\/\/www.google.com\/url?rct=j&amp;sa=t&amp;url=http:\/\/www.andaluciasolidaria.org\/noticias\/item\/1728-abierta-la-inscripcion-al-seminario-internacional-tutambien-26-y-27-de-octubre-en-sevilla&amp;ct=ga&amp;cd=CAEYACoTMjg2MDg2NDEyOTYyODUyMjk1OTIZNGRhZTgxNjJlOGFmM2U4ODplczplczpFUw&amp;usg=AOvVaw2lbvp2mZKGjGlcjICJ8OO8\" target=\"_blank\" rel=\"noopener\" data-saferedirecturl=\"https:\/\/www.google.com\/url?q=https:\/\/www.google.com\/url?rct%3Dj%26sa%3Dt%26url%3Dhttp:\/\/www.andaluciasolidaria.org\/noticias\/item\/1728-abierta-la-inscripcion-al-seminario-internacional-tutambien-26-y-27-de-octubre-en-sevilla%26ct%3Dga%26cd%3DCAEYACoTMjg2MDg2NDEyOTYyODUyMjk1OTIZNGRhZTgxNjJlOGFmM2U4ODplczplczpFUw%26usg%3DAOvVaw2lbvp2mZKGjGlcjICJ8OO8&amp;source=gmail&amp;ust=1663927130203000&amp;usg=AOvVaw22-H1k7Jq_0aeKFw2wIvge\">Abierta la inscripci\u00f3n al &#8216;Seminario Internacional #T\u00faTambi\u00e9n, 26 y 27 de octubre, en Sevilla &#8211;<\/a><a>famsi<br \/>\n<\/a><a class=\"title\" href=\"https:\/\/www.eldiario.es\/andalucia\/sevilla\/calles-barrio-sevilla-llevan-medio-siglo-nombre-rotularan-homenajes-41-mujeres_1_9555984.html\" target=\"_blank\" rel=\"noopener\" data-artpy=\"0\" data-author=\"eldiario.es\">Las calles de un barrio de Sevilla que llevan medio siglo sin nombre se rotular\u00e1n con homenajes a 41 mujeres<\/a>-eldiario<a><br \/>\n<\/a><\/p>\n<p><strong>Violencias<br \/>\n<\/strong><a class=\"title\" href=\"https:\/\/www.msn.com\/es-es\/news\/espana\/el-iam-atiende-a-1200-posibles-v-c3-adctimas-de-trata-con-fines-de-explotaci-c3-b3n-sexual-en-andaluc-c3-ada\/ar-AA1277X6\" target=\"_blank\" rel=\"noopener\" data-artpy=\"0\" data-author=\"Europa Press on MSN\">El IAM atiende a 1.200 posibles v\u00edctimas de trata con fines de explotaci\u00f3n sexual en Andaluc\u00eda-\u00a0<\/a>europapress<br \/>\n<a href=\"https:\/\/www.google.com\/url?rct=j&amp;sa=t&amp;url=https:\/\/www.ideal.es\/almeria\/almeria\/profesionales-forman-andalucia-20220923212805-nt.html&amp;ct=ga&amp;cd=CAEYBioUMTc4MzI3NTk2MjQzMjk0ODQ2NzMyGzlhYjFjZGQ3ZTM2NmVmMzg6ZXM6ZXM6RVM6Ug&amp;usg=AOvVaw04l0yZLjZbM90sYPPk9O3Y\" target=\"_blank\" rel=\"noopener\" data-saferedirecturl=\"https:\/\/www.google.com\/url?q=https:\/\/www.google.com\/url?rct%3Dj%26sa%3Dt%26url%3Dhttps:\/\/www.ideal.es\/almeria\/almeria\/profesionales-forman-andalucia-20220923212805-nt.html%26ct%3Dga%26cd%3DCAEYBioUMTc4MzI3NTk2MjQzMjk0ODQ2NzMyGzlhYjFjZGQ3ZTM2NmVmMzg6ZXM6ZXM6RVM6Ug%26usg%3DAOvVaw04l0yZLjZbM90sYPPk9O3Y&amp;source=gmail&amp;ust=1664011835907000&amp;usg=AOvVaw1qDdvRkt2wh1KQ284qj_AY\">M\u00e1s de 600 profesionales se forman en Andaluc\u00eda para trabajar con mujeres forzadas a prostituirse-\u00a0<\/a>i<a>deal<br \/>\n<\/a><a class=\"title\" href=\"https:\/\/www.msn.com\/es-es\/noticias\/espana\/ugt-a-exige-m%C3%A1s-recursos-y-educaci%C3%B3n-en-igualdad-para-combatir-la-trata-y-la-explotaci%C3%B3n-sexual-de-mujeres-y-ni%C3%B1as\/ar-AA129PWM\" target=\"_blank\" rel=\"noopener\" data-artpy=\"0\" data-author=\"MSN\">UGT-A exige \u00abm\u00e1s recursos y educaci\u00f3n en igualdad\u00bb para combatir la trata y la explotaci\u00f3n sexual de mujeres y ni\u00f1as<\/a>-msn<a><br \/>\n<\/a><\/p>\n<p><strong>Cienci<\/strong><strong>a y Cultura<br \/>\n<\/strong><a class=\"title\" href=\"https:\/\/www.msn.com\/es-es\/noticias\/espana\/la-uhu-anuncia-su-mayor-programa-para-la-noche-europea-de-los-investigadores-con-m%C3%A1s-de-40-actividades\/ar-AA125Bxh\" target=\"_blank\" rel=\"noopener\" data-artpy=\"0\" data-author=\"MSN\">La UHU anuncia su \u00abmayor\u00bb programa para la Noche Europea de los Investigadores con m\u00e1s de 40 actividades<\/a>-msn<strong><br \/>\n<\/strong><a href=\"https:\/\/www.google.com\/url?rct=j&amp;sa=t&amp;url=https:\/\/huelva24.com\/art\/164870\/la-unia-y-el-grupo-la-rabida-celebran-este-otono-seis-workshops-cientificos\/&amp;ct=ga&amp;cd=CAEYAioUMTQ3NDU5NDMwNjg1Mjk4NDE1MDAyGzkxODg1N2NkNjBmOTc3NDg6ZXM6ZXM6RVM6TA&amp;usg=AOvVaw0CAsyYx0edB4mCnDmbHlHY\" target=\"_blank\" rel=\"noopener\" data-saferedirecturl=\"https:\/\/www.google.com\/url?q=https:\/\/www.google.com\/url?rct%3Dj%26sa%3Dt%26url%3Dhttps:\/\/huelva24.com\/art\/164870\/la-unia-y-el-grupo-la-rabida-celebran-este-otono-seis-workshops-cientificos\/%26ct%3Dga%26cd%3DCAEYAioUMTQ3NDU5NDMwNjg1Mjk4NDE1MDAyGzkxODg1N2NkNjBmOTc3NDg6ZXM6ZXM6RVM6TA%26usg%3DAOvVaw0CAsyYx0edB4mCnDmbHlHY&amp;source=gmail&amp;ust=1663933849481000&amp;usg=AOvVaw1XxBcVEOqlszi6bQwj1Kx5\">La UNIA y el Grupo La R\u00e1bida celebran este oto\u00f1o seis workshops cient\u00edficos &#8211;\u00a0<\/a><a>Huelva24<br \/>\n<\/a><a class=\"title\" href=\"https:\/\/www.canalsur.es\/noticias\/andalucia\/malaga\/la-andaluza-aurora-luque-premio-nacional-de-poesia\/1857398.html\" target=\"_blank\" rel=\"noopener\" data-artpy=\"0\" data-author=\"canalsur\">La andaluza Aurora Luque, Premio Nacional de Poes\u00eda-\u00a0<\/a><a>canalsur<br \/>\n<\/a><a class=\"title\" href=\"https:\/\/cineuropa.org\/es\/interview\/430990\/\" target=\"_blank\" rel=\"noopener\" data-artpy=\"0\" data-author=\"Cineuropa\">Roc\u00edo Mesa \u2022 Directora de Secaderos<\/a>-cineuropa<br \/>\n<a class=\"title\" href=\"https:\/\/www.aionsur.com\/el-festival-de-sevilla-dedica-el-dia-del-cine-espanol-a-las-mujeres-cineastas\/\" target=\"_blank\" rel=\"noopener\" data-artpy=\"0\" data-author=\"que\">El Festival de Sevilla dedica el D\u00eda del Cine Espa\u00f1ol a las mujeres cineastas<\/a>-que<br \/>\n<a class=\"title\" href=\"https:\/\/cadenaser.com\/andalucia\/2022\/09\/23\/angelita-yruela-relato-de-vida-de-una-saetera-un-recorrido-por-la-trayectoria-personal-y-artistica-de-esta-cantaora-radio-sevilla\/\" target=\"_blank\" rel=\"noopener\" data-artpy=\"0\" data-author=\"Cadena SER\">Angelita Yruela, relato de vida de una saetera\u2019, un recorrido por la trayectoria personal y art\u00edstica de esta cantaora<\/a>-ser<br \/>\n<a href=\"https:\/\/www.google.com\/url?rct=j&amp;sa=t&amp;url=https:\/\/www.portaldecadiz.com\/cadiz-capital\/73972-la-fundacion-de-la-mujer-inaugura-la-exposicion-cambiando-la-mirada-por-el-dia-contra-la-explotacion-sexual&amp;ct=ga&amp;cd=CAEYDCoUMTI1Mzc5NTIxNDkxODk5MjE2NjgyGWMwMzcyZWJjMmZlYWRhNTk6ZXM6ZXM6RVM&amp;usg=AOvVaw0H41mUuUs9hndOIzY0OKdr\" target=\"_blank\" rel=\"noopener\" data-saferedirecturl=\"https:\/\/www.google.com\/url?q=https:\/\/www.google.com\/url?rct%3Dj%26sa%3Dt%26url%3Dhttps:\/\/www.portaldecadiz.com\/cadiz-capital\/73972-la-fundacion-de-la-mujer-inaugura-la-exposicion-cambiando-la-mirada-por-el-dia-contra-la-explotacion-sexual%26ct%3Dga%26cd%3DCAEYDCoUMTI1Mzc5NTIxNDkxODk5MjE2NjgyGWMwMzcyZWJjMmZlYWRhNTk6ZXM6ZXM6RVM%26usg%3DAOvVaw0H41mUuUs9hndOIzY0OKdr&amp;source=gmail&amp;ust=1664011812050000&amp;usg=AOvVaw2mo75QJW-W4q3kftv0nPiC\">La Fundaci\u00f3n de la Mujer inaugura la exposici\u00f3n &#8216;Cambiando la mirada&#8217; por el d\u00eda contra la &#8230;-\u00a0<\/a><a>Portal de C\u00e1diz<br \/>\n<\/a><a class=\"title\" href=\"https:\/\/www.europapress.es\/andalucia\/cadiz-al-dia-01055\/noticia-diputacion-cadiz-patrocina-certamen-fomentar-participacion-mujeres-toque-guitarra-flamenca-20220923112929.html\" target=\"_blank\" rel=\"noopener\" data-artpy=\"0\" data-author=\"Europa Press\">Diputaci\u00f3n de C\u00e1diz patrocina un certamen para fomentar la participaci\u00f3n de mujeres al toque de la guitarra flamenca<\/a>-europapress<a><br \/>\n<\/a><\/p>\n<p><strong>Deportes<br \/>\n<\/strong><a class=\"title\" href=\"https:\/\/www.marca.com\/vela\/sailgp\/2022\/09\/23\/632d59a146163fb1638b45ee.html\" target=\"_blank\" rel=\"noopener\" data-artpy=\"0\" data-author=\"MARCA\">SailGP pone rumbo a la igualdad<\/a>-marca<br \/>\n<a class=\"title\" href=\"https:\/\/cordobadeporte.com\/el-real-club-de-campo-de-cordoba-y-la-cuenta-atras-de-la-solheim-cup\/\" target=\"_blank\" rel=\"noopener\" data-artpy=\"0\" data-author=\"C\u00f3rdoba deporte\">El Real Club de Campo de C\u00f3rdoba y la cuenta atr\u00e1s de la Solheim Cup<\/a>-cordobadeporte<strong><br \/>\n<\/strong><\/p>\n<\/div>\n<\/div>\n<div id=\"\" class=\"lsow-panel lsow-active\">\n<h1 class=\"lsow-panel-title\">Estado<\/h1>\n<div class=\"lsow-panel-content\">\n<p><strong>Institucional<br \/>\n<\/strong><a href=\"https:\/\/www.google.com\/url?rct=j&amp;sa=t&amp;url=https:\/\/www.pressdigital.es\/articulo\/politica\/2022-09-22\/3899928-sanchez-anuncia-donacion-100-millones-organizaciones-trabajan-igualdad-genero%3Futm_source%3Dgoogle%26utm_medium%3Dclic%26utm_campaign%3Dsitemapnews&amp;ct=ga&amp;cd=CAEYACoUMTA0MjAzNDQwMjE4MDkwODI0MzIyGTU5ZDc4MTcxMzZhMmQwMjg6ZXM6ZXM6RVM&amp;usg=AOvVaw0NpavQ4PfwYlXFSzyrXWs3\" target=\"_blank\" rel=\"noopener\" data-saferedirecturl=\"https:\/\/www.google.com\/url?q=https:\/\/www.google.com\/url?rct%3Dj%26sa%3Dt%26url%3Dhttps:\/\/www.pressdigital.es\/articulo\/politica\/2022-09-22\/3899928-sanchez-anuncia-donacion-100-millones-organizaciones-trabajan-igualdad-genero%253Futm_source%253Dgoogle%2526utm_medium%253Dclic%2526utm_campaign%253Dsitemapnews%26ct%3Dga%26cd%3DCAEYACoUMTA0MjAzNDQwMjE4MDkwODI0MzIyGTU5ZDc4MTcxMzZhMmQwMjg6ZXM6ZXM6RVM%26usg%3DAOvVaw0NpavQ4PfwYlXFSzyrXWs3&amp;source=gmail&amp;ust=1664011812212000&amp;usg=AOvVaw1kBWweYBoNwrWvwSk3_cpc\">S\u00e1nchez anuncia una donaci\u00f3n de 100 millones para organizaciones que trabajan en &#8230;-\u00a0<\/a><a>Pressdigital<\/a><\/p>\n<p><strong>Institucional \u2013 CCAA<\/strong><br \/>\n<a href=\"https:\/\/www.google.com\/url?rct=j&amp;sa=t&amp;url=http:\/\/www.juntaex.es\/comunicacion\/noticia%3FidPub%3D37697&amp;ct=ga&amp;cd=CAEYBCoTODAzMTcxNjE4Mzg0MDg1MTU0MjIZYzAzNzJlYmMyZmVhZGE1OTplczplczpFUw&amp;usg=AOvVaw0Hl__AnMaRxNh2el1dEiMu\" target=\"_blank\" rel=\"noopener\" data-saferedirecturl=\"https:\/\/www.google.com\/url?q=https:\/\/www.google.com\/url?rct%3Dj%26sa%3Dt%26url%3Dhttp:\/\/www.juntaex.es\/comunicacion\/noticia%253FidPub%253D37697%26ct%3Dga%26cd%3DCAEYBCoTODAzMTcxNjE4Mzg0MDg1MTU0MjIZYzAzNzJlYmMyZmVhZGE1OTplczplczpFUw%26usg%3DAOvVaw0Hl__AnMaRxNh2el1dEiMu&amp;source=gmail&amp;ust=1663845809912000&amp;usg=AOvVaw0vEOIt3hcraygc5gvN5pYq\">Fern\u00e1ndez Vara reivindica el papel de la mujer en la esfera p\u00fablica como elemento &#8230;-\u00a0<\/a><a>Juntaex<br \/>\n<\/a><a class=\"title\" href=\"https:\/\/www.msn.com\/es-es\/news\/espana\/el-programa-de-igualdad-contra-la-prostituci-c3-b3n-y-explotaci-c3-b3n-sexual-atiende-a-cinco-mujeres-al-d-c3-ada-en-su-primer-a-c3-b1o\/ar-AA127Ako\" target=\"_blank\" rel=\"noopener\" data-artpy=\"0\" data-author=\"Europa Press on MSN\">El programa de Igualdad contra la prostituci\u00f3n y explotaci\u00f3n sexual atiende a cinco mujeres al d\u00eda en su primer a\u00f1o-\u00a0<\/a>europapress<br \/>\n<a href=\"https:\/\/www.google.com\/url?rct=j&amp;sa=t&amp;url=https:\/\/www.pamplonaactual.com\/articulo\/sociedad\/vecina-pamplona-lanza-crowdfunding-llevar-grupo-mujeres-india-copa-braga-menstrual-como-herramienta-autocuidado\/20220922191136313516.html&amp;ct=ga&amp;cd=CAEYASoTMjczMTkwMTc4MDEyMzU5ODQ5MjIZNTlkNzgxNzEzNmEyZDAyODplczplczpFUw&amp;usg=AOvVaw3SbFM03ukFdrb0cwdzT8JW\" target=\"_blank\" rel=\"noopener\" data-saferedirecturl=\"https:\/\/www.google.com\/url?q=https:\/\/www.google.com\/url?rct%3Dj%26sa%3Dt%26url%3Dhttps:\/\/www.pamplonaactual.com\/articulo\/sociedad\/vecina-pamplona-lanza-crowdfunding-llevar-grupo-mujeres-india-copa-braga-menstrual-como-herramienta-autocuidado\/20220922191136313516.html%26ct%3Dga%26cd%3DCAEYASoTMjczMTkwMTc4MDEyMzU5ODQ5MjIZNTlkNzgxNzEzNmEyZDAyODplczplczpFUw%26usg%3DAOvVaw3SbFM03ukFdrb0cwdzT8JW&amp;source=gmail&amp;ust=1664011812198000&amp;usg=AOvVaw1Z19YksgkQcY9soBR29n0R\">Una vecina de Pamplona lanza un crowdfunding para llevar a un grupo de mujeres de India &#8230;-\u00a0<\/a><a>Pamplona Actual<br \/>\n<\/a><\/p>\n<p><strong>Econom\u00eda y Empresa<br \/>\n<\/strong><a class=\"title\" href=\"https:\/\/www.rrhhpress.com\/mujer-y-trabajo\/55632-huawei-elige-espana-para-lanzar-su-primera-academia-de-mujeres-para-la-innovacion-rural\" target=\"_blank\" rel=\"noopener\" data-artpy=\"0\" data-author=\"RRHH Press\">Huawei elige Espa\u00f1a para lanzar su primera Academia de Mujeres para la Innovaci\u00f3n Rural<\/a>-RRHHpress<strong><br \/>\n<\/strong><a href=\"https:\/\/www.google.com\/url?rct=j&amp;sa=t&amp;url=https:\/\/www.laopiniondemurcia.es\/comunidad\/2022\/09\/21\/susana-ruiz-fomentar-visualizar-diversidad-75696756.html&amp;ct=ga&amp;cd=CAEYACoSNTQ3OTIxNzQyMDMwNjc0NjYxMhk1OWQ3ODE3MTM2YTJkMDI4OmVzOmVzOkVT&amp;usg=AOvVaw2cBGSR49ki4ze5ni9E6zbr\" target=\"_blank\" rel=\"noopener\" data-saferedirecturl=\"https:\/\/www.google.com\/url?q=https:\/\/www.google.com\/url?rct%3Dj%26sa%3Dt%26url%3Dhttps:\/\/www.laopiniondemurcia.es\/comunidad\/2022\/09\/21\/susana-ruiz-fomentar-visualizar-diversidad-75696756.html%26ct%3Dga%26cd%3DCAEYACoSNTQ3OTIxNzQyMDMwNjc0NjYxMhk1OWQ3ODE3MTM2YTJkMDI4OmVzOmVzOkVT%26usg%3DAOvVaw2cBGSR49ki4ze5ni9E6zbr&amp;source=gmail&amp;ust=1663845795989000&amp;usg=AOvVaw3mcQzLUnvK49IpSmQQJckB\">Susana Ruiz, directora general de Retail de la Territorias de Caixabank en Murcia: \u00abTrabajamos para fomentar y visualizar la diversidad de g\u00e9nero\u00bb-\u00a0<\/a><a>La Opini\u00f3n de Murcia<br \/>\n<\/a><a class=\"title\" href=\"https:\/\/www.msn.com\/es-es\/finance\/noticias\/las-startups-motor-de-la-recuperaci-c3-b3n-en-espa-c3-b1a-tras-la-crisis-de-2008-y-la-covid-con-la-igualdad-como-punto-d-c3-a9bil\/ar-AA127nov\" target=\"_blank\" rel=\"noopener\" data-artpy=\"0\" data-author=\"ESPA\u00d1OL on MSN\">Las startups, motor de la recuperaci\u00f3n en Espa\u00f1a tras la crisis de 2008 y la Covid con la igualdad como punto d\u00e9bil<\/a>-elespa\u00f1ol<br \/>\n<a href=\"https:\/\/www.google.com\/url?rct=j&amp;sa=t&amp;url=https:\/\/www.20minutos.es\/mujer\/mas-mujer\/el-valor-del-buen-ejemplo-5062449\/&amp;ct=ga&amp;cd=CAEYGSoUMTI1Mzc5NTIxNDkxODk5MjE2NjgyGWMwMzcyZWJjMmZlYWRhNTk6ZXM6ZXM6RVM&amp;usg=AOvVaw0-AmTlh89eR-LuoX_JAM9n\" target=\"_blank\" rel=\"noopener\" data-saferedirecturl=\"https:\/\/www.google.com\/url?q=https:\/\/www.google.com\/url?rct%3Dj%26sa%3Dt%26url%3Dhttps:\/\/www.20minutos.es\/mujer\/mas-mujer\/el-valor-del-buen-ejemplo-5062449\/%26ct%3Dga%26cd%3DCAEYGSoUMTI1Mzc5NTIxNDkxODk5MjE2NjgyGWMwMzcyZWJjMmZlYWRhNTk6ZXM6ZXM6RVM%26usg%3DAOvVaw0-AmTlh89eR-LuoX_JAM9n&amp;source=gmail&amp;ust=1664011812053000&amp;usg=AOvVaw2Bs3M_ivWbsqzpSF02EQHb\">Mujer y trabajo: &#8216;el valor del buen ejemplo&#8217; &#8211;<\/a><a>20 Minutos<\/a><\/p>\n<p><strong>Actualidad<br \/>\n<\/strong><a class=\"title\" href=\"https:\/\/www.msn.com\/es-es\/news\/tecnologia\/espa-c3-b1a-acoge-la-academia-de-mujeres-para-la-innovaci-c3-b3n-rural-de-huawei\/ar-AA127uD1\" target=\"_blank\" rel=\"noopener\" data-artpy=\"0\" data-author=\"Silicon on MSN\">Espa\u00f1a acoge la Academia de Mujeres para la Innovaci\u00f3n Rural de Huawei-\u00a0<\/a>siliconmsn<br \/>\n<a class=\"title\" href=\"https:\/\/www.eleconomista.es\/mercados-cotizaciones\/noticias\/11955938\/09\/22\/Espana-uno-de-los-paises-con-mas-porcentaje-de-mujeres-gestoras.html\" target=\"_blank\" rel=\"noopener\" data-artpy=\"0\" data-author=\"El Economista (Spain)\">Espa\u00f1a, uno de los pa\u00edses con m\u00e1s porcentaje de mujeres gestoras<\/a>-eleconomista<\/p>\n<p><strong>Violencias<br \/>\n<\/strong><a href=\"https:\/\/www.google.com\/url?rct=j&amp;sa=t&amp;url=https:\/\/www.medicosdelmundo.org\/actualidad-y-publicaciones\/noticias\/un-camino-para-allanar-la-salida-de-la-prostitucion&amp;ct=ga&amp;cd=CAEYASoSNTAwNjU0MzA0NjA1NjkzNjM3MhljMDM3MmViYzJmZWFkYTU5OmVzOmVzOkVT&amp;usg=AOvVaw1NqvvbP3fy11A4Loz-PT6q\" target=\"_blank\" rel=\"noopener\" data-saferedirecturl=\"https:\/\/www.google.com\/url?q=https:\/\/www.google.com\/url?rct%3Dj%26sa%3Dt%26url%3Dhttps:\/\/www.medicosdelmundo.org\/actualidad-y-publicaciones\/noticias\/un-camino-para-allanar-la-salida-de-la-prostitucion%26ct%3Dga%26cd%3DCAEYASoSNTAwNjU0MzA0NjA1NjkzNjM3MhljMDM3MmViYzJmZWFkYTU5OmVzOmVzOkVT%26usg%3DAOvVaw1NqvvbP3fy11A4Loz-PT6q&amp;source=gmail&amp;ust=1663927126893000&amp;usg=AOvVaw2i-iKycTxjeoAlDTZWGjvn\">Un camino para allanar la salida de la prostituci\u00f3n &#8211;\u00a0<\/a><a>M\u00e9dicos del Mundo<br \/>\n<\/a><a href=\"https:\/\/www.google.com\/url?rct=j&amp;sa=t&amp;url=https:\/\/www.rtve.es\/noticias\/20220921\/mossos-asesinato-mujer-campdevanol\/2403170.shtml&amp;ct=ga&amp;cd=CAEYASoTMTcxMjY1NTY1MjkxODU1ODUyNDIZZTFlNzdkMTU2MDk4YThlMzplczplczpFUw&amp;usg=AOvVaw0IwiSx5FdlLWIC0jeD7iC9\" target=\"_blank\" rel=\"noopener\" data-saferedirecturl=\"https:\/\/www.google.com\/url?q=https:\/\/www.google.com\/url?rct%3Dj%26sa%3Dt%26url%3Dhttps:\/\/www.rtve.es\/noticias\/20220921\/mossos-asesinato-mujer-campdevanol\/2403170.shtml%26ct%3Dga%26cd%3DCAEYASoTMTcxMjY1NTY1MjkxODU1ODUyNDIZZTFlNzdkMTU2MDk4YThlMzplczplczpFUw%26usg%3DAOvVaw0IwiSx5FdlLWIC0jeD7iC9&amp;source=gmail&amp;ust=1664011835756000&amp;usg=AOvVaw3d-9FAoamPqsee7JLHwPrm\">Los Mossos detienen a la pareja de la mujer asesinada en Campdev\u00e0nol, Girona &#8211;\u00a0<\/a><a>rtve<br \/>\n<\/a><a href=\"https:\/\/www.google.com\/url?rct=j&amp;sa=t&amp;url=https:\/\/www.europapress.es\/epsocial\/igualdad\/noticia-igualdad-confirma-nuevo-asesinato-violencia-genero-girona-eleva-30-cifra-asesinadas-2022-20220922165333.html&amp;ct=ga&amp;cd=CAEYACoTMjczMTkwMTc4MDEyMzU5ODQ5MjIZNTlkNzgxNzEzNmEyZDAyODplczplczpFUw&amp;usg=AOvVaw3rowtacFstF1IIIdZuODWJ\" target=\"_blank\" rel=\"noopener\" data-saferedirecturl=\"https:\/\/www.google.com\/url?q=https:\/\/www.google.com\/url?rct%3Dj%26sa%3Dt%26url%3Dhttps:\/\/www.europapress.es\/epsocial\/igualdad\/noticia-igualdad-confirma-nuevo-asesinato-violencia-genero-girona-eleva-30-cifra-asesinadas-2022-20220922165333.html%26ct%3Dga%26cd%3DCAEYACoTMjczMTkwMTc4MDEyMzU5ODQ5MjIZNTlkNzgxNzEzNmEyZDAyODplczplczpFUw%26usg%3DAOvVaw3rowtacFstF1IIIdZuODWJ&amp;source=gmail&amp;ust=1664011812198000&amp;usg=AOvVaw2S-yTZ0guya2PYeOFp8n0e\">Igualdad confirma un nuevo asesinato por violencia de g\u00e9nero en Girona y eleva a 30 la &#8230;-\u00a0<\/a><a>europapress<br \/>\n<\/a><a class=\"title\" href=\"https:\/\/digitaldeleon.com\/curiosidades\/4-millones-personas-explotadas\/\" target=\"_blank\" rel=\"noopener\" data-artpy=\"0\" data-author=\"El Diario Digital de Le\u00f3n\">M\u00e1s de 4 millones de mujeres y ni\u00f1as son explotadas sexualmente<\/a>-eldiariodeleon<a><br \/>\n<\/a><\/p>\n<p><strong>Ciencia y Cultura<br \/>\n<\/strong><a href=\"https:\/\/www.google.com\/url?rct=j&amp;sa=t&amp;url=https:\/\/www.laprovincia.es\/sociedad\/2022\/09\/20\/tecnologias-catedra-telefonica-ulpgc-impulsa-igualdad-75691859.html&amp;ct=ga&amp;cd=CAEYACoTNjIwMTIxOTM4NTE5MTMxMTYxNTIZZTFlNzdkMTU2MDk4YThlMzplczplczpFUw&amp;usg=AOvVaw33bbluPA5c2wZyGSgMQQEl\" target=\"_blank\" rel=\"noopener\" data-saferedirecturl=\"https:\/\/www.google.com\/url?q=https:\/\/www.google.com\/url?rct%3Dj%26sa%3Dt%26url%3Dhttps:\/\/www.laprovincia.es\/sociedad\/2022\/09\/20\/tecnologias-catedra-telefonica-ulpgc-impulsa-igualdad-75691859.html%26ct%3Dga%26cd%3DCAEYACoTNjIwMTIxOTM4NTE5MTMxMTYxNTIZZTFlNzdkMTU2MDk4YThlMzplczplczpFUw%26usg%3DAOvVaw33bbluPA5c2wZyGSgMQQEl&amp;source=gmail&amp;ust=1663845810201000&amp;usg=AOvVaw28lZeIRAqnF7wCaVCT8rMp\">C\u00e1tedra Telef\u00f3nica ULPGC impulsa la igualdad en las nuevas tecnolog\u00edas &#8211;\u00a0<\/a><a>laprovincia<br \/>\n<\/a><a class=\"title\" href=\"https:\/\/es.noticias.yahoo.com\/mujeres-mitad-mundo-mitad-industria-172856560.html\" target=\"_blank\" rel=\"noopener\" data-artpy=\"0\" data-author=\"Yahoo Noticias Espa\u00f1a\">Las mujeres son la mitad del mundo pero no la mitad de la industria audiovisual<\/a>-yahoo<a><br \/>\n<\/a><a href=\"https:\/\/www.google.com\/url?rct=j&amp;sa=t&amp;url=https:\/\/www.heraldo.es\/noticias\/aragon\/huesca\/2022\/09\/21\/festival-internacional-cine-huesca-nueva-etapa-bajo-direccion-estela-rasal-1600909.html&amp;ct=ga&amp;cd=CAEYAioSNTU0NzY0NjM2NDM4NTc0NDE0MhljMDM3MmViYzJmZWFkYTU5OmVzOmVzOkVT&amp;usg=AOvVaw04ZUqp9ogiAkyJo4N2TUb0\" target=\"_blank\" rel=\"noopener\" data-saferedirecturl=\"https:\/\/www.google.com\/url?q=https:\/\/www.google.com\/url?rct%3Dj%26sa%3Dt%26url%3Dhttps:\/\/www.heraldo.es\/noticias\/aragon\/huesca\/2022\/09\/21\/festival-internacional-cine-huesca-nueva-etapa-bajo-direccion-estela-rasal-1600909.html%26ct%3Dga%26cd%3DCAEYAioSNTU0NzY0NjM2NDM4NTc0NDE0MhljMDM3MmViYzJmZWFkYTU5OmVzOmVzOkVT%26usg%3DAOvVaw04ZUqp9ogiAkyJo4N2TUb0&amp;source=gmail&amp;ust=1663845810061000&amp;usg=AOvVaw395Gmf8j09e-ZpOkz98c5K\">El festival internacional de cine de Huesca arranca nueva etapa bajo la direcci\u00f3n de Estela Rasal-\u00a0<\/a><a>Heraldo de Arag\u00f3n<br \/>\n<\/a><a class=\"title\" href=\"https:\/\/www.noticiasdenavarra.com\/cultura\/2022\/09\/22\/curso-verano-investigacion-patrimonio-cultural-6037599.html\" target=\"_blank\" rel=\"noopener\" data-artpy=\"0\" data-author=\"Noticias\">Curso de verano sobre investigaci\u00f3n en Patrimonio Cultural Inmaterial con perspectiva de g\u00e9nero<\/a>-noticiasdenavarra<br \/>\n<a class=\"title\" href=\"https:\/\/www.marie-claire.es\/lifestyle\/cultura\/articulo\/pintura-artista-elena-gual-631663833703\" target=\"_blank\" rel=\"noopener\" data-artpy=\"0\" data-author=\"marie-claire.es\">Hablamos con Elena Gual, la artista espa\u00f1ola que ha triunfado en Nueva York con su pintura<\/a>-marieclaire<a><br \/>\n<\/a><a class=\"title\" href=\"https:\/\/www.msn.com\/es-es\/lifestyle\/familia\/se-presenta-el-curioso-libro-las-cu-c3-b1adas-de-isabel-ii-las-infantas-m-c3-a1s-raras-que-ha-dado-espa-c3-b1a\/ar-AA128GSX\" target=\"_blank\" rel=\"noopener\" data-artpy=\"0\" data-author=\"ESPA\u00d1OL on MSN\">Se presenta el curioso libro &#8216;Las cu\u00f1adas de Isabel II, las infantas m\u00e1s raras que ha dado Espa\u00f1a&#8217;-\u00a0<\/a><a>elespa\u00f1ol<\/a><\/p>\n<p><strong>Deporte<br \/>\n<\/strong><a class=\"title\" href=\"https:\/\/as.com\/masdeporte\/polideportivo\/el-rugby-femenino-se-pone-en-marcha-con-la-presentacion-de-la-i-supercopa-iberdrola-n\/\" target=\"_blank\" rel=\"noopener\" data-artpy=\"0\" data-author=\"AS Mexico\">El rugby femenino se pone en marcha con la presentaci\u00f3n de la I Supercopa Iberdrola-\u00a0<\/a>as<br \/>\n<a class=\"title\" href=\"https:\/\/www.palco23.com\/competiciones\/beatriz-alvarez-liga-f-el-dinero-trae-consigo-los-problemas-del-deporte\" target=\"_blank\" rel=\"noopener\" data-artpy=\"0\" data-author=\"palco23\">Beatriz \u00c1lvarez (Liga F): \u201cEl dinero trae consigo los problemas del deporte-<\/a>palco23<br \/>\n<a class=\"title\" href=\"https:\/\/www.mundoplus.tv\/deportes\/dazn-emite-el-reportaje-angeluss-un-proyecto-femenino\/\" target=\"_blank\" rel=\"noopener\" data-artpy=\"0\" data-author=\"mundoplus\">Dazn emite el reportaje \u00abAngeluss, un proyecto femenino\u00bb<\/a>-mundoplus<br \/>\n<a class=\"title\" href=\"https:\/\/www.telemadrid.es\/deportes\/15-jugadoras-renuncian-a-la-Seleccion-despues-de-que-Rubiales-no-aceptara-el-cese-de-Vilda-0-2490050978--20220923102833.html\" target=\"_blank\" rel=\"noopener\" data-artpy=\"0\" data-author=\"Telemadrid\">15 jugadoras renuncian a la Selecci\u00f3n despu\u00e9s de que Rubiales no aceptara el cese de Vilda<\/a>-telemadrid<\/p>\n<\/div>\n<\/div>\n<div id=\"\" class=\"lsow-panel lsow-active\">\n<h1 class=\"lsow-panel-title\">Internacional<\/h1>\n<div class=\"lsow-panel-content\">\n<p><a href=\"https:\/\/www.google.com\/url?rct=j&amp;sa=t&amp;url=https:\/\/www.elmostrador.cl\/dia\/2022\/09\/20\/hacienda-presentara-proyecto-de-ley-para-fijar-cuota-de-genero-en-directorios-de-ciertas-empresas\/&amp;ct=ga&amp;cd=CAEYASoUMTMzMDI5OTgyMzgyNDc0MDIyOTUyGTU5ZDc4MTcxMzZhMmQwMjg6ZXM6ZXM6RVM&amp;usg=AOvVaw1W6iO3vzA_4KfGMzN8m-_H\" target=\"_blank\" rel=\"noopener\" data-saferedirecturl=\"https:\/\/www.google.com\/url?q=https:\/\/www.google.com\/url?rct%3Dj%26sa%3Dt%26url%3Dhttps:\/\/www.elmostrador.cl\/dia\/2022\/09\/20\/hacienda-presentara-proyecto-de-ley-para-fijar-cuota-de-genero-en-directorios-de-ciertas-empresas\/%26ct%3Dga%26cd%3DCAEYASoUMTMzMDI5OTgyMzgyNDc0MDIyOTUyGTU5ZDc4MTcxMzZhMmQwMjg6ZXM6ZXM6RVM%26usg%3DAOvVaw1W6iO3vzA_4KfGMzN8m-_H&amp;source=gmail&amp;ust=1663845795920000&amp;usg=AOvVaw2WVCjA091Yt1bClYxOzAVQ\">Hacienda presentar\u00e1 proyecto de ley para fijar cuota de\u00a0g\u00e9nero en directorios de ciertas empresas-\u00a0<\/a><a>El Mostrador<br \/>\n<\/a><a href=\"https:\/\/www.google.com\/url?rct=j&amp;sa=t&amp;url=https:\/\/efecomunica.efe.com\/la-participacion-de-mujeres-dentro-de-las-empresas-disminuye-conforme-aumenta-el-nivel-jerarquico\/&amp;ct=ga&amp;cd=CAEYACoUMTU1MjM0NzAzMzkzNzg0OTk0MDcyGWMwMzcyZWJjMmZlYWRhNTk6ZXM6ZXM6RVM&amp;usg=AOvVaw3w7xBaysL1K3pIJcF6rFWr\" target=\"_blank\" rel=\"noopener\" data-saferedirecturl=\"https:\/\/www.google.com\/url?q=https:\/\/www.google.com\/url?rct%3Dj%26sa%3Dt%26url%3Dhttps:\/\/efecomunica.efe.com\/la-participacion-de-mujeres-dentro-de-las-empresas-disminuye-conforme-aumenta-el-nivel-jerarquico\/%26ct%3Dga%26cd%3DCAEYACoUMTU1MjM0NzAzMzkzNzg0OTk0MDcyGWMwMzcyZWJjMmZlYWRhNTk6ZXM6ZXM6RVM%26usg%3DAOvVaw3w7xBaysL1K3pIJcF6rFWr&amp;source=gmail&amp;ust=1663927126913000&amp;usg=AOvVaw2co6O6L2NIVD-cmIUY4a-y\">La participaci\u00f3n de mujeres dentro de las empresas mexicanas disminuye conforme aumenta el nivel jer\u00e1rquico-\u00a0<\/a><a>EFEComunica<br \/>\n<\/a><a href=\"https:\/\/www.google.com\/url?rct=j&amp;sa=t&amp;url=https:\/\/www.elfinancierocr.com\/economia-y-politica\/que-dice-la-reforma-contra-la-discriminacion\/WZNTPXNCCFHBHBA2ZDKRCC6EDE\/story\/&amp;ct=ga&amp;cd=CAEYBSoTNTQxOTE1MjYwNzQ4NTQ4MDg3NjIZNTlkNzgxNzEzNmEyZDAyODplczplczpFUw&amp;usg=AOvVaw2PugoDmMUc-s27IzsBnvUB\" target=\"_blank\" rel=\"noopener\" data-saferedirecturl=\"https:\/\/www.google.com\/url?q=https:\/\/www.google.com\/url?rct%3Dj%26sa%3Dt%26url%3Dhttps:\/\/www.elfinancierocr.com\/economia-y-politica\/que-dice-la-reforma-contra-la-discriminacion\/WZNTPXNCCFHBHBA2ZDKRCC6EDE\/story\/%26ct%3Dga%26cd%3DCAEYBSoTNTQxOTE1MjYwNzQ4NTQ4MDg3NjIZNTlkNzgxNzEzNmEyZDAyODplczplczpFUw%26usg%3DAOvVaw2PugoDmMUc-s27IzsBnvUB&amp;source=gmail&amp;ust=1663916577979000&amp;usg=AOvVaw1eCWKGdncXcKC5SBrcxz92\">Qu\u00e9 dice la reforma contra la discriminaci\u00f3n salarial de\u00a0g\u00e9nero y por qu\u00e9 algunas c\u00e1maras &#8230;-\u00a0<\/a>e<a>lfinanciero<br \/>\n<\/a><a href=\"https:\/\/www.google.com\/url?rct=j&amp;sa=t&amp;url=https:\/\/www.notimerica.com\/politica\/noticia-etiopia-embajador-etiopia-onu-ginebra-asegura-informe-ddhh-tiene-motivaciones-politicas-20220920193554.html&amp;ct=ga&amp;cd=CAEYASoUMTExOTM1MzU3MjM3NTg1MjYyMzYyGTU5ZDc4MTcxMzZhMmQwMjg6ZXM6ZXM6RVM&amp;usg=AOvVaw20oEIdPuYTxe_8TEyY-Jay\" target=\"_blank\" rel=\"noopener\" data-saferedirecturl=\"https:\/\/www.google.com\/url?q=https:\/\/www.google.com\/url?rct%3Dj%26sa%3Dt%26url%3Dhttps:\/\/www.notimerica.com\/politica\/noticia-etiopia-embajador-etiopia-onu-ginebra-asegura-informe-ddhh-tiene-motivaciones-politicas-20220920193554.html%26ct%3Dga%26cd%3DCAEYASoUMTExOTM1MzU3MjM3NTg1MjYyMzYyGTU5ZDc4MTcxMzZhMmQwMjg6ZXM6ZXM6RVM%26usg%3DAOvVaw20oEIdPuYTxe_8TEyY-Jay&amp;source=gmail&amp;ust=1663845795964000&amp;usg=AOvVaw1PnjpnaJKd4At-5U_YO2jL\">El embajador de Etiop\u00eda ante la ONU en Ginebra asegura que el informe de DDHH tiene motivaciones pol\u00edticas&#8230;-\u00a0<\/a><a>Notim\u00e9rica<br \/>\n<\/a><a href=\"https:\/\/www.google.com\/url?rct=j&amp;sa=t&amp;url=https:\/\/www.swissinfo.ch\/spa\/bolivia-mujeres_estudio-en-ciudades-bolivianas-plantea-movilidad-urbana-con-visi%25C3%25B3n-de-g%25C3%25A9nero\/47919922&amp;ct=ga&amp;cd=CAEYAyoTNTQxOTE1MjYwNzQ4NTQ4MDg3NjIZNTlkNzgxNzEzNmEyZDAyODplczplczpFUw&amp;usg=AOvVaw0IRNGK137WiTP8gi4ccY8P\" target=\"_blank\" rel=\"noopener\" data-saferedirecturl=\"https:\/\/www.google.com\/url?q=https:\/\/www.google.com\/url?rct%3Dj%26sa%3Dt%26url%3Dhttps:\/\/www.swissinfo.ch\/spa\/bolivia-mujeres_estudio-en-ciudades-bolivianas-plantea-movilidad-urbana-con-visi%2525C3%2525B3n-de-g%2525C3%2525A9nero\/47919922%26ct%3Dga%26cd%3DCAEYAyoTNTQxOTE1MjYwNzQ4NTQ4MDg3NjIZNTlkNzgxNzEzNmEyZDAyODplczplczpFUw%26usg%3DAOvVaw0IRNGK137WiTP8gi4ccY8P&amp;source=gmail&amp;ust=1663916577979000&amp;usg=AOvVaw2-uWTTp2GnmQ5dRMtnZwTs\">Estudio en ciudades bolivianas plantea movilidad urbana con visi\u00f3n de g\u00e9nero &#8211;\u00a0<\/a>s<a>wissinfo<br \/>\n<\/a><a class=\"title\" href=\"https:\/\/www.razon.com.mx\/opinion\/columnas\/gabriel-morales-sod-1\/mujeres-iran-salen-calles-499253\" target=\"_blank\" rel=\"noopener\" data-artpy=\"0\" data-author=\"La Razon\">Las mujeres en Ir\u00e1n salen a las calles<\/a>-larazon<br \/>\n<a href=\"https:\/\/www.google.com\/url?rct=j&amp;sa=t&amp;url=https:\/\/elargentinodiario.com.ar\/mundo\/22\/09\/2022\/la-guerra-en-ucrania-incrementa-la-violencia-de-genero-a-nivel-mundial-segun-onu-mujeres\/&amp;ct=ga&amp;cd=CAEYACoTOTk1MDk3MzA4MDA0NDA2MjM3NDIZZTFlNzdkMTU2MDk4YThlMzplczplczpFUw&amp;usg=AOvVaw1pF5kPzCGwQMcoCImrXUiI\" target=\"_blank\" rel=\"noopener\" data-saferedirecturl=\"https:\/\/www.google.com\/url?q=https:\/\/www.google.com\/url?rct%3Dj%26sa%3Dt%26url%3Dhttps:\/\/elargentinodiario.com.ar\/mundo\/22\/09\/2022\/la-guerra-en-ucrania-incrementa-la-violencia-de-genero-a-nivel-mundial-segun-onu-mujeres\/%26ct%3Dga%26cd%3DCAEYACoTOTk1MDk3MzA4MDA0NDA2MjM3NDIZZTFlNzdkMTU2MDk4YThlMzplczplczpFUw%26usg%3DAOvVaw1pF5kPzCGwQMcoCImrXUiI&amp;source=gmail&amp;ust=1664011835781000&amp;usg=AOvVaw1qjZt4NVsF_jEDjFbIAZkA\">La guerra en Ucrania incrementa la violencia de g\u00e9nero a nivel mundial, seg\u00fan ONU Mujeres &#8211;\u00a0<\/a><a>El Argentino Diario<br \/>\n<\/a><a class=\"title\" href=\"https:\/\/www.debate.com.mx\/mundo\/Arabia-Saudi-mandara-mujeres-astronautas-para-el-proximo-ano-buscan-reducir-dependencia-al-petroleo-20220922-0278.html\" target=\"_blank\" rel=\"noopener\" data-artpy=\"0\" data-author=\"El Debate\">Arabia Saud\u00ed mandar\u00e1 mujeres astronautas para el pr\u00f3ximo a\u00f1o; buscan reducir dependencia al petr\u00f3leo<\/a>-debate<\/p>\n<\/div>\n<\/div>\n<\/div><\/div><\/div><\/div><\/div>\n","protected":false},"excerpt":{"rendered":"<p>Huawei elige Espa\u00f1a para lanzar su Academia de Mujeres para la Innovaci\u00f3n Rural * 23S:M\u00e1s de 4 millones de mujeres y ni\u00f1as son explotadas sexualmente * Aurora Luque, Premio Nacional de Poes\u00eda * Las mujeres son el 50% del mundo pero no la mitad de la industria audiovisual<\/p>\n","protected":false},"author":3,"featured_media":22909,"comment_status":"closed","ping_status":"closed","sticky":false,"template":"","format":"standard","meta":{"footnotes":""},"categories":[298,621],"tags":[100,280],"class_list":["post-17107","post","type-post","status-publish","format-standard","has-post-thumbnail","hentry","category-newsletter","category-nwl-3-0","tag-explotacion-sexual","tag-mujeres-rurales"],"yoast_head":"<!-- This site is optimized with the Yoast SEO plugin v27.5 - https:\/\/yoast.com\/product\/yoast-seo-wordpress\/ -->\n<title>Noticias Info CKL n\u00ba 2719-23\/09\/22 -Comunicar con perspectiva de g\u00e9nero<\/title>\n<meta name=\"description\" content=\"Noticias Info CKL n\u00ba 2719-23\/09\/22 Huawei elige Espa\u00f1a para lanzar su Academia de Mujeres para la Innovaci\u00f3n Rural * 23S:M\u00e1s de 4 millones de mujeres y ni\u00f1as son explotadas sexualmente * Aurora Luque, Premio Nacional de Poes\u00eda * Las mujeres son el 50% del mundo pero no la mitad de la industria audiovisual\" \/>\n<meta name=\"robots\" content=\"index, follow, max-snippet:-1, max-image-preview:large, max-video-preview:-1\" \/>\n<link rel=\"canonical\" href=\"https:\/\/cklcomunicaciones.es\/coop\/noticias-info-ckl-no-2719-23-09-22\/\" \/>\n<meta property=\"og:locale\" content=\"es_ES\" \/>\n<meta property=\"og:type\" content=\"article\" \/>\n<meta property=\"og:title\" content=\"Noticias Info CKL n\u00ba 2719-23\/09\/22 -Comunicar con perspectiva de g\u00e9nero\" \/>\n<meta property=\"og:description\" content=\"Noticias Info CKL n\u00ba 2719-23\/09\/22 Huawei elige Espa\u00f1a para lanzar su Academia de Mujeres para la Innovaci\u00f3n Rural * 23S:M\u00e1s de 4 millones de mujeres y ni\u00f1as son explotadas sexualmente * Aurora Luque, Premio Nacional de Poes\u00eda * Las mujeres son el 50% del mundo pero no la mitad de la industria audiovisual\" \/>\n<meta property=\"og:url\" content=\"https:\/\/cklcomunicaciones.es\/coop\/noticias-info-ckl-no-2719-23-09-22\/\" \/>\n<meta property=\"og:site_name\" content=\"CKL Comunicaciones\" \/>\n<meta property=\"article:published_time\" content=\"2022-09-23T10:55:28+00:00\" \/>\n<meta property=\"article:modified_time\" content=\"2025-02-08T23:23:56+00:00\" \/>\n<meta property=\"og:image\" content=\"https:\/\/cklcomunicaciones.es\/coop\/wp-content\/uploads\/2025\/01\/CKL-una-mirada-distinta-de-la-comunicacion.jpg\" \/>\n\t<meta property=\"og:image:width\" content=\"1482\" \/>\n\t<meta property=\"og:image:height\" content=\"775\" \/>\n\t<meta property=\"og:image:type\" content=\"image\/jpeg\" \/>\n<meta name=\"author\" content=\"ckl\" \/>\n<meta name=\"twitter:card\" content=\"summary_large_image\" \/>\n<meta name=\"twitter:label1\" content=\"Escrito por\" \/>\n\t<meta name=\"twitter:data1\" content=\"ckl\" \/>\n\t<meta name=\"twitter:label2\" content=\"Tiempo de lectura\" \/>\n\t<meta name=\"twitter:data2\" content=\"7 minutos\" \/>\n<script type=\"application\/ld+json\" class=\"yoast-schema-graph\">{\"@context\":\"https:\\\/\\\/schema.org\",\"@graph\":[{\"@type\":\"Article\",\"@id\":\"https:\\\/\\\/cklcomunicaciones.es\\\/coop\\\/noticias-info-ckl-no-2719-23-09-22\\\/#article\",\"isPartOf\":{\"@id\":\"https:\\\/\\\/cklcomunicaciones.es\\\/coop\\\/noticias-info-ckl-no-2719-23-09-22\\\/\"},\"author\":{\"name\":\"ckl\",\"@id\":\"https:\\\/\\\/cklcomunicaciones.es\\\/coop\\\/#\\\/schema\\\/person\\\/929a6837f7626450bbb50cee1aef266e\"},\"headline\":\"Noticias Info CKL n\u00ba 2719-23\\\/09\\\/22\",\"datePublished\":\"2022-09-23T10:55:28+00:00\",\"dateModified\":\"2025-02-08T23:23:56+00:00\",\"mainEntityOfPage\":{\"@id\":\"https:\\\/\\\/cklcomunicaciones.es\\\/coop\\\/noticias-info-ckl-no-2719-23-09-22\\\/\"},\"wordCount\":1450,\"image\":{\"@id\":\"https:\\\/\\\/cklcomunicaciones.es\\\/coop\\\/noticias-info-ckl-no-2719-23-09-22\\\/#primaryimage\"},\"thumbnailUrl\":\"https:\\\/\\\/cklcomunicaciones.es\\\/coop\\\/wp-content\\\/uploads\\\/2025\\\/01\\\/CKL-una-mirada-distinta-de-la-comunicacion.jpg\",\"keywords\":[\"explotaci\u00f3n sexual\",\"mujeres rurales\"],\"articleSection\":[\"Newsletter\",\"Nwl v3.0\"],\"inLanguage\":\"es\"},{\"@type\":\"WebPage\",\"@id\":\"https:\\\/\\\/cklcomunicaciones.es\\\/coop\\\/noticias-info-ckl-no-2719-23-09-22\\\/\",\"url\":\"https:\\\/\\\/cklcomunicaciones.es\\\/coop\\\/noticias-info-ckl-no-2719-23-09-22\\\/\",\"name\":\"Noticias Info CKL n\u00ba 2719-23\\\/09\\\/22 -Comunicar con perspectiva de g\u00e9nero\",\"isPartOf\":{\"@id\":\"https:\\\/\\\/cklcomunicaciones.es\\\/coop\\\/#website\"},\"primaryImageOfPage\":{\"@id\":\"https:\\\/\\\/cklcomunicaciones.es\\\/coop\\\/noticias-info-ckl-no-2719-23-09-22\\\/#primaryimage\"},\"image\":{\"@id\":\"https:\\\/\\\/cklcomunicaciones.es\\\/coop\\\/noticias-info-ckl-no-2719-23-09-22\\\/#primaryimage\"},\"thumbnailUrl\":\"https:\\\/\\\/cklcomunicaciones.es\\\/coop\\\/wp-content\\\/uploads\\\/2025\\\/01\\\/CKL-una-mirada-distinta-de-la-comunicacion.jpg\",\"datePublished\":\"2022-09-23T10:55:28+00:00\",\"dateModified\":\"2025-02-08T23:23:56+00:00\",\"author\":{\"@id\":\"https:\\\/\\\/cklcomunicaciones.es\\\/coop\\\/#\\\/schema\\\/person\\\/929a6837f7626450bbb50cee1aef266e\"},\"description\":\"Noticias Info CKL n\u00ba 2719-23\\\/09\\\/22 Huawei elige Espa\u00f1a para lanzar su Academia de Mujeres para la Innovaci\u00f3n Rural * 23S:M\u00e1s de 4 millones de mujeres y ni\u00f1as son explotadas sexualmente * Aurora Luque, Premio Nacional de Poes\u00eda * Las mujeres son el 50% del mundo pero no la mitad de la industria audiovisual\",\"breadcrumb\":{\"@id\":\"https:\\\/\\\/cklcomunicaciones.es\\\/coop\\\/noticias-info-ckl-no-2719-23-09-22\\\/#breadcrumb\"},\"inLanguage\":\"es\",\"potentialAction\":[{\"@type\":\"ReadAction\",\"target\":[\"https:\\\/\\\/cklcomunicaciones.es\\\/coop\\\/noticias-info-ckl-no-2719-23-09-22\\\/\"]}]},{\"@type\":\"ImageObject\",\"inLanguage\":\"es\",\"@id\":\"https:\\\/\\\/cklcomunicaciones.es\\\/coop\\\/noticias-info-ckl-no-2719-23-09-22\\\/#primaryimage\",\"url\":\"https:\\\/\\\/cklcomunicaciones.es\\\/coop\\\/wp-content\\\/uploads\\\/2025\\\/01\\\/CKL-una-mirada-distinta-de-la-comunicacion.jpg\",\"contentUrl\":\"https:\\\/\\\/cklcomunicaciones.es\\\/coop\\\/wp-content\\\/uploads\\\/2025\\\/01\\\/CKL-una-mirada-distinta-de-la-comunicacion.jpg\",\"width\":1482,\"height\":775,\"caption\":\"CKL - una mirada distinta de la comunicacion\"},{\"@type\":\"BreadcrumbList\",\"@id\":\"https:\\\/\\\/cklcomunicaciones.es\\\/coop\\\/noticias-info-ckl-no-2719-23-09-22\\\/#breadcrumb\",\"itemListElement\":[{\"@type\":\"ListItem\",\"position\":1,\"name\":\"Portada\",\"item\":\"https:\\\/\\\/cklcomunicaciones.es\\\/coop\\\/\"},{\"@type\":\"ListItem\",\"position\":2,\"name\":\"Noticias Info CKL n\u00ba 2719-23\\\/09\\\/22\"}]},{\"@type\":\"WebSite\",\"@id\":\"https:\\\/\\\/cklcomunicaciones.es\\\/coop\\\/#website\",\"url\":\"https:\\\/\\\/cklcomunicaciones.es\\\/coop\\\/\",\"name\":\"CKL Comunicaciones\",\"description\":\"Sitio web de CKL Comunicaciones coop , la consultora de comunicaci\u00f3n y estrategia\",\"potentialAction\":[{\"@type\":\"SearchAction\",\"target\":{\"@type\":\"EntryPoint\",\"urlTemplate\":\"https:\\\/\\\/cklcomunicaciones.es\\\/coop\\\/?s={search_term_string}\"},\"query-input\":{\"@type\":\"PropertyValueSpecification\",\"valueRequired\":true,\"valueName\":\"search_term_string\"}}],\"inLanguage\":\"es\"},{\"@type\":\"Person\",\"@id\":\"https:\\\/\\\/cklcomunicaciones.es\\\/coop\\\/#\\\/schema\\\/person\\\/929a6837f7626450bbb50cee1aef266e\",\"name\":\"ckl\",\"image\":{\"@type\":\"ImageObject\",\"inLanguage\":\"es\",\"@id\":\"https:\\\/\\\/secure.gravatar.com\\\/avatar\\\/c82db564e8a669bf6023357a157b9dc4780f4d4c618f2ad1d71a6a5dede45057?s=96&d=mm&r=g\",\"url\":\"https:\\\/\\\/secure.gravatar.com\\\/avatar\\\/c82db564e8a669bf6023357a157b9dc4780f4d4c618f2ad1d71a6a5dede45057?s=96&d=mm&r=g\",\"contentUrl\":\"https:\\\/\\\/secure.gravatar.com\\\/avatar\\\/c82db564e8a669bf6023357a157b9dc4780f4d4c618f2ad1d71a6a5dede45057?s=96&d=mm&r=g\",\"caption\":\"ckl\"},\"url\":\"https:\\\/\\\/cklcomunicaciones.es\\\/coop\\\/author\\\/cklcomunicaciones\\\/\"}]}<\/script>\n<!-- \/ Yoast SEO plugin. -->","yoast_head_json":{"title":"Noticias Info CKL n\u00ba 2719-23\/09\/22 -Comunicar con perspectiva de g\u00e9nero","description":"Noticias Info CKL n\u00ba 2719-23\/09\/22 Huawei elige Espa\u00f1a para lanzar su Academia de Mujeres para la Innovaci\u00f3n Rural * 23S:M\u00e1s de 4 millones de mujeres y ni\u00f1as son explotadas sexualmente * Aurora Luque, Premio Nacional de Poes\u00eda * Las mujeres son el 50% del mundo pero no la mitad de la industria audiovisual","robots":{"index":"index","follow":"follow","max-snippet":"max-snippet:-1","max-image-preview":"max-image-preview:large","max-video-preview":"max-video-preview:-1"},"canonical":"https:\/\/cklcomunicaciones.es\/coop\/noticias-info-ckl-no-2719-23-09-22\/","og_locale":"es_ES","og_type":"article","og_title":"Noticias Info CKL n\u00ba 2719-23\/09\/22 -Comunicar con perspectiva de g\u00e9nero","og_description":"Noticias Info CKL n\u00ba 2719-23\/09\/22 Huawei elige Espa\u00f1a para lanzar su Academia de Mujeres para la Innovaci\u00f3n Rural * 23S:M\u00e1s de 4 millones de mujeres y ni\u00f1as son explotadas sexualmente * Aurora Luque, Premio Nacional de Poes\u00eda * Las mujeres son el 50% del mundo pero no la mitad de la industria audiovisual","og_url":"https:\/\/cklcomunicaciones.es\/coop\/noticias-info-ckl-no-2719-23-09-22\/","og_site_name":"CKL Comunicaciones","article_published_time":"2022-09-23T10:55:28+00:00","article_modified_time":"2025-02-08T23:23:56+00:00","og_image":[{"width":1482,"height":775,"url":"https:\/\/cklcomunicaciones.es\/coop\/wp-content\/uploads\/2025\/01\/CKL-una-mirada-distinta-de-la-comunicacion.jpg","type":"image\/jpeg"}],"author":"ckl","twitter_card":"summary_large_image","twitter_misc":{"Escrito por":"ckl","Tiempo de lectura":"7 minutos"},"schema":{"@context":"https:\/\/schema.org","@graph":[{"@type":"Article","@id":"https:\/\/cklcomunicaciones.es\/coop\/noticias-info-ckl-no-2719-23-09-22\/#article","isPartOf":{"@id":"https:\/\/cklcomunicaciones.es\/coop\/noticias-info-ckl-no-2719-23-09-22\/"},"author":{"name":"ckl","@id":"https:\/\/cklcomunicaciones.es\/coop\/#\/schema\/person\/929a6837f7626450bbb50cee1aef266e"},"headline":"Noticias Info CKL n\u00ba 2719-23\/09\/22","datePublished":"2022-09-23T10:55:28+00:00","dateModified":"2025-02-08T23:23:56+00:00","mainEntityOfPage":{"@id":"https:\/\/cklcomunicaciones.es\/coop\/noticias-info-ckl-no-2719-23-09-22\/"},"wordCount":1450,"image":{"@id":"https:\/\/cklcomunicaciones.es\/coop\/noticias-info-ckl-no-2719-23-09-22\/#primaryimage"},"thumbnailUrl":"https:\/\/cklcomunicaciones.es\/coop\/wp-content\/uploads\/2025\/01\/CKL-una-mirada-distinta-de-la-comunicacion.jpg","keywords":["explotaci\u00f3n sexual","mujeres rurales"],"articleSection":["Newsletter","Nwl v3.0"],"inLanguage":"es"},{"@type":"WebPage","@id":"https:\/\/cklcomunicaciones.es\/coop\/noticias-info-ckl-no-2719-23-09-22\/","url":"https:\/\/cklcomunicaciones.es\/coop\/noticias-info-ckl-no-2719-23-09-22\/","name":"Noticias Info CKL n\u00ba 2719-23\/09\/22 -Comunicar con perspectiva de g\u00e9nero","isPartOf":{"@id":"https:\/\/cklcomunicaciones.es\/coop\/#website"},"primaryImageOfPage":{"@id":"https:\/\/cklcomunicaciones.es\/coop\/noticias-info-ckl-no-2719-23-09-22\/#primaryimage"},"image":{"@id":"https:\/\/cklcomunicaciones.es\/coop\/noticias-info-ckl-no-2719-23-09-22\/#primaryimage"},"thumbnailUrl":"https:\/\/cklcomunicaciones.es\/coop\/wp-content\/uploads\/2025\/01\/CKL-una-mirada-distinta-de-la-comunicacion.jpg","datePublished":"2022-09-23T10:55:28+00:00","dateModified":"2025-02-08T23:23:56+00:00","author":{"@id":"https:\/\/cklcomunicaciones.es\/coop\/#\/schema\/person\/929a6837f7626450bbb50cee1aef266e"},"description":"Noticias Info CKL n\u00ba 2719-23\/09\/22 Huawei elige Espa\u00f1a para lanzar su Academia de Mujeres para la Innovaci\u00f3n Rural * 23S:M\u00e1s de 4 millones de mujeres y ni\u00f1as son explotadas sexualmente * Aurora Luque, Premio Nacional de Poes\u00eda * Las mujeres son el 50% del mundo pero no la mitad de la industria audiovisual","breadcrumb":{"@id":"https:\/\/cklcomunicaciones.es\/coop\/noticias-info-ckl-no-2719-23-09-22\/#breadcrumb"},"inLanguage":"es","potentialAction":[{"@type":"ReadAction","target":["https:\/\/cklcomunicaciones.es\/coop\/noticias-info-ckl-no-2719-23-09-22\/"]}]},{"@type":"ImageObject","inLanguage":"es","@id":"https:\/\/cklcomunicaciones.es\/coop\/noticias-info-ckl-no-2719-23-09-22\/#primaryimage","url":"https:\/\/cklcomunicaciones.es\/coop\/wp-content\/uploads\/2025\/01\/CKL-una-mirada-distinta-de-la-comunicacion.jpg","contentUrl":"https:\/\/cklcomunicaciones.es\/coop\/wp-content\/uploads\/2025\/01\/CKL-una-mirada-distinta-de-la-comunicacion.jpg","width":1482,"height":775,"caption":"CKL - una mirada distinta de la comunicacion"},{"@type":"BreadcrumbList","@id":"https:\/\/cklcomunicaciones.es\/coop\/noticias-info-ckl-no-2719-23-09-22\/#breadcrumb","itemListElement":[{"@type":"ListItem","position":1,"name":"Portada","item":"https:\/\/cklcomunicaciones.es\/coop\/"},{"@type":"ListItem","position":2,"name":"Noticias Info CKL n\u00ba 2719-23\/09\/22"}]},{"@type":"WebSite","@id":"https:\/\/cklcomunicaciones.es\/coop\/#website","url":"https:\/\/cklcomunicaciones.es\/coop\/","name":"CKL Comunicaciones","description":"Sitio web de CKL Comunicaciones coop , la consultora de comunicaci\u00f3n y estrategia","potentialAction":[{"@type":"SearchAction","target":{"@type":"EntryPoint","urlTemplate":"https:\/\/cklcomunicaciones.es\/coop\/?s={search_term_string}"},"query-input":{"@type":"PropertyValueSpecification","valueRequired":true,"valueName":"search_term_string"}}],"inLanguage":"es"},{"@type":"Person","@id":"https:\/\/cklcomunicaciones.es\/coop\/#\/schema\/person\/929a6837f7626450bbb50cee1aef266e","name":"ckl","image":{"@type":"ImageObject","inLanguage":"es","@id":"https:\/\/secure.gravatar.com\/avatar\/c82db564e8a669bf6023357a157b9dc4780f4d4c618f2ad1d71a6a5dede45057?s=96&d=mm&r=g","url":"https:\/\/secure.gravatar.com\/avatar\/c82db564e8a669bf6023357a157b9dc4780f4d4c618f2ad1d71a6a5dede45057?s=96&d=mm&r=g","contentUrl":"https:\/\/secure.gravatar.com\/avatar\/c82db564e8a669bf6023357a157b9dc4780f4d4c618f2ad1d71a6a5dede45057?s=96&d=mm&r=g","caption":"ckl"},"url":"https:\/\/cklcomunicaciones.es\/coop\/author\/cklcomunicaciones\/"}]}},"_links":{"self":[{"href":"https:\/\/cklcomunicaciones.es\/coop\/wp-json\/wp\/v2\/posts\/17107","targetHints":{"allow":["GET"]}}],"collection":[{"href":"https:\/\/cklcomunicaciones.es\/coop\/wp-json\/wp\/v2\/posts"}],"about":[{"href":"https:\/\/cklcomunicaciones.es\/coop\/wp-json\/wp\/v2\/types\/post"}],"author":[{"embeddable":true,"href":"https:\/\/cklcomunicaciones.es\/coop\/wp-json\/wp\/v2\/users\/3"}],"replies":[{"embeddable":true,"href":"https:\/\/cklcomunicaciones.es\/coop\/wp-json\/wp\/v2\/comments?post=17107"}],"version-history":[{"count":0,"href":"https:\/\/cklcomunicaciones.es\/coop\/wp-json\/wp\/v2\/posts\/17107\/revisions"}],"wp:featuredmedia":[{"embeddable":true,"href":"https:\/\/cklcomunicaciones.es\/coop\/wp-json\/wp\/v2\/media\/22909"}],"wp:attachment":[{"href":"https:\/\/cklcomunicaciones.es\/coop\/wp-json\/wp\/v2\/media?parent=17107"}],"wp:term":[{"taxonomy":"category","embeddable":true,"href":"https:\/\/cklcomunicaciones.es\/coop\/wp-json\/wp\/v2\/categories?post=17107"},{"taxonomy":"post_tag","embeddable":true,"href":"https:\/\/cklcomunicaciones.es\/coop\/wp-json\/wp\/v2\/tags?post=17107"}],"curies":[{"name":"wp","href":"https:\/\/api.w.org\/{rel}","templated":true}]}}