{"id":17063,"date":"2022-09-16T12:25:09","date_gmt":"2022-09-16T10:25:09","guid":{"rendered":"https:\/\/www.cklcomunicaciones.es\/?p=17063"},"modified":"2025-02-09T00:40:21","modified_gmt":"2025-02-08T23:40:21","slug":"noticias-info-ckl-no-2717-16-09-22","status":"publish","type":"post","link":"https:\/\/cklcomunicaciones.es\/coop\/noticias-info-ckl-no-2717-16-09-22\/","title":{"rendered":"Noticias Info CKL n\u00ba 2717-16\/09\/22"},"content":{"rendered":"<div class=\"fusion-fullwidth fullwidth-box fusion-builder-row-1 fusion-flex-container nonhundred-percent-fullwidth non-hundred-percent-height-scrolling\" style=\"--awb-border-radius-top-left:0px;--awb-border-radius-top-right:0px;--awb-border-radius-bottom-right:0px;--awb-border-radius-bottom-left:0px;--awb-flex-wrap:wrap;\" ><div class=\"fusion-builder-row fusion-row fusion-flex-align-items-flex-start fusion-flex-content-wrap\" style=\"max-width:1248px;margin-left: calc(-4% \/ 2 );margin-right: calc(-4% \/ 2 );\"><div class=\"fusion-layout-column fusion_builder_column fusion-builder-column-0 fusion_builder_column_1_1 1_1 fusion-flex-column\" style=\"--awb-bg-blend:overlay;--awb-bg-size:cover;--awb-width-large:100%;--awb-margin-top-large:0px;--awb-spacing-right-large:1.92%;--awb-margin-bottom-large:0px;--awb-spacing-left-large:1.92%;--awb-width-medium:100%;--awb-spacing-right-medium:1.92%;--awb-spacing-left-medium:1.92%;--awb-width-small:100%;--awb-spacing-right-small:1.92%;--awb-spacing-left-small:1.92%;\"><div class=\"fusion-column-wrapper fusion-flex-justify-content-flex-start fusion-content-layout-column\"><div class=\"fusion-text fusion-text-1\"><div id=\"\" class=\"lsow-panel lsow-active\">\n<h1 class=\"lsow-panel-title\">Convocatorias<\/h1>\n<div class=\"lsow-panel-content\">\n<ul>\n<li>Presentaci\u00f3n del programa \u00abFomento de implantaci\u00f3n de Planes de Igualdad en las Cooperativas\u00bb. Organiza AMECOOP Andaluc\u00eda y Ayuntamiento de Sevilla. Sevilla, Centro C\u00edvico Las Sirenas, 20 de septiembre a las 13h.\u00a0<a href=\"https:\/\/www.facebook.com\/AMECOOPandalucia\/photos\/a.10150107089445076\/10166662688585076\">M\u00e1s informaci\u00f3n<\/a><\/li>\n<li><span lang=\"zxx\">Curso &#8216;Fortaleciendo Iguales 2.0: El papel de las masculinidades en positivo en la igualdad de g\u00e9nero&#8217;. Asociaci\u00f3n Victoria Kent. 70 horas.\u00a0<a href=\"https:\/\/l.facebook.com\/l.php?u=https%3A%2F%2Fforms.gle%2FkFCh2WdJZTycjrch8&amp;h=AT3y2fdOwg60hQn6PncePV8rOYudVs_PqDrCqtNW5hvRcXHRsVosQh6HGtqw0NdCkZmXP6wQZ_fJGGsZVwcrudeZ4cnk1ZMHD95oN6Z57HMmAFZHz3Y70opiABFJuvIk585ucILfuhdA_JGGeEau&amp;__tn__=-UK-R&amp;c&#091;0&#093;=AT3puHoXbfrHR7A4VA8cMULL0P4dMb140fDWh0UJSUoKUEFgCnjhcM72vF2iVm1EqykDqxTlGXzPP0t_tv2YOfiQxUWPYo7O-AptgJVbZ5ZqfoMgaKv6feHlMyaIFKfx6VvuvRjxiIELsBWzUxm5oD-AHdWI3Arxiq_phGHdZEinZK2u23HD7lrbqwfTQFBZWkq-v9NDpbfYFaii2YaXGvquWdc99033\" target=\"_blank\" rel=\"noopener\" data-saferedirecturl=\"https:\/\/www.google.com\/url?q=https:\/\/l.facebook.com\/l.php?u%3Dhttps%253A%252F%252Fforms.gle%252FkFCh2WdJZTycjrch8%26h%3DAT3y2fdOwg60hQn6PncePV8rOYudVs_PqDrCqtNW5hvRcXHRsVosQh6HGtqw0NdCkZmXP6wQZ_fJGGsZVwcrudeZ4cnk1ZMHD95oN6Z57HMmAFZHz3Y70opiABFJuvIk585ucILfuhdA_JGGeEau%26__tn__%3D-UK-R%26c%5B0%5D%3DAT3puHoXbfrHR7A4VA8cMULL0P4dMb140fDWh0UJSUoKUEFgCnjhcM72vF2iVm1EqykDqxTlGXzPP0t_tv2YOfiQxUWPYo7O-AptgJVbZ5ZqfoMgaKv6feHlMyaIFKfx6VvuvRjxiIELsBWzUxm5oD-AHdWI3Arxiq_phGHdZEinZK2u23HD7lrbqwfTQFBZWkq-v9NDpbfYFaii2YaXGvquWdc99033&amp;source=gmail&amp;ust=1663398730603000&amp;usg=AOvVaw2e71gTrPcQteJnXs1MduTV\">Inscripciones<\/a>\u00a0(hombres a partir de 14 a\u00f1os del territorio andaluz)<\/span><\/li>\n<li><span lang=\"zxx\"><a href=\"https:\/\/geoviolenciasexual.com\/seminario-online-supervivientes-propuestas-ley-abolicionista\/\" target=\"_blank\" rel=\"noopener\" data-saferedirecturl=\"https:\/\/www.google.com\/url?q=https:\/\/geoviolenciasexual.com\/seminario-online-supervivientes-propuestas-ley-abolicionista\/&amp;source=gmail&amp;ust=1663398730603000&amp;usg=AOvVaw3m3Hxf83jeoUYwH-8PCZv4\">Seminario \u2018Supervivientes de prostituci\u00f3n: sus propuestas y demandas para una ley abolicionista en Espa\u00f1a&#8217;<\/a>. Feminicidio.net. 19 de septiembre de 18:00 a 20:30 h.\u00a0<a href=\"https:\/\/us06web.zoom.us\/webinar\/register\/WN_ytCVDZOeS9K65Swfe5nqZQ\" target=\"_blank\" rel=\"noopener\" data-saferedirecturl=\"https:\/\/www.google.com\/url?q=https:\/\/us06web.zoom.us\/webinar\/register\/WN_ytCVDZOeS9K65Swfe5nqZQ&amp;source=gmail&amp;ust=1663398730603000&amp;usg=AOvVaw2djP1aLHJUIl3QTX63o1w3\">Inscripciones<\/a><\/span><\/li>\n<\/ul>\n<\/div>\n<\/div>\n<div id=\"\" class=\"lsow-panel lsow-active\">\n<h1 class=\"lsow-panel-title\">Comunicaci\u00f3n, Publicidad y TICs<\/h1>\n<div class=\"lsow-panel-content\">\n<p><a href=\"https:\/\/www.eldiario.es\/eventos\/festival-eldiario-es\/cuarta-ola-feminista-sacude-mundo-festival-eldiario_1_9318508.html\">La cuarta ola feminista sacude el mundo y el Festival de elDiario.es<\/a>-eldiario<br \/>\n<a class=\"title\" href=\"https:\/\/www.msn.com\/es-es\/noticias\/internacional\/la-plataforma-de-periodistas-feministas-colombine-rechaza-la-petici%C3%B3n-del-colegio-de-farmac%C3%A9uticos-de-ser-objetores-de-conciencia-con-la-p%C3%ADldora-del-d%C3%ADa-despu%C3%A9s\/ar-AA11SgOH\" target=\"_blank\" rel=\"noopener\" data-artpy=\"0\" data-author=\"MSN\">La Plataforma de periodistas feministas Colombine rechaza la petici\u00f3n del Colegio de Farmac\u00e9uticos de ser objetores de conciencia con la p\u00edldora del d\u00eda \u2026<\/a><br \/>\neldiario<br \/>\n<a class=\"title\" href=\"https:\/\/www.msn.com\/es-es\/news\/espana\/marco-schwartz-nuevo-jefe-de-opini-c3-b3n-de-eldiarioes-elena-cabrera-redactora-jefa-de-cultura\/ar-AA11T2JS\" target=\"_blank\" rel=\"noopener\" data-artpy=\"0\" data-author=\"eldiario.es on MSN\">Elena Cabrera, redactora jefa de Cultura de ElDiario.es-\u00a0<\/a>eldiario<br \/>\n<a class=\"title\" href=\"https:\/\/www.20minutos.es\/noticia\/5060074\/0\/20minutos-ratifica-en-agosto-su-posicion-como-periodico-mas-leido-en-espana-en-internet-y-se-distancia-de-la-competencia-segun-gfk-dam\/\" target=\"_blank\" rel=\"noopener\" data-artpy=\"0\" data-author=\"20 minutos\">20minutos ratifica en agosto su posici\u00f3n como peri\u00f3dico m\u00e1s le\u00eddo en Espa\u00f1a en internet y se distancia de la competencia, seg\u00fan Gfk DAM<\/a>-20minutos<br \/>\n<a class=\"title\" href=\"https:\/\/www.msn.com\/es-ar\/noticias\/otras\/m%C3%A1s-mujeres-en-las-%C3%A1reas-creativas-de-publicidad-pero-pocas-llegan-a-posiciones-de-liderazgo\/ar-AA11RG8d\" target=\"_blank\" rel=\"noopener\" data-artpy=\"0\" data-author=\"MSN\">M\u00e1s mujeres en las \u00e1reas creativas de publicidad, pero pocas llegan a posiciones de liderazgo<\/a>-msn<br \/>\n<a title=\"Convocada la IX Edici\u00f3n de los Premios Andaluc\u00eda de Comunicaci\u00f3n Audiovisual Local \" href=\"https:\/\/www.juntadeandalucia.es\/presidencia\/portavoz\/cultura\/174841\/andalucia\/juntadeandalucia\/convocatoria\/ix\/edicion\/premios\/comunicacion\/audiovisual\/local\/plazo\/presentacion\/trabajos\/termina\/septiembre\/dotacion\/economica\/euros\/categoria\">Convocada la IX Edici\u00f3n de los Premios Andaluc\u00eda de Comunicaci\u00f3n Audiovisual Local<\/a>-juntadeandalucia<\/p>\n<\/div>\n<\/div>\n<div id=\"\" class=\"lsow-panel lsow-active\">\n<h1 class=\"lsow-panel-title\">Andaluc\u00eda<\/h1>\n<div class=\"lsow-panel-content\">\n<p><strong>Institucional<\/strong><br \/>\n<a href=\"https:\/\/www.google.com\/url?rct=j&amp;sa=t&amp;url=https:\/\/www.tododisca.com\/loles-lopez-trabaja-lograr-inclusion-social-personas-discapacidad\/&amp;ct=ga&amp;cd=CAEYAyoTOTUxNTk0NTU2MDQyNjk4NzkxMTIZZDc4ZTU4NzVhMGYxZjJhYzplczplczpFUw&amp;usg=AOvVaw2WgzNd05HL4aDUvpJCCxWv\" target=\"_blank\" rel=\"noopener\" data-saferedirecturl=\"https:\/\/www.google.com\/url?q=https:\/\/www.google.com\/url?rct%3Dj%26sa%3Dt%26url%3Dhttps:\/\/www.tododisca.com\/loles-lopez-trabaja-lograr-inclusion-social-personas-discapacidad\/%26ct%3Dga%26cd%3DCAEYAyoTOTUxNTk0NTU2MDQyNjk4NzkxMTIZZDc4ZTU4NzVhMGYxZjJhYzplczplczpFUw%26usg%3DAOvVaw2WgzNd05HL4aDUvpJCCxWv&amp;source=gmail&amp;ust=1663398693873000&amp;usg=AOvVaw0X35n81n3PNuI7z8tWYLac\">Loles L\u00f3pez, Consejera de Inclusi\u00f3n Social, Juventud, Familia e Igualdad, trabaja para lograr la inclusi\u00f3n social de las personas con discapacidad-\u00a0<\/a><a>tododisca<br \/>\n<\/a><a href=\"https:\/\/www.google.com\/url?rct=j&amp;sa=t&amp;url=https:\/\/www.juntadeandalucia.es\/presidencia\/portavoz\/tierraymar\/174845\/Sostenibilidad\/MedioAmbiente\/EconomiaCircular\/Andalucia&amp;ct=ga&amp;cd=CAEYACoTOTUxNTk0NTU2MDQyNjk4NzkxMTIZZDc4ZTU4NzVhMGYxZjJhYzplczplczpFUw&amp;usg=AOvVaw3EYS1mYuyJ82iXXErs9qbO\" target=\"_blank\" rel=\"noopener\" data-saferedirecturl=\"https:\/\/www.google.com\/url?q=https:\/\/www.google.com\/url?rct%3Dj%26sa%3Dt%26url%3Dhttps:\/\/www.juntadeandalucia.es\/presidencia\/portavoz\/tierraymar\/174845\/Sostenibilidad\/MedioAmbiente\/EconomiaCircular\/Andalucia%26ct%3Dga%26cd%3DCAEYACoTOTUxNTk0NTU2MDQyNjk4NzkxMTIZZDc4ZTU4NzVhMGYxZjJhYzplczplczpFUw%26usg%3DAOvVaw3EYS1mYuyJ82iXXErs9qbO&amp;source=gmail&amp;ust=1663398693872000&amp;usg=AOvVaw1abZMcrIO2RojNEbSzk88v\">El Gobierno\u00a0andaluz\u00a0aprobar\u00e1 en unas semanas el anteproyecto de Ley de\u00a0Econom\u00eda Circular-\u00a0<\/a><a>juntadeandalucia<br \/>\n<\/a><a class=\"title\" href=\"https:\/\/www.granadahoy.com\/granada\/Fiscal-Superior-Andalucia-modernizacion-Justicia-ayudas-europeas-apertura-ano-judicial_0_1720628411.html\" target=\"_blank\" rel=\"noopener\" data-artpy=\"0\" data-author=\"Granada Hoy\">La Fiscal Superior de Andaluc\u00eda, Ana T\u00e1rrago, reclama que las ayudas europeas tambi\u00e9n lleguen al plan de modernizaci\u00f3n de la Justicia-\u00a0<\/a><a>europapress<\/a><\/p>\n<p><b>Econom\u00eda y Empresas<br \/>\n<\/b><a class=\"title\" href=\"https:\/\/sevilla.abc.es\/sevilla\/carmen-ponce-nueva-presidenta-fundacion-cruzcampo-20220916111053-nts.html\" target=\"_blank\" rel=\"noopener\" data-artpy=\"0\" data-author=\"ABC\">Carmen Ponce, nueva presidenta de la Fundaci\u00f3n Cruzcampo<\/a>-abcsevilla<b><br \/>\n<\/b><a href=\"https:\/\/www.google.com\/url?rct=j&amp;sa=t&amp;url=https:\/\/www.europapress.es\/esandalucia\/sevilla\/noticia-andalucia-lanza-empezar-emprender-ayudar-100-nuevas-ideas-negocio-tecnologia-innovacion-20220914135320.html&amp;ct=ga&amp;cd=CAEYAioUMTA2NzUyMDUwNTQ4ODcyNjE4NTIyGWQ3OGU1ODc1YTBmMWYyYWM6ZXM6ZXM6RVM&amp;usg=AOvVaw24qT7lbgUcukVwJYK9O7F8\" target=\"_blank\" rel=\"noopener\" data-saferedirecturl=\"https:\/\/www.google.com\/url?q=https:\/\/www.google.com\/url?rct%3Dj%26sa%3Dt%26url%3Dhttps:\/\/www.europapress.es\/esandalucia\/sevilla\/noticia-andalucia-lanza-empezar-emprender-ayudar-100-nuevas-ideas-negocio-tecnologia-innovacion-20220914135320.html%26ct%3Dga%26cd%3DCAEYAioUMTA2NzUyMDUwNTQ4ODcyNjE4NTIyGWQ3OGU1ODc1YTBmMWYyYWM6ZXM6ZXM6RVM%26usg%3DAOvVaw24qT7lbgUcukVwJYK9O7F8&amp;source=gmail&amp;ust=1663315017358000&amp;usg=AOvVaw1twfvK15whaeXNKLvZ4z_p\">Andaluc\u00eda lanza &#8216;Empezar a Emprender&#8217; para ayudar a 100 nuevas ideas de negocio desde &#8230;-\u00a0<\/a><a>Europa Press<\/a><\/p>\n<p><strong>Actualidad<br \/>\n<\/strong><a href=\"https:\/\/www.google.com\/url?rct=j&amp;sa=t&amp;url=https:\/\/www.larazon.es\/andalucia\/cordoba\/20220915\/37elyln3jzeh3eirmidepkyorq.html&amp;ct=ga&amp;cd=CAEYACoUMTE3MDA0MDI3NzYwNjk5NzY2NTEyGWQ3OGU1ODc1YTBmMWYyYWM6ZXM6ZXM6RVM&amp;usg=AOvVaw2RgwO-dijk4tQdqv8L7eqi\" target=\"_blank\" rel=\"noopener\" data-saferedirecturl=\"https:\/\/www.google.com\/url?q=https:\/\/www.google.com\/url?rct%3Dj%26sa%3Dt%26url%3Dhttps:\/\/www.larazon.es\/andalucia\/cordoba\/20220915\/37elyln3jzeh3eirmidepkyorq.html%26ct%3Dga%26cd%3DCAEYACoUMTE3MDA0MDI3NzYwNjk5NzY2NTEyGWQ3OGU1ODc1YTBmMWYyYWM6ZXM6ZXM6RVM%26usg%3DAOvVaw2RgwO-dijk4tQdqv8L7eqi&amp;source=gmail&amp;ust=1663398693864000&amp;usg=AOvVaw2zTkWBHe8eUTCMnOW0FkJd\">El impacto social\u00a0de la\u00a0Econom\u00eda del Cuidado centra el inter\u00e9s de las corporaciones locales &#8230;-\u00a0<\/a><a>La Raz\u00f3n<br \/>\n<\/a><a class=\"title\" href=\"https:\/\/www.granadahoy.com\/provincia\/Huetor-Tajar-violetas-mujeres-vuelvan_0_1720629451.html\" target=\"_blank\" rel=\"noopener\" data-artpy=\"0\" data-author=\"Granada Hoy\">Hu\u00e9tor T\u00e1jar fleta &#8216;taxis violetas&#8217; para llevar hasta la puerta de su casa a todas las mujeres que vuelvan de la feria solas<\/a>-granadahoy<a><br \/>\n<\/a><a class=\"title\" href=\"https:\/\/www.granadadigital.es\/diputacion-crea-nueva-aplicacion-agilizar-comunicacion-municipios\/\" target=\"_blank\" rel=\"noopener\" data-artpy=\"0\" data-author=\"Granada Digital\">Diputaci\u00f3n crea una nueva aplicaci\u00f3n para agilizar la comunicaci\u00f3n con los municipios<\/a>-granadadigital<\/p>\n<p><strong>Violencias<br \/>\n<\/strong><a class=\"title\" href=\"https:\/\/elcorreoweb.es\/salud\/casi-200-personas-atendidas-en-andalucia-por-posibles-casos-de-sumision-quimica-ND8072708\" target=\"_blank\" rel=\"noopener\" data-artpy=\"0\" data-author=\"El correo de Andaluc\u00eda\">Casi 200 personas atendidas en Andaluc\u00eda por posibles casos de sumisi\u00f3n qu\u00edmica<\/a>-elcorrreodeandalucia<strong><br \/>\n<\/strong><a href=\"https:\/\/www.google.com\/url?rct=j&amp;sa=t&amp;url=https:\/\/www.diariodealmeria.es\/provincia\/vicar\/violencia-genero-vicar_0_1720328864.html&amp;ct=ga&amp;cd=CAEYAyoUMTY0MzcwMzUxMDI5NTE4NTIxOTkyGWMwMzcyZWJjMmZlYWRhNTk6ZXM6ZXM6RVM&amp;usg=AOvVaw3VCWyzim0kyXy10-QIyukk\" target=\"_blank\" rel=\"noopener\" data-saferedirecturl=\"https:\/\/www.google.com\/url?q=https:\/\/www.google.com\/url?rct%3Dj%26sa%3Dt%26url%3Dhttps:\/\/www.diariodealmeria.es\/provincia\/vicar\/violencia-genero-vicar_0_1720328864.html%26ct%3Dga%26cd%3DCAEYAyoUMTY0MzcwMzUxMDI5NTE4NTIxOTkyGWMwMzcyZWJjMmZlYWRhNTk6ZXM6ZXM6RVM%26usg%3DAOvVaw3VCWyzim0kyXy10-QIyukk&amp;source=gmail&amp;ust=1663315004870000&amp;usg=AOvVaw2H0-3xowLSnw_Q7PvSjlcD\">Grupos de reflexi\u00f3n y talleres de autonom\u00eda para vicarias supervivientes de violencia de g\u00e9nero-\u00a0<\/a><a>Diario de Almeria<br \/>\n<\/a><a class=\"title\" href=\"https:\/\/www.diariodecadiz.es\/chiclana\/congreso-chiclana-tacticas-arresto-intervencion-policial-autoproteccion-mujer_0_1720629177.html\" target=\"_blank\" rel=\"noopener\" data-artpy=\"0\" data-author=\"Diario de C\u00e1diz\">Congreso en Chiclana sobre t\u00e1cticas de arresto, intervenci\u00f3n policial y autoprotecci\u00f3n a la mujer<\/a>-diariodecadiz<a><br \/>\n<\/a><\/p>\n<p><strong>Cienci<\/strong><strong>a y Cultura<br \/>\n<\/strong><a class=\"title\" href=\"https:\/\/www.msn.com\/es-es\/news\/espana\/el-gobierno-anima-a-centros-educativos-a-sumarse-a-la-alianza-steam-para-promover-la-presencia-de-la-mujer-en-la-ciencia\/ar-AA11FETt\" target=\"_blank\" rel=\"noopener\" data-artpy=\"0\" data-author=\"Europa Press on MSN\">La Delegaci\u00f3n del Gobierno en Andaluc\u00eda anima a centros educativos a sumarse a la Alianza Steam para promover la presencia de la mujer en la ciencia<\/a>-europapress<br \/>\n<a class=\"title\" href=\"https:\/\/www.canalsur.es\/rtva\/ana-rosa-diego-recoge-el-premio-cineasta-andaluza-de-canal-sur-en-la-clausura-del-festival-de-cine-generamma\/1854141.html\" target=\"_blank\" rel=\"noopener\" data-artpy=\"0\" data-author=\"alacarta.canalsur.es\">Ana Rosa Diego recoge el \u00abPremio Cineasta Andaluza\u00bb de Canal Sur en la clausura del festival de cine \u00abGENERAMMA\u00bb<\/a>-canalsur<strong><br \/>\n<\/strong><a class=\"title\" href=\"https:\/\/www.diariocordoba.com\/cultura\/2022\/09\/15\/ayuntamiento-cordoba-impulsa-i-ciclo-75478129.html\" target=\"_blank\" rel=\"noopener\" data-artpy=\"0\" data-author=\"Diario C\u00f3rdoba\">El Ayuntamiento de C\u00f3rdoba impulsa el I Ciclo &#8216;Miradas de cine sobre la igualdad y la diferencia&#8217;<\/a>-diariocordoba<br \/>\n<a class=\"title\" href=\"https:\/\/www.heraldo.es\/noticias\/ocio-y-cultura\/2022\/09\/16\/ana-fernandez-preparar-un-personaje-es-abrir-una-puerta-al-conocimiento-1598248.html\" target=\"_blank\" rel=\"noopener\" data-artpy=\"0\" data-author=\"Heraldo de Arag\u00f3n\">Ana Fern\u00e1ndez: \u00abPreparar un personaje es abrir una puerta al conocimiento\u00bb<\/a>-heraldo<br \/>\n<a class=\"title\" href=\"https:\/\/sevilla.abc.es\/sevilla\/pp-propone-convertir-antigua-fabrica-tabacos-especie-20220916122055-nts.html\" target=\"_blank\" rel=\"noopener\" data-artpy=\"0\" data-author=\"ABC\">La Junta de Andaluc\u00eda estudiar\u00e1 un &#8216;Louvre sevillano&#8217; en la antigua F\u00e1brica de Tabacos<\/a>-abcsevilla<strong><br \/>\n<\/strong><\/p>\n<p><strong>Deportes<br \/>\n<\/strong><a href=\"https:\/\/www.google.com\/url?rct=j&amp;sa=t&amp;url=https:\/\/www.europapress.es\/andalucia\/sevilla-00357\/noticia-carrera-mujer-sevilla-renueva-recorrido-recupera-festival-fitness-aerobic-20220915154015.html&amp;ct=ga&amp;cd=CAEYAyoUMTcyODIzNDAyNDc3MTUyNzMwOTIyGWMwMzcyZWJjMmZlYWRhNTk6ZXM6ZXM6RVM&amp;usg=AOvVaw0xQ9nQPIcYGwtXo3DReN6I\" target=\"_blank\" rel=\"noopener\" data-saferedirecturl=\"https:\/\/www.google.com\/url?q=https:\/\/www.google.com\/url?rct%3Dj%26sa%3Dt%26url%3Dhttps:\/\/www.europapress.es\/andalucia\/sevilla-00357\/noticia-carrera-mujer-sevilla-renueva-recorrido-recupera-festival-fitness-aerobic-20220915154015.html%26ct%3Dga%26cd%3DCAEYAyoUMTcyODIzNDAyNDc3MTUyNzMwOTIyGWMwMzcyZWJjMmZlYWRhNTk6ZXM6ZXM6RVM%26usg%3DAOvVaw0xQ9nQPIcYGwtXo3DReN6I&amp;source=gmail&amp;ust=1663398689323000&amp;usg=AOvVaw2I2Hx_5H2rdPe4jWns5f4i\">La Carrera de la Mujer de Sevilla renueva su recorrido y recupera el festival de fitness y aer\u00f3bic-\u00a0<\/a><a>Europa Press<br \/>\n<\/a><a class=\"title\" href=\"https:\/\/www.ondacero.es\/emisoras\/andalucia\/almeria\/audios-podcast\/mas-de-uno-almeria\/deportistas-almerienses-continuan-lucha-igualdad_20220915632318e8c8897200016ce738.html\" target=\"_blank\" rel=\"noopener\" data-artpy=\"0\" data-author=\"ondacero.es\">Las deportistas almerienses contin\u00faan en la lucha por la igualdad<\/a>-ondacero<strong><br \/>\n<\/strong><\/p>\n<\/div>\n<\/div>\n<div id=\"\" class=\"lsow-panel lsow-active\">\n<h1 class=\"lsow-panel-title\">Estado<\/h1>\n<div class=\"lsow-panel-content\">\n<p><strong>Institucional<br \/>\n<\/strong><a href=\"https:\/\/www.google.com\/url?rct=j&amp;sa=t&amp;url=https:\/\/www.rtve.es\/noticias\/20220914\/igualdad-presupuesto-violencia-genero\/2402165.shtml&amp;ct=ga&amp;cd=CAEYACoUMTIzNjE2Nzk5MDY0NjE2MjU5MTYyGWUxZTc3ZDE1NjA5OGE4ZTM6ZXM6ZXM6RVM&amp;usg=AOvVaw3nANjonV7L_StcyKCqVfaB\" target=\"_blank\" rel=\"noopener\" data-saferedirecturl=\"https:\/\/www.google.com\/url?q=https:\/\/www.google.com\/url?rct%3Dj%26sa%3Dt%26url%3Dhttps:\/\/www.rtve.es\/noticias\/20220914\/igualdad-presupuesto-violencia-genero\/2402165.shtml%26ct%3Dga%26cd%3DCAEYACoUMTIzNjE2Nzk5MDY0NjE2MjU5MTYyGWUxZTc3ZDE1NjA5OGE4ZTM6ZXM6ZXM6RVM%26usg%3DAOvVaw3nANjonV7L_StcyKCqVfaB&amp;source=gmail&amp;ust=1663315004819000&amp;usg=AOvVaw0cbH86uJQVo00c_EfUNRj_\">Igualdad plantea \u00abdoblar\u00bb el presupuesto para la lucha contra la violencia de g\u00e9nero-\u00a0<\/a><a>rtve<br \/>\n<\/a><a href=\"https:\/\/www.google.com\/url?rct=j&amp;sa=t&amp;url=https:\/\/www.epe.es\/es\/internacional\/20220915\/directora-cni-viaja-marruecos-reforzar-75487704&amp;ct=ga&amp;cd=CAEYACoUMTU0MDA4NzgwMDc0MDU5MzcwNjYyGTU5ZDc4MTcxMzZhMmQwMjg6ZXM6ZXM6RVM&amp;usg=AOvVaw1zl1JekMELN4NNsZyXHDY7\" target=\"_blank\" rel=\"noopener\" data-saferedirecturl=\"https:\/\/www.google.com\/url?q=https:\/\/www.google.com\/url?rct%3Dj%26sa%3Dt%26url%3Dhttps:\/\/www.epe.es\/es\/internacional\/20220915\/directora-cni-viaja-marruecos-reforzar-75487704%26ct%3Dga%26cd%3DCAEYACoUMTU0MDA4NzgwMDc0MDU5MzcwNjYyGTU5ZDc4MTcxMzZhMmQwMjg6ZXM6ZXM6RVM%26usg%3DAOvVaw1zl1JekMELN4NNsZyXHDY7&amp;source=gmail&amp;ust=1663398677005000&amp;usg=AOvVaw2f_R4wTbMZO1Mx4pr60TND\">La directora del CNI, Esperanza Casteleiro, viaja a Marruecos para \u00abreforzar\u00bb la\u00a0<b>c<\/b>ooperaci\u00f3n con Espa\u00f1a-\u00a0<\/a><a>El Peri\u00f3dico de Espa\u00f1a<\/a><\/p>\n<p><strong>Institucional \u2013 CCAA<br \/>\n<\/strong><a href=\"https:\/\/www.google.com\/url?rct=j&amp;sa=t&amp;url=https:\/\/actualitatvalenciana.com\/alfafar-formacion-capacidades-digitales\/&amp;ct=ga&amp;cd=CAEYAyoUMTIzNjE2Nzk5MDY0NjE2MjU5MTYyGWUxZTc3ZDE1NjA5OGE4ZTM6ZXM6ZXM6RVM&amp;usg=AOvVaw1Vx_9p5LBl7pnzLDpSrcgg\" target=\"_blank\" rel=\"noopener\" data-saferedirecturl=\"https:\/\/www.google.com\/url?q=https:\/\/www.google.com\/url?rct%3Dj%26sa%3Dt%26url%3Dhttps:\/\/actualitatvalenciana.com\/alfafar-formacion-capacidades-digitales\/%26ct%3Dga%26cd%3DCAEYAyoUMTIzNjE2Nzk5MDY0NjE2MjU5MTYyGWUxZTc3ZDE1NjA5OGE4ZTM6ZXM6ZXM6RVM%26usg%3DAOvVaw1Vx_9p5LBl7pnzLDpSrcgg&amp;source=gmail&amp;ust=1663315004820000&amp;usg=AOvVaw11BSIWnlx6nIx8ww8atK3y\">Alfafar lanza formaci\u00f3n en capacidades digitales para mujeres &#8211;\u00a0<\/a><a>Actualitat Valenciana<br \/>\n<\/a><a href=\"https:\/\/www.google.com\/url?rct=j&amp;sa=t&amp;url=https:\/\/www.diariodelaltoaragon.es\/noticias\/comarcas\/monegros\/2022\/09\/14\/el-iam-lleva-a-los-monegros-el-programa-juntas-en-las-comarcas-1599625-daa.html&amp;ct=ga&amp;cd=CAEYAioUMTY0MzcwMzUxMDI5NTE4NTIxOTkyGWMwMzcyZWJjMmZlYWRhNTk6ZXM6ZXM6RVM&amp;usg=AOvVaw1JROvpoVJRn9DK9xz70iPt\" target=\"_blank\" rel=\"noopener\" data-saferedirecturl=\"https:\/\/www.google.com\/url?q=https:\/\/www.google.com\/url?rct%3Dj%26sa%3Dt%26url%3Dhttps:\/\/www.diariodelaltoaragon.es\/noticias\/comarcas\/monegros\/2022\/09\/14\/el-iam-lleva-a-los-monegros-el-programa-juntas-en-las-comarcas-1599625-daa.html%26ct%3Dga%26cd%3DCAEYAioUMTY0MzcwMzUxMDI5NTE4NTIxOTkyGWMwMzcyZWJjMmZlYWRhNTk6ZXM6ZXM6RVM%26usg%3DAOvVaw1JROvpoVJRn9DK9xz70iPt&amp;source=gmail&amp;ust=1663315004870000&amp;usg=AOvVaw3TD4IgcQau76kD58SfU5Kc\">El Instituto Aragon\u00e9s de la Mujer lleva a los Monegros el programa Juntas en las Comarcas &#8211;\u00a0<\/a><a>Diario del Alto Arag\u00f3n<br \/>\n<\/a><a href=\"https:\/\/www.google.com\/url?rct=j&amp;sa=t&amp;url=https:\/\/www.ondacero.es\/emisoras\/navarra\/pamplona\/audios-podcast\/la-brujula\/eva-isturiz-hay-formula-magica-seguridad-mujeres-espacios-publicos_2022091563236d8dc8897200016d3619.html&amp;ct=ga&amp;cd=CAEYCioUMTE1NDM3MzkwMjQ2MzA0NjM3OTkyGWMwMzcyZWJjMmZlYWRhNTk6ZXM6ZXM6RVM&amp;usg=AOvVaw1b5Nc8R9bLsGCMIz8HDljQ\" target=\"_blank\" rel=\"noopener\" data-saferedirecturl=\"https:\/\/www.google.com\/url?q=https:\/\/www.google.com\/url?rct%3Dj%26sa%3Dt%26url%3Dhttps:\/\/www.ondacero.es\/emisoras\/navarra\/pamplona\/audios-podcast\/la-brujula\/eva-isturiz-hay-formula-magica-seguridad-mujeres-espacios-publicos_2022091563236d8dc8897200016d3619.html%26ct%3Dga%26cd%3DCAEYCioUMTE1NDM3MzkwMjQ2MzA0NjM3OTkyGWMwMzcyZWJjMmZlYWRhNTk6ZXM6ZXM6RVM%26usg%3DAOvVaw1b5Nc8R9bLsGCMIz8HDljQ&amp;source=gmail&amp;ust=1663398689305000&amp;usg=AOvVaw3V9b6T0SsyVEgr868r-5k8\">Eva Ist\u00fariz, directora Instituto Navarro para la Igualdad: \u00abNo hay una f\u00f3rmula m\u00e1gica la seguridad de las mujeres en los espacios p\u00fablicos\u00bb-\u00a0<\/a><a>Onda Cero<br \/>\n<\/a><a href=\"https:\/\/www.google.com\/url?rct=j&amp;sa=t&amp;url=https:\/\/castillalamancha.es\/actualidad\/notasdeprensa\/el-gobierno-regional-extiende-la-campa%25C3%25B1a-%25E2%2580%259Cigualdad-es-no-violencia%25E2%2580%259D-8-municipios-de-la-provincia-de&amp;ct=ga&amp;cd=CAEYACoTNDg4MzcwMTcwNDM1ODY2MjcxNzIZZTJkZWZhN2Q1ZGE5MTU3ZDplczplczpFUw&amp;usg=AOvVaw1lnBuQi3Foy83UShPrNCb7\" target=\"_blank\" rel=\"noopener\" data-saferedirecturl=\"https:\/\/www.google.com\/url?q=https:\/\/www.google.com\/url?rct%3Dj%26sa%3Dt%26url%3Dhttps:\/\/castillalamancha.es\/actualidad\/notasdeprensa\/el-gobierno-regional-extiende-la-campa%2525C3%2525B1a-%2525E2%252580%25259Cigualdad-es-no-violencia%2525E2%252580%25259D-8-municipios-de-la-provincia-de%26ct%3Dga%26cd%3DCAEYACoTNDg4MzcwMTcwNDM1ODY2MjcxNzIZZTJkZWZhN2Q1ZGE5MTU3ZDplczplczpFUw%26usg%3DAOvVaw1lnBuQi3Foy83UShPrNCb7&amp;source=gmail&amp;ust=1663398676883000&amp;usg=AOvVaw1TJ-GvZZDs_A5VFwnYdMFI\">El Gobierno regional extiende la campa\u00f1a \u201cIgualdad es No\u00a0Violencia\u201d a 8 municipios de la &#8230;-\u00a0<\/a><a>Gobierno de C-LM<br \/>\n<\/a><a href=\"https:\/\/www.google.com\/url?rct=j&amp;sa=t&amp;url=https:\/\/www.moncloa.com\/2022\/09\/16\/canarias-aprueba-medida-mas-puro-estilo-irene-montero-300-000-euros-para-llevar-mujeres-playa-1609915\/&amp;ct=ga&amp;cd=CAEYACoUMTA2NDU5MDcwOTIzNDk5Njc5MDIyGWUyZGVmYTdkNWRhOTE1N2Q6ZXM6ZXM6RVM&amp;usg=AOvVaw15-ksuarzVsnmmoUEyzUgX\" target=\"_blank\" rel=\"noopener\" data-saferedirecturl=\"https:\/\/www.google.com\/url?q=https:\/\/www.google.com\/url?rct%3Dj%26sa%3Dt%26url%3Dhttps:\/\/www.moncloa.com\/2022\/09\/16\/canarias-aprueba-medida-mas-puro-estilo-irene-montero-300-000-euros-para-llevar-mujeres-playa-1609915\/%26ct%3Dga%26cd%3DCAEYACoUMTA2NDU5MDcwOTIzNDk5Njc5MDIyGWUyZGVmYTdkNWRhOTE1N2Q6ZXM6ZXM6RVM%26usg%3DAOvVaw15-ksuarzVsnmmoUEyzUgX&amp;source=gmail&amp;ust=1663398676898000&amp;usg=AOvVaw1zCE50W7gkQIDDRaaCaUzK\">Canarias aprueba una medida al m\u00e1s puro estilo Irene Montero: 300.000 euros para llevar &#8230;-\u00a0<\/a><a>moncloa<br \/>\n<\/a><a class=\"title\" href=\"https:\/\/www.msn.com\/es-es\/finance\/noticias\/gast-c3-b3n-defiende-la-econom-c3-ada-social-para-generar-empleo-femenino-y-luchar-contra-la-despoblaci-c3-b3n\/ar-AA11QH97\" target=\"_blank\" rel=\"noopener\" data-artpy=\"0\" data-author=\"Europa Press on MSN\">La Consejera Gast\u00f3n defiende la econom\u00eda social para generar empleo femenino y luchar contra la despoblaci\u00f3n-\u00a0<\/a><a>europapress<br \/>\n<\/a><a class=\"title\" href=\"https:\/\/www.lawyerpress.com\/2022\/09\/16\/el-56-de-las-personas-colegiadas-en-cataluna-son-mujeres-segun-el-estudio-las-mujeres-hablan-realizado-por-la-associacio-intercol%c2%b7legial\/\" target=\"_blank\" rel=\"noopener\" data-artpy=\"0\" data-author=\"Lawyerpress\">El 56% de las personas colegiadas en Catalu\u00f1a son mujeres, seg\u00fan el estudio \u00abLas mujeres hablan\u00bb realizado por la Associaci\u00f3 Intercol\u00b7legial<\/a>-lawyerpress<a><br \/>\n<\/a><\/p>\n<p><strong>Econom\u00eda y Empresa<br \/>\n<\/strong><a class=\"title\" href=\"https:\/\/www.msn.com\/es-es\/news\/espana\/la-diferencia-salarial-entre-hombres-y-mujeres-baja-en-espa-c3-b1a-a-la-mitad-en-la-c3-baltima-d-c3-a9cada-seg-c3-ban-funcas\/ar-AA11TJNb\" target=\"_blank\" rel=\"noopener\" data-artpy=\"0\" data-author=\"Europa Press on MSN\">La diferencia salarial entre hombres y mujeres baja en Espa\u00f1a a la mitad en la \u00faltima d\u00e9cada, seg\u00fan Funcas<\/a>-europapress<strong><br \/>\n<\/strong><a href=\"https:\/\/www.google.com\/url?rct=j&amp;sa=t&amp;url=https:\/\/www.europapress.es\/epsocial\/responsables\/noticia-loreal-contribuyo-2021-empleo-casi-600-personas-vulnerables-espana-20220915142101.html&amp;ct=ga&amp;cd=CAEYAyoUMTE5MzY2Mjg1ODI4Njc4NDU1NjUyGTU5ZDc4MTcxMzZhMmQwMjg6ZXM6ZXM6RVM&amp;usg=AOvVaw3H0kbr7GyrA2hZ3OuxmJXs\" target=\"_blank\" rel=\"noopener\" data-saferedirecturl=\"https:\/\/www.google.com\/url?q=https:\/\/www.google.com\/url?rct%3Dj%26sa%3Dt%26url%3Dhttps:\/\/www.europapress.es\/epsocial\/responsables\/noticia-loreal-contribuyo-2021-empleo-casi-600-personas-vulnerables-espana-20220915142101.html%26ct%3Dga%26cd%3DCAEYAyoUMTE5MzY2Mjg1ODI4Njc4NDU1NjUyGTU5ZDc4MTcxMzZhMmQwMjg6ZXM6ZXM6RVM%26usg%3DAOvVaw3H0kbr7GyrA2hZ3OuxmJXs&amp;source=gmail&amp;ust=1663398676972000&amp;usg=AOvVaw3GoBVQ3HtERjzaVaLBTIV2\">L&#8217;Or\u00e9al contribuy\u00f3 en 2021 al empleo de casi 600 personas vulnerables en Espa\u00f1a-\u00a0<\/a><a>Europa Press<br \/>\n<\/a><a class=\"title\" href=\"https:\/\/www.msn.com\/es-es\/finance\/formacion-empleo\/este-es-el-complemento-en-las-pensiones-de-jubilaci-c3-b3n-de-las-mujeres-y-unos-pocos-hombres\/ar-AA11Rl7s\" target=\"_blank\" rel=\"noopener\" data-artpy=\"0\" data-author=\"elEconomista on MSN\">Este es el complemento en las pensiones de jubilaci\u00f3n de las mujeres&#8230;<\/a>-eleconomista<br \/>\n<a class=\"title\" href=\"https:\/\/www.infolibre.es\/economia\/sortean-empresas-reforma-laboral-horas-indefinidos-no-duran-despido-periodo-prueba_1_1316567.html\" target=\"_blank\" rel=\"noopener\" data-artpy=\"0\" data-author=\"infolibre.es\">As\u00ed burlan las empresas la reforma laboral: menos horas, fijos que no duran y despido tras el periodo de prueba<\/a>-infolibre<a><br \/>\n<\/a><\/p>\n<p><strong>Actualidad<br \/>\n<\/strong><a href=\"https:\/\/www.google.com\/url?rct=j&amp;sa=t&amp;url=https:\/\/www.elespanol.com\/espana\/20220914\/guardia-civil-reservara-mujeres-plazas-policia-estatura\/703179983_0.html&amp;ct=ga&amp;cd=CAEYACoUMTY0MzcwMzUxMDI5NTE4NTIxOTkyGWMwMzcyZWJjMmZlYWRhNTk6ZXM6ZXM6RVM&amp;usg=AOvVaw1sc9eybb1bt8Dpmo76gJvp\" target=\"_blank\" rel=\"noopener\" data-saferedirecturl=\"https:\/\/www.google.com\/url?q=https:\/\/www.google.com\/url?rct%3Dj%26sa%3Dt%26url%3Dhttps:\/\/www.elespanol.com\/espana\/20220914\/guardia-civil-reservara-mujeres-plazas-policia-estatura\/703179983_0.html%26ct%3Dga%26cd%3DCAEYACoUMTY0MzcwMzUxMDI5NTE4NTIxOTkyGWMwMzcyZWJjMmZlYWRhNTk6ZXM6ZXM6RVM%26usg%3DAOvVaw1sc9eybb1bt8Dpmo76gJvp&amp;source=gmail&amp;ust=1663315004870000&amp;usg=AOvVaw0J_wPH2NgOTTe7SAAplY-c\">La Guardia Civil reservar\u00e1 a mujeres hasta un 40% de plazas y la Polic\u00eda quita la estatura &#8230;-\u00a0<\/a><a>El Espa\u00f1ol<br \/>\n<\/a><a class=\"title\" href=\"https:\/\/cadenaser.com\/navarra\/2022\/09\/16\/organizaciones-feministas-contrarias-a-la-figura-de-coordinacion-parental-no-se-debe-imponer-por-ley-esta-figura-radio-pamplona\/\" target=\"_blank\" rel=\"noopener\" data-artpy=\"0\" data-author=\"Cadena SER\">Organizaciones feministas, contrarias a la figura de coordinaci\u00f3n parental: \u00abNo se debe imponer por ley esta figura\u00bb<\/a>-ser<br \/>\n<a class=\"title\" href=\"https:\/\/www.elperiodista.cl\/2022\/09\/dia-internacional-del-alzheimer-por-que-las-mujeres-se-enferman-mas-que-los-hombres\/\" target=\"_blank\" rel=\"noopener\" data-artpy=\"0\" data-author=\"El Periodista\">D\u00eda internacional del Alzheimer: Por qu\u00e9 las mujeres se enferman m\u00e1s que los hombres<\/a>-elperiodista<a><br \/>\n<\/a><a href=\"https:\/\/www.google.com\/url?rct=j&amp;sa=t&amp;url=https:\/\/www.rtve.es\/noticias\/20220914\/vacuna-covid-menstruacion-ovulacion\/2402162.shtml&amp;ct=ga&amp;cd=CAEYHSoUMTY0MzcwMzUxMDI5NTE4NTIxOTkyGWMwMzcyZWJjMmZlYWRhNTk6ZXM6ZXM6RVM&amp;usg=AOvVaw0xHOtzY4boJokqilgAqWnF\" target=\"_blank\" rel=\"noopener\" data-saferedirecturl=\"https:\/\/www.google.com\/url?hl=es&amp;q=https:\/\/www.google.com\/url?rct%3Dj%26sa%3Dt%26url%3Dhttps:\/\/www.rtve.es\/noticias\/20220914\/vacuna-covid-menstruacion-ovulacion\/2402162.shtml%26ct%3Dga%26cd%3DCAEYHSoUMTY0MzcwMzUxMDI5NTE4NTIxOTkyGWMwMzcyZWJjMmZlYWRhNTk6ZXM6ZXM6RVM%26usg%3DAOvVaw0xHOtzY4boJokqilgAqWnF&amp;source=gmail&amp;ust=1663323497717000&amp;usg=AOvVaw1LRwYpJFJeTKcEtrWlNwic\">Vacunarse contra la covid despu\u00e9s de la ovulaci\u00f3n podr\u00eda evitar alteraciones menstruales-\u00a0<\/a><a>rtve<br \/>\n<\/a><a href=\"https:\/\/www.google.com\/url?rct=j&amp;sa=t&amp;url=https:\/\/www.magisnet.com\/2022\/09\/la-ongd-intered-lanza-recursos-educativos-para-frenar-la-desinformacion-y-los-discursos-negacionistas\/&amp;ct=ga&amp;cd=CAEYASoTMTQyNDk0NTI4ODMyMTA4Njk3NjIZZTJkZWZhN2Q1ZGE5MTU3ZDplczplczpFUw&amp;usg=AOvVaw1vUQPBnNwPzQJC5KJ2-Rww\" target=\"_blank\" rel=\"noopener\" data-saferedirecturl=\"https:\/\/www.google.com\/url?q=https:\/\/www.google.com\/url?rct%3Dj%26sa%3Dt%26url%3Dhttps:\/\/www.magisnet.com\/2022\/09\/la-ongd-intered-lanza-recursos-educativos-para-frenar-la-desinformacion-y-los-discursos-negacionistas\/%26ct%3Dga%26cd%3DCAEYASoTMTQyNDk0NTI4ODMyMTA4Njk3NjIZZTJkZWZhN2Q1ZGE5MTU3ZDplczplczpFUw%26usg%3DAOvVaw1vUQPBnNwPzQJC5KJ2-Rww&amp;source=gmail&amp;ust=1663398676850000&amp;usg=AOvVaw1_UXh6OPPhSFK9tZ5K9kfV\">La ONGD InteRed lanza recursos educativos para frenar la desinformaci\u00f3n y los discursos &#8230;-\u00a0<\/a><a>magisnet<br \/>\n<\/a><a class=\"title\" href=\"https:\/\/www.zoomnews.es\/las-personas-mayores-que-contraen-covid-19-tienen-entre-un-50-y-un-80-mas-de-riesgo-de-desarrollar-alzheimer-en-el-plazo-de-un-ano\/\" target=\"_blank\" rel=\"noopener\" data-artpy=\"0\" data-author=\"zoomnews.es\">Las personas mayores que contraen covid-19 tienen entre un 50 y un 80% m\u00e1s de riesgo de desarrollar alzh\u00e9imer en el plazo de un a\u00f1o<\/a>-zoomnews<a><br \/>\n<\/a><\/p>\n<p><strong>Violencias<br \/>\n<\/strong><a href=\"https:\/\/www.google.com\/url?rct=j&amp;sa=t&amp;url=https:\/\/www.legaltoday.com\/actualidad-juridica\/noticias-de-derecho\/el-constitucional-avala-la-suspension-de-visitas-de-padres-maltratadores-a-sus-hijos-2022-09-16\/&amp;ct=ga&amp;cd=CAEYACoUMTYwODQ0OTA3ODA1NjUxNDk5MTIyGWUxZTc3ZDE1NjA5OGE4ZTM6ZXM6ZXM6RVM&amp;usg=AOvVaw0Z9BDIhnE4crf_Ym16K3Ro\" target=\"_blank\" rel=\"noopener\" data-saferedirecturl=\"https:\/\/www.google.com\/url?q=https:\/\/www.google.com\/url?rct%3Dj%26sa%3Dt%26url%3Dhttps:\/\/www.legaltoday.com\/actualidad-juridica\/noticias-de-derecho\/el-constitucional-avala-la-suspension-de-visitas-de-padres-maltratadores-a-sus-hijos-2022-09-16\/%26ct%3Dga%26cd%3DCAEYACoUMTYwODQ0OTA3ODA1NjUxNDk5MTIyGWUxZTc3ZDE1NjA5OGE4ZTM6ZXM6ZXM6RVM%26usg%3DAOvVaw0Z9BDIhnE4crf_Ym16K3Ro&amp;source=gmail&amp;ust=1663398689427000&amp;usg=AOvVaw2wo3nyDwjHFvFalCKwFmut\">El Constitucional avala la suspensi\u00f3n de visitas de padres maltratadores a sus hijos-\u00a0<\/a><a>Legal Today<br \/>\n<\/a><a href=\"https:\/\/www.google.com\/url?rct=j&amp;sa=t&amp;url=https:\/\/www.europapress.es\/epsocial\/igualdad\/noticia-ministerio-ciencia-investiga-casos-acoso-centro-csic-recibir-varias-denuncias-20220915144108.html&amp;ct=ga&amp;cd=CAEYACoTMzQ4NzgzNjE4MTM5NjkwMjczNDIZNTlkNzgxNzEzNmEyZDAyODplczplczpFUw&amp;usg=AOvVaw3kQFrGBk13mdBZovSG5xGl\" target=\"_blank\" rel=\"noopener\" data-saferedirecturl=\"https:\/\/www.google.com\/url?q=https:\/\/www.google.com\/url?rct%3Dj%26sa%3Dt%26url%3Dhttps:\/\/www.europapress.es\/epsocial\/igualdad\/noticia-ministerio-ciencia-investiga-casos-acoso-centro-csic-recibir-varias-denuncias-20220915144108.html%26ct%3Dga%26cd%3DCAEYACoTMzQ4NzgzNjE4MTM5NjkwMjczNDIZNTlkNzgxNzEzNmEyZDAyODplczplczpFUw%26usg%3DAOvVaw3kQFrGBk13mdBZovSG5xGl&amp;source=gmail&amp;ust=1663398677020000&amp;usg=AOvVaw02F_zByrl7KjMeD199IFJq\">El Ministerio de Ciencia investiga casos de acoso en un centro del CSIC tras recibir varias denuncias-\u00a0<\/a><a>europapress<br \/>\n<\/a><a class=\"title\" href=\"https:\/\/www.msn.com\/es-es\/news\/espana\/m-c3-a1s-de-13500-menores-fueron-condenados-en-2021-un-21-25-m-c3-a1s-que-en-2020-y-439-por-delitos-sexuales\/ar-AA11SFkl\" target=\"_blank\" rel=\"noopener\" data-artpy=\"0\" data-author=\"P\u00fablico on MSN\">M\u00e1s de 13.500 menores fueron condenados en 2021, un 21% m\u00e1s que en 2020, y 439 por delitos sexuales<\/a>-publico<br \/>\n<a class=\"title\" href=\"https:\/\/elpais.com\/espana\/2022-09-15\/los-delitos-sexuales-aumentan-un-346-en-un-ano.html\" target=\"_blank\" rel=\"noopener\" data-artpy=\"0\" data-author=\"EL PA\u00cdS\">Los delitos sexuales aumentan un 34,6% en un a\u00f1o<\/a>-elpais<a><br \/>\n<\/a><\/p>\n<p><strong>Ciencia y Cultura<br \/>\n<\/strong><a href=\"https:\/\/www.google.com\/url?rct=j&amp;sa=t&amp;url=https:\/\/efeminista.com\/csic-publica-oceanicas-obra-pioneras-mar\/&amp;ct=ga&amp;cd=CAEYASoUMTM4OTExNzI5NTUwMzg3ODMwMTMyGWMwMzcyZWJjMmZlYWRhNTk6ZXM6ZXM6RVM&amp;usg=AOvVaw2LzPKBwHLufa-js41IfsZ6\" target=\"_blank\" rel=\"noopener\" data-saferedirecturl=\"https:\/\/www.google.com\/url?q=https:\/\/www.google.com\/url?rct%3Dj%26sa%3Dt%26url%3Dhttps:\/\/efeminista.com\/csic-publica-oceanicas-obra-pioneras-mar\/%26ct%3Dga%26cd%3DCAEYASoUMTM4OTExNzI5NTUwMzg3ODMwMTMyGWMwMzcyZWJjMmZlYWRhNTk6ZXM6ZXM6RVM%26usg%3DAOvVaw2LzPKBwHLufa-js41IfsZ6&amp;source=gmail&amp;ust=1663318679146000&amp;usg=AOvVaw3OAeJsyoCgWL4XPsmy31AL\">El CSIC invita a conocer a las pioneras del mar con \u00abOce\u00e1nicas\u00bb &#8211;\u00a0<\/a><a>Efeminista<br \/>\n<\/a><a href=\"https:\/\/www.google.com\/url?rct=j&amp;sa=t&amp;url=https:\/\/www.elconfidencial.com\/arcadia\/2022-09-16\/rebeca-atencia-chimpances_3491109\/&amp;ct=ga&amp;cd=CAEYACoSMjAyMjI4MDExMDEzNTU5MjcwMhljMDM3MmViYzJmZWFkYTU5OmVzOmVzOkVT&amp;usg=AOvVaw1_IrCB5IWnyrEXg0fZLQBi\" target=\"_blank\" rel=\"noopener\" data-saferedirecturl=\"https:\/\/www.google.com\/url?q=https:\/\/www.google.com\/url?rct%3Dj%26sa%3Dt%26url%3Dhttps:\/\/www.elconfidencial.com\/arcadia\/2022-09-16\/rebeca-atencia-chimpances_3491109\/%26ct%3Dga%26cd%3DCAEYACoSMjAyMjI4MDExMDEzNTU5MjcwMhljMDM3MmViYzJmZWFkYTU5OmVzOmVzOkVT%26usg%3DAOvVaw1_IrCB5IWnyrEXg0fZLQBi&amp;source=gmail&amp;ust=1663398689363000&amp;usg=AOvVaw0ZpHY5o-XnVpEmzf70E1kf\">Rebeca Atencia, la esperanza gallega de los chimpanc\u00e9s del Congo\u00a0<\/a>-e<a>lconfidencial<br \/>\n<\/a><a href=\"https:\/\/www.google.com\/url?rct=j&amp;sa=t&amp;url=https:\/\/toledodiario.es\/entretelas-una-exposicion-que-recoge-el-invisibilizado-arte-textil-de-mujeres-de-diferentes-paises\/&amp;ct=ga&amp;cd=CAEYDCoUMTY0MzcwMzUxMDI5NTE4NTIxOTkyGWMwMzcyZWJjMmZlYWRhNTk6ZXM6ZXM6RVM&amp;usg=AOvVaw2WAXuJA8QfuPWQZf6MmFyB\" target=\"_blank\" rel=\"noopener\" data-saferedirecturl=\"https:\/\/www.google.com\/url?q=https:\/\/www.google.com\/url?rct%3Dj%26sa%3Dt%26url%3Dhttps:\/\/toledodiario.es\/entretelas-una-exposicion-que-recoge-el-invisibilizado-arte-textil-de-mujeres-de-diferentes-paises\/%26ct%3Dga%26cd%3DCAEYDCoUMTY0MzcwMzUxMDI5NTE4NTIxOTkyGWMwMzcyZWJjMmZlYWRhNTk6ZXM6ZXM6RVM%26usg%3DAOvVaw2WAXuJA8QfuPWQZf6MmFyB&amp;source=gmail&amp;ust=1663315004872000&amp;usg=AOvVaw23IKqMxIwr80VX_u4ONwUc\">Entretelas&#8217;, una exposici\u00f3n que recoge el invisibilizado arte textil de\u00a0mujeres de diferentes pa\u00edses-\u00a0<\/a><a>Toledodiario<br \/>\n<\/a><a href=\"https:\/\/www.google.com\/url?rct=j&amp;sa=t&amp;url=https:\/\/cineconn.es\/ava-mabel-lozano-explotacion-sexual-discapacidad\/&amp;ct=ga&amp;cd=CAEYAioUMTM4OTExNzI5NTUwMzg3ODMwMTMyGWMwMzcyZWJjMmZlYWRhNTk6ZXM6ZXM6RVM&amp;usg=AOvVaw1NPCQU0kSaU8SC8tb4HI-4\" target=\"_blank\" rel=\"noopener\" data-saferedirecturl=\"https:\/\/www.google.com\/url?q=https:\/\/www.google.com\/url?rct%3Dj%26sa%3Dt%26url%3Dhttps:\/\/cineconn.es\/ava-mabel-lozano-explotacion-sexual-discapacidad\/%26ct%3Dga%26cd%3DCAEYAioUMTM4OTExNzI5NTUwMzg3ODMwMTMyGWMwMzcyZWJjMmZlYWRhNTk6ZXM6ZXM6RVM%26usg%3DAOvVaw1NPCQU0kSaU8SC8tb4HI-4&amp;source=gmail&amp;ust=1663318679147000&amp;usg=AOvVaw2NAM0nKzvmpxUAfa5QGG5P\">Mabel Lozano rueda AVA, documental sobre la explotaci\u00f3n sexual de mujeres con discapacidad-\u00a0<\/a><a>Cine con \u00d1<br \/>\n<\/a><a href=\"https:\/\/www.google.com\/url?rct=j&amp;sa=t&amp;url=https:\/\/www.lasfuriasmagazine.com\/gloria-fuertes-poesia-vida-obra\/&amp;ct=ga&amp;cd=CAEYDCoUMTE1NDM3MzkwMjQ2MzA0NjM3OTkyGWMwMzcyZWJjMmZlYWRhNTk6ZXM6ZXM6RVM&amp;usg=AOvVaw2FlMJGPLfvV86U_teS1wTE\" target=\"_blank\" rel=\"noopener\" data-saferedirecturl=\"https:\/\/www.google.com\/url?q=https:\/\/www.google.com\/url?rct%3Dj%26sa%3Dt%26url%3Dhttps:\/\/www.lasfuriasmagazine.com\/gloria-fuertes-poesia-vida-obra\/%26ct%3Dga%26cd%3DCAEYDCoUMTE1NDM3MzkwMjQ2MzA0NjM3OTkyGWMwMzcyZWJjMmZlYWRhNTk6ZXM6ZXM6RVM%26usg%3DAOvVaw2FlMJGPLfvV86U_teS1wTE&amp;source=gmail&amp;ust=1663398689306000&amp;usg=AOvVaw3fjHy7XMk_ndoGVYw2d7Nh\">Gloria Fuertes y su vida de pel\u00edcula: De la ni\u00f1a que fui a la poeta de guardia &#8211; Las Furias Magazine-\u00a0<\/a><a>Las Furias Magazine<\/a><strong><br \/>\n<\/strong><a href=\"https:\/\/www.eldiario.es\/cultura\/musica\/cecilia-mari-trini-son-primeras-punks-espana_1_9317355.html\">Cecilia y Mari Trini son las primeras punks de Espa\u00f1a<\/a>-eldiario<\/p>\n<p><strong>Deporte<br \/>\n<\/strong><a class=\"title\" href=\"https:\/\/www.msn.com\/es-es\/news\/espana\/bilbao-vitoria-donostia-y-gobierno-vasco-impulsan-un-nuevo-torneo-de-pelota-mano-femenina\/ar-AA11SwtM\" target=\"_blank\" rel=\"noopener\" data-artpy=\"0\" data-author=\"eldiario.es on MSN\">Bilbao, Vitoria, Donostia y Gobierno vasco impulsan un nuevo torneo de pelota mano femenina<\/a>-eldiario<br \/>\n<a class=\"title\" href=\"https:\/\/www.cope.es\/emisoras\/region-de-murcia\/murcia-provincia\/murcia---san-javier\/deportes-cope-en-murcia\/noticias\/las-arbitras-desconvocan-huelga-20220915_2292034\" target=\"_blank\" rel=\"noopener\" data-artpy=\"0\" data-author=\"COPE\">Las \u00e1rbitras desconvocan la huelga<\/a>-cope<br \/>\n<a class=\"title\" href=\"https:\/\/www.msn.com\/es-es\/sports\/futbol\/investigador-de-la-upsa-propone-modelos-predictivos-de-c3-a9xito-en-el-f-c3-batbol-femenino-de-c3-a9lite\/ar-AA11RFHm\" target=\"_blank\" rel=\"noopener\" data-artpy=\"0\" data-author=\"Europa Press on MSN\">Investigaci\u00f3n de la UPSA propone modelos predictivos de \u00e9xito en el f\u00fatbol femenino de \u00e9lite-\u00a0<\/a>europapress<strong><br \/>\n<\/strong><\/p>\n<\/div>\n<\/div>\n<div id=\"\" class=\"lsow-panel lsow-active\">\n<h1 class=\"lsow-panel-title\">Internacional<\/h1>\n<div class=\"lsow-panel-content\">\n<p><a href=\"https:\/\/www.google.com\/url?rct=j&amp;sa=t&amp;url=https:\/\/efeminista.com\/bruselas-aumentar-escolarizacion-empleo-femenino\/&amp;ct=ga&amp;cd=CAEYDyoUMTY0MzcwMzUxMDI5NTE4NTIxOTkyGWMwMzcyZWJjMmZlYWRhNTk6ZXM6ZXM6RVM&amp;usg=AOvVaw301RLGYm5rbOSqJ33zZUzl\" target=\"_blank\" rel=\"noopener\" data-saferedirecturl=\"https:\/\/www.google.com\/url?q=https:\/\/www.google.com\/url?rct%3Dj%26sa%3Dt%26url%3Dhttps:\/\/efeminista.com\/bruselas-aumentar-escolarizacion-empleo-femenino\/%26ct%3Dga%26cd%3DCAEYDyoUMTY0MzcwMzUxMDI5NTE4NTIxOTkyGWMwMzcyZWJjMmZlYWRhNTk6ZXM6ZXM6RVM%26usg%3DAOvVaw301RLGYm5rbOSqJ33zZUzl&amp;source=gmail&amp;ust=1663315004873000&amp;usg=AOvVaw3Z_KfzcefA65Fkx-lQmPc2\">Bruselas aumentar\u00e1 la escolarizaci\u00f3n infantil para fomentar el empleo femenino-\u00a0<\/a><a>Efeminista<br \/>\n<\/a><a class=\"title\" href=\"https:\/\/www.lamarea.com\/2022\/09\/16\/la-paradoja-de-que-la-primera-mujer-que-puede-tomar-las-riendas-de-italia-se-llame-giorgia-meloni\/\" target=\"_blank\" rel=\"noopener\" data-artpy=\"0\" data-author=\"La Marea\">La paradoja de que la primera mujer que puede tomar las riendas de Italia se llame Giorgia Meloni<\/a>-lamarea<a><br \/>\n<\/a><a href=\"https:\/\/www.google.com\/url?rct=j&amp;sa=t&amp;url=https:\/\/es-us.finanzas.yahoo.com\/noticias\/mujeres-determinan-tendencias-factor-wellbeing-180000289.html&amp;ct=ga&amp;cd=CAEYAioUMTcyODIzNDAyNDc3MTUyNzMwOTIyGWMwMzcyZWJjMmZlYWRhNTk6ZXM6ZXM6RVM&amp;usg=AOvVaw1cA_sUXUul4vZfoNYEdHps\" target=\"_blank\" rel=\"noopener\" data-saferedirecturl=\"https:\/\/www.google.com\/url?q=https:\/\/www.google.com\/url?rct%3Dj%26sa%3Dt%26url%3Dhttps:\/\/es-us.finanzas.yahoo.com\/noticias\/mujeres-determinan-tendencias-factor-wellbeing-180000289.html%26ct%3Dga%26cd%3DCAEYAioUMTcyODIzNDAyNDc3MTUyNzMwOTIyGWMwMzcyZWJjMmZlYWRhNTk6ZXM6ZXM6RVM%26usg%3DAOvVaw1cA_sUXUul4vZfoNYEdHps&amp;source=gmail&amp;ust=1663398689323000&amp;usg=AOvVaw1D4Eta0CRpTdzcn1l6uwTt\">Mujeres determinan tendencias en Factor Wellbeing 2022 &#8211;\u00a0<\/a><a>Yahoo Finanzas<br \/>\n<\/a><a href=\"https:\/\/www.google.com\/url?rct=j&amp;sa=t&amp;url=https:\/\/elpais.com\/america-colombia\/2022-09-15\/el-jazz-colombiano-en-clave-femenina.html&amp;ct=ga&amp;cd=CAEYASoUMTcyODIzNDAyNDc3MTUyNzMwOTIyGWMwMzcyZWJjMmZlYWRhNTk6ZXM6ZXM6RVM&amp;usg=AOvVaw2utIcdO5_VGzTRIazeJffx\" target=\"_blank\" rel=\"noopener\" data-saferedirecturl=\"https:\/\/www.google.com\/url?q=https:\/\/www.google.com\/url?rct%3Dj%26sa%3Dt%26url%3Dhttps:\/\/elpais.com\/america-colombia\/2022-09-15\/el-jazz-colombiano-en-clave-femenina.html%26ct%3Dga%26cd%3DCAEYASoUMTcyODIzNDAyNDc3MTUyNzMwOTIyGWMwMzcyZWJjMmZlYWRhNTk6ZXM6ZXM6RVM%26usg%3DAOvVaw2utIcdO5_VGzTRIazeJffx&amp;source=gmail&amp;ust=1663398689322000&amp;usg=AOvVaw331D_2jQ3wPt_b5fO3Px8-\">El jazz colombiano en clave femenina &#8211;<\/a><a>elpais<br \/>\n<\/a><a class=\"title\" href=\"https:\/\/www.larazon.es\/cultura\/musica\/20220915\/6vbinp7jvzcq5cvolye7umjfka.html\" target=\"_blank\" rel=\"noopener\" data-artpy=\"0\" data-author=\"La Raz\u00f3n Digital\">Silvana Estrada: \u201c\u00bfC\u00f3mo voy a ser la nueva Chavela si ella vive y es la estrella m\u00e1s grande?<\/a>-larazon<br \/>\n<a class=\"title\" href=\"https:\/\/www.abc.es\/cultura\/maria-elena-moran-premio-novela-cafe-gijon-20220915161236-nt.html\" target=\"_blank\" rel=\"noopener\" data-artpy=\"0\" data-author=\"ABC\">Mar\u00eda Elena Mor\u00e1n, premio de Novela Caf\u00e9 Gij\u00f3n 2022 por &#8216;Volver a cu\u00e1ndo&#8217;<\/a>-cope<\/p>\n<\/div>\n<\/div>\n<\/div><\/div><\/div><\/div><\/div>\n","protected":false},"excerpt":{"rendered":"<p>Bruselas aumentar\u00e1 la escolarizaci\u00f3n infantil para fomentar el empleo femenino * La diferencia salarial entre hombres y mujeres baja en Espa\u00f1a a la mitad en la \u00faltima d\u00e9cada * 15S D\u00eda internacional del Alzheimer: El 63% de las personas afectadas son mujeres * CSIC invita a conocer a las pioneras del mar con Oce\u00e1nicas<\/p>\n","protected":false},"author":3,"featured_media":22909,"comment_status":"closed","ping_status":"closed","sticky":false,"template":"","format":"standard","meta":{"footnotes":""},"categories":[298,621],"tags":[95,96,262],"class_list":["post-17063","post","type-post","status-publish","format-standard","has-post-thumbnail","hentry","category-newsletter","category-nwl-3-0","tag-brecha-salarial","tag-mujeres","tag-salud"],"yoast_head":"<!-- This site is optimized with the Yoast SEO plugin v27.5 - https:\/\/yoast.com\/product\/yoast-seo-wordpress\/ -->\n<title>Noticias Info CKL n\u00ba 2717-16\/09\/22 -Comunicar con perspectiva de g\u00e9nero<\/title>\n<meta name=\"description\" content=\"Noticias Info CKL n\u00ba 2717-16\/09\/22 Bruselas aumentar\u00e1 la escolarizaci\u00f3n infantil para fomentar el empleo femenino * La diferencia salarial entre hombres y mujeres baja en Espa\u00f1a a la mitad en la \u00faltima d\u00e9cada * 15S D\u00eda internacional del Alzheimer: El 63% de las personas afectadas son mujeres * CSIC invita a conocer a las pioneras del mar con Oce\u00e1nicas\" \/>\n<meta name=\"robots\" content=\"index, follow, max-snippet:-1, max-image-preview:large, max-video-preview:-1\" \/>\n<link rel=\"canonical\" href=\"https:\/\/cklcomunicaciones.es\/coop\/noticias-info-ckl-no-2717-16-09-22\/\" \/>\n<meta property=\"og:locale\" content=\"es_ES\" \/>\n<meta property=\"og:type\" content=\"article\" \/>\n<meta property=\"og:title\" content=\"Noticias Info CKL n\u00ba 2717-16\/09\/22 -Comunicar con perspectiva de g\u00e9nero\" \/>\n<meta property=\"og:description\" content=\"Noticias Info CKL n\u00ba 2717-16\/09\/22 Bruselas aumentar\u00e1 la escolarizaci\u00f3n infantil para fomentar el empleo femenino * La diferencia salarial entre hombres y mujeres baja en Espa\u00f1a a la mitad en la \u00faltima d\u00e9cada * 15S D\u00eda internacional del Alzheimer: El 63% de las personas afectadas son mujeres * CSIC invita a conocer a las pioneras del mar con Oce\u00e1nicas\" \/>\n<meta property=\"og:url\" content=\"https:\/\/cklcomunicaciones.es\/coop\/noticias-info-ckl-no-2717-16-09-22\/\" \/>\n<meta property=\"og:site_name\" content=\"CKL Comunicaciones\" \/>\n<meta property=\"article:published_time\" content=\"2022-09-16T10:25:09+00:00\" \/>\n<meta property=\"article:modified_time\" content=\"2025-02-08T23:40:21+00:00\" \/>\n<meta property=\"og:image\" content=\"https:\/\/cklcomunicaciones.es\/coop\/wp-content\/uploads\/2025\/01\/CKL-una-mirada-distinta-de-la-comunicacion.jpg\" \/>\n\t<meta property=\"og:image:width\" content=\"1482\" \/>\n\t<meta property=\"og:image:height\" content=\"775\" \/>\n\t<meta property=\"og:image:type\" content=\"image\/jpeg\" \/>\n<meta name=\"author\" content=\"ckl\" \/>\n<meta name=\"twitter:card\" content=\"summary_large_image\" \/>\n<meta name=\"twitter:label1\" content=\"Escrito por\" \/>\n\t<meta name=\"twitter:data1\" content=\"ckl\" \/>\n\t<meta name=\"twitter:label2\" content=\"Tiempo de lectura\" \/>\n\t<meta name=\"twitter:data2\" content=\"7 minutos\" \/>\n<script type=\"application\/ld+json\" class=\"yoast-schema-graph\">{\"@context\":\"https:\\\/\\\/schema.org\",\"@graph\":[{\"@type\":\"Article\",\"@id\":\"https:\\\/\\\/cklcomunicaciones.es\\\/coop\\\/noticias-info-ckl-no-2717-16-09-22\\\/#article\",\"isPartOf\":{\"@id\":\"https:\\\/\\\/cklcomunicaciones.es\\\/coop\\\/noticias-info-ckl-no-2717-16-09-22\\\/\"},\"author\":{\"name\":\"ckl\",\"@id\":\"https:\\\/\\\/cklcomunicaciones.es\\\/coop\\\/#\\\/schema\\\/person\\\/929a6837f7626450bbb50cee1aef266e\"},\"headline\":\"Noticias Info CKL n\u00ba 2717-16\\\/09\\\/22\",\"datePublished\":\"2022-09-16T10:25:09+00:00\",\"dateModified\":\"2025-02-08T23:40:21+00:00\",\"mainEntityOfPage\":{\"@id\":\"https:\\\/\\\/cklcomunicaciones.es\\\/coop\\\/noticias-info-ckl-no-2717-16-09-22\\\/\"},\"wordCount\":1354,\"image\":{\"@id\":\"https:\\\/\\\/cklcomunicaciones.es\\\/coop\\\/noticias-info-ckl-no-2717-16-09-22\\\/#primaryimage\"},\"thumbnailUrl\":\"https:\\\/\\\/cklcomunicaciones.es\\\/coop\\\/wp-content\\\/uploads\\\/2025\\\/01\\\/CKL-una-mirada-distinta-de-la-comunicacion.jpg\",\"keywords\":[\"brecha salarial\",\"mujeres\",\"salud\"],\"articleSection\":[\"Newsletter\",\"Nwl v3.0\"],\"inLanguage\":\"es\"},{\"@type\":\"WebPage\",\"@id\":\"https:\\\/\\\/cklcomunicaciones.es\\\/coop\\\/noticias-info-ckl-no-2717-16-09-22\\\/\",\"url\":\"https:\\\/\\\/cklcomunicaciones.es\\\/coop\\\/noticias-info-ckl-no-2717-16-09-22\\\/\",\"name\":\"Noticias Info CKL n\u00ba 2717-16\\\/09\\\/22 -Comunicar con perspectiva de g\u00e9nero\",\"isPartOf\":{\"@id\":\"https:\\\/\\\/cklcomunicaciones.es\\\/coop\\\/#website\"},\"primaryImageOfPage\":{\"@id\":\"https:\\\/\\\/cklcomunicaciones.es\\\/coop\\\/noticias-info-ckl-no-2717-16-09-22\\\/#primaryimage\"},\"image\":{\"@id\":\"https:\\\/\\\/cklcomunicaciones.es\\\/coop\\\/noticias-info-ckl-no-2717-16-09-22\\\/#primaryimage\"},\"thumbnailUrl\":\"https:\\\/\\\/cklcomunicaciones.es\\\/coop\\\/wp-content\\\/uploads\\\/2025\\\/01\\\/CKL-una-mirada-distinta-de-la-comunicacion.jpg\",\"datePublished\":\"2022-09-16T10:25:09+00:00\",\"dateModified\":\"2025-02-08T23:40:21+00:00\",\"author\":{\"@id\":\"https:\\\/\\\/cklcomunicaciones.es\\\/coop\\\/#\\\/schema\\\/person\\\/929a6837f7626450bbb50cee1aef266e\"},\"description\":\"Noticias Info CKL n\u00ba 2717-16\\\/09\\\/22 Bruselas aumentar\u00e1 la escolarizaci\u00f3n infantil para fomentar el empleo femenino * La diferencia salarial entre hombres y mujeres baja en Espa\u00f1a a la mitad en la \u00faltima d\u00e9cada * 15S D\u00eda internacional del Alzheimer: El 63% de las personas afectadas son mujeres * CSIC invita a conocer a las pioneras del mar con Oce\u00e1nicas\",\"breadcrumb\":{\"@id\":\"https:\\\/\\\/cklcomunicaciones.es\\\/coop\\\/noticias-info-ckl-no-2717-16-09-22\\\/#breadcrumb\"},\"inLanguage\":\"es\",\"potentialAction\":[{\"@type\":\"ReadAction\",\"target\":[\"https:\\\/\\\/cklcomunicaciones.es\\\/coop\\\/noticias-info-ckl-no-2717-16-09-22\\\/\"]}]},{\"@type\":\"ImageObject\",\"inLanguage\":\"es\",\"@id\":\"https:\\\/\\\/cklcomunicaciones.es\\\/coop\\\/noticias-info-ckl-no-2717-16-09-22\\\/#primaryimage\",\"url\":\"https:\\\/\\\/cklcomunicaciones.es\\\/coop\\\/wp-content\\\/uploads\\\/2025\\\/01\\\/CKL-una-mirada-distinta-de-la-comunicacion.jpg\",\"contentUrl\":\"https:\\\/\\\/cklcomunicaciones.es\\\/coop\\\/wp-content\\\/uploads\\\/2025\\\/01\\\/CKL-una-mirada-distinta-de-la-comunicacion.jpg\",\"width\":1482,\"height\":775,\"caption\":\"CKL - una mirada distinta de la comunicacion\"},{\"@type\":\"BreadcrumbList\",\"@id\":\"https:\\\/\\\/cklcomunicaciones.es\\\/coop\\\/noticias-info-ckl-no-2717-16-09-22\\\/#breadcrumb\",\"itemListElement\":[{\"@type\":\"ListItem\",\"position\":1,\"name\":\"Portada\",\"item\":\"https:\\\/\\\/cklcomunicaciones.es\\\/coop\\\/\"},{\"@type\":\"ListItem\",\"position\":2,\"name\":\"Noticias Info CKL n\u00ba 2717-16\\\/09\\\/22\"}]},{\"@type\":\"WebSite\",\"@id\":\"https:\\\/\\\/cklcomunicaciones.es\\\/coop\\\/#website\",\"url\":\"https:\\\/\\\/cklcomunicaciones.es\\\/coop\\\/\",\"name\":\"CKL Comunicaciones\",\"description\":\"Sitio web de CKL Comunicaciones coop , la consultora de comunicaci\u00f3n y estrategia\",\"potentialAction\":[{\"@type\":\"SearchAction\",\"target\":{\"@type\":\"EntryPoint\",\"urlTemplate\":\"https:\\\/\\\/cklcomunicaciones.es\\\/coop\\\/?s={search_term_string}\"},\"query-input\":{\"@type\":\"PropertyValueSpecification\",\"valueRequired\":true,\"valueName\":\"search_term_string\"}}],\"inLanguage\":\"es\"},{\"@type\":\"Person\",\"@id\":\"https:\\\/\\\/cklcomunicaciones.es\\\/coop\\\/#\\\/schema\\\/person\\\/929a6837f7626450bbb50cee1aef266e\",\"name\":\"ckl\",\"image\":{\"@type\":\"ImageObject\",\"inLanguage\":\"es\",\"@id\":\"https:\\\/\\\/secure.gravatar.com\\\/avatar\\\/c82db564e8a669bf6023357a157b9dc4780f4d4c618f2ad1d71a6a5dede45057?s=96&d=mm&r=g\",\"url\":\"https:\\\/\\\/secure.gravatar.com\\\/avatar\\\/c82db564e8a669bf6023357a157b9dc4780f4d4c618f2ad1d71a6a5dede45057?s=96&d=mm&r=g\",\"contentUrl\":\"https:\\\/\\\/secure.gravatar.com\\\/avatar\\\/c82db564e8a669bf6023357a157b9dc4780f4d4c618f2ad1d71a6a5dede45057?s=96&d=mm&r=g\",\"caption\":\"ckl\"},\"url\":\"https:\\\/\\\/cklcomunicaciones.es\\\/coop\\\/author\\\/cklcomunicaciones\\\/\"}]}<\/script>\n<!-- \/ Yoast SEO plugin. -->","yoast_head_json":{"title":"Noticias Info CKL n\u00ba 2717-16\/09\/22 -Comunicar con perspectiva de g\u00e9nero","description":"Noticias Info CKL n\u00ba 2717-16\/09\/22 Bruselas aumentar\u00e1 la escolarizaci\u00f3n infantil para fomentar el empleo femenino * La diferencia salarial entre hombres y mujeres baja en Espa\u00f1a a la mitad en la \u00faltima d\u00e9cada * 15S D\u00eda internacional del Alzheimer: El 63% de las personas afectadas son mujeres * CSIC invita a conocer a las pioneras del mar con Oce\u00e1nicas","robots":{"index":"index","follow":"follow","max-snippet":"max-snippet:-1","max-image-preview":"max-image-preview:large","max-video-preview":"max-video-preview:-1"},"canonical":"https:\/\/cklcomunicaciones.es\/coop\/noticias-info-ckl-no-2717-16-09-22\/","og_locale":"es_ES","og_type":"article","og_title":"Noticias Info CKL n\u00ba 2717-16\/09\/22 -Comunicar con perspectiva de g\u00e9nero","og_description":"Noticias Info CKL n\u00ba 2717-16\/09\/22 Bruselas aumentar\u00e1 la escolarizaci\u00f3n infantil para fomentar el empleo femenino * La diferencia salarial entre hombres y mujeres baja en Espa\u00f1a a la mitad en la \u00faltima d\u00e9cada * 15S D\u00eda internacional del Alzheimer: El 63% de las personas afectadas son mujeres * CSIC invita a conocer a las pioneras del mar con Oce\u00e1nicas","og_url":"https:\/\/cklcomunicaciones.es\/coop\/noticias-info-ckl-no-2717-16-09-22\/","og_site_name":"CKL Comunicaciones","article_published_time":"2022-09-16T10:25:09+00:00","article_modified_time":"2025-02-08T23:40:21+00:00","og_image":[{"width":1482,"height":775,"url":"https:\/\/cklcomunicaciones.es\/coop\/wp-content\/uploads\/2025\/01\/CKL-una-mirada-distinta-de-la-comunicacion.jpg","type":"image\/jpeg"}],"author":"ckl","twitter_card":"summary_large_image","twitter_misc":{"Escrito por":"ckl","Tiempo de lectura":"7 minutos"},"schema":{"@context":"https:\/\/schema.org","@graph":[{"@type":"Article","@id":"https:\/\/cklcomunicaciones.es\/coop\/noticias-info-ckl-no-2717-16-09-22\/#article","isPartOf":{"@id":"https:\/\/cklcomunicaciones.es\/coop\/noticias-info-ckl-no-2717-16-09-22\/"},"author":{"name":"ckl","@id":"https:\/\/cklcomunicaciones.es\/coop\/#\/schema\/person\/929a6837f7626450bbb50cee1aef266e"},"headline":"Noticias Info CKL n\u00ba 2717-16\/09\/22","datePublished":"2022-09-16T10:25:09+00:00","dateModified":"2025-02-08T23:40:21+00:00","mainEntityOfPage":{"@id":"https:\/\/cklcomunicaciones.es\/coop\/noticias-info-ckl-no-2717-16-09-22\/"},"wordCount":1354,"image":{"@id":"https:\/\/cklcomunicaciones.es\/coop\/noticias-info-ckl-no-2717-16-09-22\/#primaryimage"},"thumbnailUrl":"https:\/\/cklcomunicaciones.es\/coop\/wp-content\/uploads\/2025\/01\/CKL-una-mirada-distinta-de-la-comunicacion.jpg","keywords":["brecha salarial","mujeres","salud"],"articleSection":["Newsletter","Nwl v3.0"],"inLanguage":"es"},{"@type":"WebPage","@id":"https:\/\/cklcomunicaciones.es\/coop\/noticias-info-ckl-no-2717-16-09-22\/","url":"https:\/\/cklcomunicaciones.es\/coop\/noticias-info-ckl-no-2717-16-09-22\/","name":"Noticias Info CKL n\u00ba 2717-16\/09\/22 -Comunicar con perspectiva de g\u00e9nero","isPartOf":{"@id":"https:\/\/cklcomunicaciones.es\/coop\/#website"},"primaryImageOfPage":{"@id":"https:\/\/cklcomunicaciones.es\/coop\/noticias-info-ckl-no-2717-16-09-22\/#primaryimage"},"image":{"@id":"https:\/\/cklcomunicaciones.es\/coop\/noticias-info-ckl-no-2717-16-09-22\/#primaryimage"},"thumbnailUrl":"https:\/\/cklcomunicaciones.es\/coop\/wp-content\/uploads\/2025\/01\/CKL-una-mirada-distinta-de-la-comunicacion.jpg","datePublished":"2022-09-16T10:25:09+00:00","dateModified":"2025-02-08T23:40:21+00:00","author":{"@id":"https:\/\/cklcomunicaciones.es\/coop\/#\/schema\/person\/929a6837f7626450bbb50cee1aef266e"},"description":"Noticias Info CKL n\u00ba 2717-16\/09\/22 Bruselas aumentar\u00e1 la escolarizaci\u00f3n infantil para fomentar el empleo femenino * La diferencia salarial entre hombres y mujeres baja en Espa\u00f1a a la mitad en la \u00faltima d\u00e9cada * 15S D\u00eda internacional del Alzheimer: El 63% de las personas afectadas son mujeres * CSIC invita a conocer a las pioneras del mar con Oce\u00e1nicas","breadcrumb":{"@id":"https:\/\/cklcomunicaciones.es\/coop\/noticias-info-ckl-no-2717-16-09-22\/#breadcrumb"},"inLanguage":"es","potentialAction":[{"@type":"ReadAction","target":["https:\/\/cklcomunicaciones.es\/coop\/noticias-info-ckl-no-2717-16-09-22\/"]}]},{"@type":"ImageObject","inLanguage":"es","@id":"https:\/\/cklcomunicaciones.es\/coop\/noticias-info-ckl-no-2717-16-09-22\/#primaryimage","url":"https:\/\/cklcomunicaciones.es\/coop\/wp-content\/uploads\/2025\/01\/CKL-una-mirada-distinta-de-la-comunicacion.jpg","contentUrl":"https:\/\/cklcomunicaciones.es\/coop\/wp-content\/uploads\/2025\/01\/CKL-una-mirada-distinta-de-la-comunicacion.jpg","width":1482,"height":775,"caption":"CKL - una mirada distinta de la comunicacion"},{"@type":"BreadcrumbList","@id":"https:\/\/cklcomunicaciones.es\/coop\/noticias-info-ckl-no-2717-16-09-22\/#breadcrumb","itemListElement":[{"@type":"ListItem","position":1,"name":"Portada","item":"https:\/\/cklcomunicaciones.es\/coop\/"},{"@type":"ListItem","position":2,"name":"Noticias Info CKL n\u00ba 2717-16\/09\/22"}]},{"@type":"WebSite","@id":"https:\/\/cklcomunicaciones.es\/coop\/#website","url":"https:\/\/cklcomunicaciones.es\/coop\/","name":"CKL Comunicaciones","description":"Sitio web de CKL Comunicaciones coop , la consultora de comunicaci\u00f3n y estrategia","potentialAction":[{"@type":"SearchAction","target":{"@type":"EntryPoint","urlTemplate":"https:\/\/cklcomunicaciones.es\/coop\/?s={search_term_string}"},"query-input":{"@type":"PropertyValueSpecification","valueRequired":true,"valueName":"search_term_string"}}],"inLanguage":"es"},{"@type":"Person","@id":"https:\/\/cklcomunicaciones.es\/coop\/#\/schema\/person\/929a6837f7626450bbb50cee1aef266e","name":"ckl","image":{"@type":"ImageObject","inLanguage":"es","@id":"https:\/\/secure.gravatar.com\/avatar\/c82db564e8a669bf6023357a157b9dc4780f4d4c618f2ad1d71a6a5dede45057?s=96&d=mm&r=g","url":"https:\/\/secure.gravatar.com\/avatar\/c82db564e8a669bf6023357a157b9dc4780f4d4c618f2ad1d71a6a5dede45057?s=96&d=mm&r=g","contentUrl":"https:\/\/secure.gravatar.com\/avatar\/c82db564e8a669bf6023357a157b9dc4780f4d4c618f2ad1d71a6a5dede45057?s=96&d=mm&r=g","caption":"ckl"},"url":"https:\/\/cklcomunicaciones.es\/coop\/author\/cklcomunicaciones\/"}]}},"_links":{"self":[{"href":"https:\/\/cklcomunicaciones.es\/coop\/wp-json\/wp\/v2\/posts\/17063","targetHints":{"allow":["GET"]}}],"collection":[{"href":"https:\/\/cklcomunicaciones.es\/coop\/wp-json\/wp\/v2\/posts"}],"about":[{"href":"https:\/\/cklcomunicaciones.es\/coop\/wp-json\/wp\/v2\/types\/post"}],"author":[{"embeddable":true,"href":"https:\/\/cklcomunicaciones.es\/coop\/wp-json\/wp\/v2\/users\/3"}],"replies":[{"embeddable":true,"href":"https:\/\/cklcomunicaciones.es\/coop\/wp-json\/wp\/v2\/comments?post=17063"}],"version-history":[{"count":0,"href":"https:\/\/cklcomunicaciones.es\/coop\/wp-json\/wp\/v2\/posts\/17063\/revisions"}],"wp:featuredmedia":[{"embeddable":true,"href":"https:\/\/cklcomunicaciones.es\/coop\/wp-json\/wp\/v2\/media\/22909"}],"wp:attachment":[{"href":"https:\/\/cklcomunicaciones.es\/coop\/wp-json\/wp\/v2\/media?parent=17063"}],"wp:term":[{"taxonomy":"category","embeddable":true,"href":"https:\/\/cklcomunicaciones.es\/coop\/wp-json\/wp\/v2\/categories?post=17063"},{"taxonomy":"post_tag","embeddable":true,"href":"https:\/\/cklcomunicaciones.es\/coop\/wp-json\/wp\/v2\/tags?post=17063"}],"curies":[{"name":"wp","href":"https:\/\/api.w.org\/{rel}","templated":true}]}}