{"id":17031,"date":"2022-09-14T14:24:30","date_gmt":"2022-09-14T12:24:30","guid":{"rendered":"https:\/\/www.cklcomunicaciones.es\/?p=17031"},"modified":"2025-02-09T00:49:40","modified_gmt":"2025-02-08T23:49:40","slug":"noticias-info-ckl-no-2716-14-09-22","status":"publish","type":"post","link":"https:\/\/cklcomunicaciones.es\/coop\/noticias-info-ckl-no-2716-14-09-22\/","title":{"rendered":"Noticias Info CKL n\u00ba 2716-14\/09\/22"},"content":{"rendered":"<div class=\"fusion-fullwidth fullwidth-box fusion-builder-row-1 fusion-flex-container nonhundred-percent-fullwidth non-hundred-percent-height-scrolling\" style=\"--awb-border-radius-top-left:0px;--awb-border-radius-top-right:0px;--awb-border-radius-bottom-right:0px;--awb-border-radius-bottom-left:0px;--awb-flex-wrap:wrap;\" ><div class=\"fusion-builder-row fusion-row fusion-flex-align-items-flex-start fusion-flex-content-wrap\" style=\"max-width:1248px;margin-left: calc(-4% \/ 2 );margin-right: calc(-4% \/ 2 );\"><div class=\"fusion-layout-column fusion_builder_column fusion-builder-column-0 fusion_builder_column_1_1 1_1 fusion-flex-column\" style=\"--awb-bg-blend:overlay;--awb-bg-size:cover;--awb-width-large:100%;--awb-margin-top-large:0px;--awb-spacing-right-large:1.92%;--awb-margin-bottom-large:0px;--awb-spacing-left-large:1.92%;--awb-width-medium:100%;--awb-spacing-right-medium:1.92%;--awb-spacing-left-medium:1.92%;--awb-width-small:100%;--awb-spacing-right-small:1.92%;--awb-spacing-left-small:1.92%;\"><div class=\"fusion-column-wrapper fusion-flex-justify-content-flex-start fusion-content-layout-column\"><div class=\"fusion-text fusion-text-1\"><div id=\"\" class=\"lsow-panel lsow-active\">\n<h1 class=\"lsow-panel-title\">Convocatorias<\/h1>\n<div class=\"lsow-panel-content\">\n<ul>\n<li tabindex=\"-1\" data-thread-perm-id=\"thread-f:1743857147245968015\" data-legacy-thread-id=\"18336cd6089f3a8f\"><a href=\"http:\/\/tresculturas.org\/actividad\/presentacion-del-libro-cocinar-la-historia-de-la-chef-helene-jawhara-piner\/\" target=\"_blank\" rel=\"noopener\" data-saferedirecturl=\"https:\/\/www.google.com\/url?q=http:\/\/tresculturas.org\/actividad\/presentacion-del-libro-cocinar-la-historia-de-la-chef-helene-jawhara-piner\/&amp;source=gmail&amp;ust=1663226548536000&amp;usg=AOvVaw3vsyExeyxdzIDQmr_5msuv\">Presentaci\u00f3n del libro \u2018Cocinar la Historia\u2019, de H\u00e9l\u00e8ne Jawhara Pi\u00f1er<\/a>. Fundaci\u00f3n Tres Culturas. 19 de septiembre a las 19h.<\/li>\n<li id=\":gh\" class=\"hP\" tabindex=\"-1\" data-thread-perm-id=\"thread-f:1743857147245968015\" data-legacy-thread-id=\"18336cd6089f3a8f\">Presentaci\u00f3n del programa \u00abFomento de Implantaci\u00f3n de Planes de Igualdad en las Empresas Cooperativas\u00bb. Organiza AMECOOP Andaluc\u00eda y el Ayuntamiento de Sevilla. Sevilla, Centro C\u00edvico Las Sirenas, 20 de septiembre, a las 13h<\/li>\n<li><a href=\"https:\/\/fundacionmujeres.es\/informate\/agenda\/?id=4765620\" target=\"_blank\" rel=\"noopener\" data-saferedirecturl=\"https:\/\/www.google.com\/url?q=https:\/\/fundacionmujeres.es\/informate\/agenda\/?id%3D4765620&amp;source=gmail&amp;ust=1663226548536000&amp;usg=AOvVaw2Ee_mVR7PboL8u78ahM-6F\">Curso de Creaci\u00f3n de Empresas<\/a>. Fundaci\u00f3n Mujeres. Del 28 de septiembre al 30 de noviembre.\u00a0<a href=\"https:\/\/docs.google.com\/forms\/d\/e\/1FAIpQLScqK0a-ufQeWfwX6vuB1w_jHdOHvcRB5z8x8u6jQxHz6t2foQ\/viewform\" target=\"_blank\" rel=\"noopener\" data-saferedirecturl=\"https:\/\/www.google.com\/url?q=https:\/\/docs.google.com\/forms\/d\/e\/1FAIpQLScqK0a-ufQeWfwX6vuB1w_jHdOHvcRB5z8x8u6jQxHz6t2foQ\/viewform&amp;source=gmail&amp;ust=1663226548536000&amp;usg=AOvVaw3O6tqmkJshMl1FTc9Dx1FS\">I<span lang=\"zxx\">nscripciones<\/span><\/a><span lang=\"zxx\">\u00a0<\/span><span lang=\"zxx\">(hasta el 22 de septiembre)<\/span><\/li>\n<li><span lang=\"zxx\"><a href=\"https:\/\/aula.colaboratorias.org\/\" target=\"_blank\" rel=\"noopener\" data-saferedirecturl=\"https:\/\/www.google.com\/url?q=https:\/\/aula.colaboratorias.org\/&amp;source=gmail&amp;ust=1663226548536000&amp;usg=AOvVaw0AzV4TPCwV5NVSAWkT6u4l\">Curso &#8216;Lograr la igualdad entre los g\u00e9neros&#8217;<\/a>. Colaboratorias. Del\u00a0<\/span>1 al 30 de octubre (30 horas).\u00a0<a href=\"https:\/\/docs.google.com\/forms\/d\/e\/1FAIpQLSdEqHbsWUjlfzAjDyoHcUPjRfHZX7XeJidpjABw0rWsnt0_EA\/viewform\" target=\"_blank\" rel=\"noopener\" data-saferedirecturl=\"https:\/\/www.google.com\/url?q=https:\/\/docs.google.com\/forms\/d\/e\/1FAIpQLSdEqHbsWUjlfzAjDyoHcUPjRfHZX7XeJidpjABw0rWsnt0_EA\/viewform&amp;source=gmail&amp;ust=1663226548536000&amp;usg=AOvVaw1wFHHHFds5JKS0kXyx3nt4\">Preinscripciones<\/a>\u00a0(requisito residir en las provincias de Granada, Huelva o Sevilla)<\/li>\n<li><span lang=\"zxx\"><a href=\"http:\/\/www.juntadeandalucia.es\/iam\/catalogo\/doc\/convocatorias\/2022-genero\/HU-jornadas-empresarias-paridad.pdf\" target=\"_blank\" rel=\"noopener\" data-saferedirecturl=\"https:\/\/www.google.com\/url?q=http:\/\/www.juntadeandalucia.es\/iam\/catalogo\/doc\/convocatorias\/2022-genero\/HU-jornadas-empresarias-paridad.pdf&amp;source=gmail&amp;ust=1663226548536000&amp;usg=AOvVaw1Hu4AQK2zPXuUrtKZgWKBI\">Jornada &#8216;Paridad de g\u00e9nero, una oportunidad&#8217;<\/a>.\u00a0<\/span><span lang=\"zxx\">FAME \u2013 Empresarias Andaluzas, etc. 28 de septiembre de las 9:30 a 12:30 h.\u00a0<a href=\"https:\/\/docs.google.com\/forms\/d\/e\/1FAIpQLScte9EBg_RL1_i9xidqeKXgntf8cPcWW9wMlSxzF47gQu3IeA\/viewform\" target=\"_blank\" rel=\"noopener\" data-saferedirecturl=\"https:\/\/www.google.com\/url?q=https:\/\/docs.google.com\/forms\/d\/e\/1FAIpQLScte9EBg_RL1_i9xidqeKXgntf8cPcWW9wMlSxzF47gQu3IeA\/viewform&amp;source=gmail&amp;ust=1663226548536000&amp;usg=AOvVaw3Cb9r9_JNh4BVr0mINSpKi\">Inscripciones<\/a><\/span><\/li>\n<li><a href=\"http:\/\/www.juntadeandalucia.es\/iam\/catalogo\/doc\/convocatorias\/2022-genero\/SE-programa-orientacion-laboral-y-acompanamiento.jpeg\" target=\"_blank\" rel=\"noopener prettyPhoto&#091;17031&#093;\" data-saferedirecturl=\"https:\/\/www.google.com\/url?q=http:\/\/www.juntadeandalucia.es\/iam\/catalogo\/doc\/convocatorias\/2022-genero\/SE-programa-orientacion-laboral-y-acompanamiento.jpeg&amp;source=gmail&amp;ust=1663226548536000&amp;usg=AOvVaw2J9KViaWjQGKWKfXeSckUo\">Programa OLA Orientaci\u00f3n Laboral y Acompa\u00f1amiento<\/a>.\u00a0Federaci\u00f3n Andaluza ENLACE. De septiembre a noviembre, una sesi\u00f3n semanal (32 horas). M\u00e1s informaci\u00f3n:\u00a0<a href=\"mailto:orientacionlaboral@f-enlace.org\" target=\"_blank\" rel=\"noopener\">orientacionlaboral@f-enlace.<wbr \/>org<\/a>; 609545687<\/li>\n<li><a href=\"https:\/\/www.sevilla.org\/servicios\/mujer-igualdad\/campanas-de-sensibilizacion\/otono-feminista\/vii-ciclo-otono-feminista-2.022\/jornada-womens-legacy-2022\" target=\"_blank\" rel=\"noopener\" data-saferedirecturl=\"https:\/\/www.google.com\/url?q=https:\/\/www.sevilla.org\/servicios\/mujer-igualdad\/campanas-de-sensibilizacion\/otono-feminista\/vii-ciclo-otono-feminista-2.022\/jornada-womens-legacy-2022&amp;source=gmail&amp;ust=1663226548536000&amp;usg=AOvVaw34Qdqe6SfRoDHcb_ZQhKBs\"><span lang=\"es-ES\">Jo<\/span><span lang=\"es-ES\">rnada \u2018Educar para una cultura universal con el legado de las mujeres\u2019<\/span><\/a><span lang=\"es-ES\">.\u00a0<\/span><span lang=\"es-ES\">Direcci\u00f3n General de Igualdad del Ayuntamiento de Sevilla. 21 de septiembre de 9:00 a 14:00 h.\u00a0<a href=\"https:\/\/form.jotform.com\/Beatriz_beatriz\/21-de-septiembre-d\" target=\"_blank\" rel=\"noopener\" data-saferedirecturl=\"https:\/\/www.google.com\/url?q=https:\/\/form.jotform.com\/Beatriz_beatriz\/21-de-septiembre-d&amp;source=gmail&amp;ust=1663226548536000&amp;usg=AOvVaw1-aMsBHISOWbeGh0oRvQ7M\">Inscripciones<\/a><\/span><\/li>\n<\/ul>\n<\/div>\n<\/div>\n<div id=\"\" class=\"lsow-panel lsow-active\">\n<h1 class=\"lsow-panel-title\">Comunicaci\u00f3n, Publicidad y TICs<\/h1>\n<div class=\"lsow-panel-content\">\n<p><a class=\"title\" href=\"https:\/\/www.nexosdelsur.com\/nota\/178447\" target=\"_blank\" rel=\"noopener\" data-artpy=\"0\" data-author=\"nexosdelsur\">Laboulaye. Lideresas y comunicaci\u00f3n ya convoc\u00f3 a m\u00e1s de 200 mujeres<\/a>-nexosdelsur<br \/>\n<a class=\"title\" href=\"https:\/\/www.elespanol.com\/mujer\/protagonistas\/20220913\/mujer-nunca-discriminacion-ana-nunez-milara-directora-dona\/702679882_0.html\" target=\"_blank\" rel=\"noopener\" data-artpy=\"0\" data-author=\"ESPA\u00d1OL\">\u201cPor ser mujer nunca sufr\u00ed discriminaci\u00f3n, s\u00ed por mi edad\u201d: Ana N\u00fa\u00f1ez-Milara, directora de &#8216;Yo Dona&#8217;<\/a>-elespa\u00f1ol<br \/>\n<a class=\"title\" href=\"https:\/\/cadenaser.com\/castillayleon\/2022\/09\/13\/maite-ruiz-periodista-la-mujer-tiene-mucho-que-decir-en-el-mundo-del-vino-radio-bierzo\/\" target=\"_blank\" rel=\"noopener\" data-artpy=\"0\" data-author=\"Cadena SER\">Maite Ruiz, periodista: &#8216;La mujer tiene mucho que decir en el mundo del vino&#8217;<\/a>-ser<br \/>\n<a class=\"title\" href=\"https:\/\/www.msn.com\/es-es\/news\/espana\/ana-pardo-de-vera-presenta-chantaje-a-una-jueza-e2-80-9clos-casos-aislados-de-corrupci-c3-b3n-no-existen-e2-80-9d\/ar-AA11Nmu8\" target=\"_blank\" rel=\"noopener\" data-artpy=\"0\" data-author=\"ESPA\u00d1OL on MSN\">Ana Pardo de Vera, presenta &#8216;Chantaje a una jueza&#8217;: \u201cLos casos aislados de corrupci\u00f3n no existen\u201d<\/a>-elespa\u00f1ol<br \/>\n<a class=\"title\" href=\"https:\/\/www.msn.com\/es-es\/news\/tecnologia\/superpoderosas-buscamos-m-c3-a1s-presencia-de-mujeres-expertas-en-malditaes\/ar-AA11OfJN\" target=\"_blank\" rel=\"noopener\" data-artpy=\"0\" data-author=\"maldita on MSN\">Superpoderosas: buscamos m\u00e1s presencia de mujeres expertas en Maldita.es<\/a>-maldita<br \/>\n<a href=\"https:\/\/elpais.com\/economia\/2022-09-14\/la-justicia-europea-respalda-el-mayor-castigo-impuesto-en-la-ue-por-vulnerar-la-competencia-multa-de-4125-millones-a-google.html\">La justicia europea respalda el mayor castigo impuesto en la UE por vulnerar la competencia: multa de 4.125 millones a Google<\/a>-elpais<\/p>\n<\/div>\n<\/div>\n<div id=\"\" class=\"lsow-panel lsow-active\">\n<h1 class=\"lsow-panel-title\">Andaluc\u00eda<\/h1>\n<div class=\"lsow-panel-content\">\n<p><b>Econom\u00eda y Empresas<br \/>\n<\/b><a class=\"title\" href=\"https:\/\/www.ideal.es\/almeria\/almeria\/ayuntamiento-valora-positivamente-20220914125847-nt.html\" target=\"_blank\" rel=\"noopener\" data-artpy=\"0\" data-author=\"ideal\">Rosario Soto como presidenta de la Autoridad Portuaria<\/a>-ideal<b><br \/>\n<\/b><a class=\"title\" href=\"https:\/\/www.europapress.es\/andalucia\/sevilla-00357\/noticia-muestra-itinerante-provincia-sevilla-refleja-papel-mujer-trabajadora-desarrollo-rural-20220913195914.html\" target=\"_blank\" rel=\"noopener\" data-artpy=\"0\" data-author=\"Europa Press\">Una muestra itinerante por la provincia de Sevilla refleja el papel de la mujer trabajadora en el desarrollo rural<\/a>-europapress<br \/>\n<a class=\"title\" href=\"https:\/\/www.bolsamania.com\/noticias\/mercados\/economiafinanzas--unicaja-banco-y-los-sindicatos-arrancan-la-negociacion-del-plan-de-igualdad-la-proxima-semana--10706350.html\" target=\"_blank\" rel=\"noopener\" data-artpy=\"0\" data-author=\"Capitalbolsa\">Unicaja Banco y los sindicatos arrancan la negociaci\u00f3n del plan de igualdad la pr\u00f3xima semana<\/a>-bolsamania<b><br \/>\n<\/b><a href=\"https:\/\/www.google.com\/url?rct=j&amp;sa=t&amp;url=https:\/\/www.diariosur.es\/andalucia\/andalucia-economia-empresas-20220912203548-nt.html&amp;ct=ga&amp;cd=CAEYASoTMzI4MzQyNzEzMjAwNDA0OTc3OTIZZDc4ZTU4NzVhMGYxZjJhYzplczplczpFUw&amp;usg=AOvVaw0eoFGrHpIMXfUM-ayi3jNP\" target=\"_blank\" rel=\"noopener\" data-saferedirecturl=\"https:\/\/www.google.com\/url?q=https:\/\/www.google.com\/url?rct%3Dj%26sa%3Dt%26url%3Dhttps:\/\/www.diariosur.es\/andalucia\/andalucia-economia-empresas-20220912203548-nt.html%26ct%3Dga%26cd%3DCAEYASoTMzI4MzQyNzEzMjAwNDA0OTc3OTIZZDc4ZTU4NzVhMGYxZjJhYzplczplczpFUw%26usg%3DAOvVaw0eoFGrHpIMXfUM-ayi3jNP&amp;source=gmail&amp;ust=1663152498053000&amp;usg=AOvVaw0CGKpnxnpGzJxUOCLefMwi\">Andaluc\u00eda se mantiene como l\u00edder en creaci\u00f3n de empresas, aunque crecer\u00e1 menos de lo previsto-\u00a0<\/a><a>Diario Sur<br \/>\n<\/a><a href=\"https:\/\/www.google.com\/url?rct=j&amp;sa=t&amp;url=https:\/\/www.juntadeandalucia.es\/presidencia\/portavoz\/economiayempleo\/174717\/JuntadeAndalucia\/ConsejodeGobierno\/ConsejoAndaluzdelTrabajoAutonomo&amp;ct=ga&amp;cd=CAEYACoUMTgxNTk3MzgyNTUwMDgzMzUzODEyGWQ3OGU1ODc1YTBmMWYyYWM6ZXM6ZXM6RVM&amp;usg=AOvVaw0Sb4YvDMxPiXc1HNJa-tZF\" target=\"_blank\" rel=\"noopener\" data-saferedirecturl=\"https:\/\/www.google.com\/url?q=https:\/\/www.google.com\/url?rct%3Dj%26sa%3Dt%26url%3Dhttps:\/\/www.juntadeandalucia.es\/presidencia\/portavoz\/economiayempleo\/174717\/JuntadeAndalucia\/ConsejodeGobierno\/ConsejoAndaluzdelTrabajoAutonomo%26ct%3Dga%26cd%3DCAEYACoUMTgxNTk3MzgyNTUwMDgzMzUzODEyGWQ3OGU1ODc1YTBmMWYyYWM6ZXM6ZXM6RVM%26usg%3DAOvVaw0Sb4YvDMxPiXc1HNJa-tZF&amp;source=gmail&amp;ust=1663226539842000&amp;usg=AOvVaw31Am1NH1o8ftcf1fNBuj6B\">El Gobierno\u00a0andaluz\u00a0aprueba la constituci\u00f3n del Consejo\u00a0Andaluz del Trabajo Aut\u00f3nomo-\u00a0<\/a><a>juntadeandalucia<br \/>\n<\/a><a class=\"title\" href=\"https:\/\/elcorreoweb.es\/economia\/la-cuota-cero-para-autonomos-en-andalucia-beneficiara-a-50000-trabajadores-BF8070461\" target=\"_blank\" rel=\"noopener\" data-artpy=\"0\" data-author=\"El correo de Andaluc\u00eda\">La &#8216;cuota cero&#8217; para aut\u00f3nomos en Andaluc\u00eda beneficiar\u00e1 a 50.000 trabajadores<\/a>-elcorreodeandalucia<a><br \/>\n<\/a><\/p>\n<p><strong>Actualidad<br \/>\n<\/strong><a class=\"title\" href=\"https:\/\/www.juntadeandalucia.es\/presidencia\/portavoz\/social\/174784\/JuntadeAndalucia\/ConsejeriadeInclusionSocialJuventudFamiliaseIgualdad\/LolesLopez\/CruzRoja\/Tarjetamonedero\" target=\"_blank\" rel=\"noopener\" data-artpy=\"0\" data-author=\"juntadeandalucia.es\">Loles L\u00f3pez destaca la colaboraci\u00f3n de Cruz Roja con el programa de la tarjeta monedero de la Junta<\/a>-juntadeandalucia<br \/>\n<a class=\"title\" href=\"https:\/\/www.europapress.es\/andalucia\/fundacion-unicaja-01059\/noticia-fundacion-unicaja-diputacion-malaga-unen-nuevo-impulsar-cultura-igualdad-emprendimiento-20220914135451.html\" target=\"_blank\" rel=\"noopener\" data-artpy=\"0\" data-author=\"Europa Press\">Fundaci\u00f3n Unicaja y Diputaci\u00f3n de M\u00e1laga se unen de nuevo para impulsar la cultura, la igualdad y el emprendimiento<\/a>-europapress<br \/>\n<a class=\"title\" href=\"https:\/\/www.diariodecadiz.es\/cadiz\/Fundacion-Mujer-lanza-curso-feminismos-profesionales_0_1720029707.html\" target=\"_blank\" rel=\"noopener\" data-artpy=\"0\" data-author=\"Diario de C\u00e1diz\">La Fundaci\u00f3n de la Mujer lanza un curso de feminismos para profesionales<\/a>-diariodecadiz<br \/>\n<a class=\"title\" href=\"https:\/\/www.redaccionmedica.com\/autonomias\/andalucia\/andalucia-diagnostica-casi-5-000-casos-de-cancer-de-pulmon-al-ano-9148\" target=\"_blank\" rel=\"noopener\" data-artpy=\"0\" data-author=\"Redacci\u00f3n M\u00e9dica\">Andaluc\u00eda diagnostica casi 5.000 casos de c\u00e1ncer de pulm\u00f3n al a\u00f1o, el 25,58% corresponde a mujeres-\u00a0<\/a>redacci\u00f3nmedica<br \/>\n<a class=\"title\" href=\"https:\/\/www.diariocordoba.com\/andalucia\/2022\/09\/14\/solicitar-cheque-escolar-100-euros-75411161.html\" target=\"_blank\" rel=\"noopener\" data-artpy=\"0\" data-author=\"Diario C\u00f3rdoba\">C\u00f3mo solicitar el cheque escolar de 100 euros de la Junta de Andaluc\u00eda: requisitos y plazos<\/a>-diariocordoba<strong><br \/>\n<\/strong><\/p>\n<p><strong>Violencias<br \/>\n<\/strong><a class=\"title\" href=\"https:\/\/www.msn.com\/es-es\/sports\/futbol\/simo-jugador-del-c-c3-b3rdoba-cf-detenido-por-presunto-maltrato-f-c3-adsico-a-su-pareja\/ar-AA11MOkk\" target=\"_blank\" rel=\"noopener\" data-artpy=\"0\" data-author=\"Sport on MSN\">Simo, jugador del C\u00f3rdoba CF, detenido por presunto maltrato f\u00edsico a su pareja<\/a>-sport<strong><br \/>\n<\/strong><\/p>\n<p><strong>Cienci<\/strong><strong>a y Cultura<br \/>\n<\/strong><a class=\"title\" href=\"https:\/\/www.cordobabn.com\/articulo\/andalucia\/andalucia-expone-ee-uu-proyecto-europeo-guias-practica-clinica-enfermedades-raras\/20220914080533140894.html\" target=\"_blank\" rel=\"noopener\" data-artpy=\"0\" data-author=\"C\u00f3rdoba Buenas Noticias\">Andaluc\u00eda expone en EE.UU. el proyecto europeo sobre enfermedades raras<\/a>-cordobabuenasnoticias<br \/>\n<a class=\"title\" href=\"https:\/\/www.msn.com\/es-es\/news\/espana\/andaluc-c3-ada-ampl-c3-ada-este-curso-los-programas-relacionados-con-ciencia-y-tecnolog-c3-ada-bajo-la-metodolog-c3-ada-steam\/ar-AA11M6Kg\" target=\"_blank\" rel=\"noopener\" data-artpy=\"0\" data-author=\"Europa Press on MSN\">Andaluc\u00eda ampl\u00eda este curso los programas relacionados con ciencia y tecnolog\u00eda bajo la metodolog\u00eda STEAM<\/a>-europapress<strong><br \/>\n<\/strong><a class=\"title\" href=\"https:\/\/www.msn.com\/es-es\/entertainment\/musica\/el-maestranza-acoge-ocho-propuestas-genuinas-de-grandes-creadoras-flamencas-durante-la-bienal\/ar-AA11LXTp\" target=\"_blank\" rel=\"noopener\" data-artpy=\"0\" data-author=\"20 minutos on MSN\">El Maestranza acoge ocho \u00abpropuestas genuinas\u00bb de \u00abgrandes creadoras flamencas\u00bb durante la Bienal<\/a>-20minutos<br \/>\n<a class=\"title\" href=\"https:\/\/www.granadadigital.es\/patricia-guerrero-presenta-nuevo-espectaculo-deliranza-xxii-bienal-sevilla\/\" target=\"_blank\" rel=\"noopener\" data-artpy=\"0\" data-author=\"Granada Digital\">Patricia Guerrero, Premio Nacional de Danza, presenta su nuevo espect\u00e1culo Deliranza en la XXII Bienal de Sevilla-\u00a0<\/a>granadadigital<br \/>\n<a class=\"title\" href=\"https:\/\/www.canarias7.es\/sociedad\/experimento-franco-mujeres-20220914120941-ntrc.html\" target=\"_blank\" rel=\"noopener\" data-artpy=\"0\" data-author=\"Canarias7\">El experimento de Franco con 50 mujeres en M\u00e1laga: en busca del \u00abgen rojo\u00bb<\/a>-canarias7<br \/>\n<a class=\"title\" href=\"https:\/\/www.cope.es\/emisoras\/andalucia\/granada-provincia\/granada\/noticias\/junta-nuevo-impulso-proyecto-para-relanzar-biblioteca-andalucia-20220914_2287860\" target=\"_blank\" rel=\"noopener\" data-artpy=\"0\" data-author=\"COPE\">La Junta da un nuevo impulso al proyecto para relanzar la Biblioteca de Andaluc\u00eda<\/a>-granadahoy<br \/>\n<a class=\"title\" href=\"https:\/\/www.europapress.es\/turismo\/nacional\/noticia-andalucia-aprueba-proyecto-ley-flamenco-inscribira-bien-interes-cultural-20220913154710.html\" target=\"_blank\" rel=\"noopener\" data-artpy=\"0\" data-author=\"Europa Press\">Andaluc\u00eda aprueba proyecto de Ley del Flamenco, que inscribir\u00e1 como Bien de Inter\u00e9s Cultural<\/a>-europapess<\/p>\n<p><strong>Deportes<br \/>\n<\/strong><a class=\"title\" href=\"https:\/\/www.malagahoy.es\/deportes\/UEFA-experiencia-Andalucia-organizacion-deportivos_0_1720328645.html\" target=\"_blank\" rel=\"noopener\" data-artpy=\"0\" data-author=\"M\u00e1laga Hoy\">La UEFA valora la experiencia de Andaluc\u00eda en la organizaci\u00f3n de grandes eventos deportivos<\/a>-malagahoy<strong><br \/>\n<\/strong><a class=\"title\" href=\"https:\/\/www.diariodecadiz.es\/chiclana\/Carrera-Mujer-volvera-celebrarse-septiembre_0_1720328463.html\" target=\"_blank\" rel=\"noopener\" data-artpy=\"0\" data-author=\"Diario de C\u00e1diz\">La Carrera de la Mujer volver\u00e1 a celebrarse el pr\u00f3ximo 25 de septiembre<\/a>-diariodecadiz<strong><br \/>\n<\/strong><\/p>\n<\/div>\n<\/div>\n<div id=\"\" class=\"lsow-panel lsow-active\">\n<h1 class=\"lsow-panel-title\">Estado<\/h1>\n<div class=\"lsow-panel-content\">\n<p><strong>Institucional<br \/>\n<\/strong><a href=\"https:\/\/www.google.com\/url?rct=j&amp;sa=t&amp;url=https:\/\/www.europapress.es\/ciencia\/noticia-morant-anuncia-plan-igualdad-genero-no-discriminacion-ambitos-ciencia-tecnologia-innovacion-20220913203542.html&amp;ct=ga&amp;cd=CAEYACoUMTQ1Mjk1OTM4MjUwODI1MzE0MDMyGWUxZTc3ZDE1NjA5OGE4ZTM6ZXM6ZXM6RVM&amp;usg=AOvVaw3B_7y8xA4HTE71T9_nWNrs\" target=\"_blank\" rel=\"noopener\" data-saferedirecturl=\"https:\/\/www.google.com\/url?q=https:\/\/www.google.com\/url?rct%3Dj%26sa%3Dt%26url%3Dhttps:\/\/www.europapress.es\/ciencia\/noticia-morant-anuncia-plan-igualdad-genero-no-discriminacion-ambitos-ciencia-tecnologia-innovacion-20220913203542.html%26ct%3Dga%26cd%3DCAEYACoUMTQ1Mjk1OTM4MjUwODI1MzE0MDMyGWUxZTc3ZDE1NjA5OGE4ZTM6ZXM6ZXM6RVM%26usg%3DAOvVaw3B_7y8xA4HTE71T9_nWNrs&amp;source=gmail&amp;ust=1663226548466000&amp;usg=AOvVaw1xIT6skwPlzTMKnQX39gaP\">Morant anuncia un Plan de Igualdad de G\u00e9nero y no discriminaci\u00f3n en los \u00e1mbitos de la ciencia, tecnolog\u00eda e innovaci\u00f3n&#8230; &#8211;\u00a0<\/a>e<a>uropapress<br \/>\n<\/a><a href=\"https:\/\/www.google.com\/url?rct=j&amp;sa=t&amp;url=https:\/\/www.europapress.es\/epsocial\/igualdad\/noticia-consejo-gobierno-amplia-funciones-observatorio-violencia-contra-mujer-mas-alla-genero-20220913200229.html&amp;ct=ga&amp;cd=CAEYACoUMTg0MDUzOTQ2ODYxNzU1NDA5MDcyGTU5ZDc4MTcxMzZhMmQwMjg6ZXM6ZXM6RVM&amp;usg=AOvVaw0RaS7STWkUVnksMxfgSi8S\" target=\"_blank\" rel=\"noopener\" data-saferedirecturl=\"https:\/\/www.google.com\/url?q=https:\/\/www.google.com\/url?rct%3Dj%26sa%3Dt%26url%3Dhttps:\/\/www.europapress.es\/epsocial\/igualdad\/noticia-consejo-gobierno-amplia-funciones-observatorio-violencia-contra-mujer-mas-alla-genero-20220913200229.html%26ct%3Dga%26cd%3DCAEYACoUMTg0MDUzOTQ2ODYxNzU1NDA5MDcyGTU5ZDc4MTcxMzZhMmQwMjg6ZXM6ZXM6RVM%26usg%3DAOvVaw0RaS7STWkUVnksMxfgSi8S&amp;source=gmail&amp;ust=1663226539699000&amp;usg=AOvVaw1sJQk7VQ5NXfxivJfhgvpy\">El Gobierno ampl\u00eda las funciones del Observatorio de Violencia contra la Mujer &#8230;-\u00a0<\/a><a>europapress<br \/>\n<\/a><a class=\"title\" href=\"https:\/\/www.cope.es\/actualidad\/espana\/noticias\/interior-reservara-las-oposiciones-guardia-civil-plazas-para-mujeres-20220914_2288604\" target=\"_blank\" rel=\"noopener\" data-artpy=\"0\" data-author=\"COPE\">Interior reservar\u00e1 en las oposiciones a Guardia Civil plazas para mujeres<\/a>-cope<a><br \/>\n<\/a><\/p>\n<p><strong>Institucional \u2013 CCAA<br \/>\n<\/strong><a href=\"https:\/\/www.google.com\/url?rct=j&amp;sa=t&amp;url=https:\/\/www.elespanol.com\/castilla-y-leon\/region\/segovia\/20220912\/pronatura-anos-motivacion-emocional-economica-emprendedoras-rurales\/702680092_0.html&amp;ct=ga&amp;cd=CAEYECoUMTEwMzM0NTYyMjQwNzk1MTA2MTYyGWMwMzcyZWJjMmZlYWRhNTk6ZXM6ZXM6RVM&amp;usg=AOvVaw3oEk7pIYVdMCW-7xx9HWJ0\" target=\"_blank\" rel=\"noopener\" data-saferedirecturl=\"https:\/\/www.google.com\/url?q=https:\/\/www.google.com\/url?rct%3Dj%26sa%3Dt%26url%3Dhttps:\/\/www.elespanol.com\/castilla-y-leon\/region\/segovia\/20220912\/pronatura-anos-motivacion-emocional-economica-emprendedoras-rurales\/702680092_0.html%26ct%3Dga%26cd%3DCAEYECoUMTEwMzM0NTYyMjQwNzk1MTA2MTYyGWMwMzcyZWJjMmZlYWRhNTk6ZXM6ZXM6RVM%26usg%3DAOvVaw3oEk7pIYVdMCW-7xx9HWJ0&amp;source=gmail&amp;ust=1663152497972000&amp;usg=AOvVaw2J5IvOaLTtKmnreYk306iN\">Pronatura, 25 a\u00f1os de motivaci\u00f3n emocional y econ\u00f3mica para las emprendedoras rurales-\u00a0<\/a><a>El Espa\u00f1ol<br \/>\n<\/a><a href=\"https:\/\/www.google.com\/url?rct=j&amp;sa=t&amp;url=https:\/\/www.20minutos.es\/noticia\/5058054\/0\/generalitat-y-universidades-publicas-colaboran-en-la-movilidad-laboral-de-las-victimas-de-violencia-de-genero\/&amp;ct=ga&amp;cd=CAEYASoTODU5NDY2NzI0MjU0MjAyNzcwMDIZZTJkZWZhN2Q1ZGE5MTU3ZDplczplczpFUw&amp;usg=AOvVaw36igLZFWXV3X1ALq3vZCgr\" target=\"_blank\" rel=\"noopener\" data-saferedirecturl=\"https:\/\/www.google.com\/url?q=https:\/\/www.google.com\/url?rct%3Dj%26sa%3Dt%26url%3Dhttps:\/\/www.20minutos.es\/noticia\/5058054\/0\/generalitat-y-universidades-publicas-colaboran-en-la-movilidad-laboral-de-las-victimas-de-violencia-de-genero\/%26ct%3Dga%26cd%3DCAEYASoTODU5NDY2NzI0MjU0MjAyNzcwMDIZZTJkZWZhN2Q1ZGE5MTU3ZDplczplczpFUw%26usg%3DAOvVaw36igLZFWXV3X1ALq3vZCgr&amp;source=gmail&amp;ust=1663226539776000&amp;usg=AOvVaw3FV1VulkV6Uq8v81PY8B-5\">Generalitat y universidades p\u00fablicas colaboran en la movilidad laboral de las v\u00edctimas de violencia de g\u00e9nero &#8230;-\u00a0<\/a><a>20 Minutos<br \/>\n<\/a><a href=\"https:\/\/www.google.com\/url?rct=j&amp;sa=t&amp;url=https:\/\/www.20minutos.es\/noticia\/5058464\/0\/un-estudio-financiado-por-ibdona-evidencia-las-dificultades-que-sufren-las-mujeres-en-el-ambito-deportivo-balear\/&amp;ct=ga&amp;cd=CAEYBCoUMTY0OTQzMTM5NzkxMzQ3MTQyMjQyGWMwMzcyZWJjMmZlYWRhNTk6ZXM6ZXM6RVM&amp;usg=AOvVaw2x9FYltpWL9rYOkSW2aEN-\" target=\"_blank\" rel=\"noopener\" data-saferedirecturl=\"https:\/\/www.google.com\/url?q=https:\/\/www.google.com\/url?rct%3Dj%26sa%3Dt%26url%3Dhttps:\/\/www.20minutos.es\/noticia\/5058464\/0\/un-estudio-financiado-por-ibdona-evidencia-las-dificultades-que-sufren-las-mujeres-en-el-ambito-deportivo-balear\/%26ct%3Dga%26cd%3DCAEYBCoUMTY0OTQzMTM5NzkxMzQ3MTQyMjQyGWMwMzcyZWJjMmZlYWRhNTk6ZXM6ZXM6RVM%26usg%3DAOvVaw2x9FYltpWL9rYOkSW2aEN-&amp;source=gmail&amp;ust=1663226539924000&amp;usg=AOvVaw1P3a7jiUSmsgfp3J9WP2ei\">Un estudio financiado por IBDona evidencia las dificultades que sufren las\u00a0mujeres en el \u00e1mbito deportivo balear&#8230;-<\/a><a>20minutos<br \/>\n<\/a><a class=\"title\" href=\"https:\/\/www.diariovasco.com\/economia\/urkullu-propone-impulsar-igualdad-empresa-mejor-resultado-20220913144051-nt.html\" target=\"_blank\" rel=\"noopener\" data-artpy=\"0\" data-author=\"Diario\">Urkullu propone impulsar la igualdad en la empresa \u00abpor justicia social\u00bb y para mejorar resultados<\/a>-diario<br \/>\n<a class=\"title\" href=\"https:\/\/www.20minutos.es\/noticia\/5059129\/0\/c-lm-incluira-a-mujeres-que-emprendan-en-las-ciudades-en-las-ayudas-a-la-consolidacion-en-el-segundo-ano-de-actividad\/\" target=\"_blank\" rel=\"noopener\" data-artpy=\"0\" data-author=\"20 minutos\">C-LM incluir\u00e1 a mujeres que emprendan en las ciudades en las ayudas a la consolidaci\u00f3n en el segundo a\u00f1o de actividad<\/a>-20minutos<br \/>\n<a class=\"title\" href=\"https:\/\/www.abc.es\/espana\/cataluna\/economia\/consorcio-zona-franca-abre-empresas-escolares-combatir-20220914125618-nt.html\" target=\"_blank\" rel=\"noopener\" data-artpy=\"0\" data-author=\"ABC\">El Consorcio de la Zona Franca abre las empresas a los escolares para combatir el sesgo de g\u00e9nero en la industria<\/a>-abc<a><br \/>\n<\/a><\/p>\n<p><strong>Econom\u00eda y Empresa<br \/>\n<\/strong><a class=\"title\" href=\"https:\/\/www.europapress.es\/epsocial\/igualdad\/noticia-91-mujeres-desempleadas-familia-monomarental-tiene-dificultad-conciliacion-20220914130901.html\" target=\"_blank\" rel=\"noopener\" data-artpy=\"0\" data-author=\"Europa Press\">El 91% de mujeres desempleadas con una familia monomarental tiene dificultad para la conciliaci\u00f3n<\/a>-europapress<strong><br \/>\n<\/strong><a class=\"title\" href=\"https:\/\/www.vozpopuli.com\/actualidad\/clave-femenina-nueva-generacion-emprendedoras-espanolas-ejemplifican-exito-empresarial.html\" target=\"_blank\" rel=\"noopener\" data-artpy=\"0\" data-author=\"Voz Populi\">En clave femenina: la nueva generaci\u00f3n de emprendedoras espa\u00f1olas que ejemplifican el \u00e9xito empresarial<\/a>-vozpopuli<a><br \/>\n<\/a><\/p>\n<p><strong>Actualidad<br \/>\n<\/strong><a href=\"https:\/\/www.google.com\/url?rct=j&amp;sa=t&amp;url=https:\/\/www.huffingtonpost.es\/entry\/el-78-de-las-jovenes-retrasa-su-maternidad-por-causas-socioeconomicas_es_63208fb7e4b046aa0238f8a1&amp;ct=ga&amp;cd=CAEYAyoUMTY0OTQzMTM5NzkxMzQ3MTQyMjQyGWMwMzcyZWJjMmZlYWRhNTk6ZXM6ZXM6RVM&amp;usg=AOvVaw1_PkZlUHCu8ENJL5QUBZ7o\" target=\"_blank\" rel=\"noopener\" data-saferedirecturl=\"https:\/\/www.google.com\/url?q=https:\/\/www.google.com\/url?rct%3Dj%26sa%3Dt%26url%3Dhttps:\/\/www.huffingtonpost.es\/entry\/el-78-de-las-jovenes-retrasa-su-maternidad-por-causas-socioeconomicas_es_63208fb7e4b046aa0238f8a1%26ct%3Dga%26cd%3DCAEYAyoUMTY0OTQzMTM5NzkxMzQ3MTQyMjQyGWMwMzcyZWJjMmZlYWRhNTk6ZXM6ZXM6RVM%26usg%3DAOvVaw1_PkZlUHCu8ENJL5QUBZ7o&amp;source=gmail&amp;ust=1663226539924000&amp;usg=AOvVaw3OUNVtnhHWCLt9Lm8g31lp\">El 78% de las j\u00f3venes espa\u00f1olas retrasa su maternidad por causas socioecon\u00f3micas-\u00a0<\/a><a>El HuffPost<br \/>\n<\/a><a href=\"https:\/\/www.google.com\/url?rct=j&amp;sa=t&amp;url=https:\/\/maldita.es\/malditodato\/20220913\/bodas-divorcios-espana-mujeres-hombres\/&amp;ct=ga&amp;cd=CAEYIioUMTEwMzM0NTYyMjQwNzk1MTA2MTYyGWMwMzcyZWJjMmZlYWRhNTk6ZXM6ZXM6RVM&amp;usg=AOvVaw1H0AXdUbl-JViu3ZFgnGOH\" target=\"_blank\" rel=\"noopener\" data-saferedirecturl=\"https:\/\/www.google.com\/url?hl=es&amp;q=https:\/\/www.google.com\/url?rct%3Dj%26sa%3Dt%26url%3Dhttps:\/\/maldita.es\/malditodato\/20220913\/bodas-divorcios-espana-mujeres-hombres\/%26ct%3Dga%26cd%3DCAEYIioUMTEwMzM0NTYyMjQwNzk1MTA2MTYyGWMwMzcyZWJjMmZlYWRhNTk6ZXM6ZXM6RVM%26usg%3DAOvVaw1H0AXdUbl-JViu3ZFgnGOH&amp;source=gmail&amp;ust=1663156546829000&amp;usg=AOvVaw1GwhL-Mbmy3f1XbHtPghTI\">Bodas en Espa\u00f1a: las mujeres se casan menos que los hombres despu\u00e9s de divorciarse o enviudar-\u00a0<\/a>maldita<br \/>\n<a href=\"https:\/\/www.google.com\/url?rct=j&amp;sa=t&amp;url=https:\/\/elpais.com\/opinion\/2022-09-12\/el-transporte-publico-ese-lugar-que-no-es-de-ellas.html&amp;ct=ga&amp;cd=CAEYAioTNjExNzI3NTU2OTk0ODEyNzY0NjIZZTJkZWZhN2Q1ZGE5MTU3ZDplczplczpFUw&amp;usg=AOvVaw3namzhwgNiH6esUa7iUm9C\" target=\"_blank\" rel=\"noopener\" data-saferedirecturl=\"https:\/\/www.google.com\/url?q=https:\/\/www.google.com\/url?rct%3Dj%26sa%3Dt%26url%3Dhttps:\/\/elpais.com\/opinion\/2022-09-12\/el-transporte-publico-ese-lugar-que-no-es-de-ellas.html%26ct%3Dga%26cd%3DCAEYAioTNjExNzI3NTU2OTk0ODEyNzY0NjIZZTJkZWZhN2Q1ZGE5MTU3ZDplczplczpFUw%26usg%3DAOvVaw3namzhwgNiH6esUa7iUm9C&amp;source=gmail&amp;ust=1663152497870000&amp;usg=AOvVaw3kcmcHEl7rLVmZ7uzkA5oc\">El transporte p\u00fablico, ese lugar que no es de ellas | Opini\u00f3n &#8211;\u00a0<\/a><a>elpais<br \/>\n<\/a><a class=\"title\" href=\"https:\/\/www.redaccionmedica.com\/secciones\/sanidad-hoy\/espana-roza-los-7-000-casos-de-viruela-del-mono-por-todo-el-territorio-6480\" target=\"_blank\" rel=\"noopener\" data-artpy=\"0\" data-author=\"Redacci\u00f3n M\u00e9dica\">Espa\u00f1a roza los 7.000 casos de viruela del mono por todo el territorio<\/a>-redaccionmedica<br \/>\n<a class=\"title\" href=\"https:\/\/www.msn.com\/es-es\/finance\/formacion-empleo\/un-estudio-se-c3-b1ala-la-falta-de-profesores-varones-como-factor-del-mayor-fracaso-escolar-en-los-chicos\/ar-AA11NmqK\" target=\"_blank\" rel=\"noopener\" data-artpy=\"0\" data-author=\"EL MUNDO on MSN\">Un estudio se\u00f1ala la falta de profesores varones como factor del mayor fracaso escolar en los chicos<\/a>-elmundo<a><br \/>\n<\/a><\/p>\n<p><strong>Violencias<br \/>\n<\/strong><a href=\"https:\/\/www.google.com\/url?rct=j&amp;sa=t&amp;url=https:\/\/www.rtve.es\/noticias\/20220913\/muere-mujer-zaragoza-violenca-machista\/2401976.shtml&amp;ct=ga&amp;cd=CAEYAioUMTQ1Mjk1OTM4MjUwODI1MzE0MDMyGWUxZTc3ZDE1NjA5OGE4ZTM6ZXM6ZXM6RVM&amp;usg=AOvVaw12kJJ0YOaH9-ak_gwRIup9\" target=\"_blank\" rel=\"noopener\" data-saferedirecturl=\"https:\/\/www.google.com\/url?q=https:\/\/www.google.com\/url?rct%3Dj%26sa%3Dt%26url%3Dhttps:\/\/www.rtve.es\/noticias\/20220913\/muere-mujer-zaragoza-violenca-machista\/2401976.shtml%26ct%3Dga%26cd%3DCAEYAioUMTQ1Mjk1OTM4MjUwODI1MzE0MDMyGWUxZTc3ZDE1NjA5OGE4ZTM6ZXM6ZXM6RVM%26usg%3DAOvVaw12kJJ0YOaH9-ak_gwRIup9&amp;source=gmail&amp;ust=1663226548466000&amp;usg=AOvVaw0j2l2ZTO3BAqK2yMGE6m2I\">Asesinada una mujer en un nuevo caso de violencia machista &#8211;<\/a><a>rtve<br \/>\n<\/a><a href=\"https:\/\/www.google.com\/url?rct=j&amp;sa=t&amp;url=https:\/\/www.publico.es\/mujer\/hijos-nietos-principales-autores-feminicidios-mujeres-mayores-60-anos.html&amp;ct=ga&amp;cd=CAEYByoUMTEwMzM0NTYyMjQwNzk1MTA2MTYyGWMwMzcyZWJjMmZlYWRhNTk6ZXM6ZXM6RVM&amp;usg=AOvVaw1UY6jg1cvN2UcVUPAayRy6\" target=\"_blank\" rel=\"noopener\" data-saferedirecturl=\"https:\/\/www.google.com\/url?q=https:\/\/www.google.com\/url?rct%3Dj%26sa%3Dt%26url%3Dhttps:\/\/www.publico.es\/mujer\/hijos-nietos-principales-autores-feminicidios-mujeres-mayores-60-anos.html%26ct%3Dga%26cd%3DCAEYByoUMTEwMzM0NTYyMjQwNzk1MTA2MTYyGWMwMzcyZWJjMmZlYWRhNTk6ZXM6ZXM6RVM%26usg%3DAOvVaw1UY6jg1cvN2UcVUPAayRy6&amp;source=gmail&amp;ust=1663152497969000&amp;usg=AOvVaw0Wm8udVoU-R59y2v5oQ57p\">Hijos y nietos, principales autores de los feminicidios contra mujeres mayores de 60 a\u00f1os-\u00a0<\/a><a>P\u00fablico<br \/>\n<\/a><a href=\"https:\/\/www.google.com\/url?rct=j&amp;sa=t&amp;url=https:\/\/elpais.com\/sociedad\/cuidar-y-ser-cuidado\/2022-09-13\/como-cerrar-la-brecha-territorial-en-la-violencia-de-genero.html&amp;ct=ga&amp;cd=CAEYACoUMTE2NzEyNzcxNzYwNzM3OTE0ODUyGWUyZGVmYTdkNWRhOTE1N2Q6ZXM6ZXM6RVM&amp;usg=AOvVaw02nGOUMno8JBv-9FQ6OxyU\" target=\"_blank\" rel=\"noopener\" data-saferedirecturl=\"https:\/\/www.google.com\/url?q=https:\/\/www.google.com\/url?rct%3Dj%26sa%3Dt%26url%3Dhttps:\/\/elpais.com\/sociedad\/cuidar-y-ser-cuidado\/2022-09-13\/como-cerrar-la-brecha-territorial-en-la-violencia-de-genero.html%26ct%3Dga%26cd%3DCAEYACoUMTE2NzEyNzcxNzYwNzM3OTE0ODUyGWUyZGVmYTdkNWRhOTE1N2Q6ZXM6ZXM6RVM%26usg%3DAOvVaw02nGOUMno8JBv-9FQ6OxyU&amp;source=gmail&amp;ust=1663152497913000&amp;usg=AOvVaw20D1OxtiBTpXVblxoZ6CKU\">C\u00f3mo cerrar la brecha territorial en la\u00a0violencia de g\u00e9nero<\/a>-elpais<br \/>\n<a href=\"https:\/\/www.google.com\/url?rct=j&amp;sa=t&amp;url=https:\/\/www.legaltoday.com\/actualidad-juridica\/noticias-de-derecho\/llega-al-boe-la-reforma-que-impide-a-los-abogados-con-antecedentes-por-maltrato-asistir-a-las-victimas-2022-09-13\/&amp;ct=ga&amp;cd=CAEYACoUMTQyMzAyNjQ4MDg2ODAzNTEzMDcyGWUxZTc3ZDE1NjA5OGE4ZTM6ZXM6ZXM6RVM&amp;usg=AOvVaw2qEUHyyFsC9_fdfMQurvyw\" target=\"_blank\" rel=\"noopener\" data-saferedirecturl=\"https:\/\/www.google.com\/url?q=https:\/\/www.google.com\/url?rct%3Dj%26sa%3Dt%26url%3Dhttps:\/\/www.legaltoday.com\/actualidad-juridica\/noticias-de-derecho\/llega-al-boe-la-reforma-que-impide-a-los-abogados-con-antecedentes-por-maltrato-asistir-a-las-victimas-2022-09-13\/%26ct%3Dga%26cd%3DCAEYACoUMTQyMzAyNjQ4MDg2ODAzNTEzMDcyGWUxZTc3ZDE1NjA5OGE4ZTM6ZXM6ZXM6RVM%26usg%3DAOvVaw2qEUHyyFsC9_fdfMQurvyw&amp;source=gmail&amp;ust=1663152505896000&amp;usg=AOvVaw2Vf3_YhhCH8NPkkkATxhKD\">Llega al BOE la reforma que impide a los abogados con antecedentes por maltrato asistir a las v\u00edctimas &#8230;-<\/a><a>Legal Today<br \/>\n<\/a><a href=\"https:\/\/www.google.com\/url?rct=j&amp;sa=t&amp;url=https:\/\/www.publico.es\/sociedad\/cuatro-alumnos-percibio-acoso-escolar-curso-pasado-2.html&amp;ct=ga&amp;cd=CAEYAyoUMTQ1Mjk1OTM4MjUwODI1MzE0MDMyGWUxZTc3ZDE1NjA5OGE4ZTM6ZXM6ZXM6RVM&amp;usg=AOvVaw2x8qRlIWr39_vsidr_qdmk\" target=\"_blank\" rel=\"noopener\" data-saferedirecturl=\"https:\/\/www.google.com\/url?q=https:\/\/www.google.com\/url?rct%3Dj%26sa%3Dt%26url%3Dhttps:\/\/www.publico.es\/sociedad\/cuatro-alumnos-percibio-acoso-escolar-curso-pasado-2.html%26ct%3Dga%26cd%3DCAEYAyoUMTQ1Mjk1OTM4MjUwODI1MzE0MDMyGWUxZTc3ZDE1NjA5OGE4ZTM6ZXM6ZXM6RVM%26usg%3DAOvVaw2x8qRlIWr39_vsidr_qdmk&amp;source=gmail&amp;ust=1663226548466000&amp;usg=AOvVaw1CTGbZGiLF0V519iQ42Vyd\">Casi uno de cada cuatro alumnos percibi\u00f3 acoso escolar el curso pasado &#8211;<\/a><a>P\u00fablico<\/a><\/p>\n<p><strong>Ciencia y Cultura<br \/>\n<\/strong><a class=\"title\" href=\"https:\/\/theobjective.com\/economia\/2022-09-14\/academia-ingenieria-programadoras-web\/\" target=\"_blank\" rel=\"noopener\" data-artpy=\"0\" data-author=\"The Objective\">La Real Academia de Ingenier\u00eda formar\u00e1 como programadoras web a 1.000 mujeres en paro<\/a>-theobjective<strong><br \/>\n<\/strong><a class=\"title\" href=\"https:\/\/www.ambito.com\/opiniones\/programacion\/cada-vez-mas-mujeres-eligen-el-mundo-la-n5534156\" target=\"_blank\" rel=\"noopener\" data-artpy=\"0\" data-author=\"Ambito Financiero\">Cada vez m\u00e1s mujeres eligen el mundo de la programaci\u00f3n<\/a>-ambito<strong><br \/>\n<\/strong><a href=\"https:\/\/www.google.com\/url?rct=j&amp;sa=t&amp;url=https:\/\/www.lavanguardia.com\/vida\/20220913\/8521308\/mas-400-cientificos-participaran-iii-edicion-noche-iberoamericana-investigadores.html&amp;ct=ga&amp;cd=CAEYAioUMTU2NjE3NDE2MzE3OTkzMzE4NTUyGTU5ZDc4MTcxMzZhMmQwMjg6ZXM6ZXM6RVM&amp;usg=AOvVaw36hORDacTkg9NaYvrJ9TGR\" target=\"_blank\" rel=\"noopener\" data-saferedirecturl=\"https:\/\/www.google.com\/url?q=https:\/\/www.google.com\/url?rct%3Dj%26sa%3Dt%26url%3Dhttps:\/\/www.lavanguardia.com\/vida\/20220913\/8521308\/mas-400-cientificos-participaran-iii-edicion-noche-iberoamericana-investigadores.html%26ct%3Dga%26cd%3DCAEYAioUMTU2NjE3NDE2MzE3OTkzMzE4NTUyGTU5ZDc4MTcxMzZhMmQwMjg6ZXM6ZXM6RVM%26usg%3DAOvVaw36hORDacTkg9NaYvrJ9TGR&amp;source=gmail&amp;ust=1663226539673000&amp;usg=AOvVaw2z2ocrn5_KB8-CIBmHZlfR\">M\u00e1s de 400 cient\u00edficos participar\u00e1n en la III edici\u00f3n de la &#8216;Noche Iberoamericana de los &#8230;-\u00a0<\/a><a>La Vanguardia<br \/>\n<\/a><a href=\"https:\/\/www.google.com\/url?rct=j&amp;sa=t&amp;url=https:\/\/www.europapress.es\/epsocial\/igualdad\/noticia-instituto-mujeres-dara-conocer-cultura-feminista-traves-cine-musica-literatura-20220913174403.html&amp;ct=ga&amp;cd=CAEYACoUMTY0OTQzMTM5NzkxMzQ3MTQyMjQyGWMwMzcyZWJjMmZlYWRhNTk6ZXM6ZXM6RVM&amp;usg=AOvVaw1R1fvz72hV-758hQPSmE3T\" target=\"_blank\" rel=\"noopener\" data-saferedirecturl=\"https:\/\/www.google.com\/url?q=https:\/\/www.google.com\/url?rct%3Dj%26sa%3Dt%26url%3Dhttps:\/\/www.europapress.es\/epsocial\/igualdad\/noticia-instituto-mujeres-dara-conocer-cultura-feminista-traves-cine-musica-literatura-20220913174403.html%26ct%3Dga%26cd%3DCAEYACoUMTY0OTQzMTM5NzkxMzQ3MTQyMjQyGWMwMzcyZWJjMmZlYWRhNTk6ZXM6ZXM6RVM%26usg%3DAOvVaw1R1fvz72hV-758hQPSmE3T&amp;source=gmail&amp;ust=1663226539923000&amp;usg=AOvVaw1TXAkfWxsJsKj86DpNfJrF\">El Instituto\u00a0de las\u00a0Mujeres dar\u00e1 a conocer la cultura feminista a trav\u00e9s del cine, la musica o &#8230;-\u00a0<\/a><a>Europa Press<br \/>\n<\/a><a href=\"https:\/\/elpais.com\/cultura\/2022-09-13\/alcarras-de-carla-simon-representara-a-espana-en-los-oscar.html\">\u2018Alcarr\u00e0s\u2019, de Carla Sim\u00f3n, representar\u00e1 a Espa\u00f1a en los Oscar<\/a>-elpais<br \/>\n<a class=\"title\" href=\"https:\/\/www.mondosonoro.com\/noticias-actualidad-musical\/primera-edicion-mujeres-patrimonio\/\" target=\"_blank\" rel=\"noopener\" data-artpy=\"0\" data-author=\"MonDoSonoro.com\">Llega la primera edici\u00f3n del festival Mujeres, Patrimonio<\/a>-mondosonoro<a><br \/>\n<\/a><a class=\"title\" href=\"https:\/\/www.msn.com\/es-es\/news\/otras\/solo-una-mujer-en-el-top-50-del-mercado-mundial-del-arte-c2-bfpor-qu-c3-a9-se-paga-m-c3-a1s-a-los-hombres\/ar-AA11rjaj\" target=\"_blank\" rel=\"noopener\" data-artpy=\"0\" data-author=\"ESPA\u00d1OL on MSN\">Solo una mujer en el Top 50 del mercado mundial del arte: \u00bfpor qu\u00e9 se paga m\u00e1s a los hombres?-\u00a0<\/a><a>msn<\/a><\/p>\n<p><strong>Deporte<br \/>\n<\/strong><a class=\"title\" href=\"https:\/\/www.canalsur.es\/noticias\/deportes\/la-lucha-de-las-arbitras-por-unas-condiciones-dignas-de-trabajo\/1854841.html\" target=\"_blank\" rel=\"noopener\" data-artpy=\"0\" data-author=\"alacarta.canalsur.es\">La lucha de las \u00e1rbitras por unas \u00abcondiciones dignas\u00bb de trabajo<\/a>-canalsur<br \/>\n<a class=\"title\" href=\"https:\/\/www.europapress.es\/deportes\/noticia-ufec-organiza-primer-congreso-internacional-mujer-deporte-dias-15-16-septiembre-20220913205116.html\" target=\"_blank\" rel=\"noopener\" data-artpy=\"0\" data-author=\"Europa Press\">La UFEC organiza el primer Congreso Internacional de la Mujer en el Deporte los d\u00edas 15 y 16 de septiembre<\/a>-europapress<strong><br \/>\n<\/strong><\/p>\n<\/div>\n<\/div>\n<div id=\"\" class=\"lsow-panel lsow-active\">\n<h1 class=\"lsow-panel-title\">Internacional<\/h1>\n<div class=\"lsow-panel-content\">\n<p><a class=\"title\" href=\"https:\/\/www.huffingtonpost.es\/entry\/discurso-estado-union-europea-2022-von-der-leyen-soteu_es_632177bde4b046aa0239ead1\" target=\"_blank\" rel=\"noopener\" data-artpy=\"0\" data-author=\"Huffington Post\">Von der Leyen, Presidenta de la Comisi\u00f3n Europea: \u00abSe nos est\u00e1 poniendo a prueba, pero con el valor y solidaridad necesarios, Putin fracasar\u00e1\u00bb-\u00a0<\/a>huffingtonpost<br \/>\n<a class=\"title\" href=\"https:\/\/www.lavanguardia.com\/internacional\/20220914\/8522730\/ultraderechista-giorgia-meloni-primera-mujer-gobernar-italia.html\" target=\"_blank\" rel=\"noopener\" data-artpy=\"0\" data-author=\"La Vanguardia\">La ultraderechista Giorgia Meloni puede ser la primera mujer en gobernar Italia<\/a>-lavanguardia<br \/>\n<a class=\"title\" href=\"https:\/\/www.eldiario.es\/economia\/esclavitud-no-problema-pasado-aumentando-alcanza-50-millones-personas-mundo_1_9310704.html\" target=\"_blank\" rel=\"noopener\" data-artpy=\"0\" data-author=\"eldiario.es\">La esclavitud no es un problema del pasado: est\u00e1 aumentando y alcanza a 50 millones de personas en el mundo<\/a>-eldiario<br \/>\n<a href=\"https:\/\/www.google.com\/url?rct=j&amp;sa=t&amp;url=https:\/\/www.latribuna.hn\/2022\/09\/12\/biden-designa-a-la-primera-mujer-directora-del-instituto-nacional-del-cancer\/&amp;ct=ga&amp;cd=CAEYBSoUMTEwMzM0NTYyMjQwNzk1MTA2MTYyGWMwMzcyZWJjMmZlYWRhNTk6ZXM6ZXM6RVM&amp;usg=AOvVaw0DKSGXf2tKsuvIESp6JTFm\" target=\"_blank\" rel=\"noopener\" data-saferedirecturl=\"https:\/\/www.google.com\/url?q=https:\/\/www.google.com\/url?rct%3Dj%26sa%3Dt%26url%3Dhttps:\/\/www.latribuna.hn\/2022\/09\/12\/biden-designa-a-la-primera-mujer-directora-del-instituto-nacional-del-cancer\/%26ct%3Dga%26cd%3DCAEYBSoUMTEwMzM0NTYyMjQwNzk1MTA2MTYyGWMwMzcyZWJjMmZlYWRhNTk6ZXM6ZXM6RVM%26usg%3DAOvVaw0DKSGXf2tKsuvIESp6JTFm&amp;source=gmail&amp;ust=1663152497969000&amp;usg=AOvVaw2eAyKw-wC8XgejrfejGYxa\">Biden designa a M\u00f3nica Bertagnolli\u00a0 la primera mujer\u00a0directora del\u00a0Instituto Nacional del C\u00e1ncer-\u00a0<\/a><a>Diario La Tribuna<br \/>\n<\/a><a class=\"title\" href=\"https:\/\/www.20minutos.es\/mujer\/mas-mujer\/una-mujer-europea-por-primera-vez-es-comandante-de-la-estacion-espacial-internacional-5058912\/\" target=\"_blank\" rel=\"noopener\" data-artpy=\"0\" data-author=\"20 minutos\">Una mujer europea, por primera vez comandante de la Estaci\u00f3n Espacial Internacional<\/a>-20minutos<a><br \/>\n<\/a><a href=\"https:\/\/www.google.com\/url?rct=j&amp;sa=t&amp;url=https:\/\/www.informador.mx\/internacional\/Afganistan-Activistas-afganas-denuncian-que-el-mundo-las-abandono-ante-el-apartheid-de-genero-20220912-0088.html&amp;ct=ga&amp;cd=CAEYDioTOTA5NzM2NjMxMTQ5ODU3MTk2MDIZNTlkNzgxNzEzNmEyZDAyODplczplczpFUw&amp;usg=AOvVaw3ldYGE-bAHl4Pgbq_4mgZI\" target=\"_blank\" rel=\"noopener\" data-saferedirecturl=\"https:\/\/www.google.com\/url?q=https:\/\/www.google.com\/url?rct%3Dj%26sa%3Dt%26url%3Dhttps:\/\/www.informador.mx\/internacional\/Afganistan-Activistas-afganas-denuncian-que-el-mundo-las-abandono-ante-el-apartheid-de-genero-20220912-0088.html%26ct%3Dga%26cd%3DCAEYDioTOTA5NzM2NjMxMTQ5ODU3MTk2MDIZNTlkNzgxNzEzNmEyZDAyODplczplczpFUw%26usg%3DAOvVaw3ldYGE-bAHl4Pgbq_4mgZI&amp;source=gmail&amp;ust=1663152497817000&amp;usg=AOvVaw3uRX1RTH5ebH72vIRuaFCO\">Activistas afganas denuncian que el mundo las abandon\u00f3 ante el \u00abapartheid de\u00a0g\u00e9nero\u00bb-\u00a0<\/a><a>El Informador<br \/>\n<\/a><a href=\"https:\/\/elpais.com\/cultura\/2022-09-14\/muere-la-legendaria-actriz-griega-irene-papas.html\">Muere la legendaria actriz griega Irene Papas<\/a>-elpais<\/p>\n<\/div>\n<\/div>\n<\/div><\/div><\/div><\/div><\/div>\n","protected":false},"excerpt":{"rendered":"<p>El 78% de j\u00f3venes espa\u00f1olas retrasa su maternidad por causas socioecon\u00f3micas * La esclavitud no es un problema del pasado: est\u00e1 aumentando y alcanza a 50 mill. de personas en el mundo * Alcarr\u00e0s de Carla Sim\u00f3n, representar\u00e1 a Espa\u00f1a en los Oscar * La lucha de las \u00e1rbitras por unas condiciones dignas de trabajo<\/p>\n","protected":false},"author":3,"featured_media":22909,"comment_status":"closed","ping_status":"closed","sticky":false,"template":"","format":"standard","meta":{"footnotes":""},"categories":[298,621],"tags":[142,307,88,140],"class_list":["post-17031","post","type-post","status-publish","format-standard","has-post-thumbnail","hentry","category-newsletter","category-nwl-3-0","tag-conciliacion","tag-esclavitud","tag-maternidad","tag-monoparentales"],"yoast_head":"<!-- This site is optimized with the Yoast SEO plugin v27.5 - https:\/\/yoast.com\/product\/yoast-seo-wordpress\/ -->\n<title>Noticias Info CKL n\u00ba 2716-14\/09\/22 -Comunicar con perspectiva de g\u00e9nero<\/title>\n<meta name=\"description\" content=\"Noticias Info CKL n\u00ba 2716-14\/09\/22 El 78% de j\u00f3venes espa\u00f1olas retrasa su maternidad por causas socioecon\u00f3micas * La esclavitud no es un problema del pasado: est\u00e1 aumentando y alcanza a 50 mill. de personas en el mundo * Alcarr\u00e0s de Carla Sim\u00f3n, representar\u00e1 a Espa\u00f1a en los Oscar * La lucha de las \u00e1rbitras por unas condiciones dignas de trabajo\" \/>\n<meta name=\"robots\" content=\"index, follow, max-snippet:-1, max-image-preview:large, max-video-preview:-1\" \/>\n<link rel=\"canonical\" href=\"https:\/\/cklcomunicaciones.es\/coop\/noticias-info-ckl-no-2716-14-09-22\/\" \/>\n<meta property=\"og:locale\" content=\"es_ES\" \/>\n<meta property=\"og:type\" content=\"article\" \/>\n<meta property=\"og:title\" content=\"Noticias Info CKL n\u00ba 2716-14\/09\/22 -Comunicar con perspectiva de g\u00e9nero\" \/>\n<meta property=\"og:description\" content=\"Noticias Info CKL n\u00ba 2716-14\/09\/22 El 78% de j\u00f3venes espa\u00f1olas retrasa su maternidad por causas socioecon\u00f3micas * La esclavitud no es un problema del pasado: est\u00e1 aumentando y alcanza a 50 mill. de personas en el mundo * Alcarr\u00e0s de Carla Sim\u00f3n, representar\u00e1 a Espa\u00f1a en los Oscar * La lucha de las \u00e1rbitras por unas condiciones dignas de trabajo\" \/>\n<meta property=\"og:url\" content=\"https:\/\/cklcomunicaciones.es\/coop\/noticias-info-ckl-no-2716-14-09-22\/\" \/>\n<meta property=\"og:site_name\" content=\"CKL Comunicaciones\" \/>\n<meta property=\"article:published_time\" content=\"2022-09-14T12:24:30+00:00\" \/>\n<meta property=\"article:modified_time\" content=\"2025-02-08T23:49:40+00:00\" \/>\n<meta property=\"og:image\" content=\"https:\/\/cklcomunicaciones.es\/coop\/wp-content\/uploads\/2025\/01\/CKL-una-mirada-distinta-de-la-comunicacion.jpg\" \/>\n\t<meta property=\"og:image:width\" content=\"1482\" \/>\n\t<meta property=\"og:image:height\" content=\"775\" \/>\n\t<meta property=\"og:image:type\" content=\"image\/jpeg\" \/>\n<meta name=\"author\" content=\"ckl\" \/>\n<meta name=\"twitter:card\" content=\"summary_large_image\" \/>\n<meta name=\"twitter:label1\" content=\"Escrito por\" \/>\n\t<meta name=\"twitter:data1\" content=\"ckl\" \/>\n\t<meta name=\"twitter:label2\" content=\"Tiempo de lectura\" \/>\n\t<meta name=\"twitter:data2\" content=\"7 minutos\" \/>\n<script type=\"application\/ld+json\" class=\"yoast-schema-graph\">{\"@context\":\"https:\\\/\\\/schema.org\",\"@graph\":[{\"@type\":\"Article\",\"@id\":\"https:\\\/\\\/cklcomunicaciones.es\\\/coop\\\/noticias-info-ckl-no-2716-14-09-22\\\/#article\",\"isPartOf\":{\"@id\":\"https:\\\/\\\/cklcomunicaciones.es\\\/coop\\\/noticias-info-ckl-no-2716-14-09-22\\\/\"},\"author\":{\"name\":\"ckl\",\"@id\":\"https:\\\/\\\/cklcomunicaciones.es\\\/coop\\\/#\\\/schema\\\/person\\\/929a6837f7626450bbb50cee1aef266e\"},\"headline\":\"Noticias Info CKL n\u00ba 2716-14\\\/09\\\/22\",\"datePublished\":\"2022-09-14T12:24:30+00:00\",\"dateModified\":\"2025-02-08T23:49:40+00:00\",\"mainEntityOfPage\":{\"@id\":\"https:\\\/\\\/cklcomunicaciones.es\\\/coop\\\/noticias-info-ckl-no-2716-14-09-22\\\/\"},\"wordCount\":1398,\"image\":{\"@id\":\"https:\\\/\\\/cklcomunicaciones.es\\\/coop\\\/noticias-info-ckl-no-2716-14-09-22\\\/#primaryimage\"},\"thumbnailUrl\":\"https:\\\/\\\/cklcomunicaciones.es\\\/coop\\\/wp-content\\\/uploads\\\/2025\\\/01\\\/CKL-una-mirada-distinta-de-la-comunicacion.jpg\",\"keywords\":[\"conciliaci\u00f3n\",\"esclavitud\",\"maternidad\",\"monoparentales\"],\"articleSection\":[\"Newsletter\",\"Nwl v3.0\"],\"inLanguage\":\"es\"},{\"@type\":\"WebPage\",\"@id\":\"https:\\\/\\\/cklcomunicaciones.es\\\/coop\\\/noticias-info-ckl-no-2716-14-09-22\\\/\",\"url\":\"https:\\\/\\\/cklcomunicaciones.es\\\/coop\\\/noticias-info-ckl-no-2716-14-09-22\\\/\",\"name\":\"Noticias Info CKL n\u00ba 2716-14\\\/09\\\/22 -Comunicar con perspectiva de g\u00e9nero\",\"isPartOf\":{\"@id\":\"https:\\\/\\\/cklcomunicaciones.es\\\/coop\\\/#website\"},\"primaryImageOfPage\":{\"@id\":\"https:\\\/\\\/cklcomunicaciones.es\\\/coop\\\/noticias-info-ckl-no-2716-14-09-22\\\/#primaryimage\"},\"image\":{\"@id\":\"https:\\\/\\\/cklcomunicaciones.es\\\/coop\\\/noticias-info-ckl-no-2716-14-09-22\\\/#primaryimage\"},\"thumbnailUrl\":\"https:\\\/\\\/cklcomunicaciones.es\\\/coop\\\/wp-content\\\/uploads\\\/2025\\\/01\\\/CKL-una-mirada-distinta-de-la-comunicacion.jpg\",\"datePublished\":\"2022-09-14T12:24:30+00:00\",\"dateModified\":\"2025-02-08T23:49:40+00:00\",\"author\":{\"@id\":\"https:\\\/\\\/cklcomunicaciones.es\\\/coop\\\/#\\\/schema\\\/person\\\/929a6837f7626450bbb50cee1aef266e\"},\"description\":\"Noticias Info CKL n\u00ba 2716-14\\\/09\\\/22 El 78% de j\u00f3venes espa\u00f1olas retrasa su maternidad por causas socioecon\u00f3micas * La esclavitud no es un problema del pasado: est\u00e1 aumentando y alcanza a 50 mill. de personas en el mundo * Alcarr\u00e0s de Carla Sim\u00f3n, representar\u00e1 a Espa\u00f1a en los Oscar * La lucha de las \u00e1rbitras por unas condiciones dignas de trabajo\",\"breadcrumb\":{\"@id\":\"https:\\\/\\\/cklcomunicaciones.es\\\/coop\\\/noticias-info-ckl-no-2716-14-09-22\\\/#breadcrumb\"},\"inLanguage\":\"es\",\"potentialAction\":[{\"@type\":\"ReadAction\",\"target\":[\"https:\\\/\\\/cklcomunicaciones.es\\\/coop\\\/noticias-info-ckl-no-2716-14-09-22\\\/\"]}]},{\"@type\":\"ImageObject\",\"inLanguage\":\"es\",\"@id\":\"https:\\\/\\\/cklcomunicaciones.es\\\/coop\\\/noticias-info-ckl-no-2716-14-09-22\\\/#primaryimage\",\"url\":\"https:\\\/\\\/cklcomunicaciones.es\\\/coop\\\/wp-content\\\/uploads\\\/2025\\\/01\\\/CKL-una-mirada-distinta-de-la-comunicacion.jpg\",\"contentUrl\":\"https:\\\/\\\/cklcomunicaciones.es\\\/coop\\\/wp-content\\\/uploads\\\/2025\\\/01\\\/CKL-una-mirada-distinta-de-la-comunicacion.jpg\",\"width\":1482,\"height\":775,\"caption\":\"CKL - una mirada distinta de la comunicacion\"},{\"@type\":\"BreadcrumbList\",\"@id\":\"https:\\\/\\\/cklcomunicaciones.es\\\/coop\\\/noticias-info-ckl-no-2716-14-09-22\\\/#breadcrumb\",\"itemListElement\":[{\"@type\":\"ListItem\",\"position\":1,\"name\":\"Portada\",\"item\":\"https:\\\/\\\/cklcomunicaciones.es\\\/coop\\\/\"},{\"@type\":\"ListItem\",\"position\":2,\"name\":\"Noticias Info CKL n\u00ba 2716-14\\\/09\\\/22\"}]},{\"@type\":\"WebSite\",\"@id\":\"https:\\\/\\\/cklcomunicaciones.es\\\/coop\\\/#website\",\"url\":\"https:\\\/\\\/cklcomunicaciones.es\\\/coop\\\/\",\"name\":\"CKL Comunicaciones\",\"description\":\"Sitio web de CKL Comunicaciones coop , la consultora de comunicaci\u00f3n y estrategia\",\"potentialAction\":[{\"@type\":\"SearchAction\",\"target\":{\"@type\":\"EntryPoint\",\"urlTemplate\":\"https:\\\/\\\/cklcomunicaciones.es\\\/coop\\\/?s={search_term_string}\"},\"query-input\":{\"@type\":\"PropertyValueSpecification\",\"valueRequired\":true,\"valueName\":\"search_term_string\"}}],\"inLanguage\":\"es\"},{\"@type\":\"Person\",\"@id\":\"https:\\\/\\\/cklcomunicaciones.es\\\/coop\\\/#\\\/schema\\\/person\\\/929a6837f7626450bbb50cee1aef266e\",\"name\":\"ckl\",\"image\":{\"@type\":\"ImageObject\",\"inLanguage\":\"es\",\"@id\":\"https:\\\/\\\/secure.gravatar.com\\\/avatar\\\/c82db564e8a669bf6023357a157b9dc4780f4d4c618f2ad1d71a6a5dede45057?s=96&d=mm&r=g\",\"url\":\"https:\\\/\\\/secure.gravatar.com\\\/avatar\\\/c82db564e8a669bf6023357a157b9dc4780f4d4c618f2ad1d71a6a5dede45057?s=96&d=mm&r=g\",\"contentUrl\":\"https:\\\/\\\/secure.gravatar.com\\\/avatar\\\/c82db564e8a669bf6023357a157b9dc4780f4d4c618f2ad1d71a6a5dede45057?s=96&d=mm&r=g\",\"caption\":\"ckl\"},\"url\":\"https:\\\/\\\/cklcomunicaciones.es\\\/coop\\\/author\\\/cklcomunicaciones\\\/\"}]}<\/script>\n<!-- \/ Yoast SEO plugin. -->","yoast_head_json":{"title":"Noticias Info CKL n\u00ba 2716-14\/09\/22 -Comunicar con perspectiva de g\u00e9nero","description":"Noticias Info CKL n\u00ba 2716-14\/09\/22 El 78% de j\u00f3venes espa\u00f1olas retrasa su maternidad por causas socioecon\u00f3micas * La esclavitud no es un problema del pasado: est\u00e1 aumentando y alcanza a 50 mill. de personas en el mundo * Alcarr\u00e0s de Carla Sim\u00f3n, representar\u00e1 a Espa\u00f1a en los Oscar * La lucha de las \u00e1rbitras por unas condiciones dignas de trabajo","robots":{"index":"index","follow":"follow","max-snippet":"max-snippet:-1","max-image-preview":"max-image-preview:large","max-video-preview":"max-video-preview:-1"},"canonical":"https:\/\/cklcomunicaciones.es\/coop\/noticias-info-ckl-no-2716-14-09-22\/","og_locale":"es_ES","og_type":"article","og_title":"Noticias Info CKL n\u00ba 2716-14\/09\/22 -Comunicar con perspectiva de g\u00e9nero","og_description":"Noticias Info CKL n\u00ba 2716-14\/09\/22 El 78% de j\u00f3venes espa\u00f1olas retrasa su maternidad por causas socioecon\u00f3micas * La esclavitud no es un problema del pasado: est\u00e1 aumentando y alcanza a 50 mill. de personas en el mundo * Alcarr\u00e0s de Carla Sim\u00f3n, representar\u00e1 a Espa\u00f1a en los Oscar * La lucha de las \u00e1rbitras por unas condiciones dignas de trabajo","og_url":"https:\/\/cklcomunicaciones.es\/coop\/noticias-info-ckl-no-2716-14-09-22\/","og_site_name":"CKL Comunicaciones","article_published_time":"2022-09-14T12:24:30+00:00","article_modified_time":"2025-02-08T23:49:40+00:00","og_image":[{"width":1482,"height":775,"url":"https:\/\/cklcomunicaciones.es\/coop\/wp-content\/uploads\/2025\/01\/CKL-una-mirada-distinta-de-la-comunicacion.jpg","type":"image\/jpeg"}],"author":"ckl","twitter_card":"summary_large_image","twitter_misc":{"Escrito por":"ckl","Tiempo de lectura":"7 minutos"},"schema":{"@context":"https:\/\/schema.org","@graph":[{"@type":"Article","@id":"https:\/\/cklcomunicaciones.es\/coop\/noticias-info-ckl-no-2716-14-09-22\/#article","isPartOf":{"@id":"https:\/\/cklcomunicaciones.es\/coop\/noticias-info-ckl-no-2716-14-09-22\/"},"author":{"name":"ckl","@id":"https:\/\/cklcomunicaciones.es\/coop\/#\/schema\/person\/929a6837f7626450bbb50cee1aef266e"},"headline":"Noticias Info CKL n\u00ba 2716-14\/09\/22","datePublished":"2022-09-14T12:24:30+00:00","dateModified":"2025-02-08T23:49:40+00:00","mainEntityOfPage":{"@id":"https:\/\/cklcomunicaciones.es\/coop\/noticias-info-ckl-no-2716-14-09-22\/"},"wordCount":1398,"image":{"@id":"https:\/\/cklcomunicaciones.es\/coop\/noticias-info-ckl-no-2716-14-09-22\/#primaryimage"},"thumbnailUrl":"https:\/\/cklcomunicaciones.es\/coop\/wp-content\/uploads\/2025\/01\/CKL-una-mirada-distinta-de-la-comunicacion.jpg","keywords":["conciliaci\u00f3n","esclavitud","maternidad","monoparentales"],"articleSection":["Newsletter","Nwl v3.0"],"inLanguage":"es"},{"@type":"WebPage","@id":"https:\/\/cklcomunicaciones.es\/coop\/noticias-info-ckl-no-2716-14-09-22\/","url":"https:\/\/cklcomunicaciones.es\/coop\/noticias-info-ckl-no-2716-14-09-22\/","name":"Noticias Info CKL n\u00ba 2716-14\/09\/22 -Comunicar con perspectiva de g\u00e9nero","isPartOf":{"@id":"https:\/\/cklcomunicaciones.es\/coop\/#website"},"primaryImageOfPage":{"@id":"https:\/\/cklcomunicaciones.es\/coop\/noticias-info-ckl-no-2716-14-09-22\/#primaryimage"},"image":{"@id":"https:\/\/cklcomunicaciones.es\/coop\/noticias-info-ckl-no-2716-14-09-22\/#primaryimage"},"thumbnailUrl":"https:\/\/cklcomunicaciones.es\/coop\/wp-content\/uploads\/2025\/01\/CKL-una-mirada-distinta-de-la-comunicacion.jpg","datePublished":"2022-09-14T12:24:30+00:00","dateModified":"2025-02-08T23:49:40+00:00","author":{"@id":"https:\/\/cklcomunicaciones.es\/coop\/#\/schema\/person\/929a6837f7626450bbb50cee1aef266e"},"description":"Noticias Info CKL n\u00ba 2716-14\/09\/22 El 78% de j\u00f3venes espa\u00f1olas retrasa su maternidad por causas socioecon\u00f3micas * La esclavitud no es un problema del pasado: est\u00e1 aumentando y alcanza a 50 mill. de personas en el mundo * Alcarr\u00e0s de Carla Sim\u00f3n, representar\u00e1 a Espa\u00f1a en los Oscar * La lucha de las \u00e1rbitras por unas condiciones dignas de trabajo","breadcrumb":{"@id":"https:\/\/cklcomunicaciones.es\/coop\/noticias-info-ckl-no-2716-14-09-22\/#breadcrumb"},"inLanguage":"es","potentialAction":[{"@type":"ReadAction","target":["https:\/\/cklcomunicaciones.es\/coop\/noticias-info-ckl-no-2716-14-09-22\/"]}]},{"@type":"ImageObject","inLanguage":"es","@id":"https:\/\/cklcomunicaciones.es\/coop\/noticias-info-ckl-no-2716-14-09-22\/#primaryimage","url":"https:\/\/cklcomunicaciones.es\/coop\/wp-content\/uploads\/2025\/01\/CKL-una-mirada-distinta-de-la-comunicacion.jpg","contentUrl":"https:\/\/cklcomunicaciones.es\/coop\/wp-content\/uploads\/2025\/01\/CKL-una-mirada-distinta-de-la-comunicacion.jpg","width":1482,"height":775,"caption":"CKL - una mirada distinta de la comunicacion"},{"@type":"BreadcrumbList","@id":"https:\/\/cklcomunicaciones.es\/coop\/noticias-info-ckl-no-2716-14-09-22\/#breadcrumb","itemListElement":[{"@type":"ListItem","position":1,"name":"Portada","item":"https:\/\/cklcomunicaciones.es\/coop\/"},{"@type":"ListItem","position":2,"name":"Noticias Info CKL n\u00ba 2716-14\/09\/22"}]},{"@type":"WebSite","@id":"https:\/\/cklcomunicaciones.es\/coop\/#website","url":"https:\/\/cklcomunicaciones.es\/coop\/","name":"CKL Comunicaciones","description":"Sitio web de CKL Comunicaciones coop , la consultora de comunicaci\u00f3n y estrategia","potentialAction":[{"@type":"SearchAction","target":{"@type":"EntryPoint","urlTemplate":"https:\/\/cklcomunicaciones.es\/coop\/?s={search_term_string}"},"query-input":{"@type":"PropertyValueSpecification","valueRequired":true,"valueName":"search_term_string"}}],"inLanguage":"es"},{"@type":"Person","@id":"https:\/\/cklcomunicaciones.es\/coop\/#\/schema\/person\/929a6837f7626450bbb50cee1aef266e","name":"ckl","image":{"@type":"ImageObject","inLanguage":"es","@id":"https:\/\/secure.gravatar.com\/avatar\/c82db564e8a669bf6023357a157b9dc4780f4d4c618f2ad1d71a6a5dede45057?s=96&d=mm&r=g","url":"https:\/\/secure.gravatar.com\/avatar\/c82db564e8a669bf6023357a157b9dc4780f4d4c618f2ad1d71a6a5dede45057?s=96&d=mm&r=g","contentUrl":"https:\/\/secure.gravatar.com\/avatar\/c82db564e8a669bf6023357a157b9dc4780f4d4c618f2ad1d71a6a5dede45057?s=96&d=mm&r=g","caption":"ckl"},"url":"https:\/\/cklcomunicaciones.es\/coop\/author\/cklcomunicaciones\/"}]}},"_links":{"self":[{"href":"https:\/\/cklcomunicaciones.es\/coop\/wp-json\/wp\/v2\/posts\/17031","targetHints":{"allow":["GET"]}}],"collection":[{"href":"https:\/\/cklcomunicaciones.es\/coop\/wp-json\/wp\/v2\/posts"}],"about":[{"href":"https:\/\/cklcomunicaciones.es\/coop\/wp-json\/wp\/v2\/types\/post"}],"author":[{"embeddable":true,"href":"https:\/\/cklcomunicaciones.es\/coop\/wp-json\/wp\/v2\/users\/3"}],"replies":[{"embeddable":true,"href":"https:\/\/cklcomunicaciones.es\/coop\/wp-json\/wp\/v2\/comments?post=17031"}],"version-history":[{"count":0,"href":"https:\/\/cklcomunicaciones.es\/coop\/wp-json\/wp\/v2\/posts\/17031\/revisions"}],"wp:featuredmedia":[{"embeddable":true,"href":"https:\/\/cklcomunicaciones.es\/coop\/wp-json\/wp\/v2\/media\/22909"}],"wp:attachment":[{"href":"https:\/\/cklcomunicaciones.es\/coop\/wp-json\/wp\/v2\/media?parent=17031"}],"wp:term":[{"taxonomy":"category","embeddable":true,"href":"https:\/\/cklcomunicaciones.es\/coop\/wp-json\/wp\/v2\/categories?post=17031"},{"taxonomy":"post_tag","embeddable":true,"href":"https:\/\/cklcomunicaciones.es\/coop\/wp-json\/wp\/v2\/tags?post=17031"}],"curies":[{"name":"wp","href":"https:\/\/api.w.org\/{rel}","templated":true}]}}