{"id":16990,"date":"2022-09-09T09:59:38","date_gmt":"2022-09-09T07:59:38","guid":{"rendered":"https:\/\/www.cklcomunicaciones.es\/?p=16990"},"modified":"2025-01-27T18:33:04","modified_gmt":"2025-01-27T17:33:04","slug":"presentacion-del-libro-una-empresa-de-todos","status":"publish","type":"post","link":"https:\/\/cklcomunicaciones.es\/coop\/presentacion-del-libro-una-empresa-de-todos\/","title":{"rendered":"Presentaci\u00f3n del libro \u00bfUna empresa de todos?"},"content":{"rendered":"<p>Presentaci\u00f3n del libro \u00bfUna empresa de todos?. La participaci\u00f3n del trabajo en el gobierno cooperativo.<\/p>\r\n<p>El pr\u00f3ximo 29 de septiembre a las 18.30h en la sede de la Universidad Pablo de Olavide (c\/ Lara\u00f1a, 4, 2\u00aa) tendr\u00e1 lugar la presentaci\u00f3n del libro \u00bfUna empresa de todos?. La participaci\u00f3n del trabajo en el gobierno cooperativo.<\/p>\r\n<p>Intervienen: Francisco Oliva , Rector de la UPO; Carlos Aristu, Secretario general de CCOO de Sevilla; Bruno Estrada, Presidente de la Plataforma por la Democracia Econ\u00f3mica; Pepa P\u00e1ez, Secretaria general del Sector Ferroviario de CCOO; Rafael Gomez Gordillo, Profesor Derecho del Trabajo y Seguridad Social de la UPO y Lola Sanju\u00e1n Jurado, Consejera de Global SheCoop, Coordinadora para la UE.<\/p>\r\n\r\n<p>&nbsp;<\/p>\r\n","protected":false},"excerpt":{"rendered":"<p>Presentaci\u00f3n del libro \u00bfUna empresa de todos?. La participaci\u00f3n del <a href=\"https:\/\/cklcomunicaciones.es\/coop\/presentacion-del-libro-una-empresa-de-todos\/\">[&#8230;]<\/a><\/p>\n","protected":false},"author":3,"featured_media":22340,"comment_status":"closed","ping_status":"closed","sticky":false,"template":"","format":"standard","meta":{"footnotes":""},"categories":[297],"tags":[305,106,102,80,219],"class_list":["post-16990","post","type-post","status-publish","format-standard","has-post-thumbnail","hentry","category-actualidad","tag-cooperativas","tag-economia","tag-economia-social","tag-igualdad-de-genero","tag-perspectiva-de-genero"],"yoast_head":"<!-- This site is optimized with the Yoast SEO plugin v27.5 - https:\/\/yoast.com\/product\/yoast-seo-wordpress\/ -->\n<title>Presentaci\u00f3n del libro \u00bfUna empresa de todos?<\/title>\n<meta name=\"description\" content=\"El pr\u00f3ximo 29 de septiembre a las 18.30h en la sede de la Universidad Pablo de Olavide (c\/ Lara\u00f1a, 4, 2\u00aa) tendr\u00e1 lugar la presentaci\u00f3n del libro \u00bfUna empresa de todos?. La participaci\u00f3n del trabajo en el gobierno cooperativo.\" \/>\n<meta name=\"robots\" content=\"index, follow, max-snippet:-1, max-image-preview:large, max-video-preview:-1\" \/>\n<link rel=\"canonical\" href=\"https:\/\/cklcomunicaciones.es\/coop\/presentacion-del-libro-una-empresa-de-todos\/\" \/>\n<meta property=\"og:locale\" content=\"es_ES\" \/>\n<meta property=\"og:type\" content=\"article\" \/>\n<meta property=\"og:title\" content=\"Presentaci\u00f3n del libro \u00bfUna empresa de todos?\" \/>\n<meta property=\"og:description\" content=\"El pr\u00f3ximo 29 de septiembre a las 18.30h en la sede de la Universidad Pablo de Olavide (c\/ Lara\u00f1a, 4, 2\u00aa) tendr\u00e1 lugar la presentaci\u00f3n del libro \u00bfUna empresa de todos?. La participaci\u00f3n del trabajo en el gobierno cooperativo.\" \/>\n<meta property=\"og:url\" content=\"https:\/\/cklcomunicaciones.es\/coop\/presentacion-del-libro-una-empresa-de-todos\/\" \/>\n<meta property=\"og:site_name\" content=\"CKL Comunicaciones\" \/>\n<meta property=\"article:published_time\" content=\"2022-09-09T07:59:38+00:00\" \/>\n<meta property=\"article:modified_time\" content=\"2025-01-27T17:33:04+00:00\" \/>\n<meta property=\"og:image\" content=\"https:\/\/cklcomunicaciones.es\/coop\/wp-content\/uploads\/2022\/09\/IMG-20220929-WA0014.jpg\" \/>\n\t<meta property=\"og:image:width\" content=\"1024\" \/>\n\t<meta property=\"og:image:height\" content=\"768\" \/>\n\t<meta property=\"og:image:type\" content=\"image\/jpeg\" \/>\n<meta name=\"author\" content=\"ckl\" \/>\n<meta name=\"twitter:card\" content=\"summary_large_image\" \/>\n<meta name=\"twitter:label1\" content=\"Escrito por\" \/>\n\t<meta name=\"twitter:data1\" content=\"ckl\" \/>\n\t<meta name=\"twitter:label2\" content=\"Tiempo de lectura\" \/>\n\t<meta name=\"twitter:data2\" content=\"1 minuto\" \/>\n<script type=\"application\/ld+json\" class=\"yoast-schema-graph\">{\"@context\":\"https:\\\/\\\/schema.org\",\"@graph\":[{\"@type\":\"Article\",\"@id\":\"https:\\\/\\\/cklcomunicaciones.es\\\/coop\\\/presentacion-del-libro-una-empresa-de-todos\\\/#article\",\"isPartOf\":{\"@id\":\"https:\\\/\\\/cklcomunicaciones.es\\\/coop\\\/presentacion-del-libro-una-empresa-de-todos\\\/\"},\"author\":{\"name\":\"ckl\",\"@id\":\"https:\\\/\\\/cklcomunicaciones.es\\\/coop\\\/#\\\/schema\\\/person\\\/929a6837f7626450bbb50cee1aef266e\"},\"headline\":\"Presentaci\u00f3n del libro \u00bfUna empresa de todos?\",\"datePublished\":\"2022-09-09T07:59:38+00:00\",\"dateModified\":\"2025-01-27T17:33:04+00:00\",\"mainEntityOfPage\":{\"@id\":\"https:\\\/\\\/cklcomunicaciones.es\\\/coop\\\/presentacion-del-libro-una-empresa-de-todos\\\/\"},\"wordCount\":128,\"image\":{\"@id\":\"https:\\\/\\\/cklcomunicaciones.es\\\/coop\\\/presentacion-del-libro-una-empresa-de-todos\\\/#primaryimage\"},\"thumbnailUrl\":\"https:\\\/\\\/cklcomunicaciones.es\\\/coop\\\/wp-content\\\/uploads\\\/2022\\\/09\\\/IMG-20220929-WA0014.jpg\",\"keywords\":[\"cooperativas\",\"econom\u00eda\",\"econom\u00eda social\",\"Igualdad de g\u00e9nero\",\"perspectiva de g\u00e9nero\"],\"articleSection\":[\"Actualidad\"],\"inLanguage\":\"es\"},{\"@type\":\"WebPage\",\"@id\":\"https:\\\/\\\/cklcomunicaciones.es\\\/coop\\\/presentacion-del-libro-una-empresa-de-todos\\\/\",\"url\":\"https:\\\/\\\/cklcomunicaciones.es\\\/coop\\\/presentacion-del-libro-una-empresa-de-todos\\\/\",\"name\":\"Presentaci\u00f3n del libro \u00bfUna empresa de todos?\",\"isPartOf\":{\"@id\":\"https:\\\/\\\/cklcomunicaciones.es\\\/coop\\\/#website\"},\"primaryImageOfPage\":{\"@id\":\"https:\\\/\\\/cklcomunicaciones.es\\\/coop\\\/presentacion-del-libro-una-empresa-de-todos\\\/#primaryimage\"},\"image\":{\"@id\":\"https:\\\/\\\/cklcomunicaciones.es\\\/coop\\\/presentacion-del-libro-una-empresa-de-todos\\\/#primaryimage\"},\"thumbnailUrl\":\"https:\\\/\\\/cklcomunicaciones.es\\\/coop\\\/wp-content\\\/uploads\\\/2022\\\/09\\\/IMG-20220929-WA0014.jpg\",\"datePublished\":\"2022-09-09T07:59:38+00:00\",\"dateModified\":\"2025-01-27T17:33:04+00:00\",\"author\":{\"@id\":\"https:\\\/\\\/cklcomunicaciones.es\\\/coop\\\/#\\\/schema\\\/person\\\/929a6837f7626450bbb50cee1aef266e\"},\"description\":\"El pr\u00f3ximo 29 de septiembre a las 18.30h en la sede de la Universidad Pablo de Olavide (c\\\/ Lara\u00f1a, 4, 2\u00aa) tendr\u00e1 lugar la presentaci\u00f3n del libro \u00bfUna empresa de todos?. La participaci\u00f3n del trabajo en el gobierno cooperativo.\",\"breadcrumb\":{\"@id\":\"https:\\\/\\\/cklcomunicaciones.es\\\/coop\\\/presentacion-del-libro-una-empresa-de-todos\\\/#breadcrumb\"},\"inLanguage\":\"es\",\"potentialAction\":[{\"@type\":\"ReadAction\",\"target\":[\"https:\\\/\\\/cklcomunicaciones.es\\\/coop\\\/presentacion-del-libro-una-empresa-de-todos\\\/\"]}]},{\"@type\":\"ImageObject\",\"inLanguage\":\"es\",\"@id\":\"https:\\\/\\\/cklcomunicaciones.es\\\/coop\\\/presentacion-del-libro-una-empresa-de-todos\\\/#primaryimage\",\"url\":\"https:\\\/\\\/cklcomunicaciones.es\\\/coop\\\/wp-content\\\/uploads\\\/2022\\\/09\\\/IMG-20220929-WA0014.jpg\",\"contentUrl\":\"https:\\\/\\\/cklcomunicaciones.es\\\/coop\\\/wp-content\\\/uploads\\\/2022\\\/09\\\/IMG-20220929-WA0014.jpg\",\"width\":1024,\"height\":768},{\"@type\":\"BreadcrumbList\",\"@id\":\"https:\\\/\\\/cklcomunicaciones.es\\\/coop\\\/presentacion-del-libro-una-empresa-de-todos\\\/#breadcrumb\",\"itemListElement\":[{\"@type\":\"ListItem\",\"position\":1,\"name\":\"Portada\",\"item\":\"https:\\\/\\\/cklcomunicaciones.es\\\/coop\\\/\"},{\"@type\":\"ListItem\",\"position\":2,\"name\":\"Presentaci\u00f3n del libro \u00bfUna empresa de todos?\"}]},{\"@type\":\"WebSite\",\"@id\":\"https:\\\/\\\/cklcomunicaciones.es\\\/coop\\\/#website\",\"url\":\"https:\\\/\\\/cklcomunicaciones.es\\\/coop\\\/\",\"name\":\"CKL Comunicaciones\",\"description\":\"Sitio web de CKL Comunicaciones coop , la consultora de comunicaci\u00f3n y estrategia\",\"potentialAction\":[{\"@type\":\"SearchAction\",\"target\":{\"@type\":\"EntryPoint\",\"urlTemplate\":\"https:\\\/\\\/cklcomunicaciones.es\\\/coop\\\/?s={search_term_string}\"},\"query-input\":{\"@type\":\"PropertyValueSpecification\",\"valueRequired\":true,\"valueName\":\"search_term_string\"}}],\"inLanguage\":\"es\"},{\"@type\":\"Person\",\"@id\":\"https:\\\/\\\/cklcomunicaciones.es\\\/coop\\\/#\\\/schema\\\/person\\\/929a6837f7626450bbb50cee1aef266e\",\"name\":\"ckl\",\"image\":{\"@type\":\"ImageObject\",\"inLanguage\":\"es\",\"@id\":\"https:\\\/\\\/secure.gravatar.com\\\/avatar\\\/c82db564e8a669bf6023357a157b9dc4780f4d4c618f2ad1d71a6a5dede45057?s=96&d=mm&r=g\",\"url\":\"https:\\\/\\\/secure.gravatar.com\\\/avatar\\\/c82db564e8a669bf6023357a157b9dc4780f4d4c618f2ad1d71a6a5dede45057?s=96&d=mm&r=g\",\"contentUrl\":\"https:\\\/\\\/secure.gravatar.com\\\/avatar\\\/c82db564e8a669bf6023357a157b9dc4780f4d4c618f2ad1d71a6a5dede45057?s=96&d=mm&r=g\",\"caption\":\"ckl\"},\"url\":\"https:\\\/\\\/cklcomunicaciones.es\\\/coop\\\/author\\\/cklcomunicaciones\\\/\"}]}<\/script>\n<!-- \/ Yoast SEO plugin. -->","yoast_head_json":{"title":"Presentaci\u00f3n del libro \u00bfUna empresa de todos?","description":"El pr\u00f3ximo 29 de septiembre a las 18.30h en la sede de la Universidad Pablo de Olavide (c\/ Lara\u00f1a, 4, 2\u00aa) tendr\u00e1 lugar la presentaci\u00f3n del libro \u00bfUna empresa de todos?. La participaci\u00f3n del trabajo en el gobierno cooperativo.","robots":{"index":"index","follow":"follow","max-snippet":"max-snippet:-1","max-image-preview":"max-image-preview:large","max-video-preview":"max-video-preview:-1"},"canonical":"https:\/\/cklcomunicaciones.es\/coop\/presentacion-del-libro-una-empresa-de-todos\/","og_locale":"es_ES","og_type":"article","og_title":"Presentaci\u00f3n del libro \u00bfUna empresa de todos?","og_description":"El pr\u00f3ximo 29 de septiembre a las 18.30h en la sede de la Universidad Pablo de Olavide (c\/ Lara\u00f1a, 4, 2\u00aa) tendr\u00e1 lugar la presentaci\u00f3n del libro \u00bfUna empresa de todos?. La participaci\u00f3n del trabajo en el gobierno cooperativo.","og_url":"https:\/\/cklcomunicaciones.es\/coop\/presentacion-del-libro-una-empresa-de-todos\/","og_site_name":"CKL Comunicaciones","article_published_time":"2022-09-09T07:59:38+00:00","article_modified_time":"2025-01-27T17:33:04+00:00","og_image":[{"width":1024,"height":768,"url":"https:\/\/cklcomunicaciones.es\/coop\/wp-content\/uploads\/2022\/09\/IMG-20220929-WA0014.jpg","type":"image\/jpeg"}],"author":"ckl","twitter_card":"summary_large_image","twitter_misc":{"Escrito por":"ckl","Tiempo de lectura":"1 minuto"},"schema":{"@context":"https:\/\/schema.org","@graph":[{"@type":"Article","@id":"https:\/\/cklcomunicaciones.es\/coop\/presentacion-del-libro-una-empresa-de-todos\/#article","isPartOf":{"@id":"https:\/\/cklcomunicaciones.es\/coop\/presentacion-del-libro-una-empresa-de-todos\/"},"author":{"name":"ckl","@id":"https:\/\/cklcomunicaciones.es\/coop\/#\/schema\/person\/929a6837f7626450bbb50cee1aef266e"},"headline":"Presentaci\u00f3n del libro \u00bfUna empresa de todos?","datePublished":"2022-09-09T07:59:38+00:00","dateModified":"2025-01-27T17:33:04+00:00","mainEntityOfPage":{"@id":"https:\/\/cklcomunicaciones.es\/coop\/presentacion-del-libro-una-empresa-de-todos\/"},"wordCount":128,"image":{"@id":"https:\/\/cklcomunicaciones.es\/coop\/presentacion-del-libro-una-empresa-de-todos\/#primaryimage"},"thumbnailUrl":"https:\/\/cklcomunicaciones.es\/coop\/wp-content\/uploads\/2022\/09\/IMG-20220929-WA0014.jpg","keywords":["cooperativas","econom\u00eda","econom\u00eda social","Igualdad de g\u00e9nero","perspectiva de g\u00e9nero"],"articleSection":["Actualidad"],"inLanguage":"es"},{"@type":"WebPage","@id":"https:\/\/cklcomunicaciones.es\/coop\/presentacion-del-libro-una-empresa-de-todos\/","url":"https:\/\/cklcomunicaciones.es\/coop\/presentacion-del-libro-una-empresa-de-todos\/","name":"Presentaci\u00f3n del libro \u00bfUna empresa de todos?","isPartOf":{"@id":"https:\/\/cklcomunicaciones.es\/coop\/#website"},"primaryImageOfPage":{"@id":"https:\/\/cklcomunicaciones.es\/coop\/presentacion-del-libro-una-empresa-de-todos\/#primaryimage"},"image":{"@id":"https:\/\/cklcomunicaciones.es\/coop\/presentacion-del-libro-una-empresa-de-todos\/#primaryimage"},"thumbnailUrl":"https:\/\/cklcomunicaciones.es\/coop\/wp-content\/uploads\/2022\/09\/IMG-20220929-WA0014.jpg","datePublished":"2022-09-09T07:59:38+00:00","dateModified":"2025-01-27T17:33:04+00:00","author":{"@id":"https:\/\/cklcomunicaciones.es\/coop\/#\/schema\/person\/929a6837f7626450bbb50cee1aef266e"},"description":"El pr\u00f3ximo 29 de septiembre a las 18.30h en la sede de la Universidad Pablo de Olavide (c\/ Lara\u00f1a, 4, 2\u00aa) tendr\u00e1 lugar la presentaci\u00f3n del libro \u00bfUna empresa de todos?. La participaci\u00f3n del trabajo en el gobierno cooperativo.","breadcrumb":{"@id":"https:\/\/cklcomunicaciones.es\/coop\/presentacion-del-libro-una-empresa-de-todos\/#breadcrumb"},"inLanguage":"es","potentialAction":[{"@type":"ReadAction","target":["https:\/\/cklcomunicaciones.es\/coop\/presentacion-del-libro-una-empresa-de-todos\/"]}]},{"@type":"ImageObject","inLanguage":"es","@id":"https:\/\/cklcomunicaciones.es\/coop\/presentacion-del-libro-una-empresa-de-todos\/#primaryimage","url":"https:\/\/cklcomunicaciones.es\/coop\/wp-content\/uploads\/2022\/09\/IMG-20220929-WA0014.jpg","contentUrl":"https:\/\/cklcomunicaciones.es\/coop\/wp-content\/uploads\/2022\/09\/IMG-20220929-WA0014.jpg","width":1024,"height":768},{"@type":"BreadcrumbList","@id":"https:\/\/cklcomunicaciones.es\/coop\/presentacion-del-libro-una-empresa-de-todos\/#breadcrumb","itemListElement":[{"@type":"ListItem","position":1,"name":"Portada","item":"https:\/\/cklcomunicaciones.es\/coop\/"},{"@type":"ListItem","position":2,"name":"Presentaci\u00f3n del libro \u00bfUna empresa de todos?"}]},{"@type":"WebSite","@id":"https:\/\/cklcomunicaciones.es\/coop\/#website","url":"https:\/\/cklcomunicaciones.es\/coop\/","name":"CKL Comunicaciones","description":"Sitio web de CKL Comunicaciones coop , la consultora de comunicaci\u00f3n y estrategia","potentialAction":[{"@type":"SearchAction","target":{"@type":"EntryPoint","urlTemplate":"https:\/\/cklcomunicaciones.es\/coop\/?s={search_term_string}"},"query-input":{"@type":"PropertyValueSpecification","valueRequired":true,"valueName":"search_term_string"}}],"inLanguage":"es"},{"@type":"Person","@id":"https:\/\/cklcomunicaciones.es\/coop\/#\/schema\/person\/929a6837f7626450bbb50cee1aef266e","name":"ckl","image":{"@type":"ImageObject","inLanguage":"es","@id":"https:\/\/secure.gravatar.com\/avatar\/c82db564e8a669bf6023357a157b9dc4780f4d4c618f2ad1d71a6a5dede45057?s=96&d=mm&r=g","url":"https:\/\/secure.gravatar.com\/avatar\/c82db564e8a669bf6023357a157b9dc4780f4d4c618f2ad1d71a6a5dede45057?s=96&d=mm&r=g","contentUrl":"https:\/\/secure.gravatar.com\/avatar\/c82db564e8a669bf6023357a157b9dc4780f4d4c618f2ad1d71a6a5dede45057?s=96&d=mm&r=g","caption":"ckl"},"url":"https:\/\/cklcomunicaciones.es\/coop\/author\/cklcomunicaciones\/"}]}},"_links":{"self":[{"href":"https:\/\/cklcomunicaciones.es\/coop\/wp-json\/wp\/v2\/posts\/16990","targetHints":{"allow":["GET"]}}],"collection":[{"href":"https:\/\/cklcomunicaciones.es\/coop\/wp-json\/wp\/v2\/posts"}],"about":[{"href":"https:\/\/cklcomunicaciones.es\/coop\/wp-json\/wp\/v2\/types\/post"}],"author":[{"embeddable":true,"href":"https:\/\/cklcomunicaciones.es\/coop\/wp-json\/wp\/v2\/users\/3"}],"replies":[{"embeddable":true,"href":"https:\/\/cklcomunicaciones.es\/coop\/wp-json\/wp\/v2\/comments?post=16990"}],"version-history":[{"count":0,"href":"https:\/\/cklcomunicaciones.es\/coop\/wp-json\/wp\/v2\/posts\/16990\/revisions"}],"wp:featuredmedia":[{"embeddable":true,"href":"https:\/\/cklcomunicaciones.es\/coop\/wp-json\/wp\/v2\/media\/22340"}],"wp:attachment":[{"href":"https:\/\/cklcomunicaciones.es\/coop\/wp-json\/wp\/v2\/media?parent=16990"}],"wp:term":[{"taxonomy":"category","embeddable":true,"href":"https:\/\/cklcomunicaciones.es\/coop\/wp-json\/wp\/v2\/categories?post=16990"},{"taxonomy":"post_tag","embeddable":true,"href":"https:\/\/cklcomunicaciones.es\/coop\/wp-json\/wp\/v2\/tags?post=16990"}],"curies":[{"name":"wp","href":"https:\/\/api.w.org\/{rel}","templated":true}]}}