{"id":16983,"date":"2022-09-09T14:08:58","date_gmt":"2022-09-09T12:08:58","guid":{"rendered":"https:\/\/www.cklcomunicaciones.es\/?p=16983"},"modified":"2025-02-09T01:10:09","modified_gmt":"2025-02-09T00:10:09","slug":"noticias-info-ckl-no-2714-09-09-22","status":"publish","type":"post","link":"https:\/\/cklcomunicaciones.es\/coop\/noticias-info-ckl-no-2714-09-09-22\/","title":{"rendered":"Noticias Info CKL n\u00ba 2714-09\/09\/22"},"content":{"rendered":"<div class=\"fusion-fullwidth fullwidth-box fusion-builder-row-1 fusion-flex-container nonhundred-percent-fullwidth non-hundred-percent-height-scrolling\" style=\"--awb-border-radius-top-left:0px;--awb-border-radius-top-right:0px;--awb-border-radius-bottom-right:0px;--awb-border-radius-bottom-left:0px;--awb-flex-wrap:wrap;\" ><div class=\"fusion-builder-row fusion-row fusion-flex-align-items-flex-start fusion-flex-content-wrap\" style=\"max-width:1248px;margin-left: calc(-4% \/ 2 );margin-right: calc(-4% \/ 2 );\"><div class=\"fusion-layout-column fusion_builder_column fusion-builder-column-0 fusion_builder_column_1_1 1_1 fusion-flex-column\" style=\"--awb-bg-blend:overlay;--awb-bg-size:cover;--awb-width-large:100%;--awb-margin-top-large:0px;--awb-spacing-right-large:1.92%;--awb-margin-bottom-large:0px;--awb-spacing-left-large:1.92%;--awb-width-medium:100%;--awb-spacing-right-medium:1.92%;--awb-spacing-left-medium:1.92%;--awb-width-small:100%;--awb-spacing-right-small:1.92%;--awb-spacing-left-small:1.92%;\"><div class=\"fusion-column-wrapper fusion-flex-justify-content-flex-start fusion-content-layout-column\"><div class=\"fusion-text fusion-text-1\"><h1>Convocatorias<\/h1>\n<div id=\"\" class=\"lsow-panel lsow-active\">\n<div class=\"lsow-panel-content\">\n<ul>\n<li><a href=\"https:\/\/www.expertoplanesigualdaduma.com\/presentaci%C3%B3n\" target=\"_blank\" rel=\"noopener\" data-saferedirecturl=\"https:\/\/www.google.com\/url?q=https:\/\/www.expertoplanesigualdaduma.com\/presentaci%25C3%25B3n&amp;source=gmail&amp;ust=1662806855694000&amp;usg=AOvVaw1cWnXnPwIEdktZuIv51oxv\">II Promoci\u00f3n de Experta\/o en \u2018Agentes de Planes de Igualdad en entidades p\u00fablicas y privadas\u2019<\/a>. Universidad de M\u00e1laga. De noviembre de 2022 a junio de 2023; inscripciones hasta 30 de septiembre.\u00a0<a href=\"http:\/\/www.juntadeandalucia.es\/iam\/catalogo\/doc\/convocatorias\/2022-genero\/MA-experto-planes-igualdad-cartel.jpg\" target=\"_blank\" rel=\"noopener prettyPhoto&#091;16983&#093;\" data-saferedirecturl=\"https:\/\/www.google.com\/url?q=http:\/\/www.juntadeandalucia.es\/iam\/catalogo\/doc\/convocatorias\/2022-genero\/MA-experto-planes-igualdad-cartel.jpg&amp;source=gmail&amp;ust=1662806855694000&amp;usg=AOvVaw39N9iWsXNupzOgWci_PFa1\">Cartel<\/a>. M\u00e1s informaci\u00f3n:\u00a0<a href=\"mailto:expertoplanesigualdad@uma.es\" target=\"_blank\" rel=\"noopener\">expertoplanesigualdad@uma.es<\/a><br \/>\n<a href=\"https:\/\/www.sevilla.org\/servicios\/mujer-igualdad\/campanas-de-sensibilizacion\/23-septiembre\/2022\/jornada-en-conmemoracion-del-23-de-septiembre\" target=\"_blank\" rel=\"noopener\" data-saferedirecturl=\"https:\/\/www.google.com\/url?q=https:\/\/www.sevilla.org\/servicios\/mujer-igualdad\/campanas-de-sensibilizacion\/23-septiembre\/2022\/jornada-en-conmemoracion-del-23-de-septiembre&amp;source=gmail&amp;ust=1662806855694000&amp;usg=AOvVaw3xbojD_siaTEV6p9dy53am\">Jornada \u2018Nuevas formas de prostituci\u00f3n. Distintos formatos, misma violencia\u2019<\/a>. Servicio de la Mujer del Ayuntamiento de Sevilla. 23 de septiembre de 9 a 14h.\u00a0<a href=\"https:\/\/form.jotform.com\/222481226001340\" target=\"_blank\" rel=\"noopener\" data-saferedirecturl=\"https:\/\/www.google.com\/url?q=https:\/\/form.jotform.com\/222481226001340&amp;source=gmail&amp;ust=1662806855694000&amp;usg=AOvVaw3IM3_PEWEfNYDwrEiexDJo\">Inscripciones<\/a><br \/>\n<a href=\"http:\/\/www.juntadeandalucia.es\/iam\/catalogo\/doc\/convocatorias\/2022-genero\/SE-presentacion-libro-intrepidas.png\" target=\"_blank\" rel=\"noopener prettyPhoto&#091;16983&#093;\" data-saferedirecturl=\"https:\/\/www.google.com\/url?q=http:\/\/www.juntadeandalucia.es\/iam\/catalogo\/doc\/convocatorias\/2022-genero\/SE-presentacion-libro-intrepidas.png&amp;source=gmail&amp;ust=1662806855694000&amp;usg=AOvVaw3wESWKG9IYXfEmeSaZpDR0\">Presentaci\u00f3n del libro \u2018Intr\u00e9pidas. Entre Europa y las Am\u00e9ricas: Cultura, Arte y Pol\u00edtica en Equidad\u2019<\/a>. Librer\u00eda Ca\u00f3tica. 13 de septiembre a las 20:00 h.<\/li>\n<\/ul>\n<\/div>\n<\/div>\n<div id=\"\" class=\"lsow-panel lsow-active\">\n<h1 class=\"lsow-panel-title\">Comunicaci\u00f3n, Publicidad y TICs<\/h1>\n<div class=\"lsow-panel-content\">\n<p><a href=\"https:\/\/www.google.com\/url?rct=j&amp;sa=t&amp;url=https:\/\/amecopress.net\/XXIV-Congreso-Internacional-de-la-Asociacion-Mundial-de-Mujeres-Periodistas-y-Escritoras&amp;ct=ga&amp;cd=CAEYACoUMTIwNzAwMzkxMjYzMzY4NTY1MjgyGWUxZTc3ZDE1NjA5OGE4ZTM6ZXM6ZXM6RVM&amp;usg=AOvVaw3NOcWHxlSkfjjI19291cd7\" target=\"_blank\" rel=\"noopener\" data-saferedirecturl=\"https:\/\/www.google.com\/url?q=https:\/\/www.google.com\/url?rct%3Dj%26sa%3Dt%26url%3Dhttps:\/\/amecopress.net\/XXIV-Congreso-Internacional-de-la-Asociacion-Mundial-de-Mujeres-Periodistas-y-Escritoras%26ct%3Dga%26cd%3DCAEYACoUMTIwNzAwMzkxMjYzMzY4NTY1MjgyGWUxZTc3ZDE1NjA5OGE4ZTM6ZXM6ZXM6RVM%26usg%3DAOvVaw3NOcWHxlSkfjjI19291cd7&amp;source=gmail&amp;ust=1662794784573000&amp;usg=AOvVaw1twMDcp0wcSvsVK81Tqidk\">XXIV Congreso Internacional de la Asociaci\u00f3n Mundial de Mujeres Periodistas y Escritoras-\u00a0<\/a><a>Ameco Press<br \/>\n<\/a><a class=\"title\" href=\"https:\/\/elcomercio.pe\/respuestas\/por-que\/dia-internacional-del-periodista-por-que-y-en-honor-a-quien-se-celebra-el-8-de-septiembre-tdex-revtli-noticia\/\" target=\"_blank\" rel=\"noopener\" data-artpy=\"0\" data-author=\"El Comercio\">D\u00eda Internacional del Periodista: \u00bfpor qu\u00e9 y en honor a qui\u00e9n se celebra el 8 de septiembre?<\/a>-elcomercio<br \/>\n<a href=\"https:\/\/elpais.com\/television\/2022-09-08\/alejandra-herranz-sustituye-a-ana-blanco-en-el-telediario-1.html\">Alejandra Herranz sustituye a Ana Blanco en el Telediario 1<\/a>-elpais<br \/>\n<a class=\"title\" href=\"https:\/\/arainfo.org\/el-periodico-andalan-conmemora-su-50o-aniversario-en-lainsa-origen-de-este-simbolo-del-renacer-democratico-en-aragon\/\" target=\"_blank\" rel=\"noopener\" data-artpy=\"0\" data-author=\"arainfo.org\">El peri\u00f3dico Andal\u00e1n conmemora su 50\u00ba aniversario en L\u2019A\u00ednsa, origen de este s\u00edmbolo del renacer democr\u00e1tico en Arag\u00f3n<\/a>-arainfo<a><br \/>\n<\/a><a class=\"title\" href=\"https:\/\/www.animalpolitico.com\/2022\/09\/metaverso-para-potenciar-oportunidades-mujeres\/\" target=\"_blank\" rel=\"noopener\" data-artpy=\"0\" data-author=\"Animal Pol\u00edtico\">Un metaverso para potenciar las oportunidades de desarrollo de las mujeres<\/a>-animalpolitico<a><br \/>\n<\/a><\/p>\n<\/div>\n<\/div>\n<div id=\"\" class=\"lsow-panel lsow-active\">\n<h1 class=\"lsow-panel-title\">Andaluc\u00eda<\/h1>\n<div class=\"lsow-panel-content\">\n<p><b>Institucional<br \/>\n<\/b><a class=\"title\" href=\"https:\/\/www.juntadeandalucia.es\/presidencia\/portavoz\/social\/174651\/inclusionsocial\/Igualdad\/juventud\/familias\/infancia\/dependencia\/minorias\/serviciossociales\/Andalucia\/JuntadeAndalucia\" target=\"_blank\" rel=\"noopener\" data-artpy=\"0\" data-author=\"juntadeandalucia.es\">Loles L\u00f3pez asegura que la Consejer\u00eda de Inclusi\u00f3n Social ser\u00e1 \u201cel parachoques de las familias andaluzas ante los golpes de la crisis\u201d<\/a>-juntadeandalucia<b><br \/>\n<\/b><a href=\"https:\/\/www.google.com\/url?rct=j&amp;sa=t&amp;url=https:\/\/copao.com\/blog\/actualidad\/la-decana-mariela-checa-nueva-directora-del-instituto-andaluz-de-la-mujer\/&amp;ct=ga&amp;cd=CAEYACoUMTM1NDU1MzcyNTAyMjU3NzI2MDMyGWMwMzcyZWJjMmZlYWRhNTk6ZXM6ZXM6RVM&amp;usg=AOvVaw0Mxi0zRHEslDwBXOtr9RSm\" target=\"_blank\" rel=\"noopener\" data-saferedirecturl=\"https:\/\/www.google.com\/url?q=https:\/\/www.google.com\/url?rct%3Dj%26sa%3Dt%26url%3Dhttps:\/\/copao.com\/blog\/actualidad\/la-decana-mariela-checa-nueva-directora-del-instituto-andaluz-de-la-mujer\/%26ct%3Dga%26cd%3DCAEYACoUMTM1NDU1MzcyNTAyMjU3NzI2MDMyGWMwMzcyZWJjMmZlYWRhNTk6ZXM6ZXM6RVM%26usg%3DAOvVaw0Mxi0zRHEslDwBXOtr9RSm&amp;source=gmail&amp;ust=1662794782604000&amp;usg=AOvVaw3-pFa1aGZ0ELCNDkbX8c01\">La decana, Mariela Checa, nueva directora del Instituto\u00a0Andaluz de la\u00a0Mujer &#8211;<\/a>copao<br \/>\n<a href=\"https:\/\/www.google.com\/url?rct=j&amp;sa=t&amp;url=https:\/\/www.canalsur.es\/andalucia\/almeria\/crespo-critica-la-propuesta-populista-de-topar-los-precios-de-los-alimentos\/1853836.html&amp;ct=ga&amp;cd=CAEYAioTOTg3MzQ4NjMwMTcwNzE0MzA1NzIZZDc4ZTU4NzVhMGYxZjJhYzplczplczpFUw&amp;usg=AOvVaw3ADqeatisunlz-9bMq1zD2\" target=\"_blank\" rel=\"noopener\" data-saferedirecturl=\"https:\/\/www.google.com\/url?q=https:\/\/www.google.com\/url?rct%3Dj%26sa%3Dt%26url%3Dhttps:\/\/www.canalsur.es\/andalucia\/almeria\/crespo-critica-la-propuesta-populista-de-topar-los-precios-de-los-alimentos\/1853836.html%26ct%3Dga%26cd%3DCAEYAioTOTg3MzQ4NjMwMTcwNzE0MzA1NzIZZDc4ZTU4NzVhMGYxZjJhYzplczplczpFUw%26usg%3DAOvVaw3ADqeatisunlz-9bMq1zD2&amp;source=gmail&amp;ust=1662806855647000&amp;usg=AOvVaw3ADeXoFvdrcCqWNNR8oHs0\">Crespo critica la propuesta \u00abpopulista\u00bb de topar los precios de los alimentos &#8211;\u00a0<\/a><a>Canal Sur<\/a><\/p>\n<p><b>Econom\u00eda y Empresas<br \/>\n<\/b><a class=\"title\" href=\"https:\/\/cadenaser.com\/andalucia\/2022\/09\/08\/las-tortas-de-ines-rosales-protagonistas-en-la-gastronomia-de-la-vuelta-al-mundo-y-de-la-bienal-de-flamenco-radio-sevilla\/\" target=\"_blank\" rel=\"noopener\" data-artpy=\"0\" data-author=\"Cadena SER\">Las Tortas de In\u00e9s Rosales, protagonistas en la gastronom\u00eda de la Vuelta al Mundo y de la Bienal de Flamenco<\/a>-ser<br \/>\n<a href=\"https:\/\/www.eldiario.es\/andalucia\/andalucia-retoma-promesa-complementar-ingreso-minimo-vital-anos-despues-vigencia_1_9298678.html\">Andaluc\u00eda retoma la promesa de complementar el ingreso m\u00ednimo vital m\u00e1s de dos a\u00f1os despu\u00e9s de su vigencia<\/a>-eldiario<br \/>\n<b><\/b><a class=\"title\" href=\"https:\/\/sevilla.abc.es\/economia\/ultimos-dias-apuntarse-lanzaderas-empleo-alcala-hermanas-20220909233818-nts.html\" target=\"_blank\" rel=\"noopener\" data-artpy=\"0\" data-author=\"ABC\">\u00daltimos d\u00edas para apuntarse a las Lanzaderas de empleo de Alcal\u00e1 y Dos Hermanas<\/a>-abcsevilla<br \/>\n<a href=\"https:\/\/www.eldiario.es\/andalucia\/economia\/funcionarios-andaluces-rendimiento-sufriran-recortes-sueldo-seran-trasladados-puesto_1_9297300.html\">Los funcionarios andaluces con bajo rendimiento sufrir\u00e1n recortes de sueldo y ser\u00e1n trasladados a otro puesto<\/a>-eldiario<b><\/b><\/p>\n<p><strong>Actualidad<br \/>\n<\/strong><a href=\"https:\/\/www.sevilla.org\/actualidad\/noticias\/el-ayuntamiento-participa-en-las-jornadas-de-fidas-y-el-instituto-iberoamericano-de-finlandia-que-conectan-la-arquitectura-de-finlandia-y-andalucia\">El Ayuntamiento de Sevilla participa en las jornadas de FIDAS y el Instituto Iberoamericano de Finlandia que conectan la arquitectura de Finlandia y Andaluc\u00eda &#8211;\u00a0<\/a>sevilla.org<br \/>\n<a class=\"title\" href=\"https:\/\/www.europapress.es\/esandalucia\/sevilla\/noticia-andalucia-refuerza-unidades-salud-mental-profesionales-referentes-prevencion-suicidio-20220909112342.html\" target=\"_blank\" rel=\"noopener\" data-artpy=\"0\" data-author=\"Europa Press\">Andaluc\u00eda refuerza de las Unidades de Salud Mental con profesionales referentes en prevenci\u00f3n del suicidio<\/a>-europapress<br \/>\n<a title=\"Andaluc\u00eda centra sus acciones de cooperaci\u00f3n al desarrollo internacional en 26 pa\u00edses prioritarios\" href=\"https:\/\/www.juntadeandalucia.es\/presidencia\/portavoz\/gobiernoaldia\/174635\/ConsejeriadelaPresidenciaInteriorDialogoSocialySimplificacionAdministrativa\/AntonioSanz\/JuntadeAndalucia\/Cooperacionaldesarrollo\/AgenciaAndaluzadeCooperacionInternacionalparaelDesarrollo\">Andaluc\u00eda centra sus acciones de cooperaci\u00f3n al desarrollo internacional en 26 pa\u00edses prioritarios<\/a>-juntadeandalucia<\/p>\n<p><strong>Violencias<br \/>\n<\/strong><a class=\"title\" href=\"https:\/\/www.msn.com\/es-es\/news\/espana\/la-fiscal-c3-ada-pide-multar-a-juana-rivas-por-querellarse-contra-el-juez-pi-c3-b1ar-y-su-defensa-pedir-c3-a1-amparo-al-constitucional\/ar-AA11BTiw\" target=\"_blank\" rel=\"noopener\" data-artpy=\"0\" data-author=\"P\u00fablico on MSN.com\">La Fiscal\u00eda pide multar a Juana Rivas por querellarse contra el juez Pi\u00f1ar y su defensa pedir\u00e1 amparo al Constitucional<\/a>-publico<\/p>\n<p><strong>Cienci<\/strong><strong>a y Cultura<br \/>\n<\/strong><a class=\"title\" href=\"https:\/\/elcorreoweb.es\/cultura\/arranca-generamma-celebrando-el-talento-de-las-cineastas-HE8060180\" target=\"_blank\" rel=\"noopener\" data-artpy=\"0\" data-author=\"El correo de Andaluc\u00eda\">Arranca GENERAMMA celebrando el talento de las cineastas<\/a>-elcorreodeandalucia<br \/>\n<a class=\"title\" href=\"https:\/\/www.ideal.es\/jaen\/jaen\/cartel-feria-innova-20220908190227-nt.html\" target=\"_blank\" rel=\"noopener\" data-artpy=\"0\" data-author=\"ideal\">El cartel de la Feria de San Lucas innova con rostro de mujer y olivo en flor<\/a>-elideal<br \/>\n<a href=\"https:\/\/www.eldiario.es\/andalucia\/pico-reja-mayor-fosa-comun-exterminio-franquista-llega-parlamento-europeo_1_9293699.html\">Pico Reja, la mayor fosa com\u00fan del exterminio franquista llega al Parlamento Europeo<\/a>-eldiario<br \/>\n<a class=\"title\" href=\"https:\/\/sevilla.abc.es\/cultura\/produccion-internacional-yerbabuena-inaugura-xxii-bienal-flamenco-20220908200913-nts.html\" target=\"_blank\" rel=\"noopener\" data-artpy=\"0\" data-author=\"ABC\">Una producci\u00f3n internacional de Eva Yerbabuena inaugura la XXII Bienal de Flamenco<\/a>-abcsevilla<br \/>\n<a class=\"title\" href=\"https:\/\/www.abc.es\/sociedad\/andalucia-aprobara-proximo-consejo-gobierno-proyecto-ley-20220909110607-vi.html\" target=\"_blank\" rel=\"noopener\" data-artpy=\"0\" data-author=\"ABC\">Andaluc\u00eda aprobar\u00e1 en el pr\u00f3ximo Consejo de Gobierno el proyecto de Ley del Flamenco<\/a>-abc<\/p>\n<p><strong>Deportes<br \/>\n<\/strong><a class=\"title\" href=\"https:\/\/as.com\/futbol\/femenino\/lola-gallardo-ojala-levante-muchos-titulos-con-el-brazalete-n\/\" target=\"_blank\" rel=\"noopener\" data-artpy=\"0\" data-author=\"AS Mexico\">Lola Gallardo: \u201cOjal\u00e1 levante muchos t\u00edtulos con el brazalete\u201d<\/a>-as<strong><br \/>\n<\/strong><a class=\"title\" href=\"https:\/\/moroninformacion.es\/moron-acoge-este-domingo-el-i-torneo-de-futbol-femenino-feria-de-moron-en-categoria-infantil\/\" target=\"_blank\" rel=\"noopener\" data-artpy=\"0\" data-author=\"moroninformacion.es\">Mor\u00f3n acoge este domingo el I Torneo de F\u00fatbol Femenino Feria de Mor\u00f3n en categor\u00eda infantil<\/a>-moroninformacion<strong><br \/>\n<\/strong><\/p>\n<\/div>\n<\/div>\n<div id=\"\" class=\"lsow-panel lsow-active\">\n<h1 class=\"lsow-panel-title\">Estado<\/h1>\n<div class=\"lsow-panel-content\">\n<p><strong>Institucional<br \/>\n<\/strong><a class=\"title\" href=\"https:\/\/valenciaplaza.com\/ministerio-justicia-ultima-decreto-crear-70-nuevas-unidades-judiciales-ano\" target=\"_blank\" rel=\"noopener\" data-artpy=\"0\" data-author=\"Valencia Plaza\">El Ministerio de Justicia ultima un decreto para crear 70 nuevas unidades judiciales este a\u00f1o<\/a>-valenciaplaza<strong><br \/>\n<\/strong><\/p>\n<p><strong>Institucional \u2013 CCAA<br \/>\n<\/strong><a href=\"https:\/\/www.google.com\/url?rct=j&amp;sa=t&amp;url=https:\/\/www.cuadernosmanchegos.com\/pilar-callado-destaca-la-importancia-de-las-asociaciones-de-mujeres-en-castilla-la-mancha-que-son-en-muchas-ocasiones-el-motor-de-desarrollo-de-nuestros-municipios-tanto-en-el-ambito-social-como-cultural-deportivo-artistico-o-politico-39236.html&amp;ct=ga&amp;cd=CAEYACoTNzQwNzQ0Mzg1NjM0OTQzNjg3ODIZZTFlNzdkMTU2MDk4YThlMzplczplczpFUw&amp;usg=AOvVaw3OFzYj-_4hhXJM2JUkLtBk\" target=\"_blank\" rel=\"noopener\" data-saferedirecturl=\"https:\/\/www.google.com\/url?q=https:\/\/www.google.com\/url?rct%3Dj%26sa%3Dt%26url%3Dhttps:\/\/www.cuadernosmanchegos.com\/pilar-callado-destaca-la-importancia-de-las-asociaciones-de-mujeres-en-castilla-la-mancha-que-son-en-muchas-ocasiones-el-motor-de-desarrollo-de-nuestros-municipios-tanto-en-el-ambito-social-como-cultural-deportivo-artistico-o-politico-39236.html%26ct%3Dga%26cd%3DCAEYACoTNzQwNzQ0Mzg1NjM0OTQzNjg3ODIZZTFlNzdkMTU2MDk4YThlMzplczplczpFUw%26usg%3DAOvVaw3OFzYj-_4hhXJM2JUkLtBk&amp;source=gmail&amp;ust=1662717249604000&amp;usg=AOvVaw1j6vteHKunJJA7IhpFsRfV\">Pilar Callado, destaca la importancia de las asociaciones de mujeres en Castilla-La &#8230;-\u00a0<\/a><a>Cuadernos Manchegos<br \/>\n<\/a><a class=\"title\" href=\"https:\/\/www.msn.com\/es-es\/news\/espana\/armengol-reivindica-en-ibiza-que-una-econom-c3-ada-feminista-es-una-sociedad-mejor-y-m-c3-a1s-justa\/ar-AA11CgKM\" target=\"_blank\" rel=\"noopener\" data-artpy=\"0\" data-author=\"Europa Press on MSN.com\">Armengol reivindica en Ibiza que una econom\u00eda feminista \u00abes una sociedad mejor y m\u00e1s justa\u00bb<\/a>-europapress<br \/>\n<a class=\"title\" href=\"https:\/\/www.lanzadigital.com\/castilla-la-mancha\/castilla-la-mancha-orgullosa-del-incremento-de-mujeres-que-forman-parte-de-los-organos-de-direccion-de-las-cooperativas-agroalimentarias\/\" target=\"_blank\" rel=\"noopener\" data-artpy=\"0\" data-author=\"Lanza Digital\">Castilla-La Mancha, orgullosa del incremento de mujeres que son miembros de los \u00f3rganos de direcci\u00f3n de las cooperativas agroalimentarias<\/a>-lanzadigital<br \/>\n<a class=\"title\" href=\"https:\/\/www.fuerteventuradigital.net\/2022\/09\/en-fuerteventura-fundacion-finnova-y.html\" target=\"_blank\" rel=\"noopener\" data-artpy=\"0\" data-author=\"Fuerteventura Digital\">En Fuerteventura Fundaci\u00f3n Finnova y AFRIMAC 2 premian el emprendimiento de las mujeres con los Women StarUP Europe Awards<\/a>-fuerteventuradigital<\/p>\n<p><strong>Econom\u00eda y Empresa<br \/>\n<\/strong><a class=\"title\" href=\"https:\/\/www.diariosigloxxi.com\/texto-s\/mostrar\/469507\/yolanda-diaz-agradece-organizaciones-mujeres-luchado-durante-decadas-mejora-derechos-empleadas-hogar\" target=\"_blank\" rel=\"noopener\" data-artpy=\"0\" data-author=\"Diario Siglo XXI\">Yolanda D\u00edaz agradece a las organizaciones de mujeres que han luchado durante d\u00e9cadas por la mejora de derechos a las empleadas del hogar<\/a>-sigloxxi<br \/>\n<a class=\"title\" href=\"https:\/\/www.msn.com\/es-es\/news\/other\/econom-c3-ada-confirma-que-pedir-c3-a1-el-total-de-los-pr-c3-a9stamos-de-los-fondos-europeos\/ar-AA11C49l\" target=\"_blank\" rel=\"noopener\" data-artpy=\"0\" data-author=\"La informacion on MSN.com\">Econom\u00eda confirma que pedir\u00e1 el total de los pr\u00e9stamos de los fondos europeos<\/a>-lainformacion<strong><br \/>\n<\/strong><a class=\"title\" href=\"https:\/\/www.ceutaactualidad.com\/articulo\/economia-empresa\/busca-nuevos-modelos-economicos-como-ciudad-transfronteriza-vista-sostenibilidad\/20220909103523150083.html\" target=\"_blank\" rel=\"noopener\" data-artpy=\"0\" data-author=\"Ceuta Actualidad\">En busca de nuevos modelos econ\u00f3micos como ciudad transfronteriza y con acento en la sostenibilidad<\/a>-ceutaactualidad<br \/>\n<a class=\"title\" href=\"https:\/\/www.msn.com\/es-es\/news\/other\/la-transformaci-c3-b3n-digital-podr-c3-ada-generar-228000-millones-para-la-econom-c3-ada-espa-c3-b1ola-seg-c3-ban-un-informe\/ar-AA11Bi59\" target=\"_blank\" rel=\"noopener\" data-artpy=\"0\" data-author=\"Europa Press on MSN.com\">La transformaci\u00f3n digital podr\u00eda generar 228.000 millones para la econom\u00eda espa\u00f1ola, seg\u00fan un informe<\/a>-europapress<a><br \/>\n<\/a><\/p>\n<p><strong>Actualidad<br \/>\n<\/strong><a href=\"https:\/\/www.google.com\/url?rct=j&amp;sa=t&amp;url=https:\/\/www.elespanol.com\/quincemil\/articulos\/actualidad\/la-politica-fatima-hamed-explica-en-santiago-las-dificultades-para-hacerse-escuchar-como-mujer&amp;ct=ga&amp;cd=CAEYBCoTMzA1NjIxMjg2NzE2OTYwODc5MTIZYzAzNzJlYmMyZmVhZGE1OTplczplczpFUw&amp;usg=AOvVaw1PPmRsIFANGaPbIf_y40K5\" target=\"_blank\" rel=\"noopener\" data-saferedirecturl=\"https:\/\/www.google.com\/url?q=https:\/\/www.google.com\/url?rct%3Dj%26sa%3Dt%26url%3Dhttps:\/\/www.elespanol.com\/quincemil\/articulos\/actualidad\/la-politica-fatima-hamed-explica-en-santiago-las-dificultades-para-hacerse-escuchar-como-mujer%26ct%3Dga%26cd%3DCAEYBCoTMzA1NjIxMjg2NzE2OTYwODc5MTIZYzAzNzJlYmMyZmVhZGE1OTplczplczpFUw%26usg%3DAOvVaw1PPmRsIFANGaPbIf_y40K5&amp;source=gmail&amp;ust=1662717249688000&amp;usg=AOvVaw23GXoGwTa2P9aoWyxgSH2Y\">La pol\u00edtica F\u00e1tima Hamed explica en Santiago las dificultades para hacerse escuchar como mujer-\u00a0<\/a><a>El Espa\u00f1ol<br \/>\n<\/a><a href=\"https:\/\/www.google.com\/url?rct=j&amp;sa=t&amp;url=https:\/\/coordinadoraongd.org\/2022\/09\/la-urgente-necesidad-de-una-cooperacion-feminista\/&amp;ct=ga&amp;cd=CAEYACoTMTM1NjI4MTYwMDExMzEzNjYzMDIZNTlkNzgxNzEzNmEyZDAyODplczplczpFUw&amp;usg=AOvVaw0P5yX22sYFLjUz2hEGgYHn\" target=\"_blank\" rel=\"noopener\" data-saferedirecturl=\"https:\/\/www.google.com\/url?q=https:\/\/www.google.com\/url?rct%3Dj%26sa%3Dt%26url%3Dhttps:\/\/coordinadoraongd.org\/2022\/09\/la-urgente-necesidad-de-una-cooperacion-feminista\/%26ct%3Dga%26cd%3DCAEYACoTMTM1NjI4MTYwMDExMzEzNjYzMDIZNTlkNzgxNzEzNmEyZDAyODplczplczpFUw%26usg%3DAOvVaw0P5yX22sYFLjUz2hEGgYHn&amp;source=gmail&amp;ust=1662717240818000&amp;usg=AOvVaw0K5zgZe81mfCdatkexrKaO\">La urgente necesidad de una\u00a0cooperaci\u00f3n feminista &#8211;\u00a0\u00a0<\/a><a>Coordinadora de ONGD<br \/>\n<\/a><a href=\"https:\/\/www.google.com\/url?rct=j&amp;sa=t&amp;url=https:\/\/www.20minutos.es\/noticia\/5053839\/0\/igualdad-presenta-campana-hombre-blandengue\/&amp;ct=ga&amp;cd=CAEYACoTODQ1NjIxMDQ0OTAwMDgwODA5OTIZYzAzNzJlYmMyZmVhZGE1OTplczplczpFUw&amp;usg=AOvVaw3e9BLAKRxc6qUjt1o3The5\" target=\"_blank\" rel=\"noopener\" data-saferedirecturl=\"https:\/\/www.google.com\/url?q=https:\/\/www.google.com\/url?rct%3Dj%26sa%3Dt%26url%3Dhttps:\/\/www.20minutos.es\/noticia\/5053839\/0\/igualdad-presenta-campana-hombre-blandengue\/%26ct%3Dga%26cd%3DCAEYACoTODQ1NjIxMDQ0OTAwMDgwODA5OTIZYzAzNzJlYmMyZmVhZGE1OTplczplczpFUw%26usg%3DAOvVaw3e9BLAKRxc6qUjt1o3The5&amp;source=gmail&amp;ust=1662794782560000&amp;usg=AOvVaw25Oq1UvlZIshrTWmzeadPb\">Igualdad presenta la campa\u00f1a &#8216;El hombre blandengue&#8217; para &#8216;desmentir&#8217; al Fary-<\/a><a>20Minutos<br \/>\n<\/a><a class=\"title\" href=\"https:\/\/www.teleprensa.com\/articulo\/sociedad\/mujer-mayor-35-perfil-cooperante-espanol-falta-relevo-generacional\/202209081310081289105.html\" target=\"_blank\" rel=\"noopener\" data-artpy=\"0\" data-author=\"Tele Prensa\">Mujer y mayor de 35, el perfil del cooperante espa\u00f1ol a falta de un \u00abrelevo generacional\u00bb<\/a>-teleprensa<br \/>\n<a class=\"title\" href=\"https:\/\/www.consalud.es\/politica\/ministerio-sanidad\/darias-alerta-30-llamadas-024-son-menores-30-anos_120015_102.html\" target=\"_blank\" rel=\"noopener\" data-artpy=\"0\" data-author=\"consalud.es\">Darias alerta de que el 30% de las llamadas al 024 son de menores de 30 a\u00f1os y en su mayor\u00eda mujeres<\/a>-consalud<\/p>\n<p><strong>Violencias<br \/>\n<\/strong><a href=\"https:\/\/www.google.com\/url?rct=j&amp;sa=t&amp;url=https:\/\/www.ugt.es\/un-paso-mas-para-proteger-las-mujeres-frente-al-acoso-sexual-y-por-razon-de-genero&amp;ct=ga&amp;cd=CAEYAyoTMTM1NjI4MTYwMDExMzEzNjYzMDIZNTlkNzgxNzEzNmEyZDAyODplczplczpFUw&amp;usg=AOvVaw2DL34vO80xk0BVqhSAqmPh\" target=\"_blank\" rel=\"noopener\" data-saferedirecturl=\"https:\/\/www.google.com\/url?q=https:\/\/www.google.com\/url?rct%3Dj%26sa%3Dt%26url%3Dhttps:\/\/www.ugt.es\/un-paso-mas-para-proteger-las-mujeres-frente-al-acoso-sexual-y-por-razon-de-genero%26ct%3Dga%26cd%3DCAEYAyoTMTM1NjI4MTYwMDExMzEzNjYzMDIZNTlkNzgxNzEzNmEyZDAyODplczplczpFUw%26usg%3DAOvVaw2DL34vO80xk0BVqhSAqmPh&amp;source=gmail&amp;ust=1662717240819000&amp;usg=AOvVaw2KrbUmau6BzqKZBVqcObj0\">Un paso m\u00e1s para proteger a las mujeres frente al acoso sexual y por raz\u00f3n de\u00a0g\u00e9nero-\u00a0<\/a><a>UGT<br \/>\n<\/a><a href=\"https:\/\/www.google.com\/url?rct=j&amp;sa=t&amp;url=https:\/\/elpais.com\/tecnologia\/2022-09-09\/te-has-puesto-lenceria-verde-el-mensaje-de-acoso-que-genero-una-alianza-contra-las-aplicaciones-que-nos-espian.html&amp;ct=ga&amp;cd=CAEYACoTNTAyODM5Mzk3NTIyODM5NTQ3NjIZZTJkZWZhN2Q1ZGE5MTU3ZDplczplczpFUw&amp;usg=AOvVaw35Bbarb5tJ_tHvNcyZRlHy\" target=\"_blank\" rel=\"noopener\" data-saferedirecturl=\"https:\/\/www.google.com\/url?q=https:\/\/www.google.com\/url?rct%3Dj%26sa%3Dt%26url%3Dhttps:\/\/elpais.com\/tecnologia\/2022-09-09\/te-has-puesto-lenceria-verde-el-mensaje-de-acoso-que-genero-una-alianza-contra-las-aplicaciones-que-nos-espian.html%26ct%3Dga%26cd%3DCAEYACoTNTAyODM5Mzk3NTIyODM5NTQ3NjIZZTJkZWZhN2Q1ZGE5MTU3ZDplczplczpFUw%26usg%3DAOvVaw35Bbarb5tJ_tHvNcyZRlHy&amp;source=gmail&amp;ust=1662794760503000&amp;usg=AOvVaw1VaGunP5m6bVRildL0Ggno\">Te has puesto lencer\u00eda verde\u201d: el mensaje de acoso que\u00a0gener\u00f3 una alianza contra las &#8230;\u00a0<\/a>elpais<br \/>\n<a class=\"title\" href=\"https:\/\/www.zoomnews.es\/los-expertos-explican-los-interrogantes-detras-de-los-pinchazos-a-mujeres-en-discotecas-lo-que-se-esta-inoculando-es-miedo\/\" target=\"_blank\" rel=\"noopener\" data-artpy=\"0\" data-author=\"zoomnews.es\">Los expertos explican los interrogantes detr\u00e1s de los pinchazos a mujeres en discotecas: \u00abLo que se est\u00e1 inoculando es miedo\u00bb<\/a>-zoomnews<\/p>\n<p><strong>Ciencia y Cultura<br \/>\n<\/strong><a href=\"https:\/\/www.google.com\/url?rct=j&amp;sa=t&amp;url=https:\/\/www.eldiario.es\/canariasahora\/lapalmaahora\/sociedad\/cabildo-destaca-papel-mujer-astronomia-traves-exposicion_1_9297005.html&amp;ct=ga&amp;cd=CAEYDCoTMzA1NjIxMjg2NzE2OTYwODc5MTIZYzAzNzJlYmMyZmVhZGE1OTplczplczpFUw&amp;usg=AOvVaw2wiatdGFlL5U9g8IkBNccI\" target=\"_blank\" rel=\"noopener\" data-saferedirecturl=\"https:\/\/www.google.com\/url?q=https:\/\/www.google.com\/url?rct%3Dj%26sa%3Dt%26url%3Dhttps:\/\/www.eldiario.es\/canariasahora\/lapalmaahora\/sociedad\/cabildo-destaca-papel-mujer-astronomia-traves-exposicion_1_9297005.html%26ct%3Dga%26cd%3DCAEYDCoTMzA1NjIxMjg2NzE2OTYwODc5MTIZYzAzNzJlYmMyZmVhZGE1OTplczplczpFUw%26usg%3DAOvVaw2wiatdGFlL5U9g8IkBNccI&amp;source=gmail&amp;ust=1662717249689000&amp;usg=AOvVaw3_ov_hlkpYgeXoQVhhIjwb\">El Cabildo destaca el papel de la\u00a0mujer en la astronom\u00eda en una exposici\u00f3n &#8211;\u00a0<\/a><a>El Diario<br \/>\n<\/a><a href=\"https:\/\/www.google.com\/url?rct=j&amp;sa=t&amp;url=https:\/\/www.larazon.es\/madrid\/20220908\/7hshv5eqnzclrfmxgrxkzaqtti.html&amp;ct=ga&amp;cd=CAEYACoTOTU3NjI5MjIzNDA0ODcxNTg0OTIZYzAzNzJlYmMyZmVhZGE1OTplczplczpFUw&amp;usg=AOvVaw1B0EqlRhYzLOnxvX7gKQ8E\" target=\"_blank\" rel=\"noopener\" data-saferedirecturl=\"https:\/\/www.google.com\/url?q=https:\/\/www.google.com\/url?rct%3Dj%26sa%3Dt%26url%3Dhttps:\/\/www.larazon.es\/madrid\/20220908\/7hshv5eqnzclrfmxgrxkzaqtti.html%26ct%3Dga%26cd%3DCAEYACoTOTU3NjI5MjIzNDA0ODcxNTg0OTIZYzAzNzJlYmMyZmVhZGE1OTplczplczpFUw%26usg%3DAOvVaw1B0EqlRhYzLOnxvX7gKQ8E&amp;source=gmail&amp;ust=1662717249719000&amp;usg=AOvVaw0zoUOLGQ6UM-f84gNDXnV6\">La Residencia de Se\u00f1oritas de Madrid: pioneras en la educaci\u00f3n de la\u00a0mujer en Espa\u00f1a-\u00a0<\/a><a>La Raz\u00f3n<br \/>\n<\/a><a class=\"title\" href=\"https:\/\/es.vida-estilo.yahoo.com\/ensayo-desigualdad-espa%C3%B1a-javier-ruiz-090533896.html\" target=\"_blank\" rel=\"noopener\" data-artpy=\"0\" data-author=\"Yahoo Vida y Estilo Espa\u00f1a\">Un ensayo sobre la desigualdad en Espa\u00f1a, de Javier Ruiz, Premio Espasa 2022<\/a>-yahoo<br \/>\n<a class=\"title\" href=\"https:\/\/www.tercerainformacion.es\/articulo\/cultura\/09\/09\/2022\/el-festival-cine-por-mujeres-madrid-vuelve-a-las-salas-del-25-de-octubre-al-6-de-noviembre-de-2022\/\" target=\"_blank\" rel=\"noopener\" data-artpy=\"0\" data-author=\"Tercera Informaci\u00f3n\">El Festival Cine por Mujeres Madrid vuelve a las salas del 25 de octubre al 6 de noviembre de 2022<\/a>-tercerainformacion<br \/>\n<a class=\"title\" href=\"https:\/\/www.guadaque.com\/cultura-guadaque\/sigueenza-se-aliara-en-femenino-con-buika-valeria-castro-o-las-migas-mujeres-patrimonio\" target=\"_blank\" rel=\"noopener\" data-artpy=\"0\" data-author=\"Guadaqu\u00e9\" data-bm=\"48\">Sig\u00fcenza se aliar\u00e1 en femenino con Buika, Valeria Castro o Las Migas, mujeres Patrimonio<\/a>-elespa\u00f1ol<br \/>\n<a class=\"title\" href=\"https:\/\/www.msn.com\/es-es\/entertainment\/cine\/ana-de-armas-marilyn-era-una-mujer-como-yo-de-la-misma-edad-y-en-la-misma-industria\/ar-AA11BuY0\" target=\"_blank\" rel=\"noopener\" data-artpy=\"0\" data-author=\"El Mundo on MSN.com\">Ana de Armas: \u00abMarilyn era una mujer como yo, de la misma edad y en la misma industria\u00bb<\/a>-elmundo<br \/>\n<a class=\"title\" href=\"https:\/\/www.publico.es\/culturas\/yavn-attal-metoo-me-extrano-cantidad-hombres-no-conscientes-haber-herido-mujer.html\" target=\"_blank\" rel=\"noopener\" data-artpy=\"0\" data-author=\"P\u00fablico\">Estreno de &#8216;El acusado&#8217; Yavn Attal: \u00abCon el #MeToo me extra\u00f1\u00f3 la cantidad de hombres que no eran conscientes de haber herido a una mujer\u00bb<\/a>-publico<br \/>\n<a class=\"title\" href=\"https:\/\/www.20minutos.es\/noticia\/5054104\/0\/teresa-lanceta-julio-gonzalez-ana-penyas-y-el-arte-de-postguerra-en-europa-centran-el-otono-del-ivam\/\" target=\"_blank\" rel=\"noopener\" data-artpy=\"0\" data-author=\"20 minutos\">Teresa Lanceta, Julio Gonz\u00e1lez, Ana Penyas y el arte de postguerra en Europa centran el oto\u00f1o del IVAM<\/a>-20minutos<a><br \/>\n<\/a><\/p>\n<p><strong>Deporte<br \/>\n<\/strong><a class=\"title\" href=\"https:\/\/cadenaser.com\/baleares\/2022\/09\/08\/mavi-garcia-y-ane-santesteban-encabezan-la-convocatoria-de-espana-para-el-mundial-de-wollongong-radio-mallorca\/\" target=\"_blank\" rel=\"noopener\" data-artpy=\"0\" data-author=\"Cadena SER\">Mavi Garc\u00eda y Ane Santesteban encabezan la convocatoria de Espa\u00f1a para el Mundial de Wollongong<\/a>-ser<strong><br \/>\n<\/strong><a class=\"title\" href=\"https:\/\/www.msn.com\/es-es\/sports\/futbol\/rubiales-vuelve-a-utilizar-a-la-mujer-como-ariete-para-conseguir-su-c3-banico-objetivo-destruir-el-f-c3-batbol-femenino\/ar-AA11Dp4Y\" target=\"_blank\" rel=\"noopener\" data-artpy=\"0\" data-author=\"MARCA on MSN.com\">\u00abRubiales vuelve a utilizar a la mujer como ariete para conseguir su \u00fanico objetivo: destruir el f\u00fatbol femenino\u00bb<\/a><strong>&#8211;<\/strong>marca<strong><br \/>\n<\/strong><a class=\"title\" href=\"https:\/\/www.teleprensa.com\/articulo\/deportes\/arbitras-pitaran-partidos-liga-f-actual-indefinicion-laboral-economica\/202209090042291289615.html\" target=\"_blank\" rel=\"noopener\" data-artpy=\"0\" data-author=\"Tele Prensa\">Las \u00e1rbitras no pitar\u00e1n partidos de la Liga F por su \u00abactual indefinici\u00f3n laboral y econ\u00f3mica\u00bb<\/a><strong>&#8211;<\/strong>teleprensa<br \/>\n<a class=\"title\" href=\"https:\/\/www.esciclismo.com\/actualidad\/cicloturismo\/72810.html\" target=\"_blank\" rel=\"noopener\" data-artpy=\"0\" data-author=\"Es Ciclismo\">Madrid, preparada para acoger una multitudinaria I Marcha Women In Bike<\/a>-elciclismo<strong><br \/>\n<\/strong><\/p>\n<\/div>\n<\/div>\n<div id=\"\" class=\"lsow-panel lsow-active\">\n<h1 class=\"lsow-panel-title\">Internacional<\/h1>\n<div class=\"lsow-panel-content\">\n<p><a href=\"https:\/\/www.google.com\/url?rct=j&amp;sa=t&amp;url=https:\/\/www.eldiario.es\/internacional\/onu-calcula-paso-actual-haran-falta-tres-siglos-lograr-plena-igualdad-genero_1_9296887.html&amp;ct=ga&amp;cd=CAEYAioTMTM1NjI4MTYwMDExMzEzNjYzMDIZNTlkNzgxNzEzNmEyZDAyODplczplczpFUw&amp;usg=AOvVaw3XqkMVImgNFLJYMc90Anpq\" target=\"_blank\" rel=\"noopener\" data-saferedirecturl=\"https:\/\/www.google.com\/url?q=https:\/\/www.google.com\/url?rct%3Dj%26sa%3Dt%26url%3Dhttps:\/\/www.eldiario.es\/internacional\/onu-calcula-paso-actual-haran-falta-tres-siglos-lograr-plena-igualdad-genero_1_9296887.html%26ct%3Dga%26cd%3DCAEYAioTMTM1NjI4MTYwMDExMzEzNjYzMDIZNTlkNzgxNzEzNmEyZDAyODplczplczpFUw%26usg%3DAOvVaw3XqkMVImgNFLJYMc90Anpq&amp;source=gmail&amp;ust=1662717240819000&amp;usg=AOvVaw01GEck0_MsgmQViZRP8Gm0\">La ONU calcula que al paso actual har\u00e1n falta casi tres siglos para lograr la plena igualdad &#8230;-\u00a0<\/a><a>El Diario<br \/>\n<\/a><a href=\"https:\/\/www.google.com\/url?rct=j&amp;sa=t&amp;url=https:\/\/www.imf.org\/es\/News\/Articles\/2022\/09\/08\/blog-md-how-to-close-gender-gaps-and-grow-economy&amp;ct=ga&amp;cd=CAEYACoTNDY5NjExMjg5MzcxMzU0Nzg3MDIZNTlkNzgxNzEzNmEyZDAyODplczplczpFUw&amp;usg=AOvVaw17HYku-YIaNgtMPOGuej0A\" target=\"_blank\" rel=\"noopener\" data-saferedirecturl=\"https:\/\/www.google.com\/url?q=https:\/\/www.google.com\/url?rct%3Dj%26sa%3Dt%26url%3Dhttps:\/\/www.imf.org\/es\/News\/Articles\/2022\/09\/08\/blog-md-how-to-close-gender-gaps-and-grow-economy%26ct%3Dga%26cd%3DCAEYACoTNDY5NjExMjg5MzcxMzU0Nzg3MDIZNTlkNzgxNzEzNmEyZDAyODplczplczpFUw%26usg%3DAOvVaw17HYku-YIaNgtMPOGuej0A&amp;source=gmail&amp;ust=1662794782464000&amp;usg=AOvVaw1GF5H26-BVjqe5KVeh2U7N\">C\u00f3mo cerrar la brecha de g\u00e9nero y hacer crecer la econom\u00eda mundial-\u00a0<\/a><a>International Monetary Fund<br \/>\n<\/a><a href=\"https:\/\/www.google.com\/url?rct=j&amp;sa=t&amp;url=https:\/\/www.elfinanciero.com.mx\/economia\/2022\/09\/08\/pib-de-paises-con-mas-desigualdad-podria-crecer-35-con-politicas-publicas-con-enfoque-de-genero-fmi\/&amp;ct=ga&amp;cd=CAEYCCoTNDY5NjExMjg5MzcxMzU0Nzg3MDIZNTlkNzgxNzEzNmEyZDAyODplczplczpFUw&amp;usg=AOvVaw2fN7la4rKNIjkIu5yFkXu8\" target=\"_blank\" rel=\"noopener\" data-saferedirecturl=\"https:\/\/www.google.com\/url?q=https:\/\/www.google.com\/url?rct%3Dj%26sa%3Dt%26url%3Dhttps:\/\/www.elfinanciero.com.mx\/economia\/2022\/09\/08\/pib-de-paises-con-mas-desigualdad-podria-crecer-35-con-politicas-publicas-con-enfoque-de-genero-fmi\/%26ct%3Dga%26cd%3DCAEYCCoTNDY5NjExMjg5MzcxMzU0Nzg3MDIZNTlkNzgxNzEzNmEyZDAyODplczplczpFUw%26usg%3DAOvVaw2fN7la4rKNIjkIu5yFkXu8&amp;source=gmail&amp;ust=1662794782466000&amp;usg=AOvVaw2UgnstmqCf7lYTJes8QVYe\">PIB de pa\u00edses con m\u00e1s desigualdad podr\u00eda crecer 35% con pol\u00edticas p\u00fablicas con enfoque de g\u00e9nero-<\/a><a>El Financiero<br \/>\n<\/a><a href=\"https:\/\/www.google.com\/url?rct=j&amp;sa=t&amp;url=https:\/\/www.diariolasamericas.com\/mundo\/ue-anuncia-primera-cumbre-la-comunidad-politica-europea-n4256342&amp;ct=ga&amp;cd=CAEYEioTMTM1NjI4MTYwMDExMzEzNjYzMDIZNTlkNzgxNzEzNmEyZDAyODplczplczpFUw&amp;usg=AOvVaw3vR_p2WZzePgCwf-TL0PWb\" target=\"_blank\" rel=\"noopener\" data-saferedirecturl=\"https:\/\/www.google.com\/url?q=https:\/\/www.google.com\/url?rct%3Dj%26sa%3Dt%26url%3Dhttps:\/\/www.diariolasamericas.com\/mundo\/ue-anuncia-primera-cumbre-la-comunidad-politica-europea-n4256342%26ct%3Dga%26cd%3DCAEYEioTMTM1NjI4MTYwMDExMzEzNjYzMDIZNTlkNzgxNzEzNmEyZDAyODplczplczpFUw%26usg%3DAOvVaw3vR_p2WZzePgCwf-TL0PWb&amp;source=gmail&amp;ust=1662717240823000&amp;usg=AOvVaw3UgynIppmU9CK_jHaDe5qo\">UE anuncia primera cumbre de la comunidad pol\u00edtica europea &#8211;\u00a0<\/a><a>Diario Las Am\u00e9ricas<br \/>\n<\/a><a href=\"https:\/\/www.google.com\/url?rct=j&amp;sa=t&amp;url=https:\/\/www.pagina12.com.ar\/480101-salome-vuarant-la-identidad-de-la-mujer-pescadora-esta-en-co&amp;ct=ga&amp;cd=CAEYASoTNDE2ODA2NTQ5ODYxOTk0MDU5MTIZYzAzNzJlYmMyZmVhZGE1OTplczplczpFUw&amp;usg=AOvVaw3Co62iUz4yY6dXFZ53XB5r\" target=\"_blank\" rel=\"noopener\" data-saferedirecturl=\"https:\/\/www.google.com\/url?q=https:\/\/www.google.com\/url?rct%3Dj%26sa%3Dt%26url%3Dhttps:\/\/www.pagina12.com.ar\/480101-salome-vuarant-la-identidad-de-la-mujer-pescadora-esta-en-co%26ct%3Dga%26cd%3DCAEYASoTNDE2ODA2NTQ5ODYxOTk0MDU5MTIZYzAzNzJlYmMyZmVhZGE1OTplczplczpFUw%26usg%3DAOvVaw3Co62iUz4yY6dXFZ53XB5r&amp;source=gmail&amp;ust=1662794782587000&amp;usg=AOvVaw08P24ONT-N5oo7-UfXaxe4\">Salom\u00e9 Vuarant. \u201cLa identidad de la mujer pescadora est\u00e1 en construcci\u00f3n\u201d &#8211;<\/a><a>P\u00e1gina12<br \/>\n<\/a><a class=\"title\" href=\"https:\/\/www.acento.com.do\/internacional\/secretaria-igualdades-del-reino-unido-suprime-la-palabra-mujer-y-genera-polemica-9103634.html\" target=\"_blank\" rel=\"noopener\" data-artpy=\"0\" data-author=\"acento\">Secretar\u00eda Igualdades del Reino Unido suprime la palabra mujer y genera pol\u00e9mica<\/a>-acento<br \/>\n<a class=\"title\" href=\"https:\/\/www.prensalibre.com\/ahora\/internacional\/jill-biden-nombra-a-una-mujer-latina-como-su-nueva-portavoz\/\" target=\"_blank\" rel=\"noopener\" data-artpy=\"0\" data-author=\"Prensa Libre\">Jill Biden nombra a una mujer latina como su nueva portavoz<\/a>-prensalibre<br \/>\n<a class=\"title\" href=\"https:\/\/es.yahoo.com\/vida-estilo\/lilibet-mujer-reina-191715539.html\" target=\"_blank\" rel=\"noopener\" data-artpy=\"0\" data-author=\"Yahoo Vida y Estilo Espa\u00f1a\">Lilibet, la mujer tras la reina<\/a>-yahoo<a><br \/>\n<\/a><a class=\"title\" href=\"https:\/\/www.eluniverso.com\/noticias\/economia\/festivales-de-cerveza-promoveran-a-mujeres-de-la-industria-y-el-intercambio-empresarial-entre-alemania-y-ecuador-nota\/\" target=\"_blank\" rel=\"noopener\" data-artpy=\"0\" data-author=\"El Universo\">Festivales de cerveza promover\u00e1n a mujeres de la industria y el intercambio empresarial entre Alemania y Ecuador<\/a>-eluniverso<a><br \/>\n<\/a><a class=\"title\" href=\"https:\/\/es-us.vida-estilo.yahoo.com\/fr%C3%A1ncfort-lanza-edici%C3%B3n-a%C3%B1o-espa%C3%B1a-131126837.html\" target=\"_blank\" rel=\"noopener\" data-artpy=\"0\" data-author=\"Yahoo Vida y Estilo Espa\u00f1a\">Fr\u00e1ncfort lanza su edici\u00f3n de este a\u00f1o con Espa\u00f1a como pa\u00eds invitado<\/a>-yahoo<br \/>\n<a class=\"title\" href=\"https:\/\/www.tennisworldes.com\/tenis\/news\/Serena_Williams\/71491\/wilander-comenta-el-adios-de-serena-williams-ha-trascendido-los-limites-del-deporte\/\" target=\"_blank\" rel=\"noopener\" data-artpy=\"0\" data-author=\"Tennis World ES\">Wilander comenta el adi\u00f3s de Serena Williams: Ha trascendido los l\u00edmites del deporte<\/a>-tennisworld<\/p>\n<\/div>\n<\/div>\n<\/div><\/div><\/div><\/div><\/div>\n","protected":false},"excerpt":{"rendered":"<p>C\u00f3mo cerrar la brecha de g\u00e9nero y hacer crecer la econom\u00eda mundial * Mujer y mayor de 35, el perfil del cooperante espa\u00f1ol * La urgente necesidad de una cooperaci\u00f3n feminista * Lilibet, la mujer tras la reina * Un metaverso para potenciar las oportunidades de desarrollo de las mujeres<\/p>\n","protected":false},"author":3,"featured_media":22909,"comment_status":"closed","ping_status":"closed","sticky":false,"template":"","format":"standard","meta":{"footnotes":""},"categories":[298,621],"tags":[211,272,282],"class_list":["post-16983","post","type-post","status-publish","format-standard","has-post-thumbnail","hentry","category-newsletter","category-nwl-3-0","tag-brecha-de-genero","tag-cooperacion-feminista","tag-metaverso"],"yoast_head":"<!-- This site is optimized with the Yoast SEO plugin v27.4 - https:\/\/yoast.com\/product\/yoast-seo-wordpress\/ -->\n<title>Noticias Info CKL n\u00ba 2714-09\/09\/22 -Comunicar con perspectiva de g\u00e9nero<\/title>\n<meta name=\"description\" content=\"Noticias Info CKL n\u00ba 2714-09\/09\/22 C\u00f3mo cerrar la brecha de g\u00e9nero y hacer crecer la econom\u00eda mundial * Mujer y mayor de 35, el perfil del cooperante espa\u00f1ol * La urgente necesidad de una cooperaci\u00f3n feminista * Lilibet, la mujer tras la reina * Un metaverso para potenciar las oportunidades de desarrollo de las mujeres\" \/>\n<meta name=\"robots\" content=\"index, follow, max-snippet:-1, max-image-preview:large, max-video-preview:-1\" \/>\n<link rel=\"canonical\" href=\"https:\/\/cklcomunicaciones.es\/coop\/noticias-info-ckl-no-2714-09-09-22\/\" \/>\n<meta property=\"og:locale\" content=\"es_ES\" \/>\n<meta property=\"og:type\" content=\"article\" \/>\n<meta property=\"og:title\" content=\"Noticias Info CKL n\u00ba 2714-09\/09\/22 -Comunicar con perspectiva de g\u00e9nero\" \/>\n<meta property=\"og:description\" content=\"Noticias Info CKL n\u00ba 2714-09\/09\/22 C\u00f3mo cerrar la brecha de g\u00e9nero y hacer crecer la econom\u00eda mundial * Mujer y mayor de 35, el perfil del cooperante espa\u00f1ol * La urgente necesidad de una cooperaci\u00f3n feminista * Lilibet, la mujer tras la reina * Un metaverso para potenciar las oportunidades de desarrollo de las mujeres\" \/>\n<meta property=\"og:url\" content=\"https:\/\/cklcomunicaciones.es\/coop\/noticias-info-ckl-no-2714-09-09-22\/\" \/>\n<meta property=\"og:site_name\" content=\"CKL Comunicaciones\" \/>\n<meta property=\"article:published_time\" content=\"2022-09-09T12:08:58+00:00\" \/>\n<meta property=\"article:modified_time\" content=\"2025-02-09T00:10:09+00:00\" \/>\n<meta property=\"og:image\" content=\"https:\/\/cklcomunicaciones.es\/coop\/wp-content\/uploads\/2025\/01\/CKL-una-mirada-distinta-de-la-comunicacion.jpg\" \/>\n\t<meta property=\"og:image:width\" content=\"1482\" \/>\n\t<meta property=\"og:image:height\" content=\"775\" \/>\n\t<meta property=\"og:image:type\" content=\"image\/jpeg\" \/>\n<meta name=\"author\" content=\"ckl\" \/>\n<meta name=\"twitter:card\" content=\"summary_large_image\" \/>\n<meta name=\"twitter:label1\" content=\"Escrito por\" \/>\n\t<meta name=\"twitter:data1\" content=\"ckl\" \/>\n\t<meta name=\"twitter:label2\" content=\"Tiempo de lectura\" \/>\n\t<meta name=\"twitter:data2\" content=\"7 minutos\" \/>\n<script type=\"application\/ld+json\" class=\"yoast-schema-graph\">{\"@context\":\"https:\\\/\\\/schema.org\",\"@graph\":[{\"@type\":\"Article\",\"@id\":\"https:\\\/\\\/cklcomunicaciones.es\\\/coop\\\/noticias-info-ckl-no-2714-09-09-22\\\/#article\",\"isPartOf\":{\"@id\":\"https:\\\/\\\/cklcomunicaciones.es\\\/coop\\\/noticias-info-ckl-no-2714-09-09-22\\\/\"},\"author\":{\"name\":\"ckl\",\"@id\":\"https:\\\/\\\/cklcomunicaciones.es\\\/coop\\\/#\\\/schema\\\/person\\\/929a6837f7626450bbb50cee1aef266e\"},\"headline\":\"Noticias Info CKL n\u00ba 2714-09\\\/09\\\/22\",\"datePublished\":\"2022-09-09T12:08:58+00:00\",\"dateModified\":\"2025-02-09T00:10:09+00:00\",\"mainEntityOfPage\":{\"@id\":\"https:\\\/\\\/cklcomunicaciones.es\\\/coop\\\/noticias-info-ckl-no-2714-09-09-22\\\/\"},\"wordCount\":1354,\"image\":{\"@id\":\"https:\\\/\\\/cklcomunicaciones.es\\\/coop\\\/noticias-info-ckl-no-2714-09-09-22\\\/#primaryimage\"},\"thumbnailUrl\":\"https:\\\/\\\/cklcomunicaciones.es\\\/coop\\\/wp-content\\\/uploads\\\/2025\\\/01\\\/CKL-una-mirada-distinta-de-la-comunicacion.jpg\",\"keywords\":[\"brecha de g\u00e9nero\",\"cooperaci\u00f3n feminista\",\"metaverso\"],\"articleSection\":[\"Newsletter\",\"Nwl v3.0\"],\"inLanguage\":\"es\"},{\"@type\":\"WebPage\",\"@id\":\"https:\\\/\\\/cklcomunicaciones.es\\\/coop\\\/noticias-info-ckl-no-2714-09-09-22\\\/\",\"url\":\"https:\\\/\\\/cklcomunicaciones.es\\\/coop\\\/noticias-info-ckl-no-2714-09-09-22\\\/\",\"name\":\"Noticias Info CKL n\u00ba 2714-09\\\/09\\\/22 -Comunicar con perspectiva de g\u00e9nero\",\"isPartOf\":{\"@id\":\"https:\\\/\\\/cklcomunicaciones.es\\\/coop\\\/#website\"},\"primaryImageOfPage\":{\"@id\":\"https:\\\/\\\/cklcomunicaciones.es\\\/coop\\\/noticias-info-ckl-no-2714-09-09-22\\\/#primaryimage\"},\"image\":{\"@id\":\"https:\\\/\\\/cklcomunicaciones.es\\\/coop\\\/noticias-info-ckl-no-2714-09-09-22\\\/#primaryimage\"},\"thumbnailUrl\":\"https:\\\/\\\/cklcomunicaciones.es\\\/coop\\\/wp-content\\\/uploads\\\/2025\\\/01\\\/CKL-una-mirada-distinta-de-la-comunicacion.jpg\",\"datePublished\":\"2022-09-09T12:08:58+00:00\",\"dateModified\":\"2025-02-09T00:10:09+00:00\",\"author\":{\"@id\":\"https:\\\/\\\/cklcomunicaciones.es\\\/coop\\\/#\\\/schema\\\/person\\\/929a6837f7626450bbb50cee1aef266e\"},\"description\":\"Noticias Info CKL n\u00ba 2714-09\\\/09\\\/22 C\u00f3mo cerrar la brecha de g\u00e9nero y hacer crecer la econom\u00eda mundial * Mujer y mayor de 35, el perfil del cooperante espa\u00f1ol * La urgente necesidad de una cooperaci\u00f3n feminista * Lilibet, la mujer tras la reina * Un metaverso para potenciar las oportunidades de desarrollo de las mujeres\",\"breadcrumb\":{\"@id\":\"https:\\\/\\\/cklcomunicaciones.es\\\/coop\\\/noticias-info-ckl-no-2714-09-09-22\\\/#breadcrumb\"},\"inLanguage\":\"es\",\"potentialAction\":[{\"@type\":\"ReadAction\",\"target\":[\"https:\\\/\\\/cklcomunicaciones.es\\\/coop\\\/noticias-info-ckl-no-2714-09-09-22\\\/\"]}]},{\"@type\":\"ImageObject\",\"inLanguage\":\"es\",\"@id\":\"https:\\\/\\\/cklcomunicaciones.es\\\/coop\\\/noticias-info-ckl-no-2714-09-09-22\\\/#primaryimage\",\"url\":\"https:\\\/\\\/cklcomunicaciones.es\\\/coop\\\/wp-content\\\/uploads\\\/2025\\\/01\\\/CKL-una-mirada-distinta-de-la-comunicacion.jpg\",\"contentUrl\":\"https:\\\/\\\/cklcomunicaciones.es\\\/coop\\\/wp-content\\\/uploads\\\/2025\\\/01\\\/CKL-una-mirada-distinta-de-la-comunicacion.jpg\",\"width\":1482,\"height\":775,\"caption\":\"CKL - una mirada distinta de la comunicacion\"},{\"@type\":\"BreadcrumbList\",\"@id\":\"https:\\\/\\\/cklcomunicaciones.es\\\/coop\\\/noticias-info-ckl-no-2714-09-09-22\\\/#breadcrumb\",\"itemListElement\":[{\"@type\":\"ListItem\",\"position\":1,\"name\":\"Portada\",\"item\":\"https:\\\/\\\/cklcomunicaciones.es\\\/coop\\\/\"},{\"@type\":\"ListItem\",\"position\":2,\"name\":\"Noticias Info CKL n\u00ba 2714-09\\\/09\\\/22\"}]},{\"@type\":\"WebSite\",\"@id\":\"https:\\\/\\\/cklcomunicaciones.es\\\/coop\\\/#website\",\"url\":\"https:\\\/\\\/cklcomunicaciones.es\\\/coop\\\/\",\"name\":\"CKL Comunicaciones\",\"description\":\"Sitio web de CKL Comunicaciones coop , la consultora de comunicaci\u00f3n y estrategia\",\"potentialAction\":[{\"@type\":\"SearchAction\",\"target\":{\"@type\":\"EntryPoint\",\"urlTemplate\":\"https:\\\/\\\/cklcomunicaciones.es\\\/coop\\\/?s={search_term_string}\"},\"query-input\":{\"@type\":\"PropertyValueSpecification\",\"valueRequired\":true,\"valueName\":\"search_term_string\"}}],\"inLanguage\":\"es\"},{\"@type\":\"Person\",\"@id\":\"https:\\\/\\\/cklcomunicaciones.es\\\/coop\\\/#\\\/schema\\\/person\\\/929a6837f7626450bbb50cee1aef266e\",\"name\":\"ckl\",\"image\":{\"@type\":\"ImageObject\",\"inLanguage\":\"es\",\"@id\":\"https:\\\/\\\/secure.gravatar.com\\\/avatar\\\/c82db564e8a669bf6023357a157b9dc4780f4d4c618f2ad1d71a6a5dede45057?s=96&d=mm&r=g\",\"url\":\"https:\\\/\\\/secure.gravatar.com\\\/avatar\\\/c82db564e8a669bf6023357a157b9dc4780f4d4c618f2ad1d71a6a5dede45057?s=96&d=mm&r=g\",\"contentUrl\":\"https:\\\/\\\/secure.gravatar.com\\\/avatar\\\/c82db564e8a669bf6023357a157b9dc4780f4d4c618f2ad1d71a6a5dede45057?s=96&d=mm&r=g\",\"caption\":\"ckl\"},\"url\":\"https:\\\/\\\/cklcomunicaciones.es\\\/coop\\\/author\\\/cklcomunicaciones\\\/\"}]}<\/script>\n<!-- \/ Yoast SEO plugin. -->","yoast_head_json":{"title":"Noticias Info CKL n\u00ba 2714-09\/09\/22 -Comunicar con perspectiva de g\u00e9nero","description":"Noticias Info CKL n\u00ba 2714-09\/09\/22 C\u00f3mo cerrar la brecha de g\u00e9nero y hacer crecer la econom\u00eda mundial * Mujer y mayor de 35, el perfil del cooperante espa\u00f1ol * La urgente necesidad de una cooperaci\u00f3n feminista * Lilibet, la mujer tras la reina * Un metaverso para potenciar las oportunidades de desarrollo de las mujeres","robots":{"index":"index","follow":"follow","max-snippet":"max-snippet:-1","max-image-preview":"max-image-preview:large","max-video-preview":"max-video-preview:-1"},"canonical":"https:\/\/cklcomunicaciones.es\/coop\/noticias-info-ckl-no-2714-09-09-22\/","og_locale":"es_ES","og_type":"article","og_title":"Noticias Info CKL n\u00ba 2714-09\/09\/22 -Comunicar con perspectiva de g\u00e9nero","og_description":"Noticias Info CKL n\u00ba 2714-09\/09\/22 C\u00f3mo cerrar la brecha de g\u00e9nero y hacer crecer la econom\u00eda mundial * Mujer y mayor de 35, el perfil del cooperante espa\u00f1ol * La urgente necesidad de una cooperaci\u00f3n feminista * Lilibet, la mujer tras la reina * Un metaverso para potenciar las oportunidades de desarrollo de las mujeres","og_url":"https:\/\/cklcomunicaciones.es\/coop\/noticias-info-ckl-no-2714-09-09-22\/","og_site_name":"CKL Comunicaciones","article_published_time":"2022-09-09T12:08:58+00:00","article_modified_time":"2025-02-09T00:10:09+00:00","og_image":[{"width":1482,"height":775,"url":"https:\/\/cklcomunicaciones.es\/coop\/wp-content\/uploads\/2025\/01\/CKL-una-mirada-distinta-de-la-comunicacion.jpg","type":"image\/jpeg"}],"author":"ckl","twitter_card":"summary_large_image","twitter_misc":{"Escrito por":"ckl","Tiempo de lectura":"7 minutos"},"schema":{"@context":"https:\/\/schema.org","@graph":[{"@type":"Article","@id":"https:\/\/cklcomunicaciones.es\/coop\/noticias-info-ckl-no-2714-09-09-22\/#article","isPartOf":{"@id":"https:\/\/cklcomunicaciones.es\/coop\/noticias-info-ckl-no-2714-09-09-22\/"},"author":{"name":"ckl","@id":"https:\/\/cklcomunicaciones.es\/coop\/#\/schema\/person\/929a6837f7626450bbb50cee1aef266e"},"headline":"Noticias Info CKL n\u00ba 2714-09\/09\/22","datePublished":"2022-09-09T12:08:58+00:00","dateModified":"2025-02-09T00:10:09+00:00","mainEntityOfPage":{"@id":"https:\/\/cklcomunicaciones.es\/coop\/noticias-info-ckl-no-2714-09-09-22\/"},"wordCount":1354,"image":{"@id":"https:\/\/cklcomunicaciones.es\/coop\/noticias-info-ckl-no-2714-09-09-22\/#primaryimage"},"thumbnailUrl":"https:\/\/cklcomunicaciones.es\/coop\/wp-content\/uploads\/2025\/01\/CKL-una-mirada-distinta-de-la-comunicacion.jpg","keywords":["brecha de g\u00e9nero","cooperaci\u00f3n feminista","metaverso"],"articleSection":["Newsletter","Nwl v3.0"],"inLanguage":"es"},{"@type":"WebPage","@id":"https:\/\/cklcomunicaciones.es\/coop\/noticias-info-ckl-no-2714-09-09-22\/","url":"https:\/\/cklcomunicaciones.es\/coop\/noticias-info-ckl-no-2714-09-09-22\/","name":"Noticias Info CKL n\u00ba 2714-09\/09\/22 -Comunicar con perspectiva de g\u00e9nero","isPartOf":{"@id":"https:\/\/cklcomunicaciones.es\/coop\/#website"},"primaryImageOfPage":{"@id":"https:\/\/cklcomunicaciones.es\/coop\/noticias-info-ckl-no-2714-09-09-22\/#primaryimage"},"image":{"@id":"https:\/\/cklcomunicaciones.es\/coop\/noticias-info-ckl-no-2714-09-09-22\/#primaryimage"},"thumbnailUrl":"https:\/\/cklcomunicaciones.es\/coop\/wp-content\/uploads\/2025\/01\/CKL-una-mirada-distinta-de-la-comunicacion.jpg","datePublished":"2022-09-09T12:08:58+00:00","dateModified":"2025-02-09T00:10:09+00:00","author":{"@id":"https:\/\/cklcomunicaciones.es\/coop\/#\/schema\/person\/929a6837f7626450bbb50cee1aef266e"},"description":"Noticias Info CKL n\u00ba 2714-09\/09\/22 C\u00f3mo cerrar la brecha de g\u00e9nero y hacer crecer la econom\u00eda mundial * Mujer y mayor de 35, el perfil del cooperante espa\u00f1ol * La urgente necesidad de una cooperaci\u00f3n feminista * Lilibet, la mujer tras la reina * Un metaverso para potenciar las oportunidades de desarrollo de las mujeres","breadcrumb":{"@id":"https:\/\/cklcomunicaciones.es\/coop\/noticias-info-ckl-no-2714-09-09-22\/#breadcrumb"},"inLanguage":"es","potentialAction":[{"@type":"ReadAction","target":["https:\/\/cklcomunicaciones.es\/coop\/noticias-info-ckl-no-2714-09-09-22\/"]}]},{"@type":"ImageObject","inLanguage":"es","@id":"https:\/\/cklcomunicaciones.es\/coop\/noticias-info-ckl-no-2714-09-09-22\/#primaryimage","url":"https:\/\/cklcomunicaciones.es\/coop\/wp-content\/uploads\/2025\/01\/CKL-una-mirada-distinta-de-la-comunicacion.jpg","contentUrl":"https:\/\/cklcomunicaciones.es\/coop\/wp-content\/uploads\/2025\/01\/CKL-una-mirada-distinta-de-la-comunicacion.jpg","width":1482,"height":775,"caption":"CKL - una mirada distinta de la comunicacion"},{"@type":"BreadcrumbList","@id":"https:\/\/cklcomunicaciones.es\/coop\/noticias-info-ckl-no-2714-09-09-22\/#breadcrumb","itemListElement":[{"@type":"ListItem","position":1,"name":"Portada","item":"https:\/\/cklcomunicaciones.es\/coop\/"},{"@type":"ListItem","position":2,"name":"Noticias Info CKL n\u00ba 2714-09\/09\/22"}]},{"@type":"WebSite","@id":"https:\/\/cklcomunicaciones.es\/coop\/#website","url":"https:\/\/cklcomunicaciones.es\/coop\/","name":"CKL Comunicaciones","description":"Sitio web de CKL Comunicaciones coop , la consultora de comunicaci\u00f3n y estrategia","potentialAction":[{"@type":"SearchAction","target":{"@type":"EntryPoint","urlTemplate":"https:\/\/cklcomunicaciones.es\/coop\/?s={search_term_string}"},"query-input":{"@type":"PropertyValueSpecification","valueRequired":true,"valueName":"search_term_string"}}],"inLanguage":"es"},{"@type":"Person","@id":"https:\/\/cklcomunicaciones.es\/coop\/#\/schema\/person\/929a6837f7626450bbb50cee1aef266e","name":"ckl","image":{"@type":"ImageObject","inLanguage":"es","@id":"https:\/\/secure.gravatar.com\/avatar\/c82db564e8a669bf6023357a157b9dc4780f4d4c618f2ad1d71a6a5dede45057?s=96&d=mm&r=g","url":"https:\/\/secure.gravatar.com\/avatar\/c82db564e8a669bf6023357a157b9dc4780f4d4c618f2ad1d71a6a5dede45057?s=96&d=mm&r=g","contentUrl":"https:\/\/secure.gravatar.com\/avatar\/c82db564e8a669bf6023357a157b9dc4780f4d4c618f2ad1d71a6a5dede45057?s=96&d=mm&r=g","caption":"ckl"},"url":"https:\/\/cklcomunicaciones.es\/coop\/author\/cklcomunicaciones\/"}]}},"_links":{"self":[{"href":"https:\/\/cklcomunicaciones.es\/coop\/wp-json\/wp\/v2\/posts\/16983","targetHints":{"allow":["GET"]}}],"collection":[{"href":"https:\/\/cklcomunicaciones.es\/coop\/wp-json\/wp\/v2\/posts"}],"about":[{"href":"https:\/\/cklcomunicaciones.es\/coop\/wp-json\/wp\/v2\/types\/post"}],"author":[{"embeddable":true,"href":"https:\/\/cklcomunicaciones.es\/coop\/wp-json\/wp\/v2\/users\/3"}],"replies":[{"embeddable":true,"href":"https:\/\/cklcomunicaciones.es\/coop\/wp-json\/wp\/v2\/comments?post=16983"}],"version-history":[{"count":0,"href":"https:\/\/cklcomunicaciones.es\/coop\/wp-json\/wp\/v2\/posts\/16983\/revisions"}],"wp:featuredmedia":[{"embeddable":true,"href":"https:\/\/cklcomunicaciones.es\/coop\/wp-json\/wp\/v2\/media\/22909"}],"wp:attachment":[{"href":"https:\/\/cklcomunicaciones.es\/coop\/wp-json\/wp\/v2\/media?parent=16983"}],"wp:term":[{"taxonomy":"category","embeddable":true,"href":"https:\/\/cklcomunicaciones.es\/coop\/wp-json\/wp\/v2\/categories?post=16983"},{"taxonomy":"post_tag","embeddable":true,"href":"https:\/\/cklcomunicaciones.es\/coop\/wp-json\/wp\/v2\/tags?post=16983"}],"curies":[{"name":"wp","href":"https:\/\/api.w.org\/{rel}","templated":true}]}}