{"id":16848,"date":"2022-07-25T12:51:51","date_gmt":"2022-07-25T10:51:51","guid":{"rendered":"https:\/\/www.cklcomunicaciones.es\/?p=16848"},"modified":"2025-02-09T08:16:14","modified_gmt":"2025-02-09T07:16:14","slug":"noticias-info-ckl-no-2706-25-07-22","status":"publish","type":"post","link":"https:\/\/cklcomunicaciones.es\/coop\/noticias-info-ckl-no-2706-25-07-22\/","title":{"rendered":"Noticias Info CKL n\u00ba 2706-25\/07\/22"},"content":{"rendered":"<div class=\"fusion-fullwidth fullwidth-box fusion-builder-row-1 fusion-flex-container nonhundred-percent-fullwidth non-hundred-percent-height-scrolling\" style=\"--awb-border-radius-top-left:0px;--awb-border-radius-top-right:0px;--awb-border-radius-bottom-right:0px;--awb-border-radius-bottom-left:0px;--awb-flex-wrap:wrap;\" ><div class=\"fusion-builder-row fusion-row fusion-flex-align-items-flex-start fusion-flex-content-wrap\" style=\"max-width:1248px;margin-left: calc(-4% \/ 2 );margin-right: calc(-4% \/ 2 );\"><div class=\"fusion-layout-column fusion_builder_column fusion-builder-column-0 fusion_builder_column_1_1 1_1 fusion-flex-column\" style=\"--awb-bg-blend:overlay;--awb-bg-size:cover;--awb-width-large:100%;--awb-margin-top-large:0px;--awb-spacing-right-large:1.92%;--awb-margin-bottom-large:0px;--awb-spacing-left-large:1.92%;--awb-width-medium:100%;--awb-spacing-right-medium:1.92%;--awb-spacing-left-medium:1.92%;--awb-width-small:100%;--awb-spacing-right-small:1.92%;--awb-spacing-left-small:1.92%;\"><div class=\"fusion-column-wrapper fusion-flex-justify-content-flex-start fusion-content-layout-column\"><div class=\"fusion-text fusion-text-1\"><h1>Comunicaci\u00f3n, Publicidad y TICs<\/h1>\n<div id=\"\" class=\"lsow-panel lsow-active\">\n<div class=\"lsow-panel-content\">\n<p class=\"result__title\"><a class=\"result__a\" href=\"https:\/\/capital.es\/2022\/07\/25\/ikea-belen-frau-comunicacion\/\" rel=\"noopener\">Bel\u00e9n Frau: la mujer que ha puesto el espa\u00f1ol como lengua en la comunicaci\u00f3n de Ikea<\/a>-capital<br \/>\n<a class=\"result__a\" href=\"https:\/\/www.laprovincia.es\/dominical\/2022\/07\/24\/olga-viza-periodismo-deportivo-vivio-69477587.html\" rel=\"noopener\">Olga Viza \u00abEl periodismo deportivo vivi\u00f3 una eclosi\u00f3n que hizo que muchas mujeres quisieran dedicarse\u00bb<\/a>-lasprovincias<br \/>\n<a class=\"result__a\" href=\"https:\/\/www.msn.com\/es-es\/finance\/noticias\/mar-c3-ada-ram-c3-adrez-el-reporterismo-es-el-proceso-m-c3-a1s-bello-del-periodismo\/ar-AAZV6zu\" rel=\"noopener\">Mar\u00eda Ram\u00edrez, subdirectora eldiario.es: \u00abEl reporterismo es el proceso m\u00e1s bello del periodismo\u00bb-<\/a>eldiario<br \/>\n<a href=\"https:\/\/www.google.com\/url?rct=j&amp;sa=t&amp;url=https:\/\/www.bbc.com\/mundo\/noticias-62266168&amp;ct=ga&amp;cd=CAEYACoTMzgxODQzODAyNzc1Nzc0OTc1MjIZZTFlNzdkMTU2MDk4YThlMzplczplczpFUw&amp;usg=AOvVaw1MPQhnGmgrKOCQGQB8ZnGx\" target=\"_blank\" rel=\"noopener\" data-saferedirecturl=\"https:\/\/www.google.com\/url?q=https:\/\/www.google.com\/url?rct%3Dj%26sa%3Dt%26url%3Dhttps:\/\/www.bbc.com\/mundo\/noticias-62266168%26ct%3Dga%26cd%3DCAEYACoTMzgxODQzODAyNzc1Nzc0OTc1MjIZZTFlNzdkMTU2MDk4YThlMzplczplczpFUw%26usg%3DAOvVaw1MPQhnGmgrKOCQGQB8ZnGx&amp;source=gmail&amp;ust=1658824164966000&amp;usg=AOvVaw0jxAFiZf8lEGswOUzkoCYz\">Tinder: las medidas que la compa\u00f1\u00eda est\u00e1 tomando para proteger a las mujeres que usan la app-\u00a0<\/a><a>BBC<br \/>\n<\/a><a href=\"https:\/\/www.google.com\/url?rct=j&amp;sa=t&amp;url=https:\/\/pulsoslp.com.mx\/cienciaytecnologia\/cerco-a-los-algoritmos-machistas-la-cara-b-de-la-inteligencia-artificial-\/1519408&amp;ct=ga&amp;cd=CAEYACoTMTc5ODg1OTQ4NDUyNjQ2NTQ4OTIZZTFlNzdkMTU2MDk4YThlMzplczplczpFUw&amp;usg=AOvVaw19YrKHgD2gVIb_2JVBTWzm\" target=\"_blank\" rel=\"noopener\" data-saferedirecturl=\"https:\/\/www.google.com\/url?q=https:\/\/www.google.com\/url?rct%3Dj%26sa%3Dt%26url%3Dhttps:\/\/pulsoslp.com.mx\/cienciaytecnologia\/cerco-a-los-algoritmos-machistas-la-cara-b-de-la-inteligencia-artificial-\/1519408%26ct%3Dga%26cd%3DCAEYACoTMTc5ODg1OTQ4NDUyNjQ2NTQ4OTIZZTFlNzdkMTU2MDk4YThlMzplczplczpFUw%26usg%3DAOvVaw19YrKHgD2gVIb_2JVBTWzm&amp;source=gmail&amp;ust=1658827551004000&amp;usg=AOvVaw1U4w_dVi1T2kGHzWoblpDm\">Cerco a los algoritmos machistas, la cara B de la inteligencia artificial &#8211;\u00a0<\/a><a>Pulso<br \/>\n<\/a><a class=\"result__a\" href=\"https:\/\/www.puromarketing.com\/148\/36736\/industria-marketing-medios-sigue-teniendo-techo-cristal-puestos-directivos\" rel=\"noopener\">La industria del marketing y de los medios sigue teniendo un techo de cristal en sus puestos directivos<\/a>-puromarketing<\/p>\n<\/div>\n<\/div>\n<div id=\"\" class=\"lsow-panel lsow-active\">\n<h1 class=\"lsow-panel-title\">Andaluc\u00eda<\/h1>\n<div class=\"lsow-panel-content\">\n<p><strong>Institucional<br \/>\n<\/strong><a class=\"result__a\" href=\"https:\/\/sevilla.abc.es\/andalucia\/juanma-moreno-forma-vigesimo-gobierno-junta-andalucia-20220725071628-nts.html\" rel=\"noopener\">Juanma Moreno da forma hoy al vig\u00e9simo Gobierno de la Junta de Andaluc\u00eda<\/a>-abc<\/p>\n<p><strong>Econom\u00eda y Empresas<br \/>\n<\/strong><a href=\"https:\/\/www.google.com\/url?rct=j&amp;sa=t&amp;url=https:\/\/www.diariodealmeria.es\/agriculturadealmeria\/AMFAR-Almeria-broche-final-programa-Agro-Igualdad-mujer-rural_0_1704130787.amp.html&amp;ct=ga&amp;cd=CAEYACoTNzg3Mjc2NzgzNTk4MDIzNzQ5NjIZYzAzNzJlYmMyZmVhZGE1OTplczplczpFUw&amp;usg=AOvVaw2g0JzvtNwhZxp9-aTrnpqr\" target=\"_blank\" rel=\"noopener\" data-saferedirecturl=\"https:\/\/www.google.com\/url?q=https:\/\/www.google.com\/url?rct%3Dj%26sa%3Dt%26url%3Dhttps:\/\/www.diariodealmeria.es\/agriculturadealmeria\/AMFAR-Almeria-broche-final-programa-Agro-Igualdad-mujer-rural_0_1704130787.amp.html%26ct%3Dga%26cd%3DCAEYACoTNzg3Mjc2NzgzNTk4MDIzNzQ5NjIZYzAzNzJlYmMyZmVhZGE1OTplczplczpFUw%26usg%3DAOvVaw2g0JzvtNwhZxp9-aTrnpqr&amp;source=gmail&amp;ust=1658824155796000&amp;usg=AOvVaw3MOTBT1XfPwMlQQxKuGRjs\">AMFAR-Almer\u00eda pone el broche final a su programa Agro-Igualdad &#8211;\u00a0<\/a><a>Diario de Almer\u00eda<br \/>\n<\/a><a href=\"https:\/\/www.google.com\/url?rct=j&amp;sa=t&amp;url=https:\/\/www.sepe.es\/HomeSepe\/que-es-el-sepe\/comunicacion-institucional\/noticias\/detalle-noticia.html%3Ffolder%3D\/2022\/Julio\/%26detail%3DAndalucia-pone-en-marcha-la-iniciativa-Joven-Ahora-para-jovenes-inscritos-en-Garantia-Juvenil&amp;ct=ga&amp;cd=CAEYACoTMzA0MDEyMDc1MDc2MTY0MDk3NTIZZDc4ZTU4NzVhMGYxZjJhYzplczplczpFUw&amp;usg=AOvVaw2h3iqK8aqYJbdpe1Pux3u7\" target=\"_blank\" rel=\"noopener\" data-saferedirecturl=\"https:\/\/www.google.com\/url?q=https:\/\/www.google.com\/url?rct%3Dj%26sa%3Dt%26url%3Dhttps:\/\/www.sepe.es\/HomeSepe\/que-es-el-sepe\/comunicacion-institucional\/noticias\/detalle-noticia.html%253Ffolder%253D\/2022\/Julio\/%2526detail%253DAndalucia-pone-en-marcha-la-iniciativa-Joven-Ahora-para-jovenes-inscritos-en-Garantia-Juvenil%26ct%3Dga%26cd%3DCAEYACoTMzA0MDEyMDc1MDc2MTY0MDk3NTIZZDc4ZTU4NzVhMGYxZjJhYzplczplczpFUw%26usg%3DAOvVaw2h3iqK8aqYJbdpe1Pux3u7&amp;source=gmail&amp;ust=1658824168224000&amp;usg=AOvVaw3J2nCoyy6nxKbwp6_fBbZj\">Andaluc\u00eda pone en marcha la iniciativa \u201cJoven Ahora\u201d para j\u00f3venes inscritos en Garant\u00eda Juvenil-\u00a0<\/a><a>SEPE<br \/>\n<\/a><a href=\"https:\/\/www.google.com\/url?rct=j&amp;sa=t&amp;url=https:\/\/andaluciaorienta.net\/heineken-preve-100-empleos-jaen&amp;ct=ga&amp;cd=CAEYACoUMTMxNDM4NTE4MDk1MzI2MTcwNjgyGWQ3OGU1ODc1YTBmMWYyYWM6ZXM6ZXM6RVM&amp;usg=AOvVaw1eTZihSY3aVwdhEroc8O6f\" target=\"_blank\" rel=\"noopener\" data-saferedirecturl=\"https:\/\/www.google.com\/url?q=https:\/\/www.google.com\/url?rct%3Dj%26sa%3Dt%26url%3Dhttps:\/\/andaluciaorienta.net\/heineken-preve-100-empleos-jaen%26ct%3Dga%26cd%3DCAEYACoUMTMxNDM4NTE4MDk1MzI2MTcwNjgyGWQ3OGU1ODc1YTBmMWYyYWM6ZXM6ZXM6RVM%26usg%3DAOvVaw1eTZihSY3aVwdhEroc8O6f&amp;source=gmail&amp;ust=1658824165271000&amp;usg=AOvVaw2IiBR7PQjjkFcnovbPpSLq\">Heineken prev\u00e9 la creaci\u00f3n de 100 empleos en Ja\u00e9n<\/a>-andaluciaorienta<a><br \/>\n<\/a><\/p>\n<p><strong>Actualidad<br \/>\n<\/strong><a href=\"https:\/\/www.google.com\/url?rct=j&amp;sa=t&amp;url=https:\/\/elcorreoweb.es\/sevilla\/educar-en-igualdad-una-apuesta-del-ayuntamiento-de-sevilla-a-favor-de-la-igualdad-y-contra-la-violencia-de-genero-XG8008123&amp;ct=ga&amp;cd=CAEYACoUMTIyODI4ODQ4ODcwOTA3MTkzOTAyGWUxZTc3ZDE1NjA5OGE4ZTM6ZXM6ZXM6RVM&amp;usg=AOvVaw1RSly3xBwteURhQFl0iUuZ\" target=\"_blank\" rel=\"noopener\" data-saferedirecturl=\"https:\/\/www.google.com\/url?q=https:\/\/www.google.com\/url?rct%3Dj%26sa%3Dt%26url%3Dhttps:\/\/elcorreoweb.es\/sevilla\/educar-en-igualdad-una-apuesta-del-ayuntamiento-de-sevilla-a-favor-de-la-igualdad-y-contra-la-violencia-de-genero-XG8008123%26ct%3Dga%26cd%3DCAEYACoUMTIyODI4ODQ4ODcwOTA3MTkzOTAyGWUxZTc3ZDE1NjA5OGE4ZTM6ZXM6ZXM6RVM%26usg%3DAOvVaw1RSly3xBwteURhQFl0iUuZ&amp;source=gmail&amp;ust=1658830904215000&amp;usg=AOvVaw0U5wmoLIwm2eNAXMHGR7ta\">Educar en Igualdad, una apuesta del Ayuntamiento de Sevilla a favor de &#8230; &#8211;\u00a0<\/a><a>El Correo de Andaluc\u00eda<br \/>\n<\/a><a class=\"result__a\" href=\"https:\/\/www.ideal.es\/ciencia\/quimica-maestra-20220725161920-nt.html\" rel=\"noopener\">La qu\u00edmica que tuvo que ser maestra<\/a>-ideal<br \/>\n<a class=\"result__a\" href=\"https:\/\/www.elimparcial.es\/noticia\/241394\/gente-y-tendencias\/la-hijastra-de-la-duquesa-alvarez-de-toledo-reclama-la-herencia-ganada-en-el-juicio.html\" rel=\"noopener\">La hijastra de la duquesa \u00c1lvarez de Toledo reclama la herencia ganada en el juicio<\/a>-elimparcial<\/p>\n<p><strong>Violencias<br \/>\n<\/strong><a href=\"https:\/\/www.google.com\/url?rct=j&amp;sa=t&amp;url=https:\/\/www.granadadigital.es\/investigan-presunta-agrexson-sexual-mujer-cerca-biblioteca-andalucia\/&amp;ct=ga&amp;cd=CAEYBioTMzUzNDE2NjE5MjM3MjAyODQ5NjIZYzAzNzJlYmMyZmVhZGE1OTplczplczpFUw&amp;usg=AOvVaw0umx--FAfRA1obZ4OvCBo0\" target=\"_blank\" rel=\"noopener\" data-saferedirecturl=\"https:\/\/www.google.com\/url?q=https:\/\/www.google.com\/url?rct%3Dj%26sa%3Dt%26url%3Dhttps:\/\/www.granadadigital.es\/investigan-presunta-agrexson-sexual-mujer-cerca-biblioteca-andalucia\/%26ct%3Dga%26cd%3DCAEYBioTMzUzNDE2NjE5MjM3MjAyODQ5NjIZYzAzNzJlYmMyZmVhZGE1OTplczplczpFUw%26usg%3DAOvVaw0umx--FAfRA1obZ4OvCBo0&amp;source=gmail&amp;ust=1658824155756000&amp;usg=AOvVaw3dQWekHjiGnZQ287Ja567J\">Investigan una presunta agresi\u00f3n sexual a una mujer cerca de la Biblioteca de Andaluc\u00eda-\u00a0<\/a><a>Granada Digital<br \/>\n<\/a><a title=\"Veinticinco centros sanitarios certifican su compromiso en la lucha contra la violencia de g\u00e9nero\" href=\"https:\/\/www.juntadeandalucia.es\/presidencia\/portavoz\/salud\/173930\/ConsejeriadeSalud\/certificado\/compromiso\/lucha\/violenciadegenero\/mujer\/malostratos\">Veinticinco centros sanitarios certifican su compromiso en la lucha contra la violencia de g\u00e9nero<\/a>-juntadeandalucia<br \/>\n<a class=\"result__a\" href=\"https:\/\/andaluciainformacion.es\/el-puerto\/1065578\/investigan-la-muerte-por-arma-de-fuego-de-un-matrimonio-en-albunol\/\" rel=\"noopener\">Investigan la muerte por arma de fuego de un matrimonio en Albu\u00f1ol<\/a>-andaluciainformacion<\/p>\n<p><strong>Cienci<\/strong><strong>a y Cultura<br \/>\n<\/strong><a title=\"Diez docentes andaluces reconocidos con los Premios Nacionales eTwinning 2022\" href=\"https:\/\/www.juntadeandalucia.es\/presidencia\/portavoz\/educacion\/173886\/ConsejeriadeEducacion\/docentes\/ensenanza\/premiosnacionales\/etwinning\">Diez docentes andaluces reconocidos con los Premios Nacionales eTwinning 2022<\/a>-juntadeandalucia<strong><br \/>\n<\/strong><a class=\"result__a\" href=\"https:\/\/www.diariodecadiz.es\/ocio\/Almudena-Grandes-doctora-honoris-UCA_0_1704730357.html\" rel=\"noopener\">Almudena Grandes ser\u00e1 hoy doctora honoris causa de la UCA a t\u00edtulo p\u00f3stumo<\/a>-diariodecadiz<br \/>\n<a class=\"result__a\" href=\"https:\/\/www.canalsur.es\/television\/programas\/andalucia-x-el-mundo\/noticia\/1846693.html\" rel=\"noopener\">Pisamos la alfombra roja de Cannes con la chiclanera Alejandra Romera<\/a>-canalsur<br \/>\n<a href=\"https:\/\/www.google.com\/url?rct=j&amp;sa=t&amp;url=https:\/\/www.diariodejerez.es\/jerez\/mujeres-Alfonso-Sabio_0_1704430321.html&amp;ct=ga&amp;cd=CAEYACoUMTYzNjQ3NDM3MDU1NDgwOTQ0ODkyGWMwMzcyZWJjMmZlYWRhNTk6ZXM6ZXM6RVM&amp;usg=AOvVaw1IvfXMefG_NJZGpguA7gXy\" target=\"_blank\" rel=\"noopener\" data-saferedirecturl=\"https:\/\/www.google.com\/url?q=https:\/\/www.google.com\/url?rct%3Dj%26sa%3Dt%26url%3Dhttps:\/\/www.diariodejerez.es\/jerez\/mujeres-Alfonso-Sabio_0_1704430321.html%26ct%3Dga%26cd%3DCAEYACoUMTYzNjQ3NDM3MDU1NDgwOTQ0ODkyGWMwMzcyZWJjMmZlYWRhNTk6ZXM6ZXM6RVM%26usg%3DAOvVaw1IvfXMefG_NJZGpguA7gXy&amp;source=gmail&amp;ust=1658824156013000&amp;usg=AOvVaw2Zy8TF8a_ISfCq3lyUhDXI\">Las\u00a0mujeres de Alfonso X &#8216;El Sabio&#8217; &#8211;\u00a0<\/a><a>Diario de Jerez<br \/>\n<\/a><a class=\"result__a\" href=\"https:\/\/www.laopiniondemalaga.es\/municipios\/2022\/07\/25\/diez-razones-dejarte-rap-violencia-69848228.html\" rel=\"noopener\">&#8216;Diez razones para dejarte&#8217;, el rap contra la violencia de g\u00e9nero<\/a>-deportes<br \/>\n<a class=\"result__a\" href=\"https:\/\/www.europapress.es\/andalucia\/sevilla-00357\/noticia-repositorio-digital-icas-incrementa-coleccion-incorporacion-nuevos-titulos-ejemplares-20220724132012.html\" rel=\"noopener\">El repositorio digital del ICAS incrementa su colecci\u00f3n con la incorporaci\u00f3n de nuevos t\u00edtulos y ejemplares<\/a>-europapress<a>\u00a0<\/a><\/p>\n<p><strong>Deportes<br \/>\n<\/strong><a class=\"result__a\" href=\"https:\/\/www.diariodesevilla.es\/deportes\/Espana-sevillana-Maribel-Perez-historico_0_1704730234.html\" rel=\"noopener\">Espa\u00f1a, con la sevillana Maribel P\u00e9rez, logra un hist\u00f3rico quinto puesto en 4&#215;100<\/a>-diariodesevilla<strong><br \/>\n<\/strong><\/p>\n<\/div>\n<\/div>\n<div id=\"\" class=\"lsow-panel lsow-active\">\n<h1 class=\"lsow-panel-title\">Estado<\/h1>\n<div class=\"lsow-panel-content\">\n<p><strong>Institucional<\/strong><a><br \/>\n<\/a><a class=\"title\" href=\"https:\/\/www.msn.com\/es-es\/news\/espana\/lilith-verstrynge-sustituye-a-enrique-santiago-como-secretaria-de-estado-de-la-agenda-2030\/ar-AAZR91j\" target=\"_blank\" rel=\"noopener\" data-artpy=\"0\" data-author=\"ESPA\u00d1OL on MSN.com\">Lilith Verstrynge sustituye a Enrique Santiago como secretaria de Estado de la Agenda 2030<\/a>-elespa\u00f1ol<strong><br \/>\n<\/strong><\/p>\n<p><strong>Institucional \u2013 CCAA<br \/>\n<\/strong><a href=\"https:\/\/www.google.com\/url?rct=j&amp;sa=t&amp;url=https:\/\/www.diariosigloxxi.com\/texto-ep\/mostrar\/20220722162619\/baleares-pide-nuevo-pacto-estado-contra-violencia-machista-sea-estable-tiempo-no-tenga-caducidad&amp;ct=ga&amp;cd=CAEYByoTMzUzNDE2NjE5MjM3MjAyODQ5NjIZYzAzNzJlYmMyZmVhZGE1OTplczplczpFUw&amp;usg=AOvVaw0zGOjMQojeRl73gjIaWnKd\" target=\"_blank\" rel=\"noopener\" data-saferedirecturl=\"https:\/\/www.google.com\/url?q=https:\/\/www.google.com\/url?rct%3Dj%26sa%3Dt%26url%3Dhttps:\/\/www.diariosigloxxi.com\/texto-ep\/mostrar\/20220722162619\/baleares-pide-nuevo-pacto-estado-contra-violencia-machista-sea-estable-tiempo-no-tenga-caducidad%26ct%3Dga%26cd%3DCAEYByoTMzUzNDE2NjE5MjM3MjAyODQ5NjIZYzAzNzJlYmMyZmVhZGE1OTplczplczpFUw%26usg%3DAOvVaw0zGOjMQojeRl73gjIaWnKd&amp;source=gmail&amp;ust=1658824155757000&amp;usg=AOvVaw01g0SuLV-3FrjLOayfMn9C\">Baleares pide que el nuevo Pacto de Estado contra la Violencia Machista sea estable en el tiempo y no tenga caducidad &#8230; &#8211;\u00a0<\/a><a>Diario Siglo XXI<br \/>\n<\/a><a href=\"https:\/\/www.google.com\/url?rct=j&amp;sa=t&amp;url=https:\/\/www.lavanguardia.com\/vida\/20220722\/8425843\/igualdad-instala-punts-violeta-festivales-musica-evitar-agresiones-sexistas.html&amp;ct=ga&amp;cd=CAEYACoTNDQzMTg2ODg2MTI4MjUzNTA2MDIZYzAzNzJlYmMyZmVhZGE1OTplczplczpFUw&amp;usg=AOvVaw0AKbpvqB6p2lWoiFc59qlO\" target=\"_blank\" rel=\"noopener\" data-saferedirecturl=\"https:\/\/www.google.com\/url?q=https:\/\/www.google.com\/url?rct%3Dj%26sa%3Dt%26url%3Dhttps:\/\/www.lavanguardia.com\/vida\/20220722\/8425843\/igualdad-instala-punts-violeta-festivales-musica-evitar-agresiones-sexistas.html%26ct%3Dga%26cd%3DCAEYACoTNDQzMTg2ODg2MTI4MjUzNTA2MDIZYzAzNzJlYmMyZmVhZGE1OTplczplczpFUw%26usg%3DAOvVaw0AKbpvqB6p2lWoiFc59qlO&amp;source=gmail&amp;ust=1658824155870000&amp;usg=AOvVaw3zbSiP5eDjcZKf5tuDE_PR\">Igualdad instala &#8216;Punts Violeta&#8217; en los festivales de m\u00fasica para evitar las agresiones sexistas-\u00a0<\/a><a>La Vanguardia<br \/>\n<\/a><a href=\"https:\/\/www.google.com\/url?rct=j&amp;sa=t&amp;url=https:\/\/www.noticiasextremadura.es\/gil-rosina-ofrece-una-mesa-de-dialogo-permanente-a-las-mujeres-extremenas-de-la-cultura\/&amp;ct=ga&amp;cd=CAEYAyoTNTEyNDA3NTMwNTA0MDgzOTQ0NzIZYzAzNzJlYmMyZmVhZGE1OTplczplczpFUw&amp;usg=AOvVaw150HAXHOi-0eHh4qAFAWvp\" target=\"_blank\" rel=\"noopener\" data-saferedirecturl=\"https:\/\/www.google.com\/url?q=https:\/\/www.google.com\/url?rct%3Dj%26sa%3Dt%26url%3Dhttps:\/\/www.noticiasextremadura.es\/gil-rosina-ofrece-una-mesa-de-dialogo-permanente-a-las-mujeres-extremenas-de-la-cultura\/%26ct%3Dga%26cd%3DCAEYAyoTNTEyNDA3NTMwNTA0MDgzOTQ0NzIZYzAzNzJlYmMyZmVhZGE1OTplczplczpFUw%26usg%3DAOvVaw150HAXHOi-0eHh4qAFAWvp&amp;source=gmail&amp;ust=1658824155918000&amp;usg=AOvVaw32xG-m_mKwpTFT3rwLRzp-\">Gil Rosi\u00f1a ofrece una mesa de di\u00e1logo permanente a las extreme\u00f1as de la cultura-\u00a0<\/a><a>Noticias Extremadura<br \/>\n<\/a><a href=\"https:\/\/www.google.com\/url?rct=j&amp;sa=t&amp;url=https:\/\/www.europapress.es\/castilla-lamancha\/noticia-lm-destinado-200000-euros-19-proyectos-reducir-brecha-genero-ambito-laboral-legislatura-20220724130350.html&amp;ct=ga&amp;cd=CAEYASoUMTAxNzk0NTgxMjA3MjMwODQ1MDQyGWMwMzcyZWJjMmZlYWRhNTk6ZXM6ZXM6RVM&amp;usg=AOvVaw0vUfAQc5EuKVVjqHDyl_dD\" target=\"_blank\" rel=\"noopener\" data-saferedirecturl=\"https:\/\/www.google.com\/url?q=https:\/\/www.google.com\/url?rct%3Dj%26sa%3Dt%26url%3Dhttps:\/\/www.europapress.es\/castilla-lamancha\/noticia-lm-destinado-200000-euros-19-proyectos-reducir-brecha-genero-ambito-laboral-legislatura-20220724130350.html%26ct%3Dga%26cd%3DCAEYASoUMTAxNzk0NTgxMjA3MjMwODQ1MDQyGWMwMzcyZWJjMmZlYWRhNTk6ZXM6ZXM6RVM%26usg%3DAOvVaw0vUfAQc5EuKVVjqHDyl_dD&amp;source=gmail&amp;ust=1658824156077000&amp;usg=AOvVaw0NhFPlJek_0JEnZ9RPvS40\">C-LM ha destinado 200.000 euros a 19 proyectos para reducir brecha de g\u00e9nero en el &#8230;-\u00a0<\/a><a>Europa Press<\/a><\/p>\n<p><strong>Econom\u00eda y Empresa<br \/>\n<\/strong><a href=\"https:\/\/www.google.com\/url?rct=j&amp;sa=t&amp;url=https:\/\/www.elespanol.com\/mujer\/actualidad\/20220723\/talento-innovacion-tecnologia-academia-europea-liderazgo-mujeres\/689431426_0.html&amp;ct=ga&amp;cd=CAEYBCoUMTM1NzQ0MjM2Nzk3NzE3MDI0NDgyGWMwMzcyZWJjMmZlYWRhNTk6ZXM6ZXM6RVM&amp;usg=AOvVaw3ugpxq_2P74gUzIHAjrP_u\" target=\"_blank\" rel=\"noopener\" data-saferedirecturl=\"https:\/\/www.google.com\/url?q=https:\/\/www.google.com\/url?rct%3Dj%26sa%3Dt%26url%3Dhttps:\/\/www.elespanol.com\/mujer\/actualidad\/20220723\/talento-innovacion-tecnologia-academia-europea-liderazgo-mujeres\/689431426_0.html%26ct%3Dga%26cd%3DCAEYBCoUMTM1NzQ0MjM2Nzk3NzE3MDI0NDgyGWMwMzcyZWJjMmZlYWRhNTk6ZXM6ZXM6RVM%26usg%3DAOvVaw3ugpxq_2P74gUzIHAjrP_u&amp;source=gmail&amp;ust=1658824155880000&amp;usg=AOvVaw2FB5qEjYdDryG9cAeSk6nd\">Talento, innovaci\u00f3n y tecnolog\u00eda: as\u00ed ha sido la Academia Europea de Liderazgo para mujeres-\u00a0<\/a><a>El Espa\u00f1ol<br \/>\n<\/a><a href=\"https:\/\/www.google.com\/url?rct=j&amp;sa=t&amp;url=https:\/\/elpais.com\/economia\/negocios\/2022-07-24\/la-brecha-de-genero-sale-muy-cara.html&amp;ct=ga&amp;cd=CAEYACoTMzcxNzYwMzIyMjUwMjk1MzUyMTIZYzAzNzJlYmMyZmVhZGE1OTplczplczpFUw&amp;usg=AOvVaw2xSmUxhplh5ZsX6JCpcVMN\" target=\"_blank\" rel=\"noopener\" data-saferedirecturl=\"https:\/\/www.google.com\/url?q=https:\/\/www.google.com\/url?rct%3Dj%26sa%3Dt%26url%3Dhttps:\/\/elpais.com\/economia\/negocios\/2022-07-24\/la-brecha-de-genero-sale-muy-cara.html%26ct%3Dga%26cd%3DCAEYACoTMzcxNzYwMzIyMjUwMjk1MzUyMTIZYzAzNzJlYmMyZmVhZGE1OTplczplczpFUw%26usg%3DAOvVaw2xSmUxhplh5ZsX6JCpcVMN&amp;source=gmail&amp;ust=1658824156023000&amp;usg=AOvVaw3JD5tufQPPDGZ-fSfSQ7SP\">La brecha de g\u00e9nero sale muy cara\u00a0<\/a>-elpais<br \/>\n<a class=\"result__a\" href=\"https:\/\/es.vida-estilo.yahoo.com\/cu%C3%A1l-realidad-mujeres-viven-mercado-224700036.html\" rel=\"noopener\">Cu\u00e1l es la realidad que las mujeres viven hoy dentro del mercado laboral<\/a>-yahoo<br \/>\n<a href=\"https:\/\/www.google.com\/url?rct=j&amp;sa=t&amp;url=https:\/\/www.lamoncloa.gob.es\/serviciosdeprensa\/notasprensa\/trabajo14\/Paginas\/2022\/220722-yolanda-diaz-onu.aspx&amp;ct=ga&amp;cd=CAEYACoTMTY5NzY0NDAxNjY1Nzg4Mzk4NjIbOTE4ODU3Y2Q2MGY5Nzc0ODplczplczpFUzpM&amp;usg=AOvVaw3WkAe8kVSzZ_fy5y-e0qxB\" target=\"_blank\" rel=\"noopener\" data-saferedirecturl=\"https:\/\/www.google.com\/url?q=https:\/\/www.google.com\/url?rct%3Dj%26sa%3Dt%26url%3Dhttps:\/\/www.lamoncloa.gob.es\/serviciosdeprensa\/notasprensa\/trabajo14\/Paginas\/2022\/220722-yolanda-diaz-onu.aspx%26ct%3Dga%26cd%3DCAEYACoTMTY5NzY0NDAxNjY1Nzg4Mzk4NjIbOTE4ODU3Y2Q2MGY5Nzc0ODplczplczpFUzpM%26usg%3DAOvVaw3WkAe8kVSzZ_fy5y-e0qxB&amp;source=gmail&amp;ust=1658827555377000&amp;usg=AOvVaw3w4H53MthxZcDignTcCq29\">Ministerio de Trabajo y Econom\u00eda Social impulsa la primera resoluci\u00f3n de la ONU sobre Econom\u00eda Social &#8211;\u00a0<\/a><a>La Moncloa<br \/>\n<\/a><a class=\"result__a\" href=\"https:\/\/contrainformacion.es\/mary-poppins-catedratica-de-economia\/\" rel=\"noopener\">Mary Poppins, catedr\u00e1tica de econom\u00eda<\/a>-contrainformacion<\/p>\n<div class=\"result__extras\">\n<div class=\"result__extras__url\">\n<p><strong>Actualidad<br \/>\n<\/strong><a href=\"https:\/\/www.google.com\/url?rct=j&amp;sa=t&amp;url=https:\/\/www.antena3.com\/noticias\/sociedad\/que-mueren-mas-mujeres-que-hombres-como-consecuencia-ola-calor_2022072262da8b992e7c280001818f0a.html&amp;ct=ga&amp;cd=CAEYCSoTMzUzNDE2NjE5MjM3MjAyODQ5NjIZYzAzNzJlYmMyZmVhZGE1OTplczplczpFUw&amp;usg=AOvVaw1-Q0qO6PLmXp2l8R0iu6Eo\" target=\"_blank\" rel=\"noopener\" data-saferedirecturl=\"https:\/\/www.google.com\/url?q=https:\/\/www.google.com\/url?rct%3Dj%26sa%3Dt%26url%3Dhttps:\/\/www.antena3.com\/noticias\/sociedad\/que-mueren-mas-mujeres-que-hombres-como-consecuencia-ola-calor_2022072262da8b992e7c280001818f0a.html%26ct%3Dga%26cd%3DCAEYCSoTMzUzNDE2NjE5MjM3MjAyODQ5NjIZYzAzNzJlYmMyZmVhZGE1OTplczplczpFUw%26usg%3DAOvVaw1-Q0qO6PLmXp2l8R0iu6Eo&amp;source=gmail&amp;ust=1658824155757000&amp;usg=AOvVaw0uk-9iVOaFjpGYNnFznb0L\">Por qu\u00e9 mueren m\u00e1s\u00a0mujeres que hombres como consecuencia de la ola de calor &#8211;\u00a0<\/a><a>Antena 3<br \/>\n<\/a><a href=\"https:\/\/www.google.com\/url?rct=j&amp;sa=t&amp;url=https:\/\/www.rtve.es\/noticias\/20220722\/covid-persistente-definicion-sanidad-estudio-isciii\/2390527.shtml&amp;ct=ga&amp;cd=CAEYCyoTMzUzNDE2NjE5MjM3MjAyODQ5NjIZYzAzNzJlYmMyZmVhZGE1OTplczplczpFUw&amp;usg=AOvVaw123JQuDwQIVvqqXeVnrvT2\" target=\"_blank\" rel=\"noopener\" data-saferedirecturl=\"https:\/\/www.google.com\/url?q=https:\/\/www.google.com\/url?rct%3Dj%26sa%3Dt%26url%3Dhttps:\/\/www.rtve.es\/noticias\/20220722\/covid-persistente-definicion-sanidad-estudio-isciii\/2390527.shtml%26ct%3Dga%26cd%3DCAEYCyoTMzUzNDE2NjE5MjM3MjAyODQ5NjIZYzAzNzJlYmMyZmVhZGE1OTplczplczpFUw%26usg%3DAOvVaw123JQuDwQIVvqqXeVnrvT2&amp;source=gmail&amp;ust=1658824155757000&amp;usg=AOvVaw0fWNexf863WUWH8_r3xvgt\">El COVID persistente ya tiene definici\u00f3n en Espa\u00f1a<\/a>-rtve<br \/>\n<a class=\"result__a\" href=\"https:\/\/www.diariodemallorca.es\/sociedad\/2022\/07\/24\/maternidad-vida-publica-politica-69823165.html\" rel=\"noopener\">La maternidad en la vida p\u00fablica tambi\u00e9n es pol\u00edtica<\/a>-diariodemallorca<br \/>\n<a class=\"result__a\" href=\"https:\/\/es.noticias.yahoo.com\/500-migrantes-rescatados-mediterr%C3%A1neo-24-130320333.html\" rel=\"noopener\">M\u00e1s de 500 migrantes rescatados en el Mediterr\u00e1neo en 24 horas<\/a>-yahoo<br \/>\n<a href=\"https:\/\/www.eldiario.es\/sociedad\/implica-declaracion-viruela-mono-emergencia-salud-internacional_1_9197422.html\">\u00bfQu\u00e9 implica la declaraci\u00f3n de la viruela del mono como emergencia de salud internacional?<\/a>-eldiario<\/p>\n<p><strong>Violencias<br \/>\n<\/strong><a href=\"https:\/\/www.google.com\/url?rct=j&amp;sa=t&amp;url=https:\/\/www.lamoncloa.gob.es\/serviciosdeprensa\/notasprensa\/igualdad\/Paginas\/2022\/220722-igualdadpactoestado.aspx&amp;ct=ga&amp;cd=CAEYACoTODc5MjAwOTk2OTg2NjczMjc4ODIZNTlkNzgxNzEzNmEyZDAyODplczplczpFUw&amp;usg=AOvVaw0a6PWUjb4XW6sU_rp0bFCE\" target=\"_blank\" rel=\"noopener\" data-saferedirecturl=\"https:\/\/www.google.com\/url?q=https:\/\/www.google.com\/url?rct%3Dj%26sa%3Dt%26url%3Dhttps:\/\/www.lamoncloa.gob.es\/serviciosdeprensa\/notasprensa\/igualdad\/Paginas\/2022\/220722-igualdadpactoestado.aspx%26ct%3Dga%26cd%3DCAEYACoTODc5MjAwOTk2OTg2NjczMjc4ODIZNTlkNzgxNzEzNmEyZDAyODplczplczpFUw%26usg%3DAOvVaw0a6PWUjb4XW6sU_rp0bFCE&amp;source=gmail&amp;ust=1658824165105000&amp;usg=AOvVaw3Yer5_cVnf8md1ymAaUGTr\">Igualdad y las CCAA acuerdan prorrogar y mejorar la financiaci\u00f3n del Pacto de Estado &#8230;-\u00a0<\/a><a>La Moncloa<\/a><strong><br \/>\n<\/strong><\/p>\n<\/div>\n<\/div>\n<p><strong>Ciencia y Cultura<br \/>\n<\/strong><a href=\"https:\/\/www.google.com\/url?rct=j&amp;sa=t&amp;url=https:\/\/toledodiario.es\/entrevista-la-investigadora-toledana-rosario-serrano-el-reconocimiento-de-la-mujer-en-el-mundo-cientifico-ya-es-unanime\/&amp;ct=ga&amp;cd=CAEYACoTNTEyNDA3NTMwNTA0MDgzOTQ0NzIZYzAzNzJlYmMyZmVhZGE1OTplczplczpFUw&amp;usg=AOvVaw1N5AJ0UCHZqheFScvD-cs3\" target=\"_blank\" rel=\"noopener\" data-saferedirecturl=\"https:\/\/www.google.com\/url?q=https:\/\/www.google.com\/url?rct%3Dj%26sa%3Dt%26url%3Dhttps:\/\/toledodiario.es\/entrevista-la-investigadora-toledana-rosario-serrano-el-reconocimiento-de-la-mujer-en-el-mundo-cientifico-ya-es-unanime\/%26ct%3Dga%26cd%3DCAEYACoTNTEyNDA3NTMwNTA0MDgzOTQ0NzIZYzAzNzJlYmMyZmVhZGE1OTplczplczpFUw%26usg%3DAOvVaw1N5AJ0UCHZqheFScvD-cs3&amp;source=gmail&amp;ust=1658824155917000&amp;usg=AOvVaw3VVYPvDTajX61OMEJG3HTe\">La investigadora toledana Rosario Serrano: \u201cEl reconocimiento de la\u00a0mujer en el mundo cient\u00edfico&#8230;-\u00a0<\/a><a>Toledodiario<br \/>\n<\/a><a href=\"https:\/\/www.eldiario.es\/sociedad\/macarena-garcia-hay-esperanza-descubrir-planetas-exoticos-puedan-dar-condiciones-albergar-vida_128_9190703.html\">Macarena Garc\u00eda, astrof\u00edsica: \u201cHay esperanza de descubrir planetas donde se puedan dar condiciones de albergar vida\u201d<\/a>-eldiario<br \/>\n<a class=\"result__a\" href=\"https:\/\/www.msn.com\/es-es\/news\/espana\/cristina-alonso-el-lado-humano-de-la-qu-c3-admica\/ar-AAZVRo0\" rel=\"noopener\">Cristina Alonso, el lado humano de la qu\u00edmica<\/a>-lavanguardia<br \/>\n<a class=\"result__a\" href=\"https:\/\/www.larazon.es\/madrid\/20220725\/nbxqhliawjhshgvhs5fypilkqu.html\" rel=\"noopener\">Cristina Cerrada: \u00abLas mujeres nos lo pensamos dos veces antes de ser violentas\u00bb<\/a>-larazondigital<br \/>\n<a class=\"result__a\" href=\"https:\/\/www.lanzadigital.com\/cultura\/yo-solo-vine-a-ver-al-jardin-una-celebracion-en-torno-al-cuerpo-el-deseo-y-placer-femenino\/\" rel=\"noopener\">&#8216;Yo s\u00f3lo vine a ver al jard\u00edn&#8217;, una \u00abcelebraci\u00f3n\u00bb en torno al cuerpo, el deseo y el placer femenino<\/a>-lanzadigital<br \/>\n<a class=\"result__a\" href=\"https:\/\/www.cope.es\/actualidad\/cultura\/noticias\/berta-riaza-anos-trayectoria-teatral-que-quedan-olvido-20220724_2214472\" rel=\"noopener\">Berta Riaza, 60 a\u00f1os de trayectoria teatral que no quedan en el olvido<\/a>-cope<br \/>\n<a class=\"result__a\" href=\"https:\/\/www.elperiodico.com\/es\/ocio-y-cultura\/20220725\/adios-mercedes-gomez-moran-decana-14161527\" rel=\"noopener\">Adi\u00f3s a Mercedes G\u00f3mez-Mor\u00e1n, decana de las artistas espa\u00f1olas<\/a>-elperiodico<\/p>\n<p><strong>Deporte<br \/>\n<\/strong><a href=\"https:\/\/elpais.com\/deportes\/2022-07-25\/hasta-los-juegos-olimpicos-de-barcelona-92-las-mujeres-eramos-el-segundo-plato.html\">Mercedes Coghen: \u00abHasta los Juegos Ol\u00edmpicos de Barcelona 92 las mujeres \u00e9ramos el segundo plato\u201d<\/a>-elpais<br \/>\n<a class=\"result__a\" href=\"https:\/\/www.catalunyapress.es\/articulo\/deportes\/2022-07-25\/3836359-baix-llobregat-sede-europeo-femenino-softbol\" rel=\"noopener\">Catalunya acoge el Europeo femenino de softbol<\/a>-catalunyapress<br \/>\n<a class=\"result__a\" href=\"https:\/\/www.noticiasdenavarra.com\/atletismo\/2022\/07\/25\/espana-termina-eugene-bronces-seis-5850042.html\" rel=\"noopener\">Espa\u00f1a termina en Eugene con dos bronces y otros seis finalistas<\/a>-noticias<br \/>\n<a class=\"result__a\" href=\"https:\/\/www.lanzadigital.com\/deportes\/el-4x100-femenino-quinto-del-mundo-con-un-nuevo-record-de-espana\/\" rel=\"noopener\">El 4\u00d7100 femenino, quinto del mundo con un nuevo r\u00e9cord de Espa\u00f1a<\/a>-lanzadigital<\/p>\n<\/div>\n<\/div>\n<div id=\"\" class=\"lsow-panel lsow-active\">\n<h1 class=\"lsow-panel-title\">Internacional<\/h1>\n<div class=\"lsow-panel-content\">\n<p><a href=\"https:\/\/www.google.com\/url?rct=j&amp;sa=t&amp;url=https:\/\/economis.com.ar\/el-fmi-incluira-la-perspectiva-de-genero-en-sus-actividades-de-de-monitoreo-y-concesion-de-prestamos\/&amp;ct=ga&amp;cd=CAEYASoTNTU3Mzc2Mzc1NTUxNDE3NzYxODIZNTlkNzgxNzEzNmEyZDAyODplczplczpFUw&amp;usg=AOvVaw0jxwMbQ53DlWjJ3CQ8698r\" target=\"_blank\" rel=\"noopener\" data-saferedirecturl=\"https:\/\/www.google.com\/url?q=https:\/\/www.google.com\/url?rct%3Dj%26sa%3Dt%26url%3Dhttps:\/\/economis.com.ar\/el-fmi-incluira-la-perspectiva-de-genero-en-sus-actividades-de-de-monitoreo-y-concesion-de-prestamos\/%26ct%3Dga%26cd%3DCAEYASoTNTU3Mzc2Mzc1NTUxNDE3NzYxODIZNTlkNzgxNzEzNmEyZDAyODplczplczpFUw%26usg%3DAOvVaw0jxwMbQ53DlWjJ3CQ8698r&amp;source=gmail&amp;ust=1658824165146000&amp;usg=AOvVaw3EWliPFn3_n0rOj1P6Y6V2\">El FMI incluir\u00e1 la \u201cperspectiva de g\u00e9nero\u201d en sus actividades de de monitoreo y concesi\u00f3n de pr\u00e9stamos &#8230;<\/a>&#8211; economis<br \/>\n<a href=\"https:\/\/www.google.com\/url?rct=j&amp;sa=t&amp;url=https:\/\/www.pagina12.com.ar\/439124-chile-mujeres-chilenas-ganan-21-7-menos-que-los-hombres-segu&amp;ct=ga&amp;cd=CAEYCCoTMzUzNDE2NjE5MjM3MjAyODQ5NjIZYzAzNzJlYmMyZmVhZGE1OTplczplczpFUw&amp;usg=AOvVaw1xahev6LJtZLvVs7ogzZNb\" target=\"_blank\" rel=\"noopener\" data-saferedirecturl=\"https:\/\/www.google.com\/url?q=https:\/\/www.google.com\/url?rct%3Dj%26sa%3Dt%26url%3Dhttps:\/\/www.pagina12.com.ar\/439124-chile-mujeres-chilenas-ganan-21-7-menos-que-los-hombres-segu%26ct%3Dga%26cd%3DCAEYCCoTMzUzNDE2NjE5MjM3MjAyODQ5NjIZYzAzNzJlYmMyZmVhZGE1OTplczplczpFUw%26usg%3DAOvVaw1xahev6LJtZLvVs7ogzZNb&amp;source=gmail&amp;ust=1658824155757000&amp;usg=AOvVaw00DwaDEVUASoQa6PYArAyk\">Mujeres\u00a0chilenas ganan 21,7% menos que los hombres, seg\u00fan informe del\u00a0Instituto &#8230;-\u00a0<\/a><a>P\u00e1gina12<br \/>\n<\/a><a href=\"https:\/\/www.google.com\/url?rct=j&amp;sa=t&amp;url=https:\/\/www.infobae.com\/america\/the-new-york-times\/2022\/07\/24\/cuando-la-cuenta-para-la-jubilacion-de-las-mujeres-se-convierte-en-el-fondo-de-emergencia-de-la-familia\/&amp;ct=ga&amp;cd=CAEYACoUMTAxMjEwNjg4NTY1Mzc3ODkyNTIyGWMwMzcyZWJjMmZlYWRhNTk6ZXM6ZXM6RVM&amp;usg=AOvVaw039z-bSEOUnARMZf14pV4g\" target=\"_blank\" rel=\"noopener\" data-saferedirecturl=\"https:\/\/www.google.com\/url?q=https:\/\/www.google.com\/url?rct%3Dj%26sa%3Dt%26url%3Dhttps:\/\/www.infobae.com\/america\/the-new-york-times\/2022\/07\/24\/cuando-la-cuenta-para-la-jubilacion-de-las-mujeres-se-convierte-en-el-fondo-de-emergencia-de-la-familia\/%26ct%3Dga%26cd%3DCAEYACoUMTAxMjEwNjg4NTY1Mzc3ODkyNTIyGWMwMzcyZWJjMmZlYWRhNTk6ZXM6ZXM6RVM%26usg%3DAOvVaw039z-bSEOUnARMZf14pV4g&amp;source=gmail&amp;ust=1658828535007000&amp;usg=AOvVaw00MijthxALSafkyRQmJ7Zn\">Cuando la cuenta para la jubilaci\u00f3n de las\u00a0mujeres se convierte en el fondo de emergencia familiar&#8230;-<\/a><a>Infobae<br \/>\n<\/a><a class=\"title\" href=\"https:\/\/www.msn.com\/es-es\/finance\/noticias\/dilema-del-bce-inflaci-c3-b3n-crecimiento-o-deuda\/ar-AAZVs8N\" target=\"_blank\" rel=\"noopener\" data-artpy=\"0\" data-author=\"La informacion on MSN.com\">Dilema del BCE: inflaci\u00f3n, crecimiento o deuda<\/a>-lainformacion<a><br \/>\n<\/a><a class=\"result__a\" href=\"https:\/\/www.elsaltodiario.com\/afrodescendientes\/dia-internacional-mujer-afrodescendiente-escuchar-lhistorias-hermanas-ha-sido-vital-importancia\" rel=\"noopener\">D\u00eda internacional de la mujer afrodescendiente: \u00abEscuchar las historias de otras hermanas ha sido de vital importancia\u00bb<\/a>-elsaltodiario<br \/>\n<a class=\"result__a\" href=\"https:\/\/www.libertaddigital.com\/chic\/corazon\/2022-07-24\/los-95-anos-de-gina-lollobrigida-tras-una-vida-de-desenfreno-6918446\/\" rel=\"noopener\">Los 95 a\u00f1os de Gina Lollobr\u00edgida tras una vida de desenfreno<\/a>-libertaddigital<\/p>\n<\/div>\n<\/div>\n<\/div><\/div><\/div><\/div><\/div>\n","protected":false},"excerpt":{"rendered":"<p>FMI incluir\u00e1 la perspectiva de g\u00e9nero en sus actividades de de monitoreo y concesi\u00f3n de pr\u00e9stamos * Lilith Verstrynge Secretaria de Estado de la Agenda 2030 * La brecha de g\u00e9nero sale muy cara * Mary Poppins catedr\u00e1tica de econom\u00eda * Cerco a los algoritmos machistas<\/p>\n","protected":false},"author":3,"featured_media":22909,"comment_status":"closed","ping_status":"closed","sticky":false,"template":"","format":"standard","meta":{"footnotes":""},"categories":[298,621],"tags":[211,250,96],"class_list":["post-16848","post","type-post","status-publish","format-standard","has-post-thumbnail","hentry","category-newsletter","category-nwl-3-0","tag-brecha-de-genero","tag-inteligencia-artificial","tag-mujeres"],"yoast_head":"<!-- This site is optimized with the Yoast SEO plugin v27.5 - https:\/\/yoast.com\/product\/yoast-seo-wordpress\/ -->\n<title>Noticias Info CKL n\u00ba 2706-25\/07\/22 -Comunicar con perspectiva de g\u00e9nero<\/title>\n<meta name=\"description\" content=\"Noticias Info CKL n\u00ba 2706-25\/07\/22 FMI incluir\u00e1 la perspectiva de g\u00e9nero en sus actividades de de monitoreo y concesi\u00f3n de pr\u00e9stamos * Lilith Verstrynge Secretaria de Estado de la Agenda 2030 * La brecha de g\u00e9nero sale muy cara * Mary Poppins catedr\u00e1tica de econom\u00eda * Cerco a los algoritmos machistas\" \/>\n<meta name=\"robots\" content=\"index, follow, max-snippet:-1, max-image-preview:large, max-video-preview:-1\" \/>\n<link rel=\"canonical\" href=\"https:\/\/cklcomunicaciones.es\/coop\/noticias-info-ckl-no-2706-25-07-22\/\" \/>\n<meta property=\"og:locale\" content=\"es_ES\" \/>\n<meta property=\"og:type\" content=\"article\" \/>\n<meta property=\"og:title\" content=\"Noticias Info CKL n\u00ba 2706-25\/07\/22 -Comunicar con perspectiva de g\u00e9nero\" \/>\n<meta property=\"og:description\" content=\"Noticias Info CKL n\u00ba 2706-25\/07\/22 FMI incluir\u00e1 la perspectiva de g\u00e9nero en sus actividades de de monitoreo y concesi\u00f3n de pr\u00e9stamos * Lilith Verstrynge Secretaria de Estado de la Agenda 2030 * La brecha de g\u00e9nero sale muy cara * Mary Poppins catedr\u00e1tica de econom\u00eda * Cerco a los algoritmos machistas\" \/>\n<meta property=\"og:url\" content=\"https:\/\/cklcomunicaciones.es\/coop\/noticias-info-ckl-no-2706-25-07-22\/\" \/>\n<meta property=\"og:site_name\" content=\"CKL Comunicaciones\" \/>\n<meta property=\"article:published_time\" content=\"2022-07-25T10:51:51+00:00\" \/>\n<meta property=\"article:modified_time\" content=\"2025-02-09T07:16:14+00:00\" \/>\n<meta property=\"og:image\" content=\"https:\/\/cklcomunicaciones.es\/coop\/wp-content\/uploads\/2025\/01\/CKL-una-mirada-distinta-de-la-comunicacion.jpg\" \/>\n\t<meta property=\"og:image:width\" content=\"1482\" \/>\n\t<meta property=\"og:image:height\" content=\"775\" \/>\n\t<meta property=\"og:image:type\" content=\"image\/jpeg\" \/>\n<meta name=\"author\" content=\"ckl\" \/>\n<meta name=\"twitter:card\" content=\"summary_large_image\" \/>\n<meta name=\"twitter:label1\" content=\"Escrito por\" \/>\n\t<meta name=\"twitter:data1\" content=\"ckl\" \/>\n\t<meta name=\"twitter:label2\" content=\"Tiempo de lectura\" \/>\n\t<meta name=\"twitter:data2\" content=\"5 minutos\" \/>\n<script type=\"application\/ld+json\" class=\"yoast-schema-graph\">{\"@context\":\"https:\\\/\\\/schema.org\",\"@graph\":[{\"@type\":\"Article\",\"@id\":\"https:\\\/\\\/cklcomunicaciones.es\\\/coop\\\/noticias-info-ckl-no-2706-25-07-22\\\/#article\",\"isPartOf\":{\"@id\":\"https:\\\/\\\/cklcomunicaciones.es\\\/coop\\\/noticias-info-ckl-no-2706-25-07-22\\\/\"},\"author\":{\"name\":\"ckl\",\"@id\":\"https:\\\/\\\/cklcomunicaciones.es\\\/coop\\\/#\\\/schema\\\/person\\\/929a6837f7626450bbb50cee1aef266e\"},\"headline\":\"Noticias Info CKL n\u00ba 2706-25\\\/07\\\/22\",\"datePublished\":\"2022-07-25T10:51:51+00:00\",\"dateModified\":\"2025-02-09T07:16:14+00:00\",\"mainEntityOfPage\":{\"@id\":\"https:\\\/\\\/cklcomunicaciones.es\\\/coop\\\/noticias-info-ckl-no-2706-25-07-22\\\/\"},\"wordCount\":1015,\"image\":{\"@id\":\"https:\\\/\\\/cklcomunicaciones.es\\\/coop\\\/noticias-info-ckl-no-2706-25-07-22\\\/#primaryimage\"},\"thumbnailUrl\":\"https:\\\/\\\/cklcomunicaciones.es\\\/coop\\\/wp-content\\\/uploads\\\/2025\\\/01\\\/CKL-una-mirada-distinta-de-la-comunicacion.jpg\",\"keywords\":[\"brecha de g\u00e9nero\",\"inteligencia artificial\",\"mujeres\"],\"articleSection\":[\"Newsletter\",\"Nwl v3.0\"],\"inLanguage\":\"es\"},{\"@type\":\"WebPage\",\"@id\":\"https:\\\/\\\/cklcomunicaciones.es\\\/coop\\\/noticias-info-ckl-no-2706-25-07-22\\\/\",\"url\":\"https:\\\/\\\/cklcomunicaciones.es\\\/coop\\\/noticias-info-ckl-no-2706-25-07-22\\\/\",\"name\":\"Noticias Info CKL n\u00ba 2706-25\\\/07\\\/22 -Comunicar con perspectiva de g\u00e9nero\",\"isPartOf\":{\"@id\":\"https:\\\/\\\/cklcomunicaciones.es\\\/coop\\\/#website\"},\"primaryImageOfPage\":{\"@id\":\"https:\\\/\\\/cklcomunicaciones.es\\\/coop\\\/noticias-info-ckl-no-2706-25-07-22\\\/#primaryimage\"},\"image\":{\"@id\":\"https:\\\/\\\/cklcomunicaciones.es\\\/coop\\\/noticias-info-ckl-no-2706-25-07-22\\\/#primaryimage\"},\"thumbnailUrl\":\"https:\\\/\\\/cklcomunicaciones.es\\\/coop\\\/wp-content\\\/uploads\\\/2025\\\/01\\\/CKL-una-mirada-distinta-de-la-comunicacion.jpg\",\"datePublished\":\"2022-07-25T10:51:51+00:00\",\"dateModified\":\"2025-02-09T07:16:14+00:00\",\"author\":{\"@id\":\"https:\\\/\\\/cklcomunicaciones.es\\\/coop\\\/#\\\/schema\\\/person\\\/929a6837f7626450bbb50cee1aef266e\"},\"description\":\"Noticias Info CKL n\u00ba 2706-25\\\/07\\\/22 FMI incluir\u00e1 la perspectiva de g\u00e9nero en sus actividades de de monitoreo y concesi\u00f3n de pr\u00e9stamos * Lilith Verstrynge Secretaria de Estado de la Agenda 2030 * La brecha de g\u00e9nero sale muy cara * Mary Poppins catedr\u00e1tica de econom\u00eda * Cerco a los algoritmos machistas\",\"breadcrumb\":{\"@id\":\"https:\\\/\\\/cklcomunicaciones.es\\\/coop\\\/noticias-info-ckl-no-2706-25-07-22\\\/#breadcrumb\"},\"inLanguage\":\"es\",\"potentialAction\":[{\"@type\":\"ReadAction\",\"target\":[\"https:\\\/\\\/cklcomunicaciones.es\\\/coop\\\/noticias-info-ckl-no-2706-25-07-22\\\/\"]}]},{\"@type\":\"ImageObject\",\"inLanguage\":\"es\",\"@id\":\"https:\\\/\\\/cklcomunicaciones.es\\\/coop\\\/noticias-info-ckl-no-2706-25-07-22\\\/#primaryimage\",\"url\":\"https:\\\/\\\/cklcomunicaciones.es\\\/coop\\\/wp-content\\\/uploads\\\/2025\\\/01\\\/CKL-una-mirada-distinta-de-la-comunicacion.jpg\",\"contentUrl\":\"https:\\\/\\\/cklcomunicaciones.es\\\/coop\\\/wp-content\\\/uploads\\\/2025\\\/01\\\/CKL-una-mirada-distinta-de-la-comunicacion.jpg\",\"width\":1482,\"height\":775,\"caption\":\"CKL - una mirada distinta de la comunicacion\"},{\"@type\":\"BreadcrumbList\",\"@id\":\"https:\\\/\\\/cklcomunicaciones.es\\\/coop\\\/noticias-info-ckl-no-2706-25-07-22\\\/#breadcrumb\",\"itemListElement\":[{\"@type\":\"ListItem\",\"position\":1,\"name\":\"Portada\",\"item\":\"https:\\\/\\\/cklcomunicaciones.es\\\/coop\\\/\"},{\"@type\":\"ListItem\",\"position\":2,\"name\":\"Noticias Info CKL n\u00ba 2706-25\\\/07\\\/22\"}]},{\"@type\":\"WebSite\",\"@id\":\"https:\\\/\\\/cklcomunicaciones.es\\\/coop\\\/#website\",\"url\":\"https:\\\/\\\/cklcomunicaciones.es\\\/coop\\\/\",\"name\":\"CKL Comunicaciones\",\"description\":\"Sitio web de CKL Comunicaciones coop , la consultora de comunicaci\u00f3n y estrategia\",\"potentialAction\":[{\"@type\":\"SearchAction\",\"target\":{\"@type\":\"EntryPoint\",\"urlTemplate\":\"https:\\\/\\\/cklcomunicaciones.es\\\/coop\\\/?s={search_term_string}\"},\"query-input\":{\"@type\":\"PropertyValueSpecification\",\"valueRequired\":true,\"valueName\":\"search_term_string\"}}],\"inLanguage\":\"es\"},{\"@type\":\"Person\",\"@id\":\"https:\\\/\\\/cklcomunicaciones.es\\\/coop\\\/#\\\/schema\\\/person\\\/929a6837f7626450bbb50cee1aef266e\",\"name\":\"ckl\",\"image\":{\"@type\":\"ImageObject\",\"inLanguage\":\"es\",\"@id\":\"https:\\\/\\\/secure.gravatar.com\\\/avatar\\\/c82db564e8a669bf6023357a157b9dc4780f4d4c618f2ad1d71a6a5dede45057?s=96&d=mm&r=g\",\"url\":\"https:\\\/\\\/secure.gravatar.com\\\/avatar\\\/c82db564e8a669bf6023357a157b9dc4780f4d4c618f2ad1d71a6a5dede45057?s=96&d=mm&r=g\",\"contentUrl\":\"https:\\\/\\\/secure.gravatar.com\\\/avatar\\\/c82db564e8a669bf6023357a157b9dc4780f4d4c618f2ad1d71a6a5dede45057?s=96&d=mm&r=g\",\"caption\":\"ckl\"},\"url\":\"https:\\\/\\\/cklcomunicaciones.es\\\/coop\\\/author\\\/cklcomunicaciones\\\/\"}]}<\/script>\n<!-- \/ Yoast SEO plugin. -->","yoast_head_json":{"title":"Noticias Info CKL n\u00ba 2706-25\/07\/22 -Comunicar con perspectiva de g\u00e9nero","description":"Noticias Info CKL n\u00ba 2706-25\/07\/22 FMI incluir\u00e1 la perspectiva de g\u00e9nero en sus actividades de de monitoreo y concesi\u00f3n de pr\u00e9stamos * Lilith Verstrynge Secretaria de Estado de la Agenda 2030 * La brecha de g\u00e9nero sale muy cara * Mary Poppins catedr\u00e1tica de econom\u00eda * Cerco a los algoritmos machistas","robots":{"index":"index","follow":"follow","max-snippet":"max-snippet:-1","max-image-preview":"max-image-preview:large","max-video-preview":"max-video-preview:-1"},"canonical":"https:\/\/cklcomunicaciones.es\/coop\/noticias-info-ckl-no-2706-25-07-22\/","og_locale":"es_ES","og_type":"article","og_title":"Noticias Info CKL n\u00ba 2706-25\/07\/22 -Comunicar con perspectiva de g\u00e9nero","og_description":"Noticias Info CKL n\u00ba 2706-25\/07\/22 FMI incluir\u00e1 la perspectiva de g\u00e9nero en sus actividades de de monitoreo y concesi\u00f3n de pr\u00e9stamos * Lilith Verstrynge Secretaria de Estado de la Agenda 2030 * La brecha de g\u00e9nero sale muy cara * Mary Poppins catedr\u00e1tica de econom\u00eda * Cerco a los algoritmos machistas","og_url":"https:\/\/cklcomunicaciones.es\/coop\/noticias-info-ckl-no-2706-25-07-22\/","og_site_name":"CKL Comunicaciones","article_published_time":"2022-07-25T10:51:51+00:00","article_modified_time":"2025-02-09T07:16:14+00:00","og_image":[{"width":1482,"height":775,"url":"https:\/\/cklcomunicaciones.es\/coop\/wp-content\/uploads\/2025\/01\/CKL-una-mirada-distinta-de-la-comunicacion.jpg","type":"image\/jpeg"}],"author":"ckl","twitter_card":"summary_large_image","twitter_misc":{"Escrito por":"ckl","Tiempo de lectura":"5 minutos"},"schema":{"@context":"https:\/\/schema.org","@graph":[{"@type":"Article","@id":"https:\/\/cklcomunicaciones.es\/coop\/noticias-info-ckl-no-2706-25-07-22\/#article","isPartOf":{"@id":"https:\/\/cklcomunicaciones.es\/coop\/noticias-info-ckl-no-2706-25-07-22\/"},"author":{"name":"ckl","@id":"https:\/\/cklcomunicaciones.es\/coop\/#\/schema\/person\/929a6837f7626450bbb50cee1aef266e"},"headline":"Noticias Info CKL n\u00ba 2706-25\/07\/22","datePublished":"2022-07-25T10:51:51+00:00","dateModified":"2025-02-09T07:16:14+00:00","mainEntityOfPage":{"@id":"https:\/\/cklcomunicaciones.es\/coop\/noticias-info-ckl-no-2706-25-07-22\/"},"wordCount":1015,"image":{"@id":"https:\/\/cklcomunicaciones.es\/coop\/noticias-info-ckl-no-2706-25-07-22\/#primaryimage"},"thumbnailUrl":"https:\/\/cklcomunicaciones.es\/coop\/wp-content\/uploads\/2025\/01\/CKL-una-mirada-distinta-de-la-comunicacion.jpg","keywords":["brecha de g\u00e9nero","inteligencia artificial","mujeres"],"articleSection":["Newsletter","Nwl v3.0"],"inLanguage":"es"},{"@type":"WebPage","@id":"https:\/\/cklcomunicaciones.es\/coop\/noticias-info-ckl-no-2706-25-07-22\/","url":"https:\/\/cklcomunicaciones.es\/coop\/noticias-info-ckl-no-2706-25-07-22\/","name":"Noticias Info CKL n\u00ba 2706-25\/07\/22 -Comunicar con perspectiva de g\u00e9nero","isPartOf":{"@id":"https:\/\/cklcomunicaciones.es\/coop\/#website"},"primaryImageOfPage":{"@id":"https:\/\/cklcomunicaciones.es\/coop\/noticias-info-ckl-no-2706-25-07-22\/#primaryimage"},"image":{"@id":"https:\/\/cklcomunicaciones.es\/coop\/noticias-info-ckl-no-2706-25-07-22\/#primaryimage"},"thumbnailUrl":"https:\/\/cklcomunicaciones.es\/coop\/wp-content\/uploads\/2025\/01\/CKL-una-mirada-distinta-de-la-comunicacion.jpg","datePublished":"2022-07-25T10:51:51+00:00","dateModified":"2025-02-09T07:16:14+00:00","author":{"@id":"https:\/\/cklcomunicaciones.es\/coop\/#\/schema\/person\/929a6837f7626450bbb50cee1aef266e"},"description":"Noticias Info CKL n\u00ba 2706-25\/07\/22 FMI incluir\u00e1 la perspectiva de g\u00e9nero en sus actividades de de monitoreo y concesi\u00f3n de pr\u00e9stamos * Lilith Verstrynge Secretaria de Estado de la Agenda 2030 * La brecha de g\u00e9nero sale muy cara * Mary Poppins catedr\u00e1tica de econom\u00eda * Cerco a los algoritmos machistas","breadcrumb":{"@id":"https:\/\/cklcomunicaciones.es\/coop\/noticias-info-ckl-no-2706-25-07-22\/#breadcrumb"},"inLanguage":"es","potentialAction":[{"@type":"ReadAction","target":["https:\/\/cklcomunicaciones.es\/coop\/noticias-info-ckl-no-2706-25-07-22\/"]}]},{"@type":"ImageObject","inLanguage":"es","@id":"https:\/\/cklcomunicaciones.es\/coop\/noticias-info-ckl-no-2706-25-07-22\/#primaryimage","url":"https:\/\/cklcomunicaciones.es\/coop\/wp-content\/uploads\/2025\/01\/CKL-una-mirada-distinta-de-la-comunicacion.jpg","contentUrl":"https:\/\/cklcomunicaciones.es\/coop\/wp-content\/uploads\/2025\/01\/CKL-una-mirada-distinta-de-la-comunicacion.jpg","width":1482,"height":775,"caption":"CKL - una mirada distinta de la comunicacion"},{"@type":"BreadcrumbList","@id":"https:\/\/cklcomunicaciones.es\/coop\/noticias-info-ckl-no-2706-25-07-22\/#breadcrumb","itemListElement":[{"@type":"ListItem","position":1,"name":"Portada","item":"https:\/\/cklcomunicaciones.es\/coop\/"},{"@type":"ListItem","position":2,"name":"Noticias Info CKL n\u00ba 2706-25\/07\/22"}]},{"@type":"WebSite","@id":"https:\/\/cklcomunicaciones.es\/coop\/#website","url":"https:\/\/cklcomunicaciones.es\/coop\/","name":"CKL Comunicaciones","description":"Sitio web de CKL Comunicaciones coop , la consultora de comunicaci\u00f3n y estrategia","potentialAction":[{"@type":"SearchAction","target":{"@type":"EntryPoint","urlTemplate":"https:\/\/cklcomunicaciones.es\/coop\/?s={search_term_string}"},"query-input":{"@type":"PropertyValueSpecification","valueRequired":true,"valueName":"search_term_string"}}],"inLanguage":"es"},{"@type":"Person","@id":"https:\/\/cklcomunicaciones.es\/coop\/#\/schema\/person\/929a6837f7626450bbb50cee1aef266e","name":"ckl","image":{"@type":"ImageObject","inLanguage":"es","@id":"https:\/\/secure.gravatar.com\/avatar\/c82db564e8a669bf6023357a157b9dc4780f4d4c618f2ad1d71a6a5dede45057?s=96&d=mm&r=g","url":"https:\/\/secure.gravatar.com\/avatar\/c82db564e8a669bf6023357a157b9dc4780f4d4c618f2ad1d71a6a5dede45057?s=96&d=mm&r=g","contentUrl":"https:\/\/secure.gravatar.com\/avatar\/c82db564e8a669bf6023357a157b9dc4780f4d4c618f2ad1d71a6a5dede45057?s=96&d=mm&r=g","caption":"ckl"},"url":"https:\/\/cklcomunicaciones.es\/coop\/author\/cklcomunicaciones\/"}]}},"_links":{"self":[{"href":"https:\/\/cklcomunicaciones.es\/coop\/wp-json\/wp\/v2\/posts\/16848","targetHints":{"allow":["GET"]}}],"collection":[{"href":"https:\/\/cklcomunicaciones.es\/coop\/wp-json\/wp\/v2\/posts"}],"about":[{"href":"https:\/\/cklcomunicaciones.es\/coop\/wp-json\/wp\/v2\/types\/post"}],"author":[{"embeddable":true,"href":"https:\/\/cklcomunicaciones.es\/coop\/wp-json\/wp\/v2\/users\/3"}],"replies":[{"embeddable":true,"href":"https:\/\/cklcomunicaciones.es\/coop\/wp-json\/wp\/v2\/comments?post=16848"}],"version-history":[{"count":0,"href":"https:\/\/cklcomunicaciones.es\/coop\/wp-json\/wp\/v2\/posts\/16848\/revisions"}],"wp:featuredmedia":[{"embeddable":true,"href":"https:\/\/cklcomunicaciones.es\/coop\/wp-json\/wp\/v2\/media\/22909"}],"wp:attachment":[{"href":"https:\/\/cklcomunicaciones.es\/coop\/wp-json\/wp\/v2\/media?parent=16848"}],"wp:term":[{"taxonomy":"category","embeddable":true,"href":"https:\/\/cklcomunicaciones.es\/coop\/wp-json\/wp\/v2\/categories?post=16848"},{"taxonomy":"post_tag","embeddable":true,"href":"https:\/\/cklcomunicaciones.es\/coop\/wp-json\/wp\/v2\/tags?post=16848"}],"curies":[{"name":"wp","href":"https:\/\/api.w.org\/{rel}","templated":true}]}}