{"id":16751,"date":"2022-07-15T14:12:57","date_gmt":"2022-07-15T12:12:57","guid":{"rendered":"https:\/\/www.cklcomunicaciones.es\/?p=16751"},"modified":"2025-02-09T08:34:32","modified_gmt":"2025-02-09T07:34:32","slug":"noticias-info-ckl-no-2702-15-07-22","status":"publish","type":"post","link":"https:\/\/cklcomunicaciones.es\/coop\/noticias-info-ckl-no-2702-15-07-22\/","title":{"rendered":"Noticias Info CKL n\u00ba 2702-15\/07\/22"},"content":{"rendered":"<div class=\"fusion-fullwidth fullwidth-box fusion-builder-row-1 fusion-flex-container nonhundred-percent-fullwidth non-hundred-percent-height-scrolling\" style=\"--awb-border-radius-top-left:0px;--awb-border-radius-top-right:0px;--awb-border-radius-bottom-right:0px;--awb-border-radius-bottom-left:0px;--awb-flex-wrap:wrap;\" ><div class=\"fusion-builder-row fusion-row fusion-flex-align-items-flex-start fusion-flex-content-wrap\" style=\"max-width:1248px;margin-left: calc(-4% \/ 2 );margin-right: calc(-4% \/ 2 );\"><div class=\"fusion-layout-column fusion_builder_column fusion-builder-column-0 fusion_builder_column_1_1 1_1 fusion-flex-column\" style=\"--awb-bg-blend:overlay;--awb-bg-size:cover;--awb-width-large:100%;--awb-margin-top-large:0px;--awb-spacing-right-large:1.92%;--awb-margin-bottom-large:0px;--awb-spacing-left-large:1.92%;--awb-width-medium:100%;--awb-spacing-right-medium:1.92%;--awb-spacing-left-medium:1.92%;--awb-width-small:100%;--awb-spacing-right-small:1.92%;--awb-spacing-left-small:1.92%;\"><div class=\"fusion-column-wrapper fusion-flex-justify-content-flex-start fusion-content-layout-column\"><div class=\"fusion-text fusion-text-1\"><h1>Comunicaci\u00f3n, Publicidad y TICs<\/h1>\n<div id=\"\" class=\"lsow-panel lsow-active\">\n<div class=\"lsow-panel-content\">\n<p><a href=\"https:\/\/www.google.com\/url?rct=j&amp;sa=t&amp;url=https:\/\/www.infobae.com\/america\/mexico\/2022\/07\/14\/como-cubrir-noticias-relacionadas-con-violencia-de-genero-de-forma-respetuosa-segun-inmujeres\/&amp;ct=ga&amp;cd=CAEYACoUMTgzNDAwMTAwODU0ODI1MzE4NjQyGWMwMzcyZWJjMmZlYWRhNTk6ZXM6ZXM6RVM&amp;usg=AOvVaw37Y7O6qfZ8gbknOTis0ah7\" target=\"_blank\" rel=\"noopener\" data-saferedirecturl=\"https:\/\/www.google.com\/url?q=https:\/\/www.google.com\/url?rct%3Dj%26sa%3Dt%26url%3Dhttps:\/\/www.infobae.com\/america\/mexico\/2022\/07\/14\/como-cubrir-noticias-relacionadas-con-violencia-de-genero-de-forma-respetuosa-segun-inmujeres\/%26ct%3Dga%26cd%3DCAEYACoUMTgzNDAwMTAwODU0ODI1MzE4NjQyGWMwMzcyZWJjMmZlYWRhNTk6ZXM6ZXM6RVM%26usg%3DAOvVaw37Y7O6qfZ8gbknOTis0ah7&amp;source=gmail&amp;ust=1657967630461000&amp;usg=AOvVaw0qb-90Qhq591K3oyhC60aC\">C\u00f3mo cubrir noticias relacionadas con violencia de g\u00e9nero de forma respetuosa, seg\u00fan Inmujeres-<\/a><a>Infobae<br \/>\n<\/a><a class=\"result__a\" href=\"https:\/\/www.msn.com\/es-mx\/news\/mexico\/la-otra-pandemia-de-tania-contreras-un-reflejo-de-sororidad-empat-c3-ada-y-coraje-de-las-mujeres\/ar-AAZAAOV\" rel=\"noopener\">\u00abLa otra pandemia\u00bb de Tania Contreras, un reflejo de sororidad, empat\u00eda y coraje de las mujeres<\/a>-milenio<br \/>\n<a class=\"result__a\" href=\"https:\/\/es.vida-estilo.yahoo.com\/world-press-photo-llega-m%C3%A9xico-210328799.html\" rel=\"noopener\">World Press Photo llega a M\u00e9xico en contexto de riesgo para periodistas<\/a>-yahoo<br \/>\n<a class=\"result__a\" href=\"https:\/\/blogs.elconfidencial.com\/deportes\/a-mi-bola\/2022-07-15\/futbol-femenino-rfef-espana-rtve-alemania-eurocopa-rubiales_3460263\/\" rel=\"noopener\">El f\u00fatbol femenino espa\u00f1ol ya bate r\u00e9cords de audiencia, pero se avecina otro conflicto<\/a>-elconfidencial<\/p>\n<\/div>\n<\/div>\n<div id=\"\" class=\"lsow-panel lsow-active\">\n<h1 class=\"lsow-panel-title\">Andaluc\u00eda<\/h1>\n<div class=\"lsow-panel-content\">\n<p><strong>Institucional<br \/>\n<\/strong><a class=\"result__a\" href=\"https:\/\/www.noticiasdealmeria.com\/la-xii-legislatura-echa-a-andar-en-andalucia\" rel=\"noopener\">La XII Legislatura echa a andar en Andaluc\u00eda<\/a>-noticiasdealmeria<\/p>\n<p><strong>Econom\u00eda y Empresas<br \/>\n<\/strong><a class=\"result__a\" href=\"https:\/\/www.msn.com\/es-es\/finance\/noticias\/andaluc-c3-ada-open-future-abre-convocatoria-para-acelerar-40-startups\/ar-AAZBGc5\" rel=\"noopener\">Andaluc\u00eda Open Future abre convocatoria para acelerar 40 startups<\/a>-europapress<br \/>\n<a title=\"Empezar.tv, un 'Netflix' para emprendedores\" href=\"https:\/\/www.juntadeandalucia.es\/presidencia\/portavoz\/economiayempleo\/173754\/Empleo\/EmpezarTV\/TV\/Emprendimiento\/Emprendedores\/television\/Tecnologia\">Empezar.tv, un &#8216;Netflix&#8217; para emprendedores<\/a>-juntadeandalucia<br \/>\n<a class=\"result__a\" href=\"https:\/\/www.europapress.es\/andalucia\/noticia-ugt-pide-junta-crear-mesa-trabajo-analizar-proyectos-financiados-fondos-next-generation-20220715113928.html\" rel=\"noopener\">UGT pide a la Junta crear una mesa de trabajo para analizar los proyectos financiados con fondos Next Generation<\/a>-europapress<\/p>\n<p><strong>Actualidad<br \/>\n<\/strong><a class=\"result__a\" href=\"https:\/\/www.eldiadecordoba.es\/provincia\/PFEA-Cordoba-formar-digitalmente-mujeres_0_1701730378.html\" rel=\"noopener\">El reto del PFEA en C\u00f3rdoba: formar digitalmente a 27.000 mujeres en dos a\u00f1os<\/a>-eldiadecordoba<br \/>\n<a class=\"result__a\" href=\"https:\/\/www.msn.com\/es-es\/news\/espana\/los-divorcios-y-separaciones-en-andaluc-c3-ada-volvieron-a-aumentar-un-175-25-en-2021-tras-su-ca-c3-adda-en-2020-por-la-pandemia\/ar-AAZBFEM\" rel=\"noopener\">Los divorcios y separaciones en Andaluc\u00eda volvieron a aumentar un 17,5% en 2021 tras su ca\u00edda en 2020 por la pandemia<\/a>-europapress<br \/>\n<a class=\"result__a\" href=\"https:\/\/www.diariosur.es\/andalucia\/andalucia-baja-hospitalizados-covid-20220715134009-nt.html\" rel=\"noopener\">Andaluc\u00eda baja los hospitalizados por covid hasta 758, suma 5.117 casos y 62 muertes<\/a>-sur<br \/>\n<a class=\"result__a\" href=\"https:\/\/estrelladigital.es\/rosa-aguilar-anuncia-que-deja-la-primera-linea-de-la-politica\/\" rel=\"noopener\">Rosa Aguilar anuncia que deja la \u00abprimera l\u00ednea de la pol\u00edtica\u00bb<\/a>-estrelladigital<\/p>\n<p><strong>Violencias<br \/>\n<\/strong><a title=\"Justicia firma un convenio con el CGPJ para fomentar la mediaci\u00f3n en Andaluc\u00eda\" href=\"https:\/\/www.juntadeandalucia.es\/presidencia\/portavoz\/gobiernoaldia\/173782\/Justicia\/Convenio\/CGPJ\/Mediacion\">Justicia firma un convenio con el CGPJ para fomentar la mediaci\u00f3n en Andaluc\u00eda<\/a>-juntadeandalucia<strong><br \/>\n<\/strong><\/p>\n<p><strong>Cienci<\/strong><strong>a y Cultura<\/strong><br \/>\n<a href=\"https:\/\/www.google.com\/url?rct=j&amp;sa=t&amp;url=https:\/\/elpais.com\/cultura\/2022-07-13\/carmen-calvo-premio-julio-gonzalez-2022-falta-premiar-a-muchas-mujeres.html&amp;ct=ga&amp;cd=CAEYAyoUMTEzNDE1ODAzOTA2MDYwMjkyODUyGWMwMzcyZWJjMmZlYWRhNTk6ZXM6ZXM6RVM&amp;usg=AOvVaw1CC1nCKQ70o2-g-FYJEPG9\" target=\"_blank\" rel=\"noopener\" data-saferedirecturl=\"https:\/\/www.google.com\/url?q=https:\/\/www.google.com\/url?rct%3Dj%26sa%3Dt%26url%3Dhttps:\/\/elpais.com\/cultura\/2022-07-13\/carmen-calvo-premio-julio-gonzalez-2022-falta-premiar-a-muchas-mujeres.html%26ct%3Dga%26cd%3DCAEYAyoUMTEzNDE1ODAzOTA2MDYwMjkyODUyGWMwMzcyZWJjMmZlYWRhNTk6ZXM6ZXM6RVM%26usg%3DAOvVaw1CC1nCKQ70o2-g-FYJEPG9&amp;source=gmail&amp;ust=1657967630475000&amp;usg=AOvVaw2xne8nuuxO-MuPf7DHDAhY\">Carmen Calvo, premio Julio G\u00f3nzalez 2022: \u201cFalta premiar a muchas mujeres\u201d\u00a0<\/a><a>EL PA\u00cdS<br \/>\n<\/a><a href=\"https:\/\/sevilla.abc.es\/cultura\/maria-leon-encarna-madre-coraje-nueva-serie-20220714234519-nts.html\">Mar\u00eda Le\u00f3n encarna a una madre coraje en la nueva serie de Rafael Cobos-\u00a0<\/a>abc<br \/>\n<a class=\"result__a\" href=\"https:\/\/www.granadadigital.es\/proyecto-biblioteca-visibilizacion-autoras-femeninas-baza-premio-maria-moliner\/\" rel=\"noopener\">El proyecto de la Biblioteca de visibilizaci\u00f3n de autoras femeninas en Baza, premio Mar\u00eda Moliner<\/a>-granadadigital<br \/>\n<a class=\"result__a\" href=\"https:\/\/www.diariosur.es\/culturas\/musica\/cronica-concierto-rosalia-marenostrum-fuengirola-20220714195150-nt.html\" rel=\"noopener\">Rosal\u00eda, poder\u00edo &#8216;motomami&#8217; en Fuengirola<\/a>-sur<br \/>\n<a class=\"result__a\" href=\"https:\/\/www.eldiadecordoba.es\/ocio\/cordoba-sede-crea-asociacion-andaluza-promocion-cultura_0_1701731754.html\" rel=\"noopener\">C\u00f3rdoba, sede de cREA, la nueva Asociaci\u00f3n Andaluza para la Promoci\u00f3n de la Cultura<\/a>-eldiadecordoba<\/p>\n<p><strong>Deportes<br \/>\n<\/strong><a class=\"result__a\" href=\"https:\/\/www.msn.com\/es-es\/sports\/other\/maribel-p-c3-a9rez-no-me-pongo-techo-y-sue-c3-b1o-con-las-semifinales-en-el-100-y-la-final-en-el-4x100\/ar-AAZAwKS\" rel=\"noopener\">Maribel P\u00e9rez: \u00abNo me pongo techo y sue\u00f1o con las semifinales en el 100 y la final en el 4&#215;100<\/a>-Marca<\/p>\n<\/div>\n<\/div>\n<div id=\"\" class=\"lsow-panel lsow-active\">\n<h1 class=\"lsow-panel-title\">Estado<\/h1>\n<div class=\"lsow-panel-content\">\n<p><strong>Institucional<br \/>\n<\/strong><a class=\"result__a\" href=\"https:\/\/www.msn.com\/es-es\/news\/espana\/el-congreso-insta-al-gobierno-a-mejorar-el-sistema-de-seguimiento-integral-de-los-casos-de-violencia-de-g-c3-a9nero\/ar-AAZAh2i\" rel=\"noopener\">El Congreso insta al Gobierno a mejorar el sistema de seguimiento integral de los casos de violencia de g\u00e9nero-\u00a0<\/a>europapress<\/p>\n<p><strong>Institucional \u2013 CCAA<br \/>\n<\/strong><a href=\"https:\/\/www.google.com\/url?rct=j&amp;sa=t&amp;url=https:\/\/regiondigital.com\/noticias\/extremadura\/365554-la-junta-establece-una-agenda-de-trabajo-con-onu-mujeres-para-los-proximos-meses.html&amp;ct=ga&amp;cd=CAEYACoUMTU5MDQwNDk0MDk3MjI0NDM2NDEyGTU5ZDc4MTcxMzZhMmQwMjg6ZXM6ZXM6RVM&amp;usg=AOvVaw2Ook_M7z_fXc7A6t-NIlBS\" target=\"_blank\" rel=\"noopener\" data-saferedirecturl=\"https:\/\/www.google.com\/url?q=https:\/\/www.google.com\/url?rct%3Dj%26sa%3Dt%26url%3Dhttps:\/\/regiondigital.com\/noticias\/extremadura\/365554-la-junta-establece-una-agenda-de-trabajo-con-onu-mujeres-para-los-proximos-meses.html%26ct%3Dga%26cd%3DCAEYACoUMTU5MDQwNDk0MDk3MjI0NDM2NDEyGTU5ZDc4MTcxMzZhMmQwMjg6ZXM6ZXM6RVM%26usg%3DAOvVaw2Ook_M7z_fXc7A6t-NIlBS&amp;source=gmail&amp;ust=1657873367453000&amp;usg=AOvVaw3pgyfo-sS7fy7CkFaESous\">La Junta de Extremadura establece una agenda de trabajo con ONU Mujeres para los pr\u00f3ximos meses-\u00a0<\/a><a>Regi\u00f3n Digital<br \/>\n<\/a><a href=\"https:\/\/www.google.com\/url?rct=j&amp;sa=t&amp;url=https:\/\/www.elespanol.com\/castilla-y-leon\/20220713\/consejeria-familia-reactiva-integral-victimas-violencia-genero\/687431662_0.html&amp;ct=ga&amp;cd=CAEYACoTMjkxMDQyNzM3MDYwNjA3ODQ2MTIZZTFlNzdkMTU2MDk4YThlMzplczplczpFUw&amp;usg=AOvVaw3pXL1fLpiGpY0Ooqj4gdo4\" target=\"_blank\" rel=\"noopener\" data-saferedirecturl=\"https:\/\/www.google.com\/url?q=https:\/\/www.google.com\/url?rct%3Dj%26sa%3Dt%26url%3Dhttps:\/\/www.elespanol.com\/castilla-y-leon\/20220713\/consejeria-familia-reactiva-integral-victimas-violencia-genero\/687431662_0.html%26ct%3Dga%26cd%3DCAEYACoTMjkxMDQyNzM3MDYwNjA3ODQ2MTIZZTFlNzdkMTU2MDk4YThlMzplczplczpFUw%26usg%3DAOvVaw3pXL1fLpiGpY0Ooqj4gdo4&amp;source=gmail&amp;ust=1657873366503000&amp;usg=AOvVaw3jEFVTlGdlo2ZVhPEUg4x8\">La Consejer\u00eda de Familia reactiva la nueva\u00a0ley integral a las v\u00edctimas de\u00a0violencia de g\u00e9nero-\u00a0<\/a><a>El Espa\u00f1ol<br \/>\n<\/a><a href=\"https:\/\/www.google.com\/url?rct=j&amp;sa=t&amp;url=https:\/\/www.elcorreo.com\/bizkaia\/gobierno-vasco-guia-agresiones-sexistas-20220714131138-nt.html&amp;ct=ga&amp;cd=CAEYACoUMTM2NTE1MTg0Mzk3NTg1NTQ3MDYyGWMwMzcyZWJjMmZlYWRhNTk6ZXM6ZXM6RVM&amp;usg=AOvVaw2u4MOaewLkXnZeAkJ2DoMx\" target=\"_blank\" rel=\"noopener\" data-saferedirecturl=\"https:\/\/www.google.com\/url?q=https:\/\/www.google.com\/url?rct%3Dj%26sa%3Dt%26url%3Dhttps:\/\/www.elcorreo.com\/bizkaia\/gobierno-vasco-guia-agresiones-sexistas-20220714131138-nt.html%26ct%3Dga%26cd%3DCAEYACoUMTM2NTE1MTg0Mzk3NTg1NTQ3MDYyGWMwMzcyZWJjMmZlYWRhNTk6ZXM6ZXM6RVM%26usg%3DAOvVaw2u4MOaewLkXnZeAkJ2DoMx&amp;source=gmail&amp;ust=1657967630509000&amp;usg=AOvVaw2EWhrVd_ec_cVuCBAnoPyi\">El Gobierno vasco elabora una gu\u00eda para atajar las agresiones sexistas en los eventos culturales-\u00a0<\/a><a>El Correo<br \/>\n<\/a><a class=\"result__a\" href=\"https:\/\/www.laopiniondezamora.es\/sociedad\/2022\/07\/15\/colegio-medicos-madrid-dice-practican-68363834.html\" rel=\"noopener\">El Colegio de M\u00e9dicos de Madrid dice que no se practican abortos porque todos los ginec\u00f3logos son objetores<\/a>-laopiniondezamora<\/p>\n<p><strong>Econom\u00eda y Empresa<br \/>\n<\/strong><a href=\"https:\/\/www.google.com\/url?rct=j&amp;sa=t&amp;url=http:\/\/www.eleconomista.es\/mercados-cotizaciones\/noticias\/11867567\/07\/22\/Lola-Solana-nueva-presidenta-del-Ieaf-Lighthouse-cubrira-40-valores-huerfanos-de-analisis-en-2024.html&amp;ct=ga&amp;cd=CAEYAioUMTM2NTE1MTg0Mzk3NTg1NTQ3MDYyGWMwMzcyZWJjMmZlYWRhNTk6ZXM6ZXM6RVM&amp;usg=AOvVaw0zDUlmW7WSVSNvEqTT7i1c\" target=\"_blank\" rel=\"noopener\" data-saferedirecturl=\"https:\/\/www.google.com\/url?q=https:\/\/www.google.com\/url?rct%3Dj%26sa%3Dt%26url%3Dhttp:\/\/www.eleconomista.es\/mercados-cotizaciones\/noticias\/11867567\/07\/22\/Lola-Solana-nueva-presidenta-del-Ieaf-Lighthouse-cubrira-40-valores-huerfanos-de-analisis-en-2024.html%26ct%3Dga%26cd%3DCAEYAioUMTM2NTE1MTg0Mzk3NTg1NTQ3MDYyGWMwMzcyZWJjMmZlYWRhNTk6ZXM6ZXM6RVM%26usg%3DAOvVaw0zDUlmW7WSVSNvEqTT7i1c&amp;source=gmail&amp;ust=1657967630510000&amp;usg=AOvVaw3WQzpK9EVCoTUWCr-YYuYt\">Lola Solana, nueva presidenta del Ieaf: \u00abLighthouse cubrir\u00e1 40 valores &#8216;hu\u00e9rfanos de &#8230;-\u00a0<\/a><a>elEconomista.es<br \/>\n<\/a><a href=\"https:\/\/www.google.com\/url?rct=j&amp;sa=t&amp;url=https:\/\/economiademallorca.com\/art\/35054\/carmen-riuno-podemos-concebir-la-rsc-del-futuro-en-el-turismo-sin-transformacion-social&amp;ct=ga&amp;cd=CAEYAioUMTc4MDY5MTQ3MzcxMzQ0NTYwMzkyGzkxODg1N2NkNjBmOTc3NDg6ZXM6ZXM6RVM6TA&amp;usg=AOvVaw2474fe65OManuDdwebBTQE\" target=\"_blank\" rel=\"noopener\" data-saferedirecturl=\"https:\/\/www.google.com\/url?q=https:\/\/www.google.com\/url?rct%3Dj%26sa%3Dt%26url%3Dhttps:\/\/economiademallorca.com\/art\/35054\/carmen-riuno-podemos-concebir-la-rsc-del-futuro-en-el-turismo-sin-transformacion-social%26ct%3Dga%26cd%3DCAEYAioUMTc4MDY5MTQ3MzcxMzQ0NTYwMzkyGzkxODg1N2NkNjBmOTc3NDg6ZXM6ZXM6RVM6TA%26usg%3DAOvVaw2474fe65OManuDdwebBTQE&amp;source=gmail&amp;ust=1657967636071000&amp;usg=AOvVaw0Owax1Aoqs6ckrNTJwzSzZ\">Carmen Riu, CEO de RIU Hoteles: \u201cNo podemos concebir la RSC del futuro en el turismo sin transformaci\u00f3n social\u201d-\u00a0<\/a><a>Econom\u00edadeMallorca<br \/>\n<\/a><a class=\"result__a\" href=\"https:\/\/www.bolsamania.com\/catalunya\/noticies\/empreses\/economia--fademur-y-microbank-ofreceran-microcreditos-a-proyectos-de-emprendimiento-rural--10173308.html\" rel=\"noopener\">Econom\u00eda.- Fademur y MicroBank ofrecer\u00e1n microcr\u00e9ditos a proyectos de emprendimiento rural<\/a>-capitalbolsa<br \/>\n<a href=\"https:\/\/www.google.com\/url?rct=j&amp;sa=t&amp;url=https:\/\/www.enicbcmed.eu\/index.php\/innovagrowomed-spain-launches-6-subgrants-7500-euros-women-agri-food-sector&amp;ct=ga&amp;cd=CAEYASoTNzY3NDc2NjYzMTYxMDE5MDA5OTIbYjllN2U5Y2Y4NzUzM2FlYjplczplczpFUzpM&amp;usg=AOvVaw1haJdRoSyxpzEwslJIctdQ\" target=\"_blank\" rel=\"noopener\" data-saferedirecturl=\"https:\/\/www.google.com\/url?q=https:\/\/www.google.com\/url?rct%3Dj%26sa%3Dt%26url%3Dhttps:\/\/www.enicbcmed.eu\/index.php\/innovagrowomed-spain-launches-6-subgrants-7500-euros-women-agri-food-sector%26ct%3Dga%26cd%3DCAEYASoTNzY3NDc2NjYzMTYxMDE5MDA5OTIbYjllN2U5Y2Y4NzUzM2FlYjplczplczpFUzpM%26usg%3DAOvVaw1haJdRoSyxpzEwslJIctdQ&amp;source=gmail&amp;ust=1657967634790000&amp;usg=AOvVaw1T2vGrOarGa--8ZPAMzKWv\">InnovAgroWoMed in Spain launches 6 subgrants of 7500 euros for women in the agri-food sector-\u00a0<\/a><a>ENI CBC Med<br \/>\n<\/a><a class=\"result__a\" href=\"https:\/\/www.msn.com\/es-es\/news\/espana\/el-n-c3-bamero-total-de-trabajadores-en-la-construcci-c3-b3n-sube-un-43-25-y-el-de-mujeres-empleadas-crece-un-24-25\/ar-AAZBxpr\" rel=\"noopener\">El n\u00famero total de trabajadores en la construcci\u00f3n sube un 4,3% y el de mujeres empleadas crece un 24%<\/a>-europapress<br \/>\n<a class=\"result__a\" href=\"https:\/\/www.msn.com\/es-es\/finance\/formacion-empleo\/mujer-joven-con-estudios-secundarios-y-un-contrato-indefinido-as-c3-ad-es-el-perfil-del-teleoperador-en-espa-c3-b1a\/ar-AAZBcuE\" rel=\"noopener\">Mujer, joven, con estudios secundarios y un contrato indefinido: as\u00ed es el perfil del teleoperador en Espa\u00f1a<\/a>-elespa\u00f1ol<\/p>\n<p><strong>Actualidad<br \/>\n<\/strong><a class=\"result__a\" href=\"https:\/\/www.lamarea.com\/2022\/07\/14\/avances-y-lagunas-de-la-nueva-ley-de-memoria-15-anos-despues\/\" rel=\"noopener\">Avances y lagunas de la nueva ley de memoria, 15 a\u00f1os despu\u00e9s<\/a>-lamarea<br \/>\n<a class=\"result__a\" href=\"https:\/\/diariodeavisos.elespanol.com\/2022\/07\/cromosoma-y\/\" rel=\"noopener\">Por qu\u00e9 los hombres viven menos que las mujeres: desvelan el secreto del cromosoma Y<\/a>-elespa\u00f1ol<\/p>\n<p><strong>Ciencia y Cultura<\/strong><br \/>\n<a href=\"https:\/\/www.google.com\/url?rct=j&amp;sa=t&amp;url=https:\/\/www.lavanguardia.com\/vida\/20220713\/8405340\/cinco-cientificas-espanolas-ganadoras-premio-l-oreal-2022-reivindican-mas-mujeres-puestos-responsabilidad.html&amp;ct=ga&amp;cd=CAEYACoTODk5Mjc2Nzk2MDU1NDcwMDIzMTIZYzAzNzJlYmMyZmVhZGE1OTplczplczpFUw&amp;usg=AOvVaw00UnZtBqL9ps0QXoUW8NIc\" target=\"_blank\" rel=\"noopener\" data-saferedirecturl=\"https:\/\/www.google.com\/url?q=https:\/\/www.google.com\/url?rct%3Dj%26sa%3Dt%26url%3Dhttps:\/\/www.lavanguardia.com\/vida\/20220713\/8405340\/cinco-cientificas-espanolas-ganadoras-premio-l-oreal-2022-reivindican-mas-mujeres-puestos-responsabilidad.html%26ct%3Dga%26cd%3DCAEYACoTODk5Mjc2Nzk2MDU1NDcwMDIzMTIZYzAzNzJlYmMyZmVhZGE1OTplczplczpFUw%26usg%3DAOvVaw00UnZtBqL9ps0QXoUW8NIc&amp;source=gmail&amp;ust=1657878258124000&amp;usg=AOvVaw0zqlrrBRV6TCJ2squeybXu\">Cinco cient\u00edficas espa\u00f1olas ganadoras del premio L&#8217;Oreal 2022 reivindican m\u00e1s mujeres en &#8230;-\u00a0<\/a><a>La Vanguardia<br \/>\n<\/a><a href=\"https:\/\/www.google.com\/url?rct=j&amp;sa=t&amp;url=https:\/\/www.efe.com\/efe\/espana\/cultura\/pilar-valderrama-la-guiomar-de-machado-entra-en-caja-las-letras\/10005-4849880&amp;ct=ga&amp;cd=CAEYAioTMjk0NjEwMjMyNTUzNzc2NTE0MDIZYzAzNzJlYmMyZmVhZGE1OTplczplczpFUw&amp;usg=AOvVaw3RmfAHGXX4GgbtJmRm_10J\" target=\"_blank\" rel=\"noopener\" data-saferedirecturl=\"https:\/\/www.google.com\/url?q=https:\/\/www.google.com\/url?rct%3Dj%26sa%3Dt%26url%3Dhttps:\/\/www.efe.com\/efe\/espana\/cultura\/pilar-valderrama-la-guiomar-de-machado-entra-en-caja-las-letras\/10005-4849880%26ct%3Dga%26cd%3DCAEYAioTMjk0NjEwMjMyNTUzNzc2NTE0MDIZYzAzNzJlYmMyZmVhZGE1OTplczplczpFUw%26usg%3DAOvVaw3RmfAHGXX4GgbtJmRm_10J&amp;source=gmail&amp;ust=1657873361368000&amp;usg=AOvVaw15L0NHutGYfCGYX5iG3rlz\">Pilar Valderrama, la Guiomar de Machado, entra en la Caja de las Letras &#8211;\u00a0<\/a><a>Agencia EFE<br \/>\n<\/a><a href=\"https:\/\/amecopress.net\/Ribera-sound-2022-un-festival-femenino-pionero\">Ribera sound 2022, un festival femenino pionero-<\/a>amecopress<br \/>\n<a href=\"https:\/\/www.google.com\/url?rct=j&amp;sa=t&amp;url=https:\/\/cadenaser.com\/aragon\/el-nuevo-libro-de-pirineum-orosia-mujeres-de-sol-a-sol-se-ha-presentado-en-madrid-radio-huesca&amp;ct=ga&amp;cd=CAEYACoTNzAxMDMxNzA0NTk5OTY3MTIwMjIZYzAzNzJlYmMyZmVhZGE1OTplczplczpFUw&amp;usg=AOvVaw29wxKnPlA57hkhTDxOqf05\" target=\"_blank\" rel=\"noopener\" data-saferedirecturl=\"https:\/\/www.google.com\/url?q=https:\/\/www.google.com\/url?rct%3Dj%26sa%3Dt%26url%3Dhttps:\/\/cadenaser.com\/aragon\/el-nuevo-libro-de-pirineum-orosia-mujeres-de-sol-a-sol-se-ha-presentado-en-madrid-radio-huesca%26ct%3Dga%26cd%3DCAEYACoTNzAxMDMxNzA0NTk5OTY3MTIwMjIZYzAzNzJlYmMyZmVhZGE1OTplczplczpFUw%26usg%3DAOvVaw29wxKnPlA57hkhTDxOqf05&amp;source=gmail&amp;ust=1657967630574000&amp;usg=AOvVaw1zj8kU9US8ytbnPGweVJ-f\">El nuevo libro de Pirineum, &#8216;Orosia. Mujeres de sol a sol&#8217;, se ha presentado en Madrid &#8211;\u00a0<\/a><a>Cadena SER<\/a><a><br \/>\n<\/a><a class=\"result__a\" href=\"https:\/\/www.eldia.es\/cultura\/2022\/07\/15\/luz-casal-veronica-echegui-llegan-68351248.html\" rel=\"noopener\">Luz Casal y Ver\u00f3nica Echegui llegan a Mujeres World Fest<\/a>-eldia<br \/>\n<a class=\"result__a\" href=\"https:\/\/www.larazon.es\/cultura\/20220715\/nzxxs3sjizbopbnibha7j6k4qu.html\" rel=\"noopener\">Festival de San Sebasti\u00e1n 2022: Pilar Palomero a por la Concha de Oro-\u00a0<\/a>larazon<\/p>\n<p><strong>Deporte<br \/>\n<\/strong><a class=\"result__a\" href=\"https:\/\/www.europapress.es\/deportes\/noticia-deportistas-lucharon-primera-linea-contra-pandemia-premio-nacional-deporte-extraordinario-2020-20220714174547.html\" rel=\"noopener\">Los deportistas que lucharon en primera l\u00ednea contra la pandemia, Premio Nacional del Deporte Extraordinario 2020<\/a>-europapress<\/p>\n<\/div>\n<\/div>\n<div id=\"\" class=\"lsow-panel lsow-active\">\n<h1 class=\"lsow-panel-title\">Internacional<\/h1>\n<div class=\"lsow-panel-content\">\n<p class=\"result__title\"><a href=\"https:\/\/www.google.com\/url?rct=j&amp;sa=t&amp;url=https:\/\/es-us.vida-estilo.yahoo.com\/ritmo-actual-brecha-g%25C3%25A9nero-mundo-092523054.html&amp;ct=ga&amp;cd=CAEYACoUMTcwNTM1MTUxNTE0ODkwNzM1NzkyGTU5ZDc4MTcxMzZhMmQwMjg6ZXM6ZXM6RVM&amp;usg=AOvVaw2qblmz_62gHXtCudGpliLf\" target=\"_blank\" rel=\"noopener\" data-saferedirecturl=\"https:\/\/www.google.com\/url?q=https:\/\/www.google.com\/url?rct%3Dj%26sa%3Dt%26url%3Dhttps:\/\/es-us.vida-estilo.yahoo.com\/ritmo-actual-brecha-g%2525C3%2525A9nero-mundo-092523054.html%26ct%3Dga%26cd%3DCAEYACoUMTcwNTM1MTUxNTE0ODkwNzM1NzkyGTU5ZDc4MTcxMzZhMmQwMjg6ZXM6ZXM6RVM%26usg%3DAOvVaw2qblmz_62gHXtCudGpliLf&amp;source=gmail&amp;ust=1657873367405000&amp;usg=AOvVaw03os9SpNnnLqTXsM7ZwNyA\">A ritmo actual, la brecha de\u00a0g\u00e9nero en el mundo se cerrar\u00e1 dentro de 132 a\u00f1os &#8211;\u00a0<\/a><a>Yahoo Vida y Estilo<br \/>\n<\/a><a href=\"https:\/\/www.google.com\/url?rct=j&amp;sa=t&amp;url=https:\/\/www.ilo.org\/global\/about-the-ilo\/newsroom\/news\/WCMS_850974\/lang--es\/index.htm&amp;ct=ga&amp;cd=CAEYACoSNzMyNjk1MjcxNjk5MzA2NDM2Mhk1OWQ3ODE3MTM2YTJkMDI4OmVzOmVzOkVT&amp;usg=AOvVaw1GdVd4g4yRjYzicAcFCvqz\" target=\"_blank\" rel=\"noopener\" data-saferedirecturl=\"https:\/\/www.google.com\/url?q=https:\/\/www.google.com\/url?rct%3Dj%26sa%3Dt%26url%3Dhttps:\/\/www.ilo.org\/global\/about-the-ilo\/newsroom\/news\/WCMS_850974\/lang--es\/index.htm%26ct%3Dga%26cd%3DCAEYACoSNzMyNjk1MjcxNjk5MzA2NDM2Mhk1OWQ3ODE3MTM2YTJkMDI4OmVzOmVzOkVT%26usg%3DAOvVaw1GdVd4g4yRjYzicAcFCvqz&amp;source=gmail&amp;ust=1657873367478000&amp;usg=AOvVaw2optGnE9mMwGBa8eUIlYAN\">Las mujeres del sector de la salud y de los cuidados ganan un 24 por ciento menos que los hombres-\u00a0<\/a><a>ILO<br \/>\n<\/a><a href=\"https:\/\/www.google.com\/url?rct=j&amp;sa=t&amp;url=https:\/\/www.primeralinea.mx\/2022\/07\/14\/empoderar-a-las-mujeres-debe-ser-una-prioridad-liz-concha-propone-reformar-la-ley-de-desarrollo-social-con-perspectiva-de-genero\/&amp;ct=ga&amp;cd=CAEYACoUMTgzMjg1MzYzOTEzNzkyNTUxMzIyGTU5ZDc4MTcxMzZhMmQwMjg6ZXM6ZXM6RVM&amp;usg=AOvVaw1asj7J2yOj2tKES-JIr1Tg\" target=\"_blank\" rel=\"noopener\" data-saferedirecturl=\"https:\/\/www.google.com\/url?q=https:\/\/www.google.com\/url?rct%3Dj%26sa%3Dt%26url%3Dhttps:\/\/www.primeralinea.mx\/2022\/07\/14\/empoderar-a-las-mujeres-debe-ser-una-prioridad-liz-concha-propone-reformar-la-ley-de-desarrollo-social-con-perspectiva-de-genero\/%26ct%3Dga%26cd%3DCAEYACoUMTgzMjg1MzYzOTEzNzkyNTUxMzIyGTU5ZDc4MTcxMzZhMmQwMjg6ZXM6ZXM6RVM%26usg%3DAOvVaw1asj7J2yOj2tKES-JIr1Tg&amp;source=gmail&amp;ust=1657967634723000&amp;usg=AOvVaw1YuVk-qh0dTJ0Q5VYBmIw-\">Empoderar a las mujeres debe ser una prioridad\u201d Liz Concha propone reformar la Ley de &#8230;-\u00a0<\/a><a>Primera L\u00ednea<br \/>\n<\/a><a href=\"https:\/\/www.google.com\/url?rct=j&amp;sa=t&amp;url=https:\/\/business.vogue.es\/tendencias\/articulos\/crisis-economica-impacto-salud-mental-cerebro\/589&amp;ct=ga&amp;cd=CAEYByoTMzExMTgzODU4MDA2NzQ4MzgyNjIZYzAzNzJlYmMyZmVhZGE1OTplczplczpFUw&amp;usg=AOvVaw07YnYhJp3RVzVdnHil7vSm\" target=\"_blank\" rel=\"noopener\" data-saferedirecturl=\"https:\/\/www.google.com\/url?q=https:\/\/www.google.com\/url?rct%3Dj%26sa%3Dt%26url%3Dhttps:\/\/business.vogue.es\/tendencias\/articulos\/crisis-economica-impacto-salud-mental-cerebro\/589%26ct%3Dga%26cd%3DCAEYByoTMzExMTgzODU4MDA2NzQ4MzgyNjIZYzAzNzJlYmMyZmVhZGE1OTplczplczpFUw%26usg%3DAOvVaw07YnYhJp3RVzVdnHil7vSm&amp;source=gmail&amp;ust=1657873361317000&amp;usg=AOvVaw2T_u7HePUPYicapGANE32f\">La crisis no solo impacta en la econom\u00eda. Esto es lo que le ocurre al cerebro &#8211;\u00a0<\/a><a>Vogue Business<br \/>\n<\/a><a href=\"https:\/\/www.google.com\/url?rct=j&amp;sa=t&amp;url=https:\/\/www.telam.com.ar\/notas\/202207\/598540-disenan-obras-de-arquitectura-y-espacios-urbanos-con-perspectiva-de-genero-neuquen.html&amp;ct=ga&amp;cd=CAEYAyoTMjg4NDU4NjM2NzE2MDcyMDA1MTIZNTlkNzgxNzEzNmEyZDAyODplczplczpFUw&amp;usg=AOvVaw0HkVuoO59xCZMbyKF-YRWQ\" target=\"_blank\" rel=\"noopener\" data-saferedirecturl=\"https:\/\/www.google.com\/url?q=https:\/\/www.google.com\/url?rct%3Dj%26sa%3Dt%26url%3Dhttps:\/\/www.telam.com.ar\/notas\/202207\/598540-disenan-obras-de-arquitectura-y-espacios-urbanos-con-perspectiva-de-genero-neuquen.html%26ct%3Dga%26cd%3DCAEYAyoTMjg4NDU4NjM2NzE2MDcyMDA1MTIZNTlkNzgxNzEzNmEyZDAyODplczplczpFUw%26usg%3DAOvVaw0HkVuoO59xCZMbyKF-YRWQ&amp;source=gmail&amp;ust=1657967634739000&amp;usg=AOvVaw1a7BFYUzk-JRhGwwsOphsH\">Dise\u00f1an obras de arquitectura y espacios urbanos con perspectiva de\u00a0g\u00e9nero &#8211;\u00a0<\/a><a>T\u00e9lam<br \/>\n<\/a><a href=\"https:\/\/www.google.com\/url?rct=j&amp;sa=t&amp;url=https:\/\/www.elespanol.com\/enclave-ods\/historias\/20220713\/futuro-barbie-jane-goodall-fabrica-plastico-reciclado\/687181613_0.html&amp;ct=ga&amp;cd=CAEYACoUMTQxNzk1NzExNDMyNzg3Nzg3MjgyGWMwMzcyZWJjMmZlYWRhNTk6ZXM6ZXM6RVM&amp;usg=AOvVaw3fqSiCiCY0CARPLf0_UPoK\" target=\"_blank\" rel=\"noopener\" data-saferedirecturl=\"https:\/\/www.google.com\/url?q=https:\/\/www.google.com\/url?rct%3Dj%26sa%3Dt%26url%3Dhttps:\/\/www.elespanol.com\/enclave-ods\/historias\/20220713\/futuro-barbie-jane-goodall-fabrica-plastico-reciclado\/687181613_0.html%26ct%3Dga%26cd%3DCAEYACoUMTQxNzk1NzExNDMyNzg3Nzg3MjgyGWMwMzcyZWJjMmZlYWRhNTk6ZXM6ZXM6RVM%26usg%3DAOvVaw3fqSiCiCY0CARPLf0_UPoK&amp;source=gmail&amp;ust=1657873361331000&amp;usg=AOvVaw0YLXnqcA5aWz9BV-kJmBaW\">El futuro de Barbie es verde: la nueva mu\u00f1eca Jane Goodall se fabrica con pl\u00e1stico marino reciclado-\u00a0<\/a><a>elespa\u00f1ol<\/a><a>\u00a0<\/a><\/p>\n<\/div>\n<\/div>\n<\/div><\/div><\/div><\/div><\/div>\n","protected":false},"excerpt":{"rendered":"<p>A ritmo actual, la brecha de g\u00e9nero en el mundo se cerrar\u00e1 dentro de 132 a\u00f1os * Perfil del teleoperador en Espa\u00f1a: Mujer, joven, con estudios secundarios y un contrato indefinido * Pilar Valderrama, la Guiomar de Machado, entra en la Caja de las Letras <\/p>\n","protected":false},"author":3,"featured_media":22909,"comment_status":"closed","ping_status":"closed","sticky":false,"template":"","format":"standard","meta":{"footnotes":""},"categories":[298,621],"tags":[211,168,96],"class_list":["post-16751","post","type-post","status-publish","format-standard","has-post-thumbnail","hentry","category-newsletter","category-nwl-3-0","tag-brecha-de-genero","tag-empleo","tag-mujeres"],"yoast_head":"<!-- This site is optimized with the Yoast SEO plugin v27.5 - https:\/\/yoast.com\/product\/yoast-seo-wordpress\/ -->\n<title>Noticias Info CKL n\u00ba 2702-15\/07\/22 -Comunicar con perspectiva de g\u00e9nero<\/title>\n<meta name=\"description\" content=\"Noticias Info CKL n\u00ba 2702-15\/07\/22 A ritmo actual, la brecha de g\u00e9nero en el mundo se cerrar\u00e1 dentro de 132 a\u00f1os * Perfil del teleoperador en Espa\u00f1a: Mujer, joven, con estudios secundarios y un contrato indefinido * Pilar Valderrama, la Guiomar de Machado, entra en la Caja de las Letras\" \/>\n<meta name=\"robots\" content=\"index, follow, max-snippet:-1, max-image-preview:large, max-video-preview:-1\" \/>\n<link rel=\"canonical\" href=\"https:\/\/cklcomunicaciones.es\/coop\/noticias-info-ckl-no-2702-15-07-22\/\" \/>\n<meta property=\"og:locale\" content=\"es_ES\" \/>\n<meta property=\"og:type\" content=\"article\" \/>\n<meta property=\"og:title\" content=\"Noticias Info CKL n\u00ba 2702-15\/07\/22 -Comunicar con perspectiva de g\u00e9nero\" \/>\n<meta property=\"og:description\" content=\"Noticias Info CKL n\u00ba 2702-15\/07\/22 A ritmo actual, la brecha de g\u00e9nero en el mundo se cerrar\u00e1 dentro de 132 a\u00f1os * Perfil del teleoperador en Espa\u00f1a: Mujer, joven, con estudios secundarios y un contrato indefinido * Pilar Valderrama, la Guiomar de Machado, entra en la Caja de las Letras\" \/>\n<meta property=\"og:url\" content=\"https:\/\/cklcomunicaciones.es\/coop\/noticias-info-ckl-no-2702-15-07-22\/\" \/>\n<meta property=\"og:site_name\" content=\"CKL Comunicaciones\" \/>\n<meta property=\"article:published_time\" content=\"2022-07-15T12:12:57+00:00\" \/>\n<meta property=\"article:modified_time\" content=\"2025-02-09T07:34:32+00:00\" \/>\n<meta property=\"og:image\" content=\"https:\/\/cklcomunicaciones.es\/coop\/wp-content\/uploads\/2025\/01\/CKL-una-mirada-distinta-de-la-comunicacion.jpg\" \/>\n\t<meta property=\"og:image:width\" content=\"1482\" \/>\n\t<meta property=\"og:image:height\" content=\"775\" \/>\n\t<meta property=\"og:image:type\" content=\"image\/jpeg\" \/>\n<meta name=\"author\" content=\"ckl\" \/>\n<meta name=\"twitter:card\" content=\"summary_large_image\" \/>\n<meta name=\"twitter:label1\" content=\"Escrito por\" \/>\n\t<meta name=\"twitter:data1\" content=\"ckl\" \/>\n\t<meta name=\"twitter:label2\" content=\"Tiempo de lectura\" \/>\n\t<meta name=\"twitter:data2\" content=\"5 minutos\" \/>\n<script type=\"application\/ld+json\" class=\"yoast-schema-graph\">{\"@context\":\"https:\\\/\\\/schema.org\",\"@graph\":[{\"@type\":\"Article\",\"@id\":\"https:\\\/\\\/cklcomunicaciones.es\\\/coop\\\/noticias-info-ckl-no-2702-15-07-22\\\/#article\",\"isPartOf\":{\"@id\":\"https:\\\/\\\/cklcomunicaciones.es\\\/coop\\\/noticias-info-ckl-no-2702-15-07-22\\\/\"},\"author\":{\"name\":\"ckl\",\"@id\":\"https:\\\/\\\/cklcomunicaciones.es\\\/coop\\\/#\\\/schema\\\/person\\\/929a6837f7626450bbb50cee1aef266e\"},\"headline\":\"Noticias Info CKL n\u00ba 2702-15\\\/07\\\/22\",\"datePublished\":\"2022-07-15T12:12:57+00:00\",\"dateModified\":\"2025-02-09T07:34:32+00:00\",\"mainEntityOfPage\":{\"@id\":\"https:\\\/\\\/cklcomunicaciones.es\\\/coop\\\/noticias-info-ckl-no-2702-15-07-22\\\/\"},\"wordCount\":904,\"image\":{\"@id\":\"https:\\\/\\\/cklcomunicaciones.es\\\/coop\\\/noticias-info-ckl-no-2702-15-07-22\\\/#primaryimage\"},\"thumbnailUrl\":\"https:\\\/\\\/cklcomunicaciones.es\\\/coop\\\/wp-content\\\/uploads\\\/2025\\\/01\\\/CKL-una-mirada-distinta-de-la-comunicacion.jpg\",\"keywords\":[\"brecha de g\u00e9nero\",\"empleo\",\"mujeres\"],\"articleSection\":[\"Newsletter\",\"Nwl v3.0\"],\"inLanguage\":\"es\"},{\"@type\":\"WebPage\",\"@id\":\"https:\\\/\\\/cklcomunicaciones.es\\\/coop\\\/noticias-info-ckl-no-2702-15-07-22\\\/\",\"url\":\"https:\\\/\\\/cklcomunicaciones.es\\\/coop\\\/noticias-info-ckl-no-2702-15-07-22\\\/\",\"name\":\"Noticias Info CKL n\u00ba 2702-15\\\/07\\\/22 -Comunicar con perspectiva de g\u00e9nero\",\"isPartOf\":{\"@id\":\"https:\\\/\\\/cklcomunicaciones.es\\\/coop\\\/#website\"},\"primaryImageOfPage\":{\"@id\":\"https:\\\/\\\/cklcomunicaciones.es\\\/coop\\\/noticias-info-ckl-no-2702-15-07-22\\\/#primaryimage\"},\"image\":{\"@id\":\"https:\\\/\\\/cklcomunicaciones.es\\\/coop\\\/noticias-info-ckl-no-2702-15-07-22\\\/#primaryimage\"},\"thumbnailUrl\":\"https:\\\/\\\/cklcomunicaciones.es\\\/coop\\\/wp-content\\\/uploads\\\/2025\\\/01\\\/CKL-una-mirada-distinta-de-la-comunicacion.jpg\",\"datePublished\":\"2022-07-15T12:12:57+00:00\",\"dateModified\":\"2025-02-09T07:34:32+00:00\",\"author\":{\"@id\":\"https:\\\/\\\/cklcomunicaciones.es\\\/coop\\\/#\\\/schema\\\/person\\\/929a6837f7626450bbb50cee1aef266e\"},\"description\":\"Noticias Info CKL n\u00ba 2702-15\\\/07\\\/22 A ritmo actual, la brecha de g\u00e9nero en el mundo se cerrar\u00e1 dentro de 132 a\u00f1os * Perfil del teleoperador en Espa\u00f1a: Mujer, joven, con estudios secundarios y un contrato indefinido * Pilar Valderrama, la Guiomar de Machado, entra en la Caja de las Letras\",\"breadcrumb\":{\"@id\":\"https:\\\/\\\/cklcomunicaciones.es\\\/coop\\\/noticias-info-ckl-no-2702-15-07-22\\\/#breadcrumb\"},\"inLanguage\":\"es\",\"potentialAction\":[{\"@type\":\"ReadAction\",\"target\":[\"https:\\\/\\\/cklcomunicaciones.es\\\/coop\\\/noticias-info-ckl-no-2702-15-07-22\\\/\"]}]},{\"@type\":\"ImageObject\",\"inLanguage\":\"es\",\"@id\":\"https:\\\/\\\/cklcomunicaciones.es\\\/coop\\\/noticias-info-ckl-no-2702-15-07-22\\\/#primaryimage\",\"url\":\"https:\\\/\\\/cklcomunicaciones.es\\\/coop\\\/wp-content\\\/uploads\\\/2025\\\/01\\\/CKL-una-mirada-distinta-de-la-comunicacion.jpg\",\"contentUrl\":\"https:\\\/\\\/cklcomunicaciones.es\\\/coop\\\/wp-content\\\/uploads\\\/2025\\\/01\\\/CKL-una-mirada-distinta-de-la-comunicacion.jpg\",\"width\":1482,\"height\":775,\"caption\":\"CKL - una mirada distinta de la comunicacion\"},{\"@type\":\"BreadcrumbList\",\"@id\":\"https:\\\/\\\/cklcomunicaciones.es\\\/coop\\\/noticias-info-ckl-no-2702-15-07-22\\\/#breadcrumb\",\"itemListElement\":[{\"@type\":\"ListItem\",\"position\":1,\"name\":\"Portada\",\"item\":\"https:\\\/\\\/cklcomunicaciones.es\\\/coop\\\/\"},{\"@type\":\"ListItem\",\"position\":2,\"name\":\"Noticias Info CKL n\u00ba 2702-15\\\/07\\\/22\"}]},{\"@type\":\"WebSite\",\"@id\":\"https:\\\/\\\/cklcomunicaciones.es\\\/coop\\\/#website\",\"url\":\"https:\\\/\\\/cklcomunicaciones.es\\\/coop\\\/\",\"name\":\"CKL Comunicaciones\",\"description\":\"Sitio web de CKL Comunicaciones coop , la consultora de comunicaci\u00f3n y estrategia\",\"potentialAction\":[{\"@type\":\"SearchAction\",\"target\":{\"@type\":\"EntryPoint\",\"urlTemplate\":\"https:\\\/\\\/cklcomunicaciones.es\\\/coop\\\/?s={search_term_string}\"},\"query-input\":{\"@type\":\"PropertyValueSpecification\",\"valueRequired\":true,\"valueName\":\"search_term_string\"}}],\"inLanguage\":\"es\"},{\"@type\":\"Person\",\"@id\":\"https:\\\/\\\/cklcomunicaciones.es\\\/coop\\\/#\\\/schema\\\/person\\\/929a6837f7626450bbb50cee1aef266e\",\"name\":\"ckl\",\"image\":{\"@type\":\"ImageObject\",\"inLanguage\":\"es\",\"@id\":\"https:\\\/\\\/secure.gravatar.com\\\/avatar\\\/c82db564e8a669bf6023357a157b9dc4780f4d4c618f2ad1d71a6a5dede45057?s=96&d=mm&r=g\",\"url\":\"https:\\\/\\\/secure.gravatar.com\\\/avatar\\\/c82db564e8a669bf6023357a157b9dc4780f4d4c618f2ad1d71a6a5dede45057?s=96&d=mm&r=g\",\"contentUrl\":\"https:\\\/\\\/secure.gravatar.com\\\/avatar\\\/c82db564e8a669bf6023357a157b9dc4780f4d4c618f2ad1d71a6a5dede45057?s=96&d=mm&r=g\",\"caption\":\"ckl\"},\"url\":\"https:\\\/\\\/cklcomunicaciones.es\\\/coop\\\/author\\\/cklcomunicaciones\\\/\"}]}<\/script>\n<!-- \/ Yoast SEO plugin. -->","yoast_head_json":{"title":"Noticias Info CKL n\u00ba 2702-15\/07\/22 -Comunicar con perspectiva de g\u00e9nero","description":"Noticias Info CKL n\u00ba 2702-15\/07\/22 A ritmo actual, la brecha de g\u00e9nero en el mundo se cerrar\u00e1 dentro de 132 a\u00f1os * Perfil del teleoperador en Espa\u00f1a: Mujer, joven, con estudios secundarios y un contrato indefinido * Pilar Valderrama, la Guiomar de Machado, entra en la Caja de las Letras","robots":{"index":"index","follow":"follow","max-snippet":"max-snippet:-1","max-image-preview":"max-image-preview:large","max-video-preview":"max-video-preview:-1"},"canonical":"https:\/\/cklcomunicaciones.es\/coop\/noticias-info-ckl-no-2702-15-07-22\/","og_locale":"es_ES","og_type":"article","og_title":"Noticias Info CKL n\u00ba 2702-15\/07\/22 -Comunicar con perspectiva de g\u00e9nero","og_description":"Noticias Info CKL n\u00ba 2702-15\/07\/22 A ritmo actual, la brecha de g\u00e9nero en el mundo se cerrar\u00e1 dentro de 132 a\u00f1os * Perfil del teleoperador en Espa\u00f1a: Mujer, joven, con estudios secundarios y un contrato indefinido * Pilar Valderrama, la Guiomar de Machado, entra en la Caja de las Letras","og_url":"https:\/\/cklcomunicaciones.es\/coop\/noticias-info-ckl-no-2702-15-07-22\/","og_site_name":"CKL Comunicaciones","article_published_time":"2022-07-15T12:12:57+00:00","article_modified_time":"2025-02-09T07:34:32+00:00","og_image":[{"width":1482,"height":775,"url":"https:\/\/cklcomunicaciones.es\/coop\/wp-content\/uploads\/2025\/01\/CKL-una-mirada-distinta-de-la-comunicacion.jpg","type":"image\/jpeg"}],"author":"ckl","twitter_card":"summary_large_image","twitter_misc":{"Escrito por":"ckl","Tiempo de lectura":"5 minutos"},"schema":{"@context":"https:\/\/schema.org","@graph":[{"@type":"Article","@id":"https:\/\/cklcomunicaciones.es\/coop\/noticias-info-ckl-no-2702-15-07-22\/#article","isPartOf":{"@id":"https:\/\/cklcomunicaciones.es\/coop\/noticias-info-ckl-no-2702-15-07-22\/"},"author":{"name":"ckl","@id":"https:\/\/cklcomunicaciones.es\/coop\/#\/schema\/person\/929a6837f7626450bbb50cee1aef266e"},"headline":"Noticias Info CKL n\u00ba 2702-15\/07\/22","datePublished":"2022-07-15T12:12:57+00:00","dateModified":"2025-02-09T07:34:32+00:00","mainEntityOfPage":{"@id":"https:\/\/cklcomunicaciones.es\/coop\/noticias-info-ckl-no-2702-15-07-22\/"},"wordCount":904,"image":{"@id":"https:\/\/cklcomunicaciones.es\/coop\/noticias-info-ckl-no-2702-15-07-22\/#primaryimage"},"thumbnailUrl":"https:\/\/cklcomunicaciones.es\/coop\/wp-content\/uploads\/2025\/01\/CKL-una-mirada-distinta-de-la-comunicacion.jpg","keywords":["brecha de g\u00e9nero","empleo","mujeres"],"articleSection":["Newsletter","Nwl v3.0"],"inLanguage":"es"},{"@type":"WebPage","@id":"https:\/\/cklcomunicaciones.es\/coop\/noticias-info-ckl-no-2702-15-07-22\/","url":"https:\/\/cklcomunicaciones.es\/coop\/noticias-info-ckl-no-2702-15-07-22\/","name":"Noticias Info CKL n\u00ba 2702-15\/07\/22 -Comunicar con perspectiva de g\u00e9nero","isPartOf":{"@id":"https:\/\/cklcomunicaciones.es\/coop\/#website"},"primaryImageOfPage":{"@id":"https:\/\/cklcomunicaciones.es\/coop\/noticias-info-ckl-no-2702-15-07-22\/#primaryimage"},"image":{"@id":"https:\/\/cklcomunicaciones.es\/coop\/noticias-info-ckl-no-2702-15-07-22\/#primaryimage"},"thumbnailUrl":"https:\/\/cklcomunicaciones.es\/coop\/wp-content\/uploads\/2025\/01\/CKL-una-mirada-distinta-de-la-comunicacion.jpg","datePublished":"2022-07-15T12:12:57+00:00","dateModified":"2025-02-09T07:34:32+00:00","author":{"@id":"https:\/\/cklcomunicaciones.es\/coop\/#\/schema\/person\/929a6837f7626450bbb50cee1aef266e"},"description":"Noticias Info CKL n\u00ba 2702-15\/07\/22 A ritmo actual, la brecha de g\u00e9nero en el mundo se cerrar\u00e1 dentro de 132 a\u00f1os * Perfil del teleoperador en Espa\u00f1a: Mujer, joven, con estudios secundarios y un contrato indefinido * Pilar Valderrama, la Guiomar de Machado, entra en la Caja de las Letras","breadcrumb":{"@id":"https:\/\/cklcomunicaciones.es\/coop\/noticias-info-ckl-no-2702-15-07-22\/#breadcrumb"},"inLanguage":"es","potentialAction":[{"@type":"ReadAction","target":["https:\/\/cklcomunicaciones.es\/coop\/noticias-info-ckl-no-2702-15-07-22\/"]}]},{"@type":"ImageObject","inLanguage":"es","@id":"https:\/\/cklcomunicaciones.es\/coop\/noticias-info-ckl-no-2702-15-07-22\/#primaryimage","url":"https:\/\/cklcomunicaciones.es\/coop\/wp-content\/uploads\/2025\/01\/CKL-una-mirada-distinta-de-la-comunicacion.jpg","contentUrl":"https:\/\/cklcomunicaciones.es\/coop\/wp-content\/uploads\/2025\/01\/CKL-una-mirada-distinta-de-la-comunicacion.jpg","width":1482,"height":775,"caption":"CKL - una mirada distinta de la comunicacion"},{"@type":"BreadcrumbList","@id":"https:\/\/cklcomunicaciones.es\/coop\/noticias-info-ckl-no-2702-15-07-22\/#breadcrumb","itemListElement":[{"@type":"ListItem","position":1,"name":"Portada","item":"https:\/\/cklcomunicaciones.es\/coop\/"},{"@type":"ListItem","position":2,"name":"Noticias Info CKL n\u00ba 2702-15\/07\/22"}]},{"@type":"WebSite","@id":"https:\/\/cklcomunicaciones.es\/coop\/#website","url":"https:\/\/cklcomunicaciones.es\/coop\/","name":"CKL Comunicaciones","description":"Sitio web de CKL Comunicaciones coop , la consultora de comunicaci\u00f3n y estrategia","potentialAction":[{"@type":"SearchAction","target":{"@type":"EntryPoint","urlTemplate":"https:\/\/cklcomunicaciones.es\/coop\/?s={search_term_string}"},"query-input":{"@type":"PropertyValueSpecification","valueRequired":true,"valueName":"search_term_string"}}],"inLanguage":"es"},{"@type":"Person","@id":"https:\/\/cklcomunicaciones.es\/coop\/#\/schema\/person\/929a6837f7626450bbb50cee1aef266e","name":"ckl","image":{"@type":"ImageObject","inLanguage":"es","@id":"https:\/\/secure.gravatar.com\/avatar\/c82db564e8a669bf6023357a157b9dc4780f4d4c618f2ad1d71a6a5dede45057?s=96&d=mm&r=g","url":"https:\/\/secure.gravatar.com\/avatar\/c82db564e8a669bf6023357a157b9dc4780f4d4c618f2ad1d71a6a5dede45057?s=96&d=mm&r=g","contentUrl":"https:\/\/secure.gravatar.com\/avatar\/c82db564e8a669bf6023357a157b9dc4780f4d4c618f2ad1d71a6a5dede45057?s=96&d=mm&r=g","caption":"ckl"},"url":"https:\/\/cklcomunicaciones.es\/coop\/author\/cklcomunicaciones\/"}]}},"_links":{"self":[{"href":"https:\/\/cklcomunicaciones.es\/coop\/wp-json\/wp\/v2\/posts\/16751","targetHints":{"allow":["GET"]}}],"collection":[{"href":"https:\/\/cklcomunicaciones.es\/coop\/wp-json\/wp\/v2\/posts"}],"about":[{"href":"https:\/\/cklcomunicaciones.es\/coop\/wp-json\/wp\/v2\/types\/post"}],"author":[{"embeddable":true,"href":"https:\/\/cklcomunicaciones.es\/coop\/wp-json\/wp\/v2\/users\/3"}],"replies":[{"embeddable":true,"href":"https:\/\/cklcomunicaciones.es\/coop\/wp-json\/wp\/v2\/comments?post=16751"}],"version-history":[{"count":0,"href":"https:\/\/cklcomunicaciones.es\/coop\/wp-json\/wp\/v2\/posts\/16751\/revisions"}],"wp:featuredmedia":[{"embeddable":true,"href":"https:\/\/cklcomunicaciones.es\/coop\/wp-json\/wp\/v2\/media\/22909"}],"wp:attachment":[{"href":"https:\/\/cklcomunicaciones.es\/coop\/wp-json\/wp\/v2\/media?parent=16751"}],"wp:term":[{"taxonomy":"category","embeddable":true,"href":"https:\/\/cklcomunicaciones.es\/coop\/wp-json\/wp\/v2\/categories?post=16751"},{"taxonomy":"post_tag","embeddable":true,"href":"https:\/\/cklcomunicaciones.es\/coop\/wp-json\/wp\/v2\/tags?post=16751"}],"curies":[{"name":"wp","href":"https:\/\/api.w.org\/{rel}","templated":true}]}}