{"id":16349,"date":"2022-05-19T13:17:06","date_gmt":"2022-05-19T11:17:06","guid":{"rendered":"https:\/\/www.cklcomunicaciones.es\/?p=16349"},"modified":"2025-02-09T10:08:08","modified_gmt":"2025-02-09T09:08:08","slug":"noticias-info-ckl-no-2684-19-05-22","status":"publish","type":"post","link":"https:\/\/cklcomunicaciones.es\/coop\/noticias-info-ckl-no-2684-19-05-22\/","title":{"rendered":"Noticias Info CKL n\u00ba 2684-19\/05\/22"},"content":{"rendered":"<div class=\"fusion-fullwidth fullwidth-box fusion-builder-row-1 fusion-flex-container nonhundred-percent-fullwidth non-hundred-percent-height-scrolling\" style=\"--awb-border-radius-top-left:0px;--awb-border-radius-top-right:0px;--awb-border-radius-bottom-right:0px;--awb-border-radius-bottom-left:0px;--awb-flex-wrap:wrap;\" ><div class=\"fusion-builder-row fusion-row fusion-flex-align-items-flex-start fusion-flex-content-wrap\" style=\"max-width:1248px;margin-left: calc(-4% \/ 2 );margin-right: calc(-4% \/ 2 );\"><div class=\"fusion-layout-column fusion_builder_column fusion-builder-column-0 fusion_builder_column_1_1 1_1 fusion-flex-column\" style=\"--awb-bg-blend:overlay;--awb-bg-size:cover;--awb-width-large:100%;--awb-margin-top-large:0px;--awb-spacing-right-large:1.92%;--awb-margin-bottom-large:0px;--awb-spacing-left-large:1.92%;--awb-width-medium:100%;--awb-spacing-right-medium:1.92%;--awb-spacing-left-medium:1.92%;--awb-width-small:100%;--awb-spacing-right-small:1.92%;--awb-spacing-left-small:1.92%;\"><div class=\"fusion-column-wrapper fusion-flex-justify-content-flex-start fusion-content-layout-column\"><div class=\"fusion-text fusion-text-1\"><div id=\"\" class=\"lsow-panel lsow-active\">\n<h1 class=\"lsow-panel-title\">Comunicaci\u00f3n, Publicidad y TICs<\/h1>\n<div class=\"lsow-panel-content\">\n<p><a class=\"title\" href=\"https:\/\/theobjective.com\/espana\/2022-05-16\/mujeres-consejos-administracion-comunicacion\/\" target=\"_blank\" rel=\"noopener\" data-artpy=\"0\" data-author=\"The Objective\">Las mujeres son solo el 20% en los consejos de administraci\u00f3n del sector de la comunicaci\u00f3n<\/a>-theobjective<br \/>\n<a href=\"https:\/\/www.google.com\/url?rct=j&amp;sa=t&amp;url=https:\/\/www.elperiodicodearagon.com\/cultura\/2022\/05\/18\/entrevista-sandra-sabates-no-me-cuentes-cuentos-zaragoza-66076093.html&amp;ct=ga&amp;cd=CAEYACoTNDA4NjcxNjA3MjU1NTIxMDU1NzIZZTJkZWZhN2Q1ZGE5MTU3ZDplczplczpFUw&amp;usg=AOvVaw0ueyuPm4xp2QGlIS5DRaTS\" target=\"_blank\" rel=\"noopener\" data-saferedirecturl=\"https:\/\/www.google.com\/url?q=https:\/\/www.google.com\/url?rct%3Dj%26sa%3Dt%26url%3Dhttps:\/\/www.elperiodicodearagon.com\/cultura\/2022\/05\/18\/entrevista-sandra-sabates-no-me-cuentes-cuentos-zaragoza-66076093.html%26ct%3Dga%26cd%3DCAEYACoTNDA4NjcxNjA3MjU1NTIxMDU1NzIZZTJkZWZhN2Q1ZGE5MTU3ZDplczplczpFUw%26usg%3DAOvVaw0ueyuPm4xp2QGlIS5DRaTS&amp;source=gmail&amp;ust=1653037831085000&amp;usg=AOvVaw1Xu63VuHah-omVHf-Oyj8p\">Sandra Sabat\u00e9s: \u00abLos cuentos cl\u00e1sicos reflejan lo que era la sociedad en ese momento, y &#8230;-\u00a0<\/a>e<a>lperidicodearagon<br \/>\n<\/a><a class=\"title\" href=\"https:\/\/www.heraldo.es\/noticias\/internacional\/2022\/05\/07\/bilan-el-primer-medio-de-comunicacion-somali-formado-solo-por-mujeres-1572669.html\" target=\"_blank\" rel=\"noopener\" data-artpy=\"0\" data-author=\"Heraldo\">Bilan, el primer medio de comunicaci\u00f3n somal\u00ed formado s\u00f3lo por mujeres<\/a>-heraldo<a><br \/>\n<\/a><a href=\"https:\/\/www.google.com\/url?rct=j&amp;sa=t&amp;url=https:\/\/oncubanews.com\/cuba\/sociedad-cuba\/genero\/estereotipos-de-genero-en-el-diseno-aprendiendo-a-desaprender\/&amp;ct=ga&amp;cd=CAEYCyoUMTAwNDc4MjI4MDI0Mjc5NDY4NDgyGTU5ZDc4MTcxMzZhMmQwMjg6ZXM6ZXM6RVM&amp;usg=AOvVaw3Pp795a6RsCQQtCmWfsNR4\" target=\"_blank\" rel=\"noopener\" data-saferedirecturl=\"https:\/\/www.google.com\/url?q=https:\/\/www.google.com\/url?rct%3Dj%26sa%3Dt%26url%3Dhttps:\/\/oncubanews.com\/cuba\/sociedad-cuba\/genero\/estereotipos-de-genero-en-el-diseno-aprendiendo-a-desaprender\/%26ct%3Dga%26cd%3DCAEYCyoUMTAwNDc4MjI4MDI0Mjc5NDY4NDgyGTU5ZDc4MTcxMzZhMmQwMjg6ZXM6ZXM6RVM%26usg%3DAOvVaw3Pp795a6RsCQQtCmWfsNR4&amp;source=gmail&amp;ust=1652960421831000&amp;usg=AOvVaw0dBnqipTc33gQhBAAaLqsR\">Estereotipos de g\u00e9nero en el dise\u00f1o: aprendiendo a desaprender &#8211;<\/a><a>OnCuba<br \/>\n<\/a><a class=\"title\" href=\"https:\/\/www.diariolavozdelchaco.com\/el-rol-de-las-mujeres-y-las-tecnologias-para-mitigar-el-cambio-climatico\/\" target=\"_blank\" rel=\"noopener\" data-artpy=\"0\" data-author=\"La Voz del Chaco\">El rol de las mujeres y las tecnolog\u00edas para mitigar el cambio clim\u00e1tico<\/a>-lavozdelchaco<a><br \/>\n<\/a><a href=\"https:\/\/www.google.com\/url?rct=j&amp;sa=t&amp;url=https:\/\/tn.com.ar\/tecno\/juegos\/2022\/05\/16\/el-dinosaurio-de-google-chrome-tambien-puede-volar\/&amp;ct=ga&amp;cd=CAEYAioUMTc3MDcxNTAzMzQyNzExMDg4NzkyGWUyZGVmYTdkNWRhOTE1N2Q6ZXM6ZXM6RVM&amp;usg=AOvVaw0l95gK8swlqJkC3uWgiEvo\" target=\"_blank\" rel=\"noopener\" data-saferedirecturl=\"https:\/\/www.google.com\/url?q=https:\/\/www.google.com\/url?rct%3Dj%26sa%3Dt%26url%3Dhttps:\/\/tn.com.ar\/tecno\/juegos\/2022\/05\/16\/el-dinosaurio-de-google-chrome-tambien-puede-volar\/%26ct%3Dga%26cd%3DCAEYAioUMTc3MDcxNTAzMzQyNzExMDg4NzkyGWUyZGVmYTdkNWRhOTE1N2Q6ZXM6ZXM6RVM%26usg%3DAOvVaw0l95gK8swlqJkC3uWgiEvo&amp;source=gmail&amp;ust=1652859496650000&amp;usg=AOvVaw00xKgeclJs1xlAvxxaBLCP\">El dinosaurio de Google Chrome tambi\u00e9n puede volar &#8211;\u00a0<\/a><a>TN<\/a><\/p>\n<\/div>\n<\/div>\n<div id=\"\" class=\"lsow-panel lsow-active\">\n<h1 class=\"lsow-panel-title\">Andaluc\u00eda<\/h1>\n<div class=\"lsow-panel-content\">\n<p><strong>Econom\u00eda y Empresas<br \/>\n<\/strong><a class=\"title\" href=\"https:\/\/cadenaser.com\/andalucia\/2022\/05\/19\/ana-corredera-nos-sentimos-mas-vivos-que-nunca-y-queremos-disfrutar-de-nuestros-espacios-naturales-radio-coca-ser-ronda\/\" target=\"_blank\" rel=\"noopener\" data-artpy=\"0\" data-author=\"Cadena SER\">Ana Corredera, Viceconsejera de Agricultura, Ganader\u00eda, Pesca y Desarrollo Sostenible: \u201cNos sentimos m\u00e1s vivos que nunca y queremos disfrutar de nuestros espacios naturales\u201d-\u00a0<\/a>cadenaser<br \/>\n<a href=\"https:\/\/www.google.com\/url?rct=j&amp;sa=t&amp;url=https:\/\/sevilla.abc.es\/sevilla\/sevi-juez-sevilla-concede-madre-soltera-16-semanas-mas-baja-maternal-202205171751_noticia.html&amp;ct=ga&amp;cd=CAEYACoTNTc3MTU1NjMxODI0MTQ2MDc2OTIZYzAzNzJlYmMyZmVhZGE1OTplczplczpFUw&amp;usg=AOvVaw1bRv5GHxNlyihig-6aiD5X\" target=\"_blank\" rel=\"noopener\" data-saferedirecturl=\"https:\/\/www.google.com\/url?q=https:\/\/www.google.com\/url?rct%3Dj%26sa%3Dt%26url%3Dhttps:\/\/sevilla.abc.es\/sevilla\/sevi-juez-sevilla-concede-madre-soltera-16-semanas-mas-baja-maternal-202205171751_noticia.html%26ct%3Dga%26cd%3DCAEYACoTNTc3MTU1NjMxODI0MTQ2MDc2OTIZYzAzNzJlYmMyZmVhZGE1OTplczplczpFUw%26usg%3DAOvVaw1bRv5GHxNlyihig-6aiD5X&amp;source=gmail&amp;ust=1652960413016000&amp;usg=AOvVaw2oU-7hGtpcd4U7WcOcKuo7\">Una juez de Sevilla concede a una madre soltera 16 semanas m\u00e1s de baja maternal-\u00a0<\/a><a>abcsevilla<\/a><strong><br \/>\n<\/strong><a class=\"title\" href=\"https:\/\/www.msn.com\/es-es\/dinero\/economia\/famp-impulsa-el-proyecto-internisa-para-crear-sinergias-y-contribuir-a-la-reducci%C3%B3n-de-la-brecha-digital-de-g%C3%A9nero\/ar-AAXprSU?ocid=BingNewsSearch\" target=\"_blank\" rel=\"noopener\" data-artpy=\"0\" data-author=\"MSN\">FAMP impulsa el proyecto Internisa para crear sinergias y contribuir a la reducci\u00f3n de la brecha digital de g\u00e9nero<\/a>-msn<br \/>\n<a class=\"title\" href=\"https:\/\/www.msn.com\/es-es\/news\/espana\/el-foro-iberoamericano-de-la-escuela-de-econom-c3-ada-social-de-faecta-debate-sobre-cambio-clim-c3-a1tico-y-liderazgo-femenino\/ar-AAXelOm?ocid=BingNewsSearch\" target=\"_blank\" rel=\"noopener\" data-artpy=\"0\" data-author=\"Europa Press on MSN.com\">El Foro Iberoamericano de la Escuela de Econom\u00eda Social de Faecta debate sobre cambio clim\u00e1tico y liderazgo femenino<\/a>-europapress<a><br \/>\n<\/a><\/p>\n<p><strong>Actualidad<br \/>\n<\/strong><a class=\"title\" href=\"https:\/\/www.europapress.es\/andalucia\/mas-jaen-00988\/noticia-consejo-igualdad-participacion-mujeres-jiennenses-renueva-asociaciones-componen-20220518224149.html\" target=\"_blank\" rel=\"noopener\" data-artpy=\"0\" data-author=\"Europa Press\">El Consejo de Igualdad y Participaci\u00f3n de las Mujeres Jiennenses renueva las asociaciones que lo componen<\/a><strong>-europapress<\/strong><a><br \/>\n<\/a><a href=\"https:\/\/www.eldiario.es\/andalucia\/jueza-comunica-maria-salmeron-debe-ingresar-prision-dias_1_9000631.html\">La jueza comunica a Mar\u00eda Salmer\u00f3n que debe ingresar en prisi\u00f3n antes de 15 d\u00edas<\/a>-eldiario<br \/>\n<a href=\"https:\/\/www.google.com\/url?rct=j&amp;sa=t&amp;url=https:\/\/www.eldiario.es\/andalucia\/sevilla\/red-sororidad-brinda-futuro-esperanza-mujeres-ucranias-sevilla_1_9004802.html&amp;ct=ga&amp;cd=CAEYACoTNzA4MjkwMjE2MjU4Nzk2NjI2ODIZYzAzNzJlYmMyZmVhZGE1OTplczplczpFUw&amp;usg=AOvVaw3QVLUmRVcQ_UgxyOFv_KIV\" target=\"_blank\" rel=\"noopener\" data-saferedirecturl=\"https:\/\/www.google.com\/url?q=https:\/\/www.google.com\/url?rct%3Dj%26sa%3Dt%26url%3Dhttps:\/\/www.eldiario.es\/andalucia\/sevilla\/red-sororidad-brinda-futuro-esperanza-mujeres-ucranias-sevilla_1_9004802.html%26ct%3Dga%26cd%3DCAEYACoTNzA4MjkwMjE2MjU4Nzk2NjI2ODIZYzAzNzJlYmMyZmVhZGE1OTplczplczpFUw%26usg%3DAOvVaw3QVLUmRVcQ_UgxyOFv_KIV&amp;source=gmail&amp;ust=1653037839390000&amp;usg=AOvVaw223dEVrKyv4ZBfH6afFJlf\">Una red de sororidad brinda \u00abfuturo y esperanza\u00bb a mujeres ucranias en Sevilla &#8211;\u00a0<\/a><a>El Diario<br \/>\n<\/a><a href=\"https:\/\/www.eldiario.es\/andalucia\/sevilla\/defiende-necesidad-denunciar-actos-homofobos-dia-lgtbifobia-sevilla_1_8999129.html\">Sevilla invita a denunciar los actos hom\u00f3fobos en el D\u00eda contra la LGTBIfobia<\/a>-eldiario<\/p>\n<div><strong>Violencias<br \/>\n<\/strong><a class=\"title\" href=\"https:\/\/www.juntadeandalucia.es\/presidencia\/portavoz\/172221\/rocio\/ruiz\/asiste\/jerez\/inauguracion\/iii\/jornada\/violencia\/genero\/mundo\/rural\" target=\"_blank\" rel=\"noopener\" data-artpy=\"0\" data-author=\"juntadeandalucia.es\">Roc\u00edo Ruiz asiste a la inauguraci\u00f3n de la III Jornada Violencia de G\u00e9nero en el Mundo Rural<\/a>-juntadeandalucia<br \/>\n<a class=\"title\" href=\"https:\/\/andaluciainformacion.es\/estepona\/1050553\/el-206-de-las-atenciones-del-centro-de-la-mujer-en-2021-fueron-de-violencia-de-genero\/\" target=\"_blank\" rel=\"noopener\" data-artpy=\"0\" data-author=\"Andaluc\u00eda Informaci\u00f3n\">El 20,6% de las atenciones del Centro de la Mujer en 2021 fueron de violencia de g\u00e9nero<\/a>-andaluciainformacion<strong><br \/>\n<\/strong><a href=\"https:\/\/www.google.com\/url?rct=j&amp;sa=t&amp;url=https:\/\/www.benalgo.es\/noticias\/convenio-para-disponer-de-18-casas-de-acogida-para-mujeres-victimas-de-violencia-de-genero.html&amp;ct=ga&amp;cd=CAEYASoTNTIyNjY0NzU2MDMzMjg1NDY2MDIbOWFiMWNkZDdlMzY2ZWYzODplczplczpFUzpS&amp;usg=AOvVaw077z9KBSkthQhA-bvBE60P\" target=\"_blank\" rel=\"noopener\" data-saferedirecturl=\"https:\/\/www.google.com\/url?q=https:\/\/www.google.com\/url?rct%3Dj%26sa%3Dt%26url%3Dhttps:\/\/www.benalgo.es\/noticias\/convenio-para-disponer-de-18-casas-de-acogida-para-mujeres-victimas-de-violencia-de-genero.html%26ct%3Dga%26cd%3DCAEYASoTNTIyNjY0NzU2MDMzMjg1NDY2MDIbOWFiMWNkZDdlMzY2ZWYzODplczplczpFUzpS%26usg%3DAOvVaw077z9KBSkthQhA-bvBE60P&amp;source=gmail&amp;ust=1652960419575000&amp;usg=AOvVaw2jSaaUD67QvQkvA_fw8QNV\">Convenio para disponer de 18 casas de acogida para mujeres v\u00edctimas de violencia de g\u00e9nero-\u00a0<\/a><a>Contracr\u00f3nica.es<br \/>\n<\/a><a href=\"https:\/\/www.google.com\/url?rct=j&amp;sa=t&amp;url=https:\/\/sevilla.abc.es\/andalucia\/cordoba\/sevi-crimen-rute-fiscalia-pide-23-anos-carcel-para-autor-confeso-asesinato-mujer-martillazos-202205171439_noticia.html&amp;ct=ga&amp;cd=CAEYACoUMTA1MjU5NTAwNDMyODk2NjQ1MTAyGzlhYjFjZGQ3ZTM2NmVmMzg6ZXM6ZXM6RVM6Ug&amp;usg=AOvVaw1wkOecZZcBEMB5BxX_RtPY\" target=\"_blank\" rel=\"noopener\" data-saferedirecturl=\"https:\/\/www.google.com\/url?q=https:\/\/www.google.com\/url?rct%3Dj%26sa%3Dt%26url%3Dhttps:\/\/sevilla.abc.es\/andalucia\/cordoba\/sevi-crimen-rute-fiscalia-pide-23-anos-carcel-para-autor-confeso-asesinato-mujer-martillazos-202205171439_noticia.html%26ct%3Dga%26cd%3DCAEYACoUMTA1MjU5NTAwNDMyODk2NjQ1MTAyGzlhYjFjZGQ3ZTM2NmVmMzg6ZXM6ZXM6RVM6Ug%26usg%3DAOvVaw1wkOecZZcBEMB5BxX_RtPY&amp;source=gmail&amp;ust=1652960419600000&amp;usg=AOvVaw0lBdYfRTAw7leiBMXF-Mgk\">Crimen de Rute| La Fiscal\u00eda pide 23 a\u00f1os de c\u00e1rcel para el autor confeso del asesinato de &#8230;-\u00a0<\/a><a>abcsevilla<\/a><\/div>\n<div><\/div>\n<div><strong>Ciencia y Cultura<br \/>\n<\/strong><a href=\"https:\/\/aljarafeymas.com\/noticias\/5660-La-mdico-umbretea-Laura-Fernndez-primer-premio-en-un-concurso-nacional-de-casos-clnicos-de-cncer-de-pulmn\">La m\u00e9dico umbrete\u00f1a Laura Fern\u00e1ndez, 1er premio en un concurso nacional de casos cl\u00ednicos de c\u00e1ncer de pulm\u00f3n &#8211;<\/a>aljarafeymas<br \/>\n<a href=\"https:\/\/www.google.com\/url?rct=j&amp;sa=t&amp;url=https:\/\/www.uca.es\/noticia\/el-congreso-iberoamericano-genred-se-desarrolla-en-panama\/&amp;ct=ga&amp;cd=CAEYACoTNjE0MDc0MzIxNzQ1MTYzOTM2ODIZNTlkNzgxNzEzNmEyZDAyODplczplczpFUw&amp;usg=AOvVaw0mLP5z74rfDWwtvchk3tjI\" target=\"_blank\" rel=\"noopener\" data-saferedirecturl=\"https:\/\/www.google.com\/url?q=https:\/\/www.google.com\/url?rct%3Dj%26sa%3Dt%26url%3Dhttps:\/\/www.uca.es\/noticia\/el-congreso-iberoamericano-genred-se-desarrolla-en-panama\/%26ct%3Dga%26cd%3DCAEYACoTNjE0MDc0MzIxNzQ1MTYzOTM2ODIZNTlkNzgxNzEzNmEyZDAyODplczplczpFUw%26usg%3DAOvVaw0mLP5z74rfDWwtvchk3tjI&amp;source=gmail&amp;ust=1652859496703000&amp;usg=AOvVaw28YjiUpQD7zdY7wJY5_nZx\">El Congreso Iberoamericano GENRED se desarrolla en Panam\u00e1 \u2013\u00a0<\/a><a>Universidad de C\u00e1diz<br \/>\n<\/a><a href=\"https:\/\/www.google.com\/url?rct=j&amp;sa=t&amp;url=https:\/\/www.diariodejerez.es\/rincon-flamenco\/actualidad\/Instituto-Andaluz-Flamenco-presentacion-Milnoff_0_1684633380.html&amp;ct=ga&amp;cd=CAEYCCoTOTU1NDE5MzY4Nzk0NzE5ODIwNjIZYzAzNzJlYmMyZmVhZGE1OTplczplczpFUw&amp;usg=AOvVaw2RDU0_bRV7psuq1FgyVPZO\" target=\"_blank\" rel=\"noopener\" data-saferedirecturl=\"https:\/\/www.google.com\/url?q=https:\/\/www.google.com\/url?rct%3Dj%26sa%3Dt%26url%3Dhttps:\/\/www.diariodejerez.es\/rincon-flamenco\/actualidad\/Instituto-Andaluz-Flamenco-presentacion-Milnoff_0_1684633380.html%26ct%3Dga%26cd%3DCAEYCCoTOTU1NDE5MzY4Nzk0NzE5ODIwNjIZYzAzNzJlYmMyZmVhZGE1OTplczplczpFUw%26usg%3DAOvVaw2RDU0_bRV7psuq1FgyVPZO&amp;source=gmail&amp;ust=1653037839297000&amp;usg=AOvVaw1cORfi0c8YxJ31OLqt4PsE\">El Instituto Andaluz del Flamenco acoge la presentaci\u00f3n de Milnoff &#8211;\u00a0<\/a><a>Diario de Jerez<br \/>\n<\/a><a href=\"https:\/\/www.google.com\/url?rct=j&amp;sa=t&amp;url=https:\/\/www.linares28.es\/2022\/05\/19\/propuestas-de-ocio-y-turismo-vuelve-la-literatura-fantastica-a-la-provincia-de-jaen-con-el-v-festival-tartarus\/&amp;ct=ga&amp;cd=CAEYAioTNjIyMTAwNDc5NzE2MDY0NzU0ODIZYzAzNzJlYmMyZmVhZGE1OTplczplczpFUw&amp;usg=AOvVaw0XdmrP0phR-wddauav2hbv\" target=\"_blank\" rel=\"noopener\" data-saferedirecturl=\"https:\/\/www.google.com\/url?q=https:\/\/www.google.com\/url?rct%3Dj%26sa%3Dt%26url%3Dhttps:\/\/www.linares28.es\/2022\/05\/19\/propuestas-de-ocio-y-turismo-vuelve-la-literatura-fantastica-a-la-provincia-de-jaen-con-el-v-festival-tartarus\/%26ct%3Dga%26cd%3DCAEYAioTNjIyMTAwNDc5NzE2MDY0NzU0ODIZYzAzNzJlYmMyZmVhZGE1OTplczplczpFUw%26usg%3DAOvVaw0XdmrP0phR-wddauav2hbv&amp;source=gmail&amp;ust=1653037839356000&amp;usg=AOvVaw0y9nRrzH5uxzOzK0X2n0AU\">Vuelve la literatura fant\u00e1stica a la provincia de Ja\u00e9n con el &#8216;V Festival T\u00e1rtarus&#8217; &#8211;\u00a0<\/a><a>Linares28<\/a><\/div>\n<div>\n<div class=\"t_t\"><a class=\"title\" href=\"https:\/\/andaluciainformacion.es\/test\/1050743\/la-mujer-vinera-reclama-su-sitio-en-el-carnaval-de-cadiz-con-la-predicadora\/\" target=\"_blank\" rel=\"noopener\" data-artpy=\"0\" data-author=\"Andaluc\u00eda Informaci\u00f3n\">La mujer vi\u00f1era reclama su sitio en el Carnaval de C\u00e1diz con &#8216;La predicadora&#8217; \u00b7 &#8211;<\/a>andaluciainformacion<br \/>\n<a class=\"title\" href=\"https:\/\/www.elplural.com\/politica\/espana\/actuacion-feminista-triunfa-carnaval-cadiz-patriarcado-jigo_290010102\" target=\"_blank\" rel=\"noopener\" data-artpy=\"0\" data-author=\"Elplural.com\">La actuaci\u00f3n feminista que triunfa en el Carnaval de C\u00e1diz: del patriarcado hasta el \u00abjigo\u00bb<\/a>-elplural<br \/>\n<a class=\"title\" href=\"https:\/\/www.granadadigital.es\/pase-especial-documental-mujeres-espana-maria-lejarraga-laura-hojman-cultura-granada\/\" target=\"_blank\" rel=\"noopener\" data-artpy=\"0\" data-author=\"Granada Digital\">Pase especial del documental &#8216;A las mujeres de Espa\u00f1a. Mar\u00eda Lej\u00e1rraga&#8217;, de Laura Hojman<\/a>-granadadigital<br \/>\n<a class=\"title\" href=\"https:\/\/www.granadadigital.es\/mujeres-letras-tomar-feria-libro-granada\/\" target=\"_blank\" rel=\"noopener\" data-artpy=\"0\" data-author=\"Granada Digital\">Mujeres \u201cde letras tomar\u201d en la Feria del Libro de Granada este jueves<\/a>-granadadigital<\/div>\n<\/div>\n<div><\/div>\n<div><strong>Deportes<br \/>\n<\/strong><a class=\"title\" href=\"https:\/\/cadenaser.com\/andalucia\/2022\/05\/18\/el-costa-del-sol-en-el-olimpo-del-balonmano-nacional-y-europeo-ser-malaga\/\" target=\"_blank\" rel=\"noopener\" data-artpy=\"0\" data-author=\"Cadena SER\">El Costa del Sol en el olimpo del balonmano nacional y europeo<\/a><strong>&#8211;<\/strong>cadenaser<\/div>\n<\/div>\n<\/div>\n<div id=\"\" class=\"lsow-panel lsow-active\">\n<h1 class=\"lsow-panel-title\">Estado<\/h1>\n<div class=\"lsow-panel-content\">\n<p><strong>Institucional<br \/>\n<\/strong><a href=\"https:\/\/www.google.com\/url?rct=j&amp;sa=t&amp;url=https:\/\/www.cope.es\/actualidad\/espana\/noticias\/igualdad-riesgo-ley-del-solo-que-debate-congreso-20220518_2088244&amp;ct=ga&amp;cd=CAEYASoTMzkzMTk2MTYzMTcwOTkxNTQ1MzIZZTJkZWZhN2Q1ZGE5MTU3ZDplczplczpFUw&amp;usg=AOvVaw23wMJLix5zpKybLOWYEMX6\" target=\"_blank\" rel=\"noopener\" data-saferedirecturl=\"https:\/\/www.google.com\/url?q=https:\/\/www.google.com\/url?rct%3Dj%26sa%3Dt%26url%3Dhttps:\/\/www.cope.es\/actualidad\/espana\/noticias\/igualdad-riesgo-ley-del-solo-que-debate-congreso-20220518_2088244%26ct%3Dga%26cd%3DCAEYASoTMzkzMTk2MTYzMTcwOTkxNTQ1MzIZZTJkZWZhN2Q1ZGE5MTU3ZDplczplczpFUw%26usg%3DAOvVaw23wMJLix5zpKybLOWYEMX6&amp;source=gmail&amp;ust=1652960413368000&amp;usg=AOvVaw21hU1VRUlrUVSshD30D99q\">Igualdad ve en riesgo la ley del solo s\u00ed es s\u00ed que se debate en el Congreso &#8211;<\/a>cope<br \/>\n<a href=\"https:\/\/www.google.com\/url?rct=j&amp;sa=t&amp;url=https:\/\/www.europapress.es\/nacional\/noticia-tribunal-cuentas-presenta-congreso-informe-situa-37-brecha-genero-exteriores-20220518172711.html&amp;ct=ga&amp;cd=CAEYACoTNDI5MTI4MjU1NDE1Nzg5MDY0NDIZNTlkNzgxNzEzNmEyZDAyODplczplczpFUw&amp;usg=AOvVaw20K_zi6j2i-9RcC3-8gSAR\" target=\"_blank\" rel=\"noopener\" data-saferedirecturl=\"https:\/\/www.google.com\/url?q=https:\/\/www.google.com\/url?rct%3Dj%26sa%3Dt%26url%3Dhttps:\/\/www.europapress.es\/nacional\/noticia-tribunal-cuentas-presenta-congreso-informe-situa-37-brecha-genero-exteriores-20220518172711.html%26ct%3Dga%26cd%3DCAEYACoTNDI5MTI4MjU1NDE1Nzg5MDY0NDIZNTlkNzgxNzEzNmEyZDAyODplczplczpFUw%26usg%3DAOvVaw20K_zi6j2i-9RcC3-8gSAR&amp;source=gmail&amp;ust=1653037831203000&amp;usg=AOvVaw2R6-9ja6XlgHV3Fppm_0Po\">El Tribunal de Cuentas presenta en el Congreso el informe que sit\u00faa en el 37% la brecha salarial en Exteriores &#8230;-\u00a0<\/a>europapress<\/p>\n<p><strong>Institucional \u2013 CCAA<br \/>\n<\/strong><a href=\"https:\/\/www.google.com\/url?rct=j&amp;sa=t&amp;url=https:\/\/www.directoextremadura.com\/noticias_region\/2022-05-17\/10\/23376\/gil-rosina-lamenta-vivir-tiempos-de-retroceso-con-el-incremento-de-las-agresiones-y-los-delitos-de-odio-al-colectivo-lgtbi.html&amp;ct=ga&amp;cd=CAEYASoUMTEzMjM1MjU5OTY1ODEzMDM1NjcyGTU5ZDc4MTcxMzZhMmQwMjg6ZXM6ZXM6RVM&amp;usg=AOvVaw3V1SZ08uRshX1FJ-xnjubj\" target=\"_blank\" rel=\"noopener\" data-saferedirecturl=\"https:\/\/www.google.com\/url?q=https:\/\/www.google.com\/url?rct%3Dj%26sa%3Dt%26url%3Dhttps:\/\/www.directoextremadura.com\/noticias_region\/2022-05-17\/10\/23376\/gil-rosina-lamenta-vivir-tiempos-de-retroceso-con-el-incremento-de-las-agresiones-y-los-delitos-de-odio-al-colectivo-lgtbi.html%26ct%3Dga%26cd%3DCAEYASoUMTEzMjM1MjU5OTY1ODEzMDM1NjcyGTU5ZDc4MTcxMzZhMmQwMjg6ZXM6ZXM6RVM%26usg%3DAOvVaw3V1SZ08uRshX1FJ-xnjubj&amp;source=gmail&amp;ust=1652960421803000&amp;usg=AOvVaw3y2CdJjF92uJkYgcTaWcl5\">Gil Rosi\u00f1a lamenta vivir \u00bbtiempos de retroceso con el incremento de las agresiones y los delitos &#8230;-\u00a0<\/a><a>Directo Extremadura<br \/>\n<\/a><a href=\"https:\/\/www.google.com\/url?rct=j&amp;sa=t&amp;url=https:\/\/www.lavanguardia.com\/local\/paisvasco\/20220517\/8273772\/upv-ehu-osalan-colaboraran-integracion-perspectiva-genero-prevencion-riesgos-laborales.html&amp;ct=ga&amp;cd=CAEYACoUMTI3OTY2OTA0MzgzMjEyMTk3NTcyGTU5ZDc4MTcxMzZhMmQwMjg6ZXM6ZXM6RVM&amp;usg=AOvVaw2KzODi_arB7lulR6CkEJGa\" target=\"_blank\" rel=\"noopener\" data-saferedirecturl=\"https:\/\/www.google.com\/url?q=https:\/\/www.google.com\/url?rct%3Dj%26sa%3Dt%26url%3Dhttps:\/\/www.lavanguardia.com\/local\/paisvasco\/20220517\/8273772\/upv-ehu-osalan-colaboraran-integracion-perspectiva-genero-prevencion-riesgos-laborales.html%26ct%3Dga%26cd%3DCAEYACoUMTI3OTY2OTA0MzgzMjEyMTk3NTcyGTU5ZDc4MTcxMzZhMmQwMjg6ZXM6ZXM6RVM%26usg%3DAOvVaw2KzODi_arB7lulR6CkEJGa&amp;source=gmail&amp;ust=1652960421858000&amp;usg=AOvVaw0IKXL33R054EaP24btALkC\">UPV\/EHU y Osalan colaborar\u00e1n en la integraci\u00f3n de la perspectiva de g\u00e9nero en &#8230; &#8211;\u00a0<\/a><a>La Vanguardia<br \/>\n<\/a><a href=\"https:\/\/www.google.com\/url?rct=j&amp;sa=t&amp;url=https:\/\/herencia.net\/2022-05-17-vuelve-el-programa-corresponsables-durante-las-vacaciones-de-verano-para-favorecer-la-conciliacion-familiar\/&amp;ct=ga&amp;cd=CAEYAyoUMTMyNjkxNTc3NzcyMDE2MzkyMDgyGWMwMzcyZWJjMmZlYWRhNTk6ZXM6ZXM6RVM&amp;usg=AOvVaw35GDgLhicavkcD0E_8us1K\" target=\"_blank\" rel=\"noopener\" data-saferedirecturl=\"https:\/\/www.google.com\/url?q=https:\/\/www.google.com\/url?rct%3Dj%26sa%3Dt%26url%3Dhttps:\/\/herencia.net\/2022-05-17-vuelve-el-programa-corresponsables-durante-las-vacaciones-de-verano-para-favorecer-la-conciliacion-familiar\/%26ct%3Dga%26cd%3DCAEYAyoUMTMyNjkxNTc3NzcyMDE2MzkyMDgyGWMwMzcyZWJjMmZlYWRhNTk6ZXM6ZXM6RVM%26usg%3DAOvVaw35GDgLhicavkcD0E_8us1K&amp;source=gmail&amp;ust=1653037839268000&amp;usg=AOvVaw3nCcKKM17nRaDKTVZQso73\">Vuelve el Programa Corresponsables durante las vacaciones de verano en Castilla La Mancha para favorecer la corresponsabilidad &#8230;-\u00a0<\/a><a>Herencia<br \/>\n<\/a><a class=\"title\" href=\"https:\/\/www.eldiario.es\/canariasahora\/impulsa-startups\/startups-ods-agenda-2030-perspectiva-canarias_1_9004499.html\" target=\"_blank\" rel=\"noopener\" data-artpy=\"0\" data-author=\"eldiario.es\">Startups, ODS y la Agenda 2030, una perspectiva desde Canarias<\/a>-eldiario<a><br \/>\n<\/a><\/p>\n<p><strong>Econom\u00eda y Empresa<br \/>\n<\/strong><a href=\"https:\/\/www.google.com\/url?rct=j&amp;sa=t&amp;url=https:\/\/www.europapress.es\/epsocial\/responsables\/noticia-aena-reafirma-compromiso-igualdad-mujeres-son-56-comite-direccion-ejecutivo-20220517152656.html&amp;ct=ga&amp;cd=CAEYACoUMTUwMzAwNTA0MDQxODU1NDUzMzYyGTU5ZDc4MTcxMzZhMmQwMjg6ZXM6ZXM6RVM&amp;usg=AOvVaw1YYrIRIdpXYimwtd4h5TYO\" target=\"_blank\" rel=\"noopener\" data-saferedirecturl=\"https:\/\/www.google.com\/url?q=https:\/\/www.google.com\/url?rct%3Dj%26sa%3Dt%26url%3Dhttps:\/\/www.europapress.es\/epsocial\/responsables\/noticia-aena-reafirma-compromiso-igualdad-mujeres-son-56-comite-direccion-ejecutivo-20220517152656.html%26ct%3Dga%26cd%3DCAEYACoUMTUwMzAwNTA0MDQxODU1NDUzMzYyGTU5ZDc4MTcxMzZhMmQwMjg6ZXM6ZXM6RVM%26usg%3DAOvVaw1YYrIRIdpXYimwtd4h5TYO&amp;source=gmail&amp;ust=1652960421812000&amp;usg=AOvVaw0IQ4uKPXerQ0nZHM74RH0x\">Aena reafirma su compromiso con la igualdad y las mujeres son el 56% de su Comit\u00e9 de &#8230;-\u00a0<\/a><a>Europa Press<br \/>\n<\/a><a href=\"https:\/\/www.google.com\/url?rct=j&amp;sa=t&amp;url=http:\/\/www.compromisorse.com\/rse\/2022\/05\/17\/galletas-gullon-se-compromete-con-las-victimas-de-violencia-de-genero\/&amp;ct=ga&amp;cd=CAEYAioTNTMzOTc4Njk4MjU3MTExNTcyNjIZZTFlNzdkMTU2MDk4YThlMzplczplczpFUw&amp;usg=AOvVaw2fEfDdapr32Ore23YEE2UA\" target=\"_blank\" rel=\"noopener\" data-saferedirecturl=\"https:\/\/www.google.com\/url?q=https:\/\/www.google.com\/url?rct%3Dj%26sa%3Dt%26url%3Dhttp:\/\/www.compromisorse.com\/rse\/2022\/05\/17\/galletas-gullon-se-compromete-con-las-victimas-de-violencia-de-genero\/%26ct%3Dga%26cd%3DCAEYAioTNTMzOTc4Njk4MjU3MTExNTcyNjIZZTFlNzdkMTU2MDk4YThlMzplczplczpFUw%26usg%3DAOvVaw2fEfDdapr32Ore23YEE2UA&amp;source=gmail&amp;ust=1652960417715000&amp;usg=AOvVaw3AtUS-DkLtNV6GhteCE2y_\">Galletas Gull\u00f3n se compromete con las v\u00edctimas de violencia de g\u00e9nero &#8211;<\/a><a>Compromiso RSE<br \/>\n<\/a><a href=\"https:\/\/www.google.com\/url?rct=j&amp;sa=t&amp;url=https:\/\/www.compromisorse.com\/rse\/2022\/05\/18\/henkel-quiere-alcanzar-la-paridad-de-genero-en-2025\/&amp;ct=ga&amp;cd=CAEYACoTNjk2MjE1NDA2OTgzNDQyMDg0ODIZYzAzNzJlYmMyZmVhZGE1OTplczplczpFUw&amp;usg=AOvVaw3C-azC9OJM0u75EOT3OrnV\" target=\"_blank\" rel=\"noopener\" data-saferedirecturl=\"https:\/\/www.google.com\/url?q=https:\/\/www.google.com\/url?rct%3Dj%26sa%3Dt%26url%3Dhttps:\/\/www.compromisorse.com\/rse\/2022\/05\/18\/henkel-quiere-alcanzar-la-paridad-de-genero-en-2025\/%26ct%3Dga%26cd%3DCAEYACoTNjk2MjE1NDA2OTgzNDQyMDg0ODIZYzAzNzJlYmMyZmVhZGE1OTplczplczpFUw%26usg%3DAOvVaw3C-azC9OJM0u75EOT3OrnV&amp;source=gmail&amp;ust=1652960413182000&amp;usg=AOvVaw096--9QxtlhrY_ThFtzQE6\">Henkel quiere alcanzar la paridad de g\u00e9nero en 2025 &#8211;\u00a0<\/a>C<a>ompromiso RSE<br \/>\n<\/a><a class=\"title\" href=\"https:\/\/www.bolsamania.com\/catalunya\/noticies\/empreses\/economia--las-mujeres-directivas-representan-el-168-del-total-y-cobran-un-13-menos-segun-un-estudio--9814111.html\" target=\"_blank\" rel=\"noopener\" data-artpy=\"0\" data-author=\"Capitalbolsa\">Las mujeres directivas representan el 16,8% del total y cobran un 13% menos, seg\u00fan un estudio<\/a>-capitalbolsa<a><br \/>\n<\/a><a href=\"https:\/\/www.google.com\/url?rct=j&amp;sa=t&amp;url=https:\/\/www.lavanguardia.com\/economia\/20220516\/8270585\/buscan-directivas-brl.html&amp;ct=ga&amp;cd=CAEYACoTNDI2MTA2NTU1OTY2NTU4MjMyMDIZYzAzNzJlYmMyZmVhZGE1OTplczplczpFUw&amp;usg=AOvVaw2vCkxogBZDDYD0g8Y9TavO\" target=\"_blank\" rel=\"noopener\" data-saferedirecturl=\"https:\/\/www.google.com\/url?q=https:\/\/www.google.com\/url?rct%3Dj%26sa%3Dt%26url%3Dhttps:\/\/www.lavanguardia.com\/economia\/20220516\/8270585\/buscan-directivas-brl.html%26ct%3Dga%26cd%3DCAEYACoTNDI2MTA2NTU1OTY2NTU4MjMyMDIZYzAzNzJlYmMyZmVhZGE1OTplczplczpFUw%26usg%3DAOvVaw2vCkxogBZDDYD0g8Y9TavO&amp;source=gmail&amp;ust=1652859486363000&amp;usg=AOvVaw2ZNnyt7m28Ajk8NSMOm8aN\">Se buscan directivas &#8211;<\/a><a>La Vanguardia<\/a><\/p>\n<p><strong>Actualidad<br \/>\n<\/strong><a href=\"https:\/\/www.google.com\/url?rct=j&amp;sa=t&amp;url=https:\/\/www.eldiario.es\/sociedad\/toni-morillas-esperamos-acabar-legislatura-apruebe-bajada-iva-productos-menstruales_128_9000454.html&amp;ct=ga&amp;cd=CAEYACoTODU3MjI4NzE1NzI2ODI2NTcyNTIZYzAzNzJlYmMyZmVhZGE1OTplczplczpFUw&amp;usg=AOvVaw3llGFR39OJWP9qkx9y4r8N\" target=\"_blank\" rel=\"noopener\" data-saferedirecturl=\"https:\/\/www.google.com\/url?q=https:\/\/www.google.com\/url?rct%3Dj%26sa%3Dt%26url%3Dhttps:\/\/www.eldiario.es\/sociedad\/toni-morillas-esperamos-acabar-legislatura-apruebe-bajada-iva-productos-menstruales_128_9000454.html%26ct%3Dga%26cd%3DCAEYACoTODU3MjI4NzE1NzI2ODI2NTcyNTIZYzAzNzJlYmMyZmVhZGE1OTplczplczpFUw%26usg%3DAOvVaw3llGFR39OJWP9qkx9y4r8N&amp;source=gmail&amp;ust=1652960413092000&amp;usg=AOvVaw0n5_Nkp2tNP41hMHAEJJKE\">T<\/a><a href=\"https:\/\/www.google.com\/url?rct=j&amp;sa=t&amp;url=https:\/\/www.eldiario.es\/sociedad\/toni-morillas-esperamos-acabar-legislatura-apruebe-bajada-iva-productos-menstruales_128_9000454.html&amp;ct=ga&amp;cd=CAEYACoTODU3MjI4NzE1NzI2ODI2NTcyNTIZYzAzNzJlYmMyZmVhZGE1OTplczplczpFUw&amp;usg=AOvVaw3llGFR39OJWP9qkx9y4r8N\" target=\"_blank\" rel=\"noopener\" data-saferedirecturl=\"https:\/\/www.google.com\/url?q=https:\/\/www.google.com\/url?rct%3Dj%26sa%3Dt%26url%3Dhttps:\/\/www.eldiario.es\/sociedad\/toni-morillas-esperamos-acabar-legislatura-apruebe-bajada-iva-productos-menstruales_128_9000454.html%26ct%3Dga%26cd%3DCAEYACoTODU3MjI4NzE1NzI2ODI2NTcyNTIZYzAzNzJlYmMyZmVhZGE1OTplczplczpFUw%26usg%3DAOvVaw3llGFR39OJWP9qkx9y4r8N&amp;source=gmail&amp;ust=1652960413092000&amp;usg=AOvVaw0n5_Nkp2tNP41hMHAEJJKE\">oni Morillas, directora del Instituto de las Mujeres: \u00abEsperamos que antes de acabar la legislatura se apruebe la bajada del IVA ..<\/a><a href=\"https:\/\/www.google.com\/url?rct=j&amp;sa=t&amp;url=https:\/\/www.eldiario.es\/sociedad\/toni-morillas-esperamos-acabar-legislatura-apruebe-bajada-iva-productos-menstruales_128_9000454.html&amp;ct=ga&amp;cd=CAEYACoTODU3MjI4NzE1NzI2ODI2NTcyNTIZYzAzNzJlYmMyZmVhZGE1OTplczplczpFUw&amp;usg=AOvVaw3llGFR39OJWP9qkx9y4r8N\" target=\"_blank\" rel=\"noopener\" data-saferedirecturl=\"https:\/\/www.google.com\/url?q=https:\/\/www.google.com\/url?rct%3Dj%26sa%3Dt%26url%3Dhttps:\/\/www.eldiario.es\/sociedad\/toni-morillas-esperamos-acabar-legislatura-apruebe-bajada-iva-productos-menstruales_128_9000454.html%26ct%3Dga%26cd%3DCAEYACoTODU3MjI4NzE1NzI2ODI2NTcyNTIZYzAzNzJlYmMyZmVhZGE1OTplczplczpFUw%26usg%3DAOvVaw3llGFR39OJWP9qkx9y4r8N&amp;source=gmail&amp;ust=1652960413092000&amp;usg=AOvVaw0n5_Nkp2tNP41hMHAEJJKE\">.-\u00a0<\/a><a>eldiario<br \/>\n<\/a><a href=\"https:\/\/www.google.com\/url?rct=j&amp;sa=t&amp;url=https:\/\/www.elespanol.com\/invertia\/disruptores-innovadores\/opinion\/20220517\/todavia-cuestionas-importancia-diversidad\/673062692_13.html&amp;ct=ga&amp;cd=CAEYACoSNDQxMzk4NzM4NTM0Nzk5NTgzMhljMDM3MmViYzJmZWFkYTU5OmVzOmVzOkVT&amp;usg=AOvVaw1EBv-2dUj2Y2A2iZ1-4b-C\" target=\"_blank\" rel=\"noopener\" data-saferedirecturl=\"https:\/\/www.google.com\/url?q=https:\/\/www.google.com\/url?rct%3Dj%26sa%3Dt%26url%3Dhttps:\/\/www.elespanol.com\/invertia\/disruptores-innovadores\/opinion\/20220517\/todavia-cuestionas-importancia-diversidad\/673062692_13.html%26ct%3Dga%26cd%3DCAEYACoSNDQxMzk4NzM4NTM0Nzk5NTgzMhljMDM3MmViYzJmZWFkYTU5OmVzOmVzOkVT%26usg%3DAOvVaw1EBv-2dUj2Y2A2iZ1-4b-C&amp;source=gmail&amp;ust=1652859486449000&amp;usg=AOvVaw3wDa5RGl706tq12g79-QJx\">Todav\u00eda te cuestionas la importancia de la diversidad? &#8211;\u00a0<\/a><a>El Espa\u00f1ol<br \/>\n<\/a><a href=\"https:\/\/www.google.com\/url?rct=j&amp;sa=t&amp;url=https:\/\/www.20minutos.es\/salud\/enfermedades-cardiovasculares-no-solo-cosa-hombres-quiron-4998105\/&amp;ct=ga&amp;cd=CAEYACoUMTc4MDAzNDY4NjUxNTIxNDU3NzYyGWMwMzcyZWJjMmZlYWRhNTk6ZXM6ZXM6RVM&amp;usg=AOvVaw35hpiK9E0mmCWNRyyIvkJM\" target=\"_blank\" rel=\"noopener\" data-saferedirecturl=\"https:\/\/www.google.com\/url?q=https:\/\/www.google.com\/url?rct%3Dj%26sa%3Dt%26url%3Dhttps:\/\/www.20minutos.es\/salud\/enfermedades-cardiovasculares-no-solo-cosa-hombres-quiron-4998105\/%26ct%3Dga%26cd%3DCAEYACoUMTc4MDAzNDY4NjUxNTIxNDU3NzYyGWMwMzcyZWJjMmZlYWRhNTk6ZXM6ZXM6RVM%26usg%3DAOvVaw35hpiK9E0mmCWNRyyIvkJM&amp;source=gmail&amp;ust=1652960412980000&amp;usg=AOvVaw2Y3Ok5UJCAuXDOLhqwI2TZ\">Las enfermedades cardiovasculares, no solo cosa de hombres &#8211;\u00a0<\/a><a>20Minutos<br \/>\n<\/a><a href=\"https:\/\/www.google.com\/url?rct=j&amp;sa=t&amp;url=https:\/\/www.niusdiario.es\/sociedad\/sanidad\/nacimientos-mujeres-mayores-disparan-espana_18_3331920176.html&amp;ct=ga&amp;cd=CAEYACoTMjE3ODY4MjU0NTYyMjIyOTExNjIZYzAzNzJlYmMyZmVhZGE1OTplczplczpFUw&amp;usg=AOvVaw0DknqcEv0o4DYmPnkNlkUE\" target=\"_blank\" rel=\"noopener\" data-saferedirecturl=\"https:\/\/www.google.com\/url?q=https:\/\/www.google.com\/url?rct%3Dj%26sa%3Dt%26url%3Dhttps:\/\/www.niusdiario.es\/sociedad\/sanidad\/nacimientos-mujeres-mayores-disparan-espana_18_3331920176.html%26ct%3Dga%26cd%3DCAEYACoTMjE3ODY4MjU0NTYyMjIyOTExNjIZYzAzNzJlYmMyZmVhZGE1OTplczplczpFUw%26usg%3DAOvVaw0DknqcEv0o4DYmPnkNlkUE&amp;source=gmail&amp;ust=1652960413190000&amp;usg=AOvVaw3yQZsde8PznkOUrZ186nue\">Los nacimientos en mujeres mayores de 45 a\u00f1os se disparan un 43% en Espa\u00f1a &#8211;\u00a0<\/a><a>NIUS<br \/>\n<\/a><a class=\"title\" href=\"https:\/\/www.canarias7.es\/sociedad\/siete-diez-mujeres-20220519103122-ntrc.html\" target=\"_blank\" rel=\"noopener\" data-artpy=\"0\" data-author=\"Canarias7\">Siete de cada diez mujeres quieren acceder a la p\u00edldora sin receta<\/a>-canarias7<br \/>\n<a class=\"title\" href=\"https:\/\/www.diariodemallorca.es\/mallorca\/2022\/05\/19\/thenjiwe-mtintso-mujer-africana-sigue-66265099.html\" target=\"_blank\" rel=\"noopener\" data-artpy=\"0\" data-author=\"Diario de Mallorca\">Thenjiwe Mtintso: \u00abLa mujer africana sigue sinti\u00e9ndose inferior al hombre\u00bb<\/a>-diariodemallorca<a><br \/>\n<\/a><\/p>\n<p><strong>Violencias<br \/>\n<\/strong><a href=\"https:\/\/www.google.com\/url?rct=j&amp;sa=t&amp;url=https:\/\/www.infolibre.es\/igualdad\/80-jovenes-sufrido-acoso-traves-movil-45-identifica_1_1235115.html&amp;ct=ga&amp;cd=CAEYAioTNjg2ODA5MTIxODU4ODEzNzIzMjIZYzAzNzJlYmMyZmVhZGE1OTplczplczpFUw&amp;usg=AOvVaw2asORj5gPKkypF87ha3yBf\" target=\"_blank\" rel=\"noopener\" data-saferedirecturl=\"https:\/\/www.google.com\/url?q=https:\/\/www.google.com\/url?rct%3Dj%26sa%3Dt%26url%3Dhttps:\/\/www.infolibre.es\/igualdad\/80-jovenes-sufrido-acoso-traves-movil-45-identifica_1_1235115.html%26ct%3Dga%26cd%3DCAEYAioTNjg2ODA5MTIxODU4ODEzNzIzMjIZYzAzNzJlYmMyZmVhZGE1OTplczplczpFUw%26usg%3DAOvVaw2asORj5gPKkypF87ha3yBf&amp;source=gmail&amp;ust=1652962906558000&amp;usg=AOvVaw0mKYQ73kNVx8DzLafzg3Yf\">El 80% de las j\u00f3venes ha sufrido acoso sexual a trav\u00e9s del m\u00f3vil, pero solo el 45% lo &#8230; &#8211;<\/a><a>infoLibre<br \/>\n<\/a><a href=\"https:\/\/www.google.com\/url?rct=j&amp;sa=t&amp;url=https:\/\/www.rtve.es\/television\/20220517\/como-poner-nombre-violencia-obstetrica\/2347980.shtml&amp;ct=ga&amp;cd=CAEYAyoUMTc4MDAzNDY4NjUxNTIxNDU3NzYyGWMwMzcyZWJjMmZlYWRhNTk6ZXM6ZXM6RVM&amp;usg=AOvVaw2W2tbH6h8TuY17W1O-mSXo\" target=\"_blank\" rel=\"noopener\" data-saferedirecturl=\"https:\/\/www.google.com\/url?q=https:\/\/www.google.com\/url?rct%3Dj%26sa%3Dt%26url%3Dhttps:\/\/www.rtve.es\/television\/20220517\/como-poner-nombre-violencia-obstetrica\/2347980.shtml%26ct%3Dga%26cd%3DCAEYAyoUMTc4MDAzNDY4NjUxNTIxNDU3NzYyGWMwMzcyZWJjMmZlYWRhNTk6ZXM6ZXM6RVM%26usg%3DAOvVaw2W2tbH6h8TuY17W1O-mSXo&amp;source=gmail&amp;ust=1652960412981000&amp;usg=AOvVaw3hdg9WrQvo3mvOpn-zAmXV\">C\u00f3mo poner nombre a la violencia obst\u00e9trica? &#8211;\u00a0<\/a><a>rtve<br \/>\n<\/a><a href=\"https:\/\/www.eldiario.es\/sociedad\/prostitucion-reabre-grieta-gobierno-politica-igualdad_1_9004730.html\">La prostituci\u00f3n reabre la grieta en el Gobierno por la pol\u00edtica de igualdad<\/a>-eldiario<\/p>\n<p><strong>Ciencia y Cultura<br \/>\n<\/strong><a class=\"title\" href=\"https:\/\/www.diariodemallorca.es\/internacional\/2022\/05\/19\/carola-garcia-vinuesa-evidencia-aplastante-66272631.html\" target=\"_blank\" rel=\"noopener\" data-artpy=\"0\" data-author=\"Diario de Mallorca\">Carola Garc\u00eda de Vinuesa, cient\u00edfica: \u00abLa evidencia es tan aplastante que no dudo de que Kathleen Folbigg saldr\u00e1 de la c\u00e1rcel\u201d &#8211;<\/a>diariodemallorca<br \/>\n<a class=\"title\" href=\"https:\/\/www.elmundo.es\/ofertas-regalos\/moda-belleza\/2022\/05\/19\/6278dec021efa022258b4591.html\" target=\"_blank\" rel=\"noopener\" data-artpy=\"0\" data-author=\"El Mundo\">Alopecia femenina: 7 se\u00f1ales de alerta y c\u00f3mo prevenir la ca\u00edda del pelo y aumentar la densidad capilar<\/a>-elmunco<strong><br \/>\n<\/strong><a href=\"https:\/\/www.google.com\/url?rct=j&amp;sa=t&amp;url=http:\/\/andra.eus\/clara-campoamor-el-feminismo-debiera-llamarse-humanismo\/&amp;ct=ga&amp;cd=CAEYBCoTNjg2ODA5MTIxODU4ODEzNzIzMjIZYzAzNzJlYmMyZmVhZGE1OTplczplczpFUw&amp;usg=AOvVaw28R8gmFNZoEGLtK3zhyD2N\" target=\"_blank\" rel=\"noopener\" data-saferedirecturl=\"https:\/\/www.google.com\/url?q=https:\/\/www.google.com\/url?rct%3Dj%26sa%3Dt%26url%3Dhttp:\/\/andra.eus\/clara-campoamor-el-feminismo-debiera-llamarse-humanismo\/%26ct%3Dga%26cd%3DCAEYBCoTNjg2ODA5MTIxODU4ODEzNzIzMjIZYzAzNzJlYmMyZmVhZGE1OTplczplczpFUw%26usg%3DAOvVaw28R8gmFNZoEGLtK3zhyD2N&amp;source=gmail&amp;ust=1652962906559000&amp;usg=AOvVaw1t9CxIW6SfCPLJ7Z1XNUfZ\">Clara Campoamor: \u201cEl feminismo debiera llamarse humanismo\u201d &#8211;\u00a0<\/a><a>andra.eus<\/a><br \/>\n<a class=\"title\" href=\"https:\/\/sevilla.abc.es\/cultura\/sevi-algunas-consideraciones-sobre-ropa-interior-femenina-202205182337_noticia.html\" target=\"_blank\" rel=\"noopener\" data-artpy=\"0\" data-author=\"ABC\">Algunas consideraciones sobre la ropa interior femenina<\/a>-abc<br \/>\n<a class=\"title\" href=\"https:\/\/www.diariodelaltoaragon.es\/noticias\/cultura\/2022\/05\/19\/la-proyeccion-de-la-voluntaria-abrira-el-50-festival-de-cine-de-huesca-1575483-daa.html\" target=\"_blank\" rel=\"noopener\" data-artpy=\"0\" data-author=\"Diaro del Alto Arag\u00f3n\">La proyecci\u00f3n de \u00abLa Voluntaria\u00bb abrir\u00e1 el 50 Festival de Cine de Huesca<\/a>-diarioaltoaragon<a><br \/>\n<\/a><\/p>\n<p><strong>Deporte<br \/>\n<\/strong><a href=\"https:\/\/www.google.com\/url?rct=j&amp;sa=t&amp;url=https:\/\/www.marca.com\/otros-deportes\/2022\/05\/18\/6284f6d6268e3e73158b4594.html&amp;ct=ga&amp;cd=CAEYASoTNDgwMTY4NzUzMTY4NDM0OTExNTIZYzAzNzJlYmMyZmVhZGE1OTplczplczpFUw&amp;usg=AOvVaw1mKLIxM9w2fCo_H9M7usXm\" target=\"_blank\" rel=\"noopener\" data-saferedirecturl=\"https:\/\/www.google.com\/url?q=https:\/\/www.google.com\/url?rct%3Dj%26sa%3Dt%26url%3Dhttps:\/\/www.marca.com\/otros-deportes\/2022\/05\/18\/6284f6d6268e3e73158b4594.html%26ct%3Dga%26cd%3DCAEYASoTNDgwMTY4NzUzMTY4NDM0OTExNTIZYzAzNzJlYmMyZmVhZGE1OTplczplczpFUw%26usg%3DAOvVaw1mKLIxM9w2fCo_H9M7usXm&amp;source=gmail&amp;ust=1653037839281000&amp;usg=AOvVaw14kUB4HpDym3GmLa9MYYMw\">Nace el Observatorio de Igualdad en el deporte\u00a0<\/a>-marca<br \/>\n<a href=\"https:\/\/www.google.com\/url?rct=j&amp;sa=t&amp;url=https:\/\/cadenaser.com\/canarias\/2022\/05\/18\/gran-canaria-sera-sede-de-la-carrera-de-la-mujer-el-evento-femenino-mas-importante-de-europa-ser-las-palmas\/&amp;ct=ga&amp;cd=CAEYACoTOTU1NDE5MzY4Nzk0NzE5ODIwNjIZYzAzNzJlYmMyZmVhZGE1OTplczplczpFUw&amp;usg=AOvVaw1zaofGK-9jfzK8E-lPKNzV\" target=\"_blank\" rel=\"noopener\" data-saferedirecturl=\"https:\/\/www.google.com\/url?q=https:\/\/www.google.com\/url?rct%3Dj%26sa%3Dt%26url%3Dhttps:\/\/cadenaser.com\/canarias\/2022\/05\/18\/gran-canaria-sera-sede-de-la-carrera-de-la-mujer-el-evento-femenino-mas-importante-de-europa-ser-las-palmas\/%26ct%3Dga%26cd%3DCAEYACoTOTU1NDE5MzY4Nzk0NzE5ODIwNjIZYzAzNzJlYmMyZmVhZGE1OTplczplczpFUw%26usg%3DAOvVaw1zaofGK-9jfzK8E-lPKNzV&amp;source=gmail&amp;ust=1653037839295000&amp;usg=AOvVaw2_fz2TeQTNoJvE0oiVdSBQ\">Gran Canaria ser\u00e1 sede de la Carrera de la\u00a0Mujer, el evento femenino m\u00e1s importante de Europa-\u00a0<\/a><a>Cadena SER<br \/>\n<\/a><a class=\"title\" href=\"https:\/\/www.msn.com\/es-es\/sports\/mas-deportes\/zamora-ser-c3-a1-la-capital-nacional-de-deporte-femenino-gracias-al-tour-universo-mujer\/ar-AAXpSKq?ocid=BingNewsSearch\" target=\"_blank\" rel=\"noopener\" data-artpy=\"0\" data-author=\"ESPA\u00d1OL on MSN.com\">Zamora ser\u00e1 la capital nacional de deporte femenino gracias al Tour Universo Mujer<\/a>-elespa\u00f1ol<strong><br \/>\n<\/strong><\/p>\n<\/div>\n<\/div>\n<div id=\"\" class=\"lsow-panel lsow-active\">\n<h1 class=\"lsow-panel-title\">Internacional<\/h1>\n<div class=\"lsow-panel-content\">\n<p><a href=\"https:\/\/www.google.com\/url?rct=j&amp;sa=t&amp;url=https:\/\/www.naucher.com\/la-omi-y-wista-presentan-un-estudio-de-la-diversidad-de-genero-en-el-sector-maritimo\/&amp;ct=ga&amp;cd=CAEYAyoTNDI5MTI4MjU1NDE1Nzg5MDY0NDIZNTlkNzgxNzEzNmEyZDAyODplczplczpFUw&amp;usg=AOvVaw2ymBodfuAmiW-bxVI9s5H0\" target=\"_blank\" rel=\"noopener\" data-saferedirecturl=\"https:\/\/www.google.com\/url?q=https:\/\/www.google.com\/url?rct%3Dj%26sa%3Dt%26url%3Dhttps:\/\/www.naucher.com\/la-omi-y-wista-presentan-un-estudio-de-la-diversidad-de-genero-en-el-sector-maritimo\/%26ct%3Dga%26cd%3DCAEYAyoTNDI5MTI4MjU1NDE1Nzg5MDY0NDIZNTlkNzgxNzEzNmEyZDAyODplczplczpFUw%26usg%3DAOvVaw2ymBodfuAmiW-bxVI9s5H0&amp;source=gmail&amp;ust=1653037831204000&amp;usg=AOvVaw12PEwj1AwIz2nv2GQ49VTg\">La OMI y Wista presentan un estudio de la diversidad de g\u00e9nero en el sector mar\u00edtimo &#8211;\u00a0<\/a><a>Naucher<br \/>\n<\/a><a href=\"https:\/\/www.google.com\/url?rct=j&amp;sa=t&amp;url=https:\/\/www.debate.com.mx\/mundo\/Acciones-de-igualdad-recordadas-por-la-ONU-en-Dia-Internacional-de-la-Convivencia-en-Paz--20220516-0203.html&amp;ct=ga&amp;cd=CAEYASoUMTc5NjA1NTcwMjg5NjcwMDYzMzkyGTU5ZDc4MTcxMzZhMmQwMjg6ZXM6ZXM6RVM&amp;usg=AOvVaw3fe_ASM4zRay6jqNLbXfCf\" target=\"_blank\" rel=\"noopener\" data-saferedirecturl=\"https:\/\/www.google.com\/url?q=https:\/\/www.google.com\/url?rct%3Dj%26sa%3Dt%26url%3Dhttps:\/\/www.debate.com.mx\/mundo\/Acciones-de-igualdad-recordadas-por-la-ONU-en-Dia-Internacional-de-la-Convivencia-en-Paz--20220516-0203.html%26ct%3Dga%26cd%3DCAEYASoUMTc5NjA1NTcwMjg5NjcwMDYzMzkyGTU5ZDc4MTcxMzZhMmQwMjg6ZXM6ZXM6RVM%26usg%3DAOvVaw3fe_ASM4zRay6jqNLbXfCf&amp;source=gmail&amp;ust=1652859496714000&amp;usg=AOvVaw13SreyeKzZh_UVQ6rGDCWd\">Acciones de igualdad recordadas por la ONU en &#8216;D\u00eda Internacional de la Convivencia en Paz&#8217;-\u00a0<\/a><a>Debate<br \/>\n<\/a><a href=\"https:\/\/www.google.com\/url?rct=j&amp;sa=t&amp;url=https:\/\/elpais.com\/ciencia\/vacio-cosmico\/2022-05-17\/annie-jump-cannon-la-mujer-que-puso-orden-en-las-estrellas.html&amp;ct=ga&amp;cd=CAEYACoUMTAxOTk1NTMzMTE2ODc1Mjk5MTAyGWMwMzcyZWJjMmZlYWRhNTk6ZXM6ZXM6RVM&amp;usg=AOvVaw2eIJBDivD3ZC5-oPotMV7p\" target=\"_blank\" rel=\"noopener\" data-saferedirecturl=\"https:\/\/www.google.com\/url?q=https:\/\/www.google.com\/url?rct%3Dj%26sa%3Dt%26url%3Dhttps:\/\/elpais.com\/ciencia\/vacio-cosmico\/2022-05-17\/annie-jump-cannon-la-mujer-que-puso-orden-en-las-estrellas.html%26ct%3Dga%26cd%3DCAEYACoUMTAxOTk1NTMzMTE2ODc1Mjk5MTAyGWMwMzcyZWJjMmZlYWRhNTk6ZXM6ZXM6RVM%26usg%3DAOvVaw2eIJBDivD3ZC5-oPotMV7p&amp;source=gmail&amp;ust=1652960412968000&amp;usg=AOvVaw3AmWvi1FBN49Nsop-hl3fH\">Annie Jump Cannon, la\u00a0mujer que puso orden en las estrellas | Vac\u00edo C\u00f3smico &#8211;<\/a><a>EL PA\u00cdS<br \/>\n<\/a><a href=\"https:\/\/www.google.com\/url?rct=j&amp;sa=t&amp;url=https:\/\/www.elperiodico.com\/es\/internacional\/20220518\/australia-revisara-caso-kathleen-folbigg-13674700&amp;ct=ga&amp;cd=CAEYBCoUMTMyNjkxNTc3NzcyMDE2MzkyMDgyGWMwMzcyZWJjMmZlYWRhNTk6ZXM6ZXM6RVM&amp;usg=AOvVaw0YN6OQoaCQ85hxIgV-4cC2\" target=\"_blank\" rel=\"noopener\" data-saferedirecturl=\"https:\/\/www.google.com\/url?q=https:\/\/www.google.com\/url?rct%3Dj%26sa%3Dt%26url%3Dhttps:\/\/www.elperiodico.com\/es\/internacional\/20220518\/australia-revisara-caso-kathleen-folbigg-13674700%26ct%3Dga%26cd%3DCAEYBCoUMTMyNjkxNTc3NzcyMDE2MzkyMDgyGWMwMzcyZWJjMmZlYWRhNTk6ZXM6ZXM6RVM%26usg%3DAOvVaw0YN6OQoaCQ85hxIgV-4cC2&amp;source=gmail&amp;ust=1653037839268000&amp;usg=AOvVaw0oJJr1s8MspLgoULz7YERp\">Australia revisar\u00e1 el caso de Kathleen Folbigg, la mujer acusada de matar a sus 4 hijos, tras &#8230;-\u00a0<\/a><a>El Peri\u00f3dico<br \/>\n<\/a><a class=\"title\" href=\"https:\/\/www.nytimes.com\/es\/2022\/05\/19\/espanol\/violacion-matrimonio.html\" target=\"_blank\" rel=\"noopener\" data-artpy=\"0\" data-author=\"New York Times\">Misoginia de la era colonial\u2019: en los fallos sobre los derechos de las mujeres se cita a un juez del siglo XVII<\/a>-newyoktimes<br \/>\n<a class=\"title\" href=\"https:\/\/www.rosario3.com\/ecos365\/noticias\/Los-equipos-de-futbol-masculino-y-femenino-de-Estados-Unidos-recibiran-el-mismo-salario-20220518-0001.html\" target=\"_blank\" rel=\"noopener\" data-artpy=\"0\" data-author=\"Rosario3\">Los equipos de f\u00fatbol masculino y femenino de Estados Unidos recibir\u00e1n el mismo salario<\/a>-rosario3<\/p>\n<\/div>\n<\/div>\n<\/div><\/div><\/div><\/div><\/div>\n","protected":false},"excerpt":{"rendered":"<p>Clara Campoamor: El feminismo debiera llamarse humanismo * \u00bfTodav\u00eda te cuestionas la importancia de la diversidad? * Las mujeres son solo el 20% en los consejos de administraci\u00f3n del sector de la comunicaci\u00f3n * Nace el Observatorio de Igualdad en el deporte<\/p>\n","protected":false},"author":3,"featured_media":22909,"comment_status":"closed","ping_status":"closed","sticky":false,"template":"","format":"standard","meta":{"footnotes":""},"categories":[298,621],"tags":[232,195,115,96],"class_list":["post-16349","post","type-post","status-publish","format-standard","has-post-thumbnail","hentry","category-newsletter","category-nwl-3-0","tag-deporte-femenino","tag-diversidad","tag-medios-de-comunicacion","tag-mujeres"],"yoast_head":"<!-- This site is optimized with the Yoast SEO plugin v27.4 - https:\/\/yoast.com\/product\/yoast-seo-wordpress\/ -->\n<title>Noticias Info CKL n\u00ba 2684-19\/05\/22 -Comunicar con perspectiva de g\u00e9nero<\/title>\n<meta name=\"description\" content=\"Noticias Info CKL n\u00ba 2684-19\/05\/22 Clara Campoamor: El feminismo debiera llamarse humanismo * \u00bfTodav\u00eda te cuestionas la importancia de la diversidad? * Las mujeres son solo el 20% en los consejos de administraci\u00f3n del sector de la comunicaci\u00f3n * Nace el Observatorio de Igualdad en el deporte\" \/>\n<meta name=\"robots\" content=\"index, follow, max-snippet:-1, max-image-preview:large, max-video-preview:-1\" \/>\n<link rel=\"canonical\" href=\"https:\/\/cklcomunicaciones.es\/coop\/noticias-info-ckl-no-2684-19-05-22\/\" \/>\n<meta property=\"og:locale\" content=\"es_ES\" \/>\n<meta property=\"og:type\" content=\"article\" \/>\n<meta property=\"og:title\" content=\"Noticias Info CKL n\u00ba 2684-19\/05\/22 -Comunicar con perspectiva de g\u00e9nero\" \/>\n<meta property=\"og:description\" content=\"Noticias Info CKL n\u00ba 2684-19\/05\/22 Clara Campoamor: El feminismo debiera llamarse humanismo * \u00bfTodav\u00eda te cuestionas la importancia de la diversidad? * Las mujeres son solo el 20% en los consejos de administraci\u00f3n del sector de la comunicaci\u00f3n * Nace el Observatorio de Igualdad en el deporte\" \/>\n<meta property=\"og:url\" content=\"https:\/\/cklcomunicaciones.es\/coop\/noticias-info-ckl-no-2684-19-05-22\/\" \/>\n<meta property=\"og:site_name\" content=\"CKL Comunicaciones\" \/>\n<meta property=\"article:published_time\" content=\"2022-05-19T11:17:06+00:00\" \/>\n<meta property=\"article:modified_time\" content=\"2025-02-09T09:08:08+00:00\" \/>\n<meta property=\"og:image\" content=\"https:\/\/cklcomunicaciones.es\/coop\/wp-content\/uploads\/2025\/01\/CKL-una-mirada-distinta-de-la-comunicacion.jpg\" \/>\n\t<meta property=\"og:image:width\" content=\"1482\" \/>\n\t<meta property=\"og:image:height\" content=\"775\" \/>\n\t<meta property=\"og:image:type\" content=\"image\/jpeg\" \/>\n<meta name=\"author\" content=\"ckl\" \/>\n<meta name=\"twitter:card\" content=\"summary_large_image\" \/>\n<meta name=\"twitter:label1\" content=\"Escrito por\" \/>\n\t<meta name=\"twitter:data1\" content=\"ckl\" \/>\n\t<meta name=\"twitter:label2\" content=\"Tiempo de lectura\" \/>\n\t<meta name=\"twitter:data2\" content=\"6 minutos\" \/>\n<script type=\"application\/ld+json\" class=\"yoast-schema-graph\">{\"@context\":\"https:\\\/\\\/schema.org\",\"@graph\":[{\"@type\":\"Article\",\"@id\":\"https:\\\/\\\/cklcomunicaciones.es\\\/coop\\\/noticias-info-ckl-no-2684-19-05-22\\\/#article\",\"isPartOf\":{\"@id\":\"https:\\\/\\\/cklcomunicaciones.es\\\/coop\\\/noticias-info-ckl-no-2684-19-05-22\\\/\"},\"author\":{\"name\":\"ckl\",\"@id\":\"https:\\\/\\\/cklcomunicaciones.es\\\/coop\\\/#\\\/schema\\\/person\\\/929a6837f7626450bbb50cee1aef266e\"},\"headline\":\"Noticias Info CKL n\u00ba 2684-19\\\/05\\\/22\",\"datePublished\":\"2022-05-19T11:17:06+00:00\",\"dateModified\":\"2025-02-09T09:08:08+00:00\",\"mainEntityOfPage\":{\"@id\":\"https:\\\/\\\/cklcomunicaciones.es\\\/coop\\\/noticias-info-ckl-no-2684-19-05-22\\\/\"},\"wordCount\":1178,\"image\":{\"@id\":\"https:\\\/\\\/cklcomunicaciones.es\\\/coop\\\/noticias-info-ckl-no-2684-19-05-22\\\/#primaryimage\"},\"thumbnailUrl\":\"https:\\\/\\\/cklcomunicaciones.es\\\/coop\\\/wp-content\\\/uploads\\\/2025\\\/01\\\/CKL-una-mirada-distinta-de-la-comunicacion.jpg\",\"keywords\":[\"deporte femenino\",\"diversidad\",\"medios de comunicaci\u00f3n\",\"mujeres\"],\"articleSection\":[\"Newsletter\",\"Nwl v3.0\"],\"inLanguage\":\"es\"},{\"@type\":\"WebPage\",\"@id\":\"https:\\\/\\\/cklcomunicaciones.es\\\/coop\\\/noticias-info-ckl-no-2684-19-05-22\\\/\",\"url\":\"https:\\\/\\\/cklcomunicaciones.es\\\/coop\\\/noticias-info-ckl-no-2684-19-05-22\\\/\",\"name\":\"Noticias Info CKL n\u00ba 2684-19\\\/05\\\/22 -Comunicar con perspectiva de g\u00e9nero\",\"isPartOf\":{\"@id\":\"https:\\\/\\\/cklcomunicaciones.es\\\/coop\\\/#website\"},\"primaryImageOfPage\":{\"@id\":\"https:\\\/\\\/cklcomunicaciones.es\\\/coop\\\/noticias-info-ckl-no-2684-19-05-22\\\/#primaryimage\"},\"image\":{\"@id\":\"https:\\\/\\\/cklcomunicaciones.es\\\/coop\\\/noticias-info-ckl-no-2684-19-05-22\\\/#primaryimage\"},\"thumbnailUrl\":\"https:\\\/\\\/cklcomunicaciones.es\\\/coop\\\/wp-content\\\/uploads\\\/2025\\\/01\\\/CKL-una-mirada-distinta-de-la-comunicacion.jpg\",\"datePublished\":\"2022-05-19T11:17:06+00:00\",\"dateModified\":\"2025-02-09T09:08:08+00:00\",\"author\":{\"@id\":\"https:\\\/\\\/cklcomunicaciones.es\\\/coop\\\/#\\\/schema\\\/person\\\/929a6837f7626450bbb50cee1aef266e\"},\"description\":\"Noticias Info CKL n\u00ba 2684-19\\\/05\\\/22 Clara Campoamor: El feminismo debiera llamarse humanismo * \u00bfTodav\u00eda te cuestionas la importancia de la diversidad? * Las mujeres son solo el 20% en los consejos de administraci\u00f3n del sector de la comunicaci\u00f3n * Nace el Observatorio de Igualdad en el deporte\",\"breadcrumb\":{\"@id\":\"https:\\\/\\\/cklcomunicaciones.es\\\/coop\\\/noticias-info-ckl-no-2684-19-05-22\\\/#breadcrumb\"},\"inLanguage\":\"es\",\"potentialAction\":[{\"@type\":\"ReadAction\",\"target\":[\"https:\\\/\\\/cklcomunicaciones.es\\\/coop\\\/noticias-info-ckl-no-2684-19-05-22\\\/\"]}]},{\"@type\":\"ImageObject\",\"inLanguage\":\"es\",\"@id\":\"https:\\\/\\\/cklcomunicaciones.es\\\/coop\\\/noticias-info-ckl-no-2684-19-05-22\\\/#primaryimage\",\"url\":\"https:\\\/\\\/cklcomunicaciones.es\\\/coop\\\/wp-content\\\/uploads\\\/2025\\\/01\\\/CKL-una-mirada-distinta-de-la-comunicacion.jpg\",\"contentUrl\":\"https:\\\/\\\/cklcomunicaciones.es\\\/coop\\\/wp-content\\\/uploads\\\/2025\\\/01\\\/CKL-una-mirada-distinta-de-la-comunicacion.jpg\",\"width\":1482,\"height\":775,\"caption\":\"CKL - una mirada distinta de la comunicacion\"},{\"@type\":\"BreadcrumbList\",\"@id\":\"https:\\\/\\\/cklcomunicaciones.es\\\/coop\\\/noticias-info-ckl-no-2684-19-05-22\\\/#breadcrumb\",\"itemListElement\":[{\"@type\":\"ListItem\",\"position\":1,\"name\":\"Portada\",\"item\":\"https:\\\/\\\/cklcomunicaciones.es\\\/coop\\\/\"},{\"@type\":\"ListItem\",\"position\":2,\"name\":\"Noticias Info CKL n\u00ba 2684-19\\\/05\\\/22\"}]},{\"@type\":\"WebSite\",\"@id\":\"https:\\\/\\\/cklcomunicaciones.es\\\/coop\\\/#website\",\"url\":\"https:\\\/\\\/cklcomunicaciones.es\\\/coop\\\/\",\"name\":\"CKL Comunicaciones\",\"description\":\"Sitio web de CKL Comunicaciones coop , la consultora de comunicaci\u00f3n y estrategia\",\"potentialAction\":[{\"@type\":\"SearchAction\",\"target\":{\"@type\":\"EntryPoint\",\"urlTemplate\":\"https:\\\/\\\/cklcomunicaciones.es\\\/coop\\\/?s={search_term_string}\"},\"query-input\":{\"@type\":\"PropertyValueSpecification\",\"valueRequired\":true,\"valueName\":\"search_term_string\"}}],\"inLanguage\":\"es\"},{\"@type\":\"Person\",\"@id\":\"https:\\\/\\\/cklcomunicaciones.es\\\/coop\\\/#\\\/schema\\\/person\\\/929a6837f7626450bbb50cee1aef266e\",\"name\":\"ckl\",\"image\":{\"@type\":\"ImageObject\",\"inLanguage\":\"es\",\"@id\":\"https:\\\/\\\/secure.gravatar.com\\\/avatar\\\/c82db564e8a669bf6023357a157b9dc4780f4d4c618f2ad1d71a6a5dede45057?s=96&d=mm&r=g\",\"url\":\"https:\\\/\\\/secure.gravatar.com\\\/avatar\\\/c82db564e8a669bf6023357a157b9dc4780f4d4c618f2ad1d71a6a5dede45057?s=96&d=mm&r=g\",\"contentUrl\":\"https:\\\/\\\/secure.gravatar.com\\\/avatar\\\/c82db564e8a669bf6023357a157b9dc4780f4d4c618f2ad1d71a6a5dede45057?s=96&d=mm&r=g\",\"caption\":\"ckl\"},\"url\":\"https:\\\/\\\/cklcomunicaciones.es\\\/coop\\\/author\\\/cklcomunicaciones\\\/\"}]}<\/script>\n<!-- \/ Yoast SEO plugin. -->","yoast_head_json":{"title":"Noticias Info CKL n\u00ba 2684-19\/05\/22 -Comunicar con perspectiva de g\u00e9nero","description":"Noticias Info CKL n\u00ba 2684-19\/05\/22 Clara Campoamor: El feminismo debiera llamarse humanismo * \u00bfTodav\u00eda te cuestionas la importancia de la diversidad? * Las mujeres son solo el 20% en los consejos de administraci\u00f3n del sector de la comunicaci\u00f3n * Nace el Observatorio de Igualdad en el deporte","robots":{"index":"index","follow":"follow","max-snippet":"max-snippet:-1","max-image-preview":"max-image-preview:large","max-video-preview":"max-video-preview:-1"},"canonical":"https:\/\/cklcomunicaciones.es\/coop\/noticias-info-ckl-no-2684-19-05-22\/","og_locale":"es_ES","og_type":"article","og_title":"Noticias Info CKL n\u00ba 2684-19\/05\/22 -Comunicar con perspectiva de g\u00e9nero","og_description":"Noticias Info CKL n\u00ba 2684-19\/05\/22 Clara Campoamor: El feminismo debiera llamarse humanismo * \u00bfTodav\u00eda te cuestionas la importancia de la diversidad? * Las mujeres son solo el 20% en los consejos de administraci\u00f3n del sector de la comunicaci\u00f3n * Nace el Observatorio de Igualdad en el deporte","og_url":"https:\/\/cklcomunicaciones.es\/coop\/noticias-info-ckl-no-2684-19-05-22\/","og_site_name":"CKL Comunicaciones","article_published_time":"2022-05-19T11:17:06+00:00","article_modified_time":"2025-02-09T09:08:08+00:00","og_image":[{"width":1482,"height":775,"url":"https:\/\/cklcomunicaciones.es\/coop\/wp-content\/uploads\/2025\/01\/CKL-una-mirada-distinta-de-la-comunicacion.jpg","type":"image\/jpeg"}],"author":"ckl","twitter_card":"summary_large_image","twitter_misc":{"Escrito por":"ckl","Tiempo de lectura":"6 minutos"},"schema":{"@context":"https:\/\/schema.org","@graph":[{"@type":"Article","@id":"https:\/\/cklcomunicaciones.es\/coop\/noticias-info-ckl-no-2684-19-05-22\/#article","isPartOf":{"@id":"https:\/\/cklcomunicaciones.es\/coop\/noticias-info-ckl-no-2684-19-05-22\/"},"author":{"name":"ckl","@id":"https:\/\/cklcomunicaciones.es\/coop\/#\/schema\/person\/929a6837f7626450bbb50cee1aef266e"},"headline":"Noticias Info CKL n\u00ba 2684-19\/05\/22","datePublished":"2022-05-19T11:17:06+00:00","dateModified":"2025-02-09T09:08:08+00:00","mainEntityOfPage":{"@id":"https:\/\/cklcomunicaciones.es\/coop\/noticias-info-ckl-no-2684-19-05-22\/"},"wordCount":1178,"image":{"@id":"https:\/\/cklcomunicaciones.es\/coop\/noticias-info-ckl-no-2684-19-05-22\/#primaryimage"},"thumbnailUrl":"https:\/\/cklcomunicaciones.es\/coop\/wp-content\/uploads\/2025\/01\/CKL-una-mirada-distinta-de-la-comunicacion.jpg","keywords":["deporte femenino","diversidad","medios de comunicaci\u00f3n","mujeres"],"articleSection":["Newsletter","Nwl v3.0"],"inLanguage":"es"},{"@type":"WebPage","@id":"https:\/\/cklcomunicaciones.es\/coop\/noticias-info-ckl-no-2684-19-05-22\/","url":"https:\/\/cklcomunicaciones.es\/coop\/noticias-info-ckl-no-2684-19-05-22\/","name":"Noticias Info CKL n\u00ba 2684-19\/05\/22 -Comunicar con perspectiva de g\u00e9nero","isPartOf":{"@id":"https:\/\/cklcomunicaciones.es\/coop\/#website"},"primaryImageOfPage":{"@id":"https:\/\/cklcomunicaciones.es\/coop\/noticias-info-ckl-no-2684-19-05-22\/#primaryimage"},"image":{"@id":"https:\/\/cklcomunicaciones.es\/coop\/noticias-info-ckl-no-2684-19-05-22\/#primaryimage"},"thumbnailUrl":"https:\/\/cklcomunicaciones.es\/coop\/wp-content\/uploads\/2025\/01\/CKL-una-mirada-distinta-de-la-comunicacion.jpg","datePublished":"2022-05-19T11:17:06+00:00","dateModified":"2025-02-09T09:08:08+00:00","author":{"@id":"https:\/\/cklcomunicaciones.es\/coop\/#\/schema\/person\/929a6837f7626450bbb50cee1aef266e"},"description":"Noticias Info CKL n\u00ba 2684-19\/05\/22 Clara Campoamor: El feminismo debiera llamarse humanismo * \u00bfTodav\u00eda te cuestionas la importancia de la diversidad? * Las mujeres son solo el 20% en los consejos de administraci\u00f3n del sector de la comunicaci\u00f3n * Nace el Observatorio de Igualdad en el deporte","breadcrumb":{"@id":"https:\/\/cklcomunicaciones.es\/coop\/noticias-info-ckl-no-2684-19-05-22\/#breadcrumb"},"inLanguage":"es","potentialAction":[{"@type":"ReadAction","target":["https:\/\/cklcomunicaciones.es\/coop\/noticias-info-ckl-no-2684-19-05-22\/"]}]},{"@type":"ImageObject","inLanguage":"es","@id":"https:\/\/cklcomunicaciones.es\/coop\/noticias-info-ckl-no-2684-19-05-22\/#primaryimage","url":"https:\/\/cklcomunicaciones.es\/coop\/wp-content\/uploads\/2025\/01\/CKL-una-mirada-distinta-de-la-comunicacion.jpg","contentUrl":"https:\/\/cklcomunicaciones.es\/coop\/wp-content\/uploads\/2025\/01\/CKL-una-mirada-distinta-de-la-comunicacion.jpg","width":1482,"height":775,"caption":"CKL - una mirada distinta de la comunicacion"},{"@type":"BreadcrumbList","@id":"https:\/\/cklcomunicaciones.es\/coop\/noticias-info-ckl-no-2684-19-05-22\/#breadcrumb","itemListElement":[{"@type":"ListItem","position":1,"name":"Portada","item":"https:\/\/cklcomunicaciones.es\/coop\/"},{"@type":"ListItem","position":2,"name":"Noticias Info CKL n\u00ba 2684-19\/05\/22"}]},{"@type":"WebSite","@id":"https:\/\/cklcomunicaciones.es\/coop\/#website","url":"https:\/\/cklcomunicaciones.es\/coop\/","name":"CKL Comunicaciones","description":"Sitio web de CKL Comunicaciones coop , la consultora de comunicaci\u00f3n y estrategia","potentialAction":[{"@type":"SearchAction","target":{"@type":"EntryPoint","urlTemplate":"https:\/\/cklcomunicaciones.es\/coop\/?s={search_term_string}"},"query-input":{"@type":"PropertyValueSpecification","valueRequired":true,"valueName":"search_term_string"}}],"inLanguage":"es"},{"@type":"Person","@id":"https:\/\/cklcomunicaciones.es\/coop\/#\/schema\/person\/929a6837f7626450bbb50cee1aef266e","name":"ckl","image":{"@type":"ImageObject","inLanguage":"es","@id":"https:\/\/secure.gravatar.com\/avatar\/c82db564e8a669bf6023357a157b9dc4780f4d4c618f2ad1d71a6a5dede45057?s=96&d=mm&r=g","url":"https:\/\/secure.gravatar.com\/avatar\/c82db564e8a669bf6023357a157b9dc4780f4d4c618f2ad1d71a6a5dede45057?s=96&d=mm&r=g","contentUrl":"https:\/\/secure.gravatar.com\/avatar\/c82db564e8a669bf6023357a157b9dc4780f4d4c618f2ad1d71a6a5dede45057?s=96&d=mm&r=g","caption":"ckl"},"url":"https:\/\/cklcomunicaciones.es\/coop\/author\/cklcomunicaciones\/"}]}},"_links":{"self":[{"href":"https:\/\/cklcomunicaciones.es\/coop\/wp-json\/wp\/v2\/posts\/16349","targetHints":{"allow":["GET"]}}],"collection":[{"href":"https:\/\/cklcomunicaciones.es\/coop\/wp-json\/wp\/v2\/posts"}],"about":[{"href":"https:\/\/cklcomunicaciones.es\/coop\/wp-json\/wp\/v2\/types\/post"}],"author":[{"embeddable":true,"href":"https:\/\/cklcomunicaciones.es\/coop\/wp-json\/wp\/v2\/users\/3"}],"replies":[{"embeddable":true,"href":"https:\/\/cklcomunicaciones.es\/coop\/wp-json\/wp\/v2\/comments?post=16349"}],"version-history":[{"count":0,"href":"https:\/\/cklcomunicaciones.es\/coop\/wp-json\/wp\/v2\/posts\/16349\/revisions"}],"wp:featuredmedia":[{"embeddable":true,"href":"https:\/\/cklcomunicaciones.es\/coop\/wp-json\/wp\/v2\/media\/22909"}],"wp:attachment":[{"href":"https:\/\/cklcomunicaciones.es\/coop\/wp-json\/wp\/v2\/media?parent=16349"}],"wp:term":[{"taxonomy":"category","embeddable":true,"href":"https:\/\/cklcomunicaciones.es\/coop\/wp-json\/wp\/v2\/categories?post=16349"},{"taxonomy":"post_tag","embeddable":true,"href":"https:\/\/cklcomunicaciones.es\/coop\/wp-json\/wp\/v2\/tags?post=16349"}],"curies":[{"name":"wp","href":"https:\/\/api.w.org\/{rel}","templated":true}]}}