{"id":16291,"date":"2022-05-06T13:41:34","date_gmt":"2022-05-06T11:41:34","guid":{"rendered":"https:\/\/www.cklcomunicaciones.es\/?p=16291"},"modified":"2025-02-09T10:41:42","modified_gmt":"2025-02-09T09:41:42","slug":"noticias-info-ckl-no-2679-06-05-22","status":"publish","type":"post","link":"https:\/\/cklcomunicaciones.es\/coop\/noticias-info-ckl-no-2679-06-05-22\/","title":{"rendered":"Noticias Info CKL n\u00ba 2679-06\/05\/22"},"content":{"rendered":"<div class=\"fusion-fullwidth fullwidth-box fusion-builder-row-1 fusion-flex-container nonhundred-percent-fullwidth non-hundred-percent-height-scrolling\" style=\"--awb-border-radius-top-left:0px;--awb-border-radius-top-right:0px;--awb-border-radius-bottom-right:0px;--awb-border-radius-bottom-left:0px;--awb-flex-wrap:wrap;\" ><div class=\"fusion-builder-row fusion-row fusion-flex-align-items-flex-start fusion-flex-content-wrap\" style=\"max-width:1248px;margin-left: calc(-4% \/ 2 );margin-right: calc(-4% \/ 2 );\"><div class=\"fusion-layout-column fusion_builder_column fusion-builder-column-0 fusion_builder_column_1_1 1_1 fusion-flex-column\" style=\"--awb-bg-blend:overlay;--awb-bg-size:cover;--awb-width-large:100%;--awb-margin-top-large:0px;--awb-spacing-right-large:1.92%;--awb-margin-bottom-large:0px;--awb-spacing-left-large:1.92%;--awb-width-medium:100%;--awb-spacing-right-medium:1.92%;--awb-spacing-left-medium:1.92%;--awb-width-small:100%;--awb-spacing-right-small:1.92%;--awb-spacing-left-small:1.92%;\"><div class=\"fusion-column-wrapper fusion-flex-justify-content-flex-start fusion-content-layout-column\"><div class=\"fusion-text fusion-text-1\"><div id=\"\" class=\"lsow-panel lsow-active\">\n<h1 class=\"lsow-panel-title\">Comunicaci\u00f3n, Publicidad y TICs<\/h1>\n<div class=\"lsow-panel-content\">\n<p><a href=\"https:\/\/www.google.com\/url?rct=j&amp;sa=t&amp;url=https:\/\/www.rtve.es\/play\/audios\/sin-genero-de-duda\/somos-cooperacion-libertad-prensa-clave-democracia-06-05-22\/6529469\/&amp;ct=ga&amp;cd=CAEYACoTNzA2MjI5Nzc1OTU1NDMyODAyODIZNTlkNzgxNzEzNmEyZDAyODplczplczpFUw&amp;usg=AOvVaw3XNudAY2jXaSCUqUuS_cAw\" target=\"_blank\" rel=\"noopener\" data-saferedirecturl=\"https:\/\/www.google.com\/url?q=https:\/\/www.google.com\/url?rct%3Dj%26sa%3Dt%26url%3Dhttps:\/\/www.rtve.es\/play\/audios\/sin-genero-de-duda\/somos-cooperacion-libertad-prensa-clave-democracia-06-05-22\/6529469\/%26ct%3Dga%26cd%3DCAEYACoTNzA2MjI5Nzc1OTU1NDMyODAyODIZNTlkNzgxNzEzNmEyZDAyODplczplczpFUw%26usg%3DAOvVaw3XNudAY2jXaSCUqUuS_cAw&amp;source=gmail&amp;ust=1651913577269000&amp;usg=AOvVaw2osXcNHhBkYpxglN6aqg7_\">Libertad de prensa, clave de la democracia &#8211;<\/a><a>rtve<br \/>\n<\/a><a href=\"https:\/\/amecopress.net\/El-Instituto-de-las-Mujeres-gana-la-demanda-interpuesta-contra-los-gimnasios-McFit-por-publicidad-sexista\">El Instituto de las Mujeres gana la demanda interpuesta contra los gimnasios McFit por publicidad sexista &#8211;\u00a0<\/a>amecopress<br \/>\n<a href=\"https:\/\/www.google.com\/url?rct=j&amp;sa=t&amp;url=https:\/\/www.rtve.es\/rtve\/20220504\/rtve-organiza-seminario-observatorio-igualdad-mujeres-cine-television\/2346604.shtml&amp;ct=ga&amp;cd=CAEYBSoUMTcyOTkzNjQ1NzM5ODkwNzA1ODMyGWMwMzcyZWJjMmZlYWRhNTk6ZXM6ZXM6RVM&amp;usg=AOvVaw2ZUq5A_iBDD_IPdcpcyy0D\" target=\"_blank\" rel=\"noopener\" data-saferedirecturl=\"https:\/\/www.google.com\/url?q=https:\/\/www.google.com\/url?rct%3Dj%26sa%3Dt%26url%3Dhttps:\/\/www.rtve.es\/rtve\/20220504\/rtve-organiza-seminario-observatorio-igualdad-mujeres-cine-television\/2346604.shtml%26ct%3Dga%26cd%3DCAEYBSoUMTcyOTkzNjQ1NzM5ODkwNzA1ODMyGWMwMzcyZWJjMmZlYWRhNTk6ZXM6ZXM6RVM%26usg%3DAOvVaw2ZUq5A_iBDD_IPdcpcyy0D&amp;source=gmail&amp;ust=1651820051268000&amp;usg=AOvVaw2WL4d0L8RWqx9iqPEOmDaV\">RTVE organiza el I Seminario del Observatorio de Igualdad, &#8216;Mujeres profesionales en cine &#8230;-\u00a0<\/a><a>Rtve<br \/>\n<\/a><a href=\"https:\/\/www.google.com\/url?rct=j&amp;sa=t&amp;url=https:\/\/www.dw.com\/es\/la-justicia-de-g%25C3%25A9nero-preside-declaraci%25C3%25B3n-de-unesco-por-la-libertad-de-prensa\/a-61677514&amp;ct=ga&amp;cd=CAEYACoTMjAzOTgzNDY1NTIzNjA0NzcyMzIZZTJkZWZhN2Q1ZGE5MTU3ZDplczplczpFUw&amp;usg=AOvVaw2O417xio0NnH2Kb0JDdcc1\" target=\"_blank\" rel=\"noopener\" data-saferedirecturl=\"https:\/\/www.google.com\/url?q=https:\/\/www.google.com\/url?rct%3Dj%26sa%3Dt%26url%3Dhttps:\/\/www.dw.com\/es\/la-justicia-de-g%2525C3%2525A9nero-preside-declaraci%2525C3%2525B3n-de-unesco-por-la-libertad-de-prensa\/a-61677514%26ct%3Dga%26cd%3DCAEYACoTMjAzOTgzNDY1NTIzNjA0NzcyMzIZZTJkZWZhN2Q1ZGE5MTU3ZDplczplczpFUw%26usg%3DAOvVaw2O417xio0NnH2Kb0JDdcc1&amp;source=gmail&amp;ust=1651908680750000&amp;usg=AOvVaw3QVVpwSwJ6waB3ZgdznziJ\">La justicia de\u00a0g\u00e9nero preside declaraci\u00f3n de Unesco por la libertad de prensa &#8211;\u00a0<\/a><a>DW<br \/>\n<\/a><a class=\"title\" href=\"https:\/\/amecopress.net\/Los-avances-de-la-mujer-en-el-espacio-digital\" target=\"_blank\" rel=\"noopener\" data-artpy=\"0\" data-author=\"amecopress.net\">Los avances de la mujer en el espacio digital<\/a>-amecopress<a><br \/>\n<\/a><\/p>\n<\/div>\n<\/div>\n<div id=\"\" class=\"lsow-panel lsow-active\">\n<h1 class=\"lsow-panel-title\">Andaluc\u00eda<\/h1>\n<div class=\"lsow-panel-content\">\n<p><strong>Econom\u00eda y Empresas<br \/>\n<\/strong><a href=\"https:\/\/www.google.com\/url?rct=j&amp;sa=t&amp;url=https:\/\/sevilla.abc.es\/economia\/sevi-rocio-blanco-hemos-puesto-todos-cortafuegos-para-no-vuelva-haber-fraude-formacion-202204302149_noticia.html&amp;ct=ga&amp;cd=CAEYACoTMjI5NTE5NDY5NDY5NDk1NTc0OTIZZDc4ZTU4NzVhMGYxZjJhYzplczplczpFUw&amp;usg=AOvVaw1lsmfAjaDQ7E3PbBwZjz2J\" target=\"_blank\" rel=\"noopener\" data-saferedirecturl=\"https:\/\/www.google.com\/url?q=https:\/\/www.google.com\/url?rct%3Dj%26sa%3Dt%26url%3Dhttps:\/\/sevilla.abc.es\/economia\/sevi-rocio-blanco-hemos-puesto-todos-cortafuegos-para-no-vuelva-haber-fraude-formacion-202204302149_noticia.html%26ct%3Dga%26cd%3DCAEYACoTMjI5NTE5NDY5NDY5NDk1NTc0OTIZZDc4ZTU4NzVhMGYxZjJhYzplczplczpFUw%26usg%3DAOvVaw1lsmfAjaDQ7E3PbBwZjz2J&amp;source=gmail&amp;ust=1651826489074000&amp;usg=AOvVaw3OrJpfU42ukFj6qTUApKgq\">Roc\u00edo Blanco, Consejera de Empleo: \u00abHemos puesto todos los cortafuegos para que no vuelva a haber fraude en &#8230;-\u00a0<\/a>abcsevilla<br \/>\n<a href=\"https:\/\/www.google.com\/url?rct=j&amp;sa=t&amp;url=https:\/\/www.eldiadecordoba.es\/provincia\/Carmen-Crespo-instalaciones-Covap-innovacion_0_1680732445.html&amp;ct=ga&amp;cd=CAEYAioTNzk2NDQ2NzE3NzQ0MDkwNTY5MjIZZDc4ZTU4NzVhMGYxZjJhYzplczplczpFUw&amp;usg=AOvVaw3-1zUCSDO3ak9BjX3wAnTW\" target=\"_blank\" rel=\"noopener\" data-saferedirecturl=\"https:\/\/www.google.com\/url?q=https:\/\/www.google.com\/url?rct%3Dj%26sa%3Dt%26url%3Dhttps:\/\/www.eldiadecordoba.es\/provincia\/Carmen-Crespo-instalaciones-Covap-innovacion_0_1680732445.html%26ct%3Dga%26cd%3DCAEYAioTNzk2NDQ2NzE3NzQ0MDkwNTY5MjIZZDc4ZTU4NzVhMGYxZjJhYzplczplczpFUw%26usg%3DAOvVaw3-1zUCSDO3ak9BjX3wAnTW&amp;source=gmail&amp;ust=1651908666105000&amp;usg=AOvVaw0ksnuMmfYRuh7o5vW-7VRo\">Carmen Crespo, Consejera de Agricultura, Ganader\u00eda, Pesca y Desarrollo Sostenible visita las instalaciones de Covap y destaca su apuesta por la calidad y la innovaci\u00f3n-\u00a0<\/a><a>El D\u00eda de C\u00f3rdoba<br \/>\n<\/a><a class=\"title\" href=\"https:\/\/www.granadadigital.es\/mahou-san-miguel-lanza-primer-plan-igualdad-cervezas-alhambra-granada\/\" target=\"_blank\" rel=\"noopener\" data-artpy=\"0\" data-author=\"Granada Digital\">Mahou San Miguel lanza el primer Plan de Igualdad de Cervezas Alhambra<\/a>-granadadigital<a><br \/>\n<\/a><a href=\"https:\/\/www.google.com\/url?rct=j&amp;sa=t&amp;url=https:\/\/www.diariodesevilla.es\/economia\/datos-paro-andalucia-mes-abril_0_1680432149.html&amp;ct=ga&amp;cd=CAEYACoTODgxMjcxNTgwMzU0OTUwNjU5MzIZZDc4ZTU4NzVhMGYxZjJhYzplczplczpFUw&amp;usg=AOvVaw28byx9p8JzVq2Z-y25O_-j\" target=\"_blank\" rel=\"noopener\" data-saferedirecturl=\"https:\/\/www.google.com\/url?q=https:\/\/www.google.com\/url?rct%3Dj%26sa%3Dt%26url%3Dhttps:\/\/www.diariodesevilla.es\/economia\/datos-paro-andalucia-mes-abril_0_1680432149.html%26ct%3Dga%26cd%3DCAEYACoTODgxMjcxNTgwMzU0OTUwNjU5MzIZZDc4ZTU4NzVhMGYxZjJhYzplczplczpFUw%26usg%3DAOvVaw28byx9p8JzVq2Z-y25O_-j&amp;source=gmail&amp;ust=1651908665994000&amp;usg=AOvVaw3aXqI9ShDH2h0jzqnSqEO1\">Andaluc\u00eda lidera el descenso del paro en abril con 33.072 desempleados menos y sit\u00faa el &#8230;-\u00a0<\/a><a>Diario de Sevilla<br \/>\n<\/a><\/p>\n<p><strong>Actualidad<br \/>\n<\/strong><a href=\"https:\/\/www.google.com\/url?rct=j&amp;sa=t&amp;url=https:\/\/sevilla.abc.es\/economia\/sevi-descubre-cuales-ayudas-podrias-cobrar-si-estas-embarazada-202204302150_noticia.html&amp;ct=ga&amp;cd=CAEYACoTMjc3OTQ1MTk4NDE0MjQzNDc2NzIbOWFiMWNkZDdlMzY2ZWYzODplczplczpFUzpS&amp;usg=AOvVaw0JStqsV_px7r1-BLFYzL-r\" target=\"_blank\" rel=\"noopener\" data-saferedirecturl=\"https:\/\/www.google.com\/url?q=https:\/\/www.google.com\/url?rct%3Dj%26sa%3Dt%26url%3Dhttps:\/\/sevilla.abc.es\/economia\/sevi-descubre-cuales-ayudas-podrias-cobrar-si-estas-embarazada-202204302150_noticia.html%26ct%3Dga%26cd%3DCAEYACoTMjc3OTQ1MTk4NDE0MjQzNDc2NzIbOWFiMWNkZDdlMzY2ZWYzODplczplczpFUzpS%26usg%3DAOvVaw0JStqsV_px7r1-BLFYzL-r&amp;source=gmail&amp;ust=1651826324616000&amp;usg=AOvVaw0G8g2mvjyGtDRmYsL3H_5s\">Descubre cu\u00e1les son son las ayudas que podr\u00edas cobrar si est\u00e1s embarazada &#8211;\u00a0<\/a>abcsevilla<br \/>\n<a href=\"https:\/\/www.google.com\/url?rct=j&amp;sa=t&amp;url=https:\/\/www.juntadeandalucia.es\/presidencia\/portavoz\/social\/171691\/ConsejeriadeIgualdad\/IAM\/subvenciones\/proyectos\/violenciamachista\/promociondelaigualdad&amp;ct=ga&amp;cd=CAEYACoRMTY3NjY5MTAxMjczODk4NzcyGzlhYjFjZGQ3ZTM2NmVmMzg6ZXM6ZXM6RVM6Ug&amp;usg=AOvVaw1yFFdfgk-mnbCBSLWT8r7l\" target=\"_blank\" rel=\"noopener\" data-saferedirecturl=\"https:\/\/www.google.com\/url?q=https:\/\/www.google.com\/url?rct%3Dj%26sa%3Dt%26url%3Dhttps:\/\/www.juntadeandalucia.es\/presidencia\/portavoz\/social\/171691\/ConsejeriadeIgualdad\/IAM\/subvenciones\/proyectos\/violenciamachista\/promociondelaigualdad%26ct%3Dga%26cd%3DCAEYACoRMTY3NjY5MTAxMjczODk4NzcyGzlhYjFjZGQ3ZTM2NmVmMzg6ZXM6ZXM6RVM6Ug%26usg%3DAOvVaw1yFFdfgk-mnbCBSLWT8r7l&amp;source=gmail&amp;ust=1651826324626000&amp;usg=AOvVaw1d1eQl_kJRJ6HWcc3SB-JQ\">Publicada la convocatoria de subvenciones para proyectos contra la violencia machista y &#8230;-\u00a0<\/a><a>juntadeandalucia<br \/>\n<\/a><a href=\"https:\/\/www.google.com\/url?rct=j&amp;sa=t&amp;url=https:\/\/www.20minutos.es\/noticia\/4995265\/0\/maria-salmeron-la-madre-que-se-enfrenta-a-nueve-meses-de-carcel-por-no-permitir-las-visitas-de-su-exmaltratador-a-su-hija\/&amp;ct=ga&amp;cd=CAEYACoUMTcyOTkzNjQ1NzM5ODkwNzA1ODMyGWMwMzcyZWJjMmZlYWRhNTk6ZXM6ZXM6RVM&amp;usg=AOvVaw2QBPRNoPmS6sidXUJImP6Q\" target=\"_blank\" rel=\"noopener\" data-saferedirecturl=\"https:\/\/www.google.com\/url?q=https:\/\/www.google.com\/url?rct%3Dj%26sa%3Dt%26url%3Dhttps:\/\/www.20minutos.es\/noticia\/4995265\/0\/maria-salmeron-la-madre-que-se-enfrenta-a-nueve-meses-de-carcel-por-no-permitir-las-visitas-de-su-exmaltratador-a-su-hija\/%26ct%3Dga%26cd%3DCAEYACoUMTcyOTkzNjQ1NzM5ODkwNzA1ODMyGWMwMzcyZWJjMmZlYWRhNTk6ZXM6ZXM6RVM%26usg%3DAOvVaw2QBPRNoPmS6sidXUJImP6Q&amp;source=gmail&amp;ust=1651820051267000&amp;usg=AOvVaw2Qb_maeh28y1ggLd5VjGHS\">Mar\u00eda Salmer\u00f3n pide al Gobierno que recapacite sobre su indulto en una concentraci\u00f3n &#8230;-\u00a0<\/a><a>20Minutos<\/a><\/p>\n<div><strong>Violencias<br \/>\n<\/strong><a href=\"https:\/\/amecopress.net\/Eurodiputada-Lina-Galvez-La-UE-debe-proteger-a-mujeres-y-ninas-ucranianas-de-la-violencia-sexual-como-arma-de-guerra\">Eurodiputada Lina G\u00e1lvez: \u00abLa UE debe proteger a mujeres y ni\u00f1as ucranianas de la violencia sexual como arma de guerra\u00bb &#8211;<\/a>amecopress<\/div>\n<div><\/div>\n<div><strong>Ciencia y Cultura<br \/>\n<\/strong><a href=\"https:\/\/www.google.com\/url?rct=j&amp;sa=t&amp;url=https:\/\/www.sevillaactualidad.com\/sevilla\/302288-alumnas-de-la-us-proponen-iniciativas-para-solucionar-las-islas-de-calor\/&amp;ct=ga&amp;cd=CAEYASoUMTUxOTc1Mzc2Nzc1OTcxMTI0MjAyGzlhYjFjZGQ3ZTM2NmVmMzg6ZXM6ZXM6RVM6Ug&amp;usg=AOvVaw1SDBI9Uw1JiN-Niz-zUJnE\" target=\"_blank\" rel=\"noopener\" data-saferedirecturl=\"https:\/\/www.google.com\/url?q=https:\/\/www.google.com\/url?rct%3Dj%26sa%3Dt%26url%3Dhttps:\/\/www.sevillaactualidad.com\/sevilla\/302288-alumnas-de-la-us-proponen-iniciativas-para-solucionar-las-islas-de-calor\/%26ct%3Dga%26cd%3DCAEYASoUMTUxOTc1Mzc2Nzc1OTcxMTI0MjAyGzlhYjFjZGQ3ZTM2NmVmMzg6ZXM6ZXM6RVM6Ug%26usg%3DAOvVaw1SDBI9Uw1JiN-Niz-zUJnE&amp;source=gmail&amp;ust=1651826518086000&amp;usg=AOvVaw3Ram58nhZT7qtiok0w1SwV\">Alumnas de la US proponen iniciativas para solucionar las \u00abislas de calor\u00bb &#8211;\u00a0<\/a><a>Sevilla Actualidad<br \/>\n<\/a><a class=\"title\" href=\"https:\/\/www.eldiario.es\/andalucia\/granada\/teresa-maria-ortega-mujeres-son-sosten-comunidades-rurales-no-suele-ver_1_8931607.html\" target=\"_blank\" rel=\"noopener\" data-artpy=\"0\" data-author=\"eldiario.es\">Teresa Mar\u00eda Ortega, Universidad de Granada: \u201cLas mujeres son el sost\u00e9n de las comunidades rurales y no se suele ver as\u00ed\u201d<\/a>-eldiario<a><br \/>\n<\/a><a href=\"https:\/\/www.google.com\/url?rct=j&amp;sa=t&amp;url=https:\/\/www.diariodejerez.es\/rincon-flamenco\/actualidad\/Carmen-Linares-Premios-Princesa-Asturias_0_1680732744.html&amp;ct=ga&amp;cd=CAEYASoSOTAxNjg2Njg5Njk0MDgxOTc4Mhs5YWIxY2RkN2UzNjZlZjM4OmVzOmVzOkVTOlI&amp;usg=AOvVaw2Yzcw4kL8rlbRPF9aY2-4V\" target=\"_blank\" rel=\"noopener\" data-saferedirecturl=\"https:\/\/www.google.com\/url?q=https:\/\/www.google.com\/url?rct%3Dj%26sa%3Dt%26url%3Dhttps:\/\/www.diariodejerez.es\/rincon-flamenco\/actualidad\/Carmen-Linares-Premios-Princesa-Asturias_0_1680732744.html%26ct%3Dga%26cd%3DCAEYASoSOTAxNjg2Njg5Njk0MDgxOTc4Mhs5YWIxY2RkN2UzNjZlZjM4OmVzOmVzOkVTOlI%26usg%3DAOvVaw2Yzcw4kL8rlbRPF9aY2-4V&amp;source=gmail&amp;ust=1651908677402000&amp;usg=AOvVaw25fQ5Hlfonzl7CrlK98w1w\">Carmen Linares y Mar\u00eda Pag\u00e9s, Premios Princesa de Asturias de las Artes 2022 &#8211;\u00a0<\/a><a>Diario de Jerez<br \/>\n<\/a><a href=\"https:\/\/www.google.com\/url?rct=j&amp;sa=t&amp;url=https:\/\/www.lavozdealmeria.com\/noticia\/12\/almeria\/236996\/la-comunidad-universitaria-recibe-formacion-sobre-igualdad-y-no-violencia&amp;ct=ga&amp;cd=CAEYACoSOTE4MDMyMDE1Njk4MjE4MDU3Mhs5YWIxY2RkN2UzNjZlZjM4OmVzOmVzOkVTOlI&amp;usg=AOvVaw3KHpQU81IfiGO0GWSd6Ys1\" target=\"_blank\" rel=\"noopener\" data-saferedirecturl=\"https:\/\/www.google.com\/url?q=https:\/\/www.google.com\/url?rct%3Dj%26sa%3Dt%26url%3Dhttps:\/\/www.lavozdealmeria.com\/noticia\/12\/almeria\/236996\/la-comunidad-universitaria-recibe-formacion-sobre-igualdad-y-no-violencia%26ct%3Dga%26cd%3DCAEYACoSOTE4MDMyMDE1Njk4MjE4MDU3Mhs5YWIxY2RkN2UzNjZlZjM4OmVzOmVzOkVTOlI%26usg%3DAOvVaw3KHpQU81IfiGO0GWSd6Ys1&amp;source=gmail&amp;ust=1651820220783000&amp;usg=AOvVaw0I-b5DVNvUTIOhtpqBMnwB\">La comunidad universitaria recibe formaci\u00f3n sobre igualdad y no violencia &#8211;<\/a><a>La Voz de Almer\u00eda<br \/>\n<\/a><a href=\"https:\/\/www.google.com\/url?rct=j&amp;sa=t&amp;url=https:\/\/www.diariodealmeria.es\/ocio\/IEA-presenta-nuevos-Celia-Vinas_0_1680433323.html&amp;ct=ga&amp;cd=CAEYAioUMTE1OTE4MTU1MTY0Mzg5OTkyOTkyGWMwMzcyZWJjMmZlYWRhNTk6ZXM6ZXM6RVM&amp;usg=AOvVaw2py0k6uFdlgJARWVnRYB2B\" target=\"_blank\" rel=\"noopener\" data-saferedirecturl=\"https:\/\/www.google.com\/url?q=https:\/\/www.google.com\/url?rct%3Dj%26sa%3Dt%26url%3Dhttps:\/\/www.diariodealmeria.es\/ocio\/IEA-presenta-nuevos-Celia-Vinas_0_1680433323.html%26ct%3Dga%26cd%3DCAEYAioUMTE1OTE4MTU1MTY0Mzg5OTkyOTkyGWMwMzcyZWJjMmZlYWRhNTk6ZXM6ZXM6RVM%26usg%3DAOvVaw2py0k6uFdlgJARWVnRYB2B&amp;source=gmail&amp;ust=1651820032978000&amp;usg=AOvVaw1WtUh8qxHZOwgVKTe6ZEe1\">El IEA presenta dos nuevos libros en torno a la figura de Celia Vi\u00f1as &#8211;\u00a0<\/a><a>Diario de Almer\u00eda<br \/>\n<\/a><a class=\"title\" href=\"https:\/\/www.diariovasco.com\/culturas\/tagore-campubri-reunidos-20220505174213-ntrc.html\" target=\"_blank\" rel=\"noopener\" data-artpy=\"0\" data-author=\"Diario\">Tagore y Camprub\u00ed, reunidos de nuevo en La Caja de las Letras<\/a>-diario<br \/>\n<a class=\"title\" href=\"https:\/\/www.msn.com\/es-es\/entertainment\/cine\/olalla-castro-uno-de-los-baluartes-de-la-literatura-espa-c3-b1ola-gana-el-premio-de-poes-c3-ada-ciudad-de-estepona\/ar-AAWZ0j2?ocid=BingNewsSearch\" target=\"_blank\" rel=\"noopener\" data-artpy=\"0\" data-author=\"ESPA\u00d1OL on MSN.com\">Olalla Castro, uno de los baluartes de la literatura espa\u00f1ola, gana el Premio de Poes\u00eda Ciudad de Estepona<\/a>-elespa\u00f1ol<a><br \/>\n<\/a><\/div>\n<p><strong>Deportes<br \/>\n<\/strong><a class=\"title\" href=\"https:\/\/www.laopiniondemalaga.es\/deportes\/2022\/05\/03\/arlenis-sierra-vuelta-ciclista-femenina-andalucia-65683319.html\" target=\"_blank\" rel=\"noopener\" data-artpy=\"0\" data-author=\"Deportes\">Arlenis Sierra estrena el palmar\u00e9s de la Vuelta Ciclista Andaluc\u00eda Elite Women<\/a>-deportes<br \/>\n<a class=\"title\" href=\"https:\/\/andaluciainformacion.es\/el-puerto\/1047396\/belen-lopez-cruza-la-meta-de-la-ruta-ciclista-elite-women-como-primera-andaluza\/\" target=\"_blank\" rel=\"noopener\" data-artpy=\"0\" data-author=\"Andaluc\u00eda Informaci\u00f3n\">Bel\u00e9n L\u00f3pez cruza la meta de la Ruta Ciclista \u00c9lite Women como primera andaluza<\/a>-andaluciainformacion<a><br \/>\n<\/a><\/p>\n<\/div>\n<\/div>\n<div id=\"\" class=\"lsow-panel lsow-active\">\n<h1 class=\"lsow-panel-title\">Estado<\/h1>\n<div class=\"lsow-panel-content\">\n<p><strong>Institucional<br \/>\n<\/strong><a href=\"https:\/\/www.google.com\/url?rct=j&amp;sa=t&amp;url=https:\/\/www.diariosigloxxi.com\/texto-s\/mostrar\/454851\/yolanda-diaz-economia-social-garantia-progreso-sostenible-genera-oportunidades-todos-todas-igual&amp;ct=ga&amp;cd=CAEYACoUMTM0MjQwNzA2OTY0MjcxOTA1NDcyGzkxODg1N2NkNjBmOTc3NDg6ZXM6ZXM6RVM6TA&amp;usg=AOvVaw3C4KVrAOu0DZXOng_5jZKI\" target=\"_blank\" rel=\"noopener\" data-saferedirecturl=\"https:\/\/www.google.com\/url?q=https:\/\/www.google.com\/url?rct%3Dj%26sa%3Dt%26url%3Dhttps:\/\/www.diariosigloxxi.com\/texto-s\/mostrar\/454851\/yolanda-diaz-economia-social-garantia-progreso-sostenible-genera-oportunidades-todos-todas-igual%26ct%3Dga%26cd%3DCAEYACoUMTM0MjQwNzA2OTY0MjcxOTA1NDcyGzkxODg1N2NkNjBmOTc3NDg6ZXM6ZXM6RVM6TA%26usg%3DAOvVaw3C4KVrAOu0DZXOng_5jZKI&amp;source=gmail&amp;ust=1651916078678000&amp;usg=AOvVaw3h_YKIp5_BR2W93He9D2Jv\">Yolanda D\u00edaz, Ministra de Trabajo: \u201cLa Econom\u00eda Social es garant\u00eda de un progreso sostenible que genera &#8230;-\u00a0<\/a><a>Diario Siglo XXI<br \/>\n<\/a><a href=\"https:\/\/elpais.com\/economia\/2022-05-05\/calvino-confia-en-que-la-inflacion-se-relaje-y-regrese-al-2-el-proximo-ano.html\">Calvi\u00f1o conf\u00eda en que la inflaci\u00f3n se relaje y regrese al 2% el pr\u00f3ximo a\u00f1o<\/a>-elpais<\/p>\n<p><strong>Institucional \u2013 CCAA<br \/>\n<\/strong><a href=\"https:\/\/www.google.com\/url?rct=j&amp;sa=t&amp;url=https:\/\/www.noticiasdealava.eus\/actualidad\/sociedad\/2022\/05\/04\/emakunde-ve-avances-cualitativos-prevencion\/1186148.html&amp;ct=ga&amp;cd=CAEYACoUMTU4OTg5NTQ0NjA4NTUzMTA2OTcyGWMwMzcyZWJjMmZlYWRhNTk6ZXM6ZXM6RVM&amp;usg=AOvVaw2OU82BY10agVw8bmRMAVmK\" target=\"_blank\" rel=\"noopener\" data-saferedirecturl=\"https:\/\/www.google.com\/url?q=https:\/\/www.google.com\/url?rct%3Dj%26sa%3Dt%26url%3Dhttps:\/\/www.noticiasdealava.eus\/actualidad\/sociedad\/2022\/05\/04\/emakunde-ve-avances-cualitativos-prevencion\/1186148.html%26ct%3Dga%26cd%3DCAEYACoUMTU4OTg5NTQ0NjA4NTUzMTA2OTcyGWMwMzcyZWJjMmZlYWRhNTk6ZXM6ZXM6RVM%26usg%3DAOvVaw2OU82BY10agVw8bmRMAVmK&amp;source=gmail&amp;ust=1651820051231000&amp;usg=AOvVaw0Nj2voGL9IZV7wo0VLR9oJ\">Emakunde ve \u00abavances cualitativos\u00bb en la prevenci\u00f3n de la violencia y el acoso en el trabajo-\u00a0<\/a><a>Diario de Noticias de \u00c1lava<br \/>\n<\/a><a href=\"https:\/\/www.google.com\/url?rct=j&amp;sa=t&amp;url=https:\/\/amecopress.net\/Canarias-acogera-la-celebracion-de-la-sectorial-de-Igualdad-el-proximo-13-de-julio&amp;ct=ga&amp;cd=CAEYACoUMTYxNzc0MjgzMjQ5OTA2MTQ0MzUyGWUxZTc3ZDE1NjA5OGE4ZTM6ZXM6ZXM6RVM&amp;usg=AOvVaw3CvPvZmwXMIagR7Asj2RGc\" target=\"_blank\" rel=\"noopener\" data-saferedirecturl=\"https:\/\/www.google.com\/url?q=https:\/\/www.google.com\/url?rct%3Dj%26sa%3Dt%26url%3Dhttps:\/\/amecopress.net\/Canarias-acogera-la-celebracion-de-la-sectorial-de-Igualdad-el-proximo-13-de-julio%26ct%3Dga%26cd%3DCAEYACoUMTYxNzc0MjgzMjQ5OTA2MTQ0MzUyGWUxZTc3ZDE1NjA5OGE4ZTM6ZXM6ZXM6RVM%26usg%3DAOvVaw3CvPvZmwXMIagR7Asj2RGc&amp;source=gmail&amp;ust=1651916367592000&amp;usg=AOvVaw1p61fEEQsr5gr0IOsZNR_t\">Canarias acoger\u00e1 la celebraci\u00f3n de la sectorial de Igualdad el pr\u00f3ximo 13 de julio &#8211;<\/a><a>Ameco Press<br \/>\n<\/a><a class=\"title\" href=\"https:\/\/es.vida-estilo.yahoo.com\/amazones-d-afrique-abren-womad-125208547.html\" target=\"_blank\" rel=\"noopener\" data-artpy=\"0\" data-author=\"Yahoo Vida y Estilo Espa\u00f1a\">Les Amazones d\u2019Afrique abren un Womad de C\u00e1ceres reivindicativo y feminista<\/a>-yahoo<br \/>\n<a class=\"title\" href=\"https:\/\/www.elperiodic.com\/valencia\/marza-impulsamos-respuesta-europea-para-corregir-vision-androcentrica-cultura-historia-ciencia-educacion_821132\" target=\"_blank\" rel=\"noopener\" data-artpy=\"0\" data-author=\"Elperiodic.com\">Marz\u00e0: \u201cImpulsamos la respuesta europea para corregir la visi\u00f3n androc\u00e9ntrica de la cultura, la historia y la ciencia en la educaci\u00f3n\u201d<\/a>-elperiodico<br \/>\n<a class=\"title\" href=\"https:\/\/www.cope.es\/emisoras\/castilla-la-mancha\/guadalajara-provincia\/guadalajara\/noticias\/castilla-la-mancha-abre-convocatoria-subvenciones-para-proyectos-cooperacion-internacional-20220506_2066737\" target=\"_blank\" rel=\"noopener\" data-artpy=\"0\" data-author=\"COPE\">Castilla-La Mancha abre la convocatoria de subvenciones para proyectos de Cooperaci\u00f3n Internacional<\/a>-cope<a><br \/>\n<\/a><\/p>\n<p><strong>Econom\u00eda y Empresa<br \/>\n<\/strong><span class=\"im\"><a href=\"https:\/\/www.google.com\/url?rct=j&amp;sa=t&amp;url=https:\/\/www.eleconomista.es\/aragon\/noticias\/11748391\/05\/22\/Mas-de-100-directivos-se-reuniran-en-el-congreso-de-diversidad-en-las-empresas.html&amp;ct=ga&amp;cd=CAEYASoSMzQ3MjU4MDg0MzQwMjc2NDM2MhljMDM3MmViYzJmZWFkYTU5OmVzOmVzOkVT&amp;usg=AOvVaw3dmjJLbAgDfv4Uz-gylqVH\" target=\"_blank\" rel=\"noopener\" data-saferedirecturl=\"https:\/\/www.google.com\/url?q=https:\/\/www.google.com\/url?rct%3Dj%26sa%3Dt%26url%3Dhttps:\/\/www.eleconomista.es\/aragon\/noticias\/11748391\/05\/22\/Mas-de-100-directivos-se-reuniran-en-el-congreso-de-diversidad-en-las-empresas.html%26ct%3Dga%26cd%3DCAEYASoSMzQ3MjU4MDg0MzQwMjc2NDM2MhljMDM3MmViYzJmZWFkYTU5OmVzOmVzOkVT%26usg%3DAOvVaw3dmjJLbAgDfv4Uz-gylqVH&amp;source=gmail&amp;ust=1651820051184000&amp;usg=AOvVaw1aQHz29i6G8_aXrVicLD4S\">M\u00e1s de 100 directiv@s se reunir\u00e1n en el congreso de diversidad en las empresas &#8211;\u00a0<\/a><\/span><a>elEconomista.es<br \/>\n<\/a><a href=\"https:\/\/www.google.com\/url?rct=j&amp;sa=t&amp;url=https:\/\/www.agronewscastillayleon.com\/solo-el-286-de-las-explotaciones-agrarias-espanolas-tienen-como-jefe-una-mujer&amp;ct=ga&amp;cd=CAEYACoUMTMyNTk5ODQzODYwNTkzNjQwNjQyGWMwMzcyZWJjMmZlYWRhNTk6ZXM6ZXM6RVM&amp;usg=AOvVaw0kyURJAHIZ6nF6aaBBU9gw\" target=\"_blank\" rel=\"noopener\" data-saferedirecturl=\"https:\/\/www.google.com\/url?q=https:\/\/www.google.com\/url?rct%3Dj%26sa%3Dt%26url%3Dhttps:\/\/www.agronewscastillayleon.com\/solo-el-286-de-las-explotaciones-agrarias-espanolas-tienen-como-jefe-una-mujer%26ct%3Dga%26cd%3DCAEYACoUMTMyNTk5ODQzODYwNTkzNjQwNjQyGWMwMzcyZWJjMmZlYWRhNTk6ZXM6ZXM6RVM%26usg%3DAOvVaw0kyURJAHIZ6nF6aaBBU9gw&amp;source=gmail&amp;ust=1651821708652000&amp;usg=AOvVaw36rg4fxjdwh8_uYpTwJ27e\">S\u00f3lo el 28,6% de las explotaciones agrarias espa\u00f1olas tienen como \u201djefe\u201d a una\u00a0mujer-\u00a0<\/a><a>Agronews Castilla y Le\u00f3n<\/a><\/p>\n<p><strong>Actualidad<br \/>\n<\/strong><a href=\"https:\/\/www.google.com\/url?rct=j&amp;sa=t&amp;url=https:\/\/efeminista.com\/intervenciones-educativas-sexismo-estudio\/&amp;ct=ga&amp;cd=CAEYAyoUMTgyNTM3MDQyMTg4MjczMzI5ODgyGWMwMzcyZWJjMmZlYWRhNTk6ZXM6ZXM6RVM&amp;usg=AOvVaw1Smgz7eOmZFWmvDL3KmMi5\" target=\"_blank\" rel=\"noopener\" data-saferedirecturl=\"https:\/\/www.google.com\/url?q=https:\/\/www.google.com\/url?rct%3Dj%26sa%3Dt%26url%3Dhttps:\/\/efeminista.com\/intervenciones-educativas-sexismo-estudio\/%26ct%3Dga%26cd%3DCAEYAyoUMTgyNTM3MDQyMTg4MjczMzI5ODgyGWMwMzcyZWJjMmZlYWRhNTk6ZXM6ZXM6RVM%26usg%3DAOvVaw1Smgz7eOmZFWmvDL3KmMi5&amp;source=gmail&amp;ust=1651820051052000&amp;usg=AOvVaw3d3rAD8_mc_fPUae8QaGzb\">Las intervenciones educativas evitan el sexismo, seg\u00fan estudio europeo &#8211;\u00a0<\/a><a>Efeminista<br \/>\n<\/a><a class=\"title\" href=\"https:\/\/www.europapress.es\/epsocial\/igualdad\/noticia-95-peticiones-reduccion-jornada-laboral-cuidados-fueron-pedidas-mujeres-montero-20220506130017.html\" target=\"_blank\" rel=\"noopener\" data-artpy=\"0\" data-author=\"Europa Press\">El 95% de las peticiones de reducci\u00f3n de jornada laboral por cuidados fueron pedidas por mujeres, seg\u00fan Montero<\/a>-europapress<a><br \/>\n<\/a><\/p>\n<p><strong>Violencias<br \/>\n<\/strong><a href=\"https:\/\/www.google.com\/url?rct=j&amp;sa=t&amp;url=https:\/\/www.lavozdeasturias.es\/noticia\/actualidad\/2022\/05\/04\/asesinada-cuenca-habia-vuelto-pareja-absuelta-ratifico-denuncia\/0003_202205G4P18991.htm&amp;ct=ga&amp;cd=CAEYACoUMTIzNDk2MDg4MTM0NzcxMjcwNjIyGWMwMzcyZWJjMmZlYWRhNTk6ZXM6ZXM6RVM&amp;usg=AOvVaw3YTefUTWw4sjYmjC11dMI2\" target=\"_blank\" rel=\"noopener\" data-saferedirecturl=\"https:\/\/www.google.com\/url?q=https:\/\/www.google.com\/url?rct%3Dj%26sa%3Dt%26url%3Dhttps:\/\/www.lavozdeasturias.es\/noticia\/actualidad\/2022\/05\/04\/asesinada-cuenca-habia-vuelto-pareja-absuelta-ratifico-denuncia\/0003_202205G4P18991.htm%26ct%3Dga%26cd%3DCAEYACoUMTIzNDk2MDg4MTM0NzcxMjcwNjIyGWMwMzcyZWJjMmZlYWRhNTk6ZXM6ZXM6RVM%26usg%3DAOvVaw3YTefUTWw4sjYmjC11dMI2&amp;source=gmail&amp;ust=1651820051164000&amp;usg=AOvVaw21bMTmoKWwtobQqTe57mt2\">La asesinada en Cuenca hab\u00eda vuelto con su pareja al ser absuelta porque ella no ratific\u00f3 &#8230;-\u00a0<\/a><a>La Voz de Asturias<br \/>\n<\/a><a href=\"https:\/\/www.google.com\/url?rct=j&amp;sa=t&amp;url=https:\/\/www.sport.es\/es\/noticias\/nacional\/espana-pulseras-telematicas-agresores-sexuales-13611731&amp;ct=ga&amp;cd=CAEYACoSNDEzMjQyMzc4MzU4MDkzNDU0MhllMmRlZmE3ZDVkYTkxNTdkOmVzOmVzOkVT&amp;usg=AOvVaw17gGbcWyOImQb3CdILd8MI\" target=\"_blank\" rel=\"noopener\" data-saferedirecturl=\"https:\/\/www.google.com\/url?q=https:\/\/www.google.com\/url?rct%3Dj%26sa%3Dt%26url%3Dhttps:\/\/www.sport.es\/es\/noticias\/nacional\/espana-pulseras-telematicas-agresores-sexuales-13611731%26ct%3Dga%26cd%3DCAEYACoSNDEzMjQyMzc4MzU4MDkzNDU0MhllMmRlZmE3ZDVkYTkxNTdkOmVzOmVzOkVT%26usg%3DAOvVaw17gGbcWyOImQb3CdILd8MI&amp;source=gmail&amp;ust=1651908680985000&amp;usg=AOvVaw2DGNiBsHR--_S_GMmJFJhH\">Espa\u00f1a, sin pulseras telem\u00e1ticas para los agresores sexuales &#8211;\u00a0<\/a><a>sport<br \/>\n<\/a><a class=\"title\" href=\"https:\/\/www.elespanol.com\/mujer\/protagonistas\/20220506\/nadia-murad-nobel-paz-esclava-isis-victimas\/669933339_0.html\" target=\"_blank\" rel=\"noopener\" data-artpy=\"0\" data-author=\"ESPA\u00d1OL\">Nadia Murad, la Nobel de la Paz que fue esclava sexual del ISIS: \u00abHay que hablar con las v\u00edctimas\u00bb<\/a>-elespa\u00f1ol<a><br \/>\n<\/a><\/p>\n<p><strong>Ciencia y Cultura<br \/>\n<\/strong><a class=\"title\" href=\"https:\/\/www.elespanol.com\/castilla-y-leon\/region\/salamanca\/20220505\/maria-angeles-duran-reivindica-innovacion-honoris-usal\/670183187_0.html\" target=\"_blank\" rel=\"noopener\" data-artpy=\"0\" data-author=\"ESPA\u00d1OL\">Mar\u00eda \u00c1ngeles Dur\u00e1n reivindica \u00abla innovaci\u00f3n social\u00bb antes de su &#8216;honoris causa&#8217; por la Usal<\/a><strong><br \/>\n<\/strong><a href=\"https:\/\/www.pikaramagazine.com\/2022\/04\/la-copla-ha-sido-el-alivio-de-las-faenas-duras\/\">Lidia Garc\u00eda Garc\u00eda, historiadora: \u00abLa copla ha sido el alivio de las faenas duras\u201d &#8211;\u00a0<\/a>pikaramagazine<br \/>\n<a href=\"https:\/\/www.google.com\/url?rct=j&amp;sa=t&amp;url=https:\/\/elpais.com\/espana\/catalunya\/2022-05-03\/invasion-de-comicas-en-barcelona-para-probar-que-las-mujeres-si-son-graciosas.html&amp;ct=ga&amp;cd=CAEYBCoUMTMwNjc0MDA5OTA0NjM0ODYxNDYyGWMwMzcyZWJjMmZlYWRhNTk6ZXM6ZXM6RVM&amp;usg=AOvVaw3GhJXwY1yUjH5nj8tv241s\" target=\"_blank\" rel=\"noopener\" data-saferedirecturl=\"https:\/\/www.google.com\/url?q=https:\/\/www.google.com\/url?rct%3Dj%26sa%3Dt%26url%3Dhttps:\/\/elpais.com\/espana\/catalunya\/2022-05-03\/invasion-de-comicas-en-barcelona-para-probar-que-las-mujeres-si-son-graciosas.html%26ct%3Dga%26cd%3DCAEYBCoUMTMwNjc0MDA5OTA0NjM0ODYxNDYyGWMwMzcyZWJjMmZlYWRhNTk6ZXM6ZXM6RVM%26usg%3DAOvVaw3GhJXwY1yUjH5nj8tv241s&amp;source=gmail&amp;ust=1651820051014000&amp;usg=AOvVaw2p3TRJIwl4zUSeJ5IA5N0l\">Invasi\u00f3n de c\u00f3micas en Barcelona para probar que las\u00a0mujeres s\u00ed son graciosas &#8211;<\/a><a>El Pa\u00eds<br \/>\n<\/a><a href=\"https:\/\/www.google.com\/url?rct=j&amp;sa=t&amp;url=https:\/\/www.heraldo.es\/noticias\/ocio-y-cultura\/2022\/05\/03\/el-documental-abriendo-ventanas-de-vicky-calavia-exporta-al-mundo-la-libertad-sexual-1571547.html&amp;ct=ga&amp;cd=CAEYAyoUMTMwNjc0MDA5OTA0NjM0ODYxNDYyGWMwMzcyZWJjMmZlYWRhNTk6ZXM6ZXM6RVM&amp;usg=AOvVaw0n2aKqqsNfbIa89muYGyye\" target=\"_blank\" rel=\"noopener\" data-saferedirecturl=\"https:\/\/www.google.com\/url?q=https:\/\/www.google.com\/url?rct%3Dj%26sa%3Dt%26url%3Dhttps:\/\/www.heraldo.es\/noticias\/ocio-y-cultura\/2022\/05\/03\/el-documental-abriendo-ventanas-de-vicky-calavia-exporta-al-mundo-la-libertad-sexual-1571547.html%26ct%3Dga%26cd%3DCAEYAyoUMTMwNjc0MDA5OTA0NjM0ODYxNDYyGWMwMzcyZWJjMmZlYWRhNTk6ZXM6ZXM6RVM%26usg%3DAOvVaw0n2aKqqsNfbIa89muYGyye&amp;source=gmail&amp;ust=1651820051014000&amp;usg=AOvVaw2I3CIllg2LMMwLceJRr-MW\">El documental &#8216;Abriendo ventanas&#8217; de Vicky Calavia exporta al mundo la libertad amorosa-\u00a0<\/a><a>Heraldo de Arag\u00f3n<br \/>\n<\/a><a href=\"https:\/\/www.google.com\/url?rct=j&amp;sa=t&amp;url=https:\/\/diariodeavisos.elespanol.com\/2022\/05\/mujeres-en-la-antigua-grecia-una-cuestion-de-ciudadania\/&amp;ct=ga&amp;cd=CAEYASoTMjY0OTE4MTE3MjA4Mjg3MTcxODIZYzAzNzJlYmMyZmVhZGE1OTplczplczpFUw&amp;usg=AOvVaw2LyoJmRtsdNSVEiZRFAb1i\" target=\"_blank\" rel=\"noopener\" data-saferedirecturl=\"https:\/\/www.google.com\/url?q=https:\/\/www.google.com\/url?rct%3Dj%26sa%3Dt%26url%3Dhttps:\/\/diariodeavisos.elespanol.com\/2022\/05\/mujeres-en-la-antigua-grecia-una-cuestion-de-ciudadania\/%26ct%3Dga%26cd%3DCAEYASoTMjY0OTE4MTE3MjA4Mjg3MTcxODIZYzAzNzJlYmMyZmVhZGE1OTplczplczpFUw%26usg%3DAOvVaw2LyoJmRtsdNSVEiZRFAb1i&amp;source=gmail&amp;ust=1651820033025000&amp;usg=AOvVaw0TijG0b5Z7CN_jFlykrCMK\">Mujeres en la antigua Grecia: una cuesti\u00f3n de ciudadan\u00eda &#8211;\u00a0<\/a><a>Diario de Avisos<br \/>\n<\/a><a href=\"https:\/\/amecopress.net\/Rigoberta-Bandini-arrasa-en-la-II-Edicion-de-los-Premios-Musicas\">Rigoberta Bandini arrasa en la II Edici\u00f3n de los Premios + M\u00fasicas &#8211;<\/a>amecopress<br \/>\n<a href=\"https:\/\/elpais.com\/cultura\/2022-05-06\/cristina-onoro-si-la-historia-hubiese-estado-bien-contada-completa-el-mundo-hoy-seria-otro.html\">Cristina O\u00f1oro: \u201cSi la historia hubiese estado bien contada, completa, el mundo hoy ser\u00eda otro\u201d-<\/a>elpais<\/p>\n<p><strong>Deporte<br \/>\n<\/strong><a class=\"title\" href=\"https:\/\/www.msn.com\/es-es\/sports\/futbol\/la-historia-olvidada-de-las-pioneras-del-f-c3-batbol-femenino-llega-al-teatro\/ar-AAWXzUn?ocid=BingNewsSearch\" target=\"_blank\" rel=\"noopener\" data-artpy=\"0\" data-author=\"Vanity Fair Espa\u00f1a on MSN.com\">La historia olvidada de las pioneras del f\u00fatbol femenino llega al teatro<\/a>-vanitifair<strong><br \/>\n<\/strong><a href=\"https:\/\/elpais.com\/deportes\/2022-05-05\/laia-palau-entre-el-reto-de-jugar-con-43-anos-y-la-academia.html\">Laia Palau, entre el reto de jugar con 43 a\u00f1os y la Academia-<\/a>elpais<br \/>\n<a class=\"title\" href=\"https:\/\/www.elperiodico.com\/es\/deportes\/20220506\/marato-barcelona-2022-record-femenino-13618042\" target=\"_blank\" rel=\"noopener\" data-artpy=\"0\" data-author=\"El Peri\u00f3dico\">El Marat\u00f3n de Barcelona m\u00e1s femenino de la historia<\/a>-elperiodico<br \/>\n<a class=\"title\" href=\"https:\/\/www.estadiodeportivo.com\/noticias-futbol\/2022\/05\/05\/espana-brasil-jugaran-partido-inaugural\/394586.html\" target=\"_blank\" rel=\"noopener\" data-artpy=\"0\" data-author=\"Estadio deportivo\">Espa\u00f1a y Brasil jugar\u00e1n el partido inaugural del Mundial Femenino Sub&#8217;20-<\/a>estadiodeportivo<\/p>\n<\/div>\n<\/div>\n<div id=\"\" class=\"lsow-panel lsow-active\">\n<h1 class=\"lsow-panel-title\">Internacional<\/h1>\n<div class=\"lsow-panel-content\">\n<p><a class=\"title\" href=\"https:\/\/euroefe.euractiv.es\/section\/derechos-humanos\/news\/bruselas-anuncia-ayudas-de-200-millones-de-euros-para-los-desplazados-por-la-guerra\/\" target=\"_blank\" rel=\"noopener\" data-artpy=\"0\" data-author=\"euroefe.euractiv\">Bruselas anuncia ayudas de 200 millones de euros para los desplazados por la guerra<\/a>-euroefe<br \/>\n<a href=\"https:\/\/www.google.com\/url?rct=j&amp;sa=t&amp;url=https:\/\/desafiomujerrural.es\/noticias\/asi-empoderan-los-microcreditos-mujeres-de-todo-el-mundo&amp;ct=ga&amp;cd=CAEYAyoTMzYwNjYwOTU0NzYzMTkxOTUxNjIZYzAzNzJlYmMyZmVhZGE1OTplczplczpFUw&amp;usg=AOvVaw0BGKcTQEfnsYsAbLFmkpNQ\" target=\"_blank\" rel=\"noopener\" data-saferedirecturl=\"https:\/\/www.google.com\/url?q=https:\/\/www.google.com\/url?rct%3Dj%26sa%3Dt%26url%3Dhttps:\/\/desafiomujerrural.es\/noticias\/asi-empoderan-los-microcreditos-mujeres-de-todo-el-mundo%26ct%3Dga%26cd%3DCAEYAyoTMzYwNjYwOTU0NzYzMTkxOTUxNjIZYzAzNzJlYmMyZmVhZGE1OTplczplczpFUw%26usg%3DAOvVaw0BGKcTQEfnsYsAbLFmkpNQ&amp;source=gmail&amp;ust=1651820051086000&amp;usg=AOvVaw2W49-KCFaXYhqKO0-HaEZq\">As\u00ed empoderan los microcr\u00e9ditos a\u00a0mujeres\u00a0de todo el mundo\u00a0<\/a>-D<a>esaf\u00edo Mujer Rural<br \/>\n<\/a><a class=\"title\" href=\"https:\/\/www.radioagricultura.cl\/economia\/2022\/05\/03\/ministerios-de-la-mujer-y-economia-junto-al-ine-lanzan-nueva-version-de-la-encuesta-nacional-de-uso-del-tiempo\/\" target=\"_blank\" rel=\"noopener\" data-artpy=\"0\" data-author=\"Radio Agricultura\">Ministerios de la Mujer y Econom\u00eda, junto al INE, lanzan nueva versi\u00f3n de la Encuesta Nacional de Uso del Tiempo en Chile<\/a>-radioagricultura<br \/>\n<a class=\"title\" href=\"https:\/\/es-us.vida-estilo.yahoo.com\/publicaci%C3%B3n-women-s-entrepreneurship-accelerator-073900167.html\" target=\"_blank\" rel=\"noopener\" data-artpy=\"0\" data-author=\"Yahoo Vida y Estilo Espa\u00f1a\">La publicaci\u00f3n del Women\u00b4s Entrepreneurship Accelerator establece argumentos comerciales a favor de las adquisiciones sensibles al g\u00e9nero<\/a>-yahoo<a><br \/>\n<\/a><a class=\"title\" href=\"https:\/\/www.eldiario.es\/internacional\/hombres-reclutados-mujeres-carga-roles-genero-cambian-guerra-ucrania_1_8966073.html\" target=\"_blank\" rel=\"noopener\" data-artpy=\"0\" data-author=\"eldiario.es\">Hombres reclutados y mujeres con m\u00e1s carga: los roles de g\u00e9nero cambian en la guerra de Ucrania<\/a>-eldiario<a><br \/>\n<\/a><a href=\"https:\/\/www.google.com\/url?rct=j&amp;sa=t&amp;url=https:\/\/www.elmundo.es\/internacional\/2022\/05\/03\/62710faffdddffcb3d8b4599.html&amp;ct=ga&amp;cd=CAEYASoUMTU5MTU5MDEyOTM5NTQ1MDAwODcyGWMwMzcyZWJjMmZlYWRhNTk6ZXM6ZXM6RVM&amp;usg=AOvVaw1sSpPKlardhYG0SGMENDA4\" target=\"_blank\" rel=\"noopener\" data-saferedirecturl=\"https:\/\/www.google.com\/url?q=https:\/\/www.google.com\/url?rct%3Dj%26sa%3Dt%26url%3Dhttps:\/\/www.elmundo.es\/internacional\/2022\/05\/03\/62710faffdddffcb3d8b4599.html%26ct%3Dga%26cd%3DCAEYASoUMTU5MTU5MDEyOTM5NTQ1MDAwODcyGWMwMzcyZWJjMmZlYWRhNTk6ZXM6ZXM6RVM%26usg%3DAOvVaw1sSpPKlardhYG0SGMENDA4&amp;source=gmail&amp;ust=1651820051207000&amp;usg=AOvVaw2wJ8zcu94KLOE0-UHUHwed\">El aborto, a punto de ser ilegal en EEUU: \u00bfqu\u00e9 pasar\u00e1 en el pa\u00eds y c\u00f3mo afectar\u00e1 a las\u00a0mujeres?-\u00a0<\/a><a>El Mundo<br \/>\n<\/a><a class=\"title\" href=\"https:\/\/www.prensa-latina.cu\/2022\/05\/05\/unicef-reitera-preocupacion-por-situacion-escolar-de-ninas-afganas\" target=\"_blank\" rel=\"noopener\" data-artpy=\"0\" data-author=\"Prensa Latina\">Unicef reitera preocupaci\u00f3n por situaci\u00f3n escolar de ni\u00f1as afganas<\/a>-presalatina<a><br \/>\n<\/a><a class=\"title\" href=\"https:\/\/www.pressenza.com\/es\/2022\/05\/ruanda-trata-de-romper-el-circulo-vicioso-de-la-trata-para-explotacion-sexual\/\" target=\"_blank\" rel=\"noopener\" data-artpy=\"0\" data-author=\"PRESSENZA\">Ruanda trata de romper el c\u00edrculo vicioso de la trata para explotaci\u00f3n sexual<\/a>-presenza<\/p>\n<\/div>\n<\/div>\n<\/div><\/div><\/div><\/div><\/div>\n","protected":false},"excerpt":{"rendered":"<p>Lina G\u00e1lvez eurodiputada: La UE debe proteger a mujeres y ni\u00f1as ucranianas de la violencia sexual como arma de guerra * S\u00f3lo el 28,6% de las explotaciones agrarias espa\u00f1olas tienen como jefa a una mujer * Carmen Linares y Mar\u00eda Pag\u00e9s Premios Princesa de Asturias de las Artes 2022<\/p>\n","protected":false},"author":3,"featured_media":22909,"comment_status":"closed","ping_status":"closed","sticky":false,"template":"","format":"standard","meta":{"footnotes":""},"categories":[298,621],"tags":[176],"class_list":["post-16291","post","type-post","status-publish","format-standard","has-post-thumbnail","hentry","category-newsletter","category-nwl-3-0","tag-violencia-sexual"],"yoast_head":"<!-- This site is optimized with the Yoast SEO plugin v27.4 - https:\/\/yoast.com\/product\/yoast-seo-wordpress\/ -->\n<title>Noticias Info CKL n\u00ba 2679-06\/05\/22 -Comunicar con perspectiva de g\u00e9nero<\/title>\n<meta name=\"description\" content=\"Noticias Info CKL n\u00ba 2679-06\/05\/22 Lina G\u00e1lvez eurodiputada: La UE debe proteger a mujeres y ni\u00f1as ucranianas de la violencia sexual como arma de guerra * S\u00f3lo el 28,6% de las explotaciones agrarias espa\u00f1olas tienen como jefa a una mujer * Carmen Linares y Mar\u00eda Pag\u00e9s Premios Princesa de Asturias de las Artes 2022\" \/>\n<meta name=\"robots\" content=\"index, follow, max-snippet:-1, max-image-preview:large, max-video-preview:-1\" \/>\n<link rel=\"canonical\" href=\"https:\/\/cklcomunicaciones.es\/coop\/noticias-info-ckl-no-2679-06-05-22\/\" \/>\n<meta property=\"og:locale\" content=\"es_ES\" \/>\n<meta property=\"og:type\" content=\"article\" \/>\n<meta property=\"og:title\" content=\"Noticias Info CKL n\u00ba 2679-06\/05\/22 -Comunicar con perspectiva de g\u00e9nero\" \/>\n<meta property=\"og:description\" content=\"Noticias Info CKL n\u00ba 2679-06\/05\/22 Lina G\u00e1lvez eurodiputada: La UE debe proteger a mujeres y ni\u00f1as ucranianas de la violencia sexual como arma de guerra * S\u00f3lo el 28,6% de las explotaciones agrarias espa\u00f1olas tienen como jefa a una mujer * Carmen Linares y Mar\u00eda Pag\u00e9s Premios Princesa de Asturias de las Artes 2022\" \/>\n<meta property=\"og:url\" content=\"https:\/\/cklcomunicaciones.es\/coop\/noticias-info-ckl-no-2679-06-05-22\/\" \/>\n<meta property=\"og:site_name\" content=\"CKL Comunicaciones\" \/>\n<meta property=\"article:published_time\" content=\"2022-05-06T11:41:34+00:00\" \/>\n<meta property=\"article:modified_time\" content=\"2025-02-09T09:41:42+00:00\" \/>\n<meta property=\"og:image\" content=\"https:\/\/cklcomunicaciones.es\/coop\/wp-content\/uploads\/2025\/01\/CKL-una-mirada-distinta-de-la-comunicacion.jpg\" \/>\n\t<meta property=\"og:image:width\" content=\"1482\" \/>\n\t<meta property=\"og:image:height\" content=\"775\" \/>\n\t<meta property=\"og:image:type\" content=\"image\/jpeg\" \/>\n<meta name=\"author\" content=\"ckl\" \/>\n<meta name=\"twitter:card\" content=\"summary_large_image\" \/>\n<meta name=\"twitter:label1\" content=\"Escrito por\" \/>\n\t<meta name=\"twitter:data1\" content=\"ckl\" \/>\n\t<meta name=\"twitter:label2\" content=\"Tiempo de lectura\" \/>\n\t<meta name=\"twitter:data2\" content=\"5 minutos\" \/>\n<script type=\"application\/ld+json\" class=\"yoast-schema-graph\">{\"@context\":\"https:\\\/\\\/schema.org\",\"@graph\":[{\"@type\":\"Article\",\"@id\":\"https:\\\/\\\/cklcomunicaciones.es\\\/coop\\\/noticias-info-ckl-no-2679-06-05-22\\\/#article\",\"isPartOf\":{\"@id\":\"https:\\\/\\\/cklcomunicaciones.es\\\/coop\\\/noticias-info-ckl-no-2679-06-05-22\\\/\"},\"author\":{\"name\":\"ckl\",\"@id\":\"https:\\\/\\\/cklcomunicaciones.es\\\/coop\\\/#\\\/schema\\\/person\\\/929a6837f7626450bbb50cee1aef266e\"},\"headline\":\"Noticias Info CKL n\u00ba 2679-06\\\/05\\\/22\",\"datePublished\":\"2022-05-06T11:41:34+00:00\",\"dateModified\":\"2025-02-09T09:41:42+00:00\",\"mainEntityOfPage\":{\"@id\":\"https:\\\/\\\/cklcomunicaciones.es\\\/coop\\\/noticias-info-ckl-no-2679-06-05-22\\\/\"},\"wordCount\":1124,\"image\":{\"@id\":\"https:\\\/\\\/cklcomunicaciones.es\\\/coop\\\/noticias-info-ckl-no-2679-06-05-22\\\/#primaryimage\"},\"thumbnailUrl\":\"https:\\\/\\\/cklcomunicaciones.es\\\/coop\\\/wp-content\\\/uploads\\\/2025\\\/01\\\/CKL-una-mirada-distinta-de-la-comunicacion.jpg\",\"keywords\":[\"violencia sexual\"],\"articleSection\":[\"Newsletter\",\"Nwl v3.0\"],\"inLanguage\":\"es\"},{\"@type\":\"WebPage\",\"@id\":\"https:\\\/\\\/cklcomunicaciones.es\\\/coop\\\/noticias-info-ckl-no-2679-06-05-22\\\/\",\"url\":\"https:\\\/\\\/cklcomunicaciones.es\\\/coop\\\/noticias-info-ckl-no-2679-06-05-22\\\/\",\"name\":\"Noticias Info CKL n\u00ba 2679-06\\\/05\\\/22 -Comunicar con perspectiva de g\u00e9nero\",\"isPartOf\":{\"@id\":\"https:\\\/\\\/cklcomunicaciones.es\\\/coop\\\/#website\"},\"primaryImageOfPage\":{\"@id\":\"https:\\\/\\\/cklcomunicaciones.es\\\/coop\\\/noticias-info-ckl-no-2679-06-05-22\\\/#primaryimage\"},\"image\":{\"@id\":\"https:\\\/\\\/cklcomunicaciones.es\\\/coop\\\/noticias-info-ckl-no-2679-06-05-22\\\/#primaryimage\"},\"thumbnailUrl\":\"https:\\\/\\\/cklcomunicaciones.es\\\/coop\\\/wp-content\\\/uploads\\\/2025\\\/01\\\/CKL-una-mirada-distinta-de-la-comunicacion.jpg\",\"datePublished\":\"2022-05-06T11:41:34+00:00\",\"dateModified\":\"2025-02-09T09:41:42+00:00\",\"author\":{\"@id\":\"https:\\\/\\\/cklcomunicaciones.es\\\/coop\\\/#\\\/schema\\\/person\\\/929a6837f7626450bbb50cee1aef266e\"},\"description\":\"Noticias Info CKL n\u00ba 2679-06\\\/05\\\/22 Lina G\u00e1lvez eurodiputada: La UE debe proteger a mujeres y ni\u00f1as ucranianas de la violencia sexual como arma de guerra * S\u00f3lo el 28,6% de las explotaciones agrarias espa\u00f1olas tienen como jefa a una mujer * Carmen Linares y Mar\u00eda Pag\u00e9s Premios Princesa de Asturias de las Artes 2022\",\"breadcrumb\":{\"@id\":\"https:\\\/\\\/cklcomunicaciones.es\\\/coop\\\/noticias-info-ckl-no-2679-06-05-22\\\/#breadcrumb\"},\"inLanguage\":\"es\",\"potentialAction\":[{\"@type\":\"ReadAction\",\"target\":[\"https:\\\/\\\/cklcomunicaciones.es\\\/coop\\\/noticias-info-ckl-no-2679-06-05-22\\\/\"]}]},{\"@type\":\"ImageObject\",\"inLanguage\":\"es\",\"@id\":\"https:\\\/\\\/cklcomunicaciones.es\\\/coop\\\/noticias-info-ckl-no-2679-06-05-22\\\/#primaryimage\",\"url\":\"https:\\\/\\\/cklcomunicaciones.es\\\/coop\\\/wp-content\\\/uploads\\\/2025\\\/01\\\/CKL-una-mirada-distinta-de-la-comunicacion.jpg\",\"contentUrl\":\"https:\\\/\\\/cklcomunicaciones.es\\\/coop\\\/wp-content\\\/uploads\\\/2025\\\/01\\\/CKL-una-mirada-distinta-de-la-comunicacion.jpg\",\"width\":1482,\"height\":775,\"caption\":\"CKL - una mirada distinta de la comunicacion\"},{\"@type\":\"BreadcrumbList\",\"@id\":\"https:\\\/\\\/cklcomunicaciones.es\\\/coop\\\/noticias-info-ckl-no-2679-06-05-22\\\/#breadcrumb\",\"itemListElement\":[{\"@type\":\"ListItem\",\"position\":1,\"name\":\"Portada\",\"item\":\"https:\\\/\\\/cklcomunicaciones.es\\\/coop\\\/\"},{\"@type\":\"ListItem\",\"position\":2,\"name\":\"Noticias Info CKL n\u00ba 2679-06\\\/05\\\/22\"}]},{\"@type\":\"WebSite\",\"@id\":\"https:\\\/\\\/cklcomunicaciones.es\\\/coop\\\/#website\",\"url\":\"https:\\\/\\\/cklcomunicaciones.es\\\/coop\\\/\",\"name\":\"CKL Comunicaciones\",\"description\":\"Sitio web de CKL Comunicaciones coop , la consultora de comunicaci\u00f3n y estrategia\",\"potentialAction\":[{\"@type\":\"SearchAction\",\"target\":{\"@type\":\"EntryPoint\",\"urlTemplate\":\"https:\\\/\\\/cklcomunicaciones.es\\\/coop\\\/?s={search_term_string}\"},\"query-input\":{\"@type\":\"PropertyValueSpecification\",\"valueRequired\":true,\"valueName\":\"search_term_string\"}}],\"inLanguage\":\"es\"},{\"@type\":\"Person\",\"@id\":\"https:\\\/\\\/cklcomunicaciones.es\\\/coop\\\/#\\\/schema\\\/person\\\/929a6837f7626450bbb50cee1aef266e\",\"name\":\"ckl\",\"image\":{\"@type\":\"ImageObject\",\"inLanguage\":\"es\",\"@id\":\"https:\\\/\\\/secure.gravatar.com\\\/avatar\\\/c82db564e8a669bf6023357a157b9dc4780f4d4c618f2ad1d71a6a5dede45057?s=96&d=mm&r=g\",\"url\":\"https:\\\/\\\/secure.gravatar.com\\\/avatar\\\/c82db564e8a669bf6023357a157b9dc4780f4d4c618f2ad1d71a6a5dede45057?s=96&d=mm&r=g\",\"contentUrl\":\"https:\\\/\\\/secure.gravatar.com\\\/avatar\\\/c82db564e8a669bf6023357a157b9dc4780f4d4c618f2ad1d71a6a5dede45057?s=96&d=mm&r=g\",\"caption\":\"ckl\"},\"url\":\"https:\\\/\\\/cklcomunicaciones.es\\\/coop\\\/author\\\/cklcomunicaciones\\\/\"}]}<\/script>\n<!-- \/ Yoast SEO plugin. -->","yoast_head_json":{"title":"Noticias Info CKL n\u00ba 2679-06\/05\/22 -Comunicar con perspectiva de g\u00e9nero","description":"Noticias Info CKL n\u00ba 2679-06\/05\/22 Lina G\u00e1lvez eurodiputada: La UE debe proteger a mujeres y ni\u00f1as ucranianas de la violencia sexual como arma de guerra * S\u00f3lo el 28,6% de las explotaciones agrarias espa\u00f1olas tienen como jefa a una mujer * Carmen Linares y Mar\u00eda Pag\u00e9s Premios Princesa de Asturias de las Artes 2022","robots":{"index":"index","follow":"follow","max-snippet":"max-snippet:-1","max-image-preview":"max-image-preview:large","max-video-preview":"max-video-preview:-1"},"canonical":"https:\/\/cklcomunicaciones.es\/coop\/noticias-info-ckl-no-2679-06-05-22\/","og_locale":"es_ES","og_type":"article","og_title":"Noticias Info CKL n\u00ba 2679-06\/05\/22 -Comunicar con perspectiva de g\u00e9nero","og_description":"Noticias Info CKL n\u00ba 2679-06\/05\/22 Lina G\u00e1lvez eurodiputada: La UE debe proteger a mujeres y ni\u00f1as ucranianas de la violencia sexual como arma de guerra * S\u00f3lo el 28,6% de las explotaciones agrarias espa\u00f1olas tienen como jefa a una mujer * Carmen Linares y Mar\u00eda Pag\u00e9s Premios Princesa de Asturias de las Artes 2022","og_url":"https:\/\/cklcomunicaciones.es\/coop\/noticias-info-ckl-no-2679-06-05-22\/","og_site_name":"CKL Comunicaciones","article_published_time":"2022-05-06T11:41:34+00:00","article_modified_time":"2025-02-09T09:41:42+00:00","og_image":[{"width":1482,"height":775,"url":"https:\/\/cklcomunicaciones.es\/coop\/wp-content\/uploads\/2025\/01\/CKL-una-mirada-distinta-de-la-comunicacion.jpg","type":"image\/jpeg"}],"author":"ckl","twitter_card":"summary_large_image","twitter_misc":{"Escrito por":"ckl","Tiempo de lectura":"5 minutos"},"schema":{"@context":"https:\/\/schema.org","@graph":[{"@type":"Article","@id":"https:\/\/cklcomunicaciones.es\/coop\/noticias-info-ckl-no-2679-06-05-22\/#article","isPartOf":{"@id":"https:\/\/cklcomunicaciones.es\/coop\/noticias-info-ckl-no-2679-06-05-22\/"},"author":{"name":"ckl","@id":"https:\/\/cklcomunicaciones.es\/coop\/#\/schema\/person\/929a6837f7626450bbb50cee1aef266e"},"headline":"Noticias Info CKL n\u00ba 2679-06\/05\/22","datePublished":"2022-05-06T11:41:34+00:00","dateModified":"2025-02-09T09:41:42+00:00","mainEntityOfPage":{"@id":"https:\/\/cklcomunicaciones.es\/coop\/noticias-info-ckl-no-2679-06-05-22\/"},"wordCount":1124,"image":{"@id":"https:\/\/cklcomunicaciones.es\/coop\/noticias-info-ckl-no-2679-06-05-22\/#primaryimage"},"thumbnailUrl":"https:\/\/cklcomunicaciones.es\/coop\/wp-content\/uploads\/2025\/01\/CKL-una-mirada-distinta-de-la-comunicacion.jpg","keywords":["violencia sexual"],"articleSection":["Newsletter","Nwl v3.0"],"inLanguage":"es"},{"@type":"WebPage","@id":"https:\/\/cklcomunicaciones.es\/coop\/noticias-info-ckl-no-2679-06-05-22\/","url":"https:\/\/cklcomunicaciones.es\/coop\/noticias-info-ckl-no-2679-06-05-22\/","name":"Noticias Info CKL n\u00ba 2679-06\/05\/22 -Comunicar con perspectiva de g\u00e9nero","isPartOf":{"@id":"https:\/\/cklcomunicaciones.es\/coop\/#website"},"primaryImageOfPage":{"@id":"https:\/\/cklcomunicaciones.es\/coop\/noticias-info-ckl-no-2679-06-05-22\/#primaryimage"},"image":{"@id":"https:\/\/cklcomunicaciones.es\/coop\/noticias-info-ckl-no-2679-06-05-22\/#primaryimage"},"thumbnailUrl":"https:\/\/cklcomunicaciones.es\/coop\/wp-content\/uploads\/2025\/01\/CKL-una-mirada-distinta-de-la-comunicacion.jpg","datePublished":"2022-05-06T11:41:34+00:00","dateModified":"2025-02-09T09:41:42+00:00","author":{"@id":"https:\/\/cklcomunicaciones.es\/coop\/#\/schema\/person\/929a6837f7626450bbb50cee1aef266e"},"description":"Noticias Info CKL n\u00ba 2679-06\/05\/22 Lina G\u00e1lvez eurodiputada: La UE debe proteger a mujeres y ni\u00f1as ucranianas de la violencia sexual como arma de guerra * S\u00f3lo el 28,6% de las explotaciones agrarias espa\u00f1olas tienen como jefa a una mujer * Carmen Linares y Mar\u00eda Pag\u00e9s Premios Princesa de Asturias de las Artes 2022","breadcrumb":{"@id":"https:\/\/cklcomunicaciones.es\/coop\/noticias-info-ckl-no-2679-06-05-22\/#breadcrumb"},"inLanguage":"es","potentialAction":[{"@type":"ReadAction","target":["https:\/\/cklcomunicaciones.es\/coop\/noticias-info-ckl-no-2679-06-05-22\/"]}]},{"@type":"ImageObject","inLanguage":"es","@id":"https:\/\/cklcomunicaciones.es\/coop\/noticias-info-ckl-no-2679-06-05-22\/#primaryimage","url":"https:\/\/cklcomunicaciones.es\/coop\/wp-content\/uploads\/2025\/01\/CKL-una-mirada-distinta-de-la-comunicacion.jpg","contentUrl":"https:\/\/cklcomunicaciones.es\/coop\/wp-content\/uploads\/2025\/01\/CKL-una-mirada-distinta-de-la-comunicacion.jpg","width":1482,"height":775,"caption":"CKL - una mirada distinta de la comunicacion"},{"@type":"BreadcrumbList","@id":"https:\/\/cklcomunicaciones.es\/coop\/noticias-info-ckl-no-2679-06-05-22\/#breadcrumb","itemListElement":[{"@type":"ListItem","position":1,"name":"Portada","item":"https:\/\/cklcomunicaciones.es\/coop\/"},{"@type":"ListItem","position":2,"name":"Noticias Info CKL n\u00ba 2679-06\/05\/22"}]},{"@type":"WebSite","@id":"https:\/\/cklcomunicaciones.es\/coop\/#website","url":"https:\/\/cklcomunicaciones.es\/coop\/","name":"CKL Comunicaciones","description":"Sitio web de CKL Comunicaciones coop , la consultora de comunicaci\u00f3n y estrategia","potentialAction":[{"@type":"SearchAction","target":{"@type":"EntryPoint","urlTemplate":"https:\/\/cklcomunicaciones.es\/coop\/?s={search_term_string}"},"query-input":{"@type":"PropertyValueSpecification","valueRequired":true,"valueName":"search_term_string"}}],"inLanguage":"es"},{"@type":"Person","@id":"https:\/\/cklcomunicaciones.es\/coop\/#\/schema\/person\/929a6837f7626450bbb50cee1aef266e","name":"ckl","image":{"@type":"ImageObject","inLanguage":"es","@id":"https:\/\/secure.gravatar.com\/avatar\/c82db564e8a669bf6023357a157b9dc4780f4d4c618f2ad1d71a6a5dede45057?s=96&d=mm&r=g","url":"https:\/\/secure.gravatar.com\/avatar\/c82db564e8a669bf6023357a157b9dc4780f4d4c618f2ad1d71a6a5dede45057?s=96&d=mm&r=g","contentUrl":"https:\/\/secure.gravatar.com\/avatar\/c82db564e8a669bf6023357a157b9dc4780f4d4c618f2ad1d71a6a5dede45057?s=96&d=mm&r=g","caption":"ckl"},"url":"https:\/\/cklcomunicaciones.es\/coop\/author\/cklcomunicaciones\/"}]}},"_links":{"self":[{"href":"https:\/\/cklcomunicaciones.es\/coop\/wp-json\/wp\/v2\/posts\/16291","targetHints":{"allow":["GET"]}}],"collection":[{"href":"https:\/\/cklcomunicaciones.es\/coop\/wp-json\/wp\/v2\/posts"}],"about":[{"href":"https:\/\/cklcomunicaciones.es\/coop\/wp-json\/wp\/v2\/types\/post"}],"author":[{"embeddable":true,"href":"https:\/\/cklcomunicaciones.es\/coop\/wp-json\/wp\/v2\/users\/3"}],"replies":[{"embeddable":true,"href":"https:\/\/cklcomunicaciones.es\/coop\/wp-json\/wp\/v2\/comments?post=16291"}],"version-history":[{"count":0,"href":"https:\/\/cklcomunicaciones.es\/coop\/wp-json\/wp\/v2\/posts\/16291\/revisions"}],"wp:featuredmedia":[{"embeddable":true,"href":"https:\/\/cklcomunicaciones.es\/coop\/wp-json\/wp\/v2\/media\/22909"}],"wp:attachment":[{"href":"https:\/\/cklcomunicaciones.es\/coop\/wp-json\/wp\/v2\/media?parent=16291"}],"wp:term":[{"taxonomy":"category","embeddable":true,"href":"https:\/\/cklcomunicaciones.es\/coop\/wp-json\/wp\/v2\/categories?post=16291"},{"taxonomy":"post_tag","embeddable":true,"href":"https:\/\/cklcomunicaciones.es\/coop\/wp-json\/wp\/v2\/tags?post=16291"}],"curies":[{"name":"wp","href":"https:\/\/api.w.org\/{rel}","templated":true}]}}