{"id":16101,"date":"2022-03-28T14:45:01","date_gmt":"2022-03-28T12:45:01","guid":{"rendered":"https:\/\/www.cklcomunicaciones.es\/?p=16101"},"modified":"2025-02-09T11:49:36","modified_gmt":"2025-02-09T10:49:36","slug":"noticias-info-ckl-no-2671-28-03-22","status":"publish","type":"post","link":"https:\/\/cklcomunicaciones.es\/coop\/noticias-info-ckl-no-2671-28-03-22\/","title":{"rendered":"Noticias Info CKL n\u00ba 2671-28\/03\/22"},"content":{"rendered":"<div class=\"fusion-fullwidth fullwidth-box fusion-builder-row-1 fusion-flex-container nonhundred-percent-fullwidth non-hundred-percent-height-scrolling\" style=\"--awb-border-radius-top-left:0px;--awb-border-radius-top-right:0px;--awb-border-radius-bottom-right:0px;--awb-border-radius-bottom-left:0px;--awb-flex-wrap:wrap;\" ><div class=\"fusion-builder-row fusion-row fusion-flex-align-items-flex-start fusion-flex-content-wrap\" style=\"max-width:1248px;margin-left: calc(-4% \/ 2 );margin-right: calc(-4% \/ 2 );\"><div class=\"fusion-layout-column fusion_builder_column fusion-builder-column-0 fusion_builder_column_1_1 1_1 fusion-flex-column\" style=\"--awb-bg-blend:overlay;--awb-bg-size:cover;--awb-width-large:100%;--awb-margin-top-large:0px;--awb-spacing-right-large:1.92%;--awb-margin-bottom-large:0px;--awb-spacing-left-large:1.92%;--awb-width-medium:100%;--awb-spacing-right-medium:1.92%;--awb-spacing-left-medium:1.92%;--awb-width-small:100%;--awb-spacing-right-small:1.92%;--awb-spacing-left-small:1.92%;\"><div class=\"fusion-column-wrapper fusion-flex-justify-content-flex-start fusion-content-layout-column\"><div class=\"fusion-text fusion-text-1\"><div id=\"\" class=\"lsow-panel lsow-active\">\n<h1 class=\"lsow-panel-title\">Convocatorias<\/h1>\n<div class=\"lsow-panel-content\">\n<ul>\n<li>Webinario \u00abConvivencia y Cultura de Paz a ambos lados del Estrecho de Gibraltar\u00bb 6 y 7 de abril. Organiza ACPP Andaluc\u00eda y la Agencia Andaluza de Cooperaci\u00f3n Internacional para el Desarrollo. <a href=\"https:\/\/forms.gle\/eets2tgUxa5vgf3v7\">Inscripci\u00f3n<\/a><\/li>\n<li>Charla debate con Isabel Segura, presidenta ejecutiva de Fundaci\u00f3n Grupo Set &#8211; Sevilla, 29 de marzo a partir de las 19h en el Centro C\u00edvico La Buhaira<\/li>\n<\/ul>\n<\/div>\n<\/div>\n<div id=\"\" class=\"lsow-panel lsow-active\">\n<h1 class=\"lsow-panel-title\">Comunicaci\u00f3n, Publicidad y TICs<\/h1>\n<div class=\"lsow-panel-content\">\n<p><a class=\"title\" href=\"https:\/\/www.rtve.es\/play\/videos\/rtve-igualdad\/13-mujeres-hacen-propuestas-igualdad-rtve-programa-defensora-audiencia\/6466094\/\" target=\"_blank\" rel=\"noopener\" data-artpy=\"0\" data-author=\"RTVE\">13 mujeres hacen propuestas de igualdad a RTVE en el programa de la Defensora de la Audiencia<\/a>-rtve<br \/>\n<a class=\"title\" href=\"https:\/\/elpais.com\/babelia\/2022-03-26\/balas-para-todas-periodismo-de-guerra-que-no-olvida-a-las-mujeres.html\" target=\"_blank\" rel=\"noopener\" data-artpy=\"0\" data-author=\"EL PA\u00cdS\">\u2018Balas para todas\u2019, periodismo de guerra que no olvida a las mujeres<\/a>-elpais<br \/>\n<a class=\"title\" href=\"https:\/\/www.msn.com\/es-es\/news\/tecnologia\/estas-son-las-mujeres-m-c3-a1s-influyentes-en-la-historia-de-la-tecnolog-c3-ada\/ar-AAVwvw9?ocid=BingNewsSearch\" target=\"_blank\" rel=\"noopener\" data-artpy=\"0\" data-author=\"ComputerHoy.com on MSN.com\">Estas son las mujeres m\u00e1s influyentes en la historia de la tecnolog\u00eda<\/a>-computerhoy<br \/>\n<a href=\"https:\/\/www.google.com\/url?rct=j&amp;sa=t&amp;url=https:\/\/www.diariosigloxxi.com\/texto-s\/mostrar\/449830\/parlamento-europeo-espera-terminar-semestre-autentico-disparate-fiscalidad-gigantes-digitales&amp;ct=ga&amp;cd=CAEYACoTOTEzNjY2MDM4NTU5MTI1Njg1NjIZMWZhYTM2NGQzZDExMjIxYjplczplczpFUw&amp;usg=AFQjCNF6oe7VDOUy_X23CTzgIY5b8kI6OA\" target=\"_blank\" rel=\"noopener\" data-saferedirecturl=\"https:\/\/www.google.com\/url?q=https:\/\/www.google.com\/url?rct%3Dj%26sa%3Dt%26url%3Dhttps:\/\/www.diariosigloxxi.com\/texto-s\/mostrar\/449830\/parlamento-europeo-espera-terminar-semestre-autentico-disparate-fiscalidad-gigantes-digitales%26ct%3Dga%26cd%3DCAEYACoTOTEzNjY2MDM4NTU5MTI1Njg1NjIZMWZhYTM2NGQzZDExMjIxYjplczplczpFUw%26usg%3DAFQjCNF6oe7VDOUy_X23CTzgIY5b8kI6OA&amp;source=gmail&amp;ust=1648555269479000&amp;usg=AOvVaw07AYvXQOIRsk5LLUTpOw3E\">El Parlamento Europeo espera terminar este semestre con \u201cel aut\u00e9ntico disparate\u201d de la &#8230;-\u00a0<\/a><a>Diario Siglo XXI<\/a><\/p>\n<\/div>\n<\/div>\n<div id=\"\" class=\"lsow-panel lsow-active\">\n<h1 class=\"lsow-panel-title\">Andaluc\u00eda<\/h1>\n<div class=\"lsow-panel-content\">\n<p><strong>Econom\u00eda y Empresas<br \/>\n<\/strong><a href=\"https:\/\/www.eldiario.es\/andalucia\/economia\/mayor-empresa-publica-andalucia-incumple-plan-igualdad-conciliacion-teletrabajo-medio-ambiente_1_8842917.html\">La mayor empresa p\u00fablica andaluza incumple su plan de igualdad en materia de conciliaci\u00f3n y teletrabajo<\/a>-eldiario<br \/>\n<a title=\"Crespo defiende que la nueva PAC reconozca al olivar como \" href=\"https:\/\/www.juntadeandalucia.es\/presidencia\/portavoz\/tierraymar\/170581\/Aceite\/olivar\/medioambiente\/agricultura\/ganaderia\/PAC\/Europa\/costes\/Andalucia\/Granada\/premio\/AOVE\/calidad\/promocion\/salud\/sostenibilidad\/sabor\">Crespo defiende que la nueva PAC reconozca al olivar como \u00abecoesquema per se\u00bb por su valor medioambiental<\/a>-juntadeandalucia<strong><br \/>\n<\/strong><a title=\"Roc\u00edo Ruiz destaca el proceso de modernizaci\u00f3n y digitalizaci\u00f3n de los servicios sociales en Andaluc\u00eda\" href=\"https:\/\/www.juntadeandalucia.es\/presidencia\/portavoz\/social\/170611\/RocioRuiz\/PoliticasSociales\/ServiciosSociales\/Tecnosocial\">Roc\u00edo Ruiz destaca el proceso de modernizaci\u00f3n y digitalizaci\u00f3n de los servicios sociales en Andaluc\u00eda<\/a>-juntadeandalucia<strong><br \/>\n<\/strong><a class=\"title\" href=\"https:\/\/www.diariosur.es\/andalucia\/junta-activa-plan-20220328000819-ntvo.html\" target=\"_blank\" rel=\"noopener\" data-artpy=\"0\" data-author=\"SUR\">La Junta activa un plan de captaci\u00f3n de talento para impulsar la innovaci\u00f3n<\/a>-Sur<br \/>\n<a class=\"title\" href=\"https:\/\/www.juntadeandalucia.es\/presidencia\/portavoz\/170571\/rocio\/ruiz\/inaugura\/malaga\/feria\/tecnosocial\" target=\"_blank\" rel=\"noopener\" data-artpy=\"0\" data-author=\"juntadeandalucia.es\">Roc\u00edo Ruiz inaugura en M\u00e1laga la Feria Tecnosocial 2022<\/a>-juntadeandalucia<br \/>\n<a class=\"title\" href=\"https:\/\/fly-news.es\/industria\/salones\/adm-la-feria-del-sector-aeroespacial-celebra-sexta-edicion-sevilla-vuelve-presencial\/\" target=\"_blank\" rel=\"noopener\" data-artpy=\"0\" data-author=\"Fly news\">ADM, la feria del sector aeroespacial, celebra su sexta edici\u00f3n en Sevilla y vuelve a ser presencial<\/a>-flynews<strong><br \/>\n<\/strong><\/p>\n<p><strong>Actualidad<\/strong><br \/>\n<a class=\"title\" href=\"https:\/\/www.lavozdelsur.es\/la-voz-seleccion\/entrevistas\/amparo-rubiales-moderacion-moreno-bonilla-es-simplemente-habla-bajito_274315_102.html\" target=\"_blank\" rel=\"noopener\" data-artpy=\"0\" data-author=\"lavozdelsur\">Amparo Rubiales: \u00abLa moderaci\u00f3n de Moreno Bonilla es simplemente que habla bajito\u00bb<\/a>-lavozdelsur<br \/>\n<a class=\"title\" href=\"https:\/\/www.msn.com\/es-es\/news\/espana\/andaluc-c3-ada-aplica-desde-este-lunes-las-nuevas-medidas-de-vigilancia-y-control-frente-a-la-covid-19\/ar-AAVzTUz?ocid=BingNewsSearch\" target=\"_blank\" rel=\"noopener\" data-artpy=\"0\" data-author=\"Europa Press on MSN.com\">Andaluc\u00eda aplica desde este lunes las nuevas medidas de vigilancia y control frente a la Covid-19<\/a>-europapress<strong><br \/>\n<\/strong><\/p>\n<p><strong>Violencias<br \/>\n<\/strong><a href=\"https:\/\/www.google.com\/url?rct=j&amp;sa=t&amp;url=https:\/\/www.cope.es\/actualidad\/sociedad\/noticias\/flor-torres-cuando-igualdad-exista-tendremos-violencia-genero-20220327_1993528&amp;ct=ga&amp;cd=CAEYACoTMzgyMDA0MTcyMjQ3NjI2NDMxMDIZZTFlNzdkMTU2MDk4YThlMzplczplczpFUw&amp;usg=AFQjCNFmG7FzT-I2NfCIhPhq0S0LG-oBOg\" target=\"_blank\" rel=\"noopener\" data-saferedirecturl=\"https:\/\/www.google.com\/url?q=https:\/\/www.google.com\/url?rct%3Dj%26sa%3Dt%26url%3Dhttps:\/\/www.cope.es\/actualidad\/sociedad\/noticias\/flor-torres-cuando-igualdad-exista-tendremos-violencia-genero-20220327_1993528%26ct%3Dga%26cd%3DCAEYACoTMzgyMDA0MTcyMjQ3NjI2NDMxMDIZZTFlNzdkMTU2MDk4YThlMzplczplczpFUw%26usg%3DAFQjCNFmG7FzT-I2NfCIhPhq0S0LG-oBOg&amp;source=gmail&amp;ust=1648549054102000&amp;usg=AOvVaw0OClkLt4IZV8hXGDZz00h9\">Flor de Torres, fiscal delegada de Andaluc\u00eda contra la Violencia a la mujer: \u00abCuando la igualdad exista, no tendremos violencia de g\u00e9nero\u00bb &#8211;<\/a><a>cope<br \/>\n<\/a><a class=\"title\" href=\"https:\/\/www.larazon.es\/andalucia\/20220328\/ndqs3b3fpfhb7m4cycl3e5jssu.html\" target=\"_blank\" rel=\"noopener\" data-artpy=\"0\" data-author=\"La Raz\u00f3n Digital\">Arranca el juicio contra los futbolistas Mina y Godar por agresi\u00f3n sexual a puerta cerrada<\/a>-larazon<a><br \/>\n<\/a><\/p>\n<p><strong>Ciencia y Cultura<br \/>\n<\/strong><a href=\"https:\/\/www.eldiario.es\/andalucia\/sostenibilidad\/millar-cientificos-espana-dan-voz-alarma-riesgo-donana-legalizacion-regadios_1_8858731.html\">Un millar de cient\u00edficos de toda Espa\u00f1a dan la voz de alarma sobre el riesgo para Do\u00f1ana de la legalizaci\u00f3n de regad\u00edos<\/a>-eldiario<br \/>\n<a title=\"Artesan\u00eda para la recuperaci\u00f3n de las v\u00edctimas de violencia de g\u00e9nero\" href=\"https:\/\/www.juntadeandalucia.es\/presidencia\/portavoz\/social\/170465\/IAM\/Mujer\/ViolenciadeGenero\/Victimas\/Artesania\/Formacion\">Artesan\u00eda para la recuperaci\u00f3n de las v\u00edctimas de violencia de g\u00e9nero<\/a>-juntadeandalucia<br \/>\n<a class=\"title\" href=\"https:\/\/www.diariodejerez.es\/jerez\/vinos-jerez\/mujer-jerez_0_1669034097.html\" target=\"_blank\" rel=\"noopener\" data-artpy=\"0\" data-author=\"Diario de Jerez\">La mujer y el jerez<\/a>-diariodejerez<br \/>\n<a class=\"title\" href=\"https:\/\/www.cope.es\/actualidad\/espana\/noticias\/iznajar-celebra-octava-edicion-urban-knitting-que-rinde-homenaje-mujeres-del-mundo-del-arte-20220327_1994042\" target=\"_blank\" rel=\"noopener\" data-artpy=\"0\" data-author=\"COPE\">Izn\u00e1jar celebra la octava edici\u00f3n de su &#8216;Urban knitting&#8217; que rinde homenaje a mujeres del mundo del arte<\/a>-cope<br \/>\n<a class=\"title\" href=\"https:\/\/www.diariodecadiz.es\/elpuerto\/Todas-mujeres-misma-mujer_0_1669033575.html\" target=\"_blank\" rel=\"noopener\" data-artpy=\"0\" data-author=\"Diario de C\u00e1diz\">Todas las mujeres somos la misma mujer\u00bb<\/a>-diariodecadiz<br \/>\n<a href=\"https:\/\/www.eldiario.es\/andalucia\/lacajanegra\/cinco-lobitos-utama-ganan-biznaga-oro-mejores-peliculas-malaga_1_8864527.html\">&#8216;Cinco lobitos&#8217; y &#8216;Utama&#8217; ganan la Biznaga de Oro a las mejores pel\u00edculas en M\u00e1laga<\/a>-eldiario<\/p>\n<p><strong>Deporte<br \/>\n<\/strong><a class=\"title\" href=\"https:\/\/andaluciainformacion.es\/ronda\/1038914\/carlos-gallego-y-carmen-gutierrez-se-imponen-en-la-popular-parque-infanta-de-sevilla\/\" target=\"_blank\" rel=\"noopener\" data-artpy=\"0\" data-author=\"Andaluc\u00eda Informaci\u00f3n\">Carmen Guti\u00e9rrez se impone en la Popular Parque Infanta de Sevilla-\u00a0<\/a>andaluciainformacion<\/p>\n<\/div>\n<\/div>\n<div id=\"\" class=\"lsow-panel lsow-active\">\n<h1 class=\"lsow-panel-title\">Estado<\/h1>\n<div class=\"lsow-panel-content\">\n<p><strong>Institucional \u2013 CCAA<br \/>\n<\/strong><a class=\"title\" href=\"https:\/\/www.lanzadigital.com\/provincia\/la-fundacion-globalcaja-y-afammer-impulsan-la-insercion-laboral-y-el-emprendimiento-de-la-mujer-rural\/\" target=\"_blank\" rel=\"noopener\" data-artpy=\"0\" data-author=\"Lanza Digital\">La Fundaci\u00f3n Globalcaja y AFAMMER impulsan la inserci\u00f3n laboral y el emprendimiento de la mujer rural<\/a>-lanza<br \/>\n<a class=\"title\" href=\"https:\/\/rtvc.es\/se-crea-un-protocolo-de-atencion-para-mujeres-con-mutilacion-genital\/\" target=\"_blank\" rel=\"noopener\" data-artpy=\"0\" data-author=\"RTVC\">Sanidad crea un protocolo de atenci\u00f3n para mujeres que han sufrido mutilaci\u00f3n genital<\/a>-rtvc<br \/>\n<a class=\"title\" href=\"https:\/\/www.canarias7.es\/sociedad\/sanidad-elabora-protocolo-20220325112946-nt.html\" target=\"_blank\" rel=\"noopener\" data-artpy=\"0\" data-author=\"Canarias7\">Canarias crea un plan de atenci\u00f3n gineco-obst\u00e9trica para mujeres migrantes<\/a>-canarias7<strong><br \/>\n<\/strong><\/p>\n<p><strong>Econom\u00eda y Empresa<\/strong><br \/>\n<a class=\"title\" href=\"https:\/\/www.msn.com\/es-es\/finance\/noticias\/yolanda-d-c3-adaz-defiende-las-medidas-anunciadas-por-s-c3-a1nchez-y-advierte-hay-erte-no-se-puede-despedir\/ar-AAVzTc4?ocid=BingNewsSearch\" target=\"_blank\" rel=\"noopener\" data-artpy=\"0\" data-author=\"P\u00fablico on MSN.com\">Yolanda D\u00edaz defiende las medidas anunciadas por S\u00e1nchez y advierte: \u00abHay ERTE, no se puede despedir\u00bb<\/a>-publico<br \/>\n<a class=\"title\" href=\"https:\/\/www.msn.com\/es-es\/dinero\/empresas\/las-mujeres-son-el-22percent-de-la-alta-direcci%C3%B3n-del-ibex\/ar-AAVyFyt?ocid=BingNewsSearch\" target=\"_blank\" rel=\"noopener\" data-artpy=\"0\" data-author=\"MSN\">Las mujeres son el 22% de la alta direcci\u00f3n del Ibex<\/a>-msn<strong><br \/>\n<\/strong><a class=\"title\" href=\"https:\/\/www.msn.com\/es-es\/finance\/formacion-empleo\/las-mujeres-reivindican-su-presencia-a-pie-de-obra\/ar-AAVz8v7?ocid=BingNewsSearch\" target=\"_blank\" rel=\"noopener\" data-artpy=\"0\" data-author=\"EL PA\u00cdS on MSN.com\">Las mujeres reivindican su presencia a pie de obra<\/a>-elpais<br \/>\n<a class=\"title\" href=\"https:\/\/www.elperiodicoextremadura.com\/economia\/2022\/03\/28\/78-reducciones-jornada-cuidados-covid-64361324.html\" target=\"_blank\" rel=\"noopener\" data-artpy=\"0\" data-author=\"El Peri\u00f3dico Extremadura\" data-bm=\"65\">El 78% de las reducciones de jornada por cuidados covid las asumieron las mujeres<\/a>-elperiodicodeextremadura<br \/>\n<a class=\"title\" href=\"https:\/\/noticiasbancarias.com\/economia-y-finanzas\/27\/03\/2022\/women-in-banking-busca-concienciar-el-valor-de-la-mujer-en-la-banca-espanola\/255486.html\" target=\"_blank\" rel=\"noopener\" data-artpy=\"0\" data-author=\"Noticias bancarias\">Women in Banking\u2019 busca concienciar el valor de la mujer en la banca espa\u00f1ola<\/a>-noticiasbancarias<br \/>\n<a class=\"title\" href=\"https:\/\/www.eleconomista.es\/ecoaula\/noticias\/11689260\/03\/22\/Aula-Magna-Business-School-impulsa-cursos-de-formacion-para-que-las-mujeres-accedan-a-cargos-directivos.html\" target=\"_blank\" rel=\"noopener\" data-artpy=\"0\" data-author=\"elEconomista\">Aula Magna Business School impulsa cursos de formaci\u00f3n para que las mujeres accedan a cargos directivos<\/a>-eleconomista<br \/>\n<a class=\"title\" href=\"https:\/\/www.ideal.es\/sociedad\/nuevo-complemento-pension-jubilados-20220328105832-nt.html\" target=\"_blank\" rel=\"noopener\" data-artpy=\"0\" data-author=\"ideal\">Jubilaciones y pensiones El nuevo complemento a la pensi\u00f3n de hasta 112 euros al mes para mujeres<\/a><\/p>\n<p><strong>Actualidad<br \/>\n<\/strong><a class=\"title\" href=\"https:\/\/www.consalud.es\/pacientes\/anorexia-embarazo-abordaje_112251_102.html\" target=\"_blank\" rel=\"noopener\" data-artpy=\"0\" data-author=\"consalud.es\">La anorexia en el embarazo afecta a una de cada 200 mujeres, \u00bfc\u00f3mo abordarlo?<\/a>-consalud<br \/>\n<a class=\"title\" href=\"https:\/\/es.noticias.yahoo.com\/consumo-analg%C3%A9sicos-opioides-superior-mujeres-100933415.html\" target=\"_blank\" rel=\"noopener\" data-artpy=\"0\" data-author=\"Yahoo Noticias Espa\u00f1a\">El consumo de analg\u00e9sicos opioides es superior en las mujeres y en barrios pobres<\/a>-yahoo<br \/>\n<a href=\"https:\/\/elpais.com\/educacion\/2022-03-25\/los-estereotipos-de-genero-persisten-en-la-escuela.html\">\u201cLos estereotipos de g\u00e9nero persisten en la escuela\u201d<\/a>-elpais<\/p>\n<p><strong>Violencias<br \/>\n<\/strong><a href=\"https:\/\/www.google.com\/url?rct=j&amp;sa=t&amp;url=https:\/\/elpais.com\/sociedad\/2022-03-28\/el-coche-como-arma-contra-las-mujeres-perseguir-retener-dentro-o-acelerar-para-intimidar-tambien-es-violencia.html&amp;ct=ga&amp;cd=CAEYACoTNTgwMDcxMjM4MjUxOTkzODA4ODIZZTJkZWZhN2Q1ZGE5MTU3ZDplczplczpFUw&amp;usg=AFQjCNFIyIrk6mIxXPU-b6PwMWiGmD999w\" target=\"_blank\" rel=\"noopener\" data-saferedirecturl=\"https:\/\/www.google.com\/url?q=https:\/\/www.google.com\/url?rct%3Dj%26sa%3Dt%26url%3Dhttps:\/\/elpais.com\/sociedad\/2022-03-28\/el-coche-como-arma-contra-las-mujeres-perseguir-retener-dentro-o-acelerar-para-intimidar-tambien-es-violencia.html%26ct%3Dga%26cd%3DCAEYACoTNTgwMDcxMjM4MjUxOTkzODA4ODIZZTJkZWZhN2Q1ZGE5MTU3ZDplczplczpFUw%26usg%3DAFQjCNFIyIrk6mIxXPU-b6PwMWiGmD999w&amp;source=gmail&amp;ust=1648549049764000&amp;usg=AOvVaw3wdsmmqfu_mI40p7tlJug9\">El coche como arma contra las mujeres: perseguir, retener dentro o acelerar para intimidar &#8230;-\u00a0<\/a><a>elpais<\/a><\/p>\n<p><strong>Ciencia y Cultura<br \/>\n<\/strong><a class=\"title\" href=\"https:\/\/www.infolibre.es\/igualdad\/mujeres-explican-cosas-auge-voces-femeninas-cultura_1_1223599.html\" target=\"_blank\" rel=\"noopener\" data-artpy=\"0\" data-author=\"infolibre.es\">Las mujeres (por fin) nos explican cosas o c\u00f3mo las voces femeninas se hacen hueco en la cultura<\/a>-infolibre<br \/>\n<a class=\"title\" href=\"https:\/\/www.noticiasdenavarra.com\/cultura\/2022\/03\/28\/chanel-duena-actos-mujer-empoderada\/1243882.html\" target=\"_blank\" rel=\"noopener\" data-artpy=\"0\" data-author=\"Noticias\">Chanel: \u00abSoy due\u00f1a de mis actos y una mujer empoderada\u00bb<\/a>-noticias<br \/>\n<a class=\"title\" href=\"https:\/\/www.lavozdegalicia.es\/noticia\/cultura\/2022\/03\/28\/rosaliapublica-lista-influencias-patti-smith-maria-callas-pasando-nina-pastori-bad-gyal-madonna\/00031648457674061184187.htm\" target=\"_blank\" rel=\"noopener\" data-artpy=\"0\" data-author=\"La Voz de Galicia\">Las mujeres que han influido a Rosal\u00eda: de Patti Smith a Mar\u00eda Callas, pasando por Ni\u00f1a Pastori, Bad Gyal y Madonna<\/a>-lavozdegalicia<br \/>\n<a class=\"title\" href=\"https:\/\/www.cambio16.com\/cuando-las-mujeres-protestaban-en-la-antigua-roma\/\" target=\"_blank\" rel=\"noopener\" data-artpy=\"0\" data-author=\"cambio16.com\">Cuando las mujeres protestaban en la Antigua Roma<\/a>-cambio16<br \/>\n<a class=\"title\" href=\"https:\/\/www.laopiniondezamora.es\/comarcas\/2022\/03\/28\/generacion-27-nombre-mujer-zamora-64342330.html\" target=\"_blank\" rel=\"noopener\" data-artpy=\"0\" data-author=\"laopiniondezamora.es\">La Generaci\u00f3n del 27 tiene nombre de mujer, en Zamora<\/a>-laopiniondezamora<br \/>\n<a class=\"title\" href=\"https:\/\/www.elimparcial.es\/noticia\/237143\/opinion\/mujeres-con-alma-espanola\/-iberoamericana.html\" target=\"_blank\" rel=\"noopener\" data-artpy=\"0\" data-author=\"El Imparcial\">Mujeres con alma espa\u00f1ola\/ iberoamericana<\/a>-elimparcial<strong><br \/>\n<\/strong><\/p>\n<p><strong>Deporte<br \/>\n<\/strong><a class=\"title\" href=\"https:\/\/www.cope.es\/deportes\/futbol\/futbol-femenino\/noticias\/sandra-panos-las-jugadoras-debemos-luchar-juntas-por-futbol-femenino-independientemente-del-escudo-20220328_1994945\" target=\"_blank\" rel=\"noopener\" data-artpy=\"0\" data-author=\"COPE\">Sandra Pa\u00f1os: \u00abLas jugadoras debemos luchar juntas por el f\u00fatbol femenino independientemente del escudo\u00bb<\/a>-cope<strong><br \/>\n<\/strong><a class=\"title\" href=\"https:\/\/www.teleprensa.com\/articulo\/deportes\/alianza-borrado-mujeres-pide-reunirse-iceta-tratar-eliminacion-sexo-ley-deporte\/202203281202471171831.html\" target=\"_blank\" rel=\"noopener\" data-artpy=\"0\" data-author=\"Tele Prensa\">Alianza contra el Borrado de Mujeres pide reunirse con Iceta para tratar la eliminaci\u00f3n del sexo en Ley Deporte<\/a>-teleprensa<br \/>\n<a href=\"https:\/\/www.eldiario.es\/catalunya\/coe-confirma-candidatura-conjunta-catalunya-aragon-jjoo-invierno-2030_1_8867471.html\">El COE confirma la candidatura conjunta de Catalunya y Arag\u00f3n a los JJOO de invierno 2030<\/a>-eldiario<br \/>\n<a href=\"https:\/\/elpais.com\/deportes\/2022-03-27\/el-perfumerias-avenida-extiende-su-dinastia-con-la-conquista-de-su-decima-copa-de-la-reina.html\">El Perfumer\u00edas Avenida extiende su dinast\u00eda con la conquista de su d\u00e9cima Copa de la Reina<\/a>-elpais<\/p>\n<\/div>\n<\/div>\n<div id=\"\" class=\"lsow-panel lsow-active\">\n<h1 class=\"lsow-panel-title\">Internacional<\/h1>\n<div class=\"lsow-panel-content\">\n<p><a class=\"title\" href=\"https:\/\/www.eldiario.es\/andalucia\/desdeelsur\/primera-mujer-negra-corte-suprema-eeuu_132_8859889.html\">La primera mujer negra en la Corte Suprema de EEUU<\/a>-eldiario<br \/>\n<a class=\"title\" href=\"https:\/\/www.mujerhoy.com\/actualidad\/mujeres-mas-polemicas-rusia-vladimir-putin-maria-zakharova-ejercito-rojo-propaganda-guerra-ucrania-20220327114359-nt.html\" target=\"_blank\" rel=\"noopener\" data-artpy=\"0\" data-author=\"Mujerhoy\">La armada roja de Vladimir Putin: las mujeres son el arma secreta (de la propaganda) de Rusia en la guerra de Ucrania<\/a>-mujerhoy<br \/>\n<a class=\"title\" href=\"https:\/\/laopinion.com\/2022\/03\/27\/la-mitad-de-las-mujeres-trabajadoras-de-color-en-ee-uu-ganan-menos-de-15-por-hora-segun-un-estudio\/\" target=\"_blank\" rel=\"noopener\" data-artpy=\"0\" data-author=\"La Opini\u00f3n\">La mitad de las mujeres trabajadoras de color en EE.UU. ganan menos de $15 por hora, seg\u00fan un estudio<\/a>-laoponion<br \/>\n<a class=\"title\" href=\"https:\/\/www.abc.es\/xlsemanal\/a-fondo\/ciberataque-eeuu-estados-unidos-joe-biden-anne-neuberger-delegada-seguridad-nacional-tecnologia-despacho-oval.html\" target=\"_blank\" rel=\"noopener\" data-artpy=\"0\" data-author=\"ABC\">La mujer que protege a EE.UU. de un ciberataque<\/a>-abc<br \/>\n<a class=\"title\" href=\"https:\/\/www.rfi.fr\/es\/m%C3%A1s-noticias\/20220328-talibanes-proh%C3%ADben-a-mujeres-afganas-viajar-en-avi%C3%B3n-solas\" target=\"_blank\" rel=\"noopener\" data-artpy=\"0\" data-author=\"RFI\">Talibanes proh\u00edben a mujeres afganas viajar en avi\u00f3n solas<\/a>-rfi<br \/>\n<a class=\"title\" href=\"https:\/\/www.abc.es\/familia\/mujeres\/abci-advierte-maltrato-sufren-mujeres-parto-insta-mejorar-atencion-centros-salud-202203270054_noticia.html\" target=\"_blank\" rel=\"noopener\" data-artpy=\"0\" data-author=\"ABC\">La OMS advierte del maltrato que sufren las mujeres en el parto e insta a mejorar la atenci\u00f3n en centros de salud<\/a>-abc<br \/>\n<a class=\"title\" href=\"https:\/\/www.telva.com\/cultura\/2022\/03\/28\/6241676301a2f173b88b4572.html\" target=\"_blank\" rel=\"noopener\" data-artpy=\"0\" data-author=\"Telva\">Premios Oscar 2022: una ganadora por sorpresa, chistes feministas y bofet\u00f3n al canto<\/a>-telva<br \/>\n<a class=\"title\" href=\"https:\/\/www.diariohuarpe.com\/nota\/agnes-varda-inaugura-el-ciclo-de-peliculas-mujeres-en-plano-en-el-museo-franklin-rawson-202232717570\" target=\"_blank\" rel=\"noopener\" data-artpy=\"0\" data-author=\"Diario Huarpe\">Agn\u00e8s Varda inaugura el ciclo de pel\u00edculas \u00abMujeres en Plano\u00bb en el Museo Franklin Rawson<\/a>-diariohuarpe<br \/>\n<a class=\"title\" href=\"https:\/\/www.trendencias.com\/cine\/joya-oculta-oscars-este-corto-documental-luisa-harris-estrella-invisivilizada-baloncesto\" target=\"_blank\" rel=\"noopener\" data-artpy=\"0\" data-author=\"Moda\">La joya oculta de los Oscars es este corto documental sobre la \u00fanica mujer seleccionada para la NBA por un equipo masculino (y lo puedes ver aqu\u00ed)<\/a>-moda<br \/>\n<a class=\"title\" href=\"https:\/\/www.msn.com\/es-es\/health\/other\/sube-tu-selfie-sudado-con-23thisisforme-y-gana-un-viaje-a-la-carrera-de-la-mujer-asics-de-viena\/ar-AAVzlH2?ocid=BingNewsSearch\" target=\"_blank\" rel=\"noopener\" data-artpy=\"0\" data-author=\"Sportlife on MSN.com\">Sube tu selfie sudado con #ThisIsForMe y gana un viaje a La Carrera de la Mujer ASICS de Viena<\/a>-sportlife<\/p>\n<\/div>\n<\/div>\n<\/div><\/div><\/div><\/div><\/div>\n","protected":false},"excerpt":{"rendered":"<p>Las mujeres son el 22% de la alta direcci\u00f3n del Ibex * Los estereotipos de g\u00e9nero persisten en la escuela * OMS advierte del maltrato que sufren las mujeres en el parto * Cinco lobitos de Alauda Ruiz de Azua Biznaga de Oro en M\u00e1laga *  Perfumer\u00edas Avenida conquista su 10\u00aa Copa de la Reina<\/p>\n","protected":false},"author":3,"featured_media":22909,"comment_status":"closed","ping_status":"closed","sticky":false,"template":"","format":"standard","meta":{"footnotes":""},"categories":[298,621],"tags":[163,112,125,80,96,289,128],"class_list":["post-16101","post","type-post","status-publish","format-standard","has-post-thumbnail","hentry","category-newsletter","category-nwl-3-0","tag-educacion","tag-estereotipos","tag-ibex35","tag-igualdad-de-genero","tag-mujeres","tag-parto","tag-violencia"],"yoast_head":"<!-- This site is optimized with the Yoast SEO plugin v27.5 - https:\/\/yoast.com\/product\/yoast-seo-wordpress\/ -->\n<title>Noticias Info CKL n\u00ba 2670-25\/03\/22 -Comunicar con perspectiva de g\u00e9nero<\/title>\n<meta name=\"description\" content=\"Noticias Info CKL n\u00ba 2671-28\/03\/22 Las mujeres son el 22% de la alta direcci\u00f3n del Ibex * Los estereotipos de g\u00e9nero persisten en la escuela * OMS advierte del maltrato que sufren las mujeres en el parto * Cinco lobitos de Alauda Ruiz de Azua Biznaga de Oro en M\u00e1laga * Perfumer\u00edas Avenida conquista su 10\u00aa Copa de la Reina\" \/>\n<meta name=\"robots\" content=\"index, follow, max-snippet:-1, max-image-preview:large, max-video-preview:-1\" \/>\n<link rel=\"canonical\" href=\"https:\/\/cklcomunicaciones.es\/coop\/noticias-info-ckl-no-2671-28-03-22\/\" \/>\n<meta property=\"og:locale\" content=\"es_ES\" \/>\n<meta property=\"og:type\" content=\"article\" \/>\n<meta property=\"og:title\" content=\"Noticias Info CKL n\u00ba 2670-25\/03\/22 -Comunicar con perspectiva de g\u00e9nero\" \/>\n<meta property=\"og:description\" content=\"Noticias Info CKL n\u00ba 2671-28\/03\/22 Las mujeres son el 22% de la alta direcci\u00f3n del Ibex * Los estereotipos de g\u00e9nero persisten en la escuela * OMS advierte del maltrato que sufren las mujeres en el parto * Cinco lobitos de Alauda Ruiz de Azua Biznaga de Oro en M\u00e1laga * Perfumer\u00edas Avenida conquista su 10\u00aa Copa de la Reina\" \/>\n<meta property=\"og:url\" content=\"https:\/\/cklcomunicaciones.es\/coop\/noticias-info-ckl-no-2671-28-03-22\/\" \/>\n<meta property=\"og:site_name\" content=\"CKL Comunicaciones\" \/>\n<meta property=\"article:published_time\" content=\"2022-03-28T12:45:01+00:00\" \/>\n<meta property=\"article:modified_time\" content=\"2025-02-09T10:49:36+00:00\" \/>\n<meta property=\"og:image\" content=\"https:\/\/cklcomunicaciones.es\/coop\/wp-content\/uploads\/2025\/01\/CKL-una-mirada-distinta-de-la-comunicacion.jpg\" \/>\n\t<meta property=\"og:image:width\" content=\"1482\" \/>\n\t<meta property=\"og:image:height\" content=\"775\" \/>\n\t<meta property=\"og:image:type\" content=\"image\/jpeg\" \/>\n<meta name=\"author\" content=\"ckl\" \/>\n<meta name=\"twitter:card\" content=\"summary_large_image\" \/>\n<meta name=\"twitter:label1\" content=\"Escrito por\" \/>\n\t<meta name=\"twitter:data1\" content=\"ckl\" \/>\n\t<meta name=\"twitter:label2\" content=\"Tiempo de lectura\" \/>\n\t<meta name=\"twitter:data2\" content=\"6 minutos\" \/>\n<script type=\"application\/ld+json\" class=\"yoast-schema-graph\">{\"@context\":\"https:\\\/\\\/schema.org\",\"@graph\":[{\"@type\":\"Article\",\"@id\":\"https:\\\/\\\/cklcomunicaciones.es\\\/coop\\\/noticias-info-ckl-no-2671-28-03-22\\\/#article\",\"isPartOf\":{\"@id\":\"https:\\\/\\\/cklcomunicaciones.es\\\/coop\\\/noticias-info-ckl-no-2671-28-03-22\\\/\"},\"author\":{\"name\":\"ckl\",\"@id\":\"https:\\\/\\\/cklcomunicaciones.es\\\/coop\\\/#\\\/schema\\\/person\\\/929a6837f7626450bbb50cee1aef266e\"},\"headline\":\"Noticias Info CKL n\u00ba 2671-28\\\/03\\\/22\",\"datePublished\":\"2022-03-28T12:45:01+00:00\",\"dateModified\":\"2025-02-09T10:49:36+00:00\",\"mainEntityOfPage\":{\"@id\":\"https:\\\/\\\/cklcomunicaciones.es\\\/coop\\\/noticias-info-ckl-no-2671-28-03-22\\\/\"},\"wordCount\":1094,\"image\":{\"@id\":\"https:\\\/\\\/cklcomunicaciones.es\\\/coop\\\/noticias-info-ckl-no-2671-28-03-22\\\/#primaryimage\"},\"thumbnailUrl\":\"https:\\\/\\\/cklcomunicaciones.es\\\/coop\\\/wp-content\\\/uploads\\\/2025\\\/01\\\/CKL-una-mirada-distinta-de-la-comunicacion.jpg\",\"keywords\":[\"educaci\u00f3n\",\"estereotipos\",\"Ibex35\",\"Igualdad de g\u00e9nero\",\"mujeres\",\"parto\",\"violencia\"],\"articleSection\":[\"Newsletter\",\"Nwl v3.0\"],\"inLanguage\":\"es\"},{\"@type\":\"WebPage\",\"@id\":\"https:\\\/\\\/cklcomunicaciones.es\\\/coop\\\/noticias-info-ckl-no-2671-28-03-22\\\/\",\"url\":\"https:\\\/\\\/cklcomunicaciones.es\\\/coop\\\/noticias-info-ckl-no-2671-28-03-22\\\/\",\"name\":\"Noticias Info CKL n\u00ba 2670-25\\\/03\\\/22 -Comunicar con perspectiva de g\u00e9nero\",\"isPartOf\":{\"@id\":\"https:\\\/\\\/cklcomunicaciones.es\\\/coop\\\/#website\"},\"primaryImageOfPage\":{\"@id\":\"https:\\\/\\\/cklcomunicaciones.es\\\/coop\\\/noticias-info-ckl-no-2671-28-03-22\\\/#primaryimage\"},\"image\":{\"@id\":\"https:\\\/\\\/cklcomunicaciones.es\\\/coop\\\/noticias-info-ckl-no-2671-28-03-22\\\/#primaryimage\"},\"thumbnailUrl\":\"https:\\\/\\\/cklcomunicaciones.es\\\/coop\\\/wp-content\\\/uploads\\\/2025\\\/01\\\/CKL-una-mirada-distinta-de-la-comunicacion.jpg\",\"datePublished\":\"2022-03-28T12:45:01+00:00\",\"dateModified\":\"2025-02-09T10:49:36+00:00\",\"author\":{\"@id\":\"https:\\\/\\\/cklcomunicaciones.es\\\/coop\\\/#\\\/schema\\\/person\\\/929a6837f7626450bbb50cee1aef266e\"},\"description\":\"Noticias Info CKL n\u00ba 2671-28\\\/03\\\/22 Las mujeres son el 22% de la alta direcci\u00f3n del Ibex * Los estereotipos de g\u00e9nero persisten en la escuela * OMS advierte del maltrato que sufren las mujeres en el parto * Cinco lobitos de Alauda Ruiz de Azua Biznaga de Oro en M\u00e1laga * Perfumer\u00edas Avenida conquista su 10\u00aa Copa de la Reina\",\"breadcrumb\":{\"@id\":\"https:\\\/\\\/cklcomunicaciones.es\\\/coop\\\/noticias-info-ckl-no-2671-28-03-22\\\/#breadcrumb\"},\"inLanguage\":\"es\",\"potentialAction\":[{\"@type\":\"ReadAction\",\"target\":[\"https:\\\/\\\/cklcomunicaciones.es\\\/coop\\\/noticias-info-ckl-no-2671-28-03-22\\\/\"]}]},{\"@type\":\"ImageObject\",\"inLanguage\":\"es\",\"@id\":\"https:\\\/\\\/cklcomunicaciones.es\\\/coop\\\/noticias-info-ckl-no-2671-28-03-22\\\/#primaryimage\",\"url\":\"https:\\\/\\\/cklcomunicaciones.es\\\/coop\\\/wp-content\\\/uploads\\\/2025\\\/01\\\/CKL-una-mirada-distinta-de-la-comunicacion.jpg\",\"contentUrl\":\"https:\\\/\\\/cklcomunicaciones.es\\\/coop\\\/wp-content\\\/uploads\\\/2025\\\/01\\\/CKL-una-mirada-distinta-de-la-comunicacion.jpg\",\"width\":1482,\"height\":775,\"caption\":\"CKL - una mirada distinta de la comunicacion\"},{\"@type\":\"BreadcrumbList\",\"@id\":\"https:\\\/\\\/cklcomunicaciones.es\\\/coop\\\/noticias-info-ckl-no-2671-28-03-22\\\/#breadcrumb\",\"itemListElement\":[{\"@type\":\"ListItem\",\"position\":1,\"name\":\"Portada\",\"item\":\"https:\\\/\\\/cklcomunicaciones.es\\\/coop\\\/\"},{\"@type\":\"ListItem\",\"position\":2,\"name\":\"Noticias Info CKL n\u00ba 2671-28\\\/03\\\/22\"}]},{\"@type\":\"WebSite\",\"@id\":\"https:\\\/\\\/cklcomunicaciones.es\\\/coop\\\/#website\",\"url\":\"https:\\\/\\\/cklcomunicaciones.es\\\/coop\\\/\",\"name\":\"CKL Comunicaciones\",\"description\":\"Sitio web de CKL Comunicaciones coop , la consultora de comunicaci\u00f3n y estrategia\",\"potentialAction\":[{\"@type\":\"SearchAction\",\"target\":{\"@type\":\"EntryPoint\",\"urlTemplate\":\"https:\\\/\\\/cklcomunicaciones.es\\\/coop\\\/?s={search_term_string}\"},\"query-input\":{\"@type\":\"PropertyValueSpecification\",\"valueRequired\":true,\"valueName\":\"search_term_string\"}}],\"inLanguage\":\"es\"},{\"@type\":\"Person\",\"@id\":\"https:\\\/\\\/cklcomunicaciones.es\\\/coop\\\/#\\\/schema\\\/person\\\/929a6837f7626450bbb50cee1aef266e\",\"name\":\"ckl\",\"image\":{\"@type\":\"ImageObject\",\"inLanguage\":\"es\",\"@id\":\"https:\\\/\\\/secure.gravatar.com\\\/avatar\\\/c82db564e8a669bf6023357a157b9dc4780f4d4c618f2ad1d71a6a5dede45057?s=96&d=mm&r=g\",\"url\":\"https:\\\/\\\/secure.gravatar.com\\\/avatar\\\/c82db564e8a669bf6023357a157b9dc4780f4d4c618f2ad1d71a6a5dede45057?s=96&d=mm&r=g\",\"contentUrl\":\"https:\\\/\\\/secure.gravatar.com\\\/avatar\\\/c82db564e8a669bf6023357a157b9dc4780f4d4c618f2ad1d71a6a5dede45057?s=96&d=mm&r=g\",\"caption\":\"ckl\"},\"url\":\"https:\\\/\\\/cklcomunicaciones.es\\\/coop\\\/author\\\/cklcomunicaciones\\\/\"}]}<\/script>\n<!-- \/ Yoast SEO plugin. -->","yoast_head_json":{"title":"Noticias Info CKL n\u00ba 2670-25\/03\/22 -Comunicar con perspectiva de g\u00e9nero","description":"Noticias Info CKL n\u00ba 2671-28\/03\/22 Las mujeres son el 22% de la alta direcci\u00f3n del Ibex * Los estereotipos de g\u00e9nero persisten en la escuela * OMS advierte del maltrato que sufren las mujeres en el parto * Cinco lobitos de Alauda Ruiz de Azua Biznaga de Oro en M\u00e1laga * Perfumer\u00edas Avenida conquista su 10\u00aa Copa de la Reina","robots":{"index":"index","follow":"follow","max-snippet":"max-snippet:-1","max-image-preview":"max-image-preview:large","max-video-preview":"max-video-preview:-1"},"canonical":"https:\/\/cklcomunicaciones.es\/coop\/noticias-info-ckl-no-2671-28-03-22\/","og_locale":"es_ES","og_type":"article","og_title":"Noticias Info CKL n\u00ba 2670-25\/03\/22 -Comunicar con perspectiva de g\u00e9nero","og_description":"Noticias Info CKL n\u00ba 2671-28\/03\/22 Las mujeres son el 22% de la alta direcci\u00f3n del Ibex * Los estereotipos de g\u00e9nero persisten en la escuela * OMS advierte del maltrato que sufren las mujeres en el parto * Cinco lobitos de Alauda Ruiz de Azua Biznaga de Oro en M\u00e1laga * Perfumer\u00edas Avenida conquista su 10\u00aa Copa de la Reina","og_url":"https:\/\/cklcomunicaciones.es\/coop\/noticias-info-ckl-no-2671-28-03-22\/","og_site_name":"CKL Comunicaciones","article_published_time":"2022-03-28T12:45:01+00:00","article_modified_time":"2025-02-09T10:49:36+00:00","og_image":[{"width":1482,"height":775,"url":"https:\/\/cklcomunicaciones.es\/coop\/wp-content\/uploads\/2025\/01\/CKL-una-mirada-distinta-de-la-comunicacion.jpg","type":"image\/jpeg"}],"author":"ckl","twitter_card":"summary_large_image","twitter_misc":{"Escrito por":"ckl","Tiempo de lectura":"6 minutos"},"schema":{"@context":"https:\/\/schema.org","@graph":[{"@type":"Article","@id":"https:\/\/cklcomunicaciones.es\/coop\/noticias-info-ckl-no-2671-28-03-22\/#article","isPartOf":{"@id":"https:\/\/cklcomunicaciones.es\/coop\/noticias-info-ckl-no-2671-28-03-22\/"},"author":{"name":"ckl","@id":"https:\/\/cklcomunicaciones.es\/coop\/#\/schema\/person\/929a6837f7626450bbb50cee1aef266e"},"headline":"Noticias Info CKL n\u00ba 2671-28\/03\/22","datePublished":"2022-03-28T12:45:01+00:00","dateModified":"2025-02-09T10:49:36+00:00","mainEntityOfPage":{"@id":"https:\/\/cklcomunicaciones.es\/coop\/noticias-info-ckl-no-2671-28-03-22\/"},"wordCount":1094,"image":{"@id":"https:\/\/cklcomunicaciones.es\/coop\/noticias-info-ckl-no-2671-28-03-22\/#primaryimage"},"thumbnailUrl":"https:\/\/cklcomunicaciones.es\/coop\/wp-content\/uploads\/2025\/01\/CKL-una-mirada-distinta-de-la-comunicacion.jpg","keywords":["educaci\u00f3n","estereotipos","Ibex35","Igualdad de g\u00e9nero","mujeres","parto","violencia"],"articleSection":["Newsletter","Nwl v3.0"],"inLanguage":"es"},{"@type":"WebPage","@id":"https:\/\/cklcomunicaciones.es\/coop\/noticias-info-ckl-no-2671-28-03-22\/","url":"https:\/\/cklcomunicaciones.es\/coop\/noticias-info-ckl-no-2671-28-03-22\/","name":"Noticias Info CKL n\u00ba 2670-25\/03\/22 -Comunicar con perspectiva de g\u00e9nero","isPartOf":{"@id":"https:\/\/cklcomunicaciones.es\/coop\/#website"},"primaryImageOfPage":{"@id":"https:\/\/cklcomunicaciones.es\/coop\/noticias-info-ckl-no-2671-28-03-22\/#primaryimage"},"image":{"@id":"https:\/\/cklcomunicaciones.es\/coop\/noticias-info-ckl-no-2671-28-03-22\/#primaryimage"},"thumbnailUrl":"https:\/\/cklcomunicaciones.es\/coop\/wp-content\/uploads\/2025\/01\/CKL-una-mirada-distinta-de-la-comunicacion.jpg","datePublished":"2022-03-28T12:45:01+00:00","dateModified":"2025-02-09T10:49:36+00:00","author":{"@id":"https:\/\/cklcomunicaciones.es\/coop\/#\/schema\/person\/929a6837f7626450bbb50cee1aef266e"},"description":"Noticias Info CKL n\u00ba 2671-28\/03\/22 Las mujeres son el 22% de la alta direcci\u00f3n del Ibex * Los estereotipos de g\u00e9nero persisten en la escuela * OMS advierte del maltrato que sufren las mujeres en el parto * Cinco lobitos de Alauda Ruiz de Azua Biznaga de Oro en M\u00e1laga * Perfumer\u00edas Avenida conquista su 10\u00aa Copa de la Reina","breadcrumb":{"@id":"https:\/\/cklcomunicaciones.es\/coop\/noticias-info-ckl-no-2671-28-03-22\/#breadcrumb"},"inLanguage":"es","potentialAction":[{"@type":"ReadAction","target":["https:\/\/cklcomunicaciones.es\/coop\/noticias-info-ckl-no-2671-28-03-22\/"]}]},{"@type":"ImageObject","inLanguage":"es","@id":"https:\/\/cklcomunicaciones.es\/coop\/noticias-info-ckl-no-2671-28-03-22\/#primaryimage","url":"https:\/\/cklcomunicaciones.es\/coop\/wp-content\/uploads\/2025\/01\/CKL-una-mirada-distinta-de-la-comunicacion.jpg","contentUrl":"https:\/\/cklcomunicaciones.es\/coop\/wp-content\/uploads\/2025\/01\/CKL-una-mirada-distinta-de-la-comunicacion.jpg","width":1482,"height":775,"caption":"CKL - una mirada distinta de la comunicacion"},{"@type":"BreadcrumbList","@id":"https:\/\/cklcomunicaciones.es\/coop\/noticias-info-ckl-no-2671-28-03-22\/#breadcrumb","itemListElement":[{"@type":"ListItem","position":1,"name":"Portada","item":"https:\/\/cklcomunicaciones.es\/coop\/"},{"@type":"ListItem","position":2,"name":"Noticias Info CKL n\u00ba 2671-28\/03\/22"}]},{"@type":"WebSite","@id":"https:\/\/cklcomunicaciones.es\/coop\/#website","url":"https:\/\/cklcomunicaciones.es\/coop\/","name":"CKL Comunicaciones","description":"Sitio web de CKL Comunicaciones coop , la consultora de comunicaci\u00f3n y estrategia","potentialAction":[{"@type":"SearchAction","target":{"@type":"EntryPoint","urlTemplate":"https:\/\/cklcomunicaciones.es\/coop\/?s={search_term_string}"},"query-input":{"@type":"PropertyValueSpecification","valueRequired":true,"valueName":"search_term_string"}}],"inLanguage":"es"},{"@type":"Person","@id":"https:\/\/cklcomunicaciones.es\/coop\/#\/schema\/person\/929a6837f7626450bbb50cee1aef266e","name":"ckl","image":{"@type":"ImageObject","inLanguage":"es","@id":"https:\/\/secure.gravatar.com\/avatar\/c82db564e8a669bf6023357a157b9dc4780f4d4c618f2ad1d71a6a5dede45057?s=96&d=mm&r=g","url":"https:\/\/secure.gravatar.com\/avatar\/c82db564e8a669bf6023357a157b9dc4780f4d4c618f2ad1d71a6a5dede45057?s=96&d=mm&r=g","contentUrl":"https:\/\/secure.gravatar.com\/avatar\/c82db564e8a669bf6023357a157b9dc4780f4d4c618f2ad1d71a6a5dede45057?s=96&d=mm&r=g","caption":"ckl"},"url":"https:\/\/cklcomunicaciones.es\/coop\/author\/cklcomunicaciones\/"}]}},"_links":{"self":[{"href":"https:\/\/cklcomunicaciones.es\/coop\/wp-json\/wp\/v2\/posts\/16101","targetHints":{"allow":["GET"]}}],"collection":[{"href":"https:\/\/cklcomunicaciones.es\/coop\/wp-json\/wp\/v2\/posts"}],"about":[{"href":"https:\/\/cklcomunicaciones.es\/coop\/wp-json\/wp\/v2\/types\/post"}],"author":[{"embeddable":true,"href":"https:\/\/cklcomunicaciones.es\/coop\/wp-json\/wp\/v2\/users\/3"}],"replies":[{"embeddable":true,"href":"https:\/\/cklcomunicaciones.es\/coop\/wp-json\/wp\/v2\/comments?post=16101"}],"version-history":[{"count":0,"href":"https:\/\/cklcomunicaciones.es\/coop\/wp-json\/wp\/v2\/posts\/16101\/revisions"}],"wp:featuredmedia":[{"embeddable":true,"href":"https:\/\/cklcomunicaciones.es\/coop\/wp-json\/wp\/v2\/media\/22909"}],"wp:attachment":[{"href":"https:\/\/cklcomunicaciones.es\/coop\/wp-json\/wp\/v2\/media?parent=16101"}],"wp:term":[{"taxonomy":"category","embeddable":true,"href":"https:\/\/cklcomunicaciones.es\/coop\/wp-json\/wp\/v2\/categories?post=16101"},{"taxonomy":"post_tag","embeddable":true,"href":"https:\/\/cklcomunicaciones.es\/coop\/wp-json\/wp\/v2\/tags?post=16101"}],"curies":[{"name":"wp","href":"https:\/\/api.w.org\/{rel}","templated":true}]}}