{"id":16016,"date":"2022-03-25T11:00:36","date_gmt":"2022-03-25T10:00:36","guid":{"rendered":"https:\/\/www.cklcomunicaciones.es\/?p=16016"},"modified":"2025-02-09T11:55:49","modified_gmt":"2025-02-09T10:55:49","slug":"noticias-info-ckl-no-2670-25-03-22","status":"publish","type":"post","link":"https:\/\/cklcomunicaciones.es\/coop\/noticias-info-ckl-no-2670-25-03-22\/","title":{"rendered":"Noticias Info CKL n\u00ba 2670-25\/03\/22"},"content":{"rendered":"<div class=\"fusion-fullwidth fullwidth-box fusion-builder-row-1 fusion-flex-container nonhundred-percent-fullwidth non-hundred-percent-height-scrolling\" style=\"--awb-border-radius-top-left:0px;--awb-border-radius-top-right:0px;--awb-border-radius-bottom-right:0px;--awb-border-radius-bottom-left:0px;--awb-flex-wrap:wrap;\" ><div class=\"fusion-builder-row fusion-row fusion-flex-align-items-flex-start fusion-flex-content-wrap\" style=\"max-width:1248px;margin-left: calc(-4% \/ 2 );margin-right: calc(-4% \/ 2 );\"><div class=\"fusion-layout-column fusion_builder_column fusion-builder-column-0 fusion_builder_column_1_1 1_1 fusion-flex-column\" style=\"--awb-bg-blend:overlay;--awb-bg-size:cover;--awb-width-large:100%;--awb-margin-top-large:0px;--awb-spacing-right-large:1.92%;--awb-margin-bottom-large:0px;--awb-spacing-left-large:1.92%;--awb-width-medium:100%;--awb-spacing-right-medium:1.92%;--awb-spacing-left-medium:1.92%;--awb-width-small:100%;--awb-spacing-right-small:1.92%;--awb-spacing-left-small:1.92%;\"><div class=\"fusion-column-wrapper fusion-flex-justify-content-flex-start fusion-content-layout-column\"><div class=\"fusion-text fusion-text-1\"><div id=\"\" class=\"lsow-panel lsow-active\">\n<h1 class=\"lsow-panel-title\">Convocatorias<\/h1>\n<div class=\"lsow-panel-content\">\n<ul>\n<li lang=\"zxx\">Taller\u00a0&#8216;La gesti\u00f3n asociativa desde la perspectiva de g\u00e9nero&#8217;.\u00a0Centro de Formaci\u00f3n Feminista Carmen de Burgos del Instituto Andaluz de la Mujer.\u00a04, 5, 18 y 19 de abril de 17:00 a 19:00 h.\u00a0<a href=\"https:\/\/forms.gle\/xum8s62gWYSYMaZE6\" target=\"_blank\" rel=\"noopener\" data-saferedirecturl=\"https:\/\/www.google.com\/url?q=https:\/\/forms.gle\/xum8s62gWYSYMaZE6&amp;source=gmail&amp;ust=1648213972218000&amp;usg=AOvVaw1fuceqfeEeNUUN7LrOJQp_\">Inscripciones<\/a>\u00a0(plazas limitadas). M\u00e1s informaci\u00f3n:\u00a0<a href=\"mailto:cffcarmendeburgos.iam@gmail.com\" target=\"_blank\" rel=\"noopener\">cffcarmendeburgos.iam@gmail.<wbr \/>com<\/a><\/li>\n<li lang=\"zxx\">Club Audiovisual\u00a0en torno a &#8216;Fragmentos de una mujer&#8217;, de Korn\u00e9l Mundrucz\u00f3.\u00a0Centro de Formaci\u00f3n Feminista Carmen de Burgos del Instituto Andaluz de la Mujer.\u00a028 de abril a las 19:00\u00a0h.\u00a0<a href=\"https:\/\/forms.gle\/Vc1QYN5GEr2jpWBn6\" target=\"_blank\" rel=\"noopener\" data-saferedirecturl=\"https:\/\/www.google.com\/url?q=https:\/\/forms.gle\/Vc1QYN5GEr2jpWBn6&amp;source=gmail&amp;ust=1648213972218000&amp;usg=AOvVaw1-qKDQcWxrWDBz5EB231Dx\">Inscripciones<\/a>\u00a0(plazas limitadas). M\u00e1s informaci\u00f3n:\u00a0<a href=\"mailto:cffcarmendeburgos.iam@gmail.com\" target=\"_blank\" rel=\"noopener\">cffcarmendeburgos.iam@gmail.<wbr \/>com<\/a><\/li>\n<li>Curso sobre &#8216;Violencias contra las mujeres con discapacidad&#8217;. CERMI Andaluc\u00eda. 30 de marzo al 18 de abril.\u00a0<a href=\"https:\/\/docs.google.com\/forms\/d\/12G32pIWRmBjMLwtHU62QFmLOSu25pXtfvtKhRWW0kJ8\/viewform?edit_requested=true\" target=\"_blank\" rel=\"noopener\" data-saferedirecturl=\"https:\/\/www.google.com\/url?q=https:\/\/docs.google.com\/forms\/d\/12G32pIWRmBjMLwtHU62QFmLOSu25pXtfvtKhRWW0kJ8\/viewform?edit_requested%3Dtrue&amp;source=gmail&amp;ust=1648214013736000&amp;usg=AOvVaw0RiiB9-NU4FCjx0MVSaDkM\">Inscripciones<\/a>\u00a0(plazas limitadas)<\/li>\n<li><a href=\"https:\/\/aliciaamezcua.com\/taller-gratuito-mujeres-sanan\/\" target=\"_blank\" rel=\"noopener\" data-saferedirecturl=\"https:\/\/www.google.com\/url?q=https:\/\/aliciaamezcua.com\/taller-gratuito-mujeres-sanan\/&amp;source=gmail&amp;ust=1648214013736000&amp;usg=AOvVaw1jPtd10vgTy-dUoVxq4H1b\">Taller para mujeres &#8216;Mujeres que sanan, Mujeres que aman&#8217;<\/a>. Asociaci\u00f3n Azahar. Abierto el plazo de inscripci\u00f3n para el pr\u00f3ximo 6 de abril.\u00a0<a href=\"https:\/\/api.whatsapp.com\/send?phone=34653848382\" target=\"_blank\" rel=\"noopener\" data-saferedirecturl=\"https:\/\/www.google.com\/url?q=https:\/\/api.whatsapp.com\/send?phone%3D34653848382&amp;source=gmail&amp;ust=1648214013736000&amp;usg=AOvVaw3nf3ubL7TAMcPUvilJKGx_\">M\u00e1s informaci\u00f3n<\/a><\/li>\n<li><a href=\"http:\/\/www.centroandaluzdelafotografia.es\/esp\/es_63_acti_otras_detalle.php?id=329\" target=\"_blank\" rel=\"noopener\" data-saferedirecturl=\"https:\/\/www.google.com\/url?q=http:\/\/www.centroandaluzdelafotografia.es\/esp\/es_63_acti_otras_detalle.php?id%3D329&amp;source=gmail&amp;ust=1648214013737000&amp;usg=AOvVaw2yJszRkdg6Idr28oV5c5ct\">Proyecci\u00f3n de\u00a0<\/a><a href=\"http:\/\/www.centroandaluzdelafotografia.es\/esp\/es_63_acti_otras_detalle.php?id=329\" target=\"_blank\" rel=\"noopener\" data-saferedirecturl=\"https:\/\/www.google.com\/url?q=http:\/\/www.centroandaluzdelafotografia.es\/esp\/es_63_acti_otras_detalle.php?id%3D329&amp;source=gmail&amp;ust=1648214013737000&amp;usg=AOvVaw2yJszRkdg6Idr28oV5c5ct\"><span lang=\"zxx\">&#8216;Moonface. Una mujer en la guerra&#8217;<\/span><\/a><span lang=\"zxx\">[Dentro de la 2\u00aa ed. de Primer Plano]<\/span><span lang=\"zxx\">. Centro Andaluz de la Fotograf\u00eda.\u00a0<\/span><span lang=\"zxx\">5 de abril a las 19 h.<\/span><\/li>\n<li><a href=\"http:\/\/www.centroandaluzdelafotografia.es\/esp\/es_63_acti_otras_detalle.php?id=329\" target=\"_blank\" rel=\"noopener\" data-saferedirecturl=\"https:\/\/www.google.com\/url?q=http:\/\/www.centroandaluzdelafotografia.es\/esp\/es_63_acti_otras_detalle.php?id%3D329&amp;source=gmail&amp;ust=1648214013737000&amp;usg=AOvVaw2yJszRkdg6Idr28oV5c5ct\"><span lang=\"zxx\">Proyecci\u00f3n de\u00a0<\/span><span lang=\"zxx\">&#8216;<\/span><span lang=\"zxx\">La calle del agua<\/span><span lang=\"zxx\">&#8216;<\/span><\/a><span lang=\"zxx\">\u00a0<\/span><span lang=\"zxx\">[Dentro de la 2\u00aa ed. de Primer Plano]<\/span><span lang=\"zxx\">. Centro Andaluz de la Fotograf\u00eda.\u00a0<\/span><span lang=\"zxx\">5 de abril a las\u00a0<\/span><span lang=\"zxx\">20<\/span><span lang=\"zxx\">\u00a0h.<\/span><\/li>\n<\/ul>\n<\/div>\n<\/div>\n<div id=\"\" class=\"lsow-panel lsow-active\">\n<h1 class=\"lsow-panel-title\">Comunicaci\u00f3n, Publicidad y TICs<\/h1>\n<div class=\"lsow-panel-content\">\n<p><a href=\"https:\/\/www.google.com\/url?rct=j&amp;sa=t&amp;url=https:\/\/amecopress.net\/En-los-medios-de-comunicacion-todavia-opinan-mayoritariamente-ellos&amp;ct=ga&amp;cd=CAEYDioTNTAxNzg5MzYzOTA5ODM0NzU2MTIZYzAzNzJlYmMyZmVhZGE1OTplczplczpFUw&amp;usg=AFQjCNESRhiEFiFo-2CVJQIPwV7l3W669w\" target=\"_blank\" rel=\"noopener\" data-saferedirecturl=\"https:\/\/www.google.com\/url?q=https:\/\/www.google.com\/url?rct%3Dj%26sa%3Dt%26url%3Dhttps:\/\/amecopress.net\/En-los-medios-de-comunicacion-todavia-opinan-mayoritariamente-ellos%26ct%3Dga%26cd%3DCAEYDioTNTAxNzg5MzYzOTA5ODM0NzU2MTIZYzAzNzJlYmMyZmVhZGE1OTplczplczpFUw%26usg%3DAFQjCNESRhiEFiFo-2CVJQIPwV7l3W669w&amp;source=gmail&amp;ust=1648113864257000&amp;usg=AOvVaw3DAatmMWQ9dEamPBZ8jCNr\">En los medios de comunicaci\u00f3n todav\u00eda opinan mayoritariamente ellos\u00a0<\/a>&#8211;<a>Ameco Press<br \/>\n<\/a><a class=\"title\" href=\"https:\/\/www.20minutos.es\/mujer\/mas-mujer\/hay-que-terminar-con-la-desigualdad-en-el-deporte-femenino-a-todos-los-niveles-4975354\/\" target=\"_blank\" rel=\"noopener\" data-artpy=\"0\" data-author=\"20 minutos\">Paloma del R\u00edo, periodista, \u00abMe sienta fatal el estereotipo de mujer guap\u00edsima para hacer las entradillas desde un campo de f\u00fatbol\u00bb-<\/a><a>20minutos<\/a><a><br \/>\n<\/a><a class=\"title\" href=\"https:\/\/www.rtve.es\/rtve\/20220324\/rtve-responde-dedica-programa-marzo-igualdad-rtve\/2321940.shtml\" target=\"_blank\" rel=\"noopener\" data-artpy=\"0\" data-author=\"RTVE\">&#8216;RTVE Responde&#8217; dedica su programa de marzo a la igualdad en RTVE<\/a>-rtve<br \/>\n<a class=\"title\" href=\"https:\/\/www.msn.com\/es-es\/news\/internacional\/las-periodistas-ucranianas-se-reinventan-de-escribir-sobre-moda-a-ser-corresponsal-de-guerra\/ar-AAVseyT?ocid=BingNewsSearch\" target=\"_blank\" rel=\"noopener\" data-artpy=\"0\" data-author=\"ESPA\u00d1OL on MSN.com\">De escribir sobre moda a corresponsal de guerra: las periodistas ucranianas se reinventan por el conflicto<\/a>-elespa\u00f1ol<br \/>\n<a href=\"https:\/\/elpais.com\/cultura\/2022-03-24\/fotografos-de-23-paises-ganan-los-premios-world-press-photo-2022-repartidos-por-primera-vez-por-zonas-del-mundo.html\">Fot\u00f3grafos de 23 pa\u00edses ganan los premios World Press Photo 2022 repartidos por primera vez por zonas del mundo-\u00a0<\/a>elpais<\/p>\n<\/div>\n<\/div>\n<div id=\"\" class=\"lsow-panel lsow-active\">\n<h1 class=\"lsow-panel-title\">Andaluc\u00eda<\/h1>\n<div class=\"lsow-panel-content\">\n<p><strong>Institucional<br \/>\n<\/strong><a class=\"title\" href=\"https:\/\/www.msn.com\/es-es\/news\/espana\/el-parlamento-andaluz-aprueba-que-los-hu-c3-a9rfanos-de-la-violencia-machista-reciban-una-indemnizaci-c3-b3n\/ar-AAVsDBw?ocid=BingNewsSearch\" target=\"_blank\" rel=\"noopener\" data-artpy=\"0\" data-author=\"El Mundo on MSN.com\">El Parlamento andaluz aprueba que los hu\u00e9rfanos de la violencia machista reciban una indemnizaci\u00f3n<\/a>-elmundo<strong><br \/>\n<\/strong><\/p>\n<p><strong>Econom\u00eda y Empresas<br \/>\n<\/strong><a class=\"title\" href=\"https:\/\/elpais.com\/cultura\/2022-03-25\/maria-jesus-gualda-una-presidenta-comprometida-ganadera-vocacional-y-apasionada-de-las-reses-bravas.html\" target=\"_blank\" rel=\"noopener\" data-artpy=\"0\" data-author=\"EL PA\u00cdS\">Mar\u00eda Jes\u00fas Gualda, una presidenta comprometida, ganadera vocacional y apasionada de las reses bravas<\/a>-elpa\u00eds<strong><br \/>\n<\/strong><a class=\"title\" href=\"https:\/\/www.cope.es\/emisoras\/andalucia\/noticias\/famp-dedica-sexto-foro-virtual-junto-ema-rtv-proyecto-internisa-empoderamiento-las-mujeres-20220324_1990248\" target=\"_blank\" rel=\"noopener\" data-artpy=\"0\" data-author=\"COPE\">FAMP dedica su sexto Foro Virtual junto a EMA-RTV al proyecto INTERNISA y al empoderamiento de las mujeres-\u00a0<\/a>cope<strong><br \/>\n<\/strong><a href=\"https:\/\/www.google.com\/url?rct=j&amp;sa=t&amp;url=https:\/\/www.ideal.es\/jaen\/linares\/jornada-vincular-igualdad-20220322164719-nt.html&amp;ct=ga&amp;cd=CAEYAioUMTg0MTkzMjYzNzMzMzk0MjUwMjcyGWQ3OGU1ODc1YTBmMWYyYWM6ZXM6ZXM6RVM&amp;usg=AFQjCNGJdtnDbscH61Iwuez3dw6vXb64cw\" target=\"_blank\" rel=\"noopener\" data-saferedirecturl=\"https:\/\/www.google.com\/url?q=https:\/\/www.google.com\/url?rct%3Dj%26sa%3Dt%26url%3Dhttps:\/\/www.ideal.es\/jaen\/linares\/jornada-vincular-igualdad-20220322164719-nt.html%26ct%3Dga%26cd%3DCAEYAioUMTg0MTkzMjYzNzMzMzk0MjUwMjcyGWQ3OGU1ODc1YTBmMWYyYWM6ZXM6ZXM6RVM%26usg%3DAFQjCNGJdtnDbscH61Iwuez3dw6vXb64cw&amp;source=gmail&amp;ust=1648113866160000&amp;usg=AOvVaw05R0bGyhPN48JfeQitz2QR\">Una jornada para vincular igualdad con\u00a0econom\u00eda social\u00a0en Linares<\/a><strong>&#8211;<\/strong>ideal<br \/>\n<a title=\"Trece startups andaluzas arrancan su formaci\u00f3n y aceleraci\u00f3n en el Programa Minerva\" href=\"https:\/\/www.juntadeandalucia.es\/presidencia\/portavoz\/economiayempleo\/170483\/Economia\/ProgramaMinerva\/Startup\/Mentorizacion\/Emprendimiento\">Trece startups andaluzas arrancan su formaci\u00f3n y aceleraci\u00f3n en el Programa Minerva<\/a>-juntadeandalucia<strong><br \/>\n<\/strong><a href=\"https:\/\/www.google.com\/url?rct=j&amp;sa=t&amp;url=https:\/\/www.larinconada.es\/noticias\/11851\/nuria-lopez-marin-el-sindicalismo-de-clase-funciona-y-tiene-una-vertiente-social-que-apuesta-por-el-pais-en-los-momentos-mas-complicados-eso-si-es-ser-patriota&amp;ct=ga&amp;cd=CAEYAioTNjE2MTgzMDAyMTYzOTgyNzgxMzIZZDc4ZTU4NzVhMGYxZjJhYzplczplczpFUw&amp;usg=AFQjCNE7V-zsOOZjJKLnczw7Ls5xNbySuA\" target=\"_blank\" rel=\"noopener\" data-saferedirecturl=\"https:\/\/www.google.com\/url?q=https:\/\/www.google.com\/url?rct%3Dj%26sa%3Dt%26url%3Dhttps:\/\/www.larinconada.es\/noticias\/11851\/nuria-lopez-marin-el-sindicalismo-de-clase-funciona-y-tiene-una-vertiente-social-que-apuesta-por-el-pais-en-los-momentos-mas-complicados-eso-si-es-ser-patriota%26ct%3Dga%26cd%3DCAEYAioTNjE2MTgzMDAyMTYzOTgyNzgxMzIZZDc4ZTU4NzVhMGYxZjJhYzplczplczpFUw%26usg%3DAFQjCNE7V-zsOOZjJKLnczw7Ls5xNbySuA&amp;source=gmail&amp;ust=1648212184483000&amp;usg=AOvVaw1sNGc_o8Jj9pLdDwnyyZcI\">Nuria L\u00f3pez Mar\u00edn: \u201cEl sindicalismo de clase funciona y tiene una vertiente social que &#8230;-\u00a0<\/a><a>Ayuntamiento de La Rinconada<\/a><\/p>\n<p><strong>Actualidad<br \/>\n<\/strong><a href=\"https:\/\/www.google.com\/url?rct=j&amp;sa=t&amp;url=https:\/\/www.granadadigital.es\/diputacion-granada-distingue-compromiso-distintas-entidades-premios-igualdad-genero-2022\/&amp;ct=ga&amp;cd=CAEYFSoTOTAwNTg5MTY5MTk0ODYyMjU5MjIZZTJkZWZhN2Q1ZGE5MTU3ZDplczplczpFUw&amp;usg=AFQjCNHK19Y9Bba2aKfWh5wKVaKkXG76Yg\" target=\"_blank\" rel=\"noopener\" data-saferedirecturl=\"https:\/\/www.google.com\/url?hl=es&amp;q=https:\/\/www.google.com\/url?rct%3Dj%26sa%3Dt%26url%3Dhttps:\/\/www.granadadigital.es\/diputacion-granada-distingue-compromiso-distintas-entidades-premios-igualdad-genero-2022\/%26ct%3Dga%26cd%3DCAEYFSoTOTAwNTg5MTY5MTk0ODYyMjU5MjIZZTJkZWZhN2Q1ZGE5MTU3ZDplczplczpFUw%26usg%3DAFQjCNHK19Y9Bba2aKfWh5wKVaKkXG76Yg&amp;source=gmail&amp;ust=1648214265034000&amp;usg=AOvVaw2ivIXg5r0OYbqYfJ4MWiZy\">La Diputaci\u00f3n de Granada distingue el compromiso de distintas entidades con los Premios por la Igualdad de G\u00e9nero &#8230;-\u00a0<\/a><a>Granada Digital<br \/>\n<\/a><a href=\"https:\/\/www.google.com\/url?rct=j&amp;sa=t&amp;url=https:\/\/novapolis.es\/el-iam-impulsa-meraki-un-proyecto-piloto-de-formacion-en-artesania-para-victimas-de-violencia-de-genero\/&amp;ct=ga&amp;cd=CAEYGSoTMTQ0ODE3MjI3OTEyMDY3OTIxODIZNTlkNzgxNzEzNmEyZDAyODplczplczpFUw&amp;usg=AFQjCNG_FwFo7QROROlb6noEysKxLmXdwg\" target=\"_blank\" rel=\"noopener\" data-saferedirecturl=\"https:\/\/www.google.com\/url?q=https:\/\/www.google.com\/url?rct%3Dj%26sa%3Dt%26url%3Dhttps:\/\/novapolis.es\/el-iam-impulsa-meraki-un-proyecto-piloto-de-formacion-en-artesania-para-victimas-de-violencia-de-genero\/%26ct%3Dga%26cd%3DCAEYGSoTMTQ0ODE3MjI3OTEyMDY3OTIxODIZNTlkNzgxNzEzNmEyZDAyODplczplczpFUw%26usg%3DAFQjCNG_FwFo7QROROlb6noEysKxLmXdwg&amp;source=gmail&amp;ust=1648113866104000&amp;usg=AOvVaw1vUU-93y28pMkA-bXqktmh\">El IAM impulsa Meraki, un proyecto piloto de formaci\u00f3n en artesan\u00eda para v\u00edctimas de &#8230; &#8211;<\/a><a>Novapolis<br \/>\n<\/a><a href=\"https:\/\/www.google.com\/url?rct=j&amp;sa=t&amp;url=https:\/\/www.lavozdelsur.es\/opinion\/importancia-trabajar-igualdad_273927_102.html&amp;ct=ga&amp;cd=CAEYASoUMTc3MTg1OTQ1MTk0OTYwNDEzOTMyGzlhYjFjZGQ3ZTM2NmVmMzg6ZXM6ZXM6RVM6Ug&amp;usg=AFQjCNFDdGUP20g4l_koFRWL51gMT_TvAQ\" target=\"_blank\" rel=\"noopener\" data-saferedirecturl=\"https:\/\/www.google.com\/url?q=https:\/\/www.google.com\/url?rct%3Dj%26sa%3Dt%26url%3Dhttps:\/\/www.lavozdelsur.es\/opinion\/importancia-trabajar-igualdad_273927_102.html%26ct%3Dga%26cd%3DCAEYASoUMTc3MTg1OTQ1MTk0OTYwNDEzOTMyGzlhYjFjZGQ3ZTM2NmVmMzg6ZXM6ZXM6RVM6Ug%26usg%3DAFQjCNFDdGUP20g4l_koFRWL51gMT_TvAQ&amp;source=gmail&amp;ust=1648212184307000&amp;usg=AOvVaw1EUHnLr1EF9bpCGZ_Syfux\">La importancia de trabajar la igualdad &#8211;<\/a><a>lavozdelsur.es<br \/>\n<\/a><a href=\"https:\/\/www.google.com\/url?rct=j&amp;sa=t&amp;url=https:\/\/www.algecirasalminuto.es\/municipal\/algeciras-presente-en-la-jornada-para-la-cooperacion-de-entidades-y-personas-por-la-igualdad\/&amp;ct=ga&amp;cd=CAEYAioTMjg3MjI0MTMxMTU3MDk0ODU0NDIZNTlkNzgxNzEzNmEyZDAyODplczplczpFUw&amp;usg=AFQjCNHG6RhM2z3OIMY-TK1p8IbimNaAdA\" target=\"_blank\" rel=\"noopener\" data-saferedirecturl=\"https:\/\/www.google.com\/url?q=https:\/\/www.google.com\/url?rct%3Dj%26sa%3Dt%26url%3Dhttps:\/\/www.algecirasalminuto.es\/municipal\/algeciras-presente-en-la-jornada-para-la-cooperacion-de-entidades-y-personas-por-la-igualdad\/%26ct%3Dga%26cd%3DCAEYAioTMjg3MjI0MTMxMTU3MDk0ODU0NDIZNTlkNzgxNzEzNmEyZDAyODplczplczpFUw%26usg%3DAFQjCNHG6RhM2z3OIMY-TK1p8IbimNaAdA&amp;source=gmail&amp;ust=1648277867898000&amp;usg=AOvVaw0bdrSr55AeJwDWEpERo4z4\">Algeciras se implica en la cooperaci\u00f3n y la igualdad-\u00a0<\/a><a>Algeciras al Minuto<br \/>\n<\/a><a class=\"title\" href=\"https:\/\/cadiznoticias.es\/el-diagnostico-precoz-y-la-vacunacion-claves-para-frenar-el-cancer-de-cervix-en-las-mujeres-de-andalucia\/\" target=\"_blank\" rel=\"noopener\" data-artpy=\"0\" data-author=\"cadiznoticias\">El diagn\u00f3stico precoz y la vacunaci\u00f3n, claves para frenar el c\u00e1ncer de c\u00e9rvix en las mujeres de Andaluc\u00eda-\u00a0<\/a><a>cadiznoticias<br \/>\n<\/a><a href=\"https:\/\/www.google.com\/url?rct=j&amp;sa=t&amp;url=https:\/\/www.juntadeandalucia.es\/presidencia\/portavoz\/consejodegobierno\/170437\/ConsejodeGobierno\/Ucrania\/regugiados\/PlanAndaluciaconUcrania\/Andalucia\/JuntadeAndalucia\/GobiernodeAndalucia\/educacion\/salud\/atencionsocial&amp;ct=ga&amp;cd=CAEYHioTNTAxNzg5MzYzOTA5ODM0NzU2MTIZYzAzNzJlYmMyZmVhZGE1OTplczplczpFUw&amp;usg=AFQjCNEUJSGEmssXn6zVU0YIBDDc5_v4aQ\" target=\"_blank\" rel=\"noopener\" data-saferedirecturl=\"https:\/\/www.google.com\/url?hl=es&amp;q=https:\/\/www.google.com\/url?rct%3Dj%26sa%3Dt%26url%3Dhttps:\/\/www.juntadeandalucia.es\/presidencia\/portavoz\/consejodegobierno\/170437\/ConsejodeGobierno\/Ucrania\/regugiados\/PlanAndaluciaconUcrania\/Andalucia\/JuntadeAndalucia\/GobiernodeAndalucia\/educacion\/salud\/atencionsocial%26ct%3Dga%26cd%3DCAEYHioTNTAxNzg5MzYzOTA5ODM0NzU2MTIZYzAzNzJlYmMyZmVhZGE1OTplczplczpFUw%26usg%3DAFQjCNEUJSGEmssXn6zVU0YIBDDc5_v4aQ&amp;source=gmail&amp;ust=1648118976403000&amp;usg=AOvVaw23ZJOk1yb0cIELxuz5OBNH\">Los refugiados ucranianos podr\u00e1n viajar gratis en los consorcios de transporte metropolitano-<\/a><a>juntadeandalucia<\/a><\/p>\n<p><strong>Violencias<br \/>\n<\/strong><a class=\"title\" href=\"https:\/\/www.canalsur.es\/noticias\/andaluc%C3%ADa\/miguel-lorente-el-confinamiento-facilito-el-control-de-la-mujer-y-bajaron-los-homicidios-machistas\/1810915.html\" target=\"_blank\" rel=\"noopener\" data-artpy=\"0\" data-author=\"canalsur.es\">Miguel Lorente: \u00abEl confinamiento facilit\u00f3 el control de la mujer y bajaron los homicidios machistas\u00bb<\/a>-canalsur<strong><br \/>\n<\/strong><a href=\"https:\/\/www.google.com\/url?rct=j&amp;sa=t&amp;url=https:\/\/www.teleprensa.com\/articulo\/almeria-sociedad\/iaj-forma-mediadores-estudiantiles-que-colaboren-prevencion-adiccion-juego-apuestas-online\/202203231255281168170.html&amp;ct=ga&amp;cd=CAEYBSoTOTAwNTg5MTY5MTk0ODYyMjU5MjIZZTJkZWZhN2Q1ZGE5MTU3ZDplczplczpFUw&amp;usg=AFQjCNGbv3-kOziLfRBFh_wLITAFIuYLeA\" target=\"_blank\" rel=\"noopener\" data-saferedirecturl=\"https:\/\/www.google.com\/url?q=https:\/\/www.google.com\/url?rct%3Dj%26sa%3Dt%26url%3Dhttps:\/\/www.teleprensa.com\/articulo\/almeria-sociedad\/iaj-forma-mediadores-estudiantiles-que-colaboren-prevencion-adiccion-juego-apuestas-online\/202203231255281168170.html%26ct%3Dga%26cd%3DCAEYBSoTOTAwNTg5MTY5MTk0ODYyMjU5MjIZZTJkZWZhN2Q1ZGE5MTU3ZDplczplczpFUw%26usg%3DAFQjCNGbv3-kOziLfRBFh_wLITAFIuYLeA&amp;source=gmail&amp;ust=1648212184443000&amp;usg=AOvVaw0vEad3rn7snAeUv2EK_9EM\">El IAJ forma a mediadores estudiantiles para que colaboren en la prevenci\u00f3n&#8230; &#8211;<\/a><a>Teleprensa<\/a><\/p>\n<p><strong>Ciencia y Cultura<br \/>\n<\/strong><a href=\"https:\/\/www.google.com\/url?rct=j&amp;sa=t&amp;url=https:\/\/amecopress.net\/Mesa-redonda-sobre-cineastas-iberoamericanas-caminos-a-la-paridad&amp;ct=ga&amp;cd=CAEYEyoTNTUyMTI5ODA5MTA1MjI2ODk3NjIZZTFlNzdkMTU2MDk4YThlMzplczplczpFUw&amp;usg=AFQjCNGZbdif60qb_kazq0sNnjbFevtsmg\" target=\"_blank\" rel=\"noopener\" data-saferedirecturl=\"https:\/\/www.google.com\/url?q=https:\/\/www.google.com\/url?rct%3Dj%26sa%3Dt%26url%3Dhttps:\/\/amecopress.net\/Mesa-redonda-sobre-cineastas-iberoamericanas-caminos-a-la-paridad%26ct%3Dga%26cd%3DCAEYEyoTNTUyMTI5ODA5MTA1MjI2ODk3NjIZZTFlNzdkMTU2MDk4YThlMzplczplczpFUw%26usg%3DAFQjCNGZbdif60qb_kazq0sNnjbFevtsmg&amp;source=gmail&amp;ust=1648212184371000&amp;usg=AOvVaw18zOcTpz04HiQj3G32_xzt\">Mesa redonda en el Festival de m\u00e1laga sobre cineastas iberoamericanas: caminos a la paridad &#8211;<\/a><a>Ameco Press<br \/>\n<\/a><a href=\"https:\/\/www.google.com\/url?rct=j&amp;sa=t&amp;url=https:\/\/www.puertorealhoy.es\/la-mesa-redonda-mujeres-creadoras-y-feministas-perspectivas-diversas-para-la-igualdad-cerrara-manana-los-actos-del-8-m-en-puerto-real\/&amp;ct=ga&amp;cd=CAEYFioTOTAwNTg5MTY5MTk0ODYyMjU5MjIZZTJkZWZhN2Q1ZGE5MTU3ZDplczplczpFUw&amp;usg=AFQjCNEs01bwiou0B-KpE08MnMAXx6m90w\" target=\"_blank\" rel=\"noopener\" data-saferedirecturl=\"https:\/\/www.google.com\/url?hl=es&amp;q=https:\/\/www.google.com\/url?rct%3Dj%26sa%3Dt%26url%3Dhttps:\/\/www.puertorealhoy.es\/la-mesa-redonda-mujeres-creadoras-y-feministas-perspectivas-diversas-para-la-igualdad-cerrara-manana-los-actos-del-8-m-en-puerto-real\/%26ct%3Dga%26cd%3DCAEYFioTOTAwNTg5MTY5MTk0ODYyMjU5MjIZZTJkZWZhN2Q1ZGE5MTU3ZDplczplczpFUw%26usg%3DAFQjCNEs01bwiou0B-KpE08MnMAXx6m90w&amp;source=gmail&amp;ust=1648214161365000&amp;usg=AOvVaw09qgPZiO2m9_pAsSC8bUTr\">La mesa redonda &#8216;Mujeres creadoras y feministas: Perspectivas diversas para la Igualdad &#8230;-\u00a0<\/a><a>Puerto Real Hoy<br \/>\n<\/a><a href=\"https:\/\/www.google.com\/url?rct=j&amp;sa=t&amp;url=https:\/\/www.larazon.es\/cultura\/20220325\/skaybh255jf4jll3qbvgrorz74.html&amp;ct=ga&amp;cd=CAEYACoTMTY2NDY4NjE0NTMxNDYzMzgyOTIZZTJkZWZhN2Q1ZGE5MTU3ZDplczplczpFUw&amp;usg=AFQjCNHxBRVrYDcqkCgl0qnwwTJ34xK_Qg\" target=\"_blank\" rel=\"noopener\" data-saferedirecturl=\"https:\/\/www.google.com\/url?q=https:\/\/www.google.com\/url?rct%3Dj%26sa%3Dt%26url%3Dhttps:\/\/www.larazon.es\/cultura\/20220325\/skaybh255jf4jll3qbvgrorz74.html%26ct%3Dga%26cd%3DCAEYACoTMTY2NDY4NjE0NTMxNDYzMzgyOTIZZTJkZWZhN2Q1ZGE5MTU3ZDplczplczpFUw%26usg%3DAFQjCNHxBRVrYDcqkCgl0qnwwTJ34xK_Qg&amp;source=gmail&amp;ust=1648280994213000&amp;usg=AOvVaw34JHWc9PWm2yr79JZA1CEN\">Natalia de Molina: \u201cHe sentido la presi\u00f3n de poner rostro a la violencia de g\u00e9nero\u201d &#8211;\u00a0<\/a><a>La Raz\u00f3n<br \/>\n<\/a><a class=\"title\" href=\"https:\/\/www.europapress.es\/andalucia\/malaga-00356\/noticia-diputacion-ateneo-dedican-programacion-relacion-malaga-mar-papel-mujer-cultura-20220324182557.html\" target=\"_blank\" rel=\"noopener\" data-artpy=\"0\" data-author=\"Europa Press\">Diputaci\u00f3n y Ateneo dedican su programaci\u00f3n a la relaci\u00f3n de M\u00e1laga con el mar y el papel de la mujer en la cultura<\/a>-europapress<br \/>\n<a class=\"title\" href=\"https:\/\/www.diariocordoba.com\/cultura\/2022\/03\/24\/anfora-olearia-romana-referencia-taller-64220448.html\" target=\"_blank\" rel=\"noopener\" data-artpy=\"0\" data-author=\"Diario C\u00f3rdoba\">Un \u00e1nfora olearia romana, con referencia al taller de una mujer, ser\u00e1 la \u201cpieza del mes\u201d del Arqueol\u00f3gico<\/a>-diariodecordoba<br \/>\n<a class=\"title\" href=\"https:\/\/www.eldesconcierto.cl\/tipos-moviles\/sonidos\/2022\/03\/24\/mala-rodriguez-se-presenta-por-partida-doble-en-chile-santiago-y-concepcion-la-recibiran.html\" target=\"_blank\" rel=\"noopener\" data-artpy=\"0\" data-author=\"eldesconcierto\">Mala Rodr\u00edguez se presenta por partida doble en Chile: Santiago y Concepci\u00f3n la recibir\u00e1n<\/a>-eldesconcierto<br \/>\n<a href=\"https:\/\/www.eldiario.es\/andalucia\/lacajanegra\/maniobra-tortuga-thriller-andaluz-formas-violencia-machista_1_8860291.html\">\u2018La maniobra de la tortuga\u2019, un thriller andaluz sobre las formas de la violencia machista<\/a>-eldiario<\/p>\n<p><strong>Deporte<br \/>\n<\/strong><a class=\"title\" href=\"https:\/\/www.malagahoy.es\/deportes\/Solheim-Cup-recibida-Congreso-Diputados_0_1668135155.html\" target=\"_blank\" rel=\"noopener\" data-artpy=\"0\" data-author=\"M\u00e1laga Hoy\">La Solheim Cup 2023, recibida en el Congreso de los Diputados<\/a><strong>&#8211;<\/strong>malagahoy<\/p>\n<\/div>\n<\/div>\n<div id=\"\" class=\"lsow-panel lsow-active\">\n<h1 class=\"lsow-panel-title\">Estado<\/h1>\n<div class=\"lsow-panel-content\">\n<p><strong>Institucional \u2013 CCAA<br \/>\n<\/strong><a href=\"https:\/\/www.google.com\/url?rct=j&amp;sa=t&amp;url=https:\/\/www.castillalamancha.es\/actualidad\/notasdeprensa\/el-gobierno-de-castilla-la-mancha-anima-al-voluntariado-%25E2%2580%259Cponerse-las-gafas-violetas%25E2%2580%259D-e-incorporar-la&amp;ct=ga&amp;cd=CAEYACoTMTQ0ODE3MjI3OTEyMDY3OTIxODIZNTlkNzgxNzEzNmEyZDAyODplczplczpFUw&amp;usg=AFQjCNEGiWemugnZtdR3xFQnAfBOmUpdUQ\" target=\"_blank\" rel=\"noopener\" data-saferedirecturl=\"https:\/\/www.google.com\/url?q=https:\/\/www.google.com\/url?rct%3Dj%26sa%3Dt%26url%3Dhttps:\/\/www.castillalamancha.es\/actualidad\/notasdeprensa\/el-gobierno-de-castilla-la-mancha-anima-al-voluntariado-%2525E2%252580%25259Cponerse-las-gafas-violetas%2525E2%252580%25259D-e-incorporar-la%26ct%3Dga%26cd%3DCAEYACoTMTQ0ODE3MjI3OTEyMDY3OTIxODIZNTlkNzgxNzEzNmEyZDAyODplczplczpFUw%26usg%3DAFQjCNEGiWemugnZtdR3xFQnAfBOmUpdUQ&amp;source=gmail&amp;ust=1648113866097000&amp;usg=AOvVaw2x1A6B0kObfb4VtncCjrAk\">El Gobierno de Castilla-La Mancha anima al voluntariado a \u201cponerse las gafas violetas\u201d e &#8230;-\u00a0<\/a><a>Gobierno de C-LM<br \/>\n<\/a><a href=\"https:\/\/www.google.com\/url?rct=j&amp;sa=t&amp;url=https:\/\/www.europapress.es\/extremadura\/noticia-junta-destina-17-millones-ayudas-recuperacion-mujeres-victimas-violencia-machista-20220323143331.html&amp;ct=ga&amp;cd=CAEYByoUMTYzMjYzODQxNDMyMDY2OTM0MTcyGWMwMzcyZWJjMmZlYWRhNTk6ZXM6ZXM6RVM&amp;usg=AFQjCNH4InCUhF8rqChFmY6-tuWCul3WRg\" target=\"_blank\" rel=\"noopener\" data-saferedirecturl=\"https:\/\/www.google.com\/url?q=https:\/\/www.google.com\/url?rct%3Dj%26sa%3Dt%26url%3Dhttps:\/\/www.europapress.es\/extremadura\/noticia-junta-destina-17-millones-ayudas-recuperacion-mujeres-victimas-violencia-machista-20220323143331.html%26ct%3Dga%26cd%3DCAEYByoUMTYzMjYzODQxNDMyMDY2OTM0MTcyGWMwMzcyZWJjMmZlYWRhNTk6ZXM6ZXM6RVM%26usg%3DAFQjCNH4InCUhF8rqChFmY6-tuWCul3WRg&amp;source=gmail&amp;ust=1648212184209000&amp;usg=AOvVaw3ZDX20kx2RAyFPod3qfu1G\">La Junta de Extremadura destina 1,7 millones en ayudas a la recuperaci\u00f3n de mujeres v\u00edctimas de violencia &#8230;-\u00a0<\/a><a>Europa Press<br \/>\n<\/a><a href=\"https:\/\/www.google.com\/url?rct=j&amp;sa=t&amp;url=https:\/\/www.euskadi.eus\/gobierno-vasco\/-\/nota_prensa\/2022\/euskadi-presenta-a-nivel-mundial-un-evento-sobre-el-cambio-climatico-y-su-abordaje-desde-la-perspectiva-de-genero\/&amp;ct=ga&amp;cd=CAEYACoTMTM5NjgyNzkxOTc5MTI5MTMyNjIZYzAzNzJlYmMyZmVhZGE1OTplczplczpFUw&amp;usg=AFQjCNEhumeneD3sHspfEt1DkVrhLOdriQ\" target=\"_blank\" rel=\"noopener\" data-saferedirecturl=\"https:\/\/www.google.com\/url?q=https:\/\/www.google.com\/url?rct%3Dj%26sa%3Dt%26url%3Dhttps:\/\/www.euskadi.eus\/gobierno-vasco\/-\/nota_prensa\/2022\/euskadi-presenta-a-nivel-mundial-un-evento-sobre-el-cambio-climatico-y-su-abordaje-desde-la-perspectiva-de-genero\/%26ct%3Dga%26cd%3DCAEYACoTMTM5NjgyNzkxOTc5MTI5MTMyNjIZYzAzNzJlYmMyZmVhZGE1OTplczplczpFUw%26usg%3DAFQjCNEhumeneD3sHspfEt1DkVrhLOdriQ&amp;source=gmail&amp;ust=1648277854174000&amp;usg=AOvVaw3F8R0s1JcOZvXPdGTeNneS\">Euskadi presenta a nivel mundial un evento sobre el cambio clim\u00e1tico y su abordaje desde la perspectiva de g\u00e9nero &#8230;-\u00a0<\/a><a>Euskadi.eus<\/a><\/p>\n<p><strong>Econom\u00eda y Empresa<br \/>\n<\/strong><a href=\"https:\/\/www.google.com\/url?rct=j&amp;sa=t&amp;url=https:\/\/www.europapress.es\/epsocial\/igualdad\/noticia-guia-europea-propone-reducir-30-35-horas-jornada-labora-igualar-situacion-mujeres-hombres-20220323100059.html&amp;ct=ga&amp;cd=CAEYASoTNDQ5MDE1NjkxMzQ2NDMzNDA0MjIZNTlkNzgxNzEzNmEyZDAyODplczplczpFUw&amp;usg=AFQjCNGTvUulcSDtjbZsFNBZx7TTQV-ACg\" target=\"_blank\" rel=\"noopener\" data-saferedirecturl=\"https:\/\/www.google.com\/url?q=https:\/\/www.google.com\/url?rct%3Dj%26sa%3Dt%26url%3Dhttps:\/\/www.europapress.es\/epsocial\/igualdad\/noticia-guia-europea-propone-reducir-30-35-horas-jornada-labora-igualar-situacion-mujeres-hombres-20220323100059.html%26ct%3Dga%26cd%3DCAEYASoTNDQ5MDE1NjkxMzQ2NDMzNDA0MjIZNTlkNzgxNzEzNmEyZDAyODplczplczpFUw%26usg%3DAFQjCNGTvUulcSDtjbZsFNBZx7TTQV-ACg&amp;source=gmail&amp;ust=1648212175873000&amp;usg=AOvVaw0dcAJ3dwOYqZyOupiyKIqR\">Una gu\u00eda europea propone reducir a 30-35 horas la jornada labora para igualar la situaci\u00f3n &#8230;-\u00a0<\/a><a>Europa Press<br \/>\n<\/a><a class=\"title\" href=\"https:\/\/www.20minutos.es\/noticia\/4975688\/0\/emprender-en-espana-para-una-mujer-es-hoy-mas-dificil-que-antes-de-la-pandemia-las-condiciones-han-empeorado\/\" target=\"_blank\" rel=\"noopener\" data-artpy=\"0\" data-author=\"20minutos.es\">Emprender en Espa\u00f1a para una mujer es hoy m\u00e1s dif\u00edcil que antes de la pandemia: las condiciones han empeorado<\/a>-20minutos<a><br \/>\n<\/a><\/p>\n<p><strong>Actualidad<br \/>\n<\/strong><a href=\"https:\/\/www.amecopress.net\/15-anos-de-la-Ley-de-Igualdad\">15 a\u00f1os de la Ley de Igualdad |-<\/a>amecopress<strong><br \/>\n<\/strong><a href=\"https:\/\/www.google.com\/url?rct=j&amp;sa=t&amp;url=https:\/\/www.sport.es\/es\/noticias\/nacional\/asociaciones-mujeres-alerta-vigilaran-paso-13412730&amp;ct=ga&amp;cd=CAEYDyoTMTIwMjk5MzM4MzU4NTIwMTE2MzIZZTJkZWZhN2Q1ZGE5MTU3ZDplczplczpFUw&amp;usg=AFQjCNEgeBpcCXeiiIVzrMWe2TamBMpvrA\" target=\"_blank\" rel=\"noopener\" data-saferedirecturl=\"https:\/\/www.google.com\/url?q=https:\/\/www.google.com\/url?rct%3Dj%26sa%3Dt%26url%3Dhttps:\/\/www.sport.es\/es\/noticias\/nacional\/asociaciones-mujeres-alerta-vigilaran-paso-13412730%26ct%3Dga%26cd%3DCAEYDyoTMTIwMjk5MzM4MzU4NTIwMTE2MzIZZTJkZWZhN2Q1ZGE5MTU3ZDplczplczpFUw%26usg%3DAFQjCNEgeBpcCXeiiIVzrMWe2TamBMpvrA&amp;source=gmail&amp;ust=1648113864331000&amp;usg=AOvVaw0ezlvU58AWSx6eyEanptP5\">Las asociaciones de mujeres, en alerta: vigilar\u00e1n cualquier paso atr\u00e1s en la igualdad en &#8230;<\/a>-sport<br \/>\n<a href=\"https:\/\/www.google.com\/url?rct=j&amp;sa=t&amp;url=https:\/\/es-us.vida-estilo.yahoo.com\/directora-guardia-civil-espa%25C3%25B1ola-ratifica-020632970.html&amp;ct=ga&amp;cd=CAEYEioTNDQ5MDE1NjkxMzQ2NDMzNDA0MjIZNTlkNzgxNzEzNmEyZDAyODplczplczpFUw&amp;usg=AFQjCNFCnlbuLQkFwSivdcUXi0qQUSKcCw\" target=\"_blank\" rel=\"noopener\" data-saferedirecturl=\"https:\/\/www.google.com\/url?q=https:\/\/www.google.com\/url?rct%3Dj%26sa%3Dt%26url%3Dhttps:\/\/es-us.vida-estilo.yahoo.com\/directora-guardia-civil-espa%2525C3%2525B1ola-ratifica-020632970.html%26ct%3Dga%26cd%3DCAEYEioTNDQ5MDE1NjkxMzQ2NDMzNDA0MjIZNTlkNzgxNzEzNmEyZDAyODplczplczpFUw%26usg%3DAFQjCNFCnlbuLQkFwSivdcUXi0qQUSKcCw&amp;source=gmail&amp;ust=1648212175878000&amp;usg=AOvVaw27wI4dSmtc3LkKIrUrb1zy\">La directora de la Guardia Civil espa\u00f1ola ratifica la\u00a0cooperaci\u00f3n con Colombia &#8211;\u00a0<\/a><a>Yahoo Vida y Estilo<br \/>\n<\/a><a href=\"https:\/\/www.google.com\/url?rct=j&amp;sa=t&amp;url=https:\/\/efesalud.com\/hipertension-diabetes-tabaco-mas-infartos-mujeres\/&amp;ct=ga&amp;cd=CAEYCCoUMTYzMjYzODQxNDMyMDY2OTM0MTcyGWMwMzcyZWJjMmZlYWRhNTk6ZXM6ZXM6RVM&amp;usg=AFQjCNHmHN2JwJ6zQ_dyL8NktQgQSuNuKw\" target=\"_blank\" rel=\"noopener\" data-saferedirecturl=\"https:\/\/www.google.com\/url?q=https:\/\/www.google.com\/url?rct%3Dj%26sa%3Dt%26url%3Dhttps:\/\/efesalud.com\/hipertension-diabetes-tabaco-mas-infartos-mujeres\/%26ct%3Dga%26cd%3DCAEYCCoUMTYzMjYzODQxNDMyMDY2OTM0MTcyGWMwMzcyZWJjMmZlYWRhNTk6ZXM6ZXM6RVM%26usg%3DAFQjCNHmHN2JwJ6zQ_dyL8NktQgQSuNuKw&amp;source=gmail&amp;ust=1648212184209000&amp;usg=AOvVaw2Gpe7wKeUA2-pF2OgidJZ6\">Hipertensi\u00f3n, diabetes y tabaco provocan m\u00e1s infartos entre las mujeres &#8211;<\/a><a>EFE Salud<br \/>\n<\/a><a href=\"https:\/\/www.google.com\/url?rct=j&amp;sa=t&amp;url=https:\/\/www.corresponsables.com\/actualidad\/ods5-midas-ayuda-en-accion-dgt-ellas-conducen-seguridad-vial-ana-carrasco&amp;ct=ga&amp;cd=CAEYByoTMjg3MjI0MTMxMTU3MDk0ODU0NDIZNTlkNzgxNzEzNmEyZDAyODplczplczpFUw&amp;usg=AFQjCNHWu1BGHb2Id5Yl40rXmZBLr9jSgg\" target=\"_blank\" rel=\"noopener\" data-saferedirecturl=\"https:\/\/www.google.com\/url?q=https:\/\/www.google.com\/url?rct%3Dj%26sa%3Dt%26url%3Dhttps:\/\/www.corresponsables.com\/actualidad\/ods5-midas-ayuda-en-accion-dgt-ellas-conducen-seguridad-vial-ana-carrasco%26ct%3Dga%26cd%3DCAEYByoTMjg3MjI0MTMxMTU3MDk0ODU0NDIZNTlkNzgxNzEzNmEyZDAyODplczplczpFUw%26usg%3DAFQjCNHWu1BGHb2Id5Yl40rXmZBLr9jSgg&amp;source=gmail&amp;ust=1648277867899000&amp;usg=AOvVaw0yigUsmHfp89BIjsdE5b2E\">ODS5. MIDAS lanza estudio que busca romper las barreras de g\u00e9nero en la conducci\u00f3n-\u00a0<\/a><a>Corresponsables<br \/>\n<\/a><a href=\"https:\/\/www.google.com\/url?rct=j&amp;sa=t&amp;url=https:\/\/www.imserso.es\/imserso_01\/mas_informacion\/agenda\/2022\/marzo\/IM_143146&amp;ct=ga&amp;cd=CAEYBCoTMTM5NjgyNzkxOTc5MTI5MTMyNjIZYzAzNzJlYmMyZmVhZGE1OTplczplczpFUw&amp;usg=AFQjCNH_ohahr7aoCAlDxd9Ogoofdjj5_A\" target=\"_blank\" rel=\"noopener\" data-saferedirecturl=\"https:\/\/www.google.com\/url?q=https:\/\/www.google.com\/url?rct%3Dj%26sa%3Dt%26url%3Dhttps:\/\/www.imserso.es\/imserso_01\/mas_informacion\/agenda\/2022\/marzo\/IM_143146%26ct%3Dga%26cd%3DCAEYBCoTMTM5NjgyNzkxOTc5MTI5MTMyNjIZYzAzNzJlYmMyZmVhZGE1OTplczplczpFUw%26usg%3DAFQjCNH_ohahr7aoCAlDxd9Ogoofdjj5_A&amp;source=gmail&amp;ust=1648277854176000&amp;usg=AOvVaw0mqE4LpeA5VdsIi2GIzbK5\">Presentaci\u00f3n de la Gu\u00eda de asesoramiento, informaci\u00f3n y empoderamiento para &#8230; &#8211;<\/a><a>Imserso<br \/>\n<\/a><a class=\"title\" href=\"https:\/\/www.20minutos.es\/videos\/actualidad\/4975981-el-50-de-las-mujeres-en-espana-ha-recibido-comentarios-sexistas-a-la-hora-de-conducir\/\" target=\"_blank\" rel=\"noopener\" data-artpy=\"0\" data-author=\"20minutos.es\">El 50% de las mujeres en Espa\u00f1a ha recibido comentarios sexistas a la hora de conducir<\/a>-20minutos<a><br \/>\n<\/a><\/p>\n<p><strong>Violencias<br \/>\n<\/strong><a href=\"https:\/\/www.google.com\/url?rct=j&amp;sa=t&amp;url=https:\/\/www.sport.es\/es\/noticias\/nacional\/800-maltratadores-reciben-visitas-hijos-13422060&amp;ct=ga&amp;cd=CAEYASoTOTAwNTg5MTY5MTk0ODYyMjU5MjIZZTJkZWZhN2Q1ZGE5MTU3ZDplczplczpFUw&amp;usg=AFQjCNEBP61MIYJ66pPcg80poA15N0v13Q\" target=\"_blank\" rel=\"noopener\" data-saferedirecturl=\"https:\/\/www.google.com\/url?q=https:\/\/www.google.com\/url?rct%3Dj%26sa%3Dt%26url%3Dhttps:\/\/www.sport.es\/es\/noticias\/nacional\/800-maltratadores-reciben-visitas-hijos-13422060%26ct%3Dga%26cd%3DCAEYASoTOTAwNTg5MTY5MTk0ODYyMjU5MjIZZTJkZWZhN2Q1ZGE5MTU3ZDplczplczpFUw%26usg%3DAFQjCNEBP61MIYJ66pPcg80poA15N0v13Q&amp;source=gmail&amp;ust=1648212184441000&amp;usg=AOvVaw2Z7MFD2a2d3Z6UrHI39Asy\">M\u00e1s de 800 maltratadores reciben visitas de sus hijos en la c\u00e1rcel pese a prohibirlo la ley-\u00a0<\/a>sport<\/p>\n<p><strong>Ciencia y Cultura<br \/>\n<\/strong><a class=\"title\" href=\"https:\/\/www.eleconomista.es\/retail\/noticias\/11684791\/03\/22\/Una-profesora-del-CSIC-asegura-que-la-cerveza-reduce-la-diabetes-y-el-riesgo-cardiovascular.html\" target=\"_blank\" rel=\"noopener\" data-artpy=\"0\" data-author=\"elEconomista\">La profesora del CSIC Ascensi\u00f3n Marchos S\u00e1nchez asegura que la cerveza reduce la diabetes y el riesgo cardiovascular-\u00a0<\/a>eleconomista<strong><br \/>\n<\/strong><a class=\"title\" href=\"https:\/\/www.aragondigital.es\/2022\/03\/24\/caixabank-y-microsoft-lanzan-los-v-premios-wonnow-para-premiar-a-las-mejores-estudiantes-stem\/\" target=\"_blank\" rel=\"noopener\" data-artpy=\"0\" data-author=\"Arag\u00f3n Digital\">CaixaBank y Microsoft lanzan los V Premios Wonnow para premiar a las mejores estudiantes STEM<\/a>-aragondigital<strong><br \/>\n<\/strong><a href=\"https:\/\/www.google.com\/url?rct=j&amp;sa=t&amp;url=https:\/\/www.20minutos.es\/noticia\/4974905\/0\/el-consorci-de-museus-y-el-iaacc-pablo-serrano-rescatan-el-arte-de-las-mujeres-en-la-espana-de-1804-a-1939\/&amp;ct=ga&amp;cd=CAEYKioUMTYzMjYzODQxNDMyMDY2OTM0MTcyGWMwMzcyZWJjMmZlYWRhNTk6ZXM6ZXM6RVM&amp;usg=AFQjCNFXyUHT6wcZhiU-losEEGj3-5CIWw\" target=\"_blank\" rel=\"noopener\" data-saferedirecturl=\"https:\/\/www.google.com\/url?hl=es&amp;q=https:\/\/www.google.com\/url?rct%3Dj%26sa%3Dt%26url%3Dhttps:\/\/www.20minutos.es\/noticia\/4974905\/0\/el-consorci-de-museus-y-el-iaacc-pablo-serrano-rescatan-el-arte-de-las-mujeres-en-la-espana-de-1804-a-1939\/%26ct%3Dga%26cd%3DCAEYKioUMTYzMjYzODQxNDMyMDY2OTM0MTcyGWMwMzcyZWJjMmZlYWRhNTk6ZXM6ZXM6RVM%26usg%3DAFQjCNFXyUHT6wcZhiU-losEEGj3-5CIWw&amp;source=gmail&amp;ust=1648214887512000&amp;usg=AOvVaw2ebzgvv1v5ci-Ks5hP7E4f\">El Consorci de Museus y el IAACC Pablo Serrano rescatan el arte de las mujeres en la &#8230;-\u00a0<\/a><a>20Minutos<br \/>\n<\/a><a href=\"https:\/\/amecopress.net\/El-viernes-25-de-marzo-arranca-el-III-Festival-Online-Mujeres-de-Cine-con-10-joyas-del-cine-reciente-de-autoria-femenina\">Arranca el III Festival Online Mujeres de Cine con 10 joyas del cine reciente de autor\u00eda femenina |\u00a0 &#8211;\u00a0<\/a><a>amecopress<br \/>\n<\/a><a class=\"title\" href=\"https:\/\/www.vogue.es\/living\/articulos\/reyes-pe-artista-fallera-millennial-fallas-feminismo-inclusion-diversidad-funcional-anticapacitismo\" target=\"_blank\" rel=\"noopener\" data-artpy=\"0\" data-author=\"Vogue\">Reyes Pe, la dise\u00f1adora textil que reinventa las fallas desde el arte contempor\u00e1neo<\/a>-vogue<br \/>\n<a class=\"title\" href=\"https:\/\/www.tercerainformacion.es\/articulo\/cultura\/24\/03\/2022\/que-hacemos-con-lolita-laura-freixas-la-invisibilizada-mirada-femenina\/\" target=\"_blank\" rel=\"noopener\" data-artpy=\"0\" data-author=\"Tercera Informaci\u00f3n\">Qu\u00e9 hacemos con Lolita?\u201d, Laura Freixas. La invisibilizada mirada femenina<\/a>-tercerainformacion<a><br \/>\n<\/a><\/p>\n<p><strong>Deporte<br \/>\n<\/strong><a class=\"title\" href=\"https:\/\/www.msn.com\/es-es\/sports\/futbol\/ainhoa-tirapu-y-dolores-martelli-queremos-una-liga-con-su-propia-identidad\/ar-AAVtdH6?ocid=BingNewsSearch\" target=\"_blank\" rel=\"noopener\" data-artpy=\"0\" data-author=\"MARCA on MSN.com\">Ainhoa Tirapu y Dolores Martelli: \u00abQueremos una Liga con su propia identidad\u00bb<\/a>-marca<br \/>\n<a href=\"https:\/\/elpais.com\/deportes\/2022-03-24\/azu-muguruza-la-mujer-milagro-del-baloncesto-espanol.html\">Azu Muguruza, la mujer milagro del baloncesto espa\u00f1ol<\/a>-elpais<strong><br \/>\n<\/strong><\/p>\n<\/div>\n<\/div>\n<div id=\"\" class=\"lsow-panel lsow-active\">\n<h1 class=\"lsow-panel-title\">Internacional<\/h1>\n<div class=\"lsow-panel-content\">\n<p><a class=\"title\" href=\"https:\/\/www.msn.com\/es-mx\/finance\/noticias\/igualdad-de-g-c3-a9nero-es-una-nueva-manera-de-hacer-negocios-e2-80-94abm-y-onu-mujeres-firman-alianza-para-empoderar-al-g-c3-a9nero-femenino\/ar-AAVsxLA?ocid=BingNewsSearch\" target=\"_blank\" rel=\"noopener\" data-artpy=\"0\" data-author=\"businessinsider on MSN.com\">Igualdad de g\u00e9nero es una nueva manera de hacer negocios \u2014ABM y ONU Mujeres firman alianza para empoderar al g\u00e9nero femenino<\/a>-businessinsider<br \/>\n<a href=\"https:\/\/www.google.com\/url?rct=j&amp;sa=t&amp;url=https:\/\/elpais.com\/planeta-futuro\/red-de-expertos\/2022-03-25\/la-equidad-de-genero-una-reivindicacion-vital-para-el-desarrollo.html&amp;ct=ga&amp;cd=CAEYACoTMjg3MjI0MTMxMTU3MDk0ODU0NDIZNTlkNzgxNzEzNmEyZDAyODplczplczpFUw&amp;usg=AFQjCNEVBfmVUFx6x9F6zvIBJmnO_D4rOQ\" target=\"_blank\" rel=\"noopener\" data-saferedirecturl=\"https:\/\/www.google.com\/url?q=https:\/\/www.google.com\/url?rct%3Dj%26sa%3Dt%26url%3Dhttps:\/\/elpais.com\/planeta-futuro\/red-de-expertos\/2022-03-25\/la-equidad-de-genero-una-reivindicacion-vital-para-el-desarrollo.html%26ct%3Dga%26cd%3DCAEYACoTMjg3MjI0MTMxMTU3MDk0ODU0NDIZNTlkNzgxNzEzNmEyZDAyODplczplczpFUw%26usg%3DAFQjCNEVBfmVUFx6x9F6zvIBJmnO_D4rOQ&amp;source=gmail&amp;ust=1648277867898000&amp;usg=AOvVaw2bgD6Jkkz3j8YtUL3PSxjl\">La equidad de g\u00e9nero, una reivindicaci\u00f3n vital para el desarrollo\u00a0<\/a>-elpais<br \/>\n<a href=\"https:\/\/www.google.com\/url?rct=j&amp;sa=t&amp;url=https:\/\/elpais.com\/internacional\/2022-03-24\/portugal-tendra-el-primer-gobierno-paritario-de-su-historia.html&amp;ct=ga&amp;cd=CAEYKSoTMTM5NjgyNzkxOTc5MTI5MTMyNjIZYzAzNzJlYmMyZmVhZGE1OTplczplczpFUw&amp;usg=AFQjCNGjCKQmcenH6B9t0AOhqyRYzh65FA\" target=\"_blank\" rel=\"noopener\" data-saferedirecturl=\"https:\/\/www.google.com\/url?hl=es&amp;q=https:\/\/www.google.com\/url?rct%3Dj%26sa%3Dt%26url%3Dhttps:\/\/elpais.com\/internacional\/2022-03-24\/portugal-tendra-el-primer-gobierno-paritario-de-su-historia.html%26ct%3Dga%26cd%3DCAEYKSoTMTM5NjgyNzkxOTc5MTI5MTMyNjIZYzAzNzJlYmMyZmVhZGE1OTplczplczpFUw%26usg%3DAFQjCNGjCKQmcenH6B9t0AOhqyRYzh65FA&amp;source=gmail&amp;ust=1648279787621000&amp;usg=AOvVaw1DyZ_o3j3fK4SL9G6rySPO\">Portugal tendr\u00e1 el primer Gobierno paritario de su historia &#8211;<\/a><a>elpais<br \/>\n<\/a><a class=\"title\" href=\"https:\/\/www.eldiario.es\/andalucia\/desdeelsur\/primera-mujer-negra-corte-suprema-eeuu_132_8859889.html\" target=\"_blank\" rel=\"noopener\" data-artpy=\"0\" data-author=\"eldiario.es\">Ketanji Brown, primera mujer negra en la Corte Suprema de EEUU-\u00a0<\/a><a>eldiario<br \/>\n<\/a><a href=\"https:\/\/www.google.com\/url?rct=j&amp;sa=t&amp;url=https:\/\/www.eldiario.es\/internacional\/fallece-madeleine-albright-primera-mujer-secretaria-eeuu_1_8856854.html&amp;ct=ga&amp;cd=CAEYAyoUMTYzMjYzODQxNDMyMDY2OTM0MTcyGWMwMzcyZWJjMmZlYWRhNTk6ZXM6ZXM6RVM&amp;usg=AFQjCNGJwZ9FX4pbI4v0NDoSS9N9mCI24w\" target=\"_blank\" rel=\"noopener\" data-saferedirecturl=\"https:\/\/www.google.com\/url?q=https:\/\/www.google.com\/url?rct%3Dj%26sa%3Dt%26url%3Dhttps:\/\/www.eldiario.es\/internacional\/fallece-madeleine-albright-primera-mujer-secretaria-eeuu_1_8856854.html%26ct%3Dga%26cd%3DCAEYAyoUMTYzMjYzODQxNDMyMDY2OTM0MTcyGWMwMzcyZWJjMmZlYWRhNTk6ZXM6ZXM6RVM%26usg%3DAFQjCNGJwZ9FX4pbI4v0NDoSS9N9mCI24w&amp;source=gmail&amp;ust=1648212184208000&amp;usg=AOvVaw1Mh0tUbqLzzBkTBZHXfB7s\">Fallece Madeleine Albright, la primera mujer secretaria de Estado de EEUU\u00a0<\/a>-e<a>ldiario<br \/>\n<\/a><a href=\"https:\/\/www.google.com\/url?rct=j&amp;sa=t&amp;url=https:\/\/www.forbes.com.mx\/estas-son-las-primeras-recomendaciones-de-la-cedaw-para-las-mujeres-y-ninas-indigenas\/&amp;ct=ga&amp;cd=CAEYDyoTMTM5NjgyNzkxOTc5MTI5MTMyNjIZYzAzNzJlYmMyZmVhZGE1OTplczplczpFUw&amp;usg=AFQjCNFNxjgr3iYVDrliQEtVJ8txvjFBZA\" target=\"_blank\" rel=\"noopener\" data-saferedirecturl=\"https:\/\/www.google.com\/url?q=https:\/\/www.google.com\/url?rct%3Dj%26sa%3Dt%26url%3Dhttps:\/\/www.forbes.com.mx\/estas-son-las-primeras-recomendaciones-de-la-cedaw-para-las-mujeres-y-ninas-indigenas\/%26ct%3Dga%26cd%3DCAEYDyoTMTM5NjgyNzkxOTc5MTI5MTMyNjIZYzAzNzJlYmMyZmVhZGE1OTplczplczpFUw%26usg%3DAFQjCNFNxjgr3iYVDrliQEtVJ8txvjFBZA&amp;source=gmail&amp;ust=1648277854179000&amp;usg=AOvVaw0jhOKafJNNjdOxI2qUNyi8\">Primeras recomendaciones de la CEDAW para las mujeres y ni\u00f1as ind\u00edgenas-\u00a0<\/a><a>Forbes M\u00e9xico<br \/>\n<\/a><a href=\"https:\/\/www.google.com\/url?rct=j&amp;sa=t&amp;url=https:\/\/elpais.com\/internacional\/2022-03-23\/los-talibanes-cierran-los-institutos-de-ninas-horas-despues-de-permitir-su-reapertura.html&amp;ct=ga&amp;cd=CAEYBSoUMTYzMjYzODQxNDMyMDY2OTM0MTcyGWMwMzcyZWJjMmZlYWRhNTk6ZXM6ZXM6RVM&amp;usg=AFQjCNFOAdd3YCHXHdT7M9drClJIQUgeBw\" target=\"_blank\" rel=\"noopener\" data-saferedirecturl=\"https:\/\/www.google.com\/url?q=https:\/\/www.google.com\/url?rct%3Dj%26sa%3Dt%26url%3Dhttps:\/\/elpais.com\/internacional\/2022-03-23\/los-talibanes-cierran-los-institutos-de-ninas-horas-despues-de-permitir-su-reapertura.html%26ct%3Dga%26cd%3DCAEYBSoUMTYzMjYzODQxNDMyMDY2OTM0MTcyGWMwMzcyZWJjMmZlYWRhNTk6ZXM6ZXM6RVM%26usg%3DAFQjCNFOAdd3YCHXHdT7M9drClJIQUgeBw&amp;source=gmail&amp;ust=1648212184208000&amp;usg=AOvVaw0ILyqOSHAoa3jcoVvXdJSs\">Los talibanes cierran los institutos de ni\u00f1as horas despu\u00e9s de permitir su reapertura\u00a0<\/a>-elpais<br \/>\n<a class=\"title\" href=\"https:\/\/www.msn.com\/es-es\/news\/internacional\/igualdad-impulsa-un-protocolo-de-detecci-c3-b3n-precoz-en-la-frontera-de-v-c3-adctimas-de-trata-procedentes-de-ucrania\/ar-AAVs2W1?ocid=BingNewsSearch\" target=\"_blank\" rel=\"noopener\" data-artpy=\"0\" data-author=\"Sport on MSN.com\">Igualdad impulsa un protocolo de detecci\u00f3n precoz en la frontera de v\u00edctimas de trata procedentes de Ucrania<\/a>-sport<br \/>\n<a href=\"https:\/\/www.google.com\/url?rct=j&amp;sa=t&amp;url=https:\/\/masdearte.com\/joanna-hiffernan-whistler-royal-academy-londres\/&amp;ct=ga&amp;cd=CAEYFioTNTAxNzg5MzYzOTA5ODM0NzU2MTIZYzAzNzJlYmMyZmVhZGE1OTplczplczpFUw&amp;usg=AFQjCNGe3IqzazMKn1MplR3XYN_gbckosw\" target=\"_blank\" rel=\"noopener\" data-saferedirecturl=\"https:\/\/www.google.com\/url?hl=es&amp;q=https:\/\/www.google.com\/url?rct%3Dj%26sa%3Dt%26url%3Dhttps:\/\/masdearte.com\/joanna-hiffernan-whistler-royal-academy-londres\/%26ct%3Dga%26cd%3DCAEYFioTNTAxNzg5MzYzOTA5ODM0NzU2MTIZYzAzNzJlYmMyZmVhZGE1OTplczplczpFUw%26usg%3DAFQjCNGe3IqzazMKn1MplR3XYN_gbckosw&amp;source=gmail&amp;ust=1648118976401000&amp;usg=AOvVaw0REma1DfDk4gD32HqQpTJo\">Joanna Hiffernan, el enigma de la mujer de blanco &#8211;\u00a0<\/a><a>Masdearte.com<br \/>\n<\/a><a class=\"title\" href=\"https:\/\/www.larazon.es\/cultura\/20220325\/j6ecrhgdrfcixmh3slmal7isn4.html\" target=\"_blank\" rel=\"noopener\" data-artpy=\"0\" data-author=\"La Raz\u00f3n Digital\">Laure Calamy: mujer, madre, trabajadora y corredora de fondo \u201ca tiempo completo\u201d<\/a>-larazon<br \/>\n<a class=\"title\" href=\"https:\/\/elcierredigital.com\/pizarrra-deportiva\/831643746\/sombra-salud-mental-acecha-deportistas-barty-simone-biles.html\" target=\"_blank\" rel=\"noopener\" data-artpy=\"0\" data-author=\"elcierredigital\">Las promesas del deporte que priorizaron su salud mental: De Ashleigh Barty a Simone Biles<\/a>-elcierredigital<\/p>\n<\/div>\n<\/div>\n<\/div><\/div><\/div><\/div><\/div>\n","protected":false},"excerpt":{"rendered":"<p>15 a\u00f1os de la Ley de Igualdad * Una gu\u00eda europea propone reducir a 30 \/ 35 horas la jornada labora para igualar la situaci\u00f3n de mujeres y hombres * El 50% de las espa\u00f1olas ha recibido comentarios sexistas a la hora de conducir * Portugal tendr\u00e1 el primer Gobierno paritario de su historia<\/p>\n","protected":false},"author":3,"featured_media":22909,"comment_status":"closed","ping_status":"closed","sticky":false,"template":"","format":"standard","meta":{"footnotes":""},"categories":[298,621],"tags":[95,142,112,80,188],"class_list":["post-16016","post","type-post","status-publish","format-standard","has-post-thumbnail","hentry","category-newsletter","category-nwl-3-0","tag-brecha-salarial","tag-conciliacion","tag-estereotipos","tag-igualdad-de-genero","tag-sexismo"],"yoast_head":"<!-- This site is optimized with the Yoast SEO plugin v27.5 - https:\/\/yoast.com\/product\/yoast-seo-wordpress\/ -->\n<title>Noticias Info CKL n\u00ba 2670-25\/03\/22 -Comunicar con perspectiva de g\u00e9nero<\/title>\n<meta name=\"description\" content=\"Noticias Info CKL n\u00ba 2670-25\/03\/22 15 a\u00f1os de la Ley de Igualdad * Una gu\u00eda europea propone reducir a 30 \/ 35 horas la jornada labora para igualar la situaci\u00f3n de mujeres y hombres * El 50% de las espa\u00f1olas ha recibido comentarios sexistas a la hora de conducir * Portugal tendr\u00e1 el primer Gobierno paritario de su historia\" \/>\n<meta name=\"robots\" content=\"index, follow, max-snippet:-1, max-image-preview:large, max-video-preview:-1\" \/>\n<link rel=\"canonical\" href=\"https:\/\/cklcomunicaciones.es\/coop\/noticias-info-ckl-no-2670-25-03-22\/\" \/>\n<meta property=\"og:locale\" content=\"es_ES\" \/>\n<meta property=\"og:type\" content=\"article\" \/>\n<meta property=\"og:title\" content=\"Noticias Info CKL n\u00ba 2670-25\/03\/22 -Comunicar con perspectiva de g\u00e9nero\" \/>\n<meta property=\"og:description\" content=\"Noticias Info CKL n\u00ba 2670-25\/03\/22 15 a\u00f1os de la Ley de Igualdad * Una gu\u00eda europea propone reducir a 30 \/ 35 horas la jornada labora para igualar la situaci\u00f3n de mujeres y hombres * El 50% de las espa\u00f1olas ha recibido comentarios sexistas a la hora de conducir * Portugal tendr\u00e1 el primer Gobierno paritario de su historia\" \/>\n<meta property=\"og:url\" content=\"https:\/\/cklcomunicaciones.es\/coop\/noticias-info-ckl-no-2670-25-03-22\/\" \/>\n<meta property=\"og:site_name\" content=\"CKL Comunicaciones\" \/>\n<meta property=\"article:published_time\" content=\"2022-03-25T10:00:36+00:00\" \/>\n<meta property=\"article:modified_time\" content=\"2025-02-09T10:55:49+00:00\" \/>\n<meta property=\"og:image\" content=\"https:\/\/cklcomunicaciones.es\/coop\/wp-content\/uploads\/2025\/01\/CKL-una-mirada-distinta-de-la-comunicacion.jpg\" \/>\n\t<meta property=\"og:image:width\" content=\"1482\" \/>\n\t<meta property=\"og:image:height\" content=\"775\" \/>\n\t<meta property=\"og:image:type\" content=\"image\/jpeg\" \/>\n<meta name=\"author\" content=\"ckl\" \/>\n<meta name=\"twitter:card\" content=\"summary_large_image\" \/>\n<meta name=\"twitter:label1\" content=\"Escrito por\" \/>\n\t<meta name=\"twitter:data1\" content=\"ckl\" \/>\n\t<meta name=\"twitter:label2\" content=\"Tiempo de lectura\" \/>\n\t<meta name=\"twitter:data2\" content=\"6 minutos\" \/>\n<script type=\"application\/ld+json\" class=\"yoast-schema-graph\">{\"@context\":\"https:\\\/\\\/schema.org\",\"@graph\":[{\"@type\":\"Article\",\"@id\":\"https:\\\/\\\/cklcomunicaciones.es\\\/coop\\\/noticias-info-ckl-no-2670-25-03-22\\\/#article\",\"isPartOf\":{\"@id\":\"https:\\\/\\\/cklcomunicaciones.es\\\/coop\\\/noticias-info-ckl-no-2670-25-03-22\\\/\"},\"author\":{\"name\":\"ckl\",\"@id\":\"https:\\\/\\\/cklcomunicaciones.es\\\/coop\\\/#\\\/schema\\\/person\\\/929a6837f7626450bbb50cee1aef266e\"},\"headline\":\"Noticias Info CKL n\u00ba 2670-25\\\/03\\\/22\",\"datePublished\":\"2022-03-25T10:00:36+00:00\",\"dateModified\":\"2025-02-09T10:55:49+00:00\",\"mainEntityOfPage\":{\"@id\":\"https:\\\/\\\/cklcomunicaciones.es\\\/coop\\\/noticias-info-ckl-no-2670-25-03-22\\\/\"},\"wordCount\":1334,\"image\":{\"@id\":\"https:\\\/\\\/cklcomunicaciones.es\\\/coop\\\/noticias-info-ckl-no-2670-25-03-22\\\/#primaryimage\"},\"thumbnailUrl\":\"https:\\\/\\\/cklcomunicaciones.es\\\/coop\\\/wp-content\\\/uploads\\\/2025\\\/01\\\/CKL-una-mirada-distinta-de-la-comunicacion.jpg\",\"keywords\":[\"brecha salarial\",\"conciliaci\u00f3n\",\"estereotipos\",\"Igualdad de g\u00e9nero\",\"sexismo\"],\"articleSection\":[\"Newsletter\",\"Nwl v3.0\"],\"inLanguage\":\"es\"},{\"@type\":\"WebPage\",\"@id\":\"https:\\\/\\\/cklcomunicaciones.es\\\/coop\\\/noticias-info-ckl-no-2670-25-03-22\\\/\",\"url\":\"https:\\\/\\\/cklcomunicaciones.es\\\/coop\\\/noticias-info-ckl-no-2670-25-03-22\\\/\",\"name\":\"Noticias Info CKL n\u00ba 2670-25\\\/03\\\/22 -Comunicar con perspectiva de g\u00e9nero\",\"isPartOf\":{\"@id\":\"https:\\\/\\\/cklcomunicaciones.es\\\/coop\\\/#website\"},\"primaryImageOfPage\":{\"@id\":\"https:\\\/\\\/cklcomunicaciones.es\\\/coop\\\/noticias-info-ckl-no-2670-25-03-22\\\/#primaryimage\"},\"image\":{\"@id\":\"https:\\\/\\\/cklcomunicaciones.es\\\/coop\\\/noticias-info-ckl-no-2670-25-03-22\\\/#primaryimage\"},\"thumbnailUrl\":\"https:\\\/\\\/cklcomunicaciones.es\\\/coop\\\/wp-content\\\/uploads\\\/2025\\\/01\\\/CKL-una-mirada-distinta-de-la-comunicacion.jpg\",\"datePublished\":\"2022-03-25T10:00:36+00:00\",\"dateModified\":\"2025-02-09T10:55:49+00:00\",\"author\":{\"@id\":\"https:\\\/\\\/cklcomunicaciones.es\\\/coop\\\/#\\\/schema\\\/person\\\/929a6837f7626450bbb50cee1aef266e\"},\"description\":\"Noticias Info CKL n\u00ba 2670-25\\\/03\\\/22 15 a\u00f1os de la Ley de Igualdad * Una gu\u00eda europea propone reducir a 30 \\\/ 35 horas la jornada labora para igualar la situaci\u00f3n de mujeres y hombres * El 50% de las espa\u00f1olas ha recibido comentarios sexistas a la hora de conducir * Portugal tendr\u00e1 el primer Gobierno paritario de su historia\",\"breadcrumb\":{\"@id\":\"https:\\\/\\\/cklcomunicaciones.es\\\/coop\\\/noticias-info-ckl-no-2670-25-03-22\\\/#breadcrumb\"},\"inLanguage\":\"es\",\"potentialAction\":[{\"@type\":\"ReadAction\",\"target\":[\"https:\\\/\\\/cklcomunicaciones.es\\\/coop\\\/noticias-info-ckl-no-2670-25-03-22\\\/\"]}]},{\"@type\":\"ImageObject\",\"inLanguage\":\"es\",\"@id\":\"https:\\\/\\\/cklcomunicaciones.es\\\/coop\\\/noticias-info-ckl-no-2670-25-03-22\\\/#primaryimage\",\"url\":\"https:\\\/\\\/cklcomunicaciones.es\\\/coop\\\/wp-content\\\/uploads\\\/2025\\\/01\\\/CKL-una-mirada-distinta-de-la-comunicacion.jpg\",\"contentUrl\":\"https:\\\/\\\/cklcomunicaciones.es\\\/coop\\\/wp-content\\\/uploads\\\/2025\\\/01\\\/CKL-una-mirada-distinta-de-la-comunicacion.jpg\",\"width\":1482,\"height\":775,\"caption\":\"CKL - una mirada distinta de la comunicacion\"},{\"@type\":\"BreadcrumbList\",\"@id\":\"https:\\\/\\\/cklcomunicaciones.es\\\/coop\\\/noticias-info-ckl-no-2670-25-03-22\\\/#breadcrumb\",\"itemListElement\":[{\"@type\":\"ListItem\",\"position\":1,\"name\":\"Portada\",\"item\":\"https:\\\/\\\/cklcomunicaciones.es\\\/coop\\\/\"},{\"@type\":\"ListItem\",\"position\":2,\"name\":\"Noticias Info CKL n\u00ba 2670-25\\\/03\\\/22\"}]},{\"@type\":\"WebSite\",\"@id\":\"https:\\\/\\\/cklcomunicaciones.es\\\/coop\\\/#website\",\"url\":\"https:\\\/\\\/cklcomunicaciones.es\\\/coop\\\/\",\"name\":\"CKL Comunicaciones\",\"description\":\"Sitio web de CKL Comunicaciones coop , la consultora de comunicaci\u00f3n y estrategia\",\"potentialAction\":[{\"@type\":\"SearchAction\",\"target\":{\"@type\":\"EntryPoint\",\"urlTemplate\":\"https:\\\/\\\/cklcomunicaciones.es\\\/coop\\\/?s={search_term_string}\"},\"query-input\":{\"@type\":\"PropertyValueSpecification\",\"valueRequired\":true,\"valueName\":\"search_term_string\"}}],\"inLanguage\":\"es\"},{\"@type\":\"Person\",\"@id\":\"https:\\\/\\\/cklcomunicaciones.es\\\/coop\\\/#\\\/schema\\\/person\\\/929a6837f7626450bbb50cee1aef266e\",\"name\":\"ckl\",\"image\":{\"@type\":\"ImageObject\",\"inLanguage\":\"es\",\"@id\":\"https:\\\/\\\/secure.gravatar.com\\\/avatar\\\/c82db564e8a669bf6023357a157b9dc4780f4d4c618f2ad1d71a6a5dede45057?s=96&d=mm&r=g\",\"url\":\"https:\\\/\\\/secure.gravatar.com\\\/avatar\\\/c82db564e8a669bf6023357a157b9dc4780f4d4c618f2ad1d71a6a5dede45057?s=96&d=mm&r=g\",\"contentUrl\":\"https:\\\/\\\/secure.gravatar.com\\\/avatar\\\/c82db564e8a669bf6023357a157b9dc4780f4d4c618f2ad1d71a6a5dede45057?s=96&d=mm&r=g\",\"caption\":\"ckl\"},\"url\":\"https:\\\/\\\/cklcomunicaciones.es\\\/coop\\\/author\\\/cklcomunicaciones\\\/\"}]}<\/script>\n<!-- \/ Yoast SEO plugin. -->","yoast_head_json":{"title":"Noticias Info CKL n\u00ba 2670-25\/03\/22 -Comunicar con perspectiva de g\u00e9nero","description":"Noticias Info CKL n\u00ba 2670-25\/03\/22 15 a\u00f1os de la Ley de Igualdad * Una gu\u00eda europea propone reducir a 30 \/ 35 horas la jornada labora para igualar la situaci\u00f3n de mujeres y hombres * El 50% de las espa\u00f1olas ha recibido comentarios sexistas a la hora de conducir * Portugal tendr\u00e1 el primer Gobierno paritario de su historia","robots":{"index":"index","follow":"follow","max-snippet":"max-snippet:-1","max-image-preview":"max-image-preview:large","max-video-preview":"max-video-preview:-1"},"canonical":"https:\/\/cklcomunicaciones.es\/coop\/noticias-info-ckl-no-2670-25-03-22\/","og_locale":"es_ES","og_type":"article","og_title":"Noticias Info CKL n\u00ba 2670-25\/03\/22 -Comunicar con perspectiva de g\u00e9nero","og_description":"Noticias Info CKL n\u00ba 2670-25\/03\/22 15 a\u00f1os de la Ley de Igualdad * Una gu\u00eda europea propone reducir a 30 \/ 35 horas la jornada labora para igualar la situaci\u00f3n de mujeres y hombres * El 50% de las espa\u00f1olas ha recibido comentarios sexistas a la hora de conducir * Portugal tendr\u00e1 el primer Gobierno paritario de su historia","og_url":"https:\/\/cklcomunicaciones.es\/coop\/noticias-info-ckl-no-2670-25-03-22\/","og_site_name":"CKL Comunicaciones","article_published_time":"2022-03-25T10:00:36+00:00","article_modified_time":"2025-02-09T10:55:49+00:00","og_image":[{"width":1482,"height":775,"url":"https:\/\/cklcomunicaciones.es\/coop\/wp-content\/uploads\/2025\/01\/CKL-una-mirada-distinta-de-la-comunicacion.jpg","type":"image\/jpeg"}],"author":"ckl","twitter_card":"summary_large_image","twitter_misc":{"Escrito por":"ckl","Tiempo de lectura":"6 minutos"},"schema":{"@context":"https:\/\/schema.org","@graph":[{"@type":"Article","@id":"https:\/\/cklcomunicaciones.es\/coop\/noticias-info-ckl-no-2670-25-03-22\/#article","isPartOf":{"@id":"https:\/\/cklcomunicaciones.es\/coop\/noticias-info-ckl-no-2670-25-03-22\/"},"author":{"name":"ckl","@id":"https:\/\/cklcomunicaciones.es\/coop\/#\/schema\/person\/929a6837f7626450bbb50cee1aef266e"},"headline":"Noticias Info CKL n\u00ba 2670-25\/03\/22","datePublished":"2022-03-25T10:00:36+00:00","dateModified":"2025-02-09T10:55:49+00:00","mainEntityOfPage":{"@id":"https:\/\/cklcomunicaciones.es\/coop\/noticias-info-ckl-no-2670-25-03-22\/"},"wordCount":1334,"image":{"@id":"https:\/\/cklcomunicaciones.es\/coop\/noticias-info-ckl-no-2670-25-03-22\/#primaryimage"},"thumbnailUrl":"https:\/\/cklcomunicaciones.es\/coop\/wp-content\/uploads\/2025\/01\/CKL-una-mirada-distinta-de-la-comunicacion.jpg","keywords":["brecha salarial","conciliaci\u00f3n","estereotipos","Igualdad de g\u00e9nero","sexismo"],"articleSection":["Newsletter","Nwl v3.0"],"inLanguage":"es"},{"@type":"WebPage","@id":"https:\/\/cklcomunicaciones.es\/coop\/noticias-info-ckl-no-2670-25-03-22\/","url":"https:\/\/cklcomunicaciones.es\/coop\/noticias-info-ckl-no-2670-25-03-22\/","name":"Noticias Info CKL n\u00ba 2670-25\/03\/22 -Comunicar con perspectiva de g\u00e9nero","isPartOf":{"@id":"https:\/\/cklcomunicaciones.es\/coop\/#website"},"primaryImageOfPage":{"@id":"https:\/\/cklcomunicaciones.es\/coop\/noticias-info-ckl-no-2670-25-03-22\/#primaryimage"},"image":{"@id":"https:\/\/cklcomunicaciones.es\/coop\/noticias-info-ckl-no-2670-25-03-22\/#primaryimage"},"thumbnailUrl":"https:\/\/cklcomunicaciones.es\/coop\/wp-content\/uploads\/2025\/01\/CKL-una-mirada-distinta-de-la-comunicacion.jpg","datePublished":"2022-03-25T10:00:36+00:00","dateModified":"2025-02-09T10:55:49+00:00","author":{"@id":"https:\/\/cklcomunicaciones.es\/coop\/#\/schema\/person\/929a6837f7626450bbb50cee1aef266e"},"description":"Noticias Info CKL n\u00ba 2670-25\/03\/22 15 a\u00f1os de la Ley de Igualdad * Una gu\u00eda europea propone reducir a 30 \/ 35 horas la jornada labora para igualar la situaci\u00f3n de mujeres y hombres * El 50% de las espa\u00f1olas ha recibido comentarios sexistas a la hora de conducir * Portugal tendr\u00e1 el primer Gobierno paritario de su historia","breadcrumb":{"@id":"https:\/\/cklcomunicaciones.es\/coop\/noticias-info-ckl-no-2670-25-03-22\/#breadcrumb"},"inLanguage":"es","potentialAction":[{"@type":"ReadAction","target":["https:\/\/cklcomunicaciones.es\/coop\/noticias-info-ckl-no-2670-25-03-22\/"]}]},{"@type":"ImageObject","inLanguage":"es","@id":"https:\/\/cklcomunicaciones.es\/coop\/noticias-info-ckl-no-2670-25-03-22\/#primaryimage","url":"https:\/\/cklcomunicaciones.es\/coop\/wp-content\/uploads\/2025\/01\/CKL-una-mirada-distinta-de-la-comunicacion.jpg","contentUrl":"https:\/\/cklcomunicaciones.es\/coop\/wp-content\/uploads\/2025\/01\/CKL-una-mirada-distinta-de-la-comunicacion.jpg","width":1482,"height":775,"caption":"CKL - una mirada distinta de la comunicacion"},{"@type":"BreadcrumbList","@id":"https:\/\/cklcomunicaciones.es\/coop\/noticias-info-ckl-no-2670-25-03-22\/#breadcrumb","itemListElement":[{"@type":"ListItem","position":1,"name":"Portada","item":"https:\/\/cklcomunicaciones.es\/coop\/"},{"@type":"ListItem","position":2,"name":"Noticias Info CKL n\u00ba 2670-25\/03\/22"}]},{"@type":"WebSite","@id":"https:\/\/cklcomunicaciones.es\/coop\/#website","url":"https:\/\/cklcomunicaciones.es\/coop\/","name":"CKL Comunicaciones","description":"Sitio web de CKL Comunicaciones coop , la consultora de comunicaci\u00f3n y estrategia","potentialAction":[{"@type":"SearchAction","target":{"@type":"EntryPoint","urlTemplate":"https:\/\/cklcomunicaciones.es\/coop\/?s={search_term_string}"},"query-input":{"@type":"PropertyValueSpecification","valueRequired":true,"valueName":"search_term_string"}}],"inLanguage":"es"},{"@type":"Person","@id":"https:\/\/cklcomunicaciones.es\/coop\/#\/schema\/person\/929a6837f7626450bbb50cee1aef266e","name":"ckl","image":{"@type":"ImageObject","inLanguage":"es","@id":"https:\/\/secure.gravatar.com\/avatar\/c82db564e8a669bf6023357a157b9dc4780f4d4c618f2ad1d71a6a5dede45057?s=96&d=mm&r=g","url":"https:\/\/secure.gravatar.com\/avatar\/c82db564e8a669bf6023357a157b9dc4780f4d4c618f2ad1d71a6a5dede45057?s=96&d=mm&r=g","contentUrl":"https:\/\/secure.gravatar.com\/avatar\/c82db564e8a669bf6023357a157b9dc4780f4d4c618f2ad1d71a6a5dede45057?s=96&d=mm&r=g","caption":"ckl"},"url":"https:\/\/cklcomunicaciones.es\/coop\/author\/cklcomunicaciones\/"}]}},"_links":{"self":[{"href":"https:\/\/cklcomunicaciones.es\/coop\/wp-json\/wp\/v2\/posts\/16016","targetHints":{"allow":["GET"]}}],"collection":[{"href":"https:\/\/cklcomunicaciones.es\/coop\/wp-json\/wp\/v2\/posts"}],"about":[{"href":"https:\/\/cklcomunicaciones.es\/coop\/wp-json\/wp\/v2\/types\/post"}],"author":[{"embeddable":true,"href":"https:\/\/cklcomunicaciones.es\/coop\/wp-json\/wp\/v2\/users\/3"}],"replies":[{"embeddable":true,"href":"https:\/\/cklcomunicaciones.es\/coop\/wp-json\/wp\/v2\/comments?post=16016"}],"version-history":[{"count":0,"href":"https:\/\/cklcomunicaciones.es\/coop\/wp-json\/wp\/v2\/posts\/16016\/revisions"}],"wp:featuredmedia":[{"embeddable":true,"href":"https:\/\/cklcomunicaciones.es\/coop\/wp-json\/wp\/v2\/media\/22909"}],"wp:attachment":[{"href":"https:\/\/cklcomunicaciones.es\/coop\/wp-json\/wp\/v2\/media?parent=16016"}],"wp:term":[{"taxonomy":"category","embeddable":true,"href":"https:\/\/cklcomunicaciones.es\/coop\/wp-json\/wp\/v2\/categories?post=16016"},{"taxonomy":"post_tag","embeddable":true,"href":"https:\/\/cklcomunicaciones.es\/coop\/wp-json\/wp\/v2\/tags?post=16016"}],"curies":[{"name":"wp","href":"https:\/\/api.w.org\/{rel}","templated":true}]}}