{"id":15991,"date":"2022-03-15T11:00:04","date_gmt":"2022-03-15T10:00:04","guid":{"rendered":"https:\/\/www.cklcomunicaciones.es\/?p=15991"},"modified":"2025-02-09T12:07:45","modified_gmt":"2025-02-09T11:07:45","slug":"noticias-info-ckl-no-2666-15-03-22","status":"publish","type":"post","link":"https:\/\/cklcomunicaciones.es\/coop\/noticias-info-ckl-no-2666-15-03-22\/","title":{"rendered":"Noticias Info CKL n\u00ba 2666-15\/03\/22"},"content":{"rendered":"<div class=\"fusion-fullwidth fullwidth-box fusion-builder-row-1 fusion-flex-container nonhundred-percent-fullwidth non-hundred-percent-height-scrolling\" style=\"--awb-border-radius-top-left:0px;--awb-border-radius-top-right:0px;--awb-border-radius-bottom-right:0px;--awb-border-radius-bottom-left:0px;--awb-flex-wrap:wrap;\" ><div class=\"fusion-builder-row fusion-row fusion-flex-align-items-flex-start fusion-flex-content-wrap\" style=\"max-width:1248px;margin-left: calc(-4% \/ 2 );margin-right: calc(-4% \/ 2 );\"><div class=\"fusion-layout-column fusion_builder_column fusion-builder-column-0 fusion_builder_column_1_1 1_1 fusion-flex-column\" style=\"--awb-bg-blend:overlay;--awb-bg-size:cover;--awb-width-large:100%;--awb-margin-top-large:0px;--awb-spacing-right-large:1.92%;--awb-margin-bottom-large:0px;--awb-spacing-left-large:1.92%;--awb-width-medium:100%;--awb-spacing-right-medium:1.92%;--awb-spacing-left-medium:1.92%;--awb-width-small:100%;--awb-spacing-right-small:1.92%;--awb-spacing-left-small:1.92%;\"><div class=\"fusion-column-wrapper fusion-flex-justify-content-flex-start fusion-content-layout-column\"><div class=\"fusion-text fusion-text-1\"><h1>Convocatorias<\/h1>\n<div id=\"\" class=\"lsow-panel lsow-active\">\n<div class=\"lsow-panel-content\">\n<ul>\n<li>Proyecto \u201cBarrios Abiertos: impulso de la participaci\u00f3n para la convivencia intercultural\u201d. ACPP Andaluc\u00eda.\u00a0<b>\u00abMujeres en ruta\u00bb en San Juan de Aznalfarache<\/b>. Taller los d\u00edas 16 y 23 de marzo y ruta guiada el d\u00eda 30 de marzo. Inscripci\u00f3n en la Biblioteca Mateo Alem\u00e1n y CMIM. Tambi\u00e9n online en\u00a0<a href=\"https:\/\/forms.gle\/8t9TCJLtE26tjGmu9\" target=\"_blank\" rel=\"noopener\" data-saferedirecturl=\"https:\/\/www.google.com\/url?q=https:\/\/forms.gle\/8t9TCJLtE26tjGmu9&amp;source=gmail&amp;ust=1647350735223000&amp;usg=AOvVaw3zzqBIhLsP_pVtKHywv1F3\">https:\/\/forms.gle\/<wbr \/>8t9TCJLtE26tjGmu9<\/a>\u00a0 \/\u00a0<b>\u00abMujeres en ruta\u00bb en La Rinconada<\/b>. Taller los d\u00edas 18 y 25 marzo y ruta guiada el d\u00eda 1 de abril. Inscripci\u00f3n en el Centro Municipal de Informaci\u00f3n a la Mujer CMIM y via online en\u00a0\u00a0<a href=\"https:\/\/forms.gle\/r5ncJ6YHQeDtDSid9\" target=\"_blank\" rel=\"noopener\" data-saferedirecturl=\"https:\/\/www.google.com\/url?q=https:\/\/forms.gle\/r5ncJ6YHQeDtDSid9&amp;source=gmail&amp;ust=1647350735223000&amp;usg=AOvVaw129DJM8SCNohNzlaEU__9R\">https:\/\/forms.gle\/<wbr \/>r5ncJ6YHQeDtDSid9<\/a><\/li>\n<li><a href=\"https:\/\/www.juntadeandalucia.es\/iam\/catalogo\/doc\/convocatorias\/2022-genero\/EL-ciclo-entrevistas-trabajo-social-universidadpabloolavide.pdf\" target=\"_blank\" rel=\"noopener\" data-saferedirecturl=\"https:\/\/www.google.com\/url?q=https:\/\/www.juntadeandalucia.es\/iam\/catalogo\/doc\/convocatorias\/2022-genero\/EL-ciclo-entrevistas-trabajo-social-universidadpabloolavide.pdf&amp;source=gmail&amp;ust=1647340049780000&amp;usg=AOvVaw17p7MLt4rmI7uXB3xrDf9d\">III Ciclo de\u00a0Entrevistas\u00a0&#8216;Conectando con la diversidad funcional a trav\u00e9s de la mirada del Trabajo\u00a0Social feminista&#8217;<\/a>. Departamento de Trabajo Social y Servicios Sociales de la Universidad Pablo de Olvide. 14, 21 y 28 de marzo de 12:00 a 13:00 h.\u00a0<a href=\"https:\/\/docs.google.com\/forms\/d\/e\/1FAIpQLSd0jTI0njXZcoujNO16DJBKsIPvnkw_aX00D6ITm8_ccpd6ag\/viewform\" target=\"_blank\" rel=\"noopener\" data-saferedirecturl=\"https:\/\/www.google.com\/url?q=https:\/\/docs.google.com\/forms\/d\/e\/1FAIpQLSd0jTI0njXZcoujNO16DJBKsIPvnkw_aX00D6ITm8_ccpd6ag\/viewform&amp;source=gmail&amp;ust=1647340049780000&amp;usg=AOvVaw1a4O-8xBB0EIpqJk_-S-3Z\">Inscripciones<\/a><\/li>\n<li><a href=\"https:\/\/aliciaamezcua.com\/taller-gratuito-mujeres-sanan\/\" target=\"_blank\" rel=\"noopener\" data-saferedirecturl=\"https:\/\/www.google.com\/url?q=https:\/\/aliciaamezcua.com\/taller-gratuito-mujeres-sanan\/&amp;source=gmail&amp;ust=1647340049780000&amp;usg=AOvVaw2ChpfF-jCiFHUyt2kSy1P3\">Taller para mujeres &#8216;Mujeres que sanan, Mujeres que aman&#8217;<\/a>. Asociaci\u00f3n Azahar. Abierto el plazo de inscripci\u00f3n para el pr\u00f3ximo 23 de marzo.\u00a0<a href=\"https:\/\/api.whatsapp.com\/send?phone=34653848382\" target=\"_blank\" rel=\"noopener\" data-saferedirecturl=\"https:\/\/www.google.com\/url?q=https:\/\/api.whatsapp.com\/send?phone%3D34653848382&amp;source=gmail&amp;ust=1647340049780000&amp;usg=AOvVaw2re1e2rK9YXe4nZOFT58GQ\">M\u00e1s informaci\u00f3n<\/a><\/li>\n<li><a href=\"https:\/\/www.juntadeandalucia.es\/iam\/catalogo\/doc\/convocatorias\/2022-genero\/SE-taller-escritura-bibliotecaprovincialsevilla.png\" target=\"_blank\" rel=\"noopener prettyPhoto&#091;15991&#093;\" data-saferedirecturl=\"https:\/\/www.google.com\/url?q=https:\/\/www.juntadeandalucia.es\/iam\/catalogo\/doc\/convocatorias\/2022-genero\/SE-taller-escritura-bibliotecaprovincialsevilla.png&amp;source=gmail&amp;ust=1647340049780000&amp;usg=AOvVaw1Hlgca090wk11HEduKLBug\">Taller de escritura y memoria &#8216;Peque\u00f1as historias de grandes mujeres&#8217;<\/a>. Biblioteca P\u00fablica Provincial de Sevilla. 17, 24 y 31 de marzo y 7 de abril de 17:30 a 19h.<\/li>\n<li><a href=\"https:\/\/www.inmujeres.gob.es\/diseno\/novedades\/8M_2022\/docs\/Programa_Seminario_4_17M.pdf\" target=\"_blank\" rel=\"noopener\" data-saferedirecturl=\"https:\/\/www.google.com\/url?q=https:\/\/www.inmujeres.gob.es\/diseno\/novedades\/8M_2022\/docs\/Programa_Seminario_4_17M.pdf&amp;source=gmail&amp;ust=1647348385186000&amp;usg=AOvVaw0dRmpdbaZgV239jpddad_o\">Seminario &#8216;Reconstruir la memoria feminista para un feminismo del 99%&#8217;<\/a>. Instituto de las Mujeres del Ministerio de Igualdad y Delegaci\u00f3n del Rector para la Igualdad de G\u00e9nero de la Universidad Pablo de Olavide. Presencial (confirmaci\u00f3n de asistencia:\u00a0<a href=\"mailto:sgestudios@inmujeres.es\" target=\"_blank\" rel=\"noopener\">sgestudios@inmujeres.es<\/a>) y en streaming a trav\u00e9s del\u00a0<a href=\"https:\/\/www.youtube.com\/user\/Inmujer\/featured\" target=\"_blank\" rel=\"noopener\" data-saferedirecturl=\"https:\/\/www.google.com\/url?q=https:\/\/www.youtube.com\/user\/Inmujer\/featured&amp;source=gmail&amp;ust=1647348385186000&amp;usg=AOvVaw2fZJK1-mjGzPoHxcTNSUEv\">canal de Youtube del Instituto de las Mujeres<\/a>\u00a0y del\u00a0<a href=\"https:\/\/upotv.upo.es\/\" target=\"_blank\" rel=\"noopener\" data-saferedirecturl=\"https:\/\/www.google.com\/url?q=https:\/\/upotv.upo.es\/&amp;source=gmail&amp;ust=1647348385186000&amp;usg=AOvVaw2NbDdZwbMaNKkx1GiM2BR9\">canal UPO TV<\/a>.17 de marzo de 9:30 a 13:30 h.<\/li>\n<li><a href=\"https:\/\/www.fundacionannao.org\/component\/k2\/item\/1061-las-grandes-olvidadas-de-la-bauhaus-abre-el-ciclo-mujeres-celebres-de-la-cultura-2022.html\" target=\"_blank\" rel=\"noopener\" data-saferedirecturl=\"https:\/\/www.google.com\/url?q=https:\/\/www.fundacionannao.org\/component\/k2\/item\/1061-las-grandes-olvidadas-de-la-bauhaus-abre-el-ciclo-mujeres-celebres-de-la-cultura-2022.html&amp;source=gmail&amp;ust=1647348385186000&amp;usg=AOvVaw2dl5y7r7hdntHGNthpeIY3\">Las Mujeres de la Bauhaus<\/a>\u00a0[dentro del Ciclo Mujeres C\u00e9lebres de la Cultura 2022]. Fundaci\u00f3n Anna O. 25 de marzo a las 19:30 h.<\/li>\n<\/ul>\n<\/div>\n<\/div>\n<div id=\"\" class=\"lsow-panel lsow-active\">\n<h1 class=\"lsow-panel-title\">Comunicaci\u00f3n, Publicidad y TICs<\/h1>\n<div class=\"lsow-panel-content\">\n<p><a href=\"https:\/\/www.google.com\/url?rct=j&amp;sa=t&amp;url=https:\/\/www.apmadrid.es\/nace-el-premio-de-periodismo-reportera-alicia-rodriguez\/&amp;ct=ga&amp;cd=CAEYDioUMTQ5ODA3NjUzNTg0NTk2OTc3MTAyGWUyZGVmYTdkNWRhOTE1N2Q6ZXM6ZXM6RVM&amp;usg=AFQjCNHofDtBMx6UZJUcuzGVABgM9F9IAw\" target=\"_blank\" rel=\"noopener\" data-saferedirecturl=\"https:\/\/www.google.com\/url?q=https:\/\/www.google.com\/url?rct%3Dj%26sa%3Dt%26url%3Dhttps:\/\/www.apmadrid.es\/nace-el-premio-de-periodismo-reportera-alicia-rodriguez\/%26ct%3Dga%26cd%3DCAEYDioUMTQ5ODA3NjUzNTg0NTk2OTc3MTAyGWUyZGVmYTdkNWRhOTE1N2Q6ZXM6ZXM6RVM%26usg%3DAFQjCNHofDtBMx6UZJUcuzGVABgM9F9IAw&amp;source=gmail&amp;ust=1647418580749000&amp;usg=AOvVaw39ypU03jQJtJkfVg-0UPs9\">Nace el Premio de Periodismo &#8216;Reportera Alicia Rodr\u00edguez&#8217; &#8211;\u00a0<\/a><a>Asociaci\u00f3n de la Prensa de Madrid<br \/>\n<\/a><a href=\"https:\/\/www.google.com\/url?rct=j&amp;sa=t&amp;url=https:\/\/laboratoriodeperiodismo.org\/eldiario-es-refuerza-cuatro-areas-con-nuevas-incorporaciones\/&amp;ct=ga&amp;cd=CAEYACoUMTc3Nzk5Mjg5MTcxOTkyNTY0MDYyGWUxZTc3ZDE1NjA5OGE4ZTM6ZXM6ZXM6RVM&amp;usg=AFQjCNHOijzvpOenYN4IGcHyY7lKF0twzg\" target=\"_blank\" rel=\"noopener\" data-saferedirecturl=\"https:\/\/www.google.com\/url?q=https:\/\/www.google.com\/url?rct%3Dj%26sa%3Dt%26url%3Dhttps:\/\/laboratoriodeperiodismo.org\/eldiario-es-refuerza-cuatro-areas-con-nuevas-incorporaciones\/%26ct%3Dga%26cd%3DCAEYACoUMTc3Nzk5Mjg5MTcxOTkyNTY0MDYyGWUxZTc3ZDE1NjA5OGE4ZTM6ZXM6ZXM6RVM%26usg%3DAFQjCNHOijzvpOenYN4IGcHyY7lKF0twzg&amp;source=gmail&amp;ust=1647339505145000&amp;usg=AOvVaw0TBC7_nk_BWf41-xk7PSRF\">ElDiario.es refuerza cuatro \u00e1reas con\u00a0nuevas incorporaciones &#8211;\u00a0<\/a><a>Laboratorio de Periodismo<br \/>\n<\/a><a href=\"https:\/\/www.google.com\/url?rct=j&amp;sa=t&amp;url=https:\/\/www.elcomercio.com\/tendencias\/google-twitter-acabar-acoso-mujeres.html&amp;ct=ga&amp;cd=CAEYHCoUMTM3OTU3MzAwNTY0MDczODY4MTEyGWUxZTc3ZDE1NjA5OGE4ZTM6ZXM6ZXM6RVM&amp;usg=AFQjCNEsbUl8TkO-nthBQ6JWa3Gkaw_g0w\" target=\"_blank\" rel=\"noopener\" data-saferedirecturl=\"https:\/\/www.google.com\/url?hl=es&amp;q=https:\/\/www.google.com\/url?rct%3Dj%26sa%3Dt%26url%3Dhttps:\/\/www.elcomercio.com\/tendencias\/google-twitter-acabar-acoso-mujeres.html%26ct%3Dga%26cd%3DCAEYHCoUMTM3OTU3MzAwNTY0MDczODY4MTEyGWUxZTc3ZDE1NjA5OGE4ZTM6ZXM6ZXM6RVM%26usg%3DAFQjCNEsbUl8TkO-nthBQ6JWa3Gkaw_g0w&amp;source=gmail&amp;ust=1647421496179000&amp;usg=AOvVaw1QN0Kk25RTrK6FpzxRxOkC\">Google y Twitter se unen e intentan acabar con el acoso en l\u00ednea a mujeres &#8211;\u00a0<\/a><a>El Comercio<br \/>\n<\/a><a href=\"https:\/\/www.google.com\/url?rct=j&amp;sa=t&amp;url=https:\/\/www.futuro360.com\/futuro\/violetta-el-chatbot-que-ayuda-a-identificar-situaciones-de-violencia-de-genero_20220314\/&amp;ct=ga&amp;cd=CAEYFioUMTM3OTU3MzAwNTY0MDczODY4MTEyGWUxZTc3ZDE1NjA5OGE4ZTM6ZXM6ZXM6RVM&amp;usg=AFQjCNF6gC_hefRSPqazd-Uy83BnNcBOtw\" target=\"_blank\" rel=\"noopener\" data-saferedirecturl=\"https:\/\/www.google.com\/url?hl=es&amp;q=https:\/\/www.google.com\/url?rct%3Dj%26sa%3Dt%26url%3Dhttps:\/\/www.futuro360.com\/futuro\/violetta-el-chatbot-que-ayuda-a-identificar-situaciones-de-violencia-de-genero_20220314\/%26ct%3Dga%26cd%3DCAEYFioUMTM3OTU3MzAwNTY0MDczODY4MTEyGWUxZTc3ZDE1NjA5OGE4ZTM6ZXM6ZXM6RVM%26usg%3DAFQjCNF6gC_hefRSPqazd-Uy83BnNcBOtw&amp;source=gmail&amp;ust=1647421496177000&amp;usg=AOvVaw00CWox4D83vdEIHGgjUM9B\">Violetta, el chatbot que ayuda a identificar situaciones de\u00a0violencia de g\u00e9nero &#8211;\u00a0<\/a><a>Futuro360<\/a><\/p>\n<\/div>\n<\/div>\n<div id=\"\" class=\"lsow-panel lsow-active\">\n<h1 class=\"lsow-panel-title\">Andaluc\u00eda<\/h1>\n<div class=\"lsow-panel-content\">\n<p><strong>Econom\u00eda y Empresas<br \/>\n<\/strong><a class=\"title\" href=\"https:\/\/melillahoy.es\/maria-isabel-romero-arias-impartira-este-jueves-la-conferencia-liderazgo-femenino-a-nivel-empresarial\/\" target=\"_blank\" rel=\"noopener\" data-artpy=\"0\" data-author=\"Melilla hoy\">Mar\u00eda Isabel Romero Arias impartir\u00e1 este jueves la conferencia \u2018Liderazgo femenino a nivel empresarial\u2019<\/a>-melillahoy<strong><br \/>\n<\/strong><a class=\"title\" href=\"https:\/\/www.msn.com\/es-es\/news\/espana\/moreno-bonilla-inaugura-el-ii-foro-econ-c3-b3mico-de-el-espa-c3-b1ol-andaluc-c3-ada-en-sevilla\/ar-AAV3WCa?ocid=BingNewsSearch\" target=\"_blank\" rel=\"noopener\" data-artpy=\"0\" data-author=\"ESPA\u00d1OL on MSN.com\">II Foro Econ\u00f3mico de El Espa\u00f1ol Andaluc\u00eda en Sevilla<\/a>-elespa\u00f1ol<strong><br \/>\n<\/strong><a href=\"https:\/\/www.google.com\/url?rct=j&amp;sa=t&amp;url=https:\/\/www.juntadeandalucia.es\/presidencia\/portavoz\/economiayempleo\/170073\/consejeriadeempleoformacionytrabajoautonomo\/formacionprofesionalparaelempleo\/accionesformativasgratuitas\/nuevastecnologias\/trabajadores\/desempleados\/marketingdigital\/ciberseguridad\/programaciondeapps\/gobiernodeandalucia&amp;ct=ga&amp;cd=CAEYACoSNjc0NjEyMzg4NzUzMzc2NTcxMhlkNzhlNTg3NWEwZjFmMmFjOmVzOmVzOkVT&amp;usg=AFQjCNGCJwRXnQ_0Qlu8MEEBSEwxOCEyAw\" target=\"_blank\" rel=\"noopener\" data-saferedirecturl=\"https:\/\/www.google.com\/url?q=https:\/\/www.google.com\/url?rct%3Dj%26sa%3Dt%26url%3Dhttps:\/\/www.juntadeandalucia.es\/presidencia\/portavoz\/economiayempleo\/170073\/consejeriadeempleoformacionytrabajoautonomo\/formacionprofesionalparaelempleo\/accionesformativasgratuitas\/nuevastecnologias\/trabajadores\/desempleados\/marketingdigital\/ciberseguridad\/programaciondeapps\/gobiernodeandalucia%26ct%3Dga%26cd%3DCAEYACoSNjc0NjEyMzg4NzUzMzc2NTcxMhlkNzhlNTg3NWEwZjFmMmFjOmVzOmVzOkVT%26usg%3DAFQjCNGCJwRXnQ_0Qlu8MEEBSEwxOCEyAw&amp;source=gmail&amp;ust=1647339922718000&amp;usg=AOvVaw1m-BWGbkmQGZUXieHOseBG\">M\u00e1s de 500 acciones formativas gratuitas en nuevas tecnolog\u00edas para 7.000 trabajadores y desempleados&#8230;-\u00a0<\/a><a>Junta de Andaluc\u00eda<br \/>\n<\/a><a href=\"https:\/\/www.google.com\/url?rct=j&amp;sa=t&amp;url=https:\/\/elcorreoweb.es\/provincia\/la-exposicion-local-de-mujeres-emprendedoras-abre-sus-puertas-YK7783274&amp;ct=ga&amp;cd=CAEYACoUMTAxMDQzODI2Nzk2OTI1NzE3NTkyGzlhYjFjZGQ3ZTM2NmVmMzg6ZXM6ZXM6RVM6Ug&amp;usg=AFQjCNEzEBJdpGyXenA6tEtmnwhwYYrqbA\" target=\"_blank\" rel=\"noopener\" data-saferedirecturl=\"https:\/\/www.google.com\/url?q=https:\/\/www.google.com\/url?rct%3Dj%26sa%3Dt%26url%3Dhttps:\/\/elcorreoweb.es\/provincia\/la-exposicion-local-de-mujeres-emprendedoras-abre-sus-puertas-YK7783274%26ct%3Dga%26cd%3DCAEYACoUMTAxMDQzODI2Nzk2OTI1NzE3NTkyGzlhYjFjZGQ3ZTM2NmVmMzg6ZXM6ZXM6RVM6Ug%26usg%3DAFQjCNEzEBJdpGyXenA6tEtmnwhwYYrqbA&amp;source=gmail&amp;ust=1647339504467000&amp;usg=AOvVaw1vtQoBg5mgwyavMl5YKEUX\">La Exposici\u00f3n local de emprendedoras abre sus puertas &#8211;\u00a0<\/a><a>El Correo de Andaluc\u00eda<\/a><\/p>\n<p><strong>Actualidad<br \/>\n<\/strong><a href=\"https:\/\/www.google.com\/url?rct=j&amp;sa=t&amp;url=https:\/\/www.elespanol.com\/mujer\/mujeres-historia\/20220312\/primeras-diputadas-andalucia-guerreras-dias\/655684524_0.html&amp;ct=ga&amp;cd=CAEYAyoTMTU0ODEwMjU4NTA1MjI3MDI1MzIZYzAzNzJlYmMyZmVhZGE1OTplczplczpFUw&amp;usg=AFQjCNE0A8YS2NNB6e_Rxhr_MgDYzeRU-g\" target=\"_blank\" rel=\"noopener\" data-saferedirecturl=\"https:\/\/www.google.com\/url?q=https:\/\/www.google.com\/url?rct%3Dj%26sa%3Dt%26url%3Dhttps:\/\/www.elespanol.com\/mujer\/mujeres-historia\/20220312\/primeras-diputadas-andalucia-guerreras-dias\/655684524_0.html%26ct%3Dga%26cd%3DCAEYAyoTMTU0ODEwMjU4NTA1MjI3MDI1MzIZYzAzNzJlYmMyZmVhZGE1OTplczplczpFUw%26usg%3DAFQjCNE0A8YS2NNB6e_Rxhr_MgDYzeRU-g&amp;source=gmail&amp;ust=1647339497818000&amp;usg=AOvVaw0OC_B38F18N5NQEghZRvjj\">Las primeras diputadas en Andaluc\u00eda: \u00abFuimos muy guerreras, pero a\u00fan tiene que ser 8-M &#8230;-\u00a0<\/a><a>El Espa\u00f1ol<br \/>\n<\/a><a class=\"title\" href=\"https:\/\/www.diariodesevilla.es\/opinion\/tribuna\/Ciudades-color-violeta-Andalucia_0_1665433562.html\" target=\"_blank\" rel=\"noopener\" data-artpy=\"0\" data-author=\"Diario de Sevilla\">Ciudades de color violeta en Andaluc\u00eda<\/a>-diariodesevilla<a><br \/>\n<\/a><a href=\"https:\/\/www.google.com\/url?rct=j&amp;sa=t&amp;url=https:\/\/cordopolis.eldiario.es\/mas-noticias\/proyecto-hombre-incorpora-cuestion-genero-adicciones-abre-unidad-atencion-mujer_1_8824711.html&amp;ct=ga&amp;cd=CAEYACoTOTgxNDU2MzYyNTY0NjIwOTgzNTIZYzAzNzJlYmMyZmVhZGE1OTplczplczpFUw&amp;usg=AFQjCNEbscKgsK3vaOdMXKSUCsOAcSs9jg\" target=\"_blank\" rel=\"noopener\" data-saferedirecturl=\"https:\/\/www.google.com\/url?q=https:\/\/www.google.com\/url?rct%3Dj%26sa%3Dt%26url%3Dhttps:\/\/cordopolis.eldiario.es\/mas-noticias\/proyecto-hombre-incorpora-cuestion-genero-adicciones-abre-unidad-atencion-mujer_1_8824711.html%26ct%3Dga%26cd%3DCAEYACoTOTgxNDU2MzYyNTY0NjIwOTgzNTIZYzAzNzJlYmMyZmVhZGE1OTplczplczpFUw%26usg%3DAFQjCNEbscKgsK3vaOdMXKSUCsOAcSs9jg&amp;source=gmail&amp;ust=1647339497984000&amp;usg=AOvVaw1XjG_UHD9-OyDzFnoaG7g5\">Proyecto Hombre incorpora la cuesti\u00f3n de g\u00e9nero a las adicciones y abre la Unidad de Atenci\u00f3n a la Mujer&#8230; &#8211;\u00a0<\/a><a>Cord\u00f3polis<br \/>\n<\/a><a class=\"title\" href=\"https:\/\/www.teleprensa.com\/articulo\/sevilla\/unia-iam-ofrecen-curso-virtual-gratuito-crianza-jovenes-adolescentes\/202203141222441160570.html\" target=\"_blank\" rel=\"noopener\" data-artpy=\"0\" data-author=\"Tele Prensa\">La UNIA y el IAM ofrecen un curso virtual y gratuito sobre crianza de j\u00f3venes y adolescentes<\/a>-teleprensa<a><br \/>\n<\/a><\/p>\n<p><strong>Violencias<br \/>\n<\/strong><a href=\"https:\/\/www.google.com\/url?rct=j&amp;sa=t&amp;url=https:\/\/www.europapress.es\/andalucia\/noticia-mas-19200-casos-violencia-genero-permanecian-activos-enero-andalucia-277-total-nacional-20220312120053.html&amp;ct=ga&amp;cd=CAEYACoTODAzOTg0MDgxMzA1ODIxMTcyMzIZZTJkZWZhN2Q1ZGE5MTU3ZDplczplczpFUw&amp;usg=AFQjCNFoVxsQ4Z6svYtpbNAQpV16AA9qKg\" target=\"_blank\" rel=\"noopener\" data-saferedirecturl=\"https:\/\/www.google.com\/url?q=https:\/\/www.google.com\/url?rct%3Dj%26sa%3Dt%26url%3Dhttps:\/\/www.europapress.es\/andalucia\/noticia-mas-19200-casos-violencia-genero-permanecian-activos-enero-andalucia-277-total-nacional-20220312120053.html%26ct%3Dga%26cd%3DCAEYACoTODAzOTg0MDgxMzA1ODIxMTcyMzIZZTJkZWZhN2Q1ZGE5MTU3ZDplczplczpFUw%26usg%3DAFQjCNFoVxsQ4Z6svYtpbNAQpV16AA9qKg&amp;source=gmail&amp;ust=1647339498282000&amp;usg=AOvVaw0Fl2C49k9gq9wSM1WHevQX\">M\u00e1s de 19.200 casos de violencia de g\u00e9nero permanec\u00edan activos en enero en Andaluc\u00eda &#8230;-\u00a0<\/a><a>Europa Press<\/a><\/p>\n<p><strong>Ciencia y Cultura<br \/>\n<\/strong><a href=\"https:\/\/www.google.com\/url?rct=j&amp;sa=t&amp;url=https:\/\/imujer.ugr.es\/&amp;ct=ga&amp;cd=CAEYACoTNjQ5MzYzOTk5ODY2OTY1ODQ0OTIZYzAzNzJlYmMyZmVhZGE1OTplczplczpFUw&amp;usg=AFQjCNEs0FGgEfhwxmB8uCq4PAzP7fR3pw\" target=\"_blank\" rel=\"noopener\" data-saferedirecturl=\"https:\/\/www.google.com\/url?q=https:\/\/www.google.com\/url?rct%3Dj%26sa%3Dt%26url%3Dhttps:\/\/imujer.ugr.es\/%26ct%3Dga%26cd%3DCAEYACoTNjQ5MzYzOTk5ODY2OTY1ODQ0OTIZYzAzNzJlYmMyZmVhZGE1OTplczplczpFUw%26usg%3DAFQjCNEs0FGgEfhwxmB8uCq4PAzP7fR3pw&amp;source=gmail&amp;ust=1647339497775000&amp;usg=AOvVaw1NpLcqvXyvB3pJAZ83yQMJ\">Instituto\u00a0Universitario de Investigaci\u00f3n de Estudios de las\u00a0Mujeres y de G\u00e9nero-\u00a0<\/a>U<a>niversidad de Granada<br \/>\n<\/a><a href=\"https:\/\/www.google.com\/url?rct=j&amp;sa=t&amp;url=https:\/\/www.europapress.es\/andalucia\/sevilla-00357\/noticia-upo-iam-abre-iii-edicion-univergem-fomento-emprendimiento-47-universitarias-sevilla-20220311121720.html&amp;ct=ga&amp;cd=CAEYAioTMTYwMjQ3Njg3MDE0NDc4MjU4MzIbOWFiMWNkZDdlMzY2ZWYzODplczplczpFUzpS&amp;usg=AFQjCNEsZCno8wODlzggkaSftLWSxj7Yeg\" target=\"_blank\" rel=\"noopener\" data-saferedirecturl=\"https:\/\/www.google.com\/url?q=https:\/\/www.google.com\/url?rct%3Dj%26sa%3Dt%26url%3Dhttps:\/\/www.europapress.es\/andalucia\/sevilla-00357\/noticia-upo-iam-abre-iii-edicion-univergem-fomento-emprendimiento-47-universitarias-sevilla-20220311121720.html%26ct%3Dga%26cd%3DCAEYAioTMTYwMjQ3Njg3MDE0NDc4MjU4MzIbOWFiMWNkZDdlMzY2ZWYzODplczplczpFUzpS%26usg%3DAFQjCNEsZCno8wODlzggkaSftLWSxj7Yeg&amp;source=gmail&amp;ust=1647340020397000&amp;usg=AOvVaw3DurDqdBDt_28SPE3X5U5h\">La UPO y el IAM abre la III edici\u00f3n de &#8216;Univergem&#8217; para el fomento del emprendimiento en \u2026-\u00a0<\/a><a>europapress<br \/>\n<\/a><a class=\"title\" href=\"https:\/\/www.noticiasdealmeria.com\/el-xxiii-premio-nacional-de-ensayo-carmen-de-burgos-inicia-su-andadura\" target=\"_blank\" rel=\"noopener\" data-artpy=\"0\" data-author=\"Noticias de Almer\u00eda\">El XXIII Premio Nacional de Ensayo \u2018Carmen de Burgos\u2019 inicia su andadura<\/a>-diariodealmeria<a><br \/>\n<\/a><a href=\"https:\/\/www.google.com\/url?rct=j&amp;sa=t&amp;url=https:\/\/www.horajaen.com\/2022\/03\/11\/las-sinsombrero-protagonizan-un-escape-room-en-baeza\/&amp;ct=ga&amp;cd=CAEYBCoTMTYwMjQ3Njg3MDE0NDc4MjU4MzIbOWFiMWNkZDdlMzY2ZWYzODplczplczpFUzpS&amp;usg=AFQjCNF1rc_W6mkC0iIix4fpjkFH0V6KUQ\" target=\"_blank\" rel=\"noopener\" data-saferedirecturl=\"https:\/\/www.google.com\/url?q=https:\/\/www.google.com\/url?rct%3Dj%26sa%3Dt%26url%3Dhttps:\/\/www.horajaen.com\/2022\/03\/11\/las-sinsombrero-protagonizan-un-escape-room-en-baeza\/%26ct%3Dga%26cd%3DCAEYBCoTMTYwMjQ3Njg3MDE0NDc4MjU4MzIbOWFiMWNkZDdlMzY2ZWYzODplczplczpFUzpS%26usg%3DAFQjCNF1rc_W6mkC0iIix4fpjkFH0V6KUQ&amp;source=gmail&amp;ust=1647340020397000&amp;usg=AOvVaw3_rroV2Vxp-HWQMMVHDtHd\">Las Sinsombrero protagonizan un escape room en Baeza\u00a0<\/a>&#8211;<a>Hora Ja\u00e9n<br \/>\n<\/a><a href=\"https:\/\/www.google.com\/url?rct=j&amp;sa=t&amp;url=https:\/\/www.ritmo.es\/actualidad\/la-directora-silvia-olivero-galardonada-por-el-instituto-andaluz-de-la-mujer&amp;ct=ga&amp;cd=CAEYASoTOTc4MzIxMzU5NDY4MTczMjEzNjIZYzAzNzJlYmMyZmVhZGE1OTplczplczpFUw&amp;usg=AFQjCNEcGAj7bCLuNxXTqjqOhtlMaX4__A\" target=\"_blank\" rel=\"noopener\" data-saferedirecturl=\"https:\/\/www.google.com\/url?q=https:\/\/www.google.com\/url?rct%3Dj%26sa%3Dt%26url%3Dhttps:\/\/www.ritmo.es\/actualidad\/la-directora-silvia-olivero-galardonada-por-el-instituto-andaluz-de-la-mujer%26ct%3Dga%26cd%3DCAEYASoTOTc4MzIxMzU5NDY4MTczMjEzNjIZYzAzNzJlYmMyZmVhZGE1OTplczplczpFUw%26usg%3DAFQjCNEcGAj7bCLuNxXTqjqOhtlMaX4__A&amp;source=gmail&amp;ust=1647339497786000&amp;usg=AOvVaw0WM_DmPYBDjeFMaDH1tmfI\">La directora Silvia Olivero, galardonada por el Instituto\u00a0Andaluz de la\u00a0Mujer &#8211;<\/a><a>Revista Ritmo<br \/>\n<\/a><a href=\"https:\/\/www.google.com\/url?rct=j&amp;sa=t&amp;url=https:\/\/www.eldiadecordoba.es\/ocio\/pastwomen-miercoles-museo-arqueologico-cordoba_0_1665135106.html&amp;ct=ga&amp;cd=CAEYIyoUMTgxODUzMDA5MzE3ODUyNTMwMTkyGWMwMzcyZWJjMmZlYWRhNTk6ZXM6ZXM6RVM&amp;usg=AFQjCNE9pg9wl93GSDCWCQj3On5nAm1QUg\" target=\"_blank\" rel=\"noopener\" data-saferedirecturl=\"https:\/\/www.google.com\/url?hl=es&amp;q=https:\/\/www.google.com\/url?rct%3Dj%26sa%3Dt%26url%3Dhttps:\/\/www.eldiadecordoba.es\/ocio\/pastwomen-miercoles-museo-arqueologico-cordoba_0_1665135106.html%26ct%3Dga%26cd%3DCAEYIyoUMTgxODUzMDA5MzE3ODUyNTMwMTkyGWMwMzcyZWJjMmZlYWRhNTk6ZXM6ZXM6RVM%26usg%3DAFQjCNE9pg9wl93GSDCWCQj3On5nAm1QUg&amp;source=gmail&amp;ust=1647422727397000&amp;usg=AOvVaw0EOHnthHS7tNWEHiA4FRKT\">La red PastWomen ser\u00e1 la protagonista de &#8216;Los mi\u00e9rcoles en el Museo&#8217; del Arqueol\u00f3gico de &#8230;-\u00a0<\/a><a>El D\u00eda de C\u00f3rdoba<br \/>\n<\/a><a class=\"title\" href=\"https:\/\/www.sevillaactualidad.com\/andalucia\/233346-andalucia-acogera-el-mayor-evento-de-espana-en-el-arte-inclusivo\/\" target=\"_blank\" rel=\"noopener\" data-artpy=\"0\" data-author=\"Sevilla Actualidad\">Andaluc\u00eda acoger\u00e1 el mayor evento de Espa\u00f1a en el arte inclusivo<\/a>-sevillactualidad<br \/>\n<a class=\"title\" href=\"https:\/\/www.diariodejerez.es\/rincon-flamenco\/actualidad\/InstitutoCervantes-Flamenco-Congreso-Cultura-Marruecos-Africa_0_1664234182.html\" target=\"_blank\" rel=\"noopener\" data-artpy=\"0\" data-author=\"Diario de Jerez\">El Instituto Cervantes lleva el arte jondo al Congreso Mundial del Flamenco<\/a>-diariodejerez<a><br \/>\n<\/a><\/p>\n<p><strong>Deporte<br \/>\n<\/strong><a href=\"https:\/\/www.google.com\/url?rct=j&amp;sa=t&amp;url=https:\/\/andaluciainformacion.es\/estepona\/1035588\/las-jovenes-gimnastas-de-la-efi-conocen-a-paloma-del-rio-periodista-deportiva\/&amp;ct=ga&amp;cd=CAEYAioTNzc1NjYxNjEwNzE3NDgwMjk5NTIZZTJkZWZhN2Q1ZGE5MTU3ZDplczplczpFUw&amp;usg=AFQjCNHnadC97aB6tEuuRT4pTMgxUqUqPQ\" target=\"_blank\" rel=\"noopener\" data-saferedirecturl=\"https:\/\/www.google.com\/url?q=https:\/\/www.google.com\/url?rct%3Dj%26sa%3Dt%26url%3Dhttps:\/\/andaluciainformacion.es\/estepona\/1035588\/las-jovenes-gimnastas-de-la-efi-conocen-a-paloma-del-rio-periodista-deportiva\/%26ct%3Dga%26cd%3DCAEYAioTNzc1NjYxNjEwNzE3NDgwMjk5NTIZZTJkZWZhN2Q1ZGE5MTU3ZDplczplczpFUw%26usg%3DAFQjCNHnadC97aB6tEuuRT4pTMgxUqUqPQ&amp;source=gmail&amp;ust=1647339496513000&amp;usg=AOvVaw21bxFzXIlABtVNoREydNqn\">Las j\u00f3venes gimnastas de la EFI conocen a Paloma del R\u00edo, periodista deportiva-<\/a>andaluciainformacion<br \/>\n<a href=\"https:\/\/www.google.com\/url?rct=j&amp;sa=t&amp;url=https:\/\/www.diariosur.es\/deportes\/mas-deportes\/iad-cursos-presentacion-malaga-20220314172323-nt.html&amp;ct=ga&amp;cd=CAEYACoTOTg3NjM4NTgzNjI1MDY0NDg0MTIbOWFiMWNkZDdlMzY2ZWYzODplczplczpFUzpS&amp;usg=AFQjCNHyP4i5lPJozGEX958YVIAyB1KFng\" target=\"_blank\" rel=\"noopener\" data-saferedirecturl=\"https:\/\/www.google.com\/url?q=https:\/\/www.google.com\/url?rct%3Dj%26sa%3Dt%26url%3Dhttps:\/\/www.diariosur.es\/deportes\/mas-deportes\/iad-cursos-presentacion-malaga-20220314172323-nt.html%26ct%3Dga%26cd%3DCAEYACoTOTg3NjM4NTgzNjI1MDY0NDg0MTIbOWFiMWNkZDdlMzY2ZWYzODplczplczpFUzpS%26usg%3DAFQjCNHyP4i5lPJozGEX958YVIAyB1KFng&amp;source=gmail&amp;ust=1647418452694000&amp;usg=AOvVaw3JESBB2OqDjiqZToGGvqu7\">El\u00a0Instituto Andaluz\u00a0del Deporte oferta 42 cursos este 2022\u00a0<\/a>-diario<strong><br \/>\n<\/strong><\/p>\n<\/div>\n<\/div>\n<div id=\"\" class=\"lsow-panel lsow-active\">\n<h1 class=\"lsow-panel-title\">Estado<\/h1>\n<div class=\"lsow-panel-content\">\n<p><strong>Institucional<br \/>\n<\/strong><a href=\"https:\/\/www.google.com\/url?rct=j&amp;sa=t&amp;url=https:\/\/www.europapress.es\/epsocial\/igualdad\/noticia-irene-montero-reune-ministra-justicia-chile-hablar-justicia-perspectiva-genero-20220313144622.html&amp;ct=ga&amp;cd=CAEYAioUMTA2NjMwMjUyMjI0MTI2ODQ5ODMyGTU5ZDc4MTcxMzZhMmQwMjg6ZXM6ZXM6RVM&amp;usg=AFQjCNFPQvKuzF-aTCA6tiC4HAiKOTZgWQ\" target=\"_blank\" rel=\"noopener\" data-saferedirecturl=\"https:\/\/www.google.com\/url?q=https:\/\/www.google.com\/url?rct%3Dj%26sa%3Dt%26url%3Dhttps:\/\/www.europapress.es\/epsocial\/igualdad\/noticia-irene-montero-reune-ministra-justicia-chile-hablar-justicia-perspectiva-genero-20220313144622.html%26ct%3Dga%26cd%3DCAEYAioUMTA2NjMwMjUyMjI0MTI2ODQ5ODMyGTU5ZDc4MTcxMzZhMmQwMjg6ZXM6ZXM6RVM%26usg%3DAFQjCNFPQvKuzF-aTCA6tiC4HAiKOTZgWQ&amp;source=gmail&amp;ust=1647339496622000&amp;usg=AOvVaw2wKzhpqLuhYyZyfb7dyu9P\">Irene Montero se re\u00fane con la ministra de Justicia de Chile para hablar de justicia con &#8230;-\u00a0<\/a><a>Europa Press<br \/>\n<\/a><a class=\"title\" href=\"https:\/\/www.laopiniondemalaga.es\/economia\/2022\/03\/15\/reyes-maroto-prolongue-guerra-mayor-63845111.html\" target=\"_blank\" rel=\"noopener\" data-artpy=\"0\" data-author=\"Deportes\">Reyes Maroto: \u00abCuanto m\u00e1s se prolongue la guerra mayor incertidumbre habr\u00e1 para el verano\u00bb<\/a>-deportes<a><br \/>\n<\/a><\/p>\n<p><strong>Institucional \u2013 CCAA<br \/>\n<\/strong><a href=\"https:\/\/www.google.com\/url?rct=j&amp;sa=t&amp;url=https:\/\/www.eldiario.es\/extremadura\/sociedad\/2-589-mujeres-victimas-violencia-genero-extremadura-2021-16-3_1_8821610.html&amp;ct=ga&amp;cd=CAEYAyoUMTgxMjczNDcwNjExODcwNTkzOTUyGWUxZTc3ZDE1NjA5OGE4ZTM6ZXM6ZXM6RVM&amp;usg=AFQjCNFSsmCq-2YABwNfdp5pm1FC6ytziQ\" target=\"_blank\" rel=\"noopener\" data-saferedirecturl=\"https:\/\/www.google.com\/url?q=https:\/\/www.google.com\/url?rct%3Dj%26sa%3Dt%26url%3Dhttps:\/\/www.eldiario.es\/extremadura\/sociedad\/2-589-mujeres-victimas-violencia-genero-extremadura-2021-16-3_1_8821610.html%26ct%3Dga%26cd%3DCAEYAyoUMTgxMjczNDcwNjExODcwNTkzOTUyGWUxZTc3ZDE1NjA5OGE4ZTM6ZXM6ZXM6RVM%26usg%3DAFQjCNFSsmCq-2YABwNfdp5pm1FC6ytziQ&amp;source=gmail&amp;ust=1647339505631000&amp;usg=AOvVaw1R4SBQSqoWVb_VHByIvWEf\">2.589 mujeres fueron v\u00edctimas de la violencia de g\u00e9nero en Extremadura en 2021, un 16,3 &#8230;-\u00a0<\/a><a>El Diario<br \/>\n<\/a><a href=\"https:\/\/www.google.com\/url?rct=j&amp;sa=t&amp;url=https:\/\/www.elcorreo.com\/sociedad\/marcado-reto-mujeres-20220313215600-nt.html&amp;ct=ga&amp;cd=CAEYACoTNzI2NzYzMzEwMTE1ODE0MzQwMTIZZTFlNzdkMTU2MDk4YThlMzplczplczpFUw&amp;usg=AFQjCNEKzyPYzxrvY8sU0mkoxwsb16HuBA\" target=\"_blank\" rel=\"noopener\" data-saferedirecturl=\"https:\/\/www.google.com\/url?q=https:\/\/www.google.com\/url?rct%3Dj%26sa%3Dt%26url%3Dhttps:\/\/www.elcorreo.com\/sociedad\/marcado-reto-mujeres-20220313215600-nt.html%26ct%3Dga%26cd%3DCAEYACoTNzI2NzYzMzEwMTE1ODE0MzQwMTIZZTFlNzdkMTU2MDk4YThlMzplczplczpFUw%26usg%3DAFQjCNEKzyPYzxrvY8sU0mkoxwsb16HuBA&amp;source=gmail&amp;ust=1647339505183000&amp;usg=AOvVaw1ztFUl-maWq29TokEAuHQX\">Me he marcado el reto de que las mujeres ocupen puestos estrat\u00e9gicos en la Ertzaintza &#8230;-\u00a0<\/a><a>El Correo<br \/>\n<\/a><a href=\"https:\/\/www.google.com\/url?rct=j&amp;sa=t&amp;url=https:\/\/elpueblodeceuta.es\/art\/68142\/el-encuentro-de-escuelas-femeninas-cierra-con-exito-la-semana-de-la-mujer-de-la-ffce&amp;ct=ga&amp;cd=CAEYFCoTMTMxODE1NTgxMDUzOTQ5MTU5OTIZYzAzNzJlYmMyZmVhZGE1OTplczplczpFUw&amp;usg=AFQjCNHj8qM-oKejj0Hr2dYUgOyG-BWZCw\" target=\"_blank\" rel=\"noopener\" data-saferedirecturl=\"https:\/\/www.google.com\/url?hl=es&amp;q=https:\/\/www.google.com\/url?rct%3Dj%26sa%3Dt%26url%3Dhttps:\/\/elpueblodeceuta.es\/art\/68142\/el-encuentro-de-escuelas-femeninas-cierra-con-exito-la-semana-de-la-mujer-de-la-ffce%26ct%3Dga%26cd%3DCAEYFCoTMTMxODE1NTgxMDUzOTQ5MTU5OTIZYzAzNzJlYmMyZmVhZGE1OTplczplczpFUw%26usg%3DAFQjCNHj8qM-oKejj0Hr2dYUgOyG-BWZCw&amp;source=gmail&amp;ust=1647350378523000&amp;usg=AOvVaw0gjY83HEYHrR2zw9TjYzhj\">El Encuentro de Escuelas Femeninas cierra con \u00e9xito la Semana de la\u00a0Mujer de la FFCE &#8211;\u00a0<\/a><a>El Pueblo de Ceuta<br \/>\n<\/a><a href=\"https:\/\/www.google.com\/url?rct=j&amp;sa=t&amp;url=https:\/\/cadenaser.com\/2022\/03\/14\/maria-rivas-las-mujeres-seguimos-cobrando-menos-que-los-hombres-en-desempenos-similares\/&amp;ct=ga&amp;cd=CAEYCSoUMTgxODUzMDA5MzE3ODUyNTMwMTkyGWMwMzcyZWJjMmZlYWRhNTk6ZXM6ZXM6RVM&amp;usg=AFQjCNEvhvgvi120cvq4CCy8GEH53P5tiw\" target=\"_blank\" rel=\"noopener\" data-saferedirecturl=\"https:\/\/www.google.com\/url?q=https:\/\/www.google.com\/url?rct%3Dj%26sa%3Dt%26url%3Dhttps:\/\/cadenaser.com\/2022\/03\/14\/maria-rivas-las-mujeres-seguimos-cobrando-menos-que-los-hombres-en-desempenos-similares\/%26ct%3Dga%26cd%3DCAEYCSoUMTgxODUzMDA5MzE3ODUyNTMwMTkyGWMwMzcyZWJjMmZlYWRhNTk6ZXM6ZXM6RVM%26usg%3DAFQjCNEvhvgvi120cvq4CCy8GEH53P5tiw&amp;source=gmail&amp;ust=1647418679496000&amp;usg=AOvVaw0H3X91HD3EBjeCbAYQ5drD\">Mar\u00eda Rivas, Delegaci\u00f3n del Gobierno de Galicia: \u00abLas mujeres seguimos cobrando menos que los hombres en desempe\u00f1os similares\u00bb-\u00a0<\/a><a>cadenaser<\/a><\/p>\n<p><strong>Econom\u00eda y Empresa<br \/>\n<\/strong><a href=\"https:\/\/www.google.com\/url?rct=j&amp;sa=t&amp;url=https:\/\/desafiomujerrural.es\/noticias\/el-emprendimiento-femenino-clave-para-el-desarrollo-social-y-economico-espanol&amp;ct=ga&amp;cd=CAEYAioTNDYwOTc5NTUyNjY2OTI4ODI4MzIZYzAzNzJlYmMyZmVhZGE1OTplczplczpFUw&amp;usg=AFQjCNGlnJRI_kq_8Jta8De2mqb0ujo4iw\" target=\"_blank\" rel=\"noopener\" data-saferedirecturl=\"https:\/\/www.google.com\/url?q=https:\/\/www.google.com\/url?rct%3Dj%26sa%3Dt%26url%3Dhttps:\/\/desafiomujerrural.es\/noticias\/el-emprendimiento-femenino-clave-para-el-desarrollo-social-y-economico-espanol%26ct%3Dga%26cd%3DCAEYAioTNDYwOTc5NTUyNjY2OTI4ODI4MzIZYzAzNzJlYmMyZmVhZGE1OTplczplczpFUw%26usg%3DAFQjCNGlnJRI_kq_8Jta8De2mqb0ujo4iw&amp;source=gmail&amp;ust=1647418460366000&amp;usg=AOvVaw2N5NMpe-xrK-ZKe2ZkM5Y-\">El emprendimiento femenino, clave para el desarrollo social y econ\u00f3mico espa\u00f1ol\u00a0<\/a>&#8211;<a>Desaf\u00edo Mujer Rural<br \/>\n<\/a><a class=\"title\" href=\"http:\/\/www.rrhhdigital.com\/secciones\/liderazgo\/151436\/Espana-logra-el-mayor-numero-de-mujeres-directivas-de-su-historia\" target=\"_blank\" rel=\"noopener\" data-artpy=\"0\" data-author=\"RRHHDigital\">Espa\u00f1a logra el mayor n\u00famero de mujeres directivas de su historia<\/a>-RRHHdigital<a><br \/>\n<\/a><\/p>\n<p><strong>Actualidad<br \/>\n<\/strong><a href=\"https:\/\/www.google.com\/url?rct=j&amp;sa=t&amp;url=https:\/\/www.abc.es\/familia\/mujeres\/abci-mujeres-tienen-menos-tiempo-libre-hombres-202203130132_noticia.html&amp;ct=ga&amp;cd=CAEYACoTOTg2MTQ0MDI2NDg4MDQ5MzMyNzIZYzAzNzJlYmMyZmVhZGE1OTplczplczpFUw&amp;usg=AFQjCNGEulOt9IgdZDR2d7WyZun_MZ4VQg\" target=\"_blank\" rel=\"noopener\" data-saferedirecturl=\"https:\/\/www.google.com\/url?q=https:\/\/www.google.com\/url?rct%3Dj%26sa%3Dt%26url%3Dhttps:\/\/www.abc.es\/familia\/mujeres\/abci-mujeres-tienen-menos-tiempo-libre-hombres-202203130132_noticia.html%26ct%3Dga%26cd%3DCAEYACoTOTg2MTQ0MDI2NDg4MDQ5MzMyNzIZYzAzNzJlYmMyZmVhZGE1OTplczplczpFUw%26usg%3DAFQjCNGEulOt9IgdZDR2d7WyZun_MZ4VQg&amp;source=gmail&amp;ust=1647339498046000&amp;usg=AOvVaw23crCCoE6U6PKxFN0Onpd4\">Las mujeres tienen menos tiempo libre que los hombres-\u00a0<\/a>abc<br \/>\n<a class=\"title\" href=\"https:\/\/www.canalsur.es\/noticias\/andaluc%C3%ADa\/la-endometriosis-afecta-a-la-mitad-de-mujeres-que-no-pueden-quedarse-embarazadas\/1808960.html\" target=\"_blank\" rel=\"noopener\" data-artpy=\"0\" data-author=\"canalsur.es\">La endometriosis afecta a la mitad de mujeres que no pueden quedarse embarazadas<\/a>-canalsur<\/p>\n<p><strong>Violencias<br \/>\n<\/strong><a href=\"https:\/\/www.google.com\/url?rct=j&amp;sa=t&amp;url=https:\/\/www.estrelladigital.es\/articulo\/sucesos\/beatriz-uriarte-abogada-penalista-podemos-caer-ridiculo-negar-problema-real-debate-es-como-atajar-violencia-genero\/20220308211535493826.html&amp;ct=ga&amp;cd=CAEYACoTOTA0MDEzOTkwMDgyODg3NzE5NTIZZTFlNzdkMTU2MDk4YThlMzplczplczpFUw&amp;usg=AFQjCNE-ov2rXNCeoKWP__341DM4z-hb5A\" target=\"_blank\" rel=\"noopener\" data-saferedirecturl=\"https:\/\/www.google.com\/url?q=https:\/\/www.google.com\/url?rct%3Dj%26sa%3Dt%26url%3Dhttps:\/\/www.estrelladigital.es\/articulo\/sucesos\/beatriz-uriarte-abogada-penalista-podemos-caer-ridiculo-negar-problema-real-debate-es-como-atajar-violencia-genero\/20220308211535493826.html%26ct%3Dga%26cd%3DCAEYACoTOTA0MDEzOTkwMDgyODg3NzE5NTIZZTFlNzdkMTU2MDk4YThlMzplczplczpFUw%26usg%3DAFQjCNE-ov2rXNCeoKWP__341DM4z-hb5A&amp;source=gmail&amp;ust=1647339490232000&amp;usg=AOvVaw3q8Lhkt0gCSZsVHm49X9Hy\">Beatriz Uriarte, abogada penalista: \u201cNo podemos caer en el rid\u00edculo de negar&#8230; &#8211;\u00a0<\/a><a>Estrella Digital<br \/>\n<\/a><a href=\"https:\/\/www.google.com\/url?rct=j&amp;sa=t&amp;url=https:\/\/www.abc.es\/sociedad\/abci-victimas-violencia-genero-aumentaron-93-por-ciento-2021-202203111219_noticia.html&amp;ct=ga&amp;cd=CAEYAioUMTgxMjczNDcwNjExODcwNTkzOTUyGWUxZTc3ZDE1NjA5OGE4ZTM6ZXM6ZXM6RVM&amp;usg=AFQjCNGLdddlrlbB6ZL6ZaYsin9fccGT5w\" target=\"_blank\" rel=\"noopener\" data-saferedirecturl=\"https:\/\/www.google.com\/url?q=https:\/\/www.google.com\/url?rct%3Dj%26sa%3Dt%26url%3Dhttps:\/\/www.abc.es\/sociedad\/abci-victimas-violencia-genero-aumentaron-93-por-ciento-2021-202203111219_noticia.html%26ct%3Dga%26cd%3DCAEYAioUMTgxMjczNDcwNjExODcwNTkzOTUyGWUxZTc3ZDE1NjA5OGE4ZTM6ZXM6ZXM6RVM%26usg%3DAFQjCNGLdddlrlbB6ZL6ZaYsin9fccGT5w&amp;source=gmail&amp;ust=1647339505631000&amp;usg=AOvVaw2WWEWmLhtxYTtuTfkmFzh8\">Las v\u00edctimas de violencia de g\u00e9nero aumentaron un 9,3% en 2021\u00a0\u00a0<\/a>-abc<br \/>\n<a href=\"https:\/\/www.google.com\/url?rct=j&amp;sa=t&amp;url=https:\/\/www.sport.es\/es\/noticias\/nacional\/medio-millar-denuncias-violencia-genero-13357188&amp;ct=ga&amp;cd=CAEYBioUMTYyMjc1NjU3MDI5NTAzMTU0MjQyGWUyZGVmYTdkNWRhOTE1N2Q6ZXM6ZXM6RVM&amp;usg=AFQjCNGfLyI8JJxjLDAnzc14PW6ILBGKwQ\" target=\"_blank\" rel=\"noopener\" data-saferedirecturl=\"https:\/\/www.google.com\/url?q=https:\/\/www.google.com\/url?rct%3Dj%26sa%3Dt%26url%3Dhttps:\/\/www.sport.es\/es\/noticias\/nacional\/medio-millar-denuncias-violencia-genero-13357188%26ct%3Dga%26cd%3DCAEYBioUMTYyMjc1NjU3MDI5NTAzMTU0MjQyGWUyZGVmYTdkNWRhOTE1N2Q6ZXM6ZXM6RVM%26usg%3DAFQjCNGfLyI8JJxjLDAnzc14PW6ILBGKwQ&amp;source=gmail&amp;ust=1647339498143000&amp;usg=AOvVaw3Sue8GuiaNnkm6mTNjInAG\">Casi medio millar de denuncias por violencia de g\u00e9nero\u00a0cada d\u00eda de 2021<\/a>-sport<br \/>\n<a href=\"https:\/\/www.google.com\/url?rct=j&amp;sa=t&amp;url=https:\/\/www.lamoncloa.gob.es\/serviciosdeprensa\/notasprensa\/igualdad\/Paginas\/2022\/140322-impacto-covid-violencia-genero.aspx&amp;ct=ga&amp;cd=CAEYASoUMTE4ODc5NTQxMzQ3NDU4MzE3NDIyGTU5ZDc4MTcxMzZhMmQwMjg6ZXM6ZXM6RVM&amp;usg=AFQjCNETKJzl91jGf1uUDWf5ionNYHE_Xg\" target=\"_blank\" rel=\"noopener\" data-saferedirecturl=\"https:\/\/www.google.com\/url?q=https:\/\/www.google.com\/url?rct%3Dj%26sa%3Dt%26url%3Dhttps:\/\/www.lamoncloa.gob.es\/serviciosdeprensa\/notasprensa\/igualdad\/Paginas\/2022\/140322-impacto-covid-violencia-genero.aspx%26ct%3Dga%26cd%3DCAEYASoUMTE4ODc5NTQxMzQ3NDU4MzE3NDIyGTU5ZDc4MTcxMzZhMmQwMjg6ZXM6ZXM6RVM%26usg%3DAFQjCNETKJzl91jGf1uUDWf5ionNYHE_Xg&amp;source=gmail&amp;ust=1647418452721000&amp;usg=AOvVaw0FDCIXPaqoEwIqWMIe1UbS\">La pandemia intensific\u00f3 el control y el aislamiento de las mujeres en situaci\u00f3n de violencia &#8230;-\u00a0<\/a><a>La Moncloa<\/a><\/p>\n<p><strong>Ciencia y Cultura<br \/>\n<\/strong><a class=\"title\" href=\"https:\/\/www.elespanol.com\/enclave-ods\/historias\/20220315\/reinventa-tech-rompedor-programa-oracle-mujeres-vocacion-stem\/657184756_0.html\" target=\"_blank\" rel=\"noopener\" data-artpy=\"0\" data-author=\"ESPA\u00d1OL\">Reinventa-Tech, el rompedor programa de Oracle para formar a mujeres con vocaci\u00f3n STEM<\/a>-elespa\u00f1ol<strong><br \/>\n<\/strong><a href=\"https:\/\/www.google.com\/url?rct=j&amp;sa=t&amp;url=https:\/\/www.rtve.es\/play\/audios\/la-ventana-del-cervantes\/caja-letras-suena-femenino-12-03-12\/6433858\/&amp;ct=ga&amp;cd=CAEYDCoSNzQ5MjM4NzY5MzU5Nzc1NDIxMhljMDM3MmViYzJmZWFkYTU5OmVzOmVzOkVT&amp;usg=AFQjCNEAXu4s30lMivegCjSn77zaSkrIZw\" target=\"_blank\" rel=\"noopener\" data-saferedirecturl=\"https:\/\/www.google.com\/url?q=https:\/\/www.google.com\/url?rct%3Dj%26sa%3Dt%26url%3Dhttps:\/\/www.rtve.es\/play\/audios\/la-ventana-del-cervantes\/caja-letras-suena-femenino-12-03-12\/6433858\/%26ct%3Dga%26cd%3DCAEYDCoSNzQ5MjM4NzY5MzU5Nzc1NDIxMhljMDM3MmViYzJmZWFkYTU5OmVzOmVzOkVT%26usg%3DAFQjCNEAXu4s30lMivegCjSn77zaSkrIZw&amp;source=gmail&amp;ust=1647339497936000&amp;usg=AOvVaw19l8tw_wgr1dF7JNd5kWeK\">La Caja de las Letras &#8216;sue\u00f1a&#8217; en femenino-<\/a>rtve<br \/>\n<a href=\"https:\/\/www.google.com\/url?rct=j&amp;sa=t&amp;url=https:\/\/efeminista.com\/thyssen-ciclo-performance-mujeres\/&amp;ct=ga&amp;cd=CAEYDCoUMTYyMjc1NjU3MDI5NTAzMTU0MjQyGWUyZGVmYTdkNWRhOTE1N2Q6ZXM6ZXM6RVM&amp;usg=AFQjCNGo5lZRd9lDLf0hdplHUGXNWbyN2Q\" target=\"_blank\" rel=\"noopener\" data-saferedirecturl=\"https:\/\/www.google.com\/url?q=https:\/\/www.google.com\/url?rct%3Dj%26sa%3Dt%26url%3Dhttps:\/\/efeminista.com\/thyssen-ciclo-performance-mujeres\/%26ct%3Dga%26cd%3DCAEYDCoUMTYyMjc1NjU3MDI5NTAzMTU0MjQyGWUyZGVmYTdkNWRhOTE1N2Q6ZXM6ZXM6RVM%26usg%3DAFQjCNGo5lZRd9lDLf0hdplHUGXNWbyN2Q&amp;source=gmail&amp;ust=1647339498145000&amp;usg=AOvVaw2-4_Szx1YZnsDtyI_QrLa2\">El Thyssen presenta un ciclo de performance protagonizado por mujeres &#8211;\u00a0<\/a><a>Efeminista<br \/>\n<\/a><a class=\"title\" href=\"https:\/\/www.heraldo.es\/noticias\/ocio-y-cultura\/2022\/03\/15\/ines-martin-rodrigo-lo-que-no-se-nombra-no-existe-y-lo-que-no-se-recuerda-desparece-1559811.html\" target=\"_blank\" rel=\"noopener\" data-artpy=\"0\" data-author=\"Heraldo\">In\u00e9s Mart\u00edn Rodrigo: \u201cUna escribe porque ha le\u00eddo, lee y lo seguir\u00e1 haciendo\u201d<\/a>-heraldo<a><br \/>\n<\/a><\/p>\n<p><strong>\u00a0<\/strong><strong>Deporte<br \/>\n<\/strong><a class=\"title\" href=\"https:\/\/www.canalsur.es\/noticias\/deportes\/el-consejo-superior-de-deportes-aprueba-la-primera-liga-profesional-de-futbol-femenino\/1809177.html\" target=\"_blank\" rel=\"noopener\" data-artpy=\"0\" data-author=\"canalsur.es\">El Consejo Superior de Deportes aprueba la primera liga profesional de f\u00fatbol femenino<\/a>-canalsur<br \/>\n<a class=\"title\" href=\"https:\/\/www.msn.com\/es-es\/sports\/futbol\/el-barcelona-femenino-un-ejemplo-a-seguir-en-espa-c3-b1a-y-en-el-mundo-radiograf-c3-ada-a-un-equipo-campe-c3-b3n\/ar-AAV0VjA?ocid=BingNewsSearch\" target=\"_blank\" rel=\"noopener\" data-artpy=\"0\" data-author=\"ESPA\u00d1OL on MSN.com\">El Barcelona Femenino, un ejemplo a seguir en Espa\u00f1a y en el mundo: radiograf\u00eda a un equipo campe\u00f3n<\/a>-elespa\u00f1ol<br \/>\n<a class=\"title\" href=\"https:\/\/www.lavanguardia.com\/deportes\/tenis\/20220315\/8125334\/badosa-gana-derbi-espanol-sorribes-octavos.html\" target=\"_blank\" rel=\"noopener\" data-artpy=\"0\" data-author=\"La Vanguardia\">Badosa gana el derbi espa\u00f1ol a Sorribes y pasa a octavos<\/a>-lavanguardia<strong><br \/>\n<\/strong><\/p>\n<\/div>\n<\/div>\n<div id=\"\" class=\"lsow-panel lsow-active\">\n<h1 class=\"lsow-panel-title\">Internacional<\/h1>\n<div class=\"lsow-panel-content\">\n<p><a href=\"https:\/\/www.google.com\/url?rct=j&amp;sa=t&amp;url=https:\/\/repositorio.iica.int\/handle\/11324\/19649%3Flocale-attribute%3Dpt_BR&amp;ct=ga&amp;cd=CAEYASoUMTYxODY0MjI1MjI5OTU5Nzk0NzkyGTU5ZDc4MTcxMzZhMmQwMjg6ZXM6ZXM6RVM&amp;usg=AFQjCNEG97yxep7tGKrzbXqbttnmFp06NA\" target=\"_blank\" rel=\"noopener\" data-saferedirecturl=\"https:\/\/www.google.com\/url?q=https:\/\/www.google.com\/url?rct%3Dj%26sa%3Dt%26url%3Dhttps:\/\/repositorio.iica.int\/handle\/11324\/19649%253Flocale-attribute%253Dpt_BR%26ct%3Dga%26cd%3DCAEYASoUMTYxODY0MjI1MjI5OTU5Nzk0NzkyGTU5ZDc4MTcxMzZhMmQwMjg6ZXM6ZXM6RVM%26usg%3DAFQjCNEG97yxep7tGKrzbXqbttnmFp06NA&amp;source=gmail&amp;ust=1647339504194000&amp;usg=AOvVaw0wvHE_S9Me4tghm85WjZ41\">La pol\u00edtica sueca sobre la cooperaci\u00f3n\u00a0internacional en general con \u00e9nfasis en el tema de\u00a0g\u00e9nero<b>&#8211;\u00a0<\/b><\/a><a>Repositorio IICA<br \/>\n<\/a><a href=\"https:\/\/www.google.com\/url?rct=j&amp;sa=t&amp;url=https:\/\/www.tiemposur.com.ar\/info-general\/la-justicia-argentina-avanza-en-una-politica-conjunta-en-materia-de-genero&amp;ct=ga&amp;cd=CAEYFCoTNDU3MDgzMTQzODAzMjMyMTgwMDIZNTlkNzgxNzEzNmEyZDAyODplczplczpFUw&amp;usg=AFQjCNEk9y_nR4x17ecbu5AEfkrnDF8GxQ\" target=\"_blank\" rel=\"noopener\" data-saferedirecturl=\"https:\/\/www.google.com\/url?hl=es&amp;q=https:\/\/www.google.com\/url?rct%3Dj%26sa%3Dt%26url%3Dhttps:\/\/www.tiemposur.com.ar\/info-general\/la-justicia-argentina-avanza-en-una-politica-conjunta-en-materia-de-genero%26ct%3Dga%26cd%3DCAEYFCoTNDU3MDgzMTQzODAzMjMyMTgwMDIZNTlkNzgxNzEzNmEyZDAyODplczplczpFUw%26usg%3DAFQjCNEk9y_nR4x17ecbu5AEfkrnDF8GxQ&amp;source=gmail&amp;ust=1647347805775000&amp;usg=AOvVaw1P9eY8lz8Ttcz_Qk8vYmLN\">La justicia argentina avanza en una pol\u00edtica conjunta en materia de g\u00e9nero &#8211;<\/a><a>Tiempo Sur<br \/>\n<\/a><a href=\"https:\/\/www.google.com\/url?rct=j&amp;sa=t&amp;url=https:\/\/www.prensa-latina.cu\/2022\/03\/13\/lideres-mexicanas-por-mayor-rol-de-la-mujer-en-toma-de-decisiones&amp;ct=ga&amp;cd=CAEYHioTMTMxODE1NTgxMDUzOTQ5MTU5OTIZYzAzNzJlYmMyZmVhZGE1OTplczplczpFUw&amp;usg=AFQjCNHwSr2k6K4h3Uh5PkZZ08Km_Huf4g\" target=\"_blank\" rel=\"noopener\" data-saferedirecturl=\"https:\/\/www.google.com\/url?hl=es&amp;q=https:\/\/www.google.com\/url?rct%3Dj%26sa%3Dt%26url%3Dhttps:\/\/www.prensa-latina.cu\/2022\/03\/13\/lideres-mexicanas-por-mayor-rol-de-la-mujer-en-toma-de-decisiones%26ct%3Dga%26cd%3DCAEYHioTMTMxODE1NTgxMDUzOTQ5MTU5OTIZYzAzNzJlYmMyZmVhZGE1OTplczplczpFUw%26usg%3DAFQjCNHwSr2k6K4h3Uh5PkZZ08Km_Huf4g&amp;source=gmail&amp;ust=1647350378525000&amp;usg=AOvVaw0AbnYtkn8z8X9FH7VvT3l-\">L\u00edderes mexicanas por mayor rol de la mujer\u00a0en toma de decisiones<\/a>-prensalatina<a><br \/>\n<\/a><a href=\"https:\/\/www.google.com\/url?rct=j&amp;sa=t&amp;url=https:\/\/www.efe.com\/efe\/america\/sociedad\/espana-coopera-con-guatemala-contra-la-desnutricion-y-brecha-de-genero\/20000013-4760035&amp;ct=ga&amp;cd=CAEYASoUMTA2NjMwMjUyMjI0MTI2ODQ5ODMyGTU5ZDc4MTcxMzZhMmQwMjg6ZXM6ZXM6RVM&amp;usg=AFQjCNGei6xeFWNH7GmbIb3Uokp-d6_fWw\" target=\"_blank\" rel=\"noopener\" data-saferedirecturl=\"https:\/\/www.google.com\/url?q=https:\/\/www.google.com\/url?rct%3Dj%26sa%3Dt%26url%3Dhttps:\/\/www.efe.com\/efe\/america\/sociedad\/espana-coopera-con-guatemala-contra-la-desnutricion-y-brecha-de-genero\/20000013-4760035%26ct%3Dga%26cd%3DCAEYASoUMTA2NjMwMjUyMjI0MTI2ODQ5ODMyGTU5ZDc4MTcxMzZhMmQwMjg6ZXM6ZXM6RVM%26usg%3DAFQjCNGei6xeFWNH7GmbIb3Uokp-d6_fWw&amp;source=gmail&amp;ust=1647339496622000&amp;usg=AOvVaw2muZ_JncP6gB4Nh6K2CJmx\">Espa\u00f1a coopera con Guatemala contra la desnutrici\u00f3n y la brecha de g\u00e9nero &#8211;\u00a0<\/a><a>Agencia EFE<br \/>\n<\/a><a href=\"https:\/\/www.google.com\/url?rct=j&amp;sa=t&amp;url=https:\/\/www.enicbcmed.eu\/womed-stories-women-who-break-stereotypes&amp;ct=ga&amp;cd=CAEYACoUMTY4NjI5Mjk1MTk1OTM0Njc4OTUyG2I5ZTdlOWNmODc1MzNhZWI6ZXM6ZXM6RVM6TA&amp;usg=AFQjCNFAeuhF2L-8zUHkzQhQomerQw9o-g\" target=\"_blank\" rel=\"noopener\" data-saferedirecturl=\"https:\/\/www.google.com\/url?q=https:\/\/www.google.com\/url?rct%3Dj%26sa%3Dt%26url%3Dhttps:\/\/www.enicbcmed.eu\/womed-stories-women-who-break-stereotypes%26ct%3Dga%26cd%3DCAEYACoUMTY4NjI5Mjk1MTk1OTM0Njc4OTUyG2I5ZTdlOWNmODc1MzNhZWI6ZXM6ZXM6RVM6TA%26usg%3DAFQjCNFAeuhF2L-8zUHkzQhQomerQw9o-g&amp;source=gmail&amp;ust=1647421265548000&amp;usg=AOvVaw2EX0W3KO66vQ7_045ULWaw\">#WOMED: stories of women who break stereotypes |<\/a><a>ENI CBC Med<br \/>\n<\/a><a href=\"https:\/\/www.google.com\/url?rct=j&amp;sa=t&amp;url=https:\/\/heraldodepuebla.com\/2022\/03\/13\/una-mujer-cientifica-no-es-un-raton-de-laboratorio-mal-pagado-griselda-corro\/&amp;ct=ga&amp;cd=CAEYAyoTNjg5MDc5NTE1ODUxOTQwMDYyMTIZYzAzNzJlYmMyZmVhZGE1OTplczplczpFUw&amp;usg=AFQjCNFDHCQHwTiCKSF8nje2wIUISB0cJA\" target=\"_blank\" rel=\"noopener\" data-saferedirecturl=\"https:\/\/www.google.com\/url?q=https:\/\/www.google.com\/url?rct%3Dj%26sa%3Dt%26url%3Dhttps:\/\/heraldodepuebla.com\/2022\/03\/13\/una-mujer-cientifica-no-es-un-raton-de-laboratorio-mal-pagado-griselda-corro\/%26ct%3Dga%26cd%3DCAEYAyoTNjg5MDc5NTE1ODUxOTQwMDYyMTIZYzAzNzJlYmMyZmVhZGE1OTplczplczpFUw%26usg%3DAFQjCNFDHCQHwTiCKSF8nje2wIUISB0cJA&amp;source=gmail&amp;ust=1647339490369000&amp;usg=AOvVaw3BynMyrouMOXezCY-ZP08a\">Una cient\u00edfica no es un rat\u00f3n de laboratorio mal pagado: Griselda Corro &#8211;<\/a><a>El Heraldo de Puebla<br \/>\n<\/a><a href=\"https:\/\/www.google.com\/url?rct=j&amp;sa=t&amp;url=https:\/\/www.semmexico.mx\/cuba-mujeres-desafian-brechas-de-genero-en-las-ciencias\/&amp;ct=ga&amp;cd=CAEYGyoUMTQ5ODA3NjUzNTg0NTk2OTc3MTAyGWUyZGVmYTdkNWRhOTE1N2Q6ZXM6ZXM6RVM&amp;usg=AFQjCNHi9CmnivgeN31YsQ9FKrXk2cLWtQ\" target=\"_blank\" rel=\"noopener\" data-saferedirecturl=\"https:\/\/www.google.com\/url?hl=es&amp;q=https:\/\/www.google.com\/url?rct%3Dj%26sa%3Dt%26url%3Dhttps:\/\/www.semmexico.mx\/cuba-mujeres-desafian-brechas-de-genero-en-las-ciencias\/%26ct%3Dga%26cd%3DCAEYGyoUMTQ5ODA3NjUzNTg0NTk2OTc3MTAyGWUyZGVmYTdkNWRhOTE1N2Q6ZXM6ZXM6RVM%26usg%3DAFQjCNHi9CmnivgeN31YsQ9FKrXk2cLWtQ&amp;source=gmail&amp;ust=1647422068191000&amp;usg=AOvVaw0FxzpML8GgidvTMaroHYNj\">Cuba: Mujeres desaf\u00edan brechas de g\u00e9nero en las ciencias-<\/a>s<a>emM\u00e9xico<\/a><a><br \/>\n<\/a><a href=\"https:\/\/www.google.com\/url?rct=j&amp;sa=t&amp;url=https:\/\/www.cadenanueve.com\/2022\/03\/14\/las-matematicas-unen-sin-importar-la-geografia-el-genero-o-la-religion\/&amp;ct=ga&amp;cd=CAEYHSoUMTE4ODc5NTQxMzQ3NDU4MzE3NDIyGTU5ZDc4MTcxMzZhMmQwMjg6ZXM6ZXM6RVM&amp;usg=AFQjCNE4hKZLhiYocQLfaphE_2Hy6HSGmw\" target=\"_blank\" rel=\"noopener\" data-saferedirecturl=\"https:\/\/www.google.com\/url?hl=es&amp;q=https:\/\/www.google.com\/url?rct%3Dj%26sa%3Dt%26url%3Dhttps:\/\/www.cadenanueve.com\/2022\/03\/14\/las-matematicas-unen-sin-importar-la-geografia-el-genero-o-la-religion\/%26ct%3Dga%26cd%3DCAEYHSoUMTE4ODc5NTQxMzQ3NDU4MzE3NDIyGTU5ZDc4MTcxMzZhMmQwMjg6ZXM6ZXM6RVM%26usg%3DAFQjCNE4hKZLhiYocQLfaphE_2Hy6HSGmw&amp;source=gmail&amp;ust=1647420840930000&amp;usg=AOvVaw3BaWN9KjMQhvFnrUmQ3p_7\">Las matem\u00e1ticas unen, sin importar la geograf\u00eda, el g\u00e9nero o la religi\u00f3n &#8211;<\/a><a>Cadena Nueve<br \/>\n<\/a><a href=\"https:\/\/www.google.com\/url?rct=j&amp;sa=t&amp;url=https:\/\/holanews.com\/ecuador-compartira-en-foros-de-la-onu-iniciativas-de-empoderamiento-de-la-mujer\/&amp;ct=ga&amp;cd=CAEYHioUMTE4ODc5NTQxMzQ3NDU4MzE3NDIyGTU5ZDc4MTcxMzZhMmQwMjg6ZXM6ZXM6RVM&amp;usg=AFQjCNEKRojT3yp10U6jCYYOrnDcRGafIg\" target=\"_blank\" rel=\"noopener\" data-saferedirecturl=\"https:\/\/www.google.com\/url?hl=es&amp;q=https:\/\/www.google.com\/url?rct%3Dj%26sa%3Dt%26url%3Dhttps:\/\/holanews.com\/ecuador-compartira-en-foros-de-la-onu-iniciativas-de-empoderamiento-de-la-mujer\/%26ct%3Dga%26cd%3DCAEYHioUMTE4ODc5NTQxMzQ3NDU4MzE3NDIyGTU5ZDc4MTcxMzZhMmQwMjg6ZXM6ZXM6RVM%26usg%3DAFQjCNEKRojT3yp10U6jCYYOrnDcRGafIg&amp;source=gmail&amp;ust=1647420840931000&amp;usg=AOvVaw0zkoTVM4raEFP9d5pNuzT8\">Ecuador compartir\u00e1 en foros de la ONU iniciativas de empoderamiento de la mujer &#8211;\u00a0<\/a><a>Hola News<\/a><\/p>\n<\/div>\n<\/div>\n<\/div><\/div><\/div><\/div><\/div>\n","protected":false},"excerpt":{"rendered":"<p>WOMED stories of women who break stereotypes * Espa\u00f1a logra el mayor n\u00famero de mujeres directivas de su historia * La Caja de las Letras sue\u00f1a en femenino * CSD aprueba la primera liga profesional de f\u00fatbol femenino * Google y Twitter juntos para acabar con el acoso en l\u00ednea a mujeres<\/p>\n","protected":false},"author":3,"featured_media":22909,"comment_status":"closed","ping_status":"closed","sticky":false,"template":"","format":"standard","meta":{"footnotes":""},"categories":[298,621],"tags":[232,90,112,96],"class_list":["post-15991","post","type-post","status-publish","format-standard","has-post-thumbnail","hentry","category-newsletter","category-nwl-3-0","tag-deporte-femenino","tag-directivas","tag-estereotipos","tag-mujeres"],"yoast_head":"<!-- This site is optimized with the Yoast SEO plugin v27.5 - https:\/\/yoast.com\/product\/yoast-seo-wordpress\/ -->\n<title>Noticias Info CKL n\u00ba 2666-15\/03\/22 -Comunicar con perspectiva de g\u00e9nero<\/title>\n<meta name=\"description\" content=\"Noticias Info CKL n\u00ba 2666-15\/03\/22 WOMED stories of women who break stereotypes * Espa\u00f1a logra el mayor n\u00famero de mujeres directivas de su historia * La Caja de las Letras sue\u00f1a en femenino * CSD aprueba la primera liga profesional de f\u00fatbol femenino * Google y Twitter juntos para acabar con el acoso en l\u00ednea a mujeres\" \/>\n<meta name=\"robots\" content=\"index, follow, max-snippet:-1, max-image-preview:large, max-video-preview:-1\" \/>\n<link rel=\"canonical\" href=\"https:\/\/cklcomunicaciones.es\/coop\/noticias-info-ckl-no-2666-15-03-22\/\" \/>\n<meta property=\"og:locale\" content=\"es_ES\" \/>\n<meta property=\"og:type\" content=\"article\" \/>\n<meta property=\"og:title\" content=\"Noticias Info CKL n\u00ba 2666-15\/03\/22 -Comunicar con perspectiva de g\u00e9nero\" \/>\n<meta property=\"og:description\" content=\"Noticias Info CKL n\u00ba 2666-15\/03\/22 WOMED stories of women who break stereotypes * Espa\u00f1a logra el mayor n\u00famero de mujeres directivas de su historia * La Caja de las Letras sue\u00f1a en femenino * CSD aprueba la primera liga profesional de f\u00fatbol femenino * Google y Twitter juntos para acabar con el acoso en l\u00ednea a mujeres\" \/>\n<meta property=\"og:url\" content=\"https:\/\/cklcomunicaciones.es\/coop\/noticias-info-ckl-no-2666-15-03-22\/\" \/>\n<meta property=\"og:site_name\" content=\"CKL Comunicaciones\" \/>\n<meta property=\"article:published_time\" content=\"2022-03-15T10:00:04+00:00\" \/>\n<meta property=\"article:modified_time\" content=\"2025-02-09T11:07:45+00:00\" \/>\n<meta property=\"og:image\" content=\"https:\/\/cklcomunicaciones.es\/coop\/wp-content\/uploads\/2025\/01\/CKL-una-mirada-distinta-de-la-comunicacion.jpg\" \/>\n\t<meta property=\"og:image:width\" content=\"1482\" \/>\n\t<meta property=\"og:image:height\" content=\"775\" \/>\n\t<meta property=\"og:image:type\" content=\"image\/jpeg\" \/>\n<meta name=\"author\" content=\"ckl\" \/>\n<meta name=\"twitter:card\" content=\"summary_large_image\" \/>\n<meta name=\"twitter:label1\" content=\"Escrito por\" \/>\n\t<meta name=\"twitter:data1\" content=\"ckl\" \/>\n\t<meta name=\"twitter:label2\" content=\"Tiempo de lectura\" \/>\n\t<meta name=\"twitter:data2\" content=\"6 minutos\" \/>\n<script type=\"application\/ld+json\" class=\"yoast-schema-graph\">{\"@context\":\"https:\\\/\\\/schema.org\",\"@graph\":[{\"@type\":\"Article\",\"@id\":\"https:\\\/\\\/cklcomunicaciones.es\\\/coop\\\/noticias-info-ckl-no-2666-15-03-22\\\/#article\",\"isPartOf\":{\"@id\":\"https:\\\/\\\/cklcomunicaciones.es\\\/coop\\\/noticias-info-ckl-no-2666-15-03-22\\\/\"},\"author\":{\"name\":\"ckl\",\"@id\":\"https:\\\/\\\/cklcomunicaciones.es\\\/coop\\\/#\\\/schema\\\/person\\\/929a6837f7626450bbb50cee1aef266e\"},\"headline\":\"Noticias Info CKL n\u00ba 2666-15\\\/03\\\/22\",\"datePublished\":\"2022-03-15T10:00:04+00:00\",\"dateModified\":\"2025-02-09T11:07:45+00:00\",\"mainEntityOfPage\":{\"@id\":\"https:\\\/\\\/cklcomunicaciones.es\\\/coop\\\/noticias-info-ckl-no-2666-15-03-22\\\/\"},\"wordCount\":1295,\"image\":{\"@id\":\"https:\\\/\\\/cklcomunicaciones.es\\\/coop\\\/noticias-info-ckl-no-2666-15-03-22\\\/#primaryimage\"},\"thumbnailUrl\":\"https:\\\/\\\/cklcomunicaciones.es\\\/coop\\\/wp-content\\\/uploads\\\/2025\\\/01\\\/CKL-una-mirada-distinta-de-la-comunicacion.jpg\",\"keywords\":[\"deporte femenino\",\"directivas\",\"estereotipos\",\"mujeres\"],\"articleSection\":[\"Newsletter\",\"Nwl v3.0\"],\"inLanguage\":\"es\"},{\"@type\":\"WebPage\",\"@id\":\"https:\\\/\\\/cklcomunicaciones.es\\\/coop\\\/noticias-info-ckl-no-2666-15-03-22\\\/\",\"url\":\"https:\\\/\\\/cklcomunicaciones.es\\\/coop\\\/noticias-info-ckl-no-2666-15-03-22\\\/\",\"name\":\"Noticias Info CKL n\u00ba 2666-15\\\/03\\\/22 -Comunicar con perspectiva de g\u00e9nero\",\"isPartOf\":{\"@id\":\"https:\\\/\\\/cklcomunicaciones.es\\\/coop\\\/#website\"},\"primaryImageOfPage\":{\"@id\":\"https:\\\/\\\/cklcomunicaciones.es\\\/coop\\\/noticias-info-ckl-no-2666-15-03-22\\\/#primaryimage\"},\"image\":{\"@id\":\"https:\\\/\\\/cklcomunicaciones.es\\\/coop\\\/noticias-info-ckl-no-2666-15-03-22\\\/#primaryimage\"},\"thumbnailUrl\":\"https:\\\/\\\/cklcomunicaciones.es\\\/coop\\\/wp-content\\\/uploads\\\/2025\\\/01\\\/CKL-una-mirada-distinta-de-la-comunicacion.jpg\",\"datePublished\":\"2022-03-15T10:00:04+00:00\",\"dateModified\":\"2025-02-09T11:07:45+00:00\",\"author\":{\"@id\":\"https:\\\/\\\/cklcomunicaciones.es\\\/coop\\\/#\\\/schema\\\/person\\\/929a6837f7626450bbb50cee1aef266e\"},\"description\":\"Noticias Info CKL n\u00ba 2666-15\\\/03\\\/22 WOMED stories of women who break stereotypes * Espa\u00f1a logra el mayor n\u00famero de mujeres directivas de su historia * La Caja de las Letras sue\u00f1a en femenino * CSD aprueba la primera liga profesional de f\u00fatbol femenino * Google y Twitter juntos para acabar con el acoso en l\u00ednea a mujeres\",\"breadcrumb\":{\"@id\":\"https:\\\/\\\/cklcomunicaciones.es\\\/coop\\\/noticias-info-ckl-no-2666-15-03-22\\\/#breadcrumb\"},\"inLanguage\":\"es\",\"potentialAction\":[{\"@type\":\"ReadAction\",\"target\":[\"https:\\\/\\\/cklcomunicaciones.es\\\/coop\\\/noticias-info-ckl-no-2666-15-03-22\\\/\"]}]},{\"@type\":\"ImageObject\",\"inLanguage\":\"es\",\"@id\":\"https:\\\/\\\/cklcomunicaciones.es\\\/coop\\\/noticias-info-ckl-no-2666-15-03-22\\\/#primaryimage\",\"url\":\"https:\\\/\\\/cklcomunicaciones.es\\\/coop\\\/wp-content\\\/uploads\\\/2025\\\/01\\\/CKL-una-mirada-distinta-de-la-comunicacion.jpg\",\"contentUrl\":\"https:\\\/\\\/cklcomunicaciones.es\\\/coop\\\/wp-content\\\/uploads\\\/2025\\\/01\\\/CKL-una-mirada-distinta-de-la-comunicacion.jpg\",\"width\":1482,\"height\":775,\"caption\":\"CKL - una mirada distinta de la comunicacion\"},{\"@type\":\"BreadcrumbList\",\"@id\":\"https:\\\/\\\/cklcomunicaciones.es\\\/coop\\\/noticias-info-ckl-no-2666-15-03-22\\\/#breadcrumb\",\"itemListElement\":[{\"@type\":\"ListItem\",\"position\":1,\"name\":\"Portada\",\"item\":\"https:\\\/\\\/cklcomunicaciones.es\\\/coop\\\/\"},{\"@type\":\"ListItem\",\"position\":2,\"name\":\"Noticias Info CKL n\u00ba 2666-15\\\/03\\\/22\"}]},{\"@type\":\"WebSite\",\"@id\":\"https:\\\/\\\/cklcomunicaciones.es\\\/coop\\\/#website\",\"url\":\"https:\\\/\\\/cklcomunicaciones.es\\\/coop\\\/\",\"name\":\"CKL Comunicaciones\",\"description\":\"Sitio web de CKL Comunicaciones coop , la consultora de comunicaci\u00f3n y estrategia\",\"potentialAction\":[{\"@type\":\"SearchAction\",\"target\":{\"@type\":\"EntryPoint\",\"urlTemplate\":\"https:\\\/\\\/cklcomunicaciones.es\\\/coop\\\/?s={search_term_string}\"},\"query-input\":{\"@type\":\"PropertyValueSpecification\",\"valueRequired\":true,\"valueName\":\"search_term_string\"}}],\"inLanguage\":\"es\"},{\"@type\":\"Person\",\"@id\":\"https:\\\/\\\/cklcomunicaciones.es\\\/coop\\\/#\\\/schema\\\/person\\\/929a6837f7626450bbb50cee1aef266e\",\"name\":\"ckl\",\"image\":{\"@type\":\"ImageObject\",\"inLanguage\":\"es\",\"@id\":\"https:\\\/\\\/secure.gravatar.com\\\/avatar\\\/c82db564e8a669bf6023357a157b9dc4780f4d4c618f2ad1d71a6a5dede45057?s=96&d=mm&r=g\",\"url\":\"https:\\\/\\\/secure.gravatar.com\\\/avatar\\\/c82db564e8a669bf6023357a157b9dc4780f4d4c618f2ad1d71a6a5dede45057?s=96&d=mm&r=g\",\"contentUrl\":\"https:\\\/\\\/secure.gravatar.com\\\/avatar\\\/c82db564e8a669bf6023357a157b9dc4780f4d4c618f2ad1d71a6a5dede45057?s=96&d=mm&r=g\",\"caption\":\"ckl\"},\"url\":\"https:\\\/\\\/cklcomunicaciones.es\\\/coop\\\/author\\\/cklcomunicaciones\\\/\"}]}<\/script>\n<!-- \/ Yoast SEO plugin. -->","yoast_head_json":{"title":"Noticias Info CKL n\u00ba 2666-15\/03\/22 -Comunicar con perspectiva de g\u00e9nero","description":"Noticias Info CKL n\u00ba 2666-15\/03\/22 WOMED stories of women who break stereotypes * Espa\u00f1a logra el mayor n\u00famero de mujeres directivas de su historia * La Caja de las Letras sue\u00f1a en femenino * CSD aprueba la primera liga profesional de f\u00fatbol femenino * Google y Twitter juntos para acabar con el acoso en l\u00ednea a mujeres","robots":{"index":"index","follow":"follow","max-snippet":"max-snippet:-1","max-image-preview":"max-image-preview:large","max-video-preview":"max-video-preview:-1"},"canonical":"https:\/\/cklcomunicaciones.es\/coop\/noticias-info-ckl-no-2666-15-03-22\/","og_locale":"es_ES","og_type":"article","og_title":"Noticias Info CKL n\u00ba 2666-15\/03\/22 -Comunicar con perspectiva de g\u00e9nero","og_description":"Noticias Info CKL n\u00ba 2666-15\/03\/22 WOMED stories of women who break stereotypes * Espa\u00f1a logra el mayor n\u00famero de mujeres directivas de su historia * La Caja de las Letras sue\u00f1a en femenino * CSD aprueba la primera liga profesional de f\u00fatbol femenino * Google y Twitter juntos para acabar con el acoso en l\u00ednea a mujeres","og_url":"https:\/\/cklcomunicaciones.es\/coop\/noticias-info-ckl-no-2666-15-03-22\/","og_site_name":"CKL Comunicaciones","article_published_time":"2022-03-15T10:00:04+00:00","article_modified_time":"2025-02-09T11:07:45+00:00","og_image":[{"width":1482,"height":775,"url":"https:\/\/cklcomunicaciones.es\/coop\/wp-content\/uploads\/2025\/01\/CKL-una-mirada-distinta-de-la-comunicacion.jpg","type":"image\/jpeg"}],"author":"ckl","twitter_card":"summary_large_image","twitter_misc":{"Escrito por":"ckl","Tiempo de lectura":"6 minutos"},"schema":{"@context":"https:\/\/schema.org","@graph":[{"@type":"Article","@id":"https:\/\/cklcomunicaciones.es\/coop\/noticias-info-ckl-no-2666-15-03-22\/#article","isPartOf":{"@id":"https:\/\/cklcomunicaciones.es\/coop\/noticias-info-ckl-no-2666-15-03-22\/"},"author":{"name":"ckl","@id":"https:\/\/cklcomunicaciones.es\/coop\/#\/schema\/person\/929a6837f7626450bbb50cee1aef266e"},"headline":"Noticias Info CKL n\u00ba 2666-15\/03\/22","datePublished":"2022-03-15T10:00:04+00:00","dateModified":"2025-02-09T11:07:45+00:00","mainEntityOfPage":{"@id":"https:\/\/cklcomunicaciones.es\/coop\/noticias-info-ckl-no-2666-15-03-22\/"},"wordCount":1295,"image":{"@id":"https:\/\/cklcomunicaciones.es\/coop\/noticias-info-ckl-no-2666-15-03-22\/#primaryimage"},"thumbnailUrl":"https:\/\/cklcomunicaciones.es\/coop\/wp-content\/uploads\/2025\/01\/CKL-una-mirada-distinta-de-la-comunicacion.jpg","keywords":["deporte femenino","directivas","estereotipos","mujeres"],"articleSection":["Newsletter","Nwl v3.0"],"inLanguage":"es"},{"@type":"WebPage","@id":"https:\/\/cklcomunicaciones.es\/coop\/noticias-info-ckl-no-2666-15-03-22\/","url":"https:\/\/cklcomunicaciones.es\/coop\/noticias-info-ckl-no-2666-15-03-22\/","name":"Noticias Info CKL n\u00ba 2666-15\/03\/22 -Comunicar con perspectiva de g\u00e9nero","isPartOf":{"@id":"https:\/\/cklcomunicaciones.es\/coop\/#website"},"primaryImageOfPage":{"@id":"https:\/\/cklcomunicaciones.es\/coop\/noticias-info-ckl-no-2666-15-03-22\/#primaryimage"},"image":{"@id":"https:\/\/cklcomunicaciones.es\/coop\/noticias-info-ckl-no-2666-15-03-22\/#primaryimage"},"thumbnailUrl":"https:\/\/cklcomunicaciones.es\/coop\/wp-content\/uploads\/2025\/01\/CKL-una-mirada-distinta-de-la-comunicacion.jpg","datePublished":"2022-03-15T10:00:04+00:00","dateModified":"2025-02-09T11:07:45+00:00","author":{"@id":"https:\/\/cklcomunicaciones.es\/coop\/#\/schema\/person\/929a6837f7626450bbb50cee1aef266e"},"description":"Noticias Info CKL n\u00ba 2666-15\/03\/22 WOMED stories of women who break stereotypes * Espa\u00f1a logra el mayor n\u00famero de mujeres directivas de su historia * La Caja de las Letras sue\u00f1a en femenino * CSD aprueba la primera liga profesional de f\u00fatbol femenino * Google y Twitter juntos para acabar con el acoso en l\u00ednea a mujeres","breadcrumb":{"@id":"https:\/\/cklcomunicaciones.es\/coop\/noticias-info-ckl-no-2666-15-03-22\/#breadcrumb"},"inLanguage":"es","potentialAction":[{"@type":"ReadAction","target":["https:\/\/cklcomunicaciones.es\/coop\/noticias-info-ckl-no-2666-15-03-22\/"]}]},{"@type":"ImageObject","inLanguage":"es","@id":"https:\/\/cklcomunicaciones.es\/coop\/noticias-info-ckl-no-2666-15-03-22\/#primaryimage","url":"https:\/\/cklcomunicaciones.es\/coop\/wp-content\/uploads\/2025\/01\/CKL-una-mirada-distinta-de-la-comunicacion.jpg","contentUrl":"https:\/\/cklcomunicaciones.es\/coop\/wp-content\/uploads\/2025\/01\/CKL-una-mirada-distinta-de-la-comunicacion.jpg","width":1482,"height":775,"caption":"CKL - una mirada distinta de la comunicacion"},{"@type":"BreadcrumbList","@id":"https:\/\/cklcomunicaciones.es\/coop\/noticias-info-ckl-no-2666-15-03-22\/#breadcrumb","itemListElement":[{"@type":"ListItem","position":1,"name":"Portada","item":"https:\/\/cklcomunicaciones.es\/coop\/"},{"@type":"ListItem","position":2,"name":"Noticias Info CKL n\u00ba 2666-15\/03\/22"}]},{"@type":"WebSite","@id":"https:\/\/cklcomunicaciones.es\/coop\/#website","url":"https:\/\/cklcomunicaciones.es\/coop\/","name":"CKL Comunicaciones","description":"Sitio web de CKL Comunicaciones coop , la consultora de comunicaci\u00f3n y estrategia","potentialAction":[{"@type":"SearchAction","target":{"@type":"EntryPoint","urlTemplate":"https:\/\/cklcomunicaciones.es\/coop\/?s={search_term_string}"},"query-input":{"@type":"PropertyValueSpecification","valueRequired":true,"valueName":"search_term_string"}}],"inLanguage":"es"},{"@type":"Person","@id":"https:\/\/cklcomunicaciones.es\/coop\/#\/schema\/person\/929a6837f7626450bbb50cee1aef266e","name":"ckl","image":{"@type":"ImageObject","inLanguage":"es","@id":"https:\/\/secure.gravatar.com\/avatar\/c82db564e8a669bf6023357a157b9dc4780f4d4c618f2ad1d71a6a5dede45057?s=96&d=mm&r=g","url":"https:\/\/secure.gravatar.com\/avatar\/c82db564e8a669bf6023357a157b9dc4780f4d4c618f2ad1d71a6a5dede45057?s=96&d=mm&r=g","contentUrl":"https:\/\/secure.gravatar.com\/avatar\/c82db564e8a669bf6023357a157b9dc4780f4d4c618f2ad1d71a6a5dede45057?s=96&d=mm&r=g","caption":"ckl"},"url":"https:\/\/cklcomunicaciones.es\/coop\/author\/cklcomunicaciones\/"}]}},"_links":{"self":[{"href":"https:\/\/cklcomunicaciones.es\/coop\/wp-json\/wp\/v2\/posts\/15991","targetHints":{"allow":["GET"]}}],"collection":[{"href":"https:\/\/cklcomunicaciones.es\/coop\/wp-json\/wp\/v2\/posts"}],"about":[{"href":"https:\/\/cklcomunicaciones.es\/coop\/wp-json\/wp\/v2\/types\/post"}],"author":[{"embeddable":true,"href":"https:\/\/cklcomunicaciones.es\/coop\/wp-json\/wp\/v2\/users\/3"}],"replies":[{"embeddable":true,"href":"https:\/\/cklcomunicaciones.es\/coop\/wp-json\/wp\/v2\/comments?post=15991"}],"version-history":[{"count":0,"href":"https:\/\/cklcomunicaciones.es\/coop\/wp-json\/wp\/v2\/posts\/15991\/revisions"}],"wp:featuredmedia":[{"embeddable":true,"href":"https:\/\/cklcomunicaciones.es\/coop\/wp-json\/wp\/v2\/media\/22909"}],"wp:attachment":[{"href":"https:\/\/cklcomunicaciones.es\/coop\/wp-json\/wp\/v2\/media?parent=15991"}],"wp:term":[{"taxonomy":"category","embeddable":true,"href":"https:\/\/cklcomunicaciones.es\/coop\/wp-json\/wp\/v2\/categories?post=15991"},{"taxonomy":"post_tag","embeddable":true,"href":"https:\/\/cklcomunicaciones.es\/coop\/wp-json\/wp\/v2\/tags?post=15991"}],"curies":[{"name":"wp","href":"https:\/\/api.w.org\/{rel}","templated":true}]}}