{"id":15860,"date":"2022-02-24T14:55:12","date_gmt":"2022-02-24T13:55:12","guid":{"rendered":"https:\/\/www.cklcomunicaciones.es\/?p=15860"},"modified":"2025-02-09T12:42:23","modified_gmt":"2025-02-09T11:42:23","slug":"noticias-info-ckl-no-2661-24-02-22","status":"publish","type":"post","link":"https:\/\/cklcomunicaciones.es\/coop\/noticias-info-ckl-no-2661-24-02-22\/","title":{"rendered":"Noticias Info CKL n\u00ba 2661-24\/02\/22"},"content":{"rendered":"<div class=\"fusion-fullwidth fullwidth-box fusion-builder-row-1 fusion-flex-container nonhundred-percent-fullwidth non-hundred-percent-height-scrolling\" style=\"--awb-border-radius-top-left:0px;--awb-border-radius-top-right:0px;--awb-border-radius-bottom-right:0px;--awb-border-radius-bottom-left:0px;--awb-flex-wrap:wrap;\" ><div class=\"fusion-builder-row fusion-row fusion-flex-align-items-flex-start fusion-flex-content-wrap\" style=\"max-width:1248px;margin-left: calc(-4% \/ 2 );margin-right: calc(-4% \/ 2 );\"><div class=\"fusion-layout-column fusion_builder_column fusion-builder-column-0 fusion_builder_column_1_1 1_1 fusion-flex-column\" style=\"--awb-bg-blend:overlay;--awb-bg-size:cover;--awb-width-large:100%;--awb-margin-top-large:0px;--awb-spacing-right-large:1.92%;--awb-margin-bottom-large:0px;--awb-spacing-left-large:1.92%;--awb-width-medium:100%;--awb-spacing-right-medium:1.92%;--awb-spacing-left-medium:1.92%;--awb-width-small:100%;--awb-spacing-right-small:1.92%;--awb-spacing-left-small:1.92%;\"><div class=\"fusion-column-wrapper fusion-flex-justify-content-flex-start fusion-content-layout-column\"><div class=\"fusion-text fusion-text-1\"><h1>Convocatorias<\/h1>\n<div id=\"\" class=\"lsow-panel lsow-active\">\n<div class=\"lsow-panel-content\">\n<ul>\n<li><a href=\"https:\/\/www.google.com\/url?rct=j&amp;sa=t&amp;url=https:\/\/desafiomujerrural.es\/noticias\/iii-curso-online-de-marketing-y-comunicacion-digital-para-emprendedoras-y-empresarias-del-0&amp;ct=ga&amp;cd=CAEYACoTNjM0Nzk5NzU5NDg2NDYzMTQ4NjIZYzAzNzJlYmMyZmVhZGE1OTplczplczpFUw&amp;usg=AFQjCNHhEqC0ScojXnHWI8oMmYmoJo_qsw\" target=\"_blank\" rel=\"noopener\" data-saferedirecturl=\"https:\/\/www.google.com\/url?q=https:\/\/www.google.com\/url?rct%3Dj%26sa%3Dt%26url%3Dhttps:\/\/desafiomujerrural.es\/noticias\/iii-curso-online-de-marketing-y-comunicacion-digital-para-emprendedoras-y-empresarias-del-0%26ct%3Dga%26cd%3DCAEYACoTNjM0Nzk5NzU5NDg2NDYzMTQ4NjIZYzAzNzJlYmMyZmVhZGE1OTplczplczpFUw%26usg%3DAFQjCNHhEqC0ScojXnHWI8oMmYmoJo_qsw&amp;source=gmail&amp;ust=1645602855343000&amp;usg=AOvVaw21kFwu2yPOJE6Plt-79kon\">III Curso online de Marketing y Comunicaci\u00f3n Digital para emprendedoras y empresarias &#8230;-\u00a0<\/a><a>Desaf\u00edo Mujer Rural\u00a0<\/a><\/li>\n<li><a href=\"https:\/\/linagalvez.eu\/presentacion-informe-sobre-pobreza-femenina-europa-tres-marzo\/\">Presentaci\u00f3n-di\u00e1logo del Informe sobre la pobreza de las mujeres en Europa, jueves 03 de marzo, 18.30h (linagalvez.eu)<\/a><\/li>\n<li><a href=\"https:\/\/www.sevilla.org\/servicios\/mujer-igualdad\/campanas-de-sensibilizacion\/8-marzo\/8-marzo-2022\/encuentro-por-la-igualdad-acto-central-5-marzo-parque-alamillo\" target=\"_blank\" rel=\"noopener\" data-saferedirecturl=\"https:\/\/www.google.com\/url?q=https:\/\/www.sevilla.org\/servicios\/mujer-igualdad\/campanas-de-sensibilizacion\/8-marzo\/8-marzo-2022\/encuentro-por-la-igualdad-acto-central-5-marzo-parque-alamillo&amp;source=gmail&amp;ust=1645602880472000&amp;usg=AOvVaw0ozeU_hSfYDQ3RqBx5QEzi\">VI Encuentro por la Igualdad<\/a>. Direcci\u00f3n General de Igualdad del Ayuntamiento de Sevilla. 5 de marzo<\/li>\n<\/ul>\n<\/div>\n<\/div>\n<div id=\"\" class=\"lsow-panel lsow-active\">\n<h1 class=\"lsow-panel-title\">Comunicaci\u00f3n, Publicidad y TICs<\/h1>\n<div class=\"lsow-panel-content\">\n<p><a class=\"title\" href=\"https:\/\/cadenaser.com\/2022\/02\/24\/el-equilibrio-entre-tradicion-y-modernidad-de-teresa-barea-y-yolanda-de-la-fuente\/\" target=\"_blank\" rel=\"noopener\" data-artpy=\"0\" data-author=\"Cadena SER\">El equilibrio entre tradici\u00f3n y modernidad de Teresa Barea y Yolanda de la Fuente<\/a>-cadenaser<br \/>\n<a class=\"title\" href=\"https:\/\/www.noticiasdenavarra.com\/vivir-on\/tv-y-cine\/2022\/02\/24\/rtve-plantea-modificar-letra-tema\/1232868.html\" target=\"_blank\" rel=\"noopener\" data-artpy=\"0\" data-author=\"Noticias\">RTVE se plantea \u00abmodificar\u00bb la letra de su tema de Eurovisi\u00f3n si \u00abmolesta a la mujer<\/a>-noticias<br \/>\n<a href=\"https:\/\/www.google.com\/url?rct=j&amp;sa=t&amp;url=https:\/\/desafiomujerrural.es\/noticias\/iii-curso-online-de-marketing-y-comunicacion-digital-para-emprendedoras-y-empresarias-del-0&amp;ct=ga&amp;cd=CAEYACoTNjM0Nzk5NzU5NDg2NDYzMTQ4NjIZYzAzNzJlYmMyZmVhZGE1OTplczplczpFUw&amp;usg=AFQjCNHhEqC0ScojXnHWI8oMmYmoJo_qsw\" target=\"_blank\" rel=\"noopener\" data-saferedirecturl=\"https:\/\/www.google.com\/url?q=https:\/\/www.google.com\/url?rct%3Dj%26sa%3Dt%26url%3Dhttps:\/\/desafiomujerrural.es\/noticias\/iii-curso-online-de-marketing-y-comunicacion-digital-para-emprendedoras-y-empresarias-del-0%26ct%3Dga%26cd%3DCAEYACoTNjM0Nzk5NzU5NDg2NDYzMTQ4NjIZYzAzNzJlYmMyZmVhZGE1OTplczplczpFUw%26usg%3DAFQjCNHhEqC0ScojXnHWI8oMmYmoJo_qsw&amp;source=gmail&amp;ust=1645602855343000&amp;usg=AOvVaw21kFwu2yPOJE6Plt-79kon\">III Curso online de Marketing y Comunicaci\u00f3n Digital para emprendedoras y empresarias &#8230;-\u00a0<\/a><a>Desaf\u00edo Mujer Rural<br \/>\n<\/a><a href=\"https:\/\/www.google.com\/url?rct=j&amp;sa=t&amp;url=https:\/\/www.infobae.com\/america\/cultura\/2022\/02\/23\/angela-ruiz-robles-la-mujer-que-invento-el-ebook-con-el-fin-de-facilitar-el-aprendizaje\/&amp;ct=ga&amp;cd=CAEYHioUMTAxMTQwNDAyMzMzMzQzNDIwNTAyGWMwMzcyZWJjMmZlYWRhNTk6ZXM6ZXM6RVM&amp;usg=AFQjCNFqXSsQyFdYJXB_jZd3TnG0ynA7vg\" target=\"_blank\" rel=\"noopener\" data-saferedirecturl=\"https:\/\/www.google.com\/url?hl=es&amp;q=https:\/\/www.google.com\/url?rct%3Dj%26sa%3Dt%26url%3Dhttps:\/\/www.infobae.com\/america\/cultura\/2022\/02\/23\/angela-ruiz-robles-la-mujer-que-invento-el-ebook-con-el-fin-de-facilitar-el-aprendizaje\/%26ct%3Dga%26cd%3DCAEYHioUMTAxMTQwNDAyMzMzMzQzNDIwNTAyGWMwMzcyZWJjMmZlYWRhNTk6ZXM6ZXM6RVM%26usg%3DAFQjCNFqXSsQyFdYJXB_jZd3TnG0ynA7vg&amp;source=gmail&amp;ust=1645796262642000&amp;usg=AOvVaw2uwFGrBSlOVvr4xF21k_X4\">\u00c1ngela Ruiz Robles: la mujer que invent\u00f3 el \u201cebook\u201d con el fin de facilitar el aprendizaje &#8211;\u00a0<\/a><a>Infobae<br \/>\n<\/a><a class=\"title\" href=\"https:\/\/www.panoramaaudiovisual.com\/en\/2022\/02\/24\/palmares-i-premios-ondas-globales-podcast-diversidad-podcast-espanol\/\" target=\"_blank\" rel=\"noopener\" data-artpy=\"0\" data-author=\"Panorama Audiovisual\">The winners of the I Ondas Globales Podcast Awards reflect the diversity of the podcast in Spanish<\/a>-panoramaaudivisual<br \/>\n<a class=\"title\" href=\"https:\/\/www.elnacional.com\/ciencia-tecnologia\/siri-anadio-voz-nueva-de-genero-no-binario-como-parte-de-ios-15-4\/\" target=\"_blank\" rel=\"noopener\" data-artpy=\"0\" data-author=\"El Nacional\">Siri a\u00f1adi\u00f3 voz nueva de g\u00e9nero no binario como parte de iOS 15.4<\/a>-elnacional<\/p>\n<\/div>\n<\/div>\n<div id=\"\" class=\"lsow-panel lsow-active\">\n<h1 class=\"lsow-panel-title\">Andaluc\u00eda<\/h1>\n<div class=\"lsow-panel-content\">\n<p><strong>Institucional<br \/>\n<\/strong><a title=\"La Consejer\u00eda de Igualdad y la FAMP refuerzan su colaboraci\u00f3n en materia de pol\u00edticas sociales\" href=\"https:\/\/www.juntadeandalucia.es\/presidencia\/portavoz\/social\/169568\/ConsejeriadeIgualdad\/RocioRuiz\/FAMP\/politicassociales\/colaboracion\">La Consejer\u00eda de Igualdad y la FAMP refuerzan su colaboraci\u00f3n en materia de pol\u00edticas sociales<\/a>-juntadeandalucia<\/p>\n<p><strong>Econom\u00eda y Empresas<br \/>\n<\/strong><a href=\"https:\/\/www.google.com\/url?rct=j&amp;sa=t&amp;url=https:\/\/www.laopiniondemalaga.es\/malaga\/2022\/02\/23\/empresarias-pta-mentorizaran-alumnas-programa-63035939.html&amp;ct=ga&amp;cd=CAEYACoTODMxMDk2MDEyOTYxNDc3MDUxMDIbOWFiMWNkZDdlMzY2ZWYzODplczplczpFUzpS&amp;usg=AFQjCNEKecr42aKbLBsBtQfsddXq9gAmFA\" target=\"_blank\" rel=\"noopener\" data-saferedirecturl=\"https:\/\/www.google.com\/url?q=https:\/\/www.google.com\/url?rct%3Dj%26sa%3Dt%26url%3Dhttps:\/\/www.laopiniondemalaga.es\/malaga\/2022\/02\/23\/empresarias-pta-mentorizaran-alumnas-programa-63035939.html%26ct%3Dga%26cd%3DCAEYACoTODMxMDk2MDEyOTYxNDc3MDUxMDIbOWFiMWNkZDdlMzY2ZWYzODplczplczpFUzpS%26usg%3DAFQjCNEKecr42aKbLBsBtQfsddXq9gAmFA&amp;source=gmail&amp;ust=1645787587355000&amp;usg=AOvVaw2lVXFKCU26aMjEGWrwU2fV\">Empresarias del PTA mentorizar\u00e1n a las alumnas del programa Univergem &#8211;\u00a0<\/a><a>La Opini\u00f3n de M\u00e1laga<br \/>\n<\/a><a href=\"https:\/\/www.google.com\/url?rct=j&amp;sa=t&amp;url=https:\/\/www.canalsur.es\/noticias\/andaluc%25C3%25ADa\/cordoba\/el-numero-de-mujeres-autonomas-crece-un-25-en-diez-anos\/1802807.html&amp;ct=ga&amp;cd=CAEYBSoTNTQzOTUyNDE0MDkyMTAyNzQxMzIbOWFiMWNkZDdlMzY2ZWYzODplczplczpFUzpS&amp;usg=AFQjCNGfuJlCbUxIf3OPVV1Fa3dHJxhDEQ\" target=\"_blank\" rel=\"noopener\" data-saferedirecturl=\"https:\/\/www.google.com\/url?q=https:\/\/www.google.com\/url?rct%3Dj%26sa%3Dt%26url%3Dhttps:\/\/www.canalsur.es\/noticias\/andaluc%2525C3%2525ADa\/cordoba\/el-numero-de-mujeres-autonomas-crece-un-25-en-diez-anos\/1802807.html%26ct%3Dga%26cd%3DCAEYBSoTNTQzOTUyNDE0MDkyMTAyNzQxMzIbOWFiMWNkZDdlMzY2ZWYzODplczplczpFUzpS%26usg%3DAFQjCNGfuJlCbUxIf3OPVV1Fa3dHJxhDEQ&amp;source=gmail&amp;ust=1645602874914000&amp;usg=AOvVaw1kL0HwfftAgTT6jQbr540E\">El n\u00famero de mujeres aut\u00f3nomas crece un 25% en diez a\u00f1os &#8211;\u00a0<\/a><a>Canal Sur<br \/>\n<\/a><a href=\"https:\/\/www.google.com\/url?rct=j&amp;sa=t&amp;url=https:\/\/www.diariocordoba.com\/cordoba-ciudad\/2022\/02\/21\/multiplican-cuatro-empresas-piden-asesoramiento-62980790.html&amp;ct=ga&amp;cd=CAEYBioTMTg3NTc4ODM1MzU2Nzk5OTg5NjIZYzAzNzJlYmMyZmVhZGE1OTplczplczpFUw&amp;usg=AFQjCNFDJjJhEGxfGTUJ6-NXNr4_eTOySQ\" target=\"_blank\" rel=\"noopener\" data-saferedirecturl=\"https:\/\/www.google.com\/url?q=https:\/\/www.google.com\/url?rct%3Dj%26sa%3Dt%26url%3Dhttps:\/\/www.diariocordoba.com\/cordoba-ciudad\/2022\/02\/21\/multiplican-cuatro-empresas-piden-asesoramiento-62980790.html%26ct%3Dga%26cd%3DCAEYBioTMTg3NTc4ODM1MzU2Nzk5OTg5NjIZYzAzNzJlYmMyZmVhZGE1OTplczplczpFUw%26usg%3DAFQjCNFDJjJhEGxfGTUJ6-NXNr4_eTOySQ&amp;source=gmail&amp;ust=1645602855387000&amp;usg=AOvVaw1zKdELCcafDDuGujH_gvnV\">La igualdad se convierte en prioridad para un n\u00famero creciente de empresas &#8211;\u00a0<\/a><a>Diario C\u00f3rdoba<br \/>\n<\/a><a href=\"https:\/\/www.google.com\/url?rct=j&amp;sa=t&amp;url=https:\/\/www.europapress.es\/esandalucia\/malaga\/noticia-iam-presenta-campana-invita-desmentir-creencias-brecha-salarial-20220221131051.html&amp;ct=ga&amp;cd=CAEYACoTNTQzOTUyNDE0MDkyMTAyNzQxMzIbOWFiMWNkZDdlMzY2ZWYzODplczplczpFUzpS&amp;usg=AFQjCNFOJULvmy7C2Ca0RjmemSJmkRHuvg\" target=\"_blank\" rel=\"noopener\" data-saferedirecturl=\"https:\/\/www.google.com\/url?q=https:\/\/www.google.com\/url?rct%3Dj%26sa%3Dt%26url%3Dhttps:\/\/www.europapress.es\/esandalucia\/malaga\/noticia-iam-presenta-campana-invita-desmentir-creencias-brecha-salarial-20220221131051.html%26ct%3Dga%26cd%3DCAEYACoTNTQzOTUyNDE0MDkyMTAyNzQxMzIbOWFiMWNkZDdlMzY2ZWYzODplczplczpFUzpS%26usg%3DAFQjCNFOJULvmy7C2Ca0RjmemSJmkRHuvg&amp;source=gmail&amp;ust=1645602874912000&amp;usg=AOvVaw3Sb7F0JZ8aryocOjoEnbmT\">El IAM presenta una campa\u00f1a que invita a desmentir las creencias sobre brecha salarial-\u00a0<\/a><a>Europa Press<br \/>\n<\/a><a class=\"title\" href=\"https:\/\/www.huelvainformacion.es\/huelva\/Atlantic-Copper-apuesta-Comite-Direccion_0_1659734895.html\" target=\"_blank\" rel=\"noopener\" data-artpy=\"0\" data-author=\"Huelva Informaci\u00f3n\">Atlantic Copper apuesta por la paridad laboral con un 50% de mujeres en su Comit\u00e9 de Direcci\u00f3n<\/a>-huelvainformacion<a><br \/>\n<\/a><\/p>\n<p><strong>Actualidad<br \/>\n<\/strong><a class=\"title\" href=\"https:\/\/www.msn.com\/es-es\/entertainment\/noticias\/rechazo-a-que-no-haya-ninguna-mujer-como-hija-predilecta-de-andaluc-c3-ada-por-quinto-a-c3-b1o-consecutivo\/ar-AAUdpjE?ocid=BingNewsSearch\" target=\"_blank\" rel=\"noopener\" data-artpy=\"0\" data-author=\"eldiario.es on MSN.com\">Rechazo a que no haya ninguna mujer como Hija predilecta de Andaluc\u00eda por quinto a\u00f1o consecutivo<\/a>-eldiario<strong><br \/>\n<\/strong><a href=\"https:\/\/www.google.com\/url?rct=j&amp;sa=t&amp;url=https:\/\/www.rtve.es\/play\/audios\/informativo-de-andalucia\/laura-fernandez-necesario-educar-igualdad-relaciones-sexuales-sanas\/6385484\/&amp;ct=ga&amp;cd=CAEYAyoTOTYxMDYxNzg0MjM2NjU0OTY1ODIbOWFiMWNkZDdlMzY2ZWYzODplczplczpFUzpS&amp;usg=AFQjCNGBcCi_3JnLrRhv5JTKdzlP-yxpqg\" target=\"_blank\" rel=\"noopener\" data-saferedirecturl=\"https:\/\/www.google.com\/url?q=https:\/\/www.google.com\/url?rct%3Dj%26sa%3Dt%26url%3Dhttps:\/\/www.rtve.es\/play\/audios\/informativo-de-andalucia\/laura-fernandez-necesario-educar-igualdad-relaciones-sexuales-sanas\/6385484\/%26ct%3Dga%26cd%3DCAEYAyoTOTYxMDYxNzg0MjM2NjU0OTY1ODIbOWFiMWNkZDdlMzY2ZWYzODplczplczpFUzpS%26usg%3DAFQjCNGBcCi_3JnLrRhv5JTKdzlP-yxpqg&amp;source=gmail&amp;ust=1645787587338000&amp;usg=AOvVaw02RTAEDFz5q2jJI8StFoyZ\">Laura Fern\u00e1ndez, directora del Instituto Andaluz de la Mujer: \u00abEs necesario educar en igualdad y en relaciones sexuales sanas\u00bb &#8211;<\/a><a href=\"https:\/\/www.google.com\/url?rct=j&amp;sa=t&amp;url=https:\/\/www.rtve.es\/play\/audios\/informativo-de-andalucia\/laura-fernandez-necesario-educar-igualdad-relaciones-sexuales-sanas\/6385484\/&amp;ct=ga&amp;cd=CAEYAyoTOTYxMDYxNzg0MjM2NjU0OTY1ODIbOWFiMWNkZDdlMzY2ZWYzODplczplczpFUzpS&amp;usg=AFQjCNGBcCi_3JnLrRhv5JTKdzlP-yxpqg\" target=\"_blank\" rel=\"noopener\" data-saferedirecturl=\"https:\/\/www.google.com\/url?q=https:\/\/www.google.com\/url?rct%3Dj%26sa%3Dt%26url%3Dhttps:\/\/www.rtve.es\/play\/audios\/informativo-de-andalucia\/laura-fernandez-necesario-educar-igualdad-relaciones-sexuales-sanas\/6385484\/%26ct%3Dga%26cd%3DCAEYAyoTOTYxMDYxNzg0MjM2NjU0OTY1ODIbOWFiMWNkZDdlMzY2ZWYzODplczplczpFUzpS%26usg%3DAFQjCNGBcCi_3JnLrRhv5JTKdzlP-yxpqg&amp;source=gmail&amp;ust=1645787587338000&amp;usg=AOvVaw02RTAEDFz5q2jJI8StFoyZ\">\u00a0<\/a>rtve<br \/>\n<a href=\"https:\/\/www.google.com\/url?rct=j&amp;sa=t&amp;url=https:\/\/www.granadadigital.es\/granada-retoma-subvenciones-fondo-iniciativas-mujer-ano-2022\/&amp;ct=ga&amp;cd=CAEYHCoTNTE5Njc3NjM5NzA2OTM1NTQ2ODIZYzAzNzJlYmMyZmVhZGE1OTplczplczpFUw&amp;usg=AFQjCNF3j2TvCgSB2gSfLa8ibKI_74w29g\" target=\"_blank\" rel=\"noopener\" data-saferedirecturl=\"https:\/\/www.google.com\/url?hl=es&amp;q=https:\/\/www.google.com\/url?rct%3Dj%26sa%3Dt%26url%3Dhttps:\/\/www.granadadigital.es\/granada-retoma-subvenciones-fondo-iniciativas-mujer-ano-2022\/%26ct%3Dga%26cd%3DCAEYHCoTNTE5Njc3NjM5NzA2OTM1NTQ2ODIZYzAzNzJlYmMyZmVhZGE1OTplczplczpFUw%26usg%3DAFQjCNF3j2TvCgSB2gSfLa8ibKI_74w29g&amp;source=gmail&amp;ust=1645790009739000&amp;usg=AOvVaw1TnssycQtJlaqX8u9EeTqh\">Granada retoma las subvenciones del Fondo Iniciativas Mujer del a\u00f1o 2022-\u00a0<\/a><a>Granada Digital<br \/>\n<\/a><a class=\"title\" href=\"https:\/\/www.eldiadecordoba.es\/provincia\/Diputacion-Cordoba-iniciativas-igualdad_0_1659734708.html\" target=\"_blank\" rel=\"noopener\" data-artpy=\"0\" data-author=\"El dia de C\u00f3rdoba\">La Diputaci\u00f3n de C\u00f3rdoba destina 640.000 euros a iniciativas de igualdad de ayuntamientos y asociaciones<\/a>-eldiadecordoba<a><br \/>\n<\/a><a href=\"https:\/\/www.google.com\/url?rct=j&amp;sa=t&amp;url=https:\/\/www.diariosur.es\/interior\/malaga-proyecto-brecha-digital-mujeres-20220222163932-nt.html&amp;ct=ga&amp;cd=CAEYAioTOTYxMDYxNzg0MjM2NjU0OTY1ODIbOWFiMWNkZDdlMzY2ZWYzODplczplczpFUzpS&amp;usg=AFQjCNHf3btvxW1E7BsgEYdnWGcaj4YpWA\" target=\"_blank\" rel=\"noopener\" data-saferedirecturl=\"https:\/\/www.google.com\/url?q=https:\/\/www.google.com\/url?rct%3Dj%26sa%3Dt%26url%3Dhttps:\/\/www.diariosur.es\/interior\/malaga-proyecto-brecha-digital-mujeres-20220222163932-nt.html%26ct%3Dga%26cd%3DCAEYAioTOTYxMDYxNzg0MjM2NjU0OTY1ODIbOWFiMWNkZDdlMzY2ZWYzODplczplczpFUzpS%26usg%3DAFQjCNHf3btvxW1E7BsgEYdnWGcaj4YpWA&amp;source=gmail&amp;ust=1645787587338000&amp;usg=AOvVaw1_va5xm1a3gv2XC45F0ypj\">M\u00e1laga participa en un proyecto a nivel\u00a0andaluz para acabar con la brecha digital en &#8230;-\u00a0<\/a><a>Diario Sur<br \/>\n<\/a><a href=\"https:\/\/www.google.com\/url?rct=j&amp;sa=t&amp;url=https:\/\/www.europapress.es\/esandalucia\/granada\/noticia-escuela-andaluza-salud-publica-entra-red-europea-investigacion-eurohealthnet-20220222105417.html&amp;ct=ga&amp;cd=CAEYCioUMTc2MjY2NDY2MjQyNDE3NTAzMzIyGWUxZTc3ZDE1NjA5OGE4ZTM6ZXM6ZXM6RVM&amp;usg=AFQjCNEDWeAIcmTpou8neySF12xSnuanyQ\" target=\"_blank\" rel=\"noopener\" data-saferedirecturl=\"https:\/\/www.google.com\/url?q=https:\/\/www.google.com\/url?rct%3Dj%26sa%3Dt%26url%3Dhttps:\/\/www.europapress.es\/esandalucia\/granada\/noticia-escuela-andaluza-salud-publica-entra-red-europea-investigacion-eurohealthnet-20220222105417.html%26ct%3Dga%26cd%3DCAEYCioUMTc2MjY2NDY2MjQyNDE3NTAzMzIyGWUxZTc3ZDE1NjA5OGE4ZTM6ZXM6ZXM6RVM%26usg%3DAFQjCNEDWeAIcmTpou8neySF12xSnuanyQ&amp;source=gmail&amp;ust=1645786761981000&amp;usg=AOvVaw1BsIdxh5xvjDEbXFCa_YtE\">La Escuela Andaluza de Salud P\u00fablica entra en la red europea de investigaci\u00f3n Eurohealthnet-\u00a0<\/a><a>Europa Press<br \/>\n<\/a><a href=\"https:\/\/www.google.com\/url?rct=j&amp;sa=t&amp;url=https:\/\/www.granadaesnoticia.com\/provincia\/diputacion--famsi-y-gobierno-comparten-estrategias-para-hacer-frente-a-la-despoblacion-del-medio-rural&amp;ct=ga&amp;cd=CAEYASoTMTQ2Nzc5MTMxNDA4OTkyOTA2ODIZNGRhZTgxNjJlOGFmM2U4ODplczplczpFUw&amp;usg=AFQjCNFGq_csZz_BINFVUYC5qkcBf_03OQ\" target=\"_blank\" rel=\"noopener\" data-saferedirecturl=\"https:\/\/www.google.com\/url?q=https:\/\/www.google.com\/url?rct%3Dj%26sa%3Dt%26url%3Dhttps:\/\/www.granadaesnoticia.com\/provincia\/diputacion--famsi-y-gobierno-comparten-estrategias-para-hacer-frente-a-la-despoblacion-del-medio-rural%26ct%3Dga%26cd%3DCAEYASoTMTQ2Nzc5MTMxNDA4OTkyOTA2ODIZNGRhZTgxNjJlOGFmM2U4ODplczplczpFUw%26usg%3DAFQjCNFGq_csZz_BINFVUYC5qkcBf_03OQ&amp;source=gmail&amp;ust=1645794769309000&amp;usg=AOvVaw1e4yqMWiFs-oZiSyrIVfk0\">Diputaci\u00f3n, FAMSI y Gobierno comparten estrategias para hacer frente a la despoblaci\u00f3n &#8230;-\u00a0<\/a><a>Granada es noticia<\/a><\/p>\n<p><strong>Violencias<br \/>\n<\/strong><a href=\"https:\/\/www.google.com\/url?rct=j&amp;sa=t&amp;url=https:\/\/cadenaser.com\/2022\/02\/21\/violencia-de-genero-en-adolescentes-nunca-hay-que-dejar-a-la-victima-sola\/&amp;ct=ga&amp;cd=CAEYByoTNTQzOTUyNDE0MDkyMTAyNzQxMzIbOWFiMWNkZDdlMzY2ZWYzODplczplczpFUzpS&amp;usg=AFQjCNGOjGYU4MozvU8BdgLNtL8BxNuAlw\" target=\"_blank\" rel=\"noopener\" data-saferedirecturl=\"https:\/\/www.google.com\/url?q=https:\/\/www.google.com\/url?rct%3Dj%26sa%3Dt%26url%3Dhttps:\/\/cadenaser.com\/2022\/02\/21\/violencia-de-genero-en-adolescentes-nunca-hay-que-dejar-a-la-victima-sola\/%26ct%3Dga%26cd%3DCAEYByoTNTQzOTUyNDE0MDkyMTAyNzQxMzIbOWFiMWNkZDdlMzY2ZWYzODplczplczpFUzpS%26usg%3DAFQjCNGOjGYU4MozvU8BdgLNtL8BxNuAlw&amp;source=gmail&amp;ust=1645602874915000&amp;usg=AOvVaw1-Oobjhe3VeRQu2qgS0THX\">Violencia de g\u00e9nero en adolescentes: \u00abNunca hay que dejar a la v\u00edctima sola\u00bb &#8211;\u00a0\u00a0<\/a><a>Cadena SER<br \/>\n<\/a><a href=\"https:\/\/www.google.com\/url?rct=j&amp;sa=t&amp;url=https:\/\/www.diariodealmeria.es\/almeria\/Violencia-Cero-llega-adolescentes-Almeria_0_1659135745.html&amp;ct=ga&amp;cd=CAEYBioUMTc2MjY2NDY2MjQyNDE3NTAzMzIyGWUxZTc3ZDE1NjA5OGE4ZTM6ZXM6ZXM6RVM&amp;usg=AFQjCNEVLbeYkNfMl2xIfitcQzf9GX5WoQ\" target=\"_blank\" rel=\"noopener\" data-saferedirecturl=\"https:\/\/www.google.com\/url?q=https:\/\/www.google.com\/url?rct%3Dj%26sa%3Dt%26url%3Dhttps:\/\/www.diariodealmeria.es\/almeria\/Violencia-Cero-llega-adolescentes-Almeria_0_1659135745.html%26ct%3Dga%26cd%3DCAEYBioUMTc2MjY2NDY2MjQyNDE3NTAzMzIyGWUxZTc3ZDE1NjA5OGE4ZTM6ZXM6ZXM6RVM%26usg%3DAFQjCNEVLbeYkNfMl2xIfitcQzf9GX5WoQ&amp;source=gmail&amp;ust=1645786761979000&amp;usg=AOvVaw0t9Rcw4ZvY6hek5sAChjid\">Violencia Zero&#8217; llega a las aulas de los adolescentes de Almer\u00eda &#8211;\u00a0<\/a><a>Diario de Almer\u00eda<br \/>\n<\/a><a href=\"https:\/\/www.google.com\/url?rct=j&amp;sa=t&amp;url=https:\/\/www.granadahoy.com\/granada\/Policia-Guardia-Civil-Granada-forman-casos-violencia-genero_0_1659134890.html&amp;ct=ga&amp;cd=CAEYACoTMTI4NDMxNjA5MzkwNjQwMDk4OTIZZTFlNzdkMTU2MDk4YThlMzplczplczpFUw&amp;usg=AFQjCNFdImuUbOTNB0zzOGaPVcuWKSsRsQ\" target=\"_blank\" rel=\"noopener\" data-saferedirecturl=\"https:\/\/www.google.com\/url?q=https:\/\/www.google.com\/url?rct%3Dj%26sa%3Dt%26url%3Dhttps:\/\/www.granadahoy.com\/granada\/Policia-Guardia-Civil-Granada-forman-casos-violencia-genero_0_1659134890.html%26ct%3Dga%26cd%3DCAEYACoTMTI4NDMxNjA5MzkwNjQwMDk4OTIZZTFlNzdkMTU2MDk4YThlMzplczplczpFUw%26usg%3DAFQjCNFdImuUbOTNB0zzOGaPVcuWKSsRsQ&amp;source=gmail&amp;ust=1645786762015000&amp;usg=AOvVaw35OldeM6MDnWmlVBKeWHGn\">Polic\u00eda y Guardia Civil de Granada se forman para la gesti\u00f3n y actuaci\u00f3n ante los casos de &#8230;-\u00a0<\/a><a>Granada Hoy<\/a><a><br \/>\n<\/a><\/p>\n<p><strong>Ciencia y Cultura<br \/>\n<\/strong><a href=\"https:\/\/www.upo.es\/diario\/docencia-formacion\/2022\/02\/cuidado-de-las-personas-eje-economia-reto-igualdad-genero\/\">El cuidado de las personas como eje de la econom\u00eda y como reto en la igualdad, tema de un congreso coorganizado por la UPO\u00a0<\/a>-UPO<br \/>\n<a href=\"https:\/\/www.google.com\/url?rct=j&amp;sa=t&amp;url=https:\/\/www.infosalus.com\/mujer\/noticia-estudio-senala-tasa-exito-parto-vaginal-cesarea-primeros-meses-pandemia-20220223105214.html&amp;ct=ga&amp;cd=CAEYDCoUMTAxMTQwNDAyMzMzMzQzNDIwNTAyGWMwMzcyZWJjMmZlYWRhNTk6ZXM6ZXM6RVM&amp;usg=AFQjCNG4dNqqrH-RvlwRxpvGN7raIruBFw\" target=\"_blank\" rel=\"noopener\" data-saferedirecturl=\"https:\/\/www.google.com\/url?q=https:\/\/www.google.com\/url?rct%3Dj%26sa%3Dt%26url%3Dhttps:\/\/www.infosalus.com\/mujer\/noticia-estudio-senala-tasa-exito-parto-vaginal-cesarea-primeros-meses-pandemia-20220223105214.html%26ct%3Dga%26cd%3DCAEYDCoUMTAxMTQwNDAyMzMzMzQzNDIwNTAyGWMwMzcyZWJjMmZlYWRhNTk6ZXM6ZXM6RVM%26usg%3DAFQjCNG4dNqqrH-RvlwRxpvGN7raIruBFw&amp;source=gmail&amp;ust=1645794769207000&amp;usg=AOvVaw3g1bZ0rhto9HiFHFY5m3Rz\">Un estudio se\u00f1ala que la tasa de \u00e9xito del parto vaginal tras ces\u00e1rea baj\u00f3 en los primeros &#8230;-\u00a0<\/a><a>Infosalus<br \/>\n<\/a><a href=\"https:\/\/www.google.com\/url?rct=j&amp;sa=t&amp;url=https:\/\/www.uca.es\/noticia\/casi-medio-centenar-de-alumnas-y-egresadas-de-la-uca-participan-en-el-programa-univergem-2021-22\/&amp;ct=ga&amp;cd=CAEYDyoUMTAxMTQwNDAyMzMzMzQzNDIwNTAyGWMwMzcyZWJjMmZlYWRhNTk6ZXM6ZXM6RVM&amp;usg=AFQjCNHjt0mBLl8Tj9PDux7UNHASCbeDQQ\" target=\"_blank\" rel=\"noopener\" data-saferedirecturl=\"https:\/\/www.google.com\/url?q=https:\/\/www.google.com\/url?rct%3Dj%26sa%3Dt%26url%3Dhttps:\/\/www.uca.es\/noticia\/casi-medio-centenar-de-alumnas-y-egresadas-de-la-uca-participan-en-el-programa-univergem-2021-22\/%26ct%3Dga%26cd%3DCAEYDyoUMTAxMTQwNDAyMzMzMzQzNDIwNTAyGWMwMzcyZWJjMmZlYWRhNTk6ZXM6ZXM6RVM%26usg%3DAFQjCNHjt0mBLl8Tj9PDux7UNHASCbeDQQ&amp;source=gmail&amp;ust=1645794769208000&amp;usg=AOvVaw1nz7ur-IwiWvQ_aDYyp8BX\">Casi medio centenar de alumnas y egresadas de la UCA participan en el programa &#8230;-\u00a0<\/a><a>Universidad de C\u00e1diz<br \/>\n<\/a><a href=\"https:\/\/www.google.com\/url?rct=j&amp;sa=t&amp;url=https:\/\/www.diariodesevilla.es\/entrevistas\/Pardo-Bazan-sorprendente-XIX-XX_0_1659134567.html&amp;ct=ga&amp;cd=CAEYASoUMTQ1MzE2MDU3NzMyNTM1NTA4NDQyGWMwMzcyZWJjMmZlYWRhNTk6ZXM6ZXM6RVM&amp;usg=AFQjCNFWLWjEPX2Oq7eAWZ71u2smvAXzhQ\" target=\"_blank\" rel=\"noopener\" data-saferedirecturl=\"https:\/\/www.google.com\/url?q=https:\/\/www.google.com\/url?rct%3Dj%26sa%3Dt%26url%3Dhttps:\/\/www.diariodesevilla.es\/entrevistas\/Pardo-Bazan-sorprendente-XIX-XX_0_1659134567.html%26ct%3Dga%26cd%3DCAEYASoUMTQ1MzE2MDU3NzMyNTM1NTA4NDQyGWMwMzcyZWJjMmZlYWRhNTk6ZXM6ZXM6RVM%26usg%3DAFQjCNFWLWjEPX2Oq7eAWZ71u2smvAXzhQ&amp;source=gmail&amp;ust=1645786761703000&amp;usg=AOvVaw0mQbcZ0OjKUYJHzYaGMp0h\">Pardo Baz\u00e1n es sin duda la\u00a0mujer m\u00e1s sorprendente de los siglos XIX y XX &#8211;<\/a><a>Diario de Sevilla<\/a><\/p>\n<p><strong>Deporte<br \/>\n<\/strong><a href=\"https:\/\/www.google.com\/url?rct=j&amp;sa=t&amp;url=https:\/\/www.portalcadista.com\/fundacioncadizcf\/45080-el-cadiz-cf-y-el-instituto-andaluz-de-la-mujer-avanzan-juntos-en-igualdad&amp;ct=ga&amp;cd=CAEYACoTOTYxMDYxNzg0MjM2NjU0OTY1ODIbOWFiMWNkZDdlMzY2ZWYzODplczplczpFUzpS&amp;usg=AFQjCNF8Jhny6IxQnnKQPSViAyCriqtXGg\" target=\"_blank\" rel=\"noopener\" data-saferedirecturl=\"https:\/\/www.google.com\/url?q=https:\/\/www.google.com\/url?rct%3Dj%26sa%3Dt%26url%3Dhttps:\/\/www.portalcadista.com\/fundacioncadizcf\/45080-el-cadiz-cf-y-el-instituto-andaluz-de-la-mujer-avanzan-juntos-en-igualdad%26ct%3Dga%26cd%3DCAEYACoTOTYxMDYxNzg0MjM2NjU0OTY1ODIbOWFiMWNkZDdlMzY2ZWYzODplczplczpFUzpS%26usg%3DAFQjCNF8Jhny6IxQnnKQPSViAyCriqtXGg&amp;source=gmail&amp;ust=1645787587337000&amp;usg=AOvVaw1HGTvnPhOW9DylJAvVBLAX\">El C\u00e1diz CF y el\u00a0Instituto Andaluz de la Mujer avanzan juntos en igualdad &#8211;\u00a0<\/a><a>Portal Cadista<br \/>\n<\/a><a title=\"Andaluc\u00eda acoger\u00e1 m\u00e1s de 20 eventos deportivos de primer nivel en 2022 con 10 millones de inversi\u00f3n\" href=\"https:\/\/www.juntadeandalucia.es\/presidencia\/portavoz\/cultura\/169586\/consejeriadeeducacionydeporte\/javierimbroda\/grandeseventosdeportivos\/andalucia\/regioneuropeadeldeporte\/inversion\/fomentodeldeporte\/gobiernodeandalucia\">Andaluc\u00eda acoger\u00e1 m\u00e1s de 20 eventos deportivos de primer nivel en 2022 con 10 millones de inversi\u00f3n<\/a>-juntadeandalucia<strong><br \/>\n<\/strong><\/p>\n<\/div>\n<\/div>\n<div id=\"\" class=\"lsow-panel lsow-active\">\n<h1 class=\"lsow-panel-title\">Estado<\/h1>\n<div class=\"lsow-panel-content\">\n<p><strong>Institucional<br \/>\n<\/strong><a href=\"https:\/\/www.google.com\/url?rct=j&amp;sa=t&amp;url=https:\/\/www.eldiario.es\/catalunya\/gobierno-estudia-tipificar-impago-pensiones-violencia-genero_1_8769429.html&amp;ct=ga&amp;cd=CAEYAioUMTc2MjY2NDY2MjQyNDE3NTAzMzIyGWUxZTc3ZDE1NjA5OGE4ZTM6ZXM6ZXM6RVM&amp;usg=AFQjCNEGB5pY7QjgY7s0KWT3H5m9EshUKA\" target=\"_blank\" rel=\"noopener\" data-saferedirecturl=\"https:\/\/www.google.com\/url?q=https:\/\/www.google.com\/url?rct%3Dj%26sa%3Dt%26url%3Dhttps:\/\/www.eldiario.es\/catalunya\/gobierno-estudia-tipificar-impago-pensiones-violencia-genero_1_8769429.html%26ct%3Dga%26cd%3DCAEYAioUMTc2MjY2NDY2MjQyNDE3NTAzMzIyGWUxZTc3ZDE1NjA5OGE4ZTM6ZXM6ZXM6RVM%26usg%3DAFQjCNEGB5pY7QjgY7s0KWT3H5m9EshUKA&amp;source=gmail&amp;ust=1645786761978000&amp;usg=AOvVaw1Hvhhf9nvfdnF4VnXyxHuZ\">El Gobierno estudia tipificar el impago de pensiones como\u00a0violencia de g\u00e9nero &#8211;\u00a0<\/a><a>El Diario<br \/>\n<\/a><a href=\"https:\/\/www.google.com\/url?rct=j&amp;sa=t&amp;url=https:\/\/www.europapress.es\/economia\/laboral-00346\/noticia-montero-ministra-funcion-publica-francesa-firman-declaracion-reforzar-cooperacion-20220222191602.html&amp;ct=ga&amp;cd=CAEYAioUMTc2MTkyNzU1MDg5ODE4OTM4OTcyGTU5ZDc4MTcxMzZhMmQwMjg6ZXM6ZXM6RVM&amp;usg=AFQjCNEgqYVLD5jE-ckg4V3hnj1u5CTxSw\" target=\"_blank\" rel=\"noopener\" data-saferedirecturl=\"https:\/\/www.google.com\/url?q=https:\/\/www.google.com\/url?rct%3Dj%26sa%3Dt%26url%3Dhttps:\/\/www.europapress.es\/economia\/laboral-00346\/noticia-montero-ministra-funcion-publica-francesa-firman-declaracion-reforzar-cooperacion-20220222191602.html%26ct%3Dga%26cd%3DCAEYAioUMTc2MTkyNzU1MDg5ODE4OTM4OTcyGTU5ZDc4MTcxMzZhMmQwMjg6ZXM6ZXM6RVM%26usg%3DAFQjCNEgqYVLD5jE-ckg4V3hnj1u5CTxSw&amp;source=gmail&amp;ust=1645786761804000&amp;usg=AOvVaw1eKLg1JpTp8J2WpTpnKIzT\">Montero y la ministra de Funci\u00f3n P\u00fablica francesa firman una declaraci\u00f3n para reforzar la &#8230;-\u00a0<\/a><a>Europa Press<\/a><\/p>\n<p><strong>Institucional \u2013 CCAA<br \/>\n<\/strong><a href=\"https:\/\/www.google.com\/url?rct=j&amp;sa=t&amp;url=https:\/\/infoprovincia.net\/2022\/02\/22\/la-junta-de-extremadura-trabaja-en-el-pacto-extremeno-por-la-igualdad-para-reducir-la-brecha-salarial-entre-mujeres-y-hombres\/&amp;ct=ga&amp;cd=CAEYFSoUMTc2MjY2NDY2MjQyNDE3NTAzMzIyGWUxZTc3ZDE1NjA5OGE4ZTM6ZXM6ZXM6RVM&amp;usg=AFQjCNEUFQXfkPWsRiQxMtmF_FL6M4eCRQ\" target=\"_blank\" rel=\"noopener\" data-saferedirecturl=\"https:\/\/www.google.com\/url?q=https:\/\/www.google.com\/url?rct%3Dj%26sa%3Dt%26url%3Dhttps:\/\/infoprovincia.net\/2022\/02\/22\/la-junta-de-extremadura-trabaja-en-el-pacto-extremeno-por-la-igualdad-para-reducir-la-brecha-salarial-entre-mujeres-y-hombres\/%26ct%3Dga%26cd%3DCAEYFSoUMTc2MjY2NDY2MjQyNDE3NTAzMzIyGWUxZTc3ZDE1NjA5OGE4ZTM6ZXM6ZXM6RVM%26usg%3DAFQjCNEUFQXfkPWsRiQxMtmF_FL6M4eCRQ&amp;source=gmail&amp;ust=1645786761985000&amp;usg=AOvVaw3rxLBsV7N1kxYzAfbIlZPX\">La Junta de Extremadura trabaja en el Pacto Extreme\u00f1o por la Igualdad para reducir la &#8230;-\u00a0<\/a><a>Infoprovincia<br \/>\n<\/a><a href=\"https:\/\/www.google.com\/url?rct=j&amp;sa=t&amp;url=https:\/\/www.diariodelaltoaragon.es\/noticias\/huesca\/2022\/02\/22\/apenas-un-11-de-los-policias-locales-en-aragon-son-mujeres-1554914-daa.html&amp;ct=ga&amp;cd=CAEYAyoTNTE5Njc3NjM5NzA2OTM1NTQ2ODIZYzAzNzJlYmMyZmVhZGE1OTplczplczpFUw&amp;usg=AFQjCNE2B06ixU1azEnsbsOhA6UQd1oC5g\" target=\"_blank\" rel=\"noopener\" data-saferedirecturl=\"https:\/\/www.google.com\/url?q=https:\/\/www.google.com\/url?rct%3Dj%26sa%3Dt%26url%3Dhttps:\/\/www.diariodelaltoaragon.es\/noticias\/huesca\/2022\/02\/22\/apenas-un-11-de-los-policias-locales-en-aragon-son-mujeres-1554914-daa.html%26ct%3Dga%26cd%3DCAEYAyoTNTE5Njc3NjM5NzA2OTM1NTQ2ODIZYzAzNzJlYmMyZmVhZGE1OTplczplczpFUw%26usg%3DAFQjCNE2B06ixU1azEnsbsOhA6UQd1oC5g&amp;source=gmail&amp;ust=1645786761606000&amp;usg=AOvVaw2sMcWX1_sDIy0nFngINwH5\">Apenas un 11% de los polic\u00edas locales en Arag\u00f3n son\u00a0mujeres-\u00a0<\/a><a>Diario del Alto Arag\u00f3n<br \/>\n<\/a><a href=\"https:\/\/www.google.com\/url?rct=j&amp;sa=t&amp;url=https:\/\/www.elperiodicodearagon.com\/comarcas\/2022\/02\/23\/iam-pondra-marcha-pisos-tutelados-63077895.html&amp;ct=ga&amp;cd=CAEYBioUMTAxMTQwNDAyMzMzMzQzNDIwNTAyGWMwMzcyZWJjMmZlYWRhNTk6ZXM6ZXM6RVM&amp;usg=AFQjCNEeKta3IgsNWncpkOykdgGmNaKcRg\" target=\"_blank\" rel=\"noopener\" data-saferedirecturl=\"https:\/\/www.google.com\/url?q=https:\/\/www.google.com\/url?rct%3Dj%26sa%3Dt%26url%3Dhttps:\/\/www.elperiodicodearagon.com\/comarcas\/2022\/02\/23\/iam-pondra-marcha-pisos-tutelados-63077895.html%26ct%3Dga%26cd%3DCAEYBioUMTAxMTQwNDAyMzMzMzQzNDIwNTAyGWMwMzcyZWJjMmZlYWRhNTk6ZXM6ZXM6RVM%26usg%3DAFQjCNEeKta3IgsNWncpkOykdgGmNaKcRg&amp;source=gmail&amp;ust=1645794769205000&amp;usg=AOvVaw0Wyv7Bx9obCSMzR0yXPyqp\">El IAM pondr\u00e1 en marcha pisos tutelados para mujeres en tres localidades de Zaragoza-\u00a0<\/a><a>El Peri\u00f3dico de Arag\u00f3n<\/a><\/p>\n<p><strong>Econom\u00eda y Empresa<br \/>\n<\/strong><a href=\"https:\/\/www.google.com\/url?rct=j&amp;sa=t&amp;url=https:\/\/www.elindependiente.com\/economia\/2022\/02\/21\/banco-santander-mejor-entidad-financiera-en-igualdad-de-genero\/&amp;ct=ga&amp;cd=CAEYASoTNjUwMDM2MjAyODY4NjQ3ODA1MzIZNTlkNzgxNzEzNmEyZDAyODplczplczpFUw&amp;usg=AFQjCNG_UtY7iAvbGE8-z3cJLH9THkly1w\" target=\"_blank\" rel=\"noopener\" data-saferedirecturl=\"https:\/\/www.google.com\/url?q=https:\/\/www.google.com\/url?rct%3Dj%26sa%3Dt%26url%3Dhttps:\/\/www.elindependiente.com\/economia\/2022\/02\/21\/banco-santander-mejor-entidad-financiera-en-igualdad-de-genero\/%26ct%3Dga%26cd%3DCAEYASoTNjUwMDM2MjAyODY4NjQ3ODA1MzIZNTlkNzgxNzEzNmEyZDAyODplczplczpFUw%26usg%3DAFQjCNG_UtY7iAvbGE8-z3cJLH9THkly1w&amp;source=gmail&amp;ust=1645602855645000&amp;usg=AOvVaw0BtwacvqjRqjb6U_4hw9N6\">Banco Santander, la mejor entidad financiera en igualdad de g\u00e9nero &#8211;\u00a0<\/a><a>El Independiente<br \/>\n<\/a><a href=\"https:\/\/www.google.com\/url?rct=j&amp;sa=t&amp;url=https:\/\/www.pressdigital.es\/texto-diario\/mostrar\/3453179\/delegacion-parlamento-europeo-conocera-madrid-labor-empresas-economia-social-espana&amp;ct=ga&amp;cd=CAEYACoTMTc5NjkxNjczOTMzMjE5MTk1MTIZZDc4ZTU4NzVhMGYxZjJhYzplczplczpFUw&amp;usg=AFQjCNHyKFwjULl_CCmBNt6QvySHmc-0GA\" target=\"_blank\" rel=\"noopener\" data-saferedirecturl=\"https:\/\/www.google.com\/url?q=https:\/\/www.google.com\/url?rct%3Dj%26sa%3Dt%26url%3Dhttps:\/\/www.pressdigital.es\/texto-diario\/mostrar\/3453179\/delegacion-parlamento-europeo-conocera-madrid-labor-empresas-economia-social-espana%26ct%3Dga%26cd%3DCAEYACoTMTc5NjkxNjczOTMzMjE5MTk1MTIZZDc4ZTU4NzVhMGYxZjJhYzplczplczpFUw%26usg%3DAFQjCNHyKFwjULl_CCmBNt6QvySHmc-0GA&amp;source=gmail&amp;ust=1645602874847000&amp;usg=AOvVaw1yngvcOYc2Y4sj2z2_7COe\">Una delegaci\u00f3n del Parlamento Europeo conocer\u00e1 en Madrid la labor de empresas &#8230; &#8211;<\/a><a>Pressdigital<br \/>\n<\/a><a href=\"https:\/\/www.google.com\/url?rct=j&amp;sa=t&amp;url=https:\/\/amecopress.net\/CCC-y-Womenalia-celebran-Women-Speed-Mentoring-en-AULA-2022-para-impulsar-la-igualdad-de-genero-en-la-FP-24886&amp;ct=ga&amp;cd=CAEYDioUMTc2MjY2NDY2MjQyNDE3NTAzMzIyGWUxZTc3ZDE1NjA5OGE4ZTM6ZXM6ZXM6RVM&amp;usg=AFQjCNF4013n7PI3KLnk6WLzE-S8dxOgNA\" target=\"_blank\" rel=\"noopener\" data-saferedirecturl=\"https:\/\/www.google.com\/url?q=https:\/\/www.google.com\/url?rct%3Dj%26sa%3Dt%26url%3Dhttps:\/\/amecopress.net\/CCC-y-Womenalia-celebran-Women-Speed-Mentoring-en-AULA-2022-para-impulsar-la-igualdad-de-genero-en-la-FP-24886%26ct%3Dga%26cd%3DCAEYDioUMTc2MjY2NDY2MjQyNDE3NTAzMzIyGWUxZTc3ZDE1NjA5OGE4ZTM6ZXM6ZXM6RVM%26usg%3DAFQjCNF4013n7PI3KLnk6WLzE-S8dxOgNA&amp;source=gmail&amp;ust=1645786761982000&amp;usg=AOvVaw3bKo2D2X_SMHTmssnLTWs0\">CCC y Womenalia celebran \u00abWomen Speed Mentoring\u00bb en AULA 2022 para impulsar la &#8230;-\u00a0<\/a><a>Ameco Press<br \/>\n<\/a><a href=\"https:\/\/www.google.com\/url?rct=j&amp;sa=t&amp;url=https:\/\/www.europapress.es\/epsocial\/igualdad\/noticia-mujeres-discapacidad-perdido-500-euros-salario-medio-2010-20220222122704.html&amp;ct=ga&amp;cd=CAEYCSoTNTE5Njc3NjM5NzA2OTM1NTQ2ODIZYzAzNzJlYmMyZmVhZGE1OTplczplczpFUw&amp;usg=AFQjCNFRIbotz4tf_HWdngZbGgHVw6eG2A\" target=\"_blank\" rel=\"noopener\" data-saferedirecturl=\"https:\/\/www.google.com\/url?q=https:\/\/www.google.com\/url?rct%3Dj%26sa%3Dt%26url%3Dhttps:\/\/www.europapress.es\/epsocial\/igualdad\/noticia-mujeres-discapacidad-perdido-500-euros-salario-medio-2010-20220222122704.html%26ct%3Dga%26cd%3DCAEYCSoTNTE5Njc3NjM5NzA2OTM1NTQ2ODIZYzAzNzJlYmMyZmVhZGE1OTplczplczpFUw%26usg%3DAFQjCNFRIbotz4tf_HWdngZbGgHVw6eG2A&amp;source=gmail&amp;ust=1645786761609000&amp;usg=AOvVaw2gc1k8X1C2ciuNrFAgEAX0\">Las\u00a0mujeres con discapacidad han perdido 500 euros de salario medio desde 2010 &#8211;\u00a0<\/a><a>Europa Press<br \/>\n<\/a><a href=\"https:\/\/www.google.com\/url?rct=j&amp;sa=t&amp;url=https:\/\/www.ilunion.com\/es\/eurodiputados-de-la-comision-de-empleo-elogian-el-modelo-de-economia-social-espanol&amp;ct=ga&amp;cd=CAEYASoUMTM1MDYwMDAyMjI4MTUwMDY0OTYyGTFmYWEzNjRkM2QxMTIyMWI6ZXM6ZXM6RVM&amp;usg=AFQjCNFTejbdY0BvUeWViL_1T-lEYbSTWw\" target=\"_blank\" rel=\"noopener\" data-saferedirecturl=\"https:\/\/www.google.com\/url?q=https:\/\/www.google.com\/url?rct%3Dj%26sa%3Dt%26url%3Dhttps:\/\/www.ilunion.com\/es\/eurodiputados-de-la-comision-de-empleo-elogian-el-modelo-de-economia-social-espanol%26ct%3Dga%26cd%3DCAEYASoUMTM1MDYwMDAyMjI4MTUwMDY0OTYyGTFmYWEzNjRkM2QxMTIyMWI6ZXM6ZXM6RVM%26usg%3DAFQjCNFTejbdY0BvUeWViL_1T-lEYbSTWw&amp;source=gmail&amp;ust=1645794762351000&amp;usg=AOvVaw1nAZTgli1gomb_3yU-EyE2\">Eurodiputados de la comisi\u00f3n de Empleo elogian el modelo de econom\u00eda social espa\u00f1ol &#8211;<\/a><a>Ilunion<\/a><\/p>\n<p><strong>Actualidad<br \/>\n<\/strong><a href=\"https:\/\/www.google.com\/url?rct=j&amp;sa=t&amp;url=http:\/\/www.publico.es\/ciencias\/descubren-nuevo-farmaco-frenar-metastasis-cancer-mama.html&amp;ct=ga&amp;cd=CAEYKioTMTg3NTc4ODM1MzU2Nzk5OTg5NjIZYzAzNzJlYmMyZmVhZGE1OTplczplczpFUw&amp;usg=AFQjCNHoKsRjK78Fulnu7rPFhmlHFoxv8A\" target=\"_blank\" rel=\"noopener\" data-saferedirecturl=\"https:\/\/www.google.com\/url?hl=es&amp;q=https:\/\/www.google.com\/url?rct%3Dj%26sa%3Dt%26url%3Dhttp:\/\/www.publico.es\/ciencias\/descubren-nuevo-farmaco-frenar-metastasis-cancer-mama.html%26ct%3Dga%26cd%3DCAEYKioTMTg3NTc4ODM1MzU2Nzk5OTg5NjIZYzAzNzJlYmMyZmVhZGE1OTplczplczpFUw%26usg%3DAFQjCNHoKsRjK78Fulnu7rPFhmlHFoxv8A&amp;source=gmail&amp;ust=1645607764609000&amp;usg=AOvVaw00nL2VeHo1TMhhb46lAGiW\">Descubren un nuevo f\u00e1rmaco que podr\u00eda frenar la met\u00e1stasis del c\u00e1ncer de mama\u00a0<\/a>&#8211;<a>P\u00fablico<br \/>\n<\/a><a href=\"https:\/\/www.google.com\/url?rct=j&amp;sa=t&amp;url=https:\/\/www.publico.es\/sociedad\/pobreza-menstrual-cuatro-diez-mujeres-no-costear-producto-menstrual-quieren.html&amp;ct=ga&amp;cd=CAEYEioUMTAxMTQwNDAyMzMzMzQzNDIwNTAyGWMwMzcyZWJjMmZlYWRhNTk6ZXM6ZXM6RVM&amp;usg=AFQjCNGShjyUc9g9BJmLSS50ek_tfDF5sg\" target=\"_blank\" rel=\"noopener\" data-saferedirecturl=\"https:\/\/www.google.com\/url?q=https:\/\/www.google.com\/url?rct%3Dj%26sa%3Dt%26url%3Dhttps:\/\/www.publico.es\/sociedad\/pobreza-menstrual-cuatro-diez-mujeres-no-costear-producto-menstrual-quieren.html%26ct%3Dga%26cd%3DCAEYEioUMTAxMTQwNDAyMzMzMzQzNDIwNTAyGWMwMzcyZWJjMmZlYWRhNTk6ZXM6ZXM6RVM%26usg%3DAFQjCNGShjyUc9g9BJmLSS50ek_tfDF5sg&amp;source=gmail&amp;ust=1645794769209000&amp;usg=AOvVaw3kCocF7_McGJzUQcZBxoYF\">Cuatro de cada diez mujeres no se pueden costear el producto menstrual que quieren &#8211;\u00a0<\/a><a>P\u00fablico<br \/>\n<\/a><a href=\"https:\/\/www.google.com\/url?rct=j&amp;sa=t&amp;url=http:\/\/www.interempresas.net\/Puericultura\/Articulos\/380780-Los-nacimientos-en-Espana-alcanzan-un-nuevo-minimo-historico.html&amp;ct=ga&amp;cd=CAEYKCoUMTAxMTQwNDAyMzMzMzQzNDIwNTAyGWMwMzcyZWJjMmZlYWRhNTk6ZXM6ZXM6RVM&amp;usg=AFQjCNG98Z7d2-oFGmUlKcDSnFfa4tg8Jw\" target=\"_blank\" rel=\"noopener\" data-saferedirecturl=\"https:\/\/www.google.com\/url?hl=es&amp;q=https:\/\/www.google.com\/url?rct%3Dj%26sa%3Dt%26url%3Dhttp:\/\/www.interempresas.net\/Puericultura\/Articulos\/380780-Los-nacimientos-en-Espana-alcanzan-un-nuevo-minimo-historico.html%26ct%3Dga%26cd%3DCAEYKCoUMTAxMTQwNDAyMzMzMzQzNDIwNTAyGWMwMzcyZWJjMmZlYWRhNTk6ZXM6ZXM6RVM%26usg%3DAFQjCNG98Z7d2-oFGmUlKcDSnFfa4tg8Jw&amp;source=gmail&amp;ust=1645796262645000&amp;usg=AOvVaw3bqruTsRulQMCogIlGkCwQ\">Los nacimientos en Espa\u00f1a alcanzan un nuevo m\u00ednimo hist\u00f3rico &#8211;\u00a0<\/a><a>Interempresas<br \/>\n<\/a><a class=\"title\" href=\"https:\/\/www.consalud.es\/profesionales\/organon-organiza-foro-salud-perspectiva-onlive-salud-integral-mujer_110619_102.html\" target=\"_blank\" rel=\"noopener\" data-artpy=\"0\" data-author=\"consalud.es\">Organon organiza el foro &#8216;Salud con Perspectiva OnLive&#8217; sobre la salud integral de la mujer<\/a>-consalud<a><br \/>\n<\/a><\/p>\n<p><strong>Violencias<br \/>\n<\/strong><a href=\"https:\/\/www.google.com\/url?rct=j&amp;sa=t&amp;url=https:\/\/www.infonortedigital.com\/portada\/interes\/item\/99955-el-observatorio-espanol-de-violencia-de-genero-digital-oeviged-premio-al-mejor-proyecto-innovador-2022-de-madrid-magazine&amp;ct=ga&amp;cd=CAEYAyoUMTc2MjY2NDY2MjQyNDE3NTAzMzIyGWUxZTc3ZDE1NjA5OGE4ZTM6ZXM6ZXM6RVM&amp;usg=AFQjCNHE5a0s0hbHa-U0nehNICEsrS4-GQ\" target=\"_blank\" rel=\"noopener\" data-saferedirecturl=\"https:\/\/www.google.com\/url?q=https:\/\/www.google.com\/url?rct%3Dj%26sa%3Dt%26url%3Dhttps:\/\/www.infonortedigital.com\/portada\/interes\/item\/99955-el-observatorio-espanol-de-violencia-de-genero-digital-oeviged-premio-al-mejor-proyecto-innovador-2022-de-madrid-magazine%26ct%3Dga%26cd%3DCAEYAyoUMTc2MjY2NDY2MjQyNDE3NTAzMzIyGWUxZTc3ZDE1NjA5OGE4ZTM6ZXM6ZXM6RVM%26usg%3DAFQjCNHE5a0s0hbHa-U0nehNICEsrS4-GQ&amp;source=gmail&amp;ust=1645786761978000&amp;usg=AOvVaw1zHH4QDvO8MTK7xDto4SMS\">El Observatorio Espa\u00f1ol de\u00a0Violencia de G\u00e9nero Digital (OEVIGED +), premio al mejor Proyecto &#8230;-\u00a0<\/a><a>Infonorte Digital<br \/>\n<\/a><a href=\"https:\/\/www.google.com\/url?rct=j&amp;sa=t&amp;url=https:\/\/www.diariosigloxxi.com\/texto-s\/mostrar\/444935\/eurodiputadas-espanolas-piden-reformar-tratado-ue-violencia-genero-sea-eurodelito-como-terrorismo-corrupcion&amp;ct=ga&amp;cd=CAEYACoUMTcxMTE0Mzg3NjEwNjgzNTU3MTgyGWUxZTc3ZDE1NjA5OGE4ZTM6ZXM6ZXM6RVM&amp;usg=AFQjCNHVE6nUBOksD1KL_Kt3put3aCRf3A\" target=\"_blank\" rel=\"noopener\" data-saferedirecturl=\"https:\/\/www.google.com\/url?q=https:\/\/www.google.com\/url?rct%3Dj%26sa%3Dt%26url%3Dhttps:\/\/www.diariosigloxxi.com\/texto-s\/mostrar\/444935\/eurodiputadas-espanolas-piden-reformar-tratado-ue-violencia-genero-sea-eurodelito-como-terrorismo-corrupcion%26ct%3Dga%26cd%3DCAEYACoUMTcxMTE0Mzg3NjEwNjgzNTU3MTgyGWUxZTc3ZDE1NjA5OGE4ZTM6ZXM6ZXM6RVM%26usg%3DAFQjCNHVE6nUBOksD1KL_Kt3put3aCRf3A&amp;source=gmail&amp;ust=1645607766368000&amp;usg=AOvVaw2vUT119acxXWEfhQDOmU_U\">Eurodiputadas espa\u00f1olas piden reformar el tratado de la UE para que la violencia de g\u00e9nero &#8230;-\u00a0<\/a><a>Diario Siglo XXI<\/a><strong><br \/>\n<\/strong><a href=\"https:\/\/www.google.com\/url?rct=j&amp;sa=t&amp;url=https:\/\/www.publico.es\/sociedad\/violencia-machista-tipos-violencia-genero-pedir-ayuda.html&amp;ct=ga&amp;cd=CAEYASoTNDMwNDIzODkzODI4MTQzMDM5NzIZZTFlNzdkMTU2MDk4YThlMzplczplczpFUw&amp;usg=AFQjCNGEnuhZ7fFjZC5-fSIsU9fHKQScfw\" target=\"_blank\" rel=\"noopener\" data-saferedirecturl=\"https:\/\/www.google.com\/url?q=https:\/\/www.google.com\/url?rct%3Dj%26sa%3Dt%26url%3Dhttps:\/\/www.publico.es\/sociedad\/violencia-machista-tipos-violencia-genero-pedir-ayuda.html%26ct%3Dga%26cd%3DCAEYASoTNDMwNDIzODkzODI4MTQzMDM5NzIZZTFlNzdkMTU2MDk4YThlMzplczplczpFUw%26usg%3DAFQjCNGEnuhZ7fFjZC5-fSIsU9fHKQScfw&amp;source=gmail&amp;ust=1645602855578000&amp;usg=AOvVaw3eHKUJGPZGuk-_MPSZmGCt\">Tipos de violencia de g\u00e9nero y c\u00f3mo pedir ayuda\u00a0<\/a>-P<a>\u00fablico<\/a><a><br \/>\n<\/a><a href=\"https:\/\/www.google.com\/url?rct=j&amp;sa=t&amp;url=https:\/\/efeminista.com\/las-victimas-de-violencia-machista-tienen-altos-niveles-de-resiliencia\/&amp;ct=ga&amp;cd=CAEYFCoTNTE5Njc3NjM5NzA2OTM1NTQ2ODIZYzAzNzJlYmMyZmVhZGE1OTplczplczpFUw&amp;usg=AFQjCNFeLtXU8vDpTpgEpczEV5CyqzQvNg\" target=\"_blank\" rel=\"noopener\" data-saferedirecturl=\"https:\/\/www.google.com\/url?hl=es&amp;q=https:\/\/www.google.com\/url?rct%3Dj%26sa%3Dt%26url%3Dhttps:\/\/efeminista.com\/las-victimas-de-violencia-machista-tienen-altos-niveles-de-resiliencia\/%26ct%3Dga%26cd%3DCAEYFCoTNTE5Njc3NjM5NzA2OTM1NTQ2ODIZYzAzNzJlYmMyZmVhZGE1OTplczplczpFUw%26usg%3DAFQjCNFeLtXU8vDpTpgEpczEV5CyqzQvNg&amp;source=gmail&amp;ust=1645790009737000&amp;usg=AOvVaw2mpp59gjlkmmwu1GW_UAx0\">Las v\u00edctimas de violencia machista tienen altos niveles de resiliencia &#8211;\u00a0<\/a><a>Efeminista<\/a><\/p>\n<p><strong>Ciencia y Cultura<br \/>\n<\/strong><a href=\"https:\/\/www.google.com\/url?rct=j&amp;sa=t&amp;url=https:\/\/amecopress.net\/Encuentros-PastWomen-trabajadoras-de-la-arqueologia-y-la-ciencia&amp;ct=ga&amp;cd=CAEYDSoTNDMwNDIzODkzODI4MTQzMDM5NzIZZTFlNzdkMTU2MDk4YThlMzplczplczpFUw&amp;usg=AFQjCNHAthN4tX75ecuR_3svvOnndA4_kw\" target=\"_blank\" rel=\"noopener\" data-saferedirecturl=\"https:\/\/www.google.com\/url?q=https:\/\/www.google.com\/url?rct%3Dj%26sa%3Dt%26url%3Dhttps:\/\/amecopress.net\/Encuentros-PastWomen-trabajadoras-de-la-arqueologia-y-la-ciencia%26ct%3Dga%26cd%3DCAEYDSoTNDMwNDIzODkzODI4MTQzMDM5NzIZZTFlNzdkMTU2MDk4YThlMzplczplczpFUw%26usg%3DAFQjCNHAthN4tX75ecuR_3svvOnndA4_kw&amp;source=gmail&amp;ust=1645602855582000&amp;usg=AOvVaw3sYWs_jcSZVAVWCPELLMAd\">Encuentros PastWomen: trabajadoras de la arqueolog\u00eda y la ciencia &#8211;\u00a0<\/a><a>Ameco Press<br \/>\n<\/a><a class=\"title\" href=\"https:\/\/www.msn.com\/es-es\/entertainment\/cine\/ocho-test-para-saber-si-tu-pel-c3-adcula-favorita-discrimina-a-las-mujeres\/ar-AAUeUv8?ocid=BingNewsSearch\" target=\"_blank\" rel=\"noopener\" data-artpy=\"0\" data-author=\"ESPA\u00d1OL on MSN.com\">Ocho test para saber si tu pel\u00edcula favorita discrimina a las mujeres<\/a>-elespa\u00f1ol<br \/>\n<a class=\"title\" href=\"https:\/\/valenciaplaza.com\/valencia-reivindica-a-rosalia-de-castro-y-concepcion-arenal-como-precursoras-del-feminismo-en-espana\" target=\"_blank\" rel=\"noopener\" data-artpy=\"0\" data-author=\"Valencia Plaza\">Val\u00e8ncia reivindica a Rosal\u00eda de Castro y Concepci\u00f3n Arenal como precursoras del feminismo en Espa\u00f1a<\/a>-valenciaplaza<br \/>\n<a class=\"title\" href=\"https:\/\/www.lavozdeltajo.com\/noticia\/63479\/nuestra-gente\/beatriz-gutierrez:-la-mujer-en-la-composicion-es-una-desconocida.html\" target=\"_blank\" rel=\"noopener\" data-artpy=\"0\" data-author=\"La voz del Tajo\">Beatriz Guti\u00e9rrez: \u00abLa mujer en la composici\u00f3n es una desconocida\u00bb<\/a>-lavozdeltajo<br \/>\n<a class=\"title\" href=\"https:\/\/www.msn.com\/es-es\/news\/espana\/e2-80-9ccarmen-balcells-pidi-c3-b3-libertad-en-cuba-y-a-fidel-castro-le-sent-c3-b3-muy-mal-e2-80-9d\/ar-AAUeGjk?ocid=BingNewsSearch\" target=\"_blank\" rel=\"noopener\" data-artpy=\"0\" data-author=\"La Vanguardia on MSN.com\">\u201cCarmen Balcells pidi\u00f3 libertad en Cuba, y a Fidel Castro le sent\u00f3 muy mal\u201d<\/a>-lavanguardia<a><br \/>\n<\/a><\/p>\n<p><strong>Deporte<br \/>\n<\/strong><a href=\"https:\/\/www.google.com\/url?rct=j&amp;sa=t&amp;url=https:\/\/www.elconfidencial.com\/deportes\/otros-deportes\/2022-02-23\/rugby-planta-cara-violencia-machista_3370569\/&amp;ct=ga&amp;cd=CAEYACoUMTQ2ODE3NTQ2NzI0MzE3NzEzMjYyGWUyZGVmYTdkNWRhOTE1N2Q6ZXM6ZXM6RVM&amp;usg=AFQjCNEvuMBvYW98dsLBY-WrACxVEVPWWQ\" target=\"_blank\" rel=\"noopener\" data-saferedirecturl=\"https:\/\/www.google.com\/url?q=https:\/\/www.google.com\/url?rct%3Dj%26sa%3Dt%26url%3Dhttps:\/\/www.elconfidencial.com\/deportes\/otros-deportes\/2022-02-23\/rugby-planta-cara-violencia-machista_3370569\/%26ct%3Dga%26cd%3DCAEYACoUMTQ2ODE3NTQ2NzI0MzE3NzEzMjYyGWUyZGVmYTdkNWRhOTE1N2Q6ZXM6ZXM6RVM%26usg%3DAFQjCNEvuMBvYW98dsLBY-WrACxVEVPWWQ&amp;source=gmail&amp;ust=1645786762225000&amp;usg=AOvVaw2_MmbZC9orCoGRdOW1kYNz\">El rugby planta cara a la violencia machista &#8211;\u00a0<\/a><a>El Confidencial<\/a><strong><br \/>\n<\/strong><\/p>\n<\/div>\n<\/div>\n<div id=\"\" class=\"lsow-panel lsow-active\">\n<h1 class=\"lsow-panel-title\">Internacional<\/h1>\n<div class=\"lsow-panel-content\">\n<p><a href=\"https:\/\/www.google.com\/url?rct=j&amp;sa=t&amp;url=https:\/\/www.emartv.es\/2022\/02\/22\/eurodiputadas-brecha-salarial\/&amp;ct=ga&amp;cd=CAEYAyoUMTM1MDYwMDAyMjI4MTUwMDY0OTYyGTFmYWEzNjRkM2QxMTIyMWI6ZXM6ZXM6RVM&amp;usg=AFQjCNHs_XOZ5oN4tSrjx6NG5A9jqGoGpQ\" target=\"_blank\" rel=\"noopener\" data-saferedirecturl=\"https:\/\/www.google.com\/url?q=https:\/\/www.google.com\/url?rct%3Dj%26sa%3Dt%26url%3Dhttps:\/\/www.emartv.es\/2022\/02\/22\/eurodiputadas-brecha-salarial\/%26ct%3Dga%26cd%3DCAEYAyoUMTM1MDYwMDAyMjI4MTUwMDY0OTYyGTFmYWEzNjRkM2QxMTIyMWI6ZXM6ZXM6RVM%26usg%3DAFQjCNHs_XOZ5oN4tSrjx6NG5A9jqGoGpQ&amp;source=gmail&amp;ust=1645794762351000&amp;usg=AOvVaw1fSfspyW1oMw02NGy6q3Ku\">Eurodiputadas espa\u00f1olas fijan la brecha salarial europea al 14 % y piden mayor transparencia-\u00a0<\/a><a>Ema-rtv<br \/>\n<\/a><a href=\"https:\/\/www.google.com\/url?rct=j&amp;sa=t&amp;url=https:\/\/www.americaeconomia.com\/analisis-opinion\/amplificando-la-voz-de-las-mujeres-con-el-acuerdo-chile-ue-modernizado&amp;ct=ga&amp;cd=CAEYAyoTNjUwMDM2MjAyODY4NjQ3ODA1MzIZNTlkNzgxNzEzNmEyZDAyODplczplczpFUw&amp;usg=AFQjCNFe-my9U5eQqAdyRnUO1by8gv7KOw\" target=\"_blank\" rel=\"noopener\" data-saferedirecturl=\"https:\/\/www.google.com\/url?q=https:\/\/www.google.com\/url?rct%3Dj%26sa%3Dt%26url%3Dhttps:\/\/www.americaeconomia.com\/analisis-opinion\/amplificando-la-voz-de-las-mujeres-con-el-acuerdo-chile-ue-modernizado%26ct%3Dga%26cd%3DCAEYAyoTNjUwMDM2MjAyODY4NjQ3ODA1MzIZNTlkNzgxNzEzNmEyZDAyODplczplczpFUw%26usg%3DAFQjCNFe-my9U5eQqAdyRnUO1by8gv7KOw&amp;source=gmail&amp;ust=1645602855646000&amp;usg=AOvVaw10QQMJTTTulZpiMqYrLZho\">Amplificando la voz de las mujeres con el Acuerdo Chile-UE modernizado-\u00a0<\/a><a>americaeconomia.com<br \/>\n<\/a><a href=\"https:\/\/www.google.com\/url?rct=j&amp;sa=t&amp;url=https:\/\/venezuelaaldia.com\/2022\/02\/21\/plataforma-virtual-conectara-a-mas-de-38-millones-de-mujeres-en-america-latina-y-el-caribe-entorno-a-la-tecnologia-y-el-emprendimiento\/&amp;ct=ga&amp;cd=CAEYASoUMTQ2OTAyMzcyNDI0NjkyMzk1MjgyGTU5ZDc4MTcxMzZhMmQwMjg6ZXM6ZXM6RVM&amp;usg=AFQjCNHYYDywGF5OUq-S1HEAJWrAfILb6A\" target=\"_blank\" rel=\"noopener\" data-saferedirecturl=\"https:\/\/www.google.com\/url?q=https:\/\/www.google.com\/url?rct%3Dj%26sa%3Dt%26url%3Dhttps:\/\/venezuelaaldia.com\/2022\/02\/21\/plataforma-virtual-conectara-a-mas-de-38-millones-de-mujeres-en-america-latina-y-el-caribe-entorno-a-la-tecnologia-y-el-emprendimiento\/%26ct%3Dga%26cd%3DCAEYASoUMTQ2OTAyMzcyNDI0NjkyMzk1MjgyGTU5ZDc4MTcxMzZhMmQwMjg6ZXM6ZXM6RVM%26usg%3DAFQjCNHYYDywGF5OUq-S1HEAJWrAfILb6A&amp;source=gmail&amp;ust=1645602855677000&amp;usg=AOvVaw2YneyL-In5NP_65f9X4UzG\">Plataforma Virtual conectar\u00e1 a m\u00e1s de 3,8 millones de mujeres en Am\u00e9rica Latina y el &#8230;-\u00a0<\/a><a>Venezuela al dia<br \/>\n<\/a><a href=\"https:\/\/www.google.com\/url?rct=j&amp;sa=t&amp;url=http:\/\/ethic.es\/2022\/02\/como-es-ser-mujer-en-un-pais-musulman\/&amp;ct=ga&amp;cd=CAEYGyoTNTE5Njc3NjM5NzA2OTM1NTQ2ODIZYzAzNzJlYmMyZmVhZGE1OTplczplczpFUw&amp;usg=AFQjCNFupgFscD7-1AWcyklWK0X5YK4q8Q\" target=\"_blank\" rel=\"noopener\" data-saferedirecturl=\"https:\/\/www.google.com\/url?hl=es&amp;q=https:\/\/www.google.com\/url?rct%3Dj%26sa%3Dt%26url%3Dhttp:\/\/ethic.es\/2022\/02\/como-es-ser-mujer-en-un-pais-musulman\/%26ct%3Dga%26cd%3DCAEYGyoTNTE5Njc3NjM5NzA2OTM1NTQ2ODIZYzAzNzJlYmMyZmVhZGE1OTplczplczpFUw%26usg%3DAFQjCNFupgFscD7-1AWcyklWK0X5YK4q8Q&amp;source=gmail&amp;ust=1645790009739000&amp;usg=AOvVaw2jfA_OwrwJghKXCBAmuyAJ\">C\u00f3mo es ser\u00a0mujer en un pa\u00eds musulm\u00e1n &#8211;\u00a0<\/a><a>Ethic<br \/>\n<\/a><a href=\"https:\/\/www.google.com\/url?rct=j&amp;sa=t&amp;url=https:\/\/elnuevodiario.com.do\/documental-denuncia-consecuencias-de-la-ilegalizacion-del-aborto-en-rd\/&amp;ct=ga&amp;cd=CAEYASoSMzIyOTQ0NDUwNTEwNDk2MjUyMhlkNzE3NTAxODNjNWZjNDZhOmVzOmVzOkVT&amp;usg=AFQjCNFuqN8UobBX68vk_3N_ATR0DCKiFQ\" target=\"_blank\" rel=\"noopener\" data-saferedirecturl=\"https:\/\/www.google.com\/url?q=https:\/\/www.google.com\/url?rct%3Dj%26sa%3Dt%26url%3Dhttps:\/\/elnuevodiario.com.do\/documental-denuncia-consecuencias-de-la-ilegalizacion-del-aborto-en-rd\/%26ct%3Dga%26cd%3DCAEYASoSMzIyOTQ0NDUwNTEwNDk2MjUyMhlkNzE3NTAxODNjNWZjNDZhOmVzOmVzOkVT%26usg%3DAFQjCNFuqN8UobBX68vk_3N_ATR0DCKiFQ&amp;source=gmail&amp;ust=1645787975094000&amp;usg=AOvVaw0lU2IpIJx9AxGkfl4aeDUg\">Documental denuncia consecuencias de la ilegalizaci\u00f3n del aborto en Rep\u00fablica Dominicana &#8211;\u00a0<\/a><a>El Nuevo Diario<br \/>\n<\/a><a href=\"https:\/\/www.google.com\/url?rct=j&amp;sa=t&amp;url=https:\/\/www.larazon.es\/tecnologia\/20220222\/d4japny3m5apngn4hpv3u6rzw4.html&amp;ct=ga&amp;cd=CAEYDSoUMTc2MjY2NDY2MjQyNDE3NTAzMzIyGWUxZTc3ZDE1NjA5OGE4ZTM6ZXM6ZXM6RVM&amp;usg=AFQjCNHV2Om9GdP3cPa-GWFcjbptTQLB6A\" target=\"_blank\" rel=\"noopener\" data-saferedirecturl=\"https:\/\/www.google.com\/url?q=https:\/\/www.google.com\/url?rct%3Dj%26sa%3Dt%26url%3Dhttps:\/\/www.larazon.es\/tecnologia\/20220222\/d4japny3m5apngn4hpv3u6rzw4.html%26ct%3Dga%26cd%3DCAEYDSoUMTc2MjY2NDY2MjQyNDE3NTAzMzIyGWUxZTc3ZDE1NjA5OGE4ZTM6ZXM6ZXM6RVM%26usg%3DAFQjCNHV2Om9GdP3cPa-GWFcjbptTQLB6A&amp;source=gmail&amp;ust=1645786761982000&amp;usg=AOvVaw3V3Jk7ZtLRJoRuxfm7GHhz\">SmartWater, el \u201cagua inteligente\u201d que la polic\u00eda brit\u00e1nica usa para identificar a los autores &#8230;<\/a>-larzon<br \/>\n<a href=\"https:\/\/www.google.com\/url?rct=j&amp;sa=t&amp;url=https:\/\/www.montevideo.com.uy\/Negocios-y-Tendencias\/Instituto-Clemente-Estable-y-Montevideo-Shopping-inauguraron-exposicion-sobre-cientificas-uc813578&amp;ct=ga&amp;cd=CAEYACoTOTA3MjgzNTMxNjYwMzk5NDEwNDIZYzAzNzJlYmMyZmVhZGE1OTplczplczpFUw&amp;usg=AFQjCNEl0kx75H9H_qs-YD2K6savu89PPQ\" target=\"_blank\" rel=\"noopener\" data-saferedirecturl=\"https:\/\/www.google.com\/url?q=https:\/\/www.google.com\/url?rct%3Dj%26sa%3Dt%26url%3Dhttps:\/\/www.montevideo.com.uy\/Negocios-y-Tendencias\/Instituto-Clemente-Estable-y-Montevideo-Shopping-inauguraron-exposicion-sobre-cientificas-uc813578%26ct%3Dga%26cd%3DCAEYACoTOTA3MjgzNTMxNjYwMzk5NDEwNDIZYzAzNzJlYmMyZmVhZGE1OTplczplczpFUw%26usg%3DAFQjCNEl0kx75H9H_qs-YD2K6savu89PPQ&amp;source=gmail&amp;ust=1645786761656000&amp;usg=AOvVaw0nGyAgNRJ0dQdIkbXunAN3\">Instituto Clemente Estable y Montevideo Shopping inauguraron exposici\u00f3n sobre cient\u00edficas-\u00a0<\/a><a>Negocios &amp; Tendencias<\/a><a>\u00a0<\/a><\/p>\n<\/div>\n<\/div>\n<\/div><\/div><\/div><\/div><\/div>\n","protected":false},"excerpt":{"rendered":"<p>El Gobierno estudia tipificar el impago de pensiones como violencia de g\u00e9nero * El cuidado de las personas como eje de la econom\u00eda y como reto en la igualdad * Descubren un nuevo f\u00e1rmaco que podr\u00eda frenar la met\u00e1stasis del c\u00e1ncer de mama * SmartWater el agua inteligente<\/p>\n","protected":false},"author":3,"featured_media":22909,"comment_status":"closed","ping_status":"closed","sticky":false,"template":"","format":"standard","meta":{"footnotes":""},"categories":[298,621],"tags":[106,239,109,275],"class_list":["post-15860","post","type-post","status-publish","format-standard","has-post-thumbnail","hentry","category-newsletter","category-nwl-3-0","tag-economia","tag-tareas-de-cuidado","tag-violencia-de-genero","tag-violencia-economica"],"yoast_head":"<!-- This site is optimized with the Yoast SEO plugin v27.5 - https:\/\/yoast.com\/product\/yoast-seo-wordpress\/ -->\n<title>Noticias Info CKL n\u00ba 2661-24\/02\/22 -Comunicar con perspectiva de g\u00e9nero<\/title>\n<meta name=\"description\" content=\"Noticias Info CKL n\u00ba 2661-24\/02\/22 El Gobierno estudia tipificar el impago de pensiones como violencia de g\u00e9nero * El cuidado de las personas como eje de la econom\u00eda y como reto en la igualdad * Descubren un nuevo f\u00e1rmaco que podr\u00eda frenar la met\u00e1stasis del c\u00e1ncer de mama * SmartWater el agua inteligente\" \/>\n<meta name=\"robots\" content=\"index, follow, max-snippet:-1, max-image-preview:large, max-video-preview:-1\" \/>\n<link rel=\"canonical\" href=\"https:\/\/cklcomunicaciones.es\/coop\/noticias-info-ckl-no-2661-24-02-22\/\" \/>\n<meta property=\"og:locale\" content=\"es_ES\" \/>\n<meta property=\"og:type\" content=\"article\" \/>\n<meta property=\"og:title\" content=\"Noticias Info CKL n\u00ba 2661-24\/02\/22 -Comunicar con perspectiva de g\u00e9nero\" \/>\n<meta property=\"og:description\" content=\"Noticias Info CKL n\u00ba 2661-24\/02\/22 El Gobierno estudia tipificar el impago de pensiones como violencia de g\u00e9nero * El cuidado de las personas como eje de la econom\u00eda y como reto en la igualdad * Descubren un nuevo f\u00e1rmaco que podr\u00eda frenar la met\u00e1stasis del c\u00e1ncer de mama * SmartWater el agua inteligente\" \/>\n<meta property=\"og:url\" content=\"https:\/\/cklcomunicaciones.es\/coop\/noticias-info-ckl-no-2661-24-02-22\/\" \/>\n<meta property=\"og:site_name\" content=\"CKL Comunicaciones\" \/>\n<meta property=\"article:published_time\" content=\"2022-02-24T13:55:12+00:00\" \/>\n<meta property=\"article:modified_time\" content=\"2025-02-09T11:42:23+00:00\" \/>\n<meta property=\"og:image\" content=\"https:\/\/cklcomunicaciones.es\/coop\/wp-content\/uploads\/2025\/01\/CKL-una-mirada-distinta-de-la-comunicacion.jpg\" \/>\n\t<meta property=\"og:image:width\" content=\"1482\" \/>\n\t<meta property=\"og:image:height\" content=\"775\" \/>\n\t<meta property=\"og:image:type\" content=\"image\/jpeg\" \/>\n<meta name=\"author\" content=\"ckl\" \/>\n<meta name=\"twitter:card\" content=\"summary_large_image\" \/>\n<meta name=\"twitter:label1\" content=\"Escrito por\" \/>\n\t<meta name=\"twitter:data1\" content=\"ckl\" \/>\n\t<meta name=\"twitter:label2\" content=\"Tiempo de lectura\" \/>\n\t<meta name=\"twitter:data2\" content=\"6 minutos\" \/>\n<script type=\"application\/ld+json\" class=\"yoast-schema-graph\">{\"@context\":\"https:\\\/\\\/schema.org\",\"@graph\":[{\"@type\":\"Article\",\"@id\":\"https:\\\/\\\/cklcomunicaciones.es\\\/coop\\\/noticias-info-ckl-no-2661-24-02-22\\\/#article\",\"isPartOf\":{\"@id\":\"https:\\\/\\\/cklcomunicaciones.es\\\/coop\\\/noticias-info-ckl-no-2661-24-02-22\\\/\"},\"author\":{\"name\":\"ckl\",\"@id\":\"https:\\\/\\\/cklcomunicaciones.es\\\/coop\\\/#\\\/schema\\\/person\\\/929a6837f7626450bbb50cee1aef266e\"},\"headline\":\"Noticias Info CKL n\u00ba 2661-24\\\/02\\\/22\",\"datePublished\":\"2022-02-24T13:55:12+00:00\",\"dateModified\":\"2025-02-09T11:42:23+00:00\",\"mainEntityOfPage\":{\"@id\":\"https:\\\/\\\/cklcomunicaciones.es\\\/coop\\\/noticias-info-ckl-no-2661-24-02-22\\\/\"},\"wordCount\":1223,\"image\":{\"@id\":\"https:\\\/\\\/cklcomunicaciones.es\\\/coop\\\/noticias-info-ckl-no-2661-24-02-22\\\/#primaryimage\"},\"thumbnailUrl\":\"https:\\\/\\\/cklcomunicaciones.es\\\/coop\\\/wp-content\\\/uploads\\\/2025\\\/01\\\/CKL-una-mirada-distinta-de-la-comunicacion.jpg\",\"keywords\":[\"econom\u00eda\",\"tareas de cuidado\",\"violencia de g\u00e9nero\",\"violencia econ\u00f3mica\"],\"articleSection\":[\"Newsletter\",\"Nwl v3.0\"],\"inLanguage\":\"es\"},{\"@type\":\"WebPage\",\"@id\":\"https:\\\/\\\/cklcomunicaciones.es\\\/coop\\\/noticias-info-ckl-no-2661-24-02-22\\\/\",\"url\":\"https:\\\/\\\/cklcomunicaciones.es\\\/coop\\\/noticias-info-ckl-no-2661-24-02-22\\\/\",\"name\":\"Noticias Info CKL n\u00ba 2661-24\\\/02\\\/22 -Comunicar con perspectiva de g\u00e9nero\",\"isPartOf\":{\"@id\":\"https:\\\/\\\/cklcomunicaciones.es\\\/coop\\\/#website\"},\"primaryImageOfPage\":{\"@id\":\"https:\\\/\\\/cklcomunicaciones.es\\\/coop\\\/noticias-info-ckl-no-2661-24-02-22\\\/#primaryimage\"},\"image\":{\"@id\":\"https:\\\/\\\/cklcomunicaciones.es\\\/coop\\\/noticias-info-ckl-no-2661-24-02-22\\\/#primaryimage\"},\"thumbnailUrl\":\"https:\\\/\\\/cklcomunicaciones.es\\\/coop\\\/wp-content\\\/uploads\\\/2025\\\/01\\\/CKL-una-mirada-distinta-de-la-comunicacion.jpg\",\"datePublished\":\"2022-02-24T13:55:12+00:00\",\"dateModified\":\"2025-02-09T11:42:23+00:00\",\"author\":{\"@id\":\"https:\\\/\\\/cklcomunicaciones.es\\\/coop\\\/#\\\/schema\\\/person\\\/929a6837f7626450bbb50cee1aef266e\"},\"description\":\"Noticias Info CKL n\u00ba 2661-24\\\/02\\\/22 El Gobierno estudia tipificar el impago de pensiones como violencia de g\u00e9nero * El cuidado de las personas como eje de la econom\u00eda y como reto en la igualdad * Descubren un nuevo f\u00e1rmaco que podr\u00eda frenar la met\u00e1stasis del c\u00e1ncer de mama * SmartWater el agua inteligente\",\"breadcrumb\":{\"@id\":\"https:\\\/\\\/cklcomunicaciones.es\\\/coop\\\/noticias-info-ckl-no-2661-24-02-22\\\/#breadcrumb\"},\"inLanguage\":\"es\",\"potentialAction\":[{\"@type\":\"ReadAction\",\"target\":[\"https:\\\/\\\/cklcomunicaciones.es\\\/coop\\\/noticias-info-ckl-no-2661-24-02-22\\\/\"]}]},{\"@type\":\"ImageObject\",\"inLanguage\":\"es\",\"@id\":\"https:\\\/\\\/cklcomunicaciones.es\\\/coop\\\/noticias-info-ckl-no-2661-24-02-22\\\/#primaryimage\",\"url\":\"https:\\\/\\\/cklcomunicaciones.es\\\/coop\\\/wp-content\\\/uploads\\\/2025\\\/01\\\/CKL-una-mirada-distinta-de-la-comunicacion.jpg\",\"contentUrl\":\"https:\\\/\\\/cklcomunicaciones.es\\\/coop\\\/wp-content\\\/uploads\\\/2025\\\/01\\\/CKL-una-mirada-distinta-de-la-comunicacion.jpg\",\"width\":1482,\"height\":775,\"caption\":\"CKL - una mirada distinta de la comunicacion\"},{\"@type\":\"BreadcrumbList\",\"@id\":\"https:\\\/\\\/cklcomunicaciones.es\\\/coop\\\/noticias-info-ckl-no-2661-24-02-22\\\/#breadcrumb\",\"itemListElement\":[{\"@type\":\"ListItem\",\"position\":1,\"name\":\"Portada\",\"item\":\"https:\\\/\\\/cklcomunicaciones.es\\\/coop\\\/\"},{\"@type\":\"ListItem\",\"position\":2,\"name\":\"Noticias Info CKL n\u00ba 2661-24\\\/02\\\/22\"}]},{\"@type\":\"WebSite\",\"@id\":\"https:\\\/\\\/cklcomunicaciones.es\\\/coop\\\/#website\",\"url\":\"https:\\\/\\\/cklcomunicaciones.es\\\/coop\\\/\",\"name\":\"CKL Comunicaciones\",\"description\":\"Sitio web de CKL Comunicaciones coop , la consultora de comunicaci\u00f3n y estrategia\",\"potentialAction\":[{\"@type\":\"SearchAction\",\"target\":{\"@type\":\"EntryPoint\",\"urlTemplate\":\"https:\\\/\\\/cklcomunicaciones.es\\\/coop\\\/?s={search_term_string}\"},\"query-input\":{\"@type\":\"PropertyValueSpecification\",\"valueRequired\":true,\"valueName\":\"search_term_string\"}}],\"inLanguage\":\"es\"},{\"@type\":\"Person\",\"@id\":\"https:\\\/\\\/cklcomunicaciones.es\\\/coop\\\/#\\\/schema\\\/person\\\/929a6837f7626450bbb50cee1aef266e\",\"name\":\"ckl\",\"image\":{\"@type\":\"ImageObject\",\"inLanguage\":\"es\",\"@id\":\"https:\\\/\\\/secure.gravatar.com\\\/avatar\\\/c82db564e8a669bf6023357a157b9dc4780f4d4c618f2ad1d71a6a5dede45057?s=96&d=mm&r=g\",\"url\":\"https:\\\/\\\/secure.gravatar.com\\\/avatar\\\/c82db564e8a669bf6023357a157b9dc4780f4d4c618f2ad1d71a6a5dede45057?s=96&d=mm&r=g\",\"contentUrl\":\"https:\\\/\\\/secure.gravatar.com\\\/avatar\\\/c82db564e8a669bf6023357a157b9dc4780f4d4c618f2ad1d71a6a5dede45057?s=96&d=mm&r=g\",\"caption\":\"ckl\"},\"url\":\"https:\\\/\\\/cklcomunicaciones.es\\\/coop\\\/author\\\/cklcomunicaciones\\\/\"}]}<\/script>\n<!-- \/ Yoast SEO plugin. -->","yoast_head_json":{"title":"Noticias Info CKL n\u00ba 2661-24\/02\/22 -Comunicar con perspectiva de g\u00e9nero","description":"Noticias Info CKL n\u00ba 2661-24\/02\/22 El Gobierno estudia tipificar el impago de pensiones como violencia de g\u00e9nero * El cuidado de las personas como eje de la econom\u00eda y como reto en la igualdad * Descubren un nuevo f\u00e1rmaco que podr\u00eda frenar la met\u00e1stasis del c\u00e1ncer de mama * SmartWater el agua inteligente","robots":{"index":"index","follow":"follow","max-snippet":"max-snippet:-1","max-image-preview":"max-image-preview:large","max-video-preview":"max-video-preview:-1"},"canonical":"https:\/\/cklcomunicaciones.es\/coop\/noticias-info-ckl-no-2661-24-02-22\/","og_locale":"es_ES","og_type":"article","og_title":"Noticias Info CKL n\u00ba 2661-24\/02\/22 -Comunicar con perspectiva de g\u00e9nero","og_description":"Noticias Info CKL n\u00ba 2661-24\/02\/22 El Gobierno estudia tipificar el impago de pensiones como violencia de g\u00e9nero * El cuidado de las personas como eje de la econom\u00eda y como reto en la igualdad * Descubren un nuevo f\u00e1rmaco que podr\u00eda frenar la met\u00e1stasis del c\u00e1ncer de mama * SmartWater el agua inteligente","og_url":"https:\/\/cklcomunicaciones.es\/coop\/noticias-info-ckl-no-2661-24-02-22\/","og_site_name":"CKL Comunicaciones","article_published_time":"2022-02-24T13:55:12+00:00","article_modified_time":"2025-02-09T11:42:23+00:00","og_image":[{"width":1482,"height":775,"url":"https:\/\/cklcomunicaciones.es\/coop\/wp-content\/uploads\/2025\/01\/CKL-una-mirada-distinta-de-la-comunicacion.jpg","type":"image\/jpeg"}],"author":"ckl","twitter_card":"summary_large_image","twitter_misc":{"Escrito por":"ckl","Tiempo de lectura":"6 minutos"},"schema":{"@context":"https:\/\/schema.org","@graph":[{"@type":"Article","@id":"https:\/\/cklcomunicaciones.es\/coop\/noticias-info-ckl-no-2661-24-02-22\/#article","isPartOf":{"@id":"https:\/\/cklcomunicaciones.es\/coop\/noticias-info-ckl-no-2661-24-02-22\/"},"author":{"name":"ckl","@id":"https:\/\/cklcomunicaciones.es\/coop\/#\/schema\/person\/929a6837f7626450bbb50cee1aef266e"},"headline":"Noticias Info CKL n\u00ba 2661-24\/02\/22","datePublished":"2022-02-24T13:55:12+00:00","dateModified":"2025-02-09T11:42:23+00:00","mainEntityOfPage":{"@id":"https:\/\/cklcomunicaciones.es\/coop\/noticias-info-ckl-no-2661-24-02-22\/"},"wordCount":1223,"image":{"@id":"https:\/\/cklcomunicaciones.es\/coop\/noticias-info-ckl-no-2661-24-02-22\/#primaryimage"},"thumbnailUrl":"https:\/\/cklcomunicaciones.es\/coop\/wp-content\/uploads\/2025\/01\/CKL-una-mirada-distinta-de-la-comunicacion.jpg","keywords":["econom\u00eda","tareas de cuidado","violencia de g\u00e9nero","violencia econ\u00f3mica"],"articleSection":["Newsletter","Nwl v3.0"],"inLanguage":"es"},{"@type":"WebPage","@id":"https:\/\/cklcomunicaciones.es\/coop\/noticias-info-ckl-no-2661-24-02-22\/","url":"https:\/\/cklcomunicaciones.es\/coop\/noticias-info-ckl-no-2661-24-02-22\/","name":"Noticias Info CKL n\u00ba 2661-24\/02\/22 -Comunicar con perspectiva de g\u00e9nero","isPartOf":{"@id":"https:\/\/cklcomunicaciones.es\/coop\/#website"},"primaryImageOfPage":{"@id":"https:\/\/cklcomunicaciones.es\/coop\/noticias-info-ckl-no-2661-24-02-22\/#primaryimage"},"image":{"@id":"https:\/\/cklcomunicaciones.es\/coop\/noticias-info-ckl-no-2661-24-02-22\/#primaryimage"},"thumbnailUrl":"https:\/\/cklcomunicaciones.es\/coop\/wp-content\/uploads\/2025\/01\/CKL-una-mirada-distinta-de-la-comunicacion.jpg","datePublished":"2022-02-24T13:55:12+00:00","dateModified":"2025-02-09T11:42:23+00:00","author":{"@id":"https:\/\/cklcomunicaciones.es\/coop\/#\/schema\/person\/929a6837f7626450bbb50cee1aef266e"},"description":"Noticias Info CKL n\u00ba 2661-24\/02\/22 El Gobierno estudia tipificar el impago de pensiones como violencia de g\u00e9nero * El cuidado de las personas como eje de la econom\u00eda y como reto en la igualdad * Descubren un nuevo f\u00e1rmaco que podr\u00eda frenar la met\u00e1stasis del c\u00e1ncer de mama * SmartWater el agua inteligente","breadcrumb":{"@id":"https:\/\/cklcomunicaciones.es\/coop\/noticias-info-ckl-no-2661-24-02-22\/#breadcrumb"},"inLanguage":"es","potentialAction":[{"@type":"ReadAction","target":["https:\/\/cklcomunicaciones.es\/coop\/noticias-info-ckl-no-2661-24-02-22\/"]}]},{"@type":"ImageObject","inLanguage":"es","@id":"https:\/\/cklcomunicaciones.es\/coop\/noticias-info-ckl-no-2661-24-02-22\/#primaryimage","url":"https:\/\/cklcomunicaciones.es\/coop\/wp-content\/uploads\/2025\/01\/CKL-una-mirada-distinta-de-la-comunicacion.jpg","contentUrl":"https:\/\/cklcomunicaciones.es\/coop\/wp-content\/uploads\/2025\/01\/CKL-una-mirada-distinta-de-la-comunicacion.jpg","width":1482,"height":775,"caption":"CKL - una mirada distinta de la comunicacion"},{"@type":"BreadcrumbList","@id":"https:\/\/cklcomunicaciones.es\/coop\/noticias-info-ckl-no-2661-24-02-22\/#breadcrumb","itemListElement":[{"@type":"ListItem","position":1,"name":"Portada","item":"https:\/\/cklcomunicaciones.es\/coop\/"},{"@type":"ListItem","position":2,"name":"Noticias Info CKL n\u00ba 2661-24\/02\/22"}]},{"@type":"WebSite","@id":"https:\/\/cklcomunicaciones.es\/coop\/#website","url":"https:\/\/cklcomunicaciones.es\/coop\/","name":"CKL Comunicaciones","description":"Sitio web de CKL Comunicaciones coop , la consultora de comunicaci\u00f3n y estrategia","potentialAction":[{"@type":"SearchAction","target":{"@type":"EntryPoint","urlTemplate":"https:\/\/cklcomunicaciones.es\/coop\/?s={search_term_string}"},"query-input":{"@type":"PropertyValueSpecification","valueRequired":true,"valueName":"search_term_string"}}],"inLanguage":"es"},{"@type":"Person","@id":"https:\/\/cklcomunicaciones.es\/coop\/#\/schema\/person\/929a6837f7626450bbb50cee1aef266e","name":"ckl","image":{"@type":"ImageObject","inLanguage":"es","@id":"https:\/\/secure.gravatar.com\/avatar\/c82db564e8a669bf6023357a157b9dc4780f4d4c618f2ad1d71a6a5dede45057?s=96&d=mm&r=g","url":"https:\/\/secure.gravatar.com\/avatar\/c82db564e8a669bf6023357a157b9dc4780f4d4c618f2ad1d71a6a5dede45057?s=96&d=mm&r=g","contentUrl":"https:\/\/secure.gravatar.com\/avatar\/c82db564e8a669bf6023357a157b9dc4780f4d4c618f2ad1d71a6a5dede45057?s=96&d=mm&r=g","caption":"ckl"},"url":"https:\/\/cklcomunicaciones.es\/coop\/author\/cklcomunicaciones\/"}]}},"_links":{"self":[{"href":"https:\/\/cklcomunicaciones.es\/coop\/wp-json\/wp\/v2\/posts\/15860","targetHints":{"allow":["GET"]}}],"collection":[{"href":"https:\/\/cklcomunicaciones.es\/coop\/wp-json\/wp\/v2\/posts"}],"about":[{"href":"https:\/\/cklcomunicaciones.es\/coop\/wp-json\/wp\/v2\/types\/post"}],"author":[{"embeddable":true,"href":"https:\/\/cklcomunicaciones.es\/coop\/wp-json\/wp\/v2\/users\/3"}],"replies":[{"embeddable":true,"href":"https:\/\/cklcomunicaciones.es\/coop\/wp-json\/wp\/v2\/comments?post=15860"}],"version-history":[{"count":0,"href":"https:\/\/cklcomunicaciones.es\/coop\/wp-json\/wp\/v2\/posts\/15860\/revisions"}],"wp:featuredmedia":[{"embeddable":true,"href":"https:\/\/cklcomunicaciones.es\/coop\/wp-json\/wp\/v2\/media\/22909"}],"wp:attachment":[{"href":"https:\/\/cklcomunicaciones.es\/coop\/wp-json\/wp\/v2\/media?parent=15860"}],"wp:term":[{"taxonomy":"category","embeddable":true,"href":"https:\/\/cklcomunicaciones.es\/coop\/wp-json\/wp\/v2\/categories?post=15860"},{"taxonomy":"post_tag","embeddable":true,"href":"https:\/\/cklcomunicaciones.es\/coop\/wp-json\/wp\/v2\/tags?post=15860"}],"curies":[{"name":"wp","href":"https:\/\/api.w.org\/{rel}","templated":true}]}}