{"id":15856,"date":"2022-02-21T13:29:02","date_gmt":"2022-02-21T12:29:02","guid":{"rendered":"https:\/\/www.cklcomunicaciones.es\/?p=15856"},"modified":"2025-02-09T12:53:56","modified_gmt":"2025-02-09T11:53:56","slug":"noticias-info-ckl-no-2660-21-02-22","status":"publish","type":"post","link":"https:\/\/cklcomunicaciones.es\/coop\/noticias-info-ckl-no-2660-21-02-22\/","title":{"rendered":"Noticias Info CKL n\u00ba 2660-21\/02\/22"},"content":{"rendered":"<div class=\"fusion-fullwidth fullwidth-box fusion-builder-row-1 fusion-flex-container nonhundred-percent-fullwidth non-hundred-percent-height-scrolling\" style=\"--awb-border-radius-top-left:0px;--awb-border-radius-top-right:0px;--awb-border-radius-bottom-right:0px;--awb-border-radius-bottom-left:0px;--awb-flex-wrap:wrap;\" ><div class=\"fusion-builder-row fusion-row fusion-flex-align-items-flex-start fusion-flex-content-wrap\" style=\"max-width:1248px;margin-left: calc(-4% \/ 2 );margin-right: calc(-4% \/ 2 );\"><div class=\"fusion-layout-column fusion_builder_column fusion-builder-column-0 fusion_builder_column_1_1 1_1 fusion-flex-column\" style=\"--awb-bg-blend:overlay;--awb-bg-size:cover;--awb-width-large:100%;--awb-margin-top-large:0px;--awb-spacing-right-large:1.92%;--awb-margin-bottom-large:0px;--awb-spacing-left-large:1.92%;--awb-width-medium:100%;--awb-spacing-right-medium:1.92%;--awb-spacing-left-medium:1.92%;--awb-width-small:100%;--awb-spacing-right-small:1.92%;--awb-spacing-left-small:1.92%;\"><div class=\"fusion-column-wrapper fusion-flex-justify-content-flex-start fusion-content-layout-column\"><div class=\"fusion-text fusion-text-1\"><h1>Comunicaci\u00f3n, Publicidad y TICs<\/h1>\n<div id=\"\" class=\"lsow-panel lsow-active\">\n<div class=\"lsow-panel-content\">\n<p><a title=\"Mar\u00eda Teresa Campos recibir\u00e1 el Premio Andaluc\u00eda de Periodismo a la Trayectoria Profesional\" href=\"https:\/\/www.juntadeandalucia.es\/presidencia\/portavoz\/gobiernoaldia\/169409\/PremiosAndaluciadePeriodismo\/MariaTeresaCampos\/trayectoria\/periodismo\">Mar\u00eda Teresa Campos recibir\u00e1 el Premio Andaluc\u00eda de Periodismo a la Trayectoria Profesional<\/a>-juntadeandalucia<br \/>\n<a class=\"title\" href=\"https:\/\/www.diariodehuelva.es\/2022\/02\/21\/madeinhuelva-ana-rodriguez\/\" target=\"_blank\" rel=\"noopener\" data-artpy=\"0\" data-author=\"Diario de Vuelva\">Ana Rodr\u00edguez: \u201cPara m\u00ed el periodismo es un estilo de vida\u201d<\/a>-diariodehuelva<br \/>\n<a href=\"https:\/\/www.google.com\/url?rct=j&amp;sa=t&amp;url=https:\/\/elcierredigital.com\/cultura-y-ocio\/28809582\/dolores-corbella-trayectoria-primera-mujer-canaria-rae.html&amp;ct=ga&amp;cd=CAEYASoUMTAzMzc2MjQwMTE2MDUyNjYwNDMyGWMwMzcyZWJjMmZlYWRhNTk6ZXM6ZXM6RVM&amp;usg=AFQjCNGY8FN4bRKUv0yU9RjVhzLAb9MXuA\" target=\"_blank\" rel=\"noopener\" data-saferedirecturl=\"https:\/\/www.google.com\/url?q=https:\/\/www.google.com\/url?rct%3Dj%26sa%3Dt%26url%3Dhttps:\/\/elcierredigital.com\/cultura-y-ocio\/28809582\/dolores-corbella-trayectoria-primera-mujer-canaria-rae.html%26ct%3Dga%26cd%3DCAEYASoUMTAzMzc2MjQwMTE2MDUyNjYwNDMyGWMwMzcyZWJjMmZlYWRhNTk6ZXM6ZXM6RVM%26usg%3DAFQjCNGY8FN4bRKUv0yU9RjVhzLAb9MXuA&amp;source=gmail&amp;ust=1645527085608000&amp;usg=AOvVaw272C_Pezh81BRNGAOO59_p\">Dolores Corbella, trayectoria primera\u00a0mujer canaria de la RAE &#8211;\u00a0<\/a><a>El Cierre Digital<br \/>\n<\/a><a class=\"title\" href=\"https:\/\/www.elespanol.com\/mujer\/moda-belleza\/20220221\/podcasts-mujeres-no-puedes-perder\/651934846_0.html\" target=\"_blank\" rel=\"noopener\" data-artpy=\"0\" data-author=\"ESPA\u00d1OL\">Los &#8216;podcasts&#8217; de mujeres que no te puedes perder<\/a>-elespa\u00f1ol<a><br \/>\n<\/a><a href=\"https:\/\/www.eldiario.es\/andalucia\/transformacion-digital\/maria-jose-escalona-hay-buscar-simbiosis-transformacion-digital-no-dia_132_8756712.html\">Mar\u00eda Jos\u00e9 Escalona: \u201cHay que buscar simbiosis en la transformaci\u00f3n digital \u00a1No podemos estar todos al d\u00eda de todo!\u201d<\/a>-eldiario<br \/>\n<a href=\"https:\/\/www.google.com\/url?rct=j&amp;sa=t&amp;url=https:\/\/www.infobae.com\/america\/colombia\/2022\/02\/19\/facebook-lanza-en-colombia-una-guia-de-seguridad-para-proteger-a-las-mujeres-de-la-violencia-politica-en-redes\/&amp;ct=ga&amp;cd=CAEYDyoUMTI2ODM1MTUxNjA1OTMwNzQ1ODQyGWUyZGVmYTdkNWRhOTE1N2Q6ZXM6ZXM6RVM&amp;usg=AFQjCNFiiR1Ml854M_BOXFQlgd6zooUbAA\" target=\"_blank\" rel=\"noopener\" data-saferedirecturl=\"https:\/\/www.google.com\/url?q=https:\/\/www.google.com\/url?rct%3Dj%26sa%3Dt%26url%3Dhttps:\/\/www.infobae.com\/america\/colombia\/2022\/02\/19\/facebook-lanza-en-colombia-una-guia-de-seguridad-para-proteger-a-las-mujeres-de-la-violencia-politica-en-redes\/%26ct%3Dga%26cd%3DCAEYDyoUMTI2ODM1MTUxNjA1OTMwNzQ1ODQyGWUyZGVmYTdkNWRhOTE1N2Q6ZXM6ZXM6RVM%26usg%3DAFQjCNFiiR1Ml854M_BOXFQlgd6zooUbAA&amp;source=gmail&amp;ust=1645527091685000&amp;usg=AOvVaw1N1I4kySpjgvlWODYkslLd\">Facebook lanza en Colombia una gu\u00eda de seguridad para proteger a las mujeres de la violencia &#8230; &#8211;\u00a0<\/a><a>Infobae<\/a><\/p>\n<\/div>\n<\/div>\n<div id=\"\" class=\"lsow-panel lsow-active\">\n<h1 class=\"lsow-panel-title\">Andaluc\u00eda<\/h1>\n<div class=\"lsow-panel-content\">\n<p><strong>Econom\u00eda y Empresas<br \/>\n<\/strong><a class=\"title\" href=\"https:\/\/www.cordobabn.com\/articulo\/cordoba\/iam-ata-andalucia-abordan-barreras-oportunidades-mujeres-autonomas\/20220221120159124317.html\" target=\"_blank\" rel=\"noopener\" data-artpy=\"0\" data-author=\"C\u00f3rdoba Buenas Noticias\">El IAM y ATA Andaluc\u00eda abordan las barreras y oportunidades de las mujeres aut\u00f3nomas<\/a>-Cordoba Buenas Noticias<strong><br \/>\n<\/strong><a href=\"https:\/\/www.google.com\/url?rct=j&amp;sa=t&amp;url=https:\/\/www.eldiadecordoba.es\/cordoba\/IAM-defiende-Cordoba-igualdad-salarial_0_1657935276.html&amp;ct=ga&amp;cd=CAEYASoUMTgyNzU4NjAwMjIyMjA1NzQxMjEyGWMwMzcyZWJjMmZlYWRhNTk6ZXM6ZXM6RVM&amp;usg=AFQjCNFNg7TW-RYqu3FhjT6NvVnYIe_XuQ\" target=\"_blank\" rel=\"noopener\" data-saferedirecturl=\"https:\/\/www.google.com\/url?q=https:\/\/www.google.com\/url?rct%3Dj%26sa%3Dt%26url%3Dhttps:\/\/www.eldiadecordoba.es\/cordoba\/IAM-defiende-Cordoba-igualdad-salarial_0_1657935276.html%26ct%3Dga%26cd%3DCAEYASoUMTgyNzU4NjAwMjIyMjA1NzQxMjEyGWMwMzcyZWJjMmZlYWRhNTk6ZXM6ZXM6RVM%26usg%3DAFQjCNFNg7TW-RYqu3FhjT6NvVnYIe_XuQ&amp;source=gmail&amp;ust=1645527089306000&amp;usg=AOvVaw078cW7hz3lyFYQpBfud6Yl\">El IAM defiende en C\u00f3rdoba la igualdad salarial entre hombres y mujeres-\u00a0<\/a><a>El D\u00eda de C\u00f3rdoba<br \/>\n<\/a><a class=\"title\" href=\"https:\/\/www.elfaromotril.es\/2022\/02\/21\/cadiz-sede-de-la-segunda-edicion-del-premio-marye-de-afammer-andalucia-en-la-que-afammer-andalucia\/\" target=\"_blank\" rel=\"noopener\" data-artpy=\"0\" data-author=\"El Faro\">C\u00e1diz, sede de la segunda edici\u00f3n del premio MARyE de AFAMMER Andaluc\u00eda<\/a>-elfaro<br \/>\n<a class=\"title\" href=\"https:\/\/www.canalsur.es\/television\/programas\/andalucia-directo\/noticia\/1800606.html\" target=\"_blank\" rel=\"noopener\" data-artpy=\"0\" data-author=\"canalsur.es\">\u00abJuntas somos m\u00e1s fuertes\u00bb: cuando las mujeres son due\u00f1as de sus empresas y de sus vidas<\/a>-canalsur<a><br \/>\n<\/a><\/p>\n<p><strong>Actualidad<br \/>\n<\/strong><a href=\"https:\/\/www.google.com\/url?rct=j&amp;sa=t&amp;url=https:\/\/www.juntadeandalucia.es\/presidencia\/portavoz\/social\/169389\/consejeriadeigualdadpoliticassocialesyconciliacion\/rocioruiz\/institutoandaluzdelamujer\/laurafernandez\/premiosmeridiana\/xxvedicion\/huelva\/sandragolpe\/claragrima\/carmenlinares\/gobiernodeandalucia&amp;ct=ga&amp;cd=CAEYACoUMTEyNTM1Mzk2NDE3MDM2MzM4ODgyGzlhYjFjZGQ3ZTM2NmVmMzg6ZXM6ZXM6RVM6Ug&amp;usg=AFQjCNHdU-MlLlfLGq53_erbVFb-jzPE-w\" target=\"_blank\" rel=\"noopener\" data-saferedirecturl=\"https:\/\/www.google.com\/url?q=https:\/\/www.google.com\/url?rct%3Dj%26sa%3Dt%26url%3Dhttps:\/\/www.juntadeandalucia.es\/presidencia\/portavoz\/social\/169389\/consejeriadeigualdadpoliticassocialesyconciliacion\/rocioruiz\/institutoandaluzdelamujer\/laurafernandez\/premiosmeridiana\/xxvedicion\/huelva\/sandragolpe\/claragrima\/carmenlinares\/gobiernodeandalucia%26ct%3Dga%26cd%3DCAEYACoUMTEyNTM1Mzk2NDE3MDM2MzM4ODgyGzlhYjFjZGQ3ZTM2NmVmMzg6ZXM6ZXM6RVM6Ug%26usg%3DAFQjCNHdU-MlLlfLGq53_erbVFb-jzPE-w&amp;source=gmail&amp;ust=1645527091652000&amp;usg=AOvVaw2ienKJ-cAK9ERVInvWf_7e\">Andaluc\u00eda reconocer\u00e1 a Sandra Golpe, Clara Grima y Carmen Linares con los XXV Premios Meridiana &#8230;-\u00a0<\/a><a>Junta de Andaluc\u00eda<br \/>\n<\/a><a class=\"title\" href=\"https:\/\/sevilla.abc.es\/andalucia\/sevi-mujer-37-anos-y-vive-padres-perfil-opositor-andalucia-202202162001_noticia.html\" target=\"_blank\" rel=\"noopener\" data-artpy=\"0\" data-author=\"ABC\">Mujer, de 37 a\u00f1os y que vive con sus padres: as\u00ed es el perfil del opositor en Andaluc\u00eda<\/a>-abc<a><br \/>\n<\/a><a href=\"https:\/\/www.google.com\/url?rct=j&amp;sa=t&amp;url=https:\/\/cordopolis.eldiario.es\/mas-noticias\/iam-presenta-campana-no-dejes-experiencia-impida-ver-desigualdad_1_8761972.html&amp;ct=ga&amp;cd=CAEYACoUMTIxMDIwOTkwNzA3NjI3MDc1MTMyGzlhYjFjZGQ3ZTM2NmVmMzg6ZXM6ZXM6RVM6Ug&amp;usg=AFQjCNFvnI6F7ep_cUczP7SqRtqpN3Romg\" target=\"_blank\" rel=\"noopener\" data-saferedirecturl=\"https:\/\/www.google.com\/url?q=https:\/\/www.google.com\/url?rct%3Dj%26sa%3Dt%26url%3Dhttps:\/\/cordopolis.eldiario.es\/mas-noticias\/iam-presenta-campana-no-dejes-experiencia-impida-ver-desigualdad_1_8761972.html%26ct%3Dga%26cd%3DCAEYACoUMTIxMDIwOTkwNzA3NjI3MDc1MTMyGzlhYjFjZGQ3ZTM2NmVmMzg6ZXM6ZXM6RVM6Ug%26usg%3DAFQjCNFvnI6F7ep_cUczP7SqRtqpN3Romg&amp;source=gmail&amp;ust=1645524255020000&amp;usg=AOvVaw2vDBfUNcw67qJC0pPi4rdG\">\u00a0IAM presenta la campa\u00f1a &#8216;No dejes que tu experiencia te impida ver la desigualdad&#8217; &#8211;\u00a0<\/a><a>Cord\u00f3polis<br \/>\n<\/a><a href=\"https:\/\/www.google.com\/url?rct=j&amp;sa=t&amp;url=https:\/\/www.ideal.es\/jaen\/jaen\/sube-falta-percepcion-20220219213947-nt.html&amp;ct=ga&amp;cd=CAEYAioUMTAyOTUyMzAxMTE3ODYwNjE1NjUyGWUxZTc3ZDE1NjA5OGE4ZTM6ZXM6ZXM6RVM&amp;usg=AFQjCNFLoVpzQzau0JPVW3iAo9YUfCpDuw\" target=\"_blank\" rel=\"noopener\" data-saferedirecturl=\"https:\/\/www.google.com\/url?q=https:\/\/www.google.com\/url?rct%3Dj%26sa%3Dt%26url%3Dhttps:\/\/www.ideal.es\/jaen\/jaen\/sube-falta-percepcion-20220219213947-nt.html%26ct%3Dga%26cd%3DCAEYAioUMTAyOTUyMzAxMTE3ODYwNjE1NjUyGWUxZTc3ZDE1NjA5OGE4ZTM6ZXM6ZXM6RVM%26usg%3DAFQjCNFLoVpzQzau0JPVW3iAo9YUfCpDuw&amp;source=gmail&amp;ust=1645527091956000&amp;usg=AOvVaw3v-LmcE9LFiYJnffmglwB0\">Sube la \u00abfalta\u00bb de percepci\u00f3n de machismo entre los j\u00f3venes\u00a0<\/a>&#8211;<a>Ideal<\/a><\/p>\n<p><strong>Violencias<br \/>\n<\/strong><a href=\"https:\/\/www.google.com\/url?rct=j&amp;sa=t&amp;url=https:\/\/cadenaser.com\/2022\/02\/20\/el-iam-acogio-en-2021-a-304-victimas-de-violencia-de-genero\/&amp;ct=ga&amp;cd=CAEYASoUMTA2MzE1OTQwMDgyMjA4NzQyOTYyGzlhYjFjZGQ3ZTM2NmVmMzg6ZXM6ZXM6RVM6Ug&amp;usg=AFQjCNETtd3U7Jl8Pq8fmv21USN67pIUWw\" target=\"_blank\" rel=\"noopener\" data-saferedirecturl=\"https:\/\/www.google.com\/url?q=https:\/\/www.google.com\/url?rct%3Dj%26sa%3Dt%26url%3Dhttps:\/\/cadenaser.com\/2022\/02\/20\/el-iam-acogio-en-2021-a-304-victimas-de-violencia-de-genero\/%26ct%3Dga%26cd%3DCAEYASoUMTA2MzE1OTQwMDgyMjA4NzQyOTYyGzlhYjFjZGQ3ZTM2NmVmMzg6ZXM6ZXM6RVM6Ug%26usg%3DAFQjCNETtd3U7Jl8Pq8fmv21USN67pIUWw&amp;source=gmail&amp;ust=1645527089034000&amp;usg=AOvVaw1JC_ruXvgdgAQbcQoxbZD8\">El IAM acogi\u00f3 en 2021 a 304 v\u00edctimas de violencia de g\u00e9nero\u00a0<\/a>&#8211;<a>Cadena SER<\/a><\/p>\n<p><strong>Ciencia y Cultura<br \/>\n<\/strong><a class=\"title\" href=\"https:\/\/www.sevillaactualidad.com\/sevilla\/230133-la-sevillana-clara-grima-recibira-el-premio-meridiana\/\" target=\"_blank\" rel=\"noopener\" data-artpy=\"0\" data-author=\"Sevilla Actualidad\">La doctora en matem\u00e1ticas Clara Grima recibir\u00e1 el Premio Meridiana-\u00a0<\/a>sevillaactualidad<br \/>\n<a class=\"title\" href=\"https:\/\/www.ideal.es\/almeria\/almeria\/fomenta-presencia-jovenes-20220221095855-nt.html\" target=\"_blank\" rel=\"noopener\" data-artpy=\"0\" data-author=\"ideal.es\">La UAL fomenta la presencia de las j\u00f3venes en las carreras t\u00e9cnicas<\/a>-elideal<strong><br \/>\n<\/strong><a title=\"Investigadores liderados por la US desarrollan una tecnolog\u00eda \u00f3ptica de detecci\u00f3n r\u00e1pida de la Covid-19\" href=\"https:\/\/www.juntadeandalucia.es\/presidencia\/portavoz\/salud\/169401\/Salud\/Covid19\/Coronavirus\/Investigacion\/EmilioGomezGonzalez\/UniversidaddeSevilla\/Tecnologiaoptica\">Investigadores liderados por la US desarrollan una tecnolog\u00eda \u00f3ptica de detecci\u00f3n r\u00e1pida de la Covid-19<\/a>-juntadeandalucia<br \/>\n<a class=\"title\" href=\"https:\/\/www.lavozdelsur.es\/cultura\/festival-de-jerez\/mercedes-ruiz-segunda-piel-indagacion-interior-en-festival-jerez_272488_102.html\" target=\"_blank\" rel=\"noopener\" data-artpy=\"0\" data-author=\"lavozdelsur\">Mercedes Ruiz, segunda piel e indagaci\u00f3n interior en el Festival de Jerez<\/a>-lavozdelsur<br \/>\n<a class=\"title\" href=\"https:\/\/www.msn.com\/es-es\/entertainment\/musica\/de-la-soprano-que-inspir-c3-b3-a-rossini-a-las-artistas-olvidadas-las-mujeres-en-la-m-c3-a1laga-musical-del-siglo-xix\/ar-AAU6LnW?ocid=BingNewsSearch\" target=\"_blank\" rel=\"noopener\" data-artpy=\"0\" data-author=\"ESPA\u00d1OL on MSN.com\">De la soprano que inspir\u00f3 a Rossini a las artistas olvidadas: las mujeres en la M\u00e1laga musical del siglo XIX<\/a>-elespa\u00f1ol<a><br \/>\n<\/a><a class=\"title\" href=\"https:\/\/cadenaser.com\/2022\/02\/21\/jerez-capital-europea-de-la-cultura-camino-de-otra-oportunidad-perdida\/\" target=\"_blank\" rel=\"noopener\" data-artpy=\"0\" data-author=\"Cadena SER\">Jerez Capital Europea de la Cultura: Camino de otra oportunidad perdida<\/a><a>-cadenaser<br \/>\n<\/a><\/p>\n<p><strong>Deporte<br \/>\n<\/strong><a href=\"https:\/\/www.google.com\/url?rct=j&amp;sa=t&amp;url=https:\/\/www.eldiadecordoba.es\/provincia\/cordobesa-fatima-galvez-premios-meridiana_0_1658534629.html&amp;ct=ga&amp;cd=CAEYACoUMTgyODA3MzY0NTM4NjUyMzA4ODMyGWMwMzcyZWJjMmZlYWRhNTk6ZXM6ZXM6RVM&amp;usg=AFQjCNE7AcHfK2ouOHqXKJ8M_6pT_PEXYA\" target=\"_blank\" rel=\"noopener\" data-saferedirecturl=\"https:\/\/www.google.com\/url?q=https:\/\/www.google.com\/url?rct%3Dj%26sa%3Dt%26url%3Dhttps:\/\/www.eldiadecordoba.es\/provincia\/cordobesa-fatima-galvez-premios-meridiana_0_1658534629.html%26ct%3Dga%26cd%3DCAEYACoUMTgyODA3MzY0NTM4NjUyMzA4ODMyGWMwMzcyZWJjMmZlYWRhNTk6ZXM6ZXM6RVM%26usg%3DAFQjCNE7AcHfK2ouOHqXKJ8M_6pT_PEXYA&amp;source=gmail&amp;ust=1645527089664000&amp;usg=AOvVaw2xLo-0wUfO-0ZReRg5OaeV\">La cordobesa F\u00e1tima G\u00e1lvez es galardonada en los Premios Meridiana 2022 &#8211;\u00a0<\/a><a>El D\u00eda de C\u00f3rdoba<br \/>\n<\/a><a class=\"title\" href=\"https:\/\/www.sevillainfo.es\/noticias-de-deportes\/abderehman-y-megertu-logran-el-record-masculino-y-femenino-del-zurich-maraton-de-sevilla-en-el-que-lamdassem-bate-la-plusmarca-nacional\/\" target=\"_blank\" rel=\"noopener\" data-artpy=\"0\" data-author=\"sevillainfo\">Abderehman y Megertu logran el r\u00e9cord masculino y femenino del Zurich Marat\u00f3n de Sevilla en el que Lamdassem bate la plusmarca nacional<\/a>-Sevilainfo<\/p>\n<\/div>\n<\/div>\n<div id=\"\" class=\"lsow-panel lsow-active\">\n<h1 class=\"lsow-panel-title\">Estado<\/h1>\n<div class=\"lsow-panel-content\">\n<p><strong>Institucional<br \/>\n<\/strong><a class=\"title\" href=\"https:\/\/www.bolsamania.com\/noticias\/economia\/economialaboral--el-gobierno-aprobara-manana-la-subida-del-smi-a-1000-euros-con-efectos-desde-el-1-de-enero--9257788.html\" target=\"_blank\" rel=\"noopener\" data-artpy=\"0\" data-author=\"Capitalbolsa\">El Gobierno aprobar\u00e1 ma\u00f1ana la subida del SMI a 1.000 euros con efectos desde el 1 de enero<\/a>-capitalbolsa<br \/>\n<a href=\"https:\/\/www.eldiario.es\/economia\/industria-lanzara-julio-ayudas-empresas-impulsen-jornada-semanal-4-dias_1_8756930.html\">Industria lanzar\u00e1 antes de julio las ayudas a empresas que impulsen la jornada semanal de 4 d\u00edas<\/a>-eldiario<\/p>\n<p><strong>Institucional \u2013 CCAA<br \/>\n<\/strong><a href=\"https:\/\/www.google.com\/url?rct=j&amp;sa=t&amp;url=https:\/\/www.diariodelaltoaragon.es\/noticias\/comarcas\/monegros\/2022\/02\/19\/proyecto-para-potenciar-a-las-mujeres-artistas-y-artesanas-1554201-daa.html&amp;ct=ga&amp;cd=CAEYACoTNDM4MzMzMzA4MDE4MjQ2MTY0MTIZYzAzNzJlYmMyZmVhZGE1OTplczplczpFUw&amp;usg=AFQjCNEjVC48Ay1hl73tg1Srs5ZYtl9kyQ\" target=\"_blank\" rel=\"noopener\" data-saferedirecturl=\"https:\/\/www.google.com\/url?q=https:\/\/www.google.com\/url?rct%3Dj%26sa%3Dt%26url%3Dhttps:\/\/www.diariodelaltoaragon.es\/noticias\/comarcas\/monegros\/2022\/02\/19\/proyecto-para-potenciar-a-las-mujeres-artistas-y-artesanas-1554201-daa.html%26ct%3Dga%26cd%3DCAEYACoTNDM4MzMzMzA4MDE4MjQ2MTY0MTIZYzAzNzJlYmMyZmVhZGE1OTplczplczpFUw%26usg%3DAFQjCNEjVC48Ay1hl73tg1Srs5ZYtl9kyQ&amp;source=gmail&amp;ust=1645527089472000&amp;usg=AOvVaw0gR8NkPoQdANLJSw1sGprg\">Proyecto para potenciar a las\u00a0mujeres artistas y artesanas &#8211;\u00a0<\/a><a>Diario del Alto Arag\u00f3n<br \/>\n<\/a><a href=\"https:\/\/www.google.com\/url?rct=j&amp;sa=t&amp;url=https:\/\/www.noticiasextremadura.es\/gil-rosina-valora-el-trabajo-de-cermi-por-la-ayuda-que-presta-a-las-mujeres-con-discapacidad-que-sufren-violencia-de-genero\/&amp;ct=ga&amp;cd=CAEYAioUMTI0ODgyNjYyOTI4OTIyMjM5MDIyGTU5ZDc4MTcxMzZhMmQwMjg6ZXM6ZXM6RVM&amp;usg=AFQjCNFVWNYXWKu4xuchYFZBOetoEbrMjw\" target=\"_blank\" rel=\"noopener\" data-saferedirecturl=\"https:\/\/www.google.com\/url?q=https:\/\/www.google.com\/url?rct%3Dj%26sa%3Dt%26url%3Dhttps:\/\/www.noticiasextremadura.es\/gil-rosina-valora-el-trabajo-de-cermi-por-la-ayuda-que-presta-a-las-mujeres-con-discapacidad-que-sufren-violencia-de-genero\/%26ct%3Dga%26cd%3DCAEYAioUMTI0ODgyNjYyOTI4OTIyMjM5MDIyGTU5ZDc4MTcxMzZhMmQwMjg6ZXM6ZXM6RVM%26usg%3DAFQjCNFVWNYXWKu4xuchYFZBOetoEbrMjw&amp;source=gmail&amp;ust=1645527089056000&amp;usg=AOvVaw0wxkXCgHVJ05cvA79aFZj9\">Gil Rosi\u00f1a valora el trabajo de CERMI por la ayuda que presta a las mujeres con &#8230;-\u00a0<\/a><a>Noticias Extremadura<br \/>\n<\/a><a href=\"https:\/\/www.google.com\/url?rct=j&amp;sa=t&amp;url=https:\/\/www.europapress.es\/islas-canarias\/noticia-35-organos-colegiados-administraciones-publicas-canarias-no-cumple-igualdad-genero-20220218145808.html&amp;ct=ga&amp;cd=CAEYACoUMTMwMzkzNzk4NzQxODI3NTY4MTkyGTU5ZDc4MTcxMzZhMmQwMjg6ZXM6ZXM6RVM&amp;usg=AFQjCNFI6FqifJVfNWeR6lydLORbIaChtQ\" target=\"_blank\" rel=\"noopener\" data-saferedirecturl=\"https:\/\/www.google.com\/url?q=https:\/\/www.google.com\/url?rct%3Dj%26sa%3Dt%26url%3Dhttps:\/\/www.europapress.es\/islas-canarias\/noticia-35-organos-colegiados-administraciones-publicas-canarias-no-cumple-igualdad-genero-20220218145808.html%26ct%3Dga%26cd%3DCAEYACoUMTMwMzkzNzk4NzQxODI3NTY4MTkyGTU5ZDc4MTcxMzZhMmQwMjg6ZXM6ZXM6RVM%26usg%3DAFQjCNFI6FqifJVfNWeR6lydLORbIaChtQ&amp;source=gmail&amp;ust=1645527089190000&amp;usg=AOvVaw3CQeIYLq2LwpSDnW-wP97E\">Un 35% de los \u00f3rganos colegiados de las administraciones p\u00fablicas canarias no cumple &#8230;-\u00a0<\/a><a>Europa Press<br \/>\n<\/a><a href=\"https:\/\/www.google.com\/url?rct=j&amp;sa=t&amp;url=https:\/\/www.elcorreo.com\/sociedad\/valores-sustentan-violencia-20220221212127-nt.html&amp;ct=ga&amp;cd=CAEYASoTNjg2ODY2MTAzODIzMjc0Nzk5ODIZYzAzNzJlYmMyZmVhZGE1OTplczplczpFUw&amp;usg=AFQjCNFy7OivcSQ1aE9j_m5Ap7BC2Jkh6A\" target=\"_blank\" rel=\"noopener\" data-saferedirecturl=\"https:\/\/www.google.com\/url?q=https:\/\/www.google.com\/url?rct%3Dj%26sa%3Dt%26url%3Dhttps:\/\/www.elcorreo.com\/sociedad\/valores-sustentan-violencia-20220221212127-nt.html%26ct%3Dga%26cd%3DCAEYASoTNjg2ODY2MTAzODIzMjc0Nzk5ODIZYzAzNzJlYmMyZmVhZGE1OTplczplczpFUw%26usg%3DAFQjCNFy7OivcSQ1aE9j_m5Ap7BC2Jkh6A&amp;source=gmail&amp;ust=1645527085551000&amp;usg=AOvVaw37GBVkTym9aCccAoZVuuHG\">Izaskun Landaia, directora del Instituto Vasco de la Mujer: \u00abLos valores que sustentan la violencia no se cambian de la noche a la ma\u00f1ana\u00bb\u00a0<\/a>&#8211;<a>El Correo<br \/>\n<\/a><a class=\"title\" href=\"https:\/\/www.msn.com\/es-es\/news\/espana\/el-hilo-conductor-de-las-pol-c3-adticas-de-memoria-democr-c3-a1tica-del-govern-ser-c3-a1n-las-mujeres\/ar-AAU7KCE?ocid=BingNewsSearch\" target=\"_blank\" rel=\"noopener\" data-artpy=\"0\" data-author=\"La Vanguardia on MSN.com\">El hilo conductor de las pol\u00edticas de memoria democr\u00e1tica del Govern ser\u00e1n las mujeres<\/a>-lavanguarida<a><br \/>\n<\/a><\/p>\n<p><strong>Econom\u00eda y Empresa<br \/>\n<\/strong><a class=\"title\" href=\"https:\/\/www.bolsamania.com\/noticias\/economia\/economia--los-erte-disparan-la-brecha-salarial-entre-mujeres-y-hombres-durante-la-pandemia-hasta-el-346-segun-csif--9258068.html\" target=\"_blank\" rel=\"noopener\" data-artpy=\"0\" data-author=\"Capitalbolsa\">Los ERTE disparan la brecha salarial entre mujeres y hombres durante la pandemia hasta el 34,6%, seg\u00fan CSIF-\u00a0<\/a>capitalbolsa<strong><br \/>\n<\/strong><a href=\"https:\/\/www.google.com\/url?rct=j&amp;sa=t&amp;url=https:\/\/www.rrhhpress.com\/mujer-y-trabajo\/54234-banco-santander-y-fundacion-integra-vuelven-a-colaborar-en-la-empleabilidad-de-mujeres-victimas-de-violencia-de-genero&amp;ct=ga&amp;cd=CAEYAyoUMTAyOTUyMzAxMTE3ODYwNjE1NjUyGWUxZTc3ZDE1NjA5OGE4ZTM6ZXM6ZXM6RVM&amp;usg=AFQjCNGdjGfnJk1WHQ8OQASIoI_DShzhbA\" target=\"_blank\" rel=\"noopener\" data-saferedirecturl=\"https:\/\/www.google.com\/url?q=https:\/\/www.google.com\/url?rct%3Dj%26sa%3Dt%26url%3Dhttps:\/\/www.rrhhpress.com\/mujer-y-trabajo\/54234-banco-santander-y-fundacion-integra-vuelven-a-colaborar-en-la-empleabilidad-de-mujeres-victimas-de-violencia-de-genero%26ct%3Dga%26cd%3DCAEYAyoUMTAyOTUyMzAxMTE3ODYwNjE1NjUyGWUxZTc3ZDE1NjA5OGE4ZTM6ZXM6ZXM6RVM%26usg%3DAFQjCNGdjGfnJk1WHQ8OQASIoI_DShzhbA&amp;source=gmail&amp;ust=1645527091956000&amp;usg=AOvVaw03VBJ8Msg0CHQhA3iyEVwl\">Banco Santander y Fundaci\u00f3n Integra vuelven a colaborar en la empleabilidad de mujeres &#8230;-\u00a0<\/a><a>RRHH Press<br \/>\n<\/a><a href=\"https:\/\/www.google.com\/url?rct=j&amp;sa=t&amp;url=http:\/\/www.rrhhdigital.com\/secciones\/talento\/151069\/Nueva-sinergia-empresarial-para-impulsar-el-talento-de-las-mujeres-hacia-puestos-de-alta-direccion-en-las-empresas%3Ftarget%3D_self&amp;ct=ga&amp;cd=CAEYECoUMTgyNzU4NjAwMjIyMjA1NzQxMjEyGWMwMzcyZWJjMmZlYWRhNTk6ZXM6ZXM6RVM&amp;usg=AFQjCNEJxGuw0W4YL2QPjDEaBPbiw-mvsg\" target=\"_blank\" rel=\"noopener\" data-saferedirecturl=\"https:\/\/www.google.com\/url?q=https:\/\/www.google.com\/url?rct%3Dj%26sa%3Dt%26url%3Dhttp:\/\/www.rrhhdigital.com\/secciones\/talento\/151069\/Nueva-sinergia-empresarial-para-impulsar-el-talento-de-las-mujeres-hacia-puestos-de-alta-direccion-en-las-empresas%253Ftarget%253D_self%26ct%3Dga%26cd%3DCAEYECoUMTgyNzU4NjAwMjIyMjA1NzQxMjEyGWMwMzcyZWJjMmZlYWRhNTk6ZXM6ZXM6RVM%26usg%3DAFQjCNEJxGuw0W4YL2QPjDEaBPbiw-mvsg&amp;source=gmail&amp;ust=1645527089311000&amp;usg=AOvVaw3XNI_Fv--v4U5zKrScu-wM\">Nueva sinergia empresarial para impulsar el talento de las\u00a0mujeres hacia puestos de alta &#8230;-\u00a0<\/a><a>RRHH Digital<br \/>\n<\/a><a class=\"title\" href=\"https:\/\/www.la-razon.com\/financiero\/2022\/02\/20\/solo-el-36-de-las-mujeres-confia-en-la-banca\/\" target=\"_blank\" rel=\"noopener\" data-artpy=\"0\" data-author=\"La Raz\u00f3n\">Solo el 36% de las mujeres conf\u00eda en la banca<\/a>-larazon<a><br \/>\n<\/a><\/p>\n<p><strong>Actualidad<br \/>\n<\/strong><a href=\"https:\/\/www.google.com\/url?rct=j&amp;sa=t&amp;url=https:\/\/elpais.com\/economia\/2022-02-18\/el-supremo-determina-que-el-complemento-de-maternidad-debe-reconocerse-retroactivamente-a-los-hombres.html&amp;ct=ga&amp;cd=CAEYACoTNzgzMTI2NDM5MTk2NjM5MTEzNzIZYzAzNzJlYmMyZmVhZGE1OTplczplczpFUw&amp;usg=AFQjCNE8ZZSUI2KuM0xl2XgCdZCBaZhN6A\" target=\"_blank\" rel=\"noopener\" data-saferedirecturl=\"https:\/\/www.google.com\/url?q=https:\/\/www.google.com\/url?rct%3Dj%26sa%3Dt%26url%3Dhttps:\/\/elpais.com\/economia\/2022-02-18\/el-supremo-determina-que-el-complemento-de-maternidad-debe-reconocerse-retroactivamente-a-los-hombres.html%26ct%3Dga%26cd%3DCAEYACoTNzgzMTI2NDM5MTk2NjM5MTEzNzIZYzAzNzJlYmMyZmVhZGE1OTplczplczpFUw%26usg%3DAFQjCNE8ZZSUI2KuM0xl2XgCdZCBaZhN6A&amp;source=gmail&amp;ust=1645527089463000&amp;usg=AOvVaw3SMEGy86-6kCKgATLWWVbp\">El Supremo determina que el complemento de maternidad debe reconocerse &#8230; &#8211;\u00a0<\/a><a>El pa\u00eds<\/a><\/p>\n<p><strong>Violencias<br \/>\n<\/strong><a href=\"https:\/\/www.google.com\/url?rct=j&amp;sa=t&amp;url=https:\/\/cadenaser.com\/2022\/02\/18\/primera-agresion-sexual-en-el-metaverso-las-consecuencias-psicologicas-son-exactamente-las-mismas\/&amp;ct=ga&amp;cd=CAEYACoTMjExMDg0ODQ1MDM0Mjc2MjUyNTIZZTFlNzdkMTU2MDk4YThlMzplczplczpFUw&amp;usg=AFQjCNHDYOfQ351P2SQPaVSSkoLmqN6CtQ\" target=\"_blank\" rel=\"noopener\" data-saferedirecturl=\"https:\/\/www.google.com\/url?q=https:\/\/www.google.com\/url?rct%3Dj%26sa%3Dt%26url%3Dhttps:\/\/cadenaser.com\/2022\/02\/18\/primera-agresion-sexual-en-el-metaverso-las-consecuencias-psicologicas-son-exactamente-las-mismas\/%26ct%3Dga%26cd%3DCAEYACoTMjExMDg0ODQ1MDM0Mjc2MjUyNTIZZTFlNzdkMTU2MDk4YThlMzplczplczpFUw%26usg%3DAFQjCNHDYOfQ351P2SQPaVSSkoLmqN6CtQ&amp;source=gmail&amp;ust=1645527091931000&amp;usg=AOvVaw2lr1p98TGsKtETNk40xux1\">Primera agresi\u00f3n sexual en el metaverso: \u00abLas consecuencias psicol\u00f3gicas son &#8230; &#8211;\u00a0<\/a><a>Cadena SER<br \/>\n<\/a><a href=\"https:\/\/www.google.com\/url?rct=j&amp;sa=t&amp;url=https:\/\/www.elperiodico.com\/es\/sociedad\/20220219\/hombre-mata-mujer-martorell-13261979&amp;ct=ga&amp;cd=CAEYAioUMTI2ODM1MTUxNjA1OTMwNzQ1ODQyGWUyZGVmYTdkNWRhOTE1N2Q6ZXM6ZXM6RVM&amp;usg=AFQjCNEzZN__XxykfvwMMd8UHSjPAM2N3w\" target=\"_blank\" rel=\"noopener\" data-saferedirecturl=\"https:\/\/www.google.com\/url?q=https:\/\/www.google.com\/url?rct%3Dj%26sa%3Dt%26url%3Dhttps:\/\/www.elperiodico.com\/es\/sociedad\/20220219\/hombre-mata-mujer-martorell-13261979%26ct%3Dga%26cd%3DCAEYAioUMTI2ODM1MTUxNjA1OTMwNzQ1ODQyGWUyZGVmYTdkNWRhOTE1N2Q6ZXM6ZXM6RVM%26usg%3DAFQjCNEzZN__XxykfvwMMd8UHSjPAM2N3w&amp;source=gmail&amp;ust=1645527091681000&amp;usg=AOvVaw1B17P2bxxzi8qszymjA_-_\">Un hombre mata a su pareja en un piso de Martorell &#8211;\u00a0<\/a><a>El Peri\u00f3dico<\/a><\/p>\n<p><strong>Ciencia y Cultura<br \/>\n<\/strong><a href=\"https:\/\/www.google.com\/url?rct=j&amp;sa=t&amp;url=https:\/\/www.huffingtonpost.es\/entry\/claves-ley-ciencia_es_620f8235e4b0f701fd7176b9&amp;ct=ga&amp;cd=CAEYACoUMTU4NjE3NDkwOTUxOTk5MjM1MDQyGWUxZTc3ZDE1NjA5OGE4ZTM6ZXM6ZXM6RVM&amp;usg=AFQjCNFxPmxYon-F6xxjEK3J2o5xvhqhAg\" target=\"_blank\" rel=\"noopener\" data-saferedirecturl=\"https:\/\/www.google.com\/url?q=https:\/\/www.google.com\/url?rct%3Dj%26sa%3Dt%26url%3Dhttps:\/\/www.huffingtonpost.es\/entry\/claves-ley-ciencia_es_620f8235e4b0f701fd7176b9%26ct%3Dga%26cd%3DCAEYACoUMTU4NjE3NDkwOTUxOTk5MjM1MDQyGWUxZTc3ZDE1NjA5OGE4ZTM6ZXM6ZXM6RVM%26usg%3DAFQjCNFxPmxYon-F6xxjEK3J2o5xvhqhAg&amp;source=gmail&amp;ust=1645527092022000&amp;usg=AOvVaw2MbgebbUxWVDWGVbGLVkCJ\">Las claves de la reforma de la Ley de Ciencia |\u00a0<\/a><a>El HuffPost<br \/>\n<\/a><a href=\"https:\/\/www.google.com\/url?rct=j&amp;sa=t&amp;url=https:\/\/www.teleprensa.com\/articulo\/almeria-sociedad\/vamos-tener-dispositivos-bolsillo-que-nos-van-decir-nuestro-estado-real-salud-solo-mediciones-fisicas\/202202190853171142492.html&amp;ct=ga&amp;cd=CAEYACoUMTQyODYyNTE2MTg4MTU4MzM0NjUyGWMwMzcyZWJjMmZlYWRhNTk6ZXM6ZXM6RVM&amp;usg=AFQjCNGsLzBsDZVY01NRaW2CS1nTvUjDBg\" target=\"_blank\" rel=\"noopener\" data-saferedirecturl=\"https:\/\/www.google.com\/url?q=https:\/\/www.google.com\/url?rct%3Dj%26sa%3Dt%26url%3Dhttps:\/\/www.teleprensa.com\/articulo\/almeria-sociedad\/vamos-tener-dispositivos-bolsillo-que-nos-van-decir-nuestro-estado-real-salud-solo-mediciones-fisicas\/202202190853171142492.html%26ct%3Dga%26cd%3DCAEYACoUMTQyODYyNTE2MTg4MTU4MzM0NjUyGWMwMzcyZWJjMmZlYWRhNTk6ZXM6ZXM6RVM%26usg%3DAFQjCNGsLzBsDZVY01NRaW2CS1nTvUjDBg&amp;source=gmail&amp;ust=1645527089539000&amp;usg=AOvVaw0g-Tcan_OvotviLq1A2aao\">Vamos a tener dispositivos de bolsillo que nos van a decir nuestro estado&#8230; &#8211;\u00a0<\/a><a>Teleprensa<br \/>\n<\/a><a class=\"title\" href=\"https:\/\/www.revistadearte.com\/2022\/02\/21\/premios-de-cultura-en-el-i-certamen-literario-carmen-laforet\/\" target=\"_blank\" rel=\"noopener\" data-artpy=\"0\" data-author=\"Revista de Arte - Logopress\">Premios de Cultura en el I Certamen Literario Carmen Laforet<\/a>-revista de arte<a><br \/>\n<\/a><a class=\"title\" href=\"https:\/\/www.msn.com\/es-es\/news\/virales\/ana-penyas-y-mayte-alvarado-ganan-el-premio-de-la-cr-c3-adtica-acdc-c3-b3mic-2021\/ar-AAU7Itn?ocid=BingNewsSearch\" target=\"_blank\" rel=\"noopener\" data-artpy=\"0\" data-author=\"La Vanguardia on MSN.com\">Ana Penyas y Mayte Alvarado ganan el Premio de la Cr\u00edtica ACDC\u00f3mic 2021<\/a>-lavanguardia<br \/>\n<a class=\"title\" href=\"https:\/\/www.elespanol.com\/mujer\/actualidad\/20220221\/justmad-feria-paritaria-presencia-mujeres-no-casual\/651434947_0.html\" target=\"_blank\" rel=\"noopener\" data-artpy=\"0\" data-author=\"ESPA\u00d1OL\">JUSTMAD, la feria de arte m\u00e1s paritaria que busca que \u00abla presencia de mujeres no sea casual\u00bb<\/a>-elespa\u00f1ol<br \/>\n<a class=\"title\" href=\"https:\/\/www.diariodesevilla.es\/artes_plasticas\/pandemia-dado-artistas-tiempo-trabajar_0_1658834346.html\" target=\"_blank\" rel=\"noopener\" data-artpy=\"0\" data-author=\"Diario de Sevilla\">Maribel L\u00f3pez, Directora de ARCO: \u00abLa pandemia ha dado a los artistas tiempo para trabajar\u00bb<\/a>-diariodesevilla<br \/>\n<a class=\"title\" href=\"https:\/\/www.cope.es\/programas\/herrera-en-cope\/noticias\/pilar-cernuda-herrera-cope-las-primeras-mujeres-universitarias-teniamos-que-abrir-caminos-20220221_1887703\" target=\"_blank\" rel=\"noopener\" data-artpy=\"0\" data-author=\"COPE\">Pilar Cernuda, en &#8216;Herrera en COPE&#8217;: \u201cLas primeras mujeres universitarias ten\u00edamos que abrir caminos\u201d<\/a>-cope<a><br \/>\n<\/a><\/p>\n<p><strong>Deporte<br \/>\n<\/strong><a class=\"title\" href=\"https:\/\/www.msn.com\/es-es\/autos\/noticias\/luna-flux-c3-a1-la-mallorquina-de-11-a-c3-b1os-que-mercedes-quiere-convertir-en-su-primera-mujer-en-f-c3-b3rmula-1\/ar-AAU7HJw?ocid=BingNewsSearch\" target=\"_blank\" rel=\"noopener\" data-artpy=\"0\" data-author=\"20minutos.es on MSN.com\">Luna Flux\u00e1, la mallorquina de 11 a\u00f1os que Mercedes quiere convertir en su primera mujer en F\u00f3rmula 1<\/a>-20minutos<strong><br \/>\n<\/strong><\/p>\n<\/div>\n<\/div>\n<div id=\"\" class=\"lsow-panel lsow-active\">\n<h1 class=\"lsow-panel-title\">Internacional<\/h1>\n<div class=\"lsow-panel-content\">\n<p><a href=\"https:\/\/www.google.com\/url?rct=j&amp;sa=t&amp;url=https:\/\/spain.representation.ec.europa.eu\/noticias-eventos\/noticias-0\/dia-de-la-igualdad-salarial-europa-trabaja-para-convertirlo-en-realidad-2022-02-21_es&amp;ct=ga&amp;cd=CAEYACoUMTA3NTIyNDI2NDcwMjI1MDQyNzAyGWUxZTc3ZDE1NjA5OGE4ZTM6ZXM6ZXM6RVM&amp;usg=AFQjCNFubpdBYLk-57FV-7otjdD9vkJdgg\" target=\"_blank\" rel=\"noopener\" data-saferedirecturl=\"https:\/\/www.google.com\/url?q=https:\/\/www.google.com\/url?rct%3Dj%26sa%3Dt%26url%3Dhttps:\/\/spain.representation.ec.europa.eu\/noticias-eventos\/noticias-0\/dia-de-la-igualdad-salarial-europa-trabaja-para-convertirlo-en-realidad-2022-02-21_es%26ct%3Dga%26cd%3DCAEYACoUMTA3NTIyNDI2NDcwMjI1MDQyNzAyGWUxZTc3ZDE1NjA5OGE4ZTM6ZXM6ZXM6RVM%26usg%3DAFQjCNFubpdBYLk-57FV-7otjdD9vkJdgg&amp;source=gmail&amp;ust=1645527085354000&amp;usg=AOvVaw0vkQxHMLcJH9FXAk7FKp_t\">D\u00eda de la Igualdad Salarial: Europa trabaja para convertirlo en realidad-\u00a0<\/a><a>Comisi\u00f3n Europea en Espa\u00f1a<br \/>\n<\/a><a href=\"https:\/\/linagalvez.eu\/eurodiputadas-transparencia-salarias-empresas-menos-250-empleados\/\" target=\"_blank\" rel=\"noopener\" data-saferedirecturl=\"https:\/\/www.google.com\/url?q=https:\/\/www.google.com\/url?rct%3Dj%26sa%3Dt%26url%3Dhttps:\/\/www.europapress.es\/eseuropa\/noticia-parlamento-europeo-eurodiputadas-piden-directiva-transparencia-salarial-aplique-empresas-menos-250-empleados-20220218171635.html%26ct%3Dga%26cd%3DCAEYASoUMTYzMjcxMTMwNzY4MTczODA0NzgyGTBhNzAzMWZjMzFiNmQ5YmQ6ZXM6ZXM6RVM%26usg%3DAFQjCNHyeyNSJMwBopSeOFYS6i0_hfd35A&amp;source=gmail&amp;ust=1645527091894000&amp;usg=AOvVaw0CirD0p_jeexgleompGYAy\">Eurodiputadas piden que la directiva de transparencia salarial se aplique a empresas de menos de 250 empleados&#8230;<\/a>-linagalvezeu<br \/>\n<a href=\"https:\/\/www.google.com\/url?rct=j&amp;sa=t&amp;url=https:\/\/elperuano.pe\/noticia\/139737-la-feminizacion-de-la-agricultura&amp;ct=ga&amp;cd=CAEYACoSNjI0NTgwMzYzODc2MzA1NTQ3Mhk1OWQ3ODE3MTM2YTJkMDI4OmVzOmVzOkVT&amp;usg=AFQjCNE-WY52WGoiydNI1HQAkSnqe1Kbuw\" target=\"_blank\" rel=\"noopener\" data-saferedirecturl=\"https:\/\/www.google.com\/url?q=https:\/\/www.google.com\/url?rct%3Dj%26sa%3Dt%26url%3Dhttps:\/\/elperuano.pe\/noticia\/139737-la-feminizacion-de-la-agricultura%26ct%3Dga%26cd%3DCAEYACoSNjI0NTgwMzYzODc2MzA1NTQ3Mhk1OWQ3ODE3MTM2YTJkMDI4OmVzOmVzOkVT%26usg%3DAFQjCNE-WY52WGoiydNI1HQAkSnqe1Kbuw&amp;source=gmail&amp;ust=1645527089263000&amp;usg=AOvVaw1IUdJRLtQzsqvoXvWYWT6b\">La feminizaci\u00f3n de la agricultura &#8211;\u00a0<\/a><a>El Peruano<br \/>\n<\/a><a class=\"title\" href=\"https:\/\/www.telam.com.ar\/notas\/202202\/583941-cuidados-recuperacion-pandemia-pospandemia-oea-coronavirus-covid-19.html?iframe=true&amp;width=100%&amp;height=100%\" target=\"_blank\" rel=\"noopener\" data-artpy=\"0\" data-author=\"T\u00e9lam\">Resolver el tema de los cuidados: clave para la recuperaci\u00f3n de mujeres en pospandemia<\/a>-telam<a><br \/>\n<\/a><a href=\"https:\/\/www.google.com\/url?rct=j&amp;sa=t&amp;url=https:\/\/www.abc.es\/antropia\/abci-incapaces-erradicar-violencia-20220218151719_noticia.html&amp;ct=ga&amp;cd=CAEYACoUMTI3ODEzNzgxNzk2NDYyMTgwOTYyGWUyZGVmYTdkNWRhOTE1N2Q6ZXM6ZXM6RVM&amp;usg=AFQjCNHyqre_wRbOe4BXKq4JK_IftT4oOA\" target=\"_blank\" rel=\"noopener\" data-saferedirecturl=\"https:\/\/www.google.com\/url?q=https:\/\/www.google.com\/url?rct%3Dj%26sa%3Dt%26url%3Dhttps:\/\/www.abc.es\/antropia\/abci-incapaces-erradicar-violencia-20220218151719_noticia.html%26ct%3Dga%26cd%3DCAEYACoUMTI3ODEzNzgxNzk2NDYyMTgwOTYyGWUyZGVmYTdkNWRhOTE1N2Q6ZXM6ZXM6RVM%26usg%3DAFQjCNHyqre_wRbOe4BXKq4JK_IftT4oOA&amp;source=gmail&amp;ust=1645527093239000&amp;usg=AOvVaw3qMMF6bjAW809-Y4hVwfK8\">Mil millones de mujeres han vivido la\u00a0violencia f\u00edsica y sexual en pareja &#8211;\u00a0<\/a><a>Abc<br \/>\n<\/a><a class=\"title\" href=\"https:\/\/www.marca.com\/futbol\/futbol-femenino\/2022\/02\/21\/620b9d0346163f84868b458e.html\" target=\"_blank\" rel=\"noopener\" data-artpy=\"0\" data-author=\"MARCA\">El f\u00fatbol femenino en Camer\u00fan se relanza con &#8216;La Liga de la igualdad&#8217;-\u00a0<\/a><a>marca<\/a><\/p>\n<\/div>\n<\/div>\n<\/div><\/div><\/div><\/div><\/div>\n","protected":false},"excerpt":{"rendered":"<p>22F D\u00eda de la Igualdad Salarial: Europa trabaja para convertirlo en realidad * Los ERTE disparan la brecha salarial entre mujeres y hombres durante la pandemia hasta el 34,6%, seg\u00fan CSIF * Los podcasts de mujeres que no te puedes perder * F\u00e1tima G\u00e1lvez Premio Meridiana 2022<\/p>\n","protected":false},"author":3,"featured_media":22909,"comment_status":"closed","ping_status":"closed","sticky":false,"template":"","format":"standard","meta":{"footnotes":""},"categories":[298,621],"tags":[95],"class_list":["post-15856","post","type-post","status-publish","format-standard","has-post-thumbnail","hentry","category-newsletter","category-nwl-3-0","tag-brecha-salarial"],"yoast_head":"<!-- This site is optimized with the Yoast SEO plugin v27.5 - https:\/\/yoast.com\/product\/yoast-seo-wordpress\/ -->\n<title>Noticias Info CKL n\u00ba 2660-21\/02\/22 -Comunicar con perspectiva de g\u00e9nero<\/title>\n<meta name=\"description\" content=\"Noticias Info CKL n\u00ba 2660-21\/02\/22 22F D\u00eda de la Igualdad Salarial: Europa trabaja para convertirlo en realidad * Los ERTE disparan la brecha salarial entre mujeres y hombres durante la pandemia hasta el 34,6%, seg\u00fan CSIF * Los podcasts de mujeres que no te puedes perder * F\u00e1tima G\u00e1lvez Premio Meridiana 2022\" \/>\n<meta name=\"robots\" content=\"index, follow, max-snippet:-1, max-image-preview:large, max-video-preview:-1\" \/>\n<link rel=\"canonical\" href=\"https:\/\/cklcomunicaciones.es\/coop\/noticias-info-ckl-no-2660-21-02-22\/\" \/>\n<meta property=\"og:locale\" content=\"es_ES\" \/>\n<meta property=\"og:type\" content=\"article\" \/>\n<meta property=\"og:title\" content=\"Noticias Info CKL n\u00ba 2660-21\/02\/22 -Comunicar con perspectiva de g\u00e9nero\" \/>\n<meta property=\"og:description\" content=\"Noticias Info CKL n\u00ba 2660-21\/02\/22 22F D\u00eda de la Igualdad Salarial: Europa trabaja para convertirlo en realidad * Los ERTE disparan la brecha salarial entre mujeres y hombres durante la pandemia hasta el 34,6%, seg\u00fan CSIF * Los podcasts de mujeres que no te puedes perder * F\u00e1tima G\u00e1lvez Premio Meridiana 2022\" \/>\n<meta property=\"og:url\" content=\"https:\/\/cklcomunicaciones.es\/coop\/noticias-info-ckl-no-2660-21-02-22\/\" \/>\n<meta property=\"og:site_name\" content=\"CKL Comunicaciones\" \/>\n<meta property=\"article:published_time\" content=\"2022-02-21T12:29:02+00:00\" \/>\n<meta property=\"article:modified_time\" content=\"2025-02-09T11:53:56+00:00\" \/>\n<meta property=\"og:image\" content=\"https:\/\/cklcomunicaciones.es\/coop\/wp-content\/uploads\/2025\/01\/CKL-una-mirada-distinta-de-la-comunicacion.jpg\" \/>\n\t<meta property=\"og:image:width\" content=\"1482\" \/>\n\t<meta property=\"og:image:height\" content=\"775\" \/>\n\t<meta property=\"og:image:type\" content=\"image\/jpeg\" \/>\n<meta name=\"author\" content=\"ckl\" \/>\n<meta name=\"twitter:card\" content=\"summary_large_image\" \/>\n<meta name=\"twitter:label1\" content=\"Escrito por\" \/>\n\t<meta name=\"twitter:data1\" content=\"ckl\" \/>\n\t<meta name=\"twitter:label2\" content=\"Tiempo de lectura\" \/>\n\t<meta name=\"twitter:data2\" content=\"5 minutos\" \/>\n<script type=\"application\/ld+json\" class=\"yoast-schema-graph\">{\"@context\":\"https:\\\/\\\/schema.org\",\"@graph\":[{\"@type\":\"Article\",\"@id\":\"https:\\\/\\\/cklcomunicaciones.es\\\/coop\\\/noticias-info-ckl-no-2660-21-02-22\\\/#article\",\"isPartOf\":{\"@id\":\"https:\\\/\\\/cklcomunicaciones.es\\\/coop\\\/noticias-info-ckl-no-2660-21-02-22\\\/\"},\"author\":{\"name\":\"ckl\",\"@id\":\"https:\\\/\\\/cklcomunicaciones.es\\\/coop\\\/#\\\/schema\\\/person\\\/929a6837f7626450bbb50cee1aef266e\"},\"headline\":\"Noticias Info CKL n\u00ba 2660-21\\\/02\\\/22\",\"datePublished\":\"2022-02-21T12:29:02+00:00\",\"dateModified\":\"2025-02-09T11:53:56+00:00\",\"mainEntityOfPage\":{\"@id\":\"https:\\\/\\\/cklcomunicaciones.es\\\/coop\\\/noticias-info-ckl-no-2660-21-02-22\\\/\"},\"wordCount\":1007,\"image\":{\"@id\":\"https:\\\/\\\/cklcomunicaciones.es\\\/coop\\\/noticias-info-ckl-no-2660-21-02-22\\\/#primaryimage\"},\"thumbnailUrl\":\"https:\\\/\\\/cklcomunicaciones.es\\\/coop\\\/wp-content\\\/uploads\\\/2025\\\/01\\\/CKL-una-mirada-distinta-de-la-comunicacion.jpg\",\"keywords\":[\"brecha salarial\"],\"articleSection\":[\"Newsletter\",\"Nwl v3.0\"],\"inLanguage\":\"es\"},{\"@type\":\"WebPage\",\"@id\":\"https:\\\/\\\/cklcomunicaciones.es\\\/coop\\\/noticias-info-ckl-no-2660-21-02-22\\\/\",\"url\":\"https:\\\/\\\/cklcomunicaciones.es\\\/coop\\\/noticias-info-ckl-no-2660-21-02-22\\\/\",\"name\":\"Noticias Info CKL n\u00ba 2660-21\\\/02\\\/22 -Comunicar con perspectiva de g\u00e9nero\",\"isPartOf\":{\"@id\":\"https:\\\/\\\/cklcomunicaciones.es\\\/coop\\\/#website\"},\"primaryImageOfPage\":{\"@id\":\"https:\\\/\\\/cklcomunicaciones.es\\\/coop\\\/noticias-info-ckl-no-2660-21-02-22\\\/#primaryimage\"},\"image\":{\"@id\":\"https:\\\/\\\/cklcomunicaciones.es\\\/coop\\\/noticias-info-ckl-no-2660-21-02-22\\\/#primaryimage\"},\"thumbnailUrl\":\"https:\\\/\\\/cklcomunicaciones.es\\\/coop\\\/wp-content\\\/uploads\\\/2025\\\/01\\\/CKL-una-mirada-distinta-de-la-comunicacion.jpg\",\"datePublished\":\"2022-02-21T12:29:02+00:00\",\"dateModified\":\"2025-02-09T11:53:56+00:00\",\"author\":{\"@id\":\"https:\\\/\\\/cklcomunicaciones.es\\\/coop\\\/#\\\/schema\\\/person\\\/929a6837f7626450bbb50cee1aef266e\"},\"description\":\"Noticias Info CKL n\u00ba 2660-21\\\/02\\\/22 22F D\u00eda de la Igualdad Salarial: Europa trabaja para convertirlo en realidad * Los ERTE disparan la brecha salarial entre mujeres y hombres durante la pandemia hasta el 34,6%, seg\u00fan CSIF * Los podcasts de mujeres que no te puedes perder * F\u00e1tima G\u00e1lvez Premio Meridiana 2022\",\"breadcrumb\":{\"@id\":\"https:\\\/\\\/cklcomunicaciones.es\\\/coop\\\/noticias-info-ckl-no-2660-21-02-22\\\/#breadcrumb\"},\"inLanguage\":\"es\",\"potentialAction\":[{\"@type\":\"ReadAction\",\"target\":[\"https:\\\/\\\/cklcomunicaciones.es\\\/coop\\\/noticias-info-ckl-no-2660-21-02-22\\\/\"]}]},{\"@type\":\"ImageObject\",\"inLanguage\":\"es\",\"@id\":\"https:\\\/\\\/cklcomunicaciones.es\\\/coop\\\/noticias-info-ckl-no-2660-21-02-22\\\/#primaryimage\",\"url\":\"https:\\\/\\\/cklcomunicaciones.es\\\/coop\\\/wp-content\\\/uploads\\\/2025\\\/01\\\/CKL-una-mirada-distinta-de-la-comunicacion.jpg\",\"contentUrl\":\"https:\\\/\\\/cklcomunicaciones.es\\\/coop\\\/wp-content\\\/uploads\\\/2025\\\/01\\\/CKL-una-mirada-distinta-de-la-comunicacion.jpg\",\"width\":1482,\"height\":775,\"caption\":\"CKL - una mirada distinta de la comunicacion\"},{\"@type\":\"BreadcrumbList\",\"@id\":\"https:\\\/\\\/cklcomunicaciones.es\\\/coop\\\/noticias-info-ckl-no-2660-21-02-22\\\/#breadcrumb\",\"itemListElement\":[{\"@type\":\"ListItem\",\"position\":1,\"name\":\"Portada\",\"item\":\"https:\\\/\\\/cklcomunicaciones.es\\\/coop\\\/\"},{\"@type\":\"ListItem\",\"position\":2,\"name\":\"Noticias Info CKL n\u00ba 2660-21\\\/02\\\/22\"}]},{\"@type\":\"WebSite\",\"@id\":\"https:\\\/\\\/cklcomunicaciones.es\\\/coop\\\/#website\",\"url\":\"https:\\\/\\\/cklcomunicaciones.es\\\/coop\\\/\",\"name\":\"CKL Comunicaciones\",\"description\":\"Sitio web de CKL Comunicaciones coop , la consultora de comunicaci\u00f3n y estrategia\",\"potentialAction\":[{\"@type\":\"SearchAction\",\"target\":{\"@type\":\"EntryPoint\",\"urlTemplate\":\"https:\\\/\\\/cklcomunicaciones.es\\\/coop\\\/?s={search_term_string}\"},\"query-input\":{\"@type\":\"PropertyValueSpecification\",\"valueRequired\":true,\"valueName\":\"search_term_string\"}}],\"inLanguage\":\"es\"},{\"@type\":\"Person\",\"@id\":\"https:\\\/\\\/cklcomunicaciones.es\\\/coop\\\/#\\\/schema\\\/person\\\/929a6837f7626450bbb50cee1aef266e\",\"name\":\"ckl\",\"image\":{\"@type\":\"ImageObject\",\"inLanguage\":\"es\",\"@id\":\"https:\\\/\\\/secure.gravatar.com\\\/avatar\\\/c82db564e8a669bf6023357a157b9dc4780f4d4c618f2ad1d71a6a5dede45057?s=96&d=mm&r=g\",\"url\":\"https:\\\/\\\/secure.gravatar.com\\\/avatar\\\/c82db564e8a669bf6023357a157b9dc4780f4d4c618f2ad1d71a6a5dede45057?s=96&d=mm&r=g\",\"contentUrl\":\"https:\\\/\\\/secure.gravatar.com\\\/avatar\\\/c82db564e8a669bf6023357a157b9dc4780f4d4c618f2ad1d71a6a5dede45057?s=96&d=mm&r=g\",\"caption\":\"ckl\"},\"url\":\"https:\\\/\\\/cklcomunicaciones.es\\\/coop\\\/author\\\/cklcomunicaciones\\\/\"}]}<\/script>\n<!-- \/ Yoast SEO plugin. -->","yoast_head_json":{"title":"Noticias Info CKL n\u00ba 2660-21\/02\/22 -Comunicar con perspectiva de g\u00e9nero","description":"Noticias Info CKL n\u00ba 2660-21\/02\/22 22F D\u00eda de la Igualdad Salarial: Europa trabaja para convertirlo en realidad * Los ERTE disparan la brecha salarial entre mujeres y hombres durante la pandemia hasta el 34,6%, seg\u00fan CSIF * Los podcasts de mujeres que no te puedes perder * F\u00e1tima G\u00e1lvez Premio Meridiana 2022","robots":{"index":"index","follow":"follow","max-snippet":"max-snippet:-1","max-image-preview":"max-image-preview:large","max-video-preview":"max-video-preview:-1"},"canonical":"https:\/\/cklcomunicaciones.es\/coop\/noticias-info-ckl-no-2660-21-02-22\/","og_locale":"es_ES","og_type":"article","og_title":"Noticias Info CKL n\u00ba 2660-21\/02\/22 -Comunicar con perspectiva de g\u00e9nero","og_description":"Noticias Info CKL n\u00ba 2660-21\/02\/22 22F D\u00eda de la Igualdad Salarial: Europa trabaja para convertirlo en realidad * Los ERTE disparan la brecha salarial entre mujeres y hombres durante la pandemia hasta el 34,6%, seg\u00fan CSIF * Los podcasts de mujeres que no te puedes perder * F\u00e1tima G\u00e1lvez Premio Meridiana 2022","og_url":"https:\/\/cklcomunicaciones.es\/coop\/noticias-info-ckl-no-2660-21-02-22\/","og_site_name":"CKL Comunicaciones","article_published_time":"2022-02-21T12:29:02+00:00","article_modified_time":"2025-02-09T11:53:56+00:00","og_image":[{"width":1482,"height":775,"url":"https:\/\/cklcomunicaciones.es\/coop\/wp-content\/uploads\/2025\/01\/CKL-una-mirada-distinta-de-la-comunicacion.jpg","type":"image\/jpeg"}],"author":"ckl","twitter_card":"summary_large_image","twitter_misc":{"Escrito por":"ckl","Tiempo de lectura":"5 minutos"},"schema":{"@context":"https:\/\/schema.org","@graph":[{"@type":"Article","@id":"https:\/\/cklcomunicaciones.es\/coop\/noticias-info-ckl-no-2660-21-02-22\/#article","isPartOf":{"@id":"https:\/\/cklcomunicaciones.es\/coop\/noticias-info-ckl-no-2660-21-02-22\/"},"author":{"name":"ckl","@id":"https:\/\/cklcomunicaciones.es\/coop\/#\/schema\/person\/929a6837f7626450bbb50cee1aef266e"},"headline":"Noticias Info CKL n\u00ba 2660-21\/02\/22","datePublished":"2022-02-21T12:29:02+00:00","dateModified":"2025-02-09T11:53:56+00:00","mainEntityOfPage":{"@id":"https:\/\/cklcomunicaciones.es\/coop\/noticias-info-ckl-no-2660-21-02-22\/"},"wordCount":1007,"image":{"@id":"https:\/\/cklcomunicaciones.es\/coop\/noticias-info-ckl-no-2660-21-02-22\/#primaryimage"},"thumbnailUrl":"https:\/\/cklcomunicaciones.es\/coop\/wp-content\/uploads\/2025\/01\/CKL-una-mirada-distinta-de-la-comunicacion.jpg","keywords":["brecha salarial"],"articleSection":["Newsletter","Nwl v3.0"],"inLanguage":"es"},{"@type":"WebPage","@id":"https:\/\/cklcomunicaciones.es\/coop\/noticias-info-ckl-no-2660-21-02-22\/","url":"https:\/\/cklcomunicaciones.es\/coop\/noticias-info-ckl-no-2660-21-02-22\/","name":"Noticias Info CKL n\u00ba 2660-21\/02\/22 -Comunicar con perspectiva de g\u00e9nero","isPartOf":{"@id":"https:\/\/cklcomunicaciones.es\/coop\/#website"},"primaryImageOfPage":{"@id":"https:\/\/cklcomunicaciones.es\/coop\/noticias-info-ckl-no-2660-21-02-22\/#primaryimage"},"image":{"@id":"https:\/\/cklcomunicaciones.es\/coop\/noticias-info-ckl-no-2660-21-02-22\/#primaryimage"},"thumbnailUrl":"https:\/\/cklcomunicaciones.es\/coop\/wp-content\/uploads\/2025\/01\/CKL-una-mirada-distinta-de-la-comunicacion.jpg","datePublished":"2022-02-21T12:29:02+00:00","dateModified":"2025-02-09T11:53:56+00:00","author":{"@id":"https:\/\/cklcomunicaciones.es\/coop\/#\/schema\/person\/929a6837f7626450bbb50cee1aef266e"},"description":"Noticias Info CKL n\u00ba 2660-21\/02\/22 22F D\u00eda de la Igualdad Salarial: Europa trabaja para convertirlo en realidad * Los ERTE disparan la brecha salarial entre mujeres y hombres durante la pandemia hasta el 34,6%, seg\u00fan CSIF * Los podcasts de mujeres que no te puedes perder * F\u00e1tima G\u00e1lvez Premio Meridiana 2022","breadcrumb":{"@id":"https:\/\/cklcomunicaciones.es\/coop\/noticias-info-ckl-no-2660-21-02-22\/#breadcrumb"},"inLanguage":"es","potentialAction":[{"@type":"ReadAction","target":["https:\/\/cklcomunicaciones.es\/coop\/noticias-info-ckl-no-2660-21-02-22\/"]}]},{"@type":"ImageObject","inLanguage":"es","@id":"https:\/\/cklcomunicaciones.es\/coop\/noticias-info-ckl-no-2660-21-02-22\/#primaryimage","url":"https:\/\/cklcomunicaciones.es\/coop\/wp-content\/uploads\/2025\/01\/CKL-una-mirada-distinta-de-la-comunicacion.jpg","contentUrl":"https:\/\/cklcomunicaciones.es\/coop\/wp-content\/uploads\/2025\/01\/CKL-una-mirada-distinta-de-la-comunicacion.jpg","width":1482,"height":775,"caption":"CKL - una mirada distinta de la comunicacion"},{"@type":"BreadcrumbList","@id":"https:\/\/cklcomunicaciones.es\/coop\/noticias-info-ckl-no-2660-21-02-22\/#breadcrumb","itemListElement":[{"@type":"ListItem","position":1,"name":"Portada","item":"https:\/\/cklcomunicaciones.es\/coop\/"},{"@type":"ListItem","position":2,"name":"Noticias Info CKL n\u00ba 2660-21\/02\/22"}]},{"@type":"WebSite","@id":"https:\/\/cklcomunicaciones.es\/coop\/#website","url":"https:\/\/cklcomunicaciones.es\/coop\/","name":"CKL Comunicaciones","description":"Sitio web de CKL Comunicaciones coop , la consultora de comunicaci\u00f3n y estrategia","potentialAction":[{"@type":"SearchAction","target":{"@type":"EntryPoint","urlTemplate":"https:\/\/cklcomunicaciones.es\/coop\/?s={search_term_string}"},"query-input":{"@type":"PropertyValueSpecification","valueRequired":true,"valueName":"search_term_string"}}],"inLanguage":"es"},{"@type":"Person","@id":"https:\/\/cklcomunicaciones.es\/coop\/#\/schema\/person\/929a6837f7626450bbb50cee1aef266e","name":"ckl","image":{"@type":"ImageObject","inLanguage":"es","@id":"https:\/\/secure.gravatar.com\/avatar\/c82db564e8a669bf6023357a157b9dc4780f4d4c618f2ad1d71a6a5dede45057?s=96&d=mm&r=g","url":"https:\/\/secure.gravatar.com\/avatar\/c82db564e8a669bf6023357a157b9dc4780f4d4c618f2ad1d71a6a5dede45057?s=96&d=mm&r=g","contentUrl":"https:\/\/secure.gravatar.com\/avatar\/c82db564e8a669bf6023357a157b9dc4780f4d4c618f2ad1d71a6a5dede45057?s=96&d=mm&r=g","caption":"ckl"},"url":"https:\/\/cklcomunicaciones.es\/coop\/author\/cklcomunicaciones\/"}]}},"_links":{"self":[{"href":"https:\/\/cklcomunicaciones.es\/coop\/wp-json\/wp\/v2\/posts\/15856","targetHints":{"allow":["GET"]}}],"collection":[{"href":"https:\/\/cklcomunicaciones.es\/coop\/wp-json\/wp\/v2\/posts"}],"about":[{"href":"https:\/\/cklcomunicaciones.es\/coop\/wp-json\/wp\/v2\/types\/post"}],"author":[{"embeddable":true,"href":"https:\/\/cklcomunicaciones.es\/coop\/wp-json\/wp\/v2\/users\/3"}],"replies":[{"embeddable":true,"href":"https:\/\/cklcomunicaciones.es\/coop\/wp-json\/wp\/v2\/comments?post=15856"}],"version-history":[{"count":0,"href":"https:\/\/cklcomunicaciones.es\/coop\/wp-json\/wp\/v2\/posts\/15856\/revisions"}],"wp:featuredmedia":[{"embeddable":true,"href":"https:\/\/cklcomunicaciones.es\/coop\/wp-json\/wp\/v2\/media\/22909"}],"wp:attachment":[{"href":"https:\/\/cklcomunicaciones.es\/coop\/wp-json\/wp\/v2\/media?parent=15856"}],"wp:term":[{"taxonomy":"category","embeddable":true,"href":"https:\/\/cklcomunicaciones.es\/coop\/wp-json\/wp\/v2\/categories?post=15856"},{"taxonomy":"post_tag","embeddable":true,"href":"https:\/\/cklcomunicaciones.es\/coop\/wp-json\/wp\/v2\/tags?post=15856"}],"curies":[{"name":"wp","href":"https:\/\/api.w.org\/{rel}","templated":true}]}}