{"id":15844,"date":"2022-02-16T14:37:22","date_gmt":"2022-02-16T13:37:22","guid":{"rendered":"https:\/\/www.cklcomunicaciones.es\/?p=15844"},"modified":"2025-02-09T13:08:57","modified_gmt":"2025-02-09T12:08:57","slug":"noticias-info-ckl-no-2658-16-02-22","status":"publish","type":"post","link":"https:\/\/cklcomunicaciones.es\/coop\/noticias-info-ckl-no-2658-16-02-22\/","title":{"rendered":"Noticias Info CKL n\u00ba 2658-16\/02\/22"},"content":{"rendered":"<div class=\"fusion-fullwidth fullwidth-box fusion-builder-row-1 fusion-flex-container nonhundred-percent-fullwidth non-hundred-percent-height-scrolling\" style=\"--awb-border-radius-top-left:0px;--awb-border-radius-top-right:0px;--awb-border-radius-bottom-right:0px;--awb-border-radius-bottom-left:0px;--awb-flex-wrap:wrap;\" ><div class=\"fusion-builder-row fusion-row fusion-flex-align-items-flex-start fusion-flex-content-wrap\" style=\"max-width:1248px;margin-left: calc(-4% \/ 2 );margin-right: calc(-4% \/ 2 );\"><div class=\"fusion-layout-column fusion_builder_column fusion-builder-column-0 fusion_builder_column_1_1 1_1 fusion-flex-column\" style=\"--awb-bg-blend:overlay;--awb-bg-size:cover;--awb-width-large:100%;--awb-margin-top-large:0px;--awb-spacing-right-large:1.92%;--awb-margin-bottom-large:0px;--awb-spacing-left-large:1.92%;--awb-width-medium:100%;--awb-spacing-right-medium:1.92%;--awb-spacing-left-medium:1.92%;--awb-width-small:100%;--awb-spacing-right-small:1.92%;--awb-spacing-left-small:1.92%;\"><div class=\"fusion-column-wrapper fusion-flex-justify-content-flex-start fusion-content-layout-column\"><div class=\"fusion-text fusion-text-1\"><h1>Convocatorias<\/h1>\n<div id=\"\" class=\"lsow-panel lsow-active\">\n<div class=\"lsow-panel-content\">\n<ul>\n<li><a href=\"https:\/\/geoviolenciasexual.com\/seminario-derechos-de-las-mujeres-cambio-climatico-melissa-farley\/\" target=\"_blank\" rel=\"noopener\" data-saferedirecturl=\"https:\/\/www.google.com\/url?q=https:\/\/geoviolenciasexual.com\/seminario-derechos-de-las-mujeres-cambio-climatico-melissa-farley\/&amp;source=gmail&amp;ust=1645085851602000&amp;usg=AOvVaw2xv12jKnTa3GVx6odyBJhU\">Seminario Internacional &#8216;Derechos de las mujeres y cambio clim\u00e1tico: conexiones entre pobreza, prostituci\u00f3n y extractivismo&#8217;<\/a>. Escuela Abolicionista Internacional. 24 de febrero de 2022 a las 17:30 h.\u00a0<a href=\"https:\/\/us06web.zoom.us\/webinar\/register\/WN_x59VpwtjTdaZA9LBIS3tkA\" target=\"_blank\" rel=\"noopener\" data-saferedirecturl=\"https:\/\/www.google.com\/url?q=https:\/\/us06web.zoom.us\/webinar\/register\/WN_x59VpwtjTdaZA9LBIS3tkA&amp;source=gmail&amp;ust=1645085851602000&amp;usg=AOvVaw2OsF0bEvM61Zps56dWTUCm\">Inscripciones<\/a><\/li>\n<li><a href=\"http:\/\/demiusar.com\/eventos\/congreso-economia-del-cuidado\/\" target=\"_blank\" rel=\"noopener\" data-saferedirecturl=\"https:\/\/www.google.com\/url?q=http:\/\/demiusar.com\/eventos\/congreso-economia-del-cuidado\/&amp;source=gmail&amp;ust=1645085851602000&amp;usg=AOvVaw3sgBI8mlkUlkfWFgde1LQ0\">Congreso Internacional\u00a0&#8216;Econom\u00eda del Cuidado: nuevos roles y retos en la Igualdad de G\u00e9nero&#8217;<\/a>.\u00a0Asociaci\u00f3n Internacional de Juristas y Ciencias Forenses INTER IURIS. 23 y 24 de febrero desde las 14:00 h. a trav\u00e9s de la plataforma Zoom.\u00a0<a href=\"https:\/\/zoom.us\/webinar\/register\/WN_mkd76q31Q3K3DY7hogrj6w\" target=\"_blank\" rel=\"noopener\" data-saferedirecturl=\"https:\/\/www.google.com\/url?q=https:\/\/zoom.us\/webinar\/register\/WN_mkd76q31Q3K3DY7hogrj6w&amp;source=gmail&amp;ust=1645085851603000&amp;usg=AOvVaw0BrtpG4EB7-cqAjXDcJktR\">Inscripciones<\/a><\/li>\n<li><a href=\"https:\/\/aliciaamezcua.com\/taller-gratuito-mujeres-sanan\/\" target=\"_blank\" rel=\"noopener\" data-saferedirecturl=\"https:\/\/www.google.com\/url?q=https:\/\/aliciaamezcua.com\/taller-gratuito-mujeres-sanan\/&amp;source=gmail&amp;ust=1645088836298000&amp;usg=AOvVaw0leQR0C89HINqCOt9UvzS-\">Taller para mujeres &#8216;Mujeres que sanan, Mujeres que aman&#8217;<\/a>. Asociaci\u00f3n por el Cambio Social Azahar. Abierto el plazo de inscripci\u00f3n para el pr\u00f3ximo 23 de febrero.\u00a0<a href=\"https:\/\/api.whatsapp.com\/send?phone=34653848382\" target=\"_blank\" rel=\"noopener\" data-saferedirecturl=\"https:\/\/www.google.com\/url?q=https:\/\/api.whatsapp.com\/send?phone%3D34653848382&amp;source=gmail&amp;ust=1645088836298000&amp;usg=AOvVaw2754aq9taMmP_LLYo-9rT8\">M\u00e1s informaci\u00f3n<\/a><\/li>\n<li><a href=\"https:\/\/www.upo.es\/upsc\/igualdad\/detalle-noticias\/Jornadas-online-MUJERES-Y-STEM.-INSCRIBETE-Fecha-de-celebracion-23-de-febrero-de-2022.\/\" target=\"_blank\" rel=\"noopener\" data-saferedirecturl=\"https:\/\/www.google.com\/url?q=https:\/\/www.upo.es\/upsc\/igualdad\/detalle-noticias\/Jornadas-online-MUJERES-Y-STEM.-INSCRIBETE-Fecha-de-celebracion-23-de-febrero-de-2022.\/&amp;source=gmail&amp;ust=1645085851596000&amp;usg=AOvVaw2liiRQOqznwDgzPp98Xc5L\">Jornadas\u00a0&#8216;Mujeres y STEM&#8217;<\/a>. Oficina para la Igualdad de la Universidad Pablo de Olavide. 23 de febrero de 12:00 a 13:30 h.\u00a0<a href=\"https:\/\/www.upo.es\/fundaciones\/fundacion-universidad-pablo-de-olavide\/empleabilidad-emprendimiento\/orientacion-profesional\/inscripcion-a-las-actividades-del-area-de-empleabilidad-y-emprendimiento\/\" target=\"_blank\" rel=\"noopener\" data-saferedirecturl=\"https:\/\/www.google.com\/url?q=https:\/\/www.upo.es\/fundaciones\/fundacion-universidad-pablo-de-olavide\/empleabilidad-emprendimiento\/orientacion-profesional\/inscripcion-a-las-actividades-del-area-de-empleabilidad-y-emprendimiento\/&amp;source=gmail&amp;ust=1645085851596000&amp;usg=AOvVaw0lYC2NpramcQ2u6yLgxwNC\">Inscripciones<\/a><\/li>\n<li><a href=\"http:\/\/www.doshermanas.es\/concejalias\/igualdad-y-educacion\/igualdad\/actividades\/V-JORNADA-ESTATAL-POR-LA-IGUALDAD\/\" target=\"_blank\" rel=\"noopener\" data-saferedirecturl=\"https:\/\/www.google.com\/url?q=http:\/\/www.doshermanas.es\/concejalias\/igualdad-y-educacion\/igualdad\/actividades\/V-JORNADA-ESTATAL-POR-LA-IGUALDAD\/&amp;source=gmail&amp;ust=1645088836298000&amp;usg=AOvVaw1x4e9IOwyz0cKRyv3d_pbv\">V Jornada Estatal por la Igualdad<\/a>. Concejal\u00eda de igualdad y Educaci\u00f3n del Ayuntamiento de Dos Hermanas. 2 de marzo de 9:15 a 19.00 h. Presencial y en &#8216;streaming&#8217;<\/li>\n<li><a href=\"https:\/\/www.sevilla.org\/servicios\/mujer-igualdad\/campanas-de-sensibilizacion\/8-marzo\/8-marzo-2022\/encuentro-jornada-2-marzo\" target=\"_blank\" rel=\"noopener\" data-saferedirecturl=\"https:\/\/www.google.com\/url?q=https:\/\/www.sevilla.org\/servicios\/mujer-igualdad\/campanas-de-sensibilizacion\/8-marzo\/8-marzo-2022\/encuentro-jornada-2-marzo&amp;source=gmail&amp;ust=1645088836298000&amp;usg=AOvVaw0GG9BjIRrCFDwMoO9MRMJ0\">Segunda Jornada sobre &#8216;Urbanismo y G\u00e9nero&#8217;<\/a>. Direcci\u00f3n General de Igualdad del Ayuntamiento de Sevilla. 2 de marzo de de 9:00 a 14:00 h.\u00a0<a href=\"https:\/\/form.jotform.com\/220251389001343\" target=\"_blank\" rel=\"noopener\" data-saferedirecturl=\"https:\/\/www.google.com\/url?q=https:\/\/form.jotform.com\/220251389001343&amp;source=gmail&amp;ust=1645088836298000&amp;usg=AOvVaw2ewwbYq-XzkzeyFG8tUvm-\">Inscripciones<\/a><\/li>\n<li><a href=\"https:\/\/www.uam.es\/uam\/instituto-universitario-estudios-mujer\/premio-angeles-duran-2022\" target=\"_blank\" rel=\"noopener\" data-saferedirecturl=\"https:\/\/www.google.com\/url?q=https:\/\/www.uam.es\/uam\/instituto-universitario-estudios-mujer\/premio-angeles-duran-2022&amp;source=gmail&amp;ust=1645085851596000&amp;usg=AOvVaw0OZPMEyHuB9Cf1ot2D9Zyl\">Premio \u00c1ngeles Dur\u00e1n 2022<\/a>. Instituto Universitario de Estudios de la Mujer de la Universidad Aut\u00f3noma de Madrid. Fecha l\u00edmite de env\u00edo de trabajos 31 de marzo de 2022<\/li>\n<li><a href=\"https:\/\/www.unia.es\/es\/oferta-academica\/oferta-sevilla\/item\/cfc-4fem-unia-revolution-2-edicion\" target=\"_blank\" rel=\"noopener\" data-saferedirecturl=\"https:\/\/www.google.com\/url?q=https:\/\/www.unia.es\/es\/oferta-academica\/oferta-sevilla\/item\/cfc-4fem-unia-revolution-2-edicion&amp;source=gmail&amp;ust=1645085851596000&amp;usg=AOvVaw2uiV9DChX2VrXglUA7sCAl\">Curso de Emprendimiento Femenino, 2\u00aa Edici\u00f3n<\/a>\u00a0[del programa 4FEMUNIA]. Universidad Internacional de Andaluc\u00eda -UNIA-. Del 3 marzo al 20 mayo de 2022 (6 ECTS).\u00a0<a href=\"https:\/\/oam.unia.es\/oam\/server\/obrareq.cgi?encquery=XX5Pbw7taBC4OPnu2gOAQ1uuPsLK97F6TM7Tx56m6YoMepdlEDoYQud4pq138rR3o0FuRnPK5YK7kFat1ZMtfYsHzr0+pmDChE0LLQr2LU93Orxxoc60QJrshf+F2ZU+y2VfsjjCUaEk8s9V1krSpDVrel9tJzh9OdhsfQRCzJusq8RaJghz4JmQSFj1RXs\/GruOuIeKs90T2a0GooL8N+gbHtvXeiku9Upoc7g0EcznVULzXalOvnjhaAIqa3hV6NSp\/WgV71GCxJKLnmoaocEfw36abndH4cXuFjXkE7x1wfSRWe7166lLXKl3s6RKB6OSM50bfuyXRQaKzId5gQOsarg0iPhk3fREvmzFqy\/Qwu7GEtn0+lr320J1BOr5F8ZoCCLGYZibbfiy0erYAgSG8YcGXzRL6v28IZB4OVQvLXXruNohYhT8GfKuyBhathf0kMNEVwuEKFAYx9YNZPbcQTUO\/5K3Ks8ZSPMg8i2bL4JOOGqUvQA1CyuBr2ec54jPgfja6CLWVkcHUdhnNN2cgl2O3yBswcp41h4aX\/Q=%20agentid=WT_unia010%20ver=1%20crmethod=2&amp;cksum=8d2ad227e98c959b3fbc1e7c55d94dc4b04fa313&amp;ECID-Context=1.005q0s3GJ0A8hoP6yfbe6G0001Ty000Kf6;kXjE\" target=\"_blank\" rel=\"noopener\" data-saferedirecturl=\"https:\/\/www.google.com\/url?q=https:\/\/oam.unia.es\/oam\/server\/obrareq.cgi?encquery%3DXX5Pbw7taBC4OPnu2gOAQ1uuPsLK97F6TM7Tx56m6YoMepdlEDoYQud4pq138rR3o0FuRnPK5YK7kFat1ZMtfYsHzr0%2BpmDChE0LLQr2LU93Orxxoc60QJrshf%2BF2ZU%2By2VfsjjCUaEk8s9V1krSpDVrel9tJzh9OdhsfQRCzJusq8RaJghz4JmQSFj1RXs\/GruOuIeKs90T2a0GooL8N%2BgbHtvXeiku9Upoc7g0EcznVULzXalOvnjhaAIqa3hV6NSp\/WgV71GCxJKLnmoaocEfw36abndH4cXuFjXkE7x1wfSRWe7166lLXKl3s6RKB6OSM50bfuyXRQaKzId5gQOsarg0iPhk3fREvmzFqy\/Qwu7GEtn0%2Blr320J1BOr5F8ZoCCLGYZibbfiy0erYAgSG8YcGXzRL6v28IZB4OVQvLXXruNohYhT8GfKuyBhathf0kMNEVwuEKFAYx9YNZPbcQTUO\/5K3Ks8ZSPMg8i2bL4JOOGqUvQA1CyuBr2ec54jPgfja6CLWVkcHUdhnNN2cgl2O3yBswcp41h4aX\/Q%3D%2520agentid%3DWT_unia010%2520ver%3D1%2520crmethod%3D2%26cksum%3D8d2ad227e98c959b3fbc1e7c55d94dc4b04fa313%26ECID-Context%3D1.005q0s3GJ0A8hoP6yfbe6G0001Ty000Kf6;kXjE&amp;source=gmail&amp;ust=1645085851597000&amp;usg=AOvVaw1lsO2O5U9lLSz0RfbCioz4\">Matriculaciones<\/a><a>\u00a0<\/a><\/li>\n<\/ul>\n<\/div>\n<\/div>\n<div id=\"\" class=\"lsow-panel lsow-active\">\n<h1 class=\"lsow-panel-title\">Comunicaci\u00f3n, Publicidad y TICs<\/h1>\n<div class=\"lsow-panel-content\">\n<p><a class=\"title\" href=\"https:\/\/www.diariobahiadecadiz.com\/noticias\/el-resto-del-mundo\/lorena-mejias-sigue-al-frente-de-la-renovada-directiva-del-colegio-de-periodistas-de-andalucia-en-cadiz-se-puede-y-se-debe-ser-optimista\/\" target=\"_blank\" rel=\"noopener\" data-artpy=\"0\" data-author=\"Diario Bah\u00eda de C\u00e1diz\">Lorena Mej\u00edas sigue al frente de la renovada directiva del Colegio de Periodistas de Andaluc\u00eda en C\u00e1diz: \u201cse puede y se debe ser optimista\u201d<\/a>-diariobahiadecadiz<br \/>\n<a class=\"title\" href=\"https:\/\/www.expresszacatecas.com\/internacional\/56514-las-fake-news-y-sus-consecuencias-en-la-carrera-de-las-mujeres\" target=\"_blank\" rel=\"noopener\" data-artpy=\"0\" data-author=\"expresszacatecas.com\">Las fake news y sus consecuencias en la carrera de las mujeres<\/a>-expresszacatecas<br \/>\n<a href=\"https:\/\/www.google.com\/url?rct=j&amp;sa=t&amp;url=https:\/\/amecopress.net\/La-voz-de-las-mujeres-suena-cada-vez-mas-fuerte-en-la-radio&amp;ct=ga&amp;cd=CAEYACoUMTY0NDY3MTA2MDYxMzM0OTEzNzMyGWUxZTc3ZDE1NjA5OGE4ZTM6ZXM6ZXM6RVM&amp;usg=AFQjCNGAZPrmjFGHWQ72wF7mrR1muwZa8w\" target=\"_blank\" rel=\"noopener\" data-saferedirecturl=\"https:\/\/www.google.com\/url?q=https:\/\/www.google.com\/url?rct%3Dj%26sa%3Dt%26url%3Dhttps:\/\/amecopress.net\/La-voz-de-las-mujeres-suena-cada-vez-mas-fuerte-en-la-radio%26ct%3Dga%26cd%3DCAEYACoUMTY0NDY3MTA2MDYxMzM0OTEzNzMyGWUxZTc3ZDE1NjA5OGE4ZTM6ZXM6ZXM6RVM%26usg%3DAFQjCNGAZPrmjFGHWQ72wF7mrR1muwZa8w&amp;source=gmail&amp;ust=1645085848024000&amp;usg=AOvVaw0Xfpy0-Imrw6ElX-KzfNwi\">La voz de las mujeres suena cada vez m\u00e1s fuerte en la radio\u00a0<\/a>&#8211;<a>amecopress<br \/>\n<\/a><a class=\"title\" href=\"https:\/\/amecopress.net\/Efeminista-premio-Blanco-negro-y-magenta-al-mejor-medio-de-comunicacion\" target=\"_blank\" rel=\"noopener\" data-artpy=\"0\" data-author=\"amecopress.net\">Efeminista, premio \u2018Blanco, negro y magenta\u2019 al mejor medio de comunicaci\u00f3n<\/a>-amecopress<br \/>\n<a class=\"title\" href=\"https:\/\/www.sevillaactualidad.com\/corporativo\/229510-maravedismo-estrena-enandaluz-es-el-medio-para-que-andalucia-cuente\/\" target=\"_blank\" rel=\"noopener\" data-artpy=\"0\" data-author=\"Sevilla Actualidad\">Maravedismo estrena EnAndaluz.es, el medio \u00abpara que Andaluc\u00eda cuente\u00bb<\/a>-sevillaactualidad<\/p>\n<\/div>\n<\/div>\n<div id=\"\" class=\"lsow-panel lsow-active\">\n<h1 class=\"lsow-panel-title\">Andaluc\u00eda<\/h1>\n<div class=\"lsow-panel-content\">\n<p><strong>Institucional<br \/>\n<\/strong><a title=\"Crespo pide al Ministerio una mesa nacional de la sequ\u00eda para fijar medidas de apoyo al sector agrario\" href=\"https:\/\/www.juntadeandalucia.es\/presidencia\/portavoz\/tierraymar\/169218\/carmen\/crespo\/agricultura\/ministerio\/mesa\/nacional\/sequia\/agrario\/agricola\/ganaderia\/ganadero\">Crespo pide al Ministerio una mesa nacional de la sequ\u00eda para fijar medidas de apoyo al sector agrario<\/a>-juntadeandalucia<\/p>\n<p><strong>Econom\u00eda y Empresas<br \/>\n<\/strong><a class=\"title\" href=\"https:\/\/www.msn.com\/es-es\/news\/espana\/el-iam-insta-a-desmitificar-la-brecha-salarial-que-supera-los-5000-euros-en-andaluc-c3-ada-un-15-25-menos-que-en-2020\/ar-AATVxUA?ocid=BingNewsSearch\" target=\"_blank\" rel=\"noopener\" data-artpy=\"0\" data-author=\"Europa Press on MSN.com\">El IAM insta a \u00abdesmitificar\u00bb la brecha salarial, que supera los 5.000 euros en Andaluc\u00eda, un 15% menos que en 2020<\/a>-europapress<strong><br \/>\n<\/strong><a href=\"https:\/\/www.google.com\/url?rct=j&amp;sa=t&amp;url=https:\/\/agroinformacion.com\/amcae-andalucia-fomenta-el-liderazgo-de-agricultoras-y-ganaderas-cooperativistas-de-cadiz\/&amp;ct=ga&amp;cd=CAEYASoUMTY3NDMxMTYxMTE1MDM1ODAzMDcyGzlhYjFjZGQ3ZTM2NmVmMzg6ZXM6ZXM6RVM6Ug&amp;usg=AFQjCNFdKNnopu5IOzfa_3GXeWe1mtRjFw\" target=\"_blank\" rel=\"noopener\" data-saferedirecturl=\"https:\/\/www.google.com\/url?q=https:\/\/www.google.com\/url?rct%3Dj%26sa%3Dt%26url%3Dhttps:\/\/agroinformacion.com\/amcae-andalucia-fomenta-el-liderazgo-de-agricultoras-y-ganaderas-cooperativistas-de-cadiz\/%26ct%3Dga%26cd%3DCAEYASoUMTY3NDMxMTYxMTE1MDM1ODAzMDcyGzlhYjFjZGQ3ZTM2NmVmMzg6ZXM6ZXM6RVM6Ug%26usg%3DAFQjCNFdKNnopu5IOzfa_3GXeWe1mtRjFw&amp;source=gmail&amp;ust=1645085847884000&amp;usg=AOvVaw0lM5NZ5WLzdKXJdRkLgdci\">AMCAE-Andaluc\u00eda fomenta el liderazgo de agricultoras y ganaderas cooperativistas de C\u00e1diz-\u00a0<\/a><a>Agroinformacion<br \/>\n<\/a><a href=\"https:\/\/www.google.com\/url?rct=j&amp;sa=t&amp;url=https:\/\/www.diariosur.es\/universidad\/uma-malaga-pta-jovenes-universitarias-emprendimiento-20220214124707-nt.html&amp;ct=ga&amp;cd=CAEYACoUMTMxMzg4MTA5ODUzNzc5NTIzODQyGzlhYjFjZGQ3ZTM2NmVmMzg6ZXM6ZXM6RVM6Ug&amp;usg=AFQjCNEUb7Hg9FHXu-bCxoVnFKO511CeVw\" target=\"_blank\" rel=\"noopener\" data-saferedirecturl=\"https:\/\/www.google.com\/url?q=https:\/\/www.google.com\/url?rct%3Dj%26sa%3Dt%26url%3Dhttps:\/\/www.diariosur.es\/universidad\/uma-malaga-pta-jovenes-universitarias-emprendimiento-20220214124707-nt.html%26ct%3Dga%26cd%3DCAEYACoUMTMxMzg4MTA5ODUzNzc5NTIzODQyGzlhYjFjZGQ3ZTM2NmVmMzg6ZXM6ZXM6RVM6Ug%26usg%3DAFQjCNEUb7Hg9FHXu-bCxoVnFKO511CeVw&amp;source=gmail&amp;ust=1645088616692000&amp;usg=AOvVaw0gqyhZafV2oTDK7nQF9H6p\">J\u00f3venes universitarias participan en un programa de emprendimiento para mujeres | &#8211;\u00a0<\/a>diariosur<br \/>\n<a href=\"https:\/\/www.google.com\/url?rct=j&amp;sa=t&amp;url=https:\/\/www.teleprensa.com\/articulo\/malaga\/comienza-univergem-programa-mejora-empleabilidad-dirigido-universitarias\/202202141552431139031.html&amp;ct=ga&amp;cd=CAEYJioUMTcwOTc5NDEzOTY0NTU4MTU4NDYyGWMwMzcyZWJjMmZlYWRhNTk6ZXM6ZXM6RVM&amp;usg=AFQjCNEoM0vOCHBHj6gYZFQ3HDqnO5eoFw\" target=\"_blank\" rel=\"noopener\" data-saferedirecturl=\"https:\/\/www.google.com\/url?hl=es&amp;q=https:\/\/www.google.com\/url?rct%3Dj%26sa%3Dt%26url%3Dhttps:\/\/www.teleprensa.com\/articulo\/malaga\/comienza-univergem-programa-mejora-empleabilidad-dirigido-universitarias\/202202141552431139031.html%26ct%3Dga%26cd%3DCAEYJioUMTcwOTc5NDEzOTY0NTU4MTU4NDYyGWMwMzcyZWJjMmZlYWRhNTk6ZXM6ZXM6RVM%26usg%3DAFQjCNEoM0vOCHBHj6gYZFQ3HDqnO5eoFw&amp;source=gmail&amp;ust=1645092919356000&amp;usg=AOvVaw1Bts3w8TDKsNxmpuVWvr8h\">Comienza Univergem, el programa de mejora de la empleabilidad dirigido a&#8230; &#8211;<\/a><a>Teleprensa<br \/>\n<\/a><a href=\"https:\/\/www.google.com\/url?rct=j&amp;sa=t&amp;url=https:\/\/www.diariocordoba.com\/agricultura-medio-ambiente\/2022\/02\/15\/junta-andalucia-apuesta-propiciar-relevo-62762454.html&amp;ct=ga&amp;cd=CAEYASoTODQzNDk3MTA2MDMzMzM1MTk0NDIZZDc4ZTU4NzVhMGYxZjJhYzplczplczpFUw&amp;usg=AFQjCNE9eVYFYnm2shodomaT7xJInLHOeg\" target=\"_blank\" rel=\"noopener\" data-saferedirecturl=\"https:\/\/www.google.com\/url?q=https:\/\/www.google.com\/url?rct%3Dj%26sa%3Dt%26url%3Dhttps:\/\/www.diariocordoba.com\/agricultura-medio-ambiente\/2022\/02\/15\/junta-andalucia-apuesta-propiciar-relevo-62762454.html%26ct%3Dga%26cd%3DCAEYASoTODQzNDk3MTA2MDMzMzM1MTk0NDIZZDc4ZTU4NzVhMGYxZjJhYzplczplczpFUw%26usg%3DAFQjCNE9eVYFYnm2shodomaT7xJInLHOeg&amp;source=gmail&amp;ust=1645085848160000&amp;usg=AOvVaw2E2GRW-a9VDMfg6sukupU1\">La Junta de\u00a0Andaluc\u00eda apuesta por propiciar el relevo generacional en el campo &#8211;\u00a0<\/a><a>Diario C\u00f3rdoba<br \/>\n<\/a><a class=\"title\" href=\"https:\/\/www.msn.com\/es-es\/finance\/economia\/la-junta-y-telef-c3-b3nica-lanzan-una-iniciativa-para-fomentar-el-emprendimiento-universitario-de-base-tecnol-c3-b3gica\/ar-AATVm1w?ocid=BingNewsSearch\" target=\"_blank\" rel=\"noopener\" data-artpy=\"0\" data-author=\"Europa Press on MSN.com\">La Junta y Telef\u00f3nica lanzan una iniciativa para fomentar el emprendimiento universitario de base tecnol\u00f3gica<\/a>-eruopapress<a><br \/>\n<\/a><\/p>\n<p><strong>Actualidad<\/strong><strong><br \/>\n<\/strong><a class=\"title\" href=\"https:\/\/www.juntadeandalucia.es\/presidencia\/portavoz\/social\/169230\/consejeriadeigualdadpoliticassocialesyconciliacion\/rocioruiz\/entidades\/asociacionismo\/transformacionsocial\/gobiernodeandalucia\" target=\"_blank\" rel=\"noopener\" data-artpy=\"0\" data-author=\"juntadeandalucia.es\">Roc\u00edo Ruiz destaca la fuerza de las entidades y el asociacionismo como motor de transformaci\u00f3n social<\/a>-juntadeandalucia<br \/>\n<a class=\"title\" href=\"https:\/\/www.teleprensa.com\/articulo\/sevilla\/asociacion-voluntarios-caixabank-recibe-premio-andalucia-social-impulso-voluntariado\/202202161332531140358.html\" target=\"_blank\" rel=\"noopener\" data-artpy=\"0\" data-author=\"Tele Prensa\">La Asociaci\u00f3n de Voluntarios de CaixaBank recibe el Premio &#8216;Andaluc\u00eda + Social&#8217; por su impulso al voluntariado<\/a>-teleprensa<\/p>\n<p><strong>Violencias<br \/>\n<\/strong><a class=\"title\" href=\"https:\/\/www.msn.com\/es-es\/news\/espana\/andaluc-c3-ada-recibe-151-millones-de-euros-de-los-fondos-del-pacto-de-estado-contra-la-violencia-de-g-c3-a9nero\/ar-AATTft2?ocid=BingNewsSearch\" target=\"_blank\" rel=\"noopener\" data-artpy=\"0\" data-author=\"Europa Press on MSN.com\">Andaluc\u00eda recibe 15,1 millones de euros de los fondos del Pacto de Estado contra la Violencia de G\u00e9nero<\/a>-europapress<br \/>\n<a class=\"title\" href=\"https:\/\/www.elmundo.es\/andalucia\/2022\/02\/16\/620ca8c621efa0e93a8b4584.html\" target=\"_blank\" rel=\"noopener\" data-artpy=\"0\" data-author=\"El Mundo\">Detenido un hombre de 22 a\u00f1os por la muerte de una menor de 14 en Alcal\u00e1 la Real<\/a>-elmundo<strong><br \/>\n<\/strong><a class=\"title\" href=\"https:\/\/www.cope.es\/emisoras\/andalucia\/huelva-provincia\/noticias\/detenido-huelva-ciberacosador-con-victimas-granada-sevilla-20220216_1860790\" target=\"_blank\" rel=\"noopener\" data-artpy=\"0\" data-author=\"COPE\">Detenido en Huelva un ciberacosador con v\u00edctimas en Granada y Sevilla<\/a>-cope<strong><br \/>\n<\/strong><\/p>\n<p><strong>Ciencia y Cultura<br \/>\n<\/strong><a href=\"https:\/\/www.google.com\/url?rct=j&amp;sa=t&amp;url=https:\/\/www.canalsur.es\/television\/programas\/conciencia\/noticia\/1800814.html&amp;ct=ga&amp;cd=CAEYIyoTMjMxNzE0NzYwMjM3NTE2MzM3MjIZYzAzNzJlYmMyZmVhZGE1OTplczplczpFUw&amp;usg=AFQjCNEyLCw_exuTatb7t_Gg83zkL6JLog\" target=\"_blank\" rel=\"noopener\" data-saferedirecturl=\"https:\/\/www.google.com\/url?hl=es&amp;q=https:\/\/www.google.com\/url?rct%3Dj%26sa%3Dt%26url%3Dhttps:\/\/www.canalsur.es\/television\/programas\/conciencia\/noticia\/1800814.html%26ct%3Dga%26cd%3DCAEYIyoTMjMxNzE0NzYwMjM3NTE2MzM3MjIZYzAzNzJlYmMyZmVhZGE1OTplczplczpFUw%26usg%3DAFQjCNEyLCw_exuTatb7t_Gg83zkL6JLog&amp;source=gmail&amp;ust=1645094262713000&amp;usg=AOvVaw01diWIk8ekdPlgs0v33Zx0\">La importancia de tener referentes femeninos en la ciencia y romper estereotipos &#8211;<\/a><a>Canal Sur<br \/>\n<\/a><a href=\"https:\/\/www.google.com\/url?rct=j&amp;sa=t&amp;url=https:\/\/www.diariojaen.es\/andalucia\/aumenta-un-7-el-numero-de-grupos-de-investigacion-liderados-por-mujeres-EN8249868&amp;ct=ga&amp;cd=CAEYISoUMTcwOTc5NDEzOTY0NTU4MTU4NDYyGWMwMzcyZWJjMmZlYWRhNTk6ZXM6ZXM6RVM&amp;usg=AFQjCNF4n_uePlbJ7CL_Ap_8DzLbtpK04w\" target=\"_blank\" rel=\"noopener\" data-saferedirecturl=\"https:\/\/www.google.com\/url?hl=es&amp;q=https:\/\/www.google.com\/url?rct%3Dj%26sa%3Dt%26url%3Dhttps:\/\/www.diariojaen.es\/andalucia\/aumenta-un-7-el-numero-de-grupos-de-investigacion-liderados-por-mujeres-EN8249868%26ct%3Dga%26cd%3DCAEYISoUMTcwOTc5NDEzOTY0NTU4MTU4NDYyGWMwMzcyZWJjMmZlYWRhNTk6ZXM6ZXM6RVM%26usg%3DAFQjCNF4n_uePlbJ7CL_Ap_8DzLbtpK04w&amp;source=gmail&amp;ust=1645092919354000&amp;usg=AOvVaw1xBMYK17SyWle9gFWQ6KD_\">Aumenta un 7% el n\u00famero de grupos de investigaci\u00f3n liderados por mujeres<\/a>-diariojaen<br \/>\n<a href=\"https:\/\/www.google.com\/url?rct=j&amp;sa=t&amp;url=https:\/\/www.granadadigital.es\/la-plataforma-revivir-la-azucarera-organiza-el-festival-granada-100-mujer\/&amp;ct=ga&amp;cd=CAEYHyoUMTcwOTc5NDEzOTY0NTU4MTU4NDYyGWMwMzcyZWJjMmZlYWRhNTk6ZXM6ZXM6RVM&amp;usg=AFQjCNEno7nIDnUi_ZQKeqnuMjwQYR-XEw\" target=\"_blank\" rel=\"noopener\" data-saferedirecturl=\"https:\/\/www.google.com\/url?hl=es&amp;q=https:\/\/www.google.com\/url?rct%3Dj%26sa%3Dt%26url%3Dhttps:\/\/www.granadadigital.es\/la-plataforma-revivir-la-azucarera-organiza-el-festival-granada-100-mujer\/%26ct%3Dga%26cd%3DCAEYHyoUMTcwOTc5NDEzOTY0NTU4MTU4NDYyGWMwMzcyZWJjMmZlYWRhNTk6ZXM6ZXM6RVM%26usg%3DAFQjCNEno7nIDnUi_ZQKeqnuMjwQYR-XEw&amp;source=gmail&amp;ust=1645092919353000&amp;usg=AOvVaw0j-1JmlbRPiPqA-nCpVCTW\">La plataforma &#8216;Revivir la Azucarera&#8217; organiza el festival &#8216;Granada 100% Mujer&#8217;-\u00a0<\/a><a>Granada Digital<br \/>\n<\/a><a href=\"https:\/\/www.google.com\/url?rct=j&amp;sa=t&amp;url=https:\/\/www.huelvahoy.com\/la-escritora-almontena-almudena-perez-protagoniza-este-jueves-la-conferencia-la-caravana-feliz-de-las-palabras\/&amp;ct=ga&amp;cd=CAEYDioTNTk4NTYzOTIxMDk5NDg1NDIzMzIZZTFlNzdkMTU2MDk4YThlMzplczplczpFUw&amp;usg=AFQjCNHa1tQab_gVn2gZhp1Cy2aD4F1Aig\" target=\"_blank\" rel=\"noopener\" data-saferedirecturl=\"https:\/\/www.google.com\/url?q=https:\/\/www.google.com\/url?rct%3Dj%26sa%3Dt%26url%3Dhttps:\/\/www.huelvahoy.com\/la-escritora-almontena-almudena-perez-protagoniza-este-jueves-la-conferencia-la-caravana-feliz-de-las-palabras\/%26ct%3Dga%26cd%3DCAEYDioTNTk4NTYzOTIxMDk5NDg1NDIzMzIZZTFlNzdkMTU2MDk4YThlMzplczplczpFUw%26usg%3DAFQjCNHa1tQab_gVn2gZhp1Cy2aD4F1Aig&amp;source=gmail&amp;ust=1645085855756000&amp;usg=AOvVaw399NIWfShHBBt9yJsqs1dP\">La escritora almonte\u00f1a Almudena P\u00e9rez protagoniza este jueves la conferencia \u00abLa caravana feliz de las palabras\u00bb<\/a>&#8211;<a>Huelva Hoy<br \/>\n<\/a><a href=\"https:\/\/www.google.com\/url?rct=j&amp;sa=t&amp;url=https:\/\/vivahuelva.es\/huelva\/1029438\/ojos-de-mujer-para-las-aulas-onubenses\/&amp;ct=ga&amp;cd=CAEYACoTOTc5ODQxMzk0NjE2NTUxODgzMDIZYzAzNzJlYmMyZmVhZGE1OTplczplczpFUw&amp;usg=AFQjCNF26JW7aRcGR3qI6s1cU7IdTrepPA\" target=\"_blank\" rel=\"noopener\" data-saferedirecturl=\"https:\/\/www.google.com\/url?q=https:\/\/www.google.com\/url?rct%3Dj%26sa%3Dt%26url%3Dhttps:\/\/vivahuelva.es\/huelva\/1029438\/ojos-de-mujer-para-las-aulas-onubenses\/%26ct%3Dga%26cd%3DCAEYACoTOTc5ODQxMzk0NjE2NTUxODgzMDIZYzAzNzJlYmMyZmVhZGE1OTplczplczpFUw%26usg%3DAFQjCNF26JW7aRcGR3qI6s1cU7IdTrepPA&amp;source=gmail&amp;ust=1645090193044000&amp;usg=AOvVaw3kCaeJPyCelh0FuDhLTfOf\">Ojos de\u00a0mujer&#8217; para las aulas onubenses\u00a0<\/a>-vivahuelva<br \/>\n<a class=\"title\" href=\"https:\/\/www.cope.es\/emisoras\/andalucia\/cadiz-provincia\/cadiz\/carnaval\/noticias\/india-martinez-pregonara-carnaval-cadiz-2022-proximo-junio-20220216_1860275\" target=\"_blank\" rel=\"noopener\" data-artpy=\"0\" data-author=\"COPE\">India Mart\u00ednez pregonar\u00e1 el Carnaval de C\u00e1diz 2022 el pr\u00f3ximo 4 de junio<\/a>-cope<a><br \/>\n<\/a><\/p>\n<p><strong>Deporte<br \/>\n<\/strong><a class=\"title\" href=\"https:\/\/www.marca.com\/radio\/2022\/02\/12\/62067ca9ca4741fc628b45e2.html\" target=\"_blank\" rel=\"noopener\" data-artpy=\"0\" data-author=\"MARCA\">Mar\u00eda Jos\u00e9 Rienda: \u00abHay que trabajar para que una deportista pueda ser madre y seguir compitiendo\u00bb<\/a>-marca<strong><br \/>\n<\/strong><a href=\"https:\/\/www.google.com\/url?rct=j&amp;sa=t&amp;url=https:\/\/www.cope.es\/emisoras\/andalucia\/cordoba-provincia\/cordoba\/noticias\/vuelve-las-calles-cordoba-una-nueva-edicion-carrera-del-dia-mujer-pink-running-c100-20220215_1857625&amp;ct=ga&amp;cd=CAEYHyoTMjMxNzE0NzYwMjM3NTE2MzM3MjIZYzAzNzJlYmMyZmVhZGE1OTplczplczpFUw&amp;usg=AFQjCNFRxc8hwQWL-Ol8RwvJ4c-V60iiFw\" target=\"_blank\" rel=\"noopener\" data-saferedirecturl=\"https:\/\/www.google.com\/url?hl=es&amp;q=https:\/\/www.google.com\/url?rct%3Dj%26sa%3Dt%26url%3Dhttps:\/\/www.cope.es\/emisoras\/andalucia\/cordoba-provincia\/cordoba\/noticias\/vuelve-las-calles-cordoba-una-nueva-edicion-carrera-del-dia-mujer-pink-running-c100-20220215_1857625%26ct%3Dga%26cd%3DCAEYHyoTMjMxNzE0NzYwMjM3NTE2MzM3MjIZYzAzNzJlYmMyZmVhZGE1OTplczplczpFUw%26usg%3DAFQjCNFRxc8hwQWL-Ol8RwvJ4c-V60iiFw&amp;source=gmail&amp;ust=1645094262712000&amp;usg=AOvVaw2Iy2w-Zn1x7LCsFk0LM4fz\">Vuelve a las calles de C\u00f3rdoba una nueva edici\u00f3n de la Carrera del D\u00eda de la Mujer, la Pink &#8230;-\u00a0<\/a><a>Cope<br \/>\n<\/a><a class=\"title\" href=\"https:\/\/www.diariobahiadecadiz.com\/noticias\/jerez\/la-supercopa-de-futbol-sala-se-juega-en-jerez\/\" target=\"_blank\" rel=\"noopener\" data-artpy=\"0\" data-author=\"Diario Bah\u00eda de C\u00e1diz\">La Supercopa de F\u00fatbol Sala masculina y femenina se juega en Jerez<\/a>-diariobahiadecadiz<\/p>\n<\/div>\n<\/div>\n<div id=\"\" class=\"lsow-panel lsow-active\">\n<h1 class=\"lsow-panel-title\">Estado<\/h1>\n<div class=\"lsow-panel-content\">\n<p><strong>Institucional<br \/>\n<\/strong><a href=\"https:\/\/www.google.com\/url?rct=j&amp;sa=t&amp;url=https:\/\/elpais.com\/sociedad\/2022-02-15\/igualdad-adelanta-a-las-comunidades-307-millones-de-euros-para-hacer-frente-a-la-violencia-de-genero.html&amp;ct=ga&amp;cd=CAEYACoTMjU5Nzg3NTk4MTk0ODI3Njk2ODIZZTFlNzdkMTU2MDk4YThlMzplczplczpFUw&amp;usg=AFQjCNHUCpVV8_8L1c78nc4Kx2VNaffWWw\" target=\"_blank\" rel=\"noopener\" data-saferedirecturl=\"https:\/\/www.google.com\/url?q=https:\/\/www.google.com\/url?rct%3Dj%26sa%3Dt%26url%3Dhttps:\/\/elpais.com\/sociedad\/2022-02-15\/igualdad-adelanta-a-las-comunidades-307-millones-de-euros-para-hacer-frente-a-la-violencia-de-genero.html%26ct%3Dga%26cd%3DCAEYACoTMjU5Nzg3NTk4MTk0ODI3Njk2ODIZZTFlNzdkMTU2MDk4YThlMzplczplczpFUw%26usg%3DAFQjCNHUCpVV8_8L1c78nc4Kx2VNaffWWw&amp;source=gmail&amp;ust=1645085855787000&amp;usg=AOvVaw0sA5YxUY224-LKRs1DQ1yC\">Igualdad adelanta a las comunidades 307 millones de euros para hacer frente a la violencia &#8230;-\u00a0<\/a><a>elpais<br \/>\n<\/a><a class=\"title\" href=\"https:\/\/www.lamoncloa.gob.es\/serviciosdeprensa\/notasprensa\/trabajo14\/Paginas\/2022\/150222-consejo-ue-epsco.aspx\" target=\"_blank\" rel=\"noopener\" data-artpy=\"0\" data-author=\"gob.es\">Yolanda D\u00edaz pide en Burdeos m\u00e1s ambici\u00f3n y medidas concretas para afrontar la transformaci\u00f3n digital y ecol\u00f3gica en el \u00e1mbito laboral<\/a>-gob<a><br \/>\n<\/a><\/p>\n<p><strong>Institucional \u2013 CCAA<br \/>\n<\/strong><a href=\"https:\/\/www.google.com\/url?rct=j&amp;sa=t&amp;url=https:\/\/www.noticiasextremadura.es\/gil-rosina-se-interesa-por-los-proyectos-que-desarrolla-la-fundacion-mujeres-con-fondos-del-pacto-de-estado-contra-la-violencia-de-genero\/&amp;ct=ga&amp;cd=CAEYACoUMTMyNzE0NDE4NDc4NjMxODUyNjgyGTU5ZDc4MTcxMzZhMmQwMjg6ZXM6ZXM6RVM&amp;usg=AFQjCNHPLnyZ7jMgwgRzattoF6ycy_dBpA\" target=\"_blank\" rel=\"noopener\" data-saferedirecturl=\"https:\/\/www.google.com\/url?q=https:\/\/www.google.com\/url?rct%3Dj%26sa%3Dt%26url%3Dhttps:\/\/www.noticiasextremadura.es\/gil-rosina-se-interesa-por-los-proyectos-que-desarrolla-la-fundacion-mujeres-con-fondos-del-pacto-de-estado-contra-la-violencia-de-genero\/%26ct%3Dga%26cd%3DCAEYACoUMTMyNzE0NDE4NDc4NjMxODUyNjgyGTU5ZDc4MTcxMzZhMmQwMjg6ZXM6ZXM6RVM%26usg%3DAFQjCNHPLnyZ7jMgwgRzattoF6ycy_dBpA&amp;source=gmail&amp;ust=1645085855850000&amp;usg=AOvVaw0_EqHIXTl4zm5Zd-Ggssuy\">Gil Rosi\u00f1a se interesa por los proyectos que desarrolla la Fundaci\u00f3n Mujeres con fondos &#8230;-\u00a0<\/a><a>Noticias Extremadura<br \/>\n<\/a><a href=\"https:\/\/www.google.com\/url?rct=j&amp;sa=t&amp;url=https:\/\/www.cope.es\/emisoras\/castilla-la-mancha\/noticias\/gobierno-regional-impulsa-sensibilizacion-materia-violencia-genero-encuentro-con-alumnado-facultad-periodismo-20220214_1857072&amp;ct=ga&amp;cd=CAEYASoTNTk4NTYzOTIxMDk5NDg1NDIzMzIZZTFlNzdkMTU2MDk4YThlMzplczplczpFUw&amp;usg=AFQjCNFZybX4qOmXd0gnKCaiQOlhtsc_8A\" target=\"_blank\" rel=\"noopener\" data-saferedirecturl=\"https:\/\/www.google.com\/url?q=https:\/\/www.google.com\/url?rct%3Dj%26sa%3Dt%26url%3Dhttps:\/\/www.cope.es\/emisoras\/castilla-la-mancha\/noticias\/gobierno-regional-impulsa-sensibilizacion-materia-violencia-genero-encuentro-con-alumnado-facultad-periodismo-20220214_1857072%26ct%3Dga%26cd%3DCAEYASoTNTk4NTYzOTIxMDk5NDg1NDIzMzIZZTFlNzdkMTU2MDk4YThlMzplczplczpFUw%26usg%3DAFQjCNFZybX4qOmXd0gnKCaiQOlhtsc_8A&amp;source=gmail&amp;ust=1645085855750000&amp;usg=AOvVaw0aSzJW3xI7Dsnhh49JA-v_\">El Gobierno de Castilla La-Mancha impulsa la sensibilizaci\u00f3n en materia de violencia de g\u00e9nero en un &#8230; &#8211;<\/a><a>cope<br \/>\n<\/a><a href=\"https:\/\/www.google.com\/url?rct=j&amp;sa=t&amp;url=https:\/\/www.cope.es\/actualidad\/espana\/noticias\/gobierno-las-mujeres-pueden-ser-moneda-cambio-castilla-leon-20220215_1858517&amp;ct=ga&amp;cd=CAEYAyoUMTcyNzM5MzM4NjU0MTE4NTg1NjgyGWUyZGVmYTdkNWRhOTE1N2Q6ZXM6ZXM6RVM&amp;usg=AFQjCNFPS1TPl3jdlEjMsG6vlt5zmSaGGA\" target=\"_blank\" rel=\"noopener\" data-saferedirecturl=\"https:\/\/www.google.com\/url?q=https:\/\/www.google.com\/url?rct%3Dj%26sa%3Dt%26url%3Dhttps:\/\/www.cope.es\/actualidad\/espana\/noticias\/gobierno-las-mujeres-pueden-ser-moneda-cambio-castilla-leon-20220215_1858517%26ct%3Dga%26cd%3DCAEYAyoUMTcyNzM5MzM4NjU0MTE4NTg1NjgyGWUyZGVmYTdkNWRhOTE1N2Q6ZXM6ZXM6RVM%26usg%3DAFQjCNFPS1TPl3jdlEjMsG6vlt5zmSaGGA&amp;source=gmail&amp;ust=1645085848105000&amp;usg=AOvVaw1_WSEo4FalmhfUG7NAUDZl\">El Gobierno: las mujeres no pueden ser \u00abmoneda de cambio\u00bb en Castilla y Le\u00f3n &#8211;<\/a><a>cope<br \/>\n<\/a><a class=\"title\" href=\"https:\/\/www.lne.es\/economia\/2022\/02\/16\/mujeres-son-mayoria-lista-asturianos-62717313.html\" target=\"_blank\" rel=\"noopener\" data-artpy=\"0\" data-author=\"lne.es\">Las mujeres son mayor\u00eda en la lista de los asturianos con m\u00e1s patrimonio<\/a>-lne<br \/>\n<a class=\"title\" href=\"https:\/\/www.abc.es\/espana\/comunidad-valenciana\/abci-fallas-2022-valencia-abre-mujeres-puedan-desfilar-vestimenta-masculina-ofrenda-202202151759_noticia.html\" target=\"_blank\" rel=\"noopener\" data-artpy=\"0\" data-author=\"ABC\">Fallas 2022: Valencia se abre a que las mujeres puedan desfilar con vestimenta masculina en la Ofrenda<\/a>-abc<a><br \/>\n<\/a><\/p>\n<p><strong>Econom\u00eda y Empresa<br \/>\n<\/strong><a href=\"https:\/\/www.google.com\/url?rct=j&amp;sa=t&amp;url=https:\/\/cincodias.elpais.com\/cincodias\/2022\/02\/14\/economia\/1644840581_072713.html&amp;ct=ga&amp;cd=CAEYCioUMTcwOTc5NDEzOTY0NTU4MTU4NDYyGWMwMzcyZWJjMmZlYWRhNTk6ZXM6ZXM6RVM&amp;usg=AFQjCNHdecd3P95yZzhlvkCTmCK35Fpk7Q\" target=\"_blank\" rel=\"noopener\" data-saferedirecturl=\"https:\/\/www.google.com\/url?q=https:\/\/www.google.com\/url?rct%3Dj%26sa%3Dt%26url%3Dhttps:\/\/cincodias.elpais.com\/cincodias\/2022\/02\/14\/economia\/1644840581_072713.html%26ct%3Dga%26cd%3DCAEYCioUMTcwOTc5NDEzOTY0NTU4MTU4NDYyGWMwMzcyZWJjMmZlYWRhNTk6ZXM6ZXM6RVM%26usg%3DAFQjCNHdecd3P95yZzhlvkCTmCK35Fpk7Q&amp;source=gmail&amp;ust=1645085855681000&amp;usg=AOvVaw1poG_mmGppU5ysVLKvXC1g\">Las jornadas parciales explican la mitad de los 5.252 euros menos que cobran las mujeres al a\u00f1o-\u00a0<\/a><a>Cinco D\u00edas<br \/>\n<\/a><a href=\"https:\/\/www.google.com\/url?rct=j&amp;sa=t&amp;url=https:\/\/efeminista.com\/pesca-mujeres-carmen-soto-demostrar-merecemos-puesto\/&amp;ct=ga&amp;cd=CAEYISoTMjMxNzE0NzYwMjM3NTE2MzM3MjIZYzAzNzJlYmMyZmVhZGE1OTplczplczpFUw&amp;usg=AFQjCNF8MQ2xXsAXNo2eAe77iZe2Z5ZnRQ\" target=\"_blank\" rel=\"noopener\" data-saferedirecturl=\"https:\/\/www.google.com\/url?hl=es&amp;q=https:\/\/www.google.com\/url?rct%3Dj%26sa%3Dt%26url%3Dhttps:\/\/efeminista.com\/pesca-mujeres-carmen-soto-demostrar-merecemos-puesto\/%26ct%3Dga%26cd%3DCAEYISoTMjMxNzE0NzYwMjM3NTE2MzM3MjIZYzAzNzJlYmMyZmVhZGE1OTplczplczpFUw%26usg%3DAFQjCNF8MQ2xXsAXNo2eAe77iZe2Z5ZnRQ&amp;source=gmail&amp;ust=1645094262713000&amp;usg=AOvVaw2f6RONHlLGhIAZ9dGwTmNg\">Carmen Soto, patrona de barco pesquero: \u00abTenemos que demostrar que nos merecemos ese puesto\u00bb &#8211;\u00a0<\/a><a>Efeminista<br \/>\n<\/a><a class=\"title\" href=\"https:\/\/www.diaridetarragona.com\/economia\/Escriva-rebaja-las-cuotas-mas-altas-para-los-autonomos-y-eleva-la-minima-20220216-0008.html\" target=\"_blank\" rel=\"noopener\" data-artpy=\"0\" data-author=\"Diaride Tarragona\">Escriv\u00e1 rebaja las cuotas m\u00e1s altas para los aut\u00f3nomos y eleva la m\u00ednima<\/a>-diaridetarragona<a><br \/>\n<\/a><\/p>\n<p><strong>Actualidad<br \/>\n<\/strong><a class=\"title\" href=\"https:\/\/www.infolibre.es\/politica\/pandemia-dispara-numero-opositores-mayoria-mujeres-experiencia-laboral-previa_1_1219490.html\" target=\"_blank\" rel=\"noopener\" data-artpy=\"0\" data-author=\"infolibre.es\">La pandemia dispara el n\u00famero de opositores, la mayor\u00eda mujeres con experiencia laboral previa<\/a>-infolibre<strong><br \/>\n<\/strong><a href=\"https:\/\/www.google.com\/url?rct=j&amp;sa=t&amp;url=https:\/\/elpais.com\/mamas-papas\/familia\/2022-02-16\/no-mas-faldas-para-ir-a-jugar-al-parque.html&amp;ct=ga&amp;cd=CAEYASoUMTcyNzM5MzM4NjU0MTE4NTg1NjgyGWUyZGVmYTdkNWRhOTE1N2Q6ZXM6ZXM6RVM&amp;usg=AFQjCNGLLqRkuXaz0ZT6FkjXtsg-rmjqjg\" target=\"_blank\" rel=\"noopener\" data-saferedirecturl=\"https:\/\/www.google.com\/url?q=https:\/\/www.google.com\/url?rct%3Dj%26sa%3Dt%26url%3Dhttps:\/\/elpais.com\/mamas-papas\/familia\/2022-02-16\/no-mas-faldas-para-ir-a-jugar-al-parque.html%26ct%3Dga%26cd%3DCAEYASoUMTcyNzM5MzM4NjU0MTE4NTg1NjgyGWUyZGVmYTdkNWRhOTE1N2Q6ZXM6ZXM6RVM%26usg%3DAFQjCNGLLqRkuXaz0ZT6FkjXtsg-rmjqjg&amp;source=gmail&amp;ust=1645085848104000&amp;usg=AOvVaw3SzdN-xigIgQ6hebmgN7Kb\">No m\u00e1s faldas para ir a jugar al parque<\/a>-elpais<br \/>\n<a href=\"https:\/\/www.google.com\/url?rct=j&amp;sa=t&amp;url=https:\/\/www.lavanguardia.com\/mamas-y-papas\/20220216\/8055061\/50-nuevos-40-hora-hijos-maternidad-nbs.html&amp;ct=ga&amp;cd=CAEYACoUMTI5NzI2NzUxMzQ4ODY2NzUyMDEyGWMwMzcyZWJjMmZlYWRhNTk6ZXM6ZXM6RVM&amp;usg=AFQjCNHIop6AIeU7mO1o8SLD9rURJ4dMww\" target=\"_blank\" rel=\"noopener\" data-saferedirecturl=\"https:\/\/www.google.com\/url?q=https:\/\/www.google.com\/url?rct%3Dj%26sa%3Dt%26url%3Dhttps:\/\/www.lavanguardia.com\/mamas-y-papas\/20220216\/8055061\/50-nuevos-40-hora-hijos-maternidad-nbs.html%26ct%3Dga%26cd%3DCAEYACoUMTI5NzI2NzUxMzQ4ODY2NzUyMDEyGWMwMzcyZWJjMmZlYWRhNTk6ZXM6ZXM6RVM%26usg%3DAFQjCNHIop6AIeU7mO1o8SLD9rURJ4dMww&amp;source=gmail&amp;ust=1645086736147000&amp;usg=AOvVaw2vRbanqS5pQNG_72Bjf-Vs\">Los 50 van camino de convertirse en los nuevos 40 a la hora de tener hijos &#8211;<\/a><a>La Vanguardia<\/a><\/p>\n<p><strong>Violencias<br \/>\n<\/strong><a href=\"https:\/\/www.google.com\/url?rct=j&amp;sa=t&amp;url=https:\/\/www.sport.es\/es\/noticias\/violencia-domestica\/fiscalia-pide-embargar-bienes-asesinos-13239136&amp;ct=ga&amp;cd=CAEYACoUMTQ4MDg3NDMzMDU5Nzk2NTU2NTEyGWUyZGVmYTdkNWRhOTE1N2Q6ZXM6ZXM6RVM&amp;usg=AFQjCNF-H8m9rSLl_7FmqNCJ7cIIvRiJjw\" target=\"_blank\" rel=\"noopener\" data-saferedirecturl=\"https:\/\/www.google.com\/url?q=https:\/\/www.google.com\/url?rct%3Dj%26sa%3Dt%26url%3Dhttps:\/\/www.sport.es\/es\/noticias\/violencia-domestica\/fiscalia-pide-embargar-bienes-asesinos-13239136%26ct%3Dga%26cd%3DCAEYACoUMTQ4MDg3NDMzMDU5Nzk2NTU2NTEyGWUyZGVmYTdkNWRhOTE1N2Q6ZXM6ZXM6RVM%26usg%3DAFQjCNF-H8m9rSLl_7FmqNCJ7cIIvRiJjw&amp;source=gmail&amp;ust=1645085855595000&amp;usg=AOvVaw3q1WrHUvc7fpTKq0YN-JQ6\">La Fiscal\u00eda pide embargar los bienes de los asesinos machistas cuando entran en prisi\u00f3n &#8230;-\u00a0<\/a><a>Sport<br \/>\n<\/a><a href=\"https:\/\/www.google.com\/url?rct=j&amp;sa=t&amp;url=https:\/\/www.europapress.es\/epsocial\/igualdad\/noticia-identificacion-victimas-derecho-reparacion-social-prioridades-igualdad-ley-trata-20220215173123.html&amp;ct=ga&amp;cd=CAEYAioUMTc5Njk2MDIyMDk0MDg1MDQ2NjUyGTU5ZDc4MTcxMzZhMmQwMjg6ZXM6ZXM6RVM&amp;usg=AFQjCNEiDvQy6uzuYrEGnmmJrdmFniUdLA\" target=\"_blank\" rel=\"noopener\" data-saferedirecturl=\"https:\/\/www.google.com\/url?q=https:\/\/www.google.com\/url?rct%3Dj%26sa%3Dt%26url%3Dhttps:\/\/www.europapress.es\/epsocial\/igualdad\/noticia-identificacion-victimas-derecho-reparacion-social-prioridades-igualdad-ley-trata-20220215173123.html%26ct%3Dga%26cd%3DCAEYAioUMTc5Njk2MDIyMDk0MDg1MDQ2NjUyGTU5ZDc4MTcxMzZhMmQwMjg6ZXM6ZXM6RVM%26usg%3DAFQjCNEiDvQy6uzuYrEGnmmJrdmFniUdLA&amp;source=gmail&amp;ust=1645085844568000&amp;usg=AOvVaw0tHn27yjQaBTAl1rYferIG\">La identificaci\u00f3n de v\u00edctimas o su derecho a la reparaci\u00f3n social, entre las prioridades de &#8230;-\u00a0<\/a><a>Europa Press<br \/>\n<\/a><a href=\"https:\/\/www.google.com\/url?rct=j&amp;sa=t&amp;url=https:\/\/elpais.com\/planeta-futuro\/red-de-expertos\/2022-02-15\/terminemos-con-la-pandemia-de-violencia-contra-las-mujeres.html&amp;ct=ga&amp;cd=CAEYACoTNjI3MjczODM2OTI0ODA5MDMyMjIZZTJkZWZhN2Q1ZGE5MTU3ZDplczplczpFUw&amp;usg=AFQjCNHPX8nZtuHiU2g749XklxPUes-kEQ\" target=\"_blank\" rel=\"noopener\" data-saferedirecturl=\"https:\/\/www.google.com\/url?q=https:\/\/www.google.com\/url?rct%3Dj%26sa%3Dt%26url%3Dhttps:\/\/elpais.com\/planeta-futuro\/red-de-expertos\/2022-02-15\/terminemos-con-la-pandemia-de-violencia-contra-las-mujeres.html%26ct%3Dga%26cd%3DCAEYACoTNjI3MjczODM2OTI0ODA5MDMyMjIZZTJkZWZhN2Q1ZGE5MTU3ZDplczplczpFUw%26usg%3DAFQjCNHPX8nZtuHiU2g749XklxPUes-kEQ&amp;source=gmail&amp;ust=1645085855571000&amp;usg=AOvVaw1abHiWeoerClDP1Ms1kvgp\">Terminemos con la pandemia de violencia contra las mujeres | Red de expertos &#8211;\u00a0<\/a><a>elpa\u00eds<br \/>\n<\/a><a href=\"https:\/\/www.google.com\/url?rct=j&amp;sa=t&amp;url=https:\/\/www.ultimahora.es\/sucesos\/ultimas\/2022\/02\/16\/1700289\/tres-detenidos-por-drogar-burundanga-violar-mujer-piso-magaluf.html&amp;ct=ga&amp;cd=CAEYDyoTMjMxNzE0NzYwMjM3NTE2MzM3MjIZYzAzNzJlYmMyZmVhZGE1OTplczplczpFUw&amp;usg=AFQjCNG1F0CMOj8D7b_O0RPokMW08crccw\" target=\"_blank\" rel=\"noopener\" data-saferedirecturl=\"https:\/\/www.google.com\/url?q=https:\/\/www.google.com\/url?rct%3Dj%26sa%3Dt%26url%3Dhttps:\/\/www.ultimahora.es\/sucesos\/ultimas\/2022\/02\/16\/1700289\/tres-detenidos-por-drogar-burundanga-violar-mujer-piso-magaluf.html%26ct%3Dga%26cd%3DCAEYDyoTMjMxNzE0NzYwMjM3NTE2MzM3MjIZYzAzNzJlYmMyZmVhZGE1OTplczplczpFUw%26usg%3DAFQjCNG1F0CMOj8D7b_O0RPokMW08crccw&amp;source=gmail&amp;ust=1645085847934000&amp;usg=AOvVaw3eCCgwOthS9rr_3qT3AAV7\">Tres detenidos por drogar con burundanga y violar a una mujer en un piso de Magaluf &#8211;\u00a0<\/a><a>Ultima Hora<\/a><\/p>\n<p><strong>Ciencia y Cultura<br \/>\n<\/strong><a class=\"title\" href=\"https:\/\/www.msn.com\/es-es\/news\/otras\/isabel-mu-c3-b1oz-ingresa-en-la-real-academia-de-bellas-artes-de-san-fernando\/ar-AATTaYM?ocid=BingNewsSearch\" target=\"_blank\" rel=\"noopener\" data-artpy=\"0\" data-author=\"ESPA\u00d1OL on MSN.com\">Isabel Mu\u00f1oz ingresa en la Real Academia de Bellas Artes de San Fernando<\/a>-elespanol<br \/>\n<a class=\"title\" href=\"https:\/\/www.elcorreogallego.es\/santiago\/carmen-calvo-premio-nacional-de-artes-plasticas-expone-empezo-muy-casual-en-la-galeria-trinta-GG10431564\" target=\"_blank\" rel=\"noopener\" data-artpy=\"0\" data-author=\"Elcorreogallego.es\">Carmen Calvo, Premio Nacional de Artes Pl\u00e1sticas, expone \u2018Empez\u00f3 muy casual\u2019 en la Galer\u00eda Trinta<\/a>-elcorreogallego<strong><br \/>\n<\/strong><a class=\"title\" href=\"https:\/\/www.msn.com\/es-es\/lifestyle\/pareja\/siete-mujeres-del-mundo-cultural-desnudan-su-sexualidad-en-el-libro-colectivo-satisfiers\/ar-AATSsZm?ocid=BingNewsSearch\" target=\"_blank\" rel=\"noopener\" data-artpy=\"0\" data-author=\"20minutos.es on MSN.com\">Siete mujeres del mundo cultural desnudan su sexualidad en el libro colectivo &#8216;Satisfiers&#8217;<\/a>-20minutos<br \/>\n<a class=\"title\" href=\"https:\/\/www.lavanguardia.com\/cultura\/20220216\/8060827\/brain-film-fest-abordara-tdah-cyborgs-mujeres-cientificas.html\" target=\"_blank\" rel=\"noopener\" data-artpy=\"0\" data-author=\"La Vanguardia\">El Brain Film Fest abordar\u00e1 el TDAH, los cyborgs y las mujeres cient\u00edficas<\/a>-lavanguardia<strong><br \/>\n<\/strong><a href=\"https:\/\/www.google.com\/url?rct=j&amp;sa=t&amp;url=https:\/\/www.segib.org\/agenda\/ii-congreso-internacional-de-lenguas-portuguesas-y-espanolas\/&amp;ct=ga&amp;cd=CAEYAyoUMTMyNzE0NDE4NDc4NjMxODUyNjgyGTU5ZDc4MTcxMzZhMmQwMjg6ZXM6ZXM6RVM&amp;usg=AFQjCNHPG-sRMNyYuBj3u-rpHY9W-DKfyg\" target=\"_blank\" rel=\"noopener\" data-saferedirecturl=\"https:\/\/www.google.com\/url?q=https:\/\/www.google.com\/url?rct%3Dj%26sa%3Dt%26url%3Dhttps:\/\/www.segib.org\/agenda\/ii-congreso-internacional-de-lenguas-portuguesas-y-espanolas\/%26ct%3Dga%26cd%3DCAEYAyoUMTMyNzE0NDE4NDc4NjMxODUyNjgyGTU5ZDc4MTcxMzZhMmQwMjg6ZXM6ZXM6RVM%26usg%3DAFQjCNHPG-sRMNyYuBj3u-rpHY9W-DKfyg&amp;source=gmail&amp;ust=1645085855851000&amp;usg=AOvVaw1kEb0Co1l8kg3cS5t4pm2e\">II Congreso Internacional de Lenguas Portuguesa y Espa\u00f1ola &#8211;\u00a0<\/a><a>SEGIB<br \/>\n<\/a><a class=\"title\" href=\"https:\/\/www.eldiario.es\/cultura\/ley-cine-series-plataformas-claves_1_8750001.html\" target=\"_blank\" rel=\"noopener\" data-artpy=\"0\" data-author=\"eldiario.es\">Ocho claves de la nueva Ley del Cine que abraza a series y plataformas<\/a>-eldiario<a><br \/>\n<\/a><\/p>\n<p><strong>Deporte<br \/>\n<\/strong><a class=\"title\" href=\"https:\/\/www.msn.com\/es-es\/sports\/futbol\/ayuda-hist-c3-b3rica-para-el-f-c3-batbol-femenino-el-csd-concede-16-millones-de-euros-a-los-clubes\/ar-AATVRdX?ocid=BingNewsSearch\" target=\"_blank\" rel=\"noopener\" data-artpy=\"0\" data-author=\"20minutos.es on MSN.com\">Ayuda hist\u00f3rica para el f\u00fatbol femenino: el CSD concede 16 millones de euros a los clubes<\/a>-20minutos<strong><br \/>\n<\/strong><a class=\"title\" href=\"https:\/\/www.elcorreo.com\/deporte-femenino\/futbol\/liga-femenina-instalaciones-primera-division-20220216122111-nt.html\" target=\"_blank\" rel=\"noopener\" data-artpy=\"0\" data-author=\"El Correo\">La Liga Femenina de f\u00fatbol tendr\u00e1 instalaciones de &#8216;primera divisi\u00f3n&#8217;<\/a>-elcorreo<strong><br \/>\n<\/strong><a class=\"title\" href=\"https:\/\/www.sport.es\/es\/noticias\/futbol-femenino\/ayuntamiento-madrid-veta-santiso-dar-13245412\" target=\"_blank\" rel=\"noopener\" data-artpy=\"0\" data-author=\"Sport\">El Ayuntamiento de Madrid veta a Santiso a dar charlas para impulsar el deporte femenino<\/a>-sport<strong><br \/>\n<\/strong><\/p>\n<\/div>\n<\/div>\n<div id=\"\" class=\"lsow-panel lsow-active\">\n<h1 class=\"lsow-panel-title\">Internacional<\/h1>\n<div class=\"lsow-panel-content\">\n<p><a href=\"https:\/\/www.google.com\/url?rct=j&amp;sa=t&amp;url=https:\/\/elpais.com\/planeta-futuro\/red-de-expertos\/2022-02-14\/2022-un-ano-lleno-de-desafios-para-las-mujeres.html&amp;ct=ga&amp;cd=CAEYAioUMTY4NTM2MzI2NDQzMzMyODAwNTQyGWUyZGVmYTdkNWRhOTE1N2Q6ZXM6ZXM6RVM&amp;usg=AFQjCNEH9KVhh_vtHOlaDgH9Ywron0GFgQ\" target=\"_blank\" rel=\"noopener\" data-saferedirecturl=\"https:\/\/www.google.com\/url?q=https:\/\/www.google.com\/url?rct%3Dj%26sa%3Dt%26url%3Dhttps:\/\/elpais.com\/planeta-futuro\/red-de-expertos\/2022-02-14\/2022-un-ano-lleno-de-desafios-para-las-mujeres.html%26ct%3Dga%26cd%3DCAEYAioUMTY4NTM2MzI2NDQzMzMyODAwNTQyGWUyZGVmYTdkNWRhOTE1N2Q6ZXM6ZXM6RVM%26usg%3DAFQjCNEH9KVhh_vtHOlaDgH9Ywron0GFgQ&amp;source=gmail&amp;ust=1645085855507000&amp;usg=AOvVaw3TU9SEmPMFSREwNXPc54Fm\">2022: un a\u00f1o lleno de desaf\u00edos para las mujeres | Red de expertos | Planeta Futuro\u00a0<\/a><a>-elpais<br \/>\n<\/a><a class=\"title\" href=\"https:\/\/news.un.org\/es\/story\/2022\/02\/1504122\" target=\"_blank\" rel=\"noopener\" data-artpy=\"0\" data-author=\"UN News Centre\">La econom\u00eda verde empieza a brotar en Ucrania gracias a las mujeres<\/a>-UN News Centre<a><br \/>\n<\/a><a class=\"title\" href=\"https:\/\/www.elobservador.com.uy\/nota\/la-ciencia-de-la-felicidad-laboral-estudio-uruguayo-revela-diferencias-entre-hombres-y-mujeres-20222812460\" target=\"_blank\" rel=\"noopener\" data-artpy=\"0\" data-author=\"El observador\">La ciencia de la felicidad laboral: estudio uruguayo revela diferencias entre hombres y mujeres-\u00a0<\/a><a>elobservador<br \/>\n<\/a><a href=\"https:\/\/www.google.com\/url?rct=j&amp;sa=t&amp;url=https:\/\/elpais.com\/ciencia\/2022-02-15\/medicos-de-ee-uu-anuncian-la-curacion-de-la-primera-mujer-con-vih.html&amp;ct=ga&amp;cd=CAEYByoTMjMxNzE0NzYwMjM3NTE2MzM3MjIZYzAzNzJlYmMyZmVhZGE1OTplczplczpFUw&amp;usg=AFQjCNFNEuGuV4w4ta1WulzKQ09IREzmxg\" target=\"_blank\" rel=\"noopener\" data-saferedirecturl=\"https:\/\/www.google.com\/url?q=https:\/\/www.google.com\/url?rct%3Dj%26sa%3Dt%26url%3Dhttps:\/\/elpais.com\/ciencia\/2022-02-15\/medicos-de-ee-uu-anuncian-la-curacion-de-la-primera-mujer-con-vih.html%26ct%3Dga%26cd%3DCAEYByoTMjMxNzE0NzYwMjM3NTE2MzM3MjIZYzAzNzJlYmMyZmVhZGE1OTplczplczpFUw%26usg%3DAFQjCNFNEuGuV4w4ta1WulzKQ09IREzmxg&amp;source=gmail&amp;ust=1645085847931000&amp;usg=AOvVaw3laOS5Suc1Ffuwj6eLhnjl\">Medicos de EE UU anuncian la primera curaci\u00f3n de una mujer con VIH-\u00a0<\/a>elpais<br \/>\n<a class=\"title\" href=\"https:\/\/www.traveler.es\/articulos\/la-unica-mujer-taxista-de-rabat\" target=\"_blank\" rel=\"noopener\" data-artpy=\"0\" data-author=\"traveler.es\">La \u00fanica mujer taxista de Rabat<\/a>-traveler<br \/>\n<a href=\"https:\/\/www.google.com\/url?rct=j&amp;sa=t&amp;url=https:\/\/www.swissinfo.ch\/spa\/iglesia-mujeres_roma-acoge-congreso-internacional-sobre-las-doctoras-y-patronas-de-la-iglesia\/47346692&amp;ct=ga&amp;cd=CAEYBCoUMTcwOTc5NDEzOTY0NTU4MTU4NDYyGWMwMzcyZWJjMmZlYWRhNTk6ZXM6ZXM6RVM&amp;usg=AFQjCNG_r5NNCvofmRH8ciONZQVhOwqskg\" target=\"_blank\" rel=\"noopener\" data-saferedirecturl=\"https:\/\/www.google.com\/url?q=https:\/\/www.google.com\/url?rct%3Dj%26sa%3Dt%26url%3Dhttps:\/\/www.swissinfo.ch\/spa\/iglesia-mujeres_roma-acoge-congreso-internacional-sobre-las-doctoras-y-patronas-de-la-iglesia\/47346692%26ct%3Dga%26cd%3DCAEYBCoUMTcwOTc5NDEzOTY0NTU4MTU4NDYyGWMwMzcyZWJjMmZlYWRhNTk6ZXM6ZXM6RVM%26usg%3DAFQjCNG_r5NNCvofmRH8ciONZQVhOwqskg&amp;source=gmail&amp;ust=1645085855678000&amp;usg=AOvVaw3koiw72wlV-xMt9mUG4sMd\">Roma acoge congreso internacional sobre las doctoras y patronas de la Iglesia &#8211;\u00a0<\/a><a>SwissInfo<br \/>\n<\/a><a class=\"title\" href=\"https:\/\/www.telva.com\/cultura\/2022\/02\/16\/620ce42b02136e0f528b4654.html\" target=\"_blank\" rel=\"noopener\" data-artpy=\"0\" data-author=\"telva.com\">Premios Oscar 2022: Tres c\u00f3micas presentar\u00e1n la gala y el p\u00fablico podr\u00e1 votar<\/a>-telva<\/p>\n<\/div>\n<\/div>\n<\/div><\/div><\/div><\/div><\/div>\n","protected":false},"excerpt":{"rendered":"<p>2022: un a\u00f1o lleno de desaf\u00edos para las mujeres * La pandemia dispara el n\u00famero de opositores, la mayor\u00eda mujeres con experiencia laboral previa * Isabel Mu\u00f1oz ingresa en la Real Academia de Bellas Artes de San Fernando * No m\u00e1s faldas para ir a jugar al parque<\/p>\n","protected":false},"author":3,"featured_media":22909,"comment_status":"closed","ping_status":"closed","sticky":false,"template":"","format":"standard","meta":{"footnotes":""},"categories":[298,621],"tags":[237,96],"class_list":["post-15844","post","type-post","status-publish","format-standard","has-post-thumbnail","hentry","category-newsletter","category-nwl-3-0","tag-covid19","tag-mujeres"],"yoast_head":"<!-- This site is optimized with the Yoast SEO plugin v27.5 - https:\/\/yoast.com\/product\/yoast-seo-wordpress\/ -->\n<title>Noticias Info CKL n\u00ba 2658-16\/02\/22 -Comunicar con perspectiva de g\u00e9nero<\/title>\n<meta name=\"description\" content=\"2022: un a\u00f1o lleno de desaf\u00edos para las mujeres * La pandemia dispara el n\u00famero de opositores, la mayor\u00eda mujeres con experiencia laboral previa * Isabel Mu\u00f1oz ingresa en la Real Academia de Bellas Artes de San Fernando * No m\u00e1s faldas para ir a jugar al parque\" \/>\n<meta name=\"robots\" content=\"index, follow, max-snippet:-1, max-image-preview:large, max-video-preview:-1\" \/>\n<link rel=\"canonical\" href=\"https:\/\/cklcomunicaciones.es\/coop\/noticias-info-ckl-no-2658-16-02-22\/\" \/>\n<meta property=\"og:locale\" content=\"es_ES\" \/>\n<meta property=\"og:type\" content=\"article\" \/>\n<meta property=\"og:title\" content=\"Noticias Info CKL n\u00ba 2658-16\/02\/22 -Comunicar con perspectiva de g\u00e9nero\" \/>\n<meta property=\"og:description\" content=\"2022: un a\u00f1o lleno de desaf\u00edos para las mujeres * La pandemia dispara el n\u00famero de opositores, la mayor\u00eda mujeres con experiencia laboral previa * Isabel Mu\u00f1oz ingresa en la Real Academia de Bellas Artes de San Fernando * No m\u00e1s faldas para ir a jugar al parque\" \/>\n<meta property=\"og:url\" content=\"https:\/\/cklcomunicaciones.es\/coop\/noticias-info-ckl-no-2658-16-02-22\/\" \/>\n<meta property=\"og:site_name\" content=\"CKL Comunicaciones\" \/>\n<meta property=\"article:published_time\" content=\"2022-02-16T13:37:22+00:00\" \/>\n<meta property=\"article:modified_time\" content=\"2025-02-09T12:08:57+00:00\" \/>\n<meta property=\"og:image\" content=\"https:\/\/cklcomunicaciones.es\/coop\/wp-content\/uploads\/2025\/01\/CKL-una-mirada-distinta-de-la-comunicacion.jpg\" \/>\n\t<meta property=\"og:image:width\" content=\"1482\" \/>\n\t<meta property=\"og:image:height\" content=\"775\" \/>\n\t<meta property=\"og:image:type\" content=\"image\/jpeg\" \/>\n<meta name=\"author\" content=\"ckl\" \/>\n<meta name=\"twitter:card\" content=\"summary_large_image\" \/>\n<meta name=\"twitter:label1\" content=\"Escrito por\" \/>\n\t<meta name=\"twitter:data1\" content=\"ckl\" \/>\n\t<meta name=\"twitter:label2\" content=\"Tiempo de lectura\" \/>\n\t<meta name=\"twitter:data2\" content=\"7 minutos\" \/>\n<script type=\"application\/ld+json\" class=\"yoast-schema-graph\">{\"@context\":\"https:\\\/\\\/schema.org\",\"@graph\":[{\"@type\":\"Article\",\"@id\":\"https:\\\/\\\/cklcomunicaciones.es\\\/coop\\\/noticias-info-ckl-no-2658-16-02-22\\\/#article\",\"isPartOf\":{\"@id\":\"https:\\\/\\\/cklcomunicaciones.es\\\/coop\\\/noticias-info-ckl-no-2658-16-02-22\\\/\"},\"author\":{\"name\":\"ckl\",\"@id\":\"https:\\\/\\\/cklcomunicaciones.es\\\/coop\\\/#\\\/schema\\\/person\\\/929a6837f7626450bbb50cee1aef266e\"},\"headline\":\"Noticias Info CKL n\u00ba 2658-16\\\/02\\\/22\",\"datePublished\":\"2022-02-16T13:37:22+00:00\",\"dateModified\":\"2025-02-09T12:08:57+00:00\",\"mainEntityOfPage\":{\"@id\":\"https:\\\/\\\/cklcomunicaciones.es\\\/coop\\\/noticias-info-ckl-no-2658-16-02-22\\\/\"},\"wordCount\":1330,\"image\":{\"@id\":\"https:\\\/\\\/cklcomunicaciones.es\\\/coop\\\/noticias-info-ckl-no-2658-16-02-22\\\/#primaryimage\"},\"thumbnailUrl\":\"https:\\\/\\\/cklcomunicaciones.es\\\/coop\\\/wp-content\\\/uploads\\\/2025\\\/01\\\/CKL-una-mirada-distinta-de-la-comunicacion.jpg\",\"keywords\":[\"COVID19\",\"mujeres\"],\"articleSection\":[\"Newsletter\",\"Nwl v3.0\"],\"inLanguage\":\"es\"},{\"@type\":\"WebPage\",\"@id\":\"https:\\\/\\\/cklcomunicaciones.es\\\/coop\\\/noticias-info-ckl-no-2658-16-02-22\\\/\",\"url\":\"https:\\\/\\\/cklcomunicaciones.es\\\/coop\\\/noticias-info-ckl-no-2658-16-02-22\\\/\",\"name\":\"Noticias Info CKL n\u00ba 2658-16\\\/02\\\/22 -Comunicar con perspectiva de g\u00e9nero\",\"isPartOf\":{\"@id\":\"https:\\\/\\\/cklcomunicaciones.es\\\/coop\\\/#website\"},\"primaryImageOfPage\":{\"@id\":\"https:\\\/\\\/cklcomunicaciones.es\\\/coop\\\/noticias-info-ckl-no-2658-16-02-22\\\/#primaryimage\"},\"image\":{\"@id\":\"https:\\\/\\\/cklcomunicaciones.es\\\/coop\\\/noticias-info-ckl-no-2658-16-02-22\\\/#primaryimage\"},\"thumbnailUrl\":\"https:\\\/\\\/cklcomunicaciones.es\\\/coop\\\/wp-content\\\/uploads\\\/2025\\\/01\\\/CKL-una-mirada-distinta-de-la-comunicacion.jpg\",\"datePublished\":\"2022-02-16T13:37:22+00:00\",\"dateModified\":\"2025-02-09T12:08:57+00:00\",\"author\":{\"@id\":\"https:\\\/\\\/cklcomunicaciones.es\\\/coop\\\/#\\\/schema\\\/person\\\/929a6837f7626450bbb50cee1aef266e\"},\"description\":\"2022: un a\u00f1o lleno de desaf\u00edos para las mujeres * La pandemia dispara el n\u00famero de opositores, la mayor\u00eda mujeres con experiencia laboral previa * Isabel Mu\u00f1oz ingresa en la Real Academia de Bellas Artes de San Fernando * No m\u00e1s faldas para ir a jugar al parque\",\"breadcrumb\":{\"@id\":\"https:\\\/\\\/cklcomunicaciones.es\\\/coop\\\/noticias-info-ckl-no-2658-16-02-22\\\/#breadcrumb\"},\"inLanguage\":\"es\",\"potentialAction\":[{\"@type\":\"ReadAction\",\"target\":[\"https:\\\/\\\/cklcomunicaciones.es\\\/coop\\\/noticias-info-ckl-no-2658-16-02-22\\\/\"]}]},{\"@type\":\"ImageObject\",\"inLanguage\":\"es\",\"@id\":\"https:\\\/\\\/cklcomunicaciones.es\\\/coop\\\/noticias-info-ckl-no-2658-16-02-22\\\/#primaryimage\",\"url\":\"https:\\\/\\\/cklcomunicaciones.es\\\/coop\\\/wp-content\\\/uploads\\\/2025\\\/01\\\/CKL-una-mirada-distinta-de-la-comunicacion.jpg\",\"contentUrl\":\"https:\\\/\\\/cklcomunicaciones.es\\\/coop\\\/wp-content\\\/uploads\\\/2025\\\/01\\\/CKL-una-mirada-distinta-de-la-comunicacion.jpg\",\"width\":1482,\"height\":775,\"caption\":\"CKL - una mirada distinta de la comunicacion\"},{\"@type\":\"BreadcrumbList\",\"@id\":\"https:\\\/\\\/cklcomunicaciones.es\\\/coop\\\/noticias-info-ckl-no-2658-16-02-22\\\/#breadcrumb\",\"itemListElement\":[{\"@type\":\"ListItem\",\"position\":1,\"name\":\"Portada\",\"item\":\"https:\\\/\\\/cklcomunicaciones.es\\\/coop\\\/\"},{\"@type\":\"ListItem\",\"position\":2,\"name\":\"Noticias Info CKL n\u00ba 2658-16\\\/02\\\/22\"}]},{\"@type\":\"WebSite\",\"@id\":\"https:\\\/\\\/cklcomunicaciones.es\\\/coop\\\/#website\",\"url\":\"https:\\\/\\\/cklcomunicaciones.es\\\/coop\\\/\",\"name\":\"CKL Comunicaciones\",\"description\":\"Sitio web de CKL Comunicaciones coop , la consultora de comunicaci\u00f3n y estrategia\",\"potentialAction\":[{\"@type\":\"SearchAction\",\"target\":{\"@type\":\"EntryPoint\",\"urlTemplate\":\"https:\\\/\\\/cklcomunicaciones.es\\\/coop\\\/?s={search_term_string}\"},\"query-input\":{\"@type\":\"PropertyValueSpecification\",\"valueRequired\":true,\"valueName\":\"search_term_string\"}}],\"inLanguage\":\"es\"},{\"@type\":\"Person\",\"@id\":\"https:\\\/\\\/cklcomunicaciones.es\\\/coop\\\/#\\\/schema\\\/person\\\/929a6837f7626450bbb50cee1aef266e\",\"name\":\"ckl\",\"image\":{\"@type\":\"ImageObject\",\"inLanguage\":\"es\",\"@id\":\"https:\\\/\\\/secure.gravatar.com\\\/avatar\\\/c82db564e8a669bf6023357a157b9dc4780f4d4c618f2ad1d71a6a5dede45057?s=96&d=mm&r=g\",\"url\":\"https:\\\/\\\/secure.gravatar.com\\\/avatar\\\/c82db564e8a669bf6023357a157b9dc4780f4d4c618f2ad1d71a6a5dede45057?s=96&d=mm&r=g\",\"contentUrl\":\"https:\\\/\\\/secure.gravatar.com\\\/avatar\\\/c82db564e8a669bf6023357a157b9dc4780f4d4c618f2ad1d71a6a5dede45057?s=96&d=mm&r=g\",\"caption\":\"ckl\"},\"url\":\"https:\\\/\\\/cklcomunicaciones.es\\\/coop\\\/author\\\/cklcomunicaciones\\\/\"}]}<\/script>\n<!-- \/ Yoast SEO plugin. -->","yoast_head_json":{"title":"Noticias Info CKL n\u00ba 2658-16\/02\/22 -Comunicar con perspectiva de g\u00e9nero","description":"2022: un a\u00f1o lleno de desaf\u00edos para las mujeres * La pandemia dispara el n\u00famero de opositores, la mayor\u00eda mujeres con experiencia laboral previa * Isabel Mu\u00f1oz ingresa en la Real Academia de Bellas Artes de San Fernando * No m\u00e1s faldas para ir a jugar al parque","robots":{"index":"index","follow":"follow","max-snippet":"max-snippet:-1","max-image-preview":"max-image-preview:large","max-video-preview":"max-video-preview:-1"},"canonical":"https:\/\/cklcomunicaciones.es\/coop\/noticias-info-ckl-no-2658-16-02-22\/","og_locale":"es_ES","og_type":"article","og_title":"Noticias Info CKL n\u00ba 2658-16\/02\/22 -Comunicar con perspectiva de g\u00e9nero","og_description":"2022: un a\u00f1o lleno de desaf\u00edos para las mujeres * La pandemia dispara el n\u00famero de opositores, la mayor\u00eda mujeres con experiencia laboral previa * Isabel Mu\u00f1oz ingresa en la Real Academia de Bellas Artes de San Fernando * No m\u00e1s faldas para ir a jugar al parque","og_url":"https:\/\/cklcomunicaciones.es\/coop\/noticias-info-ckl-no-2658-16-02-22\/","og_site_name":"CKL Comunicaciones","article_published_time":"2022-02-16T13:37:22+00:00","article_modified_time":"2025-02-09T12:08:57+00:00","og_image":[{"width":1482,"height":775,"url":"https:\/\/cklcomunicaciones.es\/coop\/wp-content\/uploads\/2025\/01\/CKL-una-mirada-distinta-de-la-comunicacion.jpg","type":"image\/jpeg"}],"author":"ckl","twitter_card":"summary_large_image","twitter_misc":{"Escrito por":"ckl","Tiempo de lectura":"7 minutos"},"schema":{"@context":"https:\/\/schema.org","@graph":[{"@type":"Article","@id":"https:\/\/cklcomunicaciones.es\/coop\/noticias-info-ckl-no-2658-16-02-22\/#article","isPartOf":{"@id":"https:\/\/cklcomunicaciones.es\/coop\/noticias-info-ckl-no-2658-16-02-22\/"},"author":{"name":"ckl","@id":"https:\/\/cklcomunicaciones.es\/coop\/#\/schema\/person\/929a6837f7626450bbb50cee1aef266e"},"headline":"Noticias Info CKL n\u00ba 2658-16\/02\/22","datePublished":"2022-02-16T13:37:22+00:00","dateModified":"2025-02-09T12:08:57+00:00","mainEntityOfPage":{"@id":"https:\/\/cklcomunicaciones.es\/coop\/noticias-info-ckl-no-2658-16-02-22\/"},"wordCount":1330,"image":{"@id":"https:\/\/cklcomunicaciones.es\/coop\/noticias-info-ckl-no-2658-16-02-22\/#primaryimage"},"thumbnailUrl":"https:\/\/cklcomunicaciones.es\/coop\/wp-content\/uploads\/2025\/01\/CKL-una-mirada-distinta-de-la-comunicacion.jpg","keywords":["COVID19","mujeres"],"articleSection":["Newsletter","Nwl v3.0"],"inLanguage":"es"},{"@type":"WebPage","@id":"https:\/\/cklcomunicaciones.es\/coop\/noticias-info-ckl-no-2658-16-02-22\/","url":"https:\/\/cklcomunicaciones.es\/coop\/noticias-info-ckl-no-2658-16-02-22\/","name":"Noticias Info CKL n\u00ba 2658-16\/02\/22 -Comunicar con perspectiva de g\u00e9nero","isPartOf":{"@id":"https:\/\/cklcomunicaciones.es\/coop\/#website"},"primaryImageOfPage":{"@id":"https:\/\/cklcomunicaciones.es\/coop\/noticias-info-ckl-no-2658-16-02-22\/#primaryimage"},"image":{"@id":"https:\/\/cklcomunicaciones.es\/coop\/noticias-info-ckl-no-2658-16-02-22\/#primaryimage"},"thumbnailUrl":"https:\/\/cklcomunicaciones.es\/coop\/wp-content\/uploads\/2025\/01\/CKL-una-mirada-distinta-de-la-comunicacion.jpg","datePublished":"2022-02-16T13:37:22+00:00","dateModified":"2025-02-09T12:08:57+00:00","author":{"@id":"https:\/\/cklcomunicaciones.es\/coop\/#\/schema\/person\/929a6837f7626450bbb50cee1aef266e"},"description":"2022: un a\u00f1o lleno de desaf\u00edos para las mujeres * La pandemia dispara el n\u00famero de opositores, la mayor\u00eda mujeres con experiencia laboral previa * Isabel Mu\u00f1oz ingresa en la Real Academia de Bellas Artes de San Fernando * No m\u00e1s faldas para ir a jugar al parque","breadcrumb":{"@id":"https:\/\/cklcomunicaciones.es\/coop\/noticias-info-ckl-no-2658-16-02-22\/#breadcrumb"},"inLanguage":"es","potentialAction":[{"@type":"ReadAction","target":["https:\/\/cklcomunicaciones.es\/coop\/noticias-info-ckl-no-2658-16-02-22\/"]}]},{"@type":"ImageObject","inLanguage":"es","@id":"https:\/\/cklcomunicaciones.es\/coop\/noticias-info-ckl-no-2658-16-02-22\/#primaryimage","url":"https:\/\/cklcomunicaciones.es\/coop\/wp-content\/uploads\/2025\/01\/CKL-una-mirada-distinta-de-la-comunicacion.jpg","contentUrl":"https:\/\/cklcomunicaciones.es\/coop\/wp-content\/uploads\/2025\/01\/CKL-una-mirada-distinta-de-la-comunicacion.jpg","width":1482,"height":775,"caption":"CKL - una mirada distinta de la comunicacion"},{"@type":"BreadcrumbList","@id":"https:\/\/cklcomunicaciones.es\/coop\/noticias-info-ckl-no-2658-16-02-22\/#breadcrumb","itemListElement":[{"@type":"ListItem","position":1,"name":"Portada","item":"https:\/\/cklcomunicaciones.es\/coop\/"},{"@type":"ListItem","position":2,"name":"Noticias Info CKL n\u00ba 2658-16\/02\/22"}]},{"@type":"WebSite","@id":"https:\/\/cklcomunicaciones.es\/coop\/#website","url":"https:\/\/cklcomunicaciones.es\/coop\/","name":"CKL Comunicaciones","description":"Sitio web de CKL Comunicaciones coop , la consultora de comunicaci\u00f3n y estrategia","potentialAction":[{"@type":"SearchAction","target":{"@type":"EntryPoint","urlTemplate":"https:\/\/cklcomunicaciones.es\/coop\/?s={search_term_string}"},"query-input":{"@type":"PropertyValueSpecification","valueRequired":true,"valueName":"search_term_string"}}],"inLanguage":"es"},{"@type":"Person","@id":"https:\/\/cklcomunicaciones.es\/coop\/#\/schema\/person\/929a6837f7626450bbb50cee1aef266e","name":"ckl","image":{"@type":"ImageObject","inLanguage":"es","@id":"https:\/\/secure.gravatar.com\/avatar\/c82db564e8a669bf6023357a157b9dc4780f4d4c618f2ad1d71a6a5dede45057?s=96&d=mm&r=g","url":"https:\/\/secure.gravatar.com\/avatar\/c82db564e8a669bf6023357a157b9dc4780f4d4c618f2ad1d71a6a5dede45057?s=96&d=mm&r=g","contentUrl":"https:\/\/secure.gravatar.com\/avatar\/c82db564e8a669bf6023357a157b9dc4780f4d4c618f2ad1d71a6a5dede45057?s=96&d=mm&r=g","caption":"ckl"},"url":"https:\/\/cklcomunicaciones.es\/coop\/author\/cklcomunicaciones\/"}]}},"_links":{"self":[{"href":"https:\/\/cklcomunicaciones.es\/coop\/wp-json\/wp\/v2\/posts\/15844","targetHints":{"allow":["GET"]}}],"collection":[{"href":"https:\/\/cklcomunicaciones.es\/coop\/wp-json\/wp\/v2\/posts"}],"about":[{"href":"https:\/\/cklcomunicaciones.es\/coop\/wp-json\/wp\/v2\/types\/post"}],"author":[{"embeddable":true,"href":"https:\/\/cklcomunicaciones.es\/coop\/wp-json\/wp\/v2\/users\/3"}],"replies":[{"embeddable":true,"href":"https:\/\/cklcomunicaciones.es\/coop\/wp-json\/wp\/v2\/comments?post=15844"}],"version-history":[{"count":0,"href":"https:\/\/cklcomunicaciones.es\/coop\/wp-json\/wp\/v2\/posts\/15844\/revisions"}],"wp:featuredmedia":[{"embeddable":true,"href":"https:\/\/cklcomunicaciones.es\/coop\/wp-json\/wp\/v2\/media\/22909"}],"wp:attachment":[{"href":"https:\/\/cklcomunicaciones.es\/coop\/wp-json\/wp\/v2\/media?parent=15844"}],"wp:term":[{"taxonomy":"category","embeddable":true,"href":"https:\/\/cklcomunicaciones.es\/coop\/wp-json\/wp\/v2\/categories?post=15844"},{"taxonomy":"post_tag","embeddable":true,"href":"https:\/\/cklcomunicaciones.es\/coop\/wp-json\/wp\/v2\/tags?post=15844"}],"curies":[{"name":"wp","href":"https:\/\/api.w.org\/{rel}","templated":true}]}}