{"id":15684,"date":"2021-12-13T15:11:52","date_gmt":"2021-12-13T14:11:52","guid":{"rendered":"https:\/\/www.cklcomunicaciones.es\/?p=15684"},"modified":"2025-02-09T18:25:16","modified_gmt":"2025-02-09T17:25:16","slug":"noticias-info-ckl-no-2-2641-13-12-21","status":"publish","type":"post","link":"https:\/\/cklcomunicaciones.es\/coop\/noticias-info-ckl-no-2-2641-13-12-21\/","title":{"rendered":"Noticias Info CKL n\u00ba 2641-13\/12\/21"},"content":{"rendered":"<div class=\"fusion-fullwidth fullwidth-box fusion-builder-row-1 fusion-flex-container nonhundred-percent-fullwidth non-hundred-percent-height-scrolling\" style=\"--awb-border-radius-top-left:0px;--awb-border-radius-top-right:0px;--awb-border-radius-bottom-right:0px;--awb-border-radius-bottom-left:0px;--awb-flex-wrap:wrap;\" ><div class=\"fusion-builder-row fusion-row fusion-flex-align-items-flex-start fusion-flex-content-wrap\" style=\"max-width:1248px;margin-left: calc(-4% \/ 2 );margin-right: calc(-4% \/ 2 );\"><div class=\"fusion-layout-column fusion_builder_column fusion-builder-column-0 fusion_builder_column_1_1 1_1 fusion-flex-column\" style=\"--awb-bg-blend:overlay;--awb-bg-size:cover;--awb-width-large:100%;--awb-margin-top-large:0px;--awb-spacing-right-large:1.92%;--awb-margin-bottom-large:0px;--awb-spacing-left-large:1.92%;--awb-width-medium:100%;--awb-spacing-right-medium:1.92%;--awb-spacing-left-medium:1.92%;--awb-width-small:100%;--awb-spacing-right-small:1.92%;--awb-spacing-left-small:1.92%;\"><div class=\"fusion-column-wrapper fusion-flex-justify-content-flex-start fusion-content-layout-column\"><div class=\"fusion-text fusion-text-1\"><h1>Comunicaci\u00f3n, Publicidad y TICs<\/h1>\n<div id=\"\" class=\"lsow-panel lsow-active\">\n<div class=\"lsow-panel-content\">\n<p><a href=\"https:\/\/www.google.com\/url?rct=j&amp;sa=t&amp;url=https:\/\/www.europapress.es\/epsocial\/igualdad\/noticia-garzon-descarta-normativa-regular-publicidad-juguetes-infantiles-campana-huelgadejuguetes-20211210111402.html&amp;ct=ga&amp;cd=CAEYASoUMTIwNTg2MDYyMzMwMDc2NzIwOTgyGTU5ZDc4MTcxMzZhMmQwMjg6ZXM6ZXM6RVM&amp;usg=AFQjCNH6KclGg9W-vzYMM4b0uz11W46oxQ\" target=\"_blank\" rel=\"noopener\" data-saferedirecturl=\"https:\/\/www.google.com\/url?q=https:\/\/www.google.com\/url?rct%3Dj%26sa%3Dt%26url%3Dhttps:\/\/www.europapress.es\/epsocial\/igualdad\/noticia-garzon-descarta-normativa-regular-publicidad-juguetes-infantiles-campana-huelgadejuguetes-20211210111402.html%26ct%3Dga%26cd%3DCAEYASoUMTIwNTg2MDYyMzMwMDc2NzIwOTgyGTU5ZDc4MTcxMzZhMmQwMjg6ZXM6ZXM6RVM%26usg%3DAFQjCNH6KclGg9W-vzYMM4b0uz11W46oxQ&amp;source=gmail&amp;ust=1639471810846000&amp;usg=AOvVaw02MMuW2Mfu8U9YEqFpasi4\">Garz\u00f3n descarta una normativa para regular la publicidad en los juguetes infantiles tras la campa\u00f1a &#8230;-\u00a0<\/a><a>Europa Press<br \/>\n<\/a><a href=\"https:\/\/www.google.com\/url?rct=j&amp;sa=t&amp;url=https:\/\/www.lainformacion.com\/empresas\/elena-puertolas-designada-nueva-directora-diario-alto-aragon\/2855534\/&amp;ct=ga&amp;cd=CAEYBSoTODA0MDEyMTQ3MzY2ODk0NDYyNzIZYzAzNzJlYmMyZmVhZGE1OTplczplczpFUw&amp;usg=AFQjCNEEEb0nu1WcxqKP4uTQKSDs9Ra7lA\" target=\"_blank\" rel=\"noopener\" data-saferedirecturl=\"https:\/\/www.google.com\/url?q=https:\/\/www.google.com\/url?rct%3Dj%26sa%3Dt%26url%3Dhttps:\/\/www.lainformacion.com\/empresas\/elena-puertolas-designada-nueva-directora-diario-alto-aragon\/2855534\/%26ct%3Dga%26cd%3DCAEYBSoTODA0MDEyMTQ3MzY2ODk0NDYyNzIZYzAzNzJlYmMyZmVhZGE1OTplczplczpFUw%26usg%3DAFQjCNEEEb0nu1WcxqKP4uTQKSDs9Ra7lA&amp;source=gmail&amp;ust=1639471809522000&amp;usg=AOvVaw1t41Dtbw392ifoZ9iULa0n\">Elena Pu\u00e9rtolas, designada como nueva directora del Diario del AltoArag\u00f3n &#8211;\u00a0<\/a><a>La Informaci\u00f3n<br \/>\n<\/a><a href=\"https:\/\/www.google.com\/url?rct=j&amp;sa=t&amp;url=https:\/\/www.efe.com\/efe\/castillayleon\/portada\/barcones-ve-papel-de-los-medios-informativos-insustituible-en-la-lucha-contra-violencia-genero\/50000470-4695789&amp;ct=ga&amp;cd=CAEYCSoTNDc1Mjg5MTk3Nzk5MjA2OTEwNzIZZTFlNzdkMTU2MDk4YThlMzplczplczpFUw&amp;usg=AFQjCNGY8QRR8k5NtB6a1rInzrZfGaA8_Q\" target=\"_blank\" rel=\"noopener\" data-saferedirecturl=\"https:\/\/www.google.com\/url?q=https:\/\/www.google.com\/url?rct%3Dj%26sa%3Dt%26url%3Dhttps:\/\/www.efe.com\/efe\/castillayleon\/portada\/barcones-ve-papel-de-los-medios-informativos-insustituible-en-la-lucha-contra-violencia-genero\/50000470-4695789%26ct%3Dga%26cd%3DCAEYCSoTNDc1Mjg5MTk3Nzk5MjA2OTEwNzIZZTFlNzdkMTU2MDk4YThlMzplczplczpFUw%26usg%3DAFQjCNGY8QRR8k5NtB6a1rInzrZfGaA8_Q&amp;source=gmail&amp;ust=1639471807041000&amp;usg=AOvVaw07_k1wZGl2UyXquasr1Acq\">Barcones ve papel de los medios informativos \u00abinsustituible\u00bb en la lucha contra la violencia &#8230;-\u00a0<\/a><a>Agencia EFE<br \/>\n<\/a><a href=\"https:\/\/www.google.com\/url?rct=j&amp;sa=t&amp;url=https:\/\/www.diariosigloxxi.com\/texto-s\/mostrar\/435910\/unaf-presenta-campana-ni-jugueto-ni-jugueta-concienciar-contra-estereotipos-genero-regalar-juguetes&amp;ct=ga&amp;cd=CAEYCCoSMjQ4NDg0NDY4MzEwMDUzMzE1MhljMDM3MmViYzJmZWFkYTU5OmVzOmVzOkVT&amp;usg=AFQjCNErXbZsx3PWItO77w6J-by4lsVfCg\" target=\"_blank\" rel=\"noopener\" data-saferedirecturl=\"https:\/\/www.google.com\/url?q=https:\/\/www.google.com\/url?rct%3Dj%26sa%3Dt%26url%3Dhttps:\/\/www.diariosigloxxi.com\/texto-s\/mostrar\/435910\/unaf-presenta-campana-ni-jugueto-ni-jugueta-concienciar-contra-estereotipos-genero-regalar-juguetes%26ct%3Dga%26cd%3DCAEYCCoSMjQ4NDg0NDY4MzEwMDUzMzE1MhljMDM3MmViYzJmZWFkYTU5OmVzOmVzOkVT%26usg%3DAFQjCNErXbZsx3PWItO77w6J-by4lsVfCg&amp;source=gmail&amp;ust=1639471804748000&amp;usg=AOvVaw3h38ciFtDsuIHLv_xbbsaO\">Unaf presenta la campa\u00f1a &#8216;Ni jugueto, ni jugueta&#8217; para concienciar contra los estereotipos &#8230;-\u00a0<\/a><a>Diario Siglo XXI<br \/>\n<\/a><a href=\"https:\/\/www.google.com\/url?rct=j&amp;sa=t&amp;url=https:\/\/www.farodevigo.es\/pontevedra\/2021\/12\/13\/ciberdating-o-control-pareja-traves-60596814.html&amp;ct=ga&amp;cd=CAEYACoUMTczNzA2MTQ0MjU5MDcyNDU2NjcyGWUxZTc3ZDE1NjA5OGE4ZTM6ZXM6ZXM6RVM&amp;usg=AFQjCNE4aFsf1BRlgvkldztZgO8sf7VcnQ\" target=\"_blank\" rel=\"noopener\" data-saferedirecturl=\"https:\/\/www.google.com\/url?q=https:\/\/www.google.com\/url?rct%3Dj%26sa%3Dt%26url%3Dhttps:\/\/www.farodevigo.es\/pontevedra\/2021\/12\/13\/ciberdating-o-control-pareja-traves-60596814.html%26ct%3Dga%26cd%3DCAEYACoUMTczNzA2MTQ0MjU5MDcyNDU2NjcyGWUxZTc3ZDE1NjA5OGE4ZTM6ZXM6ZXM6RVM%26usg%3DAFQjCNE4aFsf1BRlgvkldztZgO8sf7VcnQ&amp;source=gmail&amp;ust=1639471804980000&amp;usg=AOvVaw1Mjodg0rI0bYzw6K2hJAny\">\u00abCiberdating\u201d, o el control de la pareja a trav\u00e9s de las TIC &#8211;\u00a0<\/a><a>Faro de Vigo<\/a><\/p>\n<\/div>\n<\/div>\n<div id=\"\" class=\"lsow-panel lsow-active\">\n<h1 class=\"lsow-panel-title\">Andaluc\u00eda<\/h1>\n<div class=\"lsow-panel-content\">\n<p><strong>Institucional<\/strong><\/p>\n<p><a title=\"La Junta insta a aprovechar los cambios sociales de la era Covid-19 para frenar la despoblaci\u00f3n rural\" href=\"https:\/\/www.juntadeandalucia.es\/presidencia\/portavoz\/gobiernoaldia\/167410\/AdministracionLocal\/Mundorural\/Despoblacion\/Ayudas\/Covid19\/Digitalizacion\">La Junta insta a aprovechar los cambios sociales de la era Covid-19 para frenar la despoblaci\u00f3n rural-<\/a>europapress<\/p>\n<p><strong>Econom\u00eda y Empresas<br \/>\n<\/strong><a class=\"title\" href=\"https:\/\/www.europapress.es\/andalucia\/noticia-programa-impulsa-mujeres-endesa-fundacion-mashumano-forma-67-mujeres-desempleadas-andalucia-extremadura-20211213135330.html\" target=\"_blank\" rel=\"noopener\" data-artpy=\"0\" data-author=\"Europa Press\">El programa Impulsa Mujeres de Endesa y Fundaci\u00f3n m\u00e1shumano forma a 67 mujeres desempleadas en Andaluc\u00eda-<\/a>europapress<strong><br \/>\n<\/strong><a href=\"https:\/\/www.google.com\/url?rct=j&amp;sa=t&amp;url=https:\/\/www.huelvainformacion.es\/huelva\/empresaria-Cristina-Corchero-emprendedora-Cataluna_0_1635736771.html&amp;ct=ga&amp;cd=CAEYAioTNDc4NTU2MjU4NjY1MjQ5NjM0OTIZYzAzNzJlYmMyZmVhZGE1OTplczplczpFUw&amp;usg=AFQjCNHJbvMnbfMGwupO1HeL0ZQYmHl0LQ\" target=\"_blank\" rel=\"noopener\" data-saferedirecturl=\"https:\/\/www.google.com\/url?q=https:\/\/www.google.com\/url?rct%3Dj%26sa%3Dt%26url%3Dhttps:\/\/www.huelvainformacion.es\/huelva\/empresaria-Cristina-Corchero-emprendedora-Cataluna_0_1635736771.html%26ct%3Dga%26cd%3DCAEYAioTNDc4NTU2MjU4NjY1MjQ5NjM0OTIZYzAzNzJlYmMyZmVhZGE1OTplczplczpFUw%26usg%3DAFQjCNHJbvMnbfMGwupO1HeL0ZQYmHl0LQ&amp;source=gmail&amp;ust=1639471809616000&amp;usg=AOvVaw2gRAUDxAfxCJWwT0lC7LdX\">Cristina Corchero, de ra\u00edces onubenses, es nombrada mujer emprendedora 2021 en Catalu\u00f1a-<\/a><a>Huelva Informaci\u00f3n<br \/>\n<\/a><a href=\"https:\/\/www.google.com\/url?rct=j&amp;sa=t&amp;url=https:\/\/www.diariodesevilla.es\/empresas-al-dia\/Agrobank-empresas-internacionales-proyectos-Espana_0_1637836857.html&amp;ct=ga&amp;cd=CAEYACoUMTI3MjUzNzg1ODA2OTgzNDM3MjIyGWQ3OGU1ODc1YTBmMWYyYWM6ZXM6ZXM6RVM&amp;usg=AFQjCNGCuXrWWmEFfBamfEoP9sHqbSARCw\" target=\"_blank\" rel=\"noopener\" data-saferedirecturl=\"https:\/\/www.google.com\/url?q=https:\/\/www.google.com\/url?rct%3Dj%26sa%3Dt%26url%3Dhttps:\/\/www.diariodesevilla.es\/empresas-al-dia\/Agrobank-empresas-internacionales-proyectos-Espana_0_1637836857.html%26ct%3Dga%26cd%3DCAEYACoUMTI3MjUzNzg1ODA2OTgzNDM3MjIyGWQ3OGU1ODc1YTBmMWYyYWM6ZXM6ZXM6RVM%26usg%3DAFQjCNGCuXrWWmEFfBamfEoP9sHqbSARCw&amp;source=gmail&amp;ust=1639484533331000&amp;usg=AOvVaw2lD9ywKeKZjrwGV_ZkyiT0\">Agrobank impulsa a las empresas agrotech internacionales con proyectos en Espa\u00f1a-\u00a0<\/a><a>Diario de Sevilla<\/a><\/p>\n<p><strong>Actualidad<br \/>\n<\/strong><a href=\"https:\/\/www.google.com\/url?rct=j&amp;sa=t&amp;url=https:\/\/cordopolis.eldiario.es\/mas-noticias\/500-mujeres-espana-debaten-cordoba-labor-prevencion-erradiacion-violencia_1_8569400.html&amp;ct=ga&amp;cd=CAEYBCoTNzM3NDg3OTM4MTE2OTI2MTg2NzIbOWFiMWNkZDdlMzY2ZWYzODplczplczpFUzpS&amp;usg=AFQjCNFKBgODmPkBZyBCSZaIs7Jkr0wr-Q\" target=\"_blank\" rel=\"noopener\" data-saferedirecturl=\"https:\/\/www.google.com\/url?q=https:\/\/www.google.com\/url?rct%3Dj%26sa%3Dt%26url%3Dhttps:\/\/cordopolis.eldiario.es\/mas-noticias\/500-mujeres-espana-debaten-cordoba-labor-prevencion-erradiacion-violencia_1_8569400.html%26ct%3Dga%26cd%3DCAEYBCoTNzM3NDg3OTM4MTE2OTI2MTg2NzIbOWFiMWNkZDdlMzY2ZWYzODplczplczpFUzpS%26usg%3DAFQjCNFKBgODmPkBZyBCSZaIs7Jkr0wr-Q&amp;source=gmail&amp;ust=1639480655470000&amp;usg=AOvVaw1-KKorZ6sYMdexrnW3XQdF\">M\u00e1s de 500\u00a0<\/a><a href=\"https:\/\/www.google.com\/url?rct=j&amp;sa=t&amp;url=https:\/\/cordopolis.eldiario.es\/mas-noticias\/500-mujeres-espana-debaten-cordoba-labor-prevencion-erradiacion-violencia_1_8569400.html&amp;ct=ga&amp;cd=CAEYBCoTNzM3NDg3OTM4MTE2OTI2MTg2NzIbOWFiMWNkZDdlMzY2ZWYzODplczplczpFUzpS&amp;usg=AFQjCNFKBgODmPkBZyBCSZaIs7Jkr0wr-Q\" target=\"_blank\" rel=\"noopener\" data-saferedirecturl=\"https:\/\/www.google.com\/url?q=https:\/\/www.google.com\/url?rct%3Dj%26sa%3Dt%26url%3Dhttps:\/\/cordopolis.eldiario.es\/mas-noticias\/500-mujeres-espana-debaten-cordoba-labor-prevencion-erradiacion-violencia_1_8569400.html%26ct%3Dga%26cd%3DCAEYBCoTNzM3NDg3OTM4MTE2OTI2MTg2NzIbOWFiMWNkZDdlMzY2ZWYzODplczplczpFUzpS%26usg%3DAFQjCNFKBgODmPkBZyBCSZaIs7Jkr0wr-Q&amp;source=gmail&amp;ust=1639480655470000&amp;usg=AOvVaw1-KKorZ6sYMdexrnW3XQdF\">mujeres<\/a><a href=\"https:\/\/www.google.com\/url?rct=j&amp;sa=t&amp;url=https:\/\/cordopolis.eldiario.es\/mas-noticias\/500-mujeres-espana-debaten-cordoba-labor-prevencion-erradiacion-violencia_1_8569400.html&amp;ct=ga&amp;cd=CAEYBCoTNzM3NDg3OTM4MTE2OTI2MTg2NzIbOWFiMWNkZDdlMzY2ZWYzODplczplczpFUzpS&amp;usg=AFQjCNFKBgODmPkBZyBCSZaIs7Jkr0wr-Q\" target=\"_blank\" rel=\"noopener\" data-saferedirecturl=\"https:\/\/www.google.com\/url?q=https:\/\/www.google.com\/url?rct%3Dj%26sa%3Dt%26url%3Dhttps:\/\/cordopolis.eldiario.es\/mas-noticias\/500-mujeres-espana-debaten-cordoba-labor-prevencion-erradiacion-violencia_1_8569400.html%26ct%3Dga%26cd%3DCAEYBCoTNzM3NDg3OTM4MTE2OTI2MTg2NzIbOWFiMWNkZDdlMzY2ZWYzODplczplczpFUzpS%26usg%3DAFQjCNFKBgODmPkBZyBCSZaIs7Jkr0wr-Q&amp;source=gmail&amp;ust=1639480655470000&amp;usg=AOvVaw1-KKorZ6sYMdexrnW3XQdF\">\u00a0debaten en C\u00f3rdoba sobre la labor de prevenci\u00f3n y erradiaci\u00f3n de la violencia<\/a><strong><a href=\"https:\/\/www.google.com\/url?rct=j&amp;sa=t&amp;url=https:\/\/cordopolis.eldiario.es\/mas-noticias\/500-mujeres-espana-debaten-cordoba-labor-prevencion-erradiacion-violencia_1_8569400.html&amp;ct=ga&amp;cd=CAEYBCoTNzM3NDg3OTM4MTE2OTI2MTg2NzIbOWFiMWNkZDdlMzY2ZWYzODplczplczpFUzpS&amp;usg=AFQjCNFKBgODmPkBZyBCSZaIs7Jkr0wr-Q\" target=\"_blank\" rel=\"noopener\" data-saferedirecturl=\"https:\/\/www.google.com\/url?q=https:\/\/www.google.com\/url?rct%3Dj%26sa%3Dt%26url%3Dhttps:\/\/cordopolis.eldiario.es\/mas-noticias\/500-mujeres-espana-debaten-cordoba-labor-prevencion-erradiacion-violencia_1_8569400.html%26ct%3Dga%26cd%3DCAEYBCoTNzM3NDg3OTM4MTE2OTI2MTg2NzIbOWFiMWNkZDdlMzY2ZWYzODplczplczpFUzpS%26usg%3DAFQjCNFKBgODmPkBZyBCSZaIs7Jkr0wr-Q&amp;source=gmail&amp;ust=1639480655470000&amp;usg=AOvVaw1-KKorZ6sYMdexrnW3XQdF\">&#8211;<\/a><\/strong><a>Cord\u00f3polis<br \/>\n<\/a><a href=\"https:\/\/www.google.com\/url?rct=j&amp;sa=t&amp;url=https:\/\/sevilla.abc.es\/andalucia\/sevi-igualdad-critica-auto-juez-contra-libertad-juana-rivas-y-tacha-violencia-institucional-202112110905_noticia.html&amp;ct=ga&amp;cd=CAEYAyoTNjcxMjk4NzMzNzQyNDg3NDE1OTIZZTJkZWZhN2Q1ZGE5MTU3ZDplczplczpFUw&amp;usg=AFQjCNH9S76jdHrIoDgPo-HiXYnBZ-wKjg\" target=\"_blank\" rel=\"noopener\" data-saferedirecturl=\"https:\/\/www.google.com\/url?q=https:\/\/www.google.com\/url?rct%3Dj%26sa%3Dt%26url%3Dhttps:\/\/sevilla.abc.es\/andalucia\/sevi-igualdad-critica-auto-juez-contra-libertad-juana-rivas-y-tacha-violencia-institucional-202112110905_noticia.html%26ct%3Dga%26cd%3DCAEYAyoTNjcxMjk4NzMzNzQyNDg3NDE1OTIZZTJkZWZhN2Q1ZGE5MTU3ZDplczplczpFUw%26usg%3DAFQjCNH9S76jdHrIoDgPo-HiXYnBZ-wKjg&amp;source=gmail&amp;ust=1639471809030000&amp;usg=AOvVaw1YkwDgrRJ162B7eGZ8VEQH\">Igualdad critica el auto del juez contra la libertad de Juana Rivas y lo tacha de violencia institucional &#8211;<\/a>abcs<a>evilla<br \/>\n<\/a><a title=\"Mindfulness frente al c\u00e1ncer de mama\" href=\"https:\/\/www.juntadeandalucia.es\/presidencia\/portavoz\/salud\/166432\/Salud\/SAS\/AECC\/Cancer\/Terapias\/Talleres\/Mindfulness\">Mindfulness frente al c\u00e1ncer de mama<\/a>-juntadeandalucia<a><br \/>\n<\/a><a href=\"https:\/\/www.google.com\/url?rct=j&amp;sa=t&amp;url=https:\/\/www.canalsur.es\/noticias\/andaluc%25C3%25ADa\/espana-solo-concede-el-5-de-las-peticiones-de-asilo\/1779688.html&amp;ct=ga&amp;cd=CAEYBCoUMTE5MjU3NTY3Mzc1MjYxNDQ3MDYyGWVhOTI1ODA0ZDY3ZjI3YjM6ZXM6ZXM6RVM&amp;usg=AFQjCNE73L7ctim5JJXjRWCre_NY5vPvwQ\" target=\"_blank\" rel=\"noopener\" data-saferedirecturl=\"https:\/\/www.google.com\/url?q=https:\/\/www.google.com\/url?rct%3Dj%26sa%3Dt%26url%3Dhttps:\/\/www.canalsur.es\/noticias\/andaluc%2525C3%2525ADa\/espana-solo-concede-el-5-de-las-peticiones-de-asilo\/1779688.html%26ct%3Dga%26cd%3DCAEYBCoUMTE5MjU3NTY3Mzc1MjYxNDQ3MDYyGWVhOTI1ODA0ZDY3ZjI3YjM6ZXM6ZXM6RVM%26usg%3DAFQjCNE73L7ctim5JJXjRWCre_NY5vPvwQ&amp;source=gmail&amp;ust=1639471809721000&amp;usg=AOvVaw2ctA7NHYOYjY1uoiXASUtl\">Espa\u00f1a s\u00f3lo concede el 5% de las peticiones de asilo\u00bb &#8211;<\/a><a>Canal Sur<br \/>\n<\/a><a href=\"https:\/\/www.google.com\/url?rct=j&amp;sa=t&amp;url=https:\/\/andaluciainformacion.es\/el-puerto\/1014596\/andalucia-atendio-en-2021-a-2795-personas-por-juego-y-otras-adicciones-sin-sustancias\/&amp;ct=ga&amp;cd=CAEYACoTODQxMTk4ODg2OTAyMDQxOTMxOTIZZTJkZWZhN2Q1ZGE5MTU3ZDplczplczpFUw&amp;usg=AFQjCNHBVrWXuyWd1U31iYc7zytNY-qutQ\" target=\"_blank\" rel=\"noopener\" data-saferedirecturl=\"https:\/\/www.google.com\/url?q=https:\/\/www.google.com\/url?rct%3Dj%26sa%3Dt%26url%3Dhttps:\/\/andaluciainformacion.es\/el-puerto\/1014596\/andalucia-atendio-en-2021-a-2795-personas-por-juego-y-otras-adicciones-sin-sustancias\/%26ct%3Dga%26cd%3DCAEYACoTODQxMTk4ODg2OTAyMDQxOTMxOTIZZTJkZWZhN2Q1ZGE5MTU3ZDplczplczpFUw%26usg%3DAFQjCNHBVrWXuyWd1U31iYc7zytNY-qutQ&amp;source=gmail&amp;ust=1639471809139000&amp;usg=AOvVaw074BKYI1rGhHc5MNg8Ec3P\">Andaluc\u00eda atendi\u00f3 en 2021 a 2.795 personas por juego y otras adicciones sin sustancias &#8230;-\u00a0<\/a><a>Andaluc\u00eda Informaci\u00f3n<\/a><\/p>\n<p><strong>Violencias<br \/>\n<\/strong><a href=\"https:\/\/www.google.com\/url?rct=j&amp;sa=t&amp;url=https:\/\/www.europapress.es\/andalucia\/noticia-gobierno-traslada-apoyo-familia-mujer-asesinada-posible-crimen-violencia-genero-20211210154333.html&amp;ct=ga&amp;cd=CAEYACoSOTc1NjM2MDk3NDU3MDEzNjMwMhk1OWQ3ODE3MTM2YTJkMDI4OmVzOmVzOkVT&amp;usg=AFQjCNHiPm2fhoM1XfhlMoqcpoKKSNIgnw\" target=\"_blank\" rel=\"noopener\" data-saferedirecturl=\"https:\/\/www.google.com\/url?q=https:\/\/www.google.com\/url?rct%3Dj%26sa%3Dt%26url%3Dhttps:\/\/www.europapress.es\/andalucia\/noticia-gobierno-traslada-apoyo-familia-mujer-asesinada-posible-crimen-violencia-genero-20211210154333.html%26ct%3Dga%26cd%3DCAEYACoSOTc1NjM2MDk3NDU3MDEzNjMwMhk1OWQ3ODE3MTM2YTJkMDI4OmVzOmVzOkVT%26usg%3DAFQjCNHiPm2fhoM1XfhlMoqcpoKKSNIgnw&amp;source=gmail&amp;ust=1639471810887000&amp;usg=AOvVaw11T7JB42cfP270KlEMT2Sj\">El Gobierno traslada su apoyo a la familia de la mujer asesinada en Granada<\/a><strong>\u00a0&#8211;<\/strong><a>Europa Press<\/a><strong><br \/>\n<\/strong><a href=\"https:\/\/www.google.com\/url?rct=j&amp;sa=t&amp;url=https:\/\/www.lavozdealmeria.com\/noticia\/12\/almeria\/227462\/almeria-provincia-piloto-para-acabar-con-la-trata-de-mujeres-y-ninas&amp;ct=ga&amp;cd=CAEYBioTNzM3NDg3OTM4MTE2OTI2MTg2NzIbOWFiMWNkZDdlMzY2ZWYzODplczplczpFUzpS&amp;usg=AFQjCNEF1iZjekJAfgopOLaep0lQbIL8zw\" target=\"_blank\" rel=\"noopener\" data-saferedirecturl=\"https:\/\/www.google.com\/url?q=https:\/\/www.google.com\/url?rct%3Dj%26sa%3Dt%26url%3Dhttps:\/\/www.lavozdealmeria.com\/noticia\/12\/almeria\/227462\/almeria-provincia-piloto-para-acabar-con-la-trata-de-mujeres-y-ninas%26ct%3Dga%26cd%3DCAEYBioTNzM3NDg3OTM4MTE2OTI2MTg2NzIbOWFiMWNkZDdlMzY2ZWYzODplczplczpFUzpS%26usg%3DAFQjCNEF1iZjekJAfgopOLaep0lQbIL8zw&amp;source=gmail&amp;ust=1639480655470000&amp;usg=AOvVaw1EOgSpbNzj81jJrf-kgo4s\">Almer\u00eda, provincia piloto para acabar con la trata de mujeres y ni\u00f1as-<\/a><a>La Voz de Almer\u00eda<br \/>\n<\/a><a href=\"https:\/\/www.google.com\/url?rct=j&amp;sa=t&amp;url=https:\/\/www.diariodecadiz.es\/chiclana\/exposicion-dia-derechos-humanos-chiclana_0_1636937554.html&amp;ct=ga&amp;cd=CAEYACoUMTY0MjI5NjgzNjkxNjIxMjE5NTcyGTRkYWU4MTYyZThhZjNlODg6ZXM6ZXM6RVM&amp;usg=AFQjCNFZgix_ohf9Tqm7lSWBd0Hzpr2qdw\" target=\"_blank\" rel=\"noopener\" data-saferedirecturl=\"https:\/\/www.google.com\/url?q=https:\/\/www.google.com\/url?rct%3Dj%26sa%3Dt%26url%3Dhttps:\/\/www.diariodecadiz.es\/chiclana\/exposicion-dia-derechos-humanos-chiclana_0_1636937554.html%26ct%3Dga%26cd%3DCAEYACoUMTY0MjI5NjgzNjkxNjIxMjE5NTcyGTRkYWU4MTYyZThhZjNlODg6ZXM6ZXM6RVM%26usg%3DAFQjCNFZgix_ohf9Tqm7lSWBd0Hzpr2qdw&amp;source=gmail&amp;ust=1639471810085000&amp;usg=AOvVaw3CMSJGGpSU4vFf3_J94MPH\">Ayuntamiento y FAMSI organizan una exposici\u00f3n sobre la trata de personas &#8211;<\/a><a>Diario de C\u00e1diz<br \/>\n<\/a><a href=\"https:\/\/www.google.com\/url?rct=j&amp;sa=t&amp;url=https:\/\/www.diariodealmeria.es\/almeria\/Necesito-identidades-violadores-pederastas-asesinos_0_1636938145.html&amp;ct=ga&amp;cd=CAEYASoTMzUwNjk2MTkyMTg1Njk3Njk0MzIbOWFiMWNkZDdlMzY2ZWYzODplczplczpFUzpS&amp;usg=AFQjCNEOEcIe1GPGb7_UBmVFDJZnlqEmdg\" target=\"_blank\" rel=\"noopener\" data-saferedirecturl=\"https:\/\/www.google.com\/url?q=https:\/\/www.google.com\/url?rct%3Dj%26sa%3Dt%26url%3Dhttps:\/\/www.diariodealmeria.es\/almeria\/Necesito-identidades-violadores-pederastas-asesinos_0_1636938145.html%26ct%3Dga%26cd%3DCAEYASoTMzUwNjk2MTkyMTg1Njk3Njk0MzIbOWFiMWNkZDdlMzY2ZWYzODplczplczpFUzpS%26usg%3DAFQjCNEOEcIe1GPGb7_UBmVFDJZnlqEmdg&amp;source=gmail&amp;ust=1639471810024000&amp;usg=AOvVaw0S2OpxVdJq0W87xATShism\">Necesito que las identidades de los violadores, los pederastas y los asesinos se hagan p\u00fablicas\u00bb-\u00a0<\/a><a>Diario de Almer\u00eda<br \/>\n<\/a><a href=\"https:\/\/www.google.com\/url?rct=j&amp;sa=t&amp;url=https:\/\/www.cordobabn.com\/articulo\/nacional\/supremo-rebaja-condena-maltratador\/20211211132355117090.html&amp;ct=ga&amp;cd=CAEYBSoUMTIwNDA1MDkxMTk5MjkzNjA3MTEyGWUyZGVmYTdkNWRhOTE1N2Q6ZXM6ZXM6RVM&amp;usg=AFQjCNFvaQuH1E4fHJf7nnWDmkuJkUd4gA\" target=\"_blank\" rel=\"noopener\" data-saferedirecturl=\"https:\/\/www.google.com\/url?q=https:\/\/www.google.com\/url?rct%3Dj%26sa%3Dt%26url%3Dhttps:\/\/www.cordobabn.com\/articulo\/nacional\/supremo-rebaja-condena-maltratador\/20211211132355117090.html%26ct%3Dga%26cd%3DCAEYBSoUMTIwNDA1MDkxMTk5MjkzNjA3MTEyGWUyZGVmYTdkNWRhOTE1N2Q6ZXM6ZXM6RVM%26usg%3DAFQjCNFvaQuH1E4fHJf7nnWDmkuJkUd4gA&amp;source=gmail&amp;ust=1639471809082000&amp;usg=AOvVaw0l8XpZhb49-mVcVIj2YLBR\">El Supremo rebaja la condena de un maltratador al considerar que no fue reincidente&#8230;-\u00a0<\/a><a>C\u00f3rdoba Buenas Noticias<br \/>\n<\/a><a class=\"title\" href=\"https:\/\/www.canalsur.es\/noticias\/andaluc%C3%ADa\/ocho-mujeres-han-sido-asesinadas-por-violencia-de-genero-este-ano-en-andalucia\/1780740.html\" target=\"_blank\" rel=\"noopener\" data-artpy=\"0\" data-author=\"canalsur.es\">Ocho mujeres han sido asesinadas por violencia de g\u00e9nero este a\u00f1o en Andaluc\u00eda<\/a>-canalsur<a><br \/>\n<\/a><\/p>\n<p><strong>Ciencia y Cultura<br \/>\n<\/strong><a href=\"https:\/\/www.google.com\/url?rct=j&amp;sa=t&amp;url=https:\/\/www.horajaen.com\/2021\/12\/12\/reyes-demanda-una-mayor-presencia-femenina-en-organismos-como-el-instituto-de-estudios-giennenses\/&amp;ct=ga&amp;cd=CAEYBioSMjQ4NDg0NDY4MzEwMDUzMzE1MhljMDM3MmViYzJmZWFkYTU5OmVzOmVzOkVT&amp;usg=AFQjCNGbXgOUpg70DMGnejw0HZUjnyYHUw\" target=\"_blank\" rel=\"noopener\" data-saferedirecturl=\"https:\/\/www.google.com\/url?q=https:\/\/www.google.com\/url?rct%3Dj%26sa%3Dt%26url%3Dhttps:\/\/www.horajaen.com\/2021\/12\/12\/reyes-demanda-una-mayor-presencia-femenina-en-organismos-como-el-instituto-de-estudios-giennenses\/%26ct%3Dga%26cd%3DCAEYBioSMjQ4NDg0NDY4MzEwMDUzMzE1MhljMDM3MmViYzJmZWFkYTU5OmVzOmVzOkVT%26usg%3DAFQjCNGbXgOUpg70DMGnejw0HZUjnyYHUw&amp;source=gmail&amp;ust=1639471804748000&amp;usg=AOvVaw0-AROrWeKltH4-b-8HjQBb\">Reyes demanda una mayor presencia femenina en organismos como el Instituto de &#8230;<\/a><strong><a href=\"https:\/\/www.google.com\/url?rct=j&amp;sa=t&amp;url=https:\/\/www.horajaen.com\/2021\/12\/12\/reyes-demanda-una-mayor-presencia-femenina-en-organismos-como-el-instituto-de-estudios-giennenses\/&amp;ct=ga&amp;cd=CAEYBioSMjQ4NDg0NDY4MzEwMDUzMzE1MhljMDM3MmViYzJmZWFkYTU5OmVzOmVzOkVT&amp;usg=AFQjCNGbXgOUpg70DMGnejw0HZUjnyYHUw\" target=\"_blank\" rel=\"noopener\" data-saferedirecturl=\"https:\/\/www.google.com\/url?q=https:\/\/www.google.com\/url?rct%3Dj%26sa%3Dt%26url%3Dhttps:\/\/www.horajaen.com\/2021\/12\/12\/reyes-demanda-una-mayor-presencia-femenina-en-organismos-como-el-instituto-de-estudios-giennenses\/%26ct%3Dga%26cd%3DCAEYBioSMjQ4NDg0NDY4MzEwMDUzMzE1MhljMDM3MmViYzJmZWFkYTU5OmVzOmVzOkVT%26usg%3DAFQjCNGbXgOUpg70DMGnejw0HZUjnyYHUw&amp;source=gmail&amp;ust=1639471804748000&amp;usg=AOvVaw0-AROrWeKltH4-b-8HjQBb\">\u00a0&#8211;<\/a><\/strong><a>Hora Ja\u00e9n<br \/>\n<\/a><a href=\"https:\/\/www.google.com\/url?rct=j&amp;sa=t&amp;url=https:\/\/www.diariodejerez.es\/jerez\/Laura-Martin-Mujer-Imparable-Gaditana_0_1636937012.html&amp;ct=ga&amp;cd=CAEYDCoTNjM4MjExMTkyNzAyODcwODk0NjIZYzAzNzJlYmMyZmVhZGE1OTplczplczpFUw&amp;usg=AFQjCNH02BgC23eXXbtNx4Rw0kV95eDsvg\" target=\"_blank\" rel=\"noopener\" data-saferedirecturl=\"https:\/\/www.google.com\/url?q=https:\/\/www.google.com\/url?rct%3Dj%26sa%3Dt%26url%3Dhttps:\/\/www.diariodejerez.es\/jerez\/Laura-Martin-Mujer-Imparable-Gaditana_0_1636937012.html%26ct%3Dga%26cd%3DCAEYDCoTNjM4MjExMTkyNzAyODcwODk0NjIZYzAzNzJlYmMyZmVhZGE1OTplczplczpFUw%26usg%3DAFQjCNH02BgC23eXXbtNx4Rw0kV95eDsvg&amp;source=gmail&amp;ust=1639471809281000&amp;usg=AOvVaw1kXJ2EoIhoq1jIPYtpirMv\">Laura Mart\u00edn D\u00edaz, Catedr\u00e1tica de la Universidad de C\u00e1diz, Mujer Imparable<\/a><a href=\"https:\/\/www.google.com\/url?rct=j&amp;sa=t&amp;url=https:\/\/www.diariodejerez.es\/jerez\/Laura-Martin-Mujer-Imparable-Gaditana_0_1636937012.html&amp;ct=ga&amp;cd=CAEYDCoTNjM4MjExMTkyNzAyODcwODk0NjIZYzAzNzJlYmMyZmVhZGE1OTplczplczpFUw&amp;usg=AFQjCNH02BgC23eXXbtNx4Rw0kV95eDsvg\" target=\"_blank\" rel=\"noopener\" data-saferedirecturl=\"https:\/\/www.google.com\/url?q=https:\/\/www.google.com\/url?rct%3Dj%26sa%3Dt%26url%3Dhttps:\/\/www.diariodejerez.es\/jerez\/Laura-Martin-Mujer-Imparable-Gaditana_0_1636937012.html%26ct%3Dga%26cd%3DCAEYDCoTNjM4MjExMTkyNzAyODcwODk0NjIZYzAzNzJlYmMyZmVhZGE1OTplczplczpFUw%26usg%3DAFQjCNH02BgC23eXXbtNx4Rw0kV95eDsvg&amp;source=gmail&amp;ust=1639471809281000&amp;usg=AOvVaw1kXJ2EoIhoq1jIPYtpirMv\">\u00a0Ga<\/a><a href=\"https:\/\/www.google.com\/url?rct=j&amp;sa=t&amp;url=https:\/\/www.diariodejerez.es\/jerez\/Laura-Martin-Mujer-Imparable-Gaditana_0_1636937012.html&amp;ct=ga&amp;cd=CAEYDCoTNjM4MjExMTkyNzAyODcwODk0NjIZYzAzNzJlYmMyZmVhZGE1OTplczplczpFUw&amp;usg=AFQjCNH02BgC23eXXbtNx4Rw0kV95eDsvg\" target=\"_blank\" rel=\"noopener\" data-saferedirecturl=\"https:\/\/www.google.com\/url?q=https:\/\/www.google.com\/url?rct%3Dj%26sa%3Dt%26url%3Dhttps:\/\/www.diariodejerez.es\/jerez\/Laura-Martin-Mujer-Imparable-Gaditana_0_1636937012.html%26ct%3Dga%26cd%3DCAEYDCoTNjM4MjExMTkyNzAyODcwODk0NjIZYzAzNzJlYmMyZmVhZGE1OTplczplczpFUw%26usg%3DAFQjCNH02BgC23eXXbtNx4Rw0kV95eDsvg&amp;source=gmail&amp;ust=1639471809281000&amp;usg=AOvVaw1kXJ2EoIhoq1jIPYtpirMv\">ditana<\/a><a href=\"https:\/\/www.google.com\/url?rct=j&amp;sa=t&amp;url=https:\/\/www.diariodejerez.es\/jerez\/Laura-Martin-Mujer-Imparable-Gaditana_0_1636937012.html&amp;ct=ga&amp;cd=CAEYDCoTNjM4MjExMTkyNzAyODcwODk0NjIZYzAzNzJlYmMyZmVhZGE1OTplczplczpFUw&amp;usg=AFQjCNH02BgC23eXXbtNx4Rw0kV95eDsvg\" target=\"_blank\" rel=\"noopener\" data-saferedirecturl=\"https:\/\/www.google.com\/url?q=https:\/\/www.google.com\/url?rct%3Dj%26sa%3Dt%26url%3Dhttps:\/\/www.diariodejerez.es\/jerez\/Laura-Martin-Mujer-Imparable-Gaditana_0_1636937012.html%26ct%3Dga%26cd%3DCAEYDCoTNjM4MjExMTkyNzAyODcwODk0NjIZYzAzNzJlYmMyZmVhZGE1OTplczplczpFUw%26usg%3DAFQjCNH02BgC23eXXbtNx4Rw0kV95eDsvg&amp;source=gmail&amp;ust=1639471809281000&amp;usg=AOvVaw1kXJ2EoIhoq1jIPYtpirMv\">\u00a02021\u00a0<\/a><strong><a href=\"https:\/\/www.google.com\/url?rct=j&amp;sa=t&amp;url=https:\/\/www.diariodejerez.es\/jerez\/Laura-Martin-Mujer-Imparable-Gaditana_0_1636937012.html&amp;ct=ga&amp;cd=CAEYDCoTNjM4MjExMTkyNzAyODcwODk0NjIZYzAzNzJlYmMyZmVhZGE1OTplczplczpFUw&amp;usg=AFQjCNH02BgC23eXXbtNx4Rw0kV95eDsvg\" target=\"_blank\" rel=\"noopener\" data-saferedirecturl=\"https:\/\/www.google.com\/url?q=https:\/\/www.google.com\/url?rct%3Dj%26sa%3Dt%26url%3Dhttps:\/\/www.diariodejerez.es\/jerez\/Laura-Martin-Mujer-Imparable-Gaditana_0_1636937012.html%26ct%3Dga%26cd%3DCAEYDCoTNjM4MjExMTkyNzAyODcwODk0NjIZYzAzNzJlYmMyZmVhZGE1OTplczplczpFUw%26usg%3DAFQjCNH02BgC23eXXbtNx4Rw0kV95eDsvg&amp;source=gmail&amp;ust=1639471809281000&amp;usg=AOvVaw1kXJ2EoIhoq1jIPYtpirMv\">&#8211;\u00a0<\/a><\/strong><a>Diario de Jerez<br \/>\n<\/a><a href=\"https:\/\/www.google.com\/url?rct=j&amp;sa=t&amp;url=https:\/\/sevilla.abc.es\/andalucia\/cordoba\/sevi-documental-adolescentes-inmigrantes-zoco-cordoba-premiado-202112102003_noticia.html&amp;ct=ga&amp;cd=CAEYACoTMjQ1MTQyOTk1MTUxMzU1NzkxMzIZYzAzNzJlYmMyZmVhZGE1OTplczplczpFUw&amp;usg=AFQjCNG1m6Zic7-NXgqt-DI-Jr0cH92i_A\" target=\"_blank\" rel=\"noopener\" data-saferedirecturl=\"https:\/\/www.google.com\/url?q=https:\/\/www.google.com\/url?rct%3Dj%26sa%3Dt%26url%3Dhttps:\/\/sevilla.abc.es\/andalucia\/cordoba\/sevi-documental-adolescentes-inmigrantes-zoco-cordoba-premiado-202112102003_noticia.html%26ct%3Dga%26cd%3DCAEYACoTMjQ1MTQyOTk1MTUxMzU1NzkxMzIZYzAzNzJlYmMyZmVhZGE1OTplczplczpFUw%26usg%3DAFQjCNG1m6Zic7-NXgqt-DI-Jr0cH92i_A&amp;source=gmail&amp;ust=1639471809404000&amp;usg=AOvVaw1lJpKXqzT3RXFa-OJOcxQ2\">El documental de adolescentes inmigrantes del IES Zoco de C\u00f3rdoba \u00abCon nombre de mujer\u00bb premiado por la ONU-\u00a0<\/a><a>Abc de Sevilla<br \/>\n<\/a><a class=\"title\" href=\"https:\/\/www.msn.com\/es-es\/noticias\/espana\/vandalizan-las-sacerdotisas-una-de-las-pinturas-rupestres-m%C3%A1s-emblem%C3%A1ticas-de-espa%C3%B1a\/ar-AARKQhC?ocid=BingNewsSearch\" target=\"_blank\" rel=\"noopener\" data-artpy=\"0\" data-author=\"MSN\">Vandalizan &#8216;Las Sacerdotisas&#8217;, una de las pinturas rupestres m\u00e1s emblem\u00e1ticas de Espa\u00f1a<\/a>-msn<a><br \/>\n<\/a><\/p>\n<p><strong>Deporte<br \/>\n<\/strong><a href=\"https:\/\/www.google.com\/url?rct=j&amp;sa=t&amp;url=https:\/\/www.huelvahoy.com\/la-gran-semana-del-badminton-comienza-este-domingo-en-huelva\/&amp;ct=ga&amp;cd=CAEYECoTMjQ3OTkwNjQxNTk5MzIxNTYzMjIZZTFlNzdkMTU2MDk4YThlMzplczplczpFUw&amp;usg=AFQjCNF05R0hOPS72Hb4rbcAV8yNGFueRw\" target=\"_blank\" rel=\"noopener\" data-saferedirecturl=\"https:\/\/www.google.com\/url?q=https:\/\/www.google.com\/url?rct%3Dj%26sa%3Dt%26url%3Dhttps:\/\/www.huelvahoy.com\/la-gran-semana-del-badminton-comienza-este-domingo-en-huelva\/%26ct%3Dga%26cd%3DCAEYECoTMjQ3OTkwNjQxNTk5MzIxNTYzMjIZZTFlNzdkMTU2MDk4YThlMzplczplczpFUw%26usg%3DAFQjCNF05R0hOPS72Hb4rbcAV8yNGFueRw&amp;source=gmail&amp;ust=1639471806909000&amp;usg=AOvVaw1DKniQPvqDpfhlxV9dBL73\">La gran semana del b\u00e1dminton comienza este domingo en Huelva &#8211;<\/a><a>Huelva Hoy<\/a><strong>\u00a0<\/strong><\/p>\n<\/div>\n<\/div>\n<div id=\"\" class=\"lsow-panel lsow-active\">\n<h1 class=\"lsow-panel-title\">Estado<\/h1>\n<div class=\"lsow-panel-content\">\n<p><strong>Institucional \u2013 CCAA<br \/>\n<\/strong><a href=\"https:\/\/www.google.com\/url?rct=j&amp;sa=t&amp;url=https:\/\/www.20minutos.es\/noticia\/4921258\/0\/la-presidenta-del-tsjex-recibe-el-premio-25n-por-su-implicacion-en-la-lucha-contra-la-violencia-de-genero\/&amp;ct=ga&amp;cd=CAEYByoTOTYwMDA5NTM0MDQwMzg5MDQ2NjIZZTJkZWZhN2Q1ZGE5MTU3ZDplczplczpFUw&amp;usg=AFQjCNEltecZDy_H632hD5q2vF7zk6_3dQ\" target=\"_blank\" rel=\"noopener\" data-saferedirecturl=\"https:\/\/www.google.com\/url?q=https:\/\/www.google.com\/url?rct%3Dj%26sa%3Dt%26url%3Dhttps:\/\/www.20minutos.es\/noticia\/4921258\/0\/la-presidenta-del-tsjex-recibe-el-premio-25n-por-su-implicacion-en-la-lucha-contra-la-violencia-de-genero\/%26ct%3Dga%26cd%3DCAEYByoTOTYwMDA5NTM0MDQwMzg5MDQ2NjIZZTJkZWZhN2Q1ZGE5MTU3ZDplczplczpFUw%26usg%3DAFQjCNEltecZDy_H632hD5q2vF7zk6_3dQ&amp;source=gmail&amp;ust=1639471808944000&amp;usg=AOvVaw3be-aDhcQVhRjpBAFctFeg\">La presidenta del TSJEx recibe el premio 25N por su implicaci\u00f3n en la lucha contra la &#8230;\u00a0<\/a><strong><a href=\"https:\/\/www.google.com\/url?rct=j&amp;sa=t&amp;url=https:\/\/www.20minutos.es\/noticia\/4921258\/0\/la-presidenta-del-tsjex-recibe-el-premio-25n-por-su-implicacion-en-la-lucha-contra-la-violencia-de-genero\/&amp;ct=ga&amp;cd=CAEYByoTOTYwMDA5NTM0MDQwMzg5MDQ2NjIZZTJkZWZhN2Q1ZGE5MTU3ZDplczplczpFUw&amp;usg=AFQjCNEltecZDy_H632hD5q2vF7zk6_3dQ\" target=\"_blank\" rel=\"noopener\" data-saferedirecturl=\"https:\/\/www.google.com\/url?q=https:\/\/www.google.com\/url?rct%3Dj%26sa%3Dt%26url%3Dhttps:\/\/www.20minutos.es\/noticia\/4921258\/0\/la-presidenta-del-tsjex-recibe-el-premio-25n-por-su-implicacion-en-la-lucha-contra-la-violencia-de-genero\/%26ct%3Dga%26cd%3DCAEYByoTOTYwMDA5NTM0MDQwMzg5MDQ2NjIZZTJkZWZhN2Q1ZGE5MTU3ZDplczplczpFUw%26usg%3DAFQjCNEltecZDy_H632hD5q2vF7zk6_3dQ&amp;source=gmail&amp;ust=1639471808944000&amp;usg=AOvVaw3be-aDhcQVhRjpBAFctFeg\">&#8211;<\/a><\/strong><a>20Minutos<br \/>\n<\/a><a href=\"https:\/\/www.google.com\/url?rct=j&amp;sa=t&amp;url=https:\/\/www.20minutos.es\/noticia\/4921818\/0\/garrido-avanza-que-el-govern-impulsara-el-proximo-ano-un-centro-de-crisis-para-victimas-de-violencia-sexual\/&amp;ct=ga&amp;cd=CAEYGSoTNjM4MjExMTkyNzAyODcwODk0NjIZYzAzNzJlYmMyZmVhZGE1OTplczplczpFUw&amp;usg=AFQjCNHpH2k1pbgERZ6mX9DuH5a3NA848A\" target=\"_blank\" rel=\"noopener\" data-saferedirecturl=\"https:\/\/www.google.com\/url?hl=es&amp;q=https:\/\/www.google.com\/url?rct%3Dj%26sa%3Dt%26url%3Dhttps:\/\/www.20minutos.es\/noticia\/4921818\/0\/garrido-avanza-que-el-govern-impulsara-el-proximo-ano-un-centro-de-crisis-para-victimas-de-violencia-sexual\/%26ct%3Dga%26cd%3DCAEYGSoTNjM4MjExMTkyNzAyODcwODk0NjIZYzAzNzJlYmMyZmVhZGE1OTplczplczpFUw%26usg%3DAFQjCNHpH2k1pbgERZ6mX9DuH5a3NA848A&amp;source=gmail&amp;ust=1639483892004000&amp;usg=AOvVaw3vdeEUS4HQvOUL77sMhX4-\">G<\/a><a href=\"https:\/\/www.google.com\/url?rct=j&amp;sa=t&amp;url=https:\/\/www.20minutos.es\/noticia\/4921818\/0\/garrido-avanza-que-el-govern-impulsara-el-proximo-ano-un-centro-de-crisis-para-victimas-de-violencia-sexual\/&amp;ct=ga&amp;cd=CAEYGSoTNjM4MjExMTkyNzAyODcwODk0NjIZYzAzNzJlYmMyZmVhZGE1OTplczplczpFUw&amp;usg=AFQjCNHpH2k1pbgERZ6mX9DuH5a3NA848A\" target=\"_blank\" rel=\"noopener\" data-saferedirecturl=\"https:\/\/www.google.com\/url?hl=es&amp;q=https:\/\/www.google.com\/url?rct%3Dj%26sa%3Dt%26url%3Dhttps:\/\/www.20minutos.es\/noticia\/4921818\/0\/garrido-avanza-que-el-govern-impulsara-el-proximo-ano-un-centro-de-crisis-para-victimas-de-violencia-sexual\/%26ct%3Dga%26cd%3DCAEYGSoTNjM4MjExMTkyNzAyODcwODk0NjIZYzAzNzJlYmMyZmVhZGE1OTplczplczpFUw%26usg%3DAFQjCNHpH2k1pbgERZ6mX9DuH5a3NA848A&amp;source=gmail&amp;ust=1639483892004000&amp;usg=AOvVaw3vdeEUS4HQvOUL77sMhX4-\">arrido avanza que el Govern impulsar\u00e1 el pr\u00f3ximo a\u00f1o un centro de crisis para v\u00edctimas de &#8230;-\u00a0<\/a><a>20Minutos<br \/>\n<\/a><a href=\"https:\/\/www.google.com\/url?rct=j&amp;sa=t&amp;url=https:\/\/www.lne.es\/asturias\/2021\/12\/11\/lucha-vulnerabilidad-mujer-labor-sociedad-60516636.html&amp;ct=ga&amp;cd=CAEYACoTODA0MDEyMTQ3MzY2ODk0NDYyNzIZYzAzNzJlYmMyZmVhZGE1OTplczplczpFUw&amp;usg=AFQjCNH0-ahF8UDdLUk7bktQ-KLLwn9-hA\" target=\"_blank\" rel=\"noopener\" data-saferedirecturl=\"https:\/\/www.google.com\/url?q=https:\/\/www.google.com\/url?rct%3Dj%26sa%3Dt%26url%3Dhttps:\/\/www.lne.es\/asturias\/2021\/12\/11\/lucha-vulnerabilidad-mujer-labor-sociedad-60516636.html%26ct%3Dga%26cd%3DCAEYACoTODA0MDEyMTQ3MzY2ODk0NDYyNzIZYzAzNzJlYmMyZmVhZGE1OTplczplczpFUw%26usg%3DAFQjCNH0-ahF8UDdLUk7bktQ-KLLwn9-hA&amp;source=gmail&amp;ust=1639471809520000&amp;usg=AOvVaw3CP-WKpdPjEknfdKaz7Lt8\">La lucha contra la vulnerabilidad de la mujer, una labor de toda la sociedad &#8211;\u00a0<\/a><a>La Nueva Espa\u00f1a<br \/>\n<\/a><a href=\"https:\/\/www.google.com\/url?rct=j&amp;sa=t&amp;url=https:\/\/www.elespanol.com\/castilla-y-leon\/region\/palencia\/20211212\/papel-clave-mujer-palencia-tabla-salvacion-mundo\/633687524_0.html&amp;ct=ga&amp;cd=CAEYASoTNDc4NTU2MjU4NjY1MjQ5NjM0OTIZYzAzNzJlYmMyZmVhZGE1OTplczplczpFUw&amp;usg=AFQjCNFMvWXa4FG1TdujlFN3NUhGIMPg4Q\" target=\"_blank\" rel=\"noopener\" data-saferedirecturl=\"https:\/\/www.google.com\/url?q=https:\/\/www.google.com\/url?rct%3Dj%26sa%3Dt%26url%3Dhttps:\/\/www.elespanol.com\/castilla-y-leon\/region\/palencia\/20211212\/papel-clave-mujer-palencia-tabla-salvacion-mundo\/633687524_0.html%26ct%3Dga%26cd%3DCAEYASoTNDc4NTU2MjU4NjY1MjQ5NjM0OTIZYzAzNzJlYmMyZmVhZGE1OTplczplczpFUw%26usg%3DAFQjCNFMvWXa4FG1TdujlFN3NUhGIMPg4Q&amp;source=gmail&amp;ust=1639471809615000&amp;usg=AOvVaw3VQ2qoor68hOPdM0-ah2R3\">El papel clave de la mujer en Palencia como tabla de salvaci\u00f3n del mundo rural &#8211;\u00a0<\/a><a>El Espa\u00f1ol<br \/>\n<\/a><a href=\"https:\/\/www.google.com\/url?rct=j&amp;sa=t&amp;url=https:\/\/arainfo.org\/maria-goikoetxea-la-mujer-tiene-problematicas-especificas-en-los-barrios-y-en-el-medio-rural\/&amp;ct=ga&amp;cd=CAEYASoSMjQ4NDg0NDY4MzEwMDUzMzE1MhljMDM3MmViYzJmZWFkYTU5OmVzOmVzOkVT&amp;usg=AFQjCNElJic0AVPug6imWSe7kz1x84VO7g\" target=\"_blank\" rel=\"noopener\" data-saferedirecturl=\"https:\/\/www.google.com\/url?q=https:\/\/www.google.com\/url?rct%3Dj%26sa%3Dt%26url%3Dhttps:\/\/arainfo.org\/maria-goikoetxea-la-mujer-tiene-problematicas-especificas-en-los-barrios-y-en-el-medio-rural\/%26ct%3Dga%26cd%3DCAEYASoSMjQ4NDg0NDY4MzEwMDUzMzE1MhljMDM3MmViYzJmZWFkYTU5OmVzOmVzOkVT%26usg%3DAFQjCNElJic0AVPug6imWSe7kz1x84VO7g&amp;source=gmail&amp;ust=1639471804747000&amp;usg=AOvVaw3GOhutfHlVSJfOkXHl3juT\">Gar\u00eda Goikoetxea: \u00abLa mujer tiene problem\u00e1ticas espec\u00edficas en los barrios y en el medio rural\u00bb-\u00a0<\/a><a>AraInfo<br \/>\n<\/a><a href=\"https:\/\/www.google.com\/url?rct=j&amp;sa=t&amp;url=https:\/\/www.mujerymadrehoy.com\/nueva-sentencia-en-galicia-que-amplia-el-permiso-por-nacimiento-en-las-familias-monoparentales\/&amp;ct=ga&amp;cd=CAEYAioUMTUwOTg1NzExMjQzOTg0ODA5MTEyGWMwMzcyZWJjMmZlYWRhNTk6ZXM6ZXM6RVM&amp;usg=AFQjCNG5knuyd1gwcpH73ZGCQEInjX0Iag\" target=\"_blank\" rel=\"noopener\" data-saferedirecturl=\"https:\/\/www.google.com\/url?q=https:\/\/www.google.com\/url?rct%3Dj%26sa%3Dt%26url%3Dhttps:\/\/www.mujerymadrehoy.com\/nueva-sentencia-en-galicia-que-amplia-el-permiso-por-nacimiento-en-las-familias-monoparentales\/%26ct%3Dga%26cd%3DCAEYAioUMTUwOTg1NzExMjQzOTg0ODA5MTEyGWMwMzcyZWJjMmZlYWRhNTk6ZXM6ZXM6RVM%26usg%3DAFQjCNG5knuyd1gwcpH73ZGCQEInjX0Iag&amp;source=gmail&amp;ust=1639471804858000&amp;usg=AOvVaw13tyRHqnGqWhV8G5xv5LPl\">Nueva sentencia en Galicia que ampl\u00eda el permiso por nacimiento en las familias monoparentales-\u00a0<\/a><a>Mujer<br \/>\n<\/a><a class=\"title\" href=\"https:\/\/navarra.elespanol.com\/articulo\/tribunales\/navarra-comunidad-autonoma-menor-tasa-violencia-genero-ultimo-trimestre\/20211213113828388017.html\" target=\"_blank\" rel=\"noopener\" data-artpy=\"0\" data-author=\"ESPA\u00d1OL\">Navarra, la comunidad aut\u00f3noma con menor tasa de violencia de g\u00e9nero en el \u00faltimo trimestre<\/a>-espa\u00f1ol<a><br \/>\n<\/a><\/p>\n<p><strong>Econom\u00eda y Empresa<br \/>\n<\/strong><a href=\"https:\/\/www.google.com\/url?rct=j&amp;sa=t&amp;url=https:\/\/www.desafiomujerrural.es\/noticias\/gira-mujeres-destina-20000-euros-proyectos-de-emprendimiento-femenino&amp;ct=ga&amp;cd=CAEYAyoTNzg2MjcxNTkxODg3NTM5MjU5NzIZYzAzNzJlYmMyZmVhZGE1OTplczplczpFUw&amp;usg=AFQjCNHwxckqEZmn6SGAZNxhhSIfko_NTQ\" target=\"_blank\" rel=\"noopener\" data-saferedirecturl=\"https:\/\/www.google.com\/url?q=https:\/\/www.google.com\/url?rct%3Dj%26sa%3Dt%26url%3Dhttps:\/\/www.desafiomujerrural.es\/noticias\/gira-mujeres-destina-20000-euros-proyectos-de-emprendimiento-femenino%26ct%3Dga%26cd%3DCAEYAyoTNzg2MjcxNTkxODg3NTM5MjU5NzIZYzAzNzJlYmMyZmVhZGE1OTplczplczpFUw%26usg%3DAFQjCNHwxckqEZmn6SGAZNxhhSIfko_NTQ&amp;source=gmail&amp;ust=1639471809331000&amp;usg=AOvVaw1F_SuhClB5CJk3jT6-y0rN\">GIRA Mujeres destina 20.000 euros a proyectos de emprendimiento femenino<\/a><strong>&#8211;<\/strong><a>Desaf\u00edo Mujer Rural<br \/>\n<\/a><a href=\"https:\/\/www.google.com\/url?rct=j&amp;sa=t&amp;url=https:\/\/www.diariodeleon.es\/articulo\/leon\/mujeres-empresarias-reivindican-que-talento-tiene-genero\/202112110334232171595.html&amp;ct=ga&amp;cd=CAEYAyoTMTQyNDA1NTYyNDM3MjY2MDE0NjIZYzAzNzJlYmMyZmVhZGE1OTplczplczpFUw&amp;usg=AFQjCNGx6EMSTt0Cr3uFVlHZdc70UlUD7Q\" target=\"_blank\" rel=\"noopener\" data-saferedirecturl=\"https:\/\/www.google.com\/url?q=https:\/\/www.google.com\/url?rct%3Dj%26sa%3Dt%26url%3Dhttps:\/\/www.diariodeleon.es\/articulo\/leon\/mujeres-empresarias-reivindican-que-talento-tiene-genero\/202112110334232171595.html%26ct%3Dga%26cd%3DCAEYAyoTMTQyNDA1NTYyNDM3MjY2MDE0NjIZYzAzNzJlYmMyZmVhZGE1OTplczplczpFUw%26usg%3DAFQjCNGx6EMSTt0Cr3uFVlHZdc70UlUD7Q&amp;source=gmail&amp;ust=1639471809391000&amp;usg=AOvVaw2ZBwwIWwjl688xVnxNLCLK\">Las empresarias reivindican que el \u00abtalento no tiene g\u00e9nero\u00bb &#8211;<\/a><a>Diario de Le\u00f3n<br \/>\n<\/a><a class=\"title\" href=\"https:\/\/www.equiposytalento.com\/noticias\/2021\/12\/13\/mujer-joven-con-formacion-stem-la-aspiracion-de-talento-de-todas-las-organizaciones\" target=\"_blank\" rel=\"noopener\" data-artpy=\"0\" data-author=\"Equipos y Talento\">Mujer joven con formaci\u00f3n STEM, la aspiraci\u00f3n de talento de todas las organizaciones<\/a>-equiposytalento<a><br \/>\n<\/a><\/p>\n<p><strong>Actualidad<br \/>\n<\/strong><a href=\"https:\/\/www.google.com\/url?rct=j&amp;sa=t&amp;url=https:\/\/www.eldiario.es\/andalucia\/edcreativo-andalucia\/respuesta-clave-frente-emergencia-climatica-formacion-personas-ecoherentes_132_8545718.html&amp;ct=ga&amp;cd=CAEYACoUMTUyOTUzODAwMzU2ODE2ODUyODkyGWQ3OGU1ODc1YTBmMWYyYWM6ZXM6ZXM6RVM&amp;usg=AFQjCNH9wSGdtvmRY0TjqSjxJNbLUlOY-A\" target=\"_blank\" rel=\"noopener\" data-saferedirecturl=\"https:\/\/www.google.com\/url?q=https:\/\/www.google.com\/url?rct%3Dj%26sa%3Dt%26url%3Dhttps:\/\/www.eldiario.es\/andalucia\/edcreativo-andalucia\/respuesta-clave-frente-emergencia-climatica-formacion-personas-ecoherentes_132_8545718.html%26ct%3Dga%26cd%3DCAEYACoUMTUyOTUzODAwMzU2ODE2ODUyODkyGWQ3OGU1ODc1YTBmMWYyYWM6ZXM6ZXM6RVM%26usg%3DAFQjCNH9wSGdtvmRY0TjqSjxJNbLUlOY-A&amp;source=gmail&amp;ust=1639480645598000&amp;usg=AOvVaw1Cl26kUEC-483lPTcyYVhG\">Una respuesta clave frente a la emergencia clim\u00e1tica: la formaci\u00f3n de personas &#8216;ecoherentes&#8217;-\u00a0<\/a><a>eldiario<\/a><\/p>\n<p><strong>Violencias<br \/>\n<\/strong><a href=\"https:\/\/www.google.com\/url?rct=j&amp;sa=t&amp;url=https:\/\/elderecho.com\/justicia-e-igualdad-colaboraran-en-la-prevencion-sensibilizacion-y-formacion-en-violencia-contra-las-mujeres&amp;ct=ga&amp;cd=CAEYECoTNjM4MjExMTkyNzAyODcwODk0NjIZYzAzNzJlYmMyZmVhZGE1OTplczplczpFUw&amp;usg=AFQjCNG4bUwYUJ9D3CBynCTl9vZ1RBtDaw\" target=\"_blank\" rel=\"noopener\" data-saferedirecturl=\"https:\/\/www.google.com\/url?q=https:\/\/www.google.com\/url?rct%3Dj%26sa%3Dt%26url%3Dhttps:\/\/elderecho.com\/justicia-e-igualdad-colaboraran-en-la-prevencion-sensibilizacion-y-formacion-en-violencia-contra-las-mujeres%26ct%3Dga%26cd%3DCAEYECoTNjM4MjExMTkyNzAyODcwODk0NjIZYzAzNzJlYmMyZmVhZGE1OTplczplczpFUw%26usg%3DAFQjCNG4bUwYUJ9D3CBynCTl9vZ1RBtDaw&amp;source=gmail&amp;ust=1639471809282000&amp;usg=AOvVaw1OnIbdUPjEYPS7hTjy35eZ\">Justicia e Igualdad colaborar\u00e1n en la prevenci\u00f3n, sensibilizaci\u00f3n y formaci\u00f3n en violencia &#8230;<\/a><strong><a href=\"https:\/\/www.google.com\/url?rct=j&amp;sa=t&amp;url=https:\/\/elderecho.com\/justicia-e-igualdad-colaboraran-en-la-prevencion-sensibilizacion-y-formacion-en-violencia-contra-las-mujeres&amp;ct=ga&amp;cd=CAEYECoTNjM4MjExMTkyNzAyODcwODk0NjIZYzAzNzJlYmMyZmVhZGE1OTplczplczpFUw&amp;usg=AFQjCNG4bUwYUJ9D3CBynCTl9vZ1RBtDaw\" target=\"_blank\" rel=\"noopener\" data-saferedirecturl=\"https:\/\/www.google.com\/url?q=https:\/\/www.google.com\/url?rct%3Dj%26sa%3Dt%26url%3Dhttps:\/\/elderecho.com\/justicia-e-igualdad-colaboraran-en-la-prevencion-sensibilizacion-y-formacion-en-violencia-contra-las-mujeres%26ct%3Dga%26cd%3DCAEYECoTNjM4MjExMTkyNzAyODcwODk0NjIZYzAzNzJlYmMyZmVhZGE1OTplczplczpFUw%26usg%3DAFQjCNG4bUwYUJ9D3CBynCTl9vZ1RBtDaw&amp;source=gmail&amp;ust=1639471809282000&amp;usg=AOvVaw1OnIbdUPjEYPS7hTjy35eZ\">&#8211;\u00a0<\/a><\/strong><a>El Derecho<br \/>\n<\/a><a href=\"https:\/\/www.google.com\/url?rct=j&amp;sa=t&amp;url=https:\/\/elforodeceuta.es\/solo-un-26-de-adolescentes-define-la-violencia-de-genero-como-la-que-se-ejerce-especificamente-hacia-las-mujeres\/&amp;ct=ga&amp;cd=CAEYBSoTMjQ3OTkwNjQxNTk5MzIxNTYzMjIZZTFlNzdkMTU2MDk4YThlMzplczplczpFUw&amp;usg=AFQjCNGKu-YZNlZMSCp6WftYSawQ7gWRTQ\" target=\"_blank\" rel=\"noopener\" data-saferedirecturl=\"https:\/\/www.google.com\/url?q=https:\/\/www.google.com\/url?rct%3Dj%26sa%3Dt%26url%3Dhttps:\/\/elforodeceuta.es\/solo-un-26-de-adolescentes-define-la-violencia-de-genero-como-la-que-se-ejerce-especificamente-hacia-las-mujeres\/%26ct%3Dga%26cd%3DCAEYBSoTMjQ3OTkwNjQxNTk5MzIxNTYzMjIZZTFlNzdkMTU2MDk4YThlMzplczplczpFUw%26usg%3DAFQjCNGKu-YZNlZMSCp6WftYSawQ7gWRTQ&amp;source=gmail&amp;ust=1639471806905000&amp;usg=AOvVaw0PfmKhZkAS5wc6jS9G710U\">Solo un 26% de adolescentes define la violencia de g\u00e9nero como la que se ejerce espec\u00edficamente-\u00a0<\/a><a>El Foro de Ceuta<br \/>\n<\/a><a href=\"https:\/\/www.publico.es\/politica\/caso-18-lovas-explotacion-sexual-mujeres-vulnerables-menores-edad-cerca-magnate-turistico-canarias.html\">Caso &#8217;18 Lovas&#8217;: la explotaci\u00f3n sexual de mujeres vulnerables y menores de edad cerca al magnate tur\u00edstico de Canarias &#8211;<\/a>P\u00fablico<br \/>\n<a href=\"https:\/\/www.google.com\/url?rct=j&amp;sa=t&amp;url=https:\/\/www.abc.es\/espana\/abci-violencia-machista-no-entiende-clase-social-202112120306_noticia.html&amp;ct=ga&amp;cd=CAEYAioUMTA2OTE0MjU2ODg1MzA3MjQxMTcyGWUyZGVmYTdkNWRhOTE1N2Q6ZXM6ZXM6RVM&amp;usg=AFQjCNFdKhtOAmP6dvjQcPYqpsHcKzSNPA\" target=\"_blank\" rel=\"noopener\" data-saferedirecturl=\"https:\/\/www.google.com\/url?q=https:\/\/www.google.com\/url?rct%3Dj%26sa%3Dt%26url%3Dhttps:\/\/www.abc.es\/espana\/abci-violencia-machista-no-entiende-clase-social-202112120306_noticia.html%26ct%3Dga%26cd%3DCAEYAioUMTA2OTE0MjU2ODg1MzA3MjQxMTcyGWUyZGVmYTdkNWRhOTE1N2Q6ZXM6ZXM6RVM%26usg%3DAFQjCNFdKhtOAmP6dvjQcPYqpsHcKzSNPA&amp;source=gmail&amp;ust=1639471802778000&amp;usg=AOvVaw3V4coOu6fNHGpHARKILi4m\">La\u00a0violencia machista no entiende de clase social\u00bb &#8211;<\/a>abc<\/p>\n<p><strong>Ciencia y Cultura<br \/>\n<\/strong><a class=\"title\" href=\"https:\/\/www.elperiodic.com\/encuentro-sobre-mujer-empresa-destaca-urgente-inclusion-mujer-transformacion-digital_790423\" target=\"_blank\" rel=\"noopener\" data-artpy=\"0\" data-author=\"Elperiodic.com\">Un encuentro sobre mujer y empresa destaca la urgente inclusi\u00f3n de la mujer en la transformaci\u00f3n digital<\/a>-elperiodic<strong><br \/>\n<\/strong><a class=\"title\" href=\"https:\/\/www.abc.es\/cultura\/abci-mundo-cultura-llora-tragica-muerte-veronica-forque-202112131445_noticia.html\" target=\"_blank\" rel=\"noopener\" data-artpy=\"0\" data-author=\"ABC\">El mundo de la Cultura llora la tr\u00e1gica muerte de Ver\u00f3nica Forqu\u00e9<\/a>-elmundo<br \/>\n<a class=\"title\" href=\"https:\/\/www.msn.com\/es-es\/entertainment\/cine\/ganadora-de-cuatro-goyas-y-chica-almod-c3-b3var-la-gran-carrera-de-la-inolvidable-ver-c3-b3nica-forqu-c3-a9\/ar-AARLEsJ?ocid=BingNewsSearch\" target=\"_blank\" rel=\"noopener\" data-artpy=\"0\" data-author=\"HOLA on MSN.com\">Ganadora de cuatro Goyas y &#8216;chica Almod\u00f3var&#8217;, la gran carrera de la inolvidable Ver\u00f3nica Forqu\u00e9<\/a>-hola<strong><br \/>\n<\/strong><a class=\"title\" href=\"https:\/\/www.msn.com\/es-es\/news\/internacional\/la-filosof-c3-ada-que-plantea-educaci-c3-b3n-ocho-autoras-y-pensamiento-feminista-para-reparar-el-agravio-hist-c3-b3rico-a-la-mujer\/ar-AARKMjE?ocid=BingNewsSearch\" target=\"_blank\" rel=\"noopener\" data-artpy=\"0\" data-author=\"20minutos.es on MSN.com\">La Filosof\u00eda que plantea Educaci\u00f3n: ocho autoras y \u00abpensamiento feminista\u00bb para reparar el \u00abagravio hist\u00f3rico\u00bb a la mujer<\/a><strong>&#8211;<\/strong>20minutos<br \/>\n<a class=\"title\" href=\"https:\/\/www.20minutos.es\/noticia\/4872094\/0\/entrevista-julia-de-castro-la-historiadora\/\" target=\"_blank\" rel=\"noopener\" data-artpy=\"0\" data-author=\"20minutos.es\">Julia de Castro: \u00abHe pasado de llevar peineta a no peinarme\u00bb<\/a>-20minutos<br \/>\n<strong><br \/>\n<\/strong><strong>Deporte<br \/>\n<\/strong><a class=\"title\" href=\"https:\/\/www.larazon.es\/castilla-y-leon\/20211212\/fipqutb4rjdrtlsd3m4jti4dzm.html\" target=\"_blank\" rel=\"noopener\" data-artpy=\"0\" data-author=\"La Raz\u00f3n Digital\">El I Congreso \u201cMujer, Deporte y Discapacidad\u201d promueve la equidad de los paral\u00edmpicos<\/a><strong>&#8211;<\/strong>larazondigital<br \/>\n<a class=\"title\" href=\"https:\/\/www.lasprovincias.es\/alicante\/guerreras-pleno-victorias-20211212223205-nt.html\" target=\"_blank\" rel=\"noopener\" data-artpy=\"0\" data-author=\"diccionario\">Las &#8216;Guerreras&#8217; hacen pleno de victorias en Torrevieja y se medir\u00e1n con Alemania por una plaza en las semifinales del Mundial<\/a>-diccionario<strong><br \/>\n<\/strong><\/p>\n<\/div>\n<\/div>\n<div id=\"\" class=\"lsow-panel lsow-active\">\n<h1 class=\"lsow-panel-title\">Internacional<\/h1>\n<div class=\"lsow-panel-content\">\n<p><a href=\"https:\/\/www.google.com\/url?rct=j&amp;sa=t&amp;url=https:\/\/www.laopinioncoruna.es\/sociedad\/2021\/12\/12\/parlamento-europeo-planta-cara-violencia-60582039.html&amp;ct=ga&amp;cd=CAEYACoTNjE4MDY4MDE3NjI4NTc1NjY5OTIZZTFlNzdkMTU2MDk4YThlMzplczplczpFUw&amp;usg=AFQjCNGw8XA-XJx1UGdMpDw2vXJuynO0XA\" target=\"_blank\" rel=\"noopener\" data-saferedirecturl=\"https:\/\/www.google.com\/url?q=https:\/\/www.google.com\/url?rct%3Dj%26sa%3Dt%26url%3Dhttps:\/\/www.laopinioncoruna.es\/sociedad\/2021\/12\/12\/parlamento-europeo-planta-cara-violencia-60582039.html%26ct%3Dga%26cd%3DCAEYACoTNjE4MDY4MDE3NjI4NTc1NjY5OTIZZTFlNzdkMTU2MDk4YThlMzplczplczpFUw%26usg%3DAFQjCNGw8XA-XJx1UGdMpDw2vXJuynO0XA&amp;source=gmail&amp;ust=1639471804932000&amp;usg=AOvVaw3N7hzTg6ycWCe6Ixzwb-9a\">El Parlamento Europeo planta cara a la\u00a0violencia digital contra las mujeres &#8211;\u00a0<\/a><a>La Opini\u00f3n A Coru\u00f1a<br \/>\n<\/a><a href=\"https:\/\/www.google.com\/url?rct=j&amp;sa=t&amp;url=https:\/\/www.europapress.es\/internacional\/noticia-harris-subraya-derecho-mujeres-tomar-decisiones-propio-cuerpo-no-negociable-eeuu-20211211175243.html&amp;ct=ga&amp;cd=CAEYAioTODA0MDEyMTQ3MzY2ODk0NDYyNzIZYzAzNzJlYmMyZmVhZGE1OTplczplczpFUw&amp;usg=AFQjCNFhd79-O6lXSYGZaVUiDXM3hdPOnw\" target=\"_blank\" rel=\"noopener\" data-saferedirecturl=\"https:\/\/www.google.com\/url?q=https:\/\/www.google.com\/url?rct%3Dj%26sa%3Dt%26url%3Dhttps:\/\/www.europapress.es\/internacional\/noticia-harris-subraya-derecho-mujeres-tomar-decisiones-propio-cuerpo-no-negociable-eeuu-20211211175243.html%26ct%3Dga%26cd%3DCAEYAioTODA0MDEyMTQ3MzY2ODk0NDYyNzIZYzAzNzJlYmMyZmVhZGE1OTplczplczpFUw%26usg%3DAFQjCNFhd79-O6lXSYGZaVUiDXM3hdPOnw&amp;source=gmail&amp;ust=1639471809521000&amp;usg=AOvVaw1sLUukvwm9kEr5qGCOuw6q\">Harris subraya que \u00abel derecho de las mujeres a tomar decisiones sobre su propio cuerpo &#8230;-\u00a0<\/a><a>Europa Press<br \/>\n<\/a><a href=\"https:\/\/www.google.com\/url?rct=j&amp;sa=t&amp;url=https:\/\/www.infobae.com\/america\/colombia\/2021\/12\/13\/onu-a-pesar-de-los-cambios-sociales-las-mujeres-siguen-haciendo-el-trabajo-domestico-y-de-cuidados\/&amp;ct=ga&amp;cd=CAEYASoUMTMwNDY0MjQzODg4MTkwMTE4OTgyGWMwMzcyZWJjMmZlYWRhNTk6ZXM6ZXM6RVM&amp;usg=AFQjCNGryaBkJhOM5QcxnSrc_1rBUYrLWQ\" target=\"_blank\" rel=\"noopener\" data-saferedirecturl=\"https:\/\/www.google.com\/url?q=https:\/\/www.google.com\/url?rct%3Dj%26sa%3Dt%26url%3Dhttps:\/\/www.infobae.com\/america\/colombia\/2021\/12\/13\/onu-a-pesar-de-los-cambios-sociales-las-mujeres-siguen-haciendo-el-trabajo-domestico-y-de-cuidados\/%26ct%3Dga%26cd%3DCAEYASoUMTMwNDY0MjQzODg4MTkwMTE4OTgyGWMwMzcyZWJjMmZlYWRhNTk6ZXM6ZXM6RVM%26usg%3DAFQjCNGryaBkJhOM5QcxnSrc_1rBUYrLWQ&amp;source=gmail&amp;ust=1639471804842000&amp;usg=AOvVaw04oZkpF4kHjyJqSJ1PbHhU\">ONU: A pesar de los cambios sociales, las mujeres siguen haciendo el trabajo dom\u00e9stico y &#8230;-\u00a0<\/a><a>Infobae<br \/>\n<\/a><a href=\"https:\/\/www.google.com\/url?rct=j&amp;sa=t&amp;url=https:\/\/www.unomasuno.com.mx\/inmujeres-y-onu-mujeres-impulsan-el-reconocimiento-del-cuidado-como-un-derecho-humano\/&amp;ct=ga&amp;cd=CAEYAioUMTMyMjQ3NjUxNzI5Nzk0NDU0NDUyGWMwMzcyZWJjMmZlYWRhNTk6ZXM6ZXM6RVM&amp;usg=AFQjCNFGgiSd9VDRaFbceYhrvcNxXdgrFQ\" target=\"_blank\" rel=\"noopener\" data-saferedirecturl=\"https:\/\/www.google.com\/url?q=https:\/\/www.google.com\/url?rct%3Dj%26sa%3Dt%26url%3Dhttps:\/\/www.unomasuno.com.mx\/inmujeres-y-onu-mujeres-impulsan-el-reconocimiento-del-cuidado-como-un-derecho-humano\/%26ct%3Dga%26cd%3DCAEYAioUMTMyMjQ3NjUxNzI5Nzk0NDU0NDUyGWMwMzcyZWJjMmZlYWRhNTk6ZXM6ZXM6RVM%26usg%3DAFQjCNFGgiSd9VDRaFbceYhrvcNxXdgrFQ&amp;source=gmail&amp;ust=1639471809504000&amp;usg=AOvVaw3AUmUCeugWSKNydFflcy03\">Inmujeres y ONU Mujeres impulsan el reconocimiento del cuidado como un derecho humano-<\/a><a>Unom\u00e1suno<br \/>\n<\/a><a href=\"https:\/\/www.google.com\/url?rct=j&amp;sa=t&amp;url=https:\/\/www.dianova.org\/es\/noticias\/la-onu-que-necesitamos-para-el-mundo-que-queremos\/&amp;ct=ga&amp;cd=CAEYACoTNDc0MjUzNDgzMjEwNTY4Mjg2NzIZNTlkNzgxNzEzNmEyZDAyODplczplczpFUw&amp;usg=AFQjCNEQfAgpxj9bvghW53cIPvBN40mHHQ\" target=\"_blank\" rel=\"noopener\" data-saferedirecturl=\"https:\/\/www.google.com\/url?q=https:\/\/www.google.com\/url?rct%3Dj%26sa%3Dt%26url%3Dhttps:\/\/www.dianova.org\/es\/noticias\/la-onu-que-necesitamos-para-el-mundo-que-queremos\/%26ct%3Dga%26cd%3DCAEYACoTNDc0MjUzNDgzMjEwNTY4Mjg2NzIZNTlkNzgxNzEzNmEyZDAyODplczplczpFUw%26usg%3DAFQjCNEQfAgpxj9bvghW53cIPvBN40mHHQ&amp;source=gmail&amp;ust=1639471810875000&amp;usg=AOvVaw0QdD6P8g2sosDnqP3l2myb\">La ONU que necesitamos para el mundo que queremos &#8211;<\/a><a>Dianova International<br \/>\n<\/a><a href=\"https:\/\/www.google.com\/url?rct=j&amp;sa=t&amp;url=https:\/\/es.euronews.com\/2021\/12\/11\/protesta-contra-la-violencia-de-genero-en-tunez&amp;ct=ga&amp;cd=CAEYASoTNjcxMjk4NzMzNzQyNDg3NDE1OTIZZTJkZWZhN2Q1ZGE5MTU3ZDplczplczpFUw&amp;usg=AFQjCNH6NwhXsLCavbdX-_BZEM7GVb231g\" target=\"_blank\" rel=\"noopener\" data-saferedirecturl=\"https:\/\/www.google.com\/url?q=https:\/\/www.google.com\/url?rct%3Dj%26sa%3Dt%26url%3Dhttps:\/\/es.euronews.com\/2021\/12\/11\/protesta-contra-la-violencia-de-genero-en-tunez%26ct%3Dga%26cd%3DCAEYASoTNjcxMjk4NzMzNzQyNDg3NDE1OTIZZTJkZWZhN2Q1ZGE5MTU3ZDplczplczpFUw%26usg%3DAFQjCNH6NwhXsLCavbdX-_BZEM7GVb231g&amp;source=gmail&amp;ust=1639471809030000&amp;usg=AOvVaw2D6oC_Mp_B4jbiDh4W0dEy\">Protesta contra la violencia de g\u00e9nero en T\u00fanez\u00a0<\/a><a>Euronews<br \/>\n<\/a><a href=\"https:\/\/www.google.com\/url?rct=j&amp;sa=t&amp;url=https:\/\/www.bbc.com\/mundo\/noticias-58054138&amp;ct=ga&amp;cd=CAEYASoUMTI3ODI4NjY5MjczODcwNTcxNDIyGWMwMzcyZWJjMmZlYWRhNTk6ZXM6ZXM6RVM&amp;usg=AFQjCNHczKQLdyh7UfHTkC9OzsMBHXiGDQ\" target=\"_blank\" rel=\"noopener\" data-saferedirecturl=\"https:\/\/www.google.com\/url?q=https:\/\/www.google.com\/url?rct%3Dj%26sa%3Dt%26url%3Dhttps:\/\/www.bbc.com\/mundo\/noticias-58054138%26ct%3Dga%26cd%3DCAEYASoUMTI3ODI4NjY5MjczODcwNTcxNDIyGWMwMzcyZWJjMmZlYWRhNTk6ZXM6ZXM6RVM%26usg%3DAFQjCNHczKQLdyh7UfHTkC9OzsMBHXiGDQ&amp;source=gmail&amp;ust=1639471809474000&amp;usg=AOvVaw1fTeVx1dWyBOZ082FeWjWF\">Lady Mary Wortley Montagu, la mujer pionera de la inmunizaci\u00f3n olvidada por la historia &#8211;\u00a0<\/a>bbc<br \/>\n<a href=\"https:\/\/www.google.com\/url?rct=j&amp;sa=t&amp;url=https:\/\/eltiempolatino.com\/news\/2021\/dec\/10\/cientificas-del-smithsonian-panama-denuncian-anos-de-acoso-sexual\/&amp;ct=ga&amp;cd=CAEYFCoUMTI3ODI4NjY5MjczODcwNTcxNDIyGWMwMzcyZWJjMmZlYWRhNTk6ZXM6ZXM6RVM&amp;usg=AFQjCNGNOs2Pedxf4XZy8gb2r-jTjVh5hQ\" target=\"_blank\" rel=\"noopener\" data-saferedirecturl=\"https:\/\/www.google.com\/url?q=https:\/\/www.google.com\/url?rct%3Dj%26sa%3Dt%26url%3Dhttps:\/\/eltiempolatino.com\/news\/2021\/dec\/10\/cientificas-del-smithsonian-panama-denuncian-anos-de-acoso-sexual\/%26ct%3Dga%26cd%3DCAEYFCoUMTI3ODI4NjY5MjczODcwNTcxNDIyGWMwMzcyZWJjMmZlYWRhNTk6ZXM6ZXM6RVM%26usg%3DAFQjCNGNOs2Pedxf4XZy8gb2r-jTjVh5hQ&amp;source=gmail&amp;ust=1639471809481000&amp;usg=AOvVaw0k4kVFi2gjkVkydZK7BUP-\">Cient\u00edficas del Smithsonian Panam\u00e1 denuncian a\u00f1os de acoso sexual &#8211;\u00a0<\/a><a>El Tiempo Latino<br \/>\n<\/a><a href=\"https:\/\/www.google.com\/url?rct=j&amp;sa=t&amp;url=https:\/\/www.independentespanol.com\/estilo\/mujeres-linea-onu-campana-proteccion-b1974734.html&amp;ct=ga&amp;cd=CAEYACoTNzk2NzE0MjI4MTk0NTA4MjA0NjIZZTFlNzdkMTU2MDk4YThlMzplczplczpFUw&amp;usg=AFQjCNEuenTwTUTkQ3o6tvICX3OpOQMiYg\" target=\"_blank\" rel=\"noopener\" data-saferedirecturl=\"https:\/\/www.google.com\/url?q=https:\/\/www.google.com\/url?rct%3Dj%26sa%3Dt%26url%3Dhttps:\/\/www.independentespanol.com\/estilo\/mujeres-linea-onu-campana-proteccion-b1974734.html%26ct%3Dga%26cd%3DCAEYACoTNzk2NzE0MjI4MTk0NTA4MjA0NjIZZTFlNzdkMTU2MDk4YThlMzplczplczpFUw%26usg%3DAFQjCNEuenTwTUTkQ3o6tvICX3OpOQMiYg&amp;source=gmail&amp;ust=1639471804968000&amp;usg=AOvVaw12bMKryknJnIfjWlLtXkS3\">La campa\u00f1a \u201cbodyright\u201d de la ONU pide una mayor protecci\u00f3n en l\u00ednea para las mujeres &#8230;-\u00a0<\/a><a>Independent en Espa\u00f1ol<br \/>\n<\/a><a class=\"title\" href=\"https:\/\/theobjective.com\/cultura\/2021-12-13\/becoming-pelicula-directoras-cine-saudi\/\" target=\"_blank\" rel=\"noopener\" data-artpy=\"0\" data-author=\"theobjective.com\">&#8216;Becoming&#8217;, la pel\u00edcula que augura una nueva generaci\u00f3n de directoras de cine saud\u00edes<\/a>-theobjective<\/p>\n<\/div>\n<\/div>\n<\/div><\/div><\/div><\/div><\/div>\n","protected":false},"excerpt":{"rendered":"<p>Parlamento Europeo planta cara a la violencia digital contra las mujeres * Mujer joven con formaci\u00f3n STEM, la aspiraci\u00f3n de todas las organizaciones * Ganadora de cuatro Goyas y chica Almod\u00f3var, la gran carrera de la inolvidable Ver\u00f3nica Forqu\u00e9 * Ciberdating o el control de la pareja a trav\u00e9s de las TIC<\/p>\n","protected":false},"author":3,"featured_media":22909,"comment_status":"closed","ping_status":"closed","sticky":false,"template":"","format":"standard","meta":{"footnotes":""},"categories":[298,621],"tags":[95,130,109],"class_list":["post-15684","post","type-post","status-publish","format-standard","has-post-thumbnail","hentry","category-newsletter","category-nwl-3-0","tag-brecha-salarial","tag-ue","tag-violencia-de-genero"],"yoast_head":"<!-- This site is optimized with the Yoast SEO plugin v27.5 - https:\/\/yoast.com\/product\/yoast-seo-wordpress\/ -->\n<title>Noticias Info CKL n\u00ba 2641-13-12-21-Comunicar con perspectiva de g\u00e9nero<\/title>\n<meta name=\"description\" content=\"Parlamento Europeo planta cara a la violencia digital contra las mujeres * Mujer joven con formaci\u00f3n STEM, la aspiraci\u00f3n de todas las organizaciones * Ganadora de cuatro Goyas y chica Almod\u00f3var, la gran carrera de la inolvidable Ver\u00f3nica Forqu\u00e9 * Ciberdating o el control de la pareja a trav\u00e9s de las TIC\" \/>\n<meta name=\"robots\" content=\"index, follow, max-snippet:-1, max-image-preview:large, max-video-preview:-1\" \/>\n<link rel=\"canonical\" href=\"https:\/\/cklcomunicaciones.es\/coop\/noticias-info-ckl-no-2-2641-13-12-21\/\" \/>\n<meta property=\"og:locale\" content=\"es_ES\" \/>\n<meta property=\"og:type\" content=\"article\" \/>\n<meta property=\"og:title\" content=\"Noticias Info CKL n\u00ba 2641-13-12-21-Comunicar con perspectiva de g\u00e9nero\" \/>\n<meta property=\"og:description\" content=\"Parlamento Europeo planta cara a la violencia digital contra las mujeres * Mujer joven con formaci\u00f3n STEM, la aspiraci\u00f3n de todas las organizaciones * Ganadora de cuatro Goyas y chica Almod\u00f3var, la gran carrera de la inolvidable Ver\u00f3nica Forqu\u00e9 * Ciberdating o el control de la pareja a trav\u00e9s de las TIC\" \/>\n<meta property=\"og:url\" content=\"https:\/\/cklcomunicaciones.es\/coop\/noticias-info-ckl-no-2-2641-13-12-21\/\" \/>\n<meta property=\"og:site_name\" content=\"CKL Comunicaciones\" \/>\n<meta property=\"article:published_time\" content=\"2021-12-13T14:11:52+00:00\" \/>\n<meta property=\"article:modified_time\" content=\"2025-02-09T17:25:16+00:00\" \/>\n<meta property=\"og:image\" content=\"https:\/\/cklcomunicaciones.es\/coop\/wp-content\/uploads\/2025\/01\/CKL-una-mirada-distinta-de-la-comunicacion.jpg\" \/>\n\t<meta property=\"og:image:width\" content=\"1482\" \/>\n\t<meta property=\"og:image:height\" content=\"775\" \/>\n\t<meta property=\"og:image:type\" content=\"image\/jpeg\" \/>\n<meta name=\"author\" content=\"ckl\" \/>\n<meta name=\"twitter:card\" content=\"summary_large_image\" \/>\n<meta name=\"twitter:label1\" content=\"Escrito por\" \/>\n\t<meta name=\"twitter:data1\" content=\"ckl\" \/>\n\t<meta name=\"twitter:label2\" content=\"Tiempo de lectura\" \/>\n\t<meta name=\"twitter:data2\" content=\"5 minutos\" \/>\n<script type=\"application\/ld+json\" class=\"yoast-schema-graph\">{\"@context\":\"https:\\\/\\\/schema.org\",\"@graph\":[{\"@type\":\"Article\",\"@id\":\"https:\\\/\\\/cklcomunicaciones.es\\\/coop\\\/noticias-info-ckl-no-2-2641-13-12-21\\\/#article\",\"isPartOf\":{\"@id\":\"https:\\\/\\\/cklcomunicaciones.es\\\/coop\\\/noticias-info-ckl-no-2-2641-13-12-21\\\/\"},\"author\":{\"name\":\"ckl\",\"@id\":\"https:\\\/\\\/cklcomunicaciones.es\\\/coop\\\/#\\\/schema\\\/person\\\/929a6837f7626450bbb50cee1aef266e\"},\"headline\":\"Noticias Info CKL n\u00ba 2641-13\\\/12\\\/21\",\"datePublished\":\"2021-12-13T14:11:52+00:00\",\"dateModified\":\"2025-02-09T17:25:16+00:00\",\"mainEntityOfPage\":{\"@id\":\"https:\\\/\\\/cklcomunicaciones.es\\\/coop\\\/noticias-info-ckl-no-2-2641-13-12-21\\\/\"},\"wordCount\":1157,\"image\":{\"@id\":\"https:\\\/\\\/cklcomunicaciones.es\\\/coop\\\/noticias-info-ckl-no-2-2641-13-12-21\\\/#primaryimage\"},\"thumbnailUrl\":\"https:\\\/\\\/cklcomunicaciones.es\\\/coop\\\/wp-content\\\/uploads\\\/2025\\\/01\\\/CKL-una-mirada-distinta-de-la-comunicacion.jpg\",\"keywords\":[\"brecha salarial\",\"UE\",\"violencia de g\u00e9nero\"],\"articleSection\":[\"Newsletter\",\"Nwl v3.0\"],\"inLanguage\":\"es\"},{\"@type\":\"WebPage\",\"@id\":\"https:\\\/\\\/cklcomunicaciones.es\\\/coop\\\/noticias-info-ckl-no-2-2641-13-12-21\\\/\",\"url\":\"https:\\\/\\\/cklcomunicaciones.es\\\/coop\\\/noticias-info-ckl-no-2-2641-13-12-21\\\/\",\"name\":\"Noticias Info CKL n\u00ba 2641-13-12-21-Comunicar con perspectiva de g\u00e9nero\",\"isPartOf\":{\"@id\":\"https:\\\/\\\/cklcomunicaciones.es\\\/coop\\\/#website\"},\"primaryImageOfPage\":{\"@id\":\"https:\\\/\\\/cklcomunicaciones.es\\\/coop\\\/noticias-info-ckl-no-2-2641-13-12-21\\\/#primaryimage\"},\"image\":{\"@id\":\"https:\\\/\\\/cklcomunicaciones.es\\\/coop\\\/noticias-info-ckl-no-2-2641-13-12-21\\\/#primaryimage\"},\"thumbnailUrl\":\"https:\\\/\\\/cklcomunicaciones.es\\\/coop\\\/wp-content\\\/uploads\\\/2025\\\/01\\\/CKL-una-mirada-distinta-de-la-comunicacion.jpg\",\"datePublished\":\"2021-12-13T14:11:52+00:00\",\"dateModified\":\"2025-02-09T17:25:16+00:00\",\"author\":{\"@id\":\"https:\\\/\\\/cklcomunicaciones.es\\\/coop\\\/#\\\/schema\\\/person\\\/929a6837f7626450bbb50cee1aef266e\"},\"description\":\"Parlamento Europeo planta cara a la violencia digital contra las mujeres * Mujer joven con formaci\u00f3n STEM, la aspiraci\u00f3n de todas las organizaciones * Ganadora de cuatro Goyas y chica Almod\u00f3var, la gran carrera de la inolvidable Ver\u00f3nica Forqu\u00e9 * Ciberdating o el control de la pareja a trav\u00e9s de las TIC\",\"breadcrumb\":{\"@id\":\"https:\\\/\\\/cklcomunicaciones.es\\\/coop\\\/noticias-info-ckl-no-2-2641-13-12-21\\\/#breadcrumb\"},\"inLanguage\":\"es\",\"potentialAction\":[{\"@type\":\"ReadAction\",\"target\":[\"https:\\\/\\\/cklcomunicaciones.es\\\/coop\\\/noticias-info-ckl-no-2-2641-13-12-21\\\/\"]}]},{\"@type\":\"ImageObject\",\"inLanguage\":\"es\",\"@id\":\"https:\\\/\\\/cklcomunicaciones.es\\\/coop\\\/noticias-info-ckl-no-2-2641-13-12-21\\\/#primaryimage\",\"url\":\"https:\\\/\\\/cklcomunicaciones.es\\\/coop\\\/wp-content\\\/uploads\\\/2025\\\/01\\\/CKL-una-mirada-distinta-de-la-comunicacion.jpg\",\"contentUrl\":\"https:\\\/\\\/cklcomunicaciones.es\\\/coop\\\/wp-content\\\/uploads\\\/2025\\\/01\\\/CKL-una-mirada-distinta-de-la-comunicacion.jpg\",\"width\":1482,\"height\":775,\"caption\":\"CKL - una mirada distinta de la comunicacion\"},{\"@type\":\"BreadcrumbList\",\"@id\":\"https:\\\/\\\/cklcomunicaciones.es\\\/coop\\\/noticias-info-ckl-no-2-2641-13-12-21\\\/#breadcrumb\",\"itemListElement\":[{\"@type\":\"ListItem\",\"position\":1,\"name\":\"Portada\",\"item\":\"https:\\\/\\\/cklcomunicaciones.es\\\/coop\\\/\"},{\"@type\":\"ListItem\",\"position\":2,\"name\":\"Noticias Info CKL n\u00ba 2641-13\\\/12\\\/21\"}]},{\"@type\":\"WebSite\",\"@id\":\"https:\\\/\\\/cklcomunicaciones.es\\\/coop\\\/#website\",\"url\":\"https:\\\/\\\/cklcomunicaciones.es\\\/coop\\\/\",\"name\":\"CKL Comunicaciones\",\"description\":\"Sitio web de CKL Comunicaciones coop , la consultora de comunicaci\u00f3n y estrategia\",\"potentialAction\":[{\"@type\":\"SearchAction\",\"target\":{\"@type\":\"EntryPoint\",\"urlTemplate\":\"https:\\\/\\\/cklcomunicaciones.es\\\/coop\\\/?s={search_term_string}\"},\"query-input\":{\"@type\":\"PropertyValueSpecification\",\"valueRequired\":true,\"valueName\":\"search_term_string\"}}],\"inLanguage\":\"es\"},{\"@type\":\"Person\",\"@id\":\"https:\\\/\\\/cklcomunicaciones.es\\\/coop\\\/#\\\/schema\\\/person\\\/929a6837f7626450bbb50cee1aef266e\",\"name\":\"ckl\",\"image\":{\"@type\":\"ImageObject\",\"inLanguage\":\"es\",\"@id\":\"https:\\\/\\\/secure.gravatar.com\\\/avatar\\\/c82db564e8a669bf6023357a157b9dc4780f4d4c618f2ad1d71a6a5dede45057?s=96&d=mm&r=g\",\"url\":\"https:\\\/\\\/secure.gravatar.com\\\/avatar\\\/c82db564e8a669bf6023357a157b9dc4780f4d4c618f2ad1d71a6a5dede45057?s=96&d=mm&r=g\",\"contentUrl\":\"https:\\\/\\\/secure.gravatar.com\\\/avatar\\\/c82db564e8a669bf6023357a157b9dc4780f4d4c618f2ad1d71a6a5dede45057?s=96&d=mm&r=g\",\"caption\":\"ckl\"},\"url\":\"https:\\\/\\\/cklcomunicaciones.es\\\/coop\\\/author\\\/cklcomunicaciones\\\/\"}]}<\/script>\n<!-- \/ Yoast SEO plugin. -->","yoast_head_json":{"title":"Noticias Info CKL n\u00ba 2641-13-12-21-Comunicar con perspectiva de g\u00e9nero","description":"Parlamento Europeo planta cara a la violencia digital contra las mujeres * Mujer joven con formaci\u00f3n STEM, la aspiraci\u00f3n de todas las organizaciones * Ganadora de cuatro Goyas y chica Almod\u00f3var, la gran carrera de la inolvidable Ver\u00f3nica Forqu\u00e9 * Ciberdating o el control de la pareja a trav\u00e9s de las TIC","robots":{"index":"index","follow":"follow","max-snippet":"max-snippet:-1","max-image-preview":"max-image-preview:large","max-video-preview":"max-video-preview:-1"},"canonical":"https:\/\/cklcomunicaciones.es\/coop\/noticias-info-ckl-no-2-2641-13-12-21\/","og_locale":"es_ES","og_type":"article","og_title":"Noticias Info CKL n\u00ba 2641-13-12-21-Comunicar con perspectiva de g\u00e9nero","og_description":"Parlamento Europeo planta cara a la violencia digital contra las mujeres * Mujer joven con formaci\u00f3n STEM, la aspiraci\u00f3n de todas las organizaciones * Ganadora de cuatro Goyas y chica Almod\u00f3var, la gran carrera de la inolvidable Ver\u00f3nica Forqu\u00e9 * Ciberdating o el control de la pareja a trav\u00e9s de las TIC","og_url":"https:\/\/cklcomunicaciones.es\/coop\/noticias-info-ckl-no-2-2641-13-12-21\/","og_site_name":"CKL Comunicaciones","article_published_time":"2021-12-13T14:11:52+00:00","article_modified_time":"2025-02-09T17:25:16+00:00","og_image":[{"width":1482,"height":775,"url":"https:\/\/cklcomunicaciones.es\/coop\/wp-content\/uploads\/2025\/01\/CKL-una-mirada-distinta-de-la-comunicacion.jpg","type":"image\/jpeg"}],"author":"ckl","twitter_card":"summary_large_image","twitter_misc":{"Escrito por":"ckl","Tiempo de lectura":"5 minutos"},"schema":{"@context":"https:\/\/schema.org","@graph":[{"@type":"Article","@id":"https:\/\/cklcomunicaciones.es\/coop\/noticias-info-ckl-no-2-2641-13-12-21\/#article","isPartOf":{"@id":"https:\/\/cklcomunicaciones.es\/coop\/noticias-info-ckl-no-2-2641-13-12-21\/"},"author":{"name":"ckl","@id":"https:\/\/cklcomunicaciones.es\/coop\/#\/schema\/person\/929a6837f7626450bbb50cee1aef266e"},"headline":"Noticias Info CKL n\u00ba 2641-13\/12\/21","datePublished":"2021-12-13T14:11:52+00:00","dateModified":"2025-02-09T17:25:16+00:00","mainEntityOfPage":{"@id":"https:\/\/cklcomunicaciones.es\/coop\/noticias-info-ckl-no-2-2641-13-12-21\/"},"wordCount":1157,"image":{"@id":"https:\/\/cklcomunicaciones.es\/coop\/noticias-info-ckl-no-2-2641-13-12-21\/#primaryimage"},"thumbnailUrl":"https:\/\/cklcomunicaciones.es\/coop\/wp-content\/uploads\/2025\/01\/CKL-una-mirada-distinta-de-la-comunicacion.jpg","keywords":["brecha salarial","UE","violencia de g\u00e9nero"],"articleSection":["Newsletter","Nwl v3.0"],"inLanguage":"es"},{"@type":"WebPage","@id":"https:\/\/cklcomunicaciones.es\/coop\/noticias-info-ckl-no-2-2641-13-12-21\/","url":"https:\/\/cklcomunicaciones.es\/coop\/noticias-info-ckl-no-2-2641-13-12-21\/","name":"Noticias Info CKL n\u00ba 2641-13-12-21-Comunicar con perspectiva de g\u00e9nero","isPartOf":{"@id":"https:\/\/cklcomunicaciones.es\/coop\/#website"},"primaryImageOfPage":{"@id":"https:\/\/cklcomunicaciones.es\/coop\/noticias-info-ckl-no-2-2641-13-12-21\/#primaryimage"},"image":{"@id":"https:\/\/cklcomunicaciones.es\/coop\/noticias-info-ckl-no-2-2641-13-12-21\/#primaryimage"},"thumbnailUrl":"https:\/\/cklcomunicaciones.es\/coop\/wp-content\/uploads\/2025\/01\/CKL-una-mirada-distinta-de-la-comunicacion.jpg","datePublished":"2021-12-13T14:11:52+00:00","dateModified":"2025-02-09T17:25:16+00:00","author":{"@id":"https:\/\/cklcomunicaciones.es\/coop\/#\/schema\/person\/929a6837f7626450bbb50cee1aef266e"},"description":"Parlamento Europeo planta cara a la violencia digital contra las mujeres * Mujer joven con formaci\u00f3n STEM, la aspiraci\u00f3n de todas las organizaciones * Ganadora de cuatro Goyas y chica Almod\u00f3var, la gran carrera de la inolvidable Ver\u00f3nica Forqu\u00e9 * Ciberdating o el control de la pareja a trav\u00e9s de las TIC","breadcrumb":{"@id":"https:\/\/cklcomunicaciones.es\/coop\/noticias-info-ckl-no-2-2641-13-12-21\/#breadcrumb"},"inLanguage":"es","potentialAction":[{"@type":"ReadAction","target":["https:\/\/cklcomunicaciones.es\/coop\/noticias-info-ckl-no-2-2641-13-12-21\/"]}]},{"@type":"ImageObject","inLanguage":"es","@id":"https:\/\/cklcomunicaciones.es\/coop\/noticias-info-ckl-no-2-2641-13-12-21\/#primaryimage","url":"https:\/\/cklcomunicaciones.es\/coop\/wp-content\/uploads\/2025\/01\/CKL-una-mirada-distinta-de-la-comunicacion.jpg","contentUrl":"https:\/\/cklcomunicaciones.es\/coop\/wp-content\/uploads\/2025\/01\/CKL-una-mirada-distinta-de-la-comunicacion.jpg","width":1482,"height":775,"caption":"CKL - una mirada distinta de la comunicacion"},{"@type":"BreadcrumbList","@id":"https:\/\/cklcomunicaciones.es\/coop\/noticias-info-ckl-no-2-2641-13-12-21\/#breadcrumb","itemListElement":[{"@type":"ListItem","position":1,"name":"Portada","item":"https:\/\/cklcomunicaciones.es\/coop\/"},{"@type":"ListItem","position":2,"name":"Noticias Info CKL n\u00ba 2641-13\/12\/21"}]},{"@type":"WebSite","@id":"https:\/\/cklcomunicaciones.es\/coop\/#website","url":"https:\/\/cklcomunicaciones.es\/coop\/","name":"CKL Comunicaciones","description":"Sitio web de CKL Comunicaciones coop , la consultora de comunicaci\u00f3n y estrategia","potentialAction":[{"@type":"SearchAction","target":{"@type":"EntryPoint","urlTemplate":"https:\/\/cklcomunicaciones.es\/coop\/?s={search_term_string}"},"query-input":{"@type":"PropertyValueSpecification","valueRequired":true,"valueName":"search_term_string"}}],"inLanguage":"es"},{"@type":"Person","@id":"https:\/\/cklcomunicaciones.es\/coop\/#\/schema\/person\/929a6837f7626450bbb50cee1aef266e","name":"ckl","image":{"@type":"ImageObject","inLanguage":"es","@id":"https:\/\/secure.gravatar.com\/avatar\/c82db564e8a669bf6023357a157b9dc4780f4d4c618f2ad1d71a6a5dede45057?s=96&d=mm&r=g","url":"https:\/\/secure.gravatar.com\/avatar\/c82db564e8a669bf6023357a157b9dc4780f4d4c618f2ad1d71a6a5dede45057?s=96&d=mm&r=g","contentUrl":"https:\/\/secure.gravatar.com\/avatar\/c82db564e8a669bf6023357a157b9dc4780f4d4c618f2ad1d71a6a5dede45057?s=96&d=mm&r=g","caption":"ckl"},"url":"https:\/\/cklcomunicaciones.es\/coop\/author\/cklcomunicaciones\/"}]}},"_links":{"self":[{"href":"https:\/\/cklcomunicaciones.es\/coop\/wp-json\/wp\/v2\/posts\/15684","targetHints":{"allow":["GET"]}}],"collection":[{"href":"https:\/\/cklcomunicaciones.es\/coop\/wp-json\/wp\/v2\/posts"}],"about":[{"href":"https:\/\/cklcomunicaciones.es\/coop\/wp-json\/wp\/v2\/types\/post"}],"author":[{"embeddable":true,"href":"https:\/\/cklcomunicaciones.es\/coop\/wp-json\/wp\/v2\/users\/3"}],"replies":[{"embeddable":true,"href":"https:\/\/cklcomunicaciones.es\/coop\/wp-json\/wp\/v2\/comments?post=15684"}],"version-history":[{"count":0,"href":"https:\/\/cklcomunicaciones.es\/coop\/wp-json\/wp\/v2\/posts\/15684\/revisions"}],"wp:featuredmedia":[{"embeddable":true,"href":"https:\/\/cklcomunicaciones.es\/coop\/wp-json\/wp\/v2\/media\/22909"}],"wp:attachment":[{"href":"https:\/\/cklcomunicaciones.es\/coop\/wp-json\/wp\/v2\/media?parent=15684"}],"wp:term":[{"taxonomy":"category","embeddable":true,"href":"https:\/\/cklcomunicaciones.es\/coop\/wp-json\/wp\/v2\/categories?post=15684"},{"taxonomy":"post_tag","embeddable":true,"href":"https:\/\/cklcomunicaciones.es\/coop\/wp-json\/wp\/v2\/tags?post=15684"}],"curies":[{"name":"wp","href":"https:\/\/api.w.org\/{rel}","templated":true}]}}