{"id":15680,"date":"2021-12-10T13:19:54","date_gmt":"2021-12-10T12:19:54","guid":{"rendered":"https:\/\/www.cklcomunicaciones.es\/?p=15680"},"modified":"2025-02-09T18:36:14","modified_gmt":"2025-02-09T17:36:14","slug":"noticias-info-ckl-no-2640-10-12-21","status":"publish","type":"post","link":"https:\/\/cklcomunicaciones.es\/coop\/noticias-info-ckl-no-2640-10-12-21\/","title":{"rendered":"Noticias Info CKL n\u00ba 2640-10\/12\/21"},"content":{"rendered":"<div class=\"fusion-fullwidth fullwidth-box fusion-builder-row-1 fusion-flex-container nonhundred-percent-fullwidth non-hundred-percent-height-scrolling\" style=\"--awb-border-radius-top-left:0px;--awb-border-radius-top-right:0px;--awb-border-radius-bottom-right:0px;--awb-border-radius-bottom-left:0px;--awb-flex-wrap:wrap;\" ><div class=\"fusion-builder-row fusion-row fusion-flex-align-items-flex-start fusion-flex-content-wrap\" style=\"max-width:1248px;margin-left: calc(-4% \/ 2 );margin-right: calc(-4% \/ 2 );\"><div class=\"fusion-layout-column fusion_builder_column fusion-builder-column-0 fusion_builder_column_1_1 1_1 fusion-flex-column\" style=\"--awb-bg-blend:overlay;--awb-bg-size:cover;--awb-width-large:100%;--awb-margin-top-large:0px;--awb-spacing-right-large:1.92%;--awb-margin-bottom-large:0px;--awb-spacing-left-large:1.92%;--awb-width-medium:100%;--awb-spacing-right-medium:1.92%;--awb-spacing-left-medium:1.92%;--awb-width-small:100%;--awb-spacing-right-small:1.92%;--awb-spacing-left-small:1.92%;\"><div class=\"fusion-column-wrapper fusion-flex-justify-content-flex-start fusion-content-layout-column\"><div class=\"fusion-text fusion-text-1\"><h1>Convocatorias<\/h1>\n<div id=\"\" class=\"lsow-panel lsow-active\">\n<div class=\"lsow-panel-content\">\n<ul>\n<li lang=\"zxx\"><a href=\"https:\/\/www.juntadeandalucia.es\/institutodelamujer\/catalogo\/doc\/convocatorias\/2021-iam\/MA-EL-jornadas-victimizacion-secundaria.pdf\" target=\"_blank\" rel=\"noopener\" data-saferedirecturl=\"https:\/\/www.google.com\/url?q=https:\/\/www.juntadeandalucia.es\/institutodelamujer\/catalogo\/doc\/convocatorias\/2021-iam\/MA-EL-jornadas-victimizacion-secundaria.pdf&amp;source=gmail&amp;ust=1639216343188000&amp;usg=AOvVaw1rPp0yGUVnxUG6JYKREOgA\">Jornadas sobre &#8216;Victimizaci\u00f3n secundaria en mujeres y menores v\u00edctimas de violencia de g\u00e9nero&#8217;<\/a>. Centro Provincial del Instituto Andaluz de la Mujer de\u00a0M\u00e1laga.\u00a015\u00a0de diciembre\u00a0de 9:30 a 14:00 h.\u00a0Presencial y en &#8216;streaming&#8217; a trav\u00e9s de las redes sociales del IAM,\u00a0quedando alojadas en el canal de Youtube del IAM. Inscripci\u00f3n:\u00a0<a href=\"mailto:cmujer.almeria.iam@juntadeandalucia.es\" target=\"_blank\" rel=\"noopener\">cmujer.malaga.iam@<wbr \/>juntadeandalucia.es<\/a><\/li>\n<li><a href=\"https:\/\/www.todoliteratura.es\/noticia\/55761\/actualidad\/la-represion-de-la-mujer-en-espana-e-irlanda-visto-por-pilar-iglesias-aparicio.html\" target=\"_blank\" rel=\"noopener\" data-saferedirecturl=\"https:\/\/www.google.com\/url?q=https:\/\/www.todoliteratura.es\/noticia\/55761\/actualidad\/la-represion-de-la-mujer-en-espana-e-irlanda-visto-por-pilar-iglesias-aparicio.html&amp;source=gmail&amp;ust=1639216452468000&amp;usg=AOvVaw1-GI9QTAgY90n01s5ROPEi\">Presentaci\u00f3n del libro\u00a0<\/a><strong><a href=\"https:\/\/www.todoliteratura.es\/noticia\/55761\/actualidad\/la-represion-de-la-mujer-en-espana-e-irlanda-visto-por-pilar-iglesias-aparicio.html\" target=\"_blank\" rel=\"noopener\" data-saferedirecturl=\"https:\/\/www.google.com\/url?q=https:\/\/www.todoliteratura.es\/noticia\/55761\/actualidad\/la-represion-de-la-mujer-en-espana-e-irlanda-visto-por-pilar-iglesias-aparicio.html&amp;source=gmail&amp;ust=1639216452468000&amp;usg=AOvVaw1-GI9QTAgY90n01s5ROPEi\">&#8216;<\/a><\/strong><a href=\"https:\/\/www.todoliteratura.es\/noticia\/55761\/actualidad\/la-represion-de-la-mujer-en-espana-e-irlanda-visto-por-pilar-iglesias-aparicio.html\" target=\"_blank\" rel=\"noopener\" data-saferedirecturl=\"https:\/\/www.google.com\/url?q=https:\/\/www.todoliteratura.es\/noticia\/55761\/actualidad\/la-represion-de-la-mujer-en-espana-e-irlanda-visto-por-pilar-iglesias-aparicio.html&amp;source=gmail&amp;ust=1639216452468000&amp;usg=AOvVaw1-GI9QTAgY90n01s5ROPEi\">P<\/a><a href=\"https:\/\/www.todoliteratura.es\/noticia\/55761\/actualidad\/la-represion-de-la-mujer-en-espana-e-irlanda-visto-por-pilar-iglesias-aparicio.html\" target=\"_blank\" rel=\"noopener\" data-saferedirecturl=\"https:\/\/www.google.com\/url?q=https:\/\/www.todoliteratura.es\/noticia\/55761\/actualidad\/la-represion-de-la-mujer-en-espana-e-irlanda-visto-por-pilar-iglesias-aparicio.html&amp;source=gmail&amp;ust=1639216452468000&amp;usg=AOvVaw1-GI9QTAgY90n01s5ROPEi\">ol\u00edticas de represi\u00f3n y punici\u00f3n de las mujeres. Las lavander\u00edas de la Magdalena de Irlanda y el Patronato de Protecci\u00f3n a la Mujer de Espa\u00f1a&#8217;<\/a><strong><a href=\"https:\/\/www.todoliteratura.es\/noticia\/55761\/actualidad\/la-represion-de-la-mujer-en-espana-e-irlanda-visto-por-pilar-iglesias-aparicio.html\" target=\"_blank\" rel=\"noopener\" data-saferedirecturl=\"https:\/\/www.google.com\/url?q=https:\/\/www.todoliteratura.es\/noticia\/55761\/actualidad\/la-represion-de-la-mujer-en-espana-e-irlanda-visto-por-pilar-iglesias-aparicio.html&amp;source=gmail&amp;ust=1639216452468000&amp;usg=AOvVaw1-GI9QTAgY90n01s5ROPEi\">,\u00a0<\/a><\/strong><a href=\"https:\/\/www.todoliteratura.es\/noticia\/55761\/actualidad\/la-represion-de-la-mujer-en-espana-e-irlanda-visto-por-pilar-iglesias-aparicio.html\" target=\"_blank\" rel=\"noopener\" data-saferedirecturl=\"https:\/\/www.google.com\/url?q=https:\/\/www.todoliteratura.es\/noticia\/55761\/actualidad\/la-represion-de-la-mujer-en-espana-e-irlanda-visto-por-pilar-iglesias-aparicio.html&amp;source=gmail&amp;ust=1639216452468000&amp;usg=AOvVaw1-GI9QTAgY90n01s5ROPEi\">de Pilar Iglesias Aparicio<\/a>.\u00a0Sociedad Econ\u00f3mica de M\u00e1laga. 14 de diciembre a las 19:00 h.<\/li>\n<li>Conferencia y exposici\u00f3n &#8216;Educaci\u00f3n patriarcal con perspectiva de g\u00e9nero&#8217; [Dentro del\u00a0<a href=\"https:\/\/www.juntadeandalucia.es\/iam\/catalogo\/doc\/convocatorias\/2021-genero\/SE-feminismo-en-barrios-CCOO.png\" target=\"_blank\" rel=\"noopener prettyPhoto&#091;15680&#093;\" data-saferedirecturl=\"https:\/\/www.google.com\/url?q=https:\/\/www.juntadeandalucia.es\/iam\/catalogo\/doc\/convocatorias\/2021-genero\/SE-feminismo-en-barrios-CCOO.png&amp;source=gmail&amp;ust=1639220983256000&amp;usg=AOvVaw3tziJ1FkUzYl963nqY8RE9\">Ciclo &#8216;Feminismo en los Barrios&#8217;<\/a>]. CCOO Sevilla.\u00a0Hogar Virgen de los Reyes (C\/ Fray Isidoro de Sevilla, 1),\u00a016 de diciembre a las 18:00 h.<\/li>\n<li><a href=\"https:\/\/mujeresdelsur.es\/quiero-ser-mujer-fatal\/\" target=\"_blank\" rel=\"noopener\" data-saferedirecturl=\"https:\/\/www.google.com\/url?q=https:\/\/mujeresdelsur.es\/quiero-ser-mujer-fatal\/&amp;source=gmail&amp;ust=1639220983256000&amp;usg=AOvVaw1LAGfKye-7tX_blK3yH4jb\">Exposici\u00f3n &#8216;Quiero ser mujer fatal. Mito e imagen de la mujer moderna 1890-1940&#8217;<\/a>. Galer\u00eda de ABC. Hasta el 22 de enero de 2022<\/li>\n<\/ul>\n<\/div>\n<\/div>\n<div id=\"\" class=\"lsow-panel lsow-active\">\n<h1 class=\"lsow-panel-title\">Comunicaci\u00f3n, Publicidad y TICs<\/h1>\n<div class=\"lsow-panel-content\">\n<p><a href=\"https:\/\/www.google.com\/url?rct=j&amp;sa=t&amp;url=https:\/\/www.telam.com.ar\/notas\/202112\/577221-editora-de-genero-diversidades-telam-premios-lola-mora-silvina-molina.html&amp;ct=ga&amp;cd=CAEYCCoTMjcwMjMyMzY4OTIxNTQ5ODk1NDIZNTlkNzgxNzEzNmEyZDAyODplczplczpFUw&amp;usg=AFQjCNFmoU_jxFenkDEsy8gJYACd4o88TQ\" target=\"_blank\" rel=\"noopener\" data-saferedirecturl=\"https:\/\/www.google.com\/url?q=https:\/\/www.google.com\/url?rct%3Dj%26sa%3Dt%26url%3Dhttps:\/\/www.telam.com.ar\/notas\/202112\/577221-editora-de-genero-diversidades-telam-premios-lola-mora-silvina-molina.html%26ct%3Dga%26cd%3DCAEYCCoTMjcwMjMyMzY4OTIxNTQ5ODk1NDIZNTlkNzgxNzEzNmEyZDAyODplczplczpFUw%26usg%3DAFQjCNFmoU_jxFenkDEsy8gJYACd4o88TQ&amp;source=gmail&amp;ust=1639221363547000&amp;usg=AOvVaw357YNDYHdiDXQU2qjS9ilA\">La Editora de G\u00e9nero y Diversidades de T\u00e9lam fue distinguida en los Premios Lola Mora-\u00a0<\/a><a>T\u00e9lam<br \/>\n<\/a><a href=\"https:\/\/www.google.com\/url?rct=j&amp;sa=t&amp;url=https:\/\/www.lavanguardia.com\/vida\/20211209\/7918434\/juguetes-declaran-huelga.html&amp;ct=ga&amp;cd=CAEYASoTMzU1MjUyOTc1OTkzNTAxMTkyNDIZZTJkZWZhN2Q1ZGE5MTU3ZDplczplczpFUw&amp;usg=AFQjCNFFoawyEW-wJyCokG-QJcM31E8bvw\" target=\"_blank\" rel=\"noopener\" data-saferedirecturl=\"https:\/\/www.google.com\/url?q=https:\/\/www.google.com\/url?rct%3Dj%26sa%3Dt%26url%3Dhttps:\/\/www.lavanguardia.com\/vida\/20211209\/7918434\/juguetes-declaran-huelga.html%26ct%3Dga%26cd%3DCAEYASoTMzU1MjUyOTc1OTkzNTAxMTkyNDIZZTJkZWZhN2Q1ZGE5MTU3ZDplczplczpFUw%26usg%3DAFQjCNFFoawyEW-wJyCokG-QJcM31E8bvw&amp;source=gmail&amp;ust=1639219613901000&amp;usg=AOvVaw3yONbV5JHwyCBuXQcjhzwE\">Los juguetes se declaran en huelga contra la publicidad sexista &#8211;<\/a>lavanguardia<br \/>\n<a href=\"https:\/\/www.google.com\/url?rct=j&amp;sa=t&amp;url=https:\/\/www.noticiasde.es\/andalucia\/granada\/advierten-del-aumento-del-discurso-de-odio-en-internet-con-motivo-del-dia-de-las-personas-migrantes\/&amp;ct=ga&amp;cd=CAEYACoTNzA1ODk3NDQ0MTQ0MjY1NTk1NjIZZWE5MjU4MDRkNjdmMjdiMzplczplczpFUw&amp;usg=AFQjCNEA1bFMJ6YvWM83MZz9cwlmyUN1aQ\" target=\"_blank\" rel=\"noopener\" data-saferedirecturl=\"https:\/\/www.google.com\/url?q=https:\/\/www.google.com\/url?rct%3Dj%26sa%3Dt%26url%3Dhttps:\/\/www.noticiasde.es\/andalucia\/granada\/advierten-del-aumento-del-discurso-de-odio-en-internet-con-motivo-del-dia-de-las-personas-migrantes\/%26ct%3Dga%26cd%3DCAEYACoTNzA1ODk3NDQ0MTQ0MjY1NTk1NjIZZWE5MjU4MDRkNjdmMjdiMzplczplczpFUw%26usg%3DAFQjCNEA1bFMJ6YvWM83MZz9cwlmyUN1aQ&amp;source=gmail&amp;ust=1639218636568000&amp;usg=AOvVaw19SE5yW7cOFMungob5uBpu\">Advierten del aumento del \u201cdiscurso de odio\u201d en internet con motivo del D\u00eda de las Personas &#8230;-\u00a0<\/a><a>NoticiasDe.es<br \/>\n<\/a><a href=\"https:\/\/www.google.com\/url?rct=j&amp;sa=t&amp;url=http:\/\/www.cubadebate.cu\/noticias\/2021\/12\/09\/europa-herramientas-tecnologicas-desplegadas-en-la-pandemia-podrian-consolidar-y-normalizar-vigilancia-cotidiana\/&amp;ct=ga&amp;cd=CAEYAioTMTg5NTE0ODM1MDY1MDM0ODU0ODIZZTFlNzdkMTU2MDk4YThlMzplczplczpFUw&amp;usg=AFQjCNH-IDJbBt0ESdgn92OBcSTTSbPS2w\" target=\"_blank\" rel=\"noopener\" data-saferedirecturl=\"https:\/\/www.google.com\/url?q=https:\/\/www.google.com\/url?rct%3Dj%26sa%3Dt%26url%3Dhttp:\/\/www.cubadebate.cu\/noticias\/2021\/12\/09\/europa-herramientas-tecnologicas-desplegadas-en-la-pandemia-podrian-consolidar-y-normalizar-vigilancia-cotidiana\/%26ct%3Dga%26cd%3DCAEYAioTMTg5NTE0ODM1MDY1MDM0ODU0ODIZZTFlNzdkMTU2MDk4YThlMzplczplczpFUw%26usg%3DAFQjCNH-IDJbBt0ESdgn92OBcSTTSbPS2w&amp;source=gmail&amp;ust=1639219613938000&amp;usg=AOvVaw19EJGiPqB4aoh7FY9nahH_\">Europa: Herramientas tecnol\u00f3gicas desplegadas en la pandemia podr\u00edan consolidar y normalizar la vigilancia cotidiana &#8230;-\u00a0<\/a><a>Cubadebate<br \/>\n<\/a><a href=\"https:\/\/www.google.com\/url?rct=j&amp;sa=t&amp;url=https:\/\/www.elcomercio.es\/gente-estilo\/preocupa-enganchados-telefono-20211209223142-ntrc.html&amp;ct=ga&amp;cd=CAEYACoUMTQ5NjY2NjU1MTYwMzY4ODE5NTMyGWMwMzcyZWJjMmZlYWRhNTk6ZXM6ZXM6RVM&amp;usg=AFQjCNGTIgZ8ifayZCgQfDXTc8c-Y5kTCA\" target=\"_blank\" rel=\"noopener\" data-saferedirecturl=\"https:\/\/www.google.com\/url?q=https:\/\/www.google.com\/url?rct%3Dj%26sa%3Dt%26url%3Dhttps:\/\/www.elcomercio.es\/gente-estilo\/preocupa-enganchados-telefono-20211209223142-ntrc.html%26ct%3Dga%26cd%3DCAEYACoUMTQ5NjY2NjU1MTYwMzY4ODE5NTMyGWMwMzcyZWJjMmZlYWRhNTk6ZXM6ZXM6RVM%26usg%3DAFQjCNGTIgZ8ifayZCgQfDXTc8c-Y5kTCA&amp;source=gmail&amp;ust=1639221108070000&amp;usg=AOvVaw3vtFEkXMvDQiF7-I8NZwnZ\">Me preocupa que estemos muy enganchados al tel\u00e9fono m\u00f3vil\u00bb\u00a0<\/a>&#8211;<a>El Comercio<br \/>\n<\/a><a href=\"https:\/\/www.google.com\/url?rct=j&amp;sa=t&amp;url=https:\/\/www.infobae.com\/america\/soluciones\/2021\/12\/09\/que-pueden-hacer-las-redes-sociales-para-frenar-la-violencia-en-linea-contra-las-mujeres\/&amp;ct=ga&amp;cd=CAEYACoTNDcyMTE4NTczMzE5OTk4ODc4MTIZZTJkZWZhN2Q1ZGE5MTU3ZDplczplczpFUw&amp;usg=AFQjCNHaHUwkJqZaEK0d2KzjYfMGAFB79Q\" target=\"_blank\" rel=\"noopener\" data-saferedirecturl=\"https:\/\/www.google.com\/url?q=https:\/\/www.google.com\/url?rct%3Dj%26sa%3Dt%26url%3Dhttps:\/\/www.infobae.com\/america\/soluciones\/2021\/12\/09\/que-pueden-hacer-las-redes-sociales-para-frenar-la-violencia-en-linea-contra-las-mujeres\/%26ct%3Dga%26cd%3DCAEYACoTNDcyMTE4NTczMzE5OTk4ODc4MTIZZTJkZWZhN2Q1ZGE5MTU3ZDplczplczpFUw%26usg%3DAFQjCNHaHUwkJqZaEK0d2KzjYfMGAFB79Q&amp;source=gmail&amp;ust=1639221175913000&amp;usg=AOvVaw2lVmQ6pjixS7I2f33daQ_V\">Qu\u00e9 pueden hacer las redes sociales para frenar la violencia en l\u00ednea contra las mujeres &#8211;\u00a0<\/a><a>Infobae<\/a><\/p>\n<\/div>\n<\/div>\n<div id=\"\" class=\"lsow-panel lsow-active\">\n<h1 class=\"lsow-panel-title\">Andaluc\u00eda<\/h1>\n<div class=\"lsow-panel-content\">\n<p><strong>Econom\u00eda y Empresas<br \/>\n<\/strong><a class=\"title\" href=\"https:\/\/cadenaser.com\/emisora\/2021\/12\/09\/radio_sevilla\/1639040799_761929.html\" target=\"_blank\" rel=\"noopener\" data-artpy=\"0\" data-author=\"Cadena SER\">Mar\u00eda Jes\u00fas Catal\u00e1, galardonada con uno de los &#8216;Premios Universidad, Mujer y Empresa: Roma 2021&#8217;<\/a><strong>-radiosevilla<\/strong><a><br \/>\n<\/a><a href=\"https:\/\/www.google.com\/url?rct=j&amp;sa=t&amp;url=http:\/\/www.andaluciasolidaria.org\/noticias\/item\/1605-anmar-y-famsi-con-las-cooperativas-femeninas&amp;ct=ga&amp;cd=CAEYASoUMTIxNzY5MzU4NDUyNzk4NDc0MzYyGWQ3OGU1ODc1YTBmMWYyYWM6ZXM6ZXM6RVM&amp;usg=AFQjCNGcQxDYKvWVmvGWMV0G_IPF_QWsRQ\" target=\"_blank\" rel=\"noopener\" data-saferedirecturl=\"https:\/\/www.google.com\/url?q=https:\/\/www.google.com\/url?rct%3Dj%26sa%3Dt%26url%3Dhttp:\/\/www.andaluciasolidaria.org\/noticias\/item\/1605-anmar-y-famsi-con-las-cooperativas-femeninas%26ct%3Dga%26cd%3DCAEYASoUMTIxNzY5MzU4NDUyNzk4NDc0MzYyGWQ3OGU1ODc1YTBmMWYyYWM6ZXM6ZXM6RVM%26usg%3DAFQjCNGcQxDYKvWVmvGWMV0G_IPF_QWsRQ&amp;source=gmail&amp;ust=1639217335636000&amp;usg=AOvVaw05rWfWIf7UqdhmICWjHJ7M\">ANMAR y FAMSI con las cooperativas femeninas<\/a>-famsi<br \/>\n<a class=\"title\" href=\"https:\/\/novapolis.es\/el-i-foro-de-emprendimiento-y-empleabilidad-juvenil-aborda-las-oportunidades-para-emprender-en-el-sector-turistico\/\" target=\"_blank\" rel=\"noopener\" data-artpy=\"0\" data-author=\"novapolis.es\">El I Foro de Emprendimiento y Empleabilidad Juvenil aborda las oportunidades para emprender en el sector tur\u00edstico<\/a>-novapolis<\/p>\n<p><strong>Actualidad<br \/>\n<\/strong><a class=\"title\" href=\"https:\/\/www.cordobabn.com\/articulo\/cultura\/arranca-xxxii-edicion-feminario-dedicado-papel-asociaciones-mujeres-prevencion-erradicacion-violencia-machista\/20211210120033116972.html\" target=\"_blank\" rel=\"noopener\" data-artpy=\"0\" data-author=\"C\u00f3rdoba Buenas Noticias\">M\u00e1s de 500 mujeres de asociaciones e instituciones espa\u00f1olas se dan cita en C\u00f3rdoba en el Feminario<\/a>-cordobabuenasnoticias<strong><br \/>\n<\/strong><a class=\"title\" href=\"https:\/\/www.diariocordoba.com\/cordoba-ciudad\/2021\/12\/10\/rafaela-pastor-afirma-mujeres-seamos-60505712.html\" target=\"_blank\" rel=\"noopener\" data-artpy=\"0\" data-author=\"Diario C\u00f3rdoba\">Rafaela Pastor afirma que \u00abtenemos que conseguir que las mujeres seamos agentes sociales\u00bb<\/a>-diariodecordoba<strong><br \/>\n<\/strong><a href=\"https:\/\/www.google.com\/url?rct=j&amp;sa=t&amp;url=https:\/\/www.ideal.es\/almeria\/almeria\/queremos-frenar-discriminacion-20211210195002-nt.html&amp;ct=ga&amp;cd=CAEYAioTMzU1MjUyOTc1OTkzNTAxMTkyNDIZZTJkZWZhN2Q1ZGE5MTU3ZDplczplczpFUw&amp;usg=AFQjCNFoStoG2RmNvt5i_ufiWRVxPnuRdw\" target=\"_blank\" rel=\"noopener\" data-saferedirecturl=\"https:\/\/www.google.com\/url?q=https:\/\/www.google.com\/url?rct%3Dj%26sa%3Dt%26url%3Dhttps:\/\/www.ideal.es\/almeria\/almeria\/queremos-frenar-discriminacion-20211210195002-nt.html%26ct%3Dga%26cd%3DCAEYAioTMzU1MjUyOTc1OTkzNTAxMTkyNDIZZTJkZWZhN2Q1ZGE5MTU3ZDplczplczpFUw%26usg%3DAFQjCNFoStoG2RmNvt5i_ufiWRVxPnuRdw&amp;source=gmail&amp;ust=1639219613901000&amp;usg=AOvVaw2zcFRRua7IlfTNAML3LtjY\">Si queremos frenar la discriminaci\u00f3n de g\u00e9nero, el\u00a0juego es algo muy serio &#8211;<\/a><a>Ideal<br \/>\n<\/a><a class=\"title\" href=\"https:\/\/www.laopiniondemalaga.es\/sucesos\/2021\/12\/10\/fiscal-pedira-libertad-juana-rivas-60500388.html\" target=\"_blank\" rel=\"noopener\" data-artpy=\"0\" data-author=\"Deportes\">La fiscal pedir\u00e1 la libertad de Juana Rivas tras intervenir Dolores Delgado<\/a>-deportes<a><br \/>\n<\/a><a href=\"https:\/\/www.google.com\/url?rct=j&amp;sa=t&amp;url=https:\/\/www.teleprensa.com\/articulo\/sevilla\/junta-incrementa-30-ayudas-ong-apoyar-centenar-proyectos-cooperacion-desarrollo\/202112081142361092112.html&amp;ct=ga&amp;cd=CAEYAyoTNTM5OTk4NDE4NDMyNjA2MTU1MDIZNTlkNzgxNzEzNmEyZDAyODplczplczpFUw&amp;usg=AFQjCNEiZpvCfednISCTtMTlCHdgi5awTg\" target=\"_blank\" rel=\"noopener\" data-saferedirecturl=\"https:\/\/www.google.com\/url?q=https:\/\/www.google.com\/url?rct%3Dj%26sa%3Dt%26url%3Dhttps:\/\/www.teleprensa.com\/articulo\/sevilla\/junta-incrementa-30-ayudas-ong-apoyar-centenar-proyectos-cooperacion-desarrollo\/202112081142361092112.html%26ct%3Dga%26cd%3DCAEYAyoTNTM5OTk4NDE4NDMyNjA2MTU1MDIZNTlkNzgxNzEzNmEyZDAyODplczplczpFUw%26usg%3DAFQjCNEiZpvCfednISCTtMTlCHdgi5awTg&amp;source=gmail&amp;ust=1639219660740000&amp;usg=AOvVaw06shDZxbD5bt9uRdmBuSBU\">La Junta incrementa en un 30% las ayudas a las ONG para apoyar un centenar de&#8230; &#8211;<\/a>T<a>eleprensa<br \/>\n<\/a><a href=\"https:\/\/www.google.com\/url?rct=j&amp;sa=t&amp;url=https:\/\/www.ideal.es\/almeria\/ual\/universidad-almeria-anima-20211210230723-nt.html&amp;ct=ga&amp;cd=CAEYACoUMTYxMzM2NjAwOTMxODc5NDIzNTUyGWVhOTI1ODA0ZDY3ZjI3YjM6ZXM6ZXM6RVM&amp;usg=AFQjCNGB_eWUvkHr9Tita57vEiY79uPFUQ\" target=\"_blank\" rel=\"noopener\" data-saferedirecturl=\"https:\/\/www.google.com\/url?q=https:\/\/www.google.com\/url?rct%3Dj%26sa%3Dt%26url%3Dhttps:\/\/www.ideal.es\/almeria\/ual\/universidad-almeria-anima-20211210230723-nt.html%26ct%3Dga%26cd%3DCAEYACoUMTYxMzM2NjAwOTMxODc5NDIzNTUyGWVhOTI1ODA0ZDY3ZjI3YjM6ZXM6ZXM6RVM%26usg%3DAFQjCNGB_eWUvkHr9Tita57vEiY79uPFUQ&amp;source=gmail&amp;ust=1639218631380000&amp;usg=AOvVaw27_dnkZ018I_ur03EmLT1q\">La Universidad de Almer\u00eda anima a participar en el programa\u00a0<\/a><a href=\"https:\/\/www.google.com\/url?rct=j&amp;sa=t&amp;url=https:\/\/www.ideal.es\/almeria\/ual\/universidad-almeria-anima-20211210230723-nt.html&amp;ct=ga&amp;cd=CAEYACoUMTYxMzM2NjAwOTMxODc5NDIzNTUyGWVhOTI1ODA0ZDY3ZjI3YjM6ZXM6ZXM6RVM&amp;usg=AFQjCNGB_eWUvkHr9Tita57vEiY79uPFUQ\" target=\"_blank\" rel=\"noopener\" data-saferedirecturl=\"https:\/\/www.google.com\/url?q=https:\/\/www.google.com\/url?rct%3Dj%26sa%3Dt%26url%3Dhttps:\/\/www.ideal.es\/almeria\/ual\/universidad-almeria-anima-20211210230723-nt.html%26ct%3Dga%26cd%3DCAEYACoUMTYxMzM2NjAwOTMxODc5NDIzNTUyGWVhOTI1ODA0ZDY3ZjI3YjM6ZXM6ZXM6RVM%26usg%3DAFQjCNGB_eWUvkHr9Tita57vEiY79uPFUQ&amp;source=gmail&amp;ust=1639218631380000&amp;usg=AOvVaw27_dnkZ018I_ur03EmLT1q\">solidario<\/a><a href=\"https:\/\/www.google.com\/url?rct=j&amp;sa=t&amp;url=https:\/\/www.ideal.es\/almeria\/ual\/universidad-almeria-anima-20211210230723-nt.html&amp;ct=ga&amp;cd=CAEYACoUMTYxMzM2NjAwOTMxODc5NDIzNTUyGWVhOTI1ODA0ZDY3ZjI3YjM6ZXM6ZXM6RVM&amp;usg=AFQjCNGB_eWUvkHr9Tita57vEiY79uPFUQ\" target=\"_blank\" rel=\"noopener\" data-saferedirecturl=\"https:\/\/www.google.com\/url?q=https:\/\/www.google.com\/url?rct%3Dj%26sa%3Dt%26url%3Dhttps:\/\/www.ideal.es\/almeria\/ual\/universidad-almeria-anima-20211210230723-nt.html%26ct%3Dga%26cd%3DCAEYACoUMTYxMzM2NjAwOTMxODc5NDIzNTUyGWVhOTI1ODA0ZDY3ZjI3YjM6ZXM6ZXM6RVM%26usg%3DAFQjCNGB_eWUvkHr9Tita57vEiY79uPFUQ&amp;source=gmail&amp;ust=1639218631380000&amp;usg=AOvVaw27_dnkZ018I_ur03EmLT1q\">\u00a0UAL UNE<\/a><a><strong>&#8211;<\/strong><\/a><a>Ideal<br \/>\n<\/a><a href=\"https:\/\/www.google.com\/url?rct=j&amp;sa=t&amp;url=https:\/\/sevilla.abc.es\/andalucia\/sevi-andalucia-tasa-mas-baja-incidencia-aplicara-pasaporte-covid-bares-y-discotecas-202112092320_noticia.html&amp;ct=ga&amp;cd=CAEYACoSOTY3ODI4OTMyNjI4NzgzMzAwMhllYTkyNTgwNGQ2N2YyN2IzOmVzOmVzOkVT&amp;usg=AFQjCNENSr329U8S6icz-z0rKR7OelD-bg\" target=\"_blank\" rel=\"noopener\" data-saferedirecturl=\"https:\/\/www.google.com\/url?q=https:\/\/www.google.com\/url?rct%3Dj%26sa%3Dt%26url%3Dhttps:\/\/sevilla.abc.es\/andalucia\/sevi-andalucia-tasa-mas-baja-incidencia-aplicara-pasaporte-covid-bares-y-discotecas-202112092320_noticia.html%26ct%3Dga%26cd%3DCAEYACoSOTY3ODI4OTMyNjI4NzgzMzAwMhllYTkyNTgwNGQ2N2YyN2IzOmVzOmVzOkVT%26usg%3DAFQjCNENSr329U8S6icz-z0rKR7OelD-bg&amp;source=gmail&amp;ust=1639218631393000&amp;usg=AOvVaw0m_p_Uc1D8pqSiu40RPRFk\">Andaluc\u00eda, con la tasa m\u00e1s baja de incidencia, aplicar\u00e1 el pasaporte Covid en bares y discotecas-\u00a0<\/a>abcs<a>evilla<\/a><\/p>\n<p><strong>Violencias<br \/>\n<\/strong><a href=\"https:\/\/www.google.com\/url?rct=j&amp;sa=t&amp;url=https:\/\/www.20minutos.es\/noticia\/4919919\/0\/la-junta-aboga-por-regalar-juguetes-no-sexistas-para-vencer-las-desigualdades-y-frenar-la-violencia\/&amp;ct=ga&amp;cd=CAEYACoTMzU1MjUyOTc1OTkzNTAxMTkyNDIZZTJkZWZhN2Q1ZGE5MTU3ZDplczplczpFUw&amp;usg=AFQjCNFIBWldLk9wXRXPisSoFwgQUv2YeQ\" target=\"_blank\" rel=\"noopener\" data-saferedirecturl=\"https:\/\/www.google.com\/url?q=https:\/\/www.google.com\/url?rct%3Dj%26sa%3Dt%26url%3Dhttps:\/\/www.20minutos.es\/noticia\/4919919\/0\/la-junta-aboga-por-regalar-juguetes-no-sexistas-para-vencer-las-desigualdades-y-frenar-la-violencia\/%26ct%3Dga%26cd%3DCAEYACoTMzU1MjUyOTc1OTkzNTAxMTkyNDIZZTJkZWZhN2Q1ZGE5MTU3ZDplczplczpFUw%26usg%3DAFQjCNFIBWldLk9wXRXPisSoFwgQUv2YeQ&amp;source=gmail&amp;ust=1639219613900000&amp;usg=AOvVaw13seEt6TfqObTmDUpKv4XB\">La Junta aboga por regalar juguetes no sexistas para vencer las desigualdades y frenar la\u00a0<\/a><a href=\"https:\/\/www.google.com\/url?rct=j&amp;sa=t&amp;url=https:\/\/www.20minutos.es\/noticia\/4919919\/0\/la-junta-aboga-por-regalar-juguetes-no-sexistas-para-vencer-las-desigualdades-y-frenar-la-violencia\/&amp;ct=ga&amp;cd=CAEYACoTMzU1MjUyOTc1OTkzNTAxMTkyNDIZZTJkZWZhN2Q1ZGE5MTU3ZDplczplczpFUw&amp;usg=AFQjCNFIBWldLk9wXRXPisSoFwgQUv2YeQ\" target=\"_blank\" rel=\"noopener\" data-saferedirecturl=\"https:\/\/www.google.com\/url?q=https:\/\/www.google.com\/url?rct%3Dj%26sa%3Dt%26url%3Dhttps:\/\/www.20minutos.es\/noticia\/4919919\/0\/la-junta-aboga-por-regalar-juguetes-no-sexistas-para-vencer-las-desigualdades-y-frenar-la-violencia\/%26ct%3Dga%26cd%3DCAEYACoTMzU1MjUyOTc1OTkzNTAxMTkyNDIZZTJkZWZhN2Q1ZGE5MTU3ZDplczplczpFUw%26usg%3DAFQjCNFIBWldLk9wXRXPisSoFwgQUv2YeQ&amp;source=gmail&amp;ust=1639219613900000&amp;usg=AOvVaw13seEt6TfqObTmDUpKv4XB\">violencia-<\/a><a>20Minutos<br \/>\n<\/a><a href=\"https:\/\/www.google.com\/url?rct=j&amp;sa=t&amp;url=https:\/\/www.urjc.es\/todas-las-noticias-de-actualidad\/6890-cristina-fuentes-premiada-por-su-lucha-contra-la-violencia-de-genero&amp;ct=ga&amp;cd=CAEYAioUMTQ1ODgzNTcxMjkzMzg0MzU3MjYyGWUxZTc3ZDE1NjA5OGE4ZTM6ZXM6ZXM6RVM&amp;usg=AFQjCNFmxvYqrGFb4VH9xkOiEqsCKOBT_Q\" target=\"_blank\" rel=\"noopener\" data-saferedirecturl=\"https:\/\/www.google.com\/url?q=https:\/\/www.google.com\/url?rct%3Dj%26sa%3Dt%26url%3Dhttps:\/\/www.urjc.es\/todas-las-noticias-de-actualidad\/6890-cristina-fuentes-premiada-por-su-lucha-contra-la-violencia-de-genero%26ct%3Dga%26cd%3DCAEYAioUMTQ1ODgzNTcxMjkzMzg0MzU3MjYyGWUxZTc3ZDE1NjA5OGE4ZTM6ZXM6ZXM6RVM%26usg%3DAFQjCNFmxvYqrGFb4VH9xkOiEqsCKOBT_Q&amp;source=gmail&amp;ust=1639221206704000&amp;usg=AOvVaw0rX2o6Jcdspd9IF8UVxPlw\">Cristina Fuentes, premiada por su lucha contra la violencia de g\u00e9nero &#8211;<\/a><a>Universidad Rey Juan Carlos<\/a><\/p>\n<p><strong>Ciencia y Cultura<br \/>\n<\/strong><a href=\"https:\/\/www.google.com\/url?rct=j&amp;sa=t&amp;url=https:\/\/www.diariodehuelva.es\/2021\/12\/08\/andalucia-investigadores\/&amp;ct=ga&amp;cd=CAEYBCoUMTEzMTkxNTcxMzIzMjc0NzUyMDMyGWVhOTI1ODA0ZDY3ZjI3YjM6ZXM6ZXM6RVM&amp;usg=AFQjCNFpEu9pOUwniTxkYHp1Ec62aN0mWg\" target=\"_blank\" rel=\"noopener\" data-saferedirecturl=\"https:\/\/www.google.com\/url?q=https:\/\/www.google.com\/url?rct%3Dj%26sa%3Dt%26url%3Dhttps:\/\/www.diariodehuelva.es\/2021\/12\/08\/andalucia-investigadores\/%26ct%3Dga%26cd%3DCAEYBCoUMTEzMTkxNTcxMzIzMjc0NzUyMDMyGWVhOTI1ODA0ZDY3ZjI3YjM6ZXM6ZXM6RVM%26usg%3DAFQjCNFpEu9pOUwniTxkYHp1Ec62aN0mWg&amp;source=gmail&amp;ust=1639218637150000&amp;usg=AOvVaw1sU7BDgH4IwyQxRHqOjhFD\">Andaluc\u00eda alcanza el r\u00e9cord de casi 26.000 investigadores y t\u00e9cnicos dedicados a la I+D-<\/a><a>Diario de Huelva<br \/>\n<\/a><a class=\"title\" href=\"https:\/\/www.diariodejerez.es\/jerez\/Laura-Martin-Mujer-Imparable-Gaditana_0_1636937012.html\" target=\"_blank\" rel=\"noopener\" data-artpy=\"0\" data-author=\"Diario de Jerez\">Laura Mart\u00edn D\u00edaz, Mujer Imparable Gaditana 2021-diariodejerez<\/a><a><br \/>\n<\/a><a href=\"https:\/\/www.google.com\/url?rct=j&amp;sa=t&amp;url=https:\/\/www.europapress.es\/andalucia\/mas-jaen-00988\/noticia-reyes-demanda-mayor-presencia-mujeres-instituto-estudios-giennenses-ieg-20211209143242.html&amp;ct=ga&amp;cd=CAEYAioTOTkxNjcyMzk2NTYzNjk2ODg2ODIZYzAzNzJlYmMyZmVhZGE1OTplczplczpFUw&amp;usg=AFQjCNG1knKnH8fJ0xnIjYCgu35W_LeCdQ\" target=\"_blank\" rel=\"noopener\" data-saferedirecturl=\"https:\/\/www.google.com\/url?q=https:\/\/www.google.com\/url?rct%3Dj%26sa%3Dt%26url%3Dhttps:\/\/www.europapress.es\/andalucia\/mas-jaen-00988\/noticia-reyes-demanda-mayor-presencia-mujeres-instituto-estudios-giennenses-ieg-20211209143242.html%26ct%3Dga%26cd%3DCAEYAioTOTkxNjcyMzk2NTYzNjk2ODg2ODIZYzAzNzJlYmMyZmVhZGE1OTplczplczpFUw%26usg%3DAFQjCNG1knKnH8fJ0xnIjYCgu35W_LeCdQ&amp;source=gmail&amp;ust=1639219614904000&amp;usg=AOvVaw2sK0zm_5kHWqKJWOaZoOGM\">Reyes, presidente de la Diputaci\u00f3n de Ja\u00e9n\u00a0 demanda una mayor presencia de mujeres\u00a0en el\u00a0Instituto de Estudios Giennenses (IEG)-\u00a0<\/a><a>Europa Press<br \/>\n<\/a><a href=\"https:\/\/www.eldiario.es\/andalucia\/sevilla\/paseo-ultimos-interrogantes-resolver-plantea-italica_1_8548694.html\">Un paseo por los \u00faltimos interrogantes sin resolver que plantea It\u00e1lica-eldiario.es<\/a><br \/>\n<a href=\"https:\/\/www.google.com\/url?rct=j&amp;sa=t&amp;url=https:\/\/www.granadahoy.com\/ocio\/mujeres-Federico-Huerta-San-Vicente_0_1635737605.html&amp;ct=ga&amp;cd=CAEYACoSMjA4NzQwNzEyMjI5OTI1OTcyMhljMDM3MmViYzJmZWFkYTU5OmVzOmVzOkVT&amp;usg=AFQjCNEABDBDUCLfNjBIRAx-P3PlisMoVw\" target=\"_blank\" rel=\"noopener\" data-saferedirecturl=\"https:\/\/www.google.com\/url?q=https:\/\/www.google.com\/url?rct%3Dj%26sa%3Dt%26url%3Dhttps:\/\/www.granadahoy.com\/ocio\/mujeres-Federico-Huerta-San-Vicente_0_1635737605.html%26ct%3Dga%26cd%3DCAEYACoSMjA4NzQwNzEyMjI5OTI1OTcyMhljMDM3MmViYzJmZWFkYTU5OmVzOmVzOkVT%26usg%3DAFQjCNEABDBDUCLfNjBIRAx-P3PlisMoVw&amp;source=gmail&amp;ust=1639219660916000&amp;usg=AOvVaw0Hc80uEwxzmJNztbrRY7O-\">Las mujeres de Federico vuelven a la Huerta de San Vicente &#8211;<\/a><a>Granada Hoy<\/a><\/p>\n<p><strong>Deporte<br \/>\n<\/strong><a href=\"https:\/\/www.mundodeportivo.com\/otros-deportes\/20211210\/1001723751\/carolina-marin-perdera-mundial-huelva-2021.html?utm_medium=referral&amp;utm_source=lavanguardia.com&amp;utm_content=bloque-noticia\">Carolina Mar\u00edn se perder\u00e1 en el Mundial de Huelva 2021 de b\u00e1dminton -mundodeportivo<\/a><br \/>\n<a class=\"title\" href=\"https:\/\/www.diariodesevilla.es\/entrevistas\/todas-mujeres-unico-limite-aceptamos_0_1634836918.html\" target=\"_blank\" rel=\"noopener\" data-artpy=\"0\" data-author=\"Diario de Sevilla\">\u00abA todas las mujeres: el \u00fanico l\u00edmite es el que aceptamos\u00bb<\/a>-diariodesevilla<strong><br \/>\n<\/strong><\/p>\n<\/div>\n<\/div>\n<div id=\"\" class=\"lsow-panel lsow-active\">\n<h1 class=\"lsow-panel-title\">Estado<\/h1>\n<div class=\"lsow-panel-content\">\n<p><strong>Institucional<br \/>\n<\/strong><a href=\"https:\/\/www.google.com\/url?rct=j&amp;sa=t&amp;url=https:\/\/elpais.com\/sociedad\/2021-12-10\/justicia-refuerza-la-lucha-contra-las-violaciones-a-mujeres-con-sumision-quimica.html&amp;ct=ga&amp;cd=CAEYACoTODE3MzI5NzU3ODA4NjIzNjM5NTIZYzAzNzJlYmMyZmVhZGE1OTplczplczpFUw&amp;usg=AFQjCNEKWFf_DU9qcfx7NXLiHoZonmS5mQ\" target=\"_blank\" rel=\"noopener\" data-saferedirecturl=\"https:\/\/www.google.com\/url?q=https:\/\/www.google.com\/url?rct%3Dj%26sa%3Dt%26url%3Dhttps:\/\/elpais.com\/sociedad\/2021-12-10\/justicia-refuerza-la-lucha-contra-las-violaciones-a-mujeres-con-sumision-quimica.html%26ct%3Dga%26cd%3DCAEYACoTODE3MzI5NzU3ODA4NjIzNjM5NTIZYzAzNzJlYmMyZmVhZGE1OTplczplczpFUw%26usg%3DAFQjCNEKWFf_DU9qcfx7NXLiHoZonmS5mQ&amp;source=gmail&amp;ust=1639218636596000&amp;usg=AOvVaw3vPaJr3Hy5XQ-ArIQvsGcu\">J<\/a><a href=\"https:\/\/www.google.com\/url?rct=j&amp;sa=t&amp;url=https:\/\/elpais.com\/sociedad\/2021-12-10\/justicia-refuerza-la-lucha-contra-las-violaciones-a-mujeres-con-sumision-quimica.html&amp;ct=ga&amp;cd=CAEYACoTODE3MzI5NzU3ODA4NjIzNjM5NTIZYzAzNzJlYmMyZmVhZGE1OTplczplczpFUw&amp;usg=AFQjCNEKWFf_DU9qcfx7NXLiHoZonmS5mQ\" target=\"_blank\" rel=\"noopener\" data-saferedirecturl=\"https:\/\/www.google.com\/url?q=https:\/\/www.google.com\/url?rct%3Dj%26sa%3Dt%26url%3Dhttps:\/\/elpais.com\/sociedad\/2021-12-10\/justicia-refuerza-la-lucha-contra-las-violaciones-a-mujeres-con-sumision-quimica.html%26ct%3Dga%26cd%3DCAEYACoTODE3MzI5NzU3ODA4NjIzNjM5NTIZYzAzNzJlYmMyZmVhZGE1OTplczplczpFUw%26usg%3DAFQjCNEKWFf_DU9qcfx7NXLiHoZonmS5mQ&amp;source=gmail&amp;ust=1639218636596000&amp;usg=AOvVaw3vPaJr3Hy5XQ-ArIQvsGcu\">usticia refuerza la lucha contra las violaciones a\u00a0<\/a><a href=\"https:\/\/www.google.com\/url?rct=j&amp;sa=t&amp;url=https:\/\/elpais.com\/sociedad\/2021-12-10\/justicia-refuerza-la-lucha-contra-las-violaciones-a-mujeres-con-sumision-quimica.html&amp;ct=ga&amp;cd=CAEYACoTODE3MzI5NzU3ODA4NjIzNjM5NTIZYzAzNzJlYmMyZmVhZGE1OTplczplczpFUw&amp;usg=AFQjCNEKWFf_DU9qcfx7NXLiHoZonmS5mQ\" target=\"_blank\" rel=\"noopener\" data-saferedirecturl=\"https:\/\/www.google.com\/url?q=https:\/\/www.google.com\/url?rct%3Dj%26sa%3Dt%26url%3Dhttps:\/\/elpais.com\/sociedad\/2021-12-10\/justicia-refuerza-la-lucha-contra-las-violaciones-a-mujeres-con-sumision-quimica.html%26ct%3Dga%26cd%3DCAEYACoTODE3MzI5NzU3ODA4NjIzNjM5NTIZYzAzNzJlYmMyZmVhZGE1OTplczplczpFUw%26usg%3DAFQjCNEKWFf_DU9qcfx7NXLiHoZonmS5mQ&amp;source=gmail&amp;ust=1639218636596000&amp;usg=AOvVaw3vPaJr3Hy5XQ-ArIQvsGcu\">mujeres con sumisi\u00f3n qu\u00edmica-<\/a>elpais<strong><br \/>\n<\/strong><\/p>\n<p><strong>Institucional \u2013 CCAA<br \/>\n<\/strong><a href=\"https:\/\/www.google.com\/url?rct=j&amp;sa=t&amp;url=https:\/\/www.20minutos.es\/noticia\/4917554\/0\/la-junta-financia-42-proyectos-de-igualdad-y-lucha-contra-la-violencia-de-genero-con-531-000-euros\/&amp;ct=ga&amp;cd=CAEYACoUMTc5NjY1MDY2ODMxMTM0NzI3OTcyGWUxZTc3ZDE1NjA5OGE4ZTM6ZXM6ZXM6RVM&amp;usg=AFQjCNHKl6PmyEgOf5EQN3qRZHOqqVSHjA\" target=\"_blank\" rel=\"noopener\" data-saferedirecturl=\"https:\/\/www.google.com\/url?q=https:\/\/www.google.com\/url?rct%3Dj%26sa%3Dt%26url%3Dhttps:\/\/www.20minutos.es\/noticia\/4917554\/0\/la-junta-financia-42-proyectos-de-igualdad-y-lucha-contra-la-violencia-de-genero-con-531-000-euros\/%26ct%3Dga%26cd%3DCAEYACoUMTc5NjY1MDY2ODMxMTM0NzI3OTcyGWUxZTc3ZDE1NjA5OGE4ZTM6ZXM6ZXM6RVM%26usg%3DAFQjCNHKl6PmyEgOf5EQN3qRZHOqqVSHjA&amp;source=gmail&amp;ust=1639217334988000&amp;usg=AOvVaw317c65MvkimfXJxg3AMsA1\">La Junta financia 42 proyectos de igualdad y lucha contra la\u00a0<\/a><a href=\"https:\/\/www.google.com\/url?rct=j&amp;sa=t&amp;url=https:\/\/www.20minutos.es\/noticia\/4917554\/0\/la-junta-financia-42-proyectos-de-igualdad-y-lucha-contra-la-violencia-de-genero-con-531-000-euros\/&amp;ct=ga&amp;cd=CAEYACoUMTc5NjY1MDY2ODMxMTM0NzI3OTcyGWUxZTc3ZDE1NjA5OGE4ZTM6ZXM6ZXM6RVM&amp;usg=AFQjCNHKl6PmyEgOf5EQN3qRZHOqqVSHjA\" target=\"_blank\" rel=\"noopener\" data-saferedirecturl=\"https:\/\/www.google.com\/url?q=https:\/\/www.google.com\/url?rct%3Dj%26sa%3Dt%26url%3Dhttps:\/\/www.20minutos.es\/noticia\/4917554\/0\/la-junta-financia-42-proyectos-de-igualdad-y-lucha-contra-la-violencia-de-genero-con-531-000-euros\/%26ct%3Dga%26cd%3DCAEYACoUMTc5NjY1MDY2ODMxMTM0NzI3OTcyGWUxZTc3ZDE1NjA5OGE4ZTM6ZXM6ZXM6RVM%26usg%3DAFQjCNHKl6PmyEgOf5EQN3qRZHOqqVSHjA&amp;source=gmail&amp;ust=1639217334988000&amp;usg=AOvVaw317c65MvkimfXJxg3AMsA1\">violencia de g\u00e9nero<\/a><a href=\"https:\/\/www.google.com\/url?rct=j&amp;sa=t&amp;url=https:\/\/www.20minutos.es\/noticia\/4917554\/0\/la-junta-financia-42-proyectos-de-igualdad-y-lucha-contra-la-violencia-de-genero-con-531-000-euros\/&amp;ct=ga&amp;cd=CAEYACoUMTc5NjY1MDY2ODMxMTM0NzI3OTcyGWUxZTc3ZDE1NjA5OGE4ZTM6ZXM6ZXM6RVM&amp;usg=AFQjCNHKl6PmyEgOf5EQN3qRZHOqqVSHjA\" target=\"_blank\" rel=\"noopener\" data-saferedirecturl=\"https:\/\/www.google.com\/url?q=https:\/\/www.google.com\/url?rct%3Dj%26sa%3Dt%26url%3Dhttps:\/\/www.20minutos.es\/noticia\/4917554\/0\/la-junta-financia-42-proyectos-de-igualdad-y-lucha-contra-la-violencia-de-genero-con-531-000-euros\/%26ct%3Dga%26cd%3DCAEYACoUMTc5NjY1MDY2ODMxMTM0NzI3OTcyGWUxZTc3ZDE1NjA5OGE4ZTM6ZXM6ZXM6RVM%26usg%3DAFQjCNHKl6PmyEgOf5EQN3qRZHOqqVSHjA&amp;source=gmail&amp;ust=1639217334988000&amp;usg=AOvVaw317c65MvkimfXJxg3AMsA1\">\u00a0con 531.000 euros-<\/a><a>20Minutos<br \/>\n<\/a><a href=\"https:\/\/www.google.com\/url?rct=j&amp;sa=t&amp;url=https:\/\/www.20minutos.es\/noticia\/4917942\/0\/emakunde-subvencionara-con-900-000-euros-planes-e-igualdad-en-ayuntamientos-y-el-asociacionismo-de-mujeres\/&amp;ct=ga&amp;cd=CAEYACoUMTM1MjczOTEwNzU4MDI3MjIzODAyGWMwMzcyZWJjMmZlYWRhNTk6ZXM6ZXM6RVM&amp;usg=AFQjCNFqpNkwVCSYYTueHTVP1Jrl7OukyQ\" target=\"_blank\" rel=\"noopener\" data-saferedirecturl=\"https:\/\/www.google.com\/url?q=https:\/\/www.google.com\/url?rct%3Dj%26sa%3Dt%26url%3Dhttps:\/\/www.20minutos.es\/noticia\/4917942\/0\/emakunde-subvencionara-con-900-000-euros-planes-e-igualdad-en-ayuntamientos-y-el-asociacionismo-de-mujeres\/%26ct%3Dga%26cd%3DCAEYACoUMTM1MjczOTEwNzU4MDI3MjIzODAyGWMwMzcyZWJjMmZlYWRhNTk6ZXM6ZXM6RVM%26usg%3DAFQjCNFqpNkwVCSYYTueHTVP1Jrl7OukyQ&amp;source=gmail&amp;ust=1639219660813000&amp;usg=AOvVaw0I4OTOJrUZJPmuV83GXPf2\">Emakunde subvencionar\u00e1 con 900.000 euros planes e igualdad en ayuntamientos y el &#8230;-<\/a><a>20Minutos<br \/>\n<\/a><a href=\"https:\/\/www.google.com\/url?rct=j&amp;sa=t&amp;url=https:\/\/www.lasnoticiasdecuenca.es\/provincia\/junta-celebra-igualdad-entre-mujeres-hombres-este-presente-tradiciones-58756&amp;ct=ga&amp;cd=CAEYAioUMTIwODM0MjU2MTc1MTI0Nzg5MjMyGWMwMzcyZWJjMmZlYWRhNTk6ZXM6ZXM6RVM&amp;usg=AFQjCNF1mgRSCUd-FWznyiOYcHisM6OvLA\" target=\"_blank\" rel=\"noopener\" data-saferedirecturl=\"https:\/\/www.google.com\/url?q=https:\/\/www.google.com\/url?rct%3Dj%26sa%3Dt%26url%3Dhttps:\/\/www.lasnoticiasdecuenca.es\/provincia\/junta-celebra-igualdad-entre-mujeres-hombres-este-presente-tradiciones-58756%26ct%3Dga%26cd%3DCAEYAioUMTIwODM0MjU2MTc1MTI0Nzg5MjMyGWMwMzcyZWJjMmZlYWRhNTk6ZXM6ZXM6RVM%26usg%3DAFQjCNF1mgRSCUd-FWznyiOYcHisM6OvLA&amp;source=gmail&amp;ust=1639219660849000&amp;usg=AOvVaw0fdL90PCv8GaI3ZMiFCkSd\">La Junta de CLM celebra que la igualdad entre mujeres y hombres se refleje en las tradiciones-\u00a0<\/a><a>Las Noticias de Cuenca<br \/>\n<\/a><a href=\"https:\/\/www.google.com\/url?rct=j&amp;sa=t&amp;url=https:\/\/murciaplaza.com\/murcia-se-protege-contra-la-violencia-de-genero-instala-puntos-violeta-en-espacios-estrategicos&amp;ct=ga&amp;cd=CAEYACoTMjg5MDgwOTU4MjQ5NTYyNjAyODIZNTlkNzgxNzEzNmEyZDAyODplczplczpFUw&amp;usg=AFQjCNGcBnCUtqAvg5cFcP0AOED6gYLZCQ\" target=\"_blank\" rel=\"noopener\" data-saferedirecturl=\"https:\/\/www.google.com\/url?q=https:\/\/www.google.com\/url?rct%3Dj%26sa%3Dt%26url%3Dhttps:\/\/murciaplaza.com\/murcia-se-protege-contra-la-violencia-de-genero-instala-puntos-violeta-en-espacios-estrategicos%26ct%3Dga%26cd%3DCAEYACoTMjg5MDgwOTU4MjQ5NTYyNjAyODIZNTlkNzgxNzEzNmEyZDAyODplczplczpFUw%26usg%3DAFQjCNGcBnCUtqAvg5cFcP0AOED6gYLZCQ&amp;source=gmail&amp;ust=1639219660622000&amp;usg=AOvVaw2ncxu0AmXzxQML-6f3eRI8\">Murcia se protege contra la violencia de g\u00e9nero: instala &#8216;Puntos violeta&#8217; en espacios estrat\u00e9gicos-\u00a0<\/a><a>Murcia Plaza<br \/>\n<\/a><a href=\"https:\/\/www.google.com\/url?rct=j&amp;sa=t&amp;url=https:\/\/arainfo.org\/las-emprendedoras-se-dan-cita-en-zaragoza-para-conocer-las-experiencias-de-mujeres-en-la-ciudad\/&amp;ct=ga&amp;cd=CAEYBioUMTA0MDkxMzY0MTQ2NTI3MDU0NTIyGzkxODg1N2NkNjBmOTc3NDg6ZXM6ZXM6RVM6TA&amp;usg=AFQjCNESaBOXBFR3bdhMQLYxAXxvc4KNnA\" target=\"_blank\" rel=\"noopener\" data-saferedirecturl=\"https:\/\/www.google.com\/url?q=https:\/\/www.google.com\/url?rct%3Dj%26sa%3Dt%26url%3Dhttps:\/\/arainfo.org\/las-emprendedoras-se-dan-cita-en-zaragoza-para-conocer-las-experiencias-de-mujeres-en-la-ciudad\/%26ct%3Dga%26cd%3DCAEYBioUMTA0MDkxMzY0MTQ2NTI3MDU0NTIyGzkxODg1N2NkNjBmOTc3NDg6ZXM6ZXM6RVM6TA%26usg%3DAFQjCNESaBOXBFR3bdhMQLYxAXxvc4KNnA&amp;source=gmail&amp;ust=1639218864983000&amp;usg=AOvVaw3tmV93ZemMqBIxtgvB9TGI\">Las emprendedoras se dan cita en Zaragoza para conocer las experiencias de mujeres en la ciudad-\u00a0<\/a><a>AraInfo<br \/>\n<\/a><a href=\"https:\/\/www.google.com\/url?rct=j&amp;sa=t&amp;url=https:\/\/www.radiocamargo.es\/index.php\/component\/k2\/item\/15822-la-delegacion-del-gobierno-en-cantabria-estrena-en-la-vidriera-una-exposicion-itinerante-de-carteles-historicos-del-25n.html&amp;ct=ga&amp;cd=CAEYACoUMTAyODE4NzI1NjE0NzEzNjMxMTkyGWUyZGVmYTdkNWRhOTE1N2Q6ZXM6ZXM6RVM&amp;usg=AFQjCNHa_Q_mPMIgW4Syb9hIPK-iGXJnpA\" target=\"_blank\" rel=\"noopener\" data-saferedirecturl=\"https:\/\/www.google.com\/url?q=https:\/\/www.google.com\/url?rct%3Dj%26sa%3Dt%26url%3Dhttps:\/\/www.radiocamargo.es\/index.php\/component\/k2\/item\/15822-la-delegacion-del-gobierno-en-cantabria-estrena-en-la-vidriera-una-exposicion-itinerante-de-carteles-historicos-del-25n.html%26ct%3Dga%26cd%3DCAEYACoUMTAyODE4NzI1NjE0NzEzNjMxMTkyGWUyZGVmYTdkNWRhOTE1N2Q6ZXM6ZXM6RVM%26usg%3DAFQjCNHa_Q_mPMIgW4Syb9hIPK-iGXJnpA&amp;source=gmail&amp;ust=1639218637133000&amp;usg=AOvVaw1FjU_cBgpf0kTwO0FgTnLL\">La Delegaci\u00f3n del Gobierno en Cantabria estrena en La Vidriera una exposici\u00f3n itinerante &#8230;-\u00a0<\/a><a>Radio Camargo<br \/>\n<\/a><a href=\"https:\/\/www.google.com\/url?rct=j&amp;sa=t&amp;url=https:\/\/www.eldia.es\/sociedad\/2021\/12\/10\/igualdad-cermi-evitar-discrimine-mujeres-60496899.html&amp;ct=ga&amp;cd=CAEYDyoTOTkxNjcyMzk2NTYzNjk2ODg2ODIZYzAzNzJlYmMyZmVhZGE1OTplczplczpFUw&amp;usg=AFQjCNHXo7ybjChQW_-l-ul2gxUiK3FtmA\" target=\"_blank\" rel=\"noopener\" data-saferedirecturl=\"https:\/\/www.google.com\/url?q=https:\/\/www.google.com\/url?rct%3Dj%26sa%3Dt%26url%3Dhttps:\/\/www.eldia.es\/sociedad\/2021\/12\/10\/igualdad-cermi-evitar-discrimine-mujeres-60496899.html%26ct%3Dga%26cd%3DCAEYDyoTOTkxNjcyMzk2NTYzNjk2ODg2ODIZYzAzNzJlYmMyZmVhZGE1OTplczplczpFUw%26usg%3DAFQjCNHXo7ybjChQW_-l-ul2gxUiK3FtmA&amp;source=gmail&amp;ust=1639219614907000&amp;usg=AOvVaw0kbwM7SUjvKpIUUC1MfBkR\">Igualdad y Cermi trabajan para evitar que se discrimine a mujeres discapacitadas &#8211;\u00a0<\/a>e<a>ld\u00eda.es\u00a0<\/a><\/p>\n<p><strong>Econom\u00eda y Empresa<br \/>\n<\/strong><a href=\"https:\/\/www.google.com\/url?rct=j&amp;sa=t&amp;url=https:\/\/es.rue20.com\/index.php\/2021\/12\/08\/espana-fomenta-la-economia-social-para-las-mujeres-del-norte-de-marruecos\/&amp;ct=ga&amp;cd=CAEYACoTNDIwMjk2MTQzMjY2NjIyODM2MTIZNGRhZTgxNjJlOGFmM2U4ODplczplczpFUw&amp;usg=AFQjCNEASambZ_tZXdb4K2nPymGro5s9iw\" target=\"_blank\" rel=\"noopener\" data-saferedirecturl=\"https:\/\/www.google.com\/url?q=https:\/\/www.google.com\/url?rct%3Dj%26sa%3Dt%26url%3Dhttps:\/\/es.rue20.com\/index.php\/2021\/12\/08\/espana-fomenta-la-economia-social-para-las-mujeres-del-norte-de-marruecos\/%26ct%3Dga%26cd%3DCAEYACoTNDIwMjk2MTQzMjY2NjIyODM2MTIZNGRhZTgxNjJlOGFmM2U4ODplczplczpFUw%26usg%3DAFQjCNEASambZ_tZXdb4K2nPymGro5s9iw&amp;source=gmail&amp;ust=1639219615259000&amp;usg=AOvVaw0SnKjM_YYb89L38Vqc_0Ra\">Espa\u00f1a fomenta la Econom\u00eda social para las mujeres del norte de Marruecos &#8211;<\/a><a>Rue20.com<br \/>\n<\/a><a href=\"https:\/\/www.google.com\/url?rct=j&amp;sa=t&amp;url=https:\/\/www.europapress.es\/epsocial\/igualdad\/noticia-ong-podran-solicitar-manana-ser-mediadoras-acreditar-situaciones-vulnerabilidad-acceder-imv-20211209111105.html&amp;ct=ga&amp;cd=CAEYACoUMTUxMDc0OTIzMTg1MDE5NTE4ODgyGTU5ZDc4MTcxMzZhMmQwMjg6ZXM6ZXM6RVM&amp;usg=AFQjCNEEvTfOBupmiEn-PstOFfSIqMKhEA\" target=\"_blank\" rel=\"noopener\" data-saferedirecturl=\"https:\/\/www.google.com\/url?q=https:\/\/www.google.com\/url?rct%3Dj%26sa%3Dt%26url%3Dhttps:\/\/www.europapress.es\/epsocial\/igualdad\/noticia-ong-podran-solicitar-manana-ser-mediadoras-acreditar-situaciones-vulnerabilidad-acceder-imv-20211209111105.html%26ct%3Dga%26cd%3DCAEYACoUMTUxMDc0OTIzMTg1MDE5NTE4ODgyGTU5ZDc4MTcxMzZhMmQwMjg6ZXM6ZXM6RVM%26usg%3DAFQjCNEEvTfOBupmiEn-PstOFfSIqMKhEA&amp;source=gmail&amp;ust=1639221363596000&amp;usg=AOvVaw2C0onw77sl7oltzg435aZc\">Las ONG podr\u00e1n solicitar desde ma\u00f1ana ser mediadoras para acreditar situaciones de vulnerabilidad para acceder al IMV &#8230;-\u00a0<\/a><a>Europa Press<\/a><\/p>\n<p><strong>Actualidad<br \/>\n<\/strong><a href=\"https:\/\/www.google.com\/url?rct=j&amp;sa=t&amp;url=https:\/\/www.elperiodico.com\/es\/educacion\/20211208\/siguen-juguetes-sexistas-12841443&amp;ct=ga&amp;cd=CAEYACoTOTM4NDI4NzU2ODMxNjk3NjMyMjIZYzAzNzJlYmMyZmVhZGE1OTplczplczpFUw&amp;usg=AFQjCNFom6OXJjx0PcesGa1gS5FnsmRvig\" target=\"_blank\" rel=\"noopener\" data-saferedirecturl=\"https:\/\/www.google.com\/url?q=https:\/\/www.google.com\/url?rct%3Dj%26sa%3Dt%26url%3Dhttps:\/\/www.elperiodico.com\/es\/educacion\/20211208\/siguen-juguetes-sexistas-12841443%26ct%3Dga%26cd%3DCAEYACoTOTM4NDI4NzU2ODMxNjk3NjMyMjIZYzAzNzJlYmMyZmVhZGE1OTplczplczpFUw%26usg%3DAFQjCNFom6OXJjx0PcesGa1gS5FnsmRvig&amp;source=gmail&amp;ust=1639219660933000&amp;usg=AOvVaw0EJVhLUEXRAJU5VCOV0LSM\">Siguen siendo los juguetes sexistas?-<\/a><a>El Peri\u00f3dico<br \/>\n<\/a><a href=\"https:\/\/www.google.com\/url?rct=j&amp;sa=t&amp;url=https:\/\/www.cope.es\/emisoras\/extremadura\/badajoz-provincia\/merida\/noticias\/perspectiva-genero-llegado-hasta-discapacidad-con-animo-dividir-error-20211210_1666603&amp;ct=ga&amp;cd=CAEYACoTMzg1NjY3MjE5NjAzMDU2ODcxODIZZTJkZWZhN2Q1ZGE5MTU3ZDplczplczpFUw&amp;usg=AFQjCNGoABzc3BU1t3TlXnnjlnXEV5Z--A\" target=\"_blank\" rel=\"noopener\" data-saferedirecturl=\"https:\/\/www.google.com\/url?q=https:\/\/www.google.com\/url?rct%3Dj%26sa%3Dt%26url%3Dhttps:\/\/www.cope.es\/emisoras\/extremadura\/badajoz-provincia\/merida\/noticias\/perspectiva-genero-llegado-hasta-discapacidad-con-animo-dividir-error-20211210_1666603%26ct%3Dga%26cd%3DCAEYACoTMzg1NjY3MjE5NjAzMDU2ODcxODIZZTJkZWZhN2Q1ZGE5MTU3ZDplczplczpFUw%26usg%3DAFQjCNGoABzc3BU1t3TlXnnjlnXEV5Z--A&amp;source=gmail&amp;ust=1639218631762000&amp;usg=AOvVaw01xLSlSC5PmvHoTg8CovX_\">La perspectiva de\u00a0g\u00e9nero\u00a0ha llegado hasta la discapacidad con el \u00e1nimo de dividir y es &#8230;\u00a0<\/a>-cope<a><br \/>\n<\/a><a href=\"https:\/\/www.google.com\/url?rct=j&amp;sa=t&amp;url=https:\/\/www.infosalus.com\/actualidad\/noticia-espana-registra-casi-400000-muertes-llevamos-ano-menos-2021-20211209152833.html&amp;ct=ga&amp;cd=CAEYEioTOTkxNjcyMzk2NTYzNjk2ODg2ODIZYzAzNzJlYmMyZmVhZGE1OTplczplczpFUw&amp;usg=AFQjCNFtBeTIHEGZ4wyZRE9mlUYw_RgdyA\" target=\"_blank\" rel=\"noopener\" data-saferedirecturl=\"https:\/\/www.google.com\/url?q=https:\/\/www.google.com\/url?rct%3Dj%26sa%3Dt%26url%3Dhttps:\/\/www.infosalus.com\/actualidad\/noticia-espana-registra-casi-400000-muertes-llevamos-ano-menos-2021-20211209152833.html%26ct%3Dga%26cd%3DCAEYEioTOTkxNjcyMzk2NTYzNjk2ODg2ODIZYzAzNzJlYmMyZmVhZGE1OTplczplczpFUw%26usg%3DAFQjCNFtBeTIHEGZ4wyZRE9mlUYw_RgdyA&amp;source=gmail&amp;ust=1639219614908000&amp;usg=AOvVaw14EokdBeAA8_7ucIu-3aEw\">Espa\u00f1a registra casi 400.000 muertes en lo que llevamos de a\u00f1o, un 8% menos que en 2021-\u00a0<\/a><a>Infosalus<br \/>\n<\/a><a href=\"https:\/\/www.google.com\/url?rct=j&amp;sa=t&amp;url=https:\/\/elpais.com\/sociedad\/2021-12-09\/cesion-aplacatoria-cuando-las-mujeres-postergan-y-negocian-a-la-baja-en-los-divorcios-para-evitar-conflictos.html&amp;ct=ga&amp;cd=CAEYACoUMTU3ODM0MzkyMzU1MDE1NTc3MzgyGWMwMzcyZWJjMmZlYWRhNTk6ZXM6ZXM6RVM&amp;usg=AFQjCNGaueB21pENi93NosR5iHqwUA2CdQ\" target=\"_blank\" rel=\"noopener\" data-saferedirecturl=\"https:\/\/www.google.com\/url?q=https:\/\/www.google.com\/url?rct%3Dj%26sa%3Dt%26url%3Dhttps:\/\/elpais.com\/sociedad\/2021-12-09\/cesion-aplacatoria-cuando-las-mujeres-postergan-y-negocian-a-la-baja-en-los-divorcios-para-evitar-conflictos.html%26ct%3Dga%26cd%3DCAEYACoUMTU3ODM0MzkyMzU1MDE1NTc3MzgyGWMwMzcyZWJjMmZlYWRhNTk6ZXM6ZXM6RVM%26usg%3DAFQjCNGaueB21pENi93NosR5iHqwUA2CdQ&amp;source=gmail&amp;ust=1639221108147000&amp;usg=AOvVaw2f3DLWM7vQ4xtT2wnRJp2I\">Cesi\u00f3n aplacatoria\u201d: cuando las\u00a0mujeres postergan y negocian a la baja en los divorcios &#8230;-\u00a0<\/a>elpais<br \/>\n<a href=\"https:\/\/www.google.com\/url?rct=j&amp;sa=t&amp;url=https:\/\/www.pamplonaactual.com\/articulo\/nacional\/gobierno-propone-exministra-isabel-celaa-como-nueva-embajadora-vaticano\/20211208082520285524.html&amp;ct=ga&amp;cd=CAEYASoTOTY4MzE5NDE4NDE2OTUzNDQyMTIZZTFlNzdkMTU2MDk4YThlMzplczplczpFUw&amp;usg=AFQjCNFW1YV9a1L_h_6WAxmHD7AkyR-3Hg\" target=\"_blank\" rel=\"noopener\" data-saferedirecturl=\"https:\/\/www.google.com\/url?q=https:\/\/www.google.com\/url?rct%3Dj%26sa%3Dt%26url%3Dhttps:\/\/www.pamplonaactual.com\/articulo\/nacional\/gobierno-propone-exministra-isabel-celaa-como-nueva-embajadora-vaticano\/20211208082520285524.html%26ct%3Dga%26cd%3DCAEYASoTOTY4MzE5NDE4NDE2OTUzNDQyMTIZZTFlNzdkMTU2MDk4YThlMzplczplczpFUw%26usg%3DAFQjCNFW1YV9a1L_h_6WAxmHD7AkyR-3Hg&amp;source=gmail&amp;ust=1639217335045000&amp;usg=AOvVaw3MwcixpCMY0rim9OIT91SZ\">El Gobierno propone a la exministra Isabel Cela\u00e1 como\u00a0nueva embajadora en el Vaticano&#8230;-<\/a><a>Pamplona Actual<br \/>\n<\/a><a href=\"https:\/\/www.google.com\/url?rct=j&amp;sa=t&amp;url=https:\/\/www.europapress.es\/epsocial\/derechos-humanos\/noticia-defensor-pueblo-velar-generaciones-futuras-20211208121249.html&amp;ct=ga&amp;cd=CAEYACoTMjcwMjMyMzY4OTIxNTQ5ODk1NDIZNTlkNzgxNzEzNmEyZDAyODplczplczpFUw&amp;usg=AFQjCNEw5kMRhUQH_H6CiPrDxR61Oc685g\" target=\"_blank\" rel=\"noopener\" data-saferedirecturl=\"https:\/\/www.google.com\/url?q=https:\/\/www.google.com\/url?rct%3Dj%26sa%3Dt%26url%3Dhttps:\/\/www.europapress.es\/epsocial\/derechos-humanos\/noticia-defensor-pueblo-velar-generaciones-futuras-20211208121249.html%26ct%3Dga%26cd%3DCAEYACoTMjcwMjMyMzY4OTIxNTQ5ODk1NDIZNTlkNzgxNzEzNmEyZDAyODplczplczpFUw%26usg%3DAFQjCNEw5kMRhUQH_H6CiPrDxR61Oc685g&amp;source=gmail&amp;ust=1639221363545000&amp;usg=AOvVaw3BrhglHbL9xciOXtDPP8kf\">Un Defensor del Pueblo para velar por las generaciones futuras &#8211;\u00a0<\/a>&#8211;<a>Europa Press<\/a><\/p>\n<p><strong>Violencias<br \/>\n<\/strong><a href=\"https:\/\/www.google.com\/url?rct=j&amp;sa=t&amp;url=https:\/\/www.europapress.es\/epsocial\/igualdad\/noticia-victimas-mortales-violencia-genero-elevan-2021-38-confirmar-igualdad-caso-valencia-20211207133238.html&amp;ct=ga&amp;cd=CAEYACoUMTA5OTI3NjIyMzA2MTk1MjU0MTYyGTU5ZDc4MTcxMzZhMmQwMjg6ZXM6ZXM6RVM&amp;usg=AFQjCNH5PqlTCsrb5Absk-GUxdKnsfKt4Q\" target=\"_blank\" rel=\"noopener\" data-saferedirecturl=\"https:\/\/www.google.com\/url?q=https:\/\/www.google.com\/url?rct%3Dj%26sa%3Dt%26url%3Dhttps:\/\/www.europapress.es\/epsocial\/igualdad\/noticia-victimas-mortales-violencia-genero-elevan-2021-38-confirmar-igualdad-caso-valencia-20211207133238.html%26ct%3Dga%26cd%3DCAEYACoUMTA5OTI3NjIyMzA2MTk1MjU0MTYyGTU5ZDc4MTcxMzZhMmQwMjg6ZXM6ZXM6RVM%26usg%3DAFQjCNH5PqlTCsrb5Absk-GUxdKnsfKt4Q&amp;source=gmail&amp;ust=1639219660649000&amp;usg=AOvVaw3XvS2ZO4L1yXu3MpjHAMtK\">Las v\u00edctimas mortales de violencia de g\u00e9nero se elevan en 2021 a 38, tras confirmar &#8230;-<\/a><a>Europa Press<br \/>\n<\/a><a href=\"https:\/\/www.google.com\/url?rct=j&amp;sa=t&amp;url=https:\/\/elpais.com\/sociedad\/2021-12-09\/la-onu-advierte-de-que-el-sistema-judicial-espanol-no-protege-a-los-menores-de-los-padres-abusivos.html&amp;ct=ga&amp;cd=CAEYBSoTMzU1MjUyOTc1OTkzNTAxMTkyNDIZZTJkZWZhN2Q1ZGE5MTU3ZDplczplczpFUw&amp;usg=AFQjCNHGQtDvfZKcJwX0vNrXdymsb1gwJQ\" target=\"_blank\" rel=\"noopener\" data-saferedirecturl=\"https:\/\/www.google.com\/url?q=https:\/\/www.google.com\/url?rct%3Dj%26sa%3Dt%26url%3Dhttps:\/\/elpais.com\/sociedad\/2021-12-09\/la-onu-advierte-de-que-el-sistema-judicial-espanol-no-protege-a-los-menores-de-los-padres-abusivos.html%26ct%3Dga%26cd%3DCAEYBSoTMzU1MjUyOTc1OTkzNTAxMTkyNDIZZTJkZWZhN2Q1ZGE5MTU3ZDplczplczpFUw%26usg%3DAFQjCNHGQtDvfZKcJwX0vNrXdymsb1gwJQ&amp;source=gmail&amp;ust=1639219613902000&amp;usg=AOvVaw0LahoOU5nbKxutacw6t-Qu\">La ONU advierte de que el sistema judicial espa\u00f1ol no protege a los menores \u201cde los &#8230;-\u00a0<\/a><a>El Pa\u00eds<br \/>\n<\/a><a href=\"https:\/\/www.google.com\/url?rct=j&amp;sa=t&amp;url=https:\/\/www.20minutos.es\/noticia\/4919482\/0\/igualdad-y-justicia-acuerdan-un-convenio-para-la-prevencion-sensibilizacion-y-formacion-en-violencia-de-genero\/&amp;ct=ga&amp;cd=CAEYACoUMTcyNjM0MzYzNjM3MDE3MDM5NjAyGWUxZTc3ZDE1NjA5OGE4ZTM6ZXM6ZXM6RVM&amp;usg=AFQjCNHcWgzxodQY_m-x6OhdlC957J3voQ\" target=\"_blank\" rel=\"noopener\" data-saferedirecturl=\"https:\/\/www.google.com\/url?q=https:\/\/www.google.com\/url?rct%3Dj%26sa%3Dt%26url%3Dhttps:\/\/www.20minutos.es\/noticia\/4919482\/0\/igualdad-y-justicia-acuerdan-un-convenio-para-la-prevencion-sensibilizacion-y-formacion-en-violencia-de-genero\/%26ct%3Dga%26cd%3DCAEYACoUMTcyNjM0MzYzNjM3MDE3MDM5NjAyGWUxZTc3ZDE1NjA5OGE4ZTM6ZXM6ZXM6RVM%26usg%3DAFQjCNHcWgzxodQY_m-x6OhdlC957J3voQ&amp;source=gmail&amp;ust=1639220065945000&amp;usg=AOvVaw0cfKGcr-AiFDeCWS2G57FA\">Jueces, abogados, fiscales&#8230; Igualdad y Justicia acuerdan aumentar su formaci\u00f3n frente a la violencia de g\u00e9nero&#8230;<\/a>-2<a>0minutos<\/a><\/p>\n<p><strong>Ciencia y Cultura<br \/>\n<\/strong><a href=\"https:\/\/www.google.com\/url?rct=j&amp;sa=t&amp;url=https:\/\/www.lne.es\/aviles\/2021\/12\/08\/pianista-videojuegos-elesky-habla-aviles-60422774.html&amp;ct=ga&amp;cd=CAEYASoTMjQ1MTYyMDUxMjgzMzI0OTQzNzIZYzAzNzJlYmMyZmVhZGE1OTplczplczpFUw&amp;usg=AFQjCNE_K3__qfWGVI2_1-haZZ03_ow9wA\" target=\"_blank\" rel=\"noopener\" data-saferedirecturl=\"https:\/\/www.google.com\/url?q=https:\/\/www.google.com\/url?rct%3Dj%26sa%3Dt%26url%3Dhttps:\/\/www.lne.es\/aviles\/2021\/12\/08\/pianista-videojuegos-elesky-habla-aviles-60422774.html%26ct%3Dga%26cd%3DCAEYASoTMjQ1MTYyMDUxMjgzMzI0OTQzNzIZYzAzNzJlYmMyZmVhZGE1OTplczplczpFUw%26usg%3DAFQjCNE_K3__qfWGVI2_1-haZZ03_ow9wA&amp;source=gmail&amp;ust=1639219660896000&amp;usg=AOvVaw1W7FwtjSTiaFdR8NOBHxEK\">La pianista de videojuegos Elesky habla en Avil\u00e9s sobre su afici\u00f3n &#8216;streamer&#8217; &#8211;<\/a><a>La Nueva Espa\u00f1a<br \/>\n<\/a><a class=\"title\" href=\"https:\/\/www.cope.es\/emisoras\/aragon\/huesca-provincia\/huesca\/informativo-mediodia-en-huesca\/noticias\/fototografa-altorricense-judith-prat-presenta-huesca-exposicion-matria-20211210_1667438\" target=\"_blank\" rel=\"noopener\" data-artpy=\"0\" data-author=\"COPE\">La fot\u00f3grafa altorricense Judith Prat presenta en Huesca la exposici\u00f3n &#8216;Matria&#8217;<\/a>-cope<br \/>\n<a class=\"title\" href=\"http:\/\/www.gentedigital.es\/valencia\/noticia\/3277748\/mujeres-artistas-el-diseno-textil-floral-retratos-y-aparicio-inglada-centran-la-programacion-del-bellas-artes\/\" target=\"_blank\" rel=\"noopener\" data-artpy=\"0\" data-author=\"Gente Digital\">Mujeres artistas, el dise\u00f1o textil floral, retratos y Aparicio Inglada centran la programaci\u00f3n del Bellas Artes<\/a>-gentedigital<br \/>\n<a class=\"title\" href=\"https:\/\/www.levante-emv.com\/comunitat-valenciana\/camp-de-turia\/2021\/12\/09\/cuatro-mujeres-ganan-xx-premios-60477081.html\" target=\"_blank\" rel=\"noopener\" data-artpy=\"0\" data-author=\"Levante-EMV\">Cuatro mujeres ganan los XX premios Escrits a la Tardor de l&#8217;Eliana<\/a>-levante-emv<a><br \/>\n<\/a><\/p>\n<p><strong>Deporte<br \/>\n<\/strong><a class=\"title\" href=\"https:\/\/amecopress.net\/Las-mujeres-en-este-pais-no-estamos-consideradas-profesionales-por-una-ley-que-asi-lo-dice\" target=\"_blank\" rel=\"noopener\" data-artpy=\"0\" data-author=\"amecopress.net\">\u201cLas mujeres en este pa\u00eds no estamos consideradas profesionales por una ley que as\u00ed lo dice\u00bb<\/a>-amecopress<strong><br \/>\n<\/strong><\/p>\n<\/div>\n<\/div>\n<div id=\"\" class=\"lsow-panel lsow-active\">\n<h1 class=\"lsow-panel-title\">Internacional<\/h1>\n<div class=\"lsow-panel-content\">\n<p><a href=\"https:\/\/www.google.com\/url?rct=j&amp;sa=t&amp;url=http:\/\/www.eluniversal.com\/internacional\/113854\/china-y-latinoamerica-trabajan-por-alcanzar-igualdad-beneficio-mutuo-y-desarrollo-comun&amp;ct=ga&amp;cd=CAEYDCoUMTA5OTI3NjIyMzA2MTk1MjU0MTYyGTU5ZDc4MTcxMzZhMmQwMjg6ZXM6ZXM6RVM&amp;usg=AFQjCNF94ABOC0AIrw55aIJsi36y7B_okQ\" target=\"_blank\" rel=\"noopener\" data-saferedirecturl=\"https:\/\/www.google.com\/url?q=https:\/\/www.google.com\/url?rct%3Dj%26sa%3Dt%26url%3Dhttp:\/\/www.eluniversal.com\/internacional\/113854\/china-y-latinoamerica-trabajan-por-alcanzar-igualdad-beneficio-mutuo-y-desarrollo-comun%26ct%3Dga%26cd%3DCAEYDCoUMTA5OTI3NjIyMzA2MTk1MjU0MTYyGTU5ZDc4MTcxMzZhMmQwMjg6ZXM6ZXM6RVM%26usg%3DAFQjCNF94ABOC0AIrw55aIJsi36y7B_okQ&amp;source=gmail&amp;ust=1639219660652000&amp;usg=AOvVaw3YXMnVL3ZbWrtwK9DZzmLj\">China y Latinoam\u00e9rica trabajan por alcanzar igualdad, beneficio mutuo y desarrollo com\u00fan-\u00a0<\/a>eluniversal<br \/>\n<a href=\"https:\/\/www.google.com\/url?rct=j&amp;sa=t&amp;url=https:\/\/www.msn.com\/es-mx\/dinero\/noticias\/pol%25C3%25ADticas-de-empresas-potencian-desigualdad-salarial-ocde\/ar-AAREXAS%3Fli%3DAAggPN5&amp;ct=ga&amp;cd=CAEYACoTNDMzNjA5NzUyOTI0MTI3MDAxNjIZNTlkNzgxNzEzNmEyZDAyODplczplczpFUw&amp;usg=AFQjCNFtzKMjyuB4ML5PuK9ulx0h1hLL4Q\" target=\"_blank\" rel=\"noopener\" data-saferedirecturl=\"https:\/\/www.google.com\/url?q=https:\/\/www.google.com\/url?rct%3Dj%26sa%3Dt%26url%3Dhttps:\/\/www.msn.com\/es-mx\/dinero\/noticias\/pol%2525C3%2525ADticas-de-empresas-potencian-desigualdad-salarial-ocde\/ar-AAREXAS%253Fli%253DAAggPN5%26ct%3Dga%26cd%3DCAEYACoTNDMzNjA5NzUyOTI0MTI3MDAxNjIZNTlkNzgxNzEzNmEyZDAyODplczplczpFUw%26usg%3DAFQjCNFtzKMjyuB4ML5PuK9ulx0h1hLL4Q&amp;source=gmail&amp;ust=1639218637306000&amp;usg=AOvVaw1lCveyYoNq71xKa1Kwqk23\">Pol\u00edticas de empresas potencian desigualdad salarial: OCDE &#8211;\u00a0\u00a0<\/a><a>MSN<br \/>\n<\/a><a href=\"https:\/\/www.google.com\/url?rct=j&amp;sa=t&amp;url=https:\/\/www.forbes.com.mx\/fotogaleria-angela-merkel-la-mujer-mas-poderosa-pone-fin-a-una-era\/&amp;ct=ga&amp;cd=CAEYBCoUMTQ5NjY2NjU1MTYwMzY4ODE5NTMyGWMwMzcyZWJjMmZlYWRhNTk6ZXM6ZXM6RVM&amp;usg=AFQjCNGsk0e7vcByaV7l78Ko69pZEdSaow\" target=\"_blank\" rel=\"noopener\" data-saferedirecturl=\"https:\/\/www.google.com\/url?q=https:\/\/www.google.com\/url?rct%3Dj%26sa%3Dt%26url%3Dhttps:\/\/www.forbes.com.mx\/fotogaleria-angela-merkel-la-mujer-mas-poderosa-pone-fin-a-una-era\/%26ct%3Dga%26cd%3DCAEYBCoUMTQ5NjY2NjU1MTYwMzY4ODE5NTMyGWMwMzcyZWJjMmZlYWRhNTk6ZXM6ZXM6RVM%26usg%3DAFQjCNGsk0e7vcByaV7l78Ko69pZEdSaow&amp;source=gmail&amp;ust=1639221108072000&amp;usg=AOvVaw1ff0kiYmhXf5NJR-ZJ-IJF\">Angela Merkel, la\u00a0mujer m\u00e1s poderosa, pone fin a una era &#8211;\u00a0<\/a><a>Forbes M\u00e9xico<br \/>\n<\/a><a href=\"https:\/\/www.google.com\/url?rct=j&amp;sa=t&amp;url=https:\/\/www.bbc.com\/mundo\/noticias-59553810&amp;ct=ga&amp;cd=CAEYAyoUMTM1MjczOTEwNzU4MDI3MjIzODAyGWMwMzcyZWJjMmZlYWRhNTk6ZXM6ZXM6RVM&amp;usg=AFQjCNFQAZ8lCleb7EsqC2L-Jg8okWrpHQ\" target=\"_blank\" rel=\"noopener\" data-saferedirecturl=\"https:\/\/www.google.com\/url?q=https:\/\/www.google.com\/url?rct%3Dj%26sa%3Dt%26url%3Dhttps:\/\/www.bbc.com\/mundo\/noticias-59553810%26ct%3Dga%26cd%3DCAEYAyoUMTM1MjczOTEwNzU4MDI3MjIzODAyGWMwMzcyZWJjMmZlYWRhNTk6ZXM6ZXM6RVM%26usg%3DAFQjCNFQAZ8lCleb7EsqC2L-Jg8okWrpHQ&amp;source=gmail&amp;ust=1639219660814000&amp;usg=AOvVaw2Rr5OLeAwhD9FL93wc2_ys\">Qui\u00e9nes son las 100 Mujeres elegidas por la BBC para 2021 (y cu\u00e1les son de Am\u00e9rica Latina)-<\/a><a>BBC<br \/>\n<\/a><a href=\"https:\/\/www.google.com\/url?rct=j&amp;sa=t&amp;url=https:\/\/www.elespectador.com\/impacto-mujer\/mujeres-y-matematicas-una-dupla-para-potenciar\/&amp;ct=ga&amp;cd=CAEYASoUMTE5MzYxNjM2NjY1NTcxOTE0NjUyGWMwMzcyZWJjMmZlYWRhNTk6ZXM6ZXM6RVM&amp;usg=AFQjCNEndQFI33VOaE82tR3TTw0yMuVWug\" target=\"_blank\" rel=\"noopener\" data-saferedirecturl=\"https:\/\/www.google.com\/url?q=https:\/\/www.google.com\/url?rct%3Dj%26sa%3Dt%26url%3Dhttps:\/\/www.elespectador.com\/impacto-mujer\/mujeres-y-matematicas-una-dupla-para-potenciar\/%26ct%3Dga%26cd%3DCAEYASoUMTE5MzYxNjM2NjY1NTcxOTE0NjUyGWMwMzcyZWJjMmZlYWRhNTk6ZXM6ZXM6RVM%26usg%3DAFQjCNEndQFI33VOaE82tR3TTw0yMuVWug&amp;source=gmail&amp;ust=1639219660882000&amp;usg=AOvVaw01FXVfbC8XIOA5w9cxwFEV\">Mujeres y matem\u00e1ticas: una dupla para potenciar-<\/a>elespectador<a><br \/>\n<\/a><a href=\"https:\/\/www.google.com\/url?rct=j&amp;sa=t&amp;url=https:\/\/www.eldiario.es\/carnecruda\/programas\/odisea-mujeres-viajan_132_8564431.html&amp;ct=ga&amp;cd=CAEYFCoTOTkxNjcyMzk2NTYzNjk2ODg2ODIZYzAzNzJlYmMyZmVhZGE1OTplczplczpFUw&amp;usg=AFQjCNH_EW-PJnz9JRBsbCEYZuhudxlprA\" target=\"_blank\" rel=\"noopener\" data-saferedirecturl=\"https:\/\/www.google.com\/url?q=https:\/\/www.google.com\/url?rct%3Dj%26sa%3Dt%26url%3Dhttps:\/\/www.eldiario.es\/carnecruda\/programas\/odisea-mujeres-viajan_132_8564431.html%26ct%3Dga%26cd%3DCAEYFCoTOTkxNjcyMzk2NTYzNjk2ODg2ODIZYzAzNzJlYmMyZmVhZGE1OTplczplczpFUw%26usg%3DAFQjCNH_EW-PJnz9JRBsbCEYZuhudxlprA&amp;source=gmail&amp;ust=1639219614908000&amp;usg=AOvVaw0YPlBY25iUXWMTzSdil4MJ\">Odisea de mujeres: ellas tambi\u00e9n viajan &#8211;\u00a0<\/a><a>El Diario<br \/>\n<\/a><a href=\"https:\/\/www.google.com\/url?rct=j&amp;sa=t&amp;url=https:\/\/www.laregioninternacional.com\/articulo\/en-el-mundo\/guitarra-espanola-guia-vuelta-presencial-cervantes-nueva-delhi\/20211208110255272435.html&amp;ct=ga&amp;cd=CAEYDCoUMTQ5NjY2NjU1MTYwMzY4ODE5NTMyGWMwMzcyZWJjMmZlYWRhNTk6ZXM6ZXM6RVM&amp;usg=AFQjCNEiV9Wwa9DusczPdVpKXQ-tLaLS-g\" target=\"_blank\" rel=\"noopener\" data-saferedirecturl=\"https:\/\/www.google.com\/url?q=https:\/\/www.google.com\/url?rct%3Dj%26sa%3Dt%26url%3Dhttps:\/\/www.laregioninternacional.com\/articulo\/en-el-mundo\/guitarra-espanola-guia-vuelta-presencial-cervantes-nueva-delhi\/20211208110255272435.html%26ct%3Dga%26cd%3DCAEYDCoUMTQ5NjY2NjU1MTYwMzY4ODE5NTMyGWMwMzcyZWJjMmZlYWRhNTk6ZXM6ZXM6RVM%26usg%3DAFQjCNEiV9Wwa9DusczPdVpKXQ-tLaLS-g&amp;source=gmail&amp;ust=1639221108074000&amp;usg=AOvVaw0YHFycdL_MkHs4G0Hm-jKC\">La guitarra espa\u00f1ola gu\u00eda la vuelta presencial del Instituto Cervantes en Nueva Delhi &#8211;\u00a0<\/a><a>La Region Internacional<br \/>\n<\/a><a href=\"https:\/\/www.google.com\/url?rct=j&amp;sa=t&amp;url=https:\/\/www.publico.es\/internacional\/francia-pide-coordinacion-europea-llevar-cabo-boicot-diplomatico-juegos-olimpicos-pekin.html&amp;ct=ga&amp;cd=CAEYASoUMTE2ODA3NTI1OTkyNjY5ODk5ODcyGWUyZGVmYTdkNWRhOTE1N2Q6ZXM6ZXM6RVM&amp;usg=AFQjCNFi1Mg6zXGgW2iD4Fka3NzcGZr2Ow\" target=\"_blank\" rel=\"noopener\" data-saferedirecturl=\"https:\/\/www.google.com\/url?q=https:\/\/www.google.com\/url?rct%3Dj%26sa%3Dt%26url%3Dhttps:\/\/www.publico.es\/internacional\/francia-pide-coordinacion-europea-llevar-cabo-boicot-diplomatico-juegos-olimpicos-pekin.html%26ct%3Dga%26cd%3DCAEYASoUMTE2ODA3NTI1OTkyNjY5ODk5ODcyGWUyZGVmYTdkNWRhOTE1N2Q6ZXM6ZXM6RVM%26usg%3DAFQjCNFi1Mg6zXGgW2iD4Fka3NzcGZr2Ow&amp;source=gmail&amp;ust=1639218636555000&amp;usg=AOvVaw2GksJU--2p6vEXILtJNG1W\">Francia pide coordinaci\u00f3n europea para llevar a cabo un boicot diplom\u00e1tico a los\u00a0Juegos &#8230; &#8211;<\/a><a>P\u00fablico<br \/>\n<\/a><a href=\"https:\/\/www.google.com\/url?rct=j&amp;sa=t&amp;url=https:\/\/www.rtve.es\/deportes\/20211209\/amelie-mauresmo-primera-mujer-directora-roland-garros\/2237442.shtml&amp;ct=ga&amp;cd=CAEYAyoUMTgzMjkwMTkwMTEwNDUwMDc4OTYyGWMwMzcyZWJjMmZlYWRhNTk6ZXM6ZXM6RVM&amp;usg=AFQjCNEvbgGbbb-f3ya2zUB_2bjditXvMA\" target=\"_blank\" rel=\"noopener\" data-saferedirecturl=\"https:\/\/www.google.com\/url?q=https:\/\/www.google.com\/url?rct%3Dj%26sa%3Dt%26url%3Dhttps:\/\/www.rtve.es\/deportes\/20211209\/amelie-mauresmo-primera-mujer-directora-roland-garros\/2237442.shtml%26ct%3Dga%26cd%3DCAEYAyoUMTgzMjkwMTkwMTEwNDUwMDc4OTYyGWMwMzcyZWJjMmZlYWRhNTk6ZXM6ZXM6RVM%26usg%3DAFQjCNEvbgGbbb-f3ya2zUB_2bjditXvMA&amp;source=gmail&amp;ust=1639219614930000&amp;usg=AOvVaw3tWFhaqqi05Md4qOzI_LSq\">Am\u00e9lie Mauresmo, primera mujer directora de Roland Garros &#8211;\u00a0<\/a><a>Rtve<\/a><\/p>\n<\/div>\n<\/div>\n<\/div><\/div><\/div><\/div><\/div>\n","protected":false},"excerpt":{"rendered":"<p>Justicia refuerza la lucha contra las violaciones a mujeres con sumisi\u00f3n qu\u00edmica * M\u00e1s de 500 mujeres de asociaciones e instituciones espa\u00f1olas se dan cita en C\u00f3rdoba en el Feminario * Angela Merkel la mujer m\u00e1s poderosa, pone fin a una era * Am\u00e9lie Mauresmo primera mujer directora de Roland Garros<\/p>\n","protected":false},"author":3,"featured_media":22909,"comment_status":"closed","ping_status":"closed","sticky":false,"template":"","format":"standard","meta":{"footnotes":""},"categories":[298,621],"tags":[95,130,109],"class_list":["post-15680","post","type-post","status-publish","format-standard","has-post-thumbnail","hentry","category-newsletter","category-nwl-3-0","tag-brecha-salarial","tag-ue","tag-violencia-de-genero"],"yoast_head":"<!-- This site is optimized with the Yoast SEO plugin v27.5 - https:\/\/yoast.com\/product\/yoast-seo-wordpress\/ -->\n<title>Noticias Info CKL n\u00ba 2640-10-12-21-Comunicar con perspectiva de g\u00e9nero<\/title>\n<meta name=\"description\" content=\"Justicia refuerza la lucha contra las violaciones a mujeres con sumisi\u00f3n qu\u00edmica * M\u00e1s de 500 mujeres de asociaciones e instituciones espa\u00f1olas se dan cita en C\u00f3rdoba en el Feminario * Angela Merkel la mujer m\u00e1s poderosa, pone fin a una era * Am\u00e9lie Mauresmo primera mujer directora de Roland Garros\" \/>\n<meta name=\"robots\" content=\"index, follow, max-snippet:-1, max-image-preview:large, max-video-preview:-1\" \/>\n<link rel=\"canonical\" href=\"https:\/\/cklcomunicaciones.es\/coop\/noticias-info-ckl-no-2640-10-12-21\/\" \/>\n<meta property=\"og:locale\" content=\"es_ES\" \/>\n<meta property=\"og:type\" content=\"article\" \/>\n<meta property=\"og:title\" content=\"Noticias Info CKL n\u00ba 2640-10-12-21-Comunicar con perspectiva de g\u00e9nero\" \/>\n<meta property=\"og:description\" content=\"Justicia refuerza la lucha contra las violaciones a mujeres con sumisi\u00f3n qu\u00edmica * M\u00e1s de 500 mujeres de asociaciones e instituciones espa\u00f1olas se dan cita en C\u00f3rdoba en el Feminario * Angela Merkel la mujer m\u00e1s poderosa, pone fin a una era * Am\u00e9lie Mauresmo primera mujer directora de Roland Garros\" \/>\n<meta property=\"og:url\" content=\"https:\/\/cklcomunicaciones.es\/coop\/noticias-info-ckl-no-2640-10-12-21\/\" \/>\n<meta property=\"og:site_name\" content=\"CKL Comunicaciones\" \/>\n<meta property=\"article:published_time\" content=\"2021-12-10T12:19:54+00:00\" \/>\n<meta property=\"article:modified_time\" content=\"2025-02-09T17:36:14+00:00\" \/>\n<meta property=\"og:image\" content=\"https:\/\/cklcomunicaciones.es\/coop\/wp-content\/uploads\/2025\/01\/CKL-una-mirada-distinta-de-la-comunicacion.jpg\" \/>\n\t<meta property=\"og:image:width\" content=\"1482\" \/>\n\t<meta property=\"og:image:height\" content=\"775\" \/>\n\t<meta property=\"og:image:type\" content=\"image\/jpeg\" \/>\n<meta name=\"author\" content=\"ckl\" \/>\n<meta name=\"twitter:card\" content=\"summary_large_image\" \/>\n<meta name=\"twitter:label1\" content=\"Escrito por\" \/>\n\t<meta name=\"twitter:data1\" content=\"ckl\" \/>\n\t<meta name=\"twitter:label2\" content=\"Tiempo de lectura\" \/>\n\t<meta name=\"twitter:data2\" content=\"6 minutos\" \/>\n<script type=\"application\/ld+json\" class=\"yoast-schema-graph\">{\"@context\":\"https:\\\/\\\/schema.org\",\"@graph\":[{\"@type\":\"Article\",\"@id\":\"https:\\\/\\\/cklcomunicaciones.es\\\/coop\\\/noticias-info-ckl-no-2640-10-12-21\\\/#article\",\"isPartOf\":{\"@id\":\"https:\\\/\\\/cklcomunicaciones.es\\\/coop\\\/noticias-info-ckl-no-2640-10-12-21\\\/\"},\"author\":{\"name\":\"ckl\",\"@id\":\"https:\\\/\\\/cklcomunicaciones.es\\\/coop\\\/#\\\/schema\\\/person\\\/929a6837f7626450bbb50cee1aef266e\"},\"headline\":\"Noticias Info CKL n\u00ba 2640-10\\\/12\\\/21\",\"datePublished\":\"2021-12-10T12:19:54+00:00\",\"dateModified\":\"2025-02-09T17:36:14+00:00\",\"mainEntityOfPage\":{\"@id\":\"https:\\\/\\\/cklcomunicaciones.es\\\/coop\\\/noticias-info-ckl-no-2640-10-12-21\\\/\"},\"wordCount\":1272,\"image\":{\"@id\":\"https:\\\/\\\/cklcomunicaciones.es\\\/coop\\\/noticias-info-ckl-no-2640-10-12-21\\\/#primaryimage\"},\"thumbnailUrl\":\"https:\\\/\\\/cklcomunicaciones.es\\\/coop\\\/wp-content\\\/uploads\\\/2025\\\/01\\\/CKL-una-mirada-distinta-de-la-comunicacion.jpg\",\"keywords\":[\"brecha salarial\",\"UE\",\"violencia de g\u00e9nero\"],\"articleSection\":[\"Newsletter\",\"Nwl v3.0\"],\"inLanguage\":\"es\"},{\"@type\":\"WebPage\",\"@id\":\"https:\\\/\\\/cklcomunicaciones.es\\\/coop\\\/noticias-info-ckl-no-2640-10-12-21\\\/\",\"url\":\"https:\\\/\\\/cklcomunicaciones.es\\\/coop\\\/noticias-info-ckl-no-2640-10-12-21\\\/\",\"name\":\"Noticias Info CKL n\u00ba 2640-10-12-21-Comunicar con perspectiva de g\u00e9nero\",\"isPartOf\":{\"@id\":\"https:\\\/\\\/cklcomunicaciones.es\\\/coop\\\/#website\"},\"primaryImageOfPage\":{\"@id\":\"https:\\\/\\\/cklcomunicaciones.es\\\/coop\\\/noticias-info-ckl-no-2640-10-12-21\\\/#primaryimage\"},\"image\":{\"@id\":\"https:\\\/\\\/cklcomunicaciones.es\\\/coop\\\/noticias-info-ckl-no-2640-10-12-21\\\/#primaryimage\"},\"thumbnailUrl\":\"https:\\\/\\\/cklcomunicaciones.es\\\/coop\\\/wp-content\\\/uploads\\\/2025\\\/01\\\/CKL-una-mirada-distinta-de-la-comunicacion.jpg\",\"datePublished\":\"2021-12-10T12:19:54+00:00\",\"dateModified\":\"2025-02-09T17:36:14+00:00\",\"author\":{\"@id\":\"https:\\\/\\\/cklcomunicaciones.es\\\/coop\\\/#\\\/schema\\\/person\\\/929a6837f7626450bbb50cee1aef266e\"},\"description\":\"Justicia refuerza la lucha contra las violaciones a mujeres con sumisi\u00f3n qu\u00edmica * M\u00e1s de 500 mujeres de asociaciones e instituciones espa\u00f1olas se dan cita en C\u00f3rdoba en el Feminario * Angela Merkel la mujer m\u00e1s poderosa, pone fin a una era * Am\u00e9lie Mauresmo primera mujer directora de Roland Garros\",\"breadcrumb\":{\"@id\":\"https:\\\/\\\/cklcomunicaciones.es\\\/coop\\\/noticias-info-ckl-no-2640-10-12-21\\\/#breadcrumb\"},\"inLanguage\":\"es\",\"potentialAction\":[{\"@type\":\"ReadAction\",\"target\":[\"https:\\\/\\\/cklcomunicaciones.es\\\/coop\\\/noticias-info-ckl-no-2640-10-12-21\\\/\"]}]},{\"@type\":\"ImageObject\",\"inLanguage\":\"es\",\"@id\":\"https:\\\/\\\/cklcomunicaciones.es\\\/coop\\\/noticias-info-ckl-no-2640-10-12-21\\\/#primaryimage\",\"url\":\"https:\\\/\\\/cklcomunicaciones.es\\\/coop\\\/wp-content\\\/uploads\\\/2025\\\/01\\\/CKL-una-mirada-distinta-de-la-comunicacion.jpg\",\"contentUrl\":\"https:\\\/\\\/cklcomunicaciones.es\\\/coop\\\/wp-content\\\/uploads\\\/2025\\\/01\\\/CKL-una-mirada-distinta-de-la-comunicacion.jpg\",\"width\":1482,\"height\":775,\"caption\":\"CKL - una mirada distinta de la comunicacion\"},{\"@type\":\"BreadcrumbList\",\"@id\":\"https:\\\/\\\/cklcomunicaciones.es\\\/coop\\\/noticias-info-ckl-no-2640-10-12-21\\\/#breadcrumb\",\"itemListElement\":[{\"@type\":\"ListItem\",\"position\":1,\"name\":\"Portada\",\"item\":\"https:\\\/\\\/cklcomunicaciones.es\\\/coop\\\/\"},{\"@type\":\"ListItem\",\"position\":2,\"name\":\"Noticias Info CKL n\u00ba 2640-10\\\/12\\\/21\"}]},{\"@type\":\"WebSite\",\"@id\":\"https:\\\/\\\/cklcomunicaciones.es\\\/coop\\\/#website\",\"url\":\"https:\\\/\\\/cklcomunicaciones.es\\\/coop\\\/\",\"name\":\"CKL Comunicaciones\",\"description\":\"Sitio web de CKL Comunicaciones coop , la consultora de comunicaci\u00f3n y estrategia\",\"potentialAction\":[{\"@type\":\"SearchAction\",\"target\":{\"@type\":\"EntryPoint\",\"urlTemplate\":\"https:\\\/\\\/cklcomunicaciones.es\\\/coop\\\/?s={search_term_string}\"},\"query-input\":{\"@type\":\"PropertyValueSpecification\",\"valueRequired\":true,\"valueName\":\"search_term_string\"}}],\"inLanguage\":\"es\"},{\"@type\":\"Person\",\"@id\":\"https:\\\/\\\/cklcomunicaciones.es\\\/coop\\\/#\\\/schema\\\/person\\\/929a6837f7626450bbb50cee1aef266e\",\"name\":\"ckl\",\"image\":{\"@type\":\"ImageObject\",\"inLanguage\":\"es\",\"@id\":\"https:\\\/\\\/secure.gravatar.com\\\/avatar\\\/c82db564e8a669bf6023357a157b9dc4780f4d4c618f2ad1d71a6a5dede45057?s=96&d=mm&r=g\",\"url\":\"https:\\\/\\\/secure.gravatar.com\\\/avatar\\\/c82db564e8a669bf6023357a157b9dc4780f4d4c618f2ad1d71a6a5dede45057?s=96&d=mm&r=g\",\"contentUrl\":\"https:\\\/\\\/secure.gravatar.com\\\/avatar\\\/c82db564e8a669bf6023357a157b9dc4780f4d4c618f2ad1d71a6a5dede45057?s=96&d=mm&r=g\",\"caption\":\"ckl\"},\"url\":\"https:\\\/\\\/cklcomunicaciones.es\\\/coop\\\/author\\\/cklcomunicaciones\\\/\"}]}<\/script>\n<!-- \/ Yoast SEO plugin. -->","yoast_head_json":{"title":"Noticias Info CKL n\u00ba 2640-10-12-21-Comunicar con perspectiva de g\u00e9nero","description":"Justicia refuerza la lucha contra las violaciones a mujeres con sumisi\u00f3n qu\u00edmica * M\u00e1s de 500 mujeres de asociaciones e instituciones espa\u00f1olas se dan cita en C\u00f3rdoba en el Feminario * Angela Merkel la mujer m\u00e1s poderosa, pone fin a una era * Am\u00e9lie Mauresmo primera mujer directora de Roland Garros","robots":{"index":"index","follow":"follow","max-snippet":"max-snippet:-1","max-image-preview":"max-image-preview:large","max-video-preview":"max-video-preview:-1"},"canonical":"https:\/\/cklcomunicaciones.es\/coop\/noticias-info-ckl-no-2640-10-12-21\/","og_locale":"es_ES","og_type":"article","og_title":"Noticias Info CKL n\u00ba 2640-10-12-21-Comunicar con perspectiva de g\u00e9nero","og_description":"Justicia refuerza la lucha contra las violaciones a mujeres con sumisi\u00f3n qu\u00edmica * M\u00e1s de 500 mujeres de asociaciones e instituciones espa\u00f1olas se dan cita en C\u00f3rdoba en el Feminario * Angela Merkel la mujer m\u00e1s poderosa, pone fin a una era * Am\u00e9lie Mauresmo primera mujer directora de Roland Garros","og_url":"https:\/\/cklcomunicaciones.es\/coop\/noticias-info-ckl-no-2640-10-12-21\/","og_site_name":"CKL Comunicaciones","article_published_time":"2021-12-10T12:19:54+00:00","article_modified_time":"2025-02-09T17:36:14+00:00","og_image":[{"width":1482,"height":775,"url":"https:\/\/cklcomunicaciones.es\/coop\/wp-content\/uploads\/2025\/01\/CKL-una-mirada-distinta-de-la-comunicacion.jpg","type":"image\/jpeg"}],"author":"ckl","twitter_card":"summary_large_image","twitter_misc":{"Escrito por":"ckl","Tiempo de lectura":"6 minutos"},"schema":{"@context":"https:\/\/schema.org","@graph":[{"@type":"Article","@id":"https:\/\/cklcomunicaciones.es\/coop\/noticias-info-ckl-no-2640-10-12-21\/#article","isPartOf":{"@id":"https:\/\/cklcomunicaciones.es\/coop\/noticias-info-ckl-no-2640-10-12-21\/"},"author":{"name":"ckl","@id":"https:\/\/cklcomunicaciones.es\/coop\/#\/schema\/person\/929a6837f7626450bbb50cee1aef266e"},"headline":"Noticias Info CKL n\u00ba 2640-10\/12\/21","datePublished":"2021-12-10T12:19:54+00:00","dateModified":"2025-02-09T17:36:14+00:00","mainEntityOfPage":{"@id":"https:\/\/cklcomunicaciones.es\/coop\/noticias-info-ckl-no-2640-10-12-21\/"},"wordCount":1272,"image":{"@id":"https:\/\/cklcomunicaciones.es\/coop\/noticias-info-ckl-no-2640-10-12-21\/#primaryimage"},"thumbnailUrl":"https:\/\/cklcomunicaciones.es\/coop\/wp-content\/uploads\/2025\/01\/CKL-una-mirada-distinta-de-la-comunicacion.jpg","keywords":["brecha salarial","UE","violencia de g\u00e9nero"],"articleSection":["Newsletter","Nwl v3.0"],"inLanguage":"es"},{"@type":"WebPage","@id":"https:\/\/cklcomunicaciones.es\/coop\/noticias-info-ckl-no-2640-10-12-21\/","url":"https:\/\/cklcomunicaciones.es\/coop\/noticias-info-ckl-no-2640-10-12-21\/","name":"Noticias Info CKL n\u00ba 2640-10-12-21-Comunicar con perspectiva de g\u00e9nero","isPartOf":{"@id":"https:\/\/cklcomunicaciones.es\/coop\/#website"},"primaryImageOfPage":{"@id":"https:\/\/cklcomunicaciones.es\/coop\/noticias-info-ckl-no-2640-10-12-21\/#primaryimage"},"image":{"@id":"https:\/\/cklcomunicaciones.es\/coop\/noticias-info-ckl-no-2640-10-12-21\/#primaryimage"},"thumbnailUrl":"https:\/\/cklcomunicaciones.es\/coop\/wp-content\/uploads\/2025\/01\/CKL-una-mirada-distinta-de-la-comunicacion.jpg","datePublished":"2021-12-10T12:19:54+00:00","dateModified":"2025-02-09T17:36:14+00:00","author":{"@id":"https:\/\/cklcomunicaciones.es\/coop\/#\/schema\/person\/929a6837f7626450bbb50cee1aef266e"},"description":"Justicia refuerza la lucha contra las violaciones a mujeres con sumisi\u00f3n qu\u00edmica * M\u00e1s de 500 mujeres de asociaciones e instituciones espa\u00f1olas se dan cita en C\u00f3rdoba en el Feminario * Angela Merkel la mujer m\u00e1s poderosa, pone fin a una era * Am\u00e9lie Mauresmo primera mujer directora de Roland Garros","breadcrumb":{"@id":"https:\/\/cklcomunicaciones.es\/coop\/noticias-info-ckl-no-2640-10-12-21\/#breadcrumb"},"inLanguage":"es","potentialAction":[{"@type":"ReadAction","target":["https:\/\/cklcomunicaciones.es\/coop\/noticias-info-ckl-no-2640-10-12-21\/"]}]},{"@type":"ImageObject","inLanguage":"es","@id":"https:\/\/cklcomunicaciones.es\/coop\/noticias-info-ckl-no-2640-10-12-21\/#primaryimage","url":"https:\/\/cklcomunicaciones.es\/coop\/wp-content\/uploads\/2025\/01\/CKL-una-mirada-distinta-de-la-comunicacion.jpg","contentUrl":"https:\/\/cklcomunicaciones.es\/coop\/wp-content\/uploads\/2025\/01\/CKL-una-mirada-distinta-de-la-comunicacion.jpg","width":1482,"height":775,"caption":"CKL - una mirada distinta de la comunicacion"},{"@type":"BreadcrumbList","@id":"https:\/\/cklcomunicaciones.es\/coop\/noticias-info-ckl-no-2640-10-12-21\/#breadcrumb","itemListElement":[{"@type":"ListItem","position":1,"name":"Portada","item":"https:\/\/cklcomunicaciones.es\/coop\/"},{"@type":"ListItem","position":2,"name":"Noticias Info CKL n\u00ba 2640-10\/12\/21"}]},{"@type":"WebSite","@id":"https:\/\/cklcomunicaciones.es\/coop\/#website","url":"https:\/\/cklcomunicaciones.es\/coop\/","name":"CKL Comunicaciones","description":"Sitio web de CKL Comunicaciones coop , la consultora de comunicaci\u00f3n y estrategia","potentialAction":[{"@type":"SearchAction","target":{"@type":"EntryPoint","urlTemplate":"https:\/\/cklcomunicaciones.es\/coop\/?s={search_term_string}"},"query-input":{"@type":"PropertyValueSpecification","valueRequired":true,"valueName":"search_term_string"}}],"inLanguage":"es"},{"@type":"Person","@id":"https:\/\/cklcomunicaciones.es\/coop\/#\/schema\/person\/929a6837f7626450bbb50cee1aef266e","name":"ckl","image":{"@type":"ImageObject","inLanguage":"es","@id":"https:\/\/secure.gravatar.com\/avatar\/c82db564e8a669bf6023357a157b9dc4780f4d4c618f2ad1d71a6a5dede45057?s=96&d=mm&r=g","url":"https:\/\/secure.gravatar.com\/avatar\/c82db564e8a669bf6023357a157b9dc4780f4d4c618f2ad1d71a6a5dede45057?s=96&d=mm&r=g","contentUrl":"https:\/\/secure.gravatar.com\/avatar\/c82db564e8a669bf6023357a157b9dc4780f4d4c618f2ad1d71a6a5dede45057?s=96&d=mm&r=g","caption":"ckl"},"url":"https:\/\/cklcomunicaciones.es\/coop\/author\/cklcomunicaciones\/"}]}},"_links":{"self":[{"href":"https:\/\/cklcomunicaciones.es\/coop\/wp-json\/wp\/v2\/posts\/15680","targetHints":{"allow":["GET"]}}],"collection":[{"href":"https:\/\/cklcomunicaciones.es\/coop\/wp-json\/wp\/v2\/posts"}],"about":[{"href":"https:\/\/cklcomunicaciones.es\/coop\/wp-json\/wp\/v2\/types\/post"}],"author":[{"embeddable":true,"href":"https:\/\/cklcomunicaciones.es\/coop\/wp-json\/wp\/v2\/users\/3"}],"replies":[{"embeddable":true,"href":"https:\/\/cklcomunicaciones.es\/coop\/wp-json\/wp\/v2\/comments?post=15680"}],"version-history":[{"count":0,"href":"https:\/\/cklcomunicaciones.es\/coop\/wp-json\/wp\/v2\/posts\/15680\/revisions"}],"wp:featuredmedia":[{"embeddable":true,"href":"https:\/\/cklcomunicaciones.es\/coop\/wp-json\/wp\/v2\/media\/22909"}],"wp:attachment":[{"href":"https:\/\/cklcomunicaciones.es\/coop\/wp-json\/wp\/v2\/media?parent=15680"}],"wp:term":[{"taxonomy":"category","embeddable":true,"href":"https:\/\/cklcomunicaciones.es\/coop\/wp-json\/wp\/v2\/categories?post=15680"},{"taxonomy":"post_tag","embeddable":true,"href":"https:\/\/cklcomunicaciones.es\/coop\/wp-json\/wp\/v2\/tags?post=15680"}],"curies":[{"name":"wp","href":"https:\/\/api.w.org\/{rel}","templated":true}]}}