{"id":15629,"date":"2021-11-23T11:58:05","date_gmt":"2021-11-23T10:58:05","guid":{"rendered":"https:\/\/www.cklcomunicaciones.es\/?p=15629"},"modified":"2025-02-09T19:23:50","modified_gmt":"2025-02-09T18:23:50","slug":"noticias-info-ckl-no-2635-23-11-21","status":"publish","type":"post","link":"https:\/\/cklcomunicaciones.es\/coop\/noticias-info-ckl-no-2635-23-11-21\/","title":{"rendered":"Noticias Info CKL n\u00ba 2635-23\/11\/21"},"content":{"rendered":"<div class=\"fusion-fullwidth fullwidth-box fusion-builder-row-1 fusion-flex-container nonhundred-percent-fullwidth non-hundred-percent-height-scrolling\" style=\"--awb-border-radius-top-left:0px;--awb-border-radius-top-right:0px;--awb-border-radius-bottom-right:0px;--awb-border-radius-bottom-left:0px;--awb-flex-wrap:wrap;\" ><div class=\"fusion-builder-row fusion-row fusion-flex-align-items-flex-start fusion-flex-content-wrap\" style=\"max-width:1248px;margin-left: calc(-4% \/ 2 );margin-right: calc(-4% \/ 2 );\"><div class=\"fusion-layout-column fusion_builder_column fusion-builder-column-0 fusion_builder_column_1_1 1_1 fusion-flex-column\" style=\"--awb-bg-blend:overlay;--awb-bg-size:cover;--awb-width-large:100%;--awb-margin-top-large:0px;--awb-spacing-right-large:1.92%;--awb-margin-bottom-large:0px;--awb-spacing-left-large:1.92%;--awb-width-medium:100%;--awb-spacing-right-medium:1.92%;--awb-spacing-left-medium:1.92%;--awb-width-small:100%;--awb-spacing-right-small:1.92%;--awb-spacing-left-small:1.92%;\"><div class=\"fusion-column-wrapper fusion-flex-justify-content-flex-start fusion-content-layout-column\"><div class=\"fusion-text fusion-text-1\"><h1>Convocatorias<\/h1>\n<div id=\"\" class=\"lsow-panel lsow-active\">\n<div class=\"lsow-panel-content\">\n<ul>\n<li><a href=\"https:\/\/www.easp.es\/project\/jornada-violencia-de-genero\/\" target=\"_blank\" rel=\"noopener\" data-saferedirecturl=\"https:\/\/www.google.com\/url?q=https:\/\/www.easp.es\/project\/jornada-violencia-de-genero\/&amp;source=gmail&amp;ust=1637675419560000&amp;usg=AOvVaw1-ec5pgiCr-Ju6N65Ifj6x\">IV Jornadas para personal directivo &#8216;El liderazgo de los centros sanitarios contra la violencia de g\u00e9nero&#8217;<\/a>. Escuela Andaluza de Salud P\u00fablica (EASP). 23 de noviembre.\u00a0<a href=\"https:\/\/www.easp.edu.es\/programadocente\/Preinscripcion\/?idCurso=NPFciExAXBqMTAq4BJshk6ceRURAPg+pfMUYPsDtpME=\" target=\"_blank\" rel=\"noopener\" data-saferedirecturl=\"https:\/\/www.google.com\/url?q=https:\/\/www.easp.edu.es\/programadocente\/Preinscripcion\/?idCurso%3DNPFciExAXBqMTAq4BJshk6ceRURAPg%2BpfMUYPsDtpME%3D&amp;source=gmail&amp;ust=1637675419560000&amp;usg=AOvVaw1fEg9FyaDoHcTBZzphrAOt\">Preinscripci\u00f3n<\/a>\u00a0(gratuita). M\u00e1s informaci\u00f3n: 958027400,\u00a0<a href=\"mailto:trinidad.fernandez.easp@juntadeandalucia.es\" target=\"_blank\" rel=\"noopener\">trinidad.fernandez.easp@juntadeandalucia.es<\/a><\/li>\n<li><a href=\"https:\/\/unia.es\/actividades-novedades-convocatorias-igualdad\/noticias-igualdad\/actividades25n\" target=\"_blank\" rel=\"noopener\" data-saferedirecturl=\"https:\/\/www.google.com\/url?q=https:\/\/unia.es\/actividades-novedades-convocatorias-igualdad\/noticias-igualdad\/actividades25n&amp;source=gmail&amp;ust=1637666243674000&amp;usg=AOvVaw2uXHzToeq3Ni1bel2JRfV9\">Actos 25N: D\u00eda Internacional Contra la Violencia de G\u00e9nero<\/a>.\u00a0<a href=\"https:\/\/docs.google.com\/forms\/d\/e\/1FAIpQLSfEzp8DuzmqngYYHGF8pbfmTSAhbhhTC8UXImyFf9LsnAb_DQ\/viewform\" target=\"_blank\" rel=\"noopener\" data-saferedirecturl=\"https:\/\/www.google.com\/url?q=https:\/\/docs.google.com\/forms\/d\/e\/1FAIpQLSfEzp8DuzmqngYYHGF8pbfmTSAhbhhTC8UXImyFf9LsnAb_DQ\/viewform&amp;source=gmail&amp;ust=1637666243675000&amp;usg=AOvVaw0Oqi9hTw5_ULW3zYjl77aF\">Inscripci\u00f3n (conferencia Miguel Lorente)<\/a>. Universidad Internacional de Andaluc\u00eda -UNIA-. 23, 25 y 16 de noviembre.<\/li>\n<li><strong><a href=\"https:\/\/www.juntadeandalucia.es\/iam\/catalogo\/doc\/convocatorias\/2021-genero\/EL-2-taller-mujeres-tomamos-palabra.jpeg\" target=\"_blank\" rel=\"noopener prettyPhoto&#091;15629&#093;\" data-saferedirecturl=\"https:\/\/www.google.com\/url?q=https:\/\/www.juntadeandalucia.es\/iam\/catalogo\/doc\/convocatorias\/2021-genero\/EL-2-taller-mujeres-tomamos-palabra.jpeg&amp;source=gmail&amp;ust=1637666243675000&amp;usg=AOvVaw0LP7OdDCDhAIdSB280oya-\">S<\/a><\/strong><a href=\"https:\/\/www.juntadeandalucia.es\/iam\/catalogo\/doc\/convocatorias\/2021-genero\/EL-2-taller-mujeres-tomamos-palabra.jpeg\" target=\"_blank\" rel=\"noopener prettyPhoto&#091;15629&#093;\" data-saferedirecturl=\"https:\/\/www.google.com\/url?q=https:\/\/www.juntadeandalucia.es\/iam\/catalogo\/doc\/convocatorias\/2021-genero\/EL-2-taller-mujeres-tomamos-palabra.jpeg&amp;source=gmail&amp;ust=1637666243675000&amp;usg=AOvVaw0LP7OdDCDhAIdSB280oya-\">egundo Taller de &#8216;Nosotras Tomamos la Palabra&#8217;<\/a><strong>.\u00a0<\/strong>Asociaci\u00f3n de Mujeres Psicolog\u00eda Feminista. 23 de noviembre de 18:00 a 20:00 h a trav\u00e9s de Meet.<\/li>\n<li><a href=\"https:\/\/www.juntadeandalucia.es\/iam\/catalogo\/doc\/web\/actividades-CDMZ\/hojas-perennes\/2021\/taller-cuentos-igualitarios-cartel.pdf\" target=\"_blank\" rel=\"noopener\" data-saferedirecturl=\"https:\/\/www.google.com\/url?q=https:\/\/www.juntadeandalucia.es\/iam\/catalogo\/doc\/web\/actividades-CDMZ\/hojas-perennes\/2021\/taller-cuentos-igualitarios-cartel.pdf&amp;source=gmail&amp;ust=1637675419570000&amp;usg=AOvVaw30LcmLOync9h_xdnukm6nN\">Taller de &#8216;Cuentos Igualitarios&#8217;<\/a>\u00a0[Dentro de la\u00a0<a href=\"https:\/\/www.juntadeandalucia.es\/iam\/index.php\/maria-zambrano\/actividades-propias\/hojas-perennes-un-otono-de-letras-en-femenino\" target=\"_blank\" rel=\"noopener\" data-saferedirecturl=\"https:\/\/www.google.com\/url?q=https:\/\/www.juntadeandalucia.es\/iam\/index.php\/maria-zambrano\/actividades-propias\/hojas-perennes-un-otono-de-letras-en-femenino&amp;source=gmail&amp;ust=1637675419570000&amp;usg=AOvVaw1hZnwuSi5PFtSv4xW4dPwa\">C<\/a><a href=\"https:\/\/www.juntadeandalucia.es\/iam\/index.php\/maria-zambrano\/actividades-propias\/hojas-perennes-un-otono-de-letras-en-femenino\" target=\"_blank\" rel=\"noopener\" data-saferedirecturl=\"https:\/\/www.google.com\/url?q=https:\/\/www.juntadeandalucia.es\/iam\/index.php\/maria-zambrano\/actividades-propias\/hojas-perennes-un-otono-de-letras-en-femenino&amp;source=gmail&amp;ust=1637675419570000&amp;usg=AOvVaw1hZnwuSi5PFtSv4xW4dPwa\">ampa\u00f1a &#8216;Hojas Perennes: Un Oto\u00f1o de Letras en Femenino&#8217;<\/a>]. Centro de Documentaci\u00f3n Mar\u00eda Zambrano del Instituto Andaluz de la Mujer. Sevilla, 29 y 13 de diciembre de 17:30 a 19:30 h.\u00a0<a href=\"https:\/\/forms.gle\/NCX1ZKjbaNnwsF4m6\" target=\"_blank\" rel=\"noopener\" data-saferedirecturl=\"https:\/\/www.google.com\/url?q=https:\/\/forms.gle\/NCX1ZKjbaNnwsF4m6&amp;source=gmail&amp;ust=1637675419570000&amp;usg=AOvVaw2tkGyPhU5QS-Lf1Iau7Jqd\">Preinscripci\u00f3n<\/a>\u00a0(plazas limitadas).\u00a0<a href=\"https:\/\/www.juntadeandalucia.es\/iam\/catalogo\/doc\/web\/actividades-CDMZ\/hojas-perennes\/2021\/taller-cuentos-igualitarios-info.pdf\" target=\"_blank\" rel=\"noopener\" data-saferedirecturl=\"https:\/\/www.google.com\/url?q=https:\/\/www.juntadeandalucia.es\/iam\/catalogo\/doc\/web\/actividades-CDMZ\/hojas-perennes\/2021\/taller-cuentos-igualitarios-info.pdf&amp;source=gmail&amp;ust=1637675419570000&amp;usg=AOvVaw0MGTXP1-_X582rzOj4sD4w\">M\u00e1s informaci\u00f3n<\/a><\/li>\n<li><a href=\"https:\/\/www.uma.es\/amzet\/info\/115072\/premios-de-investigacion\/\" target=\"_blank\" rel=\"noopener\" data-saferedirecturl=\"https:\/\/www.google.com\/url?q=https:\/\/www.uma.es\/amzet\/info\/115072\/premios-de-investigacion\/&amp;source=gmail&amp;ust=1637687792422000&amp;usg=AOvVaw1KDM1ctL6KmpdU5hGYppzN\">Premio Kate O\u2019Brien a los trabajos period\u00edsticos o literarios\u00a0<\/a><a href=\"https:\/\/www.uma.es\/amzet\/info\/115072\/premios-de-investigacion\/\" target=\"_blank\" rel=\"noopener\" data-saferedirecturl=\"https:\/\/www.google.com\/url?q=https:\/\/www.uma.es\/amzet\/info\/115072\/premios-de-investigacion\/&amp;source=gmail&amp;ust=1637687792423000&amp;usg=AOvVaw3LDI2o_IxmkPHf6ZRAVDod\">con\u00a0especial consideraci\u00f3n\u00a0a<\/a><a href=\"https:\/\/www.uma.es\/amzet\/info\/115072\/premios-de-investigacion\/\" target=\"_blank\" rel=\"noopener\" data-saferedirecturl=\"https:\/\/www.google.com\/url?q=https:\/\/www.uma.es\/amzet\/info\/115072\/premios-de-investigacion\/&amp;source=gmail&amp;ust=1637687792423000&amp;usg=AOvVaw3LDI2o_IxmkPHf6ZRAVDod\">\u00a0aquellos realizados desde una perspectiva de g\u00e9nero<\/a>.\u00a0Aula Mar\u00eda Zambrano de Estudios Transatl\u00e1nticos de la Universidad de M\u00e1laga. Hasta el 11 de enero de 2022.\u00a0<a href=\"https:\/\/www.uma.es\/media\/files\/formulario_inscripcion_premios.pdf\" target=\"_blank\" rel=\"noopener\" data-saferedirecturl=\"https:\/\/www.google.com\/url?q=https:\/\/www.uma.es\/media\/files\/formulario_inscripcion_premios.pdf&amp;source=gmail&amp;ust=1637687792423000&amp;usg=AOvVaw1pE0YJlwiczUGMZryN0-gk\">Inscripci\u00f3n<\/a><\/li>\n<li><a href=\"https:\/\/gestioneventos.us.es\/go\/jornada-reflexion-acoso-universidad-2021\" target=\"_blank\" rel=\"noopener\" data-saferedirecturl=\"https:\/\/www.google.com\/url?q=https:\/\/gestioneventos.us.es\/go\/jornada-reflexion-acoso-universidad-2021&amp;source=gmail&amp;ust=1637687792423000&amp;usg=AOvVaw1ulS7W7LIp0gGGgwiRVsxj\">III Jornada de Reflexi\u00f3n sobre el Acoso en la Universidad. Profundizando en el abordaje y actuaci\u00f3n ante el acoso<\/a>. Universidad de Sevilla. 16 de diciembre de 2021 de 9:30 a 19:00 h<\/li>\n<\/ul>\n<\/div>\n<\/div>\n<div id=\"\" class=\"lsow-panel lsow-active\">\n<h1 class=\"lsow-panel-title\">Comunicaci\u00f3n, Publicidad y TICs<\/h1>\n<div class=\"lsow-panel-content\">\n<p><a href=\"https:\/\/www.canalsur.es\/rtva\/mujeres-pioneras-del-periodismo-en-espana-en-la-memoria\/1772736.html\">Mujeres pioneras del periodismo en Espa\u00f1a, en \u00abLa Memoria\u00bb<\/a>\u00a0-canalsur<br \/>\n<a href=\"https:\/\/blogs.publico.es\/dominiopublico\/41337\/por-un-periodismo-feminista\/\">Por un periodismo feminista<\/a>\u00a0-p\u00fablico<br \/>\n<a href=\"https:\/\/www.cope.es\/programas\/grupo-risa\/audios\/pilar-casado-primera-mujer-narrar-partidos-acb-movistar-20211123_1644106\">Pilar Casado, primera mujer en narrar partidos de la ACB en Movistar+<\/a>&#8211; cope<br \/>\n<a href=\"https:\/\/www.diariodecadiz.es\/sanfernando\/San-Fernando-premia-periodismo-valiente-comprometido-Lydia-Cacho_0_1627939583.html\">San Fernando premia el periodismo valiente y comprometido de Lydia Cacho<\/a>-diariodecadiz<br \/>\n<a href=\"https:\/\/www.lanzadigital.com\/general\/la-agrupacion-de-periodistas-de-ugt-pide-mas-visibilidad-informativa-en-la-lucha-contra-la-violencia-contra-las-mujeres\/\">La Agrupaci\u00f3n de Periodistas de UGT pide m\u00e1s visibilidad informativa en la lucha contra la violencia contra las mujeres<\/a>-lanzadigital<br \/>\n<a href=\"https:\/\/www.google.com\/url?rct=j&amp;sa=t&amp;url=https:\/\/www.farodevigo.es\/ourense\/2021\/11\/23\/mobileweek-ahondo-brecha-genero-desarrollo-59836835.html&amp;ct=ga&amp;cd=CAEYACoUMTA0NTUxNDU0NzgwMjAwOTcxNjYyGWUxZTc3ZDE1NjA5OGE4ZTM6ZXM6ZXM6RVM&amp;usg=AFQjCNFiaMBIvzy3_itBDcI3ObhX-MID0w\">La MobileWeek ahond\u00f3 en la brecha de\u00a0g\u00e9nero\u00a0dentro del desarrollo\u00a0tecnol\u00f3gico<\/a>\u00a0-farodevigo<\/p>\n<\/div>\n<\/div>\n<div id=\"\" class=\"lsow-panel lsow-active\">\n<h1 class=\"lsow-panel-title\">Andaluc\u00eda<\/h1>\n<div class=\"lsow-panel-content\">\n<p><strong>Econom\u00eda y Empresas\u00a0<\/strong><br \/>\n<a href=\"https:\/\/www.google.com\/url?rct=j&amp;sa=t&amp;url=https:\/\/www.europapress.es\/esandalucia\/jaen\/noticia-blanco-destaca-respaldo-junta-constitucion-mas-1100-empresas-medio-rural-andaluz-20211122151950.html&amp;ct=ga&amp;cd=CAEYACoUMTY2MTcxMjE4NzMzMTk3NDAzMDcyGWQ3OGU1ODc1YTBmMWYyYWM6ZXM6ZXM6RVM&amp;usg=AFQjCNG9QeAz0kdjeV6piWRsgEfg9mAnjQ\">Blanco destaca el respaldo de la Junta para \u00abla constituci\u00f3n de m\u00e1s de 1.100 empresas en &#8230;<\/a>\u00a0&#8211; europapress<br \/>\n<a href=\"https:\/\/www.google.com\/url?rct=j&amp;sa=t&amp;url=https:\/\/www.europasur.es\/campo-de-gibraltar\/camara-comercio-asesora-emprendedoras-2021_0_1631237322.html&amp;ct=ga&amp;cd=CAEYASoTNzkwODc1MDkwNDIxNTQ1Njc3MTIZYzAzNzJlYmMyZmVhZGE1OTplczplczpFUw&amp;usg=AFQjCNHU6G4YwSZW-PUuM7d5x8lxINbqwQ\">La C\u00e1mara de Comercio asesora a casi un centenar de emprendedoras en 2021 &#8211;\u00a0<\/a>\u00a0europasur<br \/>\n<a href=\"https:\/\/revistabyte.es\/actualidad-it\/back2work-mujeres\/\">Back2Work ayudar\u00e1 a mujeres en riesgo de exclusi\u00f3n social en M\u00e1laga<\/a>-Revista Byte TI<br \/>\n<a href=\"https:\/\/www.diariodehuelva.es\/2021\/11\/18\/ugt-mujeres\/\">UGT denuncia: las mujeres trabajan gratis 44 d\u00edas al a\u00f1o<\/a>-diariodehuelva<br \/>\n<a href=\"https:\/\/www.juntadeandalucia.es\/presidencia\/portavoz\/economiayempleo\/166748\/RocioBlanco\/Empleo\/Mediorural\/Empresas\/Emprendimiento\/JuntadeAndalucia\/Andalucia\/GobiernodeAndalucia\/Jaen\">La Junta respalda la constituci\u00f3n de m\u00e1s de 1.100 empresas en el medio rural andaluz<\/a>-juntadeandalucia<\/p>\n<p><strong>Actualidad<\/strong><br \/>\n<a href=\"https:\/\/www.lavozdegalicia.es\/noticia\/opinion\/2021\/11\/23\/mujeres-transfronterizas-limbo-derechos\/0003_202111G23P14991.htm\">Mujeres transfronterizas: en un limbo y sin derechos<\/a>-lavozdegalicia<br \/>\n<a href=\"https:\/\/sevilla.abc.es\/sevilla\/sevi-mas-5000-andaluces-seran-diagnosticados-cancer-pulmon-este-y-cada-mas-mujeres-202111171157_noticia.html\">M\u00e1s de 5.000 andaluces ser\u00e1n diagnosticados de c\u00e1ncer de pulm\u00f3n este a\u00f1o y cada vez hay m\u00e1s mujeres<\/a>-abc<br \/>\n<a href=\"https:\/\/www.diariodecadiz.es\/cadiz\/Plataforma-Andaluza-Mujeres-Abolicionistas-congreso_0_1629439072.html\">La Plataforma Andaluza de Mujeres Abolicionistas celebra su primer congreso<\/a>-diariodecadiz<br \/>\n<a href=\"https:\/\/www.cordobabn.com\/articulo\/andalucia\/atencion-dependencia-moviliza-abandono\/20211122143527114885.html\">La Dependencia andaluza se moviliza por su situaci\u00f3n de abandono<\/a><\/p>\n<p><strong>Violencias<\/strong><br \/>\n<a href=\"https:\/\/www.google.com\/url?rct=j&amp;sa=t&amp;url=https:\/\/www.europapress.es\/esandalucia\/granada\/noticia-iam-interpela-campana-25n-granada-familias-allegados-victimas-poner-freno-violencia-20211119161643.html&amp;ct=ga&amp;cd=CAEYACoUMTAzNjY2ODU0ODQ4NzA0NTU3NjMyGzlhYjFjZGQ3ZTM2NmVmMzg6ZXM6ZXM6RVM6Ug&amp;usg=AFQjCNEasyoiwITUwuTyLYEDUKBgUJfQYw\">IAM interpela en la campa\u00f1a del 25N en Granada a familias y allegados de las v\u00edctimas &#8230;<\/a>&#8211;\u00a0europapress<br \/>\n<a href=\"https:\/\/www.google.com\/url?rct=j&amp;sa=t&amp;url=https:\/\/www.20minutos.es\/noticia\/4899677\/0\/el-iam-anima-al-entorno-de-las-victimas-de-violencia-de-genero-a-ser-agentes-de-cambio-con-motivo-del-25n\/&amp;ct=ga&amp;cd=CAEYACoTNTc1ODgzMTE4MjMzNzI0MzI0ODIbOWFiMWNkZDdlMzY2ZWYzODplczplczpFUzpS&amp;usg=AFQjCNF32CoM0U9utuOFHmb_V3p5VZLBKQ\">El IAM anima al entorno de las v\u00edctimas de violencia de g\u00e9nero a ser \u00abagentes de cambio &#8230;<\/a>-20minutos<br \/>\n<a href=\"https:\/\/www.google.com\/url?rct=j&amp;sa=t&amp;url=https:\/\/www.diariodealmeria.es\/almeria\/mujeres-sufre-partir-alguna-ciberviolencia_0_1630637197.html&amp;ct=ga&amp;cd=CAEYACoUMTY2Nzg5NDA5OTIxNTA2NzEzOTAyGWMwMzcyZWJjMmZlYWRhNTk6ZXM6ZXM6RVM&amp;usg=AFQjCNG1FdmtC-3rur5wWNmfTmNhSBzWlA\">Una de cada 10\u00a0mujeres\u00a0sufre, a partir de los 15 a\u00f1os, alguna forma de ciberviolencia<\/a>\u00a0-diariodealmeria<br \/>\n<a href=\"https:\/\/www.google.com\/url?rct=j&amp;sa=t&amp;url=https:\/\/www.europapress.es\/esandalucia\/sevilla\/noticia-iam-publica-nueva-guia-libros-peliculas-recomendadas-violencias-machistas-formas-erradicarlas-20211122150435.html&amp;ct=ga&amp;cd=CAEYACoUMTY2NDQ3MTYyNDU4NTU2MzY3MzMyGzlhYjFjZGQ3ZTM2NmVmMzg6ZXM6ZXM6RVM6Ug&amp;usg=AFQjCNEiUjVshBVxEACtQjpKpEx__QyuLQ\">El IAM publica una nueva gu\u00eda de libros y pel\u00edculas recomendadas sobre las violencias<\/a>-europapress<br \/>\n<a href=\"https:\/\/www.google.com\/url?rct=j&amp;sa=t&amp;url=https:\/\/www.europapress.es\/esandalucia\/sevilla\/noticia-iam-forma-millar-profesionales-violencia-vicaria-chicas-adolescentes-20211118141556.html&amp;ct=ga&amp;cd=CAEYAioUMTEzMDM0MTM4NDY3OTk3MjA1ODQyGWMwMzcyZWJjMmZlYWRhNTk6ZXM6ZXM6RVM&amp;usg=AFQjCNHMslxyM38_2pwc8UonYu5agMcDeA\">El IAM forma a un millar de profesionales sobre violencia vicaria y en las chicas adolescentes<\/a>-europapress<\/p>\n<p><strong>Ciencia y Cultura<\/strong><br \/>\n<a href=\"https:\/\/www.google.com\/url?rct=j&amp;sa=t&amp;url=https:\/\/www.granadahoy.com\/granada\/investigadora-Universidad-Granada-Nuria-Rico_0_1631537308.html&amp;ct=ga&amp;cd=CAEYASoUMTI1NzM0OTE5NTE0OTc5MDc2ODEyGWMwMzcyZWJjMmZlYWRhNTk6ZXM6ZXM6RVM&amp;usg=AFQjCNEMrg67EffwngUviNSLq4I240R5hw\">La investigadora de la Universidad de Granada Nuria Rico, premiada por un estudio sobre &#8230;<\/a>-granadahoy<br \/>\n<a href=\"https:\/\/www.msn.com\/es-es\/news\/espana\/ocho-andaluzas-participan-en-el-centre-stage-de-sevilla-acci-c3-b3n-europea-por-la-igualdad-en-las-artes-esc-c3-a9nicas\/ar-AAQU7xK?ocid=BingNewsSearch\">Ocho andaluzas participan en el Centre Stage de Sevilla, acci\u00f3n europea por la igualdad en las artes esc\u00e9nicas<\/a>-europapress<br \/>\n<a href=\"https:\/\/www.google.com\/url?rct=j&amp;sa=t&amp;url=https:\/\/www.granadadigital.es\/estaciones-de-dano-seleccion-fotografica-muestra-evolucion-animica-mujer-maltratada\/&amp;ct=ga&amp;cd=CAEYAyoUMTM0MjUwMDQwODM5NjQ3MjY2MTcyGWMwMzcyZWJjMmZlYWRhNTk6ZXM6ZXM6RVM&amp;usg=AFQjCNHHmkUzYmtOYAupDRIbdVsVgiYgmw\">Estaciones de (d)A\u00f1o&#8217;, una selecci\u00f3n fotogr\u00e1fica que muestra la evoluci\u00f3n an\u00edmica de una &#8230;<\/a>-granadadigital<br \/>\n<a href=\"https:\/\/www.google.com\/url?rct=j&amp;sa=t&amp;url=https:\/\/huelva24.com\/art\/155559\/secretos-olvidados-primera-novela-de-la-onubense-cristina-lopez-con-tinte-solidario&amp;ct=ga&amp;cd=CAEYByoUMTA1MzI4MDUxMjM3ODk0ODg4NjYyGWVhOTI1ODA0ZDY3ZjI3YjM6ZXM6ZXM6RVM&amp;usg=AFQjCNGpkUFxUeiXOk4mNGExugIE-SW1Tg\">&#8216;Secretos olvidados&#8217;, primera novela de la onubense Cristina L\u00f3pez con tinte\u00a0solidario\u00a0&#8211;<\/a>huelva24<br \/>\n<a href=\"https:\/\/www.noticiasdealmeria.com\/el-talento-de-la-joven-cineasta-violeta-salama-es-reconocido-con-el-ii-premio-rtva-en-fical\">El talento de la joven cineasta Violeta Salama es reconocido con el II Premio RTVA en FICAL<\/a>-noticiasdealmeria<\/p>\n<p><strong>Deporte<\/strong><br \/>\n<a href=\"https:\/\/www.google.com\/url?rct=j&amp;sa=t&amp;url=https:\/\/www.diariodesevilla.es\/andalucia\/campana-violencia-machista-proyectara-estadios-video_0_1630637717.html&amp;ct=ga&amp;cd=CAEYASoUMTAzNjY2ODU0ODQ4NzA0NTU3NjMyGzlhYjFjZGQ3ZTM2NmVmMzg6ZXM6ZXM6RVM6Ug&amp;usg=AFQjCNHecsUIM6_1WbRkkE1xWn6YjYR4sQ\">Los estadios de f\u00fatbol andaluces proyectar\u00e1n la campa\u00f1a de la Junta contra la violencia machista<\/a>-diariodesevilla<br \/>\n<a href=\"https:\/\/www.google.com\/url?rct=j&amp;sa=t&amp;url=https:\/\/www.europapress.es\/andalucia\/malaga-00356\/noticia-andalucia-costa-sol-open-espana-reune-mejores-golfistas-marbella-malaga-20211122154448.html&amp;ct=ga&amp;cd=CAEYAioSNDcyMjQ0MDcyNDc0MTQwNDgzMhllYTkyNTgwNGQ2N2YyN2IzOmVzOmVzOkVT&amp;usg=AFQjCNFbXO3d2RwTQdfV-uq8OF5HIFoGtQ\">El\u00a0Andaluc\u00eda\u00a0Costa del Sol Open de Espa\u00f1a re\u00fane a las mejores golfistas en Marbella (M\u00e1laga)<\/a>-europapress<\/p>\n<\/div>\n<\/div>\n<div id=\"\" class=\"lsow-panel lsow-active\">\n<h1 class=\"lsow-panel-title\">Estado<\/h1>\n<div class=\"lsow-panel-content\">\n<p><strong>Institucional<\/strong><br \/>\n<a href=\"https:\/\/www.google.com\/url?rct=j&amp;sa=t&amp;url=https:\/\/www.abc.es\/espana\/abci-gobierno-destinara-35-millones-teleproteccion-violencia-genero-202111211506_video.html&amp;ct=ga&amp;cd=CAEYASoSODc0MjcwMjA2Mjc5MTQ4OTA5MhllMmRlZmE3ZDVkYTkxNTdkOmVzOmVzOkVT&amp;usg=AFQjCNHBB61jWHA025Fd56MgnhF7olkBDQ\">El Gobierno destinar\u00e1 35 millones a la teleprotecci\u00f3n de la\u00a0violencia de g\u00e9nero\u00a0&#8211;\u00a0<\/a>abc<br \/>\n<a href=\"https:\/\/www.google.com\/url?rct=j&amp;sa=t&amp;url=https:\/\/www.lamoncloa.gob.es\/serviciosdeprensa\/notasprensa\/justicia\/Paginas\/2021\/221121-llopjornadas.aspx&amp;ct=ga&amp;cd=CAEYACoSMjczNjkxMjk2NTIxNjQxMjQwMhk1OWQ3ODE3MTM2YTJkMDI4OmVzOmVzOkVT&amp;usg=AFQjCNFCMgWpnp_9HVS0F2i3hfXp3aA7YQ\">Llop: \u00abLa violencia de\u00a0<strong>g\u00e9nero<\/strong>\u00a0requiere una actuaci\u00f3n unitaria y m\u00e1xima coordinaci\u00f3n y colaboraci\u00f3n\u00bb<\/a>-Lamoncloa<\/p>\n<p><strong>Institucional \u2013 CCAA<\/strong><br \/>\n<a href=\"https:\/\/www.google.com\/url?rct=j&amp;sa=t&amp;url=https:\/\/www.20minutos.es\/noticia\/4900108\/0\/junta-avanza-hacia-un-sistema-mas-moderno-de-atencion-a-violencia-de-genero-para-facilitar-la-vuelta-a-una-vida-normal\/&amp;ct=ga&amp;cd=CAEYACoTMTkzMjYwMjU3Mzc5MzMyNDk1ODIZNTlkNzgxNzEzNmEyZDAyODplczplczpFUw&amp;usg=AFQjCNES2McE787AAvkTdqixZhu5rca54Q\">Junta avanza hacia un sistema m\u00e1s moderno de atenci\u00f3n a violencia de\u00a0g\u00e9nero\u00a0para &#8230;<\/a>-20minutos<br \/>\n<a href=\"https:\/\/www.google.com\/url?rct=j&amp;sa=t&amp;url=https:\/\/alicanteplaza.es\/el-poder-economico-no-tiene-rostro-de-mujer-en-la-comunitat-valenciana1&amp;ct=ga&amp;cd=CAEYAioUMTgxNDM1OTI5NDgxNzA1MzI4ODMyGWMwMzcyZWJjMmZlYWRhNTk6ZXM6ZXM6RVM&amp;usg=AFQjCNHWckZ_mBOy0NGqWyW0ownna_NwLg\">El poder econ\u00f3mico no tiene rostro de\u00a0<strong>mujer<\/strong>\u00a0en la Comunitat Valenciana &#8211;\u00a0<\/a>alicanteplaza<br \/>\n<a href=\"https:\/\/www.google.com\/url?rct=j&amp;sa=t&amp;url=https:\/\/www.grada.es\/badajoz-acoge-el-ii-congreso-mujer-360o-con-la-igualdad-entre-mujeres-y-hombres-como-premisa\/sociedad\/mas-sociedad\/&amp;ct=ga&amp;cd=CAEYDyoTODgwNTU1Mzk3MDcxOTU1MDM0NDIZYzAzNzJlYmMyZmVhZGE1OTplczplczpFUw&amp;usg=AFQjCNFB7Me4qUGlTM-WGPkq1nIfnsU9og\">Badajoz acoge el II Congreso\u00a0Mujer\u00a0360\u00ba &#8211;\u00a0<\/a>revistagrada<br \/>\n<a href=\"https:\/\/www.google.com\/url?rct=j&amp;sa=t&amp;url=https:\/\/www.educandoenigualdad.com\/2021\/11\/19\/gil-rosina-las-nuevas-generaciones-tienen-un-concepto-mas-sano-y-mas-justo-de-lo-que-significa-la-igualdad\/&amp;ct=ga&amp;cd=CAEYACoUMTA4MzQ5MTkzMjAwMzk1NzE5MzMyGWMwMzcyZWJjMmZlYWRhNTk6ZXM6ZXM6RVM&amp;usg=AFQjCNHbWCusz1Qrfb1GoGFDWKS86jpyaA\">Gil Rosi\u00f1a: \u201cLas nuevas generaciones tienen un concepto m\u00e1s sano y m\u00e1s justo de lo que &#8230;<\/a>-educandoenigualdad<\/p>\n<p><strong>Econom\u00eda\u00a0y Empresa<\/strong><br \/>\n<a href=\"https:\/\/www.google.com\/url?rct=j&amp;sa=t&amp;url=https:\/\/www.publico.es\/sociedad\/mujeres-grandes-centros-financieros-sufren-barreras-genero.html&amp;ct=ga&amp;cd=CAEYACoTNzUyODIzNTc4MDgyNzYxOTU1MTIZYzAzNzJlYmMyZmVhZGE1OTplczplczpFUw&amp;usg=AFQjCNEt3jqrI7CrJh7FCz-HsY4wIB6llw\">Las\u00a0mujeres\u00a0de los grandes centros financieros tambi\u00e9n sufren barreras de g\u00e9nero<\/a>-publico<br \/>\n<a href=\"https:\/\/www.google.com\/url?rct=j&amp;sa=t&amp;url=https:\/\/www.desafiomujerrural.es\/noticias\/amfar-analiza-la-nueva-pac-para-impulsar-la-participacion-de-las-mujeres-rurales-en-el&amp;ct=ga&amp;cd=CAEYACoTMjc5NTMzNjc0MTg1NjY5NTg2MjIZYzAzNzJlYmMyZmVhZGE1OTplczplczpFUw&amp;usg=AFQjCNHtNgkejdjcLVgIZltWWRIGiZAwtw\">AMFAR analiza la nueva PAC para impulsar la participaci\u00f3n de las\u00a0mujeres\u00a0rurales en el &#8230;<\/a>&#8211;\u00a0Desaf\u00edo Mujer Rural<br \/>\n<a href=\"https:\/\/www.google.com\/url?rct=j&amp;sa=t&amp;url=https:\/\/www.madridiario.es\/gonzalo-gortazar-destaca-el-valor-de-la-diversidad-en-un-encuentro-con-las-ganadoras-del-premio-mujer-empresaria-caixabank-2021&amp;ct=ga&amp;cd=CAEYASoUMTAyOTkzNDQ3Nzc1NTAyMTU2OTEyGWMwMzcyZWJjMmZlYWRhNTk6ZXM6ZXM6RVM&amp;usg=AFQjCNE057_6X9RTy_iuvq4CzwgWRISMoQ\">Gonzalo Gort\u00e1zar destaca el valor de la diversidad en un encuentro con las ganadoras del Premio Caixabank 2021 &#8211;<\/a>madridiario<br \/>\n<a href=\"https:\/\/www.google.com\/url?rct=j&amp;sa=t&amp;url=https:\/\/www.bbva.com\/es\/sostenibilidad\/la-importancia-de-la-mujer-emprendedora\/&amp;ct=ga&amp;cd=CAEYAioTMTU5MDgzOTEwMTcwNTYwOTIzMzIZYzAzNzJlYmMyZmVhZGE1OTplczplczpFUw&amp;usg=AFQjCNEczipBmNlcM0o73Tslcu6fXAJCdA\">La importancia de la\u00a0emprendedora &#8211;\u00a0<\/a>bbva<\/p>\n<p><strong>Actualidad<\/strong><\/p>\n<p><a href=\"https:\/\/www.google.com\/url?rct=j&amp;sa=t&amp;url=https:\/\/www.magisnet.com\/2021\/11\/rocio-moldes-el-primer-paso-para-resolver-un-problema-es-visibilizarlo\/&amp;ct=ga&amp;cd=CAEYACoTMTYyODM2MDY2MjIxMTQyNTM3NTIZNTlkNzgxNzEzNmEyZDAyODplczplczpFUw&amp;usg=AFQjCNHpO-g-3qc7SLUjzc28TPhpKxRHng\">Roc\u00edo Moldes: \u00abEl primer paso para resolver un problema es visibilizarlo\u00bb &#8211;\u00a0<\/a>maginest<br \/>\n<a href=\"https:\/\/www.google.com\/url?rct=j&amp;sa=t&amp;url=https:\/\/www.elperiodicodearagon.com\/aragon\/2021\/11\/22\/investigadora-alicia-broz-recibe-premio-59816623.html&amp;ct=ga&amp;cd=CAEYACoTNjA3ODI3ODM2MzEwMjE3NzQxNTIZYzAzNzJlYmMyZmVhZGE1OTplczplczpFUw&amp;usg=AFQjCNECXm9HMjEnHrZSNmBegYuHFPXSPg\">La investigadora Alicia Brox recibe el premio de Investigaciones Feministas\u00a0\u00a0<\/a>-elperiodicodearag\u00f3n<br \/>\n<a href=\"https:\/\/www.google.com\/url?rct=j&amp;sa=t&amp;url=https:\/\/www.rtve.es\/television\/20211120\/feministas-catolicas-mujeres-iglesia\/2219421.shtml&amp;ct=ga&amp;cd=CAEYASoTNzUxNTUxNTkxNjI0NjYzNDA4MDIZYzAzNzJlYmMyZmVhZGE1OTplczplczpFUw&amp;usg=AFQjCNHguhQgOqoFsd-SQXrbkLbg-GhaYA\">Feministas cat\u00f3licas: contra la invisibilidad de las\u00a0mujeres\u00a0en la Iglesia<\/a>-rtve<\/p>\n<p><strong>Violencias<\/strong><br \/>\n<a href=\"https:\/\/theobjective.com\/sociedad\/2021-11-22\/premios-nacionales-investigacion-2021\/\">Cuatro mujeres y seis hombres reciben los Premios Nacionales de Investigaci\u00f3n 2021<\/a>-theobjective.com<br \/>\n<a href=\"https:\/\/www.google.com\/url?rct=j&amp;sa=t&amp;url=https:\/\/www.europapress.es\/epsocial\/igualdad\/noticia-nuevos-juzgados-refuerzo-coordinacion-atencion-victimas-medidas-justicia-contra-violencia-machista-20211122125112.html&amp;ct=ga&amp;cd=CAEYASoTMzA5NTUzMTUwMTQzMTk0MDQyOTIZNTlkNzgxNzEzNmEyZDAyODplczplczpFUw&amp;usg=AFQjCNFRWovoklQMan-RS_oBfeH2UakfSg\">Nuevos juzgados y refuerzo de la coordinaci\u00f3n y la atenci\u00f3n a v\u00edctimas, medidas de Justicia &#8230;<\/a>&#8211;\u00a0europapress<\/p>\n<p><strong>Ciencia y Cultura<\/strong><br \/>\n<a href=\"https:\/\/www.google.com\/url?rct=j&amp;sa=t&amp;url=https:\/\/www.huffingtonpost.es\/entry\/ines-perez-cientifica-premio-dial_es_61977f05e4b025be1ada624d&amp;ct=ga&amp;cd=CAEYACoTODYyMDgxODYzODAxNzI2NjkzMjIZYzAzNzJlYmMyZmVhZGE1OTplczplczpFUw&amp;usg=AFQjCNFhJvIO7DVbi6z8FXklSUmmUpdYyA\">\u00abCuando le pides a un ni\u00f1o que imagine un cient\u00edfico nunca describe a una\u00a0<strong>mujer<\/strong>\u201d\u00a0<\/a>\u00a0-elhuffPost<br \/>\n<a href=\"https:\/\/www.google.com\/url?rct=j&amp;sa=t&amp;url=https:\/\/www.elcorreogallego.es\/galicia\/es-cuestion-de-tiempo-que-ser-mujer-y-cientifica-no-sea-noticia-de-periodico-LY9652058&amp;ct=ga&amp;cd=CAEYAyoTMTk2Mjg0OTk3NjE5MjAwMjQ2OTIZYzAzNzJlYmMyZmVhZGE1OTplczplczpFUw&amp;usg=AFQjCNG5WXiH5NZM4mdjwN9tc__-vyz3-Q\">Es cuesti\u00f3n de tiempo que ser\u00a0mujer\u00a0y cient\u00edfica no sea noticia de peri\u00f3dico\u201d &#8211;\u00a0<\/a>elcorreogallego<br \/>\n<a href=\"https:\/\/www.google.com\/url?rct=j&amp;sa=t&amp;url=https:\/\/www.revistaalimentaria.es\/industria\/servicios\/patricia-fernandez-calvo-hay-que-liberar-a-la-mujer-de-muchas-de-las-cargas-sociales&amp;ct=ga&amp;cd=CAEYBCoTMTE5ODE4MTI5MzgyMjQ1MTAwMTIZYzAzNzJlYmMyZmVhZGE1OTplczplczpFUw&amp;usg=AFQjCNFX4pQQXHPAe3vXJqBZaC_MFa10fA\">Patricia Fern\u00e1ndez Calvo: \u201cHay que liberar a la\u00a0mujer\u00a0de muchas de las cargas sociales que &#8230;<\/a>-revistaalimentaria<br \/>\n<a href=\"https:\/\/www.google.com\/url?rct=j&amp;sa=t&amp;url=https:\/\/www.europapress.es\/cultura\/libros-00132\/noticia-carmen-laforet-sera-segunda-mujer-retratada-ateneo-madrid-galeria-casi-200-autores-20211117151313.html&amp;ct=ga&amp;cd=CAEYAioUMTYxMjg0ODgxMzc2NjM3NTI4NjUyGWMwMzcyZWJjMmZlYWRhNTk6ZXM6ZXM6RVM&amp;usg=AFQjCNF6_tLGYaElquXZBXAYAUHw2M_r0A\">Carmen Laforet ser\u00e1 la segunda\u00a0mujer\u00a0retratada en el Ateneo de Madrid en una galer\u00eda de &#8230;<\/a>-europapress<br \/>\n<a href=\"https:\/\/www.google.com\/url?rct=j&amp;sa=t&amp;url=https:\/\/www.abc.es\/play\/cine\/noticias\/abci-kira-miro-entre-30-y-40-anos-parece-mujer-no-puede-contar-historias-202111211036_noticia.html&amp;ct=ga&amp;cd=CAEYACoUMTMyNjQxNDg4MTcwMDYyMjc4MjAyGWUyZGVmYTdkNWRhOTE1N2Q6ZXM6ZXM6RVM&amp;usg=AFQjCNGyOtwFG3r51Q92rrfKS0doOUgx-w\">Kira Mir\u00f3: \u00abEntre los 30 y los 40 a\u00f1os parece que la mujer no puede contar historias\u00bb &#8211;<\/a>abc<\/p>\n<p><strong>Deporte<\/strong><br \/>\n<a href=\"https:\/\/www.google.com\/url?rct=j&amp;sa=t&amp;url=https:\/\/toledodiario.es\/europeo-juegos-olimpicos-y-un-nuevo-oro-en-el-mundial-la-karateca-sandra-sanchez-completa-un-ano-de-ensueno\/&amp;ct=ga&amp;cd=CAEYACoUMTM3MTQ1MDUzNDgzNDEwNDUxODMyGWUyZGVmYTdkNWRhOTE1N2Q6ZXM6ZXM6RVM&amp;usg=AFQjCNEDPQubWB7HYwlI60yh335t01HIuA\">Europeo,\u00a0Juegos\u00a0Ol\u00edmpicos y un nuevo oro en el Mundial: la karateca Sandra S\u00e1nchez &#8230;<\/a>-toledodiario<\/p>\n<\/div>\n<\/div>\n<div id=\"\" class=\"lsow-panel lsow-active\">\n<h1 class=\"lsow-panel-title\">Internacional<\/h1>\n<div class=\"lsow-panel-content\">\n<p><a href=\"https:\/\/www.google.com\/url?rct=j&amp;sa=t&amp;url=https:\/\/eeas.europa.eu\/delegations\/ecuador_es\/107682\/Dar%2520prioridad%2520a%2520la%2520igualdad%2520de%2520g%25C3%25A9nero&amp;ct=ga&amp;cd=CAEYASoTMTk0ODA4Mjc1MTg5NjU3MzczNDIZNTlkNzgxNzEzNmEyZDAyODplczplczpFUw&amp;usg=AFQjCNFoR9u_Wce1rh_VxXaUA9aPrurjcg\">Dar prioridad a la igualdad de\u00a0g\u00e9nero\u00a0&#8211; Servicio Europeo de Acci\u00f3n Exterior &#8211;\u00a0<\/a>europa.eu<br \/>\n<a href=\"https:\/\/www.google.com\/url?rct=j&amp;sa=t&amp;url=https:\/\/www.cepal.org\/es\/eventos\/xix-reunion-internacional-especialistas-informacion-uso-tiempo-trabajo-remunerado&amp;ct=ga&amp;cd=CAEYBCoTODgwNTU1Mzk3MDcxOTU1MDM0NDIZYzAzNzJlYmMyZmVhZGE1OTplczplczpFUw&amp;usg=AFQjCNGQOfcScG9-YhjE_3jBQukbYOsHDg\">XIX Reuni\u00f3n internacional de especialistas en informaci\u00f3n sobre uso del tiempo y trabajo<\/a>-cepal<br \/>\n<a href=\"https:\/\/www.google.com\/url?rct=j&amp;sa=t&amp;url=https:\/\/www.elheraldo.co\/mundo\/expertas-urgen-disminuir-informalidad-laboral-entre-mujeres-en-latinoamerica-866481&amp;ct=ga&amp;cd=CAEYBCoUMTgwNDg3MzY3MjI4NDYzMjAzMjkyGWMwMzcyZWJjMmZlYWRhNTk6ZXM6ZXM6RVM&amp;usg=AFQjCNECxTqNPDAbpX-0gl2azK6opLlddA\">Expertas urgen disminuir informalidad laboral entre\u00a0mujeres\u00a0en Latinoam\u00e9rica\u00a0<\/a>-elheraldo<br \/>\n<a href=\"https:\/\/www.europarl.europa.eu\/committees\/fr\/eliminating-violence-against-women-inter\/product-details\/20211118MNP00881\">Eliminating Violence against Women &#8211; Inter-parliamentary committee meeting\u00a0<\/a>-europaeu<br \/>\n<a href=\"https:\/\/www.google.com\/url?rct=j&amp;sa=t&amp;url=https:\/\/es.unesco.org\/news\/igualdad-genero-ciencia-tecnologia-e-innovacion-proceso-y-meta-compartida&amp;ct=ga&amp;cd=CAEYASoUMTgxODI2MDg1MTc3MjM1NTM3MDQyGWMwMzcyZWJjMmZlYWRhNTk6ZXM6ZXM6RVM&amp;usg=AFQjCNFR0MmkAbiVkTSggxZvqEx5SPyzwQ\">La igualdad de g\u00e9nero en ciencia, tecnolog\u00eda e innovaci\u00f3n: un proceso y una meta compartida&#8230;<\/a>-unesco<\/p>\n<\/div>\n<\/div>\n<\/div><\/div><\/div><\/div><\/div>\n","protected":false},"excerpt":{"rendered":"<p>La igualdad de g\u00e9nero en ciencia, tecnolog\u00eda e innovaci\u00f3n: un proceso y una meta compartida * Carmen Laforet, segunda mujer retratada en el Ateneo de Madrid * Por un periodismo feminista * Sandra S\u00e1nchez: Europeo, Juegos Ol\u00edmpicos y nuevo oro en el Mundial de Karate<\/p>\n","protected":false},"author":3,"featured_media":22909,"comment_status":"closed","ping_status":"closed","sticky":false,"template":"","format":"standard","meta":{"footnotes":""},"categories":[298,621],"tags":[213],"class_list":["post-15629","post","type-post","status-publish","format-standard","has-post-thumbnail","hentry","category-newsletter","category-nwl-3-0","tag-comunicacion-inclusiva"],"yoast_head":"<!-- This site is optimized with the Yoast SEO plugin v27.5 - https:\/\/yoast.com\/product\/yoast-seo-wordpress\/ -->\n<title>Noticias Info CKL n\u00ba 2635-23-11-21-Comunicar con perspectiva de g\u00e9nero<\/title>\n<meta name=\"description\" content=\"La igualdad de g\u00e9nero en ciencia, tecnolog\u00eda e innovaci\u00f3n: un proceso y una meta compartida * Carmen Laforet, segunda mujer retratada en el Ateneo de Madrid * Por un periodismo feminista * Sandra S\u00e1nchez: Europeo, Juegos Ol\u00edmpicos y nuevo oro en el Mundial de Karate\" \/>\n<meta name=\"robots\" content=\"index, follow, max-snippet:-1, max-image-preview:large, max-video-preview:-1\" \/>\n<link rel=\"canonical\" href=\"https:\/\/cklcomunicaciones.es\/coop\/noticias-info-ckl-no-2635-23-11-21\/\" \/>\n<meta property=\"og:locale\" content=\"es_ES\" \/>\n<meta property=\"og:type\" content=\"article\" \/>\n<meta property=\"og:title\" content=\"Noticias Info CKL n\u00ba 2635-23-11-21-Comunicar con perspectiva de g\u00e9nero\" \/>\n<meta property=\"og:description\" content=\"La igualdad de g\u00e9nero en ciencia, tecnolog\u00eda e innovaci\u00f3n: un proceso y una meta compartida * Carmen Laforet, segunda mujer retratada en el Ateneo de Madrid * Por un periodismo feminista * Sandra S\u00e1nchez: Europeo, Juegos Ol\u00edmpicos y nuevo oro en el Mundial de Karate\" \/>\n<meta property=\"og:url\" content=\"https:\/\/cklcomunicaciones.es\/coop\/noticias-info-ckl-no-2635-23-11-21\/\" \/>\n<meta property=\"og:site_name\" content=\"CKL Comunicaciones\" \/>\n<meta property=\"article:published_time\" content=\"2021-11-23T10:58:05+00:00\" \/>\n<meta property=\"article:modified_time\" content=\"2025-02-09T18:23:50+00:00\" \/>\n<meta property=\"og:image\" content=\"https:\/\/cklcomunicaciones.es\/coop\/wp-content\/uploads\/2025\/01\/CKL-una-mirada-distinta-de-la-comunicacion.jpg\" \/>\n\t<meta property=\"og:image:width\" content=\"1482\" \/>\n\t<meta property=\"og:image:height\" content=\"775\" \/>\n\t<meta property=\"og:image:type\" content=\"image\/jpeg\" \/>\n<meta name=\"author\" content=\"ckl\" \/>\n<meta name=\"twitter:card\" content=\"summary_large_image\" \/>\n<meta name=\"twitter:label1\" content=\"Escrito por\" \/>\n\t<meta name=\"twitter:data1\" content=\"ckl\" \/>\n\t<meta name=\"twitter:label2\" content=\"Tiempo de lectura\" \/>\n\t<meta name=\"twitter:data2\" content=\"6 minutos\" \/>\n<script type=\"application\/ld+json\" class=\"yoast-schema-graph\">{\"@context\":\"https:\\\/\\\/schema.org\",\"@graph\":[{\"@type\":\"Article\",\"@id\":\"https:\\\/\\\/cklcomunicaciones.es\\\/coop\\\/noticias-info-ckl-no-2635-23-11-21\\\/#article\",\"isPartOf\":{\"@id\":\"https:\\\/\\\/cklcomunicaciones.es\\\/coop\\\/noticias-info-ckl-no-2635-23-11-21\\\/\"},\"author\":{\"name\":\"ckl\",\"@id\":\"https:\\\/\\\/cklcomunicaciones.es\\\/coop\\\/#\\\/schema\\\/person\\\/929a6837f7626450bbb50cee1aef266e\"},\"headline\":\"Noticias Info CKL n\u00ba 2635-23\\\/11\\\/21\",\"datePublished\":\"2021-11-23T10:58:05+00:00\",\"dateModified\":\"2025-02-09T18:23:50+00:00\",\"mainEntityOfPage\":{\"@id\":\"https:\\\/\\\/cklcomunicaciones.es\\\/coop\\\/noticias-info-ckl-no-2635-23-11-21\\\/\"},\"wordCount\":1211,\"image\":{\"@id\":\"https:\\\/\\\/cklcomunicaciones.es\\\/coop\\\/noticias-info-ckl-no-2635-23-11-21\\\/#primaryimage\"},\"thumbnailUrl\":\"https:\\\/\\\/cklcomunicaciones.es\\\/coop\\\/wp-content\\\/uploads\\\/2025\\\/01\\\/CKL-una-mirada-distinta-de-la-comunicacion.jpg\",\"keywords\":[\"comunicaci\u00f3n inclusiva\"],\"articleSection\":[\"Newsletter\",\"Nwl v3.0\"],\"inLanguage\":\"es\"},{\"@type\":\"WebPage\",\"@id\":\"https:\\\/\\\/cklcomunicaciones.es\\\/coop\\\/noticias-info-ckl-no-2635-23-11-21\\\/\",\"url\":\"https:\\\/\\\/cklcomunicaciones.es\\\/coop\\\/noticias-info-ckl-no-2635-23-11-21\\\/\",\"name\":\"Noticias Info CKL n\u00ba 2635-23-11-21-Comunicar con perspectiva de g\u00e9nero\",\"isPartOf\":{\"@id\":\"https:\\\/\\\/cklcomunicaciones.es\\\/coop\\\/#website\"},\"primaryImageOfPage\":{\"@id\":\"https:\\\/\\\/cklcomunicaciones.es\\\/coop\\\/noticias-info-ckl-no-2635-23-11-21\\\/#primaryimage\"},\"image\":{\"@id\":\"https:\\\/\\\/cklcomunicaciones.es\\\/coop\\\/noticias-info-ckl-no-2635-23-11-21\\\/#primaryimage\"},\"thumbnailUrl\":\"https:\\\/\\\/cklcomunicaciones.es\\\/coop\\\/wp-content\\\/uploads\\\/2025\\\/01\\\/CKL-una-mirada-distinta-de-la-comunicacion.jpg\",\"datePublished\":\"2021-11-23T10:58:05+00:00\",\"dateModified\":\"2025-02-09T18:23:50+00:00\",\"author\":{\"@id\":\"https:\\\/\\\/cklcomunicaciones.es\\\/coop\\\/#\\\/schema\\\/person\\\/929a6837f7626450bbb50cee1aef266e\"},\"description\":\"La igualdad de g\u00e9nero en ciencia, tecnolog\u00eda e innovaci\u00f3n: un proceso y una meta compartida * Carmen Laforet, segunda mujer retratada en el Ateneo de Madrid * Por un periodismo feminista * Sandra S\u00e1nchez: Europeo, Juegos Ol\u00edmpicos y nuevo oro en el Mundial de Karate\",\"breadcrumb\":{\"@id\":\"https:\\\/\\\/cklcomunicaciones.es\\\/coop\\\/noticias-info-ckl-no-2635-23-11-21\\\/#breadcrumb\"},\"inLanguage\":\"es\",\"potentialAction\":[{\"@type\":\"ReadAction\",\"target\":[\"https:\\\/\\\/cklcomunicaciones.es\\\/coop\\\/noticias-info-ckl-no-2635-23-11-21\\\/\"]}]},{\"@type\":\"ImageObject\",\"inLanguage\":\"es\",\"@id\":\"https:\\\/\\\/cklcomunicaciones.es\\\/coop\\\/noticias-info-ckl-no-2635-23-11-21\\\/#primaryimage\",\"url\":\"https:\\\/\\\/cklcomunicaciones.es\\\/coop\\\/wp-content\\\/uploads\\\/2025\\\/01\\\/CKL-una-mirada-distinta-de-la-comunicacion.jpg\",\"contentUrl\":\"https:\\\/\\\/cklcomunicaciones.es\\\/coop\\\/wp-content\\\/uploads\\\/2025\\\/01\\\/CKL-una-mirada-distinta-de-la-comunicacion.jpg\",\"width\":1482,\"height\":775,\"caption\":\"CKL - una mirada distinta de la comunicacion\"},{\"@type\":\"BreadcrumbList\",\"@id\":\"https:\\\/\\\/cklcomunicaciones.es\\\/coop\\\/noticias-info-ckl-no-2635-23-11-21\\\/#breadcrumb\",\"itemListElement\":[{\"@type\":\"ListItem\",\"position\":1,\"name\":\"Portada\",\"item\":\"https:\\\/\\\/cklcomunicaciones.es\\\/coop\\\/\"},{\"@type\":\"ListItem\",\"position\":2,\"name\":\"Noticias Info CKL n\u00ba 2635-23\\\/11\\\/21\"}]},{\"@type\":\"WebSite\",\"@id\":\"https:\\\/\\\/cklcomunicaciones.es\\\/coop\\\/#website\",\"url\":\"https:\\\/\\\/cklcomunicaciones.es\\\/coop\\\/\",\"name\":\"CKL Comunicaciones\",\"description\":\"Sitio web de CKL Comunicaciones coop , la consultora de comunicaci\u00f3n y estrategia\",\"potentialAction\":[{\"@type\":\"SearchAction\",\"target\":{\"@type\":\"EntryPoint\",\"urlTemplate\":\"https:\\\/\\\/cklcomunicaciones.es\\\/coop\\\/?s={search_term_string}\"},\"query-input\":{\"@type\":\"PropertyValueSpecification\",\"valueRequired\":true,\"valueName\":\"search_term_string\"}}],\"inLanguage\":\"es\"},{\"@type\":\"Person\",\"@id\":\"https:\\\/\\\/cklcomunicaciones.es\\\/coop\\\/#\\\/schema\\\/person\\\/929a6837f7626450bbb50cee1aef266e\",\"name\":\"ckl\",\"image\":{\"@type\":\"ImageObject\",\"inLanguage\":\"es\",\"@id\":\"https:\\\/\\\/secure.gravatar.com\\\/avatar\\\/c82db564e8a669bf6023357a157b9dc4780f4d4c618f2ad1d71a6a5dede45057?s=96&d=mm&r=g\",\"url\":\"https:\\\/\\\/secure.gravatar.com\\\/avatar\\\/c82db564e8a669bf6023357a157b9dc4780f4d4c618f2ad1d71a6a5dede45057?s=96&d=mm&r=g\",\"contentUrl\":\"https:\\\/\\\/secure.gravatar.com\\\/avatar\\\/c82db564e8a669bf6023357a157b9dc4780f4d4c618f2ad1d71a6a5dede45057?s=96&d=mm&r=g\",\"caption\":\"ckl\"},\"url\":\"https:\\\/\\\/cklcomunicaciones.es\\\/coop\\\/author\\\/cklcomunicaciones\\\/\"}]}<\/script>\n<!-- \/ Yoast SEO plugin. -->","yoast_head_json":{"title":"Noticias Info CKL n\u00ba 2635-23-11-21-Comunicar con perspectiva de g\u00e9nero","description":"La igualdad de g\u00e9nero en ciencia, tecnolog\u00eda e innovaci\u00f3n: un proceso y una meta compartida * Carmen Laforet, segunda mujer retratada en el Ateneo de Madrid * Por un periodismo feminista * Sandra S\u00e1nchez: Europeo, Juegos Ol\u00edmpicos y nuevo oro en el Mundial de Karate","robots":{"index":"index","follow":"follow","max-snippet":"max-snippet:-1","max-image-preview":"max-image-preview:large","max-video-preview":"max-video-preview:-1"},"canonical":"https:\/\/cklcomunicaciones.es\/coop\/noticias-info-ckl-no-2635-23-11-21\/","og_locale":"es_ES","og_type":"article","og_title":"Noticias Info CKL n\u00ba 2635-23-11-21-Comunicar con perspectiva de g\u00e9nero","og_description":"La igualdad de g\u00e9nero en ciencia, tecnolog\u00eda e innovaci\u00f3n: un proceso y una meta compartida * Carmen Laforet, segunda mujer retratada en el Ateneo de Madrid * Por un periodismo feminista * Sandra S\u00e1nchez: Europeo, Juegos Ol\u00edmpicos y nuevo oro en el Mundial de Karate","og_url":"https:\/\/cklcomunicaciones.es\/coop\/noticias-info-ckl-no-2635-23-11-21\/","og_site_name":"CKL Comunicaciones","article_published_time":"2021-11-23T10:58:05+00:00","article_modified_time":"2025-02-09T18:23:50+00:00","og_image":[{"width":1482,"height":775,"url":"https:\/\/cklcomunicaciones.es\/coop\/wp-content\/uploads\/2025\/01\/CKL-una-mirada-distinta-de-la-comunicacion.jpg","type":"image\/jpeg"}],"author":"ckl","twitter_card":"summary_large_image","twitter_misc":{"Escrito por":"ckl","Tiempo de lectura":"6 minutos"},"schema":{"@context":"https:\/\/schema.org","@graph":[{"@type":"Article","@id":"https:\/\/cklcomunicaciones.es\/coop\/noticias-info-ckl-no-2635-23-11-21\/#article","isPartOf":{"@id":"https:\/\/cklcomunicaciones.es\/coop\/noticias-info-ckl-no-2635-23-11-21\/"},"author":{"name":"ckl","@id":"https:\/\/cklcomunicaciones.es\/coop\/#\/schema\/person\/929a6837f7626450bbb50cee1aef266e"},"headline":"Noticias Info CKL n\u00ba 2635-23\/11\/21","datePublished":"2021-11-23T10:58:05+00:00","dateModified":"2025-02-09T18:23:50+00:00","mainEntityOfPage":{"@id":"https:\/\/cklcomunicaciones.es\/coop\/noticias-info-ckl-no-2635-23-11-21\/"},"wordCount":1211,"image":{"@id":"https:\/\/cklcomunicaciones.es\/coop\/noticias-info-ckl-no-2635-23-11-21\/#primaryimage"},"thumbnailUrl":"https:\/\/cklcomunicaciones.es\/coop\/wp-content\/uploads\/2025\/01\/CKL-una-mirada-distinta-de-la-comunicacion.jpg","keywords":["comunicaci\u00f3n inclusiva"],"articleSection":["Newsletter","Nwl v3.0"],"inLanguage":"es"},{"@type":"WebPage","@id":"https:\/\/cklcomunicaciones.es\/coop\/noticias-info-ckl-no-2635-23-11-21\/","url":"https:\/\/cklcomunicaciones.es\/coop\/noticias-info-ckl-no-2635-23-11-21\/","name":"Noticias Info CKL n\u00ba 2635-23-11-21-Comunicar con perspectiva de g\u00e9nero","isPartOf":{"@id":"https:\/\/cklcomunicaciones.es\/coop\/#website"},"primaryImageOfPage":{"@id":"https:\/\/cklcomunicaciones.es\/coop\/noticias-info-ckl-no-2635-23-11-21\/#primaryimage"},"image":{"@id":"https:\/\/cklcomunicaciones.es\/coop\/noticias-info-ckl-no-2635-23-11-21\/#primaryimage"},"thumbnailUrl":"https:\/\/cklcomunicaciones.es\/coop\/wp-content\/uploads\/2025\/01\/CKL-una-mirada-distinta-de-la-comunicacion.jpg","datePublished":"2021-11-23T10:58:05+00:00","dateModified":"2025-02-09T18:23:50+00:00","author":{"@id":"https:\/\/cklcomunicaciones.es\/coop\/#\/schema\/person\/929a6837f7626450bbb50cee1aef266e"},"description":"La igualdad de g\u00e9nero en ciencia, tecnolog\u00eda e innovaci\u00f3n: un proceso y una meta compartida * Carmen Laforet, segunda mujer retratada en el Ateneo de Madrid * Por un periodismo feminista * Sandra S\u00e1nchez: Europeo, Juegos Ol\u00edmpicos y nuevo oro en el Mundial de Karate","breadcrumb":{"@id":"https:\/\/cklcomunicaciones.es\/coop\/noticias-info-ckl-no-2635-23-11-21\/#breadcrumb"},"inLanguage":"es","potentialAction":[{"@type":"ReadAction","target":["https:\/\/cklcomunicaciones.es\/coop\/noticias-info-ckl-no-2635-23-11-21\/"]}]},{"@type":"ImageObject","inLanguage":"es","@id":"https:\/\/cklcomunicaciones.es\/coop\/noticias-info-ckl-no-2635-23-11-21\/#primaryimage","url":"https:\/\/cklcomunicaciones.es\/coop\/wp-content\/uploads\/2025\/01\/CKL-una-mirada-distinta-de-la-comunicacion.jpg","contentUrl":"https:\/\/cklcomunicaciones.es\/coop\/wp-content\/uploads\/2025\/01\/CKL-una-mirada-distinta-de-la-comunicacion.jpg","width":1482,"height":775,"caption":"CKL - una mirada distinta de la comunicacion"},{"@type":"BreadcrumbList","@id":"https:\/\/cklcomunicaciones.es\/coop\/noticias-info-ckl-no-2635-23-11-21\/#breadcrumb","itemListElement":[{"@type":"ListItem","position":1,"name":"Portada","item":"https:\/\/cklcomunicaciones.es\/coop\/"},{"@type":"ListItem","position":2,"name":"Noticias Info CKL n\u00ba 2635-23\/11\/21"}]},{"@type":"WebSite","@id":"https:\/\/cklcomunicaciones.es\/coop\/#website","url":"https:\/\/cklcomunicaciones.es\/coop\/","name":"CKL Comunicaciones","description":"Sitio web de CKL Comunicaciones coop , la consultora de comunicaci\u00f3n y estrategia","potentialAction":[{"@type":"SearchAction","target":{"@type":"EntryPoint","urlTemplate":"https:\/\/cklcomunicaciones.es\/coop\/?s={search_term_string}"},"query-input":{"@type":"PropertyValueSpecification","valueRequired":true,"valueName":"search_term_string"}}],"inLanguage":"es"},{"@type":"Person","@id":"https:\/\/cklcomunicaciones.es\/coop\/#\/schema\/person\/929a6837f7626450bbb50cee1aef266e","name":"ckl","image":{"@type":"ImageObject","inLanguage":"es","@id":"https:\/\/secure.gravatar.com\/avatar\/c82db564e8a669bf6023357a157b9dc4780f4d4c618f2ad1d71a6a5dede45057?s=96&d=mm&r=g","url":"https:\/\/secure.gravatar.com\/avatar\/c82db564e8a669bf6023357a157b9dc4780f4d4c618f2ad1d71a6a5dede45057?s=96&d=mm&r=g","contentUrl":"https:\/\/secure.gravatar.com\/avatar\/c82db564e8a669bf6023357a157b9dc4780f4d4c618f2ad1d71a6a5dede45057?s=96&d=mm&r=g","caption":"ckl"},"url":"https:\/\/cklcomunicaciones.es\/coop\/author\/cklcomunicaciones\/"}]}},"_links":{"self":[{"href":"https:\/\/cklcomunicaciones.es\/coop\/wp-json\/wp\/v2\/posts\/15629","targetHints":{"allow":["GET"]}}],"collection":[{"href":"https:\/\/cklcomunicaciones.es\/coop\/wp-json\/wp\/v2\/posts"}],"about":[{"href":"https:\/\/cklcomunicaciones.es\/coop\/wp-json\/wp\/v2\/types\/post"}],"author":[{"embeddable":true,"href":"https:\/\/cklcomunicaciones.es\/coop\/wp-json\/wp\/v2\/users\/3"}],"replies":[{"embeddable":true,"href":"https:\/\/cklcomunicaciones.es\/coop\/wp-json\/wp\/v2\/comments?post=15629"}],"version-history":[{"count":0,"href":"https:\/\/cklcomunicaciones.es\/coop\/wp-json\/wp\/v2\/posts\/15629\/revisions"}],"wp:featuredmedia":[{"embeddable":true,"href":"https:\/\/cklcomunicaciones.es\/coop\/wp-json\/wp\/v2\/media\/22909"}],"wp:attachment":[{"href":"https:\/\/cklcomunicaciones.es\/coop\/wp-json\/wp\/v2\/media?parent=15629"}],"wp:term":[{"taxonomy":"category","embeddable":true,"href":"https:\/\/cklcomunicaciones.es\/coop\/wp-json\/wp\/v2\/categories?post=15629"},{"taxonomy":"post_tag","embeddable":true,"href":"https:\/\/cklcomunicaciones.es\/coop\/wp-json\/wp\/v2\/tags?post=15629"}],"curies":[{"name":"wp","href":"https:\/\/api.w.org\/{rel}","templated":true}]}}