{"id":15605,"date":"2021-10-25T13:04:48","date_gmt":"2021-10-25T11:04:48","guid":{"rendered":"https:\/\/www.cklcomunicaciones.es\/?p=15605"},"modified":"2025-02-09T20:20:54","modified_gmt":"2025-02-09T19:20:54","slug":"noticias-info-ckl-no-2630-25-10-21","status":"publish","type":"post","link":"https:\/\/cklcomunicaciones.es\/coop\/noticias-info-ckl-no-2630-25-10-21\/","title":{"rendered":"Noticias Info CKL n\u00ba 2630-25\/10\/21"},"content":{"rendered":"<div class=\"fusion-fullwidth fullwidth-box fusion-builder-row-1 fusion-flex-container nonhundred-percent-fullwidth non-hundred-percent-height-scrolling\" style=\"--awb-border-radius-top-left:0px;--awb-border-radius-top-right:0px;--awb-border-radius-bottom-right:0px;--awb-border-radius-bottom-left:0px;--awb-flex-wrap:wrap;\" ><div class=\"fusion-builder-row fusion-row fusion-flex-align-items-flex-start fusion-flex-content-wrap\" style=\"max-width:1248px;margin-left: calc(-4% \/ 2 );margin-right: calc(-4% \/ 2 );\"><div class=\"fusion-layout-column fusion_builder_column fusion-builder-column-0 fusion_builder_column_1_1 1_1 fusion-flex-column\" style=\"--awb-bg-blend:overlay;--awb-bg-size:cover;--awb-width-large:100%;--awb-margin-top-large:0px;--awb-spacing-right-large:1.92%;--awb-margin-bottom-large:0px;--awb-spacing-left-large:1.92%;--awb-width-medium:100%;--awb-spacing-right-medium:1.92%;--awb-spacing-left-medium:1.92%;--awb-width-small:100%;--awb-spacing-right-small:1.92%;--awb-spacing-left-small:1.92%;\"><div class=\"fusion-column-wrapper fusion-flex-justify-content-flex-start fusion-content-layout-column\"><div class=\"fusion-text fusion-text-1\"><h1>Convocatorias<\/h1>\n<div id=\"\" class=\"lsow-panel lsow-active\">\n<div class=\"lsow-panel-content\">\n<ul>\n<li>III Congreso de Mujeres en el Sector P\u00fablico en formato h\u00edbrido en Santiago de Compostela los pr\u00f3ximos 18 y 19 de noviembre. Inscripci\u00f3n y m\u00e1s informaci\u00f3n:\u00a0<a href=\"http:\/\/congresomujeresenelsectorpublico.es\/\">http:\/\/congresomujeresenelsectorpublico.es\/<\/a><\/li>\n<\/ul>\n<\/div>\n<\/div>\n<div id=\"\" class=\"lsow-panel lsow-active\">\n<h1 class=\"lsow-panel-title\">Comunicaci\u00f3n, Publicidad y TICs<\/h1>\n<div class=\"lsow-panel-content\">\n<p><a href=\"https:\/\/www.google.com\/url?rct=j&amp;sa=t&amp;url=https:\/\/arainfo.org\/el-seminario-genero-lenguaje-y-poder-analiza-las-transformaciones-del-movimiento-feminista\/&amp;ct=ga&amp;cd=CAEYASoUMTIzODgyNjg0NDIxNjgyMzYzNTkyGWMwMzcyZWJjMmZlYWRhNTk6ZXM6ZXM6RVM&amp;usg=AFQjCNHElCQH0Ay5SW_C-OkugPCQxF6lOQ\">El seminario \u00abG\u00e9nero, lenguaje y poder\u00bb analiza las transformaciones del movimiento feminista<\/a>&#8211;\u00a0AraInfo<\/p>\n<p><a href=\"https:\/\/www.google.com\/url?rct=j&amp;sa=t&amp;url=https:\/\/www.eleconomista.es\/sanidad\/noticias\/11449361\/10\/21\/elEconomista-reconoce-el-papel-de-la-mujer-en-la-ciencia-con-la-III-edicion-de-los-Premios-Hipatia.html&amp;ct=ga&amp;cd=CAEYAyoUMTcxMzUyNDYwNjI0MjQxNjA0MzEyGWMwMzcyZWJjMmZlYWRhNTk6ZXM6ZXM6RVM&amp;usg=AFQjCNEH8xRhGmpE6OUbMODhjU1-tESR5Q\">El Economista reconoce el papel de la\u00a0mujer\u00a0en la ciencia con la III edici\u00f3n de los Premios Hipatia<\/a>\u00a0-eleconomista<a href=\"https:\/\/www.google.com\/url?rct=j&amp;sa=t&amp;url=https:\/\/www.eldiario.es\/politica\/bolivia-presenta-protocolo-informacion-violencia-genero_1_8420095.html&amp;ct=ga&amp;cd=CAEYBCoTOTUwNTgzOTgxNzEyODc1NzA4ODIZZTJkZWZhN2Q1ZGE5MTU3ZDplczplczpFUw&amp;usg=AFQjCNGfwzfO4hiHSXIe8490EIY8YviIpQ\"><br \/>\nBolivia presenta un protocolo para la informaci\u00f3n sobre la\u00a0violencia de g\u00e9nero<\/a>-eldiario<\/p>\n<p><a href=\"https:\/\/www.google.com\/url?rct=j&amp;sa=t&amp;url=http:\/\/www.diariosigloxxi.com\/texto-diario\/mostrar\/3244265\/mujeresciber-consolida-impulso-mujer-transformacion-digital&amp;ct=ga&amp;cd=CAEYAioTNDA0OTIyODcyMzA3MjMwMjYyMzIZNTlkNzgxNzEzNmEyZDAyODplczplczpFUw&amp;usg=AFQjCNEO5m0kffgCAX_Hvvaq4xDXl7_s6g\">#MujeresCiber consolida el impulso de la mujer en la transformaci\u00f3n digital<\/a>-diariosigloXXI<\/p>\n<\/div>\n<\/div>\n<div id=\"\" class=\"lsow-panel lsow-active\">\n<h1 class=\"lsow-panel-title\">Andaluc\u00eda<\/h1>\n<div class=\"lsow-panel-content\">\n<p><strong>Institucional<\/strong><\/p>\n<p><a href=\"https:\/\/www.juntadeandalucia.es\/presidencia\/portavoz\/social\/165741\/RocioRuiz\/Coeducacion\/Igualdad\/Congreso\/IAM\">Roc\u00edo Ruiz anuncia un ambicioso proyecto para educar en igualdad en todas las etapas educativas<\/a>-juntadeandalucia<strong>\u00a0<\/strong><\/p>\n<p><strong>Econom\u00eda y Empresas<\/strong><strong>\u00a0<\/strong><strong>\u00a0<\/strong><\/p>\n<p><a href=\"https:\/\/sevilla.abc.es\/economia\/sevi-founders-club-30-mas-influyentes-principales-startup-andalucia-202110240811_noticia.html\">Las empresarias Pilar Manch\u00f3n y Ana Molina entre los 30 CEO m\u00e1s influyentes de las principales startup de Andaluc\u00eda<\/a>-abc<\/p>\n<p><a href=\"https:\/\/www.huelvainformacion.es\/suplementos-huelva-informacion\/binomico\/Opinion-mestizaje-economia_0_1621939258.html\">Opini\u00f3n: El mestizaje de la econom\u00eda<\/a>-huelvainformacion<\/p>\n<p><a href=\"https:\/\/www.eldiario.es\/andalucia\/desdeelsur\/hombres-incompetentes-acaban-lideres-remediarlo_132_8421177.html\">\u00bfPor qu\u00e9 tantos hombres incompetentes acaban siendo l\u00edderes? (y qu\u00e9 hacer para remediarlo)<\/a>-eldiario<\/p>\n<p><a href=\"https:\/\/www.juntadeandalucia.es\/presidencia\/portavoz\/economiayempleo\/165679\/RocioBlanco\/Autonomos\/Empleo\/Ayudas\/Tarifaplana\">Empleo ejecuta el 100% del presupuesto de tarifa plana y alcanza a 17.600 aut\u00f3nomos<\/a>-juntadeandalucia<strong>\u00a0<\/strong><\/p>\n<p><strong>Actualidad<\/strong><\/p>\n<p><a href=\"https:\/\/www.msn.com\/es-es\/news\/espana\/la-magistrada-del-tsja-inmaculada-montalb-c3-a1n-entre-los-cuatro-elegidos-para-el-tc\/ar-AAPNHJ5?ocid=BingNewsSearch\">La magistrada del TSJA Inmaculada Montalb\u00e1n, entre los cuatro elegidos para el Tribunal Constitucional\u2026<\/a>-msn<a href=\"https:\/\/www.google.com\/url?rct=j&amp;sa=t&amp;url=https:\/\/www.laopiniondemalaga.es\/malaga\/2021\/10\/23\/millar-personas-abordaran-malaga-planes-58723725.html&amp;ct=ga&amp;cd=CAEYACoTOTAzNzUwMTA3OTMxNjk4NjM3NTIbOWFiMWNkZDdlMzY2ZWYzODplczplczpFUzpS&amp;usg=AFQjCNFRgAYkevtkaLBPgpESX43b1DGWwg\"><br \/>\nUn millar de personas abordar\u00e1n en M\u00e1laga los planes de igualdad en el II Congreso Andaluz de Coeducaci\u00f3n &#8230;<\/a>&#8211;\u00a0laopini\u00f3ndemalaga<strong>\u00a0<\/strong><a href=\"https:\/\/www.google.com\/url?rct=j&amp;sa=t&amp;url=https:\/\/www.diariosur.es\/malaga-capital\/proyectos-participacion-social-20211023000027-ntvo.html&amp;ct=ga&amp;cd=CAEYACoUMTYzMzA4MjUwODMzNjQyMTA4MzQyGzlhYjFjZGQ3ZTM2NmVmMzg6ZXM6ZXM6RVM6Ug&amp;usg=AFQjCNGiJYXbqpAmb9Gb-MaBVQHBf0dTEQ\"><br \/>\nProyectos de participaci\u00f3n social de\u00a0mujeres<\/a>-diariosur<\/p>\n<p><a href=\"https:\/\/www.google.com\/url?rct=j&amp;sa=t&amp;url=https:\/\/www.granadadigital.es\/mujeres-cargas-familiares-perfil-mayor-exclusion-social-granada\/&amp;ct=ga&amp;cd=CAEYFioUMTM1NTk5MDcxMzc3Nzk4MTM3ODAyGWVhOTI1ODA0ZDY3ZjI3YjM6ZXM6ZXM6RVM&amp;usg=AFQjCNFbkloNzYfM3OXebbB-9mpKxykTaQ\">Mujeres con cargas familiares, el perfil con mayor exclusi\u00f3n social en Granada<\/a>&#8211;\u00a0granadadigital<\/p>\n<p><a href=\"https:\/\/www.diariocordoba.com\/coronavirus\/2021\/10\/25\/andalucia-eleva-tasa-quinto-dia-58787447.html\">Andaluc\u00eda eleva su tasa covid por quinto d\u00eda hasta 32,1 puntos y notifica 263 casos en 48 horas<\/a>-diariodecordoba<\/p>\n<p><strong>Violencias<\/strong><a href=\"https:\/\/www.google.com\/url?rct=j&amp;sa=t&amp;url=https:\/\/www.cope.es\/emisoras\/andalucia\/noticias\/solo-por-ciento-las-mujeres-andaluzas-atendidas-por-violencia-genero-presentan-denuncia-20211023_1575998&amp;ct=ga&amp;cd=CAEYACoTMjY4MzM5NDYyNjkzNzc2MjQ1MTIZZTJkZWZhN2Q1ZGE5MTU3ZDplczplczpFUw&amp;usg=AFQjCNHAmPS8vCsnlq3jnMduWGGQI6AeZQ\"><br \/>\nSolo el 20 por ciento de las mujeres andaluzas atendidas por\u00a0violencia de g\u00e9nero presentan denuncia\u00a0..<\/a>-cope<a href=\"https:\/\/www.google.com\/url?rct=j&amp;sa=t&amp;url=https:\/\/www.20minutos.es\/noticia\/4865908\/0\/sanidad-andaluza-registra-partes-lesiones-violencia-genero\/&amp;ct=ga&amp;cd=CAEYASoTMTg5MzU1NTc5NTI1MzUzOTYzODIZZTJkZWZhN2Q1ZGE5MTU3ZDplczplczpFUw&amp;usg=AFQjCNHjy9C5GxaGKw6cib4wG0ITvPc3KQ\"><br \/>\nLa Sanidad andaluza registra cada a\u00f1o unos 4.000 partes de lesiones de\u00a0violencia de g\u00e9nero<\/a>-20minutos<\/p>\n<p><a href=\"https:\/\/www.juntadeandalucia.es\/presidencia\/portavoz\/salud\/165594\/ServicioAndaluzdeSalud\/SAS\/videostutoriales\/violenciadegenero\/malostratos\">El SAS produce v\u00eddeos tutoriales para ayudar a los profesionales a luchar contra la violencia de g\u00e9nero &#8211;\u00a0juntadeandalucia<\/a><a href=\"https:\/\/www.google.com\/url?rct=j&amp;sa=t&amp;url=https:\/\/www.eldiadecordoba.es\/cordoba\/Bancos-proyecto-concienciar-violencia-Cordoba_0_1622239506.html&amp;ct=ga&amp;cd=CAEYACoUMTY5NTcwMzE5MzY1ODE2MDExMTEyGTU5ZDc4MTcxMzZhMmQwMjg6ZXM6ZXM6RVM&amp;usg=AFQjCNHog1Bp6kvlteTp5Mn1STRVuW1FFw\"><br \/>\n&#8216;Bancos rojos&#8217;, un proyecto para concienciar sobre la violencia de\u00a0g\u00e9nero\u00a0en C\u00f3rdoba<\/a>&#8211;\u00a0El D\u00eda de C\u00f3rdoba<a href=\"https:\/\/www.google.com\/url?rct=j&amp;sa=t&amp;url=https:\/\/www.lavozdegranada.info\/un-estudio-sobre-el-discurso-del-odio-revela-que-la-persona-diana-es-mujer-de-40-a-50-anos\/&amp;ct=ga&amp;cd=CAEYASoUMTQ1NzMzNTUwNjk0NDAxNzI5NDgyGzlhYjFjZGQ3ZTM2NmVmMzg6ZXM6ZXM6RVM6Ug&amp;usg=AFQjCNE93PwZr475OI6OwiY3-ULiw1KNTQ\"><br \/>\nUn estudio sobre el discurso del odio revela que la persona diana es\u00a0mujer, de 40 a 50 a\u00f1os<\/a>-lavozdegranada<\/p>\n<p><a href=\"https:\/\/www.canalsur.es\/radio\/el-aumento-de-los-delitos-contra-la-libertad-sexual-en-menores-es-para-preocuparse\/1763760.html\">Ana T\u00e1rrago, Fiscal Superior de Andaluc\u00eda: \u201cEl aumento de los delitos contra la libertad sexual en menores es para preocuparse\u00bb<\/a>-canalsur<\/p>\n<p><strong>Ciencia y Cultura<\/strong><strong>\u00a0<\/strong><\/p>\n<p><a href=\"https:\/\/www.google.com\/url?rct=j&amp;sa=t&amp;url=https:\/\/www.antena3.com\/noticias\/ciencia\/identifican-andalucia-biomarcador-cancer-mama-que-anticiparia-respuesta-quimioterapia_2021102461757a8ad4e44e0001045736.html&amp;ct=ga&amp;cd=CAEYAyoTODg2MDcwMTU1OTkwMzUwNTcyNjIZZWE5MjU4MDRkNjdmMjdiMzplczplczpFUw&amp;usg=AFQjCNGv-wZnFt7sQ1fNMyAiI6PahVyRLA\">Identifican en\u00a0Andaluc\u00eda\u00a0un biomarcador en c\u00e1ncer de mama que anticipar\u00eda la respuesta a &#8230;<\/a>&#8211;\u00a0Antena3<a href=\"https:\/\/www.google.com\/url?rct=j&amp;sa=t&amp;url=https:\/\/www.diariosigloxxi.com\/texto-s\/mostrar\/429776\/universidad-granada-acoge-i-simposio-internacional-sobre-estudios-feministas-desarrollo&amp;ct=ga&amp;cd=CAEYACoUMTc2OTk3NjQ3MDI0NDQwNDY4MDcyGTU5ZDc4MTcxMzZhMmQwMjg6ZXM6ZXM6RVM&amp;usg=AFQjCNGVANQ8FqJhOEYq_NWn4gcAuFKnCg\"><br \/>\nLa Universidad de Granada acoge el I Simposio Internacional sobre Estudios Feministas y de Desarrollo&#8230;<\/a>&#8211;\u00a0Diario Siglo XXI<a href=\"https:\/\/www.google.com\/url?rct=j&amp;sa=t&amp;url=https:\/\/www.granadadigital.es\/ocho-artistas-zona-lanjaron-la-alpujarra-lecrin-muestran-exposicion-efectos-confinamiento\/&amp;ct=ga&amp;cd=CAEYASoUMTYzMzA4MjUwODMzNjQyMTA4MzQyGzlhYjFjZGQ3ZTM2NmVmMzg6ZXM6ZXM6RVM6Ug&amp;usg=AFQjCNEPR-v9uEseB91JwTsFXptct3Hmew\"><br \/>\nOcho artistas de la zona de Lanjar\u00f3n, la Alpujarra y Lecr\u00edn muestran en una exposici\u00f3n los &#8230;<\/a>&#8211;\u00a0granadadigital<\/p>\n<p><a href=\"https:\/\/www.20minutos.es\/noticia\/4866952\/0\/ayuntamiento-de-alcala-de-guadaira-se-suma-a-mas-libros-mas-libres-de-recogida-de-libros-para-las-reclusas\/\">Ayuntamiento de Alcal\u00e1 de Guada\u00edra se suma a &#8216;M\u00e1s libros, m\u00e1s libres&#8217; de recogida de libros para las reclusas<\/a>-20minutos<\/p>\n<p><a href=\"https:\/\/www.eldiario.es\/andalucia\/lacajanegra\/diosa-razon-mujer-irresistible-inspiro-hermanos-machado-obra-inedita-hoy_1_8422941.html\">\u2018La diosa Raz\u00f3n\u2019: la mujer irresistible que inspir\u00f3 a los hermanos Machado una obra in\u00e9dita hasta hoy<\/a>-eldiario<strong>\u00a0<\/strong><\/p>\n<p><strong>Deporte<\/strong><\/p>\n<p><a href=\"https:\/\/www.google.com\/url?rct=j&amp;sa=t&amp;url=https:\/\/huelva24.com\/art\/154659\/carolina-marin-sobre-su-reaparicion-no-tengo-ninguna-fecha-es-hasta-que-el-cuerpo-diga&amp;ct=ga&amp;cd=CAEYBioTODg2MDcwMTU1OTkwMzUwNTcyNjIZZWE5MjU4MDRkNjdmMjdiMzplczplczpFUw&amp;usg=AFQjCNHZ8vS9frNNfvjyDdLpetl-enI6ug\">Carolina Mar\u00edn, sobre su reaparici\u00f3n: \u00abNo tengo ninguna fecha. Es hasta que el cuerpo diga<\/a>\u2026-huelva24<a href=\"https:\/\/www.google.com\/url?rct=j&amp;sa=t&amp;url=https:\/\/www.muchodeporte.com\/deporte_andaluz\/59137\/rocio_espana_campeona_de_andalucia\/&amp;ct=ga&amp;cd=CAEYASoTNDMwMTQ3MTYyMDY2MTA0OTA3MjIZZWE5MjU4MDRkNjdmMjdiMzplczplczpFUw&amp;usg=AFQjCNG2uirbzRmf7kjs1D_xoXl1n2b0kA\"><br \/>\nRoc\u00edo Espa\u00f1a, Campeona de\u00a0Andaluc\u00eda<\/a>-muchodeporte<\/p>\n<p><a href=\"https:\/\/www.granadaenjuego.com\/baloncesto-33\/la-seleccion-de-malaga-se-corono-en-almunecar--campeona-del-andaluz-de-baloncesto-cadete-femenino\">La Selecci\u00f3n de M\u00e1laga se coron\u00f3 en Almu\u00f1\u00e9car campeona del Andaluz de baloncesto cadete femenino<\/a>-granadaenjuego<\/p>\n<\/div>\n<\/div>\n<div id=\"\" class=\"lsow-panel lsow-active\">\n<h1 class=\"lsow-panel-title\">Estado<\/h1>\n<div class=\"lsow-panel-content\">\n<p><strong>Institucional<\/strong><a href=\"https:\/\/www.google.com\/url?rct=j&amp;sa=t&amp;url=https:\/\/www.eldiario.es\/sociedad\/llop-advierte-grave-problema-juventud-normalice-violencia-machista_1_8421069.html&amp;ct=ga&amp;cd=CAEYACoUMTc0ODc3NTA4NTAxODEwNjM0NDMyGWUxZTc3ZDE1NjA5OGE4ZTM6ZXM6ZXM6RVM&amp;usg=AFQjCNG9PtYlT1BHDiTcOPwxPBYkoRrPuQ\"><br \/>\nLlop, Ministra de Justicia, advierte del grave problema que la juventud normalice la\u00a0violencia\u00a0machista<\/a>-eldiario<a href=\"https:\/\/www.google.com\/url?rct=j&amp;sa=t&amp;url=https:\/\/www.lamoncloa.gob.es\/serviciosdeprensa\/notasprensa\/igualdad\/Paginas\/2021\/211021-violencia-genero.aspx&amp;ct=ga&amp;cd=CAEYACoTNDA0OTIyODcyMzA3MjMwMjYyMzIZNTlkNzgxNzEzNmEyZDAyODplczplczpFUw&amp;usg=AFQjCNFyIPMCn-lmJFYyIz2h2syEbb9sRw\"><br \/>\nIgualdad abre consulta p\u00fablica para reformar la Ley Org\u00e1nica de Medidas de Protecci\u00f3n Integral contra la Violencia de G\u00e9nero&#8230;<\/a>-lamoncloa<strong>\u00a0<\/strong><\/p>\n<p><strong>Institucional\u00a0<\/strong><strong>\u2013<\/strong><strong>\u00a0CCAA<\/strong><a href=\"https:\/\/www.google.com\/url?rct=j&amp;sa=t&amp;url=http:\/\/www.cantabriatv.es\/articulo\/actualidad\/vicepresidencia-colabora-proyecto-educacion-desarrollo-ellas-deciden-movimientos-sociales-cantabria-salvador\/20211022174359022351.html&amp;ct=ga&amp;cd=CAEYACoTMzQ0NzcxMTQ0OTQxMTk0NTEwODIZZDcxNzUwMTgzYzVmYzQ2YTplczplczpFUw&amp;usg=AFQjCNGWzTYdwkFqXrUVJ9wtL5Bg1zvVRw\"><br \/>\nVicepresidencia del Gobierno de Cantabria colabora proyecto educaci\u00f3n al desarrollo &#8216;Ellas deciden&#8217; de movimientos &#8230;<\/a>&#8211;\u00a0cantabriatelevision<a href=\"https:\/\/www.google.com\/url?rct=j&amp;sa=t&amp;url=https:\/\/www.20minutos.es\/noticia\/4865883\/0\/el-gobierno-riojano-se-adhiere-la-declaracion-de-merida-sobre-cooperacion-internacional-lgbti\/&amp;ct=ga&amp;cd=CAEYACoTNzc2MDI4NDI2NTM5NzIzMTc3OTIZNTlkNzgxNzEzNmEyZDAyODplczplczpFUw&amp;usg=AFQjCNGcgMRka8IahyXfZXcYJPQqzPxrqA\"><br \/>\nEl Gobierno riojano se adhiere la Declaraci\u00f3n de M\u00e9rida sobre\u00a0Cooperaci\u00f3n\u00a0Internacional LGBTI<\/a>&#8211; 20minutos<a href=\"https:\/\/www.google.com\/url?rct=j&amp;sa=t&amp;url=https:\/\/www.elperiodicodearagon.com\/aragon\/2021\/10\/22\/dga-constituye-comision-interdepartamental-genero-58706041.html&amp;ct=ga&amp;cd=CAEYACoUMTA3MTM1MTE3MzAzNTA2NTQ5NTYyGWMwMzcyZWJjMmZlYWRhNTk6ZXM6ZXM6RVM&amp;usg=AFQjCNFqL5MSUhTRFxG9KD7tTu1XOJ9wZw\"><br \/>\nLa DGA constituye la Comisi\u00f3n Interdepartamental de G\u00e9nero<\/a>-elperiodicodearagon<a href=\"https:\/\/www.google.com\/url?rct=j&amp;sa=t&amp;url=https:\/\/www.cuadernosmanchegos.com\/albacete\/sociedad\/el-gobierno-de-castilla-la-mancha-impulsa-politicas-de-igualdad-para-garantizar-el-futuro-de-los-pueblos--28561.html&amp;ct=ga&amp;cd=CAEYACoQNzI2NTExODE0MDc4Njk0MTIZYzAzNzJlYmMyZmVhZGE1OTplczplczpFUw&amp;usg=AFQjCNFoV-jCEamNZWliAZcckPntzZ8_3g\"><br \/>\nEl Gobierno de Castilla-La Mancha impulsa pol\u00edticas de igualdad para garantizar el futuro &#8230;<\/a>-CuadernosManchegos<a href=\"https:\/\/www.google.com\/url?rct=j&amp;sa=t&amp;url=https:\/\/www.eldiario.es\/bizkaia\/aumentan-18-delitos-libertad-sexual-euskadi-307-mujeres-atacadas-septiembre_1_8425906.html&amp;ct=ga&amp;cd=CAEYACoTMjQ4NDAwMzc4OTYyNDc5MjE5MjIZYzAzNzJlYmMyZmVhZGE1OTplczplczpFUw&amp;usg=AFQjCNELU3-i__TX9YP8PsVOmTf0t1Ya7A\"><br \/>\nAumentan un 18% los delitos contra la libertad sexual en Euskadi, con 307\u00a0mujeres\u00a0&#8230;<\/a>-eldiario<a href=\"https:\/\/www.google.com\/url?rct=j&amp;sa=t&amp;url=https:\/\/www.laopiniondemurcia.es\/comunidad\/2021\/10\/25\/mujeres-ganan-terreno-mundo-rural-58699218.html&amp;ct=ga&amp;cd=CAEYASoTOTI2MzE4Njg0MTQzMjQzOTc1MjIZYzAzNzJlYmMyZmVhZGE1OTplczplczpFUw&amp;usg=AFQjCNEwN6h_lbDkgqb1slhiiqSCkG_L3w\"><br \/>\nLas\u00a0mujeres\u00a0ganan terreno en el mundo rural\u00a0<\/a>-laoponiondemurcia<\/p>\n<p><a href=\"https:\/\/www.google.com\/url?rct=j&amp;sa=t&amp;url=https:\/\/www.directoextremadura.com\/noticias_region\/2021-10-25\/10\/22646\/gil-rosina-pone-en-valor-la-obra-que-conforma-la-exposicion-dibujantas-y-su-aportacion-cultural-y-artistica-para-el-conjunto-de-la-sociedad.html&amp;ct=ga&amp;cd=CAEYAioUMTcxMzUyNDYwNjI0MjQxNjA0MzEyGWMwMzcyZWJjMmZlYWRhNTk6ZXM6ZXM6RVM&amp;usg=AFQjCNF9l9p_QXIMu9HLky6jceFtRCX9XA\">Gil Rosi\u00f1a pone en valor la obra que conforma la exposici\u00f3n \u00bbDibujantas\u00bb y su aportaci\u00f3n &#8230;<\/a>-diariodeextremadura<\/p>\n<p><strong>Econom\u00eda\u00a0y Empresa<\/strong><\/p>\n<p><a href=\"https:\/\/www.woman.es\/lifestyle\/womanpower\/mujer-emprendedora-post-covid\">La mujer emprendedora en la era post covid<\/a>\u00a0-woman<a href=\"https:\/\/www.google.com\/url?rct=j&amp;sa=t&amp;url=https:\/\/alicantepress.com\/art\/46635\/mujeres-directivas-hablan-sobre-liderazgo-y-sesgos-de-genero&amp;ct=ga&amp;cd=CAEYASoUMTA3MTM1MTE3MzAzNTA2NTQ5NTYyGWMwMzcyZWJjMmZlYWRhNTk6ZXM6ZXM6RVM&amp;usg=AFQjCNEiCt8JKNAh2ursPUR-F2yeTKFbyw\"><strong><br \/>\n<\/strong>Mujeres\u00a0directivas hablan sobre liderazgo y sesgos de g\u00e9nero<\/a>-alicanteexpress<\/p>\n<p><a href=\"https:\/\/arainfo.org\/zaragoza-celebra-el-i-congreso-estatal-mujeres-y-arquitecturas-hacia-una-profesion-igualitaria\/\">Zaragoza celebra el I Congreso estatal &#8216;Mujeres y Arquitecturas. Hacia una profesi\u00f3n igualitaria&#8217;<\/a>-arainfo<strong>\u00a0<\/strong><\/p>\n<p><strong>Actualidad<\/strong><\/p>\n<p><a href=\"https:\/\/www.google.com\/url?rct=j&amp;sa=t&amp;url=https:\/\/www.lavozdegalicia.es\/noticia\/coruna\/coruna\/2021\/10\/22\/patricia-faraldo-unica-candidata-espanola-grupo-expertos-violencia-machista-consejo-europa\/00031634927690072223456.htm&amp;ct=ga&amp;cd=CAEYASoSMjA2Mzk1Mzc1MzA1MTM2ODU4MhllMWU3N2QxNTYwOThhOGUzOmVzOmVzOkVT&amp;usg=AFQjCNG6eK3lfU7K8lbUYf9I1n5P0DJ1aA\">Patricia Faraldo, \u00fanica candidata espa\u00f1ola para el grupo de expertos en\u00a0violencia\u00a0machista del Consejo de Europa&#8230;<\/a>&#8211;\u00a0La Voz de Galicia<\/p>\n<p><a href=\"https:\/\/www.eldiario.es\/politica\/constitucional-mantendra-mayoria-conservadora-junio-debe-decidir-leyes-aborto_1_8422339.html\">El Constitucional mantendr\u00e1 la mayor\u00eda conservadora hasta junio y debe decidir sobre las leyes Rhodes y del aborto<\/a>-eldiario<\/p>\n<p><a href=\"https:\/\/www.google.com\/url?rct=j&amp;sa=t&amp;url=https:\/\/www.lasprovincias.es\/sociedad\/salud\/nueve-diez-mujeres-20211025115220-nt.html&amp;ct=ga&amp;cd=CAEYBCoUMTIzODgyNjg0NDIxNjgyMzYzNTkyGWMwMzcyZWJjMmZlYWRhNTk6ZXM6ZXM6RVM&amp;usg=AFQjCNG7vEzAanR_wyGgcZ5smD6LZY7Wkg\">Nueve de cada diez\u00a0mujeres\u00a0presentan melasma como consecuencia de la radiaci\u00f3n solar &#8230;<\/a>&#8211;\u00a0Las Provincias<\/p>\n<p><strong>Violencias<\/strong><strong>\u00a0<\/strong><a href=\"https:\/\/www.google.com\/url?rct=j&amp;sa=t&amp;url=https:\/\/www.larazon.es\/sociedad\/20211022\/3lkisp3vhfamfikb255guap2c4.html&amp;ct=ga&amp;cd=CAEYACoSMjA2Mzk1Mzc1MzA1MTM2ODU4MhllMWU3N2QxNTYwOThhOGUzOmVzOmVzOkVT&amp;usg=AFQjCNGbwgNsGFDovGrM8Vy7_5WboPWFmQ\"><br \/>\nLa \u00abviolencia\u00a0digital\u00bb: la\u00a0nueva\u00a0forma de maltrato contra la mujer<\/a>-larazon<\/p>\n<p><a href=\"https:\/\/www.google.com\/url?rct=j&amp;sa=t&amp;url=https:\/\/www.65ymas.com\/sociedad\/uc3m-disenara-sistema-inteligente-detectar-miedo-mujeres-maltratadas_32875_102.html&amp;ct=ga&amp;cd=CAEYASoTNjUwNzgzNzIzNzk4MTY0MDY0MjIZYzAzNzJlYmMyZmVhZGE1OTplczplczpFUw&amp;usg=AFQjCNHfPqS0o4taZa5pwQ5Abr1LGjIX3A\">Un sistema &#8216;inteligente&#8217; que detecta situaciones de miedo en\u00a0mujeres\u00a0maltratadas\u00a0<\/a>-65ymas<\/p>\n<p><a href=\"https:\/\/www.google.com\/url?rct=j&amp;sa=t&amp;url=https:\/\/www.abc.es\/sociedad\/abci-amelia-tiganus-sobrevivir-burdel-para-sonar-mujer-202110250127_noticia.html&amp;ct=ga&amp;cd=CAEYACoTNjM2MzUzMjc2NzkzNDA2MjEwMjIZYzAzNzJlYmMyZmVhZGE1OTplczplczpFUw&amp;usg=AFQjCNG0tOHZh4Mt8PSizqtIr879LwRhzg\">Amelia Tiganus: sobrevivir al burdel para so\u00f1ar con ser\u00a0mujer<\/a>-abc<strong>\u00a0<\/strong><\/p>\n<p><strong>Ciencia y Cultura<\/strong><\/p>\n<p><a href=\"https:\/\/www.google.com\/url?rct=j&amp;sa=t&amp;url=https:\/\/www.xatakafoto.com\/actualidad\/premio-nacional-fotografia-2021-ha-sido-para-fotoperiodista-pilar-aymerich-mujer-comprometida-todo-que-ve&amp;ct=ga&amp;cd=CAEYASoTNDU2Mzc4Mjc2NzM4NTg2OTk4MjIZYzAzNzJlYmMyZmVhZGE1OTplczplczpFUw&amp;usg=AFQjCNECBz_3cLOlEjXLCxpVI7Q3e5aWBw\">El Premio Nacional de Fotograf\u00eda 2021 ha sido para la fotoperiodista Pilar Aymerich &#8230;<\/a>\u00a0kataxafoto<a href=\"https:\/\/www.google.com\/url?rct=j&amp;sa=t&amp;url=https:\/\/www.que-leer.com\/2021\/10\/22\/beatriz-gimenez-de-ory-premio-nacional-de-literatura-infantil-y-juvenil-2021\/&amp;ct=ga&amp;cd=CAEYBSoUMTEzNzYwMzE0NjU4MjU5NTY0OTgyGWNjNzk4NDFjNmVmMzRlYmY6ZXM6ZXM6RVM&amp;usg=AFQjCNEVsZKqofLogSCYBbiiJaxQANN6oA\"><br \/>\nBeatriz Gim\u00e9nez de Ory, Premio Nacional de Literatura\u00a0Infantil\u00a0y Juvenil 2021\u00a0<\/a>-queleer<a href=\"https:\/\/www.google.com\/url?rct=j&amp;sa=t&amp;url=https:\/\/www.elfaradio.com\/2021\/10\/24\/el-documental-condenadas-en-gaza-sobre-el-bloqueo-a-las-palestinas-con-cancer-comienza-a-ganar-los-primeros-premios\/&amp;ct=ga&amp;cd=CAEYACoTNDQ0OTQxMTU1NTE3OTEyOTQzNTIZZDcxNzUwMTgzYzVmYzQ2YTplczplczpFUw&amp;usg=AFQjCNFGhHbxZrp8_YDnsvBZmsXfUTmyZA\"><br \/>\nEl documental &#8216;Condenadas\u00a0en\u00a0Gaza&#8217; sobre el bloqueo\u00a0a\u00a0las mujeres palestinas\u00a0con\u00a0c\u00e1ncer &#8230;<\/a>&#8211;\u00a0El Faradio<\/p>\n<p><a href=\"https:\/\/www.google.com\/url?rct=j&amp;sa=t&amp;url=https:\/\/es.noticias.yahoo.com\/mujeres-guionistas-defienden-diversidad-piden-165807719.html&amp;ct=ga&amp;cd=CAEYACoUMTI3MDQ5NjA5Mjc3NDU5NjM5NTEyGTU5ZDc4MTcxMzZhMmQwMjg6ZXM6ZXM6RVM&amp;usg=AFQjCNH2Pq-xVZLp0J81dnHX5Bl071wLkA\">Mujeres guionistas defienden su diversidad y piden hacer cine de\u00a0g\u00e9nero<\/a>-yahoonoticias<a href=\"https:\/\/www.google.com\/url?rct=j&amp;sa=t&amp;url=https:\/\/www.elperiodic.com\/alicante\/instituto-cultura-albert-organiza-tercera-sesion-alicante-femenino-dedicada-marian-cano_779126&amp;ct=ga&amp;cd=CAEYACoUMTY5MzIyMDc1OTI2NjU5ODQ2NzMyGWMwMzcyZWJjMmZlYWRhNTk6ZXM6ZXM6RVM&amp;usg=AFQjCNH25JxsgXkZho6qZXp24vKE9k6qNw\"><br \/>\nEl\u00a0Instituto\u00a0de Cultura Gil-Albert organiza la tercera sesi\u00f3n de &#8216;Alicante en femenino &#8230;<\/a>-elperiodic<\/p>\n<p><strong>Deporte<\/strong><a href=\"https:\/\/www.google.com\/url?rct=j&amp;sa=t&amp;url=https:\/\/elpais.com\/ciencia\/materia-gris\/2021-10-22\/danan-mas-al-cerebro-de-la-mujer-que-al-del-hombre-las-contusiones-en-el-deporte.html&amp;ct=ga&amp;cd=CAEYACoSMjA5MDEyNzI0NzQzODAzMDMwMhljMDM3MmViYzJmZWFkYTU5OmVzOmVzOkVT&amp;usg=AFQjCNFR5neE72nmraN6Z1DVs6Epef5yLQ\"><br \/>\n\u00bfDa\u00f1an m\u00e1s al cerebro de la\u00a0mujer\u00a0que al del hombre las contusiones en el deporte?<\/a>-elpa\u00eds<\/p>\n<p><a href=\"https:\/\/as.com\/motor\/2021\/10\/24\/fotorrelato\/1635112732_556606.html\">Laia Sanz, la reina de las dos ruedas<\/a>-as<\/p>\n<\/div>\n<\/div>\n<div id=\"\" class=\"lsow-panel lsow-active\">\n<h1 class=\"lsow-panel-title\">Internacional<\/h1>\n<div class=\"lsow-panel-content\">\n<p><a href=\"https:\/\/www.google.com\/url?rct=j&amp;sa=t&amp;url=https:\/\/www.elmundo.cr\/mundo\/parlamentos-de-iberoamerica-se-unen-para-impulsar-leyes-en-favor-de-la-igualdad-de-genero-y-la-seguridad-alimentaria\/&amp;ct=ga&amp;cd=CAEYACoTODQ4ODY4NjA3MTk4ODg3NzM5MjIZNTlkNzgxNzEzNmEyZDAyODplczplczpFUw&amp;usg=AFQjCNGfbgzwM2nn1cDvGXn7oZnB26ulQw\">Parlamentos de Iberoam\u00e9rica se unen para impulsar leyes en favor de la igualdad<\/a>-elmundocr<a href=\"https:\/\/www.google.com\/url?rct=j&amp;sa=t&amp;url=https:\/\/www.wam.ae\/es\/details\/1395302984562&amp;ct=ga&amp;cd=CAEYACoTNTIwNTEzNjUxNjM2Njg3Mjg5MDIZNTlkNzgxNzEzNmEyZDAyODplczplczpFUw&amp;usg=AFQjCNGkRWjRNG94-oQMRd4JZt47sqVbVw\"><br \/>\nEl Pabell\u00f3n de Espa\u00f1a y el Consejo de Equilibrio de\u00a0G\u00e9nero\u00a0de EAU organizan un taller interactivo<\/a>&#8211;\u00a0wam<\/p>\n<p><a href=\"https:\/\/www.google.com\/url?rct=j&amp;sa=t&amp;url=https:\/\/idconline.mx\/laboral\/2021\/10\/22\/estereotipos-y-el-desarrollo-de-las-mujeres&amp;ct=ga&amp;cd=CAEYACoSNzYyMDU4MTMxMDgyMzE0NzM2Mhk1OWQ3ODE3MTM2YTJkMDI4OmVzOmVzOkVT&amp;usg=AFQjCNGIZM9yYHfH-3ouugU7pJ85AoGmdQ\">Estereotipos y el desarrollo de las mujeres\u00a0<\/a>-IDC<a href=\"https:\/\/www.google.com\/url?rct=j&amp;sa=t&amp;url=https:\/\/elpais.com\/internacional\/2021-10-22\/la-practica-de-la-reconstruccion-del-himen-pervive-en-afganistan.html&amp;ct=ga&amp;cd=CAEYCioTOTUwNTgzOTgxNzEyODc1NzA4ODIZZTJkZWZhN2Q1ZGE5MTU3ZDplczplczpFUw&amp;usg=AFQjCNFbCpexPb4kD35xJ1oF2ZluyQaP9g\"><br \/>\nReconstruirse el himen, una cuesti\u00f3n de vida o muerte en Afganist\u00e1n<\/a>-elpa\u00eds<\/p>\n<p><a href=\"https:\/\/www.google.com\/url?rct=j&amp;sa=t&amp;url=https:\/\/www.infobae.com\/america\/agencias\/2021\/10\/23\/australia-ofrece-un-plan-de-ayuda-economica-a-las-victimas-de-violencia-domestica\/&amp;ct=ga&amp;cd=CAEYASoUMTgwNDY3MjcxNTgzMTc2MTM4ODAyGWUyZGVmYTdkNWRhOTE1N2Q6ZXM6ZXM6RVM&amp;usg=AFQjCNF2mLAK6nSo9FOc5k6PYFU8xdOR3w\">Australia ofrece un plan de ayuda econ\u00f3mica a las v\u00edctimas de\u00a0violencia\u00a0dom\u00e9stica<\/a>\u00a0-infobae<a href=\"https:\/\/www.google.com\/url?rct=j&amp;sa=t&amp;url=https:\/\/www.prensa-latina.cu\/index.php\/component\/content\/%3Fo%3Drn%26id%3D483418%26SEO%3Dfrancia-corrige-procedimiento-ante-denuncias-por-violencia-de-genero&amp;ct=ga&amp;cd=CAEYBCoTNDA0OTIyODcyMzA3MjMwMjYyMzIZNTlkNzgxNzEzNmEyZDAyODplczplczpFUw&amp;usg=AFQjCNELe-bF4tvsry8QXYZj8KE004nKUQ\"><br \/>\nFrancia corrige procedimiento ante denuncias por violencia de\u00a0g\u00e9nero<\/a>-prensalatina<a href=\"https:\/\/www.google.com\/url?rct=j&amp;sa=t&amp;url=https:\/\/www.marca.com\/atletismo\/2021\/10\/22\/617294c122601d50548b45e2.html&amp;ct=ga&amp;cd=CAEYACoUMTE5MzM3OTEyMjQzNTU1NTI3OTcyGWUyZGVmYTdkNWRhOTE1N2Q6ZXM6ZXM6RVM&amp;usg=AFQjCNEBtODA9jpBIqz9HL_Veop2SERSCg\"><br \/>\nEl atletismo keniata clama contra la\u00a0violencia de g\u00e9nero\u00a0en el entierro de Tirop<\/a>-marca<\/p>\n<\/div>\n<\/div>\n<\/div><\/div><\/div><\/div><\/div>\n","protected":false},"excerpt":{"rendered":"<p>Inmaculada Montalb\u00e1n del TC una magistrada pionera en aplicar perspectiva de g\u00e9nero * Pilar Aymerich Premio Nacional de Fotograf\u00eda 2021 * Beatriz Gim\u00e9nez de Ory Premio Nacional de Literatura Infantil y Juvenil 2021<\/p>\n","protected":false},"author":3,"featured_media":22909,"comment_status":"closed","ping_status":"closed","sticky":false,"template":"","format":"standard","meta":{"footnotes":""},"categories":[298,621],"tags":[213],"class_list":["post-15605","post","type-post","status-publish","format-standard","has-post-thumbnail","hentry","category-newsletter","category-nwl-3-0","tag-comunicacion-inclusiva"],"yoast_head":"<!-- This site is optimized with the Yoast SEO plugin v27.5 - https:\/\/yoast.com\/product\/yoast-seo-wordpress\/ -->\n<title>Noticias Info CKL n\u00ba 2630-25\/10\/21-Comunicar con perspectiva de g\u00e9nero<\/title>\n<meta name=\"description\" content=\"Inmaculada Montalb\u00e1n del TC una magistrada pionera en aplicar perspectiva de g\u00e9nero * Pilar Aymerich Premio Nacional de Fotograf\u00eda 2021 * Beatriz Gim\u00e9nez de Ory Premio Nacional de Literatura Infantil y Juvenil 2021\" \/>\n<meta name=\"robots\" content=\"index, follow, max-snippet:-1, max-image-preview:large, max-video-preview:-1\" \/>\n<link rel=\"canonical\" href=\"https:\/\/cklcomunicaciones.es\/coop\/noticias-info-ckl-no-2630-25-10-21\/\" \/>\n<meta property=\"og:locale\" content=\"es_ES\" \/>\n<meta property=\"og:type\" content=\"article\" \/>\n<meta property=\"og:title\" content=\"Noticias Info CKL n\u00ba 2630-25\/10\/21-Comunicar con perspectiva de g\u00e9nero\" \/>\n<meta property=\"og:description\" content=\"Inmaculada Montalb\u00e1n del TC una magistrada pionera en aplicar perspectiva de g\u00e9nero * Pilar Aymerich Premio Nacional de Fotograf\u00eda 2021 * Beatriz Gim\u00e9nez de Ory Premio Nacional de Literatura Infantil y Juvenil 2021\" \/>\n<meta property=\"og:url\" content=\"https:\/\/cklcomunicaciones.es\/coop\/noticias-info-ckl-no-2630-25-10-21\/\" \/>\n<meta property=\"og:site_name\" content=\"CKL Comunicaciones\" \/>\n<meta property=\"article:published_time\" content=\"2021-10-25T11:04:48+00:00\" \/>\n<meta property=\"article:modified_time\" content=\"2025-02-09T19:20:54+00:00\" \/>\n<meta property=\"og:image\" content=\"https:\/\/cklcomunicaciones.es\/coop\/wp-content\/uploads\/2025\/01\/CKL-una-mirada-distinta-de-la-comunicacion.jpg\" \/>\n\t<meta property=\"og:image:width\" content=\"1482\" \/>\n\t<meta property=\"og:image:height\" content=\"775\" \/>\n\t<meta property=\"og:image:type\" content=\"image\/jpeg\" \/>\n<meta name=\"author\" content=\"ckl\" \/>\n<meta name=\"twitter:card\" content=\"summary_large_image\" \/>\n<meta name=\"twitter:label1\" content=\"Escrito por\" \/>\n\t<meta name=\"twitter:data1\" content=\"ckl\" \/>\n\t<meta name=\"twitter:label2\" content=\"Tiempo de lectura\" \/>\n\t<meta name=\"twitter:data2\" content=\"5 minutos\" \/>\n<script type=\"application\/ld+json\" class=\"yoast-schema-graph\">{\"@context\":\"https:\\\/\\\/schema.org\",\"@graph\":[{\"@type\":\"Article\",\"@id\":\"https:\\\/\\\/cklcomunicaciones.es\\\/coop\\\/noticias-info-ckl-no-2630-25-10-21\\\/#article\",\"isPartOf\":{\"@id\":\"https:\\\/\\\/cklcomunicaciones.es\\\/coop\\\/noticias-info-ckl-no-2630-25-10-21\\\/\"},\"author\":{\"name\":\"ckl\",\"@id\":\"https:\\\/\\\/cklcomunicaciones.es\\\/coop\\\/#\\\/schema\\\/person\\\/929a6837f7626450bbb50cee1aef266e\"},\"headline\":\"Noticias Info CKL n\u00ba 2630-25\\\/10\\\/21\",\"datePublished\":\"2021-10-25T11:04:48+00:00\",\"dateModified\":\"2025-02-09T19:20:54+00:00\",\"mainEntityOfPage\":{\"@id\":\"https:\\\/\\\/cklcomunicaciones.es\\\/coop\\\/noticias-info-ckl-no-2630-25-10-21\\\/\"},\"wordCount\":1144,\"image\":{\"@id\":\"https:\\\/\\\/cklcomunicaciones.es\\\/coop\\\/noticias-info-ckl-no-2630-25-10-21\\\/#primaryimage\"},\"thumbnailUrl\":\"https:\\\/\\\/cklcomunicaciones.es\\\/coop\\\/wp-content\\\/uploads\\\/2025\\\/01\\\/CKL-una-mirada-distinta-de-la-comunicacion.jpg\",\"keywords\":[\"comunicaci\u00f3n inclusiva\"],\"articleSection\":[\"Newsletter\",\"Nwl v3.0\"],\"inLanguage\":\"es\"},{\"@type\":\"WebPage\",\"@id\":\"https:\\\/\\\/cklcomunicaciones.es\\\/coop\\\/noticias-info-ckl-no-2630-25-10-21\\\/\",\"url\":\"https:\\\/\\\/cklcomunicaciones.es\\\/coop\\\/noticias-info-ckl-no-2630-25-10-21\\\/\",\"name\":\"Noticias Info CKL n\u00ba 2630-25\\\/10\\\/21-Comunicar con perspectiva de g\u00e9nero\",\"isPartOf\":{\"@id\":\"https:\\\/\\\/cklcomunicaciones.es\\\/coop\\\/#website\"},\"primaryImageOfPage\":{\"@id\":\"https:\\\/\\\/cklcomunicaciones.es\\\/coop\\\/noticias-info-ckl-no-2630-25-10-21\\\/#primaryimage\"},\"image\":{\"@id\":\"https:\\\/\\\/cklcomunicaciones.es\\\/coop\\\/noticias-info-ckl-no-2630-25-10-21\\\/#primaryimage\"},\"thumbnailUrl\":\"https:\\\/\\\/cklcomunicaciones.es\\\/coop\\\/wp-content\\\/uploads\\\/2025\\\/01\\\/CKL-una-mirada-distinta-de-la-comunicacion.jpg\",\"datePublished\":\"2021-10-25T11:04:48+00:00\",\"dateModified\":\"2025-02-09T19:20:54+00:00\",\"author\":{\"@id\":\"https:\\\/\\\/cklcomunicaciones.es\\\/coop\\\/#\\\/schema\\\/person\\\/929a6837f7626450bbb50cee1aef266e\"},\"description\":\"Inmaculada Montalb\u00e1n del TC una magistrada pionera en aplicar perspectiva de g\u00e9nero * Pilar Aymerich Premio Nacional de Fotograf\u00eda 2021 * Beatriz Gim\u00e9nez de Ory Premio Nacional de Literatura Infantil y Juvenil 2021\",\"breadcrumb\":{\"@id\":\"https:\\\/\\\/cklcomunicaciones.es\\\/coop\\\/noticias-info-ckl-no-2630-25-10-21\\\/#breadcrumb\"},\"inLanguage\":\"es\",\"potentialAction\":[{\"@type\":\"ReadAction\",\"target\":[\"https:\\\/\\\/cklcomunicaciones.es\\\/coop\\\/noticias-info-ckl-no-2630-25-10-21\\\/\"]}]},{\"@type\":\"ImageObject\",\"inLanguage\":\"es\",\"@id\":\"https:\\\/\\\/cklcomunicaciones.es\\\/coop\\\/noticias-info-ckl-no-2630-25-10-21\\\/#primaryimage\",\"url\":\"https:\\\/\\\/cklcomunicaciones.es\\\/coop\\\/wp-content\\\/uploads\\\/2025\\\/01\\\/CKL-una-mirada-distinta-de-la-comunicacion.jpg\",\"contentUrl\":\"https:\\\/\\\/cklcomunicaciones.es\\\/coop\\\/wp-content\\\/uploads\\\/2025\\\/01\\\/CKL-una-mirada-distinta-de-la-comunicacion.jpg\",\"width\":1482,\"height\":775,\"caption\":\"CKL - una mirada distinta de la comunicacion\"},{\"@type\":\"BreadcrumbList\",\"@id\":\"https:\\\/\\\/cklcomunicaciones.es\\\/coop\\\/noticias-info-ckl-no-2630-25-10-21\\\/#breadcrumb\",\"itemListElement\":[{\"@type\":\"ListItem\",\"position\":1,\"name\":\"Portada\",\"item\":\"https:\\\/\\\/cklcomunicaciones.es\\\/coop\\\/\"},{\"@type\":\"ListItem\",\"position\":2,\"name\":\"Noticias Info CKL n\u00ba 2630-25\\\/10\\\/21\"}]},{\"@type\":\"WebSite\",\"@id\":\"https:\\\/\\\/cklcomunicaciones.es\\\/coop\\\/#website\",\"url\":\"https:\\\/\\\/cklcomunicaciones.es\\\/coop\\\/\",\"name\":\"CKL Comunicaciones\",\"description\":\"Sitio web de CKL Comunicaciones coop , la consultora de comunicaci\u00f3n y estrategia\",\"potentialAction\":[{\"@type\":\"SearchAction\",\"target\":{\"@type\":\"EntryPoint\",\"urlTemplate\":\"https:\\\/\\\/cklcomunicaciones.es\\\/coop\\\/?s={search_term_string}\"},\"query-input\":{\"@type\":\"PropertyValueSpecification\",\"valueRequired\":true,\"valueName\":\"search_term_string\"}}],\"inLanguage\":\"es\"},{\"@type\":\"Person\",\"@id\":\"https:\\\/\\\/cklcomunicaciones.es\\\/coop\\\/#\\\/schema\\\/person\\\/929a6837f7626450bbb50cee1aef266e\",\"name\":\"ckl\",\"image\":{\"@type\":\"ImageObject\",\"inLanguage\":\"es\",\"@id\":\"https:\\\/\\\/secure.gravatar.com\\\/avatar\\\/c82db564e8a669bf6023357a157b9dc4780f4d4c618f2ad1d71a6a5dede45057?s=96&d=mm&r=g\",\"url\":\"https:\\\/\\\/secure.gravatar.com\\\/avatar\\\/c82db564e8a669bf6023357a157b9dc4780f4d4c618f2ad1d71a6a5dede45057?s=96&d=mm&r=g\",\"contentUrl\":\"https:\\\/\\\/secure.gravatar.com\\\/avatar\\\/c82db564e8a669bf6023357a157b9dc4780f4d4c618f2ad1d71a6a5dede45057?s=96&d=mm&r=g\",\"caption\":\"ckl\"},\"url\":\"https:\\\/\\\/cklcomunicaciones.es\\\/coop\\\/author\\\/cklcomunicaciones\\\/\"}]}<\/script>\n<!-- \/ Yoast SEO plugin. -->","yoast_head_json":{"title":"Noticias Info CKL n\u00ba 2630-25\/10\/21-Comunicar con perspectiva de g\u00e9nero","description":"Inmaculada Montalb\u00e1n del TC una magistrada pionera en aplicar perspectiva de g\u00e9nero * Pilar Aymerich Premio Nacional de Fotograf\u00eda 2021 * Beatriz Gim\u00e9nez de Ory Premio Nacional de Literatura Infantil y Juvenil 2021","robots":{"index":"index","follow":"follow","max-snippet":"max-snippet:-1","max-image-preview":"max-image-preview:large","max-video-preview":"max-video-preview:-1"},"canonical":"https:\/\/cklcomunicaciones.es\/coop\/noticias-info-ckl-no-2630-25-10-21\/","og_locale":"es_ES","og_type":"article","og_title":"Noticias Info CKL n\u00ba 2630-25\/10\/21-Comunicar con perspectiva de g\u00e9nero","og_description":"Inmaculada Montalb\u00e1n del TC una magistrada pionera en aplicar perspectiva de g\u00e9nero * Pilar Aymerich Premio Nacional de Fotograf\u00eda 2021 * Beatriz Gim\u00e9nez de Ory Premio Nacional de Literatura Infantil y Juvenil 2021","og_url":"https:\/\/cklcomunicaciones.es\/coop\/noticias-info-ckl-no-2630-25-10-21\/","og_site_name":"CKL Comunicaciones","article_published_time":"2021-10-25T11:04:48+00:00","article_modified_time":"2025-02-09T19:20:54+00:00","og_image":[{"width":1482,"height":775,"url":"https:\/\/cklcomunicaciones.es\/coop\/wp-content\/uploads\/2025\/01\/CKL-una-mirada-distinta-de-la-comunicacion.jpg","type":"image\/jpeg"}],"author":"ckl","twitter_card":"summary_large_image","twitter_misc":{"Escrito por":"ckl","Tiempo de lectura":"5 minutos"},"schema":{"@context":"https:\/\/schema.org","@graph":[{"@type":"Article","@id":"https:\/\/cklcomunicaciones.es\/coop\/noticias-info-ckl-no-2630-25-10-21\/#article","isPartOf":{"@id":"https:\/\/cklcomunicaciones.es\/coop\/noticias-info-ckl-no-2630-25-10-21\/"},"author":{"name":"ckl","@id":"https:\/\/cklcomunicaciones.es\/coop\/#\/schema\/person\/929a6837f7626450bbb50cee1aef266e"},"headline":"Noticias Info CKL n\u00ba 2630-25\/10\/21","datePublished":"2021-10-25T11:04:48+00:00","dateModified":"2025-02-09T19:20:54+00:00","mainEntityOfPage":{"@id":"https:\/\/cklcomunicaciones.es\/coop\/noticias-info-ckl-no-2630-25-10-21\/"},"wordCount":1144,"image":{"@id":"https:\/\/cklcomunicaciones.es\/coop\/noticias-info-ckl-no-2630-25-10-21\/#primaryimage"},"thumbnailUrl":"https:\/\/cklcomunicaciones.es\/coop\/wp-content\/uploads\/2025\/01\/CKL-una-mirada-distinta-de-la-comunicacion.jpg","keywords":["comunicaci\u00f3n inclusiva"],"articleSection":["Newsletter","Nwl v3.0"],"inLanguage":"es"},{"@type":"WebPage","@id":"https:\/\/cklcomunicaciones.es\/coop\/noticias-info-ckl-no-2630-25-10-21\/","url":"https:\/\/cklcomunicaciones.es\/coop\/noticias-info-ckl-no-2630-25-10-21\/","name":"Noticias Info CKL n\u00ba 2630-25\/10\/21-Comunicar con perspectiva de g\u00e9nero","isPartOf":{"@id":"https:\/\/cklcomunicaciones.es\/coop\/#website"},"primaryImageOfPage":{"@id":"https:\/\/cklcomunicaciones.es\/coop\/noticias-info-ckl-no-2630-25-10-21\/#primaryimage"},"image":{"@id":"https:\/\/cklcomunicaciones.es\/coop\/noticias-info-ckl-no-2630-25-10-21\/#primaryimage"},"thumbnailUrl":"https:\/\/cklcomunicaciones.es\/coop\/wp-content\/uploads\/2025\/01\/CKL-una-mirada-distinta-de-la-comunicacion.jpg","datePublished":"2021-10-25T11:04:48+00:00","dateModified":"2025-02-09T19:20:54+00:00","author":{"@id":"https:\/\/cklcomunicaciones.es\/coop\/#\/schema\/person\/929a6837f7626450bbb50cee1aef266e"},"description":"Inmaculada Montalb\u00e1n del TC una magistrada pionera en aplicar perspectiva de g\u00e9nero * Pilar Aymerich Premio Nacional de Fotograf\u00eda 2021 * Beatriz Gim\u00e9nez de Ory Premio Nacional de Literatura Infantil y Juvenil 2021","breadcrumb":{"@id":"https:\/\/cklcomunicaciones.es\/coop\/noticias-info-ckl-no-2630-25-10-21\/#breadcrumb"},"inLanguage":"es","potentialAction":[{"@type":"ReadAction","target":["https:\/\/cklcomunicaciones.es\/coop\/noticias-info-ckl-no-2630-25-10-21\/"]}]},{"@type":"ImageObject","inLanguage":"es","@id":"https:\/\/cklcomunicaciones.es\/coop\/noticias-info-ckl-no-2630-25-10-21\/#primaryimage","url":"https:\/\/cklcomunicaciones.es\/coop\/wp-content\/uploads\/2025\/01\/CKL-una-mirada-distinta-de-la-comunicacion.jpg","contentUrl":"https:\/\/cklcomunicaciones.es\/coop\/wp-content\/uploads\/2025\/01\/CKL-una-mirada-distinta-de-la-comunicacion.jpg","width":1482,"height":775,"caption":"CKL - una mirada distinta de la comunicacion"},{"@type":"BreadcrumbList","@id":"https:\/\/cklcomunicaciones.es\/coop\/noticias-info-ckl-no-2630-25-10-21\/#breadcrumb","itemListElement":[{"@type":"ListItem","position":1,"name":"Portada","item":"https:\/\/cklcomunicaciones.es\/coop\/"},{"@type":"ListItem","position":2,"name":"Noticias Info CKL n\u00ba 2630-25\/10\/21"}]},{"@type":"WebSite","@id":"https:\/\/cklcomunicaciones.es\/coop\/#website","url":"https:\/\/cklcomunicaciones.es\/coop\/","name":"CKL Comunicaciones","description":"Sitio web de CKL Comunicaciones coop , la consultora de comunicaci\u00f3n y estrategia","potentialAction":[{"@type":"SearchAction","target":{"@type":"EntryPoint","urlTemplate":"https:\/\/cklcomunicaciones.es\/coop\/?s={search_term_string}"},"query-input":{"@type":"PropertyValueSpecification","valueRequired":true,"valueName":"search_term_string"}}],"inLanguage":"es"},{"@type":"Person","@id":"https:\/\/cklcomunicaciones.es\/coop\/#\/schema\/person\/929a6837f7626450bbb50cee1aef266e","name":"ckl","image":{"@type":"ImageObject","inLanguage":"es","@id":"https:\/\/secure.gravatar.com\/avatar\/c82db564e8a669bf6023357a157b9dc4780f4d4c618f2ad1d71a6a5dede45057?s=96&d=mm&r=g","url":"https:\/\/secure.gravatar.com\/avatar\/c82db564e8a669bf6023357a157b9dc4780f4d4c618f2ad1d71a6a5dede45057?s=96&d=mm&r=g","contentUrl":"https:\/\/secure.gravatar.com\/avatar\/c82db564e8a669bf6023357a157b9dc4780f4d4c618f2ad1d71a6a5dede45057?s=96&d=mm&r=g","caption":"ckl"},"url":"https:\/\/cklcomunicaciones.es\/coop\/author\/cklcomunicaciones\/"}]}},"_links":{"self":[{"href":"https:\/\/cklcomunicaciones.es\/coop\/wp-json\/wp\/v2\/posts\/15605","targetHints":{"allow":["GET"]}}],"collection":[{"href":"https:\/\/cklcomunicaciones.es\/coop\/wp-json\/wp\/v2\/posts"}],"about":[{"href":"https:\/\/cklcomunicaciones.es\/coop\/wp-json\/wp\/v2\/types\/post"}],"author":[{"embeddable":true,"href":"https:\/\/cklcomunicaciones.es\/coop\/wp-json\/wp\/v2\/users\/3"}],"replies":[{"embeddable":true,"href":"https:\/\/cklcomunicaciones.es\/coop\/wp-json\/wp\/v2\/comments?post=15605"}],"version-history":[{"count":0,"href":"https:\/\/cklcomunicaciones.es\/coop\/wp-json\/wp\/v2\/posts\/15605\/revisions"}],"wp:featuredmedia":[{"embeddable":true,"href":"https:\/\/cklcomunicaciones.es\/coop\/wp-json\/wp\/v2\/media\/22909"}],"wp:attachment":[{"href":"https:\/\/cklcomunicaciones.es\/coop\/wp-json\/wp\/v2\/media?parent=15605"}],"wp:term":[{"taxonomy":"category","embeddable":true,"href":"https:\/\/cklcomunicaciones.es\/coop\/wp-json\/wp\/v2\/categories?post=15605"},{"taxonomy":"post_tag","embeddable":true,"href":"https:\/\/cklcomunicaciones.es\/coop\/wp-json\/wp\/v2\/tags?post=15605"}],"curies":[{"name":"wp","href":"https:\/\/api.w.org\/{rel}","templated":true}]}}