{"id":15589,"date":"2021-10-15T13:16:16","date_gmt":"2021-10-15T11:16:16","guid":{"rendered":"https:\/\/www.cklcomunicaciones.es\/?p=15589"},"modified":"2025-02-09T20:57:00","modified_gmt":"2025-02-09T19:57:00","slug":"noticias-info-ckl-no-2626-15-10-21","status":"publish","type":"post","link":"https:\/\/cklcomunicaciones.es\/coop\/noticias-info-ckl-no-2626-15-10-21\/","title":{"rendered":"Noticias Info CKL n\u00ba 2626-15\/10\/21"},"content":{"rendered":"<div class=\"fusion-fullwidth fullwidth-box fusion-builder-row-1 fusion-flex-container nonhundred-percent-fullwidth non-hundred-percent-height-scrolling\" style=\"--awb-border-radius-top-left:0px;--awb-border-radius-top-right:0px;--awb-border-radius-bottom-right:0px;--awb-border-radius-bottom-left:0px;--awb-flex-wrap:wrap;\" ><div class=\"fusion-builder-row fusion-row fusion-flex-align-items-flex-start fusion-flex-content-wrap\" style=\"max-width:1248px;margin-left: calc(-4% \/ 2 );margin-right: calc(-4% \/ 2 );\"><div class=\"fusion-layout-column fusion_builder_column fusion-builder-column-0 fusion_builder_column_1_1 1_1 fusion-flex-column\" style=\"--awb-bg-blend:overlay;--awb-bg-size:cover;--awb-width-large:100%;--awb-margin-top-large:0px;--awb-spacing-right-large:1.92%;--awb-margin-bottom-large:0px;--awb-spacing-left-large:1.92%;--awb-width-medium:100%;--awb-spacing-right-medium:1.92%;--awb-spacing-left-medium:1.92%;--awb-width-small:100%;--awb-spacing-right-small:1.92%;--awb-spacing-left-small:1.92%;\"><div class=\"fusion-column-wrapper fusion-flex-justify-content-flex-start fusion-content-layout-column\"><div class=\"fusion-text fusion-text-1\"><div id=\"\" class=\"lsow-panel lsow-active\">\n<h1 class=\"lsow-panel-title\">Convocatorias<\/h1>\n<div class=\"lsow-panel-content\">\n<ul>\n<li><a href=\"https:\/\/www.uma.es\/agenda-oficial\/eventos\/acto-de-celebracion-del-dia-internacional-de-las-mujeres-rurales\/\">Acto de Celebraci\u00f3n del D\u00eda Internacional de las Mujeres Rurales<\/a>.\u00a0Instituto Andaluz de la Mujer y Universidad de M\u00e1laga. 15 de octubre a las 11:00 h. Inscripci\u00f3n:<a href=\"mailto:congresodiadelasmujeresrurales@gmail.com\">congresodiadelasmujeresrurales@gmail.com<\/a><\/li>\n<li>Taller &#8216;Fotograf\u00eda creativa, aprende a expresarte con la fotograf\u00eda&#8217;. Centro de Formaci\u00f3n Feminista Carmen de Burgos del Instituto Andaluz de la Mujer.\u00a0Mi\u00e9rcoles de noviembre a las 17:00 h.\u00a0<a href=\"https:\/\/forms.gle\/X6QzjHGZ71XnaqQm7\">Inscripci\u00f3n<\/a>(plazas limitadas). M\u00e1s informaci\u00f3n:\u00a0<a href=\"mailto:cffcarmendeburgos.iam@gmail.com\">cffcarmendeburgos.iam@gmail.com<\/a><\/li>\n<li>Proyecci\u00f3n\u00a0de\u00a0cortometrajes contra la violencia de g\u00e9nero\u00a0&#8216;Espacio de dialogo y reflexi\u00f3n&#8217;. Centro de Formaci\u00f3n Feminista Carmen de Burgos del Instituto Andaluz de la Mujer.\u00a0Viernes 19 de noviembre a las 19:30h.\u00a0<a href=\"https:\/\/forms.gle\/KjAND5pFe4YcTGpw8\">Inscripci\u00f3n<\/a>(plazas limitadas). M\u00e1s informaci\u00f3n:\u00a0<a href=\"mailto:cffcarmendeburgos.iam@gmail.com\">cffcarmendeburgos.iam@gmail.com<\/a><\/li>\n<li><a href=\"https:\/\/mcusercontent.com\/816c57a776c6b798404297409\/files\/124f8d65-7379-0714-466c-c0a18d8a1f8c\/2021_Formaci%C3%B3n_emprendimiendo_lean.pdf\">Formaci\u00f3n en &#8216;T\u00e9cnicas y herramientas para acompa\u00f1ar en emprendimiento&#8217;<\/a>. Federaci\u00f3n de Mujeres Progresistas. Del 14 al 28 de octubre.\u00a0<a href=\"https:\/\/docs.google.com\/forms\/d\/e\/1FAIpQLSf6C-SHpn1Vt4T93Xcw_qqj94MTYCwetgtwxfu7XhsK8H6cBQ\/viewform\">Inscripciones<\/a><\/li>\n<li><a href=\"https:\/\/igualdad.us.es\/?p=5003\">Curso &#8216;El Buentrato como herramienta de prevenci\u00f3n de la Violencia de G\u00e9nero&#8217;, 2\u00aa edici\u00f3n<\/a>. Universidad de Sevilla. 21 y 28 de octubre, 4, 11 y 18 de noviembre. Inscripci\u00f3n gratuita<\/li>\n<li><a href=\"http:\/\/www.juntadeandalucia.es\/iam\/catalogo\/doc\/convocatorias\/2021-genero\/Caminoinvisibledoc.jpg\" rel=\"prettyPhoto&#091;15589&#093;\">Estreno en televisi\u00f3n de &#8216;El camino invisible&#8217;, un documental hist\u00f3rico sobre las mujeres rurales<\/a>. Canal Sur. 15 de octubre a las 20:00 h.<\/li>\n<\/ul>\n<\/div>\n<\/div>\n<div id=\"\" class=\"lsow-panel lsow-active\">\n<h1 class=\"lsow-panel-title\">Comunicaci\u00f3n, Publicidad y TICs<\/h1>\n<div class=\"lsow-panel-content\">\n<p><a href=\"https:\/\/www.corresponsables.com\/actualidad\/belen-frau-es-la-nueva-directora-de-comunicacion-mundial-de-ikea\">Bel\u00e9n Frau, nueva directora de Comunicaci\u00f3n mundial de IKEA<\/a>-corresponsables<\/p>\n<p><a href=\"https:\/\/www.publico.es\/culturas\/publico-invita-ver-documental-mujeres-rurales-lucha-territorio-sur-europa.html\">&#8216;P\u00fablico&#8217; te invita a ver el documental &#8216;Mujeres rurales: la lucha por el territorio al sur de Europa&#8217;<\/a>-publico<\/p>\n<p><a href=\"https:\/\/andaluciainformacion.es\/test\/1001643\/vii-premios-el-audiovisual-en-la-escuela-influencers-acoso-redes-y-noticias-falsas\/\">VII Premios &#8216;El Audiovisual en la Escuela\u2019: Influencers, acoso, redes y noticias falsas<\/a>-andaluciainformacion<\/p>\n<p><a href=\"https:\/\/periodistas-es.com\/el-proyecto-pegasus-premio-de-periodismo-de-investigacion-daphne-caruana-galizia-154821\">El \u00abProyecto Pegasus\u00bb premio de periodismo de investigaci\u00f3n Daphn\u00e9 Caruana Galizia<\/a>-periodistas<\/p>\n<\/div>\n<\/div>\n<div id=\"\" class=\"lsow-panel lsow-active\">\n<h1 class=\"lsow-panel-title\">Andaluc\u00eda<\/h1>\n<div class=\"lsow-panel-content\">\n<p><strong>Institucional<\/strong><\/p>\n<p><a href=\"https:\/\/www.granadadigital.es\/juanma-moreno-bonilla-presupuesto-andalucia-2022-rondara-millones-euros\/\">Moreno avanza que el Presupuesto 2022 rondar\u00e1 los 43.800 millones<\/a>-granadadigital<\/p>\n<p><a href=\"https:\/\/www.juntadeandalucia.es\/presidencia\/portavoz\/tierraymar\/165380\/Parlamento\/sesiondecontrolalGobierno\/Agricultura\/PAC\/PoliticaAgrariaComun\/fondoseuropeos\/Andalucia\/JuntadeAndalucia\/GobiernodeAndalucia\/CarmenCrespo\">Crespo alerta de una p\u00e9rdida de fondos de hasta el 24% para los agricultores y ganaderos andaluces con la nueva PAC<\/a>-juntadeandalucia<strong>\u00a0<\/strong><\/p>\n<p><strong>Econom\u00eda y Empresas<\/strong><strong>\u00a0<\/strong><strong>\u00a0<\/strong><\/p>\n<p><a href=\"https:\/\/www.canalsur.es\/noticias\/empleo-y-reconocimiento-la-mujer-rural-reivindica-sus-derechos\/1760300.html\">Empleo y reconocimiento, la mujer rural reivindica sus derechos<\/a>-canalsur<\/p>\n<p><a href=\"https:\/\/www.canalsur.es\/televisi%C3%B3n\/mujeres-que-han-tomado-las-riendas-del-campo-el-ejemplo-de-clara-en-ronda\/1760265.html\">Mujeres que han tomado las riendas del campo: el ejemplo de Clara en Ronda<\/a>-canalsur<\/p>\n<p><a href=\"https:\/\/www.diariocordoba.com\/agricultura-medio-ambiente\/2021\/10\/15\/mujer-rural-lucha-desafio-58379210.html\">Mujer rural: lucha y desaf\u00edo<\/a>-diariocordoba<\/p>\n<p><a href=\"https:\/\/sevilla.abc.es\/andalucia\/sevi-imagenes-todos-asistentes-clausura-403090391824-20211014161710_galeria.html\">En im\u00e1genes, todos los asistentes a la clausura del foro &#8216;Andaluc\u00eda en femenino&#8217;<\/a>-abcsevilla<\/p>\n<p><a href=\"https:\/\/www.msn.com\/es-es\/news\/espana\/la-famp-destaca-el-gran-papel-hist-c3-b3rico-y-socioecon-c3-b3mico-de-la-mujer-en-andaluc-c3-ada\/ar-AAPt4dj?ocid=BingNewsSearch\">La FAMP destaca el \u00abgran papel hist\u00f3rico y socioecon\u00f3mico\u00bb de la mujer en Andaluc\u00eda<\/a>-msn<\/p>\n<p><a href=\"https:\/\/www.europapress.es\/andalucia\/noticia-ugt-exige-mas-recursos-publicos-sociales-mujeres-rurales-motivo-dia-internacional-20211014160259.html\">UGT-A exige m\u00e1s recursos p\u00fablicos y sociales para las mujeres rurales con motivo de su d\u00eda internacional<\/a>-europapress<\/p>\n<p><a href=\"https:\/\/www.diariodesevilla.es\/andalucia\/ugt-numero-whatsapp-denunciar-imcumplimientos-laborales_0_1619539752.html\">UGT Andaluc\u00eda habilita un n\u00famero de Whatsapp para denunciar incumplimientos, infracciones y accidentes laborales<\/a>-diariodesevilla<strong>\u00a0<\/strong><\/p>\n<p><strong>Actualidad<\/strong><\/p>\n<p><a href=\"https:\/\/www.huelvainformacion.es\/provincia\/Diputacion-Huelva-Embajadora-Mujeres-Rurales_0_1619838618.html\">La presidenta de la Diputaci\u00f3n de Huelva, M\u00aa Eugenia Lim\u00f3n, es designada Embajadora de la D\u00e9cada de las Mujeres Rurales<\/a>-huelvainformacion<\/p>\n<p><a href=\"https:\/\/www.cordobabn.com\/articulo\/provincia\/mujeres-rurales-celebran-dnia\/20211015115717110483.html\">Villa del R\u00edo acoge el I Encuentro de Mujeres Rurales<\/a>-cordobabn<\/p>\n<p><a href=\"https:\/\/andaluciainformacion.es\/test\/1001928\/el-nuevo-calendario-escolar-del-iam-reconoce-a-dos-mujeres-de-la-provincia-de-cadiz\/\">El nuevo calendario escolar del IAM reconoce a dos mujeres de la provincia de C\u00e1diz\u00a0<\/a>\u2013andaluciainformacion<\/p>\n<p><a href=\"https:\/\/sevilla.abc.es\/agronoma\/noticias\/agricultura\/premios-andalucia-agricultura-abc-agronoma\/\">Los Premios Andaluc\u00eda de Agricultura reconocen a ABC de Sevilla y su portal Agr\u00f3noma por su \u00abgran labor de difusi\u00f3n\u00bb sobre el campo andaluz<\/a>-abcsevilla<\/p>\n<p><a href=\"https:\/\/www.granadahoy.com\/provincia\/Huescar-Dinamarca-preparan-Firma-Paz_0_1619840226.html\">Hu\u00e9scar y Dinamarca se preparan para celebrar 40 a\u00f1os de la Firma de la Paz<\/a>-granadahoy<\/p>\n<p><a href=\"https:\/\/www.elespanol.com\/malaga\/20211013\/andaluces-favor-igualdad-fiscal-union-europea\/618939026_0.html\">Los andaluces, a favor de la igualdad fiscal en la Uni\u00f3n Europea<\/a>-elespanol<\/p>\n<p><strong>Violencias<\/strong><\/p>\n<p><a href=\"https:\/\/www.eldiadecordoba.es\/cordoba\/victimas-violencia-genero-mundo-rural-denunciar_0_1619539913.html\">Las v\u00edctimas de la violencia de g\u00e9nero en el mundo rural tardan una media de 20 a\u00f1os en denunciar<\/a>-diariodecordoba<\/p>\n<p><a href=\"https:\/\/www.cordobabn.com\/articulo\/cordoba\/rectorado-acoge-ii-jornadas\/20211013171303110335.html\">La UCO acoge la II Jornada sobre violencia de g\u00e9nero en el mundo rural<\/a>-cordobn<strong>\u00a0<\/strong><\/p>\n<p><strong>Ciencia y Cultura<\/strong><strong>\u00a0<\/strong><\/p>\n<p><a href=\"https:\/\/www.msn.com\/es-es\/news\/espana\/el-centro-andaluz-de-las-letras-dedica-el-d-c3-ada-de-las-escritoras-a-la-figura-de-carmen-laforet\/ar-AAPwut9?ocid=BingNewsSearch\">El Centro Andaluz de las Letras dedica el D\u00eda de las Escritoras a la figura de Carmen Laforet<\/a>-msn<\/p>\n<p><a href=\"https:\/\/www.diariodejerez.es\/ocio\/Leonor-Violante-Maria-nombres-historia_0_1619839844.html\">Leonor, Violante y Mar\u00eda, tres nombres que hacen historia<\/a>-diariodejerez<\/p>\n<p><a href=\"https:\/\/www.cordobabn.com\/articulo\/provincia\/arranca-38a-edicion-palma-feria-artes-escenicas-andalucia-homenaje\/20211005193952109645.html\">Arranca la 38\u00aa edici\u00f3n de Palma Feria de Artes Esc\u00e9nicas de Andaluc\u00eda con un homenaje a la actriz Rosa D\u00edaz<\/a>-cordobabn<\/p>\n<p><a href=\"https:\/\/www.msn.com\/es-es\/news\/espana\/eutop-c3-ada-da-comienzo-este-viernes-con-actividades-relacionadas-con-los-videojuegos-emprendimiento-y-artes\/ar-AAPwmDO?ocid=BingNewsSearch\">Eutop\u00eda da comienzo este viernes con actividades relacionadas con los videojuegos, emprendimiento y artes<\/a>-msn<\/p>\n<p><strong>Deporte<\/strong><\/p>\n<p><a href=\"https:\/\/costadigital.es\/almunecar-y-la-herradura-seran-sedes-del-campeonato-de-andalucia-a8-baloncesto-cadete-femenino\/\">Almu\u00f1\u00e9car y La Herradura ser\u00e1n sedes del Campeonato de Andaluc\u00eda A8 Baloncesto cadete femenino<\/a>-costadigital<\/p>\n<\/div>\n<\/div>\n<div id=\"\" class=\"lsow-panel lsow-active\">\n<h1 class=\"lsow-panel-title\">Estado<\/h1>\n<div class=\"lsow-panel-content\">\n<p><strong>Institucional<\/strong><\/p>\n<p><a href=\"https:\/\/www.eldiario.es\/economia\/yolanda-diaz-reforma-laboral-trabajos-rapidos-noviembre-estaran-culminados_1_8398513.html\">Yolanda D\u00edaz, sobre la reforma laboral: \u00abLos trabajos van r\u00e1pidos, en noviembre estar\u00e1n culminados\u201d<\/a>-eldiario<\/p>\n<p><strong>Institucional\u00a0<\/strong><strong>\u2013<\/strong><strong>\u00a0CCAA<\/strong><\/p>\n<p><a href=\"https:\/\/www.20minutos.es\/noticia\/4855963\/0\/el-gobierno-regional-creara-los-premios-a-la-mujer-rural\/\">El Gobierno regional de Murcia crear\u00e1 los Premios a la Mujer Rural<\/a>-20minutos<\/p>\n<p><a href=\"https:\/\/www.msn.com\/es-es\/entertainment\/musica\/las-mujeres-artistas-rurales-de-arag-c3-b3n-presentan-su-proyecto-y-organizan-un-festival-multidisciplinar-en-castelflorite\/ar-AAPywca?ocid=BingNewsSearch\">Las Mujeres Artistas Rurales de Arag\u00f3n presentan su proyecto y organizan un festival multidisciplinar en Castelflorite<\/a>-msn<\/p>\n<p><a href=\"https:\/\/www.20minutos.es\/noticia\/4856016\/0\/de-la-concha-apuesta-por-reforzar-el-liderazgo-y-la-presencia-de-las-mujeres-en-el-sector-primario-y-agroalimentario\/\">De la Concha apuesta por reforzar el liderazgo y la presencia de las mujeres en el sector primario y agroalimentario<\/a>-20minutos<\/p>\n<p><a href=\"https:\/\/www.diariodeleon.es\/articulo\/castillayleon\/nueva-ley-violencia-genero-cyl-incluira-digital-vicaria\/202110151225272154955.html\">La nueva ley de Violencia de G\u00e9nero de CyL incluir\u00e1 la digital y vicaria<\/a>-diariodeleon<\/p>\n<p><strong>Econom\u00eda\u00a0y Empresa<\/strong><\/p>\n<p><a href=\"https:\/\/www.elespanol.com\/mujer\/actualidad\/20211015\/mujeres-rurales-montero-trabajo-invisible-no-reconocido\/619438429_0.html\">Las mujeres rurales: \u00abNuestro trabajo sigue siendo invisible y no reconocido\u00bb<\/a>-elespanol<\/p>\n<p><a href=\"https:\/\/www.google.com\/url?rct=j&amp;sa=t&amp;url=https:\/\/www.inmujeres.gob.es\/actualidad\/noticias\/2021\/OCTUBRE\/DesafioMujerRural.htm&amp;ct=ga&amp;cd=CAEYACoTOTMwNjY5NjgwMDk5NTU3ODczNjIZYzAzNzJlYmMyZmVhZGE1OTplczplczpFUw&amp;usg=AFQjCNF8YyZ7BWC5EQi72FvvdiH5tDf2wA\">El\u00a0Instituto\u00a0de las\u00a0Mujeres\u00a0pone en marcha el programa formativo \u00abDesaf\u00edo\u00a0Mujer\u00a0Rural &#8230;<\/a>&#8211;\u00a0Instituto de la Mujer y para la Igualdad de Oportunidades<\/p>\n<p><a href=\"https:\/\/www.equiposytalento.com\/noticias\/2021\/10\/15\/plain-concepts-lanza-un-programa-para-fomentar-la-insercion-laboral-de-mujeres-en-el-sector-tecnologico\">Plain Concepts lanza un programa para fomentar la inserci\u00f3n laboral de mujeres en el sector tecnol\u00f3gico<\/a>-equiposytalento<\/p>\n<p><strong>Actualidad<\/strong><\/p>\n<p><a href=\"https:\/\/www.infosalus.com\/actualidad\/noticia-solo-10-mujeres-espanolas-fueron-examinadas-detectar-algun-tipo-cancer-ultimo-ano-20211015113352.html\">Solo el 10% de mujeres espa\u00f1olas fueron examinadas para detectar alg\u00fan tipo de c\u00e1ncer en el \u00faltimo a\u00f1o<\/a>-infosalus<\/p>\n<p><a href=\"https:\/\/amecopress.net\/10-anos-de-activismo-por-el-feminismo-pacifista-en-Espana\">10 a\u00f1os de activismo por el feminismo pacifista en Espa\u00f1a |\u00a0\u00a0Ameco Press<\/a><\/p>\n<p><a href=\"https:\/\/www.lacerca.com\/noticias\/castilla_la_mancha\/covid-19-persistente-manera-hombres-mujeres-segun-estudio-578495-1.html\">La COVID-19 persistente afecta de manera desigual a hombres y mujeres, seg\u00fan estudio<\/a>-lacerca<\/p>\n<p><strong>Violencias<\/strong><strong>\u00a0<\/strong><\/p>\n<p><a href=\"https:\/\/amecopress.net\/Mas-mujeres-con-proteccion-policial-por-riesgo-de-violencia-de-genero\">M\u00e1s mujeres con protecci\u00f3n policial por riesgo de violencia de g\u00e9nero \u2026-Ameco Press<\/a><\/p>\n<p><a href=\"https:\/\/www.diariodesevilla.es\/mascotas\/viopet-animales-compania-violencia-machista_0_1620138277.html\">Si tienes animales de compa\u00f1\u00eda y sufres violencia machista hay un recurso para echarte una mano<\/a>-diariodesevilla<strong>\u00a0<\/strong><\/p>\n<p><strong>Ciencia y Cultura<\/strong><\/p>\n<p><a href=\"https:\/\/www.msn.com\/es-mx\/noticias\/mexico\/cinco-mujeres-y-el-premio-cervantes\/ar-AAPy5KX?ocid=BingNewsSearch\">Cinco mujeres y el Premio Cervantes<\/a>-msn<\/p>\n<p><a href=\"https:\/\/www.superdeporte.es\/ocio\/agenda\/dia-mujer-escritora-58394841.html\">D\u00eda de la mujer escritora<\/a>-superdoporte<\/p>\n<p><a href=\"https:\/\/amecopress.net\/BAFFEST-2021-el-unico-festival-dedicado-a-mujeres-fotografas-ya-tiene-ganadoras\">Ganadoras de BAFFEST 2021, \u00fanico festival dedicado a mujeres fot\u00f3grafas \u00a0\u2026-Ameco Press<\/a><\/p>\n<p><a href=\"https:\/\/www.levante-emv.com\/ocio\/agenda\/mujeres-gastronomia-mari-carmen-velez-58392728.html\">Mujeres en gastronom\u00eda con Mari Carmen V\u00e9lez, Mar\u00eda Milano, Maje Mart\u00ednez y Silvia Soria<\/a>-levante-emv<strong>\u00a0<\/strong><\/p>\n<p><strong>Deporte<\/strong><\/p>\n<p><a href=\"https:\/\/www.sport.es\/es\/noticias\/motor\/laia-sanz-20o-titulo-mundial-12260113\">Laia Sanz, a por su 20\u00ba t\u00edtulo mundial en el EnduroGP de Francia<\/a>-sport<\/p>\n<p><a href=\"https:\/\/www.msn.com\/es-es\/deportes\/tenis\/badosa-sigue-firme-ante-kerber-y-se-clasifica-para-las-semifinales-de-indian-wells\/ar-AAPykuH?ocid=BingNewsSearch\">Paula Badosa sigue firme ante Kerber y se clasifica para las semifinales de Indian Wells<\/a>-msn<\/p>\n<\/div>\n<\/div>\n<div id=\"\" class=\"lsow-panel lsow-active\">\n<h1 class=\"lsow-panel-title\">Internacional<\/h1>\n<div class=\"lsow-panel-content\">\n<p><a href=\"https:\/\/tn.com.ar\/sociedad\/2021\/10\/15\/por-que-la-onu-establecio-el-15-de-octubre-como-el-dia-internacional-de-la-mujer-rural\/\">Por qu\u00e9 la ONU estableci\u00f3 el 15 de octubre como el D\u00eda Internacional de la Mujer Rural<\/a>-todonoticias<\/p>\n<p><a href=\"https:\/\/www.lacomarca.net\/mujeres-rurales-reivindican-eje-futuro-territorio\/\">Las mujeres rurales se reivindican como eje del futuro del territorio<\/a>\u00a0\u2013<a href=\"http:\/\/lacomarca.net\/\">lacomarca.net<\/a><a href=\"https:\/\/www.google.com\/url?rct=j&amp;sa=t&amp;url=https:\/\/redib.org\/Record\/oai_articulo577517-la-integraci%25C3%25B3n-estrat%25C3%25A9gica-de-g%25C3%25A9nero-en-agencias-de-cooperaci%25C3%25B3n-internacional-la-propuesta-y-experiencia-de-oxfam-gb-en-am%25C3%25A9rica-del-sur&amp;ct=ga&amp;cd=CAEYACoUMTYzMDM2MjM5MjAyMDM4NTU4NjEyGTU5ZDc4MTcxMzZhMmQwMjg6ZXM6ZXM6RVM&amp;usg=AFQjCNGBLOXJJFszdLF8OhrOvjhJbL9ggQ\"><br \/>\nLa integraci\u00f3n estrat\u00e9gica de\u00a0g\u00e9nero\u00a0en agencias de\u00a0cooperaci\u00f3n\u00a0internacional&#8230;<\/a>-redib<\/p>\n<p><a href=\"https:\/\/www.eldiario.es\/politica\/navalni-mujeres-afganas-anez-finalistas-premio-sajarov-2021_1_8395492.html\">Navalni, las mujeres afganas y \u00c1\u00f1ez, finalistas al premio S\u00e1jarov de 2021<\/a>-eldiario<\/p>\n<p><a href=\"https:\/\/www.pulselive.co.ke\/sports\/rip-agnes-jebet-tirop-dead-at-only-25\/rhs53ss\">RIP Agnes Jebet Tirop: dead at only 25 |\u00a0<\/a>-pulselive<\/p>\n<\/div>\n<\/div>\n<\/div><\/div><\/div><\/div><\/div>\n","protected":false},"excerpt":{"rendered":"<p>Las mujeres rurales se reivindican como eje del futuro del territorio * Solo 10% de espa\u00f1olas examinadas para detectar alg\u00fan c\u00e1ncer en 2020 * Cinco mujeres y el Premio Cervantes * Laia Sanz a por su 20\u00ba t\u00edtulo mundial<\/p>\n","protected":false},"author":3,"featured_media":22909,"comment_status":"closed","ping_status":"closed","sticky":false,"template":"","format":"standard","meta":{"footnotes":""},"categories":[298,621],"tags":[280],"class_list":["post-15589","post","type-post","status-publish","format-standard","has-post-thumbnail","hentry","category-newsletter","category-nwl-3-0","tag-mujeres-rurales"],"yoast_head":"<!-- This site is optimized with the Yoast SEO plugin v27.5 - https:\/\/yoast.com\/product\/yoast-seo-wordpress\/ -->\n<title>Noticias Info CKL n\u00ba 2626-15\/10\/21-Comunicar con perspectiva de g\u00e9nero<\/title>\n<meta name=\"description\" content=\"Las mujeres rurales se reivindican como eje del futuro del territorio * Solo 10% de espa\u00f1olas examinadas para detectar alg\u00fan c\u00e1ncer en 2020 * Cinco mujeres y el Premio Cervantes * Laia Sanz a por su 20\u00ba t\u00edtulo mundial\" \/>\n<meta name=\"robots\" content=\"index, follow, max-snippet:-1, max-image-preview:large, max-video-preview:-1\" \/>\n<link rel=\"canonical\" href=\"https:\/\/cklcomunicaciones.es\/coop\/noticias-info-ckl-no-2626-15-10-21\/\" \/>\n<meta property=\"og:locale\" content=\"es_ES\" \/>\n<meta property=\"og:type\" content=\"article\" \/>\n<meta property=\"og:title\" content=\"Noticias Info CKL n\u00ba 2626-15\/10\/21-Comunicar con perspectiva de g\u00e9nero\" \/>\n<meta property=\"og:description\" content=\"Las mujeres rurales se reivindican como eje del futuro del territorio * Solo 10% de espa\u00f1olas examinadas para detectar alg\u00fan c\u00e1ncer en 2020 * Cinco mujeres y el Premio Cervantes * Laia Sanz a por su 20\u00ba t\u00edtulo mundial\" \/>\n<meta property=\"og:url\" content=\"https:\/\/cklcomunicaciones.es\/coop\/noticias-info-ckl-no-2626-15-10-21\/\" \/>\n<meta property=\"og:site_name\" content=\"CKL Comunicaciones\" \/>\n<meta property=\"article:published_time\" content=\"2021-10-15T11:16:16+00:00\" \/>\n<meta property=\"article:modified_time\" content=\"2025-02-09T19:57:00+00:00\" \/>\n<meta property=\"og:image\" content=\"https:\/\/cklcomunicaciones.es\/coop\/wp-content\/uploads\/2025\/01\/CKL-una-mirada-distinta-de-la-comunicacion.jpg\" \/>\n\t<meta property=\"og:image:width\" content=\"1482\" \/>\n\t<meta property=\"og:image:height\" content=\"775\" \/>\n\t<meta property=\"og:image:type\" content=\"image\/jpeg\" \/>\n<meta name=\"author\" content=\"ckl\" \/>\n<meta name=\"twitter:card\" content=\"summary_large_image\" \/>\n<meta name=\"twitter:label1\" content=\"Escrito por\" \/>\n\t<meta name=\"twitter:data1\" content=\"ckl\" \/>\n\t<meta name=\"twitter:label2\" content=\"Tiempo de lectura\" \/>\n\t<meta name=\"twitter:data2\" content=\"6 minutos\" \/>\n<script type=\"application\/ld+json\" class=\"yoast-schema-graph\">{\"@context\":\"https:\\\/\\\/schema.org\",\"@graph\":[{\"@type\":\"Article\",\"@id\":\"https:\\\/\\\/cklcomunicaciones.es\\\/coop\\\/noticias-info-ckl-no-2626-15-10-21\\\/#article\",\"isPartOf\":{\"@id\":\"https:\\\/\\\/cklcomunicaciones.es\\\/coop\\\/noticias-info-ckl-no-2626-15-10-21\\\/\"},\"author\":{\"name\":\"ckl\",\"@id\":\"https:\\\/\\\/cklcomunicaciones.es\\\/coop\\\/#\\\/schema\\\/person\\\/929a6837f7626450bbb50cee1aef266e\"},\"headline\":\"Noticias Info CKL n\u00ba 2626-15\\\/10\\\/21\",\"datePublished\":\"2021-10-15T11:16:16+00:00\",\"dateModified\":\"2025-02-09T19:57:00+00:00\",\"mainEntityOfPage\":{\"@id\":\"https:\\\/\\\/cklcomunicaciones.es\\\/coop\\\/noticias-info-ckl-no-2626-15-10-21\\\/\"},\"wordCount\":1135,\"image\":{\"@id\":\"https:\\\/\\\/cklcomunicaciones.es\\\/coop\\\/noticias-info-ckl-no-2626-15-10-21\\\/#primaryimage\"},\"thumbnailUrl\":\"https:\\\/\\\/cklcomunicaciones.es\\\/coop\\\/wp-content\\\/uploads\\\/2025\\\/01\\\/CKL-una-mirada-distinta-de-la-comunicacion.jpg\",\"keywords\":[\"mujeres rurales\"],\"articleSection\":[\"Newsletter\",\"Nwl v3.0\"],\"inLanguage\":\"es\"},{\"@type\":\"WebPage\",\"@id\":\"https:\\\/\\\/cklcomunicaciones.es\\\/coop\\\/noticias-info-ckl-no-2626-15-10-21\\\/\",\"url\":\"https:\\\/\\\/cklcomunicaciones.es\\\/coop\\\/noticias-info-ckl-no-2626-15-10-21\\\/\",\"name\":\"Noticias Info CKL n\u00ba 2626-15\\\/10\\\/21-Comunicar con perspectiva de g\u00e9nero\",\"isPartOf\":{\"@id\":\"https:\\\/\\\/cklcomunicaciones.es\\\/coop\\\/#website\"},\"primaryImageOfPage\":{\"@id\":\"https:\\\/\\\/cklcomunicaciones.es\\\/coop\\\/noticias-info-ckl-no-2626-15-10-21\\\/#primaryimage\"},\"image\":{\"@id\":\"https:\\\/\\\/cklcomunicaciones.es\\\/coop\\\/noticias-info-ckl-no-2626-15-10-21\\\/#primaryimage\"},\"thumbnailUrl\":\"https:\\\/\\\/cklcomunicaciones.es\\\/coop\\\/wp-content\\\/uploads\\\/2025\\\/01\\\/CKL-una-mirada-distinta-de-la-comunicacion.jpg\",\"datePublished\":\"2021-10-15T11:16:16+00:00\",\"dateModified\":\"2025-02-09T19:57:00+00:00\",\"author\":{\"@id\":\"https:\\\/\\\/cklcomunicaciones.es\\\/coop\\\/#\\\/schema\\\/person\\\/929a6837f7626450bbb50cee1aef266e\"},\"description\":\"Las mujeres rurales se reivindican como eje del futuro del territorio * Solo 10% de espa\u00f1olas examinadas para detectar alg\u00fan c\u00e1ncer en 2020 * Cinco mujeres y el Premio Cervantes * Laia Sanz a por su 20\u00ba t\u00edtulo mundial\",\"breadcrumb\":{\"@id\":\"https:\\\/\\\/cklcomunicaciones.es\\\/coop\\\/noticias-info-ckl-no-2626-15-10-21\\\/#breadcrumb\"},\"inLanguage\":\"es\",\"potentialAction\":[{\"@type\":\"ReadAction\",\"target\":[\"https:\\\/\\\/cklcomunicaciones.es\\\/coop\\\/noticias-info-ckl-no-2626-15-10-21\\\/\"]}]},{\"@type\":\"ImageObject\",\"inLanguage\":\"es\",\"@id\":\"https:\\\/\\\/cklcomunicaciones.es\\\/coop\\\/noticias-info-ckl-no-2626-15-10-21\\\/#primaryimage\",\"url\":\"https:\\\/\\\/cklcomunicaciones.es\\\/coop\\\/wp-content\\\/uploads\\\/2025\\\/01\\\/CKL-una-mirada-distinta-de-la-comunicacion.jpg\",\"contentUrl\":\"https:\\\/\\\/cklcomunicaciones.es\\\/coop\\\/wp-content\\\/uploads\\\/2025\\\/01\\\/CKL-una-mirada-distinta-de-la-comunicacion.jpg\",\"width\":1482,\"height\":775,\"caption\":\"CKL - una mirada distinta de la comunicacion\"},{\"@type\":\"BreadcrumbList\",\"@id\":\"https:\\\/\\\/cklcomunicaciones.es\\\/coop\\\/noticias-info-ckl-no-2626-15-10-21\\\/#breadcrumb\",\"itemListElement\":[{\"@type\":\"ListItem\",\"position\":1,\"name\":\"Portada\",\"item\":\"https:\\\/\\\/cklcomunicaciones.es\\\/coop\\\/\"},{\"@type\":\"ListItem\",\"position\":2,\"name\":\"Noticias Info CKL n\u00ba 2626-15\\\/10\\\/21\"}]},{\"@type\":\"WebSite\",\"@id\":\"https:\\\/\\\/cklcomunicaciones.es\\\/coop\\\/#website\",\"url\":\"https:\\\/\\\/cklcomunicaciones.es\\\/coop\\\/\",\"name\":\"CKL Comunicaciones\",\"description\":\"Sitio web de CKL Comunicaciones coop , la consultora de comunicaci\u00f3n y estrategia\",\"potentialAction\":[{\"@type\":\"SearchAction\",\"target\":{\"@type\":\"EntryPoint\",\"urlTemplate\":\"https:\\\/\\\/cklcomunicaciones.es\\\/coop\\\/?s={search_term_string}\"},\"query-input\":{\"@type\":\"PropertyValueSpecification\",\"valueRequired\":true,\"valueName\":\"search_term_string\"}}],\"inLanguage\":\"es\"},{\"@type\":\"Person\",\"@id\":\"https:\\\/\\\/cklcomunicaciones.es\\\/coop\\\/#\\\/schema\\\/person\\\/929a6837f7626450bbb50cee1aef266e\",\"name\":\"ckl\",\"image\":{\"@type\":\"ImageObject\",\"inLanguage\":\"es\",\"@id\":\"https:\\\/\\\/secure.gravatar.com\\\/avatar\\\/c82db564e8a669bf6023357a157b9dc4780f4d4c618f2ad1d71a6a5dede45057?s=96&d=mm&r=g\",\"url\":\"https:\\\/\\\/secure.gravatar.com\\\/avatar\\\/c82db564e8a669bf6023357a157b9dc4780f4d4c618f2ad1d71a6a5dede45057?s=96&d=mm&r=g\",\"contentUrl\":\"https:\\\/\\\/secure.gravatar.com\\\/avatar\\\/c82db564e8a669bf6023357a157b9dc4780f4d4c618f2ad1d71a6a5dede45057?s=96&d=mm&r=g\",\"caption\":\"ckl\"},\"url\":\"https:\\\/\\\/cklcomunicaciones.es\\\/coop\\\/author\\\/cklcomunicaciones\\\/\"}]}<\/script>\n<!-- \/ Yoast SEO plugin. -->","yoast_head_json":{"title":"Noticias Info CKL n\u00ba 2626-15\/10\/21-Comunicar con perspectiva de g\u00e9nero","description":"Las mujeres rurales se reivindican como eje del futuro del territorio * Solo 10% de espa\u00f1olas examinadas para detectar alg\u00fan c\u00e1ncer en 2020 * Cinco mujeres y el Premio Cervantes * Laia Sanz a por su 20\u00ba t\u00edtulo mundial","robots":{"index":"index","follow":"follow","max-snippet":"max-snippet:-1","max-image-preview":"max-image-preview:large","max-video-preview":"max-video-preview:-1"},"canonical":"https:\/\/cklcomunicaciones.es\/coop\/noticias-info-ckl-no-2626-15-10-21\/","og_locale":"es_ES","og_type":"article","og_title":"Noticias Info CKL n\u00ba 2626-15\/10\/21-Comunicar con perspectiva de g\u00e9nero","og_description":"Las mujeres rurales se reivindican como eje del futuro del territorio * Solo 10% de espa\u00f1olas examinadas para detectar alg\u00fan c\u00e1ncer en 2020 * Cinco mujeres y el Premio Cervantes * Laia Sanz a por su 20\u00ba t\u00edtulo mundial","og_url":"https:\/\/cklcomunicaciones.es\/coop\/noticias-info-ckl-no-2626-15-10-21\/","og_site_name":"CKL Comunicaciones","article_published_time":"2021-10-15T11:16:16+00:00","article_modified_time":"2025-02-09T19:57:00+00:00","og_image":[{"width":1482,"height":775,"url":"https:\/\/cklcomunicaciones.es\/coop\/wp-content\/uploads\/2025\/01\/CKL-una-mirada-distinta-de-la-comunicacion.jpg","type":"image\/jpeg"}],"author":"ckl","twitter_card":"summary_large_image","twitter_misc":{"Escrito por":"ckl","Tiempo de lectura":"6 minutos"},"schema":{"@context":"https:\/\/schema.org","@graph":[{"@type":"Article","@id":"https:\/\/cklcomunicaciones.es\/coop\/noticias-info-ckl-no-2626-15-10-21\/#article","isPartOf":{"@id":"https:\/\/cklcomunicaciones.es\/coop\/noticias-info-ckl-no-2626-15-10-21\/"},"author":{"name":"ckl","@id":"https:\/\/cklcomunicaciones.es\/coop\/#\/schema\/person\/929a6837f7626450bbb50cee1aef266e"},"headline":"Noticias Info CKL n\u00ba 2626-15\/10\/21","datePublished":"2021-10-15T11:16:16+00:00","dateModified":"2025-02-09T19:57:00+00:00","mainEntityOfPage":{"@id":"https:\/\/cklcomunicaciones.es\/coop\/noticias-info-ckl-no-2626-15-10-21\/"},"wordCount":1135,"image":{"@id":"https:\/\/cklcomunicaciones.es\/coop\/noticias-info-ckl-no-2626-15-10-21\/#primaryimage"},"thumbnailUrl":"https:\/\/cklcomunicaciones.es\/coop\/wp-content\/uploads\/2025\/01\/CKL-una-mirada-distinta-de-la-comunicacion.jpg","keywords":["mujeres rurales"],"articleSection":["Newsletter","Nwl v3.0"],"inLanguage":"es"},{"@type":"WebPage","@id":"https:\/\/cklcomunicaciones.es\/coop\/noticias-info-ckl-no-2626-15-10-21\/","url":"https:\/\/cklcomunicaciones.es\/coop\/noticias-info-ckl-no-2626-15-10-21\/","name":"Noticias Info CKL n\u00ba 2626-15\/10\/21-Comunicar con perspectiva de g\u00e9nero","isPartOf":{"@id":"https:\/\/cklcomunicaciones.es\/coop\/#website"},"primaryImageOfPage":{"@id":"https:\/\/cklcomunicaciones.es\/coop\/noticias-info-ckl-no-2626-15-10-21\/#primaryimage"},"image":{"@id":"https:\/\/cklcomunicaciones.es\/coop\/noticias-info-ckl-no-2626-15-10-21\/#primaryimage"},"thumbnailUrl":"https:\/\/cklcomunicaciones.es\/coop\/wp-content\/uploads\/2025\/01\/CKL-una-mirada-distinta-de-la-comunicacion.jpg","datePublished":"2021-10-15T11:16:16+00:00","dateModified":"2025-02-09T19:57:00+00:00","author":{"@id":"https:\/\/cklcomunicaciones.es\/coop\/#\/schema\/person\/929a6837f7626450bbb50cee1aef266e"},"description":"Las mujeres rurales se reivindican como eje del futuro del territorio * Solo 10% de espa\u00f1olas examinadas para detectar alg\u00fan c\u00e1ncer en 2020 * Cinco mujeres y el Premio Cervantes * Laia Sanz a por su 20\u00ba t\u00edtulo mundial","breadcrumb":{"@id":"https:\/\/cklcomunicaciones.es\/coop\/noticias-info-ckl-no-2626-15-10-21\/#breadcrumb"},"inLanguage":"es","potentialAction":[{"@type":"ReadAction","target":["https:\/\/cklcomunicaciones.es\/coop\/noticias-info-ckl-no-2626-15-10-21\/"]}]},{"@type":"ImageObject","inLanguage":"es","@id":"https:\/\/cklcomunicaciones.es\/coop\/noticias-info-ckl-no-2626-15-10-21\/#primaryimage","url":"https:\/\/cklcomunicaciones.es\/coop\/wp-content\/uploads\/2025\/01\/CKL-una-mirada-distinta-de-la-comunicacion.jpg","contentUrl":"https:\/\/cklcomunicaciones.es\/coop\/wp-content\/uploads\/2025\/01\/CKL-una-mirada-distinta-de-la-comunicacion.jpg","width":1482,"height":775,"caption":"CKL - una mirada distinta de la comunicacion"},{"@type":"BreadcrumbList","@id":"https:\/\/cklcomunicaciones.es\/coop\/noticias-info-ckl-no-2626-15-10-21\/#breadcrumb","itemListElement":[{"@type":"ListItem","position":1,"name":"Portada","item":"https:\/\/cklcomunicaciones.es\/coop\/"},{"@type":"ListItem","position":2,"name":"Noticias Info CKL n\u00ba 2626-15\/10\/21"}]},{"@type":"WebSite","@id":"https:\/\/cklcomunicaciones.es\/coop\/#website","url":"https:\/\/cklcomunicaciones.es\/coop\/","name":"CKL Comunicaciones","description":"Sitio web de CKL Comunicaciones coop , la consultora de comunicaci\u00f3n y estrategia","potentialAction":[{"@type":"SearchAction","target":{"@type":"EntryPoint","urlTemplate":"https:\/\/cklcomunicaciones.es\/coop\/?s={search_term_string}"},"query-input":{"@type":"PropertyValueSpecification","valueRequired":true,"valueName":"search_term_string"}}],"inLanguage":"es"},{"@type":"Person","@id":"https:\/\/cklcomunicaciones.es\/coop\/#\/schema\/person\/929a6837f7626450bbb50cee1aef266e","name":"ckl","image":{"@type":"ImageObject","inLanguage":"es","@id":"https:\/\/secure.gravatar.com\/avatar\/c82db564e8a669bf6023357a157b9dc4780f4d4c618f2ad1d71a6a5dede45057?s=96&d=mm&r=g","url":"https:\/\/secure.gravatar.com\/avatar\/c82db564e8a669bf6023357a157b9dc4780f4d4c618f2ad1d71a6a5dede45057?s=96&d=mm&r=g","contentUrl":"https:\/\/secure.gravatar.com\/avatar\/c82db564e8a669bf6023357a157b9dc4780f4d4c618f2ad1d71a6a5dede45057?s=96&d=mm&r=g","caption":"ckl"},"url":"https:\/\/cklcomunicaciones.es\/coop\/author\/cklcomunicaciones\/"}]}},"_links":{"self":[{"href":"https:\/\/cklcomunicaciones.es\/coop\/wp-json\/wp\/v2\/posts\/15589","targetHints":{"allow":["GET"]}}],"collection":[{"href":"https:\/\/cklcomunicaciones.es\/coop\/wp-json\/wp\/v2\/posts"}],"about":[{"href":"https:\/\/cklcomunicaciones.es\/coop\/wp-json\/wp\/v2\/types\/post"}],"author":[{"embeddable":true,"href":"https:\/\/cklcomunicaciones.es\/coop\/wp-json\/wp\/v2\/users\/3"}],"replies":[{"embeddable":true,"href":"https:\/\/cklcomunicaciones.es\/coop\/wp-json\/wp\/v2\/comments?post=15589"}],"version-history":[{"count":0,"href":"https:\/\/cklcomunicaciones.es\/coop\/wp-json\/wp\/v2\/posts\/15589\/revisions"}],"wp:featuredmedia":[{"embeddable":true,"href":"https:\/\/cklcomunicaciones.es\/coop\/wp-json\/wp\/v2\/media\/22909"}],"wp:attachment":[{"href":"https:\/\/cklcomunicaciones.es\/coop\/wp-json\/wp\/v2\/media?parent=15589"}],"wp:term":[{"taxonomy":"category","embeddable":true,"href":"https:\/\/cklcomunicaciones.es\/coop\/wp-json\/wp\/v2\/categories?post=15589"},{"taxonomy":"post_tag","embeddable":true,"href":"https:\/\/cklcomunicaciones.es\/coop\/wp-json\/wp\/v2\/tags?post=15589"}],"curies":[{"name":"wp","href":"https:\/\/api.w.org\/{rel}","templated":true}]}}