{"id":15576,"date":"2021-10-04T15:05:34","date_gmt":"2021-10-04T13:05:34","guid":{"rendered":"https:\/\/www.cklcomunicaciones.es\/?p=15576"},"modified":"2025-02-09T21:35:02","modified_gmt":"2025-02-09T20:35:02","slug":"noticias-info-ckl-no-2622-04-10-21","status":"publish","type":"post","link":"https:\/\/cklcomunicaciones.es\/coop\/noticias-info-ckl-no-2622-04-10-21\/","title":{"rendered":"Noticias Info CKL n\u00ba 2622-04\/10\/21"},"content":{"rendered":"<div class=\"fusion-fullwidth fullwidth-box fusion-builder-row-1 fusion-flex-container nonhundred-percent-fullwidth non-hundred-percent-height-scrolling\" style=\"--awb-border-radius-top-left:0px;--awb-border-radius-top-right:0px;--awb-border-radius-bottom-right:0px;--awb-border-radius-bottom-left:0px;--awb-flex-wrap:wrap;\" ><div class=\"fusion-builder-row fusion-row fusion-flex-align-items-flex-start fusion-flex-content-wrap\" style=\"max-width:1248px;margin-left: calc(-4% \/ 2 );margin-right: calc(-4% \/ 2 );\"><div class=\"fusion-layout-column fusion_builder_column fusion-builder-column-0 fusion_builder_column_1_1 1_1 fusion-flex-column\" style=\"--awb-bg-blend:overlay;--awb-bg-size:cover;--awb-width-large:100%;--awb-margin-top-large:0px;--awb-spacing-right-large:1.92%;--awb-margin-bottom-large:0px;--awb-spacing-left-large:1.92%;--awb-width-medium:100%;--awb-spacing-right-medium:1.92%;--awb-spacing-left-medium:1.92%;--awb-width-small:100%;--awb-spacing-right-small:1.92%;--awb-spacing-left-small:1.92%;\"><div class=\"fusion-column-wrapper fusion-flex-justify-content-flex-start fusion-content-layout-column\"><div class=\"fusion-text fusion-text-1\"><div id=\"\" class=\"lsow-panel lsow-active\">\n<h1 class=\"lsow-panel-title\">Convocatorias<\/h1>\n<div class=\"lsow-panel-content\">\n<ul>\n<li><a href=\"https:\/\/fundacioniniciativasocial.es\/iniciativa21oct21\/\">Iniciativa Sevilla #21OCT21 &#8216;Hombres por la Igualdad&#8217;<\/a>:\u00a0Acto de inauguraci\u00f3n (19 de octubre de 18:00 a 20 h.); Foro Internacional &#8216;Masculinidades Igualitarias y Justicia de G\u00e9nero (20 de octubre de 9:00 a 18:00 h.); Agenda Feminista sobre Hombres y Masculinidades (21 de octubre de 9:00 a 18:00 h.);\u00a0<a href=\"http:\/\/www.juntadeandalucia.es\/iam\/catalogo\/doc\/convocatorias\/2021-genero\/SE-21oct21-hombres-igualdad-manifestacion.jpg\" rel=\"prettyPhoto&#091;15576&#093;\">Manifestaci\u00f3n\u00a0<\/a><a href=\"http:\/\/www.juntadeandalucia.es\/iam\/catalogo\/doc\/convocatorias\/2021-genero\/SE-21oct21-hombres-igualdad-manifestacion.jpg\" rel=\"prettyPhoto&#091;15576&#093;\">&#8216;Hombres Contra las Violencias Machistas&#8217;<\/a><u><\/u>(21 de octubre de 19:00 a 21:00 h.); Encuentro Europeo &#8216;Hacia una Agenda Feminista sobre Hombres y Masculinidades&#8217; (22 de octubre de 10:00 a 18 h.). Fundaci\u00f3n\u00a0Iniciativa\u00a0Social y Foro de Hombres por la Igualdad de Sevilla.\u00a0<a href=\"http:\/\/www.juntadeandalucia.es\/iam\/catalogo\/doc\/convocatorias\/2021-genero\/SE-21oct21-hombres-igualdad-programa.pdf\">M\u00e1s informaci\u00f3n<\/a><\/li>\n<li><a href=\"https:\/\/www.juntadeandalucia.es\/institutodelamujer\/catalogo\/doc\/convocatorias\/2021-iam\/SE-jornada-endometriosis.pdf\">Jornada sobre Salud con Perspectiva de G\u00e9nero &#8216;Endometriosis: Conocimiento, Cuidado y Prevenci\u00f3n&#8217;<\/a>. Instituto Andaluz de la Mujer. 5 de octubre de 10:00 a 13:30 h.<\/li>\n<\/ul>\n<\/div>\n<\/div>\n<div id=\"\" class=\"lsow-panel lsow-active\">\n<h1 class=\"lsow-panel-title\">Comunicaci\u00f3n, Publicidad y TICs<\/h1>\n<div class=\"lsow-panel-content\">\n<p><a href=\"https:\/\/www.google.com\/url?rct=j&amp;sa=t&amp;url=https:\/\/www.elespanol.com\/invertia\/disruptores-innovadores\/opinion\/20211004\/mujer-digital-futuro-ahora\/616308370_12.html&amp;ct=ga&amp;cd=CAEYASoTNjk2MjQ1NjY3MDE4MDkwMTMyMjIZYzAzNzJlYmMyZmVhZGE1OTplczplczpFUw&amp;usg=AFQjCNH7VfM0v804H5bOkXjQS1NSJIBJgg\">La\u00a0mujer\u00a0en la era digital: el futuro es ahora\u00a0<\/a>-elespanol<a href=\"https:\/\/www.google.com\/url?rct=j&amp;sa=t&amp;url=https:\/\/www.eldiario.es\/aragon\/sociedad\/secuelas-agresiones-digitales-son-equiparables-secuestros_128_8360188.html&amp;ct=ga&amp;cd=CAEYACoUMTU2ODg1OTIyOTg5Mzk2MTY0OTcyGWUxZTc3ZDE1NjA5OGE4ZTM6ZXM6ZXM6RVM&amp;usg=AFQjCNFSkUx1YWzmtFTED5BlRPxyPwPt5Q\"><br \/>\n\u201cLas secuelas de las agresiones digitales son equiparables a las de los secuestros\u201d<\/a>-eldiario<a href=\"https:\/\/www.google.com\/url?rct=j&amp;sa=t&amp;url=https:\/\/www.animalpolitico.com\/2021\/10\/mujeres-rompiendo-brechas-digitales-genero-tecnologia\/&amp;ct=ga&amp;cd=CAEYACoTNTQzMDI3MTA3MDI2OTk4MjEwMTIZZTFlNzdkMTU2MDk4YThlMzplczplczpFUw&amp;usg=AFQjCNGq84PlFk7vHAJ1WAnK414-jgjqug\"><br \/>\nC\u00f3mo las mujeres rompen las brechas digitales y de\u00a0g\u00e9nero\u00a0en\u00a0tecnolog\u00eda<\/a>-animalpolitico<a href=\"https:\/\/www.google.com\/url?rct=j&amp;sa=t&amp;url=https:\/\/www.farodevigo.es\/sociedad\/2021\/10\/04\/detectamos-tendencias-suicidas-redes-sociales-57973064.html&amp;ct=ga&amp;cd=CAEYACoUMTI5OTMxNjE2Mzc1ODk4MTUzNjMyGWMwMzcyZWJjMmZlYWRhNTk6ZXM6ZXM6RVM&amp;usg=AFQjCNH2Mn5V6CO0NVslQi94v5JVPLnPwg\"><br \/>\n\u201cDetectamos tendencias suicidas en redes sociales a trav\u00e9s de algoritmos\u201d<\/a>-farodevigo<\/p>\n<\/div>\n<\/div>\n<div id=\"\" class=\"lsow-panel lsow-active\">\n<h1 class=\"lsow-panel-title\">Andaluc\u00eda<\/h1>\n<div class=\"lsow-panel-content\">\n<p><strong>Econom\u00eda y Empresas<\/strong><strong>\u00a0<\/strong><strong>\u00a0<\/strong><a href=\"https:\/\/www.google.com\/url?rct=j&amp;sa=t&amp;url=https:\/\/www.europapress.es\/esandalucia\/jaen\/noticia-junta-subraya-emprendimiento-femenino-crea-economias-mas-fuertes-justas-igualitarias-20211001194036.html&amp;ct=ga&amp;cd=CAEYACoTNzAzNDkzMjc0MzIxNTY0ODE3ODIbOWFiMWNkZDdlMzY2ZWYzODplczplczpFUzpS&amp;usg=AFQjCNHIKIAft8Z5u7m5HvRLTr2ZxBs_ZQ\"><br \/>\nLa Junta subraya que el emprendimiento femenino crea \u00abeconom\u00edas m\u00e1s fuertes, justas e igualitarias &#8230;<\/a>&#8211;\u00a0Europa Press<\/p>\n<p><a href=\"https:\/\/www.google.com\/url?rct=j&amp;sa=t&amp;url=https:\/\/www.pressdigital.es\/texto-diario\/mostrar\/3219598\/europa-press-andalucia-organiza-6-7-octubre-foro-economico-empresarios-politicos&amp;ct=ga&amp;cd=CAEYACoTMzg4NjEzMDM3NTUyMTg0MjkzNDIZZDc4ZTU4NzVhMGYxZjJhYzplczplczpFUw&amp;usg=AFQjCNGS0RQ0dPnPboaiFIOOT2NwEZhS8g\">Europa Press\u00a0Andaluc\u00eda\u00a0organiza el 6 y 7 de octubre un foro\u00a0econ\u00f3mico\u00a0con empresarios y pol\u00edticos<\/a>&#8211;\u00a0Pressdigital<\/p>\n<p><a href=\"https:\/\/andaluciainformacion.es\/?id_articulo=999105&amp;temporal=1\">CCOO y UGT convocan una manifestaci\u00f3n contra la gesti\u00f3n de la Junta el pr\u00f3ximo jueves\u2026-andaluciainformacion<\/a><a href=\"https:\/\/www.google.com\/url?rct=j&amp;sa=t&amp;url=https:\/\/www.diariosur.es\/andalucia\/datos-paro-andalucia-septiembre-20211004101502-nt.html&amp;ct=ga&amp;cd=CAEYACoTNTc4Mjg0MjQwMzIyNDAwNzY0NDIZZDc4ZTU4NzVhMGYxZjJhYzplczplczpFUw&amp;usg=AFQjCNH9MTzD0wvo9Mqj5udU5U3n8Jkgjg\"><br \/>\nEl desempleo sube en\u00a0Andaluc\u00eda\u00a0en 4.416 personas en septiembre tras seis meses a la baja<\/a>-surdigital<a href=\"https:\/\/www.google.com\/url?rct=j&amp;sa=t&amp;url=https:\/\/www.europapress.es\/andalucia\/noticia-castilla-ugt-ve-datos-paro-dia-marmota-precariedad-mas-desempleo-andalucia-20211004130409.html&amp;ct=ga&amp;cd=CAEYAyoTNTc4Mjg0MjQwMzIyNDAwNzY0NDIZZDc4ZTU4NzVhMGYxZjJhYzplczplczpFUw&amp;usg=AFQjCNHWqOqWWsMm2B0uEgvnjaE8r4eE9g\"><br \/>\nCastilla (UGT-A) ve en los datos del paro un \u00abd\u00eda de la marmota\u00bb, con precariedad y &#8230;<\/a>-europapress<strong>\u00a0<\/strong><\/p>\n<p><strong>Actualidad<\/strong><\/p>\n<p><a href=\"https:\/\/www.google.com\/url?rct=j&amp;sa=t&amp;url=http:\/\/www.juntadeandalucia.es\/presidencia\/portavoz\/164830\/masculinidadesigualitarias\/alianza\/mujeres\/hombres\/igualdad\/ConsejeriadeIgualdad\/RocioRuiz&amp;ct=ga&amp;cd=CAEYACoUMTAwMzM2NjUwODgxNzIzNzYyNjcyGzlhYjFjZGQ3ZTM2NmVmMzg6ZXM6ZXM6RVM6Ug&amp;usg=AFQjCNFkzlAilR8ubw3vPfCVITaxfQesVA\">Masculinidades igualitarias: una alianza entre\u00a0mujeres\u00a0y hombres para alcanzar la igualdad\u00a0<\/a>-juntadeandalucia<a href=\"https:\/\/www.google.com\/url?rct=j&amp;sa=t&amp;url=https:\/\/www.europapress.es\/andalucia\/federacion-andaluza-municipios-provincias-01122\/noticia-famp-asiste-cumbre-babyboom-transformacion-cuidados-organizada-ceaps-fundacion-caixa-20211001153547.html&amp;ct=ga&amp;cd=CAEYACoTNDEyOTkzNDI0Njc5OTA4NTkxODIZZDc4ZTU4NzVhMGYxZjJhYzplczplczpFUw&amp;usg=AFQjCNEqfesxSyUUF5G12Np702aX6kSvqA\"><br \/>\nLa FAMP asiste a &#8216;Cumbre del Babyboom y la transformaci\u00f3n de los cuidados&#8217;, organizada &#8230;<\/a>-europapress<\/p>\n<p><a href=\"https:\/\/www.google.com\/url?rct=j&amp;sa=t&amp;url=https:\/\/www.elespanol.com\/malaga\/vivir\/salud\/20211003\/mariela-checa-queremos-colegiados-copao-puedan-despues\/616438621_0.html&amp;ct=ga&amp;cd=CAEYBCoUMTI5MTc4ODc1OTYxNzU1NzQyNzEyGWMwMzcyZWJjMmZlYWRhNTk6ZXM6ZXM6RVM&amp;usg=AFQjCNG01mFafSV3KbZP2BjgtyRZZSsndg\">Mariela Checa: \u00abQueremos que los colegiados del COPAO puedan votar despu\u00e9s de m\u00e1s &#8230;<\/a>&#8211;\u00a0El Espa\u00f1ol<a href=\"https:\/\/www.google.com\/url?rct=j&amp;sa=t&amp;url=https:\/\/www.europapress.es\/andalucia\/noticia-defensor-infancia-adolescencia-andalucia-convoca-xiv-premio-dibujo-video-asi-veo-derechos-20211001175956.html&amp;ct=ga&amp;cd=CAEYAioUMTYzMjI0NDE4ODM3MTI1MTk4MTIyGWVhOTI1ODA0ZDY3ZjI3YjM6ZXM6ZXM6RVM&amp;usg=AFQjCNF64fs8fBAlgU3CcQaVJ2KOvOLKfQ\"><br \/>\nEl Defensor de la Infancia y Adolescencia de\u00a0Andaluc\u00eda\u00a0convoca el XIV Premio de dibujo y &#8230;<\/a>-europapress<\/p>\n<p><a href=\"https:\/\/www.elespanol.com\/espana\/20211004\/asignatura-religion-igualdad-hombre-mujer-potenciar-capacidades-afectivas\/616938756_0.html\">La nueva asignatura de Religi\u00f3n: m\u00e1s igualdad hombre-mujer y potenciar las capacidades afectivas<\/a>-elespanol<\/p>\n<p><strong>Violencias<\/strong><\/p>\n<p><a href=\"https:\/\/www.larazon.es\/andalucia\/20211001\/rc4qkxyayfbivepcvkhszxnhpy.html\">Las denuncias por violencia de g\u00e9nero aumentan un 22,7% en Andaluc\u00eda<\/a>-larazon<\/p>\n<p><strong>Ciencia y Cultura<\/strong><strong>\u00a0<\/strong><a href=\"https:\/\/www.google.com\/url?rct=j&amp;sa=t&amp;url=https:\/\/huelva24.com\/art\/153921\/uhu-aprueba-diez-micro-proyectos-de-investigacion-sobre-la-provincia-por-24200-euros&amp;ct=ga&amp;cd=CAEYACoTNjM2MTY2MDI1MjA5MDE1NzEwNjIZNTlkNzgxNzEzNmEyZDAyODplczplczpFUw&amp;usg=AFQjCNFJopZTv2whQ8scgpZNhFgo5P7bHw\"><br \/>\nUHU aprueba diez micro proyectos de investigaci\u00f3n sobre la provincia por 24.200\u20ac<\/a>&#8211;<a href=\"http:\/\/huelva.com\/\">huelva.com<\/a><\/p>\n<p><a href=\"https:\/\/andaluciainformacion.es\/ronda\/999518\/la-tradicion-de-sevilla-a-traves-de-la-camara-de-alejandro-del-castillo-y-cristina-gomez\/\">La tradici\u00f3n de Sevilla a trav\u00e9s de la c\u00e1mara de Cristina G\u00f3mez<\/a>\u00a0\u2026-andaluciainformaci\u00f3n<\/p>\n<p><a href=\"https:\/\/www.cope.es\/actualidad\/cultura\/noticias\/fuenteovejuna-valor-las-mujeres-canto-feminista-africano-20211004_1537714\">\u00abFuenteovejuna, el valor de las mujeres\u00bb, un canto feminista y africano<\/a>\u00a0-cope<a href=\"https:\/\/www.google.com\/url?rct=j&amp;sa=t&amp;url=https:\/\/www.europapress.es\/andalucia\/mas-jaen-00988\/noticia-diputacion-jaen-convoca-xi-certamen-fotografia-solidaria-sensibilizar-traves-imagenes-20211002104348.html&amp;ct=ga&amp;cd=CAEYACoUMTMxODU4MzQxMDAzMzA1ODMyODcyGWVhOTI1ODA0ZDY3ZjI3YjM6ZXM6ZXM6RVM&amp;usg=AFQjCNFMG4tR_q_RkSI-K1UVcv3VOUQUaA\"><br \/>\nLa Diputaci\u00f3n de Ja\u00e9n convoca el XI Certamen de Fotograf\u00eda\u00a0Solidaria\u00a0para sensibilizar a &#8230;<\/a>&#8211;\u00a0Europa Press<\/p>\n<p><a href=\"https:\/\/www.20minutos.es\/noticia\/4843348\/0\/dos-mujeres-malaguenas-en-el-calendario-escolar-coeducativo-editado-por-el-iam\/\">Dos mujeres malague\u00f1as, en el calendario escolar coeducativo editado por el IAM<\/a>-20minutos<\/p>\n<p><a href=\"https:\/\/www.todoliteratura.es\/noticia\/55517\/eventos\/laura-rojas-marcos-adolfo-garcia-ortega-gustavo-martin-garzo-y-laura-llevadot-protagonizan-la-programacion-de-la-termica-esta-semana.html\">Laura Rojas-Marcos, Laura Llevadot y otros protagonizan la programaci\u00f3n de La T\u00e9rmica esta semana<\/a>-todoliteratura<\/p>\n<p><strong>Deporte<\/strong><\/p>\n<p><a href=\"https:\/\/www.marca.com\/ciclismo\/2021\/10\/04\/615ae35a22601d2e6e8b456e.html\">La primera Vuelta Andaluc\u00eda internacional femenina constar\u00e1 de tres etapas<\/a>-marca<\/p>\n<p><a href=\"https:\/\/www.malagahoy.es\/deportes\/Malaga-Vuelta-Ciclista-Andalucia-Elite_0_1616839126.html\">M\u00e1laga acoger\u00e1 en 2022 la I Ruta del Sol Vuelta Ciclista Andaluc\u00eda \u00c9lite Woman<\/a>-malagahoy<\/p>\n<\/div>\n<\/div>\n<div id=\"\" class=\"lsow-panel lsow-active\">\n<h1 class=\"lsow-panel-title\">Estado<\/h1>\n<div class=\"lsow-panel-content\">\n<p><strong>Institucional<\/strong><a href=\"https:\/\/www.google.com\/url?rct=j&amp;sa=t&amp;url=https:\/\/www.lamoncloa.gob.es\/serviciosdeprensa\/notasprensa\/trabajo14\/Paginas\/2021\/041021-economiasocial.aspx&amp;ct=ga&amp;cd=CAEYACoTNDg1ODUzMzc5NTY3MTg1MTE4MjIbOTE4ODU3Y2Q2MGY5Nzc0ODplczplczpFUzpM&amp;usg=AFQjCNEvMaNOT23kFMsTgDGfVnalBrErJA\"><br \/>\nYolanda D\u00edaz sit\u00faa la\u00a0Econom\u00eda Social\u00a0como motor de transformaci\u00f3n y alternativa\u00a0solidaria\u00a0&#8230;<\/a>&#8211;\u00a0<a href=\"http:\/\/lamoncloa.gob.es\/\">lamoncloa.gob.es<\/a><\/p>\n<p><a href=\"https:\/\/www.google.com\/url?rct=j&amp;sa=t&amp;url=https:\/\/www.eldiadecordoba.es\/cordoba\/grande-marlaska-guardia-civil-mujer-universitarios_0_1616538775.html&amp;ct=ga&amp;cd=CAEYACoTMjg2MjMxNjc4NzMwMDgwNTk2MTIZYzAzNzJlYmMyZmVhZGE1OTplczplczpFUw&amp;usg=AFQjCNFImYec-Gz1NGNt8hEyoJDGJfEtuQ\">Grande-Marlaska apuesta por facilitar el acceso a la Guardia Civil a la\u00a0mujer\u00a0y los universitarios<\/a>&#8211;\u00a0El D\u00eda de C\u00f3rdoba<\/p>\n<p><strong>Institucional\u00a0<\/strong><strong>\u2013<\/strong><strong>\u00a0CCAA<\/strong><a href=\"https:\/\/www.google.com\/url?rct=j&amp;sa=t&amp;url=https:\/\/www.europapress.es\/extremadura\/noticia-junta-cermi-ponen-marcha-servicio-apoyo-mujeres-ninos-discapacidad-victimas-violencia-genero-20211001132637.html&amp;ct=ga&amp;cd=CAEYACoUMTE3OTYxODM4Mjk0NzkzNDMwMTgyGWMwMzcyZWJjMmZlYWRhNTk6ZXM6ZXM6RVM&amp;usg=AFQjCNEWNywcfMf6SGU-JLWfM2vgP5d5iw\"><br \/>\nLa Junta de Extremadura y Cermi ponen en marcha un servicio de apoyo a\u00a0mujeres\u00a0y ni\u00f1os\u2026-<\/a>europapress<a href=\"https:\/\/www.google.com\/url?rct=j&amp;sa=t&amp;url=https:\/\/www.directoextremadura.com\/noticias_region\/2021-10-01\/10\/22552\/gil-rosina-en-extremadura-hace-mucho-tiempo-que-hay-mujeres-liderando-proyectos-de-exito-en-el-mundo-rural.html&amp;ct=ga&amp;cd=CAEYAioUMTE3OTYxODM4Mjk0NzkzNDMwMTgyGWMwMzcyZWJjMmZlYWRhNTk6ZXM6ZXM6RVM&amp;usg=AFQjCNFEOMzIPzdhLra2u8ljsOsGjbLKNw\"><br \/>\nGil Rosi\u00f1a: &#8216;En Extremadura hace mucho tiempo que hay\u00a0mujeres\u00a0liderando proyectos de &#8230;<\/a>-directoextremadura<strong>\u00a0<\/strong><strong>\u00a0<\/strong><\/p>\n<p><strong>Econom\u00eda\u00a0y Empresa<\/strong><a href=\"https:\/\/www.google.com\/url?rct=j&amp;sa=t&amp;url=https:\/\/cincodias.elpais.com\/cincodias\/2021\/10\/01\/economia\/1633104261_870856.html&amp;ct=ga&amp;cd=CAEYACoUMTc1MTE4MDg0MDYxMzk4ODEzOTkyGWMwMzcyZWJjMmZlYWRhNTk6ZXM6ZXM6RVM&amp;usg=AFQjCNE3ICTwR5BV_Fjso4vFe6RPcaedGQ\"><br \/>\nLa brecha de g\u00e9nero oscila entre 7.000 y 2.000 euros seg\u00fan autonom\u00edas<\/a>-cincodias<\/p>\n<p><a href=\"https:\/\/forbes.es\/nombre-del-dia\/118664\/mujer-del-dia-luisa-garcia-ceo-de-llyc-europa\/\">Mujer del d\u00eda: Luisa Garc\u00eda, CEO de LLYC Europa \u2013\u00a0<\/a>Forbes Espa\u00f1a<a href=\"https:\/\/www.google.com\/url?rct=j&amp;sa=t&amp;url=https:\/\/www.heraldo.es\/noticias\/aragon\/teruel\/2021\/10\/01\/una-conferencia-internacional-debate-en-teruel-sobre-como-relanzar-la-economia-social-1523410.html&amp;ct=ga&amp;cd=CAEYACoTMzQ5MDEyNDM0MjYxMjU2MDc5MTIbOTE4ODU3Y2Q2MGY5Nzc0ODplczplczpFUzpM&amp;usg=AFQjCNGhg9esIbkfYpKWTofzx-MjsuN--w\"><br \/>\nUna conferencia internacional debate en Teruel sobre c\u00f3mo relanzar la\u00a0econom\u00eda social<\/a>&#8211;\u00a0Heraldo.es<strong>\u00a0<\/strong><\/p>\n<p><strong>Actualidad<\/strong><a href=\"https:\/\/www.google.com\/url?rct=j&amp;sa=t&amp;url=https:\/\/www.abc.es\/sociedad\/abci-cuatro-decadas-ley-divorcio-enf-202110040207_noticia.html&amp;ct=ga&amp;cd=CAEYACoUMTIxNzUwNTkxMzAzNjIyMjE2NzkyGWUxZTc3ZDE1NjA5OGE4ZTM6ZXM6ZXM6RVM&amp;usg=AFQjCNFy5yrjur79IJyJQgWKjUL2jQUh3w\"><br \/>\n40 a\u00f1os de Ley del Divorcio: de la \u00abbatalla campal\u00bb a la aceptaci\u00f3n social<\/a>-abc<\/p>\n<p><a href=\"https:\/\/www.google.com\/url?rct=j&amp;sa=t&amp;url=https:\/\/www.larazon.es\/salud\/20211002\/pcnoucvoh5dvxky7nes5bo7aba.html&amp;ct=ga&amp;cd=CAEYACoUMTAyMDY3NjE5MzYzNDcwMDY4NTEyGWNjNzk4NDFjNmVmMzRlYmY6ZXM6ZXM6RVM&amp;usg=AFQjCNFffKHDV5ZYWS-4OIWfos3gYBTV8g\">La depresi\u00f3n se multiplica por tres entre los menores tras la pandemia<\/a>-larazon<\/p>\n<p><a href=\"https:\/\/www.eldiario.es\/nidos\/hombres-cuidan-mujeres-quieren-independencia-cambio-cultural-duplicado-custodias-compartidas_1_8353841.html\">Hombres que cuidan y mujeres que quieren independencia, el cambio cultural que ha duplicado las custodias compartidas<\/a>-eldiario<\/p>\n<p><strong>Violencias<\/strong><strong>\u00a0<\/strong><\/p>\n<p><a href=\"https:\/\/www.eldiario.es\/canariasahora\/sociedad\/llamadas-112-casos-violencia-genero-disparan-palma-durante-erupcion-volcanica_1_8361288.html\">Las llamadas al 112 por casos de violencia de g\u00e9nero se disparan en La Palma durante la erupci\u00f3n volc\u00e1nica<\/a>-eldiario<\/p>\n<p><a href=\"https:\/\/www.rtve.es\/noticias\/20211001\/victimas-denuncias-violencia-genero-ascienden-niveles-prepandemicos\/2177422.shtml\">Las v\u00edctimas y denuncias por violencia de g\u00e9nero ascienden a niveles prepand\u00e9micos<\/a>-rtve<strong>\u00a0<\/strong><\/p>\n<p><strong>Ciencia y Cultura<\/strong><\/p>\n<p><a href=\"https:\/\/www.google.com\/url?rct=j&amp;sa=t&amp;url=https:\/\/www.lanacion.com.ar\/sociedad\/angeles-alvarino-la-mujer-que-dejo-una-huella-profunda-en-la-oceanografia-mundial-nid03102021\/&amp;ct=ga&amp;cd=CAEYACoUMTM5OTQ0MzE3MjMwMzc3NjU2MzgyGWMwMzcyZWJjMmZlYWRhNTk6ZXM6ZXM6RVM&amp;usg=AFQjCNG0Mc2zpIJII8axN5Medurq2ESmUA\">\u00c1ngeles Alvari\u00f1o, la\u00a0mujer\u00a0que dej\u00f3 una huella profunda en la oceanograf\u00eda mundial<\/a>\u00a0-lanacion<a href=\"https:\/\/www.google.com\/url?rct=j&amp;sa=t&amp;url=https:\/\/elpais.com\/planeta-futuro\/escuelas-en-red\/2021-10-03\/la-educacion-esta-en-juego.html&amp;ct=ga&amp;cd=CAEYACoUMTgzNzc2MzIyNjc2Njc2MjYwMDkyGWMwMzcyZWJjMmZlYWRhNTk6ZXM6ZXM6RVM&amp;usg=AFQjCNHN7YvW_qhr8SzeVZcJFAeMXOLeRA\"><br \/>\nLa educaci\u00f3n est\u00e1 en juego<\/a>-elpa\u00eds<a href=\"https:\/\/www.google.com\/url?rct=j&amp;sa=t&amp;url=https:\/\/www.eldiario.es\/murcia\/sociedad\/murcia-tendra-mural-feminista-quisieron-quitar-ciudad-lineal-pusimos-manos-obra_1_8356353.html&amp;ct=ga&amp;cd=CAEYACoUMTI3ODMyODQxOTM5ODYzNzMxNTMyGWMwMzcyZWJjMmZlYWRhNTk6ZXM6ZXM6RVM&amp;usg=AFQjCNHHjW8_jVdv7BmJUGApTK3nHIrzJg\"><br \/>\nMurcia tendr\u00e1 mural feminista: \u00abCuando quisieron quitar el de Ciudad Lineal nos pusimos &#8230;<\/a>&#8211;\u00a0<a href=\"http:\/\/eldiario.es\/\">eldiario.es<\/a><\/p>\n<p><a href=\"https:\/\/elpais.com\/cultura\/2021-10-04\/ana-curra-la-princesita-del-postpunk.html\">Ana Curra: la princesita del \u2018postpunk\u2019<\/a>-elpa\u00eds<\/p>\n<p><a href=\"https:\/\/elpais.com\/cultura\/2021-10-03\/el-olvido-que-seremos-y-patria-triunfan-en-los-premios-platino-del-audiovisual-iberoamericano.html\">\u2018El olvido que seremos\u2019 y \u2018Patria\u2019 triunfan en los Premios Platino del audiovisual iberoamericano<\/a>-elpa\u00eds<\/p>\n<p><a href=\"https:\/\/www.msn.com\/es-es\/entertainment\/noticias\/maribel-verd-c3-ba-lamentablemente-nacer-mujer-gay-o-negro-ha-sido-y-ser-c3-a1-una-desgracia\/ar-AAP3fDT?ocid=BingNewsSearch\">Maribel Verd\u00fa: \u00abLamentablemente, nacer mujer, gay o negro ha sido y ser\u00e1 una desgracia\u00bb<\/a>-El Mundo<strong>\u00a0<\/strong><\/p>\n<p><strong>Deporte<\/strong><\/p>\n<p><a href=\"https:\/\/www.cope.es\/deportes\/tenis\/noticias\/garbine-muguruza-asciende-numero-mundial-tras-ganar-chicago-20211004_1537067\">Garbi\u00f1e Muguruza asciende al n\u00famero 6 mundial tras ganar en Chicago<\/a>-cope<\/p>\n<p><a href=\"https:\/\/www.rtve.es\/deportes\/20211004\/muguruza-suarez-estaran-finales-billie-jean-king-cup\/2179065.shtml\">Garbi\u00f1e Muguruza y Carla Su\u00e1rez encabezan el equipo espa\u00f1ol para la Billie Jean King Cup<\/a>-rtve<\/p>\n<\/div>\n<\/div>\n<div id=\"\" class=\"lsow-panel lsow-active\">\n<h1 class=\"lsow-panel-title\">Internacional<\/h1>\n<div class=\"lsow-panel-content\">\n<p><a href=\"https:\/\/www.google.com\/url?rct=j&amp;sa=t&amp;url=https:\/\/www.eltiempo.com\/politica\/congreso\/elecciones-2022-se-firma-pacto-por-la-paridad-en-la-politica-622073&amp;ct=ga&amp;cd=CAEYASoSMTU2MjQ0MDE1NzYxMTU2OTA5Mhk1OWQ3ODE3MTM2YTJkMDI4OmVzOmVzOkVT&amp;usg=AFQjCNE4KDyKbvewNaNcgSxmK-tWHdu3lQ\">Cinco cosas que debe saber sobre la presencia de la ONU en la Exposici\u00f3n Universal de Dub\u00e1i \u2026un.org\u00a0\u00a0<\/a><a href=\"https:\/\/www.google.com\/url?rct=j&amp;sa=t&amp;url=https:\/\/www.elinformador.com.co\/index.php\/general\/79-nacional\/263646-colombia-tiene-nueva-politica-publica-para-el-desarrollo-de-la-economia-solidaria&amp;ct=ga&amp;cd=CAEYACoUMTc0OTc0MjU4MDI2NjgzNzg3NzkyGzkxODg1N2NkNjBmOTc3NDg6ZXM6ZXM6RVM6TA&amp;usg=AFQjCNGttb_l4WOoIwyO6hT7Z1RPhbmRzQ\"><br \/>\nColombia tiene nueva pol\u00edtica p\u00fablica para el desarrollo de la\u00a0econom\u00eda solidaria<\/a>-elinformador<\/p>\n<p><a href=\"https:\/\/www.google.com\/url?rct=j&amp;sa=t&amp;url=https:\/\/cnnespanol.cnn.com\/2021\/10\/01\/feminicidio-grave-mundo-trax\/&amp;ct=ga&amp;cd=CAEYACoTOTI4NzA5OTEyMDQ5Mzc1NjU0MzIZYzAzNzJlYmMyZmVhZGE1OTplczplczpFUw&amp;usg=AFQjCNGSyLwhbeH0ESHJfy31Wg8tgdhFrA\">\u00bfQu\u00e9 es el feminicidio y qu\u00e9 tan grave es a nivel mundial?<\/a>-cnnespa\u00f1ol<\/p>\n<p><a href=\"https:\/\/www.google.com\/url?rct=j&amp;sa=t&amp;url=https:\/\/www.eldiario.es\/tecnologia\/unesco-premia-cientifica-espanola-maria-angela-nieto-toledano_1_8355102.html&amp;ct=ga&amp;cd=CAEYASoTMTczMDQzOTU1NzQ1MDExMDY0MTIZYzAzNzJlYmMyZmVhZGE1OTplczplczpFUw&amp;usg=AFQjCNEzwTOAMQCqO84FhiJPb_v65h4UvQ\">La Unesco premia a la cient\u00edfica espa\u00f1ola Mar\u00eda \u00c1ngela Nieto Toledano<\/a>-eldiario<\/p>\n<p><a href=\"https:\/\/www.google.com\/url?rct=j&amp;sa=t&amp;url=https:\/\/elpais.com\/pandora-papers\/2021-10-03\/papeles-de-pandora-las-claves-para-entender-la-investigacion-en-america-latina.html&amp;ct=ga&amp;cd=CAEYAioUMTYzMzYxMDU1OTM2MjU0MTE1NDYyGWMwMzcyZWJjMmZlYWRhNTk6ZXM6ZXM6RVM&amp;usg=AFQjCNH1a58aXbFVuDrulXlsxRzmH0lNGA\">&#8216;Papeles de Pandora&#8217;: las claves para entender la investigaci\u00f3n en Am\u00e9rica Latina\u00a0&#8211;\u00a0<\/a>elpa\u00eds<a href=\"https:\/\/www.google.com\/url?rct=j&amp;sa=t&amp;url=https:\/\/www.granma.cu\/cuba\/2021-10-01\/unesco-otorga-el-premio-la-mujer-y-la-ciencia-a-la-investigadora-cubana-maria-guadalupe-guzman-30-09-2021-15-09-29&amp;ct=ga&amp;cd=CAEYASoTMzg4MDAzNDgyMzk4NzAxNDk2MjIZYzAzNzJlYmMyZmVhZGE1OTplczplczpFUw&amp;usg=AFQjCNFW6pnct1usAhhVq1aLnrMe2QcL2g\"><br \/>\nUnesco otorga el Premio La\u00a0Mujer\u00a0y la Ciencia a la investigadora cubana Mar\u00eda Guadalupe &#8230;<\/a>&#8211;\u00a0Diario Granma<\/p>\n<p><a href=\"https:\/\/www.google.com\/url?rct=j&amp;sa=t&amp;url=https:\/\/www.huffingtonpost.es\/entry\/helga-stenztel-surrealismo-domestico_es_6156f4c0e4b099230d224d97&amp;ct=ga&amp;cd=CAEYACoTNzE3Mzk0NzMyMzkxNjM1NTExMzIZY2M3OTg0MWM2ZWYzNGViZjplczplczpFUw&amp;usg=AFQjCNF9nurQmq7DteQXlQK6S3_RScCWJg\">Helga Stenztel: surrealismo dom\u00e9stico<\/a>-huffingtonpost<\/p>\n<p><a href=\"https:\/\/elpais.com\/sociedad\/2021-10-01\/un-hito-racial-para-el-metoo-las-activistas-negras-que-acabaron-con-decadas-de-impunidad-de-la-estrella-del-soul-r-kelly.html\">Un hito racial para el MeToo: las activistas negras que acabaron con d\u00e9cadas de impunidad de la estrella del \u2018soul\u2019 R. Kelly<\/a><strong>&#8211;<\/strong>elpa\u00eds<\/p>\n<\/div>\n<\/div>\n<\/div><\/div><\/div><\/div><\/div>\n","protected":false},"excerpt":{"rendered":"<p>La brecha de g\u00e9nero oscila entre 7.000 y 2.000 euros seg\u00fan autonom\u00edas * Espa\u00f1a: 40 a\u00f1os de Ley del Divorcio * Unesco premia a la cient\u00edfica espa\u00f1ola Mar\u00eda \u00c1ngela Nieto Toledano * Helga Stenztel y el surrealismo dom\u00e9stico<\/p>\n","protected":false},"author":3,"featured_media":22909,"comment_status":"closed","ping_status":"closed","sticky":false,"template":"","format":"standard","meta":{"footnotes":""},"categories":[298,621],"tags":[211,95],"class_list":["post-15576","post","type-post","status-publish","format-standard","has-post-thumbnail","hentry","category-newsletter","category-nwl-3-0","tag-brecha-de-genero","tag-brecha-salarial"],"yoast_head":"<!-- This site is optimized with the Yoast SEO plugin v27.5 - https:\/\/yoast.com\/product\/yoast-seo-wordpress\/ -->\n<title>Noticias Info CKL n\u00ba 2622-04\/10\/21-Comunicar con perspectiva de g\u00e9nero<\/title>\n<meta name=\"description\" content=\"La brecha de g\u00e9nero oscila entre 7.000 y 2.000 euros seg\u00fan autonom\u00edas * Espa\u00f1a: 40 a\u00f1os de Ley del Divorcio * Unesco premia a la cient\u00edfica espa\u00f1ola Mar\u00eda \u00c1ngela Nieto Toledano * Helga Stenztel y el surrealismo dom\u00e9stico\" \/>\n<meta name=\"robots\" content=\"index, follow, max-snippet:-1, max-image-preview:large, max-video-preview:-1\" \/>\n<link rel=\"canonical\" href=\"https:\/\/cklcomunicaciones.es\/coop\/noticias-info-ckl-no-2622-04-10-21\/\" \/>\n<meta property=\"og:locale\" content=\"es_ES\" \/>\n<meta property=\"og:type\" content=\"article\" \/>\n<meta property=\"og:title\" content=\"Noticias Info CKL n\u00ba 2622-04\/10\/21-Comunicar con perspectiva de g\u00e9nero\" \/>\n<meta property=\"og:description\" content=\"La brecha de g\u00e9nero oscila entre 7.000 y 2.000 euros seg\u00fan autonom\u00edas * Espa\u00f1a: 40 a\u00f1os de Ley del Divorcio * Unesco premia a la cient\u00edfica espa\u00f1ola Mar\u00eda \u00c1ngela Nieto Toledano * Helga Stenztel y el surrealismo dom\u00e9stico\" \/>\n<meta property=\"og:url\" content=\"https:\/\/cklcomunicaciones.es\/coop\/noticias-info-ckl-no-2622-04-10-21\/\" \/>\n<meta property=\"og:site_name\" content=\"CKL Comunicaciones\" \/>\n<meta property=\"article:published_time\" content=\"2021-10-04T13:05:34+00:00\" \/>\n<meta property=\"article:modified_time\" content=\"2025-02-09T20:35:02+00:00\" \/>\n<meta property=\"og:image\" content=\"https:\/\/cklcomunicaciones.es\/coop\/wp-content\/uploads\/2025\/01\/CKL-una-mirada-distinta-de-la-comunicacion.jpg\" \/>\n\t<meta property=\"og:image:width\" content=\"1482\" \/>\n\t<meta property=\"og:image:height\" content=\"775\" \/>\n\t<meta property=\"og:image:type\" content=\"image\/jpeg\" \/>\n<meta name=\"author\" content=\"ckl\" \/>\n<meta name=\"twitter:card\" content=\"summary_large_image\" \/>\n<meta name=\"twitter:label1\" content=\"Escrito por\" \/>\n\t<meta name=\"twitter:data1\" content=\"ckl\" \/>\n\t<meta name=\"twitter:label2\" content=\"Tiempo de lectura\" \/>\n\t<meta name=\"twitter:data2\" content=\"5 minutos\" \/>\n<script type=\"application\/ld+json\" class=\"yoast-schema-graph\">{\"@context\":\"https:\\\/\\\/schema.org\",\"@graph\":[{\"@type\":\"Article\",\"@id\":\"https:\\\/\\\/cklcomunicaciones.es\\\/coop\\\/noticias-info-ckl-no-2622-04-10-21\\\/#article\",\"isPartOf\":{\"@id\":\"https:\\\/\\\/cklcomunicaciones.es\\\/coop\\\/noticias-info-ckl-no-2622-04-10-21\\\/\"},\"author\":{\"name\":\"ckl\",\"@id\":\"https:\\\/\\\/cklcomunicaciones.es\\\/coop\\\/#\\\/schema\\\/person\\\/929a6837f7626450bbb50cee1aef266e\"},\"headline\":\"Noticias Info CKL n\u00ba 2622-04\\\/10\\\/21\",\"datePublished\":\"2021-10-04T13:05:34+00:00\",\"dateModified\":\"2025-02-09T20:35:02+00:00\",\"mainEntityOfPage\":{\"@id\":\"https:\\\/\\\/cklcomunicaciones.es\\\/coop\\\/noticias-info-ckl-no-2622-04-10-21\\\/\"},\"wordCount\":1074,\"image\":{\"@id\":\"https:\\\/\\\/cklcomunicaciones.es\\\/coop\\\/noticias-info-ckl-no-2622-04-10-21\\\/#primaryimage\"},\"thumbnailUrl\":\"https:\\\/\\\/cklcomunicaciones.es\\\/coop\\\/wp-content\\\/uploads\\\/2025\\\/01\\\/CKL-una-mirada-distinta-de-la-comunicacion.jpg\",\"keywords\":[\"brecha de g\u00e9nero\",\"brecha salarial\"],\"articleSection\":[\"Newsletter\",\"Nwl v3.0\"],\"inLanguage\":\"es\"},{\"@type\":\"WebPage\",\"@id\":\"https:\\\/\\\/cklcomunicaciones.es\\\/coop\\\/noticias-info-ckl-no-2622-04-10-21\\\/\",\"url\":\"https:\\\/\\\/cklcomunicaciones.es\\\/coop\\\/noticias-info-ckl-no-2622-04-10-21\\\/\",\"name\":\"Noticias Info CKL n\u00ba 2622-04\\\/10\\\/21-Comunicar con perspectiva de g\u00e9nero\",\"isPartOf\":{\"@id\":\"https:\\\/\\\/cklcomunicaciones.es\\\/coop\\\/#website\"},\"primaryImageOfPage\":{\"@id\":\"https:\\\/\\\/cklcomunicaciones.es\\\/coop\\\/noticias-info-ckl-no-2622-04-10-21\\\/#primaryimage\"},\"image\":{\"@id\":\"https:\\\/\\\/cklcomunicaciones.es\\\/coop\\\/noticias-info-ckl-no-2622-04-10-21\\\/#primaryimage\"},\"thumbnailUrl\":\"https:\\\/\\\/cklcomunicaciones.es\\\/coop\\\/wp-content\\\/uploads\\\/2025\\\/01\\\/CKL-una-mirada-distinta-de-la-comunicacion.jpg\",\"datePublished\":\"2021-10-04T13:05:34+00:00\",\"dateModified\":\"2025-02-09T20:35:02+00:00\",\"author\":{\"@id\":\"https:\\\/\\\/cklcomunicaciones.es\\\/coop\\\/#\\\/schema\\\/person\\\/929a6837f7626450bbb50cee1aef266e\"},\"description\":\"La brecha de g\u00e9nero oscila entre 7.000 y 2.000 euros seg\u00fan autonom\u00edas * Espa\u00f1a: 40 a\u00f1os de Ley del Divorcio * Unesco premia a la cient\u00edfica espa\u00f1ola Mar\u00eda \u00c1ngela Nieto Toledano * Helga Stenztel y el surrealismo dom\u00e9stico\",\"breadcrumb\":{\"@id\":\"https:\\\/\\\/cklcomunicaciones.es\\\/coop\\\/noticias-info-ckl-no-2622-04-10-21\\\/#breadcrumb\"},\"inLanguage\":\"es\",\"potentialAction\":[{\"@type\":\"ReadAction\",\"target\":[\"https:\\\/\\\/cklcomunicaciones.es\\\/coop\\\/noticias-info-ckl-no-2622-04-10-21\\\/\"]}]},{\"@type\":\"ImageObject\",\"inLanguage\":\"es\",\"@id\":\"https:\\\/\\\/cklcomunicaciones.es\\\/coop\\\/noticias-info-ckl-no-2622-04-10-21\\\/#primaryimage\",\"url\":\"https:\\\/\\\/cklcomunicaciones.es\\\/coop\\\/wp-content\\\/uploads\\\/2025\\\/01\\\/CKL-una-mirada-distinta-de-la-comunicacion.jpg\",\"contentUrl\":\"https:\\\/\\\/cklcomunicaciones.es\\\/coop\\\/wp-content\\\/uploads\\\/2025\\\/01\\\/CKL-una-mirada-distinta-de-la-comunicacion.jpg\",\"width\":1482,\"height\":775,\"caption\":\"CKL - una mirada distinta de la comunicacion\"},{\"@type\":\"BreadcrumbList\",\"@id\":\"https:\\\/\\\/cklcomunicaciones.es\\\/coop\\\/noticias-info-ckl-no-2622-04-10-21\\\/#breadcrumb\",\"itemListElement\":[{\"@type\":\"ListItem\",\"position\":1,\"name\":\"Portada\",\"item\":\"https:\\\/\\\/cklcomunicaciones.es\\\/coop\\\/\"},{\"@type\":\"ListItem\",\"position\":2,\"name\":\"Noticias Info CKL n\u00ba 2622-04\\\/10\\\/21\"}]},{\"@type\":\"WebSite\",\"@id\":\"https:\\\/\\\/cklcomunicaciones.es\\\/coop\\\/#website\",\"url\":\"https:\\\/\\\/cklcomunicaciones.es\\\/coop\\\/\",\"name\":\"CKL Comunicaciones\",\"description\":\"Sitio web de CKL Comunicaciones coop , la consultora de comunicaci\u00f3n y estrategia\",\"potentialAction\":[{\"@type\":\"SearchAction\",\"target\":{\"@type\":\"EntryPoint\",\"urlTemplate\":\"https:\\\/\\\/cklcomunicaciones.es\\\/coop\\\/?s={search_term_string}\"},\"query-input\":{\"@type\":\"PropertyValueSpecification\",\"valueRequired\":true,\"valueName\":\"search_term_string\"}}],\"inLanguage\":\"es\"},{\"@type\":\"Person\",\"@id\":\"https:\\\/\\\/cklcomunicaciones.es\\\/coop\\\/#\\\/schema\\\/person\\\/929a6837f7626450bbb50cee1aef266e\",\"name\":\"ckl\",\"image\":{\"@type\":\"ImageObject\",\"inLanguage\":\"es\",\"@id\":\"https:\\\/\\\/secure.gravatar.com\\\/avatar\\\/c82db564e8a669bf6023357a157b9dc4780f4d4c618f2ad1d71a6a5dede45057?s=96&d=mm&r=g\",\"url\":\"https:\\\/\\\/secure.gravatar.com\\\/avatar\\\/c82db564e8a669bf6023357a157b9dc4780f4d4c618f2ad1d71a6a5dede45057?s=96&d=mm&r=g\",\"contentUrl\":\"https:\\\/\\\/secure.gravatar.com\\\/avatar\\\/c82db564e8a669bf6023357a157b9dc4780f4d4c618f2ad1d71a6a5dede45057?s=96&d=mm&r=g\",\"caption\":\"ckl\"},\"url\":\"https:\\\/\\\/cklcomunicaciones.es\\\/coop\\\/author\\\/cklcomunicaciones\\\/\"}]}<\/script>\n<!-- \/ Yoast SEO plugin. -->","yoast_head_json":{"title":"Noticias Info CKL n\u00ba 2622-04\/10\/21-Comunicar con perspectiva de g\u00e9nero","description":"La brecha de g\u00e9nero oscila entre 7.000 y 2.000 euros seg\u00fan autonom\u00edas * Espa\u00f1a: 40 a\u00f1os de Ley del Divorcio * Unesco premia a la cient\u00edfica espa\u00f1ola Mar\u00eda \u00c1ngela Nieto Toledano * Helga Stenztel y el surrealismo dom\u00e9stico","robots":{"index":"index","follow":"follow","max-snippet":"max-snippet:-1","max-image-preview":"max-image-preview:large","max-video-preview":"max-video-preview:-1"},"canonical":"https:\/\/cklcomunicaciones.es\/coop\/noticias-info-ckl-no-2622-04-10-21\/","og_locale":"es_ES","og_type":"article","og_title":"Noticias Info CKL n\u00ba 2622-04\/10\/21-Comunicar con perspectiva de g\u00e9nero","og_description":"La brecha de g\u00e9nero oscila entre 7.000 y 2.000 euros seg\u00fan autonom\u00edas * Espa\u00f1a: 40 a\u00f1os de Ley del Divorcio * Unesco premia a la cient\u00edfica espa\u00f1ola Mar\u00eda \u00c1ngela Nieto Toledano * Helga Stenztel y el surrealismo dom\u00e9stico","og_url":"https:\/\/cklcomunicaciones.es\/coop\/noticias-info-ckl-no-2622-04-10-21\/","og_site_name":"CKL Comunicaciones","article_published_time":"2021-10-04T13:05:34+00:00","article_modified_time":"2025-02-09T20:35:02+00:00","og_image":[{"width":1482,"height":775,"url":"https:\/\/cklcomunicaciones.es\/coop\/wp-content\/uploads\/2025\/01\/CKL-una-mirada-distinta-de-la-comunicacion.jpg","type":"image\/jpeg"}],"author":"ckl","twitter_card":"summary_large_image","twitter_misc":{"Escrito por":"ckl","Tiempo de lectura":"5 minutos"},"schema":{"@context":"https:\/\/schema.org","@graph":[{"@type":"Article","@id":"https:\/\/cklcomunicaciones.es\/coop\/noticias-info-ckl-no-2622-04-10-21\/#article","isPartOf":{"@id":"https:\/\/cklcomunicaciones.es\/coop\/noticias-info-ckl-no-2622-04-10-21\/"},"author":{"name":"ckl","@id":"https:\/\/cklcomunicaciones.es\/coop\/#\/schema\/person\/929a6837f7626450bbb50cee1aef266e"},"headline":"Noticias Info CKL n\u00ba 2622-04\/10\/21","datePublished":"2021-10-04T13:05:34+00:00","dateModified":"2025-02-09T20:35:02+00:00","mainEntityOfPage":{"@id":"https:\/\/cklcomunicaciones.es\/coop\/noticias-info-ckl-no-2622-04-10-21\/"},"wordCount":1074,"image":{"@id":"https:\/\/cklcomunicaciones.es\/coop\/noticias-info-ckl-no-2622-04-10-21\/#primaryimage"},"thumbnailUrl":"https:\/\/cklcomunicaciones.es\/coop\/wp-content\/uploads\/2025\/01\/CKL-una-mirada-distinta-de-la-comunicacion.jpg","keywords":["brecha de g\u00e9nero","brecha salarial"],"articleSection":["Newsletter","Nwl v3.0"],"inLanguage":"es"},{"@type":"WebPage","@id":"https:\/\/cklcomunicaciones.es\/coop\/noticias-info-ckl-no-2622-04-10-21\/","url":"https:\/\/cklcomunicaciones.es\/coop\/noticias-info-ckl-no-2622-04-10-21\/","name":"Noticias Info CKL n\u00ba 2622-04\/10\/21-Comunicar con perspectiva de g\u00e9nero","isPartOf":{"@id":"https:\/\/cklcomunicaciones.es\/coop\/#website"},"primaryImageOfPage":{"@id":"https:\/\/cklcomunicaciones.es\/coop\/noticias-info-ckl-no-2622-04-10-21\/#primaryimage"},"image":{"@id":"https:\/\/cklcomunicaciones.es\/coop\/noticias-info-ckl-no-2622-04-10-21\/#primaryimage"},"thumbnailUrl":"https:\/\/cklcomunicaciones.es\/coop\/wp-content\/uploads\/2025\/01\/CKL-una-mirada-distinta-de-la-comunicacion.jpg","datePublished":"2021-10-04T13:05:34+00:00","dateModified":"2025-02-09T20:35:02+00:00","author":{"@id":"https:\/\/cklcomunicaciones.es\/coop\/#\/schema\/person\/929a6837f7626450bbb50cee1aef266e"},"description":"La brecha de g\u00e9nero oscila entre 7.000 y 2.000 euros seg\u00fan autonom\u00edas * Espa\u00f1a: 40 a\u00f1os de Ley del Divorcio * Unesco premia a la cient\u00edfica espa\u00f1ola Mar\u00eda \u00c1ngela Nieto Toledano * Helga Stenztel y el surrealismo dom\u00e9stico","breadcrumb":{"@id":"https:\/\/cklcomunicaciones.es\/coop\/noticias-info-ckl-no-2622-04-10-21\/#breadcrumb"},"inLanguage":"es","potentialAction":[{"@type":"ReadAction","target":["https:\/\/cklcomunicaciones.es\/coop\/noticias-info-ckl-no-2622-04-10-21\/"]}]},{"@type":"ImageObject","inLanguage":"es","@id":"https:\/\/cklcomunicaciones.es\/coop\/noticias-info-ckl-no-2622-04-10-21\/#primaryimage","url":"https:\/\/cklcomunicaciones.es\/coop\/wp-content\/uploads\/2025\/01\/CKL-una-mirada-distinta-de-la-comunicacion.jpg","contentUrl":"https:\/\/cklcomunicaciones.es\/coop\/wp-content\/uploads\/2025\/01\/CKL-una-mirada-distinta-de-la-comunicacion.jpg","width":1482,"height":775,"caption":"CKL - una mirada distinta de la comunicacion"},{"@type":"BreadcrumbList","@id":"https:\/\/cklcomunicaciones.es\/coop\/noticias-info-ckl-no-2622-04-10-21\/#breadcrumb","itemListElement":[{"@type":"ListItem","position":1,"name":"Portada","item":"https:\/\/cklcomunicaciones.es\/coop\/"},{"@type":"ListItem","position":2,"name":"Noticias Info CKL n\u00ba 2622-04\/10\/21"}]},{"@type":"WebSite","@id":"https:\/\/cklcomunicaciones.es\/coop\/#website","url":"https:\/\/cklcomunicaciones.es\/coop\/","name":"CKL Comunicaciones","description":"Sitio web de CKL Comunicaciones coop , la consultora de comunicaci\u00f3n y estrategia","potentialAction":[{"@type":"SearchAction","target":{"@type":"EntryPoint","urlTemplate":"https:\/\/cklcomunicaciones.es\/coop\/?s={search_term_string}"},"query-input":{"@type":"PropertyValueSpecification","valueRequired":true,"valueName":"search_term_string"}}],"inLanguage":"es"},{"@type":"Person","@id":"https:\/\/cklcomunicaciones.es\/coop\/#\/schema\/person\/929a6837f7626450bbb50cee1aef266e","name":"ckl","image":{"@type":"ImageObject","inLanguage":"es","@id":"https:\/\/secure.gravatar.com\/avatar\/c82db564e8a669bf6023357a157b9dc4780f4d4c618f2ad1d71a6a5dede45057?s=96&d=mm&r=g","url":"https:\/\/secure.gravatar.com\/avatar\/c82db564e8a669bf6023357a157b9dc4780f4d4c618f2ad1d71a6a5dede45057?s=96&d=mm&r=g","contentUrl":"https:\/\/secure.gravatar.com\/avatar\/c82db564e8a669bf6023357a157b9dc4780f4d4c618f2ad1d71a6a5dede45057?s=96&d=mm&r=g","caption":"ckl"},"url":"https:\/\/cklcomunicaciones.es\/coop\/author\/cklcomunicaciones\/"}]}},"_links":{"self":[{"href":"https:\/\/cklcomunicaciones.es\/coop\/wp-json\/wp\/v2\/posts\/15576","targetHints":{"allow":["GET"]}}],"collection":[{"href":"https:\/\/cklcomunicaciones.es\/coop\/wp-json\/wp\/v2\/posts"}],"about":[{"href":"https:\/\/cklcomunicaciones.es\/coop\/wp-json\/wp\/v2\/types\/post"}],"author":[{"embeddable":true,"href":"https:\/\/cklcomunicaciones.es\/coop\/wp-json\/wp\/v2\/users\/3"}],"replies":[{"embeddable":true,"href":"https:\/\/cklcomunicaciones.es\/coop\/wp-json\/wp\/v2\/comments?post=15576"}],"version-history":[{"count":0,"href":"https:\/\/cklcomunicaciones.es\/coop\/wp-json\/wp\/v2\/posts\/15576\/revisions"}],"wp:featuredmedia":[{"embeddable":true,"href":"https:\/\/cklcomunicaciones.es\/coop\/wp-json\/wp\/v2\/media\/22909"}],"wp:attachment":[{"href":"https:\/\/cklcomunicaciones.es\/coop\/wp-json\/wp\/v2\/media?parent=15576"}],"wp:term":[{"taxonomy":"category","embeddable":true,"href":"https:\/\/cklcomunicaciones.es\/coop\/wp-json\/wp\/v2\/categories?post=15576"},{"taxonomy":"post_tag","embeddable":true,"href":"https:\/\/cklcomunicaciones.es\/coop\/wp-json\/wp\/v2\/tags?post=15576"}],"curies":[{"name":"wp","href":"https:\/\/api.w.org\/{rel}","templated":true}]}}