{"id":15566,"date":"2021-09-27T13:14:57","date_gmt":"2021-09-27T11:14:57","guid":{"rendered":"https:\/\/www.cklcomunicaciones.es\/?p=15566"},"modified":"2025-02-09T22:01:20","modified_gmt":"2025-02-09T21:01:20","slug":"noticias-info-ckl-no-2619-27-09-21","status":"publish","type":"post","link":"https:\/\/cklcomunicaciones.es\/coop\/noticias-info-ckl-no-2619-27-09-21\/","title":{"rendered":"Noticias Info CKL n\u00ba 2619-27\/09\/21"},"content":{"rendered":"<div class=\"fusion-fullwidth fullwidth-box fusion-builder-row-1 fusion-flex-container nonhundred-percent-fullwidth non-hundred-percent-height-scrolling\" style=\"--awb-border-radius-top-left:0px;--awb-border-radius-top-right:0px;--awb-border-radius-bottom-right:0px;--awb-border-radius-bottom-left:0px;--awb-flex-wrap:wrap;\" ><div class=\"fusion-builder-row fusion-row fusion-flex-align-items-flex-start fusion-flex-content-wrap\" style=\"max-width:1248px;margin-left: calc(-4% \/ 2 );margin-right: calc(-4% \/ 2 );\"><div class=\"fusion-layout-column fusion_builder_column fusion-builder-column-0 fusion_builder_column_1_1 1_1 fusion-flex-column\" style=\"--awb-bg-blend:overlay;--awb-bg-size:cover;--awb-width-large:100%;--awb-margin-top-large:0px;--awb-spacing-right-large:1.92%;--awb-margin-bottom-large:0px;--awb-spacing-left-large:1.92%;--awb-width-medium:100%;--awb-spacing-right-medium:1.92%;--awb-spacing-left-medium:1.92%;--awb-width-small:100%;--awb-spacing-right-small:1.92%;--awb-spacing-left-small:1.92%;\"><div class=\"fusion-column-wrapper fusion-flex-justify-content-flex-start fusion-content-layout-column\"><div class=\"fusion-text fusion-text-1\"><h1>Comunicaci\u00f3n, Publicidad y TICs<\/h1>\n<div id=\"\" class=\"lsow-panel lsow-active\">\n<div class=\"lsow-panel-content\">\n<p><a href=\"https:\/\/elpais.com\/ciencia\/2021-09-25\/el-ano-de-la-ciencia-de-patricia-fernandez-de-lis-premio-prisma-al-mejor-articulo-periodistico.html\">\u2018El a\u00f1o de la ciencia\u2019, de Patricia Fern\u00e1ndez de Lis, premio Prisma al mejor art\u00edculo period\u00edstico<\/a>-El pa\u00eds<\/p>\n<p><a href=\"https:\/\/prnoticias.com\/2021\/09\/27\/son-pocas-las-mujeres-al-frente-de-las-noticias-segun-el-proyecto-monitoreo-mundial-de-medios\/\">Son pocas las mujeres al frente de las noticias seg\u00fan el Proyecto Monitoreo Mundial de Medios<\/a>-prnoticias<\/p>\n<p><a href=\"https:\/\/elpais.com\/television\/2021-09-25\/la-apuesta-por-el-directo-de-generacion-ya-el-sustituto-de-siglo-21-en-radio-3.html\">La apuesta por el directo de \u2018Generaci\u00f3n Ya\u2019, el sustituto de \u2018Siglo 21\u2032\u00a0en Radio 3<\/a>&#8211;\u00a0El pa\u00eds<\/p>\n<p><a href=\"https:\/\/www.huffingtonpost.es\/entry\/laura-berja_es_614db2bce4b03d83bad21725\">\u201cSi llaman bruja a una diputada, qu\u00e9 no se atrever\u00e1n a hacer y decir a las mujeres indefensas\u201d<\/a>&#8211;\u00a0huffingtonpost<\/p>\n<\/div>\n<\/div>\n<div id=\"\" class=\"lsow-panel lsow-active\">\n<h1 class=\"lsow-panel-title\">Andaluc\u00eda<\/h1>\n<div class=\"lsow-panel-content\">\n<p><strong>Institucional<\/strong><\/p>\n<p><a href=\"https:\/\/www.google.com\/url?rct=j&amp;sa=t&amp;url=https:\/\/www.europapress.es\/esandalucia\/granada\/noticia-moreno-elogia-reconversion-cooperativas-andaluzas-industria-40-abrir-nuevos-mercados-aceite-oliva-20210924152458.html&amp;ct=ga&amp;cd=CAEYACoUMTUxNjc4NDMzNDM0NjYxNTQ0MzYyGWQ3OGU1ODc1YTBmMWYyYWM6ZXM6ZXM6RVM&amp;usg=AFQjCNEPScRrotm4t11B6zC8m3gShkouXw\">Moreno elogia la reconversi\u00f3n de cooperativas\u00a0andaluzas\u00a0en industria 4.0 para abrir &#8230;<\/a>&#8211;\u00a0Europa Press<\/p>\n<p><strong>Econom\u00eda y Empresas<\/strong><strong>\u00a0<\/strong><strong>\u00a0<\/strong><\/p>\n<p><a href=\"https:\/\/sevilla.abc.es\/agronoma\/noticias\/analistas\/mujeres-rurales-andalucia\/\">Mujeres rurales, la esencia de Andaluc\u00eda<\/a>-abc<a href=\"https:\/\/www.google.com\/url?rct=j&amp;sa=t&amp;url=http:\/\/www.almeria24h.com\/m\/noticia.php%3Fnoticia%3D55103&amp;ct=ga&amp;cd=CAEYASoUMTUxNjc4NDMzNDM0NjYxNTQ0MzYyGWQ3OGU1ODc1YTBmMWYyYWM6ZXM6ZXM6RVM&amp;usg=AFQjCNEmuQPbCMy1NnOoHMSexQX39Xq9xA\"><br \/>\nEmpleo. CCOO: \u201cel Gobierno\u00a0andaluz\u00a0tiene que asegurar que los fondos europeos sirvan<\/a>-almeria24h<\/p>\n<p><a href=\"https:\/\/www.europapress.es\/andalucia\/noticia-europa-press-reune-octubre-jornadas-andalucia-futuro-politicos-empresarios-20210926112938.html\">Europa Press re\u00fane el 6 y 7 de octubre en las jornadas &#8216;Andaluc\u00eda hacia el futuro&#8217; a representantes de la pol\u00edtica y de la empresa<\/a>-europapress<\/p>\n<p><a href=\"https:\/\/www.msn.com\/es-es\/news\/otras\/fycma-acoger-c3-a1-el-18-de-noviembre-andaluc-c3-ada-management-encuentro-anual-de-directivos-y-empresarios-andaluces\/ar-AAOKxYu?ocid=BingNewsSearch\">Fycma acoger\u00e1 el 18 de noviembre Andaluc\u00eda Management, encuentro anual de directiv@s y empresariado andaluz<\/a>-20minutos<\/p>\n<p><strong>Actualidad<\/strong><\/p>\n<p><a href=\"https:\/\/www.canalsur.es\/noticias\/andaluc%C3%ADa\/malaga\/balaguer-hacen-falta-mas-mujeres-en-los-tribunales-superiores\/1753824.html\">Balaguer, Catedr\u00e1tica de Derecho Constitucional: \u00abHacen falta m\u00e1s mujeres en los tribunales superiores\u00bb<\/a>\u00a0-canalsur<a href=\"https:\/\/www.google.com\/url?rct=j&amp;sa=t&amp;url=https:\/\/www.europapress.es\/esandalucia\/huelva\/noticia-ruiz-reafirma-compromiso-andalucia-coeducacion-luchar-contra-discriminaciones-violencia-genero-20210924151518.html&amp;ct=ga&amp;cd=CAEYACoTMTAyNjgxNTcwMzkzMjkzMTQwMTIbOWFiMWNkZDdlMzY2ZWYzODplczplczpFUzpS&amp;usg=AFQjCNH9EkL05mjyeqFCRymPbSs0hQvJ5g\"><br \/>\nRuiz reafirma el compromiso de\u00a0Andaluc\u00eda\u00a0con la coeducaci\u00f3n para luchar contra las discriminaciones\u2026<\/a>-europapress<\/p>\n<p><a href=\"https:\/\/www.diariocordoba.com\/cordoba-ciudad\/2021\/09\/22\/mujeres-sienten-humilladas-abortar-57578981.html\">Eva Rodr\u00edguez, directora de Cl\u00ednicas Ginesur: \u201cMuchas mujeres se sienten humilladas al ir a abortar\u00bb<\/a>-diariocordoba<\/p>\n<p><a href=\"https:\/\/andaluciainformacion.es\/sanlucar\/997947\/los-ciudadanos-no-ven-hombre-o-mujer-tras-el-uniforme-de-la-guardia-civil-ven-valores\/\">Carmen de Asido Orellana: \u201cLos ciudadanos no ven hombre o mujer tras el uniforme de la Guardia Civil, ven valores\u201d<\/a>\u00a0-andaluciainformacion<a href=\"https:\/\/www.google.com\/url?rct=j&amp;sa=t&amp;url=https:\/\/www.alhaurindelatorre.com\/la-famp-presenta-en-san-fernando-los-laboratorios-de-innovacion-por-la-economia-del-cuidado-y-de-comercio-local\/&amp;ct=ga&amp;cd=CAEYACoUMTA0MTgwNzE4NDY1NTkxNjM1MjkyGWQ3OGU1ODc1YTBmMWYyYWM6ZXM6ZXM6RVM&amp;usg=AFQjCNEo-do_QH4y70QBBtjKDvlXF5EWCw\"><br \/>\nLa FAMP presenta en San Fernando los Laboratorios de Innovaci\u00f3n por la\u00a0Econom\u00eda\u00a0del Cuidado&#8230;<\/a>-alhaurindelatorre<\/p>\n<p><a href=\"https:\/\/www.google.com\/url?rct=j&amp;sa=t&amp;url=http:\/\/www.juntadeandalucia.es\/presidencia\/portavoz\/164651\/Estadodelbienestar\/DiadelasPersonasMayores\/ConsejeriadeIgualdadPoliticasSocialesyConciliacion\/Andalucia\/Programadeactividades\/JuntadeAndalucia\/GobiernodeAndalucia&amp;ct=ga&amp;cd=CAEYASoSNzMzODkxNjgyNzM4MDI2NDg1Mhs5YWIxY2RkN2UzNjZlZjM4OmVzOmVzOkVTOlI&amp;usg=AFQjCNEN_4JySHW1uefwzoew0jY3ASVuBQ\">Igualdad organiza una semana de actividades para conmemorar el D\u00eda de las Personas Mayores<\/a>-juntadeandalucia<\/p>\n<p><strong>Violencias<\/strong><\/p>\n<p><a href=\"https:\/\/www.teleprensa.com\/articulo\/huelva\/diputacion-huelva-consensua-resto-diputaciones-andaluzas-campana-institucional-25-n\/202109211504221028110.html\">La Diputaci\u00f3n de Huelva consens\u00faa con el resto de diputaciones andaluzas la campa\u00f1a institucional del 25-N<\/a>-teleprensa<\/p>\n<p><a href=\"https:\/\/www.juntadeandalucia.es\/presidencia\/portavoz\/salud\/164578\/saludyfamilias\/sas\/violenciadegenero\/victimas\/mujeressordas\/atencionsanitariaespecializada\/profesionalessanitarios\/gobiernodeandalucia\">El SAS forma a personal sanitario para atender a mujeres sordas v\u00edctimas de violencia de g\u00e9nero<\/a>-juntadeandalucia<\/p>\n<p><a href=\"https:\/\/www.google.com\/url?rct=j&amp;sa=t&amp;url=https:\/\/www.diariodealmeria.es\/almeria\/Juzgan-acusado-asesinar-pareja-gador_0_1614438816.html&amp;ct=ga&amp;cd=CAEYBSoTMTY2NzUwNDE3MDIyMDM0NjMwNzIZYzAzNzJlYmMyZmVhZGE1OTplczplczpFUw&amp;usg=AFQjCNF5_B-SJISmD7TXmSJqD8WDsMaxXA\">Juzgan al acusado de asesinar a su pareja y tirarla a una planta de basura<\/a>-diariodealmeria<\/p>\n<p><strong>Ciencia y Cultura<\/strong><strong>\u00a0<\/strong><\/p>\n<p><a href=\"https:\/\/www.google.com\/url?rct=j&amp;sa=t&amp;url=https:\/\/www.granadadigital.es\/granada-tunez-hermanadas-ciencia-parque\/&amp;ct=ga&amp;cd=CAEYCCoUMTYxOTE4MjMxMDcwMDQ0MjM1MDkyGWMwMzcyZWJjMmZlYWRhNTk6ZXM6ZXM6RVM&amp;usg=AFQjCNEu3NrAw7ZL9Sr23k1R3mgHrzIKfA\">Granada y T\u00fanez quedan hermanadas por la ciencia<\/a>&#8211;\u00a0GranadaDigital<\/p>\n<p><a href=\"https:\/\/www.google.com\/url?rct=j&amp;sa=t&amp;url=https:\/\/www.diariodecadiz.es\/cadiz\/Ernestina-Munoz-mujer-discreta-ciencia_0_1614439569.html&amp;ct=ga&amp;cd=CAEYACoUMTc1NzY3NjI4MDEwMTgyNzY3MTYyGWMwMzcyZWJjMmZlYWRhNTk6ZXM6ZXM6RVM&amp;usg=AFQjCNGNfoik1whQXFj6PM0k2DO0iS7YhA\">Ernestina Mu\u00f1oz, una\u00a0mujer\u00a0discreta, en el campo de la ciencia \u00a0<\/a>\u2026-diariodecadiz<\/p>\n<p><a href=\"https:\/\/www.cordobabn.com\/articulo\/cordoba\/uco-recibe-almeria-premio-andalucia-turismo-formacion-investigacion-turistica\/20210927115151108897.html\">La UCO recibe en Almer\u00eda el premio \u201cAndaluc\u00eda del turismo\u201d a la formaci\u00f3n e investigaci\u00f3n tur\u00edstica<\/a>-cordobabn<\/p>\n<p><a href=\"https:\/\/www.audiovisual451.com\/la-academia-de-cine-de-andalucia-convoca-un-concurso-publico-para-la-creacion-del-trofeo-de-los-premios-carmen\/\">La Academia de Cine de Andaluc\u00eda convoca un concurso p\u00fablico para la creaci\u00f3n del trofeo de los Premios Carmen<\/a>-audiovisual451<\/p>\n<p><a href=\"https:\/\/www.granadahoy.com\/ocio\/Premios-Andalucia-Critica-entregaran-Granada_0_1614439403.html\">Los Premios Andaluc\u00eda de la Cr\u00edtica se entregar\u00e1n el mi\u00e9rcoles en Granada<\/a>-granadahoy<\/p>\n<p><strong>Deporte<\/strong><\/p>\n<p><a href=\"https:\/\/www.juntadeandalucia.es\/presidencia\/portavoz\/social\/164693\/DesafioDonana\/Deporte\/Triatlon\/Donana\/AndresCarnevali\/LilianaVerissimo\">La portuguesa Liliana Ver\u00edssimo ganan el XII Desaf\u00edo Do\u00f1ana<\/a>&#8211; juntadeandalucia<\/p>\n<\/div>\n<\/div>\n<div id=\"\" class=\"lsow-panel lsow-active\">\n<h1 class=\"lsow-panel-title\">Estado<\/h1>\n<div class=\"lsow-panel-content\">\n<p><strong>Institucional<\/strong><\/p>\n<p><a href=\"https:\/\/www.google.com\/url?rct=j&amp;sa=t&amp;url=https:\/\/diario16.com\/pilar-cancela-centroamerica-es-una-zona-de-prioridad-absoluta-para-espana\/&amp;ct=ga&amp;cd=CAEYASoTMzc0MTQ4MzYyMDE5NDY1NzUzMDIZNTlkNzgxNzEzNmEyZDAyODplczplczpFUw&amp;usg=AFQjCNE9O0FgAeQzkk5WxFmBqdoUvfLrVQ\">Victoria Rosell, delegada del Gobierno para la\u00a0Violencia de G\u00e9nero: \u00abEl derecho al aborto &#8230;-\u00a0eldiario.es<\/a><\/p>\n<p><a href=\"https:\/\/www.google.com\/url?rct=j&amp;sa=t&amp;url=https:\/\/diario16.com\/pilar-cancela-centroamerica-es-una-zona-de-prioridad-absoluta-para-espana\/&amp;ct=ga&amp;cd=CAEYASoTMzc0MTQ4MzYyMDE5NDY1NzUzMDIZNTlkNzgxNzEzNmEyZDAyODplczplczpFUw&amp;usg=AFQjCNE9O0FgAeQzkk5WxFmBqdoUvfLrVQ\">Marlaska llama a aumentar la presencia de mujeres en la Guardia Civil: \u00abEl futuro del cuerpo se escribe en femenino\u00bb-europapress<\/a><\/p>\n<p><a href=\"https:\/\/www.google.com\/url?rct=j&amp;sa=t&amp;url=https:\/\/diario16.com\/pilar-cancela-centroamerica-es-una-zona-de-prioridad-absoluta-para-espana\/&amp;ct=ga&amp;cd=CAEYASoTMzc0MTQ4MzYyMDE5NDY1NzUzMDIZNTlkNzgxNzEzNmEyZDAyODplczplczpFUw&amp;usg=AFQjCNE9O0FgAeQzkk5WxFmBqdoUvfLrVQ\">Pilar Cancela: \u201cCentroam\u00e9rica es una zona de prioridad absoluta para Espa\u00f1a\u201d<\/a>-diario16<\/p>\n<p><strong>Institucional &#8211; CCAA<\/strong><\/p>\n<p><a href=\"https:\/\/www.google.com\/url?rct=j&amp;sa=t&amp;url=https:\/\/www.lanzadigital.com\/provincia\/ciudad-real\/todas-las-administraciones-y-la-uclm-ponen-de-manifiesto-su-empeno-en-erradicar-la-explotacion-sexual-y-la-trata\/&amp;ct=ga&amp;cd=CAEYACoUMTYxOTE4MjMxMDcwMDQ0MjM1MDkyGWMwMzcyZWJjMmZlYWRhNTk6ZXM6ZXM6RVM&amp;usg=AFQjCNEpJBrN4kYZFjgcr1JnWMgojI_Vsg\">Todas las administraciones y la UCLM ponen de manifiesto su empe\u00f1o en erradicar la &#8230;<\/a>&#8211;\u00a0Lanza Digital<\/p>\n<p><a href=\"https:\/\/www.google.com\/url?rct=j&amp;sa=t&amp;url=https:\/\/www.elperiodic.com\/mitv-reune-directora-general-instituto-valenciano-mujeres-para-reforzar-unidad-igualdad-municipios_772352&amp;ct=ga&amp;cd=CAEYFSoUMTcwMjg3ODAxNjI4MTU2MTM1MTMyGWMwMzcyZWJjMmZlYWRhNTk6ZXM6ZXM6RVM&amp;usg=AFQjCNHMaqVtQNFekCXeZXFdH0y3P7wVRg\">La MITV se re\u00fane con la Directora General del\u00a0Instituto\u00a0Valenciano de las\u00a0Mujeres\u00a0para &#8230;<\/a>&#8211;<a href=\"http:\/\/elperiodic.com\/\">elperiodic.com<\/a><\/p>\n<p><a href=\"https:\/\/www.google.com\/url?rct=j&amp;sa=t&amp;url=https:\/\/www.laopiniondemurcia.es\/comunidad\/2021\/09\/25\/ewoman-murcia-vuelven-galardones-mujeres-57640788.html&amp;ct=ga&amp;cd=CAEYACoUMTM2NDUxNzA5ODA4ODM4NTY4NjEyGWMwMzcyZWJjMmZlYWRhNTk6ZXM6ZXM6RVM&amp;usg=AFQjCNHmBL2R_uoIs2v9ufsbdRctQwh6-A\">eWoman Murcia | Vuelven los galardones a las\u00a0mujeres\u00a0influyentes de la Regi\u00f3n &#8230;<\/a>-La Opini\u00f3n de Murcia<a href=\"https:\/\/www.google.com\/url?rct=j&amp;sa=t&amp;url=https:\/\/www.elperiodicoextremadura.com\/almendralejo\/2021\/09\/25\/ensenan-mujeres-inmigrantes-luchar-violencia-57671552.html&amp;ct=ga&amp;cd=CAEYACoTNjUzMjk2NDgwMDAzNjU4Mzg1MTIZYzAzNzJlYmMyZmVhZGE1OTplczplczpFUw&amp;usg=AFQjCNGPS8-RG_qGpqsP38et8hq5qFA72g\"><br \/>\nEnse\u00f1an a\u00a0mujeres\u00a0inmigrantes a luchar contra la violencia de g\u00e9nero<\/a>-elperiodicodeextremadura<\/p>\n<p><a href=\"https:\/\/www.google.com\/url?rct=j&amp;sa=t&amp;url=https:\/\/www.europapress.es\/euskadi\/noticia-agredidas-cerca-1800-mujeres-pareja-expareja-julio-euskadi-20210925133340.html&amp;ct=ga&amp;cd=CAEYACoTMTI5NDQzMDY0MDA3NzU3MTQwMTIZYzAzNzJlYmMyZmVhZGE1OTplczplczpFUw&amp;usg=AFQjCNHmUwuk1X61z_uylc5Mfgj6m_SZFQ\">Agredidas cerca de 1.800\u00a0mujeres\u00a0por su pareja o expareja hasta julio en Euskadi<\/a>-europapress<\/p>\n<p><a href=\"https:\/\/www.google.com\/url?rct=j&amp;sa=t&amp;url=https:\/\/www.diariodenavarra.es\/noticias\/navarra\/tafalla-zona-media\/2021\/09\/26\/peralta-pone-el-foco-mujer-rural-desafios-igualdad-501931-1008.html&amp;ct=ga&amp;cd=CAEYACoTMzAwODMyMjg1NTY4MDkzMjczOTIZYzAzNzJlYmMyZmVhZGE1OTplczplczpFUw&amp;usg=AFQjCNE4CMfcobBzPLOBf_RZHrW7dbP7aA\">Peralta pone el foco en la\u00a0mujer\u00a0rural y en los desaf\u00edos de igualdad\u00a0<\/a>\u2013diariodenavarra<\/p>\n<p><a href=\"https:\/\/www.larazon.es\/castilla-y-leon\/20210927\/occ7npgi6rb6fp5hqfh6j4ts3m.html\">Zamora avanza en la igualdad entre mujeres y hombres<\/a>-larazon<\/p>\n<p><strong>Econom\u00eda\u00a0y Empresa<\/strong><strong><a href=\"https:\/\/www.google.com\/url?rct=j&amp;sa=t&amp;url=https:\/\/www.elperiodico.com\/es\/activos\/empleo\/20210917\/dia-internacional-igualdad-salarial-12079411&amp;ct=ga&amp;cd=CAEYBCoTNTk0OTQ1NDYzMjQ3NDY3NTkwMzIZYzAzNzJlYmMyZmVhZGE1OTplczplczpFUw&amp;usg=AFQjCNEQhyViaGjpnJmLBae13FSWdqGk0g\"><br \/>\n<\/a><\/strong><\/p>\n<p><a href=\"https:\/\/www.eldiario.es\/economia\/mejor-economista-espanola-menor-40-anos-universidad-publica-calidad-no-estaria_1_8336497.html\">M\u00f3nica Mart\u00ednez-Bravo, la mejor economista espa\u00f1ola menor de 40 a\u00f1os: \u00abSin una universidad p\u00fablica y de calidad, no estar\u00eda aqu\u00ed\u00bb<\/a>-eldiario<a href=\"https:\/\/www.google.com\/url?rct=j&amp;sa=t&amp;url=https:\/\/desafiomujerrural.es\/noticias\/guias-para-incorporar-la-perspectiva-de-genero-en-las-actuaciones-financiables-en-el-marco&amp;ct=ga&amp;cd=CAEYACoUMTQ0NDc4OTk0MDEzMTAwMzc0NzYyGWMwMzcyZWJjMmZlYWRhNTk6ZXM6ZXM6RVM&amp;usg=AFQjCNHRjHLNwaEiW9Nh28EbeUil4D5dCA\"><br \/>\nGu\u00edas para incorporar la perspectiva de g\u00e9nero en las actuaciones financiables en el marco &#8230;<\/a>&#8211; desafiomujerrural<a href=\"https:\/\/www.google.com\/url?rct=j&amp;sa=t&amp;url=https:\/\/www.telva.com\/bienestar\/2021\/09\/24\/614c817f02136e99298b461b.html&amp;ct=ga&amp;cd=CAEYAioTNTA3NDkzOTA4MTI2Mjk2NzUxMTIZYzAzNzJlYmMyZmVhZGE1OTplczplczpFUw&amp;usg=AFQjCNGkiUMK_9_6onARJumZjRD5ZzEO-A\"><br \/>\nLas grandes empresas apoyan la natalidad para paliar el desastre demogr\u00e1fico<\/a>-telva<\/p>\n<p><a href=\"https:\/\/www.zonamovilidad.es\/entrevista-mujer-tecnologia-lisa-martinez-tableau-no-veo-barrera-mujeres-mas-alla-sociales-estereotipos\">Lisa Martinez (Tableau): \u201cno veo ninguna barrera para las mujeres m\u00e1s all\u00e1 de las puramente sociales y los estereotipos\u201d<\/a><strong>&#8211;<\/strong>zonamovilidad<\/p>\n<p><a href=\"https:\/\/elpais.com\/economia\/negocios\/2021-09-27\/beatriz-corredor-ree-el-sistema-de-fijacion-de-precios-es-ineficiente.html\">Beatriz Corredor (REE): \u201cEl sistema de fijaci\u00f3n de precios es ineficiente\u201d<\/a>-El Pa\u00eds<\/p>\n<p><strong>Actualidad<\/strong><\/p>\n<p><a href=\"https:\/\/www.rtve.es\/noticias\/20210924\/mujer-voto-homenaje-mujeres-consiguieron-derecho-voto-1931\/2174145.shtml\">&#8216;Una mujer, un voto&#8217;, un homenaje a las mujeres que consiguieron el derecho al voto en 1931<\/a>-rtve<\/p>\n<p><a href=\"https:\/\/www.google.com\/url?rct=j&amp;sa=t&amp;url=https:\/\/www.lavanguardia.com\/magazine\/personalidades\/20210925\/7734585\/mujer-50-anos-hoy-considerarse-joven.html&amp;ct=ga&amp;cd=CAEYACoTMTQ1ODkwNDc5OTY3MDA5MzQ2MDIZYzAzNzJlYmMyZmVhZGE1OTplczplczpFUw&amp;usg=AFQjCNFg_m6uB6kas7S6x2vtm4NuJOtLQw\">Anna Veiga: \u201cUna\u00a0mujer\u00a0de 50 a\u00f1os hoy puede considerarse joven\u201d<\/a>-lavanguardia<a href=\"https:\/\/www.google.com\/url?rct=j&amp;sa=t&amp;url=https:\/\/www.rtve.es\/play\/audios\/somos-cooperacion\/somos-cooperacion-iniciativas-espanolas-naciones-unidas-25-09-21\/6108310\/&amp;ct=ga&amp;cd=CAEYACoTMzYzNjUyMjQyODI4NTQyNzUwMjIZNTlkNzgxNzEzNmEyZDAyODplczplczpFUw&amp;usg=AFQjCNFQezjqCfZrLiHr1h-pAA3DhZc6LQ\"><br \/>\nSomos\u00a0cooperaci\u00f3n: Iniciativas espa\u00f1olas en Naciones Unidas<\/a>-rtve<a href=\"https:\/\/www.google.com\/url?rct=j&amp;sa=t&amp;url=https:\/\/www.inmujeres.gob.es\/actualidad\/noticias\/2021\/SEPTIEMBRE\/accesoalaborto.htm&amp;ct=ga&amp;cd=CAEYAyoUMTgxMzcwMTc4MzEzNTA3NDE1NDcyGWMwMzcyZWJjMmZlYWRhNTk6ZXM6ZXM6RVM&amp;usg=AFQjCNGHQaXWQWsCVYYH1dtmTvuOqHEcSg\"><br \/>\nCon el lema &#8216;Derechos sexuales y reproductivos para todas&#8217;, &#8230;<\/a>-inmujeres<\/p>\n<p><a href=\"https:\/\/www.google.com\/url?rct=j&amp;sa=t&amp;url=https:\/\/elpais.com\/planeta-futuro\/2021-09-25\/emigrar-para-abortar.html&amp;ct=ga&amp;cd=CAEYASoUMTMwNDY3MDI4NDY0NDc0NTUzMzIyGWMwMzcyZWJjMmZlYWRhNTk6ZXM6ZXM6RVM&amp;usg=AFQjCNGmO_OzdviWvElQr1XWSlsu0bKBpA\">Emigrar para abortar\u00a0<\/a>\u2013El Pa\u00eds<a href=\"https:\/\/www.google.com\/url?rct=j&amp;sa=t&amp;url=https:\/\/www.europapress.es\/sociedad\/noticia-pandemia-frena-rupturas-matrimoniales-cayeron-80015-2020-cifra-mas-baja-serie-historica-20210927121803.html&amp;ct=ga&amp;cd=CAEYAioTODgyODQ2NjM2MDkxMzM3MjIxODIZYzAzNzJlYmMyZmVhZGE1OTplczplczpFUw&amp;usg=AFQjCNFUCqpZcV_orIJJM13c67yhoKrm-A\"><br \/>\nLa pandemia frena las rupturas matrimoniales, que cayeron hasta 80.015 en 2020, la cifra &#8230;<\/a>-europapress<\/p>\n<p><strong>Violencias<\/strong><\/p>\n<p><a href=\"https:\/\/www.google.com\/url?rct=j&amp;sa=t&amp;url=https:\/\/www.elche.es\/2021\/09\/el-i-congreso-internacional-de-violencia-de-genero-digital-clausura-su-primera-edicion\/&amp;ct=ga&amp;cd=CAEYACoUMTA2Mjc0MzI4NzA5MDUwMzE1NjEyGWUxZTc3ZDE1NjA5OGE4ZTM6ZXM6ZXM6RVM&amp;usg=AFQjCNH9aprB-UQKnuvIjU3UIHaKmPQ6Pw\">El I Congreso Internacional de\u00a0Violencia de G\u00e9nero\u00a0Digital clausura su primera edici\u00f3n &#8230;<\/a>&#8211;\u00a0Ayuntamiento de Elche<\/p>\n<p><strong>Ciencia y Cultura<\/strong><\/p>\n<p><a href=\"https:\/\/www.google.com\/url?rct=j&amp;sa=t&amp;url=https:\/\/www.cope.es\/actualidad\/tecnologia\/noticias\/primer-nino-con-exoesqueleto-mural-homenaje-mujeres-cientificas-20210924_1519998&amp;ct=ga&amp;cd=CAEYASoTNDAzNTM2MjQwMzk5MTQ1MzI5OTIZY2M3OTg0MWM2ZWYzNGViZjplczplczpFUw&amp;usg=AFQjCNHiKXc7mihKChveJO-FJstBDsfBdw\">El primer\u00a0ni\u00f1o\u00a0con exoesqueleto, en un mural homenaje a mujeres cient\u00edficas\u00a0\u2013\u00a0<\/a>cope<a href=\"https:\/\/www.google.com\/url?rct=j&amp;sa=t&amp;url=https:\/\/www.diariolibre.com\/actualidad\/internacional\/la-rumana-blue-moon-concha-de-oro-del-san-sebastian-mas-feminista-AL28982147&amp;ct=ga&amp;cd=CAEYACoTODY0MDYyMjA0MTQyMjg3OTU2MDIZNTlkNzgxNzEzNmEyZDAyODplczplczpFUw&amp;usg=AFQjCNFDQORIhshL5gqev7hX_5sFEOtI2A\"><br \/>\nLa rumana &#8216;Blue moon&#8217;, Concha de Oro del San Sebasti\u00e1n m\u00e1s feminista<\/a>-diariolibre<\/p>\n<p><a href=\"https:\/\/www.google.com\/url?rct=j&amp;sa=t&amp;url=https:\/\/www.eldiarioalerta.com\/articulo\/agencias\/aragon-zaragoza-sala-juana-frances-alberga-coronadas-exposicion-pinturas-mujeres-conchita-cueva\/20210924141941291124.html&amp;ct=ga&amp;cd=CAEYDyoUMTcwMjg3ODAxNjI4MTU2MTM1MTMyGWMwMzcyZWJjMmZlYWRhNTk6ZXM6ZXM6RVM&amp;usg=AFQjCNHaRIe7p4LD36VOpCyQRCenqQiPdw\">La sala Juana Franc\u00e9s alberga &#8216;Coronadas&#8217;, la exposici\u00f3n de pinturas &#8230;<\/a>-alerta<a href=\"https:\/\/www.google.com\/url?rct=j&amp;sa=t&amp;url=https:\/\/www.diaridetarragona.com\/cultura-vida\/Carmen-Laforet-hacia-el-silencio-20210925-0057.html&amp;ct=ga&amp;cd=CAEYASoTNzU2Mzg4MjA1MjgxNTk1NTg5MDIZYzAzNzJlYmMyZmVhZGE1OTplczplczpFUw&amp;usg=AFQjCNE5eU-VkBDOzzacLYhvXcBJBYVdUQ\"><br \/>\nCarmen Laforet, hacia el silencio<\/a>-Diariodetarragona<a href=\"https:\/\/www.google.com\/url?rct=j&amp;sa=t&amp;url=https:\/\/www.ideal.es\/xlsemanal\/firmas\/isabel-coixet-ahora-soy-medea.html&amp;ct=ga&amp;cd=CAEYBCoTMTY2NzUwNDE3MDIyMDM0NjMwNzIZYzAzNzJlYmMyZmVhZGE1OTplczplczpFUw&amp;usg=AFQjCNGbpWGzH5wktGAcXkPb7t_iezSlIQ\"><br \/>\nAhora soy Medea<\/a>-elideal<\/p>\n<p><a href=\"https:\/\/www.eldiario.es\/cultura\/jessica-chastain-flora-ofelia-hofmann-mejores-interpretes-san-sebastian_1_8338772.html\">Jessica Chastain y Flora Ofelia Hofmann, mejores int\u00e9rpretes en San Sebasti\u00e1n<\/a>-eldiario<\/p>\n<p><strong>Deporte<\/strong><\/p>\n<p><a href=\"https:\/\/elpais.com\/mexico\/2021-09-21\/aremi-fuentes-del-olimpo-a-recibir-un-cheque-sin-fondos.html\">Aremi Fuentes: del olimpo a recibir un cheque sin fondos<\/a>-elpais<\/p>\n<\/div>\n<\/div>\n<div id=\"\" class=\"lsow-panel lsow-active\">\n<h1 class=\"lsow-panel-title\">Internacional<\/h1>\n<div class=\"lsow-panel-content\">\n<p><a href=\"https:\/\/www.google.com\/url?rct=j&amp;sa=t&amp;url=https:\/\/radiocentro977.com\/siguiendo-el-modelo-europeo-en-las-elecciones-islandesas-las-mujeres-obtienen-la-mayoria-de-escanos-parlamentarios\/&amp;ct=ga&amp;cd=CAEYAioUMTEyODE2OTA5NjMwMjA1NzE3MzEyGWMwMzcyZWJjMmZlYWRhNTk6ZXM6ZXM6RVM&amp;usg=AFQjCNHMz3YM_rpJbAwZhcPyPlrzF8tPeg\">Siguiendo el modelo europeo en las elecciones islandesas, las\u00a0mujeres\u00a0obtienen la\u00a0mayor\u00eda de esca\u00f1os parlamentarios&#8230;<\/a>-radiocentro<a href=\"https:\/\/www.google.com\/url?rct=j&amp;sa=t&amp;url=https:\/\/www.ultimahora.es\/noticias\/internacional\/2021\/09\/25\/1301559\/violencia-machista-europa-paraguas-legal-coordinado-para-salvar-vidas.html&amp;ct=ga&amp;cd=CAEYACoUMTM1NTczMTMxMjc2ODM0NzY4ODkyGTU5ZDc4MTcxMzZhMmQwMjg6ZXM6ZXM6RVM&amp;usg=AFQjCNGXODXX9mZhcBLvAZaA_abfOtKmug\"><br \/>\nViolencia machista en Europa: un paraguas legal coordinado para salvar vidas<\/a>-ultimahora<\/p>\n<p><a href=\"https:\/\/www.google.com\/url?rct=j&amp;sa=t&amp;url=https:\/\/www.vanguardia.com\/colombia\/se-acerca-el-lanzamiento-de-mas-mujeres-mas-democracia-rumbo-a-la-paridad-DL4287306&amp;ct=ga&amp;cd=CAEYAyoUMTEzODUzODg2MDIzNjU0Mzk5NjcyGTU5ZDc4MTcxMzZhMmQwMjg6ZXM6ZXM6RVM&amp;usg=AFQjCNFwoUQhcVkOjSzOeOxbPXiXgLhy6g\">Se acerca el lanzamiento de &#8216;M\u00e1s mujeres, m\u00e1s democracia: rumbo a la paridad&#8217;<\/a>-lavanguardia<a href=\"https:\/\/www.google.com\/url?rct=j&amp;sa=t&amp;url=https:\/\/www.swissinfo.ch\/spa\/suiza-parece-dispuesta-a-abrir-el-matrimonio-a-lesbianas-y-gays\/46979396&amp;ct=ga&amp;cd=CAEYASoTOTc4ODUzOTc0MjA4MDM3MTExNzIZYzAzNzJlYmMyZmVhZGE1OTplczplczpFUw&amp;usg=AFQjCNHDvj0qaaIdBkdIOdlP2CQE_d4nNA\"><br \/>\nLas parejas homosexuales podr\u00e1n casarse en Suiza\u00a0<\/a>&#8211;\u00a0swissinfo<\/p>\n<p><a href=\"https:\/\/www.google.com\/url?rct=j&amp;sa=t&amp;url=https:\/\/www.elmundo.cr\/costa-rica\/mas-de-600-lideresas-urgen-a-diputados-aprobar-ley-contra-violencia-politica-a-las-mujeres\/&amp;ct=ga&amp;cd=CAEYFCoUMTcwMjg3ODAxNjI4MTU2MTM1MTMyGWMwMzcyZWJjMmZlYWRhNTk6ZXM6ZXM6RVM&amp;usg=AFQjCNEZqhbvoZ7DTnKOk463dIFtjoFVOA\">M\u00e1s de 600 lideresas urgen a diputados aprobar ley contra violencia pol\u00edtica a las\u00a0mujeres<\/a>-elmundocr<a href=\"https:\/\/www.google.com\/url?rct=j&amp;sa=t&amp;url=https:\/\/www.swissinfo.ch\/spa\/ecuador-mujeres_ecuador-pondr%25C3%25A1-en-marcha-un-sistema-integral-contra-la-violencia-de-g%25C3%25A9nero\/46980732&amp;ct=ga&amp;cd=CAEYACoUMTc1NDQwMjcxMjc0NjAwNDE0NjIyGWMwMzcyZWJjMmZlYWRhNTk6ZXM6ZXM6RVM&amp;usg=AFQjCNFxROMrYRR60yRxJVtnVirKYq9HTA\"><br \/>\nEcuador pondr\u00e1 en marcha un sistema integral contra la violencia de g\u00e9nero<\/a>&#8211;\u00a0swissinfo<\/p>\n<p><a href=\"https:\/\/elpais.com\/eps\/2021-09-26\/las-mujeres-negras-que-revolucionaron-la-industria-de-la-belleza.html\">Las mujeres negras que revolucionaron la industria de la belleza<\/a>-El Pa\u00eds<\/p>\n<p><a href=\"https:\/\/smoda.elpais.com\/celebrities\/vips\/china-censura-actriz-zhao-wei-borra-internet\/\">China borra a la actriz Zhao Wei de la faz de internet<\/a>\u00a0-El Pa\u00eds<\/p>\n<\/div>\n<\/div>\n<\/div><\/div><\/div><\/div><\/div>\n","protected":false},"excerpt":{"rendered":"<p>Victoria Rosell: El derecho al aborto no puede ceder ante el derecho a objetar * La rumana Blue moon logra la Concha de Oro de San Sebasti\u00e1n * Somos cooperaci\u00f3n: Iniciativas espa\u00f1olas en la ONU * Una mujer, un voto<\/p>\n","protected":false},"author":3,"featured_media":22909,"comment_status":"closed","ping_status":"closed","sticky":false,"template":"","format":"standard","meta":{"footnotes":""},"categories":[298,621],"tags":[122],"class_list":["post-15566","post","type-post","status-publish","format-standard","has-post-thumbnail","hentry","category-newsletter","category-nwl-3-0","tag-aborto"],"yoast_head":"<!-- This site is optimized with the Yoast SEO plugin v27.5 - https:\/\/yoast.com\/product\/yoast-seo-wordpress\/ -->\n<title>Noticias Info CKL n\u00ba 2619-27\/09\/21-Comunicar con perspectiva de g\u00e9nero<\/title>\n<meta name=\"description\" content=\"Victoria Rosell: El derecho al aborto no puede ceder ante el derecho a objetar * La rumana Blue moon logra la Concha de Oro de San Sebasti\u00e1n * Somos cooperaci\u00f3n: Iniciativas espa\u00f1olas en la ONU * Una mujer, un voto\" \/>\n<meta name=\"robots\" content=\"index, follow, max-snippet:-1, max-image-preview:large, max-video-preview:-1\" \/>\n<link rel=\"canonical\" href=\"https:\/\/cklcomunicaciones.es\/coop\/noticias-info-ckl-no-2619-27-09-21\/\" \/>\n<meta property=\"og:locale\" content=\"es_ES\" \/>\n<meta property=\"og:type\" content=\"article\" \/>\n<meta property=\"og:title\" content=\"Noticias Info CKL n\u00ba 2619-27\/09\/21-Comunicar con perspectiva de g\u00e9nero\" \/>\n<meta property=\"og:description\" content=\"Victoria Rosell: El derecho al aborto no puede ceder ante el derecho a objetar * La rumana Blue moon logra la Concha de Oro de San Sebasti\u00e1n * Somos cooperaci\u00f3n: Iniciativas espa\u00f1olas en la ONU * Una mujer, un voto\" \/>\n<meta property=\"og:url\" content=\"https:\/\/cklcomunicaciones.es\/coop\/noticias-info-ckl-no-2619-27-09-21\/\" \/>\n<meta property=\"og:site_name\" content=\"CKL Comunicaciones\" \/>\n<meta property=\"article:published_time\" content=\"2021-09-27T11:14:57+00:00\" \/>\n<meta property=\"article:modified_time\" content=\"2025-02-09T21:01:20+00:00\" \/>\n<meta property=\"og:image\" content=\"https:\/\/cklcomunicaciones.es\/coop\/wp-content\/uploads\/2025\/01\/CKL-una-mirada-distinta-de-la-comunicacion.jpg\" \/>\n\t<meta property=\"og:image:width\" content=\"1482\" \/>\n\t<meta property=\"og:image:height\" content=\"775\" \/>\n\t<meta property=\"og:image:type\" content=\"image\/jpeg\" \/>\n<meta name=\"author\" content=\"ckl\" \/>\n<meta name=\"twitter:card\" content=\"summary_large_image\" \/>\n<meta name=\"twitter:label1\" content=\"Escrito por\" \/>\n\t<meta name=\"twitter:data1\" content=\"ckl\" \/>\n\t<meta name=\"twitter:label2\" content=\"Tiempo de lectura\" \/>\n\t<meta name=\"twitter:data2\" content=\"5 minutos\" \/>\n<script type=\"application\/ld+json\" class=\"yoast-schema-graph\">{\"@context\":\"https:\\\/\\\/schema.org\",\"@graph\":[{\"@type\":\"Article\",\"@id\":\"https:\\\/\\\/cklcomunicaciones.es\\\/coop\\\/noticias-info-ckl-no-2619-27-09-21\\\/#article\",\"isPartOf\":{\"@id\":\"https:\\\/\\\/cklcomunicaciones.es\\\/coop\\\/noticias-info-ckl-no-2619-27-09-21\\\/\"},\"author\":{\"name\":\"ckl\",\"@id\":\"https:\\\/\\\/cklcomunicaciones.es\\\/coop\\\/#\\\/schema\\\/person\\\/929a6837f7626450bbb50cee1aef266e\"},\"headline\":\"Noticias Info CKL n\u00ba 2619-27\\\/09\\\/21\",\"datePublished\":\"2021-09-27T11:14:57+00:00\",\"dateModified\":\"2025-02-09T21:01:20+00:00\",\"mainEntityOfPage\":{\"@id\":\"https:\\\/\\\/cklcomunicaciones.es\\\/coop\\\/noticias-info-ckl-no-2619-27-09-21\\\/\"},\"wordCount\":1103,\"image\":{\"@id\":\"https:\\\/\\\/cklcomunicaciones.es\\\/coop\\\/noticias-info-ckl-no-2619-27-09-21\\\/#primaryimage\"},\"thumbnailUrl\":\"https:\\\/\\\/cklcomunicaciones.es\\\/coop\\\/wp-content\\\/uploads\\\/2025\\\/01\\\/CKL-una-mirada-distinta-de-la-comunicacion.jpg\",\"keywords\":[\"aborto\"],\"articleSection\":[\"Newsletter\",\"Nwl v3.0\"],\"inLanguage\":\"es\"},{\"@type\":\"WebPage\",\"@id\":\"https:\\\/\\\/cklcomunicaciones.es\\\/coop\\\/noticias-info-ckl-no-2619-27-09-21\\\/\",\"url\":\"https:\\\/\\\/cklcomunicaciones.es\\\/coop\\\/noticias-info-ckl-no-2619-27-09-21\\\/\",\"name\":\"Noticias Info CKL n\u00ba 2619-27\\\/09\\\/21-Comunicar con perspectiva de g\u00e9nero\",\"isPartOf\":{\"@id\":\"https:\\\/\\\/cklcomunicaciones.es\\\/coop\\\/#website\"},\"primaryImageOfPage\":{\"@id\":\"https:\\\/\\\/cklcomunicaciones.es\\\/coop\\\/noticias-info-ckl-no-2619-27-09-21\\\/#primaryimage\"},\"image\":{\"@id\":\"https:\\\/\\\/cklcomunicaciones.es\\\/coop\\\/noticias-info-ckl-no-2619-27-09-21\\\/#primaryimage\"},\"thumbnailUrl\":\"https:\\\/\\\/cklcomunicaciones.es\\\/coop\\\/wp-content\\\/uploads\\\/2025\\\/01\\\/CKL-una-mirada-distinta-de-la-comunicacion.jpg\",\"datePublished\":\"2021-09-27T11:14:57+00:00\",\"dateModified\":\"2025-02-09T21:01:20+00:00\",\"author\":{\"@id\":\"https:\\\/\\\/cklcomunicaciones.es\\\/coop\\\/#\\\/schema\\\/person\\\/929a6837f7626450bbb50cee1aef266e\"},\"description\":\"Victoria Rosell: El derecho al aborto no puede ceder ante el derecho a objetar * La rumana Blue moon logra la Concha de Oro de San Sebasti\u00e1n * Somos cooperaci\u00f3n: Iniciativas espa\u00f1olas en la ONU * Una mujer, un voto\",\"breadcrumb\":{\"@id\":\"https:\\\/\\\/cklcomunicaciones.es\\\/coop\\\/noticias-info-ckl-no-2619-27-09-21\\\/#breadcrumb\"},\"inLanguage\":\"es\",\"potentialAction\":[{\"@type\":\"ReadAction\",\"target\":[\"https:\\\/\\\/cklcomunicaciones.es\\\/coop\\\/noticias-info-ckl-no-2619-27-09-21\\\/\"]}]},{\"@type\":\"ImageObject\",\"inLanguage\":\"es\",\"@id\":\"https:\\\/\\\/cklcomunicaciones.es\\\/coop\\\/noticias-info-ckl-no-2619-27-09-21\\\/#primaryimage\",\"url\":\"https:\\\/\\\/cklcomunicaciones.es\\\/coop\\\/wp-content\\\/uploads\\\/2025\\\/01\\\/CKL-una-mirada-distinta-de-la-comunicacion.jpg\",\"contentUrl\":\"https:\\\/\\\/cklcomunicaciones.es\\\/coop\\\/wp-content\\\/uploads\\\/2025\\\/01\\\/CKL-una-mirada-distinta-de-la-comunicacion.jpg\",\"width\":1482,\"height\":775,\"caption\":\"CKL - una mirada distinta de la comunicacion\"},{\"@type\":\"BreadcrumbList\",\"@id\":\"https:\\\/\\\/cklcomunicaciones.es\\\/coop\\\/noticias-info-ckl-no-2619-27-09-21\\\/#breadcrumb\",\"itemListElement\":[{\"@type\":\"ListItem\",\"position\":1,\"name\":\"Portada\",\"item\":\"https:\\\/\\\/cklcomunicaciones.es\\\/coop\\\/\"},{\"@type\":\"ListItem\",\"position\":2,\"name\":\"Noticias Info CKL n\u00ba 2619-27\\\/09\\\/21\"}]},{\"@type\":\"WebSite\",\"@id\":\"https:\\\/\\\/cklcomunicaciones.es\\\/coop\\\/#website\",\"url\":\"https:\\\/\\\/cklcomunicaciones.es\\\/coop\\\/\",\"name\":\"CKL Comunicaciones\",\"description\":\"Sitio web de CKL Comunicaciones coop , la consultora de comunicaci\u00f3n y estrategia\",\"potentialAction\":[{\"@type\":\"SearchAction\",\"target\":{\"@type\":\"EntryPoint\",\"urlTemplate\":\"https:\\\/\\\/cklcomunicaciones.es\\\/coop\\\/?s={search_term_string}\"},\"query-input\":{\"@type\":\"PropertyValueSpecification\",\"valueRequired\":true,\"valueName\":\"search_term_string\"}}],\"inLanguage\":\"es\"},{\"@type\":\"Person\",\"@id\":\"https:\\\/\\\/cklcomunicaciones.es\\\/coop\\\/#\\\/schema\\\/person\\\/929a6837f7626450bbb50cee1aef266e\",\"name\":\"ckl\",\"image\":{\"@type\":\"ImageObject\",\"inLanguage\":\"es\",\"@id\":\"https:\\\/\\\/secure.gravatar.com\\\/avatar\\\/c82db564e8a669bf6023357a157b9dc4780f4d4c618f2ad1d71a6a5dede45057?s=96&d=mm&r=g\",\"url\":\"https:\\\/\\\/secure.gravatar.com\\\/avatar\\\/c82db564e8a669bf6023357a157b9dc4780f4d4c618f2ad1d71a6a5dede45057?s=96&d=mm&r=g\",\"contentUrl\":\"https:\\\/\\\/secure.gravatar.com\\\/avatar\\\/c82db564e8a669bf6023357a157b9dc4780f4d4c618f2ad1d71a6a5dede45057?s=96&d=mm&r=g\",\"caption\":\"ckl\"},\"url\":\"https:\\\/\\\/cklcomunicaciones.es\\\/coop\\\/author\\\/cklcomunicaciones\\\/\"}]}<\/script>\n<!-- \/ Yoast SEO plugin. -->","yoast_head_json":{"title":"Noticias Info CKL n\u00ba 2619-27\/09\/21-Comunicar con perspectiva de g\u00e9nero","description":"Victoria Rosell: El derecho al aborto no puede ceder ante el derecho a objetar * La rumana Blue moon logra la Concha de Oro de San Sebasti\u00e1n * Somos cooperaci\u00f3n: Iniciativas espa\u00f1olas en la ONU * Una mujer, un voto","robots":{"index":"index","follow":"follow","max-snippet":"max-snippet:-1","max-image-preview":"max-image-preview:large","max-video-preview":"max-video-preview:-1"},"canonical":"https:\/\/cklcomunicaciones.es\/coop\/noticias-info-ckl-no-2619-27-09-21\/","og_locale":"es_ES","og_type":"article","og_title":"Noticias Info CKL n\u00ba 2619-27\/09\/21-Comunicar con perspectiva de g\u00e9nero","og_description":"Victoria Rosell: El derecho al aborto no puede ceder ante el derecho a objetar * La rumana Blue moon logra la Concha de Oro de San Sebasti\u00e1n * Somos cooperaci\u00f3n: Iniciativas espa\u00f1olas en la ONU * Una mujer, un voto","og_url":"https:\/\/cklcomunicaciones.es\/coop\/noticias-info-ckl-no-2619-27-09-21\/","og_site_name":"CKL Comunicaciones","article_published_time":"2021-09-27T11:14:57+00:00","article_modified_time":"2025-02-09T21:01:20+00:00","og_image":[{"width":1482,"height":775,"url":"https:\/\/cklcomunicaciones.es\/coop\/wp-content\/uploads\/2025\/01\/CKL-una-mirada-distinta-de-la-comunicacion.jpg","type":"image\/jpeg"}],"author":"ckl","twitter_card":"summary_large_image","twitter_misc":{"Escrito por":"ckl","Tiempo de lectura":"5 minutos"},"schema":{"@context":"https:\/\/schema.org","@graph":[{"@type":"Article","@id":"https:\/\/cklcomunicaciones.es\/coop\/noticias-info-ckl-no-2619-27-09-21\/#article","isPartOf":{"@id":"https:\/\/cklcomunicaciones.es\/coop\/noticias-info-ckl-no-2619-27-09-21\/"},"author":{"name":"ckl","@id":"https:\/\/cklcomunicaciones.es\/coop\/#\/schema\/person\/929a6837f7626450bbb50cee1aef266e"},"headline":"Noticias Info CKL n\u00ba 2619-27\/09\/21","datePublished":"2021-09-27T11:14:57+00:00","dateModified":"2025-02-09T21:01:20+00:00","mainEntityOfPage":{"@id":"https:\/\/cklcomunicaciones.es\/coop\/noticias-info-ckl-no-2619-27-09-21\/"},"wordCount":1103,"image":{"@id":"https:\/\/cklcomunicaciones.es\/coop\/noticias-info-ckl-no-2619-27-09-21\/#primaryimage"},"thumbnailUrl":"https:\/\/cklcomunicaciones.es\/coop\/wp-content\/uploads\/2025\/01\/CKL-una-mirada-distinta-de-la-comunicacion.jpg","keywords":["aborto"],"articleSection":["Newsletter","Nwl v3.0"],"inLanguage":"es"},{"@type":"WebPage","@id":"https:\/\/cklcomunicaciones.es\/coop\/noticias-info-ckl-no-2619-27-09-21\/","url":"https:\/\/cklcomunicaciones.es\/coop\/noticias-info-ckl-no-2619-27-09-21\/","name":"Noticias Info CKL n\u00ba 2619-27\/09\/21-Comunicar con perspectiva de g\u00e9nero","isPartOf":{"@id":"https:\/\/cklcomunicaciones.es\/coop\/#website"},"primaryImageOfPage":{"@id":"https:\/\/cklcomunicaciones.es\/coop\/noticias-info-ckl-no-2619-27-09-21\/#primaryimage"},"image":{"@id":"https:\/\/cklcomunicaciones.es\/coop\/noticias-info-ckl-no-2619-27-09-21\/#primaryimage"},"thumbnailUrl":"https:\/\/cklcomunicaciones.es\/coop\/wp-content\/uploads\/2025\/01\/CKL-una-mirada-distinta-de-la-comunicacion.jpg","datePublished":"2021-09-27T11:14:57+00:00","dateModified":"2025-02-09T21:01:20+00:00","author":{"@id":"https:\/\/cklcomunicaciones.es\/coop\/#\/schema\/person\/929a6837f7626450bbb50cee1aef266e"},"description":"Victoria Rosell: El derecho al aborto no puede ceder ante el derecho a objetar * La rumana Blue moon logra la Concha de Oro de San Sebasti\u00e1n * Somos cooperaci\u00f3n: Iniciativas espa\u00f1olas en la ONU * Una mujer, un voto","breadcrumb":{"@id":"https:\/\/cklcomunicaciones.es\/coop\/noticias-info-ckl-no-2619-27-09-21\/#breadcrumb"},"inLanguage":"es","potentialAction":[{"@type":"ReadAction","target":["https:\/\/cklcomunicaciones.es\/coop\/noticias-info-ckl-no-2619-27-09-21\/"]}]},{"@type":"ImageObject","inLanguage":"es","@id":"https:\/\/cklcomunicaciones.es\/coop\/noticias-info-ckl-no-2619-27-09-21\/#primaryimage","url":"https:\/\/cklcomunicaciones.es\/coop\/wp-content\/uploads\/2025\/01\/CKL-una-mirada-distinta-de-la-comunicacion.jpg","contentUrl":"https:\/\/cklcomunicaciones.es\/coop\/wp-content\/uploads\/2025\/01\/CKL-una-mirada-distinta-de-la-comunicacion.jpg","width":1482,"height":775,"caption":"CKL - una mirada distinta de la comunicacion"},{"@type":"BreadcrumbList","@id":"https:\/\/cklcomunicaciones.es\/coop\/noticias-info-ckl-no-2619-27-09-21\/#breadcrumb","itemListElement":[{"@type":"ListItem","position":1,"name":"Portada","item":"https:\/\/cklcomunicaciones.es\/coop\/"},{"@type":"ListItem","position":2,"name":"Noticias Info CKL n\u00ba 2619-27\/09\/21"}]},{"@type":"WebSite","@id":"https:\/\/cklcomunicaciones.es\/coop\/#website","url":"https:\/\/cklcomunicaciones.es\/coop\/","name":"CKL Comunicaciones","description":"Sitio web de CKL Comunicaciones coop , la consultora de comunicaci\u00f3n y estrategia","potentialAction":[{"@type":"SearchAction","target":{"@type":"EntryPoint","urlTemplate":"https:\/\/cklcomunicaciones.es\/coop\/?s={search_term_string}"},"query-input":{"@type":"PropertyValueSpecification","valueRequired":true,"valueName":"search_term_string"}}],"inLanguage":"es"},{"@type":"Person","@id":"https:\/\/cklcomunicaciones.es\/coop\/#\/schema\/person\/929a6837f7626450bbb50cee1aef266e","name":"ckl","image":{"@type":"ImageObject","inLanguage":"es","@id":"https:\/\/secure.gravatar.com\/avatar\/c82db564e8a669bf6023357a157b9dc4780f4d4c618f2ad1d71a6a5dede45057?s=96&d=mm&r=g","url":"https:\/\/secure.gravatar.com\/avatar\/c82db564e8a669bf6023357a157b9dc4780f4d4c618f2ad1d71a6a5dede45057?s=96&d=mm&r=g","contentUrl":"https:\/\/secure.gravatar.com\/avatar\/c82db564e8a669bf6023357a157b9dc4780f4d4c618f2ad1d71a6a5dede45057?s=96&d=mm&r=g","caption":"ckl"},"url":"https:\/\/cklcomunicaciones.es\/coop\/author\/cklcomunicaciones\/"}]}},"_links":{"self":[{"href":"https:\/\/cklcomunicaciones.es\/coop\/wp-json\/wp\/v2\/posts\/15566","targetHints":{"allow":["GET"]}}],"collection":[{"href":"https:\/\/cklcomunicaciones.es\/coop\/wp-json\/wp\/v2\/posts"}],"about":[{"href":"https:\/\/cklcomunicaciones.es\/coop\/wp-json\/wp\/v2\/types\/post"}],"author":[{"embeddable":true,"href":"https:\/\/cklcomunicaciones.es\/coop\/wp-json\/wp\/v2\/users\/3"}],"replies":[{"embeddable":true,"href":"https:\/\/cklcomunicaciones.es\/coop\/wp-json\/wp\/v2\/comments?post=15566"}],"version-history":[{"count":0,"href":"https:\/\/cklcomunicaciones.es\/coop\/wp-json\/wp\/v2\/posts\/15566\/revisions"}],"wp:featuredmedia":[{"embeddable":true,"href":"https:\/\/cklcomunicaciones.es\/coop\/wp-json\/wp\/v2\/media\/22909"}],"wp:attachment":[{"href":"https:\/\/cklcomunicaciones.es\/coop\/wp-json\/wp\/v2\/media?parent=15566"}],"wp:term":[{"taxonomy":"category","embeddable":true,"href":"https:\/\/cklcomunicaciones.es\/coop\/wp-json\/wp\/v2\/categories?post=15566"},{"taxonomy":"post_tag","embeddable":true,"href":"https:\/\/cklcomunicaciones.es\/coop\/wp-json\/wp\/v2\/tags?post=15566"}],"curies":[{"name":"wp","href":"https:\/\/api.w.org\/{rel}","templated":true}]}}