{"id":15559,"date":"2021-09-21T13:12:21","date_gmt":"2021-09-21T11:12:21","guid":{"rendered":"https:\/\/www.cklcomunicaciones.es\/?p=15559"},"modified":"2025-02-09T22:22:00","modified_gmt":"2025-02-09T21:22:00","slug":"noticias-info-ckl-no-2617-21-09-21","status":"publish","type":"post","link":"https:\/\/cklcomunicaciones.es\/coop\/noticias-info-ckl-no-2617-21-09-21\/","title":{"rendered":"Noticias Info CKL n\u00ba 2617-21\/09\/21"},"content":{"rendered":"<div class=\"fusion-fullwidth fullwidth-box fusion-builder-row-1 fusion-flex-container nonhundred-percent-fullwidth non-hundred-percent-height-scrolling\" style=\"--awb-border-radius-top-left:0px;--awb-border-radius-top-right:0px;--awb-border-radius-bottom-right:0px;--awb-border-radius-bottom-left:0px;--awb-flex-wrap:wrap;\" ><div class=\"fusion-builder-row fusion-row fusion-flex-align-items-flex-start fusion-flex-content-wrap\" style=\"max-width:1248px;margin-left: calc(-4% \/ 2 );margin-right: calc(-4% \/ 2 );\"><div class=\"fusion-layout-column fusion_builder_column fusion-builder-column-0 fusion_builder_column_1_1 1_1 fusion-flex-column\" style=\"--awb-bg-blend:overlay;--awb-bg-size:cover;--awb-width-large:100%;--awb-margin-top-large:0px;--awb-spacing-right-large:1.92%;--awb-margin-bottom-large:0px;--awb-spacing-left-large:1.92%;--awb-width-medium:100%;--awb-spacing-right-medium:1.92%;--awb-spacing-left-medium:1.92%;--awb-width-small:100%;--awb-spacing-right-small:1.92%;--awb-spacing-left-small:1.92%;\"><div class=\"fusion-column-wrapper fusion-flex-justify-content-flex-start fusion-content-layout-column\"><div class=\"fusion-text fusion-text-1\"><h1>Comunicaci\u00f3n, Publicidad y TICs<\/h1>\n<div id=\"\" class=\"lsow-panel lsow-active\">\n<div class=\"lsow-panel-content\">\n<p><a href=\"https:\/\/www.google.com\/url?rct=j&amp;sa=t&amp;url=https:\/\/prnoticias.com\/2021\/09\/17\/estas-son-las-bases-para-participar-en-el-festival-internacional-de-comunicacion-infantil-el-chupete\/&amp;ct=ga&amp;cd=CAEYACoTOTQxNjY0OTQ4MTYzMTcyNDgwMjIZY2M3OTg0MWM2ZWYzNGViZjplczplczpFUw&amp;usg=AFQjCNGq-RgwIQnLD4CnzU24fvmpTlvYzA\">Estas son las bases para participar en el Festival Internacional de Comunicaci\u00f3n\u00a0Infantil\u00a0&#8216;El\u00a0Chupete\u201d&#8230;<\/a>-prnoticias<\/p>\n<p><a href=\"https:\/\/www.google.com\/url?rct=j&amp;sa=t&amp;url=https:\/\/www.infobae.com\/america\/tendencias-america\/2021\/09\/20\/guia-de-equilibrio-de-genero-para-medios-que-dice-el-documento-que-busca-reducir-la-brecha-entre-hombres-y-mujeres-en-las-redacciones\/&amp;ct=ga&amp;cd=CAEYBSoSMTY2NTU2MDcyMTU4NjA2ODIzMhk1OWQ3ODE3MTM2YTJkMDI4OmVzOmVzOkVT&amp;usg=AFQjCNH8aDmW28ICVnxDLwVdE6K4gKC9vA\">Gu\u00eda de equilibrio de\u00a0g\u00e9nero\u00a0para medios: qu\u00e9 dice el documento que busca reducir la &#8230;<\/a>-infobae<a href=\"https:\/\/www.google.com\/url?rct=j&amp;sa=t&amp;url=https:\/\/www.europapress.es\/aragon\/noticia-iam-integra-lenguaje-signos-puedan-acceder-servicios-actividades-personas-sordas-20210920124044.html&amp;ct=ga&amp;cd=CAEYBCoUMTQ0OTExMDc2MzEzNjQ2Nzc4MjQyGWMwMzcyZWJjMmZlYWRhNTk6ZXM6ZXM6RVM&amp;usg=AFQjCNGan-7jzJ4V3lP5zHJJQjut-Hb6cw\"><br \/>\nEl Instituto Aragon\u00e9s de la Mujer integra el lenguaje de signos para que puedan acceder a sus servicios y actividades &#8230;<\/a>&#8211;\u00a0Europa Press<\/p>\n<\/div>\n<\/div>\n<div id=\"\" class=\"lsow-panel lsow-active\">\n<h1 class=\"lsow-panel-title\">Andaluc\u00eda<\/h1>\n<div class=\"lsow-panel-content\">\n<p><strong>Institucional<\/strong><\/p>\n<p><a href=\"https:\/\/www.juntadeandalucia.es\/presidencia\/portavoz\/gobiernoaldia\/164443\/JuanmaMoreno\/Andalucia\/Gobiernoandaluz\/Universidades\/inversion\/protagonistas\/recuperacion\/pandemia\/economia\/Covid19\">Moreno incide en el papel protagonista que juegan las Universidades en la recuperaci\u00f3n econ\u00f3mica y social de Andaluc\u00eda tras la pandemia<\/a>-juntadeandalucia<a href=\"https:\/\/www.google.com\/url?rct=j&amp;sa=t&amp;url=http:\/\/www.juntadeandalucia.es\/presidencia\/portavoz\/164370\/igualdadpoliticassocialesyconciliacion\/rocioruiz\/fundacionescorporativas\/colaboracionpublicoprivada\/covid19\/accionsocial\/gobiernodeandalucia&amp;ct=ga&amp;cd=CAEYAioUMTAxOTM2MjgzMzI0OTUzMTQ5NzQyGWVhOTI1ODA0ZDY3ZjI3YjM6ZXM6ZXM6RVM&amp;usg=AFQjCNHzQyaCmYHjr9pTyG_0hrAnBdtXEQ\"><br \/>\nRoc\u00edo Ruiz destaca la colaboraci\u00f3n p\u00fablico privada para trabajar contra la exclusi\u00f3n en\u00a0Andaluc\u00eda<\/a>&#8211;\u00a0juntadeandalucia<\/p>\n<p><strong>Econom\u00eda y Empresas<\/strong><strong>\u00a0<\/strong><strong>\u00a0<\/strong><\/p>\n<p><a href=\"https:\/\/sevilla.abc.es\/agronoma\/noticias\/analistas\/mujeres-rurales-andalucia\/\">Mujeres rurales, la esencia de Andaluc\u00eda<\/a>\u00a0-abcsevilla<a href=\"https:\/\/www.google.com\/url?rct=j&amp;sa=t&amp;url=https:\/\/www.lavozdecordoba.es\/economia\/2021\/09\/19\/junta-37\/&amp;ct=ga&amp;cd=CAEYACoTMTEwMDMyMDYxOTI3Mjk5MjI5NDIZZDc4ZTU4NzVhMGYxZjJhYzplczplczpFUw&amp;usg=AFQjCNEWShY6e4zE7CKFpxueoseP_PFPgA\"><br \/>\nLa Junta sustituir\u00e1 a las escuelas taller y talleres de empleo\u00a0<\/a>&#8211;\u00a0La voz de C\u00f3rdoba<a href=\"https:\/\/www.google.com\/url?rct=j&amp;sa=t&amp;url=https:\/\/huelva24.com\/art\/153448\/cuida-5-una-iniciativa-que-busca-la-innovacion-y-dignificacion-del-sector-de-los-cuidados-en-huelva&amp;ct=ga&amp;cd=CAEYACoUMTg0MjExNTMxMjY2ODY4NDAwMDIyGzkxODg1N2NkNjBmOTc3NDg6ZXM6ZXM6RVM6TA&amp;usg=AFQjCNG7UqT37KHpT3KSjER73iYL_g2i9w\"><br \/>\nCuida 5+, una iniciativa que busca la innovaci\u00f3n y dignificaci\u00f3n del sector de los &#8230;\u00a0&#8211;<\/a>\u00a0Huelva24<\/p>\n<p><strong>Actualidad<\/strong><a href=\"https:\/\/www.google.com\/url?rct=j&amp;sa=t&amp;url=https:\/\/www.eldiadecordoba.es\/cordoba\/Concentracion-LGTBI-Cordoba-volviendo-para-atras_0_1612039726.html&amp;ct=ga&amp;cd=CAEYACoTNjg1MzMxMDIzODQwOTM3MzMyNDIZZWE5MjU4MDRkNjdmMjdiMzplczplczpFUw&amp;usg=AFQjCNGdpPTuBjwUBGg-SXXeVs_8_Z35eg\"><br \/>\nConcentraci\u00f3n del colectivo Lgtbi en C\u00f3rdoba: \u00abEstamos volviendo para atr\u00e1s\u00bb<\/a>&#8211;\u00a0El D\u00eda de C\u00f3rdoba\u00a0<a href=\"https:\/\/www.google.com\/url?rct=j&amp;sa=t&amp;url=https:\/\/www.eldiario.es\/sociedad\/ultima-hora-coronavirus-espana-mundo-17-de-septiembre_6_8310943_1077387.html&amp;ct=ga&amp;cd=CAEYACoTMTM0Mjk4OTc5MDg0NzgzMjg0OTIZYzAzNzJlYmMyZmVhZGE1OTplczplczpFUw&amp;usg=AFQjCNG8LrfxxVI-_s40x7KIgJbcI7L0tQ\"><br \/>\nAndaluc\u00eda a\u00edsla a un menor de un\u00a0instituto\u00a0de Isla Cristina por no querer llevar mascarilla<\/a>-eldiario<\/p>\n<p><a href=\"https:\/\/www.lavozdelsur.es\/ediciones\/provincia-cadiz\/asidonense-carmen-asido-orellana-segunda-mujer-comandante-guardia-civil-en-andalucia_265422_102.html\">La asidonense Carmen de Asido Orellana, segunda mujer comandante de la Guardia Civil en Andaluc\u00eda<\/a>-lavozdelsur<\/p>\n<p><a href=\"https:\/\/www.google.com\/url?rct=j&amp;sa=t&amp;url=https:\/\/www.canalsur.es\/television\/programas\/solidarios\/noticia\/1750815.html&amp;ct=ga&amp;cd=CAEYACoUMTQ5OTExMTg1OTY5MTIxMjEyNjYyGWVhOTI1ODA0ZDY3ZjI3YjM6ZXM6ZXM6RVM&amp;usg=AFQjCNENnrr_K33pweNoyHmdgAqDOzcofA\">Sonia D\u00edaz, cabeza visible de OXFAM Interm\u00f3n en\u00a0Andaluc\u00eda<\/a>\u00a0\u2013CanalSur<\/p>\n<p><strong>Violencias<\/strong><\/p>\n<p><a href=\"https:\/\/www.google.com\/url?rct=j&amp;sa=t&amp;url=https:\/\/www.diariodealmeria.es\/almeria\/Confirman-violencia-genero-agresion-Almeria_0_1612339551.html&amp;ct=ga&amp;cd=CAEYACoTMzkxODIwMDUwNTk4NzY2NzE5MTIbOWFiMWNkZDdlMzY2ZWYzODplczplczpFUzpS&amp;usg=AFQjCNE0Kvp1HP6bqVkhjHMFU7YScGgwew\">Confirman como violencia de g\u00e9nero la agresi\u00f3n a joven de 25 a\u00f1os en Almer\u00eda<\/a>&#8211;\u00a0Diario de Almer\u00eda<a href=\"https:\/\/www.google.com\/url?rct=j&amp;sa=t&amp;url=https:\/\/www.diariodealmeria.es\/almeria\/Junta-personara-violencia-machista-Ejido_0_1612639483.html&amp;ct=ga&amp;cd=CAEYACoTMjI0NTQ2NzYwMTg1OTEwNjQ2NzIbOWFiMWNkZDdlMzY2ZWYzODplczplczpFUzpS&amp;usg=AFQjCNGkBMN5N8odSZlzNfXaCdA3JKn3iQ\"><br \/>\nLa Junta se personar\u00e1 ante todos los casos por delito de odio<\/a>-diariodealmeria<\/p>\n<p><a href=\"https:\/\/www.larazon.es\/andalucia\/20210918\/hmlph4244jg6fpp3voc5vkoega.html\">Andaluc\u00eda cierra julio con 18.271 casos activos en el sistema VioG\u00e9n y un alza del 28% en las pulseras de control<\/a>-larazondigital<\/p>\n<p><strong>Ciencia y Cultura<\/strong><strong>\u00a0<\/strong><\/p>\n<p><a href=\"https:\/\/www.canalsur.es\/noticias\/andaluc%C3%ADa\/andalucia-aplica-con-exito-un-medicamento-que-alarga-la-vida-de-mujeres-con-cancer-de-mama\/1751795.html\">Andaluc\u00eda aplica con \u00e9xito un medicamento que alarga la vida de mujeres con c\u00e1ncer de mama<\/a>-canalsur<a href=\"https:\/\/www.google.com\/url?rct=j&amp;sa=t&amp;url=https:\/\/www.diariocordoba.com\/cordoba-ciudad\/2021\/09\/17\/patologia-cardiovascular-aumenta-mortalidad-covid-57378180.html&amp;ct=ga&amp;cd=CAEYDCoTNDUzNDU1NTE5MTk1OTYwNzYzODIZYzAzNzJlYmMyZmVhZGE1OTplczplczpFUw&amp;usg=AFQjCNG_jhPyyOAYKuvzuleZ5CHmWWia-w\"><br \/>\nLa patolog\u00eda cardiovascular aumenta la mortalidad por covid en la\u00a0mujer<\/a>-diariocordoba<a href=\"https:\/\/www.google.com\/url?rct=j&amp;sa=t&amp;url=https:\/\/www.eluniverso.com\/larevista\/salud\/asi-son-los-microorganismos-que-viven-en-el-utero-de-las-mujeres-nota\/&amp;ct=ga&amp;cd=CAEYASoUMTczNTY1NjkxMDQzODgxMTA4NzcyGWMwMzcyZWJjMmZlYWRhNTk6ZXM6ZXM6RVM&amp;usg=AFQjCNEhdJzo9NEva4S8_M9O5ZKSBv9Tdw\"><br \/>\nAs\u00ed son los microorganismos que viven en el \u00fatero de las\u00a0mujeres\u2026<\/a>-eluniverso<a href=\"https:\/\/www.google.com\/url?rct=j&amp;sa=t&amp;url=https:\/\/www.diariodecadiz.es\/opinion\/analisis\/PISARON-LUNA_0_1612938704.html&amp;ct=ga&amp;cd=CAEYACoTNDIzNTcwOTMwNjYxODk1MDY4NTIZYzAzNzJlYmMyZmVhZGE1OTplczplczpFUw&amp;usg=AFQjCNFPY-HmzLnhikQxjoyMcXk_kVLX1A\"><br \/>\nEllas pisaron la luna<\/a>-diariodecadiz<\/p>\n<p><a href=\"https:\/\/www.diariojaen.es\/jaen\/talleres-para-el-crecimiento-personal-y-profesional-a-traves-del-arte-MA8031718\">Talleres para el crecimiento personal y profesional a trav\u00e9s del arte<\/a>-diariodejaen<\/p>\n<p><strong>Deporte<\/strong><\/p>\n<p><a href=\"https:\/\/www.telealmerianoticias.es\/huercal-de-almeria-recibe-a-60-jugadoras-de-toda-andalucia-en-el-iv-top-mujer-y-tenis-de-mesa-andaluz\/\">Hu\u00e9rcal de Almer\u00eda recibe a 60 jugadoras de toda Andaluc\u00eda en el IV Top Mujer y Tenis de Mesa Andaluz\u00a0\u2013\u00a0T<\/a>elealmeria<\/p>\n<\/div>\n<\/div>\n<div id=\"\" class=\"lsow-panel lsow-active\">\n<h1 class=\"lsow-panel-title\">Estado<\/h1>\n<div class=\"lsow-panel-content\">\n<p><strong>Institucional<\/strong><\/p>\n<p><a href=\"https:\/\/www.eldiario.es\/economia\/carmen-collado-obrera-fabrica-14-anos-dirigir-inspeccion-trabajo_1_8319676.html\">Carmen Collado, nueva Directora General de Inspecci\u00f3n de Trabajo<\/a>-eldiario<a href=\"https:\/\/www.google.com\/url?rct=j&amp;sa=t&amp;url=https:\/\/www.elindependiente.com\/sociedad\/mujeres\/2021\/09\/20\/irene-montero-ninguna-economia-se-sostiene-sin-las-mujeres-que-friegan-que-dan-la-teta-y-que-cuidan-a-los-mayores\/&amp;ct=ga&amp;cd=CAEYACoUMTQ0OTExMDc2MzEzNjQ2Nzc4MjQyGWMwMzcyZWJjMmZlYWRhNTk6ZXM6ZXM6RVM&amp;usg=AFQjCNEfKoBfutgst_t_OklSxnXkC7sOsw\"><br \/>\nIrene Montero: \u00abNinguna econom\u00eda se sostiene sin las\u00a0mujeres\u00a0que friegan, que dan la teta y cuidan a los mayores&#8230;<\/a>-elindependiente<\/p>\n<p><a href=\"https:\/\/www.eldiario.es\/sociedad\/ultima-hora-coronavirus-actualidad-politica-21-de-septiembre_6_8321641_1077611.html\">Los delitos de odio y el aborto llegan al Congreso en plena escalada de la agresividad de la extrema derecha<\/a>-eldiario<\/p>\n<p><strong>Institucional &#8211; CCAA<\/strong><\/p>\n<p><a href=\"https:\/\/www.google.com\/url?rct=j&amp;sa=t&amp;url=https:\/\/www.eldia.es\/empresas-en-tenerife\/2021\/09\/17\/modelo-academico-orientado-empleabilidad-57380831.html&amp;ct=ga&amp;cd=CAEYECoTNDUzNDU1NTE5MTk1OTYwNzYzODIZYzAzNzJlYmMyZmVhZGE1OTplczplczpFUw&amp;usg=AFQjCNFrNHjfzmawoLl9tDpScr9n0UWR8w\">Un modelo acad\u00e9mico orientado a la empleabilidad<\/a>-eldia<a href=\"https:\/\/www.google.com\/url?rct=j&amp;sa=t&amp;url=https:\/\/www.radiohuesca.com\/cultura\/educadoras-sociales-y-tecnicas-deportivos-completan-el-curso-de-formacion-de-juega-vive-17092021-158927.html&amp;ct=ga&amp;cd=CAEYESoTNDUzNDU1NTE5MTk1OTYwNzYzODIZYzAzNzJlYmMyZmVhZGE1OTplczplczpFUw&amp;usg=AFQjCNERiG9AXCslQL0AGftbWWcqi8VkGA\"><br \/>\nEducadoras sociales y t\u00e9cnicas deportivos completan el curso de formaci\u00f3n de &#8216;Juega Vive &#8230;<\/a>-radiohuesca<a href=\"https:\/\/www.google.com\/url?rct=j&amp;sa=t&amp;url=https:\/\/www.elcomercio.es\/gijon\/profesora-adelina-lena-20210918000915-ntvo.html&amp;ct=ga&amp;cd=CAEYACoUMTY1NTIwNjUzNjIwNzEyOTIxNDgyGWMwMzcyZWJjMmZlYWRhNTk6ZXM6ZXM6RVM&amp;usg=AFQjCNGvImGEM2jUDX5tJJQG5LwSwE3CxQ\"><br \/>\nLa profesora Adelina Lena, nueva jefa del servicio de Pol\u00edticas de Igualdad<\/a>-elcomercio<a href=\"https:\/\/www.google.com\/url?rct=j&amp;sa=t&amp;url=https:\/\/www.noticiasdealava.eus\/economia\/2021\/09\/18\/brecha-salarial-afecta-trabajadoras-35\/1126824.html&amp;ct=ga&amp;cd=CAEYACoTNTU3NjUwNDQwNTMzMzc2NjQ4OTIZYzAzNzJlYmMyZmVhZGE1OTplczplczpFUw&amp;usg=AFQjCNFE_qmzZgAaHIh97u0XQ7YsYNxxlg\"><br \/>\nLa brecha salarial afecta m\u00e1s a las trabajadoras de entre 35 y 44 a\u00f1os<\/a>-noticiasdealava<a href=\"https:\/\/www.google.com\/url?rct=j&amp;sa=t&amp;url=https:\/\/www.regiondigital.com\/noticias\/extremadura\/350530-imex-anima-a-empresas-rurales-a-implantar-planes-igualdad-con-proyecto-aequitas-5050.html&amp;ct=ga&amp;cd=CAEYASoUMTIzNjU1NzUzNjkyNzQwNTM1MzkyGWMwMzcyZWJjMmZlYWRhNTk6ZXM6ZXM6RVM&amp;usg=AFQjCNHJyOajCdw_0s3VIon8yJm5QB1a3Q\"><br \/>\nIMEX anima a empresas rurales a implantar planes igualdad con proyecto &#8216;Aequitas 50\/50&#8217;<\/a>-regiondigital<a href=\"https:\/\/www.google.com\/url?rct=j&amp;sa=t&amp;url=https:\/\/www.xunta.gal\/notas-de-prensa\/-\/nova\/61938\/santiago-sera-sede-noviembre-del-iii-congreso-estatal-mujeres-sector-publico&amp;ct=ga&amp;cd=CAEYASoUMTQ0OTExMDc2MzEzNjQ2Nzc4MjQyGWMwMzcyZWJjMmZlYWRhNTk6ZXM6ZXM6RVM&amp;usg=AFQjCNFHihU4hS0h-yrzghVj0d2dB6daiQ\"><br \/>\nSantiago ser\u00e1 sede en noviembre del III congreso estatal de\u00a0Mujeres en\u00a0el Sector P\u00fablico &#8230;<\/a>-xunta de Galicia<\/p>\n<p><a href=\"https:\/\/www.eldiario.es\/madrid\/delegacion-gobierno-impone-sancion-600-organizadores-marcha-neonazi-madrid_1_8321993.html\">La Delegaci\u00f3n de Gobierno de Madrid impone una sanci\u00f3n de 600\u20ac\u00a0a los dos organizadores de la marcha neonazi<\/a>&#8211; eldiario<\/p>\n<p><strong>Econom\u00eda\u00a0y Empresa<\/strong><strong><a href=\"https:\/\/www.google.com\/url?rct=j&amp;sa=t&amp;url=https:\/\/www.elperiodico.com\/es\/activos\/empleo\/20210917\/dia-internacional-igualdad-salarial-12079411&amp;ct=ga&amp;cd=CAEYBCoTNTk0OTQ1NDYzMjQ3NDY3NTkwMzIZYzAzNzJlYmMyZmVhZGE1OTplczplczpFUw&amp;usg=AFQjCNEQhyViaGjpnJmLBae13FSWdqGk0g\"><br \/>\n<\/a><\/strong><\/p>\n<p><a href=\"https:\/\/www.google.com\/url?rct=j&amp;sa=t&amp;url=https:\/\/www.elperiodico.com\/es\/activos\/empleo\/20210917\/dia-internacional-igualdad-salarial-12079411&amp;ct=ga&amp;cd=CAEYBCoTNTk0OTQ1NDYzMjQ3NDY3NTkwMzIZYzAzNzJlYmMyZmVhZGE1OTplczplczpFUw&amp;usg=AFQjCNEQhyViaGjpnJmLBae13FSWdqGk0g\">La importancia del D\u00eda Internacional de la Igualdad Salarial<\/a>-elperiodico<a href=\"https:\/\/www.google.com\/url?rct=j&amp;sa=t&amp;url=https:\/\/energiahoy.com\/2021\/09\/20\/mujeres-en-la-economia-la-lucha-por-la-paridad\/&amp;ct=ga&amp;cd=CAEYAioTODAyNDg5MTc3MTc3OTU4NzYzNTIZYzAzNzJlYmMyZmVhZGE1OTplczplczpFUw&amp;usg=AFQjCNELuY_AuMfQVWJjdInpXWHFMswMXg\"><br \/>\nMujeres en\u00a0la econom\u00eda: la lucha por la paridad<\/a>-energiahoy<\/p>\n<p><a href=\"https:\/\/www.google.com\/url?rct=j&amp;sa=t&amp;url=https:\/\/controlpublicidad.com\/festivales-y-premios-publicidad\/premios-fedepe-2021-a-las-mejores-mujeres-directivas\/&amp;ct=ga&amp;cd=CAEYBCoTNDUzNDU1NTE5MTk1OTYwNzYzODIZYzAzNzJlYmMyZmVhZGE1OTplczplczpFUw&amp;usg=AFQjCNFz8vpbEz2-dwpgIwkjndjXC_MTWw\">Premios FEDEPE 2021 a las mejores\u00a0mujeres\u00a0directivas<\/a>-revistacontrolpublicidad<a href=\"https:\/\/www.google.com\/url?rct=j&amp;sa=t&amp;url=https:\/\/www.larazon.es\/economia\/20210919\/k6dya2zfjffhvnhmdwmuupjuhq.html&amp;ct=ga&amp;cd=CAEYACoTODAxMzgxMDAyNzIxMDUxMjU4NzIZYzAzNzJlYmMyZmVhZGE1OTplczplczpFUw&amp;usg=AFQjCNH26VKGSA__yFCH6a2moXYamKfFig\"><br \/>\nEl club de las herederas\u00a0<\/a>\u2013La Raz\u00f3n<\/p>\n<p><a href=\"https:\/\/www.google.com\/url?rct=j&amp;sa=t&amp;url=https:\/\/www.catalunyapress.es\/texto-diario\/mostrar\/3168408\/caixabank-presenta-14-ganadoras-territoriales-premios-mujer-empresaria-caixabank-2021&amp;ct=ga&amp;cd=CAEYASoTODk1Mjg1NzU1NjA4Mzg0MzQ5OTIZYzAzNzJlYmMyZmVhZGE1OTplczplczpFUw&amp;usg=AFQjCNGkRy37Hf4p1oOW7ksxCgqDeWSlgA\">CaixaBank presenta las 14 ganadoras territoriales de sus \u201cPremios\u00a0Mujer\u00a0Empresaria &#8230;<\/a>-catalunyapress<a href=\"https:\/\/www.google.com\/url?rct=j&amp;sa=t&amp;url=https:\/\/andaluciaorienta.net\/salario-minimo-interprofesional-sube-15-euros&amp;ct=ga&amp;cd=CAEYACoTNTEzNDcyNzIwNDg1MDE3NDQ3NTIZZDc4ZTU4NzVhMGYxZjJhYzplczplczpFUw&amp;usg=AFQjCNHBhMvD5FAID2C-LCt0E6YZqGKjqQ\"><br \/>\nEl Salario M\u00ednimo Interprofesional aumenta en 15 euros<\/a>-Andaluc\u00eda Orienta<\/p>\n<p><strong>Actualidad<\/strong><\/p>\n<p><a href=\"https:\/\/www.google.com\/url?rct=j&amp;sa=t&amp;url=https:\/\/www.diariosigloxxi.com\/texto-ep\/mostrar\/20210919100234\/irene-montero-presidira-manana-primera-mesa-asesora-cuidados-ministerio-igualdad&amp;ct=ga&amp;cd=CAEYACoTODkyMDAyMTAxNzI0OTQ3NDMzNDIZNTlkNzgxNzEzNmEyZDAyODplczplczpFUw&amp;usg=AFQjCNGJQtGnKNXxw9OgyPjlSif_czQnog\">Irene Montero presidir\u00e1 ma\u00f1ana la primera Mesa Asesora Para los Cuidados en el &#8230;<\/a>&#8211;\u00a0Diario Siglo XXI<\/p>\n<p><a href=\"https:\/\/vinotendencias.com\/2021\/09\/17\/fallo-del-jurado-de-los-xi-premios-solidarios-a-la-igualdad-mujeres-para-el-dialogo-y-la-educacion-2021\/\">Isabel Mijares Garc\u00eda Pelayo, Premio \u00abMujeres que cambian el mundo\u201d \u2026<\/a>-vinotendencias<a href=\"https:\/\/www.google.com\/url?rct=j&amp;sa=t&amp;url=https:\/\/www.diariodeibiza.es\/pitiuses-balears\/2021\/09\/18\/rosa-cobo-pornografia-autentica-celebracion-57411720.html&amp;ct=ga&amp;cd=CAEYACoTNDE0OTI2MTM1MzMyNTU1NzU0NzIZZTFlNzdkMTU2MDk4YThlMzplczplczpFUw&amp;usg=AFQjCNFZJ605JXgOQff2ZSqcPcv6Mq6JFQ\"><br \/>\nRosa Cobo: \u00abLa pornograf\u00eda es una aut\u00e9ntica celebraci\u00f3n de la\u00a0violencia\u00a0sexual\u00bb<\/a>-diariodeibiza<a href=\"https:\/\/www.google.com\/url?rct=j&amp;sa=t&amp;url=https:\/\/www.iprofesional.com\/actualidad\/346155-que-es-la-igualdad-de-genero-ejemplos-de-por-que-es-importante&amp;ct=ga&amp;cd=CAEYACoUMTE4MTUxOTQ5MDAyODE1NjM2NDcyGTU5ZDc4MTcxMzZhMmQwMjg6ZXM6ZXM6RVM&amp;usg=AFQjCNHsZkSFsOlT8hng_RzCx7OtSauUNg\"><br \/>\nQu\u00e9 es la igualdad de\u00a0g\u00e9nero: ejemplos de por qu\u00e9 es importante<\/a>-iprofesional<a href=\"https:\/\/www.google.com\/url?rct=j&amp;sa=t&amp;url=https:\/\/elpais.com\/elpais\/2021\/09\/17\/viajero_astuto\/1631875909_237268.html&amp;ct=ga&amp;cd=CAEYAioUMTE3MjcxODA3MTY3NDQ1NTQxNTkyGWMwMzcyZWJjMmZlYWRhNTk6ZXM6ZXM6RVM&amp;usg=AFQjCNGvpLJflwArm6kW4DWDr4Oah0sA1w\"><br \/>\nGenoveva, la telegrafista<\/a>&#8211; El Pa\u00eds<a href=\"https:\/\/www.google.com\/url?rct=j&amp;sa=t&amp;url=https:\/\/www.20minutos.es\/noticia\/4826929\/0\/malasmadres-mesa-cuidados-gran-paso-avanzar-conciliacion-terreno-laboral\/&amp;ct=ga&amp;cd=CAEYAyoUMTc0NDAyNjIxMzY4NjE1ODI3OTYyGWMwMzcyZWJjMmZlYWRhNTk6ZXM6ZXM6RVM&amp;usg=AFQjCNHuWbPLtGFkC_HteRQZ_vyBTbWb2A\"><br \/>\nMalasmadres: \u00abLa Mesa de los Cuidados es un gran paso pero hay que avanzar en &#8230;<\/a>-20minutos<\/p>\n<p><a href=\"https:\/\/www.eldiario.es\/politica\/juez-imputa-exministra-exteriores-gonzalez-laya-entrada-espana-lider-frente-polisario_1_8322164.html\">El juez imputa a la exministra de Exteriores Gonz\u00e1lez Laya por la entrada a Espa\u00f1a del l\u00edder del Frente Polisario<\/a>-eldiario<\/p>\n<p><strong>Violencias<\/strong><\/p>\n<p><a href=\"https:\/\/www.google.com\/url?rct=j&amp;sa=t&amp;url=https:\/\/www.lamoncloa.gob.es\/serviciosdeprensa\/notasprensa\/igualdad\/Paginas\/2021\/210921-unidades_violencia.aspx&amp;ct=ga&amp;cd=CAEYACoUMTYyMzY3NjYwODk3MTk0MTI3MDkyGTU5ZDc4MTcxMzZhMmQwMjg6ZXM6ZXM6RVM&amp;usg=AFQjCNESrqj5ExkxSvon-w5TriSSAg4I9g\">Las Unidades de Violencia sobre la Mujer de todo el territorio nacional asisten a una ..<\/a>-lamoncloa<a href=\"https:\/\/www.google.com\/url?rct=j&amp;sa=t&amp;url=https:\/\/www.eldiario.es\/opinion\/zona-critica\/violencia-obstetrica-ley-salud-sexual-reproductiva_129_8310257.html&amp;ct=ga&amp;cd=CAEYAyoTNDUzNDU1NTE5MTk1OTYwNzYzODIZYzAzNzJlYmMyZmVhZGE1OTplczplczpFUw&amp;usg=AFQjCNG8LRgt5g3WRaGUxBR6IMJRmuBxJA\"><br \/>\n\u00bfLa violencia obst\u00e9trica en la ley de salud sexual y reproductiva?<\/a>-eldiario<\/p>\n<p><strong>Ciencia y Cultura<\/strong><\/p>\n<p><a href=\"https:\/\/www.google.com\/url?rct=j&amp;sa=t&amp;url=https:\/\/www.eldiarioalerta.com\/articulo\/agencias\/euskadi-cientifica-elena-garcia-armada-gana-premio-ada-byron-mujer-tecnologa-universidad-deusto\/20210920165651281968.html&amp;ct=ga&amp;cd=CAEYAioTODE1NjAyMTUyMDUzMjU3MzU3ODIZYzAzNzJlYmMyZmVhZGE1OTplczplczpFUw&amp;usg=AFQjCNFK_aFDF9S4ZI8A3UR5CuJuw-UvwQ\">La cient\u00edfica Elena Garc\u00eda Armada gana el premio Ada Byron a la\u00a0Mujer\u00a0&#8230;<\/a>-eldiarioalerta<a href=\"https:\/\/www.google.com\/url?rct=j&amp;sa=t&amp;url=https:\/\/produccionaudiovisual.com\/produccion-cine\/la-igualdad-de-genero-en-el-sector-audiovisual-a-debate-en-el-festival-de-san-sebastian\/&amp;ct=ga&amp;cd=CAEYACoTNDA1ODM2MTQxNTIwODMyMTE4MDIZNTlkNzgxNzEzNmEyZDAyODplczplczpFUw&amp;usg=AFQjCNEiO-8Pt0y-6-oLxGJW3TKu0M8-eQ\"><br \/>\nCristina Botella,\u00a0investigadora de la UJI,\u00a0es la n\u00famero 1 de Espa\u00f1a en psicolog\u00eda aplicada\u00a0-El Peri\u00f3dico Mediterr\u00e1neo<\/a><\/p>\n<p><a href=\"https:\/\/www.google.com\/url?rct=j&amp;sa=t&amp;url=https:\/\/produccionaudiovisual.com\/produccion-cine\/la-igualdad-de-genero-en-el-sector-audiovisual-a-debate-en-el-festival-de-san-sebastian\/&amp;ct=ga&amp;cd=CAEYACoTNDA1ODM2MTQxNTIwODMyMTE4MDIZNTlkNzgxNzEzNmEyZDAyODplczplczpFUw&amp;usg=AFQjCNEiO-8Pt0y-6-oLxGJW3TKu0M8-eQ\">Teresa Ubide, volcan\u00f3loga: \u00abPueden abrirse m\u00e1s bocas, el magma sale por donde puede\u00bb-eldiario<br \/>\nEntrevista a Leticia Fern\u00e1ndez Friera: \u201cLas\u00a0mujeres\u00a0debemos ir a revisiones cardiacas, igual &#8230;-heraldo<\/a><\/p>\n<p><a href=\"https:\/\/www.google.com\/url?rct=j&amp;sa=t&amp;url=https:\/\/produccionaudiovisual.com\/produccion-cine\/la-igualdad-de-genero-en-el-sector-audiovisual-a-debate-en-el-festival-de-san-sebastian\/&amp;ct=ga&amp;cd=CAEYACoTNDA1ODM2MTQxNTIwODMyMTE4MDIZNTlkNzgxNzEzNmEyZDAyODplczplczpFUw&amp;usg=AFQjCNEiO-8Pt0y-6-oLxGJW3TKu0M8-eQ\">La igualdad de\u00a0g\u00e9nero\u00a0en el sector audiovisual a debate en el Festival de San Sebasti\u00e1n &#8230;<\/a>&#8211;\u00a0produccionaudiovisual<a href=\"https:\/\/www.google.com\/url?rct=j&amp;sa=t&amp;url=https:\/\/www.radiohuesca.com\/comarcas\/vinetas-por-la-igualdad-de-genero-y-contra-la-violencia-en-los-monegros-17092021-158926.html&amp;ct=ga&amp;cd=CAEYCCoTNDUzNDU1NTE5MTk1OTYwNzYzODIZYzAzNzJlYmMyZmVhZGE1OTplczplczpFUw&amp;usg=AFQjCNF767gYJ1ut840-1TG0GlQmamhTMQ\"><br \/>\n\u00abVi\u00f1etas por la igualdad de g\u00e9nero y contra la violencia\u00bb en Los Monegros\u00a0&#8211;\u00a0<\/a>Radio Huesca<\/p>\n<p><a href=\"https:\/\/www.google.com\/url?rct=j&amp;sa=t&amp;url=https:\/\/www.amecopress.net\/Las-Universidades-de-Salamanca-y-de-La-Laguna-impulsan-el-proyecto-La-incorporacion-de-la-perspectiva-de-genero-en-la-docencia-universitaria&amp;ct=ga&amp;cd=CAEYBCoUMTE5NTMxNDkxMTQxNDE0MDkyNDgyGWMwMzcyZWJjMmZlYWRhNTk6ZXM6ZXM6RVM&amp;usg=AFQjCNFSeq4VE05hcoSmh5Qt1U6PGwli3A\">Las Universidades de Salamanca y de La Laguna impulsan el proyecto \u201cLa incorporaci\u00f3n de la perspectiva en la docencia &#8230;<\/a>-Ameco Press<\/p>\n<p><a href=\"https:\/\/www.cope.es\/actualidad\/cultura\/noticias\/navarra-anos-aitana-monzon-blanco-gana-premio-espasa-poesia-20210921_1511560\">La navarra de 21 a\u00f1os Aitana Monz\u00f3n Blanco gana el Premio Espasa de Poes\u00eda<\/a>-cope<\/p>\n<p><a href=\"https:\/\/www.eldiario.es\/cultura\/beatriz-gimenez-ory-premio-nacional-literatura-infantil-juvenil-2021_1_8319461.html\">Los mitos cl\u00e1sicos de Beatriz Gim\u00e9nez de Ory han merecido el Premio Nacional de Literatura Infantil y Juvenil<\/a>-eldiario<\/p>\n<p><strong>Deporte<\/strong><\/p>\n<p><a href=\"https:\/\/www.ideal.es\/deportes\/mas-deportes\/gala-nacional-deporte-prensa-teruel-2019-20210920192134-ntrc.html\">Mireia Belmonte\u00a0Premio Nacional del\u00a0Deporte por su trayectoria<\/a>-ideal<\/p>\n<p><a href=\"https:\/\/www.ondacero.es\/programas\/radioestadio-noche\/mireia-belmonte-intencion-objetivo-estar-paris-2024_2021092161491a0e8b64500001904995.html\">Mireia Belmonte: \u00abMi intenci\u00f3n y objetivo es estar en Par\u00eds 2024\u00bb<\/a>-ondacero<a href=\"https:\/\/www.google.com\/url?rct=j&amp;sa=t&amp;url=https:\/\/www.infobae.com\/america\/agencias\/2021\/09\/17\/espana-y-costa-rica-comparten-experiencia-en-igualdad-de-genero-en-el-deporte\/&amp;ct=ga&amp;cd=CAEYACoTOTcxOTQzNjc5MjM3ODk0MTg2MzIZNTlkNzgxNzEzNmEyZDAyODplczplczpFUw&amp;usg=AFQjCNHCPOo56lQxSL2DHpgwGjZ34wmWzw\"><br \/>\nEspa\u00f1a y Costa Rica comparten experiencia en igualdad de\u00a0g\u00e9nero\u00a0en el deporte<\/a>-infobae<a href=\"https:\/\/www.google.com\/url?rct=j&amp;sa=t&amp;url=https:\/\/www.semana.com\/gente\/articulo\/carrera-de-la-mujer-mas-que-correr-una-huella-viva-del-empoderamiento-femenino\/202124\/&amp;ct=ga&amp;cd=CAEYACoSMzg1NDk0MDI3MDIyNjcxNDQzMhljMDM3MmViYzJmZWFkYTU5OmVzOmVzOkVT&amp;usg=AFQjCNHTfyFw1qJT31v0Fc4fm4kKxUfuPw\"><br \/>\nCarrera de la\u00a0Mujer: m\u00e1s que correr, una huella viva del empoderamiento femenino<\/a>-semana<\/p>\n<p><a href=\"https:\/\/www.europapress.es\/epsocial\/igualdad\/noticia-ninas-leyendas-25-referentes-femeninos-deporte-20210919113238.html\">&#8216;De ni\u00f1as a leyendas&#8217;: 25 referentes femeninos del deporte<\/a>-europapress<\/p>\n<\/div>\n<\/div>\n<div id=\"\" class=\"lsow-panel lsow-active\">\n<h1 class=\"lsow-panel-title\">Internacional<\/h1>\n<div class=\"lsow-panel-content\">\n<p><a href=\"https:\/\/www.google.com\/url?rct=j&amp;sa=t&amp;url=https:\/\/blogs.publico.es\/otrasmiradas\/%3Fp%3D52080&amp;ct=ga&amp;cd=CAEYAioTNDA1ODM2MTQxNTIwODMyMTE4MDIZNTlkNzgxNzEzNmEyZDAyODplczplczpFUw&amp;usg=AFQjCNFw_umIdO2oQ_p8usv90K1BoiPOTg\">El avance de las mujeres en el Parlamento Europeo\u00a0<\/a>\u2013P\u00fablico<a href=\"https:\/\/www.google.com\/url?rct=j&amp;sa=t&amp;url=https:\/\/www.eldiario.es\/sociedad\/ultima-hora-coronavirus-espana-mundo-17-de-septiembre_6_8310943_1077431.html&amp;ct=ga&amp;cd=CAEYASoTMTM0Mjk4OTc5MDg0NzgzMjg0OTIZYzAzNzJlYmMyZmVhZGE1OTplczplczpFUw&amp;usg=AFQjCNFH7EvpxUCQeiRpH4zJrILcuPKSsw\"><br \/>\nLos talibanes cambian el Ministerio de la\u00a0Mujer\u00a0por uno para la \u00abPropagaci\u00f3n de la Virtud y &#8230;<\/a>&#8211;\u00a0eldiario.es<a href=\"https:\/\/www.google.com\/url?rct=j&amp;sa=t&amp;url=https:\/\/diario16.com\/afganistan-tendra-un-ministerio-para-la-prevencion-del-vicio\/&amp;ct=ga&amp;cd=CAEYASoTNTc0ODIzOTE4MjQ5ODM3NTUxNzIZYzAzNzJlYmMyZmVhZGE1OTplczplczpFUw&amp;usg=AFQjCNG0SbDRcShZUBRjSifO0lnEsYb8yQ\"><br \/>\nAfganist\u00e1n tendr\u00e1 un ministerio para la \u00abprevenci\u00f3n del vicio\u00bb<\/a>-eldiario<a href=\"https:\/\/www.google.com\/url?rct=j&amp;sa=t&amp;url=https:\/\/www.diarioconstitucional.cl\/2021\/09\/18\/cuota-de-genero-en-la-integracion-de-los-organismos-vinculados-a-la-pesca-y-en-el-registro-pesquero-artesanal\/&amp;ct=ga&amp;cd=CAEYASoTMTI4ODYwNDYwMzkzMDU2NDcxMTIZYzAzNzJlYmMyZmVhZGE1OTplczplczpFUw&amp;usg=AFQjCNE47xLtQLXc3CBt_3PoaMlXpBT4Aw\"><br \/>\nCuota de g\u00e9nero en la integraci\u00f3n de los organismos vinculados a la pesca y en el registro &#8230;<\/a>&#8211;\u00a0Diario Constitucional<\/p>\n<p><a href=\"https:\/\/www.google.com\/url?rct=j&amp;sa=t&amp;url=https:\/\/www.elnacional.cat\/es\/politica\/violencia-genero-delito-transfronterizo-eurocamara_646475_102.html&amp;ct=ga&amp;cd=CAEYACoUMTA3NzQ1MDk2NTA1NzI0NTMyNDUyGTU5ZDc4MTcxMzZhMmQwMjg6ZXM6ZXM6RVM&amp;usg=AFQjCNEdqzmpFa83SqDfxSYr916koVY7fA\">La violencia de\u00a0g\u00e9nero\u00a0tiene que ser delito transfronterizo, seg\u00fan la Euroc\u00e1mara<\/a>-elnacionalcat<\/p>\n<p><a href=\"https:\/\/www.guiafc.es\/index.php\/actualidad\/proyectos\/1862-women-s-legacy-our-cultural-heritage-for-equity%C3%A7\">\u00a0&#8216;Women&#8217;s Legacy: Our Cultural Heritage for Equity&#8217; \u2026-guiafc.es<\/a><a href=\"https:\/\/www.google.com\/url?rct=j&amp;sa=t&amp;url=https:\/\/www.infobae.com\/america\/colombia\/2021\/09\/17\/por-primera-vez-una-universidad-colombiana-adopta-una-politica-de-equidad-de-genero\/&amp;ct=ga&amp;cd=CAEYASoUMTA3NzQ1MDk2NTA1NzI0NTMyNDUyGTU5ZDc4MTcxMzZhMmQwMjg6ZXM6ZXM6RVM&amp;usg=AFQjCNG8filcRZO0gT3MGHgBX2Or-C5q8A\"><br \/>\nPor primera vez, una universidad colombiana adopta una pol\u00edtica de equidad de\u00a0g\u00e9nero<\/a>-infobae<\/p>\n<p><a href=\"https:\/\/www.efe.com\/efe\/espana\/cultura\/marion-cotillard-la-subordinacion-de-mujer-es-cada-vez-mas-insostenible\/10005-4632117\">Marion Cotillard: \u00abLa subordinaci\u00f3n de la mujer es cada vez m\u00e1s insostenible\u00bb\u00a0<\/a>-Agencia EFE<\/p>\n<\/div>\n<\/div>\n<\/div><\/div><\/div><\/div><\/div>\n","protected":false},"excerpt":{"rendered":"<p>Carmen Collado Directora General de Inspecci\u00f3n de Trabajo * 18S 18 septiembre D\u00eda Internacional de la Igualdad Salarial * Women\u2019s Legacy: Our Cultural Heritage for Equity * Mireia Belmonte Premio Nacional del Deporte<\/p>\n","protected":false},"author":3,"featured_media":22909,"comment_status":"closed","ping_status":"closed","sticky":false,"template":"","format":"standard","meta":{"footnotes":""},"categories":[298,621],"tags":[279],"class_list":["post-15559","post","type-post","status-publish","format-standard","has-post-thumbnail","hentry","category-newsletter","category-nwl-3-0","tag-igualdad-salarial"],"yoast_head":"<!-- This site is optimized with the Yoast SEO plugin v27.5 - https:\/\/yoast.com\/product\/yoast-seo-wordpress\/ -->\n<title>Noticias Info CKL n\u00ba 2617-21\/09\/21-Comunicar con perspectiva de g\u00e9nero<\/title>\n<meta name=\"description\" content=\"Carmen Collado Directora General de Inspecci\u00f3n de Trabajo * 18S 18 septiembre D\u00eda Internacional de la Igualdad Salarial * Women\u2019s Legacy: Our Cultural Heritage for Equity * Mireia Belmonte Premio Nacional del Deporte\" \/>\n<meta name=\"robots\" content=\"index, follow, max-snippet:-1, max-image-preview:large, max-video-preview:-1\" \/>\n<link rel=\"canonical\" href=\"https:\/\/cklcomunicaciones.es\/coop\/noticias-info-ckl-no-2617-21-09-21\/\" \/>\n<meta property=\"og:locale\" content=\"es_ES\" \/>\n<meta property=\"og:type\" content=\"article\" \/>\n<meta property=\"og:title\" content=\"Noticias Info CKL n\u00ba 2617-21\/09\/21-Comunicar con perspectiva de g\u00e9nero\" \/>\n<meta property=\"og:description\" content=\"Carmen Collado Directora General de Inspecci\u00f3n de Trabajo * 18S 18 septiembre D\u00eda Internacional de la Igualdad Salarial * Women\u2019s Legacy: Our Cultural Heritage for Equity * Mireia Belmonte Premio Nacional del Deporte\" \/>\n<meta property=\"og:url\" content=\"https:\/\/cklcomunicaciones.es\/coop\/noticias-info-ckl-no-2617-21-09-21\/\" \/>\n<meta property=\"og:site_name\" content=\"CKL Comunicaciones\" \/>\n<meta property=\"article:published_time\" content=\"2021-09-21T11:12:21+00:00\" \/>\n<meta property=\"article:modified_time\" content=\"2025-02-09T21:22:00+00:00\" \/>\n<meta property=\"og:image\" content=\"https:\/\/cklcomunicaciones.es\/coop\/wp-content\/uploads\/2025\/01\/CKL-una-mirada-distinta-de-la-comunicacion.jpg\" \/>\n\t<meta property=\"og:image:width\" content=\"1482\" \/>\n\t<meta property=\"og:image:height\" content=\"775\" \/>\n\t<meta property=\"og:image:type\" content=\"image\/jpeg\" \/>\n<meta name=\"author\" content=\"ckl\" \/>\n<meta name=\"twitter:card\" content=\"summary_large_image\" \/>\n<meta name=\"twitter:label1\" content=\"Escrito por\" \/>\n\t<meta name=\"twitter:data1\" content=\"ckl\" \/>\n\t<meta name=\"twitter:label2\" content=\"Tiempo de lectura\" \/>\n\t<meta name=\"twitter:data2\" content=\"6 minutos\" \/>\n<script type=\"application\/ld+json\" class=\"yoast-schema-graph\">{\"@context\":\"https:\\\/\\\/schema.org\",\"@graph\":[{\"@type\":\"Article\",\"@id\":\"https:\\\/\\\/cklcomunicaciones.es\\\/coop\\\/noticias-info-ckl-no-2617-21-09-21\\\/#article\",\"isPartOf\":{\"@id\":\"https:\\\/\\\/cklcomunicaciones.es\\\/coop\\\/noticias-info-ckl-no-2617-21-09-21\\\/\"},\"author\":{\"name\":\"ckl\",\"@id\":\"https:\\\/\\\/cklcomunicaciones.es\\\/coop\\\/#\\\/schema\\\/person\\\/929a6837f7626450bbb50cee1aef266e\"},\"headline\":\"Noticias Info CKL n\u00ba 2617-21\\\/09\\\/21\",\"datePublished\":\"2021-09-21T11:12:21+00:00\",\"dateModified\":\"2025-02-09T21:22:00+00:00\",\"mainEntityOfPage\":{\"@id\":\"https:\\\/\\\/cklcomunicaciones.es\\\/coop\\\/noticias-info-ckl-no-2617-21-09-21\\\/\"},\"wordCount\":1212,\"image\":{\"@id\":\"https:\\\/\\\/cklcomunicaciones.es\\\/coop\\\/noticias-info-ckl-no-2617-21-09-21\\\/#primaryimage\"},\"thumbnailUrl\":\"https:\\\/\\\/cklcomunicaciones.es\\\/coop\\\/wp-content\\\/uploads\\\/2025\\\/01\\\/CKL-una-mirada-distinta-de-la-comunicacion.jpg\",\"keywords\":[\"igualdad salarial\"],\"articleSection\":[\"Newsletter\",\"Nwl v3.0\"],\"inLanguage\":\"es\"},{\"@type\":\"WebPage\",\"@id\":\"https:\\\/\\\/cklcomunicaciones.es\\\/coop\\\/noticias-info-ckl-no-2617-21-09-21\\\/\",\"url\":\"https:\\\/\\\/cklcomunicaciones.es\\\/coop\\\/noticias-info-ckl-no-2617-21-09-21\\\/\",\"name\":\"Noticias Info CKL n\u00ba 2617-21\\\/09\\\/21-Comunicar con perspectiva de g\u00e9nero\",\"isPartOf\":{\"@id\":\"https:\\\/\\\/cklcomunicaciones.es\\\/coop\\\/#website\"},\"primaryImageOfPage\":{\"@id\":\"https:\\\/\\\/cklcomunicaciones.es\\\/coop\\\/noticias-info-ckl-no-2617-21-09-21\\\/#primaryimage\"},\"image\":{\"@id\":\"https:\\\/\\\/cklcomunicaciones.es\\\/coop\\\/noticias-info-ckl-no-2617-21-09-21\\\/#primaryimage\"},\"thumbnailUrl\":\"https:\\\/\\\/cklcomunicaciones.es\\\/coop\\\/wp-content\\\/uploads\\\/2025\\\/01\\\/CKL-una-mirada-distinta-de-la-comunicacion.jpg\",\"datePublished\":\"2021-09-21T11:12:21+00:00\",\"dateModified\":\"2025-02-09T21:22:00+00:00\",\"author\":{\"@id\":\"https:\\\/\\\/cklcomunicaciones.es\\\/coop\\\/#\\\/schema\\\/person\\\/929a6837f7626450bbb50cee1aef266e\"},\"description\":\"Carmen Collado Directora General de Inspecci\u00f3n de Trabajo * 18S 18 septiembre D\u00eda Internacional de la Igualdad Salarial * Women\u2019s Legacy: Our Cultural Heritage for Equity * Mireia Belmonte Premio Nacional del Deporte\",\"breadcrumb\":{\"@id\":\"https:\\\/\\\/cklcomunicaciones.es\\\/coop\\\/noticias-info-ckl-no-2617-21-09-21\\\/#breadcrumb\"},\"inLanguage\":\"es\",\"potentialAction\":[{\"@type\":\"ReadAction\",\"target\":[\"https:\\\/\\\/cklcomunicaciones.es\\\/coop\\\/noticias-info-ckl-no-2617-21-09-21\\\/\"]}]},{\"@type\":\"ImageObject\",\"inLanguage\":\"es\",\"@id\":\"https:\\\/\\\/cklcomunicaciones.es\\\/coop\\\/noticias-info-ckl-no-2617-21-09-21\\\/#primaryimage\",\"url\":\"https:\\\/\\\/cklcomunicaciones.es\\\/coop\\\/wp-content\\\/uploads\\\/2025\\\/01\\\/CKL-una-mirada-distinta-de-la-comunicacion.jpg\",\"contentUrl\":\"https:\\\/\\\/cklcomunicaciones.es\\\/coop\\\/wp-content\\\/uploads\\\/2025\\\/01\\\/CKL-una-mirada-distinta-de-la-comunicacion.jpg\",\"width\":1482,\"height\":775,\"caption\":\"CKL - una mirada distinta de la comunicacion\"},{\"@type\":\"BreadcrumbList\",\"@id\":\"https:\\\/\\\/cklcomunicaciones.es\\\/coop\\\/noticias-info-ckl-no-2617-21-09-21\\\/#breadcrumb\",\"itemListElement\":[{\"@type\":\"ListItem\",\"position\":1,\"name\":\"Portada\",\"item\":\"https:\\\/\\\/cklcomunicaciones.es\\\/coop\\\/\"},{\"@type\":\"ListItem\",\"position\":2,\"name\":\"Noticias Info CKL n\u00ba 2617-21\\\/09\\\/21\"}]},{\"@type\":\"WebSite\",\"@id\":\"https:\\\/\\\/cklcomunicaciones.es\\\/coop\\\/#website\",\"url\":\"https:\\\/\\\/cklcomunicaciones.es\\\/coop\\\/\",\"name\":\"CKL Comunicaciones\",\"description\":\"Sitio web de CKL Comunicaciones coop , la consultora de comunicaci\u00f3n y estrategia\",\"potentialAction\":[{\"@type\":\"SearchAction\",\"target\":{\"@type\":\"EntryPoint\",\"urlTemplate\":\"https:\\\/\\\/cklcomunicaciones.es\\\/coop\\\/?s={search_term_string}\"},\"query-input\":{\"@type\":\"PropertyValueSpecification\",\"valueRequired\":true,\"valueName\":\"search_term_string\"}}],\"inLanguage\":\"es\"},{\"@type\":\"Person\",\"@id\":\"https:\\\/\\\/cklcomunicaciones.es\\\/coop\\\/#\\\/schema\\\/person\\\/929a6837f7626450bbb50cee1aef266e\",\"name\":\"ckl\",\"image\":{\"@type\":\"ImageObject\",\"inLanguage\":\"es\",\"@id\":\"https:\\\/\\\/secure.gravatar.com\\\/avatar\\\/c82db564e8a669bf6023357a157b9dc4780f4d4c618f2ad1d71a6a5dede45057?s=96&d=mm&r=g\",\"url\":\"https:\\\/\\\/secure.gravatar.com\\\/avatar\\\/c82db564e8a669bf6023357a157b9dc4780f4d4c618f2ad1d71a6a5dede45057?s=96&d=mm&r=g\",\"contentUrl\":\"https:\\\/\\\/secure.gravatar.com\\\/avatar\\\/c82db564e8a669bf6023357a157b9dc4780f4d4c618f2ad1d71a6a5dede45057?s=96&d=mm&r=g\",\"caption\":\"ckl\"},\"url\":\"https:\\\/\\\/cklcomunicaciones.es\\\/coop\\\/author\\\/cklcomunicaciones\\\/\"}]}<\/script>\n<!-- \/ Yoast SEO plugin. -->","yoast_head_json":{"title":"Noticias Info CKL n\u00ba 2617-21\/09\/21-Comunicar con perspectiva de g\u00e9nero","description":"Carmen Collado Directora General de Inspecci\u00f3n de Trabajo * 18S 18 septiembre D\u00eda Internacional de la Igualdad Salarial * Women\u2019s Legacy: Our Cultural Heritage for Equity * Mireia Belmonte Premio Nacional del Deporte","robots":{"index":"index","follow":"follow","max-snippet":"max-snippet:-1","max-image-preview":"max-image-preview:large","max-video-preview":"max-video-preview:-1"},"canonical":"https:\/\/cklcomunicaciones.es\/coop\/noticias-info-ckl-no-2617-21-09-21\/","og_locale":"es_ES","og_type":"article","og_title":"Noticias Info CKL n\u00ba 2617-21\/09\/21-Comunicar con perspectiva de g\u00e9nero","og_description":"Carmen Collado Directora General de Inspecci\u00f3n de Trabajo * 18S 18 septiembre D\u00eda Internacional de la Igualdad Salarial * Women\u2019s Legacy: Our Cultural Heritage for Equity * Mireia Belmonte Premio Nacional del Deporte","og_url":"https:\/\/cklcomunicaciones.es\/coop\/noticias-info-ckl-no-2617-21-09-21\/","og_site_name":"CKL Comunicaciones","article_published_time":"2021-09-21T11:12:21+00:00","article_modified_time":"2025-02-09T21:22:00+00:00","og_image":[{"width":1482,"height":775,"url":"https:\/\/cklcomunicaciones.es\/coop\/wp-content\/uploads\/2025\/01\/CKL-una-mirada-distinta-de-la-comunicacion.jpg","type":"image\/jpeg"}],"author":"ckl","twitter_card":"summary_large_image","twitter_misc":{"Escrito por":"ckl","Tiempo de lectura":"6 minutos"},"schema":{"@context":"https:\/\/schema.org","@graph":[{"@type":"Article","@id":"https:\/\/cklcomunicaciones.es\/coop\/noticias-info-ckl-no-2617-21-09-21\/#article","isPartOf":{"@id":"https:\/\/cklcomunicaciones.es\/coop\/noticias-info-ckl-no-2617-21-09-21\/"},"author":{"name":"ckl","@id":"https:\/\/cklcomunicaciones.es\/coop\/#\/schema\/person\/929a6837f7626450bbb50cee1aef266e"},"headline":"Noticias Info CKL n\u00ba 2617-21\/09\/21","datePublished":"2021-09-21T11:12:21+00:00","dateModified":"2025-02-09T21:22:00+00:00","mainEntityOfPage":{"@id":"https:\/\/cklcomunicaciones.es\/coop\/noticias-info-ckl-no-2617-21-09-21\/"},"wordCount":1212,"image":{"@id":"https:\/\/cklcomunicaciones.es\/coop\/noticias-info-ckl-no-2617-21-09-21\/#primaryimage"},"thumbnailUrl":"https:\/\/cklcomunicaciones.es\/coop\/wp-content\/uploads\/2025\/01\/CKL-una-mirada-distinta-de-la-comunicacion.jpg","keywords":["igualdad salarial"],"articleSection":["Newsletter","Nwl v3.0"],"inLanguage":"es"},{"@type":"WebPage","@id":"https:\/\/cklcomunicaciones.es\/coop\/noticias-info-ckl-no-2617-21-09-21\/","url":"https:\/\/cklcomunicaciones.es\/coop\/noticias-info-ckl-no-2617-21-09-21\/","name":"Noticias Info CKL n\u00ba 2617-21\/09\/21-Comunicar con perspectiva de g\u00e9nero","isPartOf":{"@id":"https:\/\/cklcomunicaciones.es\/coop\/#website"},"primaryImageOfPage":{"@id":"https:\/\/cklcomunicaciones.es\/coop\/noticias-info-ckl-no-2617-21-09-21\/#primaryimage"},"image":{"@id":"https:\/\/cklcomunicaciones.es\/coop\/noticias-info-ckl-no-2617-21-09-21\/#primaryimage"},"thumbnailUrl":"https:\/\/cklcomunicaciones.es\/coop\/wp-content\/uploads\/2025\/01\/CKL-una-mirada-distinta-de-la-comunicacion.jpg","datePublished":"2021-09-21T11:12:21+00:00","dateModified":"2025-02-09T21:22:00+00:00","author":{"@id":"https:\/\/cklcomunicaciones.es\/coop\/#\/schema\/person\/929a6837f7626450bbb50cee1aef266e"},"description":"Carmen Collado Directora General de Inspecci\u00f3n de Trabajo * 18S 18 septiembre D\u00eda Internacional de la Igualdad Salarial * Women\u2019s Legacy: Our Cultural Heritage for Equity * Mireia Belmonte Premio Nacional del Deporte","breadcrumb":{"@id":"https:\/\/cklcomunicaciones.es\/coop\/noticias-info-ckl-no-2617-21-09-21\/#breadcrumb"},"inLanguage":"es","potentialAction":[{"@type":"ReadAction","target":["https:\/\/cklcomunicaciones.es\/coop\/noticias-info-ckl-no-2617-21-09-21\/"]}]},{"@type":"ImageObject","inLanguage":"es","@id":"https:\/\/cklcomunicaciones.es\/coop\/noticias-info-ckl-no-2617-21-09-21\/#primaryimage","url":"https:\/\/cklcomunicaciones.es\/coop\/wp-content\/uploads\/2025\/01\/CKL-una-mirada-distinta-de-la-comunicacion.jpg","contentUrl":"https:\/\/cklcomunicaciones.es\/coop\/wp-content\/uploads\/2025\/01\/CKL-una-mirada-distinta-de-la-comunicacion.jpg","width":1482,"height":775,"caption":"CKL - una mirada distinta de la comunicacion"},{"@type":"BreadcrumbList","@id":"https:\/\/cklcomunicaciones.es\/coop\/noticias-info-ckl-no-2617-21-09-21\/#breadcrumb","itemListElement":[{"@type":"ListItem","position":1,"name":"Portada","item":"https:\/\/cklcomunicaciones.es\/coop\/"},{"@type":"ListItem","position":2,"name":"Noticias Info CKL n\u00ba 2617-21\/09\/21"}]},{"@type":"WebSite","@id":"https:\/\/cklcomunicaciones.es\/coop\/#website","url":"https:\/\/cklcomunicaciones.es\/coop\/","name":"CKL Comunicaciones","description":"Sitio web de CKL Comunicaciones coop , la consultora de comunicaci\u00f3n y estrategia","potentialAction":[{"@type":"SearchAction","target":{"@type":"EntryPoint","urlTemplate":"https:\/\/cklcomunicaciones.es\/coop\/?s={search_term_string}"},"query-input":{"@type":"PropertyValueSpecification","valueRequired":true,"valueName":"search_term_string"}}],"inLanguage":"es"},{"@type":"Person","@id":"https:\/\/cklcomunicaciones.es\/coop\/#\/schema\/person\/929a6837f7626450bbb50cee1aef266e","name":"ckl","image":{"@type":"ImageObject","inLanguage":"es","@id":"https:\/\/secure.gravatar.com\/avatar\/c82db564e8a669bf6023357a157b9dc4780f4d4c618f2ad1d71a6a5dede45057?s=96&d=mm&r=g","url":"https:\/\/secure.gravatar.com\/avatar\/c82db564e8a669bf6023357a157b9dc4780f4d4c618f2ad1d71a6a5dede45057?s=96&d=mm&r=g","contentUrl":"https:\/\/secure.gravatar.com\/avatar\/c82db564e8a669bf6023357a157b9dc4780f4d4c618f2ad1d71a6a5dede45057?s=96&d=mm&r=g","caption":"ckl"},"url":"https:\/\/cklcomunicaciones.es\/coop\/author\/cklcomunicaciones\/"}]}},"_links":{"self":[{"href":"https:\/\/cklcomunicaciones.es\/coop\/wp-json\/wp\/v2\/posts\/15559","targetHints":{"allow":["GET"]}}],"collection":[{"href":"https:\/\/cklcomunicaciones.es\/coop\/wp-json\/wp\/v2\/posts"}],"about":[{"href":"https:\/\/cklcomunicaciones.es\/coop\/wp-json\/wp\/v2\/types\/post"}],"author":[{"embeddable":true,"href":"https:\/\/cklcomunicaciones.es\/coop\/wp-json\/wp\/v2\/users\/3"}],"replies":[{"embeddable":true,"href":"https:\/\/cklcomunicaciones.es\/coop\/wp-json\/wp\/v2\/comments?post=15559"}],"version-history":[{"count":0,"href":"https:\/\/cklcomunicaciones.es\/coop\/wp-json\/wp\/v2\/posts\/15559\/revisions"}],"wp:featuredmedia":[{"embeddable":true,"href":"https:\/\/cklcomunicaciones.es\/coop\/wp-json\/wp\/v2\/media\/22909"}],"wp:attachment":[{"href":"https:\/\/cklcomunicaciones.es\/coop\/wp-json\/wp\/v2\/media?parent=15559"}],"wp:term":[{"taxonomy":"category","embeddable":true,"href":"https:\/\/cklcomunicaciones.es\/coop\/wp-json\/wp\/v2\/categories?post=15559"},{"taxonomy":"post_tag","embeddable":true,"href":"https:\/\/cklcomunicaciones.es\/coop\/wp-json\/wp\/v2\/tags?post=15559"}],"curies":[{"name":"wp","href":"https:\/\/api.w.org\/{rel}","templated":true}]}}