{"id":15526,"date":"2021-07-30T14:19:51","date_gmt":"2021-07-30T12:19:51","guid":{"rendered":"https:\/\/www.cklcomunicaciones.es\/?p=15526"},"modified":"2025-02-10T00:41:30","modified_gmt":"2025-02-09T23:41:30","slug":"noticias-info-ckl-no-2608-30-07-21","status":"publish","type":"post","link":"https:\/\/cklcomunicaciones.es\/coop\/noticias-info-ckl-no-2608-30-07-21\/","title":{"rendered":"Noticias Info CKL n\u00ba 2608-30\/07\/21"},"content":{"rendered":"<div class=\"fusion-fullwidth fullwidth-box fusion-builder-row-1 fusion-flex-container nonhundred-percent-fullwidth non-hundred-percent-height-scrolling\" style=\"--awb-border-radius-top-left:0px;--awb-border-radius-top-right:0px;--awb-border-radius-bottom-right:0px;--awb-border-radius-bottom-left:0px;--awb-flex-wrap:wrap;\" ><div class=\"fusion-builder-row fusion-row fusion-flex-align-items-flex-start fusion-flex-content-wrap\" style=\"max-width:1248px;margin-left: calc(-4% \/ 2 );margin-right: calc(-4% \/ 2 );\"><div class=\"fusion-layout-column fusion_builder_column fusion-builder-column-0 fusion_builder_column_1_1 1_1 fusion-flex-column\" style=\"--awb-bg-blend:overlay;--awb-bg-size:cover;--awb-width-large:100%;--awb-margin-top-large:0px;--awb-spacing-right-large:1.92%;--awb-margin-bottom-large:0px;--awb-spacing-left-large:1.92%;--awb-width-medium:100%;--awb-spacing-right-medium:1.92%;--awb-spacing-left-medium:1.92%;--awb-width-small:100%;--awb-spacing-right-small:1.92%;--awb-spacing-left-small:1.92%;\"><div class=\"fusion-column-wrapper fusion-flex-justify-content-flex-start fusion-content-layout-column\"><div class=\"fusion-text fusion-text-1\"><h1>Convocatorias<\/h1>\n<div id=\"\" class=\"lsow-panel lsow-active\">\n<div class=\"lsow-panel-content\">\n<ul>\n<li><a href=\"https:\/\/www.dipgra.es\/amplia-actualidad\/noticias-inicio\/diputacion-convoca-segunda-edicion-premios-igualdad-dirigidos-bibliotecas-municipales\">S<\/a><a href=\"https:\/\/www.dipgra.es\/amplia-actualidad\/noticias-inicio\/diputacion-convoca-segunda-edicion-premios-igualdad-dirigidos-bibliotecas-municipales\">egunda edici\u00f3n\u00a0<\/a><a href=\"https:\/\/www.dipgra.es\/amplia-actualidad\/noticias-inicio\/diputacion-convoca-segunda-edicion-premios-igualdad-dirigidos-bibliotecas-municipales\">&#8216;<\/a><a href=\"https:\/\/www.dipgra.es\/amplia-actualidad\/noticias-inicio\/diputacion-convoca-segunda-edicion-premios-igualdad-dirigidos-bibliotecas-municipales\">Premios Enheduanna: leer para crecer en Igualdad<\/a><a href=\"https:\/\/www.dipgra.es\/amplia-actualidad\/noticias-inicio\/diputacion-convoca-segunda-edicion-premios-igualdad-dirigidos-bibliotecas-municipales\">&#8216;<\/a>.\u00a0\u00c1rea de Igualdad y Juventud de la Diputaci\u00f3n de Granada. Propuestas a realizar entre el 20 de julio y el 15 de septiembre\u00a0de 2021<\/li>\n<li><a href=\"https:\/\/www.santacruzdetenerife.es\/web\/servicios-municipales\/igualdad\/certamenes-y-concursos\">XVI Edici\u00f3n del Certamen de Relato Breve &#8216;Mujeres&#8217;<\/a>. Concejal\u00eda de Igualdad del Ayuntamiento de Santa Cruz de Tenerife. Plazo hasta el 14 de octubre de 2021<\/li>\n<\/ul>\n<\/div>\n<\/div>\n<div id=\"\" class=\"lsow-panel lsow-active\">\n<h1 class=\"lsow-panel-title\">Comunicaci\u00f3n, Publicidad y TICs<\/h1>\n<div class=\"lsow-panel-content\">\n<p><u><a href=\"https:\/\/www.google.com\/url?rct=j&amp;sa=t&amp;url=https:\/\/www.diariocritico.com\/sociedad\/broncano-tras-los-titulares-machistas-sobre-paula-badosa&amp;ct=ga&amp;cd=CAEYASoSNzQ0MTU5OTE0Nzg5NjAxNTgwMhkxZGM1YmVjYzcwNmVjZjhiOmVzOmVzOkVT&amp;usg=AFQjCNGRzwBfiQrmzRKQ21Km7fEI21KH3Q\">La lecci\u00f3n de Broncano tras los titulares machistas sobre Paula Badosa<\/a>&#8211;\u00a0<\/u>Diariocr\u00edtico<a href=\"https:\/\/www.google.com\/url?rct=j&amp;sa=t&amp;url=https:\/\/www.malagahoy.es\/malaga\/Universidad-Malaga-noticias_0_1596442327.html&amp;ct=ga&amp;cd=CAEYACoUMTcxMDcxMDk5MzY3NTEwODg4MDEyGWMwMzcyZWJjMmZlYWRhNTk6ZXM6ZXM6RVM&amp;usg=AFQjCNGcI7RU2DxHIHEbSiT_-gMFnRZHtQ\"><br \/>\n\u00bfQui\u00e9n sale en las noticias?<\/a>&#8211;\u00a0M\u00e1laga Hoy<\/p>\n<p><a href=\"https:\/\/www.elperiodicomediterraneo.com\/espana\/2021\/07\/28\/igualdad-luchara-google-instagram-twitter-55578620.html\">Igualdad luchar\u00e1 junto Google, Instagram y Twitter contra la violencia machista<\/a>-elperiodicomediterraneo<\/p>\n<\/div>\n<\/div>\n<div id=\"\" class=\"lsow-panel lsow-active\">\n<h1 class=\"lsow-panel-title\">Andaluc\u00eda<\/h1>\n<div class=\"lsow-panel-content\">\n<p><strong>Econom\u00eda y Empresas<\/strong><\/p>\n<p><u><a href=\"https:\/\/www.juntadeandalucia.es\/presidencia\/portavoz\/social\/163332\/RocioRuiz\/ServiciosSocialesEstrategiaERACIS\/Pobreza\/exclusionsocial\/insercionlaboral\">La Consejer\u00eda de Igualdad impulsa m\u00e1s de 30.000 itinerarios sociolaborales en zonas desfavorecidas<\/a><\/u>-juntadeandalucia<\/p>\n<p><u><a href=\"https:\/\/www.bolsamania.com\/noticias\/empresas\/economiaempresas--ccoo-y-ugt-firman-un-acuerdo-marco-de-igualdad-del-grupo-osborne--8051901.html\">CCOO y UGT firman un acuerdo marco de igualdad del Grupo Osborne<\/a><\/u>-bolsamania<\/p>\n<p><u><a href=\"https:\/\/www.cope.es\/emisoras\/andalucia\/noticias\/andalucia-lidera-creacion-empleo-abril-junio-con-102400-mas-paro-baja-19800-personas-20210729_1426810\">Andaluc\u00eda lidera la creaci\u00f3n de empleo de abril a junio con 102.400 m\u00e1s y el paro baja en 19.800 personas<\/a>&#8211;<\/u>cope<strong>\u00a0<\/strong><\/p>\n<p><strong>Actualidad<\/strong><\/p>\n<p><a href=\"https:\/\/www.google.com\/url?rct=j&amp;sa=t&amp;url=https:\/\/www.eldiario.es\/sociedad\/ultima-hora-coronavirus-actualidad-politica-28-de-julio_6_8175981_1074932.html&amp;ct=ga&amp;cd=CAEYAyoUMTIxMzQ3NjI0NDM2NDk5NDg2NDkyGWMwMzcyZWJjMmZlYWRhNTk6ZXM6ZXM6RVM&amp;usg=AFQjCNE4Gf1PW69l9V3CYNUwXbpZEughvA\">Andaluc\u00eda hace una llamamiento a las\u00a0mujeres\u00a0embarazadas para que \u00abse vacunen a la mayor &#8230;<\/a>&#8211;\u00a0eldiario.es<\/p>\n<p><a href=\"https:\/\/www.eldiadecordoba.es\/cordoba\/Igualdad-justicia-femenina-frente-Juana-Rivas_0_1594941451.html\">Igualdad exige \u00abuna justicia feminista\u00bb frente a la \u00abjusticia patriarcal\u00bb que condena a mujeres como Juana Rivas<\/a>-eldiadecordoba<\/p>\n<p><strong>Violencias<\/strong><\/p>\n<p><a href=\"https:\/\/www.google.com\/url?rct=j&amp;sa=t&amp;url=https:\/\/adra.ideal.es\/adra\/disenan-videojuego-aprender-20210728190203-nt.html&amp;ct=ga&amp;cd=CAEYACoUMTQ4NDQxNjM4Mzk1NjQwMzk2NjIyGWUyZGVmYTdkNWRhOTE1N2Q6ZXM6ZXM6RVM&amp;usg=AFQjCNGH5XQl6c5fssNWL2ZG4NqX_LpB3Q\">Dise\u00f1an un\u00a0videojuego\u00a0para aprender a detectar la\u00a0violencia de g\u00e9nero<\/a>&#8211;\u00a0Ideal Digital<\/p>\n<p><u><a href=\"https:\/\/www.europapress.es\/andalucia\/cordoba-unica-01012\/noticia-diputacion-cordoba-plataforma-cordobesa-contra-violencia-mujeres-renueva-colaboracion-20210730122246.html\">La Diputaci\u00f3n de C\u00f3rdoba y la plataforma cordobesa contra la violencia hacia las mujeres renueva su colaboraci\u00f3n<\/a><\/u>-europapress<strong>\u00a0<\/strong><\/p>\n<p><strong>Ciencia y Cultura<\/strong><\/p>\n<p><u><a href=\"https:\/\/sevilla.abc.es\/sevilla\/sevi-junta-mas-puntos-cofradias-encarguen-restauraciones-mujeres-202107281956_noticia.html\">La Junta de Andaluc\u00eda da m\u00e1s puntos a las cofrad\u00edas que encarguen restauraciones a mujeres<\/a><\/u>-abc<\/p>\n<p><u><a href=\"https:\/\/www.cope.es\/emisoras\/andalucia\/huelva-provincia\/huelva\/universidad\/noticias\/catedra-juan-ramon-jimenez-entrega-sus-primeros-premios-frente-pensativa-zenobia-camprubi-20210730_1428651\">La C\u00e1tedra Juan Ram\u00f3n Jim\u00e9nez entrega sus primeros premios &#8216;La Frente Pensativa&#8217; y &#8216;Zenobia Camprub\u00ed&#8217;<\/a><\/u>-cope<\/p>\n<p><u><a href=\"https:\/\/www.cope.es\/emisoras\/andalucia\/huelva-provincia\/huelva\/noticias\/escritora-angela-fernandez-presenta-este-sabado-efecto-contraste-blue-huelva-20210730_1429434\">La escritora \u00c1ngela Fern\u00e1ndez presenta este s\u00e1bado &#8216;Efecto Contraste&#8217; en Blue OX Huelva<\/a><\/u>-cope<\/p>\n<p><u><a href=\"https:\/\/www.diariosur.es\/gente-estilo\/canal-fundacion-blas-20210730000034-ntvo.html\">Canal Sur y la Fundaci\u00f3n Blas Infante divulgar\u00e1n la historia de Andaluc\u00eda<\/a><\/u>-diariosur<\/p>\n<p><u><a href=\"http:\/\/www.juntadeandalucia.es\/presidencia\/portavoz\/163297\/Cultura\/MedinaAzahara\/teatro\/espectaculo\/patrimonio\/Andalucia\/JuntadeAndalucia\/Cordoba\">La Consejer\u00eda de Cultura inaugura en Medina Azahara un ciclo anual dedicado al teatro medieval<\/a><\/u>-juntadeandalucia<strong>\u00a0<\/strong><\/p>\n<p><strong>Deporte<\/strong><\/p>\n<p><u><a href=\"https:\/\/www.ideal.es\/deportes\/jaen\/jienense-natalia-romero-20210730122958-nt.html\">La jienense Natalia Romero mejora su marca personal y se mete en las semifinales de los Juegos Ol\u00edmpicos<\/a><\/u>-elideal<\/p>\n<p><u><a href=\"https:\/\/cordobadeporte.com\/milar-el-salvavidas-para-el-proyecto-del-cordoba-baloncesto-femenino\/\">Milar, el salvavidas para el nuevo proyecto del C\u00f3rdoba Baloncesto Femenino<\/a><\/u>-cordobadeporte<\/p>\n<\/div>\n<\/div>\n<div id=\"\" class=\"lsow-panel lsow-active\">\n<h1 class=\"lsow-panel-title\">Estado<\/h1>\n<div class=\"lsow-panel-content\">\n<p><strong>Institucional<\/strong><\/p>\n<p><u><a href=\"https:\/\/www.elperiodic.com\/reyes-maroto-estos-meses-hemos-puesto-bases-recuperacion-transformacion-nuestros-sectores-productivos_763090\">Reyes Maroto: \u201cEstos meses hemos puesto las bases de la recuperaci\u00f3n y la transformaci\u00f3n de nuestros sectores productivos\u201d<\/a><\/u>-elperiodico<\/p>\n<p><u><a href=\"https:\/\/www.europapress.es\/epsocial\/igualdad\/noticia-igualdad-marca-retos-pendientes-ley-trata-ley-tiempo-corresponsable-20210730105028.html\">Igualdad se marca como retos pendientes la ley de trata o una ley de tiempo corresponsable<\/a><\/u>-europapress<\/p>\n<p><strong>Institucional-CCAA\u00a0\u00a0<\/strong><\/p>\n<p><u><a href=\"https:\/\/www.msn.com\/es-es\/news\/espana\/pol-c3-adtica-social-pone-en-marcha-la-atenci-c3-b3n-inmediata-las-24-horas-del-d-c3-ada-para-mujeres-v-c3-adctimas-de-agresiones-sexuales\/ar-AAMJPyl?ocid=BingNewsSearch\">Pol\u00edtica Social pone en marcha la atenci\u00f3n inmediata las 24 horas del d\u00eda para mujeres v\u00edctimas de agresiones sexuales<\/a><\/u>-20minutos<\/p>\n<p><u><a href=\"https:\/\/www.elperiodic.com\/igualdad-instituto-mujeres-ministerio-coinciden-necesidad-educacion-afectivo-sexual-temprana-integral-calidad_762472\">Igualdad y el Instituto de las Mujeres del Ministerio coinciden en la necesidad de una educaci\u00f3n afectivo-sexual temprana, integral y de calidad<\/a><\/u>-elperiodico<\/p>\n<p><u><a href=\"https:\/\/www.lacerca.com\/noticias\/ciudad_real\/ciudad-real-estudio-discriminacion-facial-etnica-perspectiva-genero-567836-1.html\">Ciudad Real pone en marcha el primer estudio de discriminaci\u00f3n facial y \u00e9tnica con perspectiva de g\u00e9nero<\/a><\/u>-lacerca<\/p>\n<p><u><a href=\"https:\/\/www.hortanoticias.com\/valencia-pone-en-marcha-la-primera-edicion-de-la-beca-de-arte-femenino\/\">Val\u00e8ncia pone en marcha la primera edici\u00f3n de la Beca de Arte femenino<\/a><\/u>-hortanoticias<u><a href=\"https:\/\/www.google.com\/url?rct=j&amp;sa=t&amp;url=https:\/\/www.ondacero.es\/emisoras\/extremadura\/badajoz\/noticias\/mujeres-extremenas-ilustradas-nueva-iniciativa-imex-fomentar-igualdad_202107306103e136007f4e0001cca5d1.html&amp;ct=ga&amp;cd=CAEYACoTNDYzODczMTMwMTI5MDM4MTk4NjIZYzAzNzJlYmMyZmVhZGE1OTplczplczpFUw&amp;usg=AFQjCNH2rlt14M69cC7mhm1X2z5mvCmvWg\"><br \/>\n`Mujeres\u00a0extreme\u00f1as ilustradas\u00b4 la nueva iniciativa del IMEx para fomentar la igualdad<\/a><\/u>&#8211;\u00a0Ondacero<strong>\u00a0<\/strong><\/p>\n<p><strong>Econom\u00eda y Empresas<\/strong><\/p>\n<p><u><a href=\"http:\/\/www.rrhhdigital.com\/secciones\/liderazgo\/148174\/Solo-el-12-de-las-directivas-en-el-sector-tecnologico-en-Espana-son-mujeres\">Solo el 12% de las directivas en el sector tecnol\u00f3gico en Espa\u00f1a son mujeres<\/a><\/u>-rrhhdigital<\/p>\n<p><u><a href=\"https:\/\/www.mundiario.com\/articulo\/revista-hggt\/paz-ivison-mujeres-han-sustituido-cocina-vino-cual-es-bastante-inteligente\/20210729181734224742.html\">Paz Ivison: Las mujeres han sustituido la cocina por el vino, lo cual es bastante inteligente<\/a><\/u>-Mundiario<\/p>\n<p><u><a href=\"https:\/\/www.msn.com\/es-es\/finance\/formacion-empleo\/por-qu-c3-a9-las-startups-lideradas-por-mujeres-sobreviven-mucho-m-c3-a1s\/ar-AAMJAI4?ocid=BingNewsSearch\">Por qu\u00e9 las startups lideradas por mujeres sobreviven mucho m\u00e1s<\/a><\/u>-msn<a href=\"https:\/\/www.google.com\/url?rct=j&amp;sa=t&amp;url=https:\/\/www.corresponsables.com\/actualidad\/empresas-espanolas-empoderamiento-mujer-negocios&amp;ct=ga&amp;cd=CAEYACoTNDAxNzY5MzA3OTU2NDg1MDM4MDIZYzAzNzJlYmMyZmVhZGE1OTplczplczpFUw&amp;usg=AFQjCNG5TUtBJGJSDurHQIwYQAEU5u9p7w\"><br \/>\nODS5. 36 empresas espa\u00f1olas participan en la II edici\u00f3n del programa de empoderamiento de la &#8230;<\/a><u>&#8211;<\/u>\u00a0Corresponsables.com<u><a href=\"https:\/\/www.google.com\/url?rct=j&amp;sa=t&amp;url=https:\/\/www.20minutos.es\/noticia\/4779677\/0\/ugt-destaca-los-datos-de-empleo-favorables-impulsados-por-el-arranque-de-la-actividad-productiva\/&amp;ct=ga&amp;cd=CAEYKSoTMjQ2OTMwMTA4MTY0ODk2NjMwNzIZYzAzNzJlYmMyZmVhZGE1OTplczplczpFUw&amp;usg=AFQjCNFsJowiz8AysGqMv83f1ejQxw--Cg\"><br \/>\nUGT destaca los datos de empleo \u00abfavorables\u00bb impulsados por el arranque de la actividad productiva<\/a><\/u>&#8211;\u00a020minutos<a href=\"https:\/\/www.google.com\/url?rct=j&amp;sa=t&amp;url=https:\/\/www.tododisca.com\/como-pension-jubilacion-amas-de-casa\/&amp;ct=ga&amp;cd=CAEYAioUMTA2Nzc0MzU1MDY1Mjg2NzU3MjUyGWMwMzcyZWJjMmZlYWRhNTk6ZXM6ZXM6RVM&amp;usg=AFQjCNG0R3KSH8_FPvjpOH_cRHb6sf8GAg\"><br \/>\n\u00bfC\u00f3mo es la pensi\u00f3n de jubilaci\u00f3n para las amas de casa?<\/a>&#8211;\u00a0Todo Disca<\/p>\n<p><u><a href=\"https:\/\/www.elperiodic.com\/seguridad-social-tramitado-227349-permisos-nacimiento-cuidado-menor-primeros-seis-meses_763088\">La Seguridad Social ha tramitado 227.349 permisos por nacimiento y cuidado de menor en los primeros seis meses del a\u00f1o<\/a><\/u>-elperiodico<strong>\u00a0<\/strong><\/p>\n<p><strong>Actualidad<\/strong><\/p>\n<p><u><a href=\"https:\/\/www.bolsamania.com\/noticias\/empresas\/economia--mujer-de-entre-26-y-34-anos-perfil-predominante-de-comprador-de-vivienda-en-regimen-de-cooperativa--8047639.html\">Mujer de entre 26 y 34 a\u00f1os, perfil predominante de comprador de vivienda en r\u00e9gimen de cooperativa<\/a><\/u>-capitalbolsa<\/p>\n<p><a href=\"https:\/\/www.google.com\/url?rct=j&amp;sa=t&amp;url=https:\/\/www.bebesymas.com\/juegos-y-juguetes\/jugar-a-cocinitas-siete-grandes-beneficios-para-desarrollo-ninos-este-clasico-juego-infantil&amp;ct=ga&amp;cd=CAEYACoUMTQ4OTQ0NDYzMzA0ODgwNjIxNDUyGWM1MWU1MzM2YWY2YzQzMDU6ZXM6ZXM6RVM&amp;usg=AFQjCNGfMXvHoKFXssbNhgNJci3zljnLdA\">Jugar a las cocinitas: siete grandes beneficios para el desarrollo de los ni\u00f1os de este cl\u00e1sico juego &#8230;<\/a>&#8211;\u00a0Beb\u00e9s y m\u00e1s<a href=\"https:\/\/www.google.com\/url?rct=j&amp;sa=t&amp;url=https:\/\/www.elmundo.es\/yodona\/lifestyle\/2021\/07\/27\/60ffc345fc6c8363198b4631.html&amp;ct=ga&amp;cd=CAEYDCoTNDAxNzY5MzA3OTU2NDg1MDM4MDIZYzAzNzJlYmMyZmVhZGE1OTplczplczpFUw&amp;usg=AFQjCNGa7xGCDoIdvrR6TElm3zNAYYyutA\"><br \/>\nUn tercio al d\u00eda, la nueva medida del consumo saludable de cerveza, seg\u00fan la investigadora &#8230;<\/a>&#8211;\u00a0El Mundo<\/p>\n<p><u><a href=\"https:\/\/www.discapnet.es\/actualidad\/2021\/07\/plena-inclusion-y-cermi-mujeres-defienden-derechos-mujeres-con-discapacidad-intelectual\">Plena inclusi\u00f3n y la Fundaci\u00f3n CERMI Mujeres se unen para defender los derechos de las mujeres con discapacidad intelectual o del desarrollo<\/a><\/u>-discapnet<\/p>\n<p><u><a href=\"https:\/\/www.lne.es\/asturias\/2021\/07\/30\/matronas-instan-mujeres-embarazadas-vacunarse-55657713.html\">Las matronas instan a las mujeres embarazadas a vacunarse frente al covid<\/a><\/u>-lne<\/p>\n<p><strong>Violencias<\/strong><\/p>\n<p><u><a href=\"https:\/\/www.lavanguardia.com\/vida\/20210730\/7634610\/ong-denuncian-trata-invisible-mujeres-ninas-migrantes-dia-mundial.html\">Las ONG denuncian que la trata sigue siendo \u00abinvisible\u00bb y afecta a mujeres y ni\u00f1as migrantes<\/a><\/u>-lavanguardia<strong>\u00a0<\/strong><\/p>\n<p><strong>Ciencia y Cultura<\/strong><\/p>\n<p><a href=\"https:\/\/womandigital.es\/libros-de-texto-sin-referentes-femeninos-educar-y-aprender-con-sesgos-de-genero\/\">Libros de texto sin referentes femeninos, educar y aprender con sesgos de g\u00e9nero \u2026<\/a>-womandigital<a href=\"https:\/\/www.google.com\/url?rct=j&amp;sa=t&amp;url=https:\/\/www.rtve.es\/television\/20210728\/poesia-gloria-fuertes\/2139440.shtml&amp;ct=ga&amp;cd=CAEYACoTMTU1OTk0MzE4MzQ5NTgzOTU5MjIZYzAzNzJlYmMyZmVhZGE1OTplczplczpFUw&amp;usg=AFQjCNFldLAS4tDo1HFAtQwkEtlpWbj0gg\"><br \/>\nGloria Fuertes, la poeta que quiso parar la guerra<\/a>&#8211;\u00a0Rtve<\/p>\n<p><a href=\"https:\/\/www.diaridetarragona.com\/cultura-vida\/Maria-Folguera-El-amor-por-si-mismo-no-resuelve-nada-ni-los-conflictos-ni-los-desencuentros-20210727-0058.html\">Mar\u00eda Folguera: \u00abEl amor por s\u00ed mismo no resuelve nada, ni los conflictos ni los desencuentros\u00bb<\/a>-diariodetarragona<\/p>\n<p><u><a href=\"https:\/\/www.noticiasdenavarra.com\/cultura\/2021\/07\/23\/unica-serie-protagonizada-mujeres-quieren\/1166792.html\">\u00abSomos la \u00fanica serie protagonizada por dos mujeres que se quieren\u00bb<\/a><\/u>-noticiasdenavarra<\/p>\n<p><u><a href=\"https:\/\/www.elespanol.com\/mujer\/actualidad\/20210730\/exposicion-feminista-female-gaze-retrata-distintas-formas\/600190482_0.html\">La exposici\u00f3n feminista &#8216;Female Gaze&#8217;: as\u00ed retrata las distintas formas de ser mujer en el mundo<\/a><\/u>-elespanol<strong>\u00a0<\/strong><\/p>\n<p><strong>Deporte<\/strong><\/p>\n<p><u><a href=\"https:\/\/elpais.com\/deportes\/juegos-olimpicos\/2021-07-29\/ana-peleteiro-por-una-medalla-me-parto-una-pierna-y-dos-veces-si-hace-falta.html\">Ana Peleteiro: \u201cPor una medalla me parto una pierna, y dos veces si hace falta\u201d<\/a><\/u>&#8211; El Pa\u00eds<\/p>\n<p><u><a href=\"https:\/\/www.elplural.com\/sociedad\/mujer-deporte-alto-riesgo_271885102\">Ser mujer, deporte de alto riesgo<\/a><\/u>-elplural<\/p>\n<p><a href=\"https:\/\/capital.es\/2021\/07\/30\/maria-lopez-jugadora-de-la-seleccion-espanola-de-hockey-hierba-necesitamos-que-los-medios-apoyen-al-deporte-femenino-y-sean-su-altavoz\/\">Mar\u00eda L\u00f3pez, jugadora de la Selecci\u00f3n Espa\u00f1ola de Hockey Hierba..-capital<\/a><\/p>\n<\/div>\n<\/div>\n<div id=\"\" class=\"lsow-panel lsow-active\">\n<h1 class=\"lsow-panel-title\">Internacional<\/h1>\n<div class=\"lsow-panel-content\">\n<p><u><a href=\"https:\/\/www.elmercuriodigital.net\/2021\/07\/instan-visibilizar-la-lucha-por-la.html\">Instan a visibilizar la lucha por la igualdad de la mujer negra en Brasil<\/a><\/u>-elmercuriodigital<\/p>\n<p><u><a href=\"https:\/\/periodistas-es.com\/rita-levi-montalcini-y-el-cerebro-humano-153069\">Rita Levi-Montalcini y el cerebro humano\u2026<\/a><\/u>-periodistas<\/p>\n<p><u><a href=\"https:\/\/actualidad.rt.com\/actualidad\/399200-descubren-urna-crematoria-4000-anos-embarazada-gemelos\">Descubren una urna crematoria de hace 4.000 a\u00f1os con los restos de una mujer embarazada que esperaba gemelos<\/a><\/u>-actualidad.rt<\/p>\n<p><u><a href=\"https:\/\/actualidad.rt.com\/actualidad\/399266-ridiculizan-feminista-arquera-surcoreana-an-san\">Ridiculizan como \u00abfeminista\u00bb a la medallista ol\u00edmpica An San por tener el pelo corto y miles de mujeres lanzan una campa\u00f1a viral en su apoyo<\/a><\/u>-actualidad.rt<\/p>\n<p><u><a href=\"https:\/\/www.google.com\/url?rct=j&amp;sa=t&amp;url=https:\/\/www.e-consulta.com\/opinion\/2021-07-29\/las-olimpiadas-de-las-mujeres&amp;ct=ga&amp;cd=CAEYASoUMTc0ODAyNzA2OTE0MDc3NDMzOTAyGTFkYzViZWNjNzA2ZWNmOGI6ZXM6ZXM6RVM&amp;usg=AFQjCNEWQWuil3J02yN1FU50slcKMAMGRw\">Las olimpiadas de las mujeres<\/a><\/u>&#8211;\u00a0e-consulta<\/p>\n<\/div>\n<\/div>\n<\/div><\/div><\/div><\/div><\/div>\n","protected":false},"excerpt":{"rendered":"<p>Mujer entre 26 y 34, perfil comprador de vivienda en r\u00e9gimen de cooperativas * Paz Ivison Premio Nacional de Gastronom\u00eda * Las ONGs denuncian que la trata sigue siendo invisible * \u00bfQui\u00e9n sale en las noticias?<\/p>\n","protected":false},"author":3,"featured_media":22909,"comment_status":"closed","ping_status":"closed","sticky":false,"template":"","format":"standard","meta":{"footnotes":""},"categories":[298,621],"tags":[109,276],"class_list":["post-15526","post","type-post","status-publish","format-standard","has-post-thumbnail","hentry","category-newsletter","category-nwl-3-0","tag-violencia-de-genero","tag-vivienda"],"yoast_head":"<!-- This site is optimized with the Yoast SEO plugin v27.5 - https:\/\/yoast.com\/product\/yoast-seo-wordpress\/ -->\n<title>Noticias Info CKL n\u00ba 2608-30\/07\/21-Comunicar con perspectiva de g\u00e9nero<\/title>\n<meta name=\"description\" content=\"Mujer entre 26 y 34, perfil comprador de vivienda en r\u00e9gimen de cooperativas * Paz Ivison Premio Nacional de Gastronom\u00eda * Las ONGs denuncian que la trata sigue siendo invisible * \u00bfQui\u00e9n sale en las noticias?\" \/>\n<meta name=\"robots\" content=\"index, follow, max-snippet:-1, max-image-preview:large, max-video-preview:-1\" \/>\n<link rel=\"canonical\" href=\"https:\/\/cklcomunicaciones.es\/coop\/noticias-info-ckl-no-2608-30-07-21\/\" \/>\n<meta property=\"og:locale\" content=\"es_ES\" \/>\n<meta property=\"og:type\" content=\"article\" \/>\n<meta property=\"og:title\" content=\"Noticias Info CKL n\u00ba 2608-30\/07\/21-Comunicar con perspectiva de g\u00e9nero\" \/>\n<meta property=\"og:description\" content=\"Mujer entre 26 y 34, perfil comprador de vivienda en r\u00e9gimen de cooperativas * Paz Ivison Premio Nacional de Gastronom\u00eda * Las ONGs denuncian que la trata sigue siendo invisible * \u00bfQui\u00e9n sale en las noticias?\" \/>\n<meta property=\"og:url\" content=\"https:\/\/cklcomunicaciones.es\/coop\/noticias-info-ckl-no-2608-30-07-21\/\" \/>\n<meta property=\"og:site_name\" content=\"CKL Comunicaciones\" \/>\n<meta property=\"article:published_time\" content=\"2021-07-30T12:19:51+00:00\" \/>\n<meta property=\"article:modified_time\" content=\"2025-02-09T23:41:30+00:00\" \/>\n<meta property=\"og:image\" content=\"https:\/\/cklcomunicaciones.es\/coop\/wp-content\/uploads\/2025\/01\/CKL-una-mirada-distinta-de-la-comunicacion.jpg\" \/>\n\t<meta property=\"og:image:width\" content=\"1482\" \/>\n\t<meta property=\"og:image:height\" content=\"775\" \/>\n\t<meta property=\"og:image:type\" content=\"image\/jpeg\" \/>\n<meta name=\"author\" content=\"ckl\" \/>\n<meta name=\"twitter:card\" content=\"summary_large_image\" \/>\n<meta name=\"twitter:label1\" content=\"Escrito por\" \/>\n\t<meta name=\"twitter:data1\" content=\"ckl\" \/>\n\t<meta name=\"twitter:label2\" content=\"Tiempo de lectura\" \/>\n\t<meta name=\"twitter:data2\" content=\"5 minutos\" \/>\n<script type=\"application\/ld+json\" class=\"yoast-schema-graph\">{\"@context\":\"https:\\\/\\\/schema.org\",\"@graph\":[{\"@type\":\"Article\",\"@id\":\"https:\\\/\\\/cklcomunicaciones.es\\\/coop\\\/noticias-info-ckl-no-2608-30-07-21\\\/#article\",\"isPartOf\":{\"@id\":\"https:\\\/\\\/cklcomunicaciones.es\\\/coop\\\/noticias-info-ckl-no-2608-30-07-21\\\/\"},\"author\":{\"name\":\"ckl\",\"@id\":\"https:\\\/\\\/cklcomunicaciones.es\\\/coop\\\/#\\\/schema\\\/person\\\/929a6837f7626450bbb50cee1aef266e\"},\"headline\":\"Noticias Info CKL n\u00ba 2608-30\\\/07\\\/21\",\"datePublished\":\"2021-07-30T12:19:51+00:00\",\"dateModified\":\"2025-02-09T23:41:30+00:00\",\"mainEntityOfPage\":{\"@id\":\"https:\\\/\\\/cklcomunicaciones.es\\\/coop\\\/noticias-info-ckl-no-2608-30-07-21\\\/\"},\"wordCount\":1072,\"image\":{\"@id\":\"https:\\\/\\\/cklcomunicaciones.es\\\/coop\\\/noticias-info-ckl-no-2608-30-07-21\\\/#primaryimage\"},\"thumbnailUrl\":\"https:\\\/\\\/cklcomunicaciones.es\\\/coop\\\/wp-content\\\/uploads\\\/2025\\\/01\\\/CKL-una-mirada-distinta-de-la-comunicacion.jpg\",\"keywords\":[\"violencia de g\u00e9nero\",\"vivienda\"],\"articleSection\":[\"Newsletter\",\"Nwl v3.0\"],\"inLanguage\":\"es\"},{\"@type\":\"WebPage\",\"@id\":\"https:\\\/\\\/cklcomunicaciones.es\\\/coop\\\/noticias-info-ckl-no-2608-30-07-21\\\/\",\"url\":\"https:\\\/\\\/cklcomunicaciones.es\\\/coop\\\/noticias-info-ckl-no-2608-30-07-21\\\/\",\"name\":\"Noticias Info CKL n\u00ba 2608-30\\\/07\\\/21-Comunicar con perspectiva de g\u00e9nero\",\"isPartOf\":{\"@id\":\"https:\\\/\\\/cklcomunicaciones.es\\\/coop\\\/#website\"},\"primaryImageOfPage\":{\"@id\":\"https:\\\/\\\/cklcomunicaciones.es\\\/coop\\\/noticias-info-ckl-no-2608-30-07-21\\\/#primaryimage\"},\"image\":{\"@id\":\"https:\\\/\\\/cklcomunicaciones.es\\\/coop\\\/noticias-info-ckl-no-2608-30-07-21\\\/#primaryimage\"},\"thumbnailUrl\":\"https:\\\/\\\/cklcomunicaciones.es\\\/coop\\\/wp-content\\\/uploads\\\/2025\\\/01\\\/CKL-una-mirada-distinta-de-la-comunicacion.jpg\",\"datePublished\":\"2021-07-30T12:19:51+00:00\",\"dateModified\":\"2025-02-09T23:41:30+00:00\",\"author\":{\"@id\":\"https:\\\/\\\/cklcomunicaciones.es\\\/coop\\\/#\\\/schema\\\/person\\\/929a6837f7626450bbb50cee1aef266e\"},\"description\":\"Mujer entre 26 y 34, perfil comprador de vivienda en r\u00e9gimen de cooperativas * Paz Ivison Premio Nacional de Gastronom\u00eda * Las ONGs denuncian que la trata sigue siendo invisible * \u00bfQui\u00e9n sale en las noticias?\",\"breadcrumb\":{\"@id\":\"https:\\\/\\\/cklcomunicaciones.es\\\/coop\\\/noticias-info-ckl-no-2608-30-07-21\\\/#breadcrumb\"},\"inLanguage\":\"es\",\"potentialAction\":[{\"@type\":\"ReadAction\",\"target\":[\"https:\\\/\\\/cklcomunicaciones.es\\\/coop\\\/noticias-info-ckl-no-2608-30-07-21\\\/\"]}]},{\"@type\":\"ImageObject\",\"inLanguage\":\"es\",\"@id\":\"https:\\\/\\\/cklcomunicaciones.es\\\/coop\\\/noticias-info-ckl-no-2608-30-07-21\\\/#primaryimage\",\"url\":\"https:\\\/\\\/cklcomunicaciones.es\\\/coop\\\/wp-content\\\/uploads\\\/2025\\\/01\\\/CKL-una-mirada-distinta-de-la-comunicacion.jpg\",\"contentUrl\":\"https:\\\/\\\/cklcomunicaciones.es\\\/coop\\\/wp-content\\\/uploads\\\/2025\\\/01\\\/CKL-una-mirada-distinta-de-la-comunicacion.jpg\",\"width\":1482,\"height\":775,\"caption\":\"CKL - una mirada distinta de la comunicacion\"},{\"@type\":\"BreadcrumbList\",\"@id\":\"https:\\\/\\\/cklcomunicaciones.es\\\/coop\\\/noticias-info-ckl-no-2608-30-07-21\\\/#breadcrumb\",\"itemListElement\":[{\"@type\":\"ListItem\",\"position\":1,\"name\":\"Portada\",\"item\":\"https:\\\/\\\/cklcomunicaciones.es\\\/coop\\\/\"},{\"@type\":\"ListItem\",\"position\":2,\"name\":\"Noticias Info CKL n\u00ba 2608-30\\\/07\\\/21\"}]},{\"@type\":\"WebSite\",\"@id\":\"https:\\\/\\\/cklcomunicaciones.es\\\/coop\\\/#website\",\"url\":\"https:\\\/\\\/cklcomunicaciones.es\\\/coop\\\/\",\"name\":\"CKL Comunicaciones\",\"description\":\"Sitio web de CKL Comunicaciones coop , la consultora de comunicaci\u00f3n y estrategia\",\"potentialAction\":[{\"@type\":\"SearchAction\",\"target\":{\"@type\":\"EntryPoint\",\"urlTemplate\":\"https:\\\/\\\/cklcomunicaciones.es\\\/coop\\\/?s={search_term_string}\"},\"query-input\":{\"@type\":\"PropertyValueSpecification\",\"valueRequired\":true,\"valueName\":\"search_term_string\"}}],\"inLanguage\":\"es\"},{\"@type\":\"Person\",\"@id\":\"https:\\\/\\\/cklcomunicaciones.es\\\/coop\\\/#\\\/schema\\\/person\\\/929a6837f7626450bbb50cee1aef266e\",\"name\":\"ckl\",\"image\":{\"@type\":\"ImageObject\",\"inLanguage\":\"es\",\"@id\":\"https:\\\/\\\/secure.gravatar.com\\\/avatar\\\/c82db564e8a669bf6023357a157b9dc4780f4d4c618f2ad1d71a6a5dede45057?s=96&d=mm&r=g\",\"url\":\"https:\\\/\\\/secure.gravatar.com\\\/avatar\\\/c82db564e8a669bf6023357a157b9dc4780f4d4c618f2ad1d71a6a5dede45057?s=96&d=mm&r=g\",\"contentUrl\":\"https:\\\/\\\/secure.gravatar.com\\\/avatar\\\/c82db564e8a669bf6023357a157b9dc4780f4d4c618f2ad1d71a6a5dede45057?s=96&d=mm&r=g\",\"caption\":\"ckl\"},\"url\":\"https:\\\/\\\/cklcomunicaciones.es\\\/coop\\\/author\\\/cklcomunicaciones\\\/\"}]}<\/script>\n<!-- \/ Yoast SEO plugin. -->","yoast_head_json":{"title":"Noticias Info CKL n\u00ba 2608-30\/07\/21-Comunicar con perspectiva de g\u00e9nero","description":"Mujer entre 26 y 34, perfil comprador de vivienda en r\u00e9gimen de cooperativas * Paz Ivison Premio Nacional de Gastronom\u00eda * Las ONGs denuncian que la trata sigue siendo invisible * \u00bfQui\u00e9n sale en las noticias?","robots":{"index":"index","follow":"follow","max-snippet":"max-snippet:-1","max-image-preview":"max-image-preview:large","max-video-preview":"max-video-preview:-1"},"canonical":"https:\/\/cklcomunicaciones.es\/coop\/noticias-info-ckl-no-2608-30-07-21\/","og_locale":"es_ES","og_type":"article","og_title":"Noticias Info CKL n\u00ba 2608-30\/07\/21-Comunicar con perspectiva de g\u00e9nero","og_description":"Mujer entre 26 y 34, perfil comprador de vivienda en r\u00e9gimen de cooperativas * Paz Ivison Premio Nacional de Gastronom\u00eda * Las ONGs denuncian que la trata sigue siendo invisible * \u00bfQui\u00e9n sale en las noticias?","og_url":"https:\/\/cklcomunicaciones.es\/coop\/noticias-info-ckl-no-2608-30-07-21\/","og_site_name":"CKL Comunicaciones","article_published_time":"2021-07-30T12:19:51+00:00","article_modified_time":"2025-02-09T23:41:30+00:00","og_image":[{"width":1482,"height":775,"url":"https:\/\/cklcomunicaciones.es\/coop\/wp-content\/uploads\/2025\/01\/CKL-una-mirada-distinta-de-la-comunicacion.jpg","type":"image\/jpeg"}],"author":"ckl","twitter_card":"summary_large_image","twitter_misc":{"Escrito por":"ckl","Tiempo de lectura":"5 minutos"},"schema":{"@context":"https:\/\/schema.org","@graph":[{"@type":"Article","@id":"https:\/\/cklcomunicaciones.es\/coop\/noticias-info-ckl-no-2608-30-07-21\/#article","isPartOf":{"@id":"https:\/\/cklcomunicaciones.es\/coop\/noticias-info-ckl-no-2608-30-07-21\/"},"author":{"name":"ckl","@id":"https:\/\/cklcomunicaciones.es\/coop\/#\/schema\/person\/929a6837f7626450bbb50cee1aef266e"},"headline":"Noticias Info CKL n\u00ba 2608-30\/07\/21","datePublished":"2021-07-30T12:19:51+00:00","dateModified":"2025-02-09T23:41:30+00:00","mainEntityOfPage":{"@id":"https:\/\/cklcomunicaciones.es\/coop\/noticias-info-ckl-no-2608-30-07-21\/"},"wordCount":1072,"image":{"@id":"https:\/\/cklcomunicaciones.es\/coop\/noticias-info-ckl-no-2608-30-07-21\/#primaryimage"},"thumbnailUrl":"https:\/\/cklcomunicaciones.es\/coop\/wp-content\/uploads\/2025\/01\/CKL-una-mirada-distinta-de-la-comunicacion.jpg","keywords":["violencia de g\u00e9nero","vivienda"],"articleSection":["Newsletter","Nwl v3.0"],"inLanguage":"es"},{"@type":"WebPage","@id":"https:\/\/cklcomunicaciones.es\/coop\/noticias-info-ckl-no-2608-30-07-21\/","url":"https:\/\/cklcomunicaciones.es\/coop\/noticias-info-ckl-no-2608-30-07-21\/","name":"Noticias Info CKL n\u00ba 2608-30\/07\/21-Comunicar con perspectiva de g\u00e9nero","isPartOf":{"@id":"https:\/\/cklcomunicaciones.es\/coop\/#website"},"primaryImageOfPage":{"@id":"https:\/\/cklcomunicaciones.es\/coop\/noticias-info-ckl-no-2608-30-07-21\/#primaryimage"},"image":{"@id":"https:\/\/cklcomunicaciones.es\/coop\/noticias-info-ckl-no-2608-30-07-21\/#primaryimage"},"thumbnailUrl":"https:\/\/cklcomunicaciones.es\/coop\/wp-content\/uploads\/2025\/01\/CKL-una-mirada-distinta-de-la-comunicacion.jpg","datePublished":"2021-07-30T12:19:51+00:00","dateModified":"2025-02-09T23:41:30+00:00","author":{"@id":"https:\/\/cklcomunicaciones.es\/coop\/#\/schema\/person\/929a6837f7626450bbb50cee1aef266e"},"description":"Mujer entre 26 y 34, perfil comprador de vivienda en r\u00e9gimen de cooperativas * Paz Ivison Premio Nacional de Gastronom\u00eda * Las ONGs denuncian que la trata sigue siendo invisible * \u00bfQui\u00e9n sale en las noticias?","breadcrumb":{"@id":"https:\/\/cklcomunicaciones.es\/coop\/noticias-info-ckl-no-2608-30-07-21\/#breadcrumb"},"inLanguage":"es","potentialAction":[{"@type":"ReadAction","target":["https:\/\/cklcomunicaciones.es\/coop\/noticias-info-ckl-no-2608-30-07-21\/"]}]},{"@type":"ImageObject","inLanguage":"es","@id":"https:\/\/cklcomunicaciones.es\/coop\/noticias-info-ckl-no-2608-30-07-21\/#primaryimage","url":"https:\/\/cklcomunicaciones.es\/coop\/wp-content\/uploads\/2025\/01\/CKL-una-mirada-distinta-de-la-comunicacion.jpg","contentUrl":"https:\/\/cklcomunicaciones.es\/coop\/wp-content\/uploads\/2025\/01\/CKL-una-mirada-distinta-de-la-comunicacion.jpg","width":1482,"height":775,"caption":"CKL - una mirada distinta de la comunicacion"},{"@type":"BreadcrumbList","@id":"https:\/\/cklcomunicaciones.es\/coop\/noticias-info-ckl-no-2608-30-07-21\/#breadcrumb","itemListElement":[{"@type":"ListItem","position":1,"name":"Portada","item":"https:\/\/cklcomunicaciones.es\/coop\/"},{"@type":"ListItem","position":2,"name":"Noticias Info CKL n\u00ba 2608-30\/07\/21"}]},{"@type":"WebSite","@id":"https:\/\/cklcomunicaciones.es\/coop\/#website","url":"https:\/\/cklcomunicaciones.es\/coop\/","name":"CKL Comunicaciones","description":"Sitio web de CKL Comunicaciones coop , la consultora de comunicaci\u00f3n y estrategia","potentialAction":[{"@type":"SearchAction","target":{"@type":"EntryPoint","urlTemplate":"https:\/\/cklcomunicaciones.es\/coop\/?s={search_term_string}"},"query-input":{"@type":"PropertyValueSpecification","valueRequired":true,"valueName":"search_term_string"}}],"inLanguage":"es"},{"@type":"Person","@id":"https:\/\/cklcomunicaciones.es\/coop\/#\/schema\/person\/929a6837f7626450bbb50cee1aef266e","name":"ckl","image":{"@type":"ImageObject","inLanguage":"es","@id":"https:\/\/secure.gravatar.com\/avatar\/c82db564e8a669bf6023357a157b9dc4780f4d4c618f2ad1d71a6a5dede45057?s=96&d=mm&r=g","url":"https:\/\/secure.gravatar.com\/avatar\/c82db564e8a669bf6023357a157b9dc4780f4d4c618f2ad1d71a6a5dede45057?s=96&d=mm&r=g","contentUrl":"https:\/\/secure.gravatar.com\/avatar\/c82db564e8a669bf6023357a157b9dc4780f4d4c618f2ad1d71a6a5dede45057?s=96&d=mm&r=g","caption":"ckl"},"url":"https:\/\/cklcomunicaciones.es\/coop\/author\/cklcomunicaciones\/"}]}},"_links":{"self":[{"href":"https:\/\/cklcomunicaciones.es\/coop\/wp-json\/wp\/v2\/posts\/15526","targetHints":{"allow":["GET"]}}],"collection":[{"href":"https:\/\/cklcomunicaciones.es\/coop\/wp-json\/wp\/v2\/posts"}],"about":[{"href":"https:\/\/cklcomunicaciones.es\/coop\/wp-json\/wp\/v2\/types\/post"}],"author":[{"embeddable":true,"href":"https:\/\/cklcomunicaciones.es\/coop\/wp-json\/wp\/v2\/users\/3"}],"replies":[{"embeddable":true,"href":"https:\/\/cklcomunicaciones.es\/coop\/wp-json\/wp\/v2\/comments?post=15526"}],"version-history":[{"count":0,"href":"https:\/\/cklcomunicaciones.es\/coop\/wp-json\/wp\/v2\/posts\/15526\/revisions"}],"wp:featuredmedia":[{"embeddable":true,"href":"https:\/\/cklcomunicaciones.es\/coop\/wp-json\/wp\/v2\/media\/22909"}],"wp:attachment":[{"href":"https:\/\/cklcomunicaciones.es\/coop\/wp-json\/wp\/v2\/media?parent=15526"}],"wp:term":[{"taxonomy":"category","embeddable":true,"href":"https:\/\/cklcomunicaciones.es\/coop\/wp-json\/wp\/v2\/categories?post=15526"},{"taxonomy":"post_tag","embeddable":true,"href":"https:\/\/cklcomunicaciones.es\/coop\/wp-json\/wp\/v2\/tags?post=15526"}],"curies":[{"name":"wp","href":"https:\/\/api.w.org\/{rel}","templated":true}]}}