{"id":15514,"date":"2021-07-23T12:19:46","date_gmt":"2021-07-23T10:19:46","guid":{"rendered":"https:\/\/www.cklcomunicaciones.es\/?p=15514"},"modified":"2025-02-10T00:58:40","modified_gmt":"2025-02-09T23:58:40","slug":"noticias-info-ckl-no-2606-23-07-21","status":"publish","type":"post","link":"https:\/\/cklcomunicaciones.es\/coop\/noticias-info-ckl-no-2606-23-07-21\/","title":{"rendered":"Noticias Info CKL n\u00ba 2606-23\/07\/21"},"content":{"rendered":"<div class=\"fusion-fullwidth fullwidth-box fusion-builder-row-1 fusion-flex-container nonhundred-percent-fullwidth non-hundred-percent-height-scrolling\" style=\"--awb-border-radius-top-left:0px;--awb-border-radius-top-right:0px;--awb-border-radius-bottom-right:0px;--awb-border-radius-bottom-left:0px;--awb-flex-wrap:wrap;\" ><div class=\"fusion-builder-row fusion-row fusion-flex-align-items-flex-start fusion-flex-content-wrap\" style=\"max-width:1248px;margin-left: calc(-4% \/ 2 );margin-right: calc(-4% \/ 2 );\"><div class=\"fusion-layout-column fusion_builder_column fusion-builder-column-0 fusion_builder_column_1_1 1_1 fusion-flex-column\" style=\"--awb-bg-blend:overlay;--awb-bg-size:cover;--awb-width-large:100%;--awb-margin-top-large:0px;--awb-spacing-right-large:1.92%;--awb-margin-bottom-large:0px;--awb-spacing-left-large:1.92%;--awb-width-medium:100%;--awb-spacing-right-medium:1.92%;--awb-spacing-left-medium:1.92%;--awb-width-small:100%;--awb-spacing-right-small:1.92%;--awb-spacing-left-small:1.92%;\"><div class=\"fusion-column-wrapper fusion-flex-justify-content-flex-start fusion-content-layout-column\"><div class=\"fusion-text fusion-text-1\"><h1>Comunicaci\u00f3n, Publicidad y TICs<\/h1>\n<div id=\"\" class=\"lsow-panel lsow-active\">\n<div class=\"lsow-panel-content\">\n<p><a href=\"https:\/\/amecopress.net\/Confinadas-de-por-vida-de-Najat-El-Hachmi-trabajo-ganador-del-IV-Premio-de-periodismo-Maria-Luz-Morales\">\u2019Confinadas de por vida\u2019, de Najat El Hachmi, trabajo ganador del IV Premio de periodismo Mar\u00eda Luz Morales\u2026<\/a>-amecopress<\/p>\n<p><a href=\"https:\/\/www.diariolibre.com\/deportes\/onu-mujeres-y-el-coi-lanzan-guia-para-evitar-coberturas-deportivas-sexistas-ME27678217\">ONU Mujeres y el COI lanzan gu\u00eda para evitar coberturas deportivas sexistas\u2026<\/a>-diariolibre<\/p>\n<p><u><a href=\"https:\/\/prnoticias.com\/2021\/07\/21\/el-consejo-audiovisual-de-andalucia-apunta-a-la-escasa-presencia-de-mujeres-en-los-informativos-de-las-televisiones-publicas\/\">El Consejo Audiovisual de Andaluc\u00eda apunta a la escasa presencia de mujeres en los informativos de las televisiones p\u00fablicas<\/a><\/u>-prnoticias<\/p>\n<p><u><a href=\"https:\/\/www.msn.com\/es-es\/sports\/other\/la-startup-esportiva-lanza-una-web-para-dar-cobertura-a-las-deportistas-femeninas-en-los-juegos-de-tokio\/ar-AAMtevz?ocid=BingNewsSearch\">La startup EsportiVA lanza una web para dar cobertura a las deportistas femeninas en los Juegos de Tokio<\/a><\/u>-msn<\/p>\n<\/div>\n<\/div>\n<div id=\"\" class=\"lsow-panel lsow-active\">\n<h1 class=\"lsow-panel-title\">Andaluc\u00eda<\/h1>\n<div class=\"lsow-panel-content\">\n<p><strong>Institucional<\/strong><\/p>\n<p><u><a href=\"https:\/\/www.juntadeandalucia.es\/presidencia\/portavoz\/social\/163127\/Parlamento\/RocioRuiz\/LeydeInfanciayAdolescencia\">El Parlamento aprueba la Ley de Infancia que sit\u00faa a Andaluc\u00eda como referente en la protecci\u00f3n de los menores<\/a><\/u>-juntadeandalucia<\/p>\n<p><strong>Econom\u00eda y Empresas<\/strong><\/p>\n<p><u><a href=\"https:\/\/elpais.com\/economia\/2021-07-23\/la-gran-dama-del-detergente-en-europa-es-sevillana-trabaja-en-la-universidad-y-factura-423-millones.html\">Concha Yoldi, Presidenta de Persan, empresa de referencia en Europa es sevillana, y factura 423 millones<\/a><\/u>&#8211; El Pa\u00eds<\/p>\n<p><a href=\"https:\/\/amecopress.net\/Un-informe-juridico-presentado-a-Igualdad-y-Trabajo-recoge-las-vulneraciones-de-derechos-de-las-jornaleras-de-Huelva\">Un informe jur\u00eddico presentado a Igualdad y Trabajo recoge las vulneraciones de derechos de las jornaleras de Huelva\u2026<\/a>-amecopress<\/p>\n<p><a href=\"https:\/\/www.google.com\/url?rct=j&amp;sa=t&amp;url=https:\/\/www.diariosur.es\/economia\/trabajo\/trabajo-malaguenos-contratos-20210719200358-nt.html&amp;ct=ga&amp;cd=CAEYACoTNDEwODMyMjQwODgwNjA3MjU1NTIZYzAzNzJlYmMyZmVhZGE1OTplczplczpFUw&amp;usg=AFQjCNF7gvm-jjdSk3nMDx6GRZiWEndfNg\">S\u00f3lo el 53% de las personas asalariadas malague\u00f1as llega a trabajar el a\u00f1o completo<\/a>&#8211;\u00a0Sur Digital<\/p>\n<p><u><a href=\"https:\/\/www.bolsamania.com\/noticias\/economia\/economia-andalucia-y-cataluna-las-ccaa-que-mas-recibiran-del-fondo-de-6877-millones-para-impulsar-programas-de-empleo--8042701.html\">Andaluc\u00eda y Catalu\u00f1a, las CCAA que m\u00e1s recibir\u00e1n del fondo de 687,7 millones para impulsar programas de empleo<\/a><\/u>-capitalbolsa<\/p>\n<p><u><a href=\"https:\/\/www.equiposytalento.com\/noticias\/2021\/07\/23\/el-70--cree-que-el-teletrabajo-se-va-a-quedar-como-nueva-modalidad\">El 70 % cree que el teletrabajo se va a quedar como nueva modalidad<\/a><\/u>-equiposytalento<strong>\u00a0<\/strong><\/p>\n<p><strong>Actualidad<\/strong><\/p>\n<p><a href=\"https:\/\/www.google.com\/url?rct=j&amp;sa=t&amp;url=https:\/\/www.europapress.es\/andalucia\/sevilla-00357\/noticia-ayuntamiento-sevilla-impulsa-45-proyectos-igualdad-violencia-genero-prostitucion-430000-euros-20210720122724.html&amp;ct=ga&amp;cd=CAEYASoUMTAxMTk5OTY4OTY3MTc1ODExNTAyGWUxZTc3ZDE1NjA5OGE4ZTM6ZXM6ZXM6RVM&amp;usg=AFQjCNEJ-svAYx_grgssd-7-JhRtIB-_mQ\">Ayuntamiento de Sevilla impulsa 45 proyectos de igualdad, ante\u00a0violencia de g\u00e9nero\u00a0o prostituci\u00f3n &#8230;<\/a>&#8211;\u00a0Europa Press<a href=\"https:\/\/www.google.com\/url?rct=j&amp;sa=t&amp;url=https:\/\/www.huelvainformacion.es\/provincia\/Justicia-Puntos-Encuentro-Familiar-Huelva_0_1594341923.html&amp;ct=ga&amp;cd=CAEYAioTMjcyMTE2ODkzNjQxMDM5NjY0MTIZNTlkNzgxNzEzNmEyZDAyODplczplczpFUw&amp;usg=AFQjCNFqAG94I3Reb0UxqBmcIFiZKmHiDg\"><br \/>\nJusticia pone en marcha dos nuevos Puntos de Encuentro Familiar en la provincia de Huelva<\/a>&#8211;\u00a0Huelva Informaci\u00f3n<strong>\u00a0<\/strong><\/p>\n<p><strong>Violencias<\/strong><\/p>\n<p><u><a href=\"https:\/\/www.juntadeandalucia.es\/presidencia\/portavoz\/social\/163146\/RocioRuiz\/Igualdad\/MovimientocontralaIntolerancia\/delitosdeodio\/pandemia\/InformeRaxen\/Andalucia\/JuntadeAndalucia\/GobiernodeAndalucia\">Roc\u00edo Ruiz, Consejera de Igualdad, alerta de que la pandemia ha incrementado los delitos de odio<\/a><\/u>-juntadeandalucia<a href=\"https:\/\/www.google.com\/url?rct=j&amp;sa=t&amp;url=https:\/\/elcorreoweb.es\/informaciones\/la-educacion-en-igualdad-es-la-vacuna-para-erradicar-la-violencia-de-genero-AY7405570&amp;ct=ga&amp;cd=CAEYACoUMTU2NjM2NTg4NzcyODU2ODM3MDcyGzlhYjFjZGQ3ZTM2NmVmMzg6ZXM6ZXM6RVM6Ug&amp;usg=AFQjCNF4PoAy0MHddJBRj7uW9SqCjGr-Gg\"><br \/>\n\u00abLa educaci\u00f3n en igualdad es la vacuna para erradicar la violencia de g\u00e9nero\u00bb<\/a>&#8211;\u00a0El Correo de Andaluc\u00eda<strong>\u00a0<\/strong><\/p>\n<p><strong>Ciencia y Cultura<\/strong><\/p>\n<p><u><a href=\"https:\/\/www.juntadeandalucia.es\/presidencia\/portavoz\/cultura\/163148\/Cultura\/LetrasparalaConcordia\/JoseMariaPeman\/RafaelAlberti\/Cadiz\/Andalucia\/ConsejeriadeCulturayPatrimonioHistorico\/JuntadeAndalucia\/GobiernodeAndalucia\/ParlamentodeAndalucia\">Del Pozo anuncia que la primera edici\u00f3n de &#8216;Letras para la Concordia&#8217; se celebrar\u00e1 en oto\u00f1o en C\u00e1diz<\/a><\/u>-juntadeandalucia.es<\/p>\n<p><u><a href=\"https:\/\/www.google.com\/url?rct=j&amp;sa=t&amp;url=https:\/\/www.noticiasdealmeria.com\/el-iam-acoge-la-presentacion-del-libro-andrea-brown.-el-pasado-y-sus-cadenas&amp;ct=ga&amp;cd=CAEYASoUMTU2NjM2NTg4NzcyODU2ODM3MDcyGzlhYjFjZGQ3ZTM2NmVmMzg6ZXM6ZXM6RVM6Ug&amp;usg=AFQjCNGb4zkAL19HmukzZ6a3OFsIaWQu4g\">El IAM acoge la presentaci\u00f3n del libro \u00abAndrea Brown. El pasado y sus cadenas\u00bb<\/a>&#8211;<\/u>\u00a0Noticias de Almer\u00eda<\/p>\n<p><a href=\"https:\/\/andaluciainformacion.es\/andalucia\/986900\/el-jazz-cadiz-incluira-la-conferencia-la-historia-de-la-mujer-en-el-mundo-del-jazz\/\">El Jazz C\u00e1diz incluir\u00e1 la conferencia \u2018La historia de la mujer en el mundo del jazz\u2019\u00a0\u00b7 Andaluc\u00eda Informaci\u00f3n<\/a><\/p>\n<p><u><a href=\"https:\/\/www.cope.es\/emisoras\/andalucia\/cordoba-provincia\/cordoba\/noticias\/abierta-convocatoria-del-premio-bienal-internacional-fotografia-contemporanea-pilar-citoler-20210723_1416920\">Abierta la convocatoria del XI Premio Bienal Internacional de Fotograf\u00eda Contempor\u00e1nea Pilar Citoler<\/a><\/u>\u00a0\u2013 cope<a href=\"https:\/\/www.google.com\/url?rct=j&amp;sa=t&amp;url=https:\/\/www.laopiniondemalaga.es\/malaga\/2021\/07\/21\/noche-europea-investigadores-vuelve-malaga-55292740.html&amp;ct=ga&amp;cd=CAEYCCoROTQ2NzY0MjU1OTMxNzk3MjkyGWMwMzcyZWJjMmZlYWRhNTk6ZXM6ZXM6RVM&amp;usg=AFQjCNGu-qfPeikj57O05z0WAQIbw3naQg\"><br \/>\nLa Noche Europea de los Investigadores vuelve a M\u00e1laga despu\u00e9s de verano<\/a>&#8211;\u00a0La Opini\u00f3n de M\u00e1laga<strong>\u00a0<\/strong><\/p>\n<p><strong>Deporte<\/strong><\/p>\n<p><u><a href=\"https:\/\/www.malagahoy.es\/malaga_cf\/Rosaleda-acogio-II-Foro_0_1593742361.html\">La Rosaleda acogi\u00f3 el II Foro del Deporte de M\u00e1laga<\/a><\/u>-malagahoy<\/p>\n<\/div>\n<\/div>\n<div id=\"\" class=\"lsow-panel lsow-active\">\n<h1 class=\"lsow-panel-title\">Estado<\/h1>\n<div class=\"lsow-panel-content\">\n<p><strong>Institucional<\/strong><a href=\"https:\/\/www.google.com\/url?rct=j&amp;sa=t&amp;url=https:\/\/www.lavozdegalicia.es\/noticia\/galicia\/2021\/07\/20\/diputada-gallega-pilar-cancela-nombrada-secretaria-estado-cooperacion-internacional\/00031626802663969331807.htm&amp;ct=ga&amp;cd=CAEYACoTNTI4NTA2NzQyNTc3NDE0MTExODIZNTlkNzgxNzEzNmEyZDAyODplczplczpFUw&amp;usg=AFQjCNG7_vP13pATH-J4BYCiuS35V6LfQg\"><br \/>\nLa gallega Pilar Cancela, nombrada secretaria de Estado de\u00a0Cooperaci\u00f3n\u00a0Internacional<\/a><u>&#8211;<\/u>\u00a0La Voz de Galicia<\/p>\n<p><strong>Institucional-CCAA<\/strong><\/p>\n<p><a href=\"https:\/\/amecopress.net\/Igualdaddefollowers-una-iniciativa-para-reivindicar-el-papel-de-las-mujeres-en-Galicia\">#Igualdaddefollowers, una iniciativa para reivindicar el papel de las mujeres en Galicia\u2026<\/a>-amecopress<\/p>\n<p><a href=\"https:\/\/www.google.com\/url?rct=j&amp;sa=t&amp;url=https:\/\/www.elcorreogallego.es\/galicia\/galicia-quiere-exportar-a-espana-su-modelo-contra-la-violencia-digital-NH8458249&amp;ct=ga&amp;cd=CAEYAioUMTAxMTk5OTY4OTY3MTc1ODExNTAyGWUxZTc3ZDE1NjA5OGE4ZTM6ZXM6ZXM6RVM&amp;usg=AFQjCNHo1XnW_n-2fwNHSEn5T3S36UKdaQ\">Galicia quiere exportar a Espa\u00f1a su modelo contra la\u00a0violencia\u00a0digital<\/a>&#8211;\u00a0El Correo Gallego<a href=\"https:\/\/www.google.com\/url?rct=j&amp;sa=t&amp;url=https:\/\/infoprovincia.net\/2021\/07\/20\/gil-rosina-defiende-la-necesidad-de-tener-mirada-de-genero-en-la-cultura\/&amp;ct=ga&amp;cd=CAEYASoUMTU2MzIyMzA4ODUxNDg2MjU2ODMyGWMwMzcyZWJjMmZlYWRhNTk6ZXM6ZXM6RVM&amp;usg=AFQjCNE4ASx5_AViz3FuqA1_vAVPKunMGQ\"><br \/>\nGil Rosi\u00f1a defiende la necesidad de tener mirada de g\u00e9nero en la cultura<\/a>&#8211;\u00a0Infoprovincia<\/p>\n<p><u><a href=\"https:\/\/www.google.com\/url?rct=j&amp;sa=t&amp;url=https:\/\/www.lacerca.com\/noticias\/castilla_la_mancha\/gobierno-institucional-desarrollar-politicas-impulsen-medidas-brechas-genero-567475-1.html&amp;ct=ga&amp;cd=CAEYACoUMTIxNDAxMDk5MzgwNTc1MTMyMzMyGWMwMzcyZWJjMmZlYWRhNTk6ZXM6ZXM6RVM&amp;usg=AFQjCNHGoUU-XvLep-rMaYpfkhLjsPaW3A\">El Gobierno de C-LM apuesta por la corresponsabilidad institucional para desarrollar pol\u00edticas\u2026<\/a><\/u>&#8211;\u00a0La Cerca<strong>\u00a0<\/strong><\/p>\n<p><strong>Econom\u00eda y Empresas<\/strong><\/p>\n<p><a href=\"https:\/\/amecopress.net\/El-Instituto-de-las-Mujeres-presenta-unas-guias-para-incorporar-la-perspectiva-de-genero-en-la-aplicacion-de-los-fondos-europeos\">Cl\u00e1usulas de igualdad para garantizar la transversalidad en las convocatorias de fondos europeos\u2026<\/a>-amecopress<\/p>\n<p><a href=\"https:\/\/www.google.com\/url?rct=j&amp;sa=t&amp;url=https:\/\/empresaexterior.com\/art\/79909\/espana-y-eeuu-impulsaran-la-agenda-transatlantica-que-sera-clave-para-la-recuperacion-economica-y-social-tras-la-pandemia&amp;ct=ga&amp;cd=CAEYASoROTQ2NzY0MjU1OTMxNzk3MjkyGWMwMzcyZWJjMmZlYWRhNTk6ZXM6ZXM6RVM&amp;usg=AFQjCNG9vgtRYpds2pHqhx-d9GEQZ_1woA\">Espa\u00f1a y EE.UU. impulsar\u00e1n la Agenda Transatl\u00e1ntica que ser\u00e1 clave para la recuperaci\u00f3n econ\u00f3mica y social &#8230;<\/a>&#8211;\u00a0Empresa Exterior<a href=\"https:\/\/www.google.com\/url?rct=j&amp;sa=t&amp;url=https:\/\/www.gndiario.com\/condiciones-laborales-mujeres-igualdad&amp;ct=ga&amp;cd=CAEYACoTNDU3NjI1OTk5NzcyNDEwODg4MjIZYzAzNzJlYmMyZmVhZGE1OTplczplczpFUw&amp;usg=AFQjCNHrqoxuYSveZeSMjqpW2dV4rR2FTw\"><br \/>\nUn mapa visibilizar\u00e1 las condiciones laborales en los sectores m\u00e1s feminizados<\/a>&#8211;\u00a0GNDiario<a href=\"https:\/\/www.google.com\/url?rct=j&amp;sa=t&amp;url=https:\/\/www.comunicae.es\/nota\/fundacion-copade-y-unimos-lanzan-guia-de_1-1227185\/&amp;ct=ga&amp;cd=CAEYACoUMTMwODY1NDQzMzU3OTY4MzY1NTMyGTU5ZDc4MTcxMzZhMmQwMjg6ZXM6ZXM6RVM&amp;usg=AFQjCNH4IRlgzz8nZ2p9c-k_8jyqJa8bfw\"><br \/>\nFundaci\u00f3n Copade y Unimos lanzan gu\u00eda de medidas para incorporar el enfoque de\u00a0g\u00e9nero\u00a0y &#8230;<\/a>&#8211;\u00a0Comunicae Espa\u00f1a<\/p>\n<p><u><a href=\"https:\/\/www.google.com\/url?rct=j&amp;sa=t&amp;url=https:\/\/profesionaleshoy.es\/mineria\/2021\/07\/22\/wim-spain-celebra-una-nueva-sesion-de-con-luz-propia-sobre-la-mujer-en-el-campo-de-las-stem\/17684&amp;ct=ga&amp;cd=CAEYByoUMTIxNDAxMDk5MzgwNTc1MTMyMzMyGWMwMzcyZWJjMmZlYWRhNTk6ZXM6ZXM6RVM&amp;usg=AFQjCNFhA2XOslR05XNW-nc8egkKwmzauw\">WIM Spain celebra una nueva sesi\u00f3n de \u00abCon luz propia\u00bb sobre la\u00a0mujer\u00a0en el campo de las STEM<\/a><\/u>-profesionaleshoy<strong>\u00a0<\/strong><\/p>\n<p><strong>Actualidad<\/strong><a href=\"https:\/\/www.google.com\/url?rct=j&amp;sa=t&amp;url=https:\/\/www.europapress.es\/epsocial\/igualdad\/noticia-instituto-mujer-medicos-mundo-abogan-educacion-afectivo-sexual-centros-educativos-familias-20210719181128.html&amp;ct=ga&amp;cd=CAEYACoUMTUzMTcxNjk0MTYxNzE2ODQ3MjkyGWMwMzcyZWJjMmZlYWRhNTk6ZXM6ZXM6RVM&amp;usg=AFQjCNGYaxuGI3Yomigi6IQFNZPSSNDFFw\"><strong><br \/>\n<\/strong>Instituto de la Mujer\u00a0y M\u00e9dicos del Mundo abogan por la educaci\u00f3n afectivo sexual en centros &#8230;<\/a>&#8211;\u00a0Europa Press<a href=\"https:\/\/www.google.com\/url?rct=j&amp;sa=t&amp;url=https:\/\/elforodeceuta.es\/la-interrupcion-voluntaria-del-embarazo-en-espana-el-derecho-al-aborto-sigue-siendo-un-derecho-que-esta-bajo-sospecha\/&amp;ct=ga&amp;cd=CAEYASoTNzQ5MDU1ODc1MTcxNDkyODM1NzIZYzAzNzJlYmMyZmVhZGE1OTplczplczpFUw&amp;usg=AFQjCNGqONpGI-do52V6A6qSyIA91FYyoQ\"><br \/>\nLa interrupci\u00f3n voluntaria del embarazo en Espa\u00f1a: \u201cEl derecho al aborto sigue siendo un derecho que est\u00e1 bajo sospecha &#8230;<\/a>-El Foro de Ceuta<a href=\"https:\/\/www.google.com\/url?rct=j&amp;sa=t&amp;url=https:\/\/www.europapress.es\/sociedad\/noticia-convivencia-pareja-jovenes-fecundidad-caen-nivel-mas-pandemia-funcas-20210721184218.html&amp;ct=ga&amp;cd=CAEYASoUMTIzMDE5ODE2ODM2NjA2MTY0MTgyGWMwMzcyZWJjMmZlYWRhNTk6ZXM6ZXM6RVM&amp;usg=AFQjCNGyC2uJVYxhv91CSWfPiIDux9X3Ig\"><br \/>\nLa convivencia en pareja de las j\u00f3venes y la fecundidad caen a su nivel m\u00e1s bajo por la pandemia &#8230;<\/a>&#8211;\u00a0Europa Press<u><a href=\"https:\/\/www.google.com\/url?rct=j&amp;sa=t&amp;url=https:\/\/www.eldiario.es\/sociedad\/ultima-hora-coronavirus-actualidad-politica-22-de-julio_6_8158914_1074633.html&amp;ct=ga&amp;cd=CAEYASoTNzUzNDMwNTg4NTE2NzI4ODIxNDIZYzAzNzJlYmMyZmVhZGE1OTplczplczpFUw&amp;usg=AFQjCNEayBLqUh3wIq_wna6JE7ZWXl3U4A\"><br \/>\nLas farmacias ya venden autotest COVID sin receta: \u00abNo me fiar\u00eda mucho de la destreza de la gente\u00bb<\/a>&#8211;\u00a0<\/u>eldiario.es<\/p>\n<p><u><a href=\"https:\/\/elpais.com\/ciencia\/2021-07-22\/el-cancer-de-mama-a-traves-de-las-bellas-artes.html\">El<\/a><\/u><u><a href=\"https:\/\/elpais.com\/ciencia\/2021-07-22\/el-cancer-de-mama-a-traves-de-las-bellas-artes.html\">\u00a0c\u00e1ncer de mama a trav\u00e9s de las bellas artes<\/a><\/u>&#8211; El Pa\u00eds<strong>\u00a0<\/strong><\/p>\n<p><strong>Violencias<\/strong><\/p>\n<p><u><a href=\"https:\/\/www.google.com\/url?rct=j&amp;sa=t&amp;url=https:\/\/es.noticias.yahoo.com\/cr%25C3%25ADmenes-machistas-madrid-sabadell-elevan-174717601.html&amp;ct=ga&amp;cd=CAEYAyoUMTE3OTM5MzU4NzA4MjczNTgzNjcyGWUyZGVmYTdkNWRhOTE1N2Q6ZXM6ZXM6RVM&amp;usg=AFQjCNFJAK3waOcCxZeOOm6nKH-lfTp-rA\">Cr\u00edmenes machistas de Madrid y Sabadell elevan a 28 las mujeres asesinadas<\/a>&#8211;<\/u>\u00a0Yahoo Noticias Espa\u00f1a<strong>\u00a0<\/strong><\/p>\n<p><strong>Ciencia y Cultura<\/strong><\/p>\n<p><a href=\"https:\/\/www.google.com\/url?rct=j&amp;sa=t&amp;url=https:\/\/www.elnortedecastilla.es\/zamora\/arte-contemporaneo-treinta-20210721143616-nt.html&amp;ct=ga&amp;cd=CAEYACoTMzYzMzAwODM2NTc1MTQyMjk2OTIZYzAzNzJlYmMyZmVhZGE1OTplczplczpFUw&amp;usg=AFQjCNGurpGdpeJW91OoG4yM3ltMNHlldQ\">El arte contempor\u00e1neo de treinta\u00a0mujeres\u00a0reivindica la igualdad en la Iberoamericana de Toro<\/a>&#8211;\u00a0El Norte de Castilla<a href=\"https:\/\/www.google.com\/url?rct=j&amp;sa=t&amp;url=https:\/\/ondafuerteventura.es\/afrimac-protagoniza-las-postales-del-crecimiento-europeo\/&amp;ct=ga&amp;cd=CAEYACoUMTU5OTcwODY2ODgxMzc1MDkxNTAyGTU5ZDc4MTcxMzZhMmQwMjg6ZXM6ZXM6RVM&amp;usg=AFQjCNHvqXHA_EF4dknxDOiB4g3yPFxRgw\"><br \/>\nAFRIMAC protagoniza &#8216;Las postales del crecimiento Europeo&#8217;<\/a>&#8211;\u00a0Onda Fuerteventura<a href=\"https:\/\/www.google.com\/url?rct=j&amp;sa=t&amp;url=https:\/\/www.diariovasco.com\/alto-deba\/onati\/mujeres-inolvidables-abrieron-20210721215002-ntvo.html&amp;ct=ga&amp;cd=CAEYACoUMTExMTY4OTY2NzQ0Mjg2MDQ4NTYyGWMwMzcyZWJjMmZlYWRhNTk6ZXM6ZXM6RVM&amp;usg=AFQjCNENoEf1g8SqHg1HHnybUdJRMB35mA\"><br \/>\n30\u00a0mujeres\u00a0inolvidables que abrieron camino<\/a>-Diario Vasco<\/p>\n<p><a href=\"https:\/\/www.google.com\/url?rct=j&amp;sa=t&amp;url=https:\/\/www.cope.es\/emisoras\/aragon\/huesca-provincia\/jaca\/la-manana-en-jaca\/noticias\/exposicion-intinerante-vinetas-por-igualdad-contra-violencia-genero-recorre-jacetania-20210721_1412433&amp;ct=ga&amp;cd=CAEYASoTMTQzNzE4MzQ1OTE0NjUyNTkwMTIZYzAzNzJlYmMyZmVhZGE1OTplczplczpFUw&amp;usg=AFQjCNFlt0_iyZgginJSQmZB5J3MlTZcZg\">La exposici\u00f3n intinerante \u00abVi\u00f1etas por la igualdad y contra la violencia de g\u00e9nero\u00bb recorre la &#8230;<\/a>&#8211;\u00a0Cope<a href=\"https:\/\/www.google.com\/url?rct=j&amp;sa=t&amp;url=https:\/\/www.regiondigital.com\/noticias\/merida\/348208-iv-encuentro-creadoras-escenicas-en-festival-merida-trata-papel-mujeres-epoca-grecolatina.html&amp;ct=ga&amp;cd=CAEYAyoROTQ2NzY0MjU1OTMxNzk3MjkyGWMwMzcyZWJjMmZlYWRhNTk6ZXM6ZXM6RVM&amp;usg=AFQjCNFpsmtYsNUZQr6yEw79yhfy3ZWI1w\"><br \/>\nIV Encuentro Creadoras Esc\u00e9nicas en Festival M\u00e9rida trata papel\u00a0mujeres\u00a0\u00e9poca grecolatina<\/a>&#8211;\u00a0Regi\u00f3n Digital<a href=\"https:\/\/www.google.com\/url?rct=j&amp;sa=t&amp;url=https:\/\/www.eldiario.es\/pikara\/historia-clase-obrera-vuelve-olvidarse-mujeres_132_8155401.html&amp;ct=ga&amp;cd=CAEYAioUMTcxMDIyODgyNTI2NTMxNTE4NDkyGWMwMzcyZWJjMmZlYWRhNTk6ZXM6ZXM6RVM&amp;usg=AFQjCNFoTD9wyc_095U_xNZIb70W3UZfJg\"><br \/>\nLa historia de la clase obrera vuelve a olvidarse de las\u00a0mujeres<\/a>&#8211;\u00a0<a href=\"http:\/\/eldiario.es\/\">eldiario.es<\/a><u><a href=\"https:\/\/www.google.com\/url?rct=j&amp;sa=t&amp;url=https:\/\/www.murcia.com\/cultura\/noticias\/2021\/07\/22-mercedes-imbernon-rueda-en-murcia-el-cortometraje-el-anden-de-ruben.asp&amp;ct=ga&amp;cd=CAEYACoTNjE2Nzk4NTY3MzI4NjI2MzkzOTIZZTFlNzdkMTU2MDk4YThlMzplczplczpFUw&amp;usg=AFQjCNGSUKDuFL4pIPlzadp38Nlnna20AQ\"><br \/>\nMercedes Imbern\u00f3n rueda en Murcia el cortometraje El and\u00e9n de Rub\u00e9n<\/a><\/u>&#8211;\u00a0Murcia.com<strong>\u00a0<\/strong><\/p>\n<p><strong>Deporte<\/strong><\/p>\n<p><a href=\"https:\/\/www.google.com\/url?rct=j&amp;sa=t&amp;url=https:\/\/www.gigantes.com\/selecciones\/jjoo-tokio\/castrejana-quedarse-fuera-de-tokio-por-un-positivo-de-covid-19-seria-muy-duro-es-un-tema-gravisimo\/&amp;ct=ga&amp;cd=CAEYACoUMTU2MzIyMzA4ODUxNDg2MjU2ODMyGWMwMzcyZWJjMmZlYWRhNTk6ZXM6ZXM6RVM&amp;usg=AFQjCNGsIN4SdWJSHgJj0PmlImlO1Tt2BQ\">Castrejana, Secretaria de la RFEA: \u201cQuedarse fuera de Tokio por un positivo de COVID-19 ser\u00eda muy duro, es un tema &#8230;<\/a>&#8211;\u00a0Gigantes del Basket<\/p>\n<p><u><a href=\"https:\/\/www.rtve.es\/deportes\/20210720\/ona-carbonell-denunca-no-poder-ir-tokyo-2020-hijo-lactante\/2133921.shtml\">Ona Carbonell denuncia no poder ir a Tokio con su hijo lactante\u2026<\/a><\/u>-rtve<\/p>\n<p><u><a href=\"https:\/\/elpais.com\/deportes\/juegos-olimpicos\/2021-07-23\/aina-cid-y-virginia-diaz-el-yin-y-el-yang-del-remo-espanol.html\">Aina Cid y Virginia D\u00edaz, el yin y el yang del remo espa\u00f1ol<\/a><\/u>&#8211; El Pa\u00eds<\/p>\n<p><u><a href=\"https:\/\/eldesmarque.com\/actualidad\/deporte-femenino\/mujer-y-deporte\/1495328-iberdrola-con-las-deportistas-olimpicas-hasta-el-podio\">Iberdrola, con las deportistas ol\u00edmpicas \u00abhasta el podio\u00bb<\/a><\/u>-eldesmarque.com<\/p>\n<\/div>\n<\/div>\n<div id=\"\" class=\"lsow-panel lsow-active\">\n<h1 class=\"lsow-panel-title\">Internacional<\/h1>\n<div class=\"lsow-panel-content\">\n<p><u><a href=\"https:\/\/www.finanzasdigital.com\/2021\/07\/oit-entre-2019-y-2020-el-empleo-de-las-mujeres-se-redujo-en-un-42-el-equivalente-a-una-caida-de-54-millones-de-puestos-de-trabajo\/\">OIT: Entre 2019 y 2020, el empleo de las mujeres se redujo en un 4,2%, el equivalente a una ca\u00edda de 54 millones de puestos de trabajo<\/a><\/u>-finanzasdigital<\/p>\n<p><u><a href=\"https:\/\/diarioresponsable.com\/noticias\/31537-crece-la-desigualdad-este-ano-solo-el-43-de-las-mujeres-tendra-empleo\">Crece la desigualdad: este a\u00f1o s\u00f3lo el 43% de las mujeres tendr\u00e1 empleo<\/a><\/u>-diarioresponsable<\/p>\n<p><a href=\"https:\/\/www.google.com\/url?rct=j&amp;sa=t&amp;url=https:\/\/www.prensa-latina.cu\/index.php%3Fo%3Drn%26id%3D463516%26SEO%3Destudio-verifica-desventajas-socioeconomicas-de-mujeres-en-angola&amp;ct=ga&amp;cd=CAEYCSoTNzQ5MDU1ODc1MTcxNDkyODM1NzIZYzAzNzJlYmMyZmVhZGE1OTplczplczpFUw&amp;usg=AFQjCNFh7cGdJO61x18M2T8FqIXl7zcAgw\">Estudio verifica desventajas socioecon\u00f3micas de\u00a0mujeres en\u00a0Angola<\/a>&#8211;\u00a0Prensa Latina<a href=\"https:\/\/www.google.com\/url?rct=j&amp;sa=t&amp;url=https:\/\/www.diaridetarragona.com\/opinion\/Desigualdad-de-genero-y-mas-20210721-0014.html&amp;ct=ga&amp;cd=CAEYASoTMTY2MzQ4NjU3OTgwMjc4NjM2MzIZNTlkNzgxNzEzNmEyZDAyODplczplczpFUw&amp;usg=AFQjCNH5k6CxrWBYVyqp0z8axGb7ad6Z9g\"><br \/>\nDesigualdad de\u00a0g\u00e9nero\u00a0y m\u00e1s<\/a><u>&#8211;<\/u>\u00a0Diari de Tarragona<\/p>\n<p><a href=\"https:\/\/www.google.com\/url?rct=j&amp;sa=t&amp;url=https:\/\/www.notimerica.com\/politica\/noticia-hungria-orban-sometera-referendum-ley-anti-lgtbi-disipar-presion-ue-hungria-20210721140245.html&amp;ct=ga&amp;cd=CAEYASoTODk3MDEyODg1NTY5MzExMzIwNjIZY2M3OTg0MWM2ZWYzNGViZjplczplczpFUw&amp;usg=AFQjCNF4tbgfdo0b8coq-SwhORR2La61aA\">\u00a0Orban someter\u00e1 a refer\u00e9ndum la ley anti LGTBI para disipar la presi\u00f3n de la UE sobre &#8230;<\/a>&#8211;\u00a0<a href=\"http:\/\/notimerica.com\/\">notimerica.com<\/a><a href=\"https:\/\/www.google.com\/url?rct=j&amp;sa=t&amp;url=https:\/\/ladiaria.com.uy\/feminismos\/articulo\/2021\/7\/lanzan-la-campana-democracia-paritaria-para-visibilizar-las-desigualdades-en-el-acceso-de-las-mujeres-a-los-ambitos-de-toma-de-decisiones\/&amp;ct=ga&amp;cd=CAEYAioUMTExMTY4OTY2NzQ0Mjg2MDQ4NTYyGWMwMzcyZWJjMmZlYWRhNTk6ZXM6ZXM6RVM&amp;usg=AFQjCNH8r8X09Ad_hQoYLlE2nNEMGTBydw\"><br \/>\nLanzan la campa\u00f1a \u201cDemocracia paritaria\u201d para visibilizar las desigualdades en el acceso de las &#8230;<\/a><u>&#8211;\u00a0<\/u>la diaria<a href=\"https:\/\/www.google.com\/url?rct=j&amp;sa=t&amp;url=https:\/\/www.nobbot.com\/educacion\/violencia-de-genero-plataformas-digitales-jovenes\/&amp;ct=ga&amp;cd=CAEYACoUMTE3OTM5MzU4NzA4MjczNTgzNjcyGWUyZGVmYTdkNWRhOTE1N2Q6ZXM6ZXM6RVM&amp;usg=AFQjCNEE1usLR2h-JyBrhcI2oUZzKDL7qw\"><br \/>\n&#8216;Digital Safe-Tea&#8217;: el ant\u00eddoto para acabar con la\u00a0violencia de g\u00e9nero\u00a0en l\u00ednea en \u00c1frica<\/a>&#8211;\u00a0Orange Espagne<\/p>\n<p><a href=\"https:\/\/www.google.com\/url?rct=j&amp;sa=t&amp;url=https:\/\/www.tekcrispy.com\/2021\/07\/19\/katie-bouman-mujer-ayudo-fotografiar-agujero-negro\/&amp;ct=ga&amp;cd=CAEYAyoSNjgzNTA5NjA4MjI4MzI4MjEzMhljMDM3MmViYzJmZWFkYTU5OmVzOmVzOkVT&amp;usg=AFQjCNFUlKJbhZTA31WWSgU9sTju4n0N_g\">Katie Bouman, la\u00a0mujer\u00a0que ayud\u00f3 a fotografiar un agujero negro<\/a>&#8211;\u00a0TekCrispy<\/p>\n<p><a href=\"https:\/\/www.elperiodico.com\/es\/deportes\/20210719\/noruega-rebela-bikini-obligatorio-balonmano-playa-11921259\">Noruega se rebela contra el bikini obligatorio en el balonmano playa\u2026<\/a>-elperiodico<\/p>\n<p><u><a href=\"https:\/\/www.eldiario.es\/juegos-olimpicos\/tokio-2020\/tokio-inaugura-juegos-olimpicos-dudas-machismo-contagios_1_8155829.html\">Tokio inaugura los Juegos Ol\u00edmpicos entre dudas, machismo y contagios<\/a><\/u>-eldiario<\/p>\n<\/div>\n<\/div>\n<\/div><\/div><\/div><\/div><\/div>\n","protected":false},"excerpt":{"rendered":"<p>OIT: Entre 2019 y 2020, el empleo de las mujeres se redujo 4,2% con ca\u00edda de 54 millones de empleos * ONU Mujeres \/ COI lanzan gu\u00eda para evitar coberturas deportivas sexistas * Tokio2020 entre dudas, machismo y contagios<\/p>\n","protected":false},"author":3,"featured_media":22909,"comment_status":"closed","ping_status":"closed","sticky":false,"template":"","format":"standard","meta":{"footnotes":""},"categories":[298,621],"tags":[168,96],"class_list":["post-15514","post","type-post","status-publish","format-standard","has-post-thumbnail","hentry","category-newsletter","category-nwl-3-0","tag-empleo","tag-mujeres"],"yoast_head":"<!-- This site is optimized with the Yoast SEO plugin v27.5 - https:\/\/yoast.com\/product\/yoast-seo-wordpress\/ -->\n<title>Noticias Info CKL n\u00ba 2606-23\/07\/21-Comunicar con perspectiva de g\u00e9nero<\/title>\n<meta name=\"description\" content=\"OIT: Entre 2019 y 2020, el empleo de las mujeres se redujo 4,2% con ca\u00edda de 54 millones de empleos * ONU Mujeres \/ COI lanzan gu\u00eda para evitar coberturas deportivas sexistas * Tokio2020 entre dudas, machismo y contagios\" \/>\n<meta name=\"robots\" content=\"index, follow, max-snippet:-1, max-image-preview:large, max-video-preview:-1\" \/>\n<link rel=\"canonical\" href=\"https:\/\/cklcomunicaciones.es\/coop\/noticias-info-ckl-no-2606-23-07-21\/\" \/>\n<meta property=\"og:locale\" content=\"es_ES\" \/>\n<meta property=\"og:type\" content=\"article\" \/>\n<meta property=\"og:title\" content=\"Noticias Info CKL n\u00ba 2606-23\/07\/21-Comunicar con perspectiva de g\u00e9nero\" \/>\n<meta property=\"og:description\" content=\"OIT: Entre 2019 y 2020, el empleo de las mujeres se redujo 4,2% con ca\u00edda de 54 millones de empleos * ONU Mujeres \/ COI lanzan gu\u00eda para evitar coberturas deportivas sexistas * Tokio2020 entre dudas, machismo y contagios\" \/>\n<meta property=\"og:url\" content=\"https:\/\/cklcomunicaciones.es\/coop\/noticias-info-ckl-no-2606-23-07-21\/\" \/>\n<meta property=\"og:site_name\" content=\"CKL Comunicaciones\" \/>\n<meta property=\"article:published_time\" content=\"2021-07-23T10:19:46+00:00\" \/>\n<meta property=\"article:modified_time\" content=\"2025-02-09T23:58:40+00:00\" \/>\n<meta property=\"og:image\" content=\"https:\/\/cklcomunicaciones.es\/coop\/wp-content\/uploads\/2025\/01\/CKL-una-mirada-distinta-de-la-comunicacion.jpg\" \/>\n\t<meta property=\"og:image:width\" content=\"1482\" \/>\n\t<meta property=\"og:image:height\" content=\"775\" \/>\n\t<meta property=\"og:image:type\" content=\"image\/jpeg\" \/>\n<meta name=\"author\" content=\"ckl\" \/>\n<meta name=\"twitter:card\" content=\"summary_large_image\" \/>\n<meta name=\"twitter:label1\" content=\"Escrito por\" \/>\n\t<meta name=\"twitter:data1\" content=\"ckl\" \/>\n\t<meta name=\"twitter:label2\" content=\"Tiempo de lectura\" \/>\n\t<meta name=\"twitter:data2\" content=\"5 minutos\" \/>\n<script type=\"application\/ld+json\" class=\"yoast-schema-graph\">{\"@context\":\"https:\\\/\\\/schema.org\",\"@graph\":[{\"@type\":\"Article\",\"@id\":\"https:\\\/\\\/cklcomunicaciones.es\\\/coop\\\/noticias-info-ckl-no-2606-23-07-21\\\/#article\",\"isPartOf\":{\"@id\":\"https:\\\/\\\/cklcomunicaciones.es\\\/coop\\\/noticias-info-ckl-no-2606-23-07-21\\\/\"},\"author\":{\"name\":\"ckl\",\"@id\":\"https:\\\/\\\/cklcomunicaciones.es\\\/coop\\\/#\\\/schema\\\/person\\\/929a6837f7626450bbb50cee1aef266e\"},\"headline\":\"Noticias Info CKL n\u00ba 2606-23\\\/07\\\/21\",\"datePublished\":\"2021-07-23T10:19:46+00:00\",\"dateModified\":\"2025-02-09T23:58:40+00:00\",\"mainEntityOfPage\":{\"@id\":\"https:\\\/\\\/cklcomunicaciones.es\\\/coop\\\/noticias-info-ckl-no-2606-23-07-21\\\/\"},\"wordCount\":1171,\"image\":{\"@id\":\"https:\\\/\\\/cklcomunicaciones.es\\\/coop\\\/noticias-info-ckl-no-2606-23-07-21\\\/#primaryimage\"},\"thumbnailUrl\":\"https:\\\/\\\/cklcomunicaciones.es\\\/coop\\\/wp-content\\\/uploads\\\/2025\\\/01\\\/CKL-una-mirada-distinta-de-la-comunicacion.jpg\",\"keywords\":[\"empleo\",\"mujeres\"],\"articleSection\":[\"Newsletter\",\"Nwl v3.0\"],\"inLanguage\":\"es\"},{\"@type\":\"WebPage\",\"@id\":\"https:\\\/\\\/cklcomunicaciones.es\\\/coop\\\/noticias-info-ckl-no-2606-23-07-21\\\/\",\"url\":\"https:\\\/\\\/cklcomunicaciones.es\\\/coop\\\/noticias-info-ckl-no-2606-23-07-21\\\/\",\"name\":\"Noticias Info CKL n\u00ba 2606-23\\\/07\\\/21-Comunicar con perspectiva de g\u00e9nero\",\"isPartOf\":{\"@id\":\"https:\\\/\\\/cklcomunicaciones.es\\\/coop\\\/#website\"},\"primaryImageOfPage\":{\"@id\":\"https:\\\/\\\/cklcomunicaciones.es\\\/coop\\\/noticias-info-ckl-no-2606-23-07-21\\\/#primaryimage\"},\"image\":{\"@id\":\"https:\\\/\\\/cklcomunicaciones.es\\\/coop\\\/noticias-info-ckl-no-2606-23-07-21\\\/#primaryimage\"},\"thumbnailUrl\":\"https:\\\/\\\/cklcomunicaciones.es\\\/coop\\\/wp-content\\\/uploads\\\/2025\\\/01\\\/CKL-una-mirada-distinta-de-la-comunicacion.jpg\",\"datePublished\":\"2021-07-23T10:19:46+00:00\",\"dateModified\":\"2025-02-09T23:58:40+00:00\",\"author\":{\"@id\":\"https:\\\/\\\/cklcomunicaciones.es\\\/coop\\\/#\\\/schema\\\/person\\\/929a6837f7626450bbb50cee1aef266e\"},\"description\":\"OIT: Entre 2019 y 2020, el empleo de las mujeres se redujo 4,2% con ca\u00edda de 54 millones de empleos * ONU Mujeres \\\/ COI lanzan gu\u00eda para evitar coberturas deportivas sexistas * Tokio2020 entre dudas, machismo y contagios\",\"breadcrumb\":{\"@id\":\"https:\\\/\\\/cklcomunicaciones.es\\\/coop\\\/noticias-info-ckl-no-2606-23-07-21\\\/#breadcrumb\"},\"inLanguage\":\"es\",\"potentialAction\":[{\"@type\":\"ReadAction\",\"target\":[\"https:\\\/\\\/cklcomunicaciones.es\\\/coop\\\/noticias-info-ckl-no-2606-23-07-21\\\/\"]}]},{\"@type\":\"ImageObject\",\"inLanguage\":\"es\",\"@id\":\"https:\\\/\\\/cklcomunicaciones.es\\\/coop\\\/noticias-info-ckl-no-2606-23-07-21\\\/#primaryimage\",\"url\":\"https:\\\/\\\/cklcomunicaciones.es\\\/coop\\\/wp-content\\\/uploads\\\/2025\\\/01\\\/CKL-una-mirada-distinta-de-la-comunicacion.jpg\",\"contentUrl\":\"https:\\\/\\\/cklcomunicaciones.es\\\/coop\\\/wp-content\\\/uploads\\\/2025\\\/01\\\/CKL-una-mirada-distinta-de-la-comunicacion.jpg\",\"width\":1482,\"height\":775,\"caption\":\"CKL - una mirada distinta de la comunicacion\"},{\"@type\":\"BreadcrumbList\",\"@id\":\"https:\\\/\\\/cklcomunicaciones.es\\\/coop\\\/noticias-info-ckl-no-2606-23-07-21\\\/#breadcrumb\",\"itemListElement\":[{\"@type\":\"ListItem\",\"position\":1,\"name\":\"Portada\",\"item\":\"https:\\\/\\\/cklcomunicaciones.es\\\/coop\\\/\"},{\"@type\":\"ListItem\",\"position\":2,\"name\":\"Noticias Info CKL n\u00ba 2606-23\\\/07\\\/21\"}]},{\"@type\":\"WebSite\",\"@id\":\"https:\\\/\\\/cklcomunicaciones.es\\\/coop\\\/#website\",\"url\":\"https:\\\/\\\/cklcomunicaciones.es\\\/coop\\\/\",\"name\":\"CKL Comunicaciones\",\"description\":\"Sitio web de CKL Comunicaciones coop , la consultora de comunicaci\u00f3n y estrategia\",\"potentialAction\":[{\"@type\":\"SearchAction\",\"target\":{\"@type\":\"EntryPoint\",\"urlTemplate\":\"https:\\\/\\\/cklcomunicaciones.es\\\/coop\\\/?s={search_term_string}\"},\"query-input\":{\"@type\":\"PropertyValueSpecification\",\"valueRequired\":true,\"valueName\":\"search_term_string\"}}],\"inLanguage\":\"es\"},{\"@type\":\"Person\",\"@id\":\"https:\\\/\\\/cklcomunicaciones.es\\\/coop\\\/#\\\/schema\\\/person\\\/929a6837f7626450bbb50cee1aef266e\",\"name\":\"ckl\",\"image\":{\"@type\":\"ImageObject\",\"inLanguage\":\"es\",\"@id\":\"https:\\\/\\\/secure.gravatar.com\\\/avatar\\\/c82db564e8a669bf6023357a157b9dc4780f4d4c618f2ad1d71a6a5dede45057?s=96&d=mm&r=g\",\"url\":\"https:\\\/\\\/secure.gravatar.com\\\/avatar\\\/c82db564e8a669bf6023357a157b9dc4780f4d4c618f2ad1d71a6a5dede45057?s=96&d=mm&r=g\",\"contentUrl\":\"https:\\\/\\\/secure.gravatar.com\\\/avatar\\\/c82db564e8a669bf6023357a157b9dc4780f4d4c618f2ad1d71a6a5dede45057?s=96&d=mm&r=g\",\"caption\":\"ckl\"},\"url\":\"https:\\\/\\\/cklcomunicaciones.es\\\/coop\\\/author\\\/cklcomunicaciones\\\/\"}]}<\/script>\n<!-- \/ Yoast SEO plugin. -->","yoast_head_json":{"title":"Noticias Info CKL n\u00ba 2606-23\/07\/21-Comunicar con perspectiva de g\u00e9nero","description":"OIT: Entre 2019 y 2020, el empleo de las mujeres se redujo 4,2% con ca\u00edda de 54 millones de empleos * ONU Mujeres \/ COI lanzan gu\u00eda para evitar coberturas deportivas sexistas * Tokio2020 entre dudas, machismo y contagios","robots":{"index":"index","follow":"follow","max-snippet":"max-snippet:-1","max-image-preview":"max-image-preview:large","max-video-preview":"max-video-preview:-1"},"canonical":"https:\/\/cklcomunicaciones.es\/coop\/noticias-info-ckl-no-2606-23-07-21\/","og_locale":"es_ES","og_type":"article","og_title":"Noticias Info CKL n\u00ba 2606-23\/07\/21-Comunicar con perspectiva de g\u00e9nero","og_description":"OIT: Entre 2019 y 2020, el empleo de las mujeres se redujo 4,2% con ca\u00edda de 54 millones de empleos * ONU Mujeres \/ COI lanzan gu\u00eda para evitar coberturas deportivas sexistas * Tokio2020 entre dudas, machismo y contagios","og_url":"https:\/\/cklcomunicaciones.es\/coop\/noticias-info-ckl-no-2606-23-07-21\/","og_site_name":"CKL Comunicaciones","article_published_time":"2021-07-23T10:19:46+00:00","article_modified_time":"2025-02-09T23:58:40+00:00","og_image":[{"width":1482,"height":775,"url":"https:\/\/cklcomunicaciones.es\/coop\/wp-content\/uploads\/2025\/01\/CKL-una-mirada-distinta-de-la-comunicacion.jpg","type":"image\/jpeg"}],"author":"ckl","twitter_card":"summary_large_image","twitter_misc":{"Escrito por":"ckl","Tiempo de lectura":"5 minutos"},"schema":{"@context":"https:\/\/schema.org","@graph":[{"@type":"Article","@id":"https:\/\/cklcomunicaciones.es\/coop\/noticias-info-ckl-no-2606-23-07-21\/#article","isPartOf":{"@id":"https:\/\/cklcomunicaciones.es\/coop\/noticias-info-ckl-no-2606-23-07-21\/"},"author":{"name":"ckl","@id":"https:\/\/cklcomunicaciones.es\/coop\/#\/schema\/person\/929a6837f7626450bbb50cee1aef266e"},"headline":"Noticias Info CKL n\u00ba 2606-23\/07\/21","datePublished":"2021-07-23T10:19:46+00:00","dateModified":"2025-02-09T23:58:40+00:00","mainEntityOfPage":{"@id":"https:\/\/cklcomunicaciones.es\/coop\/noticias-info-ckl-no-2606-23-07-21\/"},"wordCount":1171,"image":{"@id":"https:\/\/cklcomunicaciones.es\/coop\/noticias-info-ckl-no-2606-23-07-21\/#primaryimage"},"thumbnailUrl":"https:\/\/cklcomunicaciones.es\/coop\/wp-content\/uploads\/2025\/01\/CKL-una-mirada-distinta-de-la-comunicacion.jpg","keywords":["empleo","mujeres"],"articleSection":["Newsletter","Nwl v3.0"],"inLanguage":"es"},{"@type":"WebPage","@id":"https:\/\/cklcomunicaciones.es\/coop\/noticias-info-ckl-no-2606-23-07-21\/","url":"https:\/\/cklcomunicaciones.es\/coop\/noticias-info-ckl-no-2606-23-07-21\/","name":"Noticias Info CKL n\u00ba 2606-23\/07\/21-Comunicar con perspectiva de g\u00e9nero","isPartOf":{"@id":"https:\/\/cklcomunicaciones.es\/coop\/#website"},"primaryImageOfPage":{"@id":"https:\/\/cklcomunicaciones.es\/coop\/noticias-info-ckl-no-2606-23-07-21\/#primaryimage"},"image":{"@id":"https:\/\/cklcomunicaciones.es\/coop\/noticias-info-ckl-no-2606-23-07-21\/#primaryimage"},"thumbnailUrl":"https:\/\/cklcomunicaciones.es\/coop\/wp-content\/uploads\/2025\/01\/CKL-una-mirada-distinta-de-la-comunicacion.jpg","datePublished":"2021-07-23T10:19:46+00:00","dateModified":"2025-02-09T23:58:40+00:00","author":{"@id":"https:\/\/cklcomunicaciones.es\/coop\/#\/schema\/person\/929a6837f7626450bbb50cee1aef266e"},"description":"OIT: Entre 2019 y 2020, el empleo de las mujeres se redujo 4,2% con ca\u00edda de 54 millones de empleos * ONU Mujeres \/ COI lanzan gu\u00eda para evitar coberturas deportivas sexistas * Tokio2020 entre dudas, machismo y contagios","breadcrumb":{"@id":"https:\/\/cklcomunicaciones.es\/coop\/noticias-info-ckl-no-2606-23-07-21\/#breadcrumb"},"inLanguage":"es","potentialAction":[{"@type":"ReadAction","target":["https:\/\/cklcomunicaciones.es\/coop\/noticias-info-ckl-no-2606-23-07-21\/"]}]},{"@type":"ImageObject","inLanguage":"es","@id":"https:\/\/cklcomunicaciones.es\/coop\/noticias-info-ckl-no-2606-23-07-21\/#primaryimage","url":"https:\/\/cklcomunicaciones.es\/coop\/wp-content\/uploads\/2025\/01\/CKL-una-mirada-distinta-de-la-comunicacion.jpg","contentUrl":"https:\/\/cklcomunicaciones.es\/coop\/wp-content\/uploads\/2025\/01\/CKL-una-mirada-distinta-de-la-comunicacion.jpg","width":1482,"height":775,"caption":"CKL - una mirada distinta de la comunicacion"},{"@type":"BreadcrumbList","@id":"https:\/\/cklcomunicaciones.es\/coop\/noticias-info-ckl-no-2606-23-07-21\/#breadcrumb","itemListElement":[{"@type":"ListItem","position":1,"name":"Portada","item":"https:\/\/cklcomunicaciones.es\/coop\/"},{"@type":"ListItem","position":2,"name":"Noticias Info CKL n\u00ba 2606-23\/07\/21"}]},{"@type":"WebSite","@id":"https:\/\/cklcomunicaciones.es\/coop\/#website","url":"https:\/\/cklcomunicaciones.es\/coop\/","name":"CKL Comunicaciones","description":"Sitio web de CKL Comunicaciones coop , la consultora de comunicaci\u00f3n y estrategia","potentialAction":[{"@type":"SearchAction","target":{"@type":"EntryPoint","urlTemplate":"https:\/\/cklcomunicaciones.es\/coop\/?s={search_term_string}"},"query-input":{"@type":"PropertyValueSpecification","valueRequired":true,"valueName":"search_term_string"}}],"inLanguage":"es"},{"@type":"Person","@id":"https:\/\/cklcomunicaciones.es\/coop\/#\/schema\/person\/929a6837f7626450bbb50cee1aef266e","name":"ckl","image":{"@type":"ImageObject","inLanguage":"es","@id":"https:\/\/secure.gravatar.com\/avatar\/c82db564e8a669bf6023357a157b9dc4780f4d4c618f2ad1d71a6a5dede45057?s=96&d=mm&r=g","url":"https:\/\/secure.gravatar.com\/avatar\/c82db564e8a669bf6023357a157b9dc4780f4d4c618f2ad1d71a6a5dede45057?s=96&d=mm&r=g","contentUrl":"https:\/\/secure.gravatar.com\/avatar\/c82db564e8a669bf6023357a157b9dc4780f4d4c618f2ad1d71a6a5dede45057?s=96&d=mm&r=g","caption":"ckl"},"url":"https:\/\/cklcomunicaciones.es\/coop\/author\/cklcomunicaciones\/"}]}},"_links":{"self":[{"href":"https:\/\/cklcomunicaciones.es\/coop\/wp-json\/wp\/v2\/posts\/15514","targetHints":{"allow":["GET"]}}],"collection":[{"href":"https:\/\/cklcomunicaciones.es\/coop\/wp-json\/wp\/v2\/posts"}],"about":[{"href":"https:\/\/cklcomunicaciones.es\/coop\/wp-json\/wp\/v2\/types\/post"}],"author":[{"embeddable":true,"href":"https:\/\/cklcomunicaciones.es\/coop\/wp-json\/wp\/v2\/users\/3"}],"replies":[{"embeddable":true,"href":"https:\/\/cklcomunicaciones.es\/coop\/wp-json\/wp\/v2\/comments?post=15514"}],"version-history":[{"count":0,"href":"https:\/\/cklcomunicaciones.es\/coop\/wp-json\/wp\/v2\/posts\/15514\/revisions"}],"wp:featuredmedia":[{"embeddable":true,"href":"https:\/\/cklcomunicaciones.es\/coop\/wp-json\/wp\/v2\/media\/22909"}],"wp:attachment":[{"href":"https:\/\/cklcomunicaciones.es\/coop\/wp-json\/wp\/v2\/media?parent=15514"}],"wp:term":[{"taxonomy":"category","embeddable":true,"href":"https:\/\/cklcomunicaciones.es\/coop\/wp-json\/wp\/v2\/categories?post=15514"},{"taxonomy":"post_tag","embeddable":true,"href":"https:\/\/cklcomunicaciones.es\/coop\/wp-json\/wp\/v2\/tags?post=15514"}],"curies":[{"name":"wp","href":"https:\/\/api.w.org\/{rel}","templated":true}]}}