{"id":15503,"date":"2021-07-14T13:24:57","date_gmt":"2021-07-14T11:24:57","guid":{"rendered":"https:\/\/www.cklcomunicaciones.es\/?p=15503"},"modified":"2025-02-10T01:31:09","modified_gmt":"2025-02-10T00:31:09","slug":"noticias-info-ckl-no-2603-14-07-21","status":"publish","type":"post","link":"https:\/\/cklcomunicaciones.es\/coop\/noticias-info-ckl-no-2603-14-07-21\/","title":{"rendered":"Noticias Info CKL n\u00ba 2603-14\/07\/21"},"content":{"rendered":"<div class=\"fusion-fullwidth fullwidth-box fusion-builder-row-1 fusion-flex-container nonhundred-percent-fullwidth non-hundred-percent-height-scrolling\" style=\"--awb-border-radius-top-left:0px;--awb-border-radius-top-right:0px;--awb-border-radius-bottom-right:0px;--awb-border-radius-bottom-left:0px;--awb-flex-wrap:wrap;\" ><div class=\"fusion-builder-row fusion-row fusion-flex-align-items-flex-start fusion-flex-content-wrap\" style=\"max-width:1248px;margin-left: calc(-4% \/ 2 );margin-right: calc(-4% \/ 2 );\"><div class=\"fusion-layout-column fusion_builder_column fusion-builder-column-0 fusion_builder_column_1_1 1_1 fusion-flex-column\" style=\"--awb-bg-blend:overlay;--awb-bg-size:cover;--awb-width-large:100%;--awb-margin-top-large:0px;--awb-spacing-right-large:1.92%;--awb-margin-bottom-large:0px;--awb-spacing-left-large:1.92%;--awb-width-medium:100%;--awb-spacing-right-medium:1.92%;--awb-spacing-left-medium:1.92%;--awb-width-small:100%;--awb-spacing-right-small:1.92%;--awb-spacing-left-small:1.92%;\"><div class=\"fusion-column-wrapper fusion-flex-justify-content-flex-start fusion-content-layout-column\"><div class=\"fusion-text fusion-text-1\"><h1>Convocatorias<\/h1>\n<div id=\"\" class=\"lsow-panel lsow-active\">\n<div class=\"lsow-panel-content\">\n<ul>\n<li><u><a href=\"https:\/\/generandolecturas.wordpress.com\/2021\/07\/06\/muestra-de-cortos-somos-muchas-y-valientes-2021\/\">Muestra de cortos &#8216;Somos Muchas y Valientes&#8217; 2021<\/a><\/u>[edici\u00f3n online]. Organiza C\u00e1mara Lenta, promueve Centro de Documentaci\u00f3n Mar\u00eda Zambrano del IAM. Hasta el 21 de julio a trav\u00e9s del\u00a0<u><a href=\"https:\/\/www.youtube.com\/playlist?list=PLxydhsSBJDsr9Kg4xYB1xBAS3HucDGLV5\">canal de Youtube del IAM<\/a><\/u><\/li>\n<li><a href=\"https:\/\/www.easp.es\/cursos\/?idCurso=5804010021#cd\">Diploma de Especializaci\u00f3n en G\u00e9nero y Salud (14\u00aa ed.)<\/a>. Escuela Andaluza de Salud P\u00fablica. Del 25 de octubre de 2021 al 7 de octubre de 2022<u>.\u00a0<a href=\"https:\/\/www.easp.edu.es\/programadocente\/preinscripcion\/?idCurso=q7oKqLwM7UGGc8wVsHdQO1pM9lY3Ps3LyWlZ5EnE3zs=\">Preinscripciones<\/a><\/u>(ampliaci\u00f3n de plazo hasta 15 de septiembre)<\/li>\n<\/ul>\n<\/div>\n<\/div>\n<div id=\"\" class=\"lsow-panel lsow-active\">\n<h1 class=\"lsow-panel-title\">Comunicaci\u00f3n, Publicidad y TICs<\/h1>\n<div class=\"lsow-panel-content\">\n<p><a href=\"https:\/\/amecopress.net\/Abierta-la-convocatoria-del-Premio-de-Periodismo-Daphne-Caruana-Galizia\">Abierta la convocatoria del Premio de Periodismo Daphne Caruana Galizia |\u00a0 Ameco Press<\/a><\/p>\n<p><u><a href=\"https:\/\/www.abc.es\/cultura\/libros\/abci-mujeres-conquistan-edicion-francesa-202107140018_noticia.html\">Las mujeres conquistan la edici\u00f3n francesa<\/a><\/u>-abc<a href=\"https:\/\/www.google.com\/url?rct=j&amp;sa=t&amp;url=https:\/\/www.eldiariomontanes.es\/culturas\/espana-puede-chaval-20210712165622-nt.html&amp;ct=ga&amp;cd=CAEYCSoUMTM5NjczMTM0MTM2ODE1MTI0ODcyGWMwMzcyZWJjMmZlYWRhNTk6ZXM6ZXM6RVM&amp;usg=AFQjCNF2X4jzh9Urnl_wjj9xaeN3lfOeWQ\"><br \/>\nMar Espa\u00f1a, directora de la Agencia Espa\u00f1ola de Protecci\u00f3n de Datos: \u00abNo puede ser que un chaval acceda a p\u00e1ginas porno con nueve a\u00f1os\u00bb<\/a>&#8211;\u00a0El Diario Montanes<\/p>\n<\/div>\n<\/div>\n<div id=\"\" class=\"lsow-panel lsow-active\">\n<h1 class=\"lsow-panel-title\">Andaluc\u00eda<\/h1>\n<div class=\"lsow-panel-content\">\n<p><strong>Institucional<\/strong><a href=\"https:\/\/www.google.com\/url?rct=j&amp;sa=t&amp;url=https:\/\/www.diariosur.es\/andalucia\/andalucia-presupuesto-proyectos-sociales-20210712202618-nt.html&amp;ct=ga&amp;cd=CAEYACoTODY0MjQ0NDc4MTU3MzUxMTIzNTIZZWE5MjU4MDRkNjdmMjdiMzplczplczpFUw&amp;usg=AFQjCNFdHbeiqOFG6tiNXZeJHqpoT3D5xg\"><br \/>\nLa Junta destinar\u00e1 450 millones de los fondos europeos a proyectos sociales<\/a>&#8211;\u00a0Sur Digital<\/p>\n<p><u><a href=\"https:\/\/andaluciainformacion.es\/a-curarse-en-salud\/985277\/crespo-cree-que-quedan-muchos-aspectos-y-trabajo-por-hacer-en-la-pac\/\">Crespo cree que quedan muchos aspectos y trabajo por hacer en la PAC<\/a><\/u>-andaluciainformacion<\/p>\n<p><strong>\u00a0<\/strong><strong>Econom\u00eda y Empresas<\/strong><a href=\"https:\/\/www.google.com\/url?rct=j&amp;sa=t&amp;url=https:\/\/www.europapress.es\/andalucia\/noticia-directora-iam-considera-emprendimiento-fomenta-igualdad-oportunidades-hombres-mujeres-20210712175301.html&amp;ct=ga&amp;cd=CAEYACoTNTI2NTg0MzQwMDUwNjYzMTYxMDIbOWFiMWNkZDdlMzY2ZWYzODplczplczpFUzpS&amp;usg=AFQjCNGeVp2DRyX3KVArvOOkRbmNMt3kqw\"><br \/>\nLa directora del IAM, Laura Fern\u00e1ndez, considera que el emprendimiento fomenta \u00abla igualdad de oportunidades &#8230;<\/a><u>&#8211;<\/u>\u00a0Europa Press<\/p>\n<p><u><a href=\"https:\/\/www.ideal.es\/granada\/mujeres-reivindican-mayor-20210713110933-nt.html\">Las mujeres reivindican una mayor presencia en la inversi\u00f3n y el emprendimiento<\/a><\/u>-elideal<a href=\"https:\/\/www.google.com\/url?rct=j&amp;sa=t&amp;url=https:\/\/desafiomujerrural.es\/ayudas\/ayudas-personas-autonomas-en-areas-rurales-de-cordoba&amp;ct=ga&amp;cd=CAEYAyoTNDMyMjE5NjE0MTIyODU2MTg5ODIZYzAzNzJlYmMyZmVhZGE1OTplczplczpFUw&amp;usg=AFQjCNGbc1RrRh7s_ib008MK9--nHt1MjA\"><br \/>\nAyudas a personas aut\u00f3nomas en \u00e1reas rurales de C\u00f3rdoba<\/a>&#8211;\u00a0Desaf\u00edo Mujer Rural<\/p>\n<p><u><a href=\"http:\/\/www.juntadeandalucia.es\/presidencia\/portavoz\/162822\/app\/SAE\/ServicioAndaluzdeempleo\/trabajo\/ofertalaboral\/Andalucia\/JuntadeAndalucia\">La app del SAE permite inscribirse en ofertas laborales desde el m\u00f3vil y hacerle seguimiento<\/a><\/u>-oficina del portavoz<\/p>\n<p><u><a href=\"https:\/\/www.diariodesevilla.es\/economia\/mayoria-andaluces-economia-andaluza-mejor_0_1591641368.html\">La mayor\u00eda de los andaluces cree que la econom\u00eda andaluza ir\u00e1 mejor que la espa\u00f1ola<\/a><\/u>-diariodesevilla<strong>\u00a0<\/strong><\/p>\n<p><strong>Actualidad<\/strong><\/p>\n<p><a href=\"https:\/\/www.google.com\/url?rct=j&amp;sa=t&amp;url=https:\/\/www.ideal.es\/almeria\/almeria\/almeria-empuja-igualdad-20210713185422-nt.html&amp;ct=ga&amp;cd=CAEYACoUMTM2MDQ2MTYzMTU1MTY2OTk5OTQyGWUyZGVmYTdkNWRhOTE1N2Q6ZXM6ZXM6RVM&amp;usg=AFQjCNEaonsJlfNRJ_0FypW9JHTg0UIjcA\">Almer\u00eda empuja hacia la igualdad con dos grafitis del pacto de contra la\u00a0violencia\u00a0machista<\/a>&#8211;\u00a0Ideal Digital<\/p>\n<p><u><a href=\"https:\/\/www.eldiario.es\/andalucia\/andalucia-sube-tasa-314-cien-puntos-semana-suma-2-901-casos-muerte_1_8134514.html\">Andaluc\u00eda sube su tasa hasta 314, cien puntos m\u00e1s en una semana, y suma 2.901 casos y una muerte<\/a><\/u>-eldiario<strong>\u00a0<\/strong><\/p>\n<p><strong>Violencias<\/strong><\/p>\n<p><a href=\"https:\/\/www.google.com\/url?rct=j&amp;sa=t&amp;url=https:\/\/sevilla.abc.es\/andalucia\/huelva\/sevi-juicio-asesinato-joven-laura-luelmo-huelva-sera-jurado-popular-202107121644_noticia.html&amp;ct=ga&amp;cd=CAEYAioUMTM5NjczMTM0MTM2ODE1MTI0ODcyGWMwMzcyZWJjMmZlYWRhNTk6ZXM6ZXM6RVM&amp;usg=AFQjCNGZaCOcHe-KCJYhcfwKowsGtVxQnw\">El juicio por el asesinato de la joven Laura Luelmo en Huelva ser\u00e1 con jurado popular<\/a><u>&#8211;<\/u>\u00a0abcdesevilla.es<strong>\u00a0<\/strong><\/p>\n<p><strong>Ciencia y Cultura<\/strong><\/p>\n<p><a href=\"https:\/\/www.google.com\/url?rct=j&amp;sa=t&amp;url=https:\/\/www.europapress.es\/andalucia\/noticia-presidenta-consejo-social-upo-necesario-impulso-avanzar-sociedad-mas-justa-20210712173804.html&amp;ct=ga&amp;cd=CAEYASoUMTM5NTk0MDU2NDM1NjA1MjUyNTcyGzlhYjFjZGQ3ZTM2NmVmMzg6ZXM6ZXM6RVM6Ug&amp;usg=AFQjCNE9JQCe7-nDjD_Yzw916TCqTLCo0A\">Roc\u00edo Reinoso, presidenta del Consejo Social de la UPO: \u00abEs necesario un impulso para avanzar hacia una sociedad m\u00e1s justa\u201d &#8230;<\/a>&#8211;\u00a0Europa Press<\/p>\n<p><a href=\"https:\/\/www.google.com\/url?rct=j&amp;sa=t&amp;url=https:\/\/www.eldiarioalerta.com\/articulo\/agencias\/andalucia-jaen-masjaen-etnosur-abre-semana-programa-jaen-julio-musica-actividades-toda-familia\/20210712180308186665.html&amp;ct=ga&amp;cd=CAEYASoUMTY3OTI4MDg1NDk0NzkwODczNjMyGWVhOTI1ODA0ZDY3ZjI3YjM6ZXM6ZXM6RVM&amp;usg=AFQjCNFYLAUVgC2Chgt5hza4YoUol6qtPg\">Etnosur abre esta semana el programa &#8216;Ja\u00e9n en julio&#8217; con m\u00fasica &#8230;<\/a>&#8211;\u00a0Alerta<a href=\"https:\/\/www.google.com\/url?rct=j&amp;sa=t&amp;url=http:\/\/www.andaluciasolidaria.org\/noticias\/item\/1545-chiclana-acoge-la-expo-miradas-que-transforman-el-mundo&amp;ct=ga&amp;cd=CAEYACoTNTYzODkyMTY2NTI1MjAwODM1MzIZZWE5MjU4MDRkNjdmMjdiMzplczplczpFUw&amp;usg=AFQjCNHLMf5Z_iudvF-qXWODNI7y0JPHJQ\"><br \/>\nChiclana acoge la Expo \u201cMiradas que transforman el mundo\u201d<\/a>&#8211;\u00a0FAMSI<\/p>\n<p><u><a href=\"https:\/\/www.elespanol.com\/espana\/andalucia\/malaga\/20210713\/thyssen-malaga-viaja-espana-costumbrista-mantilla-nueva\/596190857_0.html\">El Thyssen M\u00e1laga &#8216;viaja&#8217; a la Espa\u00f1a costumbrista de la mantilla en su nueva ruta<\/a><\/u>-elespanol<strong>\u00a0<\/strong><\/p>\n<p><strong>Deporte<\/strong><a href=\"https:\/\/www.google.com\/url?rct=j&amp;sa=t&amp;url=https:\/\/www.lavozdigital.es\/deportes\/lvdi-circuito-golf-solidario-andex-llega-provincia-cadiz-202107121817_noticia.html&amp;ct=ga&amp;cd=CAEYAyoUMTY3OTI4MDg1NDk0NzkwODczNjMyGWVhOTI1ODA0ZDY3ZjI3YjM6ZXM6ZXM6RVM&amp;usg=AFQjCNEFixfqSYByU7-5v4mQUlTKLU9_2w\"><br \/>\nEl I Circuito de Golf\u00a0Solidario\u00a0Andex llega a la provincia de C\u00e1diz<\/a>&#8211;\u00a0La Voz Digital<\/p>\n<p><u><a href=\"https:\/\/www.laopiniondemalaga.es\/deportes\/2021\/07\/12\/cuatro-jugadoras-cantera-unicaja-convocadas-54942765.html\">Cuatro jugadoras de la cantera del Unicaja y Carla Viegas, del CAB Estepona, convocadas por la selecci\u00f3n espa\u00f1ola<\/a><\/u>-laopiniondemalaga<\/p>\n<\/div>\n<\/div>\n<div id=\"\" class=\"lsow-panel lsow-active\">\n<h1 class=\"lsow-panel-title\">Estado<\/h1>\n<div class=\"lsow-panel-content\">\n<p><strong>Institucional<\/strong><\/p>\n<p><u><a href=\"https:\/\/www.republica.com\/2021\/07\/13\/el-gobierno-con-mas-mujeres-de-la-historia-de-espana-echa-a-andar-con-un-posado-a-las-puertas-de-moncloa\/\">El Gobierno con m\u00e1s mujeres de la historia de Espa\u00f1a echa a andar con el tradicional posado en Moncloa<\/a><\/u>\u00a0-republica<a href=\"https:\/\/www.google.com\/url?rct=j&amp;sa=t&amp;url=https:\/\/www.elindependiente.com\/espana\/2021\/07\/13\/igualdad-inicia-el-proceso-participativo-para-modificar-la-ley-del-aborto\/&amp;ct=ga&amp;cd=CAEYACoSMzYxNDc3MTcwMzQ4MDQyMjQzMhljMDM3MmViYzJmZWFkYTU5OmVzOmVzOkVT&amp;usg=AFQjCNGdsCrlSRp5bGRzJ_knoN8TcN5NTQ\"><br \/>\nIgualdad inicia el proceso participativo para modificar la Ley del aborto<\/a>&#8211; elindependiente<\/p>\n<p><u><a href=\"https:\/\/www.abc.es\/sociedad\/abci-belarra-y-montero-proponen-ampliar-6-meses-permisos-maternidad-y-paternidad-202107141154_noticia.html\">Belarra y Montero proponen ampliar a 6 meses los permisos de maternidad y paternidad<\/a>&#8211;<\/u>abc<strong>\u00a0<\/strong><\/p>\n<p><strong>Institucional-CCAA<\/strong><a href=\"https:\/\/www.google.com\/url?rct=j&amp;sa=t&amp;url=https:\/\/www.europapress.es\/andalucia\/noticia-presidenta-bpw-madrid-aboga-politicas-accion-positivas-mujer-acceda-puestos-directivos-20210713144450.html&amp;ct=ga&amp;cd=CAEYACoTNzczOTQ3NTc2MDk0Mzg3MDIzODIZNTlkNzgxNzEzNmEyZDAyODplczplczpFUw&amp;usg=AFQjCNGcPN8hgG8TUFjhuFe1UOEh_G7TPQ\"><br \/>\nPresidenta de BPW-Madrid aboga por \u00abpol\u00edticas de acci\u00f3n positivas\u00bb para que \u00abla mujer acceda a &#8230;<\/a>&#8211;\u00a0Europa Press<a href=\"https:\/\/www.google.com\/url?rct=j&amp;sa=t&amp;url=https:\/\/www.abc.es\/espana\/madrid\/abci-agresiones-sexuales-sumision-quimica-disparan-madrid-35-por-ciento-645-202107130011_noticia.html&amp;ct=ga&amp;cd=CAEYACoUMTI3ODE5NDEzMzM1ODYwNTM5MjkyGWMwMzcyZWJjMmZlYWRhNTk6ZXM6ZXM6RVM&amp;usg=AFQjCNHxVTAeDVaNM9o0SoVrnMU81kkwfg\"><br \/>\nLas agresiones sexuales con sumisi\u00f3n qu\u00edmica se disparan en Madrid: el 35% de 645<\/a>&#8211;\u00a0Abc.es<\/p>\n<p><u><a href=\"https:\/\/www.google.com\/url?rct=j&amp;sa=t&amp;url=https:\/\/www.eldiario.es\/castilla-la-mancha\/alfabetizacion-digital-discriminacion-mujer-medio-rural-ciudad-real-piden-donaciones-ordenadores-obsoletos-desuso_1_8130989.html&amp;ct=ga&amp;cd=CAEYACoUMTYyNjA2OTcyMzU1NTIzODgwOTUyGWMwMzcyZWJjMmZlYWRhNTk6ZXM6ZXM6RVM&amp;usg=AFQjCNG4-Oa9cK-8Nk7Mh08Aux6JgGRlgA\">Alfabetizaci\u00f3n digital contra la discriminaci\u00f3n de la\u00a0mujer\u00a0en el medio rural: en Ciudad Real piden &#8230;<\/a><\/u>&#8211;\u00a0<a href=\"http:\/\/eldiario.es\/\">eldiario.es<\/a><u><a href=\"https:\/\/www.google.com\/url?rct=j&amp;sa=t&amp;url=https:\/\/www.europapress.es\/illes-balears\/noticia-govern-balear-querellara-contra-influencer-naim-darrechi-posible-abuso-sexual-20210713172454.html&amp;ct=ga&amp;cd=CAEYASoTOTQ2MjYzMjA4ODg3NTAxMTI3OTIZYzAzNzJlYmMyZmVhZGE1OTplczplczpFUw&amp;usg=AFQjCNGPK8TqTMfsJ9HvmXF_ibM8uNn9iQ\"><br \/>\nEl Govern balear se querellar\u00e1 contra el influencer Naim Darrechi por posible abuso sexual<\/a><\/u>&#8211;\u00a0Europa Press<\/p>\n<p><u><a href=\"https:\/\/www.msn.com\/es-es\/finance\/formacion-empleo\/unir-y-afammer-impulsar-c3-a1n-la-formaci-c3-b3n-de-mujeres-en-el-c3-a1mbito-rural\/ar-AAM8NB4?ocid=BingNewsSearch\">UNIR y AFAMMER impulsar\u00e1n la formaci\u00f3n de mujeres en el \u00e1mbito rural<\/a>&#8211;<\/u>20minutos<\/p>\n<p><u><a href=\"https:\/\/www.rrhhpress.com\/desarrollo\/52760-eoi-y-gobierno-de-aragon-impulsan-formacion-bonificada-en-digitalizacion-economia-circular-y-liderazgo-femenino\">EOI y Gobierno de Arag\u00f3n impulsan formaci\u00f3n bonificada en digitalizaci\u00f3n, econom\u00eda circular y liderazgo femenino<\/a><\/u>-RRHH Press<\/p>\n<p><u><a href=\"https:\/\/www.lanzadigital.com\/provincia\/almagro\/la-junta-apoya-el-teatro-como-instrumento-para-impulsar-la-igualdad-y-visibilizar-a-mujeres-referentes\/\">La Junta de C-LM apoya el teatro como instrumento para impulsar la igualdad y visibilizar a mujeres referentes<\/a><\/u>-lanzadigital<strong>\u00a0<\/strong><\/p>\n<p><strong>Econom\u00eda y Empresas<\/strong><\/p>\n<p><u><a href=\"https:\/\/www.google.com\/url?rct=j&amp;sa=t&amp;url=https:\/\/www.trendencias.com\/tecnologia\/mujeres-influyentes-mundo-tecnologia-espana&amp;ct=ga&amp;cd=CAEYASoSMzYxNDc3MTcwMzQ4MDQyMjQzMhljMDM3MmViYzJmZWFkYTU5OmVzOmVzOkVT&amp;usg=AFQjCNFZct-7eodmAJ7I3-he7Tu83B_FWw\">Las\u00a0mujeres\u00a0m\u00e1s influyentes del mundo de la tecnolog\u00eda en Espa\u00f1a<\/a><\/u>&#8211;\u00a0Trendencias<\/p>\n<p><a href=\"https:\/\/amecopress.net\/Mas-del-32-de-las-trabajadoras-del-hogar-en-Espana-viven-bajo-el-umbral-de-la-pobreza\">M\u00e1s del 32% de las trabajadoras del hogar en Espa\u00f1a viven bajo el umbral de la pobreza |\u00a0\u00a0Ameco Press<\/a><\/p>\n<p><strong>Actualidad<\/strong><\/p>\n<p><u><a href=\"https:\/\/www.eldiario.es\/comunitat-valenciana\/politica\/teoricas-feminismo-reivindican-cuidados-imperativo-etico-derecho-constitucional_1_8131663.html\">Te\u00f3ricas del feminismo reivindican los cuidados como imperativo \u00e9tico y derecho constitucional<\/a><\/u>-eldiario<u><a href=\"https:\/\/www.google.com\/url?rct=j&amp;sa=t&amp;url=https:\/\/www.eldiario.es\/euskadi\/estudio-emakunde-saca-luz-papel-crucial-arquitectas-invisibilizadas-reconocimiento-social_1_8131336.html&amp;ct=ga&amp;cd=CAEYACoUMTQ1OTg2MzExNDAwMDg5Nzc0NzEyGWMwMzcyZWJjMmZlYWRhNTk6ZXM6ZXM6RVM&amp;usg=AFQjCNF7tQYEMopWnKGR9QrAlQR1NZkLNA\"><br \/>\nUn estudio de Emakunde saca a la luz el papel crucial de las arquitectas, invisibilizadas y sin reconocimiento social &#8230;<\/a><\/u>&#8211;\u00a0eldiario.es<strong>\u00a0<\/strong><\/p>\n<p><strong>Violencias<\/strong><a href=\"https:\/\/www.google.com\/url?rct=j&amp;sa=t&amp;url=https:\/\/www.elsaltodiario.com\/sanidad\/consejo-colegios-medicos-rechazan-concepto-violencia-obstetrica-&amp;ct=ga&amp;cd=CAEYACoTNjAxNzI2NTA2NjkyMzE1NjYwNTIZYzAzNzJlYmMyZmVhZGE1OTplczplczpFUw&amp;usg=AFQjCNE1mdaMDaPNQAhzM5mQY-iQqgUKBw\"><br \/>\nLos colegios de m\u00e9dicos rechazan el concepto de violencia obst\u00e9trica y dicen que no existe en &#8230;<\/a>&#8211;\u00a0El Salto<\/p>\n<p><u><a href=\"https:\/\/informalia.eleconomista.es\/buscador\/resultados.php?recordatorio=2&amp;pagina=-8391680\">El Congreso guarda un minuto de silencio por las asesinadas por la violencia machista, con decenas de esca\u00f1os vac\u00edos<\/a><\/u>-informalia<strong>\u00a0<\/strong><\/p>\n<p><strong>Ciencia y Cultura<\/strong><\/p>\n<p><a href=\"https:\/\/www.google.com\/url?rct=j&amp;sa=t&amp;url=https:\/\/www.informacion.es\/cultura\/2021\/07\/12\/paca-aguirre-abre-ciclo-alicante-54948269.html&amp;ct=ga&amp;cd=CAEYASoUMTM5NjczMTM0MTM2ODE1MTI0ODcyGWMwMzcyZWJjMmZlYWRhNTk6ZXM6ZXM6RVM&amp;usg=AFQjCNHn2ZW23_29hMcbGrfB0GH97h63Jg\">Paca Aguirre abre el ciclo \u00abAlicante en femenino\u00bb del\u00a0Instituto\u00a0Gil-Albert<\/a>&#8211;\u00a0Informaci\u00f3n<\/p>\n<p><u><a href=\"https:\/\/www.ondacero.es\/programas\/mas-de-uno\/audios-podcast\/entrevistas\/ama-pelicula-desamparo-culpabilidad-ligada-maternidad_2021071460eebb3761e25f00010efc3e.html\">Ama&#8217;: Una pel\u00edcula sobre el desamparo y la culpabilidad ligada a la maternidad<\/a><\/u>-ondacero<\/p>\n<p><u><a href=\"https:\/\/www.diariodelaltoaragon.es\/noticias\/cultura\/2021\/07\/14\/cristina-perez-galan-revela-los-secretos-de-belleza-medieval-1506234-daa.html\">Cristina P\u00e9rez Gal\u00e1n, doctora en Historia, revela los secretos de belleza medieval<\/a><\/u>-diariodelaltoaragon<\/p>\n<p><u><a href=\"https:\/\/www.mondosonoro.com\/noticias-actualidad-musical\/alba-flores-audiolibro-mujer-frontera\/\">Alba Flores presenta en Flashes el audiolibro \u201cMujer de frontera\u201d<\/a><\/u>-mondosonoro<\/p>\n<p><u><a href=\"https:\/\/www.abc.es\/cultura\/cultural\/abci-mujeres-lope-vega-202107131454_noticia.html\">Las mujeres de Lope de Vega<\/a><\/u>-abc<\/p>\n<p><u><a href=\"https:\/\/www.laguiago.com\/bizkaia\/el-certamen-de-fotografas-baffest-2021-ya-tiene-sus-finalistas\/\">El Certamen de Fot\u00f3grafas Baffest 2021 ya tiene sus finalistas<\/a><\/u>-laguiago<\/p>\n<p><u><a href=\"https:\/\/cantabrialiberal.com\/cultura\/la-biblioteca-central-de-cantabria-acoge-esta-semana-dos-encuentros-sobre-concepcion-arenal-y-maria-blanchard,596651.html\">La Biblioteca Central de Cantabria acoge esta semana dos encuentros sobre Concepci\u00f3n Arenal y Mar\u00eda Blanchard<\/a>&#8211;<\/u>cantabrialiberal.com<strong>\u00a0<\/strong><\/p>\n<p><strong>Deporte<\/strong><\/p>\n<p><u><a href=\"https:\/\/www.msn.com\/es-es\/news\/espana\/iceta-desea-estimular-el-deporte-femenino-y-desterrar-la-homofobia\/ar-AAM3nmz?ocid=BingNewsSearch\">Iceta desea estimular \u00abel deporte femenino\u00bb y \u00abdesterrar la homofobia\u00bb<\/a><\/u>-efe<\/p>\n<p><u><a href=\"https:\/\/elpais.com\/deportes\/juegos-olimpicos\/2021-07-14\/videorreportaje-sandra-sanchez-la-karateca-que-fue-marginada-por-estar-al-lado-de-su-madre-y-que-ha-vuelto-para-luchar-por-el-oro-olimpico.html\">Videorreportaje | Sandra S\u00e1nchez, la karateca que fue marginada y ha vuelto para luchar por el oro ol\u00edmpico<\/a><\/u>&#8211; El Pa\u00eds<\/p>\n<p><u><a href=\"https:\/\/eldesmarque.com\/gipuzkoa\/sd-eibar\/noticias-sde\/1298522-ana-junyent-nueva-entrenadora-del-primer-equipo-femenino-del-eibar\">Ana Junyent, nueva entrenadora del primer equipo femenino del Eibar<\/a><\/u>-eldesmarque<\/p>\n<p><u><a href=\"https:\/\/www.rtve.es\/deportes\/20210713\/mujeres-espanolas-juegos-olimpicos\/2127720.shtml\">As\u00ed ha sido la evoluci\u00f3n de la mujer en los Juegos Ol\u00edmpicos<\/a><\/u>-rtve<\/p>\n<\/div>\n<\/div>\n<div id=\"\" class=\"lsow-panel lsow-active\">\n<h1 class=\"lsow-panel-title\">Internacional<\/h1>\n<div class=\"lsow-panel-content\">\n<p><u><a href=\"https:\/\/www.teinteresa.es\/tecno\/la-ue-lanza-el-programa-piloto-women-techeu-para-situar-a-las-mujeres-a-la-vanguardia-de-la-deep-tech-o-tecnologia-profunda.html\">La UE lanza el programa piloto Women TechEU para situar a las mujeres a la vanguardia de la deep tech<\/a><\/u>-teinteresa<\/p>\n<p><a href=\"https:\/\/www.google.com\/url?rct=j&amp;sa=t&amp;url=https:\/\/www.bladi.es\/programa-accion-marruecos-fpnu-promover-derechos-mujeres-lugar,10926.html&amp;ct=ga&amp;cd=CAEYACoTMTUyMDEwNzY4MTM3Njg4MjkwODIZNTlkNzgxNzEzNmEyZDAyODplczplczpFUw&amp;usg=AFQjCNHmLMY81S3Q8CHjiAZM-3_u5906Bw\">Programa de acci\u00f3n Marruecos-FPNU para promover los derechos de las mujeres en el lugar de trabajo&#8230;<\/a>&#8211;\u00a0Bladi.es<a href=\"https:\/\/www.google.com\/url?rct=j&amp;sa=t&amp;url=https:\/\/www.t13.cl\/noticia\/negocios\/entre-trabajo-remunerado-y-no-remunerado-mujeres-suman-12-horas-mas-hombres-semana&amp;ct=ga&amp;cd=CAEYACoUMTYwMDc5ODEwOTIwMDAzODcxNTQyGTU5ZDc4MTcxMzZhMmQwMjg6ZXM6ZXM6RVM&amp;usg=AFQjCNHVxJWxBjJiJv-4ovRzZ0JkoWF90w\"><br \/>\nEntre trabajo remunerado y no remunerado, las mujeres suman 12 horas m\u00e1s que los hombres a &#8230;<\/a>&#8211;\u00a0Teletrece<a href=\"https:\/\/www.google.com\/url?rct=j&amp;sa=t&amp;url=https:\/\/www.prensa-latina.cu\/index.php%3Fo%3Drn%26id%3D461910%26SEO%3Docde-refleja-serias-desigualdades-de-genero-en-chile&amp;ct=ga&amp;cd=CAEYACoTNDg1NTA1MzYxNjc2Nzg1NDY2ODIZNTlkNzgxNzEzNmEyZDAyODplczplczpFUw&amp;usg=AFQjCNEBk_CKruOZ0Vn2J-Hf0IxOoqf0dA\"><br \/>\nOCDE refleja serias desigualdades de\u00a0g\u00e9nero\u00a0en Chile<\/a>&#8211;\u00a0Prensa Latina<a href=\"https:\/\/www.google.com\/url?rct=j&amp;sa=t&amp;url=https:\/\/tn.com.ar\/internacional\/2021\/07\/13\/un-grupo-de-mujeres-de-inglaterra-creo-una-red-contra-la-violencia-machista-por-el-aumento-de-casos-luego-de-la-derrota-en-la-eurocopa\/&amp;ct=ga&amp;cd=CAEYACoUMTU5Njg0OTQyMTMzODAxNjAzNDkyGWUyZGVmYTdkNWRhOTE1N2Q6ZXM6ZXM6RVM&amp;usg=AFQjCNHDI1is0lzqZtPs8sHE5U-U3JpD5Q\"><br \/>\nUn grupo de mujeres de Inglaterra cre\u00f3 una red contra la\u00a0violencia\u00a0machista por el aumento de &#8230;<\/a>&#8211;\u00a0Todo Noticias<\/p>\n<p><u><a href=\"https:\/\/elpais.com\/ciencia\/2021-07-13\/las-matematicas-ensenan-a-pensar-criticamente-no-importa-la-profesion-que-el-nino-elija.html\">Tatiana Toro, directora de Instituto de Investigaciones en Ciencias Matem\u00e1ticas: \u201cLas matem\u00e1ticas ense\u00f1an a pensar cr\u00edticamente, no importa la profesi\u00f3n que el ni\u00f1o elija\u201d<\/a>\u00a0<\/u>\u2013 El Pa\u00eds<\/p>\n<p><u><a href=\"https:\/\/sevilla.abc.es\/xlsemanal\/historia\/gunta-stolz-taller-textil-bauhaus-historia-nazismo-alemania.html\">Gunta St\u00f6lzl y las tejedoras de la Bauhaus<\/a><\/u>-abcsevilla<a href=\"https:\/\/www.google.com\/url?rct=j&amp;sa=t&amp;url=https:\/\/www.elespanol.com\/mujer\/actualidad\/20210712\/final-eurocopa-aumenta-violencia-domestica-inglaterra-derrota\/595940889_0.html&amp;ct=ga&amp;cd=CAEYASoUMTM2MDQ2MTYzMTU1MTY2OTk5OTQyGWUyZGVmYTdkNWRhOTE1N2Q6ZXM6ZXM6RVM&amp;usg=AFQjCNHehmKvjoXDyVVUzf-1np6v1YBpEA\"><br \/>\nLa otra cara de la final de la Eurocopa: aumenta la\u00a0violencia\u00a0dom\u00e9stica en Inglaterra tras la derrota<\/a>&#8211;\u00a0El Espa\u00f1ol<\/p>\n<\/div>\n<\/div>\n<\/div><\/div><\/div><\/div><\/div>\n","protected":false},"excerpt":{"rendered":"<p>UE lanza Women TechEU * Espa\u00f1a: M\u00e1s del 32% de trabajadoras del hogar viven bajo el umbral de la pobreza * Gunta St\u00f6lzl y las tejedoras de la Bauhaus * La otra cara de la final de la Eurocopa: aumenta violencia dom\u00e9stica<\/p>\n","protected":false},"author":3,"featured_media":22909,"comment_status":"closed","ping_status":"closed","sticky":false,"template":"","format":"standard","meta":{"footnotes":""},"categories":[298,621],"tags":[213],"class_list":["post-15503","post","type-post","status-publish","format-standard","has-post-thumbnail","hentry","category-newsletter","category-nwl-3-0","tag-comunicacion-inclusiva"],"yoast_head":"<!-- This site is optimized with the Yoast SEO plugin v27.5 - https:\/\/yoast.com\/product\/yoast-seo-wordpress\/ -->\n<title>Noticias Info CKL n\u00ba 2603-14\/07\/21-Comunicar con perspectiva de g\u00e9nero<\/title>\n<meta name=\"description\" content=\"UE lanza Women TechEU * Espa\u00f1a: M\u00e1s del 32% de trabajadoras del hogar viven bajo el umbral de la pobreza * Gunta St\u00f6lzl y las tejedoras de la Bauhaus * La otra cara de la final de la Eurocopa: aumenta violencia dom\u00e9stica\" \/>\n<meta name=\"robots\" content=\"index, follow, max-snippet:-1, max-image-preview:large, max-video-preview:-1\" \/>\n<link rel=\"canonical\" href=\"https:\/\/cklcomunicaciones.es\/coop\/noticias-info-ckl-no-2603-14-07-21\/\" \/>\n<meta property=\"og:locale\" content=\"es_ES\" \/>\n<meta property=\"og:type\" content=\"article\" \/>\n<meta property=\"og:title\" content=\"Noticias Info CKL n\u00ba 2603-14\/07\/21-Comunicar con perspectiva de g\u00e9nero\" \/>\n<meta property=\"og:description\" content=\"UE lanza Women TechEU * Espa\u00f1a: M\u00e1s del 32% de trabajadoras del hogar viven bajo el umbral de la pobreza * Gunta St\u00f6lzl y las tejedoras de la Bauhaus * La otra cara de la final de la Eurocopa: aumenta violencia dom\u00e9stica\" \/>\n<meta property=\"og:url\" content=\"https:\/\/cklcomunicaciones.es\/coop\/noticias-info-ckl-no-2603-14-07-21\/\" \/>\n<meta property=\"og:site_name\" content=\"CKL Comunicaciones\" \/>\n<meta property=\"article:published_time\" content=\"2021-07-14T11:24:57+00:00\" \/>\n<meta property=\"article:modified_time\" content=\"2025-02-10T00:31:09+00:00\" \/>\n<meta property=\"og:image\" content=\"https:\/\/cklcomunicaciones.es\/coop\/wp-content\/uploads\/2025\/01\/CKL-una-mirada-distinta-de-la-comunicacion.jpg\" \/>\n\t<meta property=\"og:image:width\" content=\"1482\" \/>\n\t<meta property=\"og:image:height\" content=\"775\" \/>\n\t<meta property=\"og:image:type\" content=\"image\/jpeg\" \/>\n<meta name=\"author\" content=\"ckl\" \/>\n<meta name=\"twitter:card\" content=\"summary_large_image\" \/>\n<meta name=\"twitter:label1\" content=\"Escrito por\" \/>\n\t<meta name=\"twitter:data1\" content=\"ckl\" \/>\n\t<meta name=\"twitter:label2\" content=\"Tiempo de lectura\" \/>\n\t<meta name=\"twitter:data2\" content=\"5 minutos\" \/>\n<script type=\"application\/ld+json\" class=\"yoast-schema-graph\">{\"@context\":\"https:\\\/\\\/schema.org\",\"@graph\":[{\"@type\":\"Article\",\"@id\":\"https:\\\/\\\/cklcomunicaciones.es\\\/coop\\\/noticias-info-ckl-no-2603-14-07-21\\\/#article\",\"isPartOf\":{\"@id\":\"https:\\\/\\\/cklcomunicaciones.es\\\/coop\\\/noticias-info-ckl-no-2603-14-07-21\\\/\"},\"author\":{\"name\":\"ckl\",\"@id\":\"https:\\\/\\\/cklcomunicaciones.es\\\/coop\\\/#\\\/schema\\\/person\\\/929a6837f7626450bbb50cee1aef266e\"},\"headline\":\"Noticias Info CKL n\u00ba 2603-14\\\/07\\\/21\",\"datePublished\":\"2021-07-14T11:24:57+00:00\",\"dateModified\":\"2025-02-10T00:31:09+00:00\",\"mainEntityOfPage\":{\"@id\":\"https:\\\/\\\/cklcomunicaciones.es\\\/coop\\\/noticias-info-ckl-no-2603-14-07-21\\\/\"},\"wordCount\":1167,\"image\":{\"@id\":\"https:\\\/\\\/cklcomunicaciones.es\\\/coop\\\/noticias-info-ckl-no-2603-14-07-21\\\/#primaryimage\"},\"thumbnailUrl\":\"https:\\\/\\\/cklcomunicaciones.es\\\/coop\\\/wp-content\\\/uploads\\\/2025\\\/01\\\/CKL-una-mirada-distinta-de-la-comunicacion.jpg\",\"keywords\":[\"comunicaci\u00f3n inclusiva\"],\"articleSection\":[\"Newsletter\",\"Nwl v3.0\"],\"inLanguage\":\"es\"},{\"@type\":\"WebPage\",\"@id\":\"https:\\\/\\\/cklcomunicaciones.es\\\/coop\\\/noticias-info-ckl-no-2603-14-07-21\\\/\",\"url\":\"https:\\\/\\\/cklcomunicaciones.es\\\/coop\\\/noticias-info-ckl-no-2603-14-07-21\\\/\",\"name\":\"Noticias Info CKL n\u00ba 2603-14\\\/07\\\/21-Comunicar con perspectiva de g\u00e9nero\",\"isPartOf\":{\"@id\":\"https:\\\/\\\/cklcomunicaciones.es\\\/coop\\\/#website\"},\"primaryImageOfPage\":{\"@id\":\"https:\\\/\\\/cklcomunicaciones.es\\\/coop\\\/noticias-info-ckl-no-2603-14-07-21\\\/#primaryimage\"},\"image\":{\"@id\":\"https:\\\/\\\/cklcomunicaciones.es\\\/coop\\\/noticias-info-ckl-no-2603-14-07-21\\\/#primaryimage\"},\"thumbnailUrl\":\"https:\\\/\\\/cklcomunicaciones.es\\\/coop\\\/wp-content\\\/uploads\\\/2025\\\/01\\\/CKL-una-mirada-distinta-de-la-comunicacion.jpg\",\"datePublished\":\"2021-07-14T11:24:57+00:00\",\"dateModified\":\"2025-02-10T00:31:09+00:00\",\"author\":{\"@id\":\"https:\\\/\\\/cklcomunicaciones.es\\\/coop\\\/#\\\/schema\\\/person\\\/929a6837f7626450bbb50cee1aef266e\"},\"description\":\"UE lanza Women TechEU * Espa\u00f1a: M\u00e1s del 32% de trabajadoras del hogar viven bajo el umbral de la pobreza * Gunta St\u00f6lzl y las tejedoras de la Bauhaus * La otra cara de la final de la Eurocopa: aumenta violencia dom\u00e9stica\",\"breadcrumb\":{\"@id\":\"https:\\\/\\\/cklcomunicaciones.es\\\/coop\\\/noticias-info-ckl-no-2603-14-07-21\\\/#breadcrumb\"},\"inLanguage\":\"es\",\"potentialAction\":[{\"@type\":\"ReadAction\",\"target\":[\"https:\\\/\\\/cklcomunicaciones.es\\\/coop\\\/noticias-info-ckl-no-2603-14-07-21\\\/\"]}]},{\"@type\":\"ImageObject\",\"inLanguage\":\"es\",\"@id\":\"https:\\\/\\\/cklcomunicaciones.es\\\/coop\\\/noticias-info-ckl-no-2603-14-07-21\\\/#primaryimage\",\"url\":\"https:\\\/\\\/cklcomunicaciones.es\\\/coop\\\/wp-content\\\/uploads\\\/2025\\\/01\\\/CKL-una-mirada-distinta-de-la-comunicacion.jpg\",\"contentUrl\":\"https:\\\/\\\/cklcomunicaciones.es\\\/coop\\\/wp-content\\\/uploads\\\/2025\\\/01\\\/CKL-una-mirada-distinta-de-la-comunicacion.jpg\",\"width\":1482,\"height\":775,\"caption\":\"CKL - una mirada distinta de la comunicacion\"},{\"@type\":\"BreadcrumbList\",\"@id\":\"https:\\\/\\\/cklcomunicaciones.es\\\/coop\\\/noticias-info-ckl-no-2603-14-07-21\\\/#breadcrumb\",\"itemListElement\":[{\"@type\":\"ListItem\",\"position\":1,\"name\":\"Portada\",\"item\":\"https:\\\/\\\/cklcomunicaciones.es\\\/coop\\\/\"},{\"@type\":\"ListItem\",\"position\":2,\"name\":\"Noticias Info CKL n\u00ba 2603-14\\\/07\\\/21\"}]},{\"@type\":\"WebSite\",\"@id\":\"https:\\\/\\\/cklcomunicaciones.es\\\/coop\\\/#website\",\"url\":\"https:\\\/\\\/cklcomunicaciones.es\\\/coop\\\/\",\"name\":\"CKL Comunicaciones\",\"description\":\"Sitio web de CKL Comunicaciones coop , la consultora de comunicaci\u00f3n y estrategia\",\"potentialAction\":[{\"@type\":\"SearchAction\",\"target\":{\"@type\":\"EntryPoint\",\"urlTemplate\":\"https:\\\/\\\/cklcomunicaciones.es\\\/coop\\\/?s={search_term_string}\"},\"query-input\":{\"@type\":\"PropertyValueSpecification\",\"valueRequired\":true,\"valueName\":\"search_term_string\"}}],\"inLanguage\":\"es\"},{\"@type\":\"Person\",\"@id\":\"https:\\\/\\\/cklcomunicaciones.es\\\/coop\\\/#\\\/schema\\\/person\\\/929a6837f7626450bbb50cee1aef266e\",\"name\":\"ckl\",\"image\":{\"@type\":\"ImageObject\",\"inLanguage\":\"es\",\"@id\":\"https:\\\/\\\/secure.gravatar.com\\\/avatar\\\/c82db564e8a669bf6023357a157b9dc4780f4d4c618f2ad1d71a6a5dede45057?s=96&d=mm&r=g\",\"url\":\"https:\\\/\\\/secure.gravatar.com\\\/avatar\\\/c82db564e8a669bf6023357a157b9dc4780f4d4c618f2ad1d71a6a5dede45057?s=96&d=mm&r=g\",\"contentUrl\":\"https:\\\/\\\/secure.gravatar.com\\\/avatar\\\/c82db564e8a669bf6023357a157b9dc4780f4d4c618f2ad1d71a6a5dede45057?s=96&d=mm&r=g\",\"caption\":\"ckl\"},\"url\":\"https:\\\/\\\/cklcomunicaciones.es\\\/coop\\\/author\\\/cklcomunicaciones\\\/\"}]}<\/script>\n<!-- \/ Yoast SEO plugin. -->","yoast_head_json":{"title":"Noticias Info CKL n\u00ba 2603-14\/07\/21-Comunicar con perspectiva de g\u00e9nero","description":"UE lanza Women TechEU * Espa\u00f1a: M\u00e1s del 32% de trabajadoras del hogar viven bajo el umbral de la pobreza * Gunta St\u00f6lzl y las tejedoras de la Bauhaus * La otra cara de la final de la Eurocopa: aumenta violencia dom\u00e9stica","robots":{"index":"index","follow":"follow","max-snippet":"max-snippet:-1","max-image-preview":"max-image-preview:large","max-video-preview":"max-video-preview:-1"},"canonical":"https:\/\/cklcomunicaciones.es\/coop\/noticias-info-ckl-no-2603-14-07-21\/","og_locale":"es_ES","og_type":"article","og_title":"Noticias Info CKL n\u00ba 2603-14\/07\/21-Comunicar con perspectiva de g\u00e9nero","og_description":"UE lanza Women TechEU * Espa\u00f1a: M\u00e1s del 32% de trabajadoras del hogar viven bajo el umbral de la pobreza * Gunta St\u00f6lzl y las tejedoras de la Bauhaus * La otra cara de la final de la Eurocopa: aumenta violencia dom\u00e9stica","og_url":"https:\/\/cklcomunicaciones.es\/coop\/noticias-info-ckl-no-2603-14-07-21\/","og_site_name":"CKL Comunicaciones","article_published_time":"2021-07-14T11:24:57+00:00","article_modified_time":"2025-02-10T00:31:09+00:00","og_image":[{"width":1482,"height":775,"url":"https:\/\/cklcomunicaciones.es\/coop\/wp-content\/uploads\/2025\/01\/CKL-una-mirada-distinta-de-la-comunicacion.jpg","type":"image\/jpeg"}],"author":"ckl","twitter_card":"summary_large_image","twitter_misc":{"Escrito por":"ckl","Tiempo de lectura":"5 minutos"},"schema":{"@context":"https:\/\/schema.org","@graph":[{"@type":"Article","@id":"https:\/\/cklcomunicaciones.es\/coop\/noticias-info-ckl-no-2603-14-07-21\/#article","isPartOf":{"@id":"https:\/\/cklcomunicaciones.es\/coop\/noticias-info-ckl-no-2603-14-07-21\/"},"author":{"name":"ckl","@id":"https:\/\/cklcomunicaciones.es\/coop\/#\/schema\/person\/929a6837f7626450bbb50cee1aef266e"},"headline":"Noticias Info CKL n\u00ba 2603-14\/07\/21","datePublished":"2021-07-14T11:24:57+00:00","dateModified":"2025-02-10T00:31:09+00:00","mainEntityOfPage":{"@id":"https:\/\/cklcomunicaciones.es\/coop\/noticias-info-ckl-no-2603-14-07-21\/"},"wordCount":1167,"image":{"@id":"https:\/\/cklcomunicaciones.es\/coop\/noticias-info-ckl-no-2603-14-07-21\/#primaryimage"},"thumbnailUrl":"https:\/\/cklcomunicaciones.es\/coop\/wp-content\/uploads\/2025\/01\/CKL-una-mirada-distinta-de-la-comunicacion.jpg","keywords":["comunicaci\u00f3n inclusiva"],"articleSection":["Newsletter","Nwl v3.0"],"inLanguage":"es"},{"@type":"WebPage","@id":"https:\/\/cklcomunicaciones.es\/coop\/noticias-info-ckl-no-2603-14-07-21\/","url":"https:\/\/cklcomunicaciones.es\/coop\/noticias-info-ckl-no-2603-14-07-21\/","name":"Noticias Info CKL n\u00ba 2603-14\/07\/21-Comunicar con perspectiva de g\u00e9nero","isPartOf":{"@id":"https:\/\/cklcomunicaciones.es\/coop\/#website"},"primaryImageOfPage":{"@id":"https:\/\/cklcomunicaciones.es\/coop\/noticias-info-ckl-no-2603-14-07-21\/#primaryimage"},"image":{"@id":"https:\/\/cklcomunicaciones.es\/coop\/noticias-info-ckl-no-2603-14-07-21\/#primaryimage"},"thumbnailUrl":"https:\/\/cklcomunicaciones.es\/coop\/wp-content\/uploads\/2025\/01\/CKL-una-mirada-distinta-de-la-comunicacion.jpg","datePublished":"2021-07-14T11:24:57+00:00","dateModified":"2025-02-10T00:31:09+00:00","author":{"@id":"https:\/\/cklcomunicaciones.es\/coop\/#\/schema\/person\/929a6837f7626450bbb50cee1aef266e"},"description":"UE lanza Women TechEU * Espa\u00f1a: M\u00e1s del 32% de trabajadoras del hogar viven bajo el umbral de la pobreza * Gunta St\u00f6lzl y las tejedoras de la Bauhaus * La otra cara de la final de la Eurocopa: aumenta violencia dom\u00e9stica","breadcrumb":{"@id":"https:\/\/cklcomunicaciones.es\/coop\/noticias-info-ckl-no-2603-14-07-21\/#breadcrumb"},"inLanguage":"es","potentialAction":[{"@type":"ReadAction","target":["https:\/\/cklcomunicaciones.es\/coop\/noticias-info-ckl-no-2603-14-07-21\/"]}]},{"@type":"ImageObject","inLanguage":"es","@id":"https:\/\/cklcomunicaciones.es\/coop\/noticias-info-ckl-no-2603-14-07-21\/#primaryimage","url":"https:\/\/cklcomunicaciones.es\/coop\/wp-content\/uploads\/2025\/01\/CKL-una-mirada-distinta-de-la-comunicacion.jpg","contentUrl":"https:\/\/cklcomunicaciones.es\/coop\/wp-content\/uploads\/2025\/01\/CKL-una-mirada-distinta-de-la-comunicacion.jpg","width":1482,"height":775,"caption":"CKL - una mirada distinta de la comunicacion"},{"@type":"BreadcrumbList","@id":"https:\/\/cklcomunicaciones.es\/coop\/noticias-info-ckl-no-2603-14-07-21\/#breadcrumb","itemListElement":[{"@type":"ListItem","position":1,"name":"Portada","item":"https:\/\/cklcomunicaciones.es\/coop\/"},{"@type":"ListItem","position":2,"name":"Noticias Info CKL n\u00ba 2603-14\/07\/21"}]},{"@type":"WebSite","@id":"https:\/\/cklcomunicaciones.es\/coop\/#website","url":"https:\/\/cklcomunicaciones.es\/coop\/","name":"CKL Comunicaciones","description":"Sitio web de CKL Comunicaciones coop , la consultora de comunicaci\u00f3n y estrategia","potentialAction":[{"@type":"SearchAction","target":{"@type":"EntryPoint","urlTemplate":"https:\/\/cklcomunicaciones.es\/coop\/?s={search_term_string}"},"query-input":{"@type":"PropertyValueSpecification","valueRequired":true,"valueName":"search_term_string"}}],"inLanguage":"es"},{"@type":"Person","@id":"https:\/\/cklcomunicaciones.es\/coop\/#\/schema\/person\/929a6837f7626450bbb50cee1aef266e","name":"ckl","image":{"@type":"ImageObject","inLanguage":"es","@id":"https:\/\/secure.gravatar.com\/avatar\/c82db564e8a669bf6023357a157b9dc4780f4d4c618f2ad1d71a6a5dede45057?s=96&d=mm&r=g","url":"https:\/\/secure.gravatar.com\/avatar\/c82db564e8a669bf6023357a157b9dc4780f4d4c618f2ad1d71a6a5dede45057?s=96&d=mm&r=g","contentUrl":"https:\/\/secure.gravatar.com\/avatar\/c82db564e8a669bf6023357a157b9dc4780f4d4c618f2ad1d71a6a5dede45057?s=96&d=mm&r=g","caption":"ckl"},"url":"https:\/\/cklcomunicaciones.es\/coop\/author\/cklcomunicaciones\/"}]}},"_links":{"self":[{"href":"https:\/\/cklcomunicaciones.es\/coop\/wp-json\/wp\/v2\/posts\/15503","targetHints":{"allow":["GET"]}}],"collection":[{"href":"https:\/\/cklcomunicaciones.es\/coop\/wp-json\/wp\/v2\/posts"}],"about":[{"href":"https:\/\/cklcomunicaciones.es\/coop\/wp-json\/wp\/v2\/types\/post"}],"author":[{"embeddable":true,"href":"https:\/\/cklcomunicaciones.es\/coop\/wp-json\/wp\/v2\/users\/3"}],"replies":[{"embeddable":true,"href":"https:\/\/cklcomunicaciones.es\/coop\/wp-json\/wp\/v2\/comments?post=15503"}],"version-history":[{"count":0,"href":"https:\/\/cklcomunicaciones.es\/coop\/wp-json\/wp\/v2\/posts\/15503\/revisions"}],"wp:featuredmedia":[{"embeddable":true,"href":"https:\/\/cklcomunicaciones.es\/coop\/wp-json\/wp\/v2\/media\/22909"}],"wp:attachment":[{"href":"https:\/\/cklcomunicaciones.es\/coop\/wp-json\/wp\/v2\/media?parent=15503"}],"wp:term":[{"taxonomy":"category","embeddable":true,"href":"https:\/\/cklcomunicaciones.es\/coop\/wp-json\/wp\/v2\/categories?post=15503"},{"taxonomy":"post_tag","embeddable":true,"href":"https:\/\/cklcomunicaciones.es\/coop\/wp-json\/wp\/v2\/tags?post=15503"}],"curies":[{"name":"wp","href":"https:\/\/api.w.org\/{rel}","templated":true}]}}