{"id":15500,"date":"2021-07-12T12:41:38","date_gmt":"2021-07-12T10:41:38","guid":{"rendered":"https:\/\/www.cklcomunicaciones.es\/?p=15500"},"modified":"2025-02-10T01:38:24","modified_gmt":"2025-02-10T00:38:24","slug":"noticias-info-ckl-no-2602-12-07-21","status":"publish","type":"post","link":"https:\/\/cklcomunicaciones.es\/coop\/noticias-info-ckl-no-2602-12-07-21\/","title":{"rendered":"Noticias Info CKL n\u00ba 2602-12\/07\/21"},"content":{"rendered":"<div class=\"fusion-fullwidth fullwidth-box fusion-builder-row-1 fusion-flex-container nonhundred-percent-fullwidth non-hundred-percent-height-scrolling\" style=\"--awb-border-radius-top-left:0px;--awb-border-radius-top-right:0px;--awb-border-radius-bottom-right:0px;--awb-border-radius-bottom-left:0px;--awb-flex-wrap:wrap;\" ><div class=\"fusion-builder-row fusion-row fusion-flex-align-items-flex-start fusion-flex-content-wrap\" style=\"max-width:1248px;margin-left: calc(-4% \/ 2 );margin-right: calc(-4% \/ 2 );\"><div class=\"fusion-layout-column fusion_builder_column fusion-builder-column-0 fusion_builder_column_1_1 1_1 fusion-flex-column\" style=\"--awb-bg-blend:overlay;--awb-bg-size:cover;--awb-width-large:100%;--awb-margin-top-large:0px;--awb-spacing-right-large:1.92%;--awb-margin-bottom-large:0px;--awb-spacing-left-large:1.92%;--awb-width-medium:100%;--awb-spacing-right-medium:1.92%;--awb-spacing-left-medium:1.92%;--awb-width-small:100%;--awb-spacing-right-small:1.92%;--awb-spacing-left-small:1.92%;\"><div class=\"fusion-column-wrapper fusion-flex-justify-content-flex-start fusion-content-layout-column\"><div class=\"fusion-text fusion-text-1\"><h1>Convocatorias<\/h1>\n<div id=\"\" class=\"lsow-panel lsow-active\">\n<div class=\"lsow-panel-content\">\n<ul>\n<li><a href=\"https:\/\/celama.uca.es\/71_cursosverano\/A12\/\">Curso &#8216;Violencia machista en espacios de ocio y tiempo libre&#8217;<\/a>. Universidad de C\u00e1diz. Del 15, 16 y 17 de julio. Inscripciones hasta el 15 de julio<\/li>\n<\/ul>\n<\/div>\n<\/div>\n<div id=\"\" class=\"lsow-panel lsow-active\">\n<h1 class=\"lsow-panel-title\">Comunicaci\u00f3n, Publicidad y TICs<\/h1>\n<div class=\"lsow-panel-content\">\n<p><u><a href=\"https:\/\/www.lavanguardia.com\/deportes\/olimpiadas\/20210711\/7590238\/paloma-rio-barcelona-92-hubo-mas-mujeres-espanolas-todos-juegos.html\">Paloma del R\u00edo: \u00abSolo en Barcelona &#8217;92 hubo m\u00e1s mujeres espa\u00f1olas que en todos los Juegos\u00bb<\/a><\/u>\u00a0\u2013lavanguardia<\/p>\n<p><u><a href=\"https:\/\/andaluciainformacion.es\/arcos\/984626\/los-ministros-prometen-sus-cargos-y-diaz-recurre-a-la-formula-consejo-de-ministras\/\">Los ministros prometen sus cargos y D\u00edaz recurre a la f\u00f3rmula \u00abConsejo de Ministras\u00bb<\/a>&#8211;<\/u>andaluciainformacion<\/p>\n<p><a href=\"https:\/\/www.diaadia.com.pa\/deportes\/en-alemania-piden-los-medios-dar-mayor-cobertura-para-las-deportistas-mujeres-en-estos\">En Alemania piden a los medios dar mayor cobertura para las deportistas mujeres en estos Juegos<\/a>-diaadia<a href=\"https:\/\/www.google.com\/url?rct=j&amp;sa=t&amp;url=https:\/\/www.ciospain.es\/liderazgo\/5-consejos-para-crear-una-cultura-de-ti-en-la-que-las-mujeres-prosperen&amp;ct=ga&amp;cd=CAEYACoSMjExMTI2OTQwMDk2NzQ1MjgxMhljMDM3MmViYzJmZWFkYTU5OmVzOmVzOkVT&amp;usg=AFQjCNE-FVa8LFwjCp9vvUXDtPG2gNbT3w\"><br \/>\n5 consejos para crear una cultura de TI en la que las\u00a0mujeres\u00a0prosperen<\/a>&#8211;\u00a0CIO Espa\u00f1a<\/p>\n<p><u><a href=\"https:\/\/www.google.com\/url?rct=j&amp;sa=t&amp;url=https:\/\/murciaeconomia.com\/art\/80768\/cartagena-sera-la-capital-europea-de-la-inteligencia-artificial-los-dias-23-y-24-de-julio&amp;ct=ga&amp;cd=CAEYCSoTNzY4Nzg0NzgwMjUxMzQxNjIzNTIZYzAzNzJlYmMyZmVhZGE1OTplczplczpFUw&amp;usg=AFQjCNHZt4fcEoWrk1KJE_svNuUkk5WJog\">Cartagena ser\u00e1 la capital europea de la inteligencia artificial los d\u00edas 23 y 24 de julio<\/a><\/u>&#8211;\u00a0MurciaEconom\u00eda.com<\/p>\n<\/div>\n<\/div>\n<div id=\"\" class=\"lsow-panel lsow-active\">\n<h1 class=\"lsow-panel-title\">Andaluc\u00eda<\/h1>\n<div class=\"lsow-panel-content\">\n<p><u><a href=\"https:\/\/www.lavanguardia.com\/deportes\/olimpiadas\/20210711\/7590238\/paloma-rio-barcelona-92-hubo-mas-mujeres-espanolas-todos-juegos.html\">Paloma del R\u00edo: \u00abSolo en Barcelona &#8217;92 hubo m\u00e1s mujeres espa\u00f1olas que en todos los Juegos\u00bb<\/a><\/u>\u00a0\u2013lavanguardia<\/p>\n<p><u><a href=\"https:\/\/andaluciainformacion.es\/arcos\/984626\/los-ministros-prometen-sus-cargos-y-diaz-recurre-a-la-formula-consejo-de-ministras\/\">Los ministros prometen sus cargos y D\u00edaz recurre a la f\u00f3rmula \u00abConsejo de Ministras\u00bb<\/a>&#8211;<\/u>andaluciainformacion<\/p>\n<p><a href=\"https:\/\/www.diaadia.com.pa\/deportes\/en-alemania-piden-los-medios-dar-mayor-cobertura-para-las-deportistas-mujeres-en-estos\">En Alemania piden a los medios dar mayor cobertura para las deportistas mujeres en estos Juegos<\/a>-diaadia<a href=\"https:\/\/www.google.com\/url?rct=j&amp;sa=t&amp;url=https:\/\/www.ciospain.es\/liderazgo\/5-consejos-para-crear-una-cultura-de-ti-en-la-que-las-mujeres-prosperen&amp;ct=ga&amp;cd=CAEYACoSMjExMTI2OTQwMDk2NzQ1MjgxMhljMDM3MmViYzJmZWFkYTU5OmVzOmVzOkVT&amp;usg=AFQjCNE-FVa8LFwjCp9vvUXDtPG2gNbT3w\"><br \/>\n5 consejos para crear una cultura de TI en la que las\u00a0mujeres\u00a0prosperen<\/a>&#8211;\u00a0CIO Espa\u00f1a<\/p>\n<p><u><a href=\"https:\/\/www.google.com\/url?rct=j&amp;sa=t&amp;url=https:\/\/murciaeconomia.com\/art\/80768\/cartagena-sera-la-capital-europea-de-la-inteligencia-artificial-los-dias-23-y-24-de-julio&amp;ct=ga&amp;cd=CAEYCSoTNzY4Nzg0NzgwMjUxMzQxNjIzNTIZYzAzNzJlYmMyZmVhZGE1OTplczplczpFUw&amp;usg=AFQjCNHZt4fcEoWrk1KJE_svNuUkk5WJog\">Cartagena ser\u00e1 la capital europea de la inteligencia artificial los d\u00edas 23 y 24 de julio<\/a><\/u>&#8211;\u00a0MurciaEconom\u00eda.com<\/p>\n<\/div>\n<\/div>\n<div id=\"\" class=\"lsow-panel lsow-active\">\n<h1 class=\"lsow-panel-title\">Estado<\/h1>\n<div class=\"lsow-panel-content\">\n<p><strong>Institucional<\/strong><\/p>\n<p><u><a href=\"https:\/\/www.google.com\/url?rct=j&amp;sa=t&amp;url=https:\/\/elpais.com\/espana\/2021-07-11\/mas-ministras-que-nunca-en-el-gobierno-con-mas-mujeres-de-europa.html&amp;ct=ga&amp;cd=CAEYASoTNzc4Mzk3NzAyNDAzNTI5NzE1ODIZYzAzNzJlYmMyZmVhZGE1OTplczplczpFUw&amp;usg=AFQjCNGtqbDFa6wHq4V7A8cI6KlozO8JuA\">M\u00e1s ministras que nunca en el Gobierno con m\u00e1s\u00a0mujeres\u00a0de Europa<\/a><\/u>&#8211; El Pa\u00eds<a href=\"https:\/\/www.google.com\/url?rct=j&amp;sa=t&amp;url=https:\/\/www.publico.es\/sociedad\/igualdad\/vientres-alquiler-vientres-alquiler-publicidad-atentan-derechos-mujer.html&amp;ct=ga&amp;cd=CAEYACoTNDAyNDYwOTIyMzkzMjA4MjI0ODIZYzAzNzJlYmMyZmVhZGE1OTplczplczpFUw&amp;usg=AFQjCNG2HsaqjjnMyLdk9EWk19aBn3pQ2w\"><br \/>\nEl Gobierno prepara un proyecto para legislar en contra de las empresas de vientres de alquiler y &#8230;<\/a>&#8211;\u00a0P\u00fablico<\/p>\n<p><u><a href=\"https:\/\/www.magisnet.com\/2021\/07\/igualdad-quiere-blindar-la-educacion-sexual-en-la-reforma-de-la-ley-del-aborto\/\">Igualdad quiere \u00abblindar\u00bb la Educaci\u00f3n sexual en la reforma de la ley del aborto<\/a><\/u>-magisnet<strong>\u00a0<\/strong><\/p>\n<p><strong>Institucional-CCAA<\/strong><\/p>\n<p><u><a href=\"https:\/\/www.google.com\/url?rct=j&amp;sa=t&amp;url=https:\/\/www.eldiario.es\/catalunya\/tania-verge-ley-trans-no-representa-tipo-peligro-derechos-mujeres_1_8117156.html&amp;ct=ga&amp;cd=CAEYACoTNDE1NTIzNDczOTc3MjU3MDgyMjIZYzAzNzJlYmMyZmVhZGE1OTplczplczpFUw&amp;usg=AFQjCNHa1HaSwpOV3l2dezeqO3HJEN4R_A\">T\u00e0nia Verge, Consejera de Igualdad y Feminismos de Catalu\u00f1a: \u00abLa ley trans no representa ning\u00fan tipo de peligro para los derechos de las\u00a0mujeres\u00bb<\/a><\/u>&#8211;\u00a0<a href=\"http:\/\/eldiario.es\/\">eldiario.es<\/a><a href=\"https:\/\/www.google.com\/url?rct=j&amp;sa=t&amp;url=https:\/\/www.lne.es\/economia\/2021\/07\/10\/maria-calvo-unica-candidata-presidencia-54871321.html&amp;ct=ga&amp;cd=CAEYACoUMTYwNDIyMjk0NzIwNTM2Nzc2NTUyGWMwMzcyZWJjMmZlYWRhNTk6ZXM6ZXM6RVM&amp;usg=AFQjCNGW1slpHIbUWVAe6cSgSVWFBF7QNg\"><br \/>\nMar\u00eda Calvo, \u00fanica candidata a la presidencia de la patronal Federaci\u00f3n Asturiana de Empresarios \u2026<\/a>-La Nueva Espa\u00f1a<a href=\"https:\/\/www.google.com\/url?rct=j&amp;sa=t&amp;url=https:\/\/rtvc.es\/formacion-a-farmaceuticos-en-atencion-a-victimas-violencia-de-genero\/&amp;ct=ga&amp;cd=CAEYAioTMzUwMDE3NTczNTk2NzU2NjEyOTIZYzAzNzJlYmMyZmVhZGE1OTplczplczpFUw&amp;usg=AFQjCNEAWporCoK6yljSWVP9v1c-XHq_0g\"><br \/>\nCanarias formar\u00e1 a personal de farmacias en atenci\u00f3n a v\u00edctimas de violencia<\/a>&#8211;\u00a0Rtvc.es<\/p>\n<p><u><a href=\"https:\/\/www.eldiario.es\/castilla-la-mancha\/castilla-mancha-navarra-iran-mano-idea-pretension-cultura-une-pueblos_1_8124834.html\">Castilla-La Mancha y Navarra ir\u00e1n de la mano \u201ccon la idea y la pretensi\u00f3n de que la cultura une a los pueblos\u201d<\/a><\/u>-eldiairo<\/p>\n<p><a href=\"https:\/\/navarra.elespanol.com\/articulo\/politica\/maria-chivite-navarra-pandemia-cultura-coronavirus\/20210711104526372179.html\">Chivite, Presidenta de Navarra, asegura que tras la pandemia habr\u00e1 \u00abun tiempo floreciente y lleno de actividad\u00bb<\/a>-navarra<strong>\u00a0<\/strong><\/p>\n<p><strong>Econom\u00eda y Empresas<\/strong><\/p>\n<p><u><a href=\"https:\/\/www.compromisorse.com\/rse\/2021\/07\/12\/paypal-invertira-mas-de-100-millones-de-dolares-para-promover-la-inclusion-financiera-\/\">Empoderamiento econ\u00f3mico de mujeres y ni\u00f1as<\/a><\/u>-compromisorse<a href=\"https:\/\/www.google.com\/url?rct=j&amp;sa=t&amp;url=https:\/\/www.65ymas.com\/economia\/pensiones\/reforma-escriva-equipara-fin-servicio-social-femenino-mili-calcular-pension_29557_102.html&amp;ct=ga&amp;cd=CAEYASoUMTI5Nzg0MTAyNzE5MjIzODExNTgyGWMwMzcyZWJjMmZlYWRhNTk6ZXM6ZXM6RVM&amp;usg=AFQjCNHU05HuTObTp-h88rkcMLcP-OjIxA\"><br \/>\nLa reforma de Escriv\u00e1 equipara al fin el Servicio Social femenino a la mili para calcular la pensi\u00f3n<\/a>&#8211;\u00a065ymas.com<a href=\"https:\/\/www.google.com\/url?rct=j&amp;sa=t&amp;url=https:\/\/www.elboletin.com\/que-espanoles-tienen-los-salarios-mas-altos-y-mas-bajos\/&amp;ct=ga&amp;cd=CAEYAioTMjI0NTIyOTU4NjQ1MjkyNzYwNTIZYzAzNzJlYmMyZmVhZGE1OTplczplczpFUw&amp;usg=AFQjCNFq0cb219KbvcoWdZDNfYZeQ--Rzw\"><br \/>\n\u00bfQu\u00e9 espa\u00f1oles tienen los salarios m\u00e1s altos y m\u00e1s bajos?<\/a>&#8211; El Boletin<strong>\u00a0<\/strong><\/p>\n<p><strong>Actualidad<\/strong><\/p>\n<p><u><a href=\"https:\/\/www.abc.es\/espana\/abci-municipalismo-mujeres-y-juventud-202107110023_noticia.html\">Municipalismo, mujeres y juventud<\/a>&#8211;<\/u>abc<\/p>\n<p><u><a href=\"https:\/\/www.eldiario.es\/sociedad\/mujeres-tareas-domesticas-agradables-hombres-no-limpian-bano_128_8117794.html\">\u00abLas mujeres est\u00e1n en las tareas dom\u00e9sticas menos agradables de hacer, los hombres no limpian el<\/a><\/u><u><a href=\"https:\/\/www.eldiario.es\/sociedad\/mujeres-tareas-domesticas-agradables-hombres-no-limpian-bano_128_8117794.html\">\u00a0b<\/a><\/u><u><a href=\"https:\/\/www.eldiario.es\/sociedad\/mujeres-tareas-domesticas-agradables-hombres-no-limpian-bano_128_8117794.html\">a\u00f1o\u00bb<\/a><\/u>-eldiario<\/p>\n<p><u><a href=\"https:\/\/www.google.com\/url?rct=j&amp;sa=t&amp;url=https:\/\/www.elsaltodiario.com\/coronavirus\/mujeres-covid-persistente-olvidadas&amp;ct=ga&amp;cd=CAEYACoUMTYyNDg1Mjg1NTI3MzUyMjk5OTcyGWMwMzcyZWJjMmZlYWRhNTk6ZXM6ZXM6RVM&amp;usg=AFQjCNH0wbCs9sqioGmCvSuDiSp4to7o_g\">Mujeres\u00a0y covid persistente: Las olvidadas de la pandemia<\/a><\/u>&#8211;\u00a0El Salto<\/p>\n<p><u><a href=\"https:\/\/www.diariodeleon.es\/articulo\/leon\/papel-mujer-ejercito-ule-subdelegacion-defensa\/202107120133532129551.html\">El papel de la mujer en el Ej\u00e9rcito, con la ULE y la Subdelegaci\u00f3n de Defensa<\/a><\/u>-diariodeleon<\/p>\n<p><u><a href=\"https:\/\/www.heraldo.es\/noticias\/nacional\/2021\/07\/12\/un-estudio-revela-que-casi-39-millones-de-espanoles-reciclan-1505780.html\">Un estudio revela que casi 39 millones de espa\u00f1oles reciclan<\/a><\/u>-heraldo<strong>\u00a0<\/strong><\/p>\n<p><strong>Violencias<\/strong><a href=\"https:\/\/www.google.com\/url?rct=j&amp;sa=t&amp;url=https:\/\/www.eleconomista.com.mx\/politica\/Violencia-de-genero-en-el-mundo-digital-entre-influencers-redes-sociales-y-leyes-20210711-0003.html&amp;ct=ga&amp;cd=CAEYACoUMTAyOTg0MTA3NzE1MzAyNDI1OTEyGWUxZTc3ZDE1NjA5OGE4ZTM6ZXM6ZXM6RVM&amp;usg=AFQjCNGgbOFegv_YuN0JrQVLxgfToTSmiw\"><strong><br \/>\n<\/strong>Violencia de g\u00e9nero\u00a0en el mundo digital: entre influencers, redes sociales y leyes<\/a>&#8211;\u00a0El Economista<u><a href=\"https:\/\/www.google.com\/url?rct=j&amp;sa=t&amp;url=https:\/\/nuevatribuna.publico.es\/articulo\/sociedad\/manadas-jaurias\/20210711104532189345.html&amp;ct=ga&amp;cd=CAEYACoUMTIwMDIzMTExNTA4ODgxOTkyMDQyGWUyZGVmYTdkNWRhOTE1N2Q6ZXM6ZXM6RVM&amp;usg=AFQjCNFwi5yMvFR_nF-AmC7iHttd6x0c-w\"><br \/>\nDe manadas y jaur\u00edas<\/a><\/u>&#8211;\u00a0P\u00fablico<\/p>\n<p><u><a href=\"https:\/\/es.noticias.yahoo.com\/55-espa%C3%B1oles-cree-espa%C3%B1a-sufre-083553321.html\">Un 55% de los espa\u00f1oles cree que Espa\u00f1a sufre una escalada de agresiones lgtbif\u00f3bicas<\/a><\/u>-yahoo<\/p>\n<p><u><a href=\"https:\/\/www.lavanguardia.com\/vida\/20210711\/7592751\/violencia-economica-genero-abuso-sutil-dificil-encaje-juridico.html\">La violencia econ\u00f3mica de g\u00e9nero,un abuso \u00absutil\u00bb con dif\u00edcil encaje jur\u00eddico<\/a><\/u>-lavanguardia<strong>\u00a0<\/strong><\/p>\n<p><strong>Ciencia y Cultura<\/strong><\/p>\n<p><u><a href=\"https:\/\/www.informacion.es\/ideas\/ciencia-salud-mujer\/index.html\">La ciencia salva vidas, nos proporciona un futuro<\/a>\u00a0<\/u>-informaci\u00f3n<u><a href=\"https:\/\/www.google.com\/url?rct=j&amp;sa=t&amp;url=https:\/\/www.swissinfo.ch\/spa\/exposici%25C3%25B3n-arte--correcci%25C3%25B3n-_abierta-la--iberoamericana-de-toro---un-collage-de-artes-visuales-en-femenino\/46774746&amp;ct=ga&amp;cd=CAEYACoTMTQ2MzI1NDA4NTgwOTQ2ODg2MDIZYzAzNzJlYmMyZmVhZGE1OTplczplczpFUw&amp;usg=AFQjCNGc291pK7Gu7I6L616VG84pmATO4Q\"><br \/>\nAbierta la \u00abIberoamericana de Toro\u00bb, un collage de artes visuales en femenino<\/a><\/u>&#8211;\u00a0<a href=\"http:\/\/swissinfo.ch\/\">swissinfo.ch<\/a><\/p>\n<p><u><a href=\"https:\/\/www.google.com\/url?rct=j&amp;sa=t&amp;url=https:\/\/www.encastillalamancha.es\/cultura-cat\/pornoxplotacion-mabel-lozano-desenmascara-el-negocio-de-la-pornografia\/&amp;ct=ga&amp;cd=CAEYACoUMTc4NDQ4MTMyMDczMzkxOTc4NDIyGWMwMzcyZWJjMmZlYWRhNTk6ZXM6ZXM6RVM&amp;usg=AFQjCNG2oMCst4ffwzAN_gLoHYuBIuHtJg\">\u201cPornoXplotaci\u00f3n\u201d, Mabel Lozano desenmascara el negocio de la pornograf\u00eda<\/a><\/u>&#8211;\u00a0Encastillalamancha<\/p>\n<p><u><a href=\"https:\/\/www.eldiario.es\/cultura\/musica\/joana-serrat-entrevista-folk-americano_1_8117421.html\">Joana Serrat: \u00abLa paridad en festivales tiene que hacerse porque no todos salimos de la misma casilla de salida\u00bb<\/a><\/u>-eldiario<\/p>\n<p><u><a href=\"https:\/\/www.woman.es\/lifestyle\/ocio\/miren-ibarguren-jovenes-dando-leccion-defender-mujer\">Miren Ibarguren, actriz: \u00abLas j\u00f3venes nos est\u00e1n dando una gran lecci\u00f3n de c\u00f3mo defender a la mujer\u00bb<\/a><\/u>-woman<\/p>\n<p><u><a href=\"https:\/\/www.elespanol.com\/cultura\/20210712\/elvira-lindo-puede-manolito-feminista-meteria-rato\/594691102_0.html\">Elvira Lindo: \u00abPuede que Manolito fuera hoy feminista, pero meter\u00eda todo el rato la pata\u00bb<\/a><\/u>-elespanol<strong>\u00a0<\/strong><\/p>\n<p><strong>Deporte<\/strong><\/p>\n<p><u><a href=\"https:\/\/www.google.com\/url?rct=j&amp;sa=t&amp;url=https:\/\/www.mujerhoy.com\/actualidad\/teresa-perales-entrevista-premio-princesa-asturias-deportes-nadadora-espanola-medallas-paralimpicas-20210711140628-nt.html&amp;ct=ga&amp;cd=CAEYAyoUMTI5Nzg0MTAyNzE5MjIzODExNTgyGWMwMzcyZWJjMmZlYWRhNTk6ZXM6ZXM6RVM&amp;usg=AFQjCNGhlGBz59TADwY2hZ9aTWGoesnfAA\">Teresa Perales, Premio Princesa de Asturias de los Deportes 2021 &#8230;<\/a><\/u>&#8211;\u00a0Mujerhoy.com<\/p>\n<p><u><a href=\"https:\/\/elpais.com\/deportes\/2021-07-11\/historico-titulo-de-ane-mintegi.html\">Hist\u00f3rico t\u00edtulo de Ane Mintegi<\/a>&#8211;<\/u>\u00a0El Pa\u00eds<\/p>\n<p><u><a href=\"https:\/\/www.superdeporte.es\/futbol\/2021\/07\/10\/oficial-castellon-tendra-equipo-futbol-54888439.html\">Oficial: El Castell\u00f3n tendr\u00e1 equipo de f\u00fatbol femenino<\/a><\/u>-superdeporte<\/p>\n<p><u><a href=\"https:\/\/www.huffingtonpost.es\/entry\/mas-que-olimpicas-diez-mujeres-que-cambiaron-el-deporte-que-hoy-conocemos_es_60cc63a8e4b0dd017426087a\">Diez mujeres que cambiaron el deporte que hoy conocemos<\/a><\/u>&#8211; Huffington Post<\/p>\n<p><u><a href=\"https:\/\/www.cope.es\/deportes\/juegos-olimpicos\/noticias\/183-hombres-131-mujeres-deportistas-representaran-espana-los-juegos-olimpicos-pekin-20210630_1374290\">183 hombres y 131 mujeres deportistas representar\u00e1n a Espa\u00f1a en los Juegos Ol\u00edmpicos de Pek\u00edn<\/a><\/u>-cope<\/p>\n<\/div>\n<\/div>\n<div id=\"\" class=\"lsow-panel lsow-active\">\n<h1 class=\"lsow-panel-title\">Internacional<\/h1>\n<div class=\"lsow-panel-content\">\n<p><u><a href=\"https:\/\/www.google.com\/url?rct=j&amp;sa=t&amp;url=https:\/\/www.eltiempo.com\/contenido-comercial\/las-mujeres-dicen-presente-en-las-estrategias-climaticas-del-pais-599429&amp;ct=ga&amp;cd=CAEYACoUMTAxNjA2NzQ3MzcyODQwMjM0MTUyGTU5ZDc4MTcxMzZhMmQwMjg6ZXM6ZXM6RVM&amp;usg=AFQjCNF5TJw4cohYGloaQEVZDJgWtylGww\">Las mujeres dicen \u201cpresente\u201d en las estrategias clim\u00e1ticas del pa\u00eds<\/a><\/u>&#8211;\u00a0ElTiempo.com<\/p>\n<p><u><a href=\"https:\/\/elpais.com\/economia\/2021-07-10\/si-deseamos-una-ue-unida-y-solidaria-debemos-evitar-una-competicion-fiscal-injusta-entre-paises.html\">Irene Tinagli: \u201cSi deseamos una UE unida y solidaria debemos evitar una competici\u00f3n fiscal injusta entre pa\u00edses\u201d<\/a><\/u>-El Pa\u00eds<u><a href=\"https:\/\/www.google.com\/url?rct=j&amp;sa=t&amp;url=https:\/\/www.rtve.es\/noticias\/20210709\/union-europea-pierde-poblacion-primera-vez-desde-2011\/2125441.shtml&amp;ct=ga&amp;cd=CAEYASoUMTMzMDc0OTM1MDk5NzA5MTIxNTMyGWMwMzcyZWJjMmZlYWRhNTk6ZXM6ZXM6RVM&amp;usg=AFQjCNFcBOfNbkB_62USuOIYv1Rbht8YLQ\"><br \/>\nLa Uni\u00f3n Europea pierde poblaci\u00f3n por primera vez desde 2011<\/a><\/u>&#8211;\u00a0Rtve<\/p>\n<p><u><a href=\"https:\/\/www.google.com\/url?rct=j&amp;sa=t&amp;url=https:\/\/economis.com.ar\/el-56-de-los-proyectos-de-de-investigacion-de-la-unam-son-liderados-por-mujeres\/&amp;ct=ga&amp;cd=CAEYAyoTNDk1MTU2MTE1NjgyMDkwOTU3MjIZYzAzNzJlYmMyZmVhZGE1OTplczplczpFUw&amp;usg=AFQjCNHWkCSNHNkxu-iiF1yrMpNNaXWFoQ\">El 56% de los proyectos de de Investigaci\u00f3n de la UNaM son liderados por\u00a0mujeres<\/a><\/u>&#8211;\u00a0<a href=\"http:\/\/economis.com.ar\/\">economis.com.ar<\/a><\/p>\n<p><u><a href=\"https:\/\/www.google.com\/url?rct=j&amp;sa=t&amp;url=https:\/\/dca.gob.gt\/noticias-guatemala-diario-centro-america\/sara-curruchich-obtiene-el-galardon-mtv-transforma-miaw-2021\/&amp;ct=ga&amp;cd=CAEYASoTNzU2NTQ0NzU4MTM0ODMwODI4NzIZNTlkNzgxNzEzNmEyZDAyODplczplczpFUw&amp;usg=AFQjCNE58kf40GgJKQDcX5HxroB42OtACA\">Sara Curruchich obtiene el galard\u00f3n MTV transforma MIAW 2021<\/a>&#8211;\u00a0<\/u><a href=\"http:\/\/dca.gob.gt\/\">dca.gob.gt<\/a><\/p>\n<p><u><a href=\"https:\/\/www.elperiodico.com\/es\/cuaderno\/20210711\/ana-mariscal-cineasta-borrada-transicion-11896125\">El Festival de Cannes proyectar\u00e1 una copia restaurada de &#8216;El camino&#8217;, dirigida por Ana Mariscal, pionera de la cinematograf\u00eda espa\u00f1ola<\/a>\u00a0&#8211;<\/u>el peri\u00f3dico<u><a href=\"https:\/\/www.google.com\/url?rct=j&amp;sa=t&amp;url=https:\/\/andina.pe\/agencia\/noticia-bicentenaria-nos-revela-autorretrato-femenino-del-peru-a-200-anos-de-independencia-852642.aspx&amp;ct=ga&amp;cd=CAEYAyoSNzI0MDE4MzI2MzQwMzgyNDczMhljMDM3MmViYzJmZWFkYTU5OmVzOmVzOkVT&amp;usg=AFQjCNG10hdeGcvheXL9vHOUHBkQv12NVw\"><br \/>\n\u00abBicentenaria\u00bb nos revela autorretrato femenino del Per\u00fa a 200 a\u00f1os de la Independencia<\/a><\/u>&#8211;\u00a0Agencia Andina<\/p>\n<p><u><a href=\"https:\/\/vertele.eldiario.es\/noticias\/champions-league-femenina-futbol-vera-gratis-directo-gracias-acuerdo-dazn-youtube_1_8094303.html\">La Champions League femenina de f\u00fatbol se ver\u00e1 gratis y en directo gracias a un acuerdo de Dazn y Youtube<\/a><\/u>-eldiario<\/p>\n<\/div>\n<\/div>\n<\/div><\/div><\/div><\/div><\/div>\n","protected":false},"excerpt":{"rendered":"<p>M\u00e1s ministras que nunca en el Gobierno con + mujeres de Europa * Consejo de Ministras * Equiparado Servicio Social femenino a mili para calculo de pensi\u00f3n * Teresa Perales Premio Princesa de Asturias de los Deportes 2021<\/p>\n","protected":false},"author":3,"featured_media":22909,"comment_status":"closed","ping_status":"closed","sticky":false,"template":"","format":"standard","meta":{"footnotes":""},"categories":[298,621],"tags":[176],"class_list":["post-15500","post","type-post","status-publish","format-standard","has-post-thumbnail","hentry","category-newsletter","category-nwl-3-0","tag-violencia-sexual"],"yoast_head":"<!-- This site is optimized with the Yoast SEO plugin v27.5 - https:\/\/yoast.com\/product\/yoast-seo-wordpress\/ -->\n<title>Noticias Info CKL n\u00ba 2602-12\/07\/21-Comunicar con perspectiva de g\u00e9nero<\/title>\n<meta name=\"description\" content=\"M\u00e1s ministras que nunca en el Gobierno con + mujeres de Europa * Consejo de Ministras * Equiparado Servicio Social femenino a mili para calculo de pensi\u00f3n * Teresa Perales Premio Princesa de Asturias de los Deportes 2021\" \/>\n<meta name=\"robots\" content=\"index, follow, max-snippet:-1, max-image-preview:large, max-video-preview:-1\" \/>\n<link rel=\"canonical\" href=\"https:\/\/cklcomunicaciones.es\/coop\/noticias-info-ckl-no-2602-12-07-21\/\" \/>\n<meta property=\"og:locale\" content=\"es_ES\" \/>\n<meta property=\"og:type\" content=\"article\" \/>\n<meta property=\"og:title\" content=\"Noticias Info CKL n\u00ba 2602-12\/07\/21-Comunicar con perspectiva de g\u00e9nero\" \/>\n<meta property=\"og:description\" content=\"M\u00e1s ministras que nunca en el Gobierno con + mujeres de Europa * Consejo de Ministras * Equiparado Servicio Social femenino a mili para calculo de pensi\u00f3n * Teresa Perales Premio Princesa de Asturias de los Deportes 2021\" \/>\n<meta property=\"og:url\" content=\"https:\/\/cklcomunicaciones.es\/coop\/noticias-info-ckl-no-2602-12-07-21\/\" \/>\n<meta property=\"og:site_name\" content=\"CKL Comunicaciones\" \/>\n<meta property=\"article:published_time\" content=\"2021-07-12T10:41:38+00:00\" \/>\n<meta property=\"article:modified_time\" content=\"2025-02-10T00:38:24+00:00\" \/>\n<meta property=\"og:image\" content=\"https:\/\/cklcomunicaciones.es\/coop\/wp-content\/uploads\/2025\/01\/CKL-una-mirada-distinta-de-la-comunicacion.jpg\" \/>\n\t<meta property=\"og:image:width\" content=\"1482\" \/>\n\t<meta property=\"og:image:height\" content=\"775\" \/>\n\t<meta property=\"og:image:type\" content=\"image\/jpeg\" \/>\n<meta name=\"author\" content=\"ckl\" \/>\n<meta name=\"twitter:card\" content=\"summary_large_image\" \/>\n<meta name=\"twitter:label1\" content=\"Escrito por\" \/>\n\t<meta name=\"twitter:data1\" content=\"ckl\" \/>\n\t<meta name=\"twitter:label2\" content=\"Tiempo de lectura\" \/>\n\t<meta name=\"twitter:data2\" content=\"5 minutos\" \/>\n<script type=\"application\/ld+json\" class=\"yoast-schema-graph\">{\"@context\":\"https:\\\/\\\/schema.org\",\"@graph\":[{\"@type\":\"Article\",\"@id\":\"https:\\\/\\\/cklcomunicaciones.es\\\/coop\\\/noticias-info-ckl-no-2602-12-07-21\\\/#article\",\"isPartOf\":{\"@id\":\"https:\\\/\\\/cklcomunicaciones.es\\\/coop\\\/noticias-info-ckl-no-2602-12-07-21\\\/\"},\"author\":{\"name\":\"ckl\",\"@id\":\"https:\\\/\\\/cklcomunicaciones.es\\\/coop\\\/#\\\/schema\\\/person\\\/929a6837f7626450bbb50cee1aef266e\"},\"headline\":\"Noticias Info CKL n\u00ba 2602-12\\\/07\\\/21\",\"datePublished\":\"2021-07-12T10:41:38+00:00\",\"dateModified\":\"2025-02-10T00:38:24+00:00\",\"mainEntityOfPage\":{\"@id\":\"https:\\\/\\\/cklcomunicaciones.es\\\/coop\\\/noticias-info-ckl-no-2602-12-07-21\\\/\"},\"wordCount\":996,\"image\":{\"@id\":\"https:\\\/\\\/cklcomunicaciones.es\\\/coop\\\/noticias-info-ckl-no-2602-12-07-21\\\/#primaryimage\"},\"thumbnailUrl\":\"https:\\\/\\\/cklcomunicaciones.es\\\/coop\\\/wp-content\\\/uploads\\\/2025\\\/01\\\/CKL-una-mirada-distinta-de-la-comunicacion.jpg\",\"keywords\":[\"violencia sexual\"],\"articleSection\":[\"Newsletter\",\"Nwl v3.0\"],\"inLanguage\":\"es\"},{\"@type\":\"WebPage\",\"@id\":\"https:\\\/\\\/cklcomunicaciones.es\\\/coop\\\/noticias-info-ckl-no-2602-12-07-21\\\/\",\"url\":\"https:\\\/\\\/cklcomunicaciones.es\\\/coop\\\/noticias-info-ckl-no-2602-12-07-21\\\/\",\"name\":\"Noticias Info CKL n\u00ba 2602-12\\\/07\\\/21-Comunicar con perspectiva de g\u00e9nero\",\"isPartOf\":{\"@id\":\"https:\\\/\\\/cklcomunicaciones.es\\\/coop\\\/#website\"},\"primaryImageOfPage\":{\"@id\":\"https:\\\/\\\/cklcomunicaciones.es\\\/coop\\\/noticias-info-ckl-no-2602-12-07-21\\\/#primaryimage\"},\"image\":{\"@id\":\"https:\\\/\\\/cklcomunicaciones.es\\\/coop\\\/noticias-info-ckl-no-2602-12-07-21\\\/#primaryimage\"},\"thumbnailUrl\":\"https:\\\/\\\/cklcomunicaciones.es\\\/coop\\\/wp-content\\\/uploads\\\/2025\\\/01\\\/CKL-una-mirada-distinta-de-la-comunicacion.jpg\",\"datePublished\":\"2021-07-12T10:41:38+00:00\",\"dateModified\":\"2025-02-10T00:38:24+00:00\",\"author\":{\"@id\":\"https:\\\/\\\/cklcomunicaciones.es\\\/coop\\\/#\\\/schema\\\/person\\\/929a6837f7626450bbb50cee1aef266e\"},\"description\":\"M\u00e1s ministras que nunca en el Gobierno con + mujeres de Europa * Consejo de Ministras * Equiparado Servicio Social femenino a mili para calculo de pensi\u00f3n * Teresa Perales Premio Princesa de Asturias de los Deportes 2021\",\"breadcrumb\":{\"@id\":\"https:\\\/\\\/cklcomunicaciones.es\\\/coop\\\/noticias-info-ckl-no-2602-12-07-21\\\/#breadcrumb\"},\"inLanguage\":\"es\",\"potentialAction\":[{\"@type\":\"ReadAction\",\"target\":[\"https:\\\/\\\/cklcomunicaciones.es\\\/coop\\\/noticias-info-ckl-no-2602-12-07-21\\\/\"]}]},{\"@type\":\"ImageObject\",\"inLanguage\":\"es\",\"@id\":\"https:\\\/\\\/cklcomunicaciones.es\\\/coop\\\/noticias-info-ckl-no-2602-12-07-21\\\/#primaryimage\",\"url\":\"https:\\\/\\\/cklcomunicaciones.es\\\/coop\\\/wp-content\\\/uploads\\\/2025\\\/01\\\/CKL-una-mirada-distinta-de-la-comunicacion.jpg\",\"contentUrl\":\"https:\\\/\\\/cklcomunicaciones.es\\\/coop\\\/wp-content\\\/uploads\\\/2025\\\/01\\\/CKL-una-mirada-distinta-de-la-comunicacion.jpg\",\"width\":1482,\"height\":775,\"caption\":\"CKL - una mirada distinta de la comunicacion\"},{\"@type\":\"BreadcrumbList\",\"@id\":\"https:\\\/\\\/cklcomunicaciones.es\\\/coop\\\/noticias-info-ckl-no-2602-12-07-21\\\/#breadcrumb\",\"itemListElement\":[{\"@type\":\"ListItem\",\"position\":1,\"name\":\"Portada\",\"item\":\"https:\\\/\\\/cklcomunicaciones.es\\\/coop\\\/\"},{\"@type\":\"ListItem\",\"position\":2,\"name\":\"Noticias Info CKL n\u00ba 2602-12\\\/07\\\/21\"}]},{\"@type\":\"WebSite\",\"@id\":\"https:\\\/\\\/cklcomunicaciones.es\\\/coop\\\/#website\",\"url\":\"https:\\\/\\\/cklcomunicaciones.es\\\/coop\\\/\",\"name\":\"CKL Comunicaciones\",\"description\":\"Sitio web de CKL Comunicaciones coop , la consultora de comunicaci\u00f3n y estrategia\",\"potentialAction\":[{\"@type\":\"SearchAction\",\"target\":{\"@type\":\"EntryPoint\",\"urlTemplate\":\"https:\\\/\\\/cklcomunicaciones.es\\\/coop\\\/?s={search_term_string}\"},\"query-input\":{\"@type\":\"PropertyValueSpecification\",\"valueRequired\":true,\"valueName\":\"search_term_string\"}}],\"inLanguage\":\"es\"},{\"@type\":\"Person\",\"@id\":\"https:\\\/\\\/cklcomunicaciones.es\\\/coop\\\/#\\\/schema\\\/person\\\/929a6837f7626450bbb50cee1aef266e\",\"name\":\"ckl\",\"image\":{\"@type\":\"ImageObject\",\"inLanguage\":\"es\",\"@id\":\"https:\\\/\\\/secure.gravatar.com\\\/avatar\\\/c82db564e8a669bf6023357a157b9dc4780f4d4c618f2ad1d71a6a5dede45057?s=96&d=mm&r=g\",\"url\":\"https:\\\/\\\/secure.gravatar.com\\\/avatar\\\/c82db564e8a669bf6023357a157b9dc4780f4d4c618f2ad1d71a6a5dede45057?s=96&d=mm&r=g\",\"contentUrl\":\"https:\\\/\\\/secure.gravatar.com\\\/avatar\\\/c82db564e8a669bf6023357a157b9dc4780f4d4c618f2ad1d71a6a5dede45057?s=96&d=mm&r=g\",\"caption\":\"ckl\"},\"url\":\"https:\\\/\\\/cklcomunicaciones.es\\\/coop\\\/author\\\/cklcomunicaciones\\\/\"}]}<\/script>\n<!-- \/ Yoast SEO plugin. -->","yoast_head_json":{"title":"Noticias Info CKL n\u00ba 2602-12\/07\/21-Comunicar con perspectiva de g\u00e9nero","description":"M\u00e1s ministras que nunca en el Gobierno con + mujeres de Europa * Consejo de Ministras * Equiparado Servicio Social femenino a mili para calculo de pensi\u00f3n * Teresa Perales Premio Princesa de Asturias de los Deportes 2021","robots":{"index":"index","follow":"follow","max-snippet":"max-snippet:-1","max-image-preview":"max-image-preview:large","max-video-preview":"max-video-preview:-1"},"canonical":"https:\/\/cklcomunicaciones.es\/coop\/noticias-info-ckl-no-2602-12-07-21\/","og_locale":"es_ES","og_type":"article","og_title":"Noticias Info CKL n\u00ba 2602-12\/07\/21-Comunicar con perspectiva de g\u00e9nero","og_description":"M\u00e1s ministras que nunca en el Gobierno con + mujeres de Europa * Consejo de Ministras * Equiparado Servicio Social femenino a mili para calculo de pensi\u00f3n * Teresa Perales Premio Princesa de Asturias de los Deportes 2021","og_url":"https:\/\/cklcomunicaciones.es\/coop\/noticias-info-ckl-no-2602-12-07-21\/","og_site_name":"CKL Comunicaciones","article_published_time":"2021-07-12T10:41:38+00:00","article_modified_time":"2025-02-10T00:38:24+00:00","og_image":[{"width":1482,"height":775,"url":"https:\/\/cklcomunicaciones.es\/coop\/wp-content\/uploads\/2025\/01\/CKL-una-mirada-distinta-de-la-comunicacion.jpg","type":"image\/jpeg"}],"author":"ckl","twitter_card":"summary_large_image","twitter_misc":{"Escrito por":"ckl","Tiempo de lectura":"5 minutos"},"schema":{"@context":"https:\/\/schema.org","@graph":[{"@type":"Article","@id":"https:\/\/cklcomunicaciones.es\/coop\/noticias-info-ckl-no-2602-12-07-21\/#article","isPartOf":{"@id":"https:\/\/cklcomunicaciones.es\/coop\/noticias-info-ckl-no-2602-12-07-21\/"},"author":{"name":"ckl","@id":"https:\/\/cklcomunicaciones.es\/coop\/#\/schema\/person\/929a6837f7626450bbb50cee1aef266e"},"headline":"Noticias Info CKL n\u00ba 2602-12\/07\/21","datePublished":"2021-07-12T10:41:38+00:00","dateModified":"2025-02-10T00:38:24+00:00","mainEntityOfPage":{"@id":"https:\/\/cklcomunicaciones.es\/coop\/noticias-info-ckl-no-2602-12-07-21\/"},"wordCount":996,"image":{"@id":"https:\/\/cklcomunicaciones.es\/coop\/noticias-info-ckl-no-2602-12-07-21\/#primaryimage"},"thumbnailUrl":"https:\/\/cklcomunicaciones.es\/coop\/wp-content\/uploads\/2025\/01\/CKL-una-mirada-distinta-de-la-comunicacion.jpg","keywords":["violencia sexual"],"articleSection":["Newsletter","Nwl v3.0"],"inLanguage":"es"},{"@type":"WebPage","@id":"https:\/\/cklcomunicaciones.es\/coop\/noticias-info-ckl-no-2602-12-07-21\/","url":"https:\/\/cklcomunicaciones.es\/coop\/noticias-info-ckl-no-2602-12-07-21\/","name":"Noticias Info CKL n\u00ba 2602-12\/07\/21-Comunicar con perspectiva de g\u00e9nero","isPartOf":{"@id":"https:\/\/cklcomunicaciones.es\/coop\/#website"},"primaryImageOfPage":{"@id":"https:\/\/cklcomunicaciones.es\/coop\/noticias-info-ckl-no-2602-12-07-21\/#primaryimage"},"image":{"@id":"https:\/\/cklcomunicaciones.es\/coop\/noticias-info-ckl-no-2602-12-07-21\/#primaryimage"},"thumbnailUrl":"https:\/\/cklcomunicaciones.es\/coop\/wp-content\/uploads\/2025\/01\/CKL-una-mirada-distinta-de-la-comunicacion.jpg","datePublished":"2021-07-12T10:41:38+00:00","dateModified":"2025-02-10T00:38:24+00:00","author":{"@id":"https:\/\/cklcomunicaciones.es\/coop\/#\/schema\/person\/929a6837f7626450bbb50cee1aef266e"},"description":"M\u00e1s ministras que nunca en el Gobierno con + mujeres de Europa * Consejo de Ministras * Equiparado Servicio Social femenino a mili para calculo de pensi\u00f3n * Teresa Perales Premio Princesa de Asturias de los Deportes 2021","breadcrumb":{"@id":"https:\/\/cklcomunicaciones.es\/coop\/noticias-info-ckl-no-2602-12-07-21\/#breadcrumb"},"inLanguage":"es","potentialAction":[{"@type":"ReadAction","target":["https:\/\/cklcomunicaciones.es\/coop\/noticias-info-ckl-no-2602-12-07-21\/"]}]},{"@type":"ImageObject","inLanguage":"es","@id":"https:\/\/cklcomunicaciones.es\/coop\/noticias-info-ckl-no-2602-12-07-21\/#primaryimage","url":"https:\/\/cklcomunicaciones.es\/coop\/wp-content\/uploads\/2025\/01\/CKL-una-mirada-distinta-de-la-comunicacion.jpg","contentUrl":"https:\/\/cklcomunicaciones.es\/coop\/wp-content\/uploads\/2025\/01\/CKL-una-mirada-distinta-de-la-comunicacion.jpg","width":1482,"height":775,"caption":"CKL - una mirada distinta de la comunicacion"},{"@type":"BreadcrumbList","@id":"https:\/\/cklcomunicaciones.es\/coop\/noticias-info-ckl-no-2602-12-07-21\/#breadcrumb","itemListElement":[{"@type":"ListItem","position":1,"name":"Portada","item":"https:\/\/cklcomunicaciones.es\/coop\/"},{"@type":"ListItem","position":2,"name":"Noticias Info CKL n\u00ba 2602-12\/07\/21"}]},{"@type":"WebSite","@id":"https:\/\/cklcomunicaciones.es\/coop\/#website","url":"https:\/\/cklcomunicaciones.es\/coop\/","name":"CKL Comunicaciones","description":"Sitio web de CKL Comunicaciones coop , la consultora de comunicaci\u00f3n y estrategia","potentialAction":[{"@type":"SearchAction","target":{"@type":"EntryPoint","urlTemplate":"https:\/\/cklcomunicaciones.es\/coop\/?s={search_term_string}"},"query-input":{"@type":"PropertyValueSpecification","valueRequired":true,"valueName":"search_term_string"}}],"inLanguage":"es"},{"@type":"Person","@id":"https:\/\/cklcomunicaciones.es\/coop\/#\/schema\/person\/929a6837f7626450bbb50cee1aef266e","name":"ckl","image":{"@type":"ImageObject","inLanguage":"es","@id":"https:\/\/secure.gravatar.com\/avatar\/c82db564e8a669bf6023357a157b9dc4780f4d4c618f2ad1d71a6a5dede45057?s=96&d=mm&r=g","url":"https:\/\/secure.gravatar.com\/avatar\/c82db564e8a669bf6023357a157b9dc4780f4d4c618f2ad1d71a6a5dede45057?s=96&d=mm&r=g","contentUrl":"https:\/\/secure.gravatar.com\/avatar\/c82db564e8a669bf6023357a157b9dc4780f4d4c618f2ad1d71a6a5dede45057?s=96&d=mm&r=g","caption":"ckl"},"url":"https:\/\/cklcomunicaciones.es\/coop\/author\/cklcomunicaciones\/"}]}},"_links":{"self":[{"href":"https:\/\/cklcomunicaciones.es\/coop\/wp-json\/wp\/v2\/posts\/15500","targetHints":{"allow":["GET"]}}],"collection":[{"href":"https:\/\/cklcomunicaciones.es\/coop\/wp-json\/wp\/v2\/posts"}],"about":[{"href":"https:\/\/cklcomunicaciones.es\/coop\/wp-json\/wp\/v2\/types\/post"}],"author":[{"embeddable":true,"href":"https:\/\/cklcomunicaciones.es\/coop\/wp-json\/wp\/v2\/users\/3"}],"replies":[{"embeddable":true,"href":"https:\/\/cklcomunicaciones.es\/coop\/wp-json\/wp\/v2\/comments?post=15500"}],"version-history":[{"count":0,"href":"https:\/\/cklcomunicaciones.es\/coop\/wp-json\/wp\/v2\/posts\/15500\/revisions"}],"wp:featuredmedia":[{"embeddable":true,"href":"https:\/\/cklcomunicaciones.es\/coop\/wp-json\/wp\/v2\/media\/22909"}],"wp:attachment":[{"href":"https:\/\/cklcomunicaciones.es\/coop\/wp-json\/wp\/v2\/media?parent=15500"}],"wp:term":[{"taxonomy":"category","embeddable":true,"href":"https:\/\/cklcomunicaciones.es\/coop\/wp-json\/wp\/v2\/categories?post=15500"},{"taxonomy":"post_tag","embeddable":true,"href":"https:\/\/cklcomunicaciones.es\/coop\/wp-json\/wp\/v2\/tags?post=15500"}],"curies":[{"name":"wp","href":"https:\/\/api.w.org\/{rel}","templated":true}]}}