{"id":15493,"date":"2021-07-07T14:28:31","date_gmt":"2021-07-07T12:28:31","guid":{"rendered":"https:\/\/www.cklcomunicaciones.es\/?p=15493"},"modified":"2025-02-10T01:55:57","modified_gmt":"2025-02-10T00:55:57","slug":"noticias-info-ckl-no-2600-07-07-21","status":"publish","type":"post","link":"https:\/\/cklcomunicaciones.es\/coop\/noticias-info-ckl-no-2600-07-07-21\/","title":{"rendered":"Noticias Info CKL n\u00ba 2600-07\/07\/21"},"content":{"rendered":"<div class=\"fusion-fullwidth fullwidth-box fusion-builder-row-1 fusion-flex-container nonhundred-percent-fullwidth non-hundred-percent-height-scrolling\" style=\"--awb-border-radius-top-left:0px;--awb-border-radius-top-right:0px;--awb-border-radius-bottom-right:0px;--awb-border-radius-bottom-left:0px;--awb-flex-wrap:wrap;\" ><div class=\"fusion-builder-row fusion-row fusion-flex-align-items-flex-start fusion-flex-content-wrap\" style=\"max-width:1248px;margin-left: calc(-4% \/ 2 );margin-right: calc(-4% \/ 2 );\"><div class=\"fusion-layout-column fusion_builder_column fusion-builder-column-0 fusion_builder_column_1_1 1_1 fusion-flex-column\" style=\"--awb-bg-blend:overlay;--awb-bg-size:cover;--awb-width-large:100%;--awb-margin-top-large:0px;--awb-spacing-right-large:1.92%;--awb-margin-bottom-large:0px;--awb-spacing-left-large:1.92%;--awb-width-medium:100%;--awb-spacing-right-medium:1.92%;--awb-spacing-left-medium:1.92%;--awb-width-small:100%;--awb-spacing-right-small:1.92%;--awb-spacing-left-small:1.92%;\"><div class=\"fusion-column-wrapper fusion-flex-justify-content-flex-start fusion-content-layout-column\"><div class=\"fusion-text fusion-text-1\"><h1>Convocatorias<\/h1>\n<div id=\"\" class=\"lsow-panel lsow-active\">\n<div class=\"lsow-panel-content\">\n<ul>\n<li>Jornada Mujeres Rurales de la plataforma Red Rural Nacional. Inscripci\u00f3n hasta el 11 de julio :\u00a0<a href=\"http:\/\/www.redruralnacional.es\/calendario-de-eventos\/inscripcion-a-evento?p_p_id=FormsPortlet_WAR_RRNportlet&amp;p_p_lifecycle=0&amp;p_p_mode=view&amp;p_p_state=normal&amp;_FormsPortlet_WAR_RRNportlet_evento=795080\">Inscripci\u00f3n a evento &#8211; Red Rural Nacional<\/a><\/li>\n<li><a href=\"https:\/\/generandolecturas.wordpress.com\/2021\/07\/06\/muestra-de-cortos-somos-muchas-y-valientes-2021\/\">Muestra de cortos &#8216;Somos Muchas y Valientes&#8217; 2021<\/a>.\u00a0Organiza C\u00e1mara Lenta, promueve Centro de Documentaci\u00f3n Mar\u00eda Zambrano del IAM. Sala El Cachorro (C\/ Procurador, 19), 8 de julio a las 22:00 h. Entrada libre<\/li>\n<\/ul>\n<\/div>\n<\/div>\n<div id=\"\" class=\"lsow-panel lsow-active\">\n<h1 class=\"lsow-panel-title\">Comunicaci\u00f3n, Publicidad y TICs<\/h1>\n<div class=\"lsow-panel-content\">\n<p><a href=\"https:\/\/www.google.com\/url?rct=j&amp;sa=t&amp;url=https:\/\/www.europapress.es\/islas-canarias\/noticia-rtvc-crea-comision-seguimiento-igualdad-20210706170519.html&amp;ct=ga&amp;cd=CAEYASoTMzMyNjI1OTI2OTgyNjkxMDM3MjIZYzAzNzJlYmMyZmVhZGE1OTplczplczpFUw&amp;usg=AFQjCNHo5sea8ai_ZLbQNdUBdN7ynWZ0yA\">RTVC crea una comisi\u00f3n de seguimiento de Igualdad<\/a>&#8211;\u00a0Europa Press<\/p>\n<p><u><a href=\"https:\/\/informalia.eleconomista.es\/buscador\/resultados.php?recordatorio=2&amp;pagina=9087836\">Las nuevas tecnolog\u00edas y el sexismo ling\u00fc\u00edstico marcan el XVII Encuentro Provincial de Asociaciones de Mujeres<\/a><\/u>-informalia<\/p>\n<p><u><a href=\"https:\/\/elpais.com\/internacional\/2021-07-07\/una-cadena-rusa-de-alimentacion-se-disculpa-por-herir-a-sus-clientes-con-un-anuncio-de-una-pareja-de-lesbianas.html\">Una cadena rusa de alimentaci\u00f3n se disculpa por \u201cherir\u201d con un anuncio de una pareja de lesbianas<\/a><\/u>&#8211; El Pa\u00eds<\/p>\n<p><u><a href=\"https:\/\/cincodias.elpais.com\/cincodias\/2021\/07\/06\/fortunas\/1625595316_692024.html\">La digitalizaci\u00f3n se olvida de las mujeres<\/a><\/u>-cincodias<\/p>\n<p><u><a href=\"https:\/\/informalia.eleconomista.es\/buscador\/resultados.php?recordatorio=2&amp;pagina=-9074324\">Vuelve a Val\u00e8ncia Women Techmakers de Google para visibilizar el papel de la mujer en la tecnolog\u00eda<\/a>&#8211;<\/u>informalia<\/p>\n<\/div>\n<\/div>\n<div id=\"\" class=\"lsow-panel lsow-active\">\n<h1 class=\"lsow-panel-title\">Andaluc\u00eda<\/h1>\n<div class=\"lsow-panel-content\">\n<p><strong>Econom\u00eda y Empresas<\/strong><\/p>\n<p><u><a href=\"https:\/\/www.redaccionmedica.com\/autonomias\/andalucia\/-hay-que-favorecer-el-desarrollo-del-directivo-sanitario-en-andalucia--9593\">Mar\u00eda \u00c1ngeles Garc\u00eda, Presidenta de la SEDISA: \u201cHay que favorecer el desarrollo del directivo sanitario en Andaluc\u00eda\u00bb<\/a><\/u>-redaccionmedica<\/p>\n<p><a href=\"https:\/\/www.google.com\/url?rct=j&amp;sa=t&amp;url=https:\/\/ubeda.ideal.es\/ubeda\/ubeda-acogera-segunda-20210706184049-nt.html&amp;ct=ga&amp;cd=CAEYASoTNTU2ODkyOTg2OTU4NTYzMzE4NzIbOWFiMWNkZDdlMzY2ZWYzODplczplczpFUzpS&amp;usg=AFQjCNHgWcMgfihnKrY1D4Pqu0FqcGR9HQ\">\u00dabeda acoger\u00e1 la segunda edici\u00f3n del Congreso Nacional &#8216;Leaders Woman Ja\u00e9n&#8217;<\/a><u>&#8211;<\/u>\u00a0Ideal Digital<u><a href=\"https:\/\/www.google.com\/url?rct=j&amp;sa=t&amp;url=https:\/\/www.extradigital.es\/sandra-mogollon-algas-emprendimiento-femenino\/&amp;ct=ga&amp;cd=CAEYACoUMTYxNDAxMTE0NjU4NTI4NDIxMDcyGzlhYjFjZGQ3ZTM2NmVmMzg6ZXM6ZXM6RVM6Ug&amp;usg=AFQjCNHNAIhDAI2GoIB2JzHwihrLcHuitw\"><br \/>\nEmprendimiento femenino aliado con la Naturaleza<\/a><\/u>&#8211;\u00a0Extradigital.es<\/p>\n<p><u><a href=\"https:\/\/www.europapress.es\/andalucia\/noticia-santander-fundacion-miguel-castillejo-daran-educacion-financiera-mujeres-inmigrantes-andalucia-20210707131124.html\">Santander y Fundaci\u00f3n Miguel Castillejo dar\u00e1n educaci\u00f3n financiera a mujeres inmigrantes en Andaluc\u00eda<\/a>&#8211;<\/u>europapress<strong>\u00a0<\/strong><\/p>\n<p><strong>Actualidad<\/strong><\/p>\n<p><u><a href=\"http:\/\/www.juntadeandalucia.es\/presidencia\/portavoz\/162599\/ConsejeriadeIgualdad\/dependencia\/discapacidad\/serviciossocialescomunitarios\">Igualdad destina 5,5 millones a refuerzo de los servicios sociales comunitarios<\/a><\/u>-oficina del portavoz<\/p>\n<p><a href=\"https:\/\/www.google.com\/url?rct=j&amp;sa=t&amp;url=https:\/\/www.diariodealmeria.es\/vivir\/programa-Vacacionantes-IAM-permitira-divertido_0_1589542697.html&amp;ct=ga&amp;cd=CAEYACoTMjIyNjUyNjE0MDA5NDEzMzcwOTIbOWFiMWNkZDdlMzY2ZWYzODplczplczpFUzpS&amp;usg=AFQjCNEMk8JLsRn2vzpl0FQvdgUphQZhSQ\">El programa Vacacionantes del IAM permitir\u00e1 a casi 800\u00a0mujeres\u00a0y menores \u00abun verano divertido\u00bb<\/a>&#8211;\u00a0Diario de Almer\u00eda<a href=\"https:\/\/www.google.com\/url?rct=j&amp;sa=t&amp;url=https:\/\/www.diariosigloxxi.com\/texto-s\/mostrar\/417317\/trabajadores-sanitarios-unei-diario-sur-cooltural-fest-almeria-ana-bella-premios-solidarios-once-andalucia-2021&amp;ct=ga&amp;cd=CAEYACoTMjcwOTExMDk3NjcyNjMwNzM0OTIZZWE5MjU4MDRkNjdmMjdiMzplczplczpFUw&amp;usg=AFQjCNHEEu4ZwBy1Sv7NYpFr9WNupoyHPg\"><br \/>\nLos trabajadores sanitarios, UNEI, &#8216;Diario Sur&#8217;, el Cooltural Fest de Almer\u00eda y Ana Bella, Premios Solidarios ONECE Andaluc\u00eda 2021&#8230;<\/a>&#8211;\u00a0Diario Siglo XXI<a href=\"https:\/\/www.google.com\/url?rct=j&amp;sa=t&amp;url=https:\/\/www.europapress.es\/andalucia\/sevilla-00357\/noticia-madre-coraje-solicita-voluntarios-sevilla-organizar-ropa-tiendas-solidarias-verano-20210705160936.html&amp;ct=ga&amp;cd=CAEYASoTMTIxODM3NTQ1MzMwNzU0NTg3NTIZZWE5MjU4MDRkNjdmMjdiMzplczplczpFUw&amp;usg=AFQjCNHy9TYSFMGXGtJwTMAJh59Lyovgvw\"><br \/>\nMadre Coraje solicita voluntarios en Sevilla para organizar la ropa de sus tiendas\u00a0solidarias\u00a0este &#8230;<\/a>&#8211;\u00a0Europa Press<a href=\"https:\/\/www.google.com\/url?rct=j&amp;sa=t&amp;url=https:\/\/www.europapress.es\/andalucia\/cadiz-al-dia-01055\/noticia-diputacion-cadiz-colabora-atencion-familias-riesgo-exclusion-mujeres-solidarias-sanlucar-20210707130214.html&amp;ct=ga&amp;cd=CAEYASoUMTA3OTQ5MzIxODIwMDE4NTg0MjQyGWVhOTI1ODA0ZDY3ZjI3YjM6ZXM6ZXM6RVM&amp;usg=AFQjCNH_bdn3cFubKjs93OUv1c2_6lmIdQ\"><br \/>\nDiputaci\u00f3n de C\u00e1diz colabora con la atenci\u00f3n a familias en riesgo de exclusi\u00f3n de Mujeres &#8230;<\/a>&#8211;\u00a0Europa Press<\/p>\n<p><u><a href=\"https:\/\/www.tercerainformacion.es\/articulo\/actualidad\/07\/07\/2021\/miguel-angel-bustamante-pregunta-por-el-indulto-para-la-sevillana-maria-salmeron\/\">Miguel \u00c1ngel Bustamante, pregunta por el indulto para la sevillana Mar\u00eda Salmer\u00f3n<\/a><\/u>-tercera informaci\u00f3n<strong>\u00a0<\/strong><\/p>\n<p><strong>Violencias<\/strong><a href=\"https:\/\/www.google.com\/url?rct=j&amp;sa=t&amp;url=https:\/\/www.granadadigital.es\/granada-lanza-campana-lo-paras-o-lo-pasas-frenar-ciberviolencia-contra-mujer\/&amp;ct=ga&amp;cd=CAEYAioTMjIyNjUyNjE0MDA5NDEzMzcwOTIbOWFiMWNkZDdlMzY2ZWYzODplczplczpFUzpS&amp;usg=AFQjCNGpccYvf8iy1dBC6MoAce5Ro2h9VQ\"><br \/>\nGranada lanza la campa\u00f1a &#8216;Lo paras o lo pasas&#8217; para frenar la ciberviolencia contra la\u00a0mujeres<\/a>&#8211;\u00a0GranadaDigital<strong>\u00a0<\/strong><\/p>\n<p><strong>Ciencia y Cultura<\/strong><\/p>\n<p><u><a href=\"https:\/\/www.malagahoy.es\/malaga\/Ibima-donacion-cancer-mama-metastasico_0_1590141409.html\">Ibima recibe una donaci\u00f3n de 15.000 euros para la investigaci\u00f3n del c\u00e1ncer de mama metast\u00e1sico<\/a><\/u>-malagahoy<\/p>\n<p><u><a href=\"https:\/\/informalia.eleconomista.es\/buscador\/resultados.php?recordatorio=2&amp;pagina=-9097432\">Universidad de C\u00f3rdoba: Pensadoras del feminismo contempor\u00e1neo espa\u00f1ol sostienen que \u00abel siglo XXI deber ser el de las mujeres\u00bb<\/a><\/u>-informalia<\/p>\n<p><u><a href=\"http:\/\/www.juntadeandalucia.es\/presidencia\/portavoz\/162674\/ConsejeriadeCultura\/ARCO\/artecontemporaneo\/stand\/expositor\/jovenes\/artistas\/andaluces\">La Junta vuelve once a\u00f1os despu\u00e9s a ARCO con un &#8216;stand&#8217; dedicado a j\u00f3venes artistas andaluces<\/a>&#8211;<\/u>Oficina del Portavoz<\/p>\n<p><u><a href=\"https:\/\/www.revistadearte.com\/2021\/07\/07\/juana-de-aizpuru-en-arcomadrid-2021-espero-que-vengan-los-coleccionistas\/\">Juana de Aizpuru en ARCOmadrid 2021: \u00abEspero que vengan los coleccionistas\u00bb<\/a><\/u>-Revista de Arte<\/p>\n<p><u><a href=\"https:\/\/www.malagahoy.es\/ocio\/carlos-alvarez-baritono-medio-confiaremos-expresar-opera-regueton_0_1589843049.html\">En qu\u00e9 medio confiaremos para expresar lo que nos pasa, en la \u00f3pera o en el reguet\u00f3n?<\/a><\/u>-Malagahoy<\/p>\n<p><u><a href=\"https:\/\/www.elmundo.es\/papel\/cultura\/2021\/07\/07\/60e4a0d4fdddff5c938b4575.html\">Mar\u00eda Esteve: \u00abNo sab\u00eda que ten\u00eda vis c\u00f3mica y de jovencilla pensaba que se re\u00edan de m\u00ed\u00bb<\/a><\/u>-El Mundo<\/p>\n<p><u><a href=\"https:\/\/www.ideal.es\/culturas\/festival-granada\/agudeza-flamenco-20210707013551-nt.html\">La agudeza del flamenco<\/a>&#8211;<\/u>ideal<\/p>\n<p><u><a href=\"https:\/\/www.diariocordoba.com\/opinion\/2021\/07\/04\/mujeres-agitan-industria-54642580.html\">Mujeres que agitan la industria<\/a><\/u>-diariocordoba<\/p>\n<p><u><a href=\"https:\/\/novapolis.es\/la-plaza-porticada-de-berja-acogera-musica-a-traves-de-la-mujer-y-la-plaza-pergola-de-vera-exhibira-cuentos-para-bailar\/\">La Plaza Porticada de Berja acoger\u00e1 \u2018M\u00fasica a trav\u00e9s de la mujer\u2019 y la Plaza P\u00e9rgola de Vera exhibir\u00e1 \u2018Cuentos para bailar\u2019<\/a><\/u>-novapolis.es<strong>\u00a0<\/strong><\/p>\n<p><strong>Deporte<\/strong><\/p>\n<p><u><a href=\"https:\/\/www.malaga.es\/deportes\/1320\/com1_md3_cd-43555\/malaga-acoge-un-doble-enfrentamiento-historico-entre-las-selecciones-de-baloncesto-femeninas-y-masculinas-de-espana-y-francia\">M\u00e1laga acoge un doble enfrentamiento hist\u00f3rico entre las selecciones de baloncesto femeninas y masculinas de Espa\u00f1a y Francia<\/a><\/u>-malaga.es<\/p>\n<p><u><a href=\"https:\/\/cordobadeporte.com\/el-cordoba-baloncesto-femenino-ya-sin-dobuss-inscrito-en-liga-femenina-2\/\">El C\u00f3rdoba Baloncesto Femenino inscrito en Liga Femenina 2<\/a><\/u>-cordobadeporte<\/p>\n<\/div>\n<\/div>\n<div id=\"\" class=\"lsow-panel lsow-active\">\n<h1 class=\"lsow-panel-title\">Estado<\/h1>\n<div class=\"lsow-panel-content\">\n<p><strong>Institucional<\/strong><\/p>\n<p><u><a href=\"https:\/\/www.google.com\/url?rct=j&amp;sa=t&amp;url=https:\/\/andaluciainformacion.es\/andalucia\/983621\/yolanda-diaz-asegura-que-el-gobierno-seguira-trabajando-para-dar-una-solucion-al-smi\/&amp;ct=ga&amp;cd=CAEYACoSMzczNzQ3OTA0ODY2MzY3NTQzMhlkNzhlNTg3NWEwZjFmMmFjOmVzOmVzOkVT&amp;usg=AFQjCNHFiAXjb68f98EHBMyhnbmxIXiEmg\">Yolanda D\u00edaz asegura que el Gobierno seguir\u00e1 trabajando para \u00abdar una soluci\u00f3n\u00bb al SMI<\/a><\/u>&#8211;\u00a0Andaluc\u00eda Informaci\u00f3n<\/p>\n<p><a href=\"https:\/\/www.murcia.com\/nacional\/noticias\/2021\/07\/07-campo-sigamos-difundiendo-la-necesidad-de-sistemas-democraticos-inspirados-en-la-igualdad-efectiva-y.asp\">Campo, Ministro de Justicia: \u00abSigamos difundiendo la necesidad de sistemas democr\u00e1ticos inspirados en la igualdad efectiva y en la no discriminaci\u00f3n<strong>\u00ab<\/strong><\/a>-murcia<\/p>\n<p><u><a href=\"https:\/\/www.lne.es\/sociedad\/2021\/07\/07\/ley-borra-abuso-codigo-penal-54751815.html\">La ley del \u201csolo s\u00ed es s\u00ed\u201d borra el abuso del C\u00f3digo Penal e incorpora el acoso callejero<\/a><\/u>-lne<strong>\u00a0<\/strong><\/p>\n<p><strong>Institucional-CCAA<\/strong><\/p>\n<p><a href=\"https:\/\/www.google.com\/url?rct=j&amp;sa=t&amp;url=https:\/\/www.europapress.es\/galicia\/noticia-gobierno-transferira-xunta-15-millones-desarrollo-pacto-estado-contra-violencia-genero-20210706133951.html&amp;ct=ga&amp;cd=CAEYACoUMTQwNDc3NDk3NzQwNDUwMDAzMTMyGTU5ZDc4MTcxMzZhMmQwMjg6ZXM6ZXM6RVM&amp;usg=AFQjCNE1xTO7AIlw6bHH8CFff5yrFRhVDw\">El Gobierno transferir\u00e1 a la Xunta 1,5 millones para el desarrollo del Pacto de Estado contra la &#8230;<\/a>&#8211;\u00a0Europa Press<a href=\"https:\/\/www.google.com\/url?rct=j&amp;sa=t&amp;url=https:\/\/eldiadigital.es\/art\/369003\/el-gobierno-regional-subraya-la-importancia-visibilizar-a-nuestras-deportistas-y-de-crear-referentes-femeninos&amp;ct=ga&amp;cd=CAEYACoTMzI3MTQwNzQ1Mzg2MTk5NDI1MDIZYzAzNzJlYmMyZmVhZGE1OTplczplczpFUw&amp;usg=AFQjCNFTjC4bdQsPgwd6OzQxgu0EzffqxQ\"><br \/>\nEl Gobierno de C-LM subraya la importancia visibilizar a nuestras deportistas y de crear referentes &#8230;<\/a>&#8211;\u00a0eldiadigital.es<\/p>\n<p><u><a href=\"https:\/\/www.que.es\/2021\/07\/07\/ministra-montero-inaugura-congreso-educacion-genero-soria\/\">La ministra Montero inaugura el I Congreso de Educaci\u00f3n y G\u00e9nero en Soria<\/a><\/u>-que<strong>\u00a0<\/strong><\/p>\n<p><strong>Econom\u00eda y Empresas<\/strong><a href=\"https:\/\/www.google.com\/url?rct=j&amp;sa=t&amp;url=https:\/\/mujeres.expansion.mx\/actualidad\/2021\/07\/06\/como-cerrar-brechas-salariales-irma-egoavil-de-novartis-tiene-la-respuesta&amp;ct=ga&amp;cd=CAEYACoTMjg3MDM2ODUzMTUyNTY4MzQ2MTIZYzAzNzJlYmMyZmVhZGE1OTplczplczpFUw&amp;usg=AFQjCNFqyN5iMBcz8Wm_ama6gqLJdIwfaA\"><br \/>\n\u00bfC\u00f3mo cerrar brechas salariales? Irma Egoavil, de Novartis, tiene la respuesta<\/a>&#8211;\u00a0Expansi\u00f3n<a href=\"https:\/\/www.google.com\/url?rct=j&amp;sa=t&amp;url=https:\/\/www.lne.es\/aviles\/2021\/07\/07\/falta-empleo-remunerado-hunde-natalidad-54744090.html&amp;ct=ga&amp;cd=CAEYACoUMTUzMzU3NzczMzg5MjI0ODkxMTUyGWMwMzcyZWJjMmZlYWRhNTk6ZXM6ZXM6RVM&amp;usg=AFQjCNFP9QBT0v5HIRTQLTYVK61yF3JqQQ\"><br \/>\nLa falta de empleo y bien remunerado hunde la natalidad, seg\u00fan profesionales de la sociolog\u00eda<\/a>&#8211;\u00a0La Nueva Espa\u00f1a<\/p>\n<p><u><a href=\"https:\/\/www.bolsamania.com\/noticias\/economia\/economialaboral--la-duracion-de-la-vida-laboral-en-espana-es-de-348-anos-seis-menos-que-en-paises-bajos--8030003.html\">La duraci\u00f3n de la vida laboral en Espa\u00f1a es de 34,8 a\u00f1os, seis menos que en Pa\u00edses Bajos<\/a><\/u>-capitalbolsa<\/p>\n<p><u><a href=\"https:\/\/dirigentesdigital.com\/las-empresas-hablan\/samsung-presenta-la-cuarta-edicion-de-desarrolladoras\">Samsung presenta la cuarta edici\u00f3n de DesArrolladoras<\/a><\/u>-dirigentesdigital<strong>\u00a0<\/strong><\/p>\n<p><strong>Actualidad<\/strong><a href=\"https:\/\/www.google.com\/url?rct=j&amp;sa=t&amp;url=https:\/\/www.elespanol.com\/mujer\/actualidad\/20210707\/ley-abogadas-explican-supuso-divorcio-igualdad-espana\/594440551_0.html&amp;ct=ga&amp;cd=CAEYACoUMTE3Mjc5OTI0NTg3NDg4Mjg1OTEyGWMwMzcyZWJjMmZlYWRhNTk6ZXM6ZXM6RVM&amp;usg=AFQjCNHAFD98Y8_r-k1Lci1qYCXVf4A9sQ\"><br \/>\nMucho m\u00e1s que una ley: 4 abogadas explican lo que supuso el divorcio para la igualdad en Espa\u00f1a<\/a>&#8211;\u00a0El Espa\u00f1ol<\/p>\n<p><u><a href=\"https:\/\/www.granadadigital.es\/estudios-vacunacion-mujeres-embarazadas-lactancia-materna\/\">Estudios recomiendan la vacunaci\u00f3n en mujeres embarazadas y durante la lactancia materna<\/a><\/u>-granadadigital<\/p>\n<p><u><a href=\"https:\/\/www.eldiario.es\/desalambre\/2-087-personas-desaparecidas-llegar-espana-patera-primer-semestre-ano-caminando-fronteras_1_8112118.html\">2.087 personas han muerto en el mar en su intento de migrar a Espa\u00f1a en los primeros seis meses del a\u00f1o, seg\u00fan Caminando Fronteras<\/a><\/u>-eldiario<\/p>\n<p><u><a href=\"https:\/\/www.elcomercio.es\/asturias\/feminismo-asturias-escuela-rosario-acuna-gijon-ley-trans-20210707125440-nt.html\">Amelia Valc\u00e1rcel, sobre la identidad de g\u00e9nero: \u00abS\u00e9 lo que es el sexo, lo otro no s\u00e9, es un concepto\u00bb<\/a><\/u>-elcomercio<\/p>\n<p><u><a href=\"https:\/\/www.publico.es\/ciencias\/estudios-coronavirus-variables-sexo-genero-estudios-clinicos-covid-19.html\">estudios coronavirus \u00bfD\u00f3nde est\u00e1n las variables de sexo y g\u00e9nero en los estudios cl\u00ednicos sobre la covid-19?<\/a><\/u>-P\u00fablico<strong>\u00a0<\/strong><\/p>\n<p><strong>Violencias<\/strong><\/p>\n<p><u><a href=\"https:\/\/www.codigonuevo.com\/feminismo\/aprobacion-ley-solo-si-es-si-logro-historico-mujeres\">Por qu\u00e9 la aprobaci\u00f3n de la ley \u2018solo s\u00ed es s\u00ed\u2019 es un logro hist\u00f3rico para las mujeres<\/a><\/u>-codigonuevo<\/p>\n<p><u><a href=\"https:\/\/www.infolibre.es\/noticias\/politica\/2021\/07\/07\/ataques_comunidad_lgtbi_aumento_122481_1012.html\">Los datos oficiales sobre ataques LGTBI destapan una violencia sist\u00e9mica en ascenso que los expertos ven m\u00e1s expl\u00edcita<\/a><\/u>-infolibre<\/p>\n<p><u><a href=\"https:\/\/www.noticiasdenavarra.com\/actualidad\/sucesos\/2021\/07\/07\/murchante-navarra-crimen-machista\/1162666.html\">Crimen machista en Murchante: asesinada una mujer por un var\u00f3n que se ha dado a la fuga<\/a><\/u>-noticias<strong>\u00a0<\/strong><\/p>\n<p><strong>Ciencia y Cultura<\/strong><\/p>\n<p><a href=\"https:\/\/www.google.com\/url?rct=j&amp;sa=t&amp;url=https:\/\/www.europapress.es\/andalucia\/noticia-investigadora-csic-invita-nuevo-pacto-social-cese-desigualdades-hombres-mujeres-20210706183210.html&amp;ct=ga&amp;cd=CAEYACoTNzU3MjAzMTk5MTI5MzQ3MDI5NjIZYzAzNzJlYmMyZmVhZGE1OTplczplczpFUw&amp;usg=AFQjCNEBGBLF1BUk3H_ZVu8fD5VZERvuZw\">M\u00aa \u00c1ngeles Dur\u00e1n, catedr\u00e1tica de sociolog\u00eda e investigadora del CSIC invita a \u00abun nuevo pacto social\u00bb como \u00abcese de las desigualdades\u00bb entre &#8230;<\/a>&#8211;\u00a0Europa Press<a href=\"https:\/\/www.google.com\/url?rct=j&amp;sa=t&amp;url=https:\/\/www.lne.es\/asturias\/2021\/07\/06\/26-grupos-investigacion-universidad-liderados-54710843.html&amp;ct=ga&amp;cd=CAEYACoTNDgyNTc4MTc2MTMyNTgwODczNzIZYzAzNzJlYmMyZmVhZGE1OTplczplczpFUw&amp;usg=AFQjCNGdDs0MuJUP5pP-voZfnC1YNUOcXg\"><br \/>\nSolo el 26% de los grupos de investigaci\u00f3n de la Universidad est\u00e1n liderados por\u00a0mujeres<\/a>&#8211;\u00a0La Nueva Espa\u00f1a<\/p>\n<p><a href=\"https:\/\/www.google.com\/url?rct=j&amp;sa=t&amp;url=https:\/\/www.efeminista.com\/exposicion-iberoamericana-toro\/&amp;ct=ga&amp;cd=CAEYACoTNzM0MTUyOTA1NzI2NTk1MTM3OTIZYzAzNzJlYmMyZmVhZGE1OTplczplczpFUw&amp;usg=AFQjCNGWtY4lgyNOsPy39f-20SSu0D3euA\">La exposici\u00f3n \u201cIberoamericana de Toro\u201d reivindica a una treintena de\u00a0mujeres\u00a0artistas del siglo XXI<\/a>&#8211;\u00a0Agencia EFE<a href=\"https:\/\/www.google.com\/url?rct=j&amp;sa=t&amp;url=https:\/\/www.diariodelaltoaragon.es\/noticias\/cultura\/2021\/07\/06\/serenade-llena-el-pirineos-classic-de-arte-femenino-1504494-daa.html&amp;ct=ga&amp;cd=CAEYASoUMTA4MjU1NTQ5NTMzMzQzNTk2OTAyGWMwMzcyZWJjMmZlYWRhNTk6ZXM6ZXM6RVM&amp;usg=AFQjCNHWf7jlNK-3mKfxI1c-5ltbxPNyLA\"><br \/>\n&#8216;S\u00e9r\u00e9nade&#8217; llena el Pirineos Classic de arte femenino<\/a>&#8211;\u00a0Alto Arag\u00f3n<\/p>\n<p><u><a href=\"https:\/\/www.diariodeburgos.es\/Noticia\/Z01A47EC2-0F47-678C-47BBF77C8F5C1FA2\/202107\/Mas-mujeres-para-el-siglo-XIX-del-museo-del-Prado\">M\u00e1s mujeres para el siglo XIX del Museo del Prado<\/a><\/u>-diariodeburgos<\/p>\n<p><u><a href=\"https:\/\/www.lne.es\/aviles\/2021\/07\/06\/tatiana-delgado-recibe-celsius-232-54740863.html\">Tatiana Delgado recibe en el Celsius 232 el primer premio \u00abCIMA Games\u00bb al talento en la industria del videojuego<\/a><\/u>-lne<strong>\u00a0<\/strong><\/p>\n<p><strong>Deporte<\/strong><\/p>\n<p><u><a href=\"https:\/\/www.eleconomista.es\/ecoaula\/noticias\/11312038\/07\/21\/Se-busca-mujeres-deportistas-que-quieran-cursar-estudios-universitarios-en-EEUU-con-becas-de-hasta-el-100.html\">Se busca: mujeres deportistas que quieran cursar estudios universitarios en EEUU con becas de hasta el 100%<\/a><\/u>-eleconomista<\/p>\n<p><u><a href=\"https:\/\/prnoticias.com\/2021\/07\/07\/ona-carbonell-amadrina-el-proyecto-save-the-oceans-promovido-por-la-sirena\/\">Ona Carbonell amadrina el proyecto \u2018Save The Oceans\u2019 promovido por La Sirena<\/a><\/u>-prnoticias<\/p>\n<p><u><a href=\"https:\/\/www.elespanol.com\/quincemil\/articulos\/deporte\/eva-dios-renueva-su-contrato-con-el-deportivo-abanca-hasta-2023\">Eva Dios renueva su contrato con el Deportivo Abanca hasta 2023<\/a>&#8211;<\/u>elespanol<\/p>\n<p><a href=\"https:\/\/www.elperiodicomediterraneo.com\/villarrealcf\/2021\/07\/05\/villarreal-academia-internacional-54695260.html\">El Villarreal, pionero en Espa\u00f1a en exportar su modelo de formaci\u00f3n de f\u00fatbol femenino<\/a>-mediterraneo<\/p>\n<\/div>\n<\/div>\n<div id=\"\" class=\"lsow-panel lsow-active\">\n<h1 class=\"lsow-panel-title\">Internacional<\/h1>\n<div class=\"lsow-panel-content\">\n<p><a href=\"https:\/\/amecopress.net\/Tener-el-25-por-ciento-del-poder-no-es-igualdad-Phumzile-Mlambo-Ngcuka-Directora-ejecutiva-de-ONU-Mujeres\">Tener el 25 por ciento del poder no es igualdad: Phumzile Mlambo-Ngcuka, Directora ejecutiva de ONU-Mujeres |\u00a0\u00a0Ameco Press<\/a><\/p>\n<p><a href=\"https:\/\/amecopress.net\/Entrada-en-vigor-del-primer-tratado-internacional-para-enfrentar-la-violencia-y-el-acoso-en-el-trabajo\">Entrada en vigor del primer tratado internacional para enfrentar la violencia y el acoso en el trabajo\u00a0|\u00a0 Ameco Press<\/a><\/p>\n<p><a href=\"https:\/\/www.google.com\/url?rct=j&amp;sa=t&amp;url=https:\/\/www.dw.com\/es\/elisa-loncon-y-el-sue%25C3%25B1o-de-un-nuevo-chile-paritario-y-plurinacional\/a-58169291&amp;ct=ga&amp;cd=CAEYAyoTOTQyNjE3MTY1Mzc4NDIwNjM2NzIZYzAzNzJlYmMyZmVhZGE1OTplczplczpFUw&amp;usg=AFQjCNH5mJ5PEoC_zbfOAx7stee1gQdaFg\">Elisa Loncon y el sue\u00f1o de un nuevo Chile, paritario y plurinacional<\/a>&#8211;\u00a0Deutsche Welle<\/p>\n<p><a href=\"https:\/\/www.google.com\/url?rct=j&amp;sa=t&amp;url=https:\/\/amqueretaro.com\/negocios\/2021\/07\/05\/las-mujeres-retienen-mas-talento-en-las-empresas\/&amp;ct=ga&amp;cd=CAEYAioSNjg3OTEzNzA3NDA1NDcyMzg4MhljMDM3MmViYzJmZWFkYTU5OmVzOmVzOkVT&amp;usg=AFQjCNEPGiI0Jq2JjMT8iQJz4eTLMuD92w\">Las\u00a0mujeres\u00a0retienen m\u00e1s talento en las empresas<\/a>&#8211;\u00a0Periodico a.m.<\/p>\n<p><u><a href=\"https:\/\/www.consalud.es\/politica\/administracion\/oms-comprometida-empoderamiento-salud-mujeres_99259_102.html\">La OMS, comprometida con el empoderamiento y la salud de las mujeres<\/a><\/u>&#8211;<a href=\"http:\/\/consalud.es\/\">consalud.es<\/a><a href=\"https:\/\/www.google.com\/url?rct=j&amp;sa=t&amp;url=https:\/\/www.milenio.com\/negocios\/ocde-insta-paises-desarrollo-atender-causas-descontento-social&amp;ct=ga&amp;cd=CAEYACoSNzIxNzU4OTAxMjI5ODU4MDY1Mhk1OWQ3ODE3MTM2YTJkMDI4OmVzOmVzOkVT&amp;usg=AFQjCNGm3WpHCwOdEHGPTk-xLDxj3Fr_Ww\"><br \/>\nOCDE insta a pa\u00edses en desarrollo a atender causas de descontento social<\/a>&#8211;\u00a0Milenio.com<\/p>\n<p><u><a href=\"https:\/\/www.20minutos.es\/noticia\/4756006\/0\/violencia-de-genero-le-cuesta-a-la-ue-366-000-millones-de-euros-anuales\/\">La violencia de g\u00e9nero le cuesta 366.000 millones de euros al a\u00f1o a la Uni\u00f3n Europea<\/a><\/u>-20minutos<a href=\"https:\/\/www.google.com\/url?rct=j&amp;sa=t&amp;url=https:\/\/www.swissinfo.ch\/spa\/hungr%25C3%25ADa-homofobia_hungr%25C3%25ADa-califica-de--antidemocr%25C3%25A1ticas--las-cr%25C3%25ADticas-a-su-ley-hom%25C3%25B3foba\/46763842&amp;ct=ga&amp;cd=CAEYACoTNTQ4MjIzMzUyMzU4OTcxOTQzNjIZY2M3OTg0MWM2ZWYzNGViZjplczplczpFUw&amp;usg=AFQjCNEkGSnO2_jg486QBxSCbx8oewGS-A\"><br \/>\nHungr\u00eda califica de \u00abantidemocr\u00e1ticas\u00bb las cr\u00edticas a su ley hom\u00f3foba<\/a>&#8211;\u00a0<a href=\"http:\/\/swissinfo.ch\/\">swissinfo.ch<\/a><\/p>\n<p><a href=\"https:\/\/www.google.com\/url?rct=j&amp;sa=t&amp;url=https:\/\/cincodias.elpais.com\/cincodias\/2021\/07\/05\/fortunas\/1625497796_335762.html&amp;ct=ga&amp;cd=CAEYAyoTMzUzMzc0Nzg2MTYwNDc4MDgxMDIZYzAzNzJlYmMyZmVhZGE1OTplczplczpFUw&amp;usg=AFQjCNGan0_yCN8F8z6BbbLOPdCb-HhJjA\">Muere Raffaella Carr\u00e0 a los 78 a\u00f1os<\/a>&#8211;\u00a0Cinco D\u00edas<a href=\"https:\/\/www.google.com\/url?rct=j&amp;sa=t&amp;url=https:\/\/heraldodemexico.com.mx\/tendencias\/2021\/7\/5\/black-widow-como-ha-cambiado-el-papel-de-las-mujeres-en-los-comics-313107.html&amp;ct=ga&amp;cd=CAEYACoTMzI0MzgwNjk2Mjk0NjM2OTUxNzIZYzAzNzJlYmMyZmVhZGE1OTplczplczpFUw&amp;usg=AFQjCNFp_UctxONk5ai-ziiEJ08fYP9t_A\"><br \/>\nBlack Widow y c\u00f3mo ha cambiado el papel de las\u00a0mujeres en\u00a0los c\u00f3mics<\/a>&#8211;\u00a0Heraldo de M\u00e9xico<\/p>\n<p><u><a href=\"https:\/\/es-us.vida-estilo.yahoo.com\/liderado-mujeres-jurado-cannes-espera-183626871.html\">Liderado por mujeres, el jurado de Cannes espera que se acabe debate sobre g\u00e9nero<\/a><\/u>-yahoo<\/p>\n<p><u><a href=\"https:\/\/www.estrelladigital.es\/articulo\/cultura\/jodie-foster-recibe-palma-oro-cannes-manos-pedro-almodovar\/20210707114509463018.html\">Jodie Foster recibe la Palma de Oro de Cannes de manos de Pedro Almod\u00f3var<\/a><\/u>-estrelladigital<\/p>\n<\/div>\n<\/div>\n<\/div><\/div><\/div><\/div><\/div>\n","protected":false},"excerpt":{"rendered":"<p>Phumzile Mlambo &#8211; Ngcuka de ONU Mujeres: el 25% del poder no es igualdad * La falta de empleo y bien remunerado hunde la natalidad * Solo s\u00ed es s\u00ed * M\u00e1s mujeres para el s. XIX del Prado * La digitalizaci\u00f3n olvida a las mujeres <\/p>\n","protected":false},"author":3,"featured_media":22909,"comment_status":"closed","ping_status":"closed","sticky":false,"template":"","format":"standard","meta":{"footnotes":""},"categories":[298,621],"tags":[274,80,96],"class_list":["post-15493","post","type-post","status-publish","format-standard","has-post-thumbnail","hentry","category-newsletter","category-nwl-3-0","tag-digitalizacion","tag-igualdad-de-genero","tag-mujeres"],"yoast_head":"<!-- This site is optimized with the Yoast SEO plugin v27.5 - https:\/\/yoast.com\/product\/yoast-seo-wordpress\/ -->\n<title>Noticias Info CKL n\u00ba 2600-07\/07\/21-Comunicar con perspectiva de g\u00e9nero<\/title>\n<meta name=\"description\" content=\"Phumzile Mlambo - Ngcuka de ONU Mujeres: el 25% del poder no es igualdad * La falta de empleo y bien remunerado hunde la natalidad * Solo s\u00ed es s\u00ed * M\u00e1s mujeres para el s. XIX del Prado * La digitalizaci\u00f3n olvida a las mujeres\" \/>\n<meta name=\"robots\" content=\"index, follow, max-snippet:-1, max-image-preview:large, max-video-preview:-1\" \/>\n<link rel=\"canonical\" href=\"https:\/\/cklcomunicaciones.es\/coop\/noticias-info-ckl-no-2600-07-07-21\/\" \/>\n<meta property=\"og:locale\" content=\"es_ES\" \/>\n<meta property=\"og:type\" content=\"article\" \/>\n<meta property=\"og:title\" content=\"Noticias Info CKL n\u00ba 2600-07\/07\/21-Comunicar con perspectiva de g\u00e9nero\" \/>\n<meta property=\"og:description\" content=\"Phumzile Mlambo - Ngcuka de ONU Mujeres: el 25% del poder no es igualdad * La falta de empleo y bien remunerado hunde la natalidad * Solo s\u00ed es s\u00ed * M\u00e1s mujeres para el s. XIX del Prado * La digitalizaci\u00f3n olvida a las mujeres\" \/>\n<meta property=\"og:url\" content=\"https:\/\/cklcomunicaciones.es\/coop\/noticias-info-ckl-no-2600-07-07-21\/\" \/>\n<meta property=\"og:site_name\" content=\"CKL Comunicaciones\" \/>\n<meta property=\"article:published_time\" content=\"2021-07-07T12:28:31+00:00\" \/>\n<meta property=\"article:modified_time\" content=\"2025-02-10T00:55:57+00:00\" \/>\n<meta property=\"og:image\" content=\"https:\/\/cklcomunicaciones.es\/coop\/wp-content\/uploads\/2025\/01\/CKL-una-mirada-distinta-de-la-comunicacion.jpg\" \/>\n\t<meta property=\"og:image:width\" content=\"1482\" \/>\n\t<meta property=\"og:image:height\" content=\"775\" \/>\n\t<meta property=\"og:image:type\" content=\"image\/jpeg\" \/>\n<meta name=\"author\" content=\"ckl\" \/>\n<meta name=\"twitter:card\" content=\"summary_large_image\" \/>\n<meta name=\"twitter:label1\" content=\"Escrito por\" \/>\n\t<meta name=\"twitter:data1\" content=\"ckl\" \/>\n\t<meta name=\"twitter:label2\" content=\"Tiempo de lectura\" \/>\n\t<meta name=\"twitter:data2\" content=\"6 minutos\" \/>\n<script type=\"application\/ld+json\" class=\"yoast-schema-graph\">{\"@context\":\"https:\\\/\\\/schema.org\",\"@graph\":[{\"@type\":\"Article\",\"@id\":\"https:\\\/\\\/cklcomunicaciones.es\\\/coop\\\/noticias-info-ckl-no-2600-07-07-21\\\/#article\",\"isPartOf\":{\"@id\":\"https:\\\/\\\/cklcomunicaciones.es\\\/coop\\\/noticias-info-ckl-no-2600-07-07-21\\\/\"},\"author\":{\"name\":\"ckl\",\"@id\":\"https:\\\/\\\/cklcomunicaciones.es\\\/coop\\\/#\\\/schema\\\/person\\\/929a6837f7626450bbb50cee1aef266e\"},\"headline\":\"Noticias Info CKL n\u00ba 2600-07\\\/07\\\/21\",\"datePublished\":\"2021-07-07T12:28:31+00:00\",\"dateModified\":\"2025-02-10T00:55:57+00:00\",\"mainEntityOfPage\":{\"@id\":\"https:\\\/\\\/cklcomunicaciones.es\\\/coop\\\/noticias-info-ckl-no-2600-07-07-21\\\/\"},\"wordCount\":1401,\"image\":{\"@id\":\"https:\\\/\\\/cklcomunicaciones.es\\\/coop\\\/noticias-info-ckl-no-2600-07-07-21\\\/#primaryimage\"},\"thumbnailUrl\":\"https:\\\/\\\/cklcomunicaciones.es\\\/coop\\\/wp-content\\\/uploads\\\/2025\\\/01\\\/CKL-una-mirada-distinta-de-la-comunicacion.jpg\",\"keywords\":[\"digitalizaci\u00f3n\",\"Igualdad de g\u00e9nero\",\"mujeres\"],\"articleSection\":[\"Newsletter\",\"Nwl v3.0\"],\"inLanguage\":\"es\"},{\"@type\":\"WebPage\",\"@id\":\"https:\\\/\\\/cklcomunicaciones.es\\\/coop\\\/noticias-info-ckl-no-2600-07-07-21\\\/\",\"url\":\"https:\\\/\\\/cklcomunicaciones.es\\\/coop\\\/noticias-info-ckl-no-2600-07-07-21\\\/\",\"name\":\"Noticias Info CKL n\u00ba 2600-07\\\/07\\\/21-Comunicar con perspectiva de g\u00e9nero\",\"isPartOf\":{\"@id\":\"https:\\\/\\\/cklcomunicaciones.es\\\/coop\\\/#website\"},\"primaryImageOfPage\":{\"@id\":\"https:\\\/\\\/cklcomunicaciones.es\\\/coop\\\/noticias-info-ckl-no-2600-07-07-21\\\/#primaryimage\"},\"image\":{\"@id\":\"https:\\\/\\\/cklcomunicaciones.es\\\/coop\\\/noticias-info-ckl-no-2600-07-07-21\\\/#primaryimage\"},\"thumbnailUrl\":\"https:\\\/\\\/cklcomunicaciones.es\\\/coop\\\/wp-content\\\/uploads\\\/2025\\\/01\\\/CKL-una-mirada-distinta-de-la-comunicacion.jpg\",\"datePublished\":\"2021-07-07T12:28:31+00:00\",\"dateModified\":\"2025-02-10T00:55:57+00:00\",\"author\":{\"@id\":\"https:\\\/\\\/cklcomunicaciones.es\\\/coop\\\/#\\\/schema\\\/person\\\/929a6837f7626450bbb50cee1aef266e\"},\"description\":\"Phumzile Mlambo - Ngcuka de ONU Mujeres: el 25% del poder no es igualdad * La falta de empleo y bien remunerado hunde la natalidad * Solo s\u00ed es s\u00ed * M\u00e1s mujeres para el s. XIX del Prado * La digitalizaci\u00f3n olvida a las mujeres\",\"breadcrumb\":{\"@id\":\"https:\\\/\\\/cklcomunicaciones.es\\\/coop\\\/noticias-info-ckl-no-2600-07-07-21\\\/#breadcrumb\"},\"inLanguage\":\"es\",\"potentialAction\":[{\"@type\":\"ReadAction\",\"target\":[\"https:\\\/\\\/cklcomunicaciones.es\\\/coop\\\/noticias-info-ckl-no-2600-07-07-21\\\/\"]}]},{\"@type\":\"ImageObject\",\"inLanguage\":\"es\",\"@id\":\"https:\\\/\\\/cklcomunicaciones.es\\\/coop\\\/noticias-info-ckl-no-2600-07-07-21\\\/#primaryimage\",\"url\":\"https:\\\/\\\/cklcomunicaciones.es\\\/coop\\\/wp-content\\\/uploads\\\/2025\\\/01\\\/CKL-una-mirada-distinta-de-la-comunicacion.jpg\",\"contentUrl\":\"https:\\\/\\\/cklcomunicaciones.es\\\/coop\\\/wp-content\\\/uploads\\\/2025\\\/01\\\/CKL-una-mirada-distinta-de-la-comunicacion.jpg\",\"width\":1482,\"height\":775,\"caption\":\"CKL - una mirada distinta de la comunicacion\"},{\"@type\":\"BreadcrumbList\",\"@id\":\"https:\\\/\\\/cklcomunicaciones.es\\\/coop\\\/noticias-info-ckl-no-2600-07-07-21\\\/#breadcrumb\",\"itemListElement\":[{\"@type\":\"ListItem\",\"position\":1,\"name\":\"Portada\",\"item\":\"https:\\\/\\\/cklcomunicaciones.es\\\/coop\\\/\"},{\"@type\":\"ListItem\",\"position\":2,\"name\":\"Noticias Info CKL n\u00ba 2600-07\\\/07\\\/21\"}]},{\"@type\":\"WebSite\",\"@id\":\"https:\\\/\\\/cklcomunicaciones.es\\\/coop\\\/#website\",\"url\":\"https:\\\/\\\/cklcomunicaciones.es\\\/coop\\\/\",\"name\":\"CKL Comunicaciones\",\"description\":\"Sitio web de CKL Comunicaciones coop , la consultora de comunicaci\u00f3n y estrategia\",\"potentialAction\":[{\"@type\":\"SearchAction\",\"target\":{\"@type\":\"EntryPoint\",\"urlTemplate\":\"https:\\\/\\\/cklcomunicaciones.es\\\/coop\\\/?s={search_term_string}\"},\"query-input\":{\"@type\":\"PropertyValueSpecification\",\"valueRequired\":true,\"valueName\":\"search_term_string\"}}],\"inLanguage\":\"es\"},{\"@type\":\"Person\",\"@id\":\"https:\\\/\\\/cklcomunicaciones.es\\\/coop\\\/#\\\/schema\\\/person\\\/929a6837f7626450bbb50cee1aef266e\",\"name\":\"ckl\",\"image\":{\"@type\":\"ImageObject\",\"inLanguage\":\"es\",\"@id\":\"https:\\\/\\\/secure.gravatar.com\\\/avatar\\\/c82db564e8a669bf6023357a157b9dc4780f4d4c618f2ad1d71a6a5dede45057?s=96&d=mm&r=g\",\"url\":\"https:\\\/\\\/secure.gravatar.com\\\/avatar\\\/c82db564e8a669bf6023357a157b9dc4780f4d4c618f2ad1d71a6a5dede45057?s=96&d=mm&r=g\",\"contentUrl\":\"https:\\\/\\\/secure.gravatar.com\\\/avatar\\\/c82db564e8a669bf6023357a157b9dc4780f4d4c618f2ad1d71a6a5dede45057?s=96&d=mm&r=g\",\"caption\":\"ckl\"},\"url\":\"https:\\\/\\\/cklcomunicaciones.es\\\/coop\\\/author\\\/cklcomunicaciones\\\/\"}]}<\/script>\n<!-- \/ Yoast SEO plugin. -->","yoast_head_json":{"title":"Noticias Info CKL n\u00ba 2600-07\/07\/21-Comunicar con perspectiva de g\u00e9nero","description":"Phumzile Mlambo - Ngcuka de ONU Mujeres: el 25% del poder no es igualdad * La falta de empleo y bien remunerado hunde la natalidad * Solo s\u00ed es s\u00ed * M\u00e1s mujeres para el s. XIX del Prado * La digitalizaci\u00f3n olvida a las mujeres","robots":{"index":"index","follow":"follow","max-snippet":"max-snippet:-1","max-image-preview":"max-image-preview:large","max-video-preview":"max-video-preview:-1"},"canonical":"https:\/\/cklcomunicaciones.es\/coop\/noticias-info-ckl-no-2600-07-07-21\/","og_locale":"es_ES","og_type":"article","og_title":"Noticias Info CKL n\u00ba 2600-07\/07\/21-Comunicar con perspectiva de g\u00e9nero","og_description":"Phumzile Mlambo - Ngcuka de ONU Mujeres: el 25% del poder no es igualdad * La falta de empleo y bien remunerado hunde la natalidad * Solo s\u00ed es s\u00ed * M\u00e1s mujeres para el s. XIX del Prado * La digitalizaci\u00f3n olvida a las mujeres","og_url":"https:\/\/cklcomunicaciones.es\/coop\/noticias-info-ckl-no-2600-07-07-21\/","og_site_name":"CKL Comunicaciones","article_published_time":"2021-07-07T12:28:31+00:00","article_modified_time":"2025-02-10T00:55:57+00:00","og_image":[{"width":1482,"height":775,"url":"https:\/\/cklcomunicaciones.es\/coop\/wp-content\/uploads\/2025\/01\/CKL-una-mirada-distinta-de-la-comunicacion.jpg","type":"image\/jpeg"}],"author":"ckl","twitter_card":"summary_large_image","twitter_misc":{"Escrito por":"ckl","Tiempo de lectura":"6 minutos"},"schema":{"@context":"https:\/\/schema.org","@graph":[{"@type":"Article","@id":"https:\/\/cklcomunicaciones.es\/coop\/noticias-info-ckl-no-2600-07-07-21\/#article","isPartOf":{"@id":"https:\/\/cklcomunicaciones.es\/coop\/noticias-info-ckl-no-2600-07-07-21\/"},"author":{"name":"ckl","@id":"https:\/\/cklcomunicaciones.es\/coop\/#\/schema\/person\/929a6837f7626450bbb50cee1aef266e"},"headline":"Noticias Info CKL n\u00ba 2600-07\/07\/21","datePublished":"2021-07-07T12:28:31+00:00","dateModified":"2025-02-10T00:55:57+00:00","mainEntityOfPage":{"@id":"https:\/\/cklcomunicaciones.es\/coop\/noticias-info-ckl-no-2600-07-07-21\/"},"wordCount":1401,"image":{"@id":"https:\/\/cklcomunicaciones.es\/coop\/noticias-info-ckl-no-2600-07-07-21\/#primaryimage"},"thumbnailUrl":"https:\/\/cklcomunicaciones.es\/coop\/wp-content\/uploads\/2025\/01\/CKL-una-mirada-distinta-de-la-comunicacion.jpg","keywords":["digitalizaci\u00f3n","Igualdad de g\u00e9nero","mujeres"],"articleSection":["Newsletter","Nwl v3.0"],"inLanguage":"es"},{"@type":"WebPage","@id":"https:\/\/cklcomunicaciones.es\/coop\/noticias-info-ckl-no-2600-07-07-21\/","url":"https:\/\/cklcomunicaciones.es\/coop\/noticias-info-ckl-no-2600-07-07-21\/","name":"Noticias Info CKL n\u00ba 2600-07\/07\/21-Comunicar con perspectiva de g\u00e9nero","isPartOf":{"@id":"https:\/\/cklcomunicaciones.es\/coop\/#website"},"primaryImageOfPage":{"@id":"https:\/\/cklcomunicaciones.es\/coop\/noticias-info-ckl-no-2600-07-07-21\/#primaryimage"},"image":{"@id":"https:\/\/cklcomunicaciones.es\/coop\/noticias-info-ckl-no-2600-07-07-21\/#primaryimage"},"thumbnailUrl":"https:\/\/cklcomunicaciones.es\/coop\/wp-content\/uploads\/2025\/01\/CKL-una-mirada-distinta-de-la-comunicacion.jpg","datePublished":"2021-07-07T12:28:31+00:00","dateModified":"2025-02-10T00:55:57+00:00","author":{"@id":"https:\/\/cklcomunicaciones.es\/coop\/#\/schema\/person\/929a6837f7626450bbb50cee1aef266e"},"description":"Phumzile Mlambo - Ngcuka de ONU Mujeres: el 25% del poder no es igualdad * La falta de empleo y bien remunerado hunde la natalidad * Solo s\u00ed es s\u00ed * M\u00e1s mujeres para el s. XIX del Prado * La digitalizaci\u00f3n olvida a las mujeres","breadcrumb":{"@id":"https:\/\/cklcomunicaciones.es\/coop\/noticias-info-ckl-no-2600-07-07-21\/#breadcrumb"},"inLanguage":"es","potentialAction":[{"@type":"ReadAction","target":["https:\/\/cklcomunicaciones.es\/coop\/noticias-info-ckl-no-2600-07-07-21\/"]}]},{"@type":"ImageObject","inLanguage":"es","@id":"https:\/\/cklcomunicaciones.es\/coop\/noticias-info-ckl-no-2600-07-07-21\/#primaryimage","url":"https:\/\/cklcomunicaciones.es\/coop\/wp-content\/uploads\/2025\/01\/CKL-una-mirada-distinta-de-la-comunicacion.jpg","contentUrl":"https:\/\/cklcomunicaciones.es\/coop\/wp-content\/uploads\/2025\/01\/CKL-una-mirada-distinta-de-la-comunicacion.jpg","width":1482,"height":775,"caption":"CKL - una mirada distinta de la comunicacion"},{"@type":"BreadcrumbList","@id":"https:\/\/cklcomunicaciones.es\/coop\/noticias-info-ckl-no-2600-07-07-21\/#breadcrumb","itemListElement":[{"@type":"ListItem","position":1,"name":"Portada","item":"https:\/\/cklcomunicaciones.es\/coop\/"},{"@type":"ListItem","position":2,"name":"Noticias Info CKL n\u00ba 2600-07\/07\/21"}]},{"@type":"WebSite","@id":"https:\/\/cklcomunicaciones.es\/coop\/#website","url":"https:\/\/cklcomunicaciones.es\/coop\/","name":"CKL Comunicaciones","description":"Sitio web de CKL Comunicaciones coop , la consultora de comunicaci\u00f3n y estrategia","potentialAction":[{"@type":"SearchAction","target":{"@type":"EntryPoint","urlTemplate":"https:\/\/cklcomunicaciones.es\/coop\/?s={search_term_string}"},"query-input":{"@type":"PropertyValueSpecification","valueRequired":true,"valueName":"search_term_string"}}],"inLanguage":"es"},{"@type":"Person","@id":"https:\/\/cklcomunicaciones.es\/coop\/#\/schema\/person\/929a6837f7626450bbb50cee1aef266e","name":"ckl","image":{"@type":"ImageObject","inLanguage":"es","@id":"https:\/\/secure.gravatar.com\/avatar\/c82db564e8a669bf6023357a157b9dc4780f4d4c618f2ad1d71a6a5dede45057?s=96&d=mm&r=g","url":"https:\/\/secure.gravatar.com\/avatar\/c82db564e8a669bf6023357a157b9dc4780f4d4c618f2ad1d71a6a5dede45057?s=96&d=mm&r=g","contentUrl":"https:\/\/secure.gravatar.com\/avatar\/c82db564e8a669bf6023357a157b9dc4780f4d4c618f2ad1d71a6a5dede45057?s=96&d=mm&r=g","caption":"ckl"},"url":"https:\/\/cklcomunicaciones.es\/coop\/author\/cklcomunicaciones\/"}]}},"_links":{"self":[{"href":"https:\/\/cklcomunicaciones.es\/coop\/wp-json\/wp\/v2\/posts\/15493","targetHints":{"allow":["GET"]}}],"collection":[{"href":"https:\/\/cklcomunicaciones.es\/coop\/wp-json\/wp\/v2\/posts"}],"about":[{"href":"https:\/\/cklcomunicaciones.es\/coop\/wp-json\/wp\/v2\/types\/post"}],"author":[{"embeddable":true,"href":"https:\/\/cklcomunicaciones.es\/coop\/wp-json\/wp\/v2\/users\/3"}],"replies":[{"embeddable":true,"href":"https:\/\/cklcomunicaciones.es\/coop\/wp-json\/wp\/v2\/comments?post=15493"}],"version-history":[{"count":0,"href":"https:\/\/cklcomunicaciones.es\/coop\/wp-json\/wp\/v2\/posts\/15493\/revisions"}],"wp:featuredmedia":[{"embeddable":true,"href":"https:\/\/cklcomunicaciones.es\/coop\/wp-json\/wp\/v2\/media\/22909"}],"wp:attachment":[{"href":"https:\/\/cklcomunicaciones.es\/coop\/wp-json\/wp\/v2\/media?parent=15493"}],"wp:term":[{"taxonomy":"category","embeddable":true,"href":"https:\/\/cklcomunicaciones.es\/coop\/wp-json\/wp\/v2\/categories?post=15493"},{"taxonomy":"post_tag","embeddable":true,"href":"https:\/\/cklcomunicaciones.es\/coop\/wp-json\/wp\/v2\/tags?post=15493"}],"curies":[{"name":"wp","href":"https:\/\/api.w.org\/{rel}","templated":true}]}}