{"id":15474,"date":"2021-06-23T12:00:16","date_gmt":"2021-06-23T10:00:16","guid":{"rendered":"https:\/\/www.cklcomunicaciones.es\/?p=15474"},"modified":"2025-02-10T17:31:35","modified_gmt":"2025-02-10T16:31:35","slug":"noticias-info-ckl-no-2594-23-06-21","status":"publish","type":"post","link":"https:\/\/cklcomunicaciones.es\/coop\/noticias-info-ckl-no-2594-23-06-21\/","title":{"rendered":"Noticias Info CKL n\u00ba 2594-23\/06\/21"},"content":{"rendered":"<div class=\"fusion-fullwidth fullwidth-box fusion-builder-row-1 fusion-flex-container nonhundred-percent-fullwidth non-hundred-percent-height-scrolling\" style=\"--awb-border-radius-top-left:0px;--awb-border-radius-top-right:0px;--awb-border-radius-bottom-right:0px;--awb-border-radius-bottom-left:0px;--awb-flex-wrap:wrap;\" ><div class=\"fusion-builder-row fusion-row fusion-flex-align-items-flex-start fusion-flex-content-wrap\" style=\"max-width:1248px;margin-left: calc(-4% \/ 2 );margin-right: calc(-4% \/ 2 );\"><div class=\"fusion-layout-column fusion_builder_column fusion-builder-column-0 fusion_builder_column_1_1 1_1 fusion-flex-column\" style=\"--awb-bg-blend:overlay;--awb-bg-size:cover;--awb-width-large:100%;--awb-margin-top-large:0px;--awb-spacing-right-large:1.92%;--awb-margin-bottom-large:0px;--awb-spacing-left-large:1.92%;--awb-width-medium:100%;--awb-spacing-right-medium:1.92%;--awb-spacing-left-medium:1.92%;--awb-width-small:100%;--awb-spacing-right-small:1.92%;--awb-spacing-left-small:1.92%;\"><div class=\"fusion-column-wrapper fusion-flex-justify-content-flex-start fusion-content-layout-column\"><div class=\"fusion-text fusion-text-1\"><div id=\"\" class=\"lsow-panel lsow-active\">\n<h1 class=\"lsow-panel-title\">Recomendaciones<\/h1>\n<div class=\"lsow-panel-content\">\n<ul>\n<li>Bolet\u00edn electr\u00f3nico Mujer y Deporte. Junio 2021.<a href=\"https:\/\/www.csd.gob.es\/es\/mujer-y-deporte\/boletin-electronico\">www.csdgob.es\/es\/mujer-y-deporte\/boletin-electronico<\/a><\/li>\n<\/ul>\n<\/div>\n<\/div>\n<div id=\"\" class=\"lsow-panel lsow-active\">\n<h1 class=\"lsow-panel-title\">Comunicaci\u00f3n, Publicidad y TICs<\/h1>\n<div class=\"lsow-panel-content\">\n<p><a href=\"https:\/\/www.google.com\/url?rct=j&amp;sa=t&amp;url=https:\/\/www.rtve.es\/deportes\/20210622\/elena-jimenez-antia-andre-recogen-premio-lili-alvarez\/2107740.shtml&amp;ct=ga&amp;cd=CAEYAioTMjIwNzczOTQzNTcyNjg2NzExODIZYzAzNzJlYmMyZmVhZGE1OTplczplczpFUw&amp;usg=AFQjCNHZ1-9-HpDo22bj_VqoFCuRbJ2k8w\">Las periodistas de RTVE Elena Jim\u00e9nez y Ant\u00eda Andr\u00e9 recogen el premio Lili \u00c1lvarez de Periodismo<\/a>&#8211;\u00a0Rtve<\/p>\n<p><a href=\"https:\/\/www.lavanguardia.com\/local\/sevilla\/20210621\/7546326\/consejo-audiovisual-andalucia-participa-encuentro-digital-sobre-menores-nuevas-tecnologias.html\">El Consejo Audiovisual de Andaluc\u00eda participa en el encuentro digital sobre &#8216;Menores y nuevas tecnolog\u00edas&#8217;<\/a>-lavanguardia<a href=\"https:\/\/www.google.com\/url?rct=j&amp;sa=t&amp;url=https:\/\/elderecho.com\/inteligencia-artificial-e-igualdad-de-genero-un-analisis-comparado-entre-la-ue-suecia-y-espana-fundacion-alternativas&amp;ct=ga&amp;cd=CAEYASoTODY2MTE0NDE4MzExNzE5MjkzMTIZZTFlNzdkMTU2MDk4YThlMzplczplczpFUw&amp;usg=AFQjCNFps0Zq6i9Il3jXI8BZudy6R8wq3Q\"><br \/>\nInteligencia artificial e igualdad de\u00a0g\u00e9nero. Un an\u00e1lisis comparado entre la UE, Suecia y Espa\u00f1a &#8230;<\/a>&#8211;\u00a0El Derecho<a href=\"https:\/\/www.google.com\/url?rct=j&amp;sa=t&amp;url=https:\/\/es.noticias.yahoo.com\/ue-investiga-google-viol%25C3%25B3-normas-151323250.html&amp;ct=ga&amp;cd=CAEYASoUMTgyMDg1MzExMzA0NDU0NjI0ODEyGWNjNzk4NDFjNmVmMzRlYmY6ZXM6ZXM6RVM&amp;usg=AFQjCNEjkt-CZhx8fDftyRK021wE04-7-Q\"><br \/>\nLa UE investiga si Google viol\u00f3 normas de la competencia en\u00a0publicidad<\/a>&#8211;\u00a0Yahoo Noticias Espa\u00f1a<\/p>\n<p><a href=\"https:\/\/www.eldiario.es\/redaccion\/eldiario-afianza-medio-nativo-digital-leido-fiable-informe-anual-instituto-reuters_132_8064840.html\">elDiario.es se afianza como el medio nativo digital m\u00e1s le\u00eddo y fiable, seg\u00fan el informe anual del Instituto Reuters<\/a>-eldiario<\/p>\n<\/div>\n<\/div>\n<div id=\"\" class=\"lsow-panel lsow-active\">\n<h1 class=\"lsow-panel-title\">Andaluc\u00eda<\/h1>\n<div class=\"lsow-panel-content\">\n<p><strong>Econom\u00eda y Empresas<\/strong><\/p>\n<p><a href=\"https:\/\/www.eldiario.es\/andalucia\/andalucia-celebra-contemple-peticion-olivar-tenga-atencion-especial-nueva-pac_1_8065292.html\">Andaluc\u00eda celebra que el Estado contemple la petici\u00f3n para que el olivar tenga una atenci\u00f3n especial en la nueva PAC<\/a>-eldiario<a href=\"https:\/\/www.google.com\/url?rct=j&amp;sa=t&amp;url=https:\/\/www.europapress.es\/esandalucia\/huelva\/noticia-junta-ofrece-entidades-asociaciones-huelva-hacer-aportaciones-primera-estrategia-conciliacion-20210622160007.html&amp;ct=ga&amp;cd=CAEYACoTNTU3NTc5NjY1MDgzNTgxNjQyMzIbOWFiMWNkZDdlMzY2ZWYzODplczplczpFUzpS&amp;usg=AFQjCNG0469criC6jY_IVt1fmYfCDng8pA\"><br \/>\nLa Junta ofrece a entidades y asociaciones de Huelva hacer aportaciones a la primera Estrategia de Conciliaci\u00f3n &#8230;<\/a>&#8211;\u00a0Europa Press<\/p>\n<p><a href=\"https:\/\/www.laopiniondemalaga.es\/malaga\/2021\/06\/23\/malaga-despega-capital-creativa-alta-54153340.html\">M\u00e1laga despega como capital creativa de la alta gastronom\u00eda<\/a>&#8211; laoponiondemalaga<\/p>\n<p><a href=\"https:\/\/www.diariosur.es\/sociedad\/educacion\/doble-oportunidad-formacion-20210622165925-nt.html\">La doble oportunidad de la Formaci\u00f3n Profesional: la empleabilidad de una profesi\u00f3n y el acceso a estudios universitarios<\/a>-diariosur<\/p>\n<p><strong>Actualidad<\/strong><a href=\"https:\/\/www.google.com\/url?rct=j&amp;sa=t&amp;url=https:\/\/www.huelvainformacion.es\/huelva\/Antonia-Arrobas-avenida-localidad-natal_0_1585641959.html&amp;ct=ga&amp;cd=CAEYACoUMTc4MzAxODI1MjM5NjI2ODkyMzgyGWMwMzcyZWJjMmZlYWRhNTk6ZXM6ZXM6RVM&amp;usg=AFQjCNEX72ywqi4iIdeHuHHiXo9-zdKrcg\"><br \/>\nAntonia Arrobas ya tiene una avenida en su localidad natal<\/a>&#8211;\u00a0Huelva Informaci\u00f3n<\/p>\n<p><a href=\"https:\/\/www.teleprensa.com\/articulo\/almeria-sociedad\/almeria-reivindica-diversidad-familias-andaluzas-dia-orgullo-lgtbi\/20210622134235966052.html\">Almer\u00eda reivindica la diversidad de las familias andaluzas en el D\u00eda del Orgullo LGTBI<\/a>-teleprensa<\/p>\n<p><a href=\"https:\/\/andaluciainformacion.es\/alcala-la-real\/980177\/feministas-8m-jaen-dicen-no-a-la-eliminacion-del-lenguaje-inclusivo-en-libros-de-texto\/\">Feministas 8M Ja\u00e9n dicen no a la eliminaci\u00f3n del lenguaje inclusivo en libros de texto<\/a>-andaluciainformaci\u00f3n<\/p>\n<p><a href=\"http:\/\/www.gentedigital.es\/sevilla\/noticia\/3164592\/ugt-andalucia-reclama-al-gobierno-que-regule-el-precio-del-alquiler\/\">UGT Andaluc\u00eda reclama al Gobierno que regule el precio del alquiler<\/a>-gentedigital<strong>\u00a0<\/strong><\/p>\n<p><strong>Violencias<\/strong><a href=\"https:\/\/www.google.com\/url?rct=j&amp;sa=t&amp;url=https:\/\/www.huffingtonpost.es\/entry\/el-monstruo-y-el-celopata_es_60d057b5e4b0c101b70f2ddf&amp;ct=ga&amp;cd=CAEYACoUMTI0OTc2MTI0MTQxNjk5MzkyODkyGWUyZGVmYTdkNWRhOTE1N2Q6ZXM6ZXM6RVM&amp;usg=AFQjCNGb-wK0dyJ0tXXVL9ZlVnJ1bz---Q\"><br \/>\nEl monstruo y el cel\u00f3pata<\/a>&#8211;\u00a0El HuffPost<\/p>\n<p><a href=\"https:\/\/aionsur.com\/detenido-en-sevilla-un-entrenador-de-futbol-por-abusos-sexuales-a-menores-a-traves-de-internet\/\">Detenido en Sevilla un entrenador de futbol por abusos sexuales a menores a trav\u00e9s de internet<\/a>-aionsur<\/p>\n<p><strong>Ciencia y Cultura<\/strong><\/p>\n<p><a href=\"https:\/\/www.20minutos.es\/noticia\/4740287\/0\/el-secreto-de-las-antorchas-paleoliticas-asi-podian-ser-reencendidas-varias-veces-antes-de-ser-consumidas\/\">El secreto de las antorchas paleol\u00edticas: as\u00ed pod\u00edan ser reencendidas varias veces antes de ser consumidas<\/a>-20minutos<\/p>\n<p><a href=\"https:\/\/www.google.com\/url?rct=j&amp;sa=t&amp;url=https:\/\/andaluciagame.andaluciainformacion.es\/eventos\/mangafest\/mangafest-summer-edition-y-el-iam-juntos-en-la-lucha-contra-el-sexismo\/&amp;ct=ga&amp;cd=CAEYAioSODc3NDkxMTc5NTQxMDI2OTc2Mhs5YWIxY2RkN2UzNjZlZjM4OmVzOmVzOkVTOlI&amp;usg=AFQjCNF7ohVNzvY_LgAaJ-x-6JKJv2P1sA\">Mangafest Summer Edition y el IAM, juntos en la lucha contra el sexismo<\/a>\u00a0&#8211;\u00a0Andaluc\u00eda Informaci\u00f3n<\/p>\n<p><a href=\"https:\/\/andaluciainformacion.es\/provincia-de-cadiz\/980520\/el-arcense-ceip-riofrio-un-colegio-de-cine\/\">\u201dMujer\u201d el t\u00edtulo de la pel\u00edcula rodada por el alumnado arcense del CEIP Riofr\u00edo, un colegio de cine<\/a>&#8211; andaluciainformacion<\/p>\n<p><a href=\"https:\/\/andaluciainformacion.es\/sevilla\/980530\/triple-cita-con-las-tres-culturas-en-sevilla\/\">Triple cita con las tres culturas en Sevilla<\/a>-andaluciainformacion<strong>\u00a0<\/strong><\/p>\n<p><strong>Deporte<\/strong><\/p>\n<p><a href=\"https:\/\/www.cordobabn.com\/articulo\/deportes\/atleta-andaluza-blanca-betanzos\/20210623104721097997.html\">La andaluza Blanca Betanzos, doble campeona del mundo de atletismo para personas con discapacidad intelectual<\/a>-cordobabn<\/p>\n<p><a href=\"https:\/\/www.murcia.com\/region\/noticias\/2021\/06\/21-np-las-embajadoras-de-la-solheim-cup-2023-imparables.asp\">Las embajadoras de la Solheim Cup 2023, imparables<\/a>-murcia<\/p>\n<p><a href=\"https:\/\/www.europapress.es\/esandalucia\/sevilla\/noticia-sevilla-acoge-primera-gira-deporte-ecologia-celebra-europa-20210621145937.html\">Sevilla acoge la primera gira de deporte y ecolog\u00eda que se celebra en Europa<\/a>-europapress<strong>\u00a0<\/strong><\/p>\n<\/div>\n<\/div>\n<div id=\"\" class=\"lsow-panel lsow-active\">\n<h1 class=\"lsow-panel-title\">Estado<\/h1>\n<div class=\"lsow-panel-content\">\n<p><strong>Institucional<\/strong><\/p>\n<p><a href=\"https:\/\/www.google.com\/url?rct=j&amp;sa=t&amp;url=https:\/\/www.ecoticias.com\/medio-ambiente\/210585\/mujer-politicas-transicion-ecologica-demografico&amp;ct=ga&amp;cd=CAEYACoUMTYyNTY4MzY4MDM2MTQ0MzkxMTQyGWMwMzcyZWJjMmZlYWRhNTk6ZXM6ZXM6RVM&amp;usg=AFQjCNF1XTX48EZaAsGKtH1lSgHlCml9ew\">La\u00a0mujer\u00a0&#8216;clave&#8217; en las pol\u00edticas de transici\u00f3n ecol\u00f3gica y reto demogr\u00e1fico<\/a>&#8211;\u00a0ECOticias.com<a href=\"https:\/\/www.google.com\/url?rct=j&amp;sa=t&amp;url=https:\/\/www.europapress.es\/sociedad\/noticia-gobierno-reivindica-derecho-personas-lgtbi-autodeterminacion-personal-20210622171018.html&amp;ct=ga&amp;cd=CAEYACoUMTM0MzE0NzA0NjcxMjUxMDg5NjMyGTU5ZDc4MTcxMzZhMmQwMjg6ZXM6ZXM6RVM&amp;usg=AFQjCNEj9ns9KyZCyzr7QhqzwsdniPpjCQ\"><br \/>\nEl Gobierno reivindica el derecho de las personas LGTBI a la \u00abautodeterminaci\u00f3n personal\u00bb<\/a>&#8211;\u00a0Europa Press<a href=\"https:\/\/www.google.com\/url?rct=j&amp;sa=t&amp;url=https:\/\/www.libertaddigital.com\/espana\/2021-06-22\/declaracion-lgtbi-el-gobierno-proclama-que-espana-es-un-pais-feminista-6792832\/&amp;ct=ga&amp;cd=CAEYACoUMTU3NjY0NDkyNzAwNDAzNDg5OTkyGTU5ZDc4MTcxMzZhMmQwMjg6ZXM6ZXM6RVM&amp;usg=AFQjCNFSWZTcU8sEpZmBTqSaMd-YW5qkGQ\"><br \/>\nEl Gobierno proclama que Espa\u00f1a es \u00abun pa\u00eds feminista\u00bb<\/a>&#8211;\u00a0Libertad Digital<strong>\u00a0<\/strong><\/p>\n<p><strong>Institucional-CCAA\u00a0\u00a0<\/strong><\/p>\n<p><a href=\"https:\/\/www.google.com\/url?rct=j&amp;sa=t&amp;url=https:\/\/www.elconfidencial.com\/espana\/galicia\/2021-06-22\/galicia-incluira-violencia-digital-mujeres-legislacion_3145547\/&amp;ct=ga&amp;cd=CAEYACoTODY2MTE0NDE4MzExNzE5MjkzMTIZZTFlNzdkMTU2MDk4YThlMzplczplczpFUw&amp;usg=AFQjCNFwdYkjP5Qd3XXXEUPXJaTHdAs6Yg\">Galicia incluir\u00e1 la\u00a0violencia\u00a0digital contra las mujeres en su legislaci\u00f3n<\/a>&#8211;\u00a0El Confidencial<a href=\"https:\/\/www.google.com\/url?rct=j&amp;sa=t&amp;url=https:\/\/www.clm24.es\/articulo\/sociedad\/legislacion-informacion-publica-anteproyecto-ley-diversidad-sexualderechos-lgtbi-castilla-mancha\/20210621105032322734.html&amp;ct=ga&amp;cd=CAEYASoUMTA4ODIzNzA3MTcyODMyODExMTcyGWMwMzcyZWJjMmZlYWRhNTk6ZXM6ZXM6RVM&amp;usg=AFQjCNGah6PI-S7505f1koO5Fhru2BBkwg\"><br \/>\nA informaci\u00f3n p\u00fablica el anteproyecto de ley de diversidad sexual y derechos LGTBI de CLM<\/a>&#8211;\u00a0CLM24<a href=\"https:\/\/www.google.com\/url?rct=j&amp;sa=t&amp;url=https:\/\/www.eldiario.es\/castilla-la-mancha\/corresponsables-plan-promover-conciliacion-dotado-16-millones-euros-llegara-ayuntamientos_1_8063478.html&amp;ct=ga&amp;cd=CAEYAyoUMTY3MTE3MTE1OTEyNzMxMzk4NzIyGWMwMzcyZWJjMmZlYWRhNTk6ZXM6ZXM6RVM&amp;usg=AFQjCNGmrkidsgVTlfD6511g4R134lkYDQ\"><br \/>\n&#8216;Corresponsables&#8217;, un plan para promover la conciliaci\u00f3n en C-LM dotado con 16 millones de euros y que &#8230;<\/a>&#8211;\u00a0<a href=\"http:\/\/eldiario.es\/\">eldiario.es<\/a><\/p>\n<p><a href=\"https:\/\/www.google.com\/url?rct=j&amp;sa=t&amp;url=https:\/\/www.elperiodicodearagon.com\/sociedad\/2021\/06\/22\/dia-internacional-mujer-ingenieria-womenalia-54141080.html&amp;ct=ga&amp;cd=CAEYACoTOTQ1MzY3Nzk4Mjg3OTQ1NTc3MTIZYzAzNzJlYmMyZmVhZGE1OTplczplczpFUw&amp;usg=AFQjCNEx-9a_I34btnBLnwm9g6qifbdmJA\">En el D\u00eda Internacional de la\u00a0Mujer\u00a0en la Ingenier\u00eda, Womenalia les da voz: #YosoyingenierA<\/a>&#8211;\u00a0El Peri\u00f3dico de Arag\u00f3n<\/p>\n<p><a href=\"https:\/\/www.google.com\/url?rct=j&amp;sa=t&amp;url=https:\/\/www.eldiario.es\/gipuzkoa\/emakunde-reflexionara-necesidad-poner-cuidado-vida-centro-cursos-verano-upv-ehu_1_8063616.html&amp;ct=ga&amp;cd=CAEYASoTOTQ1MzY3Nzk4Mjg3OTQ1NTc3MTIZYzAzNzJlYmMyZmVhZGE1OTplczplczpFUw&amp;usg=AFQjCNGZFyhzdiJF-apU4zAU1AWm0tcNrw\">Emakunde reflexionar\u00e1 sobre la necesidad de poner el cuidado de la vida en el centro en los &#8230;<\/a>&#8211;\u00a0<a href=\"http:\/\/eldiario.es\/\">eldiario.es<\/a><a href=\"https:\/\/www.google.com\/url?rct=j&amp;sa=t&amp;url=https:\/\/www.eldiarioalerta.com\/articulo\/agencias\/delegada-gobierno-quiere-extender-sistema-viogen-todos-municipios-pide-firmar-nuevo-convenio-c-madrid\/20210622153025153911.html&amp;ct=ga&amp;cd=CAEYACoTMzM3Mzc0MDk2ODAzMDM0NTM4NzIZNTlkNzgxNzEzNmEyZDAyODplczplczpFUw&amp;usg=AFQjCNEpZBN35G_dCMSUFJJtjfwhX0O0uQ\"><br \/>\nDelegada de Gobierno en la Comunidad de Madrid, Mercedes Gonz\u00e1lez, quiere extender sistema VioG\u00e9n a todos los municipios y pide firmar nuevo &#8230;<\/a>&#8211;\u00a0Alerta<\/p>\n<p><a href=\"https:\/\/www.msn.com\/es-es\/finance\/noticias\/el-principado-registra-el-quinto-mayor-salario-de-las-ccaa-con-m-c3-a1s-de-7000-euros-de-diferencia-entre-hombres-y-mujeres\/ar-AALlkAt?ocid=BingNewsSearch\">El Principado registra el quinto mayor salario de las CCAA, con m\u00e1s de 7.000 euros de diferencia entre hombres y mujeres<\/a>-20minutos<\/p>\n<p><a href=\"https:\/\/www.diariodemallorca.es\/mallorca\/2021\/06\/23\/stei-pide-consell-permisos-menstruales-54196524.html\">El STEI pide al Consell permisos menstruales para sus trabajadoras<\/a>-diariodemallorca<\/p>\n<p><a href=\"https:\/\/cadenaser.com\/emisora\/2021\/06\/22\/radio_pamplona\/1624384024_280760.html\">Navarra planea un Centro de Atenci\u00f3n Integral para violencia sexual<\/a>-cadenaser<a href=\"https:\/\/www.google.com\/url?rct=j&amp;sa=t&amp;url=https:\/\/comunicacion.jcyl.es\/web\/jcyl\/Comunicacion\/es\/Plantilla100Detalle\/1281372051501\/NotaPrensa\/1285069454310\/Comunicacion&amp;ct=ga&amp;cd=CAEYASoUMTA4NjQ1MTYxODM4Mzg1MzQ4OTkyGTU5ZDc4MTcxMzZhMmQwMjg6ZXM6ZXM6RVM&amp;usg=AFQjCNFmZBDJ4ry-QgSynxjC8msKW7YdHg\"><br \/>\nLa Junta avanza los ejes del Plan Estrat\u00e9gico de Igualdad de Oportunidades 2021-25 con una &#8230;<\/a>&#8211;\u00a0Junta de Castilla y Le\u00f3n<\/p>\n<p><strong>Econom\u00eda y Empresas<\/strong><\/p>\n<p><a href=\"https:\/\/www.eldiario.es\/economia\/brecha-salarial-redujo-ultima-decada-subida-smi-900-euros-mes_1_8062641.html\">La brecha salarial se redujo en 2019 m\u00e1s que en la \u00faltima d\u00e9cada tras la subida SMI a los 900 euros al mes<\/a>\u00a0-eldiario<\/p>\n<p><a href=\"https:\/\/www.google.com\/url?rct=j&amp;sa=t&amp;url=https:\/\/www.bolsamania.com\/noticias\/bip\/bip-entrevista-teresa-alarcos-emprendedoras-lideres-cambian-mundo-era-digital--8002886.html&amp;ct=ga&amp;cd=CAEYAioUMTE1ODI3OTY0Mjg0MDQyNzg2NTgyGWMwMzcyZWJjMmZlYWRhNTk6ZXM6ZXM6RVM&amp;usg=AFQjCNHgHZKIAaoBxm56j_uWLuK1UAW84g\">Entrevista a Teresa Alarcos: \u00abEmprendedoras &#8211; Las l\u00edderes que cambian el mundo en la era &#8230;<\/a>&#8211;\u00a0Bolsamania.com<a href=\"https:\/\/www.google.com\/url?rct=j&amp;sa=t&amp;url=https:\/\/www.elespanol.com\/invertia\/disruptores-innovadores\/opinion\/20210622\/emprendedoras-lideres-cambian-mundo-digital\/590810915_12.html&amp;ct=ga&amp;cd=CAEYBCoUMTc5Mjk1OTY5NTQ5MzkwMjIyNjcyGWMwMzcyZWJjMmZlYWRhNTk6ZXM6ZXM6RVM&amp;usg=AFQjCNFaksAQ5FLSP7C7zjYijz_kW_uJBQ\"><br \/>\nEmprendedoras: las l\u00edderes que cambian el mundo en la era digital<\/a>&#8211;\u00a0El Espa\u00f1ol<\/p>\n<p><a href=\"https:\/\/www.google.com\/url?rct=j&amp;sa=t&amp;url=https:\/\/www.america-retail.com\/opinion\/sara-partida-estudio-emprendimiento-digital-femenino-en-espana-situacion-y-prospeccion\/&amp;ct=ga&amp;cd=CAEYACoTOTczNzcxMDk0MzEyNzM5MDQ1MDIZNTlkNzgxNzEzNmEyZDAyODplczplczpFUw&amp;usg=AFQjCNEDblngDjBwJS7T3XQrqtLDIMtNQw\">Sara Partida: Estudio \u201cEmprendimiento Digital Femenino en Espa\u00f1a: situaci\u00f3n y prospecci\u00f3n\u201d<\/a>&#8211;\u00a0Am\u00e9rica Retail<\/p>\n<p><a href=\"https:\/\/www.google.com\/url?rct=j&amp;sa=t&amp;url=https:\/\/www.elconfidencial.com\/empresas\/2021-06-23\/emprendimiento-femenino-financiacion-mujeres-bra_3143627\/&amp;ct=ga&amp;cd=CAEYACoTNTc0NTc2NDAyMTA2NjU3MzIxMjIZYzAzNzJlYmMyZmVhZGE1OTplczplczpFUw&amp;usg=AFQjCNG3cUP5w7UAD3mEGarBHGBQ6422xg\">Las emprendedoras tienen un 60% menos de posibilidades de recibir financiaci\u00f3n<\/a>&#8211;\u00a0El Confidencial<\/p>\n<p><a href=\"https:\/\/amecopress.net\/El-campo-necesita-igualdad-y-presencia-de-mujeres\">El campo necesita igualdad y presencia de mujeres<\/a>-amecopress<strong>\u00a0<\/strong><\/p>\n<p><strong>Actualidad<\/strong><\/p>\n<p><a href=\"https:\/\/www.diariodeleon.es\/articulo\/actualidad\/mas-22-millones-divorcios-40-anos\/202106230133432124385.html\">M\u00e1s de 2,2 millones de divorcios en 40 a\u00f1os<\/a>-diariodeleon<a href=\"https:\/\/www.google.com\/url?rct=j&amp;sa=t&amp;url=https:\/\/www.infosalus.com\/mujer\/noticia-estudian-afectan-superficies-implantes-mamarios-silicona-sistema-inmunitario-20210622071934.html&amp;ct=ga&amp;cd=CAEYBCoUMTc4MzAxODI1MjM5NjI2ODkyMzgyGWMwMzcyZWJjMmZlYWRhNTk6ZXM6ZXM6RVM&amp;usg=AFQjCNEig6lrPT6sNVIZj7gL3xzUBSS7Zw\"><br \/>\nEstudian c\u00f3mo afectan las superficies de los implantes mamarios de silicona al sistema inmunitario<\/a>&#8211;\u00a0infosalus.com<a href=\"https:\/\/www.google.com\/url?rct=j&amp;sa=t&amp;url=https:\/\/portalcomunicacion.uah.es\/diario-digital\/actualidad\/reunion-del-jurado-del-premio-francisca-de-pedraza-contra-la-violencia-de-genero.html&amp;ct=ga&amp;cd=CAEYASoUMTYyNTY4MzY4MDM2MTQ0MzkxMTQyGWMwMzcyZWJjMmZlYWRhNTk6ZXM6ZXM6RVM&amp;usg=AFQjCNFCvPvWdAx6A7HLdqXLDnd7vBGVqg\"><br \/>\nReuni\u00f3n del jurado del Premio Francisca de Pedraza contra la violencia de g\u00e9nero<\/a>&#8211;\u00a0Diario Digital Universidad de Alcal\u00e1<a href=\"https:\/\/www.google.com\/url?rct=j&amp;sa=t&amp;url=https:\/\/www.lavozdelsur.es\/actualidad\/sociedad\/marca-infantil-vende-banadores-con-relleno-ninas-5-anos_261555_102.html&amp;ct=ga&amp;cd=CAEYAyoUMTYyNTY4MzY4MDM2MTQ0MzkxMTQyGWMwMzcyZWJjMmZlYWRhNTk6ZXM6ZXM6RVM&amp;usg=AFQjCNE5nHdDQWyVtUE30njIbHNsDZymnQ\"><br \/>\nUna marca infantil PatPat vende ba\u00f1adores con relleno para ni\u00f1as de 5 a\u00f1os<\/a>&#8211;\u00a0La Voz del Sur<strong>\u00a0<\/strong><\/p>\n<p><strong>Violencias<\/strong><a href=\"https:\/\/www.google.com\/url?rct=j&amp;sa=t&amp;url=https:\/\/www.efeminista.com\/1989-reforma-codigo-penal-violacion-delito-contra-el-honor\/&amp;ct=ga&amp;cd=CAEYACoUMTE1ODI3OTY0Mjg0MDQyNzg2NTgyGWMwMzcyZWJjMmZlYWRhNTk6ZXM6ZXM6RVM&amp;usg=AFQjCNE_EgTTOoud4-yyCP0USEUaCWzUmw\"><br \/>\n1989, el a\u00f1o en el que la violaci\u00f3n dej\u00f3 de ser un delito contra el honor<\/a>&#8211;\u00a0Agencia EFE<a href=\"https:\/\/www.google.com\/url?rct=j&amp;sa=t&amp;url=https:\/\/www.europapress.es\/nacional\/noticia-guardia-civil-aprueba-nuevo-protocolo-situaciones-violencia-mujer-dentro-institucion-20210621175151.html&amp;ct=ga&amp;cd=CAEYBCoTMjkwNDc3MjgwODA4NjYwMDQ5NDIZYzAzNzJlYmMyZmVhZGE1OTplczplczpFUw&amp;usg=AFQjCNHT_q9OUE5OQ5HqijNs3lBxiQkPkA\"><br \/>\nLa Guardia Civil aprueba el nuevo protocolo ante situaciones de violencia a la\u00a0mujer\u00a0dentro de la &#8230;<\/a>&#8211;\u00a0Europa Press<\/p>\n<p><a href=\"https:\/\/www.google.com\/url?rct=j&amp;sa=t&amp;url=https:\/\/www.newtral.es\/asesinatos-machistas-ley-violencia-genero\/20210622\/&amp;ct=ga&amp;cd=CAEYAioTOTQ1MzY3Nzk4Mjg3OTQ1NTc3MTIZYzAzNzJlYmMyZmVhZGE1OTplczplczpFUw&amp;usg=AFQjCNG0M5Kf5BRHs5rD7D46jcbP8RW7Qg\">Ley contra la Violencia de G\u00e9nero: \u00bfse puede juzgar si funciona s\u00f3lo por el n\u00famero de asesinatos &#8230;<\/a>&#8211;\u00a0Newtral<\/p>\n<p><a href=\"https:\/\/cadenaser.com\/emisora\/2021\/06\/23\/radio_santander\/1624437889_318018.html\">Investigados cuatro menores en Cantabria por difundir en redes un v\u00eddeo sexual de una ni\u00f1a de 14 a\u00f1os<\/a>-cadenaser<strong>\u00a0<\/strong><\/p>\n<p><strong>Ciencia y Cultura<\/strong><\/p>\n<p><a href=\"https:\/\/elpais.com\/ciencia\/2021-06-22\/elena-ceballos-fisica-e-investigadora-oceanografica-sin-azul-no-hay-verde.html\">Elena Ceballos, f\u00edsica e investigadora oceanogr\u00e1fica: \u201cSin azul no hay verde\u201d<\/a>&#8211; El Pa\u00eds<\/p>\n<p><a href=\"https:\/\/www.google.com\/url?rct=j&amp;sa=t&amp;url=https:\/\/diariodeavisos.elespanol.com\/2021\/06\/la-fundacion-sgae-celebra-su-ciclo-hoy-compositoras-este-martes-y-miercoles-en-el-museo-de-la-ciencia-y-el-cosmos\/&amp;ct=ga&amp;cd=CAEYAioUMTc5Mjk1OTY5NTQ5MzkwMjIyNjcyGWMwMzcyZWJjMmZlYWRhNTk6ZXM6ZXM6RVM&amp;usg=AFQjCNEefuiwf3Hx5sWG2eXBCK27jY_cWA\">La Fundaci\u00f3n SGAE celebra su ciclo &#8216;Hoy, compositoras&#8217; este martes y mi\u00e9rcoles en el Museo de &#8230;<\/a>&#8211;\u00a0Diario de Avisos<\/p>\n<p><a href=\"https:\/\/www.google.com\/url?rct=j&amp;sa=t&amp;url=https:\/\/edicionimpresa.lanacion.com.ar\/la-nacion\/20210622\/281870121401507&amp;ct=ga&amp;cd=CAEYAyoTMjIwNzczOTQzNTcyNjg2NzExODIZYzAzNzJlYmMyZmVhZGE1OTplczplczpFUw&amp;usg=AFQjCNGVF5j5OK02GoztY0jbc1ywkxAZNA\">Emilia Pardo Baz\u00e1n: la condesa que rompi\u00f3 el cors\u00e9 y abri\u00f3 varias puertas a las\u00a0mujeres<\/a>&#8211;\u00a0LaNacion<\/p>\n<p><a href=\"https:\/\/amecopress.net\/Nace-el-Premio-CIMA-Festival-ZOOM-al-Mejor-Formato-de-TV-por-la-Igualdad-de-Genero\">Nace el Premio CIMA-Festival ZOOM al Mejor Formato de TV por la Igualdad de G\u00e9nero |\u00a0 Ameco Press<\/a><\/p>\n<p><a href=\"https:\/\/elpais.com\/cultura\/2021-06-22\/el-festival-de-cine-de-san-sebastian-elimina-la-distincion-de-genero-en-sus-premios-de-actuacion.html\">El festival de cine de San Sebasti\u00e1n elimina la distinci\u00f3n de sexo en sus premios de actuaci\u00f3n<\/a>&#8211; El Pa\u00eds<\/p>\n<p><a href=\"https:\/\/www.eldiario.es\/cultura\/comicas-si-chistes-humoristas-dejan-chocita-loro-declaraciones-machistas-responsables_1_8064969.html\">Las c\u00f3micas s\u00ed hacen buenos chistes<\/a>-eldiario<strong>\u00a0<\/strong><\/p>\n<p><strong>Deporte<\/strong><\/p>\n<p><a href=\"https:\/\/www.superdeporte.es\/polideportivo\/2021\/06\/19\/fallece-pioneras-carreras-montana-espana-53998392.html\">Fallece Emma Roca una de las pioneras de las carreras de monta\u00f1a en Espa\u00f1a<\/a>-superdeporte<\/p>\n<p><a href=\"https:\/\/elpais.com\/deportes\/2021-06-23\/astou-ndour-siempre-intento-ayudar-en-la-vida-y-en-la-pista.html\">Astou Ndour: \u201cSiempre intento ayudar, en la vida y en la pista\u201d<\/a>&#8211;\u00a0El Pa\u00eds<\/p>\n<p><a href=\"https:\/\/eldesmarque.com\/valencia\/valencia-cf\/302165-valencia-y-levante-encabezan-el-cartel-de-la-valencia-cup-girls\">Valencia y Levante encabezan el cartel de la Val\u00e8ncia Cup Girls<\/a><strong>&#8211;<\/strong>eldesmarque<\/p>\n<\/div>\n<\/div>\n<div id=\"\" class=\"lsow-panel lsow-active\">\n<h1 class=\"lsow-panel-title\">Internacional<\/h1>\n<div class=\"lsow-panel-content\">\n<p><a href=\"https:\/\/es.investing.com\/news\/economic-indicators\/la-pandemia-afecto-al-principio-mas-a-empleo-femenino-pero-se-recupero-antes-2130962\">UE: La pandemia afect\u00f3 al principio m\u00e1s a empleo femenino, pero se recuper\u00f3 antes<\/a>-investing<\/p>\n<p><a href=\"https:\/\/www.google.com\/url?rct=j&amp;sa=t&amp;url=https:\/\/gestion.pe\/blog\/te-lo-cuento-facil\/2021\/06\/brecha-laboral-y-pandemia-mujeres-aportaron-entre-170-y-el-244-del-pbi-durante-la-pandemia-a-la-economia-peruana.html\/&amp;ct=ga&amp;cd=CAEYBCoUMTU5MTcyMzI1ODIyODg4MDgwMzgyGWMwMzcyZWJjMmZlYWRhNTk6ZXM6ZXM6RVM&amp;usg=AFQjCNF7TT_8QCOLLcJwZaHL0fmOrcGDcQ\">Brecha laboral y pandemia en Per\u00fa:\u00a0Mujeres\u00a0aportaron entre 17,0% y el 24,4% del PBI durante la &#8230;<\/a>&#8211;\u00a0Diario Gesti\u00f3n<a href=\"https:\/\/www.google.com\/url?rct=j&amp;sa=t&amp;url=https:\/\/sp.yna.co.kr\/view\/ASP20210622004600883&amp;ct=ga&amp;cd=CAEYACoUMTU5MTcyMzI1ODIyODg4MDgwMzgyGWMwMzcyZWJjMmZlYWRhNTk6ZXM6ZXM6RVM&amp;usg=AFQjCNE2jzlfhXR8wXLRlNVmYjrivwhlvQ\"><br \/>\nUna quinta parte de las\u00a0mujeres\u00a0con ni\u00f1os peque\u00f1os en Corea del Sur dej\u00f3 el trabajo en medio de la pandemia &#8230;<\/a>&#8211;\u00a0Agencia de Noticias Yonhap<\/p>\n<p><a href=\"https:\/\/elpais.com\/sociedad\/2021-06-23\/vivir-con-el-temor-a-ser-grabada-el-dia-a-dia-de-miles-de-mujeres-en-corea-del-sur.html\">Vivir con el temor a ser grabadas: el d\u00eda a d\u00eda de miles de mujeres en Corea del Sur<\/a><strong>&#8211;<\/strong>\u00a0El Pa\u00eds<\/p>\n<p><a href=\"https:\/\/www.google.com\/url?rct=j&amp;sa=t&amp;url=https:\/\/www.dw.com\/es\/tsitsi-dangarembga-premio-de-la-paz-de-los-libreros-alemanes\/a-57984370&amp;ct=ga&amp;cd=CAEYASoTMjkwNDc3MjgwODA4NjYwMDQ5NDIZYzAzNzJlYmMyZmVhZGE1OTplczplczpFUw&amp;usg=AFQjCNE8Jxr2GjbiSlzLuRzrryV_WM8ZNA\">Tsitsi Dangarembga, Premio de la Paz de los Libreros Alemanes<\/a>&#8211;\u00a0Deutsche Welle<a href=\"https:\/\/www.google.com\/url?rct=j&amp;sa=t&amp;url=https:\/\/www.vogue.es\/living\/articulos\/thelma-y-louise-30-aniversario&amp;ct=ga&amp;cd=CAEYAioTNjAwMDQ3MTk3NjM5MjY5MTE1MDIZYzAzNzJlYmMyZmVhZGE1OTplczplczpFUw&amp;usg=AFQjCNHL0zd1svlVmlU2vcuDrI5w4exFog\"><br \/>\n&#8216;Thelma &amp; Louise&#8217; cumple 30 a\u00f1os y sus protagonistas siguen esperando un cambio en Hollywood<\/a>&#8211;\u00a0Vogue Spain<\/p>\n<p><a href=\"https:\/\/www.marca.com\/otros-deportes\/2021\/06\/22\/60d20d1522601d81078b463f.html\">La Federaci\u00f3n Internacional de Voleibol lanza la iniciativa &#8216;Equal Jersey&#8217; para defender la igualdad de g\u00e9nero<\/a>-marca<\/p>\n<p><a href=\"https:\/\/www.marca.com\/baloncesto\/nba\/2021\/06\/22\/60d18284ca47417b5f8b45d8.html\">Michael Jordan alza la voz: \u00abEl mundo necesita a las mujeres, de lo contrario no creceremos\u00bb<\/a>-marca<\/p>\n<\/div>\n<\/div>\n<\/div><\/div><\/div><\/div><\/div>\n","protected":false},"excerpt":{"rendered":"<p>La mujer clave en pol\u00edticas de transici\u00f3n ecol\u00f3gica y reto demogr\u00e1fico * M\u00e1s de 2,2 mill de divorcios en 40 a\u00f1os * El monstruo y el cel\u00f3pata * Las periodistas Elena Jim\u00e9nez y Ant\u00eda Andr\u00e9 Premio Lili \u00c1lvarez de Periodismo<\/p>\n","protected":false},"author":3,"featured_media":22909,"comment_status":"closed","ping_status":"closed","sticky":false,"template":"","format":"standard","meta":{"footnotes":""},"categories":[298,621],"tags":[96,270,269],"class_list":["post-15474","post","type-post","status-publish","format-standard","has-post-thumbnail","hentry","category-newsletter","category-nwl-3-0","tag-mujeres","tag-reto-demografico","tag-transicion-ecologica"],"yoast_head":"<!-- This site is optimized with the Yoast SEO plugin v27.5 - https:\/\/yoast.com\/product\/yoast-seo-wordpress\/ -->\n<title>Noticias Info CKL n\u00ba 2594-23\/06\/21-Comunicar con perspectiva de g\u00e9nero<\/title>\n<meta name=\"description\" content=\"La mujer clave en pol\u00edticas de transici\u00f3n ecol\u00f3gica y reto demogr\u00e1fico * M\u00e1s de 2,2 mill de divorcios en 40 a\u00f1os * El monstruo y el cel\u00f3pata * Las periodistas Elena Jim\u00e9nez y Ant\u00eda Andr\u00e9 Premio Lili \u00c1lvarez de Periodismo\" \/>\n<meta name=\"robots\" content=\"index, follow, max-snippet:-1, max-image-preview:large, max-video-preview:-1\" \/>\n<link rel=\"canonical\" href=\"https:\/\/cklcomunicaciones.es\/coop\/noticias-info-ckl-no-2594-23-06-21\/\" \/>\n<meta property=\"og:locale\" content=\"es_ES\" \/>\n<meta property=\"og:type\" content=\"article\" \/>\n<meta property=\"og:title\" content=\"Noticias Info CKL n\u00ba 2594-23\/06\/21-Comunicar con perspectiva de g\u00e9nero\" \/>\n<meta property=\"og:description\" content=\"La mujer clave en pol\u00edticas de transici\u00f3n ecol\u00f3gica y reto demogr\u00e1fico * M\u00e1s de 2,2 mill de divorcios en 40 a\u00f1os * El monstruo y el cel\u00f3pata * Las periodistas Elena Jim\u00e9nez y Ant\u00eda Andr\u00e9 Premio Lili \u00c1lvarez de Periodismo\" \/>\n<meta property=\"og:url\" content=\"https:\/\/cklcomunicaciones.es\/coop\/noticias-info-ckl-no-2594-23-06-21\/\" \/>\n<meta property=\"og:site_name\" content=\"CKL Comunicaciones\" \/>\n<meta property=\"article:published_time\" content=\"2021-06-23T10:00:16+00:00\" \/>\n<meta property=\"article:modified_time\" content=\"2025-02-10T16:31:35+00:00\" \/>\n<meta property=\"og:image\" content=\"https:\/\/cklcomunicaciones.es\/coop\/wp-content\/uploads\/2025\/01\/CKL-una-mirada-distinta-de-la-comunicacion.jpg\" \/>\n\t<meta property=\"og:image:width\" content=\"1482\" \/>\n\t<meta property=\"og:image:height\" content=\"775\" \/>\n\t<meta property=\"og:image:type\" content=\"image\/jpeg\" \/>\n<meta name=\"author\" content=\"ckl\" \/>\n<meta name=\"twitter:card\" content=\"summary_large_image\" \/>\n<meta name=\"twitter:label1\" content=\"Escrito por\" \/>\n\t<meta name=\"twitter:data1\" content=\"ckl\" \/>\n\t<meta name=\"twitter:label2\" content=\"Tiempo de lectura\" \/>\n\t<meta name=\"twitter:data2\" content=\"6 minutos\" \/>\n<script type=\"application\/ld+json\" class=\"yoast-schema-graph\">{\"@context\":\"https:\\\/\\\/schema.org\",\"@graph\":[{\"@type\":\"Article\",\"@id\":\"https:\\\/\\\/cklcomunicaciones.es\\\/coop\\\/noticias-info-ckl-no-2594-23-06-21\\\/#article\",\"isPartOf\":{\"@id\":\"https:\\\/\\\/cklcomunicaciones.es\\\/coop\\\/noticias-info-ckl-no-2594-23-06-21\\\/\"},\"author\":{\"name\":\"ckl\",\"@id\":\"https:\\\/\\\/cklcomunicaciones.es\\\/coop\\\/#\\\/schema\\\/person\\\/929a6837f7626450bbb50cee1aef266e\"},\"headline\":\"Noticias Info CKL n\u00ba 2594-23\\\/06\\\/21\",\"datePublished\":\"2021-06-23T10:00:16+00:00\",\"dateModified\":\"2025-02-10T16:31:35+00:00\",\"mainEntityOfPage\":{\"@id\":\"https:\\\/\\\/cklcomunicaciones.es\\\/coop\\\/noticias-info-ckl-no-2594-23-06-21\\\/\"},\"wordCount\":1324,\"image\":{\"@id\":\"https:\\\/\\\/cklcomunicaciones.es\\\/coop\\\/noticias-info-ckl-no-2594-23-06-21\\\/#primaryimage\"},\"thumbnailUrl\":\"https:\\\/\\\/cklcomunicaciones.es\\\/coop\\\/wp-content\\\/uploads\\\/2025\\\/01\\\/CKL-una-mirada-distinta-de-la-comunicacion.jpg\",\"keywords\":[\"mujeres\",\"reto demogr\u00e1fico\",\"transici\u00f3n ecol\u00f3gica\"],\"articleSection\":[\"Newsletter\",\"Nwl v3.0\"],\"inLanguage\":\"es\"},{\"@type\":\"WebPage\",\"@id\":\"https:\\\/\\\/cklcomunicaciones.es\\\/coop\\\/noticias-info-ckl-no-2594-23-06-21\\\/\",\"url\":\"https:\\\/\\\/cklcomunicaciones.es\\\/coop\\\/noticias-info-ckl-no-2594-23-06-21\\\/\",\"name\":\"Noticias Info CKL n\u00ba 2594-23\\\/06\\\/21-Comunicar con perspectiva de g\u00e9nero\",\"isPartOf\":{\"@id\":\"https:\\\/\\\/cklcomunicaciones.es\\\/coop\\\/#website\"},\"primaryImageOfPage\":{\"@id\":\"https:\\\/\\\/cklcomunicaciones.es\\\/coop\\\/noticias-info-ckl-no-2594-23-06-21\\\/#primaryimage\"},\"image\":{\"@id\":\"https:\\\/\\\/cklcomunicaciones.es\\\/coop\\\/noticias-info-ckl-no-2594-23-06-21\\\/#primaryimage\"},\"thumbnailUrl\":\"https:\\\/\\\/cklcomunicaciones.es\\\/coop\\\/wp-content\\\/uploads\\\/2025\\\/01\\\/CKL-una-mirada-distinta-de-la-comunicacion.jpg\",\"datePublished\":\"2021-06-23T10:00:16+00:00\",\"dateModified\":\"2025-02-10T16:31:35+00:00\",\"author\":{\"@id\":\"https:\\\/\\\/cklcomunicaciones.es\\\/coop\\\/#\\\/schema\\\/person\\\/929a6837f7626450bbb50cee1aef266e\"},\"description\":\"La mujer clave en pol\u00edticas de transici\u00f3n ecol\u00f3gica y reto demogr\u00e1fico * M\u00e1s de 2,2 mill de divorcios en 40 a\u00f1os * El monstruo y el cel\u00f3pata * Las periodistas Elena Jim\u00e9nez y Ant\u00eda Andr\u00e9 Premio Lili \u00c1lvarez de Periodismo\",\"breadcrumb\":{\"@id\":\"https:\\\/\\\/cklcomunicaciones.es\\\/coop\\\/noticias-info-ckl-no-2594-23-06-21\\\/#breadcrumb\"},\"inLanguage\":\"es\",\"potentialAction\":[{\"@type\":\"ReadAction\",\"target\":[\"https:\\\/\\\/cklcomunicaciones.es\\\/coop\\\/noticias-info-ckl-no-2594-23-06-21\\\/\"]}]},{\"@type\":\"ImageObject\",\"inLanguage\":\"es\",\"@id\":\"https:\\\/\\\/cklcomunicaciones.es\\\/coop\\\/noticias-info-ckl-no-2594-23-06-21\\\/#primaryimage\",\"url\":\"https:\\\/\\\/cklcomunicaciones.es\\\/coop\\\/wp-content\\\/uploads\\\/2025\\\/01\\\/CKL-una-mirada-distinta-de-la-comunicacion.jpg\",\"contentUrl\":\"https:\\\/\\\/cklcomunicaciones.es\\\/coop\\\/wp-content\\\/uploads\\\/2025\\\/01\\\/CKL-una-mirada-distinta-de-la-comunicacion.jpg\",\"width\":1482,\"height\":775,\"caption\":\"CKL - una mirada distinta de la comunicacion\"},{\"@type\":\"BreadcrumbList\",\"@id\":\"https:\\\/\\\/cklcomunicaciones.es\\\/coop\\\/noticias-info-ckl-no-2594-23-06-21\\\/#breadcrumb\",\"itemListElement\":[{\"@type\":\"ListItem\",\"position\":1,\"name\":\"Portada\",\"item\":\"https:\\\/\\\/cklcomunicaciones.es\\\/coop\\\/\"},{\"@type\":\"ListItem\",\"position\":2,\"name\":\"Noticias Info CKL n\u00ba 2594-23\\\/06\\\/21\"}]},{\"@type\":\"WebSite\",\"@id\":\"https:\\\/\\\/cklcomunicaciones.es\\\/coop\\\/#website\",\"url\":\"https:\\\/\\\/cklcomunicaciones.es\\\/coop\\\/\",\"name\":\"CKL Comunicaciones\",\"description\":\"Sitio web de CKL Comunicaciones coop , la consultora de comunicaci\u00f3n y estrategia\",\"potentialAction\":[{\"@type\":\"SearchAction\",\"target\":{\"@type\":\"EntryPoint\",\"urlTemplate\":\"https:\\\/\\\/cklcomunicaciones.es\\\/coop\\\/?s={search_term_string}\"},\"query-input\":{\"@type\":\"PropertyValueSpecification\",\"valueRequired\":true,\"valueName\":\"search_term_string\"}}],\"inLanguage\":\"es\"},{\"@type\":\"Person\",\"@id\":\"https:\\\/\\\/cklcomunicaciones.es\\\/coop\\\/#\\\/schema\\\/person\\\/929a6837f7626450bbb50cee1aef266e\",\"name\":\"ckl\",\"image\":{\"@type\":\"ImageObject\",\"inLanguage\":\"es\",\"@id\":\"https:\\\/\\\/secure.gravatar.com\\\/avatar\\\/c82db564e8a669bf6023357a157b9dc4780f4d4c618f2ad1d71a6a5dede45057?s=96&d=mm&r=g\",\"url\":\"https:\\\/\\\/secure.gravatar.com\\\/avatar\\\/c82db564e8a669bf6023357a157b9dc4780f4d4c618f2ad1d71a6a5dede45057?s=96&d=mm&r=g\",\"contentUrl\":\"https:\\\/\\\/secure.gravatar.com\\\/avatar\\\/c82db564e8a669bf6023357a157b9dc4780f4d4c618f2ad1d71a6a5dede45057?s=96&d=mm&r=g\",\"caption\":\"ckl\"},\"url\":\"https:\\\/\\\/cklcomunicaciones.es\\\/coop\\\/author\\\/cklcomunicaciones\\\/\"}]}<\/script>\n<!-- \/ Yoast SEO plugin. -->","yoast_head_json":{"title":"Noticias Info CKL n\u00ba 2594-23\/06\/21-Comunicar con perspectiva de g\u00e9nero","description":"La mujer clave en pol\u00edticas de transici\u00f3n ecol\u00f3gica y reto demogr\u00e1fico * M\u00e1s de 2,2 mill de divorcios en 40 a\u00f1os * El monstruo y el cel\u00f3pata * Las periodistas Elena Jim\u00e9nez y Ant\u00eda Andr\u00e9 Premio Lili \u00c1lvarez de Periodismo","robots":{"index":"index","follow":"follow","max-snippet":"max-snippet:-1","max-image-preview":"max-image-preview:large","max-video-preview":"max-video-preview:-1"},"canonical":"https:\/\/cklcomunicaciones.es\/coop\/noticias-info-ckl-no-2594-23-06-21\/","og_locale":"es_ES","og_type":"article","og_title":"Noticias Info CKL n\u00ba 2594-23\/06\/21-Comunicar con perspectiva de g\u00e9nero","og_description":"La mujer clave en pol\u00edticas de transici\u00f3n ecol\u00f3gica y reto demogr\u00e1fico * M\u00e1s de 2,2 mill de divorcios en 40 a\u00f1os * El monstruo y el cel\u00f3pata * Las periodistas Elena Jim\u00e9nez y Ant\u00eda Andr\u00e9 Premio Lili \u00c1lvarez de Periodismo","og_url":"https:\/\/cklcomunicaciones.es\/coop\/noticias-info-ckl-no-2594-23-06-21\/","og_site_name":"CKL Comunicaciones","article_published_time":"2021-06-23T10:00:16+00:00","article_modified_time":"2025-02-10T16:31:35+00:00","og_image":[{"width":1482,"height":775,"url":"https:\/\/cklcomunicaciones.es\/coop\/wp-content\/uploads\/2025\/01\/CKL-una-mirada-distinta-de-la-comunicacion.jpg","type":"image\/jpeg"}],"author":"ckl","twitter_card":"summary_large_image","twitter_misc":{"Escrito por":"ckl","Tiempo de lectura":"6 minutos"},"schema":{"@context":"https:\/\/schema.org","@graph":[{"@type":"Article","@id":"https:\/\/cklcomunicaciones.es\/coop\/noticias-info-ckl-no-2594-23-06-21\/#article","isPartOf":{"@id":"https:\/\/cklcomunicaciones.es\/coop\/noticias-info-ckl-no-2594-23-06-21\/"},"author":{"name":"ckl","@id":"https:\/\/cklcomunicaciones.es\/coop\/#\/schema\/person\/929a6837f7626450bbb50cee1aef266e"},"headline":"Noticias Info CKL n\u00ba 2594-23\/06\/21","datePublished":"2021-06-23T10:00:16+00:00","dateModified":"2025-02-10T16:31:35+00:00","mainEntityOfPage":{"@id":"https:\/\/cklcomunicaciones.es\/coop\/noticias-info-ckl-no-2594-23-06-21\/"},"wordCount":1324,"image":{"@id":"https:\/\/cklcomunicaciones.es\/coop\/noticias-info-ckl-no-2594-23-06-21\/#primaryimage"},"thumbnailUrl":"https:\/\/cklcomunicaciones.es\/coop\/wp-content\/uploads\/2025\/01\/CKL-una-mirada-distinta-de-la-comunicacion.jpg","keywords":["mujeres","reto demogr\u00e1fico","transici\u00f3n ecol\u00f3gica"],"articleSection":["Newsletter","Nwl v3.0"],"inLanguage":"es"},{"@type":"WebPage","@id":"https:\/\/cklcomunicaciones.es\/coop\/noticias-info-ckl-no-2594-23-06-21\/","url":"https:\/\/cklcomunicaciones.es\/coop\/noticias-info-ckl-no-2594-23-06-21\/","name":"Noticias Info CKL n\u00ba 2594-23\/06\/21-Comunicar con perspectiva de g\u00e9nero","isPartOf":{"@id":"https:\/\/cklcomunicaciones.es\/coop\/#website"},"primaryImageOfPage":{"@id":"https:\/\/cklcomunicaciones.es\/coop\/noticias-info-ckl-no-2594-23-06-21\/#primaryimage"},"image":{"@id":"https:\/\/cklcomunicaciones.es\/coop\/noticias-info-ckl-no-2594-23-06-21\/#primaryimage"},"thumbnailUrl":"https:\/\/cklcomunicaciones.es\/coop\/wp-content\/uploads\/2025\/01\/CKL-una-mirada-distinta-de-la-comunicacion.jpg","datePublished":"2021-06-23T10:00:16+00:00","dateModified":"2025-02-10T16:31:35+00:00","author":{"@id":"https:\/\/cklcomunicaciones.es\/coop\/#\/schema\/person\/929a6837f7626450bbb50cee1aef266e"},"description":"La mujer clave en pol\u00edticas de transici\u00f3n ecol\u00f3gica y reto demogr\u00e1fico * M\u00e1s de 2,2 mill de divorcios en 40 a\u00f1os * El monstruo y el cel\u00f3pata * Las periodistas Elena Jim\u00e9nez y Ant\u00eda Andr\u00e9 Premio Lili \u00c1lvarez de Periodismo","breadcrumb":{"@id":"https:\/\/cklcomunicaciones.es\/coop\/noticias-info-ckl-no-2594-23-06-21\/#breadcrumb"},"inLanguage":"es","potentialAction":[{"@type":"ReadAction","target":["https:\/\/cklcomunicaciones.es\/coop\/noticias-info-ckl-no-2594-23-06-21\/"]}]},{"@type":"ImageObject","inLanguage":"es","@id":"https:\/\/cklcomunicaciones.es\/coop\/noticias-info-ckl-no-2594-23-06-21\/#primaryimage","url":"https:\/\/cklcomunicaciones.es\/coop\/wp-content\/uploads\/2025\/01\/CKL-una-mirada-distinta-de-la-comunicacion.jpg","contentUrl":"https:\/\/cklcomunicaciones.es\/coop\/wp-content\/uploads\/2025\/01\/CKL-una-mirada-distinta-de-la-comunicacion.jpg","width":1482,"height":775,"caption":"CKL - una mirada distinta de la comunicacion"},{"@type":"BreadcrumbList","@id":"https:\/\/cklcomunicaciones.es\/coop\/noticias-info-ckl-no-2594-23-06-21\/#breadcrumb","itemListElement":[{"@type":"ListItem","position":1,"name":"Portada","item":"https:\/\/cklcomunicaciones.es\/coop\/"},{"@type":"ListItem","position":2,"name":"Noticias Info CKL n\u00ba 2594-23\/06\/21"}]},{"@type":"WebSite","@id":"https:\/\/cklcomunicaciones.es\/coop\/#website","url":"https:\/\/cklcomunicaciones.es\/coop\/","name":"CKL Comunicaciones","description":"Sitio web de CKL Comunicaciones coop , la consultora de comunicaci\u00f3n y estrategia","potentialAction":[{"@type":"SearchAction","target":{"@type":"EntryPoint","urlTemplate":"https:\/\/cklcomunicaciones.es\/coop\/?s={search_term_string}"},"query-input":{"@type":"PropertyValueSpecification","valueRequired":true,"valueName":"search_term_string"}}],"inLanguage":"es"},{"@type":"Person","@id":"https:\/\/cklcomunicaciones.es\/coop\/#\/schema\/person\/929a6837f7626450bbb50cee1aef266e","name":"ckl","image":{"@type":"ImageObject","inLanguage":"es","@id":"https:\/\/secure.gravatar.com\/avatar\/c82db564e8a669bf6023357a157b9dc4780f4d4c618f2ad1d71a6a5dede45057?s=96&d=mm&r=g","url":"https:\/\/secure.gravatar.com\/avatar\/c82db564e8a669bf6023357a157b9dc4780f4d4c618f2ad1d71a6a5dede45057?s=96&d=mm&r=g","contentUrl":"https:\/\/secure.gravatar.com\/avatar\/c82db564e8a669bf6023357a157b9dc4780f4d4c618f2ad1d71a6a5dede45057?s=96&d=mm&r=g","caption":"ckl"},"url":"https:\/\/cklcomunicaciones.es\/coop\/author\/cklcomunicaciones\/"}]}},"_links":{"self":[{"href":"https:\/\/cklcomunicaciones.es\/coop\/wp-json\/wp\/v2\/posts\/15474","targetHints":{"allow":["GET"]}}],"collection":[{"href":"https:\/\/cklcomunicaciones.es\/coop\/wp-json\/wp\/v2\/posts"}],"about":[{"href":"https:\/\/cklcomunicaciones.es\/coop\/wp-json\/wp\/v2\/types\/post"}],"author":[{"embeddable":true,"href":"https:\/\/cklcomunicaciones.es\/coop\/wp-json\/wp\/v2\/users\/3"}],"replies":[{"embeddable":true,"href":"https:\/\/cklcomunicaciones.es\/coop\/wp-json\/wp\/v2\/comments?post=15474"}],"version-history":[{"count":0,"href":"https:\/\/cklcomunicaciones.es\/coop\/wp-json\/wp\/v2\/posts\/15474\/revisions"}],"wp:featuredmedia":[{"embeddable":true,"href":"https:\/\/cklcomunicaciones.es\/coop\/wp-json\/wp\/v2\/media\/22909"}],"wp:attachment":[{"href":"https:\/\/cklcomunicaciones.es\/coop\/wp-json\/wp\/v2\/media?parent=15474"}],"wp:term":[{"taxonomy":"category","embeddable":true,"href":"https:\/\/cklcomunicaciones.es\/coop\/wp-json\/wp\/v2\/categories?post=15474"},{"taxonomy":"post_tag","embeddable":true,"href":"https:\/\/cklcomunicaciones.es\/coop\/wp-json\/wp\/v2\/tags?post=15474"}],"curies":[{"name":"wp","href":"https:\/\/api.w.org\/{rel}","templated":true}]}}