{"id":15457,"date":"2021-06-16T13:52:24","date_gmt":"2021-06-16T11:52:24","guid":{"rendered":"https:\/\/www.cklcomunicaciones.es\/?p=15457"},"modified":"2025-02-10T17:48:53","modified_gmt":"2025-02-10T16:48:53","slug":"noticias-info-ckl-no-2591-16-06-21","status":"publish","type":"post","link":"https:\/\/cklcomunicaciones.es\/coop\/noticias-info-ckl-no-2591-16-06-21\/","title":{"rendered":"Noticias Info CKL n\u00ba 2591-16\/06\/21"},"content":{"rendered":"<div class=\"fusion-fullwidth fullwidth-box fusion-builder-row-1 fusion-flex-container nonhundred-percent-fullwidth non-hundred-percent-height-scrolling\" style=\"--awb-border-radius-top-left:0px;--awb-border-radius-top-right:0px;--awb-border-radius-bottom-right:0px;--awb-border-radius-bottom-left:0px;--awb-flex-wrap:wrap;\" ><div class=\"fusion-builder-row fusion-row fusion-flex-align-items-flex-start fusion-flex-content-wrap\" style=\"max-width:1248px;margin-left: calc(-4% \/ 2 );margin-right: calc(-4% \/ 2 );\"><div class=\"fusion-layout-column fusion_builder_column fusion-builder-column-0 fusion_builder_column_1_1 1_1 fusion-flex-column\" style=\"--awb-bg-blend:overlay;--awb-bg-size:cover;--awb-width-large:100%;--awb-margin-top-large:0px;--awb-spacing-right-large:1.92%;--awb-margin-bottom-large:0px;--awb-spacing-left-large:1.92%;--awb-width-medium:100%;--awb-spacing-right-medium:1.92%;--awb-spacing-left-medium:1.92%;--awb-width-small:100%;--awb-spacing-right-small:1.92%;--awb-spacing-left-small:1.92%;\"><div class=\"fusion-column-wrapper fusion-flex-justify-content-flex-start fusion-content-layout-column\"><div class=\"fusion-text fusion-text-1\"><h1>Convocatorias<\/h1>\n<div id=\"\" class=\"lsow-panel lsow-active\">\n<div class=\"lsow-panel-content\">\n<ul>\n<li>Exposici\u00f3n digital \u00abConquistar y dividir. La fragmentaci\u00f3n israel\u00ed del espacio palestino\u00bb. 15, 16 y 17 de junio, de 19 a 21h, el\u00a0<a href=\"https:\/\/www.facebook.com\/Centro-C%C3%ADvico-Las-Sirenas-1434542983459679\/?__cft__%5b0%5d=AZVV8dnHj4An9MkMWhsOuloVv75BgW3P5x4kPCFB0NfSA_bh4mGfe2LWVlkSPd7oh9pPehgmeYaAvmrnZeoPDkdI7ufn-0TMAY1XJEH7ozp91EpTfK2Bx_FgdtM4SM_Vw5RA6C5mGpk-HKsK0LYzHHRnVjcTpuCM0jcY5Av8xfxqnTNnQyZUzC8WKVVveQ0HX5s&amp;__tn__=kK-R\">Centro C\u00edvico Las Sirenas<\/a>de Sevilla. Organiza ACPP Andaluc\u00eda y BTselem<\/li>\n<li>Bolet\u00edn electr\u00f3nico Mujer y Deporte.<u><a href=\"https:\/\/webmail.csd.gob.es\/owa\/natalia.flores@csd.gob.es\/redir.aspx?C=OvPUWUUSDU2bqMWhGAQTyC23g4x8NNkI9YMvMRdZvxb9IkRK4R_kyLzebRGmDsPQphHSc5pVtjE.&amp;URL=https%3a%2f%2fwww.csd.gob.es%2fes%2fmujer-y-deporte%2fboletin-electronico\">https:\/\/www.csd.gob.es\/es\/mujer-y-deporte\/boletin-electronico<\/a><\/u><\/li>\n<\/ul>\n<\/div>\n<\/div>\n<div id=\"\" class=\"lsow-panel lsow-active\">\n<h1 class=\"lsow-panel-title\">Comunicaci\u00f3n, Publicidad y TICs<\/h1>\n<div class=\"lsow-panel-content\">\n<p><u><a href=\"https:\/\/www.diariojaen.es\/andalucia\/el-colegio-de-periodistas-de-andalucia-condena-el-asesinato-de-la-reportera-grafica-alicia-rodriguez-KK7873396\">El Colegio de Periodistas de Andaluc\u00eda condena el asesinato de la reportera gr\u00e1fica Alicia Rodr\u00edguez<\/a><\/u>\u00a0\u2013diariojaen<a href=\"https:\/\/www.google.com\/url?rct=j&amp;sa=t&amp;url=https:\/\/eldiariocantabria.publico.es\/articulo\/cantabria\/podemos-exige-que-cambie-cartel-sexista-pobreza-infantil-patrocinado-ayuntamiento-santander-consejeria-industria\/20210615110856098770.html&amp;ct=ga&amp;cd=CAEYASoSMTYxNDc0NjA3NjEyMTk5ODczMhljYzc5ODQxYzZlZjM0ZWJmOmVzOmVzOkVT&amp;usg=AFQjCNF6WwXwmo3yN01_y4t5VvhtFNG2uQ\"><br \/>\nPiden la retirada de un cartel sexista para anunciar un desfile contra la pobreza\u00a0infantil<\/a>&#8211;\u00a0P\u00fablico<\/p>\n<p><u><a href=\"https:\/\/www.estrelladigital.es\/articulo\/tecnologia\/tecnologia-mas-innovadora-tiene-rostro-mujer\/20210616103048461388.html\">La tecnolog\u00eda m\u00e1s innovadora, tiene rostro de mujer<\/a><\/u>-estrelladigital<\/p>\n<p><a href=\"https:\/\/www.google.com\/url?rct=j&amp;sa=t&amp;url=https:\/\/hipertextual.com\/2021\/06\/whatsapp-lanza-una-campana-de-publicidad-para-demostrar-su-compromiso-con-la-privacidad&amp;ct=ga&amp;cd=CAEYACoTNjQ4NDU0NjkzMzEwNzI4NjY0NjIZY2M3OTg0MWM2ZWYzNGViZjplczplczpFUw&amp;usg=AFQjCNEFZGpe8VeQ4KIS7AmOjtRVRKy1hg\">WhatsApp lanza una campa\u00f1a de\u00a0publicidad\u00a0para demostrar su &#8216;compromiso con la privacidad&#8217;<\/a>&#8211;\u00a0Hipertextual<u><a href=\"https:\/\/www.google.com\/url?rct=j&amp;sa=t&amp;url=https:\/\/www.revistamercado.do\/tecnologia\/youtube-eliminara-publicidad-no-apta-pero-no-del-todo&amp;ct=ga&amp;cd=CAEYACoUMTY2NjU2ODk4MDY4MzAyMjMxOTAyGWNjNzk4NDFjNmVmMzRlYmY6ZXM6ZXM6RVM&amp;usg=AFQjCNEXnxmXqnYoy9GpBrHl_oEhigIeCA\"><br \/>\nYoutube decide eliminar\u00a0publicidad\u00a0no apta, pero no del todo<\/a><\/u>&#8211; Mercado Media Network<\/p>\n<\/div>\n<\/div>\n<div id=\"\" class=\"lsow-panel lsow-active\">\n<h1 class=\"lsow-panel-title\">Andaluc\u00eda<\/h1>\n<div class=\"lsow-panel-content\">\n<p><strong>Institucional<\/strong><\/p>\n<p><a href=\"https:\/\/www.google.com\/url?rct=j&amp;sa=t&amp;url=https:\/\/www.benalgo.es\/noticias\/siete-de-cada-diez-normas-incluian-en-2020-en-andalucia-medidas-de-igualdad-propuestas-por-expertos.html&amp;ct=ga&amp;cd=CAEYBSoUMTU4NzYwMjc5NjE3MzU2NjI2NDgyGWMwMzcyZWJjMmZlYWRhNTk6ZXM6ZXM6RVM&amp;usg=AFQjCNEwo0aND7kRrubolqrd0MUWWL4Vmw\">Siete de cada diez normas inclu\u00edan en 2020 en Andaluc\u00eda medidas de igualdad propuestas por expertos &#8230;<\/a>&#8211;\u00a0Contracr\u00f3nica.es<strong>\u00a0<\/strong><\/p>\n<p><strong>Econom\u00eda y Empresas<\/strong><\/p>\n<p><a href=\"https:\/\/www.google.com\/url?rct=j&amp;sa=t&amp;url=https:\/\/www.cope.es\/actualidad\/espana\/noticias\/los-contratos-jornada-parcial-las-mujeres-duplican-los-hombres-segun-diagnostico-del-iam-20210614_1340811&amp;ct=ga&amp;cd=CAEYACoTNTMzMTQ4MjE3MjU4ODE5OTM2MTIZYzAzNzJlYmMyZmVhZGE1OTplczplczpFUw&amp;usg=AFQjCNHvOA2rY4EvvMqpdvoGTIxSeCl8uA\">Los contratos de jornada parcial de las\u00a0mujeres\u00a0duplican al de los hombres, seg\u00fan el diagn\u00f3stico &#8230;<\/a>-Cope<\/p>\n<p><a href=\"https:\/\/www.google.com\/url?rct=j&amp;sa=t&amp;url=http:\/\/www.heconomia.es\/volatil.asp%3Fo%3D-282809428&amp;ct=ga&amp;cd=CAEYAioUMTc3NzA0NDE2NTY1MTE0NTk0MDMyGWUxZTc3ZDE1NjA5OGE4ZTM6ZXM6ZXM6RVM&amp;usg=AFQjCNFxIdzZISSfsvRZuNjH_NNDlMdsUQ\">El fomento del empleo y el emprendimiento, prioridades de las ayudas del IAJ a entidades locales<\/a>&#8211;\u00a0Heconomia.es<\/p>\n<p><u><a href=\"http:\/\/www.juntadeandalucia.es\/presidencia\/portavoz\/161890\/empleos\/turismo\/campanaturistica\/verano\/JuanMarin\/ConsejeriadeTurismo\">Andaluc\u00eda crear\u00e1 uno de cada cinco empleos de la campa\u00f1a tur\u00edstica de verano en Espa\u00f1a<\/a><\/u>&#8211; Mujeremprendedora.net<\/p>\n<p><u><a href=\"http:\/\/www.juntadeandalucia.es\/presidencia\/portavoz\/161838\/Empleo\/Ayudas\/BOJA\/Autonomos\/Conciliacion\">Empleo convoca por primera vez ayudas para aut\u00f3nomos destinadas a facilitar la conciliaci\u00f3n<\/a><\/u>-mujeremprendedora.net<\/p>\n<p><strong>Actualidad<\/strong><a href=\"https:\/\/www.google.com\/url?rct=j&amp;sa=t&amp;url=https:\/\/www.europapress.es\/andalucia\/huelva-00354\/noticia-ayuntamiento-huelva-concede-premio-marismas-2021-gabriela-fuente-juana-carrillo-20210616110106.html&amp;ct=ga&amp;cd=CAEYASoUMTUxNDk1NjE0MjExMTE5MDEwOTcyGzlhYjFjZGQ3ZTM2NmVmMzg6ZXM6ZXM6RVM6Ug&amp;usg=AFQjCNHY2MSlPD7cACFidCHi_xAlNwFEGA\"><br \/>\nEl Ayuntamiento de Huelva concede el Premio Marismas 2021 a Gabriela de la Fuente y Juana &#8230;<\/a>&#8211;\u00a0Europa Press<a href=\"https:\/\/www.google.com\/url?rct=j&amp;sa=t&amp;url=https:\/\/www.infolibre.es\/noticias\/politica\/2021\/06\/16\/clamor_social_una_pena_desproporcionada_juristas_defienden_indulto_juana_rivas_121747_1012.html&amp;ct=ga&amp;cd=CAEYAioUMTA3MjI2NTU1NjM0NTY2MjU2MDgyGWMwMzcyZWJjMmZlYWRhNTk6ZXM6ZXM6RVM&amp;usg=AFQjCNH3fyDVSo-z1WotfEJpRVJCXgxPvA\"><br \/>\nClamor social y \u00abuna pena desproporcionada\u00bb: juristas defienden el indulto a Juana Rivas<\/a>&#8211;\u00a0infoLibre<\/p>\n<p><u><a href=\"https:\/\/www.eldiario.es\/andalucia\/jovenes-menores-29-anos-representan-mayoria-contagios-covid-andalucia_1_8023022.html\">Los j\u00f3venes menores de 29 a\u00f1os representan ya la mayor\u00eda de los contagios por Covid en Andaluc\u00eda<\/a><\/u><strong>&#8211;<\/strong>eldiario.es<\/p>\n<p><strong>Violencias<\/strong><u><a href=\"https:\/\/www.google.com\/url?rct=j&amp;sa=t&amp;url=https:\/\/www.europapress.es\/esandalucia\/jaen\/noticia-consejera-igualdad-condena-presunto-asesinato-machista-mujer-36-anos-marmolejo-jaen-20210615111301.html&amp;ct=ga&amp;cd=CAEYASoUMTAyMzgyMTY3NjM5Njc1NjMxNjEyGzlhYjFjZGQ3ZTM2NmVmMzg6ZXM6ZXM6RVM6Ug&amp;usg=AFQjCNEU4EilRfQxgK-fcsv414DDMghvTQ\"><br \/>\nLa consejera de Igualdad condena el asesinato machista de una\u00a0mujer\u00a0de 36 a\u00f1os en Marmolejo &#8230;<\/a><\/u>&#8211;\u00a0Europa Press<\/p>\n<p><u><a href=\"https:\/\/www.canalsur.es\/noticias\/los-maltratadores-han-visto-perdido-el-control-sobre-sus-victimas\/1725975.html\">Laura Fern\u00e1ndez, directora IAM: \u201cLos maltratadores han visto perdido el control sobre sus v\u00edctimas\u00bb<\/a><\/u>-canalsur<\/p>\n<p><u><a href=\"https:\/\/www.google.com\/url?rct=j&amp;sa=t&amp;url=https:\/\/www.20minutos.es\/noticia\/4731054\/0\/justicia-dota-a-dos-hermanas-de-un-nuevo-servicio-de-atencion-a-victimas-de-delitos\/&amp;ct=ga&amp;cd=CAEYASoUMTUyNzk5OTc1NzQwOTY3NTA5NTgyGTU5ZDc4MTcxMzZhMmQwMjg6ZXM6ZXM6RVM&amp;usg=AFQjCNGHnbRFOBT0MwEFORW9X0wMhOoDDA\">Justicia dota a Dos Hermanas de un nuevo servicio de atenci\u00f3n a v\u00edctimas de delitos<\/a>&#8211;\u00a0<\/u>20minutos<strong>\u00a0<\/strong><\/p>\n<p><strong>Ciencia y Cultura<\/strong><\/p>\n<p><a href=\"https:\/\/www.google.com\/url?rct=j&amp;sa=t&amp;url=https:\/\/www.20minutos.es\/noticia\/4731973\/0\/estudio-de-us-constata-que-el-90-de-anuncios-dirigido-a-menores-incumple-la-norma-sobre-alimentacion-saludable\/&amp;ct=ga&amp;cd=CAEYACoTNjc2ODM1MjIwMzA1MjkxNDA0MjIZY2M3OTg0MWM2ZWYzNGViZjplczplczpFUw&amp;usg=AFQjCNE96Fe6vrmKUcwxLmFMUqTKoiaTvA\">Estudio de US constata que el 90% de anuncios dirigido a menores incumple la norma sobre &#8230;<\/a>&#8211;\u00a020minutos<\/p>\n<p><u><a href=\"https:\/\/www.google.com\/url?rct=j&amp;sa=t&amp;url=https:\/\/www.diariodesevilla.es\/ocio\/gloria-martin-festival-italica_0_1583543690.html&amp;ct=ga&amp;cd=CAEYAioUMTAyMzgyMTY3NjM5Njc1NjMxNjEyGzlhYjFjZGQ3ZTM2NmVmMzg6ZXM6ZXM6RVM6Ug&amp;usg=AFQjCNFx2ttOMxzCevMQnBtC3ntm2i6lPw\">Gloria Mart\u00edn reivindica a una \u00abmujer\u00a0libre\u00bb en su imagen del Festival de It\u00e1lica<\/a><\/u>&#8211;\u00a0Diario de Sevilla<\/p>\n<p><u><a href=\"https:\/\/www.google.com\/url?rct=j&amp;sa=t&amp;url=https:\/\/www.cope.es\/emisoras\/andalucia\/jaen-provincia\/noticias\/etnosur-volvera-inundar-alcala-real-musicas-del-mundo-del-julio-20210615_1344729&amp;ct=ga&amp;cd=CAEYAioUMTA0NTQ1ODIyMTcyMDI1MzYxMDMyGWVhOTI1ODA0ZDY3ZjI3YjM6ZXM6ZXM6RVM&amp;usg=AFQjCNEERw7ZrrnNt9ZUvYYSjrwJ6basxA\">Etnosur volver\u00e1 a inundar Alcal\u00e1 la Real de m\u00fasicas del mundo del 15 al 17 de julio<\/a><\/u>&#8211;\u00a0Cope<\/p>\n<p><u><a href=\"https:\/\/www.cope.es\/emisoras\/andalucia\/cordoba-provincia\/cordoba\/cordoba-es-unica\/noticias\/isabel-albas-andalucia-mochila-cordoba-puede-visitar-los-365-dias-del-ano-20210616_1340938\">Isabel Alb\u00e1s en &#8216;Andaluc\u00eda en la Mochila&#8217;: \u201cC\u00f3rdoba se puede visitar los 365 d\u00edas del a\u00f1o\u201d<\/a><\/u>-cope<\/p>\n<p><u><a href=\"https:\/\/www.diariojaen.es\/cultura\/paleomagina-acoge-la-exposicion-arte-rupestre-en-andalucia-20-anos-de-patrimonio-mundial-DN7861959\">Paleom\u00e1gina acoge la exposici\u00f3n \u201cArte Rupestre en Andaluc\u00eda, 20 a\u00f1os de Patrimonio Mundial\u201d<\/a><\/u>-diariojaen<\/p>\n<\/div>\n<\/div>\n<div id=\"\" class=\"lsow-panel lsow-active\">\n<h1 class=\"lsow-panel-title\">Estado<\/h1>\n<div class=\"lsow-panel-content\">\n<p><strong>Institucional<\/strong><\/p>\n<p><a href=\"https:\/\/amecopress.net\/Carmen-Calvo-Me-siento-muy-reconfortada-de-que-la-perspectiva-de-genero-entre-por-primera-vez-en-la-Constitucion-de-la-mano-de-las-mujeres-y-ninas\">Carmen Calvo: \u00abMe siento muy reconfortada de que la perspectiva de g\u00e9nero entre por primera vez en la Constituci\u00f3n de la mano de las mujeres y ni\u00f1as con discapacidad\u00bb |\u00a0 Ameco Press<\/a><\/p>\n<p><u><a href=\"https:\/\/www.elplural.com\/politica\/congreso-aprueba-iniciativa-proteger-huerfanos-violencia-machista_268843102\">El Congreso aprueba una iniciativa para proteger a los hu\u00e9rfanos de la violencia machista<\/a><\/u>-elplural.com<strong>\u00a0<\/strong><\/p>\n<p><strong>Institucional-CCAA\u00a0\u00a0<\/strong><\/p>\n<p><a href=\"https:\/\/www.google.com\/url?rct=j&amp;sa=t&amp;url=https:\/\/conselldeformentera.cat\/index.php%3Foption%3Dcom_content%26view%3Darticle%26id%3D3114%253Ael-consell-de-formentera-i-linstitut-balear-de-la-dona-signen-un-conveni-per-enfortir-la-prevencio-de-la-violencia-de-genere%26catid%3D343%253Aigualtat%26Itemid%3D538%26lang%3Des&amp;ct=ga&amp;cd=CAEYAyoTOTgxNjgwMDM0NDg2NDU1NzEyODIZYzAzNzJlYmMyZmVhZGE1OTplczplczpFUw&amp;usg=AFQjCNFyp2sp_7BoKfuIDmP1NVyz0URd0w\">El Consell de Formentera y del\u00a0Instituto\u00a0Balear de la\u00a0Mujer\u00a0firman un convenio para fortalecer la &#8230;<\/a>&#8211;\u00a0Consell Insular de Formentera<\/p>\n<p><u><a href=\"https:\/\/www.lacerca.com\/noticias\/guadalajara\/ugt-correos-electronicos-empresas-envien-planes-igualdad-sindicato-561996-1.html\">UGT Castilla La Mancha habilita correos electr\u00f3nicos para que las empresas env\u00eden sus planes de igualdad al sindicato<\/a><\/u>&#8211;<a href=\"http:\/\/lacerca.com\/\">lacerca.com<\/a><\/p>\n<p><u><a href=\"https:\/\/www.elperiodicodearagon.com\/zaragoza\/2021\/06\/16\/gobierno-aragon-personara-causa-penal-53441100.html\">El Gobierno de Arag\u00f3n se personar\u00e1 en la causa penal por Katia, la mujer asesinada por su pareja en Zaragoza<\/a><\/u>-elperiodicodearagon<\/p>\n<p><u><a href=\"https:\/\/arainfo.org\/fademur-aragon-presenta-en-zaragoza-su-estrategia-para-la-insercion-de-doscientas-mujeres-aragonesas-en-el-mercado-laboral\/\">Fademur Arag\u00f3n presenta en Zaragoza su estrategia para \u201cla inserci\u00f3n de doscientas mujeres aragonesas en el mercado laboral\u201d<\/a><\/u>-.arainfo<\/p>\n<p><strong>Econom\u00eda y Empresas<\/strong><\/p>\n<p><a href=\"https:\/\/www.google.com\/url?rct=j&amp;sa=t&amp;url=https:\/\/www.elespanol.com\/invertia\/mercados\/20210616\/gloria-martinez-picazo-primera-ostentara-protectora-inversor-bolsas\/589441514_0.html&amp;ct=ga&amp;cd=CAEYASoUMTgyOTEzMDkzMzI0MzkyMDg2NzAyGWMwMzcyZWJjMmZlYWRhNTk6ZXM6ZXM6RVM&amp;usg=AFQjCNH71esn7QRIY7o0-x9RKae8pnacUA\">Gloria Mart\u00ednez-Picazo, primera\u00a0mujer\u00a0que ostentar\u00e1 el cargo de Protectora del Inversor de las &#8230;<\/a>&#8211;\u00a0El Espa\u00f1ol<a href=\"https:\/\/www.google.com\/url?rct=j&amp;sa=t&amp;url=https:\/\/www.20minutos.es\/noticia\/4731519\/0\/como-fomentar-la-igualdad-y-sus-politicas-para-elevar-la-calidad-del-empleo-femenino\/&amp;ct=ga&amp;cd=CAEYASoTODAzMjAyNzE1NzA4MDQyMjY5MTIZYzAzNzJlYmMyZmVhZGE1OTplczplczpFUw&amp;usg=AFQjCNFYSWuY3bN8lWEYAF0nF1Ymq6Vr5A\"><br \/>\nC\u00f3mo fomentar la igualdad y sus pol\u00edticas para elevar la calidad del empleo femenino<\/a>&#8211;\u00a020minutos<\/p>\n<p><a href=\"https:\/\/amecopress.net\/Lo-que-las-trabajadoras-de-hogar-entregan-al-mundo\">Lo que las trabajadoras de hogar entregan al mundo |\u00a0\u00a0Ameco Press<\/a><\/p>\n<p><strong>Actualidad<\/strong><\/p>\n<p><a href=\"https:\/\/www.google.com\/url?rct=j&amp;sa=t&amp;url=https:\/\/cincodias.elpais.com\/cincodias\/2021\/06\/14\/economia\/1623683736_616315.html&amp;ct=ga&amp;cd=CAEYAioUMTczOTg4NTExODMyNTY5MjI1MDUyGWMwMzcyZWJjMmZlYWRhNTk6ZXM6ZXM6RVM&amp;usg=AFQjCNFi-ZZDAcE-13K1GXyYAOUPrUUEng\">Mujer, de mediana edad, con hijos a cargo: as\u00ed es el perfil medio del solicitante del IMV<\/a>&#8211;\u00a0Cinco D\u00edas<\/p>\n<p><u><a href=\"https:\/\/www.google.com\/url?rct=j&amp;sa=t&amp;url=https:\/\/www.telemadrid.es\/noticias\/madrid\/mujeres-arma-guerra-debate-Madrid-0-2350564960--20210615044645.html&amp;ct=ga&amp;cd=CAEYAioTNjM4OTIxNjQ0MDA5Mzc3NDEzMzIZYzAzNzJlYmMyZmVhZGE1OTplczplczpFUw&amp;usg=AFQjCNEKtckWNpCJU3kk9utogGvxcV_pSQ\">Las\u00a0mujeres\u00a0como arma de guerra a debate en Madrid<\/a><\/u>&#8211;\u00a0Telemadrid<a href=\"https:\/\/www.google.com\/url?rct=j&amp;sa=t&amp;url=https:\/\/nuevatribuna.publico.es\/articulo\/sociedad\/increible-historia-mujer-cientifica-da-nombre-buque-angelesalvarino\/20210616095244188725.html&amp;ct=ga&amp;cd=CAEYACoUMTgyOTEzMDkzMzI0MzkyMDg2NzAyGWMwMzcyZWJjMmZlYWRhNTk6ZXM6ZXM6RVM&amp;usg=AFQjCNFV30x6j2yEY1GQ7fpewUvfUCe_2A\"><br \/>\nLa incre\u00edble historia de la\u00a0mujer\u00a0que da nombre al &#8216;\u00c1ngeles Alvari\u00f1o&#8217;<\/a>&#8211;\u00a0P\u00fablico<\/p>\n<p><u><a href=\"https:\/\/www.elperiodic.com\/castellon\/cancer-provoca-pobreza-desigualdad-espana_754195\">El c\u00e1ncer provoca pobreza y desigualdad en Espa\u00f1a<\/a><\/u>-elperiodic.com<strong>\u00a0<\/strong><\/p>\n<p><strong>Violencias<\/strong><\/p>\n<p><a href=\"https:\/\/www.eldiario.es\/sociedad\/hombre-mata-mujer-81-anos-madrid_1_8042778.html\">Un hombre asesina a su mujer de 81 a\u00f1os en Madrid<\/a>&#8211;<a href=\"http:\/\/eldiario.es\/\">eldiario.es<\/a><\/p>\n<p><u><a href=\"https:\/\/elpais.com\/sociedad\/2021-06-15\/trabajadores-de-un-centro-de-menores-migrantes-de-gran-canaria-denuncian-violaciones-y-prostitucion-dentro-del-recinto.html\">La Fiscal\u00eda investiga denuncias de agresiones sexuales y prostituci\u00f3n en un centro de menores migrantes de Gran Canaria<\/a><\/u>-El Pa\u00eds<strong>\u00a0<\/strong><\/p>\n<p><strong>Ciencia y Cultura<\/strong><a href=\"https:\/\/www.google.com\/url?rct=j&amp;sa=t&amp;url=https:\/\/valor-compartido.com\/1-de-cada-3-investigadores-es-una-mujer\/&amp;ct=ga&amp;cd=CAEYASoSNjc4OTc4MjgwODYzMjY0MTYyMhljMDM3MmViYzJmZWFkYTU5OmVzOmVzOkVT&amp;usg=AFQjCNGxNP5JA17B0VDZulYl1swiNQzLRw\"><br \/>\n1 de cada 3 investigadores es una\u00a0mujer<\/a>&#8211;\u00a0Valor Compartido<\/p>\n<p><u><a href=\"https:\/\/www.google.com\/url?rct=j&amp;sa=t&amp;url=https:\/\/cadenaser.com\/ser\/2021\/06\/15\/sociedad\/1623776321_095775.html&amp;ct=ga&amp;cd=CAEYASoUMTQ0MDQxMjMwMTgxNjY5NTYxMjkyGWMwMzcyZWJjMmZlYWRhNTk6ZXM6ZXM6RVM&amp;usg=AFQjCNH6Fo2sJrd6dYkPfJztFNqVfc9y1Q\">\u00c1ngeles Alvari\u00f1o, cient\u00edfica pionera en barcos de investigaci\u00f3n<\/a><\/u>&#8211;\u00a0Cadena SER<a href=\"https:\/\/www.google.com\/url?rct=j&amp;sa=t&amp;url=https:\/\/www.abc.es\/cultura\/libros\/abci-ilustradora-andrea-reyes-homenajea-historia-feria-libro-madrid-cartel-2021-202106151511_noticia.html&amp;ct=ga&amp;cd=CAEYAioTNzg1NDU2NjM4MTQ4MDE4MzI3MTIZYzAzNzJlYmMyZmVhZGE1OTplczplczpFUw&amp;usg=AFQjCNFCKntVOf9-ozqD4pyV7GaiTANGtQ\"><br \/>\nLa ilustradora Andrea Reyes homenajea a la historia de la Feria del Libro de Madrid en el cartel &#8230;<\/a>&#8211;\u00a0abc.es<a href=\"https:\/\/www.google.com\/url?rct=j&amp;sa=t&amp;url=https:\/\/www.efeminista.com\/los-cuentos-feministas-de-emilio-pardo-bazan-de-total-actualidad\/&amp;ct=ga&amp;cd=CAEYACoTODAzMjAyNzE1NzA4MDQyMjY5MTIZYzAzNzJlYmMyZmVhZGE1OTplczplczpFUw&amp;usg=AFQjCNEAjfgf6h8GqLHDjzTtKfPOwBx_CQ\"><br \/>\nLos \u201cCuentos feministas\u201d de Emilio Pardo Baz\u00e1n, de total actualidad<\/a>&#8211;\u00a0Agencia EFE<\/p>\n<p><a href=\"https:\/\/amecopress.net\/Enorme-desigualdad-en-las-bandas-sinfonicas-espanolas-ni-una-sola-directora-de-orquesta\">Enorme desigualdad en las bandas sinf\u00f3nicas espa\u00f1olas: ni una sola directora de orquesta \u2026-\u00a0Ameco Press<\/a><\/p>\n<p><u><a href=\"https:\/\/elpais.com\/cultura\/2021-06-15\/el-reina-sofia-resitua-america-latina-en-el-mapa-y-en-sus-salas.html\">El Reina Sof\u00eda resit\u00faa Am\u00e9rica Latina en el mapa y en sus salas<\/a><\/u>&#8211;\u00a0El Pa\u00eds<\/p>\n<p><u><a href=\"https:\/\/www.eldiario.es\/cultura\/libros\/emilia-pardo-bazan-escritora-acabo-inevitable-pesar-obstaculos-patriarcado_1_8040143.html\">Emilia Pardo Baz\u00e1n, la escritora que acab\u00f3 siendo \u00abinevitable\u00bb a pesar de los obst\u00e1culos del patriarcado<\/a><\/u>&#8211;\u00a0<a href=\"http:\/\/eldiario.es\/\">eldiario.es<\/a><\/p>\n<p><u><a href=\"https:\/\/www.elimparcial.es\/noticia\/227165\/sociedad\/linya-una-homo-sapiens-inedita-que-vivio-hace-14.000-anos-en-el-nordeste-de-la-peninsula-iberica.html\">Linya, una Homo sapiens in\u00e9dita que vivi\u00f3 hace 14.000 a\u00f1os en el nordeste de la pen\u00ednsula Ib\u00e9rica<\/a><\/u>-elimparcial.com<strong>\u00a0<\/strong><\/p>\n<p><strong>Deporte<\/strong><\/p>\n<p><a href=\"https:\/\/www.google.com\/url?rct=j&amp;sa=t&amp;url=https:\/\/www.europapress.es\/castilla-y-leon\/noticia-alpinista-edurne-pasaban-abrira-martes-iii-encuentros-verano-uva-torno-belleza-20210614141121.html&amp;ct=ga&amp;cd=CAEYByoTNTMzMTQ4MjE3MjU4ODE5OTM2MTIZYzAzNzJlYmMyZmVhZGE1OTplczplczpFUw&amp;usg=AFQjCNFQqfAPssYpA1lfzOUrhztQxX090Q\">La alpinista Edurne Pasab\u00e1n abrir\u00e1 este martes los III Encuentros de Verano de la UVA en torno a &#8230;<\/a>-Europa Press<a href=\"https:\/\/www.google.com\/url?rct=j&amp;sa=t&amp;url=https:\/\/www.elcorreogallego.es\/concellos\/peregrinacion-a-vela-y-en-clave-femenina-desde-hondarribia-LE8042287&amp;ct=ga&amp;cd=CAEYACoUMTU4NzA1MDc3MTE4MzIwMDQ4NDAyGWMwMzcyZWJjMmZlYWRhNTk6ZXM6ZXM6RVM&amp;usg=AFQjCNEWee3dk8XOOnMDcZ2F5Lh2e8-heQ\"><br \/>\nPeregrinaci\u00f3n a vela y en clave femenina desde Hondarribia<\/a>&#8211;\u00a0El Correo Gallego<\/p>\n<p><u><a href=\"https:\/\/elpais.com\/deportes\/2021-06-16\/alba-torrens-y-tamara-abalde-bajas-definitivas-para-el-eurobasket-femenino-de-valencia.html\">Alba Torrens y Tamara Abalde, bajas definitivas para el Eurobasket femenino de Valencia<\/a><\/u>\u00a0-El Pa\u00eds<\/p>\n<p><u><a href=\"https:\/\/www.elindependiente.com\/sociedad\/deportes\/2021\/06\/16\/aprobada-la-profesionalizacion-del-futbol-femenino\/\">Aprobada la profesionalizaci\u00f3n del f\u00fatbol femenino<\/a><\/u>-elindependiente<\/p>\n<\/div>\n<\/div>\n<div id=\"\" class=\"lsow-panel lsow-active\">\n<h1 class=\"lsow-panel-title\">Internacional<\/h1>\n<div class=\"lsow-panel-content\">\n<p><a href=\"https:\/\/www.google.com\/url?rct=j&amp;sa=t&amp;url=https:\/\/www.observatoriorh.com\/orh-posts\/las-companias-con-al-menos-un-30-de-mujeres-en-puestos-de-liderazgo-tienen-un-15-mas-de-beneficios.html&amp;ct=ga&amp;cd=CAEYACoTMzU3MDQ4NDE3NTA4OTA4MTI0MzIZNTlkNzgxNzEzNmEyZDAyODplczplczpFUw&amp;usg=AFQjCNHcaEcXXkKQrMPKdRq9rBvp8eYHjQ\">Las compa\u00f1\u00edas con al menos un 30% de mujeres en puestos de liderazgo tienen un 15% m\u00e1s de &#8230;<\/a>-ORH<\/p>\n<p><u><a href=\"https:\/\/www.vidanuevadigital.com\/blog\/mujer-trabajadora-y-migrante-el-tridente-de-la-precariedad-teresa-garcia-gomez\/\">Mujer, trabajadora y migrante: el \u201ctridente\u201d de la precariedad<\/a><\/u>-vidanuevadigital<\/p>\n<p><a href=\"https:\/\/www.google.com\/url?rct=j&amp;sa=t&amp;url=https:\/\/www.europapress.es\/eseuropa\/noticia-ue-27-adoptan-garantia-infantil-europea-combatir-pobreza-exclusion-social-menores-edad-20210614190940.html&amp;ct=ga&amp;cd=CAEYASoTNjQ4NDU0NjkzMzEwNzI4NjY0NjIZY2M3OTg0MWM2ZWYzNGViZjplczplczpFUw&amp;usg=AFQjCNEiBtRH7NF7W2TGYTznGLKK-uvASA\">Los 27 adoptan la Garant\u00eda\u00a0Infantil\u00a0Europea para combatir la pobreza y la exclusi\u00f3n social de &#8230;<\/a>&#8211;\u00a0Europa Press<\/p>\n<p><a href=\"https:\/\/www.google.com\/url?rct=j&amp;sa=t&amp;url=https:\/\/www.america-retail.com\/estudios\/estudios-el-65-de-las-mujeres-fracasan-solas-en-sus-emprendimientos\/&amp;ct=ga&amp;cd=CAEYASoTOTgxNjgwMDM0NDg2NDU1NzEyODIZYzAzNzJlYmMyZmVhZGE1OTplczplczpFUw&amp;usg=AFQjCNEqPZ16tgaFUwEe5HhCKT3Tp2gWWg\">Estudios: El 65% de las\u00a0mujeres\u00a0fracasan solas en sus emprendimientos<\/a>&#8211;\u00a0Am\u00e9rica Retail<\/p>\n<p><u><a href=\"https:\/\/www.google.com\/url?rct=j&amp;sa=t&amp;url=https:\/\/www.tercerainformacion.es\/articulo\/internacional\/15\/06\/2021\/cepal-politica-exterior-feminista-implica-abordar-desigualdades\/&amp;ct=ga&amp;cd=CAEYASoUMTQ5OTk1MTc2Nzg1NDA5ODY0MjEyGTU5ZDc4MTcxMzZhMmQwMjg6ZXM6ZXM6RVM&amp;usg=AFQjCNFwqKgPGWHaILVghvqWxJsaDpdrfA\">Cepal: pol\u00edtica exterior feminista implica abordar desigualdades<\/a><\/u>&#8211;\u00a0Tercera Informaci\u00f3n<\/p>\n<p><u><a href=\"https:\/\/www.mujeremprendedora.net\/gladys-cali-jovenes-emprendedoras-uganda-llegan-ganas-comerse-mundo-propios-negocios\/\">Las j\u00f3venes emprendedoras de Uganda llegan con ganas de comerse el mundo con sus propios negocios<\/a><\/u>-Mujeremprendedora.net<a href=\"https:\/\/www.google.com\/url?rct=j&amp;sa=t&amp;url=https:\/\/contrainformacion.es\/hungria-la-propuesta-de-ley-es-un-nuevo-ataque-frontal-al-colectivo-lgbti\/&amp;ct=ga&amp;cd=CAEYACoUMTY0MTk5OTEwMTgzMzQ4MjQwMTcyGWNjNzk4NDFjNmVmMzRlYmY6ZXM6ZXM6RVM&amp;usg=AFQjCNGxYal2Gf4jqwEAOME0csTm5LAEfA\"><br \/>\nHungr\u00eda: La propuesta de ley es un nuevo ataque frontal al colectivo LGBTI<\/a>&#8211;\u00a0Contrainformaci\u00f3n<\/p>\n<p><u><a href=\"https:\/\/www.jotdown.es\/2021\/06\/leila-slimani\/\">Leila Slimani: \u00abCreo que quedan muchas historias por contar respecto a la sexualidad femenina\u00bb<\/a><\/u>-jotdown<\/p>\n<p><u><a href=\"https:\/\/es-us.vida-estilo.yahoo.com\/salma-hayek-reclama-lugar-menopausia-cine-101223792.html\">Salma Hayek reclama el lugar de la menopausia en el cine<\/a><\/u>-yahoo<\/p>\n<\/div>\n<\/div>\n<\/div><\/div><\/div><\/div><\/div>\n","protected":false},"excerpt":{"rendered":"<p>Lo que las trabajadoras de hogar entregan al mundo * Mujer de mediana edad con hijos a cargo: perfil medio que solicita IMV * Salma Hayek reclama el lugar de la menopausia en el cine * El f\u00fatbol femenino ya es profesional<\/p>\n","protected":false},"author":3,"featured_media":22909,"comment_status":"closed","ping_status":"closed","sticky":false,"template":"","format":"standard","meta":{"footnotes":""},"categories":[298,621],"tags":[268],"class_list":["post-15457","post","type-post","status-publish","format-standard","has-post-thumbnail","hentry","category-newsletter","category-nwl-3-0","tag-imv"],"yoast_head":"<!-- This site is optimized with the Yoast SEO plugin v27.5 - https:\/\/yoast.com\/product\/yoast-seo-wordpress\/ -->\n<title>Noticias Info CKL n\u00ba 2591-16\/06\/21-Comunicar con perspectiva de g\u00e9nero<\/title>\n<meta name=\"description\" content=\"Lo que las trabajadoras de hogar entregan al mundo * Mujer de mediana edad con hijos a cargo: perfil medio que solicita IMV * Salma Hayek reclama el lugar de la menopausia en el cine * El f\u00fatbol femenino ya es profesional\" \/>\n<meta name=\"robots\" content=\"index, follow, max-snippet:-1, max-image-preview:large, max-video-preview:-1\" \/>\n<link rel=\"canonical\" href=\"https:\/\/cklcomunicaciones.es\/coop\/noticias-info-ckl-no-2591-16-06-21\/\" \/>\n<meta property=\"og:locale\" content=\"es_ES\" \/>\n<meta property=\"og:type\" content=\"article\" \/>\n<meta property=\"og:title\" content=\"Noticias Info CKL n\u00ba 2591-16\/06\/21-Comunicar con perspectiva de g\u00e9nero\" \/>\n<meta property=\"og:description\" content=\"Lo que las trabajadoras de hogar entregan al mundo * Mujer de mediana edad con hijos a cargo: perfil medio que solicita IMV * Salma Hayek reclama el lugar de la menopausia en el cine * El f\u00fatbol femenino ya es profesional\" \/>\n<meta property=\"og:url\" content=\"https:\/\/cklcomunicaciones.es\/coop\/noticias-info-ckl-no-2591-16-06-21\/\" \/>\n<meta property=\"og:site_name\" content=\"CKL Comunicaciones\" \/>\n<meta property=\"article:published_time\" content=\"2021-06-16T11:52:24+00:00\" \/>\n<meta property=\"article:modified_time\" content=\"2025-02-10T16:48:53+00:00\" \/>\n<meta property=\"og:image\" content=\"https:\/\/cklcomunicaciones.es\/coop\/wp-content\/uploads\/2025\/01\/CKL-una-mirada-distinta-de-la-comunicacion.jpg\" \/>\n\t<meta property=\"og:image:width\" content=\"1482\" \/>\n\t<meta property=\"og:image:height\" content=\"775\" \/>\n\t<meta property=\"og:image:type\" content=\"image\/jpeg\" \/>\n<meta name=\"author\" content=\"ckl\" \/>\n<meta name=\"twitter:card\" content=\"summary_large_image\" \/>\n<meta name=\"twitter:label1\" content=\"Escrito por\" \/>\n\t<meta name=\"twitter:data1\" content=\"ckl\" \/>\n\t<meta name=\"twitter:label2\" content=\"Tiempo de lectura\" \/>\n\t<meta name=\"twitter:data2\" content=\"6 minutos\" \/>\n<script type=\"application\/ld+json\" class=\"yoast-schema-graph\">{\"@context\":\"https:\\\/\\\/schema.org\",\"@graph\":[{\"@type\":\"Article\",\"@id\":\"https:\\\/\\\/cklcomunicaciones.es\\\/coop\\\/noticias-info-ckl-no-2591-16-06-21\\\/#article\",\"isPartOf\":{\"@id\":\"https:\\\/\\\/cklcomunicaciones.es\\\/coop\\\/noticias-info-ckl-no-2591-16-06-21\\\/\"},\"author\":{\"name\":\"ckl\",\"@id\":\"https:\\\/\\\/cklcomunicaciones.es\\\/coop\\\/#\\\/schema\\\/person\\\/929a6837f7626450bbb50cee1aef266e\"},\"headline\":\"Noticias Info CKL n\u00ba 2591-16\\\/06\\\/21\",\"datePublished\":\"2021-06-16T11:52:24+00:00\",\"dateModified\":\"2025-02-10T16:48:53+00:00\",\"mainEntityOfPage\":{\"@id\":\"https:\\\/\\\/cklcomunicaciones.es\\\/coop\\\/noticias-info-ckl-no-2591-16-06-21\\\/\"},\"wordCount\":1205,\"image\":{\"@id\":\"https:\\\/\\\/cklcomunicaciones.es\\\/coop\\\/noticias-info-ckl-no-2591-16-06-21\\\/#primaryimage\"},\"thumbnailUrl\":\"https:\\\/\\\/cklcomunicaciones.es\\\/coop\\\/wp-content\\\/uploads\\\/2025\\\/01\\\/CKL-una-mirada-distinta-de-la-comunicacion.jpg\",\"keywords\":[\"IMV\"],\"articleSection\":[\"Newsletter\",\"Nwl v3.0\"],\"inLanguage\":\"es\"},{\"@type\":\"WebPage\",\"@id\":\"https:\\\/\\\/cklcomunicaciones.es\\\/coop\\\/noticias-info-ckl-no-2591-16-06-21\\\/\",\"url\":\"https:\\\/\\\/cklcomunicaciones.es\\\/coop\\\/noticias-info-ckl-no-2591-16-06-21\\\/\",\"name\":\"Noticias Info CKL n\u00ba 2591-16\\\/06\\\/21-Comunicar con perspectiva de g\u00e9nero\",\"isPartOf\":{\"@id\":\"https:\\\/\\\/cklcomunicaciones.es\\\/coop\\\/#website\"},\"primaryImageOfPage\":{\"@id\":\"https:\\\/\\\/cklcomunicaciones.es\\\/coop\\\/noticias-info-ckl-no-2591-16-06-21\\\/#primaryimage\"},\"image\":{\"@id\":\"https:\\\/\\\/cklcomunicaciones.es\\\/coop\\\/noticias-info-ckl-no-2591-16-06-21\\\/#primaryimage\"},\"thumbnailUrl\":\"https:\\\/\\\/cklcomunicaciones.es\\\/coop\\\/wp-content\\\/uploads\\\/2025\\\/01\\\/CKL-una-mirada-distinta-de-la-comunicacion.jpg\",\"datePublished\":\"2021-06-16T11:52:24+00:00\",\"dateModified\":\"2025-02-10T16:48:53+00:00\",\"author\":{\"@id\":\"https:\\\/\\\/cklcomunicaciones.es\\\/coop\\\/#\\\/schema\\\/person\\\/929a6837f7626450bbb50cee1aef266e\"},\"description\":\"Lo que las trabajadoras de hogar entregan al mundo * Mujer de mediana edad con hijos a cargo: perfil medio que solicita IMV * Salma Hayek reclama el lugar de la menopausia en el cine * El f\u00fatbol femenino ya es profesional\",\"breadcrumb\":{\"@id\":\"https:\\\/\\\/cklcomunicaciones.es\\\/coop\\\/noticias-info-ckl-no-2591-16-06-21\\\/#breadcrumb\"},\"inLanguage\":\"es\",\"potentialAction\":[{\"@type\":\"ReadAction\",\"target\":[\"https:\\\/\\\/cklcomunicaciones.es\\\/coop\\\/noticias-info-ckl-no-2591-16-06-21\\\/\"]}]},{\"@type\":\"ImageObject\",\"inLanguage\":\"es\",\"@id\":\"https:\\\/\\\/cklcomunicaciones.es\\\/coop\\\/noticias-info-ckl-no-2591-16-06-21\\\/#primaryimage\",\"url\":\"https:\\\/\\\/cklcomunicaciones.es\\\/coop\\\/wp-content\\\/uploads\\\/2025\\\/01\\\/CKL-una-mirada-distinta-de-la-comunicacion.jpg\",\"contentUrl\":\"https:\\\/\\\/cklcomunicaciones.es\\\/coop\\\/wp-content\\\/uploads\\\/2025\\\/01\\\/CKL-una-mirada-distinta-de-la-comunicacion.jpg\",\"width\":1482,\"height\":775,\"caption\":\"CKL - una mirada distinta de la comunicacion\"},{\"@type\":\"BreadcrumbList\",\"@id\":\"https:\\\/\\\/cklcomunicaciones.es\\\/coop\\\/noticias-info-ckl-no-2591-16-06-21\\\/#breadcrumb\",\"itemListElement\":[{\"@type\":\"ListItem\",\"position\":1,\"name\":\"Portada\",\"item\":\"https:\\\/\\\/cklcomunicaciones.es\\\/coop\\\/\"},{\"@type\":\"ListItem\",\"position\":2,\"name\":\"Noticias Info CKL n\u00ba 2591-16\\\/06\\\/21\"}]},{\"@type\":\"WebSite\",\"@id\":\"https:\\\/\\\/cklcomunicaciones.es\\\/coop\\\/#website\",\"url\":\"https:\\\/\\\/cklcomunicaciones.es\\\/coop\\\/\",\"name\":\"CKL Comunicaciones\",\"description\":\"Sitio web de CKL Comunicaciones coop , la consultora de comunicaci\u00f3n y estrategia\",\"potentialAction\":[{\"@type\":\"SearchAction\",\"target\":{\"@type\":\"EntryPoint\",\"urlTemplate\":\"https:\\\/\\\/cklcomunicaciones.es\\\/coop\\\/?s={search_term_string}\"},\"query-input\":{\"@type\":\"PropertyValueSpecification\",\"valueRequired\":true,\"valueName\":\"search_term_string\"}}],\"inLanguage\":\"es\"},{\"@type\":\"Person\",\"@id\":\"https:\\\/\\\/cklcomunicaciones.es\\\/coop\\\/#\\\/schema\\\/person\\\/929a6837f7626450bbb50cee1aef266e\",\"name\":\"ckl\",\"image\":{\"@type\":\"ImageObject\",\"inLanguage\":\"es\",\"@id\":\"https:\\\/\\\/secure.gravatar.com\\\/avatar\\\/c82db564e8a669bf6023357a157b9dc4780f4d4c618f2ad1d71a6a5dede45057?s=96&d=mm&r=g\",\"url\":\"https:\\\/\\\/secure.gravatar.com\\\/avatar\\\/c82db564e8a669bf6023357a157b9dc4780f4d4c618f2ad1d71a6a5dede45057?s=96&d=mm&r=g\",\"contentUrl\":\"https:\\\/\\\/secure.gravatar.com\\\/avatar\\\/c82db564e8a669bf6023357a157b9dc4780f4d4c618f2ad1d71a6a5dede45057?s=96&d=mm&r=g\",\"caption\":\"ckl\"},\"url\":\"https:\\\/\\\/cklcomunicaciones.es\\\/coop\\\/author\\\/cklcomunicaciones\\\/\"}]}<\/script>\n<!-- \/ Yoast SEO plugin. -->","yoast_head_json":{"title":"Noticias Info CKL n\u00ba 2591-16\/06\/21-Comunicar con perspectiva de g\u00e9nero","description":"Lo que las trabajadoras de hogar entregan al mundo * Mujer de mediana edad con hijos a cargo: perfil medio que solicita IMV * Salma Hayek reclama el lugar de la menopausia en el cine * El f\u00fatbol femenino ya es profesional","robots":{"index":"index","follow":"follow","max-snippet":"max-snippet:-1","max-image-preview":"max-image-preview:large","max-video-preview":"max-video-preview:-1"},"canonical":"https:\/\/cklcomunicaciones.es\/coop\/noticias-info-ckl-no-2591-16-06-21\/","og_locale":"es_ES","og_type":"article","og_title":"Noticias Info CKL n\u00ba 2591-16\/06\/21-Comunicar con perspectiva de g\u00e9nero","og_description":"Lo que las trabajadoras de hogar entregan al mundo * Mujer de mediana edad con hijos a cargo: perfil medio que solicita IMV * Salma Hayek reclama el lugar de la menopausia en el cine * El f\u00fatbol femenino ya es profesional","og_url":"https:\/\/cklcomunicaciones.es\/coop\/noticias-info-ckl-no-2591-16-06-21\/","og_site_name":"CKL Comunicaciones","article_published_time":"2021-06-16T11:52:24+00:00","article_modified_time":"2025-02-10T16:48:53+00:00","og_image":[{"width":1482,"height":775,"url":"https:\/\/cklcomunicaciones.es\/coop\/wp-content\/uploads\/2025\/01\/CKL-una-mirada-distinta-de-la-comunicacion.jpg","type":"image\/jpeg"}],"author":"ckl","twitter_card":"summary_large_image","twitter_misc":{"Escrito por":"ckl","Tiempo de lectura":"6 minutos"},"schema":{"@context":"https:\/\/schema.org","@graph":[{"@type":"Article","@id":"https:\/\/cklcomunicaciones.es\/coop\/noticias-info-ckl-no-2591-16-06-21\/#article","isPartOf":{"@id":"https:\/\/cklcomunicaciones.es\/coop\/noticias-info-ckl-no-2591-16-06-21\/"},"author":{"name":"ckl","@id":"https:\/\/cklcomunicaciones.es\/coop\/#\/schema\/person\/929a6837f7626450bbb50cee1aef266e"},"headline":"Noticias Info CKL n\u00ba 2591-16\/06\/21","datePublished":"2021-06-16T11:52:24+00:00","dateModified":"2025-02-10T16:48:53+00:00","mainEntityOfPage":{"@id":"https:\/\/cklcomunicaciones.es\/coop\/noticias-info-ckl-no-2591-16-06-21\/"},"wordCount":1205,"image":{"@id":"https:\/\/cklcomunicaciones.es\/coop\/noticias-info-ckl-no-2591-16-06-21\/#primaryimage"},"thumbnailUrl":"https:\/\/cklcomunicaciones.es\/coop\/wp-content\/uploads\/2025\/01\/CKL-una-mirada-distinta-de-la-comunicacion.jpg","keywords":["IMV"],"articleSection":["Newsletter","Nwl v3.0"],"inLanguage":"es"},{"@type":"WebPage","@id":"https:\/\/cklcomunicaciones.es\/coop\/noticias-info-ckl-no-2591-16-06-21\/","url":"https:\/\/cklcomunicaciones.es\/coop\/noticias-info-ckl-no-2591-16-06-21\/","name":"Noticias Info CKL n\u00ba 2591-16\/06\/21-Comunicar con perspectiva de g\u00e9nero","isPartOf":{"@id":"https:\/\/cklcomunicaciones.es\/coop\/#website"},"primaryImageOfPage":{"@id":"https:\/\/cklcomunicaciones.es\/coop\/noticias-info-ckl-no-2591-16-06-21\/#primaryimage"},"image":{"@id":"https:\/\/cklcomunicaciones.es\/coop\/noticias-info-ckl-no-2591-16-06-21\/#primaryimage"},"thumbnailUrl":"https:\/\/cklcomunicaciones.es\/coop\/wp-content\/uploads\/2025\/01\/CKL-una-mirada-distinta-de-la-comunicacion.jpg","datePublished":"2021-06-16T11:52:24+00:00","dateModified":"2025-02-10T16:48:53+00:00","author":{"@id":"https:\/\/cklcomunicaciones.es\/coop\/#\/schema\/person\/929a6837f7626450bbb50cee1aef266e"},"description":"Lo que las trabajadoras de hogar entregan al mundo * Mujer de mediana edad con hijos a cargo: perfil medio que solicita IMV * Salma Hayek reclama el lugar de la menopausia en el cine * El f\u00fatbol femenino ya es profesional","breadcrumb":{"@id":"https:\/\/cklcomunicaciones.es\/coop\/noticias-info-ckl-no-2591-16-06-21\/#breadcrumb"},"inLanguage":"es","potentialAction":[{"@type":"ReadAction","target":["https:\/\/cklcomunicaciones.es\/coop\/noticias-info-ckl-no-2591-16-06-21\/"]}]},{"@type":"ImageObject","inLanguage":"es","@id":"https:\/\/cklcomunicaciones.es\/coop\/noticias-info-ckl-no-2591-16-06-21\/#primaryimage","url":"https:\/\/cklcomunicaciones.es\/coop\/wp-content\/uploads\/2025\/01\/CKL-una-mirada-distinta-de-la-comunicacion.jpg","contentUrl":"https:\/\/cklcomunicaciones.es\/coop\/wp-content\/uploads\/2025\/01\/CKL-una-mirada-distinta-de-la-comunicacion.jpg","width":1482,"height":775,"caption":"CKL - una mirada distinta de la comunicacion"},{"@type":"BreadcrumbList","@id":"https:\/\/cklcomunicaciones.es\/coop\/noticias-info-ckl-no-2591-16-06-21\/#breadcrumb","itemListElement":[{"@type":"ListItem","position":1,"name":"Portada","item":"https:\/\/cklcomunicaciones.es\/coop\/"},{"@type":"ListItem","position":2,"name":"Noticias Info CKL n\u00ba 2591-16\/06\/21"}]},{"@type":"WebSite","@id":"https:\/\/cklcomunicaciones.es\/coop\/#website","url":"https:\/\/cklcomunicaciones.es\/coop\/","name":"CKL Comunicaciones","description":"Sitio web de CKL Comunicaciones coop , la consultora de comunicaci\u00f3n y estrategia","potentialAction":[{"@type":"SearchAction","target":{"@type":"EntryPoint","urlTemplate":"https:\/\/cklcomunicaciones.es\/coop\/?s={search_term_string}"},"query-input":{"@type":"PropertyValueSpecification","valueRequired":true,"valueName":"search_term_string"}}],"inLanguage":"es"},{"@type":"Person","@id":"https:\/\/cklcomunicaciones.es\/coop\/#\/schema\/person\/929a6837f7626450bbb50cee1aef266e","name":"ckl","image":{"@type":"ImageObject","inLanguage":"es","@id":"https:\/\/secure.gravatar.com\/avatar\/c82db564e8a669bf6023357a157b9dc4780f4d4c618f2ad1d71a6a5dede45057?s=96&d=mm&r=g","url":"https:\/\/secure.gravatar.com\/avatar\/c82db564e8a669bf6023357a157b9dc4780f4d4c618f2ad1d71a6a5dede45057?s=96&d=mm&r=g","contentUrl":"https:\/\/secure.gravatar.com\/avatar\/c82db564e8a669bf6023357a157b9dc4780f4d4c618f2ad1d71a6a5dede45057?s=96&d=mm&r=g","caption":"ckl"},"url":"https:\/\/cklcomunicaciones.es\/coop\/author\/cklcomunicaciones\/"}]}},"_links":{"self":[{"href":"https:\/\/cklcomunicaciones.es\/coop\/wp-json\/wp\/v2\/posts\/15457","targetHints":{"allow":["GET"]}}],"collection":[{"href":"https:\/\/cklcomunicaciones.es\/coop\/wp-json\/wp\/v2\/posts"}],"about":[{"href":"https:\/\/cklcomunicaciones.es\/coop\/wp-json\/wp\/v2\/types\/post"}],"author":[{"embeddable":true,"href":"https:\/\/cklcomunicaciones.es\/coop\/wp-json\/wp\/v2\/users\/3"}],"replies":[{"embeddable":true,"href":"https:\/\/cklcomunicaciones.es\/coop\/wp-json\/wp\/v2\/comments?post=15457"}],"version-history":[{"count":0,"href":"https:\/\/cklcomunicaciones.es\/coop\/wp-json\/wp\/v2\/posts\/15457\/revisions"}],"wp:featuredmedia":[{"embeddable":true,"href":"https:\/\/cklcomunicaciones.es\/coop\/wp-json\/wp\/v2\/media\/22909"}],"wp:attachment":[{"href":"https:\/\/cklcomunicaciones.es\/coop\/wp-json\/wp\/v2\/media?parent=15457"}],"wp:term":[{"taxonomy":"category","embeddable":true,"href":"https:\/\/cklcomunicaciones.es\/coop\/wp-json\/wp\/v2\/categories?post=15457"},{"taxonomy":"post_tag","embeddable":true,"href":"https:\/\/cklcomunicaciones.es\/coop\/wp-json\/wp\/v2\/tags?post=15457"}],"curies":[{"name":"wp","href":"https:\/\/api.w.org\/{rel}","templated":true}]}}