{"id":15445,"date":"2021-06-02T15:11:10","date_gmt":"2021-06-02T13:11:10","guid":{"rendered":"https:\/\/www.cklcomunicaciones.es\/?p=15445"},"modified":"2025-02-10T18:00:46","modified_gmt":"2025-02-10T17:00:46","slug":"noticias-info-ckl-no-2589-02-06-21","status":"publish","type":"post","link":"https:\/\/cklcomunicaciones.es\/coop\/noticias-info-ckl-no-2589-02-06-21\/","title":{"rendered":"Noticias Info CKL n\u00ba 2589-02\/06\/21"},"content":{"rendered":"<div class=\"fusion-fullwidth fullwidth-box fusion-builder-row-1 fusion-flex-container nonhundred-percent-fullwidth non-hundred-percent-height-scrolling\" style=\"--awb-border-radius-top-left:0px;--awb-border-radius-top-right:0px;--awb-border-radius-bottom-right:0px;--awb-border-radius-bottom-left:0px;--awb-flex-wrap:wrap;\" ><div class=\"fusion-builder-row fusion-row fusion-flex-align-items-flex-start fusion-flex-content-wrap\" style=\"max-width:1248px;margin-left: calc(-4% \/ 2 );margin-right: calc(-4% \/ 2 );\"><div class=\"fusion-layout-column fusion_builder_column fusion-builder-column-0 fusion_builder_column_1_1 1_1 fusion-flex-column\" style=\"--awb-bg-blend:overlay;--awb-bg-size:cover;--awb-width-large:100%;--awb-margin-top-large:0px;--awb-spacing-right-large:1.92%;--awb-margin-bottom-large:0px;--awb-spacing-left-large:1.92%;--awb-width-medium:100%;--awb-spacing-right-medium:1.92%;--awb-spacing-left-medium:1.92%;--awb-width-small:100%;--awb-spacing-right-small:1.92%;--awb-spacing-left-small:1.92%;\"><div class=\"fusion-column-wrapper fusion-flex-justify-content-flex-start fusion-content-layout-column\"><div class=\"fusion-text fusion-text-1\"><div id=\"\" class=\"lsow-panel lsow-active\">\n<h1 class=\"lsow-panel-title\">Convocatorias<\/h1>\n<div class=\"lsow-panel-content\">\n<ul>\n<li>Webinario: \u00abEscuelas sin Racismo, Escuelas para la Paz y el Desarrollo: una red de escuelas y barrios por los derechos humanos\u00bb. 31 de mayo, 1 y 2 de junio de 2021. Organizado por la Asamblea de Cooperaci\u00f3n por la Paz y la Agencia Andaluza de Cooperaci\u00f3n Internacional para el Desarrollo.\u00a0<a href=\"https:\/\/docs.google.com\/forms\/d\/1Q6TwBFUFaGpCf200MlM4v_Xj1BiX8x71rMYnnAc_3Tw\/edit\">Formulario de inscripci\u00f3n<\/a><\/li>\n<li><a href=\"http:\/\/www.juntadeandalucia.es\/iam\/catalogo\/doc\/convocatorias\/2021-genero\/EL-sostentic.pdf\">Proyecto #SOSTENTIC para eliminar la brecha de g\u00e9nero en el sector TIC<\/a>.\u00a0Programa EMPLEAVERDE de\u00a0Fundaci\u00f3n Biodiversidad\u00a0y el Ministerio para la Transici\u00f3n Ecol\u00f3gica y el Reto Demogr\u00e1fico.<a href=\"http:\/\/www.juntadeandalucia.es\/iam\/catalogo\/doc\/convocatorias\/2021-genero\/EL-sostentic-cartel.pdf\">Cartel<\/a>.\u00a0<a href=\"https:\/\/survey.zohopublic.com\/zs\/Zzz9jJ\">Inscripciones<\/a>\u00a0(hasta el 9 de junio)<\/li>\n<li><a href=\"https:\/\/geoviolenciasexual.com\/seminario-online-analisis-del-sistema-prostitucional-en-espana\/\">Seminario &#8216;An\u00e1lisis del sistema prostitucional en Espa\u00f1a&#8217;<\/a>.\u00a0Feminicidio.net, etc. 8 de junio de 18:00 a 20:00 h.\u00a0<a href=\"https:\/\/register.gotowebinar.com\/register\/845473179844071693\">Inscripciones<\/a><\/li>\n<li><a href=\"http:\/\/www.forumpoliticafeminista.org\/?q=xxxi-taller-feminista-tejiendo-internacionalismo-feminista-ante-la-ofensiva-patriarcal-y-neoliberal\">XXXI Taller feminista &#8216;Tejiendo internacionalismo feminista ante la ofensiva patriarcal y neoliberal&#8217;<\/a>.\u00a0F\u00f3rum de Pol\u00edtica Feminista. 11 de junio de 18:00 a 20:30 h. y 12 de junio a las 11:00 h.<\/li>\n<li><a href=\"https:\/\/fepc.es\/\">Expo #MARCAMUJER21: II Feria de Empresarias y Profesionales de C\u00f3rdoba<\/a>.\u00a0FEPC -Foro de Empresarias y Profesionales de C\u00f3rdoba. 5 de junio de 11:00 a 21:00 h.<\/li>\n<li><a href=\"http:\/\/www.bibliotecasdeandalucia.es\/web\/biblioteca-del-estado-publica-provincial-de-sevilla\/inicio\/-\/asset_publisher\/HVVzlL3SPCew\/content\/presentacion-de-libro-carmen-estrada\/maximized?inheritRedirect=false&amp;redirect=http:\/\/www.bibliotecasdeandalucia.es\/web\/biblioteca-del-estado-publica-provincial-de-sevilla\/inicio?p_p_id=101_INSTANCE_HVVzlL3SPCew&amp;p_p_lifecycle=0&amp;p_p_state=normal&amp;p_p_mode=view&amp;p_p_col_id=_118_INSTANCE_BqMX9TrTHDrq__column-1&amp;p_p_col_pos=1&amp;p_p_col_count=2\">Presentaci\u00f3n del libro &#8216;Odiseicas. Las mujeres\u00a0en\u00a0la Odisea&#8217;, de Carmen Estrada<\/a>.Biblioteca P\u00fablica Provincial. 9 de junio a las 19:00 h. Aforo limitado, reserva previa en:\u00a0<a href=\"mailto:odiseicas@gmail.com\">odiseicas@gmail.com<\/a><\/li>\n<li><a href=\"https:\/\/cicus.us.es\/21grados2021_07\/\">Ciclo Mujer y M\u00fasica FEMM+ #3<\/a>.\u00a0Universidad de Sevilla. 9, 10 y 11 de junio<\/li>\n<li>Actividades del apartado &#8216;Afirmando los derechos de las Mujeres&#8217;-<a href=\"https:\/\/festivaldemalaga.com\/secciones\/afirmando-los-derechos-de-las-mujeres\/cortometrajes-afirmando-derechos-mujeres\">Cortometrajes<\/a>,\u00a0<a href=\"https:\/\/festivaldemalaga.com\/secciones\/afirmando-los-derechos-de-las-mujeres\/largometrajes-afirmando-derechos-mujeres\">Largometrajes<\/a>\u00a0y\u00a0<a href=\"https:\/\/festivaldemalaga.com\/secciones\/afirmando-los-derechos-de-las-mujeres\/muestra-cine-mujeres-escena\">Muestra &#8216;Mujeres en Escena&#8217;<\/a>&#8211; del\u00a0<a href=\"https:\/\/festivaldemalaga.com\/\">Festival de M\u00e1laga<\/a>.\u00a0Del 3 al 13\u00a0de junio<\/li>\n<\/ul>\n<\/div>\n<\/div>\n<div id=\"\" class=\"lsow-panel lsow-active\">\n<h1 class=\"lsow-panel-title\">Comunicaci\u00f3n, Publicidad y TICs<\/h1>\n<div class=\"lsow-panel-content\">\n<p><a href=\"https:\/\/www.google.com\/url?rct=j&amp;sa=t&amp;url=https:\/\/www.ondacero.es\/emisoras\/galicia\/lugo\/audios-podcast\/mas-de-uno\/debate-tratamiento-violencia-genero-medios-comunicacion_2021053160b4d3a4b9c98f0001a3a0b2.html&amp;ct=ga&amp;cd=CAEYACoTOTc0OTU4NDg4Njk0MjY3MDkyNjIZNTlkNzgxNzEzNmEyZDAyODplczplczpFUw&amp;usg=AFQjCNFDNQkOuo26E9LoQSxiMLfkGfONwQ\">A debate el tratamiento de la violencia de\u00a0g\u00e9nero\u00a0en los medios de comunicaci\u00f3n<\/a>&#8211;\u00a0Ondacero<\/p>\n<p><a href=\"https:\/\/www.google.com\/url?rct=j&amp;sa=t&amp;url=https:\/\/www.servimedia.es\/noticias\/1860514&amp;ct=ga&amp;cd=CAEYACoUMTMyODM3NTM3NzIyOTgzMDQxNTMyGTU5ZDc4MTcxMzZhMmQwMjg6ZXM6ZXM6RVM&amp;usg=AFQjCNGlGnodDULbvMobejgvrc0mEqgCvQ\">El Cermi colaborar\u00e1 con el Observatorio de la Diversidad en los Medios Audiovisuales para &#8230;<\/a>&#8211;\u00a0Servimedia<\/p>\n<p><a href=\"https:\/\/www.google.com\/url?rct=j&amp;sa=t&amp;url=https:\/\/www.emartv.es\/2021\/06\/02\/cordoba-adolescencia-sana-solidaria\/&amp;ct=ga&amp;cd=CAEYASoUMTY5MTY1NDY5NjQ4NTY3MDY5NzYyGWVhOTI1ODA0ZDY3ZjI3YjM6ZXM6ZXM6RVM&amp;usg=AFQjCNFZGzDVvTtGm0OSrTOcc5qL8mKpyQ\">EMA-RTV inicia &#8216;C\u00f3rdoba por una adolescencia sana y\u00a0solidaria&#8217;, un nuevo espacio para la &#8230;<\/a>&#8211;\u00a0EMA-RTV<\/p>\n<p><a href=\"https:\/\/www.google.com\/url?rct=j&amp;sa=t&amp;url=https:\/\/www.silicon.es\/diversidad-sector-tic-asignatura-pendiente-2439374&amp;ct=ga&amp;cd=CAEYACoTODE3OTQ0NTkwMzg5MTI2NDQ3NjIZYzAzNzJlYmMyZmVhZGE1OTplczplczpFUw&amp;usg=AFQjCNF31jO2_ksdUr5p8R--nnbiOJoeVA\">La diversidad en el sector TIC, asignatura pendiente<\/a>&#8211;\u00a0Silicon ES<\/p>\n<\/div>\n<\/div>\n<div id=\"\" class=\"lsow-panel lsow-active\">\n<h1 class=\"lsow-panel-title\">Andaluc\u00eda<\/h1>\n<div class=\"lsow-panel-content\">\n<p><strong>Econom\u00eda y Empresas<\/strong><a href=\"https:\/\/www.google.com\/url?rct=j&amp;sa=t&amp;url=https:\/\/www.europapress.es\/andalucia\/sevilla-00357\/noticia-caixabank-analiza-sevilla-retos-emprendedoras-marco-post-covid-20210601173532.html&amp;ct=ga&amp;cd=CAEYACoUMTA4NDM4Nzk4NTU5MTU0OTcxMjIyGWQ3OGU1ODc1YTBmMWYyYWM6ZXM6ZXM6RVM&amp;usg=AFQjCNH4mxvHG6_krQfbilf4K4ERk_iFog\"><br \/>\nCaixaBank analiza en Sevilla los retos de las emprendedoras en el marco post-covid<\/a>&#8211;\u00a0Europa Press<a href=\"https:\/\/www.google.com\/url?rct=j&amp;sa=t&amp;url=https:\/\/www.diariodealmeria.es\/provincia\/Diputacion-provincial-Foro-Mujer-Sociedad_0_1578442611.html&amp;ct=ga&amp;cd=CAEYACoUMTA4MDcxMTYxMjg0ODc3ODQzMDQyGWMwMzcyZWJjMmZlYWRhNTk6ZXM6ZXM6RVM&amp;usg=AFQjCNE4aZvm4R29GCbZk2v56-XnJNZyKA\"><br \/>\nDiputaci\u00f3n de Almer\u00eda se convierte en el epicentro provincial del liderazgo femenino gracias al Foro &#8216;Mujer\u00a0y &#8230;<\/a>&#8211;\u00a0Diario de Almer\u00eda<\/p>\n<p><a href=\"https:\/\/www.google.com\/url?rct=j&amp;sa=t&amp;url=https:\/\/www.eldiadecordoba.es\/cordoba\/Expo-Mujer-empresarias-actividades-Cordoba_0_1579342233.html&amp;ct=ga&amp;cd=CAEYACoUMTA1NzE3MDc3MTcyMDA1NTg5ODMyGWMwMzcyZWJjMmZlYWRhNTk6ZXM6ZXM6RVM&amp;usg=AFQjCNG_Z0K2jZ9swLAB08W7_XST4OFJ6g\">Expo\u00a0Mujer\u00a0reunir\u00e1 a un centenar de\u00a0mujeres\u00a0empresarias y ofrecer\u00e1 m\u00e1s de 50 actividades &#8230;<\/a>&#8211;\u00a0El D\u00eda de C\u00f3rdoba<a href=\"https:\/\/www.google.com\/url?rct=j&amp;sa=t&amp;url=https:\/\/www.diariodealmeria.es\/finanzasyagricultura\/conciliacion-mujeres-empleos-jornada-parcial-primaflor-camara-vicasol-cajamar-red-Almeria_0_1579043371.html&amp;ct=ga&amp;cd=CAEYACoUMTcyODY5ODkzNDQyMjY3MDk2MTQyGzlhYjFjZGQ3ZTM2NmVmMzg6ZXM6ZXM6RVM6Ug&amp;usg=AFQjCNFdNeDuakqD92HLcly1z48HYaWJqQ\"><br \/>\nLa falta de conciliaci\u00f3n obliga a\u00a0las mujeres\u00a0a ocupar m\u00e1s empleos a jornada parcial<\/a>&#8211;\u00a0Diario de Almer\u00eda<a href=\"https:\/\/www.google.com\/url?rct=j&amp;sa=t&amp;url=https:\/\/www.diariodealmeria.es\/almeria\/conciliacion-mujeres-empleos-jornada-parcial_0_1579342446.html&amp;ct=ga&amp;cd=CAEYASoTNTMzNzE0ODQ1MTE2Mjc4NDE5NDIbOWFiMWNkZDdlMzY2ZWYzODplczplczpFUzpS&amp;usg=AFQjCNEp_SMuMXMKPA0nj_d1cmFAxJe70w\"><br \/>\nI Estrategia de Conciliaci\u00f3n de\u00a0Andaluc\u00eda<\/a>\u00a0&#8211;\u00a0Diario de Almer\u00eda<a href=\"https:\/\/www.google.com\/url?rct=j&amp;sa=t&amp;url=https:\/\/www.europapress.es\/andalucia\/noticia-ibermutua-adhiere-red-andaluza-entidades-conciliadoras-impulsada-instituto-andaluz-mujer-20210601190033.html&amp;ct=ga&amp;cd=CAEYACoUMTMwNjYxNjM1MjQyNzI1OTk0NjYyGzlhYjFjZGQ3ZTM2NmVmMzg6ZXM6ZXM6RVM6Ug&amp;usg=AFQjCNEkUs6Wb9QZo1DR0fImywDMWgkZfw\"><br \/>\nIbermutua se adhiere a la Red\u00a0Andaluza\u00a0de Entidades Conciliadoras impulsada por el\u00a0Instituto\u00a0&#8230;<\/a>&#8211;\u00a0Europa Press<\/p>\n<p><a href=\"http:\/\/www.juntadeandalucia.es\/presidencia\/portavoz\/161385\/ConsejodeGobierno\/Empleo\/Ayudas\/Covid19\/RocioBlanco\">Aprobado el decreto ley para dar a empresas y aut\u00f3nomos subvenciones por 1.109 millones<\/a>\u00a0\u2013Oficina del Portavoz<a href=\"https:\/\/www.google.com\/url?rct=j&amp;sa=t&amp;url=https:\/\/www.diariodesevilla.es\/economia\/datos-paro-andalucia-mayo-2021_0_1579642295.html&amp;ct=ga&amp;cd=CAEYACoTNzI5NzAzOTI1ODYyNTU0NTE1MTIZZDc4ZTU4NzVhMGYxZjJhYzplczplczpFUw&amp;usg=AFQjCNEjzVKVK-7TgIRqi6GpcHXAKoFeUQ\"><br \/>\nEl paro desciende en 28.561 personas en mayo en\u00a0Andaluc\u00eda\u00a0y se sit\u00faa en 955.936 desempleados<\/a>&#8211; diariodesevilla<strong>\u00a0<\/strong><\/p>\n<p><strong>Actualidad<\/strong><a href=\"https:\/\/www.google.com\/url?rct=j&amp;sa=t&amp;url=https:\/\/www.europapress.es\/esandalucia\/malaga\/noticia-iam-publica-cuadernos-salud-mujeres-consecuencias-esclavitud-sexual-20210601124438.html&amp;ct=ga&amp;cd=CAEYACoTNTMzNzE0ODQ1MTE2Mjc4NDE5NDIbOWFiMWNkZDdlMzY2ZWYzODplczplczpFUzpS&amp;usg=AFQjCNHekRl7YHmkvxbZhxneh8CgVBw7BA\"><br \/>\nEl IAM publica &#8216;Cuadernos para la salud de\u00a0las mujeres&#8217; sobre las consecuencias de la esclavitud &#8230;<\/a>&#8211;\u00a0Europa Press<a href=\"https:\/\/www.google.com\/url?rct=j&amp;sa=t&amp;url=https:\/\/www.teleprensa.com\/articulo\/andalucia-0\/andalucia-secretaria-general-familias-presenta-informe-situacion-familias-zonas-rurales-andalucia\/20210531162748953850.html&amp;ct=ga&amp;cd=CAEYBCoTMjM0MzE5OTk3NDkzODU4ODk2NDIZZTFlNzdkMTU2MDk4YThlMzplczplczpFUw&amp;usg=AFQjCNEcut87_0dRtHjEwntX_51y26kmeQ\"><br \/>\nLa Junta presenta un informe sobre la situaci\u00f3n de las familias en las zonas rurales de Andaluc\u00eda<\/a>&#8211;\u00a0Teleprensa peri\u00f3dico digital<a href=\"https:\/\/www.google.com\/url?rct=j&amp;sa=t&amp;url=https:\/\/www.eldiario.es\/andalucia\/sevilla\/claves-escuelas-racismo-e-inclusivas-debate-tres-webinarios_1_7987367.html&amp;ct=ga&amp;cd=CAEYACoTNzkzMzM3MDg1NzA2NzIxNjkzNjIZZDcxNzUwMTgzYzVmYzQ2YTplczplczpFUw&amp;usg=AFQjCNF-Sh8KFONcyJI13FMo-fxh22yHZQ\"><br \/>\nLas claves para tener escuelas sin racismo e inclusivas,\u00a0a\u00a0debate\u00a0en\u00a0tres webinarios<\/a>&#8211;\u00a0<a href=\"http:\/\/eldiario.es\/\">eldiario.es<\/a><a href=\"https:\/\/www.google.com\/url?rct=j&amp;sa=t&amp;url=https:\/\/www.ahoragranada.com\/noticias\/senales-para-el-recuerdo-en-el-monolito-en-homenaje-a-ana-orantes-y-encarnacion-rubio-en-cullar-vega\/&amp;ct=ga&amp;cd=CAEYACoTMzQxNjg2MDQ5ODE4MzgwMTU3ODIZZTJkZWZhN2Q1ZGE5MTU3ZDplczplczpFUw&amp;usg=AFQjCNEPNMKZ_NmrWeyk-uhIOgnYtbKYCw\"><br \/>\nSe\u00f1ales para el recuerdo en el monolito en homenaje a Ana Orantes y Encarnaci\u00f3n Rubio en &#8230;<\/a>&#8211;\u00a0<a href=\"http:\/\/ahoragranada.com\/\">ahoragranada.com<\/a><\/p>\n<p><a href=\"https:\/\/www.google.com\/url?rct=j&amp;sa=t&amp;url=https:\/\/www.nacion.com\/archivo\/andalucia-y-centroamerica-aprobaran-plan-operativo-de-cooperacion\/DCVVYRSXV5HHTPMM3SIJGG772U\/story\/&amp;ct=ga&amp;cd=CAEYACoTNTA2NTY5NTM4NTY3MTU0MzQ5OTIZZWE5MjU4MDRkNjdmMjdiMzplczplczpFUw&amp;usg=AFQjCNE5YecnlqzocjLyyPMUp7YYKYmalw\">Andaluc\u00eda\u00a0y Centroam\u00e9rica aprobar\u00e1n plan Operativo de Cooperaci\u00f3n<\/a>&#8211;\u00a0La Naci\u00f3n Costa Rica<\/p>\n<p><a href=\"https:\/\/www.google.com\/url?rct=j&amp;sa=t&amp;url=https:\/\/www.europapress.es\/andalucia\/educacion-00651\/noticia-consejo-escolar-andalucia-avanza-encuestas-estudio-fracaso-abandono-escolar-20210601143301.html&amp;ct=ga&amp;cd=CAEYAyoTNTMzNzE0ODQ1MTE2Mjc4NDE5NDIbOWFiMWNkZDdlMzY2ZWYzODplczplczpFUzpS&amp;usg=AFQjCNGs8rbiP9FEkpyS-lTj30C4hhYy2Q\">El Consejo Escolar de\u00a0Andaluc\u00eda\u00a0avanza con encuestas en un estudio sobre fracaso y abandono &#8230;<\/a>&#8211;\u00a0Europa Press<strong>\u00a0<\/strong><\/p>\n<p><strong>Violencias<\/strong><\/p>\n<p><a href=\"https:\/\/www.google.com\/url?rct=j&amp;sa=t&amp;url=https:\/\/huelvaya.es\/2021\/06\/01\/el-infanta-elena-celebra-el-i-ciclo-de-charlas-sobre-violencia-de-genero\/&amp;ct=ga&amp;cd=CAEYAioTNTMzNzE0ODQ1MTE2Mjc4NDE5NDIbOWFiMWNkZDdlMzY2ZWYzODplczplczpFUzpS&amp;usg=AFQjCNGticdF37iJLlml7oyQYFdCrHd87g\">El Infanta Elena celebra el I Ciclo de Charlas sobre Violencia de G\u00e9nero<\/a>&#8211;\u00a0HuelvaYA<a href=\"https:\/\/www.google.com\/url?rct=j&amp;sa=t&amp;url=https:\/\/www.diariodecadiz.es\/puerto-real\/Puerto-Real-IES-Manuel-Falla-Me-Too-Violencia-Machista-micromachismos_0_1577844424.html&amp;ct=ga&amp;cd=CAEYAioTODMyNTc4MTA3NzAwOTIzOTg3MzIZYzAzNzJlYmMyZmVhZGE1OTplczplczpFUw&amp;usg=AFQjCNGI1lshFtoGxwV9pKCdIUOE9c1Rtw\"><br \/>\nNace en el IES Falla el &#8216;Me Too Puerto Real&#8217;<\/a>&#8211;\u00a0Diario de C\u00e1diz<a href=\"https:\/\/www.google.com\/url?rct=j&amp;sa=t&amp;url=https:\/\/www.diariojaen.es\/provincia\/el-iam-destaca-la-importancia-de-visibilizar-la-explotacion-sexual-FK7851171&amp;ct=ga&amp;cd=CAEYACoTMzM5NTk2MDk1NTE4NDYyMTYyODIZYzAzNzJlYmMyZmVhZGE1OTplczplczpFUw&amp;usg=AFQjCNFtL8HrZJBiVjqGAx2TuWueiv7wuA\"><br \/>\nEl IAM destaca la importancia de visibilizar la explotaci\u00f3n sexual<\/a>&#8211;\u00a0Diario Ja\u00e9n<strong>\u00a0<\/strong><\/p>\n<p><strong>Ciencia y Cultura<\/strong><a href=\"https:\/\/www.google.com\/url?rct=j&amp;sa=t&amp;url=https:\/\/cadenaser.com\/emisora\/2021\/05\/29\/radio_cordoba\/1622307831_478662.html&amp;ct=ga&amp;cd=CAEYACoUMTc0MzQyMjM2NTk2NDQ3NzE1MDIyGWMwMzcyZWJjMmZlYWRhNTk6ZXM6ZXM6RVM&amp;usg=AFQjCNHtsD_i5I9aGxhvWzvaTPgoZ9loog\"><br \/>\nLa cordobesa Pilar Ba\u00f1os, \u00fanica neurocirujana andaluza especializada en operar la columna a &#8230;<\/a>&#8211;\u00a0Cadena Ser<a href=\"https:\/\/www.google.com\/url?rct=j&amp;sa=t&amp;url=https:\/\/cadiznoticias.es\/la-uca-celebra-el-congreso-internacional-gender-and-law-in-practice-and-education-los-proximos-19-y-20-de-julio\/&amp;ct=ga&amp;cd=CAEYACoUMTgzNjY5MzM0Nzg4NDUzNzI2ODkyGTU5ZDc4MTcxMzZhMmQwMjg6ZXM6ZXM6RVM&amp;usg=AFQjCNGRk2pomUcwPcrWQC_UUikMWCtMnQ\"><br \/>\nLa UCA celebra el Congreso Internacional &#8216;Gender and Law in Practice and Education&#8217; los &#8230;<\/a>&#8211;\u00a0Cadiznoticias<\/p>\n<p><a href=\"https:\/\/www.google.com\/url?rct=j&amp;sa=t&amp;url=https:\/\/www.diariodesevilla.es\/ocio\/Grados-regresa-Cicus-edicion-comprimida_0_1578144246.html&amp;ct=ga&amp;cd=CAEYACoUMTAwMTQ4MTEyNjQ2MjU0MjI3ODMyGWMwMzcyZWJjMmZlYWRhNTk6ZXM6ZXM6RVM&amp;usg=AFQjCNHPPSsL5Dh277aIzSrd8oxI1SNHuw\">El ciclo &#8217;21 Grados&#8217; regresa al Cicus en una edici\u00f3n comprimida de un solo mes<\/a>&#8211;\u00a0Diario de Sevilla<a href=\"https:\/\/www.google.com\/url?rct=j&amp;sa=t&amp;url=https:\/\/www.europasur.es\/algeciras\/maria-palma-ruiz-celdas-invisibles_0_1579044089.html&amp;ct=ga&amp;cd=CAEYAioTNjAxOTI5MjgxMjc3MTIxODgzMjIZYzAzNzJlYmMyZmVhZGE1OTplczplczpFUw&amp;usg=AFQjCNHzWGXeX91vA1ua20jbyeifx-KArQ\"><br \/>\nMar\u00eda de la Palma Ruiz presenta &#8216;Tela de ara\u00f1a: celdas invisibles&#8217; dentro del certamen literario &#8230;<\/a>&#8211;\u00a0Europa Sur<a href=\"https:\/\/www.google.com\/url?rct=j&amp;sa=t&amp;url=https:\/\/www.rtve.es\/television\/20210602\/festival-malaga-mujeres-participacion-biznaga-oro-chavalas\/2097330.shtml&amp;ct=ga&amp;cd=CAEYAyoUMTA4NDM4ODgyMzA4MzY5MTg3MTgyGWMwMzcyZWJjMmZlYWRhNTk6ZXM6ZXM6RVM&amp;usg=AFQjCNGdkHkeAqkT3MIrOOePJd1gvJ7tTQ\"><br \/>\nDescubre a las directoras que optan a la Biznaga de Oro<\/a>&#8211;\u00a0Rtve<strong>\u00a0<\/strong><\/p>\n<p><strong>Deporte<\/strong><\/p>\n<p><a href=\"https:\/\/www.google.com\/url?rct=j&amp;sa=t&amp;url=https:\/\/www.granadahoy.com\/granada\/Puerto-Granada-CF-Conciliacion-IAM_0_1578144375.html&amp;ct=ga&amp;cd=CAEYACoUMTMzNjcyMTU2MTg0OTIyNTUzODYyGWMwMzcyZWJjMmZlYWRhNTk6ZXM6ZXM6RVM&amp;usg=AFQjCNHYuBYGsOZe3ZRJX9e_W3raSIa6VA\">El Puerto de Motril y el Granada CF se unen a la Red de Conciliaci\u00f3n del IAM<\/a>&#8211;\u00a0Granada Hoy<a href=\"https:\/\/www.google.com\/url?rct=j&amp;sa=t&amp;url=https:\/\/www.diariocordoba.com\/deportes\/2021\/06\/01\/seleccion-espanola-femenina-baloncesto-medira-52488410.html&amp;ct=ga&amp;cd=CAEYASoTNTg5ODQwNzEzNDk0NDAyNTQ1MjIZYzAzNzJlYmMyZmVhZGE1OTplczplczpFUw&amp;usg=AFQjCNFCvUDIchPE8JvNvxjXerIoaqW47g\"><br \/>\nLa selecci\u00f3n espa\u00f1ola femenina de baloncesto se medir\u00e1 en C\u00f3rdoba a dos rivales de primer nivel<\/a>&#8211;\u00a0Diario C\u00f3rdoba<\/p>\n<\/div>\n<\/div>\n<div id=\"\" class=\"lsow-panel lsow-active\">\n<h1 class=\"lsow-panel-title\">Estado<\/h1>\n<div class=\"lsow-panel-content\">\n<p><strong>Institucional<\/strong><a href=\"https:\/\/www.google.com\/url?rct=j&amp;sa=t&amp;url=https:\/\/www.cope.es\/actualidad\/espana\/noticias\/laya-firma-con-homologo-honduras-acuerdo-sobre-migracion-circular-20210528_1314764&amp;ct=ga&amp;cd=CAEYAyoTMzcwNzg4ODY5NjQzMTY3MzM0NzIZNTlkNzgxNzEzNmEyZDAyODplczplczpFUw&amp;usg=AFQjCNHUdV3-e8Eq9ztsiHuyh_30cMVnWg\"><br \/>\nLaya firma con su hom\u00f3logo de Honduras un acuerdo sobre migraci\u00f3n circular<\/a>&#8211;\u00a0Cope<a href=\"https:\/\/www.google.com\/url?rct=j&amp;sa=t&amp;url=https:\/\/www.lasexta.com\/noticias\/nacional\/irene-montero-compromete-garantizar-aborto-publico-seguro-gratuito-todas-comunidades_2021053060b3fd90a760960001a023ab.html&amp;ct=ga&amp;cd=CAEYACoTOTEyODE3MzM1Mjk0NDEyMjY3NDIZYzAzNzJlYmMyZmVhZGE1OTplczplczpFUw&amp;usg=AFQjCNGc7ohdCKuTZIZi61-8YX7CUW7mPw\"><br \/>\nIrene Montero se compromete a garantizar \u00abel aborto p\u00fablico, seguro y gratuito en todas las &#8230;<\/a>&#8211;\u00a0LaSexta<strong>\u00a0<\/strong><\/p>\n<p><strong>Institucional-CCAA\u00a0\u00a0<\/strong><a href=\"https:\/\/www.google.com\/url?rct=j&amp;sa=t&amp;url=https:\/\/www.cronicasdelanzarote.es\/articulo\/sociedad\/cabildo-imparte-formacion-atender-victimas-violencia-genero-que-han-desarrollado-adicciones\/20210601125854292478.html&amp;ct=ga&amp;cd=CAEYACoUMTc1MzA2MjQ3Mjk1NjM2NzkyODAyGWUyZGVmYTdkNWRhOTE1N2Q6ZXM6ZXM6RVM&amp;usg=AFQjCNHflRgc6hz05tqPfLuBlcio3g6JFA\"><br \/>\nEl Cabildo imparte formaci\u00f3n para atender a v\u00edctimas de\u00a0violencia de g\u00e9nero\u00a0que han desarrollado &#8230;<\/a>&#8211;\u00a0Cr\u00f3nicas de Lanzarote<\/p>\n<p><a href=\"https:\/\/www.google.com\/url?rct=j&amp;sa=t&amp;url=https:\/\/www.noticiasdenavarra.com\/deportes\/pelota\/2021\/05\/29\/festival-mujeres-navarra\/1150375.html&amp;ct=ga&amp;cd=CAEYASoUMTMzNjcyMTU2MTg0OTIyNTUzODYyGWMwMzcyZWJjMmZlYWRhNTk6ZXM6ZXM6RVM&amp;usg=AFQjCNHWav0TcyllcJQC1q9MgVh0BTxXSQ\">El festival de las\u00a0mujeres\u00a0de toda Navarra<\/a>&#8211;\u00a0Noticias de Navarra<\/p>\n<p><a href=\"https:\/\/www.google.com\/url?rct=j&amp;sa=t&amp;url=https:\/\/www.noticiasextremadura.es\/gil-rosina-resalta-que-la-violencia-contra-las-mujeres-es-un-asunto-que-debe-interpelar-a-todos-los-poderes-del-estado\/&amp;ct=ga&amp;cd=CAEYACoTODIwOTE3MjQxMjEwMjE5NTEzODIZYzAzNzJlYmMyZmVhZGE1OTplczplczpFUw&amp;usg=AFQjCNF_eeEyh9d7sunVxLqeVGxCHMIcNA\">Gil Rosi\u00f1a, Consejera de Igualdad y Portavoz de la Junta de Extremadura resalta que la violencia contra las\u00a0mujeres\u00a0es un asunto que debe interpelar a todos los &#8230;<\/a>&#8211;\u00a0Noticias Extremadura<a href=\"https:\/\/www.google.com\/url?rct=j&amp;sa=t&amp;url=https:\/\/www.canarias7.es\/canarias\/premios-canarias-mujer-20210530001252-nt.html&amp;ct=ga&amp;cd=CAEYACoUMTcwMjU2NDk1MDQ3NzIyODI2MTkyGWMwMzcyZWJjMmZlYWRhNTk6ZXM6ZXM6RVM&amp;usg=AFQjCNHusm_QFmzSmzybZJlNo-ejtBa6Aw\"><br \/>\nLos Premios Canarias, con voz de\u00a0mujer<\/a>&#8211;\u00a0Canarias7<\/p>\n<p><a href=\"https:\/\/www.google.com\/url?rct=j&amp;sa=t&amp;url=https:\/\/arainfo.org\/gira-por-aragon-del-libro-mujer-vida-libertad-desde-el-corazon-del-movimiento-de-mujeres-libres-de-kurdistan\/&amp;ct=ga&amp;cd=CAEYASoUMTA4NjQ5NDA0NDA0ODgxNzMwMjEyGWMwMzcyZWJjMmZlYWRhNTk6ZXM6ZXM6RVM&amp;usg=AFQjCNG0Qc7e1b7ITkk1OyY7vFDnZ1wSEQ\">Gira por Arag\u00f3n del libro \u201cMujer, vida, libertad. Desde el coraz\u00f3n del movimiento de\u00a0mujeres\u00a0libres &#8230;<\/a>&#8211;\u00a0AraInfo<a href=\"https:\/\/www.google.com\/url?rct=j&amp;sa=t&amp;url=https:\/\/www.actasanitaria.com\/gemma-craywinckel-catsalut\/&amp;ct=ga&amp;cd=CAEYAioUMTQwNjc4NTk4ODI1MDk4Mzc5MDQyGWMwMzcyZWJjMmZlYWRhNTk6ZXM6ZXM6RVM&amp;usg=AFQjCNGLJ1yR0Sinzu5aSkJABrcRbqq8hA\"><br \/>\nGemma Craywinckel i Mart\u00ed, nueva directora del Servicio Catal\u00e1n de la Salud<\/a>&#8211;\u00a0Acta Sanitaria<strong>\u00a0<\/strong><\/p>\n<p><strong>Econom\u00eda y Empresas<\/strong><\/p>\n<p><a href=\"https:\/\/www.google.com\/url?rct=j&amp;sa=t&amp;url=https:\/\/www.madridiario.es\/sacyr-comprometida-con-el-talento-y-la-diversidad&amp;ct=ga&amp;cd=CAEYBSoSNDg2NzgyMjI0MDY2NDMzMjI1MhljMDM3MmViYzJmZWFkYTU5OmVzOmVzOkVT&amp;usg=AFQjCNEd1UXVES9JnMK0Eh5UEseXY81MmQ\">Sacyr, comprometida con el talento y la diversidad<\/a>&#8211;\u00a0Madridiario<\/p>\n<p><a href=\"https:\/\/www.mujeremprendedora.net\/claudia-morcillo-norauto-espana-avanzar-igualdad-mujer-sector-motor-taller\/\">Avanzar en la igualdad de la mujer en el sector Motor y Taller\u2026 \u2013\u00a0MujerEmprendedora<\/a><strong>\u00a0<\/strong><\/p>\n<p><strong>Actualidad<\/strong><a href=\"https:\/\/www.google.com\/url?rct=j&amp;sa=t&amp;url=https:\/\/www.farodevigo.es\/galicia\/2021\/05\/29\/brecha-genero-cuidados-crece-mujeres-52378150.html&amp;ct=ga&amp;cd=CAEYASoTMjUxMDkyNDQxOTc2NDE5MzYxNzIZYzAzNzJlYmMyZmVhZGE1OTplczplczpFUw&amp;usg=AFQjCNHmMvtSUtmesW36zWOkG7GJ_lO8MA\"><br \/>\nLa brecha de g\u00e9nero en los cuidados crece: las\u00a0mujeres\u00a0que los asumen superan el 65%<\/a>&#8211;\u00a0Faro de Vigo<a href=\"https:\/\/www.google.com\/url?rct=j&amp;sa=t&amp;url=https:\/\/www.elcorreo.com\/especial\/el-correo-digital-bizkaia-alava-25-aniversario\/leticia-badiola-magistrada-20210531175316-nt.html&amp;ct=ga&amp;cd=CAEYBCoSNDg2NzgyMjI0MDY2NDMzMjI1MhljMDM3MmViYzJmZWFkYTU5OmVzOmVzOkVT&amp;usg=AFQjCNED0suuh5QDspoBGoqMhucaR8Zm6g\"><br \/>\nLa magistrada que pelea por la libertad de las\u00a0mujeres<\/a>&#8211;\u00a0El Correo<\/p>\n<p><a href=\"https:\/\/www.google.com\/url?rct=j&amp;sa=t&amp;url=https:\/\/www.grupolaprovincia.com\/sociedad\/la-comunidad-de-mujeres-en-torno-a-los-videojuegos-crece-a-la-par-de-la-industria-725317&amp;ct=ga&amp;cd=CAEYBioTNzQ3NTUwMDc3NjM3MTA0MDgzMDIZYzAzNzJlYmMyZmVhZGE1OTplczplczpFUw&amp;usg=AFQjCNE5Lm5alVbjBSGTDYxIg_AU2uJIDA\">La comunidad de\u00a0mujeres en\u00a0torno a los videojuegos crece a la par de la industria<\/a>&#8211;\u00a0Grupo La Provincia<\/p>\n<p><a href=\"https:\/\/www.google.com\/url?rct=j&amp;sa=t&amp;url=https:\/\/es.noticias.yahoo.com\/paradoja-hijos-edad-madres-abuelas-191250085.html&amp;ct=ga&amp;cd=CAEYASoUMTU5ODM0NTIwNzcxNDk4MDgzODcyGWMwMzcyZWJjMmZlYWRhNTk6ZXM6ZXM6RVM&amp;usg=AFQjCNE94L4XIbS3X65F9eNK7UCCAUfnBQ\">La paradoja de tener hijos a la edad en que nuestras madres eran casi abuelas<\/a>&#8211;\u00a0Yahoo Noticias Espa\u00f1a<\/p>\n<p><a href=\"https:\/\/www.google.com\/url?rct=j&amp;sa=t&amp;url=https:\/\/www.lasexta.com\/noticias\/nacional\/asi-evolucionado-aborto-espana-derecho-adquirido-mujeres-siglo-lucha_2021052960b16b8680eb8f00015bce95.html&amp;ct=ga&amp;cd=CAEYACoTNzI4NTkyMjU5ODAzMTgzMTM0OTIZYzAzNzJlYmMyZmVhZGE1OTplczplczpFUw&amp;usg=AFQjCNFjdv44QAX_tYUf2OVG117x_gugnw\">As\u00ed ha evolucionado el aborto en Espa\u00f1a: un derecho adquirido por las\u00a0mujeres\u00a0tras un siglo de &#8230;<\/a>&#8211;\u00a0LaSexta<a href=\"https:\/\/www.google.com\/url?rct=j&amp;sa=t&amp;url=https:\/\/www.diariosur.es\/sociedad\/mujeres-falta-informacion-20210531112623-ntrc.html&amp;ct=ga&amp;cd=CAEYACoTMjI5OTQ4MjA4NDg0Njg1NTMyNTIZYzAzNzJlYmMyZmVhZGE1OTplczplczpFUw&amp;usg=AFQjCNFsmmyFtJEkLPPSQq_IriYCqu-A9w\"><br \/>\n\u00abA las\u00a0mujeres\u00a0les falta informaci\u00f3n sobre salud sexual\u00bb<\/a>&#8211;\u00a0Sur Digital<a href=\"https:\/\/www.google.com\/url?rct=j&amp;sa=t&amp;url=https:\/\/elpais.com\/ciencia\/2021-06-01\/por-que-se-diagnostican-peor-las-enfermedades-cardiovasculares-de-las-mujeres.html&amp;ct=ga&amp;cd=CAEYACoTNzgxNTkzMjE5Mzk5MDI3NDMyMTIZYzAzNzJlYmMyZmVhZGE1OTplczplczpFUw&amp;usg=AFQjCNEqEcxqk61w9XPkiqXlAdfcs5ZykQ\"><br \/>\nPor qu\u00e9 se diagnostican peor las enfermedades cardiovasculares de las\u00a0mujeres<\/a>&#8211;\u00a0El Pa\u00eds<strong>\u00a0<\/strong><\/p>\n<p><strong>Violencias<\/strong><\/p>\n<p><a href=\"https:\/\/www.google.com\/url?rct=j&amp;sa=t&amp;url=https:\/\/elpais.com\/sociedad\/2021-05-31\/poner-el-foco-en-el-agresor-y-otras-reflexiones-tras-seis-asesinatos-machistas.html&amp;ct=ga&amp;cd=CAEYACoTODU5MTE3MTQ3MDA5MDE0Njg0MDIZYzAzNzJlYmMyZmVhZGE1OTplczplczpFUw&amp;usg=AFQjCNEm4_-TWYB5nfspHoIy5NIGtcIj1A\">Poner el foco en el agresor y otras reflexiones tras seis asesinatos machistas<\/a>&#8211; El Pa\u00eds<strong>\u00a0<\/strong><\/p>\n<p><strong>Ciencia y Cultura<\/strong><\/p>\n<p><a href=\"https:\/\/www.google.com\/url?rct=j&amp;sa=t&amp;url=https:\/\/www.comunicae.es\/nota\/el-futuro-de-las-stem-a-debate-en-el-1225467\/&amp;ct=ga&amp;cd=CAEYAioTMTU4NDQyNTgwOTk3OTczNTI3NDIZYzAzNzJlYmMyZmVhZGE1OTplczplczpFUw&amp;usg=AFQjCNGlRAh3-LWhBY24SaVw2MImZKDHpw\">El futuro de las Stem a debate en el WomenTech21<\/a>&#8211;\u00a0Comunicae Espa\u00f1a<\/p>\n<p><a href=\"https:\/\/www.google.com\/url?rct=j&amp;sa=t&amp;url=https:\/\/www.elespanol.com\/mujer\/protagonistas\/20210531\/primeras-laboratorio-espana-inta-mejorado-inversion-ciencia\/584692660_0.html&amp;ct=ga&amp;cd=CAEYAioUMTIxMDc0ODI2MDg3Nzc5NzUyMjkyGWMwMzcyZWJjMmZlYWRhNTk6ZXM6ZXM6RVM&amp;usg=AFQjCNFjA6rDwplAFCKeU51VY1nhjV1v0Q\">Las primeras jefas de laboratorio de Espa\u00f1a en el INTA: \u00abHa mejorado mucho, pero a\u00fan falta &#8230;<\/a>&#8211;\u00a0El Espa\u00f1ol<a href=\"https:\/\/www.google.com\/url?rct=j&amp;sa=t&amp;url=https:\/\/www.informacion.es\/alicante\/2021\/05\/28\/alertan-riesgo-mujer-quede-descolgada-52381759.html&amp;ct=ga&amp;cd=CAEYACoSNDg2NzgyMjI0MDY2NDMzMjI1MhljMDM3MmViYzJmZWFkYTU5OmVzOmVzOkVT&amp;usg=AFQjCNGkw8_3kz0rUruLYDgW_-zT0ssB_w\"><br \/>\nAlertan del riesgo de que la\u00a0mujer\u00a0quede descolgada de las profesiones del futuro<\/a>&#8211;\u00a0Informaci\u00f3n<\/p>\n<p><a href=\"https:\/\/www.google.com\/url?rct=j&amp;sa=t&amp;url=https:\/\/www.diariodeleon.es\/articulo\/bierzo\/universidad-feminista-echa-andar-charla-lucha-violencia-sexual\/202106010133262118128.html&amp;ct=ga&amp;cd=CAEYASoUMTY0NjMyMDE2NzI2MDcxMzI3MTkyGWMwMzcyZWJjMmZlYWRhNTk6ZXM6ZXM6RVM&amp;usg=AFQjCNEKKwOwGGXvNwD9uPFPMUkDjE8M8g\">La Universidad Feminista echa a andar con una charla sobre la lucha contra la violencia sexual<\/a>&#8211;\u00a0Diario de Le\u00f3n<a href=\"https:\/\/www.google.com\/url?rct=j&amp;sa=t&amp;url=https:\/\/www.elespanol.com\/mujer\/actualidad\/20210601\/ida-applebroog-artista-feminista-dibujo-vagina-diferentes\/585442690_0.html&amp;ct=ga&amp;cd=CAEYACoTOTg0MDQ5NTI4ODk5MTc2MDQzNjIZYzAzNzJlYmMyZmVhZGE1OTplczplczpFUw&amp;usg=AFQjCNG757xlIMvmEMdyPNO-7wvHHqYnnA\"><br \/>\nIda Applebroog, la artista feminista que dibuj\u00f3 su vagina de 150 formas diferentes en la ba\u00f1era<\/a>&#8211;\u00a0El Espa\u00f1ol<strong>\u00a0<\/strong><\/p>\n<p><strong>Deporte<\/strong><\/p>\n<p><a href=\"https:\/\/amecopress.net\/La-profesionalizacion-del-futbol-femenino-llegara-el-15-de-junio\">La profesionalizaci\u00f3n del f\u00fatbol femenino llegar\u00e1 el 15 de junio\u2026<\/a>-amecopress<\/p>\n<\/div>\n<\/div>\n<div id=\"\" class=\"lsow-panel lsow-active\">\n<h1 class=\"lsow-panel-title\">Internacional<\/h1>\n<div class=\"lsow-panel-content\">\n<p><a href=\"https:\/\/www.google.com\/url?rct=j&amp;sa=t&amp;url=https:\/\/www.abc.com.py\/internacionales\/2021\/05\/31\/grynspan-destaca-a-la-cooperacion-iberoamericana-como-modelo-para-otras-zonas\/&amp;ct=ga&amp;cd=CAEYASoTOTc0OTU4NDg4Njk0MjY3MDkyNjIZNTlkNzgxNzEzNmEyZDAyODplczplczpFUw&amp;usg=AFQjCNExyASse2oyU69PbucWXLubSz6-DA\">Rebeca Grynspan, Secretaria General Iberoam\u00e9ricana, destaca a la\u00a0cooperaci\u00f3n\u00a0iberoamericana como modelo para otras zonas<\/a>&#8211;\u00a0ABC Color<a href=\"https:\/\/www.google.com\/url?rct=j&amp;sa=t&amp;url=https:\/\/www.semana.com\/economia\/macroeconomia\/articulo\/la-cara-femenina-del-microcredito\/202149\/&amp;ct=ga&amp;cd=CAEYAyoUMTAwMjYzMjgzMTM4MDMxNDQ0MDMyGTU5ZDc4MTcxMzZhMmQwMjg6ZXM6ZXM6RVM&amp;usg=AFQjCNHxLqQN1aD8JoT5ih9lR0ydG0Skwg\"><br \/>\nLa cara femenina del microcr\u00e9dito<\/a>\u00a0&#8211;\u00a0Semana.com<\/p>\n<p><a href=\"https:\/\/www.google.com\/url?rct=j&amp;sa=t&amp;url=https:\/\/elmedicointeractivo.com\/la-salud-de-las-mujeres-es-una-meta-de-los-objetivos-de-desarrollo-sostenible-hacia-2030\/&amp;ct=ga&amp;cd=CAEYACoUMTQ1NTk0OTc2ODY3NzM2NDYzNzkyGWMwMzcyZWJjMmZlYWRhNTk6ZXM6ZXM6RVM&amp;usg=AFQjCNGAEv-GydT27eVjX1ZHBYMisk1SVw\">La salud de las\u00a0mujeres\u00a0es una meta de los Objetivos de Desarrollo Sostenible hacia 2030<\/a>&#8211;\u00a0El M\u00e9dico Interactivo<\/p>\n<p><a href=\"https:\/\/www.google.com\/url?rct=j&amp;sa=t&amp;url=https:\/\/tec.mx\/es\/noticias\/ciudad-de-mexico\/educacion\/el-papel-de-las-mujeres-en-las-elecciones-2021-en-voz-de-experta&amp;ct=ga&amp;cd=CAEYBioSNDg2NzgyMjI0MDY2NDMzMjI1MhljMDM3MmViYzJmZWFkYTU5OmVzOmVzOkVT&amp;usg=AFQjCNFk56Le5SA5b-B4v8eHxNh11dLnsw\">El papel de las\u00a0mujeres en\u00a0las elecciones 2021, en voz de experta<\/a>&#8211;\u00a0Tecnol\u00f3gico de Monterrey<a href=\"https:\/\/www.google.com\/url?rct=j&amp;sa=t&amp;url=https:\/\/www.diariosur.es\/internacional\/union-europea\/batalla-doble-apellido-francia-espana-infancia20210530205856-ntrc-20210530210643-ntrc.html&amp;ct=ga&amp;cd=CAEYACoTNzE2MTA0OTUyMjc3NzY3MTY5OTIZYzAzNzJlYmMyZmVhZGE1OTplczplczpFUw&amp;usg=AFQjCNHSLHGv38yd2d8SH1bxT6DHm9xRUw\"><br \/>\nLa batalla del doble apellido en Francia<\/a>&#8211;\u00a0Sur Digital<\/p>\n<p><a href=\"https:\/\/www.google.com\/url?rct=j&amp;sa=t&amp;url=http:\/\/www.reporteindigo.com\/piensa\/las-mujeres-son-un-grupo-invisibilizado-en-la-lucha-de-la-epidemia-del-vih-2\/&amp;ct=ga&amp;cd=CAEYGCoSNDg2NzgyMjI0MDY2NDMzMjI1MhljMDM3MmViYzJmZWFkYTU5OmVzOmVzOkVT&amp;usg=AFQjCNEde6Z8UfY1WzZifEEUht7E7cxITg\">Las\u00a0mujeres\u00a0son un grupo invisibilizado en la lucha de la epidemia del VIH<\/a>&#8211;\u00a0Reporte Indigo<\/p>\n<p><a href=\"https:\/\/www.google.com\/url?rct=j&amp;sa=t&amp;url=https:\/\/elpais.com\/eps\/2021-05-29\/urbanismo-feminista-ciudad-feliz.html&amp;ct=ga&amp;cd=CAEYACoTMjUxMDkyNDQxOTc2NDE5MzYxNzIZYzAzNzJlYmMyZmVhZGE1OTplczplczpFUw&amp;usg=AFQjCNEBC2fjFS2yv6LHvh3CVsIUUTxAmQ\">Viena, el \u00e9xito del urbanismo feminista<\/a>&#8211;\u00a0El Pa\u00eds<\/p>\n<p><a href=\"https:\/\/www.google.com\/url?rct=j&amp;sa=t&amp;url=https:\/\/www.elindependiente.com\/tendencias\/arte\/2021\/05\/31\/la-gran-olvidada-de-la-arquitectura-moderna-que-diseno-las-sillas-y-mesas-de-moda\/&amp;ct=ga&amp;cd=CAEYACoUMTYyNzAyMTk2NTg0MzQ5MzEwNjMyGWMwMzcyZWJjMmZlYWRhNTk6ZXM6ZXM6RVM&amp;usg=AFQjCNE5T0riw0mQfN4h4cY8kZ2goj_dSg\">La gran olvidada de la arquitectura moderna que dise\u00f1\u00f3 las sillas y mesas de moda<\/a>-elindependiente<a href=\"https:\/\/www.google.com\/url?rct=j&amp;sa=t&amp;url=https:\/\/www.elmundo.cr\/costa-rica\/costa-rica-y-paraguay-elaboran-la-primera-politica-de-violencia-contra-las-mujeres\/&amp;ct=ga&amp;cd=CAEYAyoUMTQwMTU5Mjg0NDkyMjU4NjczNzEyGWMwMzcyZWJjMmZlYWRhNTk6ZXM6ZXM6RVM&amp;usg=AFQjCNF8uGyDTmY7E-V-DZIawqkT7aSNqg\"><br \/>\nCosta Rica y Paraguay elaboran la primera pol\u00edtica de violencia contra las\u00a0mujeres<\/a>&#8211;\u00a0El Mundo CR<\/p>\n<p><a href=\"https:\/\/www.google.com\/url?rct=j&amp;sa=t&amp;url=https:\/\/www.vidanuevadigital.com\/2021\/05\/28\/la-diocesis-de-colonia-elige-por-primera-vez-a-una-mujer-como-jefa-de-estudios-de-los-sacerdotes\/&amp;ct=ga&amp;cd=CAEYDioSNDg2NzgyMjI0MDY2NDMzMjI1MhljMDM3MmViYzJmZWFkYTU5OmVzOmVzOkVT&amp;usg=AFQjCNHBNfSPslrWbSEVGEzPT0cdnWn0nQ\">La di\u00f3cesis de Colonia elige por primera vez a una\u00a0mujer\u00a0como &#8216;jefa de estudios&#8217; de los sacerdotes<\/a>&#8211;\u00a0Revista Vida Nueva<\/p>\n<p><a href=\"https:\/\/www.google.com\/url?rct=j&amp;sa=t&amp;url=https:\/\/actualidadaeroespacial.com\/la-astronauta-italiana-de-la-esa-samantha-cristoforetti-sera-la-primera-mujer-comandante-de-la-iss\/&amp;ct=ga&amp;cd=CAEYASoUMTI5OTY0MTQ2Njk1MjU1OTMwNDUyGWMwMzcyZWJjMmZlYWRhNTk6ZXM6ZXM6RVM&amp;usg=AFQjCNEonm5WDzNh3fOu6Rx42qcLD2b9xA\">La astronauta italiana de la ESA Samantha Cristoforetti, ser\u00e1 la primera\u00a0mujer\u00a0comandante de la ISS<\/a>&#8211;\u00a0Actualidad Aeroespacial<\/p>\n<p><a href=\"https:\/\/www.google.com\/url?rct=j&amp;sa=t&amp;url=https:\/\/www.elmundo.es\/loc\/celebrities\/2021\/06\/02\/60b66a2921efa097408b466d.html&amp;ct=ga&amp;cd=CAEYACoSMjYwMzAwMTQ5NTA2NDE2MjU1MhljMDM3MmViYzJmZWFkYTU5OmVzOmVzOkVT&amp;usg=AFQjCNEFHn68M5A6p4Db76evNXpK6Anz1g\">Eleanor Lambert, de hacer cestas de picnic a fundar la Semana de la Moda de Nueva York y la &#8230;<\/a>&#8211;\u00a0El Mundo<a href=\"https:\/\/www.google.com\/url?rct=j&amp;sa=t&amp;url=https:\/\/www.elmostrador.cl\/braga\/2021\/05\/31\/mas-de-50-artistas-participaron-en-concurso-para-crear-escultura-en-homenaje-a-las-mujeres-del-pais\/&amp;ct=ga&amp;cd=CAEYACoTNTU2MjMxMDA1Njg3Njk2NTMwNDIZYzgyZGQ5MjYxMjRkNGMzMDplczplczpFUw&amp;usg=AFQjCNFTJEVphQ2lpUrw3AcvI4gxcrIFqQ\"><br \/>\nM\u00e1s de 50 artistas participaron en concurso para crear escultura en homenaje a las mujeres del pa\u00eds<\/a>&#8211;\u00a0El Mostrador<\/p>\n<\/div>\n<\/div>\n<\/div><\/div><\/div><\/div><\/div>\n","protected":false},"excerpt":{"rendered":"<p>Rebeca Grynspan destaca a la cooperaci\u00f3n iberoamericana como modelo para otras zonas * La brecha de g\u00e9nero en los cuidados crece: las mujeres que los asumen superan el 65% * Viena el \u00e9xito del urbanismo<\/p>\n","protected":false},"author":3,"featured_media":22909,"comment_status":"closed","ping_status":"closed","sticky":false,"template":"","format":"standard","meta":{"footnotes":""},"categories":[298,621],"tags":[211,142,132],"class_list":["post-15445","post","type-post","status-publish","format-standard","has-post-thumbnail","hentry","category-newsletter","category-nwl-3-0","tag-brecha-de-genero","tag-conciliacion","tag-corresponsabilidad"],"yoast_head":"<!-- This site is optimized with the Yoast SEO plugin v27.5 - https:\/\/yoast.com\/product\/yoast-seo-wordpress\/ -->\n<title>Noticias Info CKL n\u00ba 2588-28\/05\/21-Comunicar con perspectiva de g\u00e9nero<\/title>\n<meta name=\"description\" content=\"Rebeca Grynspan destaca a la cooperaci\u00f3n iberoamericana como modelo para otras zonas * La brecha de g\u00e9nero en los cuidados crece: las mujeres que los asumen superan el 65% * Viena el \u00e9xito del urbanismo\" \/>\n<meta name=\"robots\" content=\"index, follow, max-snippet:-1, max-image-preview:large, max-video-preview:-1\" \/>\n<link rel=\"canonical\" href=\"https:\/\/cklcomunicaciones.es\/coop\/noticias-info-ckl-no-2589-02-06-21\/\" \/>\n<meta property=\"og:locale\" content=\"es_ES\" \/>\n<meta property=\"og:type\" content=\"article\" \/>\n<meta property=\"og:title\" content=\"Noticias Info CKL n\u00ba 2588-28\/05\/21-Comunicar con perspectiva de g\u00e9nero\" \/>\n<meta property=\"og:description\" content=\"Rebeca Grynspan destaca a la cooperaci\u00f3n iberoamericana como modelo para otras zonas * La brecha de g\u00e9nero en los cuidados crece: las mujeres que los asumen superan el 65% * Viena el \u00e9xito del urbanismo\" \/>\n<meta property=\"og:url\" content=\"https:\/\/cklcomunicaciones.es\/coop\/noticias-info-ckl-no-2589-02-06-21\/\" \/>\n<meta property=\"og:site_name\" content=\"CKL Comunicaciones\" \/>\n<meta property=\"article:published_time\" content=\"2021-06-02T13:11:10+00:00\" \/>\n<meta property=\"article:modified_time\" content=\"2025-02-10T17:00:46+00:00\" \/>\n<meta property=\"og:image\" content=\"https:\/\/cklcomunicaciones.es\/coop\/wp-content\/uploads\/2025\/01\/CKL-una-mirada-distinta-de-la-comunicacion.jpg\" \/>\n\t<meta property=\"og:image:width\" content=\"1482\" \/>\n\t<meta property=\"og:image:height\" content=\"775\" \/>\n\t<meta property=\"og:image:type\" content=\"image\/jpeg\" \/>\n<meta name=\"author\" content=\"ckl\" \/>\n<meta name=\"twitter:card\" content=\"summary_large_image\" \/>\n<meta name=\"twitter:label1\" content=\"Escrito por\" \/>\n\t<meta name=\"twitter:data1\" content=\"ckl\" \/>\n\t<meta name=\"twitter:label2\" content=\"Tiempo de lectura\" \/>\n\t<meta name=\"twitter:data2\" content=\"7 minutos\" \/>\n<script type=\"application\/ld+json\" class=\"yoast-schema-graph\">{\"@context\":\"https:\\\/\\\/schema.org\",\"@graph\":[{\"@type\":\"Article\",\"@id\":\"https:\\\/\\\/cklcomunicaciones.es\\\/coop\\\/noticias-info-ckl-no-2589-02-06-21\\\/#article\",\"isPartOf\":{\"@id\":\"https:\\\/\\\/cklcomunicaciones.es\\\/coop\\\/noticias-info-ckl-no-2589-02-06-21\\\/\"},\"author\":{\"name\":\"ckl\",\"@id\":\"https:\\\/\\\/cklcomunicaciones.es\\\/coop\\\/#\\\/schema\\\/person\\\/929a6837f7626450bbb50cee1aef266e\"},\"headline\":\"Noticias Info CKL n\u00ba 2589-02\\\/06\\\/21\",\"datePublished\":\"2021-06-02T13:11:10+00:00\",\"dateModified\":\"2025-02-10T17:00:46+00:00\",\"mainEntityOfPage\":{\"@id\":\"https:\\\/\\\/cklcomunicaciones.es\\\/coop\\\/noticias-info-ckl-no-2589-02-06-21\\\/\"},\"wordCount\":1503,\"image\":{\"@id\":\"https:\\\/\\\/cklcomunicaciones.es\\\/coop\\\/noticias-info-ckl-no-2589-02-06-21\\\/#primaryimage\"},\"thumbnailUrl\":\"https:\\\/\\\/cklcomunicaciones.es\\\/coop\\\/wp-content\\\/uploads\\\/2025\\\/01\\\/CKL-una-mirada-distinta-de-la-comunicacion.jpg\",\"keywords\":[\"brecha de g\u00e9nero\",\"conciliaci\u00f3n\",\"corresponsabilidad\"],\"articleSection\":[\"Newsletter\",\"Nwl v3.0\"],\"inLanguage\":\"es\"},{\"@type\":\"WebPage\",\"@id\":\"https:\\\/\\\/cklcomunicaciones.es\\\/coop\\\/noticias-info-ckl-no-2589-02-06-21\\\/\",\"url\":\"https:\\\/\\\/cklcomunicaciones.es\\\/coop\\\/noticias-info-ckl-no-2589-02-06-21\\\/\",\"name\":\"Noticias Info CKL n\u00ba 2588-28\\\/05\\\/21-Comunicar con perspectiva de g\u00e9nero\",\"isPartOf\":{\"@id\":\"https:\\\/\\\/cklcomunicaciones.es\\\/coop\\\/#website\"},\"primaryImageOfPage\":{\"@id\":\"https:\\\/\\\/cklcomunicaciones.es\\\/coop\\\/noticias-info-ckl-no-2589-02-06-21\\\/#primaryimage\"},\"image\":{\"@id\":\"https:\\\/\\\/cklcomunicaciones.es\\\/coop\\\/noticias-info-ckl-no-2589-02-06-21\\\/#primaryimage\"},\"thumbnailUrl\":\"https:\\\/\\\/cklcomunicaciones.es\\\/coop\\\/wp-content\\\/uploads\\\/2025\\\/01\\\/CKL-una-mirada-distinta-de-la-comunicacion.jpg\",\"datePublished\":\"2021-06-02T13:11:10+00:00\",\"dateModified\":\"2025-02-10T17:00:46+00:00\",\"author\":{\"@id\":\"https:\\\/\\\/cklcomunicaciones.es\\\/coop\\\/#\\\/schema\\\/person\\\/929a6837f7626450bbb50cee1aef266e\"},\"description\":\"Rebeca Grynspan destaca a la cooperaci\u00f3n iberoamericana como modelo para otras zonas * La brecha de g\u00e9nero en los cuidados crece: las mujeres que los asumen superan el 65% * Viena el \u00e9xito del urbanismo\",\"breadcrumb\":{\"@id\":\"https:\\\/\\\/cklcomunicaciones.es\\\/coop\\\/noticias-info-ckl-no-2589-02-06-21\\\/#breadcrumb\"},\"inLanguage\":\"es\",\"potentialAction\":[{\"@type\":\"ReadAction\",\"target\":[\"https:\\\/\\\/cklcomunicaciones.es\\\/coop\\\/noticias-info-ckl-no-2589-02-06-21\\\/\"]}]},{\"@type\":\"ImageObject\",\"inLanguage\":\"es\",\"@id\":\"https:\\\/\\\/cklcomunicaciones.es\\\/coop\\\/noticias-info-ckl-no-2589-02-06-21\\\/#primaryimage\",\"url\":\"https:\\\/\\\/cklcomunicaciones.es\\\/coop\\\/wp-content\\\/uploads\\\/2025\\\/01\\\/CKL-una-mirada-distinta-de-la-comunicacion.jpg\",\"contentUrl\":\"https:\\\/\\\/cklcomunicaciones.es\\\/coop\\\/wp-content\\\/uploads\\\/2025\\\/01\\\/CKL-una-mirada-distinta-de-la-comunicacion.jpg\",\"width\":1482,\"height\":775,\"caption\":\"CKL - una mirada distinta de la comunicacion\"},{\"@type\":\"BreadcrumbList\",\"@id\":\"https:\\\/\\\/cklcomunicaciones.es\\\/coop\\\/noticias-info-ckl-no-2589-02-06-21\\\/#breadcrumb\",\"itemListElement\":[{\"@type\":\"ListItem\",\"position\":1,\"name\":\"Portada\",\"item\":\"https:\\\/\\\/cklcomunicaciones.es\\\/coop\\\/\"},{\"@type\":\"ListItem\",\"position\":2,\"name\":\"Noticias Info CKL n\u00ba 2589-02\\\/06\\\/21\"}]},{\"@type\":\"WebSite\",\"@id\":\"https:\\\/\\\/cklcomunicaciones.es\\\/coop\\\/#website\",\"url\":\"https:\\\/\\\/cklcomunicaciones.es\\\/coop\\\/\",\"name\":\"CKL Comunicaciones\",\"description\":\"Sitio web de CKL Comunicaciones coop , la consultora de comunicaci\u00f3n y estrategia\",\"potentialAction\":[{\"@type\":\"SearchAction\",\"target\":{\"@type\":\"EntryPoint\",\"urlTemplate\":\"https:\\\/\\\/cklcomunicaciones.es\\\/coop\\\/?s={search_term_string}\"},\"query-input\":{\"@type\":\"PropertyValueSpecification\",\"valueRequired\":true,\"valueName\":\"search_term_string\"}}],\"inLanguage\":\"es\"},{\"@type\":\"Person\",\"@id\":\"https:\\\/\\\/cklcomunicaciones.es\\\/coop\\\/#\\\/schema\\\/person\\\/929a6837f7626450bbb50cee1aef266e\",\"name\":\"ckl\",\"image\":{\"@type\":\"ImageObject\",\"inLanguage\":\"es\",\"@id\":\"https:\\\/\\\/secure.gravatar.com\\\/avatar\\\/c82db564e8a669bf6023357a157b9dc4780f4d4c618f2ad1d71a6a5dede45057?s=96&d=mm&r=g\",\"url\":\"https:\\\/\\\/secure.gravatar.com\\\/avatar\\\/c82db564e8a669bf6023357a157b9dc4780f4d4c618f2ad1d71a6a5dede45057?s=96&d=mm&r=g\",\"contentUrl\":\"https:\\\/\\\/secure.gravatar.com\\\/avatar\\\/c82db564e8a669bf6023357a157b9dc4780f4d4c618f2ad1d71a6a5dede45057?s=96&d=mm&r=g\",\"caption\":\"ckl\"},\"url\":\"https:\\\/\\\/cklcomunicaciones.es\\\/coop\\\/author\\\/cklcomunicaciones\\\/\"}]}<\/script>\n<!-- \/ Yoast SEO plugin. -->","yoast_head_json":{"title":"Noticias Info CKL n\u00ba 2588-28\/05\/21-Comunicar con perspectiva de g\u00e9nero","description":"Rebeca Grynspan destaca a la cooperaci\u00f3n iberoamericana como modelo para otras zonas * La brecha de g\u00e9nero en los cuidados crece: las mujeres que los asumen superan el 65% * Viena el \u00e9xito del urbanismo","robots":{"index":"index","follow":"follow","max-snippet":"max-snippet:-1","max-image-preview":"max-image-preview:large","max-video-preview":"max-video-preview:-1"},"canonical":"https:\/\/cklcomunicaciones.es\/coop\/noticias-info-ckl-no-2589-02-06-21\/","og_locale":"es_ES","og_type":"article","og_title":"Noticias Info CKL n\u00ba 2588-28\/05\/21-Comunicar con perspectiva de g\u00e9nero","og_description":"Rebeca Grynspan destaca a la cooperaci\u00f3n iberoamericana como modelo para otras zonas * La brecha de g\u00e9nero en los cuidados crece: las mujeres que los asumen superan el 65% * Viena el \u00e9xito del urbanismo","og_url":"https:\/\/cklcomunicaciones.es\/coop\/noticias-info-ckl-no-2589-02-06-21\/","og_site_name":"CKL Comunicaciones","article_published_time":"2021-06-02T13:11:10+00:00","article_modified_time":"2025-02-10T17:00:46+00:00","og_image":[{"width":1482,"height":775,"url":"https:\/\/cklcomunicaciones.es\/coop\/wp-content\/uploads\/2025\/01\/CKL-una-mirada-distinta-de-la-comunicacion.jpg","type":"image\/jpeg"}],"author":"ckl","twitter_card":"summary_large_image","twitter_misc":{"Escrito por":"ckl","Tiempo de lectura":"7 minutos"},"schema":{"@context":"https:\/\/schema.org","@graph":[{"@type":"Article","@id":"https:\/\/cklcomunicaciones.es\/coop\/noticias-info-ckl-no-2589-02-06-21\/#article","isPartOf":{"@id":"https:\/\/cklcomunicaciones.es\/coop\/noticias-info-ckl-no-2589-02-06-21\/"},"author":{"name":"ckl","@id":"https:\/\/cklcomunicaciones.es\/coop\/#\/schema\/person\/929a6837f7626450bbb50cee1aef266e"},"headline":"Noticias Info CKL n\u00ba 2589-02\/06\/21","datePublished":"2021-06-02T13:11:10+00:00","dateModified":"2025-02-10T17:00:46+00:00","mainEntityOfPage":{"@id":"https:\/\/cklcomunicaciones.es\/coop\/noticias-info-ckl-no-2589-02-06-21\/"},"wordCount":1503,"image":{"@id":"https:\/\/cklcomunicaciones.es\/coop\/noticias-info-ckl-no-2589-02-06-21\/#primaryimage"},"thumbnailUrl":"https:\/\/cklcomunicaciones.es\/coop\/wp-content\/uploads\/2025\/01\/CKL-una-mirada-distinta-de-la-comunicacion.jpg","keywords":["brecha de g\u00e9nero","conciliaci\u00f3n","corresponsabilidad"],"articleSection":["Newsletter","Nwl v3.0"],"inLanguage":"es"},{"@type":"WebPage","@id":"https:\/\/cklcomunicaciones.es\/coop\/noticias-info-ckl-no-2589-02-06-21\/","url":"https:\/\/cklcomunicaciones.es\/coop\/noticias-info-ckl-no-2589-02-06-21\/","name":"Noticias Info CKL n\u00ba 2588-28\/05\/21-Comunicar con perspectiva de g\u00e9nero","isPartOf":{"@id":"https:\/\/cklcomunicaciones.es\/coop\/#website"},"primaryImageOfPage":{"@id":"https:\/\/cklcomunicaciones.es\/coop\/noticias-info-ckl-no-2589-02-06-21\/#primaryimage"},"image":{"@id":"https:\/\/cklcomunicaciones.es\/coop\/noticias-info-ckl-no-2589-02-06-21\/#primaryimage"},"thumbnailUrl":"https:\/\/cklcomunicaciones.es\/coop\/wp-content\/uploads\/2025\/01\/CKL-una-mirada-distinta-de-la-comunicacion.jpg","datePublished":"2021-06-02T13:11:10+00:00","dateModified":"2025-02-10T17:00:46+00:00","author":{"@id":"https:\/\/cklcomunicaciones.es\/coop\/#\/schema\/person\/929a6837f7626450bbb50cee1aef266e"},"description":"Rebeca Grynspan destaca a la cooperaci\u00f3n iberoamericana como modelo para otras zonas * La brecha de g\u00e9nero en los cuidados crece: las mujeres que los asumen superan el 65% * Viena el \u00e9xito del urbanismo","breadcrumb":{"@id":"https:\/\/cklcomunicaciones.es\/coop\/noticias-info-ckl-no-2589-02-06-21\/#breadcrumb"},"inLanguage":"es","potentialAction":[{"@type":"ReadAction","target":["https:\/\/cklcomunicaciones.es\/coop\/noticias-info-ckl-no-2589-02-06-21\/"]}]},{"@type":"ImageObject","inLanguage":"es","@id":"https:\/\/cklcomunicaciones.es\/coop\/noticias-info-ckl-no-2589-02-06-21\/#primaryimage","url":"https:\/\/cklcomunicaciones.es\/coop\/wp-content\/uploads\/2025\/01\/CKL-una-mirada-distinta-de-la-comunicacion.jpg","contentUrl":"https:\/\/cklcomunicaciones.es\/coop\/wp-content\/uploads\/2025\/01\/CKL-una-mirada-distinta-de-la-comunicacion.jpg","width":1482,"height":775,"caption":"CKL - una mirada distinta de la comunicacion"},{"@type":"BreadcrumbList","@id":"https:\/\/cklcomunicaciones.es\/coop\/noticias-info-ckl-no-2589-02-06-21\/#breadcrumb","itemListElement":[{"@type":"ListItem","position":1,"name":"Portada","item":"https:\/\/cklcomunicaciones.es\/coop\/"},{"@type":"ListItem","position":2,"name":"Noticias Info CKL n\u00ba 2589-02\/06\/21"}]},{"@type":"WebSite","@id":"https:\/\/cklcomunicaciones.es\/coop\/#website","url":"https:\/\/cklcomunicaciones.es\/coop\/","name":"CKL Comunicaciones","description":"Sitio web de CKL Comunicaciones coop , la consultora de comunicaci\u00f3n y estrategia","potentialAction":[{"@type":"SearchAction","target":{"@type":"EntryPoint","urlTemplate":"https:\/\/cklcomunicaciones.es\/coop\/?s={search_term_string}"},"query-input":{"@type":"PropertyValueSpecification","valueRequired":true,"valueName":"search_term_string"}}],"inLanguage":"es"},{"@type":"Person","@id":"https:\/\/cklcomunicaciones.es\/coop\/#\/schema\/person\/929a6837f7626450bbb50cee1aef266e","name":"ckl","image":{"@type":"ImageObject","inLanguage":"es","@id":"https:\/\/secure.gravatar.com\/avatar\/c82db564e8a669bf6023357a157b9dc4780f4d4c618f2ad1d71a6a5dede45057?s=96&d=mm&r=g","url":"https:\/\/secure.gravatar.com\/avatar\/c82db564e8a669bf6023357a157b9dc4780f4d4c618f2ad1d71a6a5dede45057?s=96&d=mm&r=g","contentUrl":"https:\/\/secure.gravatar.com\/avatar\/c82db564e8a669bf6023357a157b9dc4780f4d4c618f2ad1d71a6a5dede45057?s=96&d=mm&r=g","caption":"ckl"},"url":"https:\/\/cklcomunicaciones.es\/coop\/author\/cklcomunicaciones\/"}]}},"_links":{"self":[{"href":"https:\/\/cklcomunicaciones.es\/coop\/wp-json\/wp\/v2\/posts\/15445","targetHints":{"allow":["GET"]}}],"collection":[{"href":"https:\/\/cklcomunicaciones.es\/coop\/wp-json\/wp\/v2\/posts"}],"about":[{"href":"https:\/\/cklcomunicaciones.es\/coop\/wp-json\/wp\/v2\/types\/post"}],"author":[{"embeddable":true,"href":"https:\/\/cklcomunicaciones.es\/coop\/wp-json\/wp\/v2\/users\/3"}],"replies":[{"embeddable":true,"href":"https:\/\/cklcomunicaciones.es\/coop\/wp-json\/wp\/v2\/comments?post=15445"}],"version-history":[{"count":0,"href":"https:\/\/cklcomunicaciones.es\/coop\/wp-json\/wp\/v2\/posts\/15445\/revisions"}],"wp:featuredmedia":[{"embeddable":true,"href":"https:\/\/cklcomunicaciones.es\/coop\/wp-json\/wp\/v2\/media\/22909"}],"wp:attachment":[{"href":"https:\/\/cklcomunicaciones.es\/coop\/wp-json\/wp\/v2\/media?parent=15445"}],"wp:term":[{"taxonomy":"category","embeddable":true,"href":"https:\/\/cklcomunicaciones.es\/coop\/wp-json\/wp\/v2\/categories?post=15445"},{"taxonomy":"post_tag","embeddable":true,"href":"https:\/\/cklcomunicaciones.es\/coop\/wp-json\/wp\/v2\/tags?post=15445"}],"curies":[{"name":"wp","href":"https:\/\/api.w.org\/{rel}","templated":true}]}}