{"id":15418,"date":"2021-05-14T14:41:18","date_gmt":"2021-05-14T12:41:18","guid":{"rendered":"https:\/\/www.cklcomunicaciones.es\/?p=15418"},"modified":"2025-02-10T18:14:21","modified_gmt":"2025-02-10T17:14:21","slug":"noticias-info-ckl-no-2582-14-05-21","status":"publish","type":"post","link":"https:\/\/cklcomunicaciones.es\/coop\/noticias-info-ckl-no-2582-14-05-21\/","title":{"rendered":"Noticias Info CKL n\u00ba 2582-14\/05\/21"},"content":{"rendered":"<div class=\"fusion-fullwidth fullwidth-box fusion-builder-row-1 fusion-flex-container nonhundred-percent-fullwidth non-hundred-percent-height-scrolling\" style=\"--awb-border-radius-top-left:0px;--awb-border-radius-top-right:0px;--awb-border-radius-bottom-right:0px;--awb-border-radius-bottom-left:0px;--awb-flex-wrap:wrap;\" ><div class=\"fusion-builder-row fusion-row fusion-flex-align-items-flex-start fusion-flex-content-wrap\" style=\"max-width:1248px;margin-left: calc(-4% \/ 2 );margin-right: calc(-4% \/ 2 );\"><div class=\"fusion-layout-column fusion_builder_column fusion-builder-column-0 fusion_builder_column_1_1 1_1 fusion-flex-column\" style=\"--awb-bg-blend:overlay;--awb-bg-size:cover;--awb-width-large:100%;--awb-margin-top-large:0px;--awb-spacing-right-large:1.92%;--awb-margin-bottom-large:0px;--awb-spacing-left-large:1.92%;--awb-width-medium:100%;--awb-spacing-right-medium:1.92%;--awb-spacing-left-medium:1.92%;--awb-width-small:100%;--awb-spacing-right-small:1.92%;--awb-spacing-left-small:1.92%;\"><div class=\"fusion-column-wrapper fusion-flex-justify-content-flex-start fusion-content-layout-column\"><div class=\"fusion-text fusion-text-1\"><h1>Convocatorias<\/h1>\n<div id=\"\" class=\"lsow-panel lsow-active\">\n<div class=\"lsow-panel-content\">\n<ul>\n<li><a href=\"https:\/\/www.juntadeandalucia.es\/institutodelamujer\/catalogo\/doc\/convocatorias\/2021-iam\/EL-micromachismos-mujeres-CDMZ.pdf\">&#8216;Micromachismos. Taller participativo dirigido a mujeres cansadas de soportar discriminaciones sutiles&#8217;<\/a>. Centro de Documentaci\u00f3n Mar\u00eda Zambrano del Instituto Andaluz de la Mujer. 21 de mayo de 17:30 a 19:30 h. A trav\u00e9s de Jitsi Meet.\u00a0Plazas limitadas, inscripci\u00f3n por orden de solicitud al correo:\u00a0<a href=\"mailto:biblioteca.iam@juntadeandalucia.es\">biblioteca.iam@juntadeandalucia.es<\/a><\/li>\n<li><a href=\"https:\/\/www.juntadeandalucia.es\/cultura\/caletras\/evento\/85295\/Clara+S%C3%A1nchez+presenta+en+Sevilla+su+nuevo+libro+%27Infierno+en+el+para%C3%ADso%27\">Presentaci\u00f3n del libro &#8216;Infierno en el para\u00edso&#8217;, de Clara S\u00e1nchez<\/a>. Centro Andaluz de las Letras. 17 y 18 de mayo a las\u00a019:00\u00a0h.<\/li>\n<li><a href=\"https:\/\/www.sevilla.org\/servicios\/mujer-igualdad\/violencia-de-genero\/red-tematica\/jornada-formativa-2021-la-violencia-de-genero-en-la-comunicacion\">Jornada Formativa\u00a0edici\u00f3n 2021 &#8216;La\u00a0violencia de g\u00e9nero en la comunicaci\u00f3n&#8217;<\/a>. \u00c1rea de Igualdad, Educaci\u00f3n, Participaci\u00f3n Ciudadana y Coordinaci\u00f3n de Distritos del Ayuntamiento de Sevilla. 17 de mayo a las 9:30 h.\u00a0<a href=\"https:\/\/form.jotform.com\/211321898480054\">Inscripciones<\/a><\/li>\n<\/ul>\n<\/div>\n<\/div>\n<div id=\"\" class=\"lsow-panel lsow-active\">\n<h1 class=\"lsow-panel-title\">Comunicaci\u00f3n, Publicidad y TICs<\/h1>\n<div class=\"lsow-panel-content\">\n<p><a href=\"https:\/\/www.google.com\/url?rct=j&amp;sa=t&amp;url=https:\/\/www.elle.com\/es\/living\/ocio-cultura\/a36287009\/monica-carrillo-mujeres-macan-tribute\/&amp;ct=ga&amp;cd=CAEYAyoUMTE4MDkzMjkyNDk1MzU1MzQxMDkyGWMwMzcyZWJjMmZlYWRhNTk6ZXM6ZXM6RVM&amp;usg=AFQjCNFsqJu6hLV9PcA9HbwAe45X1v9eIg\">M\u00f3nica Carrillo, periodista: \u00abQu\u00e9 importante es que existan\u00a0mujeres\u00a0que inspiren a otras\u00a0mujeres\u00bb<\/a>&#8211;\u00a0<a href=\"http:\/\/elle.com\/\">elle.com<\/a><a href=\"https:\/\/www.google.com\/url?rct=j&amp;sa=t&amp;url=https:\/\/www.radiohuesca.com\/huesca\/como-informamos-sobre-sexualidad-12052021-154169.html&amp;ct=ga&amp;cd=CAEYACoTNTk1OTQzNjYyMDEwNjMzNjU5NzIZYzAzNzJlYmMyZmVhZGE1OTplczplczpFUw&amp;usg=AFQjCNE07H26TTs3ac5Bj-O5ax77ekQIqg\"><br \/>\n\u00bfC\u00f3mo informamos sobre sexualidad?<\/a>&#8211;\u00a0Radio Huesca<\/p>\n<p><a href=\"https:\/\/www.google.com\/url?rct=j&amp;sa=t&amp;url=https:\/\/www.elpublicista.es\/festivales-y-premios\/chupete-renueva-con-ojos-nino&amp;ct=ga&amp;cd=CAEYACoUMTU4MzUxMzc0MzgyNTgxODYxMTIyGWNjNzk4NDFjNmVmMzRlYmY6ZXM6ZXM6RVM&amp;usg=AFQjCNFjHR29Fq9PjgnMM_RgIiv9fKaCZA\">El Chupete se renueva \u00abcon los ojos de un\u00a0ni\u00f1o\u00bb<\/a>&#8211;\u00a0El Publicista<a href=\"https:\/\/www.google.com\/url?rct=j&amp;sa=t&amp;url=https:\/\/www.farodevigo.es\/arousa\/2021\/05\/13\/acoso-sexual-red-grave-dura-51743477.html&amp;ct=ga&amp;cd=CAEYACoUMTc4NTAzOTAzMjgwOTQxMzM5MzcyGWMwMzcyZWJjMmZlYWRhNTk6ZXM6ZXM6RVM&amp;usg=AFQjCNGWHdD3DE5uCanKiOZ1mfcpMM8mTw\"><br \/>\n\u00abEl acoso sexual en la red es mucho m\u00e1s grave, dura las 24 horas del d\u00eda y los siete d\u00edas de la &#8230;<\/a>&#8211;\u00a0Faro de Vigo<\/p>\n<\/div>\n<\/div>\n<div id=\"\" class=\"lsow-panel lsow-active\">\n<h1 class=\"lsow-panel-title\">Andaluc\u00eda<\/h1>\n<div class=\"lsow-panel-content\">\n<p><strong>Econom\u00eda y Empresas<\/strong><a href=\"https:\/\/www.google.com\/url?rct=j&amp;sa=t&amp;url=https:\/\/www.europapress.es\/esandalucia\/malaga\/noticia-cuatro-cada-diez-mujeres-andaluzas-no-busca-trabajo-alega-falta-conciliacion-corresponsabilidad-20210513131310.html&amp;ct=ga&amp;cd=CAEYACoUMTI3MDcwMDM5NjM3MzY3NTkyMTcyGzlhYjFjZGQ3ZTM2NmVmMzg6ZXM6ZXM6RVM6Ug&amp;usg=AFQjCNFROeA6qWlxW0vCgXoJEafDmkEe-g\"><br \/>\nCuatro de cada diez\u00a0andaluzas\u00a0que no busca trabajo alega que es por falta de conciliaci\u00f3n y responsabilidad &#8230;<\/a>&#8211;\u00a0Europa Press<\/p>\n<p><a href=\"https:\/\/www.google.com\/url?rct=j&amp;sa=t&amp;url=https:\/\/www.europapress.es\/andalucia\/sevilla-00357\/noticia-20-propuestas-innovacion-social-especial-peso-cerro-amate-protagonizan-proyecto-medtown-sevilla-20210513192023.html&amp;ct=ga&amp;cd=CAEYACoUMTE2MzA4Njg5MTExODU5MzA1MjkyGWQ3OGU1ODc1YTBmMWYyYWM6ZXM6ZXM6RVM&amp;usg=AFQjCNELKKHym8V8yYUGzIOlHhnyKSe1ew\">Unas 20 propuestas de innovaci\u00f3n\u00a0social\u00a0con especial peso de Cerro Amate protagonizan el Proyecto MedTOWN en Sevilla&#8230;<\/a>&#8211;\u00a0Europa Press<\/p>\n<p><a href=\"https:\/\/tresculturas.us20.list-manage.com\/track\/click?u=88ab4487d9310b1e2169eb9ed&amp;id=6e8f037eed&amp;e=c07ac3b69f\">Ciclo INTREPIDA sobre estrategia de marketing para emprendedoras<\/a>-tresculturas.es<\/p>\n<p><a href=\"https:\/\/andaluciainformacion.es\/campo-de-gibraltar\/971284\/la-recuperacion-economica-no-puede-venir-con-salarios-bajos\/\">\u201cLa recuperaci\u00f3n econ\u00f3mica no puede venir con salarios bajos\u201d<\/a>-andaluciainformacion<\/p>\n<p><a href=\"https:\/\/www.msn.com\/es-es\/finance\/economia\/la-junta-destaca-las-ayudas-a-empresas-de-econom-c3-ada-social-para-favorecer-el-emprendimiento-y-competitividad\/ar-BB1gECjn?ocid=BingNewsSearch\">La Junta destaca las ayudas a empresas de econom\u00eda social para favorecer el emprendimiento y competitividad<\/a>-europapress<strong>\u00a0<\/strong><\/p>\n<p><strong>Actualidad<\/strong><\/p>\n<p><a href=\"https:\/\/www.msn.com\/es-es\/news\/espana\/cuatro-de-cada-diez-mujeres-mayores-de-80-a-c3-b1os-viven-solas-en-andaluc-c3-ada-seg-c3-ban-un-estudio-de-la-fundaci-c3-b3n-centra\/ar-BB1gEmWU?ocid=BingNewsSearch\">Cuatro de cada diez mujeres mayores de 80 a\u00f1os viven solas en Andaluc\u00eda, seg\u00fan un estudio de la Fundaci\u00f3n Centra<\/a>-msn<\/p>\n<p><a href=\"https:\/\/www.ondacero.es\/emisoras\/andalucia\/granada\/noticias\/mesa-redonda-foro-mujer-sociedad-granada_20210512609c1eb795052000010471c2.html\">Mesa redonda del foro Mujer y Sociedad Granada<\/a>-ondacero<\/p>\n<p><a href=\"https:\/\/www.diariojaen.es\/jaen\/lanzan-un-programa-destinado-a-la-integracion-sociolaboral-de-mujeres-en-riesgo-de-exclusion-social-EG7822363\">Lanzan un programa destinado a la integraci\u00f3n sociolaboral de mujeres en riesgo de exclusi\u00f3n social<\/a>-diariodejaen<strong>\u00a0<\/strong><\/p>\n<p><strong>Violencias<\/strong><a href=\"https:\/\/www.google.com\/url?rct=j&amp;sa=t&amp;url=https:\/\/www.europapress.es\/esandalucia\/sevilla\/noticia-iam-forma-familias-traves-teatro-participativo-prevencion-violencia-genero-20210512190118.html&amp;ct=ga&amp;cd=CAEYACoTODMyODgyODMzNTM4NjQ5NTQ0OTIbOWFiMWNkZDdlMzY2ZWYzODplczplczpFUzpS&amp;usg=AFQjCNEZqATp_hyxQ4XXezUycmXMEy7QqQ\"><br \/>\nEl IAM forma a las familias a trav\u00e9s del teatro participativo en prevenci\u00f3n de la violencia de g\u00e9nero<\/a>&#8211;\u00a0Europa Press<strong>\u00a0<\/strong><\/p>\n<p><strong>Ciencia y Cultura<\/strong><\/p>\n<p><a href=\"http:\/\/www.juntadeandalucia.es\/presidencia\/portavoz\/160791\/ConsejeriadeCultura\/diadelosmuseos\/actividadesculturales\/colecciones\">Cultura celebra el D\u00eda de los Museos con un amplio programa de actividades sobre sus colecciones<\/a>-Oficina del Portavoz<a href=\"https:\/\/www.google.com\/url?rct=j&amp;sa=t&amp;url=https:\/\/www.europasur.es\/campo-de-gibraltar\/Emilia-pardo-bazan-autentica-pionera_0_1573343343.html&amp;ct=ga&amp;cd=CAEYASoUMTE4MDkzMjkyNDk1MzU1MzQxMDkyGWMwMzcyZWJjMmZlYWRhNTk6ZXM6ZXM6RVM&amp;usg=AFQjCNGr33MaKXTjcEFDXQ9U4-Oef8l8dA\"><br \/>\nEmilia Pardo Baz\u00e1n, una aut\u00e9ntica pionera<\/a>&#8211;\u00a0Europa Sur<\/p>\n<p><a href=\"https:\/\/www.eldiario.es\/cultura\/kiti-manver-premio-honor-18o-festival-cine-alicante_1_7933495.html\">Kiti M\u00e1nver, Premio de Honor del 18\u00ba Festival de Cine de Alicante<\/a>-eldiario<\/p>\n<p><a href=\"https:\/\/www.lavanguardia.com\/ocio\/viajes\/20210514\/7438767\/carmen-burgos-feminista-grandes-viajeras.html\">Carmen de Burgos, la trotamundos insumisa<\/a>-lavanguardia<\/p>\n<p><a href=\"https:\/\/www.laopiniondemalaga.es\/ocio\/agenda\/xxii-certamen-cartas-escritas-mujer-51817036.html\">XXII Certamen &#8216;Cartas escritas por una mujer&#8217;<\/a>-laopiniondemalaga<strong>\u00a0<\/strong><\/p>\n<p><strong>Deporte<\/strong><\/p>\n<p><a href=\"https:\/\/sevilla.abc.es\/sevilla\/sevi-leonas-guadalquivir-mujeres-plantan-cara-cancer-mama-remo-202105131717_noticia.html\">Las Leonas del Guadalquivir: mujeres que plantan cara al c\u00e1ncer de mama con el remo<\/a>-abcsevilla<\/p>\n<p><a href=\"https:\/\/www.msn.com\/es-es\/sports\/other\/el-andaluc-c3-ada-desaf-c3-ado-do-c3-b1ana-volver-c3-a1-a-disputarse-en-sanl-c3-bacar-de-barrameda-en-2021-tras-suspenderse-en-2020\/ar-BB1gJej0?ocid=BingNewsSearch\">El Andaluc\u00eda Desaf\u00edo Do\u00f1ana volver\u00e1 a disputarse en Sanl\u00facar de Barrameda en 2021 tras suspenderse en 2020<\/a>-20minutos<\/p>\n<\/div>\n<\/div>\n<div id=\"\" class=\"lsow-panel lsow-active\">\n<h1 class=\"lsow-panel-title\">Estado<\/h1>\n<div class=\"lsow-panel-content\">\n<p><strong>Institucional<\/strong><\/p>\n<p><a href=\"https:\/\/amecopress.net\/Igualdad-preve-que-la-ley-del-solo-si-es-si-llegue-al-Congreso-en-un-mes\">Igualdad prev\u00e9 que la ley del \u2019s\u00f3lo s\u00ed es s\u00ed\u2019 llegue al Congreso en un mes |\u00a0\u00a0Ameco Press<\/a><\/p>\n<p><a href=\"https:\/\/elpais.com\/clima-y-medio-ambiente\/2021-05-13\/teresa-ribera-espana-llega-con-retraso-deberiamos-haber-tenido-hace-diez-anos-la-ley-de-cambio-climatico.html\">Teresa Ribera: \u201cEspa\u00f1a llega con retraso, deber\u00edamos haber tenido hace 10 a\u00f1os la ley de cambio clim\u00e1tico\u201d<\/a><strong>&#8211;<\/strong>El Pa\u00eds<strong>\u00a0<\/strong><\/p>\n<p><strong>Institucional-CCAA\u00a0\u00a0<\/strong><\/p>\n<p><a href=\"https:\/\/www.google.com\/url?rct=j&amp;sa=t&amp;url=https:\/\/www.20minutos.es\/noticia\/4693987\/0\/fundacion-ibercaja-y-directivas-de-aragon-firman-un-convenio-para-el-desarrollo-de-su-programa-lidera\/&amp;ct=ga&amp;cd=CAEYASoUMTgwNTIyNTg2ODk4ODMyODc0NTYyGWMwMzcyZWJjMmZlYWRhNTk6ZXM6ZXM6RVM&amp;usg=AFQjCNHLRH_1Qv3MeJ57jj8HTEfDT7_Cmw\">Fundaci\u00f3n Ibercaja y Directivas de Arag\u00f3n firman un convenio para el desarrollo de Su Programa &#8230;<\/a>&#8211;\u00a020minutos<\/p>\n<p><a href=\"https:\/\/www.google.com\/url?rct=j&amp;sa=t&amp;url=https:\/\/www.20minutos.es\/noticia\/4694175\/0\/baleares-disena-una-herramienta-para-detectar-y-prevenir-casos-de-explotacion-sexual-infantil\/&amp;ct=ga&amp;cd=CAEYASoUMTc1ODYxMTMyNzcwMjMwNDI4MjQyGWMwMzcyZWJjMmZlYWRhNTk6ZXM6ZXM6RVM&amp;usg=AFQjCNEr1xdiUw4FZ3S83cXz6WVJC2MAPw\">Baleares dise\u00f1a una herramienta para detectar y prevenir casos de explotaci\u00f3n sexual infantil<\/a>&#8211;\u00a020minutos<a href=\"https:\/\/www.google.com\/url?rct=j&amp;sa=t&amp;url=https:\/\/www.diariodelaltoaragon.es\/noticias\/aragon\/2021\/05\/12\/aragon-segunda-region-donde-mas-disminuye-la-violencia-machista-1491498-daa.html&amp;ct=ga&amp;cd=CAEYAyoUMTc1ODYxMTMyNzcwMjMwNDI4MjQyGWMwMzcyZWJjMmZlYWRhNTk6ZXM6ZXM6RVM&amp;usg=AFQjCNHDbQeINy4Ux0spKPGYGgNgEOyEdQ\"><br \/>\nArag\u00f3n, segunda regi\u00f3n donde m\u00e1s disminuye la violencia machista<\/a>&#8211;\u00a0Alto Arag\u00f3n<a href=\"https:\/\/www.google.com\/url?rct=j&amp;sa=t&amp;url=https:\/\/www.clm24.es\/articulo\/sociedad\/violencia-genero-castilla-mancha-podium-mejores-ccaa-ejecucion-gasto-pacto-violencia-machista\/20210512211032318326.html&amp;ct=ga&amp;cd=CAEYACoUMTM3NjEyMDQ4NTE4MDQ0MjQyNjUyGWMwMzcyZWJjMmZlYWRhNTk6ZXM6ZXM6RVM&amp;usg=AFQjCNEcb_VtMlupy35KYe1tKSm1F6NNCA\"><br \/>\nCLM, en el podium de mejores CCAA en ejecuci\u00f3n de gasto del Pacto contra la violencia machista<\/a>&#8211;\u00a0CLM24<\/p>\n<p><a href=\"https:\/\/www.google.com\/url?rct=j&amp;sa=t&amp;url=https:\/\/diariodelamancha.com\/ciudad-real-womans-week-promovera-el-liderazgo-femenino-en-los-ambitos-empresariales\/&amp;ct=ga&amp;cd=CAEYBSoTMzM2NzI0MDk4ODExNzYwMzgyMzIZYzAzNzJlYmMyZmVhZGE1OTplczplczpFUw&amp;usg=AFQjCNH5EQ6-v5SFqbogJAKrCeHjV-3WFA\">\u201cCiudad Real Woman&#8217;s Week\u201d promover\u00e1 el liderazgo femenino en los \u00e1mbitos empresariales<\/a>&#8211;\u00a0Diario de Castilla-La Mancha<a href=\"https:\/\/www.google.com\/url?rct=j&amp;sa=t&amp;url=https:\/\/www.heraldo.es\/noticias\/aragon\/2021\/05\/13\/el-derecho-a-la-informacion-sobre-sexualidad-protagonista-de-las-i-jornadas-insex-1491633.html&amp;ct=ga&amp;cd=CAEYACoUMTA2NDcxMDMxNTAzNjIxMjIwMjIyGWMwMzcyZWJjMmZlYWRhNTk6ZXM6ZXM6RVM&amp;usg=AFQjCNGWeVmWBpKvkNsPoctLd1GPLysU2Q\"><br \/>\nEl derecho a la informaci\u00f3n sobre sexualidad, protagonista de las I Jornadas inSEX<\/a>&#8211;\u00a0Heraldo.es<a href=\"https:\/\/www.google.com\/url?rct=j&amp;sa=t&amp;url=https:\/\/www.extradigital.es\/los-medios-y-la-publicidad-se-cuelan-en-el-plan-estrategico-para-la-igualdad-entre-mujeres-y-hombres-en-aragon\/&amp;ct=ga&amp;cd=CAEYACoTOTAxODk3MTM4OTQ0NjUyNzIwNjIZNTlkNzgxNzEzNmEyZDAyODplczplczpFUw&amp;usg=AFQjCNFIsFVXXVPglZVDnzVLSt0IryVGcw\"><br \/>\nLa publicidad y los medios se cuelan en el Plan Estrat\u00e9gico para la Igualdad entre Mujeres y Hombres en Arag\u00f3n..<\/a>&#8211;\u00a0Extradigital.es<strong>\u00a0<\/strong><\/p>\n<p><strong>Econom\u00eda y Empresas<\/strong><a href=\"https:\/\/www.google.com\/url?rct=j&amp;sa=t&amp;url=https:\/\/navarracapital.es\/mercedes-wullich-creadora-del-top-100-mujeres-lideres-en-capital-directo\/&amp;ct=ga&amp;cd=CAEYASoUMTcwOTM5NDM1OTU3NjM3OTQyMTkyGWMwMzcyZWJjMmZlYWRhNTk6ZXM6ZXM6RVM&amp;usg=AFQjCNH2gyAgCFtzTjIAiFoY_tMBwjjcug\"><br \/>\nMercedes Wullich, creadora del Top 100\u00a0Mujeres\u00a0L\u00edderes, en Capital Directo<\/a>&#8211;\u00a0NavarraCapital.es<\/p>\n<p><a href=\"https:\/\/www.google.com\/url?rct=j&amp;sa=t&amp;url=https:\/\/www.abc.es\/familia\/mujeres\/abci-mujeres-mejores-gestoras-economia-domestica-pesar-estereotipos-202105140042_noticia.html&amp;ct=ga&amp;cd=CAEYACoTNDc2MTg5MjA1MzkxNTczNDE0MzIZYzAzNzJlYmMyZmVhZGE1OTplczplczpFUw&amp;usg=AFQjCNGX6Pgi3bGvmoJMlt9T9YcGafiWlg\">Las\u00a0mujeres, mejores gestoras de la econom\u00eda dom\u00e9stica a pesar de los estereotipos<\/a>&#8211;\u00a0Abc.es<\/p>\n<p><a href=\"https:\/\/www.elespanol.com\/invertia\/disruptores-innovadores\/innovadores\/corporaciones\/20210514\/garcia-thales-europeos-situaran-vanguardia-tecnologica-empresarial\/580942355_0.html\">Garc\u00eda (Thales): \u00abLos fondos europeos situar\u00e1n al sector espacial a la vanguardia tecnol\u00f3gica y empresarial\u00bb<\/a>-elespanol<\/p>\n<p><strong>Actualidad<\/strong><\/p>\n<p><a href=\"https:\/\/www.google.com\/url?rct=j&amp;sa=t&amp;url=https:\/\/www.lawyerpress.com\/2021\/05\/12\/el-consejo-general-de-la-abogacia-espanola-lanza-hoy-la-campana-sin-abogadxs-no-hay-justicia\/&amp;ct=ga&amp;cd=CAEYASoTOTI5NTU0ODc5MjM5MDU0MjUyMzIZYzAzNzJlYmMyZmVhZGE1OTplczplczpFUw&amp;usg=AFQjCNGrm0vBl0M5FbaBbxVtXtdoLO2gbw\">El Consejo General de la Abogac\u00eda Espa\u00f1ola lanza hoy la campa\u00f1a \u201cSin abogadXs no hay Justicia\u201d<\/a>&#8211;\u00a0Lawyer Press<\/p>\n<p><a href=\"https:\/\/www.google.com\/url?rct=j&amp;sa=t&amp;url=https:\/\/www.comunicae.es\/nota\/premio-nacional-de-jurisprudencia-y-1224883\/&amp;ct=ga&amp;cd=CAEYBSoUMTQ4NTQ2MDM0OTE3MTk5Njc0MDAyGWMwMzcyZWJjMmZlYWRhNTk6ZXM6ZXM6RVM&amp;usg=AFQjCNH-tdT28a_ls4m4lFVTxJZbPX_5Qw\">Premio Nacional de Jurisprudencia y Legislaci\u00f3n Alfonso X El Sabio 2021, para Eva Mar\u00eda &#8230;<\/a>&#8211;\u00a0Comunicae Espa\u00f1a<\/p>\n<p><a href=\"https:\/\/www.mujeremprendedora.net\/lucia-gonzalez-iribarren-lideres-con-proposito-igualdad-actitud-genuina-cada-ser-humano\/\">Igualdad, una actitud genuina de cada ser humano<\/a>-Mujeremprendedora<a href=\"https:\/\/www.google.com\/url?rct=j&amp;sa=t&amp;url=https:\/\/www.aecid.es\/ES\/Paginas\/Sala%2520de%2520Prensa\/Noticias\/2021\/2021_05\/10_Egiptoredregional.aspx&amp;ct=ga&amp;cd=CAEYACoTNTE1MjM2MDAwMTQ1Njg4OTY4NTIZNTlkNzgxNzEzNmEyZDAyODplczplczpFUw&amp;usg=AFQjCNFdLq2wpu06kW24nhrVWBS3MkZueQ\"><br \/>\nPortal Web AECID Nace la Red Musawat, una red regional impulsada por la AECID para coordinar &#8230;<\/a>&#8211;\u00a0AECID<a href=\"https:\/\/www.google.com\/url?rct=j&amp;sa=t&amp;url=https:\/\/www.lasprovincias.es\/comunitat\/permiso-maternidad-familia-monoparental-20210514113150-nt.html&amp;ct=ga&amp;cd=CAEYACoTODI0ODYyNjI2MTgzOTYzNjMwODIZYzAzNzJlYmMyZmVhZGE1OTplczplczpFUw&amp;usg=AFQjCNEqrsA4MCzSqGM5pvq5sxkESyGE1A\"><br \/>\nUn juez permite a una\u00a0mujer\u00a0acumular el permiso de paternidad y maternidad<\/a>&#8211;\u00a0Las Provincias<\/p>\n<p><a href=\"https:\/\/amecopress.net\/Los-estereotipos-son-los-que-marcan-nuestras-decisiones-en-todos-los-aspectos-de-nuestras-vidas\">Marta Macho-Stadler: \u201cLos estereotipos son los que marcan nuestras decisiones en todos los aspectos de nuestras vidas\u00bb |\u00a0\u00a0Ameco Press<\/a><\/p>\n<p><strong>Violencias<\/strong><a href=\"https:\/\/www.google.com\/url?rct=j&amp;sa=t&amp;url=http:\/\/empresariosdelhenares.es\/art\/3311\/abierta-convocatoria-2021-premio-francisca-de-pedraza-contra-la-violencia-de-genero&amp;ct=ga&amp;cd=CAEYASoTNzk2NjI4MzAzNzc0NjAwNTgwNjIZYzAzNzJlYmMyZmVhZGE1OTplczplczpFUw&amp;usg=AFQjCNFHg-XYDFjfdcP4NLA0NYnJhE6ZQg\"><br \/>\nAbierta Convocatoria 2021 Premio &#8216;Francisca de Pedraza&#8217; contra la Violencia de G\u00e9nero<\/a>&#8211;\u00a0Empresarios del Henares<\/p>\n<p><strong>Ciencia y Cultura<\/strong><\/p>\n<p><a href=\"https:\/\/www.google.com\/url?rct=j&amp;sa=t&amp;url=https:\/\/www.codalario.com\/rosa-garcia-ascot\/opinion\/rosa-garcia-ascot--la-musa-del-grupo-de-los-ocho_9879_32_30929_0_1_in.html&amp;ct=ga&amp;cd=CAEYASoTMzM2NzI0MDk4ODExNzYwMzgyMzIZYzAzNzJlYmMyZmVhZGE1OTplczplczpFUw&amp;usg=AFQjCNE1XOGcoz29-nADs0hZAcno0N7bJQ\">Rosa Garc\u00eda Ascot, la musa del Grupo de los Ocho<\/a>&#8211;\u00a0Codalario, la Revista de M\u00fasica Cl\u00e1sica<\/p>\n<p><a href=\"https:\/\/www.google.com\/url?rct=j&amp;sa=t&amp;url=https:\/\/murciaplaza.com\/Sobrematronasyesclavas&amp;ct=ga&amp;cd=CAEYACoTMjU3NzcyNjA0Nzc4NzMxNDE4NDIZYzAzNzJlYmMyZmVhZGE1OTplczplczpFUw&amp;usg=AFQjCNHn5ODqQ152svAC5p387S6_-dYm6Q\">Sobre matronas y esclavas: la pel\u00edcula &#8216;La\u00a0mujer\u00a0en Carthago Nova&#8217; viaja a Belgrado<\/a>&#8211;\u00a0Murcia Plaza<\/p>\n<p><a href=\"https:\/\/www.google.com\/url?rct=j&amp;sa=t&amp;url=https:\/\/www.eldiario.es\/castilla-la-mancha\/busqueda-patrimonio-mujer-castellanomanchega-dejado-musica_1_7930848.html&amp;ct=ga&amp;cd=CAEYACoTMTY1NzkyODEyMzU2NTE0OTg1MjIZYzAzNzJlYmMyZmVhZGE1OTplczplczpFUw&amp;usg=AFQjCNGCGa5hXwznvBh7Svqwlv__KIj79Q\">En la b\u00fasqueda del patrimonio que la\u00a0mujer\u00a0castellanomanchega ha dejado en la m\u00fasica<\/a>&#8211;\u00a0<a href=\"http:\/\/eldiario.es\/\">eldiario.es<\/a><\/p>\n<p><a href=\"https:\/\/www.google.com\/url?rct=j&amp;sa=t&amp;url=https:\/\/www.elfaradio.com\/2021\/05\/14\/la-rapera-la-furia-llega-a-santander-con-un-taller-de-rap-para-mujeres\/&amp;ct=ga&amp;cd=CAEYACoUMTc3MzAwMDQyNzA4NTY3NzQ2NzkyGTU5ZDc4MTcxMzZhMmQwMjg6ZXM6ZXM6RVM&amp;usg=AFQjCNHOeNXRNql5Q8K-6EQPQjSbyQIKog\">La rapera La Furia llega a Santander con un taller de rap para mujeres<\/a>&#8211;\u00a0El Faradio<\/p>\n<p><a href=\"https:\/\/amecopress.net\/BAFFEST-el-festival-que-visibiliza-a-las-mujeres-fotografas\">BAFFEST, el festival que visibiliza a las mujeres fot\u00f3grafas |\u00a0\u00a0Ameco Press<\/a><\/p>\n<p><a href=\"https:\/\/www.eldiario.es\/castilla-la-mancha\/busqueda-patrimonio-mujer-castellanomanchega-dejado-musica_1_7930848.html\">En la b\u00fasqueda del patrimonio que la mujer castellanomanchega ha dejado en la m\u00fasica<\/a>-eldiario<strong>\u00a0<\/strong><\/p>\n<p><strong>Deporte<\/strong><\/p>\n<p><a href=\"https:\/\/elpais.com\/deportes\/2021-05-12\/saul-craviotto-y-mireia-belmonte-los-abanderados-espanoles-en-los-juegos-olimpicos-de-tokio.html\">Mireia Belmonte y Sa\u00fal Craviotto, los abanderados espa\u00f1oles en los Juegos Ol\u00edmpicos de Tokio<\/a>-El Pa\u00eds<\/p>\n<p><a href=\"https:\/\/elpais.com\/deportes\/2021-05-14\/del-aparcamiento-a-la-elite-de-europa.html\">De jugar en el parking a estar en la \u00e9lite de Europa<\/a>&#8211; El Pa\u00eds<\/p>\n<\/div>\n<\/div>\n<div id=\"\" class=\"lsow-panel lsow-active\">\n<h1 class=\"lsow-panel-title\">Internacional<\/h1>\n<div class=\"lsow-panel-content\">\n<p><a href=\"https:\/\/www.google.com\/url?rct=j&amp;sa=t&amp;url=https:\/\/www.europapress.es\/economia\/noticia-nueva-plataforma-civil-exige-transparencia-gestion-fondos-europeos-autoridad-independiente-20210513150543.html&amp;ct=ga&amp;cd=CAEYACoTMzQzMjk1NTA4MTEyODU2NDk0NjIbOTE4ODU3Y2Q2MGY5Nzc0ODplczplczpFUzpM&amp;usg=AFQjCNH1qJYKHp85CvqMHAb42iUrU0G3eA\">Una nueva plataforma civil exige transparencia en la gesti\u00f3n de fondos europeos y una autoridad &#8230;<\/a>-europapress<\/p>\n<p><a href=\"https:\/\/www.google.com\/url?rct=j&amp;sa=t&amp;url=https:\/\/www.eluniversal.com.mx\/cartera\/la-desigualdad-de-genero-en-la-administracion-publica-federal-persiste-imco&amp;ct=ga&amp;cd=CAEYASoTMzM3NTI2NzY4MjcyMTM4OTk1NzIZYzAzNzJlYmMyZmVhZGE1OTplczplczpFUw&amp;usg=AFQjCNGF8nKyf9GeUt9PJhNzLqcmIAqIPA\">La desigualdad de g\u00e9nero en la administraci\u00f3n p\u00fablica federal persiste: IMCO<\/a>&#8211;\u00a0El Universal<\/p>\n<p><a href=\"https:\/\/www.google.com\/url?rct=j&amp;sa=t&amp;url=https:\/\/www.latercera.com\/pulso-pm\/noticia\/chile-anota-fuerte-retroceso-en-indice-de-empoderamiento-economico-de-las-mujeres\/V3VGC2DDOFAAZD3MBWLGDAYEWU\/&amp;ct=ga&amp;cd=CAEYAioUMTUwMDMzMzcwNzE2MTQ1OTAxOTYyGTU5ZDc4MTcxMzZhMmQwMjg6ZXM6ZXM6RVM&amp;usg=AFQjCNGh9_0vFXy2P8cBlLFiLttuRN-gNA\">Chile anota fuerte retroceso en \u00edndice de empoderamiento econ\u00f3mico de las mujeres<\/a>&#8211;\u00a0LaTercera<\/p>\n<p><a href=\"https:\/\/www.google.com\/url?rct=j&amp;sa=t&amp;url=http:\/\/www.eleconomista.com.mx\/arteseideas\/China-y-EU-logran-frenar-la-natalidad-y-Alemania-revierte-su-tendencia-y-registra-mas-nacimientos-20210513-0035.html&amp;ct=ga&amp;cd=CAEYACoTMzUzNTczOTAyNTY3MjE3MjA2MjIZYzAzNzJlYmMyZmVhZGE1OTplczplczpFUw&amp;usg=AFQjCNGxj1GhnLKlhdhNOsao9BlKccCVpA\">China y EU logran frenar la natalidad y Alemania revierte su tendencia y registra m\u00e1s nacimientos<\/a>&#8211;\u00a0El Economista<\/p>\n<p><a href=\"https:\/\/elpais.com\/sociedad\/2021-05-13\/estados-unidos-permitira-a-la-poblacion-vacunada-prescindir-de-la-mascarilla-incluso-en-interiores.html\">Estados Unidos permitir\u00e1 a la poblaci\u00f3n vacunada prescindir de la mascarilla incluso en interiores<\/a>-El Pa\u00eds<\/p>\n<p><a href=\"https:\/\/www.google.com\/url?rct=j&amp;sa=t&amp;url=https:\/\/www.elmundo.cr\/costa-rica\/red-de-instituciones-apoyan-a-mujeres-privadas-de-libertad-en-procesos-penales\/&amp;ct=ga&amp;cd=CAEYAyoTOTMwNjU1NTc3Mzc1MTczMzA1NTIZYzAzNzJlYmMyZmVhZGE1OTplczplczpFUw&amp;usg=AFQjCNG80fG5MyljmaLbeHHfXwM7LsC5Rw\">Red de instituciones apoyan a\u00a0mujeres\u00a0privadas de libertad en procesos penales<\/a>&#8211;\u00a0El Mundo CR<a href=\"https:\/\/www.google.com\/url?rct=j&amp;sa=t&amp;url=https:\/\/www.bbc.com\/mundo\/noticias-america-latina-57015305&amp;ct=ga&amp;cd=CAEYBCoUMTc1ODYxMTMyNzcwMjMwNDI4MjQyGWMwMzcyZWJjMmZlYWRhNTk6ZXM6ZXM6RVM&amp;usg=AFQjCNF64Kz1_5wdSg2nwkDlkEtfkLktbg\"><br \/>\nLa incre\u00edble historia de Angelina Vunge, la angole\u00f1a que se convirti\u00f3 en la primera legisladora &#8230;<\/a>&#8211;\u00a0BBC Mundo<\/p>\n<p><a href=\"https:\/\/www.google.com\/url?rct=j&amp;sa=t&amp;url=https:\/\/www.jornada.com.mx\/notas\/2021\/05\/13\/cultura\/realizan-homenaje-a-poniatowska-en-la-patria-de-sus-ancestros-polonia\/&amp;ct=ga&amp;cd=CAEYAyoTNDU4MDkwMzI1NzA3ODc2NDIyODIZYzAzNzJlYmMyZmVhZGE1OTplczplczpFUw&amp;usg=AFQjCNHjPvwr-gurs7O-C3PXwjdRviaR7g\">Realizan homenaje a Poniatowska en la patria de sus ancestros, Polonia<\/a>&#8211;\u00a0La Jornada<\/p>\n<\/div>\n<\/div>\n<\/div><\/div><\/div><\/div><\/div>\n","protected":false},"excerpt":{"rendered":"<p>Igualdad prev\u00e9 que la ley del s\u00f3lo s\u00ed es s\u00ed llegue al Congreso en un mes * Las mujeres son mejores gestoras de la econom\u00eda dom\u00e9stica * BAFFEST el festival que visibiliza a mujeres * Carmen de Burgos la trotamundos insumisa <\/p>\n","protected":false},"author":3,"featured_media":22909,"comment_status":"closed","ping_status":"closed","sticky":false,"template":"","format":"standard","meta":{"footnotes":""},"categories":[298,621],"tags":[264],"class_list":["post-15418","post","type-post","status-publish","format-standard","has-post-thumbnail","hentry","category-newsletter","category-nwl-3-0","tag-economia-domestica"],"yoast_head":"<!-- This site is optimized with the Yoast SEO plugin v27.4 - https:\/\/yoast.com\/product\/yoast-seo-wordpress\/ -->\n<title>Noticias Info CKL n\u00ba 2582-13\/05\/21-Comunicar con perspectiva de g\u00e9nero<\/title>\n<meta name=\"description\" content=\"Igualdad prev\u00e9 que la ley del s\u00f3lo s\u00ed es s\u00ed llegue al Congreso en un mes * Las mujeres son mejores gestoras de la econom\u00eda dom\u00e9stica * BAFFEST el festival que visibiliza a mujeres * Carmen de Burgos la trotamundos insumisa\" \/>\n<meta name=\"robots\" content=\"index, follow, max-snippet:-1, max-image-preview:large, max-video-preview:-1\" \/>\n<link rel=\"canonical\" href=\"https:\/\/cklcomunicaciones.es\/coop\/noticias-info-ckl-no-2582-14-05-21\/\" \/>\n<meta property=\"og:locale\" content=\"es_ES\" \/>\n<meta property=\"og:type\" content=\"article\" \/>\n<meta property=\"og:title\" content=\"Noticias Info CKL n\u00ba 2582-13\/05\/21-Comunicar con perspectiva de g\u00e9nero\" \/>\n<meta property=\"og:description\" content=\"Igualdad prev\u00e9 que la ley del s\u00f3lo s\u00ed es s\u00ed llegue al Congreso en un mes * Las mujeres son mejores gestoras de la econom\u00eda dom\u00e9stica * BAFFEST el festival que visibiliza a mujeres * Carmen de Burgos la trotamundos insumisa\" \/>\n<meta property=\"og:url\" content=\"https:\/\/cklcomunicaciones.es\/coop\/noticias-info-ckl-no-2582-14-05-21\/\" \/>\n<meta property=\"og:site_name\" content=\"CKL Comunicaciones\" \/>\n<meta property=\"article:published_time\" content=\"2021-05-14T12:41:18+00:00\" \/>\n<meta property=\"article:modified_time\" content=\"2025-02-10T17:14:21+00:00\" \/>\n<meta property=\"og:image\" content=\"https:\/\/cklcomunicaciones.es\/coop\/wp-content\/uploads\/2025\/01\/CKL-una-mirada-distinta-de-la-comunicacion.jpg\" \/>\n\t<meta property=\"og:image:width\" content=\"1482\" \/>\n\t<meta property=\"og:image:height\" content=\"775\" \/>\n\t<meta property=\"og:image:type\" content=\"image\/jpeg\" \/>\n<meta name=\"author\" content=\"ckl\" \/>\n<meta name=\"twitter:card\" content=\"summary_large_image\" \/>\n<meta name=\"twitter:label1\" content=\"Escrito por\" \/>\n\t<meta name=\"twitter:data1\" content=\"ckl\" \/>\n\t<meta name=\"twitter:label2\" content=\"Tiempo de lectura\" \/>\n\t<meta name=\"twitter:data2\" content=\"6 minutos\" \/>\n<script type=\"application\/ld+json\" class=\"yoast-schema-graph\">{\"@context\":\"https:\\\/\\\/schema.org\",\"@graph\":[{\"@type\":\"Article\",\"@id\":\"https:\\\/\\\/cklcomunicaciones.es\\\/coop\\\/noticias-info-ckl-no-2582-14-05-21\\\/#article\",\"isPartOf\":{\"@id\":\"https:\\\/\\\/cklcomunicaciones.es\\\/coop\\\/noticias-info-ckl-no-2582-14-05-21\\\/\"},\"author\":{\"name\":\"ckl\",\"@id\":\"https:\\\/\\\/cklcomunicaciones.es\\\/coop\\\/#\\\/schema\\\/person\\\/929a6837f7626450bbb50cee1aef266e\"},\"headline\":\"Noticias Info CKL n\u00ba 2582-14\\\/05\\\/21\",\"datePublished\":\"2021-05-14T12:41:18+00:00\",\"dateModified\":\"2025-02-10T17:14:21+00:00\",\"mainEntityOfPage\":{\"@id\":\"https:\\\/\\\/cklcomunicaciones.es\\\/coop\\\/noticias-info-ckl-no-2582-14-05-21\\\/\"},\"wordCount\":1187,\"image\":{\"@id\":\"https:\\\/\\\/cklcomunicaciones.es\\\/coop\\\/noticias-info-ckl-no-2582-14-05-21\\\/#primaryimage\"},\"thumbnailUrl\":\"https:\\\/\\\/cklcomunicaciones.es\\\/coop\\\/wp-content\\\/uploads\\\/2025\\\/01\\\/CKL-una-mirada-distinta-de-la-comunicacion.jpg\",\"keywords\":[\"econom\u00eda domestica\"],\"articleSection\":[\"Newsletter\",\"Nwl v3.0\"],\"inLanguage\":\"es\"},{\"@type\":\"WebPage\",\"@id\":\"https:\\\/\\\/cklcomunicaciones.es\\\/coop\\\/noticias-info-ckl-no-2582-14-05-21\\\/\",\"url\":\"https:\\\/\\\/cklcomunicaciones.es\\\/coop\\\/noticias-info-ckl-no-2582-14-05-21\\\/\",\"name\":\"Noticias Info CKL n\u00ba 2582-13\\\/05\\\/21-Comunicar con perspectiva de g\u00e9nero\",\"isPartOf\":{\"@id\":\"https:\\\/\\\/cklcomunicaciones.es\\\/coop\\\/#website\"},\"primaryImageOfPage\":{\"@id\":\"https:\\\/\\\/cklcomunicaciones.es\\\/coop\\\/noticias-info-ckl-no-2582-14-05-21\\\/#primaryimage\"},\"image\":{\"@id\":\"https:\\\/\\\/cklcomunicaciones.es\\\/coop\\\/noticias-info-ckl-no-2582-14-05-21\\\/#primaryimage\"},\"thumbnailUrl\":\"https:\\\/\\\/cklcomunicaciones.es\\\/coop\\\/wp-content\\\/uploads\\\/2025\\\/01\\\/CKL-una-mirada-distinta-de-la-comunicacion.jpg\",\"datePublished\":\"2021-05-14T12:41:18+00:00\",\"dateModified\":\"2025-02-10T17:14:21+00:00\",\"author\":{\"@id\":\"https:\\\/\\\/cklcomunicaciones.es\\\/coop\\\/#\\\/schema\\\/person\\\/929a6837f7626450bbb50cee1aef266e\"},\"description\":\"Igualdad prev\u00e9 que la ley del s\u00f3lo s\u00ed es s\u00ed llegue al Congreso en un mes * Las mujeres son mejores gestoras de la econom\u00eda dom\u00e9stica * BAFFEST el festival que visibiliza a mujeres * Carmen de Burgos la trotamundos insumisa\",\"breadcrumb\":{\"@id\":\"https:\\\/\\\/cklcomunicaciones.es\\\/coop\\\/noticias-info-ckl-no-2582-14-05-21\\\/#breadcrumb\"},\"inLanguage\":\"es\",\"potentialAction\":[{\"@type\":\"ReadAction\",\"target\":[\"https:\\\/\\\/cklcomunicaciones.es\\\/coop\\\/noticias-info-ckl-no-2582-14-05-21\\\/\"]}]},{\"@type\":\"ImageObject\",\"inLanguage\":\"es\",\"@id\":\"https:\\\/\\\/cklcomunicaciones.es\\\/coop\\\/noticias-info-ckl-no-2582-14-05-21\\\/#primaryimage\",\"url\":\"https:\\\/\\\/cklcomunicaciones.es\\\/coop\\\/wp-content\\\/uploads\\\/2025\\\/01\\\/CKL-una-mirada-distinta-de-la-comunicacion.jpg\",\"contentUrl\":\"https:\\\/\\\/cklcomunicaciones.es\\\/coop\\\/wp-content\\\/uploads\\\/2025\\\/01\\\/CKL-una-mirada-distinta-de-la-comunicacion.jpg\",\"width\":1482,\"height\":775,\"caption\":\"CKL - una mirada distinta de la comunicacion\"},{\"@type\":\"BreadcrumbList\",\"@id\":\"https:\\\/\\\/cklcomunicaciones.es\\\/coop\\\/noticias-info-ckl-no-2582-14-05-21\\\/#breadcrumb\",\"itemListElement\":[{\"@type\":\"ListItem\",\"position\":1,\"name\":\"Portada\",\"item\":\"https:\\\/\\\/cklcomunicaciones.es\\\/coop\\\/\"},{\"@type\":\"ListItem\",\"position\":2,\"name\":\"Noticias Info CKL n\u00ba 2582-14\\\/05\\\/21\"}]},{\"@type\":\"WebSite\",\"@id\":\"https:\\\/\\\/cklcomunicaciones.es\\\/coop\\\/#website\",\"url\":\"https:\\\/\\\/cklcomunicaciones.es\\\/coop\\\/\",\"name\":\"CKL Comunicaciones\",\"description\":\"Sitio web de CKL Comunicaciones coop , la consultora de comunicaci\u00f3n y estrategia\",\"potentialAction\":[{\"@type\":\"SearchAction\",\"target\":{\"@type\":\"EntryPoint\",\"urlTemplate\":\"https:\\\/\\\/cklcomunicaciones.es\\\/coop\\\/?s={search_term_string}\"},\"query-input\":{\"@type\":\"PropertyValueSpecification\",\"valueRequired\":true,\"valueName\":\"search_term_string\"}}],\"inLanguage\":\"es\"},{\"@type\":\"Person\",\"@id\":\"https:\\\/\\\/cklcomunicaciones.es\\\/coop\\\/#\\\/schema\\\/person\\\/929a6837f7626450bbb50cee1aef266e\",\"name\":\"ckl\",\"image\":{\"@type\":\"ImageObject\",\"inLanguage\":\"es\",\"@id\":\"https:\\\/\\\/secure.gravatar.com\\\/avatar\\\/c82db564e8a669bf6023357a157b9dc4780f4d4c618f2ad1d71a6a5dede45057?s=96&d=mm&r=g\",\"url\":\"https:\\\/\\\/secure.gravatar.com\\\/avatar\\\/c82db564e8a669bf6023357a157b9dc4780f4d4c618f2ad1d71a6a5dede45057?s=96&d=mm&r=g\",\"contentUrl\":\"https:\\\/\\\/secure.gravatar.com\\\/avatar\\\/c82db564e8a669bf6023357a157b9dc4780f4d4c618f2ad1d71a6a5dede45057?s=96&d=mm&r=g\",\"caption\":\"ckl\"},\"url\":\"https:\\\/\\\/cklcomunicaciones.es\\\/coop\\\/author\\\/cklcomunicaciones\\\/\"}]}<\/script>\n<!-- \/ Yoast SEO plugin. -->","yoast_head_json":{"title":"Noticias Info CKL n\u00ba 2582-13\/05\/21-Comunicar con perspectiva de g\u00e9nero","description":"Igualdad prev\u00e9 que la ley del s\u00f3lo s\u00ed es s\u00ed llegue al Congreso en un mes * Las mujeres son mejores gestoras de la econom\u00eda dom\u00e9stica * BAFFEST el festival que visibiliza a mujeres * Carmen de Burgos la trotamundos insumisa","robots":{"index":"index","follow":"follow","max-snippet":"max-snippet:-1","max-image-preview":"max-image-preview:large","max-video-preview":"max-video-preview:-1"},"canonical":"https:\/\/cklcomunicaciones.es\/coop\/noticias-info-ckl-no-2582-14-05-21\/","og_locale":"es_ES","og_type":"article","og_title":"Noticias Info CKL n\u00ba 2582-13\/05\/21-Comunicar con perspectiva de g\u00e9nero","og_description":"Igualdad prev\u00e9 que la ley del s\u00f3lo s\u00ed es s\u00ed llegue al Congreso en un mes * Las mujeres son mejores gestoras de la econom\u00eda dom\u00e9stica * BAFFEST el festival que visibiliza a mujeres * Carmen de Burgos la trotamundos insumisa","og_url":"https:\/\/cklcomunicaciones.es\/coop\/noticias-info-ckl-no-2582-14-05-21\/","og_site_name":"CKL Comunicaciones","article_published_time":"2021-05-14T12:41:18+00:00","article_modified_time":"2025-02-10T17:14:21+00:00","og_image":[{"width":1482,"height":775,"url":"https:\/\/cklcomunicaciones.es\/coop\/wp-content\/uploads\/2025\/01\/CKL-una-mirada-distinta-de-la-comunicacion.jpg","type":"image\/jpeg"}],"author":"ckl","twitter_card":"summary_large_image","twitter_misc":{"Escrito por":"ckl","Tiempo de lectura":"6 minutos"},"schema":{"@context":"https:\/\/schema.org","@graph":[{"@type":"Article","@id":"https:\/\/cklcomunicaciones.es\/coop\/noticias-info-ckl-no-2582-14-05-21\/#article","isPartOf":{"@id":"https:\/\/cklcomunicaciones.es\/coop\/noticias-info-ckl-no-2582-14-05-21\/"},"author":{"name":"ckl","@id":"https:\/\/cklcomunicaciones.es\/coop\/#\/schema\/person\/929a6837f7626450bbb50cee1aef266e"},"headline":"Noticias Info CKL n\u00ba 2582-14\/05\/21","datePublished":"2021-05-14T12:41:18+00:00","dateModified":"2025-02-10T17:14:21+00:00","mainEntityOfPage":{"@id":"https:\/\/cklcomunicaciones.es\/coop\/noticias-info-ckl-no-2582-14-05-21\/"},"wordCount":1187,"image":{"@id":"https:\/\/cklcomunicaciones.es\/coop\/noticias-info-ckl-no-2582-14-05-21\/#primaryimage"},"thumbnailUrl":"https:\/\/cklcomunicaciones.es\/coop\/wp-content\/uploads\/2025\/01\/CKL-una-mirada-distinta-de-la-comunicacion.jpg","keywords":["econom\u00eda domestica"],"articleSection":["Newsletter","Nwl v3.0"],"inLanguage":"es"},{"@type":"WebPage","@id":"https:\/\/cklcomunicaciones.es\/coop\/noticias-info-ckl-no-2582-14-05-21\/","url":"https:\/\/cklcomunicaciones.es\/coop\/noticias-info-ckl-no-2582-14-05-21\/","name":"Noticias Info CKL n\u00ba 2582-13\/05\/21-Comunicar con perspectiva de g\u00e9nero","isPartOf":{"@id":"https:\/\/cklcomunicaciones.es\/coop\/#website"},"primaryImageOfPage":{"@id":"https:\/\/cklcomunicaciones.es\/coop\/noticias-info-ckl-no-2582-14-05-21\/#primaryimage"},"image":{"@id":"https:\/\/cklcomunicaciones.es\/coop\/noticias-info-ckl-no-2582-14-05-21\/#primaryimage"},"thumbnailUrl":"https:\/\/cklcomunicaciones.es\/coop\/wp-content\/uploads\/2025\/01\/CKL-una-mirada-distinta-de-la-comunicacion.jpg","datePublished":"2021-05-14T12:41:18+00:00","dateModified":"2025-02-10T17:14:21+00:00","author":{"@id":"https:\/\/cklcomunicaciones.es\/coop\/#\/schema\/person\/929a6837f7626450bbb50cee1aef266e"},"description":"Igualdad prev\u00e9 que la ley del s\u00f3lo s\u00ed es s\u00ed llegue al Congreso en un mes * Las mujeres son mejores gestoras de la econom\u00eda dom\u00e9stica * BAFFEST el festival que visibiliza a mujeres * Carmen de Burgos la trotamundos insumisa","breadcrumb":{"@id":"https:\/\/cklcomunicaciones.es\/coop\/noticias-info-ckl-no-2582-14-05-21\/#breadcrumb"},"inLanguage":"es","potentialAction":[{"@type":"ReadAction","target":["https:\/\/cklcomunicaciones.es\/coop\/noticias-info-ckl-no-2582-14-05-21\/"]}]},{"@type":"ImageObject","inLanguage":"es","@id":"https:\/\/cklcomunicaciones.es\/coop\/noticias-info-ckl-no-2582-14-05-21\/#primaryimage","url":"https:\/\/cklcomunicaciones.es\/coop\/wp-content\/uploads\/2025\/01\/CKL-una-mirada-distinta-de-la-comunicacion.jpg","contentUrl":"https:\/\/cklcomunicaciones.es\/coop\/wp-content\/uploads\/2025\/01\/CKL-una-mirada-distinta-de-la-comunicacion.jpg","width":1482,"height":775,"caption":"CKL - una mirada distinta de la comunicacion"},{"@type":"BreadcrumbList","@id":"https:\/\/cklcomunicaciones.es\/coop\/noticias-info-ckl-no-2582-14-05-21\/#breadcrumb","itemListElement":[{"@type":"ListItem","position":1,"name":"Portada","item":"https:\/\/cklcomunicaciones.es\/coop\/"},{"@type":"ListItem","position":2,"name":"Noticias Info CKL n\u00ba 2582-14\/05\/21"}]},{"@type":"WebSite","@id":"https:\/\/cklcomunicaciones.es\/coop\/#website","url":"https:\/\/cklcomunicaciones.es\/coop\/","name":"CKL Comunicaciones","description":"Sitio web de CKL Comunicaciones coop , la consultora de comunicaci\u00f3n y estrategia","potentialAction":[{"@type":"SearchAction","target":{"@type":"EntryPoint","urlTemplate":"https:\/\/cklcomunicaciones.es\/coop\/?s={search_term_string}"},"query-input":{"@type":"PropertyValueSpecification","valueRequired":true,"valueName":"search_term_string"}}],"inLanguage":"es"},{"@type":"Person","@id":"https:\/\/cklcomunicaciones.es\/coop\/#\/schema\/person\/929a6837f7626450bbb50cee1aef266e","name":"ckl","image":{"@type":"ImageObject","inLanguage":"es","@id":"https:\/\/secure.gravatar.com\/avatar\/c82db564e8a669bf6023357a157b9dc4780f4d4c618f2ad1d71a6a5dede45057?s=96&d=mm&r=g","url":"https:\/\/secure.gravatar.com\/avatar\/c82db564e8a669bf6023357a157b9dc4780f4d4c618f2ad1d71a6a5dede45057?s=96&d=mm&r=g","contentUrl":"https:\/\/secure.gravatar.com\/avatar\/c82db564e8a669bf6023357a157b9dc4780f4d4c618f2ad1d71a6a5dede45057?s=96&d=mm&r=g","caption":"ckl"},"url":"https:\/\/cklcomunicaciones.es\/coop\/author\/cklcomunicaciones\/"}]}},"_links":{"self":[{"href":"https:\/\/cklcomunicaciones.es\/coop\/wp-json\/wp\/v2\/posts\/15418","targetHints":{"allow":["GET"]}}],"collection":[{"href":"https:\/\/cklcomunicaciones.es\/coop\/wp-json\/wp\/v2\/posts"}],"about":[{"href":"https:\/\/cklcomunicaciones.es\/coop\/wp-json\/wp\/v2\/types\/post"}],"author":[{"embeddable":true,"href":"https:\/\/cklcomunicaciones.es\/coop\/wp-json\/wp\/v2\/users\/3"}],"replies":[{"embeddable":true,"href":"https:\/\/cklcomunicaciones.es\/coop\/wp-json\/wp\/v2\/comments?post=15418"}],"version-history":[{"count":0,"href":"https:\/\/cklcomunicaciones.es\/coop\/wp-json\/wp\/v2\/posts\/15418\/revisions"}],"wp:featuredmedia":[{"embeddable":true,"href":"https:\/\/cklcomunicaciones.es\/coop\/wp-json\/wp\/v2\/media\/22909"}],"wp:attachment":[{"href":"https:\/\/cklcomunicaciones.es\/coop\/wp-json\/wp\/v2\/media?parent=15418"}],"wp:term":[{"taxonomy":"category","embeddable":true,"href":"https:\/\/cklcomunicaciones.es\/coop\/wp-json\/wp\/v2\/categories?post=15418"},{"taxonomy":"post_tag","embeddable":true,"href":"https:\/\/cklcomunicaciones.es\/coop\/wp-json\/wp\/v2\/tags?post=15418"}],"curies":[{"name":"wp","href":"https:\/\/api.w.org\/{rel}","templated":true}]}}