{"id":15407,"date":"2021-05-07T13:55:59","date_gmt":"2021-05-07T11:55:59","guid":{"rendered":"https:\/\/www.cklcomunicaciones.es\/?p=15407"},"modified":"2025-02-10T18:30:12","modified_gmt":"2025-02-10T17:30:12","slug":"noticias-info-ckl-no-2579-07-05-21","status":"publish","type":"post","link":"https:\/\/cklcomunicaciones.es\/coop\/noticias-info-ckl-no-2579-07-05-21\/","title":{"rendered":"Noticias Info CKL n\u00ba 2579-07\/05\/21"},"content":{"rendered":"<div class=\"fusion-fullwidth fullwidth-box fusion-builder-row-1 fusion-flex-container nonhundred-percent-fullwidth non-hundred-percent-height-scrolling\" style=\"--awb-border-radius-top-left:0px;--awb-border-radius-top-right:0px;--awb-border-radius-bottom-right:0px;--awb-border-radius-bottom-left:0px;--awb-flex-wrap:wrap;\" ><div class=\"fusion-builder-row fusion-row fusion-flex-align-items-flex-start fusion-flex-content-wrap\" style=\"max-width:1248px;margin-left: calc(-4% \/ 2 );margin-right: calc(-4% \/ 2 );\"><div class=\"fusion-layout-column fusion_builder_column fusion-builder-column-0 fusion_builder_column_1_1 1_1 fusion-flex-column\" style=\"--awb-bg-blend:overlay;--awb-bg-size:cover;--awb-width-large:100%;--awb-margin-top-large:0px;--awb-spacing-right-large:1.92%;--awb-margin-bottom-large:0px;--awb-spacing-left-large:1.92%;--awb-width-medium:100%;--awb-spacing-right-medium:1.92%;--awb-spacing-left-medium:1.92%;--awb-width-small:100%;--awb-spacing-right-small:1.92%;--awb-spacing-left-small:1.92%;\"><div class=\"fusion-column-wrapper fusion-flex-justify-content-flex-start fusion-content-layout-column\"><div class=\"fusion-text fusion-text-1\"><div id=\"\" class=\"lsow-panel lsow-active\">\n<h1 class=\"lsow-panel-title\">Convocatorias<\/h1>\n<div class=\"lsow-panel-content\">\n<ul>\n<li><u><a href=\"https:\/\/perifericas.es\/products\/curso-online-diversidad-de-genero-y-sexualidades-en-la-infancia-estrategias-para-la-inclusion-y-el-acompanamiento\">Curso &#8216;Diversidad de g\u00e9nero y sexualidades en la infancia. Estrategias para la inclusi\u00f3n y el acompa\u00f1amiento&#8217;<\/a><\/u>. Perif\u00e9ricas, Escuela de feminismos alternativos. Abierto el plazo de inscripci\u00f3n<\/li>\n<li><u><a href=\"https:\/\/cadigenia.com\/cadigenia-online\/\">Cursos: &#8216;Star Words: el lenguaje inclusivo no es ciencia-ficci\u00f3n&#8217;; &#8216;Coeducar en casa&#8217;; &#8216;La m\u00e1quina del tiempo: historia e historias de mujeres&#8217;; &#8216;Expediente XX XY: igualdad de g\u00e9nero&#8217;<\/a><\/u>. Cadigenia. Abierto el plazo de inscripci\u00f3n<\/li>\n<li><u><a href=\"https:\/\/andalesgai.com\/\">17 AndaLesGai: 17\u00ba Festival Internacional del Cine LGBTI de Andaluc\u00eda<\/a>.<\/u>Del 7 al 15 de mayo<\/li>\n<\/ul>\n<\/div>\n<\/div>\n<div id=\"\" class=\"lsow-panel lsow-active\">\n<h1 class=\"lsow-panel-title\">Comunicaci\u00f3n, Publicidad y TICs<\/h1>\n<div class=\"lsow-panel-content\">\n<p><u><a href=\"https:\/\/www.telecinco.es\/yaesmediodia\/sonsoles-clarisimo-ortografia-deberian-motivos_18_3133995283.html\">Sonsoles \u00d3nega lo tiene clar\u00edsimo: \u201cLas tildes y faltas de ortograf\u00eda deber\u00edan ser motivo de despido laboral\u201d<\/a><\/u>-telecinco<\/p>\n<p><u><a href=\"https:\/\/www.google.com\/url?rct=j&amp;sa=t&amp;url=https:\/\/www.telam.com.ar\/notas\/202105\/553266-ministerio-de-trabajo-bonaerense-spot-para-derribar-estereotipos-de-genero.html&amp;ct=ga&amp;cd=CAEYHioUMTAwODI2MzI4ODc1MzIxODAwODEyGWMwMzcyZWJjMmZlYWRhNTk6ZXM6ZXM6RVM&amp;usg=AFQjCNHB9GlEHhEXzMls4P2OH8K3Hye4pQ\">Lanzaron un spot para derribar estereotipos de g\u00e9nero en el mundo laboral<\/a>&#8211;<\/u>\u00a0Telam<\/p>\n<p><u><a href=\"https:\/\/www.elmundo.es\/internacional\/2021\/05\/07\/60950b2c21efa01b468b4615.html\">Francia veta el lenguaje inclusivo en la educaci\u00f3n nacional<\/a><\/u>\u00a0-elmundo<a href=\"https:\/\/www.google.com\/url?rct=j&amp;sa=t&amp;url=https:\/\/www.lavozdigital.es\/cadiz\/provincia\/lvdi-andalucia-comienza-emitir-videos-ganadores-premios-audiovisual-escuela-202105061418_noticia.html&amp;ct=ga&amp;cd=CAEYAioTOTIzNTg4MTQwMzM3ODIzMzMxMDIZNTlkNzgxNzEzNmEyZDAyODplczplczpFUw&amp;usg=AFQjCNG8Tqn8TBpj4flQIODNLjROectIew\"><br \/>\nAndaluc\u00eda TV comienza a emitir los v\u00eddeos ganadores de los VI Premios &#8216;El Audiovisual en la escuela\u201d &#8230;<\/a>&#8211;\u00a0La Voz Digital<\/p>\n<\/div>\n<\/div>\n<div id=\"\" class=\"lsow-panel lsow-active\">\n<h1 class=\"lsow-panel-title\">Andaluc\u00eda<\/h1>\n<div class=\"lsow-panel-content\">\n<p><strong>Econom\u00eda y Empresas<\/strong><\/p>\n<p><u><a href=\"https:\/\/cadenaser.com\/emisora\/2021\/05\/07\/radio_sevilla\/1620370209_201824.html\">La econom\u00eda de los cuidados, a debate en Hoy por Hoy Sevilla<\/a><\/u>-cadenaser<\/p>\n<p><u><a href=\"http:\/\/www.juntadeandalucia.es\/presidencia\/portavoz\/160503\/ayudas\/economiasocial\/ConsejeriadeEmpleo\/difusion\/promocion\/emprendimiento\">Empleo convoca nuevas ayudas para la econom\u00eda social con 1,8 millones<\/a><\/u>\u00a0&#8211;\u00a0Oficina del Portavoz<\/p>\n<p><u><a href=\"https:\/\/www.europapress.es\/epsocial\/responsables\/noticia-mas-60-ecohackers-buscaran-nesi-global-forum-2021-malaga-nuevas-formulas-reconstruir-economia-20210507113934.html\">M\u00e1s de 60 EcoHackers buscar\u00e1n en NESI Global Forum 2021 en M\u00e1laga nuevas f\u00f3rmulas para reconstruir la econom\u00eda<\/a>&#8211;<\/u><a href=\"http:\/\/europapress.es\/\">europapress.es<\/a><a href=\"https:\/\/www.google.com\/url?rct=j&amp;sa=t&amp;url=https:\/\/www.20minutos.es\/noticia\/4687687\/0\/la-junta-financia-proyectos-de-cooperacion-al-desarrollo-de-la-universidad-de-malaga-con-un-millon-de-euros\/&amp;ct=ga&amp;cd=CAEYACoTOTIzNTg4MTQwMzM3ODIzMzMxMDIZNTlkNzgxNzEzNmEyZDAyODplczplczpFUw&amp;usg=AFQjCNHWmAoom8YwsUT0ndMlYxBFCvzzdw\"><br \/>\nLa Junta financia proyectos de\u00a0cooperaci\u00f3n\u00a0al desarrollo de la Universidad de M\u00e1laga con un &#8230;<\/a>&#8211;\u00a020minutos<\/p>\n<p><u><a href=\"http:\/\/www.gentedigital.es\/jaen\/noticia\/3129711\/castilla-ugt-a-admite-preocupacion-por-el-fin-del-estado-de-alarma-e-insiste-en-que-estaran-pendientes-de-los-erte\/\">Castilla (UGT-A) admite \u00abpreocupaci\u00f3n\u00bb por el fin del estado de alarma e insiste en que estar\u00e1n \u00abpendientes\u00bb de los ERTE<\/a>&#8211;<\/u><u>gentedigital<\/u><strong>\u00a0<\/strong><\/p>\n<p><strong>Actualidad<\/strong><\/p>\n<p><a href=\"http:\/\/www.juntadeandalucia.es\/presidencia\/portavoz\/160546\/RocioRuiz\/ConsejeriadeIgualdad\/medidasextraordinarias\/dependencia\/pandemia\">Igualdad destina 71,7 millones a medidas extraordinarias para la dependencia en la pandemia<\/a>&#8211; Oficina del Portavoz<\/p>\n<p><u><a href=\"https:\/\/www.google.com\/url?rct=j&amp;sa=t&amp;url=https:\/\/sevilla.abc.es\/andalucia\/cordoba\/sevi-adoratrices-cordoba-distinguidas-premios-familias-andaluzas-junta-202105051729_noticia.html&amp;ct=ga&amp;cd=CAEYAioUMTIwNDY2NjMzOTA5MDg5MjI0MTMyGWVhOTI1ODA0ZDY3ZjI3YjM6ZXM6ZXM6RVM&amp;usg=AFQjCNFkVUJciEykrBa6Cw-rGiSY00qKnQ\">Las Adoratrices de C\u00f3rdoba, distinguidas en los premios &#8216;Familias\u00a0Andaluzas&#8217; de la Junta<\/a><\/u>&#8211;\u00a0<a href=\"http:\/\/abcdesevilla.es\/\">abcdesevilla.es<\/a><\/p>\n<p><a href=\"https:\/\/www.google.com\/url?rct=j&amp;sa=t&amp;url=https:\/\/www.europapress.es\/andalucia\/federacion-andaluza-municipios-provincias-01122\/noticia-famp-reune-grupos-discusion-proyecto-europeo-internisa-contra-brecha-digital-laboral-femenina-20210506151027.html&amp;ct=ga&amp;cd=CAEYAioUMTI2NzMxMDI0NzUyNzMzNzM4MDkyGzlhYjFjZGQ3ZTM2NmVmMzg6ZXM6ZXM6RVM6Ug&amp;usg=AFQjCNGlAjiosPQ1FCG7KWMs6IsqVVeO6w\">La FAMP re\u00fane a grupos de discusi\u00f3n del proyecto europeo Internisa contra la brecha digital &#8230;<\/a>\u00a0-Europa Press<\/p>\n<p><u><a href=\"https:\/\/www.google.com\/url?rct=j&amp;sa=t&amp;url=https:\/\/www.europapress.es\/andalucia\/cadiz-al-dia-01055\/noticia-diputacion-cadiz-financia-curso-atencion-domiciliaria-mujeres-vulnerables-20210506162319.html&amp;ct=ga&amp;cd=CAEYASoUMTAwODI2MzI4ODc1MzIxODAwODEyGWMwMzcyZWJjMmZlYWRhNTk6ZXM6ZXM6RVM&amp;usg=AFQjCNErNCCoBZ7EN8UCaJHWsQY68Np5vg\">La Diputaci\u00f3n financia un curso de atenci\u00f3n domiciliaria para\u00a0mujeres\u00a0vulnerables<\/a><\/u>&#8211;\u00a0Europa Press<\/p>\n<p><strong>Violencias<\/strong><\/p>\n<p><u><a href=\"https:\/\/huelvacosta.com\/diputacion-de-huelva-edita-una-guia-para-identificar-las-distintas-violencias-sexuales-en-adolescentes\/\">Diputaci\u00f3n de Huelva edita la gu\u00eda \u201cNuestros cuerpos, vuestros l\u00edmites\u201d para identificar las sexuales en adolescentes\u2026<\/a><\/u><strong>&#8211;<\/strong>Huelva Costa<a href=\"https:\/\/www.google.com\/url?rct=j&amp;sa=t&amp;url=https:\/\/www.europapress.es\/andalucia\/malaga-00356\/noticia-ruiz-lamenta-agresion-joven-exnovio-malaga-llama-confiar-recursos-contra-violencia-genero-20210507115326.html&amp;ct=ga&amp;cd=CAEYAyoTNjU5OTMwMTIyNTU4MzI1NDg5OTIZYzAzNzJlYmMyZmVhZGE1OTplczplczpFUw&amp;usg=AFQjCNFC7eETI30vC5BKwVYQfAFcAnl5gw\"><br \/>\nRuiz lamenta agresi\u00f3n a una joven por su exnovio en M\u00e1laga y llama a \u00abconfiar\u00bb en recursos &#8230;<\/a>&#8211;\u00a0Europa Press<strong>\u00a0<\/strong><\/p>\n<p><strong>Ciencia y Cultura<\/strong><\/p>\n<p><u><a href=\"https:\/\/sevilla.abc.es\/cultura\/sevi-nueva-ley-andaluza-flamenco-arte-jondo-entra-escuelas-202105061850_noticia.html\">Nueva Ley Andaluza del Flamenco: El arte jondo entra en las escuelas<\/a><\/u>-abc<\/p>\n<p><u><a href=\"https:\/\/www.google.com\/url?rct=j&amp;sa=t&amp;url=https:\/\/www.aulamagna.com.es\/la-uma-y-la-consejeria-de-igualdad-suman-esfuerzos-por-la-cooperacion-internacional\/&amp;ct=ga&amp;cd=CAEYACoUMTYyODIwNjY3MzM1NDM1OTUxMjQyGTU5ZDc4MTcxMzZhMmQwMjg6ZXM6ZXM6RVM&amp;usg=AFQjCNFAF5eODnsONiZIBdT3sb6DhvweNA\">La UMA y la Consejer\u00eda de Igualdad suman esfuerzos por la\u00a0cooperaci\u00f3n\u00a0internacional<\/a>&#8211;<\/u>\u00a0Aula Magna<\/p>\n<p><u><a href=\"http:\/\/www.juntadeandalucia.es\/presidencia\/portavoz\/160560\/transformacioneconomicaindustriaconocimientoyuniversidades\/rankingdeshanghai\/universidaddecadiz\/universidaddegranada\/universidaddesevilla\/agenciaandaluzadelconocimiento\/informe\">Andaluc\u00eda sit\u00faa a 7 de sus universidades entre las instituciones destacadas del ranking de Shangh\u00e1i<\/a><\/u>&#8211; Oficina del Portavoz<\/p>\n<p><u><a href=\"https:\/\/www.google.com\/url?rct=j&amp;sa=t&amp;url=https:\/\/www.diariodealmeria.es\/almeria\/Igualdad-mujeres-iconicas-visibilizar-aportaciones_0_1571543894.html&amp;ct=ga&amp;cd=CAEYACoUMTI2NzMxMDI0NzUyNzMzNzM4MDkyGzlhYjFjZGQ3ZTM2NmVmMzg6ZXM6ZXM6RVM6Ug&amp;usg=AFQjCNG30LFjUmAW9_Mpq0Y28XZ62jwlUQ\">Igualdad expone un mural con 14\u00a0mujeres\u00a0ic\u00f3nicas para visibilizar sus grandes aportaciones<\/a>&#8211;<\/u>\u00a0Diario de Almer\u00eda<\/p>\n<p><u><a href=\"https:\/\/www.eldiario.es\/cultura\/leila-slimani-forma-u-mujer-colonizada_1_7908514.html\">Leila Slimani: \u00abDe una forma u otra, la mujer siempre es colonizada\u00bb<\/a><\/u>&#8211;<a href=\"http:\/\/eldiario.es\/\">eldiario.es<\/a><\/p>\n<p><u><a href=\"https:\/\/www.msn.com\/es-es\/news\/espana\/la-econom-c3-ada-de-los-datos-y-la-tecnolog-c3-ada-del-futuro-protagonizan-la-nueva-edici-c3-b3n-de-23di-c3-a1logosunia\/ar-BB1gqt6x?ocid=BingNewsSearch\">La econom\u00eda de los datos y la tecnolog\u00eda del futuro protagonizan la nueva edici\u00f3n de #Di\u00e1logosUNIA<\/a><\/u>-msn<\/p>\n<p><strong>Deporte<\/strong><u><a href=\"https:\/\/www.google.com\/url?rct=j&amp;sa=t&amp;url=https:\/\/www.diariojaen.es\/provincia\/el-centro-carmen-de-burgos-acogera-en-mayo-un-taller-online-de-diversidad-en-el-deporte-CH7810884&amp;ct=ga&amp;cd=CAEYASoUMTI2NzMxMDI0NzUyNzMzNzM4MDkyGzlhYjFjZGQ3ZTM2NmVmMzg6ZXM6ZXM6RVM6Ug&amp;usg=AFQjCNHx2rHTaiv_VCTXELzWDaQxkaNYXQ\"><br \/>\nEl Centro Carmen de Burgos acoger\u00e1 en mayo un taller online de diversidad en el deporte<\/a><\/u>&#8211;\u00a0Diario Ja\u00e9n<\/p>\n<\/div>\n<\/div>\n<div id=\"\" class=\"lsow-panel lsow-active\">\n<h1 class=\"lsow-panel-title\">Estado<\/h1>\n<div class=\"lsow-panel-content\">\n<p><strong>Institucional-CCAA\u00a0\u00a0<\/strong><\/p>\n<p><u><a href=\"https:\/\/www.google.com\/url?rct=j&amp;sa=t&amp;url=https:\/\/www.20minutos.es\/noticia\/4686530\/0\/la-junta-destina-1-5-millones-de-euros-en-2020-en-ayudas-a-mujeres-victimas-de-violencia-de-genero\/&amp;ct=ga&amp;cd=CAEYAioUMTYzMTI1ODY5NDU0OTE1NTc0MDQyGWMwMzcyZWJjMmZlYWRhNTk6ZXM6ZXM6RVM&amp;usg=AFQjCNHPoPu8w--LiIYYC_fpO7bSVFPWVA\">Extremadura destina 1,5 millones de euros en 2020 en ayudas a\u00a0mujeres\u00a0v\u00edctimas de violencia de &#8230;<\/a><\/u>&#8211;\u00a020minutos<\/p>\n<p><a href=\"https:\/\/www.google.com\/url?rct=j&amp;sa=t&amp;url=https:\/\/www.lanzadigital.com\/castilla-la-mancha\/maria-jose-romero-catedratica-de-derecho-del-trabajo-delegada-del-rector-para-politicas-de-igualdad-de-la-uclm\/&amp;ct=ga&amp;cd=CAEYCioUMTYzMTI1ODY5NDU0OTE1NTc0MDQyGWMwMzcyZWJjMmZlYWRhNTk6ZXM6ZXM6RVM&amp;usg=AFQjCNGTVHripUwUsH08lUf87jyCpCSbCQ\">Mar\u00eda Jos\u00e9 Romero, catedr\u00e1tica de Derecho del Trabajo, delegada del rector para pol\u00edticas de Igualdad &#8230;<\/a>&#8211;\u00a0Lanza Digital<\/p>\n<p><u><a href=\"https:\/\/www.google.com\/url?rct=j&amp;sa=t&amp;url=https:\/\/www.elperiodicodearagon.com\/aragon\/2021\/05\/07\/ewoman-visibiliza-exito-profesional-mujeres-51422921.html&amp;ct=ga&amp;cd=CAEYACoUMTgwNDUzNzk4MzUzOTgzNzM2NTIyGWMwMzcyZWJjMmZlYWRhNTk6ZXM6ZXM6RVM&amp;usg=AFQjCNERdOLakPr_uHR93_qyczWngOqIBg\">eWoman visibiliza el \u00e9xito profesional de las\u00a0mujeres<\/a><\/u>&#8211;\u00a0El Peri\u00f3dico de Arag\u00f3n<\/p>\n<p><u><a href=\"https:\/\/www.google.com\/url?rct=j&amp;sa=t&amp;url=https:\/\/www.newtral.es\/leyes-igualdad-genero-madrid-comunidades-autonomas\/20210507\/&amp;ct=ga&amp;cd=CAEYACoTNTQ3MDMyMzE3NzI3NTk0NjM1OTIZYzAzNzJlYmMyZmVhZGE1OTplczplczpFUw&amp;usg=AFQjCNFDN7okTgXE1qhA6SfVoyUGW_YlKg\">Ni Madrid ni La Rioja tienen una ley de igualdad de g\u00e9nero: un an\u00e1lisis por comunidades &#8230;<\/a><\/u>&#8211;\u00a0Newtral<\/p>\n<p><u><a href=\"https:\/\/www.google.com\/url?rct=j&amp;sa=t&amp;url=https:\/\/www.noticiasdegipuzkoa.eus\/actualidad\/sociedad\/2021\/05\/07\/chile-adaptara-programa-gizonduz-emakunde\/1109339.html&amp;ct=ga&amp;cd=CAEYASoTNTQ3MDMyMzE3NzI3NTk0NjM1OTIZYzAzNzJlYmMyZmVhZGE1OTplczplczpFUw&amp;usg=AFQjCNE75d4bd68AdkthUFp1ZjepoXuhcg\">Chile adaptar\u00e1 el programa &#8216;Gizonduz&#8217; de Emakunde<\/a><\/u>&#8211;\u00a0Noticias de Gipuzkoa<a href=\"https:\/\/www.google.com\/url?rct=j&amp;sa=t&amp;url=https:\/\/www.navarra.es\/es\/noticias\/2021\/05\/07\/el-instituto-navarro-para-la-igualdad-y-medicos-del-mundo-renuevan-su-convenio-contra-la-mutilacion-genital-femenina%3FpageBackId%3D363045&amp;ct=ga&amp;cd=CAEYACoUMTQ4MzAxMDEyNjk2ODg2Mjk4MjEyGWMwMzcyZWJjMmZlYWRhNTk6ZXM6ZXM6RVM&amp;usg=AFQjCNH1hByHnb4ehzNXWujnD049mfnDPQ\"><br \/>\nEl\u00a0Instituto\u00a0Navarro para la Igualdad y M\u00e9dicos del Mundo renuevan su convenio contra la &#8230;<\/a>&#8211;\u00a0Gobierno &#8211;\u00a0navarra.es<\/p>\n<p><u><a href=\"https:\/\/www.20minutos.es\/noticia\/4688769\/0\/departamento-de-trabajo-y-empleo-destinara-este-ano-100-000-euros-para-promover-el-emprendimiento-de-las-mujeres\/\">Departamento de Trabajo y Empleo destinar\u00e1 este a\u00f1o 100.000 euros para promover el emprendimiento de las mujeres<\/a><\/u>-20minutos.es<strong>\u00a0<\/strong><\/p>\n<p><strong>Econom\u00eda y Empresas<\/strong><\/p>\n<p><u><a href=\"https:\/\/www.eleconomista.es\/ecoaula\/noticias\/11199972\/05\/21\/EOI-y-Women-Leading-Tourism-se-unen-para-apoyar-la-igualdad-de-genero-en-el-sector-turistico.html\">EOI y Women Leading Tourism se unen para apoyar la igualdad de g\u00e9nero en el sector tur\u00edstico<\/a><\/u>-eleconomista.es<\/p>\n<p><u><a href=\"https:\/\/amecopress.net\/FEMUR-y-la-RED-LAC-trabajaran-para-reafirmar-y-recuperar-la-identidad-de-las-mujeres-rurales-de-Latinoamerica-El-Caribe-y-Espana\">FEMUR y la RED LAC trabajar\u00e1n para reafirmar y recuperar la identidad de las mujeres rurales de Latinoam\u00e9rica, El Caribe y Espa\u00f1a<\/a><\/u>-amecopress.net<\/p>\n<p><u><a href=\"https:\/\/www.eldiario.es\/economia\/trabajo-penalizara-contratacion-ultracorta-creara-mecanismo-efectivo-abusos-temporalidad_1_7902837.html\">Trabajo penalizar\u00e1 m\u00e1s la contrataci\u00f3n ultracorta y crear\u00e1 \u00abun mecanismo efectivo\u00bb contra los abusos en la temporalidad<\/a><\/u>-eldiario.es<a href=\"https:\/\/www.google.com\/url?rct=j&amp;sa=t&amp;url=https:\/\/www.compromisorse.com\/rse\/2021\/05\/07\/el-instituto-de-las-mujeres-reconoce-las-politicas-de-igualdad-de-3m-en-espana\/&amp;ct=ga&amp;cd=CAEYACoUMTE4MDkzNTM1NDc0NjE3NDE1NDcyGWMwMzcyZWJjMmZlYWRhNTk6ZXM6ZXM6RVM&amp;usg=AFQjCNGYCQPimQYrLTGo0va3l8lWVN5Nrg\"><br \/>\nEl\u00a0Instituto de las Mujeres\u00a0reconoce las pol\u00edticas de igualdad de 3M en Espa\u00f1a<\/a>&#8211;\u00a0CompromisoRSE<\/p>\n<p><strong>Actualidad<\/strong><\/p>\n<p><u><a href=\"https:\/\/www.google.com\/url?rct=j&amp;sa=t&amp;url=https:\/\/smoda.elpais.com\/belleza\/bienestar\/benzodiacepinas-aumento-consumo-pandemia-mujeres\/&amp;ct=ga&amp;cd=CAEYASoUMTQ5NDMzODg2Mzc0MzAwNTAwNTAyGWMwMzcyZWJjMmZlYWRhNTk6ZXM6ZXM6RVM&amp;usg=AFQjCNF8PyyFeq7hPwxXGntevXp32YEQrg\">El problema de los tranquilizantes: por qu\u00e9 las\u00a0mujeres\u00a0consumen m\u00e1s que los hombres en &#8230;<\/a><\/u>&#8211; El Pa\u00eds<\/p>\n<p><u><a href=\"https:\/\/www.europapress.es\/epsocial\/infancia\/noticia-mujeres-juristas-piden-acotar-exencion-responsabilidad-caso-relaciones-sexuales-menores-16-anos-20210507111919.html\">Mujeres Juristas piden \u00abacotar\u00bb la exenci\u00f3n de responsabilidad en caso de relaciones sexuales con menores de 16 a\u00f1os<\/a><\/u>-europapress<\/p>\n<p><u><a href=\"https:\/\/cadenaser.com\/ser\/2021\/05\/07\/ciencia\/1620379579_333509.html\">La salud de las mujeres y la de los hombres son distintas, pero se tratan igual<\/a><\/u>-cadenaser<\/p>\n<p><u><a href=\"https:\/\/www.elperiodicodearagon.com\/femenino-plural\/2021\/05\/06\/ana-maria-soto-primera-mujer-51426054.html\">Ana Mar\u00eda de Soto, la primera mujer en hacerse pasar por hombre para enrolarse en la Armada<\/a>&#8211;<\/u>ElPeriodicodeAragon<strong>\u00a0<\/strong><\/p>\n<p><strong>Violencias<\/strong><\/p>\n<p><u><a href=\"https:\/\/www.google.com\/url?rct=j&amp;sa=t&amp;url=https:\/\/www.eldia.es\/opinion\/2021\/05\/07\/reflexiones-ciberacoso-pandemia-51442704.html&amp;ct=ga&amp;cd=CAEYACoTMzQxMzI0ODE1NTI3NjU3Nzc0NTIZZTFlNzdkMTU2MDk4YThlMzplczplczpFUw&amp;usg=AFQjCNEpCXO5s0YpyZuiU9pr8rePYiXkRw\">Algunas reflexiones sobre el ciberacoso en pandemia<\/a><\/u>&#8211;\u00a0eldia.es<\/p>\n<p><u><a href=\"https:\/\/cadenaser.com\/emisora\/2021\/05\/07\/radio_santander\/1620378281_071105.html\">Tres detenidos por prostituir a mujeres en un club de alterne de Santander<\/a><\/u>-cadenaser<\/p>\n<p><strong>Ciencia y Cultura<\/strong><\/p>\n<p><u><a href=\"https:\/\/www.eleconomista.es\/gestion-empresarial\/noticias\/11200906\/05\/21\/Nace-Sincromed-empresa-de-la-industria-farmaceutica-liderada-por-mujeres-cientificas.html\">Nace Sincromed, empresa de la industria farmac\u00e9utica liderada por cient\u00edficas<\/a>&#8211;<\/u>eleconomista<\/p>\n<p><a href=\"https:\/\/amecopress.net\/Spotify-incorpora-EQUAL-un-espacio-en-el-que-entran-todas-las-artistas\">Spotify incorpora EQUAL, un espacio en el que entran todas las artistas |\u00a0\u00a0Ameco Press<\/a><\/p>\n<p><u><a href=\"https:\/\/www.eldiario.es\/cultura\/arte\/barcelona-fotografas-biografia-grafica-ciudad-contada-mujeres_1_7897501.html\">&#8216;Barcelona Fot\u00f3grafas&#8217;, la biograf\u00eda gr\u00e1fica de una ciudad contada por sus mujeres<\/a><\/u>&#8211;<a href=\"http:\/\/eldiario.es\/\">eldiario.es<\/a><\/p>\n<p><u><a href=\"https:\/\/www.eldiario.es\/cultura\/libros\/escribo-pensando-lectores_1_7877617.html\">Alicia Aza: \u00abNunca escribo pensando en los lectores, y eso ayuda a tener mayor capacidad expresiva\u00bb<\/a><\/u>&#8211;\u00a0eldiario.es<strong>\u00a0<\/strong><\/p>\n<p><strong>Deporte<\/strong><\/p>\n<p><u><a href=\"https:\/\/www.superdeporte.es\/polideportivo\/2021\/05\/07\/ona-carbonell-incorpora-jurado-ii\/497014.html\">Ona Carbonell se incorpora al jurado de los II Premios SuperA de Iberdrola<\/a><\/u>-superdeporte<\/p>\n<p><u><a href=\"https:\/\/elpais.com\/deportes\/2021-05-06\/el-perfumerias-avenida-abraza-la-gloria-con-la-conquista-de-su-septima-liga.html\">El Perfumer\u00edas Avenida logra su s\u00e9ptima Liga<\/a><\/u>&#8211; El Pa\u00eds<\/p>\n<\/div>\n<\/div>\n<div id=\"\" class=\"lsow-panel lsow-active\">\n<h1 class=\"lsow-panel-title\">Internacional<\/h1>\n<div class=\"lsow-panel-content\">\n<p><u><a href=\"https:\/\/www.google.com\/url?rct=j&amp;sa=t&amp;url=https:\/\/esradio.libertaddigital.com\/castilla-y-leon\/2021-05-06\/la-union-europea-trabaja-en-sus-compromisos-sociales-en-america-latina-6753091\/&amp;ct=ga&amp;cd=CAEYAioUMTA5MzU3OTY2NTg5ODQ3NjMxOTAyGTU5ZDc4MTcxMzZhMmQwMjg6ZXM6ZXM6RVM&amp;usg=AFQjCNHc_4fHIwmkx3fXJe2F1zB1-OL5aw\">La Uni\u00f3n Europea trabaja en sus compromisos sociales en Am\u00e9rica Latina<\/a><\/u>&#8211;\u00a0<a href=\"http:\/\/libertaddigital.com\/\">libertaddigital.com<\/a><\/p>\n<p><u><a href=\"https:\/\/www.infobae.com\/america\/mundo\/2021\/05\/07\/quien-es-la-mujer-que-puede-suceder-a-angela-merkel-y-convertirse-en-la-primera-canciller-verde-de-alemania\/\">Qui\u00e9n es la mujer que puede suceder a Angela Merkel y convertirse en la primera canciller verde de Alemania<\/a><\/u>-infobae<u><a href=\"https:\/\/www.google.com\/url?rct=j&amp;sa=t&amp;url=https:\/\/www.entrepreneur.com\/article\/371222&amp;ct=ga&amp;cd=CAEYCioUMTAwODI2MzI4ODc1MzIxODAwODEyGWMwMzcyZWJjMmZlYWRhNTk6ZXM6ZXM6RVM&amp;usg=AFQjCNFy5EL2l1JFB-3iwR5Tvc6bKb05MQ\"><br \/>\nLanzan 100\u00a0Mujeres\u00a0Emprendedoras, una iniciativa dedicada a promover la inclusi\u00f3n de\u00a0mujeres\u00a0&#8230;<\/a><\/u>&#8211;\u00a0Entrepreneur<\/p>\n<p><u><a href=\"https:\/\/www.google.com\/url?rct=j&amp;sa=t&amp;url=https:\/\/www.eleconomista.com.mx\/arteseideas\/Estamos-reafirmando-una-masculinidad-incapaz-de-sentir-empatia-20210505-0128.html&amp;ct=ga&amp;cd=CAEYDyoUMTYzMTI1ODY5NDU0OTE1NTc0MDQyGWMwMzcyZWJjMmZlYWRhNTk6ZXM6ZXM6RVM&amp;usg=AFQjCNGkRdAt43XsHoLEsYjq3otsm7WkGg\">\u00abEstamos reafirmando una masculinidad incapaz de sentir empat\u00eda\u00bb<\/a><\/u>&#8211;\u00a0El Economista<\/p>\n<p><u><a href=\"https:\/\/elpais.com\/ciencia\/2021-05-06\/nancy-roman-y-el-comienzo-de-nuestro-futuro-como-especie.html\">Nancy Roman y el comienzo de nuestro futuro como especie<\/a><\/u>&#8211; El Pa\u00eds<\/p>\n<p><u><a href=\"https:\/\/www.google.com\/url?rct=j&amp;sa=t&amp;url=https:\/\/www.20minutos.es\/cinemania\/noticias\/seize-printemps-adolescencia-chic-tiempo-real-4686851\/&amp;ct=ga&amp;cd=CAEYByoUMTYzMTI1ODY5NDU0OTE1NTc0MDQyGWMwMzcyZWJjMmZlYWRhNTk6ZXM6ZXM6RVM&amp;usg=AFQjCNGfS1VpiY3uaY_A7Wxom1splkXP3Q\">[Festival D&#8217;A] &#8216;Seize printemps&#8217;, o una adolescencia chic en tiempo real<\/a><\/u>&#8211;\u00a020minutos<\/p>\n<p><u><a href=\"https:\/\/www.mundodeportivo.com\/futbol\/femenino\/20210507\/493645416794\/emma-hayes-la-otra-special-one.html\">Emma Hayes, la otra \u2018Special One\u2019<\/a><\/u>-elmundodeportivo<\/p>\n<\/div>\n<\/div>\n<\/div><\/div><\/div><\/div><\/div>\n","protected":false},"excerpt":{"rendered":"<p>Sincromed empresa farmac\u00e9utica liderada por cient\u00edficas * La salud de las mujeres y la de los hombres son distintas, pero se tratan igual * Gu\u00eda Nuestros cuerpos, vuestros l\u00edmites * El Perfumer\u00edas Avenida logra su 7\u00aa Liga<\/p>\n","protected":false},"author":3,"featured_media":22909,"comment_status":"closed","ping_status":"closed","sticky":false,"template":"","format":"standard","meta":{"footnotes":""},"categories":[298,621],"tags":[96,262],"class_list":["post-15407","post","type-post","status-publish","format-standard","has-post-thumbnail","hentry","category-newsletter","category-nwl-3-0","tag-mujeres","tag-salud"],"yoast_head":"<!-- This site is optimized with the Yoast SEO plugin v27.5 - https:\/\/yoast.com\/product\/yoast-seo-wordpress\/ -->\n<title>Noticias Info CKL n\u00ba 2579-07\/05\/21-Comunicar con perspectiva de g\u00e9nero<\/title>\n<meta name=\"description\" content=\"Sincromed empresa farmac\u00e9utica liderada por cient\u00edficas * La salud de las mujeres y la de los hombres son distintas, pero se tratan igual * Gu\u00eda Nuestros cuerpos, vuestros l\u00edmites * El Perfumer\u00edas Avenida logra su 7\u00aa Liga\" \/>\n<meta name=\"robots\" content=\"index, follow, max-snippet:-1, max-image-preview:large, max-video-preview:-1\" \/>\n<link rel=\"canonical\" href=\"https:\/\/cklcomunicaciones.es\/coop\/noticias-info-ckl-no-2579-07-05-21\/\" \/>\n<meta property=\"og:locale\" content=\"es_ES\" \/>\n<meta property=\"og:type\" content=\"article\" \/>\n<meta property=\"og:title\" content=\"Noticias Info CKL n\u00ba 2579-07\/05\/21-Comunicar con perspectiva de g\u00e9nero\" \/>\n<meta property=\"og:description\" content=\"Sincromed empresa farmac\u00e9utica liderada por cient\u00edficas * La salud de las mujeres y la de los hombres son distintas, pero se tratan igual * Gu\u00eda Nuestros cuerpos, vuestros l\u00edmites * El Perfumer\u00edas Avenida logra su 7\u00aa Liga\" \/>\n<meta property=\"og:url\" content=\"https:\/\/cklcomunicaciones.es\/coop\/noticias-info-ckl-no-2579-07-05-21\/\" \/>\n<meta property=\"og:site_name\" content=\"CKL Comunicaciones\" \/>\n<meta property=\"article:published_time\" content=\"2021-05-07T11:55:59+00:00\" \/>\n<meta property=\"article:modified_time\" content=\"2025-02-10T17:30:12+00:00\" \/>\n<meta property=\"og:image\" content=\"https:\/\/cklcomunicaciones.es\/coop\/wp-content\/uploads\/2025\/01\/CKL-una-mirada-distinta-de-la-comunicacion.jpg\" \/>\n\t<meta property=\"og:image:width\" content=\"1482\" \/>\n\t<meta property=\"og:image:height\" content=\"775\" \/>\n\t<meta property=\"og:image:type\" content=\"image\/jpeg\" \/>\n<meta name=\"author\" content=\"ckl\" \/>\n<meta name=\"twitter:card\" content=\"summary_large_image\" \/>\n<meta name=\"twitter:label1\" content=\"Escrito por\" \/>\n\t<meta name=\"twitter:data1\" content=\"ckl\" \/>\n\t<meta name=\"twitter:label2\" content=\"Tiempo de lectura\" \/>\n\t<meta name=\"twitter:data2\" content=\"5 minutos\" \/>\n<script type=\"application\/ld+json\" class=\"yoast-schema-graph\">{\"@context\":\"https:\\\/\\\/schema.org\",\"@graph\":[{\"@type\":\"Article\",\"@id\":\"https:\\\/\\\/cklcomunicaciones.es\\\/coop\\\/noticias-info-ckl-no-2579-07-05-21\\\/#article\",\"isPartOf\":{\"@id\":\"https:\\\/\\\/cklcomunicaciones.es\\\/coop\\\/noticias-info-ckl-no-2579-07-05-21\\\/\"},\"author\":{\"name\":\"ckl\",\"@id\":\"https:\\\/\\\/cklcomunicaciones.es\\\/coop\\\/#\\\/schema\\\/person\\\/929a6837f7626450bbb50cee1aef266e\"},\"headline\":\"Noticias Info CKL n\u00ba 2579-07\\\/05\\\/21\",\"datePublished\":\"2021-05-07T11:55:59+00:00\",\"dateModified\":\"2025-02-10T17:30:12+00:00\",\"mainEntityOfPage\":{\"@id\":\"https:\\\/\\\/cklcomunicaciones.es\\\/coop\\\/noticias-info-ckl-no-2579-07-05-21\\\/\"},\"wordCount\":1143,\"image\":{\"@id\":\"https:\\\/\\\/cklcomunicaciones.es\\\/coop\\\/noticias-info-ckl-no-2579-07-05-21\\\/#primaryimage\"},\"thumbnailUrl\":\"https:\\\/\\\/cklcomunicaciones.es\\\/coop\\\/wp-content\\\/uploads\\\/2025\\\/01\\\/CKL-una-mirada-distinta-de-la-comunicacion.jpg\",\"keywords\":[\"mujeres\",\"salud\"],\"articleSection\":[\"Newsletter\",\"Nwl v3.0\"],\"inLanguage\":\"es\"},{\"@type\":\"WebPage\",\"@id\":\"https:\\\/\\\/cklcomunicaciones.es\\\/coop\\\/noticias-info-ckl-no-2579-07-05-21\\\/\",\"url\":\"https:\\\/\\\/cklcomunicaciones.es\\\/coop\\\/noticias-info-ckl-no-2579-07-05-21\\\/\",\"name\":\"Noticias Info CKL n\u00ba 2579-07\\\/05\\\/21-Comunicar con perspectiva de g\u00e9nero\",\"isPartOf\":{\"@id\":\"https:\\\/\\\/cklcomunicaciones.es\\\/coop\\\/#website\"},\"primaryImageOfPage\":{\"@id\":\"https:\\\/\\\/cklcomunicaciones.es\\\/coop\\\/noticias-info-ckl-no-2579-07-05-21\\\/#primaryimage\"},\"image\":{\"@id\":\"https:\\\/\\\/cklcomunicaciones.es\\\/coop\\\/noticias-info-ckl-no-2579-07-05-21\\\/#primaryimage\"},\"thumbnailUrl\":\"https:\\\/\\\/cklcomunicaciones.es\\\/coop\\\/wp-content\\\/uploads\\\/2025\\\/01\\\/CKL-una-mirada-distinta-de-la-comunicacion.jpg\",\"datePublished\":\"2021-05-07T11:55:59+00:00\",\"dateModified\":\"2025-02-10T17:30:12+00:00\",\"author\":{\"@id\":\"https:\\\/\\\/cklcomunicaciones.es\\\/coop\\\/#\\\/schema\\\/person\\\/929a6837f7626450bbb50cee1aef266e\"},\"description\":\"Sincromed empresa farmac\u00e9utica liderada por cient\u00edficas * La salud de las mujeres y la de los hombres son distintas, pero se tratan igual * Gu\u00eda Nuestros cuerpos, vuestros l\u00edmites * El Perfumer\u00edas Avenida logra su 7\u00aa Liga\",\"breadcrumb\":{\"@id\":\"https:\\\/\\\/cklcomunicaciones.es\\\/coop\\\/noticias-info-ckl-no-2579-07-05-21\\\/#breadcrumb\"},\"inLanguage\":\"es\",\"potentialAction\":[{\"@type\":\"ReadAction\",\"target\":[\"https:\\\/\\\/cklcomunicaciones.es\\\/coop\\\/noticias-info-ckl-no-2579-07-05-21\\\/\"]}]},{\"@type\":\"ImageObject\",\"inLanguage\":\"es\",\"@id\":\"https:\\\/\\\/cklcomunicaciones.es\\\/coop\\\/noticias-info-ckl-no-2579-07-05-21\\\/#primaryimage\",\"url\":\"https:\\\/\\\/cklcomunicaciones.es\\\/coop\\\/wp-content\\\/uploads\\\/2025\\\/01\\\/CKL-una-mirada-distinta-de-la-comunicacion.jpg\",\"contentUrl\":\"https:\\\/\\\/cklcomunicaciones.es\\\/coop\\\/wp-content\\\/uploads\\\/2025\\\/01\\\/CKL-una-mirada-distinta-de-la-comunicacion.jpg\",\"width\":1482,\"height\":775,\"caption\":\"CKL - una mirada distinta de la comunicacion\"},{\"@type\":\"BreadcrumbList\",\"@id\":\"https:\\\/\\\/cklcomunicaciones.es\\\/coop\\\/noticias-info-ckl-no-2579-07-05-21\\\/#breadcrumb\",\"itemListElement\":[{\"@type\":\"ListItem\",\"position\":1,\"name\":\"Portada\",\"item\":\"https:\\\/\\\/cklcomunicaciones.es\\\/coop\\\/\"},{\"@type\":\"ListItem\",\"position\":2,\"name\":\"Noticias Info CKL n\u00ba 2579-07\\\/05\\\/21\"}]},{\"@type\":\"WebSite\",\"@id\":\"https:\\\/\\\/cklcomunicaciones.es\\\/coop\\\/#website\",\"url\":\"https:\\\/\\\/cklcomunicaciones.es\\\/coop\\\/\",\"name\":\"CKL Comunicaciones\",\"description\":\"Sitio web de CKL Comunicaciones coop , la consultora de comunicaci\u00f3n y estrategia\",\"potentialAction\":[{\"@type\":\"SearchAction\",\"target\":{\"@type\":\"EntryPoint\",\"urlTemplate\":\"https:\\\/\\\/cklcomunicaciones.es\\\/coop\\\/?s={search_term_string}\"},\"query-input\":{\"@type\":\"PropertyValueSpecification\",\"valueRequired\":true,\"valueName\":\"search_term_string\"}}],\"inLanguage\":\"es\"},{\"@type\":\"Person\",\"@id\":\"https:\\\/\\\/cklcomunicaciones.es\\\/coop\\\/#\\\/schema\\\/person\\\/929a6837f7626450bbb50cee1aef266e\",\"name\":\"ckl\",\"image\":{\"@type\":\"ImageObject\",\"inLanguage\":\"es\",\"@id\":\"https:\\\/\\\/secure.gravatar.com\\\/avatar\\\/c82db564e8a669bf6023357a157b9dc4780f4d4c618f2ad1d71a6a5dede45057?s=96&d=mm&r=g\",\"url\":\"https:\\\/\\\/secure.gravatar.com\\\/avatar\\\/c82db564e8a669bf6023357a157b9dc4780f4d4c618f2ad1d71a6a5dede45057?s=96&d=mm&r=g\",\"contentUrl\":\"https:\\\/\\\/secure.gravatar.com\\\/avatar\\\/c82db564e8a669bf6023357a157b9dc4780f4d4c618f2ad1d71a6a5dede45057?s=96&d=mm&r=g\",\"caption\":\"ckl\"},\"url\":\"https:\\\/\\\/cklcomunicaciones.es\\\/coop\\\/author\\\/cklcomunicaciones\\\/\"}]}<\/script>\n<!-- \/ Yoast SEO plugin. -->","yoast_head_json":{"title":"Noticias Info CKL n\u00ba 2579-07\/05\/21-Comunicar con perspectiva de g\u00e9nero","description":"Sincromed empresa farmac\u00e9utica liderada por cient\u00edficas * La salud de las mujeres y la de los hombres son distintas, pero se tratan igual * Gu\u00eda Nuestros cuerpos, vuestros l\u00edmites * El Perfumer\u00edas Avenida logra su 7\u00aa Liga","robots":{"index":"index","follow":"follow","max-snippet":"max-snippet:-1","max-image-preview":"max-image-preview:large","max-video-preview":"max-video-preview:-1"},"canonical":"https:\/\/cklcomunicaciones.es\/coop\/noticias-info-ckl-no-2579-07-05-21\/","og_locale":"es_ES","og_type":"article","og_title":"Noticias Info CKL n\u00ba 2579-07\/05\/21-Comunicar con perspectiva de g\u00e9nero","og_description":"Sincromed empresa farmac\u00e9utica liderada por cient\u00edficas * La salud de las mujeres y la de los hombres son distintas, pero se tratan igual * Gu\u00eda Nuestros cuerpos, vuestros l\u00edmites * El Perfumer\u00edas Avenida logra su 7\u00aa Liga","og_url":"https:\/\/cklcomunicaciones.es\/coop\/noticias-info-ckl-no-2579-07-05-21\/","og_site_name":"CKL Comunicaciones","article_published_time":"2021-05-07T11:55:59+00:00","article_modified_time":"2025-02-10T17:30:12+00:00","og_image":[{"width":1482,"height":775,"url":"https:\/\/cklcomunicaciones.es\/coop\/wp-content\/uploads\/2025\/01\/CKL-una-mirada-distinta-de-la-comunicacion.jpg","type":"image\/jpeg"}],"author":"ckl","twitter_card":"summary_large_image","twitter_misc":{"Escrito por":"ckl","Tiempo de lectura":"5 minutos"},"schema":{"@context":"https:\/\/schema.org","@graph":[{"@type":"Article","@id":"https:\/\/cklcomunicaciones.es\/coop\/noticias-info-ckl-no-2579-07-05-21\/#article","isPartOf":{"@id":"https:\/\/cklcomunicaciones.es\/coop\/noticias-info-ckl-no-2579-07-05-21\/"},"author":{"name":"ckl","@id":"https:\/\/cklcomunicaciones.es\/coop\/#\/schema\/person\/929a6837f7626450bbb50cee1aef266e"},"headline":"Noticias Info CKL n\u00ba 2579-07\/05\/21","datePublished":"2021-05-07T11:55:59+00:00","dateModified":"2025-02-10T17:30:12+00:00","mainEntityOfPage":{"@id":"https:\/\/cklcomunicaciones.es\/coop\/noticias-info-ckl-no-2579-07-05-21\/"},"wordCount":1143,"image":{"@id":"https:\/\/cklcomunicaciones.es\/coop\/noticias-info-ckl-no-2579-07-05-21\/#primaryimage"},"thumbnailUrl":"https:\/\/cklcomunicaciones.es\/coop\/wp-content\/uploads\/2025\/01\/CKL-una-mirada-distinta-de-la-comunicacion.jpg","keywords":["mujeres","salud"],"articleSection":["Newsletter","Nwl v3.0"],"inLanguage":"es"},{"@type":"WebPage","@id":"https:\/\/cklcomunicaciones.es\/coop\/noticias-info-ckl-no-2579-07-05-21\/","url":"https:\/\/cklcomunicaciones.es\/coop\/noticias-info-ckl-no-2579-07-05-21\/","name":"Noticias Info CKL n\u00ba 2579-07\/05\/21-Comunicar con perspectiva de g\u00e9nero","isPartOf":{"@id":"https:\/\/cklcomunicaciones.es\/coop\/#website"},"primaryImageOfPage":{"@id":"https:\/\/cklcomunicaciones.es\/coop\/noticias-info-ckl-no-2579-07-05-21\/#primaryimage"},"image":{"@id":"https:\/\/cklcomunicaciones.es\/coop\/noticias-info-ckl-no-2579-07-05-21\/#primaryimage"},"thumbnailUrl":"https:\/\/cklcomunicaciones.es\/coop\/wp-content\/uploads\/2025\/01\/CKL-una-mirada-distinta-de-la-comunicacion.jpg","datePublished":"2021-05-07T11:55:59+00:00","dateModified":"2025-02-10T17:30:12+00:00","author":{"@id":"https:\/\/cklcomunicaciones.es\/coop\/#\/schema\/person\/929a6837f7626450bbb50cee1aef266e"},"description":"Sincromed empresa farmac\u00e9utica liderada por cient\u00edficas * La salud de las mujeres y la de los hombres son distintas, pero se tratan igual * Gu\u00eda Nuestros cuerpos, vuestros l\u00edmites * El Perfumer\u00edas Avenida logra su 7\u00aa Liga","breadcrumb":{"@id":"https:\/\/cklcomunicaciones.es\/coop\/noticias-info-ckl-no-2579-07-05-21\/#breadcrumb"},"inLanguage":"es","potentialAction":[{"@type":"ReadAction","target":["https:\/\/cklcomunicaciones.es\/coop\/noticias-info-ckl-no-2579-07-05-21\/"]}]},{"@type":"ImageObject","inLanguage":"es","@id":"https:\/\/cklcomunicaciones.es\/coop\/noticias-info-ckl-no-2579-07-05-21\/#primaryimage","url":"https:\/\/cklcomunicaciones.es\/coop\/wp-content\/uploads\/2025\/01\/CKL-una-mirada-distinta-de-la-comunicacion.jpg","contentUrl":"https:\/\/cklcomunicaciones.es\/coop\/wp-content\/uploads\/2025\/01\/CKL-una-mirada-distinta-de-la-comunicacion.jpg","width":1482,"height":775,"caption":"CKL - una mirada distinta de la comunicacion"},{"@type":"BreadcrumbList","@id":"https:\/\/cklcomunicaciones.es\/coop\/noticias-info-ckl-no-2579-07-05-21\/#breadcrumb","itemListElement":[{"@type":"ListItem","position":1,"name":"Portada","item":"https:\/\/cklcomunicaciones.es\/coop\/"},{"@type":"ListItem","position":2,"name":"Noticias Info CKL n\u00ba 2579-07\/05\/21"}]},{"@type":"WebSite","@id":"https:\/\/cklcomunicaciones.es\/coop\/#website","url":"https:\/\/cklcomunicaciones.es\/coop\/","name":"CKL Comunicaciones","description":"Sitio web de CKL Comunicaciones coop , la consultora de comunicaci\u00f3n y estrategia","potentialAction":[{"@type":"SearchAction","target":{"@type":"EntryPoint","urlTemplate":"https:\/\/cklcomunicaciones.es\/coop\/?s={search_term_string}"},"query-input":{"@type":"PropertyValueSpecification","valueRequired":true,"valueName":"search_term_string"}}],"inLanguage":"es"},{"@type":"Person","@id":"https:\/\/cklcomunicaciones.es\/coop\/#\/schema\/person\/929a6837f7626450bbb50cee1aef266e","name":"ckl","image":{"@type":"ImageObject","inLanguage":"es","@id":"https:\/\/secure.gravatar.com\/avatar\/c82db564e8a669bf6023357a157b9dc4780f4d4c618f2ad1d71a6a5dede45057?s=96&d=mm&r=g","url":"https:\/\/secure.gravatar.com\/avatar\/c82db564e8a669bf6023357a157b9dc4780f4d4c618f2ad1d71a6a5dede45057?s=96&d=mm&r=g","contentUrl":"https:\/\/secure.gravatar.com\/avatar\/c82db564e8a669bf6023357a157b9dc4780f4d4c618f2ad1d71a6a5dede45057?s=96&d=mm&r=g","caption":"ckl"},"url":"https:\/\/cklcomunicaciones.es\/coop\/author\/cklcomunicaciones\/"}]}},"_links":{"self":[{"href":"https:\/\/cklcomunicaciones.es\/coop\/wp-json\/wp\/v2\/posts\/15407","targetHints":{"allow":["GET"]}}],"collection":[{"href":"https:\/\/cklcomunicaciones.es\/coop\/wp-json\/wp\/v2\/posts"}],"about":[{"href":"https:\/\/cklcomunicaciones.es\/coop\/wp-json\/wp\/v2\/types\/post"}],"author":[{"embeddable":true,"href":"https:\/\/cklcomunicaciones.es\/coop\/wp-json\/wp\/v2\/users\/3"}],"replies":[{"embeddable":true,"href":"https:\/\/cklcomunicaciones.es\/coop\/wp-json\/wp\/v2\/comments?post=15407"}],"version-history":[{"count":0,"href":"https:\/\/cklcomunicaciones.es\/coop\/wp-json\/wp\/v2\/posts\/15407\/revisions"}],"wp:featuredmedia":[{"embeddable":true,"href":"https:\/\/cklcomunicaciones.es\/coop\/wp-json\/wp\/v2\/media\/22909"}],"wp:attachment":[{"href":"https:\/\/cklcomunicaciones.es\/coop\/wp-json\/wp\/v2\/media?parent=15407"}],"wp:term":[{"taxonomy":"category","embeddable":true,"href":"https:\/\/cklcomunicaciones.es\/coop\/wp-json\/wp\/v2\/categories?post=15407"},{"taxonomy":"post_tag","embeddable":true,"href":"https:\/\/cklcomunicaciones.es\/coop\/wp-json\/wp\/v2\/tags?post=15407"}],"curies":[{"name":"wp","href":"https:\/\/api.w.org\/{rel}","templated":true}]}}