{"id":15397,"date":"2021-04-30T12:54:28","date_gmt":"2021-04-30T10:54:28","guid":{"rendered":"https:\/\/www.cklcomunicaciones.es\/?p=15397"},"modified":"2025-02-10T18:54:07","modified_gmt":"2025-02-10T17:54:07","slug":"noticias-info-ckl-no-2576-30-04-21","status":"publish","type":"post","link":"https:\/\/cklcomunicaciones.es\/coop\/noticias-info-ckl-no-2576-30-04-21\/","title":{"rendered":"Noticias Info CKL n\u00ba 2576-30\/04\/21"},"content":{"rendered":"<div class=\"fusion-fullwidth fullwidth-box fusion-builder-row-1 fusion-flex-container nonhundred-percent-fullwidth non-hundred-percent-height-scrolling\" style=\"--awb-border-radius-top-left:0px;--awb-border-radius-top-right:0px;--awb-border-radius-bottom-right:0px;--awb-border-radius-bottom-left:0px;--awb-flex-wrap:wrap;\" ><div class=\"fusion-builder-row fusion-row fusion-flex-align-items-flex-start fusion-flex-content-wrap\" style=\"max-width:1248px;margin-left: calc(-4% \/ 2 );margin-right: calc(-4% \/ 2 );\"><div class=\"fusion-layout-column fusion_builder_column fusion-builder-column-0 fusion_builder_column_1_1 1_1 fusion-flex-column\" style=\"--awb-bg-blend:overlay;--awb-bg-size:cover;--awb-width-large:100%;--awb-margin-top-large:0px;--awb-spacing-right-large:1.92%;--awb-margin-bottom-large:0px;--awb-spacing-left-large:1.92%;--awb-width-medium:100%;--awb-spacing-right-medium:1.92%;--awb-spacing-left-medium:1.92%;--awb-width-small:100%;--awb-spacing-right-small:1.92%;--awb-spacing-left-small:1.92%;\"><div class=\"fusion-column-wrapper fusion-flex-justify-content-flex-start fusion-content-layout-column\"><div class=\"fusion-text fusion-text-1\"><h1>Convocatorias<\/h1>\n<div class=\"hfeed\">\n<article id=\"post-15397\" class=\"post-15397 post type-post status-publish format-standard hentry category-newsletter tag-acoso-laboral tag-top100\">\n<div class=\"entry-content clearfix\">\n<div id=\"pl-21776\" class=\"panel-layout\">\n<div id=\"pg-21776-1\" class=\"panel-grid panel-no-style\">\n<div id=\"pgc-21776-1-0\" class=\"panel-grid-cell\">\n<div id=\"panel-21776-1-0-0\" class=\"so-panel widget widget_lsow-accordion panel-first-child panel-last-child\" data-index=\"2\">\n<div class=\"panel-widget-style panel-widget-style-for-21776-1-0-0\">\n<div class=\"so-widget-lsow-accordion so-widget-lsow-accordion-default-d75171398898-15397\">\n<div class=\"lsow-accordion style3\" data-toggle=\"true\" data-expanded=\"true\">\n<div id=\"\" class=\"lsow-panel lsow-active\">\n<div class=\"lsow-panel-content\">\n<ul>\n<li><a href=\"https:\/\/www.juntadeandalucia.es\/iam\/index.php\/areas-tematicas-coeducacion\/2020-2021\/jornada-de-formacion-a-ampas-familias-coeducadoras-online-retransmision-en-directo\">Jornadas &#8216;Familias coeducadoras&#8217;<\/a>.\u00a0Instituto Andaluz de la Mujer. 12 o 13 de mayo retransmisi\u00f3n en directo.\u00a0<a href=\"https:\/\/www.juntadeandalucia.es\/iam\/files\/Coeducacion\/D%C3%ADptico+JORNADAS+FAMILIAS+COEDUCADORAS.pdf\">M\u00e1s informaci\u00f3n e inscripciones<\/a><\/li>\n<li><a href=\"https:\/\/www.ecija.es\/ayuntamiento\/tablon-electronico-municipal\/edicto_haciendo_publicas_las_bases_del_certamen_de_relatos_victoria_sendon_convocado_por_el_centro_municipal_de_informacion_a_la_mujer_del_excmo_ayuntamiento_de_ecija\">Certamen de Relatos &#8216;Victoria Send\u00f3n&#8217;<\/a>.\u00a0Ayuntamiento de \u00c9cija (Sevilla). Plazo hasta el 20 de mayo de 2021<\/li>\n<li><a href=\"https:\/\/www.puertoreal.es\/RIIM\/FormulariosWeb.nsf\/TallerSexualidad2021\">Talleres de &#8216;Empoderamiento sexual para mujeres&#8217;<\/a>. Ayuntamiento de Puerto Real (C\u00e1diz). 11, 13, 18 y 20 de mayo<\/li>\n<li><a href=\"https:\/\/www.lahojablanca.com\/\">Taller de creaci\u00f3n de Teatro-Foro &#8216;De la opresi\u00f3n al sue\u00f1o colectivo&#8217;<\/a>.\u00a0La Hoja Blanca. 29 y 30 de mayo.\u00a0<a href=\"https:\/\/www.lahojablanca.com\/inscripcion-teatro-foro-2021\">Inscripciones<\/a><\/li>\n<\/ul>\n<\/div>\n<\/div>\n<div id=\"\" class=\"lsow-panel lsow-active\">\n<h1 class=\"lsow-panel-title\">Comunicaci\u00f3n, Publicidad y TICs<\/h1>\n<div class=\"lsow-panel-content\">\n<p><a href=\"https:\/\/www.laprovincia.es\/sociedad\/2021\/04\/30\/herminia-fajardo-periodismo-feminismo-han-49879368.html\">Herminia Fajardo: \u201cEl periodismo y el feminismo han sido las dos batallas de mi vida\u201d<\/a>-laprovincia<a href=\"https:\/\/www.google.com\/url?rct=j&amp;sa=t&amp;url=https:\/\/www.vanguardiaveracruz.mx\/mexico-lidera-asesinatos-de-periodistas-en-el-mundo\/&amp;ct=ga&amp;cd=CAEYACoUMTY4MjYzMzM5MTI4MDk3NzIwNjAyGTU5ZDc4MTcxMzZhMmQwMjg6ZXM6ZXM6RVM&amp;usg=AFQjCNGwGoAYCs1lbLvThVYaakbX9DX2ag\"><br \/>\nM\u00e9xico lidera asesinatos de periodistas en el mundo<\/a>&#8211;\u00a0Vanguardia de Veracruz<a href=\"https:\/\/www.google.com\/url?rct=j&amp;sa=t&amp;url=https:\/\/www.abc.es\/tecnologia\/redes\/abci-callapp-herramienta-para-frenar-stalking-202104290117_noticia.html&amp;ct=ga&amp;cd=CAEYACoUMTU0OTQzMDI4NTE1Njg0ODAyNDMyGWUxZTc3ZDE1NjA5OGE4ZTM6ZXM6ZXM6RVM&amp;usg=AFQjCNFFh7-HswS526h9-q8AhULqGE-jfA\"><br \/>\nCallApp, la herramienta para frenar el &#8216;stalking&#8217;<\/a>&#8211;\u00a0Abc.es<\/p>\n<p><a href=\"https:\/\/www.google.com\/url?rct=j&amp;sa=t&amp;url=https:\/\/tecreview.tec.mx\/2021\/04\/29\/liderazgo-1\/mujeres-transformacion-digital\/&amp;ct=ga&amp;cd=CAEYBSoTMjIxNzUxMDc5MjAzMDc5Njg2MDIZYzAzNzJlYmMyZmVhZGE1OTplczplczpFUw&amp;usg=AFQjCNH65X7FXQEYVG_42tNERXHKF72nEw\">Mujeres en\u00a0la transformaci\u00f3n digital: un reto urgente de cambio<\/a>&#8211;\u00a0Tec Review<\/p>\n<\/div>\n<\/div>\n<div id=\"\" class=\"lsow-panel lsow-active\">\n<h1 class=\"lsow-panel-title\">Andaluc\u00eda<\/h1>\n<div class=\"lsow-panel-content\">\n<p><strong>Econom\u00eda y Empresas<\/strong><\/p>\n<p><a href=\"https:\/\/www.google.com\/url?rct=j&amp;sa=t&amp;url=https:\/\/www.diariodecadiz.es\/noticias-provincia-cadiz\/trabajadores-jornada-reducida-cuidado-familia-mujeres-hombres_0_1569443892.html&amp;ct=ga&amp;cd=CAEYACoUMTA5MjM1ODY3MjgzNjIwNjcyNDUyGzlhYjFjZGQ3ZTM2NmVmMzg6ZXM6ZXM6RVM6Ug&amp;usg=AFQjCNG4ehg2nsxZKRQcwRsAbf3jiOQrQw\">El 27% de trabajadores con jornada reducida por cuidado de la familia son\u00a0mujeres, frente al 7 &#8230;<\/a>&#8211;\u00a0Diario de C\u00e1diz<\/p>\n<p><a href=\"https:\/\/www.diariocordoba.com\/cultura\/2021\/04\/30\/mujer-rural-totalmente-invisibilizada-49884282.html\">Mar\u00eda S\u00e1nchez, veterinaria: \u201cLa mujer rural siempre ha estado ah\u00ed, pero totalmente invisibilizada\u00bb<\/a>-diariodecordoba<\/p>\n<p><a href=\"https:\/\/tresculturas.us20.list-manage.com\/track\/click?u=88ab4487d9310b1e2169eb9ed&amp;id=b830f5ce34&amp;e=c07ac3b69f\">Ciclo de seis citas INTREPIDA sobre estrategia de marketing para emprendedoras<\/a>\u00a0\u2013<a href=\"http:\/\/tresculturas.es\/\">tresculturas.es<\/a><\/p>\n<p><a href=\"https:\/\/www.google.com\/url?rct=j&amp;sa=t&amp;url=https:\/\/www.diariodealmeria.es\/finanzasyagricultura\/Cosentino-Red-Andaluza-Entidades-Conciliadoras-IAM-Andalucia_0_1569443402.html&amp;ct=ga&amp;cd=CAEYACoUMTc4MTI5NDY4Mzk4NzI3NjgzNDMyGzlhYjFjZGQ3ZTM2NmVmMzg6ZXM6ZXM6RVM6Ug&amp;usg=AFQjCNE2qTvVeprulA6kJGW8t_Jk4uy3PQ\">Cosentino se une a la Red\u00a0Andaluza\u00a0de Entidades Conciliadoras<\/a>&#8211;\u00a0Diario de Almer\u00eda<a href=\"https:\/\/www.google.com\/url?rct=j&amp;sa=t&amp;url=https:\/\/www.agrodiario.com\/texto-diario\/mostrar\/2858514\/cambios-regimen-sancionador-impulso-empresarial-ley-sociedades-cooperativas-andalucia&amp;ct=ga&amp;cd=CAEYACoUMTI3NjEwNDI5MDU2NzUwNzI1NTEyGWQ3OGU1ODc1YTBmMWYyYWM6ZXM6ZXM6RVM&amp;usg=AFQjCNEwAis8aWfxST5wQE2FaL7lGelfbQ\"><br \/>\nLa Ley de Cooperativas de\u00a0Andaluc\u00eda\u00a0reduce a dos el n\u00famero m\u00ednimo de\u00a0socios\u00a0y cambia el &#8230;<\/a>&#8211;\u00a0Agrodiario<a href=\"https:\/\/www.google.com\/url?rct=j&amp;sa=t&amp;url=https:\/\/www.larazon.es\/andalucia\/20210429\/ox36fyn4zzbyvpo545lhaetppy.html&amp;ct=ga&amp;cd=CAEYACoUMTY0MTU2MjY2MTEzMDE2MTY3MjgyGWQ3OGU1ODc1YTBmMWYyYWM6ZXM6ZXM6RVM&amp;usg=AFQjCNFq3JMsozPlgJq0rWcjpHFK3spUBg\"><br \/>\nAndaluc\u00eda\u00a0recibe cerca de 350 millones de euros para la nueva generaci\u00f3n de pol\u00edticas activas de &#8230;<\/a>&#8211;\u00a0La Raz\u00f3n<\/p>\n<p><a href=\"http:\/\/www.juntadeandalucia.es\/presidencia\/portavoz\/160311\/Desempleo\/ParoEPA\/Empleo\/INE\/Ocupacion\">El desempleo baj\u00f3 en Andaluc\u00eda en el \u00faltimo trimestre en 19.300 personas<\/a>&#8211; Oficina del Portavoz<strong>\u00a0<\/strong><\/p>\n<p><strong>Actualidad<\/strong><a href=\"https:\/\/www.google.com\/url?rct=j&amp;sa=t&amp;url=https:\/\/huelva24.com\/art\/148700\/limon-afirma-que-la-agenda-comun-de-las-mujeres-es-esencial-para-que-arraigue-la-igualdad-y-la-sostenibilidad&amp;ct=ga&amp;cd=CAEYACoTODc4MDc3ODczODQ4NDQyNzIwMjIZNGRhZTgxNjJlOGFmM2U4ODplczplczpFUw&amp;usg=AFQjCNGEl0XY3N1H30ByeDGO6L4Zf2cwJw\"><br \/>\nLim\u00f3n, presidenta de la Diputaci\u00f3n de Huelva, afirma que la agenda com\u00fan de las mujeres es esencial \u00abpara que arraigue la igualdad y la &#8230;<\/a>&#8211;\u00a0Huelva24<a href=\"https:\/\/www.google.com\/url?rct=j&amp;sa=t&amp;url=https:\/\/www.diariocordoba.com\/cordoba\/2021\/04\/28\/talleres-cruz-roja-brecha-digital-49836592.html&amp;ct=ga&amp;cd=CAEYACoTMzgyNTMxNzcwMjczODcyOTQ2MjIZZTFlNzdkMTU2MDk4YThlMzplczplczpFUw&amp;usg=AFQjCNGB15B5aHdqU3ARUmtdCxq40tAwdw\"><br \/>\nC\u00f3rdoba reconoce la conciliaci\u00f3n-\u00a0El D\u00eda de C\u00f3rdoba<\/a><\/p>\n<p><a href=\"https:\/\/www.google.com\/url?rct=j&amp;sa=t&amp;url=https:\/\/www.diariocordoba.com\/cordoba\/2021\/04\/28\/talleres-cruz-roja-brecha-digital-49836592.html&amp;ct=ga&amp;cd=CAEYACoTMzgyNTMxNzcwMjczODcyOTQ2MjIZZTFlNzdkMTU2MDk4YThlMzplczplczpFUw&amp;usg=AFQjCNGB15B5aHdqU3ARUmtdCxq40tAwdw\">Talleres de Cruz Roja contra la brecha digital de mujeres v\u00edctimas de\u00a0violencia de g\u00e9nero<\/a>&#8211;\u00a0Diario C\u00f3rdoba<\/p>\n<p><a href=\"https:\/\/www.google.com\/url?rct=j&amp;sa=t&amp;url=https:\/\/www.diariojaen.es\/jaen\/aplauso-merecido-a-diecinueve-mujeres-y-colectivos-que-hacen-grande-el-nombre-de-jaen-YE7798122&amp;ct=ga&amp;cd=CAEYASoTMTc1MDA5MjIzMDU1MDU4ODg1NzIZYzAzNzJlYmMyZmVhZGE1OTplczplczpFUw&amp;usg=AFQjCNHOOmQc4mN-dJRr2VsLVB_A_p3VDA\">Aplauso merecido a diecinueve\u00a0mujeres\u00a0y colectivos que hacen grande el nombre de Ja\u00e9n<\/a>&#8211;\u00a0Diario Ja\u00e9n<a href=\"https:\/\/www.google.com\/url?rct=j&amp;sa=t&amp;url=https:\/\/www.europapress.es\/andalucia\/noticia-junta-asociacion-voluntarios-caixabank-instituto-estudios-financieros-forman-mas-600-jovenes-andaluces-20210429163938.html&amp;ct=ga&amp;cd=CAEYACoUMTc3OTE3MzEwODcwNzU3OTE2MDUyGWVhOTI1ODA0ZDY3ZjI3YjM6ZXM6ZXM6RVM&amp;usg=AFQjCNG9RVVdO75sGjyC9-UMUxwuXhsjnQ\"><br \/>\nJunta, Asociaci\u00f3n de Voluntarios CaixaBank e Instituto de Estudios Financieros forman a m\u00e1s de &#8230;<\/a>&#8211;\u00a0Europa Press<\/p>\n<p><a href=\"http:\/\/www.juntadeandalucia.es\/presidencia\/portavoz\/160246\/saludyfamilias\/covid19\/vacunacion\/recaptaciontelefonica\/mayoresde68anos\">Los andaluces con 68 a\u00f1os o m\u00e1s pueden pedir cita desde hoy para vacunarse contra el Covid-19<\/a>&#8211; Oficina del Portavoz<strong>\u00a0<\/strong><\/p>\n<p><strong>Violencias<\/strong><\/p>\n<p><a href=\"https:\/\/www.google.com\/url?rct=j&amp;sa=t&amp;url=https:\/\/www.malaga.es\/noticias\/com1_prt-1\/com1_md3_cd-43015\/la-diputacion-y-la-uma-abordaran-la-ciberviolencia-el-proximo-mes-de-mayo-a-traves-de-un-ciclo-de-conferencias&amp;ct=ga&amp;cd=CAEYACoTMzAxODMxNjAyNjUxMTE5OTY0MTIZZTFlNzdkMTU2MDk4YThlMzplczplczpFUw&amp;usg=AFQjCNHjptIxcEhm9r_8eFr_TRs1vXyAzg\">La Diputaci\u00f3n y la UMA abordar\u00e1n la ciberviolencia, el pr\u00f3ximo mes de mayo, a trav\u00e9s de un ciclo &#8230;<\/a>&#8211;\u00a0Diputaci\u00f3n de M\u00e1laga<a href=\"https:\/\/www.google.com\/url?rct=j&amp;sa=t&amp;url=https:\/\/www.aulamagna.com.es\/uca-congreso-violencia-genero\/&amp;ct=ga&amp;cd=CAEYACoTMzQ5MDQxNzg0NTMyODA0OTY2NjIZNTlkNzgxNzEzNmEyZDAyODplczplczpFUw&amp;usg=AFQjCNGN55e2cii-HZOBcBJNxwXLeGp8vg\"><br \/>\nLa UCA celebra un foro iberoamericano para abordar la violencia de\u00a0g\u00e9nero\u00a0en las universidades<\/a>&#8211;\u00a0Aula Magna<\/p>\n<p><a href=\"https:\/\/www.google.com\/url?rct=j&amp;sa=t&amp;url=https:\/\/www.europapress.es\/andalucia\/noticia-jurado-cree-asesinato-mujer-alzheimer-marido-iznajar-cordoba-no-fue-humanitario-20210429212022.html&amp;ct=ga&amp;cd=CAEYASoUMTE0MzkxODMyMzMxMDA5MDMxNzYyGzlhYjFjZGQ3ZTM2NmVmMzg6ZXM6ZXM6RVM6Ug&amp;usg=AFQjCNGbqFnsNoO0Wr35RfAyKtIoD3S0pQ\">El jurado cree que el asesinato de la\u00a0mujer\u00a0con Alzheimer por su marido en Izn\u00e1jar (C\u00f3rdoba) no fue humanitario &#8230;<\/a>&#8211;\u00a0Europa Press<strong>\u00a0<\/strong><\/p>\n<p><strong>Ciencia y Cultura<\/strong><\/p>\n<p><a href=\"https:\/\/www.google.com\/url?rct=j&amp;sa=t&amp;url=https:\/\/www.infosalus.com\/actualidad\/noticia-geicam-lanza-campana-animar-pacientes-participar-proyecto-cancer-mama-deseo-ser-madre-20210429105843.html&amp;ct=ga&amp;cd=CAEYASoTNzY3MTc0MjkzMzkyNDEwOTE1OTIZYzAzNzJlYmMyZmVhZGE1OTplczplczpFUw&amp;usg=AFQjCNFTJhwkhPaw09fBefcxZCyN6lofGA\">GEICAM lanza una campa\u00f1a para animar a pacientes a participar en el proyecto &#8216;C\u00e1ncer de mama &#8230;<\/a>&#8211;\u00a0<a href=\"http:\/\/infosalus.com\/\">infosalus.com<\/a><\/p>\n<p><a href=\"https:\/\/www.google.com\/url?rct=j&amp;sa=t&amp;url=https:\/\/www.europapress.es\/andalucia\/educacion-00651\/noticia-concierto-solidario-granada-recordara-victimas-pandemia-20210428121827.html&amp;ct=ga&amp;cd=CAEYASoUMTcyNzkyMDYyNTQ5MTk0NzQ0NDQyGWVhOTI1ODA0ZDY3ZjI3YjM6ZXM6ZXM6RVM&amp;usg=AFQjCNFj3zsiRh4Tspz5DWLZ9Bx4xfHHYg\">Un concierto\u00a0solidario\u00a0en Granada recordar\u00e1 a las v\u00edctimas de la pandemia<\/a>&#8211;\u00a0Europa Press<\/p>\n<p><a href=\"https:\/\/www.lavanguardia.com\/cultura\/20210430\/7418013\/entrevista-zahara-nuevo-album-puta-autobiografico.html\">Zahara: \u00abPuta es el insulto que todas las mujeres hemos recibido alguna vez\u00bb<\/a>-Lavanguardia<\/p>\n<p><a href=\"https:\/\/www.europapress.es\/andalucia\/malaga-00356\/noticia-papel-mujeres-vida-cultural-siglo-xx-centra-nuevo-ciclo-conferencias-museo-thyssen-malaga-20210428131839.html\">El papel de las mujeres en la vida cultural del siglo XX centra el nuevo ciclo de conferencias del Museo Thyssen M\u00e1laga<\/a>-europapress<strong>\u00a0<\/strong><\/p>\n<p><strong>Deporte<\/strong><\/p>\n<p><a href=\"https:\/\/www.ideal.es\/deportes\/jaen\/andalucia-bike-race-20210429220258-nt.html\">La Andaluc\u00eda Bike Race \u00abpondr\u00e1 en valor el patrimonio natural jienense\u00bb<\/a>&#8211;<a href=\"http:\/\/elideal.es\/\">elideal.es<\/a><\/p>\n<\/div>\n<\/div>\n<div id=\"\" class=\"lsow-panel lsow-active\">\n<h1 class=\"lsow-panel-title\">Estado<\/h1>\n<div class=\"lsow-panel-content\">\n<p><strong>Institucional<\/strong><a href=\"https:\/\/www.google.com\/url?rct=j&amp;sa=t&amp;url=https:\/\/www.elnortedecastilla.es\/salamanca\/senado-usal-apuestan-20210427211652-nt.html&amp;ct=ga&amp;cd=CAEYACoTNzc2MDk0NTY4ODMzMjQ1MDQ5MjIZMWZhYTM2NGQzZDExMjIxYjplczplczpFUw&amp;usg=AFQjCNFDFOH6_WQ0ZrQqWcTvvUW9ATSxcA\"><br \/>\nEl Senado y la Usal apuestan por la incorporaci\u00f3n de la dimensi\u00f3n \u00e9tica en el desarrollo de la inteligencia artificial &#8230;<\/a>&#8211;\u00a0El Norte de Castilla<\/p>\n<p><a href=\"https:\/\/www.infolibre.es\/noticias\/politica\/2021\/04\/29\/antonia_morillas_releva_beatriz_gimeno_direccion_del_instituto_las_mujeres_con_compromiso_reformar_ley_del_aborto_119859_1012.html\">Antonia Morillas releva a Beatriz Gimeno en el Instituto de las Mujeres con el compromiso de reformar la ley del aborto<\/a>-Infolibre<\/p>\n<p><a href=\"https:\/\/www.eldiario.es\/economia\/ministra-trabajo-yolanda-diaz-manifestara-sindicatos-mayo_1_7885451.html\">La ministra de Trabajo Yolanda D\u00edaz se manifestar\u00e1 con los sindicatos el Primero de Mayo<\/a>-eldiario.es<strong>\u00a0<\/strong><\/p>\n<p><strong>Institucional-CCAA\u00a0\u00a0<\/strong><a href=\"https:\/\/www.google.com\/url?rct=j&amp;sa=t&amp;url=https:\/\/www.murcia.com\/region\/noticias\/2021\/04\/28-la-comunidad-actualiza-la-guia-profesional-de-recursos-de-atencion-a-victimas-de-violencia-de-genero.asp&amp;ct=ga&amp;cd=CAEYACoUMTA2MzQ0Mjc2MTI4MTQ2NjgwNzgyGWMwMzcyZWJjMmZlYWRhNTk6ZXM6ZXM6RVM&amp;usg=AFQjCNFWYq7ulK1xE2FWJm71h_13045cjA\"><br \/>\nLa Regi\u00f3n de Murcia actualiza la Gu\u00eda profesional de recursos de Atenci\u00f3n a V\u00edctimas de Violencia de &#8230;<\/a>&#8211;\u00a0Murcia.com<a href=\"https:\/\/www.google.com\/url?rct=j&amp;sa=t&amp;url=https:\/\/www.heraldo.es\/noticias\/aragon\/zaragoza\/2021\/04\/28\/las-ayudas-a-emprendedoras-de-la-dpz-se-pueden-solicitar-hasta-el-1-de-junioara-ayudas-emprendedoras-1488115.html&amp;ct=ga&amp;cd=CAEYASoTMzgyNTMxNzcwMjczODcyOTQ2MjIZZTFlNzdkMTU2MDk4YThlMzplczplczpFUw&amp;usg=AFQjCNFtl3i6r5BNROnVqK3sK3NIcYz3Sg\"><br \/>\nLas ayudas a emprendedoras de la Diputaci\u00f3n de Zaragoza se pueden solicitar hasta el 1 de junio<\/a>&#8211;\u00a0Heraldo.es<\/p>\n<p><a href=\"https:\/\/www.google.com\/url?rct=j&amp;sa=t&amp;url=https:\/\/www.teldeactualidad.com\/noticia\/cultura\/2021\/04\/29\/8443.html&amp;ct=ga&amp;cd=CAEYBCoUMTU3Njc2MDUwNDE3MTg5MDI5MDEyGWMwMzcyZWJjMmZlYWRhNTk6ZXM6ZXM6RVM&amp;usg=AFQjCNHDt81LqU4-pNxZGzPo7t1l73YzyQ\">Kika Fumero, directora del Instituto Canario de Igualdad: \u00abCuanto m\u00e1s avanza la igualdad, m\u00e1s reaccionario es el sistema\u00bb<\/a>&#8211;\u00a0TeldeActualidad.com<\/p>\n<p><strong>Econom\u00eda y Empresas<\/strong><\/p>\n<p><a href=\"https:\/\/www.cope.es\/actualidad\/sociedad\/noticias\/las-mujeres-trabajadoras-espanolas-han-sufrido-algun-tipo-discriminacion-trabajo-segun-estudio-20210429_1263968\">El 90% de las mujeres trabajadoras espa\u00f1olas han sufrido alg\u00fan tipo de discriminaci\u00f3n en el trabajo, seg\u00fan un estudio<\/a>-cope<\/p>\n<p><a href=\"https:\/\/www.google.com\/url?rct=j&amp;sa=t&amp;url=https:\/\/www.65ymas.com\/sociedad\/talento-senior-femenino-en-top-100-mujeres-lideres-en-espana_27039_102.html&amp;ct=ga&amp;cd=CAEYBSoTNzIyNDgxOTE3MTU0MDY3NTk1OTIZYzAzNzJlYmMyZmVhZGE1OTplczplczpFUw&amp;usg=AFQjCNG8zSFKmLi9VJEXZ1Jf95KW4ss_Sw\">El talento s\u00e9nior, en el Top 100 de las\u00a0mujeres\u00a0l\u00edderes en Espa\u00f1a<\/a>&#8211;\u00a0<a href=\"http:\/\/65ymas.com\/\">65ymas.com<\/a><\/p>\n<p><a href=\"https:\/\/www.google.com\/url?rct=j&amp;sa=t&amp;url=https:\/\/prnoticias.com\/2021\/04\/30\/madre-y-ceo-6-mujeres-lideres-de-grandes-empresas-tecnologicas\/&amp;ct=ga&amp;cd=CAEYACoUMTE0NDI1MTM4OTc5NjY1Njc3MzUyGWMwMzcyZWJjMmZlYWRhNTk6ZXM6ZXM6RVM&amp;usg=AFQjCNE8P3r_OKzCfQLXcpZnxfg5u_2RMw\">Madre y CEO: 6\u00a0mujeres\u00a0l\u00edderes de grandes empresas tecnol\u00f3gicas<\/a>&#8211;\u00a0PR Noticias<\/p>\n<p><a href=\"https:\/\/www.google.com\/url?rct=j&amp;sa=t&amp;url=https:\/\/ansol.com.ar\/2021\/04\/28\/cam-integrara-un-consejo-asesor-para-fomentar-politicas-de-desarrollo-con-enfoque-de-genero\/&amp;ct=ga&amp;cd=CAEYACoTMjMyODkwNzYxNDg4NDc3NTUxNjIbOTE4ODU3Y2Q2MGY5Nzc0ODplczplczpFUzpM&amp;usg=AFQjCNHXSMNsg5BD1xK-DIHjQ-ESAwWP_w\">CAM integrar\u00e1 un Consejo Asesor para fomentar pol\u00edticas de desarrollo con enfoque de g\u00e9nero<\/a>&#8211;\u00a0Ansol<\/p>\n<p><a href=\"https:\/\/www.mujeremprendedora.net\/fademur-reforzo-asesoramiento-emprendedoras-24-ultimo-ano\/\">FADEMUR reforz\u00f3 su asesoramiento a emprendedoras un 24% en el \u00faltimo a\u00f1o<\/a>\u00a0-Mujeremprendedora.net<\/p>\n<p><strong>Actualidad<\/strong><a href=\"https:\/\/www.google.com\/url?rct=j&amp;sa=t&amp;url=https:\/\/www.elperiodicodearagon.com\/la-cronica-de-valdejalon\/2021\/04\/28\/talleres-cuentos-juegos-escape-igualdad-49831539.html&amp;ct=ga&amp;cd=CAEYACoSMjMwOTI0Mzg0NDA2MDg4OTk0MhllMmRlZmE3ZDVkYTkxNTdkOmVzOmVzOkVT&amp;usg=AFQjCNERrNZ5JsnB8Ip202mfS_aDvuvzmg\"><br \/>\nTalleres, cuentos y\u00a0juegos\u00a0de escape por la igualdad<\/a>&#8211;\u00a0El Peri\u00f3dico de Arag\u00f3n<\/p>\n<p><a href=\"https:\/\/www.mujeremprendedora.net\/mujeres-avenir-celebra-jornada-influencia-europea-novedades-sobre-reforma-laboral-igualdad\/\">Mujeres Avenir celebra la jornada \u2018La influencia europea en las novedades sobre reforma laboral e igualdad\u2019<\/a>&#8211;\u00a0Mujeremprendedora.net<\/p>\n<p><a href=\"https:\/\/elpais.com\/sociedad\/2021-04-30\/adios-al-libro-de-familia-un-siglo-despues-desde-hoy-es-sustituido-por-un-registro-individual.html\">Adi\u00f3s al libro de familia un siglo despu\u00e9s: desde hoy es sustituido por un registro individual<\/a>&#8211; El Pa\u00eds<\/p>\n<p><a href=\"https:\/\/elpais.com\/sociedad\/2021-04-29\/los-invisibles-para-el-sistema-cuando-se-vacunan-los-que-no-tienen-tarjeta-sanitaria.html\">Los invisibles para el sistema: \u00bfcu\u00e1ndo se vacunan los que no tienen tarjeta sanitaria?<\/a>&#8211; El Pa\u00eds<\/p>\n<p><a href=\"https:\/\/www.google.com\/url?rct=j&amp;sa=t&amp;url=https:\/\/www.eldiario.es\/castilla-la-mancha\/palabras-clave\/vecinas-migrantes_132_7885585.html&amp;ct=ga&amp;cd=CAEYASoUMTM4NzA4NjUyNjI1NjA0NDIyNjIyGWMwMzcyZWJjMmZlYWRhNTk6ZXM6ZXM6RVM&amp;usg=AFQjCNGpAr5vmM6lSSNeW5ptd47Lqj-A4g\">Nuestras vecinas migrantes<\/a>&#8211;\u00a0eldiario.es<\/p>\n<p><a href=\"https:\/\/elpais.com\/planeta-futuro\/2021-04-30\/la-migracion-y-las-migrantes.html\">Descifrando a las migrantes<\/a>&#8211; El Pa\u00eds<strong>\u00a0<\/strong><\/p>\n<p><strong>Violencias<\/strong><\/p>\n<p><a href=\"https:\/\/www.msn.com\/es-es\/finance\/formacion-empleo\/nueve-de-cada-diez-mujeres-han-sido-discriminadas-en-el-trabajo\/ar-BB1gcQ0r?ocid=BingNewsSearch\">7 de cada 10 mujeres acosadas en el trabajo no denuncian<\/a>&#8211;\u00a0HuffingtonPost<\/p>\n<p><a href=\"https:\/\/elpais.com\/sociedad\/2021-04-29\/la-victima-de-la-manada-pide-que-se-reabra-la-causa-contra-los-detectives-que-la-siguieron-tras-la-violacion.html\">La v\u00edctima de La Manada pide que se reabra la causa contra los detectives que la siguieron tras la violaci\u00f3n<\/a>&#8211;\u00a0El Pa\u00eds<\/p>\n<p><a href=\"https:\/\/informalia.eleconomista.es\/buscador\/resultados.php?recordatorio=2&amp;pagina=-8894353\">Apdha pide \u00abespacios seguros\u00bb para personas sin hogar tras la violaci\u00f3n en una sala de espera del Macarena<\/a>-informalia<strong>\u00a0<\/strong><\/p>\n<p><strong>Ciencia y Cultura<\/strong><\/p>\n<p><a href=\"https:\/\/www.google.com\/url?rct=j&amp;sa=t&amp;url=https:\/\/www.lne.es\/aviles\/2021\/04\/30\/rocio-perez-antropologa-luchar-machismo-49877450.html&amp;ct=ga&amp;cd=CAEYASoUMTUzMzg0NTI5OTA4MjcxMDA3MDEyGWUyZGVmYTdkNWRhOTE1N2Q6ZXM6ZXM6RVM&amp;usg=AFQjCNHn9bO7JkSkIJJQUo8IDdxesBwRMg\">Roc\u00edo P\u00e9rez, antrop\u00f3loga: \u201cLuchar contra el machismo no es f\u00e1cil, tenemos que hacerlo caer\u201d<\/a>&#8211;\u00a0La Nueva Espa\u00f1a<\/p>\n<p><a href=\"https:\/\/www.google.com\/url?rct=j&amp;sa=t&amp;url=https:\/\/www.diariovasco.com\/culturas\/dibujos-asier-iturralde-20210429140450-nt.html&amp;ct=ga&amp;cd=CAEYASoUMTYzMzM5NjQ3MTQ5ODI4NjIzNzUyGWMwMzcyZWJjMmZlYWRhNTk6ZXM6ZXM6RVM&amp;usg=AFQjCNEYo-q_WMLhGJ3pfq--T2C9WRuCtQ\">Los dibujos de Asier Iturralde reflejan la vida de la investigadora y activista por la paz Jane Goodall<\/a>&#8211;\u00a0Diario Vasco<\/p>\n<p><a href=\"https:\/\/www.google.com\/url?rct=j&amp;sa=t&amp;url=https:\/\/www.elperiodicodecanarias.es\/un-grupo-de-mujeres-artistas-recrea-el-mural-feminista-de-madrid-en-la-facultad-de-bellas-artes-de-la-ull\/&amp;ct=ga&amp;cd=CAEYASoUMTE0NDI1MTM4OTc5NjY1Njc3MzUyGWMwMzcyZWJjMmZlYWRhNTk6ZXM6ZXM6RVM&amp;usg=AFQjCNH8MIe4OLoEXylldn-HhkzM_jMMJA\">Un grupo de mujeres artistas recrea el mural feminista de Madrid en la facultad de Bellas Artes de la ULL&#8230;<\/a>&#8211;\u00a0El Peri\u00f3dico de Canarias<\/p>\n<p><a href=\"https:\/\/www.eldiario.es\/cultura\/libros\/drabble-lessing-mccarthy-ficcion-segunda-ola-feminista-librerias-espanolas_1_7872971.html\">Drabble, Lessing o McCarthy: la ficci\u00f3n que acompa\u00f1\u00f3 la segunda ola feminista aterriza en las librer\u00edas espa\u00f1olas<\/a>\u00a0\u2013eldiario.es<\/p>\n<p><a href=\"https:\/\/www.eldiario.es\/cultura\/womanology-muestra-obra-mujeres-artistas-bellas-artes-bilbao_1_7882508.html\">\u00abWomanology\u00bb muestra la obra de mujeres artistas en el Bellas Artes de Bilbao<\/a>&#8211;<a href=\"http:\/\/eldiario.es\/\">eldiario.es<\/a><\/p>\n<p><a href=\"https:\/\/www.msn.com\/es-es\/entertainment\/musica\/aitana-contin-c3-baa-su-lucha-por-visibilizar-la-inseguridad-que-sienten-las-mujeres-con-ni-una-m-c3-a1s-su-nuevo-tema\/ar-BB1gdgjr?ocid=BingNewsSearch\">Aitana contin\u00faa su lucha por visibilizar la inseguridad que sienten las mujeres con &#8216;Ni una m\u00e1s&#8217;, su nuevo tema<\/a>-20minutos.es<\/p>\n<p><a href=\"https:\/\/www.abc.es\/play\/cine\/noticias\/abci-clara-lago-no-vertigo-edad-retos-202104291959_noticia.html\">Clara Lago: \u00abNo me dan v\u00e9rtigo ni la edad ni los retos\u00bb<\/a>-abc<strong>\u00a0<\/strong><\/p>\n<p><strong>Deporte<\/strong><\/p>\n<p><a href=\"https:\/\/www.rtve.es\/deportes\/20210429\/tenis-mutua-madrid-open-2021-paula-badosa\/2088142.shtml\">Paula Badosa debuta con victoria en Madrid<\/a>-Rtve.es<\/p>\n<p><a href=\"https:\/\/elpais.com\/deportes\/2021-04-29\/garbine-muguruza-renuncia-a-madrid-por-una-lesion-muscular.html\">Muguruza, baja en Madrid por lesi\u00f3n<\/a>&#8211; El Pa\u00eds<\/p>\n<p><a href=\"https:\/\/www.msn.com\/es-es\/deportes\/other\/espa%C3%B1a-busca-billetes-ol%C3%ADmpicos-en-los-mundiales-de-relevos-de-polonia\/ar-BB1gdhcx?ocid=BingNewsSearch\">Espa\u00f1a busca billetes ol\u00edmpicos en los Mundiales de Relevos de Polonia<\/a>-msn<\/p>\n<p><a href=\"https:\/\/www.mundodeportivo.com\/futbol\/femenino\/20210430\/493537755323\/irene-paredes-la-dama-de-hierro.html\">Irene Paredes, la dama de hierro<\/a>-mundodeportivo<\/p>\n<\/div>\n<\/div>\n<div id=\"\" class=\"lsow-panel lsow-active\">\n<h1 class=\"lsow-panel-title\">Internacional<\/h1>\n<div class=\"lsow-panel-content\">\n<p><a href=\"https:\/\/www.google.com\/url?rct=j&amp;sa=t&amp;url=https:\/\/www.swissinfo.ch\/spa\/politica\/suiza-adopta-primera-estrategia-nacional-sobre-igualdad-de-g%25C3%25A9nero\/46573456&amp;ct=ga&amp;cd=CAEYACoTODU1Mjk5ODk2NjY2MDc3Mzg5NjIZNTlkNzgxNzEzNmEyZDAyODplczplczpFUw&amp;usg=AFQjCNE1xtqgcuXbgFVmN-LnUXtMILQQqg\">Suiza adopta primera estrategia nacional sobre igualdad de\u00a0g\u00e9nero<\/a>&#8211;\u00a0<a href=\"http:\/\/swissinfo.ch\/\">swissinfo.ch<\/a><a href=\"https:\/\/www.google.com\/url?rct=j&amp;sa=t&amp;url=https:\/\/www.larepublica.net\/noticia\/igualdad-de-genero-necesidad-basica-para-el-desarrollo-empresarial&amp;ct=ga&amp;cd=CAEYACoUMTMzNDE1NDAzOTM3MTE1ODE1OTIyGTU5ZDc4MTcxMzZhMmQwMjg6ZXM6ZXM6RVM&amp;usg=AFQjCNH3RzSfH_aA4r6iX_cbG4KMe_AUAQ\"><br \/>\nIgualdad de\u00a0g\u00e9nero: necesidad b\u00e1sica para el desarrollo empresarial<\/a>&#8211;\u00a0Peri\u00f3dico La Rep\u00fablica (Costa Rica)<\/p>\n<p><a href=\"https:\/\/www.mujeremprendedora.net\/femur-red-lac-trabajaran-reafirmar-recuperar-identidad-mujeres-rurales-latinoamerica-caribe-espana\/\">FEMUR y la RED LAC trabajar\u00e1n para reafirmar y recuperar la identidad de las mujeres rurales de Latinoam\u00e9rica, El Caribe y Espa\u00f1a<\/a>&#8211;\u00a0Mujeremprendedora.net<a href=\"https:\/\/www.google.com\/url?rct=j&amp;sa=t&amp;url=https:\/\/www.aurora-israel.co.il\/por-primera-vez-una-mujer-es-elegida-como-unica-lider-espiritual-en-una-comunidad-ortodoxa&amp;ct=ga&amp;cd=CAEYACoTMzM0NDgxNDkxOTQ1Nzg0MDUzNTIZYzAzNzJlYmMyZmVhZGE1OTplczplczpFUw&amp;usg=AFQjCNEQ9S1WvPzk3RQ1d6wCWQcoJEfK_Q\"><br \/>\nPor primera vez una\u00a0mujer\u00a0es elegida como \u00fanica l\u00edder espiritual en una comunidad ortodoxa<\/a>&#8211;\u00a0Aurora<\/p>\n<p><a href=\"https:\/\/www.google.com\/url?rct=j&amp;sa=t&amp;url=https:\/\/www.laopinionsemanario.com.ar\/noticia\/estela-diaz-ministra-de-las-mujeres-necesitamos-que-no-toleremos-la-violencia-de-genero\/&amp;ct=ga&amp;cd=CAEYACoUMTc2ODU4Njg5NzkyODQ0NzQ2MjYyGWM4MmRkOTI2MTI0ZDRjMzA6ZXM6ZXM6RVM&amp;usg=AFQjCNElvuDY3PNnDby8GIfbdfrUNWmyig\">Estela D\u00edaz, ministra de las Mujeres: \u201cNecesitamos que no toleremos la violencia de\u00a0g\u00e9nero\u201d<\/a>&#8211;\u00a0La Opini\u00f3n Semanario<\/p>\n<p><a href=\"https:\/\/elpais.com\/ciencia\/2021-04-28\/nuestros-receptores-mentales-del-placer-se-activan-mas-cuando-colaboramos-que-cuando-competimos.html\">\u201cEs falso que la violencia y la dominaci\u00f3n masculina sean parte de nuestra naturaleza humana\u201d<\/a>-El Pa\u00eds<a href=\"https:\/\/www.google.com\/url?rct=j&amp;sa=t&amp;url=https:\/\/www.elmostrador.cl\/braga\/2021\/04\/29\/destacadas-academicas-feministas-proponen-incluir-los-cuidados-en-la-nueva-constitucion\/&amp;ct=ga&amp;cd=CAEYASoTNzU3OTIwMTczMDA2Njg3Mjg1ODIZNTlkNzgxNzEzNmEyZDAyODplczplczpFUw&amp;usg=AFQjCNEQf7I1MxjtH7viQbYiMPwDryIDqw\"><br \/>\nDestacadas acad\u00e9micas feministas proponen incluir los cuidados en la nueva Constituci\u00f3n<\/a>&#8211;\u00a0El Mostrador<\/p>\n<p><a href=\"https:\/\/www.google.com\/url?rct=j&amp;sa=t&amp;url=http:\/\/spanish.peopledaily.com.cn\/n3\/2021\/0430\/c31618-9845423.html&amp;ct=ga&amp;cd=CAEYACoUMTU5NzQ2NDYzMTQ1Mzg5OTAwMTQyGWMwMzcyZWJjMmZlYWRhNTk6ZXM6ZXM6RVM&amp;usg=AFQjCNH1ULA0VYoLDrYgiAC9r0nheDn_ZA\">Descubren en Polonia primera momia egipcia embarazada<\/a>&#8211;\u00a0Pueblo en linea<\/p>\n<p><a href=\"https:\/\/www.clarin.com\/agencias\/efe-carlota-guerrero-mirada-feminista-romper-canones-arte_0_vMyKQu_R-.html\">Carlota Guerrero, una mirada feminista para romper con los c\u00e1nones del arte<\/a>-Clarin<\/p>\n<\/div>\n<\/div>\n<\/div>\n<\/div>\n<\/div>\n<\/div>\n<\/div>\n<\/div>\n<\/div>\n<\/div>\n<\/article>\n<\/div>\n<\/div><\/div><\/div><\/div><\/div>\n","protected":false},"excerpt":{"rendered":"<p>El talento s\u00e9nior en el Top 100 de las mujeres l\u00edderes en Espa\u00f1a * Antonia Morillas nueva directora del Instituto de la Mujer * El 70% de las mujeres acosadas en el trabajo no denuncian * Descifrando a las migrantes<\/p>\n","protected":false},"author":3,"featured_media":22909,"comment_status":"closed","ping_status":"closed","sticky":false,"template":"","format":"standard","meta":{"footnotes":""},"categories":[298,621],"tags":[259,182],"class_list":["post-15397","post","type-post","status-publish","format-standard","has-post-thumbnail","hentry","category-newsletter","category-nwl-3-0","tag-acoso-laboral","tag-top100"],"yoast_head":"<!-- This site is optimized with the Yoast SEO plugin v27.5 - https:\/\/yoast.com\/product\/yoast-seo-wordpress\/ -->\n<title>Noticias Info CKL n\u00ba 2576-30\/04\/21-Comunicar con perspectiva de g\u00e9nero<\/title>\n<meta name=\"description\" content=\"El talento s\u00e9nior en el Top 100 de las mujeres l\u00edderes en Espa\u00f1a * Antonia Morillas nueva directora del Instituto de la Mujer * El 70% de las mujeres acosadas en el trabajo no denuncian * Descifrando a las migrantes\" \/>\n<meta name=\"robots\" content=\"index, follow, max-snippet:-1, max-image-preview:large, max-video-preview:-1\" \/>\n<link rel=\"canonical\" href=\"https:\/\/cklcomunicaciones.es\/coop\/noticias-info-ckl-no-2576-30-04-21\/\" \/>\n<meta property=\"og:locale\" content=\"es_ES\" \/>\n<meta property=\"og:type\" content=\"article\" \/>\n<meta property=\"og:title\" content=\"Noticias Info CKL n\u00ba 2576-30\/04\/21-Comunicar con perspectiva de g\u00e9nero\" \/>\n<meta property=\"og:description\" content=\"El talento s\u00e9nior en el Top 100 de las mujeres l\u00edderes en Espa\u00f1a * Antonia Morillas nueva directora del Instituto de la Mujer * El 70% de las mujeres acosadas en el trabajo no denuncian * Descifrando a las migrantes\" \/>\n<meta property=\"og:url\" content=\"https:\/\/cklcomunicaciones.es\/coop\/noticias-info-ckl-no-2576-30-04-21\/\" \/>\n<meta property=\"og:site_name\" content=\"CKL Comunicaciones\" \/>\n<meta property=\"article:published_time\" content=\"2021-04-30T10:54:28+00:00\" \/>\n<meta property=\"article:modified_time\" content=\"2025-02-10T17:54:07+00:00\" \/>\n<meta property=\"og:image\" content=\"https:\/\/cklcomunicaciones.es\/coop\/wp-content\/uploads\/2025\/01\/CKL-una-mirada-distinta-de-la-comunicacion.jpg\" \/>\n\t<meta property=\"og:image:width\" content=\"1482\" \/>\n\t<meta property=\"og:image:height\" content=\"775\" \/>\n\t<meta property=\"og:image:type\" content=\"image\/jpeg\" \/>\n<meta name=\"author\" content=\"ckl\" \/>\n<meta name=\"twitter:card\" content=\"summary_large_image\" \/>\n<meta name=\"twitter:label1\" content=\"Escrito por\" \/>\n\t<meta name=\"twitter:data1\" content=\"ckl\" \/>\n\t<meta name=\"twitter:label2\" content=\"Tiempo de lectura\" \/>\n\t<meta name=\"twitter:data2\" content=\"6 minutos\" \/>\n<script type=\"application\/ld+json\" class=\"yoast-schema-graph\">{\"@context\":\"https:\\\/\\\/schema.org\",\"@graph\":[{\"@type\":\"Article\",\"@id\":\"https:\\\/\\\/cklcomunicaciones.es\\\/coop\\\/noticias-info-ckl-no-2576-30-04-21\\\/#article\",\"isPartOf\":{\"@id\":\"https:\\\/\\\/cklcomunicaciones.es\\\/coop\\\/noticias-info-ckl-no-2576-30-04-21\\\/\"},\"author\":{\"name\":\"ckl\",\"@id\":\"https:\\\/\\\/cklcomunicaciones.es\\\/coop\\\/#\\\/schema\\\/person\\\/929a6837f7626450bbb50cee1aef266e\"},\"headline\":\"Noticias Info CKL n\u00ba 2576-30\\\/04\\\/21\",\"datePublished\":\"2021-04-30T10:54:28+00:00\",\"dateModified\":\"2025-02-10T17:54:07+00:00\",\"mainEntityOfPage\":{\"@id\":\"https:\\\/\\\/cklcomunicaciones.es\\\/coop\\\/noticias-info-ckl-no-2576-30-04-21\\\/\"},\"wordCount\":1378,\"image\":{\"@id\":\"https:\\\/\\\/cklcomunicaciones.es\\\/coop\\\/noticias-info-ckl-no-2576-30-04-21\\\/#primaryimage\"},\"thumbnailUrl\":\"https:\\\/\\\/cklcomunicaciones.es\\\/coop\\\/wp-content\\\/uploads\\\/2025\\\/01\\\/CKL-una-mirada-distinta-de-la-comunicacion.jpg\",\"keywords\":[\"acoso laboral\",\"Top100\"],\"articleSection\":[\"Newsletter\",\"Nwl v3.0\"],\"inLanguage\":\"es\"},{\"@type\":\"WebPage\",\"@id\":\"https:\\\/\\\/cklcomunicaciones.es\\\/coop\\\/noticias-info-ckl-no-2576-30-04-21\\\/\",\"url\":\"https:\\\/\\\/cklcomunicaciones.es\\\/coop\\\/noticias-info-ckl-no-2576-30-04-21\\\/\",\"name\":\"Noticias Info CKL n\u00ba 2576-30\\\/04\\\/21-Comunicar con perspectiva de g\u00e9nero\",\"isPartOf\":{\"@id\":\"https:\\\/\\\/cklcomunicaciones.es\\\/coop\\\/#website\"},\"primaryImageOfPage\":{\"@id\":\"https:\\\/\\\/cklcomunicaciones.es\\\/coop\\\/noticias-info-ckl-no-2576-30-04-21\\\/#primaryimage\"},\"image\":{\"@id\":\"https:\\\/\\\/cklcomunicaciones.es\\\/coop\\\/noticias-info-ckl-no-2576-30-04-21\\\/#primaryimage\"},\"thumbnailUrl\":\"https:\\\/\\\/cklcomunicaciones.es\\\/coop\\\/wp-content\\\/uploads\\\/2025\\\/01\\\/CKL-una-mirada-distinta-de-la-comunicacion.jpg\",\"datePublished\":\"2021-04-30T10:54:28+00:00\",\"dateModified\":\"2025-02-10T17:54:07+00:00\",\"author\":{\"@id\":\"https:\\\/\\\/cklcomunicaciones.es\\\/coop\\\/#\\\/schema\\\/person\\\/929a6837f7626450bbb50cee1aef266e\"},\"description\":\"El talento s\u00e9nior en el Top 100 de las mujeres l\u00edderes en Espa\u00f1a * Antonia Morillas nueva directora del Instituto de la Mujer * El 70% de las mujeres acosadas en el trabajo no denuncian * Descifrando a las migrantes\",\"breadcrumb\":{\"@id\":\"https:\\\/\\\/cklcomunicaciones.es\\\/coop\\\/noticias-info-ckl-no-2576-30-04-21\\\/#breadcrumb\"},\"inLanguage\":\"es\",\"potentialAction\":[{\"@type\":\"ReadAction\",\"target\":[\"https:\\\/\\\/cklcomunicaciones.es\\\/coop\\\/noticias-info-ckl-no-2576-30-04-21\\\/\"]}]},{\"@type\":\"ImageObject\",\"inLanguage\":\"es\",\"@id\":\"https:\\\/\\\/cklcomunicaciones.es\\\/coop\\\/noticias-info-ckl-no-2576-30-04-21\\\/#primaryimage\",\"url\":\"https:\\\/\\\/cklcomunicaciones.es\\\/coop\\\/wp-content\\\/uploads\\\/2025\\\/01\\\/CKL-una-mirada-distinta-de-la-comunicacion.jpg\",\"contentUrl\":\"https:\\\/\\\/cklcomunicaciones.es\\\/coop\\\/wp-content\\\/uploads\\\/2025\\\/01\\\/CKL-una-mirada-distinta-de-la-comunicacion.jpg\",\"width\":1482,\"height\":775,\"caption\":\"CKL - una mirada distinta de la comunicacion\"},{\"@type\":\"BreadcrumbList\",\"@id\":\"https:\\\/\\\/cklcomunicaciones.es\\\/coop\\\/noticias-info-ckl-no-2576-30-04-21\\\/#breadcrumb\",\"itemListElement\":[{\"@type\":\"ListItem\",\"position\":1,\"name\":\"Portada\",\"item\":\"https:\\\/\\\/cklcomunicaciones.es\\\/coop\\\/\"},{\"@type\":\"ListItem\",\"position\":2,\"name\":\"Noticias Info CKL n\u00ba 2576-30\\\/04\\\/21\"}]},{\"@type\":\"WebSite\",\"@id\":\"https:\\\/\\\/cklcomunicaciones.es\\\/coop\\\/#website\",\"url\":\"https:\\\/\\\/cklcomunicaciones.es\\\/coop\\\/\",\"name\":\"CKL Comunicaciones\",\"description\":\"Sitio web de CKL Comunicaciones coop , la consultora de comunicaci\u00f3n y estrategia\",\"potentialAction\":[{\"@type\":\"SearchAction\",\"target\":{\"@type\":\"EntryPoint\",\"urlTemplate\":\"https:\\\/\\\/cklcomunicaciones.es\\\/coop\\\/?s={search_term_string}\"},\"query-input\":{\"@type\":\"PropertyValueSpecification\",\"valueRequired\":true,\"valueName\":\"search_term_string\"}}],\"inLanguage\":\"es\"},{\"@type\":\"Person\",\"@id\":\"https:\\\/\\\/cklcomunicaciones.es\\\/coop\\\/#\\\/schema\\\/person\\\/929a6837f7626450bbb50cee1aef266e\",\"name\":\"ckl\",\"image\":{\"@type\":\"ImageObject\",\"inLanguage\":\"es\",\"@id\":\"https:\\\/\\\/secure.gravatar.com\\\/avatar\\\/c82db564e8a669bf6023357a157b9dc4780f4d4c618f2ad1d71a6a5dede45057?s=96&d=mm&r=g\",\"url\":\"https:\\\/\\\/secure.gravatar.com\\\/avatar\\\/c82db564e8a669bf6023357a157b9dc4780f4d4c618f2ad1d71a6a5dede45057?s=96&d=mm&r=g\",\"contentUrl\":\"https:\\\/\\\/secure.gravatar.com\\\/avatar\\\/c82db564e8a669bf6023357a157b9dc4780f4d4c618f2ad1d71a6a5dede45057?s=96&d=mm&r=g\",\"caption\":\"ckl\"},\"url\":\"https:\\\/\\\/cklcomunicaciones.es\\\/coop\\\/author\\\/cklcomunicaciones\\\/\"}]}<\/script>\n<!-- \/ Yoast SEO plugin. -->","yoast_head_json":{"title":"Noticias Info CKL n\u00ba 2576-30\/04\/21-Comunicar con perspectiva de g\u00e9nero","description":"El talento s\u00e9nior en el Top 100 de las mujeres l\u00edderes en Espa\u00f1a * Antonia Morillas nueva directora del Instituto de la Mujer * El 70% de las mujeres acosadas en el trabajo no denuncian * Descifrando a las migrantes","robots":{"index":"index","follow":"follow","max-snippet":"max-snippet:-1","max-image-preview":"max-image-preview:large","max-video-preview":"max-video-preview:-1"},"canonical":"https:\/\/cklcomunicaciones.es\/coop\/noticias-info-ckl-no-2576-30-04-21\/","og_locale":"es_ES","og_type":"article","og_title":"Noticias Info CKL n\u00ba 2576-30\/04\/21-Comunicar con perspectiva de g\u00e9nero","og_description":"El talento s\u00e9nior en el Top 100 de las mujeres l\u00edderes en Espa\u00f1a * Antonia Morillas nueva directora del Instituto de la Mujer * El 70% de las mujeres acosadas en el trabajo no denuncian * Descifrando a las migrantes","og_url":"https:\/\/cklcomunicaciones.es\/coop\/noticias-info-ckl-no-2576-30-04-21\/","og_site_name":"CKL Comunicaciones","article_published_time":"2021-04-30T10:54:28+00:00","article_modified_time":"2025-02-10T17:54:07+00:00","og_image":[{"width":1482,"height":775,"url":"https:\/\/cklcomunicaciones.es\/coop\/wp-content\/uploads\/2025\/01\/CKL-una-mirada-distinta-de-la-comunicacion.jpg","type":"image\/jpeg"}],"author":"ckl","twitter_card":"summary_large_image","twitter_misc":{"Escrito por":"ckl","Tiempo de lectura":"6 minutos"},"schema":{"@context":"https:\/\/schema.org","@graph":[{"@type":"Article","@id":"https:\/\/cklcomunicaciones.es\/coop\/noticias-info-ckl-no-2576-30-04-21\/#article","isPartOf":{"@id":"https:\/\/cklcomunicaciones.es\/coop\/noticias-info-ckl-no-2576-30-04-21\/"},"author":{"name":"ckl","@id":"https:\/\/cklcomunicaciones.es\/coop\/#\/schema\/person\/929a6837f7626450bbb50cee1aef266e"},"headline":"Noticias Info CKL n\u00ba 2576-30\/04\/21","datePublished":"2021-04-30T10:54:28+00:00","dateModified":"2025-02-10T17:54:07+00:00","mainEntityOfPage":{"@id":"https:\/\/cklcomunicaciones.es\/coop\/noticias-info-ckl-no-2576-30-04-21\/"},"wordCount":1378,"image":{"@id":"https:\/\/cklcomunicaciones.es\/coop\/noticias-info-ckl-no-2576-30-04-21\/#primaryimage"},"thumbnailUrl":"https:\/\/cklcomunicaciones.es\/coop\/wp-content\/uploads\/2025\/01\/CKL-una-mirada-distinta-de-la-comunicacion.jpg","keywords":["acoso laboral","Top100"],"articleSection":["Newsletter","Nwl v3.0"],"inLanguage":"es"},{"@type":"WebPage","@id":"https:\/\/cklcomunicaciones.es\/coop\/noticias-info-ckl-no-2576-30-04-21\/","url":"https:\/\/cklcomunicaciones.es\/coop\/noticias-info-ckl-no-2576-30-04-21\/","name":"Noticias Info CKL n\u00ba 2576-30\/04\/21-Comunicar con perspectiva de g\u00e9nero","isPartOf":{"@id":"https:\/\/cklcomunicaciones.es\/coop\/#website"},"primaryImageOfPage":{"@id":"https:\/\/cklcomunicaciones.es\/coop\/noticias-info-ckl-no-2576-30-04-21\/#primaryimage"},"image":{"@id":"https:\/\/cklcomunicaciones.es\/coop\/noticias-info-ckl-no-2576-30-04-21\/#primaryimage"},"thumbnailUrl":"https:\/\/cklcomunicaciones.es\/coop\/wp-content\/uploads\/2025\/01\/CKL-una-mirada-distinta-de-la-comunicacion.jpg","datePublished":"2021-04-30T10:54:28+00:00","dateModified":"2025-02-10T17:54:07+00:00","author":{"@id":"https:\/\/cklcomunicaciones.es\/coop\/#\/schema\/person\/929a6837f7626450bbb50cee1aef266e"},"description":"El talento s\u00e9nior en el Top 100 de las mujeres l\u00edderes en Espa\u00f1a * Antonia Morillas nueva directora del Instituto de la Mujer * El 70% de las mujeres acosadas en el trabajo no denuncian * Descifrando a las migrantes","breadcrumb":{"@id":"https:\/\/cklcomunicaciones.es\/coop\/noticias-info-ckl-no-2576-30-04-21\/#breadcrumb"},"inLanguage":"es","potentialAction":[{"@type":"ReadAction","target":["https:\/\/cklcomunicaciones.es\/coop\/noticias-info-ckl-no-2576-30-04-21\/"]}]},{"@type":"ImageObject","inLanguage":"es","@id":"https:\/\/cklcomunicaciones.es\/coop\/noticias-info-ckl-no-2576-30-04-21\/#primaryimage","url":"https:\/\/cklcomunicaciones.es\/coop\/wp-content\/uploads\/2025\/01\/CKL-una-mirada-distinta-de-la-comunicacion.jpg","contentUrl":"https:\/\/cklcomunicaciones.es\/coop\/wp-content\/uploads\/2025\/01\/CKL-una-mirada-distinta-de-la-comunicacion.jpg","width":1482,"height":775,"caption":"CKL - una mirada distinta de la comunicacion"},{"@type":"BreadcrumbList","@id":"https:\/\/cklcomunicaciones.es\/coop\/noticias-info-ckl-no-2576-30-04-21\/#breadcrumb","itemListElement":[{"@type":"ListItem","position":1,"name":"Portada","item":"https:\/\/cklcomunicaciones.es\/coop\/"},{"@type":"ListItem","position":2,"name":"Noticias Info CKL n\u00ba 2576-30\/04\/21"}]},{"@type":"WebSite","@id":"https:\/\/cklcomunicaciones.es\/coop\/#website","url":"https:\/\/cklcomunicaciones.es\/coop\/","name":"CKL Comunicaciones","description":"Sitio web de CKL Comunicaciones coop , la consultora de comunicaci\u00f3n y estrategia","potentialAction":[{"@type":"SearchAction","target":{"@type":"EntryPoint","urlTemplate":"https:\/\/cklcomunicaciones.es\/coop\/?s={search_term_string}"},"query-input":{"@type":"PropertyValueSpecification","valueRequired":true,"valueName":"search_term_string"}}],"inLanguage":"es"},{"@type":"Person","@id":"https:\/\/cklcomunicaciones.es\/coop\/#\/schema\/person\/929a6837f7626450bbb50cee1aef266e","name":"ckl","image":{"@type":"ImageObject","inLanguage":"es","@id":"https:\/\/secure.gravatar.com\/avatar\/c82db564e8a669bf6023357a157b9dc4780f4d4c618f2ad1d71a6a5dede45057?s=96&d=mm&r=g","url":"https:\/\/secure.gravatar.com\/avatar\/c82db564e8a669bf6023357a157b9dc4780f4d4c618f2ad1d71a6a5dede45057?s=96&d=mm&r=g","contentUrl":"https:\/\/secure.gravatar.com\/avatar\/c82db564e8a669bf6023357a157b9dc4780f4d4c618f2ad1d71a6a5dede45057?s=96&d=mm&r=g","caption":"ckl"},"url":"https:\/\/cklcomunicaciones.es\/coop\/author\/cklcomunicaciones\/"}]}},"_links":{"self":[{"href":"https:\/\/cklcomunicaciones.es\/coop\/wp-json\/wp\/v2\/posts\/15397","targetHints":{"allow":["GET"]}}],"collection":[{"href":"https:\/\/cklcomunicaciones.es\/coop\/wp-json\/wp\/v2\/posts"}],"about":[{"href":"https:\/\/cklcomunicaciones.es\/coop\/wp-json\/wp\/v2\/types\/post"}],"author":[{"embeddable":true,"href":"https:\/\/cklcomunicaciones.es\/coop\/wp-json\/wp\/v2\/users\/3"}],"replies":[{"embeddable":true,"href":"https:\/\/cklcomunicaciones.es\/coop\/wp-json\/wp\/v2\/comments?post=15397"}],"version-history":[{"count":0,"href":"https:\/\/cklcomunicaciones.es\/coop\/wp-json\/wp\/v2\/posts\/15397\/revisions"}],"wp:featuredmedia":[{"embeddable":true,"href":"https:\/\/cklcomunicaciones.es\/coop\/wp-json\/wp\/v2\/media\/22909"}],"wp:attachment":[{"href":"https:\/\/cklcomunicaciones.es\/coop\/wp-json\/wp\/v2\/media?parent=15397"}],"wp:term":[{"taxonomy":"category","embeddable":true,"href":"https:\/\/cklcomunicaciones.es\/coop\/wp-json\/wp\/v2\/categories?post=15397"},{"taxonomy":"post_tag","embeddable":true,"href":"https:\/\/cklcomunicaciones.es\/coop\/wp-json\/wp\/v2\/tags?post=15397"}],"curies":[{"name":"wp","href":"https:\/\/api.w.org\/{rel}","templated":true}]}}