{"id":15391,"date":"2021-04-26T14:26:16","date_gmt":"2021-04-26T12:26:16","guid":{"rendered":"https:\/\/www.cklcomunicaciones.es\/?p=15391"},"modified":"2025-02-10T19:05:19","modified_gmt":"2025-02-10T18:05:19","slug":"noticias-info-ckl-no-2-574-26-04-21","status":"publish","type":"post","link":"https:\/\/cklcomunicaciones.es\/coop\/noticias-info-ckl-no-2-574-26-04-21\/","title":{"rendered":"Noticias Info CKL n\u00ba 2.574-26\/04\/21"},"content":{"rendered":"<div class=\"fusion-fullwidth fullwidth-box fusion-builder-row-1 fusion-flex-container nonhundred-percent-fullwidth non-hundred-percent-height-scrolling\" style=\"--awb-border-radius-top-left:0px;--awb-border-radius-top-right:0px;--awb-border-radius-bottom-right:0px;--awb-border-radius-bottom-left:0px;--awb-flex-wrap:wrap;\" ><div class=\"fusion-builder-row fusion-row fusion-flex-align-items-flex-start fusion-flex-content-wrap\" style=\"max-width:1248px;margin-left: calc(-4% \/ 2 );margin-right: calc(-4% \/ 2 );\"><div class=\"fusion-layout-column fusion_builder_column fusion-builder-column-0 fusion_builder_column_1_1 1_1 fusion-flex-column\" style=\"--awb-bg-blend:overlay;--awb-bg-size:cover;--awb-width-large:100%;--awb-margin-top-large:0px;--awb-spacing-right-large:1.92%;--awb-margin-bottom-large:0px;--awb-spacing-left-large:1.92%;--awb-width-medium:100%;--awb-spacing-right-medium:1.92%;--awb-spacing-left-medium:1.92%;--awb-width-small:100%;--awb-spacing-right-small:1.92%;--awb-spacing-left-small:1.92%;\"><div class=\"fusion-column-wrapper fusion-flex-justify-content-flex-start fusion-content-layout-column\"><div class=\"fusion-text fusion-text-1\"><h1>Convocatorias<\/h1>\n<div id=\"\" class=\"lsow-panel lsow-active\">\n<div class=\"lsow-panel-content\">\n<ul>\n<li><a href=\"http:\/\/lamiradavioleta-psicologa.com\/\">Taller Vivencial &#8216;Mujer y Maternidad: una Mirada Violeta&#8217;<\/a>. La Mirada Violeta. Comienzo 15 de mayo; presentaci\u00f3n 4 de mayo. M\u00e1s informaci\u00f3n:\u00a0<a href=\"mailto:lamiradavioleta.terapia@gmail.com\">lamiradavioleta.terapia@gmail.com<\/a><\/li>\n<li><a href=\"https:\/\/congresopedagogiafeminarian.com\/\">I Congreso Virtual de Pedagog\u00eda Feminista<\/a>. Feminarian, Comunidad de Aprendizaje para Mujeres. Del 17 al 21 de mayo<\/li>\n<\/ul>\n<\/div>\n<\/div>\n<div id=\"\" class=\"lsow-panel lsow-active\">\n<h1 class=\"lsow-panel-title\">Comunicaci\u00f3n, Publicidad y TICs<\/h1>\n<div class=\"lsow-panel-content\">\n<p><u><a href=\"https:\/\/www.canalsur.es\/noticias\/antonio-banderas-te-pone-las-pilas-es-maravilloso-una-cabeza-que-no-para\/1707187.html\">Mar\u00eda Casado, Presidenta de la Academia de Televisi\u00f3n: Antonio Banderas te pone las pilas, es maravilloso, una cabeza que no para\u00bb<\/a><\/u>-canalsur<\/p>\n<p><u><a href=\"https:\/\/www.elespanol.com\/invertia\/disruptores-innovadores\/politica-digital\/organizaciones\/20210421\/margarita-bly-think-impulsar-igualdad-periodismo-tecnologico\/575442899_0.html\">Margarita Bly: un &#8216;think tank&#8217; para impulsar la igualdad en el periodismo tecnol\u00f3gico<\/a>&#8211;<\/u>elespa\u00f1ol<\/p>\n<p><u><a href=\"https:\/\/lasillarota.com\/lacaderadeeva\/ser-mujer-en-el-mundo-de-la-produccion-el-periodismo-y-la-academia\/509586\">Patricia Gayt\u00e1n: Ser mujer en el mundo de la producci\u00f3n, el periodismo y la academia<\/a><\/u>-lasillarota<\/p>\n<p><u><a href=\"https:\/\/www.datacenterdynamics.com\/es\/opinion\/entrevista-cintia-barcelos-2021\/\">C\u00edntia Barcelos habla sobre Mujeres en TI, Liderazgo e Igualdad Salarial en la industria de la tecnolog\u00eda<\/a><\/u>-datacenterdynamics<\/p>\n<\/div>\n<\/div>\n<div id=\"\" class=\"lsow-panel lsow-active\">\n<h1 class=\"lsow-panel-title\">Andaluc\u00eda<\/h1>\n<div class=\"lsow-panel-content\">\n<p><strong>Econom\u00eda y Empresas<\/strong><a href=\"https:\/\/www.google.com\/url?rct=j&amp;sa=t&amp;url=https:\/\/www.benalgo.es\/noticias\/las-ninas-en-las-tic-solo-el-20-de-los-andaluces-que-trabajan-en-el-sector-son-mujeres.html&amp;ct=ga&amp;cd=CAEYACoUMTQxNTI2ODk0Mzk2NzgyNzAyMDIyGzlhYjFjZGQ3ZTM2NmVmMzg6ZXM6ZXM6RVM6Ug&amp;usg=AFQjCNH2Z8Bn7nOtpuVEDFKpx50RTt5BIg\"><br \/>\nLas ni\u00f1as en las TIC: solo el 20% de los\u00a0andaluces\u00a0que trabajan en el sector son\u00a0mujeres<\/a>&#8211;\u00a0Contracr\u00f3nica.es<\/p>\n<p><u><a href=\"https:\/\/www.bolsamania.com\/noticias\/empresas\/economia--la-concesionaria-de-la-ap-46-de-malaga-consigue-alargar-seis-meses-su-contrato-por-emplear-a-mas-mujeres--7887282.html\">La concesionaria de la AP-46 de M\u00e1laga consigue alargar seis meses su contrato por emplear a m\u00e1s mujeres<\/a>&#8211;<\/u>bolsamania<a href=\"https:\/\/www.google.com\/url?rct=j&amp;sa=t&amp;url=https:\/\/www.extradigital.es\/seis-andaluzas-en-el-top-100-mujeres-lideres-de-espana\/&amp;ct=ga&amp;cd=CAEYAyoTNDIzOTI4NTQzNzUyMDMwMTE5NTIbOWFiMWNkZDdlMzY2ZWYzODplczplczpFUzpS&amp;usg=AFQjCNHgKY7FZxTkBXXnPQ3n_YAEWcHGWQ\"><br \/>\nSeis\u00a0andaluzas, en el Top 100\u00a0Mujeres\u00a0L\u00edderes de Espa\u00f1a 2020<\/a>&#8211;\u00a0Extradigital.es<\/p>\n<p><u><a href=\"https:\/\/www.mujeremprendedora.net\/andalucia-lanza-segunda-temporada-empezar-tv\/\">Andaluc\u00eda lanza la segunda temporada de Empezar.tv<\/a><\/u>&#8211; Mujeremprendedora.net<\/p>\n<p><strong>Actualidad<\/strong><\/p>\n<p><a href=\"https:\/\/www.google.com\/url?rct=j&amp;sa=t&amp;url=http:\/\/www.andaluciasolidaria.org\/noticias\/item\/1505-famsi-y-la-diputacion-de-cordoba-suscriben-un-convenio-para-trabajar-por-el-comercio-justo&amp;ct=ga&amp;cd=CAEYACoSMzU4OTkyODk3MzcwOTI2OTAzMhk0ZGFlODE2MmU4YWYzZTg4OmVzOmVzOkVT&amp;usg=AFQjCNEVHM2VTdz6azkhAGyHaYs3Id0R8Q\">FAMSI\u00a0y la Diputaci\u00f3n de C\u00f3rdoba suscriben un convenio para trabajar por el consumo responsable<\/a>&#8211;\u00a0FAMSI<a href=\"https:\/\/www.google.com\/url?rct=j&amp;sa=t&amp;url=https:\/\/www.huelvainformacion.es\/huelva\/Antonia-Rubio-Ley-Infancia-nuevas-tecnologias_0_1566143884.html&amp;ct=ga&amp;cd=CAEYASoTNTE1Nzk1OTIwOTgyNDU5NjQwNTIZZTFlNzdkMTU2MDk4YThlMzplczplczpFUw&amp;usg=AFQjCNGFi4MqbuSG31CkBTw_5iPho7IuEg\"><br \/>\n\u201cLa Ley de Infancia regula por primera vez el uso de las\u00a0nuevas tecnolog\u00edas\u201d<\/a>&#8211;\u00a0Huelva Informaci\u00f3n<\/p>\n<p><u><a href=\"https:\/\/sevilla.abc.es\/cultura\/libros\/sevi-andalucia-comunidad-autonoma-donde-mas-subido-indice-lectura-2020-202104231315_noticia.html\">Andaluc\u00eda, la comunidad aut\u00f3noma donde m\u00e1s ha subido el n\u00famero de lectores en el a\u00f1o 2020<\/a><\/u>-abcsevilla<strong>\u00a0<\/strong><\/p>\n<p><strong>Violencias<\/strong><\/p>\n<p><u><a href=\"https:\/\/www.larazon.es\/andalucia\/20210422\/5jozqupfh5hnzhe7u4jivyolnm.html\">Casi 1.100 mujeres maltratadas en Andaluc\u00eda atendidas por Salud en nueve meses<\/a><\/u>-larazon<a href=\"https:\/\/www.google.com\/url?rct=j&amp;sa=t&amp;url=https:\/\/www.europapress.es\/esandalucia\/sevilla\/noticia-iam-convoca-ayudas-mujeres-victimas-violencia-genero-690000-euros-20210425131312.html&amp;ct=ga&amp;cd=CAEYACoUMTM2NzE5ODYwOTU0NTg3NjUyNDkyGzlhYjFjZGQ3ZTM2NmVmMzg6ZXM6ZXM6RVM6Ug&amp;usg=AFQjCNFS-UqEIBt2MeQkghA6Jgl-5jNysw\"><br \/>\nIAM convoca las ayudas a\u00a0mujeres\u00a0v\u00edctimas de violencia de g\u00e9nero por 690.000 euros<\/a>&#8211;\u00a0Europa Press<\/p>\n<p><a href=\"https:\/\/www.google.com\/url?rct=j&amp;sa=t&amp;url=https:\/\/www.canalsur.es\/noticias\/andaluc%25C3%25ADa\/sevilla\/la-prostitucion-un-negocio-aun-mas-a-la-sombra-y-peligroso-por-la-pandemia\/1706867.html&amp;ct=ga&amp;cd=CAEYASoUMTM2NzE5ODYwOTU0NTg3NjUyNDkyGzlhYjFjZGQ3ZTM2NmVmMzg6ZXM6ZXM6RVM6Ug&amp;usg=AFQjCNE1YiX-Pz6OlbjU0fXMtm8n6jV1iw\">La prostituci\u00f3n, un negocio a\u00fan m\u00e1s a la sombra y peligroso por la pandemia<\/a>&#8211;\u00a0CanalSurWeb<a href=\"https:\/\/www.google.com\/url?rct=j&amp;sa=t&amp;url=https:\/\/www.lucenahoy.com\/articulo\/diputacion\/andalucia-cordoba-tribunales-juicio-martes-varon-95-anos-acusado-asesinar-mujer-enferma-iznajar\/20210425213345088487.html&amp;ct=ga&amp;cd=CAEYACoTNTQ3OTgyNDAyNDY5MDg1MjIxMDIbOWFiMWNkZDdlMzY2ZWYzODplczplczpFUzpS&amp;usg=AFQjCNGnRNTbvizNpXOvMe77OgI3ku65hg\"><br \/>\nA juicio desde el martes el var\u00f3n de 95 a\u00f1os acusado de asesinar a su\u00a0mujer\u00a0enferma de &#8230;<\/a>&#8211;\u00a0Lucena Hoy<a href=\"https:\/\/www.google.com\/url?rct=j&amp;sa=t&amp;url=https:\/\/www.europapress.es\/andalucia\/noticia-rincon-violeta-diputacion-cordoba-presente-62-municipios-provincia-20210424104404.html&amp;ct=ga&amp;cd=CAEYACoRNjEwMTU0Mzg2MzkxNTc1MDAyGWUyZGVmYTdkNWRhOTE1N2Q6ZXM6ZXM6RVM&amp;usg=AFQjCNFR2zEwlTv8ARclC7vS67NoPkI28Q\"><br \/>\nEl &#8216;Rinc\u00f3n Violeta&#8217; de la Diputaci\u00f3n de C\u00f3rdoba est\u00e1 presente en 62 municipios de la provincia<\/a>&#8211;\u00a0Europa Press<strong>\u00a0<\/strong><\/p>\n<p><strong>Ciencia y Cultura<\/strong><\/p>\n<p><u><a href=\"https:\/\/www.europapress.es\/esandalucia\/sevilla\/noticia-junta-plantea-dotar-premios-andalucia-cultura-periodicidad-anual-doce-modalidades-20210425100936.html\">La Junta plantea dotar los Premios Andaluc\u00eda de Cultura de periodicidad anual y doce modalidades<\/a><\/u>-europapress<\/p>\n<p><u><a href=\"https:\/\/www.eldiadecordoba.es\/cordoba\/Maria-Dolores-Baena-directora-Museo-Arqueologico-Cordoba_0_1567944210.html\">Mar\u00eda Dolores Baena. Directora del Museo Arqueol\u00f3gico de C\u00f3rdoba \u00abNecesitamos que C\u00f3rdoba tenga el gran Museo Arqueol\u00f3gico que merece\u00bb<\/a>&#8211;<\/u>eldiadecordoba<\/p>\n<p><u><a href=\"https:\/\/www.20minutos.es\/noticia\/4671711\/0\/junta-rinde-homenaje-a-pilar-palazon-dando-su-nombre-al-auditorio-del-museo-ibero\/\">Junta rinde homenaje a Pilar Palaz\u00f3n dando su nombre al auditorio del Museo \u00cdbero<\/a><\/u>&#8211;<a href=\"http:\/\/20minutos.es\/\">20minutos.es<\/a><\/p>\n<p><u><a href=\"https:\/\/www.ondacero.es\/emisoras\/andalucia\/cadiz\/noticias\/museo-cadiz-promueve-ciclo-conferencias-visibilizar-trabajo-mujer_202104266086a3776e5d5b0001eb28eb.html\">El Museo de C\u00e1diz promueve un ciclo de conferencias para visibilizar el trabajo de la mujer<\/a><\/u>-ondacero<\/p>\n<p><u><a href=\"https:\/\/www.diariodenavarra.es\/noticias\/cultura-ocio\/cultura\/2021\/04\/25\/pastora-soler-actuara-baluarte-proximo-octubre-724645-1034.html\">Pastora Soler actuar\u00e1 en Baluarte el pr\u00f3ximo 23 de octubre<\/a><\/u>-diariodenavarra<\/p>\n<p><u><a href=\"https:\/\/www.google.com\/url?rct=j&amp;sa=t&amp;url=https:\/\/www.cordobabn.com\/articulo\/educacion\/consejeria-igualdad-financia-proyectos-cooperacion-universitaria-desarrollo-universidad-cordoba-mas-14-millones-euros\/20210426120020088454.html&amp;ct=ga&amp;cd=CAEYACoUMTE4MjI5MDE3MzgwODg1NDU1NDQyGTU5ZDc4MTcxMzZhMmQwMjg6ZXM6ZXM6RVM&amp;usg=AFQjCNEPXKSI1bFPmRiMhcGxRrej1OYU8g\">La Universidad de C\u00f3rdoba cuenta con 1,4 millones de euros para sus proyectos de\u00a0cooperaci\u00f3n\u00a0&#8230;<\/a><\/u>&#8211;\u00a0C\u00f3rdoba Buenas Noticias<\/p>\n<p><u><a href=\"https:\/\/www.diariojaen.es\/provincia\/la-xx-muestra-de-cine-espanol-inedito-de-la-diputacion-traera-12-peliculas-BL7793289\">La XX Muestra de Cine Espa\u00f1ol In\u00e9dito de la Diputaci\u00f3n de Ja\u00e9n traer\u00e1 12 pel\u00edculas<\/a>&#8211;<\/u>diariodejaen<\/p>\n<p><strong>Deporte<\/strong><\/p>\n<p><u><a href=\"https:\/\/sevilla.abc.es\/sevilla\/sevi-eurocopa-sevilla-estadio-cartuja-encontramos-cerrado-hace-anos-y-ahora-puede-casa-seleccion-espana-202104250912_noticia.html\">Isabel S\u00e1nchez, directora de instalaciones de la Consejer\u00eda de Educaci\u00f3n y Deporte: \u201cEl estadio de la Cartuja lo encontramos cerrado hace dos a\u00f1os y ahora puede ser la casa de la selecci\u00f3n de Espa\u00f1a\u00bb<\/a><\/u>-abc<\/p>\n<p><u><a href=\"http:\/\/www.juntadeandalucia.es\/presidencia\/portavoz\/160056\/Esposicion\/Deporte\/Museo\/Cartuja\">Medio millar de objetos del deporte de \u00e9lite, de cerca en el Estadio de la Cartuja<\/a><\/u>&#8211; Oficina del Portavoz<\/p>\n<p><a href=\"https:\/\/carrerasdemontana.com\/2021\/04\/26\/sherry-maraton-2021\/\">Sherry Maraton 2021 : Crreras de Monta\u00f1a en Jerez. Gana Remedios P\u00e9rez<\/a>\u00a0-carrerasdemonta\u00f1a<\/p>\n<\/div>\n<\/div>\n<div id=\"\" class=\"lsow-panel lsow-active\">\n<h1 class=\"lsow-panel-title\">Estado<\/h1>\n<div class=\"lsow-panel-content\">\n<p><strong>Institucional<\/strong><\/p>\n<p><u><a href=\"https:\/\/www.mujeremprendedora.net\/convocado-premio-mujeres-parlamento-clara-campoamor\/\">Convocado el Premio Mujeres y Parlamento \u201cClara Campoamor\u201d<\/a><\/u>\u00a0\u2013 Mujeremprendedora.net<strong>\u00a0<\/strong><\/p>\n<p><strong>Institucional-CCAA\u00a0\u00a0<\/strong><a href=\"https:\/\/www.google.com\/url?rct=j&amp;sa=t&amp;url=https:\/\/www.noticiasextremadura.es\/la-consejera-de-igualdad-conoce-el-trabajo-de-las-profesionales-que-atienden-a-mujeres-victimas-de-violencia-de-genero-en-don-benito\/&amp;ct=ga&amp;cd=CAEYACoTNTQyNTc3MjM2MjA0MDA0MjQxODIZYzAzNzJlYmMyZmVhZGE1OTplczplczpFUw&amp;usg=AFQjCNEuhHDT12yjrkjgKqH713gNzWFgMA\"><br \/>\nLa consejera de Igualdad conoce el trabajo de las profesionales que atienden a\u00a0mujeres\u00a0v\u00edctimas &#8230;<\/a>&#8211;\u00a0Noticias Extremadura<\/p>\n<p><a href=\"https:\/\/www.google.com\/url?rct=j&amp;sa=t&amp;url=https:\/\/www.elperiodic.com\/igualdad-continua-formacion-online-programas-materia-igualdad-oportunidades-entre-mujeres-hombres_742907&amp;ct=ga&amp;cd=CAEYBCoUMTg0MDE3Mzk4NzY1MjIzMzMxMDkyGWMwMzcyZWJjMmZlYWRhNTk6ZXM6ZXM6RVM&amp;usg=AFQjCNEXnYnQIu5qCHeRi_0geBYpwgnDJQ\">Igualdad continua con la formaci\u00f3n &#8216;online&#8217; de programas en materia de igualdad de &#8230;<\/a>&#8211;\u00a0<a href=\"http:\/\/elperiodic.com\/\">elperiodic.com<\/a><\/p>\n<p><a href=\"https:\/\/www.google.com\/url?rct=j&amp;sa=t&amp;url=https:\/\/www.heraldo.es\/noticias\/aragon\/2021\/04\/24\/zaragoza-amasol-casi-500-libros-escritos-por-mujeres-muy-visibles-aparecen-en-varios-rincones-de-aragon-1487270.html&amp;ct=ga&amp;cd=CAEYACoUMTQxMjUyNjE4ODQ4NTc1MjczMzUyGWMwMzcyZWJjMmZlYWRhNTk6ZXM6ZXM6RVM&amp;usg=AFQjCNHwyUcPT6OkP0Y_oApvbNrsx3T9rA\">Casi 500 libros escritos por\u00a0mujeres\u00a0\u00abmuy visibles\u00bb aparecen en varios rincones de Arag\u00f3n<\/a>&#8211;\u00a0Heraldo.es<a href=\"https:\/\/www.google.com\/url?rct=j&amp;sa=t&amp;url=https:\/\/www.eldiario.es\/euskadi\/invisibilizadas-mujeres-empoderadas-asociacion-trabaja-derechos-mujeres-ejercen-prostitucion-euskadi_1_7845185.html&amp;ct=ga&amp;cd=CAEYACoTMjc2NzEyODQwMDQ4MTE3OTQwOTIZYzAzNzJlYmMyZmVhZGE1OTplczplczpFUw&amp;usg=AFQjCNFRXDfYGU-npxE8Uz7OmhJnm0-q_g\"><br \/>\nDe invisibilizadas a\u00a0mujeres\u00a0empoderadas: as\u00ed es la asociaci\u00f3n que trabaja por los derechos de &#8230;<\/a>&#8211;\u00a0eldiario.es<\/p>\n<p><u><a href=\"https:\/\/www.google.com\/url?rct=j&amp;sa=t&amp;url=https:\/\/www.larazon.es\/castilla-y-leon\/20210426\/ysoaw2haqfc2nfl2scjiu4sgzi.html&amp;ct=ga&amp;cd=CAEYACoUMTU1MzI5MDY4MjU5ODg0MDgwNzUyGWUxZTc3ZDE1NjA5OGE4ZTM6ZXM6ZXM6RVM&amp;usg=AFQjCNHMD5UtBn9dgNK6wQRJcE8l-gqv7g\">M\u00e1s efectivos en Castilla y Le\u00f3n en la lucha contra la\u00a0violencia de g\u00e9nero<\/a><\/u>&#8211;\u00a0La Raz\u00f3n<\/p>\n<p><u><a href=\"https:\/\/www.20minutos.es\/noticia\/4673458\/0\/euskadi-impulsa-un-pacto-social-y-ciudadano-por-la-igualdad-y-contra-la-violencia-machista\/\">Euskadi impulsa un pacto social y ciudadano por la igualdad y contra la violencia machista<\/a><\/u>-20minutos.es<\/p>\n<p><strong>Econom\u00eda y Empresas<\/strong><\/p>\n<p><u><a href=\"https:\/\/www.europapress.es\/epsocial\/responsables\/noticia-dan-conocer-100-mujeres-lideres-espana-visibiliza-talento-femenino-20210426125005.html\">Se dan a conocer las &#8216;100 Mujeres L\u00edderes en Espa\u00f1a&#8217; que visibiliza el talento femenino<\/a>\u00a0&#8211;<\/u>Europapress<a href=\"https:\/\/www.google.com\/url?rct=j&amp;sa=t&amp;url=https:\/\/www.publico.es\/sociedad\/tierra-tareas-domesticas-extenuante-labor-campos-espana.html&amp;ct=ga&amp;cd=CAEYACoTNjAyMjM1MDkyODc5ODIyMjA4MjIZYzAzNzJlYmMyZmVhZGE1OTplczplczpFUw&amp;usg=AFQjCNGyI3LYC6E6fsmNgy3dOsHxiwcnUQ\"><br \/>\nDe la tierra a las tareas dom\u00e9sticas: la extenuante labor de las\u00a0mujeres\u00a0que trabajan en los &#8230;<\/a>&#8211;\u00a0P\u00fablico<\/p>\n<p><a href=\"https:\/\/www.google.com\/url?rct=j&amp;sa=t&amp;url=https:\/\/energiahoy.com\/2021\/04\/23\/marina-rincon-primer-mujer-en-dirigir-el-instituto-de-energias-renovables\/&amp;ct=ga&amp;cd=CAEYACoTNzMwMDAxNjUzMzc5NzYwNzg4NjIZYzAzNzJlYmMyZmVhZGE1OTplczplczpFUw&amp;usg=AFQjCNH4fKKGUfYvJnddmSXoYN-qdXvseA\">Marina Rinc\u00f3n, primera\u00a0mujer\u00a0en dirigir el\u00a0Instituto\u00a0de Energ\u00edas Renovables<\/a>&#8211;\u00a0EnergiaHoy<\/p>\n<p><a href=\"https:\/\/www.google.com\/url?rct=j&amp;sa=t&amp;url=https:\/\/www.economiadigital.es\/galicia\/opinion\/el-papel-clave-de-la-economia-social-en-la-reconstruccion-post-covid.html&amp;ct=ga&amp;cd=CAEYACoTMTQ1NjU0Mjc3MDA3MTcxMjQzMzIbOTE4ODU3Y2Q2MGY5Nzc0ODplczplczpFUzpM&amp;usg=AFQjCNEcEXkJzx50QmR93dhGmBKGHCNNmA\">El papel clave de la\u00a0Econom\u00eda Social\u00a0en la reconstrucci\u00f3n post-covid<\/a>&#8211;\u00a0Econom\u00eda Digital<\/p>\n<p><u><a href=\"https:\/\/www.mujeremprendedora.net\/womenalia-amazon-lanzan-nuevo-programa-formacion-ayudar-emprendedoras-iniciarse-venta-online\/\">Womenalia y Amazon lanzan un programa de formaci\u00f3n para ayudar a las emprendedoras a iniciarse en la venta online<\/a><\/u>\u00a0\u2013Mujeremprendedora.net<\/p>\n<p><strong>Actualidad<\/strong><\/p>\n<p><u><a href=\"https:\/\/www.lanzadigital.com\/general\/fundacion-mujeres-y-femp-renuevan-su-colaboracion-para-asesorar-a-ayuntamientos-en-materia-de-igualdad\/\">Fundaci\u00f3n Mujeres y FEMP renuevan su colaboraci\u00f3n para asesorar a ayuntamientos en materia de Igualdad<\/a>\u00a0&#8211;<\/u>lanzadigital<a href=\"https:\/\/www.google.com\/url?rct=j&amp;sa=t&amp;url=https:\/\/politicaymedios.com.ar\/nota\/16457\/abogadas-feministas-es-posible-una-justicia-con-perspectiva-de-genero\/&amp;ct=ga&amp;cd=CAEYACoUMTIwNzI1ODM3MjQ3ODAwNjc5MDUyGWM4MmRkOTI2MTI0ZDRjMzA6ZXM6ZXM6RVM&amp;usg=AFQjCNE6DFb95ZoucO1NfGie2TnFZ3-s1g\"><br \/>\nAbogadas feministas: \u00bfEs posible una Justicia con perspectiva de\u00a0g\u00e9nero?<\/a>&#8211;\u00a0Pol\u00edtica y Medios<a href=\"https:\/\/www.google.com\/url?rct=j&amp;sa=t&amp;url=https:\/\/www.heraldo.es\/noticias\/sociedad\/2021\/04\/26\/maternidad-antes-de-los-30-no-se-quiere-o-no-se-puede-1486750.html&amp;ct=ga&amp;cd=CAEYACoTNzYzNzg5NTYxOTcyODc5MTcyOTIZYzAzNzJlYmMyZmVhZGE1OTplczplczpFUw&amp;usg=AFQjCNGXVd68c08elRuw3c1P-7KPrV7B9w\"><br \/>\nMaternidad antes de los 30: \u00bfpor qu\u00e9 se ha convertido en algo inusual?<\/a>&#8211;\u00a0Heraldo.es<strong>\u00a0<\/strong><\/p>\n<p><strong>Violencias<\/strong><\/p>\n<p><a href=\"https:\/\/www.google.com\/url?rct=j&amp;sa=t&amp;url=https:\/\/www.semana.com\/opinion\/articulo\/la-violencia-de-pareja-desde-el-punto-de-vista-de-las-mujeres-mas-que-incidentes-aislados\/202146\/&amp;ct=ga&amp;cd=CAEYBSoTODE0MDQ2MzQ1MDM4MzY4NzA1NzIZYzAzNzJlYmMyZmVhZGE1OTplczplczpFUw&amp;usg=AFQjCNFYYtIaviMQgausJQ7uEgpUa4PY6g\">La violencia de pareja desde el punto de vista de las\u00a0mujeres: m\u00e1s que incidentes aislados<\/a>&#8211;\u00a0Semana.com<a href=\"https:\/\/www.google.com\/url?rct=j&amp;sa=t&amp;url=https:\/\/www.farodevigo.es\/sociedad\/2021\/04\/26\/ampliacion-prescripcion-abuso-sexual-eliminara-49287912.html&amp;ct=ga&amp;cd=CAEYACoTNzgzODg3ODA2OTgwMzQzODQ2MzIZZTJkZWZhN2Q1ZGE5MTU3ZDplczplczpFUw&amp;usg=AFQjCNF87aZgxBBAQR_CHmdpkSvRD034ww\"><br \/>\n\u201cLa ampliaci\u00f3n de la prescripci\u00f3n del abuso sexual eliminar\u00e1 espacios de impunidad\u201d<\/a>&#8211;\u00a0Faro de Vigo<strong>\u00a0<\/strong><\/p>\n<p><strong>Ciencia y Cultura<\/strong><\/p>\n<p><a href=\"https:\/\/www.google.com\/url?rct=j&amp;sa=t&amp;url=https:\/\/amecopress.net\/El-Instituto-de-Salud-Carlos-III-renueva-su-compromiso-con-las-cientificas-africanas&amp;ct=ga&amp;cd=CAEYBSoTNjc4ODgxMTI0ODQ4NDA1Mjk4NDIZYzAzNzJlYmMyZmVhZGE1OTplczplczpFUw&amp;usg=AFQjCNFgexUjzIRgfqVz0e9O7vkie5vpfA\">El\u00a0Instituto\u00a0de Salud Carlos III renueva su compromiso con las cient\u00edficas africanas\u2026<\/a>-AmecoPress<\/p>\n<p><a href=\"https:\/\/www.google.com\/url?rct=j&amp;sa=t&amp;url=https:\/\/www.salamanca24horas.com\/texto-diario\/mostrar\/2854718\/usal-acoge-congreso-internacional-desarrollo-sostenible-mujer-nuevos-horizontes-marco-agenda-2030&amp;ct=ga&amp;cd=CAEYACoUMTYwNzIxNjAyODUxNzQxNDEzNjkyGWMwMzcyZWJjMmZlYWRhNTk6ZXM6ZXM6RVM&amp;usg=AFQjCNEcqcepa9eVHu_witYj1pA71Xh3Og\">La USAL acoge el Congreso Internacional \u00abDesarrollo Sostenible y\u00a0Mujer: nuevos horizontes en el &#8230;<\/a>&#8211;\u00a0Salamanca24horas<a href=\"https:\/\/www.google.com\/url?rct=j&amp;sa=t&amp;url=https:\/\/diariodeavisos.elespanol.com\/2021\/04\/paloma-diaz-mas-es-elegida-nueva-academica-de-la-rae\/&amp;ct=ga&amp;cd=CAEYAioTNjc4ODgxMTI0ODQ4NDA1Mjk4NDIZYzAzNzJlYmMyZmVhZGE1OTplczplczpFUw&amp;usg=AFQjCNFtIvsRj95cfNpYJRw3eQs-2wMM5w\"><br \/>\nPaloma D\u00edaz-Mas es elegida nueva acad\u00e9mica de la RAE<\/a>&#8211;\u00a0Diario de Avisos<a href=\"https:\/\/www.google.com\/url?rct=j&amp;sa=t&amp;url=https:\/\/www.20minutos.es\/noticia\/4671850\/0\/los-ii-cuentos-clasicos-para-ninas-y-ninos-de-hoy-homenajean-a-gloria-fuertes-greta-thunberg-y-margarita-salas\/&amp;ct=ga&amp;cd=CAEYASoUMTQxNTI2ODk0Mzk2NzgyNzAyMDIyGzlhYjFjZGQ3ZTM2NmVmMzg6ZXM6ZXM6RVM6Ug&amp;usg=AFQjCNELqwECbux8KiimfGkXhm5_Ssczgg\"><br \/>\nLos II Cuentos Cl\u00e1sicos para ni\u00f1as y ni\u00f1os de hoy homenajean a Gloria Fuertes, Greta Thunberg y Margarita Salas &#8230;<\/a>&#8211;\u00a020minutos<a href=\"https:\/\/www.google.com\/url?rct=j&amp;sa=t&amp;url=https:\/\/www.lanzadigital.com\/provincia\/ciudad-real\/las-palabras-de-marcela-en-el-quijote-sirven-para-reivindicar-la-lucha-de-las-mujeres-por-la-igualdad-en-el-dia-del-libro\/&amp;ct=ga&amp;cd=CAEYAyoTNjc4ODgxMTI0ODQ4NDA1Mjk4NDIZYzAzNzJlYmMyZmVhZGE1OTplczplczpFUw&amp;usg=AFQjCNHZ2nIyKdu7nPEGGKD1wgG88EMehw\"><br \/>\nLas palabras de Marcela en el &#8216;Quijote&#8217; sirven para reivindicar la lucha de las\u00a0mujeres\u00a0por la &#8230;<\/a>&#8211;\u00a0Lanza Digital<\/p>\n<p><a href=\"https:\/\/www.google.com\/url?rct=j&amp;sa=t&amp;url=https:\/\/www.eldia.es\/cultura\/2021\/04\/24\/doce-letras-nombre-mujer-48700358.html&amp;ct=ga&amp;cd=CAEYAyoTNzMwMDAxNjUzMzc5NzYwNzg4NjIZYzAzNzJlYmMyZmVhZGE1OTplczplczpFUw&amp;usg=AFQjCNF_dpI8_WJ6eWV8v8fbmmY7ZshQYw\">Doce letras con nombre de\u00a0mujer<\/a>&#8211;\u00a0<a href=\"http:\/\/eldia.es\/\">eldia.es<\/a><\/p>\n<p><a href=\"https:\/\/www.google.com\/url?rct=j&amp;sa=t&amp;url=https:\/\/www.abc.es\/cultura\/cultural\/abci-novela-inedita-emilia-pardo-bazan-quiso-enmendar-plana-conan-doyle-202104231650_noticia.html&amp;ct=ga&amp;cd=CAEYBCoUMTU3Njc1NDI4NDA2MjEzOTY0NTgyGWMwMzcyZWJjMmZlYWRhNTk6ZXM6ZXM6RVM&amp;usg=AFQjCNG5z2a4DzdlkMt8zQ-_etdNYW0mSw\">La novela in\u00e9dita con la que Emilia Pardo Baz\u00e1n quiso enmendar la plana a Conan Doyle<\/a>&#8211;\u00a0Abc.es<\/p>\n<p><u><a href=\"https:\/\/www.elmundo.es\/loc\/celebrities\/2021\/04\/26\/608051a0fc6c83d75e8b4662.html\">Laia Costa: doula, hija de taxista&#8230; y la actriz espa\u00f1ola con m\u00e1s \u00e9xito en el cine &#8216;indie&#8217; internacional<\/a>&#8211;<\/u>El Mundo<strong>\u00a0<\/strong><\/p>\n<p><strong>Deporte<\/strong><a href=\"https:\/\/www.google.com\/url?rct=j&amp;sa=t&amp;url=https:\/\/elpais.com\/deportes\/2021-04-25\/the-senorita-mucho-mas-que-una-pionera.html&amp;ct=ga&amp;cd=CAEYACoUMTU1NDg3MDExMTM3MDY4Mjc3NDgyGWMwMzcyZWJjMmZlYWRhNTk6ZXM6ZXM6RVM&amp;usg=AFQjCNHhLe7JfkgZ8AK0sNtT41XykfQeAQ\"><br \/>\n&#8216;The Se\u00f1orita&#8217;, mucho m\u00e1s que una pionera<\/a><u>&#8211;<\/u>\u00a0El Pa\u00eds<\/p>\n<p><u><a href=\"https:\/\/www.marca.com\/radio\/2021\/04\/24\/60830b8cca4741d0088b45f5.html\">Mar\u00eda L\u00f3pez: \u00abLos ni\u00f1os pueden tener referentes femeninos en el deporte\u00bb<\/a><\/u>-marca<\/p>\n<p><u><a href=\"https:\/\/www.canarias7.es\/canarias\/gran-canaria\/telde\/rally-deporte-coches-20210425092054-nt.html\">El rally, un deporte de coches y no de hombres<\/a><\/u>-canarias7<\/p>\n<\/div>\n<\/div>\n<div id=\"\" class=\"lsow-panel lsow-active\">\n<h1 class=\"lsow-panel-title\">Internacional<\/h1>\n<div class=\"lsow-panel-content\">\n<p><a href=\"https:\/\/www.google.com\/url?rct=j&amp;sa=t&amp;url=https:\/\/www.eluniversal.com.mx\/opinion\/colegio-de-ingenieros-civiles-de-mexico\/las-mujeres-y-los-objetivos-de-desarrollo-sostenible&amp;ct=ga&amp;cd=CAEYBCoTODQ5MTEwOTEyMzg3NTkxMjA2MzIZYzAzNzJlYmMyZmVhZGE1OTplczplczpFUw&amp;usg=AFQjCNHgp9XZ-bJSItDQcQcpqoywvyeLWg\">Las\u00a0mujeres\u00a0y los Objetivos de Desarrollo Sostenible<\/a>&#8211;\u00a0El Universal<\/p>\n<p><u><a href=\"https:\/\/www.msn.com\/es-es\/finance\/noticias\/las-mujeres-rurales-pueden-impulsar-las-recuperaciones-verdes\/ar-BB1g3b7b?ocid=BingNewsSearch\">Las mujeres rurales pueden impulsar las recuperaciones verdes<\/a><\/u>-msn<a href=\"https:\/\/www.google.com\/url?rct=j&amp;sa=t&amp;url=https:\/\/www.lawyerpress.com\/2021\/04\/26\/microcreditos-digitalizacion-y-perspectiva-de-genero-como-antidotos-para-superar-la-crisis-de-la-covid-19\/&amp;ct=ga&amp;cd=CAEYACoUMTIyMDAzMzE0NjkzNzU0ODUxNzQyGTU5ZDc4MTcxMzZhMmQwMjg6ZXM6ZXM6RVM&amp;usg=AFQjCNFnSI0PCaiYBD8-6-B3ot5sKB6MTQ\"><br \/>\nMicrocr\u00e9ditos, digitalizaci\u00f3n y perspectiva de\u00a0g\u00e9nero\u00a0como ant\u00eddotos para superar la crisis de la Covid19 &#8230;<\/a>&#8211;\u00a0Lawyer Press<\/p>\n<p><u><a href=\"https:\/\/pressperu.com\/mujeres-emprendedoras-esfuerzo-y-empeno-en-pandemia-para-impulsar-la-economia-del-peru\/\">Mujeres emprendedoras: Esfuerzo y empe\u00f1o en pandemia para impulsar la econom\u00eda del Per\u00fa<\/a><\/u>-pressperu<a href=\"https:\/\/www.google.com\/url?rct=j&amp;sa=t&amp;url=https:\/\/www.bbc.com\/mundo\/noticias-56780692&amp;ct=ga&amp;cd=CAEYACoTMjMzODM5NTg0ODI3NjQ4MzM4ODIZYzAzNzJlYmMyZmVhZGE1OTplczplczpFUw&amp;usg=AFQjCNGSsED9gNmOMJS9ntwL1O9VkCSb7g\"><br \/>\nAlva Myrdal, la\u00a0mujer\u00a0que cre\u00f3 la Suecia moderna<\/a>&#8211;\u00a0BBC Mundo<a href=\"https:\/\/www.google.com\/url?rct=j&amp;sa=t&amp;url=http:\/\/www.eleconomista.es\/ecoaula\/noticias\/11180157\/04\/21\/La-Semana-de-Accion-Mundial-por-la-Educacion-arranca-en-124-paises-para-visibilizar-el-impacto-de-la-COVID-en-la-escuela.html&amp;ct=ga&amp;cd=CAEYASoUMTU5MDUxMTU1NzE4NDc2Mjc4OTcyGTU5ZDc4MTcxMzZhMmQwMjg6ZXM6ZXM6RVM&amp;usg=AFQjCNGzIN4O6St8a9Z9yUKTU7ZTxcjOug\"><br \/>\nLa Semana de Acci\u00f3n Mundial por la Educaci\u00f3n arranca en 124 pa\u00edses para visibilizar el impacto &#8230;<\/a>&#8211;\u00a0Ecodiario<\/p>\n<p><a href=\"https:\/\/www.google.com\/url?rct=j&amp;sa=t&amp;url=https:\/\/www.businessinsider.es\/claves-paises-nordicos-ser-felices-mundo-851175&amp;ct=ga&amp;cd=CAEYAioTMjY3NjAwNDg4MjUwOTE4ODA1NDIZYzAzNzJlYmMyZmVhZGE1OTplczplczpFUw&amp;usg=AFQjCNGua9eaaVLN4nw4H2aRdp97JI-CCQ\">Las claves de los pa\u00edses n\u00f3rdicos para ser los m\u00e1s felices del mundo: separaci\u00f3n entre vida y &#8230;<\/a>&#8211;\u00a0Business Insider Espa\u00f1a<a href=\"https:\/\/www.google.com\/url?rct=j&amp;sa=t&amp;url=https:\/\/www.eldiario.es\/canariasahora\/internacional\/propuesta-ue-lucha-trata-abre-puerta-penalizar-consumidores-prostitucion_1_7854898.html&amp;ct=ga&amp;cd=CAEYAyoUMTA1NTI5NTczNTY2Nzk4MzQ3MDkyGWMwMzcyZWJjMmZlYWRhNTk6ZXM6ZXM6RVM&amp;usg=AFQjCNECOdxW61VXcXSA7fFfCQ_X-ecX3g\"><br \/>\nLa propuesta de la UE contra la trata abre la puerta a penalizar a los consumidores de prostituci\u00f3n<\/a>&#8211;\u00a0eldiario.es<\/p>\n<p><a href=\"https:\/\/www.google.com\/url?rct=j&amp;sa=t&amp;url=https:\/\/www.elespanol.com\/cultura\/cine\/20210425\/premios-oscar-2021-sigue-gala-directo\/575792417_10.html&amp;ct=ga&amp;cd=CAEYBCoSOTgyOTQ4Nzc4MTI1MTYxMjU1MhljMDM3MmViYzJmZWFkYTU5OmVzOmVzOkVT&amp;usg=AFQjCNFEbh_MF_Y7QaNHppYMl6zy--s6dQ\">Premios Oscar 2021: Chlo\u00e9 Zhao, mejor direcci\u00f3n\u2026<\/a>-El Espa\u00f1ol<\/p>\n<\/div>\n<\/div>\n<\/div><\/div><\/div><\/div><\/div>\n","protected":false},"excerpt":{"rendered":"<p>Las 100 Mujeres L\u00edderes en Espa\u00f1a que visibiliza el talento femenino * RAE Doce letras con nombre de mujer * Maternidad antes de los 30, \u00bfpor qu\u00e9 tan inusual? * Oscar2021 Chlo\u00e9 Zhao Premio a la Mejor Direcci\u00f3n <\/p>\n","protected":false},"author":3,"featured_media":22909,"comment_status":"closed","ping_status":"closed","sticky":false,"template":"","format":"standard","meta":{"footnotes":""},"categories":[298,621],"tags":[182],"class_list":["post-15391","post","type-post","status-publish","format-standard","has-post-thumbnail","hentry","category-newsletter","category-nwl-3-0","tag-top100"],"yoast_head":"<!-- This site is optimized with the Yoast SEO plugin v27.5 - https:\/\/yoast.com\/product\/yoast-seo-wordpress\/ -->\n<title>Noticias Info CKL n\u00ba 2.574-26\/04\/21-Comunicar con perspectiva de g\u00e9nero<\/title>\n<meta name=\"description\" content=\"Las 100 Mujeres L\u00edderes en Espa\u00f1a que visibiliza el talento femenino * RAE Doce letras con nombre de mujer * Maternidad antes de los 30, \u00bfpor qu\u00e9 tan inusual? * Oscar2021 Chlo\u00e9 Zhao Premio a la Mejor Direcci\u00f3n\" \/>\n<meta name=\"robots\" content=\"index, follow, max-snippet:-1, max-image-preview:large, max-video-preview:-1\" \/>\n<link rel=\"canonical\" href=\"https:\/\/cklcomunicaciones.es\/coop\/noticias-info-ckl-no-2-574-26-04-21\/\" \/>\n<meta property=\"og:locale\" content=\"es_ES\" \/>\n<meta property=\"og:type\" content=\"article\" \/>\n<meta property=\"og:title\" content=\"Noticias Info CKL n\u00ba 2.574-26\/04\/21-Comunicar con perspectiva de g\u00e9nero\" \/>\n<meta property=\"og:description\" content=\"Las 100 Mujeres L\u00edderes en Espa\u00f1a que visibiliza el talento femenino * RAE Doce letras con nombre de mujer * Maternidad antes de los 30, \u00bfpor qu\u00e9 tan inusual? * Oscar2021 Chlo\u00e9 Zhao Premio a la Mejor Direcci\u00f3n\" \/>\n<meta property=\"og:url\" content=\"https:\/\/cklcomunicaciones.es\/coop\/noticias-info-ckl-no-2-574-26-04-21\/\" \/>\n<meta property=\"og:site_name\" content=\"CKL Comunicaciones\" \/>\n<meta property=\"article:published_time\" content=\"2021-04-26T12:26:16+00:00\" \/>\n<meta property=\"article:modified_time\" content=\"2025-02-10T18:05:19+00:00\" \/>\n<meta property=\"og:image\" content=\"https:\/\/cklcomunicaciones.es\/coop\/wp-content\/uploads\/2025\/01\/CKL-una-mirada-distinta-de-la-comunicacion.jpg\" \/>\n\t<meta property=\"og:image:width\" content=\"1482\" \/>\n\t<meta property=\"og:image:height\" content=\"775\" \/>\n\t<meta property=\"og:image:type\" content=\"image\/jpeg\" \/>\n<meta name=\"author\" content=\"ckl\" \/>\n<meta name=\"twitter:card\" content=\"summary_large_image\" \/>\n<meta name=\"twitter:label1\" content=\"Escrito por\" \/>\n\t<meta name=\"twitter:data1\" content=\"ckl\" \/>\n\t<meta name=\"twitter:label2\" content=\"Tiempo de lectura\" \/>\n\t<meta name=\"twitter:data2\" content=\"6 minutos\" \/>\n<script type=\"application\/ld+json\" class=\"yoast-schema-graph\">{\"@context\":\"https:\\\/\\\/schema.org\",\"@graph\":[{\"@type\":\"Article\",\"@id\":\"https:\\\/\\\/cklcomunicaciones.es\\\/coop\\\/noticias-info-ckl-no-2-574-26-04-21\\\/#article\",\"isPartOf\":{\"@id\":\"https:\\\/\\\/cklcomunicaciones.es\\\/coop\\\/noticias-info-ckl-no-2-574-26-04-21\\\/\"},\"author\":{\"name\":\"ckl\",\"@id\":\"https:\\\/\\\/cklcomunicaciones.es\\\/coop\\\/#\\\/schema\\\/person\\\/929a6837f7626450bbb50cee1aef266e\"},\"headline\":\"Noticias Info CKL n\u00ba 2.574-26\\\/04\\\/21\",\"datePublished\":\"2021-04-26T12:26:16+00:00\",\"dateModified\":\"2025-02-10T18:05:19+00:00\",\"mainEntityOfPage\":{\"@id\":\"https:\\\/\\\/cklcomunicaciones.es\\\/coop\\\/noticias-info-ckl-no-2-574-26-04-21\\\/\"},\"wordCount\":1327,\"image\":{\"@id\":\"https:\\\/\\\/cklcomunicaciones.es\\\/coop\\\/noticias-info-ckl-no-2-574-26-04-21\\\/#primaryimage\"},\"thumbnailUrl\":\"https:\\\/\\\/cklcomunicaciones.es\\\/coop\\\/wp-content\\\/uploads\\\/2025\\\/01\\\/CKL-una-mirada-distinta-de-la-comunicacion.jpg\",\"keywords\":[\"Top100\"],\"articleSection\":[\"Newsletter\",\"Nwl v3.0\"],\"inLanguage\":\"es\"},{\"@type\":\"WebPage\",\"@id\":\"https:\\\/\\\/cklcomunicaciones.es\\\/coop\\\/noticias-info-ckl-no-2-574-26-04-21\\\/\",\"url\":\"https:\\\/\\\/cklcomunicaciones.es\\\/coop\\\/noticias-info-ckl-no-2-574-26-04-21\\\/\",\"name\":\"Noticias Info CKL n\u00ba 2.574-26\\\/04\\\/21-Comunicar con perspectiva de g\u00e9nero\",\"isPartOf\":{\"@id\":\"https:\\\/\\\/cklcomunicaciones.es\\\/coop\\\/#website\"},\"primaryImageOfPage\":{\"@id\":\"https:\\\/\\\/cklcomunicaciones.es\\\/coop\\\/noticias-info-ckl-no-2-574-26-04-21\\\/#primaryimage\"},\"image\":{\"@id\":\"https:\\\/\\\/cklcomunicaciones.es\\\/coop\\\/noticias-info-ckl-no-2-574-26-04-21\\\/#primaryimage\"},\"thumbnailUrl\":\"https:\\\/\\\/cklcomunicaciones.es\\\/coop\\\/wp-content\\\/uploads\\\/2025\\\/01\\\/CKL-una-mirada-distinta-de-la-comunicacion.jpg\",\"datePublished\":\"2021-04-26T12:26:16+00:00\",\"dateModified\":\"2025-02-10T18:05:19+00:00\",\"author\":{\"@id\":\"https:\\\/\\\/cklcomunicaciones.es\\\/coop\\\/#\\\/schema\\\/person\\\/929a6837f7626450bbb50cee1aef266e\"},\"description\":\"Las 100 Mujeres L\u00edderes en Espa\u00f1a que visibiliza el talento femenino * RAE Doce letras con nombre de mujer * Maternidad antes de los 30, \u00bfpor qu\u00e9 tan inusual? * Oscar2021 Chlo\u00e9 Zhao Premio a la Mejor Direcci\u00f3n\",\"breadcrumb\":{\"@id\":\"https:\\\/\\\/cklcomunicaciones.es\\\/coop\\\/noticias-info-ckl-no-2-574-26-04-21\\\/#breadcrumb\"},\"inLanguage\":\"es\",\"potentialAction\":[{\"@type\":\"ReadAction\",\"target\":[\"https:\\\/\\\/cklcomunicaciones.es\\\/coop\\\/noticias-info-ckl-no-2-574-26-04-21\\\/\"]}]},{\"@type\":\"ImageObject\",\"inLanguage\":\"es\",\"@id\":\"https:\\\/\\\/cklcomunicaciones.es\\\/coop\\\/noticias-info-ckl-no-2-574-26-04-21\\\/#primaryimage\",\"url\":\"https:\\\/\\\/cklcomunicaciones.es\\\/coop\\\/wp-content\\\/uploads\\\/2025\\\/01\\\/CKL-una-mirada-distinta-de-la-comunicacion.jpg\",\"contentUrl\":\"https:\\\/\\\/cklcomunicaciones.es\\\/coop\\\/wp-content\\\/uploads\\\/2025\\\/01\\\/CKL-una-mirada-distinta-de-la-comunicacion.jpg\",\"width\":1482,\"height\":775,\"caption\":\"CKL - una mirada distinta de la comunicacion\"},{\"@type\":\"BreadcrumbList\",\"@id\":\"https:\\\/\\\/cklcomunicaciones.es\\\/coop\\\/noticias-info-ckl-no-2-574-26-04-21\\\/#breadcrumb\",\"itemListElement\":[{\"@type\":\"ListItem\",\"position\":1,\"name\":\"Portada\",\"item\":\"https:\\\/\\\/cklcomunicaciones.es\\\/coop\\\/\"},{\"@type\":\"ListItem\",\"position\":2,\"name\":\"Noticias Info CKL n\u00ba 2.574-26\\\/04\\\/21\"}]},{\"@type\":\"WebSite\",\"@id\":\"https:\\\/\\\/cklcomunicaciones.es\\\/coop\\\/#website\",\"url\":\"https:\\\/\\\/cklcomunicaciones.es\\\/coop\\\/\",\"name\":\"CKL Comunicaciones\",\"description\":\"Sitio web de CKL Comunicaciones coop , la consultora de comunicaci\u00f3n y estrategia\",\"potentialAction\":[{\"@type\":\"SearchAction\",\"target\":{\"@type\":\"EntryPoint\",\"urlTemplate\":\"https:\\\/\\\/cklcomunicaciones.es\\\/coop\\\/?s={search_term_string}\"},\"query-input\":{\"@type\":\"PropertyValueSpecification\",\"valueRequired\":true,\"valueName\":\"search_term_string\"}}],\"inLanguage\":\"es\"},{\"@type\":\"Person\",\"@id\":\"https:\\\/\\\/cklcomunicaciones.es\\\/coop\\\/#\\\/schema\\\/person\\\/929a6837f7626450bbb50cee1aef266e\",\"name\":\"ckl\",\"image\":{\"@type\":\"ImageObject\",\"inLanguage\":\"es\",\"@id\":\"https:\\\/\\\/secure.gravatar.com\\\/avatar\\\/c82db564e8a669bf6023357a157b9dc4780f4d4c618f2ad1d71a6a5dede45057?s=96&d=mm&r=g\",\"url\":\"https:\\\/\\\/secure.gravatar.com\\\/avatar\\\/c82db564e8a669bf6023357a157b9dc4780f4d4c618f2ad1d71a6a5dede45057?s=96&d=mm&r=g\",\"contentUrl\":\"https:\\\/\\\/secure.gravatar.com\\\/avatar\\\/c82db564e8a669bf6023357a157b9dc4780f4d4c618f2ad1d71a6a5dede45057?s=96&d=mm&r=g\",\"caption\":\"ckl\"},\"url\":\"https:\\\/\\\/cklcomunicaciones.es\\\/coop\\\/author\\\/cklcomunicaciones\\\/\"}]}<\/script>\n<!-- \/ Yoast SEO plugin. -->","yoast_head_json":{"title":"Noticias Info CKL n\u00ba 2.574-26\/04\/21-Comunicar con perspectiva de g\u00e9nero","description":"Las 100 Mujeres L\u00edderes en Espa\u00f1a que visibiliza el talento femenino * RAE Doce letras con nombre de mujer * Maternidad antes de los 30, \u00bfpor qu\u00e9 tan inusual? * Oscar2021 Chlo\u00e9 Zhao Premio a la Mejor Direcci\u00f3n","robots":{"index":"index","follow":"follow","max-snippet":"max-snippet:-1","max-image-preview":"max-image-preview:large","max-video-preview":"max-video-preview:-1"},"canonical":"https:\/\/cklcomunicaciones.es\/coop\/noticias-info-ckl-no-2-574-26-04-21\/","og_locale":"es_ES","og_type":"article","og_title":"Noticias Info CKL n\u00ba 2.574-26\/04\/21-Comunicar con perspectiva de g\u00e9nero","og_description":"Las 100 Mujeres L\u00edderes en Espa\u00f1a que visibiliza el talento femenino * RAE Doce letras con nombre de mujer * Maternidad antes de los 30, \u00bfpor qu\u00e9 tan inusual? * Oscar2021 Chlo\u00e9 Zhao Premio a la Mejor Direcci\u00f3n","og_url":"https:\/\/cklcomunicaciones.es\/coop\/noticias-info-ckl-no-2-574-26-04-21\/","og_site_name":"CKL Comunicaciones","article_published_time":"2021-04-26T12:26:16+00:00","article_modified_time":"2025-02-10T18:05:19+00:00","og_image":[{"width":1482,"height":775,"url":"https:\/\/cklcomunicaciones.es\/coop\/wp-content\/uploads\/2025\/01\/CKL-una-mirada-distinta-de-la-comunicacion.jpg","type":"image\/jpeg"}],"author":"ckl","twitter_card":"summary_large_image","twitter_misc":{"Escrito por":"ckl","Tiempo de lectura":"6 minutos"},"schema":{"@context":"https:\/\/schema.org","@graph":[{"@type":"Article","@id":"https:\/\/cklcomunicaciones.es\/coop\/noticias-info-ckl-no-2-574-26-04-21\/#article","isPartOf":{"@id":"https:\/\/cklcomunicaciones.es\/coop\/noticias-info-ckl-no-2-574-26-04-21\/"},"author":{"name":"ckl","@id":"https:\/\/cklcomunicaciones.es\/coop\/#\/schema\/person\/929a6837f7626450bbb50cee1aef266e"},"headline":"Noticias Info CKL n\u00ba 2.574-26\/04\/21","datePublished":"2021-04-26T12:26:16+00:00","dateModified":"2025-02-10T18:05:19+00:00","mainEntityOfPage":{"@id":"https:\/\/cklcomunicaciones.es\/coop\/noticias-info-ckl-no-2-574-26-04-21\/"},"wordCount":1327,"image":{"@id":"https:\/\/cklcomunicaciones.es\/coop\/noticias-info-ckl-no-2-574-26-04-21\/#primaryimage"},"thumbnailUrl":"https:\/\/cklcomunicaciones.es\/coop\/wp-content\/uploads\/2025\/01\/CKL-una-mirada-distinta-de-la-comunicacion.jpg","keywords":["Top100"],"articleSection":["Newsletter","Nwl v3.0"],"inLanguage":"es"},{"@type":"WebPage","@id":"https:\/\/cklcomunicaciones.es\/coop\/noticias-info-ckl-no-2-574-26-04-21\/","url":"https:\/\/cklcomunicaciones.es\/coop\/noticias-info-ckl-no-2-574-26-04-21\/","name":"Noticias Info CKL n\u00ba 2.574-26\/04\/21-Comunicar con perspectiva de g\u00e9nero","isPartOf":{"@id":"https:\/\/cklcomunicaciones.es\/coop\/#website"},"primaryImageOfPage":{"@id":"https:\/\/cklcomunicaciones.es\/coop\/noticias-info-ckl-no-2-574-26-04-21\/#primaryimage"},"image":{"@id":"https:\/\/cklcomunicaciones.es\/coop\/noticias-info-ckl-no-2-574-26-04-21\/#primaryimage"},"thumbnailUrl":"https:\/\/cklcomunicaciones.es\/coop\/wp-content\/uploads\/2025\/01\/CKL-una-mirada-distinta-de-la-comunicacion.jpg","datePublished":"2021-04-26T12:26:16+00:00","dateModified":"2025-02-10T18:05:19+00:00","author":{"@id":"https:\/\/cklcomunicaciones.es\/coop\/#\/schema\/person\/929a6837f7626450bbb50cee1aef266e"},"description":"Las 100 Mujeres L\u00edderes en Espa\u00f1a que visibiliza el talento femenino * RAE Doce letras con nombre de mujer * Maternidad antes de los 30, \u00bfpor qu\u00e9 tan inusual? * Oscar2021 Chlo\u00e9 Zhao Premio a la Mejor Direcci\u00f3n","breadcrumb":{"@id":"https:\/\/cklcomunicaciones.es\/coop\/noticias-info-ckl-no-2-574-26-04-21\/#breadcrumb"},"inLanguage":"es","potentialAction":[{"@type":"ReadAction","target":["https:\/\/cklcomunicaciones.es\/coop\/noticias-info-ckl-no-2-574-26-04-21\/"]}]},{"@type":"ImageObject","inLanguage":"es","@id":"https:\/\/cklcomunicaciones.es\/coop\/noticias-info-ckl-no-2-574-26-04-21\/#primaryimage","url":"https:\/\/cklcomunicaciones.es\/coop\/wp-content\/uploads\/2025\/01\/CKL-una-mirada-distinta-de-la-comunicacion.jpg","contentUrl":"https:\/\/cklcomunicaciones.es\/coop\/wp-content\/uploads\/2025\/01\/CKL-una-mirada-distinta-de-la-comunicacion.jpg","width":1482,"height":775,"caption":"CKL - una mirada distinta de la comunicacion"},{"@type":"BreadcrumbList","@id":"https:\/\/cklcomunicaciones.es\/coop\/noticias-info-ckl-no-2-574-26-04-21\/#breadcrumb","itemListElement":[{"@type":"ListItem","position":1,"name":"Portada","item":"https:\/\/cklcomunicaciones.es\/coop\/"},{"@type":"ListItem","position":2,"name":"Noticias Info CKL n\u00ba 2.574-26\/04\/21"}]},{"@type":"WebSite","@id":"https:\/\/cklcomunicaciones.es\/coop\/#website","url":"https:\/\/cklcomunicaciones.es\/coop\/","name":"CKL Comunicaciones","description":"Sitio web de CKL Comunicaciones coop , la consultora de comunicaci\u00f3n y estrategia","potentialAction":[{"@type":"SearchAction","target":{"@type":"EntryPoint","urlTemplate":"https:\/\/cklcomunicaciones.es\/coop\/?s={search_term_string}"},"query-input":{"@type":"PropertyValueSpecification","valueRequired":true,"valueName":"search_term_string"}}],"inLanguage":"es"},{"@type":"Person","@id":"https:\/\/cklcomunicaciones.es\/coop\/#\/schema\/person\/929a6837f7626450bbb50cee1aef266e","name":"ckl","image":{"@type":"ImageObject","inLanguage":"es","@id":"https:\/\/secure.gravatar.com\/avatar\/c82db564e8a669bf6023357a157b9dc4780f4d4c618f2ad1d71a6a5dede45057?s=96&d=mm&r=g","url":"https:\/\/secure.gravatar.com\/avatar\/c82db564e8a669bf6023357a157b9dc4780f4d4c618f2ad1d71a6a5dede45057?s=96&d=mm&r=g","contentUrl":"https:\/\/secure.gravatar.com\/avatar\/c82db564e8a669bf6023357a157b9dc4780f4d4c618f2ad1d71a6a5dede45057?s=96&d=mm&r=g","caption":"ckl"},"url":"https:\/\/cklcomunicaciones.es\/coop\/author\/cklcomunicaciones\/"}]}},"_links":{"self":[{"href":"https:\/\/cklcomunicaciones.es\/coop\/wp-json\/wp\/v2\/posts\/15391","targetHints":{"allow":["GET"]}}],"collection":[{"href":"https:\/\/cklcomunicaciones.es\/coop\/wp-json\/wp\/v2\/posts"}],"about":[{"href":"https:\/\/cklcomunicaciones.es\/coop\/wp-json\/wp\/v2\/types\/post"}],"author":[{"embeddable":true,"href":"https:\/\/cklcomunicaciones.es\/coop\/wp-json\/wp\/v2\/users\/3"}],"replies":[{"embeddable":true,"href":"https:\/\/cklcomunicaciones.es\/coop\/wp-json\/wp\/v2\/comments?post=15391"}],"version-history":[{"count":0,"href":"https:\/\/cklcomunicaciones.es\/coop\/wp-json\/wp\/v2\/posts\/15391\/revisions"}],"wp:featuredmedia":[{"embeddable":true,"href":"https:\/\/cklcomunicaciones.es\/coop\/wp-json\/wp\/v2\/media\/22909"}],"wp:attachment":[{"href":"https:\/\/cklcomunicaciones.es\/coop\/wp-json\/wp\/v2\/media?parent=15391"}],"wp:term":[{"taxonomy":"category","embeddable":true,"href":"https:\/\/cklcomunicaciones.es\/coop\/wp-json\/wp\/v2\/categories?post=15391"},{"taxonomy":"post_tag","embeddable":true,"href":"https:\/\/cklcomunicaciones.es\/coop\/wp-json\/wp\/v2\/tags?post=15391"}],"curies":[{"name":"wp","href":"https:\/\/api.w.org\/{rel}","templated":true}]}}