{"id":15388,"date":"2021-04-23T16:38:09","date_gmt":"2021-04-23T14:38:09","guid":{"rendered":"https:\/\/www.cklcomunicaciones.es\/?p=15388"},"modified":"2025-02-10T19:10:09","modified_gmt":"2025-02-10T18:10:09","slug":"noticias-info-ckl-no-2573-23-04-21","status":"publish","type":"post","link":"https:\/\/cklcomunicaciones.es\/coop\/noticias-info-ckl-no-2573-23-04-21\/","title":{"rendered":"Noticias Info CKL n\u00ba 2.573-23\/04\/21"},"content":{"rendered":"<div class=\"fusion-fullwidth fullwidth-box fusion-builder-row-1 fusion-flex-container nonhundred-percent-fullwidth non-hundred-percent-height-scrolling\" style=\"--awb-border-radius-top-left:0px;--awb-border-radius-top-right:0px;--awb-border-radius-bottom-right:0px;--awb-border-radius-bottom-left:0px;--awb-flex-wrap:wrap;\" ><div class=\"fusion-builder-row fusion-row fusion-flex-align-items-flex-start fusion-flex-content-wrap\" style=\"max-width:1248px;margin-left: calc(-4% \/ 2 );margin-right: calc(-4% \/ 2 );\"><div class=\"fusion-layout-column fusion_builder_column fusion-builder-column-0 fusion_builder_column_1_1 1_1 fusion-flex-column\" style=\"--awb-bg-blend:overlay;--awb-bg-size:cover;--awb-width-large:100%;--awb-margin-top-large:0px;--awb-spacing-right-large:1.92%;--awb-margin-bottom-large:0px;--awb-spacing-left-large:1.92%;--awb-width-medium:100%;--awb-spacing-right-medium:1.92%;--awb-spacing-left-medium:1.92%;--awb-width-small:100%;--awb-spacing-right-small:1.92%;--awb-spacing-left-small:1.92%;\"><div class=\"fusion-column-wrapper fusion-flex-justify-content-flex-start fusion-content-layout-column\"><div class=\"fusion-text fusion-text-1\"><div id=\"\" class=\"lsow-panel lsow-active\">\n<h1 class=\"lsow-panel-title\">Convocatorias<\/h1>\n<div class=\"lsow-panel-content\">\n<ul>\n<li><u><\/u><a href=\"https:\/\/www.uco.es\/catedrasyaulas\/catedramujeres\/encuentros-con-la-escritura.php\">&#8216;Benilde, Estudios de G\u00e9nero y Feminismos&#8217;<\/a>[Dentro de &#8216;Encuentros con la Escritura].\u00a0C\u00e1tedra de Estudios de las Mujeres<em>\u00a0<\/em>Leonor de Guzm\u00e1n de la Universidad de C\u00f3rdoba. 23 de abril a trav\u00e9s de Google Meet<\/li>\n<li><a href=\"http:\/\/www.juntadeandalucia.es\/iam\/catalogo\/doc\/convocatorias\/2021-iam\/EL-taller-fanzines-cartel.pdf\">Taller de Fanzines &#8216;Una publicaci\u00f3n propia&#8217;<\/a>[Dentro de la campa\u00f1a &#8216;<a href=\"https:\/\/www.juntadeandalucia.es\/iam\/index.php\/maria-zambrano\/actividades-propias\/generando-cultura-una-primavera-de-creacion-en-femenino\">Generando Cultura: una Primavera de Creaci\u00f3n en Femenino<\/a><u>&#8216;<\/u>]. Centro de Documentaci\u00f3n Mar\u00eda Zambrano del Instituto Andaluz de la Mujer. 27 de abril y 4, 11 y 18 de mayo, de 18:00 a 20:00 h.\u00a0<a href=\"http:\/\/www.juntadeandalucia.es\/iam\/catalogo\/doc\/convocatorias\/2021-iam\/EL-taller-fanzines-informacion.pdf\">M\u00e1s informaci\u00f3n<\/a>. Inscripciones (por orden de recepci\u00f3n):\u00a0<a href=\"mailto:lauraredondo.talleres@gmail.com\">lauraredondo.talleres@gmail.com<\/a><\/li>\n<li><a href=\"http:\/\/www.juntadeandalucia.es\/institutodelamujer\/catalogo\/doc\/convocatorias\/2021-iam\/EL-ciclo-leyendo-masculinidades-corresponsabilidad.pdf\">Taller sobre &#8216;Corresponsabilidad<\/a>&#8216; [Dentro del\u00a0<a href=\"http:\/\/www.juntadeandalucia.es\/institutodelamujer\/catalogo\/doc\/convocatorias\/2021-iam\/EL-ciclo-leyendo-masculinidades.pdf\">Ciclo de Talleres &#8216;Leyendo las Masculinidades&#8217;<\/a><u>]<\/u>. Centro de Documentaci\u00f3n Mar\u00eda Zambrano del Instituto Andaluz de la Mujer. 29 de abril de 17:30 a 19:30 h. Dirigido a hombres, 15 plazas, inscripciones (por orden de solicitud):\u00a0<a href=\"mailto:biblioteca.iam@juntadeandalucia.es\">biblioteca.iam@juntadeandalucia.es<\/a><\/li>\n<\/ul>\n<\/div>\n<\/div>\n<div id=\"\" class=\"lsow-panel lsow-active\">\n<h1 class=\"lsow-panel-title\">Comunicaci\u00f3n, Publicidad y TICs<\/h1>\n<div class=\"lsow-panel-content\">\n<p><a href=\"https:\/\/www.google.com\/url?rct=j&amp;sa=t&amp;url=https:\/\/www.mundoplus.tv\/tv-digital\/mediaset-espana-y-google-se-alian-ante-los-nuevos-retos-del-sector-audiovisual\/&amp;ct=ga&amp;cd=CAEYASoUMTI1Nzc0ODExNDMzNTc4MzIwMDEyGWNjNzk4NDFjNmVmMzRlYmY6ZXM6ZXM6RVM&amp;usg=AFQjCNHEhVqjy0gMEAx_x4dluNGg9k0wvA\">Mediaset Espa\u00f1a y Google se al\u00edan ante los nuevos retos del sector audiovisual<\/a>&#8211;\u00a0<a href=\"http:\/\/mundoplus.tv\/\">mundoplus.tv<\/a><a href=\"https:\/\/www.google.com\/url?rct=j&amp;sa=t&amp;url=https:\/\/revistabyte.es\/mujeres-tic\/mahou-san-miguel-ana-ortin\/&amp;ct=ga&amp;cd=CAEYASoUMTMwMzg2NDU0MzU3OTEzODA1MzcyGWMwMzcyZWJjMmZlYWRhNTk6ZXM6ZXM6RVM&amp;usg=AFQjCNHK-B_xLZzUr9GmfJU1p4bBAq_Snw\"><strong><br \/>\n<\/strong>MUJERES\u00a0TIC: Ana Ort\u00edn, Directora de Sistemas de Mahou San Miguel<\/a>&#8211;\u00a0Revista Byte TI<a href=\"https:\/\/www.google.com\/url?rct=j&amp;sa=t&amp;url=https:\/\/www.laprensagrafica.com\/opinion\/Por-mas-ninas-y-mujeres-en-las-TIC-20210420-0134.html&amp;ct=ga&amp;cd=CAEYASoUMTU0NjQ0MjY3NTM0ODg3Mzc0MjIyGWUxZTc3ZDE1NjA5OGE4ZTM6ZXM6ZXM6RVM&amp;usg=AFQjCNHCi99ObiYLnuwGAGt162ropVvUuw\"><br \/>\nPor m\u00e1s ni\u00f1as y mujeres en las TIC<\/a><u>&#8211;<\/u>\u00a0La Prensa Gr\u00e1fica<\/p>\n<p><u><a href=\"https:\/\/www.google.com\/url?rct=j&amp;sa=t&amp;url=https:\/\/www.adn40.mx\/ciudad\/celebracion-fake-news-dia-internacional-de-las-agresiones-sexuales-pfp&amp;ct=ga&amp;cd=CAEYAioUMTU3OTE2MTEyMjMyNjU0ODgyNzcyGWRkNzc3ZDk1YWUzNjdiMjA6ZXM6ZXM6RVM&amp;usg=AFQjCNEDa3PLcw2qIkNgvTD1iNzW-pMt7A\">Fake news celebraci\u00f3n del D\u00eda Internacional de las Agresiones Sexuales<\/a><\/u>&#8211;\u00a0ADN 40<\/p>\n<p><u><a href=\"https:\/\/www.google.com\/url?rct=j&amp;sa=t&amp;url=https:\/\/www.notimerica.com\/ciencia-tecnologia\/noticia-portaltic-uso-apps-ciberacoso-espionaje-aumenta-145-comenzo-confinamiento-espana-avast-20210422112231.html&amp;ct=ga&amp;cd=CAEYACoTNzA0MDI0NzYxMzE5Njc2MzQyMDIZYzAzNzJlYmMyZmVhZGE1OTplczplczpFUw&amp;usg=AFQjCNGSYVfupjA9Hz7qTRWfPqNmdz_Eyw\">El uso de apps de ciberacoso y espionaje aumenta un 145% desde que comenz\u00f3 el confinamiento&#8230;<\/a>&#8211;<\/u> notimerica.com<\/p>\n<\/div>\n<\/div>\n<div id=\"\" class=\"lsow-panel lsow-active\">\n<h1 class=\"lsow-panel-title\">Andaluc\u00eda<\/h1>\n<div class=\"lsow-panel-content\">\n<p><strong>Econom\u00eda y Empresas<\/strong><\/p>\n<p><a href=\"https:\/\/www.google.com\/url?rct=j&amp;sa=t&amp;url=https:\/\/sevilla.abc.es\/andalucia\/sevi-mujer-minera-perforista-y-artillera-700-metros-bajo-tierra-202104210821_noticia.html&amp;ct=ga&amp;cd=CAEYACoSMzAwODU4MDg0NTQwOTk5MTk1MhljMDM3MmViYzJmZWFkYTU5OmVzOmVzOkVT&amp;usg=AFQjCNG3P6vC45mztyMEdB3JeOXZV7QURw\">Mujer, minera, perforista y artillera a 700 metros bajo tierra<\/a>&#8211;\u00a0<a href=\"http:\/\/abcdesevilla.es\/\">abcdesevilla.es<\/a><\/p>\n<p><a href=\"https:\/\/www.google.com\/url?rct=j&amp;sa=t&amp;url=https:\/\/ecomercioagrario.com\/junta-y-ansemac-desarrollan-proyectos-innovadores-a-traves-del-ifapa\/&amp;ct=ga&amp;cd=CAEYCCoSMzMwMTgzODcxODExNDQ4NTU4MhljMDM3MmViYzJmZWFkYTU5OmVzOmVzOkVT&amp;usg=AFQjCNFInpxc2yjdGbtzx2QcZbpCDNCrdA\">Junta y Ansemac desarrollan proyectos innovadores a trav\u00e9s del Ifapa<\/a>&#8211;\u00a0EcomercioAgrario<\/p>\n<p><a href=\"https:\/\/lahoradigital.com\/noticia\/31451\/igualdad\/la-mejor-arma-de-la-industria-transgenerista-no-es-la-comunicacion-es-el-dinero.html\">Pilar Aguilar Carrasco: \u201cLa mejor arma de la industria transgenerista no es la &#8230;<\/a>-lahoradigital<strong><a href=\"https:\/\/www.google.com\/url?rct=j&amp;sa=t&amp;url=https:\/\/agrodiariohuelva.es\/incentiva-el-trabajo-de-extraccion-de-corcho-entre-los-jovenes-de-16-a-30-anos\/&amp;ct=ga&amp;cd=CAEYBSoUMTY4NzU5MTQwNjQ2MDczNTY5NDQyGWMwMzcyZWJjMmZlYWRhNTk6ZXM6ZXM6RVM&amp;usg=AFQjCNGYHT8anLHv91D9rNPN8RJ8KM01Qw\"><br \/>\n<\/a><\/strong><a href=\"https:\/\/www.google.com\/url?rct=j&amp;sa=t&amp;url=https:\/\/agrodiariohuelva.es\/incentiva-el-trabajo-de-extraccion-de-corcho-entre-los-jovenes-de-16-a-30-anos\/&amp;ct=ga&amp;cd=CAEYBSoUMTY4NzU5MTQwNjQ2MDczNTY5NDQyGWMwMzcyZWJjMmZlYWRhNTk6ZXM6ZXM6RVM&amp;usg=AFQjCNGYHT8anLHv91D9rNPN8RJ8KM01Qw\">Incentiva el trabajo de extracci\u00f3n de corcho entre j\u00f3venes de 16 a 30 a\u00f1os<\/a>&#8211;\u00a0Agrodiariohuelva.es<u><a href=\"https:\/\/www.google.com\/url?rct=j&amp;sa=t&amp;url=https:\/\/www.europapress.es\/esandalucia\/sevilla\/noticia-empleo-respalda-57-millones-sector-economia-social-cinco-lineas-ayudas-20210423135411.html&amp;ct=ga&amp;cd=CAEYACoTMTAzMjYwMDk1NTk5ODM2MDY1MDIZZDc4ZTU4NzVhMGYxZjJhYzplczplczpFUw&amp;usg=AFQjCNFEkFAkpiktC1vBc3FB2YUyHMJLEA\"><br \/>\nEmpleo respalda con 5,7 millones al sector de la\u00a0Econom\u00eda Social\u00a0con hasta cinco l\u00edneas de ayudas<\/a><\/u>&#8211;\u00a0Europa Press<\/p>\n<p><strong>Actualidad<\/strong><strong><a href=\"https:\/\/www.google.com\/url?rct=j&amp;sa=t&amp;url=https:\/\/vivirediciones.es\/andalucia-atendio-15-mas\/&amp;ct=ga&amp;cd=CAEYAioUMTA5NzIxNjU2MDU2MDI3MjMwMjYyGWMwMzcyZWJjMmZlYWRhNTk6ZXM6ZXM6RVM&amp;usg=AFQjCNFxjyniV07rL6IAy4X8jFa7yMBOcg\"><br \/>\n<\/a><\/strong><a href=\"https:\/\/www.google.com\/url?rct=j&amp;sa=t&amp;url=https:\/\/vivirediciones.es\/andalucia-atendio-15-mas\/&amp;ct=ga&amp;cd=CAEYAioUMTA5NzIxNjU2MDU2MDI3MjMwMjYyGWMwMzcyZWJjMmZlYWRhNTk6ZXM6ZXM6RVM&amp;usg=AFQjCNFxjyniV07rL6IAy4X8jFa7yMBOcg\">El\u00a0Instituto\u00a0Andaluz de la\u00a0Mujer\u00a0atendi\u00f3 un 15% m\u00e1s de personas en 2020<\/a>&#8211;\u00a0Vivir Ediciones<\/p>\n<p><a href=\"https:\/\/www.google.com\/url?rct=j&amp;sa=t&amp;url=https:\/\/www.diariojaen.es\/provincia\/la-consejeria-de-igualdad-y-famsi-se-alian-para-promover-la-cooperacion-internacional-e-impulsar-la-agenda-2030-II7785468&amp;ct=ga&amp;cd=CAEYACoTNjQ3NTIxNjA1MjA2OTYwMjMzNjIZNGRhZTgxNjJlOGFmM2U4ODplczplczpFUw&amp;usg=AFQjCNFcp6w2nfL5bXjg32tjOdyqKg4nXQ\">La Consejer\u00eda de Igualdad y\u00a0Famsi\u00a0se al\u00edan para promover la cooperaci\u00f3n internacional e &#8230;<\/a>&#8211;\u00a0Diario Ja\u00e9n<a href=\"https:\/\/www.google.com\/url?rct=j&amp;sa=t&amp;url=https:\/\/www.ideal.es\/culturas\/almeria\/entrada-arbol-concierto-cooltural-fest-almeria-20210420201423-nt.html&amp;ct=ga&amp;cd=CAEYASoUMTMxNTM5OTcwNzA1MzAzNTE4NzYyGWVhOTI1ODA0ZDY3ZjI3YjM6ZXM6ZXM6RVM&amp;usg=AFQjCNE2RVrOoQArDREy6MWLomyfh-yrJA\"><br \/>\n&#8216;Una entrada, un \u00e1rbol&#8217;, nueva iniciativa de Cooltural Fest para repoblar Sierra de G\u00e1dor<\/a>&#8211;\u00a0Ideal Digital<a href=\"https:\/\/www.google.com\/url?rct=j&amp;sa=t&amp;url=https:\/\/www.laopiniondemalaga.es\/malaga-provincia\/2021\/04\/21\/soledad-ruiz-elegida-nueva-secretaria-48541084.html&amp;ct=ga&amp;cd=CAEYACoTNDYyMzAwMDUzOTU4MDczOTI3MjIbOWFiMWNkZDdlMzY2ZWYzODplczplczpFUzpS&amp;usg=AFQjCNFYa1DYoiK3H5ohGh7UritjPRj6EA\"><br \/>\nSoledad Ruiz, elegida nueva secretaria general de UGT M\u00e1laga con el 100% de los votos<\/a>&#8211;\u00a0La Opini\u00f3n de M\u00e1laga<a href=\"https:\/\/www.google.com\/url?rct=j&amp;sa=t&amp;url=https:\/\/rebelion.org\/juana-rivas-de-la-madre-loca-a-las-dudas-razonables-de-un-juicio-en-dos-paises\/&amp;ct=ga&amp;cd=CAEYACoUMTg0MzI4NjQzMjAyMTU5NzQ1NDcyGTU5ZDc4MTcxMzZhMmQwMjg6ZXM6ZXM6RVM&amp;usg=AFQjCNFcxuTKkt-mfZcmVs6tv5aHZdaJ1Q\"><br \/>\nJuana Rivas: de la madre \u00abloca\u00bb a las dudas razonables de un juicio en dos pa\u00edses<\/a>&#8211;\u00a0Rebeli\u00f3n<strong>\u00a0<\/strong><\/p>\n<p><strong>Violencias<\/strong><\/p>\n<p><a href=\"https:\/\/www.google.com\/url?rct=j&amp;sa=t&amp;url=https:\/\/elpais.com\/educacion\/2021-04-22\/violencia-contra-los-profesores-de-la-agresion-fisica-a-la-presion-psicologica.html&amp;ct=ga&amp;cd=CAEYBioUMTYxODg3ODAxMjcxMDAxMzY0NjgyGWMwMzcyZWJjMmZlYWRhNTk6ZXM6ZXM6RVM&amp;usg=AFQjCNGVzaY4-Du2VFmVD494GrYADZcdtw\">Violencia contra los profesores: de la agresi\u00f3n f\u00edsica a la presi\u00f3n psicol\u00f3gica<\/a>&#8211; El Pa\u00eds<\/p>\n<p><strong>Ciencia y Cultura<\/strong><\/p>\n<p><u>&#8216;<\/u><a href=\"http:\/\/www.juntadeandalucia.es\/iam\/index.php\/maria-zambrano\/actividades-propias\/generando-cultura-una-primavera-de-creacion-en-femenino\">Generando Cultura: una Primavera de Creaci\u00f3n en Femenino<\/a>&#8216;-<a href=\"http:\/\/juntadeandalucia.es\/\">juntadeandalucia.es<\/a><\/p>\n<p><a href=\"https:\/\/www.google.com\/url?rct=j&amp;sa=t&amp;url=https:\/\/www.europapress.es\/andalucia\/granada-horizonte-2031-01172\/noticia-mas-200-artistas-unen-granada-fines-solidarios-help-me-please-20210420145510.html&amp;ct=ga&amp;cd=CAEYASoSNTUxNzc2NDA1MzQ0Nzg0OTM2MhllYTkyNTgwNGQ2N2YyN2IzOmVzOmVzOkVT&amp;usg=AFQjCNELLSt1Dl8J_tf2gFieUKZhytXqGQ\">M\u00e1s de 200 artistas se unen en Granada con fines\u00a0solidarios\u00a0en &#8216;Help Me Please!&#8217;<\/a>&#8211;\u00a0Europa Press<\/p>\n<p><a href=\"https:\/\/www.google.com\/url?rct=j&amp;sa=t&amp;url=http:\/\/rojoynegro.info\/articulo\/eje-violeta\/antonina-rodrigo-obrera-la-pluma&amp;ct=ga&amp;cd=CAEYAioUMTM4OTQ4NjA4MTAxMzI0OTYwMTcyGWMwMzcyZWJjMmZlYWRhNTk6ZXM6ZXM6RVM&amp;usg=AFQjCNHBSdls6gS2I4MGNnv9AgWqtrIxHQ\">Antonina Rodrigo, obrera de la pluma<\/a>&#8211;\u00a0Rojo y Negro<a href=\"https:\/\/www.google.com\/url?rct=j&amp;sa=t&amp;url=https:\/\/www.diariocordoba.com\/cordoba-ciudad\/2021\/04\/21\/noches-ramadan-recortan-horario-pandemia-48539253.html&amp;ct=ga&amp;cd=CAEYByoTOTI3OTQzMjUzNDg1OTk3MjM3OTIZYzAzNzJlYmMyZmVhZGE1OTplczplczpFUw&amp;usg=AFQjCNFDfhRYSlxSrTjlrtFuP7EwBuxTLA\"><br \/>\nLas &#8216;Noches del Ramad\u00e1n&#8217; incluir\u00e1n medio centenar de actividades<\/a>&#8211;\u00a0Diario C\u00f3rdoba<u><a href=\"https:\/\/www.google.com\/url?rct=j&amp;sa=t&amp;url=https:\/\/www.sevillaactualidad.com\/cultura\/180721-la-ratita-presumida-la-sirenita-y-la-bella-durmiente-actualizan-sus-cuentos\/&amp;ct=ga&amp;cd=CAEYAioUMTA5MTg5MjYxNzAyMjAzNzkxMzkyGzlhYjFjZGQ3ZTM2NmVmMzg6ZXM6ZXM6RVM6Ug&amp;usg=AFQjCNG7NfY4QFQ2w2FHcf9QkuCcQk5cUg\"><br \/>\nLa Ratita Presumida, La Sirenita y La Bella Durmiente actualizan sus cuentos<\/a><\/u>&#8211;\u00a0Sevilla Actualidad<strong>\u00a0<\/strong><\/p>\n<p><strong>Deporte<\/strong><a href=\"https:\/\/www.google.com\/url?rct=j&amp;sa=t&amp;url=https:\/\/andaluciainformacion.es\/estepona\/965400\/felicitaciones-al-crap-femenino-despues-de-quedar-subcampeonas-de-la-liga-de-rugby-xv\/&amp;ct=ga&amp;cd=CAEYAioTODc4MDAzNzQ5NTA0NzM2MzY5OTIbOWFiMWNkZDdlMzY2ZWYzODplczplczpFUzpS&amp;usg=AFQjCNHkKApbvoYvUo3-OKE1j3h-wUmLnQ\"><br \/>\nFelicitaciones al CRAP femenino despu\u00e9s de quedar subcampeonas de la liga de Rugby XV<\/a>&#8211;\u00a0Andaluc\u00eda Informaci\u00f3n<\/p>\n<p><a href=\"https:\/\/www.google.com\/url?rct=j&amp;sa=t&amp;url=https:\/\/www.cope.es\/emisoras\/andalucia\/granada-provincia\/motril\/deportes-motril\/noticias\/maraton-solidario-por-relevos-organizado-por-runrun-motril-reune-2287-euros-20210420_1248508&amp;ct=ga&amp;cd=CAEYACoTNjU2MDA5MjI2MzE5NzEwMzMxMTIZZWE5MjU4MDRkNjdmMjdiMzplczplczpFUw&amp;usg=AFQjCNFW85D5rTaYCAa-72-Us3UMqUdqGQ\">El I Marat\u00f3n\u00a0Solidario\u00a0por relevos organizado por Run&amp;Run Motril re\u00fane 2.287 euros<\/a>&#8211;\u00a0COPE<\/p>\n<\/div>\n<\/div>\n<div id=\"\" class=\"lsow-panel lsow-active\">\n<h1 class=\"lsow-panel-title\">Estado<\/h1>\n<div class=\"lsow-panel-content\">\n<p><strong>Institucional<\/strong><a href=\"https:\/\/www.google.com\/url?rct=j&amp;sa=t&amp;url=https:\/\/confilegal.com\/20210420-el-gobierno-elige-a-la-nueva-candidata-espanola-a-juez-del-tjue-lourdes-arastey-magistrada-del-tribunal-supremo\/&amp;ct=ga&amp;cd=CAEYBioTNzEzODUyMzAyNDY5NDg3OTUzMDIZYzAzNzJlYmMyZmVhZGE1OTplczplczpFUw&amp;usg=AFQjCNFSZHbjwh82mvolD0ceJvhHSvhcjQ\"><br \/>\nEl Gobierno elige a la candidata espa\u00f1ola a juez del TJUE: Lourdes Arastey, magistrada del Tribunal Supremo &#8230;<\/a>&#8211;\u00a0Confilegal<\/p>\n<p><a href=\"https:\/\/www.google.com\/url?rct=j&amp;sa=t&amp;url=https:\/\/www.elespanol.com\/mujer\/actualidad\/20210419\/pedro-duque-admite-reales-academias-espanolas-machistas\/574943827_0.html&amp;ct=ga&amp;cd=CAEYCSoSMzMwMTgzODcxODExNDQ4NTU4MhljMDM3MmViYzJmZWFkYTU5OmVzOmVzOkVT&amp;usg=AFQjCNHUEn3eeseM3Re_JrNltCUbBFcu0g\">Pedro Duque, Ministro de Ciencia e Innovaci\u00f3n, admite que las Reales Academias espa\u00f1olas son machistas: \u00abEs obvio a la vista\u00bb<\/a>&#8211;\u00a0El Espa\u00f1ol<strong>\u00a0<\/strong><\/p>\n<p><strong>Institucional-CCAA\u00a0\u00a0<\/strong><a href=\"https:\/\/www.google.com\/url?rct=j&amp;sa=t&amp;url=https:\/\/www.20minutos.es\/noticia\/4663949\/0\/gobierno-c-lm-reivindica-el-valor-del-pacto-de-estado-contra-la-violencia-de-genero-y-pide-que-se-agilice-su-reparto\/&amp;ct=ga&amp;cd=CAEYAyoSMzMwMTgzODcxODExNDQ4NTU4MhljMDM3MmViYzJmZWFkYTU5OmVzOmVzOkVT&amp;usg=AFQjCNFv59SURecoZViFDAnb1tmftAMrVA\"><br \/>\nGobierno C-LM reivindica el valor del Pacto de Estado contra la Violencia de G\u00e9nero y pide que se &#8230;<\/a>&#8211;\u00a020minutos<a href=\"https:\/\/www.google.com\/url?rct=j&amp;sa=t&amp;url=https:\/\/esradio.libertaddigital.com\/galicia\/2021-04-19\/la-asociacion-de-actores-y-actrices-de-galicia-convoca-los-xxv-premios-de-teatro-maria-casares-6746975\/&amp;ct=ga&amp;cd=CAEYACoUMTM4NTA5Njk1NzY5MDQzMzI2NTcyGWNjNzk4NDFjNmVmMzRlYmY6ZXM6ZXM6RVM&amp;usg=AFQjCNEzHPNfvIIni-iJ8Gh9i4CJXT-B2g\"><br \/>\nLa Asociaci\u00f3n de Actores y Actrices de Galicia convoca los XXV Premios de Teatro Mar\u00eda Casares<\/a>&#8211;\u00a0<a href=\"http:\/\/libertaddigital.com\/\">libertaddigital.com<\/a><\/p>\n<p><a href=\"https:\/\/www.google.com\/url?rct=j&amp;sa=t&amp;url=https:\/\/www.diariopalentino.es\/Noticia\/Z5EBB871A-F58B-F9BA-4475C1098D52C8A7\/202104\/Gullon-y-Junta-igualdad-y-fomento-del-liderazgo-femenino&amp;ct=ga&amp;cd=CAEYACoUMTEwMDA1ODI1MDg3MjEyOTQ1NzcyGTU5ZDc4MTcxMzZhMmQwMjg6ZXM6ZXM6RVM&amp;usg=AFQjCNFZ2W6VFWVJJoFPucpN0a4faSttSA\">Gull\u00f3n y Junta, igualdad y fomento del liderazgo femenino<\/a><u>&#8211;<\/u>\u00a0Diario Palentino<\/p>\n<p><a href=\"https:\/\/www.google.com\/url?rct=j&amp;sa=t&amp;url=https:\/\/www.murcia.com\/noticias\/2021\/04\/21-murcia-contara-con-su-primer-plan-de-igualdad-de-las-empleadas-y-empleados-del-ayuntamiento.asp&amp;ct=ga&amp;cd=CAEYASoTNzYzNDcwNzkxODM2NzIyNDk3MDIZNTlkNzgxNzEzNmEyZDAyODplczplczpFUw&amp;usg=AFQjCNHluq61z5toTKgQzBI_rl-LZWiSig\">Murcia contar\u00e1 con su primer Plan de Igualdad de las Empleadas y Empleados del Ayuntamiento<\/a>&#8211;\u00a0Murcia.com<a href=\"https:\/\/www.google.com\/url?rct=j&amp;sa=t&amp;url=https:\/\/www.eldiario.es\/castilla-la-mancha\/castilla-mancha-eleva-20-ayudas-reduccion-jornada-cuidados-si-hombre_1_7839271.html&amp;ct=ga&amp;cd=CAEYASoUMTY4NzU5MTQwNjQ2MDczNTY5NDQyGWMwMzcyZWJjMmZlYWRhNTk6ZXM6ZXM6RVM&amp;usg=AFQjCNEjyN97df3j9LNC8akRmij3_QLiAQ\"><br \/>\nCastilla-La Mancha eleva en un 20% las ayudas por reducci\u00f3n de jornada para cuidado de &#8230;<\/a>&#8211;\u00a0<a href=\"http:\/\/eldiario.es\/\">eldiario.es<\/a><\/p>\n<p><a href=\"https:\/\/www.google.com\/url?rct=j&amp;sa=t&amp;url=https:\/\/www.aragon.es\/-\/el-instituto-aragones-de-la-mujer-asesora-sobre-planes-de-igualdad&amp;ct=ga&amp;cd=CAEYBSoUMTE5MTAxMDMyMjA4OTM4NTA1MzQyGWMwMzcyZWJjMmZlYWRhNTk6ZXM6ZXM6RVM&amp;usg=AFQjCNF73oyc-ep7OJqNdlA3aaxdx0Geww\">El\u00a0Instituto\u00a0Aragon\u00e9s de la\u00a0Mujer\u00a0asesora sobre planes de igualdad\u2026\u00a0<\/a>&#8211;\u00a0Gobierno de Arag\u00f3n<\/p>\n<p><a href=\"https:\/\/www.google.com\/url?rct=j&amp;sa=t&amp;url=https:\/\/www.ultimahora.es\/noticias\/local\/2021\/04\/21\/1257305\/uib-dona-firman-dos-convenios-colaboracion-para-impulsar-actividades-estudios-genero.html&amp;ct=ga&amp;cd=CAEYBCoTOTI3OTQzMjUzNDg1OTk3MjM3OTIZYzAzNzJlYmMyZmVhZGE1OTplczplczpFUw&amp;usg=AFQjCNFpGR19BY37Z4RVthSA29EbYMmdaw\">La UIB y el IB-Dona firman dos convenios de colaboraci\u00f3n para impulsar actividades y estudios de &#8230;<\/a>&#8211;\u00a0\u00daltima hora<u><a href=\"https:\/\/www.google.com\/url?rct=j&amp;sa=t&amp;url=https:\/\/www.desdesoria.es\/2021\/04\/22\/la-consejeria-de-familia-e-igualdad-de-oportunidades-impulsa-la-red-de-igualdad-de-las-entidades-locales-con-casi-783-000-euros\/&amp;ct=ga&amp;cd=CAEYACoTNjM5NTUyNjczMDgxMTg2MzY5ODIZNTlkNzgxNzEzNmEyZDAyODplczplczpFUw&amp;usg=AFQjCNEUO9sg0jxI0SOUy-4A49M0HI-bcQ\"><br \/>\nLa Consejer\u00eda de Familia e Igualdad de Oportunidades impulsa la Red de Igualdad de las &#8230;<\/a><\/u>&#8211;\u00a0desdeSoria.es<strong>\u00a0<\/strong><\/p>\n<p><strong>Econom\u00eda y Empresas<\/strong><\/p>\n<p><a href=\"https:\/\/www.google.com\/url?rct=j&amp;sa=t&amp;url=https:\/\/cincodias.elpais.com\/cincodias\/2021\/04\/20\/emprendedores\/1618950472_438037.html&amp;ct=ga&amp;cd=CAEYACoTOTI3OTQzMjUzNDg1OTk3MjM3OTIZYzAzNzJlYmMyZmVhZGE1OTplczplczpFUw&amp;usg=AFQjCNGMMFVnz6P2zV5pKgzUjrFaP_rZ7Q\">As\u00ed es la emprendedora en nuestro pa\u00eds<\/a>&#8211;\u00a0Cinco D\u00edas<a href=\"https:\/\/www.google.com\/url?rct=j&amp;sa=t&amp;url=https:\/\/www.eldiario.es\/murcia\/disidencias-de-genero\/crisis-cuidados-mujer-si-puedes_132_7841021.html&amp;ct=ga&amp;cd=CAEYACoSMjQwNzY4MTMyNzM2MDQxMTc1MhljMDM3MmViYzJmZWFkYTU5OmVzOmVzOkVT&amp;usg=AFQjCNGHt8BSPGklWOSstIoftj9eJ8HIbw\"><br \/>\nCrisis y cuidados: \u201cMujer, pero si t\u00fa puedes con todo\u201d<\/a>&#8211;\u00a0<a href=\"http:\/\/eldiario.es\/\">eldiario.es<\/a><a href=\"https:\/\/www.google.com\/url?rct=j&amp;sa=t&amp;url=https:\/\/www.innovaspain.com\/mujeres-que-alimentan-el-cambio-wwf-cemas-carasso\/&amp;ct=ga&amp;cd=CAEYASoTNjQ0MDcxMjkyNTY2ODE0OTEzMTIbOTE4ODU3Y2Q2MGY5Nzc0ODplczplczpFUzpM&amp;usg=AFQjCNE6AKmywtSOcD0LGjtwJIycIq9MnQ\"><br \/>\nMujeres que alimentan el cambio<\/a>&#8211;\u00a0innovaspain<a href=\"https:\/\/www.google.com\/url?rct=j&amp;sa=t&amp;url=https:\/\/www.periodicohortaleza.org\/las-mujeres-siempre-han-estado-en-el-campo-pero-no-se-ha-reconocido-su-trabajo\/&amp;ct=ga&amp;cd=CAEYBioSMzMwMTgzODcxODExNDQ4NTU4MhljMDM3MmViYzJmZWFkYTU5OmVzOmVzOkVT&amp;usg=AFQjCNGDf95OlyogbG-x0dVxJv9L7ZEMgA\"><br \/>\n\u201cLas\u00a0mujeres\u00a0siempre han estado en el campo, pero no se ha reconocido su trabajo\u201d<\/a>&#8211;\u00a0Hortaleza Peri\u00f3dico Vecinal<\/p>\n<p><a href=\"https:\/\/www.google.com\/url?rct=j&amp;sa=t&amp;url=https:\/\/valenciacars.blogspot.com\/2021\/04\/michelin-espana-portugal-obtiene-distintivo-igualdad-empresa-die.html&amp;ct=ga&amp;cd=CAEYDioSMzMwMTgzODcxODExNDQ4NTU4MhljMDM3MmViYzJmZWFkYTU5OmVzOmVzOkVT&amp;usg=AFQjCNF74kKSFXjDndgAin_LTx9ky3s26Q\">Michelin Espa\u00f1a Portugal obtiene el Distintivo Igualdad en la Empresa (DIE)<\/a>&#8211;\u00a0valenciacars<\/p>\n<p><strong>Actualidad<\/strong><\/p>\n<p><a href=\"https:\/\/www.google.com\/url?rct=j&amp;sa=t&amp;url=https:\/\/www.bebesymas.com\/ser-padres\/sindrome-wendy-cuando-madre-asume-roles-cuidadora-sacrificada&amp;ct=ga&amp;cd=CAEYAioUMTYwMTk2OTE3NTc0MTM2MDU0NjcyGWMwMzcyZWJjMmZlYWRhNTk6ZXM6ZXM6RVM&amp;usg=AFQjCNHbQXajmgiak2sczCdC8SrkHCTubg\">S\u00edndrome de Wendy: cuando se asumen roles de madre sacrificada y perfecta, y se sobreprotege &#8230;<\/a>&#8211;\u00a0Beb\u00e9s y m\u00e1s<a href=\"https:\/\/www.google.com\/url?rct=j&amp;sa=t&amp;url=https:\/\/www.lavanguardia.com\/local\/valencia\/20210420\/6984026\/estres-primera-infancia-afecta-desarrollo-cerebral-sobre-mujer-estudio.html&amp;ct=ga&amp;cd=CAEYACoTMTYwMTY1NDM0Njg4MzY3ODMwMzIZYzAzNzJlYmMyZmVhZGE1OTplczplczpFUw&amp;usg=AFQjCNGhbV5mVVfe1RoRqF-HGxbVcvcTaw\"><br \/>\nEl estr\u00e9s infantil afecta al cerebro, sobre todo en la\u00a0mujer, seg\u00fan un estudio del Cl\u00ednico de Val\u00e8ncia<\/a>&#8211;\u00a0La Vanguardia<\/p>\n<p><a href=\"https:\/\/www.google.com\/url?rct=j&amp;sa=t&amp;url=https:\/\/www.eldiario.es\/sociedad\/ultima-hora-coronavirus-politica-19-de-abril_6_7834381_1068061.html&amp;ct=ga&amp;cd=CAEYFioSMzMwMTgzODcxODExNDQ4NTU4MhljMDM3MmViYzJmZWFkYTU5OmVzOmVzOkVT&amp;usg=AFQjCNGteUASIvIazLOUC9ltytueD1H39w\">Casi el 20% de la poblaci\u00f3n ya se ha vacunado con al menos una dosis en Espa\u00f1a<\/a>&#8211;\u00a0<a href=\"http:\/\/eldiario.es\/\">eldiario.es<\/a><\/p>\n<p><a href=\"https:\/\/www.google.com\/url?rct=j&amp;sa=t&amp;url=https:\/\/elderecho.com\/la-perspectiva-de-genero-en-la-doctrina-jurisprudencial-del-tribunal-supremo&amp;ct=ga&amp;cd=CAEYASoUMTMxNDIyNjc2Mjk5MTQ3MzY1NDkyGWMwMzcyZWJjMmZlYWRhNTk6ZXM6ZXM6RVM&amp;usg=AFQjCNFLra2KrdNDkOLuN3UnEgmA6_G1aw\">La perspectiva de g\u00e9nero en la doctrina jurisprudencial del Tribunal Supremo<\/a>&#8211;\u00a0El Derecho<\/p>\n<p><a href=\"https:\/\/www.google.com\/url?rct=j&amp;sa=t&amp;url=https:\/\/www.legaltoday.com\/actualidad-juridica\/mujeres-por-derecho\/hacia-la-igualdad-real-2021-04-22\/&amp;ct=ga&amp;cd=CAEYACoTNTM5NzMxMjkyOTQ3MzQ4MzExNjIZYzAzNzJlYmMyZmVhZGE1OTplczplczpFUw&amp;usg=AFQjCNGhk52_SNPkTDIxxwuwqfKl-IuSnA\">Hacia la igualdad real<\/a>&#8211;\u00a0Legal Today<strong>\u00a0<\/strong><\/p>\n<p><strong>Violencias<\/strong><\/p>\n<p><a href=\"https:\/\/www.google.com\/url?rct=j&amp;sa=t&amp;url=https:\/\/nosomosnonos.com\/2021\/04\/19\/amlo-videojuegos-violentos-racistas\/&amp;ct=ga&amp;cd=CAEYACoTNzE3NjAxNTY5MTA2MDgwMzYzMzIZZTJkZWZhN2Q1ZGE5MTU3ZDplczplczpFUw&amp;usg=AFQjCNEsBfhETfsm_0oFv4d7jm3uW2q92Q\">AMLO: Los\u00a0videojuegos\u00a0afectan negativamente, promueven la\u00a0violencia\u00a0y el racismo<\/a>&#8211;\u00a0No Somos \u00d1o\u00f1os<\/p>\n<p><a href=\"https:\/\/eltaquigrafo.com\/que-pinta-tienen-las-mujeres-a-las-que-les-gusta-que-les-den-hostias\/18979\/\">\u00bfQu\u00e9 pinta tienen las mujeres a las que les gusta que les den hostias?&#8230;\u00a0-eltaquigrafo.com<\/a><a href=\"https:\/\/www.google.com\/url?rct=j&amp;sa=t&amp;url=https:\/\/www.eldiario.es\/pikara\/invisibilizadas-no-invisibles_132_7842737.html&amp;ct=ga&amp;cd=CAEYACoTNTAzNTkwNzI2MTc1NTI2NTIxODIZYzAzNzJlYmMyZmVhZGE1OTplczplczpFUw&amp;usg=AFQjCNE3JIuTNmlOeIaCvNqupwZMrwJjVw\"><br \/>\n\u00abInvisibilizadas, no invisibles\u00bb<\/a>&#8211;\u00a0eldiario.es<\/p>\n<p><a href=\"https:\/\/www.google.com\/url?rct=j&amp;sa=t&amp;url=https:\/\/www.rtve.es\/noticias\/20210419\/asesinada-mujer-36-anos-leon-presunto-caso-violencia-genero\/2086497.shtml&amp;ct=ga&amp;cd=CAEYASoUMTYwMTk2OTE3NTc0MTM2MDU0NjcyGWMwMzcyZWJjMmZlYWRhNTk6ZXM6ZXM6RVM&amp;usg=AFQjCNEQjzPOxRJeeBlDfEIOlwdrzc4VbA\">Asesinada una\u00a0mujer\u00a0de 36 a\u00f1os en Le\u00f3n en un presunto caso de violencia de g\u00e9nero<\/a>&#8211;\u00a0Rtve<strong>\u00a0<\/strong><\/p>\n<p><strong>Ciencia y Cultura<\/strong><\/p>\n<p><a href=\"https:\/\/www.google.com\/url?rct=j&amp;sa=t&amp;url=https:\/\/forbes.es\/forbes-w\/95379\/tecnologia-ninas-educacion-stem-tic-brecha-genero\/&amp;ct=ga&amp;cd=CAEYACoUMTMxNDIyNjc2Mjk5MTQ3MzY1NDkyGWMwMzcyZWJjMmZlYWRhNTk6ZXM6ZXM6RVM&amp;usg=AFQjCNH-bboByC-RnM9a8DXo53ob78vjjA\">Las tecnolog\u00edas y las ni\u00f1as se est\u00e1n conociendo, \u00bfcu\u00e1ndo se producir\u00e1 el flechazo?<\/a><u>&#8211;<\/u>\u00a0Forbes Espa\u00f1a<\/p>\n<p><a href=\"https:\/\/www.google.com\/url?rct=j&amp;sa=t&amp;url=https:\/\/www.laverdad.es\/murcia\/catedratica-maria-trinidad-20210420131651-nt.html&amp;ct=ga&amp;cd=CAEYASoUMTA5MzU4OTU0MTIwODM1NTY2ODAyGWMwMzcyZWJjMmZlYWRhNTk6ZXM6ZXM6RVM&amp;usg=AFQjCNGDuhmcaAR0Ab_Sh7gMIb-qC-3oMg\">Mar\u00eda Trinidad Herrero designada acad\u00e9mica de n\u00famero electa de la Academia Nacional de Medicina&#8230;<\/a>&#8211;\u00a0La Verdad<\/p>\n<p><a href=\"https:\/\/www.google.com\/url?rct=j&amp;sa=t&amp;url=https:\/\/www.elperiodicomediterraneo.com\/opinion\/2021\/04\/21\/olvidadas-generacion-27-48522248.html&amp;ct=ga&amp;cd=CAEYAioTNTkwMDg1MDMyMTIxOTgyNjU0NzIZYzAzNzJlYmMyZmVhZGE1OTplczplczpFUw&amp;usg=AFQjCNHwkqptGOQvHh6cdf6Gb0L4min35Q\">Las olvidadas de la Generaci\u00f3n del 27<\/a>&#8211;\u00a0El Peri\u00f3dico Mediterr\u00e1neo<a href=\"https:\/\/www.google.com\/url?rct=j&amp;sa=t&amp;url=https:\/\/elpais.com\/espana\/madrid\/2021-04-22\/exilio-y-sed-de-las-grandes-poetas-del-27.html&amp;ct=ga&amp;cd=CAEYACoUMTgyMDA2MTYwMDMxNDI2MjMwNDUyGWMwMzcyZWJjMmZlYWRhNTk6ZXM6ZXM6RVM&amp;usg=AFQjCNHumX_i27zxLtMZsnjEDVqAO9uU0Q\"><br \/>\nExilio y sed de las grandes poetas del 27<\/a>&#8211; El Pa\u00eds<\/p>\n<p><u><a href=\"https:\/\/www.google.com\/url?rct=j&amp;sa=t&amp;url=https:\/\/www.abc.es\/ciencia\/abci-creatividad-permitio-sobrevivir-neandertales-202104211527_noticia.html&amp;ct=ga&amp;cd=CAEYASoTNjQyNDI0NTkxNjI3NDMwNDMzMzIZNTlkNzgxNzEzNmEyZDAyODplczplczpFUw&amp;usg=AFQjCNHIJKEuf2--zie_d2D21N84atcjmQ\">La creatividad nos permiti\u00f3 sobrevivir a los neandertales<\/a><\/u>&#8211;\u00a0Abc.es<\/p>\n<p><strong>\u00a0<\/strong><strong>Deporte<\/strong><u><a href=\"https:\/\/www.google.com\/url?rct=j&amp;sa=t&amp;url=https:\/\/www.navarra.es\/es\/noticias\/2021\/04\/22\/las-mejores-ciclistas-internacionales-disputaran-dos-carreras-en-navarra%3FpageBackId%3D363045&amp;ct=ga&amp;cd=CAEYAioTNTM5NzMxMjkyOTQ3MzQ4MzExNjIZYzAzNzJlYmMyZmVhZGE1OTplczplczpFUw&amp;usg=AFQjCNHyRdEpSyxIovDvjvYuieHd-WzaoQ\"><br \/>\nLas mejores ciclistas internacionales disputar\u00e1n dos carreras en Navarra-navarra.es<\/a><\/u><\/p>\n<\/div>\n<\/div>\n<div id=\"\" class=\"lsow-panel lsow-active\">\n<h1 class=\"lsow-panel-title\">Internacional<\/h1>\n<div class=\"lsow-panel-content\">\n<p><u><a href=\"https:\/\/www.google.com\/url?rct=j&amp;sa=t&amp;url=https:\/\/amqueretaro.com\/negocios\/2021\/04\/22\/emprendimiento-femenino-oportunidad-de-recuperacion-para-mexico\/&amp;ct=ga&amp;cd=CAEYACoTNTUzMjU2NzM1NzE2NTkwNTE3OTIZNTlkNzgxNzEzNmEyZDAyODplczplczpFUw&amp;usg=AFQjCNFPPuLxx13A4ClEXURqOimSVI_7tw\">Emprendimiento femenino, oportunidad de recuperaci\u00f3n para M\u00e9xico<\/a>&#8211;<\/u>\u00a0Periodico a.m.<a href=\"https:\/\/www.google.com\/url?rct=j&amp;sa=t&amp;url=https:\/\/www.abc.com.py\/nacionales\/2021\/04\/22\/falta-inclusion-financiera-y-laboral-de-mujeres-para-reducir-brecha-de-genero\/&amp;ct=ga&amp;cd=CAEYAyoTNDM4MTU3NzUxNjI4MzgxODg5MDIZYzAzNzJlYmMyZmVhZGE1OTplczplczpFUw&amp;usg=AFQjCNFLb4DzUm8iTZi-NS1Iiw0F4N9Rww\"><br \/>\nFalta inclusi\u00f3n financiera y laboral de\u00a0mujeres\u00a0para reducir brecha de g\u00e9nero<\/a>&#8211;\u00a0Abc Color<\/p>\n<p><a href=\"https:\/\/www.google.com\/url?rct=j&amp;sa=t&amp;url=https:\/\/www.lahora.com.ec\/cristina-orozco-no-me-imagino-a-un-hombre-en-el-rol-de-primera-dama\/&amp;ct=ga&amp;cd=CAEYBioUMTQ2NjY5ODE4NzQyMzM5MTQ1MjQyGWMwMzcyZWJjMmZlYWRhNTk6ZXM6ZXM6RVM&amp;usg=AFQjCNHmyr5yxjPRExbxuyKnXDD3RYNjuQ\">Cristina Orozco: &#8216;No me imagino a un hombre en el rol de primera dama&#8217;<\/a>&#8211;\u00a0La Hora (Ecuador)<\/p>\n<p><u><a href=\"https:\/\/www.google.com\/url?rct=j&amp;sa=t&amp;url=https:\/\/www.elheraldo.com.ar\/noticias\/196757_proponen-una-ley-de-proteccion-integral-a-las-mujeres-rurales.html&amp;ct=ga&amp;cd=CAEYASoUMTE1MTY2NzUwNTY0OTA5MTU4MzEyGWUxZTc3ZDE1NjA5OGE4ZTM6ZXM6ZXM6RVM&amp;usg=AFQjCNElqf1NrojDA5wduiEaTFXsXrB-8Q\">Proponen una \u201cLey de Protecci\u00f3n Integral a las Mujeres Rurales\u201d<\/a><\/u>&#8211;\u00a0<a href=\"http:\/\/elheraldo.com.ar\/\">elheraldo.com.ar<\/a><a href=\"https:\/\/www.google.com\/url?rct=j&amp;sa=t&amp;url=https:\/\/www.elmundo.es\/internacional\/2021\/04\/21\/607ff5dc21efa0e3478b4579.html&amp;ct=ga&amp;cd=CAEYBCoUMTYxODg3ODAxMjcxMDAxMzY0NjgyGWMwMzcyZWJjMmZlYWRhNTk6ZXM6ZXM6RVM&amp;usg=AFQjCNGd3RQz_miAXBtqnvtk04OmhrmrVw\"><br \/>\nIndia, devastada por la segunda ola de coronavirus: \u00abSe nos est\u00e1 acabando el ox\u00edgeno\u00bb<\/a>&#8211;\u00a0El Mundo<\/p>\n<p><a href=\"https:\/\/www.google.com\/url?rct=j&amp;sa=t&amp;url=https:\/\/www.eleconomista.com.mx\/arteseideas\/Juliana-Gonzalez-primera-mujer-en-recibir-el-Premio-Internacional-Eulalio-Ferrer-20210419-0085.html&amp;ct=ga&amp;cd=CAEYGioSMzMwMTgzODcxODExNDQ4NTU4MhljMDM3MmViYzJmZWFkYTU5OmVzOmVzOkVT&amp;usg=AFQjCNHzoHaWp-ZxjGVJT2aawsCaichOMg\">Juliana Gonz\u00e1lez, primera\u00a0mujer\u00a0en recibir el Premio Internacional Eulalio Ferrer<\/a>&#8211; El Economista<a href=\"https:\/\/www.google.com\/url?rct=j&amp;sa=t&amp;url=https:\/\/www.swissinfo.ch\/spa\/cine-mujeres_mujeres-del-sector-audiovisual-reclaman-igualdad-en-la-cumbre-iberoamericana\/46554002&amp;ct=ga&amp;cd=CAEYACoTNTg3ODQwNjM1ODAwNTE2MTk5OTIZZTJkZWZhN2Q1ZGE5MTU3ZDplczplczpFUw&amp;usg=AFQjCNGd216PMLa7H4mhMmZyDRrkIg0lEA\"><br \/>\nMujeres del sector audiovisual reclaman igualdad en la Cumbre Iberoamericana<\/a>&#8211;\u00a0swissinfo.ch<\/p>\n<\/div>\n<\/div>\n<\/div><\/div><\/div><\/div><\/div>\n","protected":false},"excerpt":{"rendered":"<p>Lourdes Arastey magistrada del Tribunal Supremo * Mujeres que alimentan el cambio * Mar\u00eda Trinidad Herrero acad\u00e9mica de n\u00famero electa de Academia Nacional de Medicina * Aumentan un 145% las apps de ciberacoso y espionaje<\/p>\n","protected":false},"author":3,"featured_media":22909,"comment_status":"closed","ping_status":"closed","sticky":false,"template":"","format":"standard","meta":{"footnotes":""},"categories":[298,621],"tags":[258,239],"class_list":["post-15388","post","type-post","status-publish","format-standard","has-post-thumbnail","hentry","category-newsletter","category-nwl-3-0","tag-ciberacoso","tag-tareas-de-cuidado"],"yoast_head":"<!-- This site is optimized with the Yoast SEO plugin v27.5 - https:\/\/yoast.com\/product\/yoast-seo-wordpress\/ -->\n<title>Noticias Info CKL n\u00ba 2.573-23\/04\/21-Comunicar con perspectiva de g\u00e9nero<\/title>\n<meta name=\"description\" content=\"Lourdes Arastey magistrada del Tribunal Supremo * Mujeres que alimentan el cambio * Mar\u00eda Trinidad Herrero acad\u00e9mica de n\u00famero electa de Academia Nacional de Medicina * Aumentan un 145% las apps de ciberacoso y espionaje\" \/>\n<meta name=\"robots\" content=\"index, follow, max-snippet:-1, max-image-preview:large, max-video-preview:-1\" \/>\n<link rel=\"canonical\" href=\"https:\/\/cklcomunicaciones.es\/coop\/noticias-info-ckl-no-2573-23-04-21\/\" \/>\n<meta property=\"og:locale\" content=\"es_ES\" \/>\n<meta property=\"og:type\" content=\"article\" \/>\n<meta property=\"og:title\" content=\"Noticias Info CKL n\u00ba 2.573-23\/04\/21-Comunicar con perspectiva de g\u00e9nero\" \/>\n<meta property=\"og:description\" content=\"Lourdes Arastey magistrada del Tribunal Supremo * Mujeres que alimentan el cambio * Mar\u00eda Trinidad Herrero acad\u00e9mica de n\u00famero electa de Academia Nacional de Medicina * Aumentan un 145% las apps de ciberacoso y espionaje\" \/>\n<meta property=\"og:url\" content=\"https:\/\/cklcomunicaciones.es\/coop\/noticias-info-ckl-no-2573-23-04-21\/\" \/>\n<meta property=\"og:site_name\" content=\"CKL Comunicaciones\" \/>\n<meta property=\"article:published_time\" content=\"2021-04-23T14:38:09+00:00\" \/>\n<meta property=\"article:modified_time\" content=\"2025-02-10T18:10:09+00:00\" \/>\n<meta property=\"og:image\" content=\"https:\/\/cklcomunicaciones.es\/coop\/wp-content\/uploads\/2025\/01\/CKL-una-mirada-distinta-de-la-comunicacion.jpg\" \/>\n\t<meta property=\"og:image:width\" content=\"1482\" \/>\n\t<meta property=\"og:image:height\" content=\"775\" \/>\n\t<meta property=\"og:image:type\" content=\"image\/jpeg\" \/>\n<meta name=\"author\" content=\"ckl\" \/>\n<meta name=\"twitter:card\" content=\"summary_large_image\" \/>\n<meta name=\"twitter:label1\" content=\"Escrito por\" \/>\n\t<meta name=\"twitter:data1\" content=\"ckl\" \/>\n\t<meta name=\"twitter:label2\" content=\"Tiempo de lectura\" \/>\n\t<meta name=\"twitter:data2\" content=\"6 minutos\" \/>\n<script type=\"application\/ld+json\" class=\"yoast-schema-graph\">{\"@context\":\"https:\\\/\\\/schema.org\",\"@graph\":[{\"@type\":\"Article\",\"@id\":\"https:\\\/\\\/cklcomunicaciones.es\\\/coop\\\/noticias-info-ckl-no-2573-23-04-21\\\/#article\",\"isPartOf\":{\"@id\":\"https:\\\/\\\/cklcomunicaciones.es\\\/coop\\\/noticias-info-ckl-no-2573-23-04-21\\\/\"},\"author\":{\"name\":\"ckl\",\"@id\":\"https:\\\/\\\/cklcomunicaciones.es\\\/coop\\\/#\\\/schema\\\/person\\\/929a6837f7626450bbb50cee1aef266e\"},\"headline\":\"Noticias Info CKL n\u00ba 2.573-23\\\/04\\\/21\",\"datePublished\":\"2021-04-23T14:38:09+00:00\",\"dateModified\":\"2025-02-10T18:10:09+00:00\",\"mainEntityOfPage\":{\"@id\":\"https:\\\/\\\/cklcomunicaciones.es\\\/coop\\\/noticias-info-ckl-no-2573-23-04-21\\\/\"},\"wordCount\":1266,\"image\":{\"@id\":\"https:\\\/\\\/cklcomunicaciones.es\\\/coop\\\/noticias-info-ckl-no-2573-23-04-21\\\/#primaryimage\"},\"thumbnailUrl\":\"https:\\\/\\\/cklcomunicaciones.es\\\/coop\\\/wp-content\\\/uploads\\\/2025\\\/01\\\/CKL-una-mirada-distinta-de-la-comunicacion.jpg\",\"keywords\":[\"ciberacoso\",\"tareas de cuidado\"],\"articleSection\":[\"Newsletter\",\"Nwl v3.0\"],\"inLanguage\":\"es\"},{\"@type\":\"WebPage\",\"@id\":\"https:\\\/\\\/cklcomunicaciones.es\\\/coop\\\/noticias-info-ckl-no-2573-23-04-21\\\/\",\"url\":\"https:\\\/\\\/cklcomunicaciones.es\\\/coop\\\/noticias-info-ckl-no-2573-23-04-21\\\/\",\"name\":\"Noticias Info CKL n\u00ba 2.573-23\\\/04\\\/21-Comunicar con perspectiva de g\u00e9nero\",\"isPartOf\":{\"@id\":\"https:\\\/\\\/cklcomunicaciones.es\\\/coop\\\/#website\"},\"primaryImageOfPage\":{\"@id\":\"https:\\\/\\\/cklcomunicaciones.es\\\/coop\\\/noticias-info-ckl-no-2573-23-04-21\\\/#primaryimage\"},\"image\":{\"@id\":\"https:\\\/\\\/cklcomunicaciones.es\\\/coop\\\/noticias-info-ckl-no-2573-23-04-21\\\/#primaryimage\"},\"thumbnailUrl\":\"https:\\\/\\\/cklcomunicaciones.es\\\/coop\\\/wp-content\\\/uploads\\\/2025\\\/01\\\/CKL-una-mirada-distinta-de-la-comunicacion.jpg\",\"datePublished\":\"2021-04-23T14:38:09+00:00\",\"dateModified\":\"2025-02-10T18:10:09+00:00\",\"author\":{\"@id\":\"https:\\\/\\\/cklcomunicaciones.es\\\/coop\\\/#\\\/schema\\\/person\\\/929a6837f7626450bbb50cee1aef266e\"},\"description\":\"Lourdes Arastey magistrada del Tribunal Supremo * Mujeres que alimentan el cambio * Mar\u00eda Trinidad Herrero acad\u00e9mica de n\u00famero electa de Academia Nacional de Medicina * Aumentan un 145% las apps de ciberacoso y espionaje\",\"breadcrumb\":{\"@id\":\"https:\\\/\\\/cklcomunicaciones.es\\\/coop\\\/noticias-info-ckl-no-2573-23-04-21\\\/#breadcrumb\"},\"inLanguage\":\"es\",\"potentialAction\":[{\"@type\":\"ReadAction\",\"target\":[\"https:\\\/\\\/cklcomunicaciones.es\\\/coop\\\/noticias-info-ckl-no-2573-23-04-21\\\/\"]}]},{\"@type\":\"ImageObject\",\"inLanguage\":\"es\",\"@id\":\"https:\\\/\\\/cklcomunicaciones.es\\\/coop\\\/noticias-info-ckl-no-2573-23-04-21\\\/#primaryimage\",\"url\":\"https:\\\/\\\/cklcomunicaciones.es\\\/coop\\\/wp-content\\\/uploads\\\/2025\\\/01\\\/CKL-una-mirada-distinta-de-la-comunicacion.jpg\",\"contentUrl\":\"https:\\\/\\\/cklcomunicaciones.es\\\/coop\\\/wp-content\\\/uploads\\\/2025\\\/01\\\/CKL-una-mirada-distinta-de-la-comunicacion.jpg\",\"width\":1482,\"height\":775,\"caption\":\"CKL - una mirada distinta de la comunicacion\"},{\"@type\":\"BreadcrumbList\",\"@id\":\"https:\\\/\\\/cklcomunicaciones.es\\\/coop\\\/noticias-info-ckl-no-2573-23-04-21\\\/#breadcrumb\",\"itemListElement\":[{\"@type\":\"ListItem\",\"position\":1,\"name\":\"Portada\",\"item\":\"https:\\\/\\\/cklcomunicaciones.es\\\/coop\\\/\"},{\"@type\":\"ListItem\",\"position\":2,\"name\":\"Noticias Info CKL n\u00ba 2.573-23\\\/04\\\/21\"}]},{\"@type\":\"WebSite\",\"@id\":\"https:\\\/\\\/cklcomunicaciones.es\\\/coop\\\/#website\",\"url\":\"https:\\\/\\\/cklcomunicaciones.es\\\/coop\\\/\",\"name\":\"CKL Comunicaciones\",\"description\":\"Sitio web de CKL Comunicaciones coop , la consultora de comunicaci\u00f3n y estrategia\",\"potentialAction\":[{\"@type\":\"SearchAction\",\"target\":{\"@type\":\"EntryPoint\",\"urlTemplate\":\"https:\\\/\\\/cklcomunicaciones.es\\\/coop\\\/?s={search_term_string}\"},\"query-input\":{\"@type\":\"PropertyValueSpecification\",\"valueRequired\":true,\"valueName\":\"search_term_string\"}}],\"inLanguage\":\"es\"},{\"@type\":\"Person\",\"@id\":\"https:\\\/\\\/cklcomunicaciones.es\\\/coop\\\/#\\\/schema\\\/person\\\/929a6837f7626450bbb50cee1aef266e\",\"name\":\"ckl\",\"image\":{\"@type\":\"ImageObject\",\"inLanguage\":\"es\",\"@id\":\"https:\\\/\\\/secure.gravatar.com\\\/avatar\\\/c82db564e8a669bf6023357a157b9dc4780f4d4c618f2ad1d71a6a5dede45057?s=96&d=mm&r=g\",\"url\":\"https:\\\/\\\/secure.gravatar.com\\\/avatar\\\/c82db564e8a669bf6023357a157b9dc4780f4d4c618f2ad1d71a6a5dede45057?s=96&d=mm&r=g\",\"contentUrl\":\"https:\\\/\\\/secure.gravatar.com\\\/avatar\\\/c82db564e8a669bf6023357a157b9dc4780f4d4c618f2ad1d71a6a5dede45057?s=96&d=mm&r=g\",\"caption\":\"ckl\"},\"url\":\"https:\\\/\\\/cklcomunicaciones.es\\\/coop\\\/author\\\/cklcomunicaciones\\\/\"}]}<\/script>\n<!-- \/ Yoast SEO plugin. -->","yoast_head_json":{"title":"Noticias Info CKL n\u00ba 2.573-23\/04\/21-Comunicar con perspectiva de g\u00e9nero","description":"Lourdes Arastey magistrada del Tribunal Supremo * Mujeres que alimentan el cambio * Mar\u00eda Trinidad Herrero acad\u00e9mica de n\u00famero electa de Academia Nacional de Medicina * Aumentan un 145% las apps de ciberacoso y espionaje","robots":{"index":"index","follow":"follow","max-snippet":"max-snippet:-1","max-image-preview":"max-image-preview:large","max-video-preview":"max-video-preview:-1"},"canonical":"https:\/\/cklcomunicaciones.es\/coop\/noticias-info-ckl-no-2573-23-04-21\/","og_locale":"es_ES","og_type":"article","og_title":"Noticias Info CKL n\u00ba 2.573-23\/04\/21-Comunicar con perspectiva de g\u00e9nero","og_description":"Lourdes Arastey magistrada del Tribunal Supremo * Mujeres que alimentan el cambio * Mar\u00eda Trinidad Herrero acad\u00e9mica de n\u00famero electa de Academia Nacional de Medicina * Aumentan un 145% las apps de ciberacoso y espionaje","og_url":"https:\/\/cklcomunicaciones.es\/coop\/noticias-info-ckl-no-2573-23-04-21\/","og_site_name":"CKL Comunicaciones","article_published_time":"2021-04-23T14:38:09+00:00","article_modified_time":"2025-02-10T18:10:09+00:00","og_image":[{"width":1482,"height":775,"url":"https:\/\/cklcomunicaciones.es\/coop\/wp-content\/uploads\/2025\/01\/CKL-una-mirada-distinta-de-la-comunicacion.jpg","type":"image\/jpeg"}],"author":"ckl","twitter_card":"summary_large_image","twitter_misc":{"Escrito por":"ckl","Tiempo de lectura":"6 minutos"},"schema":{"@context":"https:\/\/schema.org","@graph":[{"@type":"Article","@id":"https:\/\/cklcomunicaciones.es\/coop\/noticias-info-ckl-no-2573-23-04-21\/#article","isPartOf":{"@id":"https:\/\/cklcomunicaciones.es\/coop\/noticias-info-ckl-no-2573-23-04-21\/"},"author":{"name":"ckl","@id":"https:\/\/cklcomunicaciones.es\/coop\/#\/schema\/person\/929a6837f7626450bbb50cee1aef266e"},"headline":"Noticias Info CKL n\u00ba 2.573-23\/04\/21","datePublished":"2021-04-23T14:38:09+00:00","dateModified":"2025-02-10T18:10:09+00:00","mainEntityOfPage":{"@id":"https:\/\/cklcomunicaciones.es\/coop\/noticias-info-ckl-no-2573-23-04-21\/"},"wordCount":1266,"image":{"@id":"https:\/\/cklcomunicaciones.es\/coop\/noticias-info-ckl-no-2573-23-04-21\/#primaryimage"},"thumbnailUrl":"https:\/\/cklcomunicaciones.es\/coop\/wp-content\/uploads\/2025\/01\/CKL-una-mirada-distinta-de-la-comunicacion.jpg","keywords":["ciberacoso","tareas de cuidado"],"articleSection":["Newsletter","Nwl v3.0"],"inLanguage":"es"},{"@type":"WebPage","@id":"https:\/\/cklcomunicaciones.es\/coop\/noticias-info-ckl-no-2573-23-04-21\/","url":"https:\/\/cklcomunicaciones.es\/coop\/noticias-info-ckl-no-2573-23-04-21\/","name":"Noticias Info CKL n\u00ba 2.573-23\/04\/21-Comunicar con perspectiva de g\u00e9nero","isPartOf":{"@id":"https:\/\/cklcomunicaciones.es\/coop\/#website"},"primaryImageOfPage":{"@id":"https:\/\/cklcomunicaciones.es\/coop\/noticias-info-ckl-no-2573-23-04-21\/#primaryimage"},"image":{"@id":"https:\/\/cklcomunicaciones.es\/coop\/noticias-info-ckl-no-2573-23-04-21\/#primaryimage"},"thumbnailUrl":"https:\/\/cklcomunicaciones.es\/coop\/wp-content\/uploads\/2025\/01\/CKL-una-mirada-distinta-de-la-comunicacion.jpg","datePublished":"2021-04-23T14:38:09+00:00","dateModified":"2025-02-10T18:10:09+00:00","author":{"@id":"https:\/\/cklcomunicaciones.es\/coop\/#\/schema\/person\/929a6837f7626450bbb50cee1aef266e"},"description":"Lourdes Arastey magistrada del Tribunal Supremo * Mujeres que alimentan el cambio * Mar\u00eda Trinidad Herrero acad\u00e9mica de n\u00famero electa de Academia Nacional de Medicina * Aumentan un 145% las apps de ciberacoso y espionaje","breadcrumb":{"@id":"https:\/\/cklcomunicaciones.es\/coop\/noticias-info-ckl-no-2573-23-04-21\/#breadcrumb"},"inLanguage":"es","potentialAction":[{"@type":"ReadAction","target":["https:\/\/cklcomunicaciones.es\/coop\/noticias-info-ckl-no-2573-23-04-21\/"]}]},{"@type":"ImageObject","inLanguage":"es","@id":"https:\/\/cklcomunicaciones.es\/coop\/noticias-info-ckl-no-2573-23-04-21\/#primaryimage","url":"https:\/\/cklcomunicaciones.es\/coop\/wp-content\/uploads\/2025\/01\/CKL-una-mirada-distinta-de-la-comunicacion.jpg","contentUrl":"https:\/\/cklcomunicaciones.es\/coop\/wp-content\/uploads\/2025\/01\/CKL-una-mirada-distinta-de-la-comunicacion.jpg","width":1482,"height":775,"caption":"CKL - una mirada distinta de la comunicacion"},{"@type":"BreadcrumbList","@id":"https:\/\/cklcomunicaciones.es\/coop\/noticias-info-ckl-no-2573-23-04-21\/#breadcrumb","itemListElement":[{"@type":"ListItem","position":1,"name":"Portada","item":"https:\/\/cklcomunicaciones.es\/coop\/"},{"@type":"ListItem","position":2,"name":"Noticias Info CKL n\u00ba 2.573-23\/04\/21"}]},{"@type":"WebSite","@id":"https:\/\/cklcomunicaciones.es\/coop\/#website","url":"https:\/\/cklcomunicaciones.es\/coop\/","name":"CKL Comunicaciones","description":"Sitio web de CKL Comunicaciones coop , la consultora de comunicaci\u00f3n y estrategia","potentialAction":[{"@type":"SearchAction","target":{"@type":"EntryPoint","urlTemplate":"https:\/\/cklcomunicaciones.es\/coop\/?s={search_term_string}"},"query-input":{"@type":"PropertyValueSpecification","valueRequired":true,"valueName":"search_term_string"}}],"inLanguage":"es"},{"@type":"Person","@id":"https:\/\/cklcomunicaciones.es\/coop\/#\/schema\/person\/929a6837f7626450bbb50cee1aef266e","name":"ckl","image":{"@type":"ImageObject","inLanguage":"es","@id":"https:\/\/secure.gravatar.com\/avatar\/c82db564e8a669bf6023357a157b9dc4780f4d4c618f2ad1d71a6a5dede45057?s=96&d=mm&r=g","url":"https:\/\/secure.gravatar.com\/avatar\/c82db564e8a669bf6023357a157b9dc4780f4d4c618f2ad1d71a6a5dede45057?s=96&d=mm&r=g","contentUrl":"https:\/\/secure.gravatar.com\/avatar\/c82db564e8a669bf6023357a157b9dc4780f4d4c618f2ad1d71a6a5dede45057?s=96&d=mm&r=g","caption":"ckl"},"url":"https:\/\/cklcomunicaciones.es\/coop\/author\/cklcomunicaciones\/"}]}},"_links":{"self":[{"href":"https:\/\/cklcomunicaciones.es\/coop\/wp-json\/wp\/v2\/posts\/15388","targetHints":{"allow":["GET"]}}],"collection":[{"href":"https:\/\/cklcomunicaciones.es\/coop\/wp-json\/wp\/v2\/posts"}],"about":[{"href":"https:\/\/cklcomunicaciones.es\/coop\/wp-json\/wp\/v2\/types\/post"}],"author":[{"embeddable":true,"href":"https:\/\/cklcomunicaciones.es\/coop\/wp-json\/wp\/v2\/users\/3"}],"replies":[{"embeddable":true,"href":"https:\/\/cklcomunicaciones.es\/coop\/wp-json\/wp\/v2\/comments?post=15388"}],"version-history":[{"count":0,"href":"https:\/\/cklcomunicaciones.es\/coop\/wp-json\/wp\/v2\/posts\/15388\/revisions"}],"wp:featuredmedia":[{"embeddable":true,"href":"https:\/\/cklcomunicaciones.es\/coop\/wp-json\/wp\/v2\/media\/22909"}],"wp:attachment":[{"href":"https:\/\/cklcomunicaciones.es\/coop\/wp-json\/wp\/v2\/media?parent=15388"}],"wp:term":[{"taxonomy":"category","embeddable":true,"href":"https:\/\/cklcomunicaciones.es\/coop\/wp-json\/wp\/v2\/categories?post=15388"},{"taxonomy":"post_tag","embeddable":true,"href":"https:\/\/cklcomunicaciones.es\/coop\/wp-json\/wp\/v2\/tags?post=15388"}],"curies":[{"name":"wp","href":"https:\/\/api.w.org\/{rel}","templated":true}]}}