{"id":15378,"date":"2021-04-14T13:01:22","date_gmt":"2021-04-14T11:01:22","guid":{"rendered":"https:\/\/www.cklcomunicaciones.es\/?p=15378"},"modified":"2025-02-10T19:28:03","modified_gmt":"2025-02-10T18:28:03","slug":"noticias-info-ckl-no-2-570-14-04-21","status":"publish","type":"post","link":"https:\/\/cklcomunicaciones.es\/coop\/noticias-info-ckl-no-2-570-14-04-21\/","title":{"rendered":"Noticias Info CKL n\u00ba 2.570-14\/04\/21"},"content":{"rendered":"<div class=\"fusion-fullwidth fullwidth-box fusion-builder-row-1 fusion-flex-container nonhundred-percent-fullwidth non-hundred-percent-height-scrolling\" style=\"--awb-border-radius-top-left:0px;--awb-border-radius-top-right:0px;--awb-border-radius-bottom-right:0px;--awb-border-radius-bottom-left:0px;--awb-flex-wrap:wrap;\" ><div class=\"fusion-builder-row fusion-row fusion-flex-align-items-flex-start fusion-flex-content-wrap\" style=\"max-width:1248px;margin-left: calc(-4% \/ 2 );margin-right: calc(-4% \/ 2 );\"><div class=\"fusion-layout-column fusion_builder_column fusion-builder-column-0 fusion_builder_column_1_1 1_1 fusion-flex-column\" style=\"--awb-bg-blend:overlay;--awb-bg-size:cover;--awb-width-large:100%;--awb-margin-top-large:0px;--awb-spacing-right-large:1.92%;--awb-margin-bottom-large:0px;--awb-spacing-left-large:1.92%;--awb-width-medium:100%;--awb-spacing-right-medium:1.92%;--awb-spacing-left-medium:1.92%;--awb-width-small:100%;--awb-spacing-right-small:1.92%;--awb-spacing-left-small:1.92%;\"><div class=\"fusion-column-wrapper fusion-flex-justify-content-flex-start fusion-content-layout-column\"><div class=\"fusion-text fusion-text-1\"><h1>Convocatorias<\/h1>\n<div id=\"\" class=\"lsow-panel lsow-active\">\n<div class=\"lsow-panel-content\">\n<ul>\n<li><a href=\"https:\/\/www.uco.es\/catedrasyaulas\/catedramujeres\/encuentros-con-la-escritura.php\">Encuentros con la Escritura<\/a>. C\u00e1tedra de Estudios de las Mujeres\u00a0Leonor de Guzm\u00e1n de la Universidad de C\u00f3rdoba.\u00a016 y 23 de abril a trav\u00e9s de la plataforma Google Meet<\/li>\n<li>Reuni\u00f3n en torno al libro &#8216;Todo lo que necesito existe ya en m\u00ed&#8217;, de Rupi Kaur. Tribu Lectora.\u00a023\u00a0de abril a las 20:30 h. a trav\u00e9s de la plataforma Zoom.\u00a0<u>Formulario de inscripci\u00f3n y m\u00e1s informaci\u00f3n<\/u><\/li>\n<li><a href=\"https:\/\/perifericas.es\/products\/curso-online-investigacion-feminista\">Curso &#8216;Investigar desde una perspectiva feminista&#8217;<\/a>. periF\u00e9ricas, Escuela de Feminismos Alternativos. Abierto el plazo de inscripci\u00f3n\u00a0todo el a\u00f1o<\/li>\n<li><u><a href=\"https:\/\/www.mujeremprendedora.net\/womandigital-continua-ciclo-buenas-practicas-integrar-igualdad-genero-empresas-tic\/\">Buenas pr\u00e1cticas para integrar la igualdad de g\u00e9nero en las empresas TIC, un valor competitivo: Taller I: Aprende de quienes ya lo hicieron (6 de abril, 11 de mayo y 8 de junio); Taller II: Soluciones pr\u00e1cticas para la implantaci\u00f3n de medidas de igualda<\/a><a href=\"https:\/\/www.mujeremprendedora.net\/womandigital-continua-ciclo-buenas-practicas-integrar-igualdad-genero-empresas-tic\/\">d (20 de abril, 25 de mayo y 22 de junio)<\/a><\/u>. WomANDigital<\/li>\n<\/ul>\n<\/div>\n<\/div>\n<div id=\"\" class=\"lsow-panel lsow-active\">\n<h1 class=\"lsow-panel-title\">Comunicaci\u00f3n, Publicidad y TICs<\/h1>\n<div class=\"lsow-panel-content\">\n<p><u><a href=\"https:\/\/www.mujeremprendedora.net\/alessandra-galloni-sera-primera-mujer-que-lidere-reuters-170-anos-historia\/\">Alessandra Galloni ser\u00e1 la primera mujer que liderar\u00e1 Reuters News en sus 170 a\u00f1os de historia<\/a><\/u>&#8211;\u00a0<a href=\"http:\/\/mujeremprendedora.net\/\">mujeremprendedora.net<\/a><\/p>\n<p><u><a href=\"http:\/\/www.mijascomunicacion.org\/index.php\/noticias\/item\/20423-la-revista-cultural-%E2%80%98el-almir%C3%A9%E2%80%99-estrena-la-secci%C3%B3n-%E2%80%98mijas-con-m-de-mujer%E2%80%99\">La revista social y cultural \u2018El Almir\u00e9\u2019 estrena la secci\u00f3n \u2018Mijas con M de Mujer\u2019<\/a><\/u>&#8211;\u00a0<a href=\"http:\/\/miijascomunicacion.es\/\">miijascomunicacion.es<\/a><\/p>\n<p><u><a href=\"https:\/\/www.google.com\/url?rct=j&amp;sa=t&amp;url=http:\/\/www.ipsnoticias.net\/2021\/04\/los-estereotipos-genero-los-medios-comunicacion\/&amp;ct=ga&amp;cd=CAEYACoUMTMzNjgyMjQzMjIzMzk2MDIzMzkyGWUyZGVmYTdkNWRhOTE1N2Q6ZXM6ZXM6RVM&amp;usg=AFQjCNEw32RrPUNNjuRmZHiBtVWvEAH_Ig\">Contra los estereotipos de\u00a0g\u00e9nero\u00a0en los medios de comunicaci\u00f3n<\/a><\/u>&#8211;\u00a0IPS Agencia de Noticias<a href=\"https:\/\/www.google.com\/url?rct=j&amp;sa=t&amp;url=https:\/\/www.puromarketing.com\/9\/35113\/demasiados-malos-anuncios-estereotipos-sexistas-productos-poco-saludables-dominan-publicidad-publico.html&amp;ct=ga&amp;cd=CAEYAioTMzU5MDEwMjczMDIxNDQ3OTY3OTIZY2M3OTg0MWM2ZWYzNGViZjplczplczpFUw&amp;usg=AFQjCNH2QX3RVYs11Ucc4V7MlDYjN5GgUA\"><br \/>\n\u00bfDemasiados malos anuncios? Estereotipos sexistas o productos poco saludables dominan en la &#8230;<\/a>-Puro Marketing<\/p>\n<p><a href=\"https:\/\/www.google.com\/url?rct=j&amp;sa=t&amp;url=https:\/\/www.puromarketing.com\/9\/35103\/publicidad-muestra-igualdad-genero-sale-rentable-hacen-ventas-suban.html&amp;ct=ga&amp;cd=CAEYACoUMTE0ODU2MjY0NzI1MDY1OTAzNDUyGWM1MWU1MzM2YWY2YzQzMDU6ZXM6ZXM6RVM&amp;usg=AFQjCNFGBe1L_hxHcpsQLRgkOGEovDbCCw\">La\u00a0publicidad\u00a0que muestra igualdad de g\u00e9nero sale rentable: hace que las ventas suban<\/a>&#8211;\u00a0Puro Marketing<\/p>\n<p><a href=\"https:\/\/www.google.com\/url?rct=j&amp;sa=t&amp;url=https:\/\/www.marketingdirecto.com\/marketing-general\/eventos-y-formacion\/el-festival-internacional-de-publicidad-social-publifestival-se-celebrara-el-proximo-29-de-junio-en-el-teatro-lara-de-madrid&amp;ct=ga&amp;cd=CAEYASoUMTA0NTIyMjEzNTI2MzYwMzA3NTUyGWNjNzk4NDFjNmVmMzRlYmY6ZXM6ZXM6RVM&amp;usg=AFQjCNE8n9QgLvCqv1x71y_bTi3C-cznAw\">El Festival Internacional de\u00a0Publicidad\u00a0Social, Publifestival, se celebrar\u00e1 el pr\u00f3ximo 29 de junio en &#8230;<\/a>&#8211;\u00a0MarketingDirecto<\/p>\n<p><u><a href=\"https:\/\/www.publico.es\/sociedad\/redes-sociales-portazo-colau-abre-debate-agresiones-anonimas-genero-twitter.html\">Redes sociales El &#8216;portazo&#8217; de Colau abre un debate sobre las agresiones an\u00f3nimas y de g\u00e9nero en Twitter<\/a><\/u>&#8211; P\u00fablico<\/p>\n<\/div>\n<\/div>\n<div id=\"\" class=\"lsow-panel lsow-active\">\n<h1 class=\"lsow-panel-title\">Andaluc\u00eda<\/h1>\n<div class=\"lsow-panel-content\">\n<p><strong>Econom\u00eda y Empresas<\/strong><\/p>\n<p><u><a href=\"https:\/\/agroinformacion.com\/los-iii-premios-mujer-agro-visibilizan-el-trabajo-hacia-la-igualdad-en-andalucia-aragon-islas-baleares-galicia-y-valencia\/\">Los III Premios Mujer Agro visibilizan el trabajo hacia la igualdad en Andaluc\u00eda\u2026<\/a><\/u>-agroinformacion.com<\/p>\n<p><u><a href=\"http:\/\/www.juntadeandalucia.es\/presidencia\/portavoz\/159765\/ConsejeriadeEmpleo\/empresas\/ERTE\/ayudas\">Empleo ampl\u00eda a 39 nuevas categor\u00edas las ayudas para empresas afectadas por ERTE<\/a>&#8211;<\/u>\u00a0Oficina del Portavoz<\/p>\n<p><u><a href=\"https:\/\/www.google.com\/url?rct=j&amp;sa=t&amp;url=https:\/\/www.larazon.es\/andalucia\/20210413\/mt34xz4rmjgdhgzez2eaf7nuga.html&amp;ct=ga&amp;cd=CAEYASoUMTEyNjY0MTE3ODE0ODEzNzM1MDcyGzlhYjFjZGQ3ZTM2NmVmMzg6ZXM6ZXM6RVM6Ug&amp;usg=AFQjCNHWpylY97tJcoac0UxbNaMbQUTIjQ\">El Puerto de Sevilla se une a la red\u00a0andaluza\u00a0de entidades conciliadoras que impulsa el IAM<\/a><\/u>&#8211;\u00a0La Raz\u00f3n<\/p>\n<p><u><a href=\"https:\/\/www.msn.com\/es-es\/dinero\/economia\/la-creaci%C3%B3n-de-empresas-crece-en-febrero-en-andaluc%C3%ADa-un-142-con-1458-sociedades\/ar-BB1fDiSC?ocid=BingNewsSearch\">La creaci\u00f3n de empresas crece en febrero en Andaluc\u00eda un 14,2%, con 1.458 sociedades<\/a><\/u>-msn.com<strong>\u00a0<\/strong><\/p>\n<p><strong>Actualidad<\/strong><\/p>\n<p><a href=\"https:\/\/www.publico.es\/sociedad\/supremo-revisa-recurso-juana-rivas.html\">El Supremo revisa el recurso de Juana Rivas, mientras Italia investiga los posibles malos tratos del padre hacia sus hijos<\/a>\u00a0&#8211; P\u00fablico<a href=\"https:\/\/www.google.com\/url?rct=j&amp;sa=t&amp;url=https:\/\/andaluciainformacion.es\/torremolinos\/963909\/educacion-lanza-nueva-web-para-acercar-la-informacion-a-la-ciudadania\/&amp;ct=ga&amp;cd=CAEYACoTMTg2Nzg0OTY0ODIwNzI0ODI4MTIZZWE5MjU4MDRkNjdmMjdiMzplczplczpFUw&amp;usg=AFQjCNGM4QaYbOtNRCdc-uq_iqWP-G10Dg\"><br \/>\nEducaci\u00f3n lanza nueva web para acercar la informaci\u00f3n a la ciudadan\u00eda<\/a>&#8211;\u00a0Andaluc\u00eda Informaci\u00f3n<a href=\"https:\/\/www.google.com\/url?rct=j&amp;sa=t&amp;url=https:\/\/www.granadadigital.es\/diputacion-destina-450-000-euros-a-proyectos-de-cooperacion-internacional-y-educacion-para-el-desarrollo\/&amp;ct=ga&amp;cd=CAEYACoUMTY5NTAzNzg5NjQwODg2NzY2MjUyGTU5ZDc4MTcxMzZhMmQwMjg6ZXM6ZXM6RVM&amp;usg=AFQjCNF5O5ByakSLZGIAOBbv1XNj0UjSOg\"><br \/>\nDiputaci\u00f3n de Granada destina 450.000 euros a proyectos de\u00a0cooperaci\u00f3n\u00a0internacional y educaci\u00f3n para el desarrollo &#8230;<\/a>-GranadaDigital<\/p>\n<p><u><a href=\"http:\/\/www.juntadeandalucia.es\/presidencia\/portavoz\/159740\/ConsejodeGobierno\/Igualdad\/Dependencia\">Andaluc\u00eda alcanz\u00f3 en marzo la cifra r\u00e9cord de 230.497 beneficiarios de la dependencia<\/a><\/u>\u00a0\u2013 Oficina del Portavoz<strong>\u00a0<\/strong><\/p>\n<p><strong>Violencias<\/strong><a href=\"https:\/\/www.google.com\/url?rct=j&amp;sa=t&amp;url=https:\/\/www.europapress.es\/esandalucia\/sevilla\/noticia-asistencia-legal-psicologica-mujeres-victimas-abusos-agresiones-sexuales-crecio-33-andalucia-2020-20210412123503.html&amp;ct=ga&amp;cd=CAEYASoTNDE0NTY1MDg1MDkwODQzMTE5MDIbOWFiMWNkZDdlMzY2ZWYzODplczplczpFUzpS&amp;usg=AFQjCNHs4ZOzsGqQN2h2-LRdyRw7toJEdA\"><br \/>\nLa asistencia legal y psicol\u00f3gica a\u00a0mujeres\u00a0v\u00edctimas de abusos y agresiones sexuales creci\u00f3 un 33 &#8230;<\/a>&#8211;\u00a0Europa Press<a href=\"https:\/\/www.google.com\/url?rct=j&amp;sa=t&amp;url=https:\/\/www.sevillaactualidad.com\/andalucia\/179149-violencia-sexual-812-andaluzas-reciben-asistencia-en-el-iam\/&amp;ct=ga&amp;cd=CAEYACoUMTEyNjY0MTE3ODE0ODEzNzM1MDcyGzlhYjFjZGQ3ZTM2NmVmMzg6ZXM6ZXM6RVM6Ug&amp;usg=AFQjCNE-_Zs7tCYh4pfCwe-iJbJcHj00NQ\"><br \/>\nViolencia sexual: 812\u00a0andaluzas\u00a0reciben asistencia en el IAM<\/a>&#8211;\u00a0Sevilla Actualidad<\/p>\n<p><u><a href=\"https:\/\/elcorreoweb.es\/andalucia\/andalucia-exige-tolerancia-cero-con-el-acoso-online-a-ninas-y-adolescentes-NC7253708\">Andaluc\u00eda exige \u00abtolerancia cero\u00bb con el acoso online a ni\u00f1as y adolescentes<\/a><\/u>-elcorreodeandalucia<strong>\u00a0<\/strong><\/p>\n<p><strong>Ciencia y Cultura<\/strong><a href=\"https:\/\/www.google.com\/url?rct=j&amp;sa=t&amp;url=https:\/\/www.europapress.es\/andalucia\/noticia-universidad-loyola-andalucia-entrega-premio-investigacion-desarrollo-estudio-consumo-sostenible-20210413180453.html&amp;ct=ga&amp;cd=CAEYACoTOTk3ODMwMjAyODk4MTEyMTM4MzIZZWE5MjU4MDRkNjdmMjdiMzplczplczpFUw&amp;usg=AFQjCNF_Pskc6oo3eQo4RC7N_cnT02H0Wg\"><br \/>\nLa Universidad Loyola\u00a0Andaluc\u00eda\u00a0entrega el premio a la investigaci\u00f3n al desarrollo a un estudio de consumo sostenible &#8230;<\/a>&#8211;\u00a0Europa Press<\/p>\n<p><u><a href=\"https:\/\/www.elespanol.com\/mujer\/actualidad\/20210414\/marga-arqueologa-feminista-mediatica-historia-mujeres-anecdota\/571693945_0.html\">Marga S\u00e1nchez Romero, la arque\u00f3loga feminista m\u00e1s medi\u00e1tica: \u00abLa historia de las mujeres se ha visto como an\u00e9cdota\u00bb<\/a><\/u>-elespa\u00f1ol<\/p>\n<p><u><a href=\"https:\/\/www.20minutos.es\/noticia\/4654942\/0\/diputacion-organiza-un-seminario-gratuito-sobre-literatura-y-feminismo-a-cargo-de-la-escritora-olalla-castro\/\">Diputaci\u00f3n de Granada organiza un seminario gratuito sobre literatura y feminismo a cargo de la escritora Olalla Castro<\/a><\/u>&#8211;<a href=\"http:\/\/20minutos.es\/\">20m<\/a>i<a href=\"http:\/\/20minutos.es\/\">nutos.es<\/a><\/p>\n<p><a href=\"https:\/\/amecopress.net\/Lourdes-Pastor-Latidos-Flamencos-de-Democracia-y-Feminismo\">Lourdes Pastor. Latidos Flamencos de Democracia y Feminismo |\u00a0\u00a0Ameco Press<\/a><\/p>\n<p><u><a href=\"http:\/\/infoenpunto.com\/art\/27276\/ana-s-valderrabanos-expone-el-proyecto-borderline-en-cacmalaga\">Ana S. Valderr\u00e1banos expone el proyecto \u2018Borderline\u2019 en CACM\u00e1laga<\/a><\/u>-infoenpunto<\/p>\n<p><a href=\"https:\/\/www.huelvainformacion.es\/huelva\/mujeres-Goya-Comercial-Fundacion-Cajasol-huelva_0_1564345622.html\">Las mujeres de Goya\u2019 llegan al Comercial con la Fundaci\u00f3n Cajasol<\/a>-huelvainformacion<\/p>\n<p><strong>Deporte<\/strong><\/p>\n<p><u><a href=\"https:\/\/www.europapress.es\/andalucia\/educacion-00651\/noticia-total-436000-estudiantes-benefician-programa-fomento-deporte-20210413160204.html\">Un total de 436.000 estudiantes se benefician del programa de fomento del deporte<\/a><\/u>&#8211;\u00a0Europa Press<\/p>\n<p><u><a href=\"https:\/\/www.diariodecadiz.es\/deportes\/presenta-Campeonato-Mundo-Windsurf-RSX_0_1564944006.html\">Este viernes se presenta el Campeonato del Mundo de Windsurf RS:X<\/a><\/u>-diariodecadiz<\/p>\n<\/div>\n<\/div>\n<div id=\"\" class=\"lsow-panel lsow-active\">\n<h1 class=\"lsow-panel-title\">Estado<\/h1>\n<div class=\"lsow-panel-content\">\n<p><strong>Institucional<\/strong><\/p>\n<p><u><a href=\"https:\/\/www.publico.es\/politica\/gobierno-prorrogara-tres-meses-mas-medidas-materia-desahucios-y-alquiler-vivienda.html\">El Gobierno prorrogar\u00e1 tres meses m\u00e1s todas las medidas en materia de desahucios y alquiler de vivienda<\/a><\/u>\u00a0\u2013 P\u00fablico<\/p>\n<p><u><a href=\"https:\/\/www.eldiario.es\/economia\/yolanda-diaz-anuncia-convenio-reconocer-paro-empleadas-hogar-tramites-ratificacion_1_7801867.html\">Yolanda D\u00edaz anuncia que el convenio para reconocer el paro a las empleadas del hogar est\u00e1 \u00aben tr\u00e1mites de ratificaci\u00f3n\u00bb<\/a><\/u><strong><u>&#8211;\u00a0<\/u><\/strong>eldiario.es<\/p>\n<p><strong>Institucional-CCAA\u00a0\u00a0<\/strong><\/p>\n<p><a href=\"https:\/\/www.google.com\/url?rct=j&amp;sa=t&amp;url=https:\/\/eldiadigital.es\/art\/360103\/c-lm-destinara-212000-euros-a-ayudas-para-fomentar-el-asociacionismo-de-mujeres&amp;ct=ga&amp;cd=CAEYACoTODUzNTkwMDMwNDI2Mzc5NjA1MzIZYzAzNzJlYmMyZmVhZGE1OTplczplczpFUw&amp;usg=AFQjCNFWhfd0TYhlmI6j88hd_hDAeLYLrw\">C-LM destinar\u00e1 212.000 euros a ayudas para fomentar el asociacionismo de\u00a0mujeres<\/a>&#8211;\u00a0eldiadigital.es<\/p>\n<p><u><a href=\"https:\/\/www.google.com\/url?rct=j&amp;sa=t&amp;url=http:\/\/segoviadirecto.com\/art\/42650\/la-diputacion-de-segovia-e-ie-university-refuerzan-su-compromiso-con-la-igualdad-de-genero&amp;ct=ga&amp;cd=CAEYACoUMTA0MDIzMzkzNDM1NTM5MzM2NTkyGWUyZGVmYTdkNWRhOTE1N2Q6ZXM6ZXM6RVM&amp;usg=AFQjCNFLNqwvA3TRmEH0xTz-JXwCI3F7lA\">La Diputaci\u00f3n de Segovia e IE University refuerzan su compromiso con la igualdad de\u00a0g\u00e9nero<\/a><\/u>&#8211;\u00a0Segoviadirecto.com<u><a href=\"https:\/\/www.google.com\/url?rct=j&amp;sa=t&amp;url=https:\/\/www.20minutos.es\/noticia\/4654286\/0\/las-mujeres-representan-el-14-6-por-ciento-de-los-entrenadores-deportivos-de-baleares-segun-un-estudio\/&amp;ct=ga&amp;cd=CAEYACoUMTY3NTg4NTEwNDUyNzU3NzkxNzkyGWMwMzcyZWJjMmZlYWRhNTk6ZXM6ZXM6RVM&amp;usg=AFQjCNFGonWz0ITXFHX6Z7gKwPg9INUNfA\"><br \/>\nLas\u00a0mujeres\u00a0representan el 14,6 por ciento de los entrenadores deportivos de Baleares, seg\u00fan un &#8230;<\/a><\/u>&#8211;\u00a020minutos<a href=\"https:\/\/www.google.com\/url?rct=j&amp;sa=t&amp;url=https:\/\/www.ultimahora.es\/deportes\/otros-deportes\/2021\/04\/12\/1254563\/denuncian-las-mujeres-tecnicas-deporte-balear-son-menos-del.html&amp;ct=ga&amp;cd=CAEYAyoSNTczOTY4NjUzNjcxNzU5NjEzMhljMDM3MmViYzJmZWFkYTU5OmVzOmVzOkVT&amp;usg=AFQjCNHAKtZ5HxXA6tKhnfbZiz-ME2Q4aQ\"><br \/>\nDenuncian que las\u00a0mujeres\u00a0t\u00e9cnicas en el deporte balear son menos del 20 %<\/a>&#8211;\u00a0\u00daltima hora<u><a href=\"https:\/\/www.google.com\/url?rct=j&amp;sa=t&amp;url=https:\/\/www.murcia.com\/lorca\/noticias\/2021\/04\/13-el-ayuntamiento-de-lorca-y-la-fomlorca-presentan-el-proyecto-fortaleza-conexion-violeta-de-atencion-psicologica-grupal.asp&amp;ct=ga&amp;cd=CAEYASoRMjk5OTU5NjQ1ODAwNTU4NjkyGWMwMzcyZWJjMmZlYWRhNTk6ZXM6ZXM6RVM&amp;usg=AFQjCNGMXQSZhWCc8yEi1W71ah3N2StzTQ\"><br \/>\nEl Ayuntamiento de Lorca y la FOMLorca presentan el &#8216;Proyecto Fortaleza: Conexi\u00f3n Violeta&#8217; de &#8230;<\/a><\/u>&#8211;\u00a0Murcia.com<\/p>\n<p><strong>Econom\u00eda y Empresas<\/strong><\/p>\n<p><a href=\"https:\/\/www.google.com\/url?rct=j&amp;sa=t&amp;url=https:\/\/www.eldiario.es\/castilla-la-mancha\/emprende-a-diario\/perfil-mujer-emprendedora-digital-hijos-anos-experiencia_132_7798184.html&amp;ct=ga&amp;cd=CAEYACoSNTczOTY4NjUzNjcxNzU5NjEzMhljMDM3MmViYzJmZWFkYTU5OmVzOmVzOkVT&amp;usg=AFQjCNEHKid4NHtu8kmuxkQ3WvQ8X9-ebA\">Perfil de la\u00a0mujer\u00a0emprendedora digital: nivel de formaci\u00f3n alto y \u00abno m\u00e1s de 15 a\u00f1os\u00bb de experiencia &#8230;<\/a>&#8211;\u00a0eldiario.es<a href=\"https:\/\/www.google.com\/url?rct=j&amp;sa=t&amp;url=https:\/\/www.observatoriorh.com\/diversidad-conciliacion-e-igualdad\/un-27-de-las-empresas-no-cuentan-con-medidas-de-conciliacion-ni-tienen-previsto-adoptarlas.html&amp;ct=ga&amp;cd=CAEYASoUMTc2MDkwMTcyODU2NzQ5MTYzNjgyGTU5ZDc4MTcxMzZhMmQwMjg6ZXM6ZXM6RVM&amp;usg=AFQjCNEF9QvbjkpvkuP-wsMiB63LLauAog\"><br \/>\nUn 27% de las empresas no cuentan con medidas de conciliaci\u00f3n ni tienen previsto adoptarlas<\/a><u>&#8211;<\/u>\u00a0ORH<a href=\"https:\/\/www.google.com\/url?rct=j&amp;sa=t&amp;url=https:\/\/www.elsaltodiario.com\/economia-social\/economia-social-solidaria-brecha-salarial-transparencia-retributiva-igualdad&amp;ct=ga&amp;cd=CAEYACoUMTQyMTkxMTA4OTIxMjc4Mjk4NTEyGzkxODg1N2NkNjBmOTc3NDg6ZXM6ZXM6RVM6TA&amp;usg=AFQjCNF1HjPI9KT2hHhA0N2UMlgscAINdA\"><br \/>\nAs\u00ed contribuye la\u00a0econom\u00eda social y solidaria\u00a0a cerrar la brecha salarial<\/a>&#8211;\u00a0El Salto<\/p>\n<p><u><a href=\"https:\/\/www.publico.es\/economia\/registro-salarial-empresas-obligatorio-medida-lograr-igualdad.html\">El registro salarial en las empresas ya es obligatorio como medida para lograr la igualdad<\/a>&#8211;<\/u>\u00a0P\u00fablico<\/p>\n<p><u><a href=\"https:\/\/www.google.com\/url?rct=j&amp;sa=t&amp;url=https:\/\/www.corresponsables.com\/actualidad\/ods5-fcc-medio-ambiente-distintivo-igualdad-empresa&amp;ct=ga&amp;cd=CAEYACoTNDg2Mzg0MjUyODIzMzE1OTg2MDIZYzAzNzJlYmMyZmVhZGE1OTplczplczpFUw&amp;usg=AFQjCNHB5MderAE98PUjKEvzI5vEG9UDVg\">ODS5. FCC Medio Ambiente obtiene el Distintivo de Igualdad en la Empresa<\/a><\/u>&#8211;\u00a0Corresponsables.com<\/p>\n<p><u><a href=\"https:\/\/www.mujeremprendedora.net\/santander-potencia-liderazgo-femenino-futuro-becas-santander-women-emerging-leaders-lse\/\">Santander potencia el liderazgo femenino del futuro con las Becas Santander Women | Emerging Leaders-LSE<\/a>&#8211;<\/u>\u00a0mujeremprendedora.net<strong>\u00a0<\/strong><\/p>\n<p><strong>Actualidad<\/strong><u><a href=\"https:\/\/www.google.com\/url?rct=j&amp;sa=t&amp;url=https:\/\/lasillarota.com\/lacaderadeeva\/la-agenda-feminista-esta-presente-en-los-partidos-politicos-este-2021\/506637&amp;ct=ga&amp;cd=CAEYASoTMTMxNjUxMzE3NDQ0MDU3MTE1MTIZNTlkNzgxNzEzNmEyZDAyODplczplczpFUw&amp;usg=AFQjCNHGmZi_GutAWUCi3_KFIfd-jaxc7w\"><br \/>\n\u00bfLa agenda feminista est\u00e1 presente en los partidos pol\u00edticos este 2021?<\/a><\/u>&#8211;\u00a0La Silla Rota<a href=\"https:\/\/www.google.com\/url?rct=j&amp;sa=t&amp;url=https:\/\/www.20minutos.es\/noticia\/4653116\/0\/sintomas-menopausia-a-que-edad-aparecen-como-identificarlos\/&amp;ct=ga&amp;cd=CAEYByoSNTczOTY4NjUzNjcxNzU5NjEzMhljMDM3MmViYzJmZWFkYTU5OmVzOmVzOkVT&amp;usg=AFQjCNHbdydEjPbQBg7T5AKdkE4xbOWW2w\"><br \/>\nS\u00edntomas de la menopausia: \u00bfa qu\u00e9 edad aparecen? \u00bfC\u00f3mo identificarlos?<\/a>&#8211;\u00a020minutos<\/p>\n<p><u><a href=\"https:\/\/www.google.com\/url?rct=j&amp;sa=t&amp;url=https:\/\/www.elcorreo.com\/alava\/araba\/estudio-emakunde-asociacoines-mujeres-migrantes-racializadas-20210413115931-nt.html&amp;ct=ga&amp;cd=CAEYACoTNjYwNjc4MDQ0NTY3MzE2ODU4ODIZYzAzNzJlYmMyZmVhZGE1OTplczplczpFUw&amp;usg=AFQjCNGJY9b9IeYfQVP3I5uHMaAhTQUXhA\">Un estudio de Emakunde constata que el asociacionismo de las migrantes favorece su integraci\u00f3n<\/a><\/u>&#8211;\u00a0El Correo<\/p>\n<p><u><a href=\"https:\/\/www.eldiario.es\/sociedad\/amanecer-feminista-segunda-republica_130_7799577.html\">El amanecer feminista en la Segunda Rep\u00fablica<\/a><\/u>&#8211;\u00a0<a href=\"http:\/\/eldiario.es\/\">eldiario.es<\/a><\/p>\n<p><u><a href=\"https:\/\/elpais.com\/ciencia\/2021-04-14\/por-que-los-trombos-tras-las-vacunas-de-astrazeneca-y-de-janssen-afectan-mas-a-las-mujeres.html\">Por qu\u00e9 los trombos tras las vacunas de AstraZeneca y de Janssen afectan m\u00e1s a las mujeres<\/a><\/u>&#8211; El Pa\u00eds<strong>\u00a0<\/strong><\/p>\n<p><strong>Violencias<\/strong><\/p>\n<p><a href=\"https:\/\/www.google.com\/url?rct=j&amp;sa=t&amp;url=https:\/\/www.laprovincia.es\/sociedad\/2021\/04\/13\/elizabeth-lopez-acoso-escolar-cesa-46686271.html&amp;ct=ga&amp;cd=CAEYASoTODgxMzQwNDQ2NDI4NTY5ODAzMDIZZTFlNzdkMTU2MDk4YThlMzplczplczpFUw&amp;usg=AFQjCNHr-3_VrTfCu8Sm_YYhnyosyw2VCw\">Elizabeth L\u00f3pez: \u201cEl acoso escolar no cesa, va de la escuela a casa por las redes\u201d<\/a><u>&#8211;<\/u>\u00a0La Provincia<\/p>\n<p><u><a href=\"https:\/\/www.publico.es\/sociedad\/manada-sabadell-acoso-judicial-fina-linea-separa-interrogatorio-intenso-violencia-institucional.html\">Acoso judicial: la fina l\u00ednea que separa un interrogatorio intenso de la violencia institucional<\/a><\/u>\u00a0&#8211; P\u00fablico<\/p>\n<p><u><a href=\"https:\/\/www.publico.es\/sociedad\/trata-consejo-europa-alerta-espana-pisos-turisticos-explotar-sexualmente-mujeres.html\">El Consejo de Europa alerta del uso en Espa\u00f1a de pisos tur\u00edsticos para explotar sexualmente a mujeres<\/a>&#8211;<\/u>\u00a0Europa Press<\/p>\n<p><strong>Ciencia y Cultura<\/strong><\/p>\n<p><a href=\"https:\/\/www.google.com\/url?rct=j&amp;sa=t&amp;url=https:\/\/www.telemadrid.es\/programas\/madrid-directo\/Cientificas-Autonoma-crowdfunding-seguir-investigando-2-2331386891--20210412083408.html&amp;ct=ga&amp;cd=CAEYBCoSNTczOTY4NjUzNjcxNzU5NjEzMhljMDM3MmViYzJmZWFkYTU5OmVzOmVzOkVT&amp;usg=AFQjCNH51A4Qji1H-aL9TjiWqSuiS4DRIQ\">Cient\u00edficas de la Aut\u00f3noma piden financiaci\u00f3n para poder seguir investigando<\/a>&#8211;\u00a0Telemadrid<\/p>\n<p><a href=\"https:\/\/amecopress.net\/Entrega-de-premios-Musica\">Entrega de premios +M\u00fasica |\u00a0\u00a0Ameco Press<\/a><\/p>\n<p><u><a href=\"https:\/\/www.google.com\/url?rct=j&amp;sa=t&amp;url=https:\/\/www.deia.eus\/bizkaia\/vida-social\/2021\/04\/14\/mujeres-son-modelo-resistencia\/1112950.html&amp;ct=ga&amp;cd=CAEYACoTNTE1OTE1OTQ5ODUyOTM1NDI5NjIZYzAzNzJlYmMyZmVhZGE1OTplczplczpFUw&amp;usg=AFQjCNEI6GjOczamXEM_bgpDGPowf6v26g\">El\u00a0Instituto\u00a0Franc\u00e9s y la Universidad de Deusto inauguran muestra fotogr\u00e1fica &#8216;Mujeres en\u00a0&#8230;<\/a><\/u>&#8211;\u00a0Deia<\/p>\n<p><u><a href=\"https:\/\/elpais.com\/cultura\/2021-04-14\/maria-duenas-me-molesta-cuando-me-llaman-para-cubrir-la-cuota-de-mujeres.html\">Mar\u00eda Due\u00f1as: \u201cMe molesta cuando me llaman para cubrir la cuota de mujeres\u201d<\/a><\/u>&#8211;\u00a0El Pa\u00eds<\/p>\n<p><u><a href=\"https:\/\/www.eldiario.es\/cultura\/libros\/elisa-victoria-hay-colegios-religiosos-no-les-da-apenas-importancia_1_7797596.html\">Elisa Victoria, autora de &#8216;El Evangelio&#8217;: \u00abLos ni\u00f1os tienen muchas caracter\u00edsticas valiosas que se aplastan para cumplir con una rutina\u00bb<\/a><\/u>&#8211;\u00a0<a href=\"http:\/\/eldiario.es\/\">eldiario.es<\/a><\/p>\n<p><u><a href=\"https:\/\/www.eldiario.es\/cultura\/libros\/lorca-picasso-maruja-mallo-maria-zambrano-muerte-exilio-creacion-artistica-antifascista_1_7800252.html\">De Lorca y Picasso a Maruja Mallo y Mar\u00eda Zambrano: muerte y exilio de la creaci\u00f3n art\u00edstica antifascista<\/a><\/u>&#8211;\u00a0eldiario.es<\/p>\n<p><u><a href=\"https:\/\/www.europapress.es\/cultura\/cine-00128\/noticia-14-peliculas-13-documentales-85-series-estan-dirigidas-mujeres-estudio-20210412143823.html\">El 14% de las pel\u00edculas, el 13% de los documentales y el 8,5% de series est\u00e1n dirigidas por mujeres, seg\u00fan un estudio<\/a><\/u>\u00a0-Europa Press<strong>\u00a0<\/strong><\/p>\n<p><strong>Deporte<\/strong><\/p>\n<p><u><a href=\"https:\/\/www.laprovincia.es\/deportes\/2021\/04\/14\/lema-impacto-mundial-47704995.html\">Un lema de impacto mundial<\/a><\/u>&#8211; La Provincia<\/p>\n<p><u><a href=\"https:\/\/www.elcorreo.com\/deporte-femenino-alava\/baloncesto\/raquel-carrera-enamora-20210413222630-nt.html\">Raquel Carrera enamora en Europa<\/a><\/u>-elcorreo<\/p>\n<\/div>\n<\/div>\n<div id=\"\" class=\"lsow-panel lsow-active\">\n<h1 class=\"lsow-panel-title\">Internacional<\/h1>\n<div class=\"lsow-panel-content\">\n<p><a href=\"https:\/\/www.google.com\/url?rct=j&amp;sa=t&amp;url=http:\/\/www.oncenoticias.cr\/cuanto-tiempo-llevara-cerrar-la-brecha-global-de-genero\/&amp;ct=ga&amp;cd=CAEYAioUMTEzNjU4MzMxNDg2NzE1MTg1OTAyGTU5ZDc4MTcxMzZhMmQwMjg6ZXM6ZXM6RVM&amp;usg=AFQjCNEzfjwwoN9o1bGypwV8vWg2WfyZtw\">\u00bfCu\u00e1nto tiempo llevar\u00e1 cerrar la brecha global de\u00a0g\u00e9nero?<\/a>&#8211;\u00a0<a href=\"http:\/\/oncenoticias.cr\/\">oncenoticias.cr<\/a><\/p>\n<p><a href=\"https:\/\/www.google.com\/url?rct=j&amp;sa=t&amp;url=https:\/\/www.semana.com\/economia\/macroeconomia\/articulo\/colombia-es-el-pais-de-la-ocde-con-la-brecha-de-genero-laboral-mas-amplia\/202154\/&amp;ct=ga&amp;cd=CAEYASoUMTEzNjU4MzMxNDg2NzE1MTg1OTAyGTU5ZDc4MTcxMzZhMmQwMjg6ZXM6ZXM6RVM&amp;usg=AFQjCNHwhWxCMT9zEs60e86Vv98U7pWp3A\">Colombia es el pa\u00eds de la OCDE con la brecha de\u00a0g\u00e9nero\u00a0laboral m\u00e1s amplia<\/a>&#8211;\u00a0Semana.com<a href=\"https:\/\/www.google.com\/url?rct=j&amp;sa=t&amp;url=https:\/\/www.rosario3.com\/educacion\/La-educacion-es-la-principal-solucion-ante-el-cambio-climatico-20210413-0005.html&amp;ct=ga&amp;cd=CAEYASoTMjM5MzExNDM3NzIyODI0NDQ5NTIZNTlkNzgxNzEzNmEyZDAyODplczplczpFUw&amp;usg=AFQjCNHqTFsc8jtoLVMPw_hkKWKGu5ZkcA\"><br \/>\nLa educaci\u00f3n es la principal soluci\u00f3n ante el cambio clim\u00e1tico<\/a>&#8211; Rosario3.com<\/p>\n<p><a href=\"https:\/\/www.google.com\/url?rct=j&amp;sa=t&amp;url=https:\/\/palabrasclaras.mx\/tecnologia\/valentina-tereshkova-la-primera-mujer-en-conquistar-el-espacio\/&amp;ct=ga&amp;cd=CAEYBioUMTAwNTQ5MDkzNzMzNTI3MDAwNTEyGWMwMzcyZWJjMmZlYWRhNTk6ZXM6ZXM6RVM&amp;usg=AFQjCNFP3lbZNRnxpJ7V4xrmoXdOziBUeQ\">Valentina Tereshkova, la primera\u00a0mujer\u00a0en conquistar el espacio<\/a><u>&#8211;<\/u>\u00a0PalabrasClaras.mx<\/p>\n<p><u><a href=\"https:\/\/es-us.vida-estilo.yahoo.com\/cima-impulsa-programa-ayuda-mujeres-101328086.html\">CIMA Impulsa, un programa de ayuda a mujeres cineastas llega a Latinoam\u00e9rica<\/a><\/u>&#8211; Yahoo<\/p>\n<p><u><a href=\"https:\/\/www.mundodeportivo.com\/actualidad\/20210412\/493182720729\/frances-mcdormand-se-lleva-el-bafta-a-mejor-actriz-protagonista.html\">Frances McDormand se lleva el BAFTA a mejor actriz protagonista<\/a><\/u>-mundodeportivo<\/p>\n<\/div>\n<\/div>\n<\/div><\/div><\/div><\/div><\/div>\n","protected":false},"excerpt":{"rendered":"<p>Espa\u00f1a m\u00e1s del 40% de madres solas ha tenido problemas de conciliaci\u00f3n por la COVID * El registro salarial en las empresas ya es obligatorio * Alessandra Galloni 1\u00aa mujer que liderar\u00e1 Reuters New en 170 a\u00f1os de historia<\/p>\n","protected":false},"author":3,"featured_media":22909,"comment_status":"closed","ping_status":"closed","sticky":false,"template":"","format":"standard","meta":{"footnotes":""},"categories":[298,621],"tags":[142,237,256],"class_list":["post-15378","post","type-post","status-publish","format-standard","has-post-thumbnail","hentry","category-newsletter","category-nwl-3-0","tag-conciliacion","tag-covid19","tag-registro-salarial"],"yoast_head":"<!-- This site is optimized with the Yoast SEO plugin v27.5 - https:\/\/yoast.com\/product\/yoast-seo-wordpress\/ -->\n<title>Noticias Info CKL n\u00ba 2.570-14\/04\/21-Comunicar con perspectiva de g\u00e9nero<\/title>\n<meta name=\"description\" content=\"Espa\u00f1a m\u00e1s del 40% de madres solas ha tenido problemas de conciliaci\u00f3n por la COVID * El registro salarial en las empresas ya es obligatorio * Alessandra Galloni 1\u00aa mujer que liderar\u00e1 Reuters New en 170 a\u00f1os de historia\" \/>\n<meta name=\"robots\" content=\"index, follow, max-snippet:-1, max-image-preview:large, max-video-preview:-1\" \/>\n<link rel=\"canonical\" href=\"https:\/\/cklcomunicaciones.es\/coop\/noticias-info-ckl-no-2-570-14-04-21\/\" \/>\n<meta property=\"og:locale\" content=\"es_ES\" \/>\n<meta property=\"og:type\" content=\"article\" \/>\n<meta property=\"og:title\" content=\"Noticias Info CKL n\u00ba 2.570-14\/04\/21-Comunicar con perspectiva de g\u00e9nero\" \/>\n<meta property=\"og:description\" content=\"Espa\u00f1a m\u00e1s del 40% de madres solas ha tenido problemas de conciliaci\u00f3n por la COVID * El registro salarial en las empresas ya es obligatorio * Alessandra Galloni 1\u00aa mujer que liderar\u00e1 Reuters New en 170 a\u00f1os de historia\" \/>\n<meta property=\"og:url\" content=\"https:\/\/cklcomunicaciones.es\/coop\/noticias-info-ckl-no-2-570-14-04-21\/\" \/>\n<meta property=\"og:site_name\" content=\"CKL Comunicaciones\" \/>\n<meta property=\"article:published_time\" content=\"2021-04-14T11:01:22+00:00\" \/>\n<meta property=\"article:modified_time\" content=\"2025-02-10T18:28:03+00:00\" \/>\n<meta property=\"og:image\" content=\"https:\/\/cklcomunicaciones.es\/coop\/wp-content\/uploads\/2025\/01\/CKL-una-mirada-distinta-de-la-comunicacion.jpg\" \/>\n\t<meta property=\"og:image:width\" content=\"1482\" \/>\n\t<meta property=\"og:image:height\" content=\"775\" \/>\n\t<meta property=\"og:image:type\" content=\"image\/jpeg\" \/>\n<meta name=\"author\" content=\"ckl\" \/>\n<meta name=\"twitter:card\" content=\"summary_large_image\" \/>\n<meta name=\"twitter:label1\" content=\"Escrito por\" \/>\n\t<meta name=\"twitter:data1\" content=\"ckl\" \/>\n\t<meta name=\"twitter:label2\" content=\"Tiempo de lectura\" \/>\n\t<meta name=\"twitter:data2\" content=\"6 minutos\" \/>\n<script type=\"application\/ld+json\" class=\"yoast-schema-graph\">{\"@context\":\"https:\\\/\\\/schema.org\",\"@graph\":[{\"@type\":\"Article\",\"@id\":\"https:\\\/\\\/cklcomunicaciones.es\\\/coop\\\/noticias-info-ckl-no-2-570-14-04-21\\\/#article\",\"isPartOf\":{\"@id\":\"https:\\\/\\\/cklcomunicaciones.es\\\/coop\\\/noticias-info-ckl-no-2-570-14-04-21\\\/\"},\"author\":{\"name\":\"ckl\",\"@id\":\"https:\\\/\\\/cklcomunicaciones.es\\\/coop\\\/#\\\/schema\\\/person\\\/929a6837f7626450bbb50cee1aef266e\"},\"headline\":\"Noticias Info CKL n\u00ba 2.570-14\\\/04\\\/21\",\"datePublished\":\"2021-04-14T11:01:22+00:00\",\"dateModified\":\"2025-02-10T18:28:03+00:00\",\"mainEntityOfPage\":{\"@id\":\"https:\\\/\\\/cklcomunicaciones.es\\\/coop\\\/noticias-info-ckl-no-2-570-14-04-21\\\/\"},\"wordCount\":1370,\"image\":{\"@id\":\"https:\\\/\\\/cklcomunicaciones.es\\\/coop\\\/noticias-info-ckl-no-2-570-14-04-21\\\/#primaryimage\"},\"thumbnailUrl\":\"https:\\\/\\\/cklcomunicaciones.es\\\/coop\\\/wp-content\\\/uploads\\\/2025\\\/01\\\/CKL-una-mirada-distinta-de-la-comunicacion.jpg\",\"keywords\":[\"conciliaci\u00f3n\",\"COVID19\",\"registro salarial\"],\"articleSection\":[\"Newsletter\",\"Nwl v3.0\"],\"inLanguage\":\"es\"},{\"@type\":\"WebPage\",\"@id\":\"https:\\\/\\\/cklcomunicaciones.es\\\/coop\\\/noticias-info-ckl-no-2-570-14-04-21\\\/\",\"url\":\"https:\\\/\\\/cklcomunicaciones.es\\\/coop\\\/noticias-info-ckl-no-2-570-14-04-21\\\/\",\"name\":\"Noticias Info CKL n\u00ba 2.570-14\\\/04\\\/21-Comunicar con perspectiva de g\u00e9nero\",\"isPartOf\":{\"@id\":\"https:\\\/\\\/cklcomunicaciones.es\\\/coop\\\/#website\"},\"primaryImageOfPage\":{\"@id\":\"https:\\\/\\\/cklcomunicaciones.es\\\/coop\\\/noticias-info-ckl-no-2-570-14-04-21\\\/#primaryimage\"},\"image\":{\"@id\":\"https:\\\/\\\/cklcomunicaciones.es\\\/coop\\\/noticias-info-ckl-no-2-570-14-04-21\\\/#primaryimage\"},\"thumbnailUrl\":\"https:\\\/\\\/cklcomunicaciones.es\\\/coop\\\/wp-content\\\/uploads\\\/2025\\\/01\\\/CKL-una-mirada-distinta-de-la-comunicacion.jpg\",\"datePublished\":\"2021-04-14T11:01:22+00:00\",\"dateModified\":\"2025-02-10T18:28:03+00:00\",\"author\":{\"@id\":\"https:\\\/\\\/cklcomunicaciones.es\\\/coop\\\/#\\\/schema\\\/person\\\/929a6837f7626450bbb50cee1aef266e\"},\"description\":\"Espa\u00f1a m\u00e1s del 40% de madres solas ha tenido problemas de conciliaci\u00f3n por la COVID * El registro salarial en las empresas ya es obligatorio * Alessandra Galloni 1\u00aa mujer que liderar\u00e1 Reuters New en 170 a\u00f1os de historia\",\"breadcrumb\":{\"@id\":\"https:\\\/\\\/cklcomunicaciones.es\\\/coop\\\/noticias-info-ckl-no-2-570-14-04-21\\\/#breadcrumb\"},\"inLanguage\":\"es\",\"potentialAction\":[{\"@type\":\"ReadAction\",\"target\":[\"https:\\\/\\\/cklcomunicaciones.es\\\/coop\\\/noticias-info-ckl-no-2-570-14-04-21\\\/\"]}]},{\"@type\":\"ImageObject\",\"inLanguage\":\"es\",\"@id\":\"https:\\\/\\\/cklcomunicaciones.es\\\/coop\\\/noticias-info-ckl-no-2-570-14-04-21\\\/#primaryimage\",\"url\":\"https:\\\/\\\/cklcomunicaciones.es\\\/coop\\\/wp-content\\\/uploads\\\/2025\\\/01\\\/CKL-una-mirada-distinta-de-la-comunicacion.jpg\",\"contentUrl\":\"https:\\\/\\\/cklcomunicaciones.es\\\/coop\\\/wp-content\\\/uploads\\\/2025\\\/01\\\/CKL-una-mirada-distinta-de-la-comunicacion.jpg\",\"width\":1482,\"height\":775,\"caption\":\"CKL - una mirada distinta de la comunicacion\"},{\"@type\":\"BreadcrumbList\",\"@id\":\"https:\\\/\\\/cklcomunicaciones.es\\\/coop\\\/noticias-info-ckl-no-2-570-14-04-21\\\/#breadcrumb\",\"itemListElement\":[{\"@type\":\"ListItem\",\"position\":1,\"name\":\"Portada\",\"item\":\"https:\\\/\\\/cklcomunicaciones.es\\\/coop\\\/\"},{\"@type\":\"ListItem\",\"position\":2,\"name\":\"Noticias Info CKL n\u00ba 2.570-14\\\/04\\\/21\"}]},{\"@type\":\"WebSite\",\"@id\":\"https:\\\/\\\/cklcomunicaciones.es\\\/coop\\\/#website\",\"url\":\"https:\\\/\\\/cklcomunicaciones.es\\\/coop\\\/\",\"name\":\"CKL Comunicaciones\",\"description\":\"Sitio web de CKL Comunicaciones coop , la consultora de comunicaci\u00f3n y estrategia\",\"potentialAction\":[{\"@type\":\"SearchAction\",\"target\":{\"@type\":\"EntryPoint\",\"urlTemplate\":\"https:\\\/\\\/cklcomunicaciones.es\\\/coop\\\/?s={search_term_string}\"},\"query-input\":{\"@type\":\"PropertyValueSpecification\",\"valueRequired\":true,\"valueName\":\"search_term_string\"}}],\"inLanguage\":\"es\"},{\"@type\":\"Person\",\"@id\":\"https:\\\/\\\/cklcomunicaciones.es\\\/coop\\\/#\\\/schema\\\/person\\\/929a6837f7626450bbb50cee1aef266e\",\"name\":\"ckl\",\"image\":{\"@type\":\"ImageObject\",\"inLanguage\":\"es\",\"@id\":\"https:\\\/\\\/secure.gravatar.com\\\/avatar\\\/c82db564e8a669bf6023357a157b9dc4780f4d4c618f2ad1d71a6a5dede45057?s=96&d=mm&r=g\",\"url\":\"https:\\\/\\\/secure.gravatar.com\\\/avatar\\\/c82db564e8a669bf6023357a157b9dc4780f4d4c618f2ad1d71a6a5dede45057?s=96&d=mm&r=g\",\"contentUrl\":\"https:\\\/\\\/secure.gravatar.com\\\/avatar\\\/c82db564e8a669bf6023357a157b9dc4780f4d4c618f2ad1d71a6a5dede45057?s=96&d=mm&r=g\",\"caption\":\"ckl\"},\"url\":\"https:\\\/\\\/cklcomunicaciones.es\\\/coop\\\/author\\\/cklcomunicaciones\\\/\"}]}<\/script>\n<!-- \/ Yoast SEO plugin. -->","yoast_head_json":{"title":"Noticias Info CKL n\u00ba 2.570-14\/04\/21-Comunicar con perspectiva de g\u00e9nero","description":"Espa\u00f1a m\u00e1s del 40% de madres solas ha tenido problemas de conciliaci\u00f3n por la COVID * El registro salarial en las empresas ya es obligatorio * Alessandra Galloni 1\u00aa mujer que liderar\u00e1 Reuters New en 170 a\u00f1os de historia","robots":{"index":"index","follow":"follow","max-snippet":"max-snippet:-1","max-image-preview":"max-image-preview:large","max-video-preview":"max-video-preview:-1"},"canonical":"https:\/\/cklcomunicaciones.es\/coop\/noticias-info-ckl-no-2-570-14-04-21\/","og_locale":"es_ES","og_type":"article","og_title":"Noticias Info CKL n\u00ba 2.570-14\/04\/21-Comunicar con perspectiva de g\u00e9nero","og_description":"Espa\u00f1a m\u00e1s del 40% de madres solas ha tenido problemas de conciliaci\u00f3n por la COVID * El registro salarial en las empresas ya es obligatorio * Alessandra Galloni 1\u00aa mujer que liderar\u00e1 Reuters New en 170 a\u00f1os de historia","og_url":"https:\/\/cklcomunicaciones.es\/coop\/noticias-info-ckl-no-2-570-14-04-21\/","og_site_name":"CKL Comunicaciones","article_published_time":"2021-04-14T11:01:22+00:00","article_modified_time":"2025-02-10T18:28:03+00:00","og_image":[{"width":1482,"height":775,"url":"https:\/\/cklcomunicaciones.es\/coop\/wp-content\/uploads\/2025\/01\/CKL-una-mirada-distinta-de-la-comunicacion.jpg","type":"image\/jpeg"}],"author":"ckl","twitter_card":"summary_large_image","twitter_misc":{"Escrito por":"ckl","Tiempo de lectura":"6 minutos"},"schema":{"@context":"https:\/\/schema.org","@graph":[{"@type":"Article","@id":"https:\/\/cklcomunicaciones.es\/coop\/noticias-info-ckl-no-2-570-14-04-21\/#article","isPartOf":{"@id":"https:\/\/cklcomunicaciones.es\/coop\/noticias-info-ckl-no-2-570-14-04-21\/"},"author":{"name":"ckl","@id":"https:\/\/cklcomunicaciones.es\/coop\/#\/schema\/person\/929a6837f7626450bbb50cee1aef266e"},"headline":"Noticias Info CKL n\u00ba 2.570-14\/04\/21","datePublished":"2021-04-14T11:01:22+00:00","dateModified":"2025-02-10T18:28:03+00:00","mainEntityOfPage":{"@id":"https:\/\/cklcomunicaciones.es\/coop\/noticias-info-ckl-no-2-570-14-04-21\/"},"wordCount":1370,"image":{"@id":"https:\/\/cklcomunicaciones.es\/coop\/noticias-info-ckl-no-2-570-14-04-21\/#primaryimage"},"thumbnailUrl":"https:\/\/cklcomunicaciones.es\/coop\/wp-content\/uploads\/2025\/01\/CKL-una-mirada-distinta-de-la-comunicacion.jpg","keywords":["conciliaci\u00f3n","COVID19","registro salarial"],"articleSection":["Newsletter","Nwl v3.0"],"inLanguage":"es"},{"@type":"WebPage","@id":"https:\/\/cklcomunicaciones.es\/coop\/noticias-info-ckl-no-2-570-14-04-21\/","url":"https:\/\/cklcomunicaciones.es\/coop\/noticias-info-ckl-no-2-570-14-04-21\/","name":"Noticias Info CKL n\u00ba 2.570-14\/04\/21-Comunicar con perspectiva de g\u00e9nero","isPartOf":{"@id":"https:\/\/cklcomunicaciones.es\/coop\/#website"},"primaryImageOfPage":{"@id":"https:\/\/cklcomunicaciones.es\/coop\/noticias-info-ckl-no-2-570-14-04-21\/#primaryimage"},"image":{"@id":"https:\/\/cklcomunicaciones.es\/coop\/noticias-info-ckl-no-2-570-14-04-21\/#primaryimage"},"thumbnailUrl":"https:\/\/cklcomunicaciones.es\/coop\/wp-content\/uploads\/2025\/01\/CKL-una-mirada-distinta-de-la-comunicacion.jpg","datePublished":"2021-04-14T11:01:22+00:00","dateModified":"2025-02-10T18:28:03+00:00","author":{"@id":"https:\/\/cklcomunicaciones.es\/coop\/#\/schema\/person\/929a6837f7626450bbb50cee1aef266e"},"description":"Espa\u00f1a m\u00e1s del 40% de madres solas ha tenido problemas de conciliaci\u00f3n por la COVID * El registro salarial en las empresas ya es obligatorio * Alessandra Galloni 1\u00aa mujer que liderar\u00e1 Reuters New en 170 a\u00f1os de historia","breadcrumb":{"@id":"https:\/\/cklcomunicaciones.es\/coop\/noticias-info-ckl-no-2-570-14-04-21\/#breadcrumb"},"inLanguage":"es","potentialAction":[{"@type":"ReadAction","target":["https:\/\/cklcomunicaciones.es\/coop\/noticias-info-ckl-no-2-570-14-04-21\/"]}]},{"@type":"ImageObject","inLanguage":"es","@id":"https:\/\/cklcomunicaciones.es\/coop\/noticias-info-ckl-no-2-570-14-04-21\/#primaryimage","url":"https:\/\/cklcomunicaciones.es\/coop\/wp-content\/uploads\/2025\/01\/CKL-una-mirada-distinta-de-la-comunicacion.jpg","contentUrl":"https:\/\/cklcomunicaciones.es\/coop\/wp-content\/uploads\/2025\/01\/CKL-una-mirada-distinta-de-la-comunicacion.jpg","width":1482,"height":775,"caption":"CKL - una mirada distinta de la comunicacion"},{"@type":"BreadcrumbList","@id":"https:\/\/cklcomunicaciones.es\/coop\/noticias-info-ckl-no-2-570-14-04-21\/#breadcrumb","itemListElement":[{"@type":"ListItem","position":1,"name":"Portada","item":"https:\/\/cklcomunicaciones.es\/coop\/"},{"@type":"ListItem","position":2,"name":"Noticias Info CKL n\u00ba 2.570-14\/04\/21"}]},{"@type":"WebSite","@id":"https:\/\/cklcomunicaciones.es\/coop\/#website","url":"https:\/\/cklcomunicaciones.es\/coop\/","name":"CKL Comunicaciones","description":"Sitio web de CKL Comunicaciones coop , la consultora de comunicaci\u00f3n y estrategia","potentialAction":[{"@type":"SearchAction","target":{"@type":"EntryPoint","urlTemplate":"https:\/\/cklcomunicaciones.es\/coop\/?s={search_term_string}"},"query-input":{"@type":"PropertyValueSpecification","valueRequired":true,"valueName":"search_term_string"}}],"inLanguage":"es"},{"@type":"Person","@id":"https:\/\/cklcomunicaciones.es\/coop\/#\/schema\/person\/929a6837f7626450bbb50cee1aef266e","name":"ckl","image":{"@type":"ImageObject","inLanguage":"es","@id":"https:\/\/secure.gravatar.com\/avatar\/c82db564e8a669bf6023357a157b9dc4780f4d4c618f2ad1d71a6a5dede45057?s=96&d=mm&r=g","url":"https:\/\/secure.gravatar.com\/avatar\/c82db564e8a669bf6023357a157b9dc4780f4d4c618f2ad1d71a6a5dede45057?s=96&d=mm&r=g","contentUrl":"https:\/\/secure.gravatar.com\/avatar\/c82db564e8a669bf6023357a157b9dc4780f4d4c618f2ad1d71a6a5dede45057?s=96&d=mm&r=g","caption":"ckl"},"url":"https:\/\/cklcomunicaciones.es\/coop\/author\/cklcomunicaciones\/"}]}},"_links":{"self":[{"href":"https:\/\/cklcomunicaciones.es\/coop\/wp-json\/wp\/v2\/posts\/15378","targetHints":{"allow":["GET"]}}],"collection":[{"href":"https:\/\/cklcomunicaciones.es\/coop\/wp-json\/wp\/v2\/posts"}],"about":[{"href":"https:\/\/cklcomunicaciones.es\/coop\/wp-json\/wp\/v2\/types\/post"}],"author":[{"embeddable":true,"href":"https:\/\/cklcomunicaciones.es\/coop\/wp-json\/wp\/v2\/users\/3"}],"replies":[{"embeddable":true,"href":"https:\/\/cklcomunicaciones.es\/coop\/wp-json\/wp\/v2\/comments?post=15378"}],"version-history":[{"count":0,"href":"https:\/\/cklcomunicaciones.es\/coop\/wp-json\/wp\/v2\/posts\/15378\/revisions"}],"wp:featuredmedia":[{"embeddable":true,"href":"https:\/\/cklcomunicaciones.es\/coop\/wp-json\/wp\/v2\/media\/22909"}],"wp:attachment":[{"href":"https:\/\/cklcomunicaciones.es\/coop\/wp-json\/wp\/v2\/media?parent=15378"}],"wp:term":[{"taxonomy":"category","embeddable":true,"href":"https:\/\/cklcomunicaciones.es\/coop\/wp-json\/wp\/v2\/categories?post=15378"},{"taxonomy":"post_tag","embeddable":true,"href":"https:\/\/cklcomunicaciones.es\/coop\/wp-json\/wp\/v2\/tags?post=15378"}],"curies":[{"name":"wp","href":"https:\/\/api.w.org\/{rel}","templated":true}]}}