{"id":15374,"date":"2021-04-12T14:34:25","date_gmt":"2021-04-12T12:34:25","guid":{"rendered":"https:\/\/www.cklcomunicaciones.es\/?p=15374"},"modified":"2025-02-10T19:42:23","modified_gmt":"2025-02-10T18:42:23","slug":"noticias-info-ckl-no-2-569-12-04-21","status":"publish","type":"post","link":"https:\/\/cklcomunicaciones.es\/coop\/noticias-info-ckl-no-2-569-12-04-21\/","title":{"rendered":"Noticias Info CKL n\u00ba 2.569-12\/04\/21"},"content":{"rendered":"<div class=\"fusion-fullwidth fullwidth-box fusion-builder-row-1 fusion-flex-container nonhundred-percent-fullwidth non-hundred-percent-height-scrolling\" style=\"--awb-border-radius-top-left:0px;--awb-border-radius-top-right:0px;--awb-border-radius-bottom-right:0px;--awb-border-radius-bottom-left:0px;--awb-flex-wrap:wrap;\" ><div class=\"fusion-builder-row fusion-row fusion-flex-align-items-flex-start fusion-flex-content-wrap\" style=\"max-width:1248px;margin-left: calc(-4% \/ 2 );margin-right: calc(-4% \/ 2 );\"><div class=\"fusion-layout-column fusion_builder_column fusion-builder-column-0 fusion_builder_column_1_1 1_1 fusion-flex-column\" style=\"--awb-bg-blend:overlay;--awb-bg-size:cover;--awb-width-large:100%;--awb-margin-top-large:0px;--awb-spacing-right-large:1.92%;--awb-margin-bottom-large:0px;--awb-spacing-left-large:1.92%;--awb-width-medium:100%;--awb-spacing-right-medium:1.92%;--awb-spacing-left-medium:1.92%;--awb-width-small:100%;--awb-spacing-right-small:1.92%;--awb-spacing-left-small:1.92%;\"><div class=\"fusion-column-wrapper fusion-flex-justify-content-flex-start fusion-content-layout-column\"><div class=\"fusion-text fusion-text-1\"><h1>Convocatorias<\/h1>\n<div id=\"\" class=\"lsow-panel lsow-active\">\n<div class=\"lsow-panel-content\">\n<ul>\n<li><u><a href=\"https:\/\/eventos.urjc.es\/63775\/detail\/el-poder-de-las-plataformas-para-fomentar-carreras-femeninas-en-gestion-de-datos.html\">Seminario &#8216;El poder de las plataformas para fomentar carreras femeninas en Gesti\u00f3n de Datos&#8217;<\/a><\/u>. Universidad Rey Juan Carlos. 16 de abril.\u00a0<a href=\"https:\/\/forms.office.com\/pages\/responsepage.aspx?id=6sSEXw03nkuDDHVvi_G1H03zsMn9WaNLl5P18wNpBoFUOEFGOUo3VVFKWDZSNzBKWUxYQ1NQSksxTy4u\">Inscripci\u00f3n<\/a>(gratuita,\u00a00,2 ECTS)<\/li>\n<li><u><a href=\"http:\/\/tresculturas.org\/actividad\/intrepida-plus-i-encuentro-de-mujeres-empresarias-y-directivas\/\">Encuentro &#8216;Mujeres Empresarias y Directivas&#8217;<\/a><\/u>. Fundaci\u00f3n Tres Culturas y Mancomunidad del Condado de Huelva. 22 de abril.\u00a0<a href=\"https:\/\/us02web.zoom.us\/meeting\/register\/tZIpd-2qqDIjGNTjj4AiiQSNqmr9vYBqTpIy\">Inscripci\u00f3n<\/a><\/li>\n<li><u><a href=\"https:\/\/inndoc.org\/simposios\/innovando-en-la-docencia-e-investigacion-de-los-estudios-feministas-y-de-genero-reflexiones-experiencias-y-propuestas-transdisciplinares\/\">Simposio &#8216;Innovando en la docencia e investigaci\u00f3n de los estudios feministas y de g\u00e9nero: reflexiones, experiencias y propuestas transdisciplinares&#8217;\u00a0<\/a>[en el marco del\u00a0<a href=\"https:\/\/inndoc.org\/\">I Congreso Internacional de Innovaci\u00f3n en la Docencia e Investigaci\u00f3n de las Ciencias Sociales y Jur\u00eddicas&#8217;<\/a><\/u>]. Universidad de Ja\u00e9n,\u00a0etc.\u00a024 y 25 de junio de 2021.\u00a0Env\u00edo de ponencias hasta el 24 de mayo (<a href=\"https:\/\/inndoc.org\/fechas-y-plazos\/\">m\u00e1s info de fechas y plazos<\/a>)<\/li>\n<\/ul>\n<\/div>\n<\/div>\n<div id=\"\" class=\"lsow-panel lsow-active\">\n<h1 class=\"lsow-panel-title\">Comunicaci\u00f3n, Publicidad y TICs<\/h1>\n<div class=\"lsow-panel-content\">\n<p><u><a href=\"https:\/\/www.eldiario.es\/cultura\/jaula-oro-podcast-muestra-violencia-genero-llega-altas-esferas_1_7387670.html\">&#8216;En la jaula de oro&#8217;, el podcast que muestra que la violencia de g\u00e9nero tambi\u00e9n llega a las altas esferas<\/a>&#8211;<\/u><a href=\"http:\/\/eldiario.es\/\">eldiario.es<\/a><\/p>\n<p><a href=\"https:\/\/www.mujeremprendedora.net\/womandigital-continua-ciclo-buenas-practicas-integrar-igualdad-genero-empresas-tic\/\">WomANDigital contin\u00faa su ciclo \u2018Buenas Pr\u00e1cticas para integrar la igualdad de g\u00e9nero en las empresas TIC\u2019<\/a>-Mujeremprendedora.net<\/p>\n<p><u><a href=\"https:\/\/www.google.com\/url?rct=j&amp;sa=t&amp;url=https:\/\/www.elsoldecuernavaca.com.mx\/local\/nosotras-las-tics-son-aliadas-de-las-mujeres-6572387.html&amp;ct=ga&amp;cd=CAEYCCoUMTYxNjIzNjIzNjI1MjI5NDcyNDAyGWUxZTc3ZDE1NjA5OGE4ZTM6ZXM6ZXM6RVM&amp;usg=AFQjCNF1yI_JpBDSbEXTjBiP835ZJ59cKw\">[Nosotras] Las TIC&#8217;s son aliadas de las mujeres<\/a><\/u>&#8211;\u00a0El Sol de Cuernavaca<\/p>\n<p><u><a href=\"https:\/\/elpais.com\/tecnologia\/2021-04-10\/ciberfatiga-por-que-nos-cansamos-de-tomar-precauciones-en-internet-y-como-permanecer-alerta.html\">\u2018Ciberfatiga\u2019: por qu\u00e9 nos cansamos de tomar precauciones en internet y c\u00f3mo permanecer alerta<\/a><\/u>&#8211; El Pa\u00eds<a href=\"https:\/\/www.google.com\/url?rct=j&amp;sa=t&amp;url=https:\/\/www.eldiario.es\/castilla-la-mancha\/inclusion-laboral-comunidad-lgtbi-asignatura-pendiente-cuenta-propia-red-social_1_7393581.html&amp;ct=ga&amp;cd=CAEYBCoUMTI2MzU5MjgwNDkxOTAzMTA2NTcyGWMwMzcyZWJjMmZlYWRhNTk6ZXM6ZXM6RVM&amp;usg=AFQjCNGM1ygTipgCVrinlqqBU4U5NhKg6A\"><br \/>\nLa inclusi\u00f3n laboral de la comunidad LGTBI, una asignatura pendiente que ya cuenta con su propia red social &#8230;<\/a>&#8211;\u00a0eldiario.es<\/p>\n<\/div>\n<\/div>\n<div id=\"\" class=\"lsow-panel lsow-active\">\n<h1 class=\"lsow-panel-title\">Andaluc\u00eda<\/h1>\n<div class=\"lsow-panel-content\">\n<p><strong>Institucional<\/strong><\/p>\n<p><u><a href=\"http:\/\/www.juntadeandalucia.es\/presidencia\/portavoz\/159648\/carmen\/crespo\/agricultura\/pac\/andalucia\/UPA\">La consejera de Agricultura, Carmen Crespo, reclama que la nueva PAC reconozca el peso de Andaluc\u00eda<\/a><\/u>&#8211; Oficina del Portavoz<strong>\u00a0<\/strong><\/p>\n<p><strong>Econom\u00eda y Empresas<\/strong><\/p>\n<p><u><a href=\"https:\/\/www.mujeremprendedora.net\/ana-chocano-roman-reelegida-presidente-ceacop\/\">Ana Chocano Rom\u00e1n es reelegida presidente de CEACOP<\/a><\/u>\u00a0\u2013 Mujeremprendedora.net<\/p>\n<p><u><a href=\"https:\/\/www.google.com\/url?rct=j&amp;sa=t&amp;url=https:\/\/www.canalsur.es\/rtva\/las-esenciales-pero-invisibles-trabajadoras-de-ayuda-a-domicilio-en-solidarios\/1701078.html&amp;ct=ga&amp;cd=CAEYACoUMTA4NDExNjA0MzA5MDI4OTI3ODEyGWVhOTI1ODA0ZDY3ZjI3YjM6ZXM6ZXM6RVM&amp;usg=AFQjCNHS3XhpLgtjDdPozOFJy8g8LChmPg\">Las esenciales pero invisibles trabajadoras de ayuda a domicilio, en \u00abSolidarios\u00bb<\/a><\/u>&#8211;\u00a0CanalSurWeb<a href=\"https:\/\/www.google.com\/url?rct=j&amp;sa=t&amp;url=https:\/\/www.huelvainformacion.es\/huelva\/Camara-Huelva-Andaluza-Entidades-Conciliadoras_0_1563444158.html&amp;ct=ga&amp;cd=CAEYACoUMTE4OTQ5NzUwNDc5Nzg0MDk5MTkyGzlhYjFjZGQ3ZTM2NmVmMzg6ZXM6ZXM6RVM6Ug&amp;usg=AFQjCNF5Qzkztm94xwQfyZDFRHxizbqEBA\"><br \/>\nLa C\u00e1mara de Huelva se suma a la Red\u00a0Andaluza\u00a0de Entidades Conciliadoras<\/a>&#8211;\u00a0Huelva Informaci\u00f3n<\/p>\n<p><u><a href=\"https:\/\/www.mujeremprendedora.net\/nuevo-impulso-matsa-proyectos-empresariales-provincia-huelva\/\">Nuevo impulso de MATSA a proyectos empresariales de la provincia de Huelva<\/a><\/u>\u00a0\u2013 Mujeremprendedora.net<strong>\u00a0<\/strong><\/p>\n<p><strong>Actualidad<\/strong><a href=\"https:\/\/www.google.com\/url?rct=j&amp;sa=t&amp;url=https:\/\/www.lavozdealmeria.com\/noticia\/5\/vivir\/212733\/la-psicologa-laura-marcilla-recibe-premio-andalucia-joven-en-igualdad&amp;ct=ga&amp;cd=CAEYACoTMzgxNTk3MzYxMDUxMDU0NDcwODIbOWFiMWNkZDdlMzY2ZWYzODplczplczpFUzpS&amp;usg=AFQjCNHhQHcNjK_AS_rl9QC6AaPZpZVjQw\"><br \/>\nLa psic\u00f3loga Laura Marcilla recibe Premio\u00a0Andaluc\u00eda\u00a0Joven en igualdad<\/a>&#8211;\u00a0La Voz de Almer\u00eda<\/p>\n<p><u><a href=\"https:\/\/www.google.com\/url?rct=j&amp;sa=t&amp;url=https:\/\/www.noticiasdealmeria.com\/el-ayuntamiento-educa-en-igualdad-a-mas-de-1.600-estudiantes-de-secundaria-y-fp&amp;ct=ga&amp;cd=CAEYACoUMTg0NDU5MDg3ODM3NTMyNDM2MzIyGzlhYjFjZGQ3ZTM2NmVmMzg6ZXM6ZXM6RVM6Ug&amp;usg=AFQjCNHDMYyoNHKssd3dDLIWL20t1Oh9xg\">El Ayuntamiento de Almer\u00eda educa en igualdad a m\u00e1s de 1.600 estudiantes de Secundaria y FP<\/a><\/u>&#8211;\u00a0Noticias de Almer\u00eda<a href=\"https:\/\/www.google.com\/url?rct=j&amp;sa=t&amp;url=https:\/\/www.diariodealmeria.es\/opinion\/articulos\/Machismo-fronteras_0_1563443791.html&amp;ct=ga&amp;cd=CAEYAioTMTI5MjM2Nzc3ODMyMDM1NDIyMTIZZTJkZWZhN2Q1ZGE5MTU3ZDplczplczpFUw&amp;usg=AFQjCNFLxh4lw9yLIwgnqTytheNYy9Hi3Q\"><br \/>\nMachismo sin fronteras<\/a>\u00a0&#8211;\u00a0Diario de Almer\u00eda<\/p>\n<p><u><a href=\"https:\/\/www.google.com\/url?rct=j&amp;sa=t&amp;url=https:\/\/www.eldiadecordoba.es\/cordoba\/Fundacion-Xul-redefinir-UE-Cordoba_0_1563744158.html&amp;ct=ga&amp;cd=CAEYAioTNzMyNjY0NjU4OTI1NTgwNTYxNTIZYzAzNzJlYmMyZmVhZGE1OTplczplczpFUw&amp;usg=AFQjCNGmpm4yyehoDjxZfkzLtBtjE-CrSQ\">La Fundaci\u00f3n Xul busca redefinir el futuro de la UE desde C\u00f3rdoba junto a otras cinco ciudades &#8230;<\/a>\u00a0<\/u>&#8211;\u00a0El D\u00eda de C\u00f3rdoba<u><a href=\"https:\/\/www.google.com\/url?rct=j&amp;sa=t&amp;url=https:\/\/www.diariodealmeria.es\/almeria\/Igualdad-Ley-Infancia-Adolescencia-proteccion_0_1563144615.html&amp;ct=ga&amp;cd=CAEYAioUMTYxNjIzNjIzNjI1MjI5NDcyNDAyGWUxZTc3ZDE1NjA5OGE4ZTM6ZXM6ZXM6RVM&amp;usg=AFQjCNENP7B-hca9AZARschRtCzYdI0DrA\"><br \/>\nIgualdad subraya que la\u00a0nueva\u00a0Ley de Infancia y Adolescencia ser\u00e1 un referente en la protecci\u00f3n &#8230;<\/a><\/u>&#8211;\u00a0Diario de Almer\u00eda<strong>\u00a0<\/strong><\/p>\n<p><strong>Violencias<\/strong><u><a href=\"https:\/\/www.google.com\/url?rct=j&amp;sa=t&amp;url=https:\/\/www.pandasecurity.com\/es\/mediacenter\/mobile-news\/inteligencia-artificial-violencia-genero\/&amp;ct=ga&amp;cd=CAEYACoTMjU3NjEwMzYxMTAxMzQ4ODMzMDIZYzAzNzJlYmMyZmVhZGE1OTplczplczpFUw&amp;usg=AFQjCNFoDuF50HW1KOA7MLqxv9BfLPhawA\"><br \/>\nLa inteligencia artificial servicio de la lucha contra la violencia de g\u00e9nero<\/a><\/u>&#8211;\u00a0Panda Security News<\/p>\n<p><u><a href=\"http:\/\/www.juntadeandalucia.es\/presidencia\/portavoz\/159713\/IAM\/Mujeres\/Violenciasexual\/Agresionessexuales\/victimas\">La asistencia legal y psicol\u00f3gica a mujeres v\u00edctimas de violencia sexual creci\u00f3 un 33% durante 2020<\/a><\/u>&#8211; Oficina del Portavoz<\/p>\n<p><u><a href=\"https:\/\/www.google.com\/url?rct=j&amp;sa=t&amp;url=https:\/\/sevilla.abc.es\/andalucia\/cordoba\/sevi-sistema-proteccion-victimas-violencia-machista-cordoba-cambia-para-mas-eficiente-202104081455_noticia.html&amp;ct=ga&amp;cd=CAEYASoUMTYxNjIzNjIzNjI1MjI5NDcyNDAyGWUxZTc3ZDE1NjA5OGE4ZTM6ZXM6ZXM6RVM&amp;usg=AFQjCNG7Lj5NcTCw6rIV4e7Katn0or2uYQ\">El sistema de protecci\u00f3n de las v\u00edctimas de\u00a0violencia\u00a0machista en C\u00f3rdoba cambia para ser \u00abm\u00e1s &#8230;<\/a><\/u>&#8211;\u00a0abcdesevilla.es<u><a href=\"https:\/\/www.google.com\/url?rct=j&amp;sa=t&amp;url=https:\/\/www.teleprensa.com\/articulo\/malaga\/condenan-19-anos-prision-hombre-matar-pareja-maltratarla-relacion\/20210409200333926762.html&amp;ct=ga&amp;cd=CAEYACoUMTAwMzA3OTQxODcwNDM3NzY3MDQyGWMwMzcyZWJjMmZlYWRhNTk6ZXM6ZXM6RVM&amp;usg=AFQjCNHmR7hrqx50klieEd0VhOSMQkEe3A\"><br \/>\nCondenan a 19 a\u00f1os de prisi\u00f3n a un hombre por matar a su pareja y maltratarla durante la relaci\u00f3n<\/a><\/u>&#8211;\u00a0Teleprensa peri\u00f3dico digital<strong>\u00a0<\/strong><\/p>\n<p><strong>Ciencia y Cultura<\/strong><\/p>\n<p><u><a href=\"https:\/\/www.google.com\/url?rct=j&amp;sa=t&amp;url=https:\/\/www.ideal.es\/almeria\/ual\/igualdad-preocupacion-real-20210408214716-nt.html&amp;ct=ga&amp;cd=CAEYEyoTNDgwMzE1Mzg0OTM0NjY5NTU4MzIZYzAzNzJlYmMyZmVhZGE1OTplczplczpFUw&amp;usg=AFQjCNFho1W-XOpOU3VwMmypoqx41Ijfcw\">Eva D\u00edez, directora Unidad de Igualdad de G\u00e9nero de la UAL: \u201cLa Igualdad es una preocupaci\u00f3n real del aula y de la comunidad universitaria\u00bb<\/a>&#8211;<\/u>\u00a0Ideal Digital<\/p>\n<p><u><a href=\"https:\/\/www.google.com\/url?rct=j&amp;sa=t&amp;url=https:\/\/www.diariodejerez.es\/jerez\/inauguracion-instituto-Elena-Garcia-Armadas-Imbroda_0_1563444414.html&amp;ct=ga&amp;cd=CAEYBCoTNzQ0NzE5ODkzODgyNTA3NjI1MjIZYzAzNzJlYmMyZmVhZGE1OTplczplczpFUw&amp;usg=AFQjCNFAWlcUzxDKsbAn8AgZp1xMZ3hU2g\">Jerez y Elena Garc\u00eda Armada sellan un v\u00ednculo m\u00e1s all\u00e1 de lo educativo<\/a><\/u>&#8211;\u00a0Diario de Jerez<\/p>\n<p><u><a href=\"https:\/\/www.lavozdegalicia.es\/noticia\/cultura\/2021\/04\/12\/estetica-arte-debe-tener-contenido-politico-social\/0003_202104G12P27991.htm\">Pilar Albarrac\u00edn: \u00abSea cual sea la est\u00e9tica, el arte debe tener un contenido pol\u00edtico y social\u00bb<\/a><\/u>-lavozdegalicia<\/p>\n<p><u><a href=\"https:\/\/www.huelvainformacion.es\/huelva\/Mujer-flamenco-Huelva-largo-siglos_0_1564044155.html\">Mujer y flamenco en Huelva a lo largo de los siglos<\/a><\/u>-huelvainformacion<\/p>\n<p><u><a href=\"https:\/\/www.europapress.es\/andalucia\/sevilla-00357\/noticia-grupo-teatro-mujeres-vacie-sinmiedo-monitoras-talleres-premiados-distrito-macarena-sevilla-20210409140030.html\">Grupo de teatro de Mujeres de El Vacie, La SinMiedo y monitoras de talleres, premiados del Distrito Macarena de Sevilla<\/a><\/u>-europapress<\/p>\n<p><u><a href=\"http:\/\/www.juntadeandalucia.es\/presidencia\/portavoz\/159718\/PatriciadelPozo\/Cultura\/Arqueologia\/NecropolisdeCarmona\">Los estudios de la necr\u00f3polis de Carmona revelan 240 tumbas por excavar, el doble de las excavadas<\/a><\/u>\u00a0\u2013 Oficina del Portavoz<\/p>\n<p><u><a href=\"http:\/\/www.juntadeandalucia.es\/presidencia\/portavoz\/159635\/CulturayPatrimonioHistorico\/PatriciadelPozo\/CentroAndaluzdeArteContemporaneo\/CAAC\/Esculturaexpandida\/Exposicion2021\/Sevilla\/Andalucia\">La nueva exposici\u00f3n del CAAC invita a disfrutar de la &#8216;Escultura expandida&#8217;<\/a><\/u>&#8211; Oficina del Portavoz<\/p>\n<p><strong>Deporte<\/strong><\/p>\n<p><u><a href=\"http:\/\/www.juntadeandalucia.es\/presidencia\/portavoz\/159687\/Ayudas\/federacionesdeportivasandaluzas\/deportes\/ConsejeriadeEducacionyDeporte\/JuntadeAndalucia\/gobiernodeAndalucia\">La Junta presenta el Plan de impulso a las federaciones deportivas andaluzas<\/a><\/u>&#8211; Oficina del Portavoz<\/p>\n<p><u><a href=\"https:\/\/www.diariocordoba.com\/deportes\/2021\/04\/12\/adesal-encuentra-mejor-racha-victoriosa-46440579.html\">El Adesal se encuentra en la mejor racha victoriosa de su historia<\/a><\/u>-diariodecordoba<\/p>\n<\/div>\n<\/div>\n<div id=\"\" class=\"lsow-panel lsow-active\">\n<h1 class=\"lsow-panel-title\">Estado<\/h1>\n<div class=\"lsow-panel-content\">\n<p><strong>Institucional-CCAA\u00a0\u00a0<\/strong><\/p>\n<p><u><a href=\"https:\/\/www.google.com\/url?rct=j&amp;sa=t&amp;url=https:\/\/www.grada.es\/cermi-extremadura-presenta-a-varias-diputadas-el-estudio-sobre-mujeres-con-discapacidad-que-sufren-violencia\/inclusion\/&amp;ct=ga&amp;cd=CAEYACoTODM1ODk2MzMzNzYxMzQwNDA0NDIZYzAzNzJlYmMyZmVhZGE1OTplczplczpFUw&amp;usg=AFQjCNF1i012l4dNlULjBwytG6gu7EY4Pg\">Cermi Extremadura presenta a varias diputadas el estudio sobre\u00a0mujeres\u00a0con discapacidad que &#8230;<\/a>&#8211;<\/u>\u00a0Revista Grada<\/p>\n<p><u><a href=\"https:\/\/www.google.com\/url?rct=j&amp;sa=t&amp;url=https:\/\/www.navarra.es\/es\/noticias\/2021\/04\/08\/el-instituto-navarro-del-deporte-crea-un-campeonato-de-pelota-femenina-en-las-modalidades-de-mano-y-paleta-goma%3FpageBackId%3D363032%26back%3Dtrue&amp;ct=ga&amp;cd=CAEYBCoTNDgwMzE1Mzg0OTM0NjY5NTU4MzIZYzAzNzJlYmMyZmVhZGE1OTplczplczpFUw&amp;usg=AFQjCNGYDy7Wo7dTIFkt1fMv9Tw5GAzssA\">El\u00a0Instituto\u00a0Navarro del Deporte crea un campeonato de pelota femenina en las modalidades de &#8230;<\/a><\/u>&#8211;\u00a0Gobierno &#8211;\u00a0navarra.es<a href=\"https:\/\/www.google.com\/url?rct=j&amp;sa=t&amp;url=https:\/\/arainfo.org\/vinetas-por-la-igualdad-el-iaj-presenta-una-exposicion-itinerante-sobre-violencia-de-genero-a-traves-del-comic\/&amp;ct=ga&amp;cd=CAEYCioTNDgwMzE1Mzg0OTM0NjY5NTU4MzIZYzAzNzJlYmMyZmVhZGE1OTplczplczpFUw&amp;usg=AFQjCNFiUwyr9nuIqzvJ2JPPUfEDysbcCg\"><br \/>\n\u201cVi\u00f1etas por la igualdad\u201d: el Instituto Aragon\u00e9s de la Juventud presenta una exposici\u00f3n itinerante sobre violencias machistas a &#8230;<\/a>&#8211;\u00a0AraInfo<\/p>\n<p><u><a href=\"https:\/\/www.google.com\/url?rct=j&amp;sa=t&amp;url=https:\/\/www.extradigital.es\/tres-candidatas-de-castilla-y-leon-optan-al-top-100-mujeres-exterior-cyl\/&amp;ct=ga&amp;cd=CAEYFioTNDgwMzE1Mzg0OTM0NjY5NTU4MzIZYzAzNzJlYmMyZmVhZGE1OTplczplczpFUw&amp;usg=AFQjCNHbRKPyvWcXXJlfwcaQ16XV0keJbA\">Tres candidatas de Castilla y Le\u00f3n optan al Top 100\u00a0mujeres\u00a0Exterior<\/a><\/u>&#8211;\u00a0Extradigital.es<a href=\"https:\/\/www.google.com\/url?rct=j&amp;sa=t&amp;url=https:\/\/www.heraldo.es\/noticias\/economia\/2021\/04\/09\/iam-ofrece-talleres-para-emprendimiento-zonas-rurales-1483771.html&amp;ct=ga&amp;cd=CAEYACoUMTM3MDAzOTY3NjczMzQyOTE5NDgyGWMwMzcyZWJjMmZlYWRhNTk6ZXM6ZXM6RVM&amp;usg=AFQjCNHUnpZp_gGL4GOfPsgZGoVlaLp8Tw\"><br \/>\nEl\u00a0Instituto\u00a0Aragon\u00e9s de la\u00a0Mujer\u00a0ofrece talleres para impulsar el emprendimiento femenino en &#8230;<\/a>&#8211;\u00a0Heraldo.es<\/p>\n<p><u><a href=\"https:\/\/www.google.com\/url?rct=j&amp;sa=t&amp;url=https:\/\/www.lne.es\/asturias\/2021\/04\/11\/asturias-cabeza-espana-abortos-hogares-46415087.html&amp;ct=ga&amp;cd=CAEYAioTNjIwMDc3NDc3NTg0NDY4NTAwMDIZYzAzNzJlYmMyZmVhZGE1OTplczplczpFUw&amp;usg=AFQjCNGsgPy2yR-n4KGYcL12tJZA96E9Dg\">Asturias, a la cabeza de Espa\u00f1a en abortos y hogares monoparentales<\/a><\/u>&#8211;\u00a0La Nueva Espa\u00f1a<u><a href=\"https:\/\/www.google.com\/url?rct=j&amp;sa=t&amp;url=https:\/\/www.lanzadigital.com\/castilla-la-mancha\/la-junta-destina-212-000-euros-a-proyectos-de-asociaciones-de-mujeres-que-promuevan-la-igualdad-y-fomenten-su-participacion-social\/&amp;ct=ga&amp;cd=CAEYAioTMjU3NjEwMzYxMTAxMzQ4ODMzMDIZYzAzNzJlYmMyZmVhZGE1OTplczplczpFUw&amp;usg=AFQjCNEtEUE6v4i99veXT8laebQxjgNouw\"><br \/>\nLa Junta de CLM destina 212.000 euros a proyectos de asociaciones de\u00a0mujeres\u00a0que promuevan la &#8230;<\/a><\/u>&#8211;\u00a0Lanza Digital<strong>\u00a0<\/strong><\/p>\n<p><strong>Econom\u00eda y Empresas<\/strong><a href=\"https:\/\/www.google.com\/url?rct=j&amp;sa=t&amp;url=https:\/\/www.abc.es\/familia\/mujeres\/abci-60-por-ciento-emprendedoras-apoyan-financiacion-familia-porque-no-logran-otra-manera-202104121200_noticia.html&amp;ct=ga&amp;cd=CAEYBCoTMjU3NjEwMzYxMTAxMzQ4ODMzMDIZYzAzNzJlYmMyZmVhZGE1OTplczplczpFUw&amp;usg=AFQjCNHA60JbkCTC8CVZ0fKeS1IGa3Kl9A\"><br \/>\nEl 60% de las emprendedoras se apoyan en la financiaci\u00f3n de su familia porque no la logran de &#8230;<\/a>&#8211;\u00a0Abc.es<\/p>\n<p><u><a href=\"https:\/\/www.google.com\/url?rct=j&amp;sa=t&amp;url=https:\/\/www.compromisoempresarial.com\/rsc\/2021\/04\/68porciento-empresas-medidas-conciliacion-solo-33porciento-trabajadores-conoce\/&amp;ct=ga&amp;cd=CAEYACoTODAzODcyNjg0MTIwMTAxNDgzOTIZNTlkNzgxNzEzNmEyZDAyODplczplczpFUw&amp;usg=AFQjCNGiHXIvJrRzrHPBPU7u2vTP_XcjLA\">El 68% de empresas tiene medidas de conciliaci\u00f3n, pero solo el 33% de los trabajadores las conoce<\/a><\/u>&#8211;\u00a0Compromiso Empresarial<u><a href=\"https:\/\/www.google.com\/url?rct=j&amp;sa=t&amp;url=https:\/\/www.trendencias.com\/tecnologia\/mujeres-inspiradoras-mundo-tech-sector-cuyo-salario-medio-22-1-superior-al-resto&amp;ct=ga&amp;cd=CAEYACoTNDgwMzE1Mzg0OTM0NjY5NTU4MzIZYzAzNzJlYmMyZmVhZGE1OTplczplczpFUw&amp;usg=AFQjCNF475RjUxBq-0GXOMIFHRPGelDrpQ\"><br \/>\nMujeres\u00a0inspiradoras del mundo tech, el sector cuyo salario medio es un 22,1 % superior al resto<\/a>&#8211;<\/u>\u00a0Trendencias<\/p>\n<p><u><a href=\"https:\/\/www.google.com\/url?rct=j&amp;sa=t&amp;url=https:\/\/www.elespanol.com\/invertia\/disruptores-innovadores\/politica-digital\/espana\/20210409\/pequenas-solventes-endeudadas-startups-fundadas-mujeres\/571943896_0.html&amp;ct=ga&amp;cd=CAEYBioTNDgwMzE1Mzg0OTM0NjY5NTU4MzIZYzAzNzJlYmMyZmVhZGE1OTplczplczpFUw&amp;usg=AFQjCNGj28Nmu1x58i3CI8qxsEc3zEDH_Q\">M\u00e1s peque\u00f1as y solventes y menos endeudadas, as\u00ed son las startups fundadas por\u00a0mujeres<\/a><\/u>&#8211;\u00a0El Espa\u00f1ol<\/p>\n<p><u><a href=\"https:\/\/www.google.com\/url?rct=j&amp;sa=t&amp;url=https:\/\/www.efeminista.com\/las-familias-monomarentales-40-anos-de-lucha-por-derechos-basicos\/&amp;ct=ga&amp;cd=CAEYCCoTNzQ0NzE5ODkzODgyNTA3NjI1MjIZYzAzNzJlYmMyZmVhZGE1OTplczplczpFUw&amp;usg=AFQjCNHqETaTfiUemYATFul3cgatl4ALBA\">Las familias monomarentales, 40 a\u00f1os de lucha por derechos b\u00e1sicos<\/a><\/u>&#8211;\u00a0Agencia EFE<a href=\"https:\/\/www.google.com\/url?rct=j&amp;sa=t&amp;url=https:\/\/www.mundiario.com\/articulo\/revista-hggt\/mujer-mundo-vino\/20210409152813216634.html&amp;ct=ga&amp;cd=CAEYBSoTOTA0NjY5OTkwMTYyMDY1MTgzNzIZYzAzNzJlYmMyZmVhZGE1OTplczplczpFUw&amp;usg=AFQjCNE2MDsY2bBz_gHUof7iq2MYVL-sCg\"><br \/>\nLa\u00a0mujer\u00a0en el mundo del vino, por Mar Vilanova, Investigadora Distinguida CSIC<\/a>&#8211;\u00a0Mundiario<a href=\"https:\/\/www.google.com\/url?rct=j&amp;sa=t&amp;url=http:\/\/www.eleconomista.es\/economia\/noticias\/11153072\/04\/21\/Todas-las-claves-del-registro-de-salarios-obligatorio-desde-el-miercoles-en-empresas-con-mas-de-50-trabajadores.html&amp;ct=ga&amp;cd=CAEYBioTMjU3NjEwMzYxMTAxMzQ4ODMzMDIZYzAzNzJlYmMyZmVhZGE1OTplczplczpFUw&amp;usg=AFQjCNHS9wKqXHZe9gqBQIQ-C-Tju-nBRw\"><br \/>\nLas claves del registro de salarios obligatorio desde el mi\u00e9rcoles en empresas con m\u00e1s de 50 &#8230;<\/a>&#8211;\u00a0Ecodiario<\/p>\n<p><u><a href=\"https:\/\/www.mujeremprendedora.net\/aseme-celebra-50-anos-historia\/\">ASEME celebra 50 a\u00f1os de historia<\/a><\/u>\u00a0\u2013 Mujeremprendedora.net<strong>\u00a0<\/strong><\/p>\n<p><strong>Actualidad<\/strong><\/p>\n<p><u><a href=\"https:\/\/www.eldiario.es\/economia\/ana-fernandez-vega-presidenta-asociacion-consultorias-genero-no-vender-servicio-igualdad-producto-mercado_128_7389567.html\">Ana Fern\u00e1ndez de Vega, presidenta de las consultor\u00edas de g\u00e9nero: \u00abNo podemos vender el servicio de igualdad como un producto m\u00e1s de mercado\u00bb<\/a><\/u>-eldiario.es<u><a href=\"https:\/\/www.google.com\/url?rct=j&amp;sa=t&amp;url=https:\/\/www.eldiario.es\/navarra\/cristina-eseverri-hay-visibilizar-figura-mujer-policia-mayor-presencia-femenina-cuerpos-seguridad_128_7407067.html&amp;ct=ga&amp;cd=CAEYACoTNTAzNTk3Mjk2Mzk0NzI1MzAyMjIZZTFlNzdkMTU2MDk4YThlMzplczplczpFUw&amp;usg=AFQjCNFbMqgHYmFd0AboaALTpyOBKBQm5g\"><br \/>\nCristina Eseverri: \u201cHay que visibilizar m\u00e1s la figura de la mujer polic\u00eda para conseguir una mayor &#8230;<\/a><\/u>&#8211;\u00a0eldiario.es<\/p>\n<p><u><a href=\"https:\/\/www.google.com\/url?rct=j&amp;sa=t&amp;url=https:\/\/lasillarota.com\/lacaderadeeva\/estereotipos-de-genero-violencia-cotidiana-contra-las-mujeres\/504944&amp;ct=ga&amp;cd=CAEYBCoTMTI5MjM2Nzc3ODMyMDM1NDIyMTIZZTJkZWZhN2Q1ZGE5MTU3ZDplczplczpFUw&amp;usg=AFQjCNGfu3W7YHLFE_O0IOUNzhcoUDEG2g\">Estereotipos de\u00a0g\u00e9nero,\u00a0violencia\u00a0cotidiana contra las mujeres<\/a><\/u>&#8211;\u00a0La Silla Rota<strong>\u00a0<\/strong><\/p>\n<p><strong>Violencias<\/strong><\/p>\n<p><u><a href=\"https:\/\/www.google.com\/url?rct=j&amp;sa=t&amp;url=https:\/\/www.elmundo.es\/yodona\/lifestyle\/2021\/04\/09\/606ef9eafc6c83735a8b4645.html&amp;ct=ga&amp;cd=CAEYACoUMTQ1NTcwMDMxNzYxMDMyNTE0ODgyGWUxZTc3ZDE1NjA5OGE4ZTM6ZXM6ZXM6RVM&amp;usg=AFQjCNHpwTR4sNDN_kTRNN7Jf0iU9NByww\">Mabel Lozano: \u00abNuestros chavales se est\u00e1n &#8216;educando&#8217; en la pornograf\u00eda, lo que les hace creer &#8230;<\/a><\/u>&#8211;\u00a0El Mundo<a href=\"https:\/\/www.google.com\/url?rct=j&amp;sa=t&amp;url=https:\/\/www.informacion.es\/elche\/2021\/04\/10\/maria-jesus-navarro-prostitucion-sangrante-46413714.html&amp;ct=ga&amp;cd=CAEYACoSMTIzMzkzNDUwMjM2MDA1NzYzMhk1OWQ3ODE3MTM2YTJkMDI4OmVzOmVzOkVT&amp;usg=AFQjCNHnoUjwTycz_tw8hnCDp4V_SwOhfA\"><br \/>\nMar\u00eda Jes\u00fas Navarro: \u00abLa prostituci\u00f3n es la m\u00e1s sangrante violencia de\u00a0g\u00e9nero\u00bb<\/a>&#8211;\u00a0Informaci\u00f3n<\/p>\n<p><u><a href=\"https:\/\/www.google.com\/url?rct=j&amp;sa=t&amp;url=https:\/\/www.lavozdegalicia.es\/noticia\/santiago\/2021\/04\/12\/mujeres-denuncian-violencia-machista-afloja\/0003_202104S12C4995.htm&amp;ct=ga&amp;cd=CAEYACoUMTA3NDc4MDc5MDgxNjQ0NDk3ODcyGWUxZTc3ZDE1NjA5OGE4ZTM6ZXM6ZXM6RVM&amp;usg=AFQjCNFFxxLd2D_De4SgL6YD5ujDmqAGTg\">\u00bfPor qu\u00e9 las mujeres denuncian menos si la\u00a0violencia\u00a0machista no afloja?<\/a><\/u>&#8211;\u00a0La Voz de Galicia<a href=\"https:\/\/www.google.com\/url?rct=j&amp;sa=t&amp;url=https:\/\/www.20minutos.es\/noticia\/4651584\/0\/piden-28-anos-de-carcel-para-el-autor-confeso-del-crimen-machista-de-laredo-que-sera-juzgado-esta-semana\/&amp;ct=ga&amp;cd=CAEYAioUMTE2NTMxNjQyODI4MDU1NDEzMjgyGWMwMzcyZWJjMmZlYWRhNTk6ZXM6ZXM6RVM&amp;usg=AFQjCNFSg15fH1L3gIYMSMpPZh2WSXkaIA\"><br \/>\nPiden 28 a\u00f1os de c\u00e1rcel para el autor confeso del crimen machista de Laredo, que ser\u00e1 juzgado &#8230;<\/a>&#8211;\u00a020minutos<strong>\u00a0<\/strong><\/p>\n<p><strong>Ciencia y Cultura<\/strong><\/p>\n<p><u><a href=\"https:\/\/www.google.com\/url?rct=j&amp;sa=t&amp;url=https:\/\/www.elperiodico.com\/es\/sociedad\/20210408\/nuevo-modelo-predice-riesgo-cancer-20-anos-11641771&amp;ct=ga&amp;cd=CAEYCCoTNDgwMzE1Mzg0OTM0NjY5NTU4MzIZYzAzNzJlYmMyZmVhZGE1OTplczplczpFUw&amp;usg=AFQjCNFngm92L8bjQ80dLxiGjwTl_Vhq4g\">Un nuevo modelo predice el riesgo de tener c\u00e1ncer de mama hasta a 20 a\u00f1os vista<\/a><\/u>&#8211;\u00a0El Peri\u00f3dico<\/p>\n<p><u><a href=\"https:\/\/www.google.com\/url?rct=j&amp;sa=t&amp;url=https:\/\/www.eldiariomontanes.es\/sociedad\/ciencia\/cerebro-neandertal-20210409083203-ntrc.html&amp;ct=ga&amp;cd=CAEYASoTODAzODcyNjg0MTIwMTAxNDgzOTIZNTlkNzgxNzEzNmEyZDAyODplczplczpFUw&amp;usg=AFQjCNHaFpTju-pGfch08oEqIyK1ABnkuA\">\u00bfDesde cu\u00e1ndo nuestro cerebro es c\u00f3mo es?<\/a><\/u>&#8211;\u00a0El Diario Monta\u00f1es<\/p>\n<p><u><a href=\"https:\/\/www.google.com\/url?rct=j&amp;sa=t&amp;url=https:\/\/www.publico.es\/culturas\/libros\/andrea-abreu-25-mejores-autores-jovenes-lista-granta.html&amp;ct=ga&amp;cd=CAEYIyoTNDgwMzE1Mzg0OTM0NjY5NTU4MzIZYzAzNzJlYmMyZmVhZGE1OTplczplczpFUw&amp;usg=AFQjCNFdyDjbD8f7M1rStB3NogZDDZ2s9A\">Andrea Abreu, entre los 25 mejores autores jovenes de la lista &#8216;Granta&#8217;<\/a><\/u>&#8211;\u00a0P\u00fablico<a href=\"https:\/\/www.google.com\/url?rct=j&amp;sa=t&amp;url=https:\/\/www.efeminista.com\/realidad-teatros-canal-mujer-perez-galdos\/&amp;ct=ga&amp;cd=CAEYCSoTMjU3NjEwMzYxMTAxMzQ4ODMzMDIZYzAzNzJlYmMyZmVhZGE1OTplczplczpFUw&amp;usg=AFQjCNGWUexYHywHA4zUq9Qdv4LNgilnTg\"><br \/>\nLa pieza teatral \u201cRealidad\u201d muestra la importancia de la\u00a0mujer\u00a0en la obra de Gald\u00f3s<\/a>&#8211;\u00a0Agencia EFE<\/p>\n<p><u><a href=\"https:\/\/www.msn.com\/es-es\/entretenimiento\/cine\/el-14-de-las-pel%C3%ADculas-el-13-de-los-documentales-y-el-85-de-series-est%C3%A1n-dirigidas-por-mujeres-seg%C3%BAn-un-estudio\/ar-BB1fyZAW?ocid=BingNewsSearch\">El 14% de las pel\u00edculas, el 13% de los documentales y el 8,5% de series est\u00e1n dirigidas por mujeres, seg\u00fan un estudio<\/a><\/u>-msn.com<strong>\u00a0<\/strong><\/p>\n<p><strong>Deporte<\/strong><a href=\"https:\/\/www.google.com\/url?rct=j&amp;sa=t&amp;url=https:\/\/www.mujerhoy.com\/vivir\/protagonistas\/202104\/10\/maria-vicente-atleta-juegos-olimpicos-campeona-entevista-sincera-secretos-exito-20210408140547.html&amp;ct=ga&amp;cd=CAEYASoTMTc2OTIyMjg2Mjg0MzQyMDQwOTIZYzAzNzJlYmMyZmVhZGE1OTplczplczpFUw&amp;usg=AFQjCNHBHGZEn97H0UIUKWB0oA6I5Bk5Ww\"><br \/>\nLa campeona de heptatl\u00f3n Mar\u00eda Vicente se prepara para las olimpiadas y hablamos con ella &#8230;<\/a>&#8211;\u00a0Mujerhoy.com<\/p>\n<p><u><a href=\"https:\/\/www.20minutos.es\/deportes\/noticia\/4647764\/0\/misa-rodriguez-portera-real-madrid-borra-tuit-ataques-machistas\/\">#Mismapasi\u00f3n: el acoso machista a Misa Rodr\u00edguez &#8230;<\/a><\/u>-20minutos.es<\/p>\n<p><u><a href=\"https:\/\/elpais.com\/deportes\/2021-04-11\/yo-queria-ganar-a-toda-costa-y-me-pase.html\">Cristina Mayo, \u201cYo quer\u00eda ganar a toda costa y me pas\u00e9\u201d<\/a>&#8211;<\/u>\u00a0El Pa\u00eds<\/p>\n<\/div>\n<\/div>\n<div id=\"\" class=\"lsow-panel lsow-active\">\n<h1 class=\"lsow-panel-title\">Internacional<\/h1>\n<div class=\"lsow-panel-content\">\n<p><u><a href=\"https:\/\/elpais.com\/economia\/2021-04-11\/la-decision-mas-dificil-del-bce.html\">La decisi\u00f3n m\u00e1s dif\u00edcil del BCE<\/a><\/u>&#8211; El Pa\u00eds<\/p>\n<p><u><a href=\"https:\/\/www.google.com\/url?rct=j&amp;sa=t&amp;url=https:\/\/mundodehoy.com\/2021\/04\/09\/onu-mujeres-firmo-convenio-para-impulsar-iniciativas-contra-violencia-de-genero\/&amp;ct=ga&amp;cd=CAEYBSoTNzMyNjY0NjU4OTI1NTgwNTYxNTIZYzAzNzJlYmMyZmVhZGE1OTplczplczpFUw&amp;usg=AFQjCNFqqIINJ6RI3rL-fc0zerUviN_nww\">ONU-Mujeres\u00a0firm\u00f3 convenio para impulsar iniciativas contra violencia de g\u00e9nero<\/a><\/u>&#8211;\u00a0Mundodehoy.com<\/p>\n<p><u><a href=\"https:\/\/www.google.com\/url?rct=j&amp;sa=t&amp;url=https:\/\/www.abc.es\/sociedad\/abci-suecia-y-alemania-laboratorios-abolicion-y-regulacion-prostitucion-202104110122_noticia.html&amp;ct=ga&amp;cd=CAEYACoTMjM0OTEyNzk5MDQxNzk1MzMwMTIZYzAzNzJlYmMyZmVhZGE1OTplczplczpFUw&amp;usg=AFQjCNGMi-uh8f2q_p5FMhuH970-bYOwrg\">Suecia y Alemania, laboratorios de la abolici\u00f3n y la regulaci\u00f3n de la prostituci\u00f3n<\/a><\/u>&#8211;\u00a0Abc.es<\/p>\n<p><a href=\"https:\/\/www.eldiario.es\/sociedad\/nathalie-becquart-iglesia-clerical-heredamos-no-escucha-mujer-no-posible-ignorar-mitad-humanidad_128_7391954.html\">Nathalie Becquart: \u00abLa Iglesia clerical que heredamos no escucha a la mujer\u2026-eldiario.es\u00a0<\/a><a href=\"https:\/\/www.google.com\/url?rct=j&amp;sa=t&amp;url=https:\/\/heraldodemexico.com.mx\/mundo\/2021\/4\/9\/la-ciencia-necesita-mas-mujeres-281793.html&amp;ct=ga&amp;cd=CAEYDCoUMTc4MTM3OTEyMzMxMzI3MDg3MTIyGWMwMzcyZWJjMmZlYWRhNTk6ZXM6ZXM6RVM&amp;usg=AFQjCNH6vh56wTuxNvUR1Jl3wGIaciquiw\"><br \/>\nLa ciencia necesita a m\u00e1s\u00a0mujeres<\/a>&#8211;\u00a0Heraldo de M\u00e9xico<\/p>\n<p><u><a href=\"https:\/\/www.google.com\/url?rct=j&amp;sa=t&amp;url=https:\/\/www.rtve.es\/playz\/20210409\/tracy-wolff-anhelo\/2085211.shtml&amp;ct=ga&amp;cd=CAEYAioTOTA0NjY5OTkwMTYyMDY1MTgzNzIZYzAzNzJlYmMyZmVhZGE1OTplczplczpFUw&amp;usg=AFQjCNF8szeiyQwmxLJHMiR54bgj1TUjkg\">Tracy Wolff, autora de la saga &#8216;Crave&#8217;: \u00abLas\u00a0mujeres\u00a0que me lean van a comprobar que pueden ser &#8230;<\/a><\/u>&#8211;\u00a0Rtve<\/p>\n<p><u><a href=\"https:\/\/elpais.com\/cultura\/2021-04-12\/nomadland-se-alza-como-la-ganadora-de-los-premios-del-cine-britanico-con-cuatro-premios.html\">\u2018Nomadland\u2019de la directora Chlo\u00e9 Zhao gana los cuatro premios principales de los Bafta, los galardones del cine brit\u00e1nico<\/a>&#8211;\u00a0<\/u>El Pa\u00eds<\/p>\n<p><u><a href=\"https:\/\/elpais.com\/cultura\/2021-04-10\/muere-la-fotografa-alice-springs-a-los-97-anos.html\">Muere la fot\u00f3grafa Alice Springs a los 97 a\u00f1os<\/a><\/u>-El Pa\u00eds<\/p>\n<p><u><a href=\"https:\/\/elpais.com\/deportes\/2021-04-10\/rachel-blackmole-se-convierte-en-la-primera-mujer-en-ganar-el-grand-national.html\">Una leyenda femenina en el Grand National<\/a><\/u>\u00a0-El Pa\u00eds<\/p>\n<\/div>\n<\/div>\n<\/div><\/div><\/div><\/div><\/div>\n","protected":false},"excerpt":{"rendered":"<p>Las familias monomarentales 40 a\u00f1os de lucha por derechos * El 60% de emprendedoras se apoyan en la financiaci\u00f3n de su familia * La inteligencia artificial servicio de la lucha contra la violencia de g\u00e9nero * #MismaPasion<\/p>\n","protected":false},"author":3,"featured_media":22909,"comment_status":"closed","ping_status":"closed","sticky":false,"template":"","format":"standard","meta":{"footnotes":""},"categories":[298,621],"tags":[250,109],"class_list":["post-15374","post","type-post","status-publish","format-standard","has-post-thumbnail","hentry","category-newsletter","category-nwl-3-0","tag-inteligencia-artificial","tag-violencia-de-genero"],"yoast_head":"<!-- This site is optimized with the Yoast SEO plugin v27.5 - https:\/\/yoast.com\/product\/yoast-seo-wordpress\/ -->\n<title>Noticias Info CKL n\u00ba 2.569-12\/04\/21-Comunicar con perspectiva de g\u00e9nero<\/title>\n<meta name=\"description\" content=\"Las familias monomarentales 40 a\u00f1os de lucha por derechos * El 60% de emprendedoras se apoyan en la financiaci\u00f3n de su familia * La inteligencia artificial servicio de la lucha contra la violencia de g\u00e9nero * #MismaPasion\" \/>\n<meta name=\"robots\" content=\"index, follow, max-snippet:-1, max-image-preview:large, max-video-preview:-1\" \/>\n<link rel=\"canonical\" href=\"https:\/\/cklcomunicaciones.es\/coop\/noticias-info-ckl-no-2-569-12-04-21\/\" \/>\n<meta property=\"og:locale\" content=\"es_ES\" \/>\n<meta property=\"og:type\" content=\"article\" \/>\n<meta property=\"og:title\" content=\"Noticias Info CKL n\u00ba 2.569-12\/04\/21-Comunicar con perspectiva de g\u00e9nero\" \/>\n<meta property=\"og:description\" content=\"Las familias monomarentales 40 a\u00f1os de lucha por derechos * El 60% de emprendedoras se apoyan en la financiaci\u00f3n de su familia * La inteligencia artificial servicio de la lucha contra la violencia de g\u00e9nero * #MismaPasion\" \/>\n<meta property=\"og:url\" content=\"https:\/\/cklcomunicaciones.es\/coop\/noticias-info-ckl-no-2-569-12-04-21\/\" \/>\n<meta property=\"og:site_name\" content=\"CKL Comunicaciones\" \/>\n<meta property=\"article:published_time\" content=\"2021-04-12T12:34:25+00:00\" \/>\n<meta property=\"article:modified_time\" content=\"2025-02-10T18:42:23+00:00\" \/>\n<meta property=\"og:image\" content=\"https:\/\/cklcomunicaciones.es\/coop\/wp-content\/uploads\/2025\/01\/CKL-una-mirada-distinta-de-la-comunicacion.jpg\" \/>\n\t<meta property=\"og:image:width\" content=\"1482\" \/>\n\t<meta property=\"og:image:height\" content=\"775\" \/>\n\t<meta property=\"og:image:type\" content=\"image\/jpeg\" \/>\n<meta name=\"author\" content=\"ckl\" \/>\n<meta name=\"twitter:card\" content=\"summary_large_image\" \/>\n<meta name=\"twitter:label1\" content=\"Escrito por\" \/>\n\t<meta name=\"twitter:data1\" content=\"ckl\" \/>\n\t<meta name=\"twitter:label2\" content=\"Tiempo de lectura\" \/>\n\t<meta name=\"twitter:data2\" content=\"6 minutos\" \/>\n<script type=\"application\/ld+json\" class=\"yoast-schema-graph\">{\"@context\":\"https:\\\/\\\/schema.org\",\"@graph\":[{\"@type\":\"Article\",\"@id\":\"https:\\\/\\\/cklcomunicaciones.es\\\/coop\\\/noticias-info-ckl-no-2-569-12-04-21\\\/#article\",\"isPartOf\":{\"@id\":\"https:\\\/\\\/cklcomunicaciones.es\\\/coop\\\/noticias-info-ckl-no-2-569-12-04-21\\\/\"},\"author\":{\"name\":\"ckl\",\"@id\":\"https:\\\/\\\/cklcomunicaciones.es\\\/coop\\\/#\\\/schema\\\/person\\\/929a6837f7626450bbb50cee1aef266e\"},\"headline\":\"Noticias Info CKL n\u00ba 2.569-12\\\/04\\\/21\",\"datePublished\":\"2021-04-12T12:34:25+00:00\",\"dateModified\":\"2025-02-10T18:42:23+00:00\",\"mainEntityOfPage\":{\"@id\":\"https:\\\/\\\/cklcomunicaciones.es\\\/coop\\\/noticias-info-ckl-no-2-569-12-04-21\\\/\"},\"wordCount\":1481,\"image\":{\"@id\":\"https:\\\/\\\/cklcomunicaciones.es\\\/coop\\\/noticias-info-ckl-no-2-569-12-04-21\\\/#primaryimage\"},\"thumbnailUrl\":\"https:\\\/\\\/cklcomunicaciones.es\\\/coop\\\/wp-content\\\/uploads\\\/2025\\\/01\\\/CKL-una-mirada-distinta-de-la-comunicacion.jpg\",\"keywords\":[\"inteligencia artificial\",\"violencia de g\u00e9nero\"],\"articleSection\":[\"Newsletter\",\"Nwl v3.0\"],\"inLanguage\":\"es\"},{\"@type\":\"WebPage\",\"@id\":\"https:\\\/\\\/cklcomunicaciones.es\\\/coop\\\/noticias-info-ckl-no-2-569-12-04-21\\\/\",\"url\":\"https:\\\/\\\/cklcomunicaciones.es\\\/coop\\\/noticias-info-ckl-no-2-569-12-04-21\\\/\",\"name\":\"Noticias Info CKL n\u00ba 2.569-12\\\/04\\\/21-Comunicar con perspectiva de g\u00e9nero\",\"isPartOf\":{\"@id\":\"https:\\\/\\\/cklcomunicaciones.es\\\/coop\\\/#website\"},\"primaryImageOfPage\":{\"@id\":\"https:\\\/\\\/cklcomunicaciones.es\\\/coop\\\/noticias-info-ckl-no-2-569-12-04-21\\\/#primaryimage\"},\"image\":{\"@id\":\"https:\\\/\\\/cklcomunicaciones.es\\\/coop\\\/noticias-info-ckl-no-2-569-12-04-21\\\/#primaryimage\"},\"thumbnailUrl\":\"https:\\\/\\\/cklcomunicaciones.es\\\/coop\\\/wp-content\\\/uploads\\\/2025\\\/01\\\/CKL-una-mirada-distinta-de-la-comunicacion.jpg\",\"datePublished\":\"2021-04-12T12:34:25+00:00\",\"dateModified\":\"2025-02-10T18:42:23+00:00\",\"author\":{\"@id\":\"https:\\\/\\\/cklcomunicaciones.es\\\/coop\\\/#\\\/schema\\\/person\\\/929a6837f7626450bbb50cee1aef266e\"},\"description\":\"Las familias monomarentales 40 a\u00f1os de lucha por derechos * El 60% de emprendedoras se apoyan en la financiaci\u00f3n de su familia * La inteligencia artificial servicio de la lucha contra la violencia de g\u00e9nero * #MismaPasion\",\"breadcrumb\":{\"@id\":\"https:\\\/\\\/cklcomunicaciones.es\\\/coop\\\/noticias-info-ckl-no-2-569-12-04-21\\\/#breadcrumb\"},\"inLanguage\":\"es\",\"potentialAction\":[{\"@type\":\"ReadAction\",\"target\":[\"https:\\\/\\\/cklcomunicaciones.es\\\/coop\\\/noticias-info-ckl-no-2-569-12-04-21\\\/\"]}]},{\"@type\":\"ImageObject\",\"inLanguage\":\"es\",\"@id\":\"https:\\\/\\\/cklcomunicaciones.es\\\/coop\\\/noticias-info-ckl-no-2-569-12-04-21\\\/#primaryimage\",\"url\":\"https:\\\/\\\/cklcomunicaciones.es\\\/coop\\\/wp-content\\\/uploads\\\/2025\\\/01\\\/CKL-una-mirada-distinta-de-la-comunicacion.jpg\",\"contentUrl\":\"https:\\\/\\\/cklcomunicaciones.es\\\/coop\\\/wp-content\\\/uploads\\\/2025\\\/01\\\/CKL-una-mirada-distinta-de-la-comunicacion.jpg\",\"width\":1482,\"height\":775,\"caption\":\"CKL - una mirada distinta de la comunicacion\"},{\"@type\":\"BreadcrumbList\",\"@id\":\"https:\\\/\\\/cklcomunicaciones.es\\\/coop\\\/noticias-info-ckl-no-2-569-12-04-21\\\/#breadcrumb\",\"itemListElement\":[{\"@type\":\"ListItem\",\"position\":1,\"name\":\"Portada\",\"item\":\"https:\\\/\\\/cklcomunicaciones.es\\\/coop\\\/\"},{\"@type\":\"ListItem\",\"position\":2,\"name\":\"Noticias Info CKL n\u00ba 2.569-12\\\/04\\\/21\"}]},{\"@type\":\"WebSite\",\"@id\":\"https:\\\/\\\/cklcomunicaciones.es\\\/coop\\\/#website\",\"url\":\"https:\\\/\\\/cklcomunicaciones.es\\\/coop\\\/\",\"name\":\"CKL Comunicaciones\",\"description\":\"Sitio web de CKL Comunicaciones coop , la consultora de comunicaci\u00f3n y estrategia\",\"potentialAction\":[{\"@type\":\"SearchAction\",\"target\":{\"@type\":\"EntryPoint\",\"urlTemplate\":\"https:\\\/\\\/cklcomunicaciones.es\\\/coop\\\/?s={search_term_string}\"},\"query-input\":{\"@type\":\"PropertyValueSpecification\",\"valueRequired\":true,\"valueName\":\"search_term_string\"}}],\"inLanguage\":\"es\"},{\"@type\":\"Person\",\"@id\":\"https:\\\/\\\/cklcomunicaciones.es\\\/coop\\\/#\\\/schema\\\/person\\\/929a6837f7626450bbb50cee1aef266e\",\"name\":\"ckl\",\"image\":{\"@type\":\"ImageObject\",\"inLanguage\":\"es\",\"@id\":\"https:\\\/\\\/secure.gravatar.com\\\/avatar\\\/c82db564e8a669bf6023357a157b9dc4780f4d4c618f2ad1d71a6a5dede45057?s=96&d=mm&r=g\",\"url\":\"https:\\\/\\\/secure.gravatar.com\\\/avatar\\\/c82db564e8a669bf6023357a157b9dc4780f4d4c618f2ad1d71a6a5dede45057?s=96&d=mm&r=g\",\"contentUrl\":\"https:\\\/\\\/secure.gravatar.com\\\/avatar\\\/c82db564e8a669bf6023357a157b9dc4780f4d4c618f2ad1d71a6a5dede45057?s=96&d=mm&r=g\",\"caption\":\"ckl\"},\"url\":\"https:\\\/\\\/cklcomunicaciones.es\\\/coop\\\/author\\\/cklcomunicaciones\\\/\"}]}<\/script>\n<!-- \/ Yoast SEO plugin. -->","yoast_head_json":{"title":"Noticias Info CKL n\u00ba 2.569-12\/04\/21-Comunicar con perspectiva de g\u00e9nero","description":"Las familias monomarentales 40 a\u00f1os de lucha por derechos * El 60% de emprendedoras se apoyan en la financiaci\u00f3n de su familia * La inteligencia artificial servicio de la lucha contra la violencia de g\u00e9nero * #MismaPasion","robots":{"index":"index","follow":"follow","max-snippet":"max-snippet:-1","max-image-preview":"max-image-preview:large","max-video-preview":"max-video-preview:-1"},"canonical":"https:\/\/cklcomunicaciones.es\/coop\/noticias-info-ckl-no-2-569-12-04-21\/","og_locale":"es_ES","og_type":"article","og_title":"Noticias Info CKL n\u00ba 2.569-12\/04\/21-Comunicar con perspectiva de g\u00e9nero","og_description":"Las familias monomarentales 40 a\u00f1os de lucha por derechos * El 60% de emprendedoras se apoyan en la financiaci\u00f3n de su familia * La inteligencia artificial servicio de la lucha contra la violencia de g\u00e9nero * #MismaPasion","og_url":"https:\/\/cklcomunicaciones.es\/coop\/noticias-info-ckl-no-2-569-12-04-21\/","og_site_name":"CKL Comunicaciones","article_published_time":"2021-04-12T12:34:25+00:00","article_modified_time":"2025-02-10T18:42:23+00:00","og_image":[{"width":1482,"height":775,"url":"https:\/\/cklcomunicaciones.es\/coop\/wp-content\/uploads\/2025\/01\/CKL-una-mirada-distinta-de-la-comunicacion.jpg","type":"image\/jpeg"}],"author":"ckl","twitter_card":"summary_large_image","twitter_misc":{"Escrito por":"ckl","Tiempo de lectura":"6 minutos"},"schema":{"@context":"https:\/\/schema.org","@graph":[{"@type":"Article","@id":"https:\/\/cklcomunicaciones.es\/coop\/noticias-info-ckl-no-2-569-12-04-21\/#article","isPartOf":{"@id":"https:\/\/cklcomunicaciones.es\/coop\/noticias-info-ckl-no-2-569-12-04-21\/"},"author":{"name":"ckl","@id":"https:\/\/cklcomunicaciones.es\/coop\/#\/schema\/person\/929a6837f7626450bbb50cee1aef266e"},"headline":"Noticias Info CKL n\u00ba 2.569-12\/04\/21","datePublished":"2021-04-12T12:34:25+00:00","dateModified":"2025-02-10T18:42:23+00:00","mainEntityOfPage":{"@id":"https:\/\/cklcomunicaciones.es\/coop\/noticias-info-ckl-no-2-569-12-04-21\/"},"wordCount":1481,"image":{"@id":"https:\/\/cklcomunicaciones.es\/coop\/noticias-info-ckl-no-2-569-12-04-21\/#primaryimage"},"thumbnailUrl":"https:\/\/cklcomunicaciones.es\/coop\/wp-content\/uploads\/2025\/01\/CKL-una-mirada-distinta-de-la-comunicacion.jpg","keywords":["inteligencia artificial","violencia de g\u00e9nero"],"articleSection":["Newsletter","Nwl v3.0"],"inLanguage":"es"},{"@type":"WebPage","@id":"https:\/\/cklcomunicaciones.es\/coop\/noticias-info-ckl-no-2-569-12-04-21\/","url":"https:\/\/cklcomunicaciones.es\/coop\/noticias-info-ckl-no-2-569-12-04-21\/","name":"Noticias Info CKL n\u00ba 2.569-12\/04\/21-Comunicar con perspectiva de g\u00e9nero","isPartOf":{"@id":"https:\/\/cklcomunicaciones.es\/coop\/#website"},"primaryImageOfPage":{"@id":"https:\/\/cklcomunicaciones.es\/coop\/noticias-info-ckl-no-2-569-12-04-21\/#primaryimage"},"image":{"@id":"https:\/\/cklcomunicaciones.es\/coop\/noticias-info-ckl-no-2-569-12-04-21\/#primaryimage"},"thumbnailUrl":"https:\/\/cklcomunicaciones.es\/coop\/wp-content\/uploads\/2025\/01\/CKL-una-mirada-distinta-de-la-comunicacion.jpg","datePublished":"2021-04-12T12:34:25+00:00","dateModified":"2025-02-10T18:42:23+00:00","author":{"@id":"https:\/\/cklcomunicaciones.es\/coop\/#\/schema\/person\/929a6837f7626450bbb50cee1aef266e"},"description":"Las familias monomarentales 40 a\u00f1os de lucha por derechos * El 60% de emprendedoras se apoyan en la financiaci\u00f3n de su familia * La inteligencia artificial servicio de la lucha contra la violencia de g\u00e9nero * #MismaPasion","breadcrumb":{"@id":"https:\/\/cklcomunicaciones.es\/coop\/noticias-info-ckl-no-2-569-12-04-21\/#breadcrumb"},"inLanguage":"es","potentialAction":[{"@type":"ReadAction","target":["https:\/\/cklcomunicaciones.es\/coop\/noticias-info-ckl-no-2-569-12-04-21\/"]}]},{"@type":"ImageObject","inLanguage":"es","@id":"https:\/\/cklcomunicaciones.es\/coop\/noticias-info-ckl-no-2-569-12-04-21\/#primaryimage","url":"https:\/\/cklcomunicaciones.es\/coop\/wp-content\/uploads\/2025\/01\/CKL-una-mirada-distinta-de-la-comunicacion.jpg","contentUrl":"https:\/\/cklcomunicaciones.es\/coop\/wp-content\/uploads\/2025\/01\/CKL-una-mirada-distinta-de-la-comunicacion.jpg","width":1482,"height":775,"caption":"CKL - una mirada distinta de la comunicacion"},{"@type":"BreadcrumbList","@id":"https:\/\/cklcomunicaciones.es\/coop\/noticias-info-ckl-no-2-569-12-04-21\/#breadcrumb","itemListElement":[{"@type":"ListItem","position":1,"name":"Portada","item":"https:\/\/cklcomunicaciones.es\/coop\/"},{"@type":"ListItem","position":2,"name":"Noticias Info CKL n\u00ba 2.569-12\/04\/21"}]},{"@type":"WebSite","@id":"https:\/\/cklcomunicaciones.es\/coop\/#website","url":"https:\/\/cklcomunicaciones.es\/coop\/","name":"CKL Comunicaciones","description":"Sitio web de CKL Comunicaciones coop , la consultora de comunicaci\u00f3n y estrategia","potentialAction":[{"@type":"SearchAction","target":{"@type":"EntryPoint","urlTemplate":"https:\/\/cklcomunicaciones.es\/coop\/?s={search_term_string}"},"query-input":{"@type":"PropertyValueSpecification","valueRequired":true,"valueName":"search_term_string"}}],"inLanguage":"es"},{"@type":"Person","@id":"https:\/\/cklcomunicaciones.es\/coop\/#\/schema\/person\/929a6837f7626450bbb50cee1aef266e","name":"ckl","image":{"@type":"ImageObject","inLanguage":"es","@id":"https:\/\/secure.gravatar.com\/avatar\/c82db564e8a669bf6023357a157b9dc4780f4d4c618f2ad1d71a6a5dede45057?s=96&d=mm&r=g","url":"https:\/\/secure.gravatar.com\/avatar\/c82db564e8a669bf6023357a157b9dc4780f4d4c618f2ad1d71a6a5dede45057?s=96&d=mm&r=g","contentUrl":"https:\/\/secure.gravatar.com\/avatar\/c82db564e8a669bf6023357a157b9dc4780f4d4c618f2ad1d71a6a5dede45057?s=96&d=mm&r=g","caption":"ckl"},"url":"https:\/\/cklcomunicaciones.es\/coop\/author\/cklcomunicaciones\/"}]}},"_links":{"self":[{"href":"https:\/\/cklcomunicaciones.es\/coop\/wp-json\/wp\/v2\/posts\/15374","targetHints":{"allow":["GET"]}}],"collection":[{"href":"https:\/\/cklcomunicaciones.es\/coop\/wp-json\/wp\/v2\/posts"}],"about":[{"href":"https:\/\/cklcomunicaciones.es\/coop\/wp-json\/wp\/v2\/types\/post"}],"author":[{"embeddable":true,"href":"https:\/\/cklcomunicaciones.es\/coop\/wp-json\/wp\/v2\/users\/3"}],"replies":[{"embeddable":true,"href":"https:\/\/cklcomunicaciones.es\/coop\/wp-json\/wp\/v2\/comments?post=15374"}],"version-history":[{"count":0,"href":"https:\/\/cklcomunicaciones.es\/coop\/wp-json\/wp\/v2\/posts\/15374\/revisions"}],"wp:featuredmedia":[{"embeddable":true,"href":"https:\/\/cklcomunicaciones.es\/coop\/wp-json\/wp\/v2\/media\/22909"}],"wp:attachment":[{"href":"https:\/\/cklcomunicaciones.es\/coop\/wp-json\/wp\/v2\/media?parent=15374"}],"wp:term":[{"taxonomy":"category","embeddable":true,"href":"https:\/\/cklcomunicaciones.es\/coop\/wp-json\/wp\/v2\/categories?post=15374"},{"taxonomy":"post_tag","embeddable":true,"href":"https:\/\/cklcomunicaciones.es\/coop\/wp-json\/wp\/v2\/tags?post=15374"}],"curies":[{"name":"wp","href":"https:\/\/api.w.org\/{rel}","templated":true}]}}