{"id":15295,"date":"2021-03-10T15:15:11","date_gmt":"2021-03-10T14:15:11","guid":{"rendered":"https:\/\/www.cklcomunicaciones.es\/?p=15295"},"modified":"2025-02-10T20:59:21","modified_gmt":"2025-02-10T19:59:21","slug":"noticias-info-ckl-no-2-557-10-03-21","status":"publish","type":"post","link":"https:\/\/cklcomunicaciones.es\/coop\/noticias-info-ckl-no-2-557-10-03-21\/","title":{"rendered":"Noticias Info CKL n\u00ba 2.557-10\/03\/21"},"content":{"rendered":"<div class=\"fusion-fullwidth fullwidth-box fusion-builder-row-1 fusion-flex-container nonhundred-percent-fullwidth non-hundred-percent-height-scrolling\" style=\"--awb-border-radius-top-left:0px;--awb-border-radius-top-right:0px;--awb-border-radius-bottom-right:0px;--awb-border-radius-bottom-left:0px;--awb-flex-wrap:wrap;\" ><div class=\"fusion-builder-row fusion-row fusion-flex-align-items-flex-start fusion-flex-content-wrap\" style=\"max-width:1248px;margin-left: calc(-4% \/ 2 );margin-right: calc(-4% \/ 2 );\"><div class=\"fusion-layout-column fusion_builder_column fusion-builder-column-0 fusion_builder_column_1_1 1_1 fusion-flex-column\" style=\"--awb-bg-blend:overlay;--awb-bg-size:cover;--awb-width-large:100%;--awb-margin-top-large:0px;--awb-spacing-right-large:1.92%;--awb-margin-bottom-large:0px;--awb-spacing-left-large:1.92%;--awb-width-medium:100%;--awb-spacing-right-medium:1.92%;--awb-spacing-left-medium:1.92%;--awb-width-small:100%;--awb-spacing-right-small:1.92%;--awb-spacing-left-small:1.92%;\"><div class=\"fusion-column-wrapper fusion-flex-justify-content-flex-start fusion-content-layout-column\"><div class=\"fusion-text fusion-text-1\"><h1>Convocatorias<\/h1>\n<div id=\"\" class=\"lsow-panel lsow-active\">\n<div class=\"lsow-panel-content\">\n<ul>\n<li><a href=\"http:\/\/www.juntadeandalucia.es\/institutodelamujer\/catalogo\/doc\/convocatorias\/2021-iam\/EL-webinar-cine-feminismo-tiempos-crisis-carmendeburgos.png\" rel=\"prettyPhoto&#091;15295&#093;\">Webinar &#8216;Cine y feminismo en tiempos covid. Contar y rodar en tiempos de crisis. Respuestas desde el feminismo&#8217;<\/a>. Centro de Formaci\u00f3n Feminista Carmen de Burgos del Instituto Andaluz de la Mujer. 12 de marzo a las 17h. Inscripciones:\u00a0<a href=\"mailto:cmujer.jaen.iam@juntadeandalucia.es\">cmujer.jaen.iam@juntadeandalucia.es<\/a><\/li>\n<li><a href=\"http:\/\/www.juntadeandalucia.es\/institutodelamujer\/catalogo\/doc\/convocatorias\/2021-iam\/EL-ciclo-leyendo-masculinidades-paternidad.pdf\">Taller sobre &#8216;Paternidad igualitaria<\/a>&#8216; [Dentro del\u00a0<a href=\"http:\/\/www.juntadeandalucia.es\/institutodelamujer\/catalogo\/doc\/convocatorias\/2021-iam\/EL-ciclo-leyendo-masculinidades.pdf\">Ciclo de Talleres &#8216;Leyendo las Masculinidades&#8217;<\/a>]. Centro de Documentaci\u00f3n Mar\u00eda Zambrano del Instituto Andaluz de la Mujer.\u00a018\u00a0de\u00a0marzo\u00a0de 17:30 a 19:30 h.\u00a0Dirigido a hombres,\u00a015 plazas, inscripciones\u00a0(por orden de solicitud):\u00a0<a href=\"mailto:biblioteca.iam@juntadeandalucia.es\">biblioteca.iam@juntadeandalucia.es<\/a><\/li>\n<li>Ciclo de webinar &#8216;Creciendo en igualdad&#8217;.\u00a0Ayuntamiento de La Rinconada. Lunes de marzo y abril de 18:00 a 20:00 h. Inscripciones:\u00a0<a href=\"mailto:webinar.igualdad@aytolarinconada.es\">webinar.igualdad@aytolarinconada.es<\/a><\/li>\n<li><a href=\"https:\/\/www.asociacionlacolectiva.org\/mujeres-innovadoras\/\">Curso &#8216;Mujeres Innovadoras: rompiendo estereotipos para generar proyectos transformadores&#8217;<\/a>. Asociaci\u00f3n por la Igualdad de G\u00e9nero La Colectiva. 5 al 26 de abril (15 horas de duraci\u00f3n). Dirigido a mujeres residentes en Granada.\u00a0<a href=\"https:\/\/docs.google.com\/forms\/d\/e\/1FAIpQLScgrCv08nQm9lXDNdh0PfmwlBoaXwUNoTtelW-yCHJRMPLZVQ\/viewform\">Inscripciones<\/a>(plazas limitadas, antes del 31 de marzo)<\/li>\n<li><a href=\"https:\/\/www.fundiciondesevilla.es\/web\/producciones\/casandra\/\">Representaci\u00f3n teatral &#8216;Casandra: la mujer toma la palabra&#8217;<\/a>. Sala La Fundici\u00f3n. 11 y 12 de marzo a las\u00a019:00\u00a0h.\u00a0(cambio de horario)<\/li>\n<li><a href=\"https:\/\/www.fundiciondesevilla.es\/web\/producciones\/yo-nunca\/\">Representaci\u00f3n teatral &#8216;Yo, nunca&#8217;<\/a>. Sala La Fundici\u00f3n. 13 y 14 de marzo\u00a0a\u00a0las\u00a019:00\u00a0h.\u00a0(cambio de horario)<\/li>\n<li><a href=\"https:\/\/cicus.us.es\/evento\/evcicusenabierto_02\/\">Danza &#8216;Virginia &amp; Vita: Escena y perspectiva de g\u00e9nero&#8217;<\/a>.\u00a0Centro de Iniciativas Culturales de la Universidad de Sevilla -CICUS-. 13 de marzo a las 19:00 h. (confirmar horario)<\/li>\n<\/ul>\n<\/div>\n<\/div>\n<div id=\"\" class=\"lsow-panel lsow-active\">\n<h1 class=\"lsow-panel-title\">Comunicaci\u00f3n, Publicidad y TICs<\/h1>\n<div class=\"lsow-panel-content\">\n<p><a href=\"https:\/\/www.google.com\/url?rct=j&amp;sa=t&amp;url=https:\/\/www.impulsonegocios.com\/dia-mujer-trabajadora-paridad-perspectiva-genero-medios-comunicacion\/&amp;ct=ga&amp;cd=CAEYDyoUMTc2ODgxNDk0ODA3MzA4MDYwMDYyGWUyZGVmYTdkNWRhOTE1N2Q6ZXM6ZXM6RVM&amp;usg=AFQjCNFsVdFS2ErGnXKWKF37gm_T2yQOJQ\">Mujer y publicidad: los estereotipos de g\u00e9nero se resisten al cambio |\u00a0\u00a0Ameco Press<\/a><\/p>\n<p><u><a href=\"https:\/\/www.mujeremprendedora.net\/anna-conte-directora-mujeremprendedora-candidata-top-100-mujeres-lideres\/\">Anna Conte, directora de Mujeremprendedora, candidata a las Top 100 Mujeres L\u00edderes<\/a><\/u>&#8211; Mujeremprendedora.net<\/p>\n<p><a href=\"https:\/\/www.google.com\/url?rct=j&amp;sa=t&amp;url=https:\/\/www.impulsonegocios.com\/dia-mujer-trabajadora-paridad-perspectiva-genero-medios-comunicacion\/&amp;ct=ga&amp;cd=CAEYDyoUMTc2ODgxNDk0ODA3MzA4MDYwMDYyGWUyZGVmYTdkNWRhOTE1N2Q6ZXM6ZXM6RVM&amp;usg=AFQjCNFsVdFS2ErGnXKWKF37gm_T2yQOJQ\">Paridad y perspectiva de\u00a0g\u00e9nero: la lucha de las mujeres en los medios de comunicaci\u00f3n<\/a><u>&#8211;\u00a0<\/u>Impulso Negocios<\/p>\n<p><a href=\"https:\/\/www.google.com\/url?rct=j&amp;sa=t&amp;url=https:\/\/www.elperiodic.com\/valencia\/machismo-digital-desde-perspectiva-juridica-protagoniza-nuevo-debate-online-universitat-valencia_733468&amp;ct=ga&amp;cd=CAEYAyoUMTM3MDE5NDU1ODkzNDkyMTg1MDcyGWUxZTc3ZDE1NjA5OGE4ZTM6ZXM6ZXM6RVM&amp;usg=AFQjCNFk5qqbvfIxNs-IPMNLib-fcYUX_Q\">El machismo digital desde la perspectiva jur\u00eddica protagoniza un\u00a0nuevo\u00a0debate online de la &#8230;<\/a>&#8211;\u00a0elperiodic.com<\/p>\n<p><a href=\"https:\/\/www.google.com\/url?rct=j&amp;sa=t&amp;url=https:\/\/www.lne.es\/economia\/2021\/03\/09\/sexismo-inteligencia-artificial-39841046.html&amp;ct=ga&amp;cd=CAEYBCoSMTQyNzc2MjYzMzg2MTIwNTMxMhllMWU3N2QxNTYwOThhOGUzOmVzOmVzOkVT&amp;usg=AFQjCNHVwV9K_fSEY_UIpmFX5TkfWjruWQ\">Contra el sexismo de la inteligencia artificial<\/a>&#8211;\u00a0La Nueva Espa\u00f1a<a href=\"https:\/\/www.google.com\/url?rct=j&amp;sa=t&amp;url=http:\/\/www.producto.com.ve\/pro\/tecnolog\/google-le-dice-adi-s-las-cookies-y-los-rastreos-publicidad&amp;ct=ga&amp;cd=CAEYAioSNzU4Nzk4MDU2NTU0MDQyNDY4MhljNTFlNTMzNmFmNmM0MzA1OmVzOmVzOkVT&amp;usg=AFQjCNG4N63vR7ql8pKt7vi3BwecMNX7CQ\"><br \/>\nGoogle le dice adi\u00f3s a las cookies ya los rastreos para\u00a0publicidad<\/a>&#8211;\u00a0Producto<\/p>\n<\/div>\n<\/div>\n<div id=\"\" class=\"lsow-panel lsow-active\">\n<h1 class=\"lsow-panel-title\">Andaluc\u00eda<\/h1>\n<div class=\"lsow-panel-content\">\n<p><strong>Institucional<\/strong><\/p>\n<p><a href=\"https:\/\/www.google.com\/url?rct=j&amp;sa=t&amp;url=https:\/\/www.diariocordoba.com\/noticias\/cordobalocal\/juanma-moreno-entrega-cordoba-10-personas-entidades-andaluzas-premio-meridiana_1414677.html&amp;ct=ga&amp;cd=CAEYACoTMzYwNzE0Mjg5NjI0OTY4ODQzNTIZYzAzNzJlYmMyZmVhZGE1OTplczplczpFUw&amp;usg=AFQjCNFJrzxjnB-QeHRUHsRKkMmBoDCXKA\">Juanma Moreno: \u00abLa desigualdad es la mayor verg\u00fcenza que puede tener una sociedad\u00bb<\/a>&#8211;\u00a0Diario C\u00f3rdoba<strong>\u00a0<\/strong><\/p>\n<p><strong>Econom\u00eda y Empresas<\/strong><a href=\"https:\/\/www.google.com\/url?rct=j&amp;sa=t&amp;url=https:\/\/www.europapress.es\/epagro\/noticia-junta-andalucia-promueve-actividades-formacion-asesoramiento-mujeres-sector-pesquero-20210309143907.html&amp;ct=ga&amp;cd=CAEYAioUMTY0NjA1MjA5ODg0MDA0NDA3NDQyGWMwMzcyZWJjMmZlYWRhNTk6ZXM6ZXM6RVM&amp;usg=AFQjCNEQ1G3XNgB8n1T4-CN6XOzs8soBYw\"><br \/>\nLa Junta de Andaluc\u00eda promueve actividades de formaci\u00f3n y asesoramiento para\u00a0mujeres\u00a0del sector pesquero&#8230;<\/a>-Europa Press<\/p>\n<p><a href=\"https:\/\/www.google.com\/url?rct=j&amp;sa=t&amp;url=https:\/\/www.lavozdealmeria.com\/agricultura2000\/noticia\/8\/agricultura\/210667\/crespo-pone-de-ejemplo-ante-la-sociedad-el-papel-de-la-mujer-en-el-ifapa&amp;ct=ga&amp;cd=CAEYACoUMTIwMTgxOTkyMDUwNzczMTgwMjIyGWMwMzcyZWJjMmZlYWRhNTk6ZXM6ZXM6RVM&amp;usg=AFQjCNF0sDJpYkHn_R8lxiJm6UF13FCMGA\">Crespo pone de \u201cejemplo ante la sociedad\u201d el papel de la\u00a0mujer\u00a0en el Ifapa<\/a>&#8211;\u00a0La Voz de Almer\u00eda<a href=\"https:\/\/www.google.com\/url?rct=j&amp;sa=t&amp;url=https:\/\/www.diariodealmeria.es\/finanzasyagricultura\/solo-mujeres-titulares-explotaciones-agrarias_0_1554144971.html&amp;ct=ga&amp;cd=CAEYACoTNTQ0MTkzNDYwMDM4ODAzNjExMTIZYzAzNzJlYmMyZmVhZGE1OTplczplczpFUw&amp;usg=AFQjCNHFKe2_ZHDl4K5SEGWFspUTIaiCHQ\"><br \/>\nTan solo un 34% de\u00a0mujeres\u00a0son titulares de explotaciones agrarias<\/a>&#8211;\u00a0Diario de Almer\u00eda<\/p>\n<p><a href=\"https:\/\/www.google.com\/url?rct=j&amp;sa=t&amp;url=https:\/\/www.diariodealmeria.es\/finanzasyagricultura\/Liderando-femenino-formacion-emprendimiento-Almeria_0_1554445110.html&amp;ct=ga&amp;cd=CAEYASoTOTgwNTIwNTEwMjg3MzUyMjQyMDIZYzAzNzJlYmMyZmVhZGE1OTplczplczpFUw&amp;usg=AFQjCNEYND1ML2c1vNp7Ab_wteY4OtNzCA\">&#8216;Liderando en femenino&#8217;, formaci\u00f3n para el emprendimiento de las j\u00f3venes de Almer\u00eda<\/a>&#8211;\u00a0Diario de Almer\u00eda<\/p>\n<p><u><a href=\"https:\/\/www.mujeremprendedora.net\/afammer-expone-situacion-mujeres-rurales-durante-pandemia-junta-andalucia\/\">AFAMMER expone la situaci\u00f3n de las mujeres rurales durante la pandemia ante la Junta de Andaluc\u00eda<\/a><\/u>&#8211; Mujeremprendedora.net<\/p>\n<p><u><a href=\"http:\/\/www.juntadeandalucia.es\/presidencia\/portavoz\/158826\/ConsejeriadelaPresidencia\/convenio\/Interfresa\/temporeras\/fresa\/Huelva\/temporada\/agricola\">La Junta aumentar\u00e1 el n\u00famero de mediadoras interculturales que trabajan en la campa\u00f1a de la fresa<\/a><\/u>&#8211; Oficina del Portavoz<\/p>\n<p><u><a href=\"https:\/\/www.google.com\/url?rct=j&amp;sa=t&amp;url=https:\/\/www.diariocordoba.com\/noticias\/cordobalocal\/cea-andalucia-uco-analizaran-papel-patrimonio-viario-frenar-despoblacion_1414856.html&amp;ct=ga&amp;cd=CAEYACoUMTMyNjUyODUyNjQyNzM3NzYzMDAyGWQ3OGU1ODc1YTBmMWYyYWM6ZXM6ZXM6RVM&amp;usg=AFQjCNFnCU7xP_Q0_avdTw-JYU_0mOTAew\">CEA\u00a0Andaluc\u00eda\u00a0y la UCO analizar\u00e1n el papel del patrimonio viario para frenar la despoblaci\u00f3n<\/a><\/u>&#8211;\u00a0Diario C\u00f3rdoba<\/p>\n<p><strong>Actualidad<\/strong><\/p>\n<p><a href=\"https:\/\/www.google.com\/url?rct=j&amp;sa=t&amp;url=https:\/\/www.diariodesevilla.es\/andalucia\/galardonadas-Premios-Meridiana_0_1553845454.html&amp;ct=ga&amp;cd=CAEYAioTOTIyMDgwMjE3Njg2MTY4NDU0NjIbOWFiMWNkZDdlMzY2ZWYzODplczplczpFUzpS&amp;usg=AFQjCNGt6F6JFZRxnBdCGnG5XvKYU6P3rg\">Estas son las galardonadas con los Premios Meridiana 2021<\/a>&#8211;\u00a0Diario de Sevilla<\/p>\n<p><a href=\"https:\/\/www.google.com\/url?rct=j&amp;sa=t&amp;url=https:\/\/www.cope.es\/emisoras\/andalucia\/cordoba-provincia\/cordoba\/noticias\/diputacion-reconoce-trabajo-pro-igualdad-celebracion-del-8-m-20210308_1178125&amp;ct=ga&amp;cd=CAEYACoUMTEzNTcwMjQyMDE3ODU2MzUyODkyGWQ3OGU1ODc1YTBmMWYyYWM6ZXM6ZXM6RVM&amp;usg=AFQjCNGssnAwgHmyesPKJlu28PxBYqEu_g\">La Diputaci\u00f3n reconoce el trabajo en pro de la igualdad en la celebraci\u00f3n del 8M con la entrega de premios \u201cC\u00f3rdoba en Igualdad\u201d\u2026<\/a>-Cope<a href=\"https:\/\/www.google.com\/url?rct=j&amp;sa=t&amp;url=https:\/\/www.cordobabn.com\/articulo\/cordoba\/fepamic-reivindica-papel-mujer-discapacidad\/20210309105035079956.html&amp;ct=ga&amp;cd=CAEYAyoTMTgwMTMwOTM4Nzk1MDY3MzQyMDIZYzAzNzJlYmMyZmVhZGE1OTplczplczpFUw&amp;usg=AFQjCNGzD4f-mZ_eJjwzVr8B8NbHb1-lQg\"><br \/>\nFEPAMIC reivindica el papel de la\u00a0mujer\u00a0con discapacidad<\/a>&#8211;\u00a0C\u00f3rdoba Buenas Noticias<a href=\"https:\/\/www.google.com\/url?rct=j&amp;sa=t&amp;url=https:\/\/www.europapress.es\/esandalucia\/sevilla\/noticia-red-andaluza-entidades-conciliadoras-iam-alcanza-ya-mas-200-asociadas-20210309173803.html&amp;ct=ga&amp;cd=CAEYACoUMTA1NjUyOTQ1MTY2MjkwNDYwNTEyGzlhYjFjZGQ3ZTM2NmVmMzg6ZXM6ZXM6RVM6Ug&amp;usg=AFQjCNFaDhRADSOGtqhFxajFQHqf1zZaWw\"><br \/>\nLa Red\u00a0Andaluza\u00a0de Entidades Conciliadoras del IAM alcanza ya m\u00e1s de 200 asociadas<\/a>&#8211;\u00a0Europa Press<\/p>\n<p><a href=\"https:\/\/www.google.com\/url?rct=j&amp;sa=t&amp;url=https:\/\/www.europapress.es\/esandalucia\/almeria\/noticia-iaj-pone-marcha-42-talleres-formativos-alumnado-mediador-salud-programa-forma-joven-20210309155804.html&amp;ct=ga&amp;cd=CAEYACoTNjYxODY1MjI4MjQwMTEzMDU2MDIZZTJkZWZhN2Q1ZGE5MTU3ZDplczplczpFUw&amp;usg=AFQjCNEOJO56CzrnjewzrTfgGhntC-12ew\">El IAJ pone en marcha 42 talleres formativos para el alumnado mediador en salud del Programa &#8230;<\/a>&#8211;\u00a0Europa Press<strong>\u00a0<\/strong><\/p>\n<p><strong>Violencias<\/strong><\/p>\n<p><a href=\"https:\/\/www.google.com\/url?rct=j&amp;sa=t&amp;url=https:\/\/www.lavozdealmeria.com\/noticia\/12\/almeria\/210635\/hay-que-denunciar-los-delitos-de-violencia-de-genero-y-de-la-esfera-familiar&amp;ct=ga&amp;cd=CAEYCSoUMTA0NjQ0NDg3MzE4MDI2MjQ4ODIyGWMwMzcyZWJjMmZlYWRhNTk6ZXM6ZXM6RVM&amp;usg=AFQjCNFtGGmywXvi2Xzu37P741_il97y-w\">Flor de Torres, Fiscal Delegada de Violencia de G\u00e9nero en Andaluc\u00eda: \u201cHay que denunciar los delitos de violencia de g\u00e9nero y de la esfera familiar\u201c<\/a><u>&#8211;<\/u>\u00a0La Voz de Almer\u00eda<\/p>\n<p><u><a href=\"http:\/\/www.juntadeandalucia.es\/presidencia\/portavoz\/158811\/RocioRuiz\/BOJA\/Mujeres\/Violenciadegenero\/Ayudas\/asociaciones\">Igualdad destina 650.000 euros a ayudas para formaci\u00f3n y estudios sobre violencia de g\u00e9nero<\/a><\/u>&#8211; Oficina del Portavoz<strong>\u00a0<\/strong><\/p>\n<p><strong>Ciencia y Cultura<\/strong><\/p>\n<p><a href=\"https:\/\/www.google.com\/url?rct=j&amp;sa=t&amp;url=http:\/\/www.almeria24h.com\/noticia.php%3Fnoticia%3D53486&amp;ct=ga&amp;cd=CAEYBioSMTQyNzc2MjYzMzg2MTIwNTMxMhllMWU3N2QxNTYwOThhOGUzOmVzOmVzOkVT&amp;usg=AFQjCNEtiHmQIwSfTDM65bqyakOsnnM9zQ\">La Universidad reivindica la igualdad de\u00a0g\u00e9nero\u00a0en un 8M marcado por la pandemia\u00a0&#8211;<\/a>Almer\u00eda 24h<\/p>\n<p><u><a href=\"https:\/\/www.google.com\/url?rct=j&amp;sa=t&amp;url=https:\/\/www.horajaen.com\/2021\/03\/09\/reconocimiento-a-josefina-manresa-la-mujer-de-miguel-hernandez-que-salvo-su-legado\/&amp;ct=ga&amp;cd=CAEYBCoUMTAyMTg2MzA3MDQ2NDE2NDc4ODQyGWMwMzcyZWJjMmZlYWRhNTk6ZXM6ZXM6RVM&amp;usg=AFQjCNEe2QV7ayABt3Jbw9q-G3gvIOVoZQ\">Reconocimiento a Josefina Manresa, la\u00a0mujer\u00a0de Miguel Hern\u00e1ndez que salv\u00f3 su legado<\/a><\/u>&#8211;\u00a0HoraJa\u00e9n<\/p>\n<p><a href=\"https:\/\/www.google.com\/url?rct=j&amp;sa=t&amp;url=https:\/\/www.diariodehuelva.es\/2021\/03\/08\/huelva-rabida-instituto\/&amp;ct=ga&amp;cd=CAEYESoUMTQ3MTAzNDk3NTA4NTU3NjAyNjMyGWMwMzcyZWJjMmZlYWRhNTk6ZXM6ZXM6RVM&amp;usg=AFQjCNErFCR6E-gkGqnIjfFp3l67lUulyA\">Antonia Arrobas, la primera\u00a0mujer\u00a0en acceder a estudios superiores, en El R\u00e1bida de 1871<\/a>&#8211;\u00a0Diario de Huelva<\/p>\n<p><a href=\"https:\/\/www.google.com\/url?rct=j&amp;sa=t&amp;url=https:\/\/huelvaya.es\/2021\/03\/09\/documental-protagonizado-por-mujeres-lideres-e-hinojeras\/&amp;ct=ga&amp;cd=CAEYACoUMTUzNzA3NTUwODIyNTMxMTc3NjQyGzlhYjFjZGQ3ZTM2NmVmMzg6ZXM6ZXM6RVM6Ug&amp;usg=AFQjCNHJ_qbN8zgGqb8QCdODPI1tfjfYAg\">Documental protagonizado por\u00a0mujeres\u00a0l\u00edderes e hinojeras<\/a>&#8211;\u00a0HuelvaYA<\/p>\n<p><strong>Deporte<\/strong><\/p>\n<p><u><a href=\"https:\/\/www.20minutos.es\/noticia\/4612060\/0\/diputacion-impulsa-el-open-femenino-de-ajedrez-casabermeja-pionero-en-la-provincia-por-su-retransmision-online\/\">Diputaci\u00f3n impulsa el Open Femenino de Ajedrez Casabermeja, pionero en la provincia por su retransmisi\u00f3n online<\/a><\/u>-20minutos.es<\/p>\n<\/div>\n<\/div>\n<div id=\"\" class=\"lsow-panel lsow-active\">\n<h1 class=\"lsow-panel-title\">Estado<\/h1>\n<div class=\"lsow-panel-content\">\n<p><strong>Institucional<\/strong><a href=\"https:\/\/www.google.com\/url?rct=j&amp;sa=t&amp;url=https:\/\/www.niusdiario.es\/nacional\/politica\/congreso-rinde-homenaje-21-diputadas-legislatura-constituyente-1977_18_3103020101.html&amp;ct=ga&amp;cd=CAEYBSoTMzYwNzE0Mjg5NjI0OTY4ODQzNTIZYzAzNzJlYmMyZmVhZGE1OTplczplczpFUw&amp;usg=AFQjCNHAM9MmrqGXSs0zjBct1vZvCIMqhw\"><br \/>\nEl Congreso rinde homenaje a las 21 diputadas de la Legislatura Constituyente de 1977<\/a>&#8211;\u00a0niusdiario<\/p>\n<p><strong>Institucional-CCAA<\/strong><\/p>\n<p><a href=\"https:\/\/www.google.com\/url?rct=j&amp;sa=t&amp;url=https:\/\/www.europapress.es\/extremadura\/noticia-blanca-martin-destaca-compromiso-instituciones-sociedad-combatir-violencia-genero-20210308185313.html&amp;ct=ga&amp;cd=CAEYASoUMTM3MDE5NDU1ODkzNDkyMTg1MDcyGWUxZTc3ZDE1NjA5OGE4ZTM6ZXM6ZXM6RVM&amp;usg=AFQjCNGQZ39vaYrp_-oBBVmErpi0ipxI3w\">Blanca Mart\u00edn, Presidenta de la Asamblea de Extremadura, destaca el \u00abcompromiso\u00bb de las instituciones y la sociedad para combatir la &#8230;<\/a>&#8211;\u00a0Europa Press<\/p>\n<p><a href=\"https:\/\/www.google.com\/url?rct=j&amp;sa=t&amp;url=https:\/\/segoviaudaz.es\/la-vida-de-mas-de-250-000-mujeres-ha-mejorado-con-proyectos-de-cooperacion-de-la-junta\/&amp;ct=ga&amp;cd=CAEYCyoUMTM3MDE5NDU1ODkzNDkyMTg1MDcyGWUxZTc3ZDE1NjA5OGE4ZTM6ZXM6ZXM6RVM&amp;usg=AFQjCNFhPhi6bDlAnt3DkzEL1Pr3uqekdQ\">La vida de m\u00e1s de 250.000 mujeres ha mejorado con proyectos de cooperaci\u00f3n de la Junta<\/a><u>&#8211;<\/u>\u00a0segoviaudaz.es<\/p>\n<p><a href=\"https:\/\/www.google.com\/url?rct=j&amp;sa=t&amp;url=https:\/\/www.cmmedia.es\/noticias\/castilla-la-mancha\/catedra-isabel-munoz-caravaca-pionera-en-estudios-de-genero-en-clm&amp;ct=ga&amp;cd=CAEYAioUMTQ3MTAzNDk3NTA4NTU3NjAyNjMyGWMwMzcyZWJjMmZlYWRhNTk6ZXM6ZXM6RVM&amp;usg=AFQjCNHOWzOIfDn95kYVWePIOvzldttSmQ\">C\u00e1tedra Isabel Mu\u00f1oz Caravaca, pionera en estudios de g\u00e9nero en CLM<\/a>&#8211;\u00a0Noticias CMM<\/p>\n<p><a href=\"https:\/\/www.google.com\/url?rct=j&amp;sa=t&amp;url=https:\/\/www.heraldo.es\/noticias\/aragon\/2021\/03\/08\/aragon-es-la-segunda-comunidad-con-mayor-porcentaje-de-mujeres-investigadoras-1476175.html&amp;ct=ga&amp;cd=CAEYBCoUMTQ3MTAzNDk3NTA4NTU3NjAyNjMyGWMwMzcyZWJjMmZlYWRhNTk6ZXM6ZXM6RVM&amp;usg=AFQjCNEhvcOWc0VjuVYjDPQg4RqbPAzL7w\">Arag\u00f3n es la segunda comunidad con mayor porcentaje de\u00a0mujeres\u00a0investigadoras<\/a>&#8211;\u00a0Heraldo.es<\/p>\n<p><a href=\"https:\/\/www.google.com\/url?rct=j&amp;sa=t&amp;url=https:\/\/www.eldiario.es\/castilla-la-mancha\/garcia-page-anuncia-plan-conciliacion-familiar-verano-creara-2-000-empleos_1_7285150.html&amp;ct=ga&amp;cd=CAEYGyoUMTQ3MTAzNDk3NTA4NTU3NjAyNjMyGWMwMzcyZWJjMmZlYWRhNTk6ZXM6ZXM6RVM&amp;usg=AFQjCNGsVgfA0TA-wxdw4nV7IV4-2sNZXg\">Garc\u00eda-Page anuncia un plan para la conciliaci\u00f3n familiar antes del verano que crear\u00e1 m\u00e1s de &#8230;<\/a>&#8211;\u00a0eldiario.es<\/p>\n<p><a href=\"https:\/\/www.google.com\/url?rct=j&amp;sa=t&amp;url=https:\/\/m.tribunaavila.com\/noticias\/el-papel-de-la-mujer-y-el-liderazgo-femenino-centran-el-tercer-dia-de-la-semana-de-la-economia-social-de-la-ucav\/1615229638&amp;ct=ga&amp;cd=CAEYACoUMTQ5ODU1MTc2MDczMDg5MTQyODQyGzkxODg1N2NkNjBmOTc3NDg6ZXM6ZXM6RVM6TA&amp;usg=AFQjCNE0oiw86jTvr9bsfAisQNUEyLmekw\">El papel de la mujer y el liderazgo femenino centran el tercer d\u00eda de la Semana de la\u00a0Econom\u00eda Social de la UCAV\u00a0&#8230;<\/a>&#8211;\u00a0Tribuna \u00c1vila<\/p>\n<p><a href=\"https:\/\/www.google.com\/url?rct=j&amp;sa=t&amp;url=https:\/\/www.regiondigital.com\/noticias\/economia\/341248-la-junta-de-extremadura-apoya-el-papel-de-la-mujer-en-el-ambito-empresarial-de-la-region.html&amp;ct=ga&amp;cd=CAEYACoUMTM1Mjc5MDA3ODEzOTU4NjExNjAyGWMwMzcyZWJjMmZlYWRhNTk6ZXM6ZXM6RVM&amp;usg=AFQjCNEUpjtGpr0AJqnVv9vXGkIkTOmkLg\">La Junta de Extremadura apoya el papel de la\u00a0mujer\u00a0en el \u00e1mbito empresarial de la regi\u00f3n<\/a>&#8211;\u00a0Regi\u00f3n Digital<\/p>\n<p><u><a href=\"https:\/\/www.google.com\/url?rct=j&amp;sa=t&amp;url=https:\/\/desafiomujerrural.es\/programa-de-emprendimiento-e-innovacion-agroalimentaria-de-aragon-2021&amp;ct=ga&amp;cd=CAEYBCoUMTAyMDE3Mzg1NjUwOTk4NTkzODMyGWMwMzcyZWJjMmZlYWRhNTk6ZXM6ZXM6RVM&amp;usg=AFQjCNFdvLmI3nZ_0eO1gNbQ4K8kVa8pKg\">Programa de Emprendimiento e Innovaci\u00f3n Agroalimentaria de Arag\u00f3n 2021 | Desaf\u00edo\u00a0Mujer\u00a0Rural<\/a><\/u>&#8211;\u00a0Desaf\u00edo Mujer Rural<\/p>\n<p><strong>Econom\u00eda y Empresas<\/strong><u><a href=\"https:\/\/www.google.com\/url?rct=j&amp;sa=t&amp;url=https:\/\/elpais.com\/economia\/estar-donde-estes\/2021-03-10\/las-obligaciones-de-las-empresas-en-materia-de-igualdad.html&amp;ct=ga&amp;cd=CAEYAioUMTAyMTg2MzA3MDQ2NDE2NDc4ODQyGWMwMzcyZWJjMmZlYWRhNTk6ZXM6ZXM6RVM&amp;usg=AFQjCNHy1Norp1jDOhXWHozPuWnCo8eBsw\"><br \/>\nLas obligaciones de las empresas en materia de igualdad<\/a><\/u>&#8211; El Pa\u00eds<\/p>\n<p><u><a href=\"https:\/\/www.google.com\/url?rct=j&amp;sa=t&amp;url=https:\/\/www.ibercampus.es\/estas-son-las-6-espanolas-en-la-lista-de-100-mujeres-40790.htm&amp;ct=ga&amp;cd=CAEYACoTNTAwMTAxNjQyMTU3ODkwMDQxNDIbOTE4ODU3Y2Q2MGY5Nzc0ODplczplczpFUzpM&amp;usg=AFQjCNHvZBMc299P6dmreMc4EnLk2E_ciQ\">Estas son las 6 espa\u00f1olas en la lista de 100 mujeres l\u00edderes de proyectos o empresas\u00a0sociales<\/a><\/u>&#8211;\u00a0Ibercampus.es<a href=\"https:\/\/www.google.com\/url?rct=j&amp;sa=t&amp;url=https:\/\/elpais.com\/economia\/estar-donde-estes\/2021-03-08\/la-nueva-realidad-de-la-mujer-en-el-trabajo.html&amp;ct=ga&amp;cd=CAEYASoUMTQ3MTAzNDk3NTA4NTU3NjAyNjMyGWMwMzcyZWJjMmZlYWRhNTk6ZXM6ZXM6RVM&amp;usg=AFQjCNEkfDQaXPFjSE4s_vu9vcVkk8AP7Q\"><br \/>\nLa nueva realidad de la\u00a0mujer\u00a0en el trabajo<\/a>&#8211;\u00a0El Pa\u00eds<a href=\"https:\/\/www.google.com\/url?rct=j&amp;sa=t&amp;url=https:\/\/www.elperiodico.com\/es\/activos\/opinion\/20210308\/invisible-e-imprescindible-papel-mujeres-11565593&amp;ct=ga&amp;cd=CAEYFyoUMTQ3MTAzNDk3NTA4NTU3NjAyNjMyGWMwMzcyZWJjMmZlYWRhNTk6ZXM6ZXM6RVM&amp;usg=AFQjCNHFfu4y4mLSB2wHe9XVYoFsAOCkfA\"><br \/>\nEl invisible e imprescindible papel de las\u00a0mujeres en\u00a0la econom\u00eda de los cuidados<\/a>&#8211;\u00a0El Peri\u00f3dico<\/p>\n<p><a href=\"https:\/\/www.google.com\/url?rct=j&amp;sa=t&amp;url=https:\/\/diarioresponsable.com\/noticias\/30827-eje-con-propone-el-debate-sobre-la-brecha-de-genero-en-las-tic&amp;ct=ga&amp;cd=CAEYASoTMjkzNDA3OTM1MjA0MDY3NTkzNTIZYzAzNzJlYmMyZmVhZGE1OTplczplczpFUw&amp;usg=AFQjCNEfBpgeoGhUzpKbW_pM4FDF2gsYPw\">EJE&amp;CON propone el debate sobre la brecha de g\u00e9nero en las TIC<\/a>&#8211;\u00a0Diario Responsable<\/p>\n<p><u><a href=\"https:\/\/www.mujeremprendedora.net\/caixabank-microsoft-iberica-lanzan-cuarto-ano-consecutivo-premios-wonnow\/\">CaixaBank y Microsoft Ib\u00e9rica lanzan por cuarto a\u00f1o consecutivo los Premios WONNOW<\/a>&#8211;\u00a0<\/u>Mujeremprendedora.net<\/p>\n<p><strong>Actualidad<\/strong><\/p>\n<p><a href=\"https:\/\/www.google.com\/url?rct=j&amp;sa=t&amp;url=https:\/\/www.publico.es\/publico-tv\/publico-al-dia\/programa\/943490\/duras-criticas-en-el-congreso-al-veto-de-ayuso-a-irene-montero-en-un-instituto-de-la-comunidad-de-madrid&amp;ct=ga&amp;cd=CAEYACoTMTgwMTMwOTM4Nzk1MDY3MzQyMDIZYzAzNzJlYmMyZmVhZGE1OTplczplczpFUw&amp;usg=AFQjCNHse-VlOxoctFWyh-VECqQvOKuYQw\">Duras cr\u00edticas en el Congreso al veto de Ayuso a Irene Montero en un\u00a0instituto\u00a0de la Comunidad de &#8230;<\/a>&#8211;\u00a0P\u00fablico<a href=\"https:\/\/www.google.com\/url?rct=j&amp;sa=t&amp;url=https:\/\/www.abogacia.es\/actualidad\/noticias\/genero-y-abogacia-europea-donde-estamos-ahora-donde-queremos-estar-y-como-llegar\/&amp;ct=ga&amp;cd=CAEYASoUMTI0NjA0MDEzMzQzNTQ5NzIyMDAyGWUxZTc3ZDE1NjA5OGE4ZTM6ZXM6ZXM6RVM&amp;usg=AFQjCNHbZpoI8tlYnwx3d36-tQVC9U3bxA\"><br \/>\nG\u00e9nero\u00a0y Abogac\u00eda Europea: \u00bfd\u00f3nde estamos ahora, d\u00f3nde queremos estar y c\u00f3mo llegar?<\/a>&#8211;\u00a0Abogac\u00eda Espa\u00f1ola<\/p>\n<p><a href=\"https:\/\/www.google.com\/url?rct=j&amp;sa=t&amp;url=https:\/\/elpais.com\/sociedad\/voces-en-artritis-reumatoide\/2021-03-09\/por-que-3-de-cada-4-pacientes-con-artritis-reumatoide-son-mujeres.html&amp;ct=ga&amp;cd=CAEYAioUMTcwMjMyMjAyNDYxNDkyNDM5MDkyGWMwMzcyZWJjMmZlYWRhNTk6ZXM6ZXM6RVM&amp;usg=AFQjCNHS4F7NxTBsDdadrBYnWjyn6CsIIQ\">Por qu\u00e9 3 de cada 4 pacientes con artritis reumatoide son\u00a0mujeres<\/a>&#8211;\u00a0El Pa\u00eds<a href=\"https:\/\/www.google.com\/url?rct=j&amp;sa=t&amp;url=https:\/\/m.infosalus.com\/mujer\/noticia-isciii-participa-actualizacion-guia-onu-diversidad-dieta-mujeres-20210309142818.html&amp;ct=ga&amp;cd=CAEYAioTOTgwNTIwNTEwMjg3MzUyMjQyMDIZYzAzNzJlYmMyZmVhZGE1OTplczplczpFUw&amp;usg=AFQjCNFNuCQ-ar4u21G-T_o4VfEizRxWVw\"><br \/>\nEl ISCIII participa en la actualizaci\u00f3n de una gu\u00eda de la ONU sobre la diversidad de dieta en\u00a0mujeres<\/a>&#8211;\u00a0infosalus.com<\/p>\n<p><strong>Violencias<\/strong><a href=\"https:\/\/www.google.com\/url?rct=j&amp;sa=t&amp;url=https:\/\/www.infosalus.com\/mujer\/noticia-15-mujeres-espanolas-sufrido-violencia-fisica-sexual-parte-pareja-oms-20210309163030.html&amp;ct=ga&amp;cd=CAEYASoUMTgwNDM0NzY1NDc4MjY1MzQ5NjQyGWMwMzcyZWJjMmZlYWRhNTk6ZXM6ZXM6RVM&amp;usg=AFQjCNEhtzA3qkj2e053rqKFkUILCQnmew\"><br \/>\nAl menos 1,5 millones de\u00a0mujeres\u00a0espa\u00f1olas ha sufrido violencia f\u00edsica o sexual por parte de su pareja&#8230;<\/a>&#8211;\u00a0infosalus.com<\/p>\n<p><a href=\"https:\/\/www.google.com\/url?rct=j&amp;sa=t&amp;url=https:\/\/www.20minutos.es\/noticia\/4610639\/0\/mueren-tres-personas-en-el-incendio-de-una-vivienda-de-madrid\/&amp;ct=ga&amp;cd=CAEYAioTODY2MDAwMDUyOTU5NDI3NjY0MjIZYzAzNzJlYmMyZmVhZGE1OTplczplczpFUw&amp;usg=AFQjCNG2JvSy7Uwc1CWZ74UdFJAPn-4bZw\">Un hombre mata en Madrid con un tiro en el pecho a su pareja y su hija de 10 a\u00f1os, quema la &#8230;<\/a>&#8211;\u00a020minutos<\/p>\n<p><strong>\u00a0<\/strong><strong>Ciencia y Cultura<\/strong><\/p>\n<p><a href=\"https:\/\/www.google.com\/url?rct=j&amp;sa=t&amp;url=https:\/\/www.cope.es\/emisoras\/aragon\/huesca-provincia\/huesca\/informativo-mediodia-en-huesca\/noticias\/10001-amigas-ingenieras-libro-que-fomenta-vocaciones-tecnologicas-entre-las-escolares-20210310_1180833&amp;ct=ga&amp;cd=CAEYASoUMTAyMTg2MzA3MDQ2NDE2NDc4ODQyGWMwMzcyZWJjMmZlYWRhNTk6ZXM6ZXM6RVM&amp;usg=AFQjCNHGzfrkOUtdNlR5-aTHJs-g4-6sbQ\">&#8216;10001 amigas ingenieras&#8217;, un libro que fomenta vocaciones tecnol\u00f3gicas entre las escolares<\/a>-Cope<a href=\"https:\/\/www.google.com\/url?rct=j&amp;sa=t&amp;url=https:\/\/www.eldia.es\/sociedad\/2021\/03\/09\/compromiso-machismo-39699268.html&amp;ct=ga&amp;cd=CAEYASoTMTgwMTMwOTM4Nzk1MDY3MzQyMDIZYzAzNzJlYmMyZmVhZGE1OTplczplczpFUw&amp;usg=AFQjCNHU6b9yoWaAGOYEQQqgU_LAHRa5rQ\"><br \/>\nPor el compromiso contra el machismo<\/a>&#8211;\u00a0<a href=\"http:\/\/eldia.es\/\">eldia.es<\/a><\/p>\n<p><a href=\"https:\/\/www.google.com\/url?rct=j&amp;sa=t&amp;url=https:\/\/www.telemadrid.es\/programas\/madrid-directo\/Laura-Garcia-Bermejo-Instituto-Ramon-2-2320887941--20210308083119.html&amp;ct=ga&amp;cd=CAEYACoUMTcyNDc0MzM1Mzk0OTk4NDYwMjQyGWMwMzcyZWJjMmZlYWRhNTk6ZXM6ZXM6RVM&amp;usg=AFQjCNFVHozaQ3Sxxl5EinsopIwZKNhihw\">Laura Garc\u00eda Bermejo, la primera\u00a0mujer\u00a0en dirigir el\u00a0Instituto\u00a0Ram\u00f3n y Cajal<\/a>&#8211;\u00a0Telemadrid<a href=\"https:\/\/www.google.com\/url?rct=j&amp;sa=t&amp;url=https:\/\/www.burgosnoticias.com\/cultura\/034250\/burgos-estrena-la-exposicion-literatura-en-clave-de-mujer-diez-escritoras-de-castilla-y-leon&amp;ct=ga&amp;cd=CAEYAioTNTY2NDk5OTUxNzY3Mjc1MDU4MDIZYzAzNzJlYmMyZmVhZGE1OTplczplczpFUw&amp;usg=AFQjCNFoLHMHMrWWLp0MpNzSTa1MJJKLaw\"><br \/>\nBurgos estrena la exposici\u00f3n &#8216;Literatura en clave de\u00a0mujer. Diez escritoras de Castilla y Le\u00f3n&#8217;<\/a>&#8211;\u00a0BurgosNoticias<a href=\"https:\/\/www.google.com\/url?rct=j&amp;sa=t&amp;url=https:\/\/www.tribunasalamanca.com\/noticias\/las-oportunidades-de-la-edad-mujeres-sabias-un-recorrido-al-papel-de-las-mayores-de-60-anos\/1615208598&amp;ct=ga&amp;cd=CAEYBCoTNTY2NDk5OTUxNzY3Mjc1MDU4MDIZYzAzNzJlYmMyZmVhZGE1OTplczplczpFUw&amp;usg=AFQjCNF5S25fqxN381ybOzsa5388rm_CHg\"><br \/>\n&#8216;Las Oportunidades de la Edad:\u00a0Mujeres\u00a0Sabias&#8217;: un recorrido al papel de las mayores de 60 a\u00f1os<\/a>&#8211;\u00a0Tribuna de Salamanca<\/p>\n<p><a href=\"https:\/\/www.google.com\/url?rct=j&amp;sa=t&amp;url=https:\/\/www.efeminista.com\/ellas-crean-el-festival-multidisciplinar-de-mujeres-en-las-artes-vuelve-en-un-homenaje-a-pardo-bazan\/&amp;ct=ga&amp;cd=CAEYAyoTOTgwNTIwNTEwMjg3MzUyMjQyMDIZYzAzNzJlYmMyZmVhZGE1OTplczplczpFUw&amp;usg=AFQjCNGAlKHruniQQZID566H-hqXSGZVbQ\">Ellas Crean, el festival multidisciplinar de\u00a0mujeres en\u00a0las artes, vuelve en un homenaje a Pardo &#8230;<\/a>&#8211;\u00a0Agencia EFE<\/p>\n<p><strong>Deporte<\/strong><\/p>\n<p><u><a href=\"https:\/\/www.rfef.es\/noticias\/iberdrola-lanza-ii-edicion-premios-supera\">Iberdrola lanza la II Edici\u00f3n de los Premios SuperA<\/a><\/u>-rfef.es<\/p>\n<p><a href=\"https:\/\/www.google.com\/url?rct=j&amp;sa=t&amp;url=https:\/\/www.mundodeportivo.com\/baloncesto\/nba\/20210308\/492533341816\/la-mujer-se-abre-paso-en-el-mundo-del-arbitraje.html&amp;ct=ga&amp;cd=CAEYCSoUMTQ3MTAzNDk3NTA4NTU3NjAyNjMyGWMwMzcyZWJjMmZlYWRhNTk6ZXM6ZXM6RVM&amp;usg=AFQjCNG9NPGxj534IxKulSjpfslkwKCj8g\">La\u00a0mujer\u00a0se abre paso en el mundo del arbitraje<\/a>\u00a0-Mundo Deportivo<\/p>\n<p><u><a href=\"https:\/\/www.larazon.es\/deportes\/20210310\/wj6az7iferh4fdfdp5a4fl4x3u.html\">Promoci\u00f3n, formaci\u00f3n y difusi\u00f3n del p\u00e1del femenino: principales l\u00edneas de actuaci\u00f3n del Comit\u00e9 Mujer y Deporte de la FEP<\/a><\/u>-La Raz\u00f3n digital<\/p>\n<p><u><a href=\"https:\/\/www.elmundo.es\/comunidad-valenciana\/castellon\/2021\/03\/10\/60480fd521efa053528b45cd.html\">9M cuando abres los ojos<\/a><\/u>&#8211; El Mundo<\/p>\n<\/div>\n<\/div>\n<div id=\"\" class=\"lsow-panel lsow-active\">\n<h1 class=\"lsow-panel-title\">Internacional<\/h1>\n<div class=\"lsow-panel-content\">\n<p><a href=\"https:\/\/www.google.com\/url?rct=j&amp;sa=t&amp;url=https:\/\/www.cope.es\/emisoras\/region-de-murcia\/murcia-provincia\/lorca\/puerto-lumbreras\/noticias\/tunez-aprovechemos-esta-crisis-para-construir-una-sociedad-basada-igualdad-oportunidades-20210308_1177995&amp;ct=ga&amp;cd=CAEYCioUMTM3MDE5NDU1ODkzNDkyMTg1MDcyGWUxZTc3ZDE1NjA5OGE4ZTM6ZXM6ZXM6RVM&amp;usg=AFQjCNHkCSficrLXr3ZyoSV0EeKfd_PFQA\">T\u00fanez: \u201caprovechemos esta crisis para construir una sociedad basada en la igualdad de &#8230;<\/a>&#8211;\u00a0COPE<\/p>\n<p><u><a href=\"https:\/\/elpais.com\/internacional\/2021-03-08\/kersti-kaljulaid-hay-que-tener-paciencia-estrategica-con-rusia.html\">Kersti Kaljulaid, Presidenta de Estonia: \u201cHay que tener paciencia estrat\u00e9gica con Rusia\u201d<\/a><\/u>-El Pa\u00eds<\/p>\n<p><u><a href=\"https:\/\/elpais.com\/internacional\/2021-03-09\/el-consejo-de-europa-alerta-del-deterioro-de-la-situacion-de-los-migrantes-en-el-mediterraneo.html\">El Consejo de Europa alerta del deterioro de la situaci\u00f3n de los migrantes en el Mediterr\u00e1neo<\/a><\/u>-El Pa\u00eds<\/p>\n<p><u><a href=\"https:\/\/www.mujeremprendedora.net\/pe-nombrara-dos-edificios-honor-clara-campoamor-sophie-scholl\/\">El PE nombrar\u00e1 dos edificios en honor a Clara Campoamor y Sophie Scholl<\/a><\/u>&#8211; Mujeremprendedora.net<\/p>\n<p><a href=\"https:\/\/www.google.com\/url?rct=j&amp;sa=t&amp;url=http:\/\/www.producto.com.ve\/pro\/marcas\/no-son-juegos-lego-empodera-las-ni&amp;ct=ga&amp;cd=CAEYACoSNzU4Nzk4MDU2NTU0MDQyNDY4MhljNTFlNTMzNmFmNmM0MzA1OmVzOmVzOkVT&amp;usg=AFQjCNHE0LkYGungSt07UQ8h0XN-xZ1tHg\">No son juegos: LEGO empodera a las ni\u00f1as<\/a>&#8211;\u00a0Producto<\/p>\n<p><a href=\"https:\/\/www.google.com\/url?rct=j&amp;sa=t&amp;url=https:\/\/www.swissinfo.ch\/spa\/d%25C3%25ADa-mujer-eeuu_la-violencia-de-g%25C3%25A9nero-aument%25C3%25B3-8-1---en-eeuu-tras-orden-confinamiento-en-2020\/46431406&amp;ct=ga&amp;cd=CAEYCSoUMTM3MDE5NDU1ODkzNDkyMTg1MDcyGWUxZTc3ZDE1NjA5OGE4ZTM6ZXM6ZXM6RVM&amp;usg=AFQjCNHgXxkL7OqZZM5Lh5z7cJCGoXXKwg\">La\u00a0violencia de g\u00e9nero\u00a0aument\u00f3 8,1 % en EEUU tras orden confinamiento en 2020<\/a>&#8211;\u00a0swissinfo.ch<\/p>\n<p><a href=\"https:\/\/www.google.com\/url?rct=j&amp;sa=t&amp;url=https:\/\/www.elle.com\/es\/belleza\/salud-fitness\/a35777083\/estudio-apple-salud-mujer-harvard\/&amp;ct=ga&amp;cd=CAEYACoUMTA4MjA1NzkxNTkyNTE0Njk1OTgyGWMwMzcyZWJjMmZlYWRhNTk6ZXM6ZXM6RVM&amp;usg=AFQjCNFs5U73pBqxZF5TWn92H3AH3nJWow\">Un estudio de Apple en Harvard dar\u00e1 a conocer c\u00f3mo influye la menstruaci\u00f3n en la salud de la &#8230;<\/a>&#8211;\u00a0elle.com<\/p>\n<p><a href=\"https:\/\/www.google.com\/url?rct=j&amp;sa=t&amp;url=https:\/\/www.france24.com\/es\/europa\/20210308-las-mujeres-detr%25C3%25A1s-de-la-vacuna-oxford-astrazeneca&amp;ct=ga&amp;cd=CAEYAyoUMTgwNDM0NzY1NDc4MjY1MzQ5NjQyGWMwMzcyZWJjMmZlYWRhNTk6ZXM6ZXM6RVM&amp;usg=AFQjCNFjgoP6adaT1U3U9u9aUxiMZQyboQ\">Las mujeres detr\u00e1s de la vacuna Oxford \/ AstraZeneca<\/a>&#8211;\u00a0France 24<\/p>\n<\/div>\n<\/div>\n<\/div><\/div><\/div><\/div><\/div>\n","protected":false},"excerpt":{"rendered":"<p>El Congreso rinde homenaje a las Constituyentes * Las obligaciones de las empresas en materia de igualdad * 10001 amigas ingenieras * Mujer y publicidad: los estereotipos de g\u00e9nero se resisten * 9M cuando abres los ojos<\/p>\n","protected":false},"author":3,"featured_media":22909,"comment_status":"closed","ping_status":"closed","sticky":false,"template":"","format":"standard","meta":{"footnotes":""},"categories":[298,621],"tags":[112,252],"class_list":["post-15295","post","type-post","status-publish","format-standard","has-post-thumbnail","hentry","category-newsletter","category-nwl-3-0","tag-estereotipos","tag-publicidad-sexista"],"yoast_head":"<!-- This site is optimized with the Yoast SEO plugin v27.5 - https:\/\/yoast.com\/product\/yoast-seo-wordpress\/ -->\n<title>Noticias Info CKL n\u00ba 2.557-10\/03\/21-Comunicar con perspectiva de g\u00e9nero<\/title>\n<meta name=\"description\" content=\"El Congreso rinde homenaje a las Constituyentes * Las obligaciones de las empresas en materia de igualdad * 10001 amigas ingenieras * Mujer y publicidad: los estereotipos de g\u00e9nero se resisten * 9M cuando abres los ojos\" \/>\n<meta name=\"robots\" content=\"index, follow, max-snippet:-1, max-image-preview:large, max-video-preview:-1\" \/>\n<link rel=\"canonical\" href=\"https:\/\/cklcomunicaciones.es\/coop\/noticias-info-ckl-no-2-557-10-03-21\/\" \/>\n<meta property=\"og:locale\" content=\"es_ES\" \/>\n<meta property=\"og:type\" content=\"article\" \/>\n<meta property=\"og:title\" content=\"Noticias Info CKL n\u00ba 2.557-10\/03\/21-Comunicar con perspectiva de g\u00e9nero\" \/>\n<meta property=\"og:description\" content=\"El Congreso rinde homenaje a las Constituyentes * Las obligaciones de las empresas en materia de igualdad * 10001 amigas ingenieras * Mujer y publicidad: los estereotipos de g\u00e9nero se resisten * 9M cuando abres los ojos\" \/>\n<meta property=\"og:url\" content=\"https:\/\/cklcomunicaciones.es\/coop\/noticias-info-ckl-no-2-557-10-03-21\/\" \/>\n<meta property=\"og:site_name\" content=\"CKL Comunicaciones\" \/>\n<meta property=\"article:published_time\" content=\"2021-03-10T14:15:11+00:00\" \/>\n<meta property=\"article:modified_time\" content=\"2025-02-10T19:59:21+00:00\" \/>\n<meta property=\"og:image\" content=\"https:\/\/cklcomunicaciones.es\/coop\/wp-content\/uploads\/2025\/01\/CKL-una-mirada-distinta-de-la-comunicacion.jpg\" \/>\n\t<meta property=\"og:image:width\" content=\"1482\" \/>\n\t<meta property=\"og:image:height\" content=\"775\" \/>\n\t<meta property=\"og:image:type\" content=\"image\/jpeg\" \/>\n<meta name=\"author\" content=\"ckl\" \/>\n<meta name=\"twitter:card\" content=\"summary_large_image\" \/>\n<meta name=\"twitter:label1\" content=\"Escrito por\" \/>\n\t<meta name=\"twitter:data1\" content=\"ckl\" \/>\n\t<meta name=\"twitter:label2\" content=\"Tiempo de lectura\" \/>\n\t<meta name=\"twitter:data2\" content=\"7 minutos\" \/>\n<script type=\"application\/ld+json\" class=\"yoast-schema-graph\">{\"@context\":\"https:\\\/\\\/schema.org\",\"@graph\":[{\"@type\":\"Article\",\"@id\":\"https:\\\/\\\/cklcomunicaciones.es\\\/coop\\\/noticias-info-ckl-no-2-557-10-03-21\\\/#article\",\"isPartOf\":{\"@id\":\"https:\\\/\\\/cklcomunicaciones.es\\\/coop\\\/noticias-info-ckl-no-2-557-10-03-21\\\/\"},\"author\":{\"name\":\"ckl\",\"@id\":\"https:\\\/\\\/cklcomunicaciones.es\\\/coop\\\/#\\\/schema\\\/person\\\/929a6837f7626450bbb50cee1aef266e\"},\"headline\":\"Noticias Info CKL n\u00ba 2.557-10\\\/03\\\/21\",\"datePublished\":\"2021-03-10T14:15:11+00:00\",\"dateModified\":\"2025-02-10T19:59:21+00:00\",\"mainEntityOfPage\":{\"@id\":\"https:\\\/\\\/cklcomunicaciones.es\\\/coop\\\/noticias-info-ckl-no-2-557-10-03-21\\\/\"},\"wordCount\":1538,\"image\":{\"@id\":\"https:\\\/\\\/cklcomunicaciones.es\\\/coop\\\/noticias-info-ckl-no-2-557-10-03-21\\\/#primaryimage\"},\"thumbnailUrl\":\"https:\\\/\\\/cklcomunicaciones.es\\\/coop\\\/wp-content\\\/uploads\\\/2025\\\/01\\\/CKL-una-mirada-distinta-de-la-comunicacion.jpg\",\"keywords\":[\"estereotipos\",\"publicidad sexista\"],\"articleSection\":[\"Newsletter\",\"Nwl v3.0\"],\"inLanguage\":\"es\"},{\"@type\":\"WebPage\",\"@id\":\"https:\\\/\\\/cklcomunicaciones.es\\\/coop\\\/noticias-info-ckl-no-2-557-10-03-21\\\/\",\"url\":\"https:\\\/\\\/cklcomunicaciones.es\\\/coop\\\/noticias-info-ckl-no-2-557-10-03-21\\\/\",\"name\":\"Noticias Info CKL n\u00ba 2.557-10\\\/03\\\/21-Comunicar con perspectiva de g\u00e9nero\",\"isPartOf\":{\"@id\":\"https:\\\/\\\/cklcomunicaciones.es\\\/coop\\\/#website\"},\"primaryImageOfPage\":{\"@id\":\"https:\\\/\\\/cklcomunicaciones.es\\\/coop\\\/noticias-info-ckl-no-2-557-10-03-21\\\/#primaryimage\"},\"image\":{\"@id\":\"https:\\\/\\\/cklcomunicaciones.es\\\/coop\\\/noticias-info-ckl-no-2-557-10-03-21\\\/#primaryimage\"},\"thumbnailUrl\":\"https:\\\/\\\/cklcomunicaciones.es\\\/coop\\\/wp-content\\\/uploads\\\/2025\\\/01\\\/CKL-una-mirada-distinta-de-la-comunicacion.jpg\",\"datePublished\":\"2021-03-10T14:15:11+00:00\",\"dateModified\":\"2025-02-10T19:59:21+00:00\",\"author\":{\"@id\":\"https:\\\/\\\/cklcomunicaciones.es\\\/coop\\\/#\\\/schema\\\/person\\\/929a6837f7626450bbb50cee1aef266e\"},\"description\":\"El Congreso rinde homenaje a las Constituyentes * Las obligaciones de las empresas en materia de igualdad * 10001 amigas ingenieras * Mujer y publicidad: los estereotipos de g\u00e9nero se resisten * 9M cuando abres los ojos\",\"breadcrumb\":{\"@id\":\"https:\\\/\\\/cklcomunicaciones.es\\\/coop\\\/noticias-info-ckl-no-2-557-10-03-21\\\/#breadcrumb\"},\"inLanguage\":\"es\",\"potentialAction\":[{\"@type\":\"ReadAction\",\"target\":[\"https:\\\/\\\/cklcomunicaciones.es\\\/coop\\\/noticias-info-ckl-no-2-557-10-03-21\\\/\"]}]},{\"@type\":\"ImageObject\",\"inLanguage\":\"es\",\"@id\":\"https:\\\/\\\/cklcomunicaciones.es\\\/coop\\\/noticias-info-ckl-no-2-557-10-03-21\\\/#primaryimage\",\"url\":\"https:\\\/\\\/cklcomunicaciones.es\\\/coop\\\/wp-content\\\/uploads\\\/2025\\\/01\\\/CKL-una-mirada-distinta-de-la-comunicacion.jpg\",\"contentUrl\":\"https:\\\/\\\/cklcomunicaciones.es\\\/coop\\\/wp-content\\\/uploads\\\/2025\\\/01\\\/CKL-una-mirada-distinta-de-la-comunicacion.jpg\",\"width\":1482,\"height\":775,\"caption\":\"CKL - una mirada distinta de la comunicacion\"},{\"@type\":\"BreadcrumbList\",\"@id\":\"https:\\\/\\\/cklcomunicaciones.es\\\/coop\\\/noticias-info-ckl-no-2-557-10-03-21\\\/#breadcrumb\",\"itemListElement\":[{\"@type\":\"ListItem\",\"position\":1,\"name\":\"Portada\",\"item\":\"https:\\\/\\\/cklcomunicaciones.es\\\/coop\\\/\"},{\"@type\":\"ListItem\",\"position\":2,\"name\":\"Noticias Info CKL n\u00ba 2.557-10\\\/03\\\/21\"}]},{\"@type\":\"WebSite\",\"@id\":\"https:\\\/\\\/cklcomunicaciones.es\\\/coop\\\/#website\",\"url\":\"https:\\\/\\\/cklcomunicaciones.es\\\/coop\\\/\",\"name\":\"CKL Comunicaciones\",\"description\":\"Sitio web de CKL Comunicaciones coop , la consultora de comunicaci\u00f3n y estrategia\",\"potentialAction\":[{\"@type\":\"SearchAction\",\"target\":{\"@type\":\"EntryPoint\",\"urlTemplate\":\"https:\\\/\\\/cklcomunicaciones.es\\\/coop\\\/?s={search_term_string}\"},\"query-input\":{\"@type\":\"PropertyValueSpecification\",\"valueRequired\":true,\"valueName\":\"search_term_string\"}}],\"inLanguage\":\"es\"},{\"@type\":\"Person\",\"@id\":\"https:\\\/\\\/cklcomunicaciones.es\\\/coop\\\/#\\\/schema\\\/person\\\/929a6837f7626450bbb50cee1aef266e\",\"name\":\"ckl\",\"image\":{\"@type\":\"ImageObject\",\"inLanguage\":\"es\",\"@id\":\"https:\\\/\\\/secure.gravatar.com\\\/avatar\\\/c82db564e8a669bf6023357a157b9dc4780f4d4c618f2ad1d71a6a5dede45057?s=96&d=mm&r=g\",\"url\":\"https:\\\/\\\/secure.gravatar.com\\\/avatar\\\/c82db564e8a669bf6023357a157b9dc4780f4d4c618f2ad1d71a6a5dede45057?s=96&d=mm&r=g\",\"contentUrl\":\"https:\\\/\\\/secure.gravatar.com\\\/avatar\\\/c82db564e8a669bf6023357a157b9dc4780f4d4c618f2ad1d71a6a5dede45057?s=96&d=mm&r=g\",\"caption\":\"ckl\"},\"url\":\"https:\\\/\\\/cklcomunicaciones.es\\\/coop\\\/author\\\/cklcomunicaciones\\\/\"}]}<\/script>\n<!-- \/ Yoast SEO plugin. -->","yoast_head_json":{"title":"Noticias Info CKL n\u00ba 2.557-10\/03\/21-Comunicar con perspectiva de g\u00e9nero","description":"El Congreso rinde homenaje a las Constituyentes * Las obligaciones de las empresas en materia de igualdad * 10001 amigas ingenieras * Mujer y publicidad: los estereotipos de g\u00e9nero se resisten * 9M cuando abres los ojos","robots":{"index":"index","follow":"follow","max-snippet":"max-snippet:-1","max-image-preview":"max-image-preview:large","max-video-preview":"max-video-preview:-1"},"canonical":"https:\/\/cklcomunicaciones.es\/coop\/noticias-info-ckl-no-2-557-10-03-21\/","og_locale":"es_ES","og_type":"article","og_title":"Noticias Info CKL n\u00ba 2.557-10\/03\/21-Comunicar con perspectiva de g\u00e9nero","og_description":"El Congreso rinde homenaje a las Constituyentes * Las obligaciones de las empresas en materia de igualdad * 10001 amigas ingenieras * Mujer y publicidad: los estereotipos de g\u00e9nero se resisten * 9M cuando abres los ojos","og_url":"https:\/\/cklcomunicaciones.es\/coop\/noticias-info-ckl-no-2-557-10-03-21\/","og_site_name":"CKL Comunicaciones","article_published_time":"2021-03-10T14:15:11+00:00","article_modified_time":"2025-02-10T19:59:21+00:00","og_image":[{"width":1482,"height":775,"url":"https:\/\/cklcomunicaciones.es\/coop\/wp-content\/uploads\/2025\/01\/CKL-una-mirada-distinta-de-la-comunicacion.jpg","type":"image\/jpeg"}],"author":"ckl","twitter_card":"summary_large_image","twitter_misc":{"Escrito por":"ckl","Tiempo de lectura":"7 minutos"},"schema":{"@context":"https:\/\/schema.org","@graph":[{"@type":"Article","@id":"https:\/\/cklcomunicaciones.es\/coop\/noticias-info-ckl-no-2-557-10-03-21\/#article","isPartOf":{"@id":"https:\/\/cklcomunicaciones.es\/coop\/noticias-info-ckl-no-2-557-10-03-21\/"},"author":{"name":"ckl","@id":"https:\/\/cklcomunicaciones.es\/coop\/#\/schema\/person\/929a6837f7626450bbb50cee1aef266e"},"headline":"Noticias Info CKL n\u00ba 2.557-10\/03\/21","datePublished":"2021-03-10T14:15:11+00:00","dateModified":"2025-02-10T19:59:21+00:00","mainEntityOfPage":{"@id":"https:\/\/cklcomunicaciones.es\/coop\/noticias-info-ckl-no-2-557-10-03-21\/"},"wordCount":1538,"image":{"@id":"https:\/\/cklcomunicaciones.es\/coop\/noticias-info-ckl-no-2-557-10-03-21\/#primaryimage"},"thumbnailUrl":"https:\/\/cklcomunicaciones.es\/coop\/wp-content\/uploads\/2025\/01\/CKL-una-mirada-distinta-de-la-comunicacion.jpg","keywords":["estereotipos","publicidad sexista"],"articleSection":["Newsletter","Nwl v3.0"],"inLanguage":"es"},{"@type":"WebPage","@id":"https:\/\/cklcomunicaciones.es\/coop\/noticias-info-ckl-no-2-557-10-03-21\/","url":"https:\/\/cklcomunicaciones.es\/coop\/noticias-info-ckl-no-2-557-10-03-21\/","name":"Noticias Info CKL n\u00ba 2.557-10\/03\/21-Comunicar con perspectiva de g\u00e9nero","isPartOf":{"@id":"https:\/\/cklcomunicaciones.es\/coop\/#website"},"primaryImageOfPage":{"@id":"https:\/\/cklcomunicaciones.es\/coop\/noticias-info-ckl-no-2-557-10-03-21\/#primaryimage"},"image":{"@id":"https:\/\/cklcomunicaciones.es\/coop\/noticias-info-ckl-no-2-557-10-03-21\/#primaryimage"},"thumbnailUrl":"https:\/\/cklcomunicaciones.es\/coop\/wp-content\/uploads\/2025\/01\/CKL-una-mirada-distinta-de-la-comunicacion.jpg","datePublished":"2021-03-10T14:15:11+00:00","dateModified":"2025-02-10T19:59:21+00:00","author":{"@id":"https:\/\/cklcomunicaciones.es\/coop\/#\/schema\/person\/929a6837f7626450bbb50cee1aef266e"},"description":"El Congreso rinde homenaje a las Constituyentes * Las obligaciones de las empresas en materia de igualdad * 10001 amigas ingenieras * Mujer y publicidad: los estereotipos de g\u00e9nero se resisten * 9M cuando abres los ojos","breadcrumb":{"@id":"https:\/\/cklcomunicaciones.es\/coop\/noticias-info-ckl-no-2-557-10-03-21\/#breadcrumb"},"inLanguage":"es","potentialAction":[{"@type":"ReadAction","target":["https:\/\/cklcomunicaciones.es\/coop\/noticias-info-ckl-no-2-557-10-03-21\/"]}]},{"@type":"ImageObject","inLanguage":"es","@id":"https:\/\/cklcomunicaciones.es\/coop\/noticias-info-ckl-no-2-557-10-03-21\/#primaryimage","url":"https:\/\/cklcomunicaciones.es\/coop\/wp-content\/uploads\/2025\/01\/CKL-una-mirada-distinta-de-la-comunicacion.jpg","contentUrl":"https:\/\/cklcomunicaciones.es\/coop\/wp-content\/uploads\/2025\/01\/CKL-una-mirada-distinta-de-la-comunicacion.jpg","width":1482,"height":775,"caption":"CKL - una mirada distinta de la comunicacion"},{"@type":"BreadcrumbList","@id":"https:\/\/cklcomunicaciones.es\/coop\/noticias-info-ckl-no-2-557-10-03-21\/#breadcrumb","itemListElement":[{"@type":"ListItem","position":1,"name":"Portada","item":"https:\/\/cklcomunicaciones.es\/coop\/"},{"@type":"ListItem","position":2,"name":"Noticias Info CKL n\u00ba 2.557-10\/03\/21"}]},{"@type":"WebSite","@id":"https:\/\/cklcomunicaciones.es\/coop\/#website","url":"https:\/\/cklcomunicaciones.es\/coop\/","name":"CKL Comunicaciones","description":"Sitio web de CKL Comunicaciones coop , la consultora de comunicaci\u00f3n y estrategia","potentialAction":[{"@type":"SearchAction","target":{"@type":"EntryPoint","urlTemplate":"https:\/\/cklcomunicaciones.es\/coop\/?s={search_term_string}"},"query-input":{"@type":"PropertyValueSpecification","valueRequired":true,"valueName":"search_term_string"}}],"inLanguage":"es"},{"@type":"Person","@id":"https:\/\/cklcomunicaciones.es\/coop\/#\/schema\/person\/929a6837f7626450bbb50cee1aef266e","name":"ckl","image":{"@type":"ImageObject","inLanguage":"es","@id":"https:\/\/secure.gravatar.com\/avatar\/c82db564e8a669bf6023357a157b9dc4780f4d4c618f2ad1d71a6a5dede45057?s=96&d=mm&r=g","url":"https:\/\/secure.gravatar.com\/avatar\/c82db564e8a669bf6023357a157b9dc4780f4d4c618f2ad1d71a6a5dede45057?s=96&d=mm&r=g","contentUrl":"https:\/\/secure.gravatar.com\/avatar\/c82db564e8a669bf6023357a157b9dc4780f4d4c618f2ad1d71a6a5dede45057?s=96&d=mm&r=g","caption":"ckl"},"url":"https:\/\/cklcomunicaciones.es\/coop\/author\/cklcomunicaciones\/"}]}},"_links":{"self":[{"href":"https:\/\/cklcomunicaciones.es\/coop\/wp-json\/wp\/v2\/posts\/15295","targetHints":{"allow":["GET"]}}],"collection":[{"href":"https:\/\/cklcomunicaciones.es\/coop\/wp-json\/wp\/v2\/posts"}],"about":[{"href":"https:\/\/cklcomunicaciones.es\/coop\/wp-json\/wp\/v2\/types\/post"}],"author":[{"embeddable":true,"href":"https:\/\/cklcomunicaciones.es\/coop\/wp-json\/wp\/v2\/users\/3"}],"replies":[{"embeddable":true,"href":"https:\/\/cklcomunicaciones.es\/coop\/wp-json\/wp\/v2\/comments?post=15295"}],"version-history":[{"count":0,"href":"https:\/\/cklcomunicaciones.es\/coop\/wp-json\/wp\/v2\/posts\/15295\/revisions"}],"wp:featuredmedia":[{"embeddable":true,"href":"https:\/\/cklcomunicaciones.es\/coop\/wp-json\/wp\/v2\/media\/22909"}],"wp:attachment":[{"href":"https:\/\/cklcomunicaciones.es\/coop\/wp-json\/wp\/v2\/media?parent=15295"}],"wp:term":[{"taxonomy":"category","embeddable":true,"href":"https:\/\/cklcomunicaciones.es\/coop\/wp-json\/wp\/v2\/categories?post=15295"},{"taxonomy":"post_tag","embeddable":true,"href":"https:\/\/cklcomunicaciones.es\/coop\/wp-json\/wp\/v2\/tags?post=15295"}],"curies":[{"name":"wp","href":"https:\/\/api.w.org\/{rel}","templated":true}]}}